{"id":484624,"date":"2026-01-15T15:40:03","date_gmt":"2026-01-15T14:40:03","guid":{"rendered":"https:\/\/www.dynseo.com\/interprofessionelle-ausbildung-im-team-mit-einem-autistischen-kind-arbeiten-dynseo\/"},"modified":"2026-03-08T00:04:40","modified_gmt":"2026-03-07T23:04:40","slug":"interprofessionelle-ausbildung-im-team-mit-einem-autistischen-kind-arbeiten-dynseo","status":"publish","type":"post","link":"https:\/\/www.dynseo.com\/de\/interprofessionelle-ausbildung-im-team-mit-einem-autistischen-kind-arbeiten-dynseo\/","title":{"rendered":"Interprofessionelle Ausbildung: Im Team mit einem autistischen Kind arbeiten | DYNSEO"},"content":{"rendered":"<p>[et_pb_section fb_built=&#8220;1&#8243; admin_label=&#8220;Article HTML&#8220; _builder_version=&#8220;4.16&#8243; custom_padding=&#8220;0px||0px||false|false&#8220; global_colors_info=&#8220;{}&#8220;][et_pb_row admin_label=&#8220;Contenu&#8220; _builder_version=&#8220;4.16&#8243; width=&#8220;100%&#8220; max_width=&#8220;100%&#8220; custom_padding=&#8220;0px||0px||false|false&#8220; global_colors_info=&#8220;{}&#8220;][et_pb_column type=&#8220;4_4&#8243; _builder_version=&#8220;4.16&#8243; global_colors_info=&#8220;{}&#8220;][et_pb_code admin_label=&#8220;HTML import\u00e9&#8220; _builder_version=&#8220;4.16&#8243; global_colors_info=&#8220;{}&#8220;]<\/p>\n<style type=\"text\/css\">\n.dbi-art-293860 * { margin: 0; padding: 0; box-sizing: border-box; }\n.dbi-art-293860 { font-family: 'Segoe UI', Tahoma, Geneva, Verdana, sans-serif; line-height: 1.8; color: #333; background-color: #f8f9fa; }\n.dbi-art-293860 .container { max-width: 900px; margin: 0 auto; padding: 20px; }\n.dbi-art-293860 .article-header { background: linear-gradient(135deg, #11998e 0%, #38ef7d 100%); color: white; padding: 60px 20px; text-align: center; border-radius: 0 0 30px 30px; margin-bottom: 40px; }\n.dbi-art-293860 .article-category { display: inline-block; background: rgba(255,255,255,0.2); padding: 8px 20px; border-radius: 25px; font-size: 0.9rem; margin-bottom: 20px; }\n.dbi-art-293860 .article-header h1 { font-size: 2.5rem; margin-bottom: 20px; text-shadow: 2px 2px 4px rgba(0,0,0,0.2); }\n.dbi-art-293860 .article-header .subtitle { font-size: 1.2rem; opacity: 0.95; max-width: 700px; margin: 0 auto; }\n.dbi-art-293860 .intro-paragraph { font-size: 1.15rem; color: #555; padding: 30px; background: white; border-radius: 15px; border-left: 5px solid #11998e; margin-bottom: 40px; box-shadow: 0 5px 20px rgba(0,0,0,0.08); }\n.dbi-art-293860 h2 { color: #11998e; font-size: 1.9rem; margin: 50px 0 25px; padding-bottom: 15px; border-bottom: 3px solid #11998e; }\n.dbi-art-293860 h3 { color: #0d7d6c; font-size: 1.4rem; margin: 35px 0 20px; }\n.dbi-art-293860 p { margin-bottom: 20px; text-align: justify; }\n.dbi-art-293860 .highlight-box { background: linear-gradient(135deg, #d4fc79 0%, #96e6a1 100%); padding: 30px; border-radius: 15px; margin: 30px 0; }\n.dbi-art-293860 .highlight-box h4 { color: #0d5c4f; margin-bottom: 15px; font-size: 1.3rem; }\n.dbi-art-293860 .stats-grid { display: grid; grid-template-columns: repeat(3, 1fr); gap: 20px; margin: 30px 0; }\n.dbi-art-293860 .stat-card { background: white; padding: 25px; border-radius: 15px; text-align: center; box-shadow: 0 5px 20px rgba(0,0,0,0.08); }\n.dbi-art-293860 .stat-number { font-size: 2.5rem; font-weight: bold; color: #11998e; display: block; }\n.dbi-art-293860 .stat-label { color: #666; font-size: 0.95rem; margin-top: 10px; }\n.dbi-art-293860 .program-card { background: white; border-radius: 20px; overflow: hidden; box-shadow: 0 10px 40px rgba(0,0,0,0.15); margin: 40px 0; }\n.dbi-art-293860 .program-card img { width: 100%; height: auto; display: block; }\n.dbi-art-293860 .program-card-content { padding: 30px; }\n.dbi-art-293860 .program-card-content h4 { color: #11998e; font-size: 1.5rem; margin-bottom: 15px; }\n.dbi-art-293860 .cta-button { display: inline-block; background: linear-gradient(135deg, #11998e 0%, #38ef7d 100%); color: white; padding: 15px 35px; border-radius: 30px; text-decoration: none; font-weight: bold; margin-top: 20px; }\n.dbi-art-293860 .testimonial { background: linear-gradient(135deg, #11998e 0%, #38ef7d 100%); color: white; padding: 40px; border-radius: 20px; margin: 40px 0; position: relative; }\n.dbi-art-293860 .testimonial::before { content: '\"'; font-size: 120px; position: absolute; top: -20px; left: 20px; opacity: 0.2; font-family: Georgia, serif; }\n.dbi-art-293860 .testimonial p { font-size: 1.15rem; font-style: italic; position: relative; z-index: 1; text-align: left; }\n.dbi-art-293860 .testimonial .author { margin-top: 20px; font-weight: bold; font-style: normal; }\n.dbi-art-293860 .checklist { background: white; padding: 30px; border-radius: 15px; box-shadow: 0 5px 20px rgba(0,0,0,0.08); margin: 25px 0; }\n.dbi-art-293860 .checklist ul { list-style: none; padding: 0; }\n.dbi-art-293860 .checklist li { padding: 12px 0; border-bottom: 1px solid #eee; padding-left: 35px; position: relative; }\n.dbi-art-293860 .checklist li::before { content: '\u2713'; position: absolute; left: 0; color: #11998e; font-weight: bold; }\n.dbi-art-293860 .checklist li:last-child { border-bottom: none; }\n.dbi-art-293860 .table-responsive { overflow-x: auto; margin: 25px 0; }\n.dbi-art-293860 table { width: 100%; border-collapse: collapse; background: white; border-radius: 15px; overflow: hidden; box-shadow: 0 5px 20px rgba(0,0,0,0.08); }\n.dbi-art-293860 th, .dbi-art-293860 td { padding: 15px; text-align: left; border-bottom: 1px solid #eee; }\n.dbi-art-293860 th { background: linear-gradient(135deg, #11998e 0%, #38ef7d 100%); color: white; }\n.dbi-art-293860 .conclusion { background: linear-gradient(135deg, #f5f7fa 0%, #e4e8ec 100%); padding: 40px; border-radius: 20px; margin-top: 50px; }\n.dbi-art-293860 .conclusion h2 { border-bottom: none; margin-top: 0; }\n.dbi-art-293860 .article-footer { text-align: center; padding: 50px 20px; background: linear-gradient(135deg, #11998e 0%, #38ef7d 100%); color: white; border-radius: 30px 30px 0 0; margin-top: 60px; }\n.dbi-art-293860 .article-footer h3 { color: white; margin-bottom: 20px; }\n.dbi-art-293860 .article-footer a { color: white; text-decoration: underline; }\n@media (max-width: 768px) {\n.dbi-art-293860 .article-header h1 { font-size: 1.8rem; }\n.dbi-art-293860 .stats-grid { grid-template-columns: 1fr; }\n.dbi-art-293860 .article-header { padding: 40px 15px; }\n.dbi-art-293860 .container { padding: 15px; }\n.dbi-art-293860 h2 { font-size: 1.5rem; }\n}<\/p>\n<\/style>\n<div class=\"dbi-art-293860\">\n<article>\n<header class=\"article-header\">\n<div class=\"article-category\">Teamarbeit<\/div>\n<h1>Interprofessionelle Ausbildung: Im Team um ein autistisches Kind arbeiten<\/h1>\n<pee class=\"subtitle\">Entwicklung einer effektiven Zusammenarbeit zwischen den verschiedenen Fachleuten f\u00fcr eine koh\u00e4rente und individuelle Unterst\u00fctzung<\/pee>\n        <\/header>\n<div class=\"container\">\n            <pee class=\"intro-paragraph\">\n                Die Unterst\u00fctzung eines autistischen Kindes erfordert in der Regel viele Fachleute: Logop\u00e4den, Psychomotoriker, Psychologen, Erzieher, Lehrer, \u00c4rzte. Die Koordination dieser Fachkr\u00e4fte ist ein zentrales Anliegen f\u00fcr die Qualit\u00e4t der Betreuung. Interprofessionelle Ausbildungen erm\u00f6glichen es den verschiedenen Akteuren, eine gemeinsame Sprache, koh\u00e4rente Praktiken und eine effektive Zusammenarbeit zu entwickeln. Dieser Artikel untersucht die Herausforderungen dieser gemeinsamen Ausbildung und schl\u00e4gt Ans\u00e4tze f\u00fcr deren Umsetzung vor.\n            <\/pee>\n<h2>Warum eine interprofessionelle Ausbildung?<\/h2>\n<pee>\n                Ein autistisches Kind kann von 5 bis 10 verschiedenen Fachleuten betreut werden, jeder mit seiner Spezialisierung, seinen theoretischen Referenzen und seinem Vokabular. Ohne Koordination besteht die Gefahr, dass diese Interventionen inkoh\u00e4rent oder sogar widerspr\u00fcchlich sind. Das Kind erh\u00e4lt je nach Kontext unterschiedliche Botschaften, was seine Lernprozesse kompliziert und Verwirrung stiften kann.\n            <\/pee>\n<pee>\n                Die interprofessionelle Ausbildung zielt darauf ab, eine gemeinsame Kultur rund um Autismus und dessen Unterst\u00fctzung zu schaffen. Sie erm\u00f6glicht es jedem, die Rolle der anderen Fachleute zu verstehen, ein gemeinsames Wissensfundament \u00fcber Autismus zu teilen und Kompetenzen zur Zusammenarbeit zu entwickeln. Ziel ist eine koordinierte Betreuung, in der die Ma\u00dfnahmen jedes Einzelnen sich gegenseitig st\u00e4rken.\n            <\/pee>\n<div class=\"stats-grid\">\n<div class=\"stat-card\">\n                    <span class=\"stat-number\">5-8<\/span><br \/>\n                    <span class=\"stat-label\">Fachleute im Durchschnitt um ein autistisches Kind<\/span>\n                <\/div>\n<div class=\"stat-card\">\n                    <span class=\"stat-number\">+35%<\/span><br \/>\n                    <span class=\"stat-label\">Effektivit\u00e4t mit einem koordinierten Team<\/span>\n                <\/div>\n<div class=\"stat-card\">\n                    <span class=\"stat-number\">78%<\/span><br \/>\n                    <span class=\"stat-label\">der Familien w\u00fcnschen sich eine bessere Koordination<\/span>\n                <\/div>\n<\/p><\/div>\n<h2>Die beteiligten Fachleute und ihre Rollen<\/h2>\n<div class=\"table-responsive\">\n<table>\n<thead>\n<tr>\n<th>Fachmann<\/th>\n<th>Hauptrolle<\/th>\n<th>Beitrag zum Team<\/th>\n<\/tr>\n<\/thead>\n<tbody>\n<tr>\n<td>Arzt (P\u00e4diater, Kinder- und Jugendpsychiater)<\/td>\n<td>Diagnose, medizinische Betreuung, Koordination<\/td>\n<td>Gesamt\u00fcbersicht, Verschreibungen, Verbindungen zum medizinisch-sozialen Bereich<\/td>\n<\/tr>\n<tr>\n<td>Psychologe<\/td>\n<td>Bewertung, psychologische Intervention, Beratung<\/td>\n<td>Funktionsanalyse, emotionale Unterst\u00fctzung, famili\u00e4re Begleitung<\/td>\n<\/tr>\n<tr>\n<td>Logop\u00e4de<\/td>\n<td>Kommunikation, Sprache, Schlucken<\/td>\n<td>Kommunikationsstrategien, CAA-Werkzeuge<\/td>\n<\/tr>\n<tr>\n<td>Psychomotoriker \/ Ergotherapeut<\/td>\n<td>Motorik, Sensorik, Autonomie<\/td>\n<td>Sensorisches Profil, Umweltanpassungen<\/td>\n<\/tr>\n<tr>\n<td>Heilp\u00e4dagoge<\/td>\n<td>Soziale Lernprozesse, t\u00e4gliche Autonomie<\/td>\n<td>Umsetzung der Programme im Alltag<\/td>\n<\/tr>\n<tr>\n<td>Lehrer \/ AESH<\/td>\n<td>Schulische Lernprozesse, Inklusion<\/td>\n<td>P\u00e4dagogische Anpassungen, Beobachtungen im Unterricht<\/td>\n<\/tr>\n<\/tbody>\n<\/table><\/div>\n<h2>Die Inhalte einer interprofessionellen Ausbildung<\/h2>\n<h3>Ein gemeinsames Wissensfundament \u00fcber Autismus<\/h3>\n<pee>\n                Alle Fachleute m\u00fcssen ein gemeinsames Verst\u00e4ndnis von Autismus teilen: seine Merkmale (Kommunikation, soziale Interaktionen, eingeschr\u00e4nkte und repetitive Verhaltensweisen), seine Vielfalt (breites Spektrum), seine sensorischen und kognitiven Besonderheiten. Dieses gemeinsame Fundament vermeidet Missverst\u00e4ndnisse und erm\u00f6glicht es jedem, seine Intervention in eine ganzheitliche Sichtweise der Person einzuordnen.\n            <\/pee>\n<h3>Die Kompetenzen zur Zusammenarbeit<\/h3>\n<pee>\n                \u00dcber das Wissen hinaus entwickelt die Ausbildung Kompetenzen zur Zusammenarbeit: Kommunikation zwischen Fachleuten (m\u00fcndlich, schriftlich, formell, informell), Erstellung und Verfolgung eines gemeinsamen individuellen Projekts, Organisation effektiver Meetings, Umgang mit Meinungsverschiedenheiten, Respekt vor den Kompetenzen jedes Einzelnen. Diese \u00fcbergreifenden Kompetenzen werden in den Grundausbildungen selten gelehrt.\n            <\/pee>\n<div class=\"highlight-box\">\n<h4>Das individuelle Projekt als roter Faden<\/h4>\n<pee>Das individuelle Begleitprojekt (IBP) ist das zentrale Dokument, das das Team um gemeinsame Ziele vereint. Seine kollektive Erstellung, an der alle Fachleute und die Familie beteiligt sind, gew\u00e4hrleistet die Koh\u00e4renz der Interventionen. Jeder Fachmann formuliert darin operative Ziele in seinem Bereich, die mit denen der anderen abgestimmt sind. Die regelm\u00e4\u00dfige \u00dcberpr\u00fcfung des IBP im Team erh\u00e4lt die kooperative Dynamik.<\/pee>\n            <\/div>\n<h2>Die Koordination im Alltag organisieren<\/h2>\n<h3>Die Besprechungszeiten<\/h3>\n<pee>\n                Regelm\u00e4\u00dfige Besprechungszeiten sind unerl\u00e4sslich: Periodische Synthesebesprechungen (viertelj\u00e4hrlich oder halbj\u00e4hrlich) mit dem gesamten Team und der Familie, engere Zwischenbesprechungen zur Anpassung der Interventionen, informelle Austauschm\u00f6glichkeiten, die durch Kommunikationsmittel erleichtert werden. Die Ausbildung lehrt, diese Zeiten effektiv und produktiv zu gestalten.\n            <\/pee>\n<h3>Die Werkzeuge zum Informationsaustausch<\/h3>\n<pee>\n                Kommunikationsmittel erleichtern den Austausch im Alltag: \u00dcbergabebuch, gemeinsames Dossier, sichere Nachrichten\u00fcbermittlung, Nachverfolgungsanwendung. Die Wahl der Werkzeuge h\u00e4ngt von den Kontexten und den Anforderungen jedes Teams ab. Wichtig ist, dass die Informationen reibungslos flie\u00dfen und jeder \u00fcber wichtige Entwicklungen informiert ist.\n            <\/pee>\n<p>            <a href=\"https:\/\/www.dynseo.com\/de\/coco-uberlegt-und-coco-bewegetsich-lernsoftware\/\" target=\"_blank\"><\/p>\n<div class=\"program-card\">\n                    <img %%SRC_11%% alt=\"Programme COCO\"><\/p>\n<div class=\"program-card-content\">\n<h4>COCO: Ein von dem Team teilbares Werkzeug<\/h4>\n<pee>Das Programm COCO PENSE und COCO BOUGE von DYNSEO kann als gemeinsames Werkzeug f\u00fcr das gesamte Team verwendet werden. Jeder Fachmann kann es mit dem Kind in seinem Interventionskontext nutzen, und die Nachverfolgungsdaten werden geteilt. Diese koh\u00e4rente Nutzung verst\u00e4rkt die Wirkung der Interventionen und erleichtert die Nachverfolgung der Fortschritte. Es ist ein Beispiel f\u00fcr ein Werkzeug, das die Praktiken vereinheitlichen kann.<\/pee>\n                        <a href=\"https:\/\/www.dynseo.com\/de\/coco-uberlegt-und-coco-bewegetsich-lernsoftware\/\" class=\"cta-button\">COCO entdecken<\/a>\n                    <\/div>\n<\/p><\/div>\n<p>            <\/a><\/p>\n<h2>Die zentrale Rolle der Familie<\/h2>\n<pee>\n                In dem Team um das Kind nehmen die Eltern eine zentrale Rolle ein. Sie sind die Experten ihres Kindes, t\u00e4glich pr\u00e4sent und Garant f\u00fcr die Kontinuit\u00e4t. Die interprofessionelle Ausbildung betont die Partnerschaft mit den Familien: das Zuh\u00f6ren ihrer Beobachtungen und Priorit\u00e4ten, die \u00dcbermittlung der von den Fachleuten verwendeten Strategien, die Unterst\u00fctzung in ihrer Rolle, der Respekt vor ihrer Expertise.\n            <\/pee>\n<pee>\n                Die Familien nehmen an den Synthesebesprechungen und an der Erstellung des individuellen Projekts teil. Sie erhalten klare Informationen \u00fcber die Interventionen jedes Fachmanns. Zeiten der Elternberatung erm\u00f6glichen es ihnen, die von den Fachleuten verwendeten Techniken im Alltag zu \u00fcbertragen.\n            <\/pee>\n<p>            <a href=\"https:\/\/www.dynseo.com\/de\/courses\/accompagner-un-enfant-avec-autisme-cles-et-solutions-au-quotidien\/\" target=\"_blank\"><\/p>\n<div class=\"program-card\">\n                    <img %%SRC_12%% alt=\"Formation DYNSEO\"><\/p>\n<div class=\"program-card-content\">\n<h4>DYNSEO Ausbildung: Ein gemeinsames Fundament<\/h4>\n<pee>Die Ausbildung &#8222;Ein Kind mit Autismus begleiten: Schl\u00fcssel und L\u00f6sungen f\u00fcr den Alltag&#8220; von DYNSEO kann ein gemeinsames Fundament f\u00fcr alle Mitglieder des Teams, Fachleute und Eltern, darstellen. Durch das Teilen des gleichen Wissens und der gleichen Strategien gewinnt das Team an Koh\u00e4renz und Effektivit\u00e4t.<\/pee>\n                        <a href=\"https:\/\/www.dynseo.com\/de\/courses\/accompagner-un-enfant-avec-autisme-cles-et-solutions-au-quotidien\/\" class=\"cta-button\">Die Ausbildung entdecken<\/a>\n                    <\/div>\n<\/p><\/div>\n<p>            <\/a><\/p>\n<div class=\"testimonial\">\n                <pee>&#8222;Die interprofessionelle Ausbildung hat unsere Arbeitsweise ver\u00e4ndert. Fr\u00fcher hat jeder in seinem eigenen Bereich gearbeitet. Jetzt teilen wir wirklich, bereichern uns gegenseitig und vor allem profitiert das Kind von einer koh\u00e4renten Betreuung. Die Eltern sagen uns, dass sie den Unterschied im Alltag sehen.&#8220;<\/pee>\n                <pee class=\"author\">\u2014 Logop\u00e4de, multidisziplin\u00e4res Autismus-Team<\/pee>\n            <\/div>\n<div class=\"checklist\">\n<ul>\n<li>Ein gemeinsames Wissensfundament \u00fcber Autismus teilen<\/li>\n<li>Die Rolle und die Kompetenzen jedes Fachmanns kennen<\/li>\n<li>Gemeinsam das individuelle Projekt des Kindes entwickeln<\/li>\n<li>Regelm\u00e4\u00dfige und effektive Besprechungszeiten organisieren<\/li>\n<li>Geeignete Werkzeuge zum Informationsaustausch nutzen<\/li>\n<li>Die Eltern vollst\u00e4ndig als Partner integrieren<\/li>\n<li>Konstruktiv mit Meinungsverschiedenheiten umgehen<\/li>\n<li>Die Funktionsweise des Teams regelm\u00e4\u00dfig bewerten<\/li>\n<\/ul><\/div>\n<div class=\"conclusion\">\n<h2>Fazit: Gemeinsam f\u00fcr das Kind<\/h2>\n<pee>\n                    Die interprofessionelle Ausbildung ist eine Investition, die direkt den unterst\u00fctzten autistischen Kindern zugutekommt. Durch die Entwicklung einer gemeinsamen Kultur, koordinierter Praktiken und echter Zusammenarbeit vervielfacht das Team die Effektivit\u00e4t seiner Interventionen.\n                <\/pee>\n                <pee>\n                    Diese Ausbildung betrifft alle Akteure rund um das Kind, Fachleute und Eltern. Geteilte Werkzeuge wie das COCO-Programm von DYNSEO k\u00f6nnen dazu beitragen, die Praktiken zu vereinheitlichen. Die Leitf\u00e4den zum <a href=\"https:\/\/www.dynseo.com\/de\/accompagner-les-enfants-autistes\/\" target=\"_blank\">Begleiten von autistischen Kindern<\/a> und zum <a href=\"https:\/\/www.dynseo.com\/de\/accompagner-les-adultes-autistes\/\" target=\"_blank\">Begleiten von autistischen Erwachsenen<\/a> sind n\u00fctzliche Ressourcen, die mit dem gesamten Team geteilt werden k\u00f6nnen.\n                <\/pee>\n                <pee>\n                    Teamarbeit erfordert einen Aufwand an Organisation und Kommunikation, aber es ist die Voraussetzung f\u00fcr eine qualitativ hochwertige Unterst\u00fctzung. Das Kind, im Mittelpunkt dieses Teams, profitiert von koh\u00e4renten Interventionen, die ihm helfen, in allen Bereichen seiner Entwicklung Fortschritte zu machen.\n                <\/pee>\n            <\/div>\n<\/p><\/div>\n<footer class=\"article-footer\">\n<h3>Vereinheitlichen Sie Ihre Praktiken mit DYNSEO<\/h3>\n<pee>Entdecken Sie unsere L\u00f6sungen f\u00fcr multidisziplin\u00e4re Teams<\/pee>\n            <pee>\n                <a href=\"https:\/\/www.dynseo.com\/de\/coco-uberlegt-und-coco-bewegetsich-lernsoftware\/\">Programm COCO<\/a> |<br \/>\n                <a href=\"https:\/\/www.dynseo.com\/de\/courses\/accompagner-un-enfant-avec-autisme-cles-et-solutions-au-quotidien\/\">Ausbildung Autismus<\/a> |<br \/>\n                <a href=\"https:\/\/www.dynseo.com\/de\/accompagner-les-enfants-autistes\/\">Leitfaden Kinder<\/a> |<br \/>\n                <a href=\"https:\/\/www.dynseo.com\/de\/accompagner-les-adultes-autistes\/\">Leitfaden Erwachsene<\/a>\n            <\/pee>\n        <\/footer>\n<\/article>\n<\/div>\n<p>[\/et_pb_code][\/et_pb_column][\/et_pb_row][\/et_pb_section]<\/p>\n<p>[et_pb_code]<script type=\"application\/ld+json\">{\"@context\":\"https:\/\/schema.org\",\"@type\":\"FAQPage\",\"mainEntity\":[{\"@type\":\"Question\",\"name\":\"Warum ist eine interprofessionelle Ausbildung f\u00fcr die Betreuung autistischer Kinder wichtig?\",\"acceptedAnswer\":{\"@type\":\"Answer\",\"text\":\"Eine interprofessionelle Ausbildung ist wichtig, weil ein autistisches Kind oft von 5 bis 10 verschiedenen Fachleuten betreut wird. Ohne Koordination k\u00f6nnen diese Interventionen inkoh\u00e4rent oder widerspr\u00fcchlich sein. Das Kind erh\u00e4lt unterschiedliche Botschaften je nach Kontext, was seine Lernprozesse kompliziert und Verwirrung stiften kann.\"}},{\"@type\":\"Question\",\"name\":\"Welche Fachleute sind in der Regel an der Betreuung eines autistischen Kindes beteiligt?\",\"acceptedAnswer\":{\"@type\":\"Answer\",\"text\":\"Die Betreuung eines autistischen Kindes umfasst normalerweise viele Fachleute wie Logop\u00e4den, Psychomotoriker, Psychologen, Erzieher, Lehrer und \u00c4rzte. Jeder hat seine eigene Spezialisierung, theoretische Referenzen und sein eigenes Vokabular.\"}},{\"@type\":\"Question\",\"name\":\"Was ist das Hauptziel der interprofessionellen Ausbildung?\",\"acceptedAnswer\":{\"@type\":\"Answer\",\"text\":\"Das Hauptziel der interprofessionellen Ausbildung ist es, eine gemeinsame Kultur rund um Autismus und dessen Unterst\u00fctzung zu schaffen. Sie erm\u00f6glicht jedem, die Rolle der anderen Fachleute zu verstehen, ein gemeinsames Wissensfundament \u00fcber Autismus zu teilen und Kompetenzen zur Zusammenarbeit zu entwickeln.\"}},{\"@type\":\"Question\",\"name\":\"Welche Vorteile bringt eine koordinierte Betreuung f\u00fcr autistische Kinder?\",\"acceptedAnswer\":{\"@type\":\"Answer\",\"text\":\"Eine koordinierte Betreuung sorgt f\u00fcr koh\u00e4rente und individuelle Unterst\u00fctzung des autistischen Kindes. Sie vermeidet widerspr\u00fcchliche Botschaften und vereinfacht die Lernprozesse, indem alle Fachleute eine gemeinsame Sprache und koh\u00e4rente Praktiken entwickeln.\"}},{\"@type\":\"Question\",\"name\":\"Was passiert, wenn es keine Koordination zwischen den verschiedenen Fachleuten gibt?\",\"acceptedAnswer\":{\"@type\":\"Answer\",\"text\":\"Ohne Koordination besteht die Gefahr, dass die Interventionen der verschiedenen Fachleute inkoh\u00e4rent oder sogar widerspr\u00fcchlich sind. Dies kann beim autistischen Kind zu Verwirrung f\u00fchren und seine Lernprozesse erheblich erschweren.\"}},{\"@type\":\"Question\",\"name\":\"Wie tr\u00e4gt die interprofessionelle Ausbildung zur Qualit\u00e4t der Betreuung bei?\",\"acceptedAnswer\":{\"@type\":\"Answer\",\"text\":\"Die interprofessionelle Ausbildung tr\u00e4gt zur Qualit\u00e4t der Betreuung bei, indem sie eine effektive Zusammenarbeit zwischen den verschiedenen Akteuren entwickelt. Sie erm\u00f6glicht die Entwicklung einer gemeinsamen Sprache, koh\u00e4renter Praktiken und eines geteilten Verst\u00e4ndnisses der Rollen aller Beteiligten.\"}}]}<\/script>[\/et_pb_code]<\/p>\n","protected":false},"excerpt":{"rendered":"","protected":false},"author":4,"featured_media":366722,"comment_status":"closed","ping_status":"closed","sticky":false,"template":"","format":"standard","meta":{"_et_pb_use_builder":"on","_et_pb_old_content":"","_et_gb_content_width":"","footnotes":""},"categories":[2915],"tags":[],"class_list":["post-484624","post","type-post","status-publish","format-standard","has-post-thumbnail","hentry","category-les-conseils-des-coachs"],"yoast_head":"<!-- This site is optimized with the Yoast SEO plugin v27.4 - https:\/\/yoast.com\/product\/yoast-seo-wordpress\/ -->\n<title>Interprofessionelle Ausbildung: Im Team mit einem autistischen Kind arbeiten | DYNSEO - DYNSEO - Lern-App und Memory-Spiele<\/title>\n<meta name=\"robots\" content=\"index, follow, max-snippet:-1, max-image-preview:large, max-video-preview:-1\" \/>\n<link rel=\"canonical\" href=\"https:\/\/www.dynseo.com\/de\/interprofessionelle-ausbildung-im-team-mit-einem-autistischen-kind-arbeiten-dynseo\/\" \/>\n<meta property=\"og:locale\" content=\"de_DE\" \/>\n<meta property=\"og:type\" content=\"article\" \/>\n<meta property=\"og:title\" content=\"Interprofessionelle Ausbildung: Im Team mit einem autistischen Kind arbeiten | DYNSEO - DYNSEO - Lern-App und Memory-Spiele\" \/>\n<meta property=\"og:url\" content=\"https:\/\/www.dynseo.com\/de\/interprofessionelle-ausbildung-im-team-mit-einem-autistischen-kind-arbeiten-dynseo\/\" \/>\n<meta property=\"og:site_name\" content=\"DYNSEO - Lern-App und Memory-Spiele\" \/>\n<meta property=\"article:published_time\" content=\"2026-01-15T14:40:03+00:00\" \/>\n<meta property=\"article:modified_time\" content=\"2026-03-07T23:04:40+00:00\" \/>\n<meta property=\"og:image\" content=\"https:\/\/www.dynseo.com\/wp-content\/uploads\/2024\/03\/intro-autisme.webp\" \/>\n\t<meta property=\"og:image:width\" content=\"1000\" \/>\n\t<meta property=\"og:image:height\" content=\"666\" \/>\n\t<meta property=\"og:image:type\" content=\"image\/webp\" \/>\n<meta name=\"author\" content=\"DYNSEO\" \/>\n<meta name=\"twitter:label1\" content=\"Verfasst von\" \/>\n\t<meta name=\"twitter:data1\" content=\"DYNSEO\" \/>\n\t<meta name=\"twitter:label2\" content=\"Gesch\u00e4tzte Lesezeit\" \/>\n\t<meta name=\"twitter:data2\" content=\"6\u00a0Minuten\" \/>\n<script type=\"application\/ld+json\" class=\"yoast-schema-graph\">{\"@context\":\"https:\\\/\\\/schema.org\",\"@graph\":[{\"@type\":\"Article\",\"@id\":\"https:\\\/\\\/www.dynseo.com\\\/de\\\/interprofessionelle-ausbildung-im-team-mit-einem-autistischen-kind-arbeiten-dynseo\\\/#article\",\"isPartOf\":{\"@id\":\"https:\\\/\\\/www.dynseo.com\\\/de\\\/interprofessionelle-ausbildung-im-team-mit-einem-autistischen-kind-arbeiten-dynseo\\\/\"},\"author\":{\"name\":\"DYNSEO\",\"@id\":\"https:\\\/\\\/www.dynseo.com\\\/de\\\/#\\\/schema\\\/person\\\/78ef63df2ee64e0989bc68f8401b38d6\"},\"headline\":\"Interprofessionelle Ausbildung: Im Team mit einem autistischen Kind arbeiten | DYNSEO\",\"datePublished\":\"2026-01-15T14:40:03+00:00\",\"dateModified\":\"2026-03-07T23:04:40+00:00\",\"mainEntityOfPage\":{\"@id\":\"https:\\\/\\\/www.dynseo.com\\\/de\\\/interprofessionelle-ausbildung-im-team-mit-einem-autistischen-kind-arbeiten-dynseo\\\/\"},\"wordCount\":1186,\"publisher\":{\"@id\":\"https:\\\/\\\/www.dynseo.com\\\/de\\\/#organization\"},\"image\":{\"@id\":\"https:\\\/\\\/www.dynseo.com\\\/de\\\/interprofessionelle-ausbildung-im-team-mit-einem-autistischen-kind-arbeiten-dynseo\\\/#primaryimage\"},\"thumbnailUrl\":\"https:\\\/\\\/www.dynseo.com\\\/wp-content\\\/uploads\\\/2024\\\/03\\\/intro-autisme.webp\",\"articleSection\":[\"Les conseils des coachs\"],\"inLanguage\":\"de\"},{\"@type\":\"WebPage\",\"@id\":\"https:\\\/\\\/www.dynseo.com\\\/de\\\/interprofessionelle-ausbildung-im-team-mit-einem-autistischen-kind-arbeiten-dynseo\\\/\",\"url\":\"https:\\\/\\\/www.dynseo.com\\\/de\\\/interprofessionelle-ausbildung-im-team-mit-einem-autistischen-kind-arbeiten-dynseo\\\/\",\"name\":\"Interprofessionelle Ausbildung: Im Team mit einem autistischen Kind arbeiten | DYNSEO - DYNSEO - Lern-App und Memory-Spiele\",\"isPartOf\":{\"@id\":\"https:\\\/\\\/www.dynseo.com\\\/de\\\/#website\"},\"primaryImageOfPage\":{\"@id\":\"https:\\\/\\\/www.dynseo.com\\\/de\\\/interprofessionelle-ausbildung-im-team-mit-einem-autistischen-kind-arbeiten-dynseo\\\/#primaryimage\"},\"image\":{\"@id\":\"https:\\\/\\\/www.dynseo.com\\\/de\\\/interprofessionelle-ausbildung-im-team-mit-einem-autistischen-kind-arbeiten-dynseo\\\/#primaryimage\"},\"thumbnailUrl\":\"https:\\\/\\\/www.dynseo.com\\\/wp-content\\\/uploads\\\/2024\\\/03\\\/intro-autisme.webp\",\"datePublished\":\"2026-01-15T14:40:03+00:00\",\"dateModified\":\"2026-03-07T23:04:40+00:00\",\"breadcrumb\":{\"@id\":\"https:\\\/\\\/www.dynseo.com\\\/de\\\/interprofessionelle-ausbildung-im-team-mit-einem-autistischen-kind-arbeiten-dynseo\\\/#breadcrumb\"},\"inLanguage\":\"de\",\"potentialAction\":[{\"@type\":\"ReadAction\",\"target\":[\"https:\\\/\\\/www.dynseo.com\\\/de\\\/interprofessionelle-ausbildung-im-team-mit-einem-autistischen-kind-arbeiten-dynseo\\\/\"]}]},{\"@type\":\"ImageObject\",\"inLanguage\":\"de\",\"@id\":\"https:\\\/\\\/www.dynseo.com\\\/de\\\/interprofessionelle-ausbildung-im-team-mit-einem-autistischen-kind-arbeiten-dynseo\\\/#primaryimage\",\"url\":\"https:\\\/\\\/www.dynseo.com\\\/wp-content\\\/uploads\\\/2024\\\/03\\\/intro-autisme.webp\",\"contentUrl\":\"https:\\\/\\\/www.dynseo.com\\\/wp-content\\\/uploads\\\/2024\\\/03\\\/intro-autisme.webp\",\"width\":1000,\"height\":666,\"caption\":\"Digitales Gehirntraining f\u00fcr geistige Frische\"},{\"@type\":\"BreadcrumbList\",\"@id\":\"https:\\\/\\\/www.dynseo.com\\\/de\\\/interprofessionelle-ausbildung-im-team-mit-einem-autistischen-kind-arbeiten-dynseo\\\/#breadcrumb\",\"itemListElement\":[{\"@type\":\"ListItem\",\"position\":1,\"name\":\"Accueil\",\"item\":\"https:\\\/\\\/www.dynseo.com\\\/de\\\/\"},{\"@type\":\"ListItem\",\"position\":2,\"name\":\"Interprofessionelle Ausbildung: Im Team mit einem autistischen Kind arbeiten | DYNSEO\"}]},{\"@type\":\"WebSite\",\"@id\":\"https:\\\/\\\/www.dynseo.com\\\/de\\\/#website\",\"url\":\"https:\\\/\\\/www.dynseo.com\\\/de\\\/\",\"name\":\"Jeux de m\u00e9moire et stimulation cognitive\",\"description\":\"Entra\u00eenez votre m\u00e9moire et votre cerveau avec DYNSEO\",\"publisher\":{\"@id\":\"https:\\\/\\\/www.dynseo.com\\\/de\\\/#organization\"},\"potentialAction\":[{\"@type\":\"SearchAction\",\"target\":{\"@type\":\"EntryPoint\",\"urlTemplate\":\"https:\\\/\\\/www.dynseo.com\\\/de\\\/?s={search_term_string}\"},\"query-input\":{\"@type\":\"PropertyValueSpecification\",\"valueRequired\":true,\"valueName\":\"search_term_string\"}}],\"inLanguage\":\"de\"},{\"@type\":\"Organization\",\"@id\":\"https:\\\/\\\/www.dynseo.com\\\/de\\\/#organization\",\"name\":\"DYNSEO\",\"url\":\"https:\\\/\\\/www.dynseo.com\\\/de\\\/\",\"logo\":{\"@type\":\"ImageObject\",\"inLanguage\":\"de\",\"@id\":\"https:\\\/\\\/www.dynseo.com\\\/de\\\/#\\\/schema\\\/logo\\\/image\\\/\",\"url\":\"https:\\\/\\\/www.dynseo.com\\\/wp-content\\\/uploads\\\/2022\\\/05\\\/logo-dynseo-new.png\",\"contentUrl\":\"https:\\\/\\\/www.dynseo.com\\\/wp-content\\\/uploads\\\/2022\\\/05\\\/logo-dynseo-new.png\",\"width\":5073,\"height\":1397,\"caption\":\"DYNSEO\"},\"image\":{\"@id\":\"https:\\\/\\\/www.dynseo.com\\\/de\\\/#\\\/schema\\\/logo\\\/image\\\/\"}},{\"@type\":\"Person\",\"@id\":\"https:\\\/\\\/www.dynseo.com\\\/de\\\/#\\\/schema\\\/person\\\/78ef63df2ee64e0989bc68f8401b38d6\",\"name\":\"DYNSEO\",\"url\":\"https:\\\/\\\/www.dynseo.com\\\/de\\\/author\\\/justine\\\/\"}]}<\/script>\n<!-- \/ Yoast SEO plugin. -->","yoast_head_json":{"title":"Interprofessionelle Ausbildung: Im Team mit einem autistischen Kind arbeiten | DYNSEO - DYNSEO - Lern-App und Memory-Spiele","robots":{"index":"index","follow":"follow","max-snippet":"max-snippet:-1","max-image-preview":"max-image-preview:large","max-video-preview":"max-video-preview:-1"},"canonical":"https:\/\/www.dynseo.com\/de\/interprofessionelle-ausbildung-im-team-mit-einem-autistischen-kind-arbeiten-dynseo\/","og_locale":"de_DE","og_type":"article","og_title":"Interprofessionelle Ausbildung: Im Team mit einem autistischen Kind arbeiten | DYNSEO - DYNSEO - Lern-App und Memory-Spiele","og_url":"https:\/\/www.dynseo.com\/de\/interprofessionelle-ausbildung-im-team-mit-einem-autistischen-kind-arbeiten-dynseo\/","og_site_name":"DYNSEO - Lern-App und Memory-Spiele","article_published_time":"2026-01-15T14:40:03+00:00","article_modified_time":"2026-03-07T23:04:40+00:00","og_image":[{"width":1000,"height":666,"url":"https:\/\/www.dynseo.com\/wp-content\/uploads\/2024\/03\/intro-autisme.webp","type":"image\/webp"}],"author":"DYNSEO","twitter_misc":{"Verfasst von":"DYNSEO","Gesch\u00e4tzte Lesezeit":"6\u00a0Minuten"},"schema":{"@context":"https:\/\/schema.org","@graph":[{"@type":"Article","@id":"https:\/\/www.dynseo.com\/de\/interprofessionelle-ausbildung-im-team-mit-einem-autistischen-kind-arbeiten-dynseo\/#article","isPartOf":{"@id":"https:\/\/www.dynseo.com\/de\/interprofessionelle-ausbildung-im-team-mit-einem-autistischen-kind-arbeiten-dynseo\/"},"author":{"name":"DYNSEO","@id":"https:\/\/www.dynseo.com\/de\/#\/schema\/person\/78ef63df2ee64e0989bc68f8401b38d6"},"headline":"Interprofessionelle Ausbildung: Im Team mit einem autistischen Kind arbeiten | DYNSEO","datePublished":"2026-01-15T14:40:03+00:00","dateModified":"2026-03-07T23:04:40+00:00","mainEntityOfPage":{"@id":"https:\/\/www.dynseo.com\/de\/interprofessionelle-ausbildung-im-team-mit-einem-autistischen-kind-arbeiten-dynseo\/"},"wordCount":1186,"publisher":{"@id":"https:\/\/www.dynseo.com\/de\/#organization"},"image":{"@id":"https:\/\/www.dynseo.com\/de\/interprofessionelle-ausbildung-im-team-mit-einem-autistischen-kind-arbeiten-dynseo\/#primaryimage"},"thumbnailUrl":"https:\/\/www.dynseo.com\/wp-content\/uploads\/2024\/03\/intro-autisme.webp","articleSection":["Les conseils des coachs"],"inLanguage":"de"},{"@type":"WebPage","@id":"https:\/\/www.dynseo.com\/de\/interprofessionelle-ausbildung-im-team-mit-einem-autistischen-kind-arbeiten-dynseo\/","url":"https:\/\/www.dynseo.com\/de\/interprofessionelle-ausbildung-im-team-mit-einem-autistischen-kind-arbeiten-dynseo\/","name":"Interprofessionelle Ausbildung: Im Team mit einem autistischen Kind arbeiten | DYNSEO - DYNSEO - Lern-App und Memory-Spiele","isPartOf":{"@id":"https:\/\/www.dynseo.com\/de\/#website"},"primaryImageOfPage":{"@id":"https:\/\/www.dynseo.com\/de\/interprofessionelle-ausbildung-im-team-mit-einem-autistischen-kind-arbeiten-dynseo\/#primaryimage"},"image":{"@id":"https:\/\/www.dynseo.com\/de\/interprofessionelle-ausbildung-im-team-mit-einem-autistischen-kind-arbeiten-dynseo\/#primaryimage"},"thumbnailUrl":"https:\/\/www.dynseo.com\/wp-content\/uploads\/2024\/03\/intro-autisme.webp","datePublished":"2026-01-15T14:40:03+00:00","dateModified":"2026-03-07T23:04:40+00:00","breadcrumb":{"@id":"https:\/\/www.dynseo.com\/de\/interprofessionelle-ausbildung-im-team-mit-einem-autistischen-kind-arbeiten-dynseo\/#breadcrumb"},"inLanguage":"de","potentialAction":[{"@type":"ReadAction","target":["https:\/\/www.dynseo.com\/de\/interprofessionelle-ausbildung-im-team-mit-einem-autistischen-kind-arbeiten-dynseo\/"]}]},{"@type":"ImageObject","inLanguage":"de","@id":"https:\/\/www.dynseo.com\/de\/interprofessionelle-ausbildung-im-team-mit-einem-autistischen-kind-arbeiten-dynseo\/#primaryimage","url":"https:\/\/www.dynseo.com\/wp-content\/uploads\/2024\/03\/intro-autisme.webp","contentUrl":"https:\/\/www.dynseo.com\/wp-content\/uploads\/2024\/03\/intro-autisme.webp","width":1000,"height":666,"caption":"Digitales Gehirntraining f\u00fcr geistige Frische"},{"@type":"BreadcrumbList","@id":"https:\/\/www.dynseo.com\/de\/interprofessionelle-ausbildung-im-team-mit-einem-autistischen-kind-arbeiten-dynseo\/#breadcrumb","itemListElement":[{"@type":"ListItem","position":1,"name":"Accueil","item":"https:\/\/www.dynseo.com\/de\/"},{"@type":"ListItem","position":2,"name":"Interprofessionelle Ausbildung: Im Team mit einem autistischen Kind arbeiten | DYNSEO"}]},{"@type":"WebSite","@id":"https:\/\/www.dynseo.com\/de\/#website","url":"https:\/\/www.dynseo.com\/de\/","name":"Jeux de m\u00e9moire et stimulation cognitive","description":"Entra\u00eenez votre m\u00e9moire et votre cerveau avec DYNSEO","publisher":{"@id":"https:\/\/www.dynseo.com\/de\/#organization"},"potentialAction":[{"@type":"SearchAction","target":{"@type":"EntryPoint","urlTemplate":"https:\/\/www.dynseo.com\/de\/?s={search_term_string}"},"query-input":{"@type":"PropertyValueSpecification","valueRequired":true,"valueName":"search_term_string"}}],"inLanguage":"de"},{"@type":"Organization","@id":"https:\/\/www.dynseo.com\/de\/#organization","name":"DYNSEO","url":"https:\/\/www.dynseo.com\/de\/","logo":{"@type":"ImageObject","inLanguage":"de","@id":"https:\/\/www.dynseo.com\/de\/#\/schema\/logo\/image\/","url":"https:\/\/www.dynseo.com\/wp-content\/uploads\/2022\/05\/logo-dynseo-new.png","contentUrl":"https:\/\/www.dynseo.com\/wp-content\/uploads\/2022\/05\/logo-dynseo-new.png","width":5073,"height":1397,"caption":"DYNSEO"},"image":{"@id":"https:\/\/www.dynseo.com\/de\/#\/schema\/logo\/image\/"}},{"@type":"Person","@id":"https:\/\/www.dynseo.com\/de\/#\/schema\/person\/78ef63df2ee64e0989bc68f8401b38d6","name":"DYNSEO","url":"https:\/\/www.dynseo.com\/de\/author\/justine\/"}]}},"_links":{"self":[{"href":"https:\/\/www.dynseo.com\/de\/wp-json\/wp\/v2\/posts\/484624","targetHints":{"allow":["GET"]}}],"collection":[{"href":"https:\/\/www.dynseo.com\/de\/wp-json\/wp\/v2\/posts"}],"about":[{"href":"https:\/\/www.dynseo.com\/de\/wp-json\/wp\/v2\/types\/post"}],"author":[{"embeddable":true,"href":"https:\/\/www.dynseo.com\/de\/wp-json\/wp\/v2\/users\/4"}],"replies":[{"embeddable":true,"href":"https:\/\/www.dynseo.com\/de\/wp-json\/wp\/v2\/comments?post=484624"}],"version-history":[{"count":3,"href":"https:\/\/www.dynseo.com\/de\/wp-json\/wp\/v2\/posts\/484624\/revisions"}],"predecessor-version":[{"id":488945,"href":"https:\/\/www.dynseo.com\/de\/wp-json\/wp\/v2\/posts\/484624\/revisions\/488945"}],"wp:featuredmedia":[{"embeddable":true,"href":"https:\/\/www.dynseo.com\/de\/wp-json\/wp\/v2\/media\/366722"}],"wp:attachment":[{"href":"https:\/\/www.dynseo.com\/de\/wp-json\/wp\/v2\/media?parent=484624"}],"wp:term":[{"taxonomy":"category","embeddable":true,"href":"https:\/\/www.dynseo.com\/de\/wp-json\/wp\/v2\/categories?post=484624"},{"taxonomy":"post_tag","embeddable":true,"href":"https:\/\/www.dynseo.com\/de\/wp-json\/wp\/v2\/tags?post=484624"}],"curies":[{"name":"wp","href":"https:\/\/api.w.org\/{rel}","templated":true}]}}