{"id":515540,"date":"2026-03-12T10:27:09","date_gmt":"2026-03-12T09:27:09","guid":{"rendered":"https:\/\/www.dynseo.com\/reminiscence-therapeutique-et-alzheimer-quels-bienfaits-concrets-dynseo-2\/"},"modified":"2026-04-16T17:19:53","modified_gmt":"2026-04-16T15:19:53","slug":"reminiscence-therapeutique-et-alzheimer-quels-bienfaits-concrets-dynseo-2","status":"publish","type":"post","link":"https:\/\/www.dynseo.com\/de\/reminiscence-therapeutique-et-alzheimer-quels-bienfaits-concrets-dynseo-2\/","title":{"rendered":"R\u00e9miniscence th\u00e9rapeutique et Alzheimer : quels bienfaits concrets ? | DYNSEO"},"content":{"rendered":"<p>[et_pb_section fb_built=&#8220;1&#8243; admin_label=&#8220;Article HTML&#8220; _builder_version=&#8220;4.16&#8243; custom_padding=&#8220;0px||0px||false|false&#8220; global_colors_info=&#8220;{}&#8220;][et_pb_row admin_label=&#8220;Contenu&#8220; _builder_version=&#8220;4.16&#8243; width=&#8220;100%&#8220; max_width=&#8220;100%&#8220; custom_padding=&#8220;0px||0px||false|false&#8220; global_colors_info=&#8220;{}&#8220;][et_pb_column type=&#8220;4_4&#8243; _builder_version=&#8220;4.16&#8243; global_colors_info=&#8220;{}&#8220;][et_pb_code admin_label=&#8220;HTML import\u00e9&#8220; _builder_version=&#8220;4.16&#8243; global_colors_info=&#8220;{}&#8220;]<\/p>\n<style type=\"text\/css\"><!-- [et_pb_line_break_holder] -->:root{--ambre:#c07740;--ambre-soft:#fdf3e7;--sauge:#5a8a6a;--sauge-soft:#eaf3ed;--ardoise:#4a6080;--ardoise-soft:#eaeff5;--rose-vieux:#a05070;--rose-vieux-soft:#f5eaef;--dark:#1a1a2e;--radius:20px;--shadow:0 4px 20px rgba(0,0,0,.06);}<!-- [et_pb_line_break_holder] -->.dbi-art-c28c8a * {margin:0;padding:0;box-sizing:border-box;}<!-- [et_pb_line_break_holder] -->.dbi-art-c28c8a {scroll-behavior:smooth;}<!-- [et_pb_line_break_holder] -->.dbi-art-c28c8a {font-family:'Poppins',-apple-system,BlinkMacSystemFont,sans-serif;line-height:1.75;color:#333;background:#fff;overflow-x:hidden;}<!-- [et_pb_line_break_holder] -->.dbi-art-c28c8a img {max-width:100%;height:auto;display:block;}<!-- [et_pb_line_break_holder] -->.dbi-art-c28c8a a {color:inherit;text-decoration:none;}<!-- [et_pb_line_break_holder] -->.dbi-art-c28c8a .container {max-width:820px;margin:0 auto;padding:0 24px;}<!-- [et_pb_line_break_holder] -->.dbi-art-c28c8a .article-hero {background:linear-gradient(160deg,#fdf3e7 0%,#fef9f0 55%,#eaf3ed 100%);padding:70px 24px 0;position:relative;overflow:visible;}<!-- [et_pb_line_break_holder] -->.dbi-art-c28c8a .article-hero-curve {position:absolute;bottom:-2px;left:0;right:0;width:100%;height:60px;background:#fff;border-radius:50% 50% 0 0;z-index:4;}<!-- [et_pb_line_break_holder] -->.dbi-art-c28c8a .article-hero-inner {max-width:820px;margin:0 auto;position:relative;z-index:3;padding-bottom:80px;}<!-- [et_pb_line_break_holder] -->.dbi-art-c28c8a .article-breadcrumb {font-size:12px;color:var(--ambre);margin-bottom:20px;}<!-- [et_pb_line_break_holder] -->.dbi-art-c28c8a .article-breadcrumb a {color:var(--ambre);border-bottom:1px solid rgba(192,119,64,.25);}<!-- [et_pb_line_break_holder] -->.dbi-art-c28c8a .article-category {display:inline-block;font-family:'Montserrat',sans-serif;font-size:11px;font-weight:700;letter-spacing:1.5px;text-transform:uppercase;color:var(--ambre);background:#fff;border-radius:30px;padding:7px 18px;margin-bottom:16px;box-shadow:var(--shadow);}<!-- [et_pb_line_break_holder] -->.dbi-art-c28c8a .article-hero h1 {font-family:'Montserrat',sans-serif;font-size:clamp(24px,4vw,34px);font-weight:800;color:var(--dark);line-height:1.3;margin-bottom:16px;}<!-- [et_pb_line_break_holder] -->.dbi-art-c28c8a .article-hero h1 .hl {display:inline;color:#fff;background:var(--sauge);border-radius:8px;padding:1px 12px 3px;}<!-- [et_pb_line_break_holder] -->.dbi-art-c28c8a .article-meta {font-size:13px;color:#555;display:flex;gap:20px;flex-wrap:wrap;align-items:center;}<!-- [et_pb_line_break_holder] -->.dbi-art-c28c8a .article-body {padding:50px 0 60px;}<!-- [et_pb_line_break_holder] -->.dbi-art-c28c8a .article-body p {margin-bottom:22px;text-align:justify;font-size:15px;color:#444;line-height:1.9;}<!-- [et_pb_line_break_holder] -->.dbi-art-c28c8a .article-body strong {color:var(--dark);font-weight:600;}<!-- [et_pb_line_break_holder] -->.dbi-art-c28c8a .article-body h2 {font-family:'Montserrat',sans-serif;font-size:clamp(20px,3vw,26px);font-weight:800;color:var(--dark);margin:55px 0 18px;line-height:1.3;padding-bottom:10px;border-bottom:3px solid var(--sauge);}<!-- [et_pb_line_break_holder] -->.dbi-art-c28c8a .article-body h3 {font-family:'Montserrat',sans-serif;font-size:clamp(17px,2.5vw,20px);font-weight:700;color:var(--ambre);margin:35px 0 14px;}<!-- [et_pb_line_break_holder] -->.dbi-art-c28c8a .bienfait-grid {display:grid;grid-template-columns:1fr 1fr;gap:16px;margin:28px 0;}<!-- [et_pb_line_break_holder] -->.dbi-art-c28c8a .bienfait-card {background:#fff;border-radius:var(--radius);padding:22px 24px;box-shadow:var(--shadow);}<!-- [et_pb_line_break_holder] -->.dbi-art-c28c8a .bienfait-card.b1 {border-top:4px solid var(--ambre);}<!-- [et_pb_line_break_holder] -->.dbi-art-c28c8a .bienfait-card.b2 {border-top:4px solid var(--sauge);}<!-- [et_pb_line_break_holder] -->.dbi-art-c28c8a .bienfait-card.b3 {border-top:4px solid var(--ardoise);}<!-- [et_pb_line_break_holder] -->.dbi-art-c28c8a .bienfait-card.b4 {border-top:4px solid var(--rose-vieux);}<!-- [et_pb_line_break_holder] -->.dbi-art-c28c8a .bienfait-card h4 {font-family:'Montserrat',sans-serif;font-size:14px;font-weight:800;color:var(--dark);margin-bottom:6px;}<!-- [et_pb_line_break_holder] -->.dbi-art-c28c8a .bienfait-card p {font-size:13px;color:#555;line-height:1.65;margin:0;}<!-- [et_pb_line_break_holder] -->.dbi-art-c28c8a .soft-box {background:var(--ambre-soft);padding:28px 32px;border-radius:var(--radius);margin:35px 0;box-shadow:var(--shadow);border-left:4px solid var(--ambre);}<!-- [et_pb_line_break_holder] -->.dbi-art-c28c8a .soft-box p {font-size:14px;color:#444;margin-bottom:10px;line-height:1.8;}<!-- [et_pb_line_break_holder] -->.dbi-art-c28c8a .soft-box p:last-child {margin-bottom:0;}<!-- [et_pb_line_break_holder] -->.dbi-art-c28c8a .key-points {background:var(--sauge-soft);padding:30px 32px;border-radius:var(--radius);margin:35px 0;box-shadow:var(--shadow);}<!-- [et_pb_line_break_holder] -->.dbi-art-c28c8a .key-points h3 {font-family:'Montserrat',sans-serif;font-size:17px;font-weight:800;color:var(--sauge);margin:0 0 14px;}<!-- [et_pb_line_break_holder] -->.dbi-art-c28c8a .key-points ul {list-style:none;padding:0;margin:0;}<!-- [et_pb_line_break_holder] -->.dbi-art-c28c8a .key-points li {margin:10px 0;padding-left:26px;position:relative;color:#444;font-size:14px;line-height:1.7;}<!-- [et_pb_line_break_holder] -->.dbi-art-c28c8a .key-points li::before {content:'\u2726';position:absolute;left:0;color:var(--ambre);font-size:11px;top:3px;}<!-- [et_pb_line_break_holder] -->.dbi-art-c28c8a .temoignage {background:#fff8f0;padding:34px 32px;border-radius:var(--radius);margin:40px 0;box-shadow:var(--shadow);position:relative;}<!-- [et_pb_line_break_holder] -->.dbi-art-c28c8a .temoignage::before {content:'201C';font-size:110px;position:absolute;top:-24px;left:18px;font-family:Georgia,serif;color:var(--ambre);opacity:.2;line-height:1;}<!-- [et_pb_line_break_holder] -->.dbi-art-c28c8a .temoignage p {font-size:15px;font-style:italic;color:#555;position:relative;z-index:1;margin-bottom:12px;text-align:left;line-height:1.85;}<!-- [et_pb_line_break_holder] -->.dbi-art-c28c8a .temoignage .quote-author {font-family:'Montserrat',sans-serif;font-weight:800;font-style:normal;color:var(--ambre);font-size:13px;}<!-- [et_pb_line_break_holder] -->.dbi-art-c28c8a .soignant-box {background:#fff;border-radius:var(--radius);padding:28px 30px;box-shadow:0 6px 25px rgba(0,0,0,.07);margin:30px 0;border-top:4px solid var(--sauge);}<!-- [et_pb_line_break_holder] -->.dbi-art-c28c8a .soignant-box-label {font-family:'Montserrat',sans-serif;font-size:11px;font-weight:700;letter-spacing:1.5px;text-transform:uppercase;color:var(--sauge);margin-bottom:8px;}<!-- [et_pb_line_break_holder] -->.dbi-art-c28c8a .soignant-box-title {font-family:'Montserrat',sans-serif;font-size:17px;font-weight:800;color:var(--dark);margin-bottom:14px;}<!-- [et_pb_line_break_holder] -->.dbi-art-c28c8a .soignant-box p {font-size:14px;color:#444;line-height:1.8;margin-bottom:10px;}<!-- [et_pb_line_break_holder] -->.dbi-art-c28c8a .soignant-box p:last-child {margin-bottom:0;}<!-- [et_pb_line_break_holder] -->.dbi-art-c28c8a .pratique-box {background:var(--ardoise-soft);border-radius:var(--radius);padding:22px 26px;margin-top:14px;}<!-- [et_pb_line_break_holder] -->.dbi-art-c28c8a .pratique-box-title {font-family:'Montserrat',sans-serif;font-size:13px;font-weight:700;color:var(--ardoise);margin-bottom:8px;text-transform:uppercase;letter-spacing:1px;}<!-- [et_pb_line_break_holder] -->.dbi-art-c28c8a .pratique-box p {font-size:13px;color:#444;margin:0;line-height:1.7;}<!-- [et_pb_line_break_holder] -->.dbi-art-c28c8a .cta-box {background:linear-gradient(135deg,var(--ambre) 0%,#a05530 100%);padding:40px 36px;border-radius:22px;margin:50px 0;text-align:center;color:#fff;}<!-- [et_pb_line_break_holder] -->.dbi-art-c28c8a .cta-box h3 {font-family:'Montserrat',sans-serif;font-size:22px;font-weight:800;margin-bottom:12px;}<!-- [et_pb_line_break_holder] -->.dbi-art-c28c8a .cta-box p {font-size:14px;color:rgba(255,255,255,.88);margin-bottom:24px;max-width:550px;margin-left:auto;margin-right:auto;}<!-- [et_pb_line_break_holder] -->.dbi-art-c28c8a .cta-box .cta-buttons {display:flex;justify-content:center;gap:14px;flex-wrap:wrap;}<!-- [et_pb_line_break_holder] -->.dbi-art-c28c8a .btn-cta-white {display:inline-block;padding:14px 34px;border-radius:30px;font-family:'Montserrat',sans-serif;font-size:14px;font-weight:700;background:#fff;color:var(--ambre);transition:all .3s ease;}<!-- [et_pb_line_break_holder] -->.dbi-art-c28c8a .btn-cta-white:hover {background:var(--dark);color:#fff;transform:translateY(-2px);}<!-- [et_pb_line_break_holder] -->.dbi-art-c28c8a .btn-cta-outline {display:inline-block;padding:14px 34px;border-radius:30px;font-family:'Montserrat',sans-serif;font-size:14px;font-weight:700;border:2px solid rgba(255,255,255,.5);color:#fff;}<!-- [et_pb_line_break_holder] -->.dbi-art-c28c8a .internal-link {display:flex;align-items:center;gap:20px;background:var(--ambre-soft);padding:24px 28px;border-radius:var(--radius);box-shadow:var(--shadow);margin:40px 0;transition:all .3s ease;}<!-- [et_pb_line_break_holder] -->.dbi-art-c28c8a .internal-link:hover {transform:translateY(-3px);box-shadow:0 8px 28px rgba(0,0,0,.1);}<!-- [et_pb_line_break_holder] -->.dbi-art-c28c8a .internal-link-icon {font-size:2.5rem;flex-shrink:0;}<!-- [et_pb_line_break_holder] -->.dbi-art-c28c8a .internal-link-content {flex:1;}<!-- [et_pb_line_break_holder] -->.dbi-art-c28c8a .internal-link-label {font-size:11px;font-weight:700;letter-spacing:1.5px;text-transform:uppercase;color:var(--rose-vieux);margin-bottom:4px;}<!-- [et_pb_line_break_holder] -->.dbi-art-c28c8a .internal-link-title {font-family:'Montserrat',sans-serif;font-size:16px;font-weight:800;color:var(--dark);margin-bottom:4px;}<!-- [et_pb_line_break_holder] -->.dbi-art-c28c8a .internal-link-desc {font-size:13px;color:#555;}<!-- [et_pb_line_break_holder] -->.dbi-art-c28c8a .internal-link-arrow {font-size:1.5rem;color:var(--ambre);flex-shrink:0;transition:transform .3s;}<!-- [et_pb_line_break_holder] -->.dbi-art-c28c8a .internal-link:hover .internal-link-arrow {transform:translateX(4px);}<!-- [et_pb_line_break_holder] -->.dbi-art-c28c8a .article-tags {display:flex;flex-wrap:wrap;gap:8px;margin:40px 0 20px;padding-top:30px;border-top:2px solid #f0ebe4;}<!-- [et_pb_line_break_holder] -->.dbi-art-c28c8a .article-tag {display:inline-block;padding:6px 16px;border-radius:30px;font-size:12px;font-weight:600;}<!-- [et_pb_line_break_holder] -->.dbi-art-c28c8a .article-tag:nth-child(odd) {color:var(--ambre);background:var(--ambre-soft);}<!-- [et_pb_line_break_holder] -->.dbi-art-c28c8a .article-tag:nth-child(even) {color:var(--sauge);background:var(--sauge-soft);}<!-- [et_pb_line_break_holder] -->.dbi-art-c28c8a .toc {background:var(--ambre-soft);padding:28px 30px;border-radius:var(--radius);margin:0 0 40px;box-shadow:var(--shadow);border-left:4px solid var(--ambre);}<!-- [et_pb_line_break_holder] -->.dbi-art-c28c8a .toc h4 {font-family:'Montserrat',sans-serif;font-size:14px;font-weight:800;color:var(--dark);margin-bottom:14px;}<!-- [et_pb_line_break_holder] -->.dbi-art-c28c8a .toc ol {padding-left:20px;margin:0;}<!-- [et_pb_line_break_holder] -->.dbi-art-c28c8a .toc li {margin:8px 0;font-size:13px;}<!-- [et_pb_line_break_holder] -->.dbi-art-c28c8a .toc a {color:var(--ambre);font-weight:600;}<!-- [et_pb_line_break_holder] -->@media(max-width:600px) {<!-- [et_pb_line_break_holder] -->.dbi-art-c28c8a .article-hero {padding:50px 16px 0;}<!-- [et_pb_line_break_holder] -->.dbi-art-c28c8a .container {padding:0 16px;}<!-- [et_pb_line_break_holder] -->.dbi-art-c28c8a .article-body p {font-size:14px;}<!-- [et_pb_line_break_holder] -->.dbi-art-c28c8a .bienfait-grid {grid-template-columns:1fr;}<!-- [et_pb_line_break_holder] -->.dbi-art-c28c8a .cta-box {padding:30px 20px;}<!-- [et_pb_line_break_holder] -->.dbi-art-c28c8a .cta-box .cta-buttons {flex-direction:column;max-width:260px;margin:0 auto;}<!-- [et_pb_line_break_holder] -->.dbi-art-c28c8a .btn-cta-white, .dbi-art-c28c8a .btn-cta-outline {width:100%;text-align:center;}<!-- [et_pb_line_break_holder] -->.dbi-art-c28c8a .internal-link {flex-direction:column;text-align:center;gap:12px;}<!-- [et_pb_line_break_holder] -->}<!-- [et_pb_line_break_holder] --><!-- [et_pb_line_break_holder] --><\/style>\n<p><script type=\"application\/ld+json\">{\"@context\":\"https:\/\/schema.org\",\"@type\":\"Article\",\"headline\":\"R\u00e9miniscence et Alzheimer : quels bienfaits concrets pour les r\u00e9sidents ?\",\"image\":\"https:\/\/www.dynseo.com\/wp-content\/uploads\/2026\/03\/reminiscence.jpg\",\"description\":\"Effets document\u00e9s de la r\u00e9miniscence th\u00e9rapeutique chez les personnes atteintes d'Alzheimer \u2014 d\u00e9pression, agitation, communication, identit\u00e9, lien soignant-r\u00e9sident.\",\"author\":{\"@type\":\"Organization\",\"name\":\"DYNSEO\",\"url\":\"https:\/\/www.dynseo.com\"},\"publisher\":{\"@type\":\"Organization\",\"name\":\"DYNSEO\"},\"datePublished\":\"2026-03-07\",\"dateModified\":\"2026-03-07\"}<\/script><br \/>\n<!-- [et_pb_line_break_holder] --><\/p>\n<div class=\"dbi-art-c28c8a\"><!-- [et_pb_line_break_holder] --><\/p>\n<header class=\"article-hero\"><!-- [et_pb_line_break_holder] -->  <\/p>\n<div class=\"article-hero-inner\"><!-- [et_pb_line_break_holder] -->    <\/p>\n<nav class=\"article-breadcrumb\"><!-- [et_pb_line_break_holder] -->      <a href=\"https:\/\/www.dynseo.com\/de\/\">Startseite<\/a> \u203a<!-- [et_pb_line_break_holder] -->      <a href=\"https:\/\/www.dynseo.com\/de\/gesundheitspersonal\/\">Ressourcen f\u00fcr Pflegekr\u00e4fte<\/a> \u203a<!-- [et_pb_line_break_holder] -->      Reminiszenz und Alzheimer<!-- [et_pb_line_break_holder] -->    <\/nav>\n<p><!-- [et_pb_line_break_holder] -->    <span class=\"article-category\">\ud83d\udd70\ufe0f THERAPEUTISCHE REMINISZENZ<\/span><!-- [et_pb_line_break_holder] -->    <\/p>\n<h1>Reminiszenz und Alzheimer: <span class=\"hl\">welche konkreten Vorteile<\/span> f\u00fcr die Bewohner?<\/h1>\n<p><!-- [et_pb_line_break_holder] -->    <\/p>\n<div class=\"article-meta\"><!-- [et_pb_line_break_holder] -->      <span>\ud83d\udcc5 M\u00e4rz 2026<\/span><!-- [et_pb_line_break_holder] -->      <span>\u23f1 17 Minuten Lesezeit<\/span><!-- [et_pb_line_break_holder] -->      <span>\u270d\ufe0f Von dem DYNSEO-Team<\/span><!-- [et_pb_line_break_holder] -->    <\/div>\n<p><!-- [et_pb_line_break_holder] -->  <\/div>\n<p><!-- [et_pb_line_break_holder] -->  <\/p>\n<div class=\"article-hero-curve\"><\/div>\n<p><!-- [et_pb_line_break_holder] --><\/header>\n<p><!-- [et_pb_line_break_holder] --><!-- [et_pb_line_break_holder] --><\/p>\n<div class=\"container\"><!-- [et_pb_line_break_holder] --><\/p>\n<article class=\"article-body\"><!-- [et_pb_line_break_holder] --><!-- [et_pb_line_break_holder] --><\/p>\n<div class=\"toc\"><!-- [et_pb_line_break_holder] -->  <\/p>\n<h4>\ud83d\udccb Inhaltsverzeichnis<\/h4>\n<p><!-- [et_pb_line_break_holder] -->  <\/p>\n<ol><!-- [et_pb_line_break_holder] -->    <\/p>\n<li><a href=\"#ce-que-dit-recherche\">Was die Forschung sagt<\/a><\/li>\n<p><!-- [et_pb_line_break_holder] -->    <\/p>\n<li><a href=\"#depression\">Auswirkungen auf Depression und Angst<\/a><\/li>\n<p><!-- [et_pb_line_break_holder] -->    <\/p>\n<li><a href=\"#agitation\">Reduzierung von Unruhe und SCPD<\/a><\/li>\n<p><!-- [et_pb_line_break_holder] -->    <\/p>\n<li><a href=\"#communication\">Verbesserung der Kommunikation<\/a><\/li>\n<p><!-- [et_pb_line_break_holder] -->    <\/p>\n<li><a href=\"#identite\">St\u00e4rkung der Identit\u00e4t und des Selbstwertgef\u00fchls<\/a><\/li>\n<p><!-- [et_pb_line_break_holder] -->    <\/p>\n<li><a href=\"#lien-soignant\">Qualit\u00e4t der Beziehung zwischen Pflegekraft und Bewohner<\/a><\/li>\n<p><!-- [et_pb_line_break_holder] -->    <\/p>\n<li><a href=\"#famille\">Vorteile f\u00fcr die Familien<\/a><\/li>\n<p><!-- [et_pb_line_break_holder] -->    <\/p>\n<li><a href=\"#stades\">Je nach Krankheitsstadien<\/a><\/li>\n<p><!-- [et_pb_line_break_holder] -->    <\/p>\n<li><a href=\"#limites\">Die Grenzen, die man kennen sollte<\/a><\/li>\n<p><!-- [et_pb_line_break_holder] -->    <\/p>\n<li><a href=\"#integration\">Reminiszenz in den Pflegeplan integrieren<\/a><\/li>\n<p><!-- [et_pb_line_break_holder] -->  <\/ol>\n<p><!-- [et_pb_line_break_holder] --><\/div>\n<p><!-- [et_pb_line_break_holder] --><!-- [et_pb_line_break_holder] --><pee>\u201eIch wei\u00df nicht, was passiert ist, aber seit wir diese Sitzungen mit den alten Fotos machen, ist Herr D. ruhiger. Er nimmt an den Mahlzeiten teil. Er schaut uns an, wenn wir mit ihm sprechen.\u201c Solche R\u00fcckmeldungen teilen Pflegekr\u00e4fte in Pflegeheimen regelm\u00e4\u00dfig nach der Einf\u00fchrung von Reminiszenz-Aktivit\u00e4ten. Es ist keine Magie \u2014 es ist angewandte Neuropsychologie mit Mitgef\u00fchl.<\/pee><!-- [et_pb_line_break_holder] --><!-- [et_pb_line_break_holder] --><pee>Die Auswirkungen der therapeutischen Reminiszenz bei Menschen mit Alzheimer-Krankheit und verwandten St\u00f6rungen sind durch jahrzehntelange klinische Forschung dokumentiert. Dieser Artikel stellt sie konkret dar \u2014 damit die Pflegekr\u00e4fte verstehen, was geschieht, und klar mit ihren Teams und den Familien dar\u00fcber sprechen k\u00f6nnen.<\/pee><!-- [et_pb_line_break_holder] --><!-- [et_pb_line_break_holder] --><\/p>\n<h2 id=\"ce-que-dit-recherche\">1. Was die Forschung sagt<\/h2>\n<p><!-- [et_pb_line_break_holder] --><!-- [et_pb_line_break_holder] --><pee>Die therapeutische Reminiszenz ist in den internationalen Empfehlungen f\u00fcr die nicht-medikament\u00f6se Behandlung der Alzheimer-Krankheit enthalten \u2014 insbesondere in den Empfehlungen der WHO, der Haute Autorit\u00e9 de Sant\u00e9 (HAS) in Frankreich und des National Institute for Health and Care Excellence (NICE) im Vereinigten K\u00f6nigreich. Diese Empfehlungen basieren auf einem soliden Fundus an kontrollierten Studien und Metaanalysen.<\/pee><!-- [et_pb_line_break_holder] --><!-- [et_pb_line_break_holder] --><pee>Eine Metaanalyse, die im <em>British Journal of Clinical Psychology<\/em> ver\u00f6ffentlicht wurde und 128 Studien mit \u00fcber 10.000 Teilnehmern umfasst, kommt zu dem Schluss, dass es signifikante positive Effekte der Reminiszenz auf das Wohlbefinden, die Depression, die Lebensqualit\u00e4t und problematische Verhaltensweisen bei \u00e4lteren Menschen in Institutionen gibt. Diese Effekte werden sowohl in Einzel- als auch in Gruppensitzungen beobachtet.<\/pee><!-- [et_pb_line_break_holder] --><!-- [et_pb_line_break_holder] --><\/p>\n<h2 id=\"depression\">2. Auswirkungen auf Depression und Angst<\/h2>\n<p><!-- [et_pb_line_break_holder] --><!-- [et_pb_line_break_holder] --><pee>Depressionen betreffen zwischen 30 und 50 % der Bewohner in Pflegeheimen \u2014 oft unterdiagnostiziert und unterbehandelt. Die therapeutische Reminiszenz ist eine der am besten dokumentierten nicht-medikament\u00f6sen Ans\u00e4tze zur Reduzierung depressiver Symptome in dieser Population.<\/pee><!-- [et_pb_line_break_holder] --><!-- [et_pb_line_break_holder] --><pee>Ihr Wirkmechanismus ist vielf\u00e4ltig. Der Zugang zu positiven Erinnerungen erzeugt positive Emotionen, die die depressive Stimmung ausgleichen. Die Anerkennung der eigenen Geschichte st\u00e4rkt das Gef\u00fchl, ein sinnvolles Leben gef\u00fchrt zu haben. Und die Verbindung zur Pflegekraft, die w\u00e4hrend der Sitzungen entsteht, erf\u00fcllt das Bed\u00fcrfnis nach sozialer Verbindung \u2014 die oft in Institutionen stark eingeschr\u00e4nkt ist.<\/pee><!-- [et_pb_line_break_holder] --><!-- [et_pb_line_break_holder] --><\/p>\n<div class=\"soft-box\"><!-- [et_pb_line_break_holder] -->  <pee><strong>Was die Studien zeigen.<\/strong> Reminiszenzprogramme mit 6 bis 12 Sitzungen f\u00fchren im Durchschnitt zu einer Reduzierung der Depressionswerte um 25 bis 35 % auf validierten Skalen (GDS, Cornell-Skala). Diese Effekte halten oft mehrere Wochen nach dem Ende des Programms an \u2014 und werden verst\u00e4rkt, wenn der Ansatz in den Pflegealltag integriert wird, anstatt nur auf formelle Sitzungen beschr\u00e4nkt zu sein.<\/pee><!-- [et_pb_line_break_holder] --><\/div>\n<p><!-- [et_pb_line_break_holder] --><!-- [et_pb_line_break_holder] --><\/p>\n<h2 id=\"agitation\">3. Reduzierung von Unruhe und SCPD<\/h2>\n<p><!-- [et_pb_line_break_holder] --><!-- [et_pb_line_break_holder] --><pee>Die Verhaltens- und psychologischen Symptome der Demenz (SCPD) \u2014 Unruhe, Umherirren, Schreien, Aggressivit\u00e4t \u2014 stellen eine der gr\u00f6\u00dften Herausforderungen f\u00fcr die Teams in Pflegeheimen dar. Sie sind auch eine der Hauptursachen f\u00fcr die Verschreibung von Psychopharmaka bei dementen Bewohnern \u2014 eine Verschreibung, die signifikante Nebenwirkungen hat und deren Reduzierung ein Ziel der \u00f6ffentlichen Gesundheit ist.<\/pee><!-- [et_pb_line_break_holder] --><!-- [et_pb_line_break_holder] --><pee>Die therapeutische Reminiszenz kann, indem sie die zugrunde liegende Angst, die den Unruheverhalten zugrunde liegt, reduziert und einen Raum f\u00fcr Verbindung und Sinn bietet, dazu beitragen, bestimmte SCPD zu verringern \u2014 insbesondere die Unruhe, die mit Angst und Identit\u00e4tsverwirrung verbunden ist.<\/pee><!-- [et_pb_line_break_holder] --><!-- [et_pb_line_break_holder] --><\/p>\n<div class=\"bienfait-grid\"><!-- [et_pb_line_break_holder] -->  <\/p>\n<div class=\"bienfait-card b1\"><!-- [et_pb_line_break_holder] -->    <\/p>\n<h4>\ud83c\udfb5 Biografische Musik<\/h4>\n<p><!-- [et_pb_line_break_holder] -->    <pee>Die Lieder aus der Jugend des Bewohners sind besonders effektiv, um Unruhe zu reduzieren \u2014 manchmal innerhalb von Minuten. Sie aktivieren das emotionale und prozedurale Ged\u00e4chtnis, das auch in sp\u00e4teren Krankheitsstadien erhalten bleibt.<\/pee><!-- [et_pb_line_break_holder] -->  <\/div>\n<p><!-- [et_pb_line_break_holder] -->  <\/p>\n<div class=\"bienfait-card b2\"><!-- [et_pb_line_break_holder] -->    <\/p>\n<h4>\ud83d\udcf8 Kinderfotos<\/h4>\n<p><!-- [et_pb_line_break_holder] -->    <pee>Das Anschauen und Kommentieren von Fotos aus dem vergangenen Leben kann eine Episode von Unruhe unterbrechen, indem es der Person eine Identit\u00e4tsverankerung und eine sinnvolle Besch\u00e4ftigung zur\u00fcckgibt.<\/pee><!-- [et_pb_line_break_holder] -->  <\/div>\n<p><!-- [et_pb_line_break_holder] -->  <\/p>\n<div class=\"bienfait-card b3\"><!-- [et_pb_line_break_holder] -->    <\/p>\n<h4>\ud83d\udc50 Sensorische Objekte<\/h4>\n<p><!-- [et_pb_line_break_holder] -->    <pee>Ein vertrautes Objekt zu halten \u2014 ein Werkzeug aus seinem fr\u00fcheren Beruf, ein Stoff aus dem eigenen Zuhause \u2014 aktiviert das prozedurale Ged\u00e4chtnis und beruhigt oft eine motorische Unruhe.<\/pee><!-- [et_pb_line_break_holder] -->  <\/div>\n<p><!-- [et_pb_line_break_holder] -->  <\/p>\n<div class=\"bienfait-card b4\"><!-- [et_pb_line_break_holder] -->    <\/p>\n<h4>\ud83c\udf39 Biografische D\u00fcfte<\/h4>\n<p><!-- [et_pb_line_break_holder] -->    <pee>Die D\u00fcfte, die mit der pers\u00f6nlichen Geschichte verbunden sind (Brot, Kaffee, Lavendel, Holz), werden von der Amygdala verarbeitet \u2014 einer emotionalen Struktur, die lange erhalten bleibt \u2014 und k\u00f6nnen sehr starke Erinnerungen und positive Emotionen ausl\u00f6sen.<\/pee><!-- [et_pb_line_break_holder] -->  <\/div>\n<p><!-- [et_pb_line_break_holder] --><\/div>\n<p><!-- [et_pb_line_break_holder] --><!-- [et_pb_line_break_holder] --><\/p>\n<h2 id=\"communication\">4. Verbesserung der Kommunikation<\/h2>\n<p><!-- [et_pb_line_break_holder] --><!-- [et_pb_line_break_holder] --><pee>Eine der sichtbarsten und unmittelbar befriedigendsten Auswirkungen f\u00fcr die Pflegekr\u00e4fte ist die Verbesserung der Kommunikation w\u00e4hrend und nach den Reminiszenz-Aktivit\u00e4ten. Bewohner, die normalerweise schweigsam oder wenig kommunikativ sind, k\u00f6nnen verbal aktiv, pr\u00e4zise und lebhaft werden \u2014 manchmal auf \u00fcberraschende Weise f\u00fcr Pflegekr\u00e4fte, die sie t\u00e4glich sehen.<\/pee><!-- [et_pb_line_break_holder] --><!-- [et_pb_line_break_holder] --><\/p>\n<div class=\"temoignage\"><!-- [et_pb_line_break_holder] -->  <pee>\u201eFrau L. hat uns nie viel gesagt. Eines Tages habe ich ein altes Foto von Marseille auf die Ablage gelegt \u2014 es kam vom Alten Hafen. Sie begann zwanzig Minuten zu sprechen. Sie beschrieb uns den Fischmarkt, den Geruch, die Farben, die Rufe der H\u00e4ndler. Sie lachte. Am n\u00e4chsten Tag war sie wieder in ihrem gewohnten Schweigen \u2014 aber wir hatten sie anders gesehen. Und sie hatte uns anders gesehen.\u201c<\/pee><!-- [et_pb_line_break_holder] -->  <\/p>\n<div class=\"quote-author\">\u2014 Betreuerin, Pflegeheim, Marseille<\/div>\n<p><!-- [et_pb_line_break_holder] --><\/div>\n<p><!-- [et_pb_line_break_holder] --><!-- [et_pb_line_break_holder] --><pee>Diese Verbesserung der Kommunikation hat Kaskadeneffekte \u2014 auf die Qualit\u00e4t der Pflege (das Team versteht die Bed\u00fcrfnisse des Bewohners besser), auf die Beziehung zwischen Pflegekraft und Bewohner (die Person wird als Gespr\u00e4chspartner wahrgenommen) und auf das Gef\u00fchl, anerkannt und geh\u00f6rt zu werden, das der Bewohner empfindet.<\/pee><!-- [et_pb_line_break_holder] --><!-- [et_pb_line_break_holder] --><\/p>\n<h2 id=\"identite\">5. St\u00e4rkung der Identit\u00e4t und des Selbstwertgef\u00fchls<\/h2>\n<p><!-- [et_pb_line_break_holder] --><!-- [et_pb_line_break_holder] --><pee>Die Alzheimer-Krankheit erodiert allm\u00e4hlich das, was es einer Person erm\u00f6glicht, sich in der Gegenwart zu erkennen \u2014 das k\u00fcrzliche Ged\u00e4chtnis, zeitliche Orientierung, allt\u00e4gliche F\u00e4higkeiten. Die Reminiszenz bietet ein kraftvolles Gegengewicht: Sie gibt Zugang zu einem Teil von sich, der intakt bleibt \u2014 die erlebte Geschichte, die Errungenschaften, die Verbindungen, die Werte.<\/pee><!-- [et_pb_line_break_holder] --><!-- [et_pb_line_break_holder] --><pee>Ein Bewohner, der erz\u00e4hlt, wie er sein Haus mit seinen eigenen H\u00e4nden gebaut, seine Kinder gro\u00dfgezogen und Pr\u00fcfungen durchlebt hat \u2014 findet in dieser Zeit einen Stolz und eine W\u00fcrde, die die Krankheit ihm nicht nehmen kann. Diese Erfahrung, sich als Person mit Wert und Geschichte zu sehen, ist grundlegend f\u00fcr das psychologische Wohlbefinden.<\/pee><!-- [et_pb_line_break_holder] --><!-- [et_pb_line_break_holder] --><\/p>\n<h2 id=\"lien-soignant\">6. Qualit\u00e4t der Beziehung zwischen Pflegekraft und Bewohner<\/h2>\n<p><!-- [et_pb_line_break_holder] --><!-- [et_pb_line_break_holder] --><pee>Die Vorteile der Reminiszenz betreffen nicht nur die Bewohner. Sie transformieren auch die Pflegekr\u00e4fte \u2014 und damit die Qualit\u00e4t der erbrachten Pflege. Eine Pflegekraft, die die Geschichte eines Bewohners kennt \u2014 die wei\u00df, dass er Lehrer war, ein Kind verloren hat, im Chor gesungen hat \u2014 entwickelt eine Empathie und Geduld, die nicht nur aus klinischem Wissen entstehen k\u00f6nnen.<\/pee><!-- [et_pb_line_break_holder] --><!-- [et_pb_line_break_holder] --><\/p>\n<div class=\"soignant-box\"><!-- [et_pb_line_break_holder] -->  <\/p>\n<div class=\"soignant-box-label\">\ud83e\ude7a F\u00fcr die Pflegekr\u00e4fte<\/div>\n<p><!-- [et_pb_line_break_holder] -->  <\/p>\n<div class=\"soignant-box-title\">Was die Reminiszenz f\u00fcr die Pflegebeziehung bewirkt<\/div>\n<p><!-- [et_pb_line_break_holder] -->  <pee>Teams, die regelm\u00e4\u00dfig Reminiszenz praktizieren, berichten von einer Transformation ihres Verh\u00e4ltnisses zur Arbeit \u2014 weniger Ersch\u00f6pfung angesichts schwieriger Verhaltensweisen, mehr Sinn in den t\u00e4glichen Handlungen, eine bessere Widerstandsf\u00e4higkeit gegen\u00fcber der emotionalen Distanz, die die Institution hervorrufen kann. Jemanden zu pflegen, dessen Geschichte man kennt, ist anders, als eine Zimmernummer zu betreuen.<\/pee><!-- [et_pb_line_break_holder] -->  <\/p>\n<div class=\"pratique-box\"><!-- [et_pb_line_break_holder] -->    <\/p>\n<div class=\"pratique-box-title\">\u2726 In der Praxis \u2014 eine \u201epflegerische Biografie\u201c erstellen<\/div>\n<p><!-- [et_pb_line_break_holder] -->    <pee>Jede Pflegekraft ermutigen, zwei oder drei wichtige biografische Elemente jedes Bewohners, um den sie sich regelm\u00e4\u00dfig k\u00fcmmert, zu sammeln und im Pflegebericht festzuhalten. Nicht die medizinische Akte \u2014 die Lebensakte. Diese Informationen werden zu Zugangstoren f\u00fcr die Reminiszenz im Alltag.<\/pee><!-- [et_pb_line_break_holder] -->  <\/div>\n<p><!-- [et_pb_line_break_holder] --><\/div>\n<p><!-- [et_pb_line_break_holder] --><!-- [et_pb_line_break_holder] --><\/p>\n<h2 id=\"famille\">7. Vorteile f\u00fcr die Familien<\/h2>\n<p><!-- [et_pb_line_break_holder] --><!-- [et_pb_line_break_holder] --><pee>Die therapeutische Reminiszenz hat auch dokumentierte Auswirkungen auf die Familien der Bewohner \u2014 insbesondere auf die Angeh\u00f6rigen, die einen Elternteil \u00fcber l\u00e4ngere Zeit in der Krankheit begleiten.<\/pee><!-- [et_pb_line_break_holder] --><!-- [et_pb_line_break_holder] --><pee>Die Teilnahme an Reminiszenz-Sitzungen mit ihrem Angeh\u00f6rigen erm\u00f6glicht es ihnen, eine Form der Beziehung wiederzufinden, die nicht durch die Krankheit definiert ist \u2014 die Person, die sie gekannt haben, wiederzusehen und nicht nur den Patienten, den sie begleiten. Das reduziert das Gef\u00fchl der vorzeitigen Trauer, das Gef\u00fchl der Ohnmacht und manchmal die Schuld, die mit der Unterbringung in einer Einrichtung verbunden ist. Und es st\u00e4rkt ihr Gef\u00fchl, n\u00fctzlich zu sein \u2014 sie bringen die Fotos, die Objekte, die Geschichten, die niemand sonst bringen kann.<\/pee><!-- [et_pb_line_break_holder] --><!-- [et_pb_line_break_holder] --><\/p>\n<h2 id=\"stades\">8. Je nach Krankheitsstadien<\/h2>\n<p><!-- [et_pb_line_break_holder] --><!-- [et_pb_line_break_holder] --><\/p>\n<div class=\"key-points\"><!-- [et_pb_line_break_holder] -->  <\/p>\n<h3>\u2726 Reminiszenz an die Krankheitsstadien anpassen<\/h3>\n<p><!-- [et_pb_line_break_holder] -->  <\/p>\n<ul><!-- [et_pb_line_break_holder] -->    <\/p>\n<li><strong>Leichtes Stadium<\/strong> \u2014 die Person kann an einer strukturierten Lebensr\u00fcckschau teilnehmen, eine koh\u00e4rente Erz\u00e4hlung aufbauen, nuancierte Emotionen ausdr\u00fccken. Reminiszenzgruppen funktionieren gut. Die verbale Kommunikation ist reichhaltig.<\/li>\n<p><!-- [et_pb_line_break_holder] -->    <\/p>\n<li><strong>Moderat<\/strong> \u2014 Einzelgespr\u00e4che sind besser geeignet. Sensorische Hilfsmittel (Fotos, Musik, Objekte) nehmen mehr Raum ein als die verbale Erz\u00e4hlung. Die Dauer ist verk\u00fcrzt (maximal 20 bis 30 Minuten). Die Emotionen sind noch sehr zug\u00e4nglich.<\/li>\n<p><!-- [et_pb_line_break_holder] -->    <\/p>\n<li><strong>Schweres Stadium<\/strong> \u2014 sensorische Reminiszenz (Musik, D\u00fcfte, Texturen) bleibt m\u00f6glich und vorteilhaft. Die nonverbale Kommunikation \u2014 L\u00e4cheln, Blick, Handhalten \u2014 steht im Vordergrund. Die Vorteile sind haupts\u00e4chlich emotionaler und relationaler Natur.<\/li>\n<p><!-- [et_pb_line_break_holder] -->  <\/ul>\n<p><!-- [et_pb_line_break_holder] --><\/div>\n<p><!-- [et_pb_line_break_holder] --><!-- [et_pb_line_break_holder] --><\/p>\n<h2 id=\"limites\">9. Die Grenzen, die man kennen sollte<\/h2>\n<p><!-- [et_pb_line_break_holder] --><!-- [et_pb_line_break_holder] --><pee>Die therapeutische Reminiszenz ist kein risikofreies oder grenzenloses Vorgehen. Sie ehrlich zu kennen, erm\u00f6glicht es, sie mit Bedacht zu praktizieren.<\/pee><!-- [et_pb_line_break_holder] --><!-- [et_pb_line_break_holder] --><pee>Einige Erinnerungen k\u00f6nnen schmerzhaft sein \u2014 ungel\u00f6ste Trauer, Traumata, Bedauern \u2014 und ihr Auftreten erfordert die F\u00e4higkeit der Pflegekraft, sie ohne Flucht oder Verst\u00e4rkung zu akzeptieren. Reminiszenz ist nicht angezeigt f\u00fcr Personen mit obsessiver Reminiszenz (zwanghaftes Zur\u00fcckkehren zu negativen Erinnerungen) ohne spezifische psychologische Begleitung.<\/pee><!-- [et_pb_line_break_holder] --><!-- [et_pb_line_break_holder] --><pee>Dar\u00fcber hinaus sind die Vorteile nicht dauerhaft \u2014 sie erfordern eine regelm\u00e4\u00dfige Praxis, um im Laufe der Zeit aufrechtzuerhalten. Eine isolierte Sitzung bietet einen Moment des Wohlbefindens; ein in die Pflege integriertes Programm erzeugt nachhaltige Effekte.<\/pee><!-- [et_pb_line_break_holder] --><!-- [et_pb_line_break_holder] --><\/p>\n<h2 id=\"integration\">10. Reminiszenz in den Pflegeplan integrieren<\/h2>\n<p><!-- [et_pb_line_break_holder] --><!-- [et_pb_line_break_holder] --><pee>Damit die Vorteile der Reminiszenz nachhaltig sind und vom gesamten Team geteilt werden, muss sie in den personalisierten Pflegeplan des Bewohners integriert werden \u2014 nicht nur der Initiative einiger motivierter Pflegekr\u00e4fte \u00fcberlassen werden. Dies erfordert, die Lebensgeschichte jedes Bewohners bei dessen Eintritt zu erfassen, diese Informationen im Team zu teilen, geeignete biografische Hilfsmittel zu identifizieren und das gesamte Personal in die Grundprinzipien und -werkzeuge zu schulen.<\/pee><!-- [et_pb_line_break_holder] --><!-- [et_pb_line_break_holder] --><a href=\"https:\/\/www.dynseo.com\/de\/courses\/die-therapeutische-reminiszenz-die-vergangenheit-neu-betrachten-um-die-gegenwart-besser-zu-leben-de\/\" class=\"internal-link\"><!-- [et_pb_line_break_holder] -->  <\/p>\n<div class=\"internal-link-icon\">\ud83c\udf93<\/div>\n<p><!-- [et_pb_line_break_holder] -->  <\/p>\n<div class=\"internal-link-content\"><!-- [et_pb_line_break_holder] -->    <\/p>\n<div class=\"internal-link-label\">Zertifizierungslehrgang<\/div>\n<p><!-- [et_pb_line_break_holder] -->    <\/p>\n<div class=\"internal-link-title\">Die therapeutische Reminiszenz: Die Vergangenheit neu besuchen, um die Gegenwart besser zu leben<\/div>\n<p><!-- [et_pb_line_break_holder] -->    <\/p>\n<div class=\"internal-link-desc\">DYNSEO Qualiopi-Schulung \u2014 Vorteile, Protokolle, Hilfsmittel, Integration in den Pflegeplan.<\/div>\n<p><!-- [et_pb_line_break_holder] -->  <\/div>\n<p><!-- [et_pb_line_break_holder] -->  <\/p>\n<div class=\"internal-link-arrow\">\u2192<\/div>\n<p><!-- [et_pb_line_break_holder] --><\/a><!-- [et_pb_line_break_holder] --><!-- [et_pb_line_break_holder] --><\/p>\n<div class=\"cta-box\"><!-- [et_pb_line_break_holder] -->  <\/p>\n<h3>\ud83c\udf93 Schulen Sie Ihr Team in therapeutischer Reminiszenz<\/h3>\n<p><!-- [et_pb_line_break_holder] -->  <pee>Die DYNSEO-Schulung gibt den Pflegeheim-Teams die Werkzeuge, um Reminiszenz zu verstehen und zu praktizieren \u2014 von der Einzelsitzung bis zur Integration in den Pflegeplan. Zertifiziert nach Qualiopi.<\/pee><!-- [et_pb_line_break_holder] -->  <\/p>\n<div class=\"cta-buttons\"><!-- [et_pb_line_break_holder] -->    <a href=\"https:\/\/www.dynseo.com\/de\/courses\/die-therapeutische-reminiszenz-die-vergangenheit-neu-betrachten-um-die-gegenwart-besser-zu-leben-de\/\" class=\"btn-cta-white\">\ud83d\udccb Programm ansehen<\/a><!-- [et_pb_line_break_holder] -->    <a href=\"https:\/\/www.dynseo.com\/formations\/\" class=\"btn-cta-outline\">Alle Schulungen \u2192<\/a><!-- [et_pb_line_break_holder] -->  <\/div>\n<p><!-- [et_pb_line_break_holder] --><\/div>\n<p><!-- [et_pb_line_break_holder] --><!-- [et_pb_line_break_holder] --><\/p>\n<div class=\"article-tags\"><!-- [et_pb_line_break_holder] -->  <a href=\"#\" class=\"article-tag\">Reminiszenz Alzheimer Vorteile<\/a><!-- [et_pb_line_break_holder] -->  <a href=\"#\" class=\"article-tag\">SCPD Unruhe Reminiszenz<\/a><!-- [et_pb_line_break_holder] -->  <a href=\"#\" class=\"article-tag\">Depression Bewohner Pflegeheim nicht medikament\u00f6s<\/a><!-- [et_pb_line_break_holder] -->  <a href=\"#\" class=\"article-tag\">Kommunikation Alzheimer Ged\u00e4chtnis<\/a><!-- [et_pb_line_break_holder] -->  <a href=\"#\" class=\"article-tag\">Identit\u00e4t Bewohner Demenz<\/a><!-- [et_pb_line_break_holder] -->  <a href=\"#\" class=\"article-tag\">DYNSEO Schulung Pflegekr\u00e4fte<\/a><!-- [et_pb_line_break_holder] --><\/div>\n<p><!-- [et_pb_line_break_holder] --><\/article>\n<p><!-- [et_pb_line_break_holder] --><\/div>\n<p><!-- [et_pb_line_break_holder] --><!-- [et_pb_line_break_holder] --><\/div>\n<p>[\/et_pb_code][\/et_pb_column][\/et_pb_row][\/et_pb_section]<\/p>\n","protected":false},"excerpt":{"rendered":"","protected":false},"author":4,"featured_media":480313,"comment_status":"closed","ping_status":"closed","sticky":false,"template":"","format":"standard","meta":{"_et_pb_use_builder":"on","_et_pb_old_content":"[et_pb_section fb_built=\"1\" admin_label=\"Article HTML\" _builder_version=\"4.16\" custom_padding=\"0px||0px||false|false\" global_colors_info=\"{}\"][et_pb_row admin_label=\"Contenu\" _builder_version=\"4.16\" width=\"100%\" max_width=\"100%\" custom_padding=\"0px||0px||false|false\" global_colors_info=\"{}\"][et_pb_column type=\"4_4\" _builder_version=\"4.16\" global_colors_info=\"{}\"][et_pb_code admin_label=\"HTML import\u00e9\" _builder_version=\"4.16\" global_colors_info=\"{}\"]<style type=\"text\/css\"><!-- [et_pb_line_break_holder] -->:root{--ambre:#c07740;--ambre-soft:#fdf3e7;--sauge:#5a8a6a;--sauge-soft:#eaf3ed;--ardoise:#4a6080;--ardoise-soft:#eaeff5;--rose-vieux:#a05070;--rose-vieux-soft:#f5eaef;--dark:#1a1a2e;--radius:20px;--shadow:0 4px 20px rgba(0,0,0,.06);}<!-- [et_pb_line_break_holder] -->.dbi-art-c28c8a * {margin:0;padding:0;box-sizing:border-box;}<!-- [et_pb_line_break_holder] -->.dbi-art-c28c8a {scroll-behavior:smooth;}<!-- [et_pb_line_break_holder] -->.dbi-art-c28c8a {font-family:'Poppins',-apple-system,BlinkMacSystemFont,sans-serif;line-height:1.75;color:#333;background:#fff;overflow-x:hidden;}<!-- [et_pb_line_break_holder] -->.dbi-art-c28c8a img {max-width:100%;height:auto;display:block;}<!-- [et_pb_line_break_holder] -->.dbi-art-c28c8a a {color:inherit;text-decoration:none;}<!-- [et_pb_line_break_holder] -->.dbi-art-c28c8a .container {max-width:820px;margin:0 auto;padding:0 24px;}<!-- [et_pb_line_break_holder] -->.dbi-art-c28c8a .article-hero {background:linear-gradient(160deg,#fdf3e7 0%,#fef9f0 55%,#eaf3ed 100%);padding:70px 24px 0;position:relative;overflow:visible;}<!-- [et_pb_line_break_holder] -->.dbi-art-c28c8a .article-hero-curve {position:absolute;bottom:-2px;left:0;right:0;width:100%;height:60px;background:#fff;border-radius:50% 50% 0 0;z-index:4;}<!-- [et_pb_line_break_holder] -->.dbi-art-c28c8a .article-hero-inner {max-width:820px;margin:0 auto;position:relative;z-index:3;padding-bottom:80px;}<!-- [et_pb_line_break_holder] -->.dbi-art-c28c8a .article-breadcrumb {font-size:12px;color:var(--ambre);margin-bottom:20px;}<!-- [et_pb_line_break_holder] -->.dbi-art-c28c8a .article-breadcrumb a {color:var(--ambre);border-bottom:1px solid rgba(192,119,64,.25);}<!-- [et_pb_line_break_holder] -->.dbi-art-c28c8a .article-category {display:inline-block;font-family:'Montserrat',sans-serif;font-size:11px;font-weight:700;letter-spacing:1.5px;text-transform:uppercase;color:var(--ambre);background:#fff;border-radius:30px;padding:7px 18px;margin-bottom:16px;box-shadow:var(--shadow);}<!-- [et_pb_line_break_holder] -->.dbi-art-c28c8a .article-hero h1 {font-family:'Montserrat',sans-serif;font-size:clamp(24px,4vw,34px);font-weight:800;color:var(--dark);line-height:1.3;margin-bottom:16px;}<!-- [et_pb_line_break_holder] -->.dbi-art-c28c8a .article-hero h1 .hl {display:inline;color:#fff;background:var(--sauge);border-radius:8px;padding:1px 12px 3px;}<!-- [et_pb_line_break_holder] -->.dbi-art-c28c8a .article-meta {font-size:13px;color:#555;display:flex;gap:20px;flex-wrap:wrap;align-items:center;}<!-- [et_pb_line_break_holder] -->.dbi-art-c28c8a .article-body {padding:50px 0 60px;}<!-- [et_pb_line_break_holder] -->.dbi-art-c28c8a .article-body p {margin-bottom:22px;text-align:justify;font-size:15px;color:#444;line-height:1.9;}<!-- [et_pb_line_break_holder] -->.dbi-art-c28c8a .article-body strong {color:var(--dark);font-weight:600;}<!-- [et_pb_line_break_holder] -->.dbi-art-c28c8a .article-body h2 {font-family:'Montserrat',sans-serif;font-size:clamp(20px,3vw,26px);font-weight:800;color:var(--dark);margin:55px 0 18px;line-height:1.3;padding-bottom:10px;border-bottom:3px solid var(--sauge);}<!-- [et_pb_line_break_holder] -->.dbi-art-c28c8a .article-body h3 {font-family:'Montserrat',sans-serif;font-size:clamp(17px,2.5vw,20px);font-weight:700;color:var(--ambre);margin:35px 0 14px;}<!-- [et_pb_line_break_holder] -->.dbi-art-c28c8a .bienfait-grid {display:grid;grid-template-columns:1fr 1fr;gap:16px;margin:28px 0;}<!-- [et_pb_line_break_holder] -->.dbi-art-c28c8a .bienfait-card {background:#fff;border-radius:var(--radius);padding:22px 24px;box-shadow:var(--shadow);}<!-- [et_pb_line_break_holder] -->.dbi-art-c28c8a .bienfait-card.b1 {border-top:4px solid var(--ambre);}<!-- [et_pb_line_break_holder] -->.dbi-art-c28c8a .bienfait-card.b2 {border-top:4px solid var(--sauge);}<!-- [et_pb_line_break_holder] -->.dbi-art-c28c8a .bienfait-card.b3 {border-top:4px solid var(--ardoise);}<!-- [et_pb_line_break_holder] -->.dbi-art-c28c8a .bienfait-card.b4 {border-top:4px solid var(--rose-vieux);}<!-- [et_pb_line_break_holder] -->.dbi-art-c28c8a .bienfait-card h4 {font-family:'Montserrat',sans-serif;font-size:14px;font-weight:800;color:var(--dark);margin-bottom:6px;}<!-- [et_pb_line_break_holder] -->.dbi-art-c28c8a .bienfait-card p {font-size:13px;color:#555;line-height:1.65;margin:0;}<!-- [et_pb_line_break_holder] -->.dbi-art-c28c8a .soft-box {background:var(--ambre-soft);padding:28px 32px;border-radius:var(--radius);margin:35px 0;box-shadow:var(--shadow);border-left:4px solid var(--ambre);}<!-- [et_pb_line_break_holder] -->.dbi-art-c28c8a .soft-box p {font-size:14px;color:#444;margin-bottom:10px;line-height:1.8;}<!-- [et_pb_line_break_holder] -->.dbi-art-c28c8a .soft-box p:last-child {margin-bottom:0;}<!-- [et_pb_line_break_holder] -->.dbi-art-c28c8a .key-points {background:var(--sauge-soft);padding:30px 32px;border-radius:var(--radius);margin:35px 0;box-shadow:var(--shadow);}<!-- [et_pb_line_break_holder] -->.dbi-art-c28c8a .key-points h3 {font-family:'Montserrat',sans-serif;font-size:17px;font-weight:800;color:var(--sauge);margin:0 0 14px;}<!-- [et_pb_line_break_holder] -->.dbi-art-c28c8a .key-points ul {list-style:none;padding:0;margin:0;}<!-- [et_pb_line_break_holder] -->.dbi-art-c28c8a .key-points li {margin:10px 0;padding-left:26px;position:relative;color:#444;font-size:14px;line-height:1.7;}<!-- [et_pb_line_break_holder] -->.dbi-art-c28c8a .key-points li::before {content:'\u2726';position:absolute;left:0;color:var(--ambre);font-size:11px;top:3px;}<!-- [et_pb_line_break_holder] -->.dbi-art-c28c8a .temoignage {background:#fff8f0;padding:34px 32px;border-radius:var(--radius);margin:40px 0;box-shadow:var(--shadow);position:relative;}<!-- [et_pb_line_break_holder] -->.dbi-art-c28c8a .temoignage::before {content:'201C';font-size:110px;position:absolute;top:-24px;left:18px;font-family:Georgia,serif;color:var(--ambre);opacity:.2;line-height:1;}<!-- [et_pb_line_break_holder] -->.dbi-art-c28c8a .temoignage p {font-size:15px;font-style:italic;color:#555;position:relative;z-index:1;margin-bottom:12px;text-align:left;line-height:1.85;}<!-- [et_pb_line_break_holder] -->.dbi-art-c28c8a .temoignage .quote-author {font-family:'Montserrat',sans-serif;font-weight:800;font-style:normal;color:var(--ambre);font-size:13px;}<!-- [et_pb_line_break_holder] -->.dbi-art-c28c8a .soignant-box {background:#fff;border-radius:var(--radius);padding:28px 30px;box-shadow:0 6px 25px rgba(0,0,0,.07);margin:30px 0;border-top:4px solid var(--sauge);}<!-- [et_pb_line_break_holder] -->.dbi-art-c28c8a .soignant-box-label {font-family:'Montserrat',sans-serif;font-size:11px;font-weight:700;letter-spacing:1.5px;text-transform:uppercase;color:var(--sauge);margin-bottom:8px;}<!-- [et_pb_line_break_holder] -->.dbi-art-c28c8a .soignant-box-title {font-family:'Montserrat',sans-serif;font-size:17px;font-weight:800;color:var(--dark);margin-bottom:14px;}<!-- [et_pb_line_break_holder] -->.dbi-art-c28c8a .soignant-box p {font-size:14px;color:#444;line-height:1.8;margin-bottom:10px;}<!-- [et_pb_line_break_holder] -->.dbi-art-c28c8a .soignant-box p:last-child {margin-bottom:0;}<!-- [et_pb_line_break_holder] -->.dbi-art-c28c8a .pratique-box {background:var(--ardoise-soft);border-radius:var(--radius);padding:22px 26px;margin-top:14px;}<!-- [et_pb_line_break_holder] -->.dbi-art-c28c8a .pratique-box-title {font-family:'Montserrat',sans-serif;font-size:13px;font-weight:700;color:var(--ardoise);margin-bottom:8px;text-transform:uppercase;letter-spacing:1px;}<!-- [et_pb_line_break_holder] -->.dbi-art-c28c8a .pratique-box p {font-size:13px;color:#444;margin:0;line-height:1.7;}<!-- [et_pb_line_break_holder] -->.dbi-art-c28c8a .cta-box {background:linear-gradient(135deg,var(--ambre) 0%,#a05530 100%);padding:40px 36px;border-radius:22px;margin:50px 0;text-align:center;color:#fff;}<!-- [et_pb_line_break_holder] -->.dbi-art-c28c8a .cta-box h3 {font-family:'Montserrat',sans-serif;font-size:22px;font-weight:800;margin-bottom:12px;}<!-- [et_pb_line_break_holder] -->.dbi-art-c28c8a .cta-box p {font-size:14px;color:rgba(255,255,255,.88);margin-bottom:24px;max-width:550px;margin-left:auto;margin-right:auto;}<!-- [et_pb_line_break_holder] -->.dbi-art-c28c8a .cta-box .cta-buttons {display:flex;justify-content:center;gap:14px;flex-wrap:wrap;}<!-- [et_pb_line_break_holder] -->.dbi-art-c28c8a .btn-cta-white {display:inline-block;padding:14px 34px;border-radius:30px;font-family:'Montserrat',sans-serif;font-size:14px;font-weight:700;background:#fff;color:var(--ambre);transition:all .3s ease;}<!-- [et_pb_line_break_holder] -->.dbi-art-c28c8a .btn-cta-white:hover {background:var(--dark);color:#fff;transform:translateY(-2px);}<!-- [et_pb_line_break_holder] -->.dbi-art-c28c8a .btn-cta-outline {display:inline-block;padding:14px 34px;border-radius:30px;font-family:'Montserrat',sans-serif;font-size:14px;font-weight:700;border:2px solid rgba(255,255,255,.5);color:#fff;}<!-- [et_pb_line_break_holder] -->.dbi-art-c28c8a .internal-link {display:flex;align-items:center;gap:20px;background:var(--ambre-soft);padding:24px 28px;border-radius:var(--radius);box-shadow:var(--shadow);margin:40px 0;transition:all .3s ease;}<!-- [et_pb_line_break_holder] -->.dbi-art-c28c8a .internal-link:hover {transform:translateY(-3px);box-shadow:0 8px 28px rgba(0,0,0,.1);}<!-- [et_pb_line_break_holder] -->.dbi-art-c28c8a .internal-link-icon {font-size:2.5rem;flex-shrink:0;}<!-- [et_pb_line_break_holder] -->.dbi-art-c28c8a .internal-link-content {flex:1;}<!-- [et_pb_line_break_holder] -->.dbi-art-c28c8a .internal-link-label {font-size:11px;font-weight:700;letter-spacing:1.5px;text-transform:uppercase;color:var(--rose-vieux);margin-bottom:4px;}<!-- [et_pb_line_break_holder] -->.dbi-art-c28c8a .internal-link-title {font-family:'Montserrat',sans-serif;font-size:16px;font-weight:800;color:var(--dark);margin-bottom:4px;}<!-- [et_pb_line_break_holder] -->.dbi-art-c28c8a .internal-link-desc {font-size:13px;color:#555;}<!-- [et_pb_line_break_holder] -->.dbi-art-c28c8a .internal-link-arrow {font-size:1.5rem;color:var(--ambre);flex-shrink:0;transition:transform .3s;}<!-- [et_pb_line_break_holder] -->.dbi-art-c28c8a .internal-link:hover .internal-link-arrow {transform:translateX(4px);}<!-- [et_pb_line_break_holder] -->.dbi-art-c28c8a .article-tags {display:flex;flex-wrap:wrap;gap:8px;margin:40px 0 20px;padding-top:30px;border-top:2px solid #f0ebe4;}<!-- [et_pb_line_break_holder] -->.dbi-art-c28c8a .article-tag {display:inline-block;padding:6px 16px;border-radius:30px;font-size:12px;font-weight:600;}<!-- [et_pb_line_break_holder] -->.dbi-art-c28c8a .article-tag:nth-child(odd) {color:var(--ambre);background:var(--ambre-soft);}<!-- [et_pb_line_break_holder] -->.dbi-art-c28c8a .article-tag:nth-child(even) {color:var(--sauge);background:var(--sauge-soft);}<!-- [et_pb_line_break_holder] -->.dbi-art-c28c8a .toc {background:var(--ambre-soft);padding:28px 30px;border-radius:var(--radius);margin:0 0 40px;box-shadow:var(--shadow);border-left:4px solid var(--ambre);}<!-- [et_pb_line_break_holder] -->.dbi-art-c28c8a .toc h4 {font-family:'Montserrat',sans-serif;font-size:14px;font-weight:800;color:var(--dark);margin-bottom:14px;}<!-- [et_pb_line_break_holder] -->.dbi-art-c28c8a .toc ol {padding-left:20px;margin:0;}<!-- [et_pb_line_break_holder] -->.dbi-art-c28c8a .toc li {margin:8px 0;font-size:13px;}<!-- [et_pb_line_break_holder] -->.dbi-art-c28c8a .toc a {color:var(--ambre);font-weight:600;}<!-- [et_pb_line_break_holder] -->@media(max-width:600px) {<!-- [et_pb_line_break_holder] -->.dbi-art-c28c8a .article-hero {padding:50px 16px 0;}<!-- [et_pb_line_break_holder] -->.dbi-art-c28c8a .container {padding:0 16px;}<!-- [et_pb_line_break_holder] -->.dbi-art-c28c8a .article-body p {font-size:14px;}<!-- [et_pb_line_break_holder] -->.dbi-art-c28c8a .bienfait-grid {grid-template-columns:1fr;}<!-- [et_pb_line_break_holder] -->.dbi-art-c28c8a .cta-box {padding:30px 20px;}<!-- [et_pb_line_break_holder] -->.dbi-art-c28c8a .cta-box .cta-buttons {flex-direction:column;max-width:260px;margin:0 auto;}<!-- [et_pb_line_break_holder] -->.dbi-art-c28c8a .btn-cta-white, .dbi-art-c28c8a .btn-cta-outline {width:100%;text-align:center;}<!-- [et_pb_line_break_holder] -->.dbi-art-c28c8a .internal-link {flex-direction:column;text-align:center;gap:12px;}<!-- [et_pb_line_break_holder] -->}<!-- [et_pb_line_break_holder] --><!-- [et_pb_line_break_holder] --><\/style>\n<script type=\"application\/ld+json\">{\"@context\":\"https:\/\/schema.org\",\"@type\":\"Article\",\"headline\":\"R\u00e9miniscence et Alzheimer : quels bienfaits concrets pour les r\u00e9sidents ?\",\"image\":\"https:\/\/www.dynseo.com\/wp-content\/uploads\/2026\/03\/reminiscence.jpg\",\"description\":\"Effets document\u00e9s de la r\u00e9miniscence th\u00e9rapeutique chez les personnes atteintes d'Alzheimer \u2014 d\u00e9pression, agitation, communication, identit\u00e9, lien soignant-r\u00e9sident.\",\"author\":{\"@type\":\"Organization\",\"name\":\"DYNSEO\",\"url\":\"https:\/\/www.dynseo.com\"},\"publisher\":{\"@type\":\"Organization\",\"name\":\"DYNSEO\"},\"datePublished\":\"2026-03-07\",\"dateModified\":\"2026-03-07\"}<\/script>\n<!-- [et_pb_line_break_holder] --><div class=\"dbi-art-c28c8a\"><!-- [et_pb_line_break_holder] --><header class=\"article-hero\"><!-- [et_pb_line_break_holder] -->  <div class=\"article-hero-inner\"><!-- [et_pb_line_break_holder] -->    <nav class=\"article-breadcrumb\"><!-- [et_pb_line_break_holder] -->      <a href=\"https:\/\/www.dynseo.com\/\">Startseite<\/a> \u203a<!-- [et_pb_line_break_holder] -->      <a href=\"https:\/\/www.dynseo.com\/professionnels-de-sante\/\">Ressourcen f\u00fcr Pflegekr\u00e4fte<\/a> \u203a<!-- [et_pb_line_break_holder] -->      Reminiszenz und Alzheimer<!-- [et_pb_line_break_holder] -->    <\/nav><!-- [et_pb_line_break_holder] -->    <span class=\"article-category\">\ud83d\udd70\ufe0f THERAPEUTISCHE REMINISZENZ<\/span><!-- [et_pb_line_break_holder] -->    <h1>Reminiszenz und Alzheimer: <span class=\"hl\">welche konkreten Vorteile<\/span> f\u00fcr die Bewohner?<\/h1><!-- [et_pb_line_break_holder] -->    <div class=\"article-meta\"><!-- [et_pb_line_break_holder] -->      <span>\ud83d\udcc5 M\u00e4rz 2026<\/span><!-- [et_pb_line_break_holder] -->      <span>\u23f1 17 Minuten Lesezeit<\/span><!-- [et_pb_line_break_holder] -->      <span>\u270d\ufe0f Von dem DYNSEO-Team<\/span><!-- [et_pb_line_break_holder] -->    <\/div><!-- [et_pb_line_break_holder] -->  <\/div><!-- [et_pb_line_break_holder] -->  <div class=\"article-hero-curve\"><\/div><!-- [et_pb_line_break_holder] --><\/header><!-- [et_pb_line_break_holder] --><!-- [et_pb_line_break_holder] --><div class=\"container\"><!-- [et_pb_line_break_holder] --><article class=\"article-body\"><!-- [et_pb_line_break_holder] --><!-- [et_pb_line_break_holder] --><div class=\"toc\"><!-- [et_pb_line_break_holder] -->  <h4>\ud83d\udccb Inhaltsverzeichnis<\/h4><!-- [et_pb_line_break_holder] -->  <ol><!-- [et_pb_line_break_holder] -->    <li><a href=\"#ce-que-dit-recherche\">Was die Forschung sagt<\/a><\/li><!-- [et_pb_line_break_holder] -->    <li><a href=\"#depression\">Auswirkungen auf Depression und Angst<\/a><\/li><!-- [et_pb_line_break_holder] -->    <li><a href=\"#agitation\">Reduzierung von Unruhe und SCPD<\/a><\/li><!-- [et_pb_line_break_holder] -->    <li><a href=\"#communication\">Verbesserung der Kommunikation<\/a><\/li><!-- [et_pb_line_break_holder] -->    <li><a href=\"#identite\">St\u00e4rkung der Identit\u00e4t und des Selbstwertgef\u00fchls<\/a><\/li><!-- [et_pb_line_break_holder] -->    <li><a href=\"#lien-soignant\">Qualit\u00e4t der Beziehung zwischen Pflegekraft und Bewohner<\/a><\/li><!-- [et_pb_line_break_holder] -->    <li><a href=\"#famille\">Vorteile f\u00fcr die Familien<\/a><\/li><!-- [et_pb_line_break_holder] -->    <li><a href=\"#stades\">Je nach Krankheitsstadien<\/a><\/li><!-- [et_pb_line_break_holder] -->    <li><a href=\"#limites\">Die Grenzen, die man kennen sollte<\/a><\/li><!-- [et_pb_line_break_holder] -->    <li><a href=\"#integration\">Reminiszenz in den Pflegeplan integrieren<\/a><\/li><!-- [et_pb_line_break_holder] -->  <\/ol><!-- [et_pb_line_break_holder] --><\/div><!-- [et_pb_line_break_holder] --><!-- [et_pb_line_break_holder] --><p>\u201eIch wei\u00df nicht, was passiert ist, aber seit wir diese Sitzungen mit den alten Fotos machen, ist Herr D. ruhiger. Er nimmt an den Mahlzeiten teil. Er schaut uns an, wenn wir mit ihm sprechen.\u201c Solche R\u00fcckmeldungen teilen Pflegekr\u00e4fte in Pflegeheimen regelm\u00e4\u00dfig nach der Einf\u00fchrung von Reminiszenz-Aktivit\u00e4ten. Es ist keine Magie \u2014 es ist angewandte Neuropsychologie mit Mitgef\u00fchl.<\/p><!-- [et_pb_line_break_holder] --><!-- [et_pb_line_break_holder] --><p>Die Auswirkungen der therapeutischen Reminiszenz bei Menschen mit Alzheimer-Krankheit und verwandten St\u00f6rungen sind durch jahrzehntelange klinische Forschung dokumentiert. Dieser Artikel stellt sie konkret dar \u2014 damit die Pflegekr\u00e4fte verstehen, was geschieht, und klar mit ihren Teams und den Familien dar\u00fcber sprechen k\u00f6nnen.<\/p><!-- [et_pb_line_break_holder] --><!-- [et_pb_line_break_holder] --><h2 id=\"ce-que-dit-recherche\">1. Was die Forschung sagt<\/h2><!-- [et_pb_line_break_holder] --><!-- [et_pb_line_break_holder] --><p>Die therapeutische Reminiszenz ist in den internationalen Empfehlungen f\u00fcr die nicht-medikament\u00f6se Behandlung der Alzheimer-Krankheit enthalten \u2014 insbesondere in den Empfehlungen der WHO, der Haute Autorit\u00e9 de Sant\u00e9 (HAS) in Frankreich und des National Institute for Health and Care Excellence (NICE) im Vereinigten K\u00f6nigreich. Diese Empfehlungen basieren auf einem soliden Fundus an kontrollierten Studien und Metaanalysen.<\/p><!-- [et_pb_line_break_holder] --><!-- [et_pb_line_break_holder] --><p>Eine Metaanalyse, die im <em>British Journal of Clinical Psychology<\/em> ver\u00f6ffentlicht wurde und 128 Studien mit \u00fcber 10.000 Teilnehmern umfasst, kommt zu dem Schluss, dass es signifikante positive Effekte der Reminiszenz auf das Wohlbefinden, die Depression, die Lebensqualit\u00e4t und problematische Verhaltensweisen bei \u00e4lteren Menschen in Institutionen gibt. Diese Effekte werden sowohl in Einzel- als auch in Gruppensitzungen beobachtet.<\/p><!-- [et_pb_line_break_holder] --><!-- [et_pb_line_break_holder] --><h2 id=\"depression\">2. Auswirkungen auf Depression und Angst<\/h2><!-- [et_pb_line_break_holder] --><!-- [et_pb_line_break_holder] --><p>Depressionen betreffen zwischen 30 und 50 % der Bewohner in Pflegeheimen \u2014 oft unterdiagnostiziert und unterbehandelt. Die therapeutische Reminiszenz ist eine der am besten dokumentierten nicht-medikament\u00f6sen Ans\u00e4tze zur Reduzierung depressiver Symptome in dieser Population.<\/p><!-- [et_pb_line_break_holder] --><!-- [et_pb_line_break_holder] --><p>Ihr Wirkmechanismus ist vielf\u00e4ltig. Der Zugang zu positiven Erinnerungen erzeugt positive Emotionen, die die depressive Stimmung ausgleichen. Die Anerkennung der eigenen Geschichte st\u00e4rkt das Gef\u00fchl, ein sinnvolles Leben gef\u00fchrt zu haben. Und die Verbindung zur Pflegekraft, die w\u00e4hrend der Sitzungen entsteht, erf\u00fcllt das Bed\u00fcrfnis nach sozialer Verbindung \u2014 die oft in Institutionen stark eingeschr\u00e4nkt ist.<\/p><!-- [et_pb_line_break_holder] --><!-- [et_pb_line_break_holder] --><div class=\"soft-box\"><!-- [et_pb_line_break_holder] -->  <p><strong>Was die Studien zeigen.<\/strong> Reminiszenzprogramme mit 6 bis 12 Sitzungen f\u00fchren im Durchschnitt zu einer Reduzierung der Depressionswerte um 25 bis 35 % auf validierten Skalen (GDS, Cornell-Skala). Diese Effekte halten oft mehrere Wochen nach dem Ende des Programms an \u2014 und werden verst\u00e4rkt, wenn der Ansatz in den Pflegealltag integriert wird, anstatt nur auf formelle Sitzungen beschr\u00e4nkt zu sein.<\/p><!-- [et_pb_line_break_holder] --><\/div><!-- [et_pb_line_break_holder] --><!-- [et_pb_line_break_holder] --><h2 id=\"agitation\">3. Reduzierung von Unruhe und SCPD<\/h2><!-- [et_pb_line_break_holder] --><!-- [et_pb_line_break_holder] --><p>Die Verhaltens- und psychologischen Symptome der Demenz (SCPD) \u2014 Unruhe, Umherirren, Schreien, Aggressivit\u00e4t \u2014 stellen eine der gr\u00f6\u00dften Herausforderungen f\u00fcr die Teams in Pflegeheimen dar. Sie sind auch eine der Hauptursachen f\u00fcr die Verschreibung von Psychopharmaka bei dementen Bewohnern \u2014 eine Verschreibung, die signifikante Nebenwirkungen hat und deren Reduzierung ein Ziel der \u00f6ffentlichen Gesundheit ist.<\/p><!-- [et_pb_line_break_holder] --><!-- [et_pb_line_break_holder] --><p>Die therapeutische Reminiszenz kann, indem sie die zugrunde liegende Angst, die den Unruheverhalten zugrunde liegt, reduziert und einen Raum f\u00fcr Verbindung und Sinn bietet, dazu beitragen, bestimmte SCPD zu verringern \u2014 insbesondere die Unruhe, die mit Angst und Identit\u00e4tsverwirrung verbunden ist.<\/p><!-- [et_pb_line_break_holder] --><!-- [et_pb_line_break_holder] --><div class=\"bienfait-grid\"><!-- [et_pb_line_break_holder] -->  <div class=\"bienfait-card b1\"><!-- [et_pb_line_break_holder] -->    <h4>\ud83c\udfb5 Biografische Musik<\/h4><!-- [et_pb_line_break_holder] -->    <p>Die Lieder aus der Jugend des Bewohners sind besonders effektiv, um Unruhe zu reduzieren \u2014 manchmal innerhalb von Minuten. Sie aktivieren das emotionale und prozedurale Ged\u00e4chtnis, das auch in sp\u00e4teren Krankheitsstadien erhalten bleibt.<\/p><!-- [et_pb_line_break_holder] -->  <\/div><!-- [et_pb_line_break_holder] -->  <div class=\"bienfait-card b2\"><!-- [et_pb_line_break_holder] -->    <h4>\ud83d\udcf8 Kinderfotos<\/h4><!-- [et_pb_line_break_holder] -->    <p>Das Anschauen und Kommentieren von Fotos aus dem vergangenen Leben kann eine Episode von Unruhe unterbrechen, indem es der Person eine Identit\u00e4tsverankerung und eine sinnvolle Besch\u00e4ftigung zur\u00fcckgibt.<\/p><!-- [et_pb_line_break_holder] -->  <\/div><!-- [et_pb_line_break_holder] -->  <div class=\"bienfait-card b3\"><!-- [et_pb_line_break_holder] -->    <h4>\ud83d\udc50 Sensorische Objekte<\/h4><!-- [et_pb_line_break_holder] -->    <p>Ein vertrautes Objekt zu halten \u2014 ein Werkzeug aus seinem fr\u00fcheren Beruf, ein Stoff aus dem eigenen Zuhause \u2014 aktiviert das prozedurale Ged\u00e4chtnis und beruhigt oft eine motorische Unruhe.<\/p><!-- [et_pb_line_break_holder] -->  <\/div><!-- [et_pb_line_break_holder] -->  <div class=\"bienfait-card b4\"><!-- [et_pb_line_break_holder] -->    <h4>\ud83c\udf39 Biografische D\u00fcfte<\/h4><!-- [et_pb_line_break_holder] -->    <p>Die D\u00fcfte, die mit der pers\u00f6nlichen Geschichte verbunden sind (Brot, Kaffee, Lavendel, Holz), werden von der Amygdala verarbeitet \u2014 einer emotionalen Struktur, die lange erhalten bleibt \u2014 und k\u00f6nnen sehr starke Erinnerungen und positive Emotionen ausl\u00f6sen.<\/p><!-- [et_pb_line_break_holder] -->  <\/div><!-- [et_pb_line_break_holder] --><\/div><!-- [et_pb_line_break_holder] --><!-- [et_pb_line_break_holder] --><h2 id=\"communication\">4. Verbesserung der Kommunikation<\/h2><!-- [et_pb_line_break_holder] --><!-- [et_pb_line_break_holder] --><p>Eine der sichtbarsten und unmittelbar befriedigendsten Auswirkungen f\u00fcr die Pflegekr\u00e4fte ist die Verbesserung der Kommunikation w\u00e4hrend und nach den Reminiszenz-Aktivit\u00e4ten. Bewohner, die normalerweise schweigsam oder wenig kommunikativ sind, k\u00f6nnen verbal aktiv, pr\u00e4zise und lebhaft werden \u2014 manchmal auf \u00fcberraschende Weise f\u00fcr Pflegekr\u00e4fte, die sie t\u00e4glich sehen.<\/p><!-- [et_pb_line_break_holder] --><!-- [et_pb_line_break_holder] --><div class=\"temoignage\"><!-- [et_pb_line_break_holder] -->  <p>\u201eFrau L. hat uns nie viel gesagt. Eines Tages habe ich ein altes Foto von Marseille auf die Ablage gelegt \u2014 es kam vom Alten Hafen. Sie begann zwanzig Minuten zu sprechen. Sie beschrieb uns den Fischmarkt, den Geruch, die Farben, die Rufe der H\u00e4ndler. Sie lachte. Am n\u00e4chsten Tag war sie wieder in ihrem gewohnten Schweigen \u2014 aber wir hatten sie anders gesehen. Und sie hatte uns anders gesehen.\u201c<\/p><!-- [et_pb_line_break_holder] -->  <div class=\"quote-author\">\u2014 Betreuerin, Pflegeheim, Marseille<\/div><!-- [et_pb_line_break_holder] --><\/div><!-- [et_pb_line_break_holder] --><!-- [et_pb_line_break_holder] --><p>Diese Verbesserung der Kommunikation hat Kaskadeneffekte \u2014 auf die Qualit\u00e4t der Pflege (das Team versteht die Bed\u00fcrfnisse des Bewohners besser), auf die Beziehung zwischen Pflegekraft und Bewohner (die Person wird als Gespr\u00e4chspartner wahrgenommen) und auf das Gef\u00fchl, anerkannt und geh\u00f6rt zu werden, das der Bewohner empfindet.<\/p><!-- [et_pb_line_break_holder] --><!-- [et_pb_line_break_holder] --><h2 id=\"identite\">5. St\u00e4rkung der Identit\u00e4t und des Selbstwertgef\u00fchls<\/h2><!-- [et_pb_line_break_holder] --><!-- [et_pb_line_break_holder] --><p>Die Alzheimer-Krankheit erodiert allm\u00e4hlich das, was es einer Person erm\u00f6glicht, sich in der Gegenwart zu erkennen \u2014 das k\u00fcrzliche Ged\u00e4chtnis, zeitliche Orientierung, allt\u00e4gliche F\u00e4higkeiten. Die Reminiszenz bietet ein kraftvolles Gegengewicht: Sie gibt Zugang zu einem Teil von sich, der intakt bleibt \u2014 die erlebte Geschichte, die Errungenschaften, die Verbindungen, die Werte.<\/p><!-- [et_pb_line_break_holder] --><!-- [et_pb_line_break_holder] --><p>Ein Bewohner, der erz\u00e4hlt, wie er sein Haus mit seinen eigenen H\u00e4nden gebaut, seine Kinder gro\u00dfgezogen und Pr\u00fcfungen durchlebt hat \u2014 findet in dieser Zeit einen Stolz und eine W\u00fcrde, die die Krankheit ihm nicht nehmen kann. Diese Erfahrung, sich als Person mit Wert und Geschichte zu sehen, ist grundlegend f\u00fcr das psychologische Wohlbefinden.<\/p><!-- [et_pb_line_break_holder] --><!-- [et_pb_line_break_holder] --><h2 id=\"lien-soignant\">6. Qualit\u00e4t der Beziehung zwischen Pflegekraft und Bewohner<\/h2><!-- [et_pb_line_break_holder] --><!-- [et_pb_line_break_holder] --><p>Die Vorteile der Reminiszenz betreffen nicht nur die Bewohner. Sie transformieren auch die Pflegekr\u00e4fte \u2014 und damit die Qualit\u00e4t der erbrachten Pflege. Eine Pflegekraft, die die Geschichte eines Bewohners kennt \u2014 die wei\u00df, dass er Lehrer war, ein Kind verloren hat, im Chor gesungen hat \u2014 entwickelt eine Empathie und Geduld, die nicht nur aus klinischem Wissen entstehen k\u00f6nnen.<\/p><!-- [et_pb_line_break_holder] --><!-- [et_pb_line_break_holder] --><div class=\"soignant-box\"><!-- [et_pb_line_break_holder] -->  <div class=\"soignant-box-label\">\ud83e\ude7a F\u00fcr die Pflegekr\u00e4fte<\/div><!-- [et_pb_line_break_holder] -->  <div class=\"soignant-box-title\">Was die Reminiszenz f\u00fcr die Pflegebeziehung bewirkt<\/div><!-- [et_pb_line_break_holder] -->  <p>Teams, die regelm\u00e4\u00dfig Reminiszenz praktizieren, berichten von einer Transformation ihres Verh\u00e4ltnisses zur Arbeit \u2014 weniger Ersch\u00f6pfung angesichts schwieriger Verhaltensweisen, mehr Sinn in den t\u00e4glichen Handlungen, eine bessere Widerstandsf\u00e4higkeit gegen\u00fcber der emotionalen Distanz, die die Institution hervorrufen kann. Jemanden zu pflegen, dessen Geschichte man kennt, ist anders, als eine Zimmernummer zu betreuen.<\/p><!-- [et_pb_line_break_holder] -->  <div class=\"pratique-box\"><!-- [et_pb_line_break_holder] -->    <div class=\"pratique-box-title\">\u2726 In der Praxis \u2014 eine \u201epflegerische Biografie\u201c erstellen<\/div><!-- [et_pb_line_break_holder] -->    <p>Jede Pflegekraft ermutigen, zwei oder drei wichtige biografische Elemente jedes Bewohners, um den sie sich regelm\u00e4\u00dfig k\u00fcmmert, zu sammeln und im Pflegebericht festzuhalten. Nicht die medizinische Akte \u2014 die Lebensakte. Diese Informationen werden zu Zugangstoren f\u00fcr die Reminiszenz im Alltag.<\/p><!-- [et_pb_line_break_holder] -->  <\/div><!-- [et_pb_line_break_holder] --><\/div><!-- [et_pb_line_break_holder] --><!-- [et_pb_line_break_holder] --><h2 id=\"famille\">7. Vorteile f\u00fcr die Familien<\/h2><!-- [et_pb_line_break_holder] --><!-- [et_pb_line_break_holder] --><p>Die therapeutische Reminiszenz hat auch dokumentierte Auswirkungen auf die Familien der Bewohner \u2014 insbesondere auf die Angeh\u00f6rigen, die einen Elternteil \u00fcber l\u00e4ngere Zeit in der Krankheit begleiten.<\/p><!-- [et_pb_line_break_holder] --><!-- [et_pb_line_break_holder] --><p>Die Teilnahme an Reminiszenz-Sitzungen mit ihrem Angeh\u00f6rigen erm\u00f6glicht es ihnen, eine Form der Beziehung wiederzufinden, die nicht durch die Krankheit definiert ist \u2014 die Person, die sie gekannt haben, wiederzusehen und nicht nur den Patienten, den sie begleiten. Das reduziert das Gef\u00fchl der vorzeitigen Trauer, das Gef\u00fchl der Ohnmacht und manchmal die Schuld, die mit der Unterbringung in einer Einrichtung verbunden ist. Und es st\u00e4rkt ihr Gef\u00fchl, n\u00fctzlich zu sein \u2014 sie bringen die Fotos, die Objekte, die Geschichten, die niemand sonst bringen kann.<\/p><!-- [et_pb_line_break_holder] --><!-- [et_pb_line_break_holder] --><h2 id=\"stades\">8. Je nach Krankheitsstadien<\/h2><!-- [et_pb_line_break_holder] --><!-- [et_pb_line_break_holder] --><div class=\"key-points\"><!-- [et_pb_line_break_holder] -->  <h3>\u2726 Reminiszenz an die Krankheitsstadien anpassen<\/h3><!-- [et_pb_line_break_holder] -->  <ul><!-- [et_pb_line_break_holder] -->    <li><strong>Leichtes Stadium<\/strong> \u2014 die Person kann an einer strukturierten Lebensr\u00fcckschau teilnehmen, eine koh\u00e4rente Erz\u00e4hlung aufbauen, nuancierte Emotionen ausdr\u00fccken. Reminiszenzgruppen funktionieren gut. Die verbale Kommunikation ist reichhaltig.<\/li><!-- [et_pb_line_break_holder] -->    <li><strong>Moderat<\/strong> \u2014 Einzelgespr\u00e4che sind besser geeignet. Sensorische Hilfsmittel (Fotos, Musik, Objekte) nehmen mehr Raum ein als die verbale Erz\u00e4hlung. Die Dauer ist verk\u00fcrzt (maximal 20 bis 30 Minuten). Die Emotionen sind noch sehr zug\u00e4nglich.<\/li><!-- [et_pb_line_break_holder] -->    <li><strong>Schweres Stadium<\/strong> \u2014 sensorische Reminiszenz (Musik, D\u00fcfte, Texturen) bleibt m\u00f6glich und vorteilhaft. Die nonverbale Kommunikation \u2014 L\u00e4cheln, Blick, Handhalten \u2014 steht im Vordergrund. Die Vorteile sind haupts\u00e4chlich emotionaler und relationaler Natur.<\/li><!-- [et_pb_line_break_holder] -->  <\/ul><!-- [et_pb_line_break_holder] --><\/div><!-- [et_pb_line_break_holder] --><!-- [et_pb_line_break_holder] --><h2 id=\"limites\">9. Die Grenzen, die man kennen sollte<\/h2><!-- [et_pb_line_break_holder] --><!-- [et_pb_line_break_holder] --><p>Die therapeutische Reminiszenz ist kein risikofreies oder grenzenloses Vorgehen. Sie ehrlich zu kennen, erm\u00f6glicht es, sie mit Bedacht zu praktizieren.<\/p><!-- [et_pb_line_break_holder] --><!-- [et_pb_line_break_holder] --><p>Einige Erinnerungen k\u00f6nnen schmerzhaft sein \u2014 ungel\u00f6ste Trauer, Traumata, Bedauern \u2014 und ihr Auftreten erfordert die F\u00e4higkeit der Pflegekraft, sie ohne Flucht oder Verst\u00e4rkung zu akzeptieren. Reminiszenz ist nicht angezeigt f\u00fcr Personen mit obsessiver Reminiszenz (zwanghaftes Zur\u00fcckkehren zu negativen Erinnerungen) ohne spezifische psychologische Begleitung.<\/p><!-- [et_pb_line_break_holder] --><!-- [et_pb_line_break_holder] --><p>Dar\u00fcber hinaus sind die Vorteile nicht dauerhaft \u2014 sie erfordern eine regelm\u00e4\u00dfige Praxis, um im Laufe der Zeit aufrechtzuerhalten. Eine isolierte Sitzung bietet einen Moment des Wohlbefindens; ein in die Pflege integriertes Programm erzeugt nachhaltige Effekte.<\/p><!-- [et_pb_line_break_holder] --><!-- [et_pb_line_break_holder] --><h2 id=\"integration\">10. Reminiszenz in den Pflegeplan integrieren<\/h2><!-- [et_pb_line_break_holder] --><!-- [et_pb_line_break_holder] --><p>Damit die Vorteile der Reminiszenz nachhaltig sind und vom gesamten Team geteilt werden, muss sie in den personalisierten Pflegeplan des Bewohners integriert werden \u2014 nicht nur der Initiative einiger motivierter Pflegekr\u00e4fte \u00fcberlassen werden. Dies erfordert, die Lebensgeschichte jedes Bewohners bei dessen Eintritt zu erfassen, diese Informationen im Team zu teilen, geeignete biografische Hilfsmittel zu identifizieren und das gesamte Personal in die Grundprinzipien und -werkzeuge zu schulen.<\/p><!-- [et_pb_line_break_holder] --><!-- [et_pb_line_break_holder] --><a href=\"https:\/\/www.dynseo.com\/courses\/la-reminiscence-therapeutique-revisiter-le-passe-pour-mieux-vivre-le-present\/\" class=\"internal-link\"><!-- [et_pb_line_break_holder] -->  <div class=\"internal-link-icon\">\ud83c\udf93<\/div><!-- [et_pb_line_break_holder] -->  <div class=\"internal-link-content\"><!-- [et_pb_line_break_holder] -->    <div class=\"internal-link-label\">Zertifizierungslehrgang<\/div><!-- [et_pb_line_break_holder] -->    <div class=\"internal-link-title\">Die therapeutische Reminiszenz: Die Vergangenheit neu besuchen, um die Gegenwart besser zu leben<\/div><!-- [et_pb_line_break_holder] -->    <div class=\"internal-link-desc\">DYNSEO Qualiopi-Schulung \u2014 Vorteile, Protokolle, Hilfsmittel, Integration in den Pflegeplan.<\/div><!-- [et_pb_line_break_holder] -->  <\/div><!-- [et_pb_line_break_holder] -->  <div class=\"internal-link-arrow\">\u2192<\/div><!-- [et_pb_line_break_holder] --><\/a><!-- [et_pb_line_break_holder] --><!-- [et_pb_line_break_holder] --><div class=\"cta-box\"><!-- [et_pb_line_break_holder] -->  <h3>\ud83c\udf93 Schulen Sie Ihr Team in therapeutischer Reminiszenz<\/h3><!-- [et_pb_line_break_holder] -->  <p>Die DYNSEO-Schulung gibt den Pflegeheim-Teams die Werkzeuge, um Reminiszenz zu verstehen und zu praktizieren \u2014 von der Einzelsitzung bis zur Integration in den Pflegeplan. Zertifiziert nach Qualiopi.<\/p><!-- [et_pb_line_break_holder] -->  <div class=\"cta-buttons\"><!-- [et_pb_line_break_holder] -->    <a href=\"https:\/\/www.dynseo.com\/courses\/la-reminiscence-therapeutique-revisiter-le-passe-pour-mieux-vivre-le-present\/\" class=\"btn-cta-white\">\ud83d\udccb Programm ansehen<\/a><!-- [et_pb_line_break_holder] -->    <a href=\"https:\/\/www.dynseo.com\/formations\/\" class=\"btn-cta-outline\">Alle Schulungen \u2192<\/a><!-- [et_pb_line_break_holder] -->  <\/div><!-- [et_pb_line_break_holder] --><\/div><!-- [et_pb_line_break_holder] --><!-- [et_pb_line_break_holder] --><div class=\"article-tags\"><!-- [et_pb_line_break_holder] -->  <a href=\"#\" class=\"article-tag\">Reminiszenz Alzheimer Vorteile<\/a><!-- [et_pb_line_break_holder] -->  <a href=\"#\" class=\"article-tag\">SCPD Unruhe Reminiszenz<\/a><!-- [et_pb_line_break_holder] -->  <a href=\"#\" class=\"article-tag\">Depression Bewohner Pflegeheim nicht medikament\u00f6s<\/a><!-- [et_pb_line_break_holder] -->  <a href=\"#\" class=\"article-tag\">Kommunikation Alzheimer Ged\u00e4chtnis<\/a><!-- [et_pb_line_break_holder] -->  <a href=\"#\" class=\"article-tag\">Identit\u00e4t Bewohner Demenz<\/a><!-- [et_pb_line_break_holder] -->  <a href=\"#\" class=\"article-tag\">DYNSEO Schulung Pflegekr\u00e4fte<\/a><!-- [et_pb_line_break_holder] --><\/div><!-- [et_pb_line_break_holder] --><\/article><!-- [et_pb_line_break_holder] --><\/div><!-- [et_pb_line_break_holder] --><!-- [et_pb_line_break_holder] --><\/div>[\/et_pb_code][\/et_pb_column][\/et_pb_row][\/et_pb_section]","_et_gb_content_width":"","footnotes":""},"categories":[3346],"tags":[],"class_list":["post-515540","post","type-post","status-publish","format-standard","has-post-thumbnail","hentry","category-unkategorisiert"],"yoast_head":"<!-- This site is optimized with the Yoast SEO plugin v27.4 - https:\/\/yoast.com\/product\/yoast-seo-wordpress\/ -->\n<title>R\u00e9miniscence th\u00e9rapeutique et Alzheimer : quels bienfaits concrets ? | DYNSEO - DYNSEO - Lern-App und Memory-Spiele<\/title>\n<meta name=\"robots\" content=\"index, follow, max-snippet:-1, max-image-preview:large, max-video-preview:-1\" \/>\n<link rel=\"canonical\" href=\"https:\/\/www.dynseo.com\/de\/reminiscence-therapeutique-et-alzheimer-quels-bienfaits-concrets-dynseo-2\/\" \/>\n<meta property=\"og:locale\" content=\"de_DE\" \/>\n<meta property=\"og:type\" content=\"article\" \/>\n<meta property=\"og:title\" content=\"R\u00e9miniscence th\u00e9rapeutique et Alzheimer : quels bienfaits concrets ? | DYNSEO - DYNSEO - Lern-App und Memory-Spiele\" \/>\n<meta property=\"og:url\" content=\"https:\/\/www.dynseo.com\/de\/reminiscence-therapeutique-et-alzheimer-quels-bienfaits-concrets-dynseo-2\/\" \/>\n<meta property=\"og:site_name\" content=\"DYNSEO - Lern-App und Memory-Spiele\" \/>\n<meta property=\"article:published_time\" content=\"2026-03-12T09:27:09+00:00\" \/>\n<meta property=\"article:modified_time\" content=\"2026-04-16T15:19:53+00:00\" \/>\n<meta property=\"og:image\" content=\"https:\/\/www.dynseo.com\/wp-content\/uploads\/2025\/09\/abcdhe-5.jpg\" \/>\n\t<meta property=\"og:image:width\" content=\"1024\" \/>\n\t<meta property=\"og:image:height\" content=\"576\" \/>\n\t<meta property=\"og:image:type\" content=\"image\/jpeg\" \/>\n<meta name=\"author\" content=\"DYNSEO\" \/>\n<meta name=\"twitter:label1\" content=\"Verfasst von\" \/>\n\t<meta name=\"twitter:data1\" content=\"DYNSEO\" \/>\n\t<meta name=\"twitter:label2\" content=\"Gesch\u00e4tzte Lesezeit\" \/>\n\t<meta name=\"twitter:data2\" content=\"9\u00a0Minuten\" \/>\n<script type=\"application\/ld+json\" class=\"yoast-schema-graph\">{\"@context\":\"https:\\\/\\\/schema.org\",\"@graph\":[{\"@type\":\"Article\",\"@id\":\"https:\\\/\\\/www.dynseo.com\\\/de\\\/reminiscence-therapeutique-et-alzheimer-quels-bienfaits-concrets-dynseo-2\\\/#article\",\"isPartOf\":{\"@id\":\"https:\\\/\\\/www.dynseo.com\\\/de\\\/reminiscence-therapeutique-et-alzheimer-quels-bienfaits-concrets-dynseo-2\\\/\"},\"author\":{\"name\":\"DYNSEO\",\"@id\":\"https:\\\/\\\/www.dynseo.com\\\/de\\\/#\\\/schema\\\/person\\\/78ef63df2ee64e0989bc68f8401b38d6\"},\"headline\":\"R\u00e9miniscence th\u00e9rapeutique et Alzheimer : quels bienfaits concrets ? | DYNSEO\",\"datePublished\":\"2026-03-12T09:27:09+00:00\",\"dateModified\":\"2026-04-16T15:19:53+00:00\",\"mainEntityOfPage\":{\"@id\":\"https:\\\/\\\/www.dynseo.com\\\/de\\\/reminiscence-therapeutique-et-alzheimer-quels-bienfaits-concrets-dynseo-2\\\/\"},\"wordCount\":1770,\"publisher\":{\"@id\":\"https:\\\/\\\/www.dynseo.com\\\/de\\\/#organization\"},\"image\":{\"@id\":\"https:\\\/\\\/www.dynseo.com\\\/de\\\/reminiscence-therapeutique-et-alzheimer-quels-bienfaits-concrets-dynseo-2\\\/#primaryimage\"},\"thumbnailUrl\":\"https:\\\/\\\/www.dynseo.com\\\/wp-content\\\/uploads\\\/2025\\\/09\\\/abcdhe-5.jpg\",\"articleSection\":[\"Unkategorisiert\"],\"inLanguage\":\"de\"},{\"@type\":\"WebPage\",\"@id\":\"https:\\\/\\\/www.dynseo.com\\\/de\\\/reminiscence-therapeutique-et-alzheimer-quels-bienfaits-concrets-dynseo-2\\\/\",\"url\":\"https:\\\/\\\/www.dynseo.com\\\/de\\\/reminiscence-therapeutique-et-alzheimer-quels-bienfaits-concrets-dynseo-2\\\/\",\"name\":\"R\u00e9miniscence th\u00e9rapeutique et Alzheimer : quels bienfaits concrets ? | DYNSEO - DYNSEO - Lern-App und Memory-Spiele\",\"isPartOf\":{\"@id\":\"https:\\\/\\\/www.dynseo.com\\\/de\\\/#website\"},\"primaryImageOfPage\":{\"@id\":\"https:\\\/\\\/www.dynseo.com\\\/de\\\/reminiscence-therapeutique-et-alzheimer-quels-bienfaits-concrets-dynseo-2\\\/#primaryimage\"},\"image\":{\"@id\":\"https:\\\/\\\/www.dynseo.com\\\/de\\\/reminiscence-therapeutique-et-alzheimer-quels-bienfaits-concrets-dynseo-2\\\/#primaryimage\"},\"thumbnailUrl\":\"https:\\\/\\\/www.dynseo.com\\\/wp-content\\\/uploads\\\/2025\\\/09\\\/abcdhe-5.jpg\",\"datePublished\":\"2026-03-12T09:27:09+00:00\",\"dateModified\":\"2026-04-16T15:19:53+00:00\",\"breadcrumb\":{\"@id\":\"https:\\\/\\\/www.dynseo.com\\\/de\\\/reminiscence-therapeutique-et-alzheimer-quels-bienfaits-concrets-dynseo-2\\\/#breadcrumb\"},\"inLanguage\":\"de\",\"potentialAction\":[{\"@type\":\"ReadAction\",\"target\":[\"https:\\\/\\\/www.dynseo.com\\\/de\\\/reminiscence-therapeutique-et-alzheimer-quels-bienfaits-concrets-dynseo-2\\\/\"]}]},{\"@type\":\"ImageObject\",\"inLanguage\":\"de\",\"@id\":\"https:\\\/\\\/www.dynseo.com\\\/de\\\/reminiscence-therapeutique-et-alzheimer-quels-bienfaits-concrets-dynseo-2\\\/#primaryimage\",\"url\":\"https:\\\/\\\/www.dynseo.com\\\/wp-content\\\/uploads\\\/2025\\\/09\\\/abcdhe-5.jpg\",\"contentUrl\":\"https:\\\/\\\/www.dynseo.com\\\/wp-content\\\/uploads\\\/2025\\\/09\\\/abcdhe-5.jpg\",\"width\":1024,\"height\":576,\"caption\":\"Digitale Lerninhalte f\u00fcr Kinder in der Grundschule\"},{\"@type\":\"BreadcrumbList\",\"@id\":\"https:\\\/\\\/www.dynseo.com\\\/de\\\/reminiscence-therapeutique-et-alzheimer-quels-bienfaits-concrets-dynseo-2\\\/#breadcrumb\",\"itemListElement\":[{\"@type\":\"ListItem\",\"position\":1,\"name\":\"Accueil\",\"item\":\"https:\\\/\\\/www.dynseo.com\\\/de\\\/\"},{\"@type\":\"ListItem\",\"position\":2,\"name\":\"R\u00e9miniscence th\u00e9rapeutique et Alzheimer : quels bienfaits concrets ? | DYNSEO\"}]},{\"@type\":\"WebSite\",\"@id\":\"https:\\\/\\\/www.dynseo.com\\\/de\\\/#website\",\"url\":\"https:\\\/\\\/www.dynseo.com\\\/de\\\/\",\"name\":\"Jeux de m\u00e9moire et stimulation cognitive\",\"description\":\"Entra\u00eenez votre m\u00e9moire et votre cerveau avec DYNSEO\",\"publisher\":{\"@id\":\"https:\\\/\\\/www.dynseo.com\\\/de\\\/#organization\"},\"potentialAction\":[{\"@type\":\"SearchAction\",\"target\":{\"@type\":\"EntryPoint\",\"urlTemplate\":\"https:\\\/\\\/www.dynseo.com\\\/de\\\/?s={search_term_string}\"},\"query-input\":{\"@type\":\"PropertyValueSpecification\",\"valueRequired\":true,\"valueName\":\"search_term_string\"}}],\"inLanguage\":\"de\"},{\"@type\":\"Organization\",\"@id\":\"https:\\\/\\\/www.dynseo.com\\\/de\\\/#organization\",\"name\":\"DYNSEO\",\"url\":\"https:\\\/\\\/www.dynseo.com\\\/de\\\/\",\"logo\":{\"@type\":\"ImageObject\",\"inLanguage\":\"de\",\"@id\":\"https:\\\/\\\/www.dynseo.com\\\/de\\\/#\\\/schema\\\/logo\\\/image\\\/\",\"url\":\"https:\\\/\\\/www.dynseo.com\\\/wp-content\\\/uploads\\\/2022\\\/05\\\/logo-dynseo-new.png\",\"contentUrl\":\"https:\\\/\\\/www.dynseo.com\\\/wp-content\\\/uploads\\\/2022\\\/05\\\/logo-dynseo-new.png\",\"width\":5073,\"height\":1397,\"caption\":\"DYNSEO\"},\"image\":{\"@id\":\"https:\\\/\\\/www.dynseo.com\\\/de\\\/#\\\/schema\\\/logo\\\/image\\\/\"}},{\"@type\":\"Person\",\"@id\":\"https:\\\/\\\/www.dynseo.com\\\/de\\\/#\\\/schema\\\/person\\\/78ef63df2ee64e0989bc68f8401b38d6\",\"name\":\"DYNSEO\",\"url\":\"https:\\\/\\\/www.dynseo.com\\\/de\\\/author\\\/justine\\\/\"}]}<\/script>\n<!-- \/ Yoast SEO plugin. -->","yoast_head_json":{"title":"R\u00e9miniscence th\u00e9rapeutique et Alzheimer : quels bienfaits concrets ? | DYNSEO - DYNSEO - Lern-App und Memory-Spiele","robots":{"index":"index","follow":"follow","max-snippet":"max-snippet:-1","max-image-preview":"max-image-preview:large","max-video-preview":"max-video-preview:-1"},"canonical":"https:\/\/www.dynseo.com\/de\/reminiscence-therapeutique-et-alzheimer-quels-bienfaits-concrets-dynseo-2\/","og_locale":"de_DE","og_type":"article","og_title":"R\u00e9miniscence th\u00e9rapeutique et Alzheimer : quels bienfaits concrets ? | DYNSEO - DYNSEO - Lern-App und Memory-Spiele","og_url":"https:\/\/www.dynseo.com\/de\/reminiscence-therapeutique-et-alzheimer-quels-bienfaits-concrets-dynseo-2\/","og_site_name":"DYNSEO - Lern-App und Memory-Spiele","article_published_time":"2026-03-12T09:27:09+00:00","article_modified_time":"2026-04-16T15:19:53+00:00","og_image":[{"width":1024,"height":576,"url":"https:\/\/www.dynseo.com\/wp-content\/uploads\/2025\/09\/abcdhe-5.jpg","type":"image\/jpeg"}],"author":"DYNSEO","twitter_misc":{"Verfasst von":"DYNSEO","Gesch\u00e4tzte Lesezeit":"9\u00a0Minuten"},"schema":{"@context":"https:\/\/schema.org","@graph":[{"@type":"Article","@id":"https:\/\/www.dynseo.com\/de\/reminiscence-therapeutique-et-alzheimer-quels-bienfaits-concrets-dynseo-2\/#article","isPartOf":{"@id":"https:\/\/www.dynseo.com\/de\/reminiscence-therapeutique-et-alzheimer-quels-bienfaits-concrets-dynseo-2\/"},"author":{"name":"DYNSEO","@id":"https:\/\/www.dynseo.com\/de\/#\/schema\/person\/78ef63df2ee64e0989bc68f8401b38d6"},"headline":"R\u00e9miniscence th\u00e9rapeutique et Alzheimer : quels bienfaits concrets ? | DYNSEO","datePublished":"2026-03-12T09:27:09+00:00","dateModified":"2026-04-16T15:19:53+00:00","mainEntityOfPage":{"@id":"https:\/\/www.dynseo.com\/de\/reminiscence-therapeutique-et-alzheimer-quels-bienfaits-concrets-dynseo-2\/"},"wordCount":1770,"publisher":{"@id":"https:\/\/www.dynseo.com\/de\/#organization"},"image":{"@id":"https:\/\/www.dynseo.com\/de\/reminiscence-therapeutique-et-alzheimer-quels-bienfaits-concrets-dynseo-2\/#primaryimage"},"thumbnailUrl":"https:\/\/www.dynseo.com\/wp-content\/uploads\/2025\/09\/abcdhe-5.jpg","articleSection":["Unkategorisiert"],"inLanguage":"de"},{"@type":"WebPage","@id":"https:\/\/www.dynseo.com\/de\/reminiscence-therapeutique-et-alzheimer-quels-bienfaits-concrets-dynseo-2\/","url":"https:\/\/www.dynseo.com\/de\/reminiscence-therapeutique-et-alzheimer-quels-bienfaits-concrets-dynseo-2\/","name":"R\u00e9miniscence th\u00e9rapeutique et Alzheimer : quels bienfaits concrets ? | DYNSEO - DYNSEO - Lern-App und Memory-Spiele","isPartOf":{"@id":"https:\/\/www.dynseo.com\/de\/#website"},"primaryImageOfPage":{"@id":"https:\/\/www.dynseo.com\/de\/reminiscence-therapeutique-et-alzheimer-quels-bienfaits-concrets-dynseo-2\/#primaryimage"},"image":{"@id":"https:\/\/www.dynseo.com\/de\/reminiscence-therapeutique-et-alzheimer-quels-bienfaits-concrets-dynseo-2\/#primaryimage"},"thumbnailUrl":"https:\/\/www.dynseo.com\/wp-content\/uploads\/2025\/09\/abcdhe-5.jpg","datePublished":"2026-03-12T09:27:09+00:00","dateModified":"2026-04-16T15:19:53+00:00","breadcrumb":{"@id":"https:\/\/www.dynseo.com\/de\/reminiscence-therapeutique-et-alzheimer-quels-bienfaits-concrets-dynseo-2\/#breadcrumb"},"inLanguage":"de","potentialAction":[{"@type":"ReadAction","target":["https:\/\/www.dynseo.com\/de\/reminiscence-therapeutique-et-alzheimer-quels-bienfaits-concrets-dynseo-2\/"]}]},{"@type":"ImageObject","inLanguage":"de","@id":"https:\/\/www.dynseo.com\/de\/reminiscence-therapeutique-et-alzheimer-quels-bienfaits-concrets-dynseo-2\/#primaryimage","url":"https:\/\/www.dynseo.com\/wp-content\/uploads\/2025\/09\/abcdhe-5.jpg","contentUrl":"https:\/\/www.dynseo.com\/wp-content\/uploads\/2025\/09\/abcdhe-5.jpg","width":1024,"height":576,"caption":"Digitale Lerninhalte f\u00fcr Kinder in der Grundschule"},{"@type":"BreadcrumbList","@id":"https:\/\/www.dynseo.com\/de\/reminiscence-therapeutique-et-alzheimer-quels-bienfaits-concrets-dynseo-2\/#breadcrumb","itemListElement":[{"@type":"ListItem","position":1,"name":"Accueil","item":"https:\/\/www.dynseo.com\/de\/"},{"@type":"ListItem","position":2,"name":"R\u00e9miniscence th\u00e9rapeutique et Alzheimer : quels bienfaits concrets ? | DYNSEO"}]},{"@type":"WebSite","@id":"https:\/\/www.dynseo.com\/de\/#website","url":"https:\/\/www.dynseo.com\/de\/","name":"Jeux de m\u00e9moire et stimulation cognitive","description":"Entra\u00eenez votre m\u00e9moire et votre cerveau avec DYNSEO","publisher":{"@id":"https:\/\/www.dynseo.com\/de\/#organization"},"potentialAction":[{"@type":"SearchAction","target":{"@type":"EntryPoint","urlTemplate":"https:\/\/www.dynseo.com\/de\/?s={search_term_string}"},"query-input":{"@type":"PropertyValueSpecification","valueRequired":true,"valueName":"search_term_string"}}],"inLanguage":"de"},{"@type":"Organization","@id":"https:\/\/www.dynseo.com\/de\/#organization","name":"DYNSEO","url":"https:\/\/www.dynseo.com\/de\/","logo":{"@type":"ImageObject","inLanguage":"de","@id":"https:\/\/www.dynseo.com\/de\/#\/schema\/logo\/image\/","url":"https:\/\/www.dynseo.com\/wp-content\/uploads\/2022\/05\/logo-dynseo-new.png","contentUrl":"https:\/\/www.dynseo.com\/wp-content\/uploads\/2022\/05\/logo-dynseo-new.png","width":5073,"height":1397,"caption":"DYNSEO"},"image":{"@id":"https:\/\/www.dynseo.com\/de\/#\/schema\/logo\/image\/"}},{"@type":"Person","@id":"https:\/\/www.dynseo.com\/de\/#\/schema\/person\/78ef63df2ee64e0989bc68f8401b38d6","name":"DYNSEO","url":"https:\/\/www.dynseo.com\/de\/author\/justine\/"}]}},"_links":{"self":[{"href":"https:\/\/www.dynseo.com\/de\/wp-json\/wp\/v2\/posts\/515540","targetHints":{"allow":["GET"]}}],"collection":[{"href":"https:\/\/www.dynseo.com\/de\/wp-json\/wp\/v2\/posts"}],"about":[{"href":"https:\/\/www.dynseo.com\/de\/wp-json\/wp\/v2\/types\/post"}],"author":[{"embeddable":true,"href":"https:\/\/www.dynseo.com\/de\/wp-json\/wp\/v2\/users\/4"}],"replies":[{"embeddable":true,"href":"https:\/\/www.dynseo.com\/de\/wp-json\/wp\/v2\/comments?post=515540"}],"version-history":[{"count":3,"href":"https:\/\/www.dynseo.com\/de\/wp-json\/wp\/v2\/posts\/515540\/revisions"}],"predecessor-version":[{"id":538938,"href":"https:\/\/www.dynseo.com\/de\/wp-json\/wp\/v2\/posts\/515540\/revisions\/538938"}],"wp:featuredmedia":[{"embeddable":true,"href":"https:\/\/www.dynseo.com\/de\/wp-json\/wp\/v2\/media\/480313"}],"wp:attachment":[{"href":"https:\/\/www.dynseo.com\/de\/wp-json\/wp\/v2\/media?parent=515540"}],"wp:term":[{"taxonomy":"category","embeddable":true,"href":"https:\/\/www.dynseo.com\/de\/wp-json\/wp\/v2\/categories?post=515540"},{"taxonomy":"post_tag","embeddable":true,"href":"https:\/\/www.dynseo.com\/de\/wp-json\/wp\/v2\/tags?post=515540"}],"curies":[{"name":"wp","href":"https:\/\/api.w.org\/{rel}","templated":true}]}}