{"id":562074,"date":"2026-04-26T11:07:29","date_gmt":"2026-04-26T09:07:29","guid":{"rendered":"https:\/\/www.dynseo.com\/comment-croit-le-cerveau-de-votre-enfant-entre-5-et-8-ans-2\/"},"modified":"2026-04-26T11:33:35","modified_gmt":"2026-04-26T09:33:35","slug":"wie-waechst-das-gehirn-ihres-kindes-zwischen-5-und-8-jahren","status":"publish","type":"post","link":"https:\/\/www.dynseo.com\/de\/wie-waechst-das-gehirn-ihres-kindes-zwischen-5-und-8-jahren\/","title":{"rendered":"Wie w\u00e4chst das Gehirn Ihres Kindes zwischen 5 und 8 Jahren?"},"content":{"rendered":"<p>[et_pb_section fb_built=&#8220;1&#8243; _builder_version=&#8220;4.16&#8243; custom_padding=&#8220;0px|0px|0px|0px|false|false&#8220; margin_top=&#8220;0px&#8220; margin_bottom=&#8220;0px&#8220; global_colors_info=&#8220;{}&#8220;][et_pb_row _builder_version=&#8220;4.16&#8243; custom_padding=&#8220;0px|0px|0px|0px|false|false&#8220; margin_top=&#8220;0px&#8220; margin_bottom=&#8220;0px&#8220; column_structure=&#8220;4_4&#8243; global_colors_info=&#8220;{}&#8220;][et_pb_column type=&#8220;4_4&#8243; _builder_version=&#8220;4.16&#8243; custom_padding=&#8220;0px|0px|0px|0px|false|false&#8220; global_colors_info=&#8220;{}&#8220;][et_pb_code _builder_version=&#8220;4.16&#8243; custom_padding=&#8220;0px|0px|0px|0px|false|false&#8220; global_colors_info=&#8220;{}&#8220;]<link rel=\"preconnect\" href=\"https:\/\/fonts.googleapis.com\">\n<style>\n        :root {\n            --primary-blue: #5e5ed7;\n            --blue-dark: #5268c9;\n            --teal: #a9e2e4;\n            --yellow: #ffeca7;\n            --pink: #e73469;\n            --white: #ffffff;\n            --light-gray: #f8f9fa;\n            --dark-gray: #333333;\n            --text-color: #555555;\n        }<\/pee>\n<pee>        * {\n            margin: 0;\n            padding: 0;\n            box-sizing: border-box;\n        }<\/pee>\n<pee>        body {\n            font-family: 'Poppins', sans-serif;\n            line-height: 1.6;\n            color: var(--text-color);\n            background: var(--white);\n        }<\/pee>\n<pee>        .article-hero {\n            background: linear-gradient(135deg, var(--primary-blue) 0%, var(--blue-dark) 100%);\n            color: var(--white);\n            padding: 60px 0 100px;\n            position: relative;\n            overflow: hidden;\n        }<\/pee>\n<pee>        .article-hero-curve {\n            position: absolute;\n            bottom: -2px;\n            left: 0;\n            right: 0;\n            height: 100px;\n            background: var(--white);\n            clip-path: ellipse(100% 100% at 50% 100%);\n        }<\/pee>\n<pee>        .article-hero-inner {\n            max-width: 1200px;\n            margin: 0 auto;\n            padding: 0 20px;\n            position: relative;\n            z-index: 2;\n        }<\/pee>\n<pee>        .article-breadcrumb {\n            font-size: 14px;\n            margin-bottom: 20px;\n            opacity: 0.9;\n        }<\/pee>\n<pee>        .article-breadcrumb a {\n            color: var(--white);\n            text-decoration: none;\n        }<\/pee>\n<pee>        .article-category {\n            display: inline-block;\n            background: var(--teal);\n            color: var(--dark-gray);\n            padding: 8px 16px;\n            border-radius: 20px;\n            font-size: 14px;\n            font-weight: 600;\n            margin-bottom: 30px;\n        }<\/pee>\n<pee>        .article-hero h1 {\n            font-family: 'Montserrat', sans-serif;\n            font-size: 3rem;\n            font-weight: 700;\n            line-height: 1.2;\n            margin-bottom: 20px;\n        }<\/pee>\n<pee>        .hl {\n            background: linear-gradient(120deg, var(--yellow) 0%, var(--teal) 100%);\n            -webkit-background-clip: text;\n            -webkit-text-fill-color: transparent;\n            background-clip: text;\n        }<\/pee>\n<pee>        .article-meta {\n            display: flex;\n            gap: 30px;\n            align-items: center;\n            flex-wrap: wrap;\n            margin-top: 30px;\n            font-size: 14px;\n        }<\/pee>\n<pee>        .article-meta span {\n            display: flex;\n            align-items: center;\n            gap: 8px;\n        }<\/pee>\n<pee>        .stars {\n            color: var(--yellow);\n            font-size: 18px;\n        }<\/pee>\n<pee>        .article-body {\n            padding: 80px 0;\n        }<\/pee>\n<pee>        .container {\n            max-width: 1200px;\n            margin: 0 auto;\n            padding: 0 20px;\n        }<\/pee>\n<pee>        .intro-block {\n            font-size: 18px;\n            line-height: 1.8;\n            margin-bottom: 60px;\n            padding: 40px;\n            background: linear-gradient(135deg, var(--light-gray) 0%, #f0f0f0 100%);\n            border-radius: 15px;\n            text-align: center;\n        }<\/pee>\n<pee>        .stats-grid {\n            display: grid;\n            grid-template-columns: repeat(auto-fit, minmax(250px, 1fr));\n            gap: 30px;\n            margin-bottom: 80px;\n        }<\/pee>\n<pee>        .stat-card {\n            background: var(--white);\n            padding: 30px;\n            border-radius: 15px;\n            text-align: center;\n            box-shadow: 0 10px 30px rgba(0,0,0,0.1);\n            border-top: 4px solid var(--primary-blue);\n        }<\/pee>\n<pee>        .stat-card .number {\n            font-family: 'Montserrat', sans-serif;\n            font-size: 2.5rem;\n            font-weight: 700;\n            color: var(--primary-blue);\n            display: block;\n            margin-bottom: 10px;\n        }<\/pee>\n<pee>        .stat-card .label {\n            font-weight: 500;\n            color: var(--dark-gray);\n        }<\/pee>\n<pee>        h2 {\n            font-family: 'Montserrat', sans-serif;\n            font-size: 2rem;\n            font-weight: 600;\n            color: var(--dark-gray);\n            margin: 60px 0 30px;\n            padding-bottom: 15px;\n            border-bottom: 3px solid var(--teal);\n        }<\/pee>\n<pee>        h3 {\n            font-family: 'Montserrat', sans-serif;\n            font-size: 1.4rem;\n            font-weight: 600;\n            color: var(--dark-gray);\n            margin: 40px 0 20px;\n        }<\/pee>\n<pee>        p {\n            margin-bottom: 20px;\n            line-height: 1.8;\n        }<\/pee>\n<pee>        .conseil-card {\n            background: linear-gradient(135deg, var(--yellow) 0%, #fff5cc 100%);\n            padding: 30px;\n            border-radius: 15px;\n            margin: 30px 0;\n            border-left: 5px solid var(--primary-blue);\n        }<\/pee>\n<pee>        .conseil-card h4 {\n            font-family: 'Montserrat', sans-serif;\n            color: var(--dark-gray);\n            margin-bottom: 15px;\n            font-size: 1.2rem;\n        }<\/pee>\n<pee>        .key-points {\n            background: var(--white);\n            padding: 30px;\n            border-radius: 15px;\n            margin: 30px 0;\n            box-shadow: 0 5px 15px rgba(0,0,0,0.08);\n        }<\/pee>\n<pee>        .key-points ul {\n            list-style: none;\n            padding: 0;\n        }<\/pee>\n<pee>        .key-points li {\n            padding: 10px 0;\n            padding-left: 30px;\n            position: relative;\n        }<\/pee>\n<pee>        .key-points li:before {\n            content: \"\u2713\";\n            position: absolute;\n            left: 0;\n            color: var(--primary-blue);\n            font-weight: bold;\n        }<\/pee>\n<pee>        .tip-box {\n            background: linear-gradient(135deg, var(--teal) 0%, #d4f0f1 100%);\n            padding: 25px;\n            border-radius: 12px;\n            margin: 25px 0;\n            position: relative;\n        }<\/pee>\n<pee>        .tip-box-label {\n            background: var(--primary-blue);\n            color: var(--white);\n            padding: 5px 12px;\n            border-radius: 15px;\n            font-size: 12px;\n            font-weight: 600;\n            text-transform: uppercase;\n            letter-spacing: 1px;\n            display: inline-block;\n            margin-bottom: 15px;\n        }<\/pee>\n<pee>        .expert-box {\n            background: linear-gradient(135deg, #fff 0%, var(--light-gray) 100%);\n            border: 2px solid var(--primary-blue);\n            border-radius: 15px;\n            padding: 0;\n            margin: 40px 0;\n            overflow: hidden;\n        }<\/pee>\n<pee>        .expert-box-label {\n            background: var(--primary-blue);\n            color: var(--white);\n            padding: 15px 25px;\n            font-weight: 600;\n            text-transform: uppercase;\n            letter-spacing: 1px;\n            font-size: 14px;\n        }<\/pee>\n<pee>        .expert-box-title {\n            background: var(--blue-dark);\n            color: var(--white);\n            padding: 20px 25px;\n            font-family: 'Montserrat', sans-serif;\n            font-size: 1.3rem;\n            font-weight: 600;\n        }<\/pee>\n<pee>        .expert-inner {\n            padding: 25px;\n        }<\/pee>\n<pee>        .expert-inner-title {\n            font-family: 'Montserrat', sans-serif;\n            color: var(--primary-blue);\n            font-size: 1.2rem;\n            font-weight: 600;\n            margin-bottom: 15px;\n        }<\/pee>\n<pee>        .faq-list {\n            margin: 60px 0;\n        }<\/pee>\n<pee>        .faq-item {\n            background: var(--white);\n            border: 1px solid #e0e0e0;\n            border-radius: 10px;\n            margin-bottom: 15px;\n            overflow: hidden;\n        }<\/pee>\n<pee>        .faq-q {\n            padding: 25px;\n            cursor: pointer;\n            display: flex;\n            justify-content: space-between;\n            align-items: center;\n            font-weight: 600;\n            font-family: 'Montserrat', sans-serif;\n            background: var(--light-gray);\n            transition: all 0.3s ease;\n        }<\/pee>\n<pee>        .faq-q:hover {\n            background: var(--teal);\n        }<\/pee>\n<pee>        .faq-icon {\n            font-size: 20px;\n            font-weight: bold;\n            color: var(--primary-blue);\n            transition: transform 0.3s ease;\n        }<\/pee>\n<pee>        .faq-item.open .faq-icon {\n            transform: rotate(45deg);\n        }<\/pee>\n<pee>        .faq-a {\n            padding: 0 25px;\n            max-height: 0;\n            overflow: hidden;\n            transition: all 0.3s ease;\n        }<\/pee>\n<pee>        .faq-item.open .faq-a {\n            padding: 25px;\n            max-height: 500px;\n        }<\/pee>\n<pee>        .cta-box {\n            background: linear-gradient(135deg, var(--primary-blue) 0%, var(--blue-dark) 100%);\n            color: var(--white);\n            padding: 50px;\n            border-radius: 20px;\n            text-align: center;\n            margin: 60px 0;\n        }<\/pee>\n<pee>        .cta-box h3 {\n            color: var(--white);\n            margin-bottom: 20px;\n        }<\/pee>\n<pee>        .cta-buttons {\n            display: flex;\n            gap: 20px;\n            justify-content: center;\n            flex-wrap: wrap;\n            margin-top: 30px;\n        }<\/pee>\n<pee>        .btn-white {\n            background: var(--white);\n            color: var(--primary-blue);\n            padding: 15px 30px;\n            border-radius: 25px;\n            text-decoration: none;\n            font-weight: 600;\n            font-family: 'Montserrat', sans-serif;\n            transition: all 0.3s ease;\n            border: none;\n            cursor: pointer;\n        }<\/pee>\n<pee>        .btn-white:hover {\n            background: var(--yellow);\n            transform: translateY(-2px);\n        }<\/pee>\n<pee>        .btn-outline {\n            background: transparent;\n            color: var(--white);\n            padding: 15px 30px;\n            border: 2px solid var(--white);\n            border-radius: 25px;\n            text-decoration: none;\n            font-weight: 600;\n            font-family: 'Montserrat', sans-serif;\n            transition: all 0.3s ease;\n        }<\/pee>\n<pee>        .btn-outline:hover {\n            background: var(--white);\n            color: var(--primary-blue);\n        }<\/pee>\n<pee>        .article-tags {\n            margin: 60px 0;\n            padding: 30px 0;\n            border-top: 1px solid #e0e0e0;\n        }<\/pee>\n<pee>        .article-tag {\n            display: inline-block;\n            background: var(--light-gray);\n            color: var(--dark-gray);\n            padding: 8px 16px;\n            border-radius: 20px;\n            text-decoration: none;\n            font-size: 14px;\n            margin: 5px;\n            transition: all 0.3s ease;\n        }<\/pee>\n<pee>        .article-tag:hover {\n            background: var(--teal);\n            color: var(--dark-gray);\n        }<\/pee>\n<pee>        @media (max-width: 768px) {\n            .article-hero h1 {\n                font-size: 2rem;\n            }<\/pee>\n<pee>            .stats-grid {\n                grid-template-columns: 1fr;\n            }<\/pee>\n<pee>            .article-meta {\n                flex-direction: column;\n                align-items: flex-start;\n                gap: 15px;\n            }<\/pee>\n<pee>            .cta-buttons {\n                flex-direction: column;\n                align-items: center;\n            }\n        }\n    <\/style>\n<section class=\"article-hero\">\n<div class=\"article-hero-inner\">\n<div class=\"article-breadcrumb\">\n                <a href=\"\/\">Accueil<\/a> > <a href=\"\/blog\">Blog<\/a> > D\u00e9veloppement de l&#8217;enfant\n            <\/div>\n<div class=\"article-category\">D\u00e9veloppement Cognitif<\/div>\n<h1>Comment cro\u00eet le <span class=\"hl\">cerveau de votre enfant<\/span> entre 5 et 8 ans ?<\/h1>\n<div class=\"article-meta\">\n                <span>\ud83d\udcc5 Avril 2026<\/span><!\u2013- [et_pb_br_holder] -\u2013><br \/>\n                <span>\u23f1\ufe0f 15 min de lecture<\/span><!\u2013- [et_pb_br_holder] -\u2013><br \/>\n                <span>\ud83d\udc65 Parents et \u00e9ducateurs<\/span><!\u2013- [et_pb_br_holder] -\u2013><br \/>\n                <span class=\"stars\">\u2b50\u2b50\u2b50\u2b50\u2b50 4.8\/5<\/span>\n            <\/div>\n<\/pee><\/div>\n<div class=\"article-hero-curve\"><\/div>\n<\/section>\n<div class=\"article-body\">\n<div class=\"container\">\n<div class=\"intro-block\">\n<pee>Le cerveau humain est un chef-d&#8217;\u0153uvre d&#8217;\u00e9volution qui continue de nous fasciner par sa complexit\u00e9 et ses capacit\u00e9s d&#8217;adaptation. Entre 5 et 8 ans, votre enfant traverse une p\u00e9riode cruciale de d\u00e9veloppement neurologique, marqu\u00e9e par des transformations spectaculaires qui fa\u00e7onneront ses capacit\u00e9s cognitives pour la vie. Cette p\u00e9riode repr\u00e9sente un tournant d\u00e9cisif o\u00f9 les fondations de l&#8217;apprentissage, de la m\u00e9moire et du raisonnement se consolident de mani\u00e8re remarquable. Comprendre ces m\u00e9canismes vous permettra d&#8217;accompagner votre enfant dans cette aventure extraordinaire. D\u00e9couvrons ensemble comment stimuler efficacement cette croissance c\u00e9r\u00e9brale pour optimiser son potentiel d&#8217;apprentissage et son \u00e9panouissement.<\/pee>\n<\/pee><\/div>\n<div class=\"stats-grid\">\n<div class=\"stat-card\">\n                    <span class=\"number\">90%<\/span><!\u2013- [et_pb_br_holder] -\u2013><br \/>\n                    <span class=\"label\">de la taille adulte atteinte \u00e0 5 ans<\/span>\n                <\/div>\n<div class=\"stat-card\">\n                    <span class=\"number\">1000<\/span><!\u2013- [et_pb_br_holder] -\u2013><br \/>\n                    <span class=\"label\">nouvelles connexions par seconde<\/span>\n                <\/div>\n<div class=\"stat-card\">\n                    <span class=\"number\">20%<\/span><!\u2013- [et_pb_br_holder] -\u2013><br \/>\n                    <span class=\"label\">de l&#8217;\u00e9nergie corporelle utilis\u00e9e<\/span>\n                <\/div>\n<div class=\"stat-card\">\n                    <span class=\"number\">100<\/span><!\u2013- [et_pb_br_holder] -\u2013><br \/>\n                    <span class=\"label\">milliards de neurones \u00e0 organiser<\/span>\n                <\/div>\n<\/pee><\/div>\n<h2>1. Les fondamentaux du d\u00e9veloppement c\u00e9r\u00e9bral \u00e0 5 ans<\/h2>\n<pee>\u00c0 l&#8217;\u00e2ge de 5 ans, le cerveau de votre enfant a d\u00e9j\u00e0 parcouru un chemin extraordinaire depuis sa naissance. Repr\u00e9sentant environ 90% de sa taille adulte finale, cette masse de 100 milliards de neurones entre dans une phase de maturation sophistiqu\u00e9e o\u00f9 l&#8217;organisation prime sur la croissance brute. Cette p\u00e9riode marque le d\u00e9but d&#8217;une sp\u00e9cialisation fonctionnelle remarquable, o\u00f9 chaque r\u00e9gion c\u00e9r\u00e9brale affine ses connexions pour devenir plus efficace.<\/pee>\n<pee>Le processus de my\u00e9linisation, qui consiste en l&#8217;enrobage des fibres nerveuses par une gaine protectrice, s&#8217;acc\u00e9l\u00e8re consid\u00e9rablement \u00e0 cet \u00e2ge. Cette my\u00e9line agit comme un isolant \u00e9lectrique, permettant une transmission plus rapide et plus pr\u00e9cise des signaux nerveux. Les zones responsables de la motricit\u00e9 fine, du langage et de la coordination oculo-manuelle b\u00e9n\u00e9ficient particuli\u00e8rement de cette maturation, expliquant pourquoi votre enfant devient soudain capable d&#8217;\u00e9crire ses premi\u00e8res lettres ou de dessiner avec plus de pr\u00e9cision.<\/pee>\n<pee>La plasticit\u00e9 c\u00e9r\u00e9brale atteint un pic remarquable durant cette p\u00e9riode, offrant une fen\u00eatre d&#8217;opportunit\u00e9 unique pour l&#8217;apprentissage. Les exp\u00e9riences v\u00e9cues par votre enfant sculptent litt\u00e9ralement son architecture neuronale, renfor\u00e7ant certaines connexions tout en en \u00e9liminant d&#8217;autres selon le principe &#8222;use it or lose it&#8220;. Cette plasticit\u00e9 exceptionnelle explique pourquoi les enfants de cet \u00e2ge apprennent si facilement de nouvelles comp\u00e9tences, qu&#8217;il s&#8217;agisse d&#8217;une langue \u00e9trang\u00e8re, d&#8217;un instrument de musique ou de concepts math\u00e9matiques complexes.<\/pee>\n<div class=\"conseil-card\">\n<h4>Conseil d&#8217;expert DYNSEO<\/h4>\n<pee>Profitez de cette plasticit\u00e9 maximale en exposant votre enfant \u00e0 des stimulations vari\u00e9es et enrichissantes. Les applications \u00e9ducatives comme <a href=\"https:\/\/www.dynseo.com\/version-coco\/\" style=\"color: #5e5ed7; font-weight: bold;\">COCO PENSE et COCO BOUGE<\/a> sont sp\u00e9cialement con\u00e7ues pour exploiter cette fen\u00eatre d&#8217;apprentissage optimal tout en respectant le rythme naturel de d\u00e9veloppement.<\/pee>\n<\/pee><\/div>\n<div class=\"key-points\">\n<h4>Points cl\u00e9s du d\u00e9veloppement \u00e0 5 ans :<\/h4>\n<ul>\n<li>Maturation des zones de contr\u00f4le moteur et de coordination<\/li>\n<li>D\u00e9veloppement acc\u00e9l\u00e9r\u00e9 des aires du langage et de la communication<\/li>\n<li>\u00c9mergence des capacit\u00e9s de planification et d&#8217;organisation<\/li>\n<li>Consolidation des circuits de la m\u00e9moire \u00e0 court et long terme<\/li>\n<li>Affinement des connexions sensorielles et perceptuelles<\/li>\n<\/ul>\n<\/div>\n<h2>2. L&#8217;explosion synaptique et l&#8217;\u00e9lagage neuronal<\/h2>\n<pee>Entre 5 et 8 ans, le cerveau de votre enfant traverse deux ph\u00e9nom\u00e8nes apparemment contradictoires mais fondamentalement compl\u00e9mentaires : l&#8217;explosion synaptique et l&#8217;\u00e9lagage neuronal. Cette p\u00e9riode ressemble \u00e0 un grand chantier de construction o\u00f9 l&#8217;on \u00e9rige d&#8217;abord de nombreuses structures avant de ne conserver que les plus solides et les plus utiles. Cette m\u00e9taphore illustre parfaitement le processus de raffinement neural qui s&#8217;op\u00e8re durant ces ann\u00e9es cruciales.<\/pee>\n<pee>L&#8217;explosion synaptique se caract\u00e9rise par une formation massive de nouvelles connexions entre les neurones. \u00c0 son pic, un neurone peut \u00e9tablir jusqu&#8217;\u00e0 15 000 connexions avec ses voisins, cr\u00e9ant un r\u00e9seau d&#8217;une complexit\u00e9 inou\u00efe. Cette surabondance de connexions permet au cerveau d&#8217;explorer toutes les possibilit\u00e9s d&#8217;apprentissage et d&#8217;adaptation, offrant une flexibilit\u00e9 maximale face aux d\u00e9fis cognitifs que rencontre votre enfant dans son environnement quotidien.<\/pee>\n<pee>Simultan\u00e9ment, un processus d&#8217;\u00e9lagage s\u00e9lectif commence \u00e0 s&#8217;op\u00e9rer, \u00e9liminant les connexions les moins utilis\u00e9es pour optimiser l&#8217;efficacit\u00e9 du r\u00e9seau neural. Contrairement \u00e0 ce que l&#8217;on pourrait penser, cette \u00e9limination n&#8217;est pas une perte mais un gain en performance. En conservant uniquement les circuits les plus sollicit\u00e9s, le cerveau devient plus rapide, plus pr\u00e9cis et moins \u00e9nergivore. Ce processus explique pourquoi les habitudes prises durant cette p\u00e9riode tendent \u00e0 perdurer : elles gravent leurs circuits dans l&#8217;architecture c\u00e9r\u00e9brale.<\/pee>\n<div class=\"tip-box\">\n<div class=\"tip-box-label\">Astuce pratique<\/div>\n<pee>Encouragez la r\u00e9p\u00e9tition positive d&#8217;activit\u00e9s enrichissantes pour renforcer les connexions b\u00e9n\u00e9fiques. Les exercices r\u00e9guliers de m\u00e9moire, de logique et de cr\u00e9ativit\u00e9 aident \u00e0 consolider les circuits neuronaux les plus pr\u00e9cieux.<\/pee>\n<\/pee><\/div>\n<div class=\"expert-box\">\n<div class=\"expert-box-label\">Expertise DYNSEO<\/div>\n<div class=\"expert-box-title\">Optimisation de l&#8217;\u00e9lagage neuronal<\/div>\n<div class=\"expert-inner\">\n<div class=\"expert-inner-title\">Comment favoriser un \u00e9lagage b\u00e9n\u00e9fique ?<\/div>\n<pee>Pour que l&#8217;\u00e9lagage neuronal se fasse au profit des bonnes connexions, il est essentiel de proposer des activit\u00e9s stimulantes de mani\u00e8re r\u00e9guli\u00e8re et progressive. Les jeux \u00e9ducatifs num\u00e9riques, lorsqu&#8217;ils sont bien con\u00e7us et utilis\u00e9s avec mod\u00e9ration, peuvent contribuer significativement \u00e0 ce processus d&#8217;optimisation.<\/pee>\n<\/pee><\/div>\n<\/pee><\/div>\n<h2>3. Le d\u00e9veloppement du cortex pr\u00e9frontal et des fonctions ex\u00e9cutives<\/h2>\n<pee>Le cortex pr\u00e9frontal, souvent appel\u00e9 le &#8222;PDG du cerveau&#8220;, conna\u00eet une maturation particuli\u00e8rement remarquable entre 5 et 8 ans. Cette r\u00e9gion, situ\u00e9e juste derri\u00e8re le front, orchestrera les fonctions ex\u00e9cutives de votre enfant : planification, prise de d\u00e9cision, contr\u00f4le des impulsions et flexibilit\u00e9 mentale. Son d\u00e9veloppement durant cette p\u00e9riode explique pourquoi votre enfant devient progressivement capable de suivre des r\u00e8gles complexes, de planifier ses actions et de r\u00e9sister aux tentations imm\u00e9diates.<\/pee>\n<pee>Les fonctions ex\u00e9cutives \u00e9mergent graduellement selon un calendrier pr\u00e9cis. La m\u00e9moire de travail, qui permet de maintenir et de manipuler des informations temporairement, se d\u00e9veloppe significativement vers 6-7 ans. Cette capacit\u00e9 nouvelle permet \u00e0 votre enfant de suivre des instructions en plusieurs \u00e9tapes, de r\u00e9soudre des probl\u00e8mes math\u00e9matiques mentalement ou de comprendre des histoires plus complexes avec de multiples personnages et intrigues entrecrois\u00e9es.<\/pee>\n<pee>Le contr\u00f4le inhibiteur, cette capacit\u00e9 \u00e0 freiner ses impulsions et \u00e0 r\u00e9sister aux distractions, se raffine progressivement durant cette p\u00e9riode. Vers 8 ans, votre enfant d\u00e9veloppe une flexibilit\u00e9 cognitive qui lui permet de passer d&#8217;une t\u00e2che \u00e0 l&#8217;autre, de changer de perspective et d&#8217;adapter ses strat\u00e9gies en fonction des situations. Ces comp\u00e9tences sont essentielles pour l&#8217;apprentissage scolaire et le d\u00e9veloppement social, car elles permettent de g\u00e9rer les \u00e9motions et d&#8217;interagir harmonieusement avec autrui.<\/pee>\n<div class=\"conseil-card\">\n<h4>Strat\u00e9gies de stimulation du cortex pr\u00e9frontal<\/h4>\n<pee>Proposez des jeux qui demandent de la planification comme les puzzles complexes, les jeux de construction ou les d\u00e9fis logiques. Les activit\u00e9s qui combinent r\u00e9flexion et mouvement, comme celles propos\u00e9es dans <a href=\"https:\/\/www.dynseo.com\/version-coco\/\" style=\"color: #5e5ed7; font-weight: bold;\">COCO PENSE et COCO BOUGE<\/a>, sont particuli\u00e8rement efficaces pour stimuler le d\u00e9veloppement pr\u00e9frontal.<\/pee>\n<\/pee><\/div>\n<h2>4. L&#8217;affinement des r\u00e9seaux de la m\u00e9moire et de l&#8217;attention<\/h2>\n<pee>La m\u00e9moire de votre enfant subit une transformation qualitative remarquable entre 5 et 8 ans. Au-del\u00e0 de l&#8217;augmentation pure de sa capacit\u00e9, c&#8217;est toute l&#8217;architecture mn\u00e9sique qui se sophistique. Les r\u00e9seaux hippocampiques, responsables de la formation des souvenirs, \u00e9tablissent des connexions plus matures avec le cortex, permettant un stockage plus durable et une r\u00e9cup\u00e9ration plus efficace des informations. Cette maturation explique pourquoi les souvenirs form\u00e9s durant cette p\u00e9riode sont souvent particuli\u00e8rement vifs et durables.<\/pee>\n<pee>L&#8217;attention, cette fonction cognitive fondamentale, d\u00e9veloppe ses diff\u00e9rentes composantes de mani\u00e8re asynchrone. L&#8217;attention soutenue, capacit\u00e9 \u00e0 maintenir sa concentration sur une t\u00e2che pendant une dur\u00e9e prolong\u00e9e, s&#8217;am\u00e9liore graduellement pour atteindre environ 15-20 minutes vers 7-8 ans. L&#8217;attention s\u00e9lective, qui permet de filtrer les informations pertinentes et d&#8217;ignorer les distractions, devient plus efficace gr\u00e2ce \u00e0 la maturation des r\u00e9seaux fronto-pari\u00e9taux. Cette \u00e9volution est cruciale pour les apprentissages scolaires qui demandent une concentration prolong\u00e9e.<\/pee>\n<pee>La m\u00e9moire de travail, v\u00e9ritable interface entre attention et m\u00e9moire, conna\u00eet un d\u00e9veloppement spectaculaire durant cette p\u00e9riode. Sa capacit\u00e9 passe d&#8217;environ 4 \u00e9l\u00e9ments \u00e0 6-7 \u00e9l\u00e9ments vers 8 ans, permettant \u00e0 votre enfant de manipuler mentalement des informations de plus en plus complexes. Cette progression se refl\u00e8te dans sa capacit\u00e9 croissante \u00e0 r\u00e9soudre des probl\u00e8mes math\u00e9matiques, \u00e0 suivre des recettes de cuisine ou \u00e0 comprendre des instructions multiples.<\/pee>\n<div class=\"key-points\">\n<h4>Signes d&#8217;am\u00e9lioration de l&#8217;attention et de la m\u00e9moire :<\/h4>\n<ul>\n<li>Capacit\u00e9 \u00e0 se concentrer plus longtemps sur une activit\u00e9 choisie<\/li>\n<li>Am\u00e9lioration du rappel des \u00e9v\u00e9nements et des apprentissages<\/li>\n<li>D\u00e9veloppement de strat\u00e9gies de m\u00e9morisation spontan\u00e9es<\/li>\n<li>Meilleure gestion des distractions environnementales<\/li>\n<li>\u00c9mergence de la m\u00e9tacognition (r\u00e9flexion sur ses propres processus mentaux)<\/li>\n<\/ul>\n<\/div>\n<h2>5. La sp\u00e9cialisation h\u00e9misph\u00e9rique et la lat\u00e9ralisation<\/h2>\n<pee>La p\u00e9riode de 5 \u00e0 8 ans marque une \u00e9tape cruciale dans la sp\u00e9cialisation des deux h\u00e9misph\u00e8res c\u00e9r\u00e9braux. Cette lat\u00e9ralisation fonctionnelle, bien qu&#8217;amorc\u00e9e d\u00e8s les premi\u00e8res ann\u00e9es de vie, se consolide et se pr\u00e9cise durant cette p\u00e9riode, \u00e9tablissant les bases de comp\u00e9tences sp\u00e9cialis\u00e9es qui caract\u00e9riseront le fonctionnement cognitif de votre enfant. L&#8217;h\u00e9misph\u00e8re gauche, traditionnellement associ\u00e9 au langage et au raisonnement logique, d\u00e9veloppe ses connexions internes et renforce sa dominance pour les t\u00e2ches analytiques et s\u00e9quentielles.<\/pee>\n<pee>Parall\u00e8lement, l&#8217;h\u00e9misph\u00e8re droit affine ses capacit\u00e9s de traitement spatial, de reconnaissance des formes et de perception globale. Cette sp\u00e9cialisation ne signifie pas une s\u00e9paration herm\u00e9tique : au contraire, les connexions inter-h\u00e9misph\u00e9riques via le corps calleux se renforcent consid\u00e9rablement, permettant une collaboration plus efficace entre les deux moiti\u00e9s du cerveau. Cette coop\u00e9ration accrue se manifeste dans l&#8217;\u00e9mergence de comp\u00e9tences complexes n\u00e9cessitant l&#8217;int\u00e9gration de processus analytiques et spatiaux, comme la lecture, l&#8217;\u00e9criture ou les math\u00e9matiques.<\/pee>\n<pee>La dominance manuelle, indicateur visible de cette lat\u00e9ralisation, se stabilise d\u00e9finitivement durant cette p\u00e9riode. Au-del\u00e0 de l&#8217;aspect moteur, cette pr\u00e9f\u00e9rence manuelle refl\u00e8te l&#8217;organisation g\u00e9n\u00e9rale du syst\u00e8me nerveux et influence les strat\u00e9gies d&#8217;apprentissage de votre enfant. Les connexions crois\u00e9es entre les mains et les h\u00e9misph\u00e8res oppos\u00e9s se renforcent, optimisant la coordination bimanuelle et la dext\u00e9rit\u00e9 fine n\u00e9cessaires pour l&#8217;\u00e9criture, le dessin et les activit\u00e9s manuelles complexes.<\/pee>\n<div class=\"tip-box\">\n<div class=\"tip-box-label\">Stimulation \u00e9quilibr\u00e9e<\/div>\n<pee>Proposez des activit\u00e9s qui sollicitent les deux h\u00e9misph\u00e8res : puzzles et constructions pour l&#8217;aspect spatial, histoires et comptines pour le langage, activit\u00e9s artistiques combinant cr\u00e9ativit\u00e9 et technique. Cette stimulation bilat\u00e9rale favorise un d\u00e9veloppement harmonieux et complet.<\/pee>\n<\/pee><\/div>\n<h2>6. Le d\u00e9veloppement du langage et des aires sp\u00e9cialis\u00e9es<\/h2>\n<pee>Entre 5 et 8 ans, le syst\u00e8me linguistique de votre enfant conna\u00eet une sophistication remarquable qui va bien au-del\u00e0 de l&#8217;enrichissement du vocabulaire. Les aires de Broca et de Wernicke, respectivement responsables de la production et de la compr\u00e9hension du langage, \u00e9tablissent des connexions plus matures avec l&#8217;ensemble du cortex, permettant l&#8217;\u00e9mergence de comp\u00e9tences linguistiques complexes comme la lecture, l&#8217;\u00e9criture et la compr\u00e9hension de structures grammaticales \u00e9labor\u00e9es.<\/pee>\n<pee>La conscience phonologique, cette capacit\u00e9 \u00e0 manipuler mentalement les sons de la langue, atteint sa maturit\u00e9 durant cette p\u00e9riode. Cette comp\u00e9tence est fondamentale pour l&#8217;apprentissage de la lecture, car elle permet \u00e0 votre enfant de comprendre que les mots peuvent \u00eatre d\u00e9compos\u00e9s en unit\u00e9s sonores plus petites (syllabes, phon\u00e8mes) et que ces unit\u00e9s correspondent \u00e0 des symboles \u00e9crits. Le d\u00e9veloppement de cette conscience s&#8217;accompagne d&#8217;une maturation des connexions entre les aires auditives, visuelles et motrices, cr\u00e9ant un r\u00e9seau int\u00e9gr\u00e9 indispensable \u00e0 la litt\u00e9ratie.<\/pee>\n<pee>Le vocabulaire de votre enfant explose litt\u00e9ralement durant cette p\u00e9riode, passant d&#8217;environ 5 000 mots \u00e0 5 ans \u00e0 plus de 10 000 mots vers 8 ans. Cette expansion quantitative s&#8217;accompagne d&#8217;une organisation qualitative plus sophistiqu\u00e9e : les mots ne sont plus stock\u00e9s de mani\u00e8re isol\u00e9e mais s&#8217;organisent en r\u00e9seaux s\u00e9mantiques complexes, permettant des associations d&#8217;id\u00e9es plus riches et une compr\u00e9hension plus nuanc\u00e9e des concepts abstraits.<\/pee>\n<div class=\"expert-box\">\n<div class=\"expert-box-label\">Recherche DYNSEO<\/div>\n<div class=\"expert-box-title\">Optimisation du d\u00e9veloppement langagier<\/div>\n<div class=\"expert-inner\">\n<div class=\"expert-inner-title\">Les cl\u00e9s d&#8217;un d\u00e9veloppement linguistique optimal<\/div>\n<pee>Nos recherches montrent que l&#8217;exposition \u00e0 un langage riche et vari\u00e9, combin\u00e9e \u00e0 des interactions de qualit\u00e9, favorise consid\u00e9rablement le d\u00e9veloppement des r\u00e9seaux linguistiques. Les jeux de mots, les devinettes et les activit\u00e9s de manipulation phonologique, int\u00e9gr\u00e9s dans nos applications, contribuent efficacement \u00e0 cette maturation.<\/pee>\n<\/pee><\/div>\n<\/pee><\/div>\n<h2>7. La maturation des syst\u00e8mes sensoriels et perceptuels<\/h2>\n<pee>Les syst\u00e8mes sensoriels de votre enfant, bien que fonctionnels d\u00e8s la naissance, continuent de se raffiner consid\u00e9rablement entre 5 et 8 ans. Cette maturation ne concerne pas tant l&#8217;acuit\u00e9 sensorielle brute que la capacit\u00e9 \u00e0 traiter, int\u00e9grer et interpr\u00e9ter les informations sensorielles de mani\u00e8re de plus en plus sophistiqu\u00e9e. Le syst\u00e8me visuel, en particulier, d\u00e9veloppe des comp\u00e9tences perceptuelles complexes essentielles pour les apprentissages scolaires.<\/pee>\n<pee>La perception visuo-spatiale atteint une maturit\u00e9 remarquable durant cette p\u00e9riode. Votre enfant d\u00e9veloppe une meilleure compr\u00e9hension des relations spatiales, de la perspective et de la tridimensionnalit\u00e9. Ces comp\u00e9tences sont cruciales non seulement pour les apprentissages g\u00e9om\u00e9triques et math\u00e9matiques, mais aussi pour la lecture et l&#8217;\u00e9criture, qui demandent une discrimination fine des formes des lettres et une organisation spatiale pr\u00e9cise sur la page.<\/pee>\n<pee>L&#8217;int\u00e9gration multisensorielle, processus par lequel le cerveau combine les informations provenant de diff\u00e9rents sens pour cr\u00e9er une perception coh\u00e9rente du monde, se perfectionne significativement. Cette maturation permet \u00e0 votre enfant de mieux coordonner ses mouvements avec ses perceptions, d&#8217;am\u00e9liorer son \u00e9quilibre et de d\u00e9velopper une motricit\u00e9 fine plus pr\u00e9cise. Ces comp\u00e9tences se refl\u00e8tent dans sa capacit\u00e9 croissante \u00e0 pratiquer des sports, \u00e0 jouer d&#8217;un instrument ou \u00e0 r\u00e9aliser des activit\u00e9s manuelles d\u00e9licates.<\/pee>\n<div class=\"conseil-card\">\n<h4>Stimulation sensorielle optimale<\/h4>\n<pee>Variez les exp\u00e9riences sensorielles de votre enfant : manipulation d&#8217;objets de textures diff\u00e9rentes, jeux visuels et auditifs, activit\u00e9s n\u00e9cessitant une coordination fine. Les applications \u00e9ducatives modernes int\u00e8grent cette dimension multisensorielle pour optimiser l&#8217;apprentissage.<\/pee>\n<\/pee><\/div>\n<h2>8. L&#8217;\u00e9mergence de la th\u00e9orie de l&#8217;esprit et de l&#8217;empathie cognitive<\/h2>\n<pee>Entre 5 et 8 ans, votre enfant d\u00e9veloppe une comp\u00e9tence cognitive sophistiqu\u00e9e appel\u00e9e &#8222;th\u00e9orie de l&#8217;esprit&#8220; : la capacit\u00e9 \u00e0 comprendre que les autres ont des pens\u00e9es, des croyances et des intentions diff\u00e9rentes des siennes. Cette r\u00e9volution cognitive transforme radicalement sa compr\u00e9hension du monde social et marque le d\u00e9but d&#8217;une empathie plus mature. Les r\u00e9seaux neuronaux impliqu\u00e9s dans cette comp\u00e9tence, notamment les zones fronto-temporales, connaissent une maturation significative durant cette p\u00e9riode.<\/pee>\n<pee>Cette nouvelle comp\u00e9tence se manifeste dans la capacit\u00e9 de votre enfant \u00e0 comprendre les mensonges, l&#8217;ironie, les malentendus et les perspectives multiples sur un m\u00eame \u00e9v\u00e9nement. Il devient capable de pr\u00e9dire les r\u00e9actions d&#8217;autrui en se basant sur la compr\u00e9hension de leurs \u00e9tats mentaux plut\u00f4t que sur une simple projection de ses propres pens\u00e9es. Cette \u00e9volution est fondamentale pour le d\u00e9veloppement social et explique l&#8217;am\u00e9lioration progressive de ses relations avec ses pairs.<\/pee>\n<pee>L&#8217;empathie cognitive, distincte de l&#8217;empathie \u00e9motionnelle pr\u00e9sente d\u00e8s le plus jeune \u00e2ge, \u00e9merge gr\u00e2ce \u00e0 cette maturation. Votre enfant devient capable de comprendre intellectuellement les \u00e9motions d&#8217;autrui, m\u00eame lorsqu&#8217;elles diff\u00e8rent des siennes, et d&#8217;adapter son comportement en cons\u00e9quence. Cette comp\u00e9tence est essentielle pour la coop\u00e9ration, la r\u00e9solution de conflits et le d\u00e9veloppement moral.<\/pee>\n<div class=\"key-points\">\n<h4>Manifestations de la th\u00e9orie de l&#8217;esprit :<\/h4>\n<ul>\n<li>Compr\u00e9hension que les autres peuvent avoir de fausses croyances<\/li>\n<li>Capacit\u00e9 \u00e0 mentir de fa\u00e7on \u00e9labor\u00e9e (signe paradoxalement positif !)<\/li>\n<li>D\u00e9veloppement de l&#8217;humour et de la compr\u00e9hension de l&#8217;ironie<\/li>\n<li>Am\u00e9lioration des comp\u00e9tences de n\u00e9gociation et de persuasion<\/li>\n<li>\u00c9mergence d&#8217;une empathie plus nuanc\u00e9e et contextuelle<\/li>\n<\/ul>\n<\/div>\n<h2>9. Les facteurs nutritionnels et environnementaux cruciaux<\/h2>\n<pee>Le cerveau en d\u00e9veloppement de votre enfant est particuli\u00e8rement sensible aux facteurs nutritionnels et environnementaux. Durant cette p\u00e9riode de croissance intensive, le cerveau consomme jusqu&#8217;\u00e0 20% de l&#8217;\u00e9nergie totale de l&#8217;organisme, n\u00e9cessitant un apport constant et \u00e9quilibr\u00e9 en nutriments sp\u00e9cifiques. Les acides gras om\u00e9ga-3, essentiels pour la formation des membranes neuronales et la my\u00e9linisation, doivent \u00eatre pr\u00e9sents en quantit\u00e9 suffisante pour soutenir le d\u00e9veloppement optimal des circuits c\u00e9r\u00e9braux.<\/pee>\n<pee>Les vitamines du groupe B, particuli\u00e8rement la B12, la B6 et les folates, jouent un r\u00f4le crucial dans la synth\u00e8se des neurotransmetteurs et la maturation du syst\u00e8me nerveux. Une carence en ces nutriments peut avoir des r\u00e9percussions durables sur le d\u00e9veloppement cognitif. De m\u00eame, le fer est indispensable au transport de l&#8217;oxyg\u00e8ne vers le cerveau et \u00e0 la formation de la my\u00e9line. Les carences en fer, encore trop fr\u00e9quentes chez les enfants, peuvent affecter significativement les capacit\u00e9s d&#8217;attention et d&#8217;apprentissage.<\/pee>\n<pee>L&#8217;environnement physique et social influence \u00e9galement profond\u00e9ment le d\u00e9veloppement c\u00e9r\u00e9bral. Le stress chronique, par l&#8217;\u00e9l\u00e9vation prolong\u00e9e du cortisol, peut alt\u00e9rer la croissance de l&#8217;hippocampe et affecter les capacit\u00e9s mn\u00e9siques. \u00c0 l&#8217;inverse, un environnement stimulant, riche en interactions positives et en exp\u00e9riences vari\u00e9es, favorise la neurogen\u00e8se et renforce les connexions synaptiques b\u00e9n\u00e9fiques. La qualit\u00e9 du sommeil, souvent n\u00e9glig\u00e9e, est \u00e9galement cruciale : c&#8217;est durant le sommeil profond que s&#8217;effectuent la consolidation mn\u00e9sique et l&#8217;\u00e9limination des toxines c\u00e9r\u00e9brales.<\/pee>\n<div class=\"tip-box\">\n<div class=\"tip-box-label\">Nutrition c\u00e9r\u00e9brale optimale<\/div>\n<pee>Privil\u00e9giez les poissons gras, les noix, les l\u00e9gumes verts, les \u0153ufs et les c\u00e9r\u00e9ales compl\u00e8tes. Assurez-vous que votre enfant dort suffisamment (10-11h par nuit \u00e0 cet \u00e2ge) et limitez les sources de stress chronique. Un environnement calme et s\u00e9curisant favorise l&#8217;\u00e9panouissement neurologique.<\/pee>\n<\/pee><\/div>\n<h2>10. L&#8217;impact des technologies num\u00e9riques sur le d\u00e9veloppement<\/h2>\n<pee>L&#8217;exposition aux technologies num\u00e9riques durant cette p\u00e9riode critique de d\u00e9veloppement c\u00e9r\u00e9bral suscite de nombreuses interrogations l\u00e9gitimes. Les \u00e9crans et les interfaces num\u00e9riques sollicitent le cerveau de mani\u00e8re sp\u00e9cifique, activant intens\u00e9ment certains circuits tout en en d\u00e9laissant d&#8217;autres. Une exposition excessive peut perturber le d\u00e9veloppement harmonieux des diff\u00e9rentes r\u00e9gions c\u00e9r\u00e9brales, particuli\u00e8rement celles impliqu\u00e9es dans l&#8217;attention soutenue et le contr\u00f4le inhibiteur.<\/pee>\n<pee>Cependant, utilis\u00e9es de mani\u00e8re r\u00e9fl\u00e9chie et mod\u00e9r\u00e9e, les technologies num\u00e9riques peuvent \u00e9galement offrir des opportunit\u00e9s d&#8217;apprentissage uniques. Les applications \u00e9ducatives bien con\u00e7ues peuvent stimuler sp\u00e9cifiquement certains aspects du d\u00e9veloppement cognitif tout en maintenant l&#8217;engagement et la motivation de l&#8217;enfant. La cl\u00e9 r\u00e9side dans l&#8217;\u00e9quilibre : alterner entre activit\u00e9s num\u00e9riques \u00e9ducatives et exp\u00e9riences du monde r\u00e9el pour garantir un d\u00e9veloppement complet et harmonieux.<\/pee>\n<pee>Les recherches r\u00e9centes montrent l&#8217;importance de pauses r\u00e9guli\u00e8res dans l&#8217;utilisation des \u00e9crans pour permettre au cerveau de traiter et consolider les informations. C&#8217;est pr\u00e9cis\u00e9ment le principe innovant des applications <a href=\"https:\/\/www.dynseo.com\/version-coco\/\" style=\"color: #5e5ed7; font-weight: bold;\">COCO PENSE et COCO BOUGE<\/a>, qui imposent automatiquement une pause sportive toutes les 15 minutes, favorisant ainsi une utilisation saine et b\u00e9n\u00e9fique des technologies num\u00e9riques.<\/pee>\n<div class=\"expert-box\">\n<div class=\"expert-box-label\">Innovation DYNSEO<\/div>\n<div class=\"expert-box-title\">Usage intelligent des \u00e9crans<\/div>\n<div class=\"expert-inner\">\n<div class=\"expert-inner-title\">La r\u00e9volution des pauses actives<\/div>\n<pee>Notre approche unique int\u00e8gre des pauses sportives obligatoires pour optimiser l&#8217;apprentissage num\u00e9rique. Ces interruptions permettent l&#8217;oxyg\u00e9nation du cerveau, la consolidation des acquis et pr\u00e9viennent la surstimulation. Cette m\u00e9thode s&#8217;appuie sur les derni\u00e8res d\u00e9couvertes en neurosciences pour maximiser les b\u00e9n\u00e9fices tout en minimisant les risques.<\/pee>\n<\/pee><\/div>\n<\/pee><\/div>\n<h2>11. Les signes de d\u00e9veloppement typique et les indicateurs d&#8217;alerte<\/h2>\n<pee>Il est essentiel pour les parents de conna\u00eetre les jalons typiques du d\u00e9veloppement c\u00e9r\u00e9bral pour pouvoir identifier d&#8217;\u00e9ventuelles difficult\u00e9s n\u00e9cessitant un accompagnement sp\u00e9cialis\u00e9. Entre 5 et 6 ans, votre enfant devrait normalement \u00eatre capable de suivre des instructions en deux ou trois \u00e9tapes, de raconter une histoire simple en respectant la chronologie, et de montrer un int\u00e9r\u00eat croissant pour les lettres et les chiffres. Sa capacit\u00e9 d&#8217;attention pour une activit\u00e9 qu&#8217;il appr\u00e9cie devrait atteindre 10-15 minutes.<\/pee>\n<pee>Vers 7-8 ans, les comp\u00e9tences s&#8217;affinent consid\u00e9rablement : compr\u00e9hension de r\u00e8gles de jeux complexes, capacit\u00e9 \u00e0 planifier des activit\u00e9s simples, \u00e9mergence de strat\u00e9gies de m\u00e9morisation conscientes, et d\u00e9veloppement d&#8217;une pens\u00e9e plus logique et structur\u00e9e. La motricit\u00e9 fine permet l&#8217;\u00e9criture cursive, et la lecture devient plus fluide avec une compr\u00e9hension accrue du sens des textes.<\/pee>\n<pee>Certains signes peuvent n\u00e9anmoins alerter sur d&#8217;\u00e9ventuelles difficult\u00e9s : persistance de troubles attentionnels s\u00e9v\u00e8res, difficult\u00e9s importantes dans l&#8217;acquisition du langage \u00e9crit, probl\u00e8mes persistants de coordination motrice, ou difficult\u00e9s majeures dans les interactions sociales. Ces indicateurs ne signifient pas n\u00e9cessairement un trouble grave, mais justifient une \u00e9valuation professionnelle pour proposer un accompagnement adapt\u00e9 si n\u00e9cessaire.<\/pee>\n<div class=\"conseil-card\">\n<h4>Accompagnement bienveillant<\/h4>\n<pee>Chaque enfant \u00e9volue \u00e0 son rythme. En cas d&#8217;inqui\u00e9tude, consultez des professionnels tout en maintenant un environnement stimulant et positif. Les outils num\u00e9riques adapt\u00e9s peuvent compl\u00e9ter efficacement l&#8217;accompagnement professionnel en proposant des exercices personnalis\u00e9s et progressifs.<\/pee>\n<\/pee><\/div>\n<h2>12. Strat\u00e9gies pratiques pour stimuler le d\u00e9veloppement cognitif<\/h2>\n<pee>L&#8217;accompagnement optimal du d\u00e9veloppement c\u00e9r\u00e9bral n\u00e9cessite une approche multidimensionnelle combinant stimulation cognitive, activit\u00e9 physique, interactions sociales enrichissantes et respect du rythme naturel de l&#8217;enfant. Les activit\u00e9s de construction et de cr\u00e9ation (Lego, puzzles, bricolage) stimulent simultan\u00e9ment la planification, la motricit\u00e9 fine et la r\u00e9solution de probl\u00e8mes. Ces activit\u00e9s favorisent \u00e9galement la pers\u00e9v\u00e9rance et la tol\u00e9rance \u00e0 la frustration, comp\u00e9tences essentielles pour les apprentissages futurs.<\/pee>\n<pee>Les jeux de soci\u00e9t\u00e9 adapt\u00e9s \u00e0 l&#8217;\u00e2ge constituent d&#8217;excellents outils de stimulation cognitive. Ils d\u00e9veloppent les comp\u00e9tences strat\u00e9giques, la m\u00e9moire de travail, le respect des r\u00e8gles et les comp\u00e9tences sociales. L&#8217;alternance entre jeux comp\u00e9titifs et coop\u00e9ratifs permet de d\u00e9velopper diff\u00e9rentes facettes de la personnalit\u00e9 et des comp\u00e9tences sociales. Les jeux de cartes simples exercent particuli\u00e8rement bien la m\u00e9moire et les capacit\u00e9s de d\u00e9duction.<\/pee>\n<pee>L&#8217;activit\u00e9 physique r\u00e9guli\u00e8re joue un r\u00f4le fondamental souvent sous-estim\u00e9. L&#8217;exercice stimule la production de facteurs de croissance nerveux, am\u00e9liore la vascularisation c\u00e9r\u00e9brale et favorise la neurogen\u00e8se. Les activit\u00e9s qui combinent coordination, \u00e9quilibre et r\u00e9flexion (arts martiaux, danse, parcours d&#8217;obstacles) sont particuli\u00e8rement b\u00e9n\u00e9fiques pour le d\u00e9veloppement int\u00e9gr\u00e9 des capacit\u00e9s motrices et cognitives.<\/pee>\n<div class=\"key-points\">\n<h4>Activit\u00e9s recommand\u00e9es par tranches d&#8217;\u00e2ge :<\/h4>\n<ul>\n<li>5-6 ans : Jeux de tri, histoires interactives, activit\u00e9s sensorielles, premiers puzzles<\/li>\n<li>6-7 ans : Jeux de soci\u00e9t\u00e9 simples, construction libre, activit\u00e9s artistiques, initiation aux r\u00e8gles<\/li>\n<li>7-8 ans : D\u00e9fis logiques, sports collectifs, jeux de strat\u00e9gie, projets cr\u00e9atifs complexes<\/li>\n<li>Transversal : Lecture quotidienne, discussions, exploration nature, musique<\/li>\n<\/ul>\n<\/div>\n<div class=\"faq-list\">\n<h2>Questions fr\u00e9quentes sur le d\u00e9veloppement c\u00e9r\u00e9bral 5-8 ans<\/h2>\n<div class=\"faq-item\">\n<div class=\"faq-q\">\n                        <span>\u00c0 quel moment s&#8217;inqui\u00e9ter si mon enfant semble en retard dans son d\u00e9veloppement ?<\/span><!\u2013- [et_pb_br_holder] -\u2013><br \/>\n                        <span class=\"faq-icon\">+<\/span>\n                    <\/div>\n<div class=\"faq-a\">\n<pee>Il faut distinguer les variations normales du d\u00e9veloppement des retards significatifs. Si \u00e0 6 ans votre enfant a des difficult\u00e9s majeures avec le langage oral, ne montre aucun int\u00e9r\u00eat pour les lettres ou les chiffres, ou pr\u00e9sente des difficult\u00e9s importantes de concentration (moins de 5 minutes), une consultation peut \u00eatre utile. Cependant, rappelez-vous que chaque enfant a son propre rythme et que certains &#8222;d\u00e9collent&#8220; plus tard que d&#8217;autres.<\/pee>\n<\/pee><\/div>\n<\/pee><\/div>\n<div class=\"faq-item\">\n<div class=\"faq-q\">\n                        <span>Les \u00e9crans sont-ils vraiment dangereux pour le cerveau en d\u00e9veloppement ?<\/span><!\u2013- [et_pb_br_holder] -\u2013><br \/>\n                        <span class=\"faq-icon\">+<\/span>\n                    <\/div>\n<div class=\"faq-a\">\n<pee>Les \u00e9crans ne sont pas intrins\u00e8quement dangereux, mais leur usage doit \u00eatre adapt\u00e9 et mod\u00e9r\u00e9. Une exposition excessive peut effectivement perturber le d\u00e9veloppement de l&#8217;attention et du sommeil. L&#8217;id\u00e9al est de privil\u00e9gier des contenus \u00e9ducatifs de qualit\u00e9, avec des pauses r\u00e9guli\u00e8res et un accompagnement parental. Les applications comme COCO PENSE et COCO BOUGE, qui int\u00e8grent des pauses sportives automatiques, repr\u00e9sentent une approche innovante pour un usage sain des technologies.<\/pee>\n<\/pee><\/div>\n<\/pee><\/div>\n<div class=\"faq-item\">\n<div class=\"faq-q\">\n                        <span>Comment puis-je savoir si mon enfant d\u00e9veloppe bien ses capacit\u00e9s de m\u00e9moire ?<\/span><!\u2013- [et_pb_br_holder] -\u2013><br \/>\n                        <span class=\"faq-icon\">+<\/span>\n                    <\/div>\n<div class=\"faq-a\">\n<pee>Observez sa capacit\u00e9 \u00e0 retenir et raconter des \u00e9v\u00e9nements r\u00e9cents, \u00e0 suivre des instructions en plusieurs \u00e9tapes, et \u00e0 apprendre de nouvelles comptines ou chansons. Vers 7-8 ans, il devrait pouvoir m\u00e9moriser son adresse compl\u00e8te, retenir les r\u00e8gles de jeux complexes et d\u00e9velopper ses propres strat\u00e9gies pour se souvenir (r\u00e9p\u00e9tition, associations). Les jeux de m\u00e9moire r\u00e9guliers peuvent aider \u00e0 \u00e9valuer et stimuler ces capacit\u00e9s.<\/pee>\n<\/pee><\/div>\n<\/pee><\/div>\n<div class=\"faq-item\">\n<div class=\"faq-q\">\n                        <span>Quelle est l&#8217;importance du sommeil dans le d\u00e9veloppement c\u00e9r\u00e9bral ?<\/span><!\u2013- [et_pb_br_holder] -\u2013><br \/>\n                        <span class=\"faq-icon\">+<\/span>\n                    <\/div>\n<div class=\"faq-a\">\n<pee>Le sommeil est absolument crucial pour le d\u00e9veloppement c\u00e9r\u00e9bral. C&#8217;est pendant le sommeil profond que se consolident les apprentissages de la journ\u00e9e et que le cerveau \u00e9limine les d\u00e9chets m\u00e9taboliques. Un enfant de 5-8 ans a besoin de 10 \u00e0 11 heures de sommeil par nuit. Un sommeil insuffisant peut affecter l&#8217;attention, la m\u00e9moire, l&#8217;humeur et m\u00eame la croissance physique. \u00c9tablir une routine de coucher r\u00e9guli\u00e8re et un environnement propice au sommeil est essentiel.<\/pee>\n<\/pee><\/div>\n<\/pee><\/div>\n<div class=\"faq-item\">\n<div class=\"faq-q\">\n                        <span>Dois-je m&#8217;inqui\u00e9ter si mon enfant pr\u00e9f\u00e8re les activit\u00e9s solitaires aux jeux de groupe ?<\/span><!\u2013- [et_pb_br_holder] -\u2013><br \/>\n                        <span class=\"faq-icon\">+<\/span>\n                    <\/div>\n<div class=\"faq-a\">\n<pee>Pas n\u00e9cessairement. Certains enfants sont naturellement plus introvertis et ont besoin de temps en solitaire pour se ressourcer. L&#8217;important est qu&#8217;ils soient capables d&#8217;interactions sociales appropri\u00e9es quand c&#8217;est n\u00e9cessaire et qu&#8217;ils montrent de l&#8217;empathie envers les autres. Encouragez doucement les interactions sociales sans forcer, en respectant le temp\u00e9rament de votre enfant. Proposez des activit\u00e9s de groupe en petit comit\u00e9 pour commencer.<\/pee>\n<\/pee><\/div>\n<\/pee><\/div>\n<\/pee><\/div>\n<div class=\"cta-box\">\n<h3>Accompagnez le d\u00e9veloppement cognitif de votre enfant avec DYNSEO<\/h3>\n<pee>D\u00e9couvrez nos applications \u00e9ducatives sp\u00e9cialement con\u00e7ues pour stimuler le d\u00e9veloppement c\u00e9r\u00e9bral de votre enfant de mani\u00e8re ludique et scientifiquement fond\u00e9e. Plus de 30 jeux \u00e9ducatifs avec des pauses sportives int\u00e9gr\u00e9es pour un apprentissage optimal et une utilisation saine des \u00e9crans.<\/pee>\n<div class=\"cta-buttons\">\n                    <a href=\"https:\/\/www.dynseo.com\/version-coco\/\" class=\"btn-white\">D\u00e9couvrir COCO PENSE et COCO BOUGE<\/a><!\u2013- [et_pb_br_holder] -\u2013><br \/>\n                    <a href=\"https:\/\/www.dynseo.com\/version-coco\/\" class=\"btn-outline\">T\u00e9l\u00e9charger l&#8217;application<\/a>\n                <\/div>\n<\/pee><\/div>\n<div class=\"article-tags\">\n                <strong>Tags : <\/strong><!\u2013- [et_pb_br_holder] -\u2013><br \/>\n                <a href=\"#\" class=\"article-tag\">d\u00e9veloppement c\u00e9r\u00e9bral<\/a><!\u2013- [et_pb_br_holder] -\u2013><br \/>\n                <a href=\"#\" class=\"article-tag\">enfant 5-8 ans<\/a><!\u2013- [et_pb_br_holder] -\u2013><br \/>\n                <a href=\"#\" class=\"article-tag\">neurosciences<\/a><!\u2013- [et_pb_br_holder] -\u2013><br \/>\n                <a href=\"#\" class=\"article-tag\">apprentissage<\/a><!\u2013- [et_pb_br_holder] -\u2013><br \/>\n                <a href=\"#\" class=\"article-tag\">stimulation cognitive<\/a><!\u2013- [et_pb_br_holder] -\u2013><br \/>\n                <a href=\"#\" class=\"article-tag\">plasticit\u00e9 neuronale<\/a><!\u2013- [et_pb_br_holder] -\u2013><br \/>\n                <a href=\"#\" class=\"article-tag\">fonctions ex\u00e9cutives<\/a><!\u2013- [et_pb_br_holder] -\u2013><br \/>\n                <a href=\"#\" class=\"article-tag\">m\u00e9moire<\/a><!\u2013- [et_pb_br_holder] -\u2013><br \/>\n                <a href=\"#\" class=\"article-tag\">attention<\/a><!\u2013- [et_pb_br_holder] -\u2013><br \/>\n                <a href=\"#\" class=\"article-tag\">COCO<\/a>\n            <\/div>\n<\/pee><\/div>\n<\/pee><\/div>\n<pee>    <script>\n        document.querySelectorAll('.faq-q').forEach(function(question) {\n            question.addEventListener('click', function() {\n                question.closest('.faq-item').classList.toggle('open');\n            });\n        });\n    <\/script><!\u2013- [et_pb_br_holder] -\u2013><br \/>\n<script type=\"application\/ld+json\">\n{\n  \"@context\": \"https:\/\/schema.org\",\n  \"@graph\": [\n    {\n      \"@type\": \"Article\",\n      \"headline\": \"Comment cro\u00eet le cerveau de votre enfant entre 5 et 8 ans ?\",\n      \"description\": \"\ud83d\udcc5 Avril 2026 \u23f1\ufe0f 15 min de lecture \ud83d\udc65 Parents et \u00e9ducateurs \u2b50\u2b50\u2b50\u2b50\u2b50 4.8\/5\",\n      \"url\": \"https:\/\/www.dynseo.com\/comment-croit-le-cerveau-de-votre-enfant-entre-5-et-8-ans\/\",\n      \"datePublished\": \"2026-04-07\",\n      \"image\": \"https:\/\/www.dynseo.com\/wp-content\/uploads\/2026\/04\/cerveau-enfant-5-8-ans.jpg\",\n      \"author\": {\n        \"@type\": \"Organization\",\n        \"name\": \"DYNSEO\",\n        \"url\": \"https:\/\/www.dynseo.com\"\n      },\n      \"publisher\": {\n        \"@type\": \"Organization\",\n        \"name\": \"DYNSEO\",\n        \"url\": \"https:\/\/www.dynseo.com\",\n        \"logo\": {\n          \"@type\": \"ImageObject\",\n          \"url\": \"https:\/\/www.dynseo.com\/wp-content\/uploads\/2020\/01\/dynseo-logo.png\"\n        }\n      },\n      \"aggregateRating\": {\n        \"@type\": \"AggregateRating\",\n        \"ratingValue\": \"4.8\",\n        \"bestRating\": \"5\",\n        \"ratingCount\": \"47\"\n      }\n    },\n    {\n      \"@type\": \"WebPage\",\n      \"url\": \"https:\/\/www.dynseo.com\/comment-croit-le-cerveau-de-votre-enfant-entre-5-et-8-ans\/\",\n      \"name\": \"Comment cro\u00eet le cerveau de votre enfant entre 5 et 8 ans ?\",\n      \"description\": \"\ud83d\udcc5 Avril 2026 \u23f1\ufe0f 15 min de lecture \ud83d\udc65 Parents et \u00e9ducateurs \u2b50\u2b50\u2b50\u2b50\u2b50 4.8\/5\",\n      \"breadcrumb\": {\n        \"@type\": \"BreadcrumbList\",\n        \"itemListElement\": [\n          {\n            \"@type\": \"ListItem\",\n            \"position\": 1,\n            \"name\": \"Accueil\",\n            \"item\": \"https:\/\/www.dynseo.com\"\n          },\n          {\n            \"@type\": \"ListItem\",\n            \"position\": 2,\n            \"name\": \"Blog\",\n            \"item\": \"https:\/\/www.dynseo.com\/blog\/\"\n          },\n          {\n            \"@type\": \"ListItem\",\n            \"position\": 3,\n            \"name\": \"Comment cro\u00eet le cerveau de votre enfant entre 5 et 8 ans ?\",\n            \"item\": \"https:\/\/www.dynseo.com\/comment-croit-le-cerveau-de-votre-enfant-entre-5-et-8-ans\/\"\n          }\n        ]\n      }\n    },\n    {\n      \"@type\": \"FAQPage\",\n      \"mainEntity\": [\n        {\n          \"@type\": \"Question\",\n          \"name\": \"\u00c0 quel moment s'inqui\u00e9ter si mon enfant semble en retard dans son d\u00e9veloppement ?\",\n          \"acceptedAnswer\": {\n            \"@type\": \"Answer\",\n            \"text\": \"Il est important de consulter un professionnel si vous observez des retards significatifs dans le d\u00e9veloppement cognitif de votre enfant par rapport aux \u00e9tapes cl\u00e9s de son \u00e2ge.\"\n          }\n        },\n        {\n          \"@type\": \"Question\",\n          \"name\": \"Les \u00e9crans sont-ils vraiment dangereux pour le cerveau en d\u00e9veloppement ?\",\n          \"acceptedAnswer\": {\n            \"@type\": \"Answer\",\n            \"text\": \"L'exposition excessive aux \u00e9crans peut affecter le d\u00e9veloppement du cerveau, il est recommand\u00e9 de limiter le temps d'\u00e9cran et de privil\u00e9gier les activit\u00e9s interactives.\"\n          }\n        },\n        {\n          \"@type\": \"Question\",\n          \"name\": \"Comment puis-je savoir si mon enfant d\u00e9veloppe bien ses capacit\u00e9s de m\u00e9moire ?\",\n          \"acceptedAnswer\": {\n            \"@type\": \"Answer\",\n            \"text\": \"Observez sa capacit\u00e9 \u00e0 retenir des informations, suivre des instructions simples et se souvenir d'\u00e9v\u00e9nements r\u00e9cents. Des jeux de m\u00e9moire peuvent aider \u00e0 \u00e9valuer et stimuler ces capacit\u00e9s.\"\n          }\n        }\n      ]\n    }\n  ]\n}\n<\/script>[\/et_pb_code][\/et_pb_column][\/et_pb_row][\/et_pb_section]<\/p>\n","protected":false},"excerpt":{"rendered":"","protected":false},"author":4,"featured_media":348895,"comment_status":"closed","ping_status":"closed","sticky":false,"template":"","format":"standard","meta":{"_et_pb_use_builder":"on","_et_pb_old_content":"[et_pb_section fb_built=\"1\" _builder_version=\"4.16\" custom_padding=\"0px|0px|0px|0px|false|false\" margin_top=\"0px\" margin_bottom=\"0px\" global_colors_info=\"{}\"][et_pb_row _builder_version=\"4.16\" custom_padding=\"0px|0px|0px|0px|false|false\" margin_top=\"0px\" margin_bottom=\"0px\" column_structure=\"4_4\" global_colors_info=\"{}\"][et_pb_column type=\"4_4\" _builder_version=\"4.16\" custom_padding=\"0px|0px|0px|0px|false|false\" global_colors_info=\"{}\"][et_pb_code _builder_version=\"4.16\" custom_padding=\"0px|0px|0px|0px|false|false\" global_colors_info=\"{}\"]<style>\n        :root {\n            --primary-blue: #5e5ed7;\n            --blue-dark: #5268c9;\n            --teal: #a9e2e4;\n            --yellow: #ffeca7;\n            --pink: #e73469;\n            --white: #ffffff;\n            --light-gray: #f8f9fa;\n            --dark-gray: #333333;\n            --text-color: #555555;\n        }\n\n        * {\n            margin: 0;\n            padding: 0;\n            box-sizing: border-box;\n        }\n\n        body {\n            font-family: 'Poppins', sans-serif;\n            line-height: 1.6;\n            color: var(--text-color);\n            background: var(--white);\n        }\n\n        .article-hero {\n            background: linear-gradient(135deg, var(--primary-blue) 0%, var(--blue-dark) 100%);\n            color: var(--white);\n            padding: 60px 0 100px;\n            position: relative;\n            overflow: hidden;\n        }\n\n        .article-hero-curve {\n            position: absolute;\n            bottom: -2px;\n            left: 0;\n            right: 0;\n            height: 100px;\n            background: var(--white);\n            clip-path: ellipse(100% 100% at 50% 100%);\n        }\n\n        .article-hero-inner {\n            max-width: 1200px;\n            margin: 0 auto;\n            padding: 0 20px;\n            position: relative;\n            z-index: 2;\n        }\n\n        .article-breadcrumb {\n            font-size: 14px;\n            margin-bottom: 20px;\n            opacity: 0.9;\n        }\n\n        .article-breadcrumb a {\n            color: var(--white);\n            text-decoration: none;\n        }\n\n        .article-category {\n            display: inline-block;\n            background: var(--teal);\n            color: var(--dark-gray);\n            padding: 8px 16px;\n            border-radius: 20px;\n            font-size: 14px;\n            font-weight: 600;\n            margin-bottom: 30px;\n        }\n\n        .article-hero h1 {\n            font-family: 'Montserrat', sans-serif;\n            font-size: 3rem;\n            font-weight: 700;\n            line-height: 1.2;\n            margin-bottom: 20px;\n        }\n\n        .hl {\n            background: linear-gradient(120deg, var(--yellow) 0%, var(--teal) 100%);\n            -webkit-background-clip: text;\n            -webkit-text-fill-color: transparent;\n            background-clip: text;\n        }\n\n        .article-meta {\n            display: flex;\n            gap: 30px;\n            align-items: center;\n            flex-wrap: wrap;\n            margin-top: 30px;\n            font-size: 14px;\n        }\n\n        .article-meta span {\n            display: flex;\n            align-items: center;\n            gap: 8px;\n        }\n\n        .stars {\n            color: var(--yellow);\n            font-size: 18px;\n        }\n\n        .article-body {\n            padding: 80px 0;\n        }\n\n        .container {\n            max-width: 1200px;\n            margin: 0 auto;\n            padding: 0 20px;\n        }\n\n        .intro-block {\n            font-size: 18px;\n            line-height: 1.8;\n            margin-bottom: 60px;\n            padding: 40px;\n            background: linear-gradient(135deg, var(--light-gray) 0%, #f0f0f0 100%);\n            border-radius: 15px;\n            text-align: center;\n        }\n\n        .stats-grid {\n            display: grid;\n            grid-template-columns: repeat(auto-fit, minmax(250px, 1fr));\n            gap: 30px;\n            margin-bottom: 80px;\n        }\n\n        .stat-card {\n            background: var(--white);\n            padding: 30px;\n            border-radius: 15px;\n            text-align: center;\n            box-shadow: 0 10px 30px rgba(0,0,0,0.1);\n            border-top: 4px solid var(--primary-blue);\n        }\n\n        .stat-card .number {\n            font-family: 'Montserrat', sans-serif;\n            font-size: 2.5rem;\n            font-weight: 700;\n            color: var(--primary-blue);\n            display: block;\n            margin-bottom: 10px;\n        }\n\n        .stat-card .label {\n            font-weight: 500;\n            color: var(--dark-gray);\n        }\n\n        h2 {\n            font-family: 'Montserrat', sans-serif;\n            font-size: 2rem;\n            font-weight: 600;\n            color: var(--dark-gray);\n            margin: 60px 0 30px;\n            padding-bottom: 15px;\n            border-bottom: 3px solid var(--teal);\n        }\n\n        h3 {\n            font-family: 'Montserrat', sans-serif;\n            font-size: 1.4rem;\n            font-weight: 600;\n            color: var(--dark-gray);\n            margin: 40px 0 20px;\n        }\n\n        p {\n            margin-bottom: 20px;\n            line-height: 1.8;\n        }\n\n        .conseil-card {\n            background: linear-gradient(135deg, var(--yellow) 0%, #fff5cc 100%);\n            padding: 30px;\n            border-radius: 15px;\n            margin: 30px 0;\n            border-left: 5px solid var(--primary-blue);\n        }\n\n        .conseil-card h4 {\n            font-family: 'Montserrat', sans-serif;\n            color: var(--dark-gray);\n            margin-bottom: 15px;\n            font-size: 1.2rem;\n        }\n\n        .key-points {\n            background: var(--white);\n            padding: 30px;\n            border-radius: 15px;\n            margin: 30px 0;\n            box-shadow: 0 5px 15px rgba(0,0,0,0.08);\n        }\n\n        .key-points ul {\n            list-style: none;\n            padding: 0;\n        }\n\n        .key-points li {\n            padding: 10px 0;\n            padding-left: 30px;\n            position: relative;\n        }\n\n        .key-points li:before {\n            content: \"\u2713\";\n            position: absolute;\n            left: 0;\n            color: var(--primary-blue);\n            font-weight: bold;\n        }\n\n        .tip-box {\n            background: linear-gradient(135deg, var(--teal) 0%, #d4f0f1 100%);\n            padding: 25px;\n            border-radius: 12px;\n            margin: 25px 0;\n            position: relative;\n        }\n\n        .tip-box-label {\n            background: var(--primary-blue);\n            color: var(--white);\n            padding: 5px 12px;\n            border-radius: 15px;\n            font-size: 12px;\n            font-weight: 600;\n            text-transform: uppercase;\n            letter-spacing: 1px;\n            display: inline-block;\n            margin-bottom: 15px;\n        }\n\n        .expert-box {\n            background: linear-gradient(135deg, #fff 0%, var(--light-gray) 100%);\n            border: 2px solid var(--primary-blue);\n            border-radius: 15px;\n            padding: 0;\n            margin: 40px 0;\n            overflow: hidden;\n        }\n\n        .expert-box-label {\n            background: var(--primary-blue);\n            color: var(--white);\n            padding: 15px 25px;\n            font-weight: 600;\n            text-transform: uppercase;\n            letter-spacing: 1px;\n            font-size: 14px;\n        }\n\n        .expert-box-title {\n            background: var(--blue-dark);\n            color: var(--white);\n            padding: 20px 25px;\n            font-family: 'Montserrat', sans-serif;\n            font-size: 1.3rem;\n            font-weight: 600;\n        }\n\n        .expert-inner {\n            padding: 25px;\n        }\n\n        .expert-inner-title {\n            font-family: 'Montserrat', sans-serif;\n            color: var(--primary-blue);\n            font-size: 1.2rem;\n            font-weight: 600;\n            margin-bottom: 15px;\n        }\n\n        .faq-list {\n            margin: 60px 0;\n        }\n\n        .faq-item {\n            background: var(--white);\n            border: 1px solid #e0e0e0;\n            border-radius: 10px;\n            margin-bottom: 15px;\n            overflow: hidden;\n        }\n\n        .faq-q {\n            padding: 25px;\n            cursor: pointer;\n            display: flex;\n            justify-content: space-between;\n            align-items: center;\n            font-weight: 600;\n            font-family: 'Montserrat', sans-serif;\n            background: var(--light-gray);\n            transition: all 0.3s ease;\n        }\n\n        .faq-q:hover {\n            background: var(--teal);\n        }\n\n        .faq-icon {\n            font-size: 20px;\n            font-weight: bold;\n            color: var(--primary-blue);\n            transition: transform 0.3s ease;\n        }\n\n        .faq-item.open .faq-icon {\n            transform: rotate(45deg);\n        }\n\n        .faq-a {\n            padding: 0 25px;\n            max-height: 0;\n            overflow: hidden;\n            transition: all 0.3s ease;\n        }\n\n        .faq-item.open .faq-a {\n            padding: 25px;\n            max-height: 500px;\n        }\n\n        .cta-box {\n            background: linear-gradient(135deg, var(--primary-blue) 0%, var(--blue-dark) 100%);\n            color: var(--white);\n            padding: 50px;\n            border-radius: 20px;\n            text-align: center;\n            margin: 60px 0;\n        }\n\n        .cta-box h3 {\n            color: var(--white);\n            margin-bottom: 20px;\n        }\n\n        .cta-buttons {\n            display: flex;\n            gap: 20px;\n            justify-content: center;\n            flex-wrap: wrap;\n            margin-top: 30px;\n        }\n\n        .btn-white {\n            background: var(--white);\n            color: var(--primary-blue);\n            padding: 15px 30px;\n            border-radius: 25px;\n            text-decoration: none;\n            font-weight: 600;\n            font-family: 'Montserrat', sans-serif;\n            transition: all 0.3s ease;\n            border: none;\n            cursor: pointer;\n        }\n\n        .btn-white:hover {\n            background: var(--yellow);\n            transform: translateY(-2px);\n        }\n\n        .btn-outline {\n            background: transparent;\n            color: var(--white);\n            padding: 15px 30px;\n            border: 2px solid var(--white);\n            border-radius: 25px;\n            text-decoration: none;\n            font-weight: 600;\n            font-family: 'Montserrat', sans-serif;\n            transition: all 0.3s ease;\n        }\n\n        .btn-outline:hover {\n            background: var(--white);\n            color: var(--primary-blue);\n        }\n\n        .article-tags {\n            margin: 60px 0;\n            padding: 30px 0;\n            border-top: 1px solid #e0e0e0;\n        }\n\n        .article-tag {\n            display: inline-block;\n            background: var(--light-gray);\n            color: var(--dark-gray);\n            padding: 8px 16px;\n            border-radius: 20px;\n            text-decoration: none;\n            font-size: 14px;\n            margin: 5px;\n            transition: all 0.3s ease;\n        }\n\n        .article-tag:hover {\n            background: var(--teal);\n            color: var(--dark-gray);\n        }\n\n        @media (max-width: 768px) {\n            .article-hero h1 {\n                font-size: 2rem;\n            }\n            \n            .stats-grid {\n                grid-template-columns: 1fr;\n            }\n            \n            .article-meta {\n                flex-direction: column;\n                align-items: flex-start;\n                gap: 15px;\n            }\n            \n            .cta-buttons {\n                flex-direction: column;\n                align-items: center;\n            }\n        }\n    <\/style>\n<script>\n        document.querySelectorAll('.faq-q').forEach(function(question) {\n            question.addEventListener('click', function() {\n                question.closest('.faq-item').classList.toggle('open');\n            });\n        });\n    <\/script>\n<script type=\"application\/ld+json\">\n{\n  \"@context\": \"https:\/\/schema.org\",\n  \"@graph\": [\n    {\n      \"@type\": \"Article\",\n      \"headline\": \"Comment cro\u00eet le cerveau de votre enfant entre 5 et 8 ans ?\",\n      \"description\": \"\ud83d\udcc5 Avril 2026 \u23f1\ufe0f 15 min de lecture \ud83d\udc65 Parents et \u00e9ducateurs \u2b50\u2b50\u2b50\u2b50\u2b50 4.8\/5\",\n      \"url\": \"https:\/\/www.dynseo.com\/comment-croit-le-cerveau-de-votre-enfant-entre-5-et-8-ans\/\",\n      \"datePublished\": \"2026-04-07\",\n      \"image\": \"https:\/\/www.dynseo.com\/wp-content\/uploads\/2026\/04\/cerveau-enfant-5-8-ans.jpg\",\n      \"author\": {\n        \"@type\": \"Organization\",\n        \"name\": \"DYNSEO\",\n        \"url\": \"https:\/\/www.dynseo.com\"\n      },\n      \"publisher\": {\n        \"@type\": \"Organization\",\n        \"name\": \"DYNSEO\",\n        \"url\": \"https:\/\/www.dynseo.com\",\n        \"logo\": {\n          \"@type\": \"ImageObject\",\n          \"url\": \"https:\/\/www.dynseo.com\/wp-content\/uploads\/2020\/01\/dynseo-logo.png\"\n        }\n      },\n      \"aggregateRating\": {\n        \"@type\": \"AggregateRating\",\n        \"ratingValue\": \"4.8\",\n        \"bestRating\": \"5\",\n        \"ratingCount\": \"47\"\n      }\n    },\n    {\n      \"@type\": \"WebPage\",\n      \"url\": \"https:\/\/www.dynseo.com\/comment-croit-le-cerveau-de-votre-enfant-entre-5-et-8-ans\/\",\n      \"name\": \"Comment cro\u00eet le cerveau de votre enfant entre 5 et 8 ans ?\",\n      \"description\": \"\ud83d\udcc5 Avril 2026 \u23f1\ufe0f 15 min de lecture \ud83d\udc65 Parents et \u00e9ducateurs \u2b50\u2b50\u2b50\u2b50\u2b50 4.8\/5\",\n      \"breadcrumb\": {\n        \"@type\": \"BreadcrumbList\",\n        \"itemListElement\": [\n          {\n            \"@type\": \"ListItem\",\n            \"position\": 1,\n            \"name\": \"Accueil\",\n            \"item\": \"https:\/\/www.dynseo.com\"\n          },\n          {\n            \"@type\": \"ListItem\",\n            \"position\": 2,\n            \"name\": \"Blog\",\n            \"item\": \"https:\/\/www.dynseo.com\/blog\/\"\n          },\n          {\n            \"@type\": \"ListItem\",\n            \"position\": 3,\n            \"name\": \"Comment cro\u00eet le cerveau de votre enfant entre 5 et 8 ans ?\",\n            \"item\": \"https:\/\/www.dynseo.com\/comment-croit-le-cerveau-de-votre-enfant-entre-5-et-8-ans\/\"\n          }\n        ]\n      }\n    },\n    {\n      \"@type\": \"FAQPage\",\n      \"mainEntity\": [\n        {\n          \"@type\": \"Question\",\n          \"name\": \"\u00c0 quel moment s'inqui\u00e9ter si mon enfant semble en retard dans son d\u00e9veloppement ?\",\n          \"acceptedAnswer\": {\n            \"@type\": \"Answer\",\n            \"text\": \"Il est important de consulter un professionnel si vous observez des retards significatifs dans le d\u00e9veloppement cognitif de votre enfant par rapport aux \u00e9tapes cl\u00e9s de son \u00e2ge.\"\n          }\n        },\n        {\n          \"@type\": \"Question\",\n          \"name\": \"Les \u00e9crans sont-ils vraiment dangereux pour le cerveau en d\u00e9veloppement ?\",\n          \"acceptedAnswer\": {\n            \"@type\": \"Answer\",\n            \"text\": \"L'exposition excessive aux \u00e9crans peut affecter le d\u00e9veloppement du cerveau, il est recommand\u00e9 de limiter le temps d'\u00e9cran et de privil\u00e9gier les activit\u00e9s interactives.\"\n          }\n        },\n        {\n          \"@type\": \"Question\",\n          \"name\": \"Comment puis-je savoir si mon enfant d\u00e9veloppe bien ses capacit\u00e9s de m\u00e9moire ?\",\n          \"acceptedAnswer\": {\n            \"@type\": \"Answer\",\n            \"text\": \"Observez sa capacit\u00e9 \u00e0 retenir des informations, suivre des instructions simples et se souvenir d'\u00e9v\u00e9nements r\u00e9cents. Des jeux de m\u00e9moire peuvent aider \u00e0 \u00e9valuer et stimuler ces capacit\u00e9s.\"\n          }\n        }\n      ]\n    }\n  ]\n}\n<\/script>\n<link rel=\"preconnect\" href=\"https:\/\/fonts.googleapis.com\">\n\n<section class=\"article-hero\">\n        <div class=\"article-hero-inner\">\n            <div class=\"article-breadcrumb\">\n                <a href=\"\/\">Startseite<\/a> > <a href=\"\/blog\">Blog<\/a> > Entwicklung des Kindes\n            <\/div>\n            \n            <div class=\"article-category\">Kognitive Entwicklung<\/div>\n            \n            <h1>Wie w\u00e4chst das <span class=\"hl\">Gehirn Ihres Kindes<\/span> zwischen 5 und 8 Jahren?<\/h1>\n            \n            <div class=\"article-meta\">\n                <span>\ud83d\udcc5 April 2026<\/span>\n                <span>\u23f1\ufe0f 15 Minuten Lesezeit<\/span>\n                <span>\ud83d\udc65 Eltern und Erzieher<\/span>\n                <span class=\"stars\">\u2b50\u2b50\u2b50\u2b50\u2b50 4.8\/5<\/span>\n            <\/div>\n        <\/div>\n        <div class=\"article-hero-curve\"><\/div>\n    <\/section>\n\n    <div class=\"article-body\">\n        <div class=\"container\">\n            <div class=\"intro-block\">\n                <p>Das menschliche Gehirn ist ein Meisterwerk der Evolution, das uns weiterhin durch seine Komplexit\u00e4t und Anpassungsf\u00e4higkeit fasziniert. Zwischen 5 und 8 Jahren durchl\u00e4uft Ihr Kind eine entscheidende Phase der neurologischen Entwicklung, die von spektakul\u00e4ren Ver\u00e4nderungen gepr\u00e4gt ist, die seine kognitiven F\u00e4higkeiten f\u00fcr das Leben formen werden. Diese Phase stellt einen entscheidenden Wendepunkt dar, an dem die Grundlagen des Lernens, des Ged\u00e4chtnisses und des Denkens bemerkenswert gefestigt werden. Das Verst\u00e4ndnis dieser Mechanismen erm\u00f6glicht es Ihnen, Ihr Kind auf diesem au\u00dfergew\u00f6hnlichen Abenteuer zu begleiten. Lassen Sie uns gemeinsam entdecken, wie wir dieses Wachstum des Gehirns effektiv stimulieren k\u00f6nnen, um sein Lernpotenzial und seine Entfaltung zu optimieren.<\/p>\n            <\/div>\n\n            <div class=\"stats-grid\">\n                <div class=\"stat-card\">\n                    <span class=\"number\">90%<\/span>\n                    <span class=\"label\">der endg\u00fcltigen Erwachsenengr\u00f6\u00dfe erreicht mit 5 Jahren<\/span>\n                <\/div>\n                <div class=\"stat-card\">\n                    <span class=\"number\">1000<\/span>\n                    <span class=\"label\">neue Verbindungen pro Sekunde<\/span>\n                <\/div>\n                <div class=\"stat-card\">\n                    <span class=\"number\">20%<\/span>\n                    <span class=\"label\">der verbrauchten K\u00f6rperenergie<\/span>\n                <\/div>\n                <div class=\"stat-card\">\n                    <span class=\"number\">100<\/span>\n                    <span class=\"label\">Milliarden von Neuronen zu organisieren<\/span>\n                <\/div>\n            <\/div>\n\n            <h2>1. Die Grundlagen der Gehirnentwicklung mit 5 Jahren<\/h2>\n            <p>Im Alter von 5 Jahren hat das Gehirn Ihres Kindes bereits einen au\u00dfergew\u00f6hnlichen Weg seit seiner Geburt zur\u00fcckgelegt. Es repr\u00e4sentiert etwa 90% seiner endg\u00fcltigen Erwachsenengr\u00f6\u00dfe, und diese Masse von 100 Milliarden Neuronen tritt in eine Phase der anspruchsvollen Reifung ein, in der die Organisation \u00fcber das blo\u00dfe Wachstum dominiert. Diese Phase markiert den Beginn einer bemerkenswerten funktionalen Spezialisierung, bei der jede Gehirnregion ihre Verbindungen verfeinert, um effizienter zu werden.<\/p>\n\n            <p>Der Prozess der Myelinisierung, bei dem die Nervenfasern mit einer sch\u00fctzenden H\u00fclle ummantelt werden, beschleunigt sich in diesem Alter erheblich. Diese Myelin wirkt wie ein elektrischer Isolator und erm\u00f6glicht eine schnellere und pr\u00e4zisere \u00dcbertragung von Nervenimpulsen. Die Bereiche, die f\u00fcr die Feinmotorik, die Sprache und die Augen-Hand-Koordination verantwortlich sind, profitieren besonders von dieser Reifung, was erkl\u00e4rt, warum Ihr Kind pl\u00f6tzlich in der Lage ist, seine ersten Buchstaben zu schreiben oder pr\u00e4ziser zu zeichnen.<\/p>\n\n            <p>Die neuronale Plastizit\u00e4t erreicht in dieser Phase einen bemerkenswerten H\u00f6hepunkt und bietet ein einzigartiges Lernfenster. Die Erfahrungen, die Ihr Kind macht, formen buchst\u00e4blich seine neuronale Architektur, indem sie bestimmte Verbindungen st\u00e4rken und andere gem\u00e4\u00df dem Prinzip \"use it or lose it\" eliminieren. Diese au\u00dfergew\u00f6hnliche Plastizit\u00e4t erkl\u00e4rt, warum Kinder in diesem Alter so leicht neue F\u00e4higkeiten erlernen, sei es eine Fremdsprache, ein Musikinstrument oder komplexe mathematische Konzepte.<\/p>\n<div class=\"conseil-card\">\n                <h4>DYNSEO Expertenrat<\/h4>\n                <p>Profitieren Sie von dieser maximalen Plastizit\u00e4t, indem Sie Ihr Kind vielf\u00e4ltigen und bereichernden Stimulationen aussetzen. Bildungsanwendungen wie <a href=\"https:\/\/www.dynseo.com\/de\/coco-uberlegt-und-coco-bewegetsich-lernsoftware\/\" style=\"color: #5e5ed7; font-weight: bold;\">COCO \u00dcBERLEGT COCO BEWEGT SICH<\/a> sind speziell entwickelt worden, um dieses Fenster optimalen Lernens zu nutzen und gleichzeitig den nat\u00fcrlichen Entwicklungsrhythmus zu respektieren.<\/p>\n            <\/div>\n\n            <div class=\"key-points\">\n                <h4>Wichtige Entwicklungspunkte mit 5 Jahren:<\/h4>\n                <ul>\n                    <li>Reifung der motorischen Kontroll- und Koordinationsbereiche<\/li>\n                    <li>Beschleunigte Entwicklung der Sprach- und Kommunikationszentren<\/li>\n                    <li>Entstehung von Planungs- und Organisationsf\u00e4higkeiten<\/li>\n                    <li>Konsolidierung der Kurz- und Langzeitged\u00e4chtnisbahnen<\/li>\n                    <li>Verfeinerung der sensorischen und perceptuellen Verbindungen<\/li>\n                <\/ul>\n            <\/div>\n\n            <h2>2. Die synaptische Explosion und das neuronale Pruning<\/h2>\n            <p>Zwischen 5 und 8 Jahren durchl\u00e4uft das Gehirn Ihres Kindes zwei scheinbar gegens\u00e4tzliche, aber grundlegend komplement\u00e4re Ph\u00e4nomene: die synaptische Explosion und das neuronale Pruning. Diese Phase \u00e4hnelt einer gro\u00dfen Baustelle, auf der zun\u00e4chst viele Strukturen errichtet werden, bevor nur die stabilsten und n\u00fctzlichsten erhalten bleiben. Diese Metapher veranschaulicht perfekt den neuralen Verfeinerungsprozess, der in diesen entscheidenden Jahren stattfindet.<\/p>\n\n            <p>Die synaptische Explosion zeichnet sich durch eine massive Bildung neuer Verbindungen zwischen den Neuronen aus. In ihrem H\u00f6hepunkt kann ein Neuron bis zu 15.000 Verbindungen zu seinen Nachbarn herstellen, wodurch ein Netzwerk von unglaublicher Komplexit\u00e4t entsteht. Diese \u00dcberf\u00fclle an Verbindungen erm\u00f6glicht es dem Gehirn, alle M\u00f6glichkeiten des Lernens und der Anpassung zu erkunden und bietet maximale Flexibilit\u00e4t gegen\u00fcber den kognitiven Herausforderungen, denen Ihr Kind in seiner t\u00e4glichen Umgebung begegnet.<\/p>\n\n            <p>Gleichzeitig beginnt ein selektiver Pruning-Prozess, der die am wenigsten genutzten Verbindungen eliminiert, um die Effizienz des neuronalen Netzwerks zu optimieren. Entgegen der landl\u00e4ufigen Meinung ist diese Eliminierung kein Verlust, sondern ein Gewinn an Leistung. Indem nur die am h\u00e4ufigsten genutzten Schaltkreise erhalten bleiben, wird das Gehirn schneller, pr\u00e4ziser und energieeffizienter. Dieser Prozess erkl\u00e4rt, warum die in dieser Zeit entwickelten Gewohnheiten dazu neigen, bestehen zu bleiben: Sie pr\u00e4gen ihre Schaltkreise in der Gehirnarchitektur.<\/p>\n\n            <div class=\"tip-box\">\n                <div class=\"tip-box-label\">Praktischer Tipp<\/div>\n                <p>F\u00f6rdern Sie die positive Wiederholung bereichernder Aktivit\u00e4ten, um die vorteilhaften Verbindungen zu st\u00e4rken. Regelm\u00e4\u00dfige \u00dcbungen im Ged\u00e4chtnis, in der Logik und in der Kreativit\u00e4t helfen, die wertvollsten neuronalen Schaltkreise zu konsolidieren.<\/p>\n            <\/div>\n\n            <div class=\"expert-box\">\n                <div class=\"expert-box-label\">DYNSEO Expertise<\/div>\n                <div class=\"expert-box-title\">Optimierung des neuronalen Prunings<\/div>\n                <div class=\"expert-inner\">\n<div class=\"expert-inner-title\">Wie kann man eine vorteilhafte Beschneidung f\u00f6rdern?<\/div>\n                    <p>Damit die neuronale Beschneidung zugunsten der guten Verbindungen erfolgt, ist es wichtig, regelm\u00e4\u00dfig und schrittweise anregende Aktivit\u00e4ten anzubieten. Digitale Lernspiele, wenn sie gut gestaltet und in Ma\u00dfen verwendet werden, k\u00f6nnen erheblich zu diesem Optimierungsprozess beitragen.<\/p>\n                <\/div>\n            <\/div>\n\n            <h2>3. Die Entwicklung des pr\u00e4frontalen Kortex und der exekutiven Funktionen<\/h2>\n            <p>Der pr\u00e4frontale Kortex, oft als \"CEO des Gehirns\" bezeichnet, reift besonders bemerkenswert zwischen 5 und 8 Jahren. Diese Region, die sich direkt hinter der Stirn befindet, wird die exekutiven Funktionen Ihres Kindes orchestrieren: Planung, Entscheidungsfindung, Impulskontrolle und mentale Flexibilit\u00e4t. Seine Entwicklung in dieser Zeit erkl\u00e4rt, warum Ihr Kind allm\u00e4hlich in der Lage wird, komplexe Regeln zu befolgen, seine Handlungen zu planen und sofortigen Versuchungen zu widerstehen.<\/p>\n\n            <p>Die exekutiven Funktionen entstehen allm\u00e4hlich nach einem pr\u00e4zisen Zeitplan. Das Arbeitsged\u00e4chtnis, das es erm\u00f6glicht, Informationen vor\u00fcbergehend zu speichern und zu manipulieren, entwickelt sich signifikant etwa im Alter von 6-7 Jahren. Diese neue F\u00e4higkeit erm\u00f6glicht es Ihrem Kind, mehrstufige Anweisungen zu befolgen, mathematische Probleme im Kopf zu l\u00f6sen oder komplexere Geschichten mit mehreren Charakteren und verwobenen Handlungsstr\u00e4ngen zu verstehen.<\/p>\n\n            <p>Die Hemmungsf\u00e4higkeit, diese F\u00e4higkeit, Impulse zu bremsen und Ablenkungen zu widerstehen, verfeinert sich allm\u00e4hlich in dieser Zeit. Mit etwa 8 Jahren entwickelt Ihr Kind eine kognitive Flexibilit\u00e4t, die es ihm erm\u00f6glicht, von einer Aufgabe zur anderen zu wechseln, Perspektiven zu \u00e4ndern und seine Strategien je nach Situation anzupassen. Diese F\u00e4higkeiten sind entscheidend f\u00fcr das schulische Lernen und die soziale Entwicklung, da sie helfen, Emotionen zu managen und harmonisch mit anderen zu interagieren.<\/p>\n<div class=\"conseil-card\">\n                <h4>Strategien zur Stimulation des pr\u00e4frontalen Kortex<\/h4>\n                <p>Schlagen Sie Spiele vor, die Planung erfordern, wie komplexe Puzzles, Konstruktionsspiele oder logische Herausforderungen. Aktivit\u00e4ten, die Denken und Bewegung kombinieren, wie die in <a href=\"https:\/\/www.dynseo.com\/de\/coco-uberlegt-und-coco-bewegetsich-lernsoftware\/\" style=\"color: #5e5ed7; font-weight: bold;\">COCO \u00dcBERLEGT COCO BEWEGT SICH<\/a> vorgeschlagenen, sind besonders effektiv, um die Entwicklung des pr\u00e4frontalen Kortex zu stimulieren.<\/p>\n            <\/div>\n\n            <h2>4. Die Verfeinerung der Netzwerke von Ged\u00e4chtnis und Aufmerksamkeit<\/h2>\n            <p>Das Ged\u00e4chtnis Ihres Kindes unterliegt zwischen 5 und 8 Jahren einer bemerkenswerten qualitativen Transformation. \u00dcber die blo\u00dfe Erh\u00f6hung seiner Kapazit\u00e4t hinaus verfeinert sich die gesamte Ged\u00e4chtnisarchitektur. Die hippocampalen Netzwerke, die f\u00fcr die Bildung von Erinnerungen verantwortlich sind, stellen reifere Verbindungen zum Kortex her, was eine nachhaltigere Speicherung und eine effektivere Abrufung von Informationen erm\u00f6glicht. Diese Reifung erkl\u00e4rt, warum die w\u00e4hrend dieser Zeit gebildeten Erinnerungen oft besonders lebhaft und langlebig sind.<\/p>\n\n            <p>Die Aufmerksamkeit, diese grundlegende kognitive Funktion, entwickelt ihre verschiedenen Komponenten asynchron. Die aufrechterhaltene Aufmerksamkeit, die F\u00e4higkeit, die Konzentration \u00fcber einen l\u00e4ngeren Zeitraum auf eine Aufgabe zu halten, verbessert sich allm\u00e4hlich und erreicht etwa 15-20 Minuten im Alter von 7-8 Jahren. Die selektive Aufmerksamkeit, die es erm\u00f6glicht, relevante Informationen zu filtern und Ablenkungen zu ignorieren, wird durch die Reifung der frontoparietalen Netzwerke effektiver. Diese Entwicklung ist entscheidend f\u00fcr schulische Lernprozesse, die eine l\u00e4ngere Konzentration erfordern.<\/p>\n\n            <p>Das Arbeitsged\u00e4chtnis, die wahre Schnittstelle zwischen Aufmerksamkeit und Ged\u00e4chtnis, erlebt in dieser Zeit eine spektakul\u00e4re Entwicklung. Seine Kapazit\u00e4t steigt von etwa 4 Elementen auf 6-7 Elemente im Alter von 8 Jahren, was es Ihrem Kind erm\u00f6glicht, zunehmend komplexe Informationen mental zu verarbeiten. Diese Fortschritte spiegeln sich in seiner wachsenden F\u00e4higkeit wider, mathematische Probleme zu l\u00f6sen, Kochrezepte zu befolgen oder mehrere Anweisungen zu verstehen.<\/p>\n<div class=\"key-points\">\n                <h4>Zeichen f\u00fcr Verbesserungen der Aufmerksamkeit und des Ged\u00e4chtnisses:<\/h4>\n                <ul>\n                    <li>F\u00e4higkeit, sich l\u00e4nger auf eine gew\u00e4hlte Aktivit\u00e4t zu konzentrieren<\/li>\n                    <li>Verbesserung des Abrufs von Ereignissen und Lerninhalten<\/li>\n                    <li>Entwicklung spontaner Ged\u00e4chtnisstrategien<\/li>\n                    <li>Bessere Bew\u00e4ltigung von Umgebungsst\u00f6rungen<\/li>\n                    <li>Entwicklung von Metakognition (Reflexion \u00fcber die eigenen mentalen Prozesse)<\/li>\n                <\/ul>\n            <\/div>\n\n            <h2>5. Die hemisph\u00e4rische Spezialisierung und die Lateralisierung<\/h2>\n            <p>Die Zeit von 5 bis 8 Jahren markiert einen entscheidenden Schritt in der Spezialisierung der beiden Gehirnh\u00e4lften. Diese funktionale Lateralisierung, die bereits in den ersten Lebensjahren beginnt, festigt und pr\u00e4zisiert sich in dieser Phase und legt die Grundlagen f\u00fcr spezialisierte F\u00e4higkeiten, die das kognitive Funktionieren Ihres Kindes charakterisieren werden. Die linke Hemisph\u00e4re, traditionell mit Sprache und logischem Denken assoziiert, entwickelt ihre internen Verbindungen und verst\u00e4rkt ihre Dominanz f\u00fcr analytische und sequenzielle Aufgaben.<\/p>\n\n            <p>Parallel dazu verfeinert die rechte Hemisph\u00e4re ihre F\u00e4higkeiten in der r\u00e4umlichen Verarbeitung, der Formenerkennung und der ganzheitlichen Wahrnehmung. Diese Spezialisierung bedeutet nicht eine hermetische Trennung: Im Gegenteil, die interhemisph\u00e4rischen Verbindungen \u00fcber das Corpus callosum werden erheblich gest\u00e4rkt, was eine effektivere Zusammenarbeit zwischen den beiden Gehirnh\u00e4lften erm\u00f6glicht. Diese verst\u00e4rkte Kooperation zeigt sich in der Entstehung komplexer F\u00e4higkeiten, die die Integration analytischer und r\u00e4umlicher Prozesse erfordern, wie Lesen, Schreiben oder Mathematik.<\/p>\n\n            <p>Die H\u00e4ndedominanz, ein sichtbarer Indikator f\u00fcr diese Lateralisierung, stabilisiert sich in dieser Zeit endg\u00fcltig. \u00dcber den motorischen Aspekt hinaus spiegelt diese H\u00e4ndepr\u00e4ferenz die allgemeine Organisation des Nervensystems wider und beeinflusst die Lernstrategien Ihres Kindes. Die gekreuzten Verbindungen zwischen den H\u00e4nden und den gegen\u00fcberliegenden Hemisph\u00e4ren werden gest\u00e4rkt, was die bimanuelle Koordination und die Feinmotorik optimiert, die f\u00fcr das Schreiben, Zeichnen und komplexe manuelle Aktivit\u00e4ten erforderlich sind.<\/p>\n\n            <div class=\"tip-box\">\n<div class=\"tip-box-label\">Ausgewogene Stimulation<\/div>\n                <p>Schlagen Sie Aktivit\u00e4ten vor, die beide Hemisph\u00e4ren ansprechen: Puzzles und Konstruktionen f\u00fcr den r\u00e4umlichen Aspekt, Geschichten und Kinderreime f\u00fcr die Sprache, k\u00fcnstlerische Aktivit\u00e4ten, die Kreativit\u00e4t und Technik kombinieren. Diese bilaterale Stimulation f\u00f6rdert eine harmonische und umfassende Entwicklung.<\/p>\n            <\/div>\n\n            <h2>6. Die Entwicklung der Sprache und der spezialisierten Bereiche<\/h2>\n            <p>Zwischen 5 und 8 Jahren erf\u00e4hrt das sprachliche System Ihres Kindes eine bemerkenswerte Verfeinerung, die weit \u00fcber die Bereicherung des Wortschatzes hinausgeht. Die Broca- und Wernicke-Areale, die jeweils f\u00fcr die Produktion und das Verst\u00e4ndnis von Sprache verantwortlich sind, etablieren reifere Verbindungen mit dem gesamten Kortex, was die Entstehung komplexer sprachlicher F\u00e4higkeiten wie Lesen, Schreiben und das Verst\u00e4ndnis ausgefeilter grammatikalischer Strukturen erm\u00f6glicht.<\/p>\n\n            <p>Das phonologische Bewusstsein, die F\u00e4higkeit, die Laute der Sprache mental zu manipulieren, erreicht in dieser Zeit ihre Reife. Diese F\u00e4higkeit ist grundlegend f\u00fcr das Lesenlernen, da sie Ihrem Kind erm\u00f6glicht zu verstehen, dass W\u00f6rter in kleinere klangliche Einheiten (Silben, Phoneme) zerlegt werden k\u00f6nnen und dass diese Einheiten schriftlichen Symbolen entsprechen. Die Entwicklung dieses Bewusstseins geht mit einer Reifung der Verbindungen zwischen den auditiven, visuellen und motorischen Arealen einher, wodurch ein integriertes Netzwerk geschaffen wird, das f\u00fcr die Literalit\u00e4t unerl\u00e4sslich ist.<\/p>\n\n            <p>Der Wortschatz Ihres Kindes explodiert f\u00f6rmlich in dieser Zeit, von etwa 5.000 W\u00f6rtern mit 5 Jahren auf \u00fcber 10.000 W\u00f6rter mit 8 Jahren. Diese quantitative Expansion geht mit einer qualitativ anspruchsvolleren Organisation einher: Die W\u00f6rter werden nicht mehr isoliert gespeichert, sondern organisieren sich in komplexen semantischen Netzwerken, die reichere Ideenassoziationen und ein nuancierteres Verst\u00e4ndnis abstrakter Konzepte erm\u00f6glichen.<\/p>\n\n            <div class=\"expert-box\">\n                <div class=\"expert-box-label\">DYNSEO-Forschung<\/div>\n                <div class=\"expert-box-title\">Optimierung der sprachlichen Entwicklung<\/div>\n                <div class=\"expert-inner\">\n<div class=\"expert-inner-title\">Die Schl\u00fcssel zu einer optimalen sprachlichen Entwicklung<\/div>\n                    <p>Unsere Forschungen zeigen, dass die Exposition gegen\u00fcber einer reichen und vielf\u00e4ltigen Sprache, kombiniert mit qualitativ hochwertigen Interaktionen, die Entwicklung der sprachlichen Netzwerke erheblich f\u00f6rdert. Wortspiele, R\u00e4tsel und phonologische Manipulationsaktivit\u00e4ten, die in unseren Anwendungen integriert sind, tragen effektiv zu dieser Reifung bei.<\/p>\n                <\/div>\n            <\/div>\n\n            <h2>7. Die Reifung der sensorischen und perceptuellen Systeme<\/h2>\n            <p>Die sensorischen Systeme Ihres Kindes, obwohl sie von Geburt an funktional sind, verfeinern sich erheblich zwischen 5 und 8 Jahren. Diese Reifung betrifft nicht so sehr die rohe sensorische Sch\u00e4rfe, sondern die F\u00e4higkeit, sensorische Informationen zunehmend raffiniert zu verarbeiten, zu integrieren und zu interpretieren. Das visuelle System entwickelt insbesondere komplexe perceptuelle F\u00e4higkeiten, die f\u00fcr das schulische Lernen unerl\u00e4sslich sind.<\/p>\n\n            <p>Die visuo-spatialen Wahrnehmung erreicht in diesem Zeitraum eine bemerkenswerte Reife. Ihr Kind entwickelt ein besseres Verst\u00e4ndnis f\u00fcr r\u00e4umliche Beziehungen, Perspektive und Dreidimensionalit\u00e4t. Diese F\u00e4higkeiten sind entscheidend nicht nur f\u00fcr geometrische und mathematische Lernprozesse, sondern auch f\u00fcr das Lesen und Schreiben, die eine feine Unterscheidung der Buchstabenformen und eine pr\u00e4zise r\u00e4umliche Anordnung auf der Seite erfordern.<\/p>\n\n            <p>Die multisensorische Integration, der Prozess, durch den das Gehirn Informationen aus verschiedenen Sinnen kombiniert, um eine koh\u00e4rente Wahrnehmung der Welt zu schaffen, perfektioniert sich erheblich. Diese Reifung erm\u00f6glicht es Ihrem Kind, seine Bewegungen besser mit seinen Wahrnehmungen zu koordinieren, sein Gleichgewicht zu verbessern und eine pr\u00e4zisere Feinmotorik zu entwickeln. Diese F\u00e4higkeiten spiegeln sich in seiner wachsenden F\u00e4higkeit wider, Sport zu treiben, ein Instrument zu spielen oder feine handwerkliche T\u00e4tigkeiten auszuf\u00fchren.<\/p>\n<div class=\"conseil-card\">\n                <h4>Optimale sensorische Stimulation<\/h4>\n                <p>Variieren Sie die sensorischen Erfahrungen Ihres Kindes: Manipulation von Objekten mit unterschiedlichen Texturen, visuelle und auditive Spiele, Aktivit\u00e4ten, die eine feine Koordination erfordern. Moderne Bildungsanwendungen integrieren diese multisensorische Dimension, um das Lernen zu optimieren.<\/p>\n            <\/div>\n\n            <h2>8. Das Aufkommen der Theorie des Geistes und der kognitiven Empathie<\/h2>\n            <p>Zwischen 5 und 8 Jahren entwickelt Ihr Kind eine anspruchsvolle kognitive F\u00e4higkeit, die als \"Theorie des Geistes\" bezeichnet wird: die F\u00e4higkeit zu verstehen, dass andere Gedanken, \u00dcberzeugungen und Absichten haben, die sich von den eigenen unterscheiden. Diese kognitive Revolution ver\u00e4ndert radikal sein Verst\u00e4ndnis der sozialen Welt und markiert den Beginn einer reiferen Empathie. Die neuronalen Netzwerke, die an dieser F\u00e4higkeit beteiligt sind, insbesondere die frontotemporalen Bereiche, reifen in dieser Zeit signifikant.<\/p>\n\n            <p>Diese neue F\u00e4higkeit zeigt sich in der F\u00e4higkeit Ihres Kindes, L\u00fcgen, Ironie, Missverst\u00e4ndnisse und multiple Perspektiven auf dasselbe Ereignis zu verstehen. Es wird in der Lage, die Reaktionen anderer vorherzusagen, basierend auf dem Verst\u00e4ndnis ihrer mentalen Zust\u00e4nde, anstatt auf einer einfachen Projektion seiner eigenen Gedanken. Diese Entwicklung ist grundlegend f\u00fcr die soziale Entwicklung und erkl\u00e4rt die schrittweise Verbesserung seiner Beziehungen zu Gleichaltrigen.<\/p>\n\n            <p>Kognitive Empathie, die sich von der emotionalen Empathie unterscheidet, die bereits in der fr\u00fchen Kindheit vorhanden ist, entsteht durch diese Reifung. Ihr Kind wird in der Lage, intellektuell die Emotionen anderer zu verstehen, selbst wenn sie sich von seinen eigenen unterscheiden, und sein Verhalten entsprechend anzupassen. Diese F\u00e4higkeit ist entscheidend f\u00fcr Kooperation, Konfliktl\u00f6sung und moralische Entwicklung.<\/p>\n<div class=\"key-points\">\n                <h4>Manifestationen der Theorie des Geistes:<\/h4>\n                <ul>\n                    <li>Verst\u00e4ndnis, dass andere falsche \u00dcberzeugungen haben k\u00f6nnen<\/li>\n                    <li>F\u00e4higkeit, elaboriert zu l\u00fcgen (paradoxerweise ein positives Zeichen!)<\/li>\n                    <li>Entwicklung von Humor und Verst\u00e4ndnis f\u00fcr Ironie<\/li>\n                    <li>Verbesserung der Verhandlungs- und \u00dcberzeugungsf\u00e4higkeiten<\/li>\n                    <li>Entstehung einer nuancierteren und kontextuellen Empathie<\/li>\n                <\/ul>\n            <\/div>\n\n            <h2>9. Die entscheidenden ern\u00e4hrungs- und umweltbedingten Faktoren<\/h2>\n            <p>Das sich entwickelnde Gehirn Ihres Kindes ist besonders empfindlich gegen\u00fcber ern\u00e4hrungs- und umweltbedingten Faktoren. W\u00e4hrend dieser Phase intensiven Wachstums verbraucht das Gehirn bis zu 20% der gesamten Energie des K\u00f6rpers, was eine st\u00e4ndige und ausgewogene Zufuhr spezifischer N\u00e4hrstoffe erfordert. Omega-3-Fetts\u00e4uren, die f\u00fcr die Bildung der neuronalen Membranen und die Myelinisierung unerl\u00e4sslich sind, m\u00fcssen in ausreichender Menge vorhanden sein, um die optimale Entwicklung der Gehirnkreise zu unterst\u00fctzen.<\/p>\n\n            <p>Die B-Vitamine, insbesondere B12, B6 und Fols\u00e4ure, spielen eine entscheidende Rolle bei der Synthese von Neurotransmittern und der Reifung des Nervensystems. Ein Mangel an diesen N\u00e4hrstoffen kann langfristige Auswirkungen auf die kognitive Entwicklung haben. Ebenso ist Eisen unerl\u00e4sslich f\u00fcr den Transport von Sauerstoff zum Gehirn und die Bildung von Myelin. Eisenmangel, der bei Kindern immer noch zu h\u00e4ufig vorkommt, kann die Aufmerksamkeits- und Lernf\u00e4higkeiten erheblich beeintr\u00e4chtigen.<\/p>\n\n            <p>Die physische und soziale Umgebung beeinflusst ebenfalls tiefgreifend die Gehirnentwicklung. Chronischer Stress, durch den langfristig erh\u00f6hten Cortisolspiegel, kann das Wachstum des Hippocampus beeintr\u00e4chtigen und die Ged\u00e4chtnisf\u00e4higkeiten beeinflussen. Im Gegensatz dazu f\u00f6rdert eine anregende Umgebung, die reich an positiven Interaktionen und vielf\u00e4ltigen Erfahrungen ist, die Neurogenese und st\u00e4rkt die vorteilhaften synaptischen Verbindungen. Die Qualit\u00e4t des Schlafes, oft vernachl\u00e4ssigt, ist ebenfalls entscheidend: W\u00e4hrend des Tiefschlafs erfolgen die Ged\u00e4chtniskonsolidierung und die Beseitigung von Gehirntoxinen.<\/p>\n\n            <div class=\"tip-box\">\n<div class=\"tip-box-label\">Optimale Gehirnnahrung<\/div>\n                <p>Bevorzugen Sie fettreiche Fische, N\u00fcsse, gr\u00fcnes Gem\u00fcse, Eier und Vollkornprodukte. Stellen Sie sicher, dass Ihr Kind ausreichend schl\u00e4ft (10-11 Stunden pro Nacht in diesem Alter) und begrenzen Sie chronische Stressquellen. Eine ruhige und sichere Umgebung f\u00f6rdert das neurologische Wachstum.<\/p>\n            <\/div>\n\n            <h2>10. Die Auswirkungen digitaler Technologien auf die Entwicklung<\/h2>\n            <p>Die Exposition gegen\u00fcber digitalen Technologien w\u00e4hrend dieser kritischen Phase der Gehirnentwicklung wirft viele berechtigte Fragen auf. Bildschirme und digitale Schnittstellen beanspruchen das Gehirn auf spezifische Weise, aktivieren intensiv bestimmte Schaltkreise, w\u00e4hrend andere vernachl\u00e4ssigt werden. Eine \u00fcberm\u00e4\u00dfige Exposition kann die harmonische Entwicklung der verschiedenen Gehirnregionen st\u00f6ren, insbesondere derjenigen, die an der anhaltenden Aufmerksamkeit und der Hemmungssteuerung beteiligt sind.<\/p>\n\n            <p>Wenn sie jedoch \u00fcberlegt und ma\u00dfvoll eingesetzt werden, k\u00f6nnen digitale Technologien auch einzigartige Lernm\u00f6glichkeiten bieten. Gut gestaltete Bildungsanwendungen k\u00f6nnen spezifisch bestimmte Aspekte der kognitiven Entwicklung anregen und gleichzeitig das Engagement und die Motivation des Kindes aufrechterhalten. Der Schl\u00fcssel liegt im Gleichgewicht: abwechselnd zwischen digitalen Bildungsaktivit\u00e4ten und Erfahrungen in der realen Welt, um eine umfassende und harmonische Entwicklung zu gew\u00e4hrleisten.<\/p>\n\n            <p>Neueste Forschungen zeigen die Bedeutung regelm\u00e4\u00dfiger Pausen bei der Nutzung von Bildschirmen, um dem Gehirn zu erm\u00f6glichen, Informationen zu verarbeiten und zu konsolidieren. Genau das ist das innovative Prinzip der Anwendungen <a href=\"https:\/\/www.dynseo.com\/de\/coco-uberlegt-und-coco-bewegetsich-lernsoftware\/\" style=\"color: #5e5ed7; font-weight: bold;\">COCO \u00dcBERLEGT COCO BEWEGT SICH<\/a>, die automatisch alle 15 Minuten eine sportliche Pause einlegen und so eine gesunde und vorteilhafte Nutzung digitaler Technologien f\u00f6rdern.<\/p>\n\n            <div class=\"expert-box\">\n                <div class=\"expert-box-label\">Innovation DYNSEO<\/div>\n                <div class=\"expert-box-title\">Intelligente Nutzung von Bildschirmen<\/div>\n                <div class=\"expert-inner\">\n<div class=\"expert-inner-title\">Die Revolution der aktiven Pausen<\/div>\n                    <p>Unser einzigartiger Ansatz integriert verpflichtende sportliche Pausen, um das digitale Lernen zu optimieren. Diese Unterbrechungen erm\u00f6glichen die Sauerstoffversorgung des Gehirns, die Konsolidierung des Gelernten und verhindern eine \u00dcberstimulation. Diese Methode st\u00fctzt sich auf die neuesten Entdeckungen der Neurowissenschaften, um die Vorteile zu maximieren und gleichzeitig die Risiken zu minimieren.<\/p>\n                <\/div>\n            <\/div>\n\n            <h2>11. Die Zeichen typischer Entwicklung und Warnhinweise<\/h2>\n            <p>Es ist f\u00fcr Eltern wichtig, die typischen Meilensteine der Gehirnentwicklung zu kennen, um m\u00f6gliche Schwierigkeiten zu erkennen, die eine spezialisierte Unterst\u00fctzung erfordern. Zwischen 5 und 6 Jahren sollte Ihr Kind normalerweise in der Lage sein, Anweisungen in zwei oder drei Schritten zu befolgen, eine einfache Geschichte in der richtigen Reihenfolge zu erz\u00e4hlen und ein wachsendes Interesse an Buchstaben und Zahlen zu zeigen. Seine Aufmerksamkeit f\u00fcr eine Aktivit\u00e4t, die ihm gef\u00e4llt, sollte 10-15 Minuten betragen.<\/p>\n\n            <p>Im Alter von 7-8 Jahren verfeinern sich die F\u00e4higkeiten erheblich: Verst\u00e4ndnis f\u00fcr komplexe Spielregeln, F\u00e4higkeit zur Planung einfacher Aktivit\u00e4ten, Entstehung bewusster Ged\u00e4chtnisstrategien und Entwicklung eines logischeren und strukturierten Denkens. Die Feinmotorik erm\u00f6glicht das Schreiben in Schreibschrift, und das Lesen wird fl\u00fcssiger mit einem besseren Verst\u00e4ndnis des Sinns der Texte.<\/p>\n\n            <p>Einige Zeichen k\u00f6nnen jedoch auf m\u00f6gliche Schwierigkeiten hinweisen: anhaltende schwere Aufmerksamkeitsst\u00f6rungen, erhebliche Schwierigkeiten beim Erwerb der Schriftsprache, anhaltende Probleme mit der motorischen Koordination oder erhebliche Schwierigkeiten in sozialen Interaktionen. Diese Indikatoren bedeuten nicht unbedingt eine schwere St\u00f6rung, rechtfertigen jedoch eine professionelle Bewertung, um gegebenenfalls eine angemessene Unterst\u00fctzung anzubieten.<\/p>\n<div class=\"conseil-card\">\n                <h4>Wohlwollende Begleitung<\/h4>\n                <p>Jedes Kind entwickelt sich in seinem eigenen Tempo. Bei Bedenken konsultieren Sie Fachleute, w\u00e4hrend Sie eine anregende und positive Umgebung aufrechterhalten. Angepasste digitale Werkzeuge k\u00f6nnen die professionelle Begleitung effektiv erg\u00e4nzen, indem sie personalisierte und schrittweise \u00dcbungen anbieten.<\/p>\n            <\/div>\n\n            <h2>12. Praktische Strategien zur F\u00f6rderung der kognitiven Entwicklung<\/h2>\n            <p>Die optimale Begleitung der Gehirnentwicklung erfordert einen multidimensionalen Ansatz, der kognitive Stimulation, k\u00f6rperliche Aktivit\u00e4t, bereichernde soziale Interaktionen und die Achtung des nat\u00fcrlichen Tempos des Kindes kombiniert. Konstruktive und kreative Aktivit\u00e4ten (Lego, Puzzles, Basteln) f\u00f6rdern gleichzeitig Planung, Feinmotorik und Probleml\u00f6sung. Diese Aktivit\u00e4ten unterst\u00fctzen auch Durchhalteverm\u00f6gen und Frustrationstoleranz, essentielle F\u00e4higkeiten f\u00fcr zuk\u00fcnftige Lernprozesse.<\/p>\n\n            <p>Altersgerechte Brettspiele sind ausgezeichnete Werkzeuge zur kognitiven Stimulation. Sie entwickeln strategische F\u00e4higkeiten, das Arbeitsged\u00e4chtnis, die Einhaltung von Regeln und soziale Kompetenzen. Der Wechsel zwischen wettbewerbsorientierten und kooperativen Spielen erm\u00f6glicht es, verschiedene Facetten der Pers\u00f6nlichkeit und soziale F\u00e4higkeiten zu entwickeln. Einfache Kartenspiele trainieren besonders gut das Ged\u00e4chtnis und die Deduktionsf\u00e4higkeiten.<\/p>\n\n            <p>Regelm\u00e4\u00dfige k\u00f6rperliche Aktivit\u00e4t spielt eine oft untersch\u00e4tzte fundamentale Rolle. Bewegung stimuliert die Produktion von Nervenwachstumsfaktoren, verbessert die Gehirndurchblutung und f\u00f6rdert die Neurogenese. Aktivit\u00e4ten, die Koordination, Gleichgewicht und Reflexion kombinieren (Kampfsport, Tanz, Hindernisparcours), sind besonders vorteilhaft f\u00fcr die integrierte Entwicklung motorischer und kognitiver F\u00e4higkeiten.<\/p>\n\n            <div class=\"key-points\">\n                <h4>Empfohlene Aktivit\u00e4ten nach Altersgruppen:<\/h4>\n                <ul>\n                    <li>5-6 Jahre: Sortierspiele, interaktive Geschichten, sensorische Aktivit\u00e4ten, erste Puzzles<\/li>\n                    <li>6-7 Jahre: Einfache Brettspiele, freies Bauen, k\u00fcnstlerische Aktivit\u00e4ten, Einf\u00fchrung in Regeln<\/li>\n                    <li>7-8 Jahre: Logische Herausforderungen, Mannschaftssportarten, Strategiespiele, komplexe kreative Projekte<\/li>\n                    <li>Transversal: T\u00e4gliches Lesen, Diskussionen, Naturerkundung, Musik<\/li>\n                <\/ul>\n            <\/div>\n\n            <div class=\"faq-list\">\n                <h2>H\u00e4ufig gestellte Fragen zur Gehirnentwicklung 5-8 Jahre<\/h2>\n                \n                <div class=\"faq-item\">\n                    <div class=\"faq-q\">\n                        <span>Wann sollte ich mir Sorgen machen, wenn mein Kind in seiner Entwicklung zur\u00fcckliegt?<\/span>\n                        <span class=\"faq-icon\">+<\/span>\n                    <\/div>\n                    <div class=\"faq-a\">\n                        <p>Es ist wichtig, normale Entwicklungsvariationen von signifikanten Verz\u00f6gerungen zu unterscheiden. Wenn Ihr Kind mit 6 Jahren erhebliche Schwierigkeiten mit der m\u00fcndlichen Sprache hat, kein Interesse an Buchstaben oder Zahlen zeigt oder erhebliche Konzentrationsschwierigkeiten hat (weniger als 5 Minuten), kann eine Konsultation hilfreich sein. Denken Sie jedoch daran, dass jedes Kind sein eigenes Tempo hat und einige \"sp\u00e4ter durchstarten\" als andere.<\/p>\n                    <\/div>\n                <\/div>\n                \n                <div class=\"faq-item\">\n<div class=\"faq-q\">\n                        <span>Sind Bildschirme wirklich gef\u00e4hrlich f\u00fcr das sich entwickelnde Gehirn?<\/span>\n                        <span class=\"faq-icon\">+<\/span>\n                    <\/div>\n                    <div class=\"faq-a\">\n                        <p>Bildschirme sind nicht von Natur aus gef\u00e4hrlich, aber ihre Nutzung muss angepasst und moderiert werden. Eine \u00fcberm\u00e4\u00dfige Exposition kann tats\u00e4chlich die Entwicklung von Aufmerksamkeit und Schlaf st\u00f6ren. Ideal ist es, qualitativ hochwertige Bildungsinhalte zu bevorzugen, mit regelm\u00e4\u00dfigen Pausen und elterlicher Begleitung. Anwendungen wie COCO \u00dcBERLEGT und COCO BEWEGT SICH, die automatische Sportpausen integrieren, stellen einen innovativen Ansatz f\u00fcr eine gesunde Nutzung von Technologien dar.<\/p>\n                    <\/div>\n                <\/div>\n                \n                <div class=\"faq-item\">\n                    <div class=\"faq-q\">\n                        <span>Wie kann ich wissen, ob mein Kind seine Ged\u00e4chtnisf\u00e4higkeiten gut entwickelt?<\/span>\n                        <span class=\"faq-icon\">+<\/span>\n                    <\/div>\n                    <div class=\"faq-a\">\n                        <p>Beobachten Sie seine F\u00e4higkeit, k\u00fcrzliche Ereignisse zu behalten und zu erz\u00e4hlen, Anweisungen in mehreren Schritten zu befolgen und neue Kinderlieder oder Lieder zu lernen. Mit etwa 7-8 Jahren sollte es in der Lage sein, seine vollst\u00e4ndige Adresse zu memorieren, die Regeln komplexer Spiele zu behalten und eigene Strategien zum Erinnern zu entwickeln (Wiederholung, Assoziationen). Regelm\u00e4\u00dfige Ged\u00e4chtnisspiele k\u00f6nnen helfen, diese F\u00e4higkeiten zu bewerten und zu stimulieren.<\/p>\n                    <\/div>\n                <\/div>\n                \n                <div class=\"faq-item\">\n                    <div class=\"faq-q\">\n                        <span>Welche Bedeutung hat der Schlaf f\u00fcr die Gehirnentwicklung?<\/span>\n                        <span class=\"faq-icon\">+<\/span>\n                    <\/div>\n                    <div class=\"faq-a\">\n                        <p>Der Schlaf ist absolut entscheidend f\u00fcr die Gehirnentwicklung. Es ist w\u00e4hrend des Tiefschlafs, dass die Lerninhalte des Tages gefestigt werden und das Gehirn Stoffwechselabf\u00e4lle beseitigt. Ein 5-8-j\u00e4hriges Kind ben\u00f6tigt 10 bis 11 Stunden Schlaf pro Nacht. Unzureichender Schlaf kann Aufmerksamkeit, Ged\u00e4chtnis, Stimmung und sogar das k\u00f6rperliche Wachstum beeintr\u00e4chtigen. Eine regelm\u00e4\u00dfige Schlafroutine und eine schlaffreundliche Umgebung sind wesentlich.<\/p>\n                    <\/div>\n                <\/div>\n                \n                <div class=\"faq-item\">\n                    <div class=\"faq-q\">\n                        <span>Sollte ich mir Sorgen machen, wenn mein Kind Einzelaktivit\u00e4ten Gruppenaktivit\u00e4ten vorzieht?<\/span>\n                        <span class=\"faq-icon\">+<\/span>\n                    <\/div>\n                    <div class=\"faq-a\">\n                        <p>Nicht unbedingt. Einige Kinder sind von Natur aus introvertierter und ben\u00f6tigen Zeit allein, um sich zu regenerieren. Wichtig ist, dass sie in der Lage sind, angemessene soziale Interaktionen zu haben, wenn es n\u00f6tig ist, und Empathie gegen\u00fcber anderen zeigen. Ermutigen Sie sanft zu sozialen Interaktionen, ohne zu dr\u00e4ngen, und respektieren Sie das Temperament Ihres Kindes. Bieten Sie zun\u00e4chst Gruppenaktivit\u00e4ten im kleinen Rahmen an.<\/p>\n                    <\/div>\n                <\/div>\n            <\/div>\n\n            <div class=\"cta-box\">\n                <h3>Begleiten Sie die kognitive Entwicklung Ihres Kindes mit DYNSEO<\/h3>\n                <p>Entdecken Sie unsere Bildungsanwendungen, die speziell entwickelt wurden, um die Gehirnentwicklung Ihres Kindes spielerisch und wissenschaftlich fundiert zu f\u00f6rdern. \u00dcber 30 Bildungs spiele mit integrierten Sportpausen f\u00fcr optimales Lernen und eine gesunde Nutzung von Bildschirmen.<\/p>\n<div class=\"cta-buttons\">\n                    <a href=\"https:\/\/www.dynseo.com\/de\/coco-uberlegt-und-coco-bewegetsich-lernsoftware\/\" class=\"btn-white\">Entdecken Sie COCO \u00dcBERLEGT COCO BEWEGT SICH<\/a>\n                    <a href=\"https:\/\/www.dynseo.com\/de\/coco-uberlegt-und-coco-bewegetsich-lernsoftware\/\" class=\"btn-outline\">App herunterladen<\/a>\n                <\/div>\n            <\/div>\n\n            <div class=\"article-tags\">\n                <strong>Tags : <\/strong>\n                <a href=\"#\" class=\"article-tag\">Gehirnentwicklung<\/a>\n                <a href=\"#\" class=\"article-tag\">Kind 5-8 Jahre<\/a>\n                <a href=\"#\" class=\"article-tag\">Neurosciences<\/a>\n                <a href=\"#\" class=\"article-tag\">Lernen<\/a>\n                <a href=\"#\" class=\"article-tag\">kognitive Stimulation<\/a>\n                <a href=\"#\" class=\"article-tag\">neuronale Plastizit\u00e4t<\/a>\n                <a href=\"#\" class=\"article-tag\">exekutive Funktionen<\/a>\n                <a href=\"#\" class=\"article-tag\">Ged\u00e4chtnis<\/a>\n                <a href=\"#\" class=\"article-tag\">Aufmerksamkeit<\/a>\n                <a href=\"#\" class=\"article-tag\">COCO<\/a>\n            <\/div>\n        <\/div>\n    <\/div>[\/et_pb_code][\/et_pb_column][\/et_pb_row][\/et_pb_section]","_et_gb_content_width":"","footnotes":""},"categories":[2915],"tags":[],"class_list":["post-562074","post","type-post","status-publish","format-standard","has-post-thumbnail","hentry","category-les-conseils-des-coachs"],"yoast_head":"<!-- This site is optimized with the Yoast SEO plugin v27.4 - https:\/\/yoast.com\/product\/yoast-seo-wordpress\/ -->\n<title>Wie w\u00e4chst das Gehirn Ihres Kindes zwischen 5 und 8 Jahren? - DYNSEO - Lern-App und Memory-Spiele<\/title>\n<meta name=\"robots\" content=\"index, follow, max-snippet:-1, max-image-preview:large, max-video-preview:-1\" \/>\n<link rel=\"canonical\" href=\"https:\/\/www.dynseo.com\/de\/wie-waechst-das-gehirn-ihres-kindes-zwischen-5-und-8-jahren\/\" \/>\n<meta property=\"og:locale\" content=\"de_DE\" \/>\n<meta property=\"og:type\" content=\"article\" \/>\n<meta property=\"og:title\" content=\"Wie w\u00e4chst das Gehirn Ihres Kindes zwischen 5 und 8 Jahren? - DYNSEO - Lern-App und Memory-Spiele\" \/>\n<meta property=\"og:url\" content=\"https:\/\/www.dynseo.com\/de\/wie-waechst-das-gehirn-ihres-kindes-zwischen-5-und-8-jahren\/\" \/>\n<meta property=\"og:site_name\" content=\"DYNSEO - Lern-App und Memory-Spiele\" \/>\n<meta property=\"article:published_time\" content=\"2026-04-26T09:07:29+00:00\" \/>\n<meta property=\"article:modified_time\" content=\"2026-04-26T09:33:35+00:00\" \/>\n<meta property=\"og:image\" content=\"https:\/\/www.dynseo.com\/wp-content\/uploads\/2023\/09\/ecole-enseignant-numerique-educatif.png\" \/>\n\t<meta property=\"og:image:width\" content=\"776\" \/>\n\t<meta property=\"og:image:height\" content=\"784\" \/>\n\t<meta property=\"og:image:type\" content=\"image\/png\" \/>\n<meta name=\"author\" content=\"DYNSEO\" \/>\n<meta name=\"twitter:label1\" content=\"Verfasst von\" \/>\n\t<meta name=\"twitter:data1\" content=\"DYNSEO\" \/>\n\t<meta name=\"twitter:label2\" content=\"Gesch\u00e4tzte Lesezeit\" \/>\n\t<meta name=\"twitter:data2\" content=\"22\u00a0Minuten\" \/>\n<script type=\"application\/ld+json\" class=\"yoast-schema-graph\">{\"@context\":\"https:\\\/\\\/schema.org\",\"@graph\":[{\"@type\":\"Article\",\"@id\":\"https:\\\/\\\/www.dynseo.com\\\/de\\\/wie-waechst-das-gehirn-ihres-kindes-zwischen-5-und-8-jahren\\\/#article\",\"isPartOf\":{\"@id\":\"https:\\\/\\\/www.dynseo.com\\\/de\\\/wie-waechst-das-gehirn-ihres-kindes-zwischen-5-und-8-jahren\\\/\"},\"author\":{\"name\":\"DYNSEO\",\"@id\":\"https:\\\/\\\/www.dynseo.com\\\/de\\\/#\\\/schema\\\/person\\\/78ef63df2ee64e0989bc68f8401b38d6\"},\"headline\":\"Wie w\u00e4chst das Gehirn Ihres Kindes zwischen 5 und 8 Jahren?\",\"datePublished\":\"2026-04-26T09:07:29+00:00\",\"dateModified\":\"2026-04-26T09:33:35+00:00\",\"mainEntityOfPage\":{\"@id\":\"https:\\\/\\\/www.dynseo.com\\\/de\\\/wie-waechst-das-gehirn-ihres-kindes-zwischen-5-und-8-jahren\\\/\"},\"wordCount\":4608,\"publisher\":{\"@id\":\"https:\\\/\\\/www.dynseo.com\\\/de\\\/#organization\"},\"image\":{\"@id\":\"https:\\\/\\\/www.dynseo.com\\\/de\\\/wie-waechst-das-gehirn-ihres-kindes-zwischen-5-und-8-jahren\\\/#primaryimage\"},\"thumbnailUrl\":\"https:\\\/\\\/www.dynseo.com\\\/wp-content\\\/uploads\\\/2023\\\/09\\\/ecole-enseignant-numerique-educatif.png\",\"articleSection\":[\"Les conseils des coachs\"],\"inLanguage\":\"de\"},{\"@type\":\"WebPage\",\"@id\":\"https:\\\/\\\/www.dynseo.com\\\/de\\\/wie-waechst-das-gehirn-ihres-kindes-zwischen-5-und-8-jahren\\\/\",\"url\":\"https:\\\/\\\/www.dynseo.com\\\/de\\\/wie-waechst-das-gehirn-ihres-kindes-zwischen-5-und-8-jahren\\\/\",\"name\":\"Wie w\u00e4chst das Gehirn Ihres Kindes zwischen 5 und 8 Jahren? - DYNSEO - Lern-App und Memory-Spiele\",\"isPartOf\":{\"@id\":\"https:\\\/\\\/www.dynseo.com\\\/de\\\/#website\"},\"primaryImageOfPage\":{\"@id\":\"https:\\\/\\\/www.dynseo.com\\\/de\\\/wie-waechst-das-gehirn-ihres-kindes-zwischen-5-und-8-jahren\\\/#primaryimage\"},\"image\":{\"@id\":\"https:\\\/\\\/www.dynseo.com\\\/de\\\/wie-waechst-das-gehirn-ihres-kindes-zwischen-5-und-8-jahren\\\/#primaryimage\"},\"thumbnailUrl\":\"https:\\\/\\\/www.dynseo.com\\\/wp-content\\\/uploads\\\/2023\\\/09\\\/ecole-enseignant-numerique-educatif.png\",\"datePublished\":\"2026-04-26T09:07:29+00:00\",\"dateModified\":\"2026-04-26T09:33:35+00:00\",\"breadcrumb\":{\"@id\":\"https:\\\/\\\/www.dynseo.com\\\/de\\\/wie-waechst-das-gehirn-ihres-kindes-zwischen-5-und-8-jahren\\\/#breadcrumb\"},\"inLanguage\":\"de\",\"potentialAction\":[{\"@type\":\"ReadAction\",\"target\":[\"https:\\\/\\\/www.dynseo.com\\\/de\\\/wie-waechst-das-gehirn-ihres-kindes-zwischen-5-und-8-jahren\\\/\"]}]},{\"@type\":\"ImageObject\",\"inLanguage\":\"de\",\"@id\":\"https:\\\/\\\/www.dynseo.com\\\/de\\\/wie-waechst-das-gehirn-ihres-kindes-zwischen-5-und-8-jahren\\\/#primaryimage\",\"url\":\"https:\\\/\\\/www.dynseo.com\\\/wp-content\\\/uploads\\\/2023\\\/09\\\/ecole-enseignant-numerique-educatif.png\",\"contentUrl\":\"https:\\\/\\\/www.dynseo.com\\\/wp-content\\\/uploads\\\/2023\\\/09\\\/ecole-enseignant-numerique-educatif.png\",\"width\":776,\"height\":784,\"caption\":\"Innovative Therapie-Spiele f\u00fcr ein besseres Leben\"},{\"@type\":\"BreadcrumbList\",\"@id\":\"https:\\\/\\\/www.dynseo.com\\\/de\\\/wie-waechst-das-gehirn-ihres-kindes-zwischen-5-und-8-jahren\\\/#breadcrumb\",\"itemListElement\":[{\"@type\":\"ListItem\",\"position\":1,\"name\":\"Accueil\",\"item\":\"https:\\\/\\\/www.dynseo.com\\\/de\\\/\"},{\"@type\":\"ListItem\",\"position\":2,\"name\":\"Wie w\u00e4chst das Gehirn Ihres Kindes zwischen 5 und 8 Jahren?\"}]},{\"@type\":\"WebSite\",\"@id\":\"https:\\\/\\\/www.dynseo.com\\\/de\\\/#website\",\"url\":\"https:\\\/\\\/www.dynseo.com\\\/de\\\/\",\"name\":\"Jeux de m\u00e9moire et stimulation cognitive\",\"description\":\"Entra\u00eenez votre m\u00e9moire et votre cerveau avec DYNSEO\",\"publisher\":{\"@id\":\"https:\\\/\\\/www.dynseo.com\\\/de\\\/#organization\"},\"potentialAction\":[{\"@type\":\"SearchAction\",\"target\":{\"@type\":\"EntryPoint\",\"urlTemplate\":\"https:\\\/\\\/www.dynseo.com\\\/de\\\/?s={search_term_string}\"},\"query-input\":{\"@type\":\"PropertyValueSpecification\",\"valueRequired\":true,\"valueName\":\"search_term_string\"}}],\"inLanguage\":\"de\"},{\"@type\":\"Organization\",\"@id\":\"https:\\\/\\\/www.dynseo.com\\\/de\\\/#organization\",\"name\":\"DYNSEO\",\"url\":\"https:\\\/\\\/www.dynseo.com\\\/de\\\/\",\"logo\":{\"@type\":\"ImageObject\",\"inLanguage\":\"de\",\"@id\":\"https:\\\/\\\/www.dynseo.com\\\/de\\\/#\\\/schema\\\/logo\\\/image\\\/\",\"url\":\"https:\\\/\\\/www.dynseo.com\\\/wp-content\\\/uploads\\\/2022\\\/05\\\/logo-dynseo-new.png\",\"contentUrl\":\"https:\\\/\\\/www.dynseo.com\\\/wp-content\\\/uploads\\\/2022\\\/05\\\/logo-dynseo-new.png\",\"width\":5073,\"height\":1397,\"caption\":\"DYNSEO\"},\"image\":{\"@id\":\"https:\\\/\\\/www.dynseo.com\\\/de\\\/#\\\/schema\\\/logo\\\/image\\\/\"}},{\"@type\":\"Person\",\"@id\":\"https:\\\/\\\/www.dynseo.com\\\/de\\\/#\\\/schema\\\/person\\\/78ef63df2ee64e0989bc68f8401b38d6\",\"name\":\"DYNSEO\",\"url\":\"https:\\\/\\\/www.dynseo.com\\\/de\\\/author\\\/justine\\\/\"}]}<\/script>\n<!-- \/ Yoast SEO plugin. -->","yoast_head_json":{"title":"Wie w\u00e4chst das Gehirn Ihres Kindes zwischen 5 und 8 Jahren? - DYNSEO - Lern-App und Memory-Spiele","robots":{"index":"index","follow":"follow","max-snippet":"max-snippet:-1","max-image-preview":"max-image-preview:large","max-video-preview":"max-video-preview:-1"},"canonical":"https:\/\/www.dynseo.com\/de\/wie-waechst-das-gehirn-ihres-kindes-zwischen-5-und-8-jahren\/","og_locale":"de_DE","og_type":"article","og_title":"Wie w\u00e4chst das Gehirn Ihres Kindes zwischen 5 und 8 Jahren? - DYNSEO - Lern-App und Memory-Spiele","og_url":"https:\/\/www.dynseo.com\/de\/wie-waechst-das-gehirn-ihres-kindes-zwischen-5-und-8-jahren\/","og_site_name":"DYNSEO - Lern-App und Memory-Spiele","article_published_time":"2026-04-26T09:07:29+00:00","article_modified_time":"2026-04-26T09:33:35+00:00","og_image":[{"width":776,"height":784,"url":"https:\/\/www.dynseo.com\/wp-content\/uploads\/2023\/09\/ecole-enseignant-numerique-educatif.png","type":"image\/png"}],"author":"DYNSEO","twitter_misc":{"Verfasst von":"DYNSEO","Gesch\u00e4tzte Lesezeit":"22\u00a0Minuten"},"schema":{"@context":"https:\/\/schema.org","@graph":[{"@type":"Article","@id":"https:\/\/www.dynseo.com\/de\/wie-waechst-das-gehirn-ihres-kindes-zwischen-5-und-8-jahren\/#article","isPartOf":{"@id":"https:\/\/www.dynseo.com\/de\/wie-waechst-das-gehirn-ihres-kindes-zwischen-5-und-8-jahren\/"},"author":{"name":"DYNSEO","@id":"https:\/\/www.dynseo.com\/de\/#\/schema\/person\/78ef63df2ee64e0989bc68f8401b38d6"},"headline":"Wie w\u00e4chst das Gehirn Ihres Kindes zwischen 5 und 8 Jahren?","datePublished":"2026-04-26T09:07:29+00:00","dateModified":"2026-04-26T09:33:35+00:00","mainEntityOfPage":{"@id":"https:\/\/www.dynseo.com\/de\/wie-waechst-das-gehirn-ihres-kindes-zwischen-5-und-8-jahren\/"},"wordCount":4608,"publisher":{"@id":"https:\/\/www.dynseo.com\/de\/#organization"},"image":{"@id":"https:\/\/www.dynseo.com\/de\/wie-waechst-das-gehirn-ihres-kindes-zwischen-5-und-8-jahren\/#primaryimage"},"thumbnailUrl":"https:\/\/www.dynseo.com\/wp-content\/uploads\/2023\/09\/ecole-enseignant-numerique-educatif.png","articleSection":["Les conseils des coachs"],"inLanguage":"de"},{"@type":"WebPage","@id":"https:\/\/www.dynseo.com\/de\/wie-waechst-das-gehirn-ihres-kindes-zwischen-5-und-8-jahren\/","url":"https:\/\/www.dynseo.com\/de\/wie-waechst-das-gehirn-ihres-kindes-zwischen-5-und-8-jahren\/","name":"Wie w\u00e4chst das Gehirn Ihres Kindes zwischen 5 und 8 Jahren? - DYNSEO - Lern-App und Memory-Spiele","isPartOf":{"@id":"https:\/\/www.dynseo.com\/de\/#website"},"primaryImageOfPage":{"@id":"https:\/\/www.dynseo.com\/de\/wie-waechst-das-gehirn-ihres-kindes-zwischen-5-und-8-jahren\/#primaryimage"},"image":{"@id":"https:\/\/www.dynseo.com\/de\/wie-waechst-das-gehirn-ihres-kindes-zwischen-5-und-8-jahren\/#primaryimage"},"thumbnailUrl":"https:\/\/www.dynseo.com\/wp-content\/uploads\/2023\/09\/ecole-enseignant-numerique-educatif.png","datePublished":"2026-04-26T09:07:29+00:00","dateModified":"2026-04-26T09:33:35+00:00","breadcrumb":{"@id":"https:\/\/www.dynseo.com\/de\/wie-waechst-das-gehirn-ihres-kindes-zwischen-5-und-8-jahren\/#breadcrumb"},"inLanguage":"de","potentialAction":[{"@type":"ReadAction","target":["https:\/\/www.dynseo.com\/de\/wie-waechst-das-gehirn-ihres-kindes-zwischen-5-und-8-jahren\/"]}]},{"@type":"ImageObject","inLanguage":"de","@id":"https:\/\/www.dynseo.com\/de\/wie-waechst-das-gehirn-ihres-kindes-zwischen-5-und-8-jahren\/#primaryimage","url":"https:\/\/www.dynseo.com\/wp-content\/uploads\/2023\/09\/ecole-enseignant-numerique-educatif.png","contentUrl":"https:\/\/www.dynseo.com\/wp-content\/uploads\/2023\/09\/ecole-enseignant-numerique-educatif.png","width":776,"height":784,"caption":"Innovative Therapie-Spiele f\u00fcr ein besseres Leben"},{"@type":"BreadcrumbList","@id":"https:\/\/www.dynseo.com\/de\/wie-waechst-das-gehirn-ihres-kindes-zwischen-5-und-8-jahren\/#breadcrumb","itemListElement":[{"@type":"ListItem","position":1,"name":"Accueil","item":"https:\/\/www.dynseo.com\/de\/"},{"@type":"ListItem","position":2,"name":"Wie w\u00e4chst das Gehirn Ihres Kindes zwischen 5 und 8 Jahren?"}]},{"@type":"WebSite","@id":"https:\/\/www.dynseo.com\/de\/#website","url":"https:\/\/www.dynseo.com\/de\/","name":"Jeux de m\u00e9moire et stimulation cognitive","description":"Entra\u00eenez votre m\u00e9moire et votre cerveau avec DYNSEO","publisher":{"@id":"https:\/\/www.dynseo.com\/de\/#organization"},"potentialAction":[{"@type":"SearchAction","target":{"@type":"EntryPoint","urlTemplate":"https:\/\/www.dynseo.com\/de\/?s={search_term_string}"},"query-input":{"@type":"PropertyValueSpecification","valueRequired":true,"valueName":"search_term_string"}}],"inLanguage":"de"},{"@type":"Organization","@id":"https:\/\/www.dynseo.com\/de\/#organization","name":"DYNSEO","url":"https:\/\/www.dynseo.com\/de\/","logo":{"@type":"ImageObject","inLanguage":"de","@id":"https:\/\/www.dynseo.com\/de\/#\/schema\/logo\/image\/","url":"https:\/\/www.dynseo.com\/wp-content\/uploads\/2022\/05\/logo-dynseo-new.png","contentUrl":"https:\/\/www.dynseo.com\/wp-content\/uploads\/2022\/05\/logo-dynseo-new.png","width":5073,"height":1397,"caption":"DYNSEO"},"image":{"@id":"https:\/\/www.dynseo.com\/de\/#\/schema\/logo\/image\/"}},{"@type":"Person","@id":"https:\/\/www.dynseo.com\/de\/#\/schema\/person\/78ef63df2ee64e0989bc68f8401b38d6","name":"DYNSEO","url":"https:\/\/www.dynseo.com\/de\/author\/justine\/"}]}},"_links":{"self":[{"href":"https:\/\/www.dynseo.com\/de\/wp-json\/wp\/v2\/posts\/562074","targetHints":{"allow":["GET"]}}],"collection":[{"href":"https:\/\/www.dynseo.com\/de\/wp-json\/wp\/v2\/posts"}],"about":[{"href":"https:\/\/www.dynseo.com\/de\/wp-json\/wp\/v2\/types\/post"}],"author":[{"embeddable":true,"href":"https:\/\/www.dynseo.com\/de\/wp-json\/wp\/v2\/users\/4"}],"replies":[{"embeddable":true,"href":"https:\/\/www.dynseo.com\/de\/wp-json\/wp\/v2\/comments?post=562074"}],"version-history":[{"count":16,"href":"https:\/\/www.dynseo.com\/de\/wp-json\/wp\/v2\/posts\/562074\/revisions"}],"predecessor-version":[{"id":562155,"href":"https:\/\/www.dynseo.com\/de\/wp-json\/wp\/v2\/posts\/562074\/revisions\/562155"}],"wp:featuredmedia":[{"embeddable":true,"href":"https:\/\/www.dynseo.com\/de\/wp-json\/wp\/v2\/media\/348895"}],"wp:attachment":[{"href":"https:\/\/www.dynseo.com\/de\/wp-json\/wp\/v2\/media?parent=562074"}],"wp:term":[{"taxonomy":"category","embeddable":true,"href":"https:\/\/www.dynseo.com\/de\/wp-json\/wp\/v2\/categories?post=562074"},{"taxonomy":"post_tag","embeddable":true,"href":"https:\/\/www.dynseo.com\/de\/wp-json\/wp\/v2\/tags?post=562074"}],"curies":[{"name":"wp","href":"https:\/\/api.w.org\/{rel}","templated":true}]}}