{"id":515515,"date":"2026-03-12T10:24:03","date_gmt":"2026-03-12T09:24:03","guid":{"rendered":"https:\/\/www.dynseo.com\/reminiscence-therapeutique-et-alzheimer-quels-bienfaits-concrets-dynseo-2\/"},"modified":"2026-03-12T12:24:06","modified_gmt":"2026-03-12T11:24:06","slug":"reminiscence-therapeutique-et-alzheimer-quels-bienfaits-concrets-dynseo-2","status":"publish","type":"post","link":"https:\/\/www.dynseo.com\/en\/reminiscence-therapeutique-et-alzheimer-quels-bienfaits-concrets-dynseo-2\/","title":{"rendered":"R\u00e9miniscence th\u00e9rapeutique et Alzheimer : quels bienfaits concrets ? | DYNSEO"},"content":{"rendered":"<p>[et_pb_section fb_built=&#8221;1&#8243; admin_label=&#8221;Article HTML&#8221; _builder_version=&#8221;4.16&#8243; custom_padding=&#8221;0px||0px||false|false&#8221; global_colors_info=&#8221;{}&#8221;][et_pb_row admin_label=&#8221;Contenu&#8221; _builder_version=&#8221;4.16&#8243; width=&#8221;100%&#8221; max_width=&#8221;100%&#8221; custom_padding=&#8221;0px||0px||false|false&#8221; global_colors_info=&#8221;{}&#8221;][et_pb_column type=&#8221;4_4&#8243; _builder_version=&#8221;4.16&#8243; global_colors_info=&#8221;{}&#8221;][et_pb_code admin_label=&#8221;HTML import\u00e9&#8221; _builder_version=&#8221;4.16&#8243; global_colors_info=&#8221;{}&#8221;]<\/p>\n<style type=\"text\/css\"><!-- [et_pb_line_break_holder] -->:root{--ambre:#c07740;--ambre-soft:#fdf3e7;--sauge:#5a8a6a;--sauge-soft:#eaf3ed;--ardoise:#4a6080;--ardoise-soft:#eaeff5;--rose-vieux:#a05070;--rose-vieux-soft:#f5eaef;--dark:#1a1a2e;--radius:20px;--shadow:0 4px 20px rgba(0,0,0,.06);}<!-- [et_pb_line_break_holder] -->.dbi-art-c28c8a * {margin:0;padding:0;box-sizing:border-box;}<!-- [et_pb_line_break_holder] -->.dbi-art-c28c8a {scroll-behavior:smooth;}<!-- [et_pb_line_break_holder] -->.dbi-art-c28c8a {font-family:'Poppins',-apple-system,BlinkMacSystemFont,sans-serif;line-height:1.75;color:#333;background:#fff;overflow-x:hidden;}<!-- [et_pb_line_break_holder] -->.dbi-art-c28c8a img {max-width:100%;height:auto;display:block;}<!-- [et_pb_line_break_holder] -->.dbi-art-c28c8a a {color:inherit;text-decoration:none;}<!-- [et_pb_line_break_holder] -->.dbi-art-c28c8a .container {max-width:820px;margin:0 auto;padding:0 24px;}<!-- [et_pb_line_break_holder] -->.dbi-art-c28c8a .article-hero {background:linear-gradient(160deg,#fdf3e7 0%,#fef9f0 55%,#eaf3ed 100%);padding:70px 24px 0;position:relative;overflow:visible;}<!-- [et_pb_line_break_holder] -->.dbi-art-c28c8a .article-hero-curve {position:absolute;bottom:-2px;left:0;right:0;width:100%;height:60px;background:#fff;border-radius:50% 50% 0 0;z-index:4;}<!-- [et_pb_line_break_holder] -->.dbi-art-c28c8a .article-hero-inner {max-width:820px;margin:0 auto;position:relative;z-index:3;padding-bottom:80px;}<!-- [et_pb_line_break_holder] -->.dbi-art-c28c8a .article-breadcrumb {font-size:12px;color:var(--ambre);margin-bottom:20px;}<!-- [et_pb_line_break_holder] -->.dbi-art-c28c8a .article-breadcrumb a {color:var(--ambre);border-bottom:1px solid rgba(192,119,64,.25);}<!-- [et_pb_line_break_holder] -->.dbi-art-c28c8a .article-category {display:inline-block;font-family:'Montserrat',sans-serif;font-size:11px;font-weight:700;letter-spacing:1.5px;text-transform:uppercase;color:var(--ambre);background:#fff;border-radius:30px;padding:7px 18px;margin-bottom:16px;box-shadow:var(--shadow);}<!-- [et_pb_line_break_holder] -->.dbi-art-c28c8a .article-hero h1 {font-family:'Montserrat',sans-serif;font-size:clamp(24px,4vw,34px);font-weight:800;color:var(--dark);line-height:1.3;margin-bottom:16px;}<!-- [et_pb_line_break_holder] -->.dbi-art-c28c8a .article-hero h1 .hl {display:inline;color:#fff;background:var(--sauge);border-radius:8px;padding:1px 12px 3px;}<!-- [et_pb_line_break_holder] -->.dbi-art-c28c8a .article-meta {font-size:13px;color:#555;display:flex;gap:20px;flex-wrap:wrap;align-items:center;}<!-- [et_pb_line_break_holder] -->.dbi-art-c28c8a .article-body {padding:50px 0 60px;}<!-- [et_pb_line_break_holder] -->.dbi-art-c28c8a .article-body p {margin-bottom:22px;text-align:justify;font-size:15px;color:#444;line-height:1.9;}<!-- [et_pb_line_break_holder] -->.dbi-art-c28c8a .article-body strong {color:var(--dark);font-weight:600;}<!-- [et_pb_line_break_holder] -->.dbi-art-c28c8a .article-body h2 {font-family:'Montserrat',sans-serif;font-size:clamp(20px,3vw,26px);font-weight:800;color:var(--dark);margin:55px 0 18px;line-height:1.3;padding-bottom:10px;border-bottom:3px solid var(--sauge);}<!-- [et_pb_line_break_holder] -->.dbi-art-c28c8a .article-body h3 {font-family:'Montserrat',sans-serif;font-size:clamp(17px,2.5vw,20px);font-weight:700;color:var(--ambre);margin:35px 0 14px;}<!-- [et_pb_line_break_holder] -->.dbi-art-c28c8a .bienfait-grid {display:grid;grid-template-columns:1fr 1fr;gap:16px;margin:28px 0;}<!-- [et_pb_line_break_holder] -->.dbi-art-c28c8a .bienfait-card {background:#fff;border-radius:var(--radius);padding:22px 24px;box-shadow:var(--shadow);}<!-- [et_pb_line_break_holder] -->.dbi-art-c28c8a .bienfait-card.b1 {border-top:4px solid var(--ambre);}<!-- [et_pb_line_break_holder] -->.dbi-art-c28c8a .bienfait-card.b2 {border-top:4px solid var(--sauge);}<!-- [et_pb_line_break_holder] -->.dbi-art-c28c8a .bienfait-card.b3 {border-top:4px solid var(--ardoise);}<!-- [et_pb_line_break_holder] -->.dbi-art-c28c8a .bienfait-card.b4 {border-top:4px solid var(--rose-vieux);}<!-- [et_pb_line_break_holder] -->.dbi-art-c28c8a .bienfait-card h4 {font-family:'Montserrat',sans-serif;font-size:14px;font-weight:800;color:var(--dark);margin-bottom:6px;}<!-- [et_pb_line_break_holder] -->.dbi-art-c28c8a .bienfait-card p {font-size:13px;color:#555;line-height:1.65;margin:0;}<!-- [et_pb_line_break_holder] -->.dbi-art-c28c8a .soft-box {background:var(--ambre-soft);padding:28px 32px;border-radius:var(--radius);margin:35px 0;box-shadow:var(--shadow);border-left:4px solid var(--ambre);}<!-- [et_pb_line_break_holder] -->.dbi-art-c28c8a .soft-box p {font-size:14px;color:#444;margin-bottom:10px;line-height:1.8;}<!-- [et_pb_line_break_holder] -->.dbi-art-c28c8a .soft-box p:last-child {margin-bottom:0;}<!-- [et_pb_line_break_holder] -->.dbi-art-c28c8a .key-points {background:var(--sauge-soft);padding:30px 32px;border-radius:var(--radius);margin:35px 0;box-shadow:var(--shadow);}<!-- [et_pb_line_break_holder] -->.dbi-art-c28c8a .key-points h3 {font-family:'Montserrat',sans-serif;font-size:17px;font-weight:800;color:var(--sauge);margin:0 0 14px;}<!-- [et_pb_line_break_holder] -->.dbi-art-c28c8a .key-points ul {list-style:none;padding:0;margin:0;}<!-- [et_pb_line_break_holder] -->.dbi-art-c28c8a .key-points li {margin:10px 0;padding-left:26px;position:relative;color:#444;font-size:14px;line-height:1.7;}<!-- [et_pb_line_break_holder] -->.dbi-art-c28c8a .key-points li::before {content:'\u2726';position:absolute;left:0;color:var(--ambre);font-size:11px;top:3px;}<!-- [et_pb_line_break_holder] -->.dbi-art-c28c8a .temoignage {background:#fff8f0;padding:34px 32px;border-radius:var(--radius);margin:40px 0;box-shadow:var(--shadow);position:relative;}<!-- [et_pb_line_break_holder] -->.dbi-art-c28c8a .temoignage::before {content:'201C';font-size:110px;position:absolute;top:-24px;left:18px;font-family:Georgia,serif;color:var(--ambre);opacity:.2;line-height:1;}<!-- [et_pb_line_break_holder] -->.dbi-art-c28c8a .temoignage p {font-size:15px;font-style:italic;color:#555;position:relative;z-index:1;margin-bottom:12px;text-align:left;line-height:1.85;}<!-- [et_pb_line_break_holder] -->.dbi-art-c28c8a .temoignage .quote-author {font-family:'Montserrat',sans-serif;font-weight:800;font-style:normal;color:var(--ambre);font-size:13px;}<!-- [et_pb_line_break_holder] -->.dbi-art-c28c8a .soignant-box {background:#fff;border-radius:var(--radius);padding:28px 30px;box-shadow:0 6px 25px rgba(0,0,0,.07);margin:30px 0;border-top:4px solid var(--sauge);}<!-- [et_pb_line_break_holder] -->.dbi-art-c28c8a .soignant-box-label {font-family:'Montserrat',sans-serif;font-size:11px;font-weight:700;letter-spacing:1.5px;text-transform:uppercase;color:var(--sauge);margin-bottom:8px;}<!-- [et_pb_line_break_holder] -->.dbi-art-c28c8a .soignant-box-title {font-family:'Montserrat',sans-serif;font-size:17px;font-weight:800;color:var(--dark);margin-bottom:14px;}<!-- [et_pb_line_break_holder] -->.dbi-art-c28c8a .soignant-box p {font-size:14px;color:#444;line-height:1.8;margin-bottom:10px;}<!-- [et_pb_line_break_holder] -->.dbi-art-c28c8a .soignant-box p:last-child {margin-bottom:0;}<!-- [et_pb_line_break_holder] -->.dbi-art-c28c8a .pratique-box {background:var(--ardoise-soft);border-radius:var(--radius);padding:22px 26px;margin-top:14px;}<!-- [et_pb_line_break_holder] -->.dbi-art-c28c8a .pratique-box-title {font-family:'Montserrat',sans-serif;font-size:13px;font-weight:700;color:var(--ardoise);margin-bottom:8px;text-transform:uppercase;letter-spacing:1px;}<!-- [et_pb_line_break_holder] -->.dbi-art-c28c8a .pratique-box p {font-size:13px;color:#444;margin:0;line-height:1.7;}<!-- [et_pb_line_break_holder] -->.dbi-art-c28c8a .cta-box {background:linear-gradient(135deg,var(--ambre) 0%,#a05530 100%);padding:40px 36px;border-radius:22px;margin:50px 0;text-align:center;color:#fff;}<!-- [et_pb_line_break_holder] -->.dbi-art-c28c8a .cta-box h3 {font-family:'Montserrat',sans-serif;font-size:22px;font-weight:800;margin-bottom:12px;}<!-- [et_pb_line_break_holder] -->.dbi-art-c28c8a .cta-box p {font-size:14px;color:rgba(255,255,255,.88);margin-bottom:24px;max-width:550px;margin-left:auto;margin-right:auto;}<!-- [et_pb_line_break_holder] -->.dbi-art-c28c8a .cta-box .cta-buttons {display:flex;justify-content:center;gap:14px;flex-wrap:wrap;}<!-- [et_pb_line_break_holder] -->.dbi-art-c28c8a .btn-cta-white {display:inline-block;padding:14px 34px;border-radius:30px;font-family:'Montserrat',sans-serif;font-size:14px;font-weight:700;background:#fff;color:var(--ambre);transition:all .3s ease;}<!-- [et_pb_line_break_holder] -->.dbi-art-c28c8a .btn-cta-white:hover {background:var(--dark);color:#fff;transform:translateY(-2px);}<!-- [et_pb_line_break_holder] -->.dbi-art-c28c8a .btn-cta-outline {display:inline-block;padding:14px 34px;border-radius:30px;font-family:'Montserrat',sans-serif;font-size:14px;font-weight:700;border:2px solid rgba(255,255,255,.5);color:#fff;}<!-- [et_pb_line_break_holder] -->.dbi-art-c28c8a .internal-link {display:flex;align-items:center;gap:20px;background:var(--ambre-soft);padding:24px 28px;border-radius:var(--radius);box-shadow:var(--shadow);margin:40px 0;transition:all .3s ease;}<!-- [et_pb_line_break_holder] -->.dbi-art-c28c8a .internal-link:hover {transform:translateY(-3px);box-shadow:0 8px 28px rgba(0,0,0,.1);}<!-- [et_pb_line_break_holder] -->.dbi-art-c28c8a .internal-link-icon {font-size:2.5rem;flex-shrink:0;}<!-- [et_pb_line_break_holder] -->.dbi-art-c28c8a .internal-link-content {flex:1;}<!-- [et_pb_line_break_holder] -->.dbi-art-c28c8a .internal-link-label {font-size:11px;font-weight:700;letter-spacing:1.5px;text-transform:uppercase;color:var(--rose-vieux);margin-bottom:4px;}<!-- [et_pb_line_break_holder] -->.dbi-art-c28c8a .internal-link-title {font-family:'Montserrat',sans-serif;font-size:16px;font-weight:800;color:var(--dark);margin-bottom:4px;}<!-- [et_pb_line_break_holder] -->.dbi-art-c28c8a .internal-link-desc {font-size:13px;color:#555;}<!-- [et_pb_line_break_holder] -->.dbi-art-c28c8a .internal-link-arrow {font-size:1.5rem;color:var(--ambre);flex-shrink:0;transition:transform .3s;}<!-- [et_pb_line_break_holder] -->.dbi-art-c28c8a .internal-link:hover .internal-link-arrow {transform:translateX(4px);}<!-- [et_pb_line_break_holder] -->.dbi-art-c28c8a .article-tags {display:flex;flex-wrap:wrap;gap:8px;margin:40px 0 20px;padding-top:30px;border-top:2px solid #f0ebe4;}<!-- [et_pb_line_break_holder] -->.dbi-art-c28c8a .article-tag {display:inline-block;padding:6px 16px;border-radius:30px;font-size:12px;font-weight:600;}<!-- [et_pb_line_break_holder] -->.dbi-art-c28c8a .article-tag:nth-child(odd) {color:var(--ambre);background:var(--ambre-soft);}<!-- [et_pb_line_break_holder] -->.dbi-art-c28c8a .article-tag:nth-child(even) {color:var(--sauge);background:var(--sauge-soft);}<!-- [et_pb_line_break_holder] -->.dbi-art-c28c8a .toc {background:var(--ambre-soft);padding:28px 30px;border-radius:var(--radius);margin:0 0 40px;box-shadow:var(--shadow);border-left:4px solid var(--ambre);}<!-- [et_pb_line_break_holder] -->.dbi-art-c28c8a .toc h4 {font-family:'Montserrat',sans-serif;font-size:14px;font-weight:800;color:var(--dark);margin-bottom:14px;}<!-- [et_pb_line_break_holder] -->.dbi-art-c28c8a .toc ol {padding-left:20px;margin:0;}<!-- [et_pb_line_break_holder] -->.dbi-art-c28c8a .toc li {margin:8px 0;font-size:13px;}<!-- [et_pb_line_break_holder] -->.dbi-art-c28c8a .toc a {color:var(--ambre);font-weight:600;}<!-- [et_pb_line_break_holder] -->@media(max-width:600px) {<!-- [et_pb_line_break_holder] -->.dbi-art-c28c8a .article-hero {padding:50px 16px 0;}<!-- [et_pb_line_break_holder] -->.dbi-art-c28c8a .container {padding:0 16px;}<!-- [et_pb_line_break_holder] -->.dbi-art-c28c8a .article-body p {font-size:14px;}<!-- [et_pb_line_break_holder] -->.dbi-art-c28c8a .bienfait-grid {grid-template-columns:1fr;}<!-- [et_pb_line_break_holder] -->.dbi-art-c28c8a .cta-box {padding:30px 20px;}<!-- [et_pb_line_break_holder] -->.dbi-art-c28c8a .cta-box .cta-buttons {flex-direction:column;max-width:260px;margin:0 auto;}<!-- [et_pb_line_break_holder] -->.dbi-art-c28c8a .btn-cta-white, .dbi-art-c28c8a .btn-cta-outline {width:100%;text-align:center;}<!-- [et_pb_line_break_holder] -->.dbi-art-c28c8a .internal-link {flex-direction:column;text-align:center;gap:12px;}<!-- [et_pb_line_break_holder] -->}<!-- [et_pb_line_break_holder] --><!-- [et_pb_line_break_holder] --><\/style>\n<p><script type=\"application\/ld+json\">{\"@context\":\"https:\/\/schema.org\",\"@type\":\"Article\",\"headline\":\"R\u00e9miniscence et Alzheimer : quels bienfaits concrets pour les r\u00e9sidents ?\",\"image\":\"https:\/\/www.dynseo.com\/wp-content\/uploads\/2026\/03\/reminiscence.jpg\",\"description\":\"Effets document\u00e9s de la r\u00e9miniscence th\u00e9rapeutique chez les personnes atteintes d'Alzheimer \u2014 d\u00e9pression, agitation, communication, identit\u00e9, lien soignant-r\u00e9sident.\",\"author\":{\"@type\":\"Organization\",\"name\":\"DYNSEO\",\"url\":\"https:\/\/www.dynseo.com\"},\"publisher\":{\"@type\":\"Organization\",\"name\":\"DYNSEO\"},\"datePublished\":\"2026-03-07\",\"dateModified\":\"2026-03-07\"}<\/script><br \/>\n<!-- [et_pb_line_break_holder] --><\/p>\n<div class=\"dbi-art-c28c8a\"><!-- [et_pb_line_break_holder] --><\/p>\n<header class=\"article-hero\"><!-- [et_pb_line_break_holder] -->  <\/p>\n<div class=\"article-hero-inner\"><!-- [et_pb_line_break_holder] -->    <\/p>\n<nav class=\"article-breadcrumb\"><!-- [et_pb_line_break_holder] -->      <a href=\"https:\/\/www.dynseo.com\/en\/\">Home<\/a> \u203a<!-- [et_pb_line_break_holder] -->      <a href=\"https:\/\/www.dynseo.com\/en\/healthcare-professionals\/\">Caregiver Resources<\/a> \u203a<!-- [et_pb_line_break_holder] -->      Reminiscence and Alzheimer&#8217;s disease<!-- [et_pb_line_break_holder] -->    <\/nav>\n<p><!-- [et_pb_line_break_holder] -->    <span class=\"article-category\">\ud83d\udd70\ufe0f THERAPEUTIC REMINISCENCE<\/span><!-- [et_pb_line_break_holder] -->    <\/p>\n<h1>Reminiscence and Alzheimer&#8217;s disease: <span class=\"hl\">what concrete benefits<\/span> for residents?<\/h1>\n<p><!-- [et_pb_line_break_holder] -->    <\/p>\n<div class=\"article-meta\"><!-- [et_pb_line_break_holder] -->      <span>\ud83d\udcc5 March 2026<\/span><!-- [et_pb_line_break_holder] -->      <span>\u23f1 17 min read<\/span><!-- [et_pb_line_break_holder] -->      <span>\u270d\ufe0f By the DYNSEO team<\/span><!-- [et_pb_line_break_holder] -->    <\/div>\n<p><!-- [et_pb_line_break_holder] -->  <\/div>\n<p><!-- [et_pb_line_break_holder] -->  <\/p>\n<div class=\"article-hero-curve\"><\/div>\n<p><!-- [et_pb_line_break_holder] --><\/header>\n<p><!-- [et_pb_line_break_holder] --><!-- [et_pb_line_break_holder] --><\/p>\n<div class=\"container\"><!-- [et_pb_line_break_holder] --><\/p>\n<article class=\"article-body\"><!-- [et_pb_line_break_holder] --><!-- [et_pb_line_break_holder] --><\/p>\n<div class=\"toc\"><!-- [et_pb_line_break_holder] -->  <\/p>\n<h4>\ud83d\udccb Table of Contents<\/h4>\n<p><!-- [et_pb_line_break_holder] -->  <\/p>\n<ol><!-- [et_pb_line_break_holder] -->    <\/p>\n<li><a href=\"#ce-que-dit-recherche\">What research says<\/a><\/li>\n<p><!-- [et_pb_line_break_holder] -->    <\/p>\n<li><a href=\"#depression\">Effect on depression and anxiety<\/a><\/li>\n<p><!-- [et_pb_line_break_holder] -->    <\/p>\n<li><a href=\"#agitation\">Reduction of agitation and BPSD<\/a><\/li>\n<p><!-- [et_pb_line_break_holder] -->    <\/p>\n<li><a href=\"#communication\">Improvement of communication<\/a><\/li>\n<p><!-- [et_pb_line_break_holder] -->    <\/p>\n<li><a href=\"#identite\">Strengthening identity and self-esteem<\/a><\/li>\n<p><!-- [et_pb_line_break_holder] -->    <\/p>\n<li><a href=\"#lien-soignant\">Quality of caregiver-resident relationship<\/a><\/li>\n<p><!-- [et_pb_line_break_holder] -->    <\/p>\n<li><a href=\"#famille\">Benefits for families<\/a><\/li>\n<p><!-- [et_pb_line_break_holder] -->    <\/p>\n<li><a href=\"#stades\">According to the stages of the disease<\/a><\/li>\n<p><!-- [et_pb_line_break_holder] -->    <\/p>\n<li><a href=\"#limites\">The limits to know<\/a><\/li>\n<p><!-- [et_pb_line_break_holder] -->    <\/p>\n<li><a href=\"#integration\">Integrating reminiscence into the care plan<\/a><\/li>\n<p><!-- [et_pb_line_break_holder] -->  <\/ol>\n<p><!-- [et_pb_line_break_holder] --><\/div>\n<p><!-- [et_pb_line_break_holder] --><!-- [et_pb_line_break_holder] --><pee>\u201cI don\u2019t know what happened, but since we\u2019ve been doing these sessions with old photos, Mr. D. is calmer. He participates in meals. He looks at us when we talk to him.\u201d This type of feedback is regularly shared by caregivers in nursing homes after implementing reminiscence activities. It\u2019s not magic \u2014 it\u2019s applied neuropsychology with kindness.<\/pee><!-- [et_pb_line_break_holder] --><!-- [et_pb_line_break_holder] --><pee>The effects of therapeutic reminiscence in people with Alzheimer&#8217;s disease and related disorders are documented by decades of clinical research. This article presents them concretely \u2014 so that caregivers understand what is happening and can discuss it clearly with their teams and families.<\/pee><!-- [et_pb_line_break_holder] --><!-- [et_pb_line_break_holder] --><\/p>\n<h2 id=\"ce-que-dit-recherche\">1. What research says<\/h2>\n<p><!-- [et_pb_line_break_holder] --><!-- [et_pb_line_break_holder] --><pee>Therapeutic reminiscence is included in international recommendations for non-pharmacological management of Alzheimer&#8217;s disease \u2014 notably those from the WHO, the French National Authority for Health (HAS), and the National Institute for Health and Care Excellence (NICE) in the UK. These recommendations are based on a solid body of controlled studies and meta-analyses.<\/pee><!-- [et_pb_line_break_holder] --><!-- [et_pb_line_break_holder] --><pee>A meta-analysis published in the <em>British Journal of Clinical Psychology<\/em> covering 128 studies and over 10,000 participants concludes that reminiscence has significant positive effects on well-being, depression, quality of life, and problematic behaviors in elderly people in institutions. These effects are observed in both individual and group sessions.<\/pee><!-- [et_pb_line_break_holder] --><!-- [et_pb_line_break_holder] --><\/p>\n<h2 id=\"depression\">2. Effect on depression and anxiety<\/h2>\n<p><!-- [et_pb_line_break_holder] --><!-- [et_pb_line_break_holder] --><pee>Depression affects between 30 and 50% of residents in nursing homes \u2014 often underdiagnosed and undertreated. Therapeutic reminiscence is one of the best-documented non-pharmacological approaches to reduce depressive symptoms in this population.<\/pee><!-- [et_pb_line_break_holder] --><!-- [et_pb_line_break_holder] --><pee>Its mechanism of action is multiple. Access to positive memories generates positive emotions that counterbalance depressive affect. Recognizing one\u2019s own history reinforces the feeling of having led a meaningful life. And the bond with the caregiver created during the sessions meets the need for social connection \u2014 often deeply deficient in institutions.<\/pee><!-- [et_pb_line_break_holder] --><!-- [et_pb_line_break_holder] --><\/p>\n<div class=\"soft-box\"><!-- [et_pb_line_break_holder] -->  <pee><strong>What studies show.<\/strong> Reminiscence programs of 6 to 12 sessions produce an average reduction of 25 to 35% in depression scores on validated scales (GDS, Cornell Scale). These effects often persist for several weeks after the end of the program \u2014 and are reinforced when the approach is integrated into daily care rather than confined to formal sessions alone.<\/pee><!-- [et_pb_line_break_holder] --><\/div>\n<p><!-- [et_pb_line_break_holder] --><!-- [et_pb_line_break_holder] --><\/p>\n<h2 id=\"agitation\">3. Reduction of agitation and BPSD<\/h2>\n<p><!-- [et_pb_line_break_holder] --><!-- [et_pb_line_break_holder] --><pee>Behavioral and psychological symptoms of dementia (BPSD) \u2014 agitation, wandering, shouting, aggression \u2014 represent one of the heaviest challenges for nursing home teams. They are also one of the main causes of psychotropic prescriptions for residents with dementia \u2014 a prescription that has significant side effects and whose reduction is a public health objective.<\/pee><!-- [et_pb_line_break_holder] --><!-- [et_pb_line_break_holder] --><pee>Therapeutic reminiscence, by reducing the anxiety underlying agitation behaviors and providing a space for connection and meaning, can help reduce certain BPSD \u2014 particularly agitation related to anxiety and identity disorientation.<\/pee><!-- [et_pb_line_break_holder] --><!-- [et_pb_line_break_holder] --><\/p>\n<div class=\"bienfait-grid\"><!-- [et_pb_line_break_holder] -->  <\/p>\n<div class=\"bienfait-card b1\"><!-- [et_pb_line_break_holder] -->    <\/p>\n<h4>\ud83c\udfb5 Biographical music<\/h4>\n<p><!-- [et_pb_line_break_holder] -->    <pee>Songs from the resident&#8217;s youth are particularly effective in reducing agitation \u2014 sometimes in just a few minutes. They activate emotional and procedural memory, preserved late in the disease.<\/pee><!-- [et_pb_line_break_holder] -->  <\/div>\n<p><!-- [et_pb_line_break_holder] -->  <\/p>\n<div class=\"bienfait-card b2\"><!-- [et_pb_line_break_holder] -->    <\/p>\n<h4>\ud83d\udcf8 Childhood photos<\/h4>\n<p><!-- [et_pb_line_break_holder] -->    <pee>Looking at and commenting on photos from one\u2019s past can interrupt an episode of agitation by giving the person an identity anchor and a meaningful occupation.<\/pee><!-- [et_pb_line_break_holder] -->  <\/div>\n<p><!-- [et_pb_line_break_holder] -->  <\/p>\n<div class=\"bienfait-card b3\"><!-- [et_pb_line_break_holder] -->    <\/p>\n<h4>\ud83d\udc50 Sensory objects<\/h4>\n<p><!-- [et_pb_line_break_holder] -->    <pee>Holding a familiar object \u2014 a tool from their former job, a fabric from home \u2014 activates procedural memory and often calms motor agitation.<\/pee><!-- [et_pb_line_break_holder] -->  <\/div>\n<p><!-- [et_pb_line_break_holder] -->  <\/p>\n<div class=\"bienfait-card b4\"><!-- [et_pb_line_break_holder] -->    <\/p>\n<h4>\ud83c\udf39 Biographical scents<\/h4>\n<p><!-- [et_pb_line_break_holder] -->    <pee>Scents related to personal history (bread, coffee, lavender, wood) are processed by the amygdala \u2014 an emotional structure preserved for a long time \u2014 and can trigger very powerful memories and positive emotions.<\/pee><!-- [et_pb_line_break_holder] -->  <\/div>\n<p><!-- [et_pb_line_break_holder] --><\/div>\n<p><!-- [et_pb_line_break_holder] --><!-- [et_pb_line_break_holder] --><\/p>\n<h2 id=\"communication\">4. Improvement of communication<\/h2>\n<p><!-- [et_pb_line_break_holder] --><!-- [et_pb_line_break_holder] --><pee>One of the most visible and immediately gratifying effects for caregivers is the improvement of communication during and after reminiscence activities. Residents who are usually mute or not very communicative can become verbally active, precise, animated \u2014 sometimes surprisingly so for caregivers who see them every day.<\/pee><!-- [et_pb_line_break_holder] --><!-- [et_pb_line_break_holder] --><\/p>\n<div class=\"temoignage\"><!-- [et_pb_line_break_holder] -->  <pee>\u201cMrs. L. never said much to us. One day, I placed an old photo of Marseille on the table \u2014 she came from the Old Port. She started talking for twenty minutes. She described the fish market, the smell, the colors, the cries of the vendors. She was laughing. The next day, she had returned to her usual silence \u2014 but we had seen her differently. And she had seen us differently.\u201d<\/pee><!-- [et_pb_line_break_holder] -->  <\/p>\n<div class=\"quote-author\">\u2014 Activity leader, Nursing home, Marseille<\/div>\n<p><!-- [et_pb_line_break_holder] --><\/div>\n<p><!-- [et_pb_line_break_holder] --><!-- [et_pb_line_break_holder] --><pee>This improvement in communication has cascading effects \u2014 on the quality of care (the team better understands the resident&#8217;s needs), on the caregiver-resident relationship (the person is seen as a conversational partner), and on the feeling of being recognized and heard that the resident experiences.<\/pee><!-- [et_pb_line_break_holder] --><!-- [et_pb_line_break_holder] --><\/p>\n<h2 id=\"identite\">5. Strengthening identity and self-esteem<\/h2>\n<p><!-- [et_pb_line_break_holder] --><!-- [et_pb_line_break_holder] --><pee>Alzheimer&#8217;s disease gradually erodes what allows a person to recognize themselves in the present \u2014 recent memory, temporal markers, daily skills. Reminiscence offers a powerful counterweight: it provides access to a part of oneself that remains intact \u2014 lived history, accomplishments, connections, values.<\/pee><!-- [et_pb_line_break_holder] --><!-- [et_pb_line_break_holder] --><pee>A resident who recounts how they built their house with their own hands, raised their children, faced challenges \u2014 during this time, they regain a pride and dignity that the disease cannot take away from them. This experience of oneself as a person of value and history is fundamental to psychological well-being.<\/pee><!-- [et_pb_line_break_holder] --><!-- [et_pb_line_break_holder] --><\/p>\n<h2 id=\"lien-soignant\">6. Quality of caregiver-resident relationship<\/h2>\n<p><!-- [et_pb_line_break_holder] --><!-- [et_pb_line_break_holder] --><pee>The benefits of reminiscence do not only concern residents. They also transform caregivers \u2014 and thereby, the quality of care provided. A caregiver who knows a resident&#8217;s story \u2014 who knows they were a teacher, that they lost a child, that they sang in a choir \u2014 develops an empathy and patience that cannot arise from clinical knowledge alone.<\/pee><!-- [et_pb_line_break_holder] --><!-- [et_pb_line_break_holder] --><\/p>\n<div class=\"soignant-box\"><!-- [et_pb_line_break_holder] -->  <\/p>\n<div class=\"soignant-box-label\">\ud83e\ude7a For caregivers<\/div>\n<p><!-- [et_pb_line_break_holder] -->  <\/p>\n<div class=\"soignant-box-title\">What reminiscence does to the caregiving relationship<\/div>\n<p><!-- [et_pb_line_break_holder] -->  <pee>Teams that regularly practice reminiscence report a transformation in their relationship to work \u2014 less burnout in the face of difficult behaviors, more meaning in daily gestures, better resistance to the emotional distance that the institution can induce. Caring for someone whose story you know is different from caring for a room number.<\/pee><!-- [et_pb_line_break_holder] -->  <\/p>\n<div class=\"pratique-box\"><!-- [et_pb_line_break_holder] -->    <\/p>\n<div class=\"pratique-box-title\">\u2726 In practice \u2014 building a \u201ccaring biography\u201d<\/div>\n<p><!-- [et_pb_line_break_holder] -->    <pee>Encourage each caregiver to collect two or three key biographical elements from each resident they regularly care for \u2014 and to note them in the care file. Not the medical file \u2014 the life file. This information becomes entry points for daily reminiscence.<\/pee><!-- [et_pb_line_break_holder] -->  <\/div>\n<p><!-- [et_pb_line_break_holder] --><\/div>\n<p><!-- [et_pb_line_break_holder] --><!-- [et_pb_line_break_holder] --><\/p>\n<h2 id=\"famille\">7. Benefits for families<\/h2>\n<p><!-- [et_pb_line_break_holder] --><!-- [et_pb_line_break_holder] --><pee>Therapeutic reminiscence also has documented effects on the families of residents \u2014 particularly on close caregivers who have long accompanied a parent through illness.<\/pee><!-- [et_pb_line_break_holder] --><!-- [et_pb_line_break_holder] --><pee>Participating in reminiscence sessions with their loved one allows them to regain a form of relationship that is not defined by the disease \u2014 to see the person they once knew, and not just the patient they are accompanying. It reduces the feeling of anticipatory grief, the feeling of helplessness, and sometimes the guilt associated with institutionalization. And it strengthens their sense of being useful \u2014 they bring the photos, the objects, the stories that no one else can bring.<\/pee><!-- [et_pb_line_break_holder] --><!-- [et_pb_line_break_holder] --><\/p>\n<h2 id=\"stades\">8. According to the stages of the disease<\/h2>\n<p><!-- [et_pb_line_break_holder] --><!-- [et_pb_line_break_holder] --><\/p>\n<div class=\"key-points\"><!-- [et_pb_line_break_holder] -->  <\/p>\n<h3>\u2726 Adapting reminiscence to the stages of the disease<\/h3>\n<p><!-- [et_pb_line_break_holder] -->  <\/p>\n<ul><!-- [et_pb_line_break_holder] -->    <\/p>\n<li><strong>Mild stage<\/strong> \u2014 the person can participate in a structured life review, build a coherent narrative, express nuanced emotions. Reminiscence groups work well. Verbal communication is rich.<\/li>\n<p><!-- [et_pb_line_break_holder] -->    <\/p>\n<li><strong>Moderate stage<\/strong> \u2014 individual sessions are more suitable. Sensory supports (photos, music, objects) take more space than verbal narrative. Duration is reduced (20 to 30 minutes maximum). Emotions are still very accessible.<\/li>\n<p><!-- [et_pb_line_break_holder] -->    <\/p>\n<li><strong>Severe stage<\/strong> \u2014 sensory reminiscence (music, scents, textures) remains possible and beneficial. Non-verbal communication \u2014 smiling, eye contact, hand-holding \u2014 is at the forefront. The benefits are primarily emotional and relational.<\/li>\n<p><!-- [et_pb_line_break_holder] -->  <\/ul>\n<p><!-- [et_pb_line_break_holder] --><\/div>\n<p><!-- [et_pb_line_break_holder] --><!-- [et_pb_line_break_holder] --><\/p>\n<h2 id=\"limites\">9. The limits to know<\/h2>\n<p><!-- [et_pb_line_break_holder] --><!-- [et_pb_line_break_holder] --><pee>Therapeutic reminiscence is not an approach without risks or limits. Knowing it honestly allows for discerning practice.<\/pee><!-- [et_pb_line_break_holder] --><!-- [et_pb_line_break_holder] --><pee>Some memories can be painful \u2014 unresolved grief, trauma, regrets \u2014 and their emergence requires the caregiver&#8217;s ability to welcome them without fleeing or amplifying them. Reminiscence is not indicated for individuals with obsessive reminiscence (compulsive return to negative memories) without specific psychological support.<\/pee><!-- [et_pb_line_break_holder] --><!-- [et_pb_line_break_holder] --><pee>Furthermore, the benefits are not permanent \u2014 they require regular practice to be maintained over time. An isolated session provides a moment of well-being; an integrated program within care produces lasting effects.<\/pee><!-- [et_pb_line_break_holder] --><!-- [et_pb_line_break_holder] --><\/p>\n<h2 id=\"integration\">10. Integrating reminiscence into the care plan<\/h2>\n<p><!-- [et_pb_line_break_holder] --><!-- [et_pb_line_break_holder] --><pee>For the benefits of reminiscence to be lasting and shared by the entire team, it must be integrated into the resident&#8217;s personalized care plan \u2014 not left solely to the initiative of a few motivated caregivers. This involves gathering each resident&#8217;s life story upon entry, sharing this information within the team, identifying suitable biographical supports, and training all staff on the basic principles and tools.<\/pee><!-- [et_pb_line_break_holder] --><!-- [et_pb_line_break_holder] --><a href=\"https:\/\/www.dynseo.com\/courses\/la-reminiscence-therapeutique-revisiter-le-passe-pour-mieux-vivre-le-present\/\" class=\"internal-link\"><!-- [et_pb_line_break_holder] -->  <\/p>\n<div class=\"internal-link-icon\">\ud83c\udf93<\/div>\n<p><!-- [et_pb_line_break_holder] -->  <\/p>\n<div class=\"internal-link-content\"><!-- [et_pb_line_break_holder] -->    <\/p>\n<div class=\"internal-link-label\">Certified training<\/div>\n<p><!-- [et_pb_line_break_holder] -->    <\/p>\n<div class=\"internal-link-title\">Therapeutic reminiscence: revisiting the past to better live the present<\/div>\n<p><!-- [et_pb_line_break_holder] -->    <\/p>\n<div class=\"internal-link-desc\">DYNSEO Qualiopi training \u2014 benefits, protocols, supports, integration into the care plan.<\/div>\n<p><!-- [et_pb_line_break_holder] -->  <\/div>\n<p><!-- [et_pb_line_break_holder] -->  <\/p>\n<div class=\"internal-link-arrow\">\u2192<\/div>\n<p><!-- [et_pb_line_break_holder] --><\/a><!-- [et_pb_line_break_holder] --><!-- [et_pb_line_break_holder] --><\/p>\n<div class=\"cta-box\"><!-- [et_pb_line_break_holder] -->  <\/p>\n<h3>\ud83c\udf93 Train your team in therapeutic reminiscence<\/h3>\n<p><!-- [et_pb_line_break_holder] -->  <pee>DYNSEO training provides nursing home teams with the tools to understand and practice reminiscence \u2014 from individual sessions to integration into the care plan. Qualiopi certified.<\/pee><!-- [et_pb_line_break_holder] -->  <\/p>\n<div class=\"cta-buttons\"><!-- [et_pb_line_break_holder] -->    <a href=\"https:\/\/www.dynseo.com\/courses\/la-reminiscence-therapeutique-revisiter-le-passe-pour-mieux-vivre-le-present\/\" class=\"btn-cta-white\">\ud83d\udccb View the program<\/a><!-- [et_pb_line_break_holder] -->    <a href=\"https:\/\/www.dynseo.com\/formations\/\" class=\"btn-cta-outline\">All trainings \u2192<\/a><!-- [et_pb_line_break_holder] -->  <\/div>\n<p><!-- [et_pb_line_break_holder] --><\/div>\n<p><!-- [et_pb_line_break_holder] --><!-- [et_pb_line_break_holder] --><\/p>\n<div class=\"article-tags\"><!-- [et_pb_line_break_holder] -->  <a href=\"#\" class=\"article-tag\">reminiscence Alzheimer&#8217;s disease benefits<\/a><!-- [et_pb_line_break_holder] -->  <a href=\"#\" class=\"article-tag\">BPSD agitation reminiscence<\/a><!-- [et_pb_line_break_holder] -->  <a href=\"#\" class=\"article-tag\">depression residents nursing homes non-pharmacological<\/a><!-- [et_pb_line_break_holder] -->  <a href=\"#\" class=\"article-tag\">communication Alzheimer&#8217;s disease memory<\/a><!-- [et_pb_line_break_holder] -->  <a href=\"#\" class=\"article-tag\">identity resident dementia<\/a><!-- [et_pb_line_break_holder] -->  <a href=\"#\" class=\"article-tag\">DYNSEO training caregivers<\/a><!-- [et_pb_line_break_holder] --><\/div>\n<p><!-- [et_pb_line_break_holder] --><\/article>\n<p><!-- [et_pb_line_break_holder] --><\/div>\n<p><!-- [et_pb_line_break_holder] --><!-- [et_pb_line_break_holder] --><\/div>\n<p>[\/et_pb_code][\/et_pb_column][\/et_pb_row][\/et_pb_section]<\/p>\n","protected":false},"excerpt":{"rendered":"","protected":false},"author":4,"featured_media":378853,"comment_status":"closed","ping_status":"closed","sticky":false,"template":"","format":"standard","meta":{"_et_pb_use_builder":"on","_et_pb_old_content":"[et_pb_section fb_built=\"1\" admin_label=\"Article HTML\" _builder_version=\"4.16\" custom_padding=\"0px||0px||false|false\" global_colors_info=\"{}\"][et_pb_row admin_label=\"Contenu\" _builder_version=\"4.16\" width=\"100%\" max_width=\"100%\" custom_padding=\"0px||0px||false|false\" global_colors_info=\"{}\"][et_pb_column type=\"4_4\" _builder_version=\"4.16\" global_colors_info=\"{}\"][et_pb_code admin_label=\"HTML import\u00e9\" _builder_version=\"4.16\" global_colors_info=\"{}\"]<style type=\"text\/css\"><!-- [et_pb_line_break_holder] -->:root{--ambre:#c07740;--ambre-soft:#fdf3e7;--sauge:#5a8a6a;--sauge-soft:#eaf3ed;--ardoise:#4a6080;--ardoise-soft:#eaeff5;--rose-vieux:#a05070;--rose-vieux-soft:#f5eaef;--dark:#1a1a2e;--radius:20px;--shadow:0 4px 20px rgba(0,0,0,.06);}<!-- [et_pb_line_break_holder] -->.dbi-art-c28c8a * {margin:0;padding:0;box-sizing:border-box;}<!-- [et_pb_line_break_holder] -->.dbi-art-c28c8a {scroll-behavior:smooth;}<!-- [et_pb_line_break_holder] -->.dbi-art-c28c8a {font-family:'Poppins',-apple-system,BlinkMacSystemFont,sans-serif;line-height:1.75;color:#333;background:#fff;overflow-x:hidden;}<!-- [et_pb_line_break_holder] -->.dbi-art-c28c8a img {max-width:100%;height:auto;display:block;}<!-- [et_pb_line_break_holder] -->.dbi-art-c28c8a a {color:inherit;text-decoration:none;}<!-- [et_pb_line_break_holder] -->.dbi-art-c28c8a .container {max-width:820px;margin:0 auto;padding:0 24px;}<!-- [et_pb_line_break_holder] -->.dbi-art-c28c8a .article-hero {background:linear-gradient(160deg,#fdf3e7 0%,#fef9f0 55%,#eaf3ed 100%);padding:70px 24px 0;position:relative;overflow:visible;}<!-- [et_pb_line_break_holder] -->.dbi-art-c28c8a .article-hero-curve {position:absolute;bottom:-2px;left:0;right:0;width:100%;height:60px;background:#fff;border-radius:50% 50% 0 0;z-index:4;}<!-- [et_pb_line_break_holder] -->.dbi-art-c28c8a .article-hero-inner {max-width:820px;margin:0 auto;position:relative;z-index:3;padding-bottom:80px;}<!-- [et_pb_line_break_holder] -->.dbi-art-c28c8a .article-breadcrumb {font-size:12px;color:var(--ambre);margin-bottom:20px;}<!-- [et_pb_line_break_holder] -->.dbi-art-c28c8a .article-breadcrumb a {color:var(--ambre);border-bottom:1px solid rgba(192,119,64,.25);}<!-- [et_pb_line_break_holder] -->.dbi-art-c28c8a .article-category {display:inline-block;font-family:'Montserrat',sans-serif;font-size:11px;font-weight:700;letter-spacing:1.5px;text-transform:uppercase;color:var(--ambre);background:#fff;border-radius:30px;padding:7px 18px;margin-bottom:16px;box-shadow:var(--shadow);}<!-- [et_pb_line_break_holder] -->.dbi-art-c28c8a .article-hero h1 {font-family:'Montserrat',sans-serif;font-size:clamp(24px,4vw,34px);font-weight:800;color:var(--dark);line-height:1.3;margin-bottom:16px;}<!-- [et_pb_line_break_holder] -->.dbi-art-c28c8a .article-hero h1 .hl {display:inline;color:#fff;background:var(--sauge);border-radius:8px;padding:1px 12px 3px;}<!-- [et_pb_line_break_holder] -->.dbi-art-c28c8a .article-meta {font-size:13px;color:#555;display:flex;gap:20px;flex-wrap:wrap;align-items:center;}<!-- [et_pb_line_break_holder] -->.dbi-art-c28c8a .article-body {padding:50px 0 60px;}<!-- [et_pb_line_break_holder] -->.dbi-art-c28c8a .article-body p {margin-bottom:22px;text-align:justify;font-size:15px;color:#444;line-height:1.9;}<!-- [et_pb_line_break_holder] -->.dbi-art-c28c8a .article-body strong {color:var(--dark);font-weight:600;}<!-- [et_pb_line_break_holder] -->.dbi-art-c28c8a .article-body h2 {font-family:'Montserrat',sans-serif;font-size:clamp(20px,3vw,26px);font-weight:800;color:var(--dark);margin:55px 0 18px;line-height:1.3;padding-bottom:10px;border-bottom:3px solid var(--sauge);}<!-- [et_pb_line_break_holder] -->.dbi-art-c28c8a .article-body h3 {font-family:'Montserrat',sans-serif;font-size:clamp(17px,2.5vw,20px);font-weight:700;color:var(--ambre);margin:35px 0 14px;}<!-- [et_pb_line_break_holder] -->.dbi-art-c28c8a .bienfait-grid {display:grid;grid-template-columns:1fr 1fr;gap:16px;margin:28px 0;}<!-- [et_pb_line_break_holder] -->.dbi-art-c28c8a .bienfait-card {background:#fff;border-radius:var(--radius);padding:22px 24px;box-shadow:var(--shadow);}<!-- [et_pb_line_break_holder] -->.dbi-art-c28c8a .bienfait-card.b1 {border-top:4px solid var(--ambre);}<!-- [et_pb_line_break_holder] -->.dbi-art-c28c8a .bienfait-card.b2 {border-top:4px solid var(--sauge);}<!-- [et_pb_line_break_holder] -->.dbi-art-c28c8a .bienfait-card.b3 {border-top:4px solid var(--ardoise);}<!-- [et_pb_line_break_holder] -->.dbi-art-c28c8a .bienfait-card.b4 {border-top:4px solid var(--rose-vieux);}<!-- [et_pb_line_break_holder] -->.dbi-art-c28c8a .bienfait-card h4 {font-family:'Montserrat',sans-serif;font-size:14px;font-weight:800;color:var(--dark);margin-bottom:6px;}<!-- [et_pb_line_break_holder] -->.dbi-art-c28c8a .bienfait-card p {font-size:13px;color:#555;line-height:1.65;margin:0;}<!-- [et_pb_line_break_holder] -->.dbi-art-c28c8a .soft-box {background:var(--ambre-soft);padding:28px 32px;border-radius:var(--radius);margin:35px 0;box-shadow:var(--shadow);border-left:4px solid var(--ambre);}<!-- [et_pb_line_break_holder] -->.dbi-art-c28c8a .soft-box p {font-size:14px;color:#444;margin-bottom:10px;line-height:1.8;}<!-- [et_pb_line_break_holder] -->.dbi-art-c28c8a .soft-box p:last-child {margin-bottom:0;}<!-- [et_pb_line_break_holder] -->.dbi-art-c28c8a .key-points {background:var(--sauge-soft);padding:30px 32px;border-radius:var(--radius);margin:35px 0;box-shadow:var(--shadow);}<!-- [et_pb_line_break_holder] -->.dbi-art-c28c8a .key-points h3 {font-family:'Montserrat',sans-serif;font-size:17px;font-weight:800;color:var(--sauge);margin:0 0 14px;}<!-- [et_pb_line_break_holder] -->.dbi-art-c28c8a .key-points ul {list-style:none;padding:0;margin:0;}<!-- [et_pb_line_break_holder] -->.dbi-art-c28c8a .key-points li {margin:10px 0;padding-left:26px;position:relative;color:#444;font-size:14px;line-height:1.7;}<!-- [et_pb_line_break_holder] -->.dbi-art-c28c8a .key-points li::before {content:'\u2726';position:absolute;left:0;color:var(--ambre);font-size:11px;top:3px;}<!-- [et_pb_line_break_holder] -->.dbi-art-c28c8a .temoignage {background:#fff8f0;padding:34px 32px;border-radius:var(--radius);margin:40px 0;box-shadow:var(--shadow);position:relative;}<!-- [et_pb_line_break_holder] -->.dbi-art-c28c8a .temoignage::before {content:'201C';font-size:110px;position:absolute;top:-24px;left:18px;font-family:Georgia,serif;color:var(--ambre);opacity:.2;line-height:1;}<!-- [et_pb_line_break_holder] -->.dbi-art-c28c8a .temoignage p {font-size:15px;font-style:italic;color:#555;position:relative;z-index:1;margin-bottom:12px;text-align:left;line-height:1.85;}<!-- [et_pb_line_break_holder] -->.dbi-art-c28c8a .temoignage .quote-author {font-family:'Montserrat',sans-serif;font-weight:800;font-style:normal;color:var(--ambre);font-size:13px;}<!-- [et_pb_line_break_holder] -->.dbi-art-c28c8a .soignant-box {background:#fff;border-radius:var(--radius);padding:28px 30px;box-shadow:0 6px 25px rgba(0,0,0,.07);margin:30px 0;border-top:4px solid var(--sauge);}<!-- [et_pb_line_break_holder] -->.dbi-art-c28c8a .soignant-box-label {font-family:'Montserrat',sans-serif;font-size:11px;font-weight:700;letter-spacing:1.5px;text-transform:uppercase;color:var(--sauge);margin-bottom:8px;}<!-- [et_pb_line_break_holder] -->.dbi-art-c28c8a .soignant-box-title {font-family:'Montserrat',sans-serif;font-size:17px;font-weight:800;color:var(--dark);margin-bottom:14px;}<!-- [et_pb_line_break_holder] -->.dbi-art-c28c8a .soignant-box p {font-size:14px;color:#444;line-height:1.8;margin-bottom:10px;}<!-- [et_pb_line_break_holder] -->.dbi-art-c28c8a .soignant-box p:last-child {margin-bottom:0;}<!-- [et_pb_line_break_holder] -->.dbi-art-c28c8a .pratique-box {background:var(--ardoise-soft);border-radius:var(--radius);padding:22px 26px;margin-top:14px;}<!-- [et_pb_line_break_holder] -->.dbi-art-c28c8a .pratique-box-title {font-family:'Montserrat',sans-serif;font-size:13px;font-weight:700;color:var(--ardoise);margin-bottom:8px;text-transform:uppercase;letter-spacing:1px;}<!-- [et_pb_line_break_holder] -->.dbi-art-c28c8a .pratique-box p {font-size:13px;color:#444;margin:0;line-height:1.7;}<!-- [et_pb_line_break_holder] -->.dbi-art-c28c8a .cta-box {background:linear-gradient(135deg,var(--ambre) 0%,#a05530 100%);padding:40px 36px;border-radius:22px;margin:50px 0;text-align:center;color:#fff;}<!-- [et_pb_line_break_holder] -->.dbi-art-c28c8a .cta-box h3 {font-family:'Montserrat',sans-serif;font-size:22px;font-weight:800;margin-bottom:12px;}<!-- [et_pb_line_break_holder] -->.dbi-art-c28c8a .cta-box p {font-size:14px;color:rgba(255,255,255,.88);margin-bottom:24px;max-width:550px;margin-left:auto;margin-right:auto;}<!-- [et_pb_line_break_holder] -->.dbi-art-c28c8a .cta-box .cta-buttons {display:flex;justify-content:center;gap:14px;flex-wrap:wrap;}<!-- [et_pb_line_break_holder] -->.dbi-art-c28c8a .btn-cta-white {display:inline-block;padding:14px 34px;border-radius:30px;font-family:'Montserrat',sans-serif;font-size:14px;font-weight:700;background:#fff;color:var(--ambre);transition:all .3s ease;}<!-- [et_pb_line_break_holder] -->.dbi-art-c28c8a .btn-cta-white:hover {background:var(--dark);color:#fff;transform:translateY(-2px);}<!-- [et_pb_line_break_holder] -->.dbi-art-c28c8a .btn-cta-outline {display:inline-block;padding:14px 34px;border-radius:30px;font-family:'Montserrat',sans-serif;font-size:14px;font-weight:700;border:2px solid rgba(255,255,255,.5);color:#fff;}<!-- [et_pb_line_break_holder] -->.dbi-art-c28c8a .internal-link {display:flex;align-items:center;gap:20px;background:var(--ambre-soft);padding:24px 28px;border-radius:var(--radius);box-shadow:var(--shadow);margin:40px 0;transition:all .3s ease;}<!-- [et_pb_line_break_holder] -->.dbi-art-c28c8a .internal-link:hover {transform:translateY(-3px);box-shadow:0 8px 28px rgba(0,0,0,.1);}<!-- [et_pb_line_break_holder] -->.dbi-art-c28c8a .internal-link-icon {font-size:2.5rem;flex-shrink:0;}<!-- [et_pb_line_break_holder] -->.dbi-art-c28c8a .internal-link-content {flex:1;}<!-- [et_pb_line_break_holder] -->.dbi-art-c28c8a .internal-link-label {font-size:11px;font-weight:700;letter-spacing:1.5px;text-transform:uppercase;color:var(--rose-vieux);margin-bottom:4px;}<!-- [et_pb_line_break_holder] -->.dbi-art-c28c8a .internal-link-title {font-family:'Montserrat',sans-serif;font-size:16px;font-weight:800;color:var(--dark);margin-bottom:4px;}<!-- [et_pb_line_break_holder] -->.dbi-art-c28c8a .internal-link-desc {font-size:13px;color:#555;}<!-- [et_pb_line_break_holder] -->.dbi-art-c28c8a .internal-link-arrow {font-size:1.5rem;color:var(--ambre);flex-shrink:0;transition:transform .3s;}<!-- [et_pb_line_break_holder] -->.dbi-art-c28c8a .internal-link:hover .internal-link-arrow {transform:translateX(4px);}<!-- [et_pb_line_break_holder] -->.dbi-art-c28c8a .article-tags {display:flex;flex-wrap:wrap;gap:8px;margin:40px 0 20px;padding-top:30px;border-top:2px solid #f0ebe4;}<!-- [et_pb_line_break_holder] -->.dbi-art-c28c8a .article-tag {display:inline-block;padding:6px 16px;border-radius:30px;font-size:12px;font-weight:600;}<!-- [et_pb_line_break_holder] -->.dbi-art-c28c8a .article-tag:nth-child(odd) {color:var(--ambre);background:var(--ambre-soft);}<!-- [et_pb_line_break_holder] -->.dbi-art-c28c8a .article-tag:nth-child(even) {color:var(--sauge);background:var(--sauge-soft);}<!-- [et_pb_line_break_holder] -->.dbi-art-c28c8a .toc {background:var(--ambre-soft);padding:28px 30px;border-radius:var(--radius);margin:0 0 40px;box-shadow:var(--shadow);border-left:4px solid var(--ambre);}<!-- [et_pb_line_break_holder] -->.dbi-art-c28c8a .toc h4 {font-family:'Montserrat',sans-serif;font-size:14px;font-weight:800;color:var(--dark);margin-bottom:14px;}<!-- [et_pb_line_break_holder] -->.dbi-art-c28c8a .toc ol {padding-left:20px;margin:0;}<!-- [et_pb_line_break_holder] -->.dbi-art-c28c8a .toc li {margin:8px 0;font-size:13px;}<!-- [et_pb_line_break_holder] -->.dbi-art-c28c8a .toc a {color:var(--ambre);font-weight:600;}<!-- [et_pb_line_break_holder] -->@media(max-width:600px) {<!-- [et_pb_line_break_holder] -->.dbi-art-c28c8a .article-hero {padding:50px 16px 0;}<!-- [et_pb_line_break_holder] -->.dbi-art-c28c8a .container {padding:0 16px;}<!-- [et_pb_line_break_holder] -->.dbi-art-c28c8a .article-body p {font-size:14px;}<!-- [et_pb_line_break_holder] -->.dbi-art-c28c8a .bienfait-grid {grid-template-columns:1fr;}<!-- [et_pb_line_break_holder] -->.dbi-art-c28c8a .cta-box {padding:30px 20px;}<!-- [et_pb_line_break_holder] -->.dbi-art-c28c8a .cta-box .cta-buttons {flex-direction:column;max-width:260px;margin:0 auto;}<!-- [et_pb_line_break_holder] -->.dbi-art-c28c8a .btn-cta-white, .dbi-art-c28c8a .btn-cta-outline {width:100%;text-align:center;}<!-- [et_pb_line_break_holder] -->.dbi-art-c28c8a .internal-link {flex-direction:column;text-align:center;gap:12px;}<!-- [et_pb_line_break_holder] -->}<!-- [et_pb_line_break_holder] --><!-- [et_pb_line_break_holder] --><\/style>\n<script type=\"application\/ld+json\">{\"@context\":\"https:\/\/schema.org\",\"@type\":\"Article\",\"headline\":\"R\u00e9miniscence et Alzheimer : quels bienfaits concrets pour les r\u00e9sidents ?\",\"image\":\"https:\/\/www.dynseo.com\/wp-content\/uploads\/2026\/03\/reminiscence.jpg\",\"description\":\"Effets document\u00e9s de la r\u00e9miniscence th\u00e9rapeutique chez les personnes atteintes d'Alzheimer \u2014 d\u00e9pression, agitation, communication, identit\u00e9, lien soignant-r\u00e9sident.\",\"author\":{\"@type\":\"Organization\",\"name\":\"DYNSEO\",\"url\":\"https:\/\/www.dynseo.com\"},\"publisher\":{\"@type\":\"Organization\",\"name\":\"DYNSEO\"},\"datePublished\":\"2026-03-07\",\"dateModified\":\"2026-03-07\"}<\/script>\n<!-- [et_pb_line_break_holder] --><div class=\"dbi-art-c28c8a\"><!-- [et_pb_line_break_holder] --><header class=\"article-hero\"><!-- [et_pb_line_break_holder] -->  <div class=\"article-hero-inner\"><!-- [et_pb_line_break_holder] -->    <nav class=\"article-breadcrumb\"><!-- [et_pb_line_break_holder] -->      <a href=\"https:\/\/www.dynseo.com\/\">Home<\/a> \u203a<!-- [et_pb_line_break_holder] -->      <a href=\"https:\/\/www.dynseo.com\/professionnels-de-sante\/\">Caregiver Resources<\/a> \u203a<!-- [et_pb_line_break_holder] -->      Reminiscence and Alzheimer's disease<!-- [et_pb_line_break_holder] -->    <\/nav><!-- [et_pb_line_break_holder] -->    <span class=\"article-category\">\ud83d\udd70\ufe0f THERAPEUTIC REMINISCENCE<\/span><!-- [et_pb_line_break_holder] -->    <h1>Reminiscence and Alzheimer's disease: <span class=\"hl\">what concrete benefits<\/span> for residents?<\/h1><!-- [et_pb_line_break_holder] -->    <div class=\"article-meta\"><!-- [et_pb_line_break_holder] -->      <span>\ud83d\udcc5 March 2026<\/span><!-- [et_pb_line_break_holder] -->      <span>\u23f1 17 min read<\/span><!-- [et_pb_line_break_holder] -->      <span>\u270d\ufe0f By the DYNSEO team<\/span><!-- [et_pb_line_break_holder] -->    <\/div><!-- [et_pb_line_break_holder] -->  <\/div><!-- [et_pb_line_break_holder] -->  <div class=\"article-hero-curve\"><\/div><!-- [et_pb_line_break_holder] --><\/header><!-- [et_pb_line_break_holder] --><!-- [et_pb_line_break_holder] --><div class=\"container\"><!-- [et_pb_line_break_holder] --><article class=\"article-body\"><!-- [et_pb_line_break_holder] --><!-- [et_pb_line_break_holder] --><div class=\"toc\"><!-- [et_pb_line_break_holder] -->  <h4>\ud83d\udccb Table of Contents<\/h4><!-- [et_pb_line_break_holder] -->  <ol><!-- [et_pb_line_break_holder] -->    <li><a href=\"#ce-que-dit-recherche\">What research says<\/a><\/li><!-- [et_pb_line_break_holder] -->    <li><a href=\"#depression\">Effect on depression and anxiety<\/a><\/li><!-- [et_pb_line_break_holder] -->    <li><a href=\"#agitation\">Reduction of agitation and BPSD<\/a><\/li><!-- [et_pb_line_break_holder] -->    <li><a href=\"#communication\">Improvement of communication<\/a><\/li><!-- [et_pb_line_break_holder] -->    <li><a href=\"#identite\">Strengthening identity and self-esteem<\/a><\/li><!-- [et_pb_line_break_holder] -->    <li><a href=\"#lien-soignant\">Quality of caregiver-resident relationship<\/a><\/li><!-- [et_pb_line_break_holder] -->    <li><a href=\"#famille\">Benefits for families<\/a><\/li><!-- [et_pb_line_break_holder] -->    <li><a href=\"#stades\">According to the stages of the disease<\/a><\/li><!-- [et_pb_line_break_holder] -->    <li><a href=\"#limites\">The limits to know<\/a><\/li><!-- [et_pb_line_break_holder] -->    <li><a href=\"#integration\">Integrating reminiscence into the care plan<\/a><\/li><!-- [et_pb_line_break_holder] -->  <\/ol><!-- [et_pb_line_break_holder] --><\/div><!-- [et_pb_line_break_holder] --><!-- [et_pb_line_break_holder] --><p>\u201cI don\u2019t know what happened, but since we\u2019ve been doing these sessions with old photos, Mr. D. is calmer. He participates in meals. He looks at us when we talk to him.\u201d This type of feedback is regularly shared by caregivers in nursing homes after implementing reminiscence activities. It\u2019s not magic \u2014 it\u2019s applied neuropsychology with kindness.<\/p><!-- [et_pb_line_break_holder] --><!-- [et_pb_line_break_holder] --><p>The effects of therapeutic reminiscence in people with Alzheimer's disease and related disorders are documented by decades of clinical research. This article presents them concretely \u2014 so that caregivers understand what is happening and can discuss it clearly with their teams and families.<\/p><!-- [et_pb_line_break_holder] --><!-- [et_pb_line_break_holder] --><h2 id=\"ce-que-dit-recherche\">1. What research says<\/h2><!-- [et_pb_line_break_holder] --><!-- [et_pb_line_break_holder] --><p>Therapeutic reminiscence is included in international recommendations for non-pharmacological management of Alzheimer's disease \u2014 notably those from the WHO, the French National Authority for Health (HAS), and the National Institute for Health and Care Excellence (NICE) in the UK. These recommendations are based on a solid body of controlled studies and meta-analyses.<\/p><!-- [et_pb_line_break_holder] --><!-- [et_pb_line_break_holder] --><p>A meta-analysis published in the <em>British Journal of Clinical Psychology<\/em> covering 128 studies and over 10,000 participants concludes that reminiscence has significant positive effects on well-being, depression, quality of life, and problematic behaviors in elderly people in institutions. These effects are observed in both individual and group sessions.<\/p><!-- [et_pb_line_break_holder] --><!-- [et_pb_line_break_holder] --><h2 id=\"depression\">2. Effect on depression and anxiety<\/h2><!-- [et_pb_line_break_holder] --><!-- [et_pb_line_break_holder] --><p>Depression affects between 30 and 50% of residents in nursing homes \u2014 often underdiagnosed and undertreated. Therapeutic reminiscence is one of the best-documented non-pharmacological approaches to reduce depressive symptoms in this population.<\/p><!-- [et_pb_line_break_holder] --><!-- [et_pb_line_break_holder] --><p>Its mechanism of action is multiple. Access to positive memories generates positive emotions that counterbalance depressive affect. Recognizing one\u2019s own history reinforces the feeling of having led a meaningful life. And the bond with the caregiver created during the sessions meets the need for social connection \u2014 often deeply deficient in institutions.<\/p><!-- [et_pb_line_break_holder] --><!-- [et_pb_line_break_holder] --><div class=\"soft-box\"><!-- [et_pb_line_break_holder] -->  <p><strong>What studies show.<\/strong> Reminiscence programs of 6 to 12 sessions produce an average reduction of 25 to 35% in depression scores on validated scales (GDS, Cornell Scale). These effects often persist for several weeks after the end of the program \u2014 and are reinforced when the approach is integrated into daily care rather than confined to formal sessions alone.<\/p><!-- [et_pb_line_break_holder] --><\/div><!-- [et_pb_line_break_holder] --><!-- [et_pb_line_break_holder] --><h2 id=\"agitation\">3. Reduction of agitation and BPSD<\/h2><!-- [et_pb_line_break_holder] --><!-- [et_pb_line_break_holder] --><p>Behavioral and psychological symptoms of dementia (BPSD) \u2014 agitation, wandering, shouting, aggression \u2014 represent one of the heaviest challenges for nursing home teams. They are also one of the main causes of psychotropic prescriptions for residents with dementia \u2014 a prescription that has significant side effects and whose reduction is a public health objective.<\/p><!-- [et_pb_line_break_holder] --><!-- [et_pb_line_break_holder] --><p>Therapeutic reminiscence, by reducing the anxiety underlying agitation behaviors and providing a space for connection and meaning, can help reduce certain BPSD \u2014 particularly agitation related to anxiety and identity disorientation.<\/p><!-- [et_pb_line_break_holder] --><!-- [et_pb_line_break_holder] --><div class=\"bienfait-grid\"><!-- [et_pb_line_break_holder] -->  <div class=\"bienfait-card b1\"><!-- [et_pb_line_break_holder] -->    <h4>\ud83c\udfb5 Biographical music<\/h4><!-- [et_pb_line_break_holder] -->    <p>Songs from the resident's youth are particularly effective in reducing agitation \u2014 sometimes in just a few minutes. They activate emotional and procedural memory, preserved late in the disease.<\/p><!-- [et_pb_line_break_holder] -->  <\/div><!-- [et_pb_line_break_holder] -->  <div class=\"bienfait-card b2\"><!-- [et_pb_line_break_holder] -->    <h4>\ud83d\udcf8 Childhood photos<\/h4><!-- [et_pb_line_break_holder] -->    <p>Looking at and commenting on photos from one\u2019s past can interrupt an episode of agitation by giving the person an identity anchor and a meaningful occupation.<\/p><!-- [et_pb_line_break_holder] -->  <\/div><!-- [et_pb_line_break_holder] -->  <div class=\"bienfait-card b3\"><!-- [et_pb_line_break_holder] -->    <h4>\ud83d\udc50 Sensory objects<\/h4><!-- [et_pb_line_break_holder] -->    <p>Holding a familiar object \u2014 a tool from their former job, a fabric from home \u2014 activates procedural memory and often calms motor agitation.<\/p><!-- [et_pb_line_break_holder] -->  <\/div><!-- [et_pb_line_break_holder] -->  <div class=\"bienfait-card b4\"><!-- [et_pb_line_break_holder] -->    <h4>\ud83c\udf39 Biographical scents<\/h4><!-- [et_pb_line_break_holder] -->    <p>Scents related to personal history (bread, coffee, lavender, wood) are processed by the amygdala \u2014 an emotional structure preserved for a long time \u2014 and can trigger very powerful memories and positive emotions.<\/p><!-- [et_pb_line_break_holder] -->  <\/div><!-- [et_pb_line_break_holder] --><\/div><!-- [et_pb_line_break_holder] --><!-- [et_pb_line_break_holder] --><h2 id=\"communication\">4. Improvement of communication<\/h2><!-- [et_pb_line_break_holder] --><!-- [et_pb_line_break_holder] --><p>One of the most visible and immediately gratifying effects for caregivers is the improvement of communication during and after reminiscence activities. Residents who are usually mute or not very communicative can become verbally active, precise, animated \u2014 sometimes surprisingly so for caregivers who see them every day.<\/p><!-- [et_pb_line_break_holder] --><!-- [et_pb_line_break_holder] --><div class=\"temoignage\"><!-- [et_pb_line_break_holder] -->  <p>\u201cMrs. L. never said much to us. One day, I placed an old photo of Marseille on the table \u2014 she came from the Old Port. She started talking for twenty minutes. She described the fish market, the smell, the colors, the cries of the vendors. She was laughing. The next day, she had returned to her usual silence \u2014 but we had seen her differently. And she had seen us differently.\u201d<\/p><!-- [et_pb_line_break_holder] -->  <div class=\"quote-author\">\u2014 Activity leader, Nursing home, Marseille<\/div><!-- [et_pb_line_break_holder] --><\/div><!-- [et_pb_line_break_holder] --><!-- [et_pb_line_break_holder] --><p>This improvement in communication has cascading effects \u2014 on the quality of care (the team better understands the resident's needs), on the caregiver-resident relationship (the person is seen as a conversational partner), and on the feeling of being recognized and heard that the resident experiences.<\/p><!-- [et_pb_line_break_holder] --><!-- [et_pb_line_break_holder] --><h2 id=\"identite\">5. Strengthening identity and self-esteem<\/h2><!-- [et_pb_line_break_holder] --><!-- [et_pb_line_break_holder] --><p>Alzheimer's disease gradually erodes what allows a person to recognize themselves in the present \u2014 recent memory, temporal markers, daily skills. Reminiscence offers a powerful counterweight: it provides access to a part of oneself that remains intact \u2014 lived history, accomplishments, connections, values.<\/p><!-- [et_pb_line_break_holder] --><!-- [et_pb_line_break_holder] --><p>A resident who recounts how they built their house with their own hands, raised their children, faced challenges \u2014 during this time, they regain a pride and dignity that the disease cannot take away from them. This experience of oneself as a person of value and history is fundamental to psychological well-being.<\/p><!-- [et_pb_line_break_holder] --><!-- [et_pb_line_break_holder] --><h2 id=\"lien-soignant\">6. Quality of caregiver-resident relationship<\/h2><!-- [et_pb_line_break_holder] --><!-- [et_pb_line_break_holder] --><p>The benefits of reminiscence do not only concern residents. They also transform caregivers \u2014 and thereby, the quality of care provided. A caregiver who knows a resident's story \u2014 who knows they were a teacher, that they lost a child, that they sang in a choir \u2014 develops an empathy and patience that cannot arise from clinical knowledge alone.<\/p><!-- [et_pb_line_break_holder] --><!-- [et_pb_line_break_holder] --><div class=\"soignant-box\"><!-- [et_pb_line_break_holder] -->  <div class=\"soignant-box-label\">\ud83e\ude7a For caregivers<\/div><!-- [et_pb_line_break_holder] -->  <div class=\"soignant-box-title\">What reminiscence does to the caregiving relationship<\/div><!-- [et_pb_line_break_holder] -->  <p>Teams that regularly practice reminiscence report a transformation in their relationship to work \u2014 less burnout in the face of difficult behaviors, more meaning in daily gestures, better resistance to the emotional distance that the institution can induce. Caring for someone whose story you know is different from caring for a room number.<\/p><!-- [et_pb_line_break_holder] -->  <div class=\"pratique-box\"><!-- [et_pb_line_break_holder] -->    <div class=\"pratique-box-title\">\u2726 In practice \u2014 building a \u201ccaring biography\u201d<\/div><!-- [et_pb_line_break_holder] -->    <p>Encourage each caregiver to collect two or three key biographical elements from each resident they regularly care for \u2014 and to note them in the care file. Not the medical file \u2014 the life file. This information becomes entry points for daily reminiscence.<\/p><!-- [et_pb_line_break_holder] -->  <\/div><!-- [et_pb_line_break_holder] --><\/div><!-- [et_pb_line_break_holder] --><!-- [et_pb_line_break_holder] --><h2 id=\"famille\">7. Benefits for families<\/h2><!-- [et_pb_line_break_holder] --><!-- [et_pb_line_break_holder] --><p>Therapeutic reminiscence also has documented effects on the families of residents \u2014 particularly on close caregivers who have long accompanied a parent through illness.<\/p><!-- [et_pb_line_break_holder] --><!-- [et_pb_line_break_holder] --><p>Participating in reminiscence sessions with their loved one allows them to regain a form of relationship that is not defined by the disease \u2014 to see the person they once knew, and not just the patient they are accompanying. It reduces the feeling of anticipatory grief, the feeling of helplessness, and sometimes the guilt associated with institutionalization. And it strengthens their sense of being useful \u2014 they bring the photos, the objects, the stories that no one else can bring.<\/p><!-- [et_pb_line_break_holder] --><!-- [et_pb_line_break_holder] --><h2 id=\"stades\">8. According to the stages of the disease<\/h2><!-- [et_pb_line_break_holder] --><!-- [et_pb_line_break_holder] --><div class=\"key-points\"><!-- [et_pb_line_break_holder] -->  <h3>\u2726 Adapting reminiscence to the stages of the disease<\/h3><!-- [et_pb_line_break_holder] -->  <ul><!-- [et_pb_line_break_holder] -->    <li><strong>Mild stage<\/strong> \u2014 the person can participate in a structured life review, build a coherent narrative, express nuanced emotions. Reminiscence groups work well. Verbal communication is rich.<\/li><!-- [et_pb_line_break_holder] -->    <li><strong>Moderate stage<\/strong> \u2014 individual sessions are more suitable. Sensory supports (photos, music, objects) take more space than verbal narrative. Duration is reduced (20 to 30 minutes maximum). Emotions are still very accessible.<\/li><!-- [et_pb_line_break_holder] -->    <li><strong>Severe stage<\/strong> \u2014 sensory reminiscence (music, scents, textures) remains possible and beneficial. Non-verbal communication \u2014 smiling, eye contact, hand-holding \u2014 is at the forefront. The benefits are primarily emotional and relational.<\/li><!-- [et_pb_line_break_holder] -->  <\/ul><!-- [et_pb_line_break_holder] --><\/div><!-- [et_pb_line_break_holder] --><!-- [et_pb_line_break_holder] --><h2 id=\"limites\">9. The limits to know<\/h2><!-- [et_pb_line_break_holder] --><!-- [et_pb_line_break_holder] --><p>Therapeutic reminiscence is not an approach without risks or limits. Knowing it honestly allows for discerning practice.<\/p><!-- [et_pb_line_break_holder] --><!-- [et_pb_line_break_holder] --><p>Some memories can be painful \u2014 unresolved grief, trauma, regrets \u2014 and their emergence requires the caregiver's ability to welcome them without fleeing or amplifying them. Reminiscence is not indicated for individuals with obsessive reminiscence (compulsive return to negative memories) without specific psychological support.<\/p><!-- [et_pb_line_break_holder] --><!-- [et_pb_line_break_holder] --><p>Furthermore, the benefits are not permanent \u2014 they require regular practice to be maintained over time. An isolated session provides a moment of well-being; an integrated program within care produces lasting effects.<\/p><!-- [et_pb_line_break_holder] --><!-- [et_pb_line_break_holder] --><h2 id=\"integration\">10. Integrating reminiscence into the care plan<\/h2><!-- [et_pb_line_break_holder] --><!-- [et_pb_line_break_holder] --><p>For the benefits of reminiscence to be lasting and shared by the entire team, it must be integrated into the resident's personalized care plan \u2014 not left solely to the initiative of a few motivated caregivers. This involves gathering each resident's life story upon entry, sharing this information within the team, identifying suitable biographical supports, and training all staff on the basic principles and tools.<\/p><!-- [et_pb_line_break_holder] --><!-- [et_pb_line_break_holder] --><a href=\"https:\/\/www.dynseo.com\/courses\/la-reminiscence-therapeutique-revisiter-le-passe-pour-mieux-vivre-le-present\/\" class=\"internal-link\"><!-- [et_pb_line_break_holder] -->  <div class=\"internal-link-icon\">\ud83c\udf93<\/div><!-- [et_pb_line_break_holder] -->  <div class=\"internal-link-content\"><!-- [et_pb_line_break_holder] -->    <div class=\"internal-link-label\">Certified training<\/div><!-- [et_pb_line_break_holder] -->    <div class=\"internal-link-title\">Therapeutic reminiscence: revisiting the past to better live the present<\/div><!-- [et_pb_line_break_holder] -->    <div class=\"internal-link-desc\">DYNSEO Qualiopi training \u2014 benefits, protocols, supports, integration into the care plan.<\/div><!-- [et_pb_line_break_holder] -->  <\/div><!-- [et_pb_line_break_holder] -->  <div class=\"internal-link-arrow\">\u2192<\/div><!-- [et_pb_line_break_holder] --><\/a><!-- [et_pb_line_break_holder] --><!-- [et_pb_line_break_holder] --><div class=\"cta-box\"><!-- [et_pb_line_break_holder] -->  <h3>\ud83c\udf93 Train your team in therapeutic reminiscence<\/h3><!-- [et_pb_line_break_holder] -->  <p>DYNSEO training provides nursing home teams with the tools to understand and practice reminiscence \u2014 from individual sessions to integration into the care plan. Qualiopi certified.<\/p><!-- [et_pb_line_break_holder] -->  <div class=\"cta-buttons\"><!-- [et_pb_line_break_holder] -->    <a href=\"https:\/\/www.dynseo.com\/courses\/la-reminiscence-therapeutique-revisiter-le-passe-pour-mieux-vivre-le-present\/\" class=\"btn-cta-white\">\ud83d\udccb View the program<\/a><!-- [et_pb_line_break_holder] -->    <a href=\"https:\/\/www.dynseo.com\/formations\/\" class=\"btn-cta-outline\">All trainings \u2192<\/a><!-- [et_pb_line_break_holder] -->  <\/div><!-- [et_pb_line_break_holder] --><\/div><!-- [et_pb_line_break_holder] --><!-- [et_pb_line_break_holder] --><div class=\"article-tags\"><!-- [et_pb_line_break_holder] -->  <a href=\"#\" class=\"article-tag\">reminiscence Alzheimer's disease benefits<\/a><!-- [et_pb_line_break_holder] -->  <a href=\"#\" class=\"article-tag\">BPSD agitation reminiscence<\/a><!-- [et_pb_line_break_holder] -->  <a href=\"#\" class=\"article-tag\">depression residents nursing homes non-pharmacological<\/a><!-- [et_pb_line_break_holder] -->  <a href=\"#\" class=\"article-tag\">communication Alzheimer's disease memory<\/a><!-- [et_pb_line_break_holder] -->  <a href=\"#\" class=\"article-tag\">identity resident dementia<\/a><!-- [et_pb_line_break_holder] -->  <a href=\"#\" class=\"article-tag\">DYNSEO training caregivers<\/a><!-- [et_pb_line_break_holder] --><\/div><!-- [et_pb_line_break_holder] --><\/article><!-- [et_pb_line_break_holder] --><\/div><!-- [et_pb_line_break_holder] --><!-- [et_pb_line_break_holder] --><\/div>[\/et_pb_code][\/et_pb_column][\/et_pb_row][\/et_pb_section]","_et_gb_content_width":"","footnotes":""},"categories":[3582],"tags":[],"class_list":["post-515515","post","type-post","status-publish","format-standard","has-post-thumbnail","hentry","category-advice-from-our-coaches"],"yoast_head":"<!-- This site is optimized with the Yoast SEO plugin v27.4 - https:\/\/yoast.com\/product\/yoast-seo-wordpress\/ -->\n<title>R\u00e9miniscence th\u00e9rapeutique et Alzheimer : quels bienfaits concrets ? | DYNSEO - DYNSEO - Educational apps &amp; brain training apps for all<\/title>\n<meta name=\"robots\" content=\"index, follow, max-snippet:-1, max-image-preview:large, max-video-preview:-1\" \/>\n<link rel=\"canonical\" href=\"https:\/\/www.dynseo.com\/en\/reminiscence-therapeutique-et-alzheimer-quels-bienfaits-concrets-dynseo-2\/\" \/>\n<meta property=\"og:locale\" content=\"en_US\" \/>\n<meta property=\"og:type\" content=\"article\" \/>\n<meta property=\"og:title\" content=\"R\u00e9miniscence th\u00e9rapeutique et Alzheimer : quels bienfaits concrets ? | DYNSEO - DYNSEO - Educational apps &amp; brain training apps for all\" \/>\n<meta property=\"og:url\" content=\"https:\/\/www.dynseo.com\/en\/reminiscence-therapeutique-et-alzheimer-quels-bienfaits-concrets-dynseo-2\/\" \/>\n<meta property=\"og:site_name\" content=\"DYNSEO - Educational apps &amp; brain training apps for all\" \/>\n<meta property=\"article:published_time\" content=\"2026-03-12T09:24:03+00:00\" \/>\n<meta property=\"article:modified_time\" content=\"2026-03-12T11:24:06+00:00\" \/>\n<meta property=\"og:image\" content=\"https:\/\/www.dynseo.com\/wp-content\/uploads\/2024\/09\/seniors-mutuelle-1024x768.png\" \/>\n\t<meta property=\"og:image:width\" content=\"1024\" \/>\n\t<meta property=\"og:image:height\" content=\"768\" \/>\n\t<meta property=\"og:image:type\" content=\"image\/png\" \/>\n<meta name=\"author\" content=\"DYNSEO\" \/>\n<meta name=\"twitter:label1\" content=\"Written by\" \/>\n\t<meta name=\"twitter:data1\" content=\"DYNSEO\" \/>\n\t<meta name=\"twitter:label2\" content=\"Est. reading time\" \/>\n\t<meta name=\"twitter:data2\" content=\"8 minutes\" \/>\n<script type=\"application\/ld+json\" class=\"yoast-schema-graph\">{\"@context\":\"https:\\\/\\\/schema.org\",\"@graph\":[{\"@type\":\"Article\",\"@id\":\"https:\\\/\\\/www.dynseo.com\\\/en\\\/reminiscence-therapeutique-et-alzheimer-quels-bienfaits-concrets-dynseo-2\\\/#article\",\"isPartOf\":{\"@id\":\"https:\\\/\\\/www.dynseo.com\\\/en\\\/reminiscence-therapeutique-et-alzheimer-quels-bienfaits-concrets-dynseo-2\\\/\"},\"author\":{\"name\":\"DYNSEO\",\"@id\":\"https:\\\/\\\/www.dynseo.com\\\/en\\\/#\\\/schema\\\/person\\\/78ef63df2ee64e0989bc68f8401b38d6\"},\"headline\":\"R\u00e9miniscence th\u00e9rapeutique et Alzheimer : quels bienfaits concrets ? | DYNSEO\",\"datePublished\":\"2026-03-12T09:24:03+00:00\",\"dateModified\":\"2026-03-12T11:24:06+00:00\",\"mainEntityOfPage\":{\"@id\":\"https:\\\/\\\/www.dynseo.com\\\/en\\\/reminiscence-therapeutique-et-alzheimer-quels-bienfaits-concrets-dynseo-2\\\/\"},\"wordCount\":1591,\"publisher\":{\"@id\":\"https:\\\/\\\/www.dynseo.com\\\/en\\\/#organization\"},\"image\":{\"@id\":\"https:\\\/\\\/www.dynseo.com\\\/en\\\/reminiscence-therapeutique-et-alzheimer-quels-bienfaits-concrets-dynseo-2\\\/#primaryimage\"},\"thumbnailUrl\":\"https:\\\/\\\/www.dynseo.com\\\/wp-content\\\/uploads\\\/2024\\\/09\\\/seniors-mutuelle.png\",\"articleSection\":[\"Advice from our coaches\"],\"inLanguage\":\"en-US\"},{\"@type\":\"WebPage\",\"@id\":\"https:\\\/\\\/www.dynseo.com\\\/en\\\/reminiscence-therapeutique-et-alzheimer-quels-bienfaits-concrets-dynseo-2\\\/\",\"url\":\"https:\\\/\\\/www.dynseo.com\\\/en\\\/reminiscence-therapeutique-et-alzheimer-quels-bienfaits-concrets-dynseo-2\\\/\",\"name\":\"R\u00e9miniscence th\u00e9rapeutique et Alzheimer : quels bienfaits concrets ? | DYNSEO - DYNSEO - Educational apps &amp; brain training apps for all\",\"isPartOf\":{\"@id\":\"https:\\\/\\\/www.dynseo.com\\\/en\\\/#website\"},\"primaryImageOfPage\":{\"@id\":\"https:\\\/\\\/www.dynseo.com\\\/en\\\/reminiscence-therapeutique-et-alzheimer-quels-bienfaits-concrets-dynseo-2\\\/#primaryimage\"},\"image\":{\"@id\":\"https:\\\/\\\/www.dynseo.com\\\/en\\\/reminiscence-therapeutique-et-alzheimer-quels-bienfaits-concrets-dynseo-2\\\/#primaryimage\"},\"thumbnailUrl\":\"https:\\\/\\\/www.dynseo.com\\\/wp-content\\\/uploads\\\/2024\\\/09\\\/seniors-mutuelle.png\",\"datePublished\":\"2026-03-12T09:24:03+00:00\",\"dateModified\":\"2026-03-12T11:24:06+00:00\",\"breadcrumb\":{\"@id\":\"https:\\\/\\\/www.dynseo.com\\\/en\\\/reminiscence-therapeutique-et-alzheimer-quels-bienfaits-concrets-dynseo-2\\\/#breadcrumb\"},\"inLanguage\":\"en-US\",\"potentialAction\":[{\"@type\":\"ReadAction\",\"target\":[\"https:\\\/\\\/www.dynseo.com\\\/en\\\/reminiscence-therapeutique-et-alzheimer-quels-bienfaits-concrets-dynseo-2\\\/\"]}]},{\"@type\":\"ImageObject\",\"inLanguage\":\"en-US\",\"@id\":\"https:\\\/\\\/www.dynseo.com\\\/en\\\/reminiscence-therapeutique-et-alzheimer-quels-bienfaits-concrets-dynseo-2\\\/#primaryimage\",\"url\":\"https:\\\/\\\/www.dynseo.com\\\/wp-content\\\/uploads\\\/2024\\\/09\\\/seniors-mutuelle.png\",\"contentUrl\":\"https:\\\/\\\/www.dynseo.com\\\/wp-content\\\/uploads\\\/2024\\\/09\\\/seniors-mutuelle.png\",\"width\":2000,\"height\":1500,\"caption\":\"Discover the Joy of Learning with Educational Tablets\"},{\"@type\":\"BreadcrumbList\",\"@id\":\"https:\\\/\\\/www.dynseo.com\\\/en\\\/reminiscence-therapeutique-et-alzheimer-quels-bienfaits-concrets-dynseo-2\\\/#breadcrumb\",\"itemListElement\":[{\"@type\":\"ListItem\",\"position\":1,\"name\":\"Accueil\",\"item\":\"https:\\\/\\\/www.dynseo.com\\\/en\\\/\"},{\"@type\":\"ListItem\",\"position\":2,\"name\":\"R\u00e9miniscence th\u00e9rapeutique et Alzheimer : quels bienfaits concrets ? | DYNSEO\"}]},{\"@type\":\"WebSite\",\"@id\":\"https:\\\/\\\/www.dynseo.com\\\/en\\\/#website\",\"url\":\"https:\\\/\\\/www.dynseo.com\\\/en\\\/\",\"name\":\"Jeux de m\u00e9moire et stimulation cognitive\",\"description\":\"DYNSEO, and your brain is a new hero!\",\"publisher\":{\"@id\":\"https:\\\/\\\/www.dynseo.com\\\/en\\\/#organization\"},\"potentialAction\":[{\"@type\":\"SearchAction\",\"target\":{\"@type\":\"EntryPoint\",\"urlTemplate\":\"https:\\\/\\\/www.dynseo.com\\\/en\\\/?s={search_term_string}\"},\"query-input\":{\"@type\":\"PropertyValueSpecification\",\"valueRequired\":true,\"valueName\":\"search_term_string\"}}],\"inLanguage\":\"en-US\"},{\"@type\":\"Organization\",\"@id\":\"https:\\\/\\\/www.dynseo.com\\\/en\\\/#organization\",\"name\":\"DYNSEO\",\"url\":\"https:\\\/\\\/www.dynseo.com\\\/en\\\/\",\"logo\":{\"@type\":\"ImageObject\",\"inLanguage\":\"en-US\",\"@id\":\"https:\\\/\\\/www.dynseo.com\\\/en\\\/#\\\/schema\\\/logo\\\/image\\\/\",\"url\":\"https:\\\/\\\/www.dynseo.com\\\/wp-content\\\/uploads\\\/2022\\\/05\\\/logo-dynseo-new.png\",\"contentUrl\":\"https:\\\/\\\/www.dynseo.com\\\/wp-content\\\/uploads\\\/2022\\\/05\\\/logo-dynseo-new.png\",\"width\":5073,\"height\":1397,\"caption\":\"DYNSEO\"},\"image\":{\"@id\":\"https:\\\/\\\/www.dynseo.com\\\/en\\\/#\\\/schema\\\/logo\\\/image\\\/\"}},{\"@type\":\"Person\",\"@id\":\"https:\\\/\\\/www.dynseo.com\\\/en\\\/#\\\/schema\\\/person\\\/78ef63df2ee64e0989bc68f8401b38d6\",\"name\":\"DYNSEO\",\"url\":\"https:\\\/\\\/www.dynseo.com\\\/en\\\/author\\\/justine\\\/\"}]}<\/script>\n<!-- \/ Yoast SEO plugin. -->","yoast_head_json":{"title":"R\u00e9miniscence th\u00e9rapeutique et Alzheimer : quels bienfaits concrets ? | DYNSEO - DYNSEO - Educational apps &amp; brain training apps for all","robots":{"index":"index","follow":"follow","max-snippet":"max-snippet:-1","max-image-preview":"max-image-preview:large","max-video-preview":"max-video-preview:-1"},"canonical":"https:\/\/www.dynseo.com\/en\/reminiscence-therapeutique-et-alzheimer-quels-bienfaits-concrets-dynseo-2\/","og_locale":"en_US","og_type":"article","og_title":"R\u00e9miniscence th\u00e9rapeutique et Alzheimer : quels bienfaits concrets ? | DYNSEO - DYNSEO - Educational apps &amp; brain training apps for all","og_url":"https:\/\/www.dynseo.com\/en\/reminiscence-therapeutique-et-alzheimer-quels-bienfaits-concrets-dynseo-2\/","og_site_name":"DYNSEO - Educational apps &amp; brain training apps for all","article_published_time":"2026-03-12T09:24:03+00:00","article_modified_time":"2026-03-12T11:24:06+00:00","og_image":[{"width":1024,"height":768,"url":"https:\/\/www.dynseo.com\/wp-content\/uploads\/2024\/09\/seniors-mutuelle-1024x768.png","type":"image\/png"}],"author":"DYNSEO","twitter_misc":{"Written by":"DYNSEO","Est. reading time":"8 minutes"},"schema":{"@context":"https:\/\/schema.org","@graph":[{"@type":"Article","@id":"https:\/\/www.dynseo.com\/en\/reminiscence-therapeutique-et-alzheimer-quels-bienfaits-concrets-dynseo-2\/#article","isPartOf":{"@id":"https:\/\/www.dynseo.com\/en\/reminiscence-therapeutique-et-alzheimer-quels-bienfaits-concrets-dynseo-2\/"},"author":{"name":"DYNSEO","@id":"https:\/\/www.dynseo.com\/en\/#\/schema\/person\/78ef63df2ee64e0989bc68f8401b38d6"},"headline":"R\u00e9miniscence th\u00e9rapeutique et Alzheimer : quels bienfaits concrets ? | DYNSEO","datePublished":"2026-03-12T09:24:03+00:00","dateModified":"2026-03-12T11:24:06+00:00","mainEntityOfPage":{"@id":"https:\/\/www.dynseo.com\/en\/reminiscence-therapeutique-et-alzheimer-quels-bienfaits-concrets-dynseo-2\/"},"wordCount":1591,"publisher":{"@id":"https:\/\/www.dynseo.com\/en\/#organization"},"image":{"@id":"https:\/\/www.dynseo.com\/en\/reminiscence-therapeutique-et-alzheimer-quels-bienfaits-concrets-dynseo-2\/#primaryimage"},"thumbnailUrl":"https:\/\/www.dynseo.com\/wp-content\/uploads\/2024\/09\/seniors-mutuelle.png","articleSection":["Advice from our coaches"],"inLanguage":"en-US"},{"@type":"WebPage","@id":"https:\/\/www.dynseo.com\/en\/reminiscence-therapeutique-et-alzheimer-quels-bienfaits-concrets-dynseo-2\/","url":"https:\/\/www.dynseo.com\/en\/reminiscence-therapeutique-et-alzheimer-quels-bienfaits-concrets-dynseo-2\/","name":"R\u00e9miniscence th\u00e9rapeutique et Alzheimer : quels bienfaits concrets ? | DYNSEO - DYNSEO - Educational apps &amp; brain training apps for all","isPartOf":{"@id":"https:\/\/www.dynseo.com\/en\/#website"},"primaryImageOfPage":{"@id":"https:\/\/www.dynseo.com\/en\/reminiscence-therapeutique-et-alzheimer-quels-bienfaits-concrets-dynseo-2\/#primaryimage"},"image":{"@id":"https:\/\/www.dynseo.com\/en\/reminiscence-therapeutique-et-alzheimer-quels-bienfaits-concrets-dynseo-2\/#primaryimage"},"thumbnailUrl":"https:\/\/www.dynseo.com\/wp-content\/uploads\/2024\/09\/seniors-mutuelle.png","datePublished":"2026-03-12T09:24:03+00:00","dateModified":"2026-03-12T11:24:06+00:00","breadcrumb":{"@id":"https:\/\/www.dynseo.com\/en\/reminiscence-therapeutique-et-alzheimer-quels-bienfaits-concrets-dynseo-2\/#breadcrumb"},"inLanguage":"en-US","potentialAction":[{"@type":"ReadAction","target":["https:\/\/www.dynseo.com\/en\/reminiscence-therapeutique-et-alzheimer-quels-bienfaits-concrets-dynseo-2\/"]}]},{"@type":"ImageObject","inLanguage":"en-US","@id":"https:\/\/www.dynseo.com\/en\/reminiscence-therapeutique-et-alzheimer-quels-bienfaits-concrets-dynseo-2\/#primaryimage","url":"https:\/\/www.dynseo.com\/wp-content\/uploads\/2024\/09\/seniors-mutuelle.png","contentUrl":"https:\/\/www.dynseo.com\/wp-content\/uploads\/2024\/09\/seniors-mutuelle.png","width":2000,"height":1500,"caption":"Discover the Joy of Learning with Educational Tablets"},{"@type":"BreadcrumbList","@id":"https:\/\/www.dynseo.com\/en\/reminiscence-therapeutique-et-alzheimer-quels-bienfaits-concrets-dynseo-2\/#breadcrumb","itemListElement":[{"@type":"ListItem","position":1,"name":"Accueil","item":"https:\/\/www.dynseo.com\/en\/"},{"@type":"ListItem","position":2,"name":"R\u00e9miniscence th\u00e9rapeutique et Alzheimer : quels bienfaits concrets ? | DYNSEO"}]},{"@type":"WebSite","@id":"https:\/\/www.dynseo.com\/en\/#website","url":"https:\/\/www.dynseo.com\/en\/","name":"Jeux de m\u00e9moire et stimulation cognitive","description":"DYNSEO, and your brain is a new hero!","publisher":{"@id":"https:\/\/www.dynseo.com\/en\/#organization"},"potentialAction":[{"@type":"SearchAction","target":{"@type":"EntryPoint","urlTemplate":"https:\/\/www.dynseo.com\/en\/?s={search_term_string}"},"query-input":{"@type":"PropertyValueSpecification","valueRequired":true,"valueName":"search_term_string"}}],"inLanguage":"en-US"},{"@type":"Organization","@id":"https:\/\/www.dynseo.com\/en\/#organization","name":"DYNSEO","url":"https:\/\/www.dynseo.com\/en\/","logo":{"@type":"ImageObject","inLanguage":"en-US","@id":"https:\/\/www.dynseo.com\/en\/#\/schema\/logo\/image\/","url":"https:\/\/www.dynseo.com\/wp-content\/uploads\/2022\/05\/logo-dynseo-new.png","contentUrl":"https:\/\/www.dynseo.com\/wp-content\/uploads\/2022\/05\/logo-dynseo-new.png","width":5073,"height":1397,"caption":"DYNSEO"},"image":{"@id":"https:\/\/www.dynseo.com\/en\/#\/schema\/logo\/image\/"}},{"@type":"Person","@id":"https:\/\/www.dynseo.com\/en\/#\/schema\/person\/78ef63df2ee64e0989bc68f8401b38d6","name":"DYNSEO","url":"https:\/\/www.dynseo.com\/en\/author\/justine\/"}]}},"_links":{"self":[{"href":"https:\/\/www.dynseo.com\/en\/wp-json\/wp\/v2\/posts\/515515","targetHints":{"allow":["GET"]}}],"collection":[{"href":"https:\/\/www.dynseo.com\/en\/wp-json\/wp\/v2\/posts"}],"about":[{"href":"https:\/\/www.dynseo.com\/en\/wp-json\/wp\/v2\/types\/post"}],"author":[{"embeddable":true,"href":"https:\/\/www.dynseo.com\/en\/wp-json\/wp\/v2\/users\/4"}],"replies":[{"embeddable":true,"href":"https:\/\/www.dynseo.com\/en\/wp-json\/wp\/v2\/comments?post=515515"}],"version-history":[{"count":3,"href":"https:\/\/www.dynseo.com\/en\/wp-json\/wp\/v2\/posts\/515515\/revisions"}],"predecessor-version":[{"id":515798,"href":"https:\/\/www.dynseo.com\/en\/wp-json\/wp\/v2\/posts\/515515\/revisions\/515798"}],"wp:featuredmedia":[{"embeddable":true,"href":"https:\/\/www.dynseo.com\/en\/wp-json\/wp\/v2\/media\/378853"}],"wp:attachment":[{"href":"https:\/\/www.dynseo.com\/en\/wp-json\/wp\/v2\/media?parent=515515"}],"wp:term":[{"taxonomy":"category","embeddable":true,"href":"https:\/\/www.dynseo.com\/en\/wp-json\/wp\/v2\/categories?post=515515"},{"taxonomy":"post_tag","embeddable":true,"href":"https:\/\/www.dynseo.com\/en\/wp-json\/wp\/v2\/tags?post=515515"}],"curies":[{"name":"wp","href":"https:\/\/api.w.org\/{rel}","templated":true}]}}