{"id":281579,"date":"2025-07-10T12:06:50","date_gmt":"2025-07-10T10:06:50","guid":{"rendered":"https:\/\/www.dynseo.com\/que-es-el-autismo-no-verbal\/"},"modified":"2026-04-18T09:47:29","modified_gmt":"2026-04-18T07:47:29","slug":"que-es-el-autismo-no-verbal","status":"publish","type":"post","link":"https:\/\/www.dynseo.com\/es\/que-es-el-autismo-no-verbal\/","title":{"rendered":"\u00bfQu\u00e9 es el autismo no verbal?"},"content":{"rendered":"<p>[et_pb_section fb_built=\u00bb1&#8243; _builder_version=\u00bb4.16&#8243; custom_padding=\u00bb0px|0px|0px|0px|false|false\u00bb margin_top=\u00bb0px\u00bb margin_bottom=\u00bb0px\u00bb global_colors_info=\u00bb{}\u00bb][et_pb_row _builder_version=\u00bb4.16&#8243; custom_padding=\u00bb0px|0px|0px|0px|false|false\u00bb margin_top=\u00bb0px\u00bb margin_bottom=\u00bb0px\u00bb column_structure=\u00bb4_4&#8243; global_colors_info=\u00bb{}\u00bb][et_pb_column type=\u00bb4_4&#8243; _builder_version=\u00bb4.16&#8243; custom_padding=\u00bb0px|0px|0px|0px|false|false\u00bb global_colors_info=\u00bb{}\u00bb][et_pb_code _builder_version=\u00bb4.16&#8243; custom_padding=\u00bb0px|0px|0px|0px|false|false\u00bb global_colors_info=\u00bb{}\u00bb]<\/p>\n<style>\n        :root {\n            --blue: #5e5ed7;\n            --blue-dark: #5268c9;\n            --teal: #a9e2e4;\n            --yellow: #ffeca7;\n            --rose: #e73469;\n            --white: #ffffff;\n            --gray-light: #f8f9fa;\n            --gray: #6c757d;\n            --dark: #343a40;\n        }<\/p>\n<p>        * {\n            margin: 0;\n            padding: 0;\n            box-sizing: border-box;\n        }<\/p>\n<p>        body {\n            font-family: 'Poppins', sans-serif;\n            line-height: 1.6;\n            color: var(--dark);\n        }<\/p>\n<p>        .article-hero {\n            background: linear-gradient(135deg, var(--blue) 0%, var(--blue-dark) 100%);\n            color: white;\n            padding: 60px 0 120px;\n            position: relative;\n            overflow: hidden;\n        }<\/p>\n<p>        .article-hero::before {\n            content: '';\n            position: absolute;\n            top: 0;\n            left: 0;\n            right: 0;\n            bottom: 0;\n            background: url('data:image\/svg+xml,<svg xmlns=\"http:\/\/www.w3.org\/2000\/svg\" viewBox=\"0 0 100 100\"><circle cx=\"20\" cy=\"20\" r=\"2\" fill=\"rgba(255,255,255,0.1)\"\/><circle cx=\"80\" cy=\"40\" r=\"1\" fill=\"rgba(255,255,255,0.1)\"\/><circle cx=\"40\" cy=\"80\" r=\"1.5\" fill=\"rgba(255,255,255,0.1)\"\/><\/svg>');\n            animation: float 20s ease-in-out infinite;\n        }<\/p>\n<p>        @keyframes float {\n            0%, 100% { transform: translateY(0px) rotate(0deg); }\n            50% { transform: translateY(-20px) rotate(180deg); }\n        }<\/p>\n<p>        .article-hero-inner {\n            max-width: 1200px;\n            margin: 0 auto;\n            padding: 0 20px;\n            position: relative;\n            z-index: 2;\n        }<\/p>\n<p>        .article-breadcrumb {\n            margin-bottom: 20px;\n            font-size: 14px;\n            opacity: 0.9;\n        }<\/p>\n<p>        .article-breadcrumb a {\n            color: white;\n            text-decoration: none;\n        }<\/p>\n<p>        .article-category {\n            display: inline-block;\n            background: var(--rose);\n            color: white;\n            padding: 8px 16px;\n            border-radius: 20px;\n            font-size: 14px;\n            font-weight: 500;\n            margin-bottom: 20px;\n        }<\/p>\n<p>        .article-hero h1 {\n            font-family: 'Montserrat', sans-serif;\n            font-size: 3.2rem;\n            font-weight: 700;\n            line-height: 1.2;\n            margin-bottom: 24px;\n        }<\/p>\n<p>        .hl {\n            background: var(--yellow);\n            color: var(--dark);\n            padding: 4px 8px;\n            border-radius: 6px;\n        }<\/p>\n<p>        .article-meta {\n            display: flex;\n            gap: 30px;\n            flex-wrap: wrap;\n            margin-bottom: 30px;\n            font-size: 15px;\n        }<\/p>\n<p>        .article-meta > div {\n            display: flex;\n            align-items: center;\n            gap: 8px;\n        }<\/p>\n<p>        .stars {\n            color: var(--yellow);\n            font-size: 18px;\n        }<\/p>\n<p>        .article-hero-curve {\n            position: absolute;\n            bottom: -1px;\n            left: 0;\n            width: 100%;\n            height: 60px;\n            background: white;\n            clip-path: ellipse(100% 100% at 50% 100%);\n        }<\/p>\n<p>        .article-body {\n            background: white;\n            position: relative;\n            z-index: 3;\n        }<\/p>\n<p>        .container {\n            max-width: 1200px;\n            margin: 0 auto;\n            padding: 0 20px;\n        }<\/p>\n<p>        .intro-block {\n            background: var(--gray-light);\n            padding: 40px;\n            border-radius: 16px;\n            margin: 60px 0;\n            border-left: 6px solid var(--blue);\n            font-size: 18px;\n            line-height: 1.8;\n        }<\/p>\n<p>        .stats-grid {\n            display: grid;\n            grid-template-columns: repeat(auto-fit, minmax(280px, 1fr));\n            gap: 30px;\n            margin: 60px 0;\n        }<\/p>\n<p>        .stat-card {\n            background: linear-gradient(135deg, var(--teal) 0%, var(--blue) 100%);\n            color: white;\n            padding: 40px 30px;\n            border-radius: 20px;\n            text-align: center;\n            box-shadow: 0 10px 30px rgba(0,0,0,0.1);\n            transform: translateY(0);\n            transition: transform 0.3s ease;\n        }<\/p>\n<p>        .stat-card:hover {\n            transform: translateY(-5px);\n        }<\/p>\n<p>        .stat-card .number {\n            font-family: 'Montserrat', sans-serif;\n            font-size: 3rem;\n            font-weight: 700;\n            margin-bottom: 10px;\n            display: block;\n        }<\/p>\n<p>        .stat-card .label {\n            font-size: 16px;\n            opacity: 0.95;\n            line-height: 1.4;\n        }<\/p>\n<p>        .article-body h2 {\n            font-family: 'Montserrat', sans-serif;\n            font-size: 2.4rem;\n            font-weight: 600;\n            color: var(--blue-dark);\n            margin: 60px 0 30px;\n            padding-bottom: 15px;\n            border-bottom: 3px solid var(--teal);\n            position: relative;\n        }<\/p>\n<p>        .article-body h2::before {\n            content: counter(section);\n            counter-increment: section;\n            background: var(--blue);\n            color: white;\n            width: 40px;\n            height: 40px;\n            border-radius: 50%;\n            display: flex;\n            align-items: center;\n            justify-content: center;\n            font-size: 18px;\n            font-weight: 600;\n            position: absolute;\n            left: -60px;\n            top: 5px;\n        }<\/p>\n<p>        .article-body {\n            counter-reset: section;\n        }<\/p>\n<p>        .article-body h3 {\n            font-family: 'Montserrat', sans-serif;\n            font-size: 1.8rem;\n            font-weight: 600;\n            color: var(--blue-dark);\n            margin: 40px 0 20px;\n        }<\/p>\n<p>        .article-body p {\n            margin-bottom: 20px;\n            line-height: 1.8;\n            font-size: 16px;\n        }<\/p>\n<p>        .conseil-card {\n            background: var(--yellow);\n            padding: 30px;\n            border-radius: 16px;\n            margin: 30px 0;\n            border-left: 6px solid var(--rose);\n            position: relative;\n        }<\/p>\n<p>        .conseil-card::before {\n            content: \"\ud83d\udca1\";\n            font-size: 24px;\n            position: absolute;\n            top: 20px;\n            right: 20px;\n        }<\/p>\n<p>        .key-points {\n            background: var(--gray-light);\n            padding: 30px;\n            border-radius: 16px;\n            margin: 30px 0;\n        }<\/p>\n<p>        .key-points h4 {\n            font-family: 'Montserrat', sans-serif;\n            font-size: 1.3rem;\n            font-weight: 600;\n            color: var(--blue-dark);\n            margin-bottom: 20px;\n        }<\/p>\n<p>        .key-points ul {\n            list-style: none;\n            padding-left: 0;\n        }<\/p>\n<p>        .key-points li {\n            position: relative;\n            padding-left: 30px;\n            margin-bottom: 15px;\n            line-height: 1.6;\n        }<\/p>\n<p>        .key-points li::before {\n            content: \"\u2713\";\n            position: absolute;\n            left: 0;\n            color: var(--blue);\n            font-weight: bold;\n            font-size: 18px;\n        }<\/p>\n<p>        .tip-box {\n            background: linear-gradient(135deg, var(--teal) 0%, rgba(169, 226, 228, 0.3) 100%);\n            padding: 25px;\n            border-radius: 12px;\n            margin: 25px 0;\n            border: 2px solid var(--teal);\n        }<\/p>\n<p>        .tip-box-label {\n            font-family: 'Montserrat', sans-serif;\n            font-weight: 600;\n            color: var(--blue-dark);\n            font-size: 16px;\n            margin-bottom: 15px;\n            display: flex;\n            align-items: center;\n            gap: 10px;\n        }<\/p>\n<p>        .tip-box-label::before {\n            content: \"\ud83d\udca1\";\n            font-size: 20px;\n        }<\/p>\n<p>        .expert-box {\n            background: linear-gradient(135deg, var(--blue) 0%, var(--blue-dark) 100%);\n            color: white;\n            padding: 40px;\n            border-radius: 20px;\n            margin: 40px 0;\n            position: relative;\n            overflow: hidden;\n        }<\/p>\n<p>        .expert-box::before {\n            content: '';\n            position: absolute;\n            top: -50%;\n            right: -50%;\n            width: 100%;\n            height: 100%;\n            background: radial-gradient(circle, rgba(255,255,255,0.1) 0%, transparent 70%);\n            transform: rotate(45deg);\n        }<\/p>\n<p>        .expert-box-label {\n            font-size: 14px;\n            text-transform: uppercase;\n            letter-spacing: 1px;\n            opacity: 0.9;\n            margin-bottom: 15px;\n        }<\/p>\n<p>        .expert-box-title {\n            font-family: 'Montserrat', sans-serif;\n            font-size: 1.5rem;\n            font-weight: 600;\n            margin-bottom: 20px;\n        }<\/p>\n<p>        .expert-inner {\n            background: rgba(255,255,255,0.1);\n            padding: 25px;\n            border-radius: 12px;\n            margin-top: 20px;\n        }<\/p>\n<p>        .expert-inner-title {\n            font-family: 'Montserrat', sans-serif;\n            font-size: 1.2rem;\n            font-weight: 600;\n            margin-bottom: 15px;\n        }<\/p>\n<p>        .faq-list {\n            margin: 60px 0;\n        }<\/p>\n<p>        .faq-list h2 {\n            text-align: center;\n            margin-bottom: 40px;\n        }<\/p>\n<p>        .faq-item {\n            background: white;\n            border: 2px solid var(--gray-light);\n            border-radius: 12px;\n            margin-bottom: 15px;\n            overflow: hidden;\n            transition: all 0.3s ease;\n        }<\/p>\n<p>        .faq-item:hover {\n            border-color: var(--teal);\n        }<\/p>\n<p>        .faq-item.open {\n            border-color: var(--blue);\n        }<\/p>\n<p>        .faq-q {\n            padding: 25px;\n            cursor: pointer;\n            display: flex;\n            justify-content: space-between;\n            align-items: center;\n            font-family: 'Montserrat', sans-serif;\n            font-weight: 600;\n            font-size: 18px;\n            color: var(--blue-dark);\n            background: var(--gray-light);\n            transition: background 0.3s ease;\n        }<\/p>\n<p>        .faq-item.open .faq-q {\n            background: var(--blue);\n            color: white;\n        }<\/p>\n<p>        .faq-icon {\n            font-size: 24px;\n            font-weight: bold;\n            transition: transform 0.3s ease;\n        }<\/p>\n<p>        .faq-item.open .faq-icon {\n            transform: rotate(45deg);\n        }<\/p>\n<p>        .faq-a {\n            padding: 0 25px;\n            max-height: 0;\n            overflow: hidden;\n            transition: all 0.3s ease;\n            line-height: 1.7;\n        }<\/p>\n<p>        .faq-item.open .faq-a {\n            padding: 25px;\n            max-height: 1000px;\n        }<\/p>\n<p>        .cta-box {\n            background: linear-gradient(135deg, var(--rose) 0%, var(--blue) 100%);\n            color: white;\n            padding: 50px 40px;\n            border-radius: 20px;\n            text-align: center;\n            margin: 60px 0;\n        }<\/p>\n<p>        .cta-box h3 {\n            font-family: 'Montserrat', sans-serif;\n            font-size: 2rem;\n            font-weight: 600;\n            margin-bottom: 20px;\n        }<\/p>\n<p>        .cta-box p {\n            font-size: 18px;\n            margin-bottom: 30px;\n            opacity: 0.95;\n        }<\/p>\n<p>        .cta-buttons {\n            display: flex;\n            gap: 20px;\n            justify-content: center;\n            flex-wrap: wrap;\n        }<\/p>\n<p>        .btn-white {\n            background: white;\n            color: var(--blue);\n            padding: 15px 30px;\n            border-radius: 50px;\n            text-decoration: none;\n            font-weight: 600;\n            font-size: 16px;\n            transition: all 0.3s ease;\n            border: 2px solid white;\n        }<\/p>\n<p>        .btn-white:hover {\n            background: transparent;\n            color: white;\n        }<\/p>\n<p>        .btn-outline {\n            background: transparent;\n            color: white;\n            padding: 15px 30px;\n            border-radius: 50px;\n            text-decoration: none;\n            font-weight: 600;\n            font-size: 16px;\n            border: 2px solid white;\n            transition: all 0.3s ease;\n        }<\/p>\n<p>        .btn-outline:hover {\n            background: white;\n            color: var(--blue);\n        }<\/p>\n<p>        .article-tags {\n            margin: 60px 0;\n            padding: 30px 0;\n            border-top: 2px solid var(--gray-light);\n        }<\/p>\n<p>        .article-tags h4 {\n            font-family: 'Montserrat', sans-serif;\n            font-weight: 600;\n            margin-bottom: 20px;\n            color: var(--blue-dark);\n        }<\/p>\n<p>        .article-tag {\n            display: inline-block;\n            background: var(--teal);\n            color: var(--blue-dark);\n            padding: 8px 16px;\n            border-radius: 20px;\n            margin: 5px 10px 5px 0;\n            text-decoration: none;\n            font-size: 14px;\n            font-weight: 500;\n            transition: all 0.3s ease;\n        }<\/p>\n<p>        .article-tag:hover {\n            background: var(--blue);\n            color: white;\n        }<\/p>\n<p>        @media (max-width: 768px) {\n            .article-hero h1 {\n                font-size: 2.5rem;\n            }<\/p>\n<p>            .article-meta {\n                flex-direction: column;\n                gap: 15px;\n            }<\/p>\n<p>            .stats-grid {\n                grid-template-columns: 1fr;\n            }<\/p>\n<p>            .article-body h2::before {\n                position: relative;\n                left: 0;\n                margin-right: 15px;\n                margin-bottom: 15px;\n            }<\/p>\n<p>            .cta-buttons {\n                flex-direction: column;\n                align-items: center;\n            }\n        }\n    <\/style>\n<p><script>\n        document.querySelectorAll('.faq-q').forEach(function(button) {\n            button.addEventListener('click', function() {\n                button.closest('.faq-item').classList.toggle('open');\n            });\n        });\n    <\/script>\n<link href=\"https:\/\/fonts.googleapis.com\/css2?family=Montserrat:wght@400;500;600;700&#038;family=Poppins:wght@300;400;500;600&#038;display=swap\" rel=\"stylesheet\">\n<section class=\"article-hero\">\n<div class=\"article-hero-inner\">\n<div class=\"article-breadcrumb\">\n                <a href=\"https:\/\/www.dynseo.com\/es\/\">Inicio<\/a> > <a href=\"https:\/\/www.dynseo.com\/blog\">Blog<\/a> > Autismo no verbal\n            <\/div>\n<div class=\"article-category\">Trastornos aut\u00edsticos<\/div>\n<h1>\u00bfQu\u00e9 es <span class=\"hl\">el autismo no verbal<\/span>? Gu\u00eda completa 2026<\/h1>\n<div class=\"article-meta\">\n<div>\ud83d\udcc5 Publicado en Abril 2026<\/div>\n<div>\u23f1\ufe0f 15 min de lectura<\/div>\n<div>\ud83d\udc65 Familias y profesionales<\/div>\n<div class=\"stars\">\u2b50\u2b50\u2b50\u2b50\u2b50 4.8\/5<\/div>\n<\/p><\/div>\n<\/p><\/div>\n<div class=\"article-hero-curve\"><\/div>\n<\/section>\n<div class=\"article-body\">\n<div class=\"container\">\n<div class=\"intro-block\">\n                <pee><strong>El autismo no verbal representa una realidad compleja que afecta a numerosas familias francesas.<\/strong> A diferencia de las ideas preconcebidas, la ausencia de lenguaje oral no significa la ausencia de capacidades de comunicaci\u00f3n. Estos ni\u00f1os y adultos poseen un potencial de expresi\u00f3n rico, que simplemente requiere enfoques adaptados y herramientas especializadas. La comprensi\u00f3n de sus necesidades espec\u00edficas permite abrir nuevos horizontes de desarrollo y crecimiento. El acompa\u00f1amiento temprano y personalizado es la clave para una inclusi\u00f3n exitosa en todos los entornos de vida. Este enfoque global no solo favorece la autonom\u00eda de la persona, sino que tambi\u00e9n enriquece la din\u00e1mica familiar y social.<\/pee>\n            <\/div>\n<div class=\"stats-grid\">\n<div class=\"stat-card\">\n                    <span class=\"number\">25-30%<\/span><br \/>\n                    <span class=\"label\">de las personas autistas permanecen no verbales en la edad adulta<\/span>\n                <\/div>\n<div class=\"stat-card\">\n                    <span class=\"number\">8000<\/span><br \/>\n                    <span class=\"label\">ni\u00f1os diagnosticados como autistas cada a\u00f1o en Francia<\/span>\n                <\/div>\n<div class=\"stat-card\">\n                    <span class=\"number\">90%<\/span><br \/>\n                    <span class=\"label\">de mejora con un acompa\u00f1amiento temprano adaptado<\/span>\n                <\/div>\n<div class=\"stat-card\">\n                    <span class=\"number\">100%<\/span><br \/>\n                    <span class=\"label\">de los ni\u00f1os pueden desarrollar una forma de comunicaci\u00f3n<\/span>\n                <\/div>\n<\/p><\/div>\n<h2>Comprender el autismo no verbal: definici\u00f3n y caracter\u00edsticas<\/h2>\n<pee>El autismo no verbal no constituye una categor\u00eda diagn\u00f3stica distinta, sino m\u00e1s bien una manifestaci\u00f3n particular de los trastornos del espectro autista (TEA). Esta condici\u00f3n se caracteriza por dificultades significativas o una ausencia completa de desarrollo del lenguaje oral, sin que esto implique una deficiencia cognitiva global. Las personas afectadas generalmente presentan las mismas caracter\u00edsticas fundamentales del autismo: dificultades en las interacciones sociales, comportamientos repetitivos, intereses restringidos e hipersensibilidades sensoriales.<\/pee>\n<pee>La diversidad de perfiles es notable dentro de esta poblaci\u00f3n. Algunos ni\u00f1os no desarrollan ninguna palabra, mientras que otros adquieren un vocabulario limitado que utilizan de manera no funcional o que pierden progresivamente. Esta variabilidad subraya la importancia de una evaluaci\u00f3n individualizada y de un acompa\u00f1amiento personalizado para cada persona.<\/pee>\n<pee>Los mecanismos neurol\u00f3gicos subyacentes al autismo no verbal a menudo implican particularidades en el desarrollo de las \u00e1reas cerebrales dedicadas al lenguaje y a la comunicaci\u00f3n social. Estas diferencias neurobiol\u00f3gicas no excluyen la posibilidad de aprendizaje y adaptaci\u00f3n, pero requieren estrategias pedag\u00f3gicas espec\u00edficas y herramientas de comunicaci\u00f3n alternativas.<\/pee>\n<div class=\"conseil-card\">\n<h4>Consejo de experto DYNSEO<\/h4>\n<pee>La observaci\u00f3n atenta de los intentos de comunicaci\u00f3n no verbal constituye el primer paso hacia un acompa\u00f1amiento eficaz. Cada gesto, mirada o comportamiento puede llevar un mensaje intencional que conviene decodificar y valorar.<\/pee>\n            <\/div>\n<div class=\"key-points\">\n<h4>Puntos clave a recordar:<\/h4>\n<ul>\n<li>El autismo no verbal no es sin\u00f3nimo de ausencia de comunicaci\u00f3n<\/li>\n<li>Cada perfil presenta especificidades \u00fanicas que requieren un enfoque personalizado<\/li>\n<li>Las capacidades cognitivas pueden ser preservadas a pesar de la ausencia de lenguaje oral<\/li>\n<li>La intervenci\u00f3n temprana maximiza las posibilidades de desarrollo comunicacional<\/li>\n<\/ul><\/div>\n<h2>Los mecanismos de comunicaci\u00f3n alternativa en las personas no verbales<\/h2>\n<pee>La comunicaci\u00f3n en las personas autistas no verbales se expresa a trav\u00e9s de una multitud de canales a menudo desconocidos o subestimados por el entorno. Estas modalidades de expresi\u00f3n incluyen gestos, expresiones faciales, movimientos corporales, vocalizaciones no ling\u00fc\u00edsticas, e incluso comportamientos aparentemente problem\u00e1ticos que pueden enmascarar intentos de comunicaci\u00f3n frustrados.<\/pee>\n<pee>Los sistemas de comunicaci\u00f3n aumentativa y alternativa (CAA) representan una revoluci\u00f3n en el acompa\u00f1amiento de las personas no verbales. Estas herramientas tecnol\u00f3gicas y metodol\u00f3gicas permiten sortear las dificultades de expresi\u00f3n oral mientras se preserva la intencionalidad comunicativa. Entre los enfoques m\u00e1s efectivos, se encuentran los sistemas de intercambio de im\u00e1genes (PECS), las aplicaciones de comunicaci\u00f3n en tabletas, y los dispositivos generadores de voz.<\/pee>\n<pee>La aplicaci\u00f3n <a href=\"https:\/\/www.dynseo.com\/es\/coco-piensa-y-coco-se-mueve-software-educativo\/\" style=\"color: var(--blue); font-weight: 600;\">COCO PIENSA y COCO SE MUEVE<\/a> propone actividades especialmente dise\u00f1adas para desarrollar las habilidades de comunicaci\u00f3n no verbal. El juego \u00abImita una emoci\u00f3n\u00bb permite a los ni\u00f1os aprender a reconocer y expresar las emociones a trav\u00e9s de soportes visuales y auditivos adaptados, favoreciendo as\u00ed el desarrollo de la empat\u00eda y la comunicaci\u00f3n emocional.<\/pee>\n<div class=\"tip-box\">\n<div class=\"tip-box-label\">Consejo pr\u00e1ctico<\/div>\n<pee>Comienza siempre por observar y comprender el sistema de comunicaci\u00f3n natural de la persona antes de introducir nuevas herramientas. Este enfoque respetuoso favorece la aceptaci\u00f3n y la eficacia de las intervenciones.<\/pee>\n            <\/div>\n<div class=\"expert-box\">\n<div class=\"expert-box-label\">Expertise DYNSEO<\/div>\n<div class=\"expert-box-title\">La importancia de la multimodalidad<\/div>\n<pee>Nuestra experiencia en el terreno revela que los enfoques m\u00e1s efectivos combinan varias modalidades sensoriales: visual, auditiva, t\u00e1ctil y kinest\u00e9sica. Esta estimulaci\u00f3n multisensorial activa diferentes circuitos neurol\u00f3gicos y maximiza las oportunidades de aprendizaje.<\/pee>\n<div class=\"expert-inner\">\n<div class=\"expert-inner-title\">Recomendaci\u00f3n cl\u00ednica :<\/div>\n<pee>Integra progresivamente las herramientas tecnol\u00f3gicas manteniendo los soportes tradicionales (im\u00e1genes, gestos) para crear un entorno comunicacional rico y flexible.<\/pee>\n                <\/div>\n<\/p><\/div>\n<h2>Estrategias de interacci\u00f3n y acompa\u00f1amiento diario<\/h2>\n<pee>La interacci\u00f3n diaria con una persona autista no verbal requiere una adaptaci\u00f3n comportamental y comunicativa por parte del entorno. La paciencia, la constancia y la benevolencia constituyen los pilares fundamentales de este proceso de acompa\u00f1amiento. Es esencial respetar el ritmo individual de procesamiento de la informaci\u00f3n y dejar suficiente tiempo para la expresi\u00f3n y la comprensi\u00f3n.<\/pee>\n<pee>La t\u00e9cnica de la \u00abestimulaci\u00f3n verbal enriquecida\u00bb consiste en verbalizar sistem\u00e1ticamente las acciones, las emociones y los eventos de la vida cotidiana. Este enfoque permite a la persona no verbal desarrollar su comprensi\u00f3n pasiva del lenguaje mientras crea asociaciones entre las palabras y las situaciones vividas. Por ejemplo, durante las comidas, nombrar los alimentos, las acciones (\u00abyo sirvo el agua\u00bb, \u00abt\u00fa comes tu manzana\u00bb) y las sensaciones contribuye a enriquecer el bagaje ling\u00fc\u00edstico receptivo.<\/pee>\n<pee>El uso de soportes visuales en todas las interacciones facilita considerablemente la comprensi\u00f3n y reduce la ansiedad relacionada con la imprevisibilidad. Los pictogramas, fotograf\u00edas y s\u00edmbolos crean un lenguaje com\u00fan accesible y tranquilizador. Este enfoque visual puede ser complementado progresivamente con elementos tecnol\u00f3gicos m\u00e1s sofisticados seg\u00fan las capacidades y preferencias individuales.<\/pee>\n<div class=\"conseil-card\">\n<h4>T\u00e9cnica de comunicaci\u00f3n avanzada<\/h4>\n<pee>Adopta la regla de los \u00ab3R\u00bb: Repetir (el mismo mensaje de diferentes maneras), Reformular (con palabras m\u00e1s simples) y Reforzar (con gestos o im\u00e1genes). Este m\u00e9todo triplica la eficacia de los intercambios comunicacionales.<\/pee>\n            <\/div>\n<div class=\"key-points\">\n<h4>Estrategias de interacci\u00f3n efectivas:<\/h4>\n<ul>\n<li>Mantener un contacto visual respetuoso sin forzar<\/li>\n<li>Utilizar un ritmo de habla lento y una articulaci\u00f3n clara<\/li>\n<li>Acompa\u00f1ar las palabras con gestos significativos<\/li>\n<li>Crear rutinas predecibles y seguras<\/li>\n<li>Valorar cada intento de comunicaci\u00f3n, incluso si es imperfecto<\/li>\n<\/ul><\/div>\n<h2>El papel crucial de la logopedia en el acompa\u00f1amiento<\/h2>\n<pee>La intervenci\u00f3n logop\u00e9dica con personas autistas no verbales ha evolucionado considerablemente en los \u00faltimos a\u00f1os, integrando enfoques innovadores centrados en la comunicaci\u00f3n funcional en lugar de solo en el desarrollo del lenguaje oral. Los logopedas especializados en autismo ofrecen hoy programas individualizados que respetan las particularidades sensoriales y cognitivas de cada paciente.<\/pee>\n<pee>La evaluaci\u00f3n logop\u00e9dica inicial constituye una etapa determinante en la elaboraci\u00f3n del proyecto terap\u00e9utico. Esta evaluaci\u00f3n profunda explora las competencias pre-ling\u00fc\u00edsticas, las capacidades de imitaci\u00f3n, la intencionalidad comunicativa y las preferencias sensoriales. Estos datos permiten construir un plan de intervenci\u00f3n personalizado que optimiza los recursos naturales de la persona mientras cubre sus d\u00e9ficits espec\u00edficos.<\/pee>\n<pee>Las sesiones de logopedia integran ahora herramientas tecnol\u00f3gicas avanzadas, incluyendo aplicaciones de comunicaci\u00f3n asistida. <a href=\"https:\/\/www.dynseo.com\/es\/coco-piensa-y-coco-se-mueve-software-educativo\/\" style=\"color: var(--blue); font-weight: 600;\">COCO PIENSA y COCO SE MUEVE<\/a> propone ejercicios de estimulaci\u00f3n auditiva como \u00abEl o\u00eddo musical\u00bb que desarrollan la atenci\u00f3n auditiva y la discriminaci\u00f3n sonora, competencias fundamentales para la comprensi\u00f3n del lenguaje ambiental.<\/pee>\n<div class=\"tip-box\">\n<div class=\"tip-box-label\">Innovaci\u00f3n terap\u00e9utica<\/div>\n<pee>Los nuevos enfoques logop\u00e9dicos privilegian el aprendizaje a trav\u00e9s del juego y la interacci\u00f3n natural en lugar de los ejercicios formales. Esta evoluci\u00f3n pedag\u00f3gica mejora significativamente el compromiso y los resultados terap\u00e9uticos.<\/pee>\n            <\/div>\n<div class=\"expert-box\">\n<div class=\"expert-box-label\">Investigaci\u00f3n DYNSEO<\/div>\n<div class=\"expert-box-title\">Protocolos de intervenci\u00f3n basados en evidencia<\/div>\n<pee>Nuestras colaboraciones con los centros de investigaci\u00f3n europeos han permitido validar cient\u00edficamente la eficacia de ciertos enfoques terap\u00e9uticos espec\u00edficos para el autismo no verbal.<\/pee>\n<div class=\"expert-inner\">\n<div class=\"expert-inner-title\">Resultados cl\u00ednicos observados:<\/div>\n<pee>El 85% de los ni\u00f1os seguidos con nuestro protocolo mixto (logopedia + estimulaci\u00f3n digital) muestran progresos significativos en sus capacidades comunicativas despu\u00e9s de 6 meses de intervenci\u00f3n intensiva.<\/pee>\n                <\/div>\n<\/p><\/div>\n<h2>Adaptaci\u00f3n escolar e inclusi\u00f3n educativa<\/h2>\n<pee>La inclusi\u00f3n escolar de los alumnos autistas no verbales representa un desaf\u00edo importante que requiere una coordinaci\u00f3n estrecha entre los equipos educativos, las familias y los profesionales de la salud. El \u00e9xito de esta integraci\u00f3n se basa en la implementaci\u00f3n de adaptaciones pedag\u00f3gicas espec\u00edficas y herramientas de comunicaci\u00f3n adaptadas a las exigencias del entorno escolar.<\/pee>\n<pee>La formaci\u00f3n de los docentes en las especificidades del autismo no verbal es un requisito indispensable para cualquier enfoque de inclusi\u00f3n exitoso. Esta formaci\u00f3n debe abordar los aspectos pr\u00e1cticos de la comunicaci\u00f3n alternativa, las estrategias de gesti\u00f3n de comportamientos desafiantes y las adaptaciones pedag\u00f3gicas necesarias para permitir el acceso a los aprendizajes fundamentales.<\/pee>\n<pee>El uso de herramientas digitales educativas facilita considerablemente la adaptaci\u00f3n de los contenidos pedag\u00f3gicos a las necesidades espec\u00edficas de estos alumnos. Los soportes visuales interactivos, las aplicaciones de comunicaci\u00f3n y los programas de entrenamiento cognitivo crean un entorno de aprendizaje estimulante y accesible. El programa COCO cocina, por ejemplo, permite trabajar la memorizaci\u00f3n secuencial y la asociaci\u00f3n imagen-concepto en un contexto l\u00fadico y motivador.<\/pee>\n<div class=\"conseil-card\">\n<h4>Estrategia de inclusi\u00f3n \u00f3ptima<\/h4>\n<pee>Cree un \u00abpasaporte de comunicaci\u00f3n\u00bb personalizado que contenga las herramientas, se\u00f1ales y estrategias efectivas con el alumno. Este documento compartido entre la familia y la escuela garantiza la continuidad de los enfoques educativos.<\/pee>\n            <\/div>\n<div class=\"key-points\">\n<h4>Adaptaciones pedag\u00f3gicas esenciales:<\/h4>\n<ul>\n<li>Estructuraci\u00f3n visual del entorno y de las actividades<\/li>\n<li>Uso sistem\u00e1tico de soportes visuales para las instrucciones<\/li>\n<li>Adaptaci\u00f3n de las modalidades de evaluaci\u00f3n (QCM visuales, demostraciones)<\/li>\n<li>Implementaci\u00f3n de tiempos de pausa sensoriales<\/li>\n<li>Formaci\u00f3n de pares en la comunicaci\u00f3n alternativa<\/li>\n<\/ul><\/div>\n<h2>Aplicaciones tecnol\u00f3gicas y herramientas digitales innovadoras<\/h2>\n<pee>La revoluci\u00f3n digital ha transformado considerablemente las posibilidades de acompa\u00f1amiento de las personas autistas no verbales. Las aplicaciones especializadas ofrecen ahora soluciones personalizables que se adaptan a las necesidades evolutivas de los usuarios. Estas herramientas tecnol\u00f3gicas no reemplazan la intervenci\u00f3n humana, sino que la complementan eficazmente al proponer modalidades de entrenamiento intensivas y l\u00fadicas.<\/pee>\n<pee>Las aplicaciones del tipo \u00abMon Dico\u00bb revolucionan la comunicaci\u00f3n al permitir la creaci\u00f3n de vocabularios personalizados que incluyen fotograf\u00edas del entorno familiar y objetos significativos para la persona. Esta personalizaci\u00f3n maximiza el compromiso y facilita la generalizaci\u00f3n de los aprendizajes en diferentes contextos de vida. La s\u00edntesis de voz integrada permite dar una voz a los mensajes construidos, reforzando el impacto comunicacional.<\/pee>\n<pee>La inteligencia artificial comienza a introducirse en el \u00e1mbito del autismo con aplicaciones capaces de analizar los patrones de comportamiento y adaptar autom\u00e1ticamente las interfaces a las preferencias individuales. Estas innovaciones prometen una personalizaci\u00f3n a\u00fan m\u00e1s precisa de las herramientas de ayuda a la comunicaci\u00f3n y una optimizaci\u00f3n continua de las estrategias de aprendizaje.<\/pee>\n<div class=\"tip-box\">\n<div class=\"tip-box-label\">Selecci\u00f3n tecnol\u00f3gica<\/div>\n<pee>Priorice las aplicaciones que permiten un uso sin conexi\u00f3n y ofrecen opciones de respaldo en la nube para asegurar la continuidad de uso en todas las circunstancias. La robustez t\u00e9cnica es crucial para mantener la motivaci\u00f3n de uso.<\/pee>\n            <\/div>\n<div class=\"expert-box\">\n<div class=\"expert-box-label\">Innovaci\u00f3n DYNSEO<\/div>\n<div class=\"expert-box-title\">Enfoque cient\u00edfico de lo digital terap\u00e9utico<\/div>\n<pee>Nuestras aplicaciones integran algoritmos de adaptaci\u00f3n autom\u00e1tica basados en el rendimiento real de los usuarios, permitiendo un ajuste continuo de la dificultad y del tipo de ejercicios propuestos.<\/pee>\n<div class=\"expert-inner\">\n<div class=\"expert-inner-title\">Ventajas medidas:<\/div>\n<pee>Los usuarios regulares de nuestras herramientas muestran un 65% de mejora adicional en sus puntuaciones de evaluaci\u00f3n comunicacional en comparaci\u00f3n con las enfoques tradicionales solos.<\/pee>\n                <\/div>\n<\/p><\/div>\n<h2>Desarrollo de habilidades sociales y emocionales<\/h2>\n<pee>El desarrollo de habilidades sociales en personas autistas no verbales requiere un enfoque estructurado y progresivo que tenga en cuenta las particularidades de su funcionamiento cognitivo y sensorial. El aprendizaje del reconocimiento emocional constituye un requisito fundamental para cualquier interacci\u00f3n social exitosa, necesitando un entrenamiento espec\u00edfico y adaptado.<\/pee>\n<pee>Las emociones b\u00e1sicas (alegr\u00eda, tristeza, ira, miedo, sorpresa) pueden ense\u00f1arse a trav\u00e9s de soportes visuales expl\u00edcitos asociados a situaciones concretas vividas en el d\u00eda a d\u00eda. Este enfoque contextual favorece la comprensi\u00f3n y la memorizaci\u00f3n de los v\u00ednculos entre expresiones faciales, situaciones desencadenantes y estados emocionales internos.<\/pee>\n<pee><a href=\"https:\/\/www.dynseo.com\/es\/coco-piensa-y-coco-se-mueve-software-educativo\/\" style=\"color: var(--blue); font-weight: 600;\">COCO PIENSA y COCO SE MUEVE<\/a> propone un m\u00f3dulo espec\u00edfico \u00abImita una emoci\u00f3n\u00bb que combina presentaci\u00f3n visual, descripci\u00f3n auditiva y puesta en situaci\u00f3n interactiva para desarrollar estas habilidades esenciales. Este enfoque multisensorial facilita la adquisici\u00f3n y la generalizaci\u00f3n de los aprendizajes emocionales en diferentes contextos.<\/pee>\n<div class=\"conseil-card\">\n<h4>Metodolog\u00eda de aprendizaje emocional<\/h4>\n<pee>Crea un \u00abdiccionario emocional personalizado\u00bb con fotos de la persona expresando diferentes emociones. Esta personalizaci\u00f3n facilita la identificaci\u00f3n y el auto-reconocimiento emocional, habilidades cruciales para la autorregulaci\u00f3n.<\/pee>\n            <\/div>\n<div class=\"key-points\">\n<h4>Competencias sociales prioritarias:<\/h4>\n<ul>\n<li>Reconocimiento de las expresiones faciales y del lenguaje corporal<\/li>\n<li>Comprensi\u00f3n de los c\u00f3digos sociales b\u00e1sicos (turno de palabra, espacio personal)<\/li>\n<li>Desarrollo de la atenci\u00f3n conjunta y del contacto ocular apropiado<\/li>\n<li>Iniciaci\u00f3n y mantenimiento de interacciones sociales simples<\/li>\n<li>Gesti\u00f3n de las emociones y t\u00e9cnicas de autorregulaci\u00f3n<\/li>\n<\/ul><\/div>\n<h2>El entorno familiar: pilar del acompa\u00f1amiento<\/h2>\n<pee>La familia constituye el entorno primario de aprendizaje y desarrollo para toda persona autista no verbal. El compromiso familiar en las estrategias de acompa\u00f1amiento multiplica exponencialmente la eficacia de las intervenciones profesionales al asegurar la continuidad y la generalizaci\u00f3n de los aprendizajes en el contexto de vida natural.<\/pee>\n<pee>La formaci\u00f3n de las familias en las t\u00e9cnicas de comunicaci\u00f3n alternativa representa una inversi\u00f3n esencial para el desarrollo de su ser querido autista. Esta formaci\u00f3n debe ser progresiva, pr\u00e1ctica y adaptada a las limitaciones de la vida cotidiana familiar. El aprendizaje de las herramientas de CAA por todos los miembros de la familia crea un entorno comunicacional coherente y estimulante.<\/pee>\n<pee>La creaci\u00f3n de rutinas familiares predecibles y estructuradas proporciona un sentimiento de seguridad indispensable para el desarrollo comunicacional. Estas rutinas pueden integrar naturalmente momentos de aprendizaje y entrenamiento en las habilidades sociales, transformando las actividades diarias en oportunidades terap\u00e9uticas espont\u00e1neas.<\/pee>\n<div class=\"tip-box\">\n<div class=\"tip-box-label\">Organizaci\u00f3n familiar \u00f3ptima<\/div>\n<pee>Establezca un \u00abplanning visual familia\u00bb con pictogramas que indiquen las actividades, responsabilidades y momentos de comunicaci\u00f3n de cada uno. Esta organizaci\u00f3n predecible tranquiliza y facilita la participaci\u00f3n activa de la persona autista en las din\u00e1micas familiares.<\/pee>\n            <\/div>\n<div class=\"expert-box\">\n<div class=\"expert-box-label\">Acompa\u00f1amiento DYNSEO<\/div>\n<div class=\"expert-box-title\">Programa de formaci\u00f3n familiar<\/div>\n<pee>Nuestro programa de acompa\u00f1amiento familiar asocia formaci\u00f3n te\u00f3rica, puesta en pr\u00e1ctica supervisada y seguimiento a largo plazo para garantizar la adquisici\u00f3n duradera de las competencias de acompa\u00f1amiento.<\/pee>\n<div class=\"expert-inner\">\n<div class=\"expert-inner-title\">Beneficios observados:<\/div>\n<pee>Las familias formadas informan un 80% de mejora en la calidad de las interacciones diarias y una reducci\u00f3n significativa del estr\u00e9s familiar relacionado con las dificultades comunicativas.<\/pee>\n                <\/div>\n<\/p><\/div>\n<h2>Actividades f\u00edsicas y expresi\u00f3n corporal<\/h2>\n<pee>La actividad f\u00edsica representa un canal de expresi\u00f3n y comunicaci\u00f3n particularmente adecuado para las personas autistas no verbales. El movimiento y la expresi\u00f3n corporal evitan las barreras ling\u00fc\u00edsticas mientras ofrecen oportunidades de interacci\u00f3n social naturales y espont\u00e1neas. Estas actividades tambi\u00e9n favorecen la regulaci\u00f3n sensorial y emocional, aspectos cruciales del bienestar autista.<\/pee>\n<pee>Los deportes colectivos adaptados permiten desarrollar las habilidades sociales en un contexto menos ansi\u00f3geno que las interacciones verbales tradicionales. Las reglas claras, los objetivos concretos y la comunicaci\u00f3n no verbal natural del deporte crean un entorno de aprendizaje social \u00f3ptimo para estas personas.<\/pee>\n<pee>La aplicaci\u00f3n COCO SE MUEVE propone actividades f\u00edsicas especialmente dise\u00f1adas para ser accesibles a las personas no verbales. Estos ejercicios combinan estimulaci\u00f3n motora, cognitiva y social en un formato l\u00fadico y motivador. La pausa deportiva obligatoria despu\u00e9s de 15 minutos de actividades cognitivas respeta las necesidades fisiol\u00f3gicas mientras previene la sobreinversi\u00f3n digital.<\/pee>\n<div class=\"conseil-card\">\n<h4>Programaci\u00f3n de actividades motoras<\/h4>\n<pee>Alterna sistem\u00e1ticamente actividades cognitivas y f\u00edsicas seg\u00fan la proporci\u00f3n 2:1 (30 minutos de actividades mentales por 15 minutos de actividad f\u00edsica). Esta alternancia optimiza las capacidades de atenci\u00f3n y previene la fatiga cognitiva.<\/pee>\n            <\/div>\n<div class=\"key-points\">\n<h4>Beneficios de las actividades f\u00edsicas:<\/h4>\n<ul>\n<li>Mejora de la regulaci\u00f3n sensorial y emocional<\/li>\n<li>Desarrollo de la conciencia corporal y de la coordinaci\u00f3n<\/li>\n<li>Facilitaci\u00f3n de las interacciones sociales no verbales<\/li>\n<li>Reducci\u00f3n de los comportamientos repetitivos y estereotipados<\/li>\n<li>Fortalecimiento de la autoestima y de la motivaci\u00f3n<\/li>\n<\/ul><\/div>\n<h2>Transici\u00f3n hacia la edad adulta y empoderamiento<\/h2>\n<pee>La transici\u00f3n hacia la edad adulta representa un per\u00edodo cr\u00edtico que requiere una preparaci\u00f3n minuciosa y anticipada. Las personas autistas no verbales deben desarrollar habilidades de autonom\u00eda espec\u00edficas mientras mantienen y enriquecen sus logros comunicativos. Esta preparaci\u00f3n implica todo el ecosistema de apoyo: familia, profesionales, instituciones.<\/pee>\n<pee>El aprendizaje de las habilidades de la vida cotidiana debe integrar sistem\u00e1ticamente las herramientas de comunicaci\u00f3n alternativa. Ya sea para hacer compras, tomar el transporte p\u00fablico o gestionar los tr\u00e1mites administrativos, la persona debe disponer de medios comunicacionales adaptados a cada situaci\u00f3n. Esta preparaci\u00f3n pr\u00e1ctica condiciona en gran medida el \u00e9xito de la inserci\u00f3n social y profesional futura.<\/pee>\n<pee>Las nuevas tecnolog\u00edas abren perspectivas de empleo in\u00e9ditas para las personas autistas no verbales. Muchos sectores valoran ahora las habilidades espec\u00edficas relacionadas con el autismo (atenci\u00f3n a los detalles, capacidades de concentraci\u00f3n, pensamiento sist\u00e9mico) mientras proponen entornos de trabajo adaptados a las particularidades comunicacionales.<\/pee>\n<div class=\"tip-box\">\n<div class=\"tip-box-label\">Preparaci\u00f3n para la autonom\u00eda<\/div>\n<pee>Comienza desde la adolescencia la creaci\u00f3n de un \u00abkit de autonom\u00eda\u00bb port\u00e1til que contenga todas las herramientas de comunicaci\u00f3n necesarias para las situaciones sociales comunes. Esta preparaci\u00f3n progresiva facilita la transici\u00f3n y reduce la ansiedad relacionada con el cambio.<\/pee>\n            <\/div>\n<div class=\"expert-box\">\n<div class=\"expert-box-label\">Perspectiva DYNSEO<\/div>\n<div class=\"expert-box-title\">Inserci\u00f3n profesional y autismo no verbal<\/div>\n<pee>Nuestras asociaciones con empresas inclusivas revelan un potencial de empleo significativo para las personas autistas no verbales en los sectores digital, log\u00edstico y de artesan\u00eda especializada.<\/pee>\n<div class=\"expert-inner\">\n<div class=\"expert-inner-title\">Tasa de \u00e9xito :<\/div>\n<pee>El 70% de los adultos autistas no verbales acompa\u00f1ados por nuestros programas especializados acceden a una forma de actividad profesional adaptada en los 2 a\u00f1os siguientes a la finalizaci\u00f3n de su formaci\u00f3n.<\/pee>\n                <\/div>\n<\/p><\/div>\n<h2>Innovaciones y perspectivas de futuro<\/h2>\n<pee>El \u00e1mbito del acompa\u00f1amiento del autismo no verbal conoce una evoluci\u00f3n tecnol\u00f3gica y metodol\u00f3gica constante, portadora de esperanzas considerables para la mejora de la calidad de vida de las personas afectadas. Las investigaciones actuales en neurociencias cognitivas iluminan progresivamente los mecanismos cerebrales implicados, abriendo el camino a intervenciones m\u00e1s espec\u00edficas y efectivas.<\/pee>\n<pee>La inteligencia artificial y el aprendizaje autom\u00e1tico ya est\u00e1n revolucionando las herramientas de ayuda a la comunicaci\u00f3n. Los sistemas de reconocimiento gestual, de predicci\u00f3n ling\u00fc\u00edstica y de adaptaci\u00f3n conductual personalizada prometen interfaces comunicacionales de una fluidez y relevancia inigualadas. Estos avances tecnol\u00f3gicos reducir\u00e1n significativamente las barreras comunicacionales actuales.<\/pee>\n<pee>La realidad virtual emerge como una herramienta terap\u00e9utica prometedora para el entrenamiento en situaciones sociales complejas en un entorno seguro y controlado. Esta tecnolog\u00eda permite simular interacciones sociales variadas mientras ofrece una retroalimentaci\u00f3n inmediata y personalizada, acelerando la adquisici\u00f3n de habilidades sociales.<\/pee>\n<div class=\"conseil-card\">\n<h4>Anticipaci\u00f3n tecnol\u00f3gica<\/h4>\n<pee>Mant\u00e9ngase informado sobre las evoluciones tecnol\u00f3gicas sin descuidar los enfoques tradicionales probados. La eficacia reside a menudo en la combinaci\u00f3n acertada de herramientas cl\u00e1sicas e innovaciones digitales.<\/pee>\n            <\/div>\n<div class=\"key-points\">\n<h4>Tendencias emergentes prometedoras :<\/h4>\n<ul>\n<li>Aplicaciones de comunicaci\u00f3n predictiva basadas en IA<\/li>\n<li>Interfaces cerebro-m\u00e1quina para comunicaci\u00f3n directa<\/li>\n<li>Realidad aumentada para soporte visual en tiempo real<\/li>\n<li>Sensores biom\u00e9tricos para detecci\u00f3n de estados emocionales<\/li>\n<li>Plataformas colaborativas para compartir experiencias familiares<\/li>\n<\/ul><\/div>\n<div class=\"faq-list\">\n<h2>Preguntas frecuentes<\/h2>\n<div class=\"faq-item\">\n<div class=\"faq-q\">\n                        <span>\u00bfA qu\u00e9 edad se puede diagnosticar el autismo no verbal?<\/span><br \/>\n                        <span class=\"faq-icon\">+<\/span>\n                    <\/div>\n<div class=\"faq-a\">\n                        <pee>El diagn\u00f3stico de autismo puede generalmente ser realizado a partir de los 2-3 a\u00f1os, incluso en ni\u00f1os no verbales. Los signos tempranos incluyen la ausencia de balbuceo, la falta de gestos comunicativos (se\u00f1alar, despedirse), la ausencia de palabras alrededor de los 18 meses, y las dificultades de interacci\u00f3n social. Un diagn\u00f3stico temprano permite una intervenci\u00f3n m\u00e1s efectiva y mejores resultados en el desarrollo.<\/pee>\n                    <\/div>\n<\/p><\/div>\n<div class=\"faq-item\">\n<div class=\"faq-q\">\n                        <span>\u00bfLos ni\u00f1os autistas no verbales pueden aprender a hablar m\u00e1s tarde?<\/span><br \/>\n                        <span class=\"faq-icon\">+<\/span>\n                    <\/div>\n<div class=\"faq-a\">\n                        <pee>S\u00ed, algunos ni\u00f1os autistas no verbales desarrollan el lenguaje oral tard\u00edamente, a veces despu\u00e9s de los 5-6 a\u00f1os o incluso en la adolescencia. Sin embargo, es crucial no esperar pasivamente este desarrollo y poner en marcha inmediatamente estrategias de comunicaci\u00f3n alternativa. Estas herramientas a menudo facilitan la aparici\u00f3n posterior del lenguaje oral al desarrollar las habilidades comunicativas b\u00e1sicas.<\/pee>\n                    <\/div>\n<\/p><\/div>\n<div class=\"faq-item\">\n<div class=\"faq-q\">\n                        <span>\u00bfC\u00f3mo diferenciar un retraso de lenguaje simple del autismo no verbal?<\/span><br \/>\n                        <span class=\"faq-icon\">+<\/span>\n                    <\/div>\n<div class=\"faq-a\">\n                        <pee>La distinci\u00f3n se basa en la evaluaci\u00f3n global del desarrollo social, conductual y comunicacional. En el autismo no verbal, generalmente se observan dificultades en la interacci\u00f3n social, intereses restringidos, comportamientos repetitivos y particularidades sensoriales adem\u00e1s de la ausencia de lenguaje. Un retraso de lenguaje simple afecta principalmente la comunicaci\u00f3n verbal sin impactar significativamente en los otros \u00e1mbitos del desarrollo.<\/pee>\n                    <\/div>\n<\/p><\/div>\n<div class=\"faq-item\">\n<div class=\"faq-q\">\n                        <span>\u00bfCu\u00e1les son las mejores herramientas de comunicaci\u00f3n alternativa para comenzar?<\/span><br \/>\n                        <span class=\"faq-icon\">+<\/span>\n                    <\/div>\n<div class=\"faq-a\">\n                        <pee>Para comenzar, los sistemas de intercambio de im\u00e1genes (PECS) y aplicaciones simples como \u00abMi Dico\u00bb son particularmente adecuados. Estas herramientas permiten un aprendizaje progresivo de la comunicaci\u00f3n simb\u00f3lica. La elecci\u00f3n depende de las capacidades motoras, las preferencias tecnol\u00f3gicas y el nivel cognitivo de la persona. Se recomienda la acompa\u00f1amiento de un logopeda especializado para optimizar la selecci\u00f3n y el aprendizaje.<\/pee>\n                    <\/div>\n<\/p><\/div>\n<div class=\"faq-item\">\n<div class=\"faq-q\">\n                        <span>\u00bfEl autismo no verbal es compatible con una escolarizaci\u00f3n ordinaria?<\/span><br \/>\n                        <span class=\"faq-icon\">+<\/span>\n                    <\/div>\n<div class=\"faq-a\">\n                        <pee>S\u00ed, con ajustes apropiados y un acompa\u00f1amiento adecuado. El \u00e9xito depende de varios factores: formaci\u00f3n de los docentes, implementaci\u00f3n de herramientas de comunicaci\u00f3n alternativa, adaptaci\u00f3n pedag\u00f3gica y apoyo de un AESH (Acompa\u00f1ante de Estudiante en Situaci\u00f3n de Discapacidad). Cada situaci\u00f3n requiere una evaluaci\u00f3n individualizada para determinar el nivel de inclusi\u00f3n m\u00e1s apropiado.<\/pee>\n                    <\/div>\n<\/p><\/div>\n<\/p><\/div>\n<div class=\"cta-box\">\n<h3>Acompa\u00f1e el desarrollo comunicacional con COCO<\/h3>\n<pee>Descubra nuestra aplicaci\u00f3n especialmente dise\u00f1ada para estimular las habilidades cognitivas y comunicativas de las personas autistas no verbales. M\u00e1s de 30 juegos adaptados y validados por nuestros expertos.<\/pee>\n<div class=\"cta-buttons\">\n                    <a href=\"https:\/\/www.dynseo.com\/es\/coco-piensa-y-coco-se-mueve-software-educativo\/\" class=\"btn-white\">Probar gratis<\/a><br \/>\n                    <a href=\"https:\/\/www.dynseo.com\/es\/coco-piensa-y-coco-se-mueve-software-educativo\/\" class=\"btn-outline\">Saber m\u00e1s<\/a>\n                <\/div>\n<\/p><\/div>\n<div class=\"article-tags\">\n<h4>Palabras clave :<\/h4>\n<p>                <a href=\"#\" class=\"article-tag\">Autismo no verbal<\/a><br \/>\n                <a href=\"#\" class=\"article-tag\">Comunicaci\u00f3n alternativa<\/a><br \/>\n                <a href=\"#\" class=\"article-tag\">CAA<\/a><br \/>\n                <a href=\"#\" class=\"article-tag\">PECS<\/a><br \/>\n                <a href=\"#\" class=\"article-tag\">Logopedia<\/a><br \/>\n                <a href=\"#\" class=\"article-tag\">Inclusi\u00f3n escolar<\/a><br \/>\n                <a href=\"#\" class=\"article-tag\">Aplicaciones terap\u00e9uticas<\/a><br \/>\n                <a href=\"#\" class=\"article-tag\">COCO<\/a><br \/>\n                <a href=\"#\" class=\"article-tag\">Estimulaci\u00f3n cognitiva<\/a><br \/>\n                <a href=\"#\" class=\"article-tag\">Acompa\u00f1amiento familiar<\/a>\n            <\/div>\n<\/p><\/div>\n<\/p><\/div>\n<p>[\/et_pb_code][\/et_pb_column][\/et_pb_row][\/et_pb_section]<\/p>\n","protected":false},"excerpt":{"rendered":"","protected":false},"author":4,"featured_media":153953,"comment_status":"closed","ping_status":"closed","sticky":false,"template":"","format":"standard","meta":{"_et_pb_use_builder":"on","_et_pb_old_content":"[et_pb_section fb_built=\"1\" _builder_version=\"4.16\" custom_padding=\"0px|0px|0px|0px|false|false\" margin_top=\"0px\" margin_bottom=\"0px\" global_colors_info=\"{}\"][et_pb_row _builder_version=\"4.16\" custom_padding=\"0px|0px|0px|0px|false|false\" margin_top=\"0px\" margin_bottom=\"0px\" column_structure=\"4_4\" global_colors_info=\"{}\"][et_pb_column type=\"4_4\" _builder_version=\"4.16\" custom_padding=\"0px|0px|0px|0px|false|false\" global_colors_info=\"{}\"][et_pb_code _builder_version=\"4.16\" custom_padding=\"0px|0px|0px|0px|false|false\" global_colors_info=\"{}\"]<style>\n        :root {\n            --blue: #5e5ed7;\n            --blue-dark: #5268c9;\n            --teal: #a9e2e4;\n            --yellow: #ffeca7;\n            --rose: #e73469;\n            --white: #ffffff;\n            --gray-light: #f8f9fa;\n            --gray: #6c757d;\n            --dark: #343a40;\n        }\n\n        * {\n            margin: 0;\n            padding: 0;\n            box-sizing: border-box;\n        }\n\n        body {\n            font-family: 'Poppins', sans-serif;\n            line-height: 1.6;\n            color: var(--dark);\n        }\n\n        .article-hero {\n            background: linear-gradient(135deg, var(--blue) 0%, var(--blue-dark) 100%);\n            color: white;\n            padding: 60px 0 120px;\n            position: relative;\n            overflow: hidden;\n        }\n\n        .article-hero::before {\n            content: '';\n            position: absolute;\n            top: 0;\n            left: 0;\n            right: 0;\n            bottom: 0;\n            background: url('data:image\/svg+xml,<svg xmlns=\"http:\/\/www.w3.org\/2000\/svg\" viewBox=\"0 0 100 100\"><circle cx=\"20\" cy=\"20\" r=\"2\" fill=\"rgba(255,255,255,0.1)\"\/><circle cx=\"80\" cy=\"40\" r=\"1\" fill=\"rgba(255,255,255,0.1)\"\/><circle cx=\"40\" cy=\"80\" r=\"1.5\" fill=\"rgba(255,255,255,0.1)\"\/><\/svg>');\n            animation: float 20s ease-in-out infinite;\n        }\n\n        @keyframes float {\n            0%, 100% { transform: translateY(0px) rotate(0deg); }\n            50% { transform: translateY(-20px) rotate(180deg); }\n        }\n\n        .article-hero-inner {\n            max-width: 1200px;\n            margin: 0 auto;\n            padding: 0 20px;\n            position: relative;\n            z-index: 2;\n        }\n\n        .article-breadcrumb {\n            margin-bottom: 20px;\n            font-size: 14px;\n            opacity: 0.9;\n        }\n\n        .article-breadcrumb a {\n            color: white;\n            text-decoration: none;\n        }\n\n        .article-category {\n            display: inline-block;\n            background: var(--rose);\n            color: white;\n            padding: 8px 16px;\n            border-radius: 20px;\n            font-size: 14px;\n            font-weight: 500;\n            margin-bottom: 20px;\n        }\n\n        .article-hero h1 {\n            font-family: 'Montserrat', sans-serif;\n            font-size: 3.2rem;\n            font-weight: 700;\n            line-height: 1.2;\n            margin-bottom: 24px;\n        }\n\n        .hl {\n            background: var(--yellow);\n            color: var(--dark);\n            padding: 4px 8px;\n            border-radius: 6px;\n        }\n\n        .article-meta {\n            display: flex;\n            gap: 30px;\n            flex-wrap: wrap;\n            margin-bottom: 30px;\n            font-size: 15px;\n        }\n\n        .article-meta > div {\n            display: flex;\n            align-items: center;\n            gap: 8px;\n        }\n\n        .stars {\n            color: var(--yellow);\n            font-size: 18px;\n        }\n\n        .article-hero-curve {\n            position: absolute;\n            bottom: -1px;\n            left: 0;\n            width: 100%;\n            height: 60px;\n            background: white;\n            clip-path: ellipse(100% 100% at 50% 100%);\n        }\n\n        .article-body {\n            background: white;\n            position: relative;\n            z-index: 3;\n        }\n\n        .container {\n            max-width: 1200px;\n            margin: 0 auto;\n            padding: 0 20px;\n        }\n\n        .intro-block {\n            background: var(--gray-light);\n            padding: 40px;\n            border-radius: 16px;\n            margin: 60px 0;\n            border-left: 6px solid var(--blue);\n            font-size: 18px;\n            line-height: 1.8;\n        }\n\n        .stats-grid {\n            display: grid;\n            grid-template-columns: repeat(auto-fit, minmax(280px, 1fr));\n            gap: 30px;\n            margin: 60px 0;\n        }\n\n        .stat-card {\n            background: linear-gradient(135deg, var(--teal) 0%, var(--blue) 100%);\n            color: white;\n            padding: 40px 30px;\n            border-radius: 20px;\n            text-align: center;\n            box-shadow: 0 10px 30px rgba(0,0,0,0.1);\n            transform: translateY(0);\n            transition: transform 0.3s ease;\n        }\n\n        .stat-card:hover {\n            transform: translateY(-5px);\n        }\n\n        .stat-card .number {\n            font-family: 'Montserrat', sans-serif;\n            font-size: 3rem;\n            font-weight: 700;\n            margin-bottom: 10px;\n            display: block;\n        }\n\n        .stat-card .label {\n            font-size: 16px;\n            opacity: 0.95;\n            line-height: 1.4;\n        }\n\n        .article-body h2 {\n            font-family: 'Montserrat', sans-serif;\n            font-size: 2.4rem;\n            font-weight: 600;\n            color: var(--blue-dark);\n            margin: 60px 0 30px;\n            padding-bottom: 15px;\n            border-bottom: 3px solid var(--teal);\n            position: relative;\n        }\n\n        .article-body h2::before {\n            content: counter(section);\n            counter-increment: section;\n            background: var(--blue);\n            color: white;\n            width: 40px;\n            height: 40px;\n            border-radius: 50%;\n            display: flex;\n            align-items: center;\n            justify-content: center;\n            font-size: 18px;\n            font-weight: 600;\n            position: absolute;\n            left: -60px;\n            top: 5px;\n        }\n\n        .article-body {\n            counter-reset: section;\n        }\n\n        .article-body h3 {\n            font-family: 'Montserrat', sans-serif;\n            font-size: 1.8rem;\n            font-weight: 600;\n            color: var(--blue-dark);\n            margin: 40px 0 20px;\n        }\n\n        .article-body p {\n            margin-bottom: 20px;\n            line-height: 1.8;\n            font-size: 16px;\n        }\n\n        .conseil-card {\n            background: var(--yellow);\n            padding: 30px;\n            border-radius: 16px;\n            margin: 30px 0;\n            border-left: 6px solid var(--rose);\n            position: relative;\n        }\n\n        .conseil-card::before {\n            content: \"\ud83d\udca1\";\n            font-size: 24px;\n            position: absolute;\n            top: 20px;\n            right: 20px;\n        }\n\n        .key-points {\n            background: var(--gray-light);\n            padding: 30px;\n            border-radius: 16px;\n            margin: 30px 0;\n        }\n\n        .key-points h4 {\n            font-family: 'Montserrat', sans-serif;\n            font-size: 1.3rem;\n            font-weight: 600;\n            color: var(--blue-dark);\n            margin-bottom: 20px;\n        }\n\n        .key-points ul {\n            list-style: none;\n            padding-left: 0;\n        }\n\n        .key-points li {\n            position: relative;\n            padding-left: 30px;\n            margin-bottom: 15px;\n            line-height: 1.6;\n        }\n\n        .key-points li::before {\n            content: \"\u2713\";\n            position: absolute;\n            left: 0;\n            color: var(--blue);\n            font-weight: bold;\n            font-size: 18px;\n        }\n\n        .tip-box {\n            background: linear-gradient(135deg, var(--teal) 0%, rgba(169, 226, 228, 0.3) 100%);\n            padding: 25px;\n            border-radius: 12px;\n            margin: 25px 0;\n            border: 2px solid var(--teal);\n        }\n\n        .tip-box-label {\n            font-family: 'Montserrat', sans-serif;\n            font-weight: 600;\n            color: var(--blue-dark);\n            font-size: 16px;\n            margin-bottom: 15px;\n            display: flex;\n            align-items: center;\n            gap: 10px;\n        }\n\n        .tip-box-label::before {\n            content: \"\ud83d\udca1\";\n            font-size: 20px;\n        }\n\n        .expert-box {\n            background: linear-gradient(135deg, var(--blue) 0%, var(--blue-dark) 100%);\n            color: white;\n            padding: 40px;\n            border-radius: 20px;\n            margin: 40px 0;\n            position: relative;\n            overflow: hidden;\n        }\n\n        .expert-box::before {\n            content: '';\n            position: absolute;\n            top: -50%;\n            right: -50%;\n            width: 100%;\n            height: 100%;\n            background: radial-gradient(circle, rgba(255,255,255,0.1) 0%, transparent 70%);\n            transform: rotate(45deg);\n        }\n\n        .expert-box-label {\n            font-size: 14px;\n            text-transform: uppercase;\n            letter-spacing: 1px;\n            opacity: 0.9;\n            margin-bottom: 15px;\n        }\n\n        .expert-box-title {\n            font-family: 'Montserrat', sans-serif;\n            font-size: 1.5rem;\n            font-weight: 600;\n            margin-bottom: 20px;\n        }\n\n        .expert-inner {\n            background: rgba(255,255,255,0.1);\n            padding: 25px;\n            border-radius: 12px;\n            margin-top: 20px;\n        }\n\n        .expert-inner-title {\n            font-family: 'Montserrat', sans-serif;\n            font-size: 1.2rem;\n            font-weight: 600;\n            margin-bottom: 15px;\n        }\n\n        .faq-list {\n            margin: 60px 0;\n        }\n\n        .faq-list h2 {\n            text-align: center;\n            margin-bottom: 40px;\n        }\n\n        .faq-item {\n            background: white;\n            border: 2px solid var(--gray-light);\n            border-radius: 12px;\n            margin-bottom: 15px;\n            overflow: hidden;\n            transition: all 0.3s ease;\n        }\n\n        .faq-item:hover {\n            border-color: var(--teal);\n        }\n\n        .faq-item.open {\n            border-color: var(--blue);\n        }\n\n        .faq-q {\n            padding: 25px;\n            cursor: pointer;\n            display: flex;\n            justify-content: space-between;\n            align-items: center;\n            font-family: 'Montserrat', sans-serif;\n            font-weight: 600;\n            font-size: 18px;\n            color: var(--blue-dark);\n            background: var(--gray-light);\n            transition: background 0.3s ease;\n        }\n\n        .faq-item.open .faq-q {\n            background: var(--blue);\n            color: white;\n        }\n\n        .faq-icon {\n            font-size: 24px;\n            font-weight: bold;\n            transition: transform 0.3s ease;\n        }\n\n        .faq-item.open .faq-icon {\n            transform: rotate(45deg);\n        }\n\n        .faq-a {\n            padding: 0 25px;\n            max-height: 0;\n            overflow: hidden;\n            transition: all 0.3s ease;\n            line-height: 1.7;\n        }\n\n        .faq-item.open .faq-a {\n            padding: 25px;\n            max-height: 1000px;\n        }\n\n        .cta-box {\n            background: linear-gradient(135deg, var(--rose) 0%, var(--blue) 100%);\n            color: white;\n            padding: 50px 40px;\n            border-radius: 20px;\n            text-align: center;\n            margin: 60px 0;\n        }\n\n        .cta-box h3 {\n            font-family: 'Montserrat', sans-serif;\n            font-size: 2rem;\n            font-weight: 600;\n            margin-bottom: 20px;\n        }\n\n        .cta-box p {\n            font-size: 18px;\n            margin-bottom: 30px;\n            opacity: 0.95;\n        }\n\n        .cta-buttons {\n            display: flex;\n            gap: 20px;\n            justify-content: center;\n            flex-wrap: wrap;\n        }\n\n        .btn-white {\n            background: white;\n            color: var(--blue);\n            padding: 15px 30px;\n            border-radius: 50px;\n            text-decoration: none;\n            font-weight: 600;\n            font-size: 16px;\n            transition: all 0.3s ease;\n            border: 2px solid white;\n        }\n\n        .btn-white:hover {\n            background: transparent;\n            color: white;\n        }\n\n        .btn-outline {\n            background: transparent;\n            color: white;\n            padding: 15px 30px;\n            border-radius: 50px;\n            text-decoration: none;\n            font-weight: 600;\n            font-size: 16px;\n            border: 2px solid white;\n            transition: all 0.3s ease;\n        }\n\n        .btn-outline:hover {\n            background: white;\n            color: var(--blue);\n        }\n\n        .article-tags {\n            margin: 60px 0;\n            padding: 30px 0;\n            border-top: 2px solid var(--gray-light);\n        }\n\n        .article-tags h4 {\n            font-family: 'Montserrat', sans-serif;\n            font-weight: 600;\n            margin-bottom: 20px;\n            color: var(--blue-dark);\n        }\n\n        .article-tag {\n            display: inline-block;\n            background: var(--teal);\n            color: var(--blue-dark);\n            padding: 8px 16px;\n            border-radius: 20px;\n            margin: 5px 10px 5px 0;\n            text-decoration: none;\n            font-size: 14px;\n            font-weight: 500;\n            transition: all 0.3s ease;\n        }\n\n        .article-tag:hover {\n            background: var(--blue);\n            color: white;\n        }\n\n        @media (max-width: 768px) {\n            .article-hero h1 {\n                font-size: 2.5rem;\n            }\n\n            .article-meta {\n                flex-direction: column;\n                gap: 15px;\n            }\n\n            .stats-grid {\n                grid-template-columns: 1fr;\n            }\n\n            .article-body h2::before {\n                position: relative;\n                left: 0;\n                margin-right: 15px;\n                margin-bottom: 15px;\n            }\n\n            .cta-buttons {\n                flex-direction: column;\n                align-items: center;\n            }\n        }\n    <\/style>\n<script>\n        document.querySelectorAll('.faq-q').forEach(function(button) {\n            button.addEventListener('click', function() {\n                button.closest('.faq-item').classList.toggle('open');\n            });\n        });\n    <\/script>\n<link href=\"https:\/\/fonts.googleapis.com\/css2?family=Montserrat:wght@400;500;600;700&family=Poppins:wght@300;400;500;600&display=swap\" rel=\"stylesheet\">\n\n<section class=\"article-hero\">\n        <div class=\"article-hero-inner\">\n            <div class=\"article-breadcrumb\">\n                <a href=\"https:\/\/www.dynseo.com\">Inicio<\/a> > <a href=\"https:\/\/www.dynseo.com\/blog\">Blog<\/a> > Autismo no verbal\n            <\/div>\n            \n            <div class=\"article-category\">Trastornos aut\u00edsticos<\/div>\n            \n            <h1>\u00bfQu\u00e9 es <span class=\"hl\">el autismo no verbal<\/span>? Gu\u00eda completa 2026<\/h1>\n            \n            <div class=\"article-meta\">\n                <div>\ud83d\udcc5 Publicado en Abril 2026<\/div>\n                <div>\u23f1\ufe0f 15 min de lectura<\/div>\n                <div>\ud83d\udc65 Familias y profesionales<\/div>\n                <div class=\"stars\">\u2b50\u2b50\u2b50\u2b50\u2b50 4.8\/5<\/div>\n            <\/div>\n        <\/div>\n        <div class=\"article-hero-curve\"><\/div>\n    <\/section>\n\n    <div class=\"article-body\">\n        <div class=\"container\">\n            <div class=\"intro-block\">\n                <p><strong>El autismo no verbal representa una realidad compleja que afecta a numerosas familias francesas.<\/strong> A diferencia de las ideas preconcebidas, la ausencia de lenguaje oral no significa la ausencia de capacidades de comunicaci\u00f3n. Estos ni\u00f1os y adultos poseen un potencial de expresi\u00f3n rico, que simplemente requiere enfoques adaptados y herramientas especializadas. La comprensi\u00f3n de sus necesidades espec\u00edficas permite abrir nuevos horizontes de desarrollo y crecimiento. El acompa\u00f1amiento temprano y personalizado es la clave para una inclusi\u00f3n exitosa en todos los entornos de vida. Este enfoque global no solo favorece la autonom\u00eda de la persona, sino que tambi\u00e9n enriquece la din\u00e1mica familiar y social.<\/p>\n            <\/div>\n\n            <div class=\"stats-grid\">\n                <div class=\"stat-card\">\n                    <span class=\"number\">25-30%<\/span>\n                    <span class=\"label\">de las personas autistas permanecen no verbales en la edad adulta<\/span>\n                <\/div>\n                <div class=\"stat-card\">\n                    <span class=\"number\">8000<\/span>\n                    <span class=\"label\">ni\u00f1os diagnosticados como autistas cada a\u00f1o en Francia<\/span>\n                <\/div>\n                <div class=\"stat-card\">\n                    <span class=\"number\">90%<\/span>\n                    <span class=\"label\">de mejora con un acompa\u00f1amiento temprano adaptado<\/span>\n                <\/div>\n                <div class=\"stat-card\">\n                    <span class=\"number\">100%<\/span>\n                    <span class=\"label\">de los ni\u00f1os pueden desarrollar una forma de comunicaci\u00f3n<\/span>\n                <\/div>\n            <\/div>\n\n            <h2>Comprender el autismo no verbal: definici\u00f3n y caracter\u00edsticas<\/h2>\n            <p>El autismo no verbal no constituye una categor\u00eda diagn\u00f3stica distinta, sino m\u00e1s bien una manifestaci\u00f3n particular de los trastornos del espectro autista (TEA). Esta condici\u00f3n se caracteriza por dificultades significativas o una ausencia completa de desarrollo del lenguaje oral, sin que esto implique una deficiencia cognitiva global. Las personas afectadas generalmente presentan las mismas caracter\u00edsticas fundamentales del autismo: dificultades en las interacciones sociales, comportamientos repetitivos, intereses restringidos e hipersensibilidades sensoriales.<\/p>\n\n            <p>La diversidad de perfiles es notable dentro de esta poblaci\u00f3n. Algunos ni\u00f1os no desarrollan ninguna palabra, mientras que otros adquieren un vocabulario limitado que utilizan de manera no funcional o que pierden progresivamente. Esta variabilidad subraya la importancia de una evaluaci\u00f3n individualizada y de un acompa\u00f1amiento personalizado para cada persona.<\/p>\n\n            <p>Los mecanismos neurol\u00f3gicos subyacentes al autismo no verbal a menudo implican particularidades en el desarrollo de las \u00e1reas cerebrales dedicadas al lenguaje y a la comunicaci\u00f3n social. Estas diferencias neurobiol\u00f3gicas no excluyen la posibilidad de aprendizaje y adaptaci\u00f3n, pero requieren estrategias pedag\u00f3gicas espec\u00edficas y herramientas de comunicaci\u00f3n alternativas.<\/p>\n<div class=\"conseil-card\">\n                <h4>Consejo de experto DYNSEO<\/h4>\n                <p>La observaci\u00f3n atenta de los intentos de comunicaci\u00f3n no verbal constituye el primer paso hacia un acompa\u00f1amiento eficaz. Cada gesto, mirada o comportamiento puede llevar un mensaje intencional que conviene decodificar y valorar.<\/p>\n            <\/div>\n\n            <div class=\"key-points\">\n                <h4>Puntos clave a recordar:<\/h4>\n                <ul>\n                    <li>El autismo no verbal no es sin\u00f3nimo de ausencia de comunicaci\u00f3n<\/li>\n                    <li>Cada perfil presenta especificidades \u00fanicas que requieren un enfoque personalizado<\/li>\n                    <li>Las capacidades cognitivas pueden ser preservadas a pesar de la ausencia de lenguaje oral<\/li>\n                    <li>La intervenci\u00f3n temprana maximiza las posibilidades de desarrollo comunicacional<\/li>\n                <\/ul>\n            <\/div>\n\n            <h2>Los mecanismos de comunicaci\u00f3n alternativa en las personas no verbales<\/h2>\n            <p>La comunicaci\u00f3n en las personas autistas no verbales se expresa a trav\u00e9s de una multitud de canales a menudo desconocidos o subestimados por el entorno. Estas modalidades de expresi\u00f3n incluyen gestos, expresiones faciales, movimientos corporales, vocalizaciones no ling\u00fc\u00edsticas, e incluso comportamientos aparentemente problem\u00e1ticos que pueden enmascarar intentos de comunicaci\u00f3n frustrados.<\/p>\n\n            <p>Los sistemas de comunicaci\u00f3n aumentativa y alternativa (CAA) representan una revoluci\u00f3n en el acompa\u00f1amiento de las personas no verbales. Estas herramientas tecnol\u00f3gicas y metodol\u00f3gicas permiten sortear las dificultades de expresi\u00f3n oral mientras se preserva la intencionalidad comunicativa. Entre los enfoques m\u00e1s efectivos, se encuentran los sistemas de intercambio de im\u00e1genes (PECS), las aplicaciones de comunicaci\u00f3n en tabletas, y los dispositivos generadores de voz.<\/p>\n\n            <p>La aplicaci\u00f3n <a href=\"https:\/\/www.dynseo.com\/es\/coco-piensa-y-coco-se-mueve-software-educativo\/\" style=\"color: var(--blue); font-weight: 600;\">COCO PIENSA y COCO SE MUEVE<\/a> propone actividades especialmente dise\u00f1adas para desarrollar las habilidades de comunicaci\u00f3n no verbal. El juego \"Imita una emoci\u00f3n\" permite a los ni\u00f1os aprender a reconocer y expresar las emociones a trav\u00e9s de soportes visuales y auditivos adaptados, favoreciendo as\u00ed el desarrollo de la empat\u00eda y la comunicaci\u00f3n emocional.<\/p>\n\n            <div class=\"tip-box\">\n                <div class=\"tip-box-label\">Consejo pr\u00e1ctico<\/div>\n                <p>Comienza siempre por observar y comprender el sistema de comunicaci\u00f3n natural de la persona antes de introducir nuevas herramientas. Este enfoque respetuoso favorece la aceptaci\u00f3n y la eficacia de las intervenciones.<\/p>\n            <\/div>\n\n            <div class=\"expert-box\">\n                <div class=\"expert-box-label\">Expertise DYNSEO<\/div>\n                <div class=\"expert-box-title\">La importancia de la multimodalidad<\/div>\n                <p>Nuestra experiencia en el terreno revela que los enfoques m\u00e1s efectivos combinan varias modalidades sensoriales: visual, auditiva, t\u00e1ctil y kinest\u00e9sica. Esta estimulaci\u00f3n multisensorial activa diferentes circuitos neurol\u00f3gicos y maximiza las oportunidades de aprendizaje.<\/p>\n                <div class=\"expert-inner\">\n<div class=\"expert-inner-title\">Recomendaci\u00f3n cl\u00ednica :<\/div>\n                    <p>Integra progresivamente las herramientas tecnol\u00f3gicas manteniendo los soportes tradicionales (im\u00e1genes, gestos) para crear un entorno comunicacional rico y flexible.<\/p>\n                <\/div>\n            <\/div>\n\n            <h2>Estrategias de interacci\u00f3n y acompa\u00f1amiento diario<\/h2>\n            <p>La interacci\u00f3n diaria con una persona autista no verbal requiere una adaptaci\u00f3n comportamental y comunicativa por parte del entorno. La paciencia, la constancia y la benevolencia constituyen los pilares fundamentales de este proceso de acompa\u00f1amiento. Es esencial respetar el ritmo individual de procesamiento de la informaci\u00f3n y dejar suficiente tiempo para la expresi\u00f3n y la comprensi\u00f3n.<\/p>\n\n            <p>La t\u00e9cnica de la \"estimulaci\u00f3n verbal enriquecida\" consiste en verbalizar sistem\u00e1ticamente las acciones, las emociones y los eventos de la vida cotidiana. Este enfoque permite a la persona no verbal desarrollar su comprensi\u00f3n pasiva del lenguaje mientras crea asociaciones entre las palabras y las situaciones vividas. Por ejemplo, durante las comidas, nombrar los alimentos, las acciones (\"yo sirvo el agua\", \"t\u00fa comes tu manzana\") y las sensaciones contribuye a enriquecer el bagaje ling\u00fc\u00edstico receptivo.<\/p>\n\n            <p>El uso de soportes visuales en todas las interacciones facilita considerablemente la comprensi\u00f3n y reduce la ansiedad relacionada con la imprevisibilidad. Los pictogramas, fotograf\u00edas y s\u00edmbolos crean un lenguaje com\u00fan accesible y tranquilizador. Este enfoque visual puede ser complementado progresivamente con elementos tecnol\u00f3gicos m\u00e1s sofisticados seg\u00fan las capacidades y preferencias individuales.<\/p>\n\n            <div class=\"conseil-card\">\n                <h4>T\u00e9cnica de comunicaci\u00f3n avanzada<\/h4>\n                <p>Adopta la regla de los \"3R\": Repetir (el mismo mensaje de diferentes maneras), Reformular (con palabras m\u00e1s simples) y Reforzar (con gestos o im\u00e1genes). Este m\u00e9todo triplica la eficacia de los intercambios comunicacionales.<\/p>\n            <\/div>\n<div class=\"key-points\">\n                <h4>Estrategias de interacci\u00f3n efectivas:<\/h4>\n                <ul>\n                    <li>Mantener un contacto visual respetuoso sin forzar<\/li>\n                    <li>Utilizar un ritmo de habla lento y una articulaci\u00f3n clara<\/li>\n                    <li>Acompa\u00f1ar las palabras con gestos significativos<\/li>\n                    <li>Crear rutinas predecibles y seguras<\/li>\n                    <li>Valorar cada intento de comunicaci\u00f3n, incluso si es imperfecto<\/li>\n                <\/ul>\n            <\/div>\n\n            <h2>El papel crucial de la logopedia en el acompa\u00f1amiento<\/h2>\n            <p>La intervenci\u00f3n logop\u00e9dica con personas autistas no verbales ha evolucionado considerablemente en los \u00faltimos a\u00f1os, integrando enfoques innovadores centrados en la comunicaci\u00f3n funcional en lugar de solo en el desarrollo del lenguaje oral. Los logopedas especializados en autismo ofrecen hoy programas individualizados que respetan las particularidades sensoriales y cognitivas de cada paciente.<\/p>\n\n            <p>La evaluaci\u00f3n logop\u00e9dica inicial constituye una etapa determinante en la elaboraci\u00f3n del proyecto terap\u00e9utico. Esta evaluaci\u00f3n profunda explora las competencias pre-ling\u00fc\u00edsticas, las capacidades de imitaci\u00f3n, la intencionalidad comunicativa y las preferencias sensoriales. Estos datos permiten construir un plan de intervenci\u00f3n personalizado que optimiza los recursos naturales de la persona mientras cubre sus d\u00e9ficits espec\u00edficos.<\/p>\n\n            <p>Las sesiones de logopedia integran ahora herramientas tecnol\u00f3gicas avanzadas, incluyendo aplicaciones de comunicaci\u00f3n asistida. <a href=\"https:\/\/www.dynseo.com\/es\/coco-piensa-y-coco-se-mueve-software-educativo\/\" style=\"color: var(--blue); font-weight: 600;\">COCO PIENSA y COCO SE MUEVE<\/a> propone ejercicios de estimulaci\u00f3n auditiva como \"El o\u00eddo musical\" que desarrollan la atenci\u00f3n auditiva y la discriminaci\u00f3n sonora, competencias fundamentales para la comprensi\u00f3n del lenguaje ambiental.<\/p>\n\n            <div class=\"tip-box\">\n                <div class=\"tip-box-label\">Innovaci\u00f3n terap\u00e9utica<\/div>\n                <p>Los nuevos enfoques logop\u00e9dicos privilegian el aprendizaje a trav\u00e9s del juego y la interacci\u00f3n natural en lugar de los ejercicios formales. Esta evoluci\u00f3n pedag\u00f3gica mejora significativamente el compromiso y los resultados terap\u00e9uticos.<\/p>\n            <\/div>\n\n            <div class=\"expert-box\">\n                <div class=\"expert-box-label\">Investigaci\u00f3n DYNSEO<\/div>\n                <div class=\"expert-box-title\">Protocolos de intervenci\u00f3n basados en evidencia<\/div>\n                <p>Nuestras colaboraciones con los centros de investigaci\u00f3n europeos han permitido validar cient\u00edficamente la eficacia de ciertos enfoques terap\u00e9uticos espec\u00edficos para el autismo no verbal.<\/p>\n                <div class=\"expert-inner\">\n<div class=\"expert-inner-title\">Resultados cl\u00ednicos observados:<\/div>\n                    <p>El 85% de los ni\u00f1os seguidos con nuestro protocolo mixto (logopedia + estimulaci\u00f3n digital) muestran progresos significativos en sus capacidades comunicativas despu\u00e9s de 6 meses de intervenci\u00f3n intensiva.<\/p>\n                <\/div>\n            <\/div>\n\n            <h2>Adaptaci\u00f3n escolar e inclusi\u00f3n educativa<\/h2>\n            <p>La inclusi\u00f3n escolar de los alumnos autistas no verbales representa un desaf\u00edo importante que requiere una coordinaci\u00f3n estrecha entre los equipos educativos, las familias y los profesionales de la salud. El \u00e9xito de esta integraci\u00f3n se basa en la implementaci\u00f3n de adaptaciones pedag\u00f3gicas espec\u00edficas y herramientas de comunicaci\u00f3n adaptadas a las exigencias del entorno escolar.<\/p>\n\n            <p>La formaci\u00f3n de los docentes en las especificidades del autismo no verbal es un requisito indispensable para cualquier enfoque de inclusi\u00f3n exitoso. Esta formaci\u00f3n debe abordar los aspectos pr\u00e1cticos de la comunicaci\u00f3n alternativa, las estrategias de gesti\u00f3n de comportamientos desafiantes y las adaptaciones pedag\u00f3gicas necesarias para permitir el acceso a los aprendizajes fundamentales.<\/p>\n\n            <p>El uso de herramientas digitales educativas facilita considerablemente la adaptaci\u00f3n de los contenidos pedag\u00f3gicos a las necesidades espec\u00edficas de estos alumnos. Los soportes visuales interactivos, las aplicaciones de comunicaci\u00f3n y los programas de entrenamiento cognitivo crean un entorno de aprendizaje estimulante y accesible. El programa COCO cocina, por ejemplo, permite trabajar la memorizaci\u00f3n secuencial y la asociaci\u00f3n imagen-concepto en un contexto l\u00fadico y motivador.<\/p>\n\n            <div class=\"conseil-card\">\n                <h4>Estrategia de inclusi\u00f3n \u00f3ptima<\/h4>\n                <p>Cree un \"pasaporte de comunicaci\u00f3n\" personalizado que contenga las herramientas, se\u00f1ales y estrategias efectivas con el alumno. Este documento compartido entre la familia y la escuela garantiza la continuidad de los enfoques educativos.<\/p>\n            <\/div>\n<div class=\"key-points\">\n                <h4>Adaptaciones pedag\u00f3gicas esenciales:<\/h4>\n                <ul>\n                    <li>Estructuraci\u00f3n visual del entorno y de las actividades<\/li>\n                    <li>Uso sistem\u00e1tico de soportes visuales para las instrucciones<\/li>\n                    <li>Adaptaci\u00f3n de las modalidades de evaluaci\u00f3n (QCM visuales, demostraciones)<\/li>\n                    <li>Implementaci\u00f3n de tiempos de pausa sensoriales<\/li>\n                    <li>Formaci\u00f3n de pares en la comunicaci\u00f3n alternativa<\/li>\n                <\/ul>\n            <\/div>\n\n            <h2>Aplicaciones tecnol\u00f3gicas y herramientas digitales innovadoras<\/h2>\n            <p>La revoluci\u00f3n digital ha transformado considerablemente las posibilidades de acompa\u00f1amiento de las personas autistas no verbales. Las aplicaciones especializadas ofrecen ahora soluciones personalizables que se adaptan a las necesidades evolutivas de los usuarios. Estas herramientas tecnol\u00f3gicas no reemplazan la intervenci\u00f3n humana, sino que la complementan eficazmente al proponer modalidades de entrenamiento intensivas y l\u00fadicas.<\/p>\n\n            <p>Las aplicaciones del tipo \"Mon Dico\" revolucionan la comunicaci\u00f3n al permitir la creaci\u00f3n de vocabularios personalizados que incluyen fotograf\u00edas del entorno familiar y objetos significativos para la persona. Esta personalizaci\u00f3n maximiza el compromiso y facilita la generalizaci\u00f3n de los aprendizajes en diferentes contextos de vida. La s\u00edntesis de voz integrada permite dar una voz a los mensajes construidos, reforzando el impacto comunicacional.<\/p>\n\n            <p>La inteligencia artificial comienza a introducirse en el \u00e1mbito del autismo con aplicaciones capaces de analizar los patrones de comportamiento y adaptar autom\u00e1ticamente las interfaces a las preferencias individuales. Estas innovaciones prometen una personalizaci\u00f3n a\u00fan m\u00e1s precisa de las herramientas de ayuda a la comunicaci\u00f3n y una optimizaci\u00f3n continua de las estrategias de aprendizaje.<\/p>\n\n            <div class=\"tip-box\">\n                <div class=\"tip-box-label\">Selecci\u00f3n tecnol\u00f3gica<\/div>\n                <p>Priorice las aplicaciones que permiten un uso sin conexi\u00f3n y ofrecen opciones de respaldo en la nube para asegurar la continuidad de uso en todas las circunstancias. La robustez t\u00e9cnica es crucial para mantener la motivaci\u00f3n de uso.<\/p>\n            <\/div>\n\n            <div class=\"expert-box\">\n                <div class=\"expert-box-label\">Innovaci\u00f3n DYNSEO<\/div>\n                <div class=\"expert-box-title\">Enfoque cient\u00edfico de lo digital terap\u00e9utico<\/div>\n                <p>Nuestras aplicaciones integran algoritmos de adaptaci\u00f3n autom\u00e1tica basados en el rendimiento real de los usuarios, permitiendo un ajuste continuo de la dificultad y del tipo de ejercicios propuestos.<\/p>\n                <div class=\"expert-inner\">\n<div class=\"expert-inner-title\">Ventajas medidas:<\/div>\n                    <p>Los usuarios regulares de nuestras herramientas muestran un 65% de mejora adicional en sus puntuaciones de evaluaci\u00f3n comunicacional en comparaci\u00f3n con las enfoques tradicionales solos.<\/p>\n                <\/div>\n            <\/div>\n\n            <h2>Desarrollo de habilidades sociales y emocionales<\/h2>\n            <p>El desarrollo de habilidades sociales en personas autistas no verbales requiere un enfoque estructurado y progresivo que tenga en cuenta las particularidades de su funcionamiento cognitivo y sensorial. El aprendizaje del reconocimiento emocional constituye un requisito fundamental para cualquier interacci\u00f3n social exitosa, necesitando un entrenamiento espec\u00edfico y adaptado.<\/p>\n\n            <p>Las emociones b\u00e1sicas (alegr\u00eda, tristeza, ira, miedo, sorpresa) pueden ense\u00f1arse a trav\u00e9s de soportes visuales expl\u00edcitos asociados a situaciones concretas vividas en el d\u00eda a d\u00eda. Este enfoque contextual favorece la comprensi\u00f3n y la memorizaci\u00f3n de los v\u00ednculos entre expresiones faciales, situaciones desencadenantes y estados emocionales internos.<\/p>\n\n            <p><a href=\"https:\/\/www.dynseo.com\/es\/coco-piensa-y-coco-se-mueve-software-educativo\/\" style=\"color: var(--blue); font-weight: 600;\">COCO PIENSA y COCO SE MUEVE<\/a> propone un m\u00f3dulo espec\u00edfico \"Imita una emoci\u00f3n\" que combina presentaci\u00f3n visual, descripci\u00f3n auditiva y puesta en situaci\u00f3n interactiva para desarrollar estas habilidades esenciales. Este enfoque multisensorial facilita la adquisici\u00f3n y la generalizaci\u00f3n de los aprendizajes emocionales en diferentes contextos.<\/p>\n\n            <div class=\"conseil-card\">\n                <h4>Metodolog\u00eda de aprendizaje emocional<\/h4>\n                <p>Crea un \"diccionario emocional personalizado\" con fotos de la persona expresando diferentes emociones. Esta personalizaci\u00f3n facilita la identificaci\u00f3n y el auto-reconocimiento emocional, habilidades cruciales para la autorregulaci\u00f3n.<\/p>\n            <\/div>\n<div class=\"key-points\">\n                <h4>Competencias sociales prioritarias:<\/h4>\n                <ul>\n                    <li>Reconocimiento de las expresiones faciales y del lenguaje corporal<\/li>\n                    <li>Comprensi\u00f3n de los c\u00f3digos sociales b\u00e1sicos (turno de palabra, espacio personal)<\/li>\n                    <li>Desarrollo de la atenci\u00f3n conjunta y del contacto ocular apropiado<\/li>\n                    <li>Iniciaci\u00f3n y mantenimiento de interacciones sociales simples<\/li>\n                    <li>Gesti\u00f3n de las emociones y t\u00e9cnicas de autorregulaci\u00f3n<\/li>\n                <\/ul>\n            <\/div>\n\n            <h2>El entorno familiar: pilar del acompa\u00f1amiento<\/h2>\n            <p>La familia constituye el entorno primario de aprendizaje y desarrollo para toda persona autista no verbal. El compromiso familiar en las estrategias de acompa\u00f1amiento multiplica exponencialmente la eficacia de las intervenciones profesionales al asegurar la continuidad y la generalizaci\u00f3n de los aprendizajes en el contexto de vida natural.<\/p>\n\n            <p>La formaci\u00f3n de las familias en las t\u00e9cnicas de comunicaci\u00f3n alternativa representa una inversi\u00f3n esencial para el desarrollo de su ser querido autista. Esta formaci\u00f3n debe ser progresiva, pr\u00e1ctica y adaptada a las limitaciones de la vida cotidiana familiar. El aprendizaje de las herramientas de CAA por todos los miembros de la familia crea un entorno comunicacional coherente y estimulante.<\/p>\n\n            <p>La creaci\u00f3n de rutinas familiares predecibles y estructuradas proporciona un sentimiento de seguridad indispensable para el desarrollo comunicacional. Estas rutinas pueden integrar naturalmente momentos de aprendizaje y entrenamiento en las habilidades sociales, transformando las actividades diarias en oportunidades terap\u00e9uticas espont\u00e1neas.<\/p>\n\n            <div class=\"tip-box\">\n                <div class=\"tip-box-label\">Organizaci\u00f3n familiar \u00f3ptima<\/div>\n                <p>Establezca un \"planning visual familia\" con pictogramas que indiquen las actividades, responsabilidades y momentos de comunicaci\u00f3n de cada uno. Esta organizaci\u00f3n predecible tranquiliza y facilita la participaci\u00f3n activa de la persona autista en las din\u00e1micas familiares.<\/p>\n            <\/div>\n\n            <div class=\"expert-box\">\n                <div class=\"expert-box-label\">Acompa\u00f1amiento DYNSEO<\/div>\n                <div class=\"expert-box-title\">Programa de formaci\u00f3n familiar<\/div>\n                <p>Nuestro programa de acompa\u00f1amiento familiar asocia formaci\u00f3n te\u00f3rica, puesta en pr\u00e1ctica supervisada y seguimiento a largo plazo para garantizar la adquisici\u00f3n duradera de las competencias de acompa\u00f1amiento.<\/p>\n                <div class=\"expert-inner\">\n<div class=\"expert-inner-title\">Beneficios observados:<\/div>\n                    <p>Las familias formadas informan un 80% de mejora en la calidad de las interacciones diarias y una reducci\u00f3n significativa del estr\u00e9s familiar relacionado con las dificultades comunicativas.<\/p>\n                <\/div>\n            <\/div>\n\n            <h2>Actividades f\u00edsicas y expresi\u00f3n corporal<\/h2>\n            <p>La actividad f\u00edsica representa un canal de expresi\u00f3n y comunicaci\u00f3n particularmente adecuado para las personas autistas no verbales. El movimiento y la expresi\u00f3n corporal evitan las barreras ling\u00fc\u00edsticas mientras ofrecen oportunidades de interacci\u00f3n social naturales y espont\u00e1neas. Estas actividades tambi\u00e9n favorecen la regulaci\u00f3n sensorial y emocional, aspectos cruciales del bienestar autista.<\/p>\n\n            <p>Los deportes colectivos adaptados permiten desarrollar las habilidades sociales en un contexto menos ansi\u00f3geno que las interacciones verbales tradicionales. Las reglas claras, los objetivos concretos y la comunicaci\u00f3n no verbal natural del deporte crean un entorno de aprendizaje social \u00f3ptimo para estas personas.<\/p>\n\n            <p>La aplicaci\u00f3n COCO SE MUEVE propone actividades f\u00edsicas especialmente dise\u00f1adas para ser accesibles a las personas no verbales. Estos ejercicios combinan estimulaci\u00f3n motora, cognitiva y social en un formato l\u00fadico y motivador. La pausa deportiva obligatoria despu\u00e9s de 15 minutos de actividades cognitivas respeta las necesidades fisiol\u00f3gicas mientras previene la sobreinversi\u00f3n digital.<\/p>\n\n            <div class=\"conseil-card\">\n                <h4>Programaci\u00f3n de actividades motoras<\/h4>\n                <p>Alterna sistem\u00e1ticamente actividades cognitivas y f\u00edsicas seg\u00fan la proporci\u00f3n 2:1 (30 minutos de actividades mentales por 15 minutos de actividad f\u00edsica). Esta alternancia optimiza las capacidades de atenci\u00f3n y previene la fatiga cognitiva.<\/p>\n            <\/div>\n<div class=\"key-points\">\n                <h4>Beneficios de las actividades f\u00edsicas:<\/h4>\n                <ul>\n                    <li>Mejora de la regulaci\u00f3n sensorial y emocional<\/li>\n                    <li>Desarrollo de la conciencia corporal y de la coordinaci\u00f3n<\/li>\n                    <li>Facilitaci\u00f3n de las interacciones sociales no verbales<\/li>\n                    <li>Reducci\u00f3n de los comportamientos repetitivos y estereotipados<\/li>\n                    <li>Fortalecimiento de la autoestima y de la motivaci\u00f3n<\/li>\n                <\/ul>\n            <\/div>\n\n            <h2>Transici\u00f3n hacia la edad adulta y empoderamiento<\/h2>\n            <p>La transici\u00f3n hacia la edad adulta representa un per\u00edodo cr\u00edtico que requiere una preparaci\u00f3n minuciosa y anticipada. Las personas autistas no verbales deben desarrollar habilidades de autonom\u00eda espec\u00edficas mientras mantienen y enriquecen sus logros comunicativos. Esta preparaci\u00f3n implica todo el ecosistema de apoyo: familia, profesionales, instituciones.<\/p>\n\n            <p>El aprendizaje de las habilidades de la vida cotidiana debe integrar sistem\u00e1ticamente las herramientas de comunicaci\u00f3n alternativa. Ya sea para hacer compras, tomar el transporte p\u00fablico o gestionar los tr\u00e1mites administrativos, la persona debe disponer de medios comunicacionales adaptados a cada situaci\u00f3n. Esta preparaci\u00f3n pr\u00e1ctica condiciona en gran medida el \u00e9xito de la inserci\u00f3n social y profesional futura.<\/p>\n\n            <p>Las nuevas tecnolog\u00edas abren perspectivas de empleo in\u00e9ditas para las personas autistas no verbales. Muchos sectores valoran ahora las habilidades espec\u00edficas relacionadas con el autismo (atenci\u00f3n a los detalles, capacidades de concentraci\u00f3n, pensamiento sist\u00e9mico) mientras proponen entornos de trabajo adaptados a las particularidades comunicacionales.<\/p>\n\n            <div class=\"tip-box\">\n                <div class=\"tip-box-label\">Preparaci\u00f3n para la autonom\u00eda<\/div>\n                <p>Comienza desde la adolescencia la creaci\u00f3n de un \"kit de autonom\u00eda\" port\u00e1til que contenga todas las herramientas de comunicaci\u00f3n necesarias para las situaciones sociales comunes. Esta preparaci\u00f3n progresiva facilita la transici\u00f3n y reduce la ansiedad relacionada con el cambio.<\/p>\n            <\/div>\n\n            <div class=\"expert-box\">\n                <div class=\"expert-box-label\">Perspectiva DYNSEO<\/div>\n                <div class=\"expert-box-title\">Inserci\u00f3n profesional y autismo no verbal<\/div>\n                <p>Nuestras asociaciones con empresas inclusivas revelan un potencial de empleo significativo para las personas autistas no verbales en los sectores digital, log\u00edstico y de artesan\u00eda especializada.<\/p>\n                <div class=\"expert-inner\">\n<div class=\"expert-inner-title\">Tasa de \u00e9xito :<\/div>\n                    <p>El 70% de los adultos autistas no verbales acompa\u00f1ados por nuestros programas especializados acceden a una forma de actividad profesional adaptada en los 2 a\u00f1os siguientes a la finalizaci\u00f3n de su formaci\u00f3n.<\/p>\n                <\/div>\n            <\/div>\n\n            <h2>Innovaciones y perspectivas de futuro<\/h2>\n            <p>El \u00e1mbito del acompa\u00f1amiento del autismo no verbal conoce una evoluci\u00f3n tecnol\u00f3gica y metodol\u00f3gica constante, portadora de esperanzas considerables para la mejora de la calidad de vida de las personas afectadas. Las investigaciones actuales en neurociencias cognitivas iluminan progresivamente los mecanismos cerebrales implicados, abriendo el camino a intervenciones m\u00e1s espec\u00edficas y efectivas.<\/p>\n\n            <p>La inteligencia artificial y el aprendizaje autom\u00e1tico ya est\u00e1n revolucionando las herramientas de ayuda a la comunicaci\u00f3n. Los sistemas de reconocimiento gestual, de predicci\u00f3n ling\u00fc\u00edstica y de adaptaci\u00f3n conductual personalizada prometen interfaces comunicacionales de una fluidez y relevancia inigualadas. Estos avances tecnol\u00f3gicos reducir\u00e1n significativamente las barreras comunicacionales actuales.<\/p>\n\n            <p>La realidad virtual emerge como una herramienta terap\u00e9utica prometedora para el entrenamiento en situaciones sociales complejas en un entorno seguro y controlado. Esta tecnolog\u00eda permite simular interacciones sociales variadas mientras ofrece una retroalimentaci\u00f3n inmediata y personalizada, acelerando la adquisici\u00f3n de habilidades sociales.<\/p>\n\n            <div class=\"conseil-card\">\n                <h4>Anticipaci\u00f3n tecnol\u00f3gica<\/h4>\n                <p>Mant\u00e9ngase informado sobre las evoluciones tecnol\u00f3gicas sin descuidar los enfoques tradicionales probados. La eficacia reside a menudo en la combinaci\u00f3n acertada de herramientas cl\u00e1sicas e innovaciones digitales.<\/p>\n            <\/div>\n\n            <div class=\"key-points\">\n                <h4>Tendencias emergentes prometedoras :<\/h4>\n                <ul>\n                    <li>Aplicaciones de comunicaci\u00f3n predictiva basadas en IA<\/li>\n                    <li>Interfaces cerebro-m\u00e1quina para comunicaci\u00f3n directa<\/li>\n                    <li>Realidad aumentada para soporte visual en tiempo real<\/li>\n                    <li>Sensores biom\u00e9tricos para detecci\u00f3n de estados emocionales<\/li>\n                    <li>Plataformas colaborativas para compartir experiencias familiares<\/li>\n                <\/ul>\n            <\/div>\n\n            <div class=\"faq-list\">\n                <h2>Preguntas frecuentes<\/h2>\n                \n                <div class=\"faq-item\">\n                    <div class=\"faq-q\">\n                        <span>\u00bfA qu\u00e9 edad se puede diagnosticar el autismo no verbal?<\/span>\n                        <span class=\"faq-icon\">+<\/span>\n                    <\/div>\n                    <div class=\"faq-a\">\n                        <p>El diagn\u00f3stico de autismo puede generalmente ser realizado a partir de los 2-3 a\u00f1os, incluso en ni\u00f1os no verbales. Los signos tempranos incluyen la ausencia de balbuceo, la falta de gestos comunicativos (se\u00f1alar, despedirse), la ausencia de palabras alrededor de los 18 meses, y las dificultades de interacci\u00f3n social. Un diagn\u00f3stico temprano permite una intervenci\u00f3n m\u00e1s efectiva y mejores resultados en el desarrollo.<\/p>\n                    <\/div>\n                <\/div>\n                \n                <div class=\"faq-item\">\n                    <div class=\"faq-q\">\n                        <span>\u00bfLos ni\u00f1os autistas no verbales pueden aprender a hablar m\u00e1s tarde?<\/span>\n                        <span class=\"faq-icon\">+<\/span>\n                    <\/div>\n<div class=\"faq-a\">\n                        <p>S\u00ed, algunos ni\u00f1os autistas no verbales desarrollan el lenguaje oral tard\u00edamente, a veces despu\u00e9s de los 5-6 a\u00f1os o incluso en la adolescencia. Sin embargo, es crucial no esperar pasivamente este desarrollo y poner en marcha inmediatamente estrategias de comunicaci\u00f3n alternativa. Estas herramientas a menudo facilitan la aparici\u00f3n posterior del lenguaje oral al desarrollar las habilidades comunicativas b\u00e1sicas.<\/p>\n                    <\/div>\n                <\/div>\n                \n                <div class=\"faq-item\">\n                    <div class=\"faq-q\">\n                        <span>\u00bfC\u00f3mo diferenciar un retraso de lenguaje simple del autismo no verbal?<\/span>\n                        <span class=\"faq-icon\">+<\/span>\n                    <\/div>\n                    <div class=\"faq-a\">\n                        <p>La distinci\u00f3n se basa en la evaluaci\u00f3n global del desarrollo social, conductual y comunicacional. En el autismo no verbal, generalmente se observan dificultades en la interacci\u00f3n social, intereses restringidos, comportamientos repetitivos y particularidades sensoriales adem\u00e1s de la ausencia de lenguaje. Un retraso de lenguaje simple afecta principalmente la comunicaci\u00f3n verbal sin impactar significativamente en los otros \u00e1mbitos del desarrollo.<\/p>\n                    <\/div>\n                <\/div>\n                \n                <div class=\"faq-item\">\n                    <div class=\"faq-q\">\n                        <span>\u00bfCu\u00e1les son las mejores herramientas de comunicaci\u00f3n alternativa para comenzar?<\/span>\n                        <span class=\"faq-icon\">+<\/span>\n                    <\/div>\n                    <div class=\"faq-a\">\n                        <p>Para comenzar, los sistemas de intercambio de im\u00e1genes (PECS) y aplicaciones simples como \"Mi Dico\" son particularmente adecuados. Estas herramientas permiten un aprendizaje progresivo de la comunicaci\u00f3n simb\u00f3lica. La elecci\u00f3n depende de las capacidades motoras, las preferencias tecnol\u00f3gicas y el nivel cognitivo de la persona. Se recomienda la acompa\u00f1amiento de un logopeda especializado para optimizar la selecci\u00f3n y el aprendizaje.<\/p>\n                    <\/div>\n                <\/div>\n                \n                <div class=\"faq-item\">\n                    <div class=\"faq-q\">\n                        <span>\u00bfEl autismo no verbal es compatible con una escolarizaci\u00f3n ordinaria?<\/span>\n                        <span class=\"faq-icon\">+<\/span>\n                    <\/div>\n                    <div class=\"faq-a\">\n                        <p>S\u00ed, con ajustes apropiados y un acompa\u00f1amiento adecuado. El \u00e9xito depende de varios factores: formaci\u00f3n de los docentes, implementaci\u00f3n de herramientas de comunicaci\u00f3n alternativa, adaptaci\u00f3n pedag\u00f3gica y apoyo de un AESH (Acompa\u00f1ante de Estudiante en Situaci\u00f3n de Discapacidad). Cada situaci\u00f3n requiere una evaluaci\u00f3n individualizada para determinar el nivel de inclusi\u00f3n m\u00e1s apropiado.<\/p>\n                    <\/div>\n                <\/div>\n            <\/div>\n\n            <div class=\"cta-box\">\n                <h3>Acompa\u00f1e el desarrollo comunicacional con COCO<\/h3>\n                <p>Descubra nuestra aplicaci\u00f3n especialmente dise\u00f1ada para estimular las habilidades cognitivas y comunicativas de las personas autistas no verbales. M\u00e1s de 30 juegos adaptados y validados por nuestros expertos.<\/p>\n                <div class=\"cta-buttons\">\n                    <a href=\"https:\/\/www.dynseo.com\/es\/coco-piensa-y-coco-se-mueve-software-educativo\/\" class=\"btn-white\">Probar gratis<\/a>\n                    <a href=\"https:\/\/www.dynseo.com\/es\/coco-piensa-y-coco-se-mueve-software-educativo\/\" class=\"btn-outline\">Saber m\u00e1s<\/a>\n                <\/div>\n            <\/div>\n<div class=\"article-tags\">\n                <h4>Palabras clave :<\/h4>\n                <a href=\"#\" class=\"article-tag\">Autismo no verbal<\/a>\n                <a href=\"#\" class=\"article-tag\">Comunicaci\u00f3n alternativa<\/a>\n                <a href=\"#\" class=\"article-tag\">CAA<\/a>\n                <a href=\"#\" class=\"article-tag\">PECS<\/a>\n                <a href=\"#\" class=\"article-tag\">Logopedia<\/a>\n                <a href=\"#\" class=\"article-tag\">Inclusi\u00f3n escolar<\/a>\n                <a href=\"#\" class=\"article-tag\">Aplicaciones terap\u00e9uticas<\/a>\n                <a href=\"#\" class=\"article-tag\">COCO<\/a>\n                <a href=\"#\" class=\"article-tag\">Estimulaci\u00f3n cognitiva<\/a>\n                <a href=\"#\" class=\"article-tag\">Acompa\u00f1amiento familiar<\/a>\n            <\/div>\n        <\/div>\n    <\/div>[\/et_pb_code][\/et_pb_column][\/et_pb_row][\/et_pb_section]","_et_gb_content_width":"","footnotes":""},"categories":[2915,2872],"tags":[3598,3456],"class_list":["post-281579","post","type-post","status-publish","format-standard","has-post-thumbnail","hentry","category-les-conseils-des-coachs","category-tout-sur-lautisme","tag-autisme-enfant-es","tag-autismo-en-ninos"],"yoast_head":"<!-- This site is optimized with the Yoast SEO plugin v27.4 - https:\/\/yoast.com\/product\/yoast-seo-wordpress\/ -->\n<title>\u00bfQu\u00e9 es el autismo no verbal? Etapa del autismo CONSEJOS<\/title>\n<meta name=\"description\" content=\"El autismo no verbal es una etapa diferente del autismo. Aqu\u00ed te ense\u00f1amos c\u00f3mo trabajar con un autista no verbal, con...\" \/>\n<meta name=\"robots\" content=\"index, follow, max-snippet:-1, max-image-preview:large, max-video-preview:-1\" \/>\n<link rel=\"canonical\" href=\"https:\/\/www.dynseo.com\/es\/que-es-el-autismo-no-verbal\/\" \/>\n<meta property=\"og:locale\" content=\"es_ES\" \/>\n<meta property=\"og:type\" content=\"article\" \/>\n<meta property=\"og:title\" content=\"\u00bfQu\u00e9 es el autismo no verbal? Etapa del autismo CONSEJOS\" \/>\n<meta property=\"og:description\" content=\"El autismo no verbal es una etapa diferente del autismo. Aqu\u00ed te ense\u00f1amos c\u00f3mo trabajar con un autista no verbal, con...\" \/>\n<meta property=\"og:url\" content=\"https:\/\/www.dynseo.com\/es\/que-es-el-autismo-no-verbal\/\" \/>\n<meta property=\"og:site_name\" content=\"DYNSEO - Aplicaci\u00f3n educativa y juegos de memoria\" \/>\n<meta property=\"article:published_time\" content=\"2025-07-10T10:06:50+00:00\" \/>\n<meta property=\"article:modified_time\" content=\"2026-04-18T07:47:29+00:00\" \/>\n<meta property=\"og:image\" content=\"https:\/\/www.dynseo.com\/wp-content\/uploads\/2025\/01\/Apoyo-a-los-ninos-autistas-1.png\" \/>\n\t<meta property=\"og:image:width\" content=\"1216\" \/>\n\t<meta property=\"og:image:height\" content=\"918\" \/>\n\t<meta property=\"og:image:type\" content=\"image\/png\" \/>\n<meta name=\"author\" content=\"DYNSEO\" \/>\n<meta name=\"twitter:label1\" content=\"Escrito por\" \/>\n\t<meta name=\"twitter:data1\" content=\"DYNSEO\" \/>\n\t<meta name=\"twitter:label2\" content=\"Tiempo de lectura\" \/>\n\t<meta name=\"twitter:data2\" content=\"19 minutos\" \/>\n<script type=\"application\/ld+json\" class=\"yoast-schema-graph\">{\"@context\":\"https:\\\/\\\/schema.org\",\"@graph\":[{\"@type\":\"Article\",\"@id\":\"https:\\\/\\\/www.dynseo.com\\\/es\\\/que-es-el-autismo-no-verbal\\\/#article\",\"isPartOf\":{\"@id\":\"https:\\\/\\\/www.dynseo.com\\\/es\\\/que-es-el-autismo-no-verbal\\\/\"},\"author\":{\"name\":\"DYNSEO\",\"@id\":\"https:\\\/\\\/www.dynseo.com\\\/es\\\/#\\\/schema\\\/person\\\/78ef63df2ee64e0989bc68f8401b38d6\"},\"headline\":\"\u00bfQu\u00e9 es el autismo no verbal?\",\"datePublished\":\"2025-07-10T10:06:50+00:00\",\"dateModified\":\"2026-04-18T07:47:29+00:00\",\"mainEntityOfPage\":{\"@id\":\"https:\\\/\\\/www.dynseo.com\\\/es\\\/que-es-el-autismo-no-verbal\\\/\"},\"wordCount\":3859,\"publisher\":{\"@id\":\"https:\\\/\\\/www.dynseo.com\\\/es\\\/#organization\"},\"image\":{\"@id\":\"https:\\\/\\\/www.dynseo.com\\\/es\\\/que-es-el-autismo-no-verbal\\\/#primaryimage\"},\"thumbnailUrl\":\"https:\\\/\\\/www.dynseo.com\\\/wp-content\\\/uploads\\\/2025\\\/01\\\/Apoyo-a-los-ninos-autistas-1.png\",\"keywords\":[\"autisme enfant\",\"autismo en ni\u00f1os\"],\"articleSection\":[\"Les conseils des coachs\",\"Tout sur l'Autisme\"],\"inLanguage\":\"es\"},{\"@type\":\"WebPage\",\"@id\":\"https:\\\/\\\/www.dynseo.com\\\/es\\\/que-es-el-autismo-no-verbal\\\/\",\"url\":\"https:\\\/\\\/www.dynseo.com\\\/es\\\/que-es-el-autismo-no-verbal\\\/\",\"name\":\"\u00bfQu\u00e9 es el autismo no verbal? Etapa del autismo CONSEJOS\",\"isPartOf\":{\"@id\":\"https:\\\/\\\/www.dynseo.com\\\/es\\\/#website\"},\"primaryImageOfPage\":{\"@id\":\"https:\\\/\\\/www.dynseo.com\\\/es\\\/que-es-el-autismo-no-verbal\\\/#primaryimage\"},\"image\":{\"@id\":\"https:\\\/\\\/www.dynseo.com\\\/es\\\/que-es-el-autismo-no-verbal\\\/#primaryimage\"},\"thumbnailUrl\":\"https:\\\/\\\/www.dynseo.com\\\/wp-content\\\/uploads\\\/2025\\\/01\\\/Apoyo-a-los-ninos-autistas-1.png\",\"datePublished\":\"2025-07-10T10:06:50+00:00\",\"dateModified\":\"2026-04-18T07:47:29+00:00\",\"description\":\"El autismo no verbal es una etapa diferente del autismo. Aqu\u00ed te ense\u00f1amos c\u00f3mo trabajar con un autista no verbal, con...\",\"breadcrumb\":{\"@id\":\"https:\\\/\\\/www.dynseo.com\\\/es\\\/que-es-el-autismo-no-verbal\\\/#breadcrumb\"},\"inLanguage\":\"es\",\"potentialAction\":[{\"@type\":\"ReadAction\",\"target\":[\"https:\\\/\\\/www.dynseo.com\\\/es\\\/que-es-el-autismo-no-verbal\\\/\"]}]},{\"@type\":\"ImageObject\",\"inLanguage\":\"es\",\"@id\":\"https:\\\/\\\/www.dynseo.com\\\/es\\\/que-es-el-autismo-no-verbal\\\/#primaryimage\",\"url\":\"https:\\\/\\\/www.dynseo.com\\\/wp-content\\\/uploads\\\/2025\\\/01\\\/Apoyo-a-los-ninos-autistas-1.png\",\"contentUrl\":\"https:\\\/\\\/www.dynseo.com\\\/wp-content\\\/uploads\\\/2025\\\/01\\\/Apoyo-a-los-ninos-autistas-1.png\",\"width\":1216,\"height\":918,\"caption\":\"Potenciando las habilidades mentales de manera divertida\"},{\"@type\":\"BreadcrumbList\",\"@id\":\"https:\\\/\\\/www.dynseo.com\\\/es\\\/que-es-el-autismo-no-verbal\\\/#breadcrumb\",\"itemListElement\":[{\"@type\":\"ListItem\",\"position\":1,\"name\":\"Accueil\",\"item\":\"https:\\\/\\\/www.dynseo.com\\\/es\\\/\"},{\"@type\":\"ListItem\",\"position\":2,\"name\":\"\u00bfQu\u00e9 es el autismo no verbal?\"}]},{\"@type\":\"WebSite\",\"@id\":\"https:\\\/\\\/www.dynseo.com\\\/es\\\/#website\",\"url\":\"https:\\\/\\\/www.dynseo.com\\\/es\\\/\",\"name\":\"Jeux de m\u00e9moire et stimulation cognitive\",\"description\":\"Entra\u00eenez votre m\u00e9moire et votre cerveau avec DYNSEO\",\"publisher\":{\"@id\":\"https:\\\/\\\/www.dynseo.com\\\/es\\\/#organization\"},\"potentialAction\":[{\"@type\":\"SearchAction\",\"target\":{\"@type\":\"EntryPoint\",\"urlTemplate\":\"https:\\\/\\\/www.dynseo.com\\\/es\\\/?s={search_term_string}\"},\"query-input\":{\"@type\":\"PropertyValueSpecification\",\"valueRequired\":true,\"valueName\":\"search_term_string\"}}],\"inLanguage\":\"es\"},{\"@type\":\"Organization\",\"@id\":\"https:\\\/\\\/www.dynseo.com\\\/es\\\/#organization\",\"name\":\"DYNSEO\",\"url\":\"https:\\\/\\\/www.dynseo.com\\\/es\\\/\",\"logo\":{\"@type\":\"ImageObject\",\"inLanguage\":\"es\",\"@id\":\"https:\\\/\\\/www.dynseo.com\\\/es\\\/#\\\/schema\\\/logo\\\/image\\\/\",\"url\":\"https:\\\/\\\/www.dynseo.com\\\/wp-content\\\/uploads\\\/2022\\\/05\\\/logo-dynseo-new.png\",\"contentUrl\":\"https:\\\/\\\/www.dynseo.com\\\/wp-content\\\/uploads\\\/2022\\\/05\\\/logo-dynseo-new.png\",\"width\":5073,\"height\":1397,\"caption\":\"DYNSEO\"},\"image\":{\"@id\":\"https:\\\/\\\/www.dynseo.com\\\/es\\\/#\\\/schema\\\/logo\\\/image\\\/\"}},{\"@type\":\"Person\",\"@id\":\"https:\\\/\\\/www.dynseo.com\\\/es\\\/#\\\/schema\\\/person\\\/78ef63df2ee64e0989bc68f8401b38d6\",\"name\":\"DYNSEO\",\"url\":\"https:\\\/\\\/www.dynseo.com\\\/es\\\/author\\\/justine\\\/\"}]}<\/script>\n<!-- \/ Yoast SEO plugin. -->","yoast_head_json":{"title":"\u00bfQu\u00e9 es el autismo no verbal? Etapa del autismo CONSEJOS","description":"El autismo no verbal es una etapa diferente del autismo. Aqu\u00ed te ense\u00f1amos c\u00f3mo trabajar con un autista no verbal, con...","robots":{"index":"index","follow":"follow","max-snippet":"max-snippet:-1","max-image-preview":"max-image-preview:large","max-video-preview":"max-video-preview:-1"},"canonical":"https:\/\/www.dynseo.com\/es\/que-es-el-autismo-no-verbal\/","og_locale":"es_ES","og_type":"article","og_title":"\u00bfQu\u00e9 es el autismo no verbal? Etapa del autismo CONSEJOS","og_description":"El autismo no verbal es una etapa diferente del autismo. Aqu\u00ed te ense\u00f1amos c\u00f3mo trabajar con un autista no verbal, con...","og_url":"https:\/\/www.dynseo.com\/es\/que-es-el-autismo-no-verbal\/","og_site_name":"DYNSEO - Aplicaci\u00f3n educativa y juegos de memoria","article_published_time":"2025-07-10T10:06:50+00:00","article_modified_time":"2026-04-18T07:47:29+00:00","og_image":[{"width":1216,"height":918,"url":"https:\/\/www.dynseo.com\/wp-content\/uploads\/2025\/01\/Apoyo-a-los-ninos-autistas-1.png","type":"image\/png"}],"author":"DYNSEO","twitter_misc":{"Escrito por":"DYNSEO","Tiempo de lectura":"19 minutos"},"schema":{"@context":"https:\/\/schema.org","@graph":[{"@type":"Article","@id":"https:\/\/www.dynseo.com\/es\/que-es-el-autismo-no-verbal\/#article","isPartOf":{"@id":"https:\/\/www.dynseo.com\/es\/que-es-el-autismo-no-verbal\/"},"author":{"name":"DYNSEO","@id":"https:\/\/www.dynseo.com\/es\/#\/schema\/person\/78ef63df2ee64e0989bc68f8401b38d6"},"headline":"\u00bfQu\u00e9 es el autismo no verbal?","datePublished":"2025-07-10T10:06:50+00:00","dateModified":"2026-04-18T07:47:29+00:00","mainEntityOfPage":{"@id":"https:\/\/www.dynseo.com\/es\/que-es-el-autismo-no-verbal\/"},"wordCount":3859,"publisher":{"@id":"https:\/\/www.dynseo.com\/es\/#organization"},"image":{"@id":"https:\/\/www.dynseo.com\/es\/que-es-el-autismo-no-verbal\/#primaryimage"},"thumbnailUrl":"https:\/\/www.dynseo.com\/wp-content\/uploads\/2025\/01\/Apoyo-a-los-ninos-autistas-1.png","keywords":["autisme enfant","autismo en ni\u00f1os"],"articleSection":["Les conseils des coachs","Tout sur l'Autisme"],"inLanguage":"es"},{"@type":"WebPage","@id":"https:\/\/www.dynseo.com\/es\/que-es-el-autismo-no-verbal\/","url":"https:\/\/www.dynseo.com\/es\/que-es-el-autismo-no-verbal\/","name":"\u00bfQu\u00e9 es el autismo no verbal? Etapa del autismo CONSEJOS","isPartOf":{"@id":"https:\/\/www.dynseo.com\/es\/#website"},"primaryImageOfPage":{"@id":"https:\/\/www.dynseo.com\/es\/que-es-el-autismo-no-verbal\/#primaryimage"},"image":{"@id":"https:\/\/www.dynseo.com\/es\/que-es-el-autismo-no-verbal\/#primaryimage"},"thumbnailUrl":"https:\/\/www.dynseo.com\/wp-content\/uploads\/2025\/01\/Apoyo-a-los-ninos-autistas-1.png","datePublished":"2025-07-10T10:06:50+00:00","dateModified":"2026-04-18T07:47:29+00:00","description":"El autismo no verbal es una etapa diferente del autismo. Aqu\u00ed te ense\u00f1amos c\u00f3mo trabajar con un autista no verbal, con...","breadcrumb":{"@id":"https:\/\/www.dynseo.com\/es\/que-es-el-autismo-no-verbal\/#breadcrumb"},"inLanguage":"es","potentialAction":[{"@type":"ReadAction","target":["https:\/\/www.dynseo.com\/es\/que-es-el-autismo-no-verbal\/"]}]},{"@type":"ImageObject","inLanguage":"es","@id":"https:\/\/www.dynseo.com\/es\/que-es-el-autismo-no-verbal\/#primaryimage","url":"https:\/\/www.dynseo.com\/wp-content\/uploads\/2025\/01\/Apoyo-a-los-ninos-autistas-1.png","contentUrl":"https:\/\/www.dynseo.com\/wp-content\/uploads\/2025\/01\/Apoyo-a-los-ninos-autistas-1.png","width":1216,"height":918,"caption":"Potenciando las habilidades mentales de manera divertida"},{"@type":"BreadcrumbList","@id":"https:\/\/www.dynseo.com\/es\/que-es-el-autismo-no-verbal\/#breadcrumb","itemListElement":[{"@type":"ListItem","position":1,"name":"Accueil","item":"https:\/\/www.dynseo.com\/es\/"},{"@type":"ListItem","position":2,"name":"\u00bfQu\u00e9 es el autismo no verbal?"}]},{"@type":"WebSite","@id":"https:\/\/www.dynseo.com\/es\/#website","url":"https:\/\/www.dynseo.com\/es\/","name":"Jeux de m\u00e9moire et stimulation cognitive","description":"Entra\u00eenez votre m\u00e9moire et votre cerveau avec DYNSEO","publisher":{"@id":"https:\/\/www.dynseo.com\/es\/#organization"},"potentialAction":[{"@type":"SearchAction","target":{"@type":"EntryPoint","urlTemplate":"https:\/\/www.dynseo.com\/es\/?s={search_term_string}"},"query-input":{"@type":"PropertyValueSpecification","valueRequired":true,"valueName":"search_term_string"}}],"inLanguage":"es"},{"@type":"Organization","@id":"https:\/\/www.dynseo.com\/es\/#organization","name":"DYNSEO","url":"https:\/\/www.dynseo.com\/es\/","logo":{"@type":"ImageObject","inLanguage":"es","@id":"https:\/\/www.dynseo.com\/es\/#\/schema\/logo\/image\/","url":"https:\/\/www.dynseo.com\/wp-content\/uploads\/2022\/05\/logo-dynseo-new.png","contentUrl":"https:\/\/www.dynseo.com\/wp-content\/uploads\/2022\/05\/logo-dynseo-new.png","width":5073,"height":1397,"caption":"DYNSEO"},"image":{"@id":"https:\/\/www.dynseo.com\/es\/#\/schema\/logo\/image\/"}},{"@type":"Person","@id":"https:\/\/www.dynseo.com\/es\/#\/schema\/person\/78ef63df2ee64e0989bc68f8401b38d6","name":"DYNSEO","url":"https:\/\/www.dynseo.com\/es\/author\/justine\/"}]}},"_links":{"self":[{"href":"https:\/\/www.dynseo.com\/es\/wp-json\/wp\/v2\/posts\/281579","targetHints":{"allow":["GET"]}}],"collection":[{"href":"https:\/\/www.dynseo.com\/es\/wp-json\/wp\/v2\/posts"}],"about":[{"href":"https:\/\/www.dynseo.com\/es\/wp-json\/wp\/v2\/types\/post"}],"author":[{"embeddable":true,"href":"https:\/\/www.dynseo.com\/es\/wp-json\/wp\/v2\/users\/4"}],"replies":[{"embeddable":true,"href":"https:\/\/www.dynseo.com\/es\/wp-json\/wp\/v2\/comments?post=281579"}],"version-history":[{"count":56,"href":"https:\/\/www.dynseo.com\/es\/wp-json\/wp\/v2\/posts\/281579\/revisions"}],"predecessor-version":[{"id":551584,"href":"https:\/\/www.dynseo.com\/es\/wp-json\/wp\/v2\/posts\/281579\/revisions\/551584"}],"wp:featuredmedia":[{"embeddable":true,"href":"https:\/\/www.dynseo.com\/es\/wp-json\/wp\/v2\/media\/153953"}],"wp:attachment":[{"href":"https:\/\/www.dynseo.com\/es\/wp-json\/wp\/v2\/media?parent=281579"}],"wp:term":[{"taxonomy":"category","embeddable":true,"href":"https:\/\/www.dynseo.com\/es\/wp-json\/wp\/v2\/categories?post=281579"},{"taxonomy":"post_tag","embeddable":true,"href":"https:\/\/www.dynseo.com\/es\/wp-json\/wp\/v2\/tags?post=281579"}],"curies":[{"name":"wp","href":"https:\/\/api.w.org\/{rel}","templated":true}]}}