{"id":476681,"date":"2026-01-07T16:42:25","date_gmt":"2026-01-07T15:42:25","guid":{"rendered":"https:\/\/www.dynseo.com\/como-integrar-la-reeducacion-cognitiva-en-el-plan-de-cuidado\/"},"modified":"2026-01-12T02:41:51","modified_gmt":"2026-01-12T01:41:51","slug":"como-integrar-la-reeducacion-cognitiva-en-el-plan-de-cuidado","status":"publish","type":"post","link":"https:\/\/www.dynseo.com\/es\/como-integrar-la-reeducacion-cognitiva-en-el-plan-de-cuidado\/","title":{"rendered":"Como integrar la reeducacion cognitiva en el plan de cuidados post-cancer"},"content":{"rendered":"<p>[et_pb_section fb_built=\u00bb1&#8243; admin_label=\u00bbArticle HTML v8.5&#8243; _builder_version=\u00bb4.16&#8243;][et_pb_row][et_pb_column type=\u00bb4_4&#8243; _builder_version=\u00bb4.16&#8243;][et_pb_code admin_label=\u00bbHTML stylis\u00e9\u00bb]<link href=\"https:\/\/fonts.googleapis.com\/css2?family=Montserrat:wght@400;500;600;700;800&#038;display=swap\" rel=\"stylesheet\">\n<style>\n.dynseo-article{font-family:'Montserrat',-apple-system,BlinkMacSystemFont,'Segoe UI',Roboto,sans-serif;line-height:1.8;color:#2c3e50;max-width:100%;box-sizing:border-box}\n.dynseo-article *{box-sizing:border-box}\n.dynseo-article h2{font-size:1.8rem;color:#1a1a2e;margin:50px 0 25px;padding-bottom:12px;border-bottom:3px solid #a9e2e4;font-weight:700}\n.dynseo-article h3{font-size:1.3rem;color:#5e5ed7;margin:35px 0 18px;font-weight:600}\n.dynseo-article h4{font-size:1.1rem;color:#1a1a2e;margin:25px 0 12px;font-weight:600}\n.dynseo-article p{margin-bottom:18px;font-size:1.05rem}\n.dynseo-article a{color:#5e5ed7;text-decoration:none}\n.dynseo-article a:hover{color:#e73469;text-decoration:underline}\n.dynseo-article .dynseo-game-card{display:flex;gap:30px;background:#fff;border-radius:20px;padding:25px;margin:30px 0;border:2px solid #f1f5f9;box-shadow:0 4px 20px rgba(0,0,0,0.06);transition:all .3s}\n.dynseo-article .dynseo-game-card:hover{transform:translateY(-5px);box-shadow:0 15px 40px rgba(0,0,0,0.1);border-color:#a9e2e4}\n.dynseo-article .dynseo-game-card-image{flex:0 0 200px}\n.dynseo-article .dynseo-game-card-image img{width:100%;height:auto;border-radius:16px;box-shadow:0 8px 25px rgba(0,0,0,0.15);transition:transform .3s}\n.dynseo-article .dynseo-game-card-image a:hover img{transform:scale(1.05)}\n.dynseo-article .dynseo-game-card-content{flex:1}\n.dynseo-article .dynseo-game-card-content h4{margin:0 0 15px 0;color:#e73469;font-size:1.3rem}\n.dynseo-article .dynseo-game-card-content h4 a{color:#e73469;text-decoration:none}\n.dynseo-article .dynseo-game-card-content h4 a:hover{color:#5e5ed7}\n.dynseo-article .dynseo-game-card-desc{color:#2c3e50;line-height:1.7}\n.dynseo-article .dynseo-game-card-desc p{margin-bottom:12px}\n.dynseo-article .dynseo-feature-grid{display:grid;grid-template-columns:repeat(auto-fit,minmax(250px,1fr));gap:25px;margin:35px 0}\n.dynseo-article .dynseo-feature-card{background:#fff;border-radius:20px;padding:25px;text-align:center;border:2px solid #f1f5f9;transition:all .3s}\n.dynseo-article .dynseo-feature-card:hover{transform:translateY(-8px);box-shadow:0 20px 50px rgba(0,0,0,0.1);border-color:#e73469}\n.dynseo-article .dynseo-feature-card img{max-width:120px;height:auto;margin:0 auto 15px;border-radius:12px;display:block;transition:transform .3s}\n.dynseo-article .dynseo-feature-card a:hover img{transform:scale(1.1)}\n.dynseo-article .dynseo-feature-card h4{color:#1a1a2e;margin:0 0 10px 0;font-size:1.1rem}\n.dynseo-article .dynseo-feature-card h4 a{color:#5e5ed7;text-decoration:none}\n.dynseo-article .dynseo-feature-card h4 a:hover{color:#e73469}\n.dynseo-article .dynseo-feature-card p{color:#64748b;font-size:.95rem;margin:0}\n.dynseo-article .dynseo-figure{margin:30px 0;text-align:center}\n.dynseo-article .dynseo-figure a{display:inline-block;transition:transform .3s}\n.dynseo-article .dynseo-figure a:hover{transform:scale(1.02)}\n.dynseo-article .dynseo-img{max-width:100%;height:auto;border-radius:16px;box-shadow:0 8px 30px rgba(0,0,0,0.12)}\n.dynseo-article img{max-width:100%;height:auto;border-radius:12px;margin:15px 0}\n.dynseo-article .dynseo-button-wrap{margin:25px 0;text-align:center}\n.dynseo-article .dynseo-button{display:inline-block;padding:14px 32px;background:linear-gradient(135deg,#e73469,#db2777);color:white!important;text-decoration:none!important;border-radius:30px;font-weight:600;box-shadow:0 4px 20px rgba(231,52,105,0.35);transition:all .3s}\n.dynseo-article .dynseo-button:hover{transform:translateY(-3px);box-shadow:0 8px 30px rgba(231,52,105,0.45)}\n.dynseo-article .dynseo-cta{background:linear-gradient(135deg,#5e5ed7,#5268c9);border-radius:20px;padding:35px 40px;margin:40px 0;text-align:center;color:white;box-shadow:0 10px 40px rgba(94,94,215,0.3)}\n.dynseo-article .dynseo-cta h3{color:white;font-size:1.5rem;margin:0 0 15px 0}\n.dynseo-article .dynseo-cta p{color:rgba(255,255,255,0.9);margin-bottom:20px}\n.dynseo-article .dynseo-cta .dynseo-button{background:white;color:#5e5ed7!important}\n.dynseo-article .dynseo-intro{font-size:1.15rem;color:#64748b;border-left:4px solid #a9e2e4;padding:20px 25px;margin:35px 0;font-style:italic;background:linear-gradient(90deg,rgba(169,226,228,0.1),transparent);border-radius:0 12px 12px 0}\n.dynseo-article .dynseo-toc{background:linear-gradient(135deg,#f8fafc,#fff);border-radius:20px;padding:35px;margin:40px 0;border:2px solid #e5e7eb;box-shadow:0 4px 20px rgba(0,0,0,0.05)}\n.dynseo-article .dynseo-toc .toc-title{font-size:1.4rem;margin-bottom:25px;color:#1a1a2e;font-weight:700}\n.dynseo-article .dynseo-toc ol{list-style:none;padding:0;margin:0;display:grid;grid-template-columns:repeat(2,1fr);gap:12px}\n.dynseo-article .dynseo-toc li{background:#fff;border-radius:12px;padding:14px 18px;border:2px solid #f1f5f9;transition:all .3s}\n.dynseo-article .dynseo-toc li:hover{transform:translateX(8px);box-shadow:0 6px 20px rgba(0,0,0,0.1)}\n.dynseo-article .dynseo-toc a{color:#1a1a2e;text-decoration:none;font-weight:500}\n.dynseo-article .dynseo-toc a:hover{color:#5e5ed7}\n.dynseo-article .styled-list,.dynseo-article ul{margin:20px 0;padding:0;list-style:none}\n.dynseo-article .styled-list li,.dynseo-article ul li{position:relative;padding-left:28px;margin-bottom:14px}\n.dynseo-article .styled-list li::before,.dynseo-article ul li::before{content:\"\";position:absolute;left:0;top:8px;width:10px;height:10px;background:#e73469;border-radius:50%}\n.dynseo-article blockquote{background:linear-gradient(135deg,#fff9f0,#fff5eb);border-left:4px solid #ffeca7;border-radius:0 16px 16px 0;padding:25px 30px;margin:35px 0}\n.dynseo-article blockquote p{font-style:italic;margin:0}\n.dynseo-article .dynseo-tip-box{background:linear-gradient(135deg,#ecfdf5,#d1fae5);border:2px solid #a9e2e4;border-radius:16px;padding:25px;margin:35px 0}\n.dynseo-article .dynseo-tip-box-title{font-weight:700;color:#1a1a2e;margin-bottom:10px}\n.dynseo-article .dynseo-tip-box-title::before{content:\"\ud83d\udca1 \";font-size:1.2rem}\n.dynseo-article .dynseo-tip-box p{margin:0;color:#2c3e50}\n.dynseo-article .section-divider{text-align:center;margin:60px 0;font-size:1.8rem;letter-spacing:18px;background:linear-gradient(135deg,#ffeca7,#e73469,#a9e2e4);-webkit-background-clip:text;-webkit-text-fill-color:transparent}\n@media(max-width:1024px){.dynseo-article .dynseo-toc{padding:30px}.dynseo-article .dynseo-game-card{gap:20px;padding:20px}.dynseo-article .dynseo-game-card-image{flex:0 0 160px}.dynseo-article .dynseo-cta{padding:30px}}\n@media(max-width:768px){.dynseo-article h2{font-size:1.5rem;margin:40px 0 20px}.dynseo-article h3{font-size:1.15rem;margin:30px 0 15px}.dynseo-article h4{font-size:1rem;margin:20px 0 10px}.dynseo-article p{font-size:1rem;margin-bottom:15px}.dynseo-article .dynseo-toc{padding:25px;margin:30px 0}.dynseo-article .dynseo-toc .toc-title{font-size:1.2rem;margin-bottom:20px}.dynseo-article .dynseo-toc ol{grid-template-columns:1fr;gap:10px}.dynseo-article .dynseo-toc li{padding:12px 15px}.dynseo-article .dynseo-game-card{flex-direction:column;padding:20px;margin:25px 0;gap:20px}.dynseo-article .dynseo-game-card-image{flex:none;text-align:center}.dynseo-article .dynseo-game-card-image img{max-width:180px;margin:0 auto}.dynseo-article .dynseo-game-card-content{text-align:center}.dynseo-article .dynseo-game-card-content h4{font-size:1.15rem}.dynseo-article .dynseo-feature-grid{grid-template-columns:1fr;gap:20px;margin:25px 0}.dynseo-article .dynseo-feature-card{padding:20px}.dynseo-article .dynseo-feature-card img{max-width:100px}.dynseo-article .dynseo-figure{margin:25px 0}.dynseo-article img{margin:12px 0}.dynseo-article .dynseo-button-wrap{margin:20px 0}.dynseo-article .dynseo-button{display:block;text-align:center;padding:14px 25px}.dynseo-article .dynseo-cta{padding:25px 20px;margin:30px 0}.dynseo-article .dynseo-cta h3{font-size:1.3rem}.dynseo-article .dynseo-intro{padding:15px 18px;margin:25px 0;font-size:1rem}.dynseo-article .dynseo-tip-box{padding:20px;margin:25px 0}.dynseo-article blockquote{padding:20px;margin:25px 0}.dynseo-article .section-divider{margin:40px 0;font-size:1.4rem;letter-spacing:12px}}\n@media(max-width:480px){.dynseo-article{font-size:15px;line-height:1.7}.dynseo-article h2{font-size:1.3rem;margin:35px 0 18px;padding-bottom:10px}.dynseo-article h3{font-size:1.1rem}.dynseo-article p{font-size:.95rem}.dynseo-article .dynseo-toc{padding:20px;margin:25px 0}.dynseo-article .dynseo-toc .toc-title{font-size:1.1rem;margin-bottom:15px}.dynseo-article .dynseo-toc li{padding:10px 12px;font-size:.9rem}.dynseo-article .dynseo-game-card{padding:18px;margin:20px 0}.dynseo-article .dynseo-game-card-image img{max-width:150px}.dynseo-article .dynseo-game-card-content h4{font-size:1.05rem}.dynseo-article .dynseo-game-card-desc{font-size:.9rem}.dynseo-article .dynseo-feature-card{padding:18px}.dynseo-article .dynseo-feature-card img{max-width:80px}.dynseo-article .dynseo-feature-card h4{font-size:1rem}.dynseo-article .dynseo-feature-card p{font-size:.85rem}.dynseo-article .dynseo-button{padding:12px 20px;font-size:.95rem}.dynseo-article .dynseo-cta{padding:20px 18px}.dynseo-article .dynseo-cta h3{font-size:1.15rem}.dynseo-article .dynseo-cta p{font-size:.9rem}.dynseo-article .dynseo-intro{padding:12px 15px;font-size:.95rem}.dynseo-article .dynseo-tip-box{padding:18px}.dynseo-article .styled-list li,.dynseo-article ul li{padding-left:22px;margin-bottom:10px;font-size:.95rem}.dynseo-article .styled-list li::before,.dynseo-article ul li::before{width:8px;height:8px;top:7px}}\n<\/style>\n<div class=\"dynseo-article\">\n<div class=\"dynseo-intro\">Le c\u00e1ncer es una enfermedad que afecta no solo al cuerpo, sino tambi\u00e9n a la mente. Los tratamientos contra el c\u00e1ncer, como la quimioterapia y la radioterapia, pueden tener un impacto significativo en la funci\u00f3n cognitiva de una persona. Los sobrevivientes del c\u00e1ncer pueden experimentar dificultades de memoria, de concentraci\u00f3n y de resoluci\u00f3n de problemas, lo que puede afectar su calidad de vida y su funcionamiento diario. Por eso, la rehabilitaci\u00f3n cognitiva post-c\u00e1ncer es tan importante. Su objetivo es ayudar a los sobrevivientes del c\u00e1ncer a recuperar sus capacidades cognitivas y mejorar su calidad de vida.<\/p>\n<h3>Los efectos de la enfermedad en el cerebro y la cognici\u00f3n<\/h3>\n<p>El c\u00e1ncer, as\u00ed como los tratamientos asociados como la quimioterapia, la radioterapia y la cirug\u00eda, pueden tener efectos devastadores en el cerebro y las funciones cognitivas de los pacientes. Los tratamientos agresivos contra el c\u00e1ncer tienen como objetivo principal destruir las c\u00e9lulas cancerosas, pero tambi\u00e9n pueden da\u00f1ar las c\u00e9lulas sanas, incluidas las del cerebro, interrumpiendo as\u00ed los procesos cognitivos.<\/p>\n<p>La quimioterapia es uno de los tratamientos m\u00e1s frecuentemente asociados con alteraciones cognitivas. Los medicamentos de quimioterapia pueden causar da\u00f1os directos a las c\u00e9lulas cerebrales al alterar su capacidad para repararse y regenerarse. Esto puede afectar varios aspectos de la cognici\u00f3n, incluida la memoria a corto plazo, la concentraci\u00f3n, la capacidad de aprendizaje y la rapidez de los procesos cognitivos. Adem\u00e1s, la quimioterapia puede provocar efectos secundarios como la \u00abneblina cerebral\u00bb, un fen\u00f3meno en el que los pacientes se sienten mentalmente \u00abadormecidos\u00bb, teniendo dificultades para concentrarse o recordar informaci\u00f3n simple.<\/p>\n<p>Los tratamientos de radioterapia, aunque est\u00e1n dirigidos principalmente a las c\u00e9lulas cancerosas, tambi\u00e9n pueden tener consecuencias en el cerebro. En particular, cuando la radioterapia se administra cerca del cerebro, puede da\u00f1ar las c\u00e9lulas cerebrales sanas y provocar s\u00edntomas cognitivos a corto y largo plazo. La radioterapia tambi\u00e9n puede inducir inflamaci\u00f3n cerebral, lo que interrumpe las conexiones neuronales y perjudica la comunicaci\u00f3n entre diferentes regiones del cerebro, con repercusiones en la memoria, la atenci\u00f3n, la velocidad de procesamiento y la capacidad para resolver problemas.<\/p>\n<p>El estr\u00e9s emocional y psicol\u00f3gico causado por el diagn\u00f3stico y los tratamientos del c\u00e1ncer tambi\u00e9n puede contribuir a la alteraci\u00f3n de las funciones cognitivas. La depresi\u00f3n, la ansiedad y la incertidumbre relacionadas con el c\u00e1ncer pueden reducir las capacidades atencionales y memor\u00edsticas. De hecho, el estr\u00e9s cr\u00f3nico afecta directamente al cerebro al modificar los niveles de ciertas hormonas, como el cortisol, que tiene un efecto devastador sobre las estructuras cerebrales involucradas en la memoria, la atenci\u00f3n y la toma de decisiones.<\/p>\n<p>Los sobrevivientes del c\u00e1ncer pueden as\u00ed experimentar una variedad de dificultades cognitivas, incluidos problemas de memoria a corto plazo, trastornos de concentraci\u00f3n y una disminuci\u00f3n de las capacidades de aprendizaje. Estos d\u00e9ficits cognitivos pueden perjudicar la realizaci\u00f3n de las actividades diarias, como el trabajo, las interacciones sociales y la gesti\u00f3n de las tareas del hogar, y, por lo tanto, reducir la calidad de vida general de los pacientes.<\/p>\n<h3>Los beneficios de la rehabilitaci\u00f3n cognitiva post-c\u00e1ncer<\/h3>\n<p>La rehabilitaci\u00f3n cognitiva post-c\u00e1ncer representa un enfoque terap\u00e9utico esencial para los sobrevivientes del c\u00e1ncer que sufren de d\u00e9ficits cognitivos. Esta rehabilitaci\u00f3n tiene como objetivo restaurar las funciones cerebrales da\u00f1adas por la enfermedad y sus tratamientos, permitiendo as\u00ed a los pacientes recuperar su autonom\u00eda y mejorar su bienestar.<\/p>\n<p>Uno de los principales beneficios de la rehabilitaci\u00f3n cognitiva es que puede ayudar a mejorar la memoria, la atenci\u00f3n y otras habilidades cognitivas alteradas. Por ejemplo, ejercicios espec\u00edficos de memoria o concentraci\u00f3n pueden estimular las capacidades cerebrales y ayudar a fortalecer las conexiones neuronales. Estas mejoras pueden hacer que las tareas diarias sean m\u00e1s f\u00e1ciles, reducir la dependencia de otros y aumentar la confianza de los sobrevivientes en sus capacidades cognitivas.<\/p>\n<p>La rehabilitaci\u00f3n cognitiva tambi\u00e9n juega un papel crucial en la recuperaci\u00f3n de la autoestima de los sobrevivientes del c\u00e1ncer. Las dificultades cognitivas provocadas por la enfermedad pueden llevar a una p\u00e9rdida de confianza en uno mismo, lo que puede afectar la calidad de vida. Los sobrevivientes pueden sentirse frustrados, impotentes o incapaces de cumplir con sus roles sociales o profesionales. Gracias a la rehabilitaci\u00f3n, pueden recuperar gradualmente el control de su cognici\u00f3n y recuperar su independencia. Esta recuperaci\u00f3n puede restaurar su sentido de competencia y eficacia, lo cual es esencial para una reintegraci\u00f3n exitosa en la vida social y profesional.<\/p>\n<p>Adem\u00e1s, la rehabilitaci\u00f3n cognitiva permite gestionar de manera m\u00e1s efectiva los s\u00edntomas de la \u00abneblina cerebral\u00bb y otros efectos secundarios cognitivos. Al tratar estos s\u00edntomas de manera proactiva, los sobrevivientes pueden manejar mejor su d\u00eda a d\u00eda, lo que mejora su calidad de vida general. Tambi\u00e9n se ha observado que la rehabilitaci\u00f3n cognitiva mejora las relaciones sociales de los sobrevivientes del c\u00e1ncer, ya que les ayuda a comunicarse mejor y a mantener interacciones sociales m\u00e1s fluidas.<\/p>\n<h3>Los diferentes enfoques de la rehabilitaci\u00f3n cognitiva<\/h3>\n<p>La rehabilitaci\u00f3n cognitiva post-c\u00e1ncer se basa en una variedad de enfoques destinados a mejorar las diferentes funciones cognitivas alteradas. Estas t\u00e9cnicas pueden agruparse en dos categor\u00edas principales: el entrenamiento cognitivo y las estrategias de compensaci\u00f3n.<\/p>\n<p><strong>1. El entrenamiento cognitivo<\/strong><br \/>\nEl entrenamiento cognitivo incluye ejercicios espec\u00edficos dise\u00f1ados para estimular y mejorar funciones cognitivas particulares como la memoria, la atenci\u00f3n, la velocidad de procesamiento de la informaci\u00f3n y las funciones ejecutivas (como la planificaci\u00f3n y la toma de decisiones). Estos ejercicios pueden realizarse en forma de juegos de memoria, rompecabezas o tareas de concentraci\u00f3n. Herramientas digitales, como aplicaciones m\u00f3viles o software inform\u00e1tico, tambi\u00e9n se utilizan para proporcionar un entrenamiento dirigido. Estas herramientas est\u00e1n dise\u00f1adas para estimular las diferentes regiones del cerebro de manera interactiva y progresiva, permitiendo a los sobrevivientes trabajar a su propio ritmo.<\/p>\n<p>Los ejercicios pueden incluir tareas de memorizaci\u00f3n, reconocimiento visual y auditivo, juegos que mejoran la atenci\u00f3n sostenida o actividades que favorecen la organizaci\u00f3n de la informaci\u00f3n. El objetivo es reforzar las conexiones neuronales y fomentar la neuroplasticidad, el proceso mediante el cual el cerebro reorganiza y crea nuevas conexiones para compensar los d\u00e9ficits cognitivos.<\/p>\n<p><strong>2. Las estrategias de compensaci\u00f3n<\/strong><br \/>\nLas estrategias de compensaci\u00f3n tienen como objetivo ayudar a los sobrevivientes de c\u00e1ncer a sortear sus dificultades cognitivas utilizando t\u00e9cnicas y herramientas pr\u00e1cticas. Esto puede incluir el uso de listas de tareas, recordatorios electr\u00f3nicos o aplicaciones de gesti\u00f3n del tiempo para organizar las tareas diarias y ayudar a recordar informaci\u00f3n importante. Los pacientes tambi\u00e9n pueden aprender a dividir tareas complejas en pasos simples y realizables para evitar sentirse abrumados.<\/p>\n<p>Otras estrategias incluyen la estructuraci\u00f3n del entorno para reducir las distracciones y mejorar la concentraci\u00f3n, como organizar espacios de trabajo dedicados y planificar horarios para tareas que requieren atenci\u00f3n sostenida. Adem\u00e1s, se puede alentar a los sobrevivientes a tomar descansos regulares para evitar la fatiga mental, lo que puede perjudicar la concentraci\u00f3n y la memoria.<\/p>\n<p><strong>3. T\u00e9cnicas de relajaci\u00f3n y gesti\u00f3n del estr\u00e9s<\/strong><br \/>\nLas t\u00e9cnicas de relajaci\u00f3n y gesti\u00f3n del estr\u00e9s, como la meditaci\u00f3n, el yoga, la atenci\u00f3n plena (mindfulness) y los ejercicios de respiraci\u00f3n profunda, tambi\u00e9n se integran en la rehabilitaci\u00f3n cognitiva. Estos enfoques permiten reducir la ansiedad y el estr\u00e9s, dos factores que pueden tener un impacto negativo en las funciones cognitivas. La gesti\u00f3n del estr\u00e9s mejora la capacidad de concentrarse y memorizar, y permite a los pacientes enfrentar mejor los desaf\u00edos cognitivos que encuentran despu\u00e9s del c\u00e1ncer.<\/p>\n<p><strong>4. Rehabilitaci\u00f3n cognitiva multisensorial<\/strong><br \/>\nAlgunos enfoques de rehabilitaci\u00f3n cognitiva integran estimulaci\u00f3n multisensorial para reforzar el aprendizaje y la memoria. Por ejemplo, el uso combinado de est\u00edmulos visuales, auditivos y t\u00e1ctiles durante los ejercicios cognitivos puede favorecer el compromiso mental y la reactivaci\u00f3n de redes neuronales. Estos enfoques pueden ser particularmente \u00fatiles para los sobrevivientes que experimentan dificultades con ciertas modalidades sensoriales, como los trastornos de la visi\u00f3n o de la audici\u00f3n.<\/p>\n<p>&nbsp;<\/p><\/div>\n<nav class=\"dynseo-toc\">\n<div class=\"toc-title\">\ud83d\udccb Sommaire<\/div>\n<ol>\n<li style=\"border-left:4px solid #ffeca7\"><a href=\"#section-1\">La selecci\u00f3n de pacientes para la rehabilitaci\u00f3n cognitiva<\/a><\/li>\n<li style=\"border-left:4px solid #e73469\"><a href=\"#section-2\">La planificaci\u00f3n del programa de rehabilitaci\u00f3n cognitiva post-c\u00e1ncer<\/a><\/li>\n<li style=\"border-left:4px solid #a9e2e4\"><a href=\"#section-3\">Los profesionales de salud involucrados en la rehabilitaci\u00f3n cognitiva<\/a><\/li>\n<li style=\"border-left:4px solid #5e5ed7\"><a href=\"#section-4\">Las herramientas y t\u00e9cnicas de rehabilitaci\u00f3n cognitiva\n<p><\/a><\/li>\n<li style=\"border-left:4px solid #5268c9\"><a href=\"#section-5\">Los resultados de la rehabilitaci\u00f3n cognitiva post-c\u00e1ncer<\/a><\/li>\n<li style=\"border-left:4px solid #ffeca7\"><a href=\"#section-6\">La importancia de la continuidad de los cuidados despu\u00e9s de la rehabilitaci\u00f3n cognitiva<\/a><\/li>\n<li style=\"border-left:4px solid #e73469\"><a href=\"#section-7\">Las perspectivas futuras de la rehabilitaci\u00f3n cognitiva post-c\u00e1ncer<\/a><\/li>\n<\/ol>\n<\/nav>\n<section class=\"dynseo-section\">\n<h2 id=\"section-1\">La selecci\u00f3n de pacientes para la rehabilitaci\u00f3n cognitiva<\/h2>\n<p>La selecci\u00f3n de pacientes para la rehabilitaci\u00f3n cognitiva post-c\u00e1ncer depende de varios factores. En primer lugar, es importante tener en cuenta las dificultades cognitivas espec\u00edficas que enfrenta el paciente. Algunos pacientes pueden tener problemas de memoria, mientras que otros pueden tener dificultades de concentraci\u00f3n o resoluci\u00f3n de problemas.<\/p>\n<p>Adem\u00e1s, es importante considerar el estado de salud general del paciente. Algunos pacientes pueden tener problemas de salud que hacen que la rehabilitaci\u00f3n cognitiva sea inapropiada o peligrosa. Por lo tanto, es fundamental evaluar cuidadosamente a cada paciente antes de comenzar un programa de rehabilitaci\u00f3n cognitiva.<br \/>\n<\/section>\n<section class=\"dynseo-section\">\n<h2 id=\"section-2\">La planificaci\u00f3n del programa de rehabilitaci\u00f3n cognitiva post-c\u00e1ncer<\/h2>\n<p><img decoding=\"async\" style=\"max-width: 100%; display: block; margin-left: auto; margin-right: auto; width: 70%;\" src=\"https:\/\/www.dynseo.com\/es\/wp-content\/uploads\/2024\/04\/image-26.jpg\" \/><\/p>\n<p>La planificaci\u00f3n de un programa de rehabilitaci\u00f3n cognitiva post-c\u00e1ncer implica varias etapas. En primer lugar, es importante evaluar las necesidades espec\u00edficas del paciente en cuanto a la rehabilitaci\u00f3n cognitiva. Esto se puede hacer mediante evaluaciones cognitivas estandarizadas y entrevistas con el paciente.<\/p>\n<p>A continuaci\u00f3n, se elabora un plan de tratamiento individualizado en funci\u00f3n de las necesidades y objetivos del paciente. Este plan puede incluir una combinaci\u00f3n de entrenamiento cognitivo, estrategias de compensaci\u00f3n y otras intervenciones espec\u00edficas.<\/p>\n<p>Tambi\u00e9n es importante involucrar al paciente en la planificaci\u00f3n del programa de rehabilitaci\u00f3n cognitiva. El paciente debe ser informado sobre los objetivos del programa y debe ser alentado a participar activamente en su propia recuperaci\u00f3n.<br \/>\n<\/section>\n<section class=\"dynseo-section\">\n<h2 id=\"section-3\">Los profesionales de salud involucrados en la rehabilitaci\u00f3n cognitiva<\/h2>\n<p>La rehabilitaci\u00f3n cognitiva post-c\u00e1ncer a menudo implica un equipo multidisciplinario de profesionales de salud. Estos profesionales pueden incluir neuropsic\u00f3logos, terapeutas ocupacionales, logopedas y otros especialistas en rehabilitaci\u00f3n cognitiva.<\/p>\n<p>Los neuropsic\u00f3logos son responsables de evaluar las funciones cognitivas y planificar el programa de rehabilitaci\u00f3n cognitiva. Los terapeutas ocupacionales pueden ayudar a los pacientes a desarrollar estrategias para compensar las dificultades cognitivas y mejorar su funcionamiento diario. Los logopedas pueden ayudar a los pacientes a mejorar su comunicaci\u00f3n y su lenguaje.<br \/>\n<\/section>\n<div class=\"section-divider\">\u25c6 \u25c6 \u25c6<\/div>\n<section class=\"dynseo-section\">\n<h2 id=\"section-4\">Las herramientas y t\u00e9cnicas de rehabilitaci\u00f3n cognitiva<\/p>\n<\/h2>\n<p>Existen muchas herramientas y t\u00e9cnicas utilizadas en la rehabilitaci\u00f3n cognitiva post-c\u00e1ncer. Algunas herramientas inform\u00e1ticas pueden ser utilizadas para el entrenamiento cognitivo, como juegos dise\u00f1ados especialmente para estimular la memoria o la atenci\u00f3n.<\/p>\n<p>Otras t\u00e9cnicas pueden incluir el uso de estrategias de compensaci\u00f3n, como el uso de listas de tareas o aplicaciones m\u00f3viles para ayudar a organizar las actividades diarias y mejorar la memoria.<br \/>\n<\/section>\n<section class=\"dynseo-section\">\n<h2 id=\"section-5\">Los resultados de la rehabilitaci\u00f3n cognitiva post-c\u00e1ncer<\/h2>\n<p>La rehabilitaci\u00f3n cognitiva post-c\u00e1ncer se ha asociado con resultados positivos en t\u00e9rminos de mejora de la funci\u00f3n cognitiva y de la calidad de vida. Estudios han mostrado que los sobrevivientes de c\u00e1ncer que han seguido una rehabilitaci\u00f3n cognitiva han experimentado una mejora significativa en sus capacidades cognitivas, tales como la memoria, la atenci\u00f3n y la resoluci\u00f3n de problemas.<\/p>\n<p>Adem\u00e1s, la rehabilitaci\u00f3n cognitiva tambi\u00e9n se ha asociado con una mejora en la calidad de vida global. Los sobrevivientes de c\u00e1ncer han reportado una mejor confianza en s\u00ed mismos, una mayor independencia y una mejor capacidad para realizar las tareas diarias.<br \/>\n<\/section>\n<section class=\"dynseo-section\">\n<h2 id=\"section-6\">La importancia de la continuidad de los cuidados despu\u00e9s de la rehabilitaci\u00f3n cognitiva<\/h2>\n<p>Es importante destacar que la rehabilitaci\u00f3n cognitiva post-c\u00e1ncer es un proceso continuo. Una vez que el programa de rehabilitaci\u00f3n cognitiva ha terminado, es importante continuar proporcionando apoyo y cuidados continuos a los sobrevivientes de c\u00e1ncer.<\/p>\n<p>Esto puede incluir sesiones de seguimiento regulares con los profesionales de salud, as\u00ed como estrategias de auto-gesti\u00f3n para mantener los logros cognitivos realizados durante la rehabilitaci\u00f3n.<br \/>\n<\/section>\n<div class=\"section-divider\">\u25c6 \u25c6 \u25c6<\/div>\n<section class=\"dynseo-section\">\n<h2 id=\"section-7\">Las perspectivas futuras de la rehabilitaci\u00f3n cognitiva post-c\u00e1ncer<\/h2>\n<p>La rehabilitaci\u00f3n cognitiva post-c\u00e1ncer es un campo en constante evoluci\u00f3n. Nuevas investigaciones est\u00e1n en curso para desarrollar nuevas t\u00e9cnicas e intervenciones para mejorar la funci\u00f3n cognitiva de los sobrevivientes de c\u00e1ncer.<\/p>\n<p>Tambi\u00e9n hay un inter\u00e9s creciente en el uso de la tecnolog\u00eda, como la realidad virtual, en la rehabilitaci\u00f3n cognitiva post-c\u00e1ncer. Estos avances tecnol\u00f3gicos podr\u00edan abrir nuevas posibilidades para mejorar los resultados de la rehabilitaci\u00f3n cognitiva.<\/p>\n<p>La rehabilitaci\u00f3n cognitiva post-c\u00e1ncer es un elemento esencial del proceso de curaci\u00f3n para los sobrevivientes de c\u00e1ncer. Puede ayudar a mejorar la funci\u00f3n cognitiva, la calidad de vida y la independencia de los pacientes. Es importante que los sobrevivientes de c\u00e1ncer sepan que no est\u00e1n solos en su lucha contra las dificultades cognitivas y que existen profesionales de salud calificados listos para ayudarles en su recuperaci\u00f3n.<\/section>\n<\/div>\n<p>[\/et_pb_code][\/et_pb_column][\/et_pb_row][\/et_pb_section][et_pb_section fb_built=\u00bb1&#8243; _builder_version=\u00bb4.16&#8243;][et_pb_row][et_pb_column type=\u00bb4_4&#8243;][et_pb_code]<script type=\"application\/ld+json\">{\"@context\":\"https:\/\/schema.org\",\"@type\":\"FAQPage\",\"mainEntity\":[{\"@type\":\"Question\",\"name\":\"\u00bfC\u00f3mo afectan los tratamientos contra el c\u00e1ncer a la funci\u00f3n cognitiva?\",\"acceptedAnswer\":{\"@type\":\"Answer\",\"text\":\"Los tratamientos contra el c\u00e1ncer como la quimioterapia y la radioterapia pueden tener un impacto significativo en la funci\u00f3n cognitiva. Aunque su objetivo principal es destruir las c\u00e9lulas cancerosas, tambi\u00e9n pueden da\u00f1ar las c\u00e9lulas sanas del cerebro, interrumpiendo los procesos cognitivos y causando dificultades de memoria, concentraci\u00f3n y resoluci\u00f3n de problemas.\"}},{\"@type\":\"Question\",\"name\":\"\u00bfQu\u00e9 es la 'neblina cerebral' en pacientes con c\u00e1ncer?\",\"acceptedAnswer\":{\"@type\":\"Answer\",\"text\":\"La 'neblina cerebral' es un fen\u00f3meno causado por la quimioterapia en el que los pacientes se sienten mentalmente 'adormecidos'. Se caracteriza por dificultades para concentrarse o recordar informaci\u00f3n simple, afectando la claridad mental y el funcionamiento cognitivo diario.\"}},{\"@type\":\"Question\",\"name\":\"\u00bfCu\u00e1l es el objetivo de la rehabilitaci\u00f3n cognitiva post-c\u00e1ncer?\",\"acceptedAnswer\":{\"@type\":\"Answer\",\"text\":\"El objetivo de la rehabilitaci\u00f3n cognitiva post-c\u00e1ncer es ayudar a los sobrevivientes del c\u00e1ncer a recuperar sus capacidades cognitivas y mejorar su calidad de vida. Se enfoca en restaurar las funciones afectadas por los tratamientos oncol\u00f3gicos y facilitar el funcionamiento diario.\"}},{\"@type\":\"Question\",\"name\":\"\u00bfQu\u00e9 aspectos de la cognici\u00f3n puede afectar la quimioterapia?\",\"acceptedAnswer\":{\"@type\":\"Answer\",\"text\":\"La quimioterapia puede afectar varios aspectos de la cognici\u00f3n, incluyendo la memoria a corto plazo, la concentraci\u00f3n, la capacidad de aprendizaje y la rapidez de los procesos cognitivos. Los medicamentos pueden causar da\u00f1os directos a las c\u00e9lulas cerebrales al alterar su capacidad para repararse y regenerarse.\"}},{\"@type\":\"Question\",\"name\":\"\u00bfC\u00f3mo puede la radioterapia impactar el cerebro?\",\"acceptedAnswer\":{\"@type\":\"Answer\",\"text\":\"Los tratamientos de radioterapia, aunque est\u00e1n dirigidos principalmente a las c\u00e9lulas cancerosas, tambi\u00e9n pueden tener consecuencias en el cerebro. Especialmente cuando la radioterapia se administra cerca del cerebro, puede da\u00f1ar las c\u00e9lulas cerebrales sanas y afectar las funciones cognitivas.\"}},{\"@type\":\"Question\",\"name\":\"\u00bfPor qu\u00e9 es importante integrar la reeducaci\u00f3n cognitiva en el plan de cuidados post-c\u00e1ncer?\",\"acceptedAnswer\":{\"@type\":\"Answer\",\"text\":\"Es importante porque el c\u00e1ncer afecta no solo al cuerpo, sino tambi\u00e9n a la mente. Los sobrevivientes pueden experimentar dificultades cognitivas que afectan su calidad de vida y funcionamiento diario. La integraci\u00f3n de la reeducaci\u00f3n cognitiva ayuda a abordar estos problemas de manera integral y facilita una recuperaci\u00f3n m\u00e1s completa.\"}}]}<\/script><br \/>\n<script type=\"application\/ld+json\">{\"@context\":\"https:\/\/schema.org\",\"@type\":\"FAQPage\",\"mainEntity\":[{\"@type\":\"Question\",\"name\":\"\u00bfC\u00f3mo afectan los tratamientos contra el c\u00e1ncer a la funci\u00f3n cognitiva?\",\"acceptedAnswer\":{\"@type\":\"Answer\",\"text\":\"Los tratamientos contra el c\u00e1ncer como la quimioterapia y la radioterapia pueden tener un impacto significativo en la funci\u00f3n cognitiva. Aunque su objetivo principal es destruir las c\u00e9lulas cancerosas, tambi\u00e9n pueden da\u00f1ar las c\u00e9lulas sanas del cerebro, interrumpiendo los procesos cognitivos y causando dificultades de memoria, concentraci\u00f3n y resoluci\u00f3n de problemas.\"}},{\"@type\":\"Question\",\"name\":\"\u00bfQu\u00e9 es la 'neblina cerebral' en pacientes con c\u00e1ncer?\",\"acceptedAnswer\":{\"@type\":\"Answer\",\"text\":\"La 'neblina cerebral' es un fen\u00f3meno causado por la quimioterapia en el que los pacientes se sienten mentalmente 'adormecidos'. Se caracteriza por dificultades para concentrarse o recordar informaci\u00f3n simple, afectando la claridad mental y el funcionamiento cognitivo diario.\"}},{\"@type\":\"Question\",\"name\":\"\u00bfCu\u00e1l es el objetivo de la rehabilitaci\u00f3n cognitiva post-c\u00e1ncer?\",\"acceptedAnswer\":{\"@type\":\"Answer\",\"text\":\"El objetivo de la rehabilitaci\u00f3n cognitiva post-c\u00e1ncer es ayudar a los sobrevivientes del c\u00e1ncer a recuperar sus capacidades cognitivas y mejorar su calidad de vida. Se enfoca en restaurar las funciones afectadas por los tratamientos oncol\u00f3gicos y facilitar el funcionamiento diario.\"}},{\"@type\":\"Question\",\"name\":\"\u00bfQu\u00e9 aspectos de la cognici\u00f3n puede afectar la quimioterapia?\",\"acceptedAnswer\":{\"@type\":\"Answer\",\"text\":\"La quimioterapia puede afectar varios aspectos de la cognici\u00f3n, incluyendo la memoria a corto plazo, la concentraci\u00f3n, la capacidad de aprendizaje y la rapidez de los procesos cognitivos. Los medicamentos pueden causar da\u00f1os directos a las c\u00e9lulas cerebrales al alterar su capacidad para repararse y regenerarse.\"}},{\"@type\":\"Question\",\"name\":\"\u00bfC\u00f3mo puede la radioterapia impactar el cerebro?\",\"acceptedAnswer\":{\"@type\":\"Answer\",\"text\":\"Los tratamientos de radioterapia, aunque est\u00e1n dirigidos principalmente a las c\u00e9lulas cancerosas, tambi\u00e9n pueden tener consecuencias en el cerebro. Especialmente cuando la radioterapia se administra cerca del cerebro, puede da\u00f1ar las c\u00e9lulas cerebrales sanas y afectar las funciones cognitivas.\"}},{\"@type\":\"Question\",\"name\":\"\u00bfPor qu\u00e9 es importante integrar la reeducaci\u00f3n cognitiva en el plan de cuidados post-c\u00e1ncer?\",\"acceptedAnswer\":{\"@type\":\"Answer\",\"text\":\"Es importante porque el c\u00e1ncer afecta no solo al cuerpo, sino tambi\u00e9n a la mente. Los sobrevivientes pueden experimentar dificultades cognitivas que afectan su calidad de vida y funcionamiento diario. La integraci\u00f3n de la reeducaci\u00f3n cognitiva ayuda a abordar estos problemas de manera integral y facilita una recuperaci\u00f3n m\u00e1s completa.\"}}]}<\/script>[\/et_pb_code][\/et_pb_column][\/et_pb_row][\/et_pb_section]<\/p>\n","protected":false},"excerpt":{"rendered":"<p><div class=\"et_pb_row et_pb_row_0 et_pb_row_empty\">\n\t\t\t\t\n\t\t\t\t\n\t\t\t\t\n\t\t\t\t\n\t\t\t\t\n\t\t\t<\/div><div class=\"et_pb_row et_pb_row_1 et_pb_row_empty\">\n\t\t\t\t\n\t\t\t\t\n\t\t\t\t\n\t\t\t\t\n\t\t\t\t\n\t\t\t<\/div><\/p>\n","protected":false},"author":4,"featured_media":412655,"comment_status":"closed","ping_status":"closed","sticky":false,"template":"","format":"standard","meta":{"_et_pb_use_builder":"on","_et_pb_old_content":"","_et_gb_content_width":"","footnotes":""},"categories":[3586,3400],"tags":[],"class_list":["post-476681","post","type-post","status-publish","format-standard","has-post-thumbnail","hentry","category-all-about-cancer-en","category-tout-sur-le-cancer"],"yoast_head":"<!-- This site is optimized with the Yoast SEO plugin v27.4 - https:\/\/yoast.com\/product\/yoast-seo-wordpress\/ -->\n<title>Como integrar la reeducacion cognitiva en el plan de cuidados post-cancer - DYNSEO - Aplicaci\u00f3n educativa y juegos de memoria<\/title>\n<meta name=\"robots\" content=\"index, follow, max-snippet:-1, max-image-preview:large, max-video-preview:-1\" \/>\n<link rel=\"canonical\" href=\"https:\/\/www.dynseo.com\/es\/como-integrar-la-reeducacion-cognitiva-en-el-plan-de-cuidado\/\" \/>\n<meta property=\"og:locale\" content=\"es_ES\" \/>\n<meta property=\"og:type\" content=\"article\" \/>\n<meta property=\"og:title\" content=\"Como integrar la reeducacion cognitiva en el plan de cuidados post-cancer - DYNSEO - Aplicaci\u00f3n educativa y juegos de memoria\" \/>\n<meta property=\"og:url\" content=\"https:\/\/www.dynseo.com\/es\/como-integrar-la-reeducacion-cognitiva-en-el-plan-de-cuidado\/\" \/>\n<meta property=\"og:site_name\" content=\"DYNSEO - Aplicaci\u00f3n educativa y juegos de memoria\" \/>\n<meta property=\"article:published_time\" content=\"2026-01-07T15:42:25+00:00\" \/>\n<meta property=\"article:modified_time\" content=\"2026-01-12T01:41:51+00:00\" \/>\n<meta property=\"og:image\" content=\"https:\/\/www.dynseo.com\/wp-content\/uploads\/2025\/09\/abcdhe-113.jpg\" \/>\n\t<meta property=\"og:image:width\" content=\"900\" \/>\n\t<meta property=\"og:image:height\" content=\"540\" \/>\n\t<meta property=\"og:image:type\" content=\"image\/jpeg\" \/>\n<meta name=\"author\" content=\"DYNSEO\" \/>\n<meta name=\"twitter:label1\" content=\"Escrito por\" \/>\n\t<meta name=\"twitter:data1\" content=\"DYNSEO\" \/>\n\t<meta name=\"twitter:label2\" content=\"Tiempo de lectura\" \/>\n\t<meta name=\"twitter:data2\" content=\"12 minutos\" \/>\n<script type=\"application\/ld+json\" class=\"yoast-schema-graph\">{\"@context\":\"https:\\\/\\\/schema.org\",\"@graph\":[{\"@type\":\"Article\",\"@id\":\"https:\\\/\\\/www.dynseo.com\\\/es\\\/como-integrar-la-reeducacion-cognitiva-en-el-plan-de-cuidado\\\/#article\",\"isPartOf\":{\"@id\":\"https:\\\/\\\/www.dynseo.com\\\/es\\\/como-integrar-la-reeducacion-cognitiva-en-el-plan-de-cuidado\\\/\"},\"author\":{\"name\":\"DYNSEO\",\"@id\":\"https:\\\/\\\/www.dynseo.com\\\/es\\\/#\\\/schema\\\/person\\\/78ef63df2ee64e0989bc68f8401b38d6\"},\"headline\":\"Como integrar la reeducacion cognitiva en el plan de cuidados post-cancer\",\"datePublished\":\"2026-01-07T15:42:25+00:00\",\"dateModified\":\"2026-01-12T01:41:51+00:00\",\"mainEntityOfPage\":{\"@id\":\"https:\\\/\\\/www.dynseo.com\\\/es\\\/como-integrar-la-reeducacion-cognitiva-en-el-plan-de-cuidado\\\/\"},\"wordCount\":2366,\"publisher\":{\"@id\":\"https:\\\/\\\/www.dynseo.com\\\/es\\\/#organization\"},\"image\":{\"@id\":\"https:\\\/\\\/www.dynseo.com\\\/es\\\/como-integrar-la-reeducacion-cognitiva-en-el-plan-de-cuidado\\\/#primaryimage\"},\"thumbnailUrl\":\"https:\\\/\\\/www.dynseo.com\\\/wp-content\\\/uploads\\\/2025\\\/09\\\/abcdhe-113.jpg\",\"articleSection\":[\"All about cancer\",\"Tout sur le cancer\"],\"inLanguage\":\"es\"},{\"@type\":\"WebPage\",\"@id\":\"https:\\\/\\\/www.dynseo.com\\\/es\\\/como-integrar-la-reeducacion-cognitiva-en-el-plan-de-cuidado\\\/\",\"url\":\"https:\\\/\\\/www.dynseo.com\\\/es\\\/como-integrar-la-reeducacion-cognitiva-en-el-plan-de-cuidado\\\/\",\"name\":\"Como integrar la reeducacion cognitiva en el plan de cuidados post-cancer - DYNSEO - Aplicaci\u00f3n educativa y juegos de memoria\",\"isPartOf\":{\"@id\":\"https:\\\/\\\/www.dynseo.com\\\/es\\\/#website\"},\"primaryImageOfPage\":{\"@id\":\"https:\\\/\\\/www.dynseo.com\\\/es\\\/como-integrar-la-reeducacion-cognitiva-en-el-plan-de-cuidado\\\/#primaryimage\"},\"image\":{\"@id\":\"https:\\\/\\\/www.dynseo.com\\\/es\\\/como-integrar-la-reeducacion-cognitiva-en-el-plan-de-cuidado\\\/#primaryimage\"},\"thumbnailUrl\":\"https:\\\/\\\/www.dynseo.com\\\/wp-content\\\/uploads\\\/2025\\\/09\\\/abcdhe-113.jpg\",\"datePublished\":\"2026-01-07T15:42:25+00:00\",\"dateModified\":\"2026-01-12T01:41:51+00:00\",\"breadcrumb\":{\"@id\":\"https:\\\/\\\/www.dynseo.com\\\/es\\\/como-integrar-la-reeducacion-cognitiva-en-el-plan-de-cuidado\\\/#breadcrumb\"},\"inLanguage\":\"es\",\"potentialAction\":[{\"@type\":\"ReadAction\",\"target\":[\"https:\\\/\\\/www.dynseo.com\\\/es\\\/como-integrar-la-reeducacion-cognitiva-en-el-plan-de-cuidado\\\/\"]}]},{\"@type\":\"ImageObject\",\"inLanguage\":\"es\",\"@id\":\"https:\\\/\\\/www.dynseo.com\\\/es\\\/como-integrar-la-reeducacion-cognitiva-en-el-plan-de-cuidado\\\/#primaryimage\",\"url\":\"https:\\\/\\\/www.dynseo.com\\\/wp-content\\\/uploads\\\/2025\\\/09\\\/abcdhe-113.jpg\",\"contentUrl\":\"https:\\\/\\\/www.dynseo.com\\\/wp-content\\\/uploads\\\/2025\\\/09\\\/abcdhe-113.jpg\",\"width\":900,\"height\":540,\"caption\":\"Desaf\u00eda tu cerebro con actividades divertidas y beneficiosas\"},{\"@type\":\"BreadcrumbList\",\"@id\":\"https:\\\/\\\/www.dynseo.com\\\/es\\\/como-integrar-la-reeducacion-cognitiva-en-el-plan-de-cuidado\\\/#breadcrumb\",\"itemListElement\":[{\"@type\":\"ListItem\",\"position\":1,\"name\":\"Accueil\",\"item\":\"https:\\\/\\\/www.dynseo.com\\\/es\\\/\"},{\"@type\":\"ListItem\",\"position\":2,\"name\":\"Como integrar la reeducacion cognitiva en el plan de cuidados post-cancer\"}]},{\"@type\":\"WebSite\",\"@id\":\"https:\\\/\\\/www.dynseo.com\\\/es\\\/#website\",\"url\":\"https:\\\/\\\/www.dynseo.com\\\/es\\\/\",\"name\":\"Jeux de m\u00e9moire et stimulation cognitive\",\"description\":\"Entra\u00eenez votre m\u00e9moire et votre cerveau avec DYNSEO\",\"publisher\":{\"@id\":\"https:\\\/\\\/www.dynseo.com\\\/es\\\/#organization\"},\"potentialAction\":[{\"@type\":\"SearchAction\",\"target\":{\"@type\":\"EntryPoint\",\"urlTemplate\":\"https:\\\/\\\/www.dynseo.com\\\/es\\\/?s={search_term_string}\"},\"query-input\":{\"@type\":\"PropertyValueSpecification\",\"valueRequired\":true,\"valueName\":\"search_term_string\"}}],\"inLanguage\":\"es\"},{\"@type\":\"Organization\",\"@id\":\"https:\\\/\\\/www.dynseo.com\\\/es\\\/#organization\",\"name\":\"DYNSEO\",\"url\":\"https:\\\/\\\/www.dynseo.com\\\/es\\\/\",\"logo\":{\"@type\":\"ImageObject\",\"inLanguage\":\"es\",\"@id\":\"https:\\\/\\\/www.dynseo.com\\\/es\\\/#\\\/schema\\\/logo\\\/image\\\/\",\"url\":\"https:\\\/\\\/www.dynseo.com\\\/wp-content\\\/uploads\\\/2022\\\/05\\\/logo-dynseo-new.png\",\"contentUrl\":\"https:\\\/\\\/www.dynseo.com\\\/wp-content\\\/uploads\\\/2022\\\/05\\\/logo-dynseo-new.png\",\"width\":5073,\"height\":1397,\"caption\":\"DYNSEO\"},\"image\":{\"@id\":\"https:\\\/\\\/www.dynseo.com\\\/es\\\/#\\\/schema\\\/logo\\\/image\\\/\"}},{\"@type\":\"Person\",\"@id\":\"https:\\\/\\\/www.dynseo.com\\\/es\\\/#\\\/schema\\\/person\\\/78ef63df2ee64e0989bc68f8401b38d6\",\"name\":\"DYNSEO\",\"url\":\"https:\\\/\\\/www.dynseo.com\\\/es\\\/author\\\/justine\\\/\"}]}<\/script>\n<!-- \/ Yoast SEO plugin. -->","yoast_head_json":{"title":"Como integrar la reeducacion cognitiva en el plan de cuidados post-cancer - DYNSEO - Aplicaci\u00f3n educativa y juegos de memoria","robots":{"index":"index","follow":"follow","max-snippet":"max-snippet:-1","max-image-preview":"max-image-preview:large","max-video-preview":"max-video-preview:-1"},"canonical":"https:\/\/www.dynseo.com\/es\/como-integrar-la-reeducacion-cognitiva-en-el-plan-de-cuidado\/","og_locale":"es_ES","og_type":"article","og_title":"Como integrar la reeducacion cognitiva en el plan de cuidados post-cancer - DYNSEO - Aplicaci\u00f3n educativa y juegos de memoria","og_url":"https:\/\/www.dynseo.com\/es\/como-integrar-la-reeducacion-cognitiva-en-el-plan-de-cuidado\/","og_site_name":"DYNSEO - Aplicaci\u00f3n educativa y juegos de memoria","article_published_time":"2026-01-07T15:42:25+00:00","article_modified_time":"2026-01-12T01:41:51+00:00","og_image":[{"width":900,"height":540,"url":"https:\/\/www.dynseo.com\/wp-content\/uploads\/2025\/09\/abcdhe-113.jpg","type":"image\/jpeg"}],"author":"DYNSEO","twitter_misc":{"Escrito por":"DYNSEO","Tiempo de lectura":"12 minutos"},"schema":{"@context":"https:\/\/schema.org","@graph":[{"@type":"Article","@id":"https:\/\/www.dynseo.com\/es\/como-integrar-la-reeducacion-cognitiva-en-el-plan-de-cuidado\/#article","isPartOf":{"@id":"https:\/\/www.dynseo.com\/es\/como-integrar-la-reeducacion-cognitiva-en-el-plan-de-cuidado\/"},"author":{"name":"DYNSEO","@id":"https:\/\/www.dynseo.com\/es\/#\/schema\/person\/78ef63df2ee64e0989bc68f8401b38d6"},"headline":"Como integrar la reeducacion cognitiva en el plan de cuidados post-cancer","datePublished":"2026-01-07T15:42:25+00:00","dateModified":"2026-01-12T01:41:51+00:00","mainEntityOfPage":{"@id":"https:\/\/www.dynseo.com\/es\/como-integrar-la-reeducacion-cognitiva-en-el-plan-de-cuidado\/"},"wordCount":2366,"publisher":{"@id":"https:\/\/www.dynseo.com\/es\/#organization"},"image":{"@id":"https:\/\/www.dynseo.com\/es\/como-integrar-la-reeducacion-cognitiva-en-el-plan-de-cuidado\/#primaryimage"},"thumbnailUrl":"https:\/\/www.dynseo.com\/wp-content\/uploads\/2025\/09\/abcdhe-113.jpg","articleSection":["All about cancer","Tout sur le cancer"],"inLanguage":"es"},{"@type":"WebPage","@id":"https:\/\/www.dynseo.com\/es\/como-integrar-la-reeducacion-cognitiva-en-el-plan-de-cuidado\/","url":"https:\/\/www.dynseo.com\/es\/como-integrar-la-reeducacion-cognitiva-en-el-plan-de-cuidado\/","name":"Como integrar la reeducacion cognitiva en el plan de cuidados post-cancer - DYNSEO - Aplicaci\u00f3n educativa y juegos de memoria","isPartOf":{"@id":"https:\/\/www.dynseo.com\/es\/#website"},"primaryImageOfPage":{"@id":"https:\/\/www.dynseo.com\/es\/como-integrar-la-reeducacion-cognitiva-en-el-plan-de-cuidado\/#primaryimage"},"image":{"@id":"https:\/\/www.dynseo.com\/es\/como-integrar-la-reeducacion-cognitiva-en-el-plan-de-cuidado\/#primaryimage"},"thumbnailUrl":"https:\/\/www.dynseo.com\/wp-content\/uploads\/2025\/09\/abcdhe-113.jpg","datePublished":"2026-01-07T15:42:25+00:00","dateModified":"2026-01-12T01:41:51+00:00","breadcrumb":{"@id":"https:\/\/www.dynseo.com\/es\/como-integrar-la-reeducacion-cognitiva-en-el-plan-de-cuidado\/#breadcrumb"},"inLanguage":"es","potentialAction":[{"@type":"ReadAction","target":["https:\/\/www.dynseo.com\/es\/como-integrar-la-reeducacion-cognitiva-en-el-plan-de-cuidado\/"]}]},{"@type":"ImageObject","inLanguage":"es","@id":"https:\/\/www.dynseo.com\/es\/como-integrar-la-reeducacion-cognitiva-en-el-plan-de-cuidado\/#primaryimage","url":"https:\/\/www.dynseo.com\/wp-content\/uploads\/2025\/09\/abcdhe-113.jpg","contentUrl":"https:\/\/www.dynseo.com\/wp-content\/uploads\/2025\/09\/abcdhe-113.jpg","width":900,"height":540,"caption":"Desaf\u00eda tu cerebro con actividades divertidas y beneficiosas"},{"@type":"BreadcrumbList","@id":"https:\/\/www.dynseo.com\/es\/como-integrar-la-reeducacion-cognitiva-en-el-plan-de-cuidado\/#breadcrumb","itemListElement":[{"@type":"ListItem","position":1,"name":"Accueil","item":"https:\/\/www.dynseo.com\/es\/"},{"@type":"ListItem","position":2,"name":"Como integrar la reeducacion cognitiva en el plan de cuidados post-cancer"}]},{"@type":"WebSite","@id":"https:\/\/www.dynseo.com\/es\/#website","url":"https:\/\/www.dynseo.com\/es\/","name":"Jeux de m\u00e9moire et stimulation cognitive","description":"Entra\u00eenez votre m\u00e9moire et votre cerveau avec DYNSEO","publisher":{"@id":"https:\/\/www.dynseo.com\/es\/#organization"},"potentialAction":[{"@type":"SearchAction","target":{"@type":"EntryPoint","urlTemplate":"https:\/\/www.dynseo.com\/es\/?s={search_term_string}"},"query-input":{"@type":"PropertyValueSpecification","valueRequired":true,"valueName":"search_term_string"}}],"inLanguage":"es"},{"@type":"Organization","@id":"https:\/\/www.dynseo.com\/es\/#organization","name":"DYNSEO","url":"https:\/\/www.dynseo.com\/es\/","logo":{"@type":"ImageObject","inLanguage":"es","@id":"https:\/\/www.dynseo.com\/es\/#\/schema\/logo\/image\/","url":"https:\/\/www.dynseo.com\/wp-content\/uploads\/2022\/05\/logo-dynseo-new.png","contentUrl":"https:\/\/www.dynseo.com\/wp-content\/uploads\/2022\/05\/logo-dynseo-new.png","width":5073,"height":1397,"caption":"DYNSEO"},"image":{"@id":"https:\/\/www.dynseo.com\/es\/#\/schema\/logo\/image\/"}},{"@type":"Person","@id":"https:\/\/www.dynseo.com\/es\/#\/schema\/person\/78ef63df2ee64e0989bc68f8401b38d6","name":"DYNSEO","url":"https:\/\/www.dynseo.com\/es\/author\/justine\/"}]}},"_links":{"self":[{"href":"https:\/\/www.dynseo.com\/es\/wp-json\/wp\/v2\/posts\/476681","targetHints":{"allow":["GET"]}}],"collection":[{"href":"https:\/\/www.dynseo.com\/es\/wp-json\/wp\/v2\/posts"}],"about":[{"href":"https:\/\/www.dynseo.com\/es\/wp-json\/wp\/v2\/types\/post"}],"author":[{"embeddable":true,"href":"https:\/\/www.dynseo.com\/es\/wp-json\/wp\/v2\/users\/4"}],"replies":[{"embeddable":true,"href":"https:\/\/www.dynseo.com\/es\/wp-json\/wp\/v2\/comments?post=476681"}],"version-history":[{"count":2,"href":"https:\/\/www.dynseo.com\/es\/wp-json\/wp\/v2\/posts\/476681\/revisions"}],"predecessor-version":[{"id":480066,"href":"https:\/\/www.dynseo.com\/es\/wp-json\/wp\/v2\/posts\/476681\/revisions\/480066"}],"wp:featuredmedia":[{"embeddable":true,"href":"https:\/\/www.dynseo.com\/es\/wp-json\/wp\/v2\/media\/412655"}],"wp:attachment":[{"href":"https:\/\/www.dynseo.com\/es\/wp-json\/wp\/v2\/media?parent=476681"}],"wp:term":[{"taxonomy":"category","embeddable":true,"href":"https:\/\/www.dynseo.com\/es\/wp-json\/wp\/v2\/categories?post=476681"},{"taxonomy":"post_tag","embeddable":true,"href":"https:\/\/www.dynseo.com\/es\/wp-json\/wp\/v2\/tags?post=476681"}],"curies":[{"name":"wp","href":"https:\/\/api.w.org\/{rel}","templated":true}]}}