{"id":476702,"date":"2026-01-07T16:55:41","date_gmt":"2026-01-07T15:55:41","guid":{"rendered":"https:\/\/www.dynseo.com\/impacto-cancer-pulmon-funciones-cognitivas-estrategias-rehab\/"},"modified":"2026-01-12T02:43:09","modified_gmt":"2026-01-12T01:43:09","slug":"impacto-cancer-pulmon-funciones-cognitivas-estrategias-rehab","status":"publish","type":"post","link":"https:\/\/www.dynseo.com\/es\/impacto-cancer-pulmon-funciones-cognitivas-estrategias-rehab\/","title":{"rendered":"Impacto del c\u00e1ncer de pulm\u00f3n en las funciones cognitivas y estrategias de rehabilitaci\u00f3n"},"content":{"rendered":"<p>[et_pb_section fb_built=\u00bb1&#8243; admin_label=\u00bbArticle HTML v8.5&#8243; _builder_version=\u00bb4.16&#8243;][et_pb_row][et_pb_column type=\u00bb4_4&#8243; _builder_version=\u00bb4.16&#8243;][et_pb_code admin_label=\u00bbHTML stylis\u00e9\u00bb]<link href=\"https:\/\/fonts.googleapis.com\/css2?family=Montserrat:wght@400;500;600;700;800&#038;display=swap\" rel=\"stylesheet\">\n<style>\n.dynseo-article{font-family:'Montserrat',-apple-system,BlinkMacSystemFont,'Segoe UI',Roboto,sans-serif;line-height:1.8;color:#2c3e50;max-width:100%;box-sizing:border-box}\n.dynseo-article *{box-sizing:border-box}\n.dynseo-article h2{font-size:1.8rem;color:#1a1a2e;margin:50px 0 25px;padding-bottom:12px;border-bottom:3px solid #a9e2e4;font-weight:700}\n.dynseo-article h3{font-size:1.3rem;color:#5e5ed7;margin:35px 0 18px;font-weight:600}\n.dynseo-article h4{font-size:1.1rem;color:#1a1a2e;margin:25px 0 12px;font-weight:600}\n.dynseo-article p{margin-bottom:18px;font-size:1.05rem}\n.dynseo-article a{color:#5e5ed7;text-decoration:none}\n.dynseo-article a:hover{color:#e73469;text-decoration:underline}\n.dynseo-article .dynseo-game-card{display:flex;gap:30px;background:#fff;border-radius:20px;padding:25px;margin:30px 0;border:2px solid #f1f5f9;box-shadow:0 4px 20px rgba(0,0,0,0.06);transition:all .3s}\n.dynseo-article .dynseo-game-card:hover{transform:translateY(-5px);box-shadow:0 15px 40px rgba(0,0,0,0.1);border-color:#a9e2e4}\n.dynseo-article .dynseo-game-card-image{flex:0 0 200px}\n.dynseo-article .dynseo-game-card-image img{width:100%;height:auto;border-radius:16px;box-shadow:0 8px 25px rgba(0,0,0,0.15);transition:transform .3s}\n.dynseo-article .dynseo-game-card-image a:hover img{transform:scale(1.05)}\n.dynseo-article .dynseo-game-card-content{flex:1}\n.dynseo-article .dynseo-game-card-content h4{margin:0 0 15px 0;color:#e73469;font-size:1.3rem}\n.dynseo-article .dynseo-game-card-content h4 a{color:#e73469;text-decoration:none}\n.dynseo-article .dynseo-game-card-content h4 a:hover{color:#5e5ed7}\n.dynseo-article .dynseo-game-card-desc{color:#2c3e50;line-height:1.7}\n.dynseo-article .dynseo-game-card-desc p{margin-bottom:12px}\n.dynseo-article .dynseo-feature-grid{display:grid;grid-template-columns:repeat(auto-fit,minmax(250px,1fr));gap:25px;margin:35px 0}\n.dynseo-article .dynseo-feature-card{background:#fff;border-radius:20px;padding:25px;text-align:center;border:2px solid #f1f5f9;transition:all .3s}\n.dynseo-article .dynseo-feature-card:hover{transform:translateY(-8px);box-shadow:0 20px 50px rgba(0,0,0,0.1);border-color:#e73469}\n.dynseo-article .dynseo-feature-card img{max-width:120px;height:auto;margin:0 auto 15px;border-radius:12px;display:block;transition:transform .3s}\n.dynseo-article .dynseo-feature-card a:hover img{transform:scale(1.1)}\n.dynseo-article .dynseo-feature-card h4{color:#1a1a2e;margin:0 0 10px 0;font-size:1.1rem}\n.dynseo-article .dynseo-feature-card h4 a{color:#5e5ed7;text-decoration:none}\n.dynseo-article .dynseo-feature-card h4 a:hover{color:#e73469}\n.dynseo-article .dynseo-feature-card p{color:#64748b;font-size:.95rem;margin:0}\n.dynseo-article .dynseo-figure{margin:30px 0;text-align:center}\n.dynseo-article .dynseo-figure a{display:inline-block;transition:transform .3s}\n.dynseo-article .dynseo-figure a:hover{transform:scale(1.02)}\n.dynseo-article .dynseo-img{max-width:100%;height:auto;border-radius:16px;box-shadow:0 8px 30px rgba(0,0,0,0.12)}\n.dynseo-article img{max-width:100%;height:auto;border-radius:12px;margin:15px 0}\n.dynseo-article .dynseo-button-wrap{margin:25px 0;text-align:center}\n.dynseo-article .dynseo-button{display:inline-block;padding:14px 32px;background:linear-gradient(135deg,#e73469,#db2777);color:white!important;text-decoration:none!important;border-radius:30px;font-weight:600;box-shadow:0 4px 20px rgba(231,52,105,0.35);transition:all .3s}\n.dynseo-article .dynseo-button:hover{transform:translateY(-3px);box-shadow:0 8px 30px rgba(231,52,105,0.45)}\n.dynseo-article .dynseo-cta{background:linear-gradient(135deg,#5e5ed7,#5268c9);border-radius:20px;padding:35px 40px;margin:40px 0;text-align:center;color:white;box-shadow:0 10px 40px rgba(94,94,215,0.3)}\n.dynseo-article .dynseo-cta h3{color:white;font-size:1.5rem;margin:0 0 15px 0}\n.dynseo-article .dynseo-cta p{color:rgba(255,255,255,0.9);margin-bottom:20px}\n.dynseo-article .dynseo-cta .dynseo-button{background:white;color:#5e5ed7!important}\n.dynseo-article .dynseo-intro{font-size:1.15rem;color:#64748b;border-left:4px solid #a9e2e4;padding:20px 25px;margin:35px 0;font-style:italic;background:linear-gradient(90deg,rgba(169,226,228,0.1),transparent);border-radius:0 12px 12px 0}\n.dynseo-article .dynseo-toc{background:linear-gradient(135deg,#f8fafc,#fff);border-radius:20px;padding:35px;margin:40px 0;border:2px solid #e5e7eb;box-shadow:0 4px 20px rgba(0,0,0,0.05)}\n.dynseo-article .dynseo-toc .toc-title{font-size:1.4rem;margin-bottom:25px;color:#1a1a2e;font-weight:700}\n.dynseo-article .dynseo-toc ol{list-style:none;padding:0;margin:0;display:grid;grid-template-columns:repeat(2,1fr);gap:12px}\n.dynseo-article .dynseo-toc li{background:#fff;border-radius:12px;padding:14px 18px;border:2px solid #f1f5f9;transition:all .3s}\n.dynseo-article .dynseo-toc li:hover{transform:translateX(8px);box-shadow:0 6px 20px rgba(0,0,0,0.1)}\n.dynseo-article .dynseo-toc a{color:#1a1a2e;text-decoration:none;font-weight:500}\n.dynseo-article .dynseo-toc a:hover{color:#5e5ed7}\n.dynseo-article .styled-list,.dynseo-article ul{margin:20px 0;padding:0;list-style:none}\n.dynseo-article .styled-list li,.dynseo-article ul li{position:relative;padding-left:28px;margin-bottom:14px}\n.dynseo-article .styled-list li::before,.dynseo-article ul li::before{content:\"\";position:absolute;left:0;top:8px;width:10px;height:10px;background:#e73469;border-radius:50%}\n.dynseo-article blockquote{background:linear-gradient(135deg,#fff9f0,#fff5eb);border-left:4px solid #ffeca7;border-radius:0 16px 16px 0;padding:25px 30px;margin:35px 0}\n.dynseo-article blockquote p{font-style:italic;margin:0}\n.dynseo-article .dynseo-tip-box{background:linear-gradient(135deg,#ecfdf5,#d1fae5);border:2px solid #a9e2e4;border-radius:16px;padding:25px;margin:35px 0}\n.dynseo-article .dynseo-tip-box-title{font-weight:700;color:#1a1a2e;margin-bottom:10px}\n.dynseo-article .dynseo-tip-box-title::before{content:\"\ud83d\udca1 \";font-size:1.2rem}\n.dynseo-article .dynseo-tip-box p{margin:0;color:#2c3e50}\n.dynseo-article .section-divider{text-align:center;margin:60px 0;font-size:1.8rem;letter-spacing:18px;background:linear-gradient(135deg,#ffeca7,#e73469,#a9e2e4);-webkit-background-clip:text;-webkit-text-fill-color:transparent}\n@media(max-width:1024px){.dynseo-article .dynseo-toc{padding:30px}.dynseo-article .dynseo-game-card{gap:20px;padding:20px}.dynseo-article .dynseo-game-card-image{flex:0 0 160px}.dynseo-article .dynseo-cta{padding:30px}}\n@media(max-width:768px){.dynseo-article h2{font-size:1.5rem;margin:40px 0 20px}.dynseo-article h3{font-size:1.15rem;margin:30px 0 15px}.dynseo-article h4{font-size:1rem;margin:20px 0 10px}.dynseo-article p{font-size:1rem;margin-bottom:15px}.dynseo-article .dynseo-toc{padding:25px;margin:30px 0}.dynseo-article .dynseo-toc .toc-title{font-size:1.2rem;margin-bottom:20px}.dynseo-article .dynseo-toc ol{grid-template-columns:1fr;gap:10px}.dynseo-article .dynseo-toc li{padding:12px 15px}.dynseo-article .dynseo-game-card{flex-direction:column;padding:20px;margin:25px 0;gap:20px}.dynseo-article .dynseo-game-card-image{flex:none;text-align:center}.dynseo-article .dynseo-game-card-image img{max-width:180px;margin:0 auto}.dynseo-article .dynseo-game-card-content{text-align:center}.dynseo-article .dynseo-game-card-content h4{font-size:1.15rem}.dynseo-article .dynseo-feature-grid{grid-template-columns:1fr;gap:20px;margin:25px 0}.dynseo-article .dynseo-feature-card{padding:20px}.dynseo-article .dynseo-feature-card img{max-width:100px}.dynseo-article .dynseo-figure{margin:25px 0}.dynseo-article img{margin:12px 0}.dynseo-article .dynseo-button-wrap{margin:20px 0}.dynseo-article .dynseo-button{display:block;text-align:center;padding:14px 25px}.dynseo-article .dynseo-cta{padding:25px 20px;margin:30px 0}.dynseo-article .dynseo-cta h3{font-size:1.3rem}.dynseo-article .dynseo-intro{padding:15px 18px;margin:25px 0;font-size:1rem}.dynseo-article .dynseo-tip-box{padding:20px;margin:25px 0}.dynseo-article blockquote{padding:20px;margin:25px 0}.dynseo-article .section-divider{margin:40px 0;font-size:1.4rem;letter-spacing:12px}}\n@media(max-width:480px){.dynseo-article{font-size:15px;line-height:1.7}.dynseo-article h2{font-size:1.3rem;margin:35px 0 18px;padding-bottom:10px}.dynseo-article h3{font-size:1.1rem}.dynseo-article p{font-size:.95rem}.dynseo-article .dynseo-toc{padding:20px;margin:25px 0}.dynseo-article .dynseo-toc .toc-title{font-size:1.1rem;margin-bottom:15px}.dynseo-article .dynseo-toc li{padding:10px 12px;font-size:.9rem}.dynseo-article .dynseo-game-card{padding:18px;margin:20px 0}.dynseo-article .dynseo-game-card-image img{max-width:150px}.dynseo-article .dynseo-game-card-content h4{font-size:1.05rem}.dynseo-article .dynseo-game-card-desc{font-size:.9rem}.dynseo-article .dynseo-feature-card{padding:18px}.dynseo-article .dynseo-feature-card img{max-width:80px}.dynseo-article .dynseo-feature-card h4{font-size:1rem}.dynseo-article .dynseo-feature-card p{font-size:.85rem}.dynseo-article .dynseo-button{padding:12px 20px;font-size:.95rem}.dynseo-article .dynseo-cta{padding:20px 18px}.dynseo-article .dynseo-cta h3{font-size:1.15rem}.dynseo-article .dynseo-cta p{font-size:.9rem}.dynseo-article .dynseo-intro{padding:12px 15px;font-size:.95rem}.dynseo-article .dynseo-tip-box{padding:18px}.dynseo-article .styled-list li,.dynseo-article ul li{padding-left:22px;margin-bottom:10px;font-size:.95rem}.dynseo-article .styled-list li::before,.dynseo-article ul li::before{width:8px;height:8px;top:7px}}\n<\/style>\n<div class=\"dynseo-article\">\n<div class=\"dynseo-intro\">El c\u00e1ncer de pulm\u00f3n es una enfermedad que se caracteriza por el crecimiento anormal de c\u00e9lulas en los tejidos pulmonares. Es una de las formas m\u00e1s comunes de c\u00e1ncer en el mundo, con una prevalencia e incidencia en constante aumento. El c\u00e1ncer de pulm\u00f3n puede tener numerosos efectos en la salud, incluidos efectos cognitivos.<\/p>\n<p>Los efectos cognitivos del c\u00e1ncer de pulm\u00f3n se refieren a los cambios en las funciones mentales y cognitivas que pueden ocurrir en los pacientes afectados por esta enfermedad. Estos cambios pueden incluir problemas de memoria, atenci\u00f3n, velocidad de procesamiento de la informaci\u00f3n y funci\u00f3n ejecutiva.<\/p><\/div>\n<nav class=\"dynseo-toc\">\n<div class=\"toc-title\">\ud83d\udccb Sommaire<\/div>\n<ol>\n<li style=\"border-left:4px solid #ffeca7\"><a href=\"#section-1\">Las diferentes funciones cognitivas afectadas por el c\u00e1ncer de pulm\u00f3n<\/a><\/li>\n<li style=\"border-left:4px solid #e73469\"><a href=\"#section-2\">El impacto del tratamiento en las funciones cognitivas<\/a><\/li>\n<li style=\"border-left:4px solid #a9e2e4\"><a href=\"#section-3\">Las estrategias de rehabilitaci\u00f3n para mejorar las funciones cognitivas<\/a><\/li>\n<li style=\"border-left:4px solid #5e5ed7\"><a href=\"#section-4\">La importancia de la evaluaci\u00f3n cognitiva en el tratamiento del c\u00e1ncer de pulm\u00f3n<\/a><\/li>\n<li style=\"border-left:4px solid #5268c9\"><a href=\"#section-5\">Las intervenciones psicol\u00f3gicas para mejorar las funciones cognitivas<\/a><\/li>\n<\/ol>\n<\/nav>\n<section class=\"dynseo-section\">\n<h2 id=\"section-1\">Las diferentes funciones cognitivas afectadas por el c\u00e1ncer de pulm\u00f3n<\/h2>\n<p>1. La memoria: Los pacientes afectados por c\u00e1ncer de pulm\u00f3n pueden experimentar problemas de memoria, como dificultades para recordar informaci\u00f3n reciente o recuperar recuerdos anteriores. Estos problemas pueden deberse a la enfermedad misma o a los tratamientos utilizados para combatirla.<\/p>\n<p>2. La atenci\u00f3n: El c\u00e1ncer de pulm\u00f3n tambi\u00e9n puede afectar la atenci\u00f3n de los pacientes, dificultando la concentraci\u00f3n en una tarea determinada o el mantenimiento de la atenci\u00f3n durante per\u00edodos prolongados. Esto puede tener un impacto en la capacidad para realizar tareas diarias e interactuar con los dem\u00e1s.<\/p>\n<p>3. La velocidad de procesamiento de la informaci\u00f3n: Los pacientes afectados por c\u00e1ncer de pulm\u00f3n tambi\u00e9n pueden experimentar una disminuci\u00f3n en la velocidad a la que procesan la informaci\u00f3n. Esto puede manifestarse como lentitud en la comprensi\u00f3n y respuesta a los est\u00edmulos, lo que puede hacer que las tareas diarias sean m\u00e1s dif\u00edciles.<\/p>\n<p>4. La funci\u00f3n ejecutiva: Las funciones ejecutivas, que son responsables de la planificaci\u00f3n, organizaci\u00f3n y toma de decisiones, tambi\u00e9n pueden verse afectadas por el c\u00e1ncer de pulm\u00f3n. Los pacientes pueden tener dificultades para organizar sus pensamientos, tomar decisiones y resolver problemas.<br \/>\n<\/section>\n<section class=\"dynseo-section\">\n<h2 id=\"section-2\">El impacto del tratamiento en las funciones cognitivas<\/h2>\n<div class=\"flex-shrink-0 flex flex-col relative items-end\">\n<div>\n<div class=\"pt-0\">\n<div class=\"gizmo-bot-avatar flex h-8 w-8 items-center justify-center overflow-hidden rounded-full\">\n<div class=\"relative p-1 rounded-sm flex items-center justify-center bg-token-main-surface-primary text-token-text-primary h-8 w-8\"><\/div>\n<\/div>\n<\/div>\n<\/div>\n<\/div>\n<div class=\"group\/conversation-turn relative flex w-full min-w-0 flex-col agent-turn\">\n<div class=\"flex-col gap-1 md:gap-3\">\n<div class=\"flex max-w-full flex-col flex-grow\">\n<div class=\"min-h-8 text-message flex w-full flex-col items-end gap-2 whitespace-normal break-words text-start [.text-message+&amp;]:mt-5\" dir=\"auto\" data-message-author-role=\"assistant\" data-message-id=\"f9997659-bad6-4e99-b326-5c46c6fd2c2d\" data-message-model-slug=\"gpt-4o-mini\">\n<div class=\"flex w-full flex-col gap-1 empty:hidden first:pt-[3px]\">\n<div class=\"markdown prose w-full break-words dark:prose-invert dark\">\n<p>Los tratamientos utilizados para tratar el c\u00e1ncer de pulm\u00f3n tambi\u00e9n pueden tener efectos importantes en las funciones cognitivas de los pacientes, incluso despu\u00e9s de que finaliza el tratamiento. Adem\u00e1s de los efectos f\u00edsicos visibles, como la p\u00e9rdida de peso, el dolor y los s\u00edntomas respiratorios, muchos pacientes experimentan cambios cognitivos. Estos trastornos pueden incluir una disminuci\u00f3n de la memoria, atenci\u00f3n, concentraci\u00f3n, as\u00ed como dificultades para resolver problemas o procesar r\u00e1pidamente la informaci\u00f3n.<\/p>\n<p>Los efectos secundarios comunes de los tratamientos, como la fatiga intensa, las n\u00e1useas, los trastornos del sue\u00f1o y los cambios hormonales, pueden tener un impacto en el funcionamiento cognitivo. Por ejemplo, la fatiga cr\u00f3nica puede reducir la capacidad de concentraci\u00f3n y ralentizar los procesos de pensamiento. Adem\u00e1s, los trastornos del sue\u00f1o pueden interferir con la consolidaci\u00f3n de la memoria y perturbar los ciclos de reflexi\u00f3n y aprendizaje. Los cambios hormonales, a menudo causados por los tratamientos, tambi\u00e9n pueden afectar el estado de \u00e1nimo y la cognici\u00f3n, creando una sensaci\u00f3n general de confusi\u00f3n mental o niebla mental.<\/p>\n<p>Algunos tratamientos son m\u00e1s propensos a afectar las funciones cognitivas que otros. La quimioterapia, por ejemplo, es bien conocida por provocar lo que a menudo se llama \u00abcerebro de quimio\u00bb, un t\u00e9rmino utilizado para describir una alteraci\u00f3n de la memoria, la atenci\u00f3n y la capacidad para procesar r\u00e1pidamente la informaci\u00f3n. Este fen\u00f3meno puede traducirse en una sensaci\u00f3n de confusi\u00f3n mental o lentitud en la toma de decisiones y en la ejecuci\u00f3n de tareas diarias.<\/p>\n<p>La radioterapia, por su parte, puede causar problemas espec\u00edficos de concentraci\u00f3n y procesamiento de la informaci\u00f3n. La irradiaci\u00f3n de la cabeza o el cerebro, incluso de manera indirecta, puede afectar ciertas regiones del cerebro responsables de la atenci\u00f3n, la memoria y las funciones ejecutivas, reduciendo as\u00ed la capacidad del paciente para mantenerse concentrado en tareas simples o complejas.<\/p>\n<p>Adem\u00e1s, la cirug\u00eda, aunque indispensable en muchos casos de c\u00e1ncer de pulm\u00f3n, tambi\u00e9n puede afectar las funciones cognitivas. La anestesia general utilizada durante la intervenci\u00f3n, as\u00ed como el estr\u00e9s f\u00edsico y emocional relacionado con la operaci\u00f3n, pueden perturbar temporalmente las capacidades cognitivas. La recuperaci\u00f3n postquir\u00fargica puede dar lugar a problemas de concentraci\u00f3n y memoria, particularmente en pacientes mayores o aquellos que ya tienen un deterioro cognitivo antes de la operaci\u00f3n.<\/p>\n<p>En resumen, aunque los tratamientos contra el c\u00e1ncer de pulm\u00f3n son esenciales para la curaci\u00f3n, pueden tener efectos secundarios duraderos en la cognici\u00f3n. Por lo tanto, es crucial que los pacientes y sus profesionales de la salud sean conscientes de estos impactos y que se implemente un seguimiento espec\u00edfico para ayudar a gestionar los trastornos cognitivos que pueden surgir.<\/p>\n<\/div>\n<\/div>\n<\/div>\n<\/div>\n<div class=\"mb-2 flex gap-3 empty:hidden -ml-2\">\n<div class=\"items-center justify-start rounded-xl p-1 flex\">\n<div class=\"flex items-center\"><button class=\"rounded-lg text-token-text-secondary hover:bg-token-main-surface-secondary\" aria-label=\"Leer en voz alta\" data-testid=\"voice-play-turn-action-button\"><\/button><button class=\"rounded-lg text-token-text-secondary hover:bg-token-main-surface-secondary\" aria-label=\"Copiar\" data-testid=\"copy-turn-action-button\"><\/button><\/p>\n<div class=\"flex\"><\/div>\n<div class=\"flex items-center pb-0\"><span class=\"overflow-hidden text-clip whitespace-nowrap text-sm\">4o mini<\/span><\/div>\n<\/div>\n<\/div>\n<\/div>\n<\/div>\n<\/div>\n<\/section>\n<section class=\"dynseo-section\">\n<h2 id=\"section-3\">Las estrategias de rehabilitaci\u00f3n para mejorar las funciones cognitivas<\/h2>\n<p>Existen varias estrategias de rehabilitaci\u00f3n que pueden ayudar a mejorar las funciones cognitivas en los pacientes afectados por c\u00e1ncer de pulm\u00f3n.<\/p>\n<p>1. Los ejercicios cognitivos: Los ejercicios cognitivos, como los rompecabezas, los juegos de memoria y los ejercicios de resoluci\u00f3n de problemas, pueden ayudar a estimular las funciones cognitivas y mejorar la memoria, la atenci\u00f3n y la velocidad de procesamiento de la informaci\u00f3n.<\/p>\n<p>2. Las t\u00e9cnicas de relajaci\u00f3n: Las t\u00e9cnicas de relajaci\u00f3n, como la meditaci\u00f3n y la respiraci\u00f3n profunda, pueden ayudar a reducir el estr\u00e9s y la ansiedad, lo que puede mejorar las funciones cognitivas.<\/p>\n<p>3. Las actividades f\u00edsicas: El ejercicio regular tambi\u00e9n puede tener un impacto positivo en las funciones cognitivas. Estudios han demostrado que el ejercicio puede mejorar la memoria, la atenci\u00f3n y la velocidad de procesamiento de la informaci\u00f3n.<br \/>\n<\/section>\n<div class=\"section-divider\">\u25c6 \u25c6 \u25c6<\/div>\n<section class=\"dynseo-section\">\n<h2 id=\"section-4\">La importancia de la evaluaci\u00f3n cognitiva en el tratamiento del c\u00e1ncer de pulm\u00f3n<\/h2>\n<p>La evaluaci\u00f3n cognitiva es un paso importante en el tratamiento del c\u00e1ncer de pulm\u00f3n, ya que permite identificar los d\u00e9ficits cognitivos espec\u00edficos en los pacientes. Esto permite a los profesionales de la salud elaborar un plan de tratamiento personalizado para cada paciente.<\/p>\n<p>Las pruebas cognitivas se utilizan a menudo para evaluar las funciones cognitivas en los pacientes afectados por c\u00e1ncer de pulm\u00f3n. Estas pruebas pueden incluir tareas que miden la memoria, la atenci\u00f3n, la velocidad de procesamiento de la informaci\u00f3n y la funci\u00f3n ejecutiva.<\/p>\n<p>Las evaluaciones neuropsicol\u00f3gicas tambi\u00e9n se utilizan para evaluar las funciones cognitivas en los pacientes afectados por c\u00e1ncer de pulm\u00f3n. Estas evaluaciones pueden incluir entrevistas con el paciente y pruebas espec\u00edficas para evaluar las diferentes funciones cognitivas.<br \/>\n<\/section>\n<section class=\"dynseo-section\">\n<h2 id=\"section-5\">Las intervenciones psicol\u00f3gicas para mejorar las funciones cognitivas<\/h2>\n<p><img decoding=\"async\" style=\"max-width: 100%; display: block; margin-left: auto; margin-right: auto; width: 70%;\" src=\"https:\/\/www.dynseo.com\/es\/wp-content\/uploads\/2024\/04\/image-57.jpg\" \/><\/p>\n<p>Existen varias intervenciones psicol\u00f3gicas que pueden ayudar a mejorar las funciones cognitivas en los pacientes afectados por c\u00e1ncer de pulm\u00f3n.<\/p>\n<p>1. La terapia cognitiva y conductual: Esta forma de terapia tiene como objetivo ayudar a los pacientes a cambiar sus pensamientos y comportamientos negativos que pueden contribuir a los problemas cognitivos. Tambi\u00e9n puede ayudar a los pacientes a desarrollar estrategias de afrontamiento para hacer frente a los d\u00e9ficits cognitivos.<\/p>\n<p>2. La terapia de aceptaci\u00f3n y compromiso: Esta forma de terapia tiene como objetivo ayudar a los pacientes a aceptar sus d\u00e9ficits cognitivos y comprometerse con actividades que son importantes para ellos a pesar de estos d\u00e9ficits. Tambi\u00e9n puede ayudar a los pacientes a desarrollar estrategias para manejar el estr\u00e9s y la ansiedad relacionados con los problemas cognitivos.<\/p>\n<p>3. La terapia de atenci\u00f3n plena: Esta forma de terapia tiene como objetivo ayudar a los pacientes a estar plenamente presentes en el momento actual, cultivando una conciencia atenta de sus pensamientos, emociones y sensaciones f\u00edsicas. Esto puede ayudar a reducir el estr\u00e9s y la ansiedad, lo que puede mejorar las funciones cognitivas.<\/p>\n<h3>Los efectos a largo plazo del c\u00e1ncer de pulm\u00f3n en las funciones cognitivas<\/h3>\n<p>Los efectos cognitivos a largo plazo en los sobrevivientes de c\u00e1ncer de pulm\u00f3n son un fen\u00f3meno cada vez m\u00e1s estudiado. Aunque los tratamientos han permitido salvar muchas vidas, las consecuencias en la cognici\u00f3n de los pacientes a menudo persisten mucho despu\u00e9s de que finalizan los tratamientos. Algunos de los problemas cognitivos m\u00e1s comunes incluyen:<\/p>\n<ul class=\"styled-list\">\n<li><strong>La memoria<\/strong>: Los pacientes pueden experimentar dificultades para retener nueva informaci\u00f3n o recordar eventos recientes.<\/li>\n<li><strong>La atenci\u00f3n<\/strong>: Puede ser dif\u00edcil concentrarse o mantener una atenci\u00f3n sostenida, lo que afecta la capacidad para realizar tareas simples o complejas.<\/li>\n<li><strong>La velocidad de procesamiento de la informaci\u00f3n<\/strong>: Los sobrevivientes pueden encontrarse procesando la informaci\u00f3n m\u00e1s lentamente, lo que puede afectar la toma de decisiones y la reactividad.<\/li>\n<\/ul>\n<p>Estos d\u00e9ficits cognitivos pueden persistir durante a\u00f1os despu\u00e9s de la finalizaci\u00f3n del tratamiento y a menudo son exacerbados por los tratamientos mismos, incluida la <strong>quimioterapia<\/strong> (a menudo llamada \u00abcerebro de quimio\u00bb) y la <strong>radioterapia<\/strong>. Estos tratamientos pueden da\u00f1ar las c\u00e9lulas cerebrales y afectar la circulaci\u00f3n sangu\u00ednea cerebral, reduciendo as\u00ed la eficacia de las funciones cognitivas. Adem\u00e1s, la enfermedad del c\u00e1ncer en s\u00ed puede provocar una inflamaci\u00f3n cerebral que contribuye a los trastornos cognitivos.<\/p>\n<h3>Los factores de riesgo de d\u00e9ficits cognitivos despu\u00e9s de un c\u00e1ncer de pulm\u00f3n<\/h3>\n<p>Varios factores aumentan el riesgo de d\u00e9ficits cognitivos en los sobrevivientes de c\u00e1ncer de pulm\u00f3n. Estos factores incluyen:<\/p>\n<ol>\n<li><strong>La edad<\/strong>: Los pacientes mayores tienen un riesgo aumentado de desarrollar d\u00e9ficits cognitivos despu\u00e9s de un c\u00e1ncer de pulm\u00f3n. El envejecimiento natural del cerebro, combinado con el impacto de los tratamientos contra el c\u00e1ncer, puede agravar los problemas cognitivos.<\/li>\n<li><strong>El estadio de la enfermedad<\/strong>: Los pacientes con c\u00e1ncer de pulm\u00f3n en estadio avanzado son m\u00e1s propensos a tener d\u00e9ficits cognitivos. De hecho, la enfermedad puede tener un impacto directo en los tejidos cerebrales a trav\u00e9s de met\u00e1stasis o efectos secundarios debidos a tratamientos m\u00e1s agresivos necesarios en los estadios avanzados.<\/li>\n<li><strong>Los tratamientos recibidos<\/strong>: La quimioterapia, en particular, es un factor de riesgo importante para los trastornos cognitivos. Los efectos secundarios cognitivos de la quimioterapia, conocidos como \u00abcerebro de quimio\u00bb, incluyen trastornos de la memoria, la concentraci\u00f3n y la gesti\u00f3n del tiempo. La radioterapia, especialmente cuando se administra en la cabeza, tambi\u00e9n puede contribuir a problemas cognitivos duraderos.<\/li>\n<\/ol>\n<h3>Los enfoques no farmacol\u00f3gicos para mejorar las funciones cognitivas<\/h3>\n<p>Existen varios enfoques no farmacol\u00f3gicos para apoyar las funciones cognitivas de los pacientes afectados por c\u00e1ncer de pulm\u00f3n, en complemento a los tratamientos m\u00e9dicos. Estos enfoques tienen como objetivo estimular y reforzar las funciones cerebrales:<\/p>\n<ol>\n<li><strong>La estimulaci\u00f3n cognitiva<\/strong>: La estimulaci\u00f3n cognitiva incluye actividades que fomentan la actividad mental, como la lectura, los juegos de memoria, los rompecabezas o el aprendizaje de nuevas habilidades. Estas actividades est\u00e1n dise\u00f1adas para estimular las \u00e1reas del cerebro relacionadas con la memoria, la atenci\u00f3n y los procesos de resoluci\u00f3n de problemas, manteniendo el cerebro activo y comprometido.<\/li>\n<li><strong>La estimulaci\u00f3n sensorial<\/strong>: Actividades como escuchar m\u00fasica, pintar, esculpir o incluso simplemente caminar en la naturaleza pueden mejorar la cognici\u00f3n. Estas experiencias multisensoriales estimulan diferentes regiones del cerebro, lo que puede mejorar la capacidad de procesamiento de la informaci\u00f3n, reducir el estr\u00e9s y aumentar la concentraci\u00f3n.<\/li>\n<li><strong>La estimulaci\u00f3n social<\/strong>: La interacci\u00f3n social es un factor clave para la salud cognitiva. Participar en discusiones en grupo, pasar tiempo con amigos y familiares o involucrarse en actividades comunitarias puede fomentar la cognici\u00f3n al reducir el aislamiento y mantener a los individuos comprometidos. El intercambio de ideas y la escucha activa tambi\u00e9n estimulan la memoria y las funciones ejecutivas.<\/li>\n<\/ol>\n<h3><\/h3>\n<\/section>\n<\/div>\n<p>[\/et_pb_code][\/et_pb_column][\/et_pb_row][\/et_pb_section][et_pb_section fb_built=\u00bb1&#8243; _builder_version=\u00bb4.16&#8243;][et_pb_row][et_pb_column type=\u00bb4_4&#8243;][et_pb_code]<script type=\"application\/ld+json\">{\"@context\":\"https:\/\/schema.org\",\"@type\":\"FAQPage\",\"mainEntity\":[{\"@type\":\"Question\",\"name\":\"\u00bfQu\u00e9 funciones cognitivas pueden verse afectadas por el c\u00e1ncer de pulm\u00f3n?\",\"acceptedAnswer\":{\"@type\":\"Answer\",\"text\":\"Las funciones cognitivas que pueden verse afectadas incluyen la memoria (dificultades para recordar informaci\u00f3n reciente o recuperar recuerdos anteriores), la atenci\u00f3n (dificultad para concentrarse en tareas), la velocidad de procesamiento de la informaci\u00f3n (lentitud en la comprensi\u00f3n y respuesta) y la funci\u00f3n ejecutiva (problemas con la planificaci\u00f3n, organizaci\u00f3n y toma de decisiones).\"}},{\"@type\":\"Question\",\"name\":\"\u00bfC\u00f3mo afecta el c\u00e1ncer de pulm\u00f3n a la memoria de los pacientes?\",\"acceptedAnswer\":{\"@type\":\"Answer\",\"text\":\"Los pacientes con c\u00e1ncer de pulm\u00f3n pueden experimentar problemas de memoria como dificultades para recordar informaci\u00f3n reciente o recuperar recuerdos anteriores. Estos problemas pueden deberse tanto a la enfermedad misma como a los tratamientos utilizados para combatirla.\"}},{\"@type\":\"Question\",\"name\":\"\u00bfDe qu\u00e9 manera el c\u00e1ncer de pulm\u00f3n impacta en la capacidad de atenci\u00f3n?\",\"acceptedAnswer\":{\"@type\":\"Answer\",\"text\":\"El c\u00e1ncer de pulm\u00f3n puede afectar la atenci\u00f3n de los pacientes, dificultando la concentraci\u00f3n en una tarea determinada o el mantenimiento de la atenci\u00f3n durante per\u00edodos prolongados. Esto puede impactar en la capacidad para realizar tareas diarias e interactuar con los dem\u00e1s.\"}},{\"@type\":\"Question\",\"name\":\"\u00bfQu\u00e9 significa la disminuci\u00f3n en la velocidad de procesamiento de la informaci\u00f3n?\",\"acceptedAnswer\":{\"@type\":\"Answer\",\"text\":\"La disminuci\u00f3n en la velocidad de procesamiento se manifiesta como lentitud en la comprensi\u00f3n y respuesta a los est\u00edmulos. Esto puede hacer que las tareas diarias sean m\u00e1s dif\u00edciles de realizar para los pacientes con c\u00e1ncer de pulm\u00f3n.\"}},{\"@type\":\"Question\",\"name\":\"\u00bfC\u00f3mo se ven comprometidas las funciones ejecutivas en pacientes con c\u00e1ncer de pulm\u00f3n?\",\"acceptedAnswer\":{\"@type\":\"Answer\",\"text\":\"Las funciones ejecutivas, responsables de la planificaci\u00f3n, organizaci\u00f3n y toma de decisiones, pueden verse afectadas. Los pacientes pueden tener dificultades para organizar sus pensamientos, tomar decisiones y resolver problemas de manera efectiva.\"}},{\"@type\":\"Question\",\"name\":\"\u00bfCu\u00e1les son las causas de los efectos cognitivos en el c\u00e1ncer de pulm\u00f3n?\",\"acceptedAnswer\":{\"@type\":\"Answer\",\"text\":\"Los efectos cognitivos pueden deberse tanto a la enfermedad misma como a los tratamientos utilizados para combatir el c\u00e1ncer de pulm\u00f3n. Ambos factores pueden contribuir a los cambios en las funciones mentales y cognitivas de los pacientes.\"}}]}<\/script><br \/>\n<script type=\"application\/ld+json\">{\"@context\":\"https:\/\/schema.org\",\"@type\":\"FAQPage\",\"mainEntity\":[{\"@type\":\"Question\",\"name\":\"\u00bfQu\u00e9 funciones cognitivas pueden verse afectadas por el c\u00e1ncer de pulm\u00f3n?\",\"acceptedAnswer\":{\"@type\":\"Answer\",\"text\":\"Las funciones cognitivas que pueden verse afectadas incluyen la memoria (dificultades para recordar informaci\u00f3n reciente o recuperar recuerdos anteriores), la atenci\u00f3n (dificultad para concentrarse en tareas), la velocidad de procesamiento de la informaci\u00f3n (lentitud en la comprensi\u00f3n y respuesta) y la funci\u00f3n ejecutiva (problemas con la planificaci\u00f3n, organizaci\u00f3n y toma de decisiones).\"}},{\"@type\":\"Question\",\"name\":\"\u00bfC\u00f3mo afecta el c\u00e1ncer de pulm\u00f3n a la memoria de los pacientes?\",\"acceptedAnswer\":{\"@type\":\"Answer\",\"text\":\"Los pacientes con c\u00e1ncer de pulm\u00f3n pueden experimentar problemas de memoria como dificultades para recordar informaci\u00f3n reciente o recuperar recuerdos anteriores. Estos problemas pueden deberse tanto a la enfermedad misma como a los tratamientos utilizados para combatirla.\"}},{\"@type\":\"Question\",\"name\":\"\u00bfDe qu\u00e9 manera el c\u00e1ncer de pulm\u00f3n impacta en la capacidad de atenci\u00f3n?\",\"acceptedAnswer\":{\"@type\":\"Answer\",\"text\":\"El c\u00e1ncer de pulm\u00f3n puede afectar la atenci\u00f3n de los pacientes, dificultando la concentraci\u00f3n en una tarea determinada o el mantenimiento de la atenci\u00f3n durante per\u00edodos prolongados. Esto puede impactar en la capacidad para realizar tareas diarias e interactuar con los dem\u00e1s.\"}},{\"@type\":\"Question\",\"name\":\"\u00bfQu\u00e9 significa la disminuci\u00f3n en la velocidad de procesamiento de la informaci\u00f3n?\",\"acceptedAnswer\":{\"@type\":\"Answer\",\"text\":\"La disminuci\u00f3n en la velocidad de procesamiento se manifiesta como lentitud en la comprensi\u00f3n y respuesta a los est\u00edmulos. Esto puede hacer que las tareas diarias sean m\u00e1s dif\u00edciles de realizar para los pacientes con c\u00e1ncer de pulm\u00f3n.\"}},{\"@type\":\"Question\",\"name\":\"\u00bfC\u00f3mo se ven comprometidas las funciones ejecutivas en pacientes con c\u00e1ncer de pulm\u00f3n?\",\"acceptedAnswer\":{\"@type\":\"Answer\",\"text\":\"Las funciones ejecutivas, responsables de la planificaci\u00f3n, organizaci\u00f3n y toma de decisiones, pueden verse afectadas. Los pacientes pueden tener dificultades para organizar sus pensamientos, tomar decisiones y resolver problemas de manera efectiva.\"}},{\"@type\":\"Question\",\"name\":\"\u00bfCu\u00e1les son las causas de los efectos cognitivos en el c\u00e1ncer de pulm\u00f3n?\",\"acceptedAnswer\":{\"@type\":\"Answer\",\"text\":\"Los efectos cognitivos pueden deberse tanto a la enfermedad misma como a los tratamientos utilizados para combatir el c\u00e1ncer de pulm\u00f3n. Ambos factores pueden contribuir a los cambios en las funciones mentales y cognitivas de los pacientes.\"}}]}<\/script>[\/et_pb_code][\/et_pb_column][\/et_pb_row][\/et_pb_section]<\/p>\n","protected":false},"excerpt":{"rendered":"<p><div class=\"et_pb_row et_pb_row_0 et_pb_row_empty\">\n\t\t\t\t\n\t\t\t\t\n\t\t\t\t\n\t\t\t\t\n\t\t\t\t\n\t\t\t<\/div><div class=\"et_pb_row et_pb_row_1 et_pb_row_empty\">\n\t\t\t\t\n\t\t\t\t\n\t\t\t\t\n\t\t\t\t\n\t\t\t\t\n\t\t\t<\/div><\/p>\n","protected":false},"author":4,"featured_media":150367,"comment_status":"closed","ping_status":"closed","sticky":false,"template":"","format":"standard","meta":{"_et_pb_use_builder":"on","_et_pb_old_content":"","_et_gb_content_width":"","footnotes":""},"categories":[3586,3400],"tags":[],"class_list":["post-476702","post","type-post","status-publish","format-standard","has-post-thumbnail","hentry","category-all-about-cancer-en","category-tout-sur-le-cancer"],"yoast_head":"<!-- This site is optimized with the Yoast SEO plugin v27.4 - https:\/\/yoast.com\/product\/yoast-seo-wordpress\/ -->\n<title>Impacto del c\u00e1ncer de pulm\u00f3n en las funciones cognitivas y estrategias de rehabilitaci\u00f3n - DYNSEO - Aplicaci\u00f3n educativa y juegos de memoria<\/title>\n<meta name=\"robots\" content=\"index, follow, max-snippet:-1, max-image-preview:large, max-video-preview:-1\" \/>\n<link rel=\"canonical\" href=\"https:\/\/www.dynseo.com\/es\/impacto-cancer-pulmon-funciones-cognitivas-estrategias-rehab\/\" \/>\n<meta property=\"og:locale\" content=\"es_ES\" \/>\n<meta property=\"og:type\" content=\"article\" \/>\n<meta property=\"og:title\" content=\"Impacto del c\u00e1ncer de pulm\u00f3n en las funciones cognitivas y estrategias de rehabilitaci\u00f3n - DYNSEO - Aplicaci\u00f3n educativa y juegos de memoria\" \/>\n<meta property=\"og:url\" content=\"https:\/\/www.dynseo.com\/es\/impacto-cancer-pulmon-funciones-cognitivas-estrategias-rehab\/\" \/>\n<meta property=\"og:site_name\" content=\"DYNSEO - Aplicaci\u00f3n educativa y juegos de memoria\" \/>\n<meta property=\"article:published_time\" content=\"2026-01-07T15:55:41+00:00\" \/>\n<meta property=\"article:modified_time\" content=\"2026-01-12T01:43:09+00:00\" \/>\n<meta property=\"og:image\" content=\"https:\/\/www.dynseo.com\/wp-content\/uploads\/2025\/04\/DYNSEO-demande-de-PCH-avec-nos-programme-de-jeux-de-memoire4.png\" \/>\n\t<meta property=\"og:image:width\" content=\"1080\" \/>\n\t<meta property=\"og:image:height\" content=\"540\" \/>\n\t<meta property=\"og:image:type\" content=\"image\/png\" \/>\n<meta name=\"author\" content=\"DYNSEO\" \/>\n<meta name=\"twitter:label1\" content=\"Escrito por\" \/>\n\t<meta name=\"twitter:data1\" content=\"DYNSEO\" \/>\n\t<meta name=\"twitter:label2\" content=\"Tiempo de lectura\" \/>\n\t<meta name=\"twitter:data2\" content=\"11 minutos\" \/>\n<script type=\"application\/ld+json\" class=\"yoast-schema-graph\">{\"@context\":\"https:\\\/\\\/schema.org\",\"@graph\":[{\"@type\":\"Article\",\"@id\":\"https:\\\/\\\/www.dynseo.com\\\/es\\\/impacto-cancer-pulmon-funciones-cognitivas-estrategias-rehab\\\/#article\",\"isPartOf\":{\"@id\":\"https:\\\/\\\/www.dynseo.com\\\/es\\\/impacto-cancer-pulmon-funciones-cognitivas-estrategias-rehab\\\/\"},\"author\":{\"name\":\"DYNSEO\",\"@id\":\"https:\\\/\\\/www.dynseo.com\\\/es\\\/#\\\/schema\\\/person\\\/78ef63df2ee64e0989bc68f8401b38d6\"},\"headline\":\"Impacto del c\u00e1ncer de pulm\u00f3n en las funciones cognitivas y estrategias de rehabilitaci\u00f3n\",\"datePublished\":\"2026-01-07T15:55:41+00:00\",\"dateModified\":\"2026-01-12T01:43:09+00:00\",\"mainEntityOfPage\":{\"@id\":\"https:\\\/\\\/www.dynseo.com\\\/es\\\/impacto-cancer-pulmon-funciones-cognitivas-estrategias-rehab\\\/\"},\"wordCount\":2132,\"publisher\":{\"@id\":\"https:\\\/\\\/www.dynseo.com\\\/es\\\/#organization\"},\"image\":{\"@id\":\"https:\\\/\\\/www.dynseo.com\\\/es\\\/impacto-cancer-pulmon-funciones-cognitivas-estrategias-rehab\\\/#primaryimage\"},\"thumbnailUrl\":\"https:\\\/\\\/www.dynseo.com\\\/wp-content\\\/uploads\\\/2025\\\/04\\\/DYNSEO-demande-de-PCH-avec-nos-programme-de-jeux-de-memoire4.png\",\"articleSection\":[\"All about cancer\",\"Tout sur le cancer\"],\"inLanguage\":\"es\"},{\"@type\":\"WebPage\",\"@id\":\"https:\\\/\\\/www.dynseo.com\\\/es\\\/impacto-cancer-pulmon-funciones-cognitivas-estrategias-rehab\\\/\",\"url\":\"https:\\\/\\\/www.dynseo.com\\\/es\\\/impacto-cancer-pulmon-funciones-cognitivas-estrategias-rehab\\\/\",\"name\":\"Impacto del c\u00e1ncer de pulm\u00f3n en las funciones cognitivas y estrategias de rehabilitaci\u00f3n - DYNSEO - Aplicaci\u00f3n educativa y juegos de memoria\",\"isPartOf\":{\"@id\":\"https:\\\/\\\/www.dynseo.com\\\/es\\\/#website\"},\"primaryImageOfPage\":{\"@id\":\"https:\\\/\\\/www.dynseo.com\\\/es\\\/impacto-cancer-pulmon-funciones-cognitivas-estrategias-rehab\\\/#primaryimage\"},\"image\":{\"@id\":\"https:\\\/\\\/www.dynseo.com\\\/es\\\/impacto-cancer-pulmon-funciones-cognitivas-estrategias-rehab\\\/#primaryimage\"},\"thumbnailUrl\":\"https:\\\/\\\/www.dynseo.com\\\/wp-content\\\/uploads\\\/2025\\\/04\\\/DYNSEO-demande-de-PCH-avec-nos-programme-de-jeux-de-memoire4.png\",\"datePublished\":\"2026-01-07T15:55:41+00:00\",\"dateModified\":\"2026-01-12T01:43:09+00:00\",\"breadcrumb\":{\"@id\":\"https:\\\/\\\/www.dynseo.com\\\/es\\\/impacto-cancer-pulmon-funciones-cognitivas-estrategias-rehab\\\/#breadcrumb\"},\"inLanguage\":\"es\",\"potentialAction\":[{\"@type\":\"ReadAction\",\"target\":[\"https:\\\/\\\/www.dynseo.com\\\/es\\\/impacto-cancer-pulmon-funciones-cognitivas-estrategias-rehab\\\/\"]}]},{\"@type\":\"ImageObject\",\"inLanguage\":\"es\",\"@id\":\"https:\\\/\\\/www.dynseo.com\\\/es\\\/impacto-cancer-pulmon-funciones-cognitivas-estrategias-rehab\\\/#primaryimage\",\"url\":\"https:\\\/\\\/www.dynseo.com\\\/wp-content\\\/uploads\\\/2025\\\/04\\\/DYNSEO-demande-de-PCH-avec-nos-programme-de-jeux-de-memoire4.png\",\"contentUrl\":\"https:\\\/\\\/www.dynseo.com\\\/wp-content\\\/uploads\\\/2025\\\/04\\\/DYNSEO-demande-de-PCH-avec-nos-programme-de-jeux-de-memoire4.png\",\"width\":1080,\"height\":540,\"caption\":\"Potencia tu mente con nuestras soluciones innovadoras\"},{\"@type\":\"BreadcrumbList\",\"@id\":\"https:\\\/\\\/www.dynseo.com\\\/es\\\/impacto-cancer-pulmon-funciones-cognitivas-estrategias-rehab\\\/#breadcrumb\",\"itemListElement\":[{\"@type\":\"ListItem\",\"position\":1,\"name\":\"Accueil\",\"item\":\"https:\\\/\\\/www.dynseo.com\\\/es\\\/\"},{\"@type\":\"ListItem\",\"position\":2,\"name\":\"Impacto del c\u00e1ncer de pulm\u00f3n en las funciones cognitivas y estrategias de rehabilitaci\u00f3n\"}]},{\"@type\":\"WebSite\",\"@id\":\"https:\\\/\\\/www.dynseo.com\\\/es\\\/#website\",\"url\":\"https:\\\/\\\/www.dynseo.com\\\/es\\\/\",\"name\":\"Jeux de m\u00e9moire et stimulation cognitive\",\"description\":\"Entra\u00eenez votre m\u00e9moire et votre cerveau avec DYNSEO\",\"publisher\":{\"@id\":\"https:\\\/\\\/www.dynseo.com\\\/es\\\/#organization\"},\"potentialAction\":[{\"@type\":\"SearchAction\",\"target\":{\"@type\":\"EntryPoint\",\"urlTemplate\":\"https:\\\/\\\/www.dynseo.com\\\/es\\\/?s={search_term_string}\"},\"query-input\":{\"@type\":\"PropertyValueSpecification\",\"valueRequired\":true,\"valueName\":\"search_term_string\"}}],\"inLanguage\":\"es\"},{\"@type\":\"Organization\",\"@id\":\"https:\\\/\\\/www.dynseo.com\\\/es\\\/#organization\",\"name\":\"DYNSEO\",\"url\":\"https:\\\/\\\/www.dynseo.com\\\/es\\\/\",\"logo\":{\"@type\":\"ImageObject\",\"inLanguage\":\"es\",\"@id\":\"https:\\\/\\\/www.dynseo.com\\\/es\\\/#\\\/schema\\\/logo\\\/image\\\/\",\"url\":\"https:\\\/\\\/www.dynseo.com\\\/wp-content\\\/uploads\\\/2022\\\/05\\\/logo-dynseo-new.png\",\"contentUrl\":\"https:\\\/\\\/www.dynseo.com\\\/wp-content\\\/uploads\\\/2022\\\/05\\\/logo-dynseo-new.png\",\"width\":5073,\"height\":1397,\"caption\":\"DYNSEO\"},\"image\":{\"@id\":\"https:\\\/\\\/www.dynseo.com\\\/es\\\/#\\\/schema\\\/logo\\\/image\\\/\"}},{\"@type\":\"Person\",\"@id\":\"https:\\\/\\\/www.dynseo.com\\\/es\\\/#\\\/schema\\\/person\\\/78ef63df2ee64e0989bc68f8401b38d6\",\"name\":\"DYNSEO\",\"url\":\"https:\\\/\\\/www.dynseo.com\\\/es\\\/author\\\/justine\\\/\"}]}<\/script>\n<!-- \/ Yoast SEO plugin. -->","yoast_head_json":{"title":"Impacto del c\u00e1ncer de pulm\u00f3n en las funciones cognitivas y estrategias de rehabilitaci\u00f3n - DYNSEO - Aplicaci\u00f3n educativa y juegos de memoria","robots":{"index":"index","follow":"follow","max-snippet":"max-snippet:-1","max-image-preview":"max-image-preview:large","max-video-preview":"max-video-preview:-1"},"canonical":"https:\/\/www.dynseo.com\/es\/impacto-cancer-pulmon-funciones-cognitivas-estrategias-rehab\/","og_locale":"es_ES","og_type":"article","og_title":"Impacto del c\u00e1ncer de pulm\u00f3n en las funciones cognitivas y estrategias de rehabilitaci\u00f3n - DYNSEO - Aplicaci\u00f3n educativa y juegos de memoria","og_url":"https:\/\/www.dynseo.com\/es\/impacto-cancer-pulmon-funciones-cognitivas-estrategias-rehab\/","og_site_name":"DYNSEO - Aplicaci\u00f3n educativa y juegos de memoria","article_published_time":"2026-01-07T15:55:41+00:00","article_modified_time":"2026-01-12T01:43:09+00:00","og_image":[{"width":1080,"height":540,"url":"https:\/\/www.dynseo.com\/wp-content\/uploads\/2025\/04\/DYNSEO-demande-de-PCH-avec-nos-programme-de-jeux-de-memoire4.png","type":"image\/png"}],"author":"DYNSEO","twitter_misc":{"Escrito por":"DYNSEO","Tiempo de lectura":"11 minutos"},"schema":{"@context":"https:\/\/schema.org","@graph":[{"@type":"Article","@id":"https:\/\/www.dynseo.com\/es\/impacto-cancer-pulmon-funciones-cognitivas-estrategias-rehab\/#article","isPartOf":{"@id":"https:\/\/www.dynseo.com\/es\/impacto-cancer-pulmon-funciones-cognitivas-estrategias-rehab\/"},"author":{"name":"DYNSEO","@id":"https:\/\/www.dynseo.com\/es\/#\/schema\/person\/78ef63df2ee64e0989bc68f8401b38d6"},"headline":"Impacto del c\u00e1ncer de pulm\u00f3n en las funciones cognitivas y estrategias de rehabilitaci\u00f3n","datePublished":"2026-01-07T15:55:41+00:00","dateModified":"2026-01-12T01:43:09+00:00","mainEntityOfPage":{"@id":"https:\/\/www.dynseo.com\/es\/impacto-cancer-pulmon-funciones-cognitivas-estrategias-rehab\/"},"wordCount":2132,"publisher":{"@id":"https:\/\/www.dynseo.com\/es\/#organization"},"image":{"@id":"https:\/\/www.dynseo.com\/es\/impacto-cancer-pulmon-funciones-cognitivas-estrategias-rehab\/#primaryimage"},"thumbnailUrl":"https:\/\/www.dynseo.com\/wp-content\/uploads\/2025\/04\/DYNSEO-demande-de-PCH-avec-nos-programme-de-jeux-de-memoire4.png","articleSection":["All about cancer","Tout sur le cancer"],"inLanguage":"es"},{"@type":"WebPage","@id":"https:\/\/www.dynseo.com\/es\/impacto-cancer-pulmon-funciones-cognitivas-estrategias-rehab\/","url":"https:\/\/www.dynseo.com\/es\/impacto-cancer-pulmon-funciones-cognitivas-estrategias-rehab\/","name":"Impacto del c\u00e1ncer de pulm\u00f3n en las funciones cognitivas y estrategias de rehabilitaci\u00f3n - DYNSEO - Aplicaci\u00f3n educativa y juegos de memoria","isPartOf":{"@id":"https:\/\/www.dynseo.com\/es\/#website"},"primaryImageOfPage":{"@id":"https:\/\/www.dynseo.com\/es\/impacto-cancer-pulmon-funciones-cognitivas-estrategias-rehab\/#primaryimage"},"image":{"@id":"https:\/\/www.dynseo.com\/es\/impacto-cancer-pulmon-funciones-cognitivas-estrategias-rehab\/#primaryimage"},"thumbnailUrl":"https:\/\/www.dynseo.com\/wp-content\/uploads\/2025\/04\/DYNSEO-demande-de-PCH-avec-nos-programme-de-jeux-de-memoire4.png","datePublished":"2026-01-07T15:55:41+00:00","dateModified":"2026-01-12T01:43:09+00:00","breadcrumb":{"@id":"https:\/\/www.dynseo.com\/es\/impacto-cancer-pulmon-funciones-cognitivas-estrategias-rehab\/#breadcrumb"},"inLanguage":"es","potentialAction":[{"@type":"ReadAction","target":["https:\/\/www.dynseo.com\/es\/impacto-cancer-pulmon-funciones-cognitivas-estrategias-rehab\/"]}]},{"@type":"ImageObject","inLanguage":"es","@id":"https:\/\/www.dynseo.com\/es\/impacto-cancer-pulmon-funciones-cognitivas-estrategias-rehab\/#primaryimage","url":"https:\/\/www.dynseo.com\/wp-content\/uploads\/2025\/04\/DYNSEO-demande-de-PCH-avec-nos-programme-de-jeux-de-memoire4.png","contentUrl":"https:\/\/www.dynseo.com\/wp-content\/uploads\/2025\/04\/DYNSEO-demande-de-PCH-avec-nos-programme-de-jeux-de-memoire4.png","width":1080,"height":540,"caption":"Potencia tu mente con nuestras soluciones innovadoras"},{"@type":"BreadcrumbList","@id":"https:\/\/www.dynseo.com\/es\/impacto-cancer-pulmon-funciones-cognitivas-estrategias-rehab\/#breadcrumb","itemListElement":[{"@type":"ListItem","position":1,"name":"Accueil","item":"https:\/\/www.dynseo.com\/es\/"},{"@type":"ListItem","position":2,"name":"Impacto del c\u00e1ncer de pulm\u00f3n en las funciones cognitivas y estrategias de rehabilitaci\u00f3n"}]},{"@type":"WebSite","@id":"https:\/\/www.dynseo.com\/es\/#website","url":"https:\/\/www.dynseo.com\/es\/","name":"Jeux de m\u00e9moire et stimulation cognitive","description":"Entra\u00eenez votre m\u00e9moire et votre cerveau avec DYNSEO","publisher":{"@id":"https:\/\/www.dynseo.com\/es\/#organization"},"potentialAction":[{"@type":"SearchAction","target":{"@type":"EntryPoint","urlTemplate":"https:\/\/www.dynseo.com\/es\/?s={search_term_string}"},"query-input":{"@type":"PropertyValueSpecification","valueRequired":true,"valueName":"search_term_string"}}],"inLanguage":"es"},{"@type":"Organization","@id":"https:\/\/www.dynseo.com\/es\/#organization","name":"DYNSEO","url":"https:\/\/www.dynseo.com\/es\/","logo":{"@type":"ImageObject","inLanguage":"es","@id":"https:\/\/www.dynseo.com\/es\/#\/schema\/logo\/image\/","url":"https:\/\/www.dynseo.com\/wp-content\/uploads\/2022\/05\/logo-dynseo-new.png","contentUrl":"https:\/\/www.dynseo.com\/wp-content\/uploads\/2022\/05\/logo-dynseo-new.png","width":5073,"height":1397,"caption":"DYNSEO"},"image":{"@id":"https:\/\/www.dynseo.com\/es\/#\/schema\/logo\/image\/"}},{"@type":"Person","@id":"https:\/\/www.dynseo.com\/es\/#\/schema\/person\/78ef63df2ee64e0989bc68f8401b38d6","name":"DYNSEO","url":"https:\/\/www.dynseo.com\/es\/author\/justine\/"}]}},"_links":{"self":[{"href":"https:\/\/www.dynseo.com\/es\/wp-json\/wp\/v2\/posts\/476702","targetHints":{"allow":["GET"]}}],"collection":[{"href":"https:\/\/www.dynseo.com\/es\/wp-json\/wp\/v2\/posts"}],"about":[{"href":"https:\/\/www.dynseo.com\/es\/wp-json\/wp\/v2\/types\/post"}],"author":[{"embeddable":true,"href":"https:\/\/www.dynseo.com\/es\/wp-json\/wp\/v2\/users\/4"}],"replies":[{"embeddable":true,"href":"https:\/\/www.dynseo.com\/es\/wp-json\/wp\/v2\/comments?post=476702"}],"version-history":[{"count":2,"href":"https:\/\/www.dynseo.com\/es\/wp-json\/wp\/v2\/posts\/476702\/revisions"}],"predecessor-version":[{"id":480081,"href":"https:\/\/www.dynseo.com\/es\/wp-json\/wp\/v2\/posts\/476702\/revisions\/480081"}],"wp:featuredmedia":[{"embeddable":true,"href":"https:\/\/www.dynseo.com\/es\/wp-json\/wp\/v2\/media\/150367"}],"wp:attachment":[{"href":"https:\/\/www.dynseo.com\/es\/wp-json\/wp\/v2\/media?parent=476702"}],"wp:term":[{"taxonomy":"category","embeddable":true,"href":"https:\/\/www.dynseo.com\/es\/wp-json\/wp\/v2\/categories?post=476702"},{"taxonomy":"post_tag","embeddable":true,"href":"https:\/\/www.dynseo.com\/es\/wp-json\/wp\/v2\/tags?post=476702"}],"curies":[{"name":"wp","href":"https:\/\/api.w.org\/{rel}","templated":true}]}}