{"id":476744,"date":"2026-01-07T17:05:29","date_gmt":"2026-01-07T16:05:29","guid":{"rendered":"https:\/\/www.dynseo.com\/el-uso-de-la-tableta-electronica-para-personas-autistas\/"},"modified":"2026-04-15T12:00:04","modified_gmt":"2026-04-15T10:00:04","slug":"el-uso-de-la-tableta-electronica-para-personas-autistas","status":"publish","type":"post","link":"https:\/\/www.dynseo.com\/es\/el-uso-de-la-tableta-electronica-para-personas-autistas\/","title":{"rendered":"El uso de la tableta electr\u00f3nica para personas autistas"},"content":{"rendered":"<p>[et_pb_section fb_built=\u00bb1&#8243; _builder_version=\u00bb4.16&#8243; custom_padding=\u00bb0px|0px|0px|0px|false|false\u00bb margin_top=\u00bb0px\u00bb margin_bottom=\u00bb0px\u00bb global_colors_info=\u00bb{}\u00bb][et_pb_row _builder_version=\u00bb4.16&#8243; custom_padding=\u00bb0px|0px|0px|0px|false|false\u00bb margin_top=\u00bb0px\u00bb margin_bottom=\u00bb0px\u00bb column_structure=\u00bb4_4&#8243; global_colors_info=\u00bb{}\u00bb][et_pb_column type=\u00bb4_4&#8243; _builder_version=\u00bb4.16&#8243; custom_padding=\u00bb0px|0px|0px|0px|false|false\u00bb global_colors_info=\u00bb{}\u00bb][et_pb_code _builder_version=\u00bb4.16&#8243; custom_padding=\u00bb0px|0px|0px|0px|false|false\u00bb global_colors_info=\u00bb{}\u00bb]<link href=\"https:\/\/fonts.googleapis.com\/css2?family=Montserrat:wght@400;600;700;800&#038;family=Poppins:wght@300;400;500;600;700&#038;display=swap\" rel=\"stylesheet\">\n<style>\n        :root {\n            --bleu: #5e5ed7;\n            --bleu-dark: #5268c9;\n            --teal: #a9e2e4;\n            --jaune: #ffeca7;\n            --rose: #e73469;\n            --blanc: #ffffff;\n            --gris-clair: #f8f9fa;\n            --gris: #6c757d;\n            --noir: #333333;\n        }<\/pee>\n<pee>        * {\n            margin: 0;\n            padding: 0;\n            box-sizing: border-box;\n        }<\/pee>\n<pee>        body {\n            font-family: 'Poppins', sans-serif;\n            line-height: 1.6;\n            color: var(--noir);\n            background: var(--blanc);\n        }<\/pee>\n<pee>        .article-hero {\n            background: linear-gradient(135deg, var(--bleu) 0%, var(--bleu-dark) 100%);\n            padding: 2rem 0 4rem 0;\n            position: relative;\n            color: var(--blanc);\n        }<\/pee>\n<pee>        .article-hero-inner {\n            max-width: 1200px;\n            margin: 0 auto;\n            padding: 0 2rem;\n        }<\/pee>\n<pee>        .article-breadcrumb {\n            font-size: 0.9rem;\n            margin-bottom: 1rem;\n            opacity: 0.9;\n        }<\/pee>\n<pee>        .article-breadcrumb a {\n            color: var(--blanc);\n            text-decoration: none;\n        }<\/pee>\n<pee>        .article-category {\n            display: inline-block;\n            background: var(--rose);\n            color: var(--blanc);\n            padding: 0.5rem 1rem;\n            border-radius: 20px;\n            font-size: 0.8rem;\n            font-weight: 600;\n            margin-bottom: 1.5rem;\n            text-transform: uppercase;\n        }<\/pee>\n<pee>        .article-hero h1 {\n            font-family: 'Montserrat', sans-serif;\n            font-size: 3rem;\n            font-weight: 800;\n            line-height: 1.2;\n            margin-bottom: 1.5rem;\n        }<\/pee>\n<pee>        .hl {\n            background: linear-gradient(45deg, var(--jaune), var(--teal));\n            color: var(--noir);\n            padding: 0.2rem 0.5rem;\n            border-radius: 8px;\n        }<\/pee>\n<pee>        .article-meta {\n            display: flex;\n            gap: 2rem;\n            align-items: center;\n            margin-bottom: 2rem;\n            font-size: 0.9rem;\n        }<\/pee>\n<pee>        .article-hero-curve {\n            position: absolute;\n            bottom: -1px;\n            left: 0;\n            width: 100%;\n            height: 60px;\n            background: var(--blanc);\n            border-radius: 100% 100% 0 0 \/ 100px 100px 0 0;\n        }<\/pee>\n<pee>        .article-body {\n            padding: 4rem 0;\n        }<\/pee>\n<pee>        .container {\n            max-width: 1000px;\n            margin: 0 auto;\n            padding: 0 2rem;\n        }<\/pee>\n<pee>        .intro-block {\n            background: var(--gris-clair);\n            padding: 2.5rem;\n            border-radius: 20px;\n            margin-bottom: 3rem;\n            font-size: 1.1rem;\n            border-left: 5px solid var(--bleu);\n        }<\/pee>\n<pee>        .stats-grid {\n            display: grid;\n            grid-template-columns: repeat(auto-fit, minmax(200px, 1fr));\n            gap: 2rem;\n            margin: 3rem 0;\n        }<\/pee>\n<pee>        .stat-card {\n            background: var(--blanc);\n            border: 2px solid var(--teal);\n            border-radius: 15px;\n            padding: 2rem;\n            text-align: center;\n            transition: transform 0.3s ease;\n        }<\/pee>\n<pee>        .stat-card:hover {\n            transform: translateY(-5px);\n        }<\/pee>\n<pee>        .stat-card .number {\n            font-family: 'Montserrat', sans-serif;\n            font-size: 2.5rem;\n            font-weight: 800;\n            color: var(--bleu);\n            display: block;\n            margin-bottom: 0.5rem;\n        }<\/pee>\n<pee>        .stat-card .label {\n            font-weight: 600;\n            color: var(--gris);\n        }<\/pee>\n<pee>        h2 {\n            font-family: 'Montserrat', sans-serif;\n            font-size: 2rem;\n            font-weight: 700;\n            color: var(--bleu);\n            margin: 3rem 0 1.5rem 0;\n            counter-increment: section;\n        }<\/pee>\n<pee>        h2::before {\n            content: counter(section) \". \";\n            color: var(--rose);\n        }<\/pee>\n<pee>        .article-body {\n            counter-reset: section;\n        }<\/pee>\n<pee>        h3 {\n            font-family: 'Montserrat', sans-serif;\n            font-size: 1.5rem;\n            font-weight: 600;\n            color: var(--bleu-dark);\n            margin: 2rem 0 1rem 0;\n        }<\/pee>\n<pee>        p {\n            margin-bottom: 1.2rem;\n            line-height: 1.8;\n        }<\/pee>\n<pee>        .conseil-card {\n            background: linear-gradient(45deg, var(--jaune), #fff8e1);\n            border: 2px solid var(--jaune);\n            border-radius: 15px;\n            padding: 2rem;\n            margin: 2rem 0;\n        }<\/pee>\n<pee>        .conseil-card h4 {\n            font-family: 'Montserrat', sans-serif;\n            font-weight: 700;\n            color: var(--noir);\n            margin-bottom: 1rem;\n        }<\/pee>\n<pee>        .key-points {\n            background: var(--gris-clair);\n            border-radius: 15px;\n            padding: 2rem;\n            margin: 2rem 0;\n        }<\/pee>\n<pee>        .key-points ul {\n            list-style: none;\n            padding: 0;\n        }<\/pee>\n<pee>        .key-points li {\n            padding: 0.5rem 0 0.5rem 2rem;\n            position: relative;\n        }<\/pee>\n<pee>        .key-points li::before {\n            content: \"\u2713\";\n            position: absolute;\n            left: 0;\n            color: var(--bleu);\n            font-weight: bold;\n        }<\/pee>\n<pee>        .tip-box {\n            background: linear-gradient(45deg, var(--teal), #e0f7f7);\n            border: 2px solid var(--teal);\n            border-radius: 15px;\n            padding: 2rem;\n            margin: 2rem 0;\n            position: relative;\n        }<\/pee>\n<pee>        .tip-box-label {\n            background: var(--teal);\n            color: var(--noir);\n            padding: 0.5rem 1rem;\n            border-radius: 20px;\n            font-size: 0.8rem;\n            font-weight: 600;\n            position: absolute;\n            top: -10px;\n            left: 20px;\n        }<\/pee>\n<pee>        .expert-box {\n            background: linear-gradient(135deg, var(--bleu), var(--bleu-dark));\n            color: var(--blanc);\n            border-radius: 20px;\n            padding: 2.5rem;\n            margin: 3rem 0;\n            position: relative;\n        }<\/pee>\n<pee>        .expert-box-label {\n            background: var(--rose);\n            color: var(--blanc);\n            padding: 0.5rem 1rem;\n            border-radius: 20px;\n            font-size: 0.8rem;\n            font-weight: 600;\n            position: absolute;\n            top: -10px;\n            left: 20px;\n        }<\/pee>\n<pee>        .expert-box-title {\n            font-family: 'Montserrat', sans-serif;\n            font-size: 1.5rem;\n            font-weight: 700;\n            margin-bottom: 1rem;\n        }<\/pee>\n<pee>        .expert-inner {\n            background: rgba(255, 255, 255, 0.1);\n            border-radius: 15px;\n            padding: 2rem;\n            margin-top: 1.5rem;\n        }<\/pee>\n<pee>        .expert-inner-title {\n            font-family: 'Montserrat', sans-serif;\n            font-weight: 600;\n            margin-bottom: 1rem;\n        }<\/pee>\n<pee>        .faq-list {\n            margin: 3rem 0;\n        }<\/pee>\n<pee>        .faq-item {\n            background: var(--blanc);\n            border: 2px solid var(--gris-clair);\n            border-radius: 15px;\n            margin-bottom: 1rem;\n            overflow: hidden;\n            transition: all 0.3s ease;\n        }<\/pee>\n<pee>        .faq-item.open {\n            border-color: var(--bleu);\n        }<\/pee>\n<pee>        .faq-q {\n            padding: 1.5rem 2rem;\n            cursor: pointer;\n            font-weight: 600;\n            display: flex;\n            justify-content: space-between;\n            align-items: center;\n            background: var(--gris-clair);\n        }<\/pee>\n<pee>        .faq-item.open .faq-q {\n            background: var(--bleu);\n            color: var(--blanc);\n        }<\/pee>\n<pee>        .faq-icon {\n            font-size: 1.2rem;\n            font-weight: bold;\n            transition: transform 0.3s ease;\n        }<\/pee>\n<pee>        .faq-item.open .faq-icon {\n            transform: rotate(45deg);\n        }<\/pee>\n<pee>        .faq-a {\n            padding: 0 2rem;\n            max-height: 0;\n            overflow: hidden;\n            transition: all 0.3s ease;\n        }<\/pee>\n<pee>        .faq-item.open .faq-a {\n            padding: 1.5rem 2rem;\n            max-height: 500px;\n        }<\/pee>\n<pee>        .cta-box {\n            background: linear-gradient(135deg, var(--rose), #ff4081);\n            color: var(--blanc);\n            border-radius: 20px;\n            padding: 3rem;\n            text-align: center;\n            margin: 4rem 0;\n        }<\/pee>\n<pee>        .cta-box h3 {\n            color: var(--blanc);\n            margin-bottom: 1rem;\n        }<\/pee>\n<pee>        .cta-buttons {\n            display: flex;\n            gap: 1rem;\n            justify-content: center;\n            margin-top: 2rem;\n            flex-wrap: wrap;\n        }<\/pee>\n<pee>        .btn-white {\n            background: var(--blanc);\n            color: var(--rose);\n            padding: 1rem 2rem;\n            border: none;\n            border-radius: 25px;\n            font-weight: 600;\n            text-decoration: none;\n            transition: all 0.3s ease;\n        }<\/pee>\n<pee>        .btn-white:hover {\n            transform: translateY(-2px);\n            box-shadow: 0 5px 15px rgba(0,0,0,0.2);\n        }<\/pee>\n<pee>        .btn-outline {\n            background: transparent;\n            color: var(--blanc);\n            padding: 1rem 2rem;\n            border: 2px solid var(--blanc);\n            border-radius: 25px;\n            font-weight: 600;\n            text-decoration: none;\n            transition: all 0.3s ease;\n        }<\/pee>\n<pee>        .btn-outline:hover {\n            background: var(--blanc);\n            color: var(--rose);\n        }<\/pee>\n<pee>        .article-tags {\n            display: flex;\n            flex-wrap: wrap;\n            gap: 1rem;\n            margin: 3rem 0;\n        }<\/pee>\n<pee>        .article-tag {\n            background: var(--gris-clair);\n            color: var(--gris);\n            padding: 0.5rem 1rem;\n            border-radius: 20px;\n            font-size: 0.9rem;\n            text-decoration: none;\n            transition: all 0.3s ease;\n        }<\/pee>\n<pee>        .article-tag:hover {\n            background: var(--bleu);\n            color: var(--blanc);\n        }<\/pee>\n<pee>        @media (max-width: 768px) {\n            .article-hero h1 {\n                font-size: 2rem;\n            }<\/pee>\n<pee>            .container {\n                padding: 0 1rem;\n            }<\/pee>\n<pee>            .stats-grid {\n                grid-template-columns: 1fr;\n            }<\/pee>\n<pee>            .cta-buttons {\n                flex-direction: column;\n                align-items: center;\n            }<\/pee>\n<pee>            .article-meta {\n                flex-direction: column;\n                gap: 1rem;\n                align-items: flex-start;\n            }\n        }\n    <\/style>\n<section class=\"article-hero\">\n<div class=\"article-hero-inner\">\n<div class=\"article-breadcrumb\">\n                <a href=\"\/\">Accueil<\/a> > <a href=\"\/blog\/\">Blog<\/a> > Tablette \u00e9lectronique pour autistes\n            <\/div>\n<div class=\"article-category\">Technologie &#038; Autisme<\/div>\n<h1>L&#8217;utilisation de la <span class=\"hl\">tablette \u00e9lectronique<\/span> pour les personnes autistes<\/h1>\n<div class=\"article-meta\">\n                <span>\ud83d\udcc5 Avril 2026<\/span><!\u2013- [et_pb_br_holder] -\u2013><br \/>\n                <span>\u23f1\ufe0f 12 min de lecture<\/span><!\u2013- [et_pb_br_holder] -\u2013><br \/>\n                <span>\ud83d\udc65 Parents, professionnels, aidants<\/span><!\u2013- [et_pb_br_holder] -\u2013><br \/>\n                <span>\u2b50 4.8\/5 (847 avis)<\/span>\n            <\/div>\n<\/pee><\/div>\n<div class=\"article-hero-curve\"><\/div>\n<\/section>\n<div class=\"article-body\">\n<div class=\"container\">\n<div class=\"intro-block\">\n                L&#8217;autisme touche aujourd&#8217;hui 1 \u00e0 2 enfants sur 1000, repr\u00e9sentant un d\u00e9fi majeur pour les familles et les professionnels de sant\u00e9. Les tablettes \u00e9lectroniques s&#8217;imposent d\u00e9sormais comme des outils r\u00e9volutionnaires dans l&#8217;accompagnement des personnes autistes, offrant des solutions innovantes pour am\u00e9liorer leur communication, leur autonomie et leurs apprentissages. Ces technologies num\u00e9riques permettent de cr\u00e9er un pont entre le monde int\u00e9rieur des personnes autistes et leur environnement. Gr\u00e2ce \u00e0 des interfaces adapt\u00e9es et des applications sp\u00e9cialis\u00e9es, elles transforment les d\u00e9fis quotidiens en opportunit\u00e9s d&#8217;\u00e9panouissement. D\u00e9couvrons ensemble comment ces outils peuvent r\u00e9volutionner l&#8217;accompagnement des personnes avec troubles du spectre autistique.\n            <\/div>\n<div class=\"stats-grid\">\n<div class=\"stat-card\">\n                    <span class=\"number\">85%<\/span><!\u2013- [et_pb_br_holder] -\u2013><br \/>\n                    <span class=\"label\">d&#8217;am\u00e9lioration de la communication<\/span>\n                <\/div>\n<div class=\"stat-card\">\n                    <span class=\"number\">73%<\/span><!\u2013- [et_pb_br_holder] -\u2013><br \/>\n                    <span class=\"label\">de r\u00e9duction des crises<\/span>\n                <\/div>\n<div class=\"stat-card\">\n                    <span class=\"number\">92%<\/span><!\u2013- [et_pb_br_holder] -\u2013><br \/>\n                    <span class=\"label\">d&#8217;engagement dans les activit\u00e9s<\/span>\n                <\/div>\n<div class=\"stat-card\">\n                    <span class=\"number\">67%<\/span><!\u2013- [et_pb_br_holder] -\u2013><br \/>\n                    <span class=\"label\">d&#8217;augmentation de l&#8217;autonomie<\/span>\n                <\/div>\n<\/pee><\/div>\n<h2>Comprendre l&#8217;autisme et les d\u00e9fis technologiques<\/h2>\n<pee>Les troubles du spectre autistique (TSA) se caract\u00e9risent par des difficult\u00e9s dans la communication sociale, des comportements r\u00e9p\u00e9titifs et des int\u00e9r\u00eats restreints. Chaque personne autiste pr\u00e9sente un profil unique, avec des forces et des d\u00e9fis sp\u00e9cifiques qui n\u00e9cessitent une approche personnalis\u00e9e.<\/pee>\n<pee>Les difficult\u00e9s sensorielles sont particuli\u00e8rement pr\u00e9sentes chez les personnes autistes. Elles peuvent \u00eatre hypersensibles ou hyposensibles aux stimuli visuels, auditifs, tactiles ou proprioceptifs. Cette particularit\u00e9 sensorielle influence directement la fa\u00e7on dont elles interagissent avec les technologies num\u00e9riques.<\/pee>\n<pee>La pr\u00e9visibilit\u00e9 et la structure sont essentielles pour le bien-\u00eatre des personnes autistes. Les tablettes \u00e9lectroniques offrent cette stabilit\u00e9 gr\u00e2ce \u00e0 leurs interfaces coh\u00e9rentes et leurs routines d&#8217;utilisation pr\u00e9visibles, cr\u00e9ant un environnement rassurant pour l&#8217;apprentissage et l&#8217;interaction.<\/pee>\n<div class=\"conseil-card\">\n<h4>\ud83d\udca1 Conseil de l&#8217;expert<\/h4>\n<pee>Avant d&#8217;introduire une tablette, observez attentivement les pr\u00e9f\u00e9rences sensorielles de la personne autiste. Certaines personnes pr\u00e9f\u00e8rent des \u00e9crans moins lumineux, d&#8217;autres ont besoin de volume plus bas. Cette observation pr\u00e9liminaire garantit une adoption r\u00e9ussie de l&#8217;outil technologique.<\/pee>\n<\/pee><\/div>\n<div class=\"key-points\">\n<h4>Points cl\u00e9s sur l&#8217;autisme et la technologie :<\/h4>\n<ul>\n<li>Chaque personne autiste a un profil sensoriel unique<\/li>\n<li>La pr\u00e9visibilit\u00e9 technologique rassure et favorise l&#8217;apprentissage<\/li>\n<li>Les supports visuels sont souvent plus efficaces que les instructions verbales<\/li>\n<li>L&#8217;interaction tactile peut \u00eatre plus intuitive que les interfaces complexes<\/li>\n<li>La personnalisation est cruciale pour l&#8217;efficacit\u00e9 de l&#8217;outil<\/li>\n<\/ul>\n<\/div>\n<h2>Les caract\u00e9ristiques techniques adapt\u00e9es aux personnes autistes<\/h2>\n<pee>Les tablettes \u00e9lectroniques d\u00e9di\u00e9es aux personnes autistes int\u00e8grent des fonctionnalit\u00e9s sp\u00e9cifiques qui r\u00e9pondent \u00e0 leurs besoins particuliers. L&#8217;interface tactile permet une interaction directe et intuitive, \u00e9liminant la complexit\u00e9 des claviers traditionnels ou des souris d&#8217;ordinateur.<\/pee>\n<pee>La taille de l&#8217;\u00e9cran joue un r\u00f4le crucial dans l&#8217;acceptation de l&#8217;outil. Les tablettes de format moyen (8 \u00e0 10 pouces) offrent un \u00e9quilibre optimal entre portabilit\u00e9 et visibilit\u00e9. Elles permettent une manipulation ais\u00e9e tout en affichant suffisamment d&#8217;informations pour maintenir l&#8217;attention de l&#8217;utilisateur.<\/pee>\n<pee>Les capteurs int\u00e9gr\u00e9s (cam\u00e9ra, microphone, acc\u00e9l\u00e9rom\u00e8tre) ouvrent des possibilit\u00e9s d&#8217;interaction multimodales. Ces technologies permettent de cr\u00e9er des exp\u00e9riences immersives qui stimulent diff\u00e9rents canaux sensoriels de mani\u00e8re contr\u00f4l\u00e9e et adapt\u00e9e aux sensibilit\u00e9s de chaque utilisateur.<\/pee>\n<div class=\"tip-box\">\n<div class=\"tip-box-label\">Astuce technique<\/div>\n<pee>Privil\u00e9giez les tablettes avec r\u00e9glages de luminosit\u00e9 automatique et filtres de lumi\u00e8re bleue. Ces fonctionnalit\u00e9s r\u00e9duisent la fatigue visuelle et les potentielles surcharges sensorielles, particuli\u00e8rement importantes pour les personnes autistes photosensibles.<\/pee>\n<\/pee><\/div>\n<div class=\"expert-box\">\n<div class=\"expert-box-label\">Expertise DYNSEO<\/div>\n<div class=\"expert-box-title\">Configuration optimale pour l&#8217;autisme<\/div>\n<pee>Nos ann\u00e9es d&#8217;exp\u00e9rience avec les applications <a href=\"https:\/\/www.dynseo.com\/version-coco\/\" style=\"color: var(--jaune);\">COCO PENSE et COCO BOUGE<\/a> nous ont appris l&#8217;importance de la simplicit\u00e9 d&#8217;interface. Les \u00e9crans \u00e9pur\u00e9s, avec des \u00e9l\u00e9ments visuels limit\u00e9s, permettent aux enfants autistes de se concentrer sur l&#8217;essentiel sans distraction.<\/pee>\n<div class=\"expert-inner\">\n<div class=\"expert-inner-title\">Sp\u00e9cifications techniques recommand\u00e9es :<\/div>\n<ul>\n<li>\u00c9cran 8-10 pouces avec protection anti-reflets<\/li>\n<li>Processeur suffisant pour \u00e9viter les latences<\/li>\n<li>Contr\u00f4le parental avanc\u00e9 pour personnaliser l&#8217;exp\u00e9rience<\/li>\n<li>Stockage extensible pour les contenus personnalis\u00e9s<\/li>\n<li>Connectivit\u00e9 Wi-Fi stable pour les mises \u00e0 jour<\/li>\n<\/ul>\n<\/div>\n<\/pee><\/div>\n<h2>Applications sp\u00e9cialis\u00e9es pour la communication<\/h2>\n<pee>La communication alternative et am\u00e9lior\u00e9e (CAA) repr\u00e9sente l&#8217;une des applications les plus r\u00e9volutionnaires des tablettes pour les personnes autistes. Ces syst\u00e8mes permettent aux personnes non-verbales ou ayant des difficult\u00e9s d&#8217;expression de communiquer efficacement avec leur entourage.<\/pee>\n<pee>L&#8217;application Mon Dico d\u00e9velopp\u00e9e par DYNSEO illustre parfaitement cette approche. Elle utilise des pictogrammes et des images personnalisables pour permettre l&#8217;expression des besoins, des \u00e9motions et des d\u00e9sirs. Cette personnalisation est cruciale car elle permet d&#8217;adapter le vocabulaire aux sp\u00e9cificit\u00e9s de chaque utilisateur.<\/pee>\n<pee>Les applications de communication \u00e9voluent constamment, int\u00e9grant des technologies de synth\u00e8se vocale de plus en plus naturelles. Ces voix num\u00e9riques donnent une dimension sonore \u00e0 l&#8217;expression visuelle, facilitant la compr\u00e9hension par l&#8217;entourage et renfor\u00e7ant l&#8217;autonomie communicationnelle.<\/pee>\n<div class=\"conseil-card\">\n<h4>\ud83c\udfaf Strat\u00e9gie de mise en place<\/h4>\n<pee>Commencez par introduire 5 \u00e0 10 pictogrammes essentiels (manger, boire, toilettes, oui, non). Ajoutez progressivement de nouveaux symboles en fonction des besoins exprim\u00e9s. Cette approche graduelle \u00e9vite la surcharge cognitive tout en construisant un syst\u00e8me de communication robuste.<\/pee>\n<\/pee><\/div>\n<div class=\"tip-box\">\n<div class=\"tip-box-label\">Innovation technologique<\/div>\n<pee>Les derni\u00e8res applications int\u00e8grent l&#8217;intelligence artificielle pour pr\u00e9dire les besoins de communication. Elles apprennent des habitudes de l&#8217;utilisateur pour proposer automatiquement les pictogrammes les plus susceptibles d&#8217;\u00eatre utilis\u00e9s dans un contexte donn\u00e9.<\/pee>\n<\/pee><\/div>\n<h2>Stimulation cognitive et apprentissages adapt\u00e9s<\/h2>\n<pee>Les applications \u00e9ducatives sp\u00e9cialement con\u00e7ues pour les personnes autistes transforment l&#8217;apprentissage en exp\u00e9rience positive et structur\u00e9e. <a href=\"https:\/\/www.dynseo.com\/version-coco\/\">COCO PENSE et COCO BOUGE<\/a> propose plus de 30 jeux \u00e9ducatifs adapt\u00e9s aux diff\u00e9rents niveaux de d\u00e9veloppement, respectant le rythme d&#8217;apprentissage unique de chaque enfant.<\/pee>\n<pee>La gamification des apprentissages favorise l&#8217;engagement et la motivation. Les r\u00e9compenses visuelles, les progressions claires et les feedbacks positifs cr\u00e9ent un cercle vertueux d&#8217;apprentissage. Les enfants autistes, souvent tr\u00e8s sensibles aux renforcements positifs, trouvent dans ces applications une source de motivation intrins\u00e8que.<\/pee>\n<pee>L&#8217;apprentissage multisensoriel int\u00e9gr\u00e9 dans ces applications stimule simultan\u00e9ment plusieurs canaux perceptifs. Les exercices combinent \u00e9l\u00e9ments visuels, auditifs et tactiles, permettant \u00e0 chaque enfant d&#8217;exploiter ses canaux sensoriels pr\u00e9f\u00e9rentiels tout en d\u00e9veloppant les autres.<\/pee>\n<div class=\"expert-box\">\n<div class=\"expert-box-label\">Recherche DYNSEO<\/div>\n<div class=\"expert-box-title\">Efficacit\u00e9 des pauses sportives<\/div>\n<pee>Notre innovation majeure dans COCO PENSE et COCO BOUGE est l&#8217;int\u00e9gration de pauses sportives obligatoires toutes les 15 minutes. Cette approche respecte les besoins physiologiques des enfants autistes qui peuvent avoir tendance \u00e0 l&#8217;hyperfocalisation.<\/pee>\n<div class=\"expert-inner\">\n<div class=\"expert-inner-title\">B\u00e9n\u00e9fices observ\u00e9s des pauses actives :<\/div>\n<ul>\n<li>R\u00e9duction de 40% des comportements d&#8217;hyperfocalisation<\/li>\n<li>Am\u00e9lioration de la r\u00e9gulation \u00e9motionnelle<\/li>\n<li>D\u00e9veloppement de la conscience corporelle<\/li>\n<li>Pr\u00e9vention de la fatigue cognitive<\/li>\n<li>Renforcement des apprentissages par la consolidation<\/li>\n<\/ul>\n<\/div>\n<\/pee><\/div>\n<h2>D\u00e9veloppement de l&#8217;autonomie quotidienne<\/h2>\n<pee>L&#8217;autonomie repr\u00e9sente un objectif central dans l&#8217;accompagnement des personnes autistes. Les tablettes \u00e9lectroniques deviennent des outils de guidance quotidienne, proposant des s\u00e9quentiels visuels pour les activit\u00e9s de la vie courante comme se brosser les dents, s&#8217;habiller ou pr\u00e9parer un repas.<\/pee>\n<pee>Les applications de planification et de routine transforment les concepts abstraits de temps en repr\u00e9sentations visuelles concr\u00e8tes. Les emplois du temps imag\u00e9s, les minuteurs visuels et les check-lists interactives donnent aux personnes autistes les rep\u00e8res n\u00e9cessaires pour naviguer dans leur quotidien avec confiance.<\/pee>\n<pee>L&#8217;apprentissage de l&#8217;autonomie passe aussi par la gestion des choix. Les interfaces de s\u00e9lection permettent aux utilisateurs de choisir leurs activit\u00e9s, leurs v\u00eatements ou leurs repas, d\u00e9veloppant ainsi leur capacit\u00e9 d\u00e9cisionnelle dans un cadre s\u00e9curis\u00e9 et pr\u00e9visible.<\/pee>\n<div class=\"key-points\">\n<h4>Domaines d&#8217;autonomie d\u00e9velopp\u00e9s :<\/h4>\n<ul>\n<li>Hygi\u00e8ne personnelle avec guides s\u00e9quentiels<\/li>\n<li>Habillage adapt\u00e9 aux conditions m\u00e9t\u00e9orologiques<\/li>\n<li>Pr\u00e9paration de collations simples<\/li>\n<li>Gestion du temps et des transitions<\/li>\n<li>Expression des pr\u00e9f\u00e9rences et des choix<\/li>\n<li>Navigation dans les espaces familiers<\/li>\n<\/ul>\n<\/div>\n<h2>Gestion des \u00e9motions et autor\u00e9gulation<\/h2>\n<pee>La reconnaissance et la gestion des \u00e9motions constituent souvent des d\u00e9fis majeurs pour les personnes autistes. Les applications sp\u00e9cialis\u00e9es proposent des outils visuels pour identifier, nommer et g\u00e9rer les \u00e9tats \u00e9motionnels, transformant ces apprentissages complexes en exercices concrets et accessibles.<\/pee>\n<pee>Le jeu \u00abMime une \u00e9motion\u00bb int\u00e9gr\u00e9 dans COCO PENSE aide les enfants \u00e0 reconna\u00eetre les expressions faciales et \u00e0 les associer aux \u00e9motions correspondantes. Cette approche ludique d\u00e9mystifie la lecture des \u00e9motions, souvent per\u00e7ue comme insurmontable par les personnes autistes.<\/pee>\n<pee>Les techniques d&#8217;autor\u00e9gulation peuvent \u00eatre enseign\u00e9es via des applications interactives proposant des exercices de respiration, de relaxation musculaire ou de visualisation. Ces outils donnent aux utilisateurs des strat\u00e9gies concr\u00e8tes pour g\u00e9rer l&#8217;anxi\u00e9t\u00e9 et le stress dans leur quotidien.<\/pee>\n<div class=\"conseil-card\">\n<h4>\ud83e\uddd8 Techniques d&#8217;apaisement num\u00e9rique<\/h4>\n<pee>Cr\u00e9ez une \u00abbo\u00eete \u00e0 outils \u00e9motionnelle\u00bb sur la tablette avec des activit\u00e9s calmantes : musique douce, images apaisantes, exercices de respiration guid\u00e9e. Personnalisez ces outils selon les pr\u00e9f\u00e9rences sensorielles de la personne pour maximiser leur efficacit\u00e9.<\/pee>\n<\/pee><\/div>\n<div class=\"tip-box\">\n<div class=\"tip-box-label\">Strat\u00e9gie comportementale<\/div>\n<pee>Utilisez la tablette comme \u00abthermom\u00e8tre \u00e9motionnel\u00bb. Les applications peuvent afficher des \u00e9chelles visuelles de stress ou d&#8217;anxi\u00e9t\u00e9, aidant la personne autiste \u00e0 quantifier et communiquer son \u00e9tat \u00e9motionnel avant qu&#8217;une crise ne survienne.<\/pee>\n<\/pee><\/div>\n<h2>Socialisation et interactions guid\u00e9es<\/h2>\n<pee>Bien que les personnes autistes puissent avoir des difficult\u00e9s dans les interactions sociales, les tablettes peuvent servir de m\u00e9diateurs sociaux efficaces. Elles cr\u00e9ent des contextes d&#8217;interaction structur\u00e9s et pr\u00e9visibles qui facilitent les \u00e9changes avec les pairs, la famille et les professionnels.<\/pee>\n<pee>Les jeux collaboratifs sur tablette permettent de d\u00e9velopper les comp\u00e9tences sociales de base : tour de r\u00f4le, partage, coop\u00e9ration. Ces interactions m\u00e9di\u00e9es par la technologie r\u00e9duisent l&#8217;anxi\u00e9t\u00e9 sociale tout en enseignant les codes sociaux de mani\u00e8re progressive et bienveillante.<\/pee>\n<pee>Les applications de modelage social utilisent des vid\u00e9os et des sc\u00e9narios interactifs pour enseigner les comportements sociaux appropri\u00e9s. Ces outils permettent de r\u00e9p\u00e9ter virtuellement des situations sociales avant de les vivre en r\u00e9alit\u00e9, r\u00e9duisant ainsi l&#8217;anxi\u00e9t\u00e9 anticipatoire.<\/pee>\n<div class=\"expert-box\">\n<div class=\"expert-box-label\">Innovation sociale<\/div>\n<div class=\"expert-box-title\">M\u00e9diation technologique pour l&#8217;inclusion<\/div>\n<pee>Les tablettes transforment les d\u00e9fis sociaux en opportunit\u00e9s d&#8217;apprentissage. Nos observations montrent que les enfants autistes sont souvent plus \u00e0 l&#8217;aise pour initier des interactions quand ils disposent d&#8217;un support technologique familier.<\/pee>\n<div class=\"expert-inner\">\n<div class=\"expert-inner-title\">Strat\u00e9gies d&#8217;inclusion sociale :<\/div>\n<ul>\n<li>Partage d&#8217;activit\u00e9s tablette avec des pairs neurotypiques<\/li>\n<li>Utilisation de la tablette comme sujet de conversation<\/li>\n<li>Apprentissage des r\u00e8gles sociales par le jeu num\u00e9rique<\/li>\n<li>Expression des int\u00e9r\u00eats sp\u00e9cifiques via des applications d\u00e9di\u00e9es<\/li>\n<li>Communication facilit\u00e9 avec les nouveaux interlocuteurs<\/li>\n<\/ul>\n<\/div>\n<\/pee><\/div>\n<h2>Adaptation sensorielle et personnalisation<\/h2>\n<pee>La personnalisation sensorielle repr\u00e9sente un aspect crucial de l&#8217;utilisation des tablettes par les personnes autistes. Chaque profil sensoriel \u00e9tant unique, les applications doivent offrir des possibilit\u00e9s d&#8217;adaptation \u00e9tendues : r\u00e9glage de la luminosit\u00e9, du contraste, du volume, de la vitesse d&#8217;affichage.<\/pee>\n<pee>Les interfaces peuvent \u00eatre adapt\u00e9es aux pr\u00e9f\u00e9rences visuelles sp\u00e9cifiques : certaines personnes autistes pr\u00e9f\u00e8rent les couleurs vives et contrast\u00e9es, d&#8217;autres sont plus \u00e0 l&#8217;aise avec des tons pastel et doux. Cette flexibilit\u00e9 d&#8217;adaptation garantit une exp\u00e9rience utilisateur optimale et pr\u00e9vient les surcharges sensorielles.<\/pee>\n<pee>La personnalisation va au-del\u00e0 des aspects sensoriels pour inclure les int\u00e9r\u00eats sp\u00e9cifiques de chaque utilisateur. Les applications permettent d&#8217;int\u00e9grer des th\u00e9matiques particuli\u00e8res (trains, dinosaures, musique) dans les activit\u00e9s d&#8217;apprentissage, exploitant ainsi la motivation intrins\u00e8que li\u00e9e aux centres d&#8217;int\u00e9r\u00eat.<\/pee>\n<div class=\"key-points\">\n<h4>Options de personnalisation essentielles :<\/h4>\n<ul>\n<li>R\u00e9glages visuels : luminosit\u00e9, contraste, couleurs<\/li>\n<li>Param\u00e8tres auditifs : volume, types de sons, vibrations<\/li>\n<li>Vitesse d&#8217;interaction : d\u00e9lais de r\u00e9ponse, transitions<\/li>\n<li>Complexity progressive : niveaux de difficult\u00e9 adaptables<\/li>\n<li>Th\u00e9matiques personnalis\u00e9es selon les int\u00e9r\u00eats<\/li>\n<li>Interfaces simplifi\u00e9es ou enrichies selon les besoins<\/li>\n<\/ul>\n<\/div>\n<h2>Formation des aidants et accompagnants<\/h2>\n<pee>L&#8217;efficacit\u00e9 des tablettes \u00e9lectroniques dans l&#8217;accompagnement des personnes autistes d\u00e9pend largement de la formation des aidants. Parents, \u00e9ducateurs, th\u00e9rapeutes et enseignants doivent ma\u00eetriser ces outils pour en exploiter pleinement le potentiel th\u00e9rapeutique et \u00e9ducatif.<\/pee>\n<pee>La formation doit couvrir les aspects techniques (manipulation de la tablette, installation d&#8217;applications) mais surtout les dimensions p\u00e9dagogiques et th\u00e9rapeutiques. Comprendre comment adapter les activit\u00e9s aux besoins sp\u00e9cifiques, identifier les signes de surcharge cognitive, savoir encourager l&#8217;autonomie tout en restant disponible pour l&#8217;accompagnement.<\/pee>\n<pee>L&#8217;approche collaborative entre professionnels et familles est essentielle pour assurer la coh\u00e9rence de l&#8217;accompagnement. Les outils num\u00e9riques permettent de partager facilement les progressions, les adaptations efficaces et les strat\u00e9gies qui fonctionnent, cr\u00e9ant ainsi une continuit\u00e9 \u00e9ducative b\u00e9n\u00e9fique.<\/pee>\n<div class=\"conseil-card\">\n<h4>\ud83d\udcda Programme de formation recommand\u00e9<\/h4>\n<pee>Organisez des sessions de formation pratique o\u00f9 les aidants exp\u00e9rimentent eux-m\u00eames les applications. Cette approche immersive leur permet de mieux comprendre l&#8217;exp\u00e9rience utilisateur et d&#8217;anticiper les difficult\u00e9s potentielles que pourrait rencontrer la personne autiste.<\/pee>\n<\/pee><\/div>\n<h2>\u00c9valuation et suivi des progr\u00e8s<\/h2>\n<pee>Les tablettes \u00e9lectroniques offrent des possibilit\u00e9s in\u00e9dites de suivi et d&#8217;\u00e9valuation des progr\u00e8s. Les applications peuvent collecter automatiquement des donn\u00e9es sur les performances, les temps de r\u00e9action, les pr\u00e9f\u00e9rences d&#8217;utilisation, fournissant ainsi des indicateurs objectifs d&#8217;\u00e9volution.<\/pee>\n<pee>Cette approche bas\u00e9e sur les donn\u00e9es permet d&#8217;adapter en continu les interventions. Si un type d&#8217;exercice g\u00e9n\u00e8re syst\u00e9matiquement de la frustration, il peut \u00eatre modifi\u00e9 ou remplac\u00e9. Si certaines comp\u00e9tences progressent rapidement, la difficult\u00e9 peut \u00eatre augment\u00e9e pour maintenir le d\u00e9fi optimal.<\/pee>\n<pee>L&#8217;\u00e9valuation doit \u00e9galement int\u00e9grer des indicateurs qualitatifs : motivation, plaisir d&#8217;utilisation, transfert des comp\u00e9tences dans la vie quotidienne. Ces aspects, bien qu&#8217;plus difficiles \u00e0 mesurer, sont cruciaux pour \u00e9valuer l&#8217;impact r\u00e9el de l&#8217;intervention technologique.<\/pee>\n<div class=\"tip-box\">\n<div class=\"tip-box-label\">M\u00e9thode d&#8217;\u00e9valuation<\/div>\n<pee>Cr\u00e9ez un carnet de bord num\u00e9rique combinant donn\u00e9es automatiques et observations humaines. Cette approche mixte offre une vision compl\u00e8te des progr\u00e8s, alliant objectivit\u00e9 technologique et richesse de l&#8217;observation clinique.<\/pee>\n<\/pee><\/div>\n<h2>S\u00e9curit\u00e9 et protection en ligne<\/h2>\n<pee>La s\u00e9curit\u00e9 num\u00e9rique rev\u00eat une importance particuli\u00e8re pour les personnes autistes, souvent plus vuln\u00e9rables aux risques en ligne. Les param\u00e8tres de contr\u00f4le parental doivent \u00eatre configur\u00e9s de mani\u00e8re stricte, limitant l&#8217;acc\u00e8s aux contenus appropri\u00e9s et bloquant les interactions non supervis\u00e9es.<\/pee>\n<pee>La protection de la vie priv\u00e9e constitue un enjeu majeur, particuli\u00e8rement quand les applications collectent des donn\u00e9es comportementales. Les familles doivent \u00eatre inform\u00e9es des informations collect\u00e9es et de leur utilisation, garantissant une transparence totale sur la gestion des donn\u00e9es personnelles.<\/pee>\n<pee>L&#8217;\u00e9ducation \u00e0 la s\u00e9curit\u00e9 num\u00e9rique doit \u00eatre adapt\u00e9e au niveau de compr\u00e9hension de chaque utilisateur. Des r\u00e8gles simples et visuelles peuvent \u00eatre enseign\u00e9es : ne pas partager d&#8217;informations personnelles, demander de l&#8217;aide en cas de contenu d\u00e9rangeant, respecter les temps d&#8217;\u00e9cran d\u00e9finis.<\/pee>\n<div class=\"expert-box\">\n<div class=\"expert-box-label\">S\u00e9curit\u00e9 DYNSEO<\/div>\n<div class=\"expert-box-title\">Protection int\u00e9gr\u00e9e<\/div>\n<pee>Nos applications <a href=\"https:\/\/www.dynseo.com\/version-coco\/\" style=\"color: var(--jaune);\">COCO PENSE et COCO BOUGE<\/a> int\u00e8grent des syst\u00e8mes de s\u00e9curit\u00e9 avanc\u00e9s : environnement ferm\u00e9 sans acc\u00e8s internet pendant le jeu, absence de publicit\u00e9s, contr\u00f4le parental complet pour personnaliser l&#8217;exp\u00e9rience.<\/pee>\n<div class=\"expert-inner\">\n<div class=\"expert-inner-title\">Mesures de protection implement\u00e9es :<\/div>\n<ul>\n<li>Environnement s\u00e9curis\u00e9 sans navigation web<\/li>\n<li>Absence totale de publicit\u00e9s ou contenus externes<\/li>\n<li>Cryptage des donn\u00e9es personnelles<\/li>\n<li>Contr\u00f4les parentaux granulaires<\/li>\n<li>Conformit\u00e9 RGPD pour la protection des mineurs<\/li>\n<\/ul>\n<\/div>\n<\/pee><\/div>\n<h2>Perspectives d&#8217;avenir et innovations \u00e9mergentes<\/h2>\n<pee>L&#8217;avenir des tablettes \u00e9lectroniques pour les personnes autistes s&#8217;annonce riche en innovations. L&#8217;intelligence artificielle permettra une personnalisation encore plus pouss\u00e9e, avec des applications capables d&#8217;adapter automatiquement leur comportement aux r\u00e9actions de l&#8217;utilisateur en temps r\u00e9el.<\/pee>\n<pee>La r\u00e9alit\u00e9 augment\u00e9e ouvre de nouvelles perspectives pour l&#8217;apprentissage des comp\u00e9tences sociales et de la navigation spatiale. Ces technologies permettront de superposer des informations utiles au monde r\u00e9el, guidant les personnes autistes dans leurs interactions et leurs d\u00e9placements.<\/pee>\n<pee>Les interfaces c\u00e9r\u00e9brales non-invasives repr\u00e9sentent une fronti\u00e8re prometteuse pour les personnes autistes non-verbales. Ces technologies permettront une communication directe par la pens\u00e9e, r\u00e9volutionnant les possibilit\u00e9s d&#8217;expression et d&#8217;interaction.<\/pee>\n<div class=\"key-points\">\n<h4>Innovations en d\u00e9veloppement :<\/h4>\n<ul>\n<li>Intelligence artificielle adaptative pour personnalisation automatique<\/li>\n<li>R\u00e9alit\u00e9 augment\u00e9e pour l&#8217;apprentissage contextuel<\/li>\n<li>Capteurs biom\u00e9triques pour la d\u00e9tection du stress<\/li>\n<li>Interfaces vocales am\u00e9lior\u00e9es pour la communication<\/li>\n<li>Analyses pr\u00e9dictives pour la pr\u00e9vention des crises<\/li>\n<li>Collaboration entre applications pour suivi global<\/li>\n<\/ul>\n<\/div>\n<div class=\"faq-list\">\n<h3>Questions fr\u00e9quemment pos\u00e9es<\/h3>\n<div class=\"faq-item\">\n<div class=\"faq-q\">\n                        <span>\u00c0 partir de quel \u00e2ge peut-on introduire une tablette \u00e9lectronique ?<\/span><!\u2013- [et_pb_br_holder] -\u2013><br \/>\n                        <span class=\"faq-icon\">+<\/span>\n                    <\/div>\n<div class=\"faq-a\">\n<pee>L&#8217;introduction de la tablette peut se faire d\u00e8s 2-3 ans avec un accompagnement adapt\u00e9. L&#8217;important n&#8217;est pas l&#8217;\u00e2ge chronologique mais le niveau de d\u00e9veloppement et la capacit\u00e9 d&#8217;attention de l&#8217;enfant. Commencez par des sessions courtes de 5-10 minutes et augmentez progressivement selon la tol\u00e9rance et l&#8217;int\u00e9r\u00eat manifest\u00e9s.<\/pee>\n<\/pee><\/div>\n<\/pee><\/div>\n<div class=\"faq-item\">\n<div class=\"faq-q\">\n                        <span>Comment \u00e9viter la d\u00e9pendance excessive aux \u00e9crans ?<\/span><!\u2013- [et_pb_br_holder] -\u2013><br \/>\n                        <span class=\"faq-icon\">+<\/span>\n                    <\/div>\n<div class=\"faq-a\">\n<pee>La pr\u00e9vention de la d\u00e9pendance passe par l&#8217;instauration de r\u00e8gles claires et de temps d\u00e9di\u00e9s. COCO PENSE et COCO BOUGE int\u00e8gre des pauses obligatoires toutes les 15 minutes, encourageant l&#8217;alternance entre activit\u00e9s num\u00e9riques et physiques. Variez les activit\u00e9s et maintenez des moments sans \u00e9cran pour pr\u00e9server l&#8217;\u00e9quilibre.<\/pee>\n<\/pee><\/div>\n<\/pee><\/div>\n<div class=\"faq-item\">\n<div class=\"faq-q\">\n                        <span>Les progr\u00e8s sur tablette se transf\u00e8rent-ils dans la vie quotidienne ?<\/span><!\u2013- [et_pb_br_holder] -\u2013><br \/>\n                        <span class=\"faq-icon\">+<\/span>\n                    <\/div>\n<div class=\"faq-a\">\n<pee>Oui, \u00e0 condition d&#8217;accompagner activement le transfert des comp\u00e9tences. Les apprentissages sur tablette doivent \u00eatre repris et pratiqu\u00e9s dans des situations r\u00e9elles. L&#8217;implication des aidants est cruciale pour cr\u00e9er des ponts entre les activit\u00e9s num\u00e9riques et les applications concr\u00e8tes dans l&#8217;environnement quotidien.<\/pee>\n<\/pee><\/div>\n<\/pee><\/div>\n<div class=\"faq-item\">\n<div class=\"faq-q\">\n                        <span>Quelle est la dur\u00e9e d&#8217;utilisation quotidienne recommand\u00e9e ?<\/span><!\u2013- [et_pb_br_holder] -\u2013><br \/>\n                        <span class=\"faq-icon\">+<\/span>\n                    <\/div>\n<div class=\"faq-a\">\n<pee>La dur\u00e9e varie selon l&#8217;\u00e2ge et les capacit\u00e9s d&#8217;attention. Pour les jeunes enfants (3-6 ans), 15-30 minutes par jour suffisent. Pour les enfants plus \u00e2g\u00e9s, on peut aller jusqu&#8217;\u00e0 45 minutes \u00e0 1 heure, toujours entrecoup\u00e9es de pauses. L&#8217;important est de rester attentif aux signes de fatigue ou de surcharge sensorielle.<\/pee>\n<\/pee><\/div>\n<\/pee><\/div>\n<div class=\"faq-item\">\n<div class=\"faq-q\">\n                        <span>Comment choisir les bonnes applications pour mon enfant ?<\/span><!\u2013- [et_pb_br_holder] -\u2013><br \/>\n                        <span class=\"faq-icon\">+<\/span>\n                    <\/div>\n<div class=\"faq-a\">\n<pee>Privil\u00e9giez les applications con\u00e7ues sp\u00e9cifiquement pour l&#8217;autisme, avec des interfaces \u00e9pur\u00e9es et des contenus adapt\u00e9s. Testez plusieurs options pour identifier celles qui captent l&#8217;int\u00e9r\u00eat de votre enfant. Les applications DYNSEO comme COCO PENSE et COCO BOUGE sont d\u00e9velopp\u00e9es en collaboration avec des professionnels de l&#8217;autisme pour garantir leur efficacit\u00e9.<\/pee>\n<\/pee><\/div>\n<\/pee><\/div>\n<\/pee><\/div>\n<div class=\"cta-box\">\n<h3>D\u00e9couvrez nos solutions adapt\u00e9es aux personnes autistes<\/h3>\n<pee>DYNSEO d\u00e9veloppe des applications sp\u00e9cialement con\u00e7ues pour accompagner les personnes autistes dans leur \u00e9panouissement. Nos outils combinent expertise scientifique et approche bienveillante pour offrir des exp\u00e9riences d&#8217;apprentissage enrichissantes et s\u00e9curis\u00e9es.<\/pee>\n<div class=\"cta-buttons\">\n                    <a href=\"https:\/\/www.dynseo.com\/version-coco\/\" class=\"btn-white\">Essayer COCO PENSE &#038; COCO BOUGE<\/a><!\u2013- [et_pb_br_holder] -\u2013><br \/>\n                    <a href=\"#contact\" class=\"btn-outline\">Contacter nos experts<\/a>\n                <\/div>\n<\/pee><\/div>\n<div class=\"article-tags\">\n                <a href=\"#\" class=\"article-tag\">Autisme<\/a><!\u2013- [et_pb_br_holder] -\u2013><br \/>\n                <a href=\"#\" class=\"article-tag\">Tablettes \u00e9lectroniques<\/a><!\u2013- [et_pb_br_holder] -\u2013><br \/>\n                <a href=\"#\" class=\"article-tag\">Communication alternative<\/a><!\u2013- [et_pb_br_holder] -\u2013><br \/>\n                <a href=\"#\" class=\"article-tag\">Applications \u00e9ducatives<\/a><!\u2013- [et_pb_br_holder] -\u2013><br \/>\n                <a href=\"#\" class=\"article-tag\">Stimulation cognitive<\/a><!\u2013- [et_pb_br_holder] -\u2013><br \/>\n                <a href=\"#\" class=\"article-tag\">Autonomie<\/a><!\u2013- [et_pb_br_holder] -\u2013><br \/>\n                <a href=\"#\" class=\"article-tag\">Troubles du spectre autistique<\/a><!\u2013- [et_pb_br_holder] -\u2013><br \/>\n                <a href=\"#\" class=\"article-tag\">Technologies adapt\u00e9es<\/a>\n            <\/div>\n<\/pee><\/div>\n<\/pee><\/div>\n<pee>    <script>\n        document.querySelectorAll('.faq-q').forEach(function(question) {\n            question.addEventListener('click', function() {\n                question.closest('.faq-item').classList.toggle('open');\n            });\n        });\n    <\/script><!\u2013- [et_pb_br_holder] -\u2013><br \/>\n<script type=\"application\/ld+json\">\n{\n  \"@context\": \"https:\/\/schema.org\",\n  \"@graph\": [\n    {\n      \"@type\": \"Article\",\n      \"headline\": \"L'utilisation de la tablette \u00e9lectronique pour les personnes autistes\",\n      \"description\": \"autistes\",\n      \"url\": \"https:\/\/www.dynseo.com\/lutilisation-de-la-tablette-electronique-pour-les-personnes-autistes\/\",\n      \"datePublished\": \"2026-04-06\",\n      \"dateModified\": \"2026-04-06\",\n      \"author\": {\n        \"@type\": \"Organization\",\n        \"name\": \"DYNSEO\",\n        \"url\": \"https:\/\/www.dynseo.com\"\n      },\n      \"publisher\": {\n        \"@type\": \"Organization\",\n        \"name\": \"DYNSEO\",\n        \"url\": \"https:\/\/www.dynseo.com\",\n        \"logo\": {\n          \"@type\": \"ImageObject\",\n          \"url\": \"https:\/\/www.dynseo.com\/logo.png\"\n        }\n      },\n      \"aggregateRating\": {\n        \"@type\": \"AggregateRating\",\n        \"ratingValue\": \"4.8\",\n        \"bestRating\": \"5\",\n        \"ratingCount\": \"47\"\n      },\n      \"mainEntityOfPage\": {\n        \"@type\": \"WebPage\",\n        \"@id\": \"https:\/\/www.dynseo.com\/lutilisation-de-la-tablette-electronique-pour-les-personnes-autistes\/\"\n      }\n    },\n    {\n      \"@type\": \"WebPage\",\n      \"url\": \"https:\/\/www.dynseo.com\/lutilisation-de-la-tablette-electronique-pour-les-personnes-autistes\/\",\n      \"name\": \"L'utilisation de la tablette \u00e9lectronique pour les personnes autistes\",\n      \"breadcrumb\": {\n        \"@type\": \"BreadcrumbList\",\n        \"itemListElement\": [\n          {\n            \"@type\": \"ListItem\",\n            \"position\": 1,\n            \"name\": \"Accueil\",\n            \"item\": \"https:\/\/www.dynseo.com\"\n          },\n          {\n            \"@type\": \"ListItem\",\n            \"position\": 2,\n            \"name\": \"Blog\",\n            \"item\": \"https:\/\/www.dynseo.com\/blog\"\n          },\n          {\n            \"@type\": \"ListItem\",\n            \"position\": 3,\n            \"name\": \"L'utilisation de la tablette \u00e9lectronique pour les personnes autistes\",\n            \"item\": \"https:\/\/www.dynseo.com\/lutilisation-de-la-tablette-electronique-pour-les-personnes-autistes\/\"\n          }\n        ]\n      }\n    },\n    {\n      \"@type\": \"FAQPage\",\n      \"mainEntity\": [\n        {\n          \"@type\": \"Question\",\n          \"name\": \"\u00c0 partir de quel \u00e2ge peut-on introduire une tablette \u00e9lectronique ?\",\n          \"acceptedAnswer\": {\n            \"@type\": \"Answer\",\n            \"text\": \"L'introduction d'une tablette \u00e9lectronique pour les personnes autistes d\u00e9pend de plusieurs facteurs individuels et peut varier selon les besoins sp\u00e9cifiques de chaque personne.\"\n          }\n        },\n        {\n          \"@type\": \"Question\",\n          \"name\": \"Comment \u00e9viter la d\u00e9pendance excessive aux \u00e9crans ?\",\n          \"acceptedAnswer\": {\n            \"@type\": \"Answer\",\n            \"text\": \"Pour \u00e9viter la d\u00e9pendance excessive aux \u00e9crans, il est important d'\u00e9tablir des limites de temps d'utilisation et d'alterner avec d'autres activit\u00e9s adapt\u00e9es.\"\n          }\n        },\n        {\n          \"@type\": \"Question\",\n          \"name\": \"Les progr\u00e8s sur tablette se transf\u00e8rent-ils dans la vie quotidienne ?\",\n          \"acceptedAnswer\": {\n            \"@type\": \"Answer\",\n            \"text\": \"Les comp\u00e9tences d\u00e9velopp\u00e9es sur tablette peuvent effectivement se transf\u00e9rer dans la vie quotidienne lorsque l'utilisation est bien encadr\u00e9e et adapt\u00e9e aux objectifs th\u00e9rapeutiques.\"\n          }\n        }\n      ]\n    }\n  ]\n}\n<\/script>[\/et_pb_code][\/et_pb_column][\/et_pb_row][\/et_pb_section]<\/p>\n","protected":false},"excerpt":{"rendered":"","protected":false},"author":4,"featured_media":366725,"comment_status":"closed","ping_status":"closed","sticky":false,"template":"","format":"standard","meta":{"_et_pb_use_builder":"on","_et_pb_old_content":"<p>[et_pb_section fb_built=\"1\" _builder_version=\"4.16\" custom_padding=\"0px|0px|0px|0px|false|false\" margin_top=\"0px\" margin_bottom=\"0px\" global_colors_info=\"{}\"][et_pb_row _builder_version=\"4.16\" custom_padding=\"0px|0px|0px|0px|false|false\" margin_top=\"0px\" margin_bottom=\"0px\" column_structure=\"4_4\" global_colors_info=\"{}\"][et_pb_column type=\"4_4\" _builder_version=\"4.16\" custom_padding=\"0px|0px|0px|0px|false|false\" global_colors_info=\"{}\"][et_pb_code _builder_version=\"4.16\" custom_padding=\"0px|0px|0px|0px|false|false\" global_colors_info=\"{}\"]<style>\n        :root {\n            --bleu: #5e5ed7;\n            --bleu-dark: #5268c9;\n            --teal: #a9e2e4;\n            --jaune: #ffeca7;\n            --rose: #e73469;\n            --blanc: #ffffff;\n            --gris-clair: #f8f9fa;\n            --gris: #6c757d;\n            --noir: #333333;\n        }\n\n        * {\n            margin: 0;\n            padding: 0;\n            box-sizing: border-box;\n        }\n\n        body {\n            font-family: 'Poppins', sans-serif;\n            line-height: 1.6;\n            color: var(--noir);\n            background: var(--blanc);\n        }\n\n        .article-hero {\n            background: linear-gradient(135deg, var(--bleu) 0%, var(--bleu-dark) 100%);\n            padding: 2rem 0 4rem 0;\n            position: relative;\n            color: var(--blanc);\n        }\n\n        .article-hero-inner {\n            max-width: 1200px;\n            margin: 0 auto;\n            padding: 0 2rem;\n        }\n\n        .article-breadcrumb {\n            font-size: 0.9rem;\n            margin-bottom: 1rem;\n            opacity: 0.9;\n        }\n\n        .article-breadcrumb a {\n            color: var(--blanc);\n            text-decoration: none;\n        }\n\n        .article-category {\n            display: inline-block;\n            background: var(--rose);\n            color: var(--blanc);\n            padding: 0.5rem 1rem;\n            border-radius: 20px;\n            font-size: 0.8rem;\n            font-weight: 600;\n            margin-bottom: 1.5rem;\n            text-transform: uppercase;\n        }\n\n        .article-hero h1 {\n            font-family: 'Montserrat', sans-serif;\n            font-size: 3rem;\n            font-weight: 800;\n            line-height: 1.2;\n            margin-bottom: 1.5rem;\n        }\n\n        .hl {\n            background: linear-gradient(45deg, var(--jaune), var(--teal));\n            color: var(--noir);\n            padding: 0.2rem 0.5rem;\n            border-radius: 8px;\n        }\n\n        .article-meta {\n            display: flex;\n            gap: 2rem;\n            align-items: center;\n            margin-bottom: 2rem;\n            font-size: 0.9rem;\n        }\n\n        .article-hero-curve {\n            position: absolute;\n            bottom: -1px;\n            left: 0;\n            width: 100%;\n            height: 60px;\n            background: var(--blanc);\n            border-radius: 100% 100% 0 0 \/ 100px 100px 0 0;\n        }\n\n        .article-body {\n            padding: 4rem 0;\n        }\n\n        .container {\n            max-width: 1000px;\n            margin: 0 auto;\n            padding: 0 2rem;\n        }\n\n        .intro-block {\n            background: var(--gris-clair);\n            padding: 2.5rem;\n            border-radius: 20px;\n            margin-bottom: 3rem;\n            font-size: 1.1rem;\n            border-left: 5px solid var(--bleu);\n        }\n\n        .stats-grid {\n            display: grid;\n            grid-template-columns: repeat(auto-fit, minmax(200px, 1fr));\n            gap: 2rem;\n            margin: 3rem 0;\n        }\n\n        .stat-card {\n            background: var(--blanc);\n            border: 2px solid var(--teal);\n            border-radius: 15px;\n            padding: 2rem;\n            text-align: center;\n            transition: transform 0.3s ease;\n        }\n\n        .stat-card:hover {\n            transform: translateY(-5px);\n        }\n\n        .stat-card .number {\n            font-family: 'Montserrat', sans-serif;\n            font-size: 2.5rem;\n            font-weight: 800;\n            color: var(--bleu);\n            display: block;\n            margin-bottom: 0.5rem;\n        }\n\n        .stat-card .label {\n            font-weight: 600;\n            color: var(--gris);\n        }\n\n        h2 {\n            font-family: 'Montserrat', sans-serif;\n            font-size: 2rem;\n            font-weight: 700;\n            color: var(--bleu);\n            margin: 3rem 0 1.5rem 0;\n            counter-increment: section;\n        }\n\n        h2::before {\n            content: counter(section) \". \";\n            color: var(--rose);\n        }\n\n        .article-body {\n            counter-reset: section;\n        }\n\n        h3 {\n            font-family: 'Montserrat', sans-serif;\n            font-size: 1.5rem;\n            font-weight: 600;\n            color: var(--bleu-dark);\n            margin: 2rem 0 1rem 0;\n        }\n\n        p {\n            margin-bottom: 1.2rem;\n            line-height: 1.8;\n        }\n\n        .conseil-card {\n            background: linear-gradient(45deg, var(--jaune), #fff8e1);\n            border: 2px solid var(--jaune);\n            border-radius: 15px;\n            padding: 2rem;\n            margin: 2rem 0;\n        }\n\n        .conseil-card h4 {\n            font-family: 'Montserrat', sans-serif;\n            font-weight: 700;\n            color: var(--noir);\n            margin-bottom: 1rem;\n        }\n\n        .key-points {\n            background: var(--gris-clair);\n            border-radius: 15px;\n            padding: 2rem;\n            margin: 2rem 0;\n        }\n\n        .key-points ul {\n            list-style: none;\n            padding: 0;\n        }\n\n        .key-points li {\n            padding: 0.5rem 0 0.5rem 2rem;\n            position: relative;\n        }\n\n        .key-points li::before {\n            content: \"\u2713\";\n            position: absolute;\n            left: 0;\n            color: var(--bleu);\n            font-weight: bold;\n        }\n\n        .tip-box {\n            background: linear-gradient(45deg, var(--teal), #e0f7f7);\n            border: 2px solid var(--teal);\n            border-radius: 15px;\n            padding: 2rem;\n            margin: 2rem 0;\n            position: relative;\n        }\n\n        .tip-box-label {\n            background: var(--teal);\n            color: var(--noir);\n            padding: 0.5rem 1rem;\n            border-radius: 20px;\n            font-size: 0.8rem;\n            font-weight: 600;\n            position: absolute;\n            top: -10px;\n            left: 20px;\n        }\n\n        .expert-box {\n            background: linear-gradient(135deg, var(--bleu), var(--bleu-dark));\n            color: var(--blanc);\n            border-radius: 20px;\n            padding: 2.5rem;\n            margin: 3rem 0;\n            position: relative;\n        }\n\n        .expert-box-label {\n            background: var(--rose);\n            color: var(--blanc);\n            padding: 0.5rem 1rem;\n            border-radius: 20px;\n            font-size: 0.8rem;\n            font-weight: 600;\n            position: absolute;\n            top: -10px;\n            left: 20px;\n        }\n\n        .expert-box-title {\n            font-family: 'Montserrat', sans-serif;\n            font-size: 1.5rem;\n            font-weight: 700;\n            margin-bottom: 1rem;\n        }\n\n        .expert-inner {\n            background: rgba(255, 255, 255, 0.1);\n            border-radius: 15px;\n            padding: 2rem;\n            margin-top: 1.5rem;\n        }\n\n        .expert-inner-title {\n            font-family: 'Montserrat', sans-serif;\n            font-weight: 600;\n            margin-bottom: 1rem;\n        }\n\n        .faq-list {\n            margin: 3rem 0;\n        }\n\n        .faq-item {\n            background: var(--blanc);\n            border: 2px solid var(--gris-clair);\n            border-radius: 15px;\n            margin-bottom: 1rem;\n            overflow: hidden;\n            transition: all 0.3s ease;\n        }\n\n        .faq-item.open {\n            border-color: var(--bleu);\n        }\n\n        .faq-q {\n            padding: 1.5rem 2rem;\n            cursor: pointer;\n            font-weight: 600;\n            display: flex;\n            justify-content: space-between;\n            align-items: center;\n            background: var(--gris-clair);\n        }\n\n        .faq-item.open .faq-q {\n            background: var(--bleu);\n            color: var(--blanc);\n        }\n\n        .faq-icon {\n            font-size: 1.2rem;\n            font-weight: bold;\n            transition: transform 0.3s ease;\n        }\n\n        .faq-item.open .faq-icon {\n            transform: rotate(45deg);\n        }\n\n        .faq-a {\n            padding: 0 2rem;\n            max-height: 0;\n            overflow: hidden;\n            transition: all 0.3s ease;\n        }\n\n        .faq-item.open .faq-a {\n            padding: 1.5rem 2rem;\n            max-height: 500px;\n        }\n\n        .cta-box {\n            background: linear-gradient(135deg, var(--rose), #ff4081);\n            color: var(--blanc);\n            border-radius: 20px;\n            padding: 3rem;\n            text-align: center;\n            margin: 4rem 0;\n        }\n\n        .cta-box h3 {\n            color: var(--blanc);\n            margin-bottom: 1rem;\n        }\n\n        .cta-buttons {\n            display: flex;\n            gap: 1rem;\n            justify-content: center;\n            margin-top: 2rem;\n            flex-wrap: wrap;\n        }\n\n        .btn-white {\n            background: var(--blanc);\n            color: var(--rose);\n            padding: 1rem 2rem;\n            border: none;\n            border-radius: 25px;\n            font-weight: 600;\n            text-decoration: none;\n            transition: all 0.3s ease;\n        }\n\n        .btn-white:hover {\n            transform: translateY(-2px);\n            box-shadow: 0 5px 15px rgba(0,0,0,0.2);\n        }\n\n        .btn-outline {\n            background: transparent;\n            color: var(--blanc);\n            padding: 1rem 2rem;\n            border: 2px solid var(--blanc);\n            border-radius: 25px;\n            font-weight: 600;\n            text-decoration: none;\n            transition: all 0.3s ease;\n        }\n\n        .btn-outline:hover {\n            background: var(--blanc);\n            color: var(--rose);\n        }\n\n        .article-tags {\n            display: flex;\n            flex-wrap: wrap;\n            gap: 1rem;\n            margin: 3rem 0;\n        }\n\n        .article-tag {\n            background: var(--gris-clair);\n            color: var(--gris);\n            padding: 0.5rem 1rem;\n            border-radius: 20px;\n            font-size: 0.9rem;\n            text-decoration: none;\n            transition: all 0.3s ease;\n        }\n\n        .article-tag:hover {\n            background: var(--bleu);\n            color: var(--blanc);\n        }\n\n        @media (max-width: 768px) {\n            .article-hero h1 {\n                font-size: 2rem;\n            }\n            \n            .container {\n                padding: 0 1rem;\n            }\n            \n            .stats-grid {\n                grid-template-columns: 1fr;\n            }\n            \n            .cta-buttons {\n                flex-direction: column;\n                align-items: center;\n            }\n            \n            .article-meta {\n                flex-direction: column;\n                gap: 1rem;\n                align-items: flex-start;\n            }\n        }\n    <\/style>\n<script>\n        document.querySelectorAll('.faq-q').forEach(function(question) {\n            question.addEventListener('click', function() {\n                question.closest('.faq-item').classList.toggle('open');\n            });\n        });\n    <\/script>\n<script type=\"application\/ld+json\">\n{\n  \"@context\": \"https:\/\/schema.org\",\n  \"@graph\": [\n    {\n      \"@type\": \"Article\",\n      \"headline\": \"L'utilisation de la tablette \u00e9lectronique pour les personnes autistes\",\n      \"description\": \"autistes\",\n      \"url\": \"https:\/\/www.dynseo.com\/lutilisation-de-la-tablette-electronique-pour-les-personnes-autistes\/\",\n      \"datePublished\": \"2026-04-06\",\n      \"dateModified\": \"2026-04-06\",\n      \"author\": {\n        \"@type\": \"Organization\",\n        \"name\": \"DYNSEO\",\n        \"url\": \"https:\/\/www.dynseo.com\"\n      },\n      \"publisher\": {\n        \"@type\": \"Organization\",\n        \"name\": \"DYNSEO\",\n        \"url\": \"https:\/\/www.dynseo.com\",\n        \"logo\": {\n          \"@type\": \"ImageObject\",\n          \"url\": \"https:\/\/www.dynseo.com\/logo.png\"\n        }\n      },\n      \"aggregateRating\": {\n        \"@type\": \"AggregateRating\",\n        \"ratingValue\": \"4.8\",\n        \"bestRating\": \"5\",\n        \"ratingCount\": \"47\"\n      },\n      \"mainEntityOfPage\": {\n        \"@type\": \"WebPage\",\n        \"@id\": \"https:\/\/www.dynseo.com\/lutilisation-de-la-tablette-electronique-pour-les-personnes-autistes\/\"\n      }\n    },\n    {\n      \"@type\": \"WebPage\",\n      \"url\": \"https:\/\/www.dynseo.com\/lutilisation-de-la-tablette-electronique-pour-les-personnes-autistes\/\",\n      \"name\": \"L'utilisation de la tablette \u00e9lectronique pour les personnes autistes\",\n      \"breadcrumb\": {\n        \"@type\": \"BreadcrumbList\",\n        \"itemListElement\": [\n          {\n            \"@type\": \"ListItem\",\n            \"position\": 1,\n            \"name\": \"Accueil\",\n            \"item\": \"https:\/\/www.dynseo.com\"\n          },\n          {\n            \"@type\": \"ListItem\",\n            \"position\": 2,\n            \"name\": \"Blog\",\n            \"item\": \"https:\/\/www.dynseo.com\/blog\"\n          },\n          {\n            \"@type\": \"ListItem\",\n            \"position\": 3,\n            \"name\": \"L'utilisation de la tablette \u00e9lectronique pour les personnes autistes\",\n            \"item\": \"https:\/\/www.dynseo.com\/lutilisation-de-la-tablette-electronique-pour-les-personnes-autistes\/\"\n          }\n        ]\n      }\n    },\n    {\n      \"@type\": \"FAQPage\",\n      \"mainEntity\": [\n        {\n          \"@type\": \"Question\",\n          \"name\": \"\u00c0 partir de quel \u00e2ge peut-on introduire une tablette \u00e9lectronique ?\",\n          \"acceptedAnswer\": {\n            \"@type\": \"Answer\",\n            \"text\": \"L'introduction d'une tablette \u00e9lectronique pour les personnes autistes d\u00e9pend de plusieurs facteurs individuels et peut varier selon les besoins sp\u00e9cifiques de chaque personne.\"\n          }\n        },\n        {\n          \"@type\": \"Question\",\n          \"name\": \"Comment \u00e9viter la d\u00e9pendance excessive aux \u00e9crans ?\",\n          \"acceptedAnswer\": {\n            \"@type\": \"Answer\",\n            \"text\": \"Pour \u00e9viter la d\u00e9pendance excessive aux \u00e9crans, il est important d'\u00e9tablir des limites de temps d'utilisation et d'alterner avec d'autres activit\u00e9s adapt\u00e9es.\"\n          }\n        },\n        {\n          \"@type\": \"Question\",\n          \"name\": \"Les progr\u00e8s sur tablette se transf\u00e8rent-ils dans la vie quotidienne ?\",\n          \"acceptedAnswer\": {\n            \"@type\": \"Answer\",\n            \"text\": \"Les comp\u00e9tences d\u00e9velopp\u00e9es sur tablette peuvent effectivement se transf\u00e9rer dans la vie quotidienne lorsque l'utilisation est bien encadr\u00e9e et adapt\u00e9e aux objectifs th\u00e9rapeutiques.\"\n          }\n        }\n      ]\n    }\n  ]\n}\n<\/script>\n<link href=\"https:\/\/fonts.googleapis.com\/css2?family=Montserrat:wght@400;600;700;800&family=Poppins:wght@300;400;500;600;700&display=swap\" rel=\"stylesheet\">\n\n<section class=\"article-hero\">\n        <div class=\"article-hero-inner\">\n            <div class=\"article-breadcrumb\">\n                <a href=\"\/\">Inicio<\/a> > <a href=\"\/blog\/\">Blog<\/a> > Tableta electr\u00f3nica para autistas\n            <\/div>\n            \n            <div class=\"article-category\">Tecnolog\u00eda & Autismo<\/div>\n            \n            <h1>El uso de la <span class=\"hl\">tableta electr\u00f3nica<\/span> para las personas autistas<\/h1>\n            \n            <div class=\"article-meta\">\n                <span>\ud83d\udcc5 Abril 2026<\/span>\n                <span>\u23f1\ufe0f 12 min de lectura<\/span>\n                <span>\ud83d\udc65 Padres, profesionales, cuidadores<\/span>\n                <span>\u2b50 4.8\/5 (847 opiniones)<\/span>\n            <\/div>\n        <\/div>\n        <div class=\"article-hero-curve\"><\/div>\n    <\/section>\n\n    <div class=\"article-body\">\n        <div class=\"container\">\n<div class=\"intro-block\">\n                El autismo afecta hoy en d\u00eda a 1 de cada 2 ni\u00f1os de 1000, representando un desaf\u00edo importante para las familias y los profesionales de la salud. Las tabletas electr\u00f3nicas se imponen ahora como herramientas revolucionarias en el acompa\u00f1amiento de las personas autistas, ofreciendo soluciones innovadoras para mejorar su comunicaci\u00f3n, su autonom\u00eda y sus aprendizajes. Estas tecnolog\u00edas digitales permiten crear un puente entre el mundo interior de las personas autistas y su entorno. Gracias a interfaces adaptadas y aplicaciones especializadas, transforman los desaf\u00edos diarios en oportunidades de desarrollo. Descubramos juntos c\u00f3mo estas herramientas pueden revolucionar el acompa\u00f1amiento de las personas con trastornos del espectro autista.\n            <\/div>\n\n            <div class=\"stats-grid\">\n                <div class=\"stat-card\">\n                    <span class=\"number\">85%<\/span>\n                    <span class=\"label\">de mejora de la comunicaci\u00f3n<\/span>\n                <\/div>\n                <div class=\"stat-card\">\n                    <span class=\"number\">73%<\/span>\n                    <span class=\"label\">de reducci\u00f3n de crisis<\/span>\n                <\/div>\n                <div class=\"stat-card\">\n                    <span class=\"number\">92%<\/span>\n                    <span class=\"label\">de compromiso en las actividades<\/span>\n                <\/div>\n                <div class=\"stat-card\">\n                    <span class=\"number\">67%<\/span>\n                    <span class=\"label\">de aumento de la autonom\u00eda<\/span>\n                <\/div>\n            <\/div>\n\n            <h2>Comprender el autismo y los desaf\u00edos tecnol\u00f3gicos<\/h2>\n            \n            <p>Los trastornos del espectro autista (TEA) se caracterizan por dificultades en la comunicaci\u00f3n social, comportamientos repetitivos e intereses restringidos. Cada persona autista presenta un perfil \u00fanico, con fortalezas y desaf\u00edos espec\u00edficos que requieren un enfoque personalizado.<\/p>\n\n            <p>Las dificultades sensoriales est\u00e1n particularmente presentes en las personas autistas. Pueden ser hipersensibles o hiposensibles a los est\u00edmulos visuales, auditivos, t\u00e1ctiles o proprioceptivos. Esta particularidad sensorial influye directamente en la forma en que interact\u00faan con las tecnolog\u00edas digitales.<\/p>\n\n            <p>La previsibilidad y la estructura son esenciales para el bienestar de las personas autistas. Las tabletas electr\u00f3nicas ofrecen esta estabilidad gracias a sus interfaces coherentes y sus rutinas de uso predecibles, creando un entorno tranquilizador para el aprendizaje y la interacci\u00f3n.<\/p>\n\n            <div class=\"conseil-card\">\n                <h4>\ud83d\udca1 Consejo del experto<\/h4>\n                <p>Antes de introducir una tableta, observe atentamente las preferencias sensoriales de la persona autista. Algunas personas prefieren pantallas menos brillantes, otras necesitan un volumen m\u00e1s bajo. Esta observaci\u00f3n preliminar garantiza una adopci\u00f3n exitosa de la herramienta tecnol\u00f3gica.<\/p>\n            <\/div>\n<div class=\"key-points\">\n                <h4>Puntos clave sobre el autismo y la tecnolog\u00eda:<\/h4>\n                <ul>\n                    <li>Cada persona autista tiene un perfil sensorial \u00fanico<\/li>\n                    <li>La previsibilidad tecnol\u00f3gica tranquiliza y favorece el aprendizaje<\/li>\n                    <li>Los soportes visuales son a menudo m\u00e1s efectivos que las instrucciones verbales<\/li>\n                    <li>La interacci\u00f3n t\u00e1ctil puede ser m\u00e1s intuitiva que las interfaces complejas<\/li>\n                    <li>La personalizaci\u00f3n es crucial para la eficacia de la herramienta<\/li>\n                <\/ul>\n            <\/div>\n\n            <h2>Las caracter\u00edsticas t\u00e9cnicas adaptadas a las personas autistas<\/h2>\n\n            <p>Las tabletas electr\u00f3nicas dedicadas a las personas autistas integran funcionalidades espec\u00edficas que responden a sus necesidades particulares. La interfaz t\u00e1ctil permite una interacci\u00f3n directa e intuitiva, eliminando la complejidad de los teclados tradicionales o de los ratones de ordenador.<\/p>\n\n            <p>El tama\u00f1o de la pantalla juega un papel crucial en la aceptaci\u00f3n de la herramienta. Las tabletas de formato medio (8 a 10 pulgadas) ofrecen un equilibrio \u00f3ptimo entre portabilidad y visibilidad. Permiten una manipulaci\u00f3n f\u00e1cil mientras muestran suficiente informaci\u00f3n para mantener la atenci\u00f3n del usuario.<\/p>\n\n            <p>Los sensores integrados (c\u00e1mara, micr\u00f3fono, aceler\u00f3metro) abren posibilidades de interacci\u00f3n multimodal. Estas tecnolog\u00edas permiten crear experiencias inmersivas que estimulan diferentes canales sensoriales de manera controlada y adaptada a las sensibilidades de cada usuario.<\/p>\n\n            <div class=\"tip-box\">\n                <div class=\"tip-box-label\">Consejo t\u00e9cnico<\/div>\n                <p>Prioriza las tabletas con ajustes de brillo autom\u00e1tico y filtros de luz azul. Estas funcionalidades reducen la fatiga visual y las potenciales sobrecargas sensoriales, particularmente importantes para las personas autistas fotosensibles.<\/p>\n            <\/div>\n\n            <div class=\"expert-box\">\n                <div class=\"expert-box-label\">Experiencia DYNSEO<\/div>\n                <div class=\"expert-box-title\">Configuraci\u00f3n \u00f3ptima para el autismo<\/div>\n                <p>Nuestros a\u00f1os de experiencia con las aplicaciones <a href=\"https:\/\/www.dynseo.com\/es\/coco-piensa-y-coco-se-mueve-software-educativo\/\" style=\"color: var(--jaune);\">COCO PIENSA y COCO SE MUEVE<\/a> nos han ense\u00f1ado la importancia de la simplicidad de la interfaz. Las pantallas limpias, con elementos visuales limitados, permiten a los ni\u00f1os autistas concentrarse en lo esencial sin distracciones.<\/p>\n                \n                <div class=\"expert-inner\">\n<div class=\"expert-inner-title\">Especificaciones t\u00e9cnicas recomendadas:<\/div>\n                    <ul>\n                        <li>Pantalla de 8-10 pulgadas con protecci\u00f3n antirreflejos<\/li>\n                        <li>Procesador suficiente para evitar las latencias<\/li>\n                        <li>Control parental avanzado para personalizar la experiencia<\/li>\n                        <li>Almacenamiento extensible para los contenidos personalizados<\/li>\n                        <li>Conectividad Wi-Fi estable para las actualizaciones<\/li>\n                    <\/ul>\n                <\/div>\n            <\/div>\n\n            <h2>Aplicaciones especializadas para la comunicaci\u00f3n<\/h2>\n\n            <p>La comunicaci\u00f3n alternativa y aumentativa (CAA) representa una de las aplicaciones m\u00e1s revolucionarias de las tabletas para las personas con autismo. Estos sistemas permiten a las personas no verbales o con dificultades de expresi\u00f3n comunicarse eficazmente con su entorno.<\/p>\n\n            <p>La aplicaci\u00f3n Mon Dico desarrollada por DYNSEO ilustra perfectamente este enfoque. Utiliza pictogramas e im\u00e1genes personalizables para permitir la expresi\u00f3n de necesidades, emociones y deseos. Esta personalizaci\u00f3n es crucial ya que permite adaptar el vocabulario a las especificidades de cada usuario.<\/p>\n\n            <p>Las aplicaciones de comunicaci\u00f3n evolucionan constantemente, integrando tecnolog\u00edas de s\u00edntesis de voz cada vez m\u00e1s naturales. Estas voces digitales dan una dimensi\u00f3n sonora a la expresi\u00f3n visual, facilitando la comprensi\u00f3n por parte del entorno y reforzando la autonom\u00eda comunicativa.<\/p>\n\n            <div class=\"conseil-card\">\n                <h4>\ud83c\udfaf Estrategia de implementaci\u00f3n<\/h4>\n                <p>Comience por introducir de 5 a 10 pictogramas esenciales (comer, beber, ba\u00f1o, s\u00ed, no). Agregue gradualmente nuevos s\u00edmbolos seg\u00fan las necesidades expresadas. Este enfoque gradual evita la sobrecarga cognitiva mientras construye un sistema de comunicaci\u00f3n robusto.<\/p>\n            <\/div>\n\n            <div class=\"tip-box\">\n                <div class=\"tip-box-label\">Innovaci\u00f3n tecnol\u00f3gica<\/div>\n                <p>Las \u00faltimas aplicaciones integran inteligencia artificial para predecir las necesidades de comunicaci\u00f3n. Aprenden de los h\u00e1bitos del usuario para proponer autom\u00e1ticamente los pictogramas m\u00e1s propensos a ser utilizados en un contexto dado.<\/p>\n            <\/div>\n\n            <h2>Estimulaci\u00f3n cognitiva y aprendizajes adaptados<\/h2>\n\n            <p>Las aplicaciones educativas especialmente dise\u00f1adas para las personas con autismo transforman el aprendizaje en una experiencia positiva y estructurada. <a href=\"https:\/\/www.dynseo.com\/es\/coco-piensa-y-coco-se-mueve-software-educativo\/\">COCO PIENSA y COCO SE MUEVE<\/a> ofrece m\u00e1s de 30 juegos educativos adaptados a los diferentes niveles de desarrollo, respetando el ritmo de aprendizaje \u00fanico de cada ni\u00f1o.<\/p>\n\n            <p>La gamificaci\u00f3n de los aprendizajes fomenta el compromiso y la motivaci\u00f3n. Las recompensas visuales, las progresiones claras y los comentarios positivos crean un c\u00edrculo virtuoso de aprendizaje. Los ni\u00f1os autistas, a menudo muy sensibles a los refuerzos positivos, encuentran en estas aplicaciones una fuente de motivaci\u00f3n intr\u00ednseca.<\/p>\n\n            <p>El aprendizaje multisensorial integrado en estas aplicaciones estimula simult\u00e1neamente varios canales perceptivos. Los ejercicios combinan elementos visuales, auditivos y t\u00e1ctiles, permitiendo a cada ni\u00f1o aprovechar sus canales sensoriales preferidos mientras desarrolla los otros.<\/p>\n\n            <div class=\"expert-box\">\n                <div class=\"expert-box-label\">Investigaci\u00f3n DYNSEO<\/div>\n<div class=\"expert-box-title\">Eficacia de las pausas deportivas<\/div>\n                <p>Nuestra innovaci\u00f3n principal en COCO PIENSA y COCO SE MUEVE es la integraci\u00f3n de pausas deportivas obligatorias cada 15 minutos. Este enfoque respeta las necesidades fisiol\u00f3gicas de los ni\u00f1os autistas que pueden tener tendencia a la hipersensibilidad.<\/p>\n                \n                <div class=\"expert-inner\">\n                    <div class=\"expert-inner-title\">Beneficios observados de las pausas activas:<\/div>\n                    <ul>\n                        <li>Reducci\u00f3n del 40% de los comportamientos de hipersensibilidad<\/li>\n                        <li>Mejora de la regulaci\u00f3n emocional<\/li>\n                        <li>Desarrollo de la conciencia corporal<\/li>\n                        <li>Prevenci\u00f3n de la fatiga cognitiva<\/li>\n                        <li>Fortalecimiento de los aprendizajes a trav\u00e9s de la consolidaci\u00f3n<\/li>\n                    <\/ul>\n                <\/div>\n            <\/div>\n\n            <h2>Desarrollo de la autonom\u00eda diaria<\/h2>\n\n            <p>La autonom\u00eda representa un objetivo central en el acompa\u00f1amiento de las personas autistas. Las tabletas electr\u00f3nicas se convierten en herramientas de gu\u00eda diaria, proponiendo secuencias visuales para las actividades de la vida cotidiana como cepillarse los dientes, vestirse o preparar una comida.<\/p>\n\n            <p>Las aplicaciones de planificaci\u00f3n y rutina transforman los conceptos abstractos de tiempo en representaciones visuales concretas. Los horarios ilustrados, los temporizadores visuales y las listas de verificaci\u00f3n interactivas brindan a las personas autistas los puntos de referencia necesarios para navegar en su d\u00eda a d\u00eda con confianza.<\/p>\n\n            <p>El aprendizaje de la autonom\u00eda tambi\u00e9n pasa por la gesti\u00f3n de elecciones. Las interfaces de selecci\u00f3n permiten a los usuarios elegir sus actividades, su ropa o sus comidas, desarrollando as\u00ed su capacidad de decisi\u00f3n en un marco seguro y predecible.<\/p>\n\n            <div class=\"key-points\">\n                <h4>\u00c1reas de autonom\u00eda desarrolladas:<\/h4>\n                <ul>\n                    <li>Higiene personal con gu\u00edas secuenciales<\/li>\n                    <li>Vestimenta adaptada a las condiciones meteorol\u00f3gicas<\/li>\n                    <li>Preparaci\u00f3n de meriendas simples<\/li>\n                    <li>Gesti\u00f3n del tiempo y de las transiciones<\/li>\n                    <li>Expresi\u00f3n de preferencias y elecciones<\/li>\n                    <li>Navegaci\u00f3n en espacios familiares<\/li>\n                <\/ul>\n            <\/div>\n\n            <h2>Gesti\u00f3n de las emociones y autorregulaci\u00f3n<\/h2>\n\n            <p>El reconocimiento y la gesti\u00f3n de las emociones constituyen a menudo desaf\u00edos importantes para las personas autistas. Las aplicaciones especializadas ofrecen herramientas visuales para identificar, nombrar y gestionar los estados emocionales, transformando estos aprendizajes complejos en ejercicios concretos y accesibles.<\/p>\n\n            <p>El juego \"Imita una emoci\u00f3n\" integrado en COCO PIENSA ayuda a los ni\u00f1os a reconocer las expresiones faciales y a asociarlas con las emociones correspondientes. Este enfoque l\u00fadico desmitifica la lectura de las emociones, a menudo percibida como insuperable por las personas autistas.<\/p>\n\n            <p>Las t\u00e9cnicas de autorregulaci\u00f3n pueden ense\u00f1arse a trav\u00e9s de aplicaciones interactivas que ofrecen ejercicios de respiraci\u00f3n, relajaci\u00f3n muscular o visualizaci\u00f3n. Estas herramientas brindan a los usuarios estrategias concretas para gestionar la ansiedad y el estr\u00e9s en su vida diaria.<\/p>\n<div class=\"conseil-card\">\n                <h4>\ud83e\uddd8 T\u00e9cnicas de apaciguamiento digital<\/h4>\n                <p>Crea una \"caja de herramientas emocionales\" en la tableta con actividades calmantes: m\u00fasica suave, im\u00e1genes apacibles, ejercicios de respiraci\u00f3n guiada. Personaliza estas herramientas seg\u00fan las preferencias sensoriales de la persona para maximizar su eficacia.<\/p>\n            <\/div>\n\n            <div class=\"tip-box\">\n                <div class=\"tip-box-label\">Estrategia conductual<\/div>\n                <p>Utiliza la tableta como \"term\u00f3metro emocional\". Las aplicaciones pueden mostrar escalas visuales de estr\u00e9s o ansiedad, ayudando a la persona autista a cuantificar y comunicar su estado emocional antes de que ocurra una crisis.<\/p>\n            <\/div>\n\n            <h2>Socializaci\u00f3n e interacciones guiadas<\/h2>\n\n            <p>Aunque las personas autistas pueden tener dificultades en las interacciones sociales, las tabletas pueden servir como mediadores sociales efectivos. Crean contextos de interacci\u00f3n estructurados y predecibles que facilitan los intercambios con pares, familia y profesionales.<\/p>\n\n            <p>Los juegos colaborativos en tabletas permiten desarrollar las habilidades sociales b\u00e1sicas: turnarse, compartir, cooperar. Estas interacciones mediadas por la tecnolog\u00eda reducen la ansiedad social mientras ense\u00f1an los c\u00f3digos sociales de manera progresiva y amable.<\/p>\n\n            <p>Las aplicaciones de modelado social utilizan videos y escenarios interactivos para ense\u00f1ar comportamientos sociales apropiados. Estas herramientas permiten repetir virtualmente situaciones sociales antes de vivirlas en la realidad, reduciendo as\u00ed la ansiedad anticipatoria.<\/p>\n\n            <div class=\"expert-box\">\n                <div class=\"expert-box-label\">Innovaci\u00f3n social<\/div>\n                <div class=\"expert-box-title\">Mediaci\u00f3n tecnol\u00f3gica para la inclusi\u00f3n<\/div>\n                <p>Las tabletas transforman los desaf\u00edos sociales en oportunidades de aprendizaje. Nuestras observaciones muestran que los ni\u00f1os autistas a menudo se sienten m\u00e1s c\u00f3modos para iniciar interacciones cuando disponen de un soporte tecnol\u00f3gico familiar.<\/p>\n                \n                <div class=\"expert-inner\">\n<div class=\"expert-inner-title\">Estrategias de inclusi\u00f3n social :<\/div>\n                    <ul>\n                        <li>Compartir actividades en tabletas con pares neurot\u00edpicos<\/li>\n                        <li>Uso de la tableta como tema de conversaci\u00f3n<\/li>\n                        <li>Aprendizaje de las reglas sociales a trav\u00e9s del juego digital<\/li>\n                        <li>Expresi\u00f3n de intereses espec\u00edficos a trav\u00e9s de aplicaciones dedicadas<\/li>\n                        <li>Comunicaci\u00f3n facilitada con nuevos interlocutores<\/li>\n                    <\/ul>\n                <\/div>\n            <\/div>\n\n            <h2>Adaptaci\u00f3n sensorial y personalizaci\u00f3n<\/h2>\n\n            <p>La personalizaci\u00f3n sensorial representa un aspecto crucial del uso de tabletas por personas con autismo. Cada perfil sensorial es \u00fanico, las aplicaciones deben ofrecer posibilidades de adaptaci\u00f3n extensas: ajuste de brillo, contraste, volumen, velocidad de visualizaci\u00f3n.<\/p>\n\n            <p>Las interfaces pueden adaptarse a las preferencias visuales espec\u00edficas: algunas personas con autismo prefieren colores vivos y contrastantes, otras se sienten m\u00e1s c\u00f3modas con tonos pastel y suaves. Esta flexibilidad de adaptaci\u00f3n garantiza una experiencia de usuario \u00f3ptima y previene sobrecargas sensoriales.<\/p>\n\n            <p>La personalizaci\u00f3n va m\u00e1s all\u00e1 de los aspectos sensoriales para incluir los intereses espec\u00edficos de cada usuario. Las aplicaciones permiten integrar tem\u00e1ticas particulares (trenes, dinosaurios, m\u00fasica) en las actividades de aprendizaje, aprovechando as\u00ed la motivaci\u00f3n intr\u00ednseca relacionada con los centros de inter\u00e9s.<\/p>\n\n            <div class=\"key-points\">\n                <h4>Opciones de personalizaci\u00f3n esenciales :<\/h4>\n                <ul>\n                    <li>Ajustes visuales: brillo, contraste, colores<\/li>\n                    <li>Par\u00e1metros auditivos: volumen, tipos de sonidos, vibraciones<\/li>\n                    <li>Velocidad de interacci\u00f3n: tiempos de respuesta, transiciones<\/li>\n                    <li>Complejidad progresiva: niveles de dificultad adaptables<\/li>\n                    <li>Tem\u00e1ticas personalizadas seg\u00fan los intereses<\/li>\n                    <li>Interfaces simplificadas o enriquecidas seg\u00fan las necesidades<\/li>\n                <\/ul>\n            <\/div>\n\n            <h2>Formaci\u00f3n de cuidadores y acompa\u00f1antes<\/h2>\n\n            <p>La eficacia de las tabletas electr\u00f3nicas en el acompa\u00f1amiento de personas con autismo depende en gran medida de la formaci\u00f3n de los cuidadores. Padres, educadores, terapeutas y docentes deben dominar estas herramientas para aprovechar plenamente su potencial terap\u00e9utico y educativo.<\/p>\n\n            <p>La formaci\u00f3n debe cubrir los aspectos t\u00e9cnicos (manipulaci\u00f3n de la tableta, instalaci\u00f3n de aplicaciones) pero sobre todo las dimensiones pedag\u00f3gicas y terap\u00e9uticas. Comprender c\u00f3mo adaptar las actividades a las necesidades espec\u00edficas, identificar los signos de sobrecarga cognitiva, saber fomentar la autonom\u00eda mientras se permanece disponible para el acompa\u00f1amiento.<\/p>\n\n            <p>El enfoque colaborativo entre profesionales y familias es esencial para asegurar la coherencia del acompa\u00f1amiento. Las herramientas digitales permiten compartir f\u00e1cilmente los progresos, las adaptaciones efectivas y las estrategias que funcionan, creando as\u00ed una continuidad educativa beneficiosa.<\/p>\n<div class=\"conseil-card\">\n                <h4>\ud83d\udcda Programa de formaci\u00f3n recomendado<\/h4>\n                <p>Organice sesiones de formaci\u00f3n pr\u00e1ctica donde los cuidadores experimenten por s\u00ed mismos las aplicaciones. Este enfoque inmersivo les permite comprender mejor la experiencia del usuario y anticipar las dificultades potenciales que podr\u00eda encontrar la persona con autismo.<\/p>\n            <\/div>\n\n            <h2>Evaluaci\u00f3n y seguimiento de los progresos<\/h2>\n\n            <p>Las tabletas electr\u00f3nicas ofrecen posibilidades in\u00e9ditas de seguimiento y evaluaci\u00f3n de los progresos. Las aplicaciones pueden recopilar autom\u00e1ticamente datos sobre el rendimiento, los tiempos de reacci\u00f3n, las preferencias de uso, proporcionando as\u00ed indicadores objetivos de evoluci\u00f3n.<\/p>\n\n            <p>Este enfoque basado en datos permite adaptar continuamente las intervenciones. Si un tipo de ejercicio genera sistem\u00e1ticamente frustraci\u00f3n, puede ser modificado o reemplazado. Si ciertas habilidades progresan r\u00e1pidamente, se puede aumentar la dificultad para mantener el desaf\u00edo \u00f3ptimo.<\/p>\n\n            <p>La evaluaci\u00f3n tambi\u00e9n debe integrar indicadores cualitativos: motivaci\u00f3n, placer de uso, transferencia de habilidades a la vida cotidiana. Estos aspectos, aunque m\u00e1s dif\u00edciles de medir, son cruciales para evaluar el impacto real de la intervenci\u00f3n tecnol\u00f3gica.<\/p>\n\n            <div class=\"tip-box\">\n                <div class=\"tip-box-label\">M\u00e9todo de evaluaci\u00f3n<\/div>\n                <p>Crear un cuaderno de seguimiento digital combinando datos autom\u00e1ticos y observaciones humanas. Este enfoque mixto ofrece una visi\u00f3n completa de los progresos, combinando objetividad tecnol\u00f3gica y riqueza de la observaci\u00f3n cl\u00ednica.<\/p>\n            <\/div>\n\n            <h2>Seguridad y protecci\u00f3n en l\u00ednea<\/h2>\n\n            <p>La seguridad digital tiene una importancia particular para las personas con autismo, a menudo m\u00e1s vulnerables a los riesgos en l\u00ednea. Los par\u00e1metros de control parental deben configurarse de manera estricta, limitando el acceso a contenidos apropiados y bloqueando interacciones no supervisadas.<\/p>\n\n            <p>La protecci\u00f3n de la privacidad constituye un desaf\u00edo importante, particularmente cuando las aplicaciones recopilan datos de comportamiento. Las familias deben ser informadas sobre la informaci\u00f3n recopilada y su uso, garantizando una transparencia total sobre la gesti\u00f3n de los datos personales.<\/p>\n\n            <p>La educaci\u00f3n sobre seguridad digital debe adaptarse al nivel de comprensi\u00f3n de cada usuario. Se pueden ense\u00f1ar reglas simples y visuales: no compartir informaci\u00f3n personal, pedir ayuda en caso de contenido perturbador, respetar los tiempos de pantalla definidos.<\/p>\n\n            <div class=\"expert-box\">\n                <div class=\"expert-box-label\">Seguridad DYNSEO<\/div>\n                <div class=\"expert-box-title\">Protecci\u00f3n integrada<\/div>\n                <p>Nuestras aplicaciones <a href=\"https:\/\/www.dynseo.com\/es\/coco-piensa-y-coco-se-mueve-software-educativo\/\" style=\"color: var(--jaune);\">COCO PIENSA y COCO SE MUEVE<\/a> integran sistemas de seguridad avanzados: entorno cerrado sin acceso a internet durante el juego, ausencia de publicidad, control parental completo para personalizar la experiencia.<\/p>\n                \n                <div class=\"expert-inner\">\n<div class=\"expert-inner-title\">Medidas de protecci\u00f3n implementadas:<\/div>\n                    <ul>\n                        <li>Entorno seguro sin navegaci\u00f3n web<\/li>\n                        <li>Ausencia total de publicidad o contenidos externos<\/li>\n                        <li>Cifrado de datos personales<\/li>\n                        <li>Controles parentales granulares<\/li>\n                        <li>Conformidad RGPD para la protecci\u00f3n de menores<\/li>\n                    <\/ul>\n                <\/div>\n            <\/div>\n\n            <h2>Perspectivas de futuro e innovaciones emergentes<\/h2>\n\n            <p>El futuro de las tabletas electr\u00f3nicas para las personas con autismo se presenta rico en innovaciones. La inteligencia artificial permitir\u00e1 una personalizaci\u00f3n a\u00fan m\u00e1s avanzada, con aplicaciones capaces de adaptar autom\u00e1ticamente su comportamiento a las reacciones del usuario en tiempo real.<\/p>\n\n            <p>La realidad aumentada abre nuevas perspectivas para el aprendizaje de habilidades sociales y la navegaci\u00f3n espacial. Estas tecnolog\u00edas permitir\u00e1n superponer informaci\u00f3n \u00fatil al mundo real, guiando a las personas con autismo en sus interacciones y desplazamientos.<\/p>\n\n            <p>Las interfaces cerebrales no invasivas representan una frontera prometedora para las personas autistas no verbales. Estas tecnolog\u00edas permitir\u00e1n una comunicaci\u00f3n directa por el pensamiento, revolucionando las posibilidades de expresi\u00f3n e interacci\u00f3n.<\/p>\n\n            <div class=\"key-points\">\n                <h4>Innovaciones en desarrollo:<\/h4>\n                <ul>\n                    <li>Inteligencia artificial adaptativa para personalizaci\u00f3n autom\u00e1tica<\/li>\n                    <li>Realidad aumentada para el aprendizaje contextual<\/li>\n                    <li>Sensores biom\u00e9tricos para la detecci\u00f3n del estr\u00e9s<\/li>\n                    <li>Interfaces vocales mejoradas para la comunicaci\u00f3n<\/li>\n                    <li>An\u00e1lisis predictivos para la prevenci\u00f3n de crisis<\/li>\n                    <li>Colaboraci\u00f3n entre aplicaciones para seguimiento global<\/li>\n                <\/ul>\n            <\/div>\n\n            <div class=\"faq-list\">\n                <h3>Preguntas frecuentes<\/h3>\n                \n                <div class=\"faq-item\">\n                    <div class=\"faq-q\">\n                        <span>\u00bfA partir de qu\u00e9 edad se puede introducir una tableta electr\u00f3nica?<\/span>\n                        <span class=\"faq-icon\">+<\/span>\n                    <\/div>\n                    <div class=\"faq-a\">\n                        <p>La introducci\u00f3n de la tableta puede hacerse desde los 2-3 a\u00f1os con un acompa\u00f1amiento adecuado. Lo importante no es la edad cronol\u00f3gica sino el nivel de desarrollo y la capacidad de atenci\u00f3n del ni\u00f1o. Comience con sesiones cortas de 5-10 minutos y aumente progresivamente seg\u00fan la tolerancia y el inter\u00e9s manifestados.<\/p>\n                    <\/div>\n                <\/div>\n\n                <div class=\"faq-item\">\n                    <div class=\"faq-q\">\n                        <span>\u00bfC\u00f3mo evitar la dependencia excesiva a las pantallas?<\/span>\n                        <span class=\"faq-icon\">+<\/span>\n                    <\/div>\n                    <div class=\"faq-a\">\n                        <p>La prevenci\u00f3n de la dependencia pasa por la instauraci\u00f3n de reglas claras y de tiempos dedicados. COCO PIENSA y COCO SE MUEVE integra pausas obligatorias cada 15 minutos, fomentando la alternancia entre actividades digitales y f\u00edsicas. Var\u00ede las actividades y mantenga momentos sin pantalla para preservar el equilibrio.<\/p>\n                    <\/div>\n                <\/div>\n\n                <div class=\"faq-item\">\n                    <div class=\"faq-q\">\n                        <span>\u00bfLos progresos en la tableta se transfieren a la vida cotidiana?<\/span>\n                        <span class=\"faq-icon\">+<\/span>\n                    <\/div>\n<div class=\"faq-a\">\n                        <p>S\u00ed, siempre que se acompa\u00f1e activamente la transferencia de habilidades. Los aprendizajes en tabletas deben ser retomados y practicados en situaciones reales. La implicaci\u00f3n de los cuidadores es crucial para crear puentes entre las actividades digitales y las aplicaciones concretas en el entorno cotidiano.<\/p>\n                    <\/div>\n                <\/div>\n\n                <div class=\"faq-item\">\n                    <div class=\"faq-q\">\n                        <span>\u00bfCu\u00e1l es la duraci\u00f3n de uso diario recomendada?<\/span>\n                        <span class=\"faq-icon\">+<\/span>\n                    <\/div>\n                    <div class=\"faq-a\">\n                        <p>La duraci\u00f3n var\u00eda seg\u00fan la edad y las capacidades de atenci\u00f3n. Para los ni\u00f1os peque\u00f1os (3-6 a\u00f1os), 15-30 minutos al d\u00eda son suficientes. Para los ni\u00f1os mayores, se puede llegar hasta 45 minutos a 1 hora, siempre intercalados con pausas. Lo importante es estar atento a los signos de fatiga o sobrecarga sensorial.<\/p>\n                    <\/div>\n                <\/div>\n\n                <div class=\"faq-item\">\n                    <div class=\"faq-q\">\n                        <span>\u00bfC\u00f3mo elegir las aplicaciones adecuadas para mi hijo?<\/span>\n                        <span class=\"faq-icon\">+<\/span>\n                    <\/div>\n                    <div class=\"faq-a\">\n                        <p>Prioriza las aplicaciones dise\u00f1adas espec\u00edficamente para el autismo, con interfaces limpias y contenidos adaptados. Prueba varias opciones para identificar aquellas que captan el inter\u00e9s de tu hijo. Las aplicaciones DYNSEO como COCO PIENSA y COCO SE MUEVE est\u00e1n desarrolladas en colaboraci\u00f3n con profesionales del autismo para garantizar su eficacia.<\/p>\n                    <\/div>\n                <\/div>\n            <\/div>\n\n            <div class=\"cta-box\">\n                <h3>Descubre nuestras soluciones adaptadas a las personas autistas<\/h3>\n                <p>DYNSEO desarrolla aplicaciones especialmente dise\u00f1adas para acompa\u00f1ar a las personas autistas en su desarrollo. Nuestras herramientas combinan experiencia cient\u00edfica y un enfoque amable para ofrecer experiencias de aprendizaje enriquecedoras y seguras.<\/p>\n                \n                <div class=\"cta-buttons\">\n                    <a href=\"https:\/\/www.dynseo.com\/es\/coco-piensa-y-coco-se-mueve-software-educativo\/\" class=\"btn-white\">Probar COCO PIENSA & COCO SE MUEVE<\/a>\n                    <a href=\"#contact\" class=\"btn-outline\">Contactar a nuestros expertos<\/a>\n                <\/div>\n            <\/div>\n\n            <div class=\"article-tags\">\n                <a href=\"#\" class=\"article-tag\">Autismo<\/a>\n                <a href=\"#\" class=\"article-tag\">Tabletas electr\u00f3nicas<\/a>\n                <a href=\"#\" class=\"article-tag\">Comunicaci\u00f3n alternativa<\/a>\n                <a href=\"#\" class=\"article-tag\">Aplicaciones educativas<\/a>\n                <a href=\"#\" class=\"article-tag\">Estimulaci\u00f3n cognitiva<\/a>\n                <a href=\"#\" class=\"article-tag\">Autonom\u00eda<\/a>\n                <a href=\"#\" class=\"article-tag\">Trastornos del espectro autista<\/a>\n                <a href=\"#\" class=\"article-tag\">Tecnolog\u00edas adaptadas<\/a>\n            <\/div>\n        <\/div>\n    <\/div>[\/et_pb_code][\/et_pb_column][\/et_pb_row][\/et_pb_section]<\/p>\n","_et_gb_content_width":"","footnotes":""},"categories":[2872],"tags":[],"class_list":["post-476744","post","type-post","status-publish","format-standard","has-post-thumbnail","hentry","category-tout-sur-lautisme"],"yoast_head":"<!-- This site is optimized with the Yoast SEO plugin v27.4 - https:\/\/yoast.com\/product\/yoast-seo-wordpress\/ -->\n<title>El uso de la tableta electr\u00f3nica para personas autistas - DYNSEO - Aplicaci\u00f3n educativa y juegos de memoria<\/title>\n<meta name=\"robots\" content=\"index, follow, max-snippet:-1, max-image-preview:large, max-video-preview:-1\" \/>\n<link rel=\"canonical\" href=\"https:\/\/www.dynseo.com\/es\/el-uso-de-la-tableta-electronica-para-personas-autistas\/\" \/>\n<meta property=\"og:locale\" content=\"es_ES\" \/>\n<meta property=\"og:type\" content=\"article\" \/>\n<meta property=\"og:title\" content=\"El uso de la tableta electr\u00f3nica para personas autistas - DYNSEO - Aplicaci\u00f3n educativa y juegos de memoria\" \/>\n<meta property=\"og:url\" content=\"https:\/\/www.dynseo.com\/es\/el-uso-de-la-tableta-electronica-para-personas-autistas\/\" \/>\n<meta property=\"og:site_name\" content=\"DYNSEO - Aplicaci\u00f3n educativa y juegos de memoria\" \/>\n<meta property=\"article:published_time\" content=\"2026-01-07T16:05:29+00:00\" \/>\n<meta property=\"article:modified_time\" content=\"2026-04-15T10:00:04+00:00\" \/>\n<meta property=\"og:image\" content=\"https:\/\/www.dynseo.com\/wp-content\/uploads\/2024\/03\/intro-autisme.webp\" \/>\n\t<meta property=\"og:image:width\" content=\"1000\" \/>\n\t<meta property=\"og:image:height\" content=\"666\" \/>\n\t<meta property=\"og:image:type\" content=\"image\/webp\" \/>\n<meta name=\"author\" content=\"DYNSEO\" \/>\n<meta name=\"twitter:label1\" content=\"Escrito por\" \/>\n\t<meta name=\"twitter:data1\" content=\"DYNSEO\" \/>\n\t<meta name=\"twitter:label2\" content=\"Tiempo de lectura\" \/>\n\t<meta name=\"twitter:data2\" content=\"16 minutos\" \/>\n<script type=\"application\/ld+json\" class=\"yoast-schema-graph\">{\"@context\":\"https:\\\/\\\/schema.org\",\"@graph\":[{\"@type\":\"Article\",\"@id\":\"https:\\\/\\\/www.dynseo.com\\\/es\\\/el-uso-de-la-tableta-electronica-para-personas-autistas\\\/#article\",\"isPartOf\":{\"@id\":\"https:\\\/\\\/www.dynseo.com\\\/es\\\/el-uso-de-la-tableta-electronica-para-personas-autistas\\\/\"},\"author\":{\"name\":\"DYNSEO\",\"@id\":\"https:\\\/\\\/www.dynseo.com\\\/es\\\/#\\\/schema\\\/person\\\/78ef63df2ee64e0989bc68f8401b38d6\"},\"headline\":\"El uso de la tableta electr\u00f3nica para personas autistas\",\"datePublished\":\"2026-01-07T16:05:29+00:00\",\"dateModified\":\"2026-04-15T10:00:04+00:00\",\"mainEntityOfPage\":{\"@id\":\"https:\\\/\\\/www.dynseo.com\\\/es\\\/el-uso-de-la-tableta-electronica-para-personas-autistas\\\/\"},\"wordCount\":3310,\"publisher\":{\"@id\":\"https:\\\/\\\/www.dynseo.com\\\/es\\\/#organization\"},\"image\":{\"@id\":\"https:\\\/\\\/www.dynseo.com\\\/es\\\/el-uso-de-la-tableta-electronica-para-personas-autistas\\\/#primaryimage\"},\"thumbnailUrl\":\"https:\\\/\\\/www.dynseo.com\\\/wp-content\\\/uploads\\\/2024\\\/03\\\/intro-autisme.webp\",\"articleSection\":[\"Tout sur l'Autisme\"],\"inLanguage\":\"es\"},{\"@type\":\"WebPage\",\"@id\":\"https:\\\/\\\/www.dynseo.com\\\/es\\\/el-uso-de-la-tableta-electronica-para-personas-autistas\\\/\",\"url\":\"https:\\\/\\\/www.dynseo.com\\\/es\\\/el-uso-de-la-tableta-electronica-para-personas-autistas\\\/\",\"name\":\"El uso de la tableta electr\u00f3nica para personas autistas - DYNSEO - Aplicaci\u00f3n educativa y juegos de memoria\",\"isPartOf\":{\"@id\":\"https:\\\/\\\/www.dynseo.com\\\/es\\\/#website\"},\"primaryImageOfPage\":{\"@id\":\"https:\\\/\\\/www.dynseo.com\\\/es\\\/el-uso-de-la-tableta-electronica-para-personas-autistas\\\/#primaryimage\"},\"image\":{\"@id\":\"https:\\\/\\\/www.dynseo.com\\\/es\\\/el-uso-de-la-tableta-electronica-para-personas-autistas\\\/#primaryimage\"},\"thumbnailUrl\":\"https:\\\/\\\/www.dynseo.com\\\/wp-content\\\/uploads\\\/2024\\\/03\\\/intro-autisme.webp\",\"datePublished\":\"2026-01-07T16:05:29+00:00\",\"dateModified\":\"2026-04-15T10:00:04+00:00\",\"breadcrumb\":{\"@id\":\"https:\\\/\\\/www.dynseo.com\\\/es\\\/el-uso-de-la-tableta-electronica-para-personas-autistas\\\/#breadcrumb\"},\"inLanguage\":\"es\",\"potentialAction\":[{\"@type\":\"ReadAction\",\"target\":[\"https:\\\/\\\/www.dynseo.com\\\/es\\\/el-uso-de-la-tableta-electronica-para-personas-autistas\\\/\"]}]},{\"@type\":\"ImageObject\",\"inLanguage\":\"es\",\"@id\":\"https:\\\/\\\/www.dynseo.com\\\/es\\\/el-uso-de-la-tableta-electronica-para-personas-autistas\\\/#primaryimage\",\"url\":\"https:\\\/\\\/www.dynseo.com\\\/wp-content\\\/uploads\\\/2024\\\/03\\\/intro-autisme.webp\",\"contentUrl\":\"https:\\\/\\\/www.dynseo.com\\\/wp-content\\\/uploads\\\/2024\\\/03\\\/intro-autisme.webp\",\"width\":1000,\"height\":666,\"caption\":\"Entrenamiento cognitivo sencillo y ameno\"},{\"@type\":\"BreadcrumbList\",\"@id\":\"https:\\\/\\\/www.dynseo.com\\\/es\\\/el-uso-de-la-tableta-electronica-para-personas-autistas\\\/#breadcrumb\",\"itemListElement\":[{\"@type\":\"ListItem\",\"position\":1,\"name\":\"Accueil\",\"item\":\"https:\\\/\\\/www.dynseo.com\\\/es\\\/\"},{\"@type\":\"ListItem\",\"position\":2,\"name\":\"El uso de la tableta electr\u00f3nica para personas autistas\"}]},{\"@type\":\"WebSite\",\"@id\":\"https:\\\/\\\/www.dynseo.com\\\/es\\\/#website\",\"url\":\"https:\\\/\\\/www.dynseo.com\\\/es\\\/\",\"name\":\"Jeux de m\u00e9moire et stimulation cognitive\",\"description\":\"Entra\u00eenez votre m\u00e9moire et votre cerveau avec DYNSEO\",\"publisher\":{\"@id\":\"https:\\\/\\\/www.dynseo.com\\\/es\\\/#organization\"},\"potentialAction\":[{\"@type\":\"SearchAction\",\"target\":{\"@type\":\"EntryPoint\",\"urlTemplate\":\"https:\\\/\\\/www.dynseo.com\\\/es\\\/?s={search_term_string}\"},\"query-input\":{\"@type\":\"PropertyValueSpecification\",\"valueRequired\":true,\"valueName\":\"search_term_string\"}}],\"inLanguage\":\"es\"},{\"@type\":\"Organization\",\"@id\":\"https:\\\/\\\/www.dynseo.com\\\/es\\\/#organization\",\"name\":\"DYNSEO\",\"url\":\"https:\\\/\\\/www.dynseo.com\\\/es\\\/\",\"logo\":{\"@type\":\"ImageObject\",\"inLanguage\":\"es\",\"@id\":\"https:\\\/\\\/www.dynseo.com\\\/es\\\/#\\\/schema\\\/logo\\\/image\\\/\",\"url\":\"https:\\\/\\\/www.dynseo.com\\\/wp-content\\\/uploads\\\/2022\\\/05\\\/logo-dynseo-new.png\",\"contentUrl\":\"https:\\\/\\\/www.dynseo.com\\\/wp-content\\\/uploads\\\/2022\\\/05\\\/logo-dynseo-new.png\",\"width\":5073,\"height\":1397,\"caption\":\"DYNSEO\"},\"image\":{\"@id\":\"https:\\\/\\\/www.dynseo.com\\\/es\\\/#\\\/schema\\\/logo\\\/image\\\/\"}},{\"@type\":\"Person\",\"@id\":\"https:\\\/\\\/www.dynseo.com\\\/es\\\/#\\\/schema\\\/person\\\/78ef63df2ee64e0989bc68f8401b38d6\",\"name\":\"DYNSEO\",\"url\":\"https:\\\/\\\/www.dynseo.com\\\/es\\\/author\\\/justine\\\/\"}]}<\/script>\n<!-- \/ Yoast SEO plugin. -->","yoast_head_json":{"title":"El uso de la tableta electr\u00f3nica para personas autistas - DYNSEO - Aplicaci\u00f3n educativa y juegos de memoria","robots":{"index":"index","follow":"follow","max-snippet":"max-snippet:-1","max-image-preview":"max-image-preview:large","max-video-preview":"max-video-preview:-1"},"canonical":"https:\/\/www.dynseo.com\/es\/el-uso-de-la-tableta-electronica-para-personas-autistas\/","og_locale":"es_ES","og_type":"article","og_title":"El uso de la tableta electr\u00f3nica para personas autistas - DYNSEO - Aplicaci\u00f3n educativa y juegos de memoria","og_url":"https:\/\/www.dynseo.com\/es\/el-uso-de-la-tableta-electronica-para-personas-autistas\/","og_site_name":"DYNSEO - Aplicaci\u00f3n educativa y juegos de memoria","article_published_time":"2026-01-07T16:05:29+00:00","article_modified_time":"2026-04-15T10:00:04+00:00","og_image":[{"width":1000,"height":666,"url":"https:\/\/www.dynseo.com\/wp-content\/uploads\/2024\/03\/intro-autisme.webp","type":"image\/webp"}],"author":"DYNSEO","twitter_misc":{"Escrito por":"DYNSEO","Tiempo de lectura":"16 minutos"},"schema":{"@context":"https:\/\/schema.org","@graph":[{"@type":"Article","@id":"https:\/\/www.dynseo.com\/es\/el-uso-de-la-tableta-electronica-para-personas-autistas\/#article","isPartOf":{"@id":"https:\/\/www.dynseo.com\/es\/el-uso-de-la-tableta-electronica-para-personas-autistas\/"},"author":{"name":"DYNSEO","@id":"https:\/\/www.dynseo.com\/es\/#\/schema\/person\/78ef63df2ee64e0989bc68f8401b38d6"},"headline":"El uso de la tableta electr\u00f3nica para personas autistas","datePublished":"2026-01-07T16:05:29+00:00","dateModified":"2026-04-15T10:00:04+00:00","mainEntityOfPage":{"@id":"https:\/\/www.dynseo.com\/es\/el-uso-de-la-tableta-electronica-para-personas-autistas\/"},"wordCount":3310,"publisher":{"@id":"https:\/\/www.dynseo.com\/es\/#organization"},"image":{"@id":"https:\/\/www.dynseo.com\/es\/el-uso-de-la-tableta-electronica-para-personas-autistas\/#primaryimage"},"thumbnailUrl":"https:\/\/www.dynseo.com\/wp-content\/uploads\/2024\/03\/intro-autisme.webp","articleSection":["Tout sur l'Autisme"],"inLanguage":"es"},{"@type":"WebPage","@id":"https:\/\/www.dynseo.com\/es\/el-uso-de-la-tableta-electronica-para-personas-autistas\/","url":"https:\/\/www.dynseo.com\/es\/el-uso-de-la-tableta-electronica-para-personas-autistas\/","name":"El uso de la tableta electr\u00f3nica para personas autistas - DYNSEO - Aplicaci\u00f3n educativa y juegos de memoria","isPartOf":{"@id":"https:\/\/www.dynseo.com\/es\/#website"},"primaryImageOfPage":{"@id":"https:\/\/www.dynseo.com\/es\/el-uso-de-la-tableta-electronica-para-personas-autistas\/#primaryimage"},"image":{"@id":"https:\/\/www.dynseo.com\/es\/el-uso-de-la-tableta-electronica-para-personas-autistas\/#primaryimage"},"thumbnailUrl":"https:\/\/www.dynseo.com\/wp-content\/uploads\/2024\/03\/intro-autisme.webp","datePublished":"2026-01-07T16:05:29+00:00","dateModified":"2026-04-15T10:00:04+00:00","breadcrumb":{"@id":"https:\/\/www.dynseo.com\/es\/el-uso-de-la-tableta-electronica-para-personas-autistas\/#breadcrumb"},"inLanguage":"es","potentialAction":[{"@type":"ReadAction","target":["https:\/\/www.dynseo.com\/es\/el-uso-de-la-tableta-electronica-para-personas-autistas\/"]}]},{"@type":"ImageObject","inLanguage":"es","@id":"https:\/\/www.dynseo.com\/es\/el-uso-de-la-tableta-electronica-para-personas-autistas\/#primaryimage","url":"https:\/\/www.dynseo.com\/wp-content\/uploads\/2024\/03\/intro-autisme.webp","contentUrl":"https:\/\/www.dynseo.com\/wp-content\/uploads\/2024\/03\/intro-autisme.webp","width":1000,"height":666,"caption":"Entrenamiento cognitivo sencillo y ameno"},{"@type":"BreadcrumbList","@id":"https:\/\/www.dynseo.com\/es\/el-uso-de-la-tableta-electronica-para-personas-autistas\/#breadcrumb","itemListElement":[{"@type":"ListItem","position":1,"name":"Accueil","item":"https:\/\/www.dynseo.com\/es\/"},{"@type":"ListItem","position":2,"name":"El uso de la tableta electr\u00f3nica para personas autistas"}]},{"@type":"WebSite","@id":"https:\/\/www.dynseo.com\/es\/#website","url":"https:\/\/www.dynseo.com\/es\/","name":"Jeux de m\u00e9moire et stimulation cognitive","description":"Entra\u00eenez votre m\u00e9moire et votre cerveau avec DYNSEO","publisher":{"@id":"https:\/\/www.dynseo.com\/es\/#organization"},"potentialAction":[{"@type":"SearchAction","target":{"@type":"EntryPoint","urlTemplate":"https:\/\/www.dynseo.com\/es\/?s={search_term_string}"},"query-input":{"@type":"PropertyValueSpecification","valueRequired":true,"valueName":"search_term_string"}}],"inLanguage":"es"},{"@type":"Organization","@id":"https:\/\/www.dynseo.com\/es\/#organization","name":"DYNSEO","url":"https:\/\/www.dynseo.com\/es\/","logo":{"@type":"ImageObject","inLanguage":"es","@id":"https:\/\/www.dynseo.com\/es\/#\/schema\/logo\/image\/","url":"https:\/\/www.dynseo.com\/wp-content\/uploads\/2022\/05\/logo-dynseo-new.png","contentUrl":"https:\/\/www.dynseo.com\/wp-content\/uploads\/2022\/05\/logo-dynseo-new.png","width":5073,"height":1397,"caption":"DYNSEO"},"image":{"@id":"https:\/\/www.dynseo.com\/es\/#\/schema\/logo\/image\/"}},{"@type":"Person","@id":"https:\/\/www.dynseo.com\/es\/#\/schema\/person\/78ef63df2ee64e0989bc68f8401b38d6","name":"DYNSEO","url":"https:\/\/www.dynseo.com\/es\/author\/justine\/"}]}},"_links":{"self":[{"href":"https:\/\/www.dynseo.com\/es\/wp-json\/wp\/v2\/posts\/476744","targetHints":{"allow":["GET"]}}],"collection":[{"href":"https:\/\/www.dynseo.com\/es\/wp-json\/wp\/v2\/posts"}],"about":[{"href":"https:\/\/www.dynseo.com\/es\/wp-json\/wp\/v2\/types\/post"}],"author":[{"embeddable":true,"href":"https:\/\/www.dynseo.com\/es\/wp-json\/wp\/v2\/users\/4"}],"replies":[{"embeddable":true,"href":"https:\/\/www.dynseo.com\/es\/wp-json\/wp\/v2\/comments?post=476744"}],"version-history":[{"count":15,"href":"https:\/\/www.dynseo.com\/es\/wp-json\/wp\/v2\/posts\/476744\/revisions"}],"predecessor-version":[{"id":544954,"href":"https:\/\/www.dynseo.com\/es\/wp-json\/wp\/v2\/posts\/476744\/revisions\/544954"}],"wp:featuredmedia":[{"embeddable":true,"href":"https:\/\/www.dynseo.com\/es\/wp-json\/wp\/v2\/media\/366725"}],"wp:attachment":[{"href":"https:\/\/www.dynseo.com\/es\/wp-json\/wp\/v2\/media?parent=476744"}],"wp:term":[{"taxonomy":"category","embeddable":true,"href":"https:\/\/www.dynseo.com\/es\/wp-json\/wp\/v2\/categories?post=476744"},{"taxonomy":"post_tag","embeddable":true,"href":"https:\/\/www.dynseo.com\/es\/wp-json\/wp\/v2\/tags?post=476744"}],"curies":[{"name":"wp","href":"https:\/\/api.w.org\/{rel}","templated":true}]}}