{"id":476813,"date":"2026-01-07T17:45:54","date_gmt":"2026-01-07T16:45:54","guid":{"rendered":"https:\/\/www.dynseo.com\/los-trastornos-de-la-memoria-en-logopedia\/"},"modified":"2026-04-25T21:30:13","modified_gmt":"2026-04-25T19:30:13","slug":"los-trastornos-de-la-memoria-frecuentemente-encontrados-en-la-ortofonia-guia-de-manejo","status":"publish","type":"post","link":"https:\/\/www.dynseo.com\/es\/los-trastornos-de-la-memoria-frecuentemente-encontrados-en-la-ortofonia-guia-de-manejo\/","title":{"rendered":"Los trastornos de la memoria frecuentemente encontrados en la ortofon\u00eda: gu\u00eda de manejo"},"content":{"rendered":"<p>[et_pb_section fb_built=\u00bb1&#8243; _builder_version=\u00bb4.16&#8243; custom_padding=\u00bb0px|0px|0px|0px|false|false\u00bb margin_top=\u00bb0px\u00bb margin_bottom=\u00bb0px\u00bb global_colors_info=\u00bb{}\u00bb][et_pb_row _builder_version=\u00bb4.16&#8243; custom_padding=\u00bb0px|0px|0px|0px|false|false\u00bb margin_top=\u00bb0px\u00bb margin_bottom=\u00bb0px\u00bb column_structure=\u00bb4_4&#8243; global_colors_info=\u00bb{}\u00bb][et_pb_column type=\u00bb4_4&#8243; _builder_version=\u00bb4.16&#8243; custom_padding=\u00bb0px|0px|0px|0px|false|false\u00bb global_colors_info=\u00bb{}\u00bb][et_pb_code _builder_version=\u00bb4.16&#8243; custom_padding=\u00bb0px|0px|0px|0px|false|false\u00bb global_colors_info=\u00bb{}\u00bb]<\/p>\n<style>\n        :root {\n            --primary: #5e5ed7;\n            --primary-dark: #5268c9;\n            --teal: #a9e2e4;\n            --yellow: #ffeca7;\n            --pink: #e73469;\n            --white: #ffffff;\n            --light-gray: #f8f9fa;\n            --dark-gray: #333333;\n            --text-gray: #666666;\n        }<\/p>\n<p>        * {\n            margin: 0;\n            padding: 0;\n            box-sizing: border-box;\n        }<\/p>\n<p>        body {\n            font-family: 'Poppins', sans-serif;\n            line-height: 1.6;\n            color: var(--dark-gray);\n            background: var(--white);\n        }<\/p>\n<p>        h1, h2, h3, h4, h5, h6 {\n            font-family: 'Montserrat', sans-serif;\n            font-weight: 600;\n            margin-bottom: 1rem;\n        }<\/p>\n<p>        .hl {\n            color: var(--primary);\n        }<\/p>\n<p>        .article-hero {\n            background: linear-gradient(135deg, var(--primary) 0%, var(--primary-dark) 100%);\n            color: var(--white);\n            padding: 2rem 0;\n            position: relative;\n            overflow: hidden;\n        }<\/p>\n<p>        .article-hero-inner {\n            max-width: 1200px;\n            margin: 0 auto;\n            padding: 0 2rem;\n            position: relative;\n            z-index: 2;\n        }<\/p>\n<p>        .article-breadcrumb {\n            margin-bottom: 1rem;\n            font-size: 0.9rem;\n            opacity: 0.9;\n        }<\/p>\n<p>        .article-breadcrumb a {\n            color: var(--white);\n            text-decoration: none;\n        }<\/p>\n<p>        .article-category {\n            display: inline-block;\n            background: var(--teal);\n            color: var(--dark-gray);\n            padding: 0.5rem 1rem;\n            border-radius: 25px;\n            font-size: 0.9rem;\n            font-weight: 500;\n            margin-bottom: 1.5rem;\n        }<\/p>\n<p>        .article-hero h1 {\n            font-size: 2.5rem;\n            font-weight: 700;\n            margin-bottom: 1.5rem;\n            line-height: 1.2;\n        }<\/p>\n<p>        .article-meta {\n            display: flex;\n            flex-wrap: wrap;\n            gap: 2rem;\n            align-items: center;\n            margin-bottom: 2rem;\n        }<\/p>\n<p>        .article-meta span {\n            display: flex;\n            align-items: center;\n            gap: 0.5rem;\n            font-size: 0.9rem;\n        }<\/p>\n<p>        .stars {\n            color: var(--yellow);\n            font-size: 1.2rem;\n        }<\/p>\n<p>        .article-hero-curve {\n            position: absolute;\n            bottom: -1px;\n            left: 0;\n            width: 100%;\n            height: 50px;\n            background: var(--white);\n            clip-path: ellipse(100% 100% at 50% 100%);\n        }<\/p>\n<p>        .container {\n            max-width: 1200px;\n            margin: 0 auto;\n            padding: 0 2rem;\n        }<\/p>\n<p>        .article-body {\n            padding: 3rem 0;\n        }<\/p>\n<p>        .intro-block {\n            background: var(--light-gray);\n            padding: 2rem;\n            border-radius: 15px;\n            margin-bottom: 3rem;\n            border-left: 5px solid var(--primary);\n        }<\/p>\n<p>        .intro-block p {\n            font-size: 1.1rem;\n            margin-bottom: 1rem;\n        }<\/p>\n<p>        .stats-grid {\n            display: grid;\n            grid-template-columns: repeat(auto-fit, minmax(250px, 1fr));\n            gap: 2rem;\n            margin: 3rem 0;\n        }<\/p>\n<p>        .stat-card {\n            background: var(--white);\n            padding: 2rem;\n            border-radius: 15px;\n            text-align: center;\n            box-shadow: 0 10px 30px rgba(0,0,0,0.1);\n            border: 2px solid transparent;\n            transition: all 0.3s ease;\n        }<\/p>\n<p>        .stat-card:hover {\n            border-color: var(--primary);\n            transform: translateY(-5px);\n        }<\/p>\n<p>        .stat-card .number {\n            font-size: 2.5rem;\n            font-weight: 700;\n            color: var(--primary);\n            display: block;\n            margin-bottom: 0.5rem;\n        }<\/p>\n<p>        .stat-card .label {\n            font-size: 1rem;\n            color: var(--text-gray);\n            font-weight: 500;\n        }<\/p>\n<p>        .conseil-card {\n            background: linear-gradient(135deg, var(--teal), #b8e6e8);\n            padding: 2rem;\n            border-radius: 15px;\n            margin: 2rem 0;\n            border-left: 5px solid var(--primary);\n        }<\/p>\n<p>        .conseil-card h3 {\n            color: var(--dark-gray);\n            margin-bottom: 1rem;\n        }<\/p>\n<p>        .key-points {\n            background: var(--white);\n            border: 2px solid var(--yellow);\n            border-radius: 15px;\n            padding: 2rem;\n            margin: 2rem 0;\n        }<\/p>\n<p>        .key-points h3 {\n            color: var(--primary);\n            margin-bottom: 1.5rem;\n            font-size: 1.3rem;\n        }<\/p>\n<p>        .key-points ul {\n            list-style: none;\n            padding: 0;\n        }<\/p>\n<p>        .key-points li {\n            padding: 0.5rem 0;\n            padding-left: 2rem;\n            position: relative;\n        }<\/p>\n<p>        .key-points li:before {\n            content: \"\u2713\";\n            position: absolute;\n            left: 0;\n            color: var(--primary);\n            font-weight: bold;\n        }<\/p>\n<p>        .tip-box {\n            background: linear-gradient(135deg, var(--yellow), #fff4c4);\n            border-radius: 15px;\n            padding: 2rem;\n            margin: 2rem 0;\n            position: relative;\n        }<\/p>\n<p>        .tip-box-label {\n            background: var(--primary);\n            color: var(--white);\n            padding: 0.5rem 1rem;\n            border-radius: 25px;\n            font-size: 0.9rem;\n            font-weight: 600;\n            display: inline-block;\n            margin-bottom: 1rem;\n        }<\/p>\n<p>        .expert-box {\n            background: var(--white);\n            border: 3px solid var(--pink);\n            border-radius: 15px;\n            padding: 0;\n            margin: 3rem 0;\n            overflow: hidden;\n        }<\/p>\n<p>        .expert-box-label {\n            background: var(--pink);\n            color: var(--white);\n            padding: 1rem 2rem;\n            margin: 0;\n            font-size: 0.9rem;\n            font-weight: 600;\n        }<\/p>\n<p>        .expert-box-title {\n            padding: 1.5rem 2rem 0;\n            margin: 0;\n            color: var(--primary);\n            font-size: 1.4rem;\n        }<\/p>\n<p>        .expert-inner {\n            padding: 0 2rem 2rem;\n        }<\/p>\n<p>        .expert-inner-title {\n            color: var(--pink);\n            font-size: 1.2rem;\n            margin: 1.5rem 0 1rem;\n        }<\/p>\n<p>        .faq-list {\n            margin: 3rem 0;\n        }<\/p>\n<p>        .faq-item {\n            border: 2px solid var(--light-gray);\n            border-radius: 10px;\n            margin-bottom: 1rem;\n            overflow: hidden;\n            transition: all 0.3s ease;\n        }<\/p>\n<p>        .faq-item.open {\n            border-color: var(--primary);\n        }<\/p>\n<p>        .faq-q {\n            padding: 1.5rem;\n            background: var(--light-gray);\n            cursor: pointer;\n            display: flex;\n            justify-content: space-between;\n            align-items: center;\n            font-weight: 600;\n            transition: all 0.3s ease;\n        }<\/p>\n<p>        .faq-item.open .faq-q {\n            background: var(--primary);\n            color: var(--white);\n        }<\/p>\n<p>        .faq-icon {\n            font-size: 1.5rem;\n            font-weight: bold;\n            transition: transform 0.3s ease;\n        }<\/p>\n<p>        .faq-item.open .faq-icon {\n            transform: rotate(45deg);\n        }<\/p>\n<p>        .faq-a {\n            padding: 0 1.5rem;\n            max-height: 0;\n            overflow: hidden;\n            transition: all 0.3s ease;\n        }<\/p>\n<p>        .faq-item.open .faq-a {\n            padding: 1.5rem;\n            max-height: 500px;\n        }<\/p>\n<p>        .cta-box {\n            background: linear-gradient(135deg, var(--primary), var(--primary-dark));\n            color: var(--white);\n            padding: 3rem;\n            border-radius: 20px;\n            text-align: center;\n            margin: 4rem 0;\n        }<\/p>\n<p>        .cta-box h3 {\n            font-size: 2rem;\n            margin-bottom: 1rem;\n        }<\/p>\n<p>        .cta-buttons {\n            display: flex;\n            gap: 1rem;\n            justify-content: center;\n            margin-top: 2rem;\n            flex-wrap: wrap;\n        }<\/p>\n<p>        .btn-white, .btn-outline {\n            padding: 1rem 2rem;\n            border-radius: 50px;\n            text-decoration: none;\n            font-weight: 600;\n            transition: all 0.3s ease;\n            display: inline-block;\n        }<\/p>\n<p>        .btn-white {\n            background: var(--white);\n            color: var(--primary);\n            border: 2px solid var(--white);\n        }<\/p>\n<p>        .btn-white:hover {\n            background: transparent;\n            color: var(--white);\n        }<\/p>\n<p>        .btn-outline {\n            background: transparent;\n            color: var(--white);\n            border: 2px solid var(--white);\n        }<\/p>\n<p>        .btn-outline:hover {\n            background: var(--white);\n            color: var(--primary);\n        }<\/p>\n<p>        .article-tags {\n            margin: 3rem 0;\n            display: flex;\n            flex-wrap: wrap;\n            gap: 1rem;\n        }<\/p>\n<p>        .article-tag {\n            background: var(--light-gray);\n            color: var(--dark-gray);\n            padding: 0.5rem 1rem;\n            border-radius: 25px;\n            text-decoration: none;\n            font-size: 0.9rem;\n            transition: all 0.3s ease;\n        }<\/p>\n<p>        .article-tag:hover {\n            background: var(--primary);\n            color: var(--white);\n        }<\/p>\n<p>        h2 {\n            font-size: 2rem;\n            color: var(--primary);\n            margin: 3rem 0 1.5rem;\n            position: relative;\n            padding-left: 1rem;\n        }<\/p>\n<p>        h2:before {\n            content: \"\";\n            position: absolute;\n            left: 0;\n            top: 0;\n            bottom: 0;\n            width: 5px;\n            background: var(--teal);\n            border-radius: 3px;\n        }<\/p>\n<p>        h3 {\n            font-size: 1.5rem;\n            color: var(--primary-dark);\n            margin: 2rem 0 1rem;\n        }<\/p>\n<p>        p {\n            margin-bottom: 1.5rem;\n            line-height: 1.7;\n        }<\/p>\n<p>        ul, ol {\n            margin: 1.5rem 0;\n            padding-left: 2rem;\n        }<\/p>\n<p>        li {\n            margin-bottom: 0.5rem;\n        }<\/p>\n<p>        @media (max-width: 768px) {\n            .article-hero h1 {\n                font-size: 2rem;\n            }<\/p>\n<p>            .article-meta {\n                gap: 1rem;\n            }<\/p>\n<p>            .stats-grid {\n                grid-template-columns: 1fr;\n                gap: 1rem;\n            }<\/p>\n<p>            .container {\n                padding: 0 1rem;\n            }<\/p>\n<p>            .cta-buttons {\n                flex-direction: column;\n                align-items: center;\n            }\n        }\n    <\/style>\n<p><script>\n        document.querySelectorAll('.faq-q').forEach(function(question) {\n            question.addEventListener('click', function() {\n                const faqItem = question.closest('.faq-item');\n                faqItem.classList.toggle('open');\n            });\n        });\n    <\/script><br \/>\n<script type=\"application\/ld+json\">\n{\n  \"@context\": \"https:\/\/schema.org\",\n  \"@graph\": [\n    {\n      \"@type\": \"Article\",\n      \"headline\": \"Les troubles de la m\u00e9moire fr\u00e9quemment rencontr\u00e9s en orthophonie : guide de prise en charge\",\n      \"description\": \"Guide complet sur les troubles de la m\u00e9moire rencontr\u00e9s en orthophonie et leur prise en charge. 25 min de lecture pour orthophonistes et patients.\",\n      \"url\": \"https:\/\/www.dynseo.com\/les-troubles-de-la-memoire-frequemment-rencontres-en-orthophonie-guide-de-prise-en-charge\/\",\n      \"datePublished\": \"2026-04-07\",\n      \"author\": {\n        \"@type\": \"Organization\",\n        \"name\": \"DYNSEO\",\n        \"url\": \"https:\/\/www.dynseo.com\"\n      },\n      \"publisher\": {\n        \"@type\": \"Organization\",\n        \"name\": \"DYNSEO\",\n        \"url\": \"https:\/\/www.dynseo.com\"\n      },\n      \"aggregateRating\": {\n        \"@type\": \"AggregateRating\",\n        \"ratingValue\": \"4.8\",\n        \"bestRating\": \"5\",\n        \"ratingCount\": \"47\"\n      },\n      \"image\": \"https:\/\/www.dynseo.com\/wp-content\/uploads\/2026\/04\/troubles-memoire-orthophonie.jpg\"\n    },\n    {\n      \"@type\": \"WebPage\",\n      \"name\": \"Les troubles de la m\u00e9moire fr\u00e9quemment rencontr\u00e9s en orthophonie : guide de prise en charge\",\n      \"url\": \"https:\/\/www.dynseo.com\/les-troubles-de-la-memoire-frequemment-rencontres-en-orthophonie-guide-de-prise-en-charge\/\",\n      \"breadcrumb\": {\n        \"@type\": \"BreadcrumbList\",\n        \"itemListElement\": [\n          {\n            \"@type\": \"ListItem\",\n            \"position\": 1,\n            \"name\": \"Accueil\",\n            \"item\": \"https:\/\/www.dynseo.com\"\n          },\n          {\n            \"@type\": \"ListItem\",\n            \"position\": 2,\n            \"name\": \"Blog\",\n            \"item\": \"https:\/\/www.dynseo.com\/blog\"\n          },\n          {\n            \"@type\": \"ListItem\",\n            \"position\": 3,\n            \"name\": \"Les troubles de la m\u00e9moire fr\u00e9quemment rencontr\u00e9s en orthophonie : guide de prise en charge\",\n            \"item\": \"https:\/\/www.dynseo.com\/les-troubles-de-la-memoire-frequemment-rencontres-en-orthophonie-guide-de-prise-en-charge\/\"\n          }\n        ]\n      }\n    },\n    {\n      \"@type\": \"FAQPage\",\n      \"mainEntity\": [\n        {\n          \"@type\": \"Question\",\n          \"name\": \"Combien de temps faut-il pour observer des am\u00e9liorations dans les troubles de la m\u00e9moire ?\",\n          \"acceptedAnswer\": {\n            \"@type\": \"Answer\",\n            \"text\": \"Les am\u00e9liorations dans les troubles de la m\u00e9moire varient selon l'individu et la s\u00e9v\u00e9rit\u00e9 du trouble. En g\u00e9n\u00e9ral, les premiers progr\u00e8s peuvent \u00eatre observ\u00e9s apr\u00e8s 4 \u00e0 8 semaines de prise en charge orthophonique r\u00e9guli\u00e8re, avec des s\u00e9ances adapt\u00e9es aux besoins sp\u00e9cifiques du patient.\"\n          }\n        },\n        {\n          \"@type\": \"Question\",\n          \"name\": \"Les applications num\u00e9riques peuvent-elles remplacer les s\u00e9ances d'orthophonie traditionnelles ?\",\n          \"acceptedAnswer\": {\n            \"@type\": \"Answer\",\n            \"text\": \"Les applications num\u00e9riques sont un compl\u00e9ment pr\u00e9cieux \u00e0 la prise en charge orthophonique, mais ne remplacent pas l'expertise et l'accompagnement personnalis\u00e9 d'un orthophoniste. Elles permettent de prolonger les exercices \u00e0 domicile et d'optimiser les r\u00e9sultats th\u00e9rapeutiques.\"\n          }\n        },\n        {\n          \"@type\": \"Question\",\n          \"name\": \"\u00c0 partir de quel \u00e2ge peut-on d\u00e9tecter des troubles de la m\u00e9moire chez l'enfant ?\",\n          \"acceptedAnswer\": {\n            \"@type\": \"Answer\",\n            \"text\": \"Les troubles de la m\u00e9moire peuvent \u00eatre d\u00e9tect\u00e9s d\u00e8s l'\u00e2ge de 3-4 ans chez l'enfant, lorsque les capacit\u00e9s mn\u00e9siques de base sont normalement d\u00e9velopp\u00e9es. Un bilan orthophonique permet d'\u00e9valuer pr\u00e9cis\u00e9ment les diff\u00e9rents types de m\u00e9moire et d'identifier d'\u00e9ventuelles difficult\u00e9s.\"\n          }\n        }\n      ]\n    }\n  ]\n}\n<\/script>\n<link href=\"https:\/\/fonts.googleapis.com\/css2?family=Montserrat:wght@400;500;600;700&#038;family=Poppins:wght@300;400;500;600&#038;display=swap\" rel=\"stylesheet\">\n<section class=\"article-hero\">\n<div class=\"article-hero-inner\">\n<nav class=\"article-breadcrumb\">\n                <a href=\"\/\">Inicio<\/a> > <a href=\"\/blog\">Blog<\/a> > <a href=\"\/orthophonie\">Logopedia<\/a> > Trastornos de la memoria<br \/>\n            <\/nav>\n<p>            <span class=\"article-category\">Logopedia y Estimulaci\u00f3n cognitiva<\/span><\/p>\n<h1>Los trastornos de la memoria que se encuentran frecuentemente en logopedia: <span class=\"hl\">gu\u00eda de atenci\u00f3n<\/span><\/h1>\n<div class=\"article-meta\">\n                <span>\ud83d\udcc5 Abril 2026<\/span><br \/>\n                <span>\u23f1\ufe0f 25 min de lectura<\/span><br \/>\n                <span>\ud83d\udc65 Logopedas y pacientes<\/span><br \/>\n                <span class=\"stars\">\u2605\u2605\u2605\u2605\u2605 4.8\/5<\/span>\n            <\/div>\n<\/p><\/div>\n<div class=\"article-hero-curve\"><\/div>\n<\/section>\n<div class=\"article-body\">\n<div class=\"container\">\n<div class=\"intro-block\">\n                <pee>Los trastornos de la memoria representan un desaf\u00edo importante en la logopedia, afectando a millones de personas en todo el mundo e impactando significativamente su calidad de vida diaria. Estas dificultades cognitivas pueden surgir a cualquier edad y requieren un enfoque especializado y personalizado para una atenci\u00f3n \u00f3ptima.<\/pee>\n                <pee>Como logopedas, estamos en primera l\u00ednea para evaluar, diagnosticar y acompa\u00f1ar a los pacientes que presentan d\u00e9ficits mnemot\u00e9cnicos variados. Nuestra experiencia nos permite proponer estrategias de rehabilitaci\u00f3n adecuadas y herramientas innovadoras para estimular las capacidades cognitivas.<\/pee>\n                <pee>Esta gu\u00eda completa explora las diferentes facetas de los trastornos de la memoria en logopedia, desde los mecanismos neurobiol\u00f3gicos hasta las t\u00e9cnicas de remediaci\u00f3n m\u00e1s avanzadas. Tambi\u00e9n abordaremos la importancia de las herramientas digitales como <a href=\"https:\/\/www.dynseo.com\/es\/coco-piensa-y-coco-se-mueve-software-educativo\/\" style=\"color: var(--primary);\">COCO PIENSA y COCO SE MUEVE<\/a> en la atenci\u00f3n moderna.<\/pee>\n                <pee>Ya sea que usted sea un profesional de la salud, paciente o familiar cuidador, esta gu\u00eda le proporcionar\u00e1 las claves para comprender y gestionar los trastornos mnemot\u00e9cnicos con eficacia y amabilidad.<\/pee>\n                <pee>Descubra c\u00f3mo transformar los desaf\u00edos de la memoria en oportunidades de mejora gracias a los \u00faltimos avances en logopedia y estimulaci\u00f3n cognitiva.<\/pee>\n            <\/div>\n<div class=\"stats-grid\">\n<div class=\"stat-card\">\n                    <span class=\"number\">40%<\/span><br \/>\n                    <span class=\"label\">de los pacientes en logopedia presentan trastornos mnemot\u00e9cnicos<\/span>\n                <\/div>\n<div class=\"stat-card\">\n                    <span class=\"number\">85%<\/span><br \/>\n                    <span class=\"label\">de mejora con una atenci\u00f3n adecuada<\/span>\n                <\/div>\n<div class=\"stat-card\">\n                    <span class=\"number\">4<\/span><br \/>\n                    <span class=\"label\">tipos principales de memoria afectados<\/span>\n                <\/div>\n<div class=\"stat-card\">\n                    <span class=\"number\">12<\/span><br \/>\n                    <span class=\"label\">semanas promedio para observar progresos<\/span>\n                <\/div>\n<\/p><\/div>\n<h2>1. Comprender los mecanismos de la memoria en logopedia<\/h2>\n<pee>La memoria constituye un sistema complejo y multifac\u00e9tico que subyace a muchas competencias ling\u00fc\u00edsticas y comunicativas. En logopedia, distinguimos varios tipos de memoria interconectados que pueden verse afectados por diversos trastornos neurol\u00f3gicos, del desarrollo o adquiridos.<\/pee>\n<pee>El proceso mnemot\u00e9cnico implica tres etapas fundamentales: la codificaci\u00f3n (adquisici\u00f3n de la informaci\u00f3n), el almacenamiento (conservaci\u00f3n) y la recuperaci\u00f3n (restituci\u00f3n). Cada una de estas fases puede verse perturbada, lo que conlleva manifestaciones cl\u00ednicas espec\u00edficas que el logopeda debe identificar y tratar con precisi\u00f3n.<\/pee>\n<pee>Los avances en neurociencias cognitivas nos permiten hoy en d\u00eda comprender mejor los sustratos neurobiol\u00f3gicos de la memoria. Esta comprensi\u00f3n profunda gu\u00eda nuestras intervenciones terap\u00e9uticas y nos ayuda a desarrollar protocolos de rehabilitaci\u00f3n m\u00e1s efectivos y espec\u00edficos.<\/pee>\n<div class=\"conseil-card\">\n<h3>\ud83d\udca1 Consejo de experto<\/h3>\n<pee>La evaluaci\u00f3n inicial de la memoria debe ser siempre multidimensional, explorando no solo los diferentes tipos de memoria sino tambi\u00e9n sus interacciones con otras funciones cognitivas como la atenci\u00f3n, las funciones ejecutivas y el lenguaje.<\/pee>\n            <\/div>\n<div class=\"key-points\">\n<h3>\ud83d\udd11 Puntos clave sobre los mecanismos mn\u00e9sicos<\/h3>\n<ul>\n<li>La memoria es un sistema din\u00e1mico en constante interacci\u00f3n<\/li>\n<li>Cada tipo de memoria posee sus propias caracter\u00edsticas neurobiol\u00f3gicas<\/li>\n<li>Los trastornos pueden afectar una o varias componentes simult\u00e1neamente<\/li>\n<li>La plasticidad cerebral permite una recuperaci\u00f3n funcional<\/li>\n<li>La edad influye en las capacidades de recuperaci\u00f3n pero no impide la mejora<\/li>\n<\/ul><\/div>\n<h2>2. Los diferentes tipos de trastornos de la memoria en pr\u00e1ctica de logopedia<\/h2>\n<pee>En logopedia, encontramos una gran variedad de trastornos mn\u00e9sicos, cada uno de los cuales requiere un enfoque terap\u00e9utico espec\u00edfico. La memoria de trabajo, a menudo llamada \u00abmemoria a corto plazo\u00bb, constituye uno de los d\u00e9ficits m\u00e1s frecuentemente observados en consulta. Esta forma de memoria permite el tratamiento inmediato de la informaci\u00f3n y la realizaci\u00f3n de operaciones mentales complejas.<\/pee>\n<pee>La memoria sem\u00e1ntica, que se refiere a la memorizaci\u00f3n de conocimientos generales, vocabulario y conceptos abstractos, tambi\u00e9n puede verse alterada. Los pacientes que presentan este tipo de d\u00e9ficit experimentan dificultades para acceder a la informaci\u00f3n almacenada a largo plazo, impactando significativamente sus capacidades de comunicaci\u00f3n y aprendizaje.<\/pee>\n<pee>La memoria epis\u00f3dica, responsable de la memorizaci\u00f3n de eventos personales y su contexto espaciotemporal, constituye otro \u00e1mbito de intervenci\u00f3n crucial. Los trastornos de esta memoria afectan la capacidad de recordar experiencias vividas y situarlas en el tiempo y el espacio.<\/pee>\n<div class=\"tip-box\">\n                <span class=\"tip-box-label\">\ud83d\udcad Consejo pr\u00e1ctico<\/span>\n                <pee>Para evaluar eficazmente los trastornos de la memoria, utilice tareas ecol\u00f3gicas que reproduzcan las situaciones de la vida cotidiana. Esto le permitir\u00e1 obtener una imagen m\u00e1s precisa de las dificultades reales del paciente.<\/pee>\n            <\/div>\n<div class=\"expert-box\">\n<div class=\"expert-box-label\">Experiencia DYNSEO<\/div>\n<h3 class=\"expert-box-title\">Clasificaci\u00f3n de los trastornos mn\u00e9sicos<\/h3>\n<div class=\"expert-inner\">\n<h4 class=\"expert-inner-title\">Memoria de trabajo<\/h4>\n<pee>Implica el tratamiento inmediato de la informaci\u00f3n, las operaciones mentales, la manipulaci\u00f3n de datos y la b\u00fasqueda de soluciones. Los d\u00e9ficits se manifiestan por dificultades de concentraci\u00f3n y de seguimiento de instrucciones complejas.<\/pee>\n<h4 class=\"expert-inner-title\">Memoria sem\u00e1ntica<\/h4>\n<pee>Concierne a la memorizaci\u00f3n de los conocimientos generales, del vocabulario, la creaci\u00f3n de conceptos abstractos y la interpretaci\u00f3n de gestos y s\u00edmbolos. Los trastornos afectan el acceso al sentido de las palabras y a los conocimientos culturales.<\/pee>\n<h4 class=\"expert-inner-title\">Memoria autobiogr\u00e1fica<\/h4>\n<pee>Engloba los conocimientos personales, la creaci\u00f3n de contextos ambientales, las representaciones mentales y la memorizaci\u00f3n de detalles sensoriales. Los d\u00e9ficits impactan la identidad personal y la continuidad del yo.<\/pee>\n                <\/div>\n<\/p><\/div>\n<h2>3. Evaluaci\u00f3n diagn\u00f3stica y herramientas de medida<\/h2>\n<pee>La evaluaci\u00f3n diagn\u00f3stica de los trastornos de la memoria constituye una etapa fundamental que determina la calidad y la eficacia de la atenci\u00f3n posterior. Esta evaluaci\u00f3n debe ser sistem\u00e1tica, estandarizada y adaptada al perfil espec\u00edfico de cada paciente. Utilizamos una bater\u00eda de herramientas validadas cient\u00edficamente para explorar las diferentes componentes mn\u00e9sicas.<\/pee>\n<pee>La anamnesis detallada permite recoger informaci\u00f3n crucial sobre la historia del paciente, la evoluci\u00f3n de los trastornos, los factores desencadenantes potenciales y el impacto funcional en la vida cotidiana. Este enfoque cl\u00ednico se complementa con pruebas neuropsicol\u00f3gicas espec\u00edficas que cuantifican los d\u00e9ficits y permiten un seguimiento objetivo de los progresos.<\/pee>\n<pee>Las nuevas tecnolog\u00edas ofrecen hoy en d\u00eda posibilidades de evaluaci\u00f3n innovadoras y precisas. Las aplicaciones como <a href=\"https:\/\/www.dynseo.com\/es\/coco-piensa-y-coco-se-mueve-software-educativo\/\" style=\"color: var(--primary);\">COCO PIENSA y COCO SE MUEVE<\/a> integran m\u00f3dulos de evaluaci\u00f3n l\u00fadicos que permiten una medida precisa de las capacidades cognitivas mientras mantienen el compromiso del paciente.<\/pee>\n<div class=\"conseil-card\">\n<h3>\ud83d\udccb Protocolo de evaluaci\u00f3n recomendado<\/h3>\n<pee>Comience siempre por una evaluaci\u00f3n global antes de concentrarse en los \u00e1mbitos espec\u00edficos. Este enfoque en embudo permite identificar las prioridades terap\u00e9uticas y optimizar el tiempo de rehabilitaci\u00f3n.<\/pee>\n            <\/div>\n<div class=\"key-points\">\n<h3>\ud83c\udfaf Herramientas de evaluaci\u00f3n esenciales<\/h3>\n<ul>\n<li>Pruebas de memoria de trabajo (capacidad de d\u00edgitos, tarea de actualizaci\u00f3n)<\/li>\n<li>Evaluaci\u00f3n de la memoria epis\u00f3dica (recuerdo libre y con indicios)<\/li>\n<li>Pruebas de memoria sem\u00e1ntica (fluencia verbal, denominaci\u00f3n)<\/li>\n<li>Medici\u00f3n de la memoria prospectiva (tareas de recuerdo diferido)<\/li>\n<li>Cuestionarios de quejas subjetivas y de impacto funcional<\/li>\n<\/ul><\/div>\n<h2>4. Enfoques de rehabilitaci\u00f3n cognitiva y t\u00e9cnicas innovadoras<\/h2>\n<pee>La rehabilitaci\u00f3n cognitiva moderna se basa en los principios de la neuroplasticidad cerebral para restaurar y optimizar las funciones mn\u00e9sicas alteradas. Los enfoques terap\u00e9uticos actuales combinan t\u00e9cnicas tradicionales probadas con innovaciones tecnol\u00f3gicas que multiplican la eficacia de las intervenciones.<\/pee>\n<pee>La remediaci\u00f3n cognitiva constituye el enfoque de referencia en logopedia. Este m\u00e9todo busca fortalecer las funciones cognitivas deficientes mediante un entrenamiento intensivo y progresivo. Los ejercicios son personalizados seg\u00fan el perfil cognitivo del paciente y ajustados en tiempo real en funci\u00f3n de los progresos observados.<\/pee>\n<pee>Las t\u00e9cnicas de compensaci\u00f3n cognitiva ense\u00f1an a los pacientes estrategias alternativas para sortear sus dificultades mn\u00e9sicas. Estos enfoques incluyen el uso de medios mnemot\u00e9cnicos, la organizaci\u00f3n met\u00f3dica de la informaci\u00f3n y la explotaci\u00f3n de ayudas externas para apoyar las capacidades deficientes.<\/pee>\n<div class=\"tip-box\">\n                <span class=\"tip-box-label\">\u26a1 T\u00e9cnica avanzada<\/span>\n                <pee>La repetici\u00f3n espaciada, t\u00e9cnica basada en las curvas de olvido de Ebbinghaus, permite optimizar la consolidaci\u00f3n mn\u00e9sica. Programa las revisiones a intervalos crecientes para maximizar la retenci\u00f3n a largo plazo.<\/pee>\n            <\/div>\n<div class=\"expert-box\">\n<div class=\"expert-box-label\">Innovaci\u00f3n DYNSEO<\/div>\n<h3 class=\"expert-box-title\">Rehabilitaci\u00f3n digital personalizada<\/h3>\n<div class=\"expert-inner\">\n                    <pee>Nuestras aplicaciones <a href=\"https:\/\/www.dynseo.com\/es\/coco-piensa-y-coco-se-mueve-software-educativo\/\" style=\"color: var(--primary);\">COCO PIENSA y COCO SE MUEVE<\/a> revolucionan la atenci\u00f3n de los trastornos mn\u00e9sicos al proponer m\u00e1s de 30 juegos cognitivos especialmente dise\u00f1ados para estimular los diferentes tipos de memoria.<\/pee>\n<h4 class=\"expert-inner-title\">Ventajas del enfoque digital<\/h4>\n<pee>Las herramientas digitales permiten un ajuste autom\u00e1tico de la dificultad, un seguimiento preciso del rendimiento y una motivaci\u00f3n reforzada gracias a la gamificaci\u00f3n. Este enfoque moderno complementa perfectamente las t\u00e9cnicas tradicionales de rehabilitaci\u00f3n.<\/pee>\n                <\/div>\n<\/p><\/div>\n<h2>5. Estrategias de compensaci\u00f3n y adaptaciones<\/h2>\n<pee>M\u00e1s all\u00e1 de la rehabilitaci\u00f3n directa de las funciones mn\u00e9sicas, la ense\u00f1anza de estrategias de compensaci\u00f3n constituye un pilar esencial de la atenci\u00f3n logop\u00e9dica. Estas t\u00e9cnicas permiten a los pacientes sortear sus dificultades y mantener su autonom\u00eda en las actividades de la vida diaria.<\/pee>\n<pee>La organizaci\u00f3n met\u00f3dica del entorno representa una estrategia fundamental. Al estructurar el espacio vital y crear rutinas predecibles, reducimos la carga cognitiva y facilitamos el acceso a la informaci\u00f3n importante. Este enfoque ecol\u00f3gico se adapta a las necesidades espec\u00edficas de cada paciente.<\/pee>\n<pee>Las ayudas mnemot\u00e9cnicas externas, incluyendo calendarios, alarmas, aplicaciones de recordatorio y sistemas de organizaci\u00f3n, constituyen herramientas valiosas para apoyar la memoria prospectiva. El aprendizaje de su uso \u00f3ptimo requiere un acompa\u00f1amiento especializado para garantizar su integraci\u00f3n exitosa en la vida cotidiana.<\/pee>\n<div class=\"conseil-card\">\n<h3>\ud83c\udfaf Estrategias de compensaci\u00f3n efectivas<\/h3>\n<pee>Prioriza siempre estrategias simples y f\u00e1cilmente integrables en los h\u00e1bitos existentes. La complejidad excesiva de las adaptaciones puede crear una carga cognitiva adicional contraproducente.<\/pee>\n            <\/div>\n<div class=\"key-points\">\n<h3>\ud83d\udd27 Am\u00e9nagements recommand\u00e9s<\/h3>\n<ul>\n<li>Utilizaci\u00f3n de c\u00f3digos de color para organizar la informaci\u00f3n<\/li>\n<li>Creaci\u00f3n de listas de verificaci\u00f3n para las tareas rutinarias<\/li>\n<li>Instalaci\u00f3n de alarmas sonoras y visuales para los recordatorios<\/li>\n<li>Establecimiento de rituales de verificaci\u00f3n sistem\u00e1tica<\/li>\n<li>Desarrollo de frases clave para retener la informaci\u00f3n importante<\/li>\n<\/ul><\/div>\n<h2>6. El papel crucial del entorno y del acompa\u00f1amiento familiar<\/h2>\n<pee>La implicaci\u00f3n del entorno constituye un factor determinante en el \u00e9xito de la atenci\u00f3n de los trastornos mn\u00e9sicos. La familia, los cercanos y los cuidadores juegan un papel esencial como socios terap\u00e9uticos, facilitando la generalizaci\u00f3n de los logros m\u00e1s all\u00e1 del marco cl\u00ednico.<\/pee>\n<pee>La educaci\u00f3n terap\u00e9utica del entorno busca desarrollar su comprensi\u00f3n de los trastornos mn\u00e9sicos y de sus manifestaciones. Esta formaci\u00f3n permite adaptar las interacciones diarias, reducir las fuentes de estr\u00e9s y crear un entorno \u00f3ptimo para la recuperaci\u00f3n funcional.<\/pee>\n<pee>La comunicaci\u00f3n adecuada con una persona que presenta trastornos mn\u00e9sicos requiere ajustes espec\u00edficos: simplificaci\u00f3n de las instrucciones, repetici\u00f3n amable, utilizaci\u00f3n de soportes visuales y mantenimiento de una actitud alentadora. Estas habilidades se adquieren a trav\u00e9s de un acompa\u00f1amiento profesional estructurado.<\/pee>\n<div class=\"expert-box\">\n<div class=\"expert-box-label\">Orientaci\u00f3n familiar DYNSEO<\/div>\n<h3 class=\"expert-box-title\">Acompa\u00f1amiento de los cercanos<\/h3>\n<div class=\"expert-inner\">\n                    <pee>Nuestros programas incluyen m\u00f3dulos especialmente dise\u00f1ados para formar a los cuidadores. Aprenden a utilizar eficazmente las herramientas digitales mientras desarrollan habilidades de acompa\u00f1amiento amable.<\/pee>\n<h4 class=\"expert-inner-title\">Beneficios para la familia<\/h4>\n<pee>La implicaci\u00f3n activa del entorno multiplica por tres la eficacia de las intervenciones terap\u00e9uticas y mejora significativamente la calidad de vida de todos los miembros de la familia.<\/pee>\n                <\/div>\n<\/p><\/div>\n<h2>7. Tecnolog\u00edas digitales y aplicaciones terap\u00e9uticas<\/h2>\n<pee>La era digital revoluciona la atenci\u00f3n de los trastornos mn\u00e9sicos al ofrecer herramientas innovadoras, accesibles y personalizables. Las aplicaciones terap\u00e9uticas ofrecen posibilidades de entrenamiento intensivo y l\u00fadico que complementan perfectamente las sesiones de logopedia tradicionales.<\/pee>\n<pee>Las plataformas de estimulaci\u00f3n cognitiva como DYNSEO integran los \u00faltimos descubrimientos en neurociencias para ofrecer ejercicios cient\u00edficamente validados. Estas herramientas permiten un entrenamiento diario en casa, esencial para mantener y amplificar los beneficios terap\u00e9uticos obtenidos en sesi\u00f3n.<\/pee>\n<pee>La inteligencia artificial y los algoritmos adaptativos personalizan autom\u00e1ticamente los ejercicios en funci\u00f3n de las performances individuales. Esta tecnolog\u00eda asegura un nivel de desaf\u00edo \u00f3ptimo, mantiene la motivaci\u00f3n y previene la frustraci\u00f3n relacionada con tareas demasiado dif\u00edciles o demasiado f\u00e1ciles.<\/pee>\n<div class=\"tip-box\">\n                <span class=\"tip-box-label\">\ud83d\udcf1 Innovaci\u00f3n tecnol\u00f3gica<\/span>\n                <pee>Las aplicaciones de realidad virtual emergen como una nueva frontera para la rehabilitaci\u00f3n mn\u00e9sica. Permiten crear entornos de entrenamiento inmersivos y ecol\u00f3gicos particularmente efectivos para la memoria espacial y epis\u00f3dica.<\/pee>\n            <\/div>\n<div class=\"conseil-card\">\n<h3>\ud83d\udcbb Integraci\u00f3n \u00f3ptima de las herramientas digitales<\/h3>\n<pee>Combina siempre los ejercicios digitales con actividades concretas y situaciones reales. Este enfoque mixto maximiza la transferencia de las habilidades adquiridas hacia las situaciones de la vida cotidiana.<\/pee>\n            <\/div>\n<h2>8. Prevenci\u00f3n y factores protectores de la memoria<\/h2>\n<pee>La prevenci\u00f3n de los trastornos mn\u00e9sicos constituye un desaf\u00edo importante de salud p\u00fablica que concierne a toda la poblaci\u00f3n. Las investigaciones actuales identifican numerosos factores modificables que influyen positivamente en el envejecimiento cognitivo y reducen el riesgo de desarrollar patolog\u00edas neurodegenerativas.<\/pee>\n<pee>La actividad f\u00edsica regular emerge como uno de los factores protectores m\u00e1s poderosos para la memoria. Favorece la neurog\u00e9nesis, mejora la vascularizaci\u00f3n cerebral y estimula la producci\u00f3n de factores neurotr\u00f3ficos esenciales para el mantenimiento de las capacidades cognitivas. Un programa de ejercicios adecuado constituye, por lo tanto, un complemento indispensable a cualquier tratamiento logop\u00e9dico.<\/pee>\n<pee>La estimulaci\u00f3n cognitiva continua a trav\u00e9s de actividades intelectuales variadas mantiene la plasticidad cerebral y constituye una verdadera reserva cognitiva. La lectura, los juegos de mesa, el aprendizaje de nuevas habilidades y el uso de aplicaciones como COCO PIENSA participan en esta estimulaci\u00f3n beneficiosa.<\/pee>\n<div class=\"key-points\">\n<h3>\ud83d\udee1\ufe0f Factores protectores validados<\/h3>\n<ul>\n<li>Ejercicio f\u00edsico regular (150 minutos\/semana m\u00ednimo)<\/li>\n<li>Dieta mediterr\u00e1nea rica en omega-3<\/li>\n<li>Sue\u00f1o de calidad (7-9 horas por noche)<\/li>\n<li>Gesti\u00f3n del estr\u00e9s mediante la meditaci\u00f3n o la relajaci\u00f3n<\/li>\n<li>Mantenimiento de los lazos sociales y actividades de grupo<\/li>\n<li>Control de los factores de riesgo cardiovascular<\/li>\n<\/ul><\/div>\n<h2>9. Seguimiento longitudinal y evaluaci\u00f3n de los progresos<\/h2>\n<pee>El seguimiento longitudinal de los pacientes con trastornos mn\u00e9sicos requiere un enfoque met\u00f3dico y herramientas de medici\u00f3n sensibles a los cambios. Esta vigilancia continua permite ajustar las intervenciones terap\u00e9uticas y mantener la motivaci\u00f3n del paciente al objetivar sus progresos.<\/pee>\n<pee>Los indicadores de progreso incluyen medidas cuantitativas (puntuaciones en pruebas estandarizadas) y cualitativas (mejora funcional en la vida diaria). Este enfoque multidimensional ofrece una visi\u00f3n completa de la evoluci\u00f3n del paciente y gu\u00eda las decisiones terap\u00e9uticas.<\/pee>\n<pee>La documentaci\u00f3n sistem\u00e1tica de las sesiones y el uso de herramientas de seguimiento digitales facilitan la comunicaci\u00f3n entre profesionales y permiten una atenci\u00f3n coordinada. Las plataformas como DYNSEO ofrecen paneles de control detallados que visualizan los progresos e identifican las \u00e1reas que requieren atenci\u00f3n especial.<\/pee>\n<div class=\"expert-box\">\n<div class=\"expert-box-label\">Seguimiento DYNSEO<\/div>\n<h3 class=\"expert-box-title\">Monitoreo inteligente del rendimiento<\/h3>\n<div class=\"expert-inner\">\n                    <pee>Nuestras herramientas de seguimiento permiten un an\u00e1lisis detallado del rendimiento cognitivo con gr\u00e1ficos de evoluci\u00f3n, comparaciones normativas y recomendaciones personalizadas para optimizar el entrenamiento.<\/pee>\n<h4 class=\"expert-inner-title\">Indicadores clave de progreso<\/h4>\n<pee>Tiempo de reacci\u00f3n, tasa de \u00e9xito, regularidad de uso, transferencia a las actividades diarias y satisfacci\u00f3n del paciente son las m\u00e9tricas esenciales para evaluar la eficacia terap\u00e9utica.<\/pee>\n                <\/div>\n<\/p><\/div>\n<h2>10. Enfoques complementarios y terapias integrativas<\/h2>\n<pee>Los enfoques complementarios enriquecen la atenci\u00f3n tradicional de los trastornos mn\u00e9sicos al proponer modalidades terap\u00e9uticas alternativas que act\u00faan en sinergia con la logopedia. Estos m\u00e9todos hol\u00edsticos consideran a la persona en su totalidad y refuerzan la eficacia de las intervenciones especializadas.<\/pee>\n<pee>La musicoterapia explota los v\u00ednculos privilegiados entre la m\u00fasica y la memoria para estimular las capacidades de recuerdo y favorecer la neuroplasticidad. Las melod\u00edas familiares activan redes mn\u00e9sicas preservadas y pueden servir de soporte para codificar nueva informaci\u00f3n de manera m\u00e1s efectiva.<\/pee>\n<pee>La aromaterapia y el uso de aceites esenciales espec\u00edficos como el romero o la menta pueden mejorar el rendimiento cognitivo y crear asociaciones sensoriales favorables a la memorizaci\u00f3n. Estos enfoques naturales complementan arm\u00f3nicamente las t\u00e9cnicas de rehabilitaci\u00f3n cognitiva.<\/pee>\n<div class=\"conseil-card\">\n<h3>\ud83c\udf3f Terapias complementarias recomendadas<\/h3>\n<pee>Integre progresivamente estos enfoques evaluando su aceptabilidad por el paciente y su compatibilidad con los tratamientos en curso. La personalizaci\u00f3n sigue siendo la clave del \u00e9xito terap\u00e9utico.<\/pee>\n            <\/div>\n<div class=\"tip-box\">\n                <span class=\"tip-box-label\">\ud83e\uddd8 Meditaci\u00f3n y atenci\u00f3n plena<\/span>\n                <pee>Las pr\u00e1cticas meditativas mejoran la atenci\u00f3n, reducen el estr\u00e9s y favorecen la neurog\u00e9nesis hipocampal. Incluso 10 minutos diarios pueden producir beneficios medibles en las funciones mnem\u00f3nicas.<\/pee>\n            <\/div>\n<h2>11. Gesti\u00f3n de los trastornos de comportamiento asociados<\/h2>\n<pee>Los trastornos mnem\u00f3nicos se acompa\u00f1an frecuentemente de manifestaciones conductuales y emocionales que pueden complicar la atenci\u00f3n y afectar la calidad de vida. La ansiedad, la depresi\u00f3n, la irritabilidad y los trastornos del comportamiento requieren un enfoque especializado integrado en el plan de atenci\u00f3n logop\u00e9dica.<\/pee>\n<pee>La anosognosia, o desconocimiento de los trastornos, constituye un desaf\u00edo particular en logopedia. Los pacientes pueden minimizar sus dificultades o rechazar las intervenciones propuestas. Esta resistencia requiere estrategias de acompa\u00f1amiento espec\u00edficas basadas en la empat\u00eda y la gradualidad de las intervenciones.<\/pee>\n<pee>Las t\u00e9cnicas de gesti\u00f3n de las emociones y de regulaci\u00f3n del comportamiento se integran naturalmente en las sesiones de logopedia. El aprendizaje de estrategias de adaptaci\u00f3n (coping) ayuda a los pacientes a vivir mejor con sus dificultades y mantiene su compromiso en el proceso terap\u00e9utico.<\/pee>\n<div class=\"key-points\">\n<h3>\ud83c\udfad Estrategias conductuales<\/h3>\n<ul>\n<li>Validaci\u00f3n de las emociones y reconocimiento de las dificultades<\/li>\n<li>Establecimiento de objetivos realistas y alcanzables<\/li>\n<li>Refuerzo positivo de los progresos incluso m\u00ednimos<\/li>\n<li>T\u00e9cnicas de relajaci\u00f3n y gesti\u00f3n del estr\u00e9s<\/li>\n<li>Adaptaci\u00f3n del entorno para reducir la ansiedad<\/li>\n<\/ul><\/div>\n<h2>12. Perspectivas de futuro e innovaciones emergentes<\/h2>\n<pee>El campo de la rehabilitaci\u00f3n mnem\u00f3nica est\u00e1 experimentando una evoluci\u00f3n r\u00e1pida gracias a los avances tecnol\u00f3gicos y a los descubrimientos neurocient\u00edficos. Las interfaces cerebro-m\u00e1quina, la estimulaci\u00f3n magn\u00e9tica transcraneal y la realidad virtual abren nuevas perspectivas terap\u00e9uticas prometedoras para la logopedia del ma\u00f1ana.<\/pee>\n<pee>La medicina personalizada, basada en el perfilado gen\u00e9tico y el an\u00e1lisis de biomarcadores, permitir\u00e1 adaptar las intervenciones a las caracter\u00edsticas individuales de cada paciente. Este enfoque de precisi\u00f3n optimizar\u00e1 la eficacia terap\u00e9utica y reducir\u00e1 la duraci\u00f3n de las atenciones.<\/pee>\n<pee>La inteligencia artificial y el aprendizaje autom\u00e1tico ya est\u00e1n revolucionando el an\u00e1lisis de los datos cognitivos y la predicci\u00f3n de las trayectorias de evoluci\u00f3n. Estas herramientas sofisticadas asistir\u00e1n a los logopedas en sus decisiones cl\u00ednicas y mejorar\u00e1n la calidad de la atenci\u00f3n ofrecida.<\/pee>\n<div class=\"expert-box\">\n<div class=\"expert-box-label\">Visi\u00f3n DYNSEO 2030<\/div>\n<h3 class=\"expert-box-title\">El futuro de la estimulaci\u00f3n cognitiva<\/h3>\n<div class=\"expert-inner\">\n                    <pee>Desarrollamos activamente nuevas tecnolog\u00edas que incluyen la realidad aumentada, el an\u00e1lisis predictivo y sensores biom\u00e9tricos para crear experiencias terap\u00e9uticas cada vez m\u00e1s personalizadas y efectivas.<\/pee>\n<h4 class=\"expert-inner-title\">Innovaciones en desarrollo<\/h4>\n<pee>Interfaces adaptativas, recomendaciones por IA, integraci\u00f3n IoT y telemedicina avanzada constituir\u00e1n los pilares de la rehabilitaci\u00f3n cognitiva del ma\u00f1ana.<\/pee>\n                <\/div>\n<\/p><\/div>\n<div class=\"faq-list\">\n<h2>\u2753 Preguntas frecuentes<\/h2>\n<div class=\"faq-item\">\n<div class=\"faq-q\">\n                        <span>\u00bfCu\u00e1nto tiempo se necesita para observar mejoras en los trastornos de la memoria?<\/span><br \/>\n                        <span class=\"faq-icon\">+<\/span>\n                    <\/div>\n<div class=\"faq-a\">\n                        <pee>Los primeros signos de mejora pueden aparecer a partir de 4-6 semanas con un entrenamiento regular. Sin embargo, los progresos significativos y duraderos generalmente requieren de 3 a 6 meses de intervenci\u00f3n intensiva. La regularidad de las sesiones y la implicaci\u00f3n del paciente son factores determinantes para la rapidez de los progresos.<\/pee>\n                    <\/div>\n<\/p><\/div>\n<div class=\"faq-item\">\n<div class=\"faq-q\">\n                        <span>\u00bfLas aplicaciones digitales pueden reemplazar las sesiones de logopedia tradicionales?<\/span><br \/>\n                        <span class=\"faq-icon\">+<\/span>\n                    <\/div>\n<div class=\"faq-a\">\n                        <pee>Las herramientas digitales como COCO PIENSA son excelentes complementos, pero no reemplazan la experiencia humana del logopeda. Permiten un entrenamiento diario en casa y refuerzan los conocimientos adquiridos en las sesiones, pero la evaluaci\u00f3n cl\u00ednica, la adaptaci\u00f3n personalizada y el acompa\u00f1amiento emocional siguen siendo esenciales.<\/pee>\n                    <\/div>\n<\/p><\/div>\n<div class=\"faq-item\">\n<div class=\"faq-q\">\n                        <span>\u00bfA partir de qu\u00e9 edad se pueden detectar trastornos de la memoria en los ni\u00f1os?<\/span><br \/>\n                        <span class=\"faq-icon\">+<\/span>\n                    <\/div>\n<div class=\"faq-a\">\n                        <pee>Las dificultades mn\u00e9sicas pueden detectarse desde la edad preescolar (4-5 a\u00f1os) a trav\u00e9s de observaciones conductuales y pruebas adaptadas. En los ni\u00f1os, estos trastornos a menudo se manifiestan por dificultades de aprendizaje, de concentraci\u00f3n o de seguimiento de instrucciones. Una evaluaci\u00f3n temprana permite una intervenci\u00f3n \u00f3ptima.<\/pee>\n                    <\/div>\n<\/p><\/div>\n<div class=\"faq-item\">\n<div class=\"faq-q\">\n                        <span>\u00bfCu\u00e1les son las se\u00f1ales de alerta que deben llevar a consultar a un logopeda?<\/span><br \/>\n                        <span class=\"faq-icon\">+<\/span>\n                    <\/div>\n<div class=\"faq-a\">\n                        <pee>Consulte si observa: olvidos frecuentes que impactan la vida cotidiana, dificultades para retener nueva informaci\u00f3n, problemas de concentraci\u00f3n, desorganizaci\u00f3n inusual, trastornos del lenguaje asociados, o preocupaciones repetidas del entorno. Cuanto m\u00e1s temprana sea la intervenci\u00f3n, mejores ser\u00e1n los resultados.<\/pee>\n                    <\/div>\n<\/p><\/div>\n<div class=\"faq-item\">\n<div class=\"faq-q\">\n                        <span>\u00bfC\u00f3mo mantener los progresos obtenidos despu\u00e9s de finalizar la atenci\u00f3n?<\/span><br \/>\n                        <span class=\"faq-icon\">+<\/span>\n                    <\/div>\n<div class=\"faq-a\">\n                        <pee>El mantenimiento de los logros requiere una estimulaci\u00f3n cognitiva regular: uso continuo de aplicaciones como COCO PIENSA, pr\u00e1ctica de actividades mentalmente estimulantes, mantenimiento de las rutinas aprendidas, ejercicio f\u00edsico regular y seguimiento peri\u00f3dico con el logopeda para ajustar las estrategias si es necesario.<\/pee>\n                    <\/div>\n<\/p><\/div>\n<\/p><\/div>\n<div class=\"cta-box\">\n<h3>Comience su recorrido de estimulaci\u00f3n cognitiva desde hoy<\/h3>\n<pee>Descubra c\u00f3mo nuestras herramientas innovadoras pueden transformar su enfoque sobre los trastornos de la memoria y mejorar la calidad de vida de sus pacientes.<\/pee>\n<div class=\"cta-buttons\">\n                    <a href=\"https:\/\/www.dynseo.com\/es\/coco-piensa-y-coco-se-mueve-software-educativo\/\" class=\"btn-white\">Descubrir COCO PIENSA<\/a><br \/>\n                    <a href=\"https:\/\/www.dynseo.com\/es\/coco-piensa-y-coco-se-mueve-software-educativo\/\" class=\"btn-outline\">Prueba gratuita<\/a>\n                <\/div>\n<\/p><\/div>\n<div class=\"article-tags\">\n                <a href=\"#\" class=\"article-tag\">logopedia<\/a><br \/>\n                <a href=\"#\" class=\"article-tag\">trastornos de memoria<\/a><br \/>\n                <a href=\"#\" class=\"article-tag\">rehabilitaci\u00f3n cognitiva<\/a><br \/>\n                <a href=\"#\" class=\"article-tag\">estimulaci\u00f3n cognitiva<\/a><br \/>\n                <a href=\"#\" class=\"article-tag\">aplicaciones terap\u00e9uticas<\/a><br \/>\n                <a href=\"#\" class=\"article-tag\">COCO PIENSA<\/a><br \/>\n                <a href=\"#\" class=\"article-tag\">neuroplasticidad<\/a><br \/>\n                <a href=\"#\" class=\"article-tag\">atenci\u00f3n<\/a>\n            <\/div>\n<\/p><\/div>\n<\/p><\/div>\n<p>[\/et_pb_code][\/et_pb_column][\/et_pb_row][\/et_pb_section]<\/p>\n","protected":false},"excerpt":{"rendered":"","protected":false},"author":4,"featured_media":150367,"comment_status":"closed","ping_status":"closed","sticky":false,"template":"","format":"standard","meta":{"_et_pb_use_builder":"on","_et_pb_old_content":"[et_pb_section fb_built=\"1\" _builder_version=\"4.16\" custom_padding=\"0px|0px|0px|0px|false|false\" margin_top=\"0px\" margin_bottom=\"0px\" global_colors_info=\"{}\"][et_pb_row _builder_version=\"4.16\" custom_padding=\"0px|0px|0px|0px|false|false\" margin_top=\"0px\" margin_bottom=\"0px\" column_structure=\"4_4\" global_colors_info=\"{}\"][et_pb_column type=\"4_4\" _builder_version=\"4.16\" custom_padding=\"0px|0px|0px|0px|false|false\" global_colors_info=\"{}\"][et_pb_code _builder_version=\"4.16\" custom_padding=\"0px|0px|0px|0px|false|false\" global_colors_info=\"{}\"]<style>\n        :root {\n            --primary: #5e5ed7;\n            --primary-dark: #5268c9;\n            --teal: #a9e2e4;\n            --yellow: #ffeca7;\n            --pink: #e73469;\n            --white: #ffffff;\n            --light-gray: #f8f9fa;\n            --dark-gray: #333333;\n            --text-gray: #666666;\n        }\n\n        * {\n            margin: 0;\n            padding: 0;\n            box-sizing: border-box;\n        }\n\n        body {\n            font-family: 'Poppins', sans-serif;\n            line-height: 1.6;\n            color: var(--dark-gray);\n            background: var(--white);\n        }\n\n        h1, h2, h3, h4, h5, h6 {\n            font-family: 'Montserrat', sans-serif;\n            font-weight: 600;\n            margin-bottom: 1rem;\n        }\n\n        .hl {\n            color: var(--primary);\n        }\n\n        .article-hero {\n            background: linear-gradient(135deg, var(--primary) 0%, var(--primary-dark) 100%);\n            color: var(--white);\n            padding: 2rem 0;\n            position: relative;\n            overflow: hidden;\n        }\n\n        .article-hero-inner {\n            max-width: 1200px;\n            margin: 0 auto;\n            padding: 0 2rem;\n            position: relative;\n            z-index: 2;\n        }\n\n        .article-breadcrumb {\n            margin-bottom: 1rem;\n            font-size: 0.9rem;\n            opacity: 0.9;\n        }\n\n        .article-breadcrumb a {\n            color: var(--white);\n            text-decoration: none;\n        }\n\n        .article-category {\n            display: inline-block;\n            background: var(--teal);\n            color: var(--dark-gray);\n            padding: 0.5rem 1rem;\n            border-radius: 25px;\n            font-size: 0.9rem;\n            font-weight: 500;\n            margin-bottom: 1.5rem;\n        }\n\n        .article-hero h1 {\n            font-size: 2.5rem;\n            font-weight: 700;\n            margin-bottom: 1.5rem;\n            line-height: 1.2;\n        }\n\n        .article-meta {\n            display: flex;\n            flex-wrap: wrap;\n            gap: 2rem;\n            align-items: center;\n            margin-bottom: 2rem;\n        }\n\n        .article-meta span {\n            display: flex;\n            align-items: center;\n            gap: 0.5rem;\n            font-size: 0.9rem;\n        }\n\n        .stars {\n            color: var(--yellow);\n            font-size: 1.2rem;\n        }\n\n        .article-hero-curve {\n            position: absolute;\n            bottom: -1px;\n            left: 0;\n            width: 100%;\n            height: 50px;\n            background: var(--white);\n            clip-path: ellipse(100% 100% at 50% 100%);\n        }\n\n        .container {\n            max-width: 1200px;\n            margin: 0 auto;\n            padding: 0 2rem;\n        }\n\n        .article-body {\n            padding: 3rem 0;\n        }\n\n        .intro-block {\n            background: var(--light-gray);\n            padding: 2rem;\n            border-radius: 15px;\n            margin-bottom: 3rem;\n            border-left: 5px solid var(--primary);\n        }\n\n        .intro-block p {\n            font-size: 1.1rem;\n            margin-bottom: 1rem;\n        }\n\n        .stats-grid {\n            display: grid;\n            grid-template-columns: repeat(auto-fit, minmax(250px, 1fr));\n            gap: 2rem;\n            margin: 3rem 0;\n        }\n\n        .stat-card {\n            background: var(--white);\n            padding: 2rem;\n            border-radius: 15px;\n            text-align: center;\n            box-shadow: 0 10px 30px rgba(0,0,0,0.1);\n            border: 2px solid transparent;\n            transition: all 0.3s ease;\n        }\n\n        .stat-card:hover {\n            border-color: var(--primary);\n            transform: translateY(-5px);\n        }\n\n        .stat-card .number {\n            font-size: 2.5rem;\n            font-weight: 700;\n            color: var(--primary);\n            display: block;\n            margin-bottom: 0.5rem;\n        }\n\n        .stat-card .label {\n            font-size: 1rem;\n            color: var(--text-gray);\n            font-weight: 500;\n        }\n\n        .conseil-card {\n            background: linear-gradient(135deg, var(--teal), #b8e6e8);\n            padding: 2rem;\n            border-radius: 15px;\n            margin: 2rem 0;\n            border-left: 5px solid var(--primary);\n        }\n\n        .conseil-card h3 {\n            color: var(--dark-gray);\n            margin-bottom: 1rem;\n        }\n\n        .key-points {\n            background: var(--white);\n            border: 2px solid var(--yellow);\n            border-radius: 15px;\n            padding: 2rem;\n            margin: 2rem 0;\n        }\n\n        .key-points h3 {\n            color: var(--primary);\n            margin-bottom: 1.5rem;\n            font-size: 1.3rem;\n        }\n\n        .key-points ul {\n            list-style: none;\n            padding: 0;\n        }\n\n        .key-points li {\n            padding: 0.5rem 0;\n            padding-left: 2rem;\n            position: relative;\n        }\n\n        .key-points li:before {\n            content: \"\u2713\";\n            position: absolute;\n            left: 0;\n            color: var(--primary);\n            font-weight: bold;\n        }\n\n        .tip-box {\n            background: linear-gradient(135deg, var(--yellow), #fff4c4);\n            border-radius: 15px;\n            padding: 2rem;\n            margin: 2rem 0;\n            position: relative;\n        }\n\n        .tip-box-label {\n            background: var(--primary);\n            color: var(--white);\n            padding: 0.5rem 1rem;\n            border-radius: 25px;\n            font-size: 0.9rem;\n            font-weight: 600;\n            display: inline-block;\n            margin-bottom: 1rem;\n        }\n\n        .expert-box {\n            background: var(--white);\n            border: 3px solid var(--pink);\n            border-radius: 15px;\n            padding: 0;\n            margin: 3rem 0;\n            overflow: hidden;\n        }\n\n        .expert-box-label {\n            background: var(--pink);\n            color: var(--white);\n            padding: 1rem 2rem;\n            margin: 0;\n            font-size: 0.9rem;\n            font-weight: 600;\n        }\n\n        .expert-box-title {\n            padding: 1.5rem 2rem 0;\n            margin: 0;\n            color: var(--primary);\n            font-size: 1.4rem;\n        }\n\n        .expert-inner {\n            padding: 0 2rem 2rem;\n        }\n\n        .expert-inner-title {\n            color: var(--pink);\n            font-size: 1.2rem;\n            margin: 1.5rem 0 1rem;\n        }\n\n        .faq-list {\n            margin: 3rem 0;\n        }\n\n        .faq-item {\n            border: 2px solid var(--light-gray);\n            border-radius: 10px;\n            margin-bottom: 1rem;\n            overflow: hidden;\n            transition: all 0.3s ease;\n        }\n\n        .faq-item.open {\n            border-color: var(--primary);\n        }\n\n        .faq-q {\n            padding: 1.5rem;\n            background: var(--light-gray);\n            cursor: pointer;\n            display: flex;\n            justify-content: space-between;\n            align-items: center;\n            font-weight: 600;\n            transition: all 0.3s ease;\n        }\n\n        .faq-item.open .faq-q {\n            background: var(--primary);\n            color: var(--white);\n        }\n\n        .faq-icon {\n            font-size: 1.5rem;\n            font-weight: bold;\n            transition: transform 0.3s ease;\n        }\n\n        .faq-item.open .faq-icon {\n            transform: rotate(45deg);\n        }\n\n        .faq-a {\n            padding: 0 1.5rem;\n            max-height: 0;\n            overflow: hidden;\n            transition: all 0.3s ease;\n        }\n\n        .faq-item.open .faq-a {\n            padding: 1.5rem;\n            max-height: 500px;\n        }\n\n        .cta-box {\n            background: linear-gradient(135deg, var(--primary), var(--primary-dark));\n            color: var(--white);\n            padding: 3rem;\n            border-radius: 20px;\n            text-align: center;\n            margin: 4rem 0;\n        }\n\n        .cta-box h3 {\n            font-size: 2rem;\n            margin-bottom: 1rem;\n        }\n\n        .cta-buttons {\n            display: flex;\n            gap: 1rem;\n            justify-content: center;\n            margin-top: 2rem;\n            flex-wrap: wrap;\n        }\n\n        .btn-white, .btn-outline {\n            padding: 1rem 2rem;\n            border-radius: 50px;\n            text-decoration: none;\n            font-weight: 600;\n            transition: all 0.3s ease;\n            display: inline-block;\n        }\n\n        .btn-white {\n            background: var(--white);\n            color: var(--primary);\n            border: 2px solid var(--white);\n        }\n\n        .btn-white:hover {\n            background: transparent;\n            color: var(--white);\n        }\n\n        .btn-outline {\n            background: transparent;\n            color: var(--white);\n            border: 2px solid var(--white);\n        }\n\n        .btn-outline:hover {\n            background: var(--white);\n            color: var(--primary);\n        }\n\n        .article-tags {\n            margin: 3rem 0;\n            display: flex;\n            flex-wrap: wrap;\n            gap: 1rem;\n        }\n\n        .article-tag {\n            background: var(--light-gray);\n            color: var(--dark-gray);\n            padding: 0.5rem 1rem;\n            border-radius: 25px;\n            text-decoration: none;\n            font-size: 0.9rem;\n            transition: all 0.3s ease;\n        }\n\n        .article-tag:hover {\n            background: var(--primary);\n            color: var(--white);\n        }\n\n        h2 {\n            font-size: 2rem;\n            color: var(--primary);\n            margin: 3rem 0 1.5rem;\n            position: relative;\n            padding-left: 1rem;\n        }\n\n        h2:before {\n            content: \"\";\n            position: absolute;\n            left: 0;\n            top: 0;\n            bottom: 0;\n            width: 5px;\n            background: var(--teal);\n            border-radius: 3px;\n        }\n\n        h3 {\n            font-size: 1.5rem;\n            color: var(--primary-dark);\n            margin: 2rem 0 1rem;\n        }\n\n        p {\n            margin-bottom: 1.5rem;\n            line-height: 1.7;\n        }\n\n        ul, ol {\n            margin: 1.5rem 0;\n            padding-left: 2rem;\n        }\n\n        li {\n            margin-bottom: 0.5rem;\n        }\n\n        @media (max-width: 768px) {\n            .article-hero h1 {\n                font-size: 2rem;\n            }\n            \n            .article-meta {\n                gap: 1rem;\n            }\n            \n            .stats-grid {\n                grid-template-columns: 1fr;\n                gap: 1rem;\n            }\n            \n            .container {\n                padding: 0 1rem;\n            }\n            \n            .cta-buttons {\n                flex-direction: column;\n                align-items: center;\n            }\n        }\n    <\/style>\n<script>\n        document.querySelectorAll('.faq-q').forEach(function(question) {\n            question.addEventListener('click', function() {\n                const faqItem = question.closest('.faq-item');\n                faqItem.classList.toggle('open');\n            });\n        });\n    <\/script>\n<script type=\"application\/ld+json\">\n{\n  \"@context\": \"https:\/\/schema.org\",\n  \"@graph\": [\n    {\n      \"@type\": \"Article\",\n      \"headline\": \"Les troubles de la m\u00e9moire fr\u00e9quemment rencontr\u00e9s en orthophonie : guide de prise en charge\",\n      \"description\": \"Guide complet sur les troubles de la m\u00e9moire rencontr\u00e9s en orthophonie et leur prise en charge. 25 min de lecture pour orthophonistes et patients.\",\n      \"url\": \"https:\/\/www.dynseo.com\/les-troubles-de-la-memoire-frequemment-rencontres-en-orthophonie-guide-de-prise-en-charge\/\",\n      \"datePublished\": \"2026-04-07\",\n      \"author\": {\n        \"@type\": \"Organization\",\n        \"name\": \"DYNSEO\",\n        \"url\": \"https:\/\/www.dynseo.com\"\n      },\n      \"publisher\": {\n        \"@type\": \"Organization\",\n        \"name\": \"DYNSEO\",\n        \"url\": \"https:\/\/www.dynseo.com\"\n      },\n      \"aggregateRating\": {\n        \"@type\": \"AggregateRating\",\n        \"ratingValue\": \"4.8\",\n        \"bestRating\": \"5\",\n        \"ratingCount\": \"47\"\n      },\n      \"image\": \"https:\/\/www.dynseo.com\/wp-content\/uploads\/2026\/04\/troubles-memoire-orthophonie.jpg\"\n    },\n    {\n      \"@type\": \"WebPage\",\n      \"name\": \"Les troubles de la m\u00e9moire fr\u00e9quemment rencontr\u00e9s en orthophonie : guide de prise en charge\",\n      \"url\": \"https:\/\/www.dynseo.com\/les-troubles-de-la-memoire-frequemment-rencontres-en-orthophonie-guide-de-prise-en-charge\/\",\n      \"breadcrumb\": {\n        \"@type\": \"BreadcrumbList\",\n        \"itemListElement\": [\n          {\n            \"@type\": \"ListItem\",\n            \"position\": 1,\n            \"name\": \"Accueil\",\n            \"item\": \"https:\/\/www.dynseo.com\"\n          },\n          {\n            \"@type\": \"ListItem\",\n            \"position\": 2,\n            \"name\": \"Blog\",\n            \"item\": \"https:\/\/www.dynseo.com\/blog\"\n          },\n          {\n            \"@type\": \"ListItem\",\n            \"position\": 3,\n            \"name\": \"Les troubles de la m\u00e9moire fr\u00e9quemment rencontr\u00e9s en orthophonie : guide de prise en charge\",\n            \"item\": \"https:\/\/www.dynseo.com\/les-troubles-de-la-memoire-frequemment-rencontres-en-orthophonie-guide-de-prise-en-charge\/\"\n          }\n        ]\n      }\n    },\n    {\n      \"@type\": \"FAQPage\",\n      \"mainEntity\": [\n        {\n          \"@type\": \"Question\",\n          \"name\": \"Combien de temps faut-il pour observer des am\u00e9liorations dans les troubles de la m\u00e9moire ?\",\n          \"acceptedAnswer\": {\n            \"@type\": \"Answer\",\n            \"text\": \"Les am\u00e9liorations dans les troubles de la m\u00e9moire varient selon l'individu et la s\u00e9v\u00e9rit\u00e9 du trouble. En g\u00e9n\u00e9ral, les premiers progr\u00e8s peuvent \u00eatre observ\u00e9s apr\u00e8s 4 \u00e0 8 semaines de prise en charge orthophonique r\u00e9guli\u00e8re, avec des s\u00e9ances adapt\u00e9es aux besoins sp\u00e9cifiques du patient.\"\n          }\n        },\n        {\n          \"@type\": \"Question\",\n          \"name\": \"Les applications num\u00e9riques peuvent-elles remplacer les s\u00e9ances d'orthophonie traditionnelles ?\",\n          \"acceptedAnswer\": {\n            \"@type\": \"Answer\",\n            \"text\": \"Les applications num\u00e9riques sont un compl\u00e9ment pr\u00e9cieux \u00e0 la prise en charge orthophonique, mais ne remplacent pas l'expertise et l'accompagnement personnalis\u00e9 d'un orthophoniste. Elles permettent de prolonger les exercices \u00e0 domicile et d'optimiser les r\u00e9sultats th\u00e9rapeutiques.\"\n          }\n        },\n        {\n          \"@type\": \"Question\",\n          \"name\": \"\u00c0 partir de quel \u00e2ge peut-on d\u00e9tecter des troubles de la m\u00e9moire chez l'enfant ?\",\n          \"acceptedAnswer\": {\n            \"@type\": \"Answer\",\n            \"text\": \"Les troubles de la m\u00e9moire peuvent \u00eatre d\u00e9tect\u00e9s d\u00e8s l'\u00e2ge de 3-4 ans chez l'enfant, lorsque les capacit\u00e9s mn\u00e9siques de base sont normalement d\u00e9velopp\u00e9es. Un bilan orthophonique permet d'\u00e9valuer pr\u00e9cis\u00e9ment les diff\u00e9rents types de m\u00e9moire et d'identifier d'\u00e9ventuelles difficult\u00e9s.\"\n          }\n        }\n      ]\n    }\n  ]\n}\n<\/script>\n<link href=\"https:\/\/fonts.googleapis.com\/css2?family=Montserrat:wght@400;500;600;700&family=Poppins:wght@300;400;500;600&display=swap\" rel=\"stylesheet\">\n\n<section class=\"article-hero\">\n        <div class=\"article-hero-inner\">\n            <nav class=\"article-breadcrumb\">\n                <a href=\"\/\">Inicio<\/a> > <a href=\"\/blog\">Blog<\/a> > <a href=\"\/orthophonie\">Logopedia<\/a> > Trastornos de la memoria\n            <\/nav>\n            \n            <span class=\"article-category\">Logopedia y Estimulaci\u00f3n cognitiva<\/span>\n            \n            <h1>Los trastornos de la memoria que se encuentran frecuentemente en logopedia: <span class=\"hl\">gu\u00eda de atenci\u00f3n<\/span><\/h1>\n            \n            <div class=\"article-meta\">\n                <span>\ud83d\udcc5 Abril 2026<\/span>\n                <span>\u23f1\ufe0f 25 min de lectura<\/span>\n                <span>\ud83d\udc65 Logopedas y pacientes<\/span>\n                <span class=\"stars\">\u2605\u2605\u2605\u2605\u2605 4.8\/5<\/span>\n            <\/div>\n        <\/div>\n        <div class=\"article-hero-curve\"><\/div>\n    <\/section>\n\n    <div class=\"article-body\">\n        <div class=\"container\">\n<div class=\"intro-block\">\n                <p>Los trastornos de la memoria representan un desaf\u00edo importante en la logopedia, afectando a millones de personas en todo el mundo e impactando significativamente su calidad de vida diaria. Estas dificultades cognitivas pueden surgir a cualquier edad y requieren un enfoque especializado y personalizado para una atenci\u00f3n \u00f3ptima.<\/p>\n                <p>Como logopedas, estamos en primera l\u00ednea para evaluar, diagnosticar y acompa\u00f1ar a los pacientes que presentan d\u00e9ficits mnemot\u00e9cnicos variados. Nuestra experiencia nos permite proponer estrategias de rehabilitaci\u00f3n adecuadas y herramientas innovadoras para estimular las capacidades cognitivas.<\/p>\n                <p>Esta gu\u00eda completa explora las diferentes facetas de los trastornos de la memoria en logopedia, desde los mecanismos neurobiol\u00f3gicos hasta las t\u00e9cnicas de remediaci\u00f3n m\u00e1s avanzadas. Tambi\u00e9n abordaremos la importancia de las herramientas digitales como <a href=\"https:\/\/www.dynseo.com\/es\/coco-piensa-y-coco-se-mueve-software-educativo\/\" style=\"color: var(--primary);\">COCO PIENSA y COCO SE MUEVE<\/a> en la atenci\u00f3n moderna.<\/p>\n                <p>Ya sea que usted sea un profesional de la salud, paciente o familiar cuidador, esta gu\u00eda le proporcionar\u00e1 las claves para comprender y gestionar los trastornos mnemot\u00e9cnicos con eficacia y amabilidad.<\/p>\n                <p>Descubra c\u00f3mo transformar los desaf\u00edos de la memoria en oportunidades de mejora gracias a los \u00faltimos avances en logopedia y estimulaci\u00f3n cognitiva.<\/p>\n            <\/div>\n\n            <div class=\"stats-grid\">\n                <div class=\"stat-card\">\n                    <span class=\"number\">40%<\/span>\n                    <span class=\"label\">de los pacientes en logopedia presentan trastornos mnemot\u00e9cnicos<\/span>\n                <\/div>\n                <div class=\"stat-card\">\n                    <span class=\"number\">85%<\/span>\n                    <span class=\"label\">de mejora con una atenci\u00f3n adecuada<\/span>\n                <\/div>\n                <div class=\"stat-card\">\n                    <span class=\"number\">4<\/span>\n                    <span class=\"label\">tipos principales de memoria afectados<\/span>\n                <\/div>\n                <div class=\"stat-card\">\n                    <span class=\"number\">12<\/span>\n                    <span class=\"label\">semanas promedio para observar progresos<\/span>\n                <\/div>\n            <\/div>\n\n            <h2>1. Comprender los mecanismos de la memoria en logopedia<\/h2>\n            \n            <p>La memoria constituye un sistema complejo y multifac\u00e9tico que subyace a muchas competencias ling\u00fc\u00edsticas y comunicativas. En logopedia, distinguimos varios tipos de memoria interconectados que pueden verse afectados por diversos trastornos neurol\u00f3gicos, del desarrollo o adquiridos.<\/p>\n            \n            <p>El proceso mnemot\u00e9cnico implica tres etapas fundamentales: la codificaci\u00f3n (adquisici\u00f3n de la informaci\u00f3n), el almacenamiento (conservaci\u00f3n) y la recuperaci\u00f3n (restituci\u00f3n). Cada una de estas fases puede verse perturbada, lo que conlleva manifestaciones cl\u00ednicas espec\u00edficas que el logopeda debe identificar y tratar con precisi\u00f3n.<\/p>\n            \n            <p>Los avances en neurociencias cognitivas nos permiten hoy en d\u00eda comprender mejor los sustratos neurobiol\u00f3gicos de la memoria. Esta comprensi\u00f3n profunda gu\u00eda nuestras intervenciones terap\u00e9uticas y nos ayuda a desarrollar protocolos de rehabilitaci\u00f3n m\u00e1s efectivos y espec\u00edficos.<\/p>\n\n            <div class=\"conseil-card\">\n                <h3>\ud83d\udca1 Consejo de experto<\/h3>\n                <p>La evaluaci\u00f3n inicial de la memoria debe ser siempre multidimensional, explorando no solo los diferentes tipos de memoria sino tambi\u00e9n sus interacciones con otras funciones cognitivas como la atenci\u00f3n, las funciones ejecutivas y el lenguaje.<\/p>\n            <\/div>\n<div class=\"key-points\">\n                <h3>\ud83d\udd11 Puntos clave sobre los mecanismos mn\u00e9sicos<\/h3>\n                <ul>\n                    <li>La memoria es un sistema din\u00e1mico en constante interacci\u00f3n<\/li>\n                    <li>Cada tipo de memoria posee sus propias caracter\u00edsticas neurobiol\u00f3gicas<\/li>\n                    <li>Los trastornos pueden afectar una o varias componentes simult\u00e1neamente<\/li>\n                    <li>La plasticidad cerebral permite una recuperaci\u00f3n funcional<\/li>\n                    <li>La edad influye en las capacidades de recuperaci\u00f3n pero no impide la mejora<\/li>\n                <\/ul>\n            <\/div>\n\n            <h2>2. Los diferentes tipos de trastornos de la memoria en pr\u00e1ctica de logopedia<\/h2>\n            \n            <p>En logopedia, encontramos una gran variedad de trastornos mn\u00e9sicos, cada uno de los cuales requiere un enfoque terap\u00e9utico espec\u00edfico. La memoria de trabajo, a menudo llamada \"memoria a corto plazo\", constituye uno de los d\u00e9ficits m\u00e1s frecuentemente observados en consulta. Esta forma de memoria permite el tratamiento inmediato de la informaci\u00f3n y la realizaci\u00f3n de operaciones mentales complejas.<\/p>\n            \n            <p>La memoria sem\u00e1ntica, que se refiere a la memorizaci\u00f3n de conocimientos generales, vocabulario y conceptos abstractos, tambi\u00e9n puede verse alterada. Los pacientes que presentan este tipo de d\u00e9ficit experimentan dificultades para acceder a la informaci\u00f3n almacenada a largo plazo, impactando significativamente sus capacidades de comunicaci\u00f3n y aprendizaje.<\/p>\n            \n            <p>La memoria epis\u00f3dica, responsable de la memorizaci\u00f3n de eventos personales y su contexto espaciotemporal, constituye otro \u00e1mbito de intervenci\u00f3n crucial. Los trastornos de esta memoria afectan la capacidad de recordar experiencias vividas y situarlas en el tiempo y el espacio.<\/p>\n\n            <div class=\"tip-box\">\n                <span class=\"tip-box-label\">\ud83d\udcad Consejo pr\u00e1ctico<\/span>\n                <p>Para evaluar eficazmente los trastornos de la memoria, utilice tareas ecol\u00f3gicas que reproduzcan las situaciones de la vida cotidiana. Esto le permitir\u00e1 obtener una imagen m\u00e1s precisa de las dificultades reales del paciente.<\/p>\n            <\/div>\n\n            <div class=\"expert-box\">\n                <div class=\"expert-box-label\">Experiencia DYNSEO<\/div>\n                <h3 class=\"expert-box-title\">Clasificaci\u00f3n de los trastornos mn\u00e9sicos<\/h3>\n<div class=\"expert-inner\">\n                    <h4 class=\"expert-inner-title\">Memoria de trabajo<\/h4>\n                    <p>Implica el tratamiento inmediato de la informaci\u00f3n, las operaciones mentales, la manipulaci\u00f3n de datos y la b\u00fasqueda de soluciones. Los d\u00e9ficits se manifiestan por dificultades de concentraci\u00f3n y de seguimiento de instrucciones complejas.<\/p>\n                    \n                    <h4 class=\"expert-inner-title\">Memoria sem\u00e1ntica<\/h4>\n                    <p>Concierne a la memorizaci\u00f3n de los conocimientos generales, del vocabulario, la creaci\u00f3n de conceptos abstractos y la interpretaci\u00f3n de gestos y s\u00edmbolos. Los trastornos afectan el acceso al sentido de las palabras y a los conocimientos culturales.<\/p>\n                    \n                    <h4 class=\"expert-inner-title\">Memoria autobiogr\u00e1fica<\/h4>\n                    <p>Engloba los conocimientos personales, la creaci\u00f3n de contextos ambientales, las representaciones mentales y la memorizaci\u00f3n de detalles sensoriales. Los d\u00e9ficits impactan la identidad personal y la continuidad del yo.<\/p>\n                <\/div>\n            <\/div>\n\n            <h2>3. Evaluaci\u00f3n diagn\u00f3stica y herramientas de medida<\/h2>\n            \n            <p>La evaluaci\u00f3n diagn\u00f3stica de los trastornos de la memoria constituye una etapa fundamental que determina la calidad y la eficacia de la atenci\u00f3n posterior. Esta evaluaci\u00f3n debe ser sistem\u00e1tica, estandarizada y adaptada al perfil espec\u00edfico de cada paciente. Utilizamos una bater\u00eda de herramientas validadas cient\u00edficamente para explorar las diferentes componentes mn\u00e9sicas.<\/p>\n            \n            <p>La anamnesis detallada permite recoger informaci\u00f3n crucial sobre la historia del paciente, la evoluci\u00f3n de los trastornos, los factores desencadenantes potenciales y el impacto funcional en la vida cotidiana. Este enfoque cl\u00ednico se complementa con pruebas neuropsicol\u00f3gicas espec\u00edficas que cuantifican los d\u00e9ficits y permiten un seguimiento objetivo de los progresos.<\/p>\n            \n            <p>Las nuevas tecnolog\u00edas ofrecen hoy en d\u00eda posibilidades de evaluaci\u00f3n innovadoras y precisas. Las aplicaciones como <a href=\"https:\/\/www.dynseo.com\/es\/coco-piensa-y-coco-se-mueve-software-educativo\/\" style=\"color: var(--primary);\">COCO PIENSA y COCO SE MUEVE<\/a> integran m\u00f3dulos de evaluaci\u00f3n l\u00fadicos que permiten una medida precisa de las capacidades cognitivas mientras mantienen el compromiso del paciente.<\/p>\n\n            <div class=\"conseil-card\">\n                <h3>\ud83d\udccb Protocolo de evaluaci\u00f3n recomendado<\/h3>\n                <p>Comience siempre por una evaluaci\u00f3n global antes de concentrarse en los \u00e1mbitos espec\u00edficos. Este enfoque en embudo permite identificar las prioridades terap\u00e9uticas y optimizar el tiempo de rehabilitaci\u00f3n.<\/p>\n            <\/div>\n<div class=\"key-points\">\n                <h3>\ud83c\udfaf Herramientas de evaluaci\u00f3n esenciales<\/h3>\n                <ul>\n                    <li>Pruebas de memoria de trabajo (capacidad de d\u00edgitos, tarea de actualizaci\u00f3n)<\/li>\n                    <li>Evaluaci\u00f3n de la memoria epis\u00f3dica (recuerdo libre y con indicios)<\/li>\n                    <li>Pruebas de memoria sem\u00e1ntica (fluencia verbal, denominaci\u00f3n)<\/li>\n                    <li>Medici\u00f3n de la memoria prospectiva (tareas de recuerdo diferido)<\/li>\n                    <li>Cuestionarios de quejas subjetivas y de impacto funcional<\/li>\n                <\/ul>\n            <\/div>\n\n            <h2>4. Enfoques de rehabilitaci\u00f3n cognitiva y t\u00e9cnicas innovadoras<\/h2>\n            \n            <p>La rehabilitaci\u00f3n cognitiva moderna se basa en los principios de la neuroplasticidad cerebral para restaurar y optimizar las funciones mn\u00e9sicas alteradas. Los enfoques terap\u00e9uticos actuales combinan t\u00e9cnicas tradicionales probadas con innovaciones tecnol\u00f3gicas que multiplican la eficacia de las intervenciones.<\/p>\n            \n            <p>La remediaci\u00f3n cognitiva constituye el enfoque de referencia en logopedia. Este m\u00e9todo busca fortalecer las funciones cognitivas deficientes mediante un entrenamiento intensivo y progresivo. Los ejercicios son personalizados seg\u00fan el perfil cognitivo del paciente y ajustados en tiempo real en funci\u00f3n de los progresos observados.<\/p>\n            \n            <p>Las t\u00e9cnicas de compensaci\u00f3n cognitiva ense\u00f1an a los pacientes estrategias alternativas para sortear sus dificultades mn\u00e9sicas. Estos enfoques incluyen el uso de medios mnemot\u00e9cnicos, la organizaci\u00f3n met\u00f3dica de la informaci\u00f3n y la explotaci\u00f3n de ayudas externas para apoyar las capacidades deficientes.<\/p>\n\n            <div class=\"tip-box\">\n                <span class=\"tip-box-label\">\u26a1 T\u00e9cnica avanzada<\/span>\n                <p>La repetici\u00f3n espaciada, t\u00e9cnica basada en las curvas de olvido de Ebbinghaus, permite optimizar la consolidaci\u00f3n mn\u00e9sica. Programa las revisiones a intervalos crecientes para maximizar la retenci\u00f3n a largo plazo.<\/p>\n            <\/div>\n\n            <div class=\"expert-box\">\n                <div class=\"expert-box-label\">Innovaci\u00f3n DYNSEO<\/div>\n                <h3 class=\"expert-box-title\">Rehabilitaci\u00f3n digital personalizada<\/h3>\n<div class=\"expert-inner\">\n                    <p>Nuestras aplicaciones <a href=\"https:\/\/www.dynseo.com\/es\/coco-piensa-y-coco-se-mueve-software-educativo\/\" style=\"color: var(--primary);\">COCO PIENSA y COCO SE MUEVE<\/a> revolucionan la atenci\u00f3n de los trastornos mn\u00e9sicos al proponer m\u00e1s de 30 juegos cognitivos especialmente dise\u00f1ados para estimular los diferentes tipos de memoria.<\/p>\n                    \n                    <h4 class=\"expert-inner-title\">Ventajas del enfoque digital<\/h4>\n                    <p>Las herramientas digitales permiten un ajuste autom\u00e1tico de la dificultad, un seguimiento preciso del rendimiento y una motivaci\u00f3n reforzada gracias a la gamificaci\u00f3n. Este enfoque moderno complementa perfectamente las t\u00e9cnicas tradicionales de rehabilitaci\u00f3n.<\/p>\n                <\/div>\n            <\/div>\n\n            <h2>5. Estrategias de compensaci\u00f3n y adaptaciones<\/h2>\n            \n            <p>M\u00e1s all\u00e1 de la rehabilitaci\u00f3n directa de las funciones mn\u00e9sicas, la ense\u00f1anza de estrategias de compensaci\u00f3n constituye un pilar esencial de la atenci\u00f3n logop\u00e9dica. Estas t\u00e9cnicas permiten a los pacientes sortear sus dificultades y mantener su autonom\u00eda en las actividades de la vida diaria.<\/p>\n            \n            <p>La organizaci\u00f3n met\u00f3dica del entorno representa una estrategia fundamental. Al estructurar el espacio vital y crear rutinas predecibles, reducimos la carga cognitiva y facilitamos el acceso a la informaci\u00f3n importante. Este enfoque ecol\u00f3gico se adapta a las necesidades espec\u00edficas de cada paciente.<\/p>\n            \n            <p>Las ayudas mnemot\u00e9cnicas externas, incluyendo calendarios, alarmas, aplicaciones de recordatorio y sistemas de organizaci\u00f3n, constituyen herramientas valiosas para apoyar la memoria prospectiva. El aprendizaje de su uso \u00f3ptimo requiere un acompa\u00f1amiento especializado para garantizar su integraci\u00f3n exitosa en la vida cotidiana.<\/p>\n\n            <div class=\"conseil-card\">\n                <h3>\ud83c\udfaf Estrategias de compensaci\u00f3n efectivas<\/h3>\n                <p>Prioriza siempre estrategias simples y f\u00e1cilmente integrables en los h\u00e1bitos existentes. La complejidad excesiva de las adaptaciones puede crear una carga cognitiva adicional contraproducente.<\/p>\n            <\/div>\n<div class=\"key-points\">\n                <h3>\ud83d\udd27 Am\u00e9nagements recommand\u00e9s<\/h3>\n                <ul>\n                    <li>Utilizaci\u00f3n de c\u00f3digos de color para organizar la informaci\u00f3n<\/li>\n                    <li>Creaci\u00f3n de listas de verificaci\u00f3n para las tareas rutinarias<\/li>\n                    <li>Instalaci\u00f3n de alarmas sonoras y visuales para los recordatorios<\/li>\n                    <li>Establecimiento de rituales de verificaci\u00f3n sistem\u00e1tica<\/li>\n                    <li>Desarrollo de frases clave para retener la informaci\u00f3n importante<\/li>\n                <\/ul>\n            <\/div>\n\n            <h2>6. El papel crucial del entorno y del acompa\u00f1amiento familiar<\/h2>\n            \n            <p>La implicaci\u00f3n del entorno constituye un factor determinante en el \u00e9xito de la atenci\u00f3n de los trastornos mn\u00e9sicos. La familia, los cercanos y los cuidadores juegan un papel esencial como socios terap\u00e9uticos, facilitando la generalizaci\u00f3n de los logros m\u00e1s all\u00e1 del marco cl\u00ednico.<\/p>\n            \n            <p>La educaci\u00f3n terap\u00e9utica del entorno busca desarrollar su comprensi\u00f3n de los trastornos mn\u00e9sicos y de sus manifestaciones. Esta formaci\u00f3n permite adaptar las interacciones diarias, reducir las fuentes de estr\u00e9s y crear un entorno \u00f3ptimo para la recuperaci\u00f3n funcional.<\/p>\n            \n            <p>La comunicaci\u00f3n adecuada con una persona que presenta trastornos mn\u00e9sicos requiere ajustes espec\u00edficos: simplificaci\u00f3n de las instrucciones, repetici\u00f3n amable, utilizaci\u00f3n de soportes visuales y mantenimiento de una actitud alentadora. Estas habilidades se adquieren a trav\u00e9s de un acompa\u00f1amiento profesional estructurado.<\/p>\n\n            <div class=\"expert-box\">\n                <div class=\"expert-box-label\">Orientaci\u00f3n familiar DYNSEO<\/div>\n                <h3 class=\"expert-box-title\">Acompa\u00f1amiento de los cercanos<\/h3>\n                <div class=\"expert-inner\">\n                    <p>Nuestros programas incluyen m\u00f3dulos especialmente dise\u00f1ados para formar a los cuidadores. Aprenden a utilizar eficazmente las herramientas digitales mientras desarrollan habilidades de acompa\u00f1amiento amable.<\/p>\n                    \n                    <h4 class=\"expert-inner-title\">Beneficios para la familia<\/h4>\n                    <p>La implicaci\u00f3n activa del entorno multiplica por tres la eficacia de las intervenciones terap\u00e9uticas y mejora significativamente la calidad de vida de todos los miembros de la familia.<\/p>\n                <\/div>\n            <\/div>\n\n            <h2>7. Tecnolog\u00edas digitales y aplicaciones terap\u00e9uticas<\/h2>\n            \n            <p>La era digital revoluciona la atenci\u00f3n de los trastornos mn\u00e9sicos al ofrecer herramientas innovadoras, accesibles y personalizables. Las aplicaciones terap\u00e9uticas ofrecen posibilidades de entrenamiento intensivo y l\u00fadico que complementan perfectamente las sesiones de logopedia tradicionales.<\/p>\n            \n            <p>Las plataformas de estimulaci\u00f3n cognitiva como DYNSEO integran los \u00faltimos descubrimientos en neurociencias para ofrecer ejercicios cient\u00edficamente validados. Estas herramientas permiten un entrenamiento diario en casa, esencial para mantener y amplificar los beneficios terap\u00e9uticos obtenidos en sesi\u00f3n.<\/p>\n            \n            <p>La inteligencia artificial y los algoritmos adaptativos personalizan autom\u00e1ticamente los ejercicios en funci\u00f3n de las performances individuales. Esta tecnolog\u00eda asegura un nivel de desaf\u00edo \u00f3ptimo, mantiene la motivaci\u00f3n y previene la frustraci\u00f3n relacionada con tareas demasiado dif\u00edciles o demasiado f\u00e1ciles.<\/p>\n<div class=\"tip-box\">\n                <span class=\"tip-box-label\">\ud83d\udcf1 Innovaci\u00f3n tecnol\u00f3gica<\/span>\n                <p>Las aplicaciones de realidad virtual emergen como una nueva frontera para la rehabilitaci\u00f3n mn\u00e9sica. Permiten crear entornos de entrenamiento inmersivos y ecol\u00f3gicos particularmente efectivos para la memoria espacial y epis\u00f3dica.<\/p>\n            <\/div>\n\n            <div class=\"conseil-card\">\n                <h3>\ud83d\udcbb Integraci\u00f3n \u00f3ptima de las herramientas digitales<\/h3>\n                <p>Combina siempre los ejercicios digitales con actividades concretas y situaciones reales. Este enfoque mixto maximiza la transferencia de las habilidades adquiridas hacia las situaciones de la vida cotidiana.<\/p>\n            <\/div>\n\n            <h2>8. Prevenci\u00f3n y factores protectores de la memoria<\/h2>\n            \n            <p>La prevenci\u00f3n de los trastornos mn\u00e9sicos constituye un desaf\u00edo importante de salud p\u00fablica que concierne a toda la poblaci\u00f3n. Las investigaciones actuales identifican numerosos factores modificables que influyen positivamente en el envejecimiento cognitivo y reducen el riesgo de desarrollar patolog\u00edas neurodegenerativas.<\/p>\n            \n            <p>La actividad f\u00edsica regular emerge como uno de los factores protectores m\u00e1s poderosos para la memoria. Favorece la neurog\u00e9nesis, mejora la vascularizaci\u00f3n cerebral y estimula la producci\u00f3n de factores neurotr\u00f3ficos esenciales para el mantenimiento de las capacidades cognitivas. Un programa de ejercicios adecuado constituye, por lo tanto, un complemento indispensable a cualquier tratamiento logop\u00e9dico.<\/p>\n            \n            <p>La estimulaci\u00f3n cognitiva continua a trav\u00e9s de actividades intelectuales variadas mantiene la plasticidad cerebral y constituye una verdadera reserva cognitiva. La lectura, los juegos de mesa, el aprendizaje de nuevas habilidades y el uso de aplicaciones como COCO PIENSA participan en esta estimulaci\u00f3n beneficiosa.<\/p>\n<div class=\"key-points\">\n                <h3>\ud83d\udee1\ufe0f Factores protectores validados<\/h3>\n                <ul>\n                    <li>Ejercicio f\u00edsico regular (150 minutos\/semana m\u00ednimo)<\/li>\n                    <li>Dieta mediterr\u00e1nea rica en omega-3<\/li>\n                    <li>Sue\u00f1o de calidad (7-9 horas por noche)<\/li>\n                    <li>Gesti\u00f3n del estr\u00e9s mediante la meditaci\u00f3n o la relajaci\u00f3n<\/li>\n                    <li>Mantenimiento de los lazos sociales y actividades de grupo<\/li>\n                    <li>Control de los factores de riesgo cardiovascular<\/li>\n                <\/ul>\n            <\/div>\n\n            <h2>9. Seguimiento longitudinal y evaluaci\u00f3n de los progresos<\/h2>\n            \n            <p>El seguimiento longitudinal de los pacientes con trastornos mn\u00e9sicos requiere un enfoque met\u00f3dico y herramientas de medici\u00f3n sensibles a los cambios. Esta vigilancia continua permite ajustar las intervenciones terap\u00e9uticas y mantener la motivaci\u00f3n del paciente al objetivar sus progresos.<\/p>\n            \n            <p>Los indicadores de progreso incluyen medidas cuantitativas (puntuaciones en pruebas estandarizadas) y cualitativas (mejora funcional en la vida diaria). Este enfoque multidimensional ofrece una visi\u00f3n completa de la evoluci\u00f3n del paciente y gu\u00eda las decisiones terap\u00e9uticas.<\/p>\n            \n            <p>La documentaci\u00f3n sistem\u00e1tica de las sesiones y el uso de herramientas de seguimiento digitales facilitan la comunicaci\u00f3n entre profesionales y permiten una atenci\u00f3n coordinada. Las plataformas como DYNSEO ofrecen paneles de control detallados que visualizan los progresos e identifican las \u00e1reas que requieren atenci\u00f3n especial.<\/p>\n\n            <div class=\"expert-box\">\n                <div class=\"expert-box-label\">Seguimiento DYNSEO<\/div>\n                <h3 class=\"expert-box-title\">Monitoreo inteligente del rendimiento<\/h3>\n                <div class=\"expert-inner\">\n                    <p>Nuestras herramientas de seguimiento permiten un an\u00e1lisis detallado del rendimiento cognitivo con gr\u00e1ficos de evoluci\u00f3n, comparaciones normativas y recomendaciones personalizadas para optimizar el entrenamiento.<\/p>\n                    \n                    <h4 class=\"expert-inner-title\">Indicadores clave de progreso<\/h4>\n                    <p>Tiempo de reacci\u00f3n, tasa de \u00e9xito, regularidad de uso, transferencia a las actividades diarias y satisfacci\u00f3n del paciente son las m\u00e9tricas esenciales para evaluar la eficacia terap\u00e9utica.<\/p>\n                <\/div>\n            <\/div>\n\n            <h2>10. Enfoques complementarios y terapias integrativas<\/h2>\n            \n            <p>Los enfoques complementarios enriquecen la atenci\u00f3n tradicional de los trastornos mn\u00e9sicos al proponer modalidades terap\u00e9uticas alternativas que act\u00faan en sinergia con la logopedia. Estos m\u00e9todos hol\u00edsticos consideran a la persona en su totalidad y refuerzan la eficacia de las intervenciones especializadas.<\/p>\n            \n            <p>La musicoterapia explota los v\u00ednculos privilegiados entre la m\u00fasica y la memoria para estimular las capacidades de recuerdo y favorecer la neuroplasticidad. Las melod\u00edas familiares activan redes mn\u00e9sicas preservadas y pueden servir de soporte para codificar nueva informaci\u00f3n de manera m\u00e1s efectiva.<\/p>\n            \n            <p>La aromaterapia y el uso de aceites esenciales espec\u00edficos como el romero o la menta pueden mejorar el rendimiento cognitivo y crear asociaciones sensoriales favorables a la memorizaci\u00f3n. Estos enfoques naturales complementan arm\u00f3nicamente las t\u00e9cnicas de rehabilitaci\u00f3n cognitiva.<\/p>\n<div class=\"conseil-card\">\n                <h3>\ud83c\udf3f Terapias complementarias recomendadas<\/h3>\n                <p>Integre progresivamente estos enfoques evaluando su aceptabilidad por el paciente y su compatibilidad con los tratamientos en curso. La personalizaci\u00f3n sigue siendo la clave del \u00e9xito terap\u00e9utico.<\/p>\n            <\/div>\n\n            <div class=\"tip-box\">\n                <span class=\"tip-box-label\">\ud83e\uddd8 Meditaci\u00f3n y atenci\u00f3n plena<\/span>\n                <p>Las pr\u00e1cticas meditativas mejoran la atenci\u00f3n, reducen el estr\u00e9s y favorecen la neurog\u00e9nesis hipocampal. Incluso 10 minutos diarios pueden producir beneficios medibles en las funciones mnem\u00f3nicas.<\/p>\n            <\/div>\n\n            <h2>11. Gesti\u00f3n de los trastornos de comportamiento asociados<\/h2>\n            \n            <p>Los trastornos mnem\u00f3nicos se acompa\u00f1an frecuentemente de manifestaciones conductuales y emocionales que pueden complicar la atenci\u00f3n y afectar la calidad de vida. La ansiedad, la depresi\u00f3n, la irritabilidad y los trastornos del comportamiento requieren un enfoque especializado integrado en el plan de atenci\u00f3n logop\u00e9dica.<\/p>\n            \n            <p>La anosognosia, o desconocimiento de los trastornos, constituye un desaf\u00edo particular en logopedia. Los pacientes pueden minimizar sus dificultades o rechazar las intervenciones propuestas. Esta resistencia requiere estrategias de acompa\u00f1amiento espec\u00edficas basadas en la empat\u00eda y la gradualidad de las intervenciones.<\/p>\n            \n            <p>Las t\u00e9cnicas de gesti\u00f3n de las emociones y de regulaci\u00f3n del comportamiento se integran naturalmente en las sesiones de logopedia. El aprendizaje de estrategias de adaptaci\u00f3n (coping) ayuda a los pacientes a vivir mejor con sus dificultades y mantiene su compromiso en el proceso terap\u00e9utico.<\/p>\n\n            <div class=\"key-points\">\n                <h3>\ud83c\udfad Estrategias conductuales<\/h3>\n                <ul>\n                    <li>Validaci\u00f3n de las emociones y reconocimiento de las dificultades<\/li>\n                    <li>Establecimiento de objetivos realistas y alcanzables<\/li>\n                    <li>Refuerzo positivo de los progresos incluso m\u00ednimos<\/li>\n                    <li>T\u00e9cnicas de relajaci\u00f3n y gesti\u00f3n del estr\u00e9s<\/li>\n                    <li>Adaptaci\u00f3n del entorno para reducir la ansiedad<\/li>\n                <\/ul>\n            <\/div>\n\n            <h2>12. Perspectivas de futuro e innovaciones emergentes<\/h2>\n            \n            <p>El campo de la rehabilitaci\u00f3n mnem\u00f3nica est\u00e1 experimentando una evoluci\u00f3n r\u00e1pida gracias a los avances tecnol\u00f3gicos y a los descubrimientos neurocient\u00edficos. Las interfaces cerebro-m\u00e1quina, la estimulaci\u00f3n magn\u00e9tica transcraneal y la realidad virtual abren nuevas perspectivas terap\u00e9uticas prometedoras para la logopedia del ma\u00f1ana.<\/p>\n            \n            <p>La medicina personalizada, basada en el perfilado gen\u00e9tico y el an\u00e1lisis de biomarcadores, permitir\u00e1 adaptar las intervenciones a las caracter\u00edsticas individuales de cada paciente. Este enfoque de precisi\u00f3n optimizar\u00e1 la eficacia terap\u00e9utica y reducir\u00e1 la duraci\u00f3n de las atenciones.<\/p>\n            \n            <p>La inteligencia artificial y el aprendizaje autom\u00e1tico ya est\u00e1n revolucionando el an\u00e1lisis de los datos cognitivos y la predicci\u00f3n de las trayectorias de evoluci\u00f3n. Estas herramientas sofisticadas asistir\u00e1n a los logopedas en sus decisiones cl\u00ednicas y mejorar\u00e1n la calidad de la atenci\u00f3n ofrecida.<\/p>\n\n            <div class=\"expert-box\">\n                <div class=\"expert-box-label\">Visi\u00f3n DYNSEO 2030<\/div>\n                <h3 class=\"expert-box-title\">El futuro de la estimulaci\u00f3n cognitiva<\/h3>\n<div class=\"expert-inner\">\n                    <p>Desarrollamos activamente nuevas tecnolog\u00edas que incluyen la realidad aumentada, el an\u00e1lisis predictivo y sensores biom\u00e9tricos para crear experiencias terap\u00e9uticas cada vez m\u00e1s personalizadas y efectivas.<\/p>\n                    \n                    <h4 class=\"expert-inner-title\">Innovaciones en desarrollo<\/h4>\n                    <p>Interfaces adaptativas, recomendaciones por IA, integraci\u00f3n IoT y telemedicina avanzada constituir\u00e1n los pilares de la rehabilitaci\u00f3n cognitiva del ma\u00f1ana.<\/p>\n                <\/div>\n            <\/div>\n\n            <div class=\"faq-list\">\n                <h2>\u2753 Preguntas frecuentes<\/h2>\n                \n                <div class=\"faq-item\">\n                    <div class=\"faq-q\">\n                        <span>\u00bfCu\u00e1nto tiempo se necesita para observar mejoras en los trastornos de la memoria?<\/span>\n                        <span class=\"faq-icon\">+<\/span>\n                    <\/div>\n                    <div class=\"faq-a\">\n                        <p>Los primeros signos de mejora pueden aparecer a partir de 4-6 semanas con un entrenamiento regular. Sin embargo, los progresos significativos y duraderos generalmente requieren de 3 a 6 meses de intervenci\u00f3n intensiva. La regularidad de las sesiones y la implicaci\u00f3n del paciente son factores determinantes para la rapidez de los progresos.<\/p>\n                    <\/div>\n                <\/div>\n\n                <div class=\"faq-item\">\n                    <div class=\"faq-q\">\n                        <span>\u00bfLas aplicaciones digitales pueden reemplazar las sesiones de logopedia tradicionales?<\/span>\n                        <span class=\"faq-icon\">+<\/span>\n                    <\/div>\n                    <div class=\"faq-a\">\n                        <p>Las herramientas digitales como COCO PIENSA son excelentes complementos, pero no reemplazan la experiencia humana del logopeda. Permiten un entrenamiento diario en casa y refuerzan los conocimientos adquiridos en las sesiones, pero la evaluaci\u00f3n cl\u00ednica, la adaptaci\u00f3n personalizada y el acompa\u00f1amiento emocional siguen siendo esenciales.<\/p>\n                    <\/div>\n                <\/div>\n\n                <div class=\"faq-item\">\n                    <div class=\"faq-q\">\n                        <span>\u00bfA partir de qu\u00e9 edad se pueden detectar trastornos de la memoria en los ni\u00f1os?<\/span>\n                        <span class=\"faq-icon\">+<\/span>\n                    <\/div>\n                    <div class=\"faq-a\">\n                        <p>Las dificultades mn\u00e9sicas pueden detectarse desde la edad preescolar (4-5 a\u00f1os) a trav\u00e9s de observaciones conductuales y pruebas adaptadas. En los ni\u00f1os, estos trastornos a menudo se manifiestan por dificultades de aprendizaje, de concentraci\u00f3n o de seguimiento de instrucciones. Una evaluaci\u00f3n temprana permite una intervenci\u00f3n \u00f3ptima.<\/p>\n                    <\/div>\n                <\/div>\n\n                <div class=\"faq-item\">\n                    <div class=\"faq-q\">\n                        <span>\u00bfCu\u00e1les son las se\u00f1ales de alerta que deben llevar a consultar a un logopeda?<\/span>\n                        <span class=\"faq-icon\">+<\/span>\n                    <\/div>\n                    <div class=\"faq-a\">\n                        <p>Consulte si observa: olvidos frecuentes que impactan la vida cotidiana, dificultades para retener nueva informaci\u00f3n, problemas de concentraci\u00f3n, desorganizaci\u00f3n inusual, trastornos del lenguaje asociados, o preocupaciones repetidas del entorno. Cuanto m\u00e1s temprana sea la intervenci\u00f3n, mejores ser\u00e1n los resultados.<\/p>\n                    <\/div>\n                <\/div>\n\n                <div class=\"faq-item\">\n                    <div class=\"faq-q\">\n                        <span>\u00bfC\u00f3mo mantener los progresos obtenidos despu\u00e9s de finalizar la atenci\u00f3n?<\/span>\n                        <span class=\"faq-icon\">+<\/span>\n                    <\/div>\n<div class=\"faq-a\">\n                        <p>El mantenimiento de los logros requiere una estimulaci\u00f3n cognitiva regular: uso continuo de aplicaciones como COCO PIENSA, pr\u00e1ctica de actividades mentalmente estimulantes, mantenimiento de las rutinas aprendidas, ejercicio f\u00edsico regular y seguimiento peri\u00f3dico con el logopeda para ajustar las estrategias si es necesario.<\/p>\n                    <\/div>\n                <\/div>\n            <\/div>\n\n            <div class=\"cta-box\">\n                <h3>Comience su recorrido de estimulaci\u00f3n cognitiva desde hoy<\/h3>\n                <p>Descubra c\u00f3mo nuestras herramientas innovadoras pueden transformar su enfoque sobre los trastornos de la memoria y mejorar la calidad de vida de sus pacientes.<\/p>\n                <div class=\"cta-buttons\">\n                    <a href=\"https:\/\/www.dynseo.com\/es\/coco-piensa-y-coco-se-mueve-software-educativo\/\" class=\"btn-white\">Descubrir COCO PIENSA<\/a>\n                    <a href=\"https:\/\/www.dynseo.com\/es\/coco-piensa-y-coco-se-mueve-software-educativo\/\" class=\"btn-outline\">Prueba gratuita<\/a>\n                <\/div>\n            <\/div>\n\n            <div class=\"article-tags\">\n                <a href=\"#\" class=\"article-tag\">logopedia<\/a>\n                <a href=\"#\" class=\"article-tag\">trastornos de memoria<\/a>\n                <a href=\"#\" class=\"article-tag\">rehabilitaci\u00f3n cognitiva<\/a>\n                <a href=\"#\" class=\"article-tag\">estimulaci\u00f3n cognitiva<\/a>\n                <a href=\"#\" class=\"article-tag\">aplicaciones terap\u00e9uticas<\/a>\n                <a href=\"#\" class=\"article-tag\">COCO PIENSA<\/a>\n                <a href=\"#\" class=\"article-tag\">neuroplasticidad<\/a>\n                <a href=\"#\" class=\"article-tag\">atenci\u00f3n<\/a>\n            <\/div>\n        <\/div>\n    <\/div>[\/et_pb_code][\/et_pb_column][\/et_pb_row][\/et_pb_section]","_et_gb_content_width":"","footnotes":""},"categories":[3022],"tags":[],"class_list":["post-476813","post","type-post","status-publish","format-standard","has-post-thumbnail","hentry","category-fiches-techniques"],"yoast_head":"<!-- This site is optimized with the Yoast SEO plugin v27.4 - https:\/\/yoast.com\/product\/yoast-seo-wordpress\/ -->\n<title>Los trastornos de la memoria frecuentemente encontrados en la ortofon\u00eda: gu\u00eda de manejo - DYNSEO - Aplicaci\u00f3n educativa y juegos de memoria<\/title>\n<meta name=\"robots\" content=\"index, follow, max-snippet:-1, max-image-preview:large, max-video-preview:-1\" \/>\n<link rel=\"canonical\" href=\"https:\/\/www.dynseo.com\/es\/los-trastornos-de-la-memoria-frecuentemente-encontrados-en-la-ortofonia-guia-de-manejo\/\" \/>\n<meta property=\"og:locale\" content=\"es_ES\" \/>\n<meta property=\"og:type\" content=\"article\" \/>\n<meta property=\"og:title\" content=\"Los trastornos de la memoria frecuentemente encontrados en la ortofon\u00eda: gu\u00eda de manejo - DYNSEO - Aplicaci\u00f3n educativa y juegos de memoria\" \/>\n<meta property=\"og:url\" content=\"https:\/\/www.dynseo.com\/es\/los-trastornos-de-la-memoria-frecuentemente-encontrados-en-la-ortofonia-guia-de-manejo\/\" \/>\n<meta property=\"og:site_name\" content=\"DYNSEO - Aplicaci\u00f3n educativa y juegos de memoria\" \/>\n<meta property=\"article:published_time\" content=\"2026-01-07T16:45:54+00:00\" \/>\n<meta property=\"article:modified_time\" content=\"2026-04-25T19:30:13+00:00\" \/>\n<meta property=\"og:image\" content=\"https:\/\/www.dynseo.com\/wp-content\/uploads\/2025\/04\/DYNSEO-demande-de-PCH-avec-nos-programme-de-jeux-de-memoire4.png\" \/>\n\t<meta property=\"og:image:width\" content=\"1080\" \/>\n\t<meta property=\"og:image:height\" content=\"540\" \/>\n\t<meta property=\"og:image:type\" content=\"image\/png\" \/>\n<meta name=\"author\" content=\"DYNSEO\" \/>\n<meta name=\"twitter:label1\" content=\"Escrito por\" \/>\n\t<meta name=\"twitter:data1\" content=\"DYNSEO\" \/>\n\t<meta name=\"twitter:label2\" content=\"Tiempo de lectura\" \/>\n\t<meta name=\"twitter:data2\" content=\"18 minutos\" \/>\n<script type=\"application\/ld+json\" class=\"yoast-schema-graph\">{\"@context\":\"https:\\\/\\\/schema.org\",\"@graph\":[{\"@type\":\"Article\",\"@id\":\"https:\\\/\\\/www.dynseo.com\\\/es\\\/los-trastornos-de-la-memoria-frecuentemente-encontrados-en-la-ortofonia-guia-de-manejo\\\/#article\",\"isPartOf\":{\"@id\":\"https:\\\/\\\/www.dynseo.com\\\/es\\\/los-trastornos-de-la-memoria-frecuentemente-encontrados-en-la-ortofonia-guia-de-manejo\\\/\"},\"author\":{\"name\":\"DYNSEO\",\"@id\":\"https:\\\/\\\/www.dynseo.com\\\/es\\\/#\\\/schema\\\/person\\\/78ef63df2ee64e0989bc68f8401b38d6\"},\"headline\":\"Los trastornos de la memoria frecuentemente encontrados en la ortofon\u00eda: gu\u00eda de manejo\",\"datePublished\":\"2026-01-07T16:45:54+00:00\",\"dateModified\":\"2026-04-25T19:30:13+00:00\",\"mainEntityOfPage\":{\"@id\":\"https:\\\/\\\/www.dynseo.com\\\/es\\\/los-trastornos-de-la-memoria-frecuentemente-encontrados-en-la-ortofonia-guia-de-manejo\\\/\"},\"wordCount\":3597,\"publisher\":{\"@id\":\"https:\\\/\\\/www.dynseo.com\\\/es\\\/#organization\"},\"image\":{\"@id\":\"https:\\\/\\\/www.dynseo.com\\\/es\\\/los-trastornos-de-la-memoria-frecuentemente-encontrados-en-la-ortofonia-guia-de-manejo\\\/#primaryimage\"},\"thumbnailUrl\":\"https:\\\/\\\/www.dynseo.com\\\/wp-content\\\/uploads\\\/2025\\\/04\\\/DYNSEO-demande-de-PCH-avec-nos-programme-de-jeux-de-memoire4.png\",\"articleSection\":[\"Fiches techniques orthophonie\"],\"inLanguage\":\"es\"},{\"@type\":\"WebPage\",\"@id\":\"https:\\\/\\\/www.dynseo.com\\\/es\\\/los-trastornos-de-la-memoria-frecuentemente-encontrados-en-la-ortofonia-guia-de-manejo\\\/\",\"url\":\"https:\\\/\\\/www.dynseo.com\\\/es\\\/los-trastornos-de-la-memoria-frecuentemente-encontrados-en-la-ortofonia-guia-de-manejo\\\/\",\"name\":\"Los trastornos de la memoria frecuentemente encontrados en la ortofon\u00eda: gu\u00eda de manejo - DYNSEO - Aplicaci\u00f3n educativa y juegos de memoria\",\"isPartOf\":{\"@id\":\"https:\\\/\\\/www.dynseo.com\\\/es\\\/#website\"},\"primaryImageOfPage\":{\"@id\":\"https:\\\/\\\/www.dynseo.com\\\/es\\\/los-trastornos-de-la-memoria-frecuentemente-encontrados-en-la-ortofonia-guia-de-manejo\\\/#primaryimage\"},\"image\":{\"@id\":\"https:\\\/\\\/www.dynseo.com\\\/es\\\/los-trastornos-de-la-memoria-frecuentemente-encontrados-en-la-ortofonia-guia-de-manejo\\\/#primaryimage\"},\"thumbnailUrl\":\"https:\\\/\\\/www.dynseo.com\\\/wp-content\\\/uploads\\\/2025\\\/04\\\/DYNSEO-demande-de-PCH-avec-nos-programme-de-jeux-de-memoire4.png\",\"datePublished\":\"2026-01-07T16:45:54+00:00\",\"dateModified\":\"2026-04-25T19:30:13+00:00\",\"breadcrumb\":{\"@id\":\"https:\\\/\\\/www.dynseo.com\\\/es\\\/los-trastornos-de-la-memoria-frecuentemente-encontrados-en-la-ortofonia-guia-de-manejo\\\/#breadcrumb\"},\"inLanguage\":\"es\",\"potentialAction\":[{\"@type\":\"ReadAction\",\"target\":[\"https:\\\/\\\/www.dynseo.com\\\/es\\\/los-trastornos-de-la-memoria-frecuentemente-encontrados-en-la-ortofonia-guia-de-manejo\\\/\"]}]},{\"@type\":\"ImageObject\",\"inLanguage\":\"es\",\"@id\":\"https:\\\/\\\/www.dynseo.com\\\/es\\\/los-trastornos-de-la-memoria-frecuentemente-encontrados-en-la-ortofonia-guia-de-manejo\\\/#primaryimage\",\"url\":\"https:\\\/\\\/www.dynseo.com\\\/wp-content\\\/uploads\\\/2025\\\/04\\\/DYNSEO-demande-de-PCH-avec-nos-programme-de-jeux-de-memoire4.png\",\"contentUrl\":\"https:\\\/\\\/www.dynseo.com\\\/wp-content\\\/uploads\\\/2025\\\/04\\\/DYNSEO-demande-de-PCH-avec-nos-programme-de-jeux-de-memoire4.png\",\"width\":1080,\"height\":540,\"caption\":\"Potencia tu mente con nuestras soluciones innovadoras\"},{\"@type\":\"BreadcrumbList\",\"@id\":\"https:\\\/\\\/www.dynseo.com\\\/es\\\/los-trastornos-de-la-memoria-frecuentemente-encontrados-en-la-ortofonia-guia-de-manejo\\\/#breadcrumb\",\"itemListElement\":[{\"@type\":\"ListItem\",\"position\":1,\"name\":\"Accueil\",\"item\":\"https:\\\/\\\/www.dynseo.com\\\/es\\\/\"},{\"@type\":\"ListItem\",\"position\":2,\"name\":\"Los trastornos de la memoria frecuentemente encontrados en la ortofon\u00eda: gu\u00eda de manejo\"}]},{\"@type\":\"WebSite\",\"@id\":\"https:\\\/\\\/www.dynseo.com\\\/es\\\/#website\",\"url\":\"https:\\\/\\\/www.dynseo.com\\\/es\\\/\",\"name\":\"Jeux de m\u00e9moire et stimulation cognitive\",\"description\":\"Entra\u00eenez votre m\u00e9moire et votre cerveau avec DYNSEO\",\"publisher\":{\"@id\":\"https:\\\/\\\/www.dynseo.com\\\/es\\\/#organization\"},\"potentialAction\":[{\"@type\":\"SearchAction\",\"target\":{\"@type\":\"EntryPoint\",\"urlTemplate\":\"https:\\\/\\\/www.dynseo.com\\\/es\\\/?s={search_term_string}\"},\"query-input\":{\"@type\":\"PropertyValueSpecification\",\"valueRequired\":true,\"valueName\":\"search_term_string\"}}],\"inLanguage\":\"es\"},{\"@type\":\"Organization\",\"@id\":\"https:\\\/\\\/www.dynseo.com\\\/es\\\/#organization\",\"name\":\"DYNSEO\",\"url\":\"https:\\\/\\\/www.dynseo.com\\\/es\\\/\",\"logo\":{\"@type\":\"ImageObject\",\"inLanguage\":\"es\",\"@id\":\"https:\\\/\\\/www.dynseo.com\\\/es\\\/#\\\/schema\\\/logo\\\/image\\\/\",\"url\":\"https:\\\/\\\/www.dynseo.com\\\/wp-content\\\/uploads\\\/2022\\\/05\\\/logo-dynseo-new.png\",\"contentUrl\":\"https:\\\/\\\/www.dynseo.com\\\/wp-content\\\/uploads\\\/2022\\\/05\\\/logo-dynseo-new.png\",\"width\":5073,\"height\":1397,\"caption\":\"DYNSEO\"},\"image\":{\"@id\":\"https:\\\/\\\/www.dynseo.com\\\/es\\\/#\\\/schema\\\/logo\\\/image\\\/\"}},{\"@type\":\"Person\",\"@id\":\"https:\\\/\\\/www.dynseo.com\\\/es\\\/#\\\/schema\\\/person\\\/78ef63df2ee64e0989bc68f8401b38d6\",\"name\":\"DYNSEO\",\"url\":\"https:\\\/\\\/www.dynseo.com\\\/es\\\/author\\\/justine\\\/\"}]}<\/script>\n<!-- \/ Yoast SEO plugin. -->","yoast_head_json":{"title":"Los trastornos de la memoria frecuentemente encontrados en la ortofon\u00eda: gu\u00eda de manejo - DYNSEO - Aplicaci\u00f3n educativa y juegos de memoria","robots":{"index":"index","follow":"follow","max-snippet":"max-snippet:-1","max-image-preview":"max-image-preview:large","max-video-preview":"max-video-preview:-1"},"canonical":"https:\/\/www.dynseo.com\/es\/los-trastornos-de-la-memoria-frecuentemente-encontrados-en-la-ortofonia-guia-de-manejo\/","og_locale":"es_ES","og_type":"article","og_title":"Los trastornos de la memoria frecuentemente encontrados en la ortofon\u00eda: gu\u00eda de manejo - DYNSEO - Aplicaci\u00f3n educativa y juegos de memoria","og_url":"https:\/\/www.dynseo.com\/es\/los-trastornos-de-la-memoria-frecuentemente-encontrados-en-la-ortofonia-guia-de-manejo\/","og_site_name":"DYNSEO - Aplicaci\u00f3n educativa y juegos de memoria","article_published_time":"2026-01-07T16:45:54+00:00","article_modified_time":"2026-04-25T19:30:13+00:00","og_image":[{"width":1080,"height":540,"url":"https:\/\/www.dynseo.com\/wp-content\/uploads\/2025\/04\/DYNSEO-demande-de-PCH-avec-nos-programme-de-jeux-de-memoire4.png","type":"image\/png"}],"author":"DYNSEO","twitter_misc":{"Escrito por":"DYNSEO","Tiempo de lectura":"18 minutos"},"schema":{"@context":"https:\/\/schema.org","@graph":[{"@type":"Article","@id":"https:\/\/www.dynseo.com\/es\/los-trastornos-de-la-memoria-frecuentemente-encontrados-en-la-ortofonia-guia-de-manejo\/#article","isPartOf":{"@id":"https:\/\/www.dynseo.com\/es\/los-trastornos-de-la-memoria-frecuentemente-encontrados-en-la-ortofonia-guia-de-manejo\/"},"author":{"name":"DYNSEO","@id":"https:\/\/www.dynseo.com\/es\/#\/schema\/person\/78ef63df2ee64e0989bc68f8401b38d6"},"headline":"Los trastornos de la memoria frecuentemente encontrados en la ortofon\u00eda: gu\u00eda de manejo","datePublished":"2026-01-07T16:45:54+00:00","dateModified":"2026-04-25T19:30:13+00:00","mainEntityOfPage":{"@id":"https:\/\/www.dynseo.com\/es\/los-trastornos-de-la-memoria-frecuentemente-encontrados-en-la-ortofonia-guia-de-manejo\/"},"wordCount":3597,"publisher":{"@id":"https:\/\/www.dynseo.com\/es\/#organization"},"image":{"@id":"https:\/\/www.dynseo.com\/es\/los-trastornos-de-la-memoria-frecuentemente-encontrados-en-la-ortofonia-guia-de-manejo\/#primaryimage"},"thumbnailUrl":"https:\/\/www.dynseo.com\/wp-content\/uploads\/2025\/04\/DYNSEO-demande-de-PCH-avec-nos-programme-de-jeux-de-memoire4.png","articleSection":["Fiches techniques orthophonie"],"inLanguage":"es"},{"@type":"WebPage","@id":"https:\/\/www.dynseo.com\/es\/los-trastornos-de-la-memoria-frecuentemente-encontrados-en-la-ortofonia-guia-de-manejo\/","url":"https:\/\/www.dynseo.com\/es\/los-trastornos-de-la-memoria-frecuentemente-encontrados-en-la-ortofonia-guia-de-manejo\/","name":"Los trastornos de la memoria frecuentemente encontrados en la ortofon\u00eda: gu\u00eda de manejo - DYNSEO - Aplicaci\u00f3n educativa y juegos de memoria","isPartOf":{"@id":"https:\/\/www.dynseo.com\/es\/#website"},"primaryImageOfPage":{"@id":"https:\/\/www.dynseo.com\/es\/los-trastornos-de-la-memoria-frecuentemente-encontrados-en-la-ortofonia-guia-de-manejo\/#primaryimage"},"image":{"@id":"https:\/\/www.dynseo.com\/es\/los-trastornos-de-la-memoria-frecuentemente-encontrados-en-la-ortofonia-guia-de-manejo\/#primaryimage"},"thumbnailUrl":"https:\/\/www.dynseo.com\/wp-content\/uploads\/2025\/04\/DYNSEO-demande-de-PCH-avec-nos-programme-de-jeux-de-memoire4.png","datePublished":"2026-01-07T16:45:54+00:00","dateModified":"2026-04-25T19:30:13+00:00","breadcrumb":{"@id":"https:\/\/www.dynseo.com\/es\/los-trastornos-de-la-memoria-frecuentemente-encontrados-en-la-ortofonia-guia-de-manejo\/#breadcrumb"},"inLanguage":"es","potentialAction":[{"@type":"ReadAction","target":["https:\/\/www.dynseo.com\/es\/los-trastornos-de-la-memoria-frecuentemente-encontrados-en-la-ortofonia-guia-de-manejo\/"]}]},{"@type":"ImageObject","inLanguage":"es","@id":"https:\/\/www.dynseo.com\/es\/los-trastornos-de-la-memoria-frecuentemente-encontrados-en-la-ortofonia-guia-de-manejo\/#primaryimage","url":"https:\/\/www.dynseo.com\/wp-content\/uploads\/2025\/04\/DYNSEO-demande-de-PCH-avec-nos-programme-de-jeux-de-memoire4.png","contentUrl":"https:\/\/www.dynseo.com\/wp-content\/uploads\/2025\/04\/DYNSEO-demande-de-PCH-avec-nos-programme-de-jeux-de-memoire4.png","width":1080,"height":540,"caption":"Potencia tu mente con nuestras soluciones innovadoras"},{"@type":"BreadcrumbList","@id":"https:\/\/www.dynseo.com\/es\/los-trastornos-de-la-memoria-frecuentemente-encontrados-en-la-ortofonia-guia-de-manejo\/#breadcrumb","itemListElement":[{"@type":"ListItem","position":1,"name":"Accueil","item":"https:\/\/www.dynseo.com\/es\/"},{"@type":"ListItem","position":2,"name":"Los trastornos de la memoria frecuentemente encontrados en la ortofon\u00eda: gu\u00eda de manejo"}]},{"@type":"WebSite","@id":"https:\/\/www.dynseo.com\/es\/#website","url":"https:\/\/www.dynseo.com\/es\/","name":"Jeux de m\u00e9moire et stimulation cognitive","description":"Entra\u00eenez votre m\u00e9moire et votre cerveau avec DYNSEO","publisher":{"@id":"https:\/\/www.dynseo.com\/es\/#organization"},"potentialAction":[{"@type":"SearchAction","target":{"@type":"EntryPoint","urlTemplate":"https:\/\/www.dynseo.com\/es\/?s={search_term_string}"},"query-input":{"@type":"PropertyValueSpecification","valueRequired":true,"valueName":"search_term_string"}}],"inLanguage":"es"},{"@type":"Organization","@id":"https:\/\/www.dynseo.com\/es\/#organization","name":"DYNSEO","url":"https:\/\/www.dynseo.com\/es\/","logo":{"@type":"ImageObject","inLanguage":"es","@id":"https:\/\/www.dynseo.com\/es\/#\/schema\/logo\/image\/","url":"https:\/\/www.dynseo.com\/wp-content\/uploads\/2022\/05\/logo-dynseo-new.png","contentUrl":"https:\/\/www.dynseo.com\/wp-content\/uploads\/2022\/05\/logo-dynseo-new.png","width":5073,"height":1397,"caption":"DYNSEO"},"image":{"@id":"https:\/\/www.dynseo.com\/es\/#\/schema\/logo\/image\/"}},{"@type":"Person","@id":"https:\/\/www.dynseo.com\/es\/#\/schema\/person\/78ef63df2ee64e0989bc68f8401b38d6","name":"DYNSEO","url":"https:\/\/www.dynseo.com\/es\/author\/justine\/"}]}},"_links":{"self":[{"href":"https:\/\/www.dynseo.com\/es\/wp-json\/wp\/v2\/posts\/476813","targetHints":{"allow":["GET"]}}],"collection":[{"href":"https:\/\/www.dynseo.com\/es\/wp-json\/wp\/v2\/posts"}],"about":[{"href":"https:\/\/www.dynseo.com\/es\/wp-json\/wp\/v2\/types\/post"}],"author":[{"embeddable":true,"href":"https:\/\/www.dynseo.com\/es\/wp-json\/wp\/v2\/users\/4"}],"replies":[{"embeddable":true,"href":"https:\/\/www.dynseo.com\/es\/wp-json\/wp\/v2\/comments?post=476813"}],"version-history":[{"count":16,"href":"https:\/\/www.dynseo.com\/es\/wp-json\/wp\/v2\/posts\/476813\/revisions"}],"predecessor-version":[{"id":559317,"href":"https:\/\/www.dynseo.com\/es\/wp-json\/wp\/v2\/posts\/476813\/revisions\/559317"}],"wp:featuredmedia":[{"embeddable":true,"href":"https:\/\/www.dynseo.com\/es\/wp-json\/wp\/v2\/media\/150367"}],"wp:attachment":[{"href":"https:\/\/www.dynseo.com\/es\/wp-json\/wp\/v2\/media?parent=476813"}],"wp:term":[{"taxonomy":"category","embeddable":true,"href":"https:\/\/www.dynseo.com\/es\/wp-json\/wp\/v2\/categories?post=476813"},{"taxonomy":"post_tag","embeddable":true,"href":"https:\/\/www.dynseo.com\/es\/wp-json\/wp\/v2\/tags?post=476813"}],"curies":[{"name":"wp","href":"https:\/\/api.w.org\/{rel}","templated":true}]}}