{"id":489816,"date":"2026-01-25T15:35:40","date_gmt":"2026-01-25T14:35:40","guid":{"rendered":"https:\/\/www.dynseo.com\/sep-et-depression-quand-lhumeur-affecte-la-cognition-dynseo-2\/"},"modified":"2026-03-12T20:18:50","modified_gmt":"2026-03-12T19:18:50","slug":"sep-et-depression-quand-lhumeur-affecte-la-cognition-dynseo-2","status":"publish","type":"post","link":"https:\/\/www.dynseo.com\/es\/sep-et-depression-quand-lhumeur-affecte-la-cognition-dynseo-2\/","title":{"rendered":"SEP et D\u00e9pression : Quand l&#8217;Humeur Affecte la Cognition | DYNSEO"},"content":{"rendered":"<p>[et_pb_section fb_built=\u00bb1&#8243; admin_label=\u00bbArticle HTML\u00bb _builder_version=\u00bb4.16&#8243; custom_padding=\u00bb0px||0px||false|false\u00bb global_colors_info=\u00bb{}\u00bb][et_pb_row admin_label=\u00bbContenu\u00bb _builder_version=\u00bb4.16&#8243; width=\u00bb100%\u00bb max_width=\u00bb100%\u00bb custom_padding=\u00bb0px||0px||false|false\u00bb global_colors_info=\u00bb{}\u00bb][et_pb_column type=\u00bb4_4&#8243; _builder_version=\u00bb4.16&#8243; global_colors_info=\u00bb{}\u00bb][et_pb_code admin_label=\u00bbHTML import\u00e9\u00bb _builder_version=\u00bb4.16&#8243; global_colors_info=\u00bb{}\u00bb]<\/p>\n<style type=\"text\/css\">\n:root{--bleu-principal:#5e5ed7;--vert:#a9e2e4;--jaune:#ffeca7;--rose-framboise:#e73469;--bleu-secondaire:#5268c9;--text-color:#2c3e50;--text-light:#64748b;--white:#fff}\n.dbi-art-b1ea4a * {margin:0;padding:0;box-sizing:border-box}\n.dbi-art-b1ea4a {font-family:'Montserrat',sans-serif;line-height:1.8;color:var(--text-color);background:var(--white)}\n.dbi-art-b1ea4a .article-header {background:linear-gradient(135deg,var(--bleu-principal),var(--bleu-secondaire));color:var(--white);padding:80px 25px;position:relative}\n.dbi-art-b1ea4a .header-content {max-width:900px;margin:0 auto}\n.dbi-art-b1ea4a h1 {font-size:2.5rem;font-weight:700;margin-bottom:25px}\n.dbi-art-b1ea4a .header-subtitle {font-size:1.2rem;opacity:0.9;max-width:700px}\n.dbi-art-b1ea4a .container {max-width:850px;margin:0 auto;padding:0 25px}\n.dbi-art-b1ea4a main {padding:60px 0}\n.dbi-art-b1ea4a h2 {font-size:1.8rem;color:var(--bleu-principal);margin:50px 0 25px;padding-bottom:15px;border-bottom:3px solid var(--vert)}\n.dbi-art-b1ea4a h3 {font-size:1.3rem;color:var(--bleu-secondaire);margin:35px 0 15px}\n.dbi-art-b1ea4a p {margin-bottom:20px;font-size:1.05rem;text-align:justify}\n.dbi-art-b1ea4a .intro {font-size:1.15rem;color:var(--text-light);border-left:4px solid var(--bleu-principal);padding-left:25px;margin:40px 0;font-style:italic}\n.dbi-art-b1ea4a ul {margin:20px 0;padding-left:0;list-style:none}\n.dbi-art-b1ea4a ul li {padding-left:25px;margin-bottom:10px;position:relative}\n.dbi-art-b1ea4a ul li::before {content:\"\";position:absolute;left:0;top:10px;width:8px;height:8px;background:var(--rose-framboise);border-radius:50%}\n.dbi-art-b1ea4a .feature-grid {display:grid;grid-template-columns:repeat(3,1fr);gap:20px;margin:40px 0}\n.dbi-art-b1ea4a .feature-card {background:var(--white);border-radius:15px;padding:25px;text-align:center;box-shadow:0 5px 15px rgba(0,0,0,0.08);border:2px solid var(--vert)}\n.dbi-art-b1ea4a .feature-icon {font-size:2rem;margin-bottom:15px}\n.dbi-art-b1ea4a .feature-card h4 {color:var(--bleu-principal);margin-bottom:10px}\n.dbi-art-b1ea4a .feature-card p {font-size:0.9rem;color:var(--text-light);margin:0}\n.dbi-art-b1ea4a .stats-section {background:linear-gradient(135deg,var(--bleu-principal),var(--bleu-secondaire));border-radius:20px;padding:40px;margin:40px 0}\n.dbi-art-b1ea4a .stats-grid {display:grid;grid-template-columns:repeat(4,1fr);gap:25px;text-align:center}\n.dbi-art-b1ea4a .stat-number {font-size:2.5rem;font-weight:700;color:var(--jaune);margin-bottom:8px}\n.dbi-art-b1ea4a .stat-label {color:rgba(255,255,255,0.9);font-size:0.9rem}\n.dbi-art-b1ea4a .cta-box {background:linear-gradient(135deg,var(--bleu-principal),var(--bleu-secondaire));border-radius:20px;padding:40px;margin:50px 0;text-align:center}\n.dbi-art-b1ea4a .cta-box h4 {color:var(--white);font-size:1.5rem;margin-bottom:15px}\n.dbi-art-b1ea4a .cta-box p {color:rgba(255,255,255,0.9);margin-bottom:20px}\n.dbi-art-b1ea4a .cta-button {display:inline-block;background:var(--jaune);color:var(--bleu-principal);padding:15px 40px;border-radius:50px;text-decoration:none;font-weight:700}\n.dbi-art-b1ea4a .highlight-box {background:linear-gradient(135deg,#fff5f8,#ffe8ee);border:2px solid var(--rose-framboise);border-radius:15px;padding:30px;margin:35px 0}\n.dbi-art-b1ea4a .highlight-box h4 {color:var(--rose-framboise);margin-bottom:15px}\n.dbi-art-b1ea4a .tip-box {background:linear-gradient(135deg,#f0feff,#e5f9fa);border:2px solid var(--vert);border-radius:15px;padding:30px;margin:35px 0}\n.dbi-art-b1ea4a .tip-box h4 {color:var(--bleu-secondaire);margin-bottom:15px}\n.dbi-art-b1ea4a .conclusion {background:linear-gradient(135deg,#f0feff,#e5f9fa);border-radius:20px;padding:40px;margin:50px 0;border:2px solid var(--vert)}\n.dbi-art-b1ea4a blockquote {background:linear-gradient(135deg,#f0f0ff,#e8e8ff);border-left:4px solid var(--bleu-principal);border-radius:0 15px 15px 0;padding:25px 30px;margin:35px 0}\n.dbi-art-b1ea4a blockquote p {font-style:italic;margin-bottom:10px}\n.dbi-art-b1ea4a blockquote cite {font-weight:600;color:var(--bleu-principal)}\n.dbi-art-b1ea4a .article-footer {background:linear-gradient(135deg,var(--bleu-principal),var(--bleu-secondaire));color:var(--white);padding:40px 25px;text-align:center}\n.dbi-art-b1ea4a .footer-links {display:flex;justify-content:center;gap:25px;margin-top:20px;flex-wrap:wrap}\n.dbi-art-b1ea4a .footer-links a {color:var(--jaune);text-decoration:none}\n@media(max-width:768px) {\n.dbi-art-b1ea4a .feature-grid, .dbi-art-b1ea4a .stats-grid {grid-template-columns:1fr}\n.dbi-art-b1ea4a h1 {font-size:2rem}\n}<\/p>\n<\/style>\n<div class=\"dbi-art-b1ea4a\">\n<header class=\"article-header\">\n<div class=\"header-content\">\n<div style=\"display:inline-block;background:rgba(255,255,255,0.15);padding:8px 20px;border-radius:50px;font-size:14px;margin-bottom:25px\">\ud83d\udc9a Salud Mental<\/div>\n<h1>EM y Depresi\u00f3n: Cuando el Humor Afecta las Funciones Cognitivas<\/h1>\n<pee class=\"header-subtitle\">La depresi\u00f3n es frecuente en la esclerosis m\u00faltiple e impacta directamente las capacidades cognitivas. Comprender este v\u00ednculo es esencial para cuidar mejor de su cerebro y su moral.<\/pee>\n    <\/div>\n<\/header>\n<p><main><\/p>\n<div class=\"container\">\n<pee class=\"intro\">La depresi\u00f3n no es simplemente una reacci\u00f3n emocional al diagn\u00f3stico de esclerosis m\u00faltiple: es una verdadera complicaci\u00f3n de la enfermedad, vinculada a los mecanismos mismos de la EM. Afecta hasta la mitad de las personas en alg\u00fan momento de sus vidas y tiene un impacto directo y significativo en las funciones cognitivas. Reconocer la depresi\u00f3n, comprender su v\u00ednculo con la cognici\u00f3n y tratarla adecuadamente son pasos esenciales para preservar su cerebro y su calidad de vida.<\/pee>\n<h2>La depresi\u00f3n en la EM: m\u00e1s que una reacci\u00f3n al diagn\u00f3stico<\/h2>\n<pee>Es natural sentirse triste, desanimado o ansioso despu\u00e9s de un diagn\u00f3stico de esclerosis m\u00faltiple. Sin embargo, la depresi\u00f3n que afecta a las personas con EM a menudo va m\u00e1s all\u00e1 de una simple reacci\u00f3n psicol\u00f3gica a la enfermedad. Los mecanismos biol\u00f3gicos propios de la EM contribuyen directamente a la depresi\u00f3n, lo que explica su alta frecuencia en esta poblaci\u00f3n.<\/pee>\n<pee>Las lesiones cerebrales causadas por la EM pueden afectar regiones implicadas en la regulaci\u00f3n del estado de \u00e1nimo. La inflamaci\u00f3n cr\u00f3nica presente en la enfermedad tambi\u00e9n influye en los neurotransmisores como la serotonina y la dopamina, implicados en la depresi\u00f3n. Los tratamientos de fondo de la EM, especialmente los interferones, tambi\u00e9n pueden tener efectos secundarios sobre el estado de \u00e1nimo. La depresi\u00f3n en la EM tiene, por tanto, m\u00faltiples causas, tanto psicol\u00f3gicas como biol\u00f3gicas.<\/pee>\n<div class=\"stats-section\">\n<div class=\"stats-grid\">\n<div class=\"stat-item\">\n<div class=\"stat-number\">50%<\/div>\n<div class=\"stat-label\">de las personas con EM experimentan depresi\u00f3n<\/div>\n<\/p><\/div>\n<div class=\"stat-item\">\n<div class=\"stat-number\">3x<\/div>\n<div class=\"stat-label\">m\u00e1s frecuente que en la poblaci\u00f3n general<\/div>\n<\/p><\/div>\n<div class=\"stat-item\">\n<div class=\"stat-number\">40%<\/div>\n<div class=\"stat-label\">de la depresi\u00f3n en EM est\u00e1 subdiagnosticada<\/div>\n<\/p><\/div>\n<div class=\"stat-item\">\n<div class=\"stat-number\">80%<\/div>\n<div class=\"stat-label\">responden bien al tratamiento adecuado<\/div>\n<\/p><\/div>\n<\/p><\/div>\n<\/div>\n<h3>Distinguir depresi\u00f3n y fatiga<\/h3>\n<pee>Uno de los desaf\u00edos en la EM es distinguir la depresi\u00f3n de la fatiga, un s\u00edntoma omnipresente de la enfermedad. Ambos comparten manifestaciones comunes: falta de energ\u00eda, dificultad para motivarse, trastornos del sue\u00f1o, dificultades de concentraci\u00f3n. Sin embargo, diferenciarlos es importante porque sus tratamientos son diferentes.<\/pee>\n<pee>La fatiga de la EM es t\u00edpicamente f\u00edsica y mental, agravada por el esfuerzo y el calor, parcialmente aliviada por el descanso. La depresi\u00f3n se caracteriza por una tristeza persistente, una p\u00e9rdida de placer en las actividades habitualmente agradables, un sentimiento de desesperanza o inutilidad, a veces ideas negativas. En realidad, ambos a menudo coexisten y se agravan mutuamente.<\/pee>\n<div class=\"feature-grid\">\n<div class=\"feature-card\">\n<div class=\"feature-icon\">\ud83d\ude22<\/div>\n<h4>Tristeza persistente<\/h4>\n<pee>Un sentimiento de tristeza o vac\u00edo que dura m\u00e1s de dos semanas, la mayor parte del tiempo<\/pee>\n    <\/div>\n<div class=\"feature-card\">\n<div class=\"feature-icon\">\ud83d\udc94<\/div>\n<h4>P\u00e9rdida de placer<\/h4>\n<pee>Las actividades anteriormente agradables ya no proporcionan satisfacci\u00f3n ni inter\u00e9s<\/pee>\n    <\/div>\n<div class=\"feature-card\">\n<div class=\"feature-icon\">\ud83c\udf11<\/div>\n<h4>Desesperanza<\/h4>\n<pee>Sentimiento de que las cosas nunca mejorar\u00e1n, p\u00e9rdida de perspectiva positiva<\/pee>\n    <\/div>\n<\/div>\n<h2>Impacto de la depresi\u00f3n en las funciones cognitivas<\/h2>\n<pee>La depresi\u00f3n tiene un impacto directo y medible en las funciones cognitivas, independientemente de los efectos de la EM en s\u00ed misma. En las personas con EM, este impacto se suma a los trastornos cognitivos ya causados por la enfermedad, creando una situaci\u00f3n particularmente dif\u00edcil. Reconocer y tratar la depresi\u00f3n puede, por tanto, tener efectos positivos significativos en las capacidades cerebrales.<\/pee>\n<h3>Ralentizaci\u00f3n psicomotora<\/h3>\n<pee>La depresi\u00f3n generalmente se acompa\u00f1a de una ralentizaci\u00f3n global: lentitud en el pensamiento, el habla, los movimientos. Esta ralentizaci\u00f3n psicomotora se asemeja a la ralentizaci\u00f3n cognitiva de la EM y se suma, amplificando las dificultades. Las personas deprimidas con EM pueden sentirse a\u00fan m\u00e1s lentas de lo que realmente son solo debido a la enfermedad.<\/pee>\n<h3>Trastornos de la concentraci\u00f3n y memoria<\/h3>\n<pee>La depresi\u00f3n afecta profundamente la atenci\u00f3n y la memoria. Los pensamientos negativos y la rumiaci\u00f3n ocupan los recursos atencionales, dejando poco espacio para concentrarse en otra cosa. La memoria de trabajo, que permite mantener y manipular informaci\u00f3n a corto plazo, se ve especialmente afectada. Las personas deprimidas tambi\u00e9n suelen sentir que tienen lagunas de memoria, aunque su memoria a largo plazo se mantiene relativamente preservada.<\/pee>\n<ul>\n<li><strong>Dificultades de concentraci\u00f3n:<\/strong> La mente est\u00e1 inundada de pensamientos negativos que impiden enfocarse en una tarea<\/li>\n<li><strong>Memoria de trabajo alterada:<\/strong> Dificultad para retener y manipular varias informaciones simult\u00e1neamente<\/li>\n<li><strong>Indecisi\u00f3n:<\/strong> Incluso las decisiones simples se vuelven dif\u00edciles de tomar<\/li>\n<li><strong>Pensamiento negativo:<\/strong> Tendencia a ver todo negro, lo que sesga el procesamiento de la informaci\u00f3n<\/li>\n<\/ul>\n<h3>P\u00e9rdida de motivaci\u00f3n e iniciativa<\/h3>\n<pee>La depresi\u00f3n a menudo se caracteriza por una p\u00e9rdida de motivaci\u00f3n e iniciativa, lo que los psiquiatras llaman anergia o abulia. Las personas afectadas tienen dificultades para iniciar actividades, incluso aquellas que saben son importantes o agradables. Esta p\u00e9rdida de motivaci\u00f3n puede confundirse con pereza o falta de voluntad, cuando en realidad es un s\u00edntoma real de la enfermedad depresiva.<\/pee>\n<pee>Esta p\u00e9rdida de motivaci\u00f3n tiene consecuencias directas en el entrenamiento cognitivo. Una persona deprimida puede tener dificultades para motivarse a hacer sus ejercicios diarios con EDITH o JOE, aunque sepa que le hace bien. Por eso, tratar la depresi\u00f3n es un requisito importante para aprovechar al m\u00e1ximo la estimulaci\u00f3n cognitiva.<\/pee>\n<blockquote><pee>Durante mi depresi\u00f3n, sent\u00eda que hab\u00eda perdido 50 puntos de CI. Ya no pod\u00eda concentrarme, recordar nada, tomar ninguna decisi\u00f3n. Cuando finalmente fui tratada, fue como si la niebla se disipara gradualmente. Mis dificultades cognitivas relacionadas con la EM segu\u00edan all\u00ed, pero ya no estaban amplificadas por la depresi\u00f3n.<\/pee>\n    <cite>Catherine, 46 a\u00f1os, EM desde hace 11 a\u00f1os<\/cite>\n<\/p><\/blockquote>\n<div class=\"highlight-box\">\n<h4>El c\u00edrculo vicioso depresi\u00f3n-cognici\u00f3n<\/h4>\n<pee>La depresi\u00f3n y los trastornos cognitivos se retroalimentan mutuamente en un c\u00edrculo vicioso. La depresi\u00f3n altera las capacidades cognitivas, lo que provoca dificultades en la vida diaria y en el trabajo, refuerza el sentimiento de incompetencia e inutilidad, y agrava la depresi\u00f3n. Romper este c\u00edrculo tratando la depresi\u00f3n puede tener efectos positivos en cascada sobre el funcionamiento cognitivo en general y la calidad de vida.<\/pee>\n<\/div>\n<h2>Reconocer los signos de la depresi\u00f3n<\/h2>\n<pee>La depresi\u00f3n a menudo est\u00e1 subdiagnosticada en la EM, en parte porque sus s\u00edntomas se confunden con los de la enfermedad en s\u00ed. Sin embargo, reconocerla es esencial porque se trata eficazmente. Estos son los signos que deben alertar e incitar a hablar con su m\u00e9dico.<\/pee>\n<h3>Los s\u00edntomas a vigilar<\/h3>\n<ul>\n<li><strong>Estado de \u00e1nimo depresivo:<\/strong> Tristeza persistente, sentimiento de vac\u00edo o desesperanza, la mayor parte del tiempo, durante al menos dos semanas<\/li>\n<li><strong>P\u00e9rdida de inter\u00e9s o placer:<\/strong> Las actividades habitualmente agradables ya no apetecen y no proporcionan satisfacci\u00f3n<\/li>\n<li><strong>Trastornos del sue\u00f1o:<\/strong> Insomnio o, por el contrario, hipersomnia (dormir mucho m\u00e1s)<\/li>\n<li><strong>Cambios de apetito:<\/strong> P\u00e9rdida de apetito con adelgazamiento o, al contrario, hiperfagia con aumento de peso<\/li>\n<li><strong>Fatiga o p\u00e9rdida de energ\u00eda:<\/strong> M\u00e1s all\u00e1 de la fatiga habitual de la EM, agotamiento que no mejora con el descanso<\/li>\n<li><strong>Sentimientos de culpa o inutilidad:<\/strong> Tendencia a desvalorizarse, a sentirse una carga para los dem\u00e1s<\/li>\n<li><strong>Dificultades de concentraci\u00f3n:<\/strong> M\u00e1s all\u00e1 de los trastornos cognitivos de la EM, imposibilidad de enfocarse en nada<\/li>\n<li><strong>Pensamientos de muerte:<\/strong> Ideas recurrentes sobre la muerte, pensamientos suicidas (signo de gravedad que requiere ayuda urgente)<\/li>\n<\/ul>\n<div class=\"tip-box\">\n<h4>Cu\u00e1ndo consultar<\/h4>\n<pee>Si presenta varios de estos s\u00edntomas durante m\u00e1s de dos semanas y afectan su vida diaria, hable con su m\u00e9dico. La depresi\u00f3n no es una debilidad de car\u00e1cter, es una enfermedad que se trata. No dude en pedir ayuda. Si tiene pensamientos suicidas, consulte de urgencia o llame a un servicio de ayuda como el 3114 (n\u00famero nacional de prevenci\u00f3n del suicidio).<\/pee>\n<\/div>\n<h2>Tratar la depresi\u00f3n para recuperar sus capacidades<\/h2>\n<pee>La buena noticia es que la depresi\u00f3n se trata eficazmente, incluso en el contexto de la EM. Varios enfoques, a menudo combinados, pueden ayudar a recuperar un mejor estado de \u00e1nimo y, al mismo tiempo, mejorar las funciones cognitivas alteradas por la depresi\u00f3n.<\/pee>\n<h3>Las psicoterapias<\/h3>\n<pee>La psicoterapia, en particular la terapia cognitivo-conductual (TCC), se recomienda como primera l\u00ednea para depresiones leves a moderadas y como complemento de los medicamentos para depresiones m\u00e1s severas. La TCC ayuda a identificar y modificar los pensamientos negativos autom\u00e1ticos que alimentan la depresi\u00f3n, y a retomar progresivamente actividades que valoran.<\/pee>\n<pee>Otras formas de psicoterapia tambi\u00e9n pueden ser \u00fatiles: terapias de aceptaci\u00f3n y compromiso (ACT), terapia basada en la atenci\u00f3n plena (MBCT), terapias interpersonales. La elecci\u00f3n depende de las preferencias de la persona y de la disponibilidad de terapeutas.<\/pee>\n<h3>Los tratamientos medicamentosos<\/h3>\n<pee>Los antidepresivos pueden ser necesarios para las depresiones moderadas a severas o cuando la psicoterapia sola no es suficiente. Los inhibidores selectivos de la recaptaci\u00f3n de serotonina (ISRS) se utilizan con frecuencia en primera l\u00ednea porque generalmente son bien tolerados. La elecci\u00f3n del medicamento y el seguimiento deben estar a cargo de un m\u00e9dico que conozca bien la EM para evitar interacciones con otros tratamientos.<\/pee>\n<div class=\"feature-grid\">\n<div class=\"feature-card\">\n<div class=\"feature-icon\">\ud83d\udde3\ufe0f<\/div>\n<h4>Psicoterapia<\/h4>\n<pee>TCC y otras terapias para modificar los esquemas de pensamiento negativos y retomar actividades<\/pee>\n    <\/div>\n<div class=\"feature-card\">\n<div class=\"feature-icon\">\ud83d\udc8a<\/div>\n<h4>Medicamentos<\/h4>\n<pee>Antidepresivos adaptados al contexto de la EM, bajo vigilancia m\u00e9dica<\/pee>\n    <\/div>\n<div class=\"feature-card\">\n<div class=\"feature-icon\">\ud83c\udfc3<\/div>\n<h4>Actividad f\u00edsica<\/h4>\n<pee>El ejercicio tiene efectos antidepresivos probados y accesibles para muchos<\/pee>\n    <\/div>\n<\/div>\n<h3>La actividad f\u00edsica como antidepresivo<\/h3>\n<pee>El ejercicio f\u00edsico tiene efectos antidepresivos bien documentados, comparables a los de los medicamentos para las depresiones leves a moderadas. Favorece la liberaci\u00f3n de endorfinas, mejora el sue\u00f1o, aumenta la autoestima y ofrece un sentimiento de logro. Para las personas con EM, una actividad f\u00edsica adaptada (caminar, nataci\u00f3n, yoga, bicicleta est\u00e1tica) puede ser un complemento valioso al tratamiento de la depresi\u00f3n.<\/pee>\n<h3>La estimulaci\u00f3n cognitiva como apoyo<\/h3>\n<pee>Una vez que la depresi\u00f3n est\u00e1 bajo control, la estimulaci\u00f3n cognitiva con programas como EDITH y JOE puede jugar un papel de apoyo importante. Los ejercicios cognitivos ofrecen objetivos diarios alcanzables, un sentimiento de logro, y pueden ayudar a recuperar la confianza en sus capacidades. No reemplazan el tratamiento de la depresi\u00f3n, pero se suman de manera \u00fatil.<\/pee>\n<blockquote><pee>Mi psiquiatra me recet\u00f3 un antidepresivo y me recomend\u00f3 retomar una actividad f\u00edsica suave. Algunas semanas despu\u00e9s, sent\u00ed que la niebla se levantaba. Entonces pude retomar mis ejercicios con EDITH, que hab\u00eda abandonado completamente durante mi depresi\u00f3n. Hoy, estos ejercicios son parte de mi rutina diaria y me ayudan a mantener el \u00e1nimo.<\/pee>\n    <cite>Pierre, 52 a\u00f1os, EM desde hace 15 a\u00f1os<\/cite>\n<\/p><\/blockquote>\n<h2>Prevenci\u00f3n y mantenimiento del bienestar psicol\u00f3gico<\/h2>\n<pee>M\u00e1s all\u00e1 del tratamiento de los episodios depresivos, es importante implementar estrategias para prevenir la reca\u00edda y mantener un buen equilibrio psicol\u00f3gico en el d\u00eda a d\u00eda. Estas estrategias son parte integral del manejo global de la EM.<\/pee>\n<h3>Construir una red de apoyo<\/h3>\n<pee>El aislamiento social es un factor de riesgo importante para la depresi\u00f3n. Mantener v\u00ednculos sociales, incluso cuando la enfermedad dificulta las salidas, es esencial. Familia, amigos, grupos de pacientes, asociaciones: todas las formas de v\u00ednculo social cuentan. No dude en hablar sobre su enfermedad y sus sentimientos con personas de confianza.<\/pee>\n<h3>Practicar actividades significativas<\/h3>\n<pee>Tener actividades que tengan sentido y que proporcionen placer es un factor protector contra la depresi\u00f3n. Aunque la EM imponga limitaciones, a menudo es posible encontrar actividades adaptadas: lectura, m\u00fasica, jardiner\u00eda, voluntariado, actividades manuales, estimulaci\u00f3n cognitiva con EDITH y JOE. Lo importante es mantener un sentimiento de utilidad y logro.<\/pee>\n<ul>\n<li><strong>Mantener una rutina:<\/strong> Una estructura diaria ayuda a luchar contra la apat\u00eda y el aislamiento<\/li>\n<li><strong>Fijar objetivos realistas:<\/strong> Peque\u00f1os objetivos alcanzables en lugar de proyectos desmesurados<\/li>\n<li><strong>Practicar la gratitud:<\/strong> Anotar cada d\u00eda algunos elementos positivos ayuda a contrarrestar la tendencia negativa<\/li>\n<li><strong>Exponerse a la luz:<\/strong> La luz natural tiene efectos positivos en el estado de \u00e1nimo, especialmente en invierno<\/li>\n<\/ul>\n<div class=\"cta-box\">\n<h4>Recupere el placer de estimular su cerebro<\/h4>\n<pee>Los programas EDITH y JOE pueden convertirse en momentos agradables de su d\u00eda a d\u00eda, contribuyendo a mantener su \u00e1nimo y sus capacidades cognitivas.<\/pee>\n    <a href=\"https:\/\/www.dynseo.com\/es\/apoyar-a-alguien-con-esclerosis-multiple\/\" class=\"cta-button\">Descubra nuestros programas<\/a>\n<\/div>\n<div class=\"conclusion\">\n<h2>Conclusi\u00f3n<\/h2>\n<pee>La depresi\u00f3n es una complicaci\u00f3n frecuente y seria de la esclerosis m\u00faltiple, que va m\u00e1s all\u00e1 de una simple reacci\u00f3n al diagn\u00f3stico. Tiene causas biol\u00f3gicas relacionadas con la enfermedad en s\u00ed misma y un impacto directo en las funciones cognitivas, sum\u00e1ndose a los trastornos ya causados por la EM.<\/pee>\n    <pee>Reconocer la depresi\u00f3n es esencial porque se trata eficazmente. Psicoterapia, medicamentos, actividad f\u00edsica: varios enfoques, a menudo combinados, pueden ayudar a recuperar un mejor estado de \u00e1nimo. Al tratar la depresi\u00f3n, tambi\u00e9n mejoramos las capacidades cognitivas que estaban alteradas por esta.<\/pee>\n    <pee>La prevenci\u00f3n y el mantenimiento del bienestar psicol\u00f3gico son parte integral del manejo de la EM. Red social, actividades significativas, rutina estructurada, estimulaci\u00f3n cognitiva: todos ellos contribuyen a mantener el \u00e1nimo y a preservar sus capacidades cerebrales a largo plazo.<\/pee>\n    <pee style=\"text-align:center;margin-top:30px\"><strong>Cuidar tu \u00e1nimo es cuidar tu cerebro. Nunca dudes en pedir ayuda si te sientes deprimido.<\/strong><\/pee>\n<\/div>\n<\/div>\n<p><\/main><\/p>\n<footer class=\"article-footer\">\n<div class=\"container\">\n        <pee>Art\u00edculo redactado por el equipo <strong>DYNSEO<\/strong>, especialista en aplicaciones de estimulaci\u00f3n cognitiva.<\/pee>\n<div class=\"footer-links\">\n            <a href=\"https:\/\/www.dynseo.com\/es\/apoyar-a-alguien-con-esclerosis-multiple\/\">Esclerosis m\u00faltiple<\/a><br \/>\n            <a href=\"https:\/\/www.dynseo.com\/es\/edith-juegos-de-memoria-faciles-de-usar-para-mayores\/\">EDITH<\/a><br \/>\n            <a href=\"https:\/\/www.dynseo.com\/es\/joe-tu-entrenador-de-entrenamiento-cerebral\/\">JOE<\/a><br \/>\n            <a href=\"https:\/\/www.dynseo.com\/es\/nuestras-herramientas\/\">Nuestros recursos<\/a>\n        <\/div>\n<\/p><\/div>\n<\/footer>\n<\/div>\n<p>[\/et_pb_code][\/et_pb_column][\/et_pb_row][\/et_pb_section]<\/p>\n<p>[et_pb_code]<script type=\"application\/ld+json\">{\"@context\":\"https:\/\/schema.org\",\"@type\":\"FAQPage\",\"mainEntity\":[{\"@type\":\"Question\",\"name\":\"\u00bfQu\u00e9 relaci\u00f3n existe entre la esclerosis m\u00faltiple y la depresi\u00f3n?\",\"acceptedAnswer\":{\"@type\":\"Answer\",\"text\":\"La depresi\u00f3n en la esclerosis m\u00faltiple no es solo una reacci\u00f3n emocional al diagn\u00f3stico, sino una verdadera complicaci\u00f3n de la enfermedad vinculada a los mecanismos propios de la EM. Las lesiones cerebrales pueden afectar regiones implicadas en la regulaci\u00f3n del estado de \u00e1nimo, y la inflamaci\u00f3n cr\u00f3nica influye en neurotransmisores como la serotonina y la dopamina.\"}},{\"@type\":\"Question\",\"name\":\"\u00bfQu\u00e9 porcentaje de personas con esclerosis m\u00faltiple desarrolla depresi\u00f3n?\",\"acceptedAnswer\":{\"@type\":\"Answer\",\"text\":\"La depresi\u00f3n afecta hasta la mitad de las personas con esclerosis m\u00faltiple en alg\u00fan momento de sus vidas, lo que representa una frecuencia muy alta en esta poblaci\u00f3n.\"}},{\"@type\":\"Question\",\"name\":\"\u00bfC\u00f3mo impacta la depresi\u00f3n en las funciones cognitivas de personas con EM?\",\"acceptedAnswer\":{\"@type\":\"Answer\",\"text\":\"La depresi\u00f3n tiene un impacto directo y significativo en las funciones cognitivas de las personas con esclerosis m\u00faltiple, afectando capacidades como la memoria, la atenci\u00f3n y otras habilidades mentales, lo que hace esencial su reconocimiento y tratamiento adecuado.\"}},{\"@type\":\"Question\",\"name\":\"\u00bfLos tratamientos para la EM pueden causar depresi\u00f3n?\",\"acceptedAnswer\":{\"@type\":\"Answer\",\"text\":\"S\u00ed, algunos tratamientos de fondo para la esclerosis m\u00faltiple, especialmente los interferones, pueden tener efectos secundarios que contribuyen al desarrollo de s\u00edntomas depresivos.\"}},{\"@type\":\"Question\",\"name\":\"\u00bfPor qu\u00e9 es importante tratar la depresi\u00f3n en personas con esclerosis m\u00faltiple?\",\"acceptedAnswer\":{\"@type\":\"Answer\",\"text\":\"Reconocer, comprender y tratar adecuadamente la depresi\u00f3n son pasos esenciales para preservar el cerebro y la calidad de vida de las personas con EM, ya que su impacto va m\u00e1s all\u00e1 del estado de \u00e1nimo y afecta directamente las capacidades cognitivas.\"}},{\"@type\":\"Question\",\"name\":\"\u00bfQu\u00e9 mecanismos biol\u00f3gicos explican la depresi\u00f3n en la EM?\",\"acceptedAnswer\":{\"@type\":\"Answer\",\"text\":\"Los mecanismos biol\u00f3gicos incluyen las lesiones cerebrales que afectan regiones de regulaci\u00f3n del estado de \u00e1nimo y la inflamaci\u00f3n cr\u00f3nica presente en la EM que influye en neurotransmisores como la serotonina y la dopamina, fundamentales para el equilibrio emocional.\"}}]}<\/script>[\/et_pb_code]<\/p>\n","protected":false},"excerpt":{"rendered":"","protected":false},"author":4,"featured_media":100456,"comment_status":"closed","ping_status":"closed","sticky":false,"template":"","format":"standard","meta":{"_et_pb_use_builder":"on","_et_pb_old_content":"<div class=\"row animated fadeInUp delay4 duration2 rdk-mb\"><img class=\"alignnone wp-image-23209 size-full\" src=\"https:\/\/www.dynseo.com\/wp-content\/uploads\/2019\/09\/StimArt-Joe-Dynseo.png \" alt=\"entrainement c\u00e9r\u00e9bral\" width=\"1648\" height=\"774\"><\/div>\r\n<div class=\"row rdk-mb rdk-mt\">\r\n<div class=\"hidden-lg hidden-md col-sm-12 col-xs-12 animated fadeInUp duration1\"><img class=\"aligncenter\" src=\"https:\/\/www.dynseo.com\/wp-content\/uploads\/\" alt=\"\" width=\"300\" height=\"287\"><\/div>\r\n<div class=\"col-lg-3 col-md-3 col-sm-6 col-xs-12 rdkp0\">\r\n<ul class=\"rdk-items left\">\r\n<li class=\"animated fadeInLeft duration1 eds-on-scroll\"><img class=\"img-heading\" src=\"https:\/\/www.dynseo.com\/wp-content\/uploads\/\"><\/li>\r\n<li class=\"animated fadeInLeft duration1 eds-on-scroll\">Un programme d\u2019entra\u00eenement c\u00e9r\u00e9bral, utilisant des jeux ludiques et culturels. Ce programme a d\u2019ailleurs \u00e9t\u00e9 labellis\u00e9 MedAppCare, et une \u00e9tude scientifique sur 6 mois a montr\u00e9 des r\u00e9sultats tr\u00e8s positifs.<\/li>\r\n<li class=\"animated fadeInLeft delay1 duration1 eds-on-scroll\"><img class=\"img-heading\" src=\"https:\/\/www.dynseo.com\/wp-content\/uploads\/\"><\/li>\r\n<li class=\"animated fadeInLeft delay1 duration1 eds-on-scroll\">Des niveaux de difficult\u00e9 croissants pour progresser \u00e0 votre rythme et vous fixer de nouveaux objectifs.<\/li>\r\n<li class=\"animated fadeInLeft delay2 duration1 eds-on-scroll\"><img class=\"img-heading\" src=\"https:\/\/www.dynseo.com\/wp-content\/uploads\/2019\/10\/Joe-nouveaut\u00e9-Autisme-handicap-atelier-cognitif-activit\u00e9-cognitive-stimulation-cognitive-ergoth\u00e9rapeute-atelier-personne-ag\u00e9e-activit\u00e9s-pour-seniors-motricit\u00e9-motricit\u00e9-fine.jpg\"><\/li>\r\n<li class=\"animated fadeInLeft delay2 duration1 eds-on-scroll\">Les jeux seront mis \u00e0 jour r\u00e9guli\u00e8rement, et de nouvelles activit\u00e9s seront propos\u00e9es.<\/li>\r\n<\/ul>\r\n<\/div>\r\n<div class=\"col-lg-6 col-md-6 hidden-sm hidden-xs animated fadeInUp duration1 eds-on-scroll\"><img class=\"aligncenter size-full wp-image-23241\" src=\"https:\/\/www.dynseo.com\/wp-content\/uploads\/\" alt=\"\" width=\"1280\" height=\"720\"><\/div>\r\n<div class=\"col-lg-3 col-md-3 col-sm-6 col-xs-12 rdkp0\">\r\n<ul class=\"rdk-items right\">\r\n<li class=\"animated fadeInRight duration1 eds-on-scroll\"><img class=\"img-heading\" src=\"https:\/\/www.dynseo.com\/wp-content\/uploads\/\"><\/li>\r\n<li class=\"animated fadeInRight duration1 eds-on-scroll\">D\u00e9fiez vos amis \u00e0 distance ou un membre de la communaut\u00e9 !<\/li>\r\n<li class=\"animated fadeInRight delay1 duration1 eds-on-scroll\"><img class=\"img-heading\" src=\" https:\/\/www.dynseo.com\/wp-content\/uploads\/2019\/10\/Joe-suivie-de-suzie-Autisme-handicap-atelier-cognitif-activit\u00e9-cognitive-stimulation-cognitive-ergoth\u00e9rapeute-atelier-personne-ag\u00e9e-activit\u00e9s-pour-seniors-motricit\u00e9-motricit\u00e9-fine.jpg\"><\/li>\r\n<li class=\"animated fadeInRight delay1 duration1 eds-on-scroll\">Vous pourrez suivre vos performances et progressions au sein de l\u2019application. Suzie, votre coach c\u00e9r\u00e9bral, vous fera \u00e9galement chaque lundi une analyse de vos performances<\/li>\r\n<li class=\"animated fadeInRight delay2 duration1 eds-on-scroll\"><img class=\"img-heading\" src=\"https:\/\/www.dynseo.com\/wp-content\/uploads\/2019\/09\/StimArt-Joe-D3-jeux-de-m\u00e9moire-jeux-de-logique-jeux-de-m\u00e9moire-pour-seniors-jeux-cerebraux-pour-seniors-jeux-personnes-ag\u00e9es-alzheimer-activit\u00e9s-alzheimer-activit\u00e9s-senior-activit\u00e9s-pour-seniors.png\"><\/li>\r\n<li class=\"animated fadeInRight delay2 duration1 eds-on-scroll\">Disponible au format smartphone ou tablette, Joe fonctionne sans internet. Id\u00e9al pour l\u2019emporter avec vous !<\/li>\r\n<\/ul>\r\n<\/div>\r\n<\/div>\r\n<div class=\"row rdk-mb rdk-mt\">\r\n<div class=\"rdk-download animated fadeInUp duration1 eds-on-scroll\">\r\n<p>\u00a0<\/p>\r\n<p>[row]<br>[column lg=\"6\" md=\"12\" sm=\"12\" xs=\"12\" ]<br><a href=\"https:\/\/play.google.com\/store\/apps\/details?id=com.dynseo.stimart.joe\"><img class=\"wp-image-23591 aligncenter\" src=\"https:\/\/www.dynseo.com\/wp-content\/uploads\/\" alt=\"\" width=\"245\" height=\"93\"><\/a><br>[\/column]<br>[column lg=\"6\" md=\"12\" sm=\"12\" xs=\"12\" ]<br><a href=\"https:\/\/itunes.apple.com\/fr\/app\/stimart-joe\/id1000639419?mt=8\"><img class=\"wp-image-23588 aligncenter\" src=\"https:\/\/www.dynseo.com\/wp-content\/uploads\/\" alt=\"\" width=\"245\" height=\"93\"><\/a><\/p>\r\n<p>\u00a0<\/p>\r\n<p>\u00a0<\/p>\r\n<p>[\/column]<br>[\/row]<\/p>\r\n<p>\u00a0<\/p>\r\n<p style=\"text-align: justify;\">Avec JOE, suivez un programme d'entra\u00eenement c\u00e9r\u00e9bral, afin de faire travailler votre m\u00e9moire, votre logique, votre attention, votre concentration, votre agilit\u00e9 mentale, ainsi que votre bien-\u00eatre au quotidien. Par le biais de jeux de m\u00e9moire ludiques et culturels, l'entra\u00eenement c\u00e9r\u00e9bral sera toujours un plaisir ! Une plateforme de suivi vous permettra de suivre vos progressions et ainsi vous pouvez vous fixer des objectifs \u00e0 atteindre.<\/p>\r\n<p>\u00a0<\/p>\r\n<h2 style=\"text-align: center;\"><strong><span style=\"color: #526fa1;\">UN PROGRAMME DE JEUX DE M\u00c9MOIRE ADAPT<\/span><span style=\"color: #526fa1;\">\u00c9 <\/span><span style=\"color: #526fa1;\">A CHAQUE CULTURE <\/span><\/strong><\/h2>\r\n<p style=\"text-align: justify;\">En plus de la version fran\u00e7aise, d'autres versions adapt\u00e9es \u00e0 chaque culture sont aussi disponibles : la version qu\u00e9b\u00e9coise, suisse, belge, luxembourgeoise et antillaise.<\/p>\r\n<p style=\"text-align: justify;\">Chaque jeu a \u00e9t\u00e9 \u00e9labor\u00e9 en partenariat avec des professionnels de sant\u00e9, afin de s\u2019assurer que toutes les fonctions cognitives soient bien stimul\u00e9es : la concentration, l\u2019attention, la m\u00e9moire visuo-spatiale, la mise en place de strat\u00e9gie, la m\u00e9moire de travail, la rapidit\u00e9, etc. Le programme vise ainsi \u00e0 am\u00e9liorer les performances intellectuelles, l\u2019autonomie cognitive, et ainsi offre une meilleure qualit\u00e9 de vie.<\/p>\r\n<p>\u00a0<\/p>\r\n<h2 style=\"text-align: center;\"><strong><span style=\"color: #526fa1;\">PLUS DE 25 JEUX DE M\u00c9MOIRE POUR ENTRA\u00ceNER VOTRE CERVEAU\u00a0<\/span><\/strong><\/h2>\r\n<p style=\"text-align: justify;\"><strong>Le programme d\u2019entra\u00eenement c\u00e9r\u00e9bral JOE comporte aujourd\u2019hui 25 jeux, et est mis \u00e0 jour tous les mois, avec des nouveaut\u00e9s.<\/strong><\/p>\r\n<p style=\"text-align: justify;\">Les jeux de m\u00e9moire sont un m\u00e9lange entre des jeux culturels (quizz de culture g\u00e9n\u00e9rale, de la chronologie des \u00e9v\u00e9nements, de la litt\u00e9rature, \u2026) et des jeux de r\u00e9flexes et d\u2019attention.<\/p>\r\n<p>\u00a0<\/p>\r\n<p>[row]<br>[column lg=\"4\" md=\"12\" sm=\"12\" xs=\"12\" ]<\/p>\r\n<p style=\"text-align: center;\"><img class=\"aligncenter wp-image-28120 size-medium\" src=\"https:\/\/www.dynseo.com\/wp-content\/uploads\/2020\/03\/Le-promeneur-1-300x199.png\" alt=\"\" width=\"300\" height=\"199\"><\/p>\r\n<p style=\"text-align: center;\"><b style=\"color: #007f7f;\"><span style=\"color: #526fa1;\">Le Promeneur<\/span>\u00a0<\/b>: un jeu o\u00f9 vous devez aider le promeneur \u00e0 retrouver son chemin. Attention, vous disposez de nombreuses pi\u00e8ces mais certaines n\u2019ont pas d\u2019utilit\u00e9 et sont en trop ! Ce jeu fait travailler la logique, ainsi que le rep\u00e9rage visuo-spatial.<\/p>\r\n<p style=\"text-align: center;\">[\/column]<br>[column lg=\"4\" md=\"12\" sm=\"12\" xs=\"12\" ]<\/p>\r\n<p style=\"text-align: center;\"><img class=\"aligncenter wp-image-28144 size-medium\" src=\"https:\/\/www.dynseo.com\/wp-content\/uploads\/2020\/03\/Quizzle-1-300x199.png\" alt=\"\" width=\"300\" height=\"199\"><\/p>\r\n<p style=\"text-align: center;\"><span style=\"color: #526fa1;\"><strong>Quizzle<\/strong><\/span> : un jeu o\u00f9 vous testez votre culture g\u00e9n\u00e9rale ! R\u00e9pondez \u00e0 de nombreuses questions d\u2019histoire, g\u00e9ographie, cin\u00e9ma etc\u2026 pour d\u00e9couvrir l\u2019image cach\u00e9e. Ce jeu fait appel \u00e0 votre m\u00e9moire ancienne !<\/p>\r\n<p style=\"text-align: center;\">[\/column]<br>[column lg=\"4\" md=\"12\" sm=\"12\" xs=\"12\" ]<\/p>\r\n<p style=\"text-align: center;\"><img class=\"aligncenter wp-image-28095 size-medium\" src=\"https:\/\/www.dynseo.com\/wp-content\/uploads\/2020\/03\/ColorForm-1-300x199.png\" alt=\"\" width=\"300\" height=\"199\"><\/p>\r\n<p style=\"text-align: center;\"><span style=\"color: #526fa1;\"><strong>ColorForm<\/strong><\/span>\u00a0: un jeu o\u00f9 il faut rapidement trouver la m\u00eame forme et\/ou couleur que dans l\u2019exemple. Ce jeu se joue aussi en multijoueur. Ce jeu fait appel \u00e0 votre concentration, votre m\u00e9moire visuelle mais aussi votre rep\u00e9rage visuo-spatial.<\/p>\r\n<p style=\"text-align: center;\">[\/column]<br>[\/row]<\/p>\r\n<p style=\"text-align: center;\">\r\n<\/p><p>[row]<br>[column lg=\"4\" md=\"12\" sm=\"12\" xs=\"12\" ]<\/p>\r\n<p><span style=\"color: #526fa1;\"><img class=\"aligncenter wp-image-28083 size-medium\" src=\"https:\/\/www.dynseo.com\/wp-content\/uploads\/2020\/03\/Calculus-300x199.png\" alt=\"\" width=\"300\" height=\"199\"><\/span><\/p>\r\n<p><span style=\"color: #526fa1;\"><strong>Calculus<\/strong><\/span>\u00a0: un jeu de calcul mental o\u00f9 il faut r\u00e9soudre des op\u00e9rations. Deux modes de jeux sont propos\u00e9s : r\u00e9ponse avec 4 propositions ou r\u00e9ponse libre.<\/p>\r\n<p>[\/column]<br>[column lg=\"4\" md=\"12\" sm=\"12\" xs=\"12\" ]<\/p>\r\n<p style=\"text-align: center;\"><img class=\"aligncenter wp-image-28160 size-medium\" src=\"https:\/\/www.dynseo.com\/wp-content\/uploads\/2020\/03\/Sudoku-1-300x199.png\" alt=\"\" width=\"300\" height=\"199\"><\/p>\r\n<p style=\"text-align: center;\"><span style=\"color: #526fa1;\"><strong>Sudoku<\/strong><\/span>\u00a0: le c\u00e9l\u00e8bre jeu de casse-t\u00eate japonais o\u00f9 il faut remplir la grille avec les chiffres correspondants. Pour plus de divertissement, un mode o\u00f9 il faut remplir avec des formes est \u00e9galement pr\u00e9sent !<\/p>\r\n<p>[\/column]<br>[column lg=\"4\" md=\"12\" sm=\"12\" xs=\"12\" ]<\/p>\r\n<p style=\"text-align: center;\"><img class=\"aligncenter wp-image-28087 size-medium\" src=\"https:\/\/www.dynseo.com\/wp-content\/uploads\/2020\/03\/Cascade-Infernale-1-300x199.png\" alt=\"\" width=\"300\" height=\"199\"><\/p>\r\n<p style=\"text-align: center;\"><span style=\"color: #007f7f;\"><span style=\"color: #526fa1;\"><strong>Cascade Infernale <\/strong><\/span><span style=\"color: #333333;\">: Sur Cascade, il faut cocher les diff\u00e9rences sur les symboles qui d\u00e9filent \u00e0 l'\u00e9cran ! Ce jeu fait travailler l'attention, les fonctions ex\u00e9cutives, la rapidit\u00e9, ainsi que le rep\u00e9rage visuo-spatial.<\/span><\/span><\/p>\r\n<p>[\/column]<br>[\/row]<\/p>\r\n<p>\u00a0<\/p>\r\n<p>[row]<br>[column lg=\"4\" md=\"12\" sm=\"12\" xs=\"12\" ]<\/p>\r\n<p style=\"text-align: center;\"><img class=\"aligncenter wp-image-28185 size-medium\" src=\"https:\/\/www.dynseo.com\/wp-content\/uploads\/2020\/03\/Mamie-Cuisine-2-300x199.png\" alt=\"\" width=\"300\" height=\"199\"><\/p>\r\n<p style=\"text-align: center;\"><span style=\"color: #526fa1;\"><span style=\"caret-color: #007f7f; font-weight: 600;\">Mamie<\/span><b>\u00a0Cuisine<\/b><\/span> : un jeu o\u00f9 il faut retenir les recettes de cuisine, comme ici la recette de la daube de boeuf, en se rappelant de toutes les quantit\u00e9s. Ce jeu fait travailler la m\u00e9moire s\u00e9mantique, la m\u00e9moire \u00e9pisodique, la m\u00e9moire autobiographique, ainsi que la m\u00e9moire de travail\u2026 et la gourmandise !<\/p>\r\n<p>[\/column]<br>[column lg=\"4\" md=\"12\" sm=\"12\" xs=\"12\" ]<\/p>\r\n<p style=\"text-align: center;\"><img class=\"aligncenter wp-image-28168 size-medium\" src=\"https:\/\/www.dynseo.com\/wp-content\/uploads\/2020\/03\/Tour-du-Monde-1-300x199.png\" alt=\"\" width=\"300\" height=\"199\"><\/p>\r\n<p style=\"text-align: center;\"><span style=\"color: #007f7f;\"><strong><span style=\"color: #526fa1;\">Tour du Monde<\/span>\u00a0<\/strong><\/span>: un jeu o\u00f9 il faut placer les pays Europ\u00e9ens sur la carte. Si vous ne savez pas, vous pouvez d\u00e9penser vos \u201cp\u00e9pettes\u201d gagn\u00e9es, afin d\u2019obtenir des indices. Alors o\u00f9 se situe le Royaume-Uni ? Ce jeu fait travailler la m\u00e9moire s\u00e9mantique, mais aussi le rep\u00e9rage visuo-spatial, les gnosies visuelles et la m\u00e9moire visuelle.<\/p>\r\n<p>[\/column]<br>[column lg=\"4\" md=\"12\" sm=\"12\" xs=\"12\" ]<\/p>\r\n<p style=\"text-align: center;\"><img class=\"aligncenter wp-image-28189 size-medium\" src=\"https:\/\/www.dynseo.com\/wp-content\/uploads\/2020\/03\/Chasse-\u00e0-lintru-300x201.png\" alt=\"\" width=\"300\" height=\"201\"><\/p>\r\n<p style=\"text-align: center;\"><span style=\"color: #007f7f;\"><strong><span style=\"color: #526fa1;\">Chasse \u00e0 l'Intrus<\/span>\u00a0<\/strong><\/span>: comme son nom l\u2019indique, il faut retrouver l\u2019intrus parmi les 4 propositions. Ce jeu peut de plus \u00eatre utilis\u00e9 en multijoueur et vous permet d'affronter d'autres joueurs de la communaut\u00e9 en ligne.<\/p>\r\n<p>[\/column]<br>[\/row]<\/p>\r\n<p style=\"text-align: center;\">\r\n<\/p><h2 style=\"text-align: center;\"><strong><span style=\"color: #526fa1;\">STIM'ART JOE EN 1 MINUTE <\/span><\/strong><\/h2>\r\n<p style=\"text-align: left;\">[row]<br>[column lg=\"4\" md=\"12\" sm=\"12\" xs=\"12\" ]<\/p>\r\n<p>[\/column]<br>[column lg=\"4\" md=\"12\" sm=\"12\" xs=\"12\" ]<br><iframe src=\"https:\/\/www.youtube.com\/embed\/CSIagrMgq-c\" width=\"560\" height=\"315\" frameborder=\"0\" allowfullscreen=\"allowfullscreen\"><\/iframe><br>[\/column]<br>[column lg=\"4\" md=\"12\" sm=\"12\" xs=\"12\" ]<\/p>\r\n<p>[\/column]<br>[\/row]<\/p>\r\n<p>\u00a0<\/p>\r\n<h2 style=\"text-align: center;\"><span style=\"color: #526fa1;\"><strong>UN SUIVI PERSONNALISE AVEC SUZIE<\/strong>\u00a0<\/span><\/h2>\r\n<p>[row]<br>[column lg=\"6\" md=\"12\" sm=\"12\" xs=\"12\" mdclear=\"yes\" ]<\/p>\r\n<p style=\"text-align: justify;\">Ce ne sont pas que des jeux ! En effet l\u2019int\u00e9r\u00eat est de pouvoir mesurer ses performances et rep\u00e9rer ses fragilit\u00e9s. Au sein de l\u2019application, vous avez acc\u00e8s \u00e0 une partie simplifi\u00e9e de vos r\u00e9sultats : niveaux de difficult\u00e9, jeux favoris, taux de r\u00e9ussite, nombre de parties jou\u00e9es mais aussi\u2026 aux fonctions cognitives travaill\u00e9es pour chaque jeu.<\/p>\r\n<p style=\"text-align: justify;\"><span style=\"color: #526fa1;\"><strong>De quoi suivre vos progr\u00e8s au quotidien et construire un programme d\u2019entra\u00eenement c\u00e9r\u00e9bral selon vos besoins.<\/strong><\/span><\/p>\r\n<p>De plus, <span style=\"color: #526fa1;\"><strong>Suzie votre coach c\u00e9r\u00e9bral<\/strong><\/span>, vous enverra tous les lundis matins un bilan de votre semaine, et vous conseillera sur les jeux de m\u00e9moire \u00e0 utiliser en fonction des objectifs \u00e0 atteindre.<\/p>\r\n<p><img class=\"aligncenter  wp-image-18725\" src=\"https:\/\/www.dynseo.com\/wp-content\/uploads\/\" alt=\"\" width=\"192\" height=\"158\"><\/p>\r\n<p style=\"text-align: justify;\">\r\n<\/p><p>[\/column]<br>[column lg=\"6\" md=\"12\" sm=\"12\" xs=\"12\" ]<br><img class=\"aligncenter wp-image-10139\" src=\"https:\/\/www.dynseo.com\/wp-content\/uploads\/2018\/10\/Ecran-statistiques.png\" alt=\"jeux ludiques et culturels senior\" width=\"573\" height=\"382\"><br>[\/column]<br>[\/row]<\/p>\r\n<h2 style=\"text-align: center;\">\u00a0<\/h2>\r\n<h2 style=\"text-align: center;\"><strong><span style=\"color: #526fa1;\">UN ENTRAINEMENT C\u00c9R\u00c9BRAL COMPLET <\/span><\/strong><\/h2>\r\n<ul>\r\n<li>Une application mise \u00e0 jour r\u00e9guli\u00e8rement<img class=\"size-full wp-image-10142 alignright\" src=\"https:\/\/www.dynseo.com\/wp-content\/uploads\/\" alt=\"\" width=\"400\" height=\"151\"><\/li>\r\n<li>Une ergonomie est simple et intuitive<\/li>\r\n<li>Les jeux fonctionnent sans Wifi<\/li>\r\n<li>Possibilit\u00e9 de jouer \u00e0 plusieurs sur la m\u00eame tablette, et m\u00eame \u00e0 distance !<\/li>\r\n<\/ul>\r\n<h3><span style=\"color: #526fa1;\">Une \u00e9tude scientifique<\/span><\/h3>\r\n<p>[row]<br>[column lg=\"6\" md=\"12\" sm=\"12\" xs=\"12\" ]<br>Une \u00e9tude scientifique \"Adoption and Use of a Mobile Health Application in Older Adults for Cognitive Stimulation\" - Etude r\u00e9alis\u00e9e par Mobin YASINI et Guillaume MARCHAND - sur l'adoption et l'utilisation du programme de stimulation cognitive Stim'Art a d\u00e9montr\u00e9 les \u00e9l\u00e9ments suivants :<\/p>\r\n<ul>\r\n<li>Un\u00a0<span style=\"color: #007f7f;\"><strong><span style=\"color: #526fa1;\">taux de r\u00e9ussite globale en progr\u00e8s<\/span><\/strong><\/span>\u00a0qui atteint 70,84% au bout de 6 mois<\/li>\r\n<li>Une\u00a0<span style=\"color: #526fa1;\"><strong>\u00e9volution du bien-\u00eatre<\/strong><\/span><\/li>\r\n<\/ul>\r\n<p><a href=\"https:\/\/www.dynseo.com\/wp-content\/uploads\/2018\/10\/Etudes-DMD-StimArt.pdf\"><img class=\"aligncenter wp-image-28735 size-medium\" src=\"https:\/\/www.dynseo.com\/wp-content\/uploads\/2020\/04\/Bouton-en-savoir-plus-300x90.png\" alt=\"\" width=\"300\" height=\"90\"><\/a><br>[\/column]<br>[column lg=\"6\" md=\"12\" sm=\"12\" xs=\"12\" ]<br><img class=\"wp-image-10244 aligncenter\" src=\"https:\/\/www.dynseo.com\/wp-content\/uploads\/2018\/10\/VisuelFinalEtudeClinique.png\" alt=\"\" width=\"653\" height=\"404\"><br>[\/column]<br>[\/row]<\/p>\r\n<p>\u00a0<\/p>\r\n<h2 style=\"text-align: center;\"><strong><span style=\"color: #526fa1;\">ABONNEZ-VOUS A PRIX DOUX\u00a0<\/span><\/strong><\/h2>\r\n<p>[ARPrice id=112]<\/p>\r\n<h2 style=\"text-align: center;\"><strong><span style=\"color: #526fa1;\">LA JOE FAMILY<\/span><\/strong><\/h2>\r\n<h3>[ARPrice id=115]<\/h3>\r\n<h3>\u00a0<\/h3>\r\n<h3 style=\"text-align: center;\"><span style=\"color: #526fa1;\"><span style=\"color: #526fa1;\">TOUTE LA FAMILLE SOUHAITE JOUER A JOE ? <span style=\"font-size: 18.72px;\">D\u00c9COUVREZ<\/span> STIM'ART FAMILLE<\/span> <\/span><br>[column lg=\"6\" md=\"12\" sm=\"12\" xs=\"12\" ]<\/h3>\r\n<p>Le b\u00e9n\u00e9ficiaire du cadeau Stim\u2019Art Famille, <span style=\"color: #526fa1;\"><strong>le chef de famille<\/strong>,<\/span>\u00a0 obtient un an d\u2019abonnement \u00e0 notre programme de jeux de m\u00e9moire Stim\u2019Art JOE. Il obtient \u00e9galement 6 cartes Famille, qu\u2019il va pouvoir distribuer \u00e0 6 joueurs de son choix, qui vont alors jouer en \u00e9quipe et constituer une famille.<\/p>\r\n<p>Chaque joueur re\u00e7oit alors une carte, avec la d\u00e9marche \u00e0 suivre :<\/p>\r\n<ul>\r\n<li>Il devra alors t\u00e9l\u00e9charger l\u2019application \u201cFamily Joe\u201d sur son smartphone ou sa tablette (Android ou Apple)<\/li>\r\n<li>Il rentrera le code Famille inscrit sur sa carte,<\/li>\r\n<li>Il rejoindra sa famille et pourra d\u00e9fier ses proches ou d\u2019autres familles<\/li>\r\n<\/ul>\r\n<p>[\/column]<br>[column lg=\"6\" md=\"12\" sm=\"12\" xs=\"12\" ]<br><img class=\" wp-image-10141 aligncenter\" src=\"https:\/\/www.dynseo.com\/wp-content\/uploads\/\" alt=\"\" width=\"384\" height=\"242\"><\/p>\r\n<p><a href=\"https:\/\/www.dynseo.com\/jeux-de-memoire\/stimart-famille-jeux-en-ligne\/\"><img class=\"aligncenter wp-image-28735 size-medium\" src=\"https:\/\/www.dynseo.com\/wp-content\/uploads\/2020\/04\/Bouton-en-savoir-plus-300x90.png\" alt=\"\" width=\"300\" height=\"90\"><\/a>[\/column]<\/p>\r\n<p>\u00a0<\/p><\/div><\/div>\r\n\r\n\r\n<h2>\u00a0<\/h2>\r\n\r\n\r\n\r\n\r\n\r\n","_et_gb_content_width":"","footnotes":""},"categories":[2993],"tags":[],"class_list":["post-489816","post","type-post","status-publish","format-standard","has-post-thumbnail","hentry","category-2993"],"yoast_head":"<!-- This site is optimized with the Yoast SEO plugin v27.4 - https:\/\/yoast.com\/product\/yoast-seo-wordpress\/ -->\n<title>SEP et D\u00e9pression : Quand l&#039;Humeur Affecte la Cognition | DYNSEO - DYNSEO - Aplicaci\u00f3n educativa y juegos de memoria<\/title>\n<meta name=\"robots\" content=\"index, follow, max-snippet:-1, max-image-preview:large, max-video-preview:-1\" \/>\n<link rel=\"canonical\" href=\"https:\/\/www.dynseo.com\/es\/sep-et-depression-quand-lhumeur-affecte-la-cognition-dynseo-2\/\" \/>\n<meta property=\"og:locale\" content=\"es_ES\" \/>\n<meta property=\"og:type\" content=\"article\" \/>\n<meta property=\"og:title\" content=\"SEP et D\u00e9pression : Quand l&#039;Humeur Affecte la Cognition | DYNSEO - DYNSEO - Aplicaci\u00f3n educativa y juegos de memoria\" \/>\n<meta property=\"og:url\" content=\"https:\/\/www.dynseo.com\/es\/sep-et-depression-quand-lhumeur-affecte-la-cognition-dynseo-2\/\" \/>\n<meta property=\"og:site_name\" content=\"DYNSEO - Aplicaci\u00f3n educativa y juegos de memoria\" \/>\n<meta property=\"article:published_time\" content=\"2026-01-25T14:35:40+00:00\" \/>\n<meta property=\"article:modified_time\" content=\"2026-03-12T19:18:50+00:00\" \/>\n<meta property=\"og:image\" content=\"https:\/\/www.dynseo.com\/wp-content\/uploads\/2023\/03\/telemedecine-ehpad.png\" \/>\n\t<meta property=\"og:image:width\" content=\"500\" \/>\n\t<meta property=\"og:image:height\" content=\"500\" \/>\n\t<meta property=\"og:image:type\" content=\"image\/png\" \/>\n<meta name=\"author\" content=\"DYNSEO\" \/>\n<meta name=\"twitter:label1\" content=\"Escrito por\" \/>\n\t<meta name=\"twitter:data1\" content=\"DYNSEO\" \/>\n\t<meta name=\"twitter:label2\" content=\"Tiempo de lectura\" \/>\n\t<meta name=\"twitter:data2\" content=\"12 minutos\" \/>\n<script type=\"application\/ld+json\" class=\"yoast-schema-graph\">{\"@context\":\"https:\\\/\\\/schema.org\",\"@graph\":[{\"@type\":\"Article\",\"@id\":\"https:\\\/\\\/www.dynseo.com\\\/es\\\/sep-et-depression-quand-lhumeur-affecte-la-cognition-dynseo-2\\\/#article\",\"isPartOf\":{\"@id\":\"https:\\\/\\\/www.dynseo.com\\\/es\\\/sep-et-depression-quand-lhumeur-affecte-la-cognition-dynseo-2\\\/\"},\"author\":{\"name\":\"DYNSEO\",\"@id\":\"https:\\\/\\\/www.dynseo.com\\\/es\\\/#\\\/schema\\\/person\\\/78ef63df2ee64e0989bc68f8401b38d6\"},\"headline\":\"SEP et D\u00e9pression : Quand l&#8217;Humeur Affecte la Cognition | DYNSEO\",\"datePublished\":\"2026-01-25T14:35:40+00:00\",\"dateModified\":\"2026-03-12T19:18:50+00:00\",\"mainEntityOfPage\":{\"@id\":\"https:\\\/\\\/www.dynseo.com\\\/es\\\/sep-et-depression-quand-lhumeur-affecte-la-cognition-dynseo-2\\\/\"},\"wordCount\":2330,\"publisher\":{\"@id\":\"https:\\\/\\\/www.dynseo.com\\\/es\\\/#organization\"},\"image\":{\"@id\":\"https:\\\/\\\/www.dynseo.com\\\/es\\\/sep-et-depression-quand-lhumeur-affecte-la-cognition-dynseo-2\\\/#primaryimage\"},\"thumbnailUrl\":\"https:\\\/\\\/www.dynseo.com\\\/wp-content\\\/uploads\\\/2023\\\/03\\\/telemedecine-ehpad.png\",\"articleSection\":[\"\u672a\u5206\u7c7b - unclassified\"],\"inLanguage\":\"es\"},{\"@type\":\"WebPage\",\"@id\":\"https:\\\/\\\/www.dynseo.com\\\/es\\\/sep-et-depression-quand-lhumeur-affecte-la-cognition-dynseo-2\\\/\",\"url\":\"https:\\\/\\\/www.dynseo.com\\\/es\\\/sep-et-depression-quand-lhumeur-affecte-la-cognition-dynseo-2\\\/\",\"name\":\"SEP et D\u00e9pression : Quand l'Humeur Affecte la Cognition | DYNSEO - DYNSEO - Aplicaci\u00f3n educativa y juegos de memoria\",\"isPartOf\":{\"@id\":\"https:\\\/\\\/www.dynseo.com\\\/es\\\/#website\"},\"primaryImageOfPage\":{\"@id\":\"https:\\\/\\\/www.dynseo.com\\\/es\\\/sep-et-depression-quand-lhumeur-affecte-la-cognition-dynseo-2\\\/#primaryimage\"},\"image\":{\"@id\":\"https:\\\/\\\/www.dynseo.com\\\/es\\\/sep-et-depression-quand-lhumeur-affecte-la-cognition-dynseo-2\\\/#primaryimage\"},\"thumbnailUrl\":\"https:\\\/\\\/www.dynseo.com\\\/wp-content\\\/uploads\\\/2023\\\/03\\\/telemedecine-ehpad.png\",\"datePublished\":\"2026-01-25T14:35:40+00:00\",\"dateModified\":\"2026-03-12T19:18:50+00:00\",\"breadcrumb\":{\"@id\":\"https:\\\/\\\/www.dynseo.com\\\/es\\\/sep-et-depression-quand-lhumeur-affecte-la-cognition-dynseo-2\\\/#breadcrumb\"},\"inLanguage\":\"es\",\"potentialAction\":[{\"@type\":\"ReadAction\",\"target\":[\"https:\\\/\\\/www.dynseo.com\\\/es\\\/sep-et-depression-quand-lhumeur-affecte-la-cognition-dynseo-2\\\/\"]}]},{\"@type\":\"ImageObject\",\"inLanguage\":\"es\",\"@id\":\"https:\\\/\\\/www.dynseo.com\\\/es\\\/sep-et-depression-quand-lhumeur-affecte-la-cognition-dynseo-2\\\/#primaryimage\",\"url\":\"https:\\\/\\\/www.dynseo.com\\\/wp-content\\\/uploads\\\/2023\\\/03\\\/telemedecine-ehpad.png\",\"contentUrl\":\"https:\\\/\\\/www.dynseo.com\\\/wp-content\\\/uploads\\\/2023\\\/03\\\/telemedecine-ehpad.png\",\"width\":500,\"height\":500,\"caption\":\"Estimulaci\u00f3n mental para una vida m\u00e1s plena\"},{\"@type\":\"BreadcrumbList\",\"@id\":\"https:\\\/\\\/www.dynseo.com\\\/es\\\/sep-et-depression-quand-lhumeur-affecte-la-cognition-dynseo-2\\\/#breadcrumb\",\"itemListElement\":[{\"@type\":\"ListItem\",\"position\":1,\"name\":\"Accueil\",\"item\":\"https:\\\/\\\/www.dynseo.com\\\/es\\\/\"},{\"@type\":\"ListItem\",\"position\":2,\"name\":\"SEP et D\u00e9pression : Quand l&#8217;Humeur Affecte la Cognition | DYNSEO\"}]},{\"@type\":\"WebSite\",\"@id\":\"https:\\\/\\\/www.dynseo.com\\\/es\\\/#website\",\"url\":\"https:\\\/\\\/www.dynseo.com\\\/es\\\/\",\"name\":\"Jeux de m\u00e9moire et stimulation cognitive\",\"description\":\"Entra\u00eenez votre m\u00e9moire et votre cerveau avec DYNSEO\",\"publisher\":{\"@id\":\"https:\\\/\\\/www.dynseo.com\\\/es\\\/#organization\"},\"potentialAction\":[{\"@type\":\"SearchAction\",\"target\":{\"@type\":\"EntryPoint\",\"urlTemplate\":\"https:\\\/\\\/www.dynseo.com\\\/es\\\/?s={search_term_string}\"},\"query-input\":{\"@type\":\"PropertyValueSpecification\",\"valueRequired\":true,\"valueName\":\"search_term_string\"}}],\"inLanguage\":\"es\"},{\"@type\":\"Organization\",\"@id\":\"https:\\\/\\\/www.dynseo.com\\\/es\\\/#organization\",\"name\":\"DYNSEO\",\"url\":\"https:\\\/\\\/www.dynseo.com\\\/es\\\/\",\"logo\":{\"@type\":\"ImageObject\",\"inLanguage\":\"es\",\"@id\":\"https:\\\/\\\/www.dynseo.com\\\/es\\\/#\\\/schema\\\/logo\\\/image\\\/\",\"url\":\"https:\\\/\\\/www.dynseo.com\\\/wp-content\\\/uploads\\\/2022\\\/05\\\/logo-dynseo-new.png\",\"contentUrl\":\"https:\\\/\\\/www.dynseo.com\\\/wp-content\\\/uploads\\\/2022\\\/05\\\/logo-dynseo-new.png\",\"width\":5073,\"height\":1397,\"caption\":\"DYNSEO\"},\"image\":{\"@id\":\"https:\\\/\\\/www.dynseo.com\\\/es\\\/#\\\/schema\\\/logo\\\/image\\\/\"}},{\"@type\":\"Person\",\"@id\":\"https:\\\/\\\/www.dynseo.com\\\/es\\\/#\\\/schema\\\/person\\\/78ef63df2ee64e0989bc68f8401b38d6\",\"name\":\"DYNSEO\",\"url\":\"https:\\\/\\\/www.dynseo.com\\\/es\\\/author\\\/justine\\\/\"}]}<\/script>\n<!-- \/ Yoast SEO plugin. -->","yoast_head_json":{"title":"SEP et D\u00e9pression : Quand l'Humeur Affecte la Cognition | DYNSEO - DYNSEO - Aplicaci\u00f3n educativa y juegos de memoria","robots":{"index":"index","follow":"follow","max-snippet":"max-snippet:-1","max-image-preview":"max-image-preview:large","max-video-preview":"max-video-preview:-1"},"canonical":"https:\/\/www.dynseo.com\/es\/sep-et-depression-quand-lhumeur-affecte-la-cognition-dynseo-2\/","og_locale":"es_ES","og_type":"article","og_title":"SEP et D\u00e9pression : Quand l'Humeur Affecte la Cognition | DYNSEO - DYNSEO - Aplicaci\u00f3n educativa y juegos de memoria","og_url":"https:\/\/www.dynseo.com\/es\/sep-et-depression-quand-lhumeur-affecte-la-cognition-dynseo-2\/","og_site_name":"DYNSEO - Aplicaci\u00f3n educativa y juegos de memoria","article_published_time":"2026-01-25T14:35:40+00:00","article_modified_time":"2026-03-12T19:18:50+00:00","og_image":[{"width":500,"height":500,"url":"https:\/\/www.dynseo.com\/wp-content\/uploads\/2023\/03\/telemedecine-ehpad.png","type":"image\/png"}],"author":"DYNSEO","twitter_misc":{"Escrito por":"DYNSEO","Tiempo de lectura":"12 minutos"},"schema":{"@context":"https:\/\/schema.org","@graph":[{"@type":"Article","@id":"https:\/\/www.dynseo.com\/es\/sep-et-depression-quand-lhumeur-affecte-la-cognition-dynseo-2\/#article","isPartOf":{"@id":"https:\/\/www.dynseo.com\/es\/sep-et-depression-quand-lhumeur-affecte-la-cognition-dynseo-2\/"},"author":{"name":"DYNSEO","@id":"https:\/\/www.dynseo.com\/es\/#\/schema\/person\/78ef63df2ee64e0989bc68f8401b38d6"},"headline":"SEP et D\u00e9pression : Quand l&#8217;Humeur Affecte la Cognition | DYNSEO","datePublished":"2026-01-25T14:35:40+00:00","dateModified":"2026-03-12T19:18:50+00:00","mainEntityOfPage":{"@id":"https:\/\/www.dynseo.com\/es\/sep-et-depression-quand-lhumeur-affecte-la-cognition-dynseo-2\/"},"wordCount":2330,"publisher":{"@id":"https:\/\/www.dynseo.com\/es\/#organization"},"image":{"@id":"https:\/\/www.dynseo.com\/es\/sep-et-depression-quand-lhumeur-affecte-la-cognition-dynseo-2\/#primaryimage"},"thumbnailUrl":"https:\/\/www.dynseo.com\/wp-content\/uploads\/2023\/03\/telemedecine-ehpad.png","articleSection":["\u672a\u5206\u7c7b - unclassified"],"inLanguage":"es"},{"@type":"WebPage","@id":"https:\/\/www.dynseo.com\/es\/sep-et-depression-quand-lhumeur-affecte-la-cognition-dynseo-2\/","url":"https:\/\/www.dynseo.com\/es\/sep-et-depression-quand-lhumeur-affecte-la-cognition-dynseo-2\/","name":"SEP et D\u00e9pression : Quand l'Humeur Affecte la Cognition | DYNSEO - DYNSEO - Aplicaci\u00f3n educativa y juegos de memoria","isPartOf":{"@id":"https:\/\/www.dynseo.com\/es\/#website"},"primaryImageOfPage":{"@id":"https:\/\/www.dynseo.com\/es\/sep-et-depression-quand-lhumeur-affecte-la-cognition-dynseo-2\/#primaryimage"},"image":{"@id":"https:\/\/www.dynseo.com\/es\/sep-et-depression-quand-lhumeur-affecte-la-cognition-dynseo-2\/#primaryimage"},"thumbnailUrl":"https:\/\/www.dynseo.com\/wp-content\/uploads\/2023\/03\/telemedecine-ehpad.png","datePublished":"2026-01-25T14:35:40+00:00","dateModified":"2026-03-12T19:18:50+00:00","breadcrumb":{"@id":"https:\/\/www.dynseo.com\/es\/sep-et-depression-quand-lhumeur-affecte-la-cognition-dynseo-2\/#breadcrumb"},"inLanguage":"es","potentialAction":[{"@type":"ReadAction","target":["https:\/\/www.dynseo.com\/es\/sep-et-depression-quand-lhumeur-affecte-la-cognition-dynseo-2\/"]}]},{"@type":"ImageObject","inLanguage":"es","@id":"https:\/\/www.dynseo.com\/es\/sep-et-depression-quand-lhumeur-affecte-la-cognition-dynseo-2\/#primaryimage","url":"https:\/\/www.dynseo.com\/wp-content\/uploads\/2023\/03\/telemedecine-ehpad.png","contentUrl":"https:\/\/www.dynseo.com\/wp-content\/uploads\/2023\/03\/telemedecine-ehpad.png","width":500,"height":500,"caption":"Estimulaci\u00f3n mental para una vida m\u00e1s plena"},{"@type":"BreadcrumbList","@id":"https:\/\/www.dynseo.com\/es\/sep-et-depression-quand-lhumeur-affecte-la-cognition-dynseo-2\/#breadcrumb","itemListElement":[{"@type":"ListItem","position":1,"name":"Accueil","item":"https:\/\/www.dynseo.com\/es\/"},{"@type":"ListItem","position":2,"name":"SEP et D\u00e9pression : Quand l&#8217;Humeur Affecte la Cognition | DYNSEO"}]},{"@type":"WebSite","@id":"https:\/\/www.dynseo.com\/es\/#website","url":"https:\/\/www.dynseo.com\/es\/","name":"Jeux de m\u00e9moire et stimulation cognitive","description":"Entra\u00eenez votre m\u00e9moire et votre cerveau avec DYNSEO","publisher":{"@id":"https:\/\/www.dynseo.com\/es\/#organization"},"potentialAction":[{"@type":"SearchAction","target":{"@type":"EntryPoint","urlTemplate":"https:\/\/www.dynseo.com\/es\/?s={search_term_string}"},"query-input":{"@type":"PropertyValueSpecification","valueRequired":true,"valueName":"search_term_string"}}],"inLanguage":"es"},{"@type":"Organization","@id":"https:\/\/www.dynseo.com\/es\/#organization","name":"DYNSEO","url":"https:\/\/www.dynseo.com\/es\/","logo":{"@type":"ImageObject","inLanguage":"es","@id":"https:\/\/www.dynseo.com\/es\/#\/schema\/logo\/image\/","url":"https:\/\/www.dynseo.com\/wp-content\/uploads\/2022\/05\/logo-dynseo-new.png","contentUrl":"https:\/\/www.dynseo.com\/wp-content\/uploads\/2022\/05\/logo-dynseo-new.png","width":5073,"height":1397,"caption":"DYNSEO"},"image":{"@id":"https:\/\/www.dynseo.com\/es\/#\/schema\/logo\/image\/"}},{"@type":"Person","@id":"https:\/\/www.dynseo.com\/es\/#\/schema\/person\/78ef63df2ee64e0989bc68f8401b38d6","name":"DYNSEO","url":"https:\/\/www.dynseo.com\/es\/author\/justine\/"}]}},"_links":{"self":[{"href":"https:\/\/www.dynseo.com\/es\/wp-json\/wp\/v2\/posts\/489816","targetHints":{"allow":["GET"]}}],"collection":[{"href":"https:\/\/www.dynseo.com\/es\/wp-json\/wp\/v2\/posts"}],"about":[{"href":"https:\/\/www.dynseo.com\/es\/wp-json\/wp\/v2\/types\/post"}],"author":[{"embeddable":true,"href":"https:\/\/www.dynseo.com\/es\/wp-json\/wp\/v2\/users\/4"}],"replies":[{"embeddable":true,"href":"https:\/\/www.dynseo.com\/es\/wp-json\/wp\/v2\/comments?post=489816"}],"version-history":[{"count":4,"href":"https:\/\/www.dynseo.com\/es\/wp-json\/wp\/v2\/posts\/489816\/revisions"}],"predecessor-version":[{"id":517250,"href":"https:\/\/www.dynseo.com\/es\/wp-json\/wp\/v2\/posts\/489816\/revisions\/517250"}],"wp:featuredmedia":[{"embeddable":true,"href":"https:\/\/www.dynseo.com\/es\/wp-json\/wp\/v2\/media\/100456"}],"wp:attachment":[{"href":"https:\/\/www.dynseo.com\/es\/wp-json\/wp\/v2\/media?parent=489816"}],"wp:term":[{"taxonomy":"category","embeddable":true,"href":"https:\/\/www.dynseo.com\/es\/wp-json\/wp\/v2\/categories?post=489816"},{"taxonomy":"post_tag","embeddable":true,"href":"https:\/\/www.dynseo.com\/es\/wp-json\/wp\/v2\/tags?post=489816"}],"curies":[{"name":"wp","href":"https:\/\/api.w.org\/{rel}","templated":true}]}}