{"id":562058,"date":"2026-04-26T11:02:31","date_gmt":"2026-04-26T09:02:31","guid":{"rendered":"https:\/\/www.dynseo.com\/comment-croit-le-cerveau-de-votre-enfant-entre-5-et-8-ans-2\/"},"modified":"2026-04-26T11:33:42","modified_gmt":"2026-04-26T09:33:42","slug":"como-crece-el-cerebro-de-su-hijo-entre-5-y-8-anos","status":"publish","type":"post","link":"https:\/\/www.dynseo.com\/es\/como-crece-el-cerebro-de-su-hijo-entre-5-y-8-anos\/","title":{"rendered":"\u00bfC\u00f3mo crece el cerebro de su hijo entre 5 y 8 a\u00f1os?"},"content":{"rendered":"<p>[et_pb_section fb_built=\u00bb1&#8243; _builder_version=\u00bb4.16&#8243; custom_padding=\u00bb0px|0px|0px|0px|false|false\u00bb margin_top=\u00bb0px\u00bb margin_bottom=\u00bb0px\u00bb global_colors_info=\u00bb{}\u00bb][et_pb_row _builder_version=\u00bb4.16&#8243; custom_padding=\u00bb0px|0px|0px|0px|false|false\u00bb margin_top=\u00bb0px\u00bb margin_bottom=\u00bb0px\u00bb column_structure=\u00bb4_4&#8243; global_colors_info=\u00bb{}\u00bb][et_pb_column type=\u00bb4_4&#8243; _builder_version=\u00bb4.16&#8243; custom_padding=\u00bb0px|0px|0px|0px|false|false\u00bb global_colors_info=\u00bb{}\u00bb][et_pb_code _builder_version=\u00bb4.16&#8243; custom_padding=\u00bb0px|0px|0px|0px|false|false\u00bb global_colors_info=\u00bb{}\u00bb]<link rel=\"preconnect\" href=\"https:\/\/fonts.googleapis.com\">\n<style>\n        :root {\n            --primary-blue: #5e5ed7;\n            --blue-dark: #5268c9;\n            --teal: #a9e2e4;\n            --yellow: #ffeca7;\n            --pink: #e73469;\n            --white: #ffffff;\n            --light-gray: #f8f9fa;\n            --dark-gray: #333333;\n            --text-color: #555555;\n        }<\/pee>\n<pee>        * {\n            margin: 0;\n            padding: 0;\n            box-sizing: border-box;\n        }<\/pee>\n<pee>        body {\n            font-family: 'Poppins', sans-serif;\n            line-height: 1.6;\n            color: var(--text-color);\n            background: var(--white);\n        }<\/pee>\n<pee>        .article-hero {\n            background: linear-gradient(135deg, var(--primary-blue) 0%, var(--blue-dark) 100%);\n            color: var(--white);\n            padding: 60px 0 100px;\n            position: relative;\n            overflow: hidden;\n        }<\/pee>\n<pee>        .article-hero-curve {\n            position: absolute;\n            bottom: -2px;\n            left: 0;\n            right: 0;\n            height: 100px;\n            background: var(--white);\n            clip-path: ellipse(100% 100% at 50% 100%);\n        }<\/pee>\n<pee>        .article-hero-inner {\n            max-width: 1200px;\n            margin: 0 auto;\n            padding: 0 20px;\n            position: relative;\n            z-index: 2;\n        }<\/pee>\n<pee>        .article-breadcrumb {\n            font-size: 14px;\n            margin-bottom: 20px;\n            opacity: 0.9;\n        }<\/pee>\n<pee>        .article-breadcrumb a {\n            color: var(--white);\n            text-decoration: none;\n        }<\/pee>\n<pee>        .article-category {\n            display: inline-block;\n            background: var(--teal);\n            color: var(--dark-gray);\n            padding: 8px 16px;\n            border-radius: 20px;\n            font-size: 14px;\n            font-weight: 600;\n            margin-bottom: 30px;\n        }<\/pee>\n<pee>        .article-hero h1 {\n            font-family: 'Montserrat', sans-serif;\n            font-size: 3rem;\n            font-weight: 700;\n            line-height: 1.2;\n            margin-bottom: 20px;\n        }<\/pee>\n<pee>        .hl {\n            background: linear-gradient(120deg, var(--yellow) 0%, var(--teal) 100%);\n            -webkit-background-clip: text;\n            -webkit-text-fill-color: transparent;\n            background-clip: text;\n        }<\/pee>\n<pee>        .article-meta {\n            display: flex;\n            gap: 30px;\n            align-items: center;\n            flex-wrap: wrap;\n            margin-top: 30px;\n            font-size: 14px;\n        }<\/pee>\n<pee>        .article-meta span {\n            display: flex;\n            align-items: center;\n            gap: 8px;\n        }<\/pee>\n<pee>        .stars {\n            color: var(--yellow);\n            font-size: 18px;\n        }<\/pee>\n<pee>        .article-body {\n            padding: 80px 0;\n        }<\/pee>\n<pee>        .container {\n            max-width: 1200px;\n            margin: 0 auto;\n            padding: 0 20px;\n        }<\/pee>\n<pee>        .intro-block {\n            font-size: 18px;\n            line-height: 1.8;\n            margin-bottom: 60px;\n            padding: 40px;\n            background: linear-gradient(135deg, var(--light-gray) 0%, #f0f0f0 100%);\n            border-radius: 15px;\n            text-align: center;\n        }<\/pee>\n<pee>        .stats-grid {\n            display: grid;\n            grid-template-columns: repeat(auto-fit, minmax(250px, 1fr));\n            gap: 30px;\n            margin-bottom: 80px;\n        }<\/pee>\n<pee>        .stat-card {\n            background: var(--white);\n            padding: 30px;\n            border-radius: 15px;\n            text-align: center;\n            box-shadow: 0 10px 30px rgba(0,0,0,0.1);\n            border-top: 4px solid var(--primary-blue);\n        }<\/pee>\n<pee>        .stat-card .number {\n            font-family: 'Montserrat', sans-serif;\n            font-size: 2.5rem;\n            font-weight: 700;\n            color: var(--primary-blue);\n            display: block;\n            margin-bottom: 10px;\n        }<\/pee>\n<pee>        .stat-card .label {\n            font-weight: 500;\n            color: var(--dark-gray);\n        }<\/pee>\n<pee>        h2 {\n            font-family: 'Montserrat', sans-serif;\n            font-size: 2rem;\n            font-weight: 600;\n            color: var(--dark-gray);\n            margin: 60px 0 30px;\n            padding-bottom: 15px;\n            border-bottom: 3px solid var(--teal);\n        }<\/pee>\n<pee>        h3 {\n            font-family: 'Montserrat', sans-serif;\n            font-size: 1.4rem;\n            font-weight: 600;\n            color: var(--dark-gray);\n            margin: 40px 0 20px;\n        }<\/pee>\n<pee>        p {\n            margin-bottom: 20px;\n            line-height: 1.8;\n        }<\/pee>\n<pee>        .conseil-card {\n            background: linear-gradient(135deg, var(--yellow) 0%, #fff5cc 100%);\n            padding: 30px;\n            border-radius: 15px;\n            margin: 30px 0;\n            border-left: 5px solid var(--primary-blue);\n        }<\/pee>\n<pee>        .conseil-card h4 {\n            font-family: 'Montserrat', sans-serif;\n            color: var(--dark-gray);\n            margin-bottom: 15px;\n            font-size: 1.2rem;\n        }<\/pee>\n<pee>        .key-points {\n            background: var(--white);\n            padding: 30px;\n            border-radius: 15px;\n            margin: 30px 0;\n            box-shadow: 0 5px 15px rgba(0,0,0,0.08);\n        }<\/pee>\n<pee>        .key-points ul {\n            list-style: none;\n            padding: 0;\n        }<\/pee>\n<pee>        .key-points li {\n            padding: 10px 0;\n            padding-left: 30px;\n            position: relative;\n        }<\/pee>\n<pee>        .key-points li:before {\n            content: \"\u2713\";\n            position: absolute;\n            left: 0;\n            color: var(--primary-blue);\n            font-weight: bold;\n        }<\/pee>\n<pee>        .tip-box {\n            background: linear-gradient(135deg, var(--teal) 0%, #d4f0f1 100%);\n            padding: 25px;\n            border-radius: 12px;\n            margin: 25px 0;\n            position: relative;\n        }<\/pee>\n<pee>        .tip-box-label {\n            background: var(--primary-blue);\n            color: var(--white);\n            padding: 5px 12px;\n            border-radius: 15px;\n            font-size: 12px;\n            font-weight: 600;\n            text-transform: uppercase;\n            letter-spacing: 1px;\n            display: inline-block;\n            margin-bottom: 15px;\n        }<\/pee>\n<pee>        .expert-box {\n            background: linear-gradient(135deg, #fff 0%, var(--light-gray) 100%);\n            border: 2px solid var(--primary-blue);\n            border-radius: 15px;\n            padding: 0;\n            margin: 40px 0;\n            overflow: hidden;\n        }<\/pee>\n<pee>        .expert-box-label {\n            background: var(--primary-blue);\n            color: var(--white);\n            padding: 15px 25px;\n            font-weight: 600;\n            text-transform: uppercase;\n            letter-spacing: 1px;\n            font-size: 14px;\n        }<\/pee>\n<pee>        .expert-box-title {\n            background: var(--blue-dark);\n            color: var(--white);\n            padding: 20px 25px;\n            font-family: 'Montserrat', sans-serif;\n            font-size: 1.3rem;\n            font-weight: 600;\n        }<\/pee>\n<pee>        .expert-inner {\n            padding: 25px;\n        }<\/pee>\n<pee>        .expert-inner-title {\n            font-family: 'Montserrat', sans-serif;\n            color: var(--primary-blue);\n            font-size: 1.2rem;\n            font-weight: 600;\n            margin-bottom: 15px;\n        }<\/pee>\n<pee>        .faq-list {\n            margin: 60px 0;\n        }<\/pee>\n<pee>        .faq-item {\n            background: var(--white);\n            border: 1px solid #e0e0e0;\n            border-radius: 10px;\n            margin-bottom: 15px;\n            overflow: hidden;\n        }<\/pee>\n<pee>        .faq-q {\n            padding: 25px;\n            cursor: pointer;\n            display: flex;\n            justify-content: space-between;\n            align-items: center;\n            font-weight: 600;\n            font-family: 'Montserrat', sans-serif;\n            background: var(--light-gray);\n            transition: all 0.3s ease;\n        }<\/pee>\n<pee>        .faq-q:hover {\n            background: var(--teal);\n        }<\/pee>\n<pee>        .faq-icon {\n            font-size: 20px;\n            font-weight: bold;\n            color: var(--primary-blue);\n            transition: transform 0.3s ease;\n        }<\/pee>\n<pee>        .faq-item.open .faq-icon {\n            transform: rotate(45deg);\n        }<\/pee>\n<pee>        .faq-a {\n            padding: 0 25px;\n            max-height: 0;\n            overflow: hidden;\n            transition: all 0.3s ease;\n        }<\/pee>\n<pee>        .faq-item.open .faq-a {\n            padding: 25px;\n            max-height: 500px;\n        }<\/pee>\n<pee>        .cta-box {\n            background: linear-gradient(135deg, var(--primary-blue) 0%, var(--blue-dark) 100%);\n            color: var(--white);\n            padding: 50px;\n            border-radius: 20px;\n            text-align: center;\n            margin: 60px 0;\n        }<\/pee>\n<pee>        .cta-box h3 {\n            color: var(--white);\n            margin-bottom: 20px;\n        }<\/pee>\n<pee>        .cta-buttons {\n            display: flex;\n            gap: 20px;\n            justify-content: center;\n            flex-wrap: wrap;\n            margin-top: 30px;\n        }<\/pee>\n<pee>        .btn-white {\n            background: var(--white);\n            color: var(--primary-blue);\n            padding: 15px 30px;\n            border-radius: 25px;\n            text-decoration: none;\n            font-weight: 600;\n            font-family: 'Montserrat', sans-serif;\n            transition: all 0.3s ease;\n            border: none;\n            cursor: pointer;\n        }<\/pee>\n<pee>        .btn-white:hover {\n            background: var(--yellow);\n            transform: translateY(-2px);\n        }<\/pee>\n<pee>        .btn-outline {\n            background: transparent;\n            color: var(--white);\n            padding: 15px 30px;\n            border: 2px solid var(--white);\n            border-radius: 25px;\n            text-decoration: none;\n            font-weight: 600;\n            font-family: 'Montserrat', sans-serif;\n            transition: all 0.3s ease;\n        }<\/pee>\n<pee>        .btn-outline:hover {\n            background: var(--white);\n            color: var(--primary-blue);\n        }<\/pee>\n<pee>        .article-tags {\n            margin: 60px 0;\n            padding: 30px 0;\n            border-top: 1px solid #e0e0e0;\n        }<\/pee>\n<pee>        .article-tag {\n            display: inline-block;\n            background: var(--light-gray);\n            color: var(--dark-gray);\n            padding: 8px 16px;\n            border-radius: 20px;\n            text-decoration: none;\n            font-size: 14px;\n            margin: 5px;\n            transition: all 0.3s ease;\n        }<\/pee>\n<pee>        .article-tag:hover {\n            background: var(--teal);\n            color: var(--dark-gray);\n        }<\/pee>\n<pee>        @media (max-width: 768px) {\n            .article-hero h1 {\n                font-size: 2rem;\n            }<\/pee>\n<pee>            .stats-grid {\n                grid-template-columns: 1fr;\n            }<\/pee>\n<pee>            .article-meta {\n                flex-direction: column;\n                align-items: flex-start;\n                gap: 15px;\n            }<\/pee>\n<pee>            .cta-buttons {\n                flex-direction: column;\n                align-items: center;\n            }\n        }\n    <\/style>\n<section class=\"article-hero\">\n<div class=\"article-hero-inner\">\n<div class=\"article-breadcrumb\">\n                <a href=\"\/\">Accueil<\/a> > <a href=\"\/blog\">Blog<\/a> > D\u00e9veloppement de l&#8217;enfant\n            <\/div>\n<div class=\"article-category\">D\u00e9veloppement Cognitif<\/div>\n<h1>Comment cro\u00eet le <span class=\"hl\">cerveau de votre enfant<\/span> entre 5 et 8 ans ?<\/h1>\n<div class=\"article-meta\">\n                <span>\ud83d\udcc5 Avril 2026<\/span><!\u2013- [et_pb_br_holder] -\u2013><br \/>\n                <span>\u23f1\ufe0f 15 min de lecture<\/span><!\u2013- [et_pb_br_holder] -\u2013><br \/>\n                <span>\ud83d\udc65 Parents et \u00e9ducateurs<\/span><!\u2013- [et_pb_br_holder] -\u2013><br \/>\n                <span class=\"stars\">\u2b50\u2b50\u2b50\u2b50\u2b50 4.8\/5<\/span>\n            <\/div>\n<\/pee><\/div>\n<div class=\"article-hero-curve\"><\/div>\n<\/section>\n<div class=\"article-body\">\n<div class=\"container\">\n<div class=\"intro-block\">\n<pee>Le cerveau humain est un chef-d&#8217;\u0153uvre d&#8217;\u00e9volution qui continue de nous fasciner par sa complexit\u00e9 et ses capacit\u00e9s d&#8217;adaptation. Entre 5 et 8 ans, votre enfant traverse une p\u00e9riode cruciale de d\u00e9veloppement neurologique, marqu\u00e9e par des transformations spectaculaires qui fa\u00e7onneront ses capacit\u00e9s cognitives pour la vie. Cette p\u00e9riode repr\u00e9sente un tournant d\u00e9cisif o\u00f9 les fondations de l&#8217;apprentissage, de la m\u00e9moire et du raisonnement se consolident de mani\u00e8re remarquable. Comprendre ces m\u00e9canismes vous permettra d&#8217;accompagner votre enfant dans cette aventure extraordinaire. D\u00e9couvrons ensemble comment stimuler efficacement cette croissance c\u00e9r\u00e9brale pour optimiser son potentiel d&#8217;apprentissage et son \u00e9panouissement.<\/pee>\n<\/pee><\/div>\n<div class=\"stats-grid\">\n<div class=\"stat-card\">\n                    <span class=\"number\">90%<\/span><!\u2013- [et_pb_br_holder] -\u2013><br \/>\n                    <span class=\"label\">de la taille adulte atteinte \u00e0 5 ans<\/span>\n                <\/div>\n<div class=\"stat-card\">\n                    <span class=\"number\">1000<\/span><!\u2013- [et_pb_br_holder] -\u2013><br \/>\n                    <span class=\"label\">nouvelles connexions par seconde<\/span>\n                <\/div>\n<div class=\"stat-card\">\n                    <span class=\"number\">20%<\/span><!\u2013- [et_pb_br_holder] -\u2013><br \/>\n                    <span class=\"label\">de l&#8217;\u00e9nergie corporelle utilis\u00e9e<\/span>\n                <\/div>\n<div class=\"stat-card\">\n                    <span class=\"number\">100<\/span><!\u2013- [et_pb_br_holder] -\u2013><br \/>\n                    <span class=\"label\">milliards de neurones \u00e0 organiser<\/span>\n                <\/div>\n<\/pee><\/div>\n<h2>1. Les fondamentaux du d\u00e9veloppement c\u00e9r\u00e9bral \u00e0 5 ans<\/h2>\n<pee>\u00c0 l&#8217;\u00e2ge de 5 ans, le cerveau de votre enfant a d\u00e9j\u00e0 parcouru un chemin extraordinaire depuis sa naissance. Repr\u00e9sentant environ 90% de sa taille adulte finale, cette masse de 100 milliards de neurones entre dans une phase de maturation sophistiqu\u00e9e o\u00f9 l&#8217;organisation prime sur la croissance brute. Cette p\u00e9riode marque le d\u00e9but d&#8217;une sp\u00e9cialisation fonctionnelle remarquable, o\u00f9 chaque r\u00e9gion c\u00e9r\u00e9brale affine ses connexions pour devenir plus efficace.<\/pee>\n<pee>Le processus de my\u00e9linisation, qui consiste en l&#8217;enrobage des fibres nerveuses par une gaine protectrice, s&#8217;acc\u00e9l\u00e8re consid\u00e9rablement \u00e0 cet \u00e2ge. Cette my\u00e9line agit comme un isolant \u00e9lectrique, permettant une transmission plus rapide et plus pr\u00e9cise des signaux nerveux. Les zones responsables de la motricit\u00e9 fine, du langage et de la coordination oculo-manuelle b\u00e9n\u00e9ficient particuli\u00e8rement de cette maturation, expliquant pourquoi votre enfant devient soudain capable d&#8217;\u00e9crire ses premi\u00e8res lettres ou de dessiner avec plus de pr\u00e9cision.<\/pee>\n<pee>La plasticit\u00e9 c\u00e9r\u00e9brale atteint un pic remarquable durant cette p\u00e9riode, offrant une fen\u00eatre d&#8217;opportunit\u00e9 unique pour l&#8217;apprentissage. Les exp\u00e9riences v\u00e9cues par votre enfant sculptent litt\u00e9ralement son architecture neuronale, renfor\u00e7ant certaines connexions tout en en \u00e9liminant d&#8217;autres selon le principe \u00abuse it or lose it\u00bb. Cette plasticit\u00e9 exceptionnelle explique pourquoi les enfants de cet \u00e2ge apprennent si facilement de nouvelles comp\u00e9tences, qu&#8217;il s&#8217;agisse d&#8217;une langue \u00e9trang\u00e8re, d&#8217;un instrument de musique ou de concepts math\u00e9matiques complexes.<\/pee>\n<div class=\"conseil-card\">\n<h4>Conseil d&#8217;expert DYNSEO<\/h4>\n<pee>Profitez de cette plasticit\u00e9 maximale en exposant votre enfant \u00e0 des stimulations vari\u00e9es et enrichissantes. Les applications \u00e9ducatives comme <a href=\"https:\/\/www.dynseo.com\/version-coco\/\" style=\"color: #5e5ed7; font-weight: bold;\">COCO PENSE et COCO BOUGE<\/a> sont sp\u00e9cialement con\u00e7ues pour exploiter cette fen\u00eatre d&#8217;apprentissage optimal tout en respectant le rythme naturel de d\u00e9veloppement.<\/pee>\n<\/pee><\/div>\n<div class=\"key-points\">\n<h4>Points cl\u00e9s du d\u00e9veloppement \u00e0 5 ans :<\/h4>\n<ul>\n<li>Maturation des zones de contr\u00f4le moteur et de coordination<\/li>\n<li>D\u00e9veloppement acc\u00e9l\u00e9r\u00e9 des aires du langage et de la communication<\/li>\n<li>\u00c9mergence des capacit\u00e9s de planification et d&#8217;organisation<\/li>\n<li>Consolidation des circuits de la m\u00e9moire \u00e0 court et long terme<\/li>\n<li>Affinement des connexions sensorielles et perceptuelles<\/li>\n<\/ul>\n<\/div>\n<h2>2. L&#8217;explosion synaptique et l&#8217;\u00e9lagage neuronal<\/h2>\n<pee>Entre 5 et 8 ans, le cerveau de votre enfant traverse deux ph\u00e9nom\u00e8nes apparemment contradictoires mais fondamentalement compl\u00e9mentaires : l&#8217;explosion synaptique et l&#8217;\u00e9lagage neuronal. Cette p\u00e9riode ressemble \u00e0 un grand chantier de construction o\u00f9 l&#8217;on \u00e9rige d&#8217;abord de nombreuses structures avant de ne conserver que les plus solides et les plus utiles. Cette m\u00e9taphore illustre parfaitement le processus de raffinement neural qui s&#8217;op\u00e8re durant ces ann\u00e9es cruciales.<\/pee>\n<pee>L&#8217;explosion synaptique se caract\u00e9rise par une formation massive de nouvelles connexions entre les neurones. \u00c0 son pic, un neurone peut \u00e9tablir jusqu&#8217;\u00e0 15 000 connexions avec ses voisins, cr\u00e9ant un r\u00e9seau d&#8217;une complexit\u00e9 inou\u00efe. Cette surabondance de connexions permet au cerveau d&#8217;explorer toutes les possibilit\u00e9s d&#8217;apprentissage et d&#8217;adaptation, offrant une flexibilit\u00e9 maximale face aux d\u00e9fis cognitifs que rencontre votre enfant dans son environnement quotidien.<\/pee>\n<pee>Simultan\u00e9ment, un processus d&#8217;\u00e9lagage s\u00e9lectif commence \u00e0 s&#8217;op\u00e9rer, \u00e9liminant les connexions les moins utilis\u00e9es pour optimiser l&#8217;efficacit\u00e9 du r\u00e9seau neural. Contrairement \u00e0 ce que l&#8217;on pourrait penser, cette \u00e9limination n&#8217;est pas une perte mais un gain en performance. En conservant uniquement les circuits les plus sollicit\u00e9s, le cerveau devient plus rapide, plus pr\u00e9cis et moins \u00e9nergivore. Ce processus explique pourquoi les habitudes prises durant cette p\u00e9riode tendent \u00e0 perdurer : elles gravent leurs circuits dans l&#8217;architecture c\u00e9r\u00e9brale.<\/pee>\n<div class=\"tip-box\">\n<div class=\"tip-box-label\">Astuce pratique<\/div>\n<pee>Encouragez la r\u00e9p\u00e9tition positive d&#8217;activit\u00e9s enrichissantes pour renforcer les connexions b\u00e9n\u00e9fiques. Les exercices r\u00e9guliers de m\u00e9moire, de logique et de cr\u00e9ativit\u00e9 aident \u00e0 consolider les circuits neuronaux les plus pr\u00e9cieux.<\/pee>\n<\/pee><\/div>\n<div class=\"expert-box\">\n<div class=\"expert-box-label\">Expertise DYNSEO<\/div>\n<div class=\"expert-box-title\">Optimisation de l&#8217;\u00e9lagage neuronal<\/div>\n<div class=\"expert-inner\">\n<div class=\"expert-inner-title\">Comment favoriser un \u00e9lagage b\u00e9n\u00e9fique ?<\/div>\n<pee>Pour que l&#8217;\u00e9lagage neuronal se fasse au profit des bonnes connexions, il est essentiel de proposer des activit\u00e9s stimulantes de mani\u00e8re r\u00e9guli\u00e8re et progressive. Les jeux \u00e9ducatifs num\u00e9riques, lorsqu&#8217;ils sont bien con\u00e7us et utilis\u00e9s avec mod\u00e9ration, peuvent contribuer significativement \u00e0 ce processus d&#8217;optimisation.<\/pee>\n<\/pee><\/div>\n<\/pee><\/div>\n<h2>3. Le d\u00e9veloppement du cortex pr\u00e9frontal et des fonctions ex\u00e9cutives<\/h2>\n<pee>Le cortex pr\u00e9frontal, souvent appel\u00e9 le \u00abPDG du cerveau\u00bb, conna\u00eet une maturation particuli\u00e8rement remarquable entre 5 et 8 ans. Cette r\u00e9gion, situ\u00e9e juste derri\u00e8re le front, orchestrera les fonctions ex\u00e9cutives de votre enfant : planification, prise de d\u00e9cision, contr\u00f4le des impulsions et flexibilit\u00e9 mentale. Son d\u00e9veloppement durant cette p\u00e9riode explique pourquoi votre enfant devient progressivement capable de suivre des r\u00e8gles complexes, de planifier ses actions et de r\u00e9sister aux tentations imm\u00e9diates.<\/pee>\n<pee>Les fonctions ex\u00e9cutives \u00e9mergent graduellement selon un calendrier pr\u00e9cis. La m\u00e9moire de travail, qui permet de maintenir et de manipuler des informations temporairement, se d\u00e9veloppe significativement vers 6-7 ans. Cette capacit\u00e9 nouvelle permet \u00e0 votre enfant de suivre des instructions en plusieurs \u00e9tapes, de r\u00e9soudre des probl\u00e8mes math\u00e9matiques mentalement ou de comprendre des histoires plus complexes avec de multiples personnages et intrigues entrecrois\u00e9es.<\/pee>\n<pee>Le contr\u00f4le inhibiteur, cette capacit\u00e9 \u00e0 freiner ses impulsions et \u00e0 r\u00e9sister aux distractions, se raffine progressivement durant cette p\u00e9riode. Vers 8 ans, votre enfant d\u00e9veloppe une flexibilit\u00e9 cognitive qui lui permet de passer d&#8217;une t\u00e2che \u00e0 l&#8217;autre, de changer de perspective et d&#8217;adapter ses strat\u00e9gies en fonction des situations. Ces comp\u00e9tences sont essentielles pour l&#8217;apprentissage scolaire et le d\u00e9veloppement social, car elles permettent de g\u00e9rer les \u00e9motions et d&#8217;interagir harmonieusement avec autrui.<\/pee>\n<div class=\"conseil-card\">\n<h4>Strat\u00e9gies de stimulation du cortex pr\u00e9frontal<\/h4>\n<pee>Proposez des jeux qui demandent de la planification comme les puzzles complexes, les jeux de construction ou les d\u00e9fis logiques. Les activit\u00e9s qui combinent r\u00e9flexion et mouvement, comme celles propos\u00e9es dans <a href=\"https:\/\/www.dynseo.com\/version-coco\/\" style=\"color: #5e5ed7; font-weight: bold;\">COCO PENSE et COCO BOUGE<\/a>, sont particuli\u00e8rement efficaces pour stimuler le d\u00e9veloppement pr\u00e9frontal.<\/pee>\n<\/pee><\/div>\n<h2>4. L&#8217;affinement des r\u00e9seaux de la m\u00e9moire et de l&#8217;attention<\/h2>\n<pee>La m\u00e9moire de votre enfant subit une transformation qualitative remarquable entre 5 et 8 ans. Au-del\u00e0 de l&#8217;augmentation pure de sa capacit\u00e9, c&#8217;est toute l&#8217;architecture mn\u00e9sique qui se sophistique. Les r\u00e9seaux hippocampiques, responsables de la formation des souvenirs, \u00e9tablissent des connexions plus matures avec le cortex, permettant un stockage plus durable et une r\u00e9cup\u00e9ration plus efficace des informations. Cette maturation explique pourquoi les souvenirs form\u00e9s durant cette p\u00e9riode sont souvent particuli\u00e8rement vifs et durables.<\/pee>\n<pee>L&#8217;attention, cette fonction cognitive fondamentale, d\u00e9veloppe ses diff\u00e9rentes composantes de mani\u00e8re asynchrone. L&#8217;attention soutenue, capacit\u00e9 \u00e0 maintenir sa concentration sur une t\u00e2che pendant une dur\u00e9e prolong\u00e9e, s&#8217;am\u00e9liore graduellement pour atteindre environ 15-20 minutes vers 7-8 ans. L&#8217;attention s\u00e9lective, qui permet de filtrer les informations pertinentes et d&#8217;ignorer les distractions, devient plus efficace gr\u00e2ce \u00e0 la maturation des r\u00e9seaux fronto-pari\u00e9taux. Cette \u00e9volution est cruciale pour les apprentissages scolaires qui demandent une concentration prolong\u00e9e.<\/pee>\n<pee>La m\u00e9moire de travail, v\u00e9ritable interface entre attention et m\u00e9moire, conna\u00eet un d\u00e9veloppement spectaculaire durant cette p\u00e9riode. Sa capacit\u00e9 passe d&#8217;environ 4 \u00e9l\u00e9ments \u00e0 6-7 \u00e9l\u00e9ments vers 8 ans, permettant \u00e0 votre enfant de manipuler mentalement des informations de plus en plus complexes. Cette progression se refl\u00e8te dans sa capacit\u00e9 croissante \u00e0 r\u00e9soudre des probl\u00e8mes math\u00e9matiques, \u00e0 suivre des recettes de cuisine ou \u00e0 comprendre des instructions multiples.<\/pee>\n<div class=\"key-points\">\n<h4>Signes d&#8217;am\u00e9lioration de l&#8217;attention et de la m\u00e9moire :<\/h4>\n<ul>\n<li>Capacit\u00e9 \u00e0 se concentrer plus longtemps sur une activit\u00e9 choisie<\/li>\n<li>Am\u00e9lioration du rappel des \u00e9v\u00e9nements et des apprentissages<\/li>\n<li>D\u00e9veloppement de strat\u00e9gies de m\u00e9morisation spontan\u00e9es<\/li>\n<li>Meilleure gestion des distractions environnementales<\/li>\n<li>\u00c9mergence de la m\u00e9tacognition (r\u00e9flexion sur ses propres processus mentaux)<\/li>\n<\/ul>\n<\/div>\n<h2>5. La sp\u00e9cialisation h\u00e9misph\u00e9rique et la lat\u00e9ralisation<\/h2>\n<pee>La p\u00e9riode de 5 \u00e0 8 ans marque une \u00e9tape cruciale dans la sp\u00e9cialisation des deux h\u00e9misph\u00e8res c\u00e9r\u00e9braux. Cette lat\u00e9ralisation fonctionnelle, bien qu&#8217;amorc\u00e9e d\u00e8s les premi\u00e8res ann\u00e9es de vie, se consolide et se pr\u00e9cise durant cette p\u00e9riode, \u00e9tablissant les bases de comp\u00e9tences sp\u00e9cialis\u00e9es qui caract\u00e9riseront le fonctionnement cognitif de votre enfant. L&#8217;h\u00e9misph\u00e8re gauche, traditionnellement associ\u00e9 au langage et au raisonnement logique, d\u00e9veloppe ses connexions internes et renforce sa dominance pour les t\u00e2ches analytiques et s\u00e9quentielles.<\/pee>\n<pee>Parall\u00e8lement, l&#8217;h\u00e9misph\u00e8re droit affine ses capacit\u00e9s de traitement spatial, de reconnaissance des formes et de perception globale. Cette sp\u00e9cialisation ne signifie pas une s\u00e9paration herm\u00e9tique : au contraire, les connexions inter-h\u00e9misph\u00e9riques via le corps calleux se renforcent consid\u00e9rablement, permettant une collaboration plus efficace entre les deux moiti\u00e9s du cerveau. Cette coop\u00e9ration accrue se manifeste dans l&#8217;\u00e9mergence de comp\u00e9tences complexes n\u00e9cessitant l&#8217;int\u00e9gration de processus analytiques et spatiaux, comme la lecture, l&#8217;\u00e9criture ou les math\u00e9matiques.<\/pee>\n<pee>La dominance manuelle, indicateur visible de cette lat\u00e9ralisation, se stabilise d\u00e9finitivement durant cette p\u00e9riode. Au-del\u00e0 de l&#8217;aspect moteur, cette pr\u00e9f\u00e9rence manuelle refl\u00e8te l&#8217;organisation g\u00e9n\u00e9rale du syst\u00e8me nerveux et influence les strat\u00e9gies d&#8217;apprentissage de votre enfant. Les connexions crois\u00e9es entre les mains et les h\u00e9misph\u00e8res oppos\u00e9s se renforcent, optimisant la coordination bimanuelle et la dext\u00e9rit\u00e9 fine n\u00e9cessaires pour l&#8217;\u00e9criture, le dessin et les activit\u00e9s manuelles complexes.<\/pee>\n<div class=\"tip-box\">\n<div class=\"tip-box-label\">Stimulation \u00e9quilibr\u00e9e<\/div>\n<pee>Proposez des activit\u00e9s qui sollicitent les deux h\u00e9misph\u00e8res : puzzles et constructions pour l&#8217;aspect spatial, histoires et comptines pour le langage, activit\u00e9s artistiques combinant cr\u00e9ativit\u00e9 et technique. Cette stimulation bilat\u00e9rale favorise un d\u00e9veloppement harmonieux et complet.<\/pee>\n<\/pee><\/div>\n<h2>6. Le d\u00e9veloppement du langage et des aires sp\u00e9cialis\u00e9es<\/h2>\n<pee>Entre 5 et 8 ans, le syst\u00e8me linguistique de votre enfant conna\u00eet une sophistication remarquable qui va bien au-del\u00e0 de l&#8217;enrichissement du vocabulaire. Les aires de Broca et de Wernicke, respectivement responsables de la production et de la compr\u00e9hension du langage, \u00e9tablissent des connexions plus matures avec l&#8217;ensemble du cortex, permettant l&#8217;\u00e9mergence de comp\u00e9tences linguistiques complexes comme la lecture, l&#8217;\u00e9criture et la compr\u00e9hension de structures grammaticales \u00e9labor\u00e9es.<\/pee>\n<pee>La conscience phonologique, cette capacit\u00e9 \u00e0 manipuler mentalement les sons de la langue, atteint sa maturit\u00e9 durant cette p\u00e9riode. Cette comp\u00e9tence est fondamentale pour l&#8217;apprentissage de la lecture, car elle permet \u00e0 votre enfant de comprendre que les mots peuvent \u00eatre d\u00e9compos\u00e9s en unit\u00e9s sonores plus petites (syllabes, phon\u00e8mes) et que ces unit\u00e9s correspondent \u00e0 des symboles \u00e9crits. Le d\u00e9veloppement de cette conscience s&#8217;accompagne d&#8217;une maturation des connexions entre les aires auditives, visuelles et motrices, cr\u00e9ant un r\u00e9seau int\u00e9gr\u00e9 indispensable \u00e0 la litt\u00e9ratie.<\/pee>\n<pee>Le vocabulaire de votre enfant explose litt\u00e9ralement durant cette p\u00e9riode, passant d&#8217;environ 5 000 mots \u00e0 5 ans \u00e0 plus de 10 000 mots vers 8 ans. Cette expansion quantitative s&#8217;accompagne d&#8217;une organisation qualitative plus sophistiqu\u00e9e : les mots ne sont plus stock\u00e9s de mani\u00e8re isol\u00e9e mais s&#8217;organisent en r\u00e9seaux s\u00e9mantiques complexes, permettant des associations d&#8217;id\u00e9es plus riches et une compr\u00e9hension plus nuanc\u00e9e des concepts abstraits.<\/pee>\n<div class=\"expert-box\">\n<div class=\"expert-box-label\">Recherche DYNSEO<\/div>\n<div class=\"expert-box-title\">Optimisation du d\u00e9veloppement langagier<\/div>\n<div class=\"expert-inner\">\n<div class=\"expert-inner-title\">Les cl\u00e9s d&#8217;un d\u00e9veloppement linguistique optimal<\/div>\n<pee>Nos recherches montrent que l&#8217;exposition \u00e0 un langage riche et vari\u00e9, combin\u00e9e \u00e0 des interactions de qualit\u00e9, favorise consid\u00e9rablement le d\u00e9veloppement des r\u00e9seaux linguistiques. Les jeux de mots, les devinettes et les activit\u00e9s de manipulation phonologique, int\u00e9gr\u00e9s dans nos applications, contribuent efficacement \u00e0 cette maturation.<\/pee>\n<\/pee><\/div>\n<\/pee><\/div>\n<h2>7. La maturation des syst\u00e8mes sensoriels et perceptuels<\/h2>\n<pee>Les syst\u00e8mes sensoriels de votre enfant, bien que fonctionnels d\u00e8s la naissance, continuent de se raffiner consid\u00e9rablement entre 5 et 8 ans. Cette maturation ne concerne pas tant l&#8217;acuit\u00e9 sensorielle brute que la capacit\u00e9 \u00e0 traiter, int\u00e9grer et interpr\u00e9ter les informations sensorielles de mani\u00e8re de plus en plus sophistiqu\u00e9e. Le syst\u00e8me visuel, en particulier, d\u00e9veloppe des comp\u00e9tences perceptuelles complexes essentielles pour les apprentissages scolaires.<\/pee>\n<pee>La perception visuo-spatiale atteint une maturit\u00e9 remarquable durant cette p\u00e9riode. Votre enfant d\u00e9veloppe une meilleure compr\u00e9hension des relations spatiales, de la perspective et de la tridimensionnalit\u00e9. Ces comp\u00e9tences sont cruciales non seulement pour les apprentissages g\u00e9om\u00e9triques et math\u00e9matiques, mais aussi pour la lecture et l&#8217;\u00e9criture, qui demandent une discrimination fine des formes des lettres et une organisation spatiale pr\u00e9cise sur la page.<\/pee>\n<pee>L&#8217;int\u00e9gration multisensorielle, processus par lequel le cerveau combine les informations provenant de diff\u00e9rents sens pour cr\u00e9er une perception coh\u00e9rente du monde, se perfectionne significativement. Cette maturation permet \u00e0 votre enfant de mieux coordonner ses mouvements avec ses perceptions, d&#8217;am\u00e9liorer son \u00e9quilibre et de d\u00e9velopper une motricit\u00e9 fine plus pr\u00e9cise. Ces comp\u00e9tences se refl\u00e8tent dans sa capacit\u00e9 croissante \u00e0 pratiquer des sports, \u00e0 jouer d&#8217;un instrument ou \u00e0 r\u00e9aliser des activit\u00e9s manuelles d\u00e9licates.<\/pee>\n<div class=\"conseil-card\">\n<h4>Stimulation sensorielle optimale<\/h4>\n<pee>Variez les exp\u00e9riences sensorielles de votre enfant : manipulation d&#8217;objets de textures diff\u00e9rentes, jeux visuels et auditifs, activit\u00e9s n\u00e9cessitant une coordination fine. Les applications \u00e9ducatives modernes int\u00e8grent cette dimension multisensorielle pour optimiser l&#8217;apprentissage.<\/pee>\n<\/pee><\/div>\n<h2>8. L&#8217;\u00e9mergence de la th\u00e9orie de l&#8217;esprit et de l&#8217;empathie cognitive<\/h2>\n<pee>Entre 5 et 8 ans, votre enfant d\u00e9veloppe une comp\u00e9tence cognitive sophistiqu\u00e9e appel\u00e9e \u00abth\u00e9orie de l&#8217;esprit\u00bb : la capacit\u00e9 \u00e0 comprendre que les autres ont des pens\u00e9es, des croyances et des intentions diff\u00e9rentes des siennes. Cette r\u00e9volution cognitive transforme radicalement sa compr\u00e9hension du monde social et marque le d\u00e9but d&#8217;une empathie plus mature. Les r\u00e9seaux neuronaux impliqu\u00e9s dans cette comp\u00e9tence, notamment les zones fronto-temporales, connaissent une maturation significative durant cette p\u00e9riode.<\/pee>\n<pee>Cette nouvelle comp\u00e9tence se manifeste dans la capacit\u00e9 de votre enfant \u00e0 comprendre les mensonges, l&#8217;ironie, les malentendus et les perspectives multiples sur un m\u00eame \u00e9v\u00e9nement. Il devient capable de pr\u00e9dire les r\u00e9actions d&#8217;autrui en se basant sur la compr\u00e9hension de leurs \u00e9tats mentaux plut\u00f4t que sur une simple projection de ses propres pens\u00e9es. Cette \u00e9volution est fondamentale pour le d\u00e9veloppement social et explique l&#8217;am\u00e9lioration progressive de ses relations avec ses pairs.<\/pee>\n<pee>L&#8217;empathie cognitive, distincte de l&#8217;empathie \u00e9motionnelle pr\u00e9sente d\u00e8s le plus jeune \u00e2ge, \u00e9merge gr\u00e2ce \u00e0 cette maturation. Votre enfant devient capable de comprendre intellectuellement les \u00e9motions d&#8217;autrui, m\u00eame lorsqu&#8217;elles diff\u00e8rent des siennes, et d&#8217;adapter son comportement en cons\u00e9quence. Cette comp\u00e9tence est essentielle pour la coop\u00e9ration, la r\u00e9solution de conflits et le d\u00e9veloppement moral.<\/pee>\n<div class=\"key-points\">\n<h4>Manifestations de la th\u00e9orie de l&#8217;esprit :<\/h4>\n<ul>\n<li>Compr\u00e9hension que les autres peuvent avoir de fausses croyances<\/li>\n<li>Capacit\u00e9 \u00e0 mentir de fa\u00e7on \u00e9labor\u00e9e (signe paradoxalement positif !)<\/li>\n<li>D\u00e9veloppement de l&#8217;humour et de la compr\u00e9hension de l&#8217;ironie<\/li>\n<li>Am\u00e9lioration des comp\u00e9tences de n\u00e9gociation et de persuasion<\/li>\n<li>\u00c9mergence d&#8217;une empathie plus nuanc\u00e9e et contextuelle<\/li>\n<\/ul>\n<\/div>\n<h2>9. Les facteurs nutritionnels et environnementaux cruciaux<\/h2>\n<pee>Le cerveau en d\u00e9veloppement de votre enfant est particuli\u00e8rement sensible aux facteurs nutritionnels et environnementaux. Durant cette p\u00e9riode de croissance intensive, le cerveau consomme jusqu&#8217;\u00e0 20% de l&#8217;\u00e9nergie totale de l&#8217;organisme, n\u00e9cessitant un apport constant et \u00e9quilibr\u00e9 en nutriments sp\u00e9cifiques. Les acides gras om\u00e9ga-3, essentiels pour la formation des membranes neuronales et la my\u00e9linisation, doivent \u00eatre pr\u00e9sents en quantit\u00e9 suffisante pour soutenir le d\u00e9veloppement optimal des circuits c\u00e9r\u00e9braux.<\/pee>\n<pee>Les vitamines du groupe B, particuli\u00e8rement la B12, la B6 et les folates, jouent un r\u00f4le crucial dans la synth\u00e8se des neurotransmetteurs et la maturation du syst\u00e8me nerveux. Une carence en ces nutriments peut avoir des r\u00e9percussions durables sur le d\u00e9veloppement cognitif. De m\u00eame, le fer est indispensable au transport de l&#8217;oxyg\u00e8ne vers le cerveau et \u00e0 la formation de la my\u00e9line. Les carences en fer, encore trop fr\u00e9quentes chez les enfants, peuvent affecter significativement les capacit\u00e9s d&#8217;attention et d&#8217;apprentissage.<\/pee>\n<pee>L&#8217;environnement physique et social influence \u00e9galement profond\u00e9ment le d\u00e9veloppement c\u00e9r\u00e9bral. Le stress chronique, par l&#8217;\u00e9l\u00e9vation prolong\u00e9e du cortisol, peut alt\u00e9rer la croissance de l&#8217;hippocampe et affecter les capacit\u00e9s mn\u00e9siques. \u00c0 l&#8217;inverse, un environnement stimulant, riche en interactions positives et en exp\u00e9riences vari\u00e9es, favorise la neurogen\u00e8se et renforce les connexions synaptiques b\u00e9n\u00e9fiques. La qualit\u00e9 du sommeil, souvent n\u00e9glig\u00e9e, est \u00e9galement cruciale : c&#8217;est durant le sommeil profond que s&#8217;effectuent la consolidation mn\u00e9sique et l&#8217;\u00e9limination des toxines c\u00e9r\u00e9brales.<\/pee>\n<div class=\"tip-box\">\n<div class=\"tip-box-label\">Nutrition c\u00e9r\u00e9brale optimale<\/div>\n<pee>Privil\u00e9giez les poissons gras, les noix, les l\u00e9gumes verts, les \u0153ufs et les c\u00e9r\u00e9ales compl\u00e8tes. Assurez-vous que votre enfant dort suffisamment (10-11h par nuit \u00e0 cet \u00e2ge) et limitez les sources de stress chronique. Un environnement calme et s\u00e9curisant favorise l&#8217;\u00e9panouissement neurologique.<\/pee>\n<\/pee><\/div>\n<h2>10. L&#8217;impact des technologies num\u00e9riques sur le d\u00e9veloppement<\/h2>\n<pee>L&#8217;exposition aux technologies num\u00e9riques durant cette p\u00e9riode critique de d\u00e9veloppement c\u00e9r\u00e9bral suscite de nombreuses interrogations l\u00e9gitimes. Les \u00e9crans et les interfaces num\u00e9riques sollicitent le cerveau de mani\u00e8re sp\u00e9cifique, activant intens\u00e9ment certains circuits tout en en d\u00e9laissant d&#8217;autres. Une exposition excessive peut perturber le d\u00e9veloppement harmonieux des diff\u00e9rentes r\u00e9gions c\u00e9r\u00e9brales, particuli\u00e8rement celles impliqu\u00e9es dans l&#8217;attention soutenue et le contr\u00f4le inhibiteur.<\/pee>\n<pee>Cependant, utilis\u00e9es de mani\u00e8re r\u00e9fl\u00e9chie et mod\u00e9r\u00e9e, les technologies num\u00e9riques peuvent \u00e9galement offrir des opportunit\u00e9s d&#8217;apprentissage uniques. Les applications \u00e9ducatives bien con\u00e7ues peuvent stimuler sp\u00e9cifiquement certains aspects du d\u00e9veloppement cognitif tout en maintenant l&#8217;engagement et la motivation de l&#8217;enfant. La cl\u00e9 r\u00e9side dans l&#8217;\u00e9quilibre : alterner entre activit\u00e9s num\u00e9riques \u00e9ducatives et exp\u00e9riences du monde r\u00e9el pour garantir un d\u00e9veloppement complet et harmonieux.<\/pee>\n<pee>Les recherches r\u00e9centes montrent l&#8217;importance de pauses r\u00e9guli\u00e8res dans l&#8217;utilisation des \u00e9crans pour permettre au cerveau de traiter et consolider les informations. C&#8217;est pr\u00e9cis\u00e9ment le principe innovant des applications <a href=\"https:\/\/www.dynseo.com\/version-coco\/\" style=\"color: #5e5ed7; font-weight: bold;\">COCO PENSE et COCO BOUGE<\/a>, qui imposent automatiquement une pause sportive toutes les 15 minutes, favorisant ainsi une utilisation saine et b\u00e9n\u00e9fique des technologies num\u00e9riques.<\/pee>\n<div class=\"expert-box\">\n<div class=\"expert-box-label\">Innovation DYNSEO<\/div>\n<div class=\"expert-box-title\">Usage intelligent des \u00e9crans<\/div>\n<div class=\"expert-inner\">\n<div class=\"expert-inner-title\">La r\u00e9volution des pauses actives<\/div>\n<pee>Notre approche unique int\u00e8gre des pauses sportives obligatoires pour optimiser l&#8217;apprentissage num\u00e9rique. Ces interruptions permettent l&#8217;oxyg\u00e9nation du cerveau, la consolidation des acquis et pr\u00e9viennent la surstimulation. Cette m\u00e9thode s&#8217;appuie sur les derni\u00e8res d\u00e9couvertes en neurosciences pour maximiser les b\u00e9n\u00e9fices tout en minimisant les risques.<\/pee>\n<\/pee><\/div>\n<\/pee><\/div>\n<h2>11. Les signes de d\u00e9veloppement typique et les indicateurs d&#8217;alerte<\/h2>\n<pee>Il est essentiel pour les parents de conna\u00eetre les jalons typiques du d\u00e9veloppement c\u00e9r\u00e9bral pour pouvoir identifier d&#8217;\u00e9ventuelles difficult\u00e9s n\u00e9cessitant un accompagnement sp\u00e9cialis\u00e9. Entre 5 et 6 ans, votre enfant devrait normalement \u00eatre capable de suivre des instructions en deux ou trois \u00e9tapes, de raconter une histoire simple en respectant la chronologie, et de montrer un int\u00e9r\u00eat croissant pour les lettres et les chiffres. Sa capacit\u00e9 d&#8217;attention pour une activit\u00e9 qu&#8217;il appr\u00e9cie devrait atteindre 10-15 minutes.<\/pee>\n<pee>Vers 7-8 ans, les comp\u00e9tences s&#8217;affinent consid\u00e9rablement : compr\u00e9hension de r\u00e8gles de jeux complexes, capacit\u00e9 \u00e0 planifier des activit\u00e9s simples, \u00e9mergence de strat\u00e9gies de m\u00e9morisation conscientes, et d\u00e9veloppement d&#8217;une pens\u00e9e plus logique et structur\u00e9e. La motricit\u00e9 fine permet l&#8217;\u00e9criture cursive, et la lecture devient plus fluide avec une compr\u00e9hension accrue du sens des textes.<\/pee>\n<pee>Certains signes peuvent n\u00e9anmoins alerter sur d&#8217;\u00e9ventuelles difficult\u00e9s : persistance de troubles attentionnels s\u00e9v\u00e8res, difficult\u00e9s importantes dans l&#8217;acquisition du langage \u00e9crit, probl\u00e8mes persistants de coordination motrice, ou difficult\u00e9s majeures dans les interactions sociales. Ces indicateurs ne signifient pas n\u00e9cessairement un trouble grave, mais justifient une \u00e9valuation professionnelle pour proposer un accompagnement adapt\u00e9 si n\u00e9cessaire.<\/pee>\n<div class=\"conseil-card\">\n<h4>Accompagnement bienveillant<\/h4>\n<pee>Chaque enfant \u00e9volue \u00e0 son rythme. En cas d&#8217;inqui\u00e9tude, consultez des professionnels tout en maintenant un environnement stimulant et positif. Les outils num\u00e9riques adapt\u00e9s peuvent compl\u00e9ter efficacement l&#8217;accompagnement professionnel en proposant des exercices personnalis\u00e9s et progressifs.<\/pee>\n<\/pee><\/div>\n<h2>12. Strat\u00e9gies pratiques pour stimuler le d\u00e9veloppement cognitif<\/h2>\n<pee>L&#8217;accompagnement optimal du d\u00e9veloppement c\u00e9r\u00e9bral n\u00e9cessite une approche multidimensionnelle combinant stimulation cognitive, activit\u00e9 physique, interactions sociales enrichissantes et respect du rythme naturel de l&#8217;enfant. Les activit\u00e9s de construction et de cr\u00e9ation (Lego, puzzles, bricolage) stimulent simultan\u00e9ment la planification, la motricit\u00e9 fine et la r\u00e9solution de probl\u00e8mes. Ces activit\u00e9s favorisent \u00e9galement la pers\u00e9v\u00e9rance et la tol\u00e9rance \u00e0 la frustration, comp\u00e9tences essentielles pour les apprentissages futurs.<\/pee>\n<pee>Les jeux de soci\u00e9t\u00e9 adapt\u00e9s \u00e0 l&#8217;\u00e2ge constituent d&#8217;excellents outils de stimulation cognitive. Ils d\u00e9veloppent les comp\u00e9tences strat\u00e9giques, la m\u00e9moire de travail, le respect des r\u00e8gles et les comp\u00e9tences sociales. L&#8217;alternance entre jeux comp\u00e9titifs et coop\u00e9ratifs permet de d\u00e9velopper diff\u00e9rentes facettes de la personnalit\u00e9 et des comp\u00e9tences sociales. Les jeux de cartes simples exercent particuli\u00e8rement bien la m\u00e9moire et les capacit\u00e9s de d\u00e9duction.<\/pee>\n<pee>L&#8217;activit\u00e9 physique r\u00e9guli\u00e8re joue un r\u00f4le fondamental souvent sous-estim\u00e9. L&#8217;exercice stimule la production de facteurs de croissance nerveux, am\u00e9liore la vascularisation c\u00e9r\u00e9brale et favorise la neurogen\u00e8se. Les activit\u00e9s qui combinent coordination, \u00e9quilibre et r\u00e9flexion (arts martiaux, danse, parcours d&#8217;obstacles) sont particuli\u00e8rement b\u00e9n\u00e9fiques pour le d\u00e9veloppement int\u00e9gr\u00e9 des capacit\u00e9s motrices et cognitives.<\/pee>\n<div class=\"key-points\">\n<h4>Activit\u00e9s recommand\u00e9es par tranches d&#8217;\u00e2ge :<\/h4>\n<ul>\n<li>5-6 ans : Jeux de tri, histoires interactives, activit\u00e9s sensorielles, premiers puzzles<\/li>\n<li>6-7 ans : Jeux de soci\u00e9t\u00e9 simples, construction libre, activit\u00e9s artistiques, initiation aux r\u00e8gles<\/li>\n<li>7-8 ans : D\u00e9fis logiques, sports collectifs, jeux de strat\u00e9gie, projets cr\u00e9atifs complexes<\/li>\n<li>Transversal : Lecture quotidienne, discussions, exploration nature, musique<\/li>\n<\/ul>\n<\/div>\n<div class=\"faq-list\">\n<h2>Questions fr\u00e9quentes sur le d\u00e9veloppement c\u00e9r\u00e9bral 5-8 ans<\/h2>\n<div class=\"faq-item\">\n<div class=\"faq-q\">\n                        <span>\u00c0 quel moment s&#8217;inqui\u00e9ter si mon enfant semble en retard dans son d\u00e9veloppement ?<\/span><!\u2013- [et_pb_br_holder] -\u2013><br \/>\n                        <span class=\"faq-icon\">+<\/span>\n                    <\/div>\n<div class=\"faq-a\">\n<pee>Il faut distinguer les variations normales du d\u00e9veloppement des retards significatifs. Si \u00e0 6 ans votre enfant a des difficult\u00e9s majeures avec le langage oral, ne montre aucun int\u00e9r\u00eat pour les lettres ou les chiffres, ou pr\u00e9sente des difficult\u00e9s importantes de concentration (moins de 5 minutes), une consultation peut \u00eatre utile. Cependant, rappelez-vous que chaque enfant a son propre rythme et que certains \u00abd\u00e9collent\u00bb plus tard que d&#8217;autres.<\/pee>\n<\/pee><\/div>\n<\/pee><\/div>\n<div class=\"faq-item\">\n<div class=\"faq-q\">\n                        <span>Les \u00e9crans sont-ils vraiment dangereux pour le cerveau en d\u00e9veloppement ?<\/span><!\u2013- [et_pb_br_holder] -\u2013><br \/>\n                        <span class=\"faq-icon\">+<\/span>\n                    <\/div>\n<div class=\"faq-a\">\n<pee>Les \u00e9crans ne sont pas intrins\u00e8quement dangereux, mais leur usage doit \u00eatre adapt\u00e9 et mod\u00e9r\u00e9. Une exposition excessive peut effectivement perturber le d\u00e9veloppement de l&#8217;attention et du sommeil. L&#8217;id\u00e9al est de privil\u00e9gier des contenus \u00e9ducatifs de qualit\u00e9, avec des pauses r\u00e9guli\u00e8res et un accompagnement parental. Les applications comme COCO PENSE et COCO BOUGE, qui int\u00e8grent des pauses sportives automatiques, repr\u00e9sentent une approche innovante pour un usage sain des technologies.<\/pee>\n<\/pee><\/div>\n<\/pee><\/div>\n<div class=\"faq-item\">\n<div class=\"faq-q\">\n                        <span>Comment puis-je savoir si mon enfant d\u00e9veloppe bien ses capacit\u00e9s de m\u00e9moire ?<\/span><!\u2013- [et_pb_br_holder] -\u2013><br \/>\n                        <span class=\"faq-icon\">+<\/span>\n                    <\/div>\n<div class=\"faq-a\">\n<pee>Observez sa capacit\u00e9 \u00e0 retenir et raconter des \u00e9v\u00e9nements r\u00e9cents, \u00e0 suivre des instructions en plusieurs \u00e9tapes, et \u00e0 apprendre de nouvelles comptines ou chansons. Vers 7-8 ans, il devrait pouvoir m\u00e9moriser son adresse compl\u00e8te, retenir les r\u00e8gles de jeux complexes et d\u00e9velopper ses propres strat\u00e9gies pour se souvenir (r\u00e9p\u00e9tition, associations). Les jeux de m\u00e9moire r\u00e9guliers peuvent aider \u00e0 \u00e9valuer et stimuler ces capacit\u00e9s.<\/pee>\n<\/pee><\/div>\n<\/pee><\/div>\n<div class=\"faq-item\">\n<div class=\"faq-q\">\n                        <span>Quelle est l&#8217;importance du sommeil dans le d\u00e9veloppement c\u00e9r\u00e9bral ?<\/span><!\u2013- [et_pb_br_holder] -\u2013><br \/>\n                        <span class=\"faq-icon\">+<\/span>\n                    <\/div>\n<div class=\"faq-a\">\n<pee>Le sommeil est absolument crucial pour le d\u00e9veloppement c\u00e9r\u00e9bral. C&#8217;est pendant le sommeil profond que se consolident les apprentissages de la journ\u00e9e et que le cerveau \u00e9limine les d\u00e9chets m\u00e9taboliques. Un enfant de 5-8 ans a besoin de 10 \u00e0 11 heures de sommeil par nuit. Un sommeil insuffisant peut affecter l&#8217;attention, la m\u00e9moire, l&#8217;humeur et m\u00eame la croissance physique. \u00c9tablir une routine de coucher r\u00e9guli\u00e8re et un environnement propice au sommeil est essentiel.<\/pee>\n<\/pee><\/div>\n<\/pee><\/div>\n<div class=\"faq-item\">\n<div class=\"faq-q\">\n                        <span>Dois-je m&#8217;inqui\u00e9ter si mon enfant pr\u00e9f\u00e8re les activit\u00e9s solitaires aux jeux de groupe ?<\/span><!\u2013- [et_pb_br_holder] -\u2013><br \/>\n                        <span class=\"faq-icon\">+<\/span>\n                    <\/div>\n<div class=\"faq-a\">\n<pee>Pas n\u00e9cessairement. Certains enfants sont naturellement plus introvertis et ont besoin de temps en solitaire pour se ressourcer. L&#8217;important est qu&#8217;ils soient capables d&#8217;interactions sociales appropri\u00e9es quand c&#8217;est n\u00e9cessaire et qu&#8217;ils montrent de l&#8217;empathie envers les autres. Encouragez doucement les interactions sociales sans forcer, en respectant le temp\u00e9rament de votre enfant. Proposez des activit\u00e9s de groupe en petit comit\u00e9 pour commencer.<\/pee>\n<\/pee><\/div>\n<\/pee><\/div>\n<\/pee><\/div>\n<div class=\"cta-box\">\n<h3>Accompagnez le d\u00e9veloppement cognitif de votre enfant avec DYNSEO<\/h3>\n<pee>D\u00e9couvrez nos applications \u00e9ducatives sp\u00e9cialement con\u00e7ues pour stimuler le d\u00e9veloppement c\u00e9r\u00e9bral de votre enfant de mani\u00e8re ludique et scientifiquement fond\u00e9e. Plus de 30 jeux \u00e9ducatifs avec des pauses sportives int\u00e9gr\u00e9es pour un apprentissage optimal et une utilisation saine des \u00e9crans.<\/pee>\n<div class=\"cta-buttons\">\n                    <a href=\"https:\/\/www.dynseo.com\/version-coco\/\" class=\"btn-white\">D\u00e9couvrir COCO PENSE et COCO BOUGE<\/a><!\u2013- [et_pb_br_holder] -\u2013><br \/>\n                    <a href=\"https:\/\/www.dynseo.com\/version-coco\/\" class=\"btn-outline\">T\u00e9l\u00e9charger l&#8217;application<\/a>\n                <\/div>\n<\/pee><\/div>\n<div class=\"article-tags\">\n                <strong>Tags : <\/strong><!\u2013- [et_pb_br_holder] -\u2013><br \/>\n                <a href=\"#\" class=\"article-tag\">d\u00e9veloppement c\u00e9r\u00e9bral<\/a><!\u2013- [et_pb_br_holder] -\u2013><br \/>\n                <a href=\"#\" class=\"article-tag\">enfant 5-8 ans<\/a><!\u2013- [et_pb_br_holder] -\u2013><br \/>\n                <a href=\"#\" class=\"article-tag\">neurosciences<\/a><!\u2013- [et_pb_br_holder] -\u2013><br \/>\n                <a href=\"#\" class=\"article-tag\">apprentissage<\/a><!\u2013- [et_pb_br_holder] -\u2013><br \/>\n                <a href=\"#\" class=\"article-tag\">stimulation cognitive<\/a><!\u2013- [et_pb_br_holder] -\u2013><br \/>\n                <a href=\"#\" class=\"article-tag\">plasticit\u00e9 neuronale<\/a><!\u2013- [et_pb_br_holder] -\u2013><br \/>\n                <a href=\"#\" class=\"article-tag\">fonctions ex\u00e9cutives<\/a><!\u2013- [et_pb_br_holder] -\u2013><br \/>\n                <a href=\"#\" class=\"article-tag\">m\u00e9moire<\/a><!\u2013- [et_pb_br_holder] -\u2013><br \/>\n                <a href=\"#\" class=\"article-tag\">attention<\/a><!\u2013- [et_pb_br_holder] -\u2013><br \/>\n                <a href=\"#\" class=\"article-tag\">COCO<\/a>\n            <\/div>\n<\/pee><\/div>\n<\/pee><\/div>\n<pee>    <script>\n        document.querySelectorAll('.faq-q').forEach(function(question) {\n            question.addEventListener('click', function() {\n                question.closest('.faq-item').classList.toggle('open');\n            });\n        });\n    <\/script><!\u2013- [et_pb_br_holder] -\u2013><br \/>\n<script type=\"application\/ld+json\">\n{\n  \"@context\": \"https:\/\/schema.org\",\n  \"@graph\": [\n    {\n      \"@type\": \"Article\",\n      \"headline\": \"Comment cro\u00eet le cerveau de votre enfant entre 5 et 8 ans ?\",\n      \"description\": \"\ud83d\udcc5 Avril 2026 \u23f1\ufe0f 15 min de lecture \ud83d\udc65 Parents et \u00e9ducateurs \u2b50\u2b50\u2b50\u2b50\u2b50 4.8\/5\",\n      \"url\": \"https:\/\/www.dynseo.com\/comment-croit-le-cerveau-de-votre-enfant-entre-5-et-8-ans\/\",\n      \"datePublished\": \"2026-04-07\",\n      \"image\": \"https:\/\/www.dynseo.com\/wp-content\/uploads\/2026\/04\/cerveau-enfant-5-8-ans.jpg\",\n      \"author\": {\n        \"@type\": \"Organization\",\n        \"name\": \"DYNSEO\",\n        \"url\": \"https:\/\/www.dynseo.com\"\n      },\n      \"publisher\": {\n        \"@type\": \"Organization\",\n        \"name\": \"DYNSEO\",\n        \"url\": \"https:\/\/www.dynseo.com\",\n        \"logo\": {\n          \"@type\": \"ImageObject\",\n          \"url\": \"https:\/\/www.dynseo.com\/wp-content\/uploads\/2020\/01\/dynseo-logo.png\"\n        }\n      },\n      \"aggregateRating\": {\n        \"@type\": \"AggregateRating\",\n        \"ratingValue\": \"4.8\",\n        \"bestRating\": \"5\",\n        \"ratingCount\": \"47\"\n      }\n    },\n    {\n      \"@type\": \"WebPage\",\n      \"url\": \"https:\/\/www.dynseo.com\/comment-croit-le-cerveau-de-votre-enfant-entre-5-et-8-ans\/\",\n      \"name\": \"Comment cro\u00eet le cerveau de votre enfant entre 5 et 8 ans ?\",\n      \"description\": \"\ud83d\udcc5 Avril 2026 \u23f1\ufe0f 15 min de lecture \ud83d\udc65 Parents et \u00e9ducateurs \u2b50\u2b50\u2b50\u2b50\u2b50 4.8\/5\",\n      \"breadcrumb\": {\n        \"@type\": \"BreadcrumbList\",\n        \"itemListElement\": [\n          {\n            \"@type\": \"ListItem\",\n            \"position\": 1,\n            \"name\": \"Accueil\",\n            \"item\": \"https:\/\/www.dynseo.com\"\n          },\n          {\n            \"@type\": \"ListItem\",\n            \"position\": 2,\n            \"name\": \"Blog\",\n            \"item\": \"https:\/\/www.dynseo.com\/blog\/\"\n          },\n          {\n            \"@type\": \"ListItem\",\n            \"position\": 3,\n            \"name\": \"Comment cro\u00eet le cerveau de votre enfant entre 5 et 8 ans ?\",\n            \"item\": \"https:\/\/www.dynseo.com\/comment-croit-le-cerveau-de-votre-enfant-entre-5-et-8-ans\/\"\n          }\n        ]\n      }\n    },\n    {\n      \"@type\": \"FAQPage\",\n      \"mainEntity\": [\n        {\n          \"@type\": \"Question\",\n          \"name\": \"\u00c0 quel moment s'inqui\u00e9ter si mon enfant semble en retard dans son d\u00e9veloppement ?\",\n          \"acceptedAnswer\": {\n            \"@type\": \"Answer\",\n            \"text\": \"Il est important de consulter un professionnel si vous observez des retards significatifs dans le d\u00e9veloppement cognitif de votre enfant par rapport aux \u00e9tapes cl\u00e9s de son \u00e2ge.\"\n          }\n        },\n        {\n          \"@type\": \"Question\",\n          \"name\": \"Les \u00e9crans sont-ils vraiment dangereux pour le cerveau en d\u00e9veloppement ?\",\n          \"acceptedAnswer\": {\n            \"@type\": \"Answer\",\n            \"text\": \"L'exposition excessive aux \u00e9crans peut affecter le d\u00e9veloppement du cerveau, il est recommand\u00e9 de limiter le temps d'\u00e9cran et de privil\u00e9gier les activit\u00e9s interactives.\"\n          }\n        },\n        {\n          \"@type\": \"Question\",\n          \"name\": \"Comment puis-je savoir si mon enfant d\u00e9veloppe bien ses capacit\u00e9s de m\u00e9moire ?\",\n          \"acceptedAnswer\": {\n            \"@type\": \"Answer\",\n            \"text\": \"Observez sa capacit\u00e9 \u00e0 retenir des informations, suivre des instructions simples et se souvenir d'\u00e9v\u00e9nements r\u00e9cents. Des jeux de m\u00e9moire peuvent aider \u00e0 \u00e9valuer et stimuler ces capacit\u00e9s.\"\n          }\n        }\n      ]\n    }\n  ]\n}\n<\/script>[\/et_pb_code][\/et_pb_column][\/et_pb_row][\/et_pb_section]<\/p>\n","protected":false},"excerpt":{"rendered":"","protected":false},"author":4,"featured_media":348895,"comment_status":"closed","ping_status":"closed","sticky":false,"template":"","format":"standard","meta":{"_et_pb_use_builder":"on","_et_pb_old_content":"[et_pb_section fb_built=\"1\" _builder_version=\"4.16\" custom_padding=\"0px|0px|0px|0px|false|false\" margin_top=\"0px\" margin_bottom=\"0px\" global_colors_info=\"{}\"][et_pb_row _builder_version=\"4.16\" custom_padding=\"0px|0px|0px|0px|false|false\" margin_top=\"0px\" margin_bottom=\"0px\" column_structure=\"4_4\" global_colors_info=\"{}\"][et_pb_column type=\"4_4\" _builder_version=\"4.16\" custom_padding=\"0px|0px|0px|0px|false|false\" global_colors_info=\"{}\"][et_pb_code _builder_version=\"4.16\" custom_padding=\"0px|0px|0px|0px|false|false\" global_colors_info=\"{}\"]<style>\n        :root {\n            --primary-blue: #5e5ed7;\n            --blue-dark: #5268c9;\n            --teal: #a9e2e4;\n            --yellow: #ffeca7;\n            --pink: #e73469;\n            --white: #ffffff;\n            --light-gray: #f8f9fa;\n            --dark-gray: #333333;\n            --text-color: #555555;\n        }\n\n        * {\n            margin: 0;\n            padding: 0;\n            box-sizing: border-box;\n        }\n\n        body {\n            font-family: 'Poppins', sans-serif;\n            line-height: 1.6;\n            color: var(--text-color);\n            background: var(--white);\n        }\n\n        .article-hero {\n            background: linear-gradient(135deg, var(--primary-blue) 0%, var(--blue-dark) 100%);\n            color: var(--white);\n            padding: 60px 0 100px;\n            position: relative;\n            overflow: hidden;\n        }\n\n        .article-hero-curve {\n            position: absolute;\n            bottom: -2px;\n            left: 0;\n            right: 0;\n            height: 100px;\n            background: var(--white);\n            clip-path: ellipse(100% 100% at 50% 100%);\n        }\n\n        .article-hero-inner {\n            max-width: 1200px;\n            margin: 0 auto;\n            padding: 0 20px;\n            position: relative;\n            z-index: 2;\n        }\n\n        .article-breadcrumb {\n            font-size: 14px;\n            margin-bottom: 20px;\n            opacity: 0.9;\n        }\n\n        .article-breadcrumb a {\n            color: var(--white);\n            text-decoration: none;\n        }\n\n        .article-category {\n            display: inline-block;\n            background: var(--teal);\n            color: var(--dark-gray);\n            padding: 8px 16px;\n            border-radius: 20px;\n            font-size: 14px;\n            font-weight: 600;\n            margin-bottom: 30px;\n        }\n\n        .article-hero h1 {\n            font-family: 'Montserrat', sans-serif;\n            font-size: 3rem;\n            font-weight: 700;\n            line-height: 1.2;\n            margin-bottom: 20px;\n        }\n\n        .hl {\n            background: linear-gradient(120deg, var(--yellow) 0%, var(--teal) 100%);\n            -webkit-background-clip: text;\n            -webkit-text-fill-color: transparent;\n            background-clip: text;\n        }\n\n        .article-meta {\n            display: flex;\n            gap: 30px;\n            align-items: center;\n            flex-wrap: wrap;\n            margin-top: 30px;\n            font-size: 14px;\n        }\n\n        .article-meta span {\n            display: flex;\n            align-items: center;\n            gap: 8px;\n        }\n\n        .stars {\n            color: var(--yellow);\n            font-size: 18px;\n        }\n\n        .article-body {\n            padding: 80px 0;\n        }\n\n        .container {\n            max-width: 1200px;\n            margin: 0 auto;\n            padding: 0 20px;\n        }\n\n        .intro-block {\n            font-size: 18px;\n            line-height: 1.8;\n            margin-bottom: 60px;\n            padding: 40px;\n            background: linear-gradient(135deg, var(--light-gray) 0%, #f0f0f0 100%);\n            border-radius: 15px;\n            text-align: center;\n        }\n\n        .stats-grid {\n            display: grid;\n            grid-template-columns: repeat(auto-fit, minmax(250px, 1fr));\n            gap: 30px;\n            margin-bottom: 80px;\n        }\n\n        .stat-card {\n            background: var(--white);\n            padding: 30px;\n            border-radius: 15px;\n            text-align: center;\n            box-shadow: 0 10px 30px rgba(0,0,0,0.1);\n            border-top: 4px solid var(--primary-blue);\n        }\n\n        .stat-card .number {\n            font-family: 'Montserrat', sans-serif;\n            font-size: 2.5rem;\n            font-weight: 700;\n            color: var(--primary-blue);\n            display: block;\n            margin-bottom: 10px;\n        }\n\n        .stat-card .label {\n            font-weight: 500;\n            color: var(--dark-gray);\n        }\n\n        h2 {\n            font-family: 'Montserrat', sans-serif;\n            font-size: 2rem;\n            font-weight: 600;\n            color: var(--dark-gray);\n            margin: 60px 0 30px;\n            padding-bottom: 15px;\n            border-bottom: 3px solid var(--teal);\n        }\n\n        h3 {\n            font-family: 'Montserrat', sans-serif;\n            font-size: 1.4rem;\n            font-weight: 600;\n            color: var(--dark-gray);\n            margin: 40px 0 20px;\n        }\n\n        p {\n            margin-bottom: 20px;\n            line-height: 1.8;\n        }\n\n        .conseil-card {\n            background: linear-gradient(135deg, var(--yellow) 0%, #fff5cc 100%);\n            padding: 30px;\n            border-radius: 15px;\n            margin: 30px 0;\n            border-left: 5px solid var(--primary-blue);\n        }\n\n        .conseil-card h4 {\n            font-family: 'Montserrat', sans-serif;\n            color: var(--dark-gray);\n            margin-bottom: 15px;\n            font-size: 1.2rem;\n        }\n\n        .key-points {\n            background: var(--white);\n            padding: 30px;\n            border-radius: 15px;\n            margin: 30px 0;\n            box-shadow: 0 5px 15px rgba(0,0,0,0.08);\n        }\n\n        .key-points ul {\n            list-style: none;\n            padding: 0;\n        }\n\n        .key-points li {\n            padding: 10px 0;\n            padding-left: 30px;\n            position: relative;\n        }\n\n        .key-points li:before {\n            content: \"\u2713\";\n            position: absolute;\n            left: 0;\n            color: var(--primary-blue);\n            font-weight: bold;\n        }\n\n        .tip-box {\n            background: linear-gradient(135deg, var(--teal) 0%, #d4f0f1 100%);\n            padding: 25px;\n            border-radius: 12px;\n            margin: 25px 0;\n            position: relative;\n        }\n\n        .tip-box-label {\n            background: var(--primary-blue);\n            color: var(--white);\n            padding: 5px 12px;\n            border-radius: 15px;\n            font-size: 12px;\n            font-weight: 600;\n            text-transform: uppercase;\n            letter-spacing: 1px;\n            display: inline-block;\n            margin-bottom: 15px;\n        }\n\n        .expert-box {\n            background: linear-gradient(135deg, #fff 0%, var(--light-gray) 100%);\n            border: 2px solid var(--primary-blue);\n            border-radius: 15px;\n            padding: 0;\n            margin: 40px 0;\n            overflow: hidden;\n        }\n\n        .expert-box-label {\n            background: var(--primary-blue);\n            color: var(--white);\n            padding: 15px 25px;\n            font-weight: 600;\n            text-transform: uppercase;\n            letter-spacing: 1px;\n            font-size: 14px;\n        }\n\n        .expert-box-title {\n            background: var(--blue-dark);\n            color: var(--white);\n            padding: 20px 25px;\n            font-family: 'Montserrat', sans-serif;\n            font-size: 1.3rem;\n            font-weight: 600;\n        }\n\n        .expert-inner {\n            padding: 25px;\n        }\n\n        .expert-inner-title {\n            font-family: 'Montserrat', sans-serif;\n            color: var(--primary-blue);\n            font-size: 1.2rem;\n            font-weight: 600;\n            margin-bottom: 15px;\n        }\n\n        .faq-list {\n            margin: 60px 0;\n        }\n\n        .faq-item {\n            background: var(--white);\n            border: 1px solid #e0e0e0;\n            border-radius: 10px;\n            margin-bottom: 15px;\n            overflow: hidden;\n        }\n\n        .faq-q {\n            padding: 25px;\n            cursor: pointer;\n            display: flex;\n            justify-content: space-between;\n            align-items: center;\n            font-weight: 600;\n            font-family: 'Montserrat', sans-serif;\n            background: var(--light-gray);\n            transition: all 0.3s ease;\n        }\n\n        .faq-q:hover {\n            background: var(--teal);\n        }\n\n        .faq-icon {\n            font-size: 20px;\n            font-weight: bold;\n            color: var(--primary-blue);\n            transition: transform 0.3s ease;\n        }\n\n        .faq-item.open .faq-icon {\n            transform: rotate(45deg);\n        }\n\n        .faq-a {\n            padding: 0 25px;\n            max-height: 0;\n            overflow: hidden;\n            transition: all 0.3s ease;\n        }\n\n        .faq-item.open .faq-a {\n            padding: 25px;\n            max-height: 500px;\n        }\n\n        .cta-box {\n            background: linear-gradient(135deg, var(--primary-blue) 0%, var(--blue-dark) 100%);\n            color: var(--white);\n            padding: 50px;\n            border-radius: 20px;\n            text-align: center;\n            margin: 60px 0;\n        }\n\n        .cta-box h3 {\n            color: var(--white);\n            margin-bottom: 20px;\n        }\n\n        .cta-buttons {\n            display: flex;\n            gap: 20px;\n            justify-content: center;\n            flex-wrap: wrap;\n            margin-top: 30px;\n        }\n\n        .btn-white {\n            background: var(--white);\n            color: var(--primary-blue);\n            padding: 15px 30px;\n            border-radius: 25px;\n            text-decoration: none;\n            font-weight: 600;\n            font-family: 'Montserrat', sans-serif;\n            transition: all 0.3s ease;\n            border: none;\n            cursor: pointer;\n        }\n\n        .btn-white:hover {\n            background: var(--yellow);\n            transform: translateY(-2px);\n        }\n\n        .btn-outline {\n            background: transparent;\n            color: var(--white);\n            padding: 15px 30px;\n            border: 2px solid var(--white);\n            border-radius: 25px;\n            text-decoration: none;\n            font-weight: 600;\n            font-family: 'Montserrat', sans-serif;\n            transition: all 0.3s ease;\n        }\n\n        .btn-outline:hover {\n            background: var(--white);\n            color: var(--primary-blue);\n        }\n\n        .article-tags {\n            margin: 60px 0;\n            padding: 30px 0;\n            border-top: 1px solid #e0e0e0;\n        }\n\n        .article-tag {\n            display: inline-block;\n            background: var(--light-gray);\n            color: var(--dark-gray);\n            padding: 8px 16px;\n            border-radius: 20px;\n            text-decoration: none;\n            font-size: 14px;\n            margin: 5px;\n            transition: all 0.3s ease;\n        }\n\n        .article-tag:hover {\n            background: var(--teal);\n            color: var(--dark-gray);\n        }\n\n        @media (max-width: 768px) {\n            .article-hero h1 {\n                font-size: 2rem;\n            }\n            \n            .stats-grid {\n                grid-template-columns: 1fr;\n            }\n            \n            .article-meta {\n                flex-direction: column;\n                align-items: flex-start;\n                gap: 15px;\n            }\n            \n            .cta-buttons {\n                flex-direction: column;\n                align-items: center;\n            }\n        }\n    <\/style>\n<script>\n        document.querySelectorAll('.faq-q').forEach(function(question) {\n            question.addEventListener('click', function() {\n                question.closest('.faq-item').classList.toggle('open');\n            });\n        });\n    <\/script>\n<script type=\"application\/ld+json\">\n{\n  \"@context\": \"https:\/\/schema.org\",\n  \"@graph\": [\n    {\n      \"@type\": \"Article\",\n      \"headline\": \"Comment cro\u00eet le cerveau de votre enfant entre 5 et 8 ans ?\",\n      \"description\": \"\ud83d\udcc5 Avril 2026 \u23f1\ufe0f 15 min de lecture \ud83d\udc65 Parents et \u00e9ducateurs \u2b50\u2b50\u2b50\u2b50\u2b50 4.8\/5\",\n      \"url\": \"https:\/\/www.dynseo.com\/comment-croit-le-cerveau-de-votre-enfant-entre-5-et-8-ans\/\",\n      \"datePublished\": \"2026-04-07\",\n      \"image\": \"https:\/\/www.dynseo.com\/wp-content\/uploads\/2026\/04\/cerveau-enfant-5-8-ans.jpg\",\n      \"author\": {\n        \"@type\": \"Organization\",\n        \"name\": \"DYNSEO\",\n        \"url\": \"https:\/\/www.dynseo.com\"\n      },\n      \"publisher\": {\n        \"@type\": \"Organization\",\n        \"name\": \"DYNSEO\",\n        \"url\": \"https:\/\/www.dynseo.com\",\n        \"logo\": {\n          \"@type\": \"ImageObject\",\n          \"url\": \"https:\/\/www.dynseo.com\/wp-content\/uploads\/2020\/01\/dynseo-logo.png\"\n        }\n      },\n      \"aggregateRating\": {\n        \"@type\": \"AggregateRating\",\n        \"ratingValue\": \"4.8\",\n        \"bestRating\": \"5\",\n        \"ratingCount\": \"47\"\n      }\n    },\n    {\n      \"@type\": \"WebPage\",\n      \"url\": \"https:\/\/www.dynseo.com\/comment-croit-le-cerveau-de-votre-enfant-entre-5-et-8-ans\/\",\n      \"name\": \"Comment cro\u00eet le cerveau de votre enfant entre 5 et 8 ans ?\",\n      \"description\": \"\ud83d\udcc5 Avril 2026 \u23f1\ufe0f 15 min de lecture \ud83d\udc65 Parents et \u00e9ducateurs \u2b50\u2b50\u2b50\u2b50\u2b50 4.8\/5\",\n      \"breadcrumb\": {\n        \"@type\": \"BreadcrumbList\",\n        \"itemListElement\": [\n          {\n            \"@type\": \"ListItem\",\n            \"position\": 1,\n            \"name\": \"Accueil\",\n            \"item\": \"https:\/\/www.dynseo.com\"\n          },\n          {\n            \"@type\": \"ListItem\",\n            \"position\": 2,\n            \"name\": \"Blog\",\n            \"item\": \"https:\/\/www.dynseo.com\/blog\/\"\n          },\n          {\n            \"@type\": \"ListItem\",\n            \"position\": 3,\n            \"name\": \"Comment cro\u00eet le cerveau de votre enfant entre 5 et 8 ans ?\",\n            \"item\": \"https:\/\/www.dynseo.com\/comment-croit-le-cerveau-de-votre-enfant-entre-5-et-8-ans\/\"\n          }\n        ]\n      }\n    },\n    {\n      \"@type\": \"FAQPage\",\n      \"mainEntity\": [\n        {\n          \"@type\": \"Question\",\n          \"name\": \"\u00c0 quel moment s'inqui\u00e9ter si mon enfant semble en retard dans son d\u00e9veloppement ?\",\n          \"acceptedAnswer\": {\n            \"@type\": \"Answer\",\n            \"text\": \"Il est important de consulter un professionnel si vous observez des retards significatifs dans le d\u00e9veloppement cognitif de votre enfant par rapport aux \u00e9tapes cl\u00e9s de son \u00e2ge.\"\n          }\n        },\n        {\n          \"@type\": \"Question\",\n          \"name\": \"Les \u00e9crans sont-ils vraiment dangereux pour le cerveau en d\u00e9veloppement ?\",\n          \"acceptedAnswer\": {\n            \"@type\": \"Answer\",\n            \"text\": \"L'exposition excessive aux \u00e9crans peut affecter le d\u00e9veloppement du cerveau, il est recommand\u00e9 de limiter le temps d'\u00e9cran et de privil\u00e9gier les activit\u00e9s interactives.\"\n          }\n        },\n        {\n          \"@type\": \"Question\",\n          \"name\": \"Comment puis-je savoir si mon enfant d\u00e9veloppe bien ses capacit\u00e9s de m\u00e9moire ?\",\n          \"acceptedAnswer\": {\n            \"@type\": \"Answer\",\n            \"text\": \"Observez sa capacit\u00e9 \u00e0 retenir des informations, suivre des instructions simples et se souvenir d'\u00e9v\u00e9nements r\u00e9cents. Des jeux de m\u00e9moire peuvent aider \u00e0 \u00e9valuer et stimuler ces capacit\u00e9s.\"\n          }\n        }\n      ]\n    }\n  ]\n}\n<\/script>\n<link rel=\"preconnect\" href=\"https:\/\/fonts.googleapis.com\">\n\n<section class=\"article-hero\">\n        <div class=\"article-hero-inner\">\n            <div class=\"article-breadcrumb\">\n                <a href=\"\/\">Inicio<\/a> > <a href=\"\/blog\">Blog<\/a> > Desarrollo del ni\u00f1o\n            <\/div>\n            \n            <div class=\"article-category\">Desarrollo Cognitivo<\/div>\n            \n            <h1>\u00bfC\u00f3mo crece el <span class=\"hl\">cerebro de su hijo<\/span> entre 5 y 8 a\u00f1os?<\/h1>\n            \n            <div class=\"article-meta\">\n                <span>\ud83d\udcc5 Abril 2026<\/span>\n                <span>\u23f1\ufe0f 15 min de lectura<\/span>\n                <span>\ud83d\udc65 Padres y educadores<\/span>\n                <span class=\"stars\">\u2b50\u2b50\u2b50\u2b50\u2b50 4.8\/5<\/span>\n            <\/div>\n        <\/div>\n        <div class=\"article-hero-curve\"><\/div>\n    <\/section>\n\n    <div class=\"article-body\">\n        <div class=\"container\">\n            <div class=\"intro-block\">\n                <p>El cerebro humano es una obra maestra de la evoluci\u00f3n que contin\u00faa fascin\u00e1ndonos por su complejidad y sus capacidades de adaptaci\u00f3n. Entre 5 y 8 a\u00f1os, su hijo atraviesa un per\u00edodo crucial de desarrollo neurol\u00f3gico, marcado por transformaciones espectaculares que moldear\u00e1n sus capacidades cognitivas para la vida. Este per\u00edodo representa un punto de inflexi\u00f3n decisivo donde los cimientos del aprendizaje, la memoria y el razonamiento se consolidan de manera notable. Comprender estos mecanismos le permitir\u00e1 acompa\u00f1ar a su hijo en esta aventura extraordinaria. Descubramos juntos c\u00f3mo estimular eficazmente este crecimiento cerebral para optimizar su potencial de aprendizaje y su desarrollo.<\/p>\n            <\/div>\n\n            <div class=\"stats-grid\">\n                <div class=\"stat-card\">\n                    <span class=\"number\">90%<\/span>\n                    <span class=\"label\">del tama\u00f1o adulto alcanzado a los 5 a\u00f1os<\/span>\n                <\/div>\n                <div class=\"stat-card\">\n                    <span class=\"number\">1000<\/span>\n                    <span class=\"label\">nuevas conexiones por segundo<\/span>\n                <\/div>\n                <div class=\"stat-card\">\n                    <span class=\"number\">20%<\/span>\n                    <span class=\"label\">de la energ\u00eda corporal utilizada<\/span>\n                <\/div>\n                <div class=\"stat-card\">\n                    <span class=\"number\">100<\/span>\n                    <span class=\"label\">mil millones de neuronas por organizar<\/span>\n                <\/div>\n            <\/div>\n\n            <h2>1. Los fundamentos del desarrollo cerebral a los 5 a\u00f1os<\/h2>\n            <p>A la edad de 5 a\u00f1os, el cerebro de su hijo ya ha recorrido un camino extraordinario desde su nacimiento. Representando aproximadamente el 90% de su tama\u00f1o adulto final, esta masa de 100 mil millones de neuronas entra en una fase de maduraci\u00f3n sofisticada donde la organizaci\u00f3n prima sobre el crecimiento bruto. Este per\u00edodo marca el comienzo de una especializaci\u00f3n funcional notable, donde cada regi\u00f3n cerebral afina sus conexiones para volverse m\u00e1s eficiente.<\/p>\n\n            <p>El proceso de mielinizaci\u00f3n, que consiste en el recubrimiento de las fibras nerviosas por una vaina protectora, se acelera considerablemente a esta edad. Esta mielina act\u00faa como un aislante el\u00e9ctrico, permitiendo una transmisi\u00f3n m\u00e1s r\u00e1pida y precisa de las se\u00f1ales nerviosas. Las \u00e1reas responsables de la motricidad fina, del lenguaje y de la coordinaci\u00f3n oculo-manual se benefician particularmente de esta maduraci\u00f3n, explicando por qu\u00e9 su hijo se vuelve de repente capaz de escribir sus primeras letras o de dibujar con m\u00e1s precisi\u00f3n.<\/p>\n\n            <p>La plasticidad cerebral alcanza un pico notable durante este per\u00edodo, ofreciendo una ventana de oportunidad \u00fanica para el aprendizaje. Las experiencias vividas por su hijo esculpen literalmente su arquitectura neuronal, reforzando ciertas conexiones mientras eliminan otras seg\u00fan el principio \"\u00fasalo o pi\u00e9rdelo\". Esta plasticidad excepcional explica por qu\u00e9 los ni\u00f1os de esta edad aprenden tan f\u00e1cilmente nuevas habilidades, ya sea un idioma extranjero, un instrumento musical o conceptos matem\u00e1ticos complejos.<\/p>\n<div class=\"conseil-card\">\n                <h4>Consejo de experto DYNSEO<\/h4>\n                <p>Aproveche esta plasticidad m\u00e1xima exponiendo a su hijo a estimulaciones variadas y enriquecedoras. Las aplicaciones educativas como <a href=\"https:\/\/www.dynseo.com\/es\/coco-piensa-y-coco-se-mueve-software-educativo\/\" style=\"color: #5e5ed7; font-weight: bold;\">COCO PIENSA y COCO SE MUEVE<\/a> est\u00e1n especialmente dise\u00f1adas para aprovechar esta ventana de aprendizaje \u00f3ptimo mientras se respeta el ritmo natural de desarrollo.<\/p>\n            <\/div>\n\n            <div class=\"key-points\">\n                <h4>Puntos clave del desarrollo a los 5 a\u00f1os:<\/h4>\n                <ul>\n                    <li>Maduraci\u00f3n de las zonas de control motor y de coordinaci\u00f3n<\/li>\n                    <li>Desarrollo acelerado de las \u00e1reas del lenguaje y de la comunicaci\u00f3n<\/li>\n                    <li>Emergencia de las capacidades de planificaci\u00f3n y organizaci\u00f3n<\/li>\n                    <li>Consolidaci\u00f3n de los circuitos de la memoria a corto y largo plazo<\/li>\n                    <li>Afinamiento de las conexiones sensoriales y perceptuales<\/li>\n                <\/ul>\n            <\/div>\n\n            <h2>2. La explosi\u00f3n sin\u00e1ptica y la poda neuronal<\/h2>\n            <p>Entre los 5 y 8 a\u00f1os, el cerebro de su hijo atraviesa dos fen\u00f3menos aparentemente contradictorios pero fundamentalmente complementarios: la explosi\u00f3n sin\u00e1ptica y la poda neuronal. Este per\u00edodo se asemeja a una gran obra de construcci\u00f3n donde primero se erigen muchas estructuras antes de conservar solo las m\u00e1s s\u00f3lidas y \u00fatiles. Esta met\u00e1fora ilustra perfectamente el proceso de refinamiento neural que se lleva a cabo durante estos a\u00f1os cruciales.<\/p>\n\n            <p>La explosi\u00f3n sin\u00e1ptica se caracteriza por una formaci\u00f3n masiva de nuevas conexiones entre las neuronas. En su pico, una neurona puede establecer hasta 15,000 conexiones con sus vecinas, creando una red de una complejidad inaudita. Esta sobreabundancia de conexiones permite al cerebro explorar todas las posibilidades de aprendizaje y adaptaci\u00f3n, ofreciendo una flexibilidad m\u00e1xima frente a los desaf\u00edos cognitivos que enfrenta su hijo en su entorno diario.<\/p>\n\n            <p>Simult\u00e1neamente, un proceso de poda selectiva comienza a operar, eliminando las conexiones menos utilizadas para optimizar la eficiencia de la red neural. A diferencia de lo que se podr\u00eda pensar, esta eliminaci\u00f3n no es una p\u00e9rdida sino una ganancia en rendimiento. Al conservar \u00fanicamente los circuitos m\u00e1s solicitados, el cerebro se vuelve m\u00e1s r\u00e1pido, m\u00e1s preciso y menos consumidor de energ\u00eda. Este proceso explica por qu\u00e9 los h\u00e1bitos adquiridos durante este per\u00edodo tienden a perdurar: gravan sus circuitos en la arquitectura cerebral.<\/p>\n\n            <div class=\"tip-box\">\n                <div class=\"tip-box-label\">Consejo pr\u00e1ctico<\/div>\n                <p>Anime la repetici\u00f3n positiva de actividades enriquecedoras para reforzar las conexiones beneficiosas. Los ejercicios regulares de memoria, l\u00f3gica y creatividad ayudan a consolidar los circuitos neuronales m\u00e1s valiosos.<\/p>\n            <\/div>\n\n            <div class=\"expert-box\">\n                <div class=\"expert-box-label\">Experiencia DYNSEO<\/div>\n                <div class=\"expert-box-title\">Optimizaci\u00f3n de la poda neuronal<\/div>\n                <div class=\"expert-inner\">\n<div class=\"expert-inner-title\">\u00bfC\u00f3mo favorecer una poda beneficiosa?<\/div>\n                    <p>Para que la poda neuronal se realice en beneficio de las buenas conexiones, es esencial proponer actividades estimulantes de manera regular y progresiva. Los juegos educativos digitales, cuando est\u00e1n bien dise\u00f1ados y se utilizan con moderaci\u00f3n, pueden contribuir significativamente a este proceso de optimizaci\u00f3n.<\/p>\n                <\/div>\n            <\/div>\n\n            <h2>3. El desarrollo de la corteza prefrontal y de las funciones ejecutivas<\/h2>\n            <p>La corteza prefrontal, a menudo llamada el \"CEO del cerebro\", experimenta una maduraci\u00f3n particularmente notable entre los 5 y 8 a\u00f1os. Esta regi\u00f3n, situada justo detr\u00e1s de la frente, orquestar\u00e1 las funciones ejecutivas de su hijo: planificaci\u00f3n, toma de decisiones, control de impulsos y flexibilidad mental. Su desarrollo durante este per\u00edodo explica por qu\u00e9 su hijo se vuelve progresivamente capaz de seguir reglas complejas, planificar sus acciones y resistir a las tentaciones inmediatas.<\/p>\n\n            <p>Las funciones ejecutivas emergen gradualmente seg\u00fan un calendario preciso. La memoria de trabajo, que permite mantener y manipular informaci\u00f3n temporalmente, se desarrolla significativamente alrededor de los 6-7 a\u00f1os. Esta nueva capacidad permite a su hijo seguir instrucciones en varios pasos, resolver problemas matem\u00e1ticos mentalmente o comprender historias m\u00e1s complejas con m\u00faltiples personajes e intrigas entrelazadas.<\/p>\n\n            <p>El control inhibitorio, esta capacidad de frenar sus impulsos y resistir las distracciones, se refina gradualmente durante este per\u00edodo. Alrededor de los 8 a\u00f1os, su hijo desarrolla una flexibilidad cognitiva que le permite pasar de una tarea a otra, cambiar de perspectiva y adaptar sus estrategias seg\u00fan las situaciones. Estas habilidades son esenciales para el aprendizaje escolar y el desarrollo social, ya que permiten gestionar las emociones e interactuar armoniosamente con los dem\u00e1s.<\/p>\n<div class=\"conseil-card\">\n                <h4>Estrategias de estimulaci\u00f3n del cortex prefrontal<\/h4>\n                <p>Proponga juegos que requieran planificaci\u00f3n como los rompecabezas complejos, los juegos de construcci\u00f3n o los desaf\u00edos l\u00f3gicos. Las actividades que combinan reflexi\u00f3n y movimiento, como las propuestas en <a href=\"https:\/\/www.dynseo.com\/es\/coco-piensa-y-coco-se-mueve-software-educativo\/\" style=\"color: #5e5ed7; font-weight: bold;\">COCO PIENSA y COCO SE MUEVE<\/a>, son particularmente efectivas para estimular el desarrollo prefrontal.<\/p>\n            <\/div>\n\n            <h2>4. El afinamiento de las redes de la memoria y de la atenci\u00f3n<\/h2>\n            <p>La memoria de su hijo sufre una transformaci\u00f3n cualitativa notable entre 5 y 8 a\u00f1os. M\u00e1s all\u00e1 del aumento puro de su capacidad, es toda la arquitectura mnemot\u00e9cnica la que se sofistica. Las redes hipocampales, responsables de la formaci\u00f3n de recuerdos, establecen conexiones m\u00e1s maduras con el cortex, permitiendo un almacenamiento m\u00e1s duradero y una recuperaci\u00f3n m\u00e1s efectiva de la informaci\u00f3n. Esta maduraci\u00f3n explica por qu\u00e9 los recuerdos formados durante este per\u00edodo son a menudo particularmente v\u00edvidos y duraderos.<\/p>\n\n            <p>La atenci\u00f3n, esta funci\u00f3n cognitiva fundamental, desarrolla sus diferentes componentes de manera as\u00edncrona. La atenci\u00f3n sostenida, capacidad para mantener su concentraci\u00f3n en una tarea durante un per\u00edodo prolongado, mejora gradualmente para alcanzar aproximadamente 15-20 minutos hacia los 7-8 a\u00f1os. La atenci\u00f3n selectiva, que permite filtrar la informaci\u00f3n relevante e ignorar las distracciones, se vuelve m\u00e1s efectiva gracias a la maduraci\u00f3n de las redes fronto-parietales. Esta evoluci\u00f3n es crucial para los aprendizajes escolares que requieren una concentraci\u00f3n prolongada.<\/p>\n\n            <p>La memoria de trabajo, verdadera interfaz entre atenci\u00f3n y memoria, experimenta un desarrollo espectacular durante este per\u00edodo. Su capacidad pasa de aproximadamente 4 elementos a 6-7 elementos hacia los 8 a\u00f1os, permitiendo a su hijo manipular mentalmente informaci\u00f3n cada vez m\u00e1s compleja. Esta progresi\u00f3n se refleja en su capacidad creciente para resolver problemas matem\u00e1ticos, seguir recetas de cocina o comprender instrucciones m\u00faltiples.<\/p>\n<div class=\"key-points\">\n                <h4>Signos de mejora de la atenci\u00f3n y de la memoria:<\/h4>\n                <ul>\n                    <li>Capacidad para concentrarse m\u00e1s tiempo en una actividad elegida<\/li>\n                    <li>Mejora en el recuerdo de eventos y aprendizajes<\/li>\n                    <li>Desarrollo de estrategias de memorizaci\u00f3n espont\u00e1neas<\/li>\n                    <li>Mejor gesti\u00f3n de las distracciones ambientales<\/li>\n                    <li>Emergencia de la metacognici\u00f3n (reflexi\u00f3n sobre sus propios procesos mentales)<\/li>\n                <\/ul>\n            <\/div>\n\n            <h2>5. La especializaci\u00f3n hemisf\u00e9rica y la lateralizaci\u00f3n<\/h2>\n            <p>El per\u00edodo de 5 a 8 a\u00f1os marca una etapa crucial en la especializaci\u00f3n de los dos hemisferios cerebrales. Esta lateralizaci\u00f3n funcional, aunque iniciada desde los primeros a\u00f1os de vida, se consolida y se precisa durante este per\u00edodo, estableciendo las bases de competencias especializadas que caracterizar\u00e1n el funcionamiento cognitivo de su hijo. El hemisferio izquierdo, tradicionalmente asociado al lenguaje y al razonamiento l\u00f3gico, desarrolla sus conexiones internas y refuerza su dominio para las tareas anal\u00edticas y secuenciales.<\/p>\n\n            <p>Paralelamente, el hemisferio derecho afina sus capacidades de procesamiento espacial, de reconocimiento de formas y de percepci\u00f3n global. Esta especializaci\u00f3n no significa una separaci\u00f3n herm\u00e9tica: al contrario, las conexiones interhemisf\u00e9ricas a trav\u00e9s del cuerpo calloso se refuerzan considerablemente, permitiendo una colaboraci\u00f3n m\u00e1s efectiva entre las dos mitades del cerebro. Esta cooperaci\u00f3n aumentada se manifiesta en la emergencia de competencias complejas que requieren la integraci\u00f3n de procesos anal\u00edticos y espaciales, como la lectura, la escritura o las matem\u00e1ticas.<\/p>\n\n            <p>La dominancia manual, indicador visible de esta lateralizaci\u00f3n, se estabiliza definitivamente durante este per\u00edodo. M\u00e1s all\u00e1 del aspecto motor, esta preferencia manual refleja la organizaci\u00f3n general del sistema nervioso e influye en las estrategias de aprendizaje de su hijo. Las conexiones cruzadas entre las manos y los hemisferios opuestos se refuerzan, optimizando la coordinaci\u00f3n bimanuelle y la destreza fina necesarias para la escritura, el dibujo y las actividades manuales complejas.<\/p>\n\n            <div class=\"tip-box\">\n<div class=\"tip-box-label\">Estimulaci\u00f3n equilibrada<\/div>\n                <p>Proponga actividades que soliciten los dos hemisferios: rompecabezas y construcciones para el aspecto espacial, historias y canciones infantiles para el lenguaje, actividades art\u00edsticas que combinen creatividad y t\u00e9cnica. Esta estimulaci\u00f3n bilateral favorece un desarrollo armonioso y completo.<\/p>\n            <\/div>\n\n            <h2>6. El desarrollo del lenguaje y de las \u00e1reas especializadas<\/h2>\n            <p>Entre 5 y 8 a\u00f1os, el sistema ling\u00fc\u00edstico de su hijo experimenta una sofisticaci\u00f3n notable que va m\u00e1s all\u00e1 del enriquecimiento del vocabulario. Las \u00e1reas de Broca y de Wernicke, responsables respectivamente de la producci\u00f3n y de la comprensi\u00f3n del lenguaje, establecen conexiones m\u00e1s maduras con el conjunto de la corteza, permitiendo la aparici\u00f3n de competencias ling\u00fc\u00edsticas complejas como la lectura, la escritura y la comprensi\u00f3n de estructuras gramaticales elaboradas.<\/p>\n\n            <p>La conciencia fonol\u00f3gica, esta capacidad de manipular mentalmente los sonidos de la lengua, alcanza su madurez durante este per\u00edodo. Esta competencia es fundamental para el aprendizaje de la lectura, ya que permite a su hijo entender que las palabras pueden descomponerse en unidades sonoras m\u00e1s peque\u00f1as (s\u00edlabas, fonemas) y que estas unidades corresponden a s\u00edmbolos escritos. El desarrollo de esta conciencia se acompa\u00f1a de una maduraci\u00f3n de las conexiones entre las \u00e1reas auditivas, visuales y motoras, creando una red integrada indispensable para la alfabetizaci\u00f3n.<\/p>\n\n            <p>El vocabulario de su hijo explota literalmente durante este per\u00edodo, pasando de aproximadamente 5,000 palabras a los 5 a\u00f1os a m\u00e1s de 10,000 palabras hacia los 8 a\u00f1os. Esta expansi\u00f3n cuantitativa se acompa\u00f1a de una organizaci\u00f3n cualitativa m\u00e1s sofisticada: las palabras ya no se almacenan de manera aislada, sino que se organizan en redes sem\u00e1nticas complejas, permitiendo asociaciones de ideas m\u00e1s ricas y una comprensi\u00f3n m\u00e1s matizada de los conceptos abstractos.<\/p>\n\n            <div class=\"expert-box\">\n                <div class=\"expert-box-label\">Investigaci\u00f3n DYNSEO<\/div>\n                <div class=\"expert-box-title\">Optimizaci\u00f3n del desarrollo del lenguaje<\/div>\n                <div class=\"expert-inner\">\n<div class=\"expert-inner-title\">Las claves de un desarrollo ling\u00fc\u00edstico \u00f3ptimo<\/div>\n                    <p>Nuestras investigaciones muestran que la exposici\u00f3n a un lenguaje rico y variado, combinada con interacciones de calidad, favorece considerablemente el desarrollo de las redes ling\u00fc\u00edsticas. Los juegos de palabras, las adivinanzas y las actividades de manipulaci\u00f3n fonol\u00f3gica, integrados en nuestras aplicaciones, contribuyen eficazmente a esta maduraci\u00f3n.<\/p>\n                <\/div>\n            <\/div>\n\n            <h2>7. La maduraci\u00f3n de los sistemas sensoriales y perceptuales<\/h2>\n            <p>Los sistemas sensoriales de su hijo, aunque funcionales desde el nacimiento, contin\u00faan refin\u00e1ndose considerablemente entre los 5 y 8 a\u00f1os. Esta maduraci\u00f3n no se refiere tanto a la agudeza sensorial bruta como a la capacidad de procesar, integrar e interpretar la informaci\u00f3n sensorial de manera cada vez m\u00e1s sofisticada. El sistema visual, en particular, desarrolla habilidades perceptuales complejas esenciales para los aprendizajes escolares.<\/p>\n\n            <p>La percepci\u00f3n visuo-espacial alcanza una madurez notable durante este per\u00edodo. Su hijo desarrolla una mejor comprensi\u00f3n de las relaciones espaciales, de la perspectiva y de la tridimensionalidad. Estas habilidades son cruciales no solo para los aprendizajes geom\u00e9tricos y matem\u00e1ticos, sino tambi\u00e9n para la lectura y la escritura, que requieren una discriminaci\u00f3n fina de las formas de las letras y una organizaci\u00f3n espacial precisa en la p\u00e1gina.<\/p>\n\n            <p>La integraci\u00f3n multisensorial, proceso por el cual el cerebro combina la informaci\u00f3n proveniente de diferentes sentidos para crear una percepci\u00f3n coherente del mundo, se perfecciona significativamente. Esta maduraci\u00f3n permite a su hijo coordinar mejor sus movimientos con sus percepciones, mejorar su equilibrio y desarrollar una motricidad fina m\u00e1s precisa. Estas habilidades se reflejan en su capacidad creciente para practicar deportes, tocar un instrumento o realizar actividades manuales delicadas.<\/p>\n<div class=\"conseil-card\">\n                <h4>Estimulaci\u00f3n sensorial \u00f3ptima<\/h4>\n                <p>Var\u00ede las experiencias sensoriales de su hijo: manipulaci\u00f3n de objetos de texturas diferentes, juegos visuales y auditivos, actividades que requieren una coordinaci\u00f3n fina. Las aplicaciones educativas modernas integran esta dimensi\u00f3n multisensorial para optimizar el aprendizaje.<\/p>\n            <\/div>\n\n            <h2>8. La emergencia de la teor\u00eda de la mente y de la empat\u00eda cognitiva<\/h2>\n            <p>Entre 5 y 8 a\u00f1os, su hijo desarrolla una competencia cognitiva sofisticada llamada \"teor\u00eda de la mente\": la capacidad de entender que los dem\u00e1s tienen pensamientos, creencias e intenciones diferentes a las suyas. Esta revoluci\u00f3n cognitiva transforma radicalmente su comprensi\u00f3n del mundo social y marca el inicio de una empat\u00eda m\u00e1s madura. Las redes neuronales involucradas en esta competencia, en particular las zonas frontotemporales, experimentan una maduraci\u00f3n significativa durante este per\u00edodo.<\/p>\n\n            <p>Esta nueva competencia se manifiesta en la capacidad de su hijo para entender las mentiras, la iron\u00eda, los malentendidos y las perspectivas m\u00faltiples sobre un mismo evento. Se vuelve capaz de predecir las reacciones de los dem\u00e1s bas\u00e1ndose en la comprensi\u00f3n de sus estados mentales en lugar de una simple proyecci\u00f3n de sus propios pensamientos. Esta evoluci\u00f3n es fundamental para el desarrollo social y explica la mejora progresiva de sus relaciones con sus pares.<\/p>\n\n            <p>La empat\u00eda cognitiva, distinta de la empat\u00eda emocional presente desde la m\u00e1s temprana edad, emerge gracias a esta maduraci\u00f3n. Su hijo se vuelve capaz de entender intelectualmente las emociones de los dem\u00e1s, incluso cuando difieren de las suyas, y de adaptar su comportamiento en consecuencia. Esta competencia es esencial para la cooperaci\u00f3n, la resoluci\u00f3n de conflictos y el desarrollo moral.<\/p>\n<div class=\"key-points\">\n                <h4>Manifestaciones de la teor\u00eda de la mente:<\/h4>\n                <ul>\n                    <li>Comprensi\u00f3n de que los dem\u00e1s pueden tener creencias falsas<\/li>\n                    <li>Capacidad para mentir de manera elaborada (\u00a1signo parad\u00f3jicamente positivo!)<\/li>\n                    <li>Desarrollo del humor y de la comprensi\u00f3n de la iron\u00eda<\/li>\n                    <li>Mejora de las habilidades de negociaci\u00f3n y persuasi\u00f3n<\/li>\n                    <li>Emergencia de una empat\u00eda m\u00e1s matizada y contextual<\/li>\n                <\/ul>\n            <\/div>\n\n            <h2>9. Los factores nutricionales y ambientales cruciales<\/h2>\n            <p>El cerebro en desarrollo de su hijo es particularmente sensible a los factores nutricionales y ambientales. Durante este per\u00edodo de crecimiento intensivo, el cerebro consume hasta el 20% de la energ\u00eda total del organismo, necesitando un aporte constante y equilibrado de nutrientes espec\u00edficos. Los \u00e1cidos grasos omega-3, esenciales para la formaci\u00f3n de las membranas neuronales y la mielinizaci\u00f3n, deben estar presentes en cantidades suficientes para apoyar el desarrollo \u00f3ptimo de los circuitos cerebrales.<\/p>\n\n            <p>Las vitaminas del grupo B, particularmente la B12, la B6 y los folatos, juegan un papel crucial en la s\u00edntesis de neurotransmisores y la maduraci\u00f3n del sistema nervioso. Una deficiencia en estos nutrientes puede tener repercusiones duraderas en el desarrollo cognitivo. De igual manera, el hierro es indispensable para el transporte de ox\u00edgeno hacia el cerebro y la formaci\u00f3n de mielina. Las deficiencias de hierro, a\u00fan demasiado frecuentes en los ni\u00f1os, pueden afectar significativamente las capacidades de atenci\u00f3n y aprendizaje.<\/p>\n\n            <p>El entorno f\u00edsico y social tambi\u00e9n influye profundamente en el desarrollo cerebral. El estr\u00e9s cr\u00f3nico, a trav\u00e9s de la elevaci\u00f3n prolongada del cortisol, puede alterar el crecimiento del hipocampo y afectar las capacidades mn\u00e9sicas. Por el contrario, un entorno estimulante, rico en interacciones positivas y en experiencias variadas, favorece la neurog\u00e9nesis y refuerza las conexiones sin\u00e1pticas beneficiosas. La calidad del sue\u00f1o, a menudo descuidada, tambi\u00e9n es crucial: es durante el sue\u00f1o profundo que se lleva a cabo la consolidaci\u00f3n mn\u00e9sica y la eliminaci\u00f3n de toxinas cerebrales.<\/p>\n\n            <div class=\"tip-box\">\n<div class=\"tip-box-label\">Nutrici\u00f3n cerebral \u00f3ptima<\/div>\n                <p>Prioriza los pescados grasos, las nueces, las verduras verdes, los huevos y los cereales integrales. Aseg\u00farate de que tu hijo duerma lo suficiente (10-11h por noche a esta edad) y limita las fuentes de estr\u00e9s cr\u00f3nico. Un entorno tranquilo y seguro favorece el desarrollo neurol\u00f3gico.<\/p>\n            <\/div>\n\n            <h2>10. El impacto de las tecnolog\u00edas digitales en el desarrollo<\/h2>\n            <p>La exposici\u00f3n a las tecnolog\u00edas digitales durante este per\u00edodo cr\u00edtico de desarrollo cerebral suscita numerosas interrogantes leg\u00edtimas. Las pantallas y las interfaces digitales solicitan al cerebro de manera espec\u00edfica, activando intensamente ciertos circuitos mientras descuidan otros. Una exposici\u00f3n excesiva puede perturbar el desarrollo armonioso de las diferentes regiones cerebrales, particularmente aquellas involucradas en la atenci\u00f3n sostenida y el control inhibitorio.<\/p>\n\n            <p>No obstante, utilizadas de manera reflexiva y moderada, las tecnolog\u00edas digitales tambi\u00e9n pueden ofrecer oportunidades de aprendizaje \u00fanicas. Las aplicaciones educativas bien dise\u00f1adas pueden estimular espec\u00edficamente ciertos aspectos del desarrollo cognitivo mientras mantienen el compromiso y la motivaci\u00f3n del ni\u00f1o. La clave radica en el equilibrio: alternar entre actividades digitales educativas y experiencias del mundo real para garantizar un desarrollo completo y armonioso.<\/p>\n\n            <p>Las investigaciones recientes muestran la importancia de pausas regulares en el uso de pantallas para permitir que el cerebro procese y consolide la informaci\u00f3n. Este es precisamente el principio innovador de las aplicaciones <a href=\"https:\/\/www.dynseo.com\/es\/coco-piensa-y-coco-se-mueve-software-educativo\/\" style=\"color: #5e5ed7; font-weight: bold;\">COCO PIENSA y COCO SE MUEVE<\/a>, que imponen autom\u00e1ticamente una pausa deportiva cada 15 minutos, favoreciendo as\u00ed un uso saludable y beneficioso de las tecnolog\u00edas digitales.<\/p>\n\n            <div class=\"expert-box\">\n                <div class=\"expert-box-label\">Innovaci\u00f3n DYNSEO<\/div>\n                <div class=\"expert-box-title\">Uso inteligente de las pantallas<\/div>\n                <div class=\"expert-inner\">\n<div class=\"expert-inner-title\">La revoluci\u00f3n de las pausas activas<\/div>\n                    <p>Nuestra enfoque \u00fanico integra pausas deportivas obligatorias para optimizar el aprendizaje digital. Estas interrupciones permiten la oxigenaci\u00f3n del cerebro, la consolidaci\u00f3n de los conocimientos y previenen la sobreestimulaci\u00f3n. Este m\u00e9todo se basa en los \u00faltimos descubrimientos en neurociencias para maximizar los beneficios mientras se minimizan los riesgos.<\/p>\n                <\/div>\n            <\/div>\n\n            <h2>11. Los signos de desarrollo t\u00edpico y los indicadores de alerta<\/h2>\n            <p>Es esencial para los padres conocer los hitos t\u00edpicos del desarrollo cerebral para poder identificar posibles dificultades que requieran un acompa\u00f1amiento especializado. Entre 5 y 6 a\u00f1os, su hijo deber\u00eda ser capaz de seguir instrucciones en dos o tres pasos, contar una historia simple respetando la cronolog\u00eda, y mostrar un inter\u00e9s creciente por las letras y los n\u00fameros. Su capacidad de atenci\u00f3n para una actividad que le gusta deber\u00eda alcanzar de 10 a 15 minutos.<\/p>\n\n            <p>Hacia los 7-8 a\u00f1os, las habilidades se afinan considerablemente: comprensi\u00f3n de reglas de juegos complejos, capacidad para planificar actividades simples, surgimiento de estrategias de memorizaci\u00f3n conscientes, y desarrollo de un pensamiento m\u00e1s l\u00f3gico y estructurado. La motricidad fina permite la escritura cursiva, y la lectura se vuelve m\u00e1s fluida con una comprensi\u00f3n aumentada del sentido de los textos.<\/p>\n\n            <p>Sin embargo, algunos signos pueden alertar sobre posibles dificultades: persistencia de trastornos atencionales severos, dificultades importantes en la adquisici\u00f3n del lenguaje escrito, problemas persistentes de coordinaci\u00f3n motora, o dificultades mayores en las interacciones sociales. Estos indicadores no significan necesariamente un trastorno grave, pero justifican una evaluaci\u00f3n profesional para proponer un acompa\u00f1amiento adecuado si es necesario.<\/p>\n<div class=\"conseil-card\">\n                <h4>Acompa\u00f1amiento benevolente<\/h4>\n                <p>Cada ni\u00f1o evoluciona a su ritmo. En caso de preocupaci\u00f3n, consulte a profesionales mientras mantiene un entorno estimulante y positivo. Las herramientas digitales adecuadas pueden complementar eficazmente el acompa\u00f1amiento profesional al proponer ejercicios personalizados y progresivos.<\/p>\n            <\/div>\n\n            <h2>12. Estrategias pr\u00e1cticas para estimular el desarrollo cognitivo<\/h2>\n            <p>El acompa\u00f1amiento \u00f3ptimo del desarrollo cerebral requiere un enfoque multidimensional que combine estimulaci\u00f3n cognitiva, actividad f\u00edsica, interacciones sociales enriquecedoras y respeto por el ritmo natural del ni\u00f1o. Las actividades de construcci\u00f3n y creaci\u00f3n (Lego, rompecabezas, manualidades) estimulan simult\u00e1neamente la planificaci\u00f3n, la motricidad fina y la resoluci\u00f3n de problemas. Estas actividades tambi\u00e9n fomentan la perseverancia y la tolerancia a la frustraci\u00f3n, habilidades esenciales para los aprendizajes futuros.<\/p>\n\n            <p>Los juegos de mesa adaptados a la edad constituyen excelentes herramientas de estimulaci\u00f3n cognitiva. Desarrollan las habilidades estrat\u00e9gicas, la memoria de trabajo, el respeto por las reglas y las habilidades sociales. La alternancia entre juegos competitivos y cooperativos permite desarrollar diferentes facetas de la personalidad y habilidades sociales. Los juegos de cartas simples ejercitan particularmente bien la memoria y las capacidades de deducci\u00f3n.<\/p>\n\n            <p>La actividad f\u00edsica regular juega un papel fundamental a menudo subestimado. El ejercicio estimula la producci\u00f3n de factores de crecimiento nervioso, mejora la vascularizaci\u00f3n cerebral y favorece la neurog\u00e9nesis. Las actividades que combinan coordinaci\u00f3n, equilibrio y reflexi\u00f3n (artes marciales, danza, recorridos de obst\u00e1culos) son particularmente beneficiosas para el desarrollo integrado de las capacidades motoras y cognitivas.<\/p>\n\n            <div class=\"key-points\">\n                <h4>Actividades recomendadas por franjas de edad:<\/h4>\n                <ul>\n                    <li>5-6 a\u00f1os: Juegos de clasificaci\u00f3n, historias interactivas, actividades sensoriales, primeros rompecabezas<\/li>\n                    <li>6-7 a\u00f1os: Juegos de mesa simples, construcci\u00f3n libre, actividades art\u00edsticas, iniciaci\u00f3n a las reglas<\/li>\n                    <li>7-8 a\u00f1os: Desaf\u00edos l\u00f3gicos, deportes colectivos, juegos de estrategia, proyectos creativos complejos<\/li>\n                    <li>Transversal: Lectura diaria, discusiones, exploraci\u00f3n de la naturaleza, m\u00fasica<\/li>\n                <\/ul>\n            <\/div>\n\n            <div class=\"faq-list\">\n                <h2>Preguntas frecuentes sobre el desarrollo cerebral 5-8 a\u00f1os<\/h2>\n                \n                <div class=\"faq-item\">\n                    <div class=\"faq-q\">\n                        <span>\u00bfCu\u00e1ndo preocuparse si mi hijo parece retrasado en su desarrollo?<\/span>\n                        <span class=\"faq-icon\">+<\/span>\n                    <\/div>\n                    <div class=\"faq-a\">\n                        <p>Es necesario distinguir las variaciones normales del desarrollo de los retrasos significativos. Si a los 6 a\u00f1os su hijo tiene dificultades importantes con el lenguaje oral, no muestra ning\u00fan inter\u00e9s por las letras o los n\u00fameros, o presenta dificultades importantes de concentraci\u00f3n (menos de 5 minutos), puede ser \u00fatil una consulta. Sin embargo, recuerde que cada ni\u00f1o tiene su propio ritmo y que algunos \"despegan\" m\u00e1s tarde que otros.<\/p>\n                    <\/div>\n                <\/div>\n                \n                <div class=\"faq-item\">\n<div class=\"faq-q\">\n                        <span>\u00bfLas pantallas son realmente peligrosas para el cerebro en desarrollo?<\/span>\n                        <span class=\"faq-icon\">+<\/span>\n                    <\/div>\n                    <div class=\"faq-a\">\n                        <p>Las pantallas no son intr\u00ednsecamente peligrosas, pero su uso debe ser adaptado y moderado. Una exposici\u00f3n excesiva puede efectivamente perturbar el desarrollo de la atenci\u00f3n y del sue\u00f1o. Lo ideal es privilegiar contenidos educativos de calidad, con pausas regulares y un acompa\u00f1amiento parental. Las aplicaciones como COCO PIENSA y COCO SE MUEVE, que integran pausas deportivas autom\u00e1ticas, representan un enfoque innovador para un uso saludable de las tecnolog\u00edas.<\/p>\n                    <\/div>\n                <\/div>\n                \n                <div class=\"faq-item\">\n                    <div class=\"faq-q\">\n                        <span>\u00bfC\u00f3mo puedo saber si mi hijo est\u00e1 desarrollando bien sus capacidades de memoria?<\/span>\n                        <span class=\"faq-icon\">+<\/span>\n                    <\/div>\n                    <div class=\"faq-a\">\n                        <p>Observe su capacidad para retener y contar eventos recientes, seguir instrucciones en varios pasos y aprender nuevas canciones o rimas. Alrededor de los 7-8 a\u00f1os, deber\u00eda poder memorizar su direcci\u00f3n completa, retener las reglas de juegos complejos y desarrollar sus propias estrategias para recordar (repetici\u00f3n, asociaciones). Los juegos de memoria regulares pueden ayudar a evaluar y estimular estas capacidades.<\/p>\n                    <\/div>\n                <\/div>\n                \n                <div class=\"faq-item\">\n                    <div class=\"faq-q\">\n                        <span>\u00bfCu\u00e1l es la importancia del sue\u00f1o en el desarrollo cerebral?<\/span>\n                        <span class=\"faq-icon\">+<\/span>\n                    <\/div>\n                    <div class=\"faq-a\">\n                        <p>El sue\u00f1o es absolutamente crucial para el desarrollo cerebral. Es durante el sue\u00f1o profundo que se consolidan los aprendizajes del d\u00eda y que el cerebro elimina los desechos metab\u00f3licos. Un ni\u00f1o de 5-8 a\u00f1os necesita de 10 a 11 horas de sue\u00f1o por noche. Un sue\u00f1o insuficiente puede afectar la atenci\u00f3n, la memoria, el estado de \u00e1nimo e incluso el crecimiento f\u00edsico. Establecer una rutina de acostarse regular y un ambiente propicio para el sue\u00f1o es esencial.<\/p>\n                    <\/div>\n                <\/div>\n                \n                <div class=\"faq-item\">\n                    <div class=\"faq-q\">\n                        <span>\u00bfDebo preocuparme si mi hijo prefiere actividades solitarias a juegos en grupo?<\/span>\n                        <span class=\"faq-icon\">+<\/span>\n                    <\/div>\n                    <div class=\"faq-a\">\n                        <p>No necesariamente. Algunos ni\u00f1os son naturalmente m\u00e1s introvertidos y necesitan tiempo a solas para recargarse. Lo importante es que sean capaces de interacciones sociales apropiadas cuando sea necesario y que muestren empat\u00eda hacia los dem\u00e1s. Anime suavemente las interacciones sociales sin forzar, respetando el temperamento de su hijo. Proponga actividades en grupo en peque\u00f1o comit\u00e9 para comenzar.<\/p>\n                    <\/div>\n                <\/div>\n            <\/div>\n\n            <div class=\"cta-box\">\n                <h3>Acompa\u00f1e el desarrollo cognitivo de su hijo con DYNSEO<\/h3>\n                <p>Descubra nuestras aplicaciones educativas especialmente dise\u00f1adas para estimular el desarrollo cerebral de su hijo de manera l\u00fadica y cient\u00edficamente fundamentada. M\u00e1s de 30 juegos educativos con pausas deportivas integradas para un aprendizaje \u00f3ptimo y un uso saludable de las pantallas.<\/p>\n<div class=\"cta-buttons\">\n                    <a href=\"https:\/\/www.dynseo.com\/es\/coco-piensa-y-coco-se-mueve-software-educativo\/\" class=\"btn-white\">Descubrir COCO PIENSA y COCO SE MUEVE<\/a>\n                    <a href=\"https:\/\/www.dynseo.com\/es\/coco-piensa-y-coco-se-mueve-software-educativo\/\" class=\"btn-outline\">Descargar la aplicaci\u00f3n<\/a>\n                <\/div>\n            <\/div>\n\n            <div class=\"article-tags\">\n                <strong>Etiquetas : <\/strong>\n                <a href=\"#\" class=\"article-tag\">desarrollo cerebral<\/a>\n                <a href=\"#\" class=\"article-tag\">ni\u00f1o 5-8 a\u00f1os<\/a>\n                <a href=\"#\" class=\"article-tag\">neurociencias<\/a>\n                <a href=\"#\" class=\"article-tag\">aprendizaje<\/a>\n                <a href=\"#\" class=\"article-tag\">estimulaci\u00f3n cognitiva<\/a>\n                <a href=\"#\" class=\"article-tag\">plasticidad neuronal<\/a>\n                <a href=\"#\" class=\"article-tag\">funciones ejecutivas<\/a>\n                <a href=\"#\" class=\"article-tag\">memoria<\/a>\n                <a href=\"#\" class=\"article-tag\">atenci\u00f3n<\/a>\n                <a href=\"#\" class=\"article-tag\">COCO<\/a>\n            <\/div>\n        <\/div>\n    <\/div>[\/et_pb_code][\/et_pb_column][\/et_pb_row][\/et_pb_section]","_et_gb_content_width":"","footnotes":""},"categories":[2915],"tags":[],"class_list":["post-562058","post","type-post","status-publish","format-standard","has-post-thumbnail","hentry","category-les-conseils-des-coachs"],"yoast_head":"<!-- This site is optimized with the Yoast SEO plugin v27.4 - https:\/\/yoast.com\/product\/yoast-seo-wordpress\/ -->\n<title>\u00bfC\u00f3mo crece el cerebro de su hijo entre 5 y 8 a\u00f1os? - DYNSEO - Aplicaci\u00f3n educativa y juegos de memoria<\/title>\n<meta name=\"robots\" content=\"index, follow, max-snippet:-1, max-image-preview:large, max-video-preview:-1\" \/>\n<link rel=\"canonical\" href=\"https:\/\/www.dynseo.com\/es\/como-crece-el-cerebro-de-su-hijo-entre-5-y-8-anos\/\" \/>\n<meta property=\"og:locale\" content=\"es_ES\" \/>\n<meta property=\"og:type\" content=\"article\" \/>\n<meta property=\"og:title\" content=\"\u00bfC\u00f3mo crece el cerebro de su hijo entre 5 y 8 a\u00f1os? - DYNSEO - Aplicaci\u00f3n educativa y juegos de memoria\" \/>\n<meta property=\"og:url\" content=\"https:\/\/www.dynseo.com\/es\/como-crece-el-cerebro-de-su-hijo-entre-5-y-8-anos\/\" \/>\n<meta property=\"og:site_name\" content=\"DYNSEO - Aplicaci\u00f3n educativa y juegos de memoria\" \/>\n<meta property=\"article:published_time\" content=\"2026-04-26T09:02:31+00:00\" \/>\n<meta property=\"article:modified_time\" content=\"2026-04-26T09:33:42+00:00\" \/>\n<meta property=\"og:image\" content=\"https:\/\/www.dynseo.com\/wp-content\/uploads\/2023\/09\/ecole-enseignant-numerique-educatif.png\" \/>\n\t<meta property=\"og:image:width\" content=\"776\" \/>\n\t<meta property=\"og:image:height\" content=\"784\" \/>\n\t<meta property=\"og:image:type\" content=\"image\/png\" \/>\n<meta name=\"author\" content=\"DYNSEO\" \/>\n<meta name=\"twitter:label1\" content=\"Escrito por\" \/>\n\t<meta name=\"twitter:data1\" content=\"DYNSEO\" \/>\n\t<meta name=\"twitter:label2\" content=\"Tiempo de lectura\" \/>\n\t<meta name=\"twitter:data2\" content=\"22 minutos\" \/>\n<script type=\"application\/ld+json\" class=\"yoast-schema-graph\">{\"@context\":\"https:\\\/\\\/schema.org\",\"@graph\":[{\"@type\":\"Article\",\"@id\":\"https:\\\/\\\/www.dynseo.com\\\/es\\\/como-crece-el-cerebro-de-su-hijo-entre-5-y-8-anos\\\/#article\",\"isPartOf\":{\"@id\":\"https:\\\/\\\/www.dynseo.com\\\/es\\\/como-crece-el-cerebro-de-su-hijo-entre-5-y-8-anos\\\/\"},\"author\":{\"name\":\"DYNSEO\",\"@id\":\"https:\\\/\\\/www.dynseo.com\\\/es\\\/#\\\/schema\\\/person\\\/78ef63df2ee64e0989bc68f8401b38d6\"},\"headline\":\"\u00bfC\u00f3mo crece el cerebro de su hijo entre 5 y 8 a\u00f1os?\",\"datePublished\":\"2026-04-26T09:02:31+00:00\",\"dateModified\":\"2026-04-26T09:33:42+00:00\",\"mainEntityOfPage\":{\"@id\":\"https:\\\/\\\/www.dynseo.com\\\/es\\\/como-crece-el-cerebro-de-su-hijo-entre-5-y-8-anos\\\/\"},\"wordCount\":4610,\"publisher\":{\"@id\":\"https:\\\/\\\/www.dynseo.com\\\/es\\\/#organization\"},\"image\":{\"@id\":\"https:\\\/\\\/www.dynseo.com\\\/es\\\/como-crece-el-cerebro-de-su-hijo-entre-5-y-8-anos\\\/#primaryimage\"},\"thumbnailUrl\":\"https:\\\/\\\/www.dynseo.com\\\/wp-content\\\/uploads\\\/2023\\\/09\\\/ecole-enseignant-numerique-educatif.png\",\"articleSection\":[\"Les conseils des coachs\"],\"inLanguage\":\"es\"},{\"@type\":\"WebPage\",\"@id\":\"https:\\\/\\\/www.dynseo.com\\\/es\\\/como-crece-el-cerebro-de-su-hijo-entre-5-y-8-anos\\\/\",\"url\":\"https:\\\/\\\/www.dynseo.com\\\/es\\\/como-crece-el-cerebro-de-su-hijo-entre-5-y-8-anos\\\/\",\"name\":\"\u00bfC\u00f3mo crece el cerebro de su hijo entre 5 y 8 a\u00f1os? - DYNSEO - Aplicaci\u00f3n educativa y juegos de memoria\",\"isPartOf\":{\"@id\":\"https:\\\/\\\/www.dynseo.com\\\/es\\\/#website\"},\"primaryImageOfPage\":{\"@id\":\"https:\\\/\\\/www.dynseo.com\\\/es\\\/como-crece-el-cerebro-de-su-hijo-entre-5-y-8-anos\\\/#primaryimage\"},\"image\":{\"@id\":\"https:\\\/\\\/www.dynseo.com\\\/es\\\/como-crece-el-cerebro-de-su-hijo-entre-5-y-8-anos\\\/#primaryimage\"},\"thumbnailUrl\":\"https:\\\/\\\/www.dynseo.com\\\/wp-content\\\/uploads\\\/2023\\\/09\\\/ecole-enseignant-numerique-educatif.png\",\"datePublished\":\"2026-04-26T09:02:31+00:00\",\"dateModified\":\"2026-04-26T09:33:42+00:00\",\"breadcrumb\":{\"@id\":\"https:\\\/\\\/www.dynseo.com\\\/es\\\/como-crece-el-cerebro-de-su-hijo-entre-5-y-8-anos\\\/#breadcrumb\"},\"inLanguage\":\"es\",\"potentialAction\":[{\"@type\":\"ReadAction\",\"target\":[\"https:\\\/\\\/www.dynseo.com\\\/es\\\/como-crece-el-cerebro-de-su-hijo-entre-5-y-8-anos\\\/\"]}]},{\"@type\":\"ImageObject\",\"inLanguage\":\"es\",\"@id\":\"https:\\\/\\\/www.dynseo.com\\\/es\\\/como-crece-el-cerebro-de-su-hijo-entre-5-y-8-anos\\\/#primaryimage\",\"url\":\"https:\\\/\\\/www.dynseo.com\\\/wp-content\\\/uploads\\\/2023\\\/09\\\/ecole-enseignant-numerique-educatif.png\",\"contentUrl\":\"https:\\\/\\\/www.dynseo.com\\\/wp-content\\\/uploads\\\/2023\\\/09\\\/ecole-enseignant-numerique-educatif.png\",\"width\":776,\"height\":784,\"caption\":\"\u00a1Potencia la mente de tus hijos con retos intelectuales!\"},{\"@type\":\"BreadcrumbList\",\"@id\":\"https:\\\/\\\/www.dynseo.com\\\/es\\\/como-crece-el-cerebro-de-su-hijo-entre-5-y-8-anos\\\/#breadcrumb\",\"itemListElement\":[{\"@type\":\"ListItem\",\"position\":1,\"name\":\"Accueil\",\"item\":\"https:\\\/\\\/www.dynseo.com\\\/es\\\/\"},{\"@type\":\"ListItem\",\"position\":2,\"name\":\"\u00bfC\u00f3mo crece el cerebro de su hijo entre 5 y 8 a\u00f1os?\"}]},{\"@type\":\"WebSite\",\"@id\":\"https:\\\/\\\/www.dynseo.com\\\/es\\\/#website\",\"url\":\"https:\\\/\\\/www.dynseo.com\\\/es\\\/\",\"name\":\"Jeux de m\u00e9moire et stimulation cognitive\",\"description\":\"Entra\u00eenez votre m\u00e9moire et votre cerveau avec DYNSEO\",\"publisher\":{\"@id\":\"https:\\\/\\\/www.dynseo.com\\\/es\\\/#organization\"},\"potentialAction\":[{\"@type\":\"SearchAction\",\"target\":{\"@type\":\"EntryPoint\",\"urlTemplate\":\"https:\\\/\\\/www.dynseo.com\\\/es\\\/?s={search_term_string}\"},\"query-input\":{\"@type\":\"PropertyValueSpecification\",\"valueRequired\":true,\"valueName\":\"search_term_string\"}}],\"inLanguage\":\"es\"},{\"@type\":\"Organization\",\"@id\":\"https:\\\/\\\/www.dynseo.com\\\/es\\\/#organization\",\"name\":\"DYNSEO\",\"url\":\"https:\\\/\\\/www.dynseo.com\\\/es\\\/\",\"logo\":{\"@type\":\"ImageObject\",\"inLanguage\":\"es\",\"@id\":\"https:\\\/\\\/www.dynseo.com\\\/es\\\/#\\\/schema\\\/logo\\\/image\\\/\",\"url\":\"https:\\\/\\\/www.dynseo.com\\\/wp-content\\\/uploads\\\/2022\\\/05\\\/logo-dynseo-new.png\",\"contentUrl\":\"https:\\\/\\\/www.dynseo.com\\\/wp-content\\\/uploads\\\/2022\\\/05\\\/logo-dynseo-new.png\",\"width\":5073,\"height\":1397,\"caption\":\"DYNSEO\"},\"image\":{\"@id\":\"https:\\\/\\\/www.dynseo.com\\\/es\\\/#\\\/schema\\\/logo\\\/image\\\/\"}},{\"@type\":\"Person\",\"@id\":\"https:\\\/\\\/www.dynseo.com\\\/es\\\/#\\\/schema\\\/person\\\/78ef63df2ee64e0989bc68f8401b38d6\",\"name\":\"DYNSEO\",\"url\":\"https:\\\/\\\/www.dynseo.com\\\/es\\\/author\\\/justine\\\/\"}]}<\/script>\n<!-- \/ Yoast SEO plugin. -->","yoast_head_json":{"title":"\u00bfC\u00f3mo crece el cerebro de su hijo entre 5 y 8 a\u00f1os? - DYNSEO - Aplicaci\u00f3n educativa y juegos de memoria","robots":{"index":"index","follow":"follow","max-snippet":"max-snippet:-1","max-image-preview":"max-image-preview:large","max-video-preview":"max-video-preview:-1"},"canonical":"https:\/\/www.dynseo.com\/es\/como-crece-el-cerebro-de-su-hijo-entre-5-y-8-anos\/","og_locale":"es_ES","og_type":"article","og_title":"\u00bfC\u00f3mo crece el cerebro de su hijo entre 5 y 8 a\u00f1os? - DYNSEO - Aplicaci\u00f3n educativa y juegos de memoria","og_url":"https:\/\/www.dynseo.com\/es\/como-crece-el-cerebro-de-su-hijo-entre-5-y-8-anos\/","og_site_name":"DYNSEO - Aplicaci\u00f3n educativa y juegos de memoria","article_published_time":"2026-04-26T09:02:31+00:00","article_modified_time":"2026-04-26T09:33:42+00:00","og_image":[{"width":776,"height":784,"url":"https:\/\/www.dynseo.com\/wp-content\/uploads\/2023\/09\/ecole-enseignant-numerique-educatif.png","type":"image\/png"}],"author":"DYNSEO","twitter_misc":{"Escrito por":"DYNSEO","Tiempo de lectura":"22 minutos"},"schema":{"@context":"https:\/\/schema.org","@graph":[{"@type":"Article","@id":"https:\/\/www.dynseo.com\/es\/como-crece-el-cerebro-de-su-hijo-entre-5-y-8-anos\/#article","isPartOf":{"@id":"https:\/\/www.dynseo.com\/es\/como-crece-el-cerebro-de-su-hijo-entre-5-y-8-anos\/"},"author":{"name":"DYNSEO","@id":"https:\/\/www.dynseo.com\/es\/#\/schema\/person\/78ef63df2ee64e0989bc68f8401b38d6"},"headline":"\u00bfC\u00f3mo crece el cerebro de su hijo entre 5 y 8 a\u00f1os?","datePublished":"2026-04-26T09:02:31+00:00","dateModified":"2026-04-26T09:33:42+00:00","mainEntityOfPage":{"@id":"https:\/\/www.dynseo.com\/es\/como-crece-el-cerebro-de-su-hijo-entre-5-y-8-anos\/"},"wordCount":4610,"publisher":{"@id":"https:\/\/www.dynseo.com\/es\/#organization"},"image":{"@id":"https:\/\/www.dynseo.com\/es\/como-crece-el-cerebro-de-su-hijo-entre-5-y-8-anos\/#primaryimage"},"thumbnailUrl":"https:\/\/www.dynseo.com\/wp-content\/uploads\/2023\/09\/ecole-enseignant-numerique-educatif.png","articleSection":["Les conseils des coachs"],"inLanguage":"es"},{"@type":"WebPage","@id":"https:\/\/www.dynseo.com\/es\/como-crece-el-cerebro-de-su-hijo-entre-5-y-8-anos\/","url":"https:\/\/www.dynseo.com\/es\/como-crece-el-cerebro-de-su-hijo-entre-5-y-8-anos\/","name":"\u00bfC\u00f3mo crece el cerebro de su hijo entre 5 y 8 a\u00f1os? - DYNSEO - Aplicaci\u00f3n educativa y juegos de memoria","isPartOf":{"@id":"https:\/\/www.dynseo.com\/es\/#website"},"primaryImageOfPage":{"@id":"https:\/\/www.dynseo.com\/es\/como-crece-el-cerebro-de-su-hijo-entre-5-y-8-anos\/#primaryimage"},"image":{"@id":"https:\/\/www.dynseo.com\/es\/como-crece-el-cerebro-de-su-hijo-entre-5-y-8-anos\/#primaryimage"},"thumbnailUrl":"https:\/\/www.dynseo.com\/wp-content\/uploads\/2023\/09\/ecole-enseignant-numerique-educatif.png","datePublished":"2026-04-26T09:02:31+00:00","dateModified":"2026-04-26T09:33:42+00:00","breadcrumb":{"@id":"https:\/\/www.dynseo.com\/es\/como-crece-el-cerebro-de-su-hijo-entre-5-y-8-anos\/#breadcrumb"},"inLanguage":"es","potentialAction":[{"@type":"ReadAction","target":["https:\/\/www.dynseo.com\/es\/como-crece-el-cerebro-de-su-hijo-entre-5-y-8-anos\/"]}]},{"@type":"ImageObject","inLanguage":"es","@id":"https:\/\/www.dynseo.com\/es\/como-crece-el-cerebro-de-su-hijo-entre-5-y-8-anos\/#primaryimage","url":"https:\/\/www.dynseo.com\/wp-content\/uploads\/2023\/09\/ecole-enseignant-numerique-educatif.png","contentUrl":"https:\/\/www.dynseo.com\/wp-content\/uploads\/2023\/09\/ecole-enseignant-numerique-educatif.png","width":776,"height":784,"caption":"\u00a1Potencia la mente de tus hijos con retos intelectuales!"},{"@type":"BreadcrumbList","@id":"https:\/\/www.dynseo.com\/es\/como-crece-el-cerebro-de-su-hijo-entre-5-y-8-anos\/#breadcrumb","itemListElement":[{"@type":"ListItem","position":1,"name":"Accueil","item":"https:\/\/www.dynseo.com\/es\/"},{"@type":"ListItem","position":2,"name":"\u00bfC\u00f3mo crece el cerebro de su hijo entre 5 y 8 a\u00f1os?"}]},{"@type":"WebSite","@id":"https:\/\/www.dynseo.com\/es\/#website","url":"https:\/\/www.dynseo.com\/es\/","name":"Jeux de m\u00e9moire et stimulation cognitive","description":"Entra\u00eenez votre m\u00e9moire et votre cerveau avec DYNSEO","publisher":{"@id":"https:\/\/www.dynseo.com\/es\/#organization"},"potentialAction":[{"@type":"SearchAction","target":{"@type":"EntryPoint","urlTemplate":"https:\/\/www.dynseo.com\/es\/?s={search_term_string}"},"query-input":{"@type":"PropertyValueSpecification","valueRequired":true,"valueName":"search_term_string"}}],"inLanguage":"es"},{"@type":"Organization","@id":"https:\/\/www.dynseo.com\/es\/#organization","name":"DYNSEO","url":"https:\/\/www.dynseo.com\/es\/","logo":{"@type":"ImageObject","inLanguage":"es","@id":"https:\/\/www.dynseo.com\/es\/#\/schema\/logo\/image\/","url":"https:\/\/www.dynseo.com\/wp-content\/uploads\/2022\/05\/logo-dynseo-new.png","contentUrl":"https:\/\/www.dynseo.com\/wp-content\/uploads\/2022\/05\/logo-dynseo-new.png","width":5073,"height":1397,"caption":"DYNSEO"},"image":{"@id":"https:\/\/www.dynseo.com\/es\/#\/schema\/logo\/image\/"}},{"@type":"Person","@id":"https:\/\/www.dynseo.com\/es\/#\/schema\/person\/78ef63df2ee64e0989bc68f8401b38d6","name":"DYNSEO","url":"https:\/\/www.dynseo.com\/es\/author\/justine\/"}]}},"_links":{"self":[{"href":"https:\/\/www.dynseo.com\/es\/wp-json\/wp\/v2\/posts\/562058","targetHints":{"allow":["GET"]}}],"collection":[{"href":"https:\/\/www.dynseo.com\/es\/wp-json\/wp\/v2\/posts"}],"about":[{"href":"https:\/\/www.dynseo.com\/es\/wp-json\/wp\/v2\/types\/post"}],"author":[{"embeddable":true,"href":"https:\/\/www.dynseo.com\/es\/wp-json\/wp\/v2\/users\/4"}],"replies":[{"embeddable":true,"href":"https:\/\/www.dynseo.com\/es\/wp-json\/wp\/v2\/comments?post=562058"}],"version-history":[{"count":16,"href":"https:\/\/www.dynseo.com\/es\/wp-json\/wp\/v2\/posts\/562058\/revisions"}],"predecessor-version":[{"id":562156,"href":"https:\/\/www.dynseo.com\/es\/wp-json\/wp\/v2\/posts\/562058\/revisions\/562156"}],"wp:featuredmedia":[{"embeddable":true,"href":"https:\/\/www.dynseo.com\/es\/wp-json\/wp\/v2\/media\/348895"}],"wp:attachment":[{"href":"https:\/\/www.dynseo.com\/es\/wp-json\/wp\/v2\/media?parent=562058"}],"wp:term":[{"taxonomy":"category","embeddable":true,"href":"https:\/\/www.dynseo.com\/es\/wp-json\/wp\/v2\/categories?post=562058"},{"taxonomy":"post_tag","embeddable":true,"href":"https:\/\/www.dynseo.com\/es\/wp-json\/wp\/v2\/tags?post=562058"}],"curies":[{"name":"wp","href":"https:\/\/api.w.org\/{rel}","templated":true}]}}