{"id":562599,"date":"2026-04-26T13:51:45","date_gmt":"2026-04-26T11:51:45","guid":{"rendered":"https:\/\/www.dynseo.com\/le-lien-entre-la-motricite-fine-et-lapprentissage-a-lecole-2\/"},"modified":"2026-04-26T13:55:12","modified_gmt":"2026-04-26T11:55:12","slug":"el-vinculo-entre-la-motricidad-fina-y-el-aprendizaje-en-la-escuela","status":"publish","type":"post","link":"https:\/\/www.dynseo.com\/es\/el-vinculo-entre-la-motricidad-fina-y-el-aprendizaje-en-la-escuela\/","title":{"rendered":"El v\u00ednculo entre la motricidad fina y el aprendizaje en la escuela"},"content":{"rendered":"<p>[et_pb_section fb_built=\u00bb1&#8243; _builder_version=\u00bb4.16&#8243; custom_padding=\u00bb0px|0px|0px|0px|false|false\u00bb margin_top=\u00bb0px\u00bb margin_bottom=\u00bb0px\u00bb global_colors_info=\u00bb{}\u00bb][et_pb_row _builder_version=\u00bb4.16&#8243; custom_padding=\u00bb0px|0px|0px|0px|false|false\u00bb margin_top=\u00bb0px\u00bb margin_bottom=\u00bb0px\u00bb column_structure=\u00bb4_4&#8243; global_colors_info=\u00bb{}\u00bb][et_pb_column type=\u00bb4_4&#8243; _builder_version=\u00bb4.16&#8243; custom_padding=\u00bb0px|0px|0px|0px|false|false\u00bb global_colors_info=\u00bb{}\u00bb][et_pb_code _builder_version=\u00bb4.16&#8243; custom_padding=\u00bb0px|0px|0px|0px|false|false\u00bb global_colors_info=\u00bb{}\u00bb]<\/p>\n<style>\n        :root {\n            --primary: #5e5ed7;\n            --primary-dark: #5268c9;\n            --teal: #a9e2e4;\n            --yellow: #ffeca7;\n            --pink: #e73469;\n            --grey-light: #f5f5f5;\n            --grey-dark: #333;\n            --white: #ffffff;\n        }<\/p>\n<p>        * {\n            margin: 0;\n            padding: 0;\n            box-sizing: border-box;\n        }<\/p>\n<p>        body {\n            font-family: 'Poppins', sans-serif;\n            line-height: 1.6;\n            color: var(--grey-dark);\n            background: #fafafa;\n        }<\/p>\n<p>        h1, h2, h3, h4, h5, h6 {\n            font-family: 'Montserrat', sans-serif;\n            font-weight: 600;\n            margin-bottom: 1rem;\n        }<\/p>\n<p>        .article-hero {\n            background: linear-gradient(135deg, var(--primary) 0%, var(--primary-dark) 100%);\n            color: white;\n            padding: 2rem 0 4rem;\n            position: relative;\n            overflow: hidden;\n        }<\/p>\n<p>        .article-hero::before {\n            content: '';\n            position: absolute;\n            top: 0;\n            left: 0;\n            right: 0;\n            bottom: 0;\n            background: url('data:image\/svg+xml,<svg xmlns=\"http:\/\/www.w3.org\/2000\/svg\" viewBox=\"0 0 100 100\"><circle cx=\"20\" cy=\"20\" r=\"2\" fill=\"rgba(255,255,255,0.1)\"\/><circle cx=\"80\" cy=\"40\" r=\"1.5\" fill=\"rgba(255,255,255,0.1)\"\/><circle cx=\"40\" cy=\"80\" r=\"1\" fill=\"rgba(255,255,255,0.1)\"\/><\/svg>');\n        }<\/p>\n<p>        .article-hero-inner {\n            max-width: 1200px;\n            margin: 0 auto;\n            padding: 0 2rem;\n            position: relative;\n            z-index: 2;\n        }<\/p>\n<p>        .article-breadcrumb {\n            font-size: 0.9rem;\n            margin-bottom: 1rem;\n            opacity: 0.9;\n        }<\/p>\n<p>        .article-breadcrumb a {\n            color: white;\n            text-decoration: none;\n        }<\/p>\n<p>        .article-category {\n            display: inline-block;\n            background: var(--teal);\n            color: var(--grey-dark);\n            padding: 0.5rem 1rem;\n            border-radius: 25px;\n            font-size: 0.85rem;\n            font-weight: 500;\n            margin-bottom: 1rem;\n        }<\/p>\n<p>        .article-hero h1 {\n            font-size: 2.5rem;\n            font-weight: 700;\n            margin-bottom: 1.5rem;\n            line-height: 1.2;\n        }<\/p>\n<p>        .hl {\n            background: var(--yellow);\n            color: var(--grey-dark);\n            padding: 0 0.5rem;\n            border-radius: 4px;\n        }<\/p>\n<p>        .article-meta {\n            display: flex;\n            align-items: center;\n            gap: 2rem;\n            margin-bottom: 2rem;\n            font-size: 0.9rem;\n        }<\/p>\n<p>        .article-meta .stars {\n            color: var(--yellow);\n            font-size: 1.1rem;\n        }<\/p>\n<p>        .article-hero-curve {\n            position: absolute;\n            bottom: -1px;\n            left: 0;\n            width: 100%;\n            height: 50px;\n            background: #fafafa;\n            border-radius: 50% 50% 0 0 \/ 100% 100% 0 0;\n        }<\/p>\n<p>        .article-body {\n            padding: 3rem 0;\n        }<\/p>\n<p>        .container {\n            max-width: 1000px;\n            margin: 0 auto;\n            padding: 0 2rem;\n        }<\/p>\n<p>        .intro-block {\n            background: white;\n            padding: 2rem;\n            border-radius: 15px;\n            box-shadow: 0 5px 20px rgba(0,0,0,0.1);\n            margin-bottom: 3rem;\n            border-left: 4px solid var(--primary);\n        }<\/p>\n<p>        .stats-grid {\n            display: grid;\n            grid-template-columns: repeat(auto-fit, minmax(200px, 1fr));\n            gap: 1.5rem;\n            margin-bottom: 3rem;\n        }<\/p>\n<p>        .stat-card {\n            background: white;\n            padding: 1.5rem;\n            border-radius: 15px;\n            text-align: center;\n            box-shadow: 0 5px 15px rgba(0,0,0,0.1);\n            border-top: 3px solid var(--primary);\n        }<\/p>\n<p>        .stat-card .number {\n            font-size: 2.5rem;\n            font-weight: 700;\n            color: var(--primary);\n            display: block;\n            margin-bottom: 0.5rem;\n        }<\/p>\n<p>        .stat-card .label {\n            font-size: 0.9rem;\n            color: var(--grey-dark);\n            font-weight: 500;\n        }<\/p>\n<p>        .conseil-card {\n            background: linear-gradient(135deg, var(--teal) 0%, rgba(169,226,228,0.7) 100%);\n            padding: 1.5rem;\n            border-radius: 15px;\n            margin: 1.5rem 0;\n            border-left: 4px solid var(--primary-dark);\n        }<\/p>\n<p>        .key-points {\n            background: white;\n            padding: 1.5rem;\n            border-radius: 10px;\n            margin: 1.5rem 0;\n            box-shadow: 0 3px 10px rgba(0,0,0,0.1);\n        }<\/p>\n<p>        .key-points ul {\n            list-style: none;\n            padding-left: 0;\n        }<\/p>\n<p>        .key-points li {\n            position: relative;\n            padding-left: 1.5rem;\n            margin-bottom: 0.5rem;\n        }<\/p>\n<p>        .key-points li::before {\n            content: '\u2713';\n            position: absolute;\n            left: 0;\n            color: var(--primary);\n            font-weight: bold;\n        }<\/p>\n<p>        .tip-box {\n            background: var(--yellow);\n            padding: 1.5rem;\n            border-radius: 10px;\n            margin: 1.5rem 0;\n            position: relative;\n        }<\/p>\n<p>        .tip-box-label {\n            background: var(--primary);\n            color: white;\n            padding: 0.3rem 0.8rem;\n            border-radius: 15px;\n            font-size: 0.8rem;\n            font-weight: 600;\n            position: absolute;\n            top: -10px;\n            left: 1rem;\n        }<\/p>\n<p>        .expert-box {\n            background: white;\n            border: 2px solid var(--primary);\n            border-radius: 15px;\n            margin: 2rem 0;\n            overflow: hidden;\n        }<\/p>\n<p>        .expert-box-label {\n            background: var(--primary);\n            color: white;\n            padding: 0.5rem 1rem;\n            font-weight: 600;\n            font-size: 0.9rem;\n        }<\/p>\n<p>        .expert-inner {\n            padding: 1.5rem;\n        }<\/p>\n<p>        .expert-inner-title {\n            color: var(--primary);\n            font-size: 1.1rem;\n            margin-bottom: 1rem;\n        }<\/p>\n<p>        .faq-list {\n            background: white;\n            border-radius: 15px;\n            padding: 2rem;\n            box-shadow: 0 5px 20px rgba(0,0,0,0.1);\n            margin: 2rem 0;\n        }<\/p>\n<p>        .faq-item {\n            border-bottom: 1px solid #eee;\n            margin-bottom: 1rem;\n        }<\/p>\n<p>        .faq-item:last-child {\n            border-bottom: none;\n        }<\/p>\n<p>        .faq-q {\n            display: flex;\n            justify-content: space-between;\n            align-items: center;\n            padding: 1rem 0;\n            cursor: pointer;\n            font-weight: 600;\n            color: var(--primary);\n        }<\/p>\n<p>        .faq-icon {\n            background: var(--primary);\n            color: white;\n            width: 25px;\n            height: 25px;\n            border-radius: 50%;\n            display: flex;\n            align-items: center;\n            justify-content: center;\n            font-size: 1.2rem;\n            transition: transform 0.3s ease;\n        }<\/p>\n<p>        .faq-item.open .faq-icon {\n            transform: rotate(45deg);\n        }<\/p>\n<p>        .faq-a {\n            padding-bottom: 1rem;\n            display: none;\n            color: var(--grey-dark);\n        }<\/p>\n<p>        .faq-item.open .faq-a {\n            display: block;\n        }<\/p>\n<p>        .cta-box {\n            background: linear-gradient(135deg, var(--primary) 0%, var(--primary-dark) 100%);\n            color: white;\n            padding: 2rem;\n            border-radius: 15px;\n            text-align: center;\n            margin: 3rem 0;\n        }<\/p>\n<p>        .cta-buttons {\n            margin-top: 1.5rem;\n            display: flex;\n            gap: 1rem;\n            justify-content: center;\n            flex-wrap: wrap;\n        }<\/p>\n<p>        .btn-white {\n            background: white;\n            color: var(--primary);\n            padding: 0.8rem 1.5rem;\n            border-radius: 25px;\n            text-decoration: none;\n            font-weight: 600;\n            transition: all 0.3s ease;\n        }<\/p>\n<p>        .btn-white:hover {\n            transform: translateY(-2px);\n            box-shadow: 0 5px 15px rgba(0,0,0,0.2);\n        }<\/p>\n<p>        .btn-outline {\n            background: transparent;\n            color: white;\n            border: 2px solid white;\n            padding: 0.8rem 1.5rem;\n            border-radius: 25px;\n            text-decoration: none;\n            font-weight: 600;\n            transition: all 0.3s ease;\n        }<\/p>\n<p>        .btn-outline:hover {\n            background: white;\n            color: var(--primary);\n        }<\/p>\n<p>        .article-tags {\n            margin-top: 3rem;\n            padding-top: 2rem;\n            border-top: 1px solid #eee;\n        }<\/p>\n<p>        .article-tag {\n            display: inline-block;\n            background: var(--grey-light);\n            color: var(--grey-dark);\n            padding: 0.5rem 1rem;\n            border-radius: 20px;\n            font-size: 0.85rem;\n            margin: 0.25rem;\n            text-decoration: none;\n            transition: all 0.3s ease;\n        }<\/p>\n<p>        .article-tag:hover {\n            background: var(--primary);\n            color: white;\n        }<\/p>\n<p>        @media (max-width: 768px) {\n            .article-hero h1 {\n                font-size: 2rem;\n            }<\/p>\n<p>            .article-meta {\n                flex-direction: column;\n                gap: 1rem;\n                align-items: flex-start;\n            }<\/p>\n<p>            .stats-grid {\n                grid-template-columns: 1fr;\n            }<\/p>\n<p>            .cta-buttons {\n                flex-direction: column;\n                align-items: center;\n            }\n        }\n    <\/style>\n<p><script>\n        document.querySelectorAll('.faq-q').forEach(function(button) {\n            button.addEventListener('click', function() {\n                button.closest('.faq-item').classList.toggle('open');\n            });\n        });\n    <\/script><br \/>\n<script type=\"application\/ld+json\">\n{\n  \"@context\": \"https:\/\/schema.org\",\n  \"@graph\": [\n    {\n      \"@type\": \"Article\",\n      \"headline\": \"Le lien entre la motricit\u00e9 fine et l'apprentissage \u00e0 l'\u00e9cole\",\n      \"description\": \"\ud83d\udcc5 Avril 2026 \u23f1\ufe0f 15 min de lecture \ud83d\udc65 Parents & Enseignants \u2b50\u2b50\u2b50\u2b50\u2b50 4.8\/5\",\n      \"url\": \"https:\/\/www.dynseo.com\/le-lien-entre-la-motricite-fine-et-lapprentissage-a-lecole\/\",\n      \"datePublished\": \"2026-04-07\",\n      \"author\": {\n        \"@type\": \"Organization\",\n        \"name\": \"DYNSEO\",\n        \"url\": \"https:\/\/www.dynseo.com\"\n      },\n      \"publisher\": {\n        \"@type\": \"Organization\",\n        \"name\": \"DYNSEO\",\n        \"url\": \"https:\/\/www.dynseo.com\"\n      },\n      \"aggregateRating\": {\n        \"@type\": \"AggregateRating\",\n        \"ratingValue\": \"4.8\",\n        \"bestRating\": \"5\",\n        \"ratingCount\": \"47\"\n      }\n    },\n    {\n      \"@type\": \"WebPage\",\n      \"url\": \"https:\/\/www.dynseo.com\/le-lien-entre-la-motricite-fine-et-lapprentissage-a-lecole\/\",\n      \"name\": \"Le lien entre la motricit\u00e9 fine et l'apprentissage \u00e0 l'\u00e9cole\",\n      \"description\": \"\ud83d\udcc5 Avril 2026 \u23f1\ufe0f 15 min de lecture \ud83d\udc65 Parents & Enseignants \u2b50\u2b50\u2b50\u2b50\u2b50 4.8\/5\",\n      \"breadcrumb\": {\n        \"@type\": \"BreadcrumbList\",\n        \"itemListElement\": [\n          {\n            \"@type\": \"ListItem\",\n            \"position\": 1,\n            \"name\": \"Accueil\",\n            \"item\": \"https:\/\/www.dynseo.com\"\n          },\n          {\n            \"@type\": \"ListItem\",\n            \"position\": 2,\n            \"name\": \"Blog\",\n            \"item\": \"https:\/\/www.dynseo.com\/blog\/\"\n          },\n          {\n            \"@type\": \"ListItem\",\n            \"position\": 3,\n            \"name\": \"Le lien entre la motricit\u00e9 fine et l'apprentissage \u00e0 l'\u00e9cole\",\n            \"item\": \"https:\/\/www.dynseo.com\/le-lien-entre-la-motricite-fine-et-lapprentissage-a-lecole\/\"\n          }\n        ]\n      }\n    },\n    {\n      \"@type\": \"FAQPage\",\n      \"mainEntity\": [\n        {\n          \"@type\": \"Question\",\n          \"name\": \"\u00c0 quel \u00e2ge faut-il commencer \u00e0 stimuler la motricit\u00e9 fine ?\"\n        },\n        {\n          \"@type\": \"Question\",\n          \"name\": \"Comment reconna\u00eetre un trouble de la motricit\u00e9 fine chez un enfant ?\"\n        },\n        {\n          \"@type\": \"Question\",\n          \"name\": \"Les \u00e9crans peuvent-ils aider ou nuire au d\u00e9veloppement de la motricit\u00e9 fine ?\"\n        }\n      ]\n    }\n  ]\n}\n<\/script>\n<link rel=\"preconnect\" href=\"https:\/\/fonts.googleapis.com\">\n<section class=\"article-hero\">\n<div class=\"article-hero-inner\">\n<nav class=\"article-breadcrumb\">\n                <a href=\"\/\">Inicio<\/a> > <a href=\"\/blog\/\">Blog<\/a> > Motricidad fina y aprendizaje<br \/>\n            <\/nav>\n<p>            <span class=\"article-category\">Desarrollo Cognitivo<\/span><\/p>\n<h1>La relaci\u00f3n entre la <span class=\"hl\">motricidad fina<\/span> y el aprendizaje en la escuela<\/h1>\n<div class=\"article-meta\">\n                <span>\ud83d\udcc5 Abril 2026<\/span><br \/>\n                <span>\u23f1\ufe0f 15 min de lectura<\/span><br \/>\n                <span>\ud83d\udc65 Padres y Educadores<\/span><br \/>\n                <span class=\"stars\">\u2b50\u2b50\u2b50\u2b50\u2b50 4.8\/5<\/span>\n            <\/div>\n<\/p><\/div>\n<div class=\"article-hero-curve\"><\/div>\n<\/section>\n<div class=\"article-body\">\n<div class=\"container\">\n<div class=\"intro-block\">\n                <pee>Las habilidades motoras finas son mucho m\u00e1s que una simple destreza manual: constituyen un verdadero pilar del desarrollo cognitivo y del \u00e9xito escolar. Estas habilidades, que implican la coordinaci\u00f3n precisa de los peque\u00f1os m\u00fasculos de las manos y los dedos, juegan un papel fundamental en el aprendizaje acad\u00e9mico, desde la escritura hasta las matem\u00e1ticas pasando por las actividades art\u00edsticas. La investigaci\u00f3n moderna revela v\u00ednculos fascinantes entre la destreza manual y el rendimiento intelectual, subrayando la importancia de un desarrollo armonioso de estas capacidades desde una edad temprana. Comprender esta relaci\u00f3n permite a los padres y educadores optimizar el entorno de aprendizaje y fomentar el desarrollo integral de cada ni\u00f1o. Este enfoque hol\u00edstico del desarrollo reconoce que el cuerpo y la mente trabajan en conjunto para construir las bases del aprendizaje.<\/pee>\n            <\/div>\n<div class=\"stats-grid\">\n<div class=\"stat-card\">\n                    <span class=\"number\">85%<\/span><br \/>\n                    <span class=\"label\">de los ni\u00f1os mejoran su escritura con un entrenamiento motor adecuado<\/span>\n                <\/div>\n<div class=\"stat-card\">\n                    <span class=\"number\">7 a\u00f1os<\/span><br \/>\n                    <span class=\"label\">edad cr\u00edtica para el desarrollo motor fino \u00f3ptimo<\/span>\n                <\/div>\n<div class=\"stat-card\">\n                    <span class=\"number\">30%<\/span><br \/>\n                    <span class=\"label\">de mejora en el rendimiento escolar con actividades espec\u00edficas<\/span>\n                <\/div>\n<div class=\"stat-card\">\n                    <span class=\"number\">15 min<\/span><br \/>\n                    <span class=\"label\">de ejercicios diarios son suficientes para progresos significativos<\/span>\n                <\/div>\n<\/p><\/div>\n<h2>1. Los fundamentos neurol\u00f3gicos de la motricidad fina<\/h2>\n<pee>La motricidad fina se basa en una red compleja de conexiones neurol\u00f3gicas que se desarrollan progresivamente durante la infancia. Esta habilidad implica la coordinaci\u00f3n precisa entre el sistema nervioso central, los m\u00fasculos de las manos y los dedos, as\u00ed como los sistemas sensoriales. El cerebro procesa simult\u00e1neamente la informaci\u00f3n visual, t\u00e1ctil y proprioceptiva para permitir movimientos precisos y controlados.<\/pee>\n<pee>Las investigaciones en neurociencias revelan que el desarrollo de la motricidad fina estimula la mielinizaci\u00f3n de las fibras nerviosas, acelerando as\u00ed la transmisi\u00f3n de se\u00f1ales entre las diferentes regiones cerebrales. Esta mejora de la conectividad neuronal tiene repercusiones directas en las capacidades cognitivas, incluyendo la memoria de trabajo, la atenci\u00f3n sostenida y las funciones ejecutivas.<\/pee>\n<pee>El \u00e1rea motora primaria y el cerebelo desempe\u00f1an roles cruciales en el aprendizaje y la automatizaci\u00f3n de los gestos finos. Cuando un ni\u00f1o repite movimientos precisos, como trazar letras o manipular objetos, estas estructuras cerebrales crean \u00abmapas motores\u00bb que facilitan la ejecuci\u00f3n futura de estas tareas. Esta plasticidad neuronal explica por qu\u00e9 el entrenamiento temprano de la motricidad fina tiene beneficios duraderos en el aprendizaje.<\/pee>\n<div class=\"conseil-card\">\n<h4>\ud83d\udca1 Consejo de experto<\/h4>\n<pee>El per\u00edodo \u00f3ptimo para desarrollar la motricidad fina se sit\u00faa entre los 3 y 8 a\u00f1os, cuando la plasticidad cerebral es m\u00e1xima. Aprovecha esta ventana de desarrollo para proponer actividades variadas y progresivas.<\/pee>\n            <\/div>\n<div class=\"key-points\">\n<h4>Puntos clave del desarrollo neurol\u00f3gico:<\/h4>\n<ul>\n<li>La mielinizaci\u00f3n se completa alrededor de los 7-8 a\u00f1os para los circuitos motores finos<\/li>\n<li>Cada gesto repetido refuerza las conexiones sin\u00e1pticas<\/li>\n<li>La integraci\u00f3n sensorial mejora la precisi\u00f3n gestual<\/li>\n<li>Las \u00e1reas premotoras planifican las secuencias de movimientos<\/li>\n<\/ul><\/div>\n<h2>2. Impacto en la adquisici\u00f3n de la escritura y de la lectura<\/h2>\n<pee>La escritura representa una de las competencias acad\u00e9micas m\u00e1s directamente relacionadas con la motricidad fina. Sostener un l\u00e1piz, controlar la presi\u00f3n ejercida sobre el papel y coordinar los movimientos para formar letras requieren un dominio preciso de los m\u00fasculos intr\u00ednsecos de la mano. Los ni\u00f1os que presentan dificultades en la motricidad fina a menudo tienen problemas para automatizar la escritura, movilizando una atenci\u00f3n cognitiva excesiva en detrimento del contenido.<\/pee>\n<pee>La investigaci\u00f3n demuestra que la calidad de la escritura a mano influye directamente en la comprensi\u00f3n lectora. Cuando el ni\u00f1o debe concentrar su atenci\u00f3n en la formaci\u00f3n de las letras, dispone de menos recursos cognitivos para procesar el sentido del texto. En cambio, una escritura fluida y automatizada libera la mente para concentrarse en la creatividad y la expresi\u00f3n de ideas.<\/pee>\n<pee>Los estudios longitudinales revelan que los ni\u00f1os que se benefician de un entrenamiento temprano en la motricidad fina desarrollan una escritura m\u00e1s legible y m\u00e1s r\u00e1pida, lo que se correlaciona positivamente con su rendimiento en ortograf\u00eda y en composici\u00f3n escrita. Esta relaci\u00f3n se explica por el refuerzo de las representaciones visuomotoras de las letras en la memoria a largo plazo.<\/pee>\n<div class=\"expert-box\">\n<div class=\"expert-box-label\">\ud83d\udc68\u200d\ud83d\udd2c Experiencia DYNSEO<\/div>\n<div class=\"expert-inner\">\n<h4 class=\"expert-inner-title\">El enfoque digital complementario<\/h4>\n<pee>Las aplicaciones como <a href=\"https:\/\/www.dynseo.com\/es\/coco-piensa-y-coco-se-mueve-software-educativo\/\" target=\"_blank\">COCO PIENSA y COCO SE MUEVE<\/a> ofrecen ejercicios de trazado interactivos que refuerzan las habilidades grafomotrices mientras mantienen el compromiso del ni\u00f1o. Estas herramientas tecnol\u00f3gicas complementan eficazmente el aprendizaje tradicional del gesto de escritura.<\/pee>\n                <\/div>\n<\/p><\/div>\n<div class=\"tip-box\">\n<div class=\"tip-box-label\">\ud83d\udca1 Consejo pr\u00e1ctico<\/div>\n<pee>Alterna entre la escritura en papel y las actividades digitales para desarrollar una motricidad fina completa. Lo importante es mantener un equilibrio entre soportes tradicionales y nuevas tecnolog\u00edas.<\/pee>\n            <\/div>\n<h2>3. Relaci\u00f3n con las competencias matem\u00e1ticas<\/h2>\n<pee>Las matem\u00e1ticas, a diferencia de lo que se piensa, se basan en gran medida en la motricidad fina a trav\u00e9s de la manipulaci\u00f3n de objetos, el trazado de figuras geom\u00e9tricas y la resoluci\u00f3n de problemas visuoespaciales. Los ni\u00f1os que dominan bien sus gestos finos comprenden m\u00e1s f\u00e1cilmente los conceptos de cantidad, espacio y medida gracias a las experiencias concretas de manipulaci\u00f3n.<\/pee>\n<pee>El uso de material de manipulaci\u00f3n como los cubos, las regletas o las formas geom\u00e9tricas desarrolla simult\u00e1neamente la destreza manual y la comprensi\u00f3n matem\u00e1tica. Estas actividades permiten a los ni\u00f1os interiorizar los conceptos abstractos a trav\u00e9s de la experiencia sensoriomotora, creando bases s\u00f3lidas para el aprendizaje posterior.<\/pee>\n<pee>Las investigaciones muestran que los ni\u00f1os que se benefician de actividades manuales estructuradas desarrollan una mejor representaci\u00f3n mental de los n\u00fameros y de las relaciones espaciales. Esta capacidad de visualizaci\u00f3n constituye una ventaja importante para la resoluci\u00f3n de problemas complejos y la geometr\u00eda avanzada.<\/pee>\n<div class=\"conseil-card\">\n<h4>\ud83c\udfaf Actividades recomendadas<\/h4>\n<pee>Prop\u00f3n regularmente juegos de construcci\u00f3n, rompecabezas y actividades de clasificaci\u00f3n para reforzar simult\u00e1neamente la motricidad fina y los conceptos matem\u00e1ticos fundamentales.<\/pee>\n            <\/div>\n<h2>4. Desarrollo de la autonom\u00eda y de la confianza en uno mismo<\/h2>\n<pee>El dominio de la motricidad fina contribuye significativamente al desarrollo de la autonom\u00eda en el ni\u00f1o. Poder vestirse solo, usar correctamente los cubiertos o realizar tareas cotidianas refuerza el sentimiento de competencia y la autoestima. Esta autonom\u00eda creciente se traduce en una mayor motivaci\u00f3n para aprender y enfrentar nuevos desaf\u00edos acad\u00e9micos.<\/pee>\n<pee>Los ni\u00f1os que tienen dificultades con sus gestos finos pueden desarrollar estrategias de evitaci\u00f3n ante las tareas escolares, creando un c\u00edrculo vicioso de desmotivaci\u00f3n y retraso en los aprendizajes. En cambio, aquellos que dominan bien sus movimientos manifiestan m\u00e1s perseverancia y confianza ante las dificultades.<\/pee>\n<pee>El impacto psicol\u00f3gico de la motricidad fina no debe ser subestimado. Los ni\u00f1os comparan naturalmente sus producciones con las de sus pares, y las dificultades motoras pueden generar sentimientos de inferioridad o frustraci\u00f3n. Por lo tanto, es esencial acompa\u00f1ar a cada ni\u00f1o seg\u00fan su ritmo y valorar sus progresos, incluso modestos.<\/pee>\n<div class=\"key-points\">\n<h4>Indicadores de autonom\u00eda motriz fina:<\/h4>\n<ul>\n<li>Capacidad para vestirse sin ayuda alrededor de los 5-6 a\u00f1os<\/li>\n<li>Uso aut\u00f3nomo de las tijeras y el pegamento<\/li>\n<li>Escritura de su nombre sin modelo<\/li>\n<li>Manipulaci\u00f3n precisa de objetos de tama\u00f1o reducido<\/li>\n<li>Realizaci\u00f3n de dibujos detallados y organizados<\/li>\n<\/ul><\/div>\n<h2>5. Actividades creativas y expresi\u00f3n art\u00edstica<\/h2>\n<pee>Las actividades art\u00edsticas ofrecen un terreno privilegiado para desarrollar la motricidad fina mientras se estimula la creatividad y la expresi\u00f3n personal. El dibujo, la pintura, la escultura y las actividades manuales solicitan diferentes grupos musculares y tipos de coordinaci\u00f3n, enriqueciendo el repertorio motor del ni\u00f1o.<\/pee>\n<pee>La pr\u00e1ctica art\u00edstica desarrolla particularmente la coordinaci\u00f3n ojo-mano, esencial para muchos aprendizajes escolares. Cuando un ni\u00f1o pinta o dibuja, debe coordinar sus percepciones visuales con sus gestos, afinando progresivamente su capacidad para traducir sus intenciones en acciones precisas.<\/pee>\n<pee>Las investigaciones demuestran que los ni\u00f1os que practican regularmente actividades art\u00edsticas desarrollan una mejor conciencia espacial y una mayor fluidez gestual. Estas habilidades se transfieren positivamente hacia la escritura, las matem\u00e1ticas e incluso las ciencias, donde la representaci\u00f3n gr\u00e1fica juega un papel importante.<\/pee>\n<div class=\"expert-box\">\n<div class=\"expert-box-label\">\ud83c\udfa8 Experiencia creativa<\/div>\n<div class=\"expert-inner\">\n<h4 class=\"expert-inner-title\">Progresi\u00f3n art\u00edstica y motriz<\/h4>\n<pee>Comience con actividades de garabateo libre, progrese hacia el coloreado en formas simples, luego introduzca el recorte y el pegado. Esta progresi\u00f3n respeta el desarrollo natural de la motricidad fina.<\/pee>\n                <\/div>\n<\/p><\/div>\n<div class=\"tip-box\">\n<div class=\"tip-box-label\">\ud83d\udd8c\ufe0f Material recomendado<\/div>\n<pee>Var\u00ede las herramientas: l\u00e1pices gruesos, marcadores, pinceles de diferentes tama\u00f1os, pasteles. Cada herramienta solicita la motricidad fina de manera diferente y enriquece la experiencia sensorial del ni\u00f1o.<\/pee>\n            <\/div>\n<h2>6. Identificaci\u00f3n y acompa\u00f1amiento de los trastornos motores<\/h2>\n<pee>Algunos ni\u00f1os presentan trastornos del desarrollo de la coordinaci\u00f3n (dispraxia) que afectan significativamente su motricidad fina. Estas dificultades pueden manifestarse por una escritura laboriosa, dificultades para manipular las herramientas escolares o problemas de organizaci\u00f3n espacial en los cuadernos.<\/pee>\n<pee>La identificaci\u00f3n temprana de estos trastornos es crucial para implementar adaptaciones pedag\u00f3gicas apropiadas. Las se\u00f1ales de alerta incluyen una fatiga excesiva al escribir, una evitaci\u00f3n de las actividades manuales, una lentitud marcada en la ejecuci\u00f3n de los gestos finos o una variabilidad importante en la calidad de las producciones.<\/pee>\n<pee>El acompa\u00f1amiento de estos ni\u00f1os requiere un enfoque multidisciplinario que involucre a docentes, padres, terapeutas ocupacionales y a veces psicomotricistas. Adaptaciones simples como el uso de herramientas ergon\u00f3micas, la reducci\u00f3n de la cantidad de escritura o la autorizaci\u00f3n para usar una computadora pueden mejorar considerablemente la vida escolar de estos alumnos.<\/pee>\n<div class=\"conseil-card\">\n<h4>\ud83d\udd0d Se\u00f1ales de alerta<\/h4>\n<pee>Est\u00e9n atentos a la fatiga excesiva, a las dificultades persistentes con las tijeras, a la evitaci\u00f3n de actividades manuales o a los problemas de sujeci\u00f3n del l\u00e1piz a pesar de un aprendizaje adecuado.<\/pee>\n            <\/div>\n<h2>7. Estrategias pedag\u00f3gicas innovadoras<\/h2>\n<pee>La integraci\u00f3n efectiva del desarrollo motor fino en los aprendizajes escolares requiere estrategias pedag\u00f3gicas creativas y adaptadas. Los docentes pueden transformar las lecciones tradicionales en actividades multimodales que involucren simult\u00e1neamente la motricidad y la cognici\u00f3n, creando experiencias de aprendizaje m\u00e1s ricas y memorables.<\/pee>\n<pee>La gamificaci\u00f3n de los ejercicios motores representa un enfoque particularmente efectivo para mantener la motivaci\u00f3n de los alumnos. Al transformar los ejercicios de escritura en juegos, crear desaf\u00edos de construcci\u00f3n o organizar talleres art\u00edsticos tem\u00e1ticos, los docentes pueden desarrollar las habilidades motoras en un contexto l\u00fadico y atractivo.<\/pee>\n<pee>El aprendizaje cooperativo tambi\u00e9n ofrece oportunidades \u00fanicas para desarrollar la motricidad fina. Los proyectos grupales que implican manipulaciones, construcciones o creaciones art\u00edsticas permiten a los ni\u00f1os aprender unos de otros mientras perfeccionan sus gestos finos en un contexto social motivador.<\/pee>\n<div class=\"key-points\">\n<h4>T\u00e9cnicas pedag\u00f3gicas efectivas:<\/h4>\n<ul>\n<li>Integraci\u00f3n de actividades manuales en todas las materias<\/li>\n<li>Uso de soportes variados (arena, masa, pizarras verticales)<\/li>\n<li>Alternancia entre actividades finas y globales<\/li>\n<li>Evaluaci\u00f3n formativa de los progresos motores<\/li>\n<li>Adaptaci\u00f3n del material a las necesidades individuales<\/li>\n<\/ul><\/div>\n<h2>8. El papel crucial de los padres en el desarrollo<\/h2>\n<pee>Los padres juegan un papel fundamental en el desarrollo de la motricidad fina de su hijo, mucho antes de la entrada a la escuela. Las actividades diarias ofrecen numerosas oportunidades de entrenamiento natural: preparar la comida, jardiner\u00eda, bricolaje o simplemente jugar con objetos de diferentes tama\u00f1os y texturas.<\/pee>\n<pee>La actitud parental frente a las dificultades motoras influye considerablemente en la motivaci\u00f3n del ni\u00f1o. Fomentar los intentos en lugar de centrarse en los resultados, valorar los progresos incluso m\u00ednimos y mantener una atm\u00f3sfera positiva durante las actividades manuales contribuyen al desarrollo de una relaci\u00f3n sana con el aprendizaje.<\/pee>\n<pee>La colaboraci\u00f3n entre padres y docentes resulta esencial para asegurar una continuidad en el desarrollo motor. Compartir observaciones, coordinar los ejercicios y mantener una coherencia en los enfoques pedag\u00f3gicos maximiza los beneficios para el ni\u00f1o.<\/pee>\n<div class=\"expert-box\">\n<div class=\"expert-box-label\">\ud83d\udc68\u200d\ud83d\udc69\u200d\ud83d\udc67\u200d\ud83d\udc66 Gu\u00eda parental<\/div>\n<div class=\"expert-inner\">\n<h4 class=\"expert-inner-title\">Actividades familiares enriquecedoras<\/h4>\n<pee>Transforma las tareas del hogar en oportunidades de aprendizaje: doblar la ropa, preparar las comidas, jardiner\u00eda. Estas actividades naturales desarrollan la motricidad fina en un contexto significativo y motivador para el ni\u00f1o.<\/pee>\n                <\/div>\n<\/p><\/div>\n<h2>9. Tecnolog\u00edas educativas y motricidad fina<\/h2>\n<pee>La evoluci\u00f3n tecnol\u00f3gica ofrece nuevas posibilidades para desarrollar la motricidad fina de manera innovadora y atractiva. Las tabletas t\u00e1ctiles, por ejemplo, permiten ejercicios de trazado interactivos que proporcionan retroalimentaci\u00f3n inmediata y adaptativa, particularmente beneficiosa para los ni\u00f1os con dificultades de aprendizaje.<\/pee>\n<pee>Sin embargo, el uso de la tecnolog\u00eda debe seguir siendo complementario a las actividades tradicionales de manipulaci\u00f3n de objetos reales. Las pantallas t\u00e1ctiles requieren la motricidad fina de manera diferente al papel y l\u00e1piz, y no pueden reemplazar completamente la rica experiencia sensorial que ofrecen los materiales tradicionales.<\/pee>\n<pee>Las aplicaciones educativas como <a href=\"https:\/\/www.dynseo.com\/es\/coco-piensa-y-coco-se-mueve-software-educativo\/\" target=\"_blank\">COCO PIENSA y COCO SE MUEVE<\/a> integran inteligentemente el desarrollo motor en actividades cognitivas variadas. El principio de pausas deportivas obligatorias cada 15 minutos favorece un desarrollo equilibrado entre motricidad fina y global, evitando la sobrecarga cognitiva y manteniendo el compromiso del ni\u00f1o.<\/pee>\n<div class=\"tip-box\">\n<div class=\"tip-box-label\">\ud83d\udcf1 Uso equilibrado<\/div>\n<pee>Limita el tiempo de pantalla a 30-45 minutos al d\u00eda para actividades educativas, alternando con manipulaciones de objetos reales. Este enfoque h\u00edbrido optimiza los beneficios de cada soporte.<\/pee>\n            <\/div>\n<h2>10. Evaluaci\u00f3n y seguimiento de los progresos<\/h2>\n<pee>La evaluaci\u00f3n de las habilidades motoras finas requiere un enfoque multidimensional que tenga en cuenta la precisi\u00f3n, la fluidez, la velocidad y la resistencia. Las r\u00fabricas de observaci\u00f3n estandarizadas permiten a los docentes y a los padres seguir objetivamente los progresos e identificar las \u00e1reas que requieren un apoyo particular.<\/pee>\n<pee>Los portafolios de trabajos constituyen una herramienta de evaluaci\u00f3n particularmente rica, permitiendo documentar la evoluci\u00f3n de las producciones del ni\u00f1o a lo largo del tiempo. Comparar los dibujos, las escrituras y las realizaciones manuales durante varios meses revela progresos a menudo imperceptibles en el d\u00eda a d\u00eda pero significativos a largo plazo.<\/pee>\n<pee>La autoevaluaci\u00f3n tambi\u00e9n puede introducirse gradualmente, permitiendo a los ni\u00f1os desarrollar una conciencia metacognitiva de sus habilidades motoras. Esta reflexi\u00f3n sobre sus propias capacidades favorece la autorregulaci\u00f3n y la motivaci\u00f3n intr\u00ednseca para progresar.<\/pee>\n<div class=\"conseil-card\">\n<h4>\ud83d\udcca Herramientas de evaluaci\u00f3n recomendadas<\/h4>\n<pee>Utilice cuadr\u00edculas simples con criterios visuales (caritas, colores) para que el ni\u00f1o pueda participar en la evaluaci\u00f3n de sus progresos y desarrollar su capacidad de auto-observaci\u00f3n.<\/pee>\n            <\/div>\n<h2>11. Prevenci\u00f3n e intervenci\u00f3n temprana<\/h2>\n<pee>La prevenci\u00f3n de las dificultades en la motricidad fina comienza desde la primera infancia mediante la propuesta de actividades variadas y adaptadas al desarrollo del ni\u00f1o. Los profesionales de la primera infancia juegan un papel crucial en la detecci\u00f3n temprana de retrasos en el desarrollo y la orientaci\u00f3n hacia atenciones especializadas si es necesario.<\/pee>\n<pee>Los programas de intervenci\u00f3n temprana muestran una eficacia notable cuando se implementan antes de los 6 a\u00f1os. Estas intervenciones, a menudo l\u00fadicas e integradas en las actividades diarias, pueden mejorar considerablemente el pron\u00f3stico de desarrollo del ni\u00f1o y prevenir la aparici\u00f3n de dificultades de aprendizaje secundarias.<\/pee>\n<pee>La formaci\u00f3n de los profesionales de la educaci\u00f3n en la observaci\u00f3n y estimulaci\u00f3n de la motricidad fina representa un desaf\u00edo importante de salud p\u00fablica. Los docentes mejor formados pueden identificar m\u00e1s precozmente las dificultades y adaptar su pedagog\u00eda para apoyar eficazmente a cada ni\u00f1o.<\/pee>\n<div class=\"expert-box\">\n<div class=\"expert-box-label\">\ud83d\udd2c Investigaci\u00f3n cient\u00edfica<\/div>\n<div class=\"expert-inner\">\n<h4 class=\"expert-inner-title\">Ventanas cr\u00edticas de desarrollo<\/h4>\n<pee>Las neurociencias identifican per\u00edodos sensibles donde el cerebro es particularmente receptivo a las estimulaci\u00f3n motriz. Optimizar estas ventanas de desarrollo maximiza la eficacia de las intervenciones pedag\u00f3gicas y terap\u00e9uticas.<\/pee>\n                <\/div>\n<\/p><\/div>\n<h2>12. Perspectivas futuras e innovaciones<\/h2>\n<pee>El futuro del desarrollo de la motricidad fina se orienta hacia enfoques cada vez m\u00e1s personalizados y asistidos tecnol\u00f3gicamente. La inteligencia artificial permitir\u00e1 pronto adaptar en tiempo real los ejercicios al nivel y a las necesidades espec\u00edficas de cada ni\u00f1o, optimizando la eficacia de los entrenamientos.<\/pee>\n<pee>La realidad aumentada abre perspectivas fascinantes para el aprendizaje motor, permitiendo superponer gu\u00edas visuales a los gestos reales del ni\u00f1o. Estas tecnolog\u00edas inmersivas podr\u00edan revolucionar la ense\u00f1anza de la escritura y de actividades manuales complejas.<\/pee>\n<pee>La investigaci\u00f3n contin\u00faa revelando nuevos v\u00ednculos entre la motricidad fina y el desarrollo cognitivo, abriendo v\u00edas de intervenci\u00f3n innovadoras. La integraci\u00f3n creciente de las neurociencias en las pr\u00e1cticas educativas promete enfoques pedag\u00f3gicos cada vez m\u00e1s eficaces y respetuosos del desarrollo natural del ni\u00f1o.<\/pee>\n<div class=\"tip-box\">\n<div class=\"tip-box-label\">\ud83d\ude80 Innovaci\u00f3n DYNSEO<\/div>\n<pee>Las futuras versiones de <a href=\"https:\/\/www.dynseo.com\/es\/coco-piensa-y-coco-se-mueve-software-educativo\/\" target=\"_blank\">COCO PIENSA y COCO SE MUEVE<\/a> integrar\u00e1n sensores de movimiento para analizar precisamente los gestos del ni\u00f1o y proponer ejercicios personalizados en tiempo real.<\/pee>\n            <\/div>\n<div class=\"faq-list\">\n<h3>Preguntas frecuentes<\/h3>\n<div class=\"faq-item\">\n<div class=\"faq-q\">\n                        <span>\u00bfA qu\u00e9 edad se debe comenzar a estimular la motricidad fina?<\/span><br \/>\n                        <span class=\"faq-icon\">+<\/span>\n                    <\/div>\n<div class=\"faq-a\">\n                        <pee>La estimulaci\u00f3n de la motricidad fina puede comenzar desde los primeros meses de vida con actividades adaptadas como la manipulaci\u00f3n de objetos de diferentes texturas. Hacia los 2-3 a\u00f1os, se pueden proponer actividades m\u00e1s estructuradas. El per\u00edodo \u00f3ptimo para un desarrollo intensivo se sit\u00faa entre los 3 y 8 a\u00f1os, durante el cual la plasticidad cerebral es m\u00e1xima.<\/pee>\n                    <\/div>\n<\/p><\/div>\n<div class=\"faq-item\">\n<div class=\"faq-q\">\n                        <span>\u00bfC\u00f3mo reconocer un trastorno de la motricidad fina en un ni\u00f1o?<\/span><br \/>\n                        <span class=\"faq-icon\">+<\/span>\n                    <\/div>\n<div class=\"faq-a\">\n                        <pee>Los signos de alerta incluyen: dificultades persistentes para sostener un l\u00e1piz a pesar del aprendizaje, escritura muy laboriosa e ilegible, evitaci\u00f3n de actividades manuales, fatiga excesiva durante las tareas finas, dificultades para usar las tijeras o manipular objetos peque\u00f1os. Si estas dificultades persisten m\u00e1s all\u00e1 de los 6 a\u00f1os, se recomienda una evaluaci\u00f3n profesional.<\/pee>\n                    <\/div>\n<\/p><\/div>\n<div class=\"faq-item\">\n<div class=\"faq-q\">\n                        <span>\u00bfLas pantallas pueden ayudar o perjudicar el desarrollo de la motricidad fina?<\/span><br \/>\n                        <span class=\"faq-icon\">+<\/span>\n                    <\/div>\n<div class=\"faq-a\">\n                        <pee>Las pantallas t\u00e1ctiles pueden contribuir al desarrollo de ciertos aspectos de la motricidad fina, especialmente la coordinaci\u00f3n ojo-dedo. Sin embargo, no reemplazan la manipulaci\u00f3n de objetos reales que ofrece una experiencia sensorial m\u00e1s rica. Lo ideal es utilizar las herramientas digitales como complemento de las actividades tradicionales, con pausas regulares como propone COCO PIENSA y COCO SE MUEVE.<\/pee>\n                    <\/div>\n<\/p><\/div>\n<div class=\"faq-item\">\n<div class=\"faq-q\">\n                        <span>\u00bfCu\u00e1nto tiempo al d\u00eda se debe dedicar a las actividades de motricidad fina?<\/span><br \/>\n                        <span class=\"faq-icon\">+<\/span>\n                    <\/div>\n<div class=\"faq-a\">\n                        <pee>Para un desarrollo \u00f3ptimo, de 15 a 30 minutos de actividades espec\u00edficas al d\u00eda son suficientes, distribuidas en varias sesiones cortas. Lo importante es la regularidad m\u00e1s que la duraci\u00f3n. Las actividades pueden integrarse naturalmente en la rutina diaria: vestirse, comidas, juegos, tareas.<\/pee>\n                    <\/div>\n<\/p><\/div>\n<div class=\"faq-item\">\n<div class=\"faq-q\">\n                        <span>\u00bfQu\u00e9 materiales son los m\u00e1s efectivos para desarrollar la motricidad fina?<\/span><br \/>\n                        <span class=\"faq-icon\">+<\/span>\n                    <\/div>\n<div class=\"faq-a\">\n                        <pee>Los materiales m\u00e1s efectivos son aquellos que ofrecen una variedad de texturas y resistencias: plastilina, cuentas de diferentes tama\u00f1os, rompecabezas, tijeras adecuadas, pinceles variados, construcci\u00f3n tipo Lego, objetos para atornillar\/desatornillar. La diversidad de los soportes estimula diferentes aspectos de la motricidad fina y mantiene el inter\u00e9s del ni\u00f1o.<\/pee>\n                    <\/div>\n<\/p><\/div>\n<\/p><\/div>\n<div class=\"cta-box\">\n<h3>Desarrolle la motricidad fina de su hijo con COCO<\/h3>\n<pee>Descubra un enfoque innovador que combina estimulaci\u00f3n cognitiva y motora con pausas deportivas obligatorias cada 15 minutos. COCO PIENSA y COCO SE MUEVE acompa\u00f1a el desarrollo armonioso de su hijo.<\/pee>\n<div class=\"cta-buttons\">\n                    <a href=\"https:\/\/www.dynseo.com\/es\/coco-piensa-y-coco-se-mueve-software-educativo\/\" class=\"btn-white\">Probar COCO gratis<\/a><br \/>\n                    <a href=\"https:\/\/www.dynseo.com\/es\/coco-piensa-y-coco-se-mueve-software-educativo\/\" class=\"btn-outline\">Saber m\u00e1s<\/a>\n                <\/div>\n<\/p><\/div>\n<div class=\"article-tags\">\n<h4>Palabras clave :<\/h4>\n<p>                <a href=\"#\" class=\"article-tag\">Motricidad fina<\/a><br \/>\n                <a href=\"#\" class=\"article-tag\">Desarrollo cognitivo<\/a><br \/>\n                <a href=\"#\" class=\"article-tag\">Aprendizaje escolar<\/a><br \/>\n                <a href=\"#\" class=\"article-tag\">Escritura infantil<\/a><br \/>\n                <a href=\"#\" class=\"article-tag\">Actividades manuales<\/a><br \/>\n                <a href=\"#\" class=\"article-tag\">Coordinaci\u00f3n ojo-mano<\/a><br \/>\n                <a href=\"#\" class=\"article-tag\">Dispraxia<\/a><br \/>\n                <a href=\"#\" class=\"article-tag\">Pedagog\u00eda innovadora<\/a><br \/>\n                <a href=\"#\" class=\"article-tag\">Tecnolog\u00edas educativas<\/a><br \/>\n                <a href=\"#\" class=\"article-tag\">COCO<\/a>\n            <\/div>\n<\/p><\/div>\n<\/p><\/div>\n<p>[\/et_pb_code][\/et_pb_column][\/et_pb_row][\/et_pb_section]<\/p>\n","protected":false},"excerpt":{"rendered":"","protected":false},"author":4,"featured_media":142596,"comment_status":"closed","ping_status":"closed","sticky":false,"template":"","format":"standard","meta":{"_et_pb_use_builder":"on","_et_pb_old_content":"[et_pb_section fb_built=\"1\" _builder_version=\"4.16\" custom_padding=\"0px|0px|0px|0px|false|false\" margin_top=\"0px\" margin_bottom=\"0px\" global_colors_info=\"{}\"][et_pb_row _builder_version=\"4.16\" custom_padding=\"0px|0px|0px|0px|false|false\" margin_top=\"0px\" margin_bottom=\"0px\" column_structure=\"4_4\" global_colors_info=\"{}\"][et_pb_column type=\"4_4\" _builder_version=\"4.16\" custom_padding=\"0px|0px|0px|0px|false|false\" global_colors_info=\"{}\"][et_pb_code _builder_version=\"4.16\" custom_padding=\"0px|0px|0px|0px|false|false\" global_colors_info=\"{}\"]<style>\n        :root {\n            --primary: #5e5ed7;\n            --primary-dark: #5268c9;\n            --teal: #a9e2e4;\n            --yellow: #ffeca7;\n            --pink: #e73469;\n            --grey-light: #f5f5f5;\n            --grey-dark: #333;\n            --white: #ffffff;\n        }\n\n        * {\n            margin: 0;\n            padding: 0;\n            box-sizing: border-box;\n        }\n\n        body {\n            font-family: 'Poppins', sans-serif;\n            line-height: 1.6;\n            color: var(--grey-dark);\n            background: #fafafa;\n        }\n\n        h1, h2, h3, h4, h5, h6 {\n            font-family: 'Montserrat', sans-serif;\n            font-weight: 600;\n            margin-bottom: 1rem;\n        }\n\n        .article-hero {\n            background: linear-gradient(135deg, var(--primary) 0%, var(--primary-dark) 100%);\n            color: white;\n            padding: 2rem 0 4rem;\n            position: relative;\n            overflow: hidden;\n        }\n\n        .article-hero::before {\n            content: '';\n            position: absolute;\n            top: 0;\n            left: 0;\n            right: 0;\n            bottom: 0;\n            background: url('data:image\/svg+xml,<svg xmlns=\"http:\/\/www.w3.org\/2000\/svg\" viewBox=\"0 0 100 100\"><circle cx=\"20\" cy=\"20\" r=\"2\" fill=\"rgba(255,255,255,0.1)\"\/><circle cx=\"80\" cy=\"40\" r=\"1.5\" fill=\"rgba(255,255,255,0.1)\"\/><circle cx=\"40\" cy=\"80\" r=\"1\" fill=\"rgba(255,255,255,0.1)\"\/><\/svg>');\n        }\n\n        .article-hero-inner {\n            max-width: 1200px;\n            margin: 0 auto;\n            padding: 0 2rem;\n            position: relative;\n            z-index: 2;\n        }\n\n        .article-breadcrumb {\n            font-size: 0.9rem;\n            margin-bottom: 1rem;\n            opacity: 0.9;\n        }\n\n        .article-breadcrumb a {\n            color: white;\n            text-decoration: none;\n        }\n\n        .article-category {\n            display: inline-block;\n            background: var(--teal);\n            color: var(--grey-dark);\n            padding: 0.5rem 1rem;\n            border-radius: 25px;\n            font-size: 0.85rem;\n            font-weight: 500;\n            margin-bottom: 1rem;\n        }\n\n        .article-hero h1 {\n            font-size: 2.5rem;\n            font-weight: 700;\n            margin-bottom: 1.5rem;\n            line-height: 1.2;\n        }\n\n        .hl {\n            background: var(--yellow);\n            color: var(--grey-dark);\n            padding: 0 0.5rem;\n            border-radius: 4px;\n        }\n\n        .article-meta {\n            display: flex;\n            align-items: center;\n            gap: 2rem;\n            margin-bottom: 2rem;\n            font-size: 0.9rem;\n        }\n\n        .article-meta .stars {\n            color: var(--yellow);\n            font-size: 1.1rem;\n        }\n\n        .article-hero-curve {\n            position: absolute;\n            bottom: -1px;\n            left: 0;\n            width: 100%;\n            height: 50px;\n            background: #fafafa;\n            border-radius: 50% 50% 0 0 \/ 100% 100% 0 0;\n        }\n\n        .article-body {\n            padding: 3rem 0;\n        }\n\n        .container {\n            max-width: 1000px;\n            margin: 0 auto;\n            padding: 0 2rem;\n        }\n\n        .intro-block {\n            background: white;\n            padding: 2rem;\n            border-radius: 15px;\n            box-shadow: 0 5px 20px rgba(0,0,0,0.1);\n            margin-bottom: 3rem;\n            border-left: 4px solid var(--primary);\n        }\n\n        .stats-grid {\n            display: grid;\n            grid-template-columns: repeat(auto-fit, minmax(200px, 1fr));\n            gap: 1.5rem;\n            margin-bottom: 3rem;\n        }\n\n        .stat-card {\n            background: white;\n            padding: 1.5rem;\n            border-radius: 15px;\n            text-align: center;\n            box-shadow: 0 5px 15px rgba(0,0,0,0.1);\n            border-top: 3px solid var(--primary);\n        }\n\n        .stat-card .number {\n            font-size: 2.5rem;\n            font-weight: 700;\n            color: var(--primary);\n            display: block;\n            margin-bottom: 0.5rem;\n        }\n\n        .stat-card .label {\n            font-size: 0.9rem;\n            color: var(--grey-dark);\n            font-weight: 500;\n        }\n\n        .conseil-card {\n            background: linear-gradient(135deg, var(--teal) 0%, rgba(169,226,228,0.7) 100%);\n            padding: 1.5rem;\n            border-radius: 15px;\n            margin: 1.5rem 0;\n            border-left: 4px solid var(--primary-dark);\n        }\n\n        .key-points {\n            background: white;\n            padding: 1.5rem;\n            border-radius: 10px;\n            margin: 1.5rem 0;\n            box-shadow: 0 3px 10px rgba(0,0,0,0.1);\n        }\n\n        .key-points ul {\n            list-style: none;\n            padding-left: 0;\n        }\n\n        .key-points li {\n            position: relative;\n            padding-left: 1.5rem;\n            margin-bottom: 0.5rem;\n        }\n\n        .key-points li::before {\n            content: '\u2713';\n            position: absolute;\n            left: 0;\n            color: var(--primary);\n            font-weight: bold;\n        }\n\n        .tip-box {\n            background: var(--yellow);\n            padding: 1.5rem;\n            border-radius: 10px;\n            margin: 1.5rem 0;\n            position: relative;\n        }\n\n        .tip-box-label {\n            background: var(--primary);\n            color: white;\n            padding: 0.3rem 0.8rem;\n            border-radius: 15px;\n            font-size: 0.8rem;\n            font-weight: 600;\n            position: absolute;\n            top: -10px;\n            left: 1rem;\n        }\n\n        .expert-box {\n            background: white;\n            border: 2px solid var(--primary);\n            border-radius: 15px;\n            margin: 2rem 0;\n            overflow: hidden;\n        }\n\n        .expert-box-label {\n            background: var(--primary);\n            color: white;\n            padding: 0.5rem 1rem;\n            font-weight: 600;\n            font-size: 0.9rem;\n        }\n\n        .expert-inner {\n            padding: 1.5rem;\n        }\n\n        .expert-inner-title {\n            color: var(--primary);\n            font-size: 1.1rem;\n            margin-bottom: 1rem;\n        }\n\n        .faq-list {\n            background: white;\n            border-radius: 15px;\n            padding: 2rem;\n            box-shadow: 0 5px 20px rgba(0,0,0,0.1);\n            margin: 2rem 0;\n        }\n\n        .faq-item {\n            border-bottom: 1px solid #eee;\n            margin-bottom: 1rem;\n        }\n\n        .faq-item:last-child {\n            border-bottom: none;\n        }\n\n        .faq-q {\n            display: flex;\n            justify-content: space-between;\n            align-items: center;\n            padding: 1rem 0;\n            cursor: pointer;\n            font-weight: 600;\n            color: var(--primary);\n        }\n\n        .faq-icon {\n            background: var(--primary);\n            color: white;\n            width: 25px;\n            height: 25px;\n            border-radius: 50%;\n            display: flex;\n            align-items: center;\n            justify-content: center;\n            font-size: 1.2rem;\n            transition: transform 0.3s ease;\n        }\n\n        .faq-item.open .faq-icon {\n            transform: rotate(45deg);\n        }\n\n        .faq-a {\n            padding-bottom: 1rem;\n            display: none;\n            color: var(--grey-dark);\n        }\n\n        .faq-item.open .faq-a {\n            display: block;\n        }\n\n        .cta-box {\n            background: linear-gradient(135deg, var(--primary) 0%, var(--primary-dark) 100%);\n            color: white;\n            padding: 2rem;\n            border-radius: 15px;\n            text-align: center;\n            margin: 3rem 0;\n        }\n\n        .cta-buttons {\n            margin-top: 1.5rem;\n            display: flex;\n            gap: 1rem;\n            justify-content: center;\n            flex-wrap: wrap;\n        }\n\n        .btn-white {\n            background: white;\n            color: var(--primary);\n            padding: 0.8rem 1.5rem;\n            border-radius: 25px;\n            text-decoration: none;\n            font-weight: 600;\n            transition: all 0.3s ease;\n        }\n\n        .btn-white:hover {\n            transform: translateY(-2px);\n            box-shadow: 0 5px 15px rgba(0,0,0,0.2);\n        }\n\n        .btn-outline {\n            background: transparent;\n            color: white;\n            border: 2px solid white;\n            padding: 0.8rem 1.5rem;\n            border-radius: 25px;\n            text-decoration: none;\n            font-weight: 600;\n            transition: all 0.3s ease;\n        }\n\n        .btn-outline:hover {\n            background: white;\n            color: var(--primary);\n        }\n\n        .article-tags {\n            margin-top: 3rem;\n            padding-top: 2rem;\n            border-top: 1px solid #eee;\n        }\n\n        .article-tag {\n            display: inline-block;\n            background: var(--grey-light);\n            color: var(--grey-dark);\n            padding: 0.5rem 1rem;\n            border-radius: 20px;\n            font-size: 0.85rem;\n            margin: 0.25rem;\n            text-decoration: none;\n            transition: all 0.3s ease;\n        }\n\n        .article-tag:hover {\n            background: var(--primary);\n            color: white;\n        }\n\n        @media (max-width: 768px) {\n            .article-hero h1 {\n                font-size: 2rem;\n            }\n            \n            .article-meta {\n                flex-direction: column;\n                gap: 1rem;\n                align-items: flex-start;\n            }\n            \n            .stats-grid {\n                grid-template-columns: 1fr;\n            }\n            \n            .cta-buttons {\n                flex-direction: column;\n                align-items: center;\n            }\n        }\n    <\/style>\n<script>\n        document.querySelectorAll('.faq-q').forEach(function(button) {\n            button.addEventListener('click', function() {\n                button.closest('.faq-item').classList.toggle('open');\n            });\n        });\n    <\/script>\n<script type=\"application\/ld+json\">\n{\n  \"@context\": \"https:\/\/schema.org\",\n  \"@graph\": [\n    {\n      \"@type\": \"Article\",\n      \"headline\": \"Le lien entre la motricit\u00e9 fine et l'apprentissage \u00e0 l'\u00e9cole\",\n      \"description\": \"\ud83d\udcc5 Avril 2026 \u23f1\ufe0f 15 min de lecture \ud83d\udc65 Parents & Enseignants \u2b50\u2b50\u2b50\u2b50\u2b50 4.8\/5\",\n      \"url\": \"https:\/\/www.dynseo.com\/le-lien-entre-la-motricite-fine-et-lapprentissage-a-lecole\/\",\n      \"datePublished\": \"2026-04-07\",\n      \"author\": {\n        \"@type\": \"Organization\",\n        \"name\": \"DYNSEO\",\n        \"url\": \"https:\/\/www.dynseo.com\"\n      },\n      \"publisher\": {\n        \"@type\": \"Organization\",\n        \"name\": \"DYNSEO\",\n        \"url\": \"https:\/\/www.dynseo.com\"\n      },\n      \"aggregateRating\": {\n        \"@type\": \"AggregateRating\",\n        \"ratingValue\": \"4.8\",\n        \"bestRating\": \"5\",\n        \"ratingCount\": \"47\"\n      }\n    },\n    {\n      \"@type\": \"WebPage\",\n      \"url\": \"https:\/\/www.dynseo.com\/le-lien-entre-la-motricite-fine-et-lapprentissage-a-lecole\/\",\n      \"name\": \"Le lien entre la motricit\u00e9 fine et l'apprentissage \u00e0 l'\u00e9cole\",\n      \"description\": \"\ud83d\udcc5 Avril 2026 \u23f1\ufe0f 15 min de lecture \ud83d\udc65 Parents & Enseignants \u2b50\u2b50\u2b50\u2b50\u2b50 4.8\/5\",\n      \"breadcrumb\": {\n        \"@type\": \"BreadcrumbList\",\n        \"itemListElement\": [\n          {\n            \"@type\": \"ListItem\",\n            \"position\": 1,\n            \"name\": \"Accueil\",\n            \"item\": \"https:\/\/www.dynseo.com\"\n          },\n          {\n            \"@type\": \"ListItem\",\n            \"position\": 2,\n            \"name\": \"Blog\",\n            \"item\": \"https:\/\/www.dynseo.com\/blog\/\"\n          },\n          {\n            \"@type\": \"ListItem\",\n            \"position\": 3,\n            \"name\": \"Le lien entre la motricit\u00e9 fine et l'apprentissage \u00e0 l'\u00e9cole\",\n            \"item\": \"https:\/\/www.dynseo.com\/le-lien-entre-la-motricite-fine-et-lapprentissage-a-lecole\/\"\n          }\n        ]\n      }\n    },\n    {\n      \"@type\": \"FAQPage\",\n      \"mainEntity\": [\n        {\n          \"@type\": \"Question\",\n          \"name\": \"\u00c0 quel \u00e2ge faut-il commencer \u00e0 stimuler la motricit\u00e9 fine ?\"\n        },\n        {\n          \"@type\": \"Question\",\n          \"name\": \"Comment reconna\u00eetre un trouble de la motricit\u00e9 fine chez un enfant ?\"\n        },\n        {\n          \"@type\": \"Question\",\n          \"name\": \"Les \u00e9crans peuvent-ils aider ou nuire au d\u00e9veloppement de la motricit\u00e9 fine ?\"\n        }\n      ]\n    }\n  ]\n}\n<\/script>\n<link rel=\"preconnect\" href=\"https:\/\/fonts.googleapis.com\">\n\n<section class=\"article-hero\">\n        <div class=\"article-hero-inner\">\n            <nav class=\"article-breadcrumb\">\n                <a href=\"\/\">Inicio<\/a> > <a href=\"\/blog\/\">Blog<\/a> > Motricidad fina y aprendizaje\n            <\/nav>\n            \n            <span class=\"article-category\">Desarrollo Cognitivo<\/span>\n            \n            <h1>La relaci\u00f3n entre la <span class=\"hl\">motricidad fina<\/span> y el aprendizaje en la escuela<\/h1>\n            \n            <div class=\"article-meta\">\n                <span>\ud83d\udcc5 Abril 2026<\/span>\n                <span>\u23f1\ufe0f 15 min de lectura<\/span>\n                <span>\ud83d\udc65 Padres y Educadores<\/span>\n                <span class=\"stars\">\u2b50\u2b50\u2b50\u2b50\u2b50 4.8\/5<\/span>\n            <\/div>\n        <\/div>\n        <div class=\"article-hero-curve\"><\/div>\n    <\/section>\n\n    <div class=\"article-body\">\n        <div class=\"container\">\n            <div class=\"intro-block\">\n                <p>Las habilidades motoras finas son mucho m\u00e1s que una simple destreza manual: constituyen un verdadero pilar del desarrollo cognitivo y del \u00e9xito escolar. Estas habilidades, que implican la coordinaci\u00f3n precisa de los peque\u00f1os m\u00fasculos de las manos y los dedos, juegan un papel fundamental en el aprendizaje acad\u00e9mico, desde la escritura hasta las matem\u00e1ticas pasando por las actividades art\u00edsticas. La investigaci\u00f3n moderna revela v\u00ednculos fascinantes entre la destreza manual y el rendimiento intelectual, subrayando la importancia de un desarrollo armonioso de estas capacidades desde una edad temprana. Comprender esta relaci\u00f3n permite a los padres y educadores optimizar el entorno de aprendizaje y fomentar el desarrollo integral de cada ni\u00f1o. Este enfoque hol\u00edstico del desarrollo reconoce que el cuerpo y la mente trabajan en conjunto para construir las bases del aprendizaje.<\/p>\n            <\/div>\n\n            <div class=\"stats-grid\">\n                <div class=\"stat-card\">\n                    <span class=\"number\">85%<\/span>\n                    <span class=\"label\">de los ni\u00f1os mejoran su escritura con un entrenamiento motor adecuado<\/span>\n                <\/div>\n                <div class=\"stat-card\">\n                    <span class=\"number\">7 a\u00f1os<\/span>\n                    <span class=\"label\">edad cr\u00edtica para el desarrollo motor fino \u00f3ptimo<\/span>\n                <\/div>\n                <div class=\"stat-card\">\n                    <span class=\"number\">30%<\/span>\n                    <span class=\"label\">de mejora en el rendimiento escolar con actividades espec\u00edficas<\/span>\n                <\/div>\n<div class=\"stat-card\">\n                    <span class=\"number\">15 min<\/span>\n                    <span class=\"label\">de ejercicios diarios son suficientes para progresos significativos<\/span>\n                <\/div>\n            <\/div>\n\n            <h2>1. Los fundamentos neurol\u00f3gicos de la motricidad fina<\/h2>\n            <p>La motricidad fina se basa en una red compleja de conexiones neurol\u00f3gicas que se desarrollan progresivamente durante la infancia. Esta habilidad implica la coordinaci\u00f3n precisa entre el sistema nervioso central, los m\u00fasculos de las manos y los dedos, as\u00ed como los sistemas sensoriales. El cerebro procesa simult\u00e1neamente la informaci\u00f3n visual, t\u00e1ctil y proprioceptiva para permitir movimientos precisos y controlados.<\/p>\n\n            <p>Las investigaciones en neurociencias revelan que el desarrollo de la motricidad fina estimula la mielinizaci\u00f3n de las fibras nerviosas, acelerando as\u00ed la transmisi\u00f3n de se\u00f1ales entre las diferentes regiones cerebrales. Esta mejora de la conectividad neuronal tiene repercusiones directas en las capacidades cognitivas, incluyendo la memoria de trabajo, la atenci\u00f3n sostenida y las funciones ejecutivas.<\/p>\n\n            <p>El \u00e1rea motora primaria y el cerebelo desempe\u00f1an roles cruciales en el aprendizaje y la automatizaci\u00f3n de los gestos finos. Cuando un ni\u00f1o repite movimientos precisos, como trazar letras o manipular objetos, estas estructuras cerebrales crean \"mapas motores\" que facilitan la ejecuci\u00f3n futura de estas tareas. Esta plasticidad neuronal explica por qu\u00e9 el entrenamiento temprano de la motricidad fina tiene beneficios duraderos en el aprendizaje.<\/p>\n\n            <div class=\"conseil-card\">\n                <h4>\ud83d\udca1 Consejo de experto<\/h4>\n                <p>El per\u00edodo \u00f3ptimo para desarrollar la motricidad fina se sit\u00faa entre los 3 y 8 a\u00f1os, cuando la plasticidad cerebral es m\u00e1xima. Aprovecha esta ventana de desarrollo para proponer actividades variadas y progresivas.<\/p>\n            <\/div>\n<div class=\"key-points\">\n                <h4>Puntos clave del desarrollo neurol\u00f3gico:<\/h4>\n                <ul>\n                    <li>La mielinizaci\u00f3n se completa alrededor de los 7-8 a\u00f1os para los circuitos motores finos<\/li>\n                    <li>Cada gesto repetido refuerza las conexiones sin\u00e1pticas<\/li>\n                    <li>La integraci\u00f3n sensorial mejora la precisi\u00f3n gestual<\/li>\n                    <li>Las \u00e1reas premotoras planifican las secuencias de movimientos<\/li>\n                <\/ul>\n            <\/div>\n\n            <h2>2. Impacto en la adquisici\u00f3n de la escritura y de la lectura<\/h2>\n            <p>La escritura representa una de las competencias acad\u00e9micas m\u00e1s directamente relacionadas con la motricidad fina. Sostener un l\u00e1piz, controlar la presi\u00f3n ejercida sobre el papel y coordinar los movimientos para formar letras requieren un dominio preciso de los m\u00fasculos intr\u00ednsecos de la mano. Los ni\u00f1os que presentan dificultades en la motricidad fina a menudo tienen problemas para automatizar la escritura, movilizando una atenci\u00f3n cognitiva excesiva en detrimento del contenido.<\/p>\n\n            <p>La investigaci\u00f3n demuestra que la calidad de la escritura a mano influye directamente en la comprensi\u00f3n lectora. Cuando el ni\u00f1o debe concentrar su atenci\u00f3n en la formaci\u00f3n de las letras, dispone de menos recursos cognitivos para procesar el sentido del texto. En cambio, una escritura fluida y automatizada libera la mente para concentrarse en la creatividad y la expresi\u00f3n de ideas.<\/p>\n\n            <p>Los estudios longitudinales revelan que los ni\u00f1os que se benefician de un entrenamiento temprano en la motricidad fina desarrollan una escritura m\u00e1s legible y m\u00e1s r\u00e1pida, lo que se correlaciona positivamente con su rendimiento en ortograf\u00eda y en composici\u00f3n escrita. Esta relaci\u00f3n se explica por el refuerzo de las representaciones visuomotoras de las letras en la memoria a largo plazo.<\/p>\n\n            <div class=\"expert-box\">\n                <div class=\"expert-box-label\">\ud83d\udc68\u200d\ud83d\udd2c Experiencia DYNSEO<\/div>\n                <div class=\"expert-inner\">\n                    <h4 class=\"expert-inner-title\">El enfoque digital complementario<\/h4>\n                    <p>Las aplicaciones como <a href=\"https:\/\/www.dynseo.com\/es\/coco-piensa-y-coco-se-mueve-software-educativo\/\" target=\"_blank\">COCO PIENSA y COCO SE MUEVE<\/a> ofrecen ejercicios de trazado interactivos que refuerzan las habilidades grafomotrices mientras mantienen el compromiso del ni\u00f1o. Estas herramientas tecnol\u00f3gicas complementan eficazmente el aprendizaje tradicional del gesto de escritura.<\/p>\n                <\/div>\n            <\/div>\n\n            <div class=\"tip-box\">\n<div class=\"tip-box-label\">\ud83d\udca1 Consejo pr\u00e1ctico<\/div>\n                <p>Alterna entre la escritura en papel y las actividades digitales para desarrollar una motricidad fina completa. Lo importante es mantener un equilibrio entre soportes tradicionales y nuevas tecnolog\u00edas.<\/p>\n            <\/div>\n\n            <h2>3. Relaci\u00f3n con las competencias matem\u00e1ticas<\/h2>\n            <p>Las matem\u00e1ticas, a diferencia de lo que se piensa, se basan en gran medida en la motricidad fina a trav\u00e9s de la manipulaci\u00f3n de objetos, el trazado de figuras geom\u00e9tricas y la resoluci\u00f3n de problemas visuoespaciales. Los ni\u00f1os que dominan bien sus gestos finos comprenden m\u00e1s f\u00e1cilmente los conceptos de cantidad, espacio y medida gracias a las experiencias concretas de manipulaci\u00f3n.<\/p>\n\n            <p>El uso de material de manipulaci\u00f3n como los cubos, las regletas o las formas geom\u00e9tricas desarrolla simult\u00e1neamente la destreza manual y la comprensi\u00f3n matem\u00e1tica. Estas actividades permiten a los ni\u00f1os interiorizar los conceptos abstractos a trav\u00e9s de la experiencia sensoriomotora, creando bases s\u00f3lidas para el aprendizaje posterior.<\/p>\n\n            <p>Las investigaciones muestran que los ni\u00f1os que se benefician de actividades manuales estructuradas desarrollan una mejor representaci\u00f3n mental de los n\u00fameros y de las relaciones espaciales. Esta capacidad de visualizaci\u00f3n constituye una ventaja importante para la resoluci\u00f3n de problemas complejos y la geometr\u00eda avanzada.<\/p>\n\n            <div class=\"conseil-card\">\n                <h4>\ud83c\udfaf Actividades recomendadas<\/h4>\n                <p>Prop\u00f3n regularmente juegos de construcci\u00f3n, rompecabezas y actividades de clasificaci\u00f3n para reforzar simult\u00e1neamente la motricidad fina y los conceptos matem\u00e1ticos fundamentales.<\/p>\n            <\/div>\n\n            <h2>4. Desarrollo de la autonom\u00eda y de la confianza en uno mismo<\/h2>\n            <p>El dominio de la motricidad fina contribuye significativamente al desarrollo de la autonom\u00eda en el ni\u00f1o. Poder vestirse solo, usar correctamente los cubiertos o realizar tareas cotidianas refuerza el sentimiento de competencia y la autoestima. Esta autonom\u00eda creciente se traduce en una mayor motivaci\u00f3n para aprender y enfrentar nuevos desaf\u00edos acad\u00e9micos.<\/p>\n\n            <p>Los ni\u00f1os que tienen dificultades con sus gestos finos pueden desarrollar estrategias de evitaci\u00f3n ante las tareas escolares, creando un c\u00edrculo vicioso de desmotivaci\u00f3n y retraso en los aprendizajes. En cambio, aquellos que dominan bien sus movimientos manifiestan m\u00e1s perseverancia y confianza ante las dificultades.<\/p>\n\n            <p>El impacto psicol\u00f3gico de la motricidad fina no debe ser subestimado. Los ni\u00f1os comparan naturalmente sus producciones con las de sus pares, y las dificultades motoras pueden generar sentimientos de inferioridad o frustraci\u00f3n. Por lo tanto, es esencial acompa\u00f1ar a cada ni\u00f1o seg\u00fan su ritmo y valorar sus progresos, incluso modestos.<\/p>\n<div class=\"key-points\">\n                <h4>Indicadores de autonom\u00eda motriz fina:<\/h4>\n                <ul>\n                    <li>Capacidad para vestirse sin ayuda alrededor de los 5-6 a\u00f1os<\/li>\n                    <li>Uso aut\u00f3nomo de las tijeras y el pegamento<\/li>\n                    <li>Escritura de su nombre sin modelo<\/li>\n                    <li>Manipulaci\u00f3n precisa de objetos de tama\u00f1o reducido<\/li>\n                    <li>Realizaci\u00f3n de dibujos detallados y organizados<\/li>\n                <\/ul>\n            <\/div>\n\n            <h2>5. Actividades creativas y expresi\u00f3n art\u00edstica<\/h2>\n            <p>Las actividades art\u00edsticas ofrecen un terreno privilegiado para desarrollar la motricidad fina mientras se estimula la creatividad y la expresi\u00f3n personal. El dibujo, la pintura, la escultura y las actividades manuales solicitan diferentes grupos musculares y tipos de coordinaci\u00f3n, enriqueciendo el repertorio motor del ni\u00f1o.<\/p>\n\n            <p>La pr\u00e1ctica art\u00edstica desarrolla particularmente la coordinaci\u00f3n ojo-mano, esencial para muchos aprendizajes escolares. Cuando un ni\u00f1o pinta o dibuja, debe coordinar sus percepciones visuales con sus gestos, afinando progresivamente su capacidad para traducir sus intenciones en acciones precisas.<\/p>\n\n            <p>Las investigaciones demuestran que los ni\u00f1os que practican regularmente actividades art\u00edsticas desarrollan una mejor conciencia espacial y una mayor fluidez gestual. Estas habilidades se transfieren positivamente hacia la escritura, las matem\u00e1ticas e incluso las ciencias, donde la representaci\u00f3n gr\u00e1fica juega un papel importante.<\/p>\n\n            <div class=\"expert-box\">\n                <div class=\"expert-box-label\">\ud83c\udfa8 Experiencia creativa<\/div>\n                <div class=\"expert-inner\">\n                    <h4 class=\"expert-inner-title\">Progresi\u00f3n art\u00edstica y motriz<\/h4>\n                    <p>Comience con actividades de garabateo libre, progrese hacia el coloreado en formas simples, luego introduzca el recorte y el pegado. Esta progresi\u00f3n respeta el desarrollo natural de la motricidad fina.<\/p>\n                <\/div>\n            <\/div>\n\n            <div class=\"tip-box\">\n                <div class=\"tip-box-label\">\ud83d\udd8c\ufe0f Material recomendado<\/div>\n                <p>Var\u00ede las herramientas: l\u00e1pices gruesos, marcadores, pinceles de diferentes tama\u00f1os, pasteles. Cada herramienta solicita la motricidad fina de manera diferente y enriquece la experiencia sensorial del ni\u00f1o.<\/p>\n            <\/div>\n\n            <h2>6. Identificaci\u00f3n y acompa\u00f1amiento de los trastornos motores<\/h2>\n            <p>Algunos ni\u00f1os presentan trastornos del desarrollo de la coordinaci\u00f3n (dispraxia) que afectan significativamente su motricidad fina. Estas dificultades pueden manifestarse por una escritura laboriosa, dificultades para manipular las herramientas escolares o problemas de organizaci\u00f3n espacial en los cuadernos.<\/p>\n\n            <p>La identificaci\u00f3n temprana de estos trastornos es crucial para implementar adaptaciones pedag\u00f3gicas apropiadas. Las se\u00f1ales de alerta incluyen una fatiga excesiva al escribir, una evitaci\u00f3n de las actividades manuales, una lentitud marcada en la ejecuci\u00f3n de los gestos finos o una variabilidad importante en la calidad de las producciones.<\/p>\n\n            <p>El acompa\u00f1amiento de estos ni\u00f1os requiere un enfoque multidisciplinario que involucre a docentes, padres, terapeutas ocupacionales y a veces psicomotricistas. Adaptaciones simples como el uso de herramientas ergon\u00f3micas, la reducci\u00f3n de la cantidad de escritura o la autorizaci\u00f3n para usar una computadora pueden mejorar considerablemente la vida escolar de estos alumnos.<\/p>\n<div class=\"conseil-card\">\n                <h4>\ud83d\udd0d Se\u00f1ales de alerta<\/h4>\n                <p>Est\u00e9n atentos a la fatiga excesiva, a las dificultades persistentes con las tijeras, a la evitaci\u00f3n de actividades manuales o a los problemas de sujeci\u00f3n del l\u00e1piz a pesar de un aprendizaje adecuado.<\/p>\n            <\/div>\n\n            <h2>7. Estrategias pedag\u00f3gicas innovadoras<\/h2>\n            <p>La integraci\u00f3n efectiva del desarrollo motor fino en los aprendizajes escolares requiere estrategias pedag\u00f3gicas creativas y adaptadas. Los docentes pueden transformar las lecciones tradicionales en actividades multimodales que involucren simult\u00e1neamente la motricidad y la cognici\u00f3n, creando experiencias de aprendizaje m\u00e1s ricas y memorables.<\/p>\n\n            <p>La gamificaci\u00f3n de los ejercicios motores representa un enfoque particularmente efectivo para mantener la motivaci\u00f3n de los alumnos. Al transformar los ejercicios de escritura en juegos, crear desaf\u00edos de construcci\u00f3n o organizar talleres art\u00edsticos tem\u00e1ticos, los docentes pueden desarrollar las habilidades motoras en un contexto l\u00fadico y atractivo.<\/p>\n\n            <p>El aprendizaje cooperativo tambi\u00e9n ofrece oportunidades \u00fanicas para desarrollar la motricidad fina. Los proyectos grupales que implican manipulaciones, construcciones o creaciones art\u00edsticas permiten a los ni\u00f1os aprender unos de otros mientras perfeccionan sus gestos finos en un contexto social motivador.<\/p>\n\n            <div class=\"key-points\">\n                <h4>T\u00e9cnicas pedag\u00f3gicas efectivas:<\/h4>\n                <ul>\n                    <li>Integraci\u00f3n de actividades manuales en todas las materias<\/li>\n                    <li>Uso de soportes variados (arena, masa, pizarras verticales)<\/li>\n                    <li>Alternancia entre actividades finas y globales<\/li>\n                    <li>Evaluaci\u00f3n formativa de los progresos motores<\/li>\n                    <li>Adaptaci\u00f3n del material a las necesidades individuales<\/li>\n                <\/ul>\n            <\/div>\n\n            <h2>8. El papel crucial de los padres en el desarrollo<\/h2>\n            <p>Los padres juegan un papel fundamental en el desarrollo de la motricidad fina de su hijo, mucho antes de la entrada a la escuela. Las actividades diarias ofrecen numerosas oportunidades de entrenamiento natural: preparar la comida, jardiner\u00eda, bricolaje o simplemente jugar con objetos de diferentes tama\u00f1os y texturas.<\/p>\n\n            <p>La actitud parental frente a las dificultades motoras influye considerablemente en la motivaci\u00f3n del ni\u00f1o. Fomentar los intentos en lugar de centrarse en los resultados, valorar los progresos incluso m\u00ednimos y mantener una atm\u00f3sfera positiva durante las actividades manuales contribuyen al desarrollo de una relaci\u00f3n sana con el aprendizaje.<\/p>\n\n            <p>La colaboraci\u00f3n entre padres y docentes resulta esencial para asegurar una continuidad en el desarrollo motor. Compartir observaciones, coordinar los ejercicios y mantener una coherencia en los enfoques pedag\u00f3gicos maximiza los beneficios para el ni\u00f1o.<\/p>\n\n            <div class=\"expert-box\">\n                <div class=\"expert-box-label\">\ud83d\udc68\u200d\ud83d\udc69\u200d\ud83d\udc67\u200d\ud83d\udc66 Gu\u00eda parental<\/div>\n<div class=\"expert-inner\">\n                    <h4 class=\"expert-inner-title\">Actividades familiares enriquecedoras<\/h4>\n                    <p>Transforma las tareas del hogar en oportunidades de aprendizaje: doblar la ropa, preparar las comidas, jardiner\u00eda. Estas actividades naturales desarrollan la motricidad fina en un contexto significativo y motivador para el ni\u00f1o.<\/p>\n                <\/div>\n            <\/div>\n\n            <h2>9. Tecnolog\u00edas educativas y motricidad fina<\/h2>\n            <p>La evoluci\u00f3n tecnol\u00f3gica ofrece nuevas posibilidades para desarrollar la motricidad fina de manera innovadora y atractiva. Las tabletas t\u00e1ctiles, por ejemplo, permiten ejercicios de trazado interactivos que proporcionan retroalimentaci\u00f3n inmediata y adaptativa, particularmente beneficiosa para los ni\u00f1os con dificultades de aprendizaje.<\/p>\n\n            <p>Sin embargo, el uso de la tecnolog\u00eda debe seguir siendo complementario a las actividades tradicionales de manipulaci\u00f3n de objetos reales. Las pantallas t\u00e1ctiles requieren la motricidad fina de manera diferente al papel y l\u00e1piz, y no pueden reemplazar completamente la rica experiencia sensorial que ofrecen los materiales tradicionales.<\/p>\n\n            <p>Las aplicaciones educativas como <a href=\"https:\/\/www.dynseo.com\/es\/coco-piensa-y-coco-se-mueve-software-educativo\/\" target=\"_blank\">COCO PIENSA y COCO SE MUEVE<\/a> integran inteligentemente el desarrollo motor en actividades cognitivas variadas. El principio de pausas deportivas obligatorias cada 15 minutos favorece un desarrollo equilibrado entre motricidad fina y global, evitando la sobrecarga cognitiva y manteniendo el compromiso del ni\u00f1o.<\/p>\n\n            <div class=\"tip-box\">\n                <div class=\"tip-box-label\">\ud83d\udcf1 Uso equilibrado<\/div>\n                <p>Limita el tiempo de pantalla a 30-45 minutos al d\u00eda para actividades educativas, alternando con manipulaciones de objetos reales. Este enfoque h\u00edbrido optimiza los beneficios de cada soporte.<\/p>\n            <\/div>\n\n            <h2>10. Evaluaci\u00f3n y seguimiento de los progresos<\/h2>\n            <p>La evaluaci\u00f3n de las habilidades motoras finas requiere un enfoque multidimensional que tenga en cuenta la precisi\u00f3n, la fluidez, la velocidad y la resistencia. Las r\u00fabricas de observaci\u00f3n estandarizadas permiten a los docentes y a los padres seguir objetivamente los progresos e identificar las \u00e1reas que requieren un apoyo particular.<\/p>\n\n            <p>Los portafolios de trabajos constituyen una herramienta de evaluaci\u00f3n particularmente rica, permitiendo documentar la evoluci\u00f3n de las producciones del ni\u00f1o a lo largo del tiempo. Comparar los dibujos, las escrituras y las realizaciones manuales durante varios meses revela progresos a menudo imperceptibles en el d\u00eda a d\u00eda pero significativos a largo plazo.<\/p>\n\n            <p>La autoevaluaci\u00f3n tambi\u00e9n puede introducirse gradualmente, permitiendo a los ni\u00f1os desarrollar una conciencia metacognitiva de sus habilidades motoras. Esta reflexi\u00f3n sobre sus propias capacidades favorece la autorregulaci\u00f3n y la motivaci\u00f3n intr\u00ednseca para progresar.<\/p>\n<div class=\"conseil-card\">\n                <h4>\ud83d\udcca Herramientas de evaluaci\u00f3n recomendadas<\/h4>\n                <p>Utilice cuadr\u00edculas simples con criterios visuales (caritas, colores) para que el ni\u00f1o pueda participar en la evaluaci\u00f3n de sus progresos y desarrollar su capacidad de auto-observaci\u00f3n.<\/p>\n            <\/div>\n\n            <h2>11. Prevenci\u00f3n e intervenci\u00f3n temprana<\/h2>\n            <p>La prevenci\u00f3n de las dificultades en la motricidad fina comienza desde la primera infancia mediante la propuesta de actividades variadas y adaptadas al desarrollo del ni\u00f1o. Los profesionales de la primera infancia juegan un papel crucial en la detecci\u00f3n temprana de retrasos en el desarrollo y la orientaci\u00f3n hacia atenciones especializadas si es necesario.<\/p>\n\n            <p>Los programas de intervenci\u00f3n temprana muestran una eficacia notable cuando se implementan antes de los 6 a\u00f1os. Estas intervenciones, a menudo l\u00fadicas e integradas en las actividades diarias, pueden mejorar considerablemente el pron\u00f3stico de desarrollo del ni\u00f1o y prevenir la aparici\u00f3n de dificultades de aprendizaje secundarias.<\/p>\n\n            <p>La formaci\u00f3n de los profesionales de la educaci\u00f3n en la observaci\u00f3n y estimulaci\u00f3n de la motricidad fina representa un desaf\u00edo importante de salud p\u00fablica. Los docentes mejor formados pueden identificar m\u00e1s precozmente las dificultades y adaptar su pedagog\u00eda para apoyar eficazmente a cada ni\u00f1o.<\/p>\n\n            <div class=\"expert-box\">\n                <div class=\"expert-box-label\">\ud83d\udd2c Investigaci\u00f3n cient\u00edfica<\/div>\n                <div class=\"expert-inner\">\n                    <h4 class=\"expert-inner-title\">Ventanas cr\u00edticas de desarrollo<\/h4>\n                    <p>Las neurociencias identifican per\u00edodos sensibles donde el cerebro es particularmente receptivo a las estimulaci\u00f3n motriz. Optimizar estas ventanas de desarrollo maximiza la eficacia de las intervenciones pedag\u00f3gicas y terap\u00e9uticas.<\/p>\n                <\/div>\n            <\/div>\n\n            <h2>12. Perspectivas futuras e innovaciones<\/h2>\n            <p>El futuro del desarrollo de la motricidad fina se orienta hacia enfoques cada vez m\u00e1s personalizados y asistidos tecnol\u00f3gicamente. La inteligencia artificial permitir\u00e1 pronto adaptar en tiempo real los ejercicios al nivel y a las necesidades espec\u00edficas de cada ni\u00f1o, optimizando la eficacia de los entrenamientos.<\/p>\n\n            <p>La realidad aumentada abre perspectivas fascinantes para el aprendizaje motor, permitiendo superponer gu\u00edas visuales a los gestos reales del ni\u00f1o. Estas tecnolog\u00edas inmersivas podr\u00edan revolucionar la ense\u00f1anza de la escritura y de actividades manuales complejas.<\/p>\n\n            <p>La investigaci\u00f3n contin\u00faa revelando nuevos v\u00ednculos entre la motricidad fina y el desarrollo cognitivo, abriendo v\u00edas de intervenci\u00f3n innovadoras. La integraci\u00f3n creciente de las neurociencias en las pr\u00e1cticas educativas promete enfoques pedag\u00f3gicos cada vez m\u00e1s eficaces y respetuosos del desarrollo natural del ni\u00f1o.<\/p>\n\n            <div class=\"tip-box\">\n                <div class=\"tip-box-label\">\ud83d\ude80 Innovaci\u00f3n DYNSEO<\/div>\n                <p>Las futuras versiones de <a href=\"https:\/\/www.dynseo.com\/es\/coco-piensa-y-coco-se-mueve-software-educativo\/\" target=\"_blank\">COCO PIENSA y COCO SE MUEVE<\/a> integrar\u00e1n sensores de movimiento para analizar precisamente los gestos del ni\u00f1o y proponer ejercicios personalizados en tiempo real.<\/p>\n            <\/div>\n\n            <div class=\"faq-list\">\n                <h3>Preguntas frecuentes<\/h3>\n                \n                <div class=\"faq-item\">\n                    <div class=\"faq-q\">\n                        <span>\u00bfA qu\u00e9 edad se debe comenzar a estimular la motricidad fina?<\/span>\n                        <span class=\"faq-icon\">+<\/span>\n                    <\/div>\n<div class=\"faq-a\">\n                        <p>La estimulaci\u00f3n de la motricidad fina puede comenzar desde los primeros meses de vida con actividades adaptadas como la manipulaci\u00f3n de objetos de diferentes texturas. Hacia los 2-3 a\u00f1os, se pueden proponer actividades m\u00e1s estructuradas. El per\u00edodo \u00f3ptimo para un desarrollo intensivo se sit\u00faa entre los 3 y 8 a\u00f1os, durante el cual la plasticidad cerebral es m\u00e1xima.<\/p>\n                    <\/div>\n                <\/div>\n\n                <div class=\"faq-item\">\n                    <div class=\"faq-q\">\n                        <span>\u00bfC\u00f3mo reconocer un trastorno de la motricidad fina en un ni\u00f1o?<\/span>\n                        <span class=\"faq-icon\">+<\/span>\n                    <\/div>\n                    <div class=\"faq-a\">\n                        <p>Los signos de alerta incluyen: dificultades persistentes para sostener un l\u00e1piz a pesar del aprendizaje, escritura muy laboriosa e ilegible, evitaci\u00f3n de actividades manuales, fatiga excesiva durante las tareas finas, dificultades para usar las tijeras o manipular objetos peque\u00f1os. Si estas dificultades persisten m\u00e1s all\u00e1 de los 6 a\u00f1os, se recomienda una evaluaci\u00f3n profesional.<\/p>\n                    <\/div>\n                <\/div>\n\n                <div class=\"faq-item\">\n                    <div class=\"faq-q\">\n                        <span>\u00bfLas pantallas pueden ayudar o perjudicar el desarrollo de la motricidad fina?<\/span>\n                        <span class=\"faq-icon\">+<\/span>\n                    <\/div>\n                    <div class=\"faq-a\">\n                        <p>Las pantallas t\u00e1ctiles pueden contribuir al desarrollo de ciertos aspectos de la motricidad fina, especialmente la coordinaci\u00f3n ojo-dedo. Sin embargo, no reemplazan la manipulaci\u00f3n de objetos reales que ofrece una experiencia sensorial m\u00e1s rica. Lo ideal es utilizar las herramientas digitales como complemento de las actividades tradicionales, con pausas regulares como propone COCO PIENSA y COCO SE MUEVE.<\/p>\n                    <\/div>\n                <\/div>\n\n                <div class=\"faq-item\">\n                    <div class=\"faq-q\">\n                        <span>\u00bfCu\u00e1nto tiempo al d\u00eda se debe dedicar a las actividades de motricidad fina?<\/span>\n                        <span class=\"faq-icon\">+<\/span>\n                    <\/div>\n                    <div class=\"faq-a\">\n                        <p>Para un desarrollo \u00f3ptimo, de 15 a 30 minutos de actividades espec\u00edficas al d\u00eda son suficientes, distribuidas en varias sesiones cortas. Lo importante es la regularidad m\u00e1s que la duraci\u00f3n. Las actividades pueden integrarse naturalmente en la rutina diaria: vestirse, comidas, juegos, tareas.<\/p>\n                    <\/div>\n                <\/div>\n\n                <div class=\"faq-item\">\n                    <div class=\"faq-q\">\n                        <span>\u00bfQu\u00e9 materiales son los m\u00e1s efectivos para desarrollar la motricidad fina?<\/span>\n                        <span class=\"faq-icon\">+<\/span>\n                    <\/div>\n                    <div class=\"faq-a\">\n                        <p>Los materiales m\u00e1s efectivos son aquellos que ofrecen una variedad de texturas y resistencias: plastilina, cuentas de diferentes tama\u00f1os, rompecabezas, tijeras adecuadas, pinceles variados, construcci\u00f3n tipo Lego, objetos para atornillar\/desatornillar. La diversidad de los soportes estimula diferentes aspectos de la motricidad fina y mantiene el inter\u00e9s del ni\u00f1o.<\/p>\n                    <\/div>\n                    <\/div>\n                <\/div>\n\n            <div class=\"cta-box\">\n                <h3>Desarrolle la motricidad fina de su hijo con COCO<\/h3>\n                <p>Descubra un enfoque innovador que combina estimulaci\u00f3n cognitiva y motora con pausas deportivas obligatorias cada 15 minutos. COCO PIENSA y COCO SE MUEVE acompa\u00f1a el desarrollo armonioso de su hijo.<\/p>\n<div class=\"cta-buttons\">\n                    <a href=\"https:\/\/www.dynseo.com\/es\/coco-piensa-y-coco-se-mueve-software-educativo\/\" class=\"btn-white\">Probar COCO gratis<\/a>\n                    <a href=\"https:\/\/www.dynseo.com\/es\/coco-piensa-y-coco-se-mueve-software-educativo\/\" class=\"btn-outline\">Saber m\u00e1s<\/a>\n                <\/div>\n            <\/div>\n\n            <div class=\"article-tags\">\n                <h4>Palabras clave :<\/h4>\n                <a href=\"#\" class=\"article-tag\">Motricidad fina<\/a>\n                <a href=\"#\" class=\"article-tag\">Desarrollo cognitivo<\/a>\n                <a href=\"#\" class=\"article-tag\">Aprendizaje escolar<\/a>\n                <a href=\"#\" class=\"article-tag\">Escritura infantil<\/a>\n                <a href=\"#\" class=\"article-tag\">Actividades manuales<\/a>\n                <a href=\"#\" class=\"article-tag\">Coordinaci\u00f3n ojo-mano<\/a>\n                <a href=\"#\" class=\"article-tag\">Dispraxia<\/a>\n                <a href=\"#\" class=\"article-tag\">Pedagog\u00eda innovadora<\/a>\n                <a href=\"#\" class=\"article-tag\">Tecnolog\u00edas educativas<\/a>\n                <a href=\"#\" class=\"article-tag\">COCO<\/a>\n            <\/div>\n        <\/div>\n    <\/div>[\/et_pb_code][\/et_pb_column][\/et_pb_row][\/et_pb_section]","_et_gb_content_width":"","footnotes":""},"categories":[2915],"tags":[],"class_list":["post-562599","post","type-post","status-publish","format-standard","has-post-thumbnail","hentry","category-les-conseils-des-coachs"],"yoast_head":"<!-- This site is optimized with the Yoast SEO plugin v27.4 - https:\/\/yoast.com\/product\/yoast-seo-wordpress\/ -->\n<title>El v\u00ednculo entre la motricidad fina y el aprendizaje en la escuela - DYNSEO - Aplicaci\u00f3n educativa y juegos de memoria<\/title>\n<meta name=\"robots\" content=\"index, follow, max-snippet:-1, max-image-preview:large, max-video-preview:-1\" \/>\n<link rel=\"canonical\" href=\"https:\/\/www.dynseo.com\/es\/el-vinculo-entre-la-motricidad-fina-y-el-aprendizaje-en-la-escuela\/\" \/>\n<meta property=\"og:locale\" content=\"es_ES\" \/>\n<meta property=\"og:type\" content=\"article\" \/>\n<meta property=\"og:title\" content=\"El v\u00ednculo entre la motricidad fina y el aprendizaje en la escuela - DYNSEO - Aplicaci\u00f3n educativa y juegos de memoria\" \/>\n<meta property=\"og:url\" content=\"https:\/\/www.dynseo.com\/es\/el-vinculo-entre-la-motricidad-fina-y-el-aprendizaje-en-la-escuela\/\" \/>\n<meta property=\"og:site_name\" content=\"DYNSEO - Aplicaci\u00f3n educativa y juegos de memoria\" \/>\n<meta property=\"article:published_time\" content=\"2026-04-26T11:51:45+00:00\" \/>\n<meta property=\"article:modified_time\" content=\"2026-04-26T11:55:12+00:00\" \/>\n<meta property=\"og:image\" content=\"https:\/\/www.dynseo.com\/wp-content\/uploads\/2022\/02\/jeu-educatif-top-kids-ecole-primaire-concours-scaled.jpg\" \/>\n\t<meta property=\"og:image:width\" content=\"2560\" \/>\n\t<meta property=\"og:image:height\" content=\"1440\" \/>\n\t<meta property=\"og:image:type\" content=\"image\/jpeg\" \/>\n<meta name=\"author\" content=\"DYNSEO\" \/>\n<meta name=\"twitter:label1\" content=\"Escrito por\" \/>\n\t<meta name=\"twitter:data1\" content=\"DYNSEO\" \/>\n\t<meta name=\"twitter:label2\" content=\"Tiempo de lectura\" \/>\n\t<meta name=\"twitter:data2\" content=\"17 minutos\" \/>\n<script type=\"application\/ld+json\" class=\"yoast-schema-graph\">{\"@context\":\"https:\\\/\\\/schema.org\",\"@graph\":[{\"@type\":\"Article\",\"@id\":\"https:\\\/\\\/www.dynseo.com\\\/es\\\/el-vinculo-entre-la-motricidad-fina-y-el-aprendizaje-en-la-escuela\\\/#article\",\"isPartOf\":{\"@id\":\"https:\\\/\\\/www.dynseo.com\\\/es\\\/el-vinculo-entre-la-motricidad-fina-y-el-aprendizaje-en-la-escuela\\\/\"},\"author\":{\"name\":\"DYNSEO\",\"@id\":\"https:\\\/\\\/www.dynseo.com\\\/es\\\/#\\\/schema\\\/person\\\/78ef63df2ee64e0989bc68f8401b38d6\"},\"headline\":\"El v\u00ednculo entre la motricidad fina y el aprendizaje en la escuela\",\"datePublished\":\"2026-04-26T11:51:45+00:00\",\"dateModified\":\"2026-04-26T11:55:12+00:00\",\"mainEntityOfPage\":{\"@id\":\"https:\\\/\\\/www.dynseo.com\\\/es\\\/el-vinculo-entre-la-motricidad-fina-y-el-aprendizaje-en-la-escuela\\\/\"},\"wordCount\":3325,\"publisher\":{\"@id\":\"https:\\\/\\\/www.dynseo.com\\\/es\\\/#organization\"},\"image\":{\"@id\":\"https:\\\/\\\/www.dynseo.com\\\/es\\\/el-vinculo-entre-la-motricidad-fina-y-el-aprendizaje-en-la-escuela\\\/#primaryimage\"},\"thumbnailUrl\":\"https:\\\/\\\/www.dynseo.com\\\/wp-content\\\/uploads\\\/2022\\\/02\\\/jeu-educatif-top-kids-ecole-primaire-concours-scaled.jpg\",\"articleSection\":[\"Les conseils des coachs\"],\"inLanguage\":\"es\"},{\"@type\":\"WebPage\",\"@id\":\"https:\\\/\\\/www.dynseo.com\\\/es\\\/el-vinculo-entre-la-motricidad-fina-y-el-aprendizaje-en-la-escuela\\\/\",\"url\":\"https:\\\/\\\/www.dynseo.com\\\/es\\\/el-vinculo-entre-la-motricidad-fina-y-el-aprendizaje-en-la-escuela\\\/\",\"name\":\"El v\u00ednculo entre la motricidad fina y el aprendizaje en la escuela - DYNSEO - Aplicaci\u00f3n educativa y juegos de memoria\",\"isPartOf\":{\"@id\":\"https:\\\/\\\/www.dynseo.com\\\/es\\\/#website\"},\"primaryImageOfPage\":{\"@id\":\"https:\\\/\\\/www.dynseo.com\\\/es\\\/el-vinculo-entre-la-motricidad-fina-y-el-aprendizaje-en-la-escuela\\\/#primaryimage\"},\"image\":{\"@id\":\"https:\\\/\\\/www.dynseo.com\\\/es\\\/el-vinculo-entre-la-motricidad-fina-y-el-aprendizaje-en-la-escuela\\\/#primaryimage\"},\"thumbnailUrl\":\"https:\\\/\\\/www.dynseo.com\\\/wp-content\\\/uploads\\\/2022\\\/02\\\/jeu-educatif-top-kids-ecole-primaire-concours-scaled.jpg\",\"datePublished\":\"2026-04-26T11:51:45+00:00\",\"dateModified\":\"2026-04-26T11:55:12+00:00\",\"breadcrumb\":{\"@id\":\"https:\\\/\\\/www.dynseo.com\\\/es\\\/el-vinculo-entre-la-motricidad-fina-y-el-aprendizaje-en-la-escuela\\\/#breadcrumb\"},\"inLanguage\":\"es\",\"potentialAction\":[{\"@type\":\"ReadAction\",\"target\":[\"https:\\\/\\\/www.dynseo.com\\\/es\\\/el-vinculo-entre-la-motricidad-fina-y-el-aprendizaje-en-la-escuela\\\/\"]}]},{\"@type\":\"ImageObject\",\"inLanguage\":\"es\",\"@id\":\"https:\\\/\\\/www.dynseo.com\\\/es\\\/el-vinculo-entre-la-motricidad-fina-y-el-aprendizaje-en-la-escuela\\\/#primaryimage\",\"url\":\"https:\\\/\\\/www.dynseo.com\\\/wp-content\\\/uploads\\\/2022\\\/02\\\/jeu-educatif-top-kids-ecole-primaire-concours-scaled.jpg\",\"contentUrl\":\"https:\\\/\\\/www.dynseo.com\\\/wp-content\\\/uploads\\\/2022\\\/02\\\/jeu-educatif-top-kids-ecole-primaire-concours-scaled.jpg\",\"width\":2560,\"height\":1440,\"caption\":\"Mejora tu calidad de vida con DYNSEO\"},{\"@type\":\"BreadcrumbList\",\"@id\":\"https:\\\/\\\/www.dynseo.com\\\/es\\\/el-vinculo-entre-la-motricidad-fina-y-el-aprendizaje-en-la-escuela\\\/#breadcrumb\",\"itemListElement\":[{\"@type\":\"ListItem\",\"position\":1,\"name\":\"Accueil\",\"item\":\"https:\\\/\\\/www.dynseo.com\\\/es\\\/\"},{\"@type\":\"ListItem\",\"position\":2,\"name\":\"El v\u00ednculo entre la motricidad fina y el aprendizaje en la escuela\"}]},{\"@type\":\"WebSite\",\"@id\":\"https:\\\/\\\/www.dynseo.com\\\/es\\\/#website\",\"url\":\"https:\\\/\\\/www.dynseo.com\\\/es\\\/\",\"name\":\"Jeux de m\u00e9moire et stimulation cognitive\",\"description\":\"Entra\u00eenez votre m\u00e9moire et votre cerveau avec DYNSEO\",\"publisher\":{\"@id\":\"https:\\\/\\\/www.dynseo.com\\\/es\\\/#organization\"},\"potentialAction\":[{\"@type\":\"SearchAction\",\"target\":{\"@type\":\"EntryPoint\",\"urlTemplate\":\"https:\\\/\\\/www.dynseo.com\\\/es\\\/?s={search_term_string}\"},\"query-input\":{\"@type\":\"PropertyValueSpecification\",\"valueRequired\":true,\"valueName\":\"search_term_string\"}}],\"inLanguage\":\"es\"},{\"@type\":\"Organization\",\"@id\":\"https:\\\/\\\/www.dynseo.com\\\/es\\\/#organization\",\"name\":\"DYNSEO\",\"url\":\"https:\\\/\\\/www.dynseo.com\\\/es\\\/\",\"logo\":{\"@type\":\"ImageObject\",\"inLanguage\":\"es\",\"@id\":\"https:\\\/\\\/www.dynseo.com\\\/es\\\/#\\\/schema\\\/logo\\\/image\\\/\",\"url\":\"https:\\\/\\\/www.dynseo.com\\\/wp-content\\\/uploads\\\/2022\\\/05\\\/logo-dynseo-new.png\",\"contentUrl\":\"https:\\\/\\\/www.dynseo.com\\\/wp-content\\\/uploads\\\/2022\\\/05\\\/logo-dynseo-new.png\",\"width\":5073,\"height\":1397,\"caption\":\"DYNSEO\"},\"image\":{\"@id\":\"https:\\\/\\\/www.dynseo.com\\\/es\\\/#\\\/schema\\\/logo\\\/image\\\/\"}},{\"@type\":\"Person\",\"@id\":\"https:\\\/\\\/www.dynseo.com\\\/es\\\/#\\\/schema\\\/person\\\/78ef63df2ee64e0989bc68f8401b38d6\",\"name\":\"DYNSEO\",\"url\":\"https:\\\/\\\/www.dynseo.com\\\/es\\\/author\\\/justine\\\/\"}]}<\/script>\n<!-- \/ Yoast SEO plugin. -->","yoast_head_json":{"title":"El v\u00ednculo entre la motricidad fina y el aprendizaje en la escuela - DYNSEO - Aplicaci\u00f3n educativa y juegos de memoria","robots":{"index":"index","follow":"follow","max-snippet":"max-snippet:-1","max-image-preview":"max-image-preview:large","max-video-preview":"max-video-preview:-1"},"canonical":"https:\/\/www.dynseo.com\/es\/el-vinculo-entre-la-motricidad-fina-y-el-aprendizaje-en-la-escuela\/","og_locale":"es_ES","og_type":"article","og_title":"El v\u00ednculo entre la motricidad fina y el aprendizaje en la escuela - DYNSEO - Aplicaci\u00f3n educativa y juegos de memoria","og_url":"https:\/\/www.dynseo.com\/es\/el-vinculo-entre-la-motricidad-fina-y-el-aprendizaje-en-la-escuela\/","og_site_name":"DYNSEO - Aplicaci\u00f3n educativa y juegos de memoria","article_published_time":"2026-04-26T11:51:45+00:00","article_modified_time":"2026-04-26T11:55:12+00:00","og_image":[{"width":2560,"height":1440,"url":"https:\/\/www.dynseo.com\/wp-content\/uploads\/2022\/02\/jeu-educatif-top-kids-ecole-primaire-concours-scaled.jpg","type":"image\/jpeg"}],"author":"DYNSEO","twitter_misc":{"Escrito por":"DYNSEO","Tiempo de lectura":"17 minutos"},"schema":{"@context":"https:\/\/schema.org","@graph":[{"@type":"Article","@id":"https:\/\/www.dynseo.com\/es\/el-vinculo-entre-la-motricidad-fina-y-el-aprendizaje-en-la-escuela\/#article","isPartOf":{"@id":"https:\/\/www.dynseo.com\/es\/el-vinculo-entre-la-motricidad-fina-y-el-aprendizaje-en-la-escuela\/"},"author":{"name":"DYNSEO","@id":"https:\/\/www.dynseo.com\/es\/#\/schema\/person\/78ef63df2ee64e0989bc68f8401b38d6"},"headline":"El v\u00ednculo entre la motricidad fina y el aprendizaje en la escuela","datePublished":"2026-04-26T11:51:45+00:00","dateModified":"2026-04-26T11:55:12+00:00","mainEntityOfPage":{"@id":"https:\/\/www.dynseo.com\/es\/el-vinculo-entre-la-motricidad-fina-y-el-aprendizaje-en-la-escuela\/"},"wordCount":3325,"publisher":{"@id":"https:\/\/www.dynseo.com\/es\/#organization"},"image":{"@id":"https:\/\/www.dynseo.com\/es\/el-vinculo-entre-la-motricidad-fina-y-el-aprendizaje-en-la-escuela\/#primaryimage"},"thumbnailUrl":"https:\/\/www.dynseo.com\/wp-content\/uploads\/2022\/02\/jeu-educatif-top-kids-ecole-primaire-concours-scaled.jpg","articleSection":["Les conseils des coachs"],"inLanguage":"es"},{"@type":"WebPage","@id":"https:\/\/www.dynseo.com\/es\/el-vinculo-entre-la-motricidad-fina-y-el-aprendizaje-en-la-escuela\/","url":"https:\/\/www.dynseo.com\/es\/el-vinculo-entre-la-motricidad-fina-y-el-aprendizaje-en-la-escuela\/","name":"El v\u00ednculo entre la motricidad fina y el aprendizaje en la escuela - DYNSEO - Aplicaci\u00f3n educativa y juegos de memoria","isPartOf":{"@id":"https:\/\/www.dynseo.com\/es\/#website"},"primaryImageOfPage":{"@id":"https:\/\/www.dynseo.com\/es\/el-vinculo-entre-la-motricidad-fina-y-el-aprendizaje-en-la-escuela\/#primaryimage"},"image":{"@id":"https:\/\/www.dynseo.com\/es\/el-vinculo-entre-la-motricidad-fina-y-el-aprendizaje-en-la-escuela\/#primaryimage"},"thumbnailUrl":"https:\/\/www.dynseo.com\/wp-content\/uploads\/2022\/02\/jeu-educatif-top-kids-ecole-primaire-concours-scaled.jpg","datePublished":"2026-04-26T11:51:45+00:00","dateModified":"2026-04-26T11:55:12+00:00","breadcrumb":{"@id":"https:\/\/www.dynseo.com\/es\/el-vinculo-entre-la-motricidad-fina-y-el-aprendizaje-en-la-escuela\/#breadcrumb"},"inLanguage":"es","potentialAction":[{"@type":"ReadAction","target":["https:\/\/www.dynseo.com\/es\/el-vinculo-entre-la-motricidad-fina-y-el-aprendizaje-en-la-escuela\/"]}]},{"@type":"ImageObject","inLanguage":"es","@id":"https:\/\/www.dynseo.com\/es\/el-vinculo-entre-la-motricidad-fina-y-el-aprendizaje-en-la-escuela\/#primaryimage","url":"https:\/\/www.dynseo.com\/wp-content\/uploads\/2022\/02\/jeu-educatif-top-kids-ecole-primaire-concours-scaled.jpg","contentUrl":"https:\/\/www.dynseo.com\/wp-content\/uploads\/2022\/02\/jeu-educatif-top-kids-ecole-primaire-concours-scaled.jpg","width":2560,"height":1440,"caption":"Mejora tu calidad de vida con DYNSEO"},{"@type":"BreadcrumbList","@id":"https:\/\/www.dynseo.com\/es\/el-vinculo-entre-la-motricidad-fina-y-el-aprendizaje-en-la-escuela\/#breadcrumb","itemListElement":[{"@type":"ListItem","position":1,"name":"Accueil","item":"https:\/\/www.dynseo.com\/es\/"},{"@type":"ListItem","position":2,"name":"El v\u00ednculo entre la motricidad fina y el aprendizaje en la escuela"}]},{"@type":"WebSite","@id":"https:\/\/www.dynseo.com\/es\/#website","url":"https:\/\/www.dynseo.com\/es\/","name":"Jeux de m\u00e9moire et stimulation cognitive","description":"Entra\u00eenez votre m\u00e9moire et votre cerveau avec DYNSEO","publisher":{"@id":"https:\/\/www.dynseo.com\/es\/#organization"},"potentialAction":[{"@type":"SearchAction","target":{"@type":"EntryPoint","urlTemplate":"https:\/\/www.dynseo.com\/es\/?s={search_term_string}"},"query-input":{"@type":"PropertyValueSpecification","valueRequired":true,"valueName":"search_term_string"}}],"inLanguage":"es"},{"@type":"Organization","@id":"https:\/\/www.dynseo.com\/es\/#organization","name":"DYNSEO","url":"https:\/\/www.dynseo.com\/es\/","logo":{"@type":"ImageObject","inLanguage":"es","@id":"https:\/\/www.dynseo.com\/es\/#\/schema\/logo\/image\/","url":"https:\/\/www.dynseo.com\/wp-content\/uploads\/2022\/05\/logo-dynseo-new.png","contentUrl":"https:\/\/www.dynseo.com\/wp-content\/uploads\/2022\/05\/logo-dynseo-new.png","width":5073,"height":1397,"caption":"DYNSEO"},"image":{"@id":"https:\/\/www.dynseo.com\/es\/#\/schema\/logo\/image\/"}},{"@type":"Person","@id":"https:\/\/www.dynseo.com\/es\/#\/schema\/person\/78ef63df2ee64e0989bc68f8401b38d6","name":"DYNSEO","url":"https:\/\/www.dynseo.com\/es\/author\/justine\/"}]}},"_links":{"self":[{"href":"https:\/\/www.dynseo.com\/es\/wp-json\/wp\/v2\/posts\/562599","targetHints":{"allow":["GET"]}}],"collection":[{"href":"https:\/\/www.dynseo.com\/es\/wp-json\/wp\/v2\/posts"}],"about":[{"href":"https:\/\/www.dynseo.com\/es\/wp-json\/wp\/v2\/types\/post"}],"author":[{"embeddable":true,"href":"https:\/\/www.dynseo.com\/es\/wp-json\/wp\/v2\/users\/4"}],"replies":[{"embeddable":true,"href":"https:\/\/www.dynseo.com\/es\/wp-json\/wp\/v2\/comments?post=562599"}],"version-history":[{"count":11,"href":"https:\/\/www.dynseo.com\/es\/wp-json\/wp\/v2\/posts\/562599\/revisions"}],"predecessor-version":[{"id":562610,"href":"https:\/\/www.dynseo.com\/es\/wp-json\/wp\/v2\/posts\/562599\/revisions\/562610"}],"wp:featuredmedia":[{"embeddable":true,"href":"https:\/\/www.dynseo.com\/es\/wp-json\/wp\/v2\/media\/142596"}],"wp:attachment":[{"href":"https:\/\/www.dynseo.com\/es\/wp-json\/wp\/v2\/media?parent=562599"}],"wp:term":[{"taxonomy":"category","embeddable":true,"href":"https:\/\/www.dynseo.com\/es\/wp-json\/wp\/v2\/categories?post=562599"},{"taxonomy":"post_tag","embeddable":true,"href":"https:\/\/www.dynseo.com\/es\/wp-json\/wp\/v2\/tags?post=562599"}],"curies":[{"name":"wp","href":"https:\/\/api.w.org\/{rel}","templated":true}]}}