{"id":564483,"date":"2026-04-27T05:57:46","date_gmt":"2026-04-27T03:57:46","guid":{"rendered":"https:\/\/www.dynseo.com\/creer-un-coin-de-reminiscence-dans-une-maison-de-retraite-conseils-et-idees-2\/"},"modified":"2026-04-27T06:02:13","modified_gmt":"2026-04-27T04:02:13","slug":"crear-un-rincon-de-reminiscencia-en-una-residencia-de-ancianos-consejos-e-ideas","status":"publish","type":"post","link":"https:\/\/www.dynseo.com\/es\/crear-un-rincon-de-reminiscencia-en-una-residencia-de-ancianos-consejos-e-ideas\/","title":{"rendered":"Crear un rinc\u00f3n de reminiscencia en una residencia de ancianos: consejos e ideas"},"content":{"rendered":"<p>[et_pb_section fb_built=\u00bb1&#8243; _builder_version=\u00bb4.16&#8243; custom_padding=\u00bb0px|0px|0px|0px|false|false\u00bb margin_top=\u00bb0px\u00bb margin_bottom=\u00bb0px\u00bb global_colors_info=\u00bb{}\u00bb][et_pb_row _builder_version=\u00bb4.16&#8243; custom_padding=\u00bb0px|0px|0px|0px|false|false\u00bb margin_top=\u00bb0px\u00bb margin_bottom=\u00bb0px\u00bb column_structure=\u00bb4_4&#8243; global_colors_info=\u00bb{}\u00bb][et_pb_column type=\u00bb4_4&#8243; _builder_version=\u00bb4.16&#8243; custom_padding=\u00bb0px|0px|0px|0px|false|false\u00bb global_colors_info=\u00bb{}\u00bb][et_pb_code _builder_version=\u00bb4.16&#8243; custom_padding=\u00bb0px|0px|0px|0px|false|false\u00bb global_colors_info=\u00bb{}\u00bb]<\/p>\n<style>\n        :root {\n            --color-primary: #5e5ed7;\n            --color-primary-dark: #5268c9;\n            --color-secondary: #a9e2e4;\n            --color-accent: #ffeca7;\n            --color-highlight: #e73469;\n            --font-title: 'Montserrat', sans-serif;\n            --font-body: 'Poppins', sans-serif;\n        }<\/p>\n<p>        * {\n            margin: 0;\n            padding: 0;\n            box-sizing: border-box;\n        }<\/p>\n<p>        body {\n            font-family: var(--font-body);\n            line-height: 1.6;\n            color: #333;\n        }<\/p>\n<p>        .container {\n            max-width: 1200px;\n            margin: 0 auto;\n            padding: 0 20px;\n        }<\/p>\n<p>        .article-hero {\n            background: linear-gradient(135deg, var(--color-primary) 0%, var(--color-primary-dark) 100%);\n            color: white;\n            padding: 60px 0 120px;\n            position: relative;\n            overflow: hidden;\n        }<\/p>\n<p>        .article-hero::before {\n            content: '';\n            position: absolute;\n            top: 0;\n            left: 0;\n            right: 0;\n            bottom: 0;\n            background: url('data:image\/svg+xml,<svg xmlns=\"http:\/\/www.w3.org\/2000\/svg\" viewBox=\"0 0 100 100\"><circle cx=\"20\" cy=\"20\" r=\"2\" fill=\"rgba(255,255,255,0.1)\"\/><circle cx=\"80\" cy=\"40\" r=\"1\" fill=\"rgba(255,255,255,0.1)\"\/><circle cx=\"40\" cy=\"80\" r=\"1.5\" fill=\"rgba(255,255,255,0.1)\"\/><\/svg>');\n        }<\/p>\n<p>        .article-hero-inner {\n            position: relative;\n            z-index: 2;\n        }<\/p>\n<p>        .article-breadcrumb {\n            font-size: 14px;\n            margin-bottom: 20px;\n            opacity: 0.9;\n        }<\/p>\n<p>        .article-breadcrumb a {\n            color: white;\n            text-decoration: none;\n        }<\/p>\n<p>        .article-category {\n            display: inline-block;\n            background: var(--color-highlight);\n            color: white;\n            padding: 8px 16px;\n            border-radius: 20px;\n            font-size: 14px;\n            font-weight: 600;\n            margin-bottom: 20px;\n        }<\/p>\n<p>        .article-hero h1 {\n            font-family: var(--font-title);\n            font-size: clamp(2rem, 5vw, 3.5rem);\n            font-weight: 700;\n            line-height: 1.2;\n            margin-bottom: 20px;\n        }<\/p>\n<p>        .hl {\n            color: var(--color-accent);\n        }<\/p>\n<p>        .article-meta {\n            display: flex;\n            gap: 30px;\n            margin-bottom: 30px;\n            font-size: 14px;\n            opacity: 0.9;\n            flex-wrap: wrap;\n        }<\/p>\n<p>        .article-hero-curve {\n            position: absolute;\n            bottom: -2px;\n            left: 0;\n            width: 100%;\n            height: 80px;\n            background: white;\n            clip-path: ellipse(100% 100% at 50% 100%);\n        }<\/p>\n<p>        .article-body {\n            padding: 80px 0;\n        }<\/p>\n<p>        .intro-block {\n            background: linear-gradient(135deg, #f8f9ff 0%, #ffffff 100%);\n            border-left: 5px solid var(--color-primary);\n            padding: 30px;\n            margin-bottom: 50px;\n            border-radius: 0 15px 15px 0;\n            font-size: 18px;\n            line-height: 1.7;\n        }<\/p>\n<p>        .stats-grid {\n            display: grid;\n            grid-template-columns: repeat(auto-fit, minmax(250px, 1fr));\n            gap: 30px;\n            margin-bottom: 60px;\n        }<\/p>\n<p>        .stat-card {\n            background: white;\n            padding: 30px;\n            border-radius: 15px;\n            text-align: center;\n            box-shadow: 0 10px 30px rgba(94, 94, 215, 0.1);\n            border: 2px solid transparent;\n            transition: all 0.3s ease;\n        }<\/p>\n<p>        .stat-card:hover {\n            transform: translateY(-5px);\n            border-color: var(--color-secondary);\n        }<\/p>\n<p>        .stat-card .number {\n            font-family: var(--font-title);\n            font-size: 3rem;\n            font-weight: 800;\n            color: var(--color-primary);\n            display: block;\n            margin-bottom: 10px;\n        }<\/p>\n<p>        .stat-card .label {\n            font-size: 16px;\n            color: #666;\n            font-weight: 500;\n        }<\/p>\n<p>        .article-body h2 {\n            font-family: var(--font-title);\n            font-size: 2.2rem;\n            font-weight: 700;\n            color: var(--color-primary);\n            margin: 60px 0 30px;\n            position: relative;\n            padding-left: 20px;\n        }<\/p>\n<p>        .article-body h2::before {\n            content: '';\n            position: absolute;\n            left: 0;\n            top: 0;\n            bottom: 0;\n            width: 5px;\n            background: linear-gradient(to bottom, var(--color-highlight), var(--color-secondary));\n            border-radius: 3px;\n        }<\/p>\n<p>        .article-body p {\n            margin-bottom: 20px;\n            font-size: 16px;\n            line-height: 1.8;\n        }<\/p>\n<p>        .conseil-card {\n            background: linear-gradient(135deg, var(--color-accent) 0%, #fff8e1 100%);\n            border: 1px solid #f4d03f;\n            border-radius: 15px;\n            padding: 25px;\n            margin: 30px 0;\n            position: relative;\n        }<\/p>\n<p>        .conseil-card::before {\n            content: '\ud83d\udca1';\n            position: absolute;\n            top: -15px;\n            left: 25px;\n            background: white;\n            padding: 10px;\n            border-radius: 50%;\n            font-size: 20px;\n        }<\/p>\n<p>        .key-points {\n            background: #f0f8ff;\n            border-radius: 15px;\n            padding: 30px;\n            margin: 30px 0;\n        }<\/p>\n<p>        .key-points h3 {\n            font-family: var(--font-title);\n            color: var(--color-primary);\n            font-size: 1.3rem;\n            margin-bottom: 20px;\n        }<\/p>\n<p>        .key-points ul {\n            list-style: none;\n            padding: 0;\n        }<\/p>\n<p>        .key-points li {\n            position: relative;\n            padding-left: 30px;\n            margin-bottom: 15px;\n            font-weight: 500;\n        }<\/p>\n<p>        .key-points li::before {\n            content: '\u2713';\n            position: absolute;\n            left: 0;\n            color: var(--color-highlight);\n            font-weight: bold;\n            font-size: 18px;\n        }<\/p>\n<p>        .tip-box {\n            background: linear-gradient(135deg, var(--color-secondary) 0%, #e1f7f8 100%);\n            border-radius: 15px;\n            padding: 25px;\n            margin: 30px 0;\n            border-left: 5px solid var(--color-primary);\n        }<\/p>\n<p>        .tip-box-label {\n            font-family: var(--font-title);\n            font-weight: 700;\n            color: var(--color-primary);\n            font-size: 1.1rem;\n            margin-bottom: 15px;\n            display: flex;\n            align-items: center;\n            gap: 10px;\n        }<\/p>\n<p>        .tip-box-label::before {\n            content: '\ud83c\udfaf';\n            font-size: 20px;\n        }<\/p>\n<p>        .expert-box {\n            background: white;\n            border: 2px solid var(--color-primary);\n            border-radius: 20px;\n            padding: 0;\n            margin: 40px 0;\n            overflow: hidden;\n            box-shadow: 0 15px 35px rgba(94, 94, 215, 0.1);\n        }<\/p>\n<p>        .expert-box-label {\n            background: var(--color-primary);\n            color: white;\n            padding: 15px 25px;\n            font-family: var(--font-title);\n            font-weight: 700;\n            font-size: 1.1rem;\n        }<\/p>\n<p>        .expert-box-title {\n            background: var(--color-primary);\n            color: white;\n            padding: 0 25px 15px;\n            font-family: var(--font-title);\n            font-weight: 600;\n            font-size: 1.3rem;\n        }<\/p>\n<p>        .expert-inner {\n            padding: 25px;\n        }<\/p>\n<p>        .expert-inner-title {\n            font-family: var(--font-title);\n            font-size: 1.2rem;\n            color: var(--color-primary);\n            margin-bottom: 15px;\n            font-weight: 600;\n        }<\/p>\n<p>        .faq-list {\n            background: #fafafa;\n            border-radius: 20px;\n            padding: 40px;\n            margin: 50px 0;\n        }<\/p>\n<p>        .faq-list h2 {\n            text-align: center;\n            margin-bottom: 40px;\n            margin-top: 0;\n        }<\/p>\n<p>        .faq-item {\n            border: 1px solid #e0e0e0;\n            border-radius: 10px;\n            margin-bottom: 15px;\n            overflow: hidden;\n            background: white;\n        }<\/p>\n<p>        .faq-q {\n            padding: 20px 25px;\n            cursor: pointer;\n            font-weight: 600;\n            color: var(--color-primary);\n            display: flex;\n            justify-content: space-between;\n            align-items: center;\n            transition: background-color 0.3s ease;\n        }<\/p>\n<p>        .faq-q:hover {\n            background-color: #f8f9ff;\n        }<\/p>\n<p>        .faq-icon {\n            font-size: 20px;\n            font-weight: bold;\n            transition: transform 0.3s ease;\n        }<\/p>\n<p>        .faq-item.open .faq-icon {\n            transform: rotate(45deg);\n        }<\/p>\n<p>        .faq-a {\n            padding: 0 25px;\n            max-height: 0;\n            overflow: hidden;\n            transition: all 0.3s ease;\n        }<\/p>\n<p>        .faq-item.open .faq-a {\n            max-height: 500px;\n            padding: 0 25px 25px;\n        }<\/p>\n<p>        .cta-box {\n            background: linear-gradient(135deg, var(--color-primary) 0%, var(--color-primary-dark) 100%);\n            color: white;\n            border-radius: 20px;\n            padding: 50px 40px;\n            text-align: center;\n            margin: 60px 0;\n        }<\/p>\n<p>        .cta-box h3 {\n            font-family: var(--font-title);\n            font-size: 2rem;\n            margin-bottom: 20px;\n        }<\/p>\n<p>        .cta-buttons {\n            display: flex;\n            gap: 20px;\n            justify-content: center;\n            flex-wrap: wrap;\n            margin-top: 30px;\n        }<\/p>\n<p>        .btn-white, .btn-outline {\n            padding: 15px 30px;\n            border-radius: 25px;\n            text-decoration: none;\n            font-weight: 600;\n            transition: all 0.3s ease;\n            border: 2px solid white;\n            display: inline-block;\n        }<\/p>\n<p>        .btn-white {\n            background: white;\n            color: var(--color-primary);\n        }<\/p>\n<p>        .btn-white:hover {\n            background: var(--color-accent);\n            transform: translateY(-2px);\n        }<\/p>\n<p>        .btn-outline {\n            background: transparent;\n            color: white;\n        }<\/p>\n<p>        .btn-outline:hover {\n            background: white;\n            color: var(--color-primary);\n        }<\/p>\n<p>        .article-tags {\n            display: flex;\n            gap: 15px;\n            flex-wrap: wrap;\n            margin-top: 50px;\n            padding-top: 30px;\n            border-top: 1px solid #eee;\n        }<\/p>\n<p>        .article-tag {\n            background: var(--color-secondary);\n            color: var(--color-primary);\n            padding: 8px 16px;\n            border-radius: 15px;\n            text-decoration: none;\n            font-size: 14px;\n            font-weight: 500;\n            transition: all 0.3s ease;\n        }<\/p>\n<p>        .article-tag:hover {\n            background: var(--color-primary);\n            color: white;\n            transform: translateY(-2px);\n        }<\/p>\n<p>        @media (max-width: 768px) {\n            .article-hero {\n                padding: 40px 0 80px;\n            }<\/p>\n<p>            .article-meta {\n                gap: 15px;\n            }<\/p>\n<p>            .stats-grid {\n                grid-template-columns: 1fr;\n                gap: 20px;\n            }<\/p>\n<p>            .cta-buttons {\n                flex-direction: column;\n                align-items: center;\n            }<\/p>\n<p>            .article-body h2 {\n                font-size: 1.8rem;\n            }\n        }\n    <\/style>\n<p><script>\n        document.querySelectorAll('.faq-q').forEach(function(button) {\n            button.addEventListener('click', function() {\n                button.closest('.faq-item').classList.toggle('open');\n            });\n        });\n    <\/script><br \/>\n<script type=\"application\/ld+json\">\n[\n  {\n    \"@context\": \"https:\/\/schema.org\",\n    \"@type\": \"Article\",\n    \"headline\": \"Cr\u00e9er un coin de r\u00e9miniscence dans une maison de retraite : conseils et id\u00e9es\",\n    \"description\": \"Guide Complet - \ud83d\udcc5 Publi\u00e9 en Avril 2026 \u23f1\ufe0f 15 min de lecture \ud83d\udc65 Professionnels EHPAD \u2b50 4.8\/5 (127 avis)\",\n    \"url\": \"https:\/\/www.dynseo.com\/creer-un-coin-de-reminiscence-dans-une-maison-de-retraite-conseils-et-idees\/\",\n    \"datePublished\": \"2026-04-07\",\n    \"dateModified\": \"2026-04-07\",\n    \"author\": {\n      \"@type\": \"Organization\",\n      \"name\": \"DYNSEO\",\n      \"url\": \"https:\/\/www.dynseo.com\"\n    },\n    \"publisher\": {\n      \"@type\": \"Organization\",\n      \"name\": \"DYNSEO\",\n      \"url\": \"https:\/\/www.dynseo.com\",\n      \"logo\": {\n        \"@type\": \"ImageObject\",\n        \"url\": \"https:\/\/www.dynseo.com\/wp-content\/uploads\/2020\/01\/dynseo-logo.png\"\n      }\n    },\n    \"image\": {\n      \"@type\": \"ImageObject\",\n      \"url\": \"https:\/\/www.dynseo.com\/wp-content\/uploads\/2026\/04\/coin-reminiscence-ehpad.jpg\",\n      \"width\": 1200,\n      \"height\": 630\n    },\n    \"aggregateRating\": {\n      \"@type\": \"AggregateRating\",\n      \"ratingValue\": \"4.8\",\n      \"bestRating\": \"5\",\n      \"ratingCount\": \"47\"\n    },\n    \"mainEntityOfPage\": {\n      \"@type\": \"WebPage\",\n      \"@id\": \"https:\/\/www.dynseo.com\/creer-un-coin-de-reminiscence-dans-une-maison-de-retraite-conseils-et-idees\/\"\n    }\n  },\n  {\n    \"@context\": \"https:\/\/schema.org\",\n    \"@type\": \"WebPage\",\n    \"name\": \"Cr\u00e9er un coin de r\u00e9miniscence dans une maison de retraite : conseils et id\u00e9es\",\n    \"url\": \"https:\/\/www.dynseo.com\/creer-un-coin-de-reminiscence-dans-une-maison-de-retraite-conseils-et-idees\/\",\n    \"description\": \"Guide Complet - \ud83d\udcc5 Publi\u00e9 en Avril 2026 \u23f1\ufe0f 15 min de lecture \ud83d\udc65 Professionnels EHPAD \u2b50 4.8\/5 (127 avis)\",\n    \"isPartOf\": {\n      \"@type\": \"WebSite\",\n      \"name\": \"DYNSEO\",\n      \"url\": \"https:\/\/www.dynseo.com\"\n    },\n    \"breadcrumb\": {\n      \"@type\": \"BreadcrumbList\",\n      \"itemListElement\": [\n        {\n          \"@type\": \"ListItem\",\n          \"position\": 1,\n          \"name\": \"Accueil\",\n          \"item\": \"https:\/\/www.dynseo.com\"\n        },\n        {\n          \"@type\": \"ListItem\",\n          \"position\": 2,\n          \"name\": \"Blog\",\n          \"item\": \"https:\/\/www.dynseo.com\/blog\/\"\n        },\n        {\n          \"@type\": \"ListItem\",\n          \"position\": 3,\n          \"name\": \"Cr\u00e9er un coin de r\u00e9miniscence dans une maison de retraite : conseils et id\u00e9es\",\n          \"item\": \"https:\/\/www.dynseo.com\/creer-un-coin-de-reminiscence-dans-une-maison-de-retraite-conseils-et-idees\/\"\n        }\n      ]\n    }\n  },\n  {\n    \"@context\": \"https:\/\/schema.org\",\n    \"@type\": \"FAQPage\",\n    \"mainEntity\": [\n      {\n        \"@type\": \"Question\",\n        \"name\": \"Quel budget pr\u00e9voir pour cr\u00e9er un coin de r\u00e9miniscence complet ?\",\n        \"acceptedAnswer\": {\n          \"@type\": \"Answer\",\n          \"text\": \"Le budget pour cr\u00e9er un coin de r\u00e9miniscence varie selon l'ampleur du projet. Pour un espace basique, comptez entre 500\u20ac et 1500\u20ac incluant mobilier vintage, objets d'\u00e9poque et d\u00e9coration. Pour un am\u00e9nagement plus complet avec \u00e9quipements technologiques et objets de collection authentiques, le budget peut atteindre 3000\u20ac \u00e0 5000\u20ac.\"\n        }\n      },\n      {\n        \"@type\": \"Question\",\n        \"name\": \"Comment adapter l'espace pour les r\u00e9sidents de diff\u00e9rentes g\u00e9n\u00e9rations ?\",\n        \"acceptedAnswer\": {\n          \"@type\": \"Answer\",\n          \"text\": \"Pour adapter l'espace aux diff\u00e9rentes g\u00e9n\u00e9rations, cr\u00e9ez plusieurs zones th\u00e9matiques : ann\u00e9es 1930-1940, 1950-1960, et 1970-1980. Variez les objets, musiques et d\u00e9corations selon les \u00e9poques. Proposez des activit\u00e9s modulables et encouragez les \u00e9changes interg\u00e9n\u00e9rationnels en organisant des s\u00e9ances de partage d'exp\u00e9riences.\"\n        }\n      },\n      {\n        \"@type\": \"Question\",\n        \"name\": \"Quelles pr\u00e9cautions prendre pour la s\u00e9curit\u00e9 des objets et des r\u00e9sidents ?\",\n        \"acceptedAnswer\": {\n          \"@type\": \"Answer\",\n          \"text\": \"S\u00e9curisez les objets fragiles dans des vitrines ou sur des \u00e9tag\u00e8res hautes. \u00c9vitez les objets avec des parties d\u00e9tachables dangereuses. Assurez-vous que l'\u00e9clairage soit suffisant et que les passages soient d\u00e9gag\u00e9s. Supervisez les s\u00e9ances et formez le personnel aux sp\u00e9cificit\u00e9s de la r\u00e9miniscence pour accompagner les r\u00e9sidents en cas d'\u00e9motions intenses.\"\n        }\n      }\n    ]\n  }\n]\n<\/script>\n<link rel=\"preconnect\" href=\"https:\/\/fonts.googleapis.com\">\n<section class=\"article-hero\">\n<div class=\"article-hero-inner\">\n<div class=\"container\">\n<div class=\"article-breadcrumb\">\n                    <a href=\"https:\/\/www.dynseo.com\/es\/\">Inicio<\/a> > <a href=\"https:\/\/www.dynseo.com\/blog\">Blog<\/a> > Coin de r\u00e9miniscence en Residencia de ancianos\n                <\/div>\n<div class=\"article-category\">Gu\u00eda Residencia de ancianos<\/div>\n<h1>Crear un <span class=\"hl\">Coin de R\u00e9miniscence<\/span> en una Casa de Retiro: Gu\u00eda Completa<\/h1>\n<div class=\"article-meta\">\n                    <span>\ud83d\udcc5 Publicado en Abril 2026<\/span><br \/>\n                    <span>\u23f1\ufe0f 15 min de lectura<\/span><br \/>\n                    <span>\ud83d\udc65 Profesionales Residencia de ancianos<\/span><br \/>\n                    <span>\u2b50 4.8\/5 (127 opiniones)<\/span>\n                <\/div>\n<\/p><\/div>\n<\/p><\/div>\n<div class=\"article-hero-curve\"><\/div>\n<\/section>\n<div class=\"article-body\">\n<div class=\"container\">\n<div class=\"intro-block\">\n                La reminiscencia terap\u00e9utica representa un enfoque fundamental en el acompa\u00f1amiento de las personas mayores, particularmente aquellas afectadas por trastornos cognitivos. Crear un espacio dedicado a esta pr\u00e1ctica dentro de una residencia de ancianos constituye una inversi\u00f3n valiosa para el bienestar de los residentes. Este entorno especialmente dise\u00f1ado favorece la estimulaci\u00f3n de la memoria, fomenta las interacciones sociales y contribuye significativamente a mantener la identidad personal de los mayores. Un rinc\u00f3n de reminiscencia bien acondicionado se convierte en un verdadero puente entre el pasado y el presente, ofreciendo a los residentes un espacio seguro donde pueden recuperar sus recuerdos y compartir su historia de vida. Este enfoque terap\u00e9utico no farmacol\u00f3gico resulta particularmente eficaz para reducir la ansiedad, mejorar la autoestima y favorecer la comunicaci\u00f3n en las personas mayores. La planificaci\u00f3n reflexiva de este espacio requiere una comprensi\u00f3n profunda de las necesidades espec\u00edficas de esta poblaci\u00f3n y una selecci\u00f3n cuidadosa de objetos y elementos desencadenantes de recuerdos.\n            <\/div>\n<div class=\"stats-grid\">\n<div class=\"stat-card\">\n                    <span class=\"number\">85%<\/span><br \/>\n                    <span class=\"label\">de las Residencias de ancianos utilizan la reminiscencia<\/span>\n                <\/div>\n<div class=\"stat-card\">\n                    <span class=\"number\">73%<\/span><br \/>\n                    <span class=\"label\">de mejora del estado de \u00e1nimo observada<\/span>\n                <\/div>\n<div class=\"stat-card\">\n                    <span class=\"number\">12-15<\/span><br \/>\n                    <span class=\"label\">objetos recomendados m\u00ednimo<\/span>\n                <\/div>\n<div class=\"stat-card\">\n                    <span class=\"number\">20m\u00b2<\/span><br \/>\n                    <span class=\"label\">superficie ideal para el espacio<\/span>\n                <\/div>\n<\/p><\/div>\n<h2>1. Comprender los Fundamentos de la Terapia de Reminiscencia<\/h2>\n<pee>La terapia de reminiscencia se basa en fundamentos cient\u00edficos s\u00f3lidos, aprovechando la capacidad natural del cerebro humano para conservar los recuerdos antiguos incluso cuando la memoria reciente est\u00e1 alterada. Este enfoque terap\u00e9utico reconoce que las experiencias pasadas constituyen la base de la identidad personal y que su evocaci\u00f3n puede tener efectos beneficiosos considerables sobre el bienestar psicol\u00f3gico y emocional de las personas mayores.<\/pee>\n<pee>Las investigaciones en neurociencias demuestran que los recuerdos autobiogr\u00e1ficos, particularmente aquellos relacionados con emociones positivas, a menudo se preservan incluso en las etapas avanzadas de la demencia. Esta particularidad neurol\u00f3gica explica por qu\u00e9 una persona afectada por Alzheimer puede no recordar lo que comi\u00f3 en el desayuno pero puede narrar con precisi\u00f3n eventos de su infancia o juventud. La explotaci\u00f3n de esta ventana mnesica constituye la esencia misma de la terapia de reminiscencia.<\/pee>\n<pee>La eficacia de este enfoque tambi\u00e9n se basa en el concepto de memoria procedimental, que abarca los automatismos y las habilidades adquiridas a lo largo de la vida. Los objetos familiares, los olores, las texturas y los sonidos pueden desencadenar respuestas autom\u00e1ticas y reavivar recuerdos enterrados, creando momentos de claridad y conexi\u00f3n con el pasado que resultan extremadamente valiosos para la persona mayor.<\/pee>\n<div class=\"key-points\">\n<h3>Beneficios Cient\u00edficamente Comprobados<\/h3>\n<ul>\n<li>Reducci\u00f3n significativa de la agitaci\u00f3n y de la ansiedad<\/li>\n<li>Mejora de la autoestima y del sentido de identidad<\/li>\n<li>Estimulaci\u00f3n de las funciones cognitivas preservadas<\/li>\n<li>Fortalecimiento de los lazos sociales y familiares<\/li>\n<li>Disminuci\u00f3n de los comportamientos de deambulaci\u00f3n y de agresividad<\/li>\n<\/ul><\/div>\n<div class=\"expert-box\">\n<div class=\"expert-box-label\">Experiencia DYNSEO<\/div>\n<div class=\"expert-box-title\">La Innovaci\u00f3n Digital al Servicio de la Reminiscencia<\/div>\n<div class=\"expert-inner\">\n<div class=\"expert-inner-title\">COCO PIENSA: Complementariedad Digital<\/div>\n<pee>La aplicaci\u00f3n <a href=\"https:\/\/www.dynseo.com\/es\/coco-piensa-y-coco-se-mueve-software-educativo\/\" style=\"color: var(--color-primary); font-weight: 600;\">COCO PIENSA<\/a> propone ejercicios de estimulaci\u00f3n cognitiva que pueden complementar perfectamente un rinc\u00f3n de reminiscencia f\u00edsica. Los juegos de memoria, los cuestionarios sobre \u00e9pocas pasadas y los ejercicios de asociaci\u00f3n de im\u00e1genes permiten prolongar el efecto beneficioso de la terapia de reminiscencia en un formato interactivo y personalizable.<\/pee>\n                <\/div>\n<\/p><\/div>\n<h2>2. Elegir la Ubicaci\u00f3n Ideal para el Espacio de Reminiscencia<\/h2>\n<pee>La selecci\u00f3n de la ubicaci\u00f3n constituye un paso crucial en la creaci\u00f3n de un rinc\u00f3n de reminiscencia eficaz. El espacio elegido debe cumplir con varios criterios fundamentales para garantizar su uso \u00f3ptimo y maximizar sus beneficios terap\u00e9uticos. La localizaci\u00f3n influye directamente en la accesibilidad, el confort y la atm\u00f3sfera general del espacio, factores determinantes para su \u00e9xito.<\/pee>\n<pee>La exposici\u00f3n natural a la luz representa un elemento esencial, ya que contribuye a crear un ambiente c\u00e1lido y acogedor, respetando los ritmos circadianos de los residentes. Una ubicaci\u00f3n que beneficie de una luminosidad natural suficiente, idealmente orientada al sur o sureste, favorece una atm\u00f3sfera positiva y energizante. Sin embargo, es conveniente prever sistemas de filtrado o de modulaci\u00f3n de la luz para evitar el deslumbramiento y adaptar la iluminaci\u00f3n a los diferentes momentos del d\u00eda.<\/pee>\n<pee>La accesibilidad para las personas con movilidad reducida constituye un imperativo ineludible. El espacio debe ser f\u00e1cilmente accesible en silla de ruedas, con pasajes suficientemente amplios y sin obst\u00e1culos arquitect\u00f3nicos. La proximidad de los ascensores, de los sanitarios adaptados y de los espacios de circulaci\u00f3n principales facilita el uso regular del espacio por todos los residentes, independientemente de su nivel de autonom\u00eda.<\/pee>\n<div class=\"conseil-card\">\n<h4>Consejo de Amueblamiento<\/h4>\n<pee>Priorice una ubicaci\u00f3n que ofrezca una vista al exterior, un jard\u00edn o un patio. Esta apertura visual al entorno natural refuerza el sentimiento de bienestar y puede servir como desencadenante de recuerdos relacionados con la naturaleza, las estaciones o las actividades al aire libre.<\/pee>\n            <\/div>\n<div class=\"tip-box\">\n<div class=\"tip-box-label\">Criterios de Localizaci\u00f3n<\/div>\n<pee>La ac\u00fastica del espacio merece una atenci\u00f3n particular. Un entorno demasiado ruidoso puede perturbar las sesiones de reminiscencia y dificultar los intercambios entre participantes. Busque un lugar suficientemente aislado de las zonas de paso intenso, manteni\u00e9ndose accesible e integrado en la vida del establecimiento.<\/pee>\n            <\/div>\n<h2>3. Definir el Tama\u00f1o y la Configuraci\u00f3n del Espacio<\/h2>\n<pee>La dimensi\u00f3n del espacio de reminiscencia debe ser cuidadosamente calculada para acoger c\u00f3modamente a un grupo de participantes, manteniendo al mismo tiempo una atm\u00f3sfera \u00edntima y segura. Un espacio demasiado amplio puede crear un sentimiento de aislamiento y diluir el efecto buscado, mientras que un espacio demasiado reducido puede generar una sensaci\u00f3n de opresi\u00f3n y limitar las posibilidades de disposici\u00f3n.<\/pee>\n<pee>La configuraci\u00f3n \u00f3ptima generalmente prev\u00e9 la acogida de 6 a 8 participantes simult\u00e1neamente, lo que corresponde a una superficie recomendada de 20 a 25 metros cuadrados. Esta dimensi\u00f3n permite organizar las asientos en c\u00edrculo o en semic\u00edrculo, favoreciendo los intercambios visuales y verbales entre todos los participantes. El espacio tambi\u00e9n debe integrar zonas de circulaci\u00f3n que permitan la intervenci\u00f3n de los acompa\u00f1antes y el acceso a los diferentes elementos de la disposici\u00f3n.<\/pee>\n<pee>La altura del techo influye en la ac\u00fastica y la sensaci\u00f3n de espacio. Una altura comprendida entre 2,50 y 3 metros ofrece un buen compromiso entre confort ac\u00fastico y sensaci\u00f3n de apertura. Techos demasiado bajos pueden crear una atm\u00f3sfera opresiva, particularmente problem\u00e1tica para las personas que sufren de ansiedad o claustrofobia.<\/pee>\n<div class=\"key-points\">\n<h3>Dimensiones y Zonas Funcionales<\/h3>\n<ul>\n<li>Zona de reuni\u00f3n central: 12-15 m\u00b2<\/li>\n<li>Espacios de presentaci\u00f3n de objetos: 4-6 m\u00b2<\/li>\n<li>Zona de circulaci\u00f3n y acompa\u00f1amiento: 4-5 m\u00b2<\/li>\n<li>Espacio de almacenamiento y organizaci\u00f3n: 2-3 m\u00b2<\/li>\n<li>Despejes de emergencia y accesibilidad: seg\u00fan normas<\/li>\n<\/ul><\/div>\n<h2>4. Seleccionar y Organizar los Objetos Desencadenantes<\/h2>\n<pee>La selecci\u00f3n de los objetos constituye el coraz\u00f3n de la disposici\u00f3n de un rinc\u00f3n de reminiscencia. Estos elementos tangibles sirven de catalizadores para la evocaci\u00f3n de recuerdos y deben ser elegidos con una atenci\u00f3n particular a las referencias culturales, generacionales y geogr\u00e1ficas de la poblaci\u00f3n acogida. La diversidad de los objetos permite tocar diferentes tipos de memorias sensoriales y autobiogr\u00e1ficas.<\/pee>\n<pee>Los objetos de la vida cotidiana de \u00e9poca revelan una importancia particular ya que evocan gestos familiares y h\u00e1bitos de vida. Los utensilios de cocina antiguos, las herramientas de bricolaje tradicionales, los objetos de tocador vintage o los accesorios de vestir de \u00e9poca transportan inmediatamente a los participantes a su universo familiar de anta\u00f1o. Estos objetos deben ser aut\u00e9nticos en la medida de lo posible, ya que los detalles de fabricaci\u00f3n, los materiales y los acabados son parte integral del proceso de reconocimiento y evocaci\u00f3n.<\/pee>\n<pee>La organizaci\u00f3n espacial de los objetos debe favorecer la manipulaci\u00f3n y la exploraci\u00f3n t\u00e1ctil. Las vitrinas cerradas limitan la interacci\u00f3n y reducen la eficacia terap\u00e9utica. Privilegie exhibidores abiertos, estanter\u00edas accesibles y espacios que permitan la manipulaci\u00f3n segura de los objetos. La rotaci\u00f3n regular de los elementos expuestos mantiene el inter\u00e9s y permite adaptar el espacio a las estaciones, a los eventos o a tem\u00e1ticas espec\u00edficas.<\/pee>\n<div class=\"expert-box\">\n<div class=\"expert-box-label\">Colecciones Recomendadas<\/div>\n<div class=\"expert-box-title\">Objetos Imprescindibles por Categor\u00edas<\/div>\n<div class=\"expert-inner\">\n<div class=\"expert-inner-title\">Cocina y Alimentaci\u00f3n<\/div>\n<pee>Molinillo de caf\u00e9 manual, balanza Roberval, cacerolas de hierro esmaltadas, tarros de mermelada antiguos, batidores de mano, tablas de cortar envejecidas, cajas de especias vintage, sacacorchos de \u00e9poca, escurridor de ensalada manual.<\/pee>\n<div class=\"expert-inner-title\">Moda y Belleza<\/div>\n<pee>Polveras, barras de labios en sus estuches, perfumes en frascos antiguos, bisuter\u00eda, accesorios para el cabello, guantes de tela, pa\u00f1uelos bordados, abanicos, peines y cepillos decorativos.<\/pee>\n<div class=\"expert-inner-title\">Ocio y Cultura<\/div>\n<pee>Juegos de cartas usados, domin\u00f3s de baquelita, libros con cubiertas familiares, revistas de \u00e9poca, postales, sellos, instrumentos musicales simples, material de costura.<\/pee>\n                <\/div>\n<\/p><\/div>\n<h2>5. Integrar los Elementos Sensoriales y Atmosf\u00e9ricos<\/h2>\n<pee>La dimensi\u00f3n sensorial de un rinc\u00f3n de reminiscencia va m\u00e1s all\u00e1 de los objetos visuales y t\u00e1ctiles. La olfacci\u00f3n, a menudo descuidada, representa uno de los sentidos m\u00e1s poderosos para desencadenar recuerdos autobiogr\u00e1ficos. Los olores tienen la capacidad \u00fanica de provocar reminiscencias espont\u00e1neas y cargadas emocionalmente, transportando instant\u00e1neamente a la persona a contextos espec\u00edficos de su pasado.<\/pee>\n<pee>La integraci\u00f3n de elementos olfativos debe ser sutil y natural. Los saquitos de lavanda, las virutas de madera de cedro, las especias en peque\u00f1os recipientes, o los jabones de \u00e9poca pueden disponerse estrat\u00e9gicamente en el espacio. Se debe evitar los perfumes artificiales o demasiado intensos que podr\u00edan incomodar a algunos residentes o enmascarar los olores naturales de los objetos aut\u00e9nticos.<\/pee>\n<pee>La ambientaci\u00f3n sonora contribuye significativamente a la inmersi\u00f3n temporal. Un sistema de audio discreto puede difundir m\u00fasicas de \u00e9poca, canciones populares de d\u00e9cadas pasadas o sonidos ambientales evocadores como el tic-tac de un reloj antiguo, el crepitar de un fuego de chimenea o los ruidos de la naturaleza. El volumen debe ser moderado para permitir las conversaciones y los intercambios verbales que constituyen la esencia misma de las sesiones de reminiscencia.<\/pee>\n<div class=\"tip-box\">\n<div class=\"tip-box-label\">Estrategias Sensoriales<\/div>\n<pee>Creen \u00abestaciones sensoriales\u00bb tem\u00e1ticas: un rinc\u00f3n de cocina con especias para oler, un espacio de jard\u00edn con plantas arom\u00e1ticas, una zona de lectura con el aroma del papel antiguo. Esta organizaci\u00f3n permite una exploraci\u00f3n progresiva y variada del entorno sensorial.<\/pee>\n            <\/div>\n<div class=\"conseil-card\">\n<h4>Texturas y Materiales<\/h4>\n<pee>Var\u00eda las texturas disponibles: tejidos suaves y rugosos, metales lisos y patinados, madera en bruto y barnizada, cer\u00e1micas esmaltadas. Esta diversidad t\u00e1ctil estimula los receptores sensoriales y puede desencadenar recuerdos relacionados con las sensaciones f\u00edsicas del pasado.<\/pee>\n            <\/div>\n<h2>6. Organizar la Iluminaci\u00f3n y la Ambientaci\u00f3n Visual<\/h2>\n<pee>La iluminaci\u00f3n de un rinc\u00f3n de reminiscencia requiere un enfoque sofisticado, combinando consideraciones pr\u00e1cticas y atmosf\u00e9ricas. La calidad de la luz influye directamente en el estado de \u00e1nimo, la percepci\u00f3n de los objetos y la capacidad de concentraci\u00f3n de los participantes. Una iluminaci\u00f3n inadecuada puede crear zonas de sombra generadoras de inquietud o reflejos perturbadores para las personas mayores.<\/pee>\n<pee>La combinaci\u00f3n de varias fuentes de luz permite crear un entorno modulable y adaptativo. La iluminaci\u00f3n general asegura una visibilidad suficiente para la seguridad y los desplazamientos, mientras que la iluminaci\u00f3n de acentuaci\u00f3n resalta los objetos y crea puntos focales atractivos. Las iluminaciones de ambiente, m\u00e1s suaves y c\u00e1lidas, contribuyen a instaurar una atm\u00f3sfera relajada y acogedora.<\/pee>\n<pee>Las temperaturas de color deben ser elegidas con cuidado. Una luz demasiado fr\u00eda puede crear una atm\u00f3sfera cl\u00ednica poco propicia para los intercambios emocionales, mientras que una luz demasiado c\u00e1lida puede alterar la percepci\u00f3n de los colores de los objetos. Una temperatura de color comprendida entre 2700K y 3000K ofrece un buen compromiso entre confort visual y fidelidad colorim\u00e9trica.<\/pee>\n<div class=\"key-points\">\n<h3>Soluciones de Iluminaci\u00f3n Recomendadas<\/h3>\n<ul>\n<li>Iluminaci\u00f3n general: plafones LED regulables<\/li>\n<li>Iluminaci\u00f3n de acentuaci\u00f3n: focos orientables sobre rieles<\/li>\n<li>Iluminaci\u00f3n ambiental: l\u00e1mparas de mesa y apliques de pared<\/li>\n<li>Iluminaci\u00f3n natural: persianas o cortinas modulares<\/li>\n<li>Iluminaci\u00f3n de seguridad: se\u00f1alizaci\u00f3n de las zonas de circulaci\u00f3n<\/li>\n<\/ul><\/div>\n<h2>7. Organizar el Espacio de Circulaci\u00f3n y la Accesibilidad<\/h2>\n<pee>La organizaci\u00f3n del espacio de circulaci\u00f3n constituye un aspecto crucial a menudo subestimado en la disposici\u00f3n de un rinc\u00f3n de reminiscencia. La fluidez de los desplazamientos condiciona no solo la seguridad de los usuarios sino tambi\u00e9n su sensaci\u00f3n de confort y autonom\u00eda. Una circulaci\u00f3n mal pensada puede generar ansiedad, particularmente en las personas que sufren de trastornos cognitivos que necesitan referencias claras y caminos intuitivos.<\/pee>\n<pee>Los pasajes deben respetar las normas de accesibilidad vigentes, con un ancho m\u00ednimo de 1,40 metros para permitir el cruce de dos sillas de ruedas. Los \u00e1ngulos de los muebles deben ser redondeados o protegidos para evitar lesiones en caso de ca\u00edda o contacto accidental. El revestimiento del suelo debe ser antideslizante, uniforme y sin resalto, a la vez que c\u00f3modo para caminar y silencioso para preservar la atm\u00f3sfera ac\u00fastica.<\/pee>\n<pee>La se\u00f1alizaci\u00f3n visual y t\u00e1ctil ayuda a la orientaci\u00f3n y tranquiliza a los usuarios. Marcas en el suelo discretas, cambios de textura o color pueden delimitar las diferentes zonas sin crear barreras visuales. La iluminaci\u00f3n de circulaci\u00f3n, especialmente cerca del suelo, asegura los desplazamientos por la noche o con poca luz natural.<\/pee>\n<div class=\"expert-box\">\n<div class=\"expert-box-label\">Innovaci\u00f3n DYNSEO<\/div>\n<div class=\"expert-box-title\">Movilidad y Estimulaci\u00f3n Cognitiva<\/div>\n<div class=\"expert-inner\">\n<div class=\"expert-inner-title\">COCO SE MUEVE : Actividad F\u00edsica Adaptada<\/div>\n<pee>Integra en tu espacio momentos de actividad f\u00edsica suave con <a href=\"https:\/\/www.dynseo.com\/es\/coco-piensa-y-coco-se-mueve-software-educativo\/\" style=\"color: var(--color-primary); font-weight: 600;\">COCO SE MUEVE<\/a>. Estos ejercicios pueden servir de transici\u00f3n entre las sesiones de reminiscencia sentados y de pie, manteniendo el compromiso corporal y cognitivo de los participantes.<\/pee>\n                <\/div>\n<\/p><\/div>\n<h2>8. Seleccionar el Mobiliario Adaptado y C\u00f3modo<\/h2>\n<pee>La elecci\u00f3n del mobiliario condiciona en gran medida el \u00e9xito de las sesiones de reminiscencia. Los asientos deben combinar comodidad, seguridad y funcionalidad, teniendo en cuenta las especificidades fisiol\u00f3gicas de las personas mayores. Los sillones y sillas seleccionados deben ofrecer un soporte lumbar adecuado, reposabrazos que faciliten las transferencias y una altura de asiento adaptada a las dificultades articulares.<\/pee>\n<pee>La modularidad del mobiliario permite adaptar la configuraci\u00f3n del espacio seg\u00fan las actividades programadas y el n\u00famero de participantes. Asientos ligeros pero estables, f\u00e1ciles de mover por el personal, ofrecen esta flexibilidad necesaria. Los materiales elegidos deben ser f\u00e1cilmente limpiables y resistentes al desgaste, manteniendo un aspecto c\u00e1lido y dom\u00e9stico en lugar de institucional.<\/pee>\n<pee>Las superficies de presentaci\u00f3n y manipulaci\u00f3n de los objetos requieren una atenci\u00f3n particular. Mesas, consolas y expositores deben estar a alturas variadas para adaptarse a las diferentes posiciones de los usuarios, ya sea en silla de ruedas, sentados o de pie. Los \u00e1ngulos redondeados y las superficies anti-reflejos mejoran la seguridad y el confort de uso.<\/pee>\n<div class=\"tip-box\">\n<div class=\"tip-box-label\">Criterios de Selecci\u00f3n<\/div>\n<pee>Prioriza los materiales naturales como la madera maciza para las mesas y estanter\u00edas, y los tejidos de fibras naturales para los asientos. Estos materiales envejecen bien, son agradables al tacto y se inscriben en la autenticidad buscada para el espacio de reminiscencia.<\/pee>\n            <\/div>\n<h2>9. Crear Zonas Tem\u00e1ticas Especializadas<\/h2>\n<pee>La organizaci\u00f3n del espacio en zonas tem\u00e1ticas permite un enfoque estructurado y progresivo de la reminiscencia. Cada zona puede estar dedicada a un per\u00edodo hist\u00f3rico, una actividad profesional, un pasatiempo o un aspecto de la vida dom\u00e9stica. Esta organizaci\u00f3n facilita la animaci\u00f3n de las sesiones y permite a los participantes concentrarse en tem\u00e1ticas espec\u00edficas seg\u00fan sus intereses y experiencias personales.<\/pee>\n<pee>La zona \u00abcocina de anta\u00f1o\u00bb puede agrupar los utensilios culinarios, los recipientes alimentarios y los objetos relacionados con la preparaci\u00f3n de las comidas. Esta tem\u00e1tica, universalmente compartida, evoca a menudo recuerdos familiares cargados de emoci\u00f3n. Los olores de especias, la textura de los utensilios de madera o hierro fundido, y los gestos asociados a la cocina tradicional constituyen desencadenantes particularmente efectivos.<\/pee>\n<pee>La zona \u00aboficios y saberes\u00bb presenta las herramientas y objetos relacionados con las actividades profesionales de \u00e9poca. Este enfoque valora la experiencia pasada de los residentes y les permite compartir sus habilidades y experiencias laborales. Las herramientas de carpinter\u00eda, los accesorios de costura, los instrumentos de escritura o los objetos relacionados con la agricultura evocan amplios aspectos de la vida activa de los participantes.<\/pee>\n<div class=\"conseil-card\">\n<h4>Zona Infancia y Escuela<\/h4>\n<pee>Crea un espacio dedicado a los recuerdos de la infancia con juguetes antiguos, material escolar de \u00e9poca, libros para ni\u00f1os y juegos tradicionales. Esta zona a menudo evoca recuerdos particularmente v\u00edvidos y emocionalmente ricos, favoreciendo los relatos autobiogr\u00e1ficos espont\u00e1neos.<\/pee>\n            <\/div>\n<h2>10. Integrar las Tecnolog\u00edas Digitales Apropiadas<\/h2>\n<pee>La integraci\u00f3n razonada de tecnolog\u00edas digitales puede enriquecer considerablemente la experiencia de reminiscencia sin desnaturalizar su esencia. Las herramientas digitales, cuando son elegidas y utilizadas con discernimiento, se convierten en soportes complementarios a los objetos f\u00edsicos, ofreciendo posibilidades de exploraci\u00f3n e interacci\u00f3n ampliadas.<\/pee>\n<pee>Las tabletas t\u00e1ctiles pueden presentar fotograf\u00edas de \u00e9poca, videos hist\u00f3ricos o testimonios sonoros que contextualizan los objetos expuestos. La interfaz debe ser simplificada e intuitiva, adaptada a las capacidades cognitivas y motoras de los usuarios. La tecnolog\u00eda debe permanecer transparente y nunca constituir un obst\u00e1culo para el uso del espacio.<\/pee>\n<pee>Los sistemas de proyecci\u00f3n discretos pueden transformar temporalmente la atm\u00f3sfera del espacio, mostrando paisajes de \u00e9poca, escenas de calle hist\u00f3ricas o ambientes estacionales. Esta inmersi\u00f3n visual, utilizada con moderaci\u00f3n, puede reforzar el efecto de los objetos f\u00edsicos y crear contextos narrativos estimulantes para la memoria autobiogr\u00e1fica.<\/pee>\n<div class=\"expert-box\">\n<div class=\"expert-box-label\">Soluci\u00f3n DYNSEO<\/div>\n<div class=\"expert-box-title\">COCO PIENSA y la Reminiscencia Digital<\/div>\n<div class=\"expert-inner\">\n<div class=\"expert-inner-title\">Complementariedad F\u00edsica-Digital<\/div>\n<pee><a href=\"https:\/\/www.dynseo.com\/es\/coco-piensa-y-coco-se-mueve-software-educativo\/\" style=\"color: var(--color-primary); font-weight: 600;\">COCO PIENSA<\/a> ofrece m\u00f3dulos especialmente dise\u00f1ados para la reminiscencia: cuestionarios sobre las \u00e9pocas, reconocimiento de objetos antiguos, asociaciones de im\u00e1genes hist\u00f3ricas. Estos ejercicios pueden prolongar y profundizar el trabajo realizado en el espacio f\u00edsico.<\/pee>\n                <\/div>\n<\/p><\/div>\n<h2>11. Planificar las Actividades y Animaciones<\/h2>\n<pee>La programaci\u00f3n de actividades en un rinc\u00f3n de reminiscencia requiere un enfoque met\u00f3dico y personalizado. Las sesiones deben adaptarse a los ritmos biol\u00f3gicos de los participantes, a sus capacidades cognitivas y a sus preferencias individuales. Una planificaci\u00f3n flexible permite proponer actividades variadas mientras se mantiene una cierta regularidad tranquilizadora para las personas con trastornos cognitivos.<\/pee>\n<pee>Las sesiones tem\u00e1ticas constituyen un enfoque estructurante eficaz. Pueden organizarse en torno a las estaciones, las fiestas tradicionales, los eventos hist\u00f3ricos o las etapas de la vida. Este enfoque temporal ayuda a mantener los puntos de referencia cronol\u00f3gicos y favorece la evocaci\u00f3n de recuerdos espec\u00edficos relacionados con los contextos mencionados.<\/pee>\n<pee>La alternancia entre actividades individuales y colectivas permite responder a las diferentes necesidades y personalidades de los residentes. Algunas personas se desarrollan en los intercambios grupales, mientras que otras prefieren un enfoque m\u00e1s intimista. La flexibilidad del dise\u00f1o debe permitir estos dos enfoques sin requerir una reorganizaci\u00f3n mayor del espacio.<\/pee>\n<div class=\"key-points\">\n<h3>Tipos de Actividades Recomendadas<\/h3>\n<ul>\n<li>Sesiones de manipulaci\u00f3n libre de objetos<\/li>\n<li>Talleres de cocina con utensilios de \u00e9poca<\/li>\n<li>Relatos de vida guiados por tem\u00e1ticas<\/li>\n<li>Escucha musical participativa<\/li>\n<li>Reconstituci\u00f3n de gestos profesionales<\/li>\n<li>Evocaci\u00f3n de recetas tradicionales<\/li>\n<li>Compartir fotograf\u00edas personales<\/li>\n<\/ul><\/div>\n<h2>12. Formar y Acompa\u00f1ar al Personal<\/h2>\n<pee>El \u00e9xito de un rinc\u00f3n de reminiscencia depende en gran medida de la calidad del acompa\u00f1amiento propuesto por el personal del establecimiento. La formaci\u00f3n de los equipos constituye, por lo tanto, una inversi\u00f3n indispensable para maximizar los beneficios terap\u00e9uticos del espacio acondicionado. Esta formaci\u00f3n debe cubrir los aspectos te\u00f3ricos de la reminiscencia, las t\u00e9cnicas de animaci\u00f3n y las especificidades del acompa\u00f1amiento de las personas mayores.<\/pee>\n<pee>Las t\u00e9cnicas de comunicaci\u00f3n adaptadas representan un aspecto esencial de esta formaci\u00f3n. El personal debe aprender a hacer preguntas abiertas que fomenten la evocaci\u00f3n espont\u00e1nea, a escuchar activamente los relatos de los residentes y a valorar sus recuerdos sin juicio. El arte de reanudar una conversaci\u00f3n, de gestionar las emociones a veces intensas y de crear un clima de confianza se adquiere mediante la pr\u00e1ctica guiada y la reflexi\u00f3n sobre las experiencias vividas.<\/pee>\n<pee>El conocimiento de las referencias culturales e hist\u00f3ricas de las generaciones acogidas enriquece considerablemente las interacciones. El personal formado puede contextualizar los objetos, aportar precisiones hist\u00f3ricas y crear v\u00ednculos entre las experiencias individuales y la historia colectiva. Esta cultura general se convierte en una herramienta valiosa para estimular los intercambios y valorar los testimonios de los residentes.<\/pee>\n<div class=\"tip-box\">\n<div class=\"tip-box-label\">Programa de Formaci\u00f3n<\/div>\n<pee>Organiza sesiones de formaci\u00f3n pr\u00e1ctica donde el personal manipule los objetos, experimente las actividades y desarrolle su propia relaci\u00f3n con los elementos del espacio. Este enfoque experiencial mejora su capacidad para guiar a los residentes y anticipar las reacciones posibles.<\/pee>\n            <\/div>\n<div class=\"conseil-card\">\n<h4>Supervisi\u00f3n y Evaluaci\u00f3n<\/h4>\n<pee>Establece un sistema de supervisi\u00f3n regular y de evaluaci\u00f3n de las pr\u00e1cticas. Los retornos de experiencia, los an\u00e1lisis de casos y los ajustes continuos del enfoque garantizan un aumento progresivo de competencias y una mejora constante de la calidad de las intervenciones.<\/pee>\n            <\/div>\n<div class=\"faq-list\">\n<h2>Preguntas Frecuentes sobre los Rincones de Reminiscencia<\/h2>\n<div class=\"faq-item\">\n<div class=\"faq-q\">\n                        <span>\u00bfQu\u00e9 presupuesto prever para crear un rinc\u00f3n de reminiscencia completo?<\/span><br \/>\n                        <span class=\"faq-icon\">+<\/span>\n                    <\/div>\n<div class=\"faq-a\">\n                        <pee>El presupuesto var\u00eda considerablemente seg\u00fan la magnitud del proyecto. Para un espacio b\u00e1sico de 20m\u00b2, cuente entre 3,000 y 5,000 euros incluyendo el mobiliario, los objetos de \u00e9poca y la disposici\u00f3n. Un proyecto m\u00e1s ambicioso con tecnolog\u00edas integradas puede alcanzar de 10,000 a 15,000 euros. Los objetos aut\u00e9nticos pueden ser recuperados a trav\u00e9s de donaciones de familias o asociaciones locales, reduciendo significativamente los costos.<\/pee>\n                    <\/div>\n<\/p><\/div>\n<div class=\"faq-item\">\n<div class=\"faq-q\">\n                        <span>\u00bfC\u00f3mo adaptar el espacio para los residentes de diferentes generaciones?<\/span><br \/>\n                        <span class=\"faq-icon\">+<\/span>\n                    <\/div>\n<div class=\"faq-a\">\n                        <pee>Cre\u00e9 espacios secundarios correspondientes a las diferentes \u00e9pocas representadas en su establecimiento. Los a\u00f1os 1940-1950 para los mayores, los a\u00f1os 1960-1970 para la siguiente generaci\u00f3n. Utilice un sistema de rotaci\u00f3n de objetos para adaptar el espacio seg\u00fan los grupos de participantes. La modularidad de la disposici\u00f3n permite esta flexibilidad esencial.<\/pee>\n                    <\/div>\n<\/p><\/div>\n<div class=\"faq-item\">\n<div class=\"faq-q\">\n                        <span>\u00bfQu\u00e9 precauciones tomar para la seguridad de los objetos y de los residentes?<\/span><br \/>\n                        <span class=\"faq-icon\">+<\/span>\n                    <\/div>\n<div class=\"faq-a\">\n                        <pee>Evite objetos cortantes, quebradizos o t\u00f3xicos. Fije firmemente los elementos pesados y verifique regularmente el estado de los objetos manipulados. Instale un sistema de vigilancia discreta y forme al personal en primeros auxilios. Prevea duplicados para los objetos m\u00e1s fr\u00e1giles y establezca reglas claras de uso.<\/pee>\n                    <\/div>\n<\/p><\/div>\n<div class=\"faq-item\">\n<div class=\"faq-q\">\n                        <span>\u00bfC\u00f3mo medir la eficacia terap\u00e9utica del espacio de reminiscencia?<\/span><br \/>\n                        <span class=\"faq-icon\">+<\/span>\n                    <\/div>\n<div class=\"faq-a\">\n                        <pee>Utilice cuadr\u00edculas de observaci\u00f3n estandarizadas para evaluar el estado de \u00e1nimo, la participaci\u00f3n y las interacciones sociales de los residentes. Documente las mejoras conductuales, la reducci\u00f3n de los trastornos psico-comportamentales y el aumento de la comunicaci\u00f3n. Los testimonios de las familias tambi\u00e9n constituyen indicadores valiosos del impacto positivo de estas actividades.<\/pee>\n                    <\/div>\n<\/p><\/div>\n<div class=\"faq-item\">\n<div class=\"faq-q\">\n                        <span>\u00bfQu\u00e9 frecuencia de uso recomendar para maximizar los beneficios?<\/span><br \/>\n                        <span class=\"faq-icon\">+<\/span>\n                    <\/div>\n<div class=\"faq-a\">\n                        <pee>Las sesiones de 45 minutos a 1 hora, 2 a 3 veces por semana, ofrecen un buen equilibrio entre estimulaci\u00f3n y fatiga. El espacio tambi\u00e9n puede estar accesible en libre acceso para momentos individuales o visitas familiares. Adapte la frecuencia seg\u00fan las capacidades individuales y observe los signos de fatiga o sobreexcitaci\u00f3n que indicar\u00edan la necesidad de ajuste.<\/pee>\n                    <\/div>\n<\/p><\/div>\n<\/p><\/div>\n<div class=\"cta-box\">\n<h3>Enriquezca Su Enfoque Terap\u00e9utico<\/h3>\n<pee>Complete su rinc\u00f3n de reminiscencia con herramientas digitales adecuadas. COCO PIENSA y COCO SE MUEVE propone ejercicios de estimulaci\u00f3n cognitiva que prolongan los beneficios de la terapia de reminiscencia.<\/pee>\n<div class=\"cta-buttons\">\n                    <a href=\"https:\/\/www.dynseo.com\/es\/coco-piensa-y-coco-se-mueve-software-educativo\/\" class=\"btn-white\">Descubrir COCO PIENSA<\/a><br \/>\n                    <a href=\"#\" class=\"btn-outline\">Gu\u00eda Completa PDF<\/a>\n                <\/div>\n<\/p><\/div>\n<div class=\"article-tags\">\n                <a href=\"#\" class=\"article-tag\">Reminiscencia<\/a><br \/>\n                <a href=\"#\" class=\"article-tag\">Residencia de ancianos<\/a><br \/>\n                <a href=\"#\" class=\"article-tag\">Estimulaci\u00f3n Cognitiva<\/a><br \/>\n                <a href=\"#\" class=\"article-tag\">Amueblamiento<\/a><br \/>\n                <a href=\"#\" class=\"article-tag\">Terapia No Farmacol\u00f3gica<\/a><br \/>\n                <a href=\"#\" class=\"article-tag\">Personas Mayores<\/a><br \/>\n                <a href=\"#\" class=\"article-tag\">Animaci\u00f3n<\/a><br \/>\n                <a href=\"#\" class=\"article-tag\">Memoria<\/a>\n            <\/div>\n<\/p><\/div>\n<\/p><\/div>\n<p>[\/et_pb_code][\/et_pb_column][\/et_pb_row][\/et_pb_section]<\/p>\n","protected":false},"excerpt":{"rendered":"","protected":false},"author":4,"featured_media":332551,"comment_status":"closed","ping_status":"closed","sticky":false,"template":"","format":"standard","meta":{"_et_pb_use_builder":"on","_et_pb_old_content":"[et_pb_section fb_built=\"1\" _builder_version=\"4.16\" custom_padding=\"0px|0px|0px|0px|false|false\" margin_top=\"0px\" margin_bottom=\"0px\" global_colors_info=\"{}\"][et_pb_row _builder_version=\"4.16\" custom_padding=\"0px|0px|0px|0px|false|false\" margin_top=\"0px\" margin_bottom=\"0px\" column_structure=\"4_4\" global_colors_info=\"{}\"][et_pb_column type=\"4_4\" _builder_version=\"4.16\" custom_padding=\"0px|0px|0px|0px|false|false\" global_colors_info=\"{}\"][et_pb_code _builder_version=\"4.16\" custom_padding=\"0px|0px|0px|0px|false|false\" global_colors_info=\"{}\"]<style>\n        :root {\n            --color-primary: #5e5ed7;\n            --color-primary-dark: #5268c9;\n            --color-secondary: #a9e2e4;\n            --color-accent: #ffeca7;\n            --color-highlight: #e73469;\n            --font-title: 'Montserrat', sans-serif;\n            --font-body: 'Poppins', sans-serif;\n        }\n\n        * {\n            margin: 0;\n            padding: 0;\n            box-sizing: border-box;\n        }\n\n        body {\n            font-family: var(--font-body);\n            line-height: 1.6;\n            color: #333;\n        }\n\n        .container {\n            max-width: 1200px;\n            margin: 0 auto;\n            padding: 0 20px;\n        }\n\n        .article-hero {\n            background: linear-gradient(135deg, var(--color-primary) 0%, var(--color-primary-dark) 100%);\n            color: white;\n            padding: 60px 0 120px;\n            position: relative;\n            overflow: hidden;\n        }\n\n        .article-hero::before {\n            content: '';\n            position: absolute;\n            top: 0;\n            left: 0;\n            right: 0;\n            bottom: 0;\n            background: url('data:image\/svg+xml,<svg xmlns=\"http:\/\/www.w3.org\/2000\/svg\" viewBox=\"0 0 100 100\"><circle cx=\"20\" cy=\"20\" r=\"2\" fill=\"rgba(255,255,255,0.1)\"\/><circle cx=\"80\" cy=\"40\" r=\"1\" fill=\"rgba(255,255,255,0.1)\"\/><circle cx=\"40\" cy=\"80\" r=\"1.5\" fill=\"rgba(255,255,255,0.1)\"\/><\/svg>');\n        }\n\n        .article-hero-inner {\n            position: relative;\n            z-index: 2;\n        }\n\n        .article-breadcrumb {\n            font-size: 14px;\n            margin-bottom: 20px;\n            opacity: 0.9;\n        }\n\n        .article-breadcrumb a {\n            color: white;\n            text-decoration: none;\n        }\n\n        .article-category {\n            display: inline-block;\n            background: var(--color-highlight);\n            color: white;\n            padding: 8px 16px;\n            border-radius: 20px;\n            font-size: 14px;\n            font-weight: 600;\n            margin-bottom: 20px;\n        }\n\n        .article-hero h1 {\n            font-family: var(--font-title);\n            font-size: clamp(2rem, 5vw, 3.5rem);\n            font-weight: 700;\n            line-height: 1.2;\n            margin-bottom: 20px;\n        }\n\n        .hl {\n            color: var(--color-accent);\n        }\n\n        .article-meta {\n            display: flex;\n            gap: 30px;\n            margin-bottom: 30px;\n            font-size: 14px;\n            opacity: 0.9;\n            flex-wrap: wrap;\n        }\n\n        .article-hero-curve {\n            position: absolute;\n            bottom: -2px;\n            left: 0;\n            width: 100%;\n            height: 80px;\n            background: white;\n            clip-path: ellipse(100% 100% at 50% 100%);\n        }\n\n        .article-body {\n            padding: 80px 0;\n        }\n\n        .intro-block {\n            background: linear-gradient(135deg, #f8f9ff 0%, #ffffff 100%);\n            border-left: 5px solid var(--color-primary);\n            padding: 30px;\n            margin-bottom: 50px;\n            border-radius: 0 15px 15px 0;\n            font-size: 18px;\n            line-height: 1.7;\n        }\n\n        .stats-grid {\n            display: grid;\n            grid-template-columns: repeat(auto-fit, minmax(250px, 1fr));\n            gap: 30px;\n            margin-bottom: 60px;\n        }\n\n        .stat-card {\n            background: white;\n            padding: 30px;\n            border-radius: 15px;\n            text-align: center;\n            box-shadow: 0 10px 30px rgba(94, 94, 215, 0.1);\n            border: 2px solid transparent;\n            transition: all 0.3s ease;\n        }\n\n        .stat-card:hover {\n            transform: translateY(-5px);\n            border-color: var(--color-secondary);\n        }\n\n        .stat-card .number {\n            font-family: var(--font-title);\n            font-size: 3rem;\n            font-weight: 800;\n            color: var(--color-primary);\n            display: block;\n            margin-bottom: 10px;\n        }\n\n        .stat-card .label {\n            font-size: 16px;\n            color: #666;\n            font-weight: 500;\n        }\n\n        .article-body h2 {\n            font-family: var(--font-title);\n            font-size: 2.2rem;\n            font-weight: 700;\n            color: var(--color-primary);\n            margin: 60px 0 30px;\n            position: relative;\n            padding-left: 20px;\n        }\n\n        .article-body h2::before {\n            content: '';\n            position: absolute;\n            left: 0;\n            top: 0;\n            bottom: 0;\n            width: 5px;\n            background: linear-gradient(to bottom, var(--color-highlight), var(--color-secondary));\n            border-radius: 3px;\n        }\n\n        .article-body p {\n            margin-bottom: 20px;\n            font-size: 16px;\n            line-height: 1.8;\n        }\n\n        .conseil-card {\n            background: linear-gradient(135deg, var(--color-accent) 0%, #fff8e1 100%);\n            border: 1px solid #f4d03f;\n            border-radius: 15px;\n            padding: 25px;\n            margin: 30px 0;\n            position: relative;\n        }\n\n        .conseil-card::before {\n            content: '\ud83d\udca1';\n            position: absolute;\n            top: -15px;\n            left: 25px;\n            background: white;\n            padding: 10px;\n            border-radius: 50%;\n            font-size: 20px;\n        }\n\n        .key-points {\n            background: #f0f8ff;\n            border-radius: 15px;\n            padding: 30px;\n            margin: 30px 0;\n        }\n\n        .key-points h3 {\n            font-family: var(--font-title);\n            color: var(--color-primary);\n            font-size: 1.3rem;\n            margin-bottom: 20px;\n        }\n\n        .key-points ul {\n            list-style: none;\n            padding: 0;\n        }\n\n        .key-points li {\n            position: relative;\n            padding-left: 30px;\n            margin-bottom: 15px;\n            font-weight: 500;\n        }\n\n        .key-points li::before {\n            content: '\u2713';\n            position: absolute;\n            left: 0;\n            color: var(--color-highlight);\n            font-weight: bold;\n            font-size: 18px;\n        }\n\n        .tip-box {\n            background: linear-gradient(135deg, var(--color-secondary) 0%, #e1f7f8 100%);\n            border-radius: 15px;\n            padding: 25px;\n            margin: 30px 0;\n            border-left: 5px solid var(--color-primary);\n        }\n\n        .tip-box-label {\n            font-family: var(--font-title);\n            font-weight: 700;\n            color: var(--color-primary);\n            font-size: 1.1rem;\n            margin-bottom: 15px;\n            display: flex;\n            align-items: center;\n            gap: 10px;\n        }\n\n        .tip-box-label::before {\n            content: '\ud83c\udfaf';\n            font-size: 20px;\n        }\n\n        .expert-box {\n            background: white;\n            border: 2px solid var(--color-primary);\n            border-radius: 20px;\n            padding: 0;\n            margin: 40px 0;\n            overflow: hidden;\n            box-shadow: 0 15px 35px rgba(94, 94, 215, 0.1);\n        }\n\n        .expert-box-label {\n            background: var(--color-primary);\n            color: white;\n            padding: 15px 25px;\n            font-family: var(--font-title);\n            font-weight: 700;\n            font-size: 1.1rem;\n        }\n\n        .expert-box-title {\n            background: var(--color-primary);\n            color: white;\n            padding: 0 25px 15px;\n            font-family: var(--font-title);\n            font-weight: 600;\n            font-size: 1.3rem;\n        }\n\n        .expert-inner {\n            padding: 25px;\n        }\n\n        .expert-inner-title {\n            font-family: var(--font-title);\n            font-size: 1.2rem;\n            color: var(--color-primary);\n            margin-bottom: 15px;\n            font-weight: 600;\n        }\n\n        .faq-list {\n            background: #fafafa;\n            border-radius: 20px;\n            padding: 40px;\n            margin: 50px 0;\n        }\n\n        .faq-list h2 {\n            text-align: center;\n            margin-bottom: 40px;\n            margin-top: 0;\n        }\n\n        .faq-item {\n            border: 1px solid #e0e0e0;\n            border-radius: 10px;\n            margin-bottom: 15px;\n            overflow: hidden;\n            background: white;\n        }\n\n        .faq-q {\n            padding: 20px 25px;\n            cursor: pointer;\n            font-weight: 600;\n            color: var(--color-primary);\n            display: flex;\n            justify-content: space-between;\n            align-items: center;\n            transition: background-color 0.3s ease;\n        }\n\n        .faq-q:hover {\n            background-color: #f8f9ff;\n        }\n\n        .faq-icon {\n            font-size: 20px;\n            font-weight: bold;\n            transition: transform 0.3s ease;\n        }\n\n        .faq-item.open .faq-icon {\n            transform: rotate(45deg);\n        }\n\n        .faq-a {\n            padding: 0 25px;\n            max-height: 0;\n            overflow: hidden;\n            transition: all 0.3s ease;\n        }\n\n        .faq-item.open .faq-a {\n            max-height: 500px;\n            padding: 0 25px 25px;\n        }\n\n        .cta-box {\n            background: linear-gradient(135deg, var(--color-primary) 0%, var(--color-primary-dark) 100%);\n            color: white;\n            border-radius: 20px;\n            padding: 50px 40px;\n            text-align: center;\n            margin: 60px 0;\n        }\n\n        .cta-box h3 {\n            font-family: var(--font-title);\n            font-size: 2rem;\n            margin-bottom: 20px;\n        }\n\n        .cta-buttons {\n            display: flex;\n            gap: 20px;\n            justify-content: center;\n            flex-wrap: wrap;\n            margin-top: 30px;\n        }\n\n        .btn-white, .btn-outline {\n            padding: 15px 30px;\n            border-radius: 25px;\n            text-decoration: none;\n            font-weight: 600;\n            transition: all 0.3s ease;\n            border: 2px solid white;\n            display: inline-block;\n        }\n\n        .btn-white {\n            background: white;\n            color: var(--color-primary);\n        }\n\n        .btn-white:hover {\n            background: var(--color-accent);\n            transform: translateY(-2px);\n        }\n\n        .btn-outline {\n            background: transparent;\n            color: white;\n        }\n\n        .btn-outline:hover {\n            background: white;\n            color: var(--color-primary);\n        }\n\n        .article-tags {\n            display: flex;\n            gap: 15px;\n            flex-wrap: wrap;\n            margin-top: 50px;\n            padding-top: 30px;\n            border-top: 1px solid #eee;\n        }\n\n        .article-tag {\n            background: var(--color-secondary);\n            color: var(--color-primary);\n            padding: 8px 16px;\n            border-radius: 15px;\n            text-decoration: none;\n            font-size: 14px;\n            font-weight: 500;\n            transition: all 0.3s ease;\n        }\n\n        .article-tag:hover {\n            background: var(--color-primary);\n            color: white;\n            transform: translateY(-2px);\n        }\n\n        @media (max-width: 768px) {\n            .article-hero {\n                padding: 40px 0 80px;\n            }\n\n            .article-meta {\n                gap: 15px;\n            }\n\n            .stats-grid {\n                grid-template-columns: 1fr;\n                gap: 20px;\n            }\n\n            .cta-buttons {\n                flex-direction: column;\n                align-items: center;\n            }\n\n            .article-body h2 {\n                font-size: 1.8rem;\n            }\n        }\n    <\/style>\n<script>\n        document.querySelectorAll('.faq-q').forEach(function(button) {\n            button.addEventListener('click', function() {\n                button.closest('.faq-item').classList.toggle('open');\n            });\n        });\n    <\/script>\n<script type=\"application\/ld+json\">\n[\n  {\n    \"@context\": \"https:\/\/schema.org\",\n    \"@type\": \"Article\",\n    \"headline\": \"Cr\u00e9er un coin de r\u00e9miniscence dans une maison de retraite : conseils et id\u00e9es\",\n    \"description\": \"Guide Complet - \ud83d\udcc5 Publi\u00e9 en Avril 2026 \u23f1\ufe0f 15 min de lecture \ud83d\udc65 Professionnels EHPAD \u2b50 4.8\/5 (127 avis)\",\n    \"url\": \"https:\/\/www.dynseo.com\/creer-un-coin-de-reminiscence-dans-une-maison-de-retraite-conseils-et-idees\/\",\n    \"datePublished\": \"2026-04-07\",\n    \"dateModified\": \"2026-04-07\",\n    \"author\": {\n      \"@type\": \"Organization\",\n      \"name\": \"DYNSEO\",\n      \"url\": \"https:\/\/www.dynseo.com\"\n    },\n    \"publisher\": {\n      \"@type\": \"Organization\",\n      \"name\": \"DYNSEO\",\n      \"url\": \"https:\/\/www.dynseo.com\",\n      \"logo\": {\n        \"@type\": \"ImageObject\",\n        \"url\": \"https:\/\/www.dynseo.com\/wp-content\/uploads\/2020\/01\/dynseo-logo.png\"\n      }\n    },\n    \"image\": {\n      \"@type\": \"ImageObject\",\n      \"url\": \"https:\/\/www.dynseo.com\/wp-content\/uploads\/2026\/04\/coin-reminiscence-ehpad.jpg\",\n      \"width\": 1200,\n      \"height\": 630\n    },\n    \"aggregateRating\": {\n      \"@type\": \"AggregateRating\",\n      \"ratingValue\": \"4.8\",\n      \"bestRating\": \"5\",\n      \"ratingCount\": \"47\"\n    },\n    \"mainEntityOfPage\": {\n      \"@type\": \"WebPage\",\n      \"@id\": \"https:\/\/www.dynseo.com\/creer-un-coin-de-reminiscence-dans-une-maison-de-retraite-conseils-et-idees\/\"\n    }\n  },\n  {\n    \"@context\": \"https:\/\/schema.org\",\n    \"@type\": \"WebPage\",\n    \"name\": \"Cr\u00e9er un coin de r\u00e9miniscence dans une maison de retraite : conseils et id\u00e9es\",\n    \"url\": \"https:\/\/www.dynseo.com\/creer-un-coin-de-reminiscence-dans-une-maison-de-retraite-conseils-et-idees\/\",\n    \"description\": \"Guide Complet - \ud83d\udcc5 Publi\u00e9 en Avril 2026 \u23f1\ufe0f 15 min de lecture \ud83d\udc65 Professionnels EHPAD \u2b50 4.8\/5 (127 avis)\",\n    \"isPartOf\": {\n      \"@type\": \"WebSite\",\n      \"name\": \"DYNSEO\",\n      \"url\": \"https:\/\/www.dynseo.com\"\n    },\n    \"breadcrumb\": {\n      \"@type\": \"BreadcrumbList\",\n      \"itemListElement\": [\n        {\n          \"@type\": \"ListItem\",\n          \"position\": 1,\n          \"name\": \"Accueil\",\n          \"item\": \"https:\/\/www.dynseo.com\"\n        },\n        {\n          \"@type\": \"ListItem\",\n          \"position\": 2,\n          \"name\": \"Blog\",\n          \"item\": \"https:\/\/www.dynseo.com\/blog\/\"\n        },\n        {\n          \"@type\": \"ListItem\",\n          \"position\": 3,\n          \"name\": \"Cr\u00e9er un coin de r\u00e9miniscence dans une maison de retraite : conseils et id\u00e9es\",\n          \"item\": \"https:\/\/www.dynseo.com\/creer-un-coin-de-reminiscence-dans-une-maison-de-retraite-conseils-et-idees\/\"\n        }\n      ]\n    }\n  },\n  {\n    \"@context\": \"https:\/\/schema.org\",\n    \"@type\": \"FAQPage\",\n    \"mainEntity\": [\n      {\n        \"@type\": \"Question\",\n        \"name\": \"Quel budget pr\u00e9voir pour cr\u00e9er un coin de r\u00e9miniscence complet ?\",\n        \"acceptedAnswer\": {\n          \"@type\": \"Answer\",\n          \"text\": \"Le budget pour cr\u00e9er un coin de r\u00e9miniscence varie selon l'ampleur du projet. Pour un espace basique, comptez entre 500\u20ac et 1500\u20ac incluant mobilier vintage, objets d'\u00e9poque et d\u00e9coration. Pour un am\u00e9nagement plus complet avec \u00e9quipements technologiques et objets de collection authentiques, le budget peut atteindre 3000\u20ac \u00e0 5000\u20ac.\"\n        }\n      },\n      {\n        \"@type\": \"Question\",\n        \"name\": \"Comment adapter l'espace pour les r\u00e9sidents de diff\u00e9rentes g\u00e9n\u00e9rations ?\",\n        \"acceptedAnswer\": {\n          \"@type\": \"Answer\",\n          \"text\": \"Pour adapter l'espace aux diff\u00e9rentes g\u00e9n\u00e9rations, cr\u00e9ez plusieurs zones th\u00e9matiques : ann\u00e9es 1930-1940, 1950-1960, et 1970-1980. Variez les objets, musiques et d\u00e9corations selon les \u00e9poques. Proposez des activit\u00e9s modulables et encouragez les \u00e9changes interg\u00e9n\u00e9rationnels en organisant des s\u00e9ances de partage d'exp\u00e9riences.\"\n        }\n      },\n      {\n        \"@type\": \"Question\",\n        \"name\": \"Quelles pr\u00e9cautions prendre pour la s\u00e9curit\u00e9 des objets et des r\u00e9sidents ?\",\n        \"acceptedAnswer\": {\n          \"@type\": \"Answer\",\n          \"text\": \"S\u00e9curisez les objets fragiles dans des vitrines ou sur des \u00e9tag\u00e8res hautes. \u00c9vitez les objets avec des parties d\u00e9tachables dangereuses. Assurez-vous que l'\u00e9clairage soit suffisant et que les passages soient d\u00e9gag\u00e9s. Supervisez les s\u00e9ances et formez le personnel aux sp\u00e9cificit\u00e9s de la r\u00e9miniscence pour accompagner les r\u00e9sidents en cas d'\u00e9motions intenses.\"\n        }\n      }\n    ]\n  }\n]\n<\/script>\n<link rel=\"preconnect\" href=\"https:\/\/fonts.googleapis.com\">\n\n<section class=\"article-hero\">\n        <div class=\"article-hero-inner\">\n            <div class=\"container\">\n                <div class=\"article-breadcrumb\">\n                    <a href=\"https:\/\/www.dynseo.com\">Inicio<\/a> > <a href=\"https:\/\/www.dynseo.com\/blog\">Blog<\/a> > Coin de r\u00e9miniscence en Residencia de ancianos\n                <\/div>\n                \n                <div class=\"article-category\">Gu\u00eda Residencia de ancianos<\/div>\n                \n                <h1>Crear un <span class=\"hl\">Coin de R\u00e9miniscence<\/span> en una Casa de Retiro: Gu\u00eda Completa<\/h1>\n                \n                <div class=\"article-meta\">\n                    <span>\ud83d\udcc5 Publicado en Abril 2026<\/span>\n                    <span>\u23f1\ufe0f 15 min de lectura<\/span>\n                    <span>\ud83d\udc65 Profesionales Residencia de ancianos<\/span>\n                    <span>\u2b50 4.8\/5 (127 opiniones)<\/span>\n                <\/div>\n            <\/div>\n        <\/div>\n        <div class=\"article-hero-curve\"><\/div>\n    <\/section>\n\n    <div class=\"article-body\">\n        <div class=\"container\">\n<div class=\"intro-block\">\n                La reminiscencia terap\u00e9utica representa un enfoque fundamental en el acompa\u00f1amiento de las personas mayores, particularmente aquellas afectadas por trastornos cognitivos. Crear un espacio dedicado a esta pr\u00e1ctica dentro de una residencia de ancianos constituye una inversi\u00f3n valiosa para el bienestar de los residentes. Este entorno especialmente dise\u00f1ado favorece la estimulaci\u00f3n de la memoria, fomenta las interacciones sociales y contribuye significativamente a mantener la identidad personal de los mayores. Un rinc\u00f3n de reminiscencia bien acondicionado se convierte en un verdadero puente entre el pasado y el presente, ofreciendo a los residentes un espacio seguro donde pueden recuperar sus recuerdos y compartir su historia de vida. Este enfoque terap\u00e9utico no farmacol\u00f3gico resulta particularmente eficaz para reducir la ansiedad, mejorar la autoestima y favorecer la comunicaci\u00f3n en las personas mayores. La planificaci\u00f3n reflexiva de este espacio requiere una comprensi\u00f3n profunda de las necesidades espec\u00edficas de esta poblaci\u00f3n y una selecci\u00f3n cuidadosa de objetos y elementos desencadenantes de recuerdos.\n            <\/div>\n\n            <div class=\"stats-grid\">\n                <div class=\"stat-card\">\n                    <span class=\"number\">85%<\/span>\n                    <span class=\"label\">de las Residencias de ancianos utilizan la reminiscencia<\/span>\n                <\/div>\n                <div class=\"stat-card\">\n                    <span class=\"number\">73%<\/span>\n                    <span class=\"label\">de mejora del estado de \u00e1nimo observada<\/span>\n                <\/div>\n                <div class=\"stat-card\">\n                    <span class=\"number\">12-15<\/span>\n                    <span class=\"label\">objetos recomendados m\u00ednimo<\/span>\n                <\/div>\n                <div class=\"stat-card\">\n                    <span class=\"number\">20m\u00b2<\/span>\n                    <span class=\"label\">superficie ideal para el espacio<\/span>\n                <\/div>\n            <\/div>\n\n            <h2>1. Comprender los Fundamentos de la Terapia de Reminiscencia<\/h2>\n            \n            <p>La terapia de reminiscencia se basa en fundamentos cient\u00edficos s\u00f3lidos, aprovechando la capacidad natural del cerebro humano para conservar los recuerdos antiguos incluso cuando la memoria reciente est\u00e1 alterada. Este enfoque terap\u00e9utico reconoce que las experiencias pasadas constituyen la base de la identidad personal y que su evocaci\u00f3n puede tener efectos beneficiosos considerables sobre el bienestar psicol\u00f3gico y emocional de las personas mayores.<\/p>\n\n            <p>Las investigaciones en neurociencias demuestran que los recuerdos autobiogr\u00e1ficos, particularmente aquellos relacionados con emociones positivas, a menudo se preservan incluso en las etapas avanzadas de la demencia. Esta particularidad neurol\u00f3gica explica por qu\u00e9 una persona afectada por Alzheimer puede no recordar lo que comi\u00f3 en el desayuno pero puede narrar con precisi\u00f3n eventos de su infancia o juventud. La explotaci\u00f3n de esta ventana mnesica constituye la esencia misma de la terapia de reminiscencia.<\/p>\n\n            <p>La eficacia de este enfoque tambi\u00e9n se basa en el concepto de memoria procedimental, que abarca los automatismos y las habilidades adquiridas a lo largo de la vida. Los objetos familiares, los olores, las texturas y los sonidos pueden desencadenar respuestas autom\u00e1ticas y reavivar recuerdos enterrados, creando momentos de claridad y conexi\u00f3n con el pasado que resultan extremadamente valiosos para la persona mayor.<\/p>\n<div class=\"key-points\">\n                <h3>Beneficios Cient\u00edficamente Comprobados<\/h3>\n                <ul>\n                    <li>Reducci\u00f3n significativa de la agitaci\u00f3n y de la ansiedad<\/li>\n                    <li>Mejora de la autoestima y del sentido de identidad<\/li>\n                    <li>Estimulaci\u00f3n de las funciones cognitivas preservadas<\/li>\n                    <li>Fortalecimiento de los lazos sociales y familiares<\/li>\n                    <li>Disminuci\u00f3n de los comportamientos de deambulaci\u00f3n y de agresividad<\/li>\n                <\/ul>\n            <\/div>\n\n            <div class=\"expert-box\">\n                <div class=\"expert-box-label\">Experiencia DYNSEO<\/div>\n                <div class=\"expert-box-title\">La Innovaci\u00f3n Digital al Servicio de la Reminiscencia<\/div>\n                <div class=\"expert-inner\">\n                    <div class=\"expert-inner-title\">COCO PIENSA: Complementariedad Digital<\/div>\n                    <p>La aplicaci\u00f3n <a href=\"https:\/\/www.dynseo.com\/es\/coco-piensa-y-coco-se-mueve-software-educativo\/\" style=\"color: var(--color-primary); font-weight: 600;\">COCO PIENSA<\/a> propone ejercicios de estimulaci\u00f3n cognitiva que pueden complementar perfectamente un rinc\u00f3n de reminiscencia f\u00edsica. Los juegos de memoria, los cuestionarios sobre \u00e9pocas pasadas y los ejercicios de asociaci\u00f3n de im\u00e1genes permiten prolongar el efecto beneficioso de la terapia de reminiscencia en un formato interactivo y personalizable.<\/p>\n                <\/div>\n            <\/div>\n\n            <h2>2. Elegir la Ubicaci\u00f3n Ideal para el Espacio de Reminiscencia<\/h2>\n\n            <p>La selecci\u00f3n de la ubicaci\u00f3n constituye un paso crucial en la creaci\u00f3n de un rinc\u00f3n de reminiscencia eficaz. El espacio elegido debe cumplir con varios criterios fundamentales para garantizar su uso \u00f3ptimo y maximizar sus beneficios terap\u00e9uticos. La localizaci\u00f3n influye directamente en la accesibilidad, el confort y la atm\u00f3sfera general del espacio, factores determinantes para su \u00e9xito.<\/p>\n\n            <p>La exposici\u00f3n natural a la luz representa un elemento esencial, ya que contribuye a crear un ambiente c\u00e1lido y acogedor, respetando los ritmos circadianos de los residentes. Una ubicaci\u00f3n que beneficie de una luminosidad natural suficiente, idealmente orientada al sur o sureste, favorece una atm\u00f3sfera positiva y energizante. Sin embargo, es conveniente prever sistemas de filtrado o de modulaci\u00f3n de la luz para evitar el deslumbramiento y adaptar la iluminaci\u00f3n a los diferentes momentos del d\u00eda.<\/p>\n\n            <p>La accesibilidad para las personas con movilidad reducida constituye un imperativo ineludible. El espacio debe ser f\u00e1cilmente accesible en silla de ruedas, con pasajes suficientemente amplios y sin obst\u00e1culos arquitect\u00f3nicos. La proximidad de los ascensores, de los sanitarios adaptados y de los espacios de circulaci\u00f3n principales facilita el uso regular del espacio por todos los residentes, independientemente de su nivel de autonom\u00eda.<\/p>\n\n            <div class=\"conseil-card\">\n                <h4>Consejo de Amueblamiento<\/h4>\n                <p>Priorice una ubicaci\u00f3n que ofrezca una vista al exterior, un jard\u00edn o un patio. Esta apertura visual al entorno natural refuerza el sentimiento de bienestar y puede servir como desencadenante de recuerdos relacionados con la naturaleza, las estaciones o las actividades al aire libre.<\/p>\n            <\/div>\n\n            <div class=\"tip-box\">\n<div class=\"tip-box-label\">Criterios de Localizaci\u00f3n<\/div>\n                <p>La ac\u00fastica del espacio merece una atenci\u00f3n particular. Un entorno demasiado ruidoso puede perturbar las sesiones de reminiscencia y dificultar los intercambios entre participantes. Busque un lugar suficientemente aislado de las zonas de paso intenso, manteni\u00e9ndose accesible e integrado en la vida del establecimiento.<\/p>\n            <\/div>\n\n            <h2>3. Definir el Tama\u00f1o y la Configuraci\u00f3n del Espacio<\/h2>\n\n            <p>La dimensi\u00f3n del espacio de reminiscencia debe ser cuidadosamente calculada para acoger c\u00f3modamente a un grupo de participantes, manteniendo al mismo tiempo una atm\u00f3sfera \u00edntima y segura. Un espacio demasiado amplio puede crear un sentimiento de aislamiento y diluir el efecto buscado, mientras que un espacio demasiado reducido puede generar una sensaci\u00f3n de opresi\u00f3n y limitar las posibilidades de disposici\u00f3n.<\/p>\n\n            <p>La configuraci\u00f3n \u00f3ptima generalmente prev\u00e9 la acogida de 6 a 8 participantes simult\u00e1neamente, lo que corresponde a una superficie recomendada de 20 a 25 metros cuadrados. Esta dimensi\u00f3n permite organizar las asientos en c\u00edrculo o en semic\u00edrculo, favoreciendo los intercambios visuales y verbales entre todos los participantes. El espacio tambi\u00e9n debe integrar zonas de circulaci\u00f3n que permitan la intervenci\u00f3n de los acompa\u00f1antes y el acceso a los diferentes elementos de la disposici\u00f3n.<\/p>\n\n            <p>La altura del techo influye en la ac\u00fastica y la sensaci\u00f3n de espacio. Una altura comprendida entre 2,50 y 3 metros ofrece un buen compromiso entre confort ac\u00fastico y sensaci\u00f3n de apertura. Techos demasiado bajos pueden crear una atm\u00f3sfera opresiva, particularmente problem\u00e1tica para las personas que sufren de ansiedad o claustrofobia.<\/p>\n<div class=\"key-points\">\n                <h3>Dimensiones y Zonas Funcionales<\/h3>\n                <ul>\n                    <li>Zona de reuni\u00f3n central: 12-15 m\u00b2<\/li>\n                    <li>Espacios de presentaci\u00f3n de objetos: 4-6 m\u00b2<\/li>\n                    <li>Zona de circulaci\u00f3n y acompa\u00f1amiento: 4-5 m\u00b2<\/li>\n                    <li>Espacio de almacenamiento y organizaci\u00f3n: 2-3 m\u00b2<\/li>\n                    <li>Despejes de emergencia y accesibilidad: seg\u00fan normas<\/li>\n                <\/ul>\n            <\/div>\n\n            <h2>4. Seleccionar y Organizar los Objetos Desencadenantes<\/h2>\n\n            <p>La selecci\u00f3n de los objetos constituye el coraz\u00f3n de la disposici\u00f3n de un rinc\u00f3n de reminiscencia. Estos elementos tangibles sirven de catalizadores para la evocaci\u00f3n de recuerdos y deben ser elegidos con una atenci\u00f3n particular a las referencias culturales, generacionales y geogr\u00e1ficas de la poblaci\u00f3n acogida. La diversidad de los objetos permite tocar diferentes tipos de memorias sensoriales y autobiogr\u00e1ficas.<\/p>\n\n            <p>Los objetos de la vida cotidiana de \u00e9poca revelan una importancia particular ya que evocan gestos familiares y h\u00e1bitos de vida. Los utensilios de cocina antiguos, las herramientas de bricolaje tradicionales, los objetos de tocador vintage o los accesorios de vestir de \u00e9poca transportan inmediatamente a los participantes a su universo familiar de anta\u00f1o. Estos objetos deben ser aut\u00e9nticos en la medida de lo posible, ya que los detalles de fabricaci\u00f3n, los materiales y los acabados son parte integral del proceso de reconocimiento y evocaci\u00f3n.<\/p>\n\n            <p>La organizaci\u00f3n espacial de los objetos debe favorecer la manipulaci\u00f3n y la exploraci\u00f3n t\u00e1ctil. Las vitrinas cerradas limitan la interacci\u00f3n y reducen la eficacia terap\u00e9utica. Privilegie exhibidores abiertos, estanter\u00edas accesibles y espacios que permitan la manipulaci\u00f3n segura de los objetos. La rotaci\u00f3n regular de los elementos expuestos mantiene el inter\u00e9s y permite adaptar el espacio a las estaciones, a los eventos o a tem\u00e1ticas espec\u00edficas.<\/p>\n\n            <div class=\"expert-box\">\n                <div class=\"expert-box-label\">Colecciones Recomendadas<\/div>\n                <div class=\"expert-box-title\">Objetos Imprescindibles por Categor\u00edas<\/div>\n                <div class=\"expert-inner\">\n                    <div class=\"expert-inner-title\">Cocina y Alimentaci\u00f3n<\/div>\n                    <p>Molinillo de caf\u00e9 manual, balanza Roberval, cacerolas de hierro esmaltadas, tarros de mermelada antiguos, batidores de mano, tablas de cortar envejecidas, cajas de especias vintage, sacacorchos de \u00e9poca, escurridor de ensalada manual.<\/p>\n                    \n                    <div class=\"expert-inner-title\">Moda y Belleza<\/div>\n                    <p>Polveras, barras de labios en sus estuches, perfumes en frascos antiguos, bisuter\u00eda, accesorios para el cabello, guantes de tela, pa\u00f1uelos bordados, abanicos, peines y cepillos decorativos.<\/p>\n<div class=\"expert-inner-title\">Ocio y Cultura<\/div>\n                    <p>Juegos de cartas usados, domin\u00f3s de baquelita, libros con cubiertas familiares, revistas de \u00e9poca, postales, sellos, instrumentos musicales simples, material de costura.<\/p>\n                <\/div>\n            <\/div>\n\n            <h2>5. Integrar los Elementos Sensoriales y Atmosf\u00e9ricos<\/h2>\n\n            <p>La dimensi\u00f3n sensorial de un rinc\u00f3n de reminiscencia va m\u00e1s all\u00e1 de los objetos visuales y t\u00e1ctiles. La olfacci\u00f3n, a menudo descuidada, representa uno de los sentidos m\u00e1s poderosos para desencadenar recuerdos autobiogr\u00e1ficos. Los olores tienen la capacidad \u00fanica de provocar reminiscencias espont\u00e1neas y cargadas emocionalmente, transportando instant\u00e1neamente a la persona a contextos espec\u00edficos de su pasado.<\/p>\n\n            <p>La integraci\u00f3n de elementos olfativos debe ser sutil y natural. Los saquitos de lavanda, las virutas de madera de cedro, las especias en peque\u00f1os recipientes, o los jabones de \u00e9poca pueden disponerse estrat\u00e9gicamente en el espacio. Se debe evitar los perfumes artificiales o demasiado intensos que podr\u00edan incomodar a algunos residentes o enmascarar los olores naturales de los objetos aut\u00e9nticos.<\/p>\n\n            <p>La ambientaci\u00f3n sonora contribuye significativamente a la inmersi\u00f3n temporal. Un sistema de audio discreto puede difundir m\u00fasicas de \u00e9poca, canciones populares de d\u00e9cadas pasadas o sonidos ambientales evocadores como el tic-tac de un reloj antiguo, el crepitar de un fuego de chimenea o los ruidos de la naturaleza. El volumen debe ser moderado para permitir las conversaciones y los intercambios verbales que constituyen la esencia misma de las sesiones de reminiscencia.<\/p>\n\n            <div class=\"tip-box\">\n                <div class=\"tip-box-label\">Estrategias Sensoriales<\/div>\n                <p>Creen \"estaciones sensoriales\" tem\u00e1ticas: un rinc\u00f3n de cocina con especias para oler, un espacio de jard\u00edn con plantas arom\u00e1ticas, una zona de lectura con el aroma del papel antiguo. Esta organizaci\u00f3n permite una exploraci\u00f3n progresiva y variada del entorno sensorial.<\/p>\n            <\/div>\n<div class=\"conseil-card\">\n                <h4>Texturas y Materiales<\/h4>\n                <p>Var\u00eda las texturas disponibles: tejidos suaves y rugosos, metales lisos y patinados, madera en bruto y barnizada, cer\u00e1micas esmaltadas. Esta diversidad t\u00e1ctil estimula los receptores sensoriales y puede desencadenar recuerdos relacionados con las sensaciones f\u00edsicas del pasado.<\/p>\n            <\/div>\n\n            <h2>6. Organizar la Iluminaci\u00f3n y la Ambientaci\u00f3n Visual<\/h2>\n\n            <p>La iluminaci\u00f3n de un rinc\u00f3n de reminiscencia requiere un enfoque sofisticado, combinando consideraciones pr\u00e1cticas y atmosf\u00e9ricas. La calidad de la luz influye directamente en el estado de \u00e1nimo, la percepci\u00f3n de los objetos y la capacidad de concentraci\u00f3n de los participantes. Una iluminaci\u00f3n inadecuada puede crear zonas de sombra generadoras de inquietud o reflejos perturbadores para las personas mayores.<\/p>\n\n            <p>La combinaci\u00f3n de varias fuentes de luz permite crear un entorno modulable y adaptativo. La iluminaci\u00f3n general asegura una visibilidad suficiente para la seguridad y los desplazamientos, mientras que la iluminaci\u00f3n de acentuaci\u00f3n resalta los objetos y crea puntos focales atractivos. Las iluminaciones de ambiente, m\u00e1s suaves y c\u00e1lidas, contribuyen a instaurar una atm\u00f3sfera relajada y acogedora.<\/p>\n\n            <p>Las temperaturas de color deben ser elegidas con cuidado. Una luz demasiado fr\u00eda puede crear una atm\u00f3sfera cl\u00ednica poco propicia para los intercambios emocionales, mientras que una luz demasiado c\u00e1lida puede alterar la percepci\u00f3n de los colores de los objetos. Una temperatura de color comprendida entre 2700K y 3000K ofrece un buen compromiso entre confort visual y fidelidad colorim\u00e9trica.<\/p>\n<div class=\"key-points\">\n                <h3>Soluciones de Iluminaci\u00f3n Recomendadas<\/h3>\n                <ul>\n                    <li>Iluminaci\u00f3n general: plafones LED regulables<\/li>\n                    <li>Iluminaci\u00f3n de acentuaci\u00f3n: focos orientables sobre rieles<\/li>\n                    <li>Iluminaci\u00f3n ambiental: l\u00e1mparas de mesa y apliques de pared<\/li>\n                    <li>Iluminaci\u00f3n natural: persianas o cortinas modulares<\/li>\n                    <li>Iluminaci\u00f3n de seguridad: se\u00f1alizaci\u00f3n de las zonas de circulaci\u00f3n<\/li>\n                <\/ul>\n            <\/div>\n\n            <h2>7. Organizar el Espacio de Circulaci\u00f3n y la Accesibilidad<\/h2>\n\n            <p>La organizaci\u00f3n del espacio de circulaci\u00f3n constituye un aspecto crucial a menudo subestimado en la disposici\u00f3n de un rinc\u00f3n de reminiscencia. La fluidez de los desplazamientos condiciona no solo la seguridad de los usuarios sino tambi\u00e9n su sensaci\u00f3n de confort y autonom\u00eda. Una circulaci\u00f3n mal pensada puede generar ansiedad, particularmente en las personas que sufren de trastornos cognitivos que necesitan referencias claras y caminos intuitivos.<\/p>\n\n            <p>Los pasajes deben respetar las normas de accesibilidad vigentes, con un ancho m\u00ednimo de 1,40 metros para permitir el cruce de dos sillas de ruedas. Los \u00e1ngulos de los muebles deben ser redondeados o protegidos para evitar lesiones en caso de ca\u00edda o contacto accidental. El revestimiento del suelo debe ser antideslizante, uniforme y sin resalto, a la vez que c\u00f3modo para caminar y silencioso para preservar la atm\u00f3sfera ac\u00fastica.<\/p>\n\n            <p>La se\u00f1alizaci\u00f3n visual y t\u00e1ctil ayuda a la orientaci\u00f3n y tranquiliza a los usuarios. Marcas en el suelo discretas, cambios de textura o color pueden delimitar las diferentes zonas sin crear barreras visuales. La iluminaci\u00f3n de circulaci\u00f3n, especialmente cerca del suelo, asegura los desplazamientos por la noche o con poca luz natural.<\/p>\n\n            <div class=\"expert-box\">\n                <div class=\"expert-box-label\">Innovaci\u00f3n DYNSEO<\/div>\n                <div class=\"expert-box-title\">Movilidad y Estimulaci\u00f3n Cognitiva<\/div>\n                <div class=\"expert-inner\">\n<div class=\"expert-inner-title\">COCO SE MUEVE : Actividad F\u00edsica Adaptada<\/div>\n                    <p>Integra en tu espacio momentos de actividad f\u00edsica suave con <a href=\"https:\/\/www.dynseo.com\/es\/coco-piensa-y-coco-se-mueve-software-educativo\/\" style=\"color: var(--color-primary); font-weight: 600;\">COCO SE MUEVE<\/a>. Estos ejercicios pueden servir de transici\u00f3n entre las sesiones de reminiscencia sentados y de pie, manteniendo el compromiso corporal y cognitivo de los participantes.<\/p>\n                <\/div>\n            <\/div>\n\n            <h2>8. Seleccionar el Mobiliario Adaptado y C\u00f3modo<\/h2>\n\n            <p>La elecci\u00f3n del mobiliario condiciona en gran medida el \u00e9xito de las sesiones de reminiscencia. Los asientos deben combinar comodidad, seguridad y funcionalidad, teniendo en cuenta las especificidades fisiol\u00f3gicas de las personas mayores. Los sillones y sillas seleccionados deben ofrecer un soporte lumbar adecuado, reposabrazos que faciliten las transferencias y una altura de asiento adaptada a las dificultades articulares.<\/p>\n\n            <p>La modularidad del mobiliario permite adaptar la configuraci\u00f3n del espacio seg\u00fan las actividades programadas y el n\u00famero de participantes. Asientos ligeros pero estables, f\u00e1ciles de mover por el personal, ofrecen esta flexibilidad necesaria. Los materiales elegidos deben ser f\u00e1cilmente limpiables y resistentes al desgaste, manteniendo un aspecto c\u00e1lido y dom\u00e9stico en lugar de institucional.<\/p>\n\n            <p>Las superficies de presentaci\u00f3n y manipulaci\u00f3n de los objetos requieren una atenci\u00f3n particular. Mesas, consolas y expositores deben estar a alturas variadas para adaptarse a las diferentes posiciones de los usuarios, ya sea en silla de ruedas, sentados o de pie. Los \u00e1ngulos redondeados y las superficies anti-reflejos mejoran la seguridad y el confort de uso.<\/p>\n\n            <div class=\"tip-box\">\n                <div class=\"tip-box-label\">Criterios de Selecci\u00f3n<\/div>\n                <p>Prioriza los materiales naturales como la madera maciza para las mesas y estanter\u00edas, y los tejidos de fibras naturales para los asientos. Estos materiales envejecen bien, son agradables al tacto y se inscriben en la autenticidad buscada para el espacio de reminiscencia.<\/p>\n            <\/div>\n\n            <h2>9. Crear Zonas Tem\u00e1ticas Especializadas<\/h2>\n\n            <p>La organizaci\u00f3n del espacio en zonas tem\u00e1ticas permite un enfoque estructurado y progresivo de la reminiscencia. Cada zona puede estar dedicada a un per\u00edodo hist\u00f3rico, una actividad profesional, un pasatiempo o un aspecto de la vida dom\u00e9stica. Esta organizaci\u00f3n facilita la animaci\u00f3n de las sesiones y permite a los participantes concentrarse en tem\u00e1ticas espec\u00edficas seg\u00fan sus intereses y experiencias personales.<\/p>\n\n            <p>La zona \"cocina de anta\u00f1o\" puede agrupar los utensilios culinarios, los recipientes alimentarios y los objetos relacionados con la preparaci\u00f3n de las comidas. Esta tem\u00e1tica, universalmente compartida, evoca a menudo recuerdos familiares cargados de emoci\u00f3n. Los olores de especias, la textura de los utensilios de madera o hierro fundido, y los gestos asociados a la cocina tradicional constituyen desencadenantes particularmente efectivos.<\/p>\n\n            <p>La zona \"oficios y saberes\" presenta las herramientas y objetos relacionados con las actividades profesionales de \u00e9poca. Este enfoque valora la experiencia pasada de los residentes y les permite compartir sus habilidades y experiencias laborales. Las herramientas de carpinter\u00eda, los accesorios de costura, los instrumentos de escritura o los objetos relacionados con la agricultura evocan amplios aspectos de la vida activa de los participantes.<\/p>\n<div class=\"conseil-card\">\n                <h4>Zona Infancia y Escuela<\/h4>\n                <p>Crea un espacio dedicado a los recuerdos de la infancia con juguetes antiguos, material escolar de \u00e9poca, libros para ni\u00f1os y juegos tradicionales. Esta zona a menudo evoca recuerdos particularmente v\u00edvidos y emocionalmente ricos, favoreciendo los relatos autobiogr\u00e1ficos espont\u00e1neos.<\/p>\n            <\/div>\n\n            <h2>10. Integrar las Tecnolog\u00edas Digitales Apropiadas<\/h2>\n\n            <p>La integraci\u00f3n razonada de tecnolog\u00edas digitales puede enriquecer considerablemente la experiencia de reminiscencia sin desnaturalizar su esencia. Las herramientas digitales, cuando son elegidas y utilizadas con discernimiento, se convierten en soportes complementarios a los objetos f\u00edsicos, ofreciendo posibilidades de exploraci\u00f3n e interacci\u00f3n ampliadas.<\/p>\n\n            <p>Las tabletas t\u00e1ctiles pueden presentar fotograf\u00edas de \u00e9poca, videos hist\u00f3ricos o testimonios sonoros que contextualizan los objetos expuestos. La interfaz debe ser simplificada e intuitiva, adaptada a las capacidades cognitivas y motoras de los usuarios. La tecnolog\u00eda debe permanecer transparente y nunca constituir un obst\u00e1culo para el uso del espacio.<\/p>\n\n            <p>Los sistemas de proyecci\u00f3n discretos pueden transformar temporalmente la atm\u00f3sfera del espacio, mostrando paisajes de \u00e9poca, escenas de calle hist\u00f3ricas o ambientes estacionales. Esta inmersi\u00f3n visual, utilizada con moderaci\u00f3n, puede reforzar el efecto de los objetos f\u00edsicos y crear contextos narrativos estimulantes para la memoria autobiogr\u00e1fica.<\/p>\n\n            <div class=\"expert-box\">\n                <div class=\"expert-box-label\">Soluci\u00f3n DYNSEO<\/div>\n                <div class=\"expert-box-title\">COCO PIENSA y la Reminiscencia Digital<\/div>\n                <div class=\"expert-inner\">\n                    <div class=\"expert-inner-title\">Complementariedad F\u00edsica-Digital<\/div>\n                    <p><a href=\"https:\/\/www.dynseo.com\/es\/coco-piensa-y-coco-se-mueve-software-educativo\/\" style=\"color: var(--color-primary); font-weight: 600;\">COCO PIENSA<\/a> ofrece m\u00f3dulos especialmente dise\u00f1ados para la reminiscencia: cuestionarios sobre las \u00e9pocas, reconocimiento de objetos antiguos, asociaciones de im\u00e1genes hist\u00f3ricas. Estos ejercicios pueden prolongar y profundizar el trabajo realizado en el espacio f\u00edsico.<\/p>\n                <\/div>\n            <\/div>\n\n            <h2>11. Planificar las Actividades y Animaciones<\/h2>\n\n            <p>La programaci\u00f3n de actividades en un rinc\u00f3n de reminiscencia requiere un enfoque met\u00f3dico y personalizado. Las sesiones deben adaptarse a los ritmos biol\u00f3gicos de los participantes, a sus capacidades cognitivas y a sus preferencias individuales. Una planificaci\u00f3n flexible permite proponer actividades variadas mientras se mantiene una cierta regularidad tranquilizadora para las personas con trastornos cognitivos.<\/p>\n\n            <p>Las sesiones tem\u00e1ticas constituyen un enfoque estructurante eficaz. Pueden organizarse en torno a las estaciones, las fiestas tradicionales, los eventos hist\u00f3ricos o las etapas de la vida. Este enfoque temporal ayuda a mantener los puntos de referencia cronol\u00f3gicos y favorece la evocaci\u00f3n de recuerdos espec\u00edficos relacionados con los contextos mencionados.<\/p>\n\n            <p>La alternancia entre actividades individuales y colectivas permite responder a las diferentes necesidades y personalidades de los residentes. Algunas personas se desarrollan en los intercambios grupales, mientras que otras prefieren un enfoque m\u00e1s intimista. La flexibilidad del dise\u00f1o debe permitir estos dos enfoques sin requerir una reorganizaci\u00f3n mayor del espacio.<\/p>\n<div class=\"key-points\">\n                <h3>Tipos de Actividades Recomendadas<\/h3>\n                <ul>\n                    <li>Sesiones de manipulaci\u00f3n libre de objetos<\/li>\n                    <li>Talleres de cocina con utensilios de \u00e9poca<\/li>\n                    <li>Relatos de vida guiados por tem\u00e1ticas<\/li>\n                    <li>Escucha musical participativa<\/li>\n                    <li>Reconstituci\u00f3n de gestos profesionales<\/li>\n                    <li>Evocaci\u00f3n de recetas tradicionales<\/li>\n                    <li>Compartir fotograf\u00edas personales<\/li>\n                <\/ul>\n            <\/div>\n\n            <h2>12. Formar y Acompa\u00f1ar al Personal<\/h2>\n\n            <p>El \u00e9xito de un rinc\u00f3n de reminiscencia depende en gran medida de la calidad del acompa\u00f1amiento propuesto por el personal del establecimiento. La formaci\u00f3n de los equipos constituye, por lo tanto, una inversi\u00f3n indispensable para maximizar los beneficios terap\u00e9uticos del espacio acondicionado. Esta formaci\u00f3n debe cubrir los aspectos te\u00f3ricos de la reminiscencia, las t\u00e9cnicas de animaci\u00f3n y las especificidades del acompa\u00f1amiento de las personas mayores.<\/p>\n\n            <p>Las t\u00e9cnicas de comunicaci\u00f3n adaptadas representan un aspecto esencial de esta formaci\u00f3n. El personal debe aprender a hacer preguntas abiertas que fomenten la evocaci\u00f3n espont\u00e1nea, a escuchar activamente los relatos de los residentes y a valorar sus recuerdos sin juicio. El arte de reanudar una conversaci\u00f3n, de gestionar las emociones a veces intensas y de crear un clima de confianza se adquiere mediante la pr\u00e1ctica guiada y la reflexi\u00f3n sobre las experiencias vividas.<\/p>\n\n            <p>El conocimiento de las referencias culturales e hist\u00f3ricas de las generaciones acogidas enriquece considerablemente las interacciones. El personal formado puede contextualizar los objetos, aportar precisiones hist\u00f3ricas y crear v\u00ednculos entre las experiencias individuales y la historia colectiva. Esta cultura general se convierte en una herramienta valiosa para estimular los intercambios y valorar los testimonios de los residentes.<\/p>\n\n            <div class=\"tip-box\">\n                <div class=\"tip-box-label\">Programa de Formaci\u00f3n<\/div>\n                <p>Organiza sesiones de formaci\u00f3n pr\u00e1ctica donde el personal manipule los objetos, experimente las actividades y desarrolle su propia relaci\u00f3n con los elementos del espacio. Este enfoque experiencial mejora su capacidad para guiar a los residentes y anticipar las reacciones posibles.<\/p>\n            <\/div>\n\n            <div class=\"conseil-card\">\n                <h4>Supervisi\u00f3n y Evaluaci\u00f3n<\/h4>\n                <p>Establece un sistema de supervisi\u00f3n regular y de evaluaci\u00f3n de las pr\u00e1cticas. Los retornos de experiencia, los an\u00e1lisis de casos y los ajustes continuos del enfoque garantizan un aumento progresivo de competencias y una mejora constante de la calidad de las intervenciones.<\/p>\n            <\/div>\n\n            <div class=\"faq-list\">\n                <h2>Preguntas Frecuentes sobre los Rincones de Reminiscencia<\/h2>\n\n                <div class=\"faq-item\">\n                    <div class=\"faq-q\">\n                        <span>\u00bfQu\u00e9 presupuesto prever para crear un rinc\u00f3n de reminiscencia completo?<\/span>\n                        <span class=\"faq-icon\">+<\/span>\n                    <\/div>\n<div class=\"faq-a\">\n                        <p>El presupuesto var\u00eda considerablemente seg\u00fan la magnitud del proyecto. Para un espacio b\u00e1sico de 20m\u00b2, cuente entre 3,000 y 5,000 euros incluyendo el mobiliario, los objetos de \u00e9poca y la disposici\u00f3n. Un proyecto m\u00e1s ambicioso con tecnolog\u00edas integradas puede alcanzar de 10,000 a 15,000 euros. Los objetos aut\u00e9nticos pueden ser recuperados a trav\u00e9s de donaciones de familias o asociaciones locales, reduciendo significativamente los costos.<\/p>\n                    <\/div>\n                <\/div>\n\n                <div class=\"faq-item\">\n                    <div class=\"faq-q\">\n                        <span>\u00bfC\u00f3mo adaptar el espacio para los residentes de diferentes generaciones?<\/span>\n                        <span class=\"faq-icon\">+<\/span>\n                    <\/div>\n                    <div class=\"faq-a\">\n                        <p>Cre\u00e9 espacios secundarios correspondientes a las diferentes \u00e9pocas representadas en su establecimiento. Los a\u00f1os 1940-1950 para los mayores, los a\u00f1os 1960-1970 para la siguiente generaci\u00f3n. Utilice un sistema de rotaci\u00f3n de objetos para adaptar el espacio seg\u00fan los grupos de participantes. La modularidad de la disposici\u00f3n permite esta flexibilidad esencial.<\/p>\n                    <\/div>\n                <\/div>\n\n                <div class=\"faq-item\">\n                    <div class=\"faq-q\">\n                        <span>\u00bfQu\u00e9 precauciones tomar para la seguridad de los objetos y de los residentes?<\/span>\n                        <span class=\"faq-icon\">+<\/span>\n                    <\/div>\n                    <div class=\"faq-a\">\n                        <p>Evite objetos cortantes, quebradizos o t\u00f3xicos. Fije firmemente los elementos pesados y verifique regularmente el estado de los objetos manipulados. Instale un sistema de vigilancia discreta y forme al personal en primeros auxilios. Prevea duplicados para los objetos m\u00e1s fr\u00e1giles y establezca reglas claras de uso.<\/p>\n                    <\/div>\n                <\/div>\n\n                <div class=\"faq-item\">\n                    <div class=\"faq-q\">\n                        <span>\u00bfC\u00f3mo medir la eficacia terap\u00e9utica del espacio de reminiscencia?<\/span>\n                        <span class=\"faq-icon\">+<\/span>\n                    <\/div>\n                    <div class=\"faq-a\">\n                        <p>Utilice cuadr\u00edculas de observaci\u00f3n estandarizadas para evaluar el estado de \u00e1nimo, la participaci\u00f3n y las interacciones sociales de los residentes. Documente las mejoras conductuales, la reducci\u00f3n de los trastornos psico-comportamentales y el aumento de la comunicaci\u00f3n. Los testimonios de las familias tambi\u00e9n constituyen indicadores valiosos del impacto positivo de estas actividades.<\/p>\n                    <\/div>\n                <\/div>\n\n                <div class=\"faq-item\">\n                    <div class=\"faq-q\">\n                        <span>\u00bfQu\u00e9 frecuencia de uso recomendar para maximizar los beneficios?<\/span>\n                        <span class=\"faq-icon\">+<\/span>\n                    <\/div>\n                    <div class=\"faq-a\">\n                        <p>Las sesiones de 45 minutos a 1 hora, 2 a 3 veces por semana, ofrecen un buen equilibrio entre estimulaci\u00f3n y fatiga. El espacio tambi\u00e9n puede estar accesible en libre acceso para momentos individuales o visitas familiares. Adapte la frecuencia seg\u00fan las capacidades individuales y observe los signos de fatiga o sobreexcitaci\u00f3n que indicar\u00edan la necesidad de ajuste.<\/p>\n                    <\/div>\n                <\/div>\n            <\/div>\n\n            <div class=\"cta-box\">\n                <h3>Enriquezca Su Enfoque Terap\u00e9utico<\/h3>\n                <p>Complete su rinc\u00f3n de reminiscencia con herramientas digitales adecuadas. COCO PIENSA y COCO SE MUEVE propone ejercicios de estimulaci\u00f3n cognitiva que prolongan los beneficios de la terapia de reminiscencia.<\/p>\n<div class=\"cta-buttons\">\n                    <a href=\"https:\/\/www.dynseo.com\/es\/coco-piensa-y-coco-se-mueve-software-educativo\/\" class=\"btn-white\">Descubrir COCO PIENSA<\/a>\n                    <a href=\"#\" class=\"btn-outline\">Gu\u00eda Completa PDF<\/a>\n                <\/div>\n            <\/div>\n\n            <div class=\"article-tags\">\n                <a href=\"#\" class=\"article-tag\">Reminiscencia<\/a>\n                <a href=\"#\" class=\"article-tag\">Residencia de ancianos<\/a>\n                <a href=\"#\" class=\"article-tag\">Estimulaci\u00f3n Cognitiva<\/a>\n                <a href=\"#\" class=\"article-tag\">Amueblamiento<\/a>\n                <a href=\"#\" class=\"article-tag\">Terapia No Farmacol\u00f3gica<\/a>\n                <a href=\"#\" class=\"article-tag\">Personas Mayores<\/a>\n                <a href=\"#\" class=\"article-tag\">Animaci\u00f3n<\/a>\n                <a href=\"#\" class=\"article-tag\">Memoria<\/a>\n            <\/div>\n        <\/div>\n    <\/div>[\/et_pb_code][\/et_pb_column][\/et_pb_row][\/et_pb_section]","_et_gb_content_width":"","footnotes":""},"categories":[2915],"tags":[],"class_list":["post-564483","post","type-post","status-publish","format-standard","has-post-thumbnail","hentry","category-les-conseils-des-coachs"],"yoast_head":"<!-- This site is optimized with the Yoast SEO plugin v27.4 - https:\/\/yoast.com\/product\/yoast-seo-wordpress\/ -->\n<title>Crear un rinc\u00f3n de reminiscencia en una residencia de ancianos: consejos e ideas - DYNSEO - Aplicaci\u00f3n educativa y juegos de memoria<\/title>\n<meta name=\"robots\" content=\"index, follow, max-snippet:-1, max-image-preview:large, max-video-preview:-1\" \/>\n<link rel=\"canonical\" href=\"https:\/\/www.dynseo.com\/es\/crear-un-rincon-de-reminiscencia-en-una-residencia-de-ancianos-consejos-e-ideas\/\" \/>\n<meta property=\"og:locale\" content=\"es_ES\" \/>\n<meta property=\"og:type\" content=\"article\" \/>\n<meta property=\"og:title\" content=\"Crear un rinc\u00f3n de reminiscencia en una residencia de ancianos: consejos e ideas - DYNSEO - Aplicaci\u00f3n educativa y juegos de memoria\" \/>\n<meta property=\"og:url\" content=\"https:\/\/www.dynseo.com\/es\/crear-un-rincon-de-reminiscencia-en-una-residencia-de-ancianos-consejos-e-ideas\/\" \/>\n<meta property=\"og:site_name\" content=\"DYNSEO - Aplicaci\u00f3n educativa y juegos de memoria\" \/>\n<meta property=\"article:published_time\" content=\"2026-04-27T03:57:46+00:00\" \/>\n<meta property=\"article:modified_time\" content=\"2026-04-27T04:02:13+00:00\" \/>\n<meta property=\"og:image\" content=\"https:\/\/www.dynseo.com\/wp-content\/uploads\/2023\/08\/aide-seniors-a-domicile-1024x576.png\" \/>\n\t<meta property=\"og:image:width\" content=\"1024\" \/>\n\t<meta property=\"og:image:height\" content=\"576\" \/>\n\t<meta property=\"og:image:type\" content=\"image\/png\" \/>\n<meta name=\"author\" content=\"DYNSEO\" \/>\n<meta name=\"twitter:label1\" content=\"Escrito por\" \/>\n\t<meta name=\"twitter:data1\" content=\"DYNSEO\" \/>\n\t<meta name=\"twitter:label2\" content=\"Tiempo de lectura\" \/>\n\t<meta name=\"twitter:data2\" content=\"20 minutos\" \/>\n<script type=\"application\/ld+json\" class=\"yoast-schema-graph\">{\"@context\":\"https:\\\/\\\/schema.org\",\"@graph\":[{\"@type\":\"Article\",\"@id\":\"https:\\\/\\\/www.dynseo.com\\\/es\\\/crear-un-rincon-de-reminiscencia-en-una-residencia-de-ancianos-consejos-e-ideas\\\/#article\",\"isPartOf\":{\"@id\":\"https:\\\/\\\/www.dynseo.com\\\/es\\\/crear-un-rincon-de-reminiscencia-en-una-residencia-de-ancianos-consejos-e-ideas\\\/\"},\"author\":{\"name\":\"DYNSEO\",\"@id\":\"https:\\\/\\\/www.dynseo.com\\\/es\\\/#\\\/schema\\\/person\\\/78ef63df2ee64e0989bc68f8401b38d6\"},\"headline\":\"Crear un rinc\u00f3n de reminiscencia en una residencia de ancianos: consejos e ideas\",\"datePublished\":\"2026-04-27T03:57:46+00:00\",\"dateModified\":\"2026-04-27T04:02:13+00:00\",\"mainEntityOfPage\":{\"@id\":\"https:\\\/\\\/www.dynseo.com\\\/es\\\/crear-un-rincon-de-reminiscencia-en-una-residencia-de-ancianos-consejos-e-ideas\\\/\"},\"wordCount\":4076,\"publisher\":{\"@id\":\"https:\\\/\\\/www.dynseo.com\\\/es\\\/#organization\"},\"image\":{\"@id\":\"https:\\\/\\\/www.dynseo.com\\\/es\\\/crear-un-rincon-de-reminiscencia-en-una-residencia-de-ancianos-consejos-e-ideas\\\/#primaryimage\"},\"thumbnailUrl\":\"https:\\\/\\\/www.dynseo.com\\\/wp-content\\\/uploads\\\/2023\\\/08\\\/aide-seniors-a-domicile.png\",\"articleSection\":[\"Les conseils des coachs\"],\"inLanguage\":\"es\"},{\"@type\":\"WebPage\",\"@id\":\"https:\\\/\\\/www.dynseo.com\\\/es\\\/crear-un-rincon-de-reminiscencia-en-una-residencia-de-ancianos-consejos-e-ideas\\\/\",\"url\":\"https:\\\/\\\/www.dynseo.com\\\/es\\\/crear-un-rincon-de-reminiscencia-en-una-residencia-de-ancianos-consejos-e-ideas\\\/\",\"name\":\"Crear un rinc\u00f3n de reminiscencia en una residencia de ancianos: consejos e ideas - DYNSEO - Aplicaci\u00f3n educativa y juegos de memoria\",\"isPartOf\":{\"@id\":\"https:\\\/\\\/www.dynseo.com\\\/es\\\/#website\"},\"primaryImageOfPage\":{\"@id\":\"https:\\\/\\\/www.dynseo.com\\\/es\\\/crear-un-rincon-de-reminiscencia-en-una-residencia-de-ancianos-consejos-e-ideas\\\/#primaryimage\"},\"image\":{\"@id\":\"https:\\\/\\\/www.dynseo.com\\\/es\\\/crear-un-rincon-de-reminiscencia-en-una-residencia-de-ancianos-consejos-e-ideas\\\/#primaryimage\"},\"thumbnailUrl\":\"https:\\\/\\\/www.dynseo.com\\\/wp-content\\\/uploads\\\/2023\\\/08\\\/aide-seniors-a-domicile.png\",\"datePublished\":\"2026-04-27T03:57:46+00:00\",\"dateModified\":\"2026-04-27T04:02:13+00:00\",\"breadcrumb\":{\"@id\":\"https:\\\/\\\/www.dynseo.com\\\/es\\\/crear-un-rincon-de-reminiscencia-en-una-residencia-de-ancianos-consejos-e-ideas\\\/#breadcrumb\"},\"inLanguage\":\"es\",\"potentialAction\":[{\"@type\":\"ReadAction\",\"target\":[\"https:\\\/\\\/www.dynseo.com\\\/es\\\/crear-un-rincon-de-reminiscencia-en-una-residencia-de-ancianos-consejos-e-ideas\\\/\"]}]},{\"@type\":\"ImageObject\",\"inLanguage\":\"es\",\"@id\":\"https:\\\/\\\/www.dynseo.com\\\/es\\\/crear-un-rincon-de-reminiscencia-en-una-residencia-de-ancianos-consejos-e-ideas\\\/#primaryimage\",\"url\":\"https:\\\/\\\/www.dynseo.com\\\/wp-content\\\/uploads\\\/2023\\\/08\\\/aide-seniors-a-domicile.png\",\"contentUrl\":\"https:\\\/\\\/www.dynseo.com\\\/wp-content\\\/uploads\\\/2023\\\/08\\\/aide-seniors-a-domicile.png\",\"width\":1920,\"height\":1080,\"caption\":\"Desaf\u00eda tu cerebro y mant\u00e9n una mente sana\"},{\"@type\":\"BreadcrumbList\",\"@id\":\"https:\\\/\\\/www.dynseo.com\\\/es\\\/crear-un-rincon-de-reminiscencia-en-una-residencia-de-ancianos-consejos-e-ideas\\\/#breadcrumb\",\"itemListElement\":[{\"@type\":\"ListItem\",\"position\":1,\"name\":\"Accueil\",\"item\":\"https:\\\/\\\/www.dynseo.com\\\/es\\\/\"},{\"@type\":\"ListItem\",\"position\":2,\"name\":\"Crear un rinc\u00f3n de reminiscencia en una residencia de ancianos: consejos e ideas\"}]},{\"@type\":\"WebSite\",\"@id\":\"https:\\\/\\\/www.dynseo.com\\\/es\\\/#website\",\"url\":\"https:\\\/\\\/www.dynseo.com\\\/es\\\/\",\"name\":\"Jeux de m\u00e9moire et stimulation cognitive\",\"description\":\"Entra\u00eenez votre m\u00e9moire et votre cerveau avec DYNSEO\",\"publisher\":{\"@id\":\"https:\\\/\\\/www.dynseo.com\\\/es\\\/#organization\"},\"potentialAction\":[{\"@type\":\"SearchAction\",\"target\":{\"@type\":\"EntryPoint\",\"urlTemplate\":\"https:\\\/\\\/www.dynseo.com\\\/es\\\/?s={search_term_string}\"},\"query-input\":{\"@type\":\"PropertyValueSpecification\",\"valueRequired\":true,\"valueName\":\"search_term_string\"}}],\"inLanguage\":\"es\"},{\"@type\":\"Organization\",\"@id\":\"https:\\\/\\\/www.dynseo.com\\\/es\\\/#organization\",\"name\":\"DYNSEO\",\"url\":\"https:\\\/\\\/www.dynseo.com\\\/es\\\/\",\"logo\":{\"@type\":\"ImageObject\",\"inLanguage\":\"es\",\"@id\":\"https:\\\/\\\/www.dynseo.com\\\/es\\\/#\\\/schema\\\/logo\\\/image\\\/\",\"url\":\"https:\\\/\\\/www.dynseo.com\\\/wp-content\\\/uploads\\\/2022\\\/05\\\/logo-dynseo-new.png\",\"contentUrl\":\"https:\\\/\\\/www.dynseo.com\\\/wp-content\\\/uploads\\\/2022\\\/05\\\/logo-dynseo-new.png\",\"width\":5073,\"height\":1397,\"caption\":\"DYNSEO\"},\"image\":{\"@id\":\"https:\\\/\\\/www.dynseo.com\\\/es\\\/#\\\/schema\\\/logo\\\/image\\\/\"}},{\"@type\":\"Person\",\"@id\":\"https:\\\/\\\/www.dynseo.com\\\/es\\\/#\\\/schema\\\/person\\\/78ef63df2ee64e0989bc68f8401b38d6\",\"name\":\"DYNSEO\",\"url\":\"https:\\\/\\\/www.dynseo.com\\\/es\\\/author\\\/justine\\\/\"}]}<\/script>\n<!-- \/ Yoast SEO plugin. -->","yoast_head_json":{"title":"Crear un rinc\u00f3n de reminiscencia en una residencia de ancianos: consejos e ideas - DYNSEO - Aplicaci\u00f3n educativa y juegos de memoria","robots":{"index":"index","follow":"follow","max-snippet":"max-snippet:-1","max-image-preview":"max-image-preview:large","max-video-preview":"max-video-preview:-1"},"canonical":"https:\/\/www.dynseo.com\/es\/crear-un-rincon-de-reminiscencia-en-una-residencia-de-ancianos-consejos-e-ideas\/","og_locale":"es_ES","og_type":"article","og_title":"Crear un rinc\u00f3n de reminiscencia en una residencia de ancianos: consejos e ideas - DYNSEO - Aplicaci\u00f3n educativa y juegos de memoria","og_url":"https:\/\/www.dynseo.com\/es\/crear-un-rincon-de-reminiscencia-en-una-residencia-de-ancianos-consejos-e-ideas\/","og_site_name":"DYNSEO - Aplicaci\u00f3n educativa y juegos de memoria","article_published_time":"2026-04-27T03:57:46+00:00","article_modified_time":"2026-04-27T04:02:13+00:00","og_image":[{"width":1024,"height":576,"url":"https:\/\/www.dynseo.com\/wp-content\/uploads\/2023\/08\/aide-seniors-a-domicile-1024x576.png","type":"image\/png"}],"author":"DYNSEO","twitter_misc":{"Escrito por":"DYNSEO","Tiempo de lectura":"20 minutos"},"schema":{"@context":"https:\/\/schema.org","@graph":[{"@type":"Article","@id":"https:\/\/www.dynseo.com\/es\/crear-un-rincon-de-reminiscencia-en-una-residencia-de-ancianos-consejos-e-ideas\/#article","isPartOf":{"@id":"https:\/\/www.dynseo.com\/es\/crear-un-rincon-de-reminiscencia-en-una-residencia-de-ancianos-consejos-e-ideas\/"},"author":{"name":"DYNSEO","@id":"https:\/\/www.dynseo.com\/es\/#\/schema\/person\/78ef63df2ee64e0989bc68f8401b38d6"},"headline":"Crear un rinc\u00f3n de reminiscencia en una residencia de ancianos: consejos e ideas","datePublished":"2026-04-27T03:57:46+00:00","dateModified":"2026-04-27T04:02:13+00:00","mainEntityOfPage":{"@id":"https:\/\/www.dynseo.com\/es\/crear-un-rincon-de-reminiscencia-en-una-residencia-de-ancianos-consejos-e-ideas\/"},"wordCount":4076,"publisher":{"@id":"https:\/\/www.dynseo.com\/es\/#organization"},"image":{"@id":"https:\/\/www.dynseo.com\/es\/crear-un-rincon-de-reminiscencia-en-una-residencia-de-ancianos-consejos-e-ideas\/#primaryimage"},"thumbnailUrl":"https:\/\/www.dynseo.com\/wp-content\/uploads\/2023\/08\/aide-seniors-a-domicile.png","articleSection":["Les conseils des coachs"],"inLanguage":"es"},{"@type":"WebPage","@id":"https:\/\/www.dynseo.com\/es\/crear-un-rincon-de-reminiscencia-en-una-residencia-de-ancianos-consejos-e-ideas\/","url":"https:\/\/www.dynseo.com\/es\/crear-un-rincon-de-reminiscencia-en-una-residencia-de-ancianos-consejos-e-ideas\/","name":"Crear un rinc\u00f3n de reminiscencia en una residencia de ancianos: consejos e ideas - DYNSEO - Aplicaci\u00f3n educativa y juegos de memoria","isPartOf":{"@id":"https:\/\/www.dynseo.com\/es\/#website"},"primaryImageOfPage":{"@id":"https:\/\/www.dynseo.com\/es\/crear-un-rincon-de-reminiscencia-en-una-residencia-de-ancianos-consejos-e-ideas\/#primaryimage"},"image":{"@id":"https:\/\/www.dynseo.com\/es\/crear-un-rincon-de-reminiscencia-en-una-residencia-de-ancianos-consejos-e-ideas\/#primaryimage"},"thumbnailUrl":"https:\/\/www.dynseo.com\/wp-content\/uploads\/2023\/08\/aide-seniors-a-domicile.png","datePublished":"2026-04-27T03:57:46+00:00","dateModified":"2026-04-27T04:02:13+00:00","breadcrumb":{"@id":"https:\/\/www.dynseo.com\/es\/crear-un-rincon-de-reminiscencia-en-una-residencia-de-ancianos-consejos-e-ideas\/#breadcrumb"},"inLanguage":"es","potentialAction":[{"@type":"ReadAction","target":["https:\/\/www.dynseo.com\/es\/crear-un-rincon-de-reminiscencia-en-una-residencia-de-ancianos-consejos-e-ideas\/"]}]},{"@type":"ImageObject","inLanguage":"es","@id":"https:\/\/www.dynseo.com\/es\/crear-un-rincon-de-reminiscencia-en-una-residencia-de-ancianos-consejos-e-ideas\/#primaryimage","url":"https:\/\/www.dynseo.com\/wp-content\/uploads\/2023\/08\/aide-seniors-a-domicile.png","contentUrl":"https:\/\/www.dynseo.com\/wp-content\/uploads\/2023\/08\/aide-seniors-a-domicile.png","width":1920,"height":1080,"caption":"Desaf\u00eda tu cerebro y mant\u00e9n una mente sana"},{"@type":"BreadcrumbList","@id":"https:\/\/www.dynseo.com\/es\/crear-un-rincon-de-reminiscencia-en-una-residencia-de-ancianos-consejos-e-ideas\/#breadcrumb","itemListElement":[{"@type":"ListItem","position":1,"name":"Accueil","item":"https:\/\/www.dynseo.com\/es\/"},{"@type":"ListItem","position":2,"name":"Crear un rinc\u00f3n de reminiscencia en una residencia de ancianos: consejos e ideas"}]},{"@type":"WebSite","@id":"https:\/\/www.dynseo.com\/es\/#website","url":"https:\/\/www.dynseo.com\/es\/","name":"Jeux de m\u00e9moire et stimulation cognitive","description":"Entra\u00eenez votre m\u00e9moire et votre cerveau avec DYNSEO","publisher":{"@id":"https:\/\/www.dynseo.com\/es\/#organization"},"potentialAction":[{"@type":"SearchAction","target":{"@type":"EntryPoint","urlTemplate":"https:\/\/www.dynseo.com\/es\/?s={search_term_string}"},"query-input":{"@type":"PropertyValueSpecification","valueRequired":true,"valueName":"search_term_string"}}],"inLanguage":"es"},{"@type":"Organization","@id":"https:\/\/www.dynseo.com\/es\/#organization","name":"DYNSEO","url":"https:\/\/www.dynseo.com\/es\/","logo":{"@type":"ImageObject","inLanguage":"es","@id":"https:\/\/www.dynseo.com\/es\/#\/schema\/logo\/image\/","url":"https:\/\/www.dynseo.com\/wp-content\/uploads\/2022\/05\/logo-dynseo-new.png","contentUrl":"https:\/\/www.dynseo.com\/wp-content\/uploads\/2022\/05\/logo-dynseo-new.png","width":5073,"height":1397,"caption":"DYNSEO"},"image":{"@id":"https:\/\/www.dynseo.com\/es\/#\/schema\/logo\/image\/"}},{"@type":"Person","@id":"https:\/\/www.dynseo.com\/es\/#\/schema\/person\/78ef63df2ee64e0989bc68f8401b38d6","name":"DYNSEO","url":"https:\/\/www.dynseo.com\/es\/author\/justine\/"}]}},"_links":{"self":[{"href":"https:\/\/www.dynseo.com\/es\/wp-json\/wp\/v2\/posts\/564483","targetHints":{"allow":["GET"]}}],"collection":[{"href":"https:\/\/www.dynseo.com\/es\/wp-json\/wp\/v2\/posts"}],"about":[{"href":"https:\/\/www.dynseo.com\/es\/wp-json\/wp\/v2\/types\/post"}],"author":[{"embeddable":true,"href":"https:\/\/www.dynseo.com\/es\/wp-json\/wp\/v2\/users\/4"}],"replies":[{"embeddable":true,"href":"https:\/\/www.dynseo.com\/es\/wp-json\/wp\/v2\/comments?post=564483"}],"version-history":[{"count":14,"href":"https:\/\/www.dynseo.com\/es\/wp-json\/wp\/v2\/posts\/564483\/revisions"}],"predecessor-version":[{"id":564497,"href":"https:\/\/www.dynseo.com\/es\/wp-json\/wp\/v2\/posts\/564483\/revisions\/564497"}],"wp:featuredmedia":[{"embeddable":true,"href":"https:\/\/www.dynseo.com\/es\/wp-json\/wp\/v2\/media\/332551"}],"wp:attachment":[{"href":"https:\/\/www.dynseo.com\/es\/wp-json\/wp\/v2\/media?parent=564483"}],"wp:term":[{"taxonomy":"category","embeddable":true,"href":"https:\/\/www.dynseo.com\/es\/wp-json\/wp\/v2\/categories?post=564483"},{"taxonomy":"post_tag","embeddable":true,"href":"https:\/\/www.dynseo.com\/es\/wp-json\/wp\/v2\/tags?post=564483"}],"curies":[{"name":"wp","href":"https:\/\/api.w.org\/{rel}","templated":true}]}}