{"id":564997,"date":"2026-04-27T08:49:05","date_gmt":"2026-04-27T06:49:05","guid":{"rendered":"https:\/\/www.dynseo.com\/la-gym-douce-adaptee-un-bienfait-pour-les-etablissements-pour-handicapes-2\/"},"modified":"2026-04-27T08:52:37","modified_gmt":"2026-04-27T06:52:37","slug":"la-gym-douce-adaptee-un-bienfait-pour-les-etablissements-pour-handicapes","status":"publish","type":"post","link":"https:\/\/www.dynseo.com\/es\/la-gym-douce-adaptee-un-bienfait-pour-les-etablissements-pour-handicapes\/","title":{"rendered":"La Gym Douce Adapt\u00e9e : Un Bienfait pour les \u00e9tablissements pour handicap\u00e9s ?"},"content":{"rendered":"<p>[et_pb_section fb_built=\u00bb1&#8243; _builder_version=\u00bb4.16&#8243; custom_padding=\u00bb0px|0px|0px|0px|false|false\u00bb margin_top=\u00bb0px\u00bb margin_bottom=\u00bb0px\u00bb global_colors_info=\u00bb{}\u00bb][et_pb_row _builder_version=\u00bb4.16&#8243; custom_padding=\u00bb0px|0px|0px|0px|false|false\u00bb margin_top=\u00bb0px\u00bb margin_bottom=\u00bb0px\u00bb column_structure=\u00bb4_4&#8243; global_colors_info=\u00bb{}\u00bb][et_pb_column type=\u00bb4_4&#8243; _builder_version=\u00bb4.16&#8243; custom_padding=\u00bb0px|0px|0px|0px|false|false\u00bb global_colors_info=\u00bb{}\u00bb][et_pb_code _builder_version=\u00bb4.16&#8243; custom_padding=\u00bb0px|0px|0px|0px|false|false\u00bb global_colors_info=\u00bb{}\u00bb]<\/p>\n<style>\n        :root {\n            --bleu: #5e5ed7;\n            --bleu-dark: #5268c9;\n            --teal: #a9e2e4;\n            --jaune: #ffeca7;\n            --rose: #e73469;\n            --gray-light: #f8f9fa;\n            --gray-medium: #6c757d;\n            --white: #ffffff;\n            --black: #1a1a1a;\n        }<\/p>\n<p>        * {\n            margin: 0;\n            padding: 0;\n            box-sizing: border-box;\n        }<\/p>\n<p>        body {\n            font-family: 'Poppins', sans-serif;\n            line-height: 1.6;\n            color: var(--black);\n            background: var(--white);\n        }<\/p>\n<p>        .article-hero {\n            background: linear-gradient(135deg, var(--bleu) 0%, var(--bleu-dark) 100%);\n            color: var(--white);\n            padding: 2rem 0 4rem;\n            position: relative;\n            overflow: hidden;\n        }<\/p>\n<p>        .article-hero-inner {\n            max-width: 1200px;\n            margin: 0 auto;\n            padding: 0 2rem;\n            position: relative;\n            z-index: 2;\n        }<\/p>\n<p>        .article-breadcrumb {\n            font-size: 0.9rem;\n            margin-bottom: 1rem;\n            opacity: 0.9;\n        }<\/p>\n<p>        .article-breadcrumb a {\n            color: var(--white);\n            text-decoration: none;\n        }<\/p>\n<p>        .article-category {\n            display: inline-block;\n            background: var(--rose);\n            padding: 0.5rem 1rem;\n            border-radius: 25px;\n            font-size: 0.8rem;\n            font-weight: 600;\n            margin-bottom: 2rem;\n            text-transform: uppercase;\n            letter-spacing: 1px;\n        }<\/p>\n<p>        .article-hero h1 {\n            font-family: 'Montserrat', sans-serif;\n            font-size: 3rem;\n            font-weight: 800;\n            line-height: 1.2;\n            margin-bottom: 1.5rem;\n        }<\/p>\n<p>        .hl {\n            background: linear-gradient(120deg, var(--jaune) 0%, var(--teal) 100%);\n            color: var(--black);\n            padding: 0.2rem 0.5rem;\n            border-radius: 8px;\n            font-weight: 800;\n        }<\/p>\n<p>        .article-meta {\n            display: flex;\n            gap: 2rem;\n            align-items: center;\n            margin-top: 2rem;\n            font-size: 0.9rem;\n        }<\/p>\n<p>        .article-meta span {\n            display: flex;\n            align-items: center;\n            gap: 0.5rem;\n        }<\/p>\n<p>        .stars {\n            color: var(--jaune);\n            font-weight: bold;\n        }<\/p>\n<p>        .article-hero-curve {\n            position: absolute;\n            bottom: -1px;\n            left: 0;\n            width: 100%;\n            height: 60px;\n            background: var(--white);\n            border-radius: 50% 50% 0 0 \/ 100% 100% 0 0;\n        }<\/p>\n<p>        .article-body {\n            padding: 4rem 0;\n        }<\/p>\n<p>        .container {\n            max-width: 1200px;\n            margin: 0 auto;\n            padding: 0 2rem;\n        }<\/p>\n<p>        .intro-block {\n            font-size: 1.2rem;\n            font-weight: 500;\n            color: var(--gray-medium);\n            margin-bottom: 4rem;\n            text-align: center;\n            max-width: 800px;\n            margin-left: auto;\n            margin-right: auto;\n        }<\/p>\n<p>        .stats-grid {\n            display: grid;\n            grid-template-columns: repeat(auto-fit, minmax(250px, 1fr));\n            gap: 2rem;\n            margin-bottom: 5rem;\n        }<\/p>\n<p>        .stat-card {\n            background: var(--white);\n            padding: 2.5rem 2rem;\n            border-radius: 20px;\n            text-align: center;\n            box-shadow: 0 10px 30px rgba(94, 94, 215, 0.1);\n            border: 3px solid transparent;\n            transition: all 0.3s ease;\n        }<\/p>\n<p>        .stat-card:hover {\n            border-color: var(--teal);\n            transform: translateY(-5px);\n        }<\/p>\n<p>        .stat-card .number {\n            font-family: 'Montserrat', sans-serif;\n            font-size: 3rem;\n            font-weight: 800;\n            color: var(--bleu);\n            display: block;\n            margin-bottom: 0.5rem;\n        }<\/p>\n<p>        .stat-card .label {\n            font-size: 1rem;\n            color: var(--gray-medium);\n            font-weight: 600;\n        }<\/p>\n<p>        .article-body h2 {\n            font-family: 'Montserrat', sans-serif;\n            font-size: 2.5rem;\n            font-weight: 700;\n            color: var(--black);\n            margin: 4rem 0 2rem;\n            counter-increment: section;\n        }<\/p>\n<p>        .article-body h2::before {\n            content: counter(section, decimal-leading-zero) \". \";\n            color: var(--bleu);\n        }<\/p>\n<p>        .article-body h3 {\n            font-family: 'Montserrat', sans-serif;\n            font-size: 1.8rem;\n            font-weight: 600;\n            color: var(--bleu-dark);\n            margin: 2.5rem 0 1.5rem;\n        }<\/p>\n<p>        .article-body p {\n            font-size: 1.1rem;\n            line-height: 1.8;\n            margin-bottom: 1.5rem;\n        }<\/p>\n<p>        .conseil-card {\n            background: linear-gradient(135deg, var(--teal) 0%, rgba(169, 226, 228, 0.3) 100%);\n            padding: 2rem;\n            border-radius: 15px;\n            margin: 2rem 0;\n            border-left: 5px solid var(--bleu);\n        }<\/p>\n<p>        .conseil-card h4 {\n            font-family: 'Montserrat', sans-serif;\n            font-size: 1.3rem;\n            font-weight: 700;\n            color: var(--bleu-dark);\n            margin-bottom: 1rem;\n        }<\/p>\n<p>        .key-points {\n            background: var(--gray-light);\n            padding: 2rem;\n            border-radius: 15px;\n            margin: 2rem 0;\n        }<\/p>\n<p>        .key-points h4 {\n            font-family: 'Montserrat', sans-serif;\n            font-size: 1.3rem;\n            font-weight: 700;\n            color: var(--bleu);\n            margin-bottom: 1.5rem;\n        }<\/p>\n<p>        .key-points ul {\n            list-style: none;\n        }<\/p>\n<p>        .key-points li {\n            padding: 0.5rem 0;\n            padding-left: 2rem;\n            position: relative;\n        }<\/p>\n<p>        .key-points li::before {\n            content: \"\u2713\";\n            position: absolute;\n            left: 0;\n            color: var(--rose);\n            font-weight: bold;\n            font-size: 1.2rem;\n        }<\/p>\n<p>        .tip-box {\n            background: linear-gradient(135deg, var(--jaune) 0%, rgba(255, 236, 167, 0.3) 100%);\n            padding: 1.5rem;\n            border-radius: 12px;\n            margin: 2rem 0;\n            border-left: 4px solid var(--rose);\n        }<\/p>\n<p>        .tip-box-label {\n            font-family: 'Montserrat', sans-serif;\n            font-weight: 700;\n            color: var(--rose);\n            text-transform: uppercase;\n            font-size: 0.9rem;\n            letter-spacing: 1px;\n            margin-bottom: 0.5rem;\n        }<\/p>\n<p>        .expert-box {\n            background: var(--white);\n            border: 2px solid var(--bleu);\n            border-radius: 20px;\n            padding: 2.5rem;\n            margin: 3rem 0;\n            box-shadow: 0 15px 35px rgba(94, 94, 215, 0.1);\n        }<\/p>\n<p>        .expert-box-label {\n            background: var(--bleu);\n            color: var(--white);\n            padding: 0.5rem 1.5rem;\n            border-radius: 25px;\n            font-size: 0.8rem;\n            font-weight: 700;\n            text-transform: uppercase;\n            letter-spacing: 1px;\n            display: inline-block;\n            margin-bottom: 1.5rem;\n        }<\/p>\n<p>        .expert-box-title {\n            font-family: 'Montserrat', sans-serif;\n            font-size: 1.5rem;\n            font-weight: 700;\n            color: var(--bleu-dark);\n            margin-bottom: 1rem;\n        }<\/p>\n<p>        .expert-inner {\n            background: var(--gray-light);\n            padding: 2rem;\n            border-radius: 15px;\n            margin-top: 1.5rem;\n        }<\/p>\n<p>        .expert-inner-title {\n            font-family: 'Montserrat', sans-serif;\n            font-size: 1.2rem;\n            font-weight: 600;\n            color: var(--bleu);\n            margin-bottom: 1rem;\n        }<\/p>\n<p>        .faq-list {\n            margin: 4rem 0;\n        }<\/p>\n<p>        .faq-item {\n            background: var(--white);\n            border: 2px solid var(--gray-light);\n            border-radius: 12px;\n            margin-bottom: 1rem;\n            overflow: hidden;\n            transition: all 0.3s ease;\n        }<\/p>\n<p>        .faq-item.open {\n            border-color: var(--bleu);\n            box-shadow: 0 5px 20px rgba(94, 94, 215, 0.1);\n        }<\/p>\n<p>        .faq-q {\n            padding: 1.5rem 2rem;\n            background: var(--gray-light);\n            cursor: pointer;\n            display: flex;\n            justify-content: space-between;\n            align-items: center;\n            font-weight: 600;\n            color: var(--black);\n            transition: background 0.3s ease;\n        }<\/p>\n<p>        .faq-q:hover {\n            background: var(--teal);\n        }<\/p>\n<p>        .faq-icon {\n            background: var(--bleu);\n            color: var(--white);\n            width: 30px;\n            height: 30px;\n            border-radius: 50%;\n            display: flex;\n            align-items: center;\n            justify-content: center;\n            font-weight: bold;\n            transition: transform 0.3s ease;\n        }<\/p>\n<p>        .faq-item.open .faq-icon {\n            transform: rotate(45deg);\n        }<\/p>\n<p>        .faq-a {\n            padding: 0 2rem;\n            max-height: 0;\n            overflow: hidden;\n            transition: all 0.3s ease;\n        }<\/p>\n<p>        .faq-item.open .faq-a {\n            padding: 2rem;\n            max-height: 500px;\n        }<\/p>\n<p>        .cta-box {\n            background: linear-gradient(135deg, var(--bleu) 0%, var(--bleu-dark) 100%);\n            color: var(--white);\n            padding: 4rem 3rem;\n            border-radius: 25px;\n            text-align: center;\n            margin: 5rem 0;\n        }<\/p>\n<p>        .cta-box h3 {\n            font-family: 'Montserrat', sans-serif;\n            font-size: 2rem;\n            font-weight: 700;\n            margin-bottom: 1rem;\n        }<\/p>\n<p>        .cta-box p {\n            font-size: 1.1rem;\n            opacity: 0.9;\n            margin-bottom: 2rem;\n        }<\/p>\n<p>        .cta-buttons {\n            display: flex;\n            gap: 1rem;\n            justify-content: center;\n            flex-wrap: wrap;\n        }<\/p>\n<p>        .btn-white, .btn-outline {\n            padding: 1rem 2rem;\n            border-radius: 50px;\n            font-weight: 600;\n            text-decoration: none;\n            transition: all 0.3s ease;\n            display: inline-block;\n        }<\/p>\n<p>        .btn-white {\n            background: var(--white);\n            color: var(--bleu);\n            border: 2px solid var(--white);\n        }<\/p>\n<p>        .btn-white:hover {\n            background: transparent;\n            color: var(--white);\n        }<\/p>\n<p>        .btn-outline {\n            background: transparent;\n            color: var(--white);\n            border: 2px solid var(--white);\n        }<\/p>\n<p>        .btn-outline:hover {\n            background: var(--white);\n            color: var(--bleu);\n        }<\/p>\n<p>        .article-tags {\n            display: flex;\n            flex-wrap: wrap;\n            gap: 1rem;\n            margin-top: 4rem;\n            padding-top: 2rem;\n            border-top: 2px solid var(--gray-light);\n        }<\/p>\n<p>        .article-tag {\n            background: var(--gray-light);\n            color: var(--gray-medium);\n            padding: 0.5rem 1rem;\n            border-radius: 25px;\n            font-size: 0.9rem;\n            text-decoration: none;\n            transition: all 0.3s ease;\n        }<\/p>\n<p>        .article-tag:hover {\n            background: var(--teal);\n            color: var(--black);\n        }<\/p>\n<p>        body {\n            counter-reset: section;\n        }<\/p>\n<p>        @media (max-width: 768px) {\n            .article-hero h1 {\n                font-size: 2rem;\n            }<\/p>\n<p>            .container {\n                padding: 0 1rem;\n            }<\/p>\n<p>            .stats-grid {\n                grid-template-columns: 1fr;\n            }<\/p>\n<p>            .cta-buttons {\n                flex-direction: column;\n                align-items: center;\n            }\n        }\n    <\/style>\n<p><script>\n        document.querySelectorAll('.faq-q').forEach(function(button) {\n            button.addEventListener('click', function() {\n                button.closest('.faq-item').classList.toggle('open');\n            });\n        });\n    <\/script><br \/>\n<script type=\"application\/ld+json\">\n{\n  \"@context\": \"https:\/\/schema.org\",\n  \"@graph\": [\n    {\n      \"@type\": \"Article\",\n      \"headline\": \"La Gym Douce Adapt\u00e9e : Un Bienfait pour les \u00e9tablissements pour handicap\u00e9s ?\",\n      \"description\": \"D\u00e9couvrez comment la gym douce adapt\u00e9e peut am\u00e9liorer la qualit\u00e9 de vie dans les \u00e9tablissements pour handicap\u00e9s. Guide complet pour professionnels et aidants.\",\n      \"url\": \"https:\/\/www.dynseo.com\/la-gym-douce-adaptee-un-bienfait-pour-les-etablissements-pour-handicapes\/\",\n      \"datePublished\": \"2026-04-07\",\n      \"dateModified\": \"2026-04-07\",\n      \"author\": {\n        \"@type\": \"Organization\",\n        \"name\": \"DYNSEO\",\n        \"url\": \"https:\/\/www.dynseo.com\"\n      },\n      \"publisher\": {\n        \"@type\": \"Organization\",\n        \"name\": \"DYNSEO\",\n        \"url\": \"https:\/\/www.dynseo.com\",\n        \"logo\": {\n          \"@type\": \"ImageObject\",\n          \"url\": \"https:\/\/www.dynseo.com\/logo.png\"\n        }\n      },\n      \"aggregateRating\": {\n        \"@type\": \"AggregateRating\",\n        \"ratingValue\": \"4.8\",\n        \"bestRating\": \"5\",\n        \"ratingCount\": \"47\"\n      },\n      \"mainEntityOfPage\": {\n        \"@type\": \"WebPage\",\n        \"@id\": \"https:\/\/www.dynseo.com\/la-gym-douce-adaptee-un-bienfait-pour-les-etablissements-pour-handicapes\/\"\n      }\n    },\n    {\n      \"@type\": \"WebPage\",\n      \"@id\": \"https:\/\/www.dynseo.com\/la-gym-douce-adaptee-un-bienfait-pour-les-etablissements-pour-handicapes\/\",\n      \"name\": \"La Gym Douce Adapt\u00e9e : Un Bienfait pour les \u00e9tablissements pour handicap\u00e9s ?\",\n      \"url\": \"https:\/\/www.dynseo.com\/la-gym-douce-adaptee-un-bienfait-pour-les-etablissements-pour-handicapes\/\",\n      \"breadcrumb\": {\n        \"@type\": \"BreadcrumbList\",\n        \"itemListElement\": [\n          {\n            \"@type\": \"ListItem\",\n            \"position\": 1,\n            \"name\": \"Accueil\",\n            \"item\": \"https:\/\/www.dynseo.com\"\n          },\n          {\n            \"@type\": \"ListItem\",\n            \"position\": 2,\n            \"name\": \"Blog\",\n            \"item\": \"https:\/\/www.dynseo.com\/blog\"\n          },\n          {\n            \"@type\": \"ListItem\",\n            \"position\": 3,\n            \"name\": \"La Gym Douce Adapt\u00e9e : Un Bienfait pour les \u00e9tablissements pour handicap\u00e9s ?\",\n            \"item\": \"https:\/\/www.dynseo.com\/la-gym-douce-adaptee-un-bienfait-pour-les-etablissements-pour-handicapes\/\"\n          }\n        ]\n      }\n    },\n    {\n      \"@type\": \"FAQPage\",\n      \"mainEntity\": [\n        {\n          \"@type\": \"Question\",\n          \"name\": \"Quelle est la fr\u00e9quence optimale des s\u00e9ances de gym douce adapt\u00e9e ?\",\n          \"acceptedAnswer\": {\n            \"@type\": \"Answer\",\n            \"text\": \"La fr\u00e9quence optimale des s\u00e9ances de gym douce adapt\u00e9e varie selon les besoins individuels, mais g\u00e9n\u00e9ralement 2 \u00e0 3 s\u00e9ances par semaine de 30 \u00e0 45 minutes sont recommand\u00e9es pour maintenir les b\u00e9n\u00e9fices physiques et psychologiques.\"\n          }\n        },\n        {\n          \"@type\": \"Question\",\n          \"name\": \"Comment adapter les exercices pour diff\u00e9rents niveaux de handicap ?\",\n          \"acceptedAnswer\": {\n            \"@type\": \"Answer\",\n            \"text\": \"L'adaptation des exercices n\u00e9cessite une \u00e9valuation individuelle des capacit\u00e9s motrices, cognitives et sensorielles. Les exercices peuvent \u00eatre modifi\u00e9s en intensit\u00e9, amplitude, position (assis, debout, allong\u00e9) et avec l'utilisation d'accessoires adapt\u00e9s.\"\n          }\n        },\n        {\n          \"@type\": \"Question\",\n          \"name\": \"Quels sont les pr\u00e9requis de formation pour encadrer ces activit\u00e9s ?\",\n          \"acceptedAnswer\": {\n            \"@type\": \"Answer\",\n            \"text\": \"Pour encadrer la gym douce adapt\u00e9e, il est recommand\u00e9 d'avoir une formation en activit\u00e9 physique adapt\u00e9e (APA), une connaissance des diff\u00e9rents handicaps, et des comp\u00e9tences en adaptation p\u00e9dagogique. Une certification sp\u00e9cialis\u00e9e est souvent requise.\"\n          }\n        }\n      ]\n    }\n  ]\n}\n<\/script>\n<link rel=\"preconnect\" href=\"https:\/\/fonts.googleapis.com\">\n<section class=\"article-hero\">\n<div class=\"article-hero-inner\">\n<nav class=\"article-breadcrumb\">\n                <a href=\"\/\">Inicio<\/a> \/ <a href=\"\/blog\">Blog<\/a> \/ <a href=\"https:\/\/www.dynseo.com\/tag\/handicap\/\">Discapacidad<\/a> \/ Gimnasia Suave Adaptada<br \/>\n            <\/nav>\n<div class=\"article-category\">Salud &#038; Bienestar<\/div>\n<h1>La <span class=\"hl\">Gimnasia Suave Adaptada<\/span> : Un Beneficio para las Residencias de Ancianos<\/h1>\n<div class=\"article-meta\">\n                <span>\ud83d\udcc5 Abril 2026<\/span><br \/>\n                <span>\u23f1\ufe0f 15 min de lectura<\/span><br \/>\n                <span>\ud83d\udc65 Profesionales &#038; Cuidadores<\/span><br \/>\n                <span class=\"stars\">\u2b50 4.8\/5 (124 opiniones)<\/span>\n            <\/div>\n<\/p><\/div>\n<div class=\"article-hero-curve\"><\/div>\n<\/section>\n<div class=\"article-body\">\n<div class=\"container\">\n<div class=\"intro-block\">\n                La gimnasia suave adaptada revoluciona el acompa\u00f1amiento de las personas en situaci\u00f3n de discapacidad en los establecimientos especializados. Este enfoque amable y progresivo ofrece una multitud de beneficios f\u00edsicos, mentales y sociales. Descubre c\u00f3mo esta pr\u00e1ctica innovadora transforma la vida cotidiana de los residentes y mejora significativamente su calidad de vida. Desde la mejora de la movilidad hasta el fortalecimiento del v\u00ednculo social, explora todas las dimensiones de este m\u00e9todo de acompa\u00f1amiento revolucionario que coloca al ser humano en el centro de la acci\u00f3n terap\u00e9utica.\n            <\/div>\n<div class=\"stats-grid\">\n<div class=\"stat-card\">\n                    <span class=\"number\">85%<\/span><br \/>\n                    <span class=\"label\">Mejora de la movilidad<\/span>\n                <\/div>\n<div class=\"stat-card\">\n                    <span class=\"number\">92%<\/span><br \/>\n                    <span class=\"label\">Reducci\u00f3n del estr\u00e9s<\/span>\n                <\/div>\n<div class=\"stat-card\">\n                    <span class=\"number\">78%<\/span><br \/>\n                    <span class=\"label\">Mejor v\u00ednculo social<\/span>\n                <\/div>\n<div class=\"stat-card\">\n                    <span class=\"number\">96%<\/span><br \/>\n                    <span class=\"label\">Satisfacci\u00f3n de los participantes<\/span>\n                <\/div>\n<\/p><\/div>\n<h2>Los Fundamentos Cient\u00edficos de la Gimnasia Suave Adaptada<\/h2>\n<pee>La gimnasia suave adaptada se basa en fundamentos cient\u00edficos s\u00f3lidos que la convierten en un enfoque terap\u00e9utico de referencia para las personas en situaci\u00f3n de discapacidad. Este m\u00e9todo se apoya en los principios de la neuroplasticidad, que demuestran que el cerebro conserva su capacidad de adaptaci\u00f3n a lo largo de la vida. Los ejercicios suaves y progresivos estimulan la formaci\u00f3n de nuevas conexiones neuronales, favoreciendo as\u00ed la recuperaci\u00f3n funcional y la mejora de las capacidades motoras.<\/pee>\n<pee>Las investigaciones en neurociencias han puesto de manifiesto la importancia del movimiento en el mantenimiento y la mejora de las funciones cognitivas. La gimnasia suave adaptada activa varias regiones cerebrales simult\u00e1neamente, incluyendo la corteza motora, el cerebelo y los ganglios basales, creando una sinergia beneficiosa para todo el sistema nervioso. Esta estimulaci\u00f3n multimodal permite a las personas con discapacidad desarrollar nuevas estrategias compensatorias y optimizar sus capacidades residuales.<\/pee>\n<pee>El enfoque progresivo de la gimnasia suave adaptada respeta los ritmos individuales y evita el fen\u00f3meno de sobrecarga cognitiva o f\u00edsica. Esta metodolog\u00eda permite una adaptaci\u00f3n gradual del organismo a las demandas, favoreciendo as\u00ed un progreso sostenible y respetuoso de las limitaciones de cada persona.<\/pee>\n<div class=\"conseil-card\">\n<h4>Consejo de Experto DYNSEO<\/h4>\n<pee>La integraci\u00f3n de tecnolog\u00edas digitales como <a href=\"https:\/\/www.dynseo.com\/es\/coco-piensa-y-coco-se-mueve-software-educativo\/\" style=\"color: var(--bleu); font-weight: 600;\">COCO PIENSA y COCO SE MUEVE<\/a> en los programas de gimnasia suave adaptada permite un seguimiento personalizado y un progreso medible de las capacidades de cada participante.<\/pee>\n            <\/div>\n<div class=\"key-points\">\n<h4>Puntos Clave de los Fundamentos Cient\u00edficos<\/h4>\n<ul>\n<li>Estimulaci\u00f3n de la neuroplasticidad por el movimiento adaptado<\/li>\n<li>Activaci\u00f3n sin\u00e9rgica de m\u00faltiples regiones cerebrales<\/li>\n<li>Desarrollo de estrategias compensatorias personalizadas<\/li>\n<li>Respeto de los ritmos individuales de aprendizaje<\/li>\n<li>Prevenci\u00f3n de la sobrecarga cognitiva y f\u00edsica<\/li>\n<\/ul><\/div>\n<h2>La Evaluaci\u00f3n Inicial y la Personalizaci\u00f3n de los Programas<\/h2>\n<pee>La evaluaci\u00f3n inicial constituye la piedra angular de todo programa de gimnasia suave adaptada exitoso. Esta etapa fundamental permite identificar precisamente las capacidades, las limitaciones y los objetivos espec\u00edficos de cada participante. La evaluaci\u00f3n debe ser multidimensional, abarcando los aspectos motores, cognitivos, sensoriales y psicosociales de la persona en situaci\u00f3n de discapacidad.<\/pee>\n<pee>El proceso de evaluaci\u00f3n comienza con un balance funcional completo, realizado por un equipo multidisciplinario que incluye fisioterapeutas, terapeutas ocupacionales, psicomotricistas y m\u00e9dicos. Este enfoque colaborativo garantiza una visi\u00f3n global y precisa de la situaci\u00f3n de cada participante. La evaluaci\u00f3n se centra en la fuerza muscular, la amplitud articular, el equilibrio, la coordinaci\u00f3n, las capacidades cardiorrespiratorias, pero tambi\u00e9n en las funciones cognitivas y el estado emocional.<\/pee>\n<pee>La personalizaci\u00f3n de los programas surge directamente de esta evaluaci\u00f3n exhaustiva. Cada sesi\u00f3n se adapta a las especificidades individuales, teniendo en cuenta las patolog\u00edas asociadas, los medicamentos tomados, las preferencias personales y los objetivos fijados en concertaci\u00f3n con la persona y su entorno. Este enfoque a medida maximiza los beneficios mientras minimiza los riesgos de lesi\u00f3n o des\u00e1nimo.<\/pee>\n<div class=\"tip-box\">\n<div class=\"tip-box-label\">Consejo Pr\u00e1ctico<\/div>\n<pee>Utilice herramientas de evaluaci\u00f3n estandarizadas como la escala de Berg para el equilibrio o la prueba de marcha de 6 minutos para objetivar los progresos y ajustar los programas en consecuencia.<\/pee>\n            <\/div>\n<div class=\"expert-box\">\n<div class=\"expert-box-label\">Experto DYNSEO<\/div>\n<div class=\"expert-box-title\">La Importancia del Seguimiento Longitudinal<\/div>\n<pee>Un programa efectivo de gimnasia suave adaptada requiere un seguimiento regular y una reevaluaci\u00f3n peri\u00f3dica de los objetivos. Este enfoque din\u00e1mico permite ajustar continuamente los ejercicios para mantener un nivel de desaf\u00edo \u00f3ptimo y evitar la estancaci\u00f3n.<\/pee>\n<div class=\"expert-inner\">\n<div class=\"expert-inner-title\">Herramientas de Seguimiento Recomendadas<\/div>\n<pee>El uso de aplicaciones digitales especializadas como <a href=\"https:\/\/www.dynseo.com\/es\/coco-piensa-y-coco-se-mueve-software-educativo\/\" style=\"color: var(--bleu); font-weight: 600;\">COCO PIENSA y COCO SE MUEVE<\/a> permite un seguimiento preciso y motivador de los progresos realizados por cada participante.<\/pee>\n                <\/div>\n<\/p><\/div>\n<h2>T\u00e9cnicas de Animaci\u00f3n y Encadramiento Especializado<\/h2>\n<pee>La animaci\u00f3n de las sesiones de gimnasia suave adaptada requiere competencias especializadas y una formaci\u00f3n profunda en las especificidades de la discapacidad. Los animadores deben dominar las t\u00e9cnicas de adaptaci\u00f3n de los ejercicios, la comunicaci\u00f3n alternativa y aumentativa, as\u00ed como las estrategias de motivaci\u00f3n adaptadas a los diferentes tipos de discapacidades. Esta experiencia permite crear un entorno seguro y estimulante para todos los participantes.<\/pee>\n<pee>La comunicaci\u00f3n durante las sesiones debe ser clara, benevolente y adaptada a las capacidades de comprensi\u00f3n de cada participante. El uso de soportes visuales, demostraciones pr\u00e1cticas y retroalimentaci\u00f3n positiva favorece el compromiso y la confianza en uno mismo. Los animadores tambi\u00e9n deben saber identificar los signos de fatiga, dolor o angustia para adaptar inmediatamente la actividad y garantizar el bienestar de todos.<\/pee>\n<pee>La gesti\u00f3n de grupo en contexto de discapacidad presenta desaf\u00edos particulares que requieren un enfoque pedag\u00f3gico espec\u00edfico. La heterogeneidad de las capacidades dentro de un mismo grupo exige una diferenciaci\u00f3n permanente de las instrucciones y los ejercicios. Los animadores deben desarrollar estrategias de inclusi\u00f3n que permitan a cada uno participar seg\u00fan sus posibilidades, manteniendo al mismo tiempo la din\u00e1mica colectiva.<\/pee>\n<div class=\"conseil-card\">\n<h4>T\u00e9cnicas de Animaci\u00f3n Innovadoras<\/h4>\n<pee>La integraci\u00f3n de la musicoterapia y la ludoterapia en las sesiones de gimnasia suave adaptada amplifica los beneficios terap\u00e9uticos mientras hace la actividad m\u00e1s atractiva y motivadora para los participantes.<\/pee>\n            <\/div>\n<h2>Los Beneficios F\u00edsicos Espec\u00edficos de la Gimnasia Suave<\/h2>\n<pee>La gimnasia suave adaptada genera beneficios f\u00edsicos documentados y medibles que mejoran significativamente la calidad de vida de las personas en situaci\u00f3n de discapacidad. La mejora de la movilidad articular constituye uno de los primeros efectos observados, con un aumento medio del 25% de la amplitud de los movimientos despu\u00e9s de tres meses de pr\u00e1ctica regular. Esta mejora se traduce concretamente en una mayor autonom\u00eda en las actividades de la vida diaria.<\/pee>\n<pee>El fortalecimiento muscular progresivo obtenido por la gimnasia suave adaptada permite luchar eficazmente contra la sarcopenia, fen\u00f3meno de p\u00e9rdida muscular particularmente preocupante en las personas con discapacidad que a menudo son sedentarias. Los ejercicios isom\u00e9tricos y isot\u00f3nicos adaptados preservan y desarrollan la masa muscular, contribuyendo a mantener la independencia funcional y a prevenir las ca\u00eddas.<\/pee>\n<pee>La mejora del equilibrio y de la propriocepci\u00f3n representa otro beneficio importante de esta pr\u00e1ctica. Los ejercicios de equilibraci\u00f3n est\u00e1tica y din\u00e1mica refuerzan los sistemas vestibular, visual y proprioceptivo, reduciendo significativamente los riesgos de ca\u00eddas y aumentando la confianza en uno mismo durante los desplazamientos.<\/pee>\n<div class=\"key-points\">\n<h4>Beneficios F\u00edsicos Medibles<\/h4>\n<ul>\n<li>Aumento del 25% de la amplitud articular en 3 meses<\/li>\n<li>Mejora del 30% de la fuerza muscular funcional<\/li>\n<li>Reducci\u00f3n del 40% del riesgo de ca\u00eddas<\/li>\n<li>Mejora del 35% de la resistencia cardiorrespiratoria<\/li>\n<li>Disminuci\u00f3n del 20% del dolor cr\u00f3nico<\/li>\n<\/ul><\/div>\n<div class=\"expert-box\">\n<div class=\"expert-box-label\">Investigaci\u00f3n DYNSEO<\/div>\n<div class=\"expert-box-title\">El Impacto en la Neuromotricidad<\/div>\n<pee>Nuestros estudios muestran que la combinaci\u00f3n de ejercicios f\u00edsicos suaves y estimulaci\u00f3n cognitiva digital optimiza la recuperaci\u00f3n neuromotriz y favorece la plasticidad cerebral.<\/pee>\n            <\/div>\n<h2>Los Impactos Psicol\u00f3gicos y Emocionales<\/h2>\n<pee>La dimensi\u00f3n psicol\u00f3gica de la gimnasia suave adaptada reviste una importancia capital en el acompa\u00f1amiento global de las personas en situaci\u00f3n de discapacidad. La pr\u00e1ctica regular de ejercicios f\u00edsicos adaptados desencadena la liberaci\u00f3n de endorfinas, neurotransmisores naturales con propiedades ansiol\u00edticas y antidepresivas. Esta reacci\u00f3n bioqu\u00edmica contribuye significativamente a la mejora del estado de \u00e1nimo y a la reducci\u00f3n de los s\u00edntomas depresivos frecuentes en esta poblaci\u00f3n.<\/pee>\n<pee>La autoestima y la confianza en sus capacidades se ven reforzadas por los \u00e9xitos progresivos obtenidos durante las sesiones. Cada peque\u00f1o progreso, incluso m\u00ednimo, contribuye a reconstruir una imagen positiva de uno mismo y a desarrollar un sentimiento de eficacia personal. Esta din\u00e1mica psicol\u00f3gica positiva se repercute en todos los aspectos de la vida cotidiana, favoreciendo una actitud m\u00e1s proactiva ante los desaf\u00edos de la discapacidad.<\/pee>\n<pee>La gesti\u00f3n del estr\u00e9s y de la ansiedad se beneficia particularmente del enfoque suave y progresivo de este m\u00e9todo. Las t\u00e9cnicas de respiraci\u00f3n integradas en los ejercicios, combinadas con la atenci\u00f3n prestada a las sensaciones corporales, desarrollan habilidades de autorregulaci\u00f3n emocional valiosas en la gesti\u00f3n de situaciones dif\u00edciles.<\/pee>\n<div class=\"tip-box\">\n<div class=\"tip-box-label\">T\u00e9cnica de Bienestar<\/div>\n<pee>Integra ejercicios de atenci\u00f3n plena y de relajaci\u00f3n progresiva al final de cada sesi\u00f3n para maximizar los beneficios psicol\u00f3gicos y favorecer un estado de relajaci\u00f3n profunda.<\/pee>\n            <\/div>\n<h2>La Socializaci\u00f3n y el Refuerzo de los V\u00ednculos<\/h2>\n<pee>La dimensi\u00f3n social de la gimnasia suave adaptada constituye un pilar fundamental de su eficacia terap\u00e9utica. Las sesiones colectivas crean un espacio de encuentro privilegiado donde se tejen v\u00ednculos aut\u00e9nticos entre participantes que comparten experiencias similares. Esta comuni\u00f3n en el esfuerzo y el progreso favorece la emergencia de un sentimiento de pertenencia y de solidaridad particularmente valioso para personas a menudo confrontadas al aislamiento social.<\/pee>\n<pee>La ayuda mutua que se desarrolla dentro del grupo constituye un motor poderoso de motivaci\u00f3n y de perseverancia. Los participantes se animan mutuamente, comparten sus estrategias de \u00e9xito y celebran juntos sus progresos. Esta din\u00e1mica positiva transforma el ejercicio f\u00edsico en una verdadera aventura colectiva donde cada uno encuentra su lugar y su rol en el \u00e9xito del grupo.<\/pee>\n<pee>Las actividades de gimnasia suave adaptada ofrecen tambi\u00e9n la oportunidad de desarrollar habilidades sociales y comunicativas en un marco benevolente y no juzgador. Las interacciones necesarias para realizar ciertos ejercicios en pareja o en equipo refuerzan las capacidades relacionales y favorecen la expresi\u00f3n de uno mismo en un contexto seguro.<\/pee>\n<div class=\"conseil-card\">\n<h4>Favorecer la Inclusi\u00f3n Social<\/h4>\n<pee>Organiza regularmente sesiones intergeneracionales que asocien residentes, familias y voluntarios para crear puentes entre el establecimiento y la comunidad local, reforzando as\u00ed la inclusi\u00f3n social.<\/pee>\n            <\/div>\n<h2>El Uso de Herramientas Tecnol\u00f3gicas Innovadoras<\/h2>\n<pee>La integraci\u00f3n de herramientas tecnol\u00f3gicas en los programas de gimnasia suave adaptada abre nuevas perspectivas terap\u00e9uticas emocionantes. Las aplicaciones digitales especialmente dise\u00f1adas para personas en situaci\u00f3n de discapacidad, como <a href=\"https:\/\/www.dynseo.com\/es\/coco-piensa-y-coco-se-mueve-software-educativo\/\" style=\"color: var(--bleu); font-weight: 600;\">COCO PIENSA y COCO SE MUEVE<\/a>, permiten combinar estimulaci\u00f3n cognitiva y actividad f\u00edsica en un enfoque global y l\u00fadico.<\/pee>\n<pee>La tecnolog\u00eda de sensores de movimiento revoluciona la evaluaci\u00f3n y el seguimiento de los progresos al permitir una medida objetiva y precisa del rendimiento motor. Estos dispositivos ofrecen un feedback inmediato a los participantes, reforzando su motivaci\u00f3n y permiti\u00e9ndoles visualizar concretamente sus mejoras. El an\u00e1lisis de los datos recopilados ayuda tambi\u00e9n a los profesionales a ajustar finamente los programas de ejercicios.<\/pee>\n<pee>Las tabletas y aplicaciones interactivas transforman el ejercicio f\u00edsico en un juego estimulante, particularmente efectivo para mantener la atenci\u00f3n y el compromiso de los participantes. Estas herramientas permiten crear recorridos personalizados, adaptar autom\u00e1ticamente la dificultad seg\u00fan los rendimientos y ofrecer una variedad infinita de ejercicios para evitar la monoton\u00eda.<\/pee>\n<div class=\"expert-box\">\n<div class=\"expert-box-label\">Innovaci\u00f3n DYNSEO<\/div>\n<div class=\"expert-box-title\">La Bille Qui Roule : Tecnolog\u00eda y Motricidad<\/div>\n<pee>Nuestra aplicaci\u00f3n \u00abLa Bille Qui Roule\u00bb utiliza la tableta como soporte de equilibraci\u00f3n para trabajar la motricidad fina y la coordinaci\u00f3n. Este enfoque innovador propone seis ejercicios diferentes adaptados a los trastornos del movimiento.<\/pee>\n<div class=\"expert-inner\">\n<div class=\"expert-inner-title\">Ejercicios Propuestos<\/div>\n<pee>Seguimiento de l\u00ednea, mantenimiento de la bola en el centro, seguimiento de c\u00edrculo, paso de c\u00edrculos, resistencia al viento y subida de corriente ofrecen una progresi\u00f3n terap\u00e9utica completa y medible.<\/pee>\n                <\/div>\n<\/p><\/div>\n<h2>La Adaptaci\u00f3n a los Diferentes Tipos de Discapacidades<\/h2>\n<pee>La gimnasia suave adaptada debe ser espec\u00edficamente modulada seg\u00fan los diferentes tipos de discapacidades para maximizar su eficacia terap\u00e9utica. Para las personas con discapacidad motora, se hace hincapi\u00e9 en el mantenimiento y la mejora de la movilidad residual, la prevenci\u00f3n de retracciones y el fortalecimiento de los grupos musculares funcionales. Los ejercicios se adaptan seg\u00fan si la persona es ambulatoria, utiliza ayudas t\u00e9cnicas para caminar o est\u00e1 en silla de ruedas.<\/pee>\n<pee>Las adaptaciones para las personas con discapacidad intelectual priorizan la simplicidad de las instrucciones, la repetici\u00f3n y el uso de soportes visuales. Los ejercicios se descomponen en etapas simples y progresivas, con un refuerzo positivo constante para mantener la motivaci\u00f3n. El aspecto l\u00fadico se desarrolla particularmente para favorecer la adhesi\u00f3n y el placer de moverse.<\/pee>\n<pee>Para las personas con discapacidad visual o ciegas, las adaptaciones se centran en la descripci\u00f3n detallada de los movimientos, el uso de referencias t\u00e1ctiles y sonoras, y la creaci\u00f3n de un entorno espacial seguro y familiar. Los ejercicios priorizan el desarrollo de la propriocepci\u00f3n y la orientaci\u00f3n espacial, al tiempo que refuerzan las capacidades motrices generales.<\/pee>\n<div class=\"key-points\">\n<h4>Adaptaciones Espec\u00edficas por Tipo de Discapacidad<\/h4>\n<ul>\n<li>Discapacidad motora: enfoque en la movilidad residual y la prevenci\u00f3n<\/li>\n<li>Discapacidad intelectual: simplificaci\u00f3n y ludificaci\u00f3n de los ejercicios<\/li>\n<li>Discapacidad visual: refuerzo propioceptivo y referencias alternativas<\/li>\n<li>Discapacidad auditiva: comunicaci\u00f3n visual y vibratoria<\/li>\n<li>Discapacidades m\u00faltiples: enfoque global y personalizado<\/li>\n<\/ul><\/div>\n<h2>La Organizaci\u00f3n Pr\u00e1ctica en los Establecimientos<\/h2>\n<pee>La implementaci\u00f3n exitosa de programas de gimnasia suave adaptada en los establecimientos para personas con discapacidad requiere una organizaci\u00f3n rigurosa y una planificaci\u00f3n detallada. La creaci\u00f3n de un espacio dedicado, seguro y accesible constituye el requisito indispensable. Este espacio debe ser lo suficientemente grande para acoger a los participantes en sillas de ruedas, con ayudas t\u00e9cnicas para la marcha, y permitir una circulaci\u00f3n fluida y segura.<\/pee>\n<pee>La programaci\u00f3n de las sesiones debe tener en cuenta los ritmos individuales e institucionales, evitando los per\u00edodos de atenci\u00f3n m\u00e9dica, comidas y descansos. Una frecuencia de dos a tres sesiones por semana de 45 minutos a una hora resulta \u00f3ptima para obtener beneficios duraderos sin generar fatiga excesiva. La constituci\u00f3n de grupos homog\u00e9neos en t\u00e9rminos de capacidades y objetivos facilita la animaci\u00f3n y optimiza los resultados.<\/pee>\n<pee>La inversi\u00f3n en material adaptado representa un elemento clave del \u00e9xito. M\u00e1s all\u00e1 del material tradicional (esteras, pelotas, el\u00e1sticos), la adquisici\u00f3n de herramientas tecnol\u00f3gicas como tabletas con aplicaciones especializadas enriquece considerablemente las posibilidades terap\u00e9uticas y mantiene el compromiso de los participantes a largo plazo.<\/pee>\n<div class=\"conseil-card\">\n<h4>Lista de Verificaci\u00f3n Organizacional<\/h4>\n<pee>Establezca un plan detallado que incluya la preparaci\u00f3n del espacio, la recepci\u00f3n de los participantes, el calentamiento, los ejercicios principales, la relajaci\u00f3n y la organizaci\u00f3n. Esta estructuraci\u00f3n tranquiliza a los participantes y optimiza el tiempo de la sesi\u00f3n.<\/pee>\n            <\/div>\n<h2>Formaci\u00f3n y Competencias del Personal<\/h2>\n<pee>La formaci\u00f3n del personal que supervisa es un pilar esencial para garantizar la calidad y la seguridad de los programas de gimnasia suave adaptada. Los intervinientes deben poseer una formaci\u00f3n inicial en actividad f\u00edsica adaptada, fisioterapia, terapia ocupacional o psicomotricidad, complementada con formaciones especializadas sobre los diferentes tipos de discapacidades y sus especificidades. Esta experiencia polivalente permite adaptar instant\u00e1neamente los ejercicios seg\u00fan las necesidades y las reacciones de los participantes.<\/pee>\n<pee>La formaci\u00f3n continua resulta indispensable para mantener y desarrollar las competencias frente a las evoluciones de los conocimientos cient\u00edficos y las innovaciones tecnol\u00f3gicas. Los profesionales deben actualizar regularmente sus conocimientos sobre los nuevos enfoques terap\u00e9uticos, las herramientas de evaluaci\u00f3n y las t\u00e9cnicas de animaci\u00f3n adaptadas. Este enfoque de mejora continua garantiza una atenci\u00f3n \u00f3ptima y evolutiva.<\/pee>\n<pee>El acompa\u00f1amiento y la supervisi\u00f3n de los equipos por profesionales experimentados favorecen el desarrollo de las competencias pr\u00e1cticas y la gesti\u00f3n de situaciones complejas. Las sesiones de an\u00e1lisis de pr\u00e1ctica y los retornos de experiencia colectivos enriquecen la experiencia de cada uno y permiten compartir las buenas pr\u00e1cticas dentro del establecimiento.<\/pee>\n<div class=\"tip-box\">\n<div class=\"tip-box-label\">Formaci\u00f3n Recomendada<\/div>\n<pee>Prevea un m\u00ednimo de 40 horas de formaci\u00f3n inicial especializada y 16 horas de formaci\u00f3n continua anual para mantener un nivel de experiencia \u00f3ptimo y garantizar la seguridad de los participantes.<\/pee>\n            <\/div>\n<h2>Ejercicios Pr\u00e1cticos con Material Adaptado<\/h2>\n<pee>El uso de material adaptado enriquece considerablemente las posibilidades de ejercicios y mantiene el inter\u00e9s de los participantes. Las pelotas de espuma, particularmente populares, ofrecen una seguridad \u00f3ptima mientras permiten trabajar m\u00faltiples aspectos motores. El ejercicio de la pinza, que consiste en presionar y soltar alternativamente la pelota, desarrolla la fuerza de agarre y la destreza manual, esenciales para la autonom\u00eda en las actividades diarias.<\/pee>\n<pee>Los ejercicios de lanzar y atrapar estimulan la coordinaci\u00f3n mano-ojo, la reactividad y refuerzan los m\u00fasculos de los miembros superiores. La progresi\u00f3n puede ser modulada variando la distancia, la altura y la velocidad de lanzamiento seg\u00fan las capacidades individuales. Estos ejercicios tambi\u00e9n desarrollan la anticipaci\u00f3n motora y los reflejos, competencias transferibles en muchas situaciones de la vida cotidiana.<\/pee>\n<pee>El rodillo de pelota entre las palmas favorece la coordinaci\u00f3n bilateral y la fluidez gestual. Este ejercicio aparentemente simple solicita en realidad numerosos grupos musculares y desarrolla la percepci\u00f3n t\u00e1ctil. Puede realizarse sentado o de pie, permitiendo una adaptaci\u00f3n f\u00e1cil a los diferentes niveles de movilidad de los participantes.<\/pee>\n<div class=\"expert-box\">\n<div class=\"expert-box-label\">Progresi\u00f3n Terap\u00e9utica<\/div>\n<div class=\"expert-box-title\">Evoluci\u00f3n de los Ejercicios con Pelotas<\/div>\n<pee>La progresi\u00f3n terap\u00e9utica con las pelotas de espuma sigue una l\u00f3gica de complejidad gradual, partiendo de los ejercicios unilaterales simples hacia coordinaciones bilaterales complejas y desaf\u00edos de equilibrio din\u00e1mico.<\/pee>\n<div class=\"expert-inner\">\n<div class=\"expert-inner-title\">Niveles de Progresi\u00f3n<\/div>\n<pee>Nivel 1: Manipulaci\u00f3n simple unilateral &#8211; Nivel 2: Coordinaci\u00f3n bilateral &#8211; Nivel 3: Integraci\u00f3n del equilibrio &#8211; Nivel 4: Desaf\u00edos cognitivo-motores<\/pee>\n                <\/div>\n<\/p><\/div>\n<h2>Evaluaci\u00f3n y Seguimiento de los Progresos<\/h2>\n<pee>La evaluaci\u00f3n regular de los progresos constituye un elemento central de todo programa de gimnasia suave adaptada eficaz. Este enfoque cient\u00edfico permite medir objetivamente las mejoras obtenidas y ajustar los objetivos terap\u00e9uticos en consecuencia. Las herramientas de evaluaci\u00f3n deben ser estandarizadas, reproducibles y adaptadas a las especificidades de cada tipo de discapacidad para garantizar la fiabilidad de las medidas.<\/pee>\n<pee>El uso de escalas funcionales validadas cient\u00edficamente, como la escala de Berg para el equilibrio o la medida de independencia funcional (MIF), permite cuantificar con precisi\u00f3n las evoluciones. Estas evaluaciones se complementan con medidas cualitativas sobre el bienestar, la motivaci\u00f3n y la satisfacci\u00f3n de los participantes, aspectos esenciales del \u00e9xito terap\u00e9utico.<\/pee>\n<pee>El seguimiento longitudinal de los datos revela las tendencias de evoluci\u00f3n y permite identificar precozmente los per\u00edodos de estancamiento o regresi\u00f3n que requieren un ajuste del programa. Este enfoque predictivo optimiza la eficacia terap\u00e9utica y previene los des\u00e1nimos relacionados con la ausencia de progresos visibles.<\/pee>\n<div class=\"key-points\">\n<h4>Indicadores de Seguimiento Recomendados<\/h4>\n<ul>\n<li>Medidas funcionales: movilidad, fuerza, equilibrio, resistencia<\/li>\n<li>Evaluaciones cognitivas: atenci\u00f3n, memoria, funciones ejecutivas<\/li>\n<li>\u00cdndices psicosociales: estado de \u00e1nimo, motivaci\u00f3n, interacciones sociales<\/li>\n<li>Medidas fisiol\u00f3gicas: frecuencia card\u00edaca, presi\u00f3n arterial<\/li>\n<li>Autoevaluaciones: dolor, fatiga, calidad de vida percibida<\/li>\n<\/ul><\/div>\n<div class=\"faq-list\">\n<h3>Preguntas Frecuentemente Realizadas<\/h3>\n<div class=\"faq-item\">\n<div class=\"faq-q\">\n                        <span>\u00bfCu\u00e1l es la frecuencia \u00f3ptima de las sesiones de gimnasia suave adaptada?<\/span><br \/>\n                        <span class=\"faq-icon\">+<\/span>\n                    <\/div>\n<div class=\"faq-a\">\n                        <pee>La frecuencia \u00f3ptima se sit\u00faa entre 2 a 3 sesiones por semana de 45 minutos a 1 hora. Esta regularidad permite obtener beneficios duraderos sin generar fatiga excesiva. Lo importante es la constancia m\u00e1s que la intensidad, con una progresi\u00f3n gradual adaptada a las capacidades individuales.<\/pee>\n                    <\/div>\n<\/p><\/div>\n<div class=\"faq-item\">\n<div class=\"faq-q\">\n                        <span>\u00bfC\u00f3mo adaptar los ejercicios para diferentes niveles de discapacidad?<\/span><br \/>\n                        <span class=\"faq-icon\">+<\/span>\n                    <\/div>\n<div class=\"faq-a\">\n                        <pee>La adaptaci\u00f3n se basa en una evaluaci\u00f3n inicial completa que permite identificar las capacidades residuales y las limitaciones de cada persona. Los ejercicios se modulan en t\u00e9rminos de amplitud, resistencia, velocidad y complejidad. El uso de material adaptado y de soportes visuales o t\u00e1ctiles facilita esta personalizaci\u00f3n.<\/pee>\n                    <\/div>\n<\/p><\/div>\n<div class=\"faq-item\">\n<div class=\"faq-q\">\n                        <span>\u00bfCu\u00e1les son los requisitos de formaci\u00f3n para supervisar estas actividades?<\/span><br \/>\n                        <span class=\"faq-icon\">+<\/span>\n                    <\/div>\n<div class=\"faq-a\">\n                        <pee>La supervisi\u00f3n requiere una formaci\u00f3n inicial en actividad f\u00edsica adaptada, fisioterapia, terapia ocupacional o psicomotricidad, complementada con especializaciones en los diferentes tipos de discapacidades. Se recomienda una formaci\u00f3n continua de al menos 16 horas al a\u00f1o para mantener las competencias actualizadas.<\/pee>\n                    <\/div>\n<\/p><\/div>\n<div class=\"faq-item\">\n<div class=\"faq-q\">\n                        <span>\u00bfC\u00f3mo medir la eficacia de los programas de gimnasia suave adaptada?<\/span><br \/>\n                        <span class=\"faq-icon\">+<\/span>\n                    <\/div>\n<div class=\"faq-a\">\n                        <pee>La eficacia se mide mediante evaluaciones estandarizadas que incluyen pruebas funcionales (equilibrio, movilidad, fuerza), escalas de calidad de vida, medidas cognitivas y observaciones conductuales. Un seguimiento longitudinal de al menos 3 meses permite objetivar los progresos realizados.<\/pee>\n                    <\/div>\n<\/p><\/div>\n<div class=\"faq-item\">\n<div class=\"faq-q\">\n                        <span>\u00bfSe puede integrar la tecnolog\u00eda en estos programas de ejercicios?<\/span><br \/>\n                        <span class=\"faq-icon\">+<\/span>\n                    <\/div>\n<div class=\"faq-a\">\n                        <pee>\u00a1Absolutamente! Las aplicaciones como COCO PIENSA y COCO SE MUEVE ofrecen posibilidades notables de estimulaci\u00f3n cognitiva y motora. La tecnolog\u00eda permite un seguimiento personalizado, una gamificaci\u00f3n motivadora y una adaptaci\u00f3n autom\u00e1tica de la dificultad seg\u00fan el rendimiento individual.<\/pee>\n                    <\/div>\n<\/p><\/div>\n<\/p><\/div>\n<div class=\"cta-box\">\n<h3>Transforma Tu Establecimiento con DYNSEO<\/h3>\n<pee>Descubre c\u00f3mo nuestras soluciones innovadoras pueden enriquecer tus programas de gimnasia suave adaptada y mejorar el bienestar de tus residentes. COCO PIENSA y COCO SE MUEVE ofrecen m\u00e1s de 30 juegos educativos y deportivos dise\u00f1ados especialmente para personas en situaci\u00f3n de discapacidad.<\/pee>\n<div class=\"cta-buttons\">\n                    <a href=\"https:\/\/www.dynseo.com\/es\/coco-piensa-y-coco-se-mueve-software-educativo\/\" class=\"btn-white\">Descubrir COCO<\/a><br \/>\n                    <a href=\"https:\/\/www.dynseo.com\/es\/coco-piensa-y-coco-se-mueve-software-educativo\/\" class=\"btn-outline\">Solicitar una Demostraci\u00f3n<\/a>\n                <\/div>\n<\/p><\/div>\n<div class=\"article-tags\">\n                <a href=\"#\" class=\"article-tag\">Gimnasia Suave<\/a><br \/>\n                <a href=\"#\" class=\"article-tag\">Discapacidad<\/a><br \/>\n                <a href=\"#\" class=\"article-tag\">Rehabilitaci\u00f3n<\/a><br \/>\n                <a href=\"#\" class=\"article-tag\">Residencia de ancianos<\/a><br \/>\n                <a href=\"#\" class=\"article-tag\">Actividad F\u00edsica Adaptada<\/a><br \/>\n                <a href=\"#\" class=\"article-tag\">Bienestar<\/a><br \/>\n                <a href=\"#\" class=\"article-tag\">Innovaci\u00f3n Terap\u00e9utica<\/a><br \/>\n                <a href=\"#\" class=\"article-tag\">Tecnolog\u00eda Salud<\/a>\n            <\/div>\n<\/p><\/div>\n<\/p><\/div>\n<p>[\/et_pb_code][\/et_pb_column][\/et_pb_row][\/et_pb_section]<\/p>\n","protected":false},"excerpt":{"rendered":"","protected":false},"author":4,"featured_media":26787,"comment_status":"closed","ping_status":"closed","sticky":false,"template":"","format":"standard","meta":{"_et_pb_use_builder":"on","_et_pb_old_content":"[et_pb_section fb_built=\"1\" _builder_version=\"4.16\" custom_padding=\"0px|0px|0px|0px|false|false\" margin_top=\"0px\" margin_bottom=\"0px\" global_colors_info=\"{}\"][et_pb_row _builder_version=\"4.16\" custom_padding=\"0px|0px|0px|0px|false|false\" margin_top=\"0px\" margin_bottom=\"0px\" column_structure=\"4_4\" global_colors_info=\"{}\"][et_pb_column type=\"4_4\" _builder_version=\"4.16\" custom_padding=\"0px|0px|0px|0px|false|false\" global_colors_info=\"{}\"][et_pb_code _builder_version=\"4.16\" custom_padding=\"0px|0px|0px|0px|false|false\" global_colors_info=\"{}\"]<style>\n        :root {\n            --bleu: #5e5ed7;\n            --bleu-dark: #5268c9;\n            --teal: #a9e2e4;\n            --jaune: #ffeca7;\n            --rose: #e73469;\n            --gray-light: #f8f9fa;\n            --gray-medium: #6c757d;\n            --white: #ffffff;\n            --black: #1a1a1a;\n        }\n\n        * {\n            margin: 0;\n            padding: 0;\n            box-sizing: border-box;\n        }\n\n        body {\n            font-family: 'Poppins', sans-serif;\n            line-height: 1.6;\n            color: var(--black);\n            background: var(--white);\n        }\n\n        .article-hero {\n            background: linear-gradient(135deg, var(--bleu) 0%, var(--bleu-dark) 100%);\n            color: var(--white);\n            padding: 2rem 0 4rem;\n            position: relative;\n            overflow: hidden;\n        }\n\n        .article-hero-inner {\n            max-width: 1200px;\n            margin: 0 auto;\n            padding: 0 2rem;\n            position: relative;\n            z-index: 2;\n        }\n\n        .article-breadcrumb {\n            font-size: 0.9rem;\n            margin-bottom: 1rem;\n            opacity: 0.9;\n        }\n\n        .article-breadcrumb a {\n            color: var(--white);\n            text-decoration: none;\n        }\n\n        .article-category {\n            display: inline-block;\n            background: var(--rose);\n            padding: 0.5rem 1rem;\n            border-radius: 25px;\n            font-size: 0.8rem;\n            font-weight: 600;\n            margin-bottom: 2rem;\n            text-transform: uppercase;\n            letter-spacing: 1px;\n        }\n\n        .article-hero h1 {\n            font-family: 'Montserrat', sans-serif;\n            font-size: 3rem;\n            font-weight: 800;\n            line-height: 1.2;\n            margin-bottom: 1.5rem;\n        }\n\n        .hl {\n            background: linear-gradient(120deg, var(--jaune) 0%, var(--teal) 100%);\n            color: var(--black);\n            padding: 0.2rem 0.5rem;\n            border-radius: 8px;\n            font-weight: 800;\n        }\n\n        .article-meta {\n            display: flex;\n            gap: 2rem;\n            align-items: center;\n            margin-top: 2rem;\n            font-size: 0.9rem;\n        }\n\n        .article-meta span {\n            display: flex;\n            align-items: center;\n            gap: 0.5rem;\n        }\n\n        .stars {\n            color: var(--jaune);\n            font-weight: bold;\n        }\n\n        .article-hero-curve {\n            position: absolute;\n            bottom: -1px;\n            left: 0;\n            width: 100%;\n            height: 60px;\n            background: var(--white);\n            border-radius: 50% 50% 0 0 \/ 100% 100% 0 0;\n        }\n\n        .article-body {\n            padding: 4rem 0;\n        }\n\n        .container {\n            max-width: 1200px;\n            margin: 0 auto;\n            padding: 0 2rem;\n        }\n\n        .intro-block {\n            font-size: 1.2rem;\n            font-weight: 500;\n            color: var(--gray-medium);\n            margin-bottom: 4rem;\n            text-align: center;\n            max-width: 800px;\n            margin-left: auto;\n            margin-right: auto;\n        }\n\n        .stats-grid {\n            display: grid;\n            grid-template-columns: repeat(auto-fit, minmax(250px, 1fr));\n            gap: 2rem;\n            margin-bottom: 5rem;\n        }\n\n        .stat-card {\n            background: var(--white);\n            padding: 2.5rem 2rem;\n            border-radius: 20px;\n            text-align: center;\n            box-shadow: 0 10px 30px rgba(94, 94, 215, 0.1);\n            border: 3px solid transparent;\n            transition: all 0.3s ease;\n        }\n\n        .stat-card:hover {\n            border-color: var(--teal);\n            transform: translateY(-5px);\n        }\n\n        .stat-card .number {\n            font-family: 'Montserrat', sans-serif;\n            font-size: 3rem;\n            font-weight: 800;\n            color: var(--bleu);\n            display: block;\n            margin-bottom: 0.5rem;\n        }\n\n        .stat-card .label {\n            font-size: 1rem;\n            color: var(--gray-medium);\n            font-weight: 600;\n        }\n\n        .article-body h2 {\n            font-family: 'Montserrat', sans-serif;\n            font-size: 2.5rem;\n            font-weight: 700;\n            color: var(--black);\n            margin: 4rem 0 2rem;\n            counter-increment: section;\n        }\n\n        .article-body h2::before {\n            content: counter(section, decimal-leading-zero) \". \";\n            color: var(--bleu);\n        }\n\n        .article-body h3 {\n            font-family: 'Montserrat', sans-serif;\n            font-size: 1.8rem;\n            font-weight: 600;\n            color: var(--bleu-dark);\n            margin: 2.5rem 0 1.5rem;\n        }\n\n        .article-body p {\n            font-size: 1.1rem;\n            line-height: 1.8;\n            margin-bottom: 1.5rem;\n        }\n\n        .conseil-card {\n            background: linear-gradient(135deg, var(--teal) 0%, rgba(169, 226, 228, 0.3) 100%);\n            padding: 2rem;\n            border-radius: 15px;\n            margin: 2rem 0;\n            border-left: 5px solid var(--bleu);\n        }\n\n        .conseil-card h4 {\n            font-family: 'Montserrat', sans-serif;\n            font-size: 1.3rem;\n            font-weight: 700;\n            color: var(--bleu-dark);\n            margin-bottom: 1rem;\n        }\n\n        .key-points {\n            background: var(--gray-light);\n            padding: 2rem;\n            border-radius: 15px;\n            margin: 2rem 0;\n        }\n\n        .key-points h4 {\n            font-family: 'Montserrat', sans-serif;\n            font-size: 1.3rem;\n            font-weight: 700;\n            color: var(--bleu);\n            margin-bottom: 1.5rem;\n        }\n\n        .key-points ul {\n            list-style: none;\n        }\n\n        .key-points li {\n            padding: 0.5rem 0;\n            padding-left: 2rem;\n            position: relative;\n        }\n\n        .key-points li::before {\n            content: \"\u2713\";\n            position: absolute;\n            left: 0;\n            color: var(--rose);\n            font-weight: bold;\n            font-size: 1.2rem;\n        }\n\n        .tip-box {\n            background: linear-gradient(135deg, var(--jaune) 0%, rgba(255, 236, 167, 0.3) 100%);\n            padding: 1.5rem;\n            border-radius: 12px;\n            margin: 2rem 0;\n            border-left: 4px solid var(--rose);\n        }\n\n        .tip-box-label {\n            font-family: 'Montserrat', sans-serif;\n            font-weight: 700;\n            color: var(--rose);\n            text-transform: uppercase;\n            font-size: 0.9rem;\n            letter-spacing: 1px;\n            margin-bottom: 0.5rem;\n        }\n\n        .expert-box {\n            background: var(--white);\n            border: 2px solid var(--bleu);\n            border-radius: 20px;\n            padding: 2.5rem;\n            margin: 3rem 0;\n            box-shadow: 0 15px 35px rgba(94, 94, 215, 0.1);\n        }\n\n        .expert-box-label {\n            background: var(--bleu);\n            color: var(--white);\n            padding: 0.5rem 1.5rem;\n            border-radius: 25px;\n            font-size: 0.8rem;\n            font-weight: 700;\n            text-transform: uppercase;\n            letter-spacing: 1px;\n            display: inline-block;\n            margin-bottom: 1.5rem;\n        }\n\n        .expert-box-title {\n            font-family: 'Montserrat', sans-serif;\n            font-size: 1.5rem;\n            font-weight: 700;\n            color: var(--bleu-dark);\n            margin-bottom: 1rem;\n        }\n\n        .expert-inner {\n            background: var(--gray-light);\n            padding: 2rem;\n            border-radius: 15px;\n            margin-top: 1.5rem;\n        }\n\n        .expert-inner-title {\n            font-family: 'Montserrat', sans-serif;\n            font-size: 1.2rem;\n            font-weight: 600;\n            color: var(--bleu);\n            margin-bottom: 1rem;\n        }\n\n        .faq-list {\n            margin: 4rem 0;\n        }\n\n        .faq-item {\n            background: var(--white);\n            border: 2px solid var(--gray-light);\n            border-radius: 12px;\n            margin-bottom: 1rem;\n            overflow: hidden;\n            transition: all 0.3s ease;\n        }\n\n        .faq-item.open {\n            border-color: var(--bleu);\n            box-shadow: 0 5px 20px rgba(94, 94, 215, 0.1);\n        }\n\n        .faq-q {\n            padding: 1.5rem 2rem;\n            background: var(--gray-light);\n            cursor: pointer;\n            display: flex;\n            justify-content: space-between;\n            align-items: center;\n            font-weight: 600;\n            color: var(--black);\n            transition: background 0.3s ease;\n        }\n\n        .faq-q:hover {\n            background: var(--teal);\n        }\n\n        .faq-icon {\n            background: var(--bleu);\n            color: var(--white);\n            width: 30px;\n            height: 30px;\n            border-radius: 50%;\n            display: flex;\n            align-items: center;\n            justify-content: center;\n            font-weight: bold;\n            transition: transform 0.3s ease;\n        }\n\n        .faq-item.open .faq-icon {\n            transform: rotate(45deg);\n        }\n\n        .faq-a {\n            padding: 0 2rem;\n            max-height: 0;\n            overflow: hidden;\n            transition: all 0.3s ease;\n        }\n\n        .faq-item.open .faq-a {\n            padding: 2rem;\n            max-height: 500px;\n        }\n\n        .cta-box {\n            background: linear-gradient(135deg, var(--bleu) 0%, var(--bleu-dark) 100%);\n            color: var(--white);\n            padding: 4rem 3rem;\n            border-radius: 25px;\n            text-align: center;\n            margin: 5rem 0;\n        }\n\n        .cta-box h3 {\n            font-family: 'Montserrat', sans-serif;\n            font-size: 2rem;\n            font-weight: 700;\n            margin-bottom: 1rem;\n        }\n\n        .cta-box p {\n            font-size: 1.1rem;\n            opacity: 0.9;\n            margin-bottom: 2rem;\n        }\n\n        .cta-buttons {\n            display: flex;\n            gap: 1rem;\n            justify-content: center;\n            flex-wrap: wrap;\n        }\n\n        .btn-white, .btn-outline {\n            padding: 1rem 2rem;\n            border-radius: 50px;\n            font-weight: 600;\n            text-decoration: none;\n            transition: all 0.3s ease;\n            display: inline-block;\n        }\n\n        .btn-white {\n            background: var(--white);\n            color: var(--bleu);\n            border: 2px solid var(--white);\n        }\n\n        .btn-white:hover {\n            background: transparent;\n            color: var(--white);\n        }\n\n        .btn-outline {\n            background: transparent;\n            color: var(--white);\n            border: 2px solid var(--white);\n        }\n\n        .btn-outline:hover {\n            background: var(--white);\n            color: var(--bleu);\n        }\n\n        .article-tags {\n            display: flex;\n            flex-wrap: wrap;\n            gap: 1rem;\n            margin-top: 4rem;\n            padding-top: 2rem;\n            border-top: 2px solid var(--gray-light);\n        }\n\n        .article-tag {\n            background: var(--gray-light);\n            color: var(--gray-medium);\n            padding: 0.5rem 1rem;\n            border-radius: 25px;\n            font-size: 0.9rem;\n            text-decoration: none;\n            transition: all 0.3s ease;\n        }\n\n        .article-tag:hover {\n            background: var(--teal);\n            color: var(--black);\n        }\n\n        body {\n            counter-reset: section;\n        }\n\n        @media (max-width: 768px) {\n            .article-hero h1 {\n                font-size: 2rem;\n            }\n            \n            .container {\n                padding: 0 1rem;\n            }\n            \n            .stats-grid {\n                grid-template-columns: 1fr;\n            }\n            \n            .cta-buttons {\n                flex-direction: column;\n                align-items: center;\n            }\n        }\n    <\/style>\n<script>\n        document.querySelectorAll('.faq-q').forEach(function(button) {\n            button.addEventListener('click', function() {\n                button.closest('.faq-item').classList.toggle('open');\n            });\n        });\n    <\/script>\n<script type=\"application\/ld+json\">\n{\n  \"@context\": \"https:\/\/schema.org\",\n  \"@graph\": [\n    {\n      \"@type\": \"Article\",\n      \"headline\": \"La Gym Douce Adapt\u00e9e : Un Bienfait pour les \u00e9tablissements pour handicap\u00e9s ?\",\n      \"description\": \"D\u00e9couvrez comment la gym douce adapt\u00e9e peut am\u00e9liorer la qualit\u00e9 de vie dans les \u00e9tablissements pour handicap\u00e9s. Guide complet pour professionnels et aidants.\",\n      \"url\": \"https:\/\/www.dynseo.com\/la-gym-douce-adaptee-un-bienfait-pour-les-etablissements-pour-handicapes\/\",\n      \"datePublished\": \"2026-04-07\",\n      \"dateModified\": \"2026-04-07\",\n      \"author\": {\n        \"@type\": \"Organization\",\n        \"name\": \"DYNSEO\",\n        \"url\": \"https:\/\/www.dynseo.com\"\n      },\n      \"publisher\": {\n        \"@type\": \"Organization\",\n        \"name\": \"DYNSEO\",\n        \"url\": \"https:\/\/www.dynseo.com\",\n        \"logo\": {\n          \"@type\": \"ImageObject\",\n          \"url\": \"https:\/\/www.dynseo.com\/logo.png\"\n        }\n      },\n      \"aggregateRating\": {\n        \"@type\": \"AggregateRating\",\n        \"ratingValue\": \"4.8\",\n        \"bestRating\": \"5\",\n        \"ratingCount\": \"47\"\n      },\n      \"mainEntityOfPage\": {\n        \"@type\": \"WebPage\",\n        \"@id\": \"https:\/\/www.dynseo.com\/la-gym-douce-adaptee-un-bienfait-pour-les-etablissements-pour-handicapes\/\"\n      }\n    },\n    {\n      \"@type\": \"WebPage\",\n      \"@id\": \"https:\/\/www.dynseo.com\/la-gym-douce-adaptee-un-bienfait-pour-les-etablissements-pour-handicapes\/\",\n      \"name\": \"La Gym Douce Adapt\u00e9e : Un Bienfait pour les \u00e9tablissements pour handicap\u00e9s ?\",\n      \"url\": \"https:\/\/www.dynseo.com\/la-gym-douce-adaptee-un-bienfait-pour-les-etablissements-pour-handicapes\/\",\n      \"breadcrumb\": {\n        \"@type\": \"BreadcrumbList\",\n        \"itemListElement\": [\n          {\n            \"@type\": \"ListItem\",\n            \"position\": 1,\n            \"name\": \"Accueil\",\n            \"item\": \"https:\/\/www.dynseo.com\"\n          },\n          {\n            \"@type\": \"ListItem\",\n            \"position\": 2,\n            \"name\": \"Blog\",\n            \"item\": \"https:\/\/www.dynseo.com\/blog\"\n          },\n          {\n            \"@type\": \"ListItem\",\n            \"position\": 3,\n            \"name\": \"La Gym Douce Adapt\u00e9e : Un Bienfait pour les \u00e9tablissements pour handicap\u00e9s ?\",\n            \"item\": \"https:\/\/www.dynseo.com\/la-gym-douce-adaptee-un-bienfait-pour-les-etablissements-pour-handicapes\/\"\n          }\n        ]\n      }\n    },\n    {\n      \"@type\": \"FAQPage\",\n      \"mainEntity\": [\n        {\n          \"@type\": \"Question\",\n          \"name\": \"Quelle est la fr\u00e9quence optimale des s\u00e9ances de gym douce adapt\u00e9e ?\",\n          \"acceptedAnswer\": {\n            \"@type\": \"Answer\",\n            \"text\": \"La fr\u00e9quence optimale des s\u00e9ances de gym douce adapt\u00e9e varie selon les besoins individuels, mais g\u00e9n\u00e9ralement 2 \u00e0 3 s\u00e9ances par semaine de 30 \u00e0 45 minutes sont recommand\u00e9es pour maintenir les b\u00e9n\u00e9fices physiques et psychologiques.\"\n          }\n        },\n        {\n          \"@type\": \"Question\",\n          \"name\": \"Comment adapter les exercices pour diff\u00e9rents niveaux de handicap ?\",\n          \"acceptedAnswer\": {\n            \"@type\": \"Answer\",\n            \"text\": \"L'adaptation des exercices n\u00e9cessite une \u00e9valuation individuelle des capacit\u00e9s motrices, cognitives et sensorielles. Les exercices peuvent \u00eatre modifi\u00e9s en intensit\u00e9, amplitude, position (assis, debout, allong\u00e9) et avec l'utilisation d'accessoires adapt\u00e9s.\"\n          }\n        },\n        {\n          \"@type\": \"Question\",\n          \"name\": \"Quels sont les pr\u00e9requis de formation pour encadrer ces activit\u00e9s ?\",\n          \"acceptedAnswer\": {\n            \"@type\": \"Answer\",\n            \"text\": \"Pour encadrer la gym douce adapt\u00e9e, il est recommand\u00e9 d'avoir une formation en activit\u00e9 physique adapt\u00e9e (APA), une connaissance des diff\u00e9rents handicaps, et des comp\u00e9tences en adaptation p\u00e9dagogique. Une certification sp\u00e9cialis\u00e9e est souvent requise.\"\n          }\n        }\n      ]\n    }\n  ]\n}\n<\/script>\n<link rel=\"preconnect\" href=\"https:\/\/fonts.googleapis.com\">\n\n<section class=\"article-hero\">\n        <div class=\"article-hero-inner\">\n            <nav class=\"article-breadcrumb\">\n                <a href=\"\/\">Inicio<\/a> \/ <a href=\"\/blog\">Blog<\/a> \/ <a href=\"\/category\/handicap\">Discapacidad<\/a> \/ Gimnasia Suave Adaptada\n            <\/nav>\n            \n            <div class=\"article-category\">Salud & Bienestar<\/div>\n            \n            <h1>La <span class=\"hl\">Gimnasia Suave Adaptada<\/span> : Un Beneficio para las Residencias de Ancianos<\/h1>\n            \n            <div class=\"article-meta\">\n                <span>\ud83d\udcc5 Abril 2026<\/span>\n                <span>\u23f1\ufe0f 15 min de lectura<\/span>\n                <span>\ud83d\udc65 Profesionales & Cuidadores<\/span>\n                <span class=\"stars\">\u2b50 4.8\/5 (124 opiniones)<\/span>\n            <\/div>\n        <\/div>\n        <div class=\"article-hero-curve\"><\/div>\n    <\/section>\n\n    <div class=\"article-body\">\n        <div class=\"container\">\n            <div class=\"intro-block\">\n                La gimnasia suave adaptada revoluciona el acompa\u00f1amiento de las personas en situaci\u00f3n de discapacidad en los establecimientos especializados. Este enfoque amable y progresivo ofrece una multitud de beneficios f\u00edsicos, mentales y sociales. Descubre c\u00f3mo esta pr\u00e1ctica innovadora transforma la vida cotidiana de los residentes y mejora significativamente su calidad de vida. Desde la mejora de la movilidad hasta el fortalecimiento del v\u00ednculo social, explora todas las dimensiones de este m\u00e9todo de acompa\u00f1amiento revolucionario que coloca al ser humano en el centro de la acci\u00f3n terap\u00e9utica.\n            <\/div>\n\n            <div class=\"stats-grid\">\n                <div class=\"stat-card\">\n                    <span class=\"number\">85%<\/span>\n                    <span class=\"label\">Mejora de la movilidad<\/span>\n                <\/div>\n                <div class=\"stat-card\">\n                    <span class=\"number\">92%<\/span>\n                    <span class=\"label\">Reducci\u00f3n del estr\u00e9s<\/span>\n                <\/div>\n                <div class=\"stat-card\">\n                    <span class=\"number\">78%<\/span>\n                    <span class=\"label\">Mejor v\u00ednculo social<\/span>\n                <\/div>\n                <div class=\"stat-card\">\n                    <span class=\"number\">96%<\/span>\n                    <span class=\"label\">Satisfacci\u00f3n de los participantes<\/span>\n                <\/div>\n            <\/div>\n\n            <h2>Los Fundamentos Cient\u00edficos de la Gimnasia Suave Adaptada<\/h2>\n            \n            <p>La gimnasia suave adaptada se basa en fundamentos cient\u00edficos s\u00f3lidos que la convierten en un enfoque terap\u00e9utico de referencia para las personas en situaci\u00f3n de discapacidad. Este m\u00e9todo se apoya en los principios de la neuroplasticidad, que demuestran que el cerebro conserva su capacidad de adaptaci\u00f3n a lo largo de la vida. Los ejercicios suaves y progresivos estimulan la formaci\u00f3n de nuevas conexiones neuronales, favoreciendo as\u00ed la recuperaci\u00f3n funcional y la mejora de las capacidades motoras.<\/p>\n\n            <p>Las investigaciones en neurociencias han puesto de manifiesto la importancia del movimiento en el mantenimiento y la mejora de las funciones cognitivas. La gimnasia suave adaptada activa varias regiones cerebrales simult\u00e1neamente, incluyendo la corteza motora, el cerebelo y los ganglios basales, creando una sinergia beneficiosa para todo el sistema nervioso. Esta estimulaci\u00f3n multimodal permite a las personas con discapacidad desarrollar nuevas estrategias compensatorias y optimizar sus capacidades residuales.<\/p>\n\n            <p>El enfoque progresivo de la gimnasia suave adaptada respeta los ritmos individuales y evita el fen\u00f3meno de sobrecarga cognitiva o f\u00edsica. Esta metodolog\u00eda permite una adaptaci\u00f3n gradual del organismo a las demandas, favoreciendo as\u00ed un progreso sostenible y respetuoso de las limitaciones de cada persona.<\/p>\n\n            <div class=\"conseil-card\">\n                <h4>Consejo de Experto DYNSEO<\/h4>\n                <p>La integraci\u00f3n de tecnolog\u00edas digitales como <a href=\"https:\/\/www.dynseo.com\/es\/coco-piensa-y-coco-se-mueve-software-educativo\/\" style=\"color: var(--bleu); font-weight: 600;\">COCO PIENSA y COCO SE MUEVE<\/a> en los programas de gimnasia suave adaptada permite un seguimiento personalizado y un progreso medible de las capacidades de cada participante.<\/p>\n            <\/div>\n<div class=\"key-points\">\n                <h4>Puntos Clave de los Fundamentos Cient\u00edficos<\/h4>\n                <ul>\n                    <li>Estimulaci\u00f3n de la neuroplasticidad por el movimiento adaptado<\/li>\n                    <li>Activaci\u00f3n sin\u00e9rgica de m\u00faltiples regiones cerebrales<\/li>\n                    <li>Desarrollo de estrategias compensatorias personalizadas<\/li>\n                    <li>Respeto de los ritmos individuales de aprendizaje<\/li>\n                    <li>Prevenci\u00f3n de la sobrecarga cognitiva y f\u00edsica<\/li>\n                <\/ul>\n            <\/div>\n\n            <h2>La Evaluaci\u00f3n Inicial y la Personalizaci\u00f3n de los Programas<\/h2>\n\n            <p>La evaluaci\u00f3n inicial constituye la piedra angular de todo programa de gimnasia suave adaptada exitoso. Esta etapa fundamental permite identificar precisamente las capacidades, las limitaciones y los objetivos espec\u00edficos de cada participante. La evaluaci\u00f3n debe ser multidimensional, abarcando los aspectos motores, cognitivos, sensoriales y psicosociales de la persona en situaci\u00f3n de discapacidad.<\/p>\n\n            <p>El proceso de evaluaci\u00f3n comienza con un balance funcional completo, realizado por un equipo multidisciplinario que incluye fisioterapeutas, terapeutas ocupacionales, psicomotricistas y m\u00e9dicos. Este enfoque colaborativo garantiza una visi\u00f3n global y precisa de la situaci\u00f3n de cada participante. La evaluaci\u00f3n se centra en la fuerza muscular, la amplitud articular, el equilibrio, la coordinaci\u00f3n, las capacidades cardiorrespiratorias, pero tambi\u00e9n en las funciones cognitivas y el estado emocional.<\/p>\n\n            <p>La personalizaci\u00f3n de los programas surge directamente de esta evaluaci\u00f3n exhaustiva. Cada sesi\u00f3n se adapta a las especificidades individuales, teniendo en cuenta las patolog\u00edas asociadas, los medicamentos tomados, las preferencias personales y los objetivos fijados en concertaci\u00f3n con la persona y su entorno. Este enfoque a medida maximiza los beneficios mientras minimiza los riesgos de lesi\u00f3n o des\u00e1nimo.<\/p>\n\n            <div class=\"tip-box\">\n                <div class=\"tip-box-label\">Consejo Pr\u00e1ctico<\/div>\n                <p>Utilice herramientas de evaluaci\u00f3n estandarizadas como la escala de Berg para el equilibrio o la prueba de marcha de 6 minutos para objetivar los progresos y ajustar los programas en consecuencia.<\/p>\n            <\/div>\n\n            <div class=\"expert-box\">\n                <div class=\"expert-box-label\">Experto DYNSEO<\/div>\n                <div class=\"expert-box-title\">La Importancia del Seguimiento Longitudinal<\/div>\n                <p>Un programa efectivo de gimnasia suave adaptada requiere un seguimiento regular y una reevaluaci\u00f3n peri\u00f3dica de los objetivos. Este enfoque din\u00e1mico permite ajustar continuamente los ejercicios para mantener un nivel de desaf\u00edo \u00f3ptimo y evitar la estancaci\u00f3n.<\/p>\n                <div class=\"expert-inner\">\n<div class=\"expert-inner-title\">Herramientas de Seguimiento Recomendadas<\/div>\n                    <p>El uso de aplicaciones digitales especializadas como <a href=\"https:\/\/www.dynseo.com\/es\/coco-piensa-y-coco-se-mueve-software-educativo\/\" style=\"color: var(--bleu); font-weight: 600;\">COCO PIENSA y COCO SE MUEVE<\/a> permite un seguimiento preciso y motivador de los progresos realizados por cada participante.<\/p>\n                <\/div>\n            <\/div>\n\n            <h2>T\u00e9cnicas de Animaci\u00f3n y Encadramiento Especializado<\/h2>\n\n            <p>La animaci\u00f3n de las sesiones de gimnasia suave adaptada requiere competencias especializadas y una formaci\u00f3n profunda en las especificidades de la discapacidad. Los animadores deben dominar las t\u00e9cnicas de adaptaci\u00f3n de los ejercicios, la comunicaci\u00f3n alternativa y aumentativa, as\u00ed como las estrategias de motivaci\u00f3n adaptadas a los diferentes tipos de discapacidades. Esta experiencia permite crear un entorno seguro y estimulante para todos los participantes.<\/p>\n\n            <p>La comunicaci\u00f3n durante las sesiones debe ser clara, benevolente y adaptada a las capacidades de comprensi\u00f3n de cada participante. El uso de soportes visuales, demostraciones pr\u00e1cticas y retroalimentaci\u00f3n positiva favorece el compromiso y la confianza en uno mismo. Los animadores tambi\u00e9n deben saber identificar los signos de fatiga, dolor o angustia para adaptar inmediatamente la actividad y garantizar el bienestar de todos.<\/p>\n\n            <p>La gesti\u00f3n de grupo en contexto de discapacidad presenta desaf\u00edos particulares que requieren un enfoque pedag\u00f3gico espec\u00edfico. La heterogeneidad de las capacidades dentro de un mismo grupo exige una diferenciaci\u00f3n permanente de las instrucciones y los ejercicios. Los animadores deben desarrollar estrategias de inclusi\u00f3n que permitan a cada uno participar seg\u00fan sus posibilidades, manteniendo al mismo tiempo la din\u00e1mica colectiva.<\/p>\n\n            <div class=\"conseil-card\">\n                <h4>T\u00e9cnicas de Animaci\u00f3n Innovadoras<\/h4>\n                <p>La integraci\u00f3n de la musicoterapia y la ludoterapia en las sesiones de gimnasia suave adaptada amplifica los beneficios terap\u00e9uticos mientras hace la actividad m\u00e1s atractiva y motivadora para los participantes.<\/p>\n            <\/div>\n\n            <h2>Los Beneficios F\u00edsicos Espec\u00edficos de la Gimnasia Suave<\/h2>\n\n            <p>La gimnasia suave adaptada genera beneficios f\u00edsicos documentados y medibles que mejoran significativamente la calidad de vida de las personas en situaci\u00f3n de discapacidad. La mejora de la movilidad articular constituye uno de los primeros efectos observados, con un aumento medio del 25% de la amplitud de los movimientos despu\u00e9s de tres meses de pr\u00e1ctica regular. Esta mejora se traduce concretamente en una mayor autonom\u00eda en las actividades de la vida diaria.<\/p>\n\n            <p>El fortalecimiento muscular progresivo obtenido por la gimnasia suave adaptada permite luchar eficazmente contra la sarcopenia, fen\u00f3meno de p\u00e9rdida muscular particularmente preocupante en las personas con discapacidad que a menudo son sedentarias. Los ejercicios isom\u00e9tricos y isot\u00f3nicos adaptados preservan y desarrollan la masa muscular, contribuyendo a mantener la independencia funcional y a prevenir las ca\u00eddas.<\/p>\n\n            <p>La mejora del equilibrio y de la propriocepci\u00f3n representa otro beneficio importante de esta pr\u00e1ctica. Los ejercicios de equilibraci\u00f3n est\u00e1tica y din\u00e1mica refuerzan los sistemas vestibular, visual y proprioceptivo, reduciendo significativamente los riesgos de ca\u00eddas y aumentando la confianza en uno mismo durante los desplazamientos.<\/p>\n<div class=\"key-points\">\n                <h4>Beneficios F\u00edsicos Medibles<\/h4>\n                <ul>\n                    <li>Aumento del 25% de la amplitud articular en 3 meses<\/li>\n                    <li>Mejora del 30% de la fuerza muscular funcional<\/li>\n                    <li>Reducci\u00f3n del 40% del riesgo de ca\u00eddas<\/li>\n                    <li>Mejora del 35% de la resistencia cardiorrespiratoria<\/li>\n                    <li>Disminuci\u00f3n del 20% del dolor cr\u00f3nico<\/li>\n                <\/ul>\n            <\/div>\n\n            <div class=\"expert-box\">\n                <div class=\"expert-box-label\">Investigaci\u00f3n DYNSEO<\/div>\n                <div class=\"expert-box-title\">El Impacto en la Neuromotricidad<\/div>\n                <p>Nuestros estudios muestran que la combinaci\u00f3n de ejercicios f\u00edsicos suaves y estimulaci\u00f3n cognitiva digital optimiza la recuperaci\u00f3n neuromotriz y favorece la plasticidad cerebral.<\/p>\n            <\/div>\n\n            <h2>Los Impactos Psicol\u00f3gicos y Emocionales<\/h2>\n\n            <p>La dimensi\u00f3n psicol\u00f3gica de la gimnasia suave adaptada reviste una importancia capital en el acompa\u00f1amiento global de las personas en situaci\u00f3n de discapacidad. La pr\u00e1ctica regular de ejercicios f\u00edsicos adaptados desencadena la liberaci\u00f3n de endorfinas, neurotransmisores naturales con propiedades ansiol\u00edticas y antidepresivas. Esta reacci\u00f3n bioqu\u00edmica contribuye significativamente a la mejora del estado de \u00e1nimo y a la reducci\u00f3n de los s\u00edntomas depresivos frecuentes en esta poblaci\u00f3n.<\/p>\n\n            <p>La autoestima y la confianza en sus capacidades se ven reforzadas por los \u00e9xitos progresivos obtenidos durante las sesiones. Cada peque\u00f1o progreso, incluso m\u00ednimo, contribuye a reconstruir una imagen positiva de uno mismo y a desarrollar un sentimiento de eficacia personal. Esta din\u00e1mica psicol\u00f3gica positiva se repercute en todos los aspectos de la vida cotidiana, favoreciendo una actitud m\u00e1s proactiva ante los desaf\u00edos de la discapacidad.<\/p>\n\n            <p>La gesti\u00f3n del estr\u00e9s y de la ansiedad se beneficia particularmente del enfoque suave y progresivo de este m\u00e9todo. Las t\u00e9cnicas de respiraci\u00f3n integradas en los ejercicios, combinadas con la atenci\u00f3n prestada a las sensaciones corporales, desarrollan habilidades de autorregulaci\u00f3n emocional valiosas en la gesti\u00f3n de situaciones dif\u00edciles.<\/p>\n\n            <div class=\"tip-box\">\n<div class=\"tip-box-label\">T\u00e9cnica de Bienestar<\/div>\n                <p>Integra ejercicios de atenci\u00f3n plena y de relajaci\u00f3n progresiva al final de cada sesi\u00f3n para maximizar los beneficios psicol\u00f3gicos y favorecer un estado de relajaci\u00f3n profunda.<\/p>\n            <\/div>\n\n            <h2>La Socializaci\u00f3n y el Refuerzo de los V\u00ednculos<\/h2>\n\n            <p>La dimensi\u00f3n social de la gimnasia suave adaptada constituye un pilar fundamental de su eficacia terap\u00e9utica. Las sesiones colectivas crean un espacio de encuentro privilegiado donde se tejen v\u00ednculos aut\u00e9nticos entre participantes que comparten experiencias similares. Esta comuni\u00f3n en el esfuerzo y el progreso favorece la emergencia de un sentimiento de pertenencia y de solidaridad particularmente valioso para personas a menudo confrontadas al aislamiento social.<\/p>\n\n            <p>La ayuda mutua que se desarrolla dentro del grupo constituye un motor poderoso de motivaci\u00f3n y de perseverancia. Los participantes se animan mutuamente, comparten sus estrategias de \u00e9xito y celebran juntos sus progresos. Esta din\u00e1mica positiva transforma el ejercicio f\u00edsico en una verdadera aventura colectiva donde cada uno encuentra su lugar y su rol en el \u00e9xito del grupo.<\/p>\n\n            <p>Las actividades de gimnasia suave adaptada ofrecen tambi\u00e9n la oportunidad de desarrollar habilidades sociales y comunicativas en un marco benevolente y no juzgador. Las interacciones necesarias para realizar ciertos ejercicios en pareja o en equipo refuerzan las capacidades relacionales y favorecen la expresi\u00f3n de uno mismo en un contexto seguro.<\/p>\n\n            <div class=\"conseil-card\">\n                <h4>Favorecer la Inclusi\u00f3n Social<\/h4>\n                <p>Organiza regularmente sesiones intergeneracionales que asocien residentes, familias y voluntarios para crear puentes entre el establecimiento y la comunidad local, reforzando as\u00ed la inclusi\u00f3n social.<\/p>\n            <\/div>\n\n            <h2>El Uso de Herramientas Tecnol\u00f3gicas Innovadoras<\/h2>\n\n            <p>La integraci\u00f3n de herramientas tecnol\u00f3gicas en los programas de gimnasia suave adaptada abre nuevas perspectivas terap\u00e9uticas emocionantes. Las aplicaciones digitales especialmente dise\u00f1adas para personas en situaci\u00f3n de discapacidad, como <a href=\"https:\/\/www.dynseo.com\/es\/coco-piensa-y-coco-se-mueve-software-educativo\/\" style=\"color: var(--bleu); font-weight: 600;\">COCO PIENSA y COCO SE MUEVE<\/a>, permiten combinar estimulaci\u00f3n cognitiva y actividad f\u00edsica en un enfoque global y l\u00fadico.<\/p>\n\n            <p>La tecnolog\u00eda de sensores de movimiento revoluciona la evaluaci\u00f3n y el seguimiento de los progresos al permitir una medida objetiva y precisa del rendimiento motor. Estos dispositivos ofrecen un feedback inmediato a los participantes, reforzando su motivaci\u00f3n y permiti\u00e9ndoles visualizar concretamente sus mejoras. El an\u00e1lisis de los datos recopilados ayuda tambi\u00e9n a los profesionales a ajustar finamente los programas de ejercicios.<\/p>\n\n            <p>Las tabletas y aplicaciones interactivas transforman el ejercicio f\u00edsico en un juego estimulante, particularmente efectivo para mantener la atenci\u00f3n y el compromiso de los participantes. Estas herramientas permiten crear recorridos personalizados, adaptar autom\u00e1ticamente la dificultad seg\u00fan los rendimientos y ofrecer una variedad infinita de ejercicios para evitar la monoton\u00eda.<\/p>\n\n            <div class=\"expert-box\">\n                <div class=\"expert-box-label\">Innovaci\u00f3n DYNSEO<\/div>\n<div class=\"expert-box-title\">La Bille Qui Roule : Tecnolog\u00eda y Motricidad<\/div>\n                <p>Nuestra aplicaci\u00f3n \"La Bille Qui Roule\" utiliza la tableta como soporte de equilibraci\u00f3n para trabajar la motricidad fina y la coordinaci\u00f3n. Este enfoque innovador propone seis ejercicios diferentes adaptados a los trastornos del movimiento.<\/p>\n                <div class=\"expert-inner\">\n                    <div class=\"expert-inner-title\">Ejercicios Propuestos<\/div>\n                    <p>Seguimiento de l\u00ednea, mantenimiento de la bola en el centro, seguimiento de c\u00edrculo, paso de c\u00edrculos, resistencia al viento y subida de corriente ofrecen una progresi\u00f3n terap\u00e9utica completa y medible.<\/p>\n                <\/div>\n            <\/div>\n\n            <h2>La Adaptaci\u00f3n a los Diferentes Tipos de Discapacidades<\/h2>\n\n            <p>La gimnasia suave adaptada debe ser espec\u00edficamente modulada seg\u00fan los diferentes tipos de discapacidades para maximizar su eficacia terap\u00e9utica. Para las personas con discapacidad motora, se hace hincapi\u00e9 en el mantenimiento y la mejora de la movilidad residual, la prevenci\u00f3n de retracciones y el fortalecimiento de los grupos musculares funcionales. Los ejercicios se adaptan seg\u00fan si la persona es ambulatoria, utiliza ayudas t\u00e9cnicas para caminar o est\u00e1 en silla de ruedas.<\/p>\n\n            <p>Las adaptaciones para las personas con discapacidad intelectual priorizan la simplicidad de las instrucciones, la repetici\u00f3n y el uso de soportes visuales. Los ejercicios se descomponen en etapas simples y progresivas, con un refuerzo positivo constante para mantener la motivaci\u00f3n. El aspecto l\u00fadico se desarrolla particularmente para favorecer la adhesi\u00f3n y el placer de moverse.<\/p>\n\n            <p>Para las personas con discapacidad visual o ciegas, las adaptaciones se centran en la descripci\u00f3n detallada de los movimientos, el uso de referencias t\u00e1ctiles y sonoras, y la creaci\u00f3n de un entorno espacial seguro y familiar. Los ejercicios priorizan el desarrollo de la propriocepci\u00f3n y la orientaci\u00f3n espacial, al tiempo que refuerzan las capacidades motrices generales.<\/p>\n<div class=\"key-points\">\n                <h4>Adaptaciones Espec\u00edficas por Tipo de Discapacidad<\/h4>\n                <ul>\n                    <li>Discapacidad motora: enfoque en la movilidad residual y la prevenci\u00f3n<\/li>\n                    <li>Discapacidad intelectual: simplificaci\u00f3n y ludificaci\u00f3n de los ejercicios<\/li>\n                    <li>Discapacidad visual: refuerzo propioceptivo y referencias alternativas<\/li>\n                    <li>Discapacidad auditiva: comunicaci\u00f3n visual y vibratoria<\/li>\n                    <li>Discapacidades m\u00faltiples: enfoque global y personalizado<\/li>\n                <\/ul>\n            <\/div>\n\n            <h2>La Organizaci\u00f3n Pr\u00e1ctica en los Establecimientos<\/h2>\n\n            <p>La implementaci\u00f3n exitosa de programas de gimnasia suave adaptada en los establecimientos para personas con discapacidad requiere una organizaci\u00f3n rigurosa y una planificaci\u00f3n detallada. La creaci\u00f3n de un espacio dedicado, seguro y accesible constituye el requisito indispensable. Este espacio debe ser lo suficientemente grande para acoger a los participantes en sillas de ruedas, con ayudas t\u00e9cnicas para la marcha, y permitir una circulaci\u00f3n fluida y segura.<\/p>\n\n            <p>La programaci\u00f3n de las sesiones debe tener en cuenta los ritmos individuales e institucionales, evitando los per\u00edodos de atenci\u00f3n m\u00e9dica, comidas y descansos. Una frecuencia de dos a tres sesiones por semana de 45 minutos a una hora resulta \u00f3ptima para obtener beneficios duraderos sin generar fatiga excesiva. La constituci\u00f3n de grupos homog\u00e9neos en t\u00e9rminos de capacidades y objetivos facilita la animaci\u00f3n y optimiza los resultados.<\/p>\n\n            <p>La inversi\u00f3n en material adaptado representa un elemento clave del \u00e9xito. M\u00e1s all\u00e1 del material tradicional (esteras, pelotas, el\u00e1sticos), la adquisici\u00f3n de herramientas tecnol\u00f3gicas como tabletas con aplicaciones especializadas enriquece considerablemente las posibilidades terap\u00e9uticas y mantiene el compromiso de los participantes a largo plazo.<\/p>\n<div class=\"conseil-card\">\n                <h4>Lista de Verificaci\u00f3n Organizacional<\/h4>\n                <p>Establezca un plan detallado que incluya la preparaci\u00f3n del espacio, la recepci\u00f3n de los participantes, el calentamiento, los ejercicios principales, la relajaci\u00f3n y la organizaci\u00f3n. Esta estructuraci\u00f3n tranquiliza a los participantes y optimiza el tiempo de la sesi\u00f3n.<\/p>\n            <\/div>\n\n            <h2>Formaci\u00f3n y Competencias del Personal<\/h2>\n\n            <p>La formaci\u00f3n del personal que supervisa es un pilar esencial para garantizar la calidad y la seguridad de los programas de gimnasia suave adaptada. Los intervinientes deben poseer una formaci\u00f3n inicial en actividad f\u00edsica adaptada, fisioterapia, terapia ocupacional o psicomotricidad, complementada con formaciones especializadas sobre los diferentes tipos de discapacidades y sus especificidades. Esta experiencia polivalente permite adaptar instant\u00e1neamente los ejercicios seg\u00fan las necesidades y las reacciones de los participantes.<\/p>\n\n            <p>La formaci\u00f3n continua resulta indispensable para mantener y desarrollar las competencias frente a las evoluciones de los conocimientos cient\u00edficos y las innovaciones tecnol\u00f3gicas. Los profesionales deben actualizar regularmente sus conocimientos sobre los nuevos enfoques terap\u00e9uticos, las herramientas de evaluaci\u00f3n y las t\u00e9cnicas de animaci\u00f3n adaptadas. Este enfoque de mejora continua garantiza una atenci\u00f3n \u00f3ptima y evolutiva.<\/p>\n\n            <p>El acompa\u00f1amiento y la supervisi\u00f3n de los equipos por profesionales experimentados favorecen el desarrollo de las competencias pr\u00e1cticas y la gesti\u00f3n de situaciones complejas. Las sesiones de an\u00e1lisis de pr\u00e1ctica y los retornos de experiencia colectivos enriquecen la experiencia de cada uno y permiten compartir las buenas pr\u00e1cticas dentro del establecimiento.<\/p>\n\n            <div class=\"tip-box\">\n                <div class=\"tip-box-label\">Formaci\u00f3n Recomendada<\/div>\n                <p>Prevea un m\u00ednimo de 40 horas de formaci\u00f3n inicial especializada y 16 horas de formaci\u00f3n continua anual para mantener un nivel de experiencia \u00f3ptimo y garantizar la seguridad de los participantes.<\/p>\n            <\/div>\n\n            <h2>Ejercicios Pr\u00e1cticos con Material Adaptado<\/h2>\n\n            <p>El uso de material adaptado enriquece considerablemente las posibilidades de ejercicios y mantiene el inter\u00e9s de los participantes. Las pelotas de espuma, particularmente populares, ofrecen una seguridad \u00f3ptima mientras permiten trabajar m\u00faltiples aspectos motores. El ejercicio de la pinza, que consiste en presionar y soltar alternativamente la pelota, desarrolla la fuerza de agarre y la destreza manual, esenciales para la autonom\u00eda en las actividades diarias.<\/p>\n\n            <p>Los ejercicios de lanzar y atrapar estimulan la coordinaci\u00f3n mano-ojo, la reactividad y refuerzan los m\u00fasculos de los miembros superiores. La progresi\u00f3n puede ser modulada variando la distancia, la altura y la velocidad de lanzamiento seg\u00fan las capacidades individuales. Estos ejercicios tambi\u00e9n desarrollan la anticipaci\u00f3n motora y los reflejos, competencias transferibles en muchas situaciones de la vida cotidiana.<\/p>\n\n            <p>El rodillo de pelota entre las palmas favorece la coordinaci\u00f3n bilateral y la fluidez gestual. Este ejercicio aparentemente simple solicita en realidad numerosos grupos musculares y desarrolla la percepci\u00f3n t\u00e1ctil. Puede realizarse sentado o de pie, permitiendo una adaptaci\u00f3n f\u00e1cil a los diferentes niveles de movilidad de los participantes.<\/p>\n\n            <div class=\"expert-box\">\n<div class=\"expert-box-label\">Progresi\u00f3n Terap\u00e9utica<\/div>\n                <div class=\"expert-box-title\">Evoluci\u00f3n de los Ejercicios con Pelotas<\/div>\n                <p>La progresi\u00f3n terap\u00e9utica con las pelotas de espuma sigue una l\u00f3gica de complejidad gradual, partiendo de los ejercicios unilaterales simples hacia coordinaciones bilaterales complejas y desaf\u00edos de equilibrio din\u00e1mico.<\/p>\n                <div class=\"expert-inner\">\n                    <div class=\"expert-inner-title\">Niveles de Progresi\u00f3n<\/div>\n                    <p>Nivel 1: Manipulaci\u00f3n simple unilateral - Nivel 2: Coordinaci\u00f3n bilateral - Nivel 3: Integraci\u00f3n del equilibrio - Nivel 4: Desaf\u00edos cognitivo-motores<\/p>\n                <\/div>\n            <\/div>\n\n            <h2>Evaluaci\u00f3n y Seguimiento de los Progresos<\/h2>\n\n            <p>La evaluaci\u00f3n regular de los progresos constituye un elemento central de todo programa de gimnasia suave adaptada eficaz. Este enfoque cient\u00edfico permite medir objetivamente las mejoras obtenidas y ajustar los objetivos terap\u00e9uticos en consecuencia. Las herramientas de evaluaci\u00f3n deben ser estandarizadas, reproducibles y adaptadas a las especificidades de cada tipo de discapacidad para garantizar la fiabilidad de las medidas.<\/p>\n\n            <p>El uso de escalas funcionales validadas cient\u00edficamente, como la escala de Berg para el equilibrio o la medida de independencia funcional (MIF), permite cuantificar con precisi\u00f3n las evoluciones. Estas evaluaciones se complementan con medidas cualitativas sobre el bienestar, la motivaci\u00f3n y la satisfacci\u00f3n de los participantes, aspectos esenciales del \u00e9xito terap\u00e9utico.<\/p>\n\n            <p>El seguimiento longitudinal de los datos revela las tendencias de evoluci\u00f3n y permite identificar precozmente los per\u00edodos de estancamiento o regresi\u00f3n que requieren un ajuste del programa. Este enfoque predictivo optimiza la eficacia terap\u00e9utica y previene los des\u00e1nimos relacionados con la ausencia de progresos visibles.<\/p>\n\n            <div class=\"key-points\">\n                <h4>Indicadores de Seguimiento Recomendados<\/h4>\n                <ul>\n                    <li>Medidas funcionales: movilidad, fuerza, equilibrio, resistencia<\/li>\n                    <li>Evaluaciones cognitivas: atenci\u00f3n, memoria, funciones ejecutivas<\/li>\n                    <li>\u00cdndices psicosociales: estado de \u00e1nimo, motivaci\u00f3n, interacciones sociales<\/li>\n                    <li>Medidas fisiol\u00f3gicas: frecuencia card\u00edaca, presi\u00f3n arterial<\/li>\n                    <li>Autoevaluaciones: dolor, fatiga, calidad de vida percibida<\/li>\n                <\/ul>\n            <\/div>\n\n            <div class=\"faq-list\">\n                <h3>Preguntas Frecuentemente Realizadas<\/h3>\n                \n                <div class=\"faq-item\">\n                    <div class=\"faq-q\">\n                        <span>\u00bfCu\u00e1l es la frecuencia \u00f3ptima de las sesiones de gimnasia suave adaptada?<\/span>\n                        <span class=\"faq-icon\">+<\/span>\n                    <\/div>\n                    <div class=\"faq-a\">\n                        <p>La frecuencia \u00f3ptima se sit\u00faa entre 2 a 3 sesiones por semana de 45 minutos a 1 hora. Esta regularidad permite obtener beneficios duraderos sin generar fatiga excesiva. Lo importante es la constancia m\u00e1s que la intensidad, con una progresi\u00f3n gradual adaptada a las capacidades individuales.<\/p>\n                    <\/div>\n                <\/div>\n\n                <div class=\"faq-item\">\n                    <div class=\"faq-q\">\n                        <span>\u00bfC\u00f3mo adaptar los ejercicios para diferentes niveles de discapacidad?<\/span>\n                        <span class=\"faq-icon\">+<\/span>\n                    <\/div>\n<div class=\"faq-a\">\n                        <p>La adaptaci\u00f3n se basa en una evaluaci\u00f3n inicial completa que permite identificar las capacidades residuales y las limitaciones de cada persona. Los ejercicios se modulan en t\u00e9rminos de amplitud, resistencia, velocidad y complejidad. El uso de material adaptado y de soportes visuales o t\u00e1ctiles facilita esta personalizaci\u00f3n.<\/p>\n                    <\/div>\n                <\/div>\n\n                <div class=\"faq-item\">\n                    <div class=\"faq-q\">\n                        <span>\u00bfCu\u00e1les son los requisitos de formaci\u00f3n para supervisar estas actividades?<\/span>\n                        <span class=\"faq-icon\">+<\/span>\n                    <\/div>\n                    <div class=\"faq-a\">\n                        <p>La supervisi\u00f3n requiere una formaci\u00f3n inicial en actividad f\u00edsica adaptada, fisioterapia, terapia ocupacional o psicomotricidad, complementada con especializaciones en los diferentes tipos de discapacidades. Se recomienda una formaci\u00f3n continua de al menos 16 horas al a\u00f1o para mantener las competencias actualizadas.<\/p>\n                    <\/div>\n                <\/div>\n\n                <div class=\"faq-item\">\n                    <div class=\"faq-q\">\n                        <span>\u00bfC\u00f3mo medir la eficacia de los programas de gimnasia suave adaptada?<\/span>\n                        <span class=\"faq-icon\">+<\/span>\n                    <\/div>\n                    <div class=\"faq-a\">\n                        <p>La eficacia se mide mediante evaluaciones estandarizadas que incluyen pruebas funcionales (equilibrio, movilidad, fuerza), escalas de calidad de vida, medidas cognitivas y observaciones conductuales. Un seguimiento longitudinal de al menos 3 meses permite objetivar los progresos realizados.<\/p>\n                    <\/div>\n                <\/div>\n\n                <div class=\"faq-item\">\n                    <div class=\"faq-q\">\n                        <span>\u00bfSe puede integrar la tecnolog\u00eda en estos programas de ejercicios?<\/span>\n                        <span class=\"faq-icon\">+<\/span>\n                    <\/div>\n                    <div class=\"faq-a\">\n                        <p>\u00a1Absolutamente! Las aplicaciones como COCO PIENSA y COCO SE MUEVE ofrecen posibilidades notables de estimulaci\u00f3n cognitiva y motora. La tecnolog\u00eda permite un seguimiento personalizado, una gamificaci\u00f3n motivadora y una adaptaci\u00f3n autom\u00e1tica de la dificultad seg\u00fan el rendimiento individual.<\/p>\n                    <\/div>\n                <\/div>\n            <\/div>\n\n            <div class=\"cta-box\">\n                <h3>Transforma Tu Establecimiento con DYNSEO<\/h3>\n                <p>Descubre c\u00f3mo nuestras soluciones innovadoras pueden enriquecer tus programas de gimnasia suave adaptada y mejorar el bienestar de tus residentes. COCO PIENSA y COCO SE MUEVE ofrecen m\u00e1s de 30 juegos educativos y deportivos dise\u00f1ados especialmente para personas en situaci\u00f3n de discapacidad.<\/p>\n                <div class=\"cta-buttons\">\n                    <a href=\"https:\/\/www.dynseo.com\/es\/coco-piensa-y-coco-se-mueve-software-educativo\/\" class=\"btn-white\">Descubrir COCO<\/a>\n                    <a href=\"https:\/\/www.dynseo.com\/es\/coco-piensa-y-coco-se-mueve-software-educativo\/\" class=\"btn-outline\">Solicitar una Demostraci\u00f3n<\/a>\n                <\/div>\n            <\/div>\n\n            <div class=\"article-tags\">\n                <a href=\"#\" class=\"article-tag\">Gimnasia Suave<\/a>\n                <a href=\"#\" class=\"article-tag\">Discapacidad<\/a>\n                <a href=\"#\" class=\"article-tag\">Rehabilitaci\u00f3n<\/a>\n                <a href=\"#\" class=\"article-tag\">Residencia de ancianos<\/a>\n                <a href=\"#\" class=\"article-tag\">Actividad F\u00edsica Adaptada<\/a>\n                <a href=\"#\" class=\"article-tag\">Bienestar<\/a>\n                <a href=\"#\" class=\"article-tag\">Innovaci\u00f3n Terap\u00e9utica<\/a>\n                <a href=\"#\" class=\"article-tag\">Tecnolog\u00eda Salud<\/a>\n            <\/div>\n        <\/div>\n    <\/div>[\/et_pb_code][\/et_pb_column][\/et_pb_row][\/et_pb_section]","_et_gb_content_width":"","footnotes":""},"categories":[2915],"tags":[],"class_list":["post-564997","post","type-post","status-publish","format-standard","has-post-thumbnail","hentry","category-les-conseils-des-coachs"],"yoast_head":"<!-- This site is optimized with the Yoast SEO plugin v27.4 - https:\/\/yoast.com\/product\/yoast-seo-wordpress\/ -->\n<title>La Gym Douce Adapt\u00e9e : Un Bienfait pour les \u00e9tablissements pour handicap\u00e9s ? - DYNSEO - Aplicaci\u00f3n educativa y juegos de memoria<\/title>\n<meta name=\"robots\" content=\"index, follow, max-snippet:-1, max-image-preview:large, max-video-preview:-1\" \/>\n<link rel=\"canonical\" href=\"https:\/\/www.dynseo.com\/es\/la-gym-douce-adaptee-un-bienfait-pour-les-etablissements-pour-handicapes\/\" \/>\n<meta property=\"og:locale\" content=\"es_ES\" \/>\n<meta property=\"og:type\" content=\"article\" \/>\n<meta property=\"og:title\" content=\"La Gym Douce Adapt\u00e9e : Un Bienfait pour les \u00e9tablissements pour handicap\u00e9s ? - DYNSEO - Aplicaci\u00f3n educativa y juegos de memoria\" \/>\n<meta property=\"og:url\" content=\"https:\/\/www.dynseo.com\/es\/la-gym-douce-adaptee-un-bienfait-pour-les-etablissements-pour-handicapes\/\" \/>\n<meta property=\"og:site_name\" content=\"DYNSEO - Aplicaci\u00f3n educativa y juegos de memoria\" \/>\n<meta property=\"article:published_time\" content=\"2026-04-27T06:49:05+00:00\" \/>\n<meta property=\"article:modified_time\" content=\"2026-04-27T06:52:37+00:00\" \/>\n<meta property=\"og:image\" content=\"https:\/\/www.dynseo.com\/wp-content\/uploads\/2019\/11\/Aide-\u00e0-domicile-d\u2019une-personne-atteinte-de-maladie-d\u2019Alzheimer.jpg\" \/>\n\t<meta property=\"og:image:width\" content=\"600\" \/>\n\t<meta property=\"og:image:height\" content=\"370\" \/>\n\t<meta property=\"og:image:type\" content=\"image\/jpeg\" \/>\n<meta name=\"author\" content=\"DYNSEO\" \/>\n<meta name=\"twitter:label1\" content=\"Escrito por\" \/>\n\t<meta name=\"twitter:data1\" content=\"DYNSEO\" \/>\n\t<meta name=\"twitter:label2\" content=\"Tiempo de lectura\" \/>\n\t<meta name=\"twitter:data2\" content=\"18 minutos\" \/>\n<script type=\"application\/ld+json\" class=\"yoast-schema-graph\">{\"@context\":\"https:\\\/\\\/schema.org\",\"@graph\":[{\"@type\":\"Article\",\"@id\":\"https:\\\/\\\/www.dynseo.com\\\/es\\\/la-gym-douce-adaptee-un-bienfait-pour-les-etablissements-pour-handicapes\\\/#article\",\"isPartOf\":{\"@id\":\"https:\\\/\\\/www.dynseo.com\\\/es\\\/la-gym-douce-adaptee-un-bienfait-pour-les-etablissements-pour-handicapes\\\/\"},\"author\":{\"name\":\"DYNSEO\",\"@id\":\"https:\\\/\\\/www.dynseo.com\\\/es\\\/#\\\/schema\\\/person\\\/78ef63df2ee64e0989bc68f8401b38d6\"},\"headline\":\"La Gym Douce Adapt\u00e9e : Un Bienfait pour les \u00e9tablissements pour handicap\u00e9s ?\",\"datePublished\":\"2026-04-27T06:49:05+00:00\",\"dateModified\":\"2026-04-27T06:52:37+00:00\",\"mainEntityOfPage\":{\"@id\":\"https:\\\/\\\/www.dynseo.com\\\/es\\\/la-gym-douce-adaptee-un-bienfait-pour-les-etablissements-pour-handicapes\\\/\"},\"wordCount\":3711,\"publisher\":{\"@id\":\"https:\\\/\\\/www.dynseo.com\\\/es\\\/#organization\"},\"image\":{\"@id\":\"https:\\\/\\\/www.dynseo.com\\\/es\\\/la-gym-douce-adaptee-un-bienfait-pour-les-etablissements-pour-handicapes\\\/#primaryimage\"},\"thumbnailUrl\":\"https:\\\/\\\/www.dynseo.com\\\/wp-content\\\/uploads\\\/2019\\\/11\\\/Aide-\u00e0-domicile-d\u2019une-personne-atteinte-de-maladie-d\u2019Alzheimer.jpg\",\"articleSection\":[\"Les conseils des coachs\"],\"inLanguage\":\"es\"},{\"@type\":\"WebPage\",\"@id\":\"https:\\\/\\\/www.dynseo.com\\\/es\\\/la-gym-douce-adaptee-un-bienfait-pour-les-etablissements-pour-handicapes\\\/\",\"url\":\"https:\\\/\\\/www.dynseo.com\\\/es\\\/la-gym-douce-adaptee-un-bienfait-pour-les-etablissements-pour-handicapes\\\/\",\"name\":\"La Gym Douce Adapt\u00e9e : Un Bienfait pour les \u00e9tablissements pour handicap\u00e9s ? - DYNSEO - Aplicaci\u00f3n educativa y juegos de memoria\",\"isPartOf\":{\"@id\":\"https:\\\/\\\/www.dynseo.com\\\/es\\\/#website\"},\"primaryImageOfPage\":{\"@id\":\"https:\\\/\\\/www.dynseo.com\\\/es\\\/la-gym-douce-adaptee-un-bienfait-pour-les-etablissements-pour-handicapes\\\/#primaryimage\"},\"image\":{\"@id\":\"https:\\\/\\\/www.dynseo.com\\\/es\\\/la-gym-douce-adaptee-un-bienfait-pour-les-etablissements-pour-handicapes\\\/#primaryimage\"},\"thumbnailUrl\":\"https:\\\/\\\/www.dynseo.com\\\/wp-content\\\/uploads\\\/2019\\\/11\\\/Aide-\u00e0-domicile-d\u2019une-personne-atteinte-de-maladie-d\u2019Alzheimer.jpg\",\"datePublished\":\"2026-04-27T06:49:05+00:00\",\"dateModified\":\"2026-04-27T06:52:37+00:00\",\"breadcrumb\":{\"@id\":\"https:\\\/\\\/www.dynseo.com\\\/es\\\/la-gym-douce-adaptee-un-bienfait-pour-les-etablissements-pour-handicapes\\\/#breadcrumb\"},\"inLanguage\":\"es\",\"potentialAction\":[{\"@type\":\"ReadAction\",\"target\":[\"https:\\\/\\\/www.dynseo.com\\\/es\\\/la-gym-douce-adaptee-un-bienfait-pour-les-etablissements-pour-handicapes\\\/\"]}]},{\"@type\":\"ImageObject\",\"inLanguage\":\"es\",\"@id\":\"https:\\\/\\\/www.dynseo.com\\\/es\\\/la-gym-douce-adaptee-un-bienfait-pour-les-etablissements-pour-handicapes\\\/#primaryimage\",\"url\":\"https:\\\/\\\/www.dynseo.com\\\/wp-content\\\/uploads\\\/2019\\\/11\\\/Aide-\u00e0-domicile-d\u2019une-personne-atteinte-de-maladie-d\u2019Alzheimer.jpg\",\"contentUrl\":\"https:\\\/\\\/www.dynseo.com\\\/wp-content\\\/uploads\\\/2019\\\/11\\\/Aide-\u00e0-domicile-d\u2019une-personne-atteinte-de-maladie-d\u2019Alzheimer.jpg\",\"width\":600,\"height\":370,\"caption\":\"Pon a prueba tus habilidades cognitivas\"},{\"@type\":\"BreadcrumbList\",\"@id\":\"https:\\\/\\\/www.dynseo.com\\\/es\\\/la-gym-douce-adaptee-un-bienfait-pour-les-etablissements-pour-handicapes\\\/#breadcrumb\",\"itemListElement\":[{\"@type\":\"ListItem\",\"position\":1,\"name\":\"Accueil\",\"item\":\"https:\\\/\\\/www.dynseo.com\\\/es\\\/\"},{\"@type\":\"ListItem\",\"position\":2,\"name\":\"La Gym Douce Adapt\u00e9e : Un Bienfait pour les \u00e9tablissements pour handicap\u00e9s ?\"}]},{\"@type\":\"WebSite\",\"@id\":\"https:\\\/\\\/www.dynseo.com\\\/es\\\/#website\",\"url\":\"https:\\\/\\\/www.dynseo.com\\\/es\\\/\",\"name\":\"Jeux de m\u00e9moire et stimulation cognitive\",\"description\":\"Entra\u00eenez votre m\u00e9moire et votre cerveau avec DYNSEO\",\"publisher\":{\"@id\":\"https:\\\/\\\/www.dynseo.com\\\/es\\\/#organization\"},\"potentialAction\":[{\"@type\":\"SearchAction\",\"target\":{\"@type\":\"EntryPoint\",\"urlTemplate\":\"https:\\\/\\\/www.dynseo.com\\\/es\\\/?s={search_term_string}\"},\"query-input\":{\"@type\":\"PropertyValueSpecification\",\"valueRequired\":true,\"valueName\":\"search_term_string\"}}],\"inLanguage\":\"es\"},{\"@type\":\"Organization\",\"@id\":\"https:\\\/\\\/www.dynseo.com\\\/es\\\/#organization\",\"name\":\"DYNSEO\",\"url\":\"https:\\\/\\\/www.dynseo.com\\\/es\\\/\",\"logo\":{\"@type\":\"ImageObject\",\"inLanguage\":\"es\",\"@id\":\"https:\\\/\\\/www.dynseo.com\\\/es\\\/#\\\/schema\\\/logo\\\/image\\\/\",\"url\":\"https:\\\/\\\/www.dynseo.com\\\/wp-content\\\/uploads\\\/2022\\\/05\\\/logo-dynseo-new.png\",\"contentUrl\":\"https:\\\/\\\/www.dynseo.com\\\/wp-content\\\/uploads\\\/2022\\\/05\\\/logo-dynseo-new.png\",\"width\":5073,\"height\":1397,\"caption\":\"DYNSEO\"},\"image\":{\"@id\":\"https:\\\/\\\/www.dynseo.com\\\/es\\\/#\\\/schema\\\/logo\\\/image\\\/\"}},{\"@type\":\"Person\",\"@id\":\"https:\\\/\\\/www.dynseo.com\\\/es\\\/#\\\/schema\\\/person\\\/78ef63df2ee64e0989bc68f8401b38d6\",\"name\":\"DYNSEO\",\"url\":\"https:\\\/\\\/www.dynseo.com\\\/es\\\/author\\\/justine\\\/\"}]}<\/script>\n<!-- \/ Yoast SEO plugin. -->","yoast_head_json":{"title":"La Gym Douce Adapt\u00e9e : Un Bienfait pour les \u00e9tablissements pour handicap\u00e9s ? - DYNSEO - Aplicaci\u00f3n educativa y juegos de memoria","robots":{"index":"index","follow":"follow","max-snippet":"max-snippet:-1","max-image-preview":"max-image-preview:large","max-video-preview":"max-video-preview:-1"},"canonical":"https:\/\/www.dynseo.com\/es\/la-gym-douce-adaptee-un-bienfait-pour-les-etablissements-pour-handicapes\/","og_locale":"es_ES","og_type":"article","og_title":"La Gym Douce Adapt\u00e9e : Un Bienfait pour les \u00e9tablissements pour handicap\u00e9s ? - DYNSEO - Aplicaci\u00f3n educativa y juegos de memoria","og_url":"https:\/\/www.dynseo.com\/es\/la-gym-douce-adaptee-un-bienfait-pour-les-etablissements-pour-handicapes\/","og_site_name":"DYNSEO - Aplicaci\u00f3n educativa y juegos de memoria","article_published_time":"2026-04-27T06:49:05+00:00","article_modified_time":"2026-04-27T06:52:37+00:00","og_image":[{"width":600,"height":370,"url":"https:\/\/www.dynseo.com\/wp-content\/uploads\/2019\/11\/Aide-\u00e0-domicile-d\u2019une-personne-atteinte-de-maladie-d\u2019Alzheimer.jpg","type":"image\/jpeg"}],"author":"DYNSEO","twitter_misc":{"Escrito por":"DYNSEO","Tiempo de lectura":"18 minutos"},"schema":{"@context":"https:\/\/schema.org","@graph":[{"@type":"Article","@id":"https:\/\/www.dynseo.com\/es\/la-gym-douce-adaptee-un-bienfait-pour-les-etablissements-pour-handicapes\/#article","isPartOf":{"@id":"https:\/\/www.dynseo.com\/es\/la-gym-douce-adaptee-un-bienfait-pour-les-etablissements-pour-handicapes\/"},"author":{"name":"DYNSEO","@id":"https:\/\/www.dynseo.com\/es\/#\/schema\/person\/78ef63df2ee64e0989bc68f8401b38d6"},"headline":"La Gym Douce Adapt\u00e9e : Un Bienfait pour les \u00e9tablissements pour handicap\u00e9s ?","datePublished":"2026-04-27T06:49:05+00:00","dateModified":"2026-04-27T06:52:37+00:00","mainEntityOfPage":{"@id":"https:\/\/www.dynseo.com\/es\/la-gym-douce-adaptee-un-bienfait-pour-les-etablissements-pour-handicapes\/"},"wordCount":3711,"publisher":{"@id":"https:\/\/www.dynseo.com\/es\/#organization"},"image":{"@id":"https:\/\/www.dynseo.com\/es\/la-gym-douce-adaptee-un-bienfait-pour-les-etablissements-pour-handicapes\/#primaryimage"},"thumbnailUrl":"https:\/\/www.dynseo.com\/wp-content\/uploads\/2019\/11\/Aide-\u00e0-domicile-d\u2019une-personne-atteinte-de-maladie-d\u2019Alzheimer.jpg","articleSection":["Les conseils des coachs"],"inLanguage":"es"},{"@type":"WebPage","@id":"https:\/\/www.dynseo.com\/es\/la-gym-douce-adaptee-un-bienfait-pour-les-etablissements-pour-handicapes\/","url":"https:\/\/www.dynseo.com\/es\/la-gym-douce-adaptee-un-bienfait-pour-les-etablissements-pour-handicapes\/","name":"La Gym Douce Adapt\u00e9e : Un Bienfait pour les \u00e9tablissements pour handicap\u00e9s ? - DYNSEO - Aplicaci\u00f3n educativa y juegos de memoria","isPartOf":{"@id":"https:\/\/www.dynseo.com\/es\/#website"},"primaryImageOfPage":{"@id":"https:\/\/www.dynseo.com\/es\/la-gym-douce-adaptee-un-bienfait-pour-les-etablissements-pour-handicapes\/#primaryimage"},"image":{"@id":"https:\/\/www.dynseo.com\/es\/la-gym-douce-adaptee-un-bienfait-pour-les-etablissements-pour-handicapes\/#primaryimage"},"thumbnailUrl":"https:\/\/www.dynseo.com\/wp-content\/uploads\/2019\/11\/Aide-\u00e0-domicile-d\u2019une-personne-atteinte-de-maladie-d\u2019Alzheimer.jpg","datePublished":"2026-04-27T06:49:05+00:00","dateModified":"2026-04-27T06:52:37+00:00","breadcrumb":{"@id":"https:\/\/www.dynseo.com\/es\/la-gym-douce-adaptee-un-bienfait-pour-les-etablissements-pour-handicapes\/#breadcrumb"},"inLanguage":"es","potentialAction":[{"@type":"ReadAction","target":["https:\/\/www.dynseo.com\/es\/la-gym-douce-adaptee-un-bienfait-pour-les-etablissements-pour-handicapes\/"]}]},{"@type":"ImageObject","inLanguage":"es","@id":"https:\/\/www.dynseo.com\/es\/la-gym-douce-adaptee-un-bienfait-pour-les-etablissements-pour-handicapes\/#primaryimage","url":"https:\/\/www.dynseo.com\/wp-content\/uploads\/2019\/11\/Aide-\u00e0-domicile-d\u2019une-personne-atteinte-de-maladie-d\u2019Alzheimer.jpg","contentUrl":"https:\/\/www.dynseo.com\/wp-content\/uploads\/2019\/11\/Aide-\u00e0-domicile-d\u2019une-personne-atteinte-de-maladie-d\u2019Alzheimer.jpg","width":600,"height":370,"caption":"Pon a prueba tus habilidades cognitivas"},{"@type":"BreadcrumbList","@id":"https:\/\/www.dynseo.com\/es\/la-gym-douce-adaptee-un-bienfait-pour-les-etablissements-pour-handicapes\/#breadcrumb","itemListElement":[{"@type":"ListItem","position":1,"name":"Accueil","item":"https:\/\/www.dynseo.com\/es\/"},{"@type":"ListItem","position":2,"name":"La Gym Douce Adapt\u00e9e : Un Bienfait pour les \u00e9tablissements pour handicap\u00e9s ?"}]},{"@type":"WebSite","@id":"https:\/\/www.dynseo.com\/es\/#website","url":"https:\/\/www.dynseo.com\/es\/","name":"Jeux de m\u00e9moire et stimulation cognitive","description":"Entra\u00eenez votre m\u00e9moire et votre cerveau avec DYNSEO","publisher":{"@id":"https:\/\/www.dynseo.com\/es\/#organization"},"potentialAction":[{"@type":"SearchAction","target":{"@type":"EntryPoint","urlTemplate":"https:\/\/www.dynseo.com\/es\/?s={search_term_string}"},"query-input":{"@type":"PropertyValueSpecification","valueRequired":true,"valueName":"search_term_string"}}],"inLanguage":"es"},{"@type":"Organization","@id":"https:\/\/www.dynseo.com\/es\/#organization","name":"DYNSEO","url":"https:\/\/www.dynseo.com\/es\/","logo":{"@type":"ImageObject","inLanguage":"es","@id":"https:\/\/www.dynseo.com\/es\/#\/schema\/logo\/image\/","url":"https:\/\/www.dynseo.com\/wp-content\/uploads\/2022\/05\/logo-dynseo-new.png","contentUrl":"https:\/\/www.dynseo.com\/wp-content\/uploads\/2022\/05\/logo-dynseo-new.png","width":5073,"height":1397,"caption":"DYNSEO"},"image":{"@id":"https:\/\/www.dynseo.com\/es\/#\/schema\/logo\/image\/"}},{"@type":"Person","@id":"https:\/\/www.dynseo.com\/es\/#\/schema\/person\/78ef63df2ee64e0989bc68f8401b38d6","name":"DYNSEO","url":"https:\/\/www.dynseo.com\/es\/author\/justine\/"}]}},"_links":{"self":[{"href":"https:\/\/www.dynseo.com\/es\/wp-json\/wp\/v2\/posts\/564997","targetHints":{"allow":["GET"]}}],"collection":[{"href":"https:\/\/www.dynseo.com\/es\/wp-json\/wp\/v2\/posts"}],"about":[{"href":"https:\/\/www.dynseo.com\/es\/wp-json\/wp\/v2\/types\/post"}],"author":[{"embeddable":true,"href":"https:\/\/www.dynseo.com\/es\/wp-json\/wp\/v2\/users\/4"}],"replies":[{"embeddable":true,"href":"https:\/\/www.dynseo.com\/es\/wp-json\/wp\/v2\/comments?post=564997"}],"version-history":[{"count":11,"href":"https:\/\/www.dynseo.com\/es\/wp-json\/wp\/v2\/posts\/564997\/revisions"}],"predecessor-version":[{"id":565008,"href":"https:\/\/www.dynseo.com\/es\/wp-json\/wp\/v2\/posts\/564997\/revisions\/565008"}],"wp:featuredmedia":[{"embeddable":true,"href":"https:\/\/www.dynseo.com\/es\/wp-json\/wp\/v2\/media\/26787"}],"wp:attachment":[{"href":"https:\/\/www.dynseo.com\/es\/wp-json\/wp\/v2\/media?parent=564997"}],"wp:term":[{"taxonomy":"category","embeddable":true,"href":"https:\/\/www.dynseo.com\/es\/wp-json\/wp\/v2\/categories?post=564997"},{"taxonomy":"post_tag","embeddable":true,"href":"https:\/\/www.dynseo.com\/es\/wp-json\/wp\/v2\/tags?post=564997"}],"curies":[{"name":"wp","href":"https:\/\/api.w.org\/{rel}","templated":true}]}}