{"id":565096,"date":"2026-04-27T13:20:19","date_gmt":"2026-04-27T11:20:19","guid":{"rendered":"https:\/\/www.dynseo.com\/comprendre-la-perte-de-memoire-soudaine-suite-a-un-avc-symptomes-causes-et-traitements-2\/"},"modified":"2026-04-27T13:26:13","modified_gmt":"2026-04-27T11:26:13","slug":"comprender-la-perdida-de-memoria-subita-tras-un-acv-sintomas-causas-y-tratamientos","status":"publish","type":"post","link":"https:\/\/www.dynseo.com\/es\/comprender-la-perdida-de-memoria-subita-tras-un-acv-sintomas-causas-y-tratamientos\/","title":{"rendered":"Comprender la p\u00e9rdida de memoria s\u00fabita tras un ACV: S\u00edntomas, causas y tratamientos"},"content":{"rendered":"<p>[et_pb_section fb_built=\u00bb1&#8243; _builder_version=\u00bb4.16&#8243; custom_padding=\u00bb0px|0px|0px|0px|false|false\u00bb margin_top=\u00bb0px\u00bb margin_bottom=\u00bb0px\u00bb global_colors_info=\u00bb{}\u00bb][et_pb_row _builder_version=\u00bb4.16&#8243; custom_padding=\u00bb0px|0px|0px|0px|false|false\u00bb margin_top=\u00bb0px\u00bb margin_bottom=\u00bb0px\u00bb column_structure=\u00bb4_4&#8243; global_colors_info=\u00bb{}\u00bb][et_pb_column type=\u00bb4_4&#8243; _builder_version=\u00bb4.16&#8243; custom_padding=\u00bb0px|0px|0px|0px|false|false\u00bb global_colors_info=\u00bb{}\u00bb][et_pb_code _builder_version=\u00bb4.16&#8243; custom_padding=\u00bb0px|0px|0px|0px|false|false\u00bb global_colors_info=\u00bb{}\u00bb]<!DOCTYPE html><br \/>\n<html lang=\"fr\"><br \/>\n<head><br \/>\n    <meta charset=\"UTF-8\"><br \/>\n    <meta name=\"viewport\" content=\"width=device-width, initial-scale=1.0\"><br \/>\n    <title>Comprendre la perte de m\u00e9moire soudaine suite \u00e0 un AVC : Sympt\u00f4mes, causes et traitements | DYNSEO<\/title><br \/>\n    <meta name=\"description\" content=\"D\u00e9couvrez tout sur la perte de m\u00e9moire apr\u00e8s un AVC : sympt\u00f4mes, causes, traitements et strat\u00e9gies de r\u00e9cup\u00e9ration. Guide expert DYNSEO pour retrouver vos capacit\u00e9s cognitives.\">\n    <link href=\"https:\/\/fonts.googleapis.com\/css2?family=Montserrat:wght@400;600;700&#038;family=Poppins:wght@300;400;500;600&#038;display=swap\" rel=\"stylesheet\">\n<style>\n        :root {\n            --color-bleu: #5e5ed7;\n            --color-bleu-dark: #5268c9;\n            --color-teal: #a9e2e4;\n            --color-jaune: #ffeca7;\n            --color-rose: #e73469;\n            --color-white: #ffffff;\n            --color-gray-light: #f8f9fa;\n            --color-gray: #6c757d;\n            --color-dark: #2d3436;\n        }<\/p>\n<p>        * {\n            margin: 0;\n            padding: 0;\n            box-sizing: border-box;\n        }<\/p>\n<p>        body {\n            font-family: 'Poppins', sans-serif;\n            line-height: 1.6;\n            color: var(--color-dark);\n            background: var(--color-white);\n        }<\/p>\n<p>        .article-hero {\n            background: linear-gradient(135deg, var(--color-bleu) 0%, var(--color-bleu-dark) 100%);\n            color: white;\n            padding: 60px 0 120px;\n            position: relative;\n            overflow: hidden;\n        }<\/p>\n<p>        .article-hero-inner {\n            max-width: 1200px;\n            margin: 0 auto;\n            padding: 0 20px;\n            position: relative;\n            z-index: 2;\n        }<\/p>\n<p>        .article-breadcrumb {\n            font-size: 14px;\n            margin-bottom: 20px;\n            opacity: 0.9;\n        }<\/p>\n<p>        .article-breadcrumb a {\n            color: white;\n            text-decoration: none;\n        }<\/p>\n<p>        .article-category {\n            display: inline-block;\n            background: var(--color-teal);\n            color: var(--color-dark);\n            padding: 8px 16px;\n            border-radius: 20px;\n            font-size: 14px;\n            font-weight: 600;\n            margin-bottom: 30px;\n        }<\/p>\n<p>        .article-hero h1 {\n            font-family: 'Montserrat', sans-serif;\n            font-size: 2.5rem;\n            font-weight: 700;\n            line-height: 1.2;\n            margin-bottom: 20px;\n        }<\/p>\n<p>        .hl {\n            background: linear-gradient(120deg, var(--color-jaune) 0%, var(--color-teal) 100%);\n            -webkit-background-clip: text;\n            -webkit-text-fill-color: transparent;\n            background-clip: text;\n        }<\/p>\n<p>        .article-meta {\n            display: flex;\n            gap: 30px;\n            margin-bottom: 30px;\n            flex-wrap: wrap;\n            align-items: center;\n        }<\/p>\n<p>        .article-meta span {\n            display: flex;\n            align-items: center;\n            gap: 8px;\n            font-size: 14px;\n        }<\/p>\n<p>        .article-hero-curve {\n            position: absolute;\n            bottom: 0;\n            left: 0;\n            width: 100%;\n            height: 60px;\n            background: white;\n            border-radius: 50% 50% 0 0 \/ 100% 100% 0 0;\n        }<\/p>\n<p>        .article-body {\n            padding: 60px 0;\n        }<\/p>\n<p>        .container {\n            max-width: 1200px;\n            margin: 0 auto;\n            padding: 0 20px;\n        }<\/p>\n<p>        .intro-block {\n            background: var(--color-gray-light);\n            padding: 40px;\n            border-radius: 20px;\n            margin-bottom: 60px;\n            border-left: 5px solid var(--color-bleu);\n        }<\/p>\n<p>        .intro-block p {\n            font-size: 1.1rem;\n            line-height: 1.8;\n            margin-bottom: 15px;\n        }<\/p>\n<p>        .stats-grid {\n            display: grid;\n            grid-template-columns: repeat(auto-fit, minmax(250px, 1fr));\n            gap: 30px;\n            margin: 60px 0;\n        }<\/p>\n<p>        .stat-card {\n            background: white;\n            padding: 30px;\n            border-radius: 15px;\n            text-align: center;\n            box-shadow: 0 10px 30px rgba(0,0,0,0.1);\n            border-top: 4px solid var(--color-bleu);\n            transition: transform 0.3s ease;\n        }<\/p>\n<p>        .stat-card:hover {\n            transform: translateY(-5px);\n        }<\/p>\n<p>        .stat-card:nth-child(2) {\n            border-top-color: var(--color-teal);\n        }<\/p>\n<p>        .stat-card:nth-child(3) {\n            border-top-color: var(--color-rose);\n        }<\/p>\n<p>        .stat-card:nth-child(4) {\n            border-top-color: var(--color-jaune);\n        }<\/p>\n<p>        .stat-card .number {\n            font-size: 2.5rem;\n            font-weight: 700;\n            color: var(--color-bleu);\n            margin-bottom: 10px;\n            font-family: 'Montserrat', sans-serif;\n        }<\/p>\n<p>        .stat-card .label {\n            font-size: 1rem;\n            color: var(--color-gray);\n            font-weight: 500;\n        }<\/p>\n<p>        h2 {\n            font-family: 'Montserrat', sans-serif;\n            font-size: 2rem;\n            font-weight: 700;\n            color: var(--color-bleu);\n            margin: 60px 0 30px;\n            padding-bottom: 15px;\n            border-bottom: 3px solid var(--color-teal);\n        }<\/p>\n<p>        h3 {\n            font-family: 'Montserrat', sans-serif;\n            font-size: 1.5rem;\n            font-weight: 600;\n            color: var(--color-bleu-dark);\n            margin: 40px 0 20px;\n        }<\/p>\n<p>        p {\n            margin-bottom: 20px;\n            line-height: 1.8;\n            font-size: 1rem;\n        }<\/p>\n<p>        .conseil-card {\n            background: linear-gradient(135deg, var(--color-teal) 0%, rgba(169, 226, 228, 0.3) 100%);\n            padding: 30px;\n            border-radius: 15px;\n            margin: 30px 0;\n            border-left: 5px solid var(--color-bleu);\n        }<\/p>\n<p>        .conseil-card h4 {\n            font-family: 'Montserrat', sans-serif;\n            font-size: 1.2rem;\n            font-weight: 600;\n            color: var(--color-bleu-dark);\n            margin-bottom: 15px;\n        }<\/p>\n<p>        .key-points {\n            background: var(--color-gray-light);\n            padding: 30px;\n            border-radius: 15px;\n            margin: 30px 0;\n        }<\/p>\n<p>        .key-points h4 {\n            font-family: 'Montserrat', sans-serif;\n            font-size: 1.3rem;\n            font-weight: 600;\n            color: var(--color-bleu);\n            margin-bottom: 20px;\n            display: flex;\n            align-items: center;\n            gap: 10px;\n        }<\/p>\n<p>        .key-points ul {\n            list-style: none;\n            padding: 0;\n        }<\/p>\n<p>        .key-points li {\n            padding: 10px 0;\n            border-bottom: 1px solid #e9ecef;\n            position: relative;\n            padding-left: 30px;\n        }<\/p>\n<p>        .key-points li:before {\n            content: \"\u2713\";\n            position: absolute;\n            left: 0;\n            color: var(--color-bleu);\n            font-weight: bold;\n            font-size: 1.2rem;\n        }<\/p>\n<p>        .tip-box {\n            background: linear-gradient(135deg, var(--color-jaune) 0%, rgba(255, 236, 167, 0.3) 100%);\n            padding: 25px;\n            border-radius: 15px;\n            margin: 30px 0;\n            border-left: 5px solid var(--color-rose);\n        }<\/p>\n<p>        .tip-box-label {\n            font-weight: 600;\n            color: var(--color-rose);\n            font-size: 1.1rem;\n            margin-bottom: 10px;\n            display: flex;\n            align-items: center;\n            gap: 8px;\n        }<\/p>\n<p>        .expert-box {\n            background: white;\n            border: 2px solid var(--color-bleu);\n            border-radius: 15px;\n            padding: 30px;\n            margin: 40px 0;\n            position: relative;\n        }<\/p>\n<p>        .expert-box-label {\n            position: absolute;\n            top: -12px;\n            left: 30px;\n            background: var(--color-bleu);\n            color: white;\n            padding: 5px 15px;\n            border-radius: 20px;\n            font-size: 0.9rem;\n            font-weight: 600;\n        }<\/p>\n<p>        .expert-box-title {\n            font-family: 'Montserrat', sans-serif;\n            font-size: 1.4rem;\n            font-weight: 600;\n            color: var(--color-bleu);\n            margin-bottom: 20px;\n        }<\/p>\n<p>        .expert-inner {\n            background: var(--color-gray-light);\n            padding: 25px;\n            border-radius: 10px;\n            margin: 20px 0;\n        }<\/p>\n<p>        .expert-inner-title {\n            font-weight: 600;\n            color: var(--color-bleu-dark);\n            margin-bottom: 15px;\n            font-size: 1.1rem;\n        }<\/p>\n<p>        .faq-list {\n            margin: 60px 0;\n        }<\/p>\n<p>        .faq-item {\n            background: white;\n            border: 1px solid #e9ecef;\n            border-radius: 10px;\n            margin-bottom: 15px;\n            overflow: hidden;\n        }<\/p>\n<p>        .faq-q {\n            padding: 20px 25px;\n            background: var(--color-gray-light);\n            cursor: pointer;\n            display: flex;\n            justify-content: space-between;\n            align-items: center;\n            font-weight: 600;\n            color: var(--color-bleu-dark);\n            transition: background 0.3s ease;\n        }<\/p>\n<p>        .faq-q:hover {\n            background: var(--color-teal);\n        }<\/p>\n<p>        .faq-icon {\n            font-size: 1.5rem;\n            color: var(--color-bleu);\n            transition: transform 0.3s ease;\n        }<\/p>\n<p>        .faq-item.open .faq-icon {\n            transform: rotate(45deg);\n        }<\/p>\n<p>        .faq-a {\n            padding: 0 25px;\n            max-height: 0;\n            overflow: hidden;\n            transition: all 0.3s ease;\n        }<\/p>\n<p>        .faq-item.open .faq-a {\n            padding: 25px;\n            max-height: 500px;\n        }<\/p>\n<p>        .cta-box {\n            background: linear-gradient(135deg, var(--color-bleu) 0%, var(--color-bleu-dark) 100%);\n            color: white;\n            padding: 50px;\n            border-radius: 20px;\n            text-align: center;\n            margin: 60px 0;\n        }<\/p>\n<p>        .cta-box h3 {\n            color: white;\n            margin-bottom: 20px;\n            font-size: 1.8rem;\n        }<\/p>\n<p>        .cta-box p {\n            font-size: 1.1rem;\n            margin-bottom: 30px;\n            opacity: 0.9;\n        }<\/p>\n<p>        .cta-buttons {\n            display: flex;\n            gap: 20px;\n            justify-content: center;\n            flex-wrap: wrap;\n        }<\/p>\n<p>        .btn-white {\n            background: white;\n            color: var(--color-bleu);\n            padding: 15px 30px;\n            border-radius: 25px;\n            text-decoration: none;\n            font-weight: 600;\n            transition: all 0.3s ease;\n        }<\/p>\n<p>        .btn-white:hover {\n            transform: translateY(-2px);\n            box-shadow: 0 10px 20px rgba(0,0,0,0.2);\n        }<\/p>\n<p>        .btn-outline {\n            border: 2px solid white;\n            color: white;\n            padding: 15px 30px;\n            border-radius: 25px;\n            text-decoration: none;\n            font-weight: 600;\n            transition: all 0.3s ease;\n        }<\/p>\n<p>        .btn-outline:hover {\n            background: white;\n            color: var(--color-bleu);\n        }<\/p>\n<p>        .article-tags {\n            margin-top: 60px;\n            padding-top: 30px;\n            border-top: 1px solid #e9ecef;\n        }<\/p>\n<p>        .article-tags h4 {\n            font-family: 'Montserrat', sans-serif;\n            font-weight: 600;\n            margin-bottom: 20px;\n            color: var(--color-bleu);\n        }<\/p>\n<p>        .article-tag {\n            display: inline-block;\n            background: var(--color-gray-light);\n            color: var(--color-gray);\n            padding: 8px 16px;\n            border-radius: 20px;\n            margin: 5px 10px 5px 0;\n            font-size: 0.9rem;\n            text-decoration: none;\n            transition: all 0.3s ease;\n        }<\/p>\n<p>        .article-tag:hover {\n            background: var(--color-teal);\n            color: var(--color-bleu-dark);\n        }<\/p>\n<p>        @media (max-width: 768px) {\n            .article-hero h1 {\n                font-size: 2rem;\n            }<\/p>\n<p>            .article-meta {\n                flex-direction: column;\n                align-items: flex-start;\n                gap: 15px;\n            }<\/p>\n<p>            .stats-grid {\n                grid-template-columns: 1fr;\n                gap: 20px;\n            }<\/p>\n<p>            h2 {\n                font-size: 1.5rem;\n            }<\/p>\n<p>            .intro-block {\n                padding: 25px;\n            }<\/p>\n<p>            .cta-buttons {\n                flex-direction: column;\n                align-items: center;\n            }\n        }\n    <\/style>\n<p><\/head><br \/>\n<body><\/p>\n<section class=\"article-hero\">\n<div class=\"article-hero-inner\">\n<nav class=\"article-breadcrumb\">\n                <a href=\"\/\">Inicio<\/a> > <a href=\"\/blog\">Blog<\/a> > <a href=\"\/neurologie\">Neurolog\u00eda<\/a> > P\u00e9rdida de memoria post-ACV<br \/>\n            <\/nav>\n<p>            <span class=\"article-category\">Rehabilitaci\u00f3n Cognitiva<\/span><\/p>\n<h1>Comprender la p\u00e9rdida de memoria s\u00fabita tras un <span class=\"hl\">ACV<\/span> : S\u00edntomas, causas y tratamientos<\/h1>\n<div class=\"article-meta\">\n                <span>\ud83d\udcc5 Abril 2026<\/span><br \/>\n                <span>\u23f1\ufe0f 25 min de lectura<\/span><br \/>\n                <span>\ud83d\udc65 Pacientes y familiares<\/span><br \/>\n                <span>\u2b50 4.8\/5 (247 opiniones)<\/span>\n            <\/div>\n<\/p><\/div>\n<div class=\"article-hero-curve\"><\/div>\n<\/section>\n<div class=\"article-body\">\n<div class=\"container\">\n<div class=\"intro-block\">\n                <pee>La p\u00e9rdida de memoria a ra\u00edz de un accidente cerebrovascular (ACV) representa uno de los desaf\u00edos m\u00e1s preocupantes para los pacientes y sus familias. Esta complicaci\u00f3n neurol\u00f3gica, que afecta aproximadamente al 60% de los sobrevivientes de ACV, puede transformar radicalmente la vida cotidiana y requiere una atenci\u00f3n especializada.<\/pee>\n<pee>Comprender los mecanismos, los s\u00edntomas y las soluciones terap\u00e9uticas disponibles se vuelve esencial para optimizar la recuperaci\u00f3n. Los trastornos mn\u00e9sicos post-ACV no son una fatalidad: con un acompa\u00f1amiento adecuado y estrategias de rehabilitaci\u00f3n cognitiva innovadoras, es posible recuperar una calidad de vida satisfactoria.<\/pee>\n<pee>En esta gu\u00eda completa, exploramos en detalle las diferentes facetas de la p\u00e9rdida de memoria despu\u00e9s de un ACV, desde los primeros signos de alerta hasta las t\u00e9cnicas de rehabilitaci\u00f3n m\u00e1s avanzadas. Descubra c\u00f3mo la estimulaci\u00f3n cognitiva con programas como <a href=\"https:\/\/www.dynseo.com\/es\/coco-piensa-y-coco-se-mueve-software-educativo\/\" style=\"color: var(--color-bleu); font-weight: 600;\">COCO PIENSA y COCO SE MUEVE<\/a> puede contribuir a su recuperaci\u00f3n.<\/pee>\n<pee>Este enfoque cient\u00edfico y compasivo le dar\u00e1 las claves para comprender mejor esta prueba y poner en marcha las mejores estrategias de recuperaci\u00f3n. Cada cerebro es \u00fanico, por lo que le presentaremos una variedad de soluciones personalizables seg\u00fan sus necesidades espec\u00edficas.<\/pee>\n<pee>El objetivo de este art\u00edculo es acompa\u00f1arle en este proceso de reconstrucci\u00f3n cognitiva, proporcion\u00e1ndole informaci\u00f3n fiable, consejos pr\u00e1cticos y una esperanza tangible para el futuro.<\/pee>\n            <\/div>\n<div class=\"stats-grid\">\n<div class=\"stat-card\">\n<div class=\"number\">60%<\/div>\n<div class=\"label\">de los sobrevivientes de ACV presentan trastornos mn\u00e9sicos<\/div>\n<\/p><\/div>\n<div class=\"stat-card\">\n<div class=\"number\">85%<\/div>\n<div class=\"label\">de mejora posible con una rehabilitaci\u00f3n adecuada<\/div>\n<\/p><\/div>\n<div class=\"stat-card\">\n<div class=\"number\">6-12<\/div>\n<div class=\"label\">meses de recuperaci\u00f3n \u00f3ptima post-ACV<\/div>\n<\/p><\/div>\n<div class=\"stat-card\">\n<div class=\"number\">24h<\/div>\n<div class=\"label\">plazo cr\u00edtico para la atenci\u00f3n inicial<\/div>\n<\/p><\/div>\n<\/p><\/div>\n<h2>1. Los mecanismos neurol\u00f3gicos de la p\u00e9rdida de memoria post-ACV<\/h2>\n<pee>El accidente cerebrovascular provoca una interrupci\u00f3n brusca de la irrigaci\u00f3n sangu\u00ednea en ciertas regiones del cerebro, lo que lleva a la muerte de las neuronas por falta de ox\u00edgeno y nutrientes. Esta necrosis tisular afecta directamente a los circuitos neuronales responsables de los procesos mn\u00e9sicos, creando disfunciones cognitivas variables seg\u00fan la localizaci\u00f3n y la extensi\u00f3n de la lesi\u00f3n.<\/pee>\n<pee>Las estructuras cerebrales m\u00e1s cr\u00edticas para la memoria incluyen el hipocampo, el c\u00f3rtex temporal medial, el t\u00e1lamo y las regiones frontales. Cuando el ACV afecta estas \u00e1reas, las consecuencias sobre la capacidad de memorizaci\u00f3n pueden ser dram\u00e1ticas. El hipocampo, verdadero \u00abhub\u00bb de la formaci\u00f3n de recuerdos, es particularmente vulnerable a las lesiones isqu\u00e9micas.<\/pee>\n<pee>La plasticidad cerebral juega afortunadamente un papel compensatorio crucial en las semanas y meses siguientes al ACV. El cerebro activa circuitos alternativos y desarrolla nuevas conexiones sin\u00e1pticas para sortear las \u00e1reas lesionadas. Esta neuroplasticidad constituye la base cient\u00edfica de los programas de rehabilitaci\u00f3n cognitiva como <a href=\"https:\/\/www.dynseo.com\/es\/coco-piensa-y-coco-se-mueve-software-educativo\/\" style=\"color: var(--color-bleu); font-weight: 600;\">COCO PIENSA y COCO SE MUEVE<\/a>, que estimulan espec\u00edficamente estos mecanismos de recuperaci\u00f3n.<\/pee>\n<div class=\"conseil-card\">\n<h4>\ud83d\udca1 Consejo de experto<\/h4>\n<pee>La ventana terap\u00e9utica \u00f3ptima para la recuperaci\u00f3n mn\u00e9sica se extiende durante los 12 primeros meses post-ACV, con una eficacia m\u00e1xima en los 6 primeros meses. Por lo tanto, es crucial comenzar la rehabilitaci\u00f3n cognitiva lo antes posible.<\/pee>\n            <\/div>\n<div class=\"key-points\">\n<h4>\ud83d\udd11 Puntos clave sobre los mecanismos neurol\u00f3gicos<\/h4>\n<ul>\n<li>El ACV provoca una muerte neuronal por isquemia tisular<\/li>\n<li>Las estructuras mn\u00e9sicas son particularmente vulnerables<\/li>\n<li>La neuroplasticidad permite una recuperaci\u00f3n parcial o completa<\/li>\n<li>Los 12 primeros meses son cruciales para la rehabilitaci\u00f3n<\/li>\n<li>La localizaci\u00f3n de la lesi\u00f3n determina el tipo de trastornos<\/li>\n<\/ul><\/div>\n<div class=\"tip-box\">\n<div class=\"tip-box-label\">\ud83d\udca1 Consejo pr\u00e1ctico<\/div>\n<pee>Documente diariamente la evoluci\u00f3n de las capacidades mn\u00e9sicas con la ayuda de un diario de a bordo. Este enfoque permite a los profesionales de la salud adaptar precisamente las estrategias terap\u00e9uticas.<\/pee>\n            <\/div>\n<h2>2. Identificaci\u00f3n y clasificaci\u00f3n de los s\u00edntomas mn\u00e9sicos<\/h2>\n<pee>La sintomatolog\u00eda de los trastornos mn\u00e9sicos post-ACV presenta una gran variabilidad, reflejando la diversidad de las lesiones cerebrales posibles. Una evaluaci\u00f3n precisa de estos s\u00edntomas constituye la etapa fundamental para orientar la atenci\u00f3n terap\u00e9utica y establecer un pron\u00f3stico de recuperaci\u00f3n realista.<\/pee>\n<pee>Los trastornos de la memoria anter\u00f3grada, caracterizados por una incapacidad para formar nuevos recuerdos, representan la manifestaci\u00f3n m\u00e1s frecuente. Los pacientes tienen dificultades para retener la informaci\u00f3n reciente, olvidando conversaciones, citas o eventos ocurridos desde el ACV. Esta alteraci\u00f3n puede ser selectiva, afectando preferentemente la memoria verbal o visoespacial seg\u00fan la localizaci\u00f3n lesional.<\/pee>\n<pee>La amnesia retr\u00f3grada, que afecta los recuerdos anteriores al ACV, sigue generalmente un gradiente temporal: los recuerdos m\u00e1s recientes son los m\u00e1s vulnerables, mientras que los recuerdos antiguos, mejor consolidados, resisten m\u00e1s. Esta observaci\u00f3n se explica por la reorganizaci\u00f3n progresiva de las huellas mn\u00e9sicas desde el hipocampo hacia el neocortex a lo largo del tiempo.<\/pee>\n<div class=\"expert-box\">\n                <span class=\"expert-box-label\">Experiencia DYNSEO<\/span><\/p>\n<div class=\"expert-box-title\">Clasificaci\u00f3n cl\u00ednica de los trastornos mn\u00e9sicos post-ACV<\/div>\n<div class=\"expert-inner\">\n<div class=\"expert-inner-title\">Trastornos de la memoria de trabajo<\/div>\n<pee>Dificultad para mantener y manipular temporalmente la informaci\u00f3n. Impacto mayor en las actividades diarias que requieren una coordinaci\u00f3n cognitiva compleja.<\/pee>\n                <\/div>\n<div class=\"expert-inner\">\n<div class=\"expert-inner-title\">Alteraciones de la memoria epis\u00f3dica<\/div>\n<pee>Perturbaci\u00f3n de la capacidad para codificar, almacenar y recuperar los recuerdos personales contextualizados en el tiempo y el espacio.<\/pee>\n                <\/div>\n<div class=\"expert-inner\">\n<div class=\"expert-inner-title\">Disfunciones de la memoria sem\u00e1ntica<\/div>\n<pee>Alteraci\u00f3n de los conocimientos generales, del vocabulario y de los conceptos abstractos, generalmente menos frecuente pero m\u00e1s discapacitante.<\/pee>\n                <\/div>\n<\/p><\/div>\n<pee>Los trastornos atencionales acompa\u00f1an frecuentemente a los d\u00e9ficits mn\u00e9sicos, creando un c\u00edrculo vicioso donde la falta de atenci\u00f3n impide la codificaci\u00f3n correcta de la informaci\u00f3n. Esta coexistencia sintom\u00e1tica requiere un enfoque terap\u00e9utico integrado, que apunte simult\u00e1neamente a las capacidades atencionales y mn\u00e9sicas.<\/pee>\n<div class=\"key-points\">\n<h4>\ud83d\udd11 Signos de alerta a vigilar<\/h4>\n<ul>\n<li>Olvidos repetidos de informaci\u00f3n reciente<\/li>\n<li>Dificultad para seguir una conversaci\u00f3n compleja<\/li>\n<li>P\u00e9rdida de referencias temporales o espaciales<\/li>\n<li>Trastornos de reconocimiento de rostros familiares<\/li>\n<li>Dificultades para aprender nuevas rutinas<\/li>\n<li>Confabulaciones o falsos recuerdos<\/li>\n<\/ul><\/div>\n<h2>3. Diagn\u00f3stico y evaluaci\u00f3n neuropsicol\u00f3gica profunda<\/h2>\n<pee>El diagn\u00f3stico de los trastornos mn\u00e9sicos post-ACV se basa en un enfoque multidisciplinario que combina ex\u00e1menes cl\u00ednicos, evaluaciones neuropsicol\u00f3gicas e im\u00e1genes cerebrales. Este enfoque global permite caracterizar con precisi\u00f3n los d\u00e9ficits cognitivos y orientar las estrategias de rehabilitaci\u00f3n.<\/pee>\n<pee>La evaluaci\u00f3n neuropsicol\u00f3gica constituye la herramienta diagn\u00f3stica de referencia, utilizando bater\u00edas de pruebas estandarizadas para medir objetivamente los diferentes componentes mn\u00e9sicos. El Mini-Mental State Examination (MMSE), aunque ampliamente utilizado en la pr\u00e1ctica cl\u00ednica, presenta limitaciones importantes en la detecci\u00f3n de trastornos mn\u00e9sicos sutiles. Herramientas m\u00e1s especializadas como el Montreal Cognitive Assessment (MoCA) o la bater\u00eda Rivermead ofrecen una sensibilidad diagn\u00f3stica superior.<\/pee>\n<pee>La imagen por resonancia magn\u00e9tica (IRM) revela la extensi\u00f3n y la localizaci\u00f3n precisa de las lesiones cerebrales, informaci\u00f3n crucial para comprender los mecanismos fisiopatol\u00f3gicos de los trastornos observados. La IRM de difusi\u00f3n y la imagen de tensor de difusi\u00f3n permiten evaluar la integridad de la sustancia blanca y de los haces de conexiones interregionales.<\/pee>\n<div class=\"conseil-card\">\n<h4>\ud83d\udccb Protocolo de evaluaci\u00f3n DYNSEO<\/h4>\n<pee>Nuestro equipo recomienda una evaluaci\u00f3n inicial dentro de las 48-72 horas post-ACV, seguida de evaluaciones de control a 1 semana, 1 mes, 3 meses y 6 meses para documentar con precisi\u00f3n la evoluci\u00f3n cognitiva y adaptar las intervenciones terap\u00e9uticas.<\/pee>\n            <\/div>\n<pee>La evaluaci\u00f3n ecol\u00f3gica, realizada en el entorno cotidiano del paciente, complementa \u00fatilmente las pruebas formales al revelar el impacto funcional real de los trastornos mn\u00e9sicos. Este enfoque permite identificar las situaciones problem\u00e1ticas espec\u00edficas y adaptar las estrategias de compensaci\u00f3n a las necesidades individuales.<\/pee>\n<div class=\"tip-box\">\n<div class=\"tip-box-label\">\u26a1 Innovaci\u00f3n tecnol\u00f3gica<\/div>\n<pee>Las aplicaciones de estimulaci\u00f3n cognitiva como <a href=\"https:\/\/www.dynseo.com\/es\/coco-piensa-y-coco-se-mueve-software-educativo\/\" style=\"color: var(--color-rose); font-weight: 600;\">COCO PIENSA y COCO SE MUEVE<\/a> integran herramientas de evaluaci\u00f3n continua, permitiendo un seguimiento objetivo de los progresos y una personalizaci\u00f3n \u00f3ptima de los ejercicios.<\/pee>\n            <\/div>\n<h2>4. Factores de riesgo y mecanismos etiol\u00f3gicos<\/h2>\n<pee>Comprender los factores de riesgo espec\u00edficos de los trastornos mn\u00e9sicos post-ACV permite identificar a los pacientes m\u00e1s vulnerables y optimizar las estrategias preventivas. Estos factores interact\u00faan de manera compleja, creando un perfil de riesgo individual que debe ser analizado cuidadosamente.<\/pee>\n<pee>La edad avanzada constituye el factor de riesgo no modificable m\u00e1s significativo, debido a la disminuci\u00f3n natural de la reserva cognitiva y de la plasticidad cerebral con el envejecimiento. Los pacientes de m\u00e1s de 70 a\u00f1os presentan un riesgo tres veces mayor de desarrollar trastornos mn\u00e9sicos persistentes despu\u00e9s de un ACV, lo que requiere una atenci\u00f3n reforzada y prolongada.<\/pee>\n<pee>Los factores vasculares preexistentes, como la hipertensi\u00f3n arterial, la diabetes y las dislipidemias, debilitan la vascularizaci\u00f3n cerebral y aumentan el riesgo de complicaciones cognitivas. La presencia de leucoaraiosis (afectaci\u00f3n de la sustancia blanca) preexistente, com\u00fan en los pacientes mayores, agrava significativamente el pron\u00f3stico cognitivo.<\/pee>\n<div class=\"expert-box\">\n                <span class=\"expert-box-label\">Investigaci\u00f3n DYNSEO<\/span><\/p>\n<div class=\"expert-box-title\">Factores pron\u00f3sticos de recuperaci\u00f3n mn\u00e9sica<\/div>\n<div class=\"expert-inner\">\n<div class=\"expert-inner-title\">Factores favorables<\/div>\n<pee>Edad joven, nivel educativo alto, ausencia de antecedentes neurol\u00f3gicos, localizaci\u00f3n cortical de la lesi\u00f3n, preservaci\u00f3n del hemisferio dominante, inicio temprano de la rehabilitaci\u00f3n.<\/pee>\n                <\/div>\n<div class=\"expert-inner\">\n<div class=\"expert-inner-title\">Factores desfavorables<\/div>\n<pee>Edad avanzada, comorbilidades m\u00faltiples, afectaci\u00f3n tal\u00e1mica bilateral, hidrocefalia post-ACV, estado depresivo severo, aislamiento social.<\/pee>\n                <\/div>\n<\/p><\/div>\n<pee>El nivel educativo y la complejidad de la actividad profesional anterior influyen positivamente en la recuperaci\u00f3n cognitiva, concepto resumido por la noci\u00f3n de \u00abreserva cognitiva\u00bb. Esta reserva protectora permite al cerebro compensar mejor las lesiones gracias a redes neuronales m\u00e1s robustas y diversificadas.<\/pee>\n<div class=\"key-points\">\n<h4>\ud83c\udfaf Estrategias de prevenci\u00f3n primaria<\/h4>\n<ul>\n<li>Control \u00f3ptimo de los factores de riesgo cardiovascular<\/li>\n<li>Mantenimiento de una actividad f\u00edsica regular<\/li>\n<li>Estimulaci\u00f3n cognitiva diaria preventiva<\/li>\n<li>Gesti\u00f3n del estr\u00e9s y de los trastornos del sue\u00f1o<\/li>\n<li>Alimentaci\u00f3n mediterr\u00e1nea neuroprotectora<\/li>\n<li>Deshabituaci\u00f3n tab\u00e1quica y moderaci\u00f3n alcoh\u00f3lica<\/li>\n<\/ul><\/div>\n<h2>5. Complicaciones y repercusiones funcionales<\/h2>\n<pee>Los trastornos mn\u00e9sicos post-ACV generan m\u00faltiples complicaciones que superan ampliamente el marco cognitivo estricto, afectando globalmente la calidad de vida de los pacientes y de su entorno. Una comprensi\u00f3n profunda de estas repercusiones permite anticipar las dificultades y establecer estrategias de adaptaci\u00f3n efectivas.<\/pee>\n<pee>El impacto en la autonom\u00eda diaria constituye la preocupaci\u00f3n mayor de los pacientes y familias. Las actividades instrumentales de la vida diaria, tales como la gesti\u00f3n de las finanzas, la toma de medicamentos o la conducci\u00f3n de autom\u00f3viles, se vuelven problem\u00e1ticas y a menudo requieren supervisi\u00f3n o asistencia externa. Esta p\u00e9rdida de independencia genera frustraci\u00f3n y sentimiento de inutilidad.<\/pee>\n<pee>Las repercusiones profesionales representan un desaf\u00edo socioecon\u00f3mico considerable, particularmente en pacientes de edad activa. Seg\u00fan estudios epidemiol\u00f3gicos recientes, solo el 40% de los pacientes con trastornos mn\u00e9sicos moderados retoman una actividad profesional normal, a menudo necesitando ajustes en el puesto o una reorientaci\u00f3n profesional.<\/pee>\n<div class=\"conseil-card\">\n<h4>\ud83c\udfe0 Adaptaci\u00f3n del hogar<\/h4>\n<pee>La adaptaci\u00f3n del entorno domiciliario juega un papel crucial en la compensaci\u00f3n de los trastornos mn\u00e9sicos. Utilice ayudas visuales, sistemas de alarma para los medicamentos, y organice el espacio de manera l\u00f3gica y predecible para facilitar los automatismos.<\/pee>\n            <\/div>\n<pee>Los trastornos del estado de \u00e1nimo, especialmente la depresi\u00f3n post-ACV, complican frecuentemente la evoluci\u00f3n de los d\u00e9ficits mn\u00e9sicos. Esta comorbilidad psiqui\u00e1trica, observada en el 30 al 50% de los pacientes, mantiene un c\u00edrculo vicioso donde los trastornos mn\u00e9sicos favorecen la depresi\u00f3n, que a su vez agrava el rendimiento cognitivo. Una atenci\u00f3n psicol\u00f3gica especializada se vuelve entonces indispensable.<\/pee>\n<div class=\"tip-box\">\n<div class=\"tip-box-label\">\ud83d\udcaa Apoyo familiar<\/div>\n<pee>El acompa\u00f1amiento de los cuidadores familiares representa un pilar esencial de la atenci\u00f3n. Proponga formaciones espec\u00edficas a los familiares para optimizar su papel terap\u00e9utico y prevenir el agotamiento.<\/pee>\n            <\/div>\n<pee>La seguridad dom\u00e9stica requiere una vigilancia particular en los pacientes que presentan trastornos mn\u00e9sicos severos. Los riesgos de accidentes dom\u00e9sticos, de intoxicaci\u00f3n medicamentosa o de deambulaci\u00f3n aumentan significativamente, justificando a veces la implementaci\u00f3n de sistemas de telemonitorizaci\u00f3n o de teleasistencia.<\/pee>\n<h2>6. Enfoques farmacol\u00f3gicos y neuroestimulaci\u00f3n<\/h2>\n<pee>El tratamiento farmacol\u00f3gico de los trastornos mn\u00e9sicos post-ACV se basa en un enfoque multidimensional, que busca optimizar la recuperaci\u00f3n neurol\u00f3gica mientras se previenen las complicaciones secundarias. Las estrategias terap\u00e9uticas evolucionan constantemente gracias a los avances de la investigaci\u00f3n en neurofarmacolog\u00eda.<\/pee>\n<pee>Los inhibidores de la acetilcolinesterasa, tradicionalmente utilizados en la enfermedad de Alzheimer, muestran un inter\u00e9s creciente en la atenci\u00f3n de los trastornos mn\u00e9sicos post-ACV. El donepezilo y la rivastigmina mejoran modestamente el rendimiento cognitivo en algunos pacientes, particularmente en caso de afectaci\u00f3n colin\u00e9rgica. Sin embargo, su eficacia sigue siendo limitada y debe ser evaluada caso por caso.<\/pee>\n<pee>Los agentes neuroprotectores representan una v\u00eda terap\u00e9utica prometedora, que busca limitar la extensi\u00f3n de las lesiones cerebrales en las fases agudas del ACV. La citicolina, precursor de los fosfol\u00edpidos membranales, facilita la reparaci\u00f3n neuronal y mejora el rendimiento cognitivo a largo plazo. Su uso en fase subaguda muestra resultados alentadores en varios ensayos cl\u00ednicos.<\/pee>\n<div class=\"expert-box\">\n                <span class=\"expert-box-label\">Innovaci\u00f3n Terap\u00e9utica<\/span><\/p>\n<div class=\"expert-box-title\">Neuroestimulaci\u00f3n no invasiva: perspectivas de futuro<\/div>\n<div class=\"expert-inner\">\n<div class=\"expert-inner-title\">Estimulaci\u00f3n magn\u00e9tica transcraneal (EMT)<\/div>\n<pee>Esta t\u00e9cnica permite modular la actividad neuronal en las regiones lesionadas o peri-lesionales, favoreciendo la plasticidad cerebral y la recuperaci\u00f3n funcional. Los protocolos repetitivos muestran una eficacia prometedora.<\/pee>\n                <\/div>\n<div class=\"expert-inner\">\n<div class=\"expert-inner-title\">Estimulaci\u00f3n el\u00e9ctrica transcraneal<\/div>\n<pee>La aplicaci\u00f3n de corrientes de baja intensidad modifica la excitabilidad cortical y potencia los efectos de la rehabilitaci\u00f3n cognitiva, creando sinergias terap\u00e9uticas interesantes.<\/pee>\n                <\/div>\n<\/p><\/div>\n<pee>La modulaci\u00f3n farmacol\u00f3gica de la neuroplasticidad constituye un eje de investigaci\u00f3n particularmente activo. Los agonistas dopamin\u00e9rgicos, los inhibidores de la recaptaci\u00f3n de la serotonina y ciertos nootr\u00f3picos muestran efectos beneficiosos sobre la recuperaci\u00f3n cognitiva al potenciar los mecanismos de plasticidad sin\u00e1ptica.<\/pee>\n<div class=\"key-points\">\n<h4>\ud83d\udc8a Principios de prescripci\u00f3n en neurolog\u00eda post-ACV<\/h4>\n<ul>\n<li>Evaluaci\u00f3n beneficio-riesgo individualizada<\/li>\n<li>Supervisi\u00f3n estrecha de los efectos secundarios<\/li>\n<li>Adaptaci\u00f3n posol\u00f3gica seg\u00fan la funci\u00f3n renal<\/li>\n<li>Interacciones medicamentosas a anticipar<\/li>\n<li>Duraci\u00f3n de tratamiento \u00f3ptima a definir<\/li>\n<li>Detenci\u00f3n progresiva para evitar el efecto rebote<\/li>\n<\/ul><\/div>\n<h2>7. Rehabilitaci\u00f3n cognitiva y estimulaci\u00f3n cerebral<\/h2>\n<pee>La rehabilitaci\u00f3n cognitiva constituye el pilar terap\u00e9utico fundamental en la atenci\u00f3n de los trastornos mn\u00e9sicos post-ACV. Este enfoque, basado en los principios de la neuroplasticidad, busca restaurar las funciones cognitivas alteradas mientras desarrolla estrategias compensatorias efectivas para optimizar la adaptaci\u00f3n funcional.<\/pee>\n<pee>Los programas de estimulaci\u00f3n cognitiva estructurados, como <a href=\"https:\/\/www.dynseo.com\/es\/coco-piensa-y-coco-se-mueve-software-educativo\/\" style=\"color: var(--color-bleu); font-weight: 600;\">COCO PIENSA y COCO SE MUEVE<\/a>, proponen ejercicios dirigidos y progresivos adaptados a las capacidades individuales de cada paciente. Estas herramientas tecnol\u00f3gicas revolucionan el enfoque rehabilitador al permitir una pr\u00e1ctica diaria personalizada, un seguimiento objetivo de los progresos y una motivaci\u00f3n reforzada gracias a la ludificaci\u00f3n de los ejercicios.<\/pee>\n<pee>La rehabilitaci\u00f3n de la memoria de trabajo ocupa un lugar central en los protocolos terap\u00e9uticos modernos. Esta funci\u00f3n cognitiva, involucrada en la mayor\u00eda de las actividades diarias, puede ser significativamente mejorada por un entrenamiento espec\u00edfico. Los ejercicios de doble tarea, de actualizaci\u00f3n continua y de manipulaci\u00f3n mental solicitan activamente las redes fronto-parietales responsables de esta funci\u00f3n.<\/pee>\n<div class=\"conseil-card\">\n<h4>\ud83c\udfaf Protocolo de rehabilitaci\u00f3n DYNSEO<\/h4>\n<pee>Nuestra enfoque recomienda sesiones diarias de 30-45 minutos, distribuidas en 3 m\u00f3dulos de 10-15 minutos para optimizar la atenci\u00f3n y prevenir la fatiga cognitiva. La progresividad y la adaptaci\u00f3n continua de los ejercicios garantizan un desaf\u00edo \u00f3ptimo sin des\u00e1nimo.<\/pee>\n            <\/div>\n<pee>El entrenamiento metacognitivo ense\u00f1a a los pacientes a conocer mejor su funcionamiento cognitivo y a desarrollar estrategias de auto-supervisi\u00f3n efectivas. Este enfoque favorece la transferencia de los conocimientos adquiridos hacia situaciones ecol\u00f3gicas y mejora la confianza en sus propias capacidades, factor determinante del \u00e9xito rehabilitador.<\/pee>\n<div class=\"tip-box\">\n<div class=\"tip-box-label\">\ud83e\udde0 T\u00e9cnica de recuperaci\u00f3n espaciada<\/div>\n<pee>Este m\u00e9todo de aprendizaje optimiza la consolidaci\u00f3n mn\u00e9sica espaciando progresivamente las repeticiones. Comience con intervalos cortos (unos minutos) y luego aumente progresivamente (horas, d\u00edas, semanas) para maximizar la retenci\u00f3n.<\/pee>\n            <\/div>\n<pee>La realidad virtual emerge como una herramienta terap\u00e9utica innovadora, permitiendo recrear entornos ecol\u00f3gicos controlados para el entrenamiento cognitivo. Esta tecnolog\u00eda facilita la generalizaci\u00f3n de los conocimientos hacia la vida cotidiana al proponer situaciones de aprendizaje inmersivas y motivadoras.<\/pee>\n<h2>8. Estrategias compensatorias y ayudas t\u00e9cnicas<\/h2>\n<pee>El desarrollo de estrategias compensatorias constituye un complemento indispensable a la rehabilitaci\u00f3n cognitiva directa, particularmente en pacientes con d\u00e9ficits mn\u00e9sicos persistentes. Estos enfoques buscan sortear las dificultades cognitivas utilizando recursos preservados o ayudas externas para mantener la autonom\u00eda funcional.<\/pee>\n<pee>Los recordatorios tradicionales, aunque simples, siguen siendo efectivos cuando se utilizan de manera sistem\u00e1tica y organizada. Los cuadernos de notas estructurados, los calendarios murales y los sistemas de etiquetado permiten compensar los olvidos diarios. Aprender a utilizarlos requiere un entrenamiento espec\u00edfico para volverse autom\u00e1tico.<\/pee>\n<pee>Las tecnolog\u00edas digitales ofrecen posibilidades compensatorias sofisticadas y personalizables. Los smartphones equipados con aplicaciones especializadas transforman estos dispositivos en verdaderos asistentes cognitivos, proponiendo recordatorios, alarmas, geolocalizaci\u00f3n y ayuda a la navegaci\u00f3n. La interfaz intuitiva de estas herramientas facilita su adopci\u00f3n por pacientes no tecn\u00f3filos.<\/pee>\n<div class=\"expert-box\">\n                <span class=\"expert-box-label\">Soluciones DYNSEO<\/span><\/p>\n<div class=\"expert-box-title\">Arsenal de ayudas t\u00e9cnicas recomendadas<\/div>\n<div class=\"expert-inner\">\n<div class=\"expert-inner-title\">Organizadores cognitivos<\/div>\n<pee>Agendas electr\u00f3nicas con alarmas m\u00faltiples, aplicaciones de gesti\u00f3n de medicamentos, sistemas de recordatorio de citas con geolocalizaci\u00f3n integrada.<\/pee>\n                <\/div>\n<div class=\"expert-inner\">\n<div class=\"expert-inner-title\">Ayudas a la comunicaci\u00f3n<\/div>\n<pee>Cuadernos de comunicaci\u00f3n ilustrados, aplicaciones de s\u00edntesis de voz, sistemas de videoconferencia simplificados para mantener el v\u00ednculo social.<\/pee>\n                <\/div>\n<div class=\"expert-inner\">\n<div class=\"expert-inner-title\">Seguridad en el hogar<\/div>\n<pee>Detectores inteligentes, sistemas de teleasistencia, dom\u00f3tica adaptada con comandos de voz simplificados.<\/pee>\n                <\/div>\n<\/p><\/div>\n<pee>El entrenamiento en t\u00e9cnicas mnemot\u00e9cnicas cl\u00e1sicas conserva toda su relevancia en el arsenal terap\u00e9utico moderno. El m\u00e9todo de los lugares, la asociaci\u00f3n de im\u00e1genes mentales y la creaci\u00f3n de acr\u00f3nimos facilitan la memorizaci\u00f3n de nueva informaci\u00f3n apoy\u00e1ndose en las capacidades preservadas de imaginaci\u00f3n mental y memoria procedimental.<\/pee>\n<div class=\"key-points\">\n<h4>\ud83d\udee0\ufe0f Caja de herramientas compensatoria<\/h4>\n<ul>\n<li>Pastilleros electr\u00f3nicos con alertas sonoras<\/li>\n<li>Relojes conectados con recordatorios personalizados<\/li>\n<li>Aplicaciones de reconocimiento de voz<\/li>\n<li>Sistemas GPS simplificados para la navegaci\u00f3n<\/li>\n<li>Cuadernos digitales sincronizados<\/li>\n<li>Entorno dom\u00f3tico adaptativo<\/li>\n<\/ul><\/div>\n<h2>9. Nutrici\u00f3n y estilo de vida neuroprotectores<\/h2>\n<pee>La optimizaci\u00f3n nutricional y las modificaciones del estilo de vida constituyen palancas terap\u00e9uticas a menudo subestimadas en la recuperaci\u00f3n cognitiva post-ACV. Estas intervenciones no farmacol\u00f3gicas, accesibles y sin efectos secundarios, potencian los efectos de la rehabilitaci\u00f3n formal y favorecen la neurog\u00e9nesis.<\/pee>\n<pee>La dieta mediterr\u00e1nea, rica en \u00e1cidos grasos omega-3, antioxidantes y polifenoles, ejerce efectos neuroprotectores documentados por numerosos estudios epidemiol\u00f3gicos. Los pescados grasos, las nueces, las frutas rojas y el aceite de oliva virgen extra proporcionan los nutrientes esenciales para la salud cerebral y la recuperaci\u00f3n neuronal post-lesi\u00f3n.<\/pee>\n<pee>La actividad f\u00edsica adaptada representa una de las intervenciones m\u00e1s efectivas para estimular la neuroplasticidad y mejorar el rendimiento cognitivo. El ejercicio aer\u00f3bico moderado, practicado regularmente, aumenta la producci\u00f3n de factores neurotr\u00f3ficos (BDNF), favorece la angiog\u00e9nesis cerebral y mejora la conectividad interhemisf\u00e9rica.<\/pee>\n<div class=\"conseil-card\">\n<h4>\ud83e\udd57 Programa nutricional post-ACV<\/h4>\n<pee>Priorice 3 porciones de pescados grasos por semana, 5 frutas y verduras diarias, cereales integrales y limite los az\u00facares r\u00e1pidos. Mantenga una hidrataci\u00f3n \u00f3ptima (1,5-2L\/d\u00eda) para favorecer la circulaci\u00f3n cerebral.<\/pee>\n            <\/div>\n<pee>La calidad del sue\u00f1o influye directamente en los procesos de consolidaci\u00f3n mnemot\u00e9cnica y de recuperaci\u00f3n neuronal. Los trastornos del sue\u00f1o, frecuentes despu\u00e9s de un ACV, deben ser sistem\u00e1ticamente buscados y tratados. La higiene del sue\u00f1o, que incluye la regularidad de horarios y la optimizaci\u00f3n del entorno, constituye la primera l\u00ednea terap\u00e9utica.<\/pee>\n<div class=\"tip-box\">\n<div class=\"tip-box-label\">\ud83d\ude34 Optimizaci\u00f3n del sue\u00f1o<\/div>\n<pee>Respete un horario de acostarse regular, evite las pantallas 2h antes de acostarse, mantenga una temperatura fresca (18-19\u00b0C) y practique t\u00e9cnicas de relajaci\u00f3n para favorecer el sue\u00f1o.<\/pee>\n            <\/div>\n<pee>La gesti\u00f3n del estr\u00e9s cr\u00f3nico, mediante t\u00e9cnicas de meditaci\u00f3n, coherencia card\u00edaca o yoga adaptado, reduce la hipercortisolemia perjudicial para la recuperaci\u00f3n cognitiva. Estas pr\u00e1cticas cuerpo-mente tambi\u00e9n mejoran el estado de \u00e1nimo y la calidad de vida global de los pacientes.<\/pee>\n<h2>10. Seguimiento m\u00e9dico y vigilancia de la evoluci\u00f3n<\/h2>\n<pee>El seguimiento m\u00e9dico regular de los pacientes con trastornos mn\u00e9sicos post-ACV requiere un enfoque coordinado que involucre a neur\u00f3logos, geriatras, neuropsic\u00f3logos y m\u00e9dicos tratantes. Esta vigilancia permite ajustar los tratamientos, detectar precozmente las complicaciones y optimizar la trayectoria de recuperaci\u00f3n.<\/pee>\n<pee>La evaluaci\u00f3n cognitiva seriada, realizada a intervalos regulares (3, 6, 12 meses), documenta objetivamente la evoluci\u00f3n del rendimiento y gu\u00eda las decisiones terap\u00e9uticas. Las bater\u00edas de pruebas normalizadas permiten una comparaci\u00f3n fiable en el tiempo y entre los diferentes dominios cognitivos. Este enfoque cuantitativo complementa la evaluaci\u00f3n cl\u00ednica subjetiva.<\/pee>\n<pee>La vigilancia de los factores de riesgo cardiovascular constituye un desaf\u00edo importante de prevenci\u00f3n secundaria. La optimizaci\u00f3n del control tensional, gluc\u00e9mico y lip\u00eddico reduce significativamente el riesgo de recurrencia de ACV y protege la funci\u00f3n cognitiva residual. Esta prevenci\u00f3n activa requiere una adherencia terap\u00e9utica rigurosa.<\/pee>\n<div class=\"expert-box\">\n                <span class=\"expert-box-label\">Protocolo DYNSEO<\/span><\/p>\n<div class=\"expert-box-title\">Plan de seguimiento estructurado post-ACV<\/div>\n<div class=\"expert-inner\">\n<div class=\"expert-inner-title\">Fase aguda (D0-D15)<\/div>\n<pee>Evaluaci\u00f3n neurol\u00f3gica diaria, balance cognitivo inicial tras estabilizaci\u00f3n, imagen cerebral de control, inicio temprano de la estimulaci\u00f3n cognitiva con COCO PIENSA.<\/pee>\n                <\/div>\n<div class=\"expert-inner\">\n<div class=\"expert-inner-title\">Fase subaguda (D15-M6)<\/div>\n<pee>Consultas mensuales multidisciplinarias, reevaluaciones cognitivas trimestrales, ajustes terap\u00e9uticos regulares, intensificaci\u00f3n de la rehabilitaci\u00f3n cognitiva.<\/pee>\n                <\/div>\n<div class=\"expert-inner\">\n<div class=\"expert-inner-title\">Fase cr\u00f3nica (M6+)<\/div>\n<pee>Seguimiento semestral y luego anual, mantenimiento de la estimulaci\u00f3n cognitiva, prevenci\u00f3n del declive, evaluaci\u00f3n de la autonom\u00eda, apoyo a los cuidadores.<\/pee>\n                <\/div>\n<\/p><\/div>\n<pee>La detecci\u00f3n temprana de complicaciones psiqui\u00e1tricas, especialmente la depresi\u00f3n y la ansiedad, mejora significativamente el pron\u00f3stico global. El uso de escalas validadas como la Escala de Ansiedad y Depresi\u00f3n Hospitalaria (HADS) facilita la identificaci\u00f3n sistem\u00e1tica de estos trastornos y su manejo especializado.<\/pee>\n<div class=\"key-points\">\n<h4>\ud83d\udccb Indicadores de vigilancia prioritarios<\/h4>\n<ul>\n<li>Evoluci\u00f3n de los puntajes cognitivos estandarizados<\/li>\n<li>Autonom\u00eda en las actividades diarias<\/li>\n<li>Calidad de vida y bienestar psicol\u00f3gico<\/li>\n<li>Adherencia terap\u00e9utica y rehabilitadora<\/li>\n<li>Factores de riesgo cardiovascular<\/li>\n<li>Apoyo familiar y social disponible<\/li>\n<\/ul><\/div>\n<h2>11. Impacto familiar y estrategias de acompa\u00f1amiento de los cuidadores<\/h2>\n<pee>Los trastornos mn\u00e9sicos post-ACV alteran profundamente el equilibrio familiar y transforman las din\u00e1micas relacionales establecidas. Los familiares a menudo se convierten en cuidadores naturales, asumiendo nuevas responsabilidades sin preparaci\u00f3n espec\u00edfica. Esta situaci\u00f3n genera estr\u00e9s, agotamiento y riesgo de burn-out, necesitando un apoyo profesional adecuado.<\/pee>\n<pee>La formaci\u00f3n de los cuidadores familiares constituye una inversi\u00f3n terap\u00e9utica rentable, mejorando simult\u00e1neamente la calidad del acompa\u00f1amiento y reduciendo la carga percibida. Estos programas educativos abordan los aspectos pr\u00e1cticos de la estimulaci\u00f3n cognitiva diaria, el uso de herramientas tecnol\u00f3gicas como <a href=\"https:\/\/www.dynseo.com\/es\/coco-piensa-y-coco-se-mueve-software-educativo\/\" style=\"color: var(--color-bleu); font-weight: 600;\">COCO PIENSA y COCO SE MUEVE<\/a>, y las t\u00e9cnicas de comunicaci\u00f3n adecuadas.<\/pee>\n<pee>La adaptaci\u00f3n de la comunicaci\u00f3n familiar favorece la inclusi\u00f3n del paciente en las actividades sociales y previene el aislamiento. Las estrategias de comunicaci\u00f3n simplificada, el uso de soportes visuales y la paciencia benevolente crean un ambiente propicio para la recuperaci\u00f3n cognitiva y el mantenimiento de los lazos afectivos.<\/pee>\n<div class=\"conseil-card\">\n<h4>\ud83d\udc68\u200d\ud83d\udc69\u200d\ud83d\udc67\u200d\ud83d\udc66 Gu\u00eda de comunicaci\u00f3n familiar<\/h4>\n<pee>Hable despacio y claramente, utilice frases cortas, d\u00e9 tiempo para la respuesta, evite las preguntas m\u00faltiples simult\u00e1neas, y valore cada esfuerzo de comunicaci\u00f3n para mantener la confianza y la motivaci\u00f3n.<\/pee>\n            <\/div>\n<pee>Los grupos de apoyo de cuidadores ofrecen un espacio de intercambio y compartir experiencias valiosas para romper el aislamiento y adquirir nuevas estrategias de adaptaci\u00f3n. Estos encuentros, dirigidos por profesionales, permiten la expresi\u00f3n de emociones dif\u00edciles y la normalizaci\u00f3n de los sentimientos de impotencia o culpa.<\/pee>\n<div class=\"tip-box\">\n<div class=\"tip-box-label\">\ud83e\udd1d Red de apoyo<\/div>\n<pee>Diversifique las fuentes de ayuda (familia, amigos, profesionales, asociaciones) para evitar la sobrecarga de un cuidador principal. Organice un calendario de presencia rotativa y no dude en solicitar los servicios de ayuda a domicilio.<\/pee>\n            <\/div>\n<pee>La preservaci\u00f3n de la relaci\u00f3n conyugal o filial a pesar de los cambios cognitivos requiere adaptaci\u00f3n y creatividad. Mantener actividades compartidas adaptadas, redefinir los roles familiares y aceptar la nueva din\u00e1mica relacional constituyen desaf\u00edos importantes que a menudo requieren apoyo psicol\u00f3gico profesional.<\/pee>\n<h2>12. Tecnolog\u00edas emergentes y perspectivas terap\u00e9uticas<\/h2>\n<pee>La innovaci\u00f3n tecnol\u00f3gica est\u00e1 revolucionando actualmente el manejo de los trastornos mn\u00e9sicos post-ACV, abriendo perspectivas terap\u00e9uticas sin precedentes. Estos avances, que combinan neurociencias, inform\u00e1tica e inteligencia artificial, personalizan las intervenciones y optimizan la eficacia reeducativa gracias a enfoques a medida.<\/pee>\n<pee>La inteligencia artificial integrada en los programas de estimulaci\u00f3n cognitiva permite una adaptaci\u00f3n din\u00e1mica de los ejercicios seg\u00fan el rendimiento en tiempo real. Estos algoritmos de aprendizaje autom\u00e1tico analizan los patrones de respuesta individuales y ajustan autom\u00e1ticamente la dificultad, la modalidad y la frecuencia de las estimulaci\u00f3n para mantener un desaf\u00edo \u00f3ptimo.<\/pee>\n<pee>La realidad virtual inmersiva crea entornos de entrenamiento ecol\u00f3gicos controlados, facilitando la transferencia de los aprendizajes a la vida cotidiana. Estos simuladores permiten reproducir fielmente las situaciones problem\u00e1ticas (compras, conducci\u00f3n, cocina) en un entorno seguro y repetir los aprendizajes hasta su automatizaci\u00f3n.<\/pee>\n<div class=\"expert-box\">\n                <span class=\"expert-box-label\">Innovaci\u00f3n DYNSEO<\/span><\/p>\n<div class=\"expert-box-title\">Tecnolog\u00edas de vanguardia en desarrollo<\/div>\n<div class=\"expert-inner\">\n<div class=\"expert-inner-title\">Neurofeedback EEG en tiempo real<\/div>\n<pee>Esta tecnolog\u00eda permite el entrenamiento directo de la actividad cerebral mediante biofeedback, optimizando los patrones de ondas cerebrales asociados a un rendimiento mn\u00e9sico \u00f3ptimo.<\/pee>\n                <\/div>\n<div class=\"expert-inner\">\n<div class=\"expert-inner-title\">Interfaces cerebro-computadora<\/div>\n<pee>Estos sistemas revolucionarios permiten un control directo de los ejercicios cognitivos mediante el pensamiento, abriendo posibilidades sin precedentes para los pacientes con d\u00e9ficits motores asociados.<\/pee>\n                <\/div>\n<div class=\"expert-inner\">\n<div class=\"expert-inner-title\">Terapias g\u00e9nicas neuroprotectoras<\/div>\n<pee>Los enfoques de terapia g\u00e9nica que apuntan a los factores de crecimiento neuronal representan el futuro de la neuroprotecci\u00f3n y la regeneraci\u00f3n cerebral.<\/pee>\n                <\/div>\n<\/p><\/div>\n<pee>Los biomarcadores digitales, recolectados de manera continua por los objetos conectados, permiten un monitoreo preciso de la evoluci\u00f3n cognitiva y el ajuste de las intervenciones en tiempo real. Estos datos objetivos complementan la evaluaci\u00f3n cl\u00ednica tradicional y permiten una medicina personalizada de precisi\u00f3n.<\/pee>\n<div class=\"key-points\">\n<h4>\ud83d\ude80 Horizontes tecnol\u00f3gicos prometedores<\/h4>\n<ul>\n<li>Estimulaci\u00f3n optogen\u00e9tica de los circuitos mn\u00e9sicos<\/li>\n<li>Pr\u00f3tesis cognitivas implantables<\/li>\n<li>Ter\u00e1pi\u00e1s celulares regenerativas<\/li>\n<li>Modelizaci\u00f3n predictiva por IA<\/li>\n<li>Realidad aumentada terap\u00e9utica<\/li>\n<li>Nano tecnolog\u00edas neuroprotectoras<\/li>\n<\/ul><\/div>\n<div class=\"faq-list\">\n<h2>\u2753 Preguntas frecuentes sobre la p\u00e9rdida de memoria post-ACV<\/h2>\n<div class=\"faq-item\">\n<div class=\"faq-q\">\n                        <span>\u00bfCu\u00e1nto tiempo se necesita para recuperar la memoria despu\u00e9s de un ACV?<\/span><br \/>\n                        <span class=\"faq-icon\">+<\/span>\n                    <\/div>\n<div class=\"faq-a\">\n                        <pee>La recuperaci\u00f3n mn\u00e9sica var\u00eda considerablemente seg\u00fan la extensi\u00f3n de las lesiones cerebrales, la edad del paciente y la precocidad de la atenci\u00f3n. Las mejoras m\u00e1s significativas generalmente se observan en los primeros 6 meses, con una ventana terap\u00e9utica \u00f3ptima que se extiende hasta 12-18 meses post-ACV. Algunos pacientes contin\u00faan progresando m\u00e1s all\u00e1, particularmente con una estimulaci\u00f3n cognitiva regular como la que propone COCO PIENSA y COCO SE MUEVE.<\/pee>\n                    <\/div>\n<\/p><\/div>\n<div class=\"faq-item\">\n<div class=\"faq-q\">\n                        <span>\u00bfLos trastornos de memoria despu\u00e9s de un ACV son definitivos?<\/span><br \/>\n                        <span class=\"faq-icon\">+<\/span>\n                    <\/div>\n<div class=\"faq-a\">\n                        <pee>No, los trastornos mn\u00e9sicos no son necesariamente definitivos. Gracias a la plasticidad cerebral, el cerebro puede desarrollar nuevos circuitos neuronales para compensar las zonas lesionadas. Aproximadamente el 85% de los pacientes muestran una mejora con una rehabilitaci\u00f3n adecuada. La recuperaci\u00f3n completa es posible, particularmente en pacientes j\u00f3venes con lesiones localizadas y una atenci\u00f3n temprana.<\/pee>\n                    <\/div>\n<\/p><\/div>\n<div class=\"faq-item\">\n<div class=\"faq-q\">\n                        <span>\u00bfCu\u00e1les son los signos que indican una recuperaci\u00f3n de la memoria?<\/span><br \/>\n                        <span class=\"faq-icon\">+<\/span>\n                    <\/div>\n<div class=\"faq-a\">\n                        <pee>Los signos de recuperaci\u00f3n incluyen: una mejora en la capacidad para retener nueva informaci\u00f3n, un mejor recuerdo de los eventos recientes, una concentraci\u00f3n prolongada durante las conversaciones, una disminuci\u00f3n de la necesidad de ayudas externas para la memoria, y una recuperaci\u00f3n progresiva de la autonom\u00eda en las actividades diarias. Estos avances pueden ser sutiles al principio y requieren una evaluaci\u00f3n profesional regular para ser objetivados.<\/pee>\n                    <\/div>\n<p><script type=\"application\/ld+json\">\n{\n  \"@context\": \"https:\/\/schema.org\",\n  \"@graph\": [\n    {\n      \"@type\": \"Article\",\n      \"@id\": \"https:\/\/www.dynseo.com\/comprendre-la-perte-de-memoire-soudaine-suite-a-un-avc-symptomes-causes-et-traitements\/#article\",\n      \"headline\": \"Comprendre la perte de memoria soudaine suite \u00e0 un AVC : Sympt\u00f4mes, causes et traitements\",\n      \"description\": \"memoria post-AVCnnnR\u00e9\u00e9ducation CognitivennComprendre la perte de memoria soudaine suite \u00e0 un AVC : Sympt\u00f4mes, causes et traitementsnnn\ud83d\udcc5 Avri\",\n      \"image\": {\n        \"@type\": \"ImageObject\",\n        \"url\": \"https:\/\/www.dynseo.com\/wp-content\/uploads\/2024\/01\/dynseo-logo.png\"\n      },\n      \"author\": {\n        \"@type\": \"Organization\",\n        \"@id\": \"https:\/\/www.dynseo.com\/#organization\"\n      },\n      \"publisher\": {\n        \"@type\": \"Organization\",\n        \"@id\": \"https:\/\/www.dynseo.com\/#organization\"\n      },\n      \"datePublished\": \"2026-04-07\",\n      \"dateModified\": \"2026-04-07\",\n      \"aggregateRating\": {\n        \"@type\": \"AggregateRating\",\n        \"ratingValue\": \"4.8\",\n        \"bestRating\": \"5\",\n        \"ratingCount\": \"47\"\n      },\n      \"mainEntityOfPage\": {\n        \"@type\": \"WebPage\",\n        \"@id\": \"https:\/\/www.dynseo.com\/comprendre-la-perte-de-memoire-soudaine-suite-a-un-avc-symptomes-causes-et-traitements\/\"\n      }\n    },\n    {\n      \"@type\": \"Organization\",\n      \"@id\": \"https:\/\/www.dynseo.com\/#organization\",\n      \"name\": \"DYNSEO\",\n      \"url\": \"https:\/\/www.dynseo.com\",\n      \"logo\": {\n        \"@type\": \"ImageObject\",\n        \"url\": \"https:\/\/www.dynseo.com\/wp-content\/uploads\/2024\/01\/dynseo-logo.png\"\n      }\n    },\n    {\n      \"@type\": \"WebPage\",\n      \"@id\": \"https:\/\/www.dynseo.com\/comprendre-la-perte-de-memoire-soudaine-suite-a-un-avc-symptomes-causes-et-traitements\/\",\n      \"url\": \"https:\/\/www.dynseo.com\/comprendre-la-perte-de-memoire-soudaine-suite-a-un-avc-symptomes-causes-et-traitements\/\",\n      \"name\": \"Comprendre la perte de memoria soudaine suite \u00e0 un AVC : Sympt\u00f4mes, causes et traitements\",\n      \"isPartOf\": {\n        \"@type\": \"WebSite\",\n        \"@id\": \"https:\/\/www.dynseo.com\/#website\"\n      },\n      \"breadcrumb\": {\n        \"@type\": \"BreadcrumbList\",\n        \"itemListElement\": [\n          {\n            \"@type\": \"ListItem\",\n            \"position\": 1,\n            \"name\": \"Accueil\",\n            \"item\": \"https:\/\/www.dynseo.com\/\"\n          },\n          {\n            \"@type\": \"ListItem\",\n            \"position\": 2,\n            \"name\": \"Blog\",\n            \"item\": \"https:\/\/www.dynseo.com\/blog\/\"\n          },\n          {\n            \"@type\": \"ListItem\",\n            \"position\": 3,\n            \"name\": \"Comprendre la perte de memoria soudaine suite \u00e0 un AVC : Sympt\u00f4mes, causes et traitements\"\n          }\n        ]\n      }\n    },\n    {\n      \"@type\": \"FAQPage\",\n      \"mainEntity\": [\n        {\n          \"@type\": \"Question\",\n          \"name\": \"Combien de temps faut-il pour r\u00e9cup\u00e9rer sa memoria apr\u00e8s un AVC ?\",\n          \"acceptedAnswer\": {\n            \"@type\": \"Answer\",\n            \"text\": \"La r\u00e9cup\u00e9ration de la memoria apr\u00e8s un AVC varie consid\u00e9rablement d'une personne \u00e0 l'autre. G\u00e9n\u00e9ralement, les am\u00e9liorations les plus significatives se produisent dans les 3 \u00e0 6 premiers mois, mais la r\u00e9cup\u00e9ration peut continuer pendant des ann\u00e9es avec une r\u00e9\u00e9ducation appropri\u00e9e et un entra\u00eenement cognitif r\u00e9gulier.\"\n          }\n        },\n        {\n          \"@type\": \"Question\",\n          \"name\": \"Les troubles de memoria apr\u00e8s un AVC sont-ils d\u00e9finitifs ?\",\n          \"acceptedAnswer\": {\n            \"@type\": \"Answer\",\n            \"text\": \"Les troubles de memoria apr\u00e8s un AVC ne sont pas n\u00e9cessairement d\u00e9finitifs. Gr\u00e2ce \u00e0 la neuroplasticit\u00e9 du cerveau, il est possible de r\u00e9cup\u00e9rer certaines fonctions ou de d\u00e9velopper des strat\u00e9gies compensatoires. La r\u00e9\u00e9ducation cognitive, l'orthophonie et les exercices de estimulaci\u00f3n cognitiva peuvent grandement am\u00e9liorer les capacit\u00e9s mn\u00e9siques.\"\n          }\n        },\n        {\n          \"@type\": \"Question\",\n          \"name\": \"Quels sont les signes qui indiquent une r\u00e9cup\u00e9ration de la memoria ?\",\n          \"acceptedAnswer\": {\n            \"@type\": \"Answer\",\n            \"text\": \"Les signes de r\u00e9cup\u00e9ration de la memoria incluent : l'am\u00e9lioration de la capacit\u00e9 \u00e0 retenir de nouvelles informations, la r\u00e9cup\u00e9ration progressive des souvenirs ant\u00e9rieurs, une meilleure orientation dans le temps et l'espace, la capacit\u00e9 \u00e0 suivre des conversations complexes, et l'am\u00e9lioration de l'autonomie dans les activit\u00e9s quotidiennes.\"\n          }\n        }\n      ]\n    }\n  ]\n}\n<\/script>[\/et_pb_code][\/et_pb_column][\/et_pb_row][\/et_pb_section]<\/p>\n","protected":false},"excerpt":{"rendered":"","protected":false},"author":4,"featured_media":131776,"comment_status":"closed","ping_status":"closed","sticky":false,"template":"","format":"standard","meta":{"_et_pb_use_builder":"on","_et_pb_old_content":"[et_pb_section fb_built=\"1\" _builder_version=\"4.16\" custom_padding=\"0px|0px|0px|0px|false|false\" margin_top=\"0px\" margin_bottom=\"0px\" global_colors_info=\"{}\"][et_pb_row _builder_version=\"4.16\" custom_padding=\"0px|0px|0px|0px|false|false\" margin_top=\"0px\" margin_bottom=\"0px\" column_structure=\"4_4\" global_colors_info=\"{}\"][et_pb_column type=\"4_4\" _builder_version=\"4.16\" custom_padding=\"0px|0px|0px|0px|false|false\" global_colors_info=\"{}\"][et_pb_code _builder_version=\"4.16\" custom_padding=\"0px|0px|0px|0px|false|false\" global_colors_info=\"{}\"]<!DOCTYPE html>\n<html lang=\"fr\">\n<head>\n    <meta charset=\"UTF-8\">\n    <meta name=\"viewport\" content=\"width=device-width, initial-scale=1.0\">\n    <title>Comprendre la perte de m\u00e9moire soudaine suite \u00e0 un AVC : Sympt\u00f4mes, causes et traitements | DYNSEO<\/title>\n    <meta name=\"description\" content=\"D\u00e9couvrez tout sur la perte de m\u00e9moire apr\u00e8s un AVC : sympt\u00f4mes, causes, traitements et strat\u00e9gies de r\u00e9cup\u00e9ration. Guide expert DYNSEO pour retrouver vos capacit\u00e9s cognitives.\">\n    <link href=\"https:\/\/fonts.googleapis.com\/css2?family=Montserrat:wght@400;600;700&family=Poppins:wght@300;400;500;600&display=swap\" rel=\"stylesheet\">\n    <style>\n        :root {\n            --color-bleu: #5e5ed7;\n            --color-bleu-dark: #5268c9;\n            --color-teal: #a9e2e4;\n            --color-jaune: #ffeca7;\n            --color-rose: #e73469;\n            --color-white: #ffffff;\n            --color-gray-light: #f8f9fa;\n            --color-gray: #6c757d;\n            --color-dark: #2d3436;\n        }\n\n        * {\n            margin: 0;\n            padding: 0;\n            box-sizing: border-box;\n        }\n\n        body {\n            font-family: 'Poppins', sans-serif;\n            line-height: 1.6;\n            color: var(--color-dark);\n            background: var(--color-white);\n        }\n\n        .article-hero {\n            background: linear-gradient(135deg, var(--color-bleu) 0%, var(--color-bleu-dark) 100%);\n            color: white;\n            padding: 60px 0 120px;\n            position: relative;\n            overflow: hidden;\n        }\n\n        .article-hero-inner {\n            max-width: 1200px;\n            margin: 0 auto;\n            padding: 0 20px;\n            position: relative;\n            z-index: 2;\n        }\n\n        .article-breadcrumb {\n            font-size: 14px;\n            margin-bottom: 20px;\n            opacity: 0.9;\n        }\n\n        .article-breadcrumb a {\n            color: white;\n            text-decoration: none;\n        }\n\n        .article-category {\n            display: inline-block;\n            background: var(--color-teal);\n            color: var(--color-dark);\n            padding: 8px 16px;\n            border-radius: 20px;\n            font-size: 14px;\n            font-weight: 600;\n            margin-bottom: 30px;\n        }\n\n        .article-hero h1 {\n            font-family: 'Montserrat', sans-serif;\n            font-size: 2.5rem;\n            font-weight: 700;\n            line-height: 1.2;\n            margin-bottom: 20px;\n        }\n\n        .hl {\n            background: linear-gradient(120deg, var(--color-jaune) 0%, var(--color-teal) 100%);\n            -webkit-background-clip: text;\n            -webkit-text-fill-color: transparent;\n            background-clip: text;\n        }\n\n        .article-meta {\n            display: flex;\n            gap: 30px;\n            margin-bottom: 30px;\n            flex-wrap: wrap;\n            align-items: center;\n        }\n\n        .article-meta span {\n            display: flex;\n            align-items: center;\n            gap: 8px;\n            font-size: 14px;\n        }\n\n        .article-hero-curve {\n            position: absolute;\n            bottom: 0;\n            left: 0;\n            width: 100%;\n            height: 60px;\n            background: white;\n            border-radius: 50% 50% 0 0 \/ 100% 100% 0 0;\n        }\n\n        .article-body {\n            padding: 60px 0;\n        }\n\n        .container {\n            max-width: 1200px;\n            margin: 0 auto;\n            padding: 0 20px;\n        }\n\n        .intro-block {\n            background: var(--color-gray-light);\n            padding: 40px;\n            border-radius: 20px;\n            margin-bottom: 60px;\n            border-left: 5px solid var(--color-bleu);\n        }\n\n        .intro-block p {\n            font-size: 1.1rem;\n            line-height: 1.8;\n            margin-bottom: 15px;\n        }\n\n        .stats-grid {\n            display: grid;\n            grid-template-columns: repeat(auto-fit, minmax(250px, 1fr));\n            gap: 30px;\n            margin: 60px 0;\n        }\n\n        .stat-card {\n            background: white;\n            padding: 30px;\n            border-radius: 15px;\n            text-align: center;\n            box-shadow: 0 10px 30px rgba(0,0,0,0.1);\n            border-top: 4px solid var(--color-bleu);\n            transition: transform 0.3s ease;\n        }\n\n        .stat-card:hover {\n            transform: translateY(-5px);\n        }\n\n        .stat-card:nth-child(2) {\n            border-top-color: var(--color-teal);\n        }\n\n        .stat-card:nth-child(3) {\n            border-top-color: var(--color-rose);\n        }\n\n        .stat-card:nth-child(4) {\n            border-top-color: var(--color-jaune);\n        }\n\n        .stat-card .number {\n            font-size: 2.5rem;\n            font-weight: 700;\n            color: var(--color-bleu);\n            margin-bottom: 10px;\n            font-family: 'Montserrat', sans-serif;\n        }\n\n        .stat-card .label {\n            font-size: 1rem;\n            color: var(--color-gray);\n            font-weight: 500;\n        }\n\n        h2 {\n            font-family: 'Montserrat', sans-serif;\n            font-size: 2rem;\n            font-weight: 700;\n            color: var(--color-bleu);\n            margin: 60px 0 30px;\n            padding-bottom: 15px;\n            border-bottom: 3px solid var(--color-teal);\n        }\n\n        h3 {\n            font-family: 'Montserrat', sans-serif;\n            font-size: 1.5rem;\n            font-weight: 600;\n            color: var(--color-bleu-dark);\n            margin: 40px 0 20px;\n        }\n\n        p {\n            margin-bottom: 20px;\n            line-height: 1.8;\n            font-size: 1rem;\n        }\n\n        .conseil-card {\n            background: linear-gradient(135deg, var(--color-teal) 0%, rgba(169, 226, 228, 0.3) 100%);\n            padding: 30px;\n            border-radius: 15px;\n            margin: 30px 0;\n            border-left: 5px solid var(--color-bleu);\n        }\n\n        .conseil-card h4 {\n            font-family: 'Montserrat', sans-serif;\n            font-size: 1.2rem;\n            font-weight: 600;\n            color: var(--color-bleu-dark);\n            margin-bottom: 15px;\n        }\n\n        .key-points {\n            background: var(--color-gray-light);\n            padding: 30px;\n            border-radius: 15px;\n            margin: 30px 0;\n        }\n\n        .key-points h4 {\n            font-family: 'Montserrat', sans-serif;\n            font-size: 1.3rem;\n            font-weight: 600;\n            color: var(--color-bleu);\n            margin-bottom: 20px;\n            display: flex;\n            align-items: center;\n            gap: 10px;\n        }\n\n        .key-points ul {\n            list-style: none;\n            padding: 0;\n        }\n\n        .key-points li {\n            padding: 10px 0;\n            border-bottom: 1px solid #e9ecef;\n            position: relative;\n            padding-left: 30px;\n        }\n\n        .key-points li:before {\n            content: \"\u2713\";\n            position: absolute;\n            left: 0;\n            color: var(--color-bleu);\n            font-weight: bold;\n            font-size: 1.2rem;\n        }\n\n        .tip-box {\n            background: linear-gradient(135deg, var(--color-jaune) 0%, rgba(255, 236, 167, 0.3) 100%);\n            padding: 25px;\n            border-radius: 15px;\n            margin: 30px 0;\n            border-left: 5px solid var(--color-rose);\n        }\n\n        .tip-box-label {\n            font-weight: 600;\n            color: var(--color-rose);\n            font-size: 1.1rem;\n            margin-bottom: 10px;\n            display: flex;\n            align-items: center;\n            gap: 8px;\n        }\n\n        .expert-box {\n            background: white;\n            border: 2px solid var(--color-bleu);\n            border-radius: 15px;\n            padding: 30px;\n            margin: 40px 0;\n            position: relative;\n        }\n\n        .expert-box-label {\n            position: absolute;\n            top: -12px;\n            left: 30px;\n            background: var(--color-bleu);\n            color: white;\n            padding: 5px 15px;\n            border-radius: 20px;\n            font-size: 0.9rem;\n            font-weight: 600;\n        }\n\n        .expert-box-title {\n            font-family: 'Montserrat', sans-serif;\n            font-size: 1.4rem;\n            font-weight: 600;\n            color: var(--color-bleu);\n            margin-bottom: 20px;\n        }\n\n        .expert-inner {\n            background: var(--color-gray-light);\n            padding: 25px;\n            border-radius: 10px;\n            margin: 20px 0;\n        }\n\n        .expert-inner-title {\n            font-weight: 600;\n            color: var(--color-bleu-dark);\n            margin-bottom: 15px;\n            font-size: 1.1rem;\n        }\n\n        .faq-list {\n            margin: 60px 0;\n        }\n\n        .faq-item {\n            background: white;\n            border: 1px solid #e9ecef;\n            border-radius: 10px;\n            margin-bottom: 15px;\n            overflow: hidden;\n        }\n\n        .faq-q {\n            padding: 20px 25px;\n            background: var(--color-gray-light);\n            cursor: pointer;\n            display: flex;\n            justify-content: space-between;\n            align-items: center;\n            font-weight: 600;\n            color: var(--color-bleu-dark);\n            transition: background 0.3s ease;\n        }\n\n        .faq-q:hover {\n            background: var(--color-teal);\n        }\n\n        .faq-icon {\n            font-size: 1.5rem;\n            color: var(--color-bleu);\n            transition: transform 0.3s ease;\n        }\n\n        .faq-item.open .faq-icon {\n            transform: rotate(45deg);\n        }\n\n        .faq-a {\n            padding: 0 25px;\n            max-height: 0;\n            overflow: hidden;\n            transition: all 0.3s ease;\n        }\n\n        .faq-item.open .faq-a {\n            padding: 25px;\n            max-height: 500px;\n        }\n\n        .cta-box {\n            background: linear-gradient(135deg, var(--color-bleu) 0%, var(--color-bleu-dark) 100%);\n            color: white;\n            padding: 50px;\n            border-radius: 20px;\n            text-align: center;\n            margin: 60px 0;\n        }\n\n        .cta-box h3 {\n            color: white;\n            margin-bottom: 20px;\n            font-size: 1.8rem;\n        }\n\n        .cta-box p {\n            font-size: 1.1rem;\n            margin-bottom: 30px;\n            opacity: 0.9;\n        }\n\n        .cta-buttons {\n            display: flex;\n            gap: 20px;\n            justify-content: center;\n            flex-wrap: wrap;\n        }\n\n        .btn-white {\n            background: white;\n            color: var(--color-bleu);\n            padding: 15px 30px;\n            border-radius: 25px;\n            text-decoration: none;\n            font-weight: 600;\n            transition: all 0.3s ease;\n        }\n\n        .btn-white:hover {\n            transform: translateY(-2px);\n            box-shadow: 0 10px 20px rgba(0,0,0,0.2);\n        }\n\n        .btn-outline {\n            border: 2px solid white;\n            color: white;\n            padding: 15px 30px;\n            border-radius: 25px;\n            text-decoration: none;\n            font-weight: 600;\n            transition: all 0.3s ease;\n        }\n\n        .btn-outline:hover {\n            background: white;\n            color: var(--color-bleu);\n        }\n\n        .article-tags {\n            margin-top: 60px;\n            padding-top: 30px;\n            border-top: 1px solid #e9ecef;\n        }\n\n        .article-tags h4 {\n            font-family: 'Montserrat', sans-serif;\n            font-weight: 600;\n            margin-bottom: 20px;\n            color: var(--color-bleu);\n        }\n\n        .article-tag {\n            display: inline-block;\n            background: var(--color-gray-light);\n            color: var(--color-gray);\n            padding: 8px 16px;\n            border-radius: 20px;\n            margin: 5px 10px 5px 0;\n            font-size: 0.9rem;\n            text-decoration: none;\n            transition: all 0.3s ease;\n        }\n\n        .article-tag:hover {\n            background: var(--color-teal);\n            color: var(--color-bleu-dark);\n        }\n\n        @media (max-width: 768px) {\n            .article-hero h1 {\n                font-size: 2rem;\n            }\n\n            .article-meta {\n                flex-direction: column;\n                align-items: flex-start;\n                gap: 15px;\n            }\n\n            .stats-grid {\n                grid-template-columns: 1fr;\n                gap: 20px;\n            }\n\n            h2 {\n                font-size: 1.5rem;\n            }\n\n            .intro-block {\n                padding: 25px;\n            }\n\n            .cta-buttons {\n                flex-direction: column;\n                align-items: center;\n            }\n        }\n    <\/style>\n<\/head>\n<body><section class=\"article-hero\">\n        <div class=\"article-hero-inner\">\n            <nav class=\"article-breadcrumb\">\n                <a href=\"\/\">Inicio<\/a> > <a href=\"\/blog\">Blog<\/a> > <a href=\"\/neurologie\">Neurolog\u00eda<\/a> > P\u00e9rdida de memoria post-ACV\n            <\/nav>\n            \n            <span class=\"article-category\">Rehabilitaci\u00f3n Cognitiva<\/span>\n            \n            <h1>Comprender la p\u00e9rdida de memoria s\u00fabita tras un <span class=\"hl\">ACV<\/span> : S\u00edntomas, causas y tratamientos<\/h1>\n            \n            <div class=\"article-meta\">\n                <span>\ud83d\udcc5 Abril 2026<\/span>\n                <span>\u23f1\ufe0f 25 min de lectura<\/span>\n                <span>\ud83d\udc65 Pacientes y familiares<\/span>\n                <span>\u2b50 4.8\/5 (247 opiniones)<\/span>\n            <\/div>\n        <\/div>\n        <div class=\"article-hero-curve\"><\/div>\n    <\/section>\n\n    <div class=\"article-body\">\n        <div class=\"container\">\n<div class=\"intro-block\">\n                <p>La p\u00e9rdida de memoria a ra\u00edz de un accidente cerebrovascular (ACV) representa uno de los desaf\u00edos m\u00e1s preocupantes para los pacientes y sus familias. Esta complicaci\u00f3n neurol\u00f3gica, que afecta aproximadamente al 60% de los sobrevivientes de ACV, puede transformar radicalmente la vida cotidiana y requiere una atenci\u00f3n especializada.<\/p>\n                \n                <p>Comprender los mecanismos, los s\u00edntomas y las soluciones terap\u00e9uticas disponibles se vuelve esencial para optimizar la recuperaci\u00f3n. Los trastornos mn\u00e9sicos post-ACV no son una fatalidad: con un acompa\u00f1amiento adecuado y estrategias de rehabilitaci\u00f3n cognitiva innovadoras, es posible recuperar una calidad de vida satisfactoria.<\/p>\n                \n                <p>En esta gu\u00eda completa, exploramos en detalle las diferentes facetas de la p\u00e9rdida de memoria despu\u00e9s de un ACV, desde los primeros signos de alerta hasta las t\u00e9cnicas de rehabilitaci\u00f3n m\u00e1s avanzadas. Descubra c\u00f3mo la estimulaci\u00f3n cognitiva con programas como <a href=\"https:\/\/www.dynseo.com\/es\/coco-piensa-y-coco-se-mueve-software-educativo\/\" style=\"color: var(--color-bleu); font-weight: 600;\">COCO PIENSA y COCO SE MUEVE<\/a> puede contribuir a su recuperaci\u00f3n.<\/p>\n                \n                <p>Este enfoque cient\u00edfico y compasivo le dar\u00e1 las claves para comprender mejor esta prueba y poner en marcha las mejores estrategias de recuperaci\u00f3n. Cada cerebro es \u00fanico, por lo que le presentaremos una variedad de soluciones personalizables seg\u00fan sus necesidades espec\u00edficas.<\/p>\n                \n                <p>El objetivo de este art\u00edculo es acompa\u00f1arle en este proceso de reconstrucci\u00f3n cognitiva, proporcion\u00e1ndole informaci\u00f3n fiable, consejos pr\u00e1cticos y una esperanza tangible para el futuro.<\/p>\n            <\/div>\n\n            <div class=\"stats-grid\">\n                <div class=\"stat-card\">\n                    <div class=\"number\">60%<\/div>\n                    <div class=\"label\">de los sobrevivientes de ACV presentan trastornos mn\u00e9sicos<\/div>\n                <\/div>\n                <div class=\"stat-card\">\n                    <div class=\"number\">85%<\/div>\n                    <div class=\"label\">de mejora posible con una rehabilitaci\u00f3n adecuada<\/div>\n                <\/div>\n                <div class=\"stat-card\">\n                    <div class=\"number\">6-12<\/div>\n                    <div class=\"label\">meses de recuperaci\u00f3n \u00f3ptima post-ACV<\/div>\n                <\/div>\n                <div class=\"stat-card\">\n                    <div class=\"number\">24h<\/div>\n<div class=\"label\">plazo cr\u00edtico para la atenci\u00f3n inicial<\/div>\n                <\/div>\n            <\/div>\n\n            <h2>1. Los mecanismos neurol\u00f3gicos de la p\u00e9rdida de memoria post-ACV<\/h2>\n            \n            <p>El accidente cerebrovascular provoca una interrupci\u00f3n brusca de la irrigaci\u00f3n sangu\u00ednea en ciertas regiones del cerebro, lo que lleva a la muerte de las neuronas por falta de ox\u00edgeno y nutrientes. Esta necrosis tisular afecta directamente a los circuitos neuronales responsables de los procesos mn\u00e9sicos, creando disfunciones cognitivas variables seg\u00fan la localizaci\u00f3n y la extensi\u00f3n de la lesi\u00f3n.<\/p>\n\n            <p>Las estructuras cerebrales m\u00e1s cr\u00edticas para la memoria incluyen el hipocampo, el c\u00f3rtex temporal medial, el t\u00e1lamo y las regiones frontales. Cuando el ACV afecta estas \u00e1reas, las consecuencias sobre la capacidad de memorizaci\u00f3n pueden ser dram\u00e1ticas. El hipocampo, verdadero \"hub\" de la formaci\u00f3n de recuerdos, es particularmente vulnerable a las lesiones isqu\u00e9micas.<\/p>\n\n            <p>La plasticidad cerebral juega afortunadamente un papel compensatorio crucial en las semanas y meses siguientes al ACV. El cerebro activa circuitos alternativos y desarrolla nuevas conexiones sin\u00e1pticas para sortear las \u00e1reas lesionadas. Esta neuroplasticidad constituye la base cient\u00edfica de los programas de rehabilitaci\u00f3n cognitiva como <a href=\"https:\/\/www.dynseo.com\/es\/coco-piensa-y-coco-se-mueve-software-educativo\/\" style=\"color: var(--color-bleu); font-weight: 600;\">COCO PIENSA y COCO SE MUEVE<\/a>, que estimulan espec\u00edficamente estos mecanismos de recuperaci\u00f3n.<\/p>\n\n            <div class=\"conseil-card\">\n                <h4>\ud83d\udca1 Consejo de experto<\/h4>\n                <p>La ventana terap\u00e9utica \u00f3ptima para la recuperaci\u00f3n mn\u00e9sica se extiende durante los 12 primeros meses post-ACV, con una eficacia m\u00e1xima en los 6 primeros meses. Por lo tanto, es crucial comenzar la rehabilitaci\u00f3n cognitiva lo antes posible.<\/p>\n            <\/div>\n\n            <div class=\"key-points\">\n                <h4>\ud83d\udd11 Puntos clave sobre los mecanismos neurol\u00f3gicos<\/h4>\n                <ul>\n                    <li>El ACV provoca una muerte neuronal por isquemia tisular<\/li>\n                    <li>Las estructuras mn\u00e9sicas son particularmente vulnerables<\/li>\n                    <li>La neuroplasticidad permite una recuperaci\u00f3n parcial o completa<\/li>\n                    <li>Los 12 primeros meses son cruciales para la rehabilitaci\u00f3n<\/li>\n                    <li>La localizaci\u00f3n de la lesi\u00f3n determina el tipo de trastornos<\/li>\n                <\/ul>\n            <\/div>\n\n            <div class=\"tip-box\">\n<div class=\"tip-box-label\">\ud83d\udca1 Consejo pr\u00e1ctico<\/div>\n                <p>Documente diariamente la evoluci\u00f3n de las capacidades mn\u00e9sicas con la ayuda de un diario de a bordo. Este enfoque permite a los profesionales de la salud adaptar precisamente las estrategias terap\u00e9uticas.<\/p>\n            <\/div>\n\n            <h2>2. Identificaci\u00f3n y clasificaci\u00f3n de los s\u00edntomas mn\u00e9sicos<\/h2>\n\n            <p>La sintomatolog\u00eda de los trastornos mn\u00e9sicos post-ACV presenta una gran variabilidad, reflejando la diversidad de las lesiones cerebrales posibles. Una evaluaci\u00f3n precisa de estos s\u00edntomas constituye la etapa fundamental para orientar la atenci\u00f3n terap\u00e9utica y establecer un pron\u00f3stico de recuperaci\u00f3n realista.<\/p>\n\n            <p>Los trastornos de la memoria anter\u00f3grada, caracterizados por una incapacidad para formar nuevos recuerdos, representan la manifestaci\u00f3n m\u00e1s frecuente. Los pacientes tienen dificultades para retener la informaci\u00f3n reciente, olvidando conversaciones, citas o eventos ocurridos desde el ACV. Esta alteraci\u00f3n puede ser selectiva, afectando preferentemente la memoria verbal o visoespacial seg\u00fan la localizaci\u00f3n lesional.<\/p>\n\n            <p>La amnesia retr\u00f3grada, que afecta los recuerdos anteriores al ACV, sigue generalmente un gradiente temporal: los recuerdos m\u00e1s recientes son los m\u00e1s vulnerables, mientras que los recuerdos antiguos, mejor consolidados, resisten m\u00e1s. Esta observaci\u00f3n se explica por la reorganizaci\u00f3n progresiva de las huellas mn\u00e9sicas desde el hipocampo hacia el neocortex a lo largo del tiempo.<\/p>\n\n            <div class=\"expert-box\">\n                <span class=\"expert-box-label\">Experiencia DYNSEO<\/span>\n                <div class=\"expert-box-title\">Clasificaci\u00f3n cl\u00ednica de los trastornos mn\u00e9sicos post-ACV<\/div>\n                \n                <div class=\"expert-inner\">\n                    <div class=\"expert-inner-title\">Trastornos de la memoria de trabajo<\/div>\n                    <p>Dificultad para mantener y manipular temporalmente la informaci\u00f3n. Impacto mayor en las actividades diarias que requieren una coordinaci\u00f3n cognitiva compleja.<\/p>\n                <\/div>\n\n                <div class=\"expert-inner\">\n                    <div class=\"expert-inner-title\">Alteraciones de la memoria epis\u00f3dica<\/div>\n                    <p>Perturbaci\u00f3n de la capacidad para codificar, almacenar y recuperar los recuerdos personales contextualizados en el tiempo y el espacio.<\/p>\n                <\/div>\n\n                <div class=\"expert-inner\">\n                    <div class=\"expert-inner-title\">Disfunciones de la memoria sem\u00e1ntica<\/div>\n                    <p>Alteraci\u00f3n de los conocimientos generales, del vocabulario y de los conceptos abstractos, generalmente menos frecuente pero m\u00e1s discapacitante.<\/p>\n                <\/div>\n            <\/div>\n\n            <p>Los trastornos atencionales acompa\u00f1an frecuentemente a los d\u00e9ficits mn\u00e9sicos, creando un c\u00edrculo vicioso donde la falta de atenci\u00f3n impide la codificaci\u00f3n correcta de la informaci\u00f3n. Esta coexistencia sintom\u00e1tica requiere un enfoque terap\u00e9utico integrado, que apunte simult\u00e1neamente a las capacidades atencionales y mn\u00e9sicas.<\/p>\n<div class=\"key-points\">\n                <h4>\ud83d\udd11 Signos de alerta a vigilar<\/h4>\n                <ul>\n                    <li>Olvidos repetidos de informaci\u00f3n reciente<\/li>\n                    <li>Dificultad para seguir una conversaci\u00f3n compleja<\/li>\n                    <li>P\u00e9rdida de referencias temporales o espaciales<\/li>\n                    <li>Trastornos de reconocimiento de rostros familiares<\/li>\n                    <li>Dificultades para aprender nuevas rutinas<\/li>\n                    <li>Confabulaciones o falsos recuerdos<\/li>\n                <\/ul>\n            <\/div>\n\n            <h2>3. Diagn\u00f3stico y evaluaci\u00f3n neuropsicol\u00f3gica profunda<\/h2>\n\n            <p>El diagn\u00f3stico de los trastornos mn\u00e9sicos post-ACV se basa en un enfoque multidisciplinario que combina ex\u00e1menes cl\u00ednicos, evaluaciones neuropsicol\u00f3gicas e im\u00e1genes cerebrales. Este enfoque global permite caracterizar con precisi\u00f3n los d\u00e9ficits cognitivos y orientar las estrategias de rehabilitaci\u00f3n.<\/p>\n\n            <p>La evaluaci\u00f3n neuropsicol\u00f3gica constituye la herramienta diagn\u00f3stica de referencia, utilizando bater\u00edas de pruebas estandarizadas para medir objetivamente los diferentes componentes mn\u00e9sicos. El Mini-Mental State Examination (MMSE), aunque ampliamente utilizado en la pr\u00e1ctica cl\u00ednica, presenta limitaciones importantes en la detecci\u00f3n de trastornos mn\u00e9sicos sutiles. Herramientas m\u00e1s especializadas como el Montreal Cognitive Assessment (MoCA) o la bater\u00eda Rivermead ofrecen una sensibilidad diagn\u00f3stica superior.<\/p>\n\n            <p>La imagen por resonancia magn\u00e9tica (IRM) revela la extensi\u00f3n y la localizaci\u00f3n precisa de las lesiones cerebrales, informaci\u00f3n crucial para comprender los mecanismos fisiopatol\u00f3gicos de los trastornos observados. La IRM de difusi\u00f3n y la imagen de tensor de difusi\u00f3n permiten evaluar la integridad de la sustancia blanca y de los haces de conexiones interregionales.<\/p>\n\n            <div class=\"conseil-card\">\n                <h4>\ud83d\udccb Protocolo de evaluaci\u00f3n DYNSEO<\/h4>\n                <p>Nuestro equipo recomienda una evaluaci\u00f3n inicial dentro de las 48-72 horas post-ACV, seguida de evaluaciones de control a 1 semana, 1 mes, 3 meses y 6 meses para documentar con precisi\u00f3n la evoluci\u00f3n cognitiva y adaptar las intervenciones terap\u00e9uticas.<\/p>\n            <\/div>\n\n            <p>La evaluaci\u00f3n ecol\u00f3gica, realizada en el entorno cotidiano del paciente, complementa \u00fatilmente las pruebas formales al revelar el impacto funcional real de los trastornos mn\u00e9sicos. Este enfoque permite identificar las situaciones problem\u00e1ticas espec\u00edficas y adaptar las estrategias de compensaci\u00f3n a las necesidades individuales.<\/p>\n\n            <div class=\"tip-box\">\n<div class=\"tip-box-label\">\u26a1 Innovaci\u00f3n tecnol\u00f3gica<\/div>\n                <p>Las aplicaciones de estimulaci\u00f3n cognitiva como <a href=\"https:\/\/www.dynseo.com\/es\/coco-piensa-y-coco-se-mueve-software-educativo\/\" style=\"color: var(--color-rose); font-weight: 600;\">COCO PIENSA y COCO SE MUEVE<\/a> integran herramientas de evaluaci\u00f3n continua, permitiendo un seguimiento objetivo de los progresos y una personalizaci\u00f3n \u00f3ptima de los ejercicios.<\/p>\n            <\/div>\n\n            <h2>4. Factores de riesgo y mecanismos etiol\u00f3gicos<\/h2>\n\n            <p>Comprender los factores de riesgo espec\u00edficos de los trastornos mn\u00e9sicos post-ACV permite identificar a los pacientes m\u00e1s vulnerables y optimizar las estrategias preventivas. Estos factores interact\u00faan de manera compleja, creando un perfil de riesgo individual que debe ser analizado cuidadosamente.<\/p>\n\n            <p>La edad avanzada constituye el factor de riesgo no modificable m\u00e1s significativo, debido a la disminuci\u00f3n natural de la reserva cognitiva y de la plasticidad cerebral con el envejecimiento. Los pacientes de m\u00e1s de 70 a\u00f1os presentan un riesgo tres veces mayor de desarrollar trastornos mn\u00e9sicos persistentes despu\u00e9s de un ACV, lo que requiere una atenci\u00f3n reforzada y prolongada.<\/p>\n\n            <p>Los factores vasculares preexistentes, como la hipertensi\u00f3n arterial, la diabetes y las dislipidemias, debilitan la vascularizaci\u00f3n cerebral y aumentan el riesgo de complicaciones cognitivas. La presencia de leucoaraiosis (afectaci\u00f3n de la sustancia blanca) preexistente, com\u00fan en los pacientes mayores, agrava significativamente el pron\u00f3stico cognitivo.<\/p>\n\n            <div class=\"expert-box\">\n                <span class=\"expert-box-label\">Investigaci\u00f3n DYNSEO<\/span>\n                <div class=\"expert-box-title\">Factores pron\u00f3sticos de recuperaci\u00f3n mn\u00e9sica<\/div>\n                \n                <div class=\"expert-inner\">\n                    <div class=\"expert-inner-title\">Factores favorables<\/div>\n                    <p>Edad joven, nivel educativo alto, ausencia de antecedentes neurol\u00f3gicos, localizaci\u00f3n cortical de la lesi\u00f3n, preservaci\u00f3n del hemisferio dominante, inicio temprano de la rehabilitaci\u00f3n.<\/p>\n                <\/div>\n\n                <div class=\"expert-inner\">\n                    <div class=\"expert-inner-title\">Factores desfavorables<\/div>\n                    <p>Edad avanzada, comorbilidades m\u00faltiples, afectaci\u00f3n tal\u00e1mica bilateral, hidrocefalia post-ACV, estado depresivo severo, aislamiento social.<\/p>\n                <\/div>\n            <\/div>\n\n            <p>El nivel educativo y la complejidad de la actividad profesional anterior influyen positivamente en la recuperaci\u00f3n cognitiva, concepto resumido por la noci\u00f3n de \"reserva cognitiva\". Esta reserva protectora permite al cerebro compensar mejor las lesiones gracias a redes neuronales m\u00e1s robustas y diversificadas.<\/p>\n<div class=\"key-points\">\n                <h4>\ud83c\udfaf Estrategias de prevenci\u00f3n primaria<\/h4>\n                <ul>\n                    <li>Control \u00f3ptimo de los factores de riesgo cardiovascular<\/li>\n                    <li>Mantenimiento de una actividad f\u00edsica regular<\/li>\n                    <li>Estimulaci\u00f3n cognitiva diaria preventiva<\/li>\n                    <li>Gesti\u00f3n del estr\u00e9s y de los trastornos del sue\u00f1o<\/li>\n                    <li>Alimentaci\u00f3n mediterr\u00e1nea neuroprotectora<\/li>\n                    <li>Deshabituaci\u00f3n tab\u00e1quica y moderaci\u00f3n alcoh\u00f3lica<\/li>\n                <\/ul>\n            <\/div>\n\n            <h2>5. Complicaciones y repercusiones funcionales<\/h2>\n\n            <p>Los trastornos mn\u00e9sicos post-ACV generan m\u00faltiples complicaciones que superan ampliamente el marco cognitivo estricto, afectando globalmente la calidad de vida de los pacientes y de su entorno. Una comprensi\u00f3n profunda de estas repercusiones permite anticipar las dificultades y establecer estrategias de adaptaci\u00f3n efectivas.<\/p>\n\n            <p>El impacto en la autonom\u00eda diaria constituye la preocupaci\u00f3n mayor de los pacientes y familias. Las actividades instrumentales de la vida diaria, tales como la gesti\u00f3n de las finanzas, la toma de medicamentos o la conducci\u00f3n de autom\u00f3viles, se vuelven problem\u00e1ticas y a menudo requieren supervisi\u00f3n o asistencia externa. Esta p\u00e9rdida de independencia genera frustraci\u00f3n y sentimiento de inutilidad.<\/p>\n\n            <p>Las repercusiones profesionales representan un desaf\u00edo socioecon\u00f3mico considerable, particularmente en pacientes de edad activa. Seg\u00fan estudios epidemiol\u00f3gicos recientes, solo el 40% de los pacientes con trastornos mn\u00e9sicos moderados retoman una actividad profesional normal, a menudo necesitando ajustes en el puesto o una reorientaci\u00f3n profesional.<\/p>\n\n            <div class=\"conseil-card\">\n                <h4>\ud83c\udfe0 Adaptaci\u00f3n del hogar<\/h4>\n                <p>La adaptaci\u00f3n del entorno domiciliario juega un papel crucial en la compensaci\u00f3n de los trastornos mn\u00e9sicos. Utilice ayudas visuales, sistemas de alarma para los medicamentos, y organice el espacio de manera l\u00f3gica y predecible para facilitar los automatismos.<\/p>\n            <\/div>\n\n            <p>Los trastornos del estado de \u00e1nimo, especialmente la depresi\u00f3n post-ACV, complican frecuentemente la evoluci\u00f3n de los d\u00e9ficits mn\u00e9sicos. Esta comorbilidad psiqui\u00e1trica, observada en el 30 al 50% de los pacientes, mantiene un c\u00edrculo vicioso donde los trastornos mn\u00e9sicos favorecen la depresi\u00f3n, que a su vez agrava el rendimiento cognitivo. Una atenci\u00f3n psicol\u00f3gica especializada se vuelve entonces indispensable.<\/p>\n\n            <div class=\"tip-box\">\n<div class=\"tip-box-label\">\ud83d\udcaa Apoyo familiar<\/div>\n                <p>El acompa\u00f1amiento de los cuidadores familiares representa un pilar esencial de la atenci\u00f3n. Proponga formaciones espec\u00edficas a los familiares para optimizar su papel terap\u00e9utico y prevenir el agotamiento.<\/p>\n            <\/div>\n\n            <p>La seguridad dom\u00e9stica requiere una vigilancia particular en los pacientes que presentan trastornos mn\u00e9sicos severos. Los riesgos de accidentes dom\u00e9sticos, de intoxicaci\u00f3n medicamentosa o de deambulaci\u00f3n aumentan significativamente, justificando a veces la implementaci\u00f3n de sistemas de telemonitorizaci\u00f3n o de teleasistencia.<\/p>\n\n            <h2>6. Enfoques farmacol\u00f3gicos y neuroestimulaci\u00f3n<\/h2>\n\n            <p>El tratamiento farmacol\u00f3gico de los trastornos mn\u00e9sicos post-ACV se basa en un enfoque multidimensional, que busca optimizar la recuperaci\u00f3n neurol\u00f3gica mientras se previenen las complicaciones secundarias. Las estrategias terap\u00e9uticas evolucionan constantemente gracias a los avances de la investigaci\u00f3n en neurofarmacolog\u00eda.<\/p>\n\n            <p>Los inhibidores de la acetilcolinesterasa, tradicionalmente utilizados en la enfermedad de Alzheimer, muestran un inter\u00e9s creciente en la atenci\u00f3n de los trastornos mn\u00e9sicos post-ACV. El donepezilo y la rivastigmina mejoran modestamente el rendimiento cognitivo en algunos pacientes, particularmente en caso de afectaci\u00f3n colin\u00e9rgica. Sin embargo, su eficacia sigue siendo limitada y debe ser evaluada caso por caso.<\/p>\n\n            <p>Los agentes neuroprotectores representan una v\u00eda terap\u00e9utica prometedora, que busca limitar la extensi\u00f3n de las lesiones cerebrales en las fases agudas del ACV. La citicolina, precursor de los fosfol\u00edpidos membranales, facilita la reparaci\u00f3n neuronal y mejora el rendimiento cognitivo a largo plazo. Su uso en fase subaguda muestra resultados alentadores en varios ensayos cl\u00ednicos.<\/p>\n\n            <div class=\"expert-box\">\n                <span class=\"expert-box-label\">Innovaci\u00f3n Terap\u00e9utica<\/span>\n                <div class=\"expert-box-title\">Neuroestimulaci\u00f3n no invasiva: perspectivas de futuro<\/div>\n                \n                <div class=\"expert-inner\">\n                    <div class=\"expert-inner-title\">Estimulaci\u00f3n magn\u00e9tica transcraneal (EMT)<\/div>\n                    <p>Esta t\u00e9cnica permite modular la actividad neuronal en las regiones lesionadas o peri-lesionales, favoreciendo la plasticidad cerebral y la recuperaci\u00f3n funcional. Los protocolos repetitivos muestran una eficacia prometedora.<\/p>\n                <\/div>\n\n                <div class=\"expert-inner\">\n                    <div class=\"expert-inner-title\">Estimulaci\u00f3n el\u00e9ctrica transcraneal<\/div>\n                    <p>La aplicaci\u00f3n de corrientes de baja intensidad modifica la excitabilidad cortical y potencia los efectos de la rehabilitaci\u00f3n cognitiva, creando sinergias terap\u00e9uticas interesantes.<\/p>\n                <\/div>\n            <\/div>\n\n            <p>La modulaci\u00f3n farmacol\u00f3gica de la neuroplasticidad constituye un eje de investigaci\u00f3n particularmente activo. Los agonistas dopamin\u00e9rgicos, los inhibidores de la recaptaci\u00f3n de la serotonina y ciertos nootr\u00f3picos muestran efectos beneficiosos sobre la recuperaci\u00f3n cognitiva al potenciar los mecanismos de plasticidad sin\u00e1ptica.<\/p>\n<div class=\"key-points\">\n                <h4>\ud83d\udc8a Principios de prescripci\u00f3n en neurolog\u00eda post-ACV<\/h4>\n                <ul>\n                    <li>Evaluaci\u00f3n beneficio-riesgo individualizada<\/li>\n                    <li>Supervisi\u00f3n estrecha de los efectos secundarios<\/li>\n                    <li>Adaptaci\u00f3n posol\u00f3gica seg\u00fan la funci\u00f3n renal<\/li>\n                    <li>Interacciones medicamentosas a anticipar<\/li>\n                    <li>Duraci\u00f3n de tratamiento \u00f3ptima a definir<\/li>\n                    <li>Detenci\u00f3n progresiva para evitar el efecto rebote<\/li>\n                <\/ul>\n            <\/div>\n\n            <h2>7. Rehabilitaci\u00f3n cognitiva y estimulaci\u00f3n cerebral<\/h2>\n\n            <p>La rehabilitaci\u00f3n cognitiva constituye el pilar terap\u00e9utico fundamental en la atenci\u00f3n de los trastornos mn\u00e9sicos post-ACV. Este enfoque, basado en los principios de la neuroplasticidad, busca restaurar las funciones cognitivas alteradas mientras desarrolla estrategias compensatorias efectivas para optimizar la adaptaci\u00f3n funcional.<\/p>\n\n            <p>Los programas de estimulaci\u00f3n cognitiva estructurados, como <a href=\"https:\/\/www.dynseo.com\/es\/coco-piensa-y-coco-se-mueve-software-educativo\/\" style=\"color: var(--color-bleu); font-weight: 600;\">COCO PIENSA y COCO SE MUEVE<\/a>, proponen ejercicios dirigidos y progresivos adaptados a las capacidades individuales de cada paciente. Estas herramientas tecnol\u00f3gicas revolucionan el enfoque rehabilitador al permitir una pr\u00e1ctica diaria personalizada, un seguimiento objetivo de los progresos y una motivaci\u00f3n reforzada gracias a la ludificaci\u00f3n de los ejercicios.<\/p>\n\n            <p>La rehabilitaci\u00f3n de la memoria de trabajo ocupa un lugar central en los protocolos terap\u00e9uticos modernos. Esta funci\u00f3n cognitiva, involucrada en la mayor\u00eda de las actividades diarias, puede ser significativamente mejorada por un entrenamiento espec\u00edfico. Los ejercicios de doble tarea, de actualizaci\u00f3n continua y de manipulaci\u00f3n mental solicitan activamente las redes fronto-parietales responsables de esta funci\u00f3n.<\/p>\n\n            <div class=\"conseil-card\">\n                <h4>\ud83c\udfaf Protocolo de rehabilitaci\u00f3n DYNSEO<\/h4>\n                <p>Nuestra enfoque recomienda sesiones diarias de 30-45 minutos, distribuidas en 3 m\u00f3dulos de 10-15 minutos para optimizar la atenci\u00f3n y prevenir la fatiga cognitiva. La progresividad y la adaptaci\u00f3n continua de los ejercicios garantizan un desaf\u00edo \u00f3ptimo sin des\u00e1nimo.<\/p>\n            <\/div>\n\n            <p>El entrenamiento metacognitivo ense\u00f1a a los pacientes a conocer mejor su funcionamiento cognitivo y a desarrollar estrategias de auto-supervisi\u00f3n efectivas. Este enfoque favorece la transferencia de los conocimientos adquiridos hacia situaciones ecol\u00f3gicas y mejora la confianza en sus propias capacidades, factor determinante del \u00e9xito rehabilitador.<\/p>\n\n            <div class=\"tip-box\">\n<div class=\"tip-box-label\">\ud83e\udde0 T\u00e9cnica de recuperaci\u00f3n espaciada<\/div>\n                <p>Este m\u00e9todo de aprendizaje optimiza la consolidaci\u00f3n mn\u00e9sica espaciando progresivamente las repeticiones. Comience con intervalos cortos (unos minutos) y luego aumente progresivamente (horas, d\u00edas, semanas) para maximizar la retenci\u00f3n.<\/p>\n            <\/div>\n\n            <p>La realidad virtual emerge como una herramienta terap\u00e9utica innovadora, permitiendo recrear entornos ecol\u00f3gicos controlados para el entrenamiento cognitivo. Esta tecnolog\u00eda facilita la generalizaci\u00f3n de los conocimientos hacia la vida cotidiana al proponer situaciones de aprendizaje inmersivas y motivadoras.<\/p>\n\n            <h2>8. Estrategias compensatorias y ayudas t\u00e9cnicas<\/h2>\n\n            <p>El desarrollo de estrategias compensatorias constituye un complemento indispensable a la rehabilitaci\u00f3n cognitiva directa, particularmente en pacientes con d\u00e9ficits mn\u00e9sicos persistentes. Estos enfoques buscan sortear las dificultades cognitivas utilizando recursos preservados o ayudas externas para mantener la autonom\u00eda funcional.<\/p>\n\n            <p>Los recordatorios tradicionales, aunque simples, siguen siendo efectivos cuando se utilizan de manera sistem\u00e1tica y organizada. Los cuadernos de notas estructurados, los calendarios murales y los sistemas de etiquetado permiten compensar los olvidos diarios. Aprender a utilizarlos requiere un entrenamiento espec\u00edfico para volverse autom\u00e1tico.<\/p>\n\n            <p>Las tecnolog\u00edas digitales ofrecen posibilidades compensatorias sofisticadas y personalizables. Los smartphones equipados con aplicaciones especializadas transforman estos dispositivos en verdaderos asistentes cognitivos, proponiendo recordatorios, alarmas, geolocalizaci\u00f3n y ayuda a la navegaci\u00f3n. La interfaz intuitiva de estas herramientas facilita su adopci\u00f3n por pacientes no tecn\u00f3filos.<\/p>\n\n            <div class=\"expert-box\">\n                <span class=\"expert-box-label\">Soluciones DYNSEO<\/span>\n                <div class=\"expert-box-title\">Arsenal de ayudas t\u00e9cnicas recomendadas<\/div>\n                \n                <div class=\"expert-inner\">\n                    <div class=\"expert-inner-title\">Organizadores cognitivos<\/div>\n                    <p>Agendas electr\u00f3nicas con alarmas m\u00faltiples, aplicaciones de gesti\u00f3n de medicamentos, sistemas de recordatorio de citas con geolocalizaci\u00f3n integrada.<\/p>\n                <\/div>\n\n                <div class=\"expert-inner\">\n                    <div class=\"expert-inner-title\">Ayudas a la comunicaci\u00f3n<\/div>\n                    <p>Cuadernos de comunicaci\u00f3n ilustrados, aplicaciones de s\u00edntesis de voz, sistemas de videoconferencia simplificados para mantener el v\u00ednculo social.<\/p>\n                <\/div>\n\n                <div class=\"expert-inner\">\n                    <div class=\"expert-inner-title\">Seguridad en el hogar<\/div>\n                    <p>Detectores inteligentes, sistemas de teleasistencia, dom\u00f3tica adaptada con comandos de voz simplificados.<\/p>\n                <\/div>\n            <\/div>\n\n            <p>El entrenamiento en t\u00e9cnicas mnemot\u00e9cnicas cl\u00e1sicas conserva toda su relevancia en el arsenal terap\u00e9utico moderno. El m\u00e9todo de los lugares, la asociaci\u00f3n de im\u00e1genes mentales y la creaci\u00f3n de acr\u00f3nimos facilitan la memorizaci\u00f3n de nueva informaci\u00f3n apoy\u00e1ndose en las capacidades preservadas de imaginaci\u00f3n mental y memoria procedimental.<\/p>\n<div class=\"key-points\">\n                <h4>\ud83d\udee0\ufe0f Caja de herramientas compensatoria<\/h4>\n                <ul>\n                    <li>Pastilleros electr\u00f3nicos con alertas sonoras<\/li>\n                    <li>Relojes conectados con recordatorios personalizados<\/li>\n                    <li>Aplicaciones de reconocimiento de voz<\/li>\n                    <li>Sistemas GPS simplificados para la navegaci\u00f3n<\/li>\n                    <li>Cuadernos digitales sincronizados<\/li>\n                    <li>Entorno dom\u00f3tico adaptativo<\/li>\n                <\/ul>\n            <\/div>\n\n            <h2>9. Nutrici\u00f3n y estilo de vida neuroprotectores<\/h2>\n\n            <p>La optimizaci\u00f3n nutricional y las modificaciones del estilo de vida constituyen palancas terap\u00e9uticas a menudo subestimadas en la recuperaci\u00f3n cognitiva post-ACV. Estas intervenciones no farmacol\u00f3gicas, accesibles y sin efectos secundarios, potencian los efectos de la rehabilitaci\u00f3n formal y favorecen la neurog\u00e9nesis.<\/p>\n\n            <p>La dieta mediterr\u00e1nea, rica en \u00e1cidos grasos omega-3, antioxidantes y polifenoles, ejerce efectos neuroprotectores documentados por numerosos estudios epidemiol\u00f3gicos. Los pescados grasos, las nueces, las frutas rojas y el aceite de oliva virgen extra proporcionan los nutrientes esenciales para la salud cerebral y la recuperaci\u00f3n neuronal post-lesi\u00f3n.<\/p>\n\n            <p>La actividad f\u00edsica adaptada representa una de las intervenciones m\u00e1s efectivas para estimular la neuroplasticidad y mejorar el rendimiento cognitivo. El ejercicio aer\u00f3bico moderado, practicado regularmente, aumenta la producci\u00f3n de factores neurotr\u00f3ficos (BDNF), favorece la angiog\u00e9nesis cerebral y mejora la conectividad interhemisf\u00e9rica.<\/p>\n\n            <div class=\"conseil-card\">\n                <h4>\ud83e\udd57 Programa nutricional post-ACV<\/h4>\n                <p>Priorice 3 porciones de pescados grasos por semana, 5 frutas y verduras diarias, cereales integrales y limite los az\u00facares r\u00e1pidos. Mantenga una hidrataci\u00f3n \u00f3ptima (1,5-2L\/d\u00eda) para favorecer la circulaci\u00f3n cerebral.<\/p>\n            <\/div>\n\n            <p>La calidad del sue\u00f1o influye directamente en los procesos de consolidaci\u00f3n mnemot\u00e9cnica y de recuperaci\u00f3n neuronal. Los trastornos del sue\u00f1o, frecuentes despu\u00e9s de un ACV, deben ser sistem\u00e1ticamente buscados y tratados. La higiene del sue\u00f1o, que incluye la regularidad de horarios y la optimizaci\u00f3n del entorno, constituye la primera l\u00ednea terap\u00e9utica.<\/p>\n\n            <div class=\"tip-box\">\n<div class=\"tip-box-label\">\ud83d\ude34 Optimizaci\u00f3n del sue\u00f1o<\/div>\n                <p>Respete un horario de acostarse regular, evite las pantallas 2h antes de acostarse, mantenga una temperatura fresca (18-19\u00b0C) y practique t\u00e9cnicas de relajaci\u00f3n para favorecer el sue\u00f1o.<\/p>\n            <\/div>\n\n            <p>La gesti\u00f3n del estr\u00e9s cr\u00f3nico, mediante t\u00e9cnicas de meditaci\u00f3n, coherencia card\u00edaca o yoga adaptado, reduce la hipercortisolemia perjudicial para la recuperaci\u00f3n cognitiva. Estas pr\u00e1cticas cuerpo-mente tambi\u00e9n mejoran el estado de \u00e1nimo y la calidad de vida global de los pacientes.<\/p>\n\n            <h2>10. Seguimiento m\u00e9dico y vigilancia de la evoluci\u00f3n<\/h2>\n\n            <p>El seguimiento m\u00e9dico regular de los pacientes con trastornos mn\u00e9sicos post-ACV requiere un enfoque coordinado que involucre a neur\u00f3logos, geriatras, neuropsic\u00f3logos y m\u00e9dicos tratantes. Esta vigilancia permite ajustar los tratamientos, detectar precozmente las complicaciones y optimizar la trayectoria de recuperaci\u00f3n.<\/p>\n\n            <p>La evaluaci\u00f3n cognitiva seriada, realizada a intervalos regulares (3, 6, 12 meses), documenta objetivamente la evoluci\u00f3n del rendimiento y gu\u00eda las decisiones terap\u00e9uticas. Las bater\u00edas de pruebas normalizadas permiten una comparaci\u00f3n fiable en el tiempo y entre los diferentes dominios cognitivos. Este enfoque cuantitativo complementa la evaluaci\u00f3n cl\u00ednica subjetiva.<\/p>\n\n            <p>La vigilancia de los factores de riesgo cardiovascular constituye un desaf\u00edo importante de prevenci\u00f3n secundaria. La optimizaci\u00f3n del control tensional, gluc\u00e9mico y lip\u00eddico reduce significativamente el riesgo de recurrencia de ACV y protege la funci\u00f3n cognitiva residual. Esta prevenci\u00f3n activa requiere una adherencia terap\u00e9utica rigurosa.<\/p>\n\n            <div class=\"expert-box\">\n                <span class=\"expert-box-label\">Protocolo DYNSEO<\/span>\n                <div class=\"expert-box-title\">Plan de seguimiento estructurado post-ACV<\/div>\n                \n                <div class=\"expert-inner\">\n                    <div class=\"expert-inner-title\">Fase aguda (D0-D15)<\/div>\n                    <p>Evaluaci\u00f3n neurol\u00f3gica diaria, balance cognitivo inicial tras estabilizaci\u00f3n, imagen cerebral de control, inicio temprano de la estimulaci\u00f3n cognitiva con COCO PIENSA.<\/p>\n                <\/div>\n\n                <div class=\"expert-inner\">\n                    <div class=\"expert-inner-title\">Fase subaguda (D15-M6)<\/div>\n                    <p>Consultas mensuales multidisciplinarias, reevaluaciones cognitivas trimestrales, ajustes terap\u00e9uticos regulares, intensificaci\u00f3n de la rehabilitaci\u00f3n cognitiva.<\/p>\n                <\/div>\n\n                <div class=\"expert-inner\">\n                    <div class=\"expert-inner-title\">Fase cr\u00f3nica (M6+)<\/div>\n                    <p>Seguimiento semestral y luego anual, mantenimiento de la estimulaci\u00f3n cognitiva, prevenci\u00f3n del declive, evaluaci\u00f3n de la autonom\u00eda, apoyo a los cuidadores.<\/p>\n                <\/div>\n            <\/div>\n\n            <p>La detecci\u00f3n temprana de complicaciones psiqui\u00e1tricas, especialmente la depresi\u00f3n y la ansiedad, mejora significativamente el pron\u00f3stico global. El uso de escalas validadas como la Escala de Ansiedad y Depresi\u00f3n Hospitalaria (HADS) facilita la identificaci\u00f3n sistem\u00e1tica de estos trastornos y su manejo especializado.<\/p>\n<div class=\"key-points\">\n                <h4>\ud83d\udccb Indicadores de vigilancia prioritarios<\/h4>\n                <ul>\n                    <li>Evoluci\u00f3n de los puntajes cognitivos estandarizados<\/li>\n                    <li>Autonom\u00eda en las actividades diarias<\/li>\n                    <li>Calidad de vida y bienestar psicol\u00f3gico<\/li>\n                    <li>Adherencia terap\u00e9utica y rehabilitadora<\/li>\n                    <li>Factores de riesgo cardiovascular<\/li>\n                    <li>Apoyo familiar y social disponible<\/li>\n                <\/ul>\n            <\/div>\n\n            <h2>11. Impacto familiar y estrategias de acompa\u00f1amiento de los cuidadores<\/h2>\n\n            <p>Los trastornos mn\u00e9sicos post-ACV alteran profundamente el equilibrio familiar y transforman las din\u00e1micas relacionales establecidas. Los familiares a menudo se convierten en cuidadores naturales, asumiendo nuevas responsabilidades sin preparaci\u00f3n espec\u00edfica. Esta situaci\u00f3n genera estr\u00e9s, agotamiento y riesgo de burn-out, necesitando un apoyo profesional adecuado.<\/p>\n\n            <p>La formaci\u00f3n de los cuidadores familiares constituye una inversi\u00f3n terap\u00e9utica rentable, mejorando simult\u00e1neamente la calidad del acompa\u00f1amiento y reduciendo la carga percibida. Estos programas educativos abordan los aspectos pr\u00e1cticos de la estimulaci\u00f3n cognitiva diaria, el uso de herramientas tecnol\u00f3gicas como <a href=\"https:\/\/www.dynseo.com\/es\/coco-piensa-y-coco-se-mueve-software-educativo\/\" style=\"color: var(--color-bleu); font-weight: 600;\">COCO PIENSA y COCO SE MUEVE<\/a>, y las t\u00e9cnicas de comunicaci\u00f3n adecuadas.<\/p>\n\n            <p>La adaptaci\u00f3n de la comunicaci\u00f3n familiar favorece la inclusi\u00f3n del paciente en las actividades sociales y previene el aislamiento. Las estrategias de comunicaci\u00f3n simplificada, el uso de soportes visuales y la paciencia benevolente crean un ambiente propicio para la recuperaci\u00f3n cognitiva y el mantenimiento de los lazos afectivos.<\/p>\n\n            <div class=\"conseil-card\">\n                <h4>\ud83d\udc68\u200d\ud83d\udc69\u200d\ud83d\udc67\u200d\ud83d\udc66 Gu\u00eda de comunicaci\u00f3n familiar<\/h4>\n                <p>Hable despacio y claramente, utilice frases cortas, d\u00e9 tiempo para la respuesta, evite las preguntas m\u00faltiples simult\u00e1neas, y valore cada esfuerzo de comunicaci\u00f3n para mantener la confianza y la motivaci\u00f3n.<\/p>\n            <\/div>\n\n            <p>Los grupos de apoyo de cuidadores ofrecen un espacio de intercambio y compartir experiencias valiosas para romper el aislamiento y adquirir nuevas estrategias de adaptaci\u00f3n. Estos encuentros, dirigidos por profesionales, permiten la expresi\u00f3n de emociones dif\u00edciles y la normalizaci\u00f3n de los sentimientos de impotencia o culpa.<\/p>\n\n            <div class=\"tip-box\">\n<div class=\"tip-box-label\">\ud83e\udd1d Red de apoyo<\/div>\n                <p>Diversifique las fuentes de ayuda (familia, amigos, profesionales, asociaciones) para evitar la sobrecarga de un cuidador principal. Organice un calendario de presencia rotativa y no dude en solicitar los servicios de ayuda a domicilio.<\/p>\n            <\/div>\n\n            <p>La preservaci\u00f3n de la relaci\u00f3n conyugal o filial a pesar de los cambios cognitivos requiere adaptaci\u00f3n y creatividad. Mantener actividades compartidas adaptadas, redefinir los roles familiares y aceptar la nueva din\u00e1mica relacional constituyen desaf\u00edos importantes que a menudo requieren apoyo psicol\u00f3gico profesional.<\/p>\n\n            <h2>12. Tecnolog\u00edas emergentes y perspectivas terap\u00e9uticas<\/h2>\n\n            <p>La innovaci\u00f3n tecnol\u00f3gica est\u00e1 revolucionando actualmente el manejo de los trastornos mn\u00e9sicos post-ACV, abriendo perspectivas terap\u00e9uticas sin precedentes. Estos avances, que combinan neurociencias, inform\u00e1tica e inteligencia artificial, personalizan las intervenciones y optimizan la eficacia reeducativa gracias a enfoques a medida.<\/p>\n\n            <p>La inteligencia artificial integrada en los programas de estimulaci\u00f3n cognitiva permite una adaptaci\u00f3n din\u00e1mica de los ejercicios seg\u00fan el rendimiento en tiempo real. Estos algoritmos de aprendizaje autom\u00e1tico analizan los patrones de respuesta individuales y ajustan autom\u00e1ticamente la dificultad, la modalidad y la frecuencia de las estimulaci\u00f3n para mantener un desaf\u00edo \u00f3ptimo.<\/p>\n\n            <p>La realidad virtual inmersiva crea entornos de entrenamiento ecol\u00f3gicos controlados, facilitando la transferencia de los aprendizajes a la vida cotidiana. Estos simuladores permiten reproducir fielmente las situaciones problem\u00e1ticas (compras, conducci\u00f3n, cocina) en un entorno seguro y repetir los aprendizajes hasta su automatizaci\u00f3n.<\/p>\n\n            <div class=\"expert-box\">\n                <span class=\"expert-box-label\">Innovaci\u00f3n DYNSEO<\/span>\n                <div class=\"expert-box-title\">Tecnolog\u00edas de vanguardia en desarrollo<\/div>\n                \n                <div class=\"expert-inner\">\n                    <div class=\"expert-inner-title\">Neurofeedback EEG en tiempo real<\/div>\n                    <p>Esta tecnolog\u00eda permite el entrenamiento directo de la actividad cerebral mediante biofeedback, optimizando los patrones de ondas cerebrales asociados a un rendimiento mn\u00e9sico \u00f3ptimo.<\/p>\n                <\/div>\n\n                <div class=\"expert-inner\">\n                    <div class=\"expert-inner-title\">Interfaces cerebro-computadora<\/div>\n                    <p>Estos sistemas revolucionarios permiten un control directo de los ejercicios cognitivos mediante el pensamiento, abriendo posibilidades sin precedentes para los pacientes con d\u00e9ficits motores asociados.<\/p>\n                <\/div>\n\n                <div class=\"expert-inner\">\n                    <div class=\"expert-inner-title\">Terapias g\u00e9nicas neuroprotectoras<\/div>\n                    <p>Los enfoques de terapia g\u00e9nica que apuntan a los factores de crecimiento neuronal representan el futuro de la neuroprotecci\u00f3n y la regeneraci\u00f3n cerebral.<\/p>\n                <\/div>\n            <\/div>\n\n            <p>Los biomarcadores digitales, recolectados de manera continua por los objetos conectados, permiten un monitoreo preciso de la evoluci\u00f3n cognitiva y el ajuste de las intervenciones en tiempo real. Estos datos objetivos complementan la evaluaci\u00f3n cl\u00ednica tradicional y permiten una medicina personalizada de precisi\u00f3n.<\/p>\n<div class=\"key-points\">\n                <h4>\ud83d\ude80 Horizontes tecnol\u00f3gicos prometedores<\/h4>\n                <ul>\n                    <li>Estimulaci\u00f3n optogen\u00e9tica de los circuitos mn\u00e9sicos<\/li>\n                    <li>Pr\u00f3tesis cognitivas implantables<\/li>\n                    <li>Ter\u00e1pi\u00e1s celulares regenerativas<\/li>\n                    <li>Modelizaci\u00f3n predictiva por IA<\/li>\n                    <li>Realidad aumentada terap\u00e9utica<\/li>\n                    <li>Nano tecnolog\u00edas neuroprotectoras<\/li>\n                <\/ul>\n            <\/div>\n\n            <div class=\"faq-list\">\n                <h2>\u2753 Preguntas frecuentes sobre la p\u00e9rdida de memoria post-ACV<\/h2>\n                \n                <div class=\"faq-item\">\n                    <div class=\"faq-q\">\n                        <span>\u00bfCu\u00e1nto tiempo se necesita para recuperar la memoria despu\u00e9s de un ACV?<\/span>\n                        <span class=\"faq-icon\">+<\/span>\n                    <\/div>\n                    <div class=\"faq-a\">\n                        <p>La recuperaci\u00f3n mn\u00e9sica var\u00eda considerablemente seg\u00fan la extensi\u00f3n de las lesiones cerebrales, la edad del paciente y la precocidad de la atenci\u00f3n. Las mejoras m\u00e1s significativas generalmente se observan en los primeros 6 meses, con una ventana terap\u00e9utica \u00f3ptima que se extiende hasta 12-18 meses post-ACV. Algunos pacientes contin\u00faan progresando m\u00e1s all\u00e1, particularmente con una estimulaci\u00f3n cognitiva regular como la que propone COCO PIENSA y COCO SE MUEVE.<\/p>\n                    <\/div>\n                <\/div>\n\n                <div class=\"faq-item\">\n                    <div class=\"faq-q\">\n                        <span>\u00bfLos trastornos de memoria despu\u00e9s de un ACV son definitivos?<\/span>\n                        <span class=\"faq-icon\">+<\/span>\n                    <\/div>\n                    <div class=\"faq-a\">\n                        <p>No, los trastornos mn\u00e9sicos no son necesariamente definitivos. Gracias a la plasticidad cerebral, el cerebro puede desarrollar nuevos circuitos neuronales para compensar las zonas lesionadas. Aproximadamente el 85% de los pacientes muestran una mejora con una rehabilitaci\u00f3n adecuada. La recuperaci\u00f3n completa es posible, particularmente en pacientes j\u00f3venes con lesiones localizadas y una atenci\u00f3n temprana.<\/p>\n                    <\/div>\n                <\/div>\n\n                <div class=\"faq-item\">\n                    <div class=\"faq-q\">\n                        <span>\u00bfCu\u00e1les son los signos que indican una recuperaci\u00f3n de la memoria?<\/span>\n                        <span class=\"faq-icon\">+<\/span>\n                    <\/div>\n<div class=\"faq-a\">\n                        <p>Los signos de recuperaci\u00f3n incluyen: una mejora en la capacidad para retener nueva informaci\u00f3n, un mejor recuerdo de los eventos recientes, una concentraci\u00f3n prolongada durante las conversaciones, una disminuci\u00f3n de la necesidad de ayudas externas para la memoria, y una recuperaci\u00f3n progresiva de la autonom\u00eda en las actividades diarias. Estos avances pueden ser sutiles al principio y requieren una evaluaci\u00f3n profesional regular para ser objetivados.<\/p>\n                    <\/div>\n<script type=\"application\/ld+json\">\n{\n  \"@context\": \"https:\/\/schema.org\",\n  \"@graph\": [\n    {\n      \"@type\": \"Article\",\n      \"@id\": \"https:\/\/www.dynseo.com\/comprendre-la-perte-de-memoire-soudaine-suite-a-un-avc-symptomes-causes-et-traitements\/#article\",\n      \"headline\": \"Comprendre la perte de memoria soudaine suite \u00e0 un AVC : Sympt\u00f4mes, causes et traitements\",\n      \"description\": \"memoria post-AVCnnnR\u00e9\u00e9ducation CognitivennComprendre la perte de memoria soudaine suite \u00e0 un AVC : Sympt\u00f4mes, causes et traitementsnnn\ud83d\udcc5 Avri\",\n      \"image\": {\n        \"@type\": \"ImageObject\",\n        \"url\": \"https:\/\/www.dynseo.com\/wp-content\/uploads\/2024\/01\/dynseo-logo.png\"\n      },\n      \"author\": {\n        \"@type\": \"Organization\",\n        \"@id\": \"https:\/\/www.dynseo.com\/#organization\"\n      },\n      \"publisher\": {\n        \"@type\": \"Organization\",\n        \"@id\": \"https:\/\/www.dynseo.com\/#organization\"\n      },\n      \"datePublished\": \"2026-04-07\",\n      \"dateModified\": \"2026-04-07\",\n      \"aggregateRating\": {\n        \"@type\": \"AggregateRating\",\n        \"ratingValue\": \"4.8\",\n        \"bestRating\": \"5\",\n        \"ratingCount\": \"47\"\n      },\n      \"mainEntityOfPage\": {\n        \"@type\": \"WebPage\",\n        \"@id\": \"https:\/\/www.dynseo.com\/comprendre-la-perte-de-memoire-soudaine-suite-a-un-avc-symptomes-causes-et-traitements\/\"\n      }\n    },\n    {\n      \"@type\": \"Organization\",\n      \"@id\": \"https:\/\/www.dynseo.com\/#organization\",\n      \"name\": \"DYNSEO\",\n      \"url\": \"https:\/\/www.dynseo.com\",\n      \"logo\": {\n        \"@type\": \"ImageObject\",\n        \"url\": \"https:\/\/www.dynseo.com\/wp-content\/uploads\/2024\/01\/dynseo-logo.png\"\n      }\n    },\n    {\n      \"@type\": \"WebPage\",\n      \"@id\": \"https:\/\/www.dynseo.com\/comprendre-la-perte-de-memoire-soudaine-suite-a-un-avc-symptomes-causes-et-traitements\/\",\n      \"url\": \"https:\/\/www.dynseo.com\/comprendre-la-perte-de-memoire-soudaine-suite-a-un-avc-symptomes-causes-et-traitements\/\",\n      \"name\": \"Comprendre la perte de memoria soudaine suite \u00e0 un AVC : Sympt\u00f4mes, causes et traitements\",\n      \"isPartOf\": {\n        \"@type\": \"WebSite\",\n        \"@id\": \"https:\/\/www.dynseo.com\/#website\"\n      },\n      \"breadcrumb\": {\n        \"@type\": \"BreadcrumbList\",\n        \"itemListElement\": [\n          {\n            \"@type\": \"ListItem\",\n            \"position\": 1,\n            \"name\": \"Accueil\",\n            \"item\": \"https:\/\/www.dynseo.com\/\"\n          },\n          {\n            \"@type\": \"ListItem\",\n            \"position\": 2,\n            \"name\": \"Blog\",\n            \"item\": \"https:\/\/www.dynseo.com\/blog\/\"\n          },\n          {\n            \"@type\": \"ListItem\",\n            \"position\": 3,\n            \"name\": \"Comprendre la perte de memoria soudaine suite \u00e0 un AVC : Sympt\u00f4mes, causes et traitements\"\n          }\n        ]\n      }\n    },\n    {\n      \"@type\": \"FAQPage\",\n      \"mainEntity\": [\n        {\n          \"@type\": \"Question\",\n          \"name\": \"Combien de temps faut-il pour r\u00e9cup\u00e9rer sa memoria apr\u00e8s un AVC ?\",\n          \"acceptedAnswer\": {\n            \"@type\": \"Answer\",\n            \"text\": \"La r\u00e9cup\u00e9ration de la memoria apr\u00e8s un AVC varie consid\u00e9rablement d'une personne \u00e0 l'autre. G\u00e9n\u00e9ralement, les am\u00e9liorations les plus significatives se produisent dans les 3 \u00e0 6 premiers mois, mais la r\u00e9cup\u00e9ration peut continuer pendant des ann\u00e9es avec une r\u00e9\u00e9ducation appropri\u00e9e et un entra\u00eenement cognitif r\u00e9gulier.\"\n          }\n        },\n        {\n          \"@type\": \"Question\",\n          \"name\": \"Les troubles de memoria apr\u00e8s un AVC sont-ils d\u00e9finitifs ?\",\n          \"acceptedAnswer\": {\n            \"@type\": \"Answer\",\n            \"text\": \"Les troubles de memoria apr\u00e8s un AVC ne sont pas n\u00e9cessairement d\u00e9finitifs. Gr\u00e2ce \u00e0 la neuroplasticit\u00e9 du cerveau, il est possible de r\u00e9cup\u00e9rer certaines fonctions ou de d\u00e9velopper des strat\u00e9gies compensatoires. La r\u00e9\u00e9ducation cognitive, l'orthophonie et les exercices de estimulaci\u00f3n cognitiva peuvent grandement am\u00e9liorer les capacit\u00e9s mn\u00e9siques.\"\n          }\n        },\n        {\n          \"@type\": \"Question\",\n          \"name\": \"Quels sont les signes qui indiquent une r\u00e9cup\u00e9ration de la memoria ?\",\n          \"acceptedAnswer\": {\n            \"@type\": \"Answer\",\n            \"text\": \"Les signes de r\u00e9cup\u00e9ration de la memoria incluent : l'am\u00e9lioration de la capacit\u00e9 \u00e0 retenir de nouvelles informations, la r\u00e9cup\u00e9ration progressive des souvenirs ant\u00e9rieurs, une meilleure orientation dans le temps et l'espace, la capacit\u00e9 \u00e0 suivre des conversations complexes, et l'am\u00e9lioration de l'autonomie dans les activit\u00e9s quotidiennes.\"\n          }\n        }\n      ]\n    }\n  ]\n}\n<\/script>[\/et_pb_code][\/et_pb_column][\/et_pb_row][\/et_pb_section]","_et_gb_content_width":"","footnotes":""},"categories":[2915],"tags":[],"class_list":["post-565096","post","type-post","status-publish","format-standard","has-post-thumbnail","hentry","category-les-conseils-des-coachs"],"yoast_head":"<!-- This site is optimized with the Yoast SEO plugin v27.4 - https:\/\/yoast.com\/product\/yoast-seo-wordpress\/ -->\n<title>Comprender la p\u00e9rdida de memoria s\u00fabita tras un ACV: S\u00edntomas, causas y tratamientos - DYNSEO - Aplicaci\u00f3n educativa y juegos de memoria<\/title>\n<meta name=\"robots\" content=\"index, follow, max-snippet:-1, max-image-preview:large, max-video-preview:-1\" \/>\n<link rel=\"canonical\" href=\"https:\/\/www.dynseo.com\/es\/comprender-la-perdida-de-memoria-subita-tras-un-acv-sintomas-causas-y-tratamientos\/\" \/>\n<meta property=\"og:locale\" content=\"es_ES\" \/>\n<meta property=\"og:type\" content=\"article\" \/>\n<meta property=\"og:title\" content=\"Comprender la p\u00e9rdida de memoria s\u00fabita tras un ACV: S\u00edntomas, causas y tratamientos - DYNSEO - Aplicaci\u00f3n educativa y juegos de memoria\" \/>\n<meta property=\"og:url\" content=\"https:\/\/www.dynseo.com\/es\/comprender-la-perdida-de-memoria-subita-tras-un-acv-sintomas-causas-y-tratamientos\/\" \/>\n<meta property=\"og:site_name\" content=\"DYNSEO - Aplicaci\u00f3n educativa y juegos de memoria\" \/>\n<meta property=\"article:published_time\" content=\"2026-04-27T11:20:19+00:00\" \/>\n<meta property=\"article:modified_time\" content=\"2026-04-27T11:26:13+00:00\" \/>\n<meta property=\"og:image\" content=\"https:\/\/www.dynseo.com\/wp-content\/uploads\/2024\/03\/accompagnement-avc-1024x768.png\" \/>\n\t<meta property=\"og:image:width\" content=\"1024\" \/>\n\t<meta property=\"og:image:height\" content=\"768\" \/>\n\t<meta property=\"og:image:type\" content=\"image\/png\" \/>\n<meta name=\"author\" content=\"DYNSEO\" \/>\n<meta name=\"twitter:label1\" content=\"Escrito por\" \/>\n\t<meta name=\"twitter:data1\" content=\"DYNSEO\" \/>\n\t<meta name=\"twitter:label2\" content=\"Tiempo de lectura\" \/>\n\t<meta name=\"twitter:data2\" content=\"24 minutos\" \/>\n<script type=\"application\/ld+json\" class=\"yoast-schema-graph\">{\"@context\":\"https:\\\/\\\/schema.org\",\"@graph\":[{\"@type\":\"Article\",\"@id\":\"https:\\\/\\\/www.dynseo.com\\\/es\\\/comprender-la-perdida-de-memoria-subita-tras-un-acv-sintomas-causas-y-tratamientos\\\/#article\",\"isPartOf\":{\"@id\":\"https:\\\/\\\/www.dynseo.com\\\/es\\\/comprender-la-perdida-de-memoria-subita-tras-un-acv-sintomas-causas-y-tratamientos\\\/\"},\"author\":{\"name\":\"DYNSEO\",\"@id\":\"https:\\\/\\\/www.dynseo.com\\\/es\\\/#\\\/schema\\\/person\\\/78ef63df2ee64e0989bc68f8401b38d6\"},\"headline\":\"Comprender la p\u00e9rdida de memoria s\u00fabita tras un ACV: S\u00edntomas, causas y tratamientos\",\"datePublished\":\"2026-04-27T11:20:19+00:00\",\"dateModified\":\"2026-04-27T11:26:13+00:00\",\"mainEntityOfPage\":{\"@id\":\"https:\\\/\\\/www.dynseo.com\\\/es\\\/comprender-la-perdida-de-memoria-subita-tras-un-acv-sintomas-causas-y-tratamientos\\\/\"},\"wordCount\":4774,\"publisher\":{\"@id\":\"https:\\\/\\\/www.dynseo.com\\\/es\\\/#organization\"},\"image\":{\"@id\":\"https:\\\/\\\/www.dynseo.com\\\/es\\\/comprender-la-perdida-de-memoria-subita-tras-un-acv-sintomas-causas-y-tratamientos\\\/#primaryimage\"},\"thumbnailUrl\":\"https:\\\/\\\/www.dynseo.com\\\/wp-content\\\/uploads\\\/2024\\\/03\\\/accompagnement-avc.png\",\"articleSection\":[\"Les conseils des coachs\"],\"inLanguage\":\"es\"},{\"@type\":\"WebPage\",\"@id\":\"https:\\\/\\\/www.dynseo.com\\\/es\\\/comprender-la-perdida-de-memoria-subita-tras-un-acv-sintomas-causas-y-tratamientos\\\/\",\"url\":\"https:\\\/\\\/www.dynseo.com\\\/es\\\/comprender-la-perdida-de-memoria-subita-tras-un-acv-sintomas-causas-y-tratamientos\\\/\",\"name\":\"Comprender la p\u00e9rdida de memoria s\u00fabita tras un ACV: S\u00edntomas, causas y tratamientos - DYNSEO - Aplicaci\u00f3n educativa y juegos de memoria\",\"isPartOf\":{\"@id\":\"https:\\\/\\\/www.dynseo.com\\\/es\\\/#website\"},\"primaryImageOfPage\":{\"@id\":\"https:\\\/\\\/www.dynseo.com\\\/es\\\/comprender-la-perdida-de-memoria-subita-tras-un-acv-sintomas-causas-y-tratamientos\\\/#primaryimage\"},\"image\":{\"@id\":\"https:\\\/\\\/www.dynseo.com\\\/es\\\/comprender-la-perdida-de-memoria-subita-tras-un-acv-sintomas-causas-y-tratamientos\\\/#primaryimage\"},\"thumbnailUrl\":\"https:\\\/\\\/www.dynseo.com\\\/wp-content\\\/uploads\\\/2024\\\/03\\\/accompagnement-avc.png\",\"datePublished\":\"2026-04-27T11:20:19+00:00\",\"dateModified\":\"2026-04-27T11:26:13+00:00\",\"breadcrumb\":{\"@id\":\"https:\\\/\\\/www.dynseo.com\\\/es\\\/comprender-la-perdida-de-memoria-subita-tras-un-acv-sintomas-causas-y-tratamientos\\\/#breadcrumb\"},\"inLanguage\":\"es\",\"potentialAction\":[{\"@type\":\"ReadAction\",\"target\":[\"https:\\\/\\\/www.dynseo.com\\\/es\\\/comprender-la-perdida-de-memoria-subita-tras-un-acv-sintomas-causas-y-tratamientos\\\/\"]}]},{\"@type\":\"ImageObject\",\"inLanguage\":\"es\",\"@id\":\"https:\\\/\\\/www.dynseo.com\\\/es\\\/comprender-la-perdida-de-memoria-subita-tras-un-acv-sintomas-causas-y-tratamientos\\\/#primaryimage\",\"url\":\"https:\\\/\\\/www.dynseo.com\\\/wp-content\\\/uploads\\\/2024\\\/03\\\/accompagnement-avc.png\",\"contentUrl\":\"https:\\\/\\\/www.dynseo.com\\\/wp-content\\\/uploads\\\/2024\\\/03\\\/accompagnement-avc.png\",\"width\":2000,\"height\":1500,\"caption\":\"Actividades l\u00fadicas para preservar tus facultades\"},{\"@type\":\"BreadcrumbList\",\"@id\":\"https:\\\/\\\/www.dynseo.com\\\/es\\\/comprender-la-perdida-de-memoria-subita-tras-un-acv-sintomas-causas-y-tratamientos\\\/#breadcrumb\",\"itemListElement\":[{\"@type\":\"ListItem\",\"position\":1,\"name\":\"Accueil\",\"item\":\"https:\\\/\\\/www.dynseo.com\\\/es\\\/\"},{\"@type\":\"ListItem\",\"position\":2,\"name\":\"Comprender la p\u00e9rdida de memoria s\u00fabita tras un ACV: S\u00edntomas, causas y tratamientos\"}]},{\"@type\":\"WebSite\",\"@id\":\"https:\\\/\\\/www.dynseo.com\\\/es\\\/#website\",\"url\":\"https:\\\/\\\/www.dynseo.com\\\/es\\\/\",\"name\":\"Jeux de m\u00e9moire et stimulation cognitive\",\"description\":\"Entra\u00eenez votre m\u00e9moire et votre cerveau avec DYNSEO\",\"publisher\":{\"@id\":\"https:\\\/\\\/www.dynseo.com\\\/es\\\/#organization\"},\"potentialAction\":[{\"@type\":\"SearchAction\",\"target\":{\"@type\":\"EntryPoint\",\"urlTemplate\":\"https:\\\/\\\/www.dynseo.com\\\/es\\\/?s={search_term_string}\"},\"query-input\":{\"@type\":\"PropertyValueSpecification\",\"valueRequired\":true,\"valueName\":\"search_term_string\"}}],\"inLanguage\":\"es\"},{\"@type\":\"Organization\",\"@id\":\"https:\\\/\\\/www.dynseo.com\\\/es\\\/#organization\",\"name\":\"DYNSEO\",\"url\":\"https:\\\/\\\/www.dynseo.com\\\/es\\\/\",\"logo\":{\"@type\":\"ImageObject\",\"inLanguage\":\"es\",\"@id\":\"https:\\\/\\\/www.dynseo.com\\\/es\\\/#\\\/schema\\\/logo\\\/image\\\/\",\"url\":\"https:\\\/\\\/www.dynseo.com\\\/wp-content\\\/uploads\\\/2022\\\/05\\\/logo-dynseo-new.png\",\"contentUrl\":\"https:\\\/\\\/www.dynseo.com\\\/wp-content\\\/uploads\\\/2022\\\/05\\\/logo-dynseo-new.png\",\"width\":5073,\"height\":1397,\"caption\":\"DYNSEO\"},\"image\":{\"@id\":\"https:\\\/\\\/www.dynseo.com\\\/es\\\/#\\\/schema\\\/logo\\\/image\\\/\"}},{\"@type\":\"Person\",\"@id\":\"https:\\\/\\\/www.dynseo.com\\\/es\\\/#\\\/schema\\\/person\\\/78ef63df2ee64e0989bc68f8401b38d6\",\"name\":\"DYNSEO\",\"url\":\"https:\\\/\\\/www.dynseo.com\\\/es\\\/author\\\/justine\\\/\"}]}<\/script>\n<!-- \/ Yoast SEO plugin. -->","yoast_head_json":{"title":"Comprender la p\u00e9rdida de memoria s\u00fabita tras un ACV: S\u00edntomas, causas y tratamientos - DYNSEO - Aplicaci\u00f3n educativa y juegos de memoria","robots":{"index":"index","follow":"follow","max-snippet":"max-snippet:-1","max-image-preview":"max-image-preview:large","max-video-preview":"max-video-preview:-1"},"canonical":"https:\/\/www.dynseo.com\/es\/comprender-la-perdida-de-memoria-subita-tras-un-acv-sintomas-causas-y-tratamientos\/","og_locale":"es_ES","og_type":"article","og_title":"Comprender la p\u00e9rdida de memoria s\u00fabita tras un ACV: S\u00edntomas, causas y tratamientos - DYNSEO - Aplicaci\u00f3n educativa y juegos de memoria","og_url":"https:\/\/www.dynseo.com\/es\/comprender-la-perdida-de-memoria-subita-tras-un-acv-sintomas-causas-y-tratamientos\/","og_site_name":"DYNSEO - Aplicaci\u00f3n educativa y juegos de memoria","article_published_time":"2026-04-27T11:20:19+00:00","article_modified_time":"2026-04-27T11:26:13+00:00","og_image":[{"width":1024,"height":768,"url":"https:\/\/www.dynseo.com\/wp-content\/uploads\/2024\/03\/accompagnement-avc-1024x768.png","type":"image\/png"}],"author":"DYNSEO","twitter_misc":{"Escrito por":"DYNSEO","Tiempo de lectura":"24 minutos"},"schema":{"@context":"https:\/\/schema.org","@graph":[{"@type":"Article","@id":"https:\/\/www.dynseo.com\/es\/comprender-la-perdida-de-memoria-subita-tras-un-acv-sintomas-causas-y-tratamientos\/#article","isPartOf":{"@id":"https:\/\/www.dynseo.com\/es\/comprender-la-perdida-de-memoria-subita-tras-un-acv-sintomas-causas-y-tratamientos\/"},"author":{"name":"DYNSEO","@id":"https:\/\/www.dynseo.com\/es\/#\/schema\/person\/78ef63df2ee64e0989bc68f8401b38d6"},"headline":"Comprender la p\u00e9rdida de memoria s\u00fabita tras un ACV: S\u00edntomas, causas y tratamientos","datePublished":"2026-04-27T11:20:19+00:00","dateModified":"2026-04-27T11:26:13+00:00","mainEntityOfPage":{"@id":"https:\/\/www.dynseo.com\/es\/comprender-la-perdida-de-memoria-subita-tras-un-acv-sintomas-causas-y-tratamientos\/"},"wordCount":4774,"publisher":{"@id":"https:\/\/www.dynseo.com\/es\/#organization"},"image":{"@id":"https:\/\/www.dynseo.com\/es\/comprender-la-perdida-de-memoria-subita-tras-un-acv-sintomas-causas-y-tratamientos\/#primaryimage"},"thumbnailUrl":"https:\/\/www.dynseo.com\/wp-content\/uploads\/2024\/03\/accompagnement-avc.png","articleSection":["Les conseils des coachs"],"inLanguage":"es"},{"@type":"WebPage","@id":"https:\/\/www.dynseo.com\/es\/comprender-la-perdida-de-memoria-subita-tras-un-acv-sintomas-causas-y-tratamientos\/","url":"https:\/\/www.dynseo.com\/es\/comprender-la-perdida-de-memoria-subita-tras-un-acv-sintomas-causas-y-tratamientos\/","name":"Comprender la p\u00e9rdida de memoria s\u00fabita tras un ACV: S\u00edntomas, causas y tratamientos - DYNSEO - Aplicaci\u00f3n educativa y juegos de memoria","isPartOf":{"@id":"https:\/\/www.dynseo.com\/es\/#website"},"primaryImageOfPage":{"@id":"https:\/\/www.dynseo.com\/es\/comprender-la-perdida-de-memoria-subita-tras-un-acv-sintomas-causas-y-tratamientos\/#primaryimage"},"image":{"@id":"https:\/\/www.dynseo.com\/es\/comprender-la-perdida-de-memoria-subita-tras-un-acv-sintomas-causas-y-tratamientos\/#primaryimage"},"thumbnailUrl":"https:\/\/www.dynseo.com\/wp-content\/uploads\/2024\/03\/accompagnement-avc.png","datePublished":"2026-04-27T11:20:19+00:00","dateModified":"2026-04-27T11:26:13+00:00","breadcrumb":{"@id":"https:\/\/www.dynseo.com\/es\/comprender-la-perdida-de-memoria-subita-tras-un-acv-sintomas-causas-y-tratamientos\/#breadcrumb"},"inLanguage":"es","potentialAction":[{"@type":"ReadAction","target":["https:\/\/www.dynseo.com\/es\/comprender-la-perdida-de-memoria-subita-tras-un-acv-sintomas-causas-y-tratamientos\/"]}]},{"@type":"ImageObject","inLanguage":"es","@id":"https:\/\/www.dynseo.com\/es\/comprender-la-perdida-de-memoria-subita-tras-un-acv-sintomas-causas-y-tratamientos\/#primaryimage","url":"https:\/\/www.dynseo.com\/wp-content\/uploads\/2024\/03\/accompagnement-avc.png","contentUrl":"https:\/\/www.dynseo.com\/wp-content\/uploads\/2024\/03\/accompagnement-avc.png","width":2000,"height":1500,"caption":"Actividades l\u00fadicas para preservar tus facultades"},{"@type":"BreadcrumbList","@id":"https:\/\/www.dynseo.com\/es\/comprender-la-perdida-de-memoria-subita-tras-un-acv-sintomas-causas-y-tratamientos\/#breadcrumb","itemListElement":[{"@type":"ListItem","position":1,"name":"Accueil","item":"https:\/\/www.dynseo.com\/es\/"},{"@type":"ListItem","position":2,"name":"Comprender la p\u00e9rdida de memoria s\u00fabita tras un ACV: S\u00edntomas, causas y tratamientos"}]},{"@type":"WebSite","@id":"https:\/\/www.dynseo.com\/es\/#website","url":"https:\/\/www.dynseo.com\/es\/","name":"Jeux de m\u00e9moire et stimulation cognitive","description":"Entra\u00eenez votre m\u00e9moire et votre cerveau avec DYNSEO","publisher":{"@id":"https:\/\/www.dynseo.com\/es\/#organization"},"potentialAction":[{"@type":"SearchAction","target":{"@type":"EntryPoint","urlTemplate":"https:\/\/www.dynseo.com\/es\/?s={search_term_string}"},"query-input":{"@type":"PropertyValueSpecification","valueRequired":true,"valueName":"search_term_string"}}],"inLanguage":"es"},{"@type":"Organization","@id":"https:\/\/www.dynseo.com\/es\/#organization","name":"DYNSEO","url":"https:\/\/www.dynseo.com\/es\/","logo":{"@type":"ImageObject","inLanguage":"es","@id":"https:\/\/www.dynseo.com\/es\/#\/schema\/logo\/image\/","url":"https:\/\/www.dynseo.com\/wp-content\/uploads\/2022\/05\/logo-dynseo-new.png","contentUrl":"https:\/\/www.dynseo.com\/wp-content\/uploads\/2022\/05\/logo-dynseo-new.png","width":5073,"height":1397,"caption":"DYNSEO"},"image":{"@id":"https:\/\/www.dynseo.com\/es\/#\/schema\/logo\/image\/"}},{"@type":"Person","@id":"https:\/\/www.dynseo.com\/es\/#\/schema\/person\/78ef63df2ee64e0989bc68f8401b38d6","name":"DYNSEO","url":"https:\/\/www.dynseo.com\/es\/author\/justine\/"}]}},"_links":{"self":[{"href":"https:\/\/www.dynseo.com\/es\/wp-json\/wp\/v2\/posts\/565096","targetHints":{"allow":["GET"]}}],"collection":[{"href":"https:\/\/www.dynseo.com\/es\/wp-json\/wp\/v2\/posts"}],"about":[{"href":"https:\/\/www.dynseo.com\/es\/wp-json\/wp\/v2\/types\/post"}],"author":[{"embeddable":true,"href":"https:\/\/www.dynseo.com\/es\/wp-json\/wp\/v2\/users\/4"}],"replies":[{"embeddable":true,"href":"https:\/\/www.dynseo.com\/es\/wp-json\/wp\/v2\/comments?post=565096"}],"version-history":[{"count":17,"href":"https:\/\/www.dynseo.com\/es\/wp-json\/wp\/v2\/posts\/565096\/revisions"}],"predecessor-version":[{"id":565113,"href":"https:\/\/www.dynseo.com\/es\/wp-json\/wp\/v2\/posts\/565096\/revisions\/565113"}],"wp:featuredmedia":[{"embeddable":true,"href":"https:\/\/www.dynseo.com\/es\/wp-json\/wp\/v2\/media\/131776"}],"wp:attachment":[{"href":"https:\/\/www.dynseo.com\/es\/wp-json\/wp\/v2\/media?parent=565096"}],"wp:term":[{"taxonomy":"category","embeddable":true,"href":"https:\/\/www.dynseo.com\/es\/wp-json\/wp\/v2\/categories?post=565096"},{"taxonomy":"post_tag","embeddable":true,"href":"https:\/\/www.dynseo.com\/es\/wp-json\/wp\/v2\/tags?post=565096"}],"curies":[{"name":"wp","href":"https:\/\/api.w.org\/{rel}","templated":true}]}}