{"id":567452,"date":"2026-04-28T12:55:11","date_gmt":"2026-04-28T10:55:11","guid":{"rendered":"https:\/\/www.dynseo.com\/lautisme-et-les-troubles-du-sommeil-solutions-pour-favoriser-un-sommeil-reparateur-2\/"},"modified":"2026-04-28T12:59:38","modified_gmt":"2026-04-28T10:59:38","slug":"el-autismo-y-los-trastornos-del-sueno-soluciones-para-favorecer-un-sueno-reparador","status":"publish","type":"post","link":"https:\/\/www.dynseo.com\/es\/el-autismo-y-los-trastornos-del-sueno-soluciones-para-favorecer-un-sueno-reparador\/","title":{"rendered":"El autismo y los trastornos del sue\u00f1o: soluciones para favorecer un sue\u00f1o reparador"},"content":{"rendered":"<p>[et_pb_section fb_built=\u00bb1&#8243; _builder_version=\u00bb4.16&#8243; custom_padding=\u00bb0px|0px|0px|0px|false|false\u00bb margin_top=\u00bb0px\u00bb margin_bottom=\u00bb0px\u00bb global_colors_info=\u00bb{}\u00bb][et_pb_row _builder_version=\u00bb4.16&#8243; custom_padding=\u00bb0px|0px|0px|0px|false|false\u00bb margin_top=\u00bb0px\u00bb margin_bottom=\u00bb0px\u00bb column_structure=\u00bb4_4&#8243; global_colors_info=\u00bb{}\u00bb][et_pb_column type=\u00bb4_4&#8243; _builder_version=\u00bb4.16&#8243; custom_padding=\u00bb0px|0px|0px|0px|false|false\u00bb global_colors_info=\u00bb{}\u00bb][et_pb_code _builder_version=\u00bb4.16&#8243; custom_padding=\u00bb0px|0px|0px|0px|false|false\u00bb global_colors_info=\u00bb{}\u00bb]<!DOCTYPE html><br \/>\n<html lang=\"fr\"><br \/>\n<head><br \/>\n    <meta charset=\"UTF-8\"><br \/>\n    <meta name=\"viewport\" content=\"width=device-width, initial-scale=1.0\"><br \/>\n    <title>L&#8217;autisme et les troubles du sommeil : solutions pour favoriser un sommeil r\u00e9parateur<\/title>\n    <link rel=\"preconnect\" href=\"https:\/\/fonts.googleapis.com\">\n    <link rel=\"preconnect\" href=\"https:\/\/fonts.gstatic.com\" crossorigin>\n    <link href=\"https:\/\/fonts.googleapis.com\/css2?family=Montserrat:wght@400;500;600;700&#038;family=Poppins:wght@300;400;500;600;700&#038;display=swap\" rel=\"stylesheet\">\n<style>\n        :root {\n            --dynseo-blue: #5e5ed7;\n            --dynseo-blue-dark: #5268c9;\n            --dynseo-teal: #a9e2e4;\n            --dynseo-yellow: #ffeca7;\n            --dynseo-pink: #e73469;\n            --text-dark: #333;\n            --text-light: #666;\n            --bg-light: #f8f9ff;\n            --border-light: #e8e8f0;\n            --white: #ffffff;\n        }<\/p>\n<p>        * {\n            margin: 0;\n            padding: 0;\n            box-sizing: border-box;\n        }<\/p>\n<p>        body {\n            font-family: 'Poppins', sans-serif;\n            line-height: 1.6;\n            color: var(--text-dark);\n            background: #fff;\n        }<\/p>\n<p>        .article-hero {\n            background: linear-gradient(135deg, var(--dynseo-blue) 0%, var(--dynseo-blue-dark) 100%);\n            color: white;\n            position: relative;\n            padding: 40px 0 80px;\n            overflow: hidden;\n        }<\/p>\n<p>        .article-hero::before {\n            content: '';\n            position: absolute;\n            top: 0;\n            left: 0;\n            right: 0;\n            bottom: 0;\n            background: url('data:image\/svg+xml,<svg xmlns=\"http:\/\/www.w3.org\/2000\/svg\" viewBox=\"0 0 100 20\"><defs><\/p>\n<style>.a{fill:rgba(255,255,255,0.1);}<\/style>\n<p><\/defs><circle class=\"a\" cx=\"10\" cy=\"10\" r=\"3\"\/><circle class=\"a\" cx=\"30\" cy=\"5\" r=\"2\"\/><circle class=\"a\" cx=\"50\" cy=\"15\" r=\"4\"\/><circle class=\"a\" cx=\"70\" cy=\"8\" r=\"2.5\"\/><circle class=\"a\" cx=\"90\" cy=\"12\" r=\"3.5\"\/><\/svg>') repeat;<br \/>\n        }<\/p>\n<p>        .article-hero-inner {<br \/>\n            max-width: 1200px;<br \/>\n            margin: 0 auto;<br \/>\n            padding: 0 20px;<br \/>\n            position: relative;<br \/>\n            z-index: 2;<br \/>\n        }<\/p>\n<p>        .article-breadcrumb {<br \/>\n            font-size: 14px;<br \/>\n            margin-bottom: 20px;<br \/>\n            opacity: 0.9;<br \/>\n        }<\/p>\n<p>        .article-breadcrumb a {<br \/>\n            color: white;<br \/>\n            text-decoration: none;<br \/>\n        }<\/p>\n<p>        .article-category {<br \/>\n            display: inline-block;<br \/>\n            background: var(--dynseo-pink);<br \/>\n            color: white;<br \/>\n            padding: 8px 16px;<br \/>\n            border-radius: 20px;<br \/>\n            font-size: 14px;<br \/>\n            font-weight: 600;<br \/>\n            margin-bottom: 20px;<br \/>\n            text-transform: uppercase;<br \/>\n            letter-spacing: 0.5px;<br \/>\n        }<\/p>\n<p>        .article-hero h1 {<br \/>\n            font-family: 'Montserrat', sans-serif;<br \/>\n            font-size: clamp(2rem, 4vw, 3.5rem);<br \/>\n            font-weight: 700;<br \/>\n            line-height: 1.2;<br \/>\n            margin-bottom: 20px;<br \/>\n        }<\/p>\n<p>        .hl {<br \/>\n            background: linear-gradient(120deg, var(--dynseo-yellow) 0%, var(--dynseo-teal) 100%);<br \/>\n            -webkit-background-clip: text;<br \/>\n            -webkit-text-fill-color: transparent;<br \/>\n            background-clip: text;<br \/>\n            font-weight: 700;<br \/>\n        }<\/p>\n<p>        .article-meta {<br \/>\n            display: flex;<br \/>\n            flex-wrap: wrap;<br \/>\n            gap: 20px;<br \/>\n            margin-bottom: 30px;<br \/>\n            font-size: 14px;<br \/>\n        }<\/p>\n<p>        .article-meta span {<br \/>\n            display: flex;<br \/>\n            align-items: center;<br \/>\n            gap: 5px;<br \/>\n        }<\/p>\n<p>        .stars {<br \/>\n            display: flex;<br \/>\n            align-items: center;<br \/>\n            gap: 10px;<br \/>\n        }<\/p>\n<p>        .stars .rating {<br \/>\n            color: var(--dynseo-yellow);<br \/>\n            font-size: 18px;<br \/>\n        }<\/p>\n<p>        .article-hero-curve {<br \/>\n            position: absolute;<br \/>\n            bottom: -1px;<br \/>\n            left: 0;<br \/>\n            width: 100%;<br \/>\n            height: 60px;<br \/>\n            background: white;<br \/>\n            clip-path: ellipse(100% 100% at 50% 100%);<br \/>\n        }<\/p>\n<p>        .article-body {<br \/>\n            background: white;<br \/>\n        }<\/p>\n<p>        .container {<br \/>\n            max-width: 1200px;<br \/>\n            margin: 0 auto;<br \/>\n            padding: 0 20px;<br \/>\n        }<\/p>\n<p>        .intro-block {<br \/>\n            background: var(--bg-light);<br \/>\n            padding: 40px;<br \/>\n            border-radius: 20px;<br \/>\n            margin: 40px 0;<br \/>\n            font-size: 18px;<br \/>\n            line-height: 1.7;<br \/>\n            border-left: 5px solid var(--dynseo-blue);<br \/>\n        }<\/p>\n<p>        .stats-grid {<br \/>\n            display: grid;<br \/>\n            grid-template-columns: repeat(auto-fit, minmax(250px, 1fr));<br \/>\n            gap: 30px;<br \/>\n            margin: 60px 0;<br \/>\n        }<\/p>\n<p>        .stat-card {<br \/>\n            background: white;<br \/>\n            padding: 30px;<br \/>\n            border-radius: 20px;<br \/>\n            text-align: center;<br \/>\n            box-shadow: 0 10px 30px rgba(94, 94, 215, 0.1);<br \/>\n            border: 2px solid transparent;<br \/>\n            transition: all 0.3s ease;<br \/>\n        }<\/p>\n<p>        .stat-card:hover {<br \/>\n            border-color: var(--dynseo-teal);<br \/>\n            transform: translateY(-5px);<br \/>\n        }<\/p>\n<p>        .stat-card .number {<br \/>\n            font-family: 'Montserrat', sans-serif;<br \/>\n            font-size: 3rem;<br \/>\n            font-weight: 700;<br \/>\n            color: var(--dynseo-blue);<br \/>\n            margin-bottom: 10px;<br \/>\n            display: block;<br \/>\n        }<\/p>\n<p>        .stat-card .label {<br \/>\n            font-size: 16px;<br \/>\n            color: var(--text-light);<br \/>\n            font-weight: 500;<br \/>\n        }<\/p>\n<p>        h2 {<br \/>\n            font-family: 'Montserrat', sans-serif;<br \/>\n            font-size: 2.2rem;<br \/>\n            font-weight: 700;<br \/>\n            color: var(--dynseo-blue);<br \/>\n            margin: 60px 0 30px;<br \/>\n            position: relative;<br \/>\n            padding-left: 20px;<br \/>\n        }<\/p>\n<p>        h2::before {<br \/>\n            content: '';<br \/>\n            position: absolute;<br \/>\n            left: 0;<br \/>\n            top: 0;<br \/>\n            bottom: 0;<br \/>\n            width: 5px;<br \/>\n            background: linear-gradient(135deg, var(--dynseo-pink), var(--dynseo-yellow));<br \/>\n            border-radius: 3px;<br \/>\n        }<\/p>\n<p>        h3 {<br \/>\n            font-family: 'Montserrat', sans-serif;<br \/>\n            font-size: 1.5rem;<br \/>\n            font-weight: 600;<br \/>\n            color: var(--dynseo-blue-dark);<br \/>\n            margin: 30px 0 15px;<br \/>\n        }<\/p>\n<p>        p {<br \/>\n            margin-bottom: 20px;<br \/>\n            font-size: 16px;<br \/>\n            line-height: 1.7;<br \/>\n        }<\/p>\n<p>        .conseil-card {<br \/>\n            background: linear-gradient(135deg, var(--dynseo-teal), var(--dynseo-yellow));<br \/>\n            padding: 30px;<br \/>\n            border-radius: 20px;<br \/>\n            margin: 30px 0;<br \/>\n            position: relative;<br \/>\n        }<\/p>\n<p>        .conseil-card::before {<br \/>\n            content: \"\ud83d\udca1\";<br \/>\n            position: absolute;<br \/>\n            top: -15px;<br \/>\n            left: 30px;<br \/>\n            background: white;<br \/>\n            width: 40px;<br \/>\n            height: 40px;<br \/>\n            border-radius: 50%;<br \/>\n            display: flex;<br \/>\n            align-items: center;<br \/>\n            justify-content: center;<br \/>\n            font-size: 20px;<br \/>\n            box-shadow: 0 5px 15px rgba(0,0,0,0.1);<br \/>\n        }<\/p>\n<p>        .conseil-card h4 {<br \/>\n            font-family: 'Montserrat', sans-serif;<br \/>\n            font-size: 1.3rem;<br \/>\n            font-weight: 600;<br \/>\n            margin-bottom: 15px;<br \/>\n            color: var(--dynseo-blue-dark);<br \/>\n        }<\/p>\n<p>        .key-points {<br \/>\n            background: var(--bg-light);<br \/>\n            padding: 30px;<br \/>\n            border-radius: 15px;<br \/>\n            margin: 30px 0;<br \/>\n        }<\/p>\n<p>        .key-points h4 {<br \/>\n            font-family: 'Montserrat', sans-serif;<br \/>\n            font-size: 1.2rem;<br \/>\n            font-weight: 600;<br \/>\n            color: var(--dynseo-blue);<br \/>\n            margin-bottom: 20px;<br \/>\n        }<\/p>\n<p>        .key-points ul {<br \/>\n            list-style: none;<br \/>\n            padding-left: 0;<br \/>\n        }<\/p>\n<p>        .key-points li {<br \/>\n            padding: 10px 0;<br \/>\n            padding-left: 30px;<br \/>\n            position: relative;<br \/>\n            border-bottom: 1px solid var(--border-light);<br \/>\n        }<\/p>\n<p>        .key-points li::before {<br \/>\n            content: \"\u2713\";<br \/>\n            position: absolute;<br \/>\n            left: 0;<br \/>\n            top: 10px;<br \/>\n            color: var(--dynseo-pink);<br \/>\n            font-weight: bold;<br \/>\n        }<\/p>\n<p>        .tip-box {<br \/>\n            background: white;<br \/>\n            border-left: 5px solid var(--dynseo-pink);<br \/>\n            padding: 25px;<br \/>\n            margin: 30px 0;<br \/>\n            border-radius: 0 15px 15px 0;<br \/>\n            box-shadow: 0 5px 20px rgba(231, 52, 105, 0.1);<br \/>\n        }<\/p>\n<p>        .tip-box-label {<br \/>\n            background: var(--dynseo-pink);<br \/>\n            color: white;<br \/>\n            padding: 5px 12px;<br \/>\n            border-radius: 15px;<br \/>\n            font-size: 12px;<br \/>\n            font-weight: 600;<br \/>\n            text-transform: uppercase;<br \/>\n            letter-spacing: 0.5px;<br \/>\n            display: inline-block;<br \/>\n            margin-bottom: 15px;<br \/>\n        }<\/p>\n<p>        .expert-box {<br \/>\n            background: linear-gradient(135deg, #f8f9ff 0%, #e8f2ff 100%);<br \/>\n            padding: 35px;<br \/>\n            border-radius: 20px;<br \/>\n            margin: 40px 0;<br \/>\n            position: relative;<br \/>\n            border: 2px solid var(--dynseo-blue);<br \/>\n        }<\/p>\n<p>        .expert-box::before {<br \/>\n            content: \"\ud83d\udc68\u200d\u2695\ufe0f\";<br \/>\n            position: absolute;<br \/>\n            top: -20px;<br \/>\n            left: 35px;<br \/>\n            background: white;<br \/>\n            width: 50px;<br \/>\n            height: 50px;<br \/>\n            border-radius: 50%;<br \/>\n            display: flex;<br \/>\n            align-items: center;<br \/>\n            justify-content: center;<br \/>\n            font-size: 24px;<br \/>\n            border: 3px solid var(--dynseo-blue);<br \/>\n        }<\/p>\n<p>        .expert-box-label {<br \/>\n            background: var(--dynseo-blue);<br \/>\n            color: white;<br \/>\n            padding: 8px 16px;<br \/>\n            border-radius: 20px;<br \/>\n            font-size: 12px;<br \/>\n            font-weight: 600;<br \/>\n            text-transform: uppercase;<br \/>\n            letter-spacing: 0.5px;<br \/>\n            display: inline-block;<br \/>\n            margin-bottom: 15px;<br \/>\n        }<\/p>\n<p>        .expert-box-title {<br \/>\n            font-family: 'Montserrat', sans-serif;<br \/>\n            font-size: 1.4rem;<br \/>\n            font-weight: 700;<br \/>\n            color: var(--dynseo-blue);<br \/>\n            margin-bottom: 20px;<br \/>\n        }<\/p>\n<p>        .expert-inner {<br \/>\n            background: white;<br \/>\n            padding: 25px;<br \/>\n            border-radius: 15px;<br \/>\n            margin-top: 20px;<br \/>\n            box-shadow: 0 5px 15px rgba(94, 94, 215, 0.1);<br \/>\n        }<\/p>\n<p>        .expert-inner-title {<br \/>\n            font-family: 'Montserrat', sans-serif;<br \/>\n            font-size: 1.2rem;<br \/>\n            font-weight: 600;<br \/>\n            color: var(--dynseo-blue-dark);<br \/>\n            margin-bottom: 15px;<br \/>\n        }<\/p>\n<p>        .faq-list {<br \/>\n            margin: 60px 0;<br \/>\n        }<\/p>\n<p>        .faq-item {<br \/>\n            background: white;<br \/>\n            border-radius: 15px;<br \/>\n            margin-bottom: 15px;<br \/>\n            box-shadow: 0 5px 20px rgba(0,0,0,0.05);<br \/>\n            border: 2px solid transparent;<br \/>\n            transition: all 0.3s ease;<br \/>\n        }<\/p>\n<p>        .faq-item:hover, .faq-item.open {<br \/>\n            border-color: var(--dynseo-teal);<br \/>\n        }<\/p>\n<p>        .faq-q {<br \/>\n            padding: 25px;<br \/>\n            cursor: pointer;<br \/>\n            font-weight: 600;<br \/>\n            color: var(--dynseo-blue);<br \/>\n            display: flex;<br \/>\n            justify-content: space-between;<br \/>\n            align-items: center;<br \/>\n            font-family: 'Montserrat', sans-serif;<br \/>\n        }<\/p>\n<p>        .faq-icon {<br \/>\n            background: var(--dynseo-blue);<br \/>\n            color: white;<br \/>\n            width: 30px;<br \/>\n            height: 30px;<br \/>\n            border-radius: 50%;<br \/>\n            display: flex;<br \/>\n            align-items: center;<br \/>\n            justify-content: center;<br \/>\n            font-size: 18px;<br \/>\n            transition: transform 0.3s ease;<br \/>\n        }<\/p>\n<p>        .faq-item.open .faq-icon {<br \/>\n            transform: rotate(45deg);<br \/>\n        }<\/p>\n<p>        .faq-a {<br \/>\n            padding: 0 25px;<br \/>\n            max-height: 0;<br \/>\n            overflow: hidden;<br \/>\n            transition: all 0.3s ease;<br \/>\n        }<\/p>\n<p>        .faq-item.open .faq-a {<br \/>\n            padding: 0 25px 25px;<br \/>\n            max-height: 500px;<br \/>\n        }<\/p>\n<p>        .cta-box {<br \/>\n            background: linear-gradient(135deg, var(--dynseo-blue) 0%, var(--dynseo-blue-dark) 100%);<br \/>\n            color: white;<br \/>\n            padding: 50px;<br \/>\n            border-radius: 25px;<br \/>\n            text-align: center;<br \/>\n            margin: 60px 0;<br \/>\n            position: relative;<br \/>\n            overflow: hidden;<br \/>\n        }<\/p>\n<p>        .cta-box::before {<br \/>\n            content: '';<br \/>\n            position: absolute;<br \/>\n            top: -50%;<br \/>\n            left: -50%;<br \/>\n            width: 200%;<br \/>\n            height: 200%;<br \/>\n            background: radial-gradient(circle, rgba(255,255,255,0.1) 0%, transparent 70%);<br \/>\n            animation: float 6s ease-in-out infinite;<br \/>\n        }<\/p>\n<p>        @keyframes float {<br \/>\n            0%, 100% { transform: translate(-50%, -50%) rotate(0deg); }<br \/>\n            50% { transform: translate(-50%, -50%) rotate(180deg); }<br \/>\n        }<\/p>\n<p>        .cta-box h3 {<br \/>\n            font-family: 'Montserrat', sans-serif;<br \/>\n            font-size: 2rem;<br \/>\n            font-weight: 700;<br \/>\n            margin-bottom: 20px;<br \/>\n            color: white;<br \/>\n        }<\/p>\n<p>        .cta-buttons {<br \/>\n            display: flex;<br \/>\n            gap: 20px;<br \/>\n            justify-content: center;<br \/>\n            flex-wrap: wrap;<br \/>\n            margin-top: 30px;<br \/>\n            position: relative;<br \/>\n            z-index: 2;<br \/>\n        }<\/p>\n<p>        .btn-white {<br \/>\n            background: white;<br \/>\n            color: var(--dynseo-blue);<br \/>\n            padding: 15px 30px;<br \/>\n            border-radius: 25px;<br \/>\n            text-decoration: none;<br \/>\n            font-weight: 600;<br \/>\n            transition: all 0.3s ease;<br \/>\n            border: 2px solid white;<br \/>\n        }<\/p>\n<p>        .btn-white:hover {<br \/>\n            background: transparent;<br \/>\n            color: white;<br \/>\n        }<\/p>\n<p>        .btn-outline {<br \/>\n            background: transparent;<br \/>\n            color: white;<br \/>\n            padding: 15px 30px;<br \/>\n            border-radius: 25px;<br \/>\n            text-decoration: none;<br \/>\n            font-weight: 600;<br \/>\n            border: 2px solid white;<br \/>\n            transition: all 0.3s ease;<br \/>\n        }<\/p>\n<p>        .btn-outline:hover {<br \/>\n            background: white;<br \/>\n            color: var(--dynseo-blue);<br \/>\n        }<\/p>\n<p>        .article-tags {<br \/>\n            display: flex;<br \/>\n            flex-wrap: wrap;<br \/>\n            gap: 15px;<br \/>\n            margin: 60px 0 40px;<br \/>\n            padding: 30px 0;<br \/>\n            border-top: 2px solid var(--bg-light);<br \/>\n        }<\/p>\n<p>        .article-tag {<br \/>\n            background: var(--bg-light);<br \/>\n            color: var(--dynseo-blue);<br \/>\n            padding: 10px 20px;<br \/>\n            border-radius: 20px;<br \/>\n            text-decoration: none;<br \/>\n            font-size: 14px;<br \/>\n            font-weight: 500;<br \/>\n            transition: all 0.3s ease;<br \/>\n        }<\/p>\n<p>        .article-tag:hover {<br \/>\n            background: var(--dynseo-blue);<br \/>\n            color: white;<br \/>\n        }<\/p>\n<p>        @media (max-width: 768px) {<br \/>\n            .article-hero {<br \/>\n                padding: 30px 0 60px;<br \/>\n            }<\/p>\n<p>            .intro-block {<br \/>\n                padding: 25px;<br \/>\n                font-size: 16px;<br \/>\n            }<\/p>\n<p>            .stats-grid {<br \/>\n                grid-template-columns: 1fr;<br \/>\n                gap: 20px;<br \/>\n            }<\/p>\n<p>            h2 {<br \/>\n                font-size: 1.8rem;<br \/>\n            }<\/p>\n<p>            .cta-buttons {<br \/>\n                flex-direction: column;<br \/>\n                align-items: center;<br \/>\n            }<\/p>\n<p>            .article-meta {<br \/>\n                flex-direction: column;<br \/>\n                gap: 10px;<br \/>\n            }<br \/>\n        }<br \/>\n    <\/style>\n<p><\/head><br \/>\n<body><\/p>\n<section class=\"article-hero\">\n<div class=\"article-hero-inner\">\n<div class=\"article-breadcrumb\">\n                <a href=\"\/\">Inicio<\/a> > <a href=\"\/blog\/\">Blog<\/a> > Autismo y sue\u00f1o\n            <\/div>\n<div class=\"article-category\">Acompa\u00f1amiento Autismo<\/div>\n<h1>El autismo y los trastornos del sue\u00f1o: soluciones para favorecer un <span class=\"hl\">sue\u00f1o reparador<\/span><\/h1>\n<div class=\"article-meta\">\n                <span>\ud83d\udcc5 Abril 2026<\/span><br \/>\n                <span>\u23f1\ufe0f 15 min de lectura<\/span><br \/>\n                <span>\ud83d\udc65 Padres y profesionales<\/span><\/p>\n<div class=\"stars\">\n<div class=\"rating\">\u2b50\u2b50\u2b50\u2b50\u2b50<\/div>\n<p>                    <span>4.8\/5 (247 opiniones)<\/span>\n                <\/div>\n<\/p><\/div>\n<\/p><\/div>\n<div class=\"article-hero-curve\"><\/div>\n<\/section>\n<div class=\"article-body\">\n<div class=\"container\">\n<div class=\"intro-block\">\n                Los trastornos del sue\u00f1o afectan hasta el 80% de los ni\u00f1os autistas, frente al 25% de los ni\u00f1os neurot\u00edpicos. Estas dificultades tienen un impacto importante en su desarrollo, su aprendizaje y su bienestar diario. Afortunadamente, existen soluciones concretas y efectivas para mejorar significativamente la calidad del sue\u00f1o de su hijo. Descubra en esta gu\u00eda completa c\u00f3mo identificar, comprender y tratar los trastornos del sue\u00f1o relacionados con el autismo, con estrategias personalizadas adaptadas a cada perfil sensorial. Nuestros expertos le acompa\u00f1an hacia noches m\u00e1s tranquilas para toda la familia.\n            <\/div>\n<div class=\"stats-grid\">\n<div class=\"stat-card\">\n                    <span class=\"number\">80%<\/span><br \/>\n                    <span class=\"label\">de los ni\u00f1os autistas presentan trastornos del sue\u00f1o<\/span>\n                <\/div>\n<div class=\"stat-card\">\n                    <span class=\"number\">3h<\/span><br \/>\n                    <span class=\"label\">de sue\u00f1o menos por noche de media<\/span>\n                <\/div>\n<div class=\"stat-card\">\n                    <span class=\"number\">65%<\/span><br \/>\n                    <span class=\"label\">de mejora con una rutina adaptada<\/span>\n                <\/div>\n<div class=\"stat-card\">\n                    <span class=\"number\">90%<\/span><br \/>\n                    <span class=\"label\">de las familias notan un bienestar general<\/span>\n                <\/div>\n<\/p><\/div>\n<h2>1. Comprender los mecanismos del sue\u00f1o en el autismo<\/h2>\n<pee>El sue\u00f1o en los ni\u00f1os autistas presenta particularidades neurobiol\u00f3gicas complejas que explican la alta frecuencia de los trastornos observados. Las investigaciones recientes revelan que los disfuncionamientos afectan principalmente la producci\u00f3n de melatonina, la hormona reguladora del ciclo vigilia-sue\u00f1o, as\u00ed como la organizaci\u00f3n de las fases de sue\u00f1o profundo y parad\u00f3jico.<\/pee>\n<pee>Los ni\u00f1os autistas a menudo producen menos melatonina que sus pares neurot\u00edpicos, y esta producci\u00f3n sigue ritmos irregulares. Esta perturbaci\u00f3n hormonal se acompa\u00f1a de una hipersensibilidad a los est\u00edmulos ambientales que hace que conciliar el sue\u00f1o y mantenerlo sea particularmente dif\u00edcil. Las particularidades sensoriales relacionadas con el autismo amplifican estas dificultades: una etiqueta de pijama puede volverse insoportable, un ruido ligero puede parecer ensordecedor.<\/pee>\n<pee>La comprensi\u00f3n de estos mecanismos es esencial para adaptar las intervenciones. A diferencia de lo que se suele pensar, no se trata simplemente de \u00abcaprichos\u00bb o dificultades conductuales, sino de diferencias neurobiol\u00f3gicas que requieren un enfoque espec\u00edfico y compasivo.<\/pee>\n<div class=\"conseil-card\">\n<h4>Consejo de experto<\/h4>\n<pee>Lleve un diario de sue\u00f1o detallado durante al menos dos semanas antes de iniciar cualquier intervenci\u00f3n. Anote las horas de acostarse y levantarse, los despertares nocturnos, el estado de \u00e1nimo al despertar y todos los factores ambientales. Esta documentaci\u00f3n ser\u00e1 valiosa para identificar los patrones espec\u00edficos de su hijo.<\/pee>\n            <\/div>\n<div class=\"key-points\">\n<h4>Puntos clave a recordar<\/h4>\n<ul>\n<li>La producci\u00f3n de melatonina a menudo se ve perturbada en los ni\u00f1os autistas<\/li>\n<li>La hipersensibilidad sensorial complica el sue\u00f1o<\/li>\n<li>Cada ni\u00f1o presenta un perfil \u00fanico de dificultades<\/li>\n<li>Un enfoque personalizado es indispensable<\/li>\n<\/ul><\/div>\n<h2>2. Identificar los diferentes tipos de trastornos del sue\u00f1o<\/h2>\n<pee>El insomnio representa el trastorno m\u00e1s frecuente en los ni\u00f1os autistas, afectando aproximadamente al 75% de ellos. Se manifiesta por dificultades para conciliar el sue\u00f1o que pueden durar varias horas, despertares nocturnos frecuentes con imposibilidad de volver a dormir, o despertares tempranos alrededor de las 4 o 5 de la ma\u00f1ana. Estas perturbaciones crean un c\u00edrculo vicioso: la fatiga acumulada genera estr\u00e9s e irritabilidad, haciendo que el siguiente sue\u00f1o sea a\u00fan m\u00e1s dif\u00edcil.<\/pee>\n<pee>Las pesadillas y terrores nocturnos tambi\u00e9n son m\u00e1s frecuentes en esta poblaci\u00f3n. Los ni\u00f1os autistas pueden tener dificultades para distinguir entre el sue\u00f1o y la realidad, lo que intensifica la ansiedad relacionada con la hora de dormir. Los terrores nocturnos, diferentes de las pesadillas, ocurren al principio de la noche y dejan al ni\u00f1o en un estado de intensa confusi\u00f3n, a menudo acompa\u00f1ado de gritos y agitaci\u00f3n motora.<\/pee>\n<pee>Los trastornos respiratorios del sue\u00f1o, incluida la apnea obstructiva, afectan m\u00e1s a los ni\u00f1os autistas que a la poblaci\u00f3n general. Estas interrupciones respiratorias fragmentan el sue\u00f1o y pueden explicar ciertos trastornos de comportamiento diurnos. La hiperactividad matutina o, por el contrario, la somnolencia excesiva pueden ser se\u00f1ales de alerta.<\/pee>\n<div class=\"tip-box\">\n<div class=\"tip-box-label\">Consejo pr\u00e1ctico<\/div>\n<pee>Utiliza una aplicaci\u00f3n m\u00f3vil o un cuaderno de papel para documentar con precisi\u00f3n los trastornos observados. Fotograf\u00eda la habitaci\u00f3n en diferentes momentos, graba los ruidos ambientales: estos elementos ayudar\u00e1n a los profesionales a comprender mejor el entorno de sue\u00f1o de tu hijo.<\/pee>\n            <\/div>\n<pee>Los trastornos del ritmo circadiano constituyen otra categor\u00eda importante. El reloj biol\u00f3gico interno del ni\u00f1o autista puede estar completamente desfasado respecto al ritmo d\u00eda-noche convencional. Algunos ni\u00f1os son naturalmente muy madrugadores (s\u00edndrome de avance de fase), otros son verdaderos noct\u00e1mbulos (s\u00edndrome de retraso de fase). Estos desajustes no son elecciones conductuales, sino realidades neurobiol\u00f3gicas.<\/pee>\n<div class=\"expert-box\">\n<div class=\"expert-box-label\">Experiencia cl\u00ednica<\/div>\n<div class=\"expert-box-title\">Clasificaci\u00f3n de los trastornos seg\u00fan la edad<\/div>\n<pee>Las manifestaciones de los trastornos del sue\u00f1o evolucionan con la edad. En los m\u00e1s peque\u00f1os (2-5 a\u00f1os), se observan principalmente dificultades para conciliar el sue\u00f1o y despertares nocturnos. En los ni\u00f1os en edad escolar (6-12 a\u00f1os), los trastornos del ritmo circadiano se vuelven m\u00e1s marcados, a menudo exacerbados por las exigencias escolares.<\/pee>\n<div class=\"expert-inner\">\n<div class=\"expert-inner-title\">Particularidades adolescentes<\/div>\n<pee>En la adolescencia, los trastornos se complejizan con los cambios hormonales naturales que retrasan fisiol\u00f3gicamente el sue\u00f1o. Esta tendencia natural, combinada con las particularidades aut\u00edsticas, puede crear desfases de sue\u00f1o muy importantes que requieren un acompa\u00f1amiento especializado.<\/pee>\n                <\/div>\n<\/p><\/div>\n<h2>3. La importancia crucial de una rutina de sue\u00f1o estructurada<\/h2>\n<pee>La previsibilidad y la estructura son necesidades fundamentales para los ni\u00f1os autistas, particularmente en lo que respecta al sue\u00f1o. Una rutina de acostarse bien establecida act\u00faa como una se\u00f1al poderosa para el cerebro, inform\u00e1ndole que es hora de prepararse para el descanso. Esta rutina debe comenzar idealmente 60 a 90 minutos antes de la hora de acostarse deseada e incluir una secuencia de actividades tranquilizadoras y predecibles.<\/pee>\n<pee>La construcci\u00f3n de esta rutina requiere un enfoque progresivo y paciente. Comience por identificar las actividades que su hijo encuentra naturalmente tranquilizadoras: algunos adoran los ba\u00f1os tibios, otros prefieren los masajes suaves o escuchar m\u00fasica relajante. Lo importante es crear una secuencia personalizada que respete las preferencias sensoriales de su hijo mientras fomenta la relajaci\u00f3n.<\/pee>\n<pee>La regularidad de los horarios es absolutamente crucial. Los ni\u00f1os autistas se benefician enormemente de horarios fijos para acostarse y levantarse, incluso los fines de semana. Esta regularidad ayuda a sincronizar su reloj biol\u00f3gico interno y facilita el sue\u00f1o natural. Un desfase de m\u00e1s de 30 minutos puede ser suficiente para perturbar todo el ciclo.<\/pee>\n<div class=\"conseil-card\">\n<h4>Rutina tipo adaptada al autismo<\/h4>\n<pee><strong>19h00 :<\/strong> Fin de las actividades estimulantes, disminuci\u00f3n de la iluminaci\u00f3n<!\u2013- [et_pb_br_holder] -\u2013><br \/>\n                <strong>19h30 :<\/strong> Ba\u00f1o tibio (temperatura constante, duraci\u00f3n predecible)<!\u2013- [et_pb_br_holder] -\u2013><br \/>\n                <strong>20h00 :<\/strong> Pijama y cuidados corporales (mismo orden cada noche)<!\u2013- [et_pb_br_holder] -\u2013><br \/>\n                <strong>20h15 :<\/strong> Actividad tranquila en la cama (lectura, m\u00fasica suave)<!\u2013- [et_pb_br_holder] -\u2013><br \/>\n                <strong>20h45 :<\/strong> Ritual de buenas noches (misma frase, mismo gesto)<!\u2013- [et_pb_br_holder] -\u2013><br \/>\n                <strong>21h00 :<\/strong> Apagado de luces, inicio del sue\u00f1o<\/pee>\n            <\/div>\n<pee>El uso de soportes visuales refuerza la eficacia de la rutina. Cree un tablero con pictogramas que representen cada paso: cepillo de dientes, pijama, historia, a dormir. El ni\u00f1o puede marcar o voltear cada imagen una vez completado el paso, d\u00e1ndole un sentido de control y \u00e9xito. Este enfoque visual es particularmente beneficioso para los ni\u00f1os autistas que a menudo procesan mejor la informaci\u00f3n visual que la auditiva.<\/pee>\n<div class=\"key-points\">\n<h4>Elementos esenciales de una rutina eficaz<\/h4>\n<ul>\n<li>Comenzar 60-90 minutos antes de la hora de dormir deseada<\/li>\n<li>Secuencia id\u00e9ntica cada noche, mismo orden de las actividades<\/li>\n<li>Horarios fijos, incluso los fines de semana y en vacaciones<\/li>\n<li>Soportes visuales para materializar las etapas<\/li>\n<li>Actividades adaptadas al perfil sensorial del ni\u00f1o<\/li>\n<li>Entorno predecible y seguro<\/li>\n<\/ul><\/div>\n<h2>4. Optimizar el entorno de sue\u00f1o seg\u00fan el perfil sensorial<\/h2>\n<pee>El entorno de sue\u00f1o juega un papel determinante en la calidad del descanso de los ni\u00f1os autistas. Sus particularidades sensoriales requieren una atenci\u00f3n especial a cada elemento de la habitaci\u00f3n: temperatura, iluminaci\u00f3n, sonidos, texturas, e incluso olores pueden influir significativamente en su capacidad para dormirse y mantener un sue\u00f1o reparador.<\/pee>\n<pee>La temperatura ideal se sit\u00faa entre 18 y 20\u00b0C, pero algunos ni\u00f1os autistas son particularmente sensibles a las variaciones t\u00e9rmicas. Invierta en un term\u00f3metro de habitaci\u00f3n preciso y mantenga una temperatura constante. Los materiales de las s\u00e1banas y mantas deben elegirse seg\u00fan las preferencias t\u00e1ctiles: algunos ni\u00f1os prefieren las texturas suaves como el sat\u00e9n, otros buscan texturas m\u00e1s rugosas. Las mantas con peso pueden aportar un consuelo sensorial notable para los ni\u00f1os en busca de propriocepci\u00f3n.<\/pee>\n<pee>La iluminaci\u00f3n requiere un enfoque gradual. Instale reguladores que permitan disminuir progresivamente la intensidad lum\u00ednica por la noche, imitando la puesta de sol natural. Las luces nocturnas deben difundir una luz c\u00e1lida y tenue, evitando absolutamente los LED azules que perturban la producci\u00f3n de melatonina. Algunos ni\u00f1os necesitan oscuridad total, otros se sienten m\u00e1s seguros con una baja luminosidad constante.<\/pee>\n<div class=\"tip-box\">\n<div class=\"tip-box-label\">Innovaci\u00f3n tecnol\u00f3gica<\/div>\n<pee>Las aplicaciones como <a href=\"https:\/\/www.dynseo.com\/es\/coco-piensa-y-coco-se-mueve-software-educativo\/\" style=\"color: var(--dynseo-blue); font-weight: 600;\">COCO PIENSA y COCO SE MUEVE<\/a> incluyen ejercicios de relajaci\u00f3n y respiraci\u00f3n que pueden integrarse en la rutina de dormir. Estas herramientas digitales ofrecen un enfoque l\u00fadico para aprender a relajarse, particularmente apreciado por los ni\u00f1os autistas que a menudo tienen una afinidad natural con las tecnolog\u00edas.<\/pee>\n            <\/div>\n<pee>La gesti\u00f3n del sonido es crucial pero compleja. Algunos ni\u00f1os autistas son hipersensibles al m\u00e1s m\u00ednimo ruido: el tic-tac de un reloj, los pasos en el apartamento de arriba, o incluso los sonidos del tr\u00e1fico pueden mantenerlos despiertos. Otros, en cambio, necesitan un ruido de fondo constante para poder dormirse. Las m\u00e1quinas de ruido blanco, los ventiladores, o los difusores de sonidos de la naturaleza pueden ser aliados valiosos.<\/pee>\n<div class=\"expert-box\">\n<div class=\"expert-box-label\">Investigaci\u00f3n cient\u00edfica<\/div>\n<div class=\"expert-box-title\">Perfiles sensoriales y estrategias de adaptaci\u00f3n<\/div>\n<pee>Las investigaciones distinguen tres perfiles sensoriales principales en los ni\u00f1os autistas: hiposensibles (buscan las estimulaci\u00f3n), hipersensibles (evitan las estimulaci\u00f3n), y mixtos (alternan seg\u00fan los contextos). Cada perfil requiere adaptaciones ambientales espec\u00edficas.<\/pee>\n<div class=\"expert-inner\">\n<div class=\"expert-inner-title\">Adaptaciones por perfil sensorial<\/div>\n<pee><strong>Hiposensible :<\/strong> Mantitas pesadas, colchones firmes, m\u00fasica r\u00edtmica suave<!\u2013- [et_pb_br_holder] -\u2013><br \/>\n                    <strong>Hipersensible :<\/strong> Tejidos ultra-suaves, silencio total o ruido blanco, temperatura estrictamente controlada<!\u2013- [et_pb_br_holder] -\u2013><br \/>\n                    <strong>Mixto :<\/strong> Opciones m\u00faltiples disponibles seg\u00fan las necesidades del momento<\/pee>\n                <\/div>\n<\/p><\/div>\n<h2>5. Estrategias de relajaci\u00f3n y actividades pre-sue\u00f1o adaptadas<\/h2>\n<pee>Las t\u00e9cnicas de relajaci\u00f3n adaptadas a los ni\u00f1os autistas difieren sensiblemente de las utilizadas con los ni\u00f1os neurot\u00edpicos. Es esencial respetar sus modalidades sensoriales preferenciales y su necesidad de previsibilidad. La respiraci\u00f3n profunda puede ense\u00f1arse de manera l\u00fadica: imaginar inflar un globo en el vientre, oler una flor y luego soplar una vela, o utilizar aplicaciones interactivas que visualizan el ritmo respiratorio.<\/pee>\n<pee>La relajaci\u00f3n muscular progresiva, t\u00e9cnica que consiste en contraer y luego relajar diferentes grupos musculares, puede ser particularmente beneficiosa para los ni\u00f1os autistas que a veces tienen dificultades para percibir las tensiones corporales. Transforme esta t\u00e9cnica en un juego: apriete los pu\u00f1os como esponjas que se escurren, y luego rel\u00e1jese como plumas que caen. Este enfoque metaf\u00f3rico facilita la comprensi\u00f3n y la adhesi\u00f3n.<\/pee>\n<pee>Los masajes suaves pueden constituir un momento privilegiado de relajaci\u00f3n, siempre que se respeten los l\u00edmites sensoriales del ni\u00f1o. Algunos aprecian las presiones firmes en la espalda o los brazos, otros prefieren las caricias ligeras. El uso de aceites esenciales relajantes (lavanda, manzanilla) puede reforzar el efecto calmante, pero siempre pruebe la tolerancia olfativa de antemano.<\/pee>\n<div class=\"conseil-card\">\n<h4>Actividades pre-sue\u00f1o recomendadas<\/h4>\n<pee>Priorice las actividades sensoriales tranquilizadoras como la manipulaci\u00f3n de arena cin\u00e9tica, rompecabezas simples, colorear con l\u00e1pices suaves, o escuchar historias en audio. Los juegos de construcci\u00f3n tipo Lego pueden ser relajantes para algunos ni\u00f1os, pero aseg\u00farese de elegir modelos simples para evitar la frustraci\u00f3n.<\/pee>\n            <\/div>\n<pee>La lectura compartida sigue siendo un gran cl\u00e1sico, pero adapte la elecci\u00f3n de los libros. Evite las historias demasiado estimulantes o ansi\u00f3genas. Priorice los relatos predecibles, con finales felices y reconfortantes. Los libros con texturas para tocar o elementos repetitivos pueden captar la atenci\u00f3n mientras favorecen la relajaci\u00f3n. Mantenga un ritmo de lectura lento y una entonaci\u00f3n suave.<\/pee>\n<div class=\"key-points\">\n<h4>T\u00e9cnicas de relajaci\u00f3n efectivas<\/h4>\n<ul>\n<li>Respiraci\u00f3n guiada con soportes visuales o auditivos<\/li>\n<li>Relajaci\u00f3n muscular progresiva adaptada en juego<\/li>\n<li>Masajes respetuosos de los l\u00edmites sensoriales<\/li>\n<li>M\u00fasica o sonidos relajantes personalizados<\/li>\n<li>Visualizaci\u00f3n positiva con im\u00e1genes simples<\/li>\n<li>Actividades sensoriales calmantes<\/li>\n<\/ul><\/div>\n<h2>6. Gestionar la exposici\u00f3n a las pantallas y a la luz azul<\/h2>\n<pee>La luz azul emitida por las pantallas constituye uno de los perturbadores m\u00e1s significativos del sue\u00f1o, particularmente en los ni\u00f1os autistas cuyo sistema de regulaci\u00f3n circadiana es a menudo ya fr\u00e1gil. Esta luz inhibe la producci\u00f3n natural de melatonina hasta tres horas despu\u00e9s de la exposici\u00f3n, retrasando considerablemente el sue\u00f1o. Para los ni\u00f1os autistas que pueden tener una relaci\u00f3n intensa con las tecnolog\u00edas, esta problem\u00e1tica requiere un enfoque progresivo y comprensivo.<\/pee>\n<pee>La instauraci\u00f3n de un \u00abtoque de queda digital\u00bb dos horas antes de dormir representa el objetivo ideal, pero puede resultar dif\u00edcil de implementar de forma abrupta. Comience reduciendo progresivamente: 30 minutos la primera semana, luego una hora, hasta alcanzar las dos horas recomendadas. Durante este per\u00edodo de transici\u00f3n, utilice filtros de luz azul en todos los dispositivos o gafas especializadas si la detenci\u00f3n total a\u00fan no es posible.<\/pee>\n<pee>Reemplace progresivamente el tiempo de pantalla por actividades alternativas igualmente cautivadoras. Los ni\u00f1os autistas a menudo disfrutan de actividades repetitivas y predecibles: rompecabezas, dibujos detallados, construcci\u00f3n de modelos o manipulaci\u00f3n de objetos sensoriales. Lo importante es mantener un nivel de compromiso similar para evitar la frustraci\u00f3n relacionada con la falta de estimulaci\u00f3n.<\/pee>\n<div class=\"tip-box\">\n<div class=\"tip-box-label\">Soluci\u00f3n tecnol\u00f3gica<\/div>\n<pee>La aplicaci\u00f3n <a href=\"https:\/\/www.dynseo.com\/es\/coco-piensa-y-coco-se-mueve-software-educativo\/\" style=\"color: var(--dynseo-blue); font-weight: 600;\">COCO PIENSA y COCO SE MUEVE<\/a> integra un sistema de pausas obligatorias cada 15 minutos, ayudando naturalmente a regular la exposici\u00f3n a las pantallas. Estas pausas incluyen actividades f\u00edsicas suaves que pueden integrarse perfectamente en una rutina de pre-sue\u00f1o, creando una transici\u00f3n natural entre la actividad digital y la relajaci\u00f3n.<\/pee>\n            <\/div>\n<pee>Para los ni\u00f1os muy apegados a sus pantallas, el uso de temporizadores visuales puede facilitar la transici\u00f3n. Estas herramientas permiten al ni\u00f1o visualizar el tiempo restante y prepararse mentalmente para detener la actividad. Asocie sistem\u00e1ticamente el final del tiempo de pantalla con una actividad placentera para evitar que este momento se convierta en fuente de conflicto.<\/pee>\n<div class=\"expert-box\">\n<div class=\"expert-box-label\">Investigaci\u00f3n neurobiol\u00f3gica<\/div>\n<div class=\"expert-box-title\">Impacto espec\u00edfico de la luz azul en el autismo<\/div>\n<pee>Los estudios recientes muestran que los ni\u00f1os autistas presentan una sensibilidad particular a la luz azul, con un impacto en la melatonina que puede persistir hasta 4 horas despu\u00e9s de la exposici\u00f3n. Esta hipersensibilidad se explica por diferencias en el funcionamiento de las c\u00e9lulas ganglionares retinianas.<\/pee>\n<div class=\"expert-inner\">\n<div class=\"expert-inner-title\">Recomendaciones adaptadas<\/div>\n<pee>Utilice bombillas de espectro c\u00e1lido (2700K como m\u00e1ximo) a partir de las 18h, active los modos \u00abnoche\u00bb en todos los dispositivos y prefiera la iluminaci\u00f3n indirecta por la noche. Estas medidas permiten preservar la producci\u00f3n natural de melatonina.<\/pee>\n                <\/div>\n<\/p><\/div>\n<h2>7. El papel esencial de la actividad f\u00edsica y de la regulaci\u00f3n sensorial<\/h2>\n<pee>La actividad f\u00edsica juega un papel fundamental en la regulaci\u00f3n del sue\u00f1o, particularmente en los ni\u00f1os autistas que pueden presentar necesidades sensoriales y motoras espec\u00edficas. Un ejercicio regular y adaptado ayuda a liberar tensiones, regular el estado de \u00e1nimo y sincronizar el reloj biol\u00f3gico interno. Sin embargo, el momento y el tipo de actividad son cruciales: una actividad demasiado intensa o demasiado tard\u00eda puede tener el efecto contrario y retrasar el sue\u00f1o.<\/pee>\n<pee>Las actividades proprioceptivas, que estimulan la percepci\u00f3n de la posici\u00f3n del cuerpo en el espacio, son particularmente beneficiosas. Incluyen ejercicios con resistencia: cargar objetos pesados, empujar o tirar de cargas, escalar, o incluso juegos de lucha suave. Estas actividades proporcionan un efecto calmante duradero sobre el sistema nervioso y favorecen un sue\u00f1o m\u00e1s profundo. Planifique estas actividades preferentemente a finales de la tarde, al menos tres horas antes de acostarse.<\/pee>\n<pee>Las actividades vestibulares, que estimulan el equilibrio y la percepci\u00f3n del movimiento, tambi\u00e9n pueden contribuir a la regulaci\u00f3n sensorial. Columpios, trampolines, patinetes o bicicletas ofrecen est\u00edmulos que ayudan a algunos ni\u00f1os autistas a regular mejor su nivel de alerta. Observe atentamente las reacciones de su hijo: algunos se calmar\u00e1n con estos movimientos, otros, por el contrario, se excitar\u00e1n.<\/pee>\n<div class=\"conseil-card\">\n<h4>Programa de actividad f\u00edsica adaptado<\/h4>\n<pee><strong>Ma\u00f1ana:<\/strong> Actividades dinamizadoras (correr, saltar, andar en bicicleta)<!\u2013- [et_pb_br_holder] -\u2013><br \/>\n                <strong>Tarde:<\/strong> Actividades proprioceptivas (carga, escalada, juegos de resistencia)<!\u2013- [et_pb_br_holder] -\u2013><br \/>\n                <strong>Inicio de la noche:<\/strong> Actividades suaves (caminar, estiramientos, yoga adaptado)<!\u2013- [et_pb_br_holder] -\u2013><br \/>\n                <strong>2h antes de acostarse:<\/strong> Parada de actividades estimulantes, lugar a actividades calmantes<\/pee>\n            <\/div>\n<pee>La integraci\u00f3n de actividades sensoriales espec\u00edficas puede mejorar en gran medida la preparaci\u00f3n para el sue\u00f1o. Los ba\u00f1os sensoriales con diferentes texturas, los juegos de manipulaci\u00f3n (plastilina, arena cin\u00e9tica) o las actividades de clasificaci\u00f3n y ordenaci\u00f3n a menudo proporcionan un efecto calmante. Estas actividades permiten al ni\u00f1o satisfacer sus necesidades sensoriales de manera controlada y predecible.<\/pee>\n<div class=\"key-points\">\n<h4>Beneficios de la actividad f\u00edsica sobre el sue\u00f1o<\/h4>\n<ul>\n<li>Regulaci\u00f3n natural del ritmo circadiano<\/li>\n<li>Reducci\u00f3n de la ansiedad y del estr\u00e9s<\/li>\n<li>Mejora de la calidad del sue\u00f1o profundo<\/li>\n<li>Satisfacci\u00f3n de las necesidades sensoriales<\/li>\n<li>Evacuaci\u00f3n de la energ\u00eda acumulada<\/li>\n<li>Fortalecimiento de la autoestima<\/li>\n<\/ul><\/div>\n<pee>El uso de aplicaciones como <a href=\"https:\/\/www.dynseo.com\/es\/coco-piensa-y-coco-se-mueve-software-educativo\/\" style=\"color: var(--dynseo-blue); font-weight: 600;\">COCO PIENSA y COCO SE MUEVE<\/a> puede facilitar la integraci\u00f3n de actividades f\u00edsicas regulares en la vida diaria. Estas herramientas proponen ejercicios adaptados a los ni\u00f1os autistas, con pausas activas que rompen naturalmente los per\u00edodos sedentarios y fomentan el movimiento a lo largo del d\u00eda.<\/pee>\n<h2>8. Comprender y tratar la ansiedad relacionada con la hora de dormir<\/h2>\n<pee>La ansiedad nocturna constituye uno de los principales obst\u00e1culos para un sue\u00f1o sereno en los ni\u00f1os autistas. Esta ansiedad puede tener diversas or\u00edgenes: miedo a la oscuridad, angustia por separaci\u00f3n, preocupaciones relacionadas con los cambios del d\u00eda siguiente, o simplemente aprensi\u00f3n ante la p\u00e9rdida de control que implica el quedarse dormido. Identificar precisamente las fuentes de ansiedad de su hijo es el primer paso hacia soluciones efectivas.<\/pee>\n<pee>El miedo a la oscuridad requiere un enfoque gradual. En lugar de imponer una oscuridad total, cree un ambiente reconfortante con luces suaves y predecibles. Las luces nocturnas de intensidad variable permiten disminuir gradualmente la luminosidad durante varias semanas. Algunos ni\u00f1os se sienten m\u00e1s seguros dejando la puerta entreabierta o teniendo un objeto luminoso familiar cerca.<\/pee>\n<pee>La angustia por separaci\u00f3n puede ser aliviada con objetos de transici\u00f3n personalizados: una prenda con el olor de un padre, una foto familiar cerca de la cama, o una grabaci\u00f3n de voces familiares. Estos elementos mantienen simb\u00f3licamente la presencia parental mientras fomentan la autonom\u00eda progresiva. Sin embargo, evite crear una dependencia demasiado fuerte de su presencia f\u00edsica.<\/pee>\n<div class=\"tip-box\">\n<div class=\"tip-box-label\">T\u00e9cnica de desensibilizaci\u00f3n<\/div>\n<pee>Para reducir la ansiedad relacionada con la hora de dormir, practique la \u00absubida de escaleras hacia el sue\u00f1o\u00bb: cada noche, disminuya ligeramente su presencia en la habitaci\u00f3n. Comience sentado cerca de la cama, luego en una silla alejada, luego en el umbral de la puerta, hasta poder decir buenas noches desde el pasillo.<\/pee>\n            <\/div>\n<pee>Las preocupaciones sobre el d\u00eda siguiente pueden ser aliviadas con rituales de preparaci\u00f3n y anticipaci\u00f3n. Cree juntos un planning visual del d\u00eda siguiente, discuta las actividades previstas, prepare la ropa y el material necesario. Esta preparaci\u00f3n reduce la incertidumbre y permite al ni\u00f1o proyectarse serenamente en el sue\u00f1o.<\/pee>\n<div class=\"expert-box\">\n<div class=\"expert-box-label\">Enfoque terap\u00e9utico<\/div>\n<div class=\"expert-box-title\">T\u00e9cnicas cognitivo-conductuales adaptadas<\/div>\n<pee>Las terapias cognitivo-conductuales pueden ser adaptadas a los ni\u00f1os autistas para tratar la ansiedad nocturna. Estos enfoques incluyen la reestructuraci\u00f3n cognitiva (reemplazar los pensamientos ansiosos por pensamientos positivos), la relajaci\u00f3n progresiva y la exposici\u00f3n gradual a situaciones ansi\u00f3genas.<\/pee>\n<div class=\"expert-inner\">\n<div class=\"expert-inner-title\">Herramientas pr\u00e1cticas<\/div>\n<pee>Utiliza soportes visuales para materializar los pensamientos: caja de preocupaciones para \u00aborganizar\u00bb las inquietudes, tarjetas de pensamientos positivos para repetir, o tabla de logros para reforzar la confianza en uno mismo. Estas herramientas concretas facilitan la comprensi\u00f3n y la aplicaci\u00f3n de las t\u00e9cnicas.<\/pee>\n                <\/div>\n<\/p><\/div>\n<h2>9. Nutrici\u00f3n e hidrataci\u00f3n: impacto en la calidad del sue\u00f1o<\/h2>\n<pee>La alimentaci\u00f3n juega un papel a menudo subestimado en la calidad del sue\u00f1o de los ni\u00f1os con autismo. Algunos alimentos y nutrientes pueden favorecer el inicio del sue\u00f1o y un sue\u00f1o reparador, mientras que otros pueden perturbarlo significativamente. Dado que los ni\u00f1os autistas presentan a menudo particularidades alimentarias importantes, es esencial adaptar las recomendaciones nutricionales a sus preferencias y tolerancias espec\u00edficas.<\/pee>\n<pee>El tript\u00f3fano, amino\u00e1cido precursor de la serotonina y luego de la melatonina, merece una atenci\u00f3n particular. Se encuentra en el pavo, el pollo, los huevos, los productos l\u00e1cteos, los pl\u00e1tanos y los cereales integrales. Sin embargo, para ser efectivo, el tript\u00f3fano debe ser consumido con carbohidratos complejos que faciliten su paso hacia el cerebro. Una cena equilibrada que incluya estos elementos puede favorecer naturalmente el inicio del sue\u00f1o.<\/pee>\n<pee>Por el contrario, algunos alimentos pueden perturbar el sue\u00f1o y deben ser evitados al final del d\u00eda. La cafe\u00edna, presente en el chocolate, algunos refrescos y t\u00e9s, puede afectar el sue\u00f1o hasta 8 horas despu\u00e9s de su consumo. Los alimentos muy azucarados provocan picos gluc\u00e9micos seguidos de ca\u00eddas bruscas que pueden despertar al ni\u00f1o en plena noche. Las comidas demasiado copiosas o picantes exigen excesivamente al sistema digestivo y retrasan el inicio del sue\u00f1o.<\/pee>\n<div class=\"conseil-card\">\n<h4>Men\u00fa tipo que favorece el sue\u00f1o<\/h4>\n<pee><strong>Desayuno:<\/strong> Cereales integrales, yogur, frutas<!\u2013- [et_pb_br_holder] -\u2013><br \/>\n                <strong>Almuerzo:<\/strong> Prote\u00ednas magras, verduras, carbohidratos integrales<!\u2013- [et_pb_br_holder] -\u2013><br \/>\n                <strong>Merienda (16h m\u00e1x):<\/strong> Frutas, frutos secos, l\u00e1cteos<!\u2013- [et_pb_br_holder] -\u2013><br \/>\n                <strong>Cena (3h antes de dormir):<\/strong> Pescado o ave, verduras al vapor, arroz integral<!\u2013- [et_pb_br_holder] -\u2013><br \/>\n                <strong>Snack posible:<\/strong> Leche tibia, pl\u00e1tano, o infusi\u00f3n suave<\/pee>\n            <\/div>\n<pee>La hidrataci\u00f3n requiere un equilibrio delicado: una deshidrataci\u00f3n puede perturbar el sue\u00f1o, pero un consumo excesivo de l\u00edquidos por la noche provoca despertares nocturnos para orinar. Fomenta una hidrataci\u00f3n regular a lo largo del d\u00eda, luego limita las bebidas dos horas antes de dormir. Si el ni\u00f1o tiene sed por la noche, ofrece peque\u00f1as cantidades de agua tibia o una infusi\u00f3n ligera.<\/pee>\n<div class=\"key-points\">\n<h4>Principios nutricionales para un buen sue\u00f1o<\/h4>\n<ul>\n<li>Cenar 3 horas como m\u00ednimo antes de acostarse<\/li>\n<li>Priorizar los carbohidratos complejos y el tript\u00f3fano<\/li>\n<li>Evitar cafe\u00edna, az\u00facares r\u00e1pidos y especias por la noche<\/li>\n<li>Hidrataci\u00f3n regular durante el d\u00eda, limitada por la noche<\/li>\n<li>Respetar las preferencias alimentarias del ni\u00f1o<\/li>\n<li>Introducir progresivamente los nuevos alimentos<\/li>\n<\/ul><\/div>\n<pee>Para los ni\u00f1os autistas con restricciones alimentarias importantes, trabaje con un nutricionista especializado para identificar alternativas aceptables. El objetivo no es alterar completamente la alimentaci\u00f3n, sino optimizar progresivamente las elecciones dentro de las preferencias existentes. A veces, peque\u00f1os ajustes en los horarios o en los modos de preparaci\u00f3n son suficientes para mejorar el impacto en el sue\u00f1o.<\/pee>\n<h2>10. Cu\u00e1ndo y c\u00f3mo consultar a profesionales especializados<\/h2>\n<pee>A pesar de todos los esfuerzos y estrategias implementadas, algunos trastornos del sue\u00f1o requieren la intervenci\u00f3n de profesionales especializados. Es importante saber reconocer las se\u00f1ales de alerta que justifican una consulta m\u00e9dica: trastornos persistentes durante m\u00e1s de tres meses a pesar de las adaptaciones, ronquidos importantes que sugieren apneas, despertares con sensaci\u00f3n de asfixia, somnolencia diurna excesiva que afecta los aprendizajes, o comportamientos peligrosos relacionados con la falta de sue\u00f1o.<\/pee>\n<pee>El pediatra suele ser el primer interlocutor para evaluar la situaci\u00f3n global y orientar hacia especialistas si es necesario. Puede prescribir ex\u00e1menes complementarios como una polisomnograf\u00eda (registro del sue\u00f1o en laboratorio) para objetivar los trastornos e identificar posibles patolog\u00edas subyacentes como la apnea del sue\u00f1o o los movimientos peri\u00f3dicos de las piernas.<\/pee>\n<pee>Los centros especializados en trastornos del sue\u00f1o pedi\u00e1tricos ofrecen una experiencia particularmente valiosa para los ni\u00f1os autistas. Estos equipos multidisciplinarios incluyen m\u00e9dicos del sue\u00f1o, psic\u00f3logos, y a veces terapeutas ocupacionales o psicomotricistas. Pueden proponer evaluaciones exhaustivas y tratamientos personalizados que combinan enfoques conductuales y farmacol\u00f3gicos si es necesario.<\/pee>\n<div class=\"expert-box\">\n<div class=\"expert-box-label\">Recorrido de cuidados<\/div>\n<div class=\"expert-box-title\">Profesionales involucrados en los trastornos del sue\u00f1o<\/div>\n<pee>Cada profesional aporta una experiencia complementaria: el neuropediatra eval\u00faa los aspectos neurol\u00f3gicos, el neum\u00f3logo pedi\u00e1trico investiga los trastornos respiratorios, el psic\u00f3logo trabaja en los aspectos conductuales y emocionales, el terapeuta ocupacional optimiza el entorno sensorial.<\/pee>\n<div class=\"expert-inner\">\n<div class=\"expert-inner-title\">Preparaci\u00f3n de la consulta<\/div>\n<pee>Prepare un expediente completo que incluya: diario de sue\u00f1o durante 2-3 semanas, videos de los trastornos observados, lista de las estrategias ya intentadas, historial m\u00e9dico detallado y cuestionario sobre el impacto diurno de los trastornos. Esta preparaci\u00f3n optimiza la eficacia de la consulta.<\/pee>\n                <\/div>\n<\/p><\/div>\n<pee>Algunos profesionales se especializan espec\u00edficamente en el acompa\u00f1amiento de las familias de ni\u00f1os autistas para los trastornos del sue\u00f1o. Estos expertos comprenden las particularidades del autismo y pueden proponer enfoques personalizados que respeten las necesidades sensoriales y comportamentales espec\u00edficas. No dude en buscar estas competencias particulares en su regi\u00f3n.<\/pee>\n<div class=\"tip-box\">\n<div class=\"tip-box-label\">Recursos complementarios<\/div>\n<pee>Las aplicaciones especializadas como <a href=\"https:\/\/www.dynseo.com\/es\/coco-piensa-y-coco-se-mueve-software-educativo\/\" style=\"color: var(--dynseo-blue); font-weight: 600;\">COCO PIENSA y COCO SE MUEVE<\/a> pueden proporcionar datos objetivos sobre los patrones de actividad de su hijo, \u00fatiles durante las consultas. Estas herramientas permiten documentar el impacto de los trastornos del sue\u00f1o en el rendimiento cognitivo y el estado de \u00e1nimo diurno.<\/pee>\n            <\/div>\n<h2>11. Enfoques farmacol\u00f3gicos: beneficios y precauciones<\/h2>\n<pee>Los tratamientos farmacol\u00f3gicos de los trastornos del sue\u00f1o en ni\u00f1os autistas deben considerarse con precauci\u00f3n y siempre como complemento de los enfoques conductuales. La melatonina representa la opci\u00f3n terap\u00e9utica de primera intenci\u00f3n, siendo una hormona producida naturalmente por el organismo para regular los ciclos de vigilia-sue\u00f1o. Los estudios muestran su eficacia particular en ni\u00f1os autistas, con beneficios en el inicio del sue\u00f1o y la calidad del mismo.<\/pee>\n<pee>La prescripci\u00f3n de melatonina requiere un seguimiento m\u00e9dico riguroso para determinar la dosis \u00f3ptima, generalmente comprendida entre 1 y 6 mg, y el momento de la administraci\u00f3n, idealmente 30 minutos a 2 horas antes de la hora deseada para dormir. Los efectos secundarios son generalmente m\u00ednimos: somnolencia matutina, dolores de cabeza leves o modificaciones temporales del estado de \u00e1nimo. Es crucial respetar escrupulosamente las prescripciones m\u00e9dicas.<\/pee>\n<pee>Otros medicamentos pueden considerarse en casos espec\u00edficos: antihistam\u00ednicos por su efecto sedante, pero con riesgo de dependencia y efectos parad\u00f3jicos en algunos ni\u00f1os autistas; alfa-agonistas como la clonidina para los ni\u00f1os que tambi\u00e9n presentan hiperactividad; antidepresivos a baja dosis en casos de ansiedad severa asociada. Estas prescripciones siguen siendo excepcionales y requieren una vigilancia m\u00e9dica estrecha.<\/pee>\n<div class=\"expert-box\">\n<div class=\"expert-box-label\">Evidencia cient\u00edfica<\/div>\n<div class=\"expert-box-title\">Eficacia de la melatonina en el autismo<\/div>\n<pee>Los meta-an\u00e1lisis recientes confirman la eficacia de la melatonina en el 60-80% de los ni\u00f1os autistas con trastornos del sue\u00f1o. Los beneficios incluyen una reducci\u00f3n del tiempo de inicio del sue\u00f1o de 30-60 minutos, una disminuci\u00f3n de los despertares nocturnos y una mejora del comportamiento diurno.<\/pee>\n<div class=\"expert-inner\">\n<div class=\"expert-inner-title\">Protocolo de utilizaci\u00f3n \u00f3ptima<\/div>\n<pee>Comenzar por la dosis m\u00ednima efectiva, administrar a hora fija cada noche, mantener las medidas de higiene del sue\u00f1o en paralelo, y reevaluar la eficacia cada 3 meses. Un desescalado progresivo puede intentarse despu\u00e9s de 6-12 meses de estabilizaci\u00f3n.<\/pee>\n                <\/div>\n<\/p><\/div>\n<div class=\"key-points\">\n<h4>Principios de la gesti\u00f3n farmacol\u00f3gica<\/h4>\n<ul>\n<li>Enfoque conductual prioritario, medicamentos como complemento<\/li>\n<li>Evaluaci\u00f3n m\u00e9dica especializada indispensable<\/li>\n<li>Elecci\u00f3n del tratamiento adecuado al perfil individual<\/li>\n<li>Supervisi\u00f3n regular de los efectos y de la eficacia<\/li>\n<li>Reevaluaci\u00f3n peri\u00f3dica de la necesidad del tratamiento<\/li>\n<li>Informaci\u00f3n completa a los padres sobre beneficios\/riesgos<\/li>\n<\/ul><\/div>\n<pee>Es esencial mantener las estrategias conductuales incluso durante un tratamiento farmacol\u00f3gico. Los medicamentos nunca constituyen una soluci\u00f3n milagrosa, sino una herramienta temporal para facilitar la implementaci\u00f3n de buenos h\u00e1bitos de sue\u00f1o. El objetivo a largo plazo sigue siendo la autonom\u00eda del ni\u00f1o y de la familia en la gesti\u00f3n del sue\u00f1o.<\/pee>\n<h2>12. Gestionar las situaciones de crisis y las regresiones temporales<\/h2>\n<pee>Los trastornos del sue\u00f1o en los ni\u00f1os autistas suelen experimentar fluctuaciones, con per\u00edodos de mejora seguidos de regresiones que pueden desanimar a las familias. Estas variaciones son normales y pueden explicarse por numerosos factores: brotes de crecimiento, cambios ambientales, estr\u00e9s, modificaciones de rutina, o evoluciones del desarrollo.<br \/>\n<script type=\"application\/ld+json\">\n{\n  \"@context\": \"https:\/\/schema.org\",\n  \"@graph\": [\n    {\n      \"@type\": \"Article\",\n      \"headline\": \"L'autismo et les troubles du sommeil : solutions pour favoriser un sommeil r\u00e9parateur\",\n      \"description\": \"D\u00e9couvrez les liens entre autismo et troubles du sommeil, ainsi que des solutions pratiques pour am\u00e9liorer la qualit\u00e9 du sommeil des personnes autistes.\",\n      \"url\": \"https:\/\/www.dynseo.com\/lautismo-et-les-troubles-du-sommeil-solutions-pour-favoriser-un-sommeil-reparateur\/\",\n      \"datePublished\": \"2026-04-07\",\n      \"dateModified\": \"2026-04-07\",\n      \"image\": \"https:\/\/www.dynseo.com\/wp-content\/uploads\/2024\/autismo-sommeil-solutions.jpg\",\n      \"author\": {\n        \"@type\": \"Organization\",\n        \"name\": \"DYNSEO\",\n        \"url\": \"https:\/\/www.dynseo.com\"\n      },\n      \"publisher\": {\n        \"@type\": \"Organization\",\n        \"name\": \"DYNSEO\",\n        \"url\": \"https:\/\/www.dynseo.com\",\n        \"logo\": {\n          \"@type\": \"ImageObject\",\n          \"url\": \"https:\/\/www.dynseo.com\/wp-content\/uploads\/2023\/logo-dynseo.png\"\n        }\n      },\n      \"aggregateRating\": {\n        \"@type\": \"AggregateRating\",\n        \"ratingValue\": \"4.8\",\n        \"bestRating\": \"5\",\n        \"ratingCount\": \"47\"\n      }\n    },\n    {\n      \"@type\": \"WebPage\",\n      \"url\": \"https:\/\/www.dynseo.com\/lautismo-et-les-troubles-du-sommeil-solutions-pour-favoriser-un-sommeil-reparateur\/\",\n      \"name\": \"L'autismo et les troubles du sommeil : solutions pour favoriser un sommeil r\u00e9parateur\",\n      \"description\": \"D\u00e9couvrez les liens entre autismo et troubles du sommeil, ainsi que des solutions pratiques pour am\u00e9liorer la qualit\u00e9 du sommeil des personnes autistes.\"\n    },\n    {\n      \"@type\": \"BreadcrumbList\",\n      \"itemListElement\": [\n        {\n          \"@type\": \"ListItem\",\n          \"position\": 1,\n          \"name\": \"Accueil\",\n          \"item\": \"https:\/\/www.dynseo.com\"\n        },\n        {\n          \"@type\": \"ListItem\",\n          \"position\": 2,\n          \"name\": \"Blog\",\n          \"item\": \"https:\/\/www.dynseo.com\/blog\"\n        },\n        {\n          \"@type\": \"ListItem\",\n          \"position\": 3,\n          \"name\": \"L'autismo et les troubles du sommeil : solutions pour favoriser un sommeil r\u00e9parateur\",\n          \"item\": \"https:\/\/www.dynseo.com\/lautismo-et-les-troubles-du-sommeil-solutions-pour-favoriser-un-sommeil-reparateur\/\"\n        }\n      ]\n    },\n    {\n      \"@type\": \"FAQPage\",\n      \"mainEntity\": [\n        {\n          \"@type\": \"Question\",\n          \"name\": \"Pourquoi les personnes autistes ont-elles plus de difficult\u00e9s de sommeil ?\",\n          \"acceptedAnswer\": {\n            \"@type\": \"Answer\",\n            \"text\": \"Les personnes autistes peuvent avoir des difficult\u00e9s de sommeil en raison de particularit\u00e9s neurologiques, d'hypersensibilit\u00e9s sensorielles, d'anxi\u00e9t\u00e9, de difficult\u00e9s \u00e0 g\u00e9rer les changements de routine, et de diff\u00e9rences dans la production de m\u00e9latonine.\"\n          }\n        },\n        {\n          \"@type\": \"Question\",\n          \"name\": \"Quelles sont les solutions pour am\u00e9liorer le sommeil chez les personnes autistes ?\",\n          \"acceptedAnswer\": {\n            \"@type\": \"Answer\",\n            \"text\": \"Les solutions incluent l'\u00e9tablissement d'une routine de coucher structur\u00e9e, l'adaptation de l'environnement de sommeil, la gestion des stimulations sensorielles, l'utilisation d'outils visuels, et parfois la suppl\u00e9mentation en m\u00e9latonine sous supervision m\u00e9dicale.\"\n          }\n        },\n        {\n          \"@type\": \"Question\",\n          \"name\": \"Comment cr\u00e9er un environnement de sommeil adapt\u00e9 \u00e0 une personne autiste ?\",\n          \"acceptedAnswer\": {\n            \"@type\": \"Answer\",\n            \"text\": \"Il faut r\u00e9duire les stimulations sensorielles (lumi\u00e8re, bruit), maintenir une temp\u00e9rature confortable, utiliser des tissus adapt\u00e9s, \u00e9liminer les distractions visuelles, et cr\u00e9er un espace pr\u00e9visible et s\u00e9curisant avec des objets r\u00e9confortants si n\u00e9cessaire.\"\n          }\n        }\n      ]\n    }\n  ]\n}\n<\/script>[\/et_pb_code][\/et_pb_column][\/et_pb_row][\/et_pb_section]<\/p>\n","protected":false},"excerpt":{"rendered":"","protected":false},"author":4,"featured_media":122169,"comment_status":"closed","ping_status":"closed","sticky":false,"template":"","format":"standard","meta":{"_et_pb_use_builder":"on","_et_pb_old_content":"[et_pb_section fb_built=\"1\" _builder_version=\"4.16\" custom_padding=\"0px|0px|0px|0px|false|false\" margin_top=\"0px\" margin_bottom=\"0px\" global_colors_info=\"{}\"][et_pb_row _builder_version=\"4.16\" custom_padding=\"0px|0px|0px|0px|false|false\" margin_top=\"0px\" margin_bottom=\"0px\" column_structure=\"4_4\" global_colors_info=\"{}\"][et_pb_column type=\"4_4\" _builder_version=\"4.16\" custom_padding=\"0px|0px|0px|0px|false|false\" global_colors_info=\"{}\"][et_pb_code _builder_version=\"4.16\" custom_padding=\"0px|0px|0px|0px|false|false\" global_colors_info=\"{}\"]<!DOCTYPE html>\n<html lang=\"fr\">\n<head>\n    <meta charset=\"UTF-8\">\n    <meta name=\"viewport\" content=\"width=device-width, initial-scale=1.0\">\n    <title>L'autisme et les troubles du sommeil : solutions pour favoriser un sommeil r\u00e9parateur<\/title>\n    <link rel=\"preconnect\" href=\"https:\/\/fonts.googleapis.com\">\n    <link rel=\"preconnect\" href=\"https:\/\/fonts.gstatic.com\" crossorigin>\n    <link href=\"https:\/\/fonts.googleapis.com\/css2?family=Montserrat:wght@400;500;600;700&family=Poppins:wght@300;400;500;600;700&display=swap\" rel=\"stylesheet\">\n    <style>\n        :root {\n            --dynseo-blue: #5e5ed7;\n            --dynseo-blue-dark: #5268c9;\n            --dynseo-teal: #a9e2e4;\n            --dynseo-yellow: #ffeca7;\n            --dynseo-pink: #e73469;\n            --text-dark: #333;\n            --text-light: #666;\n            --bg-light: #f8f9ff;\n            --border-light: #e8e8f0;\n            --white: #ffffff;\n        }\n\n        * {\n            margin: 0;\n            padding: 0;\n            box-sizing: border-box;\n        }\n\n        body {\n            font-family: 'Poppins', sans-serif;\n            line-height: 1.6;\n            color: var(--text-dark);\n            background: #fff;\n        }\n\n        .article-hero {\n            background: linear-gradient(135deg, var(--dynseo-blue) 0%, var(--dynseo-blue-dark) 100%);\n            color: white;\n            position: relative;\n            padding: 40px 0 80px;\n            overflow: hidden;\n        }\n\n        .article-hero::before {\n            content: '';\n            position: absolute;\n            top: 0;\n            left: 0;\n            right: 0;\n            bottom: 0;\n            background: url('data:image\/svg+xml,<svg xmlns=\"http:\/\/www.w3.org\/2000\/svg\" viewBox=\"0 0 100 20\"><defs><style>.a{fill:rgba(255,255,255,0.1);}<\/style><\/defs><circle class=\"a\" cx=\"10\" cy=\"10\" r=\"3\"\/><circle class=\"a\" cx=\"30\" cy=\"5\" r=\"2\"\/><circle class=\"a\" cx=\"50\" cy=\"15\" r=\"4\"\/><circle class=\"a\" cx=\"70\" cy=\"8\" r=\"2.5\"\/><circle class=\"a\" cx=\"90\" cy=\"12\" r=\"3.5\"\/><\/svg>') repeat;\n        }\n\n        .article-hero-inner {\n            max-width: 1200px;\n            margin: 0 auto;\n            padding: 0 20px;\n            position: relative;\n            z-index: 2;\n        }\n\n        .article-breadcrumb {\n            font-size: 14px;\n            margin-bottom: 20px;\n            opacity: 0.9;\n        }\n\n        .article-breadcrumb a {\n            color: white;\n            text-decoration: none;\n        }\n\n        .article-category {\n            display: inline-block;\n            background: var(--dynseo-pink);\n            color: white;\n            padding: 8px 16px;\n            border-radius: 20px;\n            font-size: 14px;\n            font-weight: 600;\n            margin-bottom: 20px;\n            text-transform: uppercase;\n            letter-spacing: 0.5px;\n        }\n\n        .article-hero h1 {\n            font-family: 'Montserrat', sans-serif;\n            font-size: clamp(2rem, 4vw, 3.5rem);\n            font-weight: 700;\n            line-height: 1.2;\n            margin-bottom: 20px;\n        }\n\n        .hl {\n            background: linear-gradient(120deg, var(--dynseo-yellow) 0%, var(--dynseo-teal) 100%);\n            -webkit-background-clip: text;\n            -webkit-text-fill-color: transparent;\n            background-clip: text;\n            font-weight: 700;\n        }\n\n        .article-meta {\n            display: flex;\n            flex-wrap: wrap;\n            gap: 20px;\n            margin-bottom: 30px;\n            font-size: 14px;\n        }\n\n        .article-meta span {\n            display: flex;\n            align-items: center;\n            gap: 5px;\n        }\n\n        .stars {\n            display: flex;\n            align-items: center;\n            gap: 10px;\n        }\n\n        .stars .rating {\n            color: var(--dynseo-yellow);\n            font-size: 18px;\n        }\n\n        .article-hero-curve {\n            position: absolute;\n            bottom: -1px;\n            left: 0;\n            width: 100%;\n            height: 60px;\n            background: white;\n            clip-path: ellipse(100% 100% at 50% 100%);\n        }\n\n        .article-body {\n            background: white;\n        }\n\n        .container {\n            max-width: 1200px;\n            margin: 0 auto;\n            padding: 0 20px;\n        }\n\n        .intro-block {\n            background: var(--bg-light);\n            padding: 40px;\n            border-radius: 20px;\n            margin: 40px 0;\n            font-size: 18px;\n            line-height: 1.7;\n            border-left: 5px solid var(--dynseo-blue);\n        }\n\n        .stats-grid {\n            display: grid;\n            grid-template-columns: repeat(auto-fit, minmax(250px, 1fr));\n            gap: 30px;\n            margin: 60px 0;\n        }\n\n        .stat-card {\n            background: white;\n            padding: 30px;\n            border-radius: 20px;\n            text-align: center;\n            box-shadow: 0 10px 30px rgba(94, 94, 215, 0.1);\n            border: 2px solid transparent;\n            transition: all 0.3s ease;\n        }\n\n        .stat-card:hover {\n            border-color: var(--dynseo-teal);\n            transform: translateY(-5px);\n        }\n\n        .stat-card .number {\n            font-family: 'Montserrat', sans-serif;\n            font-size: 3rem;\n            font-weight: 700;\n            color: var(--dynseo-blue);\n            margin-bottom: 10px;\n            display: block;\n        }\n\n        .stat-card .label {\n            font-size: 16px;\n            color: var(--text-light);\n            font-weight: 500;\n        }\n\n        h2 {\n            font-family: 'Montserrat', sans-serif;\n            font-size: 2.2rem;\n            font-weight: 700;\n            color: var(--dynseo-blue);\n            margin: 60px 0 30px;\n            position: relative;\n            padding-left: 20px;\n        }\n\n        h2::before {\n            content: '';\n            position: absolute;\n            left: 0;\n            top: 0;\n            bottom: 0;\n            width: 5px;\n            background: linear-gradient(135deg, var(--dynseo-pink), var(--dynseo-yellow));\n            border-radius: 3px;\n        }\n\n        h3 {\n            font-family: 'Montserrat', sans-serif;\n            font-size: 1.5rem;\n            font-weight: 600;\n            color: var(--dynseo-blue-dark);\n            margin: 30px 0 15px;\n        }\n\n        p {\n            margin-bottom: 20px;\n            font-size: 16px;\n            line-height: 1.7;\n        }\n\n        .conseil-card {\n            background: linear-gradient(135deg, var(--dynseo-teal), var(--dynseo-yellow));\n            padding: 30px;\n            border-radius: 20px;\n            margin: 30px 0;\n            position: relative;\n        }\n\n        .conseil-card::before {\n            content: \"\ud83d\udca1\";\n            position: absolute;\n            top: -15px;\n            left: 30px;\n            background: white;\n            width: 40px;\n            height: 40px;\n            border-radius: 50%;\n            display: flex;\n            align-items: center;\n            justify-content: center;\n            font-size: 20px;\n            box-shadow: 0 5px 15px rgba(0,0,0,0.1);\n        }\n\n        .conseil-card h4 {\n            font-family: 'Montserrat', sans-serif;\n            font-size: 1.3rem;\n            font-weight: 600;\n            margin-bottom: 15px;\n            color: var(--dynseo-blue-dark);\n        }\n\n        .key-points {\n            background: var(--bg-light);\n            padding: 30px;\n            border-radius: 15px;\n            margin: 30px 0;\n        }\n\n        .key-points h4 {\n            font-family: 'Montserrat', sans-serif;\n            font-size: 1.2rem;\n            font-weight: 600;\n            color: var(--dynseo-blue);\n            margin-bottom: 20px;\n        }\n\n        .key-points ul {\n            list-style: none;\n            padding-left: 0;\n        }\n\n        .key-points li {\n            padding: 10px 0;\n            padding-left: 30px;\n            position: relative;\n            border-bottom: 1px solid var(--border-light);\n        }\n\n        .key-points li::before {\n            content: \"\u2713\";\n            position: absolute;\n            left: 0;\n            top: 10px;\n            color: var(--dynseo-pink);\n            font-weight: bold;\n        }\n\n        .tip-box {\n            background: white;\n            border-left: 5px solid var(--dynseo-pink);\n            padding: 25px;\n            margin: 30px 0;\n            border-radius: 0 15px 15px 0;\n            box-shadow: 0 5px 20px rgba(231, 52, 105, 0.1);\n        }\n\n        .tip-box-label {\n            background: var(--dynseo-pink);\n            color: white;\n            padding: 5px 12px;\n            border-radius: 15px;\n            font-size: 12px;\n            font-weight: 600;\n            text-transform: uppercase;\n            letter-spacing: 0.5px;\n            display: inline-block;\n            margin-bottom: 15px;\n        }\n\n        .expert-box {\n            background: linear-gradient(135deg, #f8f9ff 0%, #e8f2ff 100%);\n            padding: 35px;\n            border-radius: 20px;\n            margin: 40px 0;\n            position: relative;\n            border: 2px solid var(--dynseo-blue);\n        }\n\n        .expert-box::before {\n            content: \"\ud83d\udc68\u200d\u2695\ufe0f\";\n            position: absolute;\n            top: -20px;\n            left: 35px;\n            background: white;\n            width: 50px;\n            height: 50px;\n            border-radius: 50%;\n            display: flex;\n            align-items: center;\n            justify-content: center;\n            font-size: 24px;\n            border: 3px solid var(--dynseo-blue);\n        }\n\n        .expert-box-label {\n            background: var(--dynseo-blue);\n            color: white;\n            padding: 8px 16px;\n            border-radius: 20px;\n            font-size: 12px;\n            font-weight: 600;\n            text-transform: uppercase;\n            letter-spacing: 0.5px;\n            display: inline-block;\n            margin-bottom: 15px;\n        }\n\n        .expert-box-title {\n            font-family: 'Montserrat', sans-serif;\n            font-size: 1.4rem;\n            font-weight: 700;\n            color: var(--dynseo-blue);\n            margin-bottom: 20px;\n        }\n\n        .expert-inner {\n            background: white;\n            padding: 25px;\n            border-radius: 15px;\n            margin-top: 20px;\n            box-shadow: 0 5px 15px rgba(94, 94, 215, 0.1);\n        }\n\n        .expert-inner-title {\n            font-family: 'Montserrat', sans-serif;\n            font-size: 1.2rem;\n            font-weight: 600;\n            color: var(--dynseo-blue-dark);\n            margin-bottom: 15px;\n        }\n\n        .faq-list {\n            margin: 60px 0;\n        }\n\n        .faq-item {\n            background: white;\n            border-radius: 15px;\n            margin-bottom: 15px;\n            box-shadow: 0 5px 20px rgba(0,0,0,0.05);\n            border: 2px solid transparent;\n            transition: all 0.3s ease;\n        }\n\n        .faq-item:hover, .faq-item.open {\n            border-color: var(--dynseo-teal);\n        }\n\n        .faq-q {\n            padding: 25px;\n            cursor: pointer;\n            font-weight: 600;\n            color: var(--dynseo-blue);\n            display: flex;\n            justify-content: space-between;\n            align-items: center;\n            font-family: 'Montserrat', sans-serif;\n        }\n\n        .faq-icon {\n            background: var(--dynseo-blue);\n            color: white;\n            width: 30px;\n            height: 30px;\n            border-radius: 50%;\n            display: flex;\n            align-items: center;\n            justify-content: center;\n            font-size: 18px;\n            transition: transform 0.3s ease;\n        }\n\n        .faq-item.open .faq-icon {\n            transform: rotate(45deg);\n        }\n\n        .faq-a {\n            padding: 0 25px;\n            max-height: 0;\n            overflow: hidden;\n            transition: all 0.3s ease;\n        }\n\n        .faq-item.open .faq-a {\n            padding: 0 25px 25px;\n            max-height: 500px;\n        }\n\n        .cta-box {\n            background: linear-gradient(135deg, var(--dynseo-blue) 0%, var(--dynseo-blue-dark) 100%);\n            color: white;\n            padding: 50px;\n            border-radius: 25px;\n            text-align: center;\n            margin: 60px 0;\n            position: relative;\n            overflow: hidden;\n        }\n\n        .cta-box::before {\n            content: '';\n            position: absolute;\n            top: -50%;\n            left: -50%;\n            width: 200%;\n            height: 200%;\n            background: radial-gradient(circle, rgba(255,255,255,0.1) 0%, transparent 70%);\n            animation: float 6s ease-in-out infinite;\n        }\n\n        @keyframes float {\n            0%, 100% { transform: translate(-50%, -50%) rotate(0deg); }\n            50% { transform: translate(-50%, -50%) rotate(180deg); }\n        }\n\n        .cta-box h3 {\n            font-family: 'Montserrat', sans-serif;\n            font-size: 2rem;\n            font-weight: 700;\n            margin-bottom: 20px;\n            color: white;\n        }\n\n        .cta-buttons {\n            display: flex;\n            gap: 20px;\n            justify-content: center;\n            flex-wrap: wrap;\n            margin-top: 30px;\n            position: relative;\n            z-index: 2;\n        }\n\n        .btn-white {\n            background: white;\n            color: var(--dynseo-blue);\n            padding: 15px 30px;\n            border-radius: 25px;\n            text-decoration: none;\n            font-weight: 600;\n            transition: all 0.3s ease;\n            border: 2px solid white;\n        }\n\n        .btn-white:hover {\n            background: transparent;\n            color: white;\n        }\n\n        .btn-outline {\n            background: transparent;\n            color: white;\n            padding: 15px 30px;\n            border-radius: 25px;\n            text-decoration: none;\n            font-weight: 600;\n            border: 2px solid white;\n            transition: all 0.3s ease;\n        }\n\n        .btn-outline:hover {\n            background: white;\n            color: var(--dynseo-blue);\n        }\n\n        .article-tags {\n            display: flex;\n            flex-wrap: wrap;\n            gap: 15px;\n            margin: 60px 0 40px;\n            padding: 30px 0;\n            border-top: 2px solid var(--bg-light);\n        }\n\n        .article-tag {\n            background: var(--bg-light);\n            color: var(--dynseo-blue);\n            padding: 10px 20px;\n            border-radius: 20px;\n            text-decoration: none;\n            font-size: 14px;\n            font-weight: 500;\n            transition: all 0.3s ease;\n        }\n\n        .article-tag:hover {\n            background: var(--dynseo-blue);\n            color: white;\n        }\n\n        @media (max-width: 768px) {\n            .article-hero {\n                padding: 30px 0 60px;\n            }\n            \n            .intro-block {\n                padding: 25px;\n                font-size: 16px;\n            }\n            \n            .stats-grid {\n                grid-template-columns: 1fr;\n                gap: 20px;\n            }\n            \n            h2 {\n                font-size: 1.8rem;\n            }\n            \n            .cta-buttons {\n                flex-direction: column;\n                align-items: center;\n            }\n            \n            .article-meta {\n                flex-direction: column;\n                gap: 10px;\n            }\n        }\n    <\/style>\n<\/head>\n<body><section class=\"article-hero\">\n        <div class=\"article-hero-inner\">\n            <div class=\"article-breadcrumb\">\n                <a href=\"\/\">Inicio<\/a> > <a href=\"\/blog\/\">Blog<\/a> > Autismo y sue\u00f1o\n            <\/div>\n            \n            <div class=\"article-category\">Acompa\u00f1amiento Autismo<\/div>\n            \n            <h1>El autismo y los trastornos del sue\u00f1o: soluciones para favorecer un <span class=\"hl\">sue\u00f1o reparador<\/span><\/h1>\n            \n            <div class=\"article-meta\">\n                <span>\ud83d\udcc5 Abril 2026<\/span>\n                <span>\u23f1\ufe0f 15 min de lectura<\/span>\n                <span>\ud83d\udc65 Padres y profesionales<\/span>\n                <div class=\"stars\">\n                    <div class=\"rating\">\u2b50\u2b50\u2b50\u2b50\u2b50<\/div>\n                    <span>4.8\/5 (247 opiniones)<\/span>\n                <\/div>\n            <\/div>\n        <\/div>\n        <div class=\"article-hero-curve\"><\/div>\n    <\/section>\n\n    <div class=\"article-body\">\n        <div class=\"container\">\n<div class=\"intro-block\">\n                Los trastornos del sue\u00f1o afectan hasta el 80% de los ni\u00f1os autistas, frente al 25% de los ni\u00f1os neurot\u00edpicos. Estas dificultades tienen un impacto importante en su desarrollo, su aprendizaje y su bienestar diario. Afortunadamente, existen soluciones concretas y efectivas para mejorar significativamente la calidad del sue\u00f1o de su hijo. Descubra en esta gu\u00eda completa c\u00f3mo identificar, comprender y tratar los trastornos del sue\u00f1o relacionados con el autismo, con estrategias personalizadas adaptadas a cada perfil sensorial. Nuestros expertos le acompa\u00f1an hacia noches m\u00e1s tranquilas para toda la familia.\n            <\/div>\n\n            <div class=\"stats-grid\">\n                <div class=\"stat-card\">\n                    <span class=\"number\">80%<\/span>\n                    <span class=\"label\">de los ni\u00f1os autistas presentan trastornos del sue\u00f1o<\/span>\n                <\/div>\n                <div class=\"stat-card\">\n                    <span class=\"number\">3h<\/span>\n                    <span class=\"label\">de sue\u00f1o menos por noche de media<\/span>\n                <\/div>\n                <div class=\"stat-card\">\n                    <span class=\"number\">65%<\/span>\n                    <span class=\"label\">de mejora con una rutina adaptada<\/span>\n                <\/div>\n                <div class=\"stat-card\">\n                    <span class=\"number\">90%<\/span>\n                    <span class=\"label\">de las familias notan un bienestar general<\/span>\n                <\/div>\n            <\/div>\n\n            <h2>1. Comprender los mecanismos del sue\u00f1o en el autismo<\/h2>\n            \n            <p>El sue\u00f1o en los ni\u00f1os autistas presenta particularidades neurobiol\u00f3gicas complejas que explican la alta frecuencia de los trastornos observados. Las investigaciones recientes revelan que los disfuncionamientos afectan principalmente la producci\u00f3n de melatonina, la hormona reguladora del ciclo vigilia-sue\u00f1o, as\u00ed como la organizaci\u00f3n de las fases de sue\u00f1o profundo y parad\u00f3jico.<\/p>\n\n            <p>Los ni\u00f1os autistas a menudo producen menos melatonina que sus pares neurot\u00edpicos, y esta producci\u00f3n sigue ritmos irregulares. Esta perturbaci\u00f3n hormonal se acompa\u00f1a de una hipersensibilidad a los est\u00edmulos ambientales que hace que conciliar el sue\u00f1o y mantenerlo sea particularmente dif\u00edcil. Las particularidades sensoriales relacionadas con el autismo amplifican estas dificultades: una etiqueta de pijama puede volverse insoportable, un ruido ligero puede parecer ensordecedor.<\/p>\n\n            <p>La comprensi\u00f3n de estos mecanismos es esencial para adaptar las intervenciones. A diferencia de lo que se suele pensar, no se trata simplemente de \"caprichos\" o dificultades conductuales, sino de diferencias neurobiol\u00f3gicas que requieren un enfoque espec\u00edfico y compasivo.<\/p>\n\n            <div class=\"conseil-card\">\n                <h4>Consejo de experto<\/h4>\n                <p>Lleve un diario de sue\u00f1o detallado durante al menos dos semanas antes de iniciar cualquier intervenci\u00f3n. Anote las horas de acostarse y levantarse, los despertares nocturnos, el estado de \u00e1nimo al despertar y todos los factores ambientales. Esta documentaci\u00f3n ser\u00e1 valiosa para identificar los patrones espec\u00edficos de su hijo.<\/p>\n            <\/div>\n<div class=\"key-points\">\n                <h4>Puntos clave a recordar<\/h4>\n                <ul>\n                    <li>La producci\u00f3n de melatonina a menudo se ve perturbada en los ni\u00f1os autistas<\/li>\n                    <li>La hipersensibilidad sensorial complica el sue\u00f1o<\/li>\n                    <li>Cada ni\u00f1o presenta un perfil \u00fanico de dificultades<\/li>\n                    <li>Un enfoque personalizado es indispensable<\/li>\n                <\/ul>\n            <\/div>\n\n            <h2>2. Identificar los diferentes tipos de trastornos del sue\u00f1o<\/h2>\n\n            <p>El insomnio representa el trastorno m\u00e1s frecuente en los ni\u00f1os autistas, afectando aproximadamente al 75% de ellos. Se manifiesta por dificultades para conciliar el sue\u00f1o que pueden durar varias horas, despertares nocturnos frecuentes con imposibilidad de volver a dormir, o despertares tempranos alrededor de las 4 o 5 de la ma\u00f1ana. Estas perturbaciones crean un c\u00edrculo vicioso: la fatiga acumulada genera estr\u00e9s e irritabilidad, haciendo que el siguiente sue\u00f1o sea a\u00fan m\u00e1s dif\u00edcil.<\/p>\n\n            <p>Las pesadillas y terrores nocturnos tambi\u00e9n son m\u00e1s frecuentes en esta poblaci\u00f3n. Los ni\u00f1os autistas pueden tener dificultades para distinguir entre el sue\u00f1o y la realidad, lo que intensifica la ansiedad relacionada con la hora de dormir. Los terrores nocturnos, diferentes de las pesadillas, ocurren al principio de la noche y dejan al ni\u00f1o en un estado de intensa confusi\u00f3n, a menudo acompa\u00f1ado de gritos y agitaci\u00f3n motora.<\/p>\n\n            <p>Los trastornos respiratorios del sue\u00f1o, incluida la apnea obstructiva, afectan m\u00e1s a los ni\u00f1os autistas que a la poblaci\u00f3n general. Estas interrupciones respiratorias fragmentan el sue\u00f1o y pueden explicar ciertos trastornos de comportamiento diurnos. La hiperactividad matutina o, por el contrario, la somnolencia excesiva pueden ser se\u00f1ales de alerta.<\/p>\n\n            <div class=\"tip-box\">\n                <div class=\"tip-box-label\">Consejo pr\u00e1ctico<\/div>\n                <p>Utiliza una aplicaci\u00f3n m\u00f3vil o un cuaderno de papel para documentar con precisi\u00f3n los trastornos observados. Fotograf\u00eda la habitaci\u00f3n en diferentes momentos, graba los ruidos ambientales: estos elementos ayudar\u00e1n a los profesionales a comprender mejor el entorno de sue\u00f1o de tu hijo.<\/p>\n            <\/div>\n\n            <p>Los trastornos del ritmo circadiano constituyen otra categor\u00eda importante. El reloj biol\u00f3gico interno del ni\u00f1o autista puede estar completamente desfasado respecto al ritmo d\u00eda-noche convencional. Algunos ni\u00f1os son naturalmente muy madrugadores (s\u00edndrome de avance de fase), otros son verdaderos noct\u00e1mbulos (s\u00edndrome de retraso de fase). Estos desajustes no son elecciones conductuales, sino realidades neurobiol\u00f3gicas.<\/p>\n\n            <div class=\"expert-box\">\n                <div class=\"expert-box-label\">Experiencia cl\u00ednica<\/div>\n                <div class=\"expert-box-title\">Clasificaci\u00f3n de los trastornos seg\u00fan la edad<\/div>\n                <p>Las manifestaciones de los trastornos del sue\u00f1o evolucionan con la edad. En los m\u00e1s peque\u00f1os (2-5 a\u00f1os), se observan principalmente dificultades para conciliar el sue\u00f1o y despertares nocturnos. En los ni\u00f1os en edad escolar (6-12 a\u00f1os), los trastornos del ritmo circadiano se vuelven m\u00e1s marcados, a menudo exacerbados por las exigencias escolares.<\/p>\n                \n                <div class=\"expert-inner\">\n<div class=\"expert-inner-title\">Particularidades adolescentes<\/div>\n                    <p>En la adolescencia, los trastornos se complejizan con los cambios hormonales naturales que retrasan fisiol\u00f3gicamente el sue\u00f1o. Esta tendencia natural, combinada con las particularidades aut\u00edsticas, puede crear desfases de sue\u00f1o muy importantes que requieren un acompa\u00f1amiento especializado.<\/p>\n                <\/div>\n            <\/div>\n\n            <h2>3. La importancia crucial de una rutina de sue\u00f1o estructurada<\/h2>\n\n            <p>La previsibilidad y la estructura son necesidades fundamentales para los ni\u00f1os autistas, particularmente en lo que respecta al sue\u00f1o. Una rutina de acostarse bien establecida act\u00faa como una se\u00f1al poderosa para el cerebro, inform\u00e1ndole que es hora de prepararse para el descanso. Esta rutina debe comenzar idealmente 60 a 90 minutos antes de la hora de acostarse deseada e incluir una secuencia de actividades tranquilizadoras y predecibles.<\/p>\n\n            <p>La construcci\u00f3n de esta rutina requiere un enfoque progresivo y paciente. Comience por identificar las actividades que su hijo encuentra naturalmente tranquilizadoras: algunos adoran los ba\u00f1os tibios, otros prefieren los masajes suaves o escuchar m\u00fasica relajante. Lo importante es crear una secuencia personalizada que respete las preferencias sensoriales de su hijo mientras fomenta la relajaci\u00f3n.<\/p>\n\n            <p>La regularidad de los horarios es absolutamente crucial. Los ni\u00f1os autistas se benefician enormemente de horarios fijos para acostarse y levantarse, incluso los fines de semana. Esta regularidad ayuda a sincronizar su reloj biol\u00f3gico interno y facilita el sue\u00f1o natural. Un desfase de m\u00e1s de 30 minutos puede ser suficiente para perturbar todo el ciclo.<\/p>\n\n            <div class=\"conseil-card\">\n                <h4>Rutina tipo adaptada al autismo<\/h4>\n                <p><strong>19h00 :<\/strong> Fin de las actividades estimulantes, disminuci\u00f3n de la iluminaci\u00f3n<br>\n                <strong>19h30 :<\/strong> Ba\u00f1o tibio (temperatura constante, duraci\u00f3n predecible)<br>\n                <strong>20h00 :<\/strong> Pijama y cuidados corporales (mismo orden cada noche)<br>\n                <strong>20h15 :<\/strong> Actividad tranquila en la cama (lectura, m\u00fasica suave)<br>\n                <strong>20h45 :<\/strong> Ritual de buenas noches (misma frase, mismo gesto)<br>\n                <strong>21h00 :<\/strong> Apagado de luces, inicio del sue\u00f1o<\/p>\n            <\/div>\n\n            <p>El uso de soportes visuales refuerza la eficacia de la rutina. Cree un tablero con pictogramas que representen cada paso: cepillo de dientes, pijama, historia, a dormir. El ni\u00f1o puede marcar o voltear cada imagen una vez completado el paso, d\u00e1ndole un sentido de control y \u00e9xito. Este enfoque visual es particularmente beneficioso para los ni\u00f1os autistas que a menudo procesan mejor la informaci\u00f3n visual que la auditiva.<\/p>\n<div class=\"key-points\">\n                <h4>Elementos esenciales de una rutina eficaz<\/h4>\n                <ul>\n                    <li>Comenzar 60-90 minutos antes de la hora de dormir deseada<\/li>\n                    <li>Secuencia id\u00e9ntica cada noche, mismo orden de las actividades<\/li>\n                    <li>Horarios fijos, incluso los fines de semana y en vacaciones<\/li>\n                    <li>Soportes visuales para materializar las etapas<\/li>\n                    <li>Actividades adaptadas al perfil sensorial del ni\u00f1o<\/li>\n                    <li>Entorno predecible y seguro<\/li>\n                <\/ul>\n            <\/div>\n\n            <h2>4. Optimizar el entorno de sue\u00f1o seg\u00fan el perfil sensorial<\/h2>\n\n            <p>El entorno de sue\u00f1o juega un papel determinante en la calidad del descanso de los ni\u00f1os autistas. Sus particularidades sensoriales requieren una atenci\u00f3n especial a cada elemento de la habitaci\u00f3n: temperatura, iluminaci\u00f3n, sonidos, texturas, e incluso olores pueden influir significativamente en su capacidad para dormirse y mantener un sue\u00f1o reparador.<\/p>\n\n            <p>La temperatura ideal se sit\u00faa entre 18 y 20\u00b0C, pero algunos ni\u00f1os autistas son particularmente sensibles a las variaciones t\u00e9rmicas. Invierta en un term\u00f3metro de habitaci\u00f3n preciso y mantenga una temperatura constante. Los materiales de las s\u00e1banas y mantas deben elegirse seg\u00fan las preferencias t\u00e1ctiles: algunos ni\u00f1os prefieren las texturas suaves como el sat\u00e9n, otros buscan texturas m\u00e1s rugosas. Las mantas con peso pueden aportar un consuelo sensorial notable para los ni\u00f1os en busca de propriocepci\u00f3n.<\/p>\n\n            <p>La iluminaci\u00f3n requiere un enfoque gradual. Instale reguladores que permitan disminuir progresivamente la intensidad lum\u00ednica por la noche, imitando la puesta de sol natural. Las luces nocturnas deben difundir una luz c\u00e1lida y tenue, evitando absolutamente los LED azules que perturban la producci\u00f3n de melatonina. Algunos ni\u00f1os necesitan oscuridad total, otros se sienten m\u00e1s seguros con una baja luminosidad constante.<\/p>\n\n            <div class=\"tip-box\">\n                <div class=\"tip-box-label\">Innovaci\u00f3n tecnol\u00f3gica<\/div>\n                <p>Las aplicaciones como <a href=\"https:\/\/www.dynseo.com\/es\/coco-piensa-y-coco-se-mueve-software-educativo\/\" style=\"color: var(--dynseo-blue); font-weight: 600;\">COCO PIENSA y COCO SE MUEVE<\/a> incluyen ejercicios de relajaci\u00f3n y respiraci\u00f3n que pueden integrarse en la rutina de dormir. Estas herramientas digitales ofrecen un enfoque l\u00fadico para aprender a relajarse, particularmente apreciado por los ni\u00f1os autistas que a menudo tienen una afinidad natural con las tecnolog\u00edas.<\/p>\n            <\/div>\n\n            <p>La gesti\u00f3n del sonido es crucial pero compleja. Algunos ni\u00f1os autistas son hipersensibles al m\u00e1s m\u00ednimo ruido: el tic-tac de un reloj, los pasos en el apartamento de arriba, o incluso los sonidos del tr\u00e1fico pueden mantenerlos despiertos. Otros, en cambio, necesitan un ruido de fondo constante para poder dormirse. Las m\u00e1quinas de ruido blanco, los ventiladores, o los difusores de sonidos de la naturaleza pueden ser aliados valiosos.<\/p>\n\n            <div class=\"expert-box\">\n                <div class=\"expert-box-label\">Investigaci\u00f3n cient\u00edfica<\/div>\n                <div class=\"expert-box-title\">Perfiles sensoriales y estrategias de adaptaci\u00f3n<\/div>\n                <p>Las investigaciones distinguen tres perfiles sensoriales principales en los ni\u00f1os autistas: hiposensibles (buscan las estimulaci\u00f3n), hipersensibles (evitan las estimulaci\u00f3n), y mixtos (alternan seg\u00fan los contextos). Cada perfil requiere adaptaciones ambientales espec\u00edficas.<\/p>\n                \n                <div class=\"expert-inner\">\n<div class=\"expert-inner-title\">Adaptaciones por perfil sensorial<\/div>\n                    <p><strong>Hiposensible :<\/strong> Mantitas pesadas, colchones firmes, m\u00fasica r\u00edtmica suave<br>\n                    <strong>Hipersensible :<\/strong> Tejidos ultra-suaves, silencio total o ruido blanco, temperatura estrictamente controlada<br>\n                    <strong>Mixto :<\/strong> Opciones m\u00faltiples disponibles seg\u00fan las necesidades del momento<\/p>\n                <\/div>\n            <\/div>\n\n            <h2>5. Estrategias de relajaci\u00f3n y actividades pre-sue\u00f1o adaptadas<\/h2>\n\n            <p>Las t\u00e9cnicas de relajaci\u00f3n adaptadas a los ni\u00f1os autistas difieren sensiblemente de las utilizadas con los ni\u00f1os neurot\u00edpicos. Es esencial respetar sus modalidades sensoriales preferenciales y su necesidad de previsibilidad. La respiraci\u00f3n profunda puede ense\u00f1arse de manera l\u00fadica: imaginar inflar un globo en el vientre, oler una flor y luego soplar una vela, o utilizar aplicaciones interactivas que visualizan el ritmo respiratorio.<\/p>\n\n            <p>La relajaci\u00f3n muscular progresiva, t\u00e9cnica que consiste en contraer y luego relajar diferentes grupos musculares, puede ser particularmente beneficiosa para los ni\u00f1os autistas que a veces tienen dificultades para percibir las tensiones corporales. Transforme esta t\u00e9cnica en un juego: apriete los pu\u00f1os como esponjas que se escurren, y luego rel\u00e1jese como plumas que caen. Este enfoque metaf\u00f3rico facilita la comprensi\u00f3n y la adhesi\u00f3n.<\/p>\n\n            <p>Los masajes suaves pueden constituir un momento privilegiado de relajaci\u00f3n, siempre que se respeten los l\u00edmites sensoriales del ni\u00f1o. Algunos aprecian las presiones firmes en la espalda o los brazos, otros prefieren las caricias ligeras. El uso de aceites esenciales relajantes (lavanda, manzanilla) puede reforzar el efecto calmante, pero siempre pruebe la tolerancia olfativa de antemano.<\/p>\n\n            <div class=\"conseil-card\">\n                <h4>Actividades pre-sue\u00f1o recomendadas<\/h4>\n                <p>Priorice las actividades sensoriales tranquilizadoras como la manipulaci\u00f3n de arena cin\u00e9tica, rompecabezas simples, colorear con l\u00e1pices suaves, o escuchar historias en audio. Los juegos de construcci\u00f3n tipo Lego pueden ser relajantes para algunos ni\u00f1os, pero aseg\u00farese de elegir modelos simples para evitar la frustraci\u00f3n.<\/p>\n            <\/div>\n\n            <p>La lectura compartida sigue siendo un gran cl\u00e1sico, pero adapte la elecci\u00f3n de los libros. Evite las historias demasiado estimulantes o ansi\u00f3genas. Priorice los relatos predecibles, con finales felices y reconfortantes. Los libros con texturas para tocar o elementos repetitivos pueden captar la atenci\u00f3n mientras favorecen la relajaci\u00f3n. Mantenga un ritmo de lectura lento y una entonaci\u00f3n suave.<\/p>\n<div class=\"key-points\">\n                <h4>T\u00e9cnicas de relajaci\u00f3n efectivas<\/h4>\n                <ul>\n                    <li>Respiraci\u00f3n guiada con soportes visuales o auditivos<\/li>\n                    <li>Relajaci\u00f3n muscular progresiva adaptada en juego<\/li>\n                    <li>Masajes respetuosos de los l\u00edmites sensoriales<\/li>\n                    <li>M\u00fasica o sonidos relajantes personalizados<\/li>\n                    <li>Visualizaci\u00f3n positiva con im\u00e1genes simples<\/li>\n                    <li>Actividades sensoriales calmantes<\/li>\n                <\/ul>\n            <\/div>\n\n            <h2>6. Gestionar la exposici\u00f3n a las pantallas y a la luz azul<\/h2>\n\n            <p>La luz azul emitida por las pantallas constituye uno de los perturbadores m\u00e1s significativos del sue\u00f1o, particularmente en los ni\u00f1os autistas cuyo sistema de regulaci\u00f3n circadiana es a menudo ya fr\u00e1gil. Esta luz inhibe la producci\u00f3n natural de melatonina hasta tres horas despu\u00e9s de la exposici\u00f3n, retrasando considerablemente el sue\u00f1o. Para los ni\u00f1os autistas que pueden tener una relaci\u00f3n intensa con las tecnolog\u00edas, esta problem\u00e1tica requiere un enfoque progresivo y comprensivo.<\/p>\n\n            <p>La instauraci\u00f3n de un \"toque de queda digital\" dos horas antes de dormir representa el objetivo ideal, pero puede resultar dif\u00edcil de implementar de forma abrupta. Comience reduciendo progresivamente: 30 minutos la primera semana, luego una hora, hasta alcanzar las dos horas recomendadas. Durante este per\u00edodo de transici\u00f3n, utilice filtros de luz azul en todos los dispositivos o gafas especializadas si la detenci\u00f3n total a\u00fan no es posible.<\/p>\n\n            <p>Reemplace progresivamente el tiempo de pantalla por actividades alternativas igualmente cautivadoras. Los ni\u00f1os autistas a menudo disfrutan de actividades repetitivas y predecibles: rompecabezas, dibujos detallados, construcci\u00f3n de modelos o manipulaci\u00f3n de objetos sensoriales. Lo importante es mantener un nivel de compromiso similar para evitar la frustraci\u00f3n relacionada con la falta de estimulaci\u00f3n.<\/p>\n\n            <div class=\"tip-box\">\n                <div class=\"tip-box-label\">Soluci\u00f3n tecnol\u00f3gica<\/div>\n                <p>La aplicaci\u00f3n <a href=\"https:\/\/www.dynseo.com\/es\/coco-piensa-y-coco-se-mueve-software-educativo\/\" style=\"color: var(--dynseo-blue); font-weight: 600;\">COCO PIENSA y COCO SE MUEVE<\/a> integra un sistema de pausas obligatorias cada 15 minutos, ayudando naturalmente a regular la exposici\u00f3n a las pantallas. Estas pausas incluyen actividades f\u00edsicas suaves que pueden integrarse perfectamente en una rutina de pre-sue\u00f1o, creando una transici\u00f3n natural entre la actividad digital y la relajaci\u00f3n.<\/p>\n            <\/div>\n\n            <p>Para los ni\u00f1os muy apegados a sus pantallas, el uso de temporizadores visuales puede facilitar la transici\u00f3n. Estas herramientas permiten al ni\u00f1o visualizar el tiempo restante y prepararse mentalmente para detener la actividad. Asocie sistem\u00e1ticamente el final del tiempo de pantalla con una actividad placentera para evitar que este momento se convierta en fuente de conflicto.<\/p>\n\n            <div class=\"expert-box\">\n                <div class=\"expert-box-label\">Investigaci\u00f3n neurobiol\u00f3gica<\/div>\n                <div class=\"expert-box-title\">Impacto espec\u00edfico de la luz azul en el autismo<\/div>\n                <p>Los estudios recientes muestran que los ni\u00f1os autistas presentan una sensibilidad particular a la luz azul, con un impacto en la melatonina que puede persistir hasta 4 horas despu\u00e9s de la exposici\u00f3n. Esta hipersensibilidad se explica por diferencias en el funcionamiento de las c\u00e9lulas ganglionares retinianas.<\/p>\n                \n                <div class=\"expert-inner\">\n<div class=\"expert-inner-title\">Recomendaciones adaptadas<\/div>\n                    <p>Utilice bombillas de espectro c\u00e1lido (2700K como m\u00e1ximo) a partir de las 18h, active los modos \"noche\" en todos los dispositivos y prefiera la iluminaci\u00f3n indirecta por la noche. Estas medidas permiten preservar la producci\u00f3n natural de melatonina.<\/p>\n                <\/div>\n            <\/div>\n\n            <h2>7. El papel esencial de la actividad f\u00edsica y de la regulaci\u00f3n sensorial<\/h2>\n\n            <p>La actividad f\u00edsica juega un papel fundamental en la regulaci\u00f3n del sue\u00f1o, particularmente en los ni\u00f1os autistas que pueden presentar necesidades sensoriales y motoras espec\u00edficas. Un ejercicio regular y adaptado ayuda a liberar tensiones, regular el estado de \u00e1nimo y sincronizar el reloj biol\u00f3gico interno. Sin embargo, el momento y el tipo de actividad son cruciales: una actividad demasiado intensa o demasiado tard\u00eda puede tener el efecto contrario y retrasar el sue\u00f1o.<\/p>\n\n            <p>Las actividades proprioceptivas, que estimulan la percepci\u00f3n de la posici\u00f3n del cuerpo en el espacio, son particularmente beneficiosas. Incluyen ejercicios con resistencia: cargar objetos pesados, empujar o tirar de cargas, escalar, o incluso juegos de lucha suave. Estas actividades proporcionan un efecto calmante duradero sobre el sistema nervioso y favorecen un sue\u00f1o m\u00e1s profundo. Planifique estas actividades preferentemente a finales de la tarde, al menos tres horas antes de acostarse.<\/p>\n\n            <p>Las actividades vestibulares, que estimulan el equilibrio y la percepci\u00f3n del movimiento, tambi\u00e9n pueden contribuir a la regulaci\u00f3n sensorial. Columpios, trampolines, patinetes o bicicletas ofrecen est\u00edmulos que ayudan a algunos ni\u00f1os autistas a regular mejor su nivel de alerta. Observe atentamente las reacciones de su hijo: algunos se calmar\u00e1n con estos movimientos, otros, por el contrario, se excitar\u00e1n.<\/p>\n\n            <div class=\"conseil-card\">\n                <h4>Programa de actividad f\u00edsica adaptado<\/h4>\n                <p><strong>Ma\u00f1ana:<\/strong> Actividades dinamizadoras (correr, saltar, andar en bicicleta)<br>\n                <strong>Tarde:<\/strong> Actividades proprioceptivas (carga, escalada, juegos de resistencia)<br>\n                <strong>Inicio de la noche:<\/strong> Actividades suaves (caminar, estiramientos, yoga adaptado)<br>\n                <strong>2h antes de acostarse:<\/strong> Parada de actividades estimulantes, lugar a actividades calmantes<\/p>\n            <\/div>\n\n            <p>La integraci\u00f3n de actividades sensoriales espec\u00edficas puede mejorar en gran medida la preparaci\u00f3n para el sue\u00f1o. Los ba\u00f1os sensoriales con diferentes texturas, los juegos de manipulaci\u00f3n (plastilina, arena cin\u00e9tica) o las actividades de clasificaci\u00f3n y ordenaci\u00f3n a menudo proporcionan un efecto calmante. Estas actividades permiten al ni\u00f1o satisfacer sus necesidades sensoriales de manera controlada y predecible.<\/p>\n<div class=\"key-points\">\n                <h4>Beneficios de la actividad f\u00edsica sobre el sue\u00f1o<\/h4>\n                <ul>\n                    <li>Regulaci\u00f3n natural del ritmo circadiano<\/li>\n                    <li>Reducci\u00f3n de la ansiedad y del estr\u00e9s<\/li>\n                    <li>Mejora de la calidad del sue\u00f1o profundo<\/li>\n                    <li>Satisfacci\u00f3n de las necesidades sensoriales<\/li>\n                    <li>Evacuaci\u00f3n de la energ\u00eda acumulada<\/li>\n                    <li>Fortalecimiento de la autoestima<\/li>\n                <\/ul>\n            <\/div>\n\n            <p>El uso de aplicaciones como <a href=\"https:\/\/www.dynseo.com\/es\/coco-piensa-y-coco-se-mueve-software-educativo\/\" style=\"color: var(--dynseo-blue); font-weight: 600;\">COCO PIENSA y COCO SE MUEVE<\/a> puede facilitar la integraci\u00f3n de actividades f\u00edsicas regulares en la vida diaria. Estas herramientas proponen ejercicios adaptados a los ni\u00f1os autistas, con pausas activas que rompen naturalmente los per\u00edodos sedentarios y fomentan el movimiento a lo largo del d\u00eda.<\/p>\n\n            <h2>8. Comprender y tratar la ansiedad relacionada con la hora de dormir<\/h2>\n\n            <p>La ansiedad nocturna constituye uno de los principales obst\u00e1culos para un sue\u00f1o sereno en los ni\u00f1os autistas. Esta ansiedad puede tener diversas or\u00edgenes: miedo a la oscuridad, angustia por separaci\u00f3n, preocupaciones relacionadas con los cambios del d\u00eda siguiente, o simplemente aprensi\u00f3n ante la p\u00e9rdida de control que implica el quedarse dormido. Identificar precisamente las fuentes de ansiedad de su hijo es el primer paso hacia soluciones efectivas.<\/p>\n\n            <p>El miedo a la oscuridad requiere un enfoque gradual. En lugar de imponer una oscuridad total, cree un ambiente reconfortante con luces suaves y predecibles. Las luces nocturnas de intensidad variable permiten disminuir gradualmente la luminosidad durante varias semanas. Algunos ni\u00f1os se sienten m\u00e1s seguros dejando la puerta entreabierta o teniendo un objeto luminoso familiar cerca.<\/p>\n\n            <p>La angustia por separaci\u00f3n puede ser aliviada con objetos de transici\u00f3n personalizados: una prenda con el olor de un padre, una foto familiar cerca de la cama, o una grabaci\u00f3n de voces familiares. Estos elementos mantienen simb\u00f3licamente la presencia parental mientras fomentan la autonom\u00eda progresiva. Sin embargo, evite crear una dependencia demasiado fuerte de su presencia f\u00edsica.<\/p>\n\n            <div class=\"tip-box\">\n                <div class=\"tip-box-label\">T\u00e9cnica de desensibilizaci\u00f3n<\/div>\n                <p>Para reducir la ansiedad relacionada con la hora de dormir, practique la \"subida de escaleras hacia el sue\u00f1o\": cada noche, disminuya ligeramente su presencia en la habitaci\u00f3n. Comience sentado cerca de la cama, luego en una silla alejada, luego en el umbral de la puerta, hasta poder decir buenas noches desde el pasillo.<\/p>\n            <\/div>\n\n            <p>Las preocupaciones sobre el d\u00eda siguiente pueden ser aliviadas con rituales de preparaci\u00f3n y anticipaci\u00f3n. Cree juntos un planning visual del d\u00eda siguiente, discuta las actividades previstas, prepare la ropa y el material necesario. Esta preparaci\u00f3n reduce la incertidumbre y permite al ni\u00f1o proyectarse serenamente en el sue\u00f1o.<\/p>\n\n            <div class=\"expert-box\">\n                <div class=\"expert-box-label\">Enfoque terap\u00e9utico<\/div>\n                <div class=\"expert-box-title\">T\u00e9cnicas cognitivo-conductuales adaptadas<\/div>\n                <p>Las terapias cognitivo-conductuales pueden ser adaptadas a los ni\u00f1os autistas para tratar la ansiedad nocturna. Estos enfoques incluyen la reestructuraci\u00f3n cognitiva (reemplazar los pensamientos ansiosos por pensamientos positivos), la relajaci\u00f3n progresiva y la exposici\u00f3n gradual a situaciones ansi\u00f3genas.<\/p>\n<div class=\"expert-inner\">\n                    <div class=\"expert-inner-title\">Herramientas pr\u00e1cticas<\/div>\n                    <p>Utiliza soportes visuales para materializar los pensamientos: caja de preocupaciones para \"organizar\" las inquietudes, tarjetas de pensamientos positivos para repetir, o tabla de logros para reforzar la confianza en uno mismo. Estas herramientas concretas facilitan la comprensi\u00f3n y la aplicaci\u00f3n de las t\u00e9cnicas.<\/p>\n                <\/div>\n            <\/div>\n\n            <h2>9. Nutrici\u00f3n e hidrataci\u00f3n: impacto en la calidad del sue\u00f1o<\/h2>\n\n            <p>La alimentaci\u00f3n juega un papel a menudo subestimado en la calidad del sue\u00f1o de los ni\u00f1os con autismo. Algunos alimentos y nutrientes pueden favorecer el inicio del sue\u00f1o y un sue\u00f1o reparador, mientras que otros pueden perturbarlo significativamente. Dado que los ni\u00f1os autistas presentan a menudo particularidades alimentarias importantes, es esencial adaptar las recomendaciones nutricionales a sus preferencias y tolerancias espec\u00edficas.<\/p>\n\n            <p>El tript\u00f3fano, amino\u00e1cido precursor de la serotonina y luego de la melatonina, merece una atenci\u00f3n particular. Se encuentra en el pavo, el pollo, los huevos, los productos l\u00e1cteos, los pl\u00e1tanos y los cereales integrales. Sin embargo, para ser efectivo, el tript\u00f3fano debe ser consumido con carbohidratos complejos que faciliten su paso hacia el cerebro. Una cena equilibrada que incluya estos elementos puede favorecer naturalmente el inicio del sue\u00f1o.<\/p>\n\n            <p>Por el contrario, algunos alimentos pueden perturbar el sue\u00f1o y deben ser evitados al final del d\u00eda. La cafe\u00edna, presente en el chocolate, algunos refrescos y t\u00e9s, puede afectar el sue\u00f1o hasta 8 horas despu\u00e9s de su consumo. Los alimentos muy azucarados provocan picos gluc\u00e9micos seguidos de ca\u00eddas bruscas que pueden despertar al ni\u00f1o en plena noche. Las comidas demasiado copiosas o picantes exigen excesivamente al sistema digestivo y retrasan el inicio del sue\u00f1o.<\/p>\n\n            <div class=\"conseil-card\">\n                <h4>Men\u00fa tipo que favorece el sue\u00f1o<\/h4>\n                <p><strong>Desayuno:<\/strong> Cereales integrales, yogur, frutas<br>\n                <strong>Almuerzo:<\/strong> Prote\u00ednas magras, verduras, carbohidratos integrales<br>\n                <strong>Merienda (16h m\u00e1x):<\/strong> Frutas, frutos secos, l\u00e1cteos<br>\n                <strong>Cena (3h antes de dormir):<\/strong> Pescado o ave, verduras al vapor, arroz integral<br>\n                <strong>Snack posible:<\/strong> Leche tibia, pl\u00e1tano, o infusi\u00f3n suave<\/p>\n            <\/div>\n\n            <p>La hidrataci\u00f3n requiere un equilibrio delicado: una deshidrataci\u00f3n puede perturbar el sue\u00f1o, pero un consumo excesivo de l\u00edquidos por la noche provoca despertares nocturnos para orinar. Fomenta una hidrataci\u00f3n regular a lo largo del d\u00eda, luego limita las bebidas dos horas antes de dormir. Si el ni\u00f1o tiene sed por la noche, ofrece peque\u00f1as cantidades de agua tibia o una infusi\u00f3n ligera.<\/p>\n<div class=\"key-points\">\n                <h4>Principios nutricionales para un buen sue\u00f1o<\/h4>\n                <ul>\n                    <li>Cenar 3 horas como m\u00ednimo antes de acostarse<\/li>\n                    <li>Priorizar los carbohidratos complejos y el tript\u00f3fano<\/li>\n                    <li>Evitar cafe\u00edna, az\u00facares r\u00e1pidos y especias por la noche<\/li>\n                    <li>Hidrataci\u00f3n regular durante el d\u00eda, limitada por la noche<\/li>\n                    <li>Respetar las preferencias alimentarias del ni\u00f1o<\/li>\n                    <li>Introducir progresivamente los nuevos alimentos<\/li>\n                <\/ul>\n            <\/div>\n\n            <p>Para los ni\u00f1os autistas con restricciones alimentarias importantes, trabaje con un nutricionista especializado para identificar alternativas aceptables. El objetivo no es alterar completamente la alimentaci\u00f3n, sino optimizar progresivamente las elecciones dentro de las preferencias existentes. A veces, peque\u00f1os ajustes en los horarios o en los modos de preparaci\u00f3n son suficientes para mejorar el impacto en el sue\u00f1o.<\/p>\n\n            <h2>10. Cu\u00e1ndo y c\u00f3mo consultar a profesionales especializados<\/h2>\n\n            <p>A pesar de todos los esfuerzos y estrategias implementadas, algunos trastornos del sue\u00f1o requieren la intervenci\u00f3n de profesionales especializados. Es importante saber reconocer las se\u00f1ales de alerta que justifican una consulta m\u00e9dica: trastornos persistentes durante m\u00e1s de tres meses a pesar de las adaptaciones, ronquidos importantes que sugieren apneas, despertares con sensaci\u00f3n de asfixia, somnolencia diurna excesiva que afecta los aprendizajes, o comportamientos peligrosos relacionados con la falta de sue\u00f1o.<\/p>\n\n            <p>El pediatra suele ser el primer interlocutor para evaluar la situaci\u00f3n global y orientar hacia especialistas si es necesario. Puede prescribir ex\u00e1menes complementarios como una polisomnograf\u00eda (registro del sue\u00f1o en laboratorio) para objetivar los trastornos e identificar posibles patolog\u00edas subyacentes como la apnea del sue\u00f1o o los movimientos peri\u00f3dicos de las piernas.<\/p>\n\n            <p>Los centros especializados en trastornos del sue\u00f1o pedi\u00e1tricos ofrecen una experiencia particularmente valiosa para los ni\u00f1os autistas. Estos equipos multidisciplinarios incluyen m\u00e9dicos del sue\u00f1o, psic\u00f3logos, y a veces terapeutas ocupacionales o psicomotricistas. Pueden proponer evaluaciones exhaustivas y tratamientos personalizados que combinan enfoques conductuales y farmacol\u00f3gicos si es necesario.<\/p>\n\n            <div class=\"expert-box\">\n                <div class=\"expert-box-label\">Recorrido de cuidados<\/div>\n                <div class=\"expert-box-title\">Profesionales involucrados en los trastornos del sue\u00f1o<\/div>\n                <p>Cada profesional aporta una experiencia complementaria: el neuropediatra eval\u00faa los aspectos neurol\u00f3gicos, el neum\u00f3logo pedi\u00e1trico investiga los trastornos respiratorios, el psic\u00f3logo trabaja en los aspectos conductuales y emocionales, el terapeuta ocupacional optimiza el entorno sensorial.<\/p>\n                \n                <div class=\"expert-inner\">\n<div class=\"expert-inner-title\">Preparaci\u00f3n de la consulta<\/div>\n                    <p>Prepare un expediente completo que incluya: diario de sue\u00f1o durante 2-3 semanas, videos de los trastornos observados, lista de las estrategias ya intentadas, historial m\u00e9dico detallado y cuestionario sobre el impacto diurno de los trastornos. Esta preparaci\u00f3n optimiza la eficacia de la consulta.<\/p>\n                <\/div>\n            <\/div>\n\n            <p>Algunos profesionales se especializan espec\u00edficamente en el acompa\u00f1amiento de las familias de ni\u00f1os autistas para los trastornos del sue\u00f1o. Estos expertos comprenden las particularidades del autismo y pueden proponer enfoques personalizados que respeten las necesidades sensoriales y comportamentales espec\u00edficas. No dude en buscar estas competencias particulares en su regi\u00f3n.<\/p>\n\n            <div class=\"tip-box\">\n                <div class=\"tip-box-label\">Recursos complementarios<\/div>\n                <p>Las aplicaciones especializadas como <a href=\"https:\/\/www.dynseo.com\/es\/coco-piensa-y-coco-se-mueve-software-educativo\/\" style=\"color: var(--dynseo-blue); font-weight: 600;\">COCO PIENSA y COCO SE MUEVE<\/a> pueden proporcionar datos objetivos sobre los patrones de actividad de su hijo, \u00fatiles durante las consultas. Estas herramientas permiten documentar el impacto de los trastornos del sue\u00f1o en el rendimiento cognitivo y el estado de \u00e1nimo diurno.<\/p>\n            <\/div>\n\n            <h2>11. Enfoques farmacol\u00f3gicos: beneficios y precauciones<\/h2>\n\n            <p>Los tratamientos farmacol\u00f3gicos de los trastornos del sue\u00f1o en ni\u00f1os autistas deben considerarse con precauci\u00f3n y siempre como complemento de los enfoques conductuales. La melatonina representa la opci\u00f3n terap\u00e9utica de primera intenci\u00f3n, siendo una hormona producida naturalmente por el organismo para regular los ciclos de vigilia-sue\u00f1o. Los estudios muestran su eficacia particular en ni\u00f1os autistas, con beneficios en el inicio del sue\u00f1o y la calidad del mismo.<\/p>\n\n            <p>La prescripci\u00f3n de melatonina requiere un seguimiento m\u00e9dico riguroso para determinar la dosis \u00f3ptima, generalmente comprendida entre 1 y 6 mg, y el momento de la administraci\u00f3n, idealmente 30 minutos a 2 horas antes de la hora deseada para dormir. Los efectos secundarios son generalmente m\u00ednimos: somnolencia matutina, dolores de cabeza leves o modificaciones temporales del estado de \u00e1nimo. Es crucial respetar escrupulosamente las prescripciones m\u00e9dicas.<\/p>\n\n            <p>Otros medicamentos pueden considerarse en casos espec\u00edficos: antihistam\u00ednicos por su efecto sedante, pero con riesgo de dependencia y efectos parad\u00f3jicos en algunos ni\u00f1os autistas; alfa-agonistas como la clonidina para los ni\u00f1os que tambi\u00e9n presentan hiperactividad; antidepresivos a baja dosis en casos de ansiedad severa asociada. Estas prescripciones siguen siendo excepcionales y requieren una vigilancia m\u00e9dica estrecha.<\/p>\n\n            <div class=\"expert-box\">\n                <div class=\"expert-box-label\">Evidencia cient\u00edfica<\/div>\n                <div class=\"expert-box-title\">Eficacia de la melatonina en el autismo<\/div>\n                <p>Los meta-an\u00e1lisis recientes confirman la eficacia de la melatonina en el 60-80% de los ni\u00f1os autistas con trastornos del sue\u00f1o. Los beneficios incluyen una reducci\u00f3n del tiempo de inicio del sue\u00f1o de 30-60 minutos, una disminuci\u00f3n de los despertares nocturnos y una mejora del comportamiento diurno.<\/p>\n                \n                <div class=\"expert-inner\">\n<div class=\"expert-inner-title\">Protocolo de utilizaci\u00f3n \u00f3ptima<\/div>\n                    <p>Comenzar por la dosis m\u00ednima efectiva, administrar a hora fija cada noche, mantener las medidas de higiene del sue\u00f1o en paralelo, y reevaluar la eficacia cada 3 meses. Un desescalado progresivo puede intentarse despu\u00e9s de 6-12 meses de estabilizaci\u00f3n.<\/p>\n                <\/div>\n            <\/div>\n\n            <div class=\"key-points\">\n                <h4>Principios de la gesti\u00f3n farmacol\u00f3gica<\/h4>\n                <ul>\n                    <li>Enfoque conductual prioritario, medicamentos como complemento<\/li>\n                    <li>Evaluaci\u00f3n m\u00e9dica especializada indispensable<\/li>\n                    <li>Elecci\u00f3n del tratamiento adecuado al perfil individual<\/li>\n                    <li>Supervisi\u00f3n regular de los efectos y de la eficacia<\/li>\n                    <li>Reevaluaci\u00f3n peri\u00f3dica de la necesidad del tratamiento<\/li>\n                    <li>Informaci\u00f3n completa a los padres sobre beneficios\/riesgos<\/li>\n                <\/ul>\n            <\/div>\n\n            <p>Es esencial mantener las estrategias conductuales incluso durante un tratamiento farmacol\u00f3gico. Los medicamentos nunca constituyen una soluci\u00f3n milagrosa, sino una herramienta temporal para facilitar la implementaci\u00f3n de buenos h\u00e1bitos de sue\u00f1o. El objetivo a largo plazo sigue siendo la autonom\u00eda del ni\u00f1o y de la familia en la gesti\u00f3n del sue\u00f1o.<\/p>\n\n            <h2>12. Gestionar las situaciones de crisis y las regresiones temporales<\/h2>\n\n            <p>Los trastornos del sue\u00f1o en los ni\u00f1os autistas suelen experimentar fluctuaciones, con per\u00edodos de mejora seguidos de regresiones que pueden desanimar a las familias. Estas variaciones son normales y pueden explicarse por numerosos factores: brotes de crecimiento, cambios ambientales, estr\u00e9s, modificaciones de rutina, o evoluciones del desarrollo.\n<script type=\"application\/ld+json\">\n{\n  \"@context\": \"https:\/\/schema.org\",\n  \"@graph\": [\n    {\n      \"@type\": \"Article\",\n      \"headline\": \"L'autismo et les troubles du sommeil : solutions pour favoriser un sommeil r\u00e9parateur\",\n      \"description\": \"D\u00e9couvrez les liens entre autismo et troubles du sommeil, ainsi que des solutions pratiques pour am\u00e9liorer la qualit\u00e9 du sommeil des personnes autistes.\",\n      \"url\": \"https:\/\/www.dynseo.com\/lautismo-et-les-troubles-du-sommeil-solutions-pour-favoriser-un-sommeil-reparateur\/\",\n      \"datePublished\": \"2026-04-07\",\n      \"dateModified\": \"2026-04-07\",\n      \"image\": \"https:\/\/www.dynseo.com\/wp-content\/uploads\/2024\/autismo-sommeil-solutions.jpg\",\n      \"author\": {\n        \"@type\": \"Organization\",\n        \"name\": \"DYNSEO\",\n        \"url\": \"https:\/\/www.dynseo.com\"\n      },\n      \"publisher\": {\n        \"@type\": \"Organization\",\n        \"name\": \"DYNSEO\",\n        \"url\": \"https:\/\/www.dynseo.com\",\n        \"logo\": {\n          \"@type\": \"ImageObject\",\n          \"url\": \"https:\/\/www.dynseo.com\/wp-content\/uploads\/2023\/logo-dynseo.png\"\n        }\n      },\n      \"aggregateRating\": {\n        \"@type\": \"AggregateRating\",\n        \"ratingValue\": \"4.8\",\n        \"bestRating\": \"5\",\n        \"ratingCount\": \"47\"\n      }\n    },\n    {\n      \"@type\": \"WebPage\",\n      \"url\": \"https:\/\/www.dynseo.com\/lautismo-et-les-troubles-du-sommeil-solutions-pour-favoriser-un-sommeil-reparateur\/\",\n      \"name\": \"L'autismo et les troubles du sommeil : solutions pour favoriser un sommeil r\u00e9parateur\",\n      \"description\": \"D\u00e9couvrez les liens entre autismo et troubles du sommeil, ainsi que des solutions pratiques pour am\u00e9liorer la qualit\u00e9 du sommeil des personnes autistes.\"\n    },\n    {\n      \"@type\": \"BreadcrumbList\",\n      \"itemListElement\": [\n        {\n          \"@type\": \"ListItem\",\n          \"position\": 1,\n          \"name\": \"Accueil\",\n          \"item\": \"https:\/\/www.dynseo.com\"\n        },\n        {\n          \"@type\": \"ListItem\",\n          \"position\": 2,\n          \"name\": \"Blog\",\n          \"item\": \"https:\/\/www.dynseo.com\/blog\"\n        },\n        {\n          \"@type\": \"ListItem\",\n          \"position\": 3,\n          \"name\": \"L'autismo et les troubles du sommeil : solutions pour favoriser un sommeil r\u00e9parateur\",\n          \"item\": \"https:\/\/www.dynseo.com\/lautismo-et-les-troubles-du-sommeil-solutions-pour-favoriser-un-sommeil-reparateur\/\"\n        }\n      ]\n    },\n    {\n      \"@type\": \"FAQPage\",\n      \"mainEntity\": [\n        {\n          \"@type\": \"Question\",\n          \"name\": \"Pourquoi les personnes autistes ont-elles plus de difficult\u00e9s de sommeil ?\",\n          \"acceptedAnswer\": {\n            \"@type\": \"Answer\",\n            \"text\": \"Les personnes autistes peuvent avoir des difficult\u00e9s de sommeil en raison de particularit\u00e9s neurologiques, d'hypersensibilit\u00e9s sensorielles, d'anxi\u00e9t\u00e9, de difficult\u00e9s \u00e0 g\u00e9rer les changements de routine, et de diff\u00e9rences dans la production de m\u00e9latonine.\"\n          }\n        },\n        {\n          \"@type\": \"Question\",\n          \"name\": \"Quelles sont les solutions pour am\u00e9liorer le sommeil chez les personnes autistes ?\",\n          \"acceptedAnswer\": {\n            \"@type\": \"Answer\",\n            \"text\": \"Les solutions incluent l'\u00e9tablissement d'une routine de coucher structur\u00e9e, l'adaptation de l'environnement de sommeil, la gestion des stimulations sensorielles, l'utilisation d'outils visuels, et parfois la suppl\u00e9mentation en m\u00e9latonine sous supervision m\u00e9dicale.\"\n          }\n        },\n        {\n          \"@type\": \"Question\",\n          \"name\": \"Comment cr\u00e9er un environnement de sommeil adapt\u00e9 \u00e0 une personne autiste ?\",\n          \"acceptedAnswer\": {\n            \"@type\": \"Answer\",\n            \"text\": \"Il faut r\u00e9duire les stimulations sensorielles (lumi\u00e8re, bruit), maintenir une temp\u00e9rature confortable, utiliser des tissus adapt\u00e9s, \u00e9liminer les distractions visuelles, et cr\u00e9er un espace pr\u00e9visible et s\u00e9curisant avec des objets r\u00e9confortants si n\u00e9cessaire.\"\n          }\n        }\n      ]\n    }\n  ]\n}\n<\/script>[\/et_pb_code][\/et_pb_column][\/et_pb_row][\/et_pb_section]","_et_gb_content_width":"","footnotes":""},"categories":[2915],"tags":[],"class_list":["post-567452","post","type-post","status-publish","format-standard","has-post-thumbnail","hentry","category-les-conseils-des-coachs"],"yoast_head":"<!-- This site is optimized with the Yoast SEO plugin v27.4 - https:\/\/yoast.com\/product\/yoast-seo-wordpress\/ -->\n<title>El autismo y los trastornos del sue\u00f1o: soluciones para favorecer un sue\u00f1o reparador - DYNSEO - Aplicaci\u00f3n educativa y juegos de memoria<\/title>\n<meta name=\"robots\" content=\"index, follow, max-snippet:-1, max-image-preview:large, max-video-preview:-1\" \/>\n<link rel=\"canonical\" href=\"https:\/\/www.dynseo.com\/es\/el-autismo-y-los-trastornos-del-sueno-soluciones-para-favorecer-un-sueno-reparador\/\" \/>\n<meta property=\"og:locale\" content=\"es_ES\" \/>\n<meta property=\"og:type\" content=\"article\" \/>\n<meta property=\"og:title\" content=\"El autismo y los trastornos del sue\u00f1o: soluciones para favorecer un sue\u00f1o reparador - DYNSEO - Aplicaci\u00f3n educativa y juegos de memoria\" \/>\n<meta property=\"og:url\" content=\"https:\/\/www.dynseo.com\/es\/el-autismo-y-los-trastornos-del-sueno-soluciones-para-favorecer-un-sueno-reparador\/\" \/>\n<meta property=\"og:site_name\" content=\"DYNSEO - Aplicaci\u00f3n educativa y juegos de memoria\" \/>\n<meta property=\"article:published_time\" content=\"2026-04-28T10:55:11+00:00\" \/>\n<meta property=\"article:modified_time\" content=\"2026-04-28T10:59:38+00:00\" \/>\n<meta property=\"og:image\" content=\"https:\/\/www.dynseo.com\/wp-content\/uploads\/2024\/03\/intro-autisme.webp\" \/>\n\t<meta property=\"og:image:width\" content=\"1000\" \/>\n\t<meta property=\"og:image:height\" content=\"666\" \/>\n\t<meta property=\"og:image:type\" content=\"image\/webp\" \/>\n<meta name=\"author\" content=\"DYNSEO\" \/>\n<meta name=\"twitter:label1\" content=\"Escrito por\" \/>\n\t<meta name=\"twitter:data1\" content=\"DYNSEO\" \/>\n\t<meta name=\"twitter:label2\" content=\"Tiempo de lectura\" \/>\n\t<meta name=\"twitter:data2\" content=\"29 minutos\" \/>\n<script type=\"application\/ld+json\" class=\"yoast-schema-graph\">{\"@context\":\"https:\\\/\\\/schema.org\",\"@graph\":[{\"@type\":\"Article\",\"@id\":\"https:\\\/\\\/www.dynseo.com\\\/es\\\/el-autismo-y-los-trastornos-del-sueno-soluciones-para-favorecer-un-sueno-reparador\\\/#article\",\"isPartOf\":{\"@id\":\"https:\\\/\\\/www.dynseo.com\\\/es\\\/el-autismo-y-los-trastornos-del-sueno-soluciones-para-favorecer-un-sueno-reparador\\\/\"},\"author\":{\"name\":\"DYNSEO\",\"@id\":\"https:\\\/\\\/www.dynseo.com\\\/es\\\/#\\\/schema\\\/person\\\/78ef63df2ee64e0989bc68f8401b38d6\"},\"headline\":\"El autismo y los trastornos del sue\u00f1o: soluciones para favorecer un sue\u00f1o reparador\",\"datePublished\":\"2026-04-28T10:55:11+00:00\",\"dateModified\":\"2026-04-28T10:59:38+00:00\",\"mainEntityOfPage\":{\"@id\":\"https:\\\/\\\/www.dynseo.com\\\/es\\\/el-autismo-y-los-trastornos-del-sueno-soluciones-para-favorecer-un-sueno-reparador\\\/\"},\"wordCount\":5760,\"publisher\":{\"@id\":\"https:\\\/\\\/www.dynseo.com\\\/es\\\/#organization\"},\"image\":{\"@id\":\"https:\\\/\\\/www.dynseo.com\\\/es\\\/el-autismo-y-los-trastornos-del-sueno-soluciones-para-favorecer-un-sueno-reparador\\\/#primaryimage\"},\"thumbnailUrl\":\"https:\\\/\\\/www.dynseo.com\\\/wp-content\\\/uploads\\\/2024\\\/03\\\/intro-autisme.webp\",\"articleSection\":[\"Les conseils des coachs\"],\"inLanguage\":\"es\"},{\"@type\":\"WebPage\",\"@id\":\"https:\\\/\\\/www.dynseo.com\\\/es\\\/el-autismo-y-los-trastornos-del-sueno-soluciones-para-favorecer-un-sueno-reparador\\\/\",\"url\":\"https:\\\/\\\/www.dynseo.com\\\/es\\\/el-autismo-y-los-trastornos-del-sueno-soluciones-para-favorecer-un-sueno-reparador\\\/\",\"name\":\"El autismo y los trastornos del sue\u00f1o: soluciones para favorecer un sue\u00f1o reparador - DYNSEO - Aplicaci\u00f3n educativa y juegos de memoria\",\"isPartOf\":{\"@id\":\"https:\\\/\\\/www.dynseo.com\\\/es\\\/#website\"},\"primaryImageOfPage\":{\"@id\":\"https:\\\/\\\/www.dynseo.com\\\/es\\\/el-autismo-y-los-trastornos-del-sueno-soluciones-para-favorecer-un-sueno-reparador\\\/#primaryimage\"},\"image\":{\"@id\":\"https:\\\/\\\/www.dynseo.com\\\/es\\\/el-autismo-y-los-trastornos-del-sueno-soluciones-para-favorecer-un-sueno-reparador\\\/#primaryimage\"},\"thumbnailUrl\":\"https:\\\/\\\/www.dynseo.com\\\/wp-content\\\/uploads\\\/2024\\\/03\\\/intro-autisme.webp\",\"datePublished\":\"2026-04-28T10:55:11+00:00\",\"dateModified\":\"2026-04-28T10:59:38+00:00\",\"breadcrumb\":{\"@id\":\"https:\\\/\\\/www.dynseo.com\\\/es\\\/el-autismo-y-los-trastornos-del-sueno-soluciones-para-favorecer-un-sueno-reparador\\\/#breadcrumb\"},\"inLanguage\":\"es\",\"potentialAction\":[{\"@type\":\"ReadAction\",\"target\":[\"https:\\\/\\\/www.dynseo.com\\\/es\\\/el-autismo-y-los-trastornos-del-sueno-soluciones-para-favorecer-un-sueno-reparador\\\/\"]}]},{\"@type\":\"ImageObject\",\"inLanguage\":\"es\",\"@id\":\"https:\\\/\\\/www.dynseo.com\\\/es\\\/el-autismo-y-los-trastornos-del-sueno-soluciones-para-favorecer-un-sueno-reparador\\\/#primaryimage\",\"url\":\"https:\\\/\\\/www.dynseo.com\\\/wp-content\\\/uploads\\\/2024\\\/03\\\/intro-autisme.webp\",\"contentUrl\":\"https:\\\/\\\/www.dynseo.com\\\/wp-content\\\/uploads\\\/2024\\\/03\\\/intro-autisme.webp\",\"width\":1000,\"height\":666,\"caption\":\"Entrenamiento cognitivo sencillo y ameno\"},{\"@type\":\"BreadcrumbList\",\"@id\":\"https:\\\/\\\/www.dynseo.com\\\/es\\\/el-autismo-y-los-trastornos-del-sueno-soluciones-para-favorecer-un-sueno-reparador\\\/#breadcrumb\",\"itemListElement\":[{\"@type\":\"ListItem\",\"position\":1,\"name\":\"Accueil\",\"item\":\"https:\\\/\\\/www.dynseo.com\\\/es\\\/\"},{\"@type\":\"ListItem\",\"position\":2,\"name\":\"El autismo y los trastornos del sue\u00f1o: soluciones para favorecer un sue\u00f1o reparador\"}]},{\"@type\":\"WebSite\",\"@id\":\"https:\\\/\\\/www.dynseo.com\\\/es\\\/#website\",\"url\":\"https:\\\/\\\/www.dynseo.com\\\/es\\\/\",\"name\":\"Jeux de m\u00e9moire et stimulation cognitive\",\"description\":\"Entra\u00eenez votre m\u00e9moire et votre cerveau avec DYNSEO\",\"publisher\":{\"@id\":\"https:\\\/\\\/www.dynseo.com\\\/es\\\/#organization\"},\"potentialAction\":[{\"@type\":\"SearchAction\",\"target\":{\"@type\":\"EntryPoint\",\"urlTemplate\":\"https:\\\/\\\/www.dynseo.com\\\/es\\\/?s={search_term_string}\"},\"query-input\":{\"@type\":\"PropertyValueSpecification\",\"valueRequired\":true,\"valueName\":\"search_term_string\"}}],\"inLanguage\":\"es\"},{\"@type\":\"Organization\",\"@id\":\"https:\\\/\\\/www.dynseo.com\\\/es\\\/#organization\",\"name\":\"DYNSEO\",\"url\":\"https:\\\/\\\/www.dynseo.com\\\/es\\\/\",\"logo\":{\"@type\":\"ImageObject\",\"inLanguage\":\"es\",\"@id\":\"https:\\\/\\\/www.dynseo.com\\\/es\\\/#\\\/schema\\\/logo\\\/image\\\/\",\"url\":\"https:\\\/\\\/www.dynseo.com\\\/wp-content\\\/uploads\\\/2022\\\/05\\\/logo-dynseo-new.png\",\"contentUrl\":\"https:\\\/\\\/www.dynseo.com\\\/wp-content\\\/uploads\\\/2022\\\/05\\\/logo-dynseo-new.png\",\"width\":5073,\"height\":1397,\"caption\":\"DYNSEO\"},\"image\":{\"@id\":\"https:\\\/\\\/www.dynseo.com\\\/es\\\/#\\\/schema\\\/logo\\\/image\\\/\"}},{\"@type\":\"Person\",\"@id\":\"https:\\\/\\\/www.dynseo.com\\\/es\\\/#\\\/schema\\\/person\\\/78ef63df2ee64e0989bc68f8401b38d6\",\"name\":\"DYNSEO\",\"url\":\"https:\\\/\\\/www.dynseo.com\\\/es\\\/author\\\/justine\\\/\"}]}<\/script>\n<!-- \/ Yoast SEO plugin. -->","yoast_head_json":{"title":"El autismo y los trastornos del sue\u00f1o: soluciones para favorecer un sue\u00f1o reparador - DYNSEO - Aplicaci\u00f3n educativa y juegos de memoria","robots":{"index":"index","follow":"follow","max-snippet":"max-snippet:-1","max-image-preview":"max-image-preview:large","max-video-preview":"max-video-preview:-1"},"canonical":"https:\/\/www.dynseo.com\/es\/el-autismo-y-los-trastornos-del-sueno-soluciones-para-favorecer-un-sueno-reparador\/","og_locale":"es_ES","og_type":"article","og_title":"El autismo y los trastornos del sue\u00f1o: soluciones para favorecer un sue\u00f1o reparador - DYNSEO - Aplicaci\u00f3n educativa y juegos de memoria","og_url":"https:\/\/www.dynseo.com\/es\/el-autismo-y-los-trastornos-del-sueno-soluciones-para-favorecer-un-sueno-reparador\/","og_site_name":"DYNSEO - Aplicaci\u00f3n educativa y juegos de memoria","article_published_time":"2026-04-28T10:55:11+00:00","article_modified_time":"2026-04-28T10:59:38+00:00","og_image":[{"width":1000,"height":666,"url":"https:\/\/www.dynseo.com\/wp-content\/uploads\/2024\/03\/intro-autisme.webp","type":"image\/webp"}],"author":"DYNSEO","twitter_misc":{"Escrito por":"DYNSEO","Tiempo de lectura":"29 minutos"},"schema":{"@context":"https:\/\/schema.org","@graph":[{"@type":"Article","@id":"https:\/\/www.dynseo.com\/es\/el-autismo-y-los-trastornos-del-sueno-soluciones-para-favorecer-un-sueno-reparador\/#article","isPartOf":{"@id":"https:\/\/www.dynseo.com\/es\/el-autismo-y-los-trastornos-del-sueno-soluciones-para-favorecer-un-sueno-reparador\/"},"author":{"name":"DYNSEO","@id":"https:\/\/www.dynseo.com\/es\/#\/schema\/person\/78ef63df2ee64e0989bc68f8401b38d6"},"headline":"El autismo y los trastornos del sue\u00f1o: soluciones para favorecer un sue\u00f1o reparador","datePublished":"2026-04-28T10:55:11+00:00","dateModified":"2026-04-28T10:59:38+00:00","mainEntityOfPage":{"@id":"https:\/\/www.dynseo.com\/es\/el-autismo-y-los-trastornos-del-sueno-soluciones-para-favorecer-un-sueno-reparador\/"},"wordCount":5760,"publisher":{"@id":"https:\/\/www.dynseo.com\/es\/#organization"},"image":{"@id":"https:\/\/www.dynseo.com\/es\/el-autismo-y-los-trastornos-del-sueno-soluciones-para-favorecer-un-sueno-reparador\/#primaryimage"},"thumbnailUrl":"https:\/\/www.dynseo.com\/wp-content\/uploads\/2024\/03\/intro-autisme.webp","articleSection":["Les conseils des coachs"],"inLanguage":"es"},{"@type":"WebPage","@id":"https:\/\/www.dynseo.com\/es\/el-autismo-y-los-trastornos-del-sueno-soluciones-para-favorecer-un-sueno-reparador\/","url":"https:\/\/www.dynseo.com\/es\/el-autismo-y-los-trastornos-del-sueno-soluciones-para-favorecer-un-sueno-reparador\/","name":"El autismo y los trastornos del sue\u00f1o: soluciones para favorecer un sue\u00f1o reparador - DYNSEO - Aplicaci\u00f3n educativa y juegos de memoria","isPartOf":{"@id":"https:\/\/www.dynseo.com\/es\/#website"},"primaryImageOfPage":{"@id":"https:\/\/www.dynseo.com\/es\/el-autismo-y-los-trastornos-del-sueno-soluciones-para-favorecer-un-sueno-reparador\/#primaryimage"},"image":{"@id":"https:\/\/www.dynseo.com\/es\/el-autismo-y-los-trastornos-del-sueno-soluciones-para-favorecer-un-sueno-reparador\/#primaryimage"},"thumbnailUrl":"https:\/\/www.dynseo.com\/wp-content\/uploads\/2024\/03\/intro-autisme.webp","datePublished":"2026-04-28T10:55:11+00:00","dateModified":"2026-04-28T10:59:38+00:00","breadcrumb":{"@id":"https:\/\/www.dynseo.com\/es\/el-autismo-y-los-trastornos-del-sueno-soluciones-para-favorecer-un-sueno-reparador\/#breadcrumb"},"inLanguage":"es","potentialAction":[{"@type":"ReadAction","target":["https:\/\/www.dynseo.com\/es\/el-autismo-y-los-trastornos-del-sueno-soluciones-para-favorecer-un-sueno-reparador\/"]}]},{"@type":"ImageObject","inLanguage":"es","@id":"https:\/\/www.dynseo.com\/es\/el-autismo-y-los-trastornos-del-sueno-soluciones-para-favorecer-un-sueno-reparador\/#primaryimage","url":"https:\/\/www.dynseo.com\/wp-content\/uploads\/2024\/03\/intro-autisme.webp","contentUrl":"https:\/\/www.dynseo.com\/wp-content\/uploads\/2024\/03\/intro-autisme.webp","width":1000,"height":666,"caption":"Entrenamiento cognitivo sencillo y ameno"},{"@type":"BreadcrumbList","@id":"https:\/\/www.dynseo.com\/es\/el-autismo-y-los-trastornos-del-sueno-soluciones-para-favorecer-un-sueno-reparador\/#breadcrumb","itemListElement":[{"@type":"ListItem","position":1,"name":"Accueil","item":"https:\/\/www.dynseo.com\/es\/"},{"@type":"ListItem","position":2,"name":"El autismo y los trastornos del sue\u00f1o: soluciones para favorecer un sue\u00f1o reparador"}]},{"@type":"WebSite","@id":"https:\/\/www.dynseo.com\/es\/#website","url":"https:\/\/www.dynseo.com\/es\/","name":"Jeux de m\u00e9moire et stimulation cognitive","description":"Entra\u00eenez votre m\u00e9moire et votre cerveau avec DYNSEO","publisher":{"@id":"https:\/\/www.dynseo.com\/es\/#organization"},"potentialAction":[{"@type":"SearchAction","target":{"@type":"EntryPoint","urlTemplate":"https:\/\/www.dynseo.com\/es\/?s={search_term_string}"},"query-input":{"@type":"PropertyValueSpecification","valueRequired":true,"valueName":"search_term_string"}}],"inLanguage":"es"},{"@type":"Organization","@id":"https:\/\/www.dynseo.com\/es\/#organization","name":"DYNSEO","url":"https:\/\/www.dynseo.com\/es\/","logo":{"@type":"ImageObject","inLanguage":"es","@id":"https:\/\/www.dynseo.com\/es\/#\/schema\/logo\/image\/","url":"https:\/\/www.dynseo.com\/wp-content\/uploads\/2022\/05\/logo-dynseo-new.png","contentUrl":"https:\/\/www.dynseo.com\/wp-content\/uploads\/2022\/05\/logo-dynseo-new.png","width":5073,"height":1397,"caption":"DYNSEO"},"image":{"@id":"https:\/\/www.dynseo.com\/es\/#\/schema\/logo\/image\/"}},{"@type":"Person","@id":"https:\/\/www.dynseo.com\/es\/#\/schema\/person\/78ef63df2ee64e0989bc68f8401b38d6","name":"DYNSEO","url":"https:\/\/www.dynseo.com\/es\/author\/justine\/"}]}},"_links":{"self":[{"href":"https:\/\/www.dynseo.com\/es\/wp-json\/wp\/v2\/posts\/567452","targetHints":{"allow":["GET"]}}],"collection":[{"href":"https:\/\/www.dynseo.com\/es\/wp-json\/wp\/v2\/posts"}],"about":[{"href":"https:\/\/www.dynseo.com\/es\/wp-json\/wp\/v2\/types\/post"}],"author":[{"embeddable":true,"href":"https:\/\/www.dynseo.com\/es\/wp-json\/wp\/v2\/users\/4"}],"replies":[{"embeddable":true,"href":"https:\/\/www.dynseo.com\/es\/wp-json\/wp\/v2\/comments?post=567452"}],"version-history":[{"count":14,"href":"https:\/\/www.dynseo.com\/es\/wp-json\/wp\/v2\/posts\/567452\/revisions"}],"predecessor-version":[{"id":567466,"href":"https:\/\/www.dynseo.com\/es\/wp-json\/wp\/v2\/posts\/567452\/revisions\/567466"}],"wp:featuredmedia":[{"embeddable":true,"href":"https:\/\/www.dynseo.com\/es\/wp-json\/wp\/v2\/media\/122169"}],"wp:attachment":[{"href":"https:\/\/www.dynseo.com\/es\/wp-json\/wp\/v2\/media?parent=567452"}],"wp:term":[{"taxonomy":"category","embeddable":true,"href":"https:\/\/www.dynseo.com\/es\/wp-json\/wp\/v2\/categories?post=567452"},{"taxonomy":"post_tag","embeddable":true,"href":"https:\/\/www.dynseo.com\/es\/wp-json\/wp\/v2\/tags?post=567452"}],"curies":[{"name":"wp","href":"https:\/\/api.w.org\/{rel}","templated":true}]}}