{"id":568926,"date":"2026-04-29T01:59:45","date_gmt":"2026-04-28T23:59:45","guid":{"rendered":"https:\/\/www.dynseo.com\/comment-ameliorer-la-memoire-a-court-terme-strategies-et-astuces-2\/"},"modified":"2026-04-29T02:07:15","modified_gmt":"2026-04-29T00:07:15","slug":"como-mejorar-la-memoria-a-corto-plazo-estrategias-y-consejos","status":"publish","type":"post","link":"https:\/\/www.dynseo.com\/es\/como-mejorar-la-memoria-a-corto-plazo-estrategias-y-consejos\/","title":{"rendered":"C\u00f3mo mejorar la memoria a corto plazo: estrategias y consejos"},"content":{"rendered":"<p>[et_pb_section fb_built=\u00bb1&#8243; _builder_version=\u00bb4.16&#8243; custom_padding=\u00bb0px|0px|0px|0px|false|false\u00bb margin_top=\u00bb0px\u00bb margin_bottom=\u00bb0px\u00bb global_colors_info=\u00bb{}\u00bb][et_pb_row _builder_version=\u00bb4.16&#8243; custom_padding=\u00bb0px|0px|0px|0px|false|false\u00bb margin_top=\u00bb0px\u00bb margin_bottom=\u00bb0px\u00bb column_structure=\u00bb4_4&#8243; global_colors_info=\u00bb{}\u00bb][et_pb_column type=\u00bb4_4&#8243; _builder_version=\u00bb4.16&#8243; custom_padding=\u00bb0px|0px|0px|0px|false|false\u00bb global_colors_info=\u00bb{}\u00bb][et_pb_code _builder_version=\u00bb4.16&#8243; custom_padding=\u00bb0px|0px|0px|0px|false|false\u00bb global_colors_info=\u00bb{}\u00bb]<!DOCTYPE html><br \/>\n<html lang=\"fr\"><br \/>\n<head><br \/>\n    <meta charset=\"UTF-8\"><br \/>\n    <meta name=\"viewport\" content=\"width=device-width, initial-scale=1.0\"><br \/>\n    <title>Comment am\u00e9liorer la m\u00e9moire \u00e0 court terme : strat\u00e9gies et astuces<\/title>\n    <link href=\"https:\/\/fonts.googleapis.com\/css2?family=Montserrat:wght@400;600;700&#038;family=Poppins:wght@400;500;600&#038;display=swap\" rel=\"stylesheet\">\n<style>\n        :root {\n            --bleu: #5e5ed7;\n            --bleu-dark: #5268c9;\n            --teal: #a9e2e4;\n            --jaune: #ffeca7;\n            --rose: #e73469;\n            --gris-clair: #f8f9fa;\n            --gris-moyen: #6c757d;\n            --noir: #2c3e50;\n        }<\/p>\n<p>        * {\n            margin: 0;\n            padding: 0;\n            box-sizing: border-box;\n        }<\/p>\n<p>        body {\n            font-family: 'Poppins', sans-serif;\n            line-height: 1.6;\n            color: var(--noir);\n        }<\/p>\n<p>        .article-hero {\n            background: linear-gradient(135deg, var(--bleu) 0%, var(--bleu-dark) 100%);\n            color: white;\n            padding: 3rem 0 8rem 0;\n            position: relative;\n        }<\/p>\n<p>        .article-hero-inner {\n            max-width: 1200px;\n            margin: 0 auto;\n            padding: 0 2rem;\n        }<\/p>\n<p>        .article-breadcrumb {\n            font-size: 0.9rem;\n            margin-bottom: 1rem;\n            opacity: 0.9;\n        }<\/p>\n<p>        .article-category {\n            background: var(--rose);\n            color: white;\n            padding: 0.5rem 1rem;\n            border-radius: 20px;\n            font-size: 0.85rem;\n            font-weight: 600;\n            display: inline-block;\n            margin-bottom: 1.5rem;\n        }<\/p>\n<p>        .article-hero h1 {\n            font-family: 'Montserrat', sans-serif;\n            font-size: 2.5rem;\n            font-weight: 700;\n            margin-bottom: 1.5rem;\n            line-height: 1.2;\n        }<\/p>\n<p>        .hl {\n            background: var(--jaune);\n            color: var(--noir);\n            padding: 0 0.5rem;\n            border-radius: 5px;\n        }<\/p>\n<p>        .article-meta {\n            display: flex;\n            flex-wrap: wrap;\n            gap: 2rem;\n            align-items: center;\n            margin-bottom: 1rem;\n            font-size: 0.9rem;\n        }<\/p>\n<p>        .rating {\n            display: flex;\n            align-items: center;\n            gap: 0.5rem;\n        }<\/p>\n<p>        .stars {\n            color: var(--jaune);\n        }<\/p>\n<p>        .article-hero-curve {\n            position: absolute;\n            bottom: -1px;\n            left: 0;\n            width: 100%;\n            height: 80px;\n            background: white;\n            clip-path: ellipse(100% 100% at 50% 100%);\n        }<\/p>\n<p>        .article-body {\n            padding: 4rem 0;\n        }<\/p>\n<p>        .container {\n            max-width: 1000px;\n            margin: 0 auto;\n            padding: 0 2rem;\n        }<\/p>\n<p>        .intro-block {\n            font-size: 1.1rem;\n            color: var(--gris-moyen);\n            margin-bottom: 3rem;\n            text-align: center;\n            line-height: 1.8;\n        }<\/p>\n<p>        .stats-grid {\n            display: grid;\n            grid-template-columns: repeat(auto-fit, minmax(200px, 1fr));\n            gap: 2rem;\n            margin-bottom: 4rem;\n        }<\/p>\n<p>        .stat-card {\n            background: white;\n            border-radius: 15px;\n            padding: 2rem;\n            text-align: center;\n            box-shadow: 0 10px 30px rgba(0,0,0,0.1);\n            border-left: 5px solid var(--teal);\n        }<\/p>\n<p>        .stat-card .number {\n            font-size: 2.5rem;\n            font-weight: 700;\n            color: var(--bleu);\n            display: block;\n            margin-bottom: 0.5rem;\n        }<\/p>\n<p>        .stat-card .label {\n            color: var(--gris-moyen);\n            font-size: 0.9rem;\n        }<\/p>\n<p>        h2 {\n            font-family: 'Montserrat', sans-serif;\n            font-size: 1.8rem;\n            color: var(--bleu);\n            margin: 3rem 0 1.5rem 0;\n            position: relative;\n        }<\/p>\n<p>        h2:before {\n            content: '';\n            width: 50px;\n            height: 3px;\n            background: var(--teal);\n            position: absolute;\n            bottom: -5px;\n            left: 0;\n        }<\/p>\n<p>        h3 {\n            font-family: 'Montserrat', sans-serif;\n            font-size: 1.3rem;\n            color: var(--bleu-dark);\n            margin: 2rem 0 1rem 0;\n        }<\/p>\n<p>        p {\n            margin-bottom: 1.5rem;\n            line-height: 1.8;\n        }<\/p>\n<p>        ul, ol {\n            margin-bottom: 1.5rem;\n            padding-left: 2rem;\n        }<\/p>\n<p>        li {\n            margin-bottom: 0.5rem;\n        }<\/p>\n<p>        .conseil-card {\n            background: linear-gradient(135deg, var(--teal), #87ceeb);\n            border-radius: 15px;\n            padding: 2rem;\n            margin: 2rem 0;\n            color: var(--noir);\n        }<\/p>\n<p>        .conseil-card h4 {\n            font-family: 'Montserrat', sans-serif;\n            margin-bottom: 1rem;\n            color: var(--bleu-dark);\n        }<\/p>\n<p>        .key-points {\n            background: var(--gris-clair);\n            border-radius: 10px;\n            padding: 1.5rem;\n            margin: 2rem 0;\n            border-left: 5px solid var(--bleu);\n        }<\/p>\n<p>        .key-points h4 {\n            color: var(--bleu);\n            margin-bottom: 1rem;\n        }<\/p>\n<p>        .tip-box {\n            background: var(--jaune);\n            border-radius: 10px;\n            padding: 1.5rem;\n            margin: 2rem 0;\n            position: relative;\n        }<\/p>\n<p>        .tip-box-label {\n            background: var(--rose);\n            color: white;\n            padding: 0.3rem 0.8rem;\n            border-radius: 15px;\n            font-size: 0.8rem;\n            font-weight: 600;\n            position: absolute;\n            top: -10px;\n            left: 1.5rem;\n        }<\/p>\n<p>        .expert-box {\n            background: white;\n            border: 2px solid var(--bleu);\n            border-radius: 15px;\n            padding: 2rem;\n            margin: 2rem 0;\n        }<\/p>\n<p>        .expert-box-label {\n            background: var(--bleu);\n            color: white;\n            padding: 0.3rem 0.8rem;\n            border-radius: 15px;\n            font-size: 0.8rem;\n            font-weight: 600;\n            display: inline-block;\n            margin-bottom: 1rem;\n        }<\/p>\n<p>        .expert-box-title {\n            font-family: 'Montserrat', sans-serif;\n            color: var(--bleu);\n            margin-bottom: 1rem;\n        }<\/p>\n<p>        .expert-inner {\n            background: var(--gris-clair);\n            padding: 1.5rem;\n            border-radius: 10px;\n            margin-top: 1rem;\n        }<\/p>\n<p>        .expert-inner-title {\n            font-weight: 600;\n            color: var(--bleu-dark);\n            margin-bottom: 0.5rem;\n        }<\/p>\n<p>        .faq-list {\n            margin: 3rem 0;\n        }<\/p>\n<p>        .faq-item {\n            border: 1px solid #e0e0e0;\n            border-radius: 10px;\n            margin-bottom: 1rem;\n            overflow: hidden;\n        }<\/p>\n<p>        .faq-q {\n            background: var(--gris-clair);\n            padding: 1.5rem;\n            cursor: pointer;\n            display: flex;\n            justify-content: space-between;\n            align-items: center;\n            font-weight: 600;\n            color: var(--bleu-dark);\n        }<\/p>\n<p>        .faq-icon {\n            background: var(--bleu);\n            color: white;\n            width: 25px;\n            height: 25px;\n            border-radius: 50%;\n            display: flex;\n            align-items: center;\n            justify-content: center;\n            font-weight: bold;\n        }<\/p>\n<p>        .faq-a {\n            padding: 0 1.5rem;\n            max-height: 0;\n            overflow: hidden;\n            transition: max-height 0.3s ease;\n        }<\/p>\n<p>        .faq-item.open .faq-a {\n            max-height: 500px;\n            padding: 1.5rem;\n        }<\/p>\n<p>        .cta-box {\n            background: linear-gradient(135deg, var(--bleu) 0%, var(--bleu-dark) 100%);\n            color: white;\n            border-radius: 15px;\n            padding: 3rem;\n            text-align: center;\n            margin: 3rem 0;\n        }<\/p>\n<p>        .cta-buttons {\n            display: flex;\n            gap: 1rem;\n            justify-content: center;\n            flex-wrap: wrap;\n            margin-top: 2rem;\n        }<\/p>\n<p>        .btn-white {\n            background: white;\n            color: var(--bleu);\n            padding: 1rem 2rem;\n            border-radius: 25px;\n            text-decoration: none;\n            font-weight: 600;\n            transition: transform 0.3s;\n        }<\/p>\n<p>        .btn-white:hover {\n            transform: translateY(-2px);\n        }<\/p>\n<p>        .btn-outline {\n            background: transparent;\n            color: white;\n            border: 2px solid white;\n            padding: 1rem 2rem;\n            border-radius: 25px;\n            text-decoration: none;\n            font-weight: 600;\n            transition: all 0.3s;\n        }<\/p>\n<p>        .btn-outline:hover {\n            background: white;\n            color: var(--bleu);\n        }<\/p>\n<p>        .article-tags {\n            margin: 3rem 0;\n            text-align: center;\n        }<\/p>\n<p>        .article-tag {\n            background: var(--teal);\n            color: var(--noir);\n            padding: 0.5rem 1rem;\n            border-radius: 20px;\n            text-decoration: none;\n            font-size: 0.85rem;\n            margin: 0.25rem;\n            display: inline-block;\n        }<\/p>\n<p>        @media (max-width: 768px) {\n            .article-hero {\n                padding: 2rem 0 6rem 0;\n            }<\/p>\n<p>            .article-hero h1 {\n                font-size: 2rem;\n            }<\/p>\n<p>            .article-meta {\n                flex-direction: column;\n                gap: 1rem;\n            }<\/p>\n<p>            .stats-grid {\n                grid-template-columns: 1fr;\n            }<\/p>\n<p>            .cta-buttons {\n                flex-direction: column;\n                align-items: center;\n            }\n        }\n    <\/style>\n<p><\/head><br \/>\n<body><\/p>\n<section class=\"article-hero\">\n<div class=\"article-hero-inner\">\n<div class=\"article-breadcrumb\">\n                Inicio > Blog > Memoria > C\u00f3mo mejorar la memoria a corto plazo\n            <\/div>\n<div class=\"article-category\">Estimulaci\u00f3n Cognitiva<\/div>\n<h1>C\u00f3mo mejorar la <span class=\"hl\">memoria a corto plazo<\/span> : estrategias y trucos<\/h1>\n<div class=\"article-meta\">\n                <span>\ud83d\udcc5 Abril 2026<\/span><br \/>\n                <span>\u23f1\ufe0f 15 min de lectura<\/span><br \/>\n                <span>\ud83d\udc65 Todo p\u00fablico<\/span><\/p>\n<div class=\"rating\">\n                    <span class=\"stars\">\u2b50\u2b50\u2b50\u2b50\u2b50<\/span><br \/>\n                    <span>4.8\/5 (127 opiniones)<\/span>\n                <\/div>\n<\/p><\/div>\n<\/p><\/div>\n<div class=\"article-hero-curve\"><\/div>\n<\/section>\n<div class=\"article-body\">\n<div class=\"container\">\n<div class=\"intro-block\">\n                La memoria a corto plazo es un pilar fundamental de nuestro funcionamiento cognitivo diario. Nos permite retener temporalmente informaci\u00f3n crucial, resolver problemas complejos y tomar decisiones informadas. Sin embargo, numerosos factores pueden alterar su rendimiento, creando desaf\u00edos en nuestra vida personal y profesional. En esta gu\u00eda completa, exploramos estrategias cient\u00edficamente probadas y t\u00e9cnicas pr\u00e1cticas para optimizar su memoria a corto plazo. Descubra c\u00f3mo transformar su capacidad de memorizaci\u00f3n gracias a enfoques innovadores y h\u00e1bitos de vida adaptados.\n            <\/div>\n<div class=\"stats-grid\">\n<div class=\"stat-card\">\n                    <span class=\"number\">7\u00b12<\/span><br \/>\n                    <span class=\"label\">Elementos retenidos en promedio<\/span>\n                <\/div>\n<div class=\"stat-card\">\n                    <span class=\"number\">15-30s<\/span><br \/>\n                    <span class=\"label\">Duraci\u00f3n de retenci\u00f3n natural<\/span>\n                <\/div>\n<div class=\"stat-card\">\n                    <span class=\"number\">25%<\/span><br \/>\n                    <span class=\"label\">Mejora posible con entrenamiento<\/span>\n                <\/div>\n<div class=\"stat-card\">\n                    <span class=\"number\">3<\/span><br \/>\n                    <span class=\"label\">Regiones cerebrales principales implicadas<\/span>\n                <\/div>\n<\/p><\/div>\n<h2>1. Comprender los mecanismos de la memoria a corto plazo<\/h2>\n<pee>La memoria a corto plazo, tambi\u00e9n llamada memoria de trabajo, constituye un sistema cognitivo sofisticado que nos permite mantener y manipular temporalmente informaci\u00f3n mientras realizamos tareas complejas. Esta capacidad mental excepcional implica varias regiones cerebrales que trabajan en perfecta sincronizaci\u00f3n para procesar, almacenar y recuperar datos esenciales para nuestro funcionamiento diario.<\/pee>\n<pee>A nivel neurol\u00f3gico, la memoria a corto plazo activa principalmente la corteza prefrontal, el hipocampo y la corteza parietal. La corteza prefrontal act\u00faa como un director de orquesta, coordinando los diferentes procesos cognitivos y manteniendo la atenci\u00f3n enfocada en la informaci\u00f3n relevante. El hipocampo, por su parte, juega un papel crucial en la codificaci\u00f3n inicial de la informaci\u00f3n y su posible transferencia a la memoria a largo plazo. La corteza parietal contribuye a la integraci\u00f3n espacial y temporal de los datos procesados.<\/pee>\n<pee>La capacidad limitada de la memoria a corto plazo, generalmente estimada en 7 m\u00e1s o menos 2 elementos seg\u00fan la regla de Miller, refleja una adaptaci\u00f3n evolutiva que permite al cerebro procesar informaci\u00f3n de manera efectiva sin sobrecarga cognitiva. Esta limitaci\u00f3n aparente se convierte en una ventaja cuando aprendemos a optimizarla gracias a las estrategias adecuadas que desarrollaremos en las secciones siguientes.<\/pee>\n<div class=\"conseil-card\">\n<h4>\ud83e\udde0 Consejo de experto DYNSEO<\/h4>\n<pee>La memoria a corto plazo funciona como una oficina mental temporal. Cuanto m\u00e1s organice eficazmente esta \u00aboficina\u00bb, m\u00e1s informaci\u00f3n puede procesar simult\u00e1neamente. El entrenamiento cognitivo con nuestras aplicaciones <a href=\"https:\/\/www.dynseo.com\/es\/coco-piensa-y-coco-se-mueve-software-educativo\/\" style=\"color: var(--bleu-dark); font-weight: 600;\">COCO PIENSA y COCO SE MUEVE<\/a> permite desarrollar esta organizaci\u00f3n mental de manera l\u00fadica y progresiva.<\/pee>\n            <\/div>\n<div class=\"key-points\">\n<h4>\ud83c\udfaf Puntos clave a recordar<\/h4>\n<ul>\n<li>La memoria a corto plazo implica m\u00faltiples regiones cerebrales en interacci\u00f3n<\/li>\n<li>Su capacidad limitada (7\u00b12 elementos) es una caracter\u00edstica adaptativa<\/li>\n<li>El c\u00f3rtex prefrontal coordina los procesos de memorizaci\u00f3n<\/li>\n<li>El entrenamiento puede mejorar significativamente su rendimiento<\/li>\n<\/ul><\/div>\n<div class=\"tip-box\">\n<div class=\"tip-box-label\">\ud83d\udca1 Consejo pr\u00e1ctico<\/div>\n<pee>Ponga a prueba su capacidad de memoria a corto plazo repitiendo mentalmente una secuencia de n\u00fameros cada vez m\u00e1s larga. Comience con 5 n\u00fameros y aumente progresivamente. Esta evaluaci\u00f3n le dar\u00e1 una l\u00ednea base para medir sus futuros progresos.<\/pee>\n            <\/div>\n<h2>2. Los factores que influyen en el rendimiento mn\u00e9sico<\/h2>\n<pee>Numerosos son los elementos que pueden afectar positiva o negativamente nuestra memoria a corto plazo. Comprender estos factores constituye el primer paso hacia una optimizaci\u00f3n efectiva de nuestras capacidades cognitivas. Los factores internos, relacionados con nuestro estado fisiol\u00f3gico y psicol\u00f3gico, interact\u00faan constantemente con factores externos ambientales para determinar nuestro rendimiento mn\u00e9sico global.<\/pee>\n<pee>El estr\u00e9s representa uno de los principales inhibidores de la memoria a corto plazo. Cuando estamos estresados, nuestro organismo libera cortisol, una hormona que puede perturbar la comunicaci\u00f3n entre las neuronas y alterar los procesos de memorizaci\u00f3n. Esta reacci\u00f3n biol\u00f3gica, aunque adaptativa en ciertas situaciones de emergencia, se vuelve problem\u00e1tica cuando se cronifica y afecta nuestra capacidad para procesar eficazmente la informaci\u00f3n diaria.<\/pee>\n<pee>La fatiga constituye otro factor cr\u00edtico. Un cerebro fatigado tiene dificultades para mantener la atenci\u00f3n sostenida necesaria para el buen funcionamiento de la memoria a corto plazo. Los neurotransmisores responsables de la vigilancia y la concentraci\u00f3n se agotan progresivamente, creando condiciones desfavorables para la retenci\u00f3n de informaci\u00f3n. Esta fatiga puede ser f\u00edsica, mental o emocional, cada una afectando de manera diferente pero significativa nuestras capacidades cognitivas.<\/pee>\n<div class=\"expert-box\">\n<div class=\"expert-box-label\">\ud83d\udc68\u200d\u2695\ufe0f Experiencia DYNSEO<\/div>\n<h4 class=\"expert-box-title\">El impacto multifactorial en la memoria<\/h4>\n<pee>Nuestras investigaciones muestran que la memoria a corto plazo sufre la influencia simult\u00e1nea de m\u00faltiples factores. Un enfoque hol\u00edstico, integrando la gesti\u00f3n del estr\u00e9s, la optimizaci\u00f3n del sue\u00f1o y el entrenamiento cognitivo dirigido, produce los mejores resultados.<\/pee>\n<div class=\"expert-inner\">\n<div class=\"expert-inner-title\">Factores positivos identificados:<\/div>\n<ul>\n<li>Ejercicio f\u00edsico regular (+15-20% de rendimiento)<\/li>\n<li>Medicaci\u00f3n diaria (+12-18% de concentraci\u00f3n)<\/li>\n<li>Nutrici\u00f3n equilibrada (+8-15% de claridad mental)<\/li>\n<li>Entrenamiento cognitivo estructurado (+20-30% de capacidad)<\/li>\n<\/ul><\/div>\n<\/p><\/div>\n<h3>Factores ambientales determinantes<\/h3>\n<pee>El entorno en el que evolucionamos ejerce una influencia considerable sobre nuestra capacidad de memorizaci\u00f3n a corto plazo. El ruido ambiental, la calidad de la iluminaci\u00f3n, la temperatura e incluso los olores pueden afectar nuestra concentraci\u00f3n y, por extensi\u00f3n, nuestro rendimiento mn\u00e9sico. Un entorno optimizado favorece la focalizaci\u00f3n atencional necesaria para un tratamiento eficaz de la informaci\u00f3n.<\/pee>\n<div class=\"key-points\">\n<h4>\ud83c\udf1f Optimizaci\u00f3n ambiental<\/h4>\n<ul>\n<li><strong>Iluminaci\u00f3n:<\/strong> Prioriza la luz natural o una iluminaci\u00f3n blanca neutra<\/li>\n<li><strong>Temperatura:<\/strong> Mant\u00e9n entre 20-22\u00b0C para un confort cognitivo \u00f3ptimo<\/li>\n<li><strong>Ac\u00fastica:<\/strong> Reduce los ruidos molestos o utiliza sonidos blancos<\/li>\n<li><strong>Organizaci\u00f3n:<\/strong> Despeja tu espacio de distracciones visuales<\/li>\n<\/ul><\/div>\n<h2>3. T\u00e9cnicas de entrenamiento cognitivo especializadas<\/h2>\n<pee>El entrenamiento cognitivo especializado representa uno de los enfoques m\u00e1s efectivos para mejorar de manera duradera la memoria a corto plazo. Esta metodolog\u00eda, basada en los principios de neuroplasticidad, permite al cerebro desarrollar nuevas conexiones neuronales y reforzar los circuitos existentes. Los ejercicios espec\u00edficos estimulan las regiones cerebrales involucradas en la memorizaci\u00f3n temporal, creando adaptaciones estructurales y funcionales medibles.<\/pee>\n<pee>La repetici\u00f3n espaciada constituye una t\u00e9cnica fundamental del entrenamiento cognitivo. Este m\u00e9todo consiste en revisar la informaci\u00f3n a intervalos de tiempo crecientes, optimizando as\u00ed el proceso de consolidaci\u00f3n mn\u00e9sica. El cerebro, ante esta estimulaci\u00f3n repetida pero espaciada, refuerza progresivamente las conexiones sin\u00e1pticas asociadas a la informaci\u00f3n procesada, mejorando su accesibilidad y durabilidad.<\/pee>\n<pee>Los ejercicios de span mn\u00e9sico, que consisten en retener secuencias de elementos de longitud creciente, constituyen otro enfoque probado. Estos ejercicios pueden utilizar n\u00fameros, letras, palabras o im\u00e1genes, solicitando diferentes sistemas de codificaci\u00f3n y almacenamiento. La progresi\u00f3n gradual de la dificultad permite al cerebro adaptarse progresivamente a cargas cognitivas m\u00e1s importantes, extendiendo naturalmente la capacidad de la memoria a corto plazo.<\/pee>\n<div class=\"conseil-card\">\n<h4>\ud83c\udfaf Programa de entrenamiento DYNSEO<\/h4>\n<pee>Nuestras aplicaciones <a href=\"https:\/\/www.dynseo.com\/es\/coco-piensa-y-coco-se-mueve-software-educativo\/\" style=\"color: var(--bleu-dark); font-weight: 600;\">COCO PIENSA y COCO SE MUEVE<\/a> proponen un programa de entrenamiento cognitivo progresivo especialmente dise\u00f1ado para mejorar la memoria a corto plazo. Con m\u00e1s de 30 juegos dedicados, usted se beneficia de una estimulaci\u00f3n cognitiva completa y personalizada seg\u00fan su nivel y sus objetivos.<\/pee>\n            <\/div>\n<h3>T\u00e9cnicas de chunking y organizaci\u00f3n<\/h3>\n<pee>El chunking, o agrupamiento de informaci\u00f3n, representa una estrategia cognitiva poderosa que permite sortear las limitaciones naturales de la memoria a corto plazo. Esta t\u00e9cnica consiste en organizar la informaci\u00f3n en unidades m\u00e1s grandes y significativas, reduciendo la carga cognitiva mientras se mantiene la cantidad de informaci\u00f3n procesada. Por ejemplo, recordar el n\u00famero 149217761945 se vuelve m\u00e1s f\u00e1cil al segmentarlo: 1492 (descubrimiento de Am\u00e9rica), 1776 (independencia americana), 1945 (fin de la Segunda Guerra Mundial).<\/pee>\n<div class=\"tip-box\">\n<div class=\"tip-box-label\">\ud83e\udde9 T\u00e9cnica avanzada<\/div>\n<pee>Creen \u00abpalacios mentales\u00bb asociando la informaci\u00f3n a recordar con lugares familiares de su hogar. Esta t\u00e9cnica milenaria, utilizada por los campeones de memoria, explota nuestra excelente memoria espacial para anclar temporalmente datos en un contexto mental estable y accesible.<\/pee>\n            <\/div>\n<h2>4. Estrategias nutricionales para optimizar la funci\u00f3n cognitiva<\/h2>\n<pee>La alimentaci\u00f3n juega un papel fundamental en el mantenimiento y la mejora de las funciones cognitivas, incluyendo la memoria a corto plazo. El cerebro, aunque solo representa el 2% del peso corporal, consume alrededor del 20% de nuestra energ\u00eda total, subrayando su necesidad constante de nutrientes de calidad. Una estrategia nutricional optimizada proporciona al cerebro los sustratos energ\u00e9ticos y los micronutrientes esenciales para su funcionamiento \u00f3ptimo.<\/pee>\n<pee>Los \u00e1cidos grasos omega-3, particularmente el \u00e1cido docosahexaenoico (DHA), constituyen componentes estructurales importantes de las membranas neuronales. Estos l\u00edpidos esenciales facilitan la transmisi\u00f3n sin\u00e1ptica y mantienen la fluidez de la membrana necesaria para los procesos de comunicaci\u00f3n neuronal. Las fuentes ricas en omega-3 incluyen los pescados grasos (salm\u00f3n, caballa, sardinas), nueces, semillas de lino y ch\u00eda, as\u00ed como los aceites vegetales de primera presi\u00f3n en fr\u00edo.<\/pee>\n<pee>Los antioxidantes protegen el cerebro contra el estr\u00e9s oxidativo, un factor de envejecimiento celular que puede alterar las funciones cognitivas. Los polifenoles presentes en las bayas, el t\u00e9 verde, el chocolate negro y las verduras coloridas neutralizan los radicales libres y favorecen la neurog\u00e9nesis. Esta protecci\u00f3n antioxidante resulta particularmente importante para preservar las capacidades de memoria a corto plazo frente al estr\u00e9s y al envejecimiento.<\/pee>\n<div class=\"expert-box\">\n<div class=\"expert-box-label\">\ud83e\udd57 Nutrici\u00f3n cognitiva<\/div>\n<h4 class=\"expert-box-title\">Men\u00fa tipo para optimizar la memoria<\/h4>\n<pee>Una alimentaci\u00f3n equilibrada apoya eficazmente las funciones cognitivas. Aqu\u00ed est\u00e1n nuestras recomendaciones basadas en las \u00faltimas investigaciones en neurociencias nutricionales.<\/pee>\n<div class=\"expert-inner\">\n<div class=\"expert-inner-title\">Desayuno \u00f3ptimo :<\/div>\n<ul>\n<li>Avena con ar\u00e1ndanos (carbohidratos complejos + antioxidantes)<\/li>\n<li>Nueces y semillas (omega-3 + vitamina E)<\/li>\n<li>T\u00e9 verde (L-teanina + polifenoles)<\/li>\n<\/ul><\/div>\n<div class=\"expert-inner\">\n<div class=\"expert-inner-title\">Aperitivos cognitivos :<\/div>\n<ul>\n<li>Chocolate negro 70% + almendras<\/li>\n<li>Palta sobre pan integral<\/li>\n<li>Batido de espinacas-pl\u00e1tano-semillas de lino<\/li>\n<\/ul><\/div>\n<\/p><\/div>\n<h3>Hidrataci\u00f3n y rendimiento cognitivo<\/h3>\n<pee>La hidrataci\u00f3n adecuada constituye un factor a menudo descuidado pero crucial para el mantenimiento de las funciones cognitivas \u00f3ptimas. Una deshidrataci\u00f3n, incluso leve (2-3% del peso corporal), puede reducir significativamente la concentraci\u00f3n, la atenci\u00f3n y la memoria a corto plazo. El cerebro, compuesto en un 75% de agua, depende de un aporte h\u00eddrico constante para mantener el equilibrio electrol\u00edtico necesario para la transmisi\u00f3n neuronal.<\/pee>\n<div class=\"key-points\">\n<h4>\ud83d\udca7 Gu\u00eda de hidrataci\u00f3n cognitiva<\/h4>\n<ul>\n<li><strong>Cantidad :<\/strong> 35ml\/kg de peso corporal por d\u00eda como m\u00ednimo<\/li>\n<li><strong>Distribuci\u00f3n :<\/strong> Peque\u00f1as cantidades regulares en lugar de grandes ingestas<\/li>\n<li><strong>Tiempo :<\/strong> Hidrataci\u00f3n preventiva antes de las tareas cognitivas intensas<\/li>\n<li><strong>Calidad :<\/strong> Agua pura, infusiones, t\u00e9 verde sin az\u00facar<\/li>\n<\/ul><\/div>\n<h2>5. El impacto del sue\u00f1o en la consolidaci\u00f3n mnemot\u00e9cnica<\/h2>\n<pee>El sue\u00f1o representa mucho m\u00e1s que un simple per\u00edodo de descanso; constituye un proceso activo de mantenimiento y optimizaci\u00f3n cerebral directamente relacionado con el rendimiento de la memoria a corto plazo. Durante las diferentes fases del sue\u00f1o, el cerebro orquesta procesos complejos de consolidaci\u00f3n, reorganizaci\u00f3n y limpieza sin\u00e1ptica que preparan los circuitos neuronales para los desaf\u00edos cognitivos del d\u00eda siguiente. Este per\u00edodo de recuperaci\u00f3n activa influye directamente en nuestra capacidad para codificar, mantener y recuperar informaci\u00f3n temporal.<\/pee>\n<pee>La fase de sue\u00f1o lento profundo juega un papel particularmente crucial en la consolidaci\u00f3n de los aprendizajes del d\u00eda y la preparaci\u00f3n de los circuitos mnemot\u00e9cnicos. Durante esta fase, las oscilaciones lentas corticales sincronizan la actividad neuronal y facilitan el traslado de informaci\u00f3n entre el hipocampo y el neocortex. Este proceso, llamado \u00abreplay\u00bb, permite no solo consolidar los recuerdos sino tambi\u00e9n optimizar las redes neuronales para un mejor rendimiento futuro de la memoria de trabajo.<\/pee>\n<pee>El sue\u00f1o parad\u00f3jico, caracterizado por una actividad cerebral intensa similar a la vigilia, contribuye a la integraci\u00f3n creativa de la informaci\u00f3n y a la flexibilidad cognitiva. Esta fase favorece la formaci\u00f3n de nuevas conexiones sin\u00e1pticas y la eliminaci\u00f3n de conexiones redundantes, procesos esenciales para mantener una memoria a corto plazo efectiva y adaptable. La privaci\u00f3n de sue\u00f1o parad\u00f3jico reduce significativamente la capacidad de atenci\u00f3n sostenida y la flexibilidad cognitiva necesarias para las tareas de memoria de trabajo complejas.<\/pee>\n<div class=\"conseil-card\">\n<h4>\ud83d\ude34 Protocolo sue\u00f1o-memoria DYNSEO<\/h4>\n<pee>Un sue\u00f1o de calidad constituye la base de un rendimiento cognitivo \u00f3ptimo. Nuestros usuarios que siguen nuestro protocolo sue\u00f1o-memoria constatan una mejora media del 15-25% en su capacidad de memorizaci\u00f3n a corto plazo. Combine este protocolo con el entrenamiento cognitivo <a href=\"https:\/\/www.dynseo.com\/es\/coco-piensa-y-coco-se-mueve-software-educativo\/\" style=\"color: var(--bleu-dark); font-weight: 600;\">COCO PIENSA y COCO SE MUEVE<\/a> para obtener resultados \u00f3ptimos.<\/pee>\n            <\/div>\n<h3>Optimizaci\u00f3n de la higiene del sue\u00f1o<\/h3>\n<pee>La higiene del sue\u00f1o agrupa el conjunto de pr\u00e1cticas y h\u00e1bitos que favorecen un sue\u00f1o reparador y regular. Estas pr\u00e1cticas influyen directamente en la calidad de los procesos de consolidaci\u00f3n mn\u00e9sica nocturna y, por lo tanto, en el rendimiento cognitivo diurno. Establecer un ritmo circadiano estable constituye la base de una higiene del sue\u00f1o efectiva, permitiendo al cerebro optimizar sus ciclos naturales de recuperaci\u00f3n y preparaci\u00f3n cognitiva.<\/pee>\n<div class=\"tip-box\">\n<div class=\"tip-box-label\">\ud83c\udf19 Rutina pre-sue\u00f1o \u00f3ptima<\/div>\n<pee>Establezca un ritual de 30-45 minutos antes de acostarse: disminuci\u00f3n progresiva de la iluminaci\u00f3n, apagado de pantallas, t\u00e9cnicas de relajaci\u00f3n (respiraci\u00f3n profunda, meditaci\u00f3n), temperatura ambiente a 18-19\u00b0C. Esta rutina se\u00f1ala al cerebro que es hora de preparar los procesos de consolidaci\u00f3n mn\u00e9sica.<\/pee>\n            <\/div>\n<h2>6. Gesti\u00f3n del estr\u00e9s y t\u00e9cnicas de relajaci\u00f3n cognitiva<\/h2>\n<pee>El estr\u00e9s cr\u00f3nico representa uno de los principales enemigos de la memoria a corto plazo, creando un c\u00edrculo vicioso donde la ansiedad relacionada con el rendimiento cognitivo genera m\u00e1s estr\u00e9s, agravando a\u00fan m\u00e1s las dificultades mn\u00e9sicas. Comprender los mecanismos neurobiol\u00f3gicos del estr\u00e9s y dominar t\u00e9cnicas efectivas de gesti\u00f3n permite romper este ciclo destructivo y optimizar las condiciones internas favorables a una memoria de trabajo eficiente.<\/pee>\n<pee>A nivel neurobiol\u00f3gico, el estr\u00e9s activa el eje hipot\u00e1lamo-hipofisario-suprarrenal, desencadenando la liberaci\u00f3n de cortisol y adrenalina. Estas hormonas, aunque adaptativas a corto plazo, perturban los procesos de memorizaci\u00f3n cuando persisten a niveles elevados. El cortisol interfiere con la plasticidad sin\u00e1ptica hipocampal y altera las conexiones entre la corteza prefrontal y las estructuras l\u00edmbicas, regiones cruciales para la memoria de trabajo y el control atencional.<\/pee>\n<pee>La neuroplasticidad permite afortunadamente al cerebro desarrollar una resistencia al estr\u00e9s y recuperar sus capacidades cognitivas \u00f3ptimas. Las t\u00e9cnicas de relajaci\u00f3n y meditaci\u00f3n inducen cambios estructurales medibles en el cerebro, reforzando las regiones asociadas a la atenci\u00f3n y a la regulaci\u00f3n emocional, mientras reducen la actividad de la am\u00edgdala, centro de la respuesta al estr\u00e9s. Estas adaptaciones neuropl\u00e1sticas crean una base neurobiol\u00f3gica m\u00e1s estable para las funciones de memoria a corto plazo.<\/pee>\n<div class=\"expert-box\">\n<div class=\"expert-box-label\">\ud83e\uddd8 T\u00e9cnicas validadas cient\u00edficamente<\/div>\n<h4 class=\"expert-box-title\">Protocolos de gesti\u00f3n del estr\u00e9s cognitivo<\/h4>\n<pee>Nuestras investigaciones identifican varias t\u00e9cnicas particularmente efectivas para reducir el impacto del estr\u00e9s en la memoria a corto plazo.<\/pee>\n<div class=\"expert-inner\">\n<div class=\"expert-inner-title\">Meditaci\u00f3n de plena conciencia (m\u00ednimo 8 semanas) :<\/div>\n<ul>\n<li>Mejora del 18-25% de la atenci\u00f3n sostenida<\/li>\n<li>Reducci\u00f3n del 20-30% del cortisol basal<\/li>\n<li>Aumento de la materia gris prefrontal<\/li>\n<\/ul><\/div>\n<div class=\"expert-inner\">\n<div class=\"expert-inner-title\">Coherencia card\u00edaca (3 veces 5 minutos\/d\u00eda) :<\/div>\n<ul>\n<li>Regulaci\u00f3n del sistema nervioso aut\u00f3nomo<\/li>\n<li>Mejora de la variabilidad card\u00edaca<\/li>\n<li>Optimizaci\u00f3n de la oxigenaci\u00f3n cerebral<\/li>\n<\/ul><\/div>\n<\/p><\/div>\n<h3>T\u00e9cnicas de respiraci\u00f3n y relajaci\u00f3n progresiva<\/h3>\n<pee>La respiraci\u00f3n controlada constituye uno de los herramientas m\u00e1s accesibles y eficaces para regular r\u00e1pidamente el estado de estr\u00e9s y optimizar las condiciones cognitivas. Las t\u00e9cnicas respiratorias act\u00faan directamente sobre el sistema nervioso aut\u00f3nomo, activando la rama parasimp\u00e1tica responsable de la relajaci\u00f3n y de la recuperaci\u00f3n. Esta activaci\u00f3n favorece un estado mental propicio para los procesos de memorizaci\u00f3n y de concentraci\u00f3n necesarios para la memoria de trabajo.<\/pee>\n<div class=\"key-points\">\n<h4>\ud83c\udf2c\ufe0f T\u00e9cnicas respiratorias esenciales<\/h4>\n<ul>\n<li><strong>Respiraci\u00f3n 4-7-8 :<\/strong> Inspiraci\u00f3n 4 tiempos, retenci\u00f3n 7 tiempos, expiraci\u00f3n 8 tiempos<\/li>\n<li><strong>Respiraci\u00f3n abdominal :<\/strong> Enfoque en la expansi\u00f3n del diafragma<\/li>\n<li><strong>Respiraci\u00f3n cuadrada :<\/strong> 4 tiempos para cada fase respiratoria<\/li>\n<li><strong>Respiraci\u00f3n alternada :<\/strong> Alternancia de las fosas nasales para equilibrar los hemisferios<\/li>\n<\/ul><\/div>\n<h2>7. Ejercicio f\u00edsico y neurog\u00e9nesis cognitiva<\/h2>\n<pee>El ejercicio f\u00edsico regular constituye uno de los factores m\u00e1s poderosos para mejorar de manera duradera las funciones cognitivas, incluyendo la memoria a corto plazo. Esta influencia positiva se explica por m\u00faltiples mecanismos neurobiol\u00f3gicos que act\u00faan en sinergia para optimizar el funcionamiento cerebral. La actividad f\u00edsica estimula la producci\u00f3n de factores neurotr\u00f3ficos, mejora la vascularizaci\u00f3n cerebral, favorece la neurog\u00e9nesis y reduce la inflamaci\u00f3n cr\u00f3nica, creando un entorno neurobiol\u00f3gico \u00f3ptimo para el rendimiento mnem\u00f3nico.<\/pee>\n<pee>El factor neurotr\u00f3fico derivado del cerebro (BDNF) representa uno de los mediadores clave de los beneficios cognitivos del ejercicio. Esta prote\u00edna, a menudo llamada \u00abmilagro de crecimiento\u00bb del cerebro, favorece la supervivencia de las neuronas existentes, estimula el crecimiento de nuevas neuronas y sinapsis, y mejora la plasticidad sin\u00e1ptica. Los niveles de BDNF aumentan significativamente despu\u00e9s del ejercicio, particularmente en el hipocampo y el c\u00f3rtex prefrontal, regiones cruciales para la memoria de trabajo y las funciones ejecutivas.<\/pee>\n<pee>El ejercicio aer\u00f3bico tambi\u00e9n induce adaptaciones vasculares que benefician directamente al cerebro. La mejora de la circulaci\u00f3n sangu\u00ednea cerebral aumenta el aporte de ox\u00edgeno y nutrientes esenciales, al tiempo que facilita la eliminaci\u00f3n de desechos metab\u00f3licos. Esta optimizaci\u00f3n de la perfusi\u00f3n cerebral crea condiciones fisiol\u00f3gicas favorables para el mantenimiento de la atenci\u00f3n sostenida y el rendimiento de la memoria a corto plazo, particularmente durante tareas cognitivas exigentes.<\/pee>\n<div class=\"conseil-card\">\n<h4>\ud83c\udfc3\u200d\u2642\ufe0f Programa ejercicio-cognici\u00f3n DYNSEO<\/h4>\n<pee>Combine actividad f\u00edsica y entrenamiento cognitivo para maximizar los beneficios neuropl\u00e1sticos. Nuestro enfoque integrado, que incluye <a href=\"https:\/\/www.dynseo.com\/es\/coco-piensa-y-coco-se-mueve-software-educativo\/\" style=\"color: var(--bleu-dark); font-weight: 600;\">COCO SE MUEVE<\/a> para la actividad f\u00edsica y COCO PIENSA para la estimulaci\u00f3n cognitiva, crea sinergias excepcionales para la mejora de la memoria a corto plazo.<\/pee>\n            <\/div>\n<h3>Modalidades \u00f3ptimas de ejercicio para la cognici\u00f3n<\/h3>\n<pee>La investigaci\u00f3n identifica par\u00e1metros espec\u00edficos de ejercicio que maximizan los beneficios cognitivos. La intensidad moderada, correspondiente al 60-70% de la frecuencia card\u00edaca m\u00e1xima, parece \u00f3ptima para estimular la producci\u00f3n de BDNF sin inducir un estr\u00e9s oxidativo excesivo. Esta intensidad permite mantener el ejercicio el tiempo suficiente para desencadenar las adaptaciones neurobiol\u00f3gicas beneficiosas, al mismo tiempo que preserva la recuperaci\u00f3n necesaria para la consolidaci\u00f3n de estas adaptaciones.<\/pee>\n<div class=\"tip-box\">\n<div class=\"tip-box-label\">\u26a1 Protocolo de alta intensidad<\/div>\n<pee>El entrenamiento por intervalos de alta intensidad (HIIT) de corta duraci\u00f3n (15-20 minutos) puede producir beneficios cognitivos r\u00e1pidos. Alterna 30 segundos de esfuerzo intenso con 90 segundos de recuperaci\u00f3n activa. Esta modalidad estimula particularmente la producci\u00f3n de factores neurotr\u00f3ficos y mejora la atenci\u00f3n en las horas posteriores al ejercicio.<\/pee>\n            <\/div>\n<h2>8. Tecnolog\u00edas y herramientas digitales de entrenamiento<\/h2>\n<pee>La llegada de las tecnolog\u00edas digitales ha revolucionado las posibilidades de entrenamiento cognitivo, ofreciendo herramientas sofisticadas y personalizadas para mejorar la memoria a corto plazo. Estas tecnolog\u00edas aprovechan los principios de gamificaci\u00f3n, adaptaci\u00f3n din\u00e1mica de la dificultad y seguimiento del progreso para crear experiencias de entrenamiento atractivas y efectivas. La principal ventaja de estas herramientas radica en su capacidad para proporcionar retroalimentaci\u00f3n inmediata y ajustar autom\u00e1ticamente los par\u00e1metros de entrenamiento seg\u00fan el rendimiento individual.<\/pee>\n<pee>Las aplicaciones de entrenamiento cognitivo basadas en evidencia cient\u00edfica integran paradigmas experimentales validados por la investigaci\u00f3n en neurociencias cognitivas. Estos paradigmas, adaptados en forma de juegos interactivos, apuntan espec\u00edficamente a los procesos cognitivos subyacentes a la memoria de trabajo: actualizaci\u00f3n continua de informaci\u00f3n, inhibici\u00f3n de distractores, flexibilidad atencional y manipulaci\u00f3n mental de datos. Este enfoque dirigido permite optimizar la eficacia del entrenamiento al estimular precisamente los mecanismos neuronales involucrados en la memoria a corto plazo.<\/pee>\n<pee>La personalizaci\u00f3n algor\u00edtmica representa un activo importante de las tecnolog\u00edas de entrenamiento modernas. Estos sistemas analizan continuamente los patrones de rendimiento, identifican las fortalezas y debilidades cognitivas individuales, y adaptan din\u00e1micamente los ejercicios para mantener un nivel de desaf\u00edo \u00f3ptimo. Esta zona de desaf\u00edo \u00f3ptimo, ni demasiado f\u00e1cil ni demasiado dif\u00edcil, maximiza el compromiso motivacional y la eficacia neuropl\u00e1stica, creando las condiciones ideales para la mejora sostenible de las capacidades mn\u00e9sicas.<\/pee>\n<div class=\"expert-box\">\n<div class=\"expert-box-label\">\ud83d\udcf1 Innovaci\u00f3n DYNSEO<\/div>\n<h4 class=\"expert-box-title\">Ecosistema de entrenamiento cognitivo integrado<\/h4>\n<pee>Nuestras soluciones tecnol\u00f3gicas representan la c\u00faspide de la innovaci\u00f3n en entrenamiento cognitivo, combinando rigor cient\u00edfico y experiencia del usuario \u00f3ptima.<\/pee>\n<div class=\"expert-inner\">\n<div class=\"expert-inner-title\">COCO PIENSA &#8211; Entrenamiento cognitivo puro:<\/div>\n<ul>\n<li>M\u00e1s de 30 juegos que apuntan espec\u00edficamente a la memoria de trabajo<\/li>\n<li>Algoritmo de adaptaci\u00f3n din\u00e1mica de la dificultad<\/li>\n<li>Seguimiento detallado de los progresos y an\u00e1lisis cognitivos<\/li>\n<li>Protocolos validados cient\u00edficamente<\/li>\n<\/ul><\/div>\n<div class=\"expert-inner\">\n<div class=\"expert-inner-title\">COCO SE MUEVE &#8211; Enfoque cuerpo-mente:<\/div>\n<ul>\n<li>Ejercicios f\u00edsicos combinados con desaf\u00edos cognitivos<\/li>\n<li>Estimulaci\u00f3n simult\u00e1nea motora y mnemot\u00e9cnica<\/li>\n<li>Optimizaci\u00f3n de los beneficios neuropl\u00e1sticos cruzados<\/li>\n<\/ul><\/div>\n<\/p><\/div>\n<h3>Realidad virtual y entornos inmersivos<\/h3>\n<pee>La realidad virtual emerge como una tecnolog\u00eda prometedora para el entrenamiento de la memoria a corto plazo, ofreciendo posibilidades de inmersi\u00f3n y contextualizaci\u00f3n imposibles con los enfoques tradicionales. Los entornos virtuales permiten crear escenarios complejos y realistas que requieren la memoria de trabajo en contextos ecol\u00f3gicamente v\u00e1lidos, mejorando as\u00ed la transferencia de los aprendizajes a las situaciones de la vida cotidiana.<\/pee>\n<div class=\"key-points\">\n<h4>\ud83e\udd7d Ventajas de la realidad virtual<\/h4>\n<ul>\n<li><strong>Inmersi\u00f3n total :<\/strong> Eliminaci\u00f3n de las distracciones externas<\/li>\n<li><strong>Contextualizaci\u00f3n :<\/strong> Aprendizaje en situaci\u00f3n casi real<\/li>\n<li><strong>Compromiso aumentado :<\/strong> Motivaci\u00f3n mantenida por el aspecto l\u00fadico<\/li>\n<li><strong>Reproducibilidad :<\/strong> Condiciones de entrenamiento estandarizadas<\/li>\n<\/ul><\/div>\n<h2>9. Estrategias mnemot\u00e9cnicas avanzadas<\/h2>\n<pee>Las estrategias mnemot\u00e9cnicas representan herramientas cognitivas sofisticadas que explotan las capacidades naturales de procesamiento de la informaci\u00f3n del cerebro para optimizar la codificaci\u00f3n, el almacenamiento y la recuperaci\u00f3n en memoria a corto plazo. Estas t\u00e9cnicas, desarrolladas y refinadas a lo largo de los siglos por los maestros de la memoria, aprovechan los sistemas de memoria que funcionan naturalmente de manera excelente en el ser humano, incluyendo la memoria espacial, la memoria visual y la memoria asociativa. La eficacia de estas estrategias se basa en su capacidad para transformar informaci\u00f3n abstracta en representaciones concretas, coloridas y significativas.<\/pee>\n<pee>El m\u00e9todo de los loci, tambi\u00e9n llamado palacio de la memoria, constituye una de las t\u00e9cnicas mnemot\u00e9cnicas m\u00e1s poderosas y mejor documentadas cient\u00edficamente. Este m\u00e9todo explota nuestra excelente memoria espacial al asociar la informaci\u00f3n a retener con lugares espec\u00edficos en un entorno familiar. El cerebro, que ha evolucionado para navegar eficazmente en el espacio, procesa y retiene naturalmente la informaci\u00f3n espacial con gran precisi\u00f3n. Al anclar los datos temporales en estos \u00ablugares mentales\u00bb estables, creamos \u00edndices de recuperaci\u00f3n robustos que facilitan enormemente el acceso a la informaci\u00f3n almacenada.<\/pee>\n<pee>Las t\u00e9cnicas de asociaci\u00f3n creativa permiten crear v\u00ednculos mnem\u00f3nicos duraderos al explotar la imaginaci\u00f3n, la emoci\u00f3n y el humor. El cerebro codifica preferentemente la informaci\u00f3n inusual, divertida, colorida o emocionalmente cargada, fen\u00f3meno conocido como efecto de rareza. Al transformar conscientemente datos neutros en im\u00e1genes mentales v\u00edvidas y memorables, facilitamos considerablemente su retenci\u00f3n temporal y su recuperaci\u00f3n posterior. Esta transformaci\u00f3n activa implica las regiones cerebrales asociadas a la creatividad y a la emoci\u00f3n, enriqueciendo la codificaci\u00f3n mnem\u00f3nica a trav\u00e9s de circuitos neuronales m\u00faltiples.<\/pee>\n<div class=\"conseil-card\">\n<h4>\ud83c\udff0 Construye tu palacio de memoria<\/h4>\n<pee>Comienza por mapear mentalmente un lugar que conoces perfectamente (tu hogar, tu ruta diaria). Identifica de 10 a 20 ubicaciones distintas y memorables. Luego asocia cada informaci\u00f3n a retener con una ubicaci\u00f3n espec\u00edfica creando una imagen mental v\u00edvida e interactiva. Nuestros ejercicios <a href=\"https:\/\/www.dynseo.com\/es\/coco-piensa-y-coco-se-mueve-software-educativo\/\" style=\"color: var(--bleu-dark); font-weight: 600;\">COCO PIENSA<\/a> incluyen m\u00f3dulos de entrenamiento para palacios de memoria adaptativos.<\/pee>\n            <\/div>\n<h3>Sistemas de codificaci\u00f3n alfanum\u00e9rica<\/h3>\n<pee>Los sistemas de codificaci\u00f3n alfanum\u00e9rica transforman los n\u00fameros abstractos en palabras concretas y memorables, aprovechando as\u00ed la superioridad de la memoria verbal e imaginativa sobre la memoria num\u00e9rica pura. El sistema fon\u00e9tico mayor, desarrollado en el siglo XVII y perfeccionado desde entonces, asocia cada n\u00famero con uno o varios sonidos conson\u00e1nticos espec\u00edficos. Esta transformaci\u00f3n sistem\u00e1tica permite convertir cualquier secuencia num\u00e9rica en palabras pronunciadas, que luego pueden organizarse en frases o historias memorables.<\/pee>\n<div class=\"tip-box\">\n<div class=\"tip-box-label\">\ud83d\udd22 C\u00f3digo fon\u00e9tico simplificado<\/div>\n<pee>Memoriza estas asociaciones b\u00e1sicas: 1=T\/D, 2=N, 3=M, 4=R, 5=L, 6=J\/CH, 7=K\/G, 8=F\/V, 9=P\/B, 0=S\/Z. El n\u00famero 1492 se convierte en \u00abTaRe MiNe\u00bb o \u00abToRNaDe\u00bb. Crea frases: \u00abLa TORNaDe devasta\u00bb para recordar 1492. Esta t\u00e9cnica mejora dr\u00e1sticamente la retenci\u00f3n de secuencias num\u00e9ricas.<\/pee>\n            <\/div>\n<h2>10. Optimizaci\u00f3n de la atenci\u00f3n y de la concentraci\u00f3n<\/h2>\n<pee>La atenci\u00f3n constituye el guardi\u00e1n de la memoria a corto plazo, determinando qu\u00e9 informaci\u00f3n ser\u00e1 procesada, mantenida y disponible para los procesos cognitivos superiores. Sin una atenci\u00f3n dirigida y sostenida de manera efectiva, incluso las estrategias mnemot\u00e9cnicas m\u00e1s sofisticadas pierden su eficacia. La optimizaci\u00f3n de las capacidades atencionales representa, por lo tanto, un requisito fundamental para la mejora de la memoria de trabajo. Esta optimizaci\u00f3n implica el desarrollo de varios componentes atencionales complementarios: la atenci\u00f3n sostenida, la atenci\u00f3n selectiva, la flexibilidad atencional y el control inhibitorio.<\/pee>\n<pee>La atenci\u00f3n sostenida, capacidad para mantener un enfoque constante en una tarea o un est\u00edmulo durante un per\u00edodo prolongado, constituye la base del buen funcionamiento de la memoria a corto plazo. Esta forma de atenci\u00f3n depende principalmente de las redes neuronales frontoparietales y de su capacidad para resistir las distracciones internas y externas. El entrenamiento de la atenci\u00f3n sostenida mejora directamente la estabilidad de las representaciones en la memoria de trabajo y reduce las interferencias que pueden corromper o borrar la informaci\u00f3n almacenada temporalmente.<\/pee>\n<pee>La atenci\u00f3n selectiva permite filtrar la informaci\u00f3n relevante y suprimir los distractores no relevantes, funci\u00f3n crucial en nuestros entornos modernos ricos en est\u00edmulos. Esta capacidad de filtrado atencional determina la calidad de la codificaci\u00f3n inicial en la memoria a corto plazo e influye directamente en la precisi\u00f3n de la informaci\u00f3n disponible para el procesamiento cognitivo. Un filtrado atencional deficiente provoca una sobrecarga cognitiva que disminuye la eficacia de la memoria de trabajo y aumenta los errores de procesamiento.<\/pee>\n<div class=\"expert-box\">\n<div class=\"expert-box-label\">\ud83c\udfaf Protocolos atencionales<\/div>\n<h4 class=\"expert-box-title\">Entrenamiento de la atenci\u00f3n ejecutiva<\/h4>\n<pee>Nuestros protocolos de optimizaci\u00f3n atencional est\u00e1n dirigidos espec\u00edficamente a las redes neuronales ejecutivas responsables del control cognitivo y de la memoria de trabajo.<\/pee>\n<div class=\"expert-inner\">\n<div class=\"expert-inner-title\">Tareas de conflicto atencional:<\/div>\n<ul>\n<li>Test de Stroop adaptativo para la inhibici\u00f3n cognitiva<\/li>\n<li>Tareas de flanker para la atenci\u00f3n selectiva<\/li>\n<li>Paradigmas de cambio de set para la flexibilidad mental<\/li>\n<li>Ejercicios de actualizaci\u00f3n continua (tareas n-back)<\/li>\n<\/ul><\/div>\n<div class=\"expert-inner\">\n<div class=\"expert-inner-title\">Beneficios medidos despu\u00e9s de 4 semanas:<\/div>\n<ul>\n<li>+22% de estabilidad atencional sostenida<\/li>\n<li>+18% de rapidez de desenganche atencional<\/li>\n<li>+15% de resistencia a las interferencias<\/li>\n<\/ul><\/div>\n<\/p><\/div>\n<h3>Meditaci\u00f3n y plena conciencia cognitiva<\/h3>\n<pee>La meditaci\u00f3n de plena conciencia representa un entrenamiento atencional que produce beneficios cognitivos medibles y duraderos. Esta pr\u00e1ctica desarrolla espec\u00edficamente la capacidad de mantener la atenci\u00f3n en el momento presente mientras se observa sin juicio las fluctuaciones mentales. Estas habilidades atencionales se transfieren directamente a las tareas de memoria de trabajo, mejorando la estabilidad de las representaciones mentales y la resistencia a las distracciones internas (pensamientos intrusivos, rumiaciones).<\/pee>\n<div class=\"key-points\">\n<h4>\ud83e\uddd8\u200d\u2640\ufe0f Programa de plena conciencia cognitiva<\/h4>\n<ul>\n<li><strong>Semanas 1-2 :<\/strong> Meditaci\u00f3n sobre la respiraci\u00f3n (10-15 min\/d\u00eda)<\/li>\n<li><strong>Semanas 3-4 :<\/strong> Escaneo corporal y atenci\u00f3n a las sensaciones<\/li>\n<li><strong>Semanas 5-6 :<\/strong> Meditaci\u00f3n de los sonidos y del entorno<\/li>\n<li><strong>Semanas 7-8 :<\/strong> Plena conciencia en las actividades diarias<\/li>\n<\/ul><\/div>\n<h2>11. Adaptaci\u00f3n de las estrategias seg\u00fan la edad y el perfil cognitivo<\/h2>\n<pee>La optimizaci\u00f3n de la memoria a corto plazo debe tener en cuenta las variaciones interindividuales relacionadas con la edad, el perfil cognitivo personal y las especificidades neurobiol\u00f3gicas de cada individuo. Estas diferencias influyen no solo en las capacidades mnem\u00f3nicas b\u00e1sicas, sino tambi\u00e9n en la receptividad a las diferentes estrategias de mejora y las modalidades de entrenamiento m\u00e1s efectivas. Un enfoque personalizado, basado en una evaluaci\u00f3n precisa de las fortalezas y debilidades cognitivas individuales, maximiza la eficacia de las intervenciones y optimiza la relaci\u00f3n tiempo invertido\/beneficios obtenidos.<\/pee>\n<pee>El envejecimiento normal se acompa\u00f1a de modificaciones neurobiol\u00f3gicas que afectan de manera diferente a los componentes de la memoria de trabajo. La velocidad de procesamiento disminuye gradualmente, la eficacia del filtrado atencional se reduce, y la capacidad de inhibici\u00f3n de la informaci\u00f3n no relevante declina. Sin embargo, algunas capacidades como la memoria cristalizada y las estrategias compensatorias se mantienen o incluso mejoran con la edad. Estos patrones de preservaci\u00f3n y declive gu\u00edan la adaptaci\u00f3n de las estrategias de entrenamiento para los adultos mayores, privilegiando los enfoques que capitalizan sobre las fuerzas preservadas mientras se dirigen espec\u00edficamente a las vulnerabilidades relacionadas con la edad.<\/pee>\n<pee>Los perfiles cognitivos individuales reflejan diferencias en la organizaci\u00f3n y la eficacia de las redes neuronales, influyendo en las preferencias de tratamiento de la informaci\u00f3n y la receptividad a las diferentes modalidades de aprendizaje. Algunos individuos destacan en el procesamiento visuo-espacial mientras que otros privilegian las modalidades verbales-auditivas. Estas diferencias, lejos de ser simples preferencias subjetivas, reflejan variaciones en la arquitectura neuronal que pueden ser explotadas para optimizar las estrategias de memorizaci\u00f3n personalizadas.<\/pee>\n<div class=\"conseil-card\">\n<h4>\ud83c\udfaf Evaluaci\u00f3n cognitiva personalizada<\/h4>\n<pee>Nuestras herramientas de evaluaci\u00f3n cognitiva integradas en <a href=\"https:\/\/www.dynseo.com\/es\/coco-piensa-y-coco-se-mueve-software-educativo\/\" style=\"color: var(--bleu-dark); font-weight: 600;\">COCO PIENSA<\/a> identifican tu perfil cognitivo \u00fanico al analizar tu rendimiento en m\u00faltiples tareas estandarizadas. Esta evaluaci\u00f3n genera autom\u00e1ticamente un programa de entrenamiento personalizado que apunta a tus necesidades espec\u00edficas mientras capitaliza sobre tus fortalezas naturales.<\/pee>\n            <\/div>\n<h3>Estrategias espec\u00edficas por franja de edad<\/h3>\n<pee>La adaptaci\u00f3n de las estrategias de mejora de la memoria a corto plazo seg\u00fan la edad requiere una comprensi\u00f3n precisa de las especificidades del desarrollo y de los mecanismos compensatorios disponibles en cada etapa de la vida. Esta adaptaci\u00f3n no se limita a una simple reducci\u00f3n de la dificultad, sino que implica una reconsideraci\u00f3n completa de las modalidades de entrenamiento, los objetivos perseguidos y los criterios de progreso.<\/pee>\n<div class=\"tip-box\">\n<div class=\"tip-box-label\">\ud83d\udc65 Adaptaci\u00f3n por perfil<\/div>\n<pee><strong>Ni\u00f1os\/Adolescentes :<\/strong> Priorizar la gamificaci\u00f3n, el aprendizaje a trav\u00e9s del error y los desaf\u00edos sociales. <strong>Adultos activos :<\/strong> Integraci\u00f3n en las actividades profesionales, entrenamiento intensivo corto. <strong>Mayores :<\/strong> Progresi\u00f3n gradual, valorizaci\u00f3n de la experiencia, enfoques multimodales compensatorios.<\/pee>\n            <\/div>\n<div class=\"key-points\">\n<h4>\ud83c\udfa8 Perfiles cognitivos y modalidades \u00f3ptimas<\/h4>\n<ul>\n<li><strong>Perfil visual :<\/strong> Mapas mentales, palacio de la memoria, asociaciones visuales<\/li>\n<li><strong>Perfil auditivo :<\/strong> Repetici\u00f3n r\u00edtmica, asociaciones fon\u00e9ticas, narraci\u00f3n<\/li>\n<li><strong>Perfil kinest\u00e9sico :<\/strong> Gestualidad asociada, manipulaci\u00f3n de objetos, movimiento<\/li>\n<li><strong>Perfil anal\u00edtico :<\/strong> Categorizaci\u00f3n l\u00f3gica, estructuras jer\u00e1rquicas, patrones<\/li>\n<\/ul><\/div>\n<div class=\"faq-list\">\n<div class=\"faq-item\">\n<div class=\"faq-q\">\n                        <span>\u00bfCu\u00e1nto tiempo se necesita para observar mejoras en la memoria a corto plazo?<\/span><br \/>\n                        <span class=\"faq-icon\">+<\/span>\n                    <\/div>\n<div class=\"faq-a\">\n                        <pee>Las primeras mejoras pueden ser observadas a partir de 2-3 semanas de entrenamiento regular, con beneficios significativos generalmente visibles despu\u00e9s de 6-8 semanas. Las adaptaciones neuropl\u00e1sticas mayores se consolidan en 3-6 meses de entrenamiento consistente. La clave radica en la regularidad m\u00e1s que en la intensidad excesiva.<\/pee>\n                    <\/div>\n<\/p><\/div>\n<div class=\"faq-item\">\n<div class=\"faq-q\">\n                        <span>\u00bfEl entrenamiento cognitivo digital es tan efectivo como los m\u00e9todos tradicionales?<\/span><br \/>\n                        <span class=\"faq-icon\">+<\/span>\n                    <\/div>\n<div class=\"faq-a\">\n                        <pee>Los estudios muestran que las aplicaciones de entrenamiento cognitivo basadas en evidencias cient\u00edficas, como COCO PIENSA, pueden ser tan efectivas como los m\u00e9todos tradicionales, con el<br \/>\n<script type=\"application\/ld+json\">\n[\n  {\n    \"@context\": \"https:\/\/schema.org\",\n    \"@type\": \"Article\",\n    \"headline\": \"Comment am\u00e9liorer la memoria \u00e0 court terme : strat\u00e9gies et astuces\",\n    \"description\": \"estimulaci\u00f3n cognitiva - Comment am\u00e9liorer la memoria \u00e0 court terme : strat\u00e9gies et astuces. \ud83d\udcc5 Avril 2026 \u23f1\ufe0f 15 min de lec\",\n    \"image\": \"https:\/\/www.dynseo.com\/wp-content\/uploads\/2026\/04\/memoire-court-terme.jpg\",\n    \"datePublished\": \"2026-04-07\",\n    \"dateModified\": \"2026-04-07\",\n    \"author\": {\n      \"@type\": \"Organization\",\n      \"name\": \"DYNSEO\",\n      \"url\": \"https:\/\/www.dynseo.com\"\n    },\n    \"publisher\": {\n      \"@type\": \"Organization\",\n      \"name\": \"DYNSEO\",\n      \"url\": \"https:\/\/www.dynseo.com\",\n      \"logo\": {\n        \"@type\": \"ImageObject\",\n        \"url\": \"https:\/\/www.dynseo.com\/wp-content\/uploads\/logo-dynseo.png\"\n      }\n    },\n    \"aggregateRating\": {\n      \"@type\": \"AggregateRating\",\n      \"ratingValue\": \"4.8\",\n      \"bestRating\": \"5\",\n      \"worstRating\": \"1\",\n      \"ratingCount\": \"47\"\n    },\n    \"mainEntityOfPage\": {\n      \"@type\": \"WebPage\",\n      \"@id\": \"https:\/\/www.dynseo.com\/comment-ameliorer-la-memoire-a-court-terme-strategies-et-astuces\/\"\n    }\n  },\n  {\n    \"@context\": \"https:\/\/schema.org\",\n    \"@type\": \"WebPage\",\n    \"url\": \"https:\/\/www.dynseo.com\/comment-ameliorer-la-memoire-a-court-terme-strategies-et-astuces\/\",\n    \"name\": \"Comment am\u00e9liorer la memoria \u00e0 court terme : strat\u00e9gies et astuces\",\n    \"breadcrumb\": {\n      \"@type\": \"BreadcrumbList\",\n      \"itemListElement\": [\n        {\n          \"@type\": \"ListItem\",\n          \"position\": 1,\n          \"name\": \"Accueil\",\n          \"item\": \"https:\/\/www.dynseo.com\/\"\n        },\n        {\n          \"@type\": \"ListItem\",\n          \"position\": 2,\n          \"name\": \"Blog\",\n          \"item\": \"https:\/\/www.dynseo.com\/blog\/\"\n        },\n        {\n          \"@type\": \"ListItem\",\n          \"position\": 3,\n          \"name\": \"Comment am\u00e9liorer la memoria \u00e0 court terme : strat\u00e9gies et astuces\",\n          \"item\": \"https:\/\/www.dynseo.com\/comment-ameliorer-la-memoire-a-court-terme-strategies-et-astuces\/\"\n        }\n      ]\n    }\n  },\n  {\n    \"@context\": \"https:\/\/schema.org\",\n    \"@type\": \"FAQPage\",\n    \"mainEntity\": [\n      {\n        \"@type\": \"Question\",\n        \"name\": \"Combien de temps faut-il pour observer des am\u00e9liorations de la memoria \u00e0 court terme ?\",\n        \"acceptedAnswer\": {\n          \"@type\": \"Answer\",\n          \"text\": \"Les am\u00e9liorations de la memoria \u00e0 court terme peuvent \u00eatre observ\u00e9es apr\u00e8s quelques semaines d'entra\u00eenement r\u00e9gulier. Cependant, la dur\u00e9e exacte varie selon l'individu, l'intensit\u00e9 de l'entra\u00eenement et les m\u00e9thodes utilis\u00e9es. Une pratique quotidienne de 15 \u00e0 30 minutes peut montrer des r\u00e9sultats significatifs apr\u00e8s 4 \u00e0 6 semaines.\"\n        }\n      },\n      {\n        \"@type\": \"Question\",\n        \"name\": \"L'entra\u00eenement cognitif num\u00e9rique est-il aussi efficace que les m\u00e9thodes traditionnelles ?\",\n        \"acceptedAnswer\": {\n          \"@type\": \"Answer\",\n          \"text\": \"L'entra\u00eenement cognitif num\u00e9rique pr\u00e9sente plusieurs avantages : personnalisation des exercices, suivi des progr\u00e8s en temps r\u00e9el et adaptation automatique de la difficult\u00e9. Les \u00e9tudes montrent une efficacit\u00e9 comparable aux m\u00e9thodes traditionnelles, avec l'avantage suppl\u00e9mentaire de la motivation gr\u00e2ce aux \u00e9l\u00e9ments ludiques et \u00e0 l'accessibilit\u00e9.\"\n        }\n      }\n    ]\n  }\n]\n<\/script>[\/et_pb_code][\/et_pb_column][\/et_pb_row][\/et_pb_section]<\/p>\n","protected":false},"excerpt":{"rendered":"","protected":false},"author":4,"featured_media":412655,"comment_status":"closed","ping_status":"closed","sticky":false,"template":"","format":"standard","meta":{"_et_pb_use_builder":"on","_et_pb_old_content":"[et_pb_section fb_built=\"1\" _builder_version=\"4.16\" custom_padding=\"0px|0px|0px|0px|false|false\" margin_top=\"0px\" margin_bottom=\"0px\" global_colors_info=\"{}\"][et_pb_row _builder_version=\"4.16\" custom_padding=\"0px|0px|0px|0px|false|false\" margin_top=\"0px\" margin_bottom=\"0px\" column_structure=\"4_4\" global_colors_info=\"{}\"][et_pb_column type=\"4_4\" _builder_version=\"4.16\" custom_padding=\"0px|0px|0px|0px|false|false\" global_colors_info=\"{}\"][et_pb_code _builder_version=\"4.16\" custom_padding=\"0px|0px|0px|0px|false|false\" global_colors_info=\"{}\"]<!DOCTYPE html>\n<html lang=\"fr\">\n<head>\n    <meta charset=\"UTF-8\">\n    <meta name=\"viewport\" content=\"width=device-width, initial-scale=1.0\">\n    <title>Comment am\u00e9liorer la m\u00e9moire \u00e0 court terme : strat\u00e9gies et astuces<\/title>\n    <link href=\"https:\/\/fonts.googleapis.com\/css2?family=Montserrat:wght@400;600;700&family=Poppins:wght@400;500;600&display=swap\" rel=\"stylesheet\">\n    <style>\n        :root {\n            --bleu: #5e5ed7;\n            --bleu-dark: #5268c9;\n            --teal: #a9e2e4;\n            --jaune: #ffeca7;\n            --rose: #e73469;\n            --gris-clair: #f8f9fa;\n            --gris-moyen: #6c757d;\n            --noir: #2c3e50;\n        }\n\n        * {\n            margin: 0;\n            padding: 0;\n            box-sizing: border-box;\n        }\n\n        body {\n            font-family: 'Poppins', sans-serif;\n            line-height: 1.6;\n            color: var(--noir);\n        }\n\n        .article-hero {\n            background: linear-gradient(135deg, var(--bleu) 0%, var(--bleu-dark) 100%);\n            color: white;\n            padding: 3rem 0 8rem 0;\n            position: relative;\n        }\n\n        .article-hero-inner {\n            max-width: 1200px;\n            margin: 0 auto;\n            padding: 0 2rem;\n        }\n\n        .article-breadcrumb {\n            font-size: 0.9rem;\n            margin-bottom: 1rem;\n            opacity: 0.9;\n        }\n\n        .article-category {\n            background: var(--rose);\n            color: white;\n            padding: 0.5rem 1rem;\n            border-radius: 20px;\n            font-size: 0.85rem;\n            font-weight: 600;\n            display: inline-block;\n            margin-bottom: 1.5rem;\n        }\n\n        .article-hero h1 {\n            font-family: 'Montserrat', sans-serif;\n            font-size: 2.5rem;\n            font-weight: 700;\n            margin-bottom: 1.5rem;\n            line-height: 1.2;\n        }\n\n        .hl {\n            background: var(--jaune);\n            color: var(--noir);\n            padding: 0 0.5rem;\n            border-radius: 5px;\n        }\n\n        .article-meta {\n            display: flex;\n            flex-wrap: wrap;\n            gap: 2rem;\n            align-items: center;\n            margin-bottom: 1rem;\n            font-size: 0.9rem;\n        }\n\n        .rating {\n            display: flex;\n            align-items: center;\n            gap: 0.5rem;\n        }\n\n        .stars {\n            color: var(--jaune);\n        }\n\n        .article-hero-curve {\n            position: absolute;\n            bottom: -1px;\n            left: 0;\n            width: 100%;\n            height: 80px;\n            background: white;\n            clip-path: ellipse(100% 100% at 50% 100%);\n        }\n\n        .article-body {\n            padding: 4rem 0;\n        }\n\n        .container {\n            max-width: 1000px;\n            margin: 0 auto;\n            padding: 0 2rem;\n        }\n\n        .intro-block {\n            font-size: 1.1rem;\n            color: var(--gris-moyen);\n            margin-bottom: 3rem;\n            text-align: center;\n            line-height: 1.8;\n        }\n\n        .stats-grid {\n            display: grid;\n            grid-template-columns: repeat(auto-fit, minmax(200px, 1fr));\n            gap: 2rem;\n            margin-bottom: 4rem;\n        }\n\n        .stat-card {\n            background: white;\n            border-radius: 15px;\n            padding: 2rem;\n            text-align: center;\n            box-shadow: 0 10px 30px rgba(0,0,0,0.1);\n            border-left: 5px solid var(--teal);\n        }\n\n        .stat-card .number {\n            font-size: 2.5rem;\n            font-weight: 700;\n            color: var(--bleu);\n            display: block;\n            margin-bottom: 0.5rem;\n        }\n\n        .stat-card .label {\n            color: var(--gris-moyen);\n            font-size: 0.9rem;\n        }\n\n        h2 {\n            font-family: 'Montserrat', sans-serif;\n            font-size: 1.8rem;\n            color: var(--bleu);\n            margin: 3rem 0 1.5rem 0;\n            position: relative;\n        }\n\n        h2:before {\n            content: '';\n            width: 50px;\n            height: 3px;\n            background: var(--teal);\n            position: absolute;\n            bottom: -5px;\n            left: 0;\n        }\n\n        h3 {\n            font-family: 'Montserrat', sans-serif;\n            font-size: 1.3rem;\n            color: var(--bleu-dark);\n            margin: 2rem 0 1rem 0;\n        }\n\n        p {\n            margin-bottom: 1.5rem;\n            line-height: 1.8;\n        }\n\n        ul, ol {\n            margin-bottom: 1.5rem;\n            padding-left: 2rem;\n        }\n\n        li {\n            margin-bottom: 0.5rem;\n        }\n\n        .conseil-card {\n            background: linear-gradient(135deg, var(--teal), #87ceeb);\n            border-radius: 15px;\n            padding: 2rem;\n            margin: 2rem 0;\n            color: var(--noir);\n        }\n\n        .conseil-card h4 {\n            font-family: 'Montserrat', sans-serif;\n            margin-bottom: 1rem;\n            color: var(--bleu-dark);\n        }\n\n        .key-points {\n            background: var(--gris-clair);\n            border-radius: 10px;\n            padding: 1.5rem;\n            margin: 2rem 0;\n            border-left: 5px solid var(--bleu);\n        }\n\n        .key-points h4 {\n            color: var(--bleu);\n            margin-bottom: 1rem;\n        }\n\n        .tip-box {\n            background: var(--jaune);\n            border-radius: 10px;\n            padding: 1.5rem;\n            margin: 2rem 0;\n            position: relative;\n        }\n\n        .tip-box-label {\n            background: var(--rose);\n            color: white;\n            padding: 0.3rem 0.8rem;\n            border-radius: 15px;\n            font-size: 0.8rem;\n            font-weight: 600;\n            position: absolute;\n            top: -10px;\n            left: 1.5rem;\n        }\n\n        .expert-box {\n            background: white;\n            border: 2px solid var(--bleu);\n            border-radius: 15px;\n            padding: 2rem;\n            margin: 2rem 0;\n        }\n\n        .expert-box-label {\n            background: var(--bleu);\n            color: white;\n            padding: 0.3rem 0.8rem;\n            border-radius: 15px;\n            font-size: 0.8rem;\n            font-weight: 600;\n            display: inline-block;\n            margin-bottom: 1rem;\n        }\n\n        .expert-box-title {\n            font-family: 'Montserrat', sans-serif;\n            color: var(--bleu);\n            margin-bottom: 1rem;\n        }\n\n        .expert-inner {\n            background: var(--gris-clair);\n            padding: 1.5rem;\n            border-radius: 10px;\n            margin-top: 1rem;\n        }\n\n        .expert-inner-title {\n            font-weight: 600;\n            color: var(--bleu-dark);\n            margin-bottom: 0.5rem;\n        }\n\n        .faq-list {\n            margin: 3rem 0;\n        }\n\n        .faq-item {\n            border: 1px solid #e0e0e0;\n            border-radius: 10px;\n            margin-bottom: 1rem;\n            overflow: hidden;\n        }\n\n        .faq-q {\n            background: var(--gris-clair);\n            padding: 1.5rem;\n            cursor: pointer;\n            display: flex;\n            justify-content: space-between;\n            align-items: center;\n            font-weight: 600;\n            color: var(--bleu-dark);\n        }\n\n        .faq-icon {\n            background: var(--bleu);\n            color: white;\n            width: 25px;\n            height: 25px;\n            border-radius: 50%;\n            display: flex;\n            align-items: center;\n            justify-content: center;\n            font-weight: bold;\n        }\n\n        .faq-a {\n            padding: 0 1.5rem;\n            max-height: 0;\n            overflow: hidden;\n            transition: max-height 0.3s ease;\n        }\n\n        .faq-item.open .faq-a {\n            max-height: 500px;\n            padding: 1.5rem;\n        }\n\n        .cta-box {\n            background: linear-gradient(135deg, var(--bleu) 0%, var(--bleu-dark) 100%);\n            color: white;\n            border-radius: 15px;\n            padding: 3rem;\n            text-align: center;\n            margin: 3rem 0;\n        }\n\n        .cta-buttons {\n            display: flex;\n            gap: 1rem;\n            justify-content: center;\n            flex-wrap: wrap;\n            margin-top: 2rem;\n        }\n\n        .btn-white {\n            background: white;\n            color: var(--bleu);\n            padding: 1rem 2rem;\n            border-radius: 25px;\n            text-decoration: none;\n            font-weight: 600;\n            transition: transform 0.3s;\n        }\n\n        .btn-white:hover {\n            transform: translateY(-2px);\n        }\n\n        .btn-outline {\n            background: transparent;\n            color: white;\n            border: 2px solid white;\n            padding: 1rem 2rem;\n            border-radius: 25px;\n            text-decoration: none;\n            font-weight: 600;\n            transition: all 0.3s;\n        }\n\n        .btn-outline:hover {\n            background: white;\n            color: var(--bleu);\n        }\n\n        .article-tags {\n            margin: 3rem 0;\n            text-align: center;\n        }\n\n        .article-tag {\n            background: var(--teal);\n            color: var(--noir);\n            padding: 0.5rem 1rem;\n            border-radius: 20px;\n            text-decoration: none;\n            font-size: 0.85rem;\n            margin: 0.25rem;\n            display: inline-block;\n        }\n\n        @media (max-width: 768px) {\n            .article-hero {\n                padding: 2rem 0 6rem 0;\n            }\n\n            .article-hero h1 {\n                font-size: 2rem;\n            }\n\n            .article-meta {\n                flex-direction: column;\n                gap: 1rem;\n            }\n\n            .stats-grid {\n                grid-template-columns: 1fr;\n            }\n\n            .cta-buttons {\n                flex-direction: column;\n                align-items: center;\n            }\n        }\n    <\/style>\n<\/head>\n<body><section class=\"article-hero\">\n        <div class=\"article-hero-inner\">\n            <div class=\"article-breadcrumb\">\n                Inicio > Blog > Memoria > C\u00f3mo mejorar la memoria a corto plazo\n            <\/div>\n            \n            <div class=\"article-category\">Estimulaci\u00f3n Cognitiva<\/div>\n            \n            <h1>C\u00f3mo mejorar la <span class=\"hl\">memoria a corto plazo<\/span> : estrategias y trucos<\/h1>\n            \n            <div class=\"article-meta\">\n                <span>\ud83d\udcc5 Abril 2026<\/span>\n                <span>\u23f1\ufe0f 15 min de lectura<\/span>\n                <span>\ud83d\udc65 Todo p\u00fablico<\/span>\n                <div class=\"rating\">\n                    <span class=\"stars\">\u2b50\u2b50\u2b50\u2b50\u2b50<\/span>\n                    <span>4.8\/5 (127 opiniones)<\/span>\n                <\/div>\n            <\/div>\n        <\/div>\n        <div class=\"article-hero-curve\"><\/div>\n    <\/section>\n\n    <div class=\"article-body\">\n        <div class=\"container\">\n<div class=\"intro-block\">\n                La memoria a corto plazo es un pilar fundamental de nuestro funcionamiento cognitivo diario. Nos permite retener temporalmente informaci\u00f3n crucial, resolver problemas complejos y tomar decisiones informadas. Sin embargo, numerosos factores pueden alterar su rendimiento, creando desaf\u00edos en nuestra vida personal y profesional. En esta gu\u00eda completa, exploramos estrategias cient\u00edficamente probadas y t\u00e9cnicas pr\u00e1cticas para optimizar su memoria a corto plazo. Descubra c\u00f3mo transformar su capacidad de memorizaci\u00f3n gracias a enfoques innovadores y h\u00e1bitos de vida adaptados.\n            <\/div>\n\n            <div class=\"stats-grid\">\n                <div class=\"stat-card\">\n                    <span class=\"number\">7\u00b12<\/span>\n                    <span class=\"label\">Elementos retenidos en promedio<\/span>\n                <\/div>\n                <div class=\"stat-card\">\n                    <span class=\"number\">15-30s<\/span>\n                    <span class=\"label\">Duraci\u00f3n de retenci\u00f3n natural<\/span>\n                <\/div>\n                <div class=\"stat-card\">\n                    <span class=\"number\">25%<\/span>\n                    <span class=\"label\">Mejora posible con entrenamiento<\/span>\n                <\/div>\n                <div class=\"stat-card\">\n                    <span class=\"number\">3<\/span>\n                    <span class=\"label\">Regiones cerebrales principales implicadas<\/span>\n                <\/div>\n            <\/div>\n\n            <h2>1. Comprender los mecanismos de la memoria a corto plazo<\/h2>\n            \n            <p>La memoria a corto plazo, tambi\u00e9n llamada memoria de trabajo, constituye un sistema cognitivo sofisticado que nos permite mantener y manipular temporalmente informaci\u00f3n mientras realizamos tareas complejas. Esta capacidad mental excepcional implica varias regiones cerebrales que trabajan en perfecta sincronizaci\u00f3n para procesar, almacenar y recuperar datos esenciales para nuestro funcionamiento diario.<\/p>\n\n            <p>A nivel neurol\u00f3gico, la memoria a corto plazo activa principalmente la corteza prefrontal, el hipocampo y la corteza parietal. La corteza prefrontal act\u00faa como un director de orquesta, coordinando los diferentes procesos cognitivos y manteniendo la atenci\u00f3n enfocada en la informaci\u00f3n relevante. El hipocampo, por su parte, juega un papel crucial en la codificaci\u00f3n inicial de la informaci\u00f3n y su posible transferencia a la memoria a largo plazo. La corteza parietal contribuye a la integraci\u00f3n espacial y temporal de los datos procesados.<\/p>\n\n            <p>La capacidad limitada de la memoria a corto plazo, generalmente estimada en 7 m\u00e1s o menos 2 elementos seg\u00fan la regla de Miller, refleja una adaptaci\u00f3n evolutiva que permite al cerebro procesar informaci\u00f3n de manera efectiva sin sobrecarga cognitiva. Esta limitaci\u00f3n aparente se convierte en una ventaja cuando aprendemos a optimizarla gracias a las estrategias adecuadas que desarrollaremos en las secciones siguientes.<\/p>\n\n            <div class=\"conseil-card\">\n                <h4>\ud83e\udde0 Consejo de experto DYNSEO<\/h4>\n                <p>La memoria a corto plazo funciona como una oficina mental temporal. Cuanto m\u00e1s organice eficazmente esta \"oficina\", m\u00e1s informaci\u00f3n puede procesar simult\u00e1neamente. El entrenamiento cognitivo con nuestras aplicaciones <a href=\"https:\/\/www.dynseo.com\/es\/coco-piensa-y-coco-se-mueve-software-educativo\/\" style=\"color: var(--bleu-dark); font-weight: 600;\">COCO PIENSA y COCO SE MUEVE<\/a> permite desarrollar esta organizaci\u00f3n mental de manera l\u00fadica y progresiva.<\/p>\n            <\/div>\n<div class=\"key-points\">\n                <h4>\ud83c\udfaf Puntos clave a recordar<\/h4>\n                <ul>\n                    <li>La memoria a corto plazo implica m\u00faltiples regiones cerebrales en interacci\u00f3n<\/li>\n                    <li>Su capacidad limitada (7\u00b12 elementos) es una caracter\u00edstica adaptativa<\/li>\n                    <li>El c\u00f3rtex prefrontal coordina los procesos de memorizaci\u00f3n<\/li>\n                    <li>El entrenamiento puede mejorar significativamente su rendimiento<\/li>\n                <\/ul>\n            <\/div>\n\n            <div class=\"tip-box\">\n                <div class=\"tip-box-label\">\ud83d\udca1 Consejo pr\u00e1ctico<\/div>\n                <p>Ponga a prueba su capacidad de memoria a corto plazo repitiendo mentalmente una secuencia de n\u00fameros cada vez m\u00e1s larga. Comience con 5 n\u00fameros y aumente progresivamente. Esta evaluaci\u00f3n le dar\u00e1 una l\u00ednea base para medir sus futuros progresos.<\/p>\n            <\/div>\n\n            <h2>2. Los factores que influyen en el rendimiento mn\u00e9sico<\/h2>\n\n            <p>Numerosos son los elementos que pueden afectar positiva o negativamente nuestra memoria a corto plazo. Comprender estos factores constituye el primer paso hacia una optimizaci\u00f3n efectiva de nuestras capacidades cognitivas. Los factores internos, relacionados con nuestro estado fisiol\u00f3gico y psicol\u00f3gico, interact\u00faan constantemente con factores externos ambientales para determinar nuestro rendimiento mn\u00e9sico global.<\/p>\n\n            <p>El estr\u00e9s representa uno de los principales inhibidores de la memoria a corto plazo. Cuando estamos estresados, nuestro organismo libera cortisol, una hormona que puede perturbar la comunicaci\u00f3n entre las neuronas y alterar los procesos de memorizaci\u00f3n. Esta reacci\u00f3n biol\u00f3gica, aunque adaptativa en ciertas situaciones de emergencia, se vuelve problem\u00e1tica cuando se cronifica y afecta nuestra capacidad para procesar eficazmente la informaci\u00f3n diaria.<\/p>\n\n            <p>La fatiga constituye otro factor cr\u00edtico. Un cerebro fatigado tiene dificultades para mantener la atenci\u00f3n sostenida necesaria para el buen funcionamiento de la memoria a corto plazo. Los neurotransmisores responsables de la vigilancia y la concentraci\u00f3n se agotan progresivamente, creando condiciones desfavorables para la retenci\u00f3n de informaci\u00f3n. Esta fatiga puede ser f\u00edsica, mental o emocional, cada una afectando de manera diferente pero significativa nuestras capacidades cognitivas.<\/p>\n\n            <div class=\"expert-box\">\n                <div class=\"expert-box-label\">\ud83d\udc68\u200d\u2695\ufe0f Experiencia DYNSEO<\/div>\n                <h4 class=\"expert-box-title\">El impacto multifactorial en la memoria<\/h4>\n                <p>Nuestras investigaciones muestran que la memoria a corto plazo sufre la influencia simult\u00e1nea de m\u00faltiples factores. Un enfoque hol\u00edstico, integrando la gesti\u00f3n del estr\u00e9s, la optimizaci\u00f3n del sue\u00f1o y el entrenamiento cognitivo dirigido, produce los mejores resultados.<\/p>\n                <div class=\"expert-inner\">\n<div class=\"expert-inner-title\">Factores positivos identificados:<\/div>\n                    <ul>\n                        <li>Ejercicio f\u00edsico regular (+15-20% de rendimiento)<\/li>\n                        <li>Medicaci\u00f3n diaria (+12-18% de concentraci\u00f3n)<\/li>\n                        <li>Nutrici\u00f3n equilibrada (+8-15% de claridad mental)<\/li>\n                        <li>Entrenamiento cognitivo estructurado (+20-30% de capacidad)<\/li>\n                    <\/ul>\n                <\/div>\n            <\/div>\n\n            <h3>Factores ambientales determinantes<\/h3>\n\n            <p>El entorno en el que evolucionamos ejerce una influencia considerable sobre nuestra capacidad de memorizaci\u00f3n a corto plazo. El ruido ambiental, la calidad de la iluminaci\u00f3n, la temperatura e incluso los olores pueden afectar nuestra concentraci\u00f3n y, por extensi\u00f3n, nuestro rendimiento mn\u00e9sico. Un entorno optimizado favorece la focalizaci\u00f3n atencional necesaria para un tratamiento eficaz de la informaci\u00f3n.<\/p>\n\n            <div class=\"key-points\">\n                <h4>\ud83c\udf1f Optimizaci\u00f3n ambiental<\/h4>\n                <ul>\n                    <li><strong>Iluminaci\u00f3n:<\/strong> Prioriza la luz natural o una iluminaci\u00f3n blanca neutra<\/li>\n                    <li><strong>Temperatura:<\/strong> Mant\u00e9n entre 20-22\u00b0C para un confort cognitivo \u00f3ptimo<\/li>\n                    <li><strong>Ac\u00fastica:<\/strong> Reduce los ruidos molestos o utiliza sonidos blancos<\/li>\n                    <li><strong>Organizaci\u00f3n:<\/strong> Despeja tu espacio de distracciones visuales<\/li>\n                <\/ul>\n            <\/div>\n\n            <h2>3. T\u00e9cnicas de entrenamiento cognitivo especializadas<\/h2>\n\n            <p>El entrenamiento cognitivo especializado representa uno de los enfoques m\u00e1s efectivos para mejorar de manera duradera la memoria a corto plazo. Esta metodolog\u00eda, basada en los principios de neuroplasticidad, permite al cerebro desarrollar nuevas conexiones neuronales y reforzar los circuitos existentes. Los ejercicios espec\u00edficos estimulan las regiones cerebrales involucradas en la memorizaci\u00f3n temporal, creando adaptaciones estructurales y funcionales medibles.<\/p>\n\n            <p>La repetici\u00f3n espaciada constituye una t\u00e9cnica fundamental del entrenamiento cognitivo. Este m\u00e9todo consiste en revisar la informaci\u00f3n a intervalos de tiempo crecientes, optimizando as\u00ed el proceso de consolidaci\u00f3n mn\u00e9sica. El cerebro, ante esta estimulaci\u00f3n repetida pero espaciada, refuerza progresivamente las conexiones sin\u00e1pticas asociadas a la informaci\u00f3n procesada, mejorando su accesibilidad y durabilidad.<\/p>\n\n            <p>Los ejercicios de span mn\u00e9sico, que consisten en retener secuencias de elementos de longitud creciente, constituyen otro enfoque probado. Estos ejercicios pueden utilizar n\u00fameros, letras, palabras o im\u00e1genes, solicitando diferentes sistemas de codificaci\u00f3n y almacenamiento. La progresi\u00f3n gradual de la dificultad permite al cerebro adaptarse progresivamente a cargas cognitivas m\u00e1s importantes, extendiendo naturalmente la capacidad de la memoria a corto plazo.<\/p>\n<div class=\"conseil-card\">\n                <h4>\ud83c\udfaf Programa de entrenamiento DYNSEO<\/h4>\n                <p>Nuestras aplicaciones <a href=\"https:\/\/www.dynseo.com\/es\/coco-piensa-y-coco-se-mueve-software-educativo\/\" style=\"color: var(--bleu-dark); font-weight: 600;\">COCO PIENSA y COCO SE MUEVE<\/a> proponen un programa de entrenamiento cognitivo progresivo especialmente dise\u00f1ado para mejorar la memoria a corto plazo. Con m\u00e1s de 30 juegos dedicados, usted se beneficia de una estimulaci\u00f3n cognitiva completa y personalizada seg\u00fan su nivel y sus objetivos.<\/p>\n            <\/div>\n\n            <h3>T\u00e9cnicas de chunking y organizaci\u00f3n<\/h3>\n\n            <p>El chunking, o agrupamiento de informaci\u00f3n, representa una estrategia cognitiva poderosa que permite sortear las limitaciones naturales de la memoria a corto plazo. Esta t\u00e9cnica consiste en organizar la informaci\u00f3n en unidades m\u00e1s grandes y significativas, reduciendo la carga cognitiva mientras se mantiene la cantidad de informaci\u00f3n procesada. Por ejemplo, recordar el n\u00famero 149217761945 se vuelve m\u00e1s f\u00e1cil al segmentarlo: 1492 (descubrimiento de Am\u00e9rica), 1776 (independencia americana), 1945 (fin de la Segunda Guerra Mundial).<\/p>\n\n            <div class=\"tip-box\">\n                <div class=\"tip-box-label\">\ud83e\udde9 T\u00e9cnica avanzada<\/div>\n                <p>Creen \"palacios mentales\" asociando la informaci\u00f3n a recordar con lugares familiares de su hogar. Esta t\u00e9cnica milenaria, utilizada por los campeones de memoria, explota nuestra excelente memoria espacial para anclar temporalmente datos en un contexto mental estable y accesible.<\/p>\n            <\/div>\n\n            <h2>4. Estrategias nutricionales para optimizar la funci\u00f3n cognitiva<\/h2>\n\n            <p>La alimentaci\u00f3n juega un papel fundamental en el mantenimiento y la mejora de las funciones cognitivas, incluyendo la memoria a corto plazo. El cerebro, aunque solo representa el 2% del peso corporal, consume alrededor del 20% de nuestra energ\u00eda total, subrayando su necesidad constante de nutrientes de calidad. Una estrategia nutricional optimizada proporciona al cerebro los sustratos energ\u00e9ticos y los micronutrientes esenciales para su funcionamiento \u00f3ptimo.<\/p>\n\n            <p>Los \u00e1cidos grasos omega-3, particularmente el \u00e1cido docosahexaenoico (DHA), constituyen componentes estructurales importantes de las membranas neuronales. Estos l\u00edpidos esenciales facilitan la transmisi\u00f3n sin\u00e1ptica y mantienen la fluidez de la membrana necesaria para los procesos de comunicaci\u00f3n neuronal. Las fuentes ricas en omega-3 incluyen los pescados grasos (salm\u00f3n, caballa, sardinas), nueces, semillas de lino y ch\u00eda, as\u00ed como los aceites vegetales de primera presi\u00f3n en fr\u00edo.<\/p>\n\n            <p>Los antioxidantes protegen el cerebro contra el estr\u00e9s oxidativo, un factor de envejecimiento celular que puede alterar las funciones cognitivas. Los polifenoles presentes en las bayas, el t\u00e9 verde, el chocolate negro y las verduras coloridas neutralizan los radicales libres y favorecen la neurog\u00e9nesis. Esta protecci\u00f3n antioxidante resulta particularmente importante para preservar las capacidades de memoria a corto plazo frente al estr\u00e9s y al envejecimiento.<\/p>\n\n            <div class=\"expert-box\">\n                <div class=\"expert-box-label\">\ud83e\udd57 Nutrici\u00f3n cognitiva<\/div>\n                <h4 class=\"expert-box-title\">Men\u00fa tipo para optimizar la memoria<\/h4>\n                <p>Una alimentaci\u00f3n equilibrada apoya eficazmente las funciones cognitivas. Aqu\u00ed est\u00e1n nuestras recomendaciones basadas en las \u00faltimas investigaciones en neurociencias nutricionales.<\/p>\n                <div class=\"expert-inner\">\n<div class=\"expert-inner-title\">Desayuno \u00f3ptimo :<\/div>\n                    <ul>\n                        <li>Avena con ar\u00e1ndanos (carbohidratos complejos + antioxidantes)<\/li>\n                        <li>Nueces y semillas (omega-3 + vitamina E)<\/li>\n                        <li>T\u00e9 verde (L-teanina + polifenoles)<\/li>\n                    <\/ul>\n                <\/div>\n                <div class=\"expert-inner\">\n                    <div class=\"expert-inner-title\">Aperitivos cognitivos :<\/div>\n                    <ul>\n                        <li>Chocolate negro 70% + almendras<\/li>\n                        <li>Palta sobre pan integral<\/li>\n                        <li>Batido de espinacas-pl\u00e1tano-semillas de lino<\/li>\n                    <\/ul>\n                <\/div>\n            <\/div>\n\n            <h3>Hidrataci\u00f3n y rendimiento cognitivo<\/h3>\n\n            <p>La hidrataci\u00f3n adecuada constituye un factor a menudo descuidado pero crucial para el mantenimiento de las funciones cognitivas \u00f3ptimas. Una deshidrataci\u00f3n, incluso leve (2-3% del peso corporal), puede reducir significativamente la concentraci\u00f3n, la atenci\u00f3n y la memoria a corto plazo. El cerebro, compuesto en un 75% de agua, depende de un aporte h\u00eddrico constante para mantener el equilibrio electrol\u00edtico necesario para la transmisi\u00f3n neuronal.<\/p>\n\n            <div class=\"key-points\">\n                <h4>\ud83d\udca7 Gu\u00eda de hidrataci\u00f3n cognitiva<\/h4>\n                <ul>\n                    <li><strong>Cantidad :<\/strong> 35ml\/kg de peso corporal por d\u00eda como m\u00ednimo<\/li>\n                    <li><strong>Distribuci\u00f3n :<\/strong> Peque\u00f1as cantidades regulares en lugar de grandes ingestas<\/li>\n                    <li><strong>Tiempo :<\/strong> Hidrataci\u00f3n preventiva antes de las tareas cognitivas intensas<\/li>\n                    <li><strong>Calidad :<\/strong> Agua pura, infusiones, t\u00e9 verde sin az\u00facar<\/li>\n                <\/ul>\n            <\/div>\n\n            <h2>5. El impacto del sue\u00f1o en la consolidaci\u00f3n mnemot\u00e9cnica<\/h2>\n\n            <p>El sue\u00f1o representa mucho m\u00e1s que un simple per\u00edodo de descanso; constituye un proceso activo de mantenimiento y optimizaci\u00f3n cerebral directamente relacionado con el rendimiento de la memoria a corto plazo. Durante las diferentes fases del sue\u00f1o, el cerebro orquesta procesos complejos de consolidaci\u00f3n, reorganizaci\u00f3n y limpieza sin\u00e1ptica que preparan los circuitos neuronales para los desaf\u00edos cognitivos del d\u00eda siguiente. Este per\u00edodo de recuperaci\u00f3n activa influye directamente en nuestra capacidad para codificar, mantener y recuperar informaci\u00f3n temporal.<\/p>\n\n            <p>La fase de sue\u00f1o lento profundo juega un papel particularmente crucial en la consolidaci\u00f3n de los aprendizajes del d\u00eda y la preparaci\u00f3n de los circuitos mnemot\u00e9cnicos. Durante esta fase, las oscilaciones lentas corticales sincronizan la actividad neuronal y facilitan el traslado de informaci\u00f3n entre el hipocampo y el neocortex. Este proceso, llamado \"replay\", permite no solo consolidar los recuerdos sino tambi\u00e9n optimizar las redes neuronales para un mejor rendimiento futuro de la memoria de trabajo.<\/p>\n\n            <p>El sue\u00f1o parad\u00f3jico, caracterizado por una actividad cerebral intensa similar a la vigilia, contribuye a la integraci\u00f3n creativa de la informaci\u00f3n y a la flexibilidad cognitiva. Esta fase favorece la formaci\u00f3n de nuevas conexiones sin\u00e1pticas y la eliminaci\u00f3n de conexiones redundantes, procesos esenciales para mantener una memoria a corto plazo efectiva y adaptable. La privaci\u00f3n de sue\u00f1o parad\u00f3jico reduce significativamente la capacidad de atenci\u00f3n sostenida y la flexibilidad cognitiva necesarias para las tareas de memoria de trabajo complejas.<\/p>\n<div class=\"conseil-card\">\n                <h4>\ud83d\ude34 Protocolo sue\u00f1o-memoria DYNSEO<\/h4>\n                <p>Un sue\u00f1o de calidad constituye la base de un rendimiento cognitivo \u00f3ptimo. Nuestros usuarios que siguen nuestro protocolo sue\u00f1o-memoria constatan una mejora media del 15-25% en su capacidad de memorizaci\u00f3n a corto plazo. Combine este protocolo con el entrenamiento cognitivo <a href=\"https:\/\/www.dynseo.com\/es\/coco-piensa-y-coco-se-mueve-software-educativo\/\" style=\"color: var(--bleu-dark); font-weight: 600;\">COCO PIENSA y COCO SE MUEVE<\/a> para obtener resultados \u00f3ptimos.<\/p>\n            <\/div>\n\n            <h3>Optimizaci\u00f3n de la higiene del sue\u00f1o<\/h3>\n\n            <p>La higiene del sue\u00f1o agrupa el conjunto de pr\u00e1cticas y h\u00e1bitos que favorecen un sue\u00f1o reparador y regular. Estas pr\u00e1cticas influyen directamente en la calidad de los procesos de consolidaci\u00f3n mn\u00e9sica nocturna y, por lo tanto, en el rendimiento cognitivo diurno. Establecer un ritmo circadiano estable constituye la base de una higiene del sue\u00f1o efectiva, permitiendo al cerebro optimizar sus ciclos naturales de recuperaci\u00f3n y preparaci\u00f3n cognitiva.<\/p>\n\n            <div class=\"tip-box\">\n                <div class=\"tip-box-label\">\ud83c\udf19 Rutina pre-sue\u00f1o \u00f3ptima<\/div>\n                <p>Establezca un ritual de 30-45 minutos antes de acostarse: disminuci\u00f3n progresiva de la iluminaci\u00f3n, apagado de pantallas, t\u00e9cnicas de relajaci\u00f3n (respiraci\u00f3n profunda, meditaci\u00f3n), temperatura ambiente a 18-19\u00b0C. Esta rutina se\u00f1ala al cerebro que es hora de preparar los procesos de consolidaci\u00f3n mn\u00e9sica.<\/p>\n            <\/div>\n\n            <h2>6. Gesti\u00f3n del estr\u00e9s y t\u00e9cnicas de relajaci\u00f3n cognitiva<\/h2>\n\n            <p>El estr\u00e9s cr\u00f3nico representa uno de los principales enemigos de la memoria a corto plazo, creando un c\u00edrculo vicioso donde la ansiedad relacionada con el rendimiento cognitivo genera m\u00e1s estr\u00e9s, agravando a\u00fan m\u00e1s las dificultades mn\u00e9sicas. Comprender los mecanismos neurobiol\u00f3gicos del estr\u00e9s y dominar t\u00e9cnicas efectivas de gesti\u00f3n permite romper este ciclo destructivo y optimizar las condiciones internas favorables a una memoria de trabajo eficiente.<\/p>\n\n            <p>A nivel neurobiol\u00f3gico, el estr\u00e9s activa el eje hipot\u00e1lamo-hipofisario-suprarrenal, desencadenando la liberaci\u00f3n de cortisol y adrenalina. Estas hormonas, aunque adaptativas a corto plazo, perturban los procesos de memorizaci\u00f3n cuando persisten a niveles elevados. El cortisol interfiere con la plasticidad sin\u00e1ptica hipocampal y altera las conexiones entre la corteza prefrontal y las estructuras l\u00edmbicas, regiones cruciales para la memoria de trabajo y el control atencional.<\/p>\n\n            <p>La neuroplasticidad permite afortunadamente al cerebro desarrollar una resistencia al estr\u00e9s y recuperar sus capacidades cognitivas \u00f3ptimas. Las t\u00e9cnicas de relajaci\u00f3n y meditaci\u00f3n inducen cambios estructurales medibles en el cerebro, reforzando las regiones asociadas a la atenci\u00f3n y a la regulaci\u00f3n emocional, mientras reducen la actividad de la am\u00edgdala, centro de la respuesta al estr\u00e9s. Estas adaptaciones neuropl\u00e1sticas crean una base neurobiol\u00f3gica m\u00e1s estable para las funciones de memoria a corto plazo.<\/p>\n\n            <div class=\"expert-box\">\n                <div class=\"expert-box-label\">\ud83e\uddd8 T\u00e9cnicas validadas cient\u00edficamente<\/div>\n                <h4 class=\"expert-box-title\">Protocolos de gesti\u00f3n del estr\u00e9s cognitivo<\/h4>\n                <p>Nuestras investigaciones identifican varias t\u00e9cnicas particularmente efectivas para reducir el impacto del estr\u00e9s en la memoria a corto plazo.<\/p>\n                <div class=\"expert-inner\">\n<div class=\"expert-inner-title\">Meditaci\u00f3n de plena conciencia (m\u00ednimo 8 semanas) :<\/div>\n                    <ul>\n                        <li>Mejora del 18-25% de la atenci\u00f3n sostenida<\/li>\n                        <li>Reducci\u00f3n del 20-30% del cortisol basal<\/li>\n                        <li>Aumento de la materia gris prefrontal<\/li>\n                    <\/ul>\n                <\/div>\n                <div class=\"expert-inner\">\n                    <div class=\"expert-inner-title\">Coherencia card\u00edaca (3 veces 5 minutos\/d\u00eda) :<\/div>\n                    <ul>\n                        <li>Regulaci\u00f3n del sistema nervioso aut\u00f3nomo<\/li>\n                        <li>Mejora de la variabilidad card\u00edaca<\/li>\n                        <li>Optimizaci\u00f3n de la oxigenaci\u00f3n cerebral<\/li>\n                    <\/ul>\n                <\/div>\n            <\/div>\n\n            <h3>T\u00e9cnicas de respiraci\u00f3n y relajaci\u00f3n progresiva<\/h3>\n\n            <p>La respiraci\u00f3n controlada constituye uno de los herramientas m\u00e1s accesibles y eficaces para regular r\u00e1pidamente el estado de estr\u00e9s y optimizar las condiciones cognitivas. Las t\u00e9cnicas respiratorias act\u00faan directamente sobre el sistema nervioso aut\u00f3nomo, activando la rama parasimp\u00e1tica responsable de la relajaci\u00f3n y de la recuperaci\u00f3n. Esta activaci\u00f3n favorece un estado mental propicio para los procesos de memorizaci\u00f3n y de concentraci\u00f3n necesarios para la memoria de trabajo.<\/p>\n\n            <div class=\"key-points\">\n                <h4>\ud83c\udf2c\ufe0f T\u00e9cnicas respiratorias esenciales<\/h4>\n                <ul>\n                    <li><strong>Respiraci\u00f3n 4-7-8 :<\/strong> Inspiraci\u00f3n 4 tiempos, retenci\u00f3n 7 tiempos, expiraci\u00f3n 8 tiempos<\/li>\n                    <li><strong>Respiraci\u00f3n abdominal :<\/strong> Enfoque en la expansi\u00f3n del diafragma<\/li>\n                    <li><strong>Respiraci\u00f3n cuadrada :<\/strong> 4 tiempos para cada fase respiratoria<\/li>\n                    <li><strong>Respiraci\u00f3n alternada :<\/strong> Alternancia de las fosas nasales para equilibrar los hemisferios<\/li>\n                <\/ul>\n            <\/div>\n\n            <h2>7. Ejercicio f\u00edsico y neurog\u00e9nesis cognitiva<\/h2>\n\n            <p>El ejercicio f\u00edsico regular constituye uno de los factores m\u00e1s poderosos para mejorar de manera duradera las funciones cognitivas, incluyendo la memoria a corto plazo. Esta influencia positiva se explica por m\u00faltiples mecanismos neurobiol\u00f3gicos que act\u00faan en sinergia para optimizar el funcionamiento cerebral. La actividad f\u00edsica estimula la producci\u00f3n de factores neurotr\u00f3ficos, mejora la vascularizaci\u00f3n cerebral, favorece la neurog\u00e9nesis y reduce la inflamaci\u00f3n cr\u00f3nica, creando un entorno neurobiol\u00f3gico \u00f3ptimo para el rendimiento mnem\u00f3nico.<\/p>\n\n            <p>El factor neurotr\u00f3fico derivado del cerebro (BDNF) representa uno de los mediadores clave de los beneficios cognitivos del ejercicio. Esta prote\u00edna, a menudo llamada \"milagro de crecimiento\" del cerebro, favorece la supervivencia de las neuronas existentes, estimula el crecimiento de nuevas neuronas y sinapsis, y mejora la plasticidad sin\u00e1ptica. Los niveles de BDNF aumentan significativamente despu\u00e9s del ejercicio, particularmente en el hipocampo y el c\u00f3rtex prefrontal, regiones cruciales para la memoria de trabajo y las funciones ejecutivas.<\/p>\n\n            <p>El ejercicio aer\u00f3bico tambi\u00e9n induce adaptaciones vasculares que benefician directamente al cerebro. La mejora de la circulaci\u00f3n sangu\u00ednea cerebral aumenta el aporte de ox\u00edgeno y nutrientes esenciales, al tiempo que facilita la eliminaci\u00f3n de desechos metab\u00f3licos. Esta optimizaci\u00f3n de la perfusi\u00f3n cerebral crea condiciones fisiol\u00f3gicas favorables para el mantenimiento de la atenci\u00f3n sostenida y el rendimiento de la memoria a corto plazo, particularmente durante tareas cognitivas exigentes.<\/p>\n<div class=\"conseil-card\">\n                <h4>\ud83c\udfc3\u200d\u2642\ufe0f Programa ejercicio-cognici\u00f3n DYNSEO<\/h4>\n                <p>Combine actividad f\u00edsica y entrenamiento cognitivo para maximizar los beneficios neuropl\u00e1sticos. Nuestro enfoque integrado, que incluye <a href=\"https:\/\/www.dynseo.com\/es\/coco-piensa-y-coco-se-mueve-software-educativo\/\" style=\"color: var(--bleu-dark); font-weight: 600;\">COCO SE MUEVE<\/a> para la actividad f\u00edsica y COCO PIENSA para la estimulaci\u00f3n cognitiva, crea sinergias excepcionales para la mejora de la memoria a corto plazo.<\/p>\n            <\/div>\n\n            <h3>Modalidades \u00f3ptimas de ejercicio para la cognici\u00f3n<\/h3>\n\n            <p>La investigaci\u00f3n identifica par\u00e1metros espec\u00edficos de ejercicio que maximizan los beneficios cognitivos. La intensidad moderada, correspondiente al 60-70% de la frecuencia card\u00edaca m\u00e1xima, parece \u00f3ptima para estimular la producci\u00f3n de BDNF sin inducir un estr\u00e9s oxidativo excesivo. Esta intensidad permite mantener el ejercicio el tiempo suficiente para desencadenar las adaptaciones neurobiol\u00f3gicas beneficiosas, al mismo tiempo que preserva la recuperaci\u00f3n necesaria para la consolidaci\u00f3n de estas adaptaciones.<\/p>\n\n            <div class=\"tip-box\">\n                <div class=\"tip-box-label\">\u26a1 Protocolo de alta intensidad<\/div>\n                <p>El entrenamiento por intervalos de alta intensidad (HIIT) de corta duraci\u00f3n (15-20 minutos) puede producir beneficios cognitivos r\u00e1pidos. Alterna 30 segundos de esfuerzo intenso con 90 segundos de recuperaci\u00f3n activa. Esta modalidad estimula particularmente la producci\u00f3n de factores neurotr\u00f3ficos y mejora la atenci\u00f3n en las horas posteriores al ejercicio.<\/p>\n            <\/div>\n\n            <h2>8. Tecnolog\u00edas y herramientas digitales de entrenamiento<\/h2>\n\n            <p>La llegada de las tecnolog\u00edas digitales ha revolucionado las posibilidades de entrenamiento cognitivo, ofreciendo herramientas sofisticadas y personalizadas para mejorar la memoria a corto plazo. Estas tecnolog\u00edas aprovechan los principios de gamificaci\u00f3n, adaptaci\u00f3n din\u00e1mica de la dificultad y seguimiento del progreso para crear experiencias de entrenamiento atractivas y efectivas. La principal ventaja de estas herramientas radica en su capacidad para proporcionar retroalimentaci\u00f3n inmediata y ajustar autom\u00e1ticamente los par\u00e1metros de entrenamiento seg\u00fan el rendimiento individual.<\/p>\n\n            <p>Las aplicaciones de entrenamiento cognitivo basadas en evidencia cient\u00edfica integran paradigmas experimentales validados por la investigaci\u00f3n en neurociencias cognitivas. Estos paradigmas, adaptados en forma de juegos interactivos, apuntan espec\u00edficamente a los procesos cognitivos subyacentes a la memoria de trabajo: actualizaci\u00f3n continua de informaci\u00f3n, inhibici\u00f3n de distractores, flexibilidad atencional y manipulaci\u00f3n mental de datos. Este enfoque dirigido permite optimizar la eficacia del entrenamiento al estimular precisamente los mecanismos neuronales involucrados en la memoria a corto plazo.<\/p>\n\n            <p>La personalizaci\u00f3n algor\u00edtmica representa un activo importante de las tecnolog\u00edas de entrenamiento modernas. Estos sistemas analizan continuamente los patrones de rendimiento, identifican las fortalezas y debilidades cognitivas individuales, y adaptan din\u00e1micamente los ejercicios para mantener un nivel de desaf\u00edo \u00f3ptimo. Esta zona de desaf\u00edo \u00f3ptimo, ni demasiado f\u00e1cil ni demasiado dif\u00edcil, maximiza el compromiso motivacional y la eficacia neuropl\u00e1stica, creando las condiciones ideales para la mejora sostenible de las capacidades mn\u00e9sicas.<\/p>\n\n            <div class=\"expert-box\">\n<div class=\"expert-box-label\">\ud83d\udcf1 Innovaci\u00f3n DYNSEO<\/div>\n                <h4 class=\"expert-box-title\">Ecosistema de entrenamiento cognitivo integrado<\/h4>\n                <p>Nuestras soluciones tecnol\u00f3gicas representan la c\u00faspide de la innovaci\u00f3n en entrenamiento cognitivo, combinando rigor cient\u00edfico y experiencia del usuario \u00f3ptima.<\/p>\n                <div class=\"expert-inner\">\n                    <div class=\"expert-inner-title\">COCO PIENSA - Entrenamiento cognitivo puro:<\/div>\n                    <ul>\n                        <li>M\u00e1s de 30 juegos que apuntan espec\u00edficamente a la memoria de trabajo<\/li>\n                        <li>Algoritmo de adaptaci\u00f3n din\u00e1mica de la dificultad<\/li>\n                        <li>Seguimiento detallado de los progresos y an\u00e1lisis cognitivos<\/li>\n                        <li>Protocolos validados cient\u00edficamente<\/li>\n                    <\/ul>\n                <\/div>\n                <div class=\"expert-inner\">\n                    <div class=\"expert-inner-title\">COCO SE MUEVE - Enfoque cuerpo-mente:<\/div>\n                    <ul>\n                        <li>Ejercicios f\u00edsicos combinados con desaf\u00edos cognitivos<\/li>\n                        <li>Estimulaci\u00f3n simult\u00e1nea motora y mnemot\u00e9cnica<\/li>\n                        <li>Optimizaci\u00f3n de los beneficios neuropl\u00e1sticos cruzados<\/li>\n                    <\/ul>\n                <\/div>\n            <\/div>\n\n            <h3>Realidad virtual y entornos inmersivos<\/h3>\n\n            <p>La realidad virtual emerge como una tecnolog\u00eda prometedora para el entrenamiento de la memoria a corto plazo, ofreciendo posibilidades de inmersi\u00f3n y contextualizaci\u00f3n imposibles con los enfoques tradicionales. Los entornos virtuales permiten crear escenarios complejos y realistas que requieren la memoria de trabajo en contextos ecol\u00f3gicamente v\u00e1lidos, mejorando as\u00ed la transferencia de los aprendizajes a las situaciones de la vida cotidiana.<\/p>\n<div class=\"key-points\">\n                <h4>\ud83e\udd7d Ventajas de la realidad virtual<\/h4>\n                <ul>\n                    <li><strong>Inmersi\u00f3n total :<\/strong> Eliminaci\u00f3n de las distracciones externas<\/li>\n                    <li><strong>Contextualizaci\u00f3n :<\/strong> Aprendizaje en situaci\u00f3n casi real<\/li>\n                    <li><strong>Compromiso aumentado :<\/strong> Motivaci\u00f3n mantenida por el aspecto l\u00fadico<\/li>\n                    <li><strong>Reproducibilidad :<\/strong> Condiciones de entrenamiento estandarizadas<\/li>\n                <\/ul>\n            <\/div>\n\n            <h2>9. Estrategias mnemot\u00e9cnicas avanzadas<\/h2>\n\n            <p>Las estrategias mnemot\u00e9cnicas representan herramientas cognitivas sofisticadas que explotan las capacidades naturales de procesamiento de la informaci\u00f3n del cerebro para optimizar la codificaci\u00f3n, el almacenamiento y la recuperaci\u00f3n en memoria a corto plazo. Estas t\u00e9cnicas, desarrolladas y refinadas a lo largo de los siglos por los maestros de la memoria, aprovechan los sistemas de memoria que funcionan naturalmente de manera excelente en el ser humano, incluyendo la memoria espacial, la memoria visual y la memoria asociativa. La eficacia de estas estrategias se basa en su capacidad para transformar informaci\u00f3n abstracta en representaciones concretas, coloridas y significativas.<\/p>\n\n            <p>El m\u00e9todo de los loci, tambi\u00e9n llamado palacio de la memoria, constituye una de las t\u00e9cnicas mnemot\u00e9cnicas m\u00e1s poderosas y mejor documentadas cient\u00edficamente. Este m\u00e9todo explota nuestra excelente memoria espacial al asociar la informaci\u00f3n a retener con lugares espec\u00edficos en un entorno familiar. El cerebro, que ha evolucionado para navegar eficazmente en el espacio, procesa y retiene naturalmente la informaci\u00f3n espacial con gran precisi\u00f3n. Al anclar los datos temporales en estos \"lugares mentales\" estables, creamos \u00edndices de recuperaci\u00f3n robustos que facilitan enormemente el acceso a la informaci\u00f3n almacenada.<\/p>\n\n            <p>Las t\u00e9cnicas de asociaci\u00f3n creativa permiten crear v\u00ednculos mnem\u00f3nicos duraderos al explotar la imaginaci\u00f3n, la emoci\u00f3n y el humor. El cerebro codifica preferentemente la informaci\u00f3n inusual, divertida, colorida o emocionalmente cargada, fen\u00f3meno conocido como efecto de rareza. Al transformar conscientemente datos neutros en im\u00e1genes mentales v\u00edvidas y memorables, facilitamos considerablemente su retenci\u00f3n temporal y su recuperaci\u00f3n posterior. Esta transformaci\u00f3n activa implica las regiones cerebrales asociadas a la creatividad y a la emoci\u00f3n, enriqueciendo la codificaci\u00f3n mnem\u00f3nica a trav\u00e9s de circuitos neuronales m\u00faltiples.<\/p>\n<div class=\"conseil-card\">\n                <h4>\ud83c\udff0 Construye tu palacio de memoria<\/h4>\n                <p>Comienza por mapear mentalmente un lugar que conoces perfectamente (tu hogar, tu ruta diaria). Identifica de 10 a 20 ubicaciones distintas y memorables. Luego asocia cada informaci\u00f3n a retener con una ubicaci\u00f3n espec\u00edfica creando una imagen mental v\u00edvida e interactiva. Nuestros ejercicios <a href=\"https:\/\/www.dynseo.com\/es\/coco-piensa-y-coco-se-mueve-software-educativo\/\" style=\"color: var(--bleu-dark); font-weight: 600;\">COCO PIENSA<\/a> incluyen m\u00f3dulos de entrenamiento para palacios de memoria adaptativos.<\/p>\n            <\/div>\n\n            <h3>Sistemas de codificaci\u00f3n alfanum\u00e9rica<\/h3>\n\n            <p>Los sistemas de codificaci\u00f3n alfanum\u00e9rica transforman los n\u00fameros abstractos en palabras concretas y memorables, aprovechando as\u00ed la superioridad de la memoria verbal e imaginativa sobre la memoria num\u00e9rica pura. El sistema fon\u00e9tico mayor, desarrollado en el siglo XVII y perfeccionado desde entonces, asocia cada n\u00famero con uno o varios sonidos conson\u00e1nticos espec\u00edficos. Esta transformaci\u00f3n sistem\u00e1tica permite convertir cualquier secuencia num\u00e9rica en palabras pronunciadas, que luego pueden organizarse en frases o historias memorables.<\/p>\n\n            <div class=\"tip-box\">\n                <div class=\"tip-box-label\">\ud83d\udd22 C\u00f3digo fon\u00e9tico simplificado<\/div>\n                <p>Memoriza estas asociaciones b\u00e1sicas: 1=T\/D, 2=N, 3=M, 4=R, 5=L, 6=J\/CH, 7=K\/G, 8=F\/V, 9=P\/B, 0=S\/Z. El n\u00famero 1492 se convierte en \"TaRe MiNe\" o \"ToRNaDe\". Crea frases: \"La TORNaDe devasta\" para recordar 1492. Esta t\u00e9cnica mejora dr\u00e1sticamente la retenci\u00f3n de secuencias num\u00e9ricas.<\/p>\n            <\/div>\n\n            <h2>10. Optimizaci\u00f3n de la atenci\u00f3n y de la concentraci\u00f3n<\/h2>\n\n            <p>La atenci\u00f3n constituye el guardi\u00e1n de la memoria a corto plazo, determinando qu\u00e9 informaci\u00f3n ser\u00e1 procesada, mantenida y disponible para los procesos cognitivos superiores. Sin una atenci\u00f3n dirigida y sostenida de manera efectiva, incluso las estrategias mnemot\u00e9cnicas m\u00e1s sofisticadas pierden su eficacia. La optimizaci\u00f3n de las capacidades atencionales representa, por lo tanto, un requisito fundamental para la mejora de la memoria de trabajo. Esta optimizaci\u00f3n implica el desarrollo de varios componentes atencionales complementarios: la atenci\u00f3n sostenida, la atenci\u00f3n selectiva, la flexibilidad atencional y el control inhibitorio.<\/p>\n\n            <p>La atenci\u00f3n sostenida, capacidad para mantener un enfoque constante en una tarea o un est\u00edmulo durante un per\u00edodo prolongado, constituye la base del buen funcionamiento de la memoria a corto plazo. Esta forma de atenci\u00f3n depende principalmente de las redes neuronales frontoparietales y de su capacidad para resistir las distracciones internas y externas. El entrenamiento de la atenci\u00f3n sostenida mejora directamente la estabilidad de las representaciones en la memoria de trabajo y reduce las interferencias que pueden corromper o borrar la informaci\u00f3n almacenada temporalmente.<\/p>\n\n            <p>La atenci\u00f3n selectiva permite filtrar la informaci\u00f3n relevante y suprimir los distractores no relevantes, funci\u00f3n crucial en nuestros entornos modernos ricos en est\u00edmulos. Esta capacidad de filtrado atencional determina la calidad de la codificaci\u00f3n inicial en la memoria a corto plazo e influye directamente en la precisi\u00f3n de la informaci\u00f3n disponible para el procesamiento cognitivo. Un filtrado atencional deficiente provoca una sobrecarga cognitiva que disminuye la eficacia de la memoria de trabajo y aumenta los errores de procesamiento.<\/p>\n\n            <div class=\"expert-box\">\n<div class=\"expert-box-label\">\ud83c\udfaf Protocolos atencionales<\/div>\n                <h4 class=\"expert-box-title\">Entrenamiento de la atenci\u00f3n ejecutiva<\/h4>\n                <p>Nuestros protocolos de optimizaci\u00f3n atencional est\u00e1n dirigidos espec\u00edficamente a las redes neuronales ejecutivas responsables del control cognitivo y de la memoria de trabajo.<\/p>\n                <div class=\"expert-inner\">\n                    <div class=\"expert-inner-title\">Tareas de conflicto atencional:<\/div>\n                    <ul>\n                        <li>Test de Stroop adaptativo para la inhibici\u00f3n cognitiva<\/li>\n                        <li>Tareas de flanker para la atenci\u00f3n selectiva<\/li>\n                        <li>Paradigmas de cambio de set para la flexibilidad mental<\/li>\n                        <li>Ejercicios de actualizaci\u00f3n continua (tareas n-back)<\/li>\n                    <\/ul>\n                <\/div>\n                <div class=\"expert-inner\">\n                    <div class=\"expert-inner-title\">Beneficios medidos despu\u00e9s de 4 semanas:<\/div>\n                    <ul>\n                        <li>+22% de estabilidad atencional sostenida<\/li>\n                        <li>+18% de rapidez de desenganche atencional<\/li>\n                        <li>+15% de resistencia a las interferencias<\/li>\n                    <\/ul>\n                <\/div>\n            <\/div>\n\n            <h3>Meditaci\u00f3n y plena conciencia cognitiva<\/h3>\n\n            <p>La meditaci\u00f3n de plena conciencia representa un entrenamiento atencional que produce beneficios cognitivos medibles y duraderos. Esta pr\u00e1ctica desarrolla espec\u00edficamente la capacidad de mantener la atenci\u00f3n en el momento presente mientras se observa sin juicio las fluctuaciones mentales. Estas habilidades atencionales se transfieren directamente a las tareas de memoria de trabajo, mejorando la estabilidad de las representaciones mentales y la resistencia a las distracciones internas (pensamientos intrusivos, rumiaciones).<\/p>\n<div class=\"key-points\">\n                <h4>\ud83e\uddd8\u200d\u2640\ufe0f Programa de plena conciencia cognitiva<\/h4>\n                <ul>\n                    <li><strong>Semanas 1-2 :<\/strong> Meditaci\u00f3n sobre la respiraci\u00f3n (10-15 min\/d\u00eda)<\/li>\n                    <li><strong>Semanas 3-4 :<\/strong> Escaneo corporal y atenci\u00f3n a las sensaciones<\/li>\n                    <li><strong>Semanas 5-6 :<\/strong> Meditaci\u00f3n de los sonidos y del entorno<\/li>\n                    <li><strong>Semanas 7-8 :<\/strong> Plena conciencia en las actividades diarias<\/li>\n                <\/ul>\n            <\/div>\n\n            <h2>11. Adaptaci\u00f3n de las estrategias seg\u00fan la edad y el perfil cognitivo<\/h2>\n\n            <p>La optimizaci\u00f3n de la memoria a corto plazo debe tener en cuenta las variaciones interindividuales relacionadas con la edad, el perfil cognitivo personal y las especificidades neurobiol\u00f3gicas de cada individuo. Estas diferencias influyen no solo en las capacidades mnem\u00f3nicas b\u00e1sicas, sino tambi\u00e9n en la receptividad a las diferentes estrategias de mejora y las modalidades de entrenamiento m\u00e1s efectivas. Un enfoque personalizado, basado en una evaluaci\u00f3n precisa de las fortalezas y debilidades cognitivas individuales, maximiza la eficacia de las intervenciones y optimiza la relaci\u00f3n tiempo invertido\/beneficios obtenidos.<\/p>\n\n            <p>El envejecimiento normal se acompa\u00f1a de modificaciones neurobiol\u00f3gicas que afectan de manera diferente a los componentes de la memoria de trabajo. La velocidad de procesamiento disminuye gradualmente, la eficacia del filtrado atencional se reduce, y la capacidad de inhibici\u00f3n de la informaci\u00f3n no relevante declina. Sin embargo, algunas capacidades como la memoria cristalizada y las estrategias compensatorias se mantienen o incluso mejoran con la edad. Estos patrones de preservaci\u00f3n y declive gu\u00edan la adaptaci\u00f3n de las estrategias de entrenamiento para los adultos mayores, privilegiando los enfoques que capitalizan sobre las fuerzas preservadas mientras se dirigen espec\u00edficamente a las vulnerabilidades relacionadas con la edad.<\/p>\n\n            <p>Los perfiles cognitivos individuales reflejan diferencias en la organizaci\u00f3n y la eficacia de las redes neuronales, influyendo en las preferencias de tratamiento de la informaci\u00f3n y la receptividad a las diferentes modalidades de aprendizaje. Algunos individuos destacan en el procesamiento visuo-espacial mientras que otros privilegian las modalidades verbales-auditivas. Estas diferencias, lejos de ser simples preferencias subjetivas, reflejan variaciones en la arquitectura neuronal que pueden ser explotadas para optimizar las estrategias de memorizaci\u00f3n personalizadas.<\/p>\n\n            <div class=\"conseil-card\">\n                <h4>\ud83c\udfaf Evaluaci\u00f3n cognitiva personalizada<\/h4>\n                <p>Nuestras herramientas de evaluaci\u00f3n cognitiva integradas en <a href=\"https:\/\/www.dynseo.com\/es\/coco-piensa-y-coco-se-mueve-software-educativo\/\" style=\"color: var(--bleu-dark); font-weight: 600;\">COCO PIENSA<\/a> identifican tu perfil cognitivo \u00fanico al analizar tu rendimiento en m\u00faltiples tareas estandarizadas. Esta evaluaci\u00f3n genera autom\u00e1ticamente un programa de entrenamiento personalizado que apunta a tus necesidades espec\u00edficas mientras capitaliza sobre tus fortalezas naturales.<\/p>\n            <\/div>\n\n            <h3>Estrategias espec\u00edficas por franja de edad<\/h3>\n\n            <p>La adaptaci\u00f3n de las estrategias de mejora de la memoria a corto plazo seg\u00fan la edad requiere una comprensi\u00f3n precisa de las especificidades del desarrollo y de los mecanismos compensatorios disponibles en cada etapa de la vida. Esta adaptaci\u00f3n no se limita a una simple reducci\u00f3n de la dificultad, sino que implica una reconsideraci\u00f3n completa de las modalidades de entrenamiento, los objetivos perseguidos y los criterios de progreso.<\/p>\n<div class=\"tip-box\">\n                <div class=\"tip-box-label\">\ud83d\udc65 Adaptaci\u00f3n por perfil<\/div>\n                <p><strong>Ni\u00f1os\/Adolescentes :<\/strong> Priorizar la gamificaci\u00f3n, el aprendizaje a trav\u00e9s del error y los desaf\u00edos sociales. <strong>Adultos activos :<\/strong> Integraci\u00f3n en las actividades profesionales, entrenamiento intensivo corto. <strong>Mayores :<\/strong> Progresi\u00f3n gradual, valorizaci\u00f3n de la experiencia, enfoques multimodales compensatorios.<\/p>\n            <\/div>\n\n            <div class=\"key-points\">\n                <h4>\ud83c\udfa8 Perfiles cognitivos y modalidades \u00f3ptimas<\/h4>\n                <ul>\n                    <li><strong>Perfil visual :<\/strong> Mapas mentales, palacio de la memoria, asociaciones visuales<\/li>\n                    <li><strong>Perfil auditivo :<\/strong> Repetici\u00f3n r\u00edtmica, asociaciones fon\u00e9ticas, narraci\u00f3n<\/li>\n                    <li><strong>Perfil kinest\u00e9sico :<\/strong> Gestualidad asociada, manipulaci\u00f3n de objetos, movimiento<\/li>\n                    <li><strong>Perfil anal\u00edtico :<\/strong> Categorizaci\u00f3n l\u00f3gica, estructuras jer\u00e1rquicas, patrones<\/li>\n                <\/ul>\n            <\/div>\n\n            <div class=\"faq-list\">\n                <div class=\"faq-item\">\n                    <div class=\"faq-q\">\n                        <span>\u00bfCu\u00e1nto tiempo se necesita para observar mejoras en la memoria a corto plazo?<\/span>\n                        <span class=\"faq-icon\">+<\/span>\n                    <\/div>\n                    <div class=\"faq-a\">\n                        <p>Las primeras mejoras pueden ser observadas a partir de 2-3 semanas de entrenamiento regular, con beneficios significativos generalmente visibles despu\u00e9s de 6-8 semanas. Las adaptaciones neuropl\u00e1sticas mayores se consolidan en 3-6 meses de entrenamiento consistente. La clave radica en la regularidad m\u00e1s que en la intensidad excesiva.<\/p>\n                    <\/div>\n                <\/div>\n\n                <div class=\"faq-item\">\n                    <div class=\"faq-q\">\n                        <span>\u00bfEl entrenamiento cognitivo digital es tan efectivo como los m\u00e9todos tradicionales?<\/span>\n                        <span class=\"faq-icon\">+<\/span>\n                    <\/div>\n<div class=\"faq-a\">\n                        <p>Los estudios muestran que las aplicaciones de entrenamiento cognitivo basadas en evidencias cient\u00edficas, como COCO PIENSA, pueden ser tan efectivas como los m\u00e9todos tradicionales, con el\n<script type=\"application\/ld+json\">\n[\n  {\n    \"@context\": \"https:\/\/schema.org\",\n    \"@type\": \"Article\",\n    \"headline\": \"Comment am\u00e9liorer la memoria \u00e0 court terme : strat\u00e9gies et astuces\",\n    \"description\": \"estimulaci\u00f3n cognitiva - Comment am\u00e9liorer la memoria \u00e0 court terme : strat\u00e9gies et astuces. \ud83d\udcc5 Avril 2026 \u23f1\ufe0f 15 min de lec\",\n    \"image\": \"https:\/\/www.dynseo.com\/wp-content\/uploads\/2026\/04\/memoire-court-terme.jpg\",\n    \"datePublished\": \"2026-04-07\",\n    \"dateModified\": \"2026-04-07\",\n    \"author\": {\n      \"@type\": \"Organization\",\n      \"name\": \"DYNSEO\",\n      \"url\": \"https:\/\/www.dynseo.com\"\n    },\n    \"publisher\": {\n      \"@type\": \"Organization\",\n      \"name\": \"DYNSEO\",\n      \"url\": \"https:\/\/www.dynseo.com\",\n      \"logo\": {\n        \"@type\": \"ImageObject\",\n        \"url\": \"https:\/\/www.dynseo.com\/wp-content\/uploads\/logo-dynseo.png\"\n      }\n    },\n    \"aggregateRating\": {\n      \"@type\": \"AggregateRating\",\n      \"ratingValue\": \"4.8\",\n      \"bestRating\": \"5\",\n      \"worstRating\": \"1\",\n      \"ratingCount\": \"47\"\n    },\n    \"mainEntityOfPage\": {\n      \"@type\": \"WebPage\",\n      \"@id\": \"https:\/\/www.dynseo.com\/comment-ameliorer-la-memoire-a-court-terme-strategies-et-astuces\/\"\n    }\n  },\n  {\n    \"@context\": \"https:\/\/schema.org\",\n    \"@type\": \"WebPage\",\n    \"url\": \"https:\/\/www.dynseo.com\/comment-ameliorer-la-memoire-a-court-terme-strategies-et-astuces\/\",\n    \"name\": \"Comment am\u00e9liorer la memoria \u00e0 court terme : strat\u00e9gies et astuces\",\n    \"breadcrumb\": {\n      \"@type\": \"BreadcrumbList\",\n      \"itemListElement\": [\n        {\n          \"@type\": \"ListItem\",\n          \"position\": 1,\n          \"name\": \"Accueil\",\n          \"item\": \"https:\/\/www.dynseo.com\/\"\n        },\n        {\n          \"@type\": \"ListItem\",\n          \"position\": 2,\n          \"name\": \"Blog\",\n          \"item\": \"https:\/\/www.dynseo.com\/blog\/\"\n        },\n        {\n          \"@type\": \"ListItem\",\n          \"position\": 3,\n          \"name\": \"Comment am\u00e9liorer la memoria \u00e0 court terme : strat\u00e9gies et astuces\",\n          \"item\": \"https:\/\/www.dynseo.com\/comment-ameliorer-la-memoire-a-court-terme-strategies-et-astuces\/\"\n        }\n      ]\n    }\n  },\n  {\n    \"@context\": \"https:\/\/schema.org\",\n    \"@type\": \"FAQPage\",\n    \"mainEntity\": [\n      {\n        \"@type\": \"Question\",\n        \"name\": \"Combien de temps faut-il pour observer des am\u00e9liorations de la memoria \u00e0 court terme ?\",\n        \"acceptedAnswer\": {\n          \"@type\": \"Answer\",\n          \"text\": \"Les am\u00e9liorations de la memoria \u00e0 court terme peuvent \u00eatre observ\u00e9es apr\u00e8s quelques semaines d'entra\u00eenement r\u00e9gulier. Cependant, la dur\u00e9e exacte varie selon l'individu, l'intensit\u00e9 de l'entra\u00eenement et les m\u00e9thodes utilis\u00e9es. Une pratique quotidienne de 15 \u00e0 30 minutes peut montrer des r\u00e9sultats significatifs apr\u00e8s 4 \u00e0 6 semaines.\"\n        }\n      },\n      {\n        \"@type\": \"Question\",\n        \"name\": \"L'entra\u00eenement cognitif num\u00e9rique est-il aussi efficace que les m\u00e9thodes traditionnelles ?\",\n        \"acceptedAnswer\": {\n          \"@type\": \"Answer\",\n          \"text\": \"L'entra\u00eenement cognitif num\u00e9rique pr\u00e9sente plusieurs avantages : personnalisation des exercices, suivi des progr\u00e8s en temps r\u00e9el et adaptation automatique de la difficult\u00e9. Les \u00e9tudes montrent une efficacit\u00e9 comparable aux m\u00e9thodes traditionnelles, avec l'avantage suppl\u00e9mentaire de la motivation gr\u00e2ce aux \u00e9l\u00e9ments ludiques et \u00e0 l'accessibilit\u00e9.\"\n        }\n      }\n    ]\n  }\n]\n<\/script>[\/et_pb_code][\/et_pb_column][\/et_pb_row][\/et_pb_section]","_et_gb_content_width":"","footnotes":""},"categories":[2915],"tags":[],"class_list":["post-568926","post","type-post","status-publish","format-standard","has-post-thumbnail","hentry","category-les-conseils-des-coachs"],"yoast_head":"<!-- This site is optimized with the Yoast SEO plugin v27.4 - https:\/\/yoast.com\/product\/yoast-seo-wordpress\/ -->\n<title>C\u00f3mo mejorar la memoria a corto plazo: estrategias y consejos - DYNSEO - Aplicaci\u00f3n educativa y juegos de memoria<\/title>\n<meta name=\"robots\" content=\"index, follow, max-snippet:-1, max-image-preview:large, max-video-preview:-1\" \/>\n<link rel=\"canonical\" href=\"https:\/\/www.dynseo.com\/es\/como-mejorar-la-memoria-a-corto-plazo-estrategias-y-consejos\/\" \/>\n<meta property=\"og:locale\" content=\"es_ES\" \/>\n<meta property=\"og:type\" content=\"article\" \/>\n<meta property=\"og:title\" content=\"C\u00f3mo mejorar la memoria a corto plazo: estrategias y consejos - DYNSEO - Aplicaci\u00f3n educativa y juegos de memoria\" \/>\n<meta property=\"og:url\" content=\"https:\/\/www.dynseo.com\/es\/como-mejorar-la-memoria-a-corto-plazo-estrategias-y-consejos\/\" \/>\n<meta property=\"og:site_name\" content=\"DYNSEO - Aplicaci\u00f3n educativa y juegos de memoria\" \/>\n<meta property=\"article:published_time\" content=\"2026-04-28T23:59:45+00:00\" \/>\n<meta property=\"article:modified_time\" content=\"2026-04-29T00:07:15+00:00\" \/>\n<meta property=\"og:image\" content=\"https:\/\/www.dynseo.com\/wp-content\/uploads\/2025\/09\/abcdhe-113.jpg\" \/>\n\t<meta property=\"og:image:width\" content=\"900\" \/>\n\t<meta property=\"og:image:height\" content=\"540\" \/>\n\t<meta property=\"og:image:type\" content=\"image\/jpeg\" \/>\n<meta name=\"author\" content=\"DYNSEO\" \/>\n<meta name=\"twitter:label1\" content=\"Escrito por\" \/>\n\t<meta name=\"twitter:data1\" content=\"DYNSEO\" \/>\n\t<meta name=\"twitter:label2\" content=\"Tiempo de lectura\" \/>\n\t<meta name=\"twitter:data2\" content=\"26 minutos\" \/>\n<script type=\"application\/ld+json\" class=\"yoast-schema-graph\">{\"@context\":\"https:\\\/\\\/schema.org\",\"@graph\":[{\"@type\":\"Article\",\"@id\":\"https:\\\/\\\/www.dynseo.com\\\/es\\\/como-mejorar-la-memoria-a-corto-plazo-estrategias-y-consejos\\\/#article\",\"isPartOf\":{\"@id\":\"https:\\\/\\\/www.dynseo.com\\\/es\\\/como-mejorar-la-memoria-a-corto-plazo-estrategias-y-consejos\\\/\"},\"author\":{\"name\":\"DYNSEO\",\"@id\":\"https:\\\/\\\/www.dynseo.com\\\/es\\\/#\\\/schema\\\/person\\\/78ef63df2ee64e0989bc68f8401b38d6\"},\"headline\":\"C\u00f3mo mejorar la memoria a corto plazo: estrategias y consejos\",\"datePublished\":\"2026-04-28T23:59:45+00:00\",\"dateModified\":\"2026-04-29T00:07:15+00:00\",\"mainEntityOfPage\":{\"@id\":\"https:\\\/\\\/www.dynseo.com\\\/es\\\/como-mejorar-la-memoria-a-corto-plazo-estrategias-y-consejos\\\/\"},\"wordCount\":5284,\"publisher\":{\"@id\":\"https:\\\/\\\/www.dynseo.com\\\/es\\\/#organization\"},\"image\":{\"@id\":\"https:\\\/\\\/www.dynseo.com\\\/es\\\/como-mejorar-la-memoria-a-corto-plazo-estrategias-y-consejos\\\/#primaryimage\"},\"thumbnailUrl\":\"https:\\\/\\\/www.dynseo.com\\\/wp-content\\\/uploads\\\/2025\\\/09\\\/abcdhe-113.jpg\",\"articleSection\":[\"Les conseils des coachs\"],\"inLanguage\":\"es\"},{\"@type\":\"WebPage\",\"@id\":\"https:\\\/\\\/www.dynseo.com\\\/es\\\/como-mejorar-la-memoria-a-corto-plazo-estrategias-y-consejos\\\/\",\"url\":\"https:\\\/\\\/www.dynseo.com\\\/es\\\/como-mejorar-la-memoria-a-corto-plazo-estrategias-y-consejos\\\/\",\"name\":\"C\u00f3mo mejorar la memoria a corto plazo: estrategias y consejos - DYNSEO - Aplicaci\u00f3n educativa y juegos de memoria\",\"isPartOf\":{\"@id\":\"https:\\\/\\\/www.dynseo.com\\\/es\\\/#website\"},\"primaryImageOfPage\":{\"@id\":\"https:\\\/\\\/www.dynseo.com\\\/es\\\/como-mejorar-la-memoria-a-corto-plazo-estrategias-y-consejos\\\/#primaryimage\"},\"image\":{\"@id\":\"https:\\\/\\\/www.dynseo.com\\\/es\\\/como-mejorar-la-memoria-a-corto-plazo-estrategias-y-consejos\\\/#primaryimage\"},\"thumbnailUrl\":\"https:\\\/\\\/www.dynseo.com\\\/wp-content\\\/uploads\\\/2025\\\/09\\\/abcdhe-113.jpg\",\"datePublished\":\"2026-04-28T23:59:45+00:00\",\"dateModified\":\"2026-04-29T00:07:15+00:00\",\"breadcrumb\":{\"@id\":\"https:\\\/\\\/www.dynseo.com\\\/es\\\/como-mejorar-la-memoria-a-corto-plazo-estrategias-y-consejos\\\/#breadcrumb\"},\"inLanguage\":\"es\",\"potentialAction\":[{\"@type\":\"ReadAction\",\"target\":[\"https:\\\/\\\/www.dynseo.com\\\/es\\\/como-mejorar-la-memoria-a-corto-plazo-estrategias-y-consejos\\\/\"]}]},{\"@type\":\"ImageObject\",\"inLanguage\":\"es\",\"@id\":\"https:\\\/\\\/www.dynseo.com\\\/es\\\/como-mejorar-la-memoria-a-corto-plazo-estrategias-y-consejos\\\/#primaryimage\",\"url\":\"https:\\\/\\\/www.dynseo.com\\\/wp-content\\\/uploads\\\/2025\\\/09\\\/abcdhe-113.jpg\",\"contentUrl\":\"https:\\\/\\\/www.dynseo.com\\\/wp-content\\\/uploads\\\/2025\\\/09\\\/abcdhe-113.jpg\",\"width\":900,\"height\":540,\"caption\":\"Desaf\u00eda tu cerebro con actividades divertidas y beneficiosas\"},{\"@type\":\"BreadcrumbList\",\"@id\":\"https:\\\/\\\/www.dynseo.com\\\/es\\\/como-mejorar-la-memoria-a-corto-plazo-estrategias-y-consejos\\\/#breadcrumb\",\"itemListElement\":[{\"@type\":\"ListItem\",\"position\":1,\"name\":\"Accueil\",\"item\":\"https:\\\/\\\/www.dynseo.com\\\/es\\\/\"},{\"@type\":\"ListItem\",\"position\":2,\"name\":\"C\u00f3mo mejorar la memoria a corto plazo: estrategias y consejos\"}]},{\"@type\":\"WebSite\",\"@id\":\"https:\\\/\\\/www.dynseo.com\\\/es\\\/#website\",\"url\":\"https:\\\/\\\/www.dynseo.com\\\/es\\\/\",\"name\":\"Jeux de m\u00e9moire et stimulation cognitive\",\"description\":\"Entra\u00eenez votre m\u00e9moire et votre cerveau avec DYNSEO\",\"publisher\":{\"@id\":\"https:\\\/\\\/www.dynseo.com\\\/es\\\/#organization\"},\"potentialAction\":[{\"@type\":\"SearchAction\",\"target\":{\"@type\":\"EntryPoint\",\"urlTemplate\":\"https:\\\/\\\/www.dynseo.com\\\/es\\\/?s={search_term_string}\"},\"query-input\":{\"@type\":\"PropertyValueSpecification\",\"valueRequired\":true,\"valueName\":\"search_term_string\"}}],\"inLanguage\":\"es\"},{\"@type\":\"Organization\",\"@id\":\"https:\\\/\\\/www.dynseo.com\\\/es\\\/#organization\",\"name\":\"DYNSEO\",\"url\":\"https:\\\/\\\/www.dynseo.com\\\/es\\\/\",\"logo\":{\"@type\":\"ImageObject\",\"inLanguage\":\"es\",\"@id\":\"https:\\\/\\\/www.dynseo.com\\\/es\\\/#\\\/schema\\\/logo\\\/image\\\/\",\"url\":\"https:\\\/\\\/www.dynseo.com\\\/wp-content\\\/uploads\\\/2022\\\/05\\\/logo-dynseo-new.png\",\"contentUrl\":\"https:\\\/\\\/www.dynseo.com\\\/wp-content\\\/uploads\\\/2022\\\/05\\\/logo-dynseo-new.png\",\"width\":5073,\"height\":1397,\"caption\":\"DYNSEO\"},\"image\":{\"@id\":\"https:\\\/\\\/www.dynseo.com\\\/es\\\/#\\\/schema\\\/logo\\\/image\\\/\"}},{\"@type\":\"Person\",\"@id\":\"https:\\\/\\\/www.dynseo.com\\\/es\\\/#\\\/schema\\\/person\\\/78ef63df2ee64e0989bc68f8401b38d6\",\"name\":\"DYNSEO\",\"url\":\"https:\\\/\\\/www.dynseo.com\\\/es\\\/author\\\/justine\\\/\"}]}<\/script>\n<!-- \/ Yoast SEO plugin. -->","yoast_head_json":{"title":"C\u00f3mo mejorar la memoria a corto plazo: estrategias y consejos - DYNSEO - Aplicaci\u00f3n educativa y juegos de memoria","robots":{"index":"index","follow":"follow","max-snippet":"max-snippet:-1","max-image-preview":"max-image-preview:large","max-video-preview":"max-video-preview:-1"},"canonical":"https:\/\/www.dynseo.com\/es\/como-mejorar-la-memoria-a-corto-plazo-estrategias-y-consejos\/","og_locale":"es_ES","og_type":"article","og_title":"C\u00f3mo mejorar la memoria a corto plazo: estrategias y consejos - DYNSEO - Aplicaci\u00f3n educativa y juegos de memoria","og_url":"https:\/\/www.dynseo.com\/es\/como-mejorar-la-memoria-a-corto-plazo-estrategias-y-consejos\/","og_site_name":"DYNSEO - Aplicaci\u00f3n educativa y juegos de memoria","article_published_time":"2026-04-28T23:59:45+00:00","article_modified_time":"2026-04-29T00:07:15+00:00","og_image":[{"width":900,"height":540,"url":"https:\/\/www.dynseo.com\/wp-content\/uploads\/2025\/09\/abcdhe-113.jpg","type":"image\/jpeg"}],"author":"DYNSEO","twitter_misc":{"Escrito por":"DYNSEO","Tiempo de lectura":"26 minutos"},"schema":{"@context":"https:\/\/schema.org","@graph":[{"@type":"Article","@id":"https:\/\/www.dynseo.com\/es\/como-mejorar-la-memoria-a-corto-plazo-estrategias-y-consejos\/#article","isPartOf":{"@id":"https:\/\/www.dynseo.com\/es\/como-mejorar-la-memoria-a-corto-plazo-estrategias-y-consejos\/"},"author":{"name":"DYNSEO","@id":"https:\/\/www.dynseo.com\/es\/#\/schema\/person\/78ef63df2ee64e0989bc68f8401b38d6"},"headline":"C\u00f3mo mejorar la memoria a corto plazo: estrategias y consejos","datePublished":"2026-04-28T23:59:45+00:00","dateModified":"2026-04-29T00:07:15+00:00","mainEntityOfPage":{"@id":"https:\/\/www.dynseo.com\/es\/como-mejorar-la-memoria-a-corto-plazo-estrategias-y-consejos\/"},"wordCount":5284,"publisher":{"@id":"https:\/\/www.dynseo.com\/es\/#organization"},"image":{"@id":"https:\/\/www.dynseo.com\/es\/como-mejorar-la-memoria-a-corto-plazo-estrategias-y-consejos\/#primaryimage"},"thumbnailUrl":"https:\/\/www.dynseo.com\/wp-content\/uploads\/2025\/09\/abcdhe-113.jpg","articleSection":["Les conseils des coachs"],"inLanguage":"es"},{"@type":"WebPage","@id":"https:\/\/www.dynseo.com\/es\/como-mejorar-la-memoria-a-corto-plazo-estrategias-y-consejos\/","url":"https:\/\/www.dynseo.com\/es\/como-mejorar-la-memoria-a-corto-plazo-estrategias-y-consejos\/","name":"C\u00f3mo mejorar la memoria a corto plazo: estrategias y consejos - DYNSEO - Aplicaci\u00f3n educativa y juegos de memoria","isPartOf":{"@id":"https:\/\/www.dynseo.com\/es\/#website"},"primaryImageOfPage":{"@id":"https:\/\/www.dynseo.com\/es\/como-mejorar-la-memoria-a-corto-plazo-estrategias-y-consejos\/#primaryimage"},"image":{"@id":"https:\/\/www.dynseo.com\/es\/como-mejorar-la-memoria-a-corto-plazo-estrategias-y-consejos\/#primaryimage"},"thumbnailUrl":"https:\/\/www.dynseo.com\/wp-content\/uploads\/2025\/09\/abcdhe-113.jpg","datePublished":"2026-04-28T23:59:45+00:00","dateModified":"2026-04-29T00:07:15+00:00","breadcrumb":{"@id":"https:\/\/www.dynseo.com\/es\/como-mejorar-la-memoria-a-corto-plazo-estrategias-y-consejos\/#breadcrumb"},"inLanguage":"es","potentialAction":[{"@type":"ReadAction","target":["https:\/\/www.dynseo.com\/es\/como-mejorar-la-memoria-a-corto-plazo-estrategias-y-consejos\/"]}]},{"@type":"ImageObject","inLanguage":"es","@id":"https:\/\/www.dynseo.com\/es\/como-mejorar-la-memoria-a-corto-plazo-estrategias-y-consejos\/#primaryimage","url":"https:\/\/www.dynseo.com\/wp-content\/uploads\/2025\/09\/abcdhe-113.jpg","contentUrl":"https:\/\/www.dynseo.com\/wp-content\/uploads\/2025\/09\/abcdhe-113.jpg","width":900,"height":540,"caption":"Desaf\u00eda tu cerebro con actividades divertidas y beneficiosas"},{"@type":"BreadcrumbList","@id":"https:\/\/www.dynseo.com\/es\/como-mejorar-la-memoria-a-corto-plazo-estrategias-y-consejos\/#breadcrumb","itemListElement":[{"@type":"ListItem","position":1,"name":"Accueil","item":"https:\/\/www.dynseo.com\/es\/"},{"@type":"ListItem","position":2,"name":"C\u00f3mo mejorar la memoria a corto plazo: estrategias y consejos"}]},{"@type":"WebSite","@id":"https:\/\/www.dynseo.com\/es\/#website","url":"https:\/\/www.dynseo.com\/es\/","name":"Jeux de m\u00e9moire et stimulation cognitive","description":"Entra\u00eenez votre m\u00e9moire et votre cerveau avec DYNSEO","publisher":{"@id":"https:\/\/www.dynseo.com\/es\/#organization"},"potentialAction":[{"@type":"SearchAction","target":{"@type":"EntryPoint","urlTemplate":"https:\/\/www.dynseo.com\/es\/?s={search_term_string}"},"query-input":{"@type":"PropertyValueSpecification","valueRequired":true,"valueName":"search_term_string"}}],"inLanguage":"es"},{"@type":"Organization","@id":"https:\/\/www.dynseo.com\/es\/#organization","name":"DYNSEO","url":"https:\/\/www.dynseo.com\/es\/","logo":{"@type":"ImageObject","inLanguage":"es","@id":"https:\/\/www.dynseo.com\/es\/#\/schema\/logo\/image\/","url":"https:\/\/www.dynseo.com\/wp-content\/uploads\/2022\/05\/logo-dynseo-new.png","contentUrl":"https:\/\/www.dynseo.com\/wp-content\/uploads\/2022\/05\/logo-dynseo-new.png","width":5073,"height":1397,"caption":"DYNSEO"},"image":{"@id":"https:\/\/www.dynseo.com\/es\/#\/schema\/logo\/image\/"}},{"@type":"Person","@id":"https:\/\/www.dynseo.com\/es\/#\/schema\/person\/78ef63df2ee64e0989bc68f8401b38d6","name":"DYNSEO","url":"https:\/\/www.dynseo.com\/es\/author\/justine\/"}]}},"_links":{"self":[{"href":"https:\/\/www.dynseo.com\/es\/wp-json\/wp\/v2\/posts\/568926","targetHints":{"allow":["GET"]}}],"collection":[{"href":"https:\/\/www.dynseo.com\/es\/wp-json\/wp\/v2\/posts"}],"about":[{"href":"https:\/\/www.dynseo.com\/es\/wp-json\/wp\/v2\/types\/post"}],"author":[{"embeddable":true,"href":"https:\/\/www.dynseo.com\/es\/wp-json\/wp\/v2\/users\/4"}],"replies":[{"embeddable":true,"href":"https:\/\/www.dynseo.com\/es\/wp-json\/wp\/v2\/comments?post=568926"}],"version-history":[{"count":17,"href":"https:\/\/www.dynseo.com\/es\/wp-json\/wp\/v2\/posts\/568926\/revisions"}],"predecessor-version":[{"id":568943,"href":"https:\/\/www.dynseo.com\/es\/wp-json\/wp\/v2\/posts\/568926\/revisions\/568943"}],"wp:featuredmedia":[{"embeddable":true,"href":"https:\/\/www.dynseo.com\/es\/wp-json\/wp\/v2\/media\/412655"}],"wp:attachment":[{"href":"https:\/\/www.dynseo.com\/es\/wp-json\/wp\/v2\/media?parent=568926"}],"wp:term":[{"taxonomy":"category","embeddable":true,"href":"https:\/\/www.dynseo.com\/es\/wp-json\/wp\/v2\/categories?post=568926"},{"taxonomy":"post_tag","embeddable":true,"href":"https:\/\/www.dynseo.com\/es\/wp-json\/wp\/v2\/tags?post=568926"}],"curies":[{"name":"wp","href":"https:\/\/api.w.org\/{rel}","templated":true}]}}