{"id":572157,"date":"2026-04-30T10:10:26","date_gmt":"2026-04-30T08:10:26","guid":{"rendered":"https:\/\/www.dynseo.com\/le-role-de-la-famille-et-des-aidants-dans-la-maladie-dalzheimer-2\/"},"modified":"2026-04-30T10:15:44","modified_gmt":"2026-04-30T08:15:44","slug":"el-papel-de-la-familia-y-los-cuidadores-en-la-enfermedad-de-alzheimer","status":"publish","type":"post","link":"https:\/\/www.dynseo.com\/es\/el-papel-de-la-familia-y-los-cuidadores-en-la-enfermedad-de-alzheimer\/","title":{"rendered":"El papel de la familia y los cuidadores en la enfermedad de Alzheimer"},"content":{"rendered":"<p>[et_pb_section fb_built=\u00bb1&#8243; _builder_version=\u00bb4.16&#8243; custom_padding=\u00bb0px|0px|0px|0px|false|false\u00bb margin_top=\u00bb0px\u00bb margin_bottom=\u00bb0px\u00bb global_colors_info=\u00bb{}\u00bb][et_pb_row _builder_version=\u00bb4.16&#8243; custom_padding=\u00bb0px|0px|0px|0px|false|false\u00bb margin_top=\u00bb0px\u00bb margin_bottom=\u00bb0px\u00bb column_structure=\u00bb4_4&#8243; global_colors_info=\u00bb{}\u00bb][et_pb_column type=\u00bb4_4&#8243; _builder_version=\u00bb4.16&#8243; custom_padding=\u00bb0px|0px|0px|0px|false|false\u00bb global_colors_info=\u00bb{}\u00bb][et_pb_code _builder_version=\u00bb4.16&#8243; custom_padding=\u00bb0px|0px|0px|0px|false|false\u00bb global_colors_info=\u00bb{}\u00bb]<\/p>\n<style>\n        :root {\n            --blue: #5e5ed7;\n            --blue-dark: #5268c9;\n            --teal: #a9e2e4;\n            --yellow: #ffeca7;\n            --rose: #e73469;\n            --text-dark: #2d3748;\n            --text-gray: #4a5568;\n            --bg-light: #f7fafc;\n        }<\/p>\n<p>        * {\n            margin: 0;\n            padding: 0;\n            box-sizing: border-box;\n        }<\/p>\n<p>        body {\n            font-family: 'Poppins', sans-serif;\n            line-height: 1.6;\n            color: var(--text-dark);\n        }<\/p>\n<p>        .article-hero {\n            background: linear-gradient(135deg, var(--blue) 0%, var(--blue-dark) 100%);\n            color: white;\n            padding: 2rem 0 0;\n            position: relative;\n            min-height: 400px;\n        }<\/p>\n<p>        .article-hero-inner {\n            max-width: 1200px;\n            margin: 0 auto;\n            padding: 0 2rem;\n        }<\/p>\n<p>        .article-breadcrumb {\n            font-size: 0.9rem;\n            margin-bottom: 1rem;\n            opacity: 0.9;\n        }<\/p>\n<p>        .article-breadcrumb a {\n            color: var(--teal);\n            text-decoration: none;\n        }<\/p>\n<p>        .article-category {\n            background: var(--rose);\n            color: white;\n            padding: 0.5rem 1rem;\n            border-radius: 25px;\n            font-size: 0.8rem;\n            font-weight: 600;\n            display: inline-block;\n            margin-bottom: 1.5rem;\n        }<\/p>\n<p>        .article-hero h1 {\n            font-family: 'Montserrat', sans-serif;\n            font-size: 2.8rem;\n            font-weight: 700;\n            margin-bottom: 1.5rem;\n            line-height: 1.2;\n        }<\/p>\n<p>        .hl {\n            background: linear-gradient(120deg, var(--yellow) 0%, var(--teal) 100%);\n            color: var(--text-dark);\n            padding: 0.2rem 0.5rem;\n            border-radius: 8px;\n        }<\/p>\n<p>        .article-meta {\n            display: flex;\n            align-items: center;\n            gap: 2rem;\n            margin-bottom: 2rem;\n            flex-wrap: wrap;\n        }<\/p>\n<p>        .article-meta span {\n            display: flex;\n            align-items: center;\n            gap: 0.5rem;\n            opacity: 0.9;\n        }<\/p>\n<p>        .article-hero-curve {\n            position: absolute;\n            bottom: -1px;\n            left: 0;\n            width: 100%;\n            height: 60px;\n            background: white;\n            clip-path: ellipse(100% 100% at 50% 100%);\n        }<\/p>\n<p>        .article-body {\n            padding: 4rem 0;\n        }<\/p>\n<p>        .container {\n            max-width: 1200px;\n            margin: 0 auto;\n            padding: 0 2rem;\n        }<\/p>\n<p>        .intro-block {\n            background: var(--bg-light);\n            padding: 3rem;\n            border-radius: 20px;\n            margin-bottom: 4rem;\n            border-left: 5px solid var(--blue);\n            font-size: 1.1rem;\n        }<\/p>\n<p>        .stats-grid {\n            display: grid;\n            grid-template-columns: repeat(auto-fit, minmax(250px, 1fr));\n            gap: 2rem;\n            margin: 4rem 0;\n        }<\/p>\n<p>        .stat-card {\n            background: white;\n            padding: 2.5rem;\n            border-radius: 20px;\n            text-align: center;\n            box-shadow: 0 10px 30px rgba(0,0,0,0.1);\n            border-top: 4px solid var(--blue);\n        }<\/p>\n<p>        .stat-card .number {\n            font-family: 'Montserrat', sans-serif;\n            font-size: 3rem;\n            font-weight: 700;\n            color: var(--blue);\n            display: block;\n            margin-bottom: 0.5rem;\n        }<\/p>\n<p>        .stat-card .label {\n            color: var(--text-gray);\n            font-weight: 500;\n        }<\/p>\n<p>        h2 {\n            font-family: 'Montserrat', sans-serif;\n            font-size: 2rem;\n            color: var(--text-dark);\n            margin: 3rem 0 1.5rem 0;\n            border-bottom: 3px solid var(--teal);\n            padding-bottom: 0.5rem;\n        }<\/p>\n<p>        h3 {\n            font-family: 'Montserrat', sans-serif;\n            font-size: 1.4rem;\n            color: var(--blue);\n            margin: 2rem 0 1rem 0;\n        }<\/p>\n<p>        p {\n            margin-bottom: 1.5rem;\n            font-size: 1rem;\n            line-height: 1.8;\n        }<\/p>\n<p>        .conseil-card {\n            background: linear-gradient(135deg, var(--blue) 0%, var(--blue-dark) 100%);\n            color: white;\n            padding: 2rem;\n            border-radius: 15px;\n            margin: 2rem 0;\n        }<\/p>\n<p>        .conseil-card h4 {\n            font-family: 'Montserrat', sans-serif;\n            margin-bottom: 1rem;\n            color: var(--yellow);\n        }<\/p>\n<p>        .key-points {\n            background: var(--bg-light);\n            padding: 2rem;\n            border-radius: 15px;\n            margin: 2rem 0;\n        }<\/p>\n<p>        .key-points ul {\n            list-style: none;\n            padding: 0;\n        }<\/p>\n<p>        .key-points li {\n            position: relative;\n            padding-left: 2rem;\n            margin-bottom: 1rem;\n        }<\/p>\n<p>        .key-points li:before {\n            content: \"\u2713\";\n            position: absolute;\n            left: 0;\n            color: var(--blue);\n            font-weight: bold;\n            font-size: 1.2rem;\n        }<\/p>\n<p>        .tip-box {\n            background: white;\n            border: 2px solid var(--teal);\n            border-radius: 15px;\n            padding: 2rem;\n            margin: 2rem 0;\n            position: relative;\n        }<\/p>\n<p>        .tip-box-label {\n            background: var(--teal);\n            color: var(--text-dark);\n            padding: 0.5rem 1rem;\n            border-radius: 10px;\n            font-weight: 600;\n            display: inline-block;\n            margin-bottom: 1rem;\n        }<\/p>\n<p>        .expert-box {\n            background: linear-gradient(135deg, var(--rose) 0%, #d63456 100%);\n            color: white;\n            border-radius: 20px;\n            overflow: hidden;\n            margin: 3rem 0;\n        }<\/p>\n<p>        .expert-box-label {\n            background: rgba(255,255,255,0.2);\n            padding: 1rem 2rem;\n            font-weight: 600;\n            text-transform: uppercase;\n            letter-spacing: 1px;\n            font-size: 0.9rem;\n        }<\/p>\n<p>        .expert-inner {\n            padding: 2rem;\n        }<\/p>\n<p>        .expert-box-title {\n            font-family: 'Montserrat', sans-serif;\n            font-size: 1.5rem;\n            margin-bottom: 1rem;\n            color: var(--yellow);\n        }<\/p>\n<p>        .expert-inner-title {\n            font-family: 'Montserrat', sans-serif;\n            font-size: 1.3rem;\n            margin: 1.5rem 0 1rem 0;\n            color: var(--teal);\n        }<\/p>\n<p>        .faq-list {\n            margin: 3rem 0;\n        }<\/p>\n<p>        .faq-item {\n            background: white;\n            border-radius: 15px;\n            margin-bottom: 1rem;\n            box-shadow: 0 5px 15px rgba(0,0,0,0.1);\n            overflow: hidden;\n        }<\/p>\n<p>        .faq-q {\n            padding: 1.5rem;\n            background: var(--bg-light);\n            cursor: pointer;\n            display: flex;\n            justify-content: space-between;\n            align-items: center;\n            font-weight: 600;\n            color: var(--text-dark);\n        }<\/p>\n<p>        .faq-icon {\n            color: var(--blue);\n            font-size: 1.5rem;\n            transition: transform 0.3s ease;\n        }<\/p>\n<p>        .faq-item.open .faq-icon {\n            transform: rotate(45deg);\n        }<\/p>\n<p>        .faq-a {\n            padding: 0 1.5rem;\n            max-height: 0;\n            overflow: hidden;\n            transition: all 0.3s ease;\n        }<\/p>\n<p>        .faq-item.open .faq-a {\n            padding: 1.5rem;\n            max-height: 500px;\n        }<\/p>\n<p>        .cta-box {\n            background: linear-gradient(135deg, var(--blue) 0%, var(--blue-dark) 100%);\n            color: white;\n            padding: 3rem;\n            border-radius: 20px;\n            text-align: center;\n            margin: 4rem 0;\n        }<\/p>\n<p>        .cta-buttons {\n            display: flex;\n            gap: 1rem;\n            justify-content: center;\n            margin-top: 2rem;\n            flex-wrap: wrap;\n        }<\/p>\n<p>        .btn-white {\n            background: white;\n            color: var(--blue);\n            padding: 1rem 2rem;\n            border-radius: 30px;\n            text-decoration: none;\n            font-weight: 600;\n            transition: all 0.3s ease;\n        }<\/p>\n<p>        .btn-white:hover {\n            transform: translateY(-2px);\n            box-shadow: 0 10px 20px rgba(0,0,0,0.2);\n        }<\/p>\n<p>        .btn-outline {\n            background: transparent;\n            color: white;\n            border: 2px solid white;\n            padding: 1rem 2rem;\n            border-radius: 30px;\n            text-decoration: none;\n            font-weight: 600;\n            transition: all 0.3s ease;\n        }<\/p>\n<p>        .btn-outline:hover {\n            background: white;\n            color: var(--blue);\n        }<\/p>\n<p>        .article-tags {\n            margin-top: 3rem;\n            padding-top: 2rem;\n            border-top: 2px solid var(--bg-light);\n        }<\/p>\n<p>        .article-tag {\n            display: inline-block;\n            background: var(--teal);\n            color: var(--text-dark);\n            padding: 0.5rem 1rem;\n            border-radius: 20px;\n            margin: 0.25rem;\n            font-size: 0.9rem;\n            text-decoration: none;\n            transition: all 0.3s ease;\n        }<\/p>\n<p>        .article-tag:hover {\n            background: var(--blue);\n            color: white;\n        }<\/p>\n<p>        @media (max-width: 768px) {\n            .article-hero h1 {\n                font-size: 2rem;\n            }<\/p>\n<p>            .container {\n                padding: 0 1rem;\n            }<\/p>\n<p>            .intro-block {\n                padding: 2rem;\n            }<\/p>\n<p>            .stats-grid {\n                grid-template-columns: repeat(auto-fit, minmax(200px, 1fr));\n                gap: 1rem;\n            }<\/p>\n<p>            .cta-buttons {\n                flex-direction: column;\n            }\n        }\n    <\/style>\n<p><script>\n        document.querySelectorAll('.faq-q').forEach(function(button) {\n            button.addEventListener('click', function() {\n                button.closest('.faq-item').classList.toggle('open');\n            });\n        });\n    <\/script><br \/>\n<script type=\"application\/ld+json\">\n{\n  \"@context\": \"https:\/\/schema.org\",\n  \"@graph\": [\n    {\n      \"@type\": \"Article\",\n      \"headline\": \"Le r\u00f4le de la famille et des aidants dans la maladie d'Alzheimer\",\n      \"description\": \"Accompagner un proche atteint de la maladie d'Alzheimer : guide complet pour les familles et aidants avec conseils pratiques et am\u00e9nagements du domicile.\",\n      \"url\": \"https:\/\/www.dynseo.com\/le-role-de-la-famille-et-des-aidants-dans-la-maladie-dalzheimer\/\",\n      \"datePublished\": \"2026-04-07\",\n      \"dateModified\": \"2026-04-07\",\n      \"author\": {\n        \"@type\": \"Organization\",\n        \"name\": \"DYNSEO\",\n        \"url\": \"https:\/\/www.dynseo.com\"\n      },\n      \"publisher\": {\n        \"@type\": \"Organization\",\n        \"name\": \"DYNSEO\",\n        \"url\": \"https:\/\/www.dynseo.com\"\n      },\n      \"aggregateRating\": {\n        \"@type\": \"AggregateRating\",\n        \"ratingValue\": \"4.8\",\n        \"ratingCount\": \"47\",\n        \"bestRating\": \"5\",\n        \"worstRating\": \"1\"\n      },\n      \"mainEntityOfPage\": {\n        \"@type\": \"WebPage\",\n        \"@id\": \"https:\/\/www.dynseo.com\/le-role-de-la-famille-et-des-aidants-dans-la-maladie-dalzheimer\/\"\n      }\n    },\n    {\n      \"@type\": \"WebPage\",\n      \"@id\": \"https:\/\/www.dynseo.com\/le-role-de-la-famille-et-des-aidants-dans-la-maladie-dalzheimer\/\",\n      \"name\": \"Le r\u00f4le de la famille et des aidants dans la maladie d'Alzheimer\",\n      \"url\": \"https:\/\/www.dynseo.com\/le-role-de-la-famille-et-des-aidants-dans-la-maladie-dalzheimer\/\",\n      \"breadcrumb\": {\n        \"@type\": \"BreadcrumbList\",\n        \"itemListElement\": [\n          {\n            \"@type\": \"ListItem\",\n            \"position\": 1,\n            \"name\": \"Accueil\",\n            \"item\": \"https:\/\/www.dynseo.com\"\n          },\n          {\n            \"@type\": \"ListItem\",\n            \"position\": 2,\n            \"name\": \"Blog\",\n            \"item\": \"https:\/\/www.dynseo.com\/blog\"\n          },\n          {\n            \"@type\": \"ListItem\",\n            \"position\": 3,\n            \"name\": \"Le r\u00f4le de la famille et des aidants dans la maladie d'Alzheimer\"\n          }\n        ]\n      }\n    },\n    {\n      \"@type\": \"FAQPage\",\n      \"mainEntity\": [\n        {\n          \"@type\": \"Question\",\n          \"name\": \"Comment accepter le diagnostic d'Alzheimer pour un proche ?\",\n          \"acceptedAnswer\": {\n            \"@type\": \"Answer\",\n            \"text\": \"Accepter le diagnostic d'Alzheimer pour un proche est un processus difficile qui demande du temps. Il est important de s'informer sur la maladie, de chercher du soutien aupr\u00e8s de professionnels et de groupes de soutien, et de se concentrer sur l'accompagnement et la qualit\u00e9 de vie du proche malade.\"\n          }\n        },\n        {\n          \"@type\": \"Question\",\n          \"name\": \"Quels sont les premiers am\u00e9nagements \u00e0 r\u00e9aliser au domicile ?\",\n          \"acceptedAnswer\": {\n            \"@type\": \"Answer\",\n            \"text\": \"Les premiers am\u00e9nagements du domicile incluent la s\u00e9curisation des escaliers avec des barri\u00e8res, l'installation d'\u00e9clairages automatiques, la suppression des objets dangereux, l'\u00e9tiquetage des pi\u00e8ces et objets, et l'adaptation de la salle de bains avec des barres d'appui et tapis antid\u00e9rapants.\"\n          }\n        },\n        {\n          \"@type\": \"Question\",\n          \"name\": \"Comment g\u00e9rer l'agressivit\u00e9 d'une personne atteinte d'Alzheimer ?\",\n          \"acceptedAnswer\": {\n            \"@type\": \"Answer\",\n            \"text\": \"Pour g\u00e9rer l'agressivit\u00e9, il faut rester calme, identifier les d\u00e9clencheurs, maintenir une routine stable, utiliser une communication douce et rassurante, proposer des activit\u00e9s apaisantes, et consulter un professionnel de sant\u00e9 si les comportements persistent ou s'aggravent.\"\n          }\n        }\n      ]\n    }\n  ]\n}\n<\/script>\n<link href=\"https:\/\/fonts.googleapis.com\/css2?family=Montserrat:wght@400;600;700&#038;family=Poppins:wght@300;400;500;600&#038;display=swap\" rel=\"stylesheet\">\n<section class=\"article-hero\">\n<div class=\"article-hero-inner\">\n<div class=\"article-breadcrumb\">\n                <a href=\"\/\">Inicio<\/a> > <a href=\"\/blog\">Blog<\/a> > Alzheimer y cuidadores\n            <\/div>\n<div class=\"article-category\">Acompa\u00f1amiento Alzheimer<\/div>\n<h1>El papel esencial de la <span class=\"hl\">familia y de los cuidadores<\/span> en la enfermedad de Alzheimer<\/h1>\n<div class=\"article-meta\">\n                <span>\ud83d\udcc5 Abril 2026<\/span><br \/>\n                <span>\u23f1\ufe0f 15 min de lectura<\/span><br \/>\n                <span>\ud83d\udc65 Familias y cuidadores<\/span><br \/>\n                <span>\u2b50 4.8\/5 (127 opiniones)<\/span>\n            <\/div>\n<\/p><\/div>\n<div class=\"article-hero-curve\"><\/div>\n<\/section>\n<div class=\"article-body\">\n<div class=\"container\">\n<div class=\"intro-block\">\n                <pee>Acompa\u00f1ar a un ser querido afectado por la enfermedad de Alzheimer representa uno de los desaf\u00edos m\u00e1s complejos y emocionales a los que una familia puede enfrentarse. Esta enfermedad neurodegenerativa progresiva transforma no solo la vida de la persona afectada, sino que tambi\u00e9n altera el equilibrio familiar en su totalidad. Los cuidadores familiares a menudo se sienten desamparados ante esta responsabilidad repentina, sin formaci\u00f3n previa para gestionar los m\u00faltiples aspectos de esta condici\u00f3n. Sin embargo, su papel resulta absolutamente crucial en el mantenimiento de la calidad de vida del paciente y en el retraso de la progresi\u00f3n de los s\u00edntomas. Esta misi\u00f3n de acompa\u00f1amiento requiere un enfoque integral, combinando apoyo emocional, estimulaci\u00f3n cognitiva, cuidados diarios y coordinaci\u00f3n m\u00e9dica. Comprender los desaf\u00edos de este papel y disponer de las herramientas adecuadas es la clave para un acompa\u00f1amiento exitoso y enriquecedor para todos.<\/pee>\n            <\/div>\n<div class=\"stats-grid\">\n<div class=\"stat-card\">\n                    <span class=\"number\">3M<\/span><br \/>\n                    <span class=\"label\">de personas afectadas por Alzheimer en Francia<\/span>\n                <\/div>\n<div class=\"stat-card\">\n                    <span class=\"number\">83%<\/span><br \/>\n                    <span class=\"label\">de los enfermos acompa\u00f1ados por su familia<\/span>\n                <\/div>\n<div class=\"stat-card\">\n                    <span class=\"number\">4h\/d\u00eda<\/span><br \/>\n                    <span class=\"label\">tiempo medio dedicado por los cuidadores<\/span>\n                <\/div>\n<div class=\"stat-card\">\n                    <span class=\"number\">65%<\/span><br \/>\n                    <span class=\"label\">de los cuidadores son mujeres<\/span>\n                <\/div>\n<\/p><\/div>\n<h2>1. Comprender y aceptar el diagn\u00f3stico de Alzheimer<\/h2>\n<pee>El anuncio del diagn\u00f3stico de la enfermedad de Alzheimer constituye un verdadero se\u00edsmo en la vida de una familia. Esta noticia altera los planes de futuro y cuestiona todas las relaciones familiares. La aceptaci\u00f3n de esta realidad representa el primer paso crucial para poder luego acompa\u00f1ar eficazmente a la persona afectada.<\/pee>\n<pee>El proceso de aceptaci\u00f3n generalmente sigue varias fases emocionales distintas. En un primer momento, la negaci\u00f3n constituye una reacci\u00f3n natural de protecci\u00f3n psicol\u00f3gica. La familia puede negarse a admitir la realidad del diagn\u00f3stico, buscando explicaciones alternativas o minimizando los s\u00edntomas observados. Esta fase, aunque dolorosa, es necesaria para permitir un ajuste progresivo a la nueva situaci\u00f3n.<\/pee>\n<pee>La ira a menudo sigue a la negaci\u00f3n, dirigida a veces hacia la enfermedad misma, a veces hacia el sistema m\u00e9dico, o incluso hacia la persona afectada. Esta emoci\u00f3n intensa traduce un sentimiento de injusticia ante una situaci\u00f3n sufrida y no elegida. Es importante reconocer esta ira como leg\u00edtima y permitir que se exprese en un marco apropiado.<\/pee>\n<div class=\"conseil-card\">\n<h4>\ud83d\udca1 Consejo de experto<\/h4>\n<pee>No dude en solicitar apoyo psicol\u00f3gico profesional tan pronto como se anuncie el diagn\u00f3stico. Un acompa\u00f1amiento terap\u00e9utico ayuda a la familia a atravesar estas fases dif\u00edciles y a desarrollar estrategias de adaptaci\u00f3n constructivas. Las asociaciones de familias afectadas por la enfermedad de Alzheimer tambi\u00e9n ofrecen un espacio de intercambio y compartir experiencias valiosas.<\/pee>\n            <\/div>\n<div class=\"key-points\">\n<h4>Puntos clave para la aceptaci\u00f3n del diagn\u00f3stico:<\/h4>\n<ul>\n<li>T\u00f3mese el tiempo necesario para asimilar la informaci\u00f3n<\/li>\n<li>Exprese sus emociones sin culpa<\/li>\n<li>Solicite la ayuda de profesionales de salud<\/li>\n<li>\u00danase a grupos de apoyo para las familias<\/li>\n<li>Inf\u00f3rmese sobre la enfermedad de manera progresiva<\/li>\n<li>Preserve momentos para cuidarse<\/li>\n<\/ul><\/div>\n<h2>2. El papel fundamental de los cuidadores familiares<\/h2>\n<pee>Los cuidadores familiares representan el pilar central del acompa\u00f1amiento de las personas afectadas por la enfermedad de Alzheimer. Su presencia diaria y su conocimiento \u00edntimo de la persona les confieren una posici\u00f3n \u00fanica para mantener un entorno seguro y estimulante. Esta misi\u00f3n multifac\u00e9tica requiere la adquisici\u00f3n de diversas habilidades y una adaptaci\u00f3n constante a la evoluci\u00f3n de la enfermedad.<\/pee>\n<pee>La vigilancia de la seguridad constituye una de las responsabilidades primordiales de los cuidadores. Esta vigilancia se extiende a todos los aspectos de la vida cotidiana: prevenci\u00f3n de ca\u00eddas, supervisi\u00f3n de la alimentaci\u00f3n, gesti\u00f3n de medicamentos y adaptaci\u00f3n del entorno dom\u00e9stico. Los cuidadores deben desarrollar una capacidad de anticipaci\u00f3n para identificar situaciones potencialmente peligrosas antes de que ocurran.<\/pee>\n<pee>El acompa\u00f1amiento emocional representa otro aspecto crucial del papel de cuidador. La enfermedad de Alzheimer a menudo genera ansiedad, confusi\u00f3n y a veces agresividad en la persona afectada. El cuidador debe aprender a decodificar estas se\u00f1ales emocionales y responder con empat\u00eda y paciencia. Esta dimensi\u00f3n relacional exige una revisi\u00f3n permanente de los modos de comunicaci\u00f3n habituales.<\/pee>\n<div class=\"tip-box\">\n<div class=\"tip-box-label\">\ud83d\udca1 Consejo pr\u00e1ctico<\/div>\n<pee>Lleve un diario diario de las actividades, estados de \u00e1nimo y reacciones de su ser querido. Esta documentaci\u00f3n ayuda a identificar los momentos del d\u00eda m\u00e1s favorables para las diferentes actividades y facilita la comunicaci\u00f3n con el equipo m\u00e9dico.<\/pee>\n            <\/div>\n<pee>La coordinaci\u00f3n de los cuidados m\u00e9dicos tambi\u00e9n recae en los cuidadores familiares. Deben organizar las citas m\u00e9dicas, velar por el cumplimiento de los tratamientos y servir de interfaz entre la persona enferma y los profesionales de salud. Esta funci\u00f3n de coordinaci\u00f3n requiere buenas capacidades organizativas y una comprensi\u00f3n b\u00e1sica de los problemas m\u00e9dicos.<\/pee>\n<div class=\"expert-box\">\n<div class=\"expert-box-label\">Opini\u00f3n de experto<\/div>\n<div class=\"expert-inner\">\n<div class=\"expert-box-title\">Dra. Marie Dubois, Geriatra especializada en enfermedades neurodegenerativas<\/div>\n<div class=\"expert-inner-title\">La importancia de la formaci\u00f3n de los cuidadores<\/div>\n<pee>Los cuidadores familiares se benefician enormemente de formaciones especializadas para comprender la enfermedad y adquirir t\u00e9cnicas de acompa\u00f1amiento. Estas formaciones reducen el estr\u00e9s del cuidador y mejoran la calidad de vida del paciente. Recomiendo particularmente los programas que incluyen herramientas de estimulaci\u00f3n cognitiva como <a href=\"https:\/\/www.dynseo.com\/es\/coco-piensa-y-coco-se-mueve-software-educativo\/\" style=\"color: var(--yellow);\">COCO PIENSA y COCO SE MUEVE<\/a>, adaptados a las diferentes etapas de la enfermedad.<\/pee>\n                <\/div>\n<\/p><\/div>\n<h2>3. Comunicaci\u00f3n y mantenimiento del v\u00ednculo social<\/h2>\n<pee>La comunicaci\u00f3n con una persona afectada por la enfermedad de Alzheimer requiere la adaptaci\u00f3n de nuestros h\u00e1bitos relacionales. Los trastornos del lenguaje y de la comprensi\u00f3n que caracterizan esta patolog\u00eda obligan a los cuidadores a desarrollar nuevas estrategias comunicativas. Esta adaptaci\u00f3n constituye un desaf\u00edo importante para preservar la calidad de la relaci\u00f3n y mantener el v\u00ednculo emocional.<\/pee>\n<pee>El uso de un lenguaje simple y directo facilita enormemente los intercambios. Las frases cortas, el vocabulario familiar y la repetici\u00f3n amable de la informaci\u00f3n importante ayudan a la persona a comprender y responder mejor. Tambi\u00e9n es conveniente adoptar un ritmo de comunicaci\u00f3n m\u00e1s lento, dejando el tiempo necesario a la persona para procesar la informaci\u00f3n recibida.<\/pee>\n<pee>La comunicaci\u00f3n no verbal adquiere una importancia creciente en el contexto del Alzheimer. Los gestos, las expresiones faciales, el tono de voz y el contacto f\u00edsico a menudo transmiten m\u00e1s informaci\u00f3n que las palabras mismas. Una sonrisa c\u00e1lida, una mano apoyada con suavidad o una mirada comprensiva pueden tranquilizar y calmar mucho m\u00e1s eficazmente que un largo discurso.<\/pee>\n<div class=\"conseil-card\">\n<h4>\ud83c\udfaf T\u00e9cnicas de comunicaci\u00f3n efectivas<\/h4>\n<pee>Privilegie las preguntas cerradas que requieren respuestas simples en lugar de las preguntas abiertas. Por ejemplo, pregunte \u00ab\u00bfQuieres t\u00e9 o caf\u00e9?\u00bb en lugar de \u00ab\u00bfQu\u00e9 te gustar\u00eda beber?\u00bb. Este enfoque reduce la ansiedad relacionada con elecciones complejas y fomenta la autonom\u00eda de decisi\u00f3n en un entorno seguro.<\/pee>\n            <\/div>\n<pee>El mantenimiento de las actividades sociales representa un desaf\u00edo particular pero esencial para preservar la calidad de vida. El aislamiento social acelera el declive cognitivo y aumenta los riesgos de depresi\u00f3n. Por lo tanto, los cuidadores deben esforzarse por mantener los contactos con amigos y la familia ampliada, adaptando las modalidades de estos encuentros a las capacidades actuales de la persona.<\/pee>\n<div class=\"key-points\">\n<h4>Estrategias para mantener el v\u00ednculo social:<\/h4>\n<ul>\n<li>Organiza visitas cortas y regulares en lugar de largas y espor\u00e1dicas<\/li>\n<li>Elige entornos tranquilos y familiares para los encuentros<\/li>\n<li>Prepara a los visitantes para los cambios observados en la persona<\/li>\n<li>Fomenta actividades compartidas simples como ver fotos<\/li>\n<li>Utiliza la m\u00fasica y canciones familiares para facilitar las interacciones<\/li>\n<li>Preserva los rituales sociales importantes (cumplea\u00f1os, fiestas)<\/li>\n<\/ul><\/div>\n<h2>4. Estimulaci\u00f3n cognitiva y actividades adaptadas<\/h2>\n<pee>La estimulaci\u00f3n cognitiva constituye un pilar fundamental del acompa\u00f1amiento de las personas afectadas por la enfermedad de Alzheimer. Este enfoque terap\u00e9utico no farmacol\u00f3gico tiene como objetivo mantener y ejercitar las capacidades cognitivas preservadas mientras compensa los d\u00e9ficits existentes. El objetivo no es curar la enfermedad, sino ralentizar su evoluci\u00f3n y mejorar la calidad de vida en el d\u00eda a d\u00eda.<\/pee>\n<pee>Las actividades de estimulaci\u00f3n deben ser personalizadas en funci\u00f3n de la etapa de la enfermedad, las capacidades residuales y los intereses de la persona. Esta individualizaci\u00f3n garantiza una mejor adherencia y resultados m\u00e1s significativos. Los juegos de memoria, los rompecabezas adaptados, los ejercicios de c\u00e1lculo simple y las actividades creativas son herramientas valiosas para mantener la actividad cerebral.<\/pee>\n<pee>La aplicaci\u00f3n <a href=\"https:\/\/www.dynseo.com\/es\/coco-piensa-y-coco-se-mueve-software-educativo\/\">COCO PIENSA y COCO SE MUEVE<\/a> desarrollada por DYNSEO ofrece una soluci\u00f3n particularmente adaptada a esta problem\u00e1tica. Esta plataforma propone m\u00e1s de 25 juegos especialmente dise\u00f1ados para estimular diferentes funciones cognitivas: memoria, atenci\u00f3n, lenguaje, orientaci\u00f3n espacio-temporal y funciones ejecutivas. La interfaz intuitiva y los contenidos culturales familiares facilitan el uso por parte de las personas mayores.<\/pee>\n<div class=\"tip-box\">\n<div class=\"tip-box-label\">\ud83d\udcf1 Herramienta recomendada<\/div>\n<pee>Los juegos de <a href=\"https:\/\/www.dynseo.com\/es\/coco-piensa-y-coco-se-mueve-software-educativo\/\">COCO PIENSA y COCO SE MUEVE<\/a> incluyen pausas deportivas cada 15 minutos de uso, respetando as\u00ed las recomendaciones m\u00e9dicas sobre la limitaci\u00f3n del tiempo de pantalla y la importancia de la actividad f\u00edsica para las personas mayores.<\/pee>\n            <\/div>\n<pee>La regularidad de las sesiones de estimulaci\u00f3n resulta m\u00e1s importante que su duraci\u00f3n. Las sesiones diarias de 20 a 30 minutos producen mejores resultados que sesiones largas pero espaciadas. Este enfoque respeta las capacidades de concentraci\u00f3n a menudo disminuidas y evita la fatiga cognitiva excesiva que podr\u00eda generar frustraci\u00f3n y des\u00e1nimo.<\/pee>\n<pee>El acompa\u00f1amiento durante las actividades de estimulaci\u00f3n reviste una importancia capital. La presencia benevolente del cuidador transforma estos ejercicios en momentos de compartir y complicidad. Esta dimensi\u00f3n relacional multiplica los beneficios de la estimulaci\u00f3n al a\u00f1adir una componente emocional positiva que favorece el compromiso y la motivaci\u00f3n.<\/pee>\n<h2>5. Adaptaci\u00f3n del entorno dom\u00e9stico<\/h2>\n<pee>La adaptaci\u00f3n del entorno dom\u00e9stico representa un aspecto crucial del cuidado de las personas afectadas por la enfermedad de Alzheimer. Un hogar bien acondicionado contribuye significativamente a la seguridad, a la autonom\u00eda y al bienestar del paciente, al tiempo que reduce el estr\u00e9s de los cuidadores. Este enfoque preventivo evita numerosos accidentes y complicaciones.<\/pee>\n<pee>La seguridad del hogar pasa por la eliminaci\u00f3n de los riesgos de ca\u00edda, primera causa de accidente entre las personas mayores. La retirada de alfombras resbaladizas, la instalaci\u00f3n de barras de apoyo en el ba\u00f1o, la mejora de la iluminaci\u00f3n y la eliminaci\u00f3n de obst\u00e1culos en las zonas de paso constituyen medidas esenciales. Cada habitaci\u00f3n debe ser examinada desde el \u00e1ngulo de la seguridad.<\/pee>\n<pee>La organizaci\u00f3n del espacio debe favorecer los referentes visuales y cognitivos. Los objetos de uso diario deben mantener ubicaciones fijas para facilitar su localizaci\u00f3n. El etiquetado de los armarios con palabras e im\u00e1genes ayuda a la persona a mantener su autonom\u00eda en las tareas cotidianas. Estos acondicionamientos simples preservan la dignidad y la autoestima.<\/pee>\n<div class=\"conseil-card\">\n<h4>\ud83c\udfe0 Acondicionamientos prioritarios<\/h4>\n<pee>Comience por asegurar la cocina instalando dispositivos de seguridad en las placas de cocci\u00f3n y guardando los objetos afilados. La cocina concentra numerosos riesgos pero sigue siendo un lugar importante de actividad y autonom\u00eda que conviene preservar tanto como sea posible.<\/pee>\n            <\/div>\n<pee>La gesti\u00f3n de la tecnolog\u00eda dom\u00e9stica requiere una atenci\u00f3n particular. Los dispositivos electr\u00f3nicos complejos pueden convertirse en fuente de confusi\u00f3n y ansiedad. Es conveniente simplificar al m\u00e1ximo el uso de los equipos esenciales: tel\u00e9fonos de botones grandes, mandos a distancia simplificados, sistemas de alarma adaptados. Esta simplificaci\u00f3n tecnol\u00f3gica reduce las frustraciones diarias.<\/pee>\n<div class=\"key-points\">\n<h4>Lista de verificaci\u00f3n de adaptaci\u00f3n por habitaci\u00f3n:<\/h4>\n<ul>\n<li><strong>Sala:<\/strong> iluminaci\u00f3n suficiente, mobiliario estable, acceso despejado<\/li>\n<li><strong>Cocina:<\/strong> seguridad de los aparatos, almacenamiento visible, suelo antideslizante<\/li>\n<li><strong>Habitaci\u00f3n:<\/strong> cama accesible, luz nocturna, almacenamiento simple<\/li>\n<li><strong>Ba\u00f1o:<\/strong> barras de apoyo, alfombra antideslizante, asiento de ducha<\/li>\n<li><strong>Escaleras:<\/strong> barandilla s\u00f3lida, iluminaci\u00f3n autom\u00e1tica, contraste visual<\/li>\n<li><strong>Jard\u00edn:<\/strong> caminos seguros, portones cerrados, iluminaci\u00f3n exterior<\/li>\n<\/ul><\/div>\n<h2>6. Gesti\u00f3n de los trastornos del comportamiento<\/h2>\n<pee>Los trastornos del comportamiento constituyen uno de los desaf\u00edos m\u00e1s complejos en el acompa\u00f1amiento de una persona afectada por la enfermedad de Alzheimer. Estas manifestaciones, que incluyen la agitaci\u00f3n, la agresividad, los gritos, la deambulaci\u00f3n o la apat\u00eda, a menudo traducen un malestar que la persona ya no puede expresar verbalmente. Comprender estos comportamientos y responder de manera apropiada requiere paciencia, empat\u00eda y estrategias espec\u00edficas.<\/pee>\n<pee>El enfoque conductual privilegia la b\u00fasqueda de las causas subyacentes en lugar de la simple gesti\u00f3n de los s\u00edntomas. Un comportamiento agitado puede revelar un malestar f\u00edsico, un dolor, una necesidad insatisfecha o un miedo relacionado con la incomprensi\u00f3n de la situaci\u00f3n. El cuidador debe desarrollar una capacidad de observaci\u00f3n fina para identificar estos desencadenantes y adaptar su respuesta en consecuencia.<\/pee>\n<pee>La prevenci\u00f3n sigue siendo la mejor estrategia de gesti\u00f3n de los trastornos del comportamiento. El mantenimiento de rutinas estables, la reducci\u00f3n de las estimulaci\u00f3n excesivas y la anticipaci\u00f3n de las necesidades permiten evitar muchas situaciones de crisis. Este enfoque proactivo mejora considerablemente la calidad de vida de todos los miembros de la familia.<\/pee>\n<div class=\"expert-box\">\n<div class=\"expert-box-label\">Estrategia terap\u00e9utica<\/div>\n<div class=\"expert-inner\">\n<div class=\"expert-box-title\">Enfoque ABC (Antecedente-Comportamiento-Consecuencia)<\/div>\n<div class=\"expert-inner-title\">M\u00e9todo de an\u00e1lisis conductual<\/div>\n<pee><strong>Antecedente:<\/strong> \u00bfQu\u00e9 precede al comportamiento problem\u00e1tico? (fatiga, ruido, cambio de entorno)<\/pee>\n                    <pee><strong>Comportamiento:<\/strong> Descripci\u00f3n objetiva del comportamiento observado sin interpretaci\u00f3n<\/pee>\n                    <pee><strong>Consecuencia:<\/strong> \u00bfCu\u00e1l ha sido su reacci\u00f3n y el efecto obtenido?<\/pee>\n                    <pee>Esta cuadr\u00edcula de an\u00e1lisis ayuda a identificar los patrones y desarrollar estrategias preventivas efectivas.<\/pee>\n                <\/div>\n<\/p><\/div>\n<pee>Las t\u00e9cnicas de redirecci\u00f3n y distracci\u00f3n resultan particularmente efectivas para manejar los momentos dif\u00edciles. En lugar de confrontar directamente a la persona con su confusi\u00f3n, es preferible orientarla hacia una actividad placentera o relajante. La m\u00fasica, las fotos familiares o una actividad manual familiar pueden desviar r\u00e1pidamente la atenci\u00f3n de una fuente de estr\u00e9s.<\/pee>\n<div class=\"tip-box\">\n<div class=\"tip-box-label\">\ud83c\udfb5 T\u00e9cnica tranquilizadora<\/div>\n<pee>Constituya una lista de reproducci\u00f3n de m\u00fasicas significativas de la juventud de su ser querido. La m\u00fasica activa zonas cerebrales que a menudo se preservan en la enfermedad de Alzheimer y puede calmar instant\u00e1neamente la agitaci\u00f3n. Mantenga este recurso f\u00e1cilmente accesible en su smartphone o tableta.<\/pee>\n            <\/div>\n<h2>7. Preservaci\u00f3n de la autonom\u00eda y de la dignidad<\/h2>\n<pee>Mantener la autonom\u00eda de la persona afectada por ACV representa un equilibrio delicado entre la asistencia necesaria y la preservaci\u00f3n de la dignidad. Este enfoque respetuoso reconoce que a pesar de las limitaciones cognitivas, la persona conserva capacidades que es conveniente solicitar y valorar. El objetivo consiste en compensar los d\u00e9ficits mientras se preservan las competencias residuales.<\/pee>\n<pee>La noci\u00f3n de \u00abacompa\u00f1amiento justo\u00bb gu\u00eda este enfoque. Se trata de proporcionar la ayuda m\u00ednima necesaria para permitir que la persona realice una tarea, sin sustituirse a ella cuando a\u00fan puede actuar. Este enfoque requiere paciencia y adaptaci\u00f3n constante, ya que las capacidades evolucionan con la progresi\u00f3n de la enfermedad.<\/pee>\n<pee>Las actividades de la vida cotidiana ofrecen numerosas oportunidades para mantener la autonom\u00eda. Vestirse, lavarse, preparar una comida simple pueden seguir siendo posibles durante mucho tiempo con un acompa\u00f1amiento adecuado. La descomposici\u00f3n de tareas complejas en pasos simples, la preparaci\u00f3n del material necesario y los \u00e1nimos benevolentes facilitan estos logros diarios.<\/pee>\n<div class=\"conseil-card\">\n<h4>\ud83d\udc54 Ejemplo concreto: el vestido<\/h4>\n<pee>Prepara la ropa en el orden de vestirse, elige prendas f\u00e1ciles de poner (velcros en lugar de botones), da una instrucci\u00f3n a la vez (\u00abPonte el brazo en la manga\u00bb), y felicita cada paso logrado. Este enfoque preserva la autonom\u00eda mientras asegura el \u00e9xito de la actividad.<\/pee>\n            <\/div>\n<pee>La toma de decisiones, incluso para elecciones simples, contribuye al mantenimiento de la identidad y de la autoestima. Proponer alternativas limitadas (\u00ab\u00bfQuieres ponerte el su\u00e9ter azul o el rojo?\u00bb) permite preservar esta capacidad de elecci\u00f3n sin generar ansiedad relacionada con demasiadas opciones. Estas peque\u00f1as decisiones diarias mantienen el sentimiento de control sobre la vida.<\/pee>\n<pee>La valoraci\u00f3n de los logros, incluso modestos, refuerza la confianza en uno mismo y fomenta la participaci\u00f3n en las actividades. Cada gesto realizado, cada sonrisa compartida, cada momento de lucidez merece ser reconocido y celebrado. Esta actitud positiva influye enormemente en el estado de \u00e1nimo y la motivaci\u00f3n de la persona.<\/pee>\n<h2>8. Coordinaci\u00f3n con los profesionales de salud<\/h2>\n<pee>La coordinaci\u00f3n con el equipo m\u00e9dico constituye un aspecto esencial del acompa\u00f1amiento de una persona afectada por la enfermedad de Alzheimer. Los cuidadores familiares ocupan una posici\u00f3n central en esta red de cuidados, sirviendo de interfaz entre el paciente y los diferentes profesionales involucrados. Esta funci\u00f3n de coordinaci\u00f3n requiere organizaci\u00f3n, comunicaci\u00f3n y comprensi\u00f3n de los desaf\u00edos m\u00e9dicos.<\/pee>\n<pee>El equipo de cuidados generalmente incluye un m\u00e9dico de cabecera, un neur\u00f3logo o geriatra, a veces un logopeda, un fisioterapeuta, un psic\u00f3logo y otros especialistas seg\u00fan las necesidades. Cada profesional aporta una experiencia espec\u00edfica, y el cuidador debe velar por la coherencia de las intervenciones y la transmisi\u00f3n de informaci\u00f3n entre los diferentes intervinientes.<\/pee>\n<pee>La preparaci\u00f3n de las consultas m\u00e9dicas optimiza su eficacia. Llevar un diario de las observaciones diarias, de los cambios de comportamiento, de las dificultades encontradas y de las preguntas a realizar permite aprovechar al m\u00e1ximo el tiempo limitado de las citas m\u00e9dicas. Esta documentaci\u00f3n objetiva ayuda a los profesionales a adaptar su atenci\u00f3n.<\/pee>\n<div class=\"key-points\">\n<h4>Informaci\u00f3n esencial para compartir con el equipo m\u00e9dico:<\/h4>\n<ul>\n<li>Evoluci\u00f3n de las capacidades cognitivas y conductuales<\/li>\n<li>Calidad del sue\u00f1o y modificaciones de los ritmos<\/li>\n<li>Ap\u00e9tito, ingesta alimentaria y variaciones de peso<\/li>\n<li>Reacci\u00f3n a los tratamientos y efectos secundarios observados<\/li>\n<li>Nuevas dificultades en las actividades diarias<\/li>\n<li>Estado emocional y social de la persona<\/li>\n<li>Nivel de estr\u00e9s y necesidades de apoyo del cuidador<\/li>\n<\/ul><\/div>\n<pee>La adherencia terap\u00e9utica representa un desaf\u00edo particular en el contexto del Alzheimer. Los trastornos de memoria comprometen la toma aut\u00f3noma de medicamentos, necesitando una supervisi\u00f3n constante. El uso de pastilleros diarios, alarmas o aplicaciones dedicadas ayuda a estructurar esta atenci\u00f3n farmacol\u00f3gica.<\/pee>\n<div class=\"expert-box\">\n<div class=\"expert-box-label\">Consejo m\u00e9dico<\/div>\n<div class=\"expert-inner\">\n<div class=\"expert-box-title\">Dr. Philippe Martin, Neur\u00f3logo<\/div>\n<div class=\"expert-inner-title\">La importancia del seguimiento regular<\/div>\n<pee>Recomiendo encarecidamente a las familias que mantengan un seguimiento m\u00e9dico regular incluso cuando la situaci\u00f3n parezca estable. La evoluci\u00f3n de la enfermedad de Alzheimer puede ser insidiosa, y un ajuste temprano del tratamiento o del acompa\u00f1amiento puede mejorar considerablemente la calidad de vida. Las herramientas de estimulaci\u00f3n cognitiva como <a href=\"https:\/\/www.dynseo.com\/es\/coco-piensa-y-coco-se-mueve-software-educativo\/\" style=\"color: var(--yellow);\">COCO PIENSA y COCO SE MUEVE<\/a> complementan eficazmente la atenci\u00f3n m\u00e9dica.<\/pee>\n                <\/div>\n<\/p><\/div>\n<h2>9. Apoyo y formaci\u00f3n de los cuidadores<\/h2>\n<pee>El apoyo a los cuidadores constituye un desaf\u00edo de salud p\u00fablica importante, tanto para su bienestar personal como para la calidad del acompa\u00f1amiento que pueden ofrecer. El agotamiento de los cuidadores, tambi\u00e9n llamado \u00abburn-out del cuidador\u00bb, representa un riesgo real que compromete todo el sistema de ayuda informal. Prevenir esta situaci\u00f3n requiere un acompa\u00f1amiento espec\u00edfico y recursos adecuados.<\/pee>\n<pee>La formaci\u00f3n de los cuidadores mejora significativamente su capacidad de acompa\u00f1amiento y reduce su estr\u00e9s. Comprender los mecanismos de la enfermedad, adquirir t\u00e9cnicas de comunicaci\u00f3n y acompa\u00f1amiento, aprender a gestionar situaciones dif\u00edciles son elementos que refuerzan la confianza y la eficacia de los cuidadores. Numerosas organizaciones ofrecen programas de formaci\u00f3n especialmente dise\u00f1ados para las familias.<\/pee>\n<pee>Los grupos de apoyo ofrecen un espacio de intercambio y de compartici\u00f3n de experiencias invaluable. Encontrar a otras familias que enfrentan los mismos desaf\u00edos permite relativizar las dificultades, descubrir nuevas estrategias y romper el aislamiento que a menudo sienten los cuidadores. Estos grupos pueden ser organizados por asociaciones, establecimientos de salud o servicios sociales locales.<\/pee>\n<div class=\"tip-box\">\n<div class=\"tip-box-label\">\ud83e\udd1d Recursos de apoyo<\/div>\n<pee>La asociaci\u00f3n Francia Alzheimer ofrece formaciones gratuitas para los cuidadores, grupos de conversaci\u00f3n y una l\u00ednea de escucha nacional. Estos recursos constituyen un apoyo valioso para todas las familias afectadas por la enfermedad de Alzheimer y las enfermedades relacionadas.<\/pee>\n            <\/div>\n<pee>El respiro de los cuidadores representa una necesidad absoluta para mantener su capacidad de acompa\u00f1amiento a largo plazo. Los servicios de acogida diurna, el alojamiento temporal, los servicios de ayuda a domicilio o la intervenci\u00f3n de voluntarios formados permiten a los cuidadores tomar distancia, recargarse y mantener sus propias actividades sociales y profesionales.<\/pee>\n<pee>La preservaci\u00f3n de la salud f\u00edsica y mental de los cuidadores constituye un imperativo. El estr\u00e9s cr\u00f3nico, los trastornos del sue\u00f1o, el aislamiento social y la negligencia de sus propias necesidades de salud caracterizan a menudo la situaci\u00f3n de los cuidadores familiares. Un seguimiento m\u00e9dico regular y la atenci\u00f3n a sus propias se\u00f1ales de alarma permiten prevenir el agotamiento.<\/pee>\n<h2>10. Herramientas tecnol\u00f3gicas y aplicaciones de ayuda<\/h2>\n<pee>Las herramientas tecnol\u00f3gicas modernas ofrecen nuevas perspectivas de acompa\u00f1amiento para las personas afectadas de Alzheimer y sus cuidadores. Estas soluciones digitales, cuando est\u00e1n bien dise\u00f1adas y adaptadas a las especificidades de esta poblaci\u00f3n, pueden mejorar considerablemente la calidad de vida diaria y facilitar el trabajo de los cuidadores. El desaf\u00edo radica en la selecci\u00f3n de herramientas realmente \u00fatiles y accesibles.<\/pee>\n<pee>Las aplicaciones de estimulaci\u00f3n cognitiva representan un avance importante en este campo. DYNSEO, especialista franc\u00e9s en estimulaci\u00f3n cognitiva, ha desarrollado <a href=\"https:\/\/www.dynseo.com\/es\/coco-piensa-y-coco-se-mueve-software-educativo\/\">COCO PIENSA y COCO SE MUEVE<\/a>, una aplicaci\u00f3n especialmente dise\u00f1ada para las necesidades de las personas mayores y de las personas afectadas por trastornos cognitivos. Esta soluci\u00f3n ofrece m\u00e1s de 25 juegos culturales y l\u00fadicos que trabajan diferentes funciones cognitivas.<\/pee>\n<pee>La interfaz de COCO PIENSA y COCO SE MUEVE ha sido pensada para ser intuitiva y reconfortante, con grandes botones, instrucciones claras y contenidos culturalmente familiares para los mayores. Los juegos solicitan la memoria antigua, la memoria de trabajo, la atenci\u00f3n, el lenguaje y las funciones ejecutivas, todo mientras se preserva el placer del juego y la convivialidad de los momentos compartidos.<\/pee>\n<div class=\"conseil-card\">\n<h4>\ud83d\udcf1 Ventajas de COCO PIENSA y COCO SE MUEVE<\/h4>\n<pee>Esta aplicaci\u00f3n integra pausas deportivas autom\u00e1ticas cada 15 minutos, respetando as\u00ed las recomendaciones m\u00e9dicas sobre la limitaci\u00f3n del tiempo de pantalla. Estas pausas permiten mantener la actividad f\u00edsica, esencial para la salud cognitiva y general de las personas mayores.<\/pee>\n            <\/div>\n<pee>Los sistemas de telesupervisi\u00f3n pueden aportar una seguridad adicional mientras se preserva la autonom\u00eda. Sensores de movimiento, detectores de ca\u00eddas, sistemas de llamada de emergencia o pastilleros conectados son herramientas que tranquilizan a las familias sin crear un sentimiento de intrusi\u00f3n excesiva. Estas tecnolog\u00edas deben ser introducidas gradualmente y con el consentimiento de la persona.<\/pee>\n<pee>Las herramientas de ayuda a la comunicaci\u00f3n facilitan los intercambios familiares. Tabletas simplificadas para videollamadas, marcos de fotos digitales para mantener los lazos visuales con la familia, aplicaciones de mensajer\u00eda adaptadas permiten conservar los contactos a pesar de la distancia o las dificultades de desplazamiento. Estas soluciones refuerzan el v\u00ednculo social tan valioso.<\/pee>\n<h2>11. Planificaci\u00f3n y anticipaci\u00f3n de la evoluci\u00f3n<\/h2>\n<pee>La anticipaci\u00f3n de la evoluci\u00f3n de la enfermedad de Alzheimer constituye un aspecto crucial pero delicado del acompa\u00f1amiento familiar. Esta planificaci\u00f3n a largo plazo permite preparar las adaptaciones necesarias y tomar decisiones importantes en las mejores condiciones, es decir, cuando la persona afectada a\u00fan puede expresar sus deseos y preferencias.<\/pee>\n<pee>La progresi\u00f3n de la enfermedad de Alzheimer sigue generalmente tres grandes fases: leve, moderada y severa. Cada etapa viene acompa\u00f1ada de desaf\u00edos espec\u00edficos y requiere adaptaciones particulares del acompa\u00f1amiento. Comprender esta evoluci\u00f3n ayuda a las familias a anticipar las necesidades futuras y a organizarse en consecuencia, sin apresurar los plazos.<\/pee>\n<pee>Las cuestiones jur\u00eddicas y financieras deben ser abordadas con antelaci\u00f3n, idealmente desde que se realiza el diagn\u00f3stico. La implementaci\u00f3n de un poder notarial, la redacci\u00f3n de directrices anticipadas, la organizaci\u00f3n de la gesti\u00f3n patrimonial y la reflexi\u00f3n sobre las modalidades de atenci\u00f3n futura constituyen tr\u00e1mites esenciales que protegen los intereses de la persona y de su familia.<\/pee>\n<div class=\"expert-box\">\n<div class=\"expert-box-label\">Consejos jur\u00eddicos<\/div>\n<div class=\"expert-inner\">\n<div class=\"expert-box-title\">Maestra Sarah Leroy, Abogada especializada en derecho de mayores protegidos<\/div>\n<div class=\"expert-inner-title\">La importancia de la anticipaci\u00f3n jur\u00eddica<\/div>\n<pee>Recomiendo a las familias que inicien los tr\u00e1mites jur\u00eddicos tan pronto como sea posible despu\u00e9s del diagn\u00f3stico. La puesta bajo protecci\u00f3n jur\u00eddica se vuelve m\u00e1s compleja cuando las capacidades de discernimiento est\u00e1n alteradas. El mandato de protecci\u00f3n futura, firmado en buena salud, constituye a menudo la mejor soluci\u00f3n para proteger a la persona respetando sus voluntades.<\/pee>\n                <\/div>\n<\/p><\/div>\n<pee>La reflexi\u00f3n sobre las modalidades de atenci\u00f3n futura debe asociar a todos los miembros de la familia involucrados. Mantenimiento en el hogar con servicios reforzados, acogida diurna, alojamiento en establecimiento especializado: cada opci\u00f3n presenta ventajas y desventajas que deben evaluarse serenamente. Esta reflexi\u00f3n debe tener en cuenta los deseos de la persona, las capacidades familiares y los recursos disponibles.<\/pee>\n<div class=\"key-points\">\n<h4>Elementos a anticipar seg\u00fan la etapa de la enfermedad:<\/h4>\n<ul>\n<li><strong>Etapa leve:<\/strong> adaptaciones en el hogar, organizaci\u00f3n de la ayuda diaria<\/li>\n<li><strong>Etapa moderada:<\/strong> refuerzo de la vigilancia, adaptaci\u00f3n de las actividades<\/li>\n<li><strong>Etapa severa:<\/strong> cuidados especializados, atenci\u00f3n m\u00e9dica reforzada<\/li>\n<li><strong>Todas las fases:<\/strong> apoyo psicol\u00f3gico, mantenimiento del v\u00ednculo social<\/li>\n<li><strong>Aspectos jur\u00eddicos:<\/strong> protecci\u00f3n jur\u00eddica, directrices anticipadas<\/li>\n<li><strong>Cuestiones financieras:<\/strong> costo de la atenci\u00f3n, ayudas disponibles<\/li>\n<\/ul><\/div>\n<h2>12. Servicios y ayudas disponibles<\/h2>\n<pee>El sistema franc\u00e9s de ayuda a personas dependientes propone numerosos dispositivos de apoyo a las familias enfrentadas a la enfermedad de Alzheimer. Conocer estos recursos y saber movilizarlos representa un desaf\u00edo importante para optimizar el acompa\u00f1amiento mientras se preserva el equilibrio familiar y financiero. Estas ayudas evolucionan regularmente y requieren una vigilancia atenta.<\/pee>\n<pee>La Asignaci\u00f3n Personalizada de Autonom\u00eda (APA) constituye la principal ayuda financiera para las personas mayores de 60 a\u00f1os en p\u00e9rdida de autonom\u00eda. Esta asignaci\u00f3n, otorgada por el departamento, financia una parte de los servicios de ayuda a domicilio o contribuye al costo del alojamiento en establecimiento. Su monto depende del grado de dependencia y de los recursos de la persona.<\/pee>\n<pee>Los servicios de ayuda a domicilio se han desarrollado y especializado considerablemente. Ayuda en las actividades de la vida diaria, cuidados de enfermer\u00eda, intervenci\u00f3n de psicomotricistas o terapeutas ocupacionales, entrega de comidas, teleasistencia: esta gama de servicios permite componer una atenci\u00f3n personalizada que a menudo retrasa la entrada en un establecimiento.<\/pee>\n<div class=\"tip-box\">\n<div class=\"tip-box-label\">\ud83d\udca1 Enfoque pr\u00e1ctico<\/div>\n<pee>Contacte con el Centro Local de Informaci\u00f3n y Coordinaci\u00f3n Gerontol\u00f3gica (CLIC) o el Punto de Informaci\u00f3n Local dedicado a las personas mayores de su sector. Estas estructuras le acompa\u00f1an gratuitamente en la evaluaci\u00f3n de sus necesidades y le orientan hacia los servicios apropiados.<\/pee>\n            <\/div>\n<pee>Los centros de d\u00eda especializados en Alzheimer ofrecen un respiro valioso a los cuidadores mientras proponen actividades terap\u00e9uticas adaptadas a las personas afectadas. Estas estructuras, a menudo vinculadas a establecimientos m\u00e9dico-sociales, acogen a la persona una o varias veces por semana para actividades de estimulaci\u00f3n cognitiva, socializaci\u00f3n y a veces rehabilitaci\u00f3n.<\/pee>\n<pee>Las plataformas de respiro proponen un enfoque innovador que combina diferentes servicios en un mismo lugar: centro de d\u00eda, consultas especializadas, formaciones para cuidadores, grupos de apoyo. Estas estructuras multidisciplinarias constituyen recursos valiosos para las familias al ofrecer una atenci\u00f3n global y coordinada.<\/pee>\n<h2>13. \u00c9tica y calidad de vida<\/h2>\n<pee>Las cuestiones \u00e9ticas ocupan un lugar central en el acompa\u00f1amiento de las personas afectadas por la enfermedad de Alzheimer. La evoluci\u00f3n progresiva de las capacidades cognitivas plantea dilemas complejos en relaci\u00f3n con la autonom\u00eda, el consentimiento, la dignidad y la calidad de vida. Los cuidadores a menudo se enfrentan a decisiones dif\u00edciles que requieren una reflexi\u00f3n profunda y, a menudo, un acompa\u00f1amiento especializado.<\/pee>\n<pee>El respeto por la persona y sus voluntades anteriores gu\u00eda el enfoque \u00e9tico. Incluso cuando las capacidades de decisi\u00f3n est\u00e1n alteradas, es importante buscar la opini\u00f3n de la persona, respetar sus rechazos expresados y apoyarse en sus valores y preferencias conocidas. Este enfoque preserva la dignidad y mantiene a la persona en el centro de las decisiones que la afectan.<\/pee>\n<pee>La noci\u00f3n de calidad de vida supera ampliamente los aspectos m\u00e9dicos y funcionales para abarcar el bienestar emocional, social y espiritual. Mantener momentos de placer, preservar los lazos afectivos, respetar los h\u00e1bitos de vida y los rituales personales son elementos que contribuyen a una vida digna y enriquecedora a pesar de la enfermedad.<\/pee>\n<div class=\"expert-box\">\n<div class=\"expert-box-label\">Reflexi\u00f3n \u00e9tica<\/div>\n<div class=\"expert-inner\">\n<div class=\"expert-box-title\">Dra. Claire Dupont, Fil\u00f3sofa y \u00e9tica m\u00e9dica<\/div>\n<div class=\"expert-inner-title\">La \u00e9tica del cuidado en la enfermedad de Alzheimer<\/div>\n<pee>El acompa\u00f1amiento de una persona afectada por la enfermedad de Alzheimer nos ense\u00f1a la importancia del \u00abcuidar\u00bb m\u00e1s all\u00e1 del \u00abtratar\u00bb. Esta \u00e9tica del cuidado privilegia la relaci\u00f3n, la atenci\u00f3n a las necesidades expresadas y la creaci\u00f3n de un entorno benevolente. Nos recuerda que el valor de una persona no se resume a sus capacidades cognitivas.<\/pee>\n                <\/div>\n<\/p><\/div>\n<pee>Las situaciones de final de vida plantean preguntas particularmente sensibles sobre los cuidados a proporcionar y las decisiones a tomar. El acompa\u00f1amiento paliativo, centrado en el confort y la dignidad, puede ser apropiado incluso fuera del contexto de final de vida inmediata. Este enfoque busca optimizar la calidad de vida en lugar de prolongar la vida a toda costa.<\/pee>\n<pee>El equilibrio entre protecci\u00f3n y libertad constituye un desaf\u00edo constante. La tentaci\u00f3n de sobreproteger puede llevar a limitar excesivamente la autonom\u00eda residual y las posibilidades de expresi\u00f3n personal. Aceptar una parte de riesgo medido permite a menudo preservar espacios de libertad y satisfacci\u00f3n personal que contribuyen significativamente al bienestar.<\/pee>\n<div class=\"faq-list\">\n<div class=\"faq-item\">\n<div class=\"faq-q\">\n                        <span>\u00bfC\u00f3mo aceptar el diagn\u00f3stico de Alzheimer para un ser querido?<\/span><br \/>\n                        <span class=\"faq-icon\">+<\/span>\n                    <\/div>\n<div class=\"faq-a\">\n                        <pee>La aceptaci\u00f3n del diagn\u00f3stico pasa por varias fases normales: negaci\u00f3n, ira, tristeza y luego aceptaci\u00f3n. Es importante darse el tiempo necesario, no culpabilizarse ante estas emociones y buscar apoyo de profesionales o asociaciones de familias. Cada miembro de la familia puede vivir este proceso a su ritmo.<\/pee>\n                    <\/div>\n<\/p><\/div>\n<div class=\"faq-item\">\n<div class=\"faq-q\">\n                        <span>\u00bfCu\u00e1les son los primeros ajustes a realizar en el hogar?<\/span><br \/>\n                        <span class=\"faq-icon\">+<\/span>\n                    <\/div>\n<div class=\"faq-a\">\n                        <pee>Prioriza primero la seguridad: eliminaci\u00f3n de alfombras resbaladizas, mejora de la iluminaci\u00f3n, instalaci\u00f3n de barras de apoyo en el ba\u00f1o, aseguramiento de la cocina. Luego, organiza el espacio para facilitar los puntos de referencia: etiquetado de los armarios, almacenamientos fijos, eliminaci\u00f3n de lo superfluo. Estas modificaciones deben hacerse progresivamente.<\/pee>\n                    <\/div>\n<\/p><\/div>\n<div class=\"faq-item\">\n<div class=\"faq-q\">\n                        <span>\u00bfC\u00f3mo manejar la agresividad de una persona afectada por Alzheimer?<\/span><br \/>\n                        <span class=\"faq-icon\">+<\/span>\n                    <\/div>\n<div class=\"faq-a\">\n                        <pee>La agresividad a menudo traduce una angustia o incomodidad. Mantente tranquilo, habla suavemente, identifica los posibles desencadenantes (dolor, fatiga, miedo). Utiliza t\u00e9cnicas de redirecci\u00f3n hacia actividades tranquilizadoras. Si los episodios son frecuentes, consulta al equipo m\u00e9dico para adaptar la atenci\u00f3n.<\/pee>\n                    <\/div>\n<\/p><\/div>\n<div class=\"faq-item\">\n<div class=\"faq-q\">\n                        <span>\u00bfQu\u00e9 ejercicios de estimulaci\u00f3n cognitiva se pueden hacer en casa?<\/span><br \/>\n                        <span class=\"faq-icon\">+<\/span>\n                    <\/div>\n<div class=\"faq-a\">\n                        <pee>Las actividades deben adaptarse a las capacidades preservadas: juegos de memoria con fotos familiares, rompecabezas simples, canciones de juventud, ejercicios de c\u00e1lculo b\u00e1sico. La aplicaci\u00f3n COCO PIENSA y COCO SE MUEVE propone m\u00e1s de 25 juegos especialmente dise\u00f1ados para estimular diferentes funciones cognitivas en los mayores.<\/pee>\n                    <\/div>\n<\/p><\/div>\n<div class=\"faq-item\">\n<div class=\"faq-q\">\n                        <span>\u00bfD\u00f3nde encontrar apoyo como cuidador familiar?<\/span><br \/>\n                        <span class=\"faq-icon\">+<\/span>\n                    <\/div>\n<div class=\"faq-a\">\n                        <pee>Existen numerosos recursos: asociaciones de familias (Francia Alzheimer), grupos de apoyo, formaciones para cuidadores, l\u00edneas de escucha, servicios de respiro. Su CLIC local puede orientarlo hacia los recursos disponibles en su \u00e1rea. No dude en solicitar tambi\u00e9n apoyo psicol\u00f3gico profesional.<\/pee>\n                    <\/div>\n<\/p><\/div>\n<\/p><\/div>\n<div class=\"cta-box\">\n<h3>Descubre COCO PIENSA y COCO SE MUEVE para el acompa\u00f1amiento de Alzheimer<\/h3>\n<pee>Estimula las capacidades cognitivas de su ser querido con m\u00e1s de 25 juegos especialmente dise\u00f1ados para las personas afectadas por trastornos cognitivos. Una soluci\u00f3n que combina diversi\u00f3n, eficacia y momentos de compartir en familia.<\/pee>\n<div class=\"cta-buttons\">\n                    <a href=\"https:\/\/www.dynseo.com\/es\/coco-piensa-y-coco-se-mueve-software-educativo\/\" class=\"btn-white\">Probar gratis<\/a><br \/>\n                    <a href=\"https:\/\/www.dynseo.com\/es\/coco-piensa-y-coco-se-mueve-software-educativo\/\" class=\"btn-outline\">Saber m\u00e1s<\/a>\n                <\/div>\n<\/p><\/div>\n<div class=\"article-tags\">\n                <a href=\"#\" class=\"article-tag\">Alzheimer<\/a><br \/>\n                <a href=\"#\" class=\"article-tag\">Cuidadores familiares<\/a><br \/>\n                <a href=\"#\" class=\"article-tag\">Estimulaci\u00f3n cognitiva<\/a><br \/>\n                <a href=\"#\" class=\"article-tag\">Acompa\u00f1amiento<\/a><br \/>\n                <a href=\"#\" class=\"article-tag\">COCO PIENSA<\/a><br \/>\n                <a href=\"#\" class=\"article-tag\">Calidad de vida<\/a><br \/>\n                <a href=\"#\" class=\"article-tag\">Trastornos cognitivos<\/a><br \/>\n                <a href=\"#\" class=\"article-tag\">Mayores<\/a>\n            <\/div>\n<\/p><\/div>\n<\/p><\/div>\n<p>[\/et_pb_code][\/et_pb_column][\/et_pb_row][\/et_pb_section]<\/p>\n","protected":false},"excerpt":{"rendered":"","protected":false},"author":4,"featured_media":365717,"comment_status":"closed","ping_status":"closed","sticky":false,"template":"","format":"standard","meta":{"_et_pb_use_builder":"on","_et_pb_old_content":"[et_pb_section fb_built=\"1\" _builder_version=\"4.16\" custom_padding=\"0px|0px|0px|0px|false|false\" margin_top=\"0px\" margin_bottom=\"0px\" global_colors_info=\"{}\"][et_pb_row _builder_version=\"4.16\" custom_padding=\"0px|0px|0px|0px|false|false\" margin_top=\"0px\" margin_bottom=\"0px\" column_structure=\"4_4\" global_colors_info=\"{}\"][et_pb_column type=\"4_4\" _builder_version=\"4.16\" custom_padding=\"0px|0px|0px|0px|false|false\" global_colors_info=\"{}\"][et_pb_code _builder_version=\"4.16\" custom_padding=\"0px|0px|0px|0px|false|false\" global_colors_info=\"{}\"]<style>\n        :root {\n            --blue: #5e5ed7;\n            --blue-dark: #5268c9;\n            --teal: #a9e2e4;\n            --yellow: #ffeca7;\n            --rose: #e73469;\n            --text-dark: #2d3748;\n            --text-gray: #4a5568;\n            --bg-light: #f7fafc;\n        }\n\n        * {\n            margin: 0;\n            padding: 0;\n            box-sizing: border-box;\n        }\n\n        body {\n            font-family: 'Poppins', sans-serif;\n            line-height: 1.6;\n            color: var(--text-dark);\n        }\n\n        .article-hero {\n            background: linear-gradient(135deg, var(--blue) 0%, var(--blue-dark) 100%);\n            color: white;\n            padding: 2rem 0 0;\n            position: relative;\n            min-height: 400px;\n        }\n\n        .article-hero-inner {\n            max-width: 1200px;\n            margin: 0 auto;\n            padding: 0 2rem;\n        }\n\n        .article-breadcrumb {\n            font-size: 0.9rem;\n            margin-bottom: 1rem;\n            opacity: 0.9;\n        }\n\n        .article-breadcrumb a {\n            color: var(--teal);\n            text-decoration: none;\n        }\n\n        .article-category {\n            background: var(--rose);\n            color: white;\n            padding: 0.5rem 1rem;\n            border-radius: 25px;\n            font-size: 0.8rem;\n            font-weight: 600;\n            display: inline-block;\n            margin-bottom: 1.5rem;\n        }\n\n        .article-hero h1 {\n            font-family: 'Montserrat', sans-serif;\n            font-size: 2.8rem;\n            font-weight: 700;\n            margin-bottom: 1.5rem;\n            line-height: 1.2;\n        }\n\n        .hl {\n            background: linear-gradient(120deg, var(--yellow) 0%, var(--teal) 100%);\n            color: var(--text-dark);\n            padding: 0.2rem 0.5rem;\n            border-radius: 8px;\n        }\n\n        .article-meta {\n            display: flex;\n            align-items: center;\n            gap: 2rem;\n            margin-bottom: 2rem;\n            flex-wrap: wrap;\n        }\n\n        .article-meta span {\n            display: flex;\n            align-items: center;\n            gap: 0.5rem;\n            opacity: 0.9;\n        }\n\n        .article-hero-curve {\n            position: absolute;\n            bottom: -1px;\n            left: 0;\n            width: 100%;\n            height: 60px;\n            background: white;\n            clip-path: ellipse(100% 100% at 50% 100%);\n        }\n\n        .article-body {\n            padding: 4rem 0;\n        }\n\n        .container {\n            max-width: 1200px;\n            margin: 0 auto;\n            padding: 0 2rem;\n        }\n\n        .intro-block {\n            background: var(--bg-light);\n            padding: 3rem;\n            border-radius: 20px;\n            margin-bottom: 4rem;\n            border-left: 5px solid var(--blue);\n            font-size: 1.1rem;\n        }\n\n        .stats-grid {\n            display: grid;\n            grid-template-columns: repeat(auto-fit, minmax(250px, 1fr));\n            gap: 2rem;\n            margin: 4rem 0;\n        }\n\n        .stat-card {\n            background: white;\n            padding: 2.5rem;\n            border-radius: 20px;\n            text-align: center;\n            box-shadow: 0 10px 30px rgba(0,0,0,0.1);\n            border-top: 4px solid var(--blue);\n        }\n\n        .stat-card .number {\n            font-family: 'Montserrat', sans-serif;\n            font-size: 3rem;\n            font-weight: 700;\n            color: var(--blue);\n            display: block;\n            margin-bottom: 0.5rem;\n        }\n\n        .stat-card .label {\n            color: var(--text-gray);\n            font-weight: 500;\n        }\n\n        h2 {\n            font-family: 'Montserrat', sans-serif;\n            font-size: 2rem;\n            color: var(--text-dark);\n            margin: 3rem 0 1.5rem 0;\n            border-bottom: 3px solid var(--teal);\n            padding-bottom: 0.5rem;\n        }\n\n        h3 {\n            font-family: 'Montserrat', sans-serif;\n            font-size: 1.4rem;\n            color: var(--blue);\n            margin: 2rem 0 1rem 0;\n        }\n\n        p {\n            margin-bottom: 1.5rem;\n            font-size: 1rem;\n            line-height: 1.8;\n        }\n\n        .conseil-card {\n            background: linear-gradient(135deg, var(--blue) 0%, var(--blue-dark) 100%);\n            color: white;\n            padding: 2rem;\n            border-radius: 15px;\n            margin: 2rem 0;\n        }\n\n        .conseil-card h4 {\n            font-family: 'Montserrat', sans-serif;\n            margin-bottom: 1rem;\n            color: var(--yellow);\n        }\n\n        .key-points {\n            background: var(--bg-light);\n            padding: 2rem;\n            border-radius: 15px;\n            margin: 2rem 0;\n        }\n\n        .key-points ul {\n            list-style: none;\n            padding: 0;\n        }\n\n        .key-points li {\n            position: relative;\n            padding-left: 2rem;\n            margin-bottom: 1rem;\n        }\n\n        .key-points li:before {\n            content: \"\u2713\";\n            position: absolute;\n            left: 0;\n            color: var(--blue);\n            font-weight: bold;\n            font-size: 1.2rem;\n        }\n\n        .tip-box {\n            background: white;\n            border: 2px solid var(--teal);\n            border-radius: 15px;\n            padding: 2rem;\n            margin: 2rem 0;\n            position: relative;\n        }\n\n        .tip-box-label {\n            background: var(--teal);\n            color: var(--text-dark);\n            padding: 0.5rem 1rem;\n            border-radius: 10px;\n            font-weight: 600;\n            display: inline-block;\n            margin-bottom: 1rem;\n        }\n\n        .expert-box {\n            background: linear-gradient(135deg, var(--rose) 0%, #d63456 100%);\n            color: white;\n            border-radius: 20px;\n            overflow: hidden;\n            margin: 3rem 0;\n        }\n\n        .expert-box-label {\n            background: rgba(255,255,255,0.2);\n            padding: 1rem 2rem;\n            font-weight: 600;\n            text-transform: uppercase;\n            letter-spacing: 1px;\n            font-size: 0.9rem;\n        }\n\n        .expert-inner {\n            padding: 2rem;\n        }\n\n        .expert-box-title {\n            font-family: 'Montserrat', sans-serif;\n            font-size: 1.5rem;\n            margin-bottom: 1rem;\n            color: var(--yellow);\n        }\n\n        .expert-inner-title {\n            font-family: 'Montserrat', sans-serif;\n            font-size: 1.3rem;\n            margin: 1.5rem 0 1rem 0;\n            color: var(--teal);\n        }\n\n        .faq-list {\n            margin: 3rem 0;\n        }\n\n        .faq-item {\n            background: white;\n            border-radius: 15px;\n            margin-bottom: 1rem;\n            box-shadow: 0 5px 15px rgba(0,0,0,0.1);\n            overflow: hidden;\n        }\n\n        .faq-q {\n            padding: 1.5rem;\n            background: var(--bg-light);\n            cursor: pointer;\n            display: flex;\n            justify-content: space-between;\n            align-items: center;\n            font-weight: 600;\n            color: var(--text-dark);\n        }\n\n        .faq-icon {\n            color: var(--blue);\n            font-size: 1.5rem;\n            transition: transform 0.3s ease;\n        }\n\n        .faq-item.open .faq-icon {\n            transform: rotate(45deg);\n        }\n\n        .faq-a {\n            padding: 0 1.5rem;\n            max-height: 0;\n            overflow: hidden;\n            transition: all 0.3s ease;\n        }\n\n        .faq-item.open .faq-a {\n            padding: 1.5rem;\n            max-height: 500px;\n        }\n\n        .cta-box {\n            background: linear-gradient(135deg, var(--blue) 0%, var(--blue-dark) 100%);\n            color: white;\n            padding: 3rem;\n            border-radius: 20px;\n            text-align: center;\n            margin: 4rem 0;\n        }\n\n        .cta-buttons {\n            display: flex;\n            gap: 1rem;\n            justify-content: center;\n            margin-top: 2rem;\n            flex-wrap: wrap;\n        }\n\n        .btn-white {\n            background: white;\n            color: var(--blue);\n            padding: 1rem 2rem;\n            border-radius: 30px;\n            text-decoration: none;\n            font-weight: 600;\n            transition: all 0.3s ease;\n        }\n\n        .btn-white:hover {\n            transform: translateY(-2px);\n            box-shadow: 0 10px 20px rgba(0,0,0,0.2);\n        }\n\n        .btn-outline {\n            background: transparent;\n            color: white;\n            border: 2px solid white;\n            padding: 1rem 2rem;\n            border-radius: 30px;\n            text-decoration: none;\n            font-weight: 600;\n            transition: all 0.3s ease;\n        }\n\n        .btn-outline:hover {\n            background: white;\n            color: var(--blue);\n        }\n\n        .article-tags {\n            margin-top: 3rem;\n            padding-top: 2rem;\n            border-top: 2px solid var(--bg-light);\n        }\n\n        .article-tag {\n            display: inline-block;\n            background: var(--teal);\n            color: var(--text-dark);\n            padding: 0.5rem 1rem;\n            border-radius: 20px;\n            margin: 0.25rem;\n            font-size: 0.9rem;\n            text-decoration: none;\n            transition: all 0.3s ease;\n        }\n\n        .article-tag:hover {\n            background: var(--blue);\n            color: white;\n        }\n\n        @media (max-width: 768px) {\n            .article-hero h1 {\n                font-size: 2rem;\n            }\n            \n            .container {\n                padding: 0 1rem;\n            }\n            \n            .intro-block {\n                padding: 2rem;\n            }\n            \n            .stats-grid {\n                grid-template-columns: repeat(auto-fit, minmax(200px, 1fr));\n                gap: 1rem;\n            }\n            \n            .cta-buttons {\n                flex-direction: column;\n            }\n        }\n    <\/style>\n<script>\n        document.querySelectorAll('.faq-q').forEach(function(button) {\n            button.addEventListener('click', function() {\n                button.closest('.faq-item').classList.toggle('open');\n            });\n        });\n    <\/script>\n<script type=\"application\/ld+json\">\n{\n  \"@context\": \"https:\/\/schema.org\",\n  \"@graph\": [\n    {\n      \"@type\": \"Article\",\n      \"headline\": \"Le r\u00f4le de la famille et des aidants dans la maladie d'Alzheimer\",\n      \"description\": \"Accompagner un proche atteint de la maladie d'Alzheimer : guide complet pour les familles et aidants avec conseils pratiques et am\u00e9nagements du domicile.\",\n      \"url\": \"https:\/\/www.dynseo.com\/le-role-de-la-famille-et-des-aidants-dans-la-maladie-dalzheimer\/\",\n      \"datePublished\": \"2026-04-07\",\n      \"dateModified\": \"2026-04-07\",\n      \"author\": {\n        \"@type\": \"Organization\",\n        \"name\": \"DYNSEO\",\n        \"url\": \"https:\/\/www.dynseo.com\"\n      },\n      \"publisher\": {\n        \"@type\": \"Organization\",\n        \"name\": \"DYNSEO\",\n        \"url\": \"https:\/\/www.dynseo.com\"\n      },\n      \"aggregateRating\": {\n        \"@type\": \"AggregateRating\",\n        \"ratingValue\": \"4.8\",\n        \"ratingCount\": \"47\",\n        \"bestRating\": \"5\",\n        \"worstRating\": \"1\"\n      },\n      \"mainEntityOfPage\": {\n        \"@type\": \"WebPage\",\n        \"@id\": \"https:\/\/www.dynseo.com\/le-role-de-la-famille-et-des-aidants-dans-la-maladie-dalzheimer\/\"\n      }\n    },\n    {\n      \"@type\": \"WebPage\",\n      \"@id\": \"https:\/\/www.dynseo.com\/le-role-de-la-famille-et-des-aidants-dans-la-maladie-dalzheimer\/\",\n      \"name\": \"Le r\u00f4le de la famille et des aidants dans la maladie d'Alzheimer\",\n      \"url\": \"https:\/\/www.dynseo.com\/le-role-de-la-famille-et-des-aidants-dans-la-maladie-dalzheimer\/\",\n      \"breadcrumb\": {\n        \"@type\": \"BreadcrumbList\",\n        \"itemListElement\": [\n          {\n            \"@type\": \"ListItem\",\n            \"position\": 1,\n            \"name\": \"Accueil\",\n            \"item\": \"https:\/\/www.dynseo.com\"\n          },\n          {\n            \"@type\": \"ListItem\",\n            \"position\": 2,\n            \"name\": \"Blog\",\n            \"item\": \"https:\/\/www.dynseo.com\/blog\"\n          },\n          {\n            \"@type\": \"ListItem\",\n            \"position\": 3,\n            \"name\": \"Le r\u00f4le de la famille et des aidants dans la maladie d'Alzheimer\"\n          }\n        ]\n      }\n    },\n    {\n      \"@type\": \"FAQPage\",\n      \"mainEntity\": [\n        {\n          \"@type\": \"Question\",\n          \"name\": \"Comment accepter le diagnostic d'Alzheimer pour un proche ?\",\n          \"acceptedAnswer\": {\n            \"@type\": \"Answer\",\n            \"text\": \"Accepter le diagnostic d'Alzheimer pour un proche est un processus difficile qui demande du temps. Il est important de s'informer sur la maladie, de chercher du soutien aupr\u00e8s de professionnels et de groupes de soutien, et de se concentrer sur l'accompagnement et la qualit\u00e9 de vie du proche malade.\"\n          }\n        },\n        {\n          \"@type\": \"Question\",\n          \"name\": \"Quels sont les premiers am\u00e9nagements \u00e0 r\u00e9aliser au domicile ?\",\n          \"acceptedAnswer\": {\n            \"@type\": \"Answer\",\n            \"text\": \"Les premiers am\u00e9nagements du domicile incluent la s\u00e9curisation des escaliers avec des barri\u00e8res, l'installation d'\u00e9clairages automatiques, la suppression des objets dangereux, l'\u00e9tiquetage des pi\u00e8ces et objets, et l'adaptation de la salle de bains avec des barres d'appui et tapis antid\u00e9rapants.\"\n          }\n        },\n        {\n          \"@type\": \"Question\",\n          \"name\": \"Comment g\u00e9rer l'agressivit\u00e9 d'une personne atteinte d'Alzheimer ?\",\n          \"acceptedAnswer\": {\n            \"@type\": \"Answer\",\n            \"text\": \"Pour g\u00e9rer l'agressivit\u00e9, il faut rester calme, identifier les d\u00e9clencheurs, maintenir une routine stable, utiliser une communication douce et rassurante, proposer des activit\u00e9s apaisantes, et consulter un professionnel de sant\u00e9 si les comportements persistent ou s'aggravent.\"\n          }\n        }\n      ]\n    }\n  ]\n}\n<\/script>\n<link href=\"https:\/\/fonts.googleapis.com\/css2?family=Montserrat:wght@400;600;700&family=Poppins:wght@300;400;500;600&display=swap\" rel=\"stylesheet\">\n\n<section class=\"article-hero\">\n        <div class=\"article-hero-inner\">\n            <div class=\"article-breadcrumb\">\n                <a href=\"\/\">Inicio<\/a> > <a href=\"\/blog\">Blog<\/a> > Alzheimer y cuidadores\n            <\/div>\n            <div class=\"article-category\">Acompa\u00f1amiento Alzheimer<\/div>\n            <h1>El papel esencial de la <span class=\"hl\">familia y de los cuidadores<\/span> en la enfermedad de Alzheimer<\/h1>\n            <div class=\"article-meta\">\n                <span>\ud83d\udcc5 Abril 2026<\/span>\n                <span>\u23f1\ufe0f 15 min de lectura<\/span>\n                <span>\ud83d\udc65 Familias y cuidadores<\/span>\n                <span>\u2b50 4.8\/5 (127 opiniones)<\/span>\n            <\/div>\n        <\/div>\n        <div class=\"article-hero-curve\"><\/div>\n    <\/section>\n\n    <div class=\"article-body\">\n        <div class=\"container\">\n            <div class=\"intro-block\">\n                <p>Acompa\u00f1ar a un ser querido afectado por la enfermedad de Alzheimer representa uno de los desaf\u00edos m\u00e1s complejos y emocionales a los que una familia puede enfrentarse. Esta enfermedad neurodegenerativa progresiva transforma no solo la vida de la persona afectada, sino que tambi\u00e9n altera el equilibrio familiar en su totalidad. Los cuidadores familiares a menudo se sienten desamparados ante esta responsabilidad repentina, sin formaci\u00f3n previa para gestionar los m\u00faltiples aspectos de esta condici\u00f3n. Sin embargo, su papel resulta absolutamente crucial en el mantenimiento de la calidad de vida del paciente y en el retraso de la progresi\u00f3n de los s\u00edntomas. Esta misi\u00f3n de acompa\u00f1amiento requiere un enfoque integral, combinando apoyo emocional, estimulaci\u00f3n cognitiva, cuidados diarios y coordinaci\u00f3n m\u00e9dica. Comprender los desaf\u00edos de este papel y disponer de las herramientas adecuadas es la clave para un acompa\u00f1amiento exitoso y enriquecedor para todos.<\/p>\n            <\/div>\n\n            <div class=\"stats-grid\">\n                <div class=\"stat-card\">\n                    <span class=\"number\">3M<\/span>\n                    <span class=\"label\">de personas afectadas por Alzheimer en Francia<\/span>\n                <\/div>\n                <div class=\"stat-card\">\n                    <span class=\"number\">83%<\/span>\n                    <span class=\"label\">de los enfermos acompa\u00f1ados por su familia<\/span>\n                <\/div>\n                <div class=\"stat-card\">\n                    <span class=\"number\">4h\/d\u00eda<\/span>\n                    <span class=\"label\">tiempo medio dedicado por los cuidadores<\/span>\n                <\/div>\n                <div class=\"stat-card\">\n                    <span class=\"number\">65%<\/span>\n                    <span class=\"label\">de los cuidadores son mujeres<\/span>\n                <\/div>\n            <\/div>\n\n            <h2>1. Comprender y aceptar el diagn\u00f3stico de Alzheimer<\/h2>\n            <p>El anuncio del diagn\u00f3stico de la enfermedad de Alzheimer constituye un verdadero se\u00edsmo en la vida de una familia. Esta noticia altera los planes de futuro y cuestiona todas las relaciones familiares. La aceptaci\u00f3n de esta realidad representa el primer paso crucial para poder luego acompa\u00f1ar eficazmente a la persona afectada.<\/p>\n\n            <p>El proceso de aceptaci\u00f3n generalmente sigue varias fases emocionales distintas. En un primer momento, la negaci\u00f3n constituye una reacci\u00f3n natural de protecci\u00f3n psicol\u00f3gica. La familia puede negarse a admitir la realidad del diagn\u00f3stico, buscando explicaciones alternativas o minimizando los s\u00edntomas observados. Esta fase, aunque dolorosa, es necesaria para permitir un ajuste progresivo a la nueva situaci\u00f3n.<\/p>\n\n            <p>La ira a menudo sigue a la negaci\u00f3n, dirigida a veces hacia la enfermedad misma, a veces hacia el sistema m\u00e9dico, o incluso hacia la persona afectada. Esta emoci\u00f3n intensa traduce un sentimiento de injusticia ante una situaci\u00f3n sufrida y no elegida. Es importante reconocer esta ira como leg\u00edtima y permitir que se exprese en un marco apropiado.<\/p>\n<div class=\"conseil-card\">\n                <h4>\ud83d\udca1 Consejo de experto<\/h4>\n                <p>No dude en solicitar apoyo psicol\u00f3gico profesional tan pronto como se anuncie el diagn\u00f3stico. Un acompa\u00f1amiento terap\u00e9utico ayuda a la familia a atravesar estas fases dif\u00edciles y a desarrollar estrategias de adaptaci\u00f3n constructivas. Las asociaciones de familias afectadas por la enfermedad de Alzheimer tambi\u00e9n ofrecen un espacio de intercambio y compartir experiencias valiosas.<\/p>\n            <\/div>\n\n            <div class=\"key-points\">\n                <h4>Puntos clave para la aceptaci\u00f3n del diagn\u00f3stico:<\/h4>\n                <ul>\n                    <li>T\u00f3mese el tiempo necesario para asimilar la informaci\u00f3n<\/li>\n                    <li>Exprese sus emociones sin culpa<\/li>\n                    <li>Solicite la ayuda de profesionales de salud<\/li>\n                    <li>\u00danase a grupos de apoyo para las familias<\/li>\n                    <li>Inf\u00f3rmese sobre la enfermedad de manera progresiva<\/li>\n                    <li>Preserve momentos para cuidarse<\/li>\n                <\/ul>\n            <\/div>\n\n            <h2>2. El papel fundamental de los cuidadores familiares<\/h2>\n            <p>Los cuidadores familiares representan el pilar central del acompa\u00f1amiento de las personas afectadas por la enfermedad de Alzheimer. Su presencia diaria y su conocimiento \u00edntimo de la persona les confieren una posici\u00f3n \u00fanica para mantener un entorno seguro y estimulante. Esta misi\u00f3n multifac\u00e9tica requiere la adquisici\u00f3n de diversas habilidades y una adaptaci\u00f3n constante a la evoluci\u00f3n de la enfermedad.<\/p>\n\n            <p>La vigilancia de la seguridad constituye una de las responsabilidades primordiales de los cuidadores. Esta vigilancia se extiende a todos los aspectos de la vida cotidiana: prevenci\u00f3n de ca\u00eddas, supervisi\u00f3n de la alimentaci\u00f3n, gesti\u00f3n de medicamentos y adaptaci\u00f3n del entorno dom\u00e9stico. Los cuidadores deben desarrollar una capacidad de anticipaci\u00f3n para identificar situaciones potencialmente peligrosas antes de que ocurran.<\/p>\n\n            <p>El acompa\u00f1amiento emocional representa otro aspecto crucial del papel de cuidador. La enfermedad de Alzheimer a menudo genera ansiedad, confusi\u00f3n y a veces agresividad en la persona afectada. El cuidador debe aprender a decodificar estas se\u00f1ales emocionales y responder con empat\u00eda y paciencia. Esta dimensi\u00f3n relacional exige una revisi\u00f3n permanente de los modos de comunicaci\u00f3n habituales.<\/p>\n\n            <div class=\"tip-box\">\n                <div class=\"tip-box-label\">\ud83d\udca1 Consejo pr\u00e1ctico<\/div>\n                <p>Lleve un diario diario de las actividades, estados de \u00e1nimo y reacciones de su ser querido. Esta documentaci\u00f3n ayuda a identificar los momentos del d\u00eda m\u00e1s favorables para las diferentes actividades y facilita la comunicaci\u00f3n con el equipo m\u00e9dico.<\/p>\n            <\/div>\n\n            <p>La coordinaci\u00f3n de los cuidados m\u00e9dicos tambi\u00e9n recae en los cuidadores familiares. Deben organizar las citas m\u00e9dicas, velar por el cumplimiento de los tratamientos y servir de interfaz entre la persona enferma y los profesionales de salud. Esta funci\u00f3n de coordinaci\u00f3n requiere buenas capacidades organizativas y una comprensi\u00f3n b\u00e1sica de los problemas m\u00e9dicos.<\/p>\n\n            <div class=\"expert-box\">\n                <div class=\"expert-box-label\">Opini\u00f3n de experto<\/div>\n                <div class=\"expert-inner\">\n                    <div class=\"expert-box-title\">Dra. Marie Dubois, Geriatra especializada en enfermedades neurodegenerativas<\/div>\n<div class=\"expert-inner-title\">La importancia de la formaci\u00f3n de los cuidadores<\/div>\n                    <p>Los cuidadores familiares se benefician enormemente de formaciones especializadas para comprender la enfermedad y adquirir t\u00e9cnicas de acompa\u00f1amiento. Estas formaciones reducen el estr\u00e9s del cuidador y mejoran la calidad de vida del paciente. Recomiendo particularmente los programas que incluyen herramientas de estimulaci\u00f3n cognitiva como <a href=\"https:\/\/www.dynseo.com\/es\/coco-piensa-y-coco-se-mueve-software-educativo\/\" style=\"color: var(--yellow);\">COCO PIENSA y COCO SE MUEVE<\/a>, adaptados a las diferentes etapas de la enfermedad.<\/p>\n                <\/div>\n            <\/div>\n\n            <h2>3. Comunicaci\u00f3n y mantenimiento del v\u00ednculo social<\/h2>\n            <p>La comunicaci\u00f3n con una persona afectada por la enfermedad de Alzheimer requiere la adaptaci\u00f3n de nuestros h\u00e1bitos relacionales. Los trastornos del lenguaje y de la comprensi\u00f3n que caracterizan esta patolog\u00eda obligan a los cuidadores a desarrollar nuevas estrategias comunicativas. Esta adaptaci\u00f3n constituye un desaf\u00edo importante para preservar la calidad de la relaci\u00f3n y mantener el v\u00ednculo emocional.<\/p>\n\n            <p>El uso de un lenguaje simple y directo facilita enormemente los intercambios. Las frases cortas, el vocabulario familiar y la repetici\u00f3n amable de la informaci\u00f3n importante ayudan a la persona a comprender y responder mejor. Tambi\u00e9n es conveniente adoptar un ritmo de comunicaci\u00f3n m\u00e1s lento, dejando el tiempo necesario a la persona para procesar la informaci\u00f3n recibida.<\/p>\n\n            <p>La comunicaci\u00f3n no verbal adquiere una importancia creciente en el contexto del Alzheimer. Los gestos, las expresiones faciales, el tono de voz y el contacto f\u00edsico a menudo transmiten m\u00e1s informaci\u00f3n que las palabras mismas. Una sonrisa c\u00e1lida, una mano apoyada con suavidad o una mirada comprensiva pueden tranquilizar y calmar mucho m\u00e1s eficazmente que un largo discurso.<\/p>\n\n            <div class=\"conseil-card\">\n                <h4>\ud83c\udfaf T\u00e9cnicas de comunicaci\u00f3n efectivas<\/h4>\n                <p>Privilegie las preguntas cerradas que requieren respuestas simples en lugar de las preguntas abiertas. Por ejemplo, pregunte \"\u00bfQuieres t\u00e9 o caf\u00e9?\" en lugar de \"\u00bfQu\u00e9 te gustar\u00eda beber?\". Este enfoque reduce la ansiedad relacionada con elecciones complejas y fomenta la autonom\u00eda de decisi\u00f3n en un entorno seguro.<\/p>\n            <\/div>\n\n            <p>El mantenimiento de las actividades sociales representa un desaf\u00edo particular pero esencial para preservar la calidad de vida. El aislamiento social acelera el declive cognitivo y aumenta los riesgos de depresi\u00f3n. Por lo tanto, los cuidadores deben esforzarse por mantener los contactos con amigos y la familia ampliada, adaptando las modalidades de estos encuentros a las capacidades actuales de la persona.<\/p>\n<div class=\"key-points\">\n                <h4>Estrategias para mantener el v\u00ednculo social:<\/h4>\n                <ul>\n                    <li>Organiza visitas cortas y regulares en lugar de largas y espor\u00e1dicas<\/li>\n                    <li>Elige entornos tranquilos y familiares para los encuentros<\/li>\n                    <li>Prepara a los visitantes para los cambios observados en la persona<\/li>\n                    <li>Fomenta actividades compartidas simples como ver fotos<\/li>\n                    <li>Utiliza la m\u00fasica y canciones familiares para facilitar las interacciones<\/li>\n                    <li>Preserva los rituales sociales importantes (cumplea\u00f1os, fiestas)<\/li>\n                <\/ul>\n            <\/div>\n\n            <h2>4. Estimulaci\u00f3n cognitiva y actividades adaptadas<\/h2>\n            <p>La estimulaci\u00f3n cognitiva constituye un pilar fundamental del acompa\u00f1amiento de las personas afectadas por la enfermedad de Alzheimer. Este enfoque terap\u00e9utico no farmacol\u00f3gico tiene como objetivo mantener y ejercitar las capacidades cognitivas preservadas mientras compensa los d\u00e9ficits existentes. El objetivo no es curar la enfermedad, sino ralentizar su evoluci\u00f3n y mejorar la calidad de vida en el d\u00eda a d\u00eda.<\/p>\n\n            <p>Las actividades de estimulaci\u00f3n deben ser personalizadas en funci\u00f3n de la etapa de la enfermedad, las capacidades residuales y los intereses de la persona. Esta individualizaci\u00f3n garantiza una mejor adherencia y resultados m\u00e1s significativos. Los juegos de memoria, los rompecabezas adaptados, los ejercicios de c\u00e1lculo simple y las actividades creativas son herramientas valiosas para mantener la actividad cerebral.<\/p>\n\n            <p>La aplicaci\u00f3n <a href=\"https:\/\/www.dynseo.com\/es\/coco-piensa-y-coco-se-mueve-software-educativo\/\">COCO PIENSA y COCO SE MUEVE<\/a> desarrollada por DYNSEO ofrece una soluci\u00f3n particularmente adaptada a esta problem\u00e1tica. Esta plataforma propone m\u00e1s de 25 juegos especialmente dise\u00f1ados para estimular diferentes funciones cognitivas: memoria, atenci\u00f3n, lenguaje, orientaci\u00f3n espacio-temporal y funciones ejecutivas. La interfaz intuitiva y los contenidos culturales familiares facilitan el uso por parte de las personas mayores.<\/p>\n\n            <div class=\"tip-box\">\n<div class=\"tip-box-label\">\ud83d\udcf1 Herramienta recomendada<\/div>\n                <p>Los juegos de <a href=\"https:\/\/www.dynseo.com\/es\/coco-piensa-y-coco-se-mueve-software-educativo\/\">COCO PIENSA y COCO SE MUEVE<\/a> incluyen pausas deportivas cada 15 minutos de uso, respetando as\u00ed las recomendaciones m\u00e9dicas sobre la limitaci\u00f3n del tiempo de pantalla y la importancia de la actividad f\u00edsica para las personas mayores.<\/p>\n            <\/div>\n\n            <p>La regularidad de las sesiones de estimulaci\u00f3n resulta m\u00e1s importante que su duraci\u00f3n. Las sesiones diarias de 20 a 30 minutos producen mejores resultados que sesiones largas pero espaciadas. Este enfoque respeta las capacidades de concentraci\u00f3n a menudo disminuidas y evita la fatiga cognitiva excesiva que podr\u00eda generar frustraci\u00f3n y des\u00e1nimo.<\/p>\n\n            <p>El acompa\u00f1amiento durante las actividades de estimulaci\u00f3n reviste una importancia capital. La presencia benevolente del cuidador transforma estos ejercicios en momentos de compartir y complicidad. Esta dimensi\u00f3n relacional multiplica los beneficios de la estimulaci\u00f3n al a\u00f1adir una componente emocional positiva que favorece el compromiso y la motivaci\u00f3n.<\/p>\n\n            <h2>5. Adaptaci\u00f3n del entorno dom\u00e9stico<\/h2>\n            <p>La adaptaci\u00f3n del entorno dom\u00e9stico representa un aspecto crucial del cuidado de las personas afectadas por la enfermedad de Alzheimer. Un hogar bien acondicionado contribuye significativamente a la seguridad, a la autonom\u00eda y al bienestar del paciente, al tiempo que reduce el estr\u00e9s de los cuidadores. Este enfoque preventivo evita numerosos accidentes y complicaciones.<\/p>\n\n            <p>La seguridad del hogar pasa por la eliminaci\u00f3n de los riesgos de ca\u00edda, primera causa de accidente entre las personas mayores. La retirada de alfombras resbaladizas, la instalaci\u00f3n de barras de apoyo en el ba\u00f1o, la mejora de la iluminaci\u00f3n y la eliminaci\u00f3n de obst\u00e1culos en las zonas de paso constituyen medidas esenciales. Cada habitaci\u00f3n debe ser examinada desde el \u00e1ngulo de la seguridad.<\/p>\n\n            <p>La organizaci\u00f3n del espacio debe favorecer los referentes visuales y cognitivos. Los objetos de uso diario deben mantener ubicaciones fijas para facilitar su localizaci\u00f3n. El etiquetado de los armarios con palabras e im\u00e1genes ayuda a la persona a mantener su autonom\u00eda en las tareas cotidianas. Estos acondicionamientos simples preservan la dignidad y la autoestima.<\/p>\n\n            <div class=\"conseil-card\">\n                <h4>\ud83c\udfe0 Acondicionamientos prioritarios<\/h4>\n                <p>Comience por asegurar la cocina instalando dispositivos de seguridad en las placas de cocci\u00f3n y guardando los objetos afilados. La cocina concentra numerosos riesgos pero sigue siendo un lugar importante de actividad y autonom\u00eda que conviene preservar tanto como sea posible.<\/p>\n            <\/div>\n\n            <p>La gesti\u00f3n de la tecnolog\u00eda dom\u00e9stica requiere una atenci\u00f3n particular. Los dispositivos electr\u00f3nicos complejos pueden convertirse en fuente de confusi\u00f3n y ansiedad. Es conveniente simplificar al m\u00e1ximo el uso de los equipos esenciales: tel\u00e9fonos de botones grandes, mandos a distancia simplificados, sistemas de alarma adaptados. Esta simplificaci\u00f3n tecnol\u00f3gica reduce las frustraciones diarias.<\/p>\n<div class=\"key-points\">\n                <h4>Lista de verificaci\u00f3n de adaptaci\u00f3n por habitaci\u00f3n:<\/h4>\n                <ul>\n                    <li><strong>Sala:<\/strong> iluminaci\u00f3n suficiente, mobiliario estable, acceso despejado<\/li>\n                    <li><strong>Cocina:<\/strong> seguridad de los aparatos, almacenamiento visible, suelo antideslizante<\/li>\n                    <li><strong>Habitaci\u00f3n:<\/strong> cama accesible, luz nocturna, almacenamiento simple<\/li>\n                    <li><strong>Ba\u00f1o:<\/strong> barras de apoyo, alfombra antideslizante, asiento de ducha<\/li>\n                    <li><strong>Escaleras:<\/strong> barandilla s\u00f3lida, iluminaci\u00f3n autom\u00e1tica, contraste visual<\/li>\n                    <li><strong>Jard\u00edn:<\/strong> caminos seguros, portones cerrados, iluminaci\u00f3n exterior<\/li>\n                <\/ul>\n            <\/div>\n\n            <h2>6. Gesti\u00f3n de los trastornos del comportamiento<\/h2>\n            <p>Los trastornos del comportamiento constituyen uno de los desaf\u00edos m\u00e1s complejos en el acompa\u00f1amiento de una persona afectada por la enfermedad de Alzheimer. Estas manifestaciones, que incluyen la agitaci\u00f3n, la agresividad, los gritos, la deambulaci\u00f3n o la apat\u00eda, a menudo traducen un malestar que la persona ya no puede expresar verbalmente. Comprender estos comportamientos y responder de manera apropiada requiere paciencia, empat\u00eda y estrategias espec\u00edficas.<\/p>\n\n            <p>El enfoque conductual privilegia la b\u00fasqueda de las causas subyacentes en lugar de la simple gesti\u00f3n de los s\u00edntomas. Un comportamiento agitado puede revelar un malestar f\u00edsico, un dolor, una necesidad insatisfecha o un miedo relacionado con la incomprensi\u00f3n de la situaci\u00f3n. El cuidador debe desarrollar una capacidad de observaci\u00f3n fina para identificar estos desencadenantes y adaptar su respuesta en consecuencia.<\/p>\n\n            <p>La prevenci\u00f3n sigue siendo la mejor estrategia de gesti\u00f3n de los trastornos del comportamiento. El mantenimiento de rutinas estables, la reducci\u00f3n de las estimulaci\u00f3n excesivas y la anticipaci\u00f3n de las necesidades permiten evitar muchas situaciones de crisis. Este enfoque proactivo mejora considerablemente la calidad de vida de todos los miembros de la familia.<\/p>\n\n            <div class=\"expert-box\">\n                <div class=\"expert-box-label\">Estrategia terap\u00e9utica<\/div>\n                <div class=\"expert-inner\">\n                    <div class=\"expert-box-title\">Enfoque ABC (Antecedente-Comportamiento-Consecuencia)<\/div>\n                    <div class=\"expert-inner-title\">M\u00e9todo de an\u00e1lisis conductual<\/div>\n                    <p><strong>Antecedente:<\/strong> \u00bfQu\u00e9 precede al comportamiento problem\u00e1tico? (fatiga, ruido, cambio de entorno)<\/p>\n                    <p><strong>Comportamiento:<\/strong> Descripci\u00f3n objetiva del comportamiento observado sin interpretaci\u00f3n<\/p>\n                    <p><strong>Consecuencia:<\/strong> \u00bfCu\u00e1l ha sido su reacci\u00f3n y el efecto obtenido?<\/p>\n                    <p>Esta cuadr\u00edcula de an\u00e1lisis ayuda a identificar los patrones y desarrollar estrategias preventivas efectivas.<\/p>\n                <\/div>\n            <\/div>\n\n            <p>Las t\u00e9cnicas de redirecci\u00f3n y distracci\u00f3n resultan particularmente efectivas para manejar los momentos dif\u00edciles. En lugar de confrontar directamente a la persona con su confusi\u00f3n, es preferible orientarla hacia una actividad placentera o relajante. La m\u00fasica, las fotos familiares o una actividad manual familiar pueden desviar r\u00e1pidamente la atenci\u00f3n de una fuente de estr\u00e9s.<\/p>\n\n            <div class=\"tip-box\">\n<div class=\"tip-box-label\">\ud83c\udfb5 T\u00e9cnica tranquilizadora<\/div>\n                <p>Constituya una lista de reproducci\u00f3n de m\u00fasicas significativas de la juventud de su ser querido. La m\u00fasica activa zonas cerebrales que a menudo se preservan en la enfermedad de Alzheimer y puede calmar instant\u00e1neamente la agitaci\u00f3n. Mantenga este recurso f\u00e1cilmente accesible en su smartphone o tableta.<\/p>\n            <\/div>\n\n            <h2>7. Preservaci\u00f3n de la autonom\u00eda y de la dignidad<\/h2>\n            <p>Mantener la autonom\u00eda de la persona afectada por ACV representa un equilibrio delicado entre la asistencia necesaria y la preservaci\u00f3n de la dignidad. Este enfoque respetuoso reconoce que a pesar de las limitaciones cognitivas, la persona conserva capacidades que es conveniente solicitar y valorar. El objetivo consiste en compensar los d\u00e9ficits mientras se preservan las competencias residuales.<\/p>\n\n            <p>La noci\u00f3n de \"acompa\u00f1amiento justo\" gu\u00eda este enfoque. Se trata de proporcionar la ayuda m\u00ednima necesaria para permitir que la persona realice una tarea, sin sustituirse a ella cuando a\u00fan puede actuar. Este enfoque requiere paciencia y adaptaci\u00f3n constante, ya que las capacidades evolucionan con la progresi\u00f3n de la enfermedad.<\/p>\n\n            <p>Las actividades de la vida cotidiana ofrecen numerosas oportunidades para mantener la autonom\u00eda. Vestirse, lavarse, preparar una comida simple pueden seguir siendo posibles durante mucho tiempo con un acompa\u00f1amiento adecuado. La descomposici\u00f3n de tareas complejas en pasos simples, la preparaci\u00f3n del material necesario y los \u00e1nimos benevolentes facilitan estos logros diarios.<\/p>\n<div class=\"conseil-card\">\n                <h4>\ud83d\udc54 Ejemplo concreto: el vestido<\/h4>\n                <p>Prepara la ropa en el orden de vestirse, elige prendas f\u00e1ciles de poner (velcros en lugar de botones), da una instrucci\u00f3n a la vez (\"Ponte el brazo en la manga\"), y felicita cada paso logrado. Este enfoque preserva la autonom\u00eda mientras asegura el \u00e9xito de la actividad.<\/p>\n            <\/div>\n\n            <p>La toma de decisiones, incluso para elecciones simples, contribuye al mantenimiento de la identidad y de la autoestima. Proponer alternativas limitadas (\"\u00bfQuieres ponerte el su\u00e9ter azul o el rojo?\") permite preservar esta capacidad de elecci\u00f3n sin generar ansiedad relacionada con demasiadas opciones. Estas peque\u00f1as decisiones diarias mantienen el sentimiento de control sobre la vida.<\/p>\n\n            <p>La valoraci\u00f3n de los logros, incluso modestos, refuerza la confianza en uno mismo y fomenta la participaci\u00f3n en las actividades. Cada gesto realizado, cada sonrisa compartida, cada momento de lucidez merece ser reconocido y celebrado. Esta actitud positiva influye enormemente en el estado de \u00e1nimo y la motivaci\u00f3n de la persona.<\/p>\n\n            <h2>8. Coordinaci\u00f3n con los profesionales de salud<\/h2>\n            <p>La coordinaci\u00f3n con el equipo m\u00e9dico constituye un aspecto esencial del acompa\u00f1amiento de una persona afectada por la enfermedad de Alzheimer. Los cuidadores familiares ocupan una posici\u00f3n central en esta red de cuidados, sirviendo de interfaz entre el paciente y los diferentes profesionales involucrados. Esta funci\u00f3n de coordinaci\u00f3n requiere organizaci\u00f3n, comunicaci\u00f3n y comprensi\u00f3n de los desaf\u00edos m\u00e9dicos.<\/p>\n\n            <p>El equipo de cuidados generalmente incluye un m\u00e9dico de cabecera, un neur\u00f3logo o geriatra, a veces un logopeda, un fisioterapeuta, un psic\u00f3logo y otros especialistas seg\u00fan las necesidades. Cada profesional aporta una experiencia espec\u00edfica, y el cuidador debe velar por la coherencia de las intervenciones y la transmisi\u00f3n de informaci\u00f3n entre los diferentes intervinientes.<\/p>\n\n            <p>La preparaci\u00f3n de las consultas m\u00e9dicas optimiza su eficacia. Llevar un diario de las observaciones diarias, de los cambios de comportamiento, de las dificultades encontradas y de las preguntas a realizar permite aprovechar al m\u00e1ximo el tiempo limitado de las citas m\u00e9dicas. Esta documentaci\u00f3n objetiva ayuda a los profesionales a adaptar su atenci\u00f3n.<\/p>\n\n            <div class=\"key-points\">\n                <h4>Informaci\u00f3n esencial para compartir con el equipo m\u00e9dico:<\/h4>\n                <ul>\n                    <li>Evoluci\u00f3n de las capacidades cognitivas y conductuales<\/li>\n                    <li>Calidad del sue\u00f1o y modificaciones de los ritmos<\/li>\n                    <li>Ap\u00e9tito, ingesta alimentaria y variaciones de peso<\/li>\n                    <li>Reacci\u00f3n a los tratamientos y efectos secundarios observados<\/li>\n                    <li>Nuevas dificultades en las actividades diarias<\/li>\n                    <li>Estado emocional y social de la persona<\/li>\n                    <li>Nivel de estr\u00e9s y necesidades de apoyo del cuidador<\/li>\n                <\/ul>\n            <\/div>\n\n            <p>La adherencia terap\u00e9utica representa un desaf\u00edo particular en el contexto del Alzheimer. Los trastornos de memoria comprometen la toma aut\u00f3noma de medicamentos, necesitando una supervisi\u00f3n constante. El uso de pastilleros diarios, alarmas o aplicaciones dedicadas ayuda a estructurar esta atenci\u00f3n farmacol\u00f3gica.<\/p>\n\n            <div class=\"expert-box\">\n                <div class=\"expert-box-label\">Consejo m\u00e9dico<\/div>\n                <div class=\"expert-inner\">\n<div class=\"expert-box-title\">Dr. Philippe Martin, Neur\u00f3logo<\/div>\n                    <div class=\"expert-inner-title\">La importancia del seguimiento regular<\/div>\n                    <p>Recomiendo encarecidamente a las familias que mantengan un seguimiento m\u00e9dico regular incluso cuando la situaci\u00f3n parezca estable. La evoluci\u00f3n de la enfermedad de Alzheimer puede ser insidiosa, y un ajuste temprano del tratamiento o del acompa\u00f1amiento puede mejorar considerablemente la calidad de vida. Las herramientas de estimulaci\u00f3n cognitiva como <a href=\"https:\/\/www.dynseo.com\/es\/coco-piensa-y-coco-se-mueve-software-educativo\/\" style=\"color: var(--yellow);\">COCO PIENSA y COCO SE MUEVE<\/a> complementan eficazmente la atenci\u00f3n m\u00e9dica.<\/p>\n                <\/div>\n            <\/div>\n\n            <h2>9. Apoyo y formaci\u00f3n de los cuidadores<\/h2>\n            <p>El apoyo a los cuidadores constituye un desaf\u00edo de salud p\u00fablica importante, tanto para su bienestar personal como para la calidad del acompa\u00f1amiento que pueden ofrecer. El agotamiento de los cuidadores, tambi\u00e9n llamado \"burn-out del cuidador\", representa un riesgo real que compromete todo el sistema de ayuda informal. Prevenir esta situaci\u00f3n requiere un acompa\u00f1amiento espec\u00edfico y recursos adecuados.<\/p>\n\n            <p>La formaci\u00f3n de los cuidadores mejora significativamente su capacidad de acompa\u00f1amiento y reduce su estr\u00e9s. Comprender los mecanismos de la enfermedad, adquirir t\u00e9cnicas de comunicaci\u00f3n y acompa\u00f1amiento, aprender a gestionar situaciones dif\u00edciles son elementos que refuerzan la confianza y la eficacia de los cuidadores. Numerosas organizaciones ofrecen programas de formaci\u00f3n especialmente dise\u00f1ados para las familias.<\/p>\n\n            <p>Los grupos de apoyo ofrecen un espacio de intercambio y de compartici\u00f3n de experiencias invaluable. Encontrar a otras familias que enfrentan los mismos desaf\u00edos permite relativizar las dificultades, descubrir nuevas estrategias y romper el aislamiento que a menudo sienten los cuidadores. Estos grupos pueden ser organizados por asociaciones, establecimientos de salud o servicios sociales locales.<\/p>\n\n            <div class=\"tip-box\">\n<div class=\"tip-box-label\">\ud83e\udd1d Recursos de apoyo<\/div>\n                <p>La asociaci\u00f3n Francia Alzheimer ofrece formaciones gratuitas para los cuidadores, grupos de conversaci\u00f3n y una l\u00ednea de escucha nacional. Estos recursos constituyen un apoyo valioso para todas las familias afectadas por la enfermedad de Alzheimer y las enfermedades relacionadas.<\/p>\n            <\/div>\n\n            <p>El respiro de los cuidadores representa una necesidad absoluta para mantener su capacidad de acompa\u00f1amiento a largo plazo. Los servicios de acogida diurna, el alojamiento temporal, los servicios de ayuda a domicilio o la intervenci\u00f3n de voluntarios formados permiten a los cuidadores tomar distancia, recargarse y mantener sus propias actividades sociales y profesionales.<\/p>\n\n            <p>La preservaci\u00f3n de la salud f\u00edsica y mental de los cuidadores constituye un imperativo. El estr\u00e9s cr\u00f3nico, los trastornos del sue\u00f1o, el aislamiento social y la negligencia de sus propias necesidades de salud caracterizan a menudo la situaci\u00f3n de los cuidadores familiares. Un seguimiento m\u00e9dico regular y la atenci\u00f3n a sus propias se\u00f1ales de alarma permiten prevenir el agotamiento.<\/p>\n\n            <h2>10. Herramientas tecnol\u00f3gicas y aplicaciones de ayuda<\/h2>\n            <p>Las herramientas tecnol\u00f3gicas modernas ofrecen nuevas perspectivas de acompa\u00f1amiento para las personas afectadas de Alzheimer y sus cuidadores. Estas soluciones digitales, cuando est\u00e1n bien dise\u00f1adas y adaptadas a las especificidades de esta poblaci\u00f3n, pueden mejorar considerablemente la calidad de vida diaria y facilitar el trabajo de los cuidadores. El desaf\u00edo radica en la selecci\u00f3n de herramientas realmente \u00fatiles y accesibles.<\/p>\n\n            <p>Las aplicaciones de estimulaci\u00f3n cognitiva representan un avance importante en este campo. DYNSEO, especialista franc\u00e9s en estimulaci\u00f3n cognitiva, ha desarrollado <a href=\"https:\/\/www.dynseo.com\/es\/coco-piensa-y-coco-se-mueve-software-educativo\/\">COCO PIENSA y COCO SE MUEVE<\/a>, una aplicaci\u00f3n especialmente dise\u00f1ada para las necesidades de las personas mayores y de las personas afectadas por trastornos cognitivos. Esta soluci\u00f3n ofrece m\u00e1s de 25 juegos culturales y l\u00fadicos que trabajan diferentes funciones cognitivas.<\/p>\n\n            <p>La interfaz de COCO PIENSA y COCO SE MUEVE ha sido pensada para ser intuitiva y reconfortante, con grandes botones, instrucciones claras y contenidos culturalmente familiares para los mayores. Los juegos solicitan la memoria antigua, la memoria de trabajo, la atenci\u00f3n, el lenguaje y las funciones ejecutivas, todo mientras se preserva el placer del juego y la convivialidad de los momentos compartidos.<\/p>\n<div class=\"conseil-card\">\n                <h4>\ud83d\udcf1 Ventajas de COCO PIENSA y COCO SE MUEVE<\/h4>\n                <p>Esta aplicaci\u00f3n integra pausas deportivas autom\u00e1ticas cada 15 minutos, respetando as\u00ed las recomendaciones m\u00e9dicas sobre la limitaci\u00f3n del tiempo de pantalla. Estas pausas permiten mantener la actividad f\u00edsica, esencial para la salud cognitiva y general de las personas mayores.<\/p>\n            <\/div>\n\n            <p>Los sistemas de telesupervisi\u00f3n pueden aportar una seguridad adicional mientras se preserva la autonom\u00eda. Sensores de movimiento, detectores de ca\u00eddas, sistemas de llamada de emergencia o pastilleros conectados son herramientas que tranquilizan a las familias sin crear un sentimiento de intrusi\u00f3n excesiva. Estas tecnolog\u00edas deben ser introducidas gradualmente y con el consentimiento de la persona.<\/p>\n\n            <p>Las herramientas de ayuda a la comunicaci\u00f3n facilitan los intercambios familiares. Tabletas simplificadas para videollamadas, marcos de fotos digitales para mantener los lazos visuales con la familia, aplicaciones de mensajer\u00eda adaptadas permiten conservar los contactos a pesar de la distancia o las dificultades de desplazamiento. Estas soluciones refuerzan el v\u00ednculo social tan valioso.<\/p>\n\n            <h2>11. Planificaci\u00f3n y anticipaci\u00f3n de la evoluci\u00f3n<\/h2>\n            <p>La anticipaci\u00f3n de la evoluci\u00f3n de la enfermedad de Alzheimer constituye un aspecto crucial pero delicado del acompa\u00f1amiento familiar. Esta planificaci\u00f3n a largo plazo permite preparar las adaptaciones necesarias y tomar decisiones importantes en las mejores condiciones, es decir, cuando la persona afectada a\u00fan puede expresar sus deseos y preferencias.<\/p>\n\n            <p>La progresi\u00f3n de la enfermedad de Alzheimer sigue generalmente tres grandes fases: leve, moderada y severa. Cada etapa viene acompa\u00f1ada de desaf\u00edos espec\u00edficos y requiere adaptaciones particulares del acompa\u00f1amiento. Comprender esta evoluci\u00f3n ayuda a las familias a anticipar las necesidades futuras y a organizarse en consecuencia, sin apresurar los plazos.<\/p>\n\n            <p>Las cuestiones jur\u00eddicas y financieras deben ser abordadas con antelaci\u00f3n, idealmente desde que se realiza el diagn\u00f3stico. La implementaci\u00f3n de un poder notarial, la redacci\u00f3n de directrices anticipadas, la organizaci\u00f3n de la gesti\u00f3n patrimonial y la reflexi\u00f3n sobre las modalidades de atenci\u00f3n futura constituyen tr\u00e1mites esenciales que protegen los intereses de la persona y de su familia.<\/p>\n\n            <div class=\"expert-box\">\n                <div class=\"expert-box-label\">Consejos jur\u00eddicos<\/div>\n                <div class=\"expert-inner\">\n                    <div class=\"expert-box-title\">Maestra Sarah Leroy, Abogada especializada en derecho de mayores protegidos<\/div>\n<div class=\"expert-inner-title\">La importancia de la anticipaci\u00f3n jur\u00eddica<\/div>\n                    <p>Recomiendo a las familias que inicien los tr\u00e1mites jur\u00eddicos tan pronto como sea posible despu\u00e9s del diagn\u00f3stico. La puesta bajo protecci\u00f3n jur\u00eddica se vuelve m\u00e1s compleja cuando las capacidades de discernimiento est\u00e1n alteradas. El mandato de protecci\u00f3n futura, firmado en buena salud, constituye a menudo la mejor soluci\u00f3n para proteger a la persona respetando sus voluntades.<\/p>\n                <\/div>\n            <\/div>\n\n            <p>La reflexi\u00f3n sobre las modalidades de atenci\u00f3n futura debe asociar a todos los miembros de la familia involucrados. Mantenimiento en el hogar con servicios reforzados, acogida diurna, alojamiento en establecimiento especializado: cada opci\u00f3n presenta ventajas y desventajas que deben evaluarse serenamente. Esta reflexi\u00f3n debe tener en cuenta los deseos de la persona, las capacidades familiares y los recursos disponibles.<\/p>\n\n            <div class=\"key-points\">\n                <h4>Elementos a anticipar seg\u00fan la etapa de la enfermedad:<\/h4>\n                <ul>\n                    <li><strong>Etapa leve:<\/strong> adaptaciones en el hogar, organizaci\u00f3n de la ayuda diaria<\/li>\n                    <li><strong>Etapa moderada:<\/strong> refuerzo de la vigilancia, adaptaci\u00f3n de las actividades<\/li>\n                    <li><strong>Etapa severa:<\/strong> cuidados especializados, atenci\u00f3n m\u00e9dica reforzada<\/li>\n                    <li><strong>Todas las fases:<\/strong> apoyo psicol\u00f3gico, mantenimiento del v\u00ednculo social<\/li>\n                    <li><strong>Aspectos jur\u00eddicos:<\/strong> protecci\u00f3n jur\u00eddica, directrices anticipadas<\/li>\n                    <li><strong>Cuestiones financieras:<\/strong> costo de la atenci\u00f3n, ayudas disponibles<\/li>\n                <\/ul>\n            <\/div>\n\n            <h2>12. Servicios y ayudas disponibles<\/h2>\n            <p>El sistema franc\u00e9s de ayuda a personas dependientes propone numerosos dispositivos de apoyo a las familias enfrentadas a la enfermedad de Alzheimer. Conocer estos recursos y saber movilizarlos representa un desaf\u00edo importante para optimizar el acompa\u00f1amiento mientras se preserva el equilibrio familiar y financiero. Estas ayudas evolucionan regularmente y requieren una vigilancia atenta.<\/p>\n\n            <p>La Asignaci\u00f3n Personalizada de Autonom\u00eda (APA) constituye la principal ayuda financiera para las personas mayores de 60 a\u00f1os en p\u00e9rdida de autonom\u00eda. Esta asignaci\u00f3n, otorgada por el departamento, financia una parte de los servicios de ayuda a domicilio o contribuye al costo del alojamiento en establecimiento. Su monto depende del grado de dependencia y de los recursos de la persona.<\/p>\n\n            <p>Los servicios de ayuda a domicilio se han desarrollado y especializado considerablemente. Ayuda en las actividades de la vida diaria, cuidados de enfermer\u00eda, intervenci\u00f3n de psicomotricistas o terapeutas ocupacionales, entrega de comidas, teleasistencia: esta gama de servicios permite componer una atenci\u00f3n personalizada que a menudo retrasa la entrada en un establecimiento.<\/p>\n\n            <div class=\"tip-box\">\n<div class=\"tip-box-label\">\ud83d\udca1 Enfoque pr\u00e1ctico<\/div>\n                <p>Contacte con el Centro Local de Informaci\u00f3n y Coordinaci\u00f3n Gerontol\u00f3gica (CLIC) o el Punto de Informaci\u00f3n Local dedicado a las personas mayores de su sector. Estas estructuras le acompa\u00f1an gratuitamente en la evaluaci\u00f3n de sus necesidades y le orientan hacia los servicios apropiados.<\/p>\n            <\/div>\n\n            <p>Los centros de d\u00eda especializados en Alzheimer ofrecen un respiro valioso a los cuidadores mientras proponen actividades terap\u00e9uticas adaptadas a las personas afectadas. Estas estructuras, a menudo vinculadas a establecimientos m\u00e9dico-sociales, acogen a la persona una o varias veces por semana para actividades de estimulaci\u00f3n cognitiva, socializaci\u00f3n y a veces rehabilitaci\u00f3n.<\/p>\n\n            <p>Las plataformas de respiro proponen un enfoque innovador que combina diferentes servicios en un mismo lugar: centro de d\u00eda, consultas especializadas, formaciones para cuidadores, grupos de apoyo. Estas estructuras multidisciplinarias constituyen recursos valiosos para las familias al ofrecer una atenci\u00f3n global y coordinada.<\/p>\n\n            <h2>13. \u00c9tica y calidad de vida<\/h2>\n            <p>Las cuestiones \u00e9ticas ocupan un lugar central en el acompa\u00f1amiento de las personas afectadas por la enfermedad de Alzheimer. La evoluci\u00f3n progresiva de las capacidades cognitivas plantea dilemas complejos en relaci\u00f3n con la autonom\u00eda, el consentimiento, la dignidad y la calidad de vida. Los cuidadores a menudo se enfrentan a decisiones dif\u00edciles que requieren una reflexi\u00f3n profunda y, a menudo, un acompa\u00f1amiento especializado.<\/p>\n\n            <p>El respeto por la persona y sus voluntades anteriores gu\u00eda el enfoque \u00e9tico. Incluso cuando las capacidades de decisi\u00f3n est\u00e1n alteradas, es importante buscar la opini\u00f3n de la persona, respetar sus rechazos expresados y apoyarse en sus valores y preferencias conocidas. Este enfoque preserva la dignidad y mantiene a la persona en el centro de las decisiones que la afectan.<\/p>\n\n            <p>La noci\u00f3n de calidad de vida supera ampliamente los aspectos m\u00e9dicos y funcionales para abarcar el bienestar emocional, social y espiritual. Mantener momentos de placer, preservar los lazos afectivos, respetar los h\u00e1bitos de vida y los rituales personales son elementos que contribuyen a una vida digna y enriquecedora a pesar de la enfermedad.<\/p>\n\n            <div class=\"expert-box\">\n                <div class=\"expert-box-label\">Reflexi\u00f3n \u00e9tica<\/div>\n                <div class=\"expert-inner\">\n                    <div class=\"expert-box-title\">Dra. Claire Dupont, Fil\u00f3sofa y \u00e9tica m\u00e9dica<\/div>\n<div class=\"expert-inner-title\">La \u00e9tica del cuidado en la enfermedad de Alzheimer<\/div>\n                    <p>El acompa\u00f1amiento de una persona afectada por la enfermedad de Alzheimer nos ense\u00f1a la importancia del \"cuidar\" m\u00e1s all\u00e1 del \"tratar\". Esta \u00e9tica del cuidado privilegia la relaci\u00f3n, la atenci\u00f3n a las necesidades expresadas y la creaci\u00f3n de un entorno benevolente. Nos recuerda que el valor de una persona no se resume a sus capacidades cognitivas.<\/p>\n                <\/div>\n            <\/div>\n\n            <p>Las situaciones de final de vida plantean preguntas particularmente sensibles sobre los cuidados a proporcionar y las decisiones a tomar. El acompa\u00f1amiento paliativo, centrado en el confort y la dignidad, puede ser apropiado incluso fuera del contexto de final de vida inmediata. Este enfoque busca optimizar la calidad de vida en lugar de prolongar la vida a toda costa.<\/p>\n\n            <p>El equilibrio entre protecci\u00f3n y libertad constituye un desaf\u00edo constante. La tentaci\u00f3n de sobreproteger puede llevar a limitar excesivamente la autonom\u00eda residual y las posibilidades de expresi\u00f3n personal. Aceptar una parte de riesgo medido permite a menudo preservar espacios de libertad y satisfacci\u00f3n personal que contribuyen significativamente al bienestar.<\/p>\n\n            <div class=\"faq-list\">\n                <div class=\"faq-item\">\n                    <div class=\"faq-q\">\n                        <span>\u00bfC\u00f3mo aceptar el diagn\u00f3stico de Alzheimer para un ser querido?<\/span>\n                        <span class=\"faq-icon\">+<\/span>\n                    <\/div>\n                    <div class=\"faq-a\">\n                        <p>La aceptaci\u00f3n del diagn\u00f3stico pasa por varias fases normales: negaci\u00f3n, ira, tristeza y luego aceptaci\u00f3n. Es importante darse el tiempo necesario, no culpabilizarse ante estas emociones y buscar apoyo de profesionales o asociaciones de familias. Cada miembro de la familia puede vivir este proceso a su ritmo.<\/p>\n                    <\/div>\n                <\/div>\n                \n                <div class=\"faq-item\">\n                    <div class=\"faq-q\">\n                        <span>\u00bfCu\u00e1les son los primeros ajustes a realizar en el hogar?<\/span>\n                        <span class=\"faq-icon\">+<\/span>\n                    <\/div>\n                    <div class=\"faq-a\">\n                        <p>Prioriza primero la seguridad: eliminaci\u00f3n de alfombras resbaladizas, mejora de la iluminaci\u00f3n, instalaci\u00f3n de barras de apoyo en el ba\u00f1o, aseguramiento de la cocina. Luego, organiza el espacio para facilitar los puntos de referencia: etiquetado de los armarios, almacenamientos fijos, eliminaci\u00f3n de lo superfluo. Estas modificaciones deben hacerse progresivamente.<\/p>\n                    <\/div>\n                <\/div>\n\n                <div class=\"faq-item\">\n                    <div class=\"faq-q\">\n                        <span>\u00bfC\u00f3mo manejar la agresividad de una persona afectada por Alzheimer?<\/span>\n                        <span class=\"faq-icon\">+<\/span>\n                    <\/div>\n                    <div class=\"faq-a\">\n                        <p>La agresividad a menudo traduce una angustia o incomodidad. Mantente tranquilo, habla suavemente, identifica los posibles desencadenantes (dolor, fatiga, miedo). Utiliza t\u00e9cnicas de redirecci\u00f3n hacia actividades tranquilizadoras. Si los episodios son frecuentes, consulta al equipo m\u00e9dico para adaptar la atenci\u00f3n.<\/p>\n                    <\/div>\n                <\/div>\n\n                <div class=\"faq-item\">\n                    <div class=\"faq-q\">\n                        <span>\u00bfQu\u00e9 ejercicios de estimulaci\u00f3n cognitiva se pueden hacer en casa?<\/span>\n                        <span class=\"faq-icon\">+<\/span>\n                    <\/div>\n<div class=\"faq-a\">\n                        <p>Las actividades deben adaptarse a las capacidades preservadas: juegos de memoria con fotos familiares, rompecabezas simples, canciones de juventud, ejercicios de c\u00e1lculo b\u00e1sico. La aplicaci\u00f3n COCO PIENSA y COCO SE MUEVE propone m\u00e1s de 25 juegos especialmente dise\u00f1ados para estimular diferentes funciones cognitivas en los mayores.<\/p>\n                    <\/div>\n                <\/div>\n\n                <div class=\"faq-item\">\n                    <div class=\"faq-q\">\n                        <span>\u00bfD\u00f3nde encontrar apoyo como cuidador familiar?<\/span>\n                        <span class=\"faq-icon\">+<\/span>\n                    <\/div>\n                    <div class=\"faq-a\">\n                        <p>Existen numerosos recursos: asociaciones de familias (Francia Alzheimer), grupos de apoyo, formaciones para cuidadores, l\u00edneas de escucha, servicios de respiro. Su CLIC local puede orientarlo hacia los recursos disponibles en su \u00e1rea. No dude en solicitar tambi\u00e9n apoyo psicol\u00f3gico profesional.<\/p>\n                    <\/div>\n                <\/div>\n            <\/div>\n\n            <div class=\"cta-box\">\n                <h3>Descubre COCO PIENSA y COCO SE MUEVE para el acompa\u00f1amiento de Alzheimer<\/h3>\n                <p>Estimula las capacidades cognitivas de su ser querido con m\u00e1s de 25 juegos especialmente dise\u00f1ados para las personas afectadas por trastornos cognitivos. Una soluci\u00f3n que combina diversi\u00f3n, eficacia y momentos de compartir en familia.<\/p>\n                <div class=\"cta-buttons\">\n                    <a href=\"https:\/\/www.dynseo.com\/es\/coco-piensa-y-coco-se-mueve-software-educativo\/\" class=\"btn-white\">Probar gratis<\/a>\n                    <a href=\"https:\/\/www.dynseo.com\/es\/coco-piensa-y-coco-se-mueve-software-educativo\/\" class=\"btn-outline\">Saber m\u00e1s<\/a>\n                <\/div>\n            <\/div>\n\n            <div class=\"article-tags\">\n                <a href=\"#\" class=\"article-tag\">Alzheimer<\/a>\n                <a href=\"#\" class=\"article-tag\">Cuidadores familiares<\/a>\n                <a href=\"#\" class=\"article-tag\">Estimulaci\u00f3n cognitiva<\/a>\n                <a href=\"#\" class=\"article-tag\">Acompa\u00f1amiento<\/a>\n                <a href=\"#\" class=\"article-tag\">COCO PIENSA<\/a>\n                <a href=\"#\" class=\"article-tag\">Calidad de vida<\/a>\n                <a href=\"#\" class=\"article-tag\">Trastornos cognitivos<\/a>\n                <a href=\"#\" class=\"article-tag\">Mayores<\/a>\n            <\/div>\n        <\/div>\n    <\/div>[\/et_pb_code][\/et_pb_column][\/et_pb_row][\/et_pb_section]","_et_gb_content_width":"","footnotes":""},"categories":[2915],"tags":[],"class_list":["post-572157","post","type-post","status-publish","format-standard","has-post-thumbnail","hentry","category-les-conseils-des-coachs"],"yoast_head":"<!-- This site is optimized with the Yoast SEO plugin v27.4 - https:\/\/yoast.com\/product\/yoast-seo-wordpress\/ -->\n<title>El papel de la familia y los cuidadores en la enfermedad de Alzheimer - DYNSEO - Aplicaci\u00f3n educativa y juegos de memoria<\/title>\n<meta name=\"robots\" content=\"index, follow, max-snippet:-1, max-image-preview:large, max-video-preview:-1\" \/>\n<link rel=\"canonical\" href=\"https:\/\/www.dynseo.com\/es\/el-papel-de-la-familia-y-los-cuidadores-en-la-enfermedad-de-alzheimer\/\" \/>\n<meta property=\"og:locale\" content=\"es_ES\" \/>\n<meta property=\"og:type\" content=\"article\" \/>\n<meta property=\"og:title\" content=\"El papel de la familia y los cuidadores en la enfermedad de Alzheimer - DYNSEO - Aplicaci\u00f3n educativa y juegos de memoria\" \/>\n<meta property=\"og:url\" content=\"https:\/\/www.dynseo.com\/es\/el-papel-de-la-familia-y-los-cuidadores-en-la-enfermedad-de-alzheimer\/\" \/>\n<meta property=\"og:site_name\" content=\"DYNSEO - Aplicaci\u00f3n educativa y juegos de memoria\" \/>\n<meta property=\"article:published_time\" content=\"2026-04-30T08:10:26+00:00\" \/>\n<meta property=\"article:modified_time\" content=\"2026-04-30T08:15:44+00:00\" \/>\n<meta property=\"og:image\" content=\"https:\/\/www.dynseo.com\/wp-content\/uploads\/2024\/03\/Copie-de-Accueil-article-France-7-1024x768.png\" \/>\n\t<meta property=\"og:image:width\" content=\"1024\" \/>\n\t<meta property=\"og:image:height\" content=\"768\" \/>\n\t<meta property=\"og:image:type\" content=\"image\/png\" \/>\n<meta name=\"author\" content=\"DYNSEO\" \/>\n<meta name=\"twitter:label1\" content=\"Escrito por\" \/>\n\t<meta name=\"twitter:data1\" content=\"DYNSEO\" \/>\n\t<meta name=\"twitter:label2\" content=\"Tiempo de lectura\" \/>\n\t<meta name=\"twitter:data2\" content=\"27 minutos\" \/>\n<script type=\"application\/ld+json\" class=\"yoast-schema-graph\">{\"@context\":\"https:\\\/\\\/schema.org\",\"@graph\":[{\"@type\":\"Article\",\"@id\":\"https:\\\/\\\/www.dynseo.com\\\/es\\\/el-papel-de-la-familia-y-los-cuidadores-en-la-enfermedad-de-alzheimer\\\/#article\",\"isPartOf\":{\"@id\":\"https:\\\/\\\/www.dynseo.com\\\/es\\\/el-papel-de-la-familia-y-los-cuidadores-en-la-enfermedad-de-alzheimer\\\/\"},\"author\":{\"name\":\"DYNSEO\",\"@id\":\"https:\\\/\\\/www.dynseo.com\\\/es\\\/#\\\/schema\\\/person\\\/78ef63df2ee64e0989bc68f8401b38d6\"},\"headline\":\"El papel de la familia y los cuidadores en la enfermedad de Alzheimer\",\"datePublished\":\"2026-04-30T08:10:26+00:00\",\"dateModified\":\"2026-04-30T08:15:44+00:00\",\"mainEntityOfPage\":{\"@id\":\"https:\\\/\\\/www.dynseo.com\\\/es\\\/el-papel-de-la-familia-y-los-cuidadores-en-la-enfermedad-de-alzheimer\\\/\"},\"wordCount\":5478,\"publisher\":{\"@id\":\"https:\\\/\\\/www.dynseo.com\\\/es\\\/#organization\"},\"image\":{\"@id\":\"https:\\\/\\\/www.dynseo.com\\\/es\\\/el-papel-de-la-familia-y-los-cuidadores-en-la-enfermedad-de-alzheimer\\\/#primaryimage\"},\"thumbnailUrl\":\"https:\\\/\\\/www.dynseo.com\\\/wp-content\\\/uploads\\\/2024\\\/03\\\/Copie-de-Accueil-article-France-7.png\",\"articleSection\":[\"Les conseils des coachs\"],\"inLanguage\":\"es\"},{\"@type\":\"WebPage\",\"@id\":\"https:\\\/\\\/www.dynseo.com\\\/es\\\/el-papel-de-la-familia-y-los-cuidadores-en-la-enfermedad-de-alzheimer\\\/\",\"url\":\"https:\\\/\\\/www.dynseo.com\\\/es\\\/el-papel-de-la-familia-y-los-cuidadores-en-la-enfermedad-de-alzheimer\\\/\",\"name\":\"El papel de la familia y los cuidadores en la enfermedad de Alzheimer - DYNSEO - Aplicaci\u00f3n educativa y juegos de memoria\",\"isPartOf\":{\"@id\":\"https:\\\/\\\/www.dynseo.com\\\/es\\\/#website\"},\"primaryImageOfPage\":{\"@id\":\"https:\\\/\\\/www.dynseo.com\\\/es\\\/el-papel-de-la-familia-y-los-cuidadores-en-la-enfermedad-de-alzheimer\\\/#primaryimage\"},\"image\":{\"@id\":\"https:\\\/\\\/www.dynseo.com\\\/es\\\/el-papel-de-la-familia-y-los-cuidadores-en-la-enfermedad-de-alzheimer\\\/#primaryimage\"},\"thumbnailUrl\":\"https:\\\/\\\/www.dynseo.com\\\/wp-content\\\/uploads\\\/2024\\\/03\\\/Copie-de-Accueil-article-France-7.png\",\"datePublished\":\"2026-04-30T08:10:26+00:00\",\"dateModified\":\"2026-04-30T08:15:44+00:00\",\"breadcrumb\":{\"@id\":\"https:\\\/\\\/www.dynseo.com\\\/es\\\/el-papel-de-la-familia-y-los-cuidadores-en-la-enfermedad-de-alzheimer\\\/#breadcrumb\"},\"inLanguage\":\"es\",\"potentialAction\":[{\"@type\":\"ReadAction\",\"target\":[\"https:\\\/\\\/www.dynseo.com\\\/es\\\/el-papel-de-la-familia-y-los-cuidadores-en-la-enfermedad-de-alzheimer\\\/\"]}]},{\"@type\":\"ImageObject\",\"inLanguage\":\"es\",\"@id\":\"https:\\\/\\\/www.dynseo.com\\\/es\\\/el-papel-de-la-familia-y-los-cuidadores-en-la-enfermedad-de-alzheimer\\\/#primaryimage\",\"url\":\"https:\\\/\\\/www.dynseo.com\\\/wp-content\\\/uploads\\\/2024\\\/03\\\/Copie-de-Accueil-article-France-7.png\",\"contentUrl\":\"https:\\\/\\\/www.dynseo.com\\\/wp-content\\\/uploads\\\/2024\\\/03\\\/Copie-de-Accueil-article-France-7.png\",\"width\":2000,\"height\":1500,\"caption\":\"Impulsa el desarrollo cognitivo con divertidos rompecabezas\"},{\"@type\":\"BreadcrumbList\",\"@id\":\"https:\\\/\\\/www.dynseo.com\\\/es\\\/el-papel-de-la-familia-y-los-cuidadores-en-la-enfermedad-de-alzheimer\\\/#breadcrumb\",\"itemListElement\":[{\"@type\":\"ListItem\",\"position\":1,\"name\":\"Accueil\",\"item\":\"https:\\\/\\\/www.dynseo.com\\\/es\\\/\"},{\"@type\":\"ListItem\",\"position\":2,\"name\":\"El papel de la familia y los cuidadores en la enfermedad de Alzheimer\"}]},{\"@type\":\"WebSite\",\"@id\":\"https:\\\/\\\/www.dynseo.com\\\/es\\\/#website\",\"url\":\"https:\\\/\\\/www.dynseo.com\\\/es\\\/\",\"name\":\"Jeux de m\u00e9moire et stimulation cognitive\",\"description\":\"Entra\u00eenez votre m\u00e9moire et votre cerveau avec DYNSEO\",\"publisher\":{\"@id\":\"https:\\\/\\\/www.dynseo.com\\\/es\\\/#organization\"},\"potentialAction\":[{\"@type\":\"SearchAction\",\"target\":{\"@type\":\"EntryPoint\",\"urlTemplate\":\"https:\\\/\\\/www.dynseo.com\\\/es\\\/?s={search_term_string}\"},\"query-input\":{\"@type\":\"PropertyValueSpecification\",\"valueRequired\":true,\"valueName\":\"search_term_string\"}}],\"inLanguage\":\"es\"},{\"@type\":\"Organization\",\"@id\":\"https:\\\/\\\/www.dynseo.com\\\/es\\\/#organization\",\"name\":\"DYNSEO\",\"url\":\"https:\\\/\\\/www.dynseo.com\\\/es\\\/\",\"logo\":{\"@type\":\"ImageObject\",\"inLanguage\":\"es\",\"@id\":\"https:\\\/\\\/www.dynseo.com\\\/es\\\/#\\\/schema\\\/logo\\\/image\\\/\",\"url\":\"https:\\\/\\\/www.dynseo.com\\\/wp-content\\\/uploads\\\/2022\\\/05\\\/logo-dynseo-new.png\",\"contentUrl\":\"https:\\\/\\\/www.dynseo.com\\\/wp-content\\\/uploads\\\/2022\\\/05\\\/logo-dynseo-new.png\",\"width\":5073,\"height\":1397,\"caption\":\"DYNSEO\"},\"image\":{\"@id\":\"https:\\\/\\\/www.dynseo.com\\\/es\\\/#\\\/schema\\\/logo\\\/image\\\/\"}},{\"@type\":\"Person\",\"@id\":\"https:\\\/\\\/www.dynseo.com\\\/es\\\/#\\\/schema\\\/person\\\/78ef63df2ee64e0989bc68f8401b38d6\",\"name\":\"DYNSEO\",\"url\":\"https:\\\/\\\/www.dynseo.com\\\/es\\\/author\\\/justine\\\/\"}]}<\/script>\n<!-- \/ Yoast SEO plugin. -->","yoast_head_json":{"title":"El papel de la familia y los cuidadores en la enfermedad de Alzheimer - DYNSEO - Aplicaci\u00f3n educativa y juegos de memoria","robots":{"index":"index","follow":"follow","max-snippet":"max-snippet:-1","max-image-preview":"max-image-preview:large","max-video-preview":"max-video-preview:-1"},"canonical":"https:\/\/www.dynseo.com\/es\/el-papel-de-la-familia-y-los-cuidadores-en-la-enfermedad-de-alzheimer\/","og_locale":"es_ES","og_type":"article","og_title":"El papel de la familia y los cuidadores en la enfermedad de Alzheimer - DYNSEO - Aplicaci\u00f3n educativa y juegos de memoria","og_url":"https:\/\/www.dynseo.com\/es\/el-papel-de-la-familia-y-los-cuidadores-en-la-enfermedad-de-alzheimer\/","og_site_name":"DYNSEO - Aplicaci\u00f3n educativa y juegos de memoria","article_published_time":"2026-04-30T08:10:26+00:00","article_modified_time":"2026-04-30T08:15:44+00:00","og_image":[{"width":1024,"height":768,"url":"https:\/\/www.dynseo.com\/wp-content\/uploads\/2024\/03\/Copie-de-Accueil-article-France-7-1024x768.png","type":"image\/png"}],"author":"DYNSEO","twitter_misc":{"Escrito por":"DYNSEO","Tiempo de lectura":"27 minutos"},"schema":{"@context":"https:\/\/schema.org","@graph":[{"@type":"Article","@id":"https:\/\/www.dynseo.com\/es\/el-papel-de-la-familia-y-los-cuidadores-en-la-enfermedad-de-alzheimer\/#article","isPartOf":{"@id":"https:\/\/www.dynseo.com\/es\/el-papel-de-la-familia-y-los-cuidadores-en-la-enfermedad-de-alzheimer\/"},"author":{"name":"DYNSEO","@id":"https:\/\/www.dynseo.com\/es\/#\/schema\/person\/78ef63df2ee64e0989bc68f8401b38d6"},"headline":"El papel de la familia y los cuidadores en la enfermedad de Alzheimer","datePublished":"2026-04-30T08:10:26+00:00","dateModified":"2026-04-30T08:15:44+00:00","mainEntityOfPage":{"@id":"https:\/\/www.dynseo.com\/es\/el-papel-de-la-familia-y-los-cuidadores-en-la-enfermedad-de-alzheimer\/"},"wordCount":5478,"publisher":{"@id":"https:\/\/www.dynseo.com\/es\/#organization"},"image":{"@id":"https:\/\/www.dynseo.com\/es\/el-papel-de-la-familia-y-los-cuidadores-en-la-enfermedad-de-alzheimer\/#primaryimage"},"thumbnailUrl":"https:\/\/www.dynseo.com\/wp-content\/uploads\/2024\/03\/Copie-de-Accueil-article-France-7.png","articleSection":["Les conseils des coachs"],"inLanguage":"es"},{"@type":"WebPage","@id":"https:\/\/www.dynseo.com\/es\/el-papel-de-la-familia-y-los-cuidadores-en-la-enfermedad-de-alzheimer\/","url":"https:\/\/www.dynseo.com\/es\/el-papel-de-la-familia-y-los-cuidadores-en-la-enfermedad-de-alzheimer\/","name":"El papel de la familia y los cuidadores en la enfermedad de Alzheimer - DYNSEO - Aplicaci\u00f3n educativa y juegos de memoria","isPartOf":{"@id":"https:\/\/www.dynseo.com\/es\/#website"},"primaryImageOfPage":{"@id":"https:\/\/www.dynseo.com\/es\/el-papel-de-la-familia-y-los-cuidadores-en-la-enfermedad-de-alzheimer\/#primaryimage"},"image":{"@id":"https:\/\/www.dynseo.com\/es\/el-papel-de-la-familia-y-los-cuidadores-en-la-enfermedad-de-alzheimer\/#primaryimage"},"thumbnailUrl":"https:\/\/www.dynseo.com\/wp-content\/uploads\/2024\/03\/Copie-de-Accueil-article-France-7.png","datePublished":"2026-04-30T08:10:26+00:00","dateModified":"2026-04-30T08:15:44+00:00","breadcrumb":{"@id":"https:\/\/www.dynseo.com\/es\/el-papel-de-la-familia-y-los-cuidadores-en-la-enfermedad-de-alzheimer\/#breadcrumb"},"inLanguage":"es","potentialAction":[{"@type":"ReadAction","target":["https:\/\/www.dynseo.com\/es\/el-papel-de-la-familia-y-los-cuidadores-en-la-enfermedad-de-alzheimer\/"]}]},{"@type":"ImageObject","inLanguage":"es","@id":"https:\/\/www.dynseo.com\/es\/el-papel-de-la-familia-y-los-cuidadores-en-la-enfermedad-de-alzheimer\/#primaryimage","url":"https:\/\/www.dynseo.com\/wp-content\/uploads\/2024\/03\/Copie-de-Accueil-article-France-7.png","contentUrl":"https:\/\/www.dynseo.com\/wp-content\/uploads\/2024\/03\/Copie-de-Accueil-article-France-7.png","width":2000,"height":1500,"caption":"Impulsa el desarrollo cognitivo con divertidos rompecabezas"},{"@type":"BreadcrumbList","@id":"https:\/\/www.dynseo.com\/es\/el-papel-de-la-familia-y-los-cuidadores-en-la-enfermedad-de-alzheimer\/#breadcrumb","itemListElement":[{"@type":"ListItem","position":1,"name":"Accueil","item":"https:\/\/www.dynseo.com\/es\/"},{"@type":"ListItem","position":2,"name":"El papel de la familia y los cuidadores en la enfermedad de Alzheimer"}]},{"@type":"WebSite","@id":"https:\/\/www.dynseo.com\/es\/#website","url":"https:\/\/www.dynseo.com\/es\/","name":"Jeux de m\u00e9moire et stimulation cognitive","description":"Entra\u00eenez votre m\u00e9moire et votre cerveau avec DYNSEO","publisher":{"@id":"https:\/\/www.dynseo.com\/es\/#organization"},"potentialAction":[{"@type":"SearchAction","target":{"@type":"EntryPoint","urlTemplate":"https:\/\/www.dynseo.com\/es\/?s={search_term_string}"},"query-input":{"@type":"PropertyValueSpecification","valueRequired":true,"valueName":"search_term_string"}}],"inLanguage":"es"},{"@type":"Organization","@id":"https:\/\/www.dynseo.com\/es\/#organization","name":"DYNSEO","url":"https:\/\/www.dynseo.com\/es\/","logo":{"@type":"ImageObject","inLanguage":"es","@id":"https:\/\/www.dynseo.com\/es\/#\/schema\/logo\/image\/","url":"https:\/\/www.dynseo.com\/wp-content\/uploads\/2022\/05\/logo-dynseo-new.png","contentUrl":"https:\/\/www.dynseo.com\/wp-content\/uploads\/2022\/05\/logo-dynseo-new.png","width":5073,"height":1397,"caption":"DYNSEO"},"image":{"@id":"https:\/\/www.dynseo.com\/es\/#\/schema\/logo\/image\/"}},{"@type":"Person","@id":"https:\/\/www.dynseo.com\/es\/#\/schema\/person\/78ef63df2ee64e0989bc68f8401b38d6","name":"DYNSEO","url":"https:\/\/www.dynseo.com\/es\/author\/justine\/"}]}},"_links":{"self":[{"href":"https:\/\/www.dynseo.com\/es\/wp-json\/wp\/v2\/posts\/572157","targetHints":{"allow":["GET"]}}],"collection":[{"href":"https:\/\/www.dynseo.com\/es\/wp-json\/wp\/v2\/posts"}],"about":[{"href":"https:\/\/www.dynseo.com\/es\/wp-json\/wp\/v2\/types\/post"}],"author":[{"embeddable":true,"href":"https:\/\/www.dynseo.com\/es\/wp-json\/wp\/v2\/users\/4"}],"replies":[{"embeddable":true,"href":"https:\/\/www.dynseo.com\/es\/wp-json\/wp\/v2\/comments?post=572157"}],"version-history":[{"count":16,"href":"https:\/\/www.dynseo.com\/es\/wp-json\/wp\/v2\/posts\/572157\/revisions"}],"predecessor-version":[{"id":572174,"href":"https:\/\/www.dynseo.com\/es\/wp-json\/wp\/v2\/posts\/572157\/revisions\/572174"}],"wp:featuredmedia":[{"embeddable":true,"href":"https:\/\/www.dynseo.com\/es\/wp-json\/wp\/v2\/media\/365717"}],"wp:attachment":[{"href":"https:\/\/www.dynseo.com\/es\/wp-json\/wp\/v2\/media?parent=572157"}],"wp:term":[{"taxonomy":"category","embeddable":true,"href":"https:\/\/www.dynseo.com\/es\/wp-json\/wp\/v2\/categories?post=572157"},{"taxonomy":"post_tag","embeddable":true,"href":"https:\/\/www.dynseo.com\/es\/wp-json\/wp\/v2\/tags?post=572157"}],"curies":[{"name":"wp","href":"https:\/\/api.w.org\/{rel}","templated":true}]}}