{"id":572915,"date":"2026-04-30T14:12:35","date_gmt":"2026-04-30T12:12:35","guid":{"rendered":"https:\/\/www.dynseo.com\/post-avc-reeducation-a-domicile-ou-en-centre-de-soins-2\/"},"modified":"2026-04-30T14:18:08","modified_gmt":"2026-04-30T12:18:08","slug":"post-acv-reeducation-a-domicile-ou-en-centre-de-soins","status":"publish","type":"post","link":"https:\/\/www.dynseo.com\/es\/post-acv-reeducation-a-domicile-ou-en-centre-de-soins\/","title":{"rendered":"Post-ACV : r\u00e9\u00e9ducation \u00e0 domicile ou en centre de soins"},"content":{"rendered":"<p>[et_pb_section fb_built=\u00bb1&#8243; _builder_version=\u00bb4.16&#8243; custom_padding=\u00bb0px|0px|0px|0px|false|false\u00bb margin_top=\u00bb0px\u00bb margin_bottom=\u00bb0px\u00bb global_colors_info=\u00bb{}\u00bb][et_pb_row _builder_version=\u00bb4.16&#8243; custom_padding=\u00bb0px|0px|0px|0px|false|false\u00bb margin_top=\u00bb0px\u00bb margin_bottom=\u00bb0px\u00bb column_structure=\u00bb4_4&#8243; global_colors_info=\u00bb{}\u00bb][et_pb_column type=\u00bb4_4&#8243; _builder_version=\u00bb4.16&#8243; custom_padding=\u00bb0px|0px|0px|0px|false|false\u00bb global_colors_info=\u00bb{}\u00bb][et_pb_code _builder_version=\u00bb4.16&#8243; custom_padding=\u00bb0px|0px|0px|0px|false|false\u00bb global_colors_info=\u00bb{}\u00bb]<!DOCTYPE html><br \/>\n<html lang=\"fr\"><br \/>\n<head><br \/>\n    <meta charset=\"UTF-8\"><br \/>\n    <meta name=\"viewport\" content=\"width=device-width, initial-scale=1.0\"><br \/>\n    <title>Post-AVC : R\u00e9\u00e9ducation \u00e0 Domicile ou en Centre de Soins | DYNSEO<\/title><br \/>\n    <meta name=\"description\" content=\"D\u00e9couvrez les avantages et inconv\u00e9nients de la r\u00e9\u00e9ducation post-AVC \u00e0 domicile versus en centre de soins. Guide complet avec solutions innovantes DYNSEO.\"><\/p>\n<link href=\"https:\/\/fonts.googleapis.com\/css2?family=Montserrat:wght@400;600;700;800&#038;family=Poppins:wght@300;400;500;600;700&#038;display=swap\" rel=\"stylesheet\">\n<style>\n        :root {\n            --primary-blue: #5e5ed7;\n            --blue-dark: #5268c9;\n            --teal: #a9e2e4;\n            --yellow: #ffeca7;\n            --pink: #e73469;\n            --white: #ffffff;\n            --gray-light: #f8f9fa;\n            --gray-medium: #e9ecef;\n            --gray-dark: #495057;\n            --black: #212529;\n        }<\/p>\n<p>        * {\n            margin: 0;\n            padding: 0;\n            box-sizing: border-box;\n        }<\/p>\n<p>        body {\n            font-family: 'Poppins', sans-serif;\n            line-height: 1.6;\n            color: var(--gray-dark);\n            background: var(--gray-light);\n        }<\/p>\n<p>        .article-hero {\n            background: linear-gradient(135deg, var(--primary-blue), var(--blue-dark));\n            color: var(--white);\n            position: relative;\n            padding: 3rem 0 8rem 0;\n            overflow: hidden;\n        }<\/p>\n<p>        .article-hero-curve {\n            position: absolute;\n            bottom: -2px;\n            left: 0;\n            width: 100%;\n            height: 80px;\n            background: var(--gray-light);\n            clip-path: ellipse(100% 100% at 50% 0%);\n        }<\/p>\n<p>        .article-hero-inner {\n            max-width: 1200px;\n            margin: 0 auto;\n            padding: 0 2rem;\n            position: relative;\n            z-index: 2;\n        }<\/p>\n<p>        .article-breadcrumb {\n            font-size: 0.9rem;\n            margin-bottom: 1rem;\n            opacity: 0.9;\n        }<\/p>\n<p>        .article-breadcrumb a {\n            color: var(--white);\n            text-decoration: none;\n        }<\/p>\n<p>        .article-category {\n            display: inline-block;\n            background: var(--pink);\n            color: var(--white);\n            padding: 0.5rem 1rem;\n            border-radius: 25px;\n            font-size: 0.8rem;\n            font-weight: 600;\n            margin-bottom: 1.5rem;\n            text-transform: uppercase;\n            letter-spacing: 0.5px;\n        }<\/p>\n<p>        .article-hero h1 {\n            font-family: 'Montserrat', sans-serif;\n            font-size: 3rem;\n            font-weight: 800;\n            line-height: 1.2;\n            margin-bottom: 1.5rem;\n        }<\/p>\n<p>        .hl {\n            background: linear-gradient(45deg, var(--yellow), var(--teal));\n            -webkit-background-clip: text;\n            -webkit-text-fill-color: transparent;\n            background-clip: text;\n        }<\/p>\n<p>        .article-meta {\n            display: flex;\n            gap: 2rem;\n            align-items: center;\n            margin-bottom: 2rem;\n            flex-wrap: wrap;\n        }<\/p>\n<p>        .article-meta span {\n            display: flex;\n            align-items: center;\n            gap: 0.5rem;\n            font-size: 0.9rem;\n        }<\/p>\n<p>        .article-body {\n            background: var(--white);\n            margin-top: -6rem;\n            position: relative;\n            z-index: 3;\n            border-radius: 20px 20px 0 0;\n            box-shadow: 0 -10px 30px rgba(0,0,0,0.1);\n        }<\/p>\n<p>        .container {\n            max-width: 1000px;\n            margin: 0 auto;\n            padding: 4rem 2rem;\n        }<\/p>\n<p>        .intro-block {\n            background: linear-gradient(135deg, var(--teal), rgba(169, 226, 228, 0.3));\n            padding: 2.5rem;\n            border-radius: 15px;\n            margin-bottom: 3rem;\n            border-left: 5px solid var(--primary-blue);\n        }<\/p>\n<p>        .intro-block p {\n            font-size: 1.1rem;\n            font-weight: 500;\n            color: var(--gray-dark);\n            margin-bottom: 1rem;\n        }<\/p>\n<p>        .stats-grid {\n            display: grid;\n            grid-template-columns: repeat(auto-fit, minmax(200px, 1fr));\n            gap: 2rem;\n            margin-bottom: 4rem;\n        }<\/p>\n<p>        .stat-card {\n            background: var(--white);\n            padding: 2rem;\n            border-radius: 15px;\n            text-align: center;\n            box-shadow: 0 5px 20px rgba(0,0,0,0.1);\n            border: 2px solid var(--gray-light);\n            transition: transform 0.3s ease;\n        }<\/p>\n<p>        .stat-card:hover {\n            transform: translateY(-5px);\n            border-color: var(--primary-blue);\n        }<\/p>\n<p>        .stat-card .number {\n            font-family: 'Montserrat', sans-serif;\n            font-size: 2.5rem;\n            font-weight: 700;\n            color: var(--primary-blue);\n            display: block;\n            margin-bottom: 0.5rem;\n        }<\/p>\n<p>        .stat-card .label {\n            font-weight: 500;\n            color: var(--gray-dark);\n        }<\/p>\n<p>        h2 {\n            font-family: 'Montserrat', sans-serif;\n            font-size: 2rem;\n            font-weight: 700;\n            color: var(--primary-blue);\n            margin: 3rem 0 1.5rem 0;\n            position: relative;\n            padding-bottom: 0.5rem;\n        }<\/p>\n<p>        h2::after {\n            content: '';\n            position: absolute;\n            bottom: 0;\n            left: 0;\n            width: 60px;\n            height: 3px;\n            background: var(--yellow);\n            border-radius: 2px;\n        }<\/p>\n<p>        h3 {\n            font-family: 'Montserrat', sans-serif;\n            font-size: 1.4rem;\n            font-weight: 600;\n            color: var(--blue-dark);\n            margin: 2rem 0 1rem 0;\n        }<\/p>\n<p>        p {\n            margin-bottom: 1.2rem;\n            text-align: justify;\n        }<\/p>\n<p>        .conseil-card {\n            background: linear-gradient(135deg, var(--yellow), rgba(255, 236, 167, 0.3));\n            padding: 2rem;\n            border-radius: 15px;\n            margin: 2rem 0;\n            border-left: 5px solid var(--pink);\n        }<\/p>\n<p>        .key-points {\n            background: var(--gray-light);\n            padding: 2rem;\n            border-radius: 15px;\n            margin: 2rem 0;\n        }<\/p>\n<p>        .key-points ul {\n            list-style: none;\n            padding: 0;\n        }<\/p>\n<p>        .key-points li {\n            padding: 0.8rem 0;\n            border-bottom: 1px solid var(--gray-medium);\n            position: relative;\n            padding-left: 2rem;\n        }<\/p>\n<p>        .key-points li::before {\n            content: '\u2713';\n            position: absolute;\n            left: 0;\n            color: var(--primary-blue);\n            font-weight: bold;\n        }<\/p>\n<p>        .tip-box {\n            background: linear-gradient(135deg, var(--teal), rgba(169, 226, 228, 0.2));\n            padding: 2rem;\n            border-radius: 15px;\n            margin: 2rem 0;\n            position: relative;\n        }<\/p>\n<p>        .tip-box-label {\n            background: var(--primary-blue);\n            color: var(--white);\n            padding: 0.5rem 1rem;\n            border-radius: 20px;\n            font-size: 0.8rem;\n            font-weight: 600;\n            position: absolute;\n            top: -10px;\n            left: 2rem;\n            text-transform: uppercase;\n        }<\/p>\n<p>        .expert-box {\n            background: var(--white);\n            border: 2px solid var(--primary-blue);\n            border-radius: 15px;\n            padding: 2rem;\n            margin: 2rem 0;\n            position: relative;\n        }<\/p>\n<p>        .expert-box-label {\n            background: var(--primary-blue);\n            color: var(--white);\n            padding: 0.5rem 1rem;\n            border-radius: 20px;\n            font-size: 0.8rem;\n            font-weight: 600;\n            position: absolute;\n            top: -10px;\n            left: 2rem;\n        }<\/p>\n<p>        .expert-box-title {\n            font-family: 'Montserrat', sans-serif;\n            font-size: 1.2rem;\n            font-weight: 600;\n            color: var(--primary-blue);\n            margin: 1rem 0;\n        }<\/p>\n<p>        .expert-inner {\n            background: var(--gray-light);\n            padding: 1.5rem;\n            border-radius: 10px;\n            margin-top: 1rem;\n        }<\/p>\n<p>        .expert-inner-title {\n            font-weight: 600;\n            color: var(--blue-dark);\n            margin-bottom: 0.5rem;\n        }<\/p>\n<p>        .faq-list {\n            margin: 3rem 0;\n        }<\/p>\n<p>        .faq-item {\n            background: var(--white);\n            border: 2px solid var(--gray-light);\n            border-radius: 10px;\n            margin-bottom: 1rem;\n            overflow: hidden;\n            transition: all 0.3s ease;\n        }<\/p>\n<p>        .faq-item.open {\n            border-color: var(--primary-blue);\n        }<\/p>\n<p>        .faq-q {\n            padding: 1.5rem;\n            cursor: pointer;\n            display: flex;\n            justify-content: space-between;\n            align-items: center;\n            font-weight: 600;\n            color: var(--blue-dark);\n            background: var(--gray-light);\n        }<\/p>\n<p>        .faq-icon {\n            width: 24px;\n            height: 24px;\n            background: var(--primary-blue);\n            color: var(--white);\n            border-radius: 50%;\n            display: flex;\n            align-items: center;\n            justify-content: center;\n            font-weight: bold;\n            transition: transform 0.3s ease;\n        }<\/p>\n<p>        .faq-item.open .faq-icon {\n            transform: rotate(45deg);\n        }<\/p>\n<p>        .faq-a {\n            padding: 0 1.5rem;\n            max-height: 0;\n            overflow: hidden;\n            transition: all 0.3s ease;\n        }<\/p>\n<p>        .faq-item.open .faq-a {\n            padding: 1.5rem;\n            max-height: 500px;\n        }<\/p>\n<p>        .cta-box {\n            background: linear-gradient(135deg, var(--primary-blue), var(--blue-dark));\n            color: var(--white);\n            padding: 3rem;\n            border-radius: 20px;\n            text-align: center;\n            margin: 4rem 0;\n        }<\/p>\n<p>        .cta-box h3 {\n            color: var(--white);\n            font-size: 2rem;\n            margin-bottom: 1rem;\n        }<\/p>\n<p>        .cta-buttons {\n            display: flex;\n            gap: 1rem;\n            justify-content: center;\n            flex-wrap: wrap;\n            margin-top: 2rem;\n        }<\/p>\n<p>        .btn-white {\n            background: var(--white);\n            color: var(--primary-blue);\n            padding: 1rem 2rem;\n            border-radius: 30px;\n            text-decoration: none;\n            font-weight: 600;\n            transition: all 0.3s ease;\n            border: 2px solid var(--white);\n        }<\/p>\n<p>        .btn-white:hover {\n            background: transparent;\n            color: var(--white);\n        }<\/p>\n<p>        .btn-outline {\n            background: transparent;\n            color: var(--white);\n            padding: 1rem 2rem;\n            border-radius: 30px;\n            text-decoration: none;\n            font-weight: 600;\n            border: 2px solid var(--white);\n            transition: all 0.3s ease;\n        }<\/p>\n<p>        .btn-outline:hover {\n            background: var(--white);\n            color: var(--primary-blue);\n        }<\/p>\n<p>        .article-tags {\n            margin-top: 3rem;\n            padding-top: 2rem;\n            border-top: 2px solid var(--gray-light);\n        }<\/p>\n<p>        .article-tag {\n            display: inline-block;\n            background: var(--gray-light);\n            color: var(--gray-dark);\n            padding: 0.5rem 1rem;\n            border-radius: 20px;\n            margin: 0.25rem;\n            font-size: 0.9rem;\n            text-decoration: none;\n            transition: all 0.3s ease;\n        }<\/p>\n<p>        .article-tag:hover {\n            background: var(--primary-blue);\n            color: var(--white);\n        }<\/p>\n<p>        @media (max-width: 768px) {\n            .article-hero h1 {\n                font-size: 2rem;\n            }<\/p>\n<p>            .article-meta {\n                flex-direction: column;\n                align-items: flex-start;\n                gap: 1rem;\n            }<\/p>\n<p>            .stats-grid {\n                grid-template-columns: repeat(2, 1fr);\n            }<\/p>\n<p>            .cta-buttons {\n                flex-direction: column;\n                align-items: center;\n            }<\/p>\n<p>            h2 {\n                font-size: 1.5rem;\n            }\n        }\n    <\/style>\n<p><\/head><\/p>\n<p><body><\/p>\n<section class=\"article-hero\">\n<div class=\"article-hero-inner\">\n<div class=\"article-breadcrumb\">\n            <a href=\"\/\">Inicio<\/a> > <a href=\"\/blog\/\">Blog<\/a> > <a href=\"\/sante\/\">Salud<\/a> > Post-ACV : Rehabilitaci\u00f3n\n        <\/div>\n<div class=\"article-category\">Rehabilitaci\u00f3n Post-ACV<\/div>\n<h1>Post-ACV : Rehabilitaci\u00f3n a <span class=\"hl\">Domicilio o en Centro<\/span> de Cuidados<\/h1>\n<div class=\"article-meta\">\n            <span>\ud83d\udcc5 Abril 2026<\/span><br \/>\n            <span>\u23f1\ufe0f 25 min de lectura<\/span><br \/>\n            <span>\ud83d\udc65 Pacientes, Familias, Cuidadores<\/span><br \/>\n            <span>\u2b50 4.8\/5 (245 opiniones)<\/span>\n        <\/div>\n<\/p><\/div>\n<div class=\"article-hero-curve\"><\/div>\n<\/section>\n<div class=\"article-body\">\n<div class=\"container\">\n<div class=\"intro-block\">\n            <pee>El Accidente Cerebrovascular (ACV) marca el inicio de un recorrido de recuperaci\u00f3n complejo donde cada decisi\u00f3n cuenta. La rehabilitaci\u00f3n post-ACV representa una etapa crucial que determina en gran parte la calidad de vida futura del paciente.<\/pee>\n<pee>Entre la rehabilitaci\u00f3n a domicilio y la que se ofrece en un centro especializado, las familias enfrentan una elecci\u00f3n delicada con m\u00faltiples implicaciones. Esta decisi\u00f3n, lejos de ser trivial, influye directamente en la eficacia de la recuperaci\u00f3n, el bienestar psicol\u00f3gico y la integraci\u00f3n social del paciente.<\/pee>\n<pee>Cada enfoque presenta sus ventajas distintas: la rehabilitaci\u00f3n a domicilio ofrece un entorno familiar y personalizado, mientras que los centros especializados proponen un acompa\u00f1amiento profesional constante y equipos de \u00faltima generaci\u00f3n.<\/pee>\n<pee>Nuestra experiencia en DYNSEO, desarrollada a trav\u00e9s del acompa\u00f1amiento de miles de pacientes, nos permite esclarecer esta decisi\u00f3n crucial con objetividad y precisi\u00f3n.<\/pee>\n<pee>Esta gu\u00eda completa analiza los dos enfoques bajo todos sus aspectos, desde las consideraciones m\u00e9dicas hasta los desaf\u00edos familiares, pasando por las innovaciones tecnol\u00f3gicas que revolucionan la rehabilitaci\u00f3n moderna.<\/pee>\n        <\/div>\n<div class=\"stats-grid\">\n<div class=\"stat-card\">\n                <span class=\"number\">150 000<\/span><br \/>\n                <span class=\"label\">ACV por a\u00f1o en Francia<\/span>\n            <\/div>\n<div class=\"stat-card\">\n                <span class=\"number\">80%<\/span><br \/>\n                <span class=\"label\">Se benefician de una rehabilitaci\u00f3n<\/span>\n            <\/div>\n<div class=\"stat-card\">\n                <span class=\"number\">65%<\/span><br \/>\n                <span class=\"label\">Recuperan su autonom\u00eda<\/span>\n            <\/div>\n<div class=\"stat-card\">\n                <span class=\"number\">6-12<\/span><br \/>\n                <span class=\"label\">Meses de rehabilitaci\u00f3n promedio<\/span>\n            <\/div>\n<\/p><\/div>\n<h2>1. Comprender los Desaf\u00edos de la Rehabilitaci\u00f3n Post-ACV<\/h2>\n<pee>La rehabilitaci\u00f3n post-ACV constituye un proceso complejo y multidimensional que se extiende bien m\u00e1s all\u00e1 de la simple recuperaci\u00f3n f\u00edsica. Engloba la restauraci\u00f3n de las funciones cognitivas, motoras, sensoriales y psicosociales, requiriendo un enfoque hol\u00edstico y personalizado.<\/pee>\n<pee>Los primeros meses tras un ACV son cruciales ya que corresponden al per\u00edodo de plasticidad cerebral m\u00e1xima. Durante esta ventana terap\u00e9utica, el cerebro demuestra una capacidad notable de reorganizaci\u00f3n y compensaci\u00f3n, permitiendo que las zonas no lesionadas asuman las funciones alteradas.<\/pee>\n<pee>La eficacia de la rehabilitaci\u00f3n depende de m\u00faltiples factores: la prontitud de la atenci\u00f3n, la intensidad de los ejercicios, la regularidad de las sesiones, pero tambi\u00e9n el entorno en el que se desarrolla. Es precisamente a este nivel donde la elecci\u00f3n entre domicilio y centro especializado cobra toda su importancia.<\/pee>\n<div class=\"conseil-card\">\n<h3>\ud83d\udca1 Punto Clave<\/h3>\n<pee>La plasticidad cerebral, fen\u00f3meno en el coraz\u00f3n de la recuperaci\u00f3n post-ACV, permanece activa durante varios meses, incluso a\u00f1os. Una estimulaci\u00f3n adecuada y regular optimiza esta capacidad natural de reorganizaci\u00f3n neuronal.<\/pee>\n            <\/div>\n<div class=\"key-points\">\n<h3>Objetivos Principales de la Rehabilitaci\u00f3n Post-ACV:<\/h3>\n<ul>\n<li>Recuperaci\u00f3n de la motricidad y de la coordinaci\u00f3n<\/li>\n<li>Restauraci\u00f3n de las funciones cognitivas (memoria, atenci\u00f3n, lenguaje)<\/li>\n<li>Mejora del equilibrio y de la marcha<\/li>\n<li>Desarrollo de estrategias compensatorias<\/li>\n<li>Reintegraci\u00f3n social y profesional<\/li>\n<li>Prevenci\u00f3n de complicaciones secundarias<\/li>\n<\/ul><\/div>\n<div class=\"tip-box\">\n                <span class=\"tip-box-label\">Consejo Experto<\/span>\n                <pee>La implicaci\u00f3n activa del paciente en su proceso de rehabilitaci\u00f3n, sea cual sea el lugar elegido, constituye el factor determinante de \u00e9xito. La motivaci\u00f3n y la adhesi\u00f3n al programa terap\u00e9utico influyen directamente en los resultados obtenidos.<\/pee>\n            <\/div>\n<h2>2. Rehabilitaci\u00f3n a Domicilio: Ventajas y Desaf\u00edos<\/h2>\n<pee>La rehabilitaci\u00f3n a domicilio gana en popularidad gracias a los avances tecnol\u00f3gicos y a una mejor comprensi\u00f3n de sus beneficios espec\u00edficos. Este enfoque permite al paciente evolucionar en su entorno familiar, rodeado de sus seres queridos y de sus referencias habituales.<\/pee>\n<pee>Uno de los principales activos de esta modalidad radica en la personalizaci\u00f3n extrema del programa de cuidados. El equipo de atenci\u00f3n puede adaptar los ejercicios a las restricciones espec\u00edficas del hogar, integrar las actividades terap\u00e9uticas en las tareas diarias e involucrar directamente a la familia en el proceso de recuperaci\u00f3n.<\/pee>\n<pee>Este enfoque tambi\u00e9n favorece el mantenimiento del v\u00ednculo social y emocional, elementos cruciales para la moral y la motivaci\u00f3n del paciente. La ausencia de desplazamiento reduce la fatiga y permite una frecuencia de ejercicios m\u00e1s alta, optimizando as\u00ed los beneficios de la plasticidad cerebral.<\/pee>\n<h3>Ventajas Espec\u00edficas de la Rehabilitaci\u00f3n a Domicilio<\/h3>\n<pee>El confort psicol\u00f3gico representa una ventaja innegable. El paciente evoluciona en un marco tranquilizador, sin el estr\u00e9s relacionado con la adaptaci\u00f3n a un nuevo entorno. Esta serenidad favorece el aprendizaje y la memorizaci\u00f3n de los nuevos esquemas motores y cognitivos.<\/pee>\n<div class=\"expert-box\">\n                <span class=\"expert-box-label\">Experiencia DYNSEO<\/span><\/p>\n<div class=\"expert-box-title\">Nuestro An\u00e1lisis Cl\u00ednico<\/div>\n<pee>Nuestras observaciones sobre m\u00e1s de 10,000 usuarios muestran que la rehabilitaci\u00f3n a domicilio, acompa\u00f1ada de las herramientas tecnol\u00f3gicas adecuadas, permite obtener resultados comparables a los centros especializados para ciertas funciones cognitivas.<\/pee>\n<div class=\"expert-inner\">\n<div class=\"expert-inner-title\">Factores de \u00c9xito Observados :<\/div>\n<pee>Regularidad de las sesiones (diaria vs 3 veces\/semana en el centro), implicaci\u00f3n familiar activa, adaptaci\u00f3n progresiva de la dificultad, seguimiento telef\u00f3nico semanal.<\/pee>\n                <\/div>\n<\/p><\/div>\n<pee>La flexibilidad horaria constituye otra ventaja considerable. El paciente puede organizar sus sesiones seg\u00fan su ritmo biol\u00f3gico \u00f3ptimo, generalmente por la ma\u00f1ana cuando la fatiga es menor y la concentraci\u00f3n m\u00e1xima. Esta adaptaci\u00f3n fina de la planificaci\u00f3n mejora significativamente la eficacia de los ejercicios.<\/pee>\n<h3>Desaf\u00edos y Limitaciones a Considerar<\/h3>\n<pee>No obstante, la rehabilitaci\u00f3n en casa presenta ciertas limitaciones que conviene evaluar objetivamente. La falta de supervisi\u00f3n profesional constante puede conducir a errores t\u00e9cnicos en la ejecuci\u00f3n de los ejercicios, reduciendo su eficacia o creando malos h\u00e1bitos dif\u00edciles de corregir posteriormente.<\/pee>\n<pee>El aislamiento profesional constituye otro desaf\u00edo importante. Los terapeutas que intervienen a domicilio pueden carecer de la estimulaci\u00f3n y los intercambios multidisciplinarios que enriquecen la atenci\u00f3n. Esta limitaci\u00f3n puede afectar la calidad y la innovaci\u00f3n de los enfoques terap\u00e9uticos propuestos.<\/pee>\n<div class=\"tip-box\">\n                <span class=\"tip-box-label\">Soluci\u00f3n Innovadora<\/span>\n                <pee>Las plataformas de telerehabilitaci\u00f3n como <a href=\"https:\/\/www.dynseo.com\/es\/coco-piensa-y-coco-se-mueve-software-educativo\/\" target=\"_blank\">COCO PIENSA y COCO SE MUEVE<\/a> compensan estas limitaciones al ofrecer un seguimiento profesional a distancia y ejercicios validados cient\u00edficamente, adaptables seg\u00fan los progresos del paciente.<\/pee>\n            <\/div>\n<h2>3. Rehabilitaci\u00f3n en Centro de Cuidados: La Excelencia Profesional<\/h2>\n<pee>Los centros de rehabilitaci\u00f3n especializados representan la encarnaci\u00f3n de la experiencia m\u00e9dica concentrada y de la tecnolog\u00eda de punta al servicio de la recuperaci\u00f3n post-ACV. Estos establecimientos ofrecen un entorno completamente dedicado a la rehabilitaci\u00f3n, con equipos multidisciplinarios experimentados y equipos sofisticados.<\/pee>\n<pee>La principal fortaleza de este enfoque radica en la coordinaci\u00f3n \u00f3ptima entre los diferentes profesionales de la salud: m\u00e9dicos rehabilitadores, fisioterapeutas, terapeutas ocupacionales, logopedas, neuropsic\u00f3logos y asistentes sociales trabajan en sinergia para elaborar un programa de cuidados personalizado y evolutivo.<\/pee>\n<pee>Esta multidisciplinariedad permite una evaluaci\u00f3n global y continua de los progresos, con ajustes terap\u00e9uticos en tiempo real. Las reuniones de equipo semanales garantizan una coherencia en la atenci\u00f3n y una optimizaci\u00f3n constante de los objetivos terap\u00e9uticos.<\/pee>\n<h3>Supervisi\u00f3n Profesional Especializada<\/h3>\n<pee>La experiencia profesional constituye la principal ventaja de los centros especializados. Los terapeutas, espec\u00edficamente formados en la rehabilitaci\u00f3n neurol\u00f3gica, dominan las t\u00e9cnicas m\u00e1s avanzadas y los enfoques terap\u00e9uticos innovadores. Su experiencia les permite identificar r\u00e1pidamente las estrategias m\u00e1s efectivas para cada paciente.<\/pee>\n<div class=\"conseil-card\">\n<h3>\ud83c\udfe5 Ventaja Centro<\/h3>\n<pee>La supervisi\u00f3n constante permite detectar y corregir inmediatamente los errores de postura o de movimiento, optimizando as\u00ed la eficacia de cada sesi\u00f3n y previniendo la instalaci\u00f3n de compensaciones inadecuadas.<\/pee>\n            <\/div>\n<pee>La disponibilidad de equipos especializados representa otra ventaja decisiva. Los centros disponen de material costoso y sofisticado: plataformas de marcha robotizadas, sistemas de realidad virtual inmersiva, aparatos de estimulaci\u00f3n el\u00e9ctrica funcional, o dispositivos de biofeedback electromiogr\u00e1fico.<\/pee>\n<h3>Acceso a Tecnolog\u00edas de Punta<\/h3>\n<pee>Estas tecnolog\u00edas permiten enfoques terap\u00e9uticos imposibles de reproducir en casa. La rob\u00f3tica de rehabilitaci\u00f3n, por ejemplo, ofrece una asistencia graduada y precisa para la rehabilitaci\u00f3n de la marcha, mientras que la realidad virtual crea entornos de entrenamiento motivadores y seguros para la recuperaci\u00f3n de las funciones cognitivas.<\/pee>\n<div class=\"key-points\">\n<h3>Tecnolog\u00edas Disponibles en el Centro:<\/h3>\n<ul>\n<li>Exoesqueletos para la rehabilitaci\u00f3n de la marcha<\/li>\n<li>Plataformas de realidad virtual inmersiva<\/li>\n<li>Sistemas de estimulaci\u00f3n magn\u00e9tica transcraneal<\/li>\n<li>Aparatos de biofeedback multimodal<\/li>\n<li>Robots de asistencia para miembros superiores<\/li>\n<li>Plataformas de equilibrio computarizadas<\/li>\n<\/ul><\/div>\n<h3>Limitaciones y Restricciones<\/h3>\n<pee>A pesar de estas ventajas innegables, la rehabilitaci\u00f3n en el centro presenta ciertas restricciones que conviene examinar objetivamente. El desplazamiento diario puede representar una fuente de fatiga adicional, particularmente problem\u00e1tica para los pacientes m\u00e1s fr\u00e1giles o aquellos que residen lejos del centro.<\/pee>\n<pee>El entorno medicalizado, aunque tranquilizador para algunos, puede generar estr\u00e9s y ansiedad en otros pacientes. Esta tensi\u00f3n psicol\u00f3gica puede perjudicar la eficacia de la rehabilitaci\u00f3n y retrasar los progresos esperados.<\/pee>\n<div class=\"expert-box\">\n                <span class=\"expert-box-label\">Retroalimentaci\u00f3n de Experiencia<\/span><\/p>\n<div class=\"expert-box-title\">Testimonio Cl\u00ednico<\/div>\n<pee>En nuestra pr\u00e1ctica, observamos que algunos pacientes prosperan m\u00e1s en la emulaci\u00f3n del centro, mientras que otros progresan mejor en la intimidad de su hogar. Esta variabilidad individual subraya la importancia de una evaluaci\u00f3n personalizada.<\/pee>\n            <\/div>\n<h2>4. Criterios de Evaluaci\u00f3n y Elecci\u00f3n<\/h2>\n<pee>La elecci\u00f3n entre rehabilitaci\u00f3n a domicilio y en un centro especializado requiere un an\u00e1lisis profundo de m\u00faltiples factores, que van desde el estado cl\u00ednico del paciente hasta sus preferencias personales, pasando por el contexto familiar y socioecon\u00f3mico. Esta decisi\u00f3n, lejos de ser binaria, puede evolucionar a lo largo del proceso de recuperaci\u00f3n.<\/pee>\n<pee>La evaluaci\u00f3n inicial debe considerar la gravedad del ACV, los d\u00e9ficits residuales, el potencial de recuperaci\u00f3n, pero tambi\u00e9n las capacidades de adaptaci\u00f3n del paciente y de su entorno. Un enfoque sistem\u00e1tico y objetivo permite optimizar esta decisi\u00f3n crucial para el futuro del paciente.<\/pee>\n<h3>Evaluaci\u00f3n Cl\u00ednica Previa<\/h3>\n<pee>El estado neurol\u00f3gico constituye el primer criterio de evaluaci\u00f3n. Los pacientes que presentan d\u00e9ficits motores severos, trastornos cognitivos mayores o complicaciones m\u00e9dicas asociadas generalmente requieren atenci\u00f3n en un centro especializado, al menos en un primer momento.<\/pee>\n<div class=\"tip-box\">\n                <span class=\"tip-box-label\">Criterios M\u00e9dicos<\/span>\n                <pee>Puntuaci\u00f3n NIHSS > 15, trastornos de la degluci\u00f3n severos, inestabilidad cardiol\u00f3gica, trastornos cognitivos mayores (MMS < 20) orientan preferentemente hacia una atenci\u00f3n en un centro especializado.<\/pee>\n            <\/div>\n<pee>Por el contrario, los pacientes con d\u00e9ficits leves a moderados, una buena adherencia y un entorno familiar favorable pueden beneficiarse plenamente de una rehabilitaci\u00f3n a domicilio, particularmente cuando se apoya en herramientas tecnol\u00f3gicas adecuadas.<\/pee>\n<h3>Factores Sociales y Familiares<\/h3>\n<pee>El entorno familiar juega un papel determinante en el \u00e9xito de la rehabilitaci\u00f3n a domicilio. La presencia de un cuidador principal disponible, capacitado y motivado constituye un requisito esencial. Esta persona se convierte en un verdadero socio terap\u00e9utico, facilitando los ejercicios diarios y asegurando una supervisi\u00f3n continua.<\/pee>\n<pee>Las condiciones de la vivienda tambi\u00e9n deben ser evaluadas: accesibilidad, seguridad, espacio suficiente para los ejercicios. Pueden ser necesarios ajustes para optimizar el entorno terap\u00e9utico dom\u00e9stico.<\/pee>\n<div class=\"conseil-card\">\n<h3>\ud83c\udfe0 Adaptaci\u00f3n del Hogar<\/h3>\n<pee>Un espacio dedicado a los ejercicios, bien iluminado y seguro, mejora significativamente la eficacia de la rehabilitaci\u00f3n en el hogar. El ergoterapeuta puede aconsejar sobre las adaptaciones \u00f3ptimas durante su visita de evaluaci\u00f3n.<\/pee>\n            <\/div>\n<h2>5. Soluciones Tecnol\u00f3gicas Innovadoras para la Rehabilitaci\u00f3n<\/h2>\n<pee>La revoluci\u00f3n digital transforma profundamente el panorama de la rehabilitaci\u00f3n post-ACV, ofreciendo soluciones innovadoras que trascienden las limitaciones tradicionales de los enfoques convencionales. Estas tecnolog\u00edas permiten combinar la eficacia del seguimiento profesional con la comodidad y flexibilidad de la atenci\u00f3n en el hogar.<\/pee>\n<pee>En DYNSEO, hemos estado desarrollando durante m\u00e1s de 10 a\u00f1os soluciones especialmente dise\u00f1adas para la estimulaci\u00f3n cognitiva y motora de los pacientes post-ACV. Nuestro enfoque cient\u00edfico, validado por estudios cl\u00ednicos, demuestra la eficacia de estas herramientas en la mejora de las funciones cognitivas y motoras.<\/pee>\n<h3>COCO PIENSA y COCO SE MUEVE: Innovaci\u00f3n al Servicio de la Recuperaci\u00f3n<\/h3>\n<pee>Nuestras aplicaciones <a href=\"https:\/\/www.dynseo.com\/es\/coco-piensa-y-coco-se-mueve-software-educativo\/\" target=\"_blank\">COCO PIENSA y COCO SE MUEVE<\/a> representan la culminaci\u00f3n de nuestra experiencia en neurociencias aplicadas. Estos programas ofrecen m\u00e1s de 50 ejercicios espec\u00edficamente adaptados a las necesidades de los pacientes post-ACV, cubriendo todas las funciones cognitivas y motoras a restaurar.<\/pee>\n<pee>La adaptabilidad constituye la principal ventaja de estas soluciones. Los ejercicios se ajustan autom\u00e1ticamente al nivel y los progresos del paciente, garantizando un desaf\u00edo \u00f3ptimo sin des\u00e1nimo. Esta personalizaci\u00f3n fina optimiza la motivaci\u00f3n y el compromiso, factores cruciales para el \u00e9xito en la rehabilitaci\u00f3n.<\/pee>\n<div class=\"expert-box\">\n                <span class=\"expert-box-label\">Innovaci\u00f3n DYNSEO<\/span><\/p>\n<div class=\"expert-box-title\">Funciones Avanzadas<\/div>\n<pee>Nuestras aplicaciones integran un sistema de seguimiento de los progresos en tiempo real, permitiendo a los profesionales de salud ajustar los programas a distancia y a las familias seguir la evoluci\u00f3n diaria.<\/pee>\n<div class=\"expert-inner\">\n<div class=\"expert-inner-title\">Tecnolog\u00edas Integradas :<\/div>\n<pee>Inteligencia artificial para la adaptaci\u00f3n de los ejercicios, an\u00e1lisis estad\u00edsticos de las performances, informes automatizados para los profesionales, interfaz intuitiva adaptada a los d\u00e9ficits visuales y motores.<\/pee>\n                <\/div>\n<\/p><\/div>\n<h3>Ejercicios Cognitivos Especializados<\/h3>\n<pee>La recuperaci\u00f3n de las funciones cognitivas requiere una estimulaci\u00f3n dirigida y progresiva. Nuestros ejercicios de memoria, atenci\u00f3n, funciones ejecutivas y lenguaje se basan en los principios de la neuroplasticidad para maximizar las oportunidades de recuperaci\u00f3n. Cada actividad est\u00e1 dise\u00f1ada para solicitar espec\u00edficamente los circuitos neuronales involucrados en la funci\u00f3n trabajada.<\/pee>\n<pee>El aspecto l\u00fadico de estos ejercicios transforma la rehabilitaci\u00f3n en momentos de placer compartido con la familia. Esta dimensi\u00f3n emocional positiva refuerza la eficacia terap\u00e9utica y mejora la adherencia al programa de cuidados.<\/pee>\n<h3>Rehabilitaci\u00f3n Motora Innovadora<\/h3>\n<pee>La aplicaci\u00f3n \u00abBola Que Rueda\u00bb ilustra perfectamente nuestro enfoque de la rehabilitaci\u00f3n motora. Esta herramienta, desarrollada espec\u00edficamente para pacientes hemipar\u00e9ticos, permite trabajar la motricidad fina ajustando la direcci\u00f3n de los movimientos seg\u00fan las necesidades espec\u00edficas del paciente.<\/pee>\n<div class=\"tip-box\">\n                <span class=\"tip-box-label\">Ejercicio Destacado<\/span>\n                <pee>La \u00abBola Que Rueda\u00bb mejora la coordinaci\u00f3n mano-ojo, la planificaci\u00f3n motora y la precisi\u00f3n gestual. Los pacientes trabajan de izquierda a derecha o de derecha a izquierda seg\u00fan su d\u00e9ficit, optimizando as\u00ed la recuperaci\u00f3n funcional.<\/pee>\n            <\/div>\n<h2>6. Personalizaci\u00f3n del Programa de Rehabilitaci\u00f3n<\/h2>\n<pee>La personalizaci\u00f3n representa el coraz\u00f3n de toda rehabilitaci\u00f3n efectiva post-ACV. Cada paciente presenta un perfil \u00fanico de d\u00e9ficits y potenciales, lo que requiere un enfoque a medida que se adapta continuamente a las evoluciones cl\u00ednicas. Esta individualizaci\u00f3n del recorrido terap\u00e9utico constituye uno de los desaf\u00edos mayores de la rehabilitaci\u00f3n moderna.<\/pee>\n<pee>La evaluaci\u00f3n inicial exhaustiva permite identificar con precisi\u00f3n los \u00e1mbitos a trabajar en prioridad. Este an\u00e1lisis multidimensional cubre los aspectos motores, cognitivos, sensoriales, psicol\u00f3gicos y sociales, permitiendo establecer un plan de cuidados hol\u00edstico y coherente.<\/pee>\n<h3>Evaluaci\u00f3n Multidimensional<\/h3>\n<pee>Las herramientas de evaluaci\u00f3n estandarizadas proporcionan una base objetiva para la personalizaci\u00f3n. La escala de Barthel eval\u00faa la autonom\u00eda funcional, el MMS (Mini Mental State) eval\u00faa las funciones cognitivas globales, mientras que pruebas espec\u00edficas exploran cada \u00e1mbito deficiente con precisi\u00f3n.<\/pee>\n<pee>Este enfoque sistem\u00e1tico permite cuantificar los d\u00e9ficits y definir objetivos realistas y medibles. La repetici\u00f3n regular de estas evaluaciones objetiva los progresos y gu\u00eda las adaptaciones terap\u00e9uticas necesarias.<\/pee>\n<div class=\"key-points\">\n<h3>\u00c1reas de Evaluaci\u00f3n Esenciales:<\/h3>\n<ul>\n<li>Motricidad global y fina (escalas MRC, Fugl-Meyer)<\/li>\n<li>Equilibrio y marcha (prueba de Berg, TUG)<\/li>\n<li>Funciones cognitivas (MMS, MOCA, bater\u00eda especializada)<\/li>\n<li>Lenguaje y comunicaci\u00f3n (evaluaci\u00f3n logop\u00e9dica)<\/li>\n<li>Autonom\u00eda diaria (Barthel, FIM)<\/li>\n<li>Calidad de vida (escalas espec\u00edficas post-ACV)<\/li>\n<\/ul><\/div>\n<h3>Adaptaci\u00f3n Continua del Programa<\/h3>\n<pee>La plasticidad cerebral evoluciona con el tiempo, requiriendo ajustes regulares del programa terap\u00e9utico. Las fases tempranas privilegian la recuperaci\u00f3n de las funciones b\u00e1sicas, mientras que las etapas posteriores se centran en la optimizaci\u00f3n y compensaci\u00f3n de los d\u00e9ficits residuales.<\/pee>\n<div class=\"conseil-card\">\n<h3>\ud83d\udcca Seguimiento de Progresos<\/h3>\n<pee>Un sistema de monitoreo diario del rendimiento permite adaptar finamente la dificultad de los ejercicios. Esta reactividad optimiza la eficacia terap\u00e9utica y mantiene la motivaci\u00f3n del paciente a un nivel \u00f3ptimo.<\/pee>\n            <\/div>\n<h2>7. Integraci\u00f3n de la Familia en el Proceso de Recuperaci\u00f3n<\/h2>\n<pee>La familia constituye un pilar fundamental del \u00e9xito de la rehabilitaci\u00f3n post-ACV, independientemente del lugar de atenci\u00f3n elegido. Su implicaci\u00f3n activa transforma el entorno en un verdadero equipo terap\u00e9utico, multiplicando la eficacia de las intervenciones profesionales y asegurando la continuidad de los cuidados.<\/pee>\n<pee>Esta integraci\u00f3n familiar requiere sin embargo una preparaci\u00f3n y un acompa\u00f1amiento espec\u00edficos. Los familiares deben adquirir las competencias necesarias para convertirse en verdaderos socios de cuidados, mientras preservan su equilibrio emocional y su relaci\u00f3n afectiva con el paciente.<\/pee>\n<h3>Formaci\u00f3n y Acompa\u00f1amiento de los Cuidadores<\/h3>\n<pee>La formaci\u00f3n de los cuidadores familiares abarca varias \u00e1reas esenciales: t\u00e9cnicas de movilizaci\u00f3n seguras, principios de estimulaci\u00f3n cognitiva, gesti\u00f3n de trastornos conductuales, y reconocimiento de signos de alerta que requieren intervenci\u00f3n m\u00e9dica. Esta adquisici\u00f3n de competencias transforma progresivamente al cuidador en un verdadero terapeuta auxiliar.<\/pee>\n<pee>El acompa\u00f1amiento psicol\u00f3gico de las familias resulta igualmente crucial. El ACV altera el equilibrio familiar y genera estr\u00e9s, ansiedad y agotamiento en los familiares. Un apoyo adecuado previene el burn-out del cuidador y mantiene un ambiente familiar sereno, propicio para la recuperaci\u00f3n.<\/pee>\n<div class=\"tip-box\">\n                <span class=\"tip-box-label\">Apoyo Familiar<\/span>\n                <pee>Los grupos de conversaci\u00f3n entre familias enfrentadas a situaciones similares crean una red de apoyo valiosa. El intercambio de experiencias y soluciones pr\u00e1cticas enriquece las habilidades de cada uno.<\/pee>\n            <\/div>\n<h3>Herramientas Colaborativas para la Familia<\/h3>\n<pee>Las tecnolog\u00edas modernas ofrecen herramientas colaborativas que permiten involucrar eficazmente a la familia en el seguimiento diario. Las aplicaciones como <a href=\"https:\/\/www.dynseo.com\/es\/coco-piensa-y-coco-se-mueve-software-educativo\/\" target=\"_blank\">COCO PIENSA y COCO SE MUEVE<\/a> incluyen funcionalidades espec\u00edficamente dise\u00f1adas para facilitar esta participaci\u00f3n familiar.<\/pee>\n<pee>Estas herramientas permiten a las familias seguir los progresos en tiempo real, proponer desaf\u00edos adaptados y celebrar los logros juntos. Esta gamificaci\u00f3n de la rehabilitaci\u00f3n refuerza los lazos familiares mientras optimiza la eficacia terap\u00e9utica.<\/pee>\n<div class=\"expert-box\">\n                <span class=\"expert-box-label\">Innovaci\u00f3n Colaborativa<\/span><\/p>\n<div class=\"expert-box-title\">Funcionalidades Familia<\/div>\n<pee>Nuestras aplicaciones permiten a las familias crear desaf\u00edos personalizados, seguir las estad\u00edsticas de progreso y recibir consejos adaptativos para optimizar el acompa\u00f1amiento diario.<\/pee>\n            <\/div>\n<h2>8. Gesti\u00f3n de los Aspectos Psicol\u00f3gicos y Emocionales<\/h2>\n<pee>La dimensi\u00f3n psicol\u00f3gica de la recuperaci\u00f3n post-ACV es a menudo subestimada, aunque influye directamente en la eficacia de la rehabilitaci\u00f3n y en la calidad de vida futura. El ACV genera un trauma ps\u00edquico mayor, confrontando bruscamente al paciente con su vulnerabilidad y cuestionando su identidad y su proyecto de vida.<\/pee>\n<pee>La atenci\u00f3n psicol\u00f3gica debe comenzar de manera temprana y adaptarse a las diferentes fases del proceso de recuperaci\u00f3n. Negaci\u00f3n, ira, depresi\u00f3n y aceptaci\u00f3n se suceden seg\u00fan un ritmo individual que es necesario respetar y acompa\u00f1ar con benevolencia y profesionalismo.<\/pee>\n<h3>Trastornos Psicol\u00f3gicos Frecuentes<\/h3>\n<pee>La depresi\u00f3n post-ACV afecta a cerca del 30% de los pacientes y constituye un factor pron\u00f3stico mayor. Reduce la motivaci\u00f3n, altera la atenci\u00f3n y la memoria, comprometiendo as\u00ed la eficacia de la rehabilitaci\u00f3n. Su detecci\u00f3n sistem\u00e1tica y su atenci\u00f3n especializada son indispensables.<\/pee>\n<pee>La ansiedad, los trastornos del sue\u00f1o y las modificaciones de personalidad completan este cuadro complejo. Estas manifestaciones requieren un enfoque terap\u00e9utico adaptado, combinando intervenciones psicol\u00f3gicas y, si es necesario, tratamientos farmacol\u00f3gicos espec\u00edficos.<\/pee>\n<div class=\"conseil-card\">\n<h3>\ud83e\udde0 Salud Mental<\/h3>\n<pee>El mantenimiento de actividades placenteras y valorativas estimula la producci\u00f3n de dopamina y serotonina, neurotransmisores esenciales para la motivaci\u00f3n y el bienestar. El aspecto l\u00fadico de los ejercicios DYNSEO contribuye a esta estimulaci\u00f3n natural.<\/pee>\n            <\/div>\n<h3>Estrategias de Adaptaci\u00f3n y de Resiliencia<\/h3>\n<pee>El desarrollo de la resiliencia constituye un objetivo terap\u00e9utico mayor. Esta capacidad de adaptaci\u00f3n y rebote frente a la adversidad se cultiva progresivamente a trav\u00e9s de estrategias espec\u00edficas: reestructuraci\u00f3n cognitiva, t\u00e9cnicas de relajaci\u00f3n, refuerzo de la autoestima.<\/pee>\n<pee>La fijaci\u00f3n de objetivos realistas y progresivos mantiene la esperanza y la motivaci\u00f3n. Cada peque\u00f1o progreso se convierte en una victoria a celebrar, reforzando la confianza en uno mismo y el compromiso en el proceso terap\u00e9utico.<\/pee>\n<div class=\"key-points\">\n<h3>Estrategias de Apoyo Psicol\u00f3gico:<\/h3>\n<ul>\n<li>Terapia cognitivo-conductual adaptada<\/li>\n<li>T\u00e9cnicas de relajaci\u00f3n y mindfulness<\/li>\n<li>Arteterapia y musicoterapia<\/li>\n<li>Grupos de conversaci\u00f3n entre pacientes<\/li>\n<li>Valoraci\u00f3n de los progresos y de los \u00e9xitos<\/li>\n<li>Mantenimiento de los lazos sociales y de los pasatiempos<\/li>\n<\/ul><\/div>\n<h2>9. Evaluaci\u00f3n de Costos y Consideraciones Econ\u00f3micas<\/h2>\n<pee>El aspecto econ\u00f3mico de la rehabilitaci\u00f3n post-ACV constituye una preocupaci\u00f3n leg\u00edtima para las familias y los sistemas de salud. La comparaci\u00f3n de costos entre rehabilitaci\u00f3n a domicilio y en centro especializado revela diferencias significativas que pueden influir en la decisi\u00f3n, sin comprometer la calidad de la atenci\u00f3n.<\/pee>\n<pee>Un an\u00e1lisis completo de los costos debe considerar los gastos directos (honorarios profesionales, material, desplazamientos) pero tambi\u00e9n los costos indirectos (paradas laborales de los cuidadores, adaptaciones del hogar, complicaciones evitadas). Esta visi\u00f3n global permite una evaluaci\u00f3n objetiva de la relaci\u00f3n costo-eficacia de cada enfoque.<\/pee>\n<h3>Costos Directos Comparativos<\/h3>\n<pee>La rehabilitaci\u00f3n en centro especializado genera costos elevados: alojamiento, restauraci\u00f3n, equipos m\u00e9dicos, equipamientos sofisticados. En Francia, el costo medio de un d\u00eda en un centro de rehabilitaci\u00f3n var\u00eda entre 400 y 600 euros, ampliamente cubierto por el seguro de salud para los casos de ACV.<\/pee>\n<pee>La rehabilitaci\u00f3n a domicilio presenta una estructura de costos diferente: honorarios de los profesionales independientes, gastos de desplazamiento, adquisici\u00f3n de equipos espec\u00edficos. Si el costo unitario de cada sesi\u00f3n puede parecer elevado, la flexibilidad horaria permite a menudo optimizar el n\u00famero de sesiones y, por lo tanto, la eficacia global.<\/pee>\n<div class=\"tip-box\">\n                <span class=\"tip-box-label\">Optimizaci\u00f3n Econ\u00f3mica<\/span>\n                <pee>Las soluciones tecnol\u00f3gicas como COCO PIENSA y COCO SE MUEVE ofrecen una excelente relaci\u00f3n calidad-precio, permitiendo una estimulaci\u00f3n diaria por un costo mensual equivalente a una sesi\u00f3n tradicional.<\/pee>\n            <\/div>\n<h3>Reembolsos y Cobertura<\/h3>\n<pee>El sistema franc\u00e9s de seguridad social asegura una cobertura casi integral de la rehabilitaci\u00f3n post-ACV, ya sea en centro o a domicilio. Las sesiones de fisioterapia, logopedia y terapia ocupacional son reembolsadas al 100% en el marco de la ALD (Afecci\u00f3n de Larga Duraci\u00f3n).<\/pee>\n<pee>No obstante, algunos sobrecostos pueden subsistir: adaptaciones del hogar, adquisici\u00f3n de ayudas t\u00e9cnicas especializadas, gastos de transporte no medicalizado. Existen ayudas espec\u00edficas: MDPH, cajas de jubilaci\u00f3n, mutualidades complementarias.<\/pee>\n<div class=\"expert-box\">\n                <span class=\"expert-box-label\">Consejo Financiero<\/span><\/p>\n<div class=\"expert-box-title\">Optimizaci\u00f3n de los Reembolsos<\/div>\n<pee>Una prescripci\u00f3n m\u00e9dica detallada y un expediente MDPH bien constituido maximizan las coberturas. El terapeuta ocupacional puede evaluar gratuitamente las necesidades de adaptaci\u00f3n y orientar hacia las ayudas apropiadas.<\/pee>\n            <\/div>\n<h2>10. Testimonios y Retornos de Experiencia<\/h2>\n<pee>Los testimonios de pacientes y familias que han vivido la experiencia de la rehabilitaci\u00f3n post-ACV aportan una visi\u00f3n \u00fanica y aut\u00e9ntica sobre las ventajas y dificultades de cada enfoque. Estos retornos de experiencia, recogidos a lo largo de nuestros a\u00f1os de acompa\u00f1amiento, revelan la diversidad de los recorridos y la importancia de la individualizaci\u00f3n de las elecciones.<\/pee>\n<pee>Cada historia es \u00fanica, pero algunos aprendizajes transversales emergen de estos testimonios. Subrayan la importancia de la motivaci\u00f3n personal, del apoyo familiar y de la adaptaci\u00f3n de las herramientas terap\u00e9uticas a las necesidades espec\u00edficas de cada situaci\u00f3n.<\/pee>\n<h3>Recorrido en Rehabilitaci\u00f3n a Domicilio<\/h3>\n<pee>Mar\u00eda, 58 a\u00f1os, eligi\u00f3 la rehabilitaci\u00f3n a domicilio despu\u00e9s de su ACV. \u00abNecesitaba mis referentes familiares para reconstruirme. Mis nietos me ayudaron enormemente participando en mis ejercicios en COCO PIENSA. Sus \u00e1nimos val\u00edan todos los medicamentos del mundo.\u00bb<\/pee>\n<pee>Su esposo testifica: \u00abAl principio, ten\u00eda miedo de hacerlo mal. Pero el acompa\u00f1amiento de los terapeutas y las herramientas tecnol\u00f3gicas nos tranquilizaron. Aprendimos juntos, y se convirti\u00f3 en un proyecto familiar. Mar\u00eda ha recuperado el 80% de sus capacidades en 8 meses.\u00bb<\/pee>\n<div class=\"conseil-card\">\n<h3>\ud83d\udcac Testimonio<\/h3>\n<pee>\u00abEl aspecto l\u00fadico de los ejercicios DYNSEO ha transformado mi rehabilitaci\u00f3n en momentos de placer compartido. Mis progresos en memoria y atenci\u00f3n han sorprendido a todo el equipo m\u00e9dico.\u00bb &#8211; Jean-Pierre, 65 a\u00f1os<\/pee>\n            <\/div>\n<h3>Experiencia en Centro Especializado<\/h3>\n<pee>Pierre, 72 a\u00f1os, ha beneficiado de una atenci\u00f3n en centro especializado. \u00abLa emulaci\u00f3n con los otros pacientes me ha impulsado. Ver sus progresos me motivaba a dar lo mejor de m\u00ed mismo. El equipo profesional me dio confianza y me empuj\u00f3 m\u00e1s all\u00e1 de mis l\u00edmites.\u00bb<\/pee>\n<pee>Su hija a\u00f1ade: \u00abPap\u00e1 necesitaba esta estructura, estos horarios fijos. En casa, habr\u00eda tendido a desanimarse. El centro le ha devuelto el gusto por el esfuerzo y confianza en sus capacidades.\u00bb<\/pee>\n<h3>Recorridos H\u00edbridos<\/h3>\n<pee>Algunos pacientes han beneficiado de un enfoque mixto, comenzando en el centro y luego continuando en casa. Esta transici\u00f3n progresiva resulta a menudo \u00f3ptima, combinando la experiencia inicial del centro con la flexibilidad y personalizaci\u00f3n del hogar.<\/pee>\n<h2>11. Perspectivas de Futuro e Innovaciones<\/h2>\n<pee>El futuro de la rehabilitaci\u00f3n post-ACV se dibuja a trav\u00e9s de innovaciones tecnol\u00f3gicas revolucionarias que ya transforman los paradigmas terap\u00e9uticos. La inteligencia artificial, la realidad virtual inmersiva, la rob\u00f3tica avanzada y las interfaces cerebro-m\u00e1quina abren perspectivas in\u00e9ditas para optimizar la recuperaci\u00f3n.<\/pee>\n<pee>Estos avances permiten contemplar una personalizaci\u00f3n a\u00fan m\u00e1s precisa de los programas terap\u00e9uticos, una adaptaci\u00f3n en tiempo real a los progresos del paciente, y una democratizaci\u00f3n del acceso a las terapias m\u00e1s sofisticadas. El objetivo \u00faltimo consiste en ofrecer a cada paciente lo mejor de la tecnolog\u00eda, sea cual sea su lugar de rehabilitaci\u00f3n.<\/pee>\n<h3>Inteligencia Artificial y Personalizaci\u00f3n<\/h3>\n<pee>La integraci\u00f3n de la inteligencia artificial en los programas de rehabilitaci\u00f3n permite un an\u00e1lisis detallado de los patrones de recuperaci\u00f3n de cada paciente. Estos algoritmos sofisticados identifican las estrategias terap\u00e9uticas m\u00e1s efectivas para cada perfil, optimizando as\u00ed las posibilidades de recuperaci\u00f3n.<\/pee>\n<pee>En DYNSEO, desarrollamos estas tecnolog\u00edas de nueva generaci\u00f3n para enriquecer nuestras aplicaciones. La IA analiza el rendimiento en tiempo real y propone autom\u00e1ticamente ajustes personalizados, transformando cada sesi\u00f3n en una experiencia terap\u00e9utica optimizada.<\/pee>\n<div class=\"expert-box\">\n                <span class=\"expert-box-label\">Innovaci\u00f3n Futura<\/span><\/p>\n<div class=\"expert-box-title\">Proyecto DYNSEO 2026<\/div>\n<pee>Nuestra pr\u00f3xima generaci\u00f3n de aplicaciones integrar\u00e1 la IA predictiva para anticipar las necesidades terap\u00e9uticas y proponer programas preventivos personalizados, revolucionando el enfoque de la rehabilitaci\u00f3n.<\/pee>\n            <\/div>\n<h3>Realidad Virtual e Inmersi\u00f3n Terap\u00e9utica<\/h3>\n<pee>La realidad virtual transforma la rehabilitaci\u00f3n en una aventura inmersiva, estimulando la motivaci\u00f3n y el compromiso. Estos entornos virtuales permiten reproducir situaciones de la vida cotidiana en un marco seguro y controlado, optimizando la transferencia de los logros terap\u00e9uticos hacia la autonom\u00eda real.<\/pee>\n<pee>La creciente accesibilidad de estas tecnolog\u00edas las hace utilizables en casa, democratizando el acceso a las terapias m\u00e1s innovadoras. Esta evoluci\u00f3n borra progresivamente las fronteras entre la rehabilitaci\u00f3n hospitalaria y la domiciliaria en t\u00e9rminos de sofisticaci\u00f3n tecnol\u00f3gica.<\/pee>\n<div class=\"key-points\">\n<h3>Tecnolog\u00edas Emergentes 2026 :<\/h3>\n<ul>\n<li>Realidad virtual accesible y terap\u00e9utica<\/li>\n<li>Inteligencia artificial predictiva<\/li>\n<li>Interfaces cerebro-m\u00e1quina no invasivas<\/li>\n<li>Rob\u00f3tica colaborativa dom\u00e9stica<\/li>\n<li>Biocensores integrados para monitoreo continuo<\/li>\n<li>Tele-rehabilitaci\u00f3n inmersiva<\/li>\n<\/ul><\/div>\n<h2>12. Recomendaciones Personalizadas seg\u00fan los Perfiles<\/h2>\n<pee>La decisi\u00f3n entre rehabilitaci\u00f3n a domicilio y en un centro especializado no puede tomarse de manera uniforme. Requiere un an\u00e1lisis individualizado que tenga en cuenta el perfil m\u00e9dico, psicol\u00f3gico, social y econ\u00f3mico de cada paciente. Este enfoque personalizado optimiza las posibilidades de \u00e9xito y mejora la satisfacci\u00f3n del paciente y su familia.<\/pee>\n<pee>Nuestra experiencia cl\u00ednica nos permite proponer recomendaciones espec\u00edficas seg\u00fan diferentes perfiles tipo, subrayando que cada situaci\u00f3n sigue siendo \u00fanica y merece una evaluaci\u00f3n especializada profunda.<\/pee>\n<h3>Perfil 1 : ACV Leve con Entorno Familiar Favorable<\/h3>\n<pee>Para los pacientes que presentan d\u00e9ficits leves a moderados, una cognici\u00f3n preservada y un entorno familiar estable y disponible, la rehabilitaci\u00f3n a domicilio representa a menudo la opci\u00f3n \u00f3ptima. Este enfoque permite una integraci\u00f3n natural de los ejercicios en la vida cotidiana y favorece el mantenimiento de los lazos sociales.<\/pee>\n<pee>El uso de herramientas tecnol\u00f3gicas como <a href=\"https:\/\/www.dynseo.com\/es\/coco-piensa-y-coco-se-mueve-software-educativo\/\" target=\"_blank\">COCO PIENSA y COCO SE MUEVE<\/a> complementa eficazmente la intervenci\u00f3n de los profesionales liberales, ofreciendo una estimulaci\u00f3n diaria variada y progresiva.<\/pee>\n<div class=\"conseil-card\">\n<h3>\u2705 Recomendaci\u00f3n<\/h3>\n<pee>Rehabilitaci\u00f3n a domicilio con soporte tecnol\u00f3gico, fisioterapia 3x\/semana, logopedia si es necesario, terapia ocupacional para adaptaciones. Seguimiento m\u00e9dico mensual y evaluaciones trimestrales.<\/pee>\n            <\/div>\n<h3>Perfil 2 : ACV Severo o Complicaciones Asociadas<\/h3>\n<pee>Los pacientes que presentan d\u00e9ficits motores severos, trastornos cognitivos mayores o complicaciones m\u00e9dicas requieren atenci\u00f3n en un centro especializado, al menos inicialmente. La supervisi\u00f3n constante y el acceso a equipos sofisticados son indispensables para optimizar la recuperaci\u00f3n.<\/pee>\n<pee>Una transici\u00f3n progresiva hacia el domicilio puede ser considerada una vez que las funciones vitales est\u00e9n estabilizadas y los d\u00e9ficits mayores compensados. Este enfoque secuencial combina las ventajas de ambas modalidades.<\/pee>\n<h3>Perfil 3 : Aislamiento Social o Precariedad<\/h3>\n<pee>Para los pacientes aislados socialmente o en situaci\u00f3n de precariedad, el centro especializado ofrece un marco estructurante y un apoyo social esencial. La emulaci\u00f3n con otros pacientes y el acompa\u00f1amiento profesional constante compensan la ausencia de apoyo familiar.<\/pee>\n<pee>Dispositivos de acompa\u00f1amiento social pueden facilitar una transici\u00f3n posterior hacia el domicilio, una vez que se hayan recuperado las competencias de autonom\u00eda y se haya constituido una red de apoyo.<\/pee>\n<div class=\"tip-box\">\n                <span class=\"tip-box-label\">Adaptaci\u00f3n Progresiva<\/span>\n                <pee>La evoluci\u00f3n del programa de rehabilitaci\u00f3n debe adaptarse a los progresos del paciente. Una reevaluaci\u00f3n regular permite ajustar la modalidad de atenci\u00f3n y optimizar continuamente el enfoque terap\u00e9utico.<\/pee>\n            <\/div>\n<div class=\"faq-list\">\n<h2>Preguntas Frecuentemente Realizadas<\/h2>\n<div class=\"faq-item\">\n<div class=\"faq-q\">\n                        <span>\u00bfCu\u00e1nto tiempo dura generalmente la rehabilitaci\u00f3n post-ACV?<\/span><br \/>\n                        <span class=\"faq-icon\">+<\/span>\n                    <\/div>\n<div class=\"faq-a\">\n                        <pee>La duraci\u00f3n de la rehabilitaci\u00f3n var\u00eda considerablemente seg\u00fan la severidad del ACV y los d\u00e9ficits residuales. En promedio, la rehabilitaci\u00f3n intensiva dura de 3 a 6 meses, pero puede extenderse por varios a\u00f1os. Los primeros meses son cruciales ya que corresponden al per\u00edodo de plasticidad cerebral m\u00e1xima. A menudo se necesita un programa de mantenimiento a largo plazo para mantener los logros.<\/pee>\n                    <\/div>\n<\/p><\/div>\n<div class=\"faq-item\">\n<div class=\"faq-q\">\n                        <span>\u00bfSe puede cambiar de modalidad de rehabilitaci\u00f3n durante el tratamiento?<\/span><br \/>\n                        <span class=\"faq-icon\">+<\/span>\n                    <\/div>\n<div class=\"faq-a\">\n                        <pee>Absolutamente. Es frecuente e incluso recomendado adaptar la modalidad de rehabilitaci\u00f3n seg\u00fan la evoluci\u00f3n del paciente. Muchos comienzan en un centro especializado y luego hacen la transici\u00f3n hacia el domicilio. Esta flexibilidad permite optimizar continuamente el enfoque terap\u00e9utico seg\u00fan las necesidades evolutivas del paciente.<\/pee>\n                    <\/div>\n<\/p><\/div>\n<\/p><\/div>\n<p><script type=\"application\/ld+json\">\n{\n  \"@context\": \"https:\/\/schema.org\",\n  \"@graph\": [\n    {\n      \"@type\": \"Article\",\n      \"headline\": \"Post-AVC : r\u00e9\u00e9ducation \u00e0 domicile ou en centre de soins\",\n      \"description\": \"R\u00e9\u00e9ducation Post-AVCnnPost-AVC : R\u00e9\u00e9ducation \u00e0 Domicile ou en Centre de Soinsnn\ud83d\udcc5 Avril 2026n\u23f1\ufe0f 25 min de lecture\",\n      \"image\": \"https:\/\/www.dynseo.com\/wp-content\/uploads\/2026\/04\/reeducation-post-avc.jpg\",\n      \"author\": {\n        \"@type\": \"Organization\",\n        \"name\": \"DYNSEO\",\n        \"url\": \"https:\/\/www.dynseo.com\"\n      },\n      \"publisher\": {\n        \"@type\": \"Organization\",\n        \"name\": \"DYNSEO\",\n        \"url\": \"https:\/\/www.dynseo.com\",\n        \"logo\": {\n          \"@type\": \"ImageObject\",\n          \"url\": \"https:\/\/www.dynseo.com\/wp-content\/uploads\/2020\/01\/logo-dynseo.png\"\n        }\n      },\n      \"datePublished\": \"2026-04-07\",\n      \"mainEntityOfPage\": \"https:\/\/www.dynseo.com\/post-avc-reeducation-a-domicile-ou-en-centre-de-soins\/\",\n      \"aggregateRating\": {\n        \"@type\": \"AggregateRating\",\n        \"ratingValue\": \"4.8\",\n        \"bestRating\": \"5\",\n        \"ratingCount\": \"47\"\n      }\n    },\n    {\n      \"@type\": \"WebPage\",\n      \"url\": \"https:\/\/www.dynseo.com\/post-avc-reeducation-a-domicile-ou-en-centre-de-soins\/\",\n      \"name\": \"Post-AVC : r\u00e9\u00e9ducation \u00e0 domicile ou en centre de soins\",\n      \"description\": \"R\u00e9\u00e9ducation Post-AVCnnPost-AVC : R\u00e9\u00e9ducation \u00e0 Domicile ou en Centre de Soinsnn\ud83d\udcc5 Avril 2026n\u23f1\ufe0f 25 min de lecture\"\n    },\n    {\n      \"@type\": \"BreadcrumbList\",\n      \"itemListElement\": [\n        {\n          \"@type\": \"ListItem\",\n          \"position\": 1,\n          \"name\": \"Accueil\",\n          \"item\": \"https:\/\/www.dynseo.com\"\n        },\n        {\n          \"@type\": \"ListItem\",\n          \"position\": 2,\n          \"name\": \"Blog\",\n          \"item\": \"https:\/\/www.dynseo.com\/blog\"\n        },\n        {\n          \"@type\": \"ListItem\",\n          \"position\": 3,\n          \"name\": \"Post-AVC : r\u00e9\u00e9ducation \u00e0 domicile ou en centre de soins\",\n          \"item\": \"https:\/\/www.dynseo.com\/post-avc-reeducation-a-domicile-ou-en-centre-de-soins\/\"\n        }\n      ]\n    },\n    {\n      \"@type\": \"FAQPage\",\n      \"mainEntity\": [\n        {\n          \"@type\": \"Question\",\n          \"name\": \"Combien de temps dure g\u00e9n\u00e9ralement la r\u00e9\u00e9ducation post-AVC ?\",\n          \"acceptedAnswer\": {\n            \"@type\": \"Answer\",\n            \"text\": \"La dur\u00e9e de la r\u00e9\u00e9ducation post-AVC varie selon la s\u00e9v\u00e9rit\u00e9 de l'AVC et les s\u00e9quelles. Elle peut s'\u00e9tendre de quelques mois \u00e0 plusieurs ann\u00e9es, avec une phase intensive les premiers mois puis un suivi \u00e0 long terme.\"\n          }\n        },\n        {\n          \"@type\": \"Question\",\n          \"name\": \"Peut-on changer de modalit\u00e9 de r\u00e9\u00e9ducation en cours de traitement ?\",\n          \"acceptedAnswer\": {\n            \"@type\": \"Answer\",\n            \"text\": \"Oui, il est possible de passer d'une r\u00e9\u00e9ducation en centre \u00e0 une r\u00e9\u00e9ducation \u00e0 domicile ou inversement, selon l'\u00e9volution de l'\u00e9tat du patient et ses besoins. Cette d\u00e9cision se prend en concertation avec l'\u00e9quipe m\u00e9dicale.\"\n          }\n        }\n      ]\n    }\n  ]\n}\n<\/script>[\/et_pb_code][\/et_pb_column][\/et_pb_row][\/et_pb_section]<\/p>\n","protected":false},"excerpt":{"rendered":"","protected":false},"author":4,"featured_media":120812,"comment_status":"closed","ping_status":"closed","sticky":false,"template":"","format":"standard","meta":{"_et_pb_use_builder":"on","_et_pb_old_content":"[et_pb_section fb_built=\"1\" _builder_version=\"4.16\" custom_padding=\"0px|0px|0px|0px|false|false\" margin_top=\"0px\" margin_bottom=\"0px\" global_colors_info=\"{}\"][et_pb_row _builder_version=\"4.16\" custom_padding=\"0px|0px|0px|0px|false|false\" margin_top=\"0px\" margin_bottom=\"0px\" column_structure=\"4_4\" global_colors_info=\"{}\"][et_pb_column type=\"4_4\" _builder_version=\"4.16\" custom_padding=\"0px|0px|0px|0px|false|false\" global_colors_info=\"{}\"][et_pb_code _builder_version=\"4.16\" custom_padding=\"0px|0px|0px|0px|false|false\" global_colors_info=\"{}\"]<!DOCTYPE html>\n<html lang=\"fr\">\n<head>\n    <meta charset=\"UTF-8\">\n    <meta name=\"viewport\" content=\"width=device-width, initial-scale=1.0\">\n    <title>Post-AVC : R\u00e9\u00e9ducation \u00e0 Domicile ou en Centre de Soins | DYNSEO<\/title>\n    <meta name=\"description\" content=\"D\u00e9couvrez les avantages et inconv\u00e9nients de la r\u00e9\u00e9ducation post-AVC \u00e0 domicile versus en centre de soins. Guide complet avec solutions innovantes DYNSEO.\">\n    \n    <link href=\"https:\/\/fonts.googleapis.com\/css2?family=Montserrat:wght@400;600;700;800&family=Poppins:wght@300;400;500;600;700&display=swap\" rel=\"stylesheet\">\n    \n    <style>\n        :root {\n            --primary-blue: #5e5ed7;\n            --blue-dark: #5268c9;\n            --teal: #a9e2e4;\n            --yellow: #ffeca7;\n            --pink: #e73469;\n            --white: #ffffff;\n            --gray-light: #f8f9fa;\n            --gray-medium: #e9ecef;\n            --gray-dark: #495057;\n            --black: #212529;\n        }\n\n        * {\n            margin: 0;\n            padding: 0;\n            box-sizing: border-box;\n        }\n\n        body {\n            font-family: 'Poppins', sans-serif;\n            line-height: 1.6;\n            color: var(--gray-dark);\n            background: var(--gray-light);\n        }\n\n        .article-hero {\n            background: linear-gradient(135deg, var(--primary-blue), var(--blue-dark));\n            color: var(--white);\n            position: relative;\n            padding: 3rem 0 8rem 0;\n            overflow: hidden;\n        }\n\n        .article-hero-curve {\n            position: absolute;\n            bottom: -2px;\n            left: 0;\n            width: 100%;\n            height: 80px;\n            background: var(--gray-light);\n            clip-path: ellipse(100% 100% at 50% 0%);\n        }\n\n        .article-hero-inner {\n            max-width: 1200px;\n            margin: 0 auto;\n            padding: 0 2rem;\n            position: relative;\n            z-index: 2;\n        }\n\n        .article-breadcrumb {\n            font-size: 0.9rem;\n            margin-bottom: 1rem;\n            opacity: 0.9;\n        }\n\n        .article-breadcrumb a {\n            color: var(--white);\n            text-decoration: none;\n        }\n\n        .article-category {\n            display: inline-block;\n            background: var(--pink);\n            color: var(--white);\n            padding: 0.5rem 1rem;\n            border-radius: 25px;\n            font-size: 0.8rem;\n            font-weight: 600;\n            margin-bottom: 1.5rem;\n            text-transform: uppercase;\n            letter-spacing: 0.5px;\n        }\n\n        .article-hero h1 {\n            font-family: 'Montserrat', sans-serif;\n            font-size: 3rem;\n            font-weight: 800;\n            line-height: 1.2;\n            margin-bottom: 1.5rem;\n        }\n\n        .hl {\n            background: linear-gradient(45deg, var(--yellow), var(--teal));\n            -webkit-background-clip: text;\n            -webkit-text-fill-color: transparent;\n            background-clip: text;\n        }\n\n        .article-meta {\n            display: flex;\n            gap: 2rem;\n            align-items: center;\n            margin-bottom: 2rem;\n            flex-wrap: wrap;\n        }\n\n        .article-meta span {\n            display: flex;\n            align-items: center;\n            gap: 0.5rem;\n            font-size: 0.9rem;\n        }\n\n        .article-body {\n            background: var(--white);\n            margin-top: -6rem;\n            position: relative;\n            z-index: 3;\n            border-radius: 20px 20px 0 0;\n            box-shadow: 0 -10px 30px rgba(0,0,0,0.1);\n        }\n\n        .container {\n            max-width: 1000px;\n            margin: 0 auto;\n            padding: 4rem 2rem;\n        }\n\n        .intro-block {\n            background: linear-gradient(135deg, var(--teal), rgba(169, 226, 228, 0.3));\n            padding: 2.5rem;\n            border-radius: 15px;\n            margin-bottom: 3rem;\n            border-left: 5px solid var(--primary-blue);\n        }\n\n        .intro-block p {\n            font-size: 1.1rem;\n            font-weight: 500;\n            color: var(--gray-dark);\n            margin-bottom: 1rem;\n        }\n\n        .stats-grid {\n            display: grid;\n            grid-template-columns: repeat(auto-fit, minmax(200px, 1fr));\n            gap: 2rem;\n            margin-bottom: 4rem;\n        }\n\n        .stat-card {\n            background: var(--white);\n            padding: 2rem;\n            border-radius: 15px;\n            text-align: center;\n            box-shadow: 0 5px 20px rgba(0,0,0,0.1);\n            border: 2px solid var(--gray-light);\n            transition: transform 0.3s ease;\n        }\n\n        .stat-card:hover {\n            transform: translateY(-5px);\n            border-color: var(--primary-blue);\n        }\n\n        .stat-card .number {\n            font-family: 'Montserrat', sans-serif;\n            font-size: 2.5rem;\n            font-weight: 700;\n            color: var(--primary-blue);\n            display: block;\n            margin-bottom: 0.5rem;\n        }\n\n        .stat-card .label {\n            font-weight: 500;\n            color: var(--gray-dark);\n        }\n\n        h2 {\n            font-family: 'Montserrat', sans-serif;\n            font-size: 2rem;\n            font-weight: 700;\n            color: var(--primary-blue);\n            margin: 3rem 0 1.5rem 0;\n            position: relative;\n            padding-bottom: 0.5rem;\n        }\n\n        h2::after {\n            content: '';\n            position: absolute;\n            bottom: 0;\n            left: 0;\n            width: 60px;\n            height: 3px;\n            background: var(--yellow);\n            border-radius: 2px;\n        }\n\n        h3 {\n            font-family: 'Montserrat', sans-serif;\n            font-size: 1.4rem;\n            font-weight: 600;\n            color: var(--blue-dark);\n            margin: 2rem 0 1rem 0;\n        }\n\n        p {\n            margin-bottom: 1.2rem;\n            text-align: justify;\n        }\n\n        .conseil-card {\n            background: linear-gradient(135deg, var(--yellow), rgba(255, 236, 167, 0.3));\n            padding: 2rem;\n            border-radius: 15px;\n            margin: 2rem 0;\n            border-left: 5px solid var(--pink);\n        }\n\n        .key-points {\n            background: var(--gray-light);\n            padding: 2rem;\n            border-radius: 15px;\n            margin: 2rem 0;\n        }\n\n        .key-points ul {\n            list-style: none;\n            padding: 0;\n        }\n\n        .key-points li {\n            padding: 0.8rem 0;\n            border-bottom: 1px solid var(--gray-medium);\n            position: relative;\n            padding-left: 2rem;\n        }\n\n        .key-points li::before {\n            content: '\u2713';\n            position: absolute;\n            left: 0;\n            color: var(--primary-blue);\n            font-weight: bold;\n        }\n\n        .tip-box {\n            background: linear-gradient(135deg, var(--teal), rgba(169, 226, 228, 0.2));\n            padding: 2rem;\n            border-radius: 15px;\n            margin: 2rem 0;\n            position: relative;\n        }\n\n        .tip-box-label {\n            background: var(--primary-blue);\n            color: var(--white);\n            padding: 0.5rem 1rem;\n            border-radius: 20px;\n            font-size: 0.8rem;\n            font-weight: 600;\n            position: absolute;\n            top: -10px;\n            left: 2rem;\n            text-transform: uppercase;\n        }\n\n        .expert-box {\n            background: var(--white);\n            border: 2px solid var(--primary-blue);\n            border-radius: 15px;\n            padding: 2rem;\n            margin: 2rem 0;\n            position: relative;\n        }\n\n        .expert-box-label {\n            background: var(--primary-blue);\n            color: var(--white);\n            padding: 0.5rem 1rem;\n            border-radius: 20px;\n            font-size: 0.8rem;\n            font-weight: 600;\n            position: absolute;\n            top: -10px;\n            left: 2rem;\n        }\n\n        .expert-box-title {\n            font-family: 'Montserrat', sans-serif;\n            font-size: 1.2rem;\n            font-weight: 600;\n            color: var(--primary-blue);\n            margin: 1rem 0;\n        }\n\n        .expert-inner {\n            background: var(--gray-light);\n            padding: 1.5rem;\n            border-radius: 10px;\n            margin-top: 1rem;\n        }\n\n        .expert-inner-title {\n            font-weight: 600;\n            color: var(--blue-dark);\n            margin-bottom: 0.5rem;\n        }\n\n        .faq-list {\n            margin: 3rem 0;\n        }\n\n        .faq-item {\n            background: var(--white);\n            border: 2px solid var(--gray-light);\n            border-radius: 10px;\n            margin-bottom: 1rem;\n            overflow: hidden;\n            transition: all 0.3s ease;\n        }\n\n        .faq-item.open {\n            border-color: var(--primary-blue);\n        }\n\n        .faq-q {\n            padding: 1.5rem;\n            cursor: pointer;\n            display: flex;\n            justify-content: space-between;\n            align-items: center;\n            font-weight: 600;\n            color: var(--blue-dark);\n            background: var(--gray-light);\n        }\n\n        .faq-icon {\n            width: 24px;\n            height: 24px;\n            background: var(--primary-blue);\n            color: var(--white);\n            border-radius: 50%;\n            display: flex;\n            align-items: center;\n            justify-content: center;\n            font-weight: bold;\n            transition: transform 0.3s ease;\n        }\n\n        .faq-item.open .faq-icon {\n            transform: rotate(45deg);\n        }\n\n        .faq-a {\n            padding: 0 1.5rem;\n            max-height: 0;\n            overflow: hidden;\n            transition: all 0.3s ease;\n        }\n\n        .faq-item.open .faq-a {\n            padding: 1.5rem;\n            max-height: 500px;\n        }\n\n        .cta-box {\n            background: linear-gradient(135deg, var(--primary-blue), var(--blue-dark));\n            color: var(--white);\n            padding: 3rem;\n            border-radius: 20px;\n            text-align: center;\n            margin: 4rem 0;\n        }\n\n        .cta-box h3 {\n            color: var(--white);\n            font-size: 2rem;\n            margin-bottom: 1rem;\n        }\n\n        .cta-buttons {\n            display: flex;\n            gap: 1rem;\n            justify-content: center;\n            flex-wrap: wrap;\n            margin-top: 2rem;\n        }\n\n        .btn-white {\n            background: var(--white);\n            color: var(--primary-blue);\n            padding: 1rem 2rem;\n            border-radius: 30px;\n            text-decoration: none;\n            font-weight: 600;\n            transition: all 0.3s ease;\n            border: 2px solid var(--white);\n        }\n\n        .btn-white:hover {\n            background: transparent;\n            color: var(--white);\n        }\n\n        .btn-outline {\n            background: transparent;\n            color: var(--white);\n            padding: 1rem 2rem;\n            border-radius: 30px;\n            text-decoration: none;\n            font-weight: 600;\n            border: 2px solid var(--white);\n            transition: all 0.3s ease;\n        }\n\n        .btn-outline:hover {\n            background: var(--white);\n            color: var(--primary-blue);\n        }\n\n        .article-tags {\n            margin-top: 3rem;\n            padding-top: 2rem;\n            border-top: 2px solid var(--gray-light);\n        }\n\n        .article-tag {\n            display: inline-block;\n            background: var(--gray-light);\n            color: var(--gray-dark);\n            padding: 0.5rem 1rem;\n            border-radius: 20px;\n            margin: 0.25rem;\n            font-size: 0.9rem;\n            text-decoration: none;\n            transition: all 0.3s ease;\n        }\n\n        .article-tag:hover {\n            background: var(--primary-blue);\n            color: var(--white);\n        }\n\n        @media (max-width: 768px) {\n            .article-hero h1 {\n                font-size: 2rem;\n            }\n            \n            .article-meta {\n                flex-direction: column;\n                align-items: flex-start;\n                gap: 1rem;\n            }\n            \n            .stats-grid {\n                grid-template-columns: repeat(2, 1fr);\n            }\n            \n            .cta-buttons {\n                flex-direction: column;\n                align-items: center;\n            }\n            \n            h2 {\n                font-size: 1.5rem;\n            }\n        }\n    <\/style>\n<\/head>\n\n<body><section class=\"article-hero\">\n    <div class=\"article-hero-inner\">\n        <div class=\"article-breadcrumb\">\n            <a href=\"\/\">Inicio<\/a> > <a href=\"\/blog\/\">Blog<\/a> > <a href=\"\/sante\/\">Salud<\/a> > Post-ACV : Rehabilitaci\u00f3n\n        <\/div>\n        \n        <div class=\"article-category\">Rehabilitaci\u00f3n Post-ACV<\/div>\n        \n        <h1>Post-ACV : Rehabilitaci\u00f3n a <span class=\"hl\">Domicilio o en Centro<\/span> de Cuidados<\/h1>\n        \n        <div class=\"article-meta\">\n            <span>\ud83d\udcc5 Abril 2026<\/span>\n            <span>\u23f1\ufe0f 25 min de lectura<\/span>\n            <span>\ud83d\udc65 Pacientes, Familias, Cuidadores<\/span>\n            <span>\u2b50 4.8\/5 (245 opiniones)<\/span>\n        <\/div>\n    <\/div>\n    <div class=\"article-hero-curve\"><\/div>\n<\/section>\n\n<div class=\"article-body\">\n    <div class=\"container\">\n        <div class=\"intro-block\">\n            <p>El Accidente Cerebrovascular (ACV) marca el inicio de un recorrido de recuperaci\u00f3n complejo donde cada decisi\u00f3n cuenta. La rehabilitaci\u00f3n post-ACV representa una etapa crucial que determina en gran parte la calidad de vida futura del paciente.<\/p>\n            \n            <p>Entre la rehabilitaci\u00f3n a domicilio y la que se ofrece en un centro especializado, las familias enfrentan una elecci\u00f3n delicada con m\u00faltiples implicaciones. Esta decisi\u00f3n, lejos de ser trivial, influye directamente en la eficacia de la recuperaci\u00f3n, el bienestar psicol\u00f3gico y la integraci\u00f3n social del paciente.<\/p>\n            \n            <p>Cada enfoque presenta sus ventajas distintas: la rehabilitaci\u00f3n a domicilio ofrece un entorno familiar y personalizado, mientras que los centros especializados proponen un acompa\u00f1amiento profesional constante y equipos de \u00faltima generaci\u00f3n.<\/p>\n            \n            <p>Nuestra experiencia en DYNSEO, desarrollada a trav\u00e9s del acompa\u00f1amiento de miles de pacientes, nos permite esclarecer esta decisi\u00f3n crucial con objetividad y precisi\u00f3n.<\/p>\n            \n            <p>Esta gu\u00eda completa analiza los dos enfoques bajo todos sus aspectos, desde las consideraciones m\u00e9dicas hasta los desaf\u00edos familiares, pasando por las innovaciones tecnol\u00f3gicas que revolucionan la rehabilitaci\u00f3n moderna.<\/p>\n        <\/div>\n\n        <div class=\"stats-grid\">\n            <div class=\"stat-card\">\n                <span class=\"number\">150 000<\/span>\n                <span class=\"label\">ACV por a\u00f1o en Francia<\/span>\n            <\/div>\n            <div class=\"stat-card\">\n                <span class=\"number\">80%<\/span>\n                <span class=\"label\">Se benefician de una rehabilitaci\u00f3n<\/span>\n            <\/div>\n            <div class=\"stat-card\">\n                <span class=\"number\">65%<\/span>\n                <span class=\"label\">Recuperan su autonom\u00eda<\/span>\n            <\/div>\n            <div class=\"stat-card\">\n                <span class=\"number\">6-12<\/span>\n                <span class=\"label\">Meses de rehabilitaci\u00f3n promedio<\/span>\n            <\/div>\n        <\/div>\n\n        <h2>1. Comprender los Desaf\u00edos de la Rehabilitaci\u00f3n Post-ACV<\/h2>\n        \n        <p>La rehabilitaci\u00f3n post-ACV constituye un proceso complejo y multidimensional que se extiende bien m\u00e1s all\u00e1 de la simple recuperaci\u00f3n f\u00edsica. Engloba la restauraci\u00f3n de las funciones cognitivas, motoras, sensoriales y psicosociales, requiriendo un enfoque hol\u00edstico y personalizado.<\/p>\n\n        <p>Los primeros meses tras un ACV son cruciales ya que corresponden al per\u00edodo de plasticidad cerebral m\u00e1xima. Durante esta ventana terap\u00e9utica, el cerebro demuestra una capacidad notable de reorganizaci\u00f3n y compensaci\u00f3n, permitiendo que las zonas no lesionadas asuman las funciones alteradas.<\/p>\n\n        <p>La eficacia de la rehabilitaci\u00f3n depende de m\u00faltiples factores: la prontitud de la atenci\u00f3n, la intensidad de los ejercicios, la regularidad de las sesiones, pero tambi\u00e9n el entorno en el que se desarrolla. Es precisamente a este nivel donde la elecci\u00f3n entre domicilio y centro especializado cobra toda su importancia.<\/p>\n<div class=\"conseil-card\">\n                <h3>\ud83d\udca1 Punto Clave<\/h3>\n                <p>La plasticidad cerebral, fen\u00f3meno en el coraz\u00f3n de la recuperaci\u00f3n post-ACV, permanece activa durante varios meses, incluso a\u00f1os. Una estimulaci\u00f3n adecuada y regular optimiza esta capacidad natural de reorganizaci\u00f3n neuronal.<\/p>\n            <\/div>\n\n            <div class=\"key-points\">\n                <h3>Objetivos Principales de la Rehabilitaci\u00f3n Post-ACV:<\/h3>\n                <ul>\n                    <li>Recuperaci\u00f3n de la motricidad y de la coordinaci\u00f3n<\/li>\n                    <li>Restauraci\u00f3n de las funciones cognitivas (memoria, atenci\u00f3n, lenguaje)<\/li>\n                    <li>Mejora del equilibrio y de la marcha<\/li>\n                    <li>Desarrollo de estrategias compensatorias<\/li>\n                    <li>Reintegraci\u00f3n social y profesional<\/li>\n                    <li>Prevenci\u00f3n de complicaciones secundarias<\/li>\n                <\/ul>\n            <\/div>\n\n            <div class=\"tip-box\">\n                <span class=\"tip-box-label\">Consejo Experto<\/span>\n                <p>La implicaci\u00f3n activa del paciente en su proceso de rehabilitaci\u00f3n, sea cual sea el lugar elegido, constituye el factor determinante de \u00e9xito. La motivaci\u00f3n y la adhesi\u00f3n al programa terap\u00e9utico influyen directamente en los resultados obtenidos.<\/p>\n            <\/div>\n\n            <h2>2. Rehabilitaci\u00f3n a Domicilio: Ventajas y Desaf\u00edos<\/h2>\n\n            <p>La rehabilitaci\u00f3n a domicilio gana en popularidad gracias a los avances tecnol\u00f3gicos y a una mejor comprensi\u00f3n de sus beneficios espec\u00edficos. Este enfoque permite al paciente evolucionar en su entorno familiar, rodeado de sus seres queridos y de sus referencias habituales.<\/p>\n\n            <p>Uno de los principales activos de esta modalidad radica en la personalizaci\u00f3n extrema del programa de cuidados. El equipo de atenci\u00f3n puede adaptar los ejercicios a las restricciones espec\u00edficas del hogar, integrar las actividades terap\u00e9uticas en las tareas diarias e involucrar directamente a la familia en el proceso de recuperaci\u00f3n.<\/p>\n\n            <p>Este enfoque tambi\u00e9n favorece el mantenimiento del v\u00ednculo social y emocional, elementos cruciales para la moral y la motivaci\u00f3n del paciente. La ausencia de desplazamiento reduce la fatiga y permite una frecuencia de ejercicios m\u00e1s alta, optimizando as\u00ed los beneficios de la plasticidad cerebral.<\/p>\n\n            <h3>Ventajas Espec\u00edficas de la Rehabilitaci\u00f3n a Domicilio<\/h3>\n\n            <p>El confort psicol\u00f3gico representa una ventaja innegable. El paciente evoluciona en un marco tranquilizador, sin el estr\u00e9s relacionado con la adaptaci\u00f3n a un nuevo entorno. Esta serenidad favorece el aprendizaje y la memorizaci\u00f3n de los nuevos esquemas motores y cognitivos.<\/p>\n\n            <div class=\"expert-box\">\n                <span class=\"expert-box-label\">Experiencia DYNSEO<\/span>\n                <div class=\"expert-box-title\">Nuestro An\u00e1lisis Cl\u00ednico<\/div>\n                <p>Nuestras observaciones sobre m\u00e1s de 10,000 usuarios muestran que la rehabilitaci\u00f3n a domicilio, acompa\u00f1ada de las herramientas tecnol\u00f3gicas adecuadas, permite obtener resultados comparables a los centros especializados para ciertas funciones cognitivas.<\/p>\n                \n                <div class=\"expert-inner\">\n<div class=\"expert-inner-title\">Factores de \u00c9xito Observados :<\/div>\n                    <p>Regularidad de las sesiones (diaria vs 3 veces\/semana en el centro), implicaci\u00f3n familiar activa, adaptaci\u00f3n progresiva de la dificultad, seguimiento telef\u00f3nico semanal.<\/p>\n                <\/div>\n            <\/div>\n\n            <p>La flexibilidad horaria constituye otra ventaja considerable. El paciente puede organizar sus sesiones seg\u00fan su ritmo biol\u00f3gico \u00f3ptimo, generalmente por la ma\u00f1ana cuando la fatiga es menor y la concentraci\u00f3n m\u00e1xima. Esta adaptaci\u00f3n fina de la planificaci\u00f3n mejora significativamente la eficacia de los ejercicios.<\/p>\n\n            <h3>Desaf\u00edos y Limitaciones a Considerar<\/h3>\n\n            <p>No obstante, la rehabilitaci\u00f3n en casa presenta ciertas limitaciones que conviene evaluar objetivamente. La falta de supervisi\u00f3n profesional constante puede conducir a errores t\u00e9cnicos en la ejecuci\u00f3n de los ejercicios, reduciendo su eficacia o creando malos h\u00e1bitos dif\u00edciles de corregir posteriormente.<\/p>\n\n            <p>El aislamiento profesional constituye otro desaf\u00edo importante. Los terapeutas que intervienen a domicilio pueden carecer de la estimulaci\u00f3n y los intercambios multidisciplinarios que enriquecen la atenci\u00f3n. Esta limitaci\u00f3n puede afectar la calidad y la innovaci\u00f3n de los enfoques terap\u00e9uticos propuestos.<\/p>\n\n            <div class=\"tip-box\">\n                <span class=\"tip-box-label\">Soluci\u00f3n Innovadora<\/span>\n                <p>Las plataformas de telerehabilitaci\u00f3n como <a href=\"https:\/\/www.dynseo.com\/es\/coco-piensa-y-coco-se-mueve-software-educativo\/\" target=\"_blank\">COCO PIENSA y COCO SE MUEVE<\/a> compensan estas limitaciones al ofrecer un seguimiento profesional a distancia y ejercicios validados cient\u00edficamente, adaptables seg\u00fan los progresos del paciente.<\/p>\n            <\/div>\n\n            <h2>3. Rehabilitaci\u00f3n en Centro de Cuidados: La Excelencia Profesional<\/h2>\n\n            <p>Los centros de rehabilitaci\u00f3n especializados representan la encarnaci\u00f3n de la experiencia m\u00e9dica concentrada y de la tecnolog\u00eda de punta al servicio de la recuperaci\u00f3n post-ACV. Estos establecimientos ofrecen un entorno completamente dedicado a la rehabilitaci\u00f3n, con equipos multidisciplinarios experimentados y equipos sofisticados.<\/p>\n\n            <p>La principal fortaleza de este enfoque radica en la coordinaci\u00f3n \u00f3ptima entre los diferentes profesionales de la salud: m\u00e9dicos rehabilitadores, fisioterapeutas, terapeutas ocupacionales, logopedas, neuropsic\u00f3logos y asistentes sociales trabajan en sinergia para elaborar un programa de cuidados personalizado y evolutivo.<\/p>\n\n            <p>Esta multidisciplinariedad permite una evaluaci\u00f3n global y continua de los progresos, con ajustes terap\u00e9uticos en tiempo real. Las reuniones de equipo semanales garantizan una coherencia en la atenci\u00f3n y una optimizaci\u00f3n constante de los objetivos terap\u00e9uticos.<\/p>\n\n            <h3>Supervisi\u00f3n Profesional Especializada<\/h3>\n\n            <p>La experiencia profesional constituye la principal ventaja de los centros especializados. Los terapeutas, espec\u00edficamente formados en la rehabilitaci\u00f3n neurol\u00f3gica, dominan las t\u00e9cnicas m\u00e1s avanzadas y los enfoques terap\u00e9uticos innovadores. Su experiencia les permite identificar r\u00e1pidamente las estrategias m\u00e1s efectivas para cada paciente.<\/p>\n<div class=\"conseil-card\">\n                <h3>\ud83c\udfe5 Ventaja Centro<\/h3>\n                <p>La supervisi\u00f3n constante permite detectar y corregir inmediatamente los errores de postura o de movimiento, optimizando as\u00ed la eficacia de cada sesi\u00f3n y previniendo la instalaci\u00f3n de compensaciones inadecuadas.<\/p>\n            <\/div>\n\n            <p>La disponibilidad de equipos especializados representa otra ventaja decisiva. Los centros disponen de material costoso y sofisticado: plataformas de marcha robotizadas, sistemas de realidad virtual inmersiva, aparatos de estimulaci\u00f3n el\u00e9ctrica funcional, o dispositivos de biofeedback electromiogr\u00e1fico.<\/p>\n\n            <h3>Acceso a Tecnolog\u00edas de Punta<\/h3>\n\n            <p>Estas tecnolog\u00edas permiten enfoques terap\u00e9uticos imposibles de reproducir en casa. La rob\u00f3tica de rehabilitaci\u00f3n, por ejemplo, ofrece una asistencia graduada y precisa para la rehabilitaci\u00f3n de la marcha, mientras que la realidad virtual crea entornos de entrenamiento motivadores y seguros para la recuperaci\u00f3n de las funciones cognitivas.<\/p>\n\n            <div class=\"key-points\">\n                <h3>Tecnolog\u00edas Disponibles en el Centro:<\/h3>\n                <ul>\n                    <li>Exoesqueletos para la rehabilitaci\u00f3n de la marcha<\/li>\n                    <li>Plataformas de realidad virtual inmersiva<\/li>\n                    <li>Sistemas de estimulaci\u00f3n magn\u00e9tica transcraneal<\/li>\n                    <li>Aparatos de biofeedback multimodal<\/li>\n                    <li>Robots de asistencia para miembros superiores<\/li>\n                    <li>Plataformas de equilibrio computarizadas<\/li>\n                <\/ul>\n            <\/div>\n\n            <h3>Limitaciones y Restricciones<\/h3>\n\n            <p>A pesar de estas ventajas innegables, la rehabilitaci\u00f3n en el centro presenta ciertas restricciones que conviene examinar objetivamente. El desplazamiento diario puede representar una fuente de fatiga adicional, particularmente problem\u00e1tica para los pacientes m\u00e1s fr\u00e1giles o aquellos que residen lejos del centro.<\/p>\n\n            <p>El entorno medicalizado, aunque tranquilizador para algunos, puede generar estr\u00e9s y ansiedad en otros pacientes. Esta tensi\u00f3n psicol\u00f3gica puede perjudicar la eficacia de la rehabilitaci\u00f3n y retrasar los progresos esperados.<\/p>\n\n            <div class=\"expert-box\">\n                <span class=\"expert-box-label\">Retroalimentaci\u00f3n de Experiencia<\/span>\n<div class=\"expert-box-title\">Testimonio Cl\u00ednico<\/div>\n                <p>En nuestra pr\u00e1ctica, observamos que algunos pacientes prosperan m\u00e1s en la emulaci\u00f3n del centro, mientras que otros progresan mejor en la intimidad de su hogar. Esta variabilidad individual subraya la importancia de una evaluaci\u00f3n personalizada.<\/p>\n            <\/div>\n\n            <h2>4. Criterios de Evaluaci\u00f3n y Elecci\u00f3n<\/h2>\n\n            <p>La elecci\u00f3n entre rehabilitaci\u00f3n a domicilio y en un centro especializado requiere un an\u00e1lisis profundo de m\u00faltiples factores, que van desde el estado cl\u00ednico del paciente hasta sus preferencias personales, pasando por el contexto familiar y socioecon\u00f3mico. Esta decisi\u00f3n, lejos de ser binaria, puede evolucionar a lo largo del proceso de recuperaci\u00f3n.<\/p>\n\n            <p>La evaluaci\u00f3n inicial debe considerar la gravedad del ACV, los d\u00e9ficits residuales, el potencial de recuperaci\u00f3n, pero tambi\u00e9n las capacidades de adaptaci\u00f3n del paciente y de su entorno. Un enfoque sistem\u00e1tico y objetivo permite optimizar esta decisi\u00f3n crucial para el futuro del paciente.<\/p>\n\n            <h3>Evaluaci\u00f3n Cl\u00ednica Previa<\/h3>\n\n            <p>El estado neurol\u00f3gico constituye el primer criterio de evaluaci\u00f3n. Los pacientes que presentan d\u00e9ficits motores severos, trastornos cognitivos mayores o complicaciones m\u00e9dicas asociadas generalmente requieren atenci\u00f3n en un centro especializado, al menos en un primer momento.<\/p>\n\n            <div class=\"tip-box\">\n                <span class=\"tip-box-label\">Criterios M\u00e9dicos<\/span>\n                <p>Puntuaci\u00f3n NIHSS > 15, trastornos de la degluci\u00f3n severos, inestabilidad cardiol\u00f3gica, trastornos cognitivos mayores (MMS < 20) orientan preferentemente hacia una atenci\u00f3n en un centro especializado.<\/p>\n            <\/div>\n\n            <p>Por el contrario, los pacientes con d\u00e9ficits leves a moderados, una buena adherencia y un entorno familiar favorable pueden beneficiarse plenamente de una rehabilitaci\u00f3n a domicilio, particularmente cuando se apoya en herramientas tecnol\u00f3gicas adecuadas.<\/p>\n\n            <h3>Factores Sociales y Familiares<\/h3>\n\n            <p>El entorno familiar juega un papel determinante en el \u00e9xito de la rehabilitaci\u00f3n a domicilio. La presencia de un cuidador principal disponible, capacitado y motivado constituye un requisito esencial. Esta persona se convierte en un verdadero socio terap\u00e9utico, facilitando los ejercicios diarios y asegurando una supervisi\u00f3n continua.<\/p>\n\n            <p>Las condiciones de la vivienda tambi\u00e9n deben ser evaluadas: accesibilidad, seguridad, espacio suficiente para los ejercicios. Pueden ser necesarios ajustes para optimizar el entorno terap\u00e9utico dom\u00e9stico.<\/p>\n<div class=\"conseil-card\">\n                <h3>\ud83c\udfe0 Adaptaci\u00f3n del Hogar<\/h3>\n                <p>Un espacio dedicado a los ejercicios, bien iluminado y seguro, mejora significativamente la eficacia de la rehabilitaci\u00f3n en el hogar. El ergoterapeuta puede aconsejar sobre las adaptaciones \u00f3ptimas durante su visita de evaluaci\u00f3n.<\/p>\n            <\/div>\n\n            <h2>5. Soluciones Tecnol\u00f3gicas Innovadoras para la Rehabilitaci\u00f3n<\/h2>\n\n            <p>La revoluci\u00f3n digital transforma profundamente el panorama de la rehabilitaci\u00f3n post-ACV, ofreciendo soluciones innovadoras que trascienden las limitaciones tradicionales de los enfoques convencionales. Estas tecnolog\u00edas permiten combinar la eficacia del seguimiento profesional con la comodidad y flexibilidad de la atenci\u00f3n en el hogar.<\/p>\n\n            <p>En DYNSEO, hemos estado desarrollando durante m\u00e1s de 10 a\u00f1os soluciones especialmente dise\u00f1adas para la estimulaci\u00f3n cognitiva y motora de los pacientes post-ACV. Nuestro enfoque cient\u00edfico, validado por estudios cl\u00ednicos, demuestra la eficacia de estas herramientas en la mejora de las funciones cognitivas y motoras.<\/p>\n\n            <h3>COCO PIENSA y COCO SE MUEVE: Innovaci\u00f3n al Servicio de la Recuperaci\u00f3n<\/h3>\n\n            <p>Nuestras aplicaciones <a href=\"https:\/\/www.dynseo.com\/es\/coco-piensa-y-coco-se-mueve-software-educativo\/\" target=\"_blank\">COCO PIENSA y COCO SE MUEVE<\/a> representan la culminaci\u00f3n de nuestra experiencia en neurociencias aplicadas. Estos programas ofrecen m\u00e1s de 50 ejercicios espec\u00edficamente adaptados a las necesidades de los pacientes post-ACV, cubriendo todas las funciones cognitivas y motoras a restaurar.<\/p>\n\n            <p>La adaptabilidad constituye la principal ventaja de estas soluciones. Los ejercicios se ajustan autom\u00e1ticamente al nivel y los progresos del paciente, garantizando un desaf\u00edo \u00f3ptimo sin des\u00e1nimo. Esta personalizaci\u00f3n fina optimiza la motivaci\u00f3n y el compromiso, factores cruciales para el \u00e9xito en la rehabilitaci\u00f3n.<\/p>\n\n            <div class=\"expert-box\">\n                <span class=\"expert-box-label\">Innovaci\u00f3n DYNSEO<\/span>\n                <div class=\"expert-box-title\">Funciones Avanzadas<\/div>\n                <p>Nuestras aplicaciones integran un sistema de seguimiento de los progresos en tiempo real, permitiendo a los profesionales de salud ajustar los programas a distancia y a las familias seguir la evoluci\u00f3n diaria.<\/p>\n                \n                <div class=\"expert-inner\">\n<div class=\"expert-inner-title\">Tecnolog\u00edas Integradas :<\/div>\n                    <p>Inteligencia artificial para la adaptaci\u00f3n de los ejercicios, an\u00e1lisis estad\u00edsticos de las performances, informes automatizados para los profesionales, interfaz intuitiva adaptada a los d\u00e9ficits visuales y motores.<\/p>\n                <\/div>\n            <\/div>\n\n            <h3>Ejercicios Cognitivos Especializados<\/h3>\n\n            <p>La recuperaci\u00f3n de las funciones cognitivas requiere una estimulaci\u00f3n dirigida y progresiva. Nuestros ejercicios de memoria, atenci\u00f3n, funciones ejecutivas y lenguaje se basan en los principios de la neuroplasticidad para maximizar las oportunidades de recuperaci\u00f3n. Cada actividad est\u00e1 dise\u00f1ada para solicitar espec\u00edficamente los circuitos neuronales involucrados en la funci\u00f3n trabajada.<\/p>\n\n            <p>El aspecto l\u00fadico de estos ejercicios transforma la rehabilitaci\u00f3n en momentos de placer compartido con la familia. Esta dimensi\u00f3n emocional positiva refuerza la eficacia terap\u00e9utica y mejora la adherencia al programa de cuidados.<\/p>\n\n            <h3>Rehabilitaci\u00f3n Motora Innovadora<\/h3>\n\n            <p>La aplicaci\u00f3n \"Bola Que Rueda\" ilustra perfectamente nuestro enfoque de la rehabilitaci\u00f3n motora. Esta herramienta, desarrollada espec\u00edficamente para pacientes hemipar\u00e9ticos, permite trabajar la motricidad fina ajustando la direcci\u00f3n de los movimientos seg\u00fan las necesidades espec\u00edficas del paciente.<\/p>\n\n            <div class=\"tip-box\">\n                <span class=\"tip-box-label\">Ejercicio Destacado<\/span>\n                <p>La \"Bola Que Rueda\" mejora la coordinaci\u00f3n mano-ojo, la planificaci\u00f3n motora y la precisi\u00f3n gestual. Los pacientes trabajan de izquierda a derecha o de derecha a izquierda seg\u00fan su d\u00e9ficit, optimizando as\u00ed la recuperaci\u00f3n funcional.<\/p>\n            <\/div>\n\n            <h2>6. Personalizaci\u00f3n del Programa de Rehabilitaci\u00f3n<\/h2>\n\n            <p>La personalizaci\u00f3n representa el coraz\u00f3n de toda rehabilitaci\u00f3n efectiva post-ACV. Cada paciente presenta un perfil \u00fanico de d\u00e9ficits y potenciales, lo que requiere un enfoque a medida que se adapta continuamente a las evoluciones cl\u00ednicas. Esta individualizaci\u00f3n del recorrido terap\u00e9utico constituye uno de los desaf\u00edos mayores de la rehabilitaci\u00f3n moderna.<\/p>\n\n            <p>La evaluaci\u00f3n inicial exhaustiva permite identificar con precisi\u00f3n los \u00e1mbitos a trabajar en prioridad. Este an\u00e1lisis multidimensional cubre los aspectos motores, cognitivos, sensoriales, psicol\u00f3gicos y sociales, permitiendo establecer un plan de cuidados hol\u00edstico y coherente.<\/p>\n\n            <h3>Evaluaci\u00f3n Multidimensional<\/h3>\n\n            <p>Las herramientas de evaluaci\u00f3n estandarizadas proporcionan una base objetiva para la personalizaci\u00f3n. La escala de Barthel eval\u00faa la autonom\u00eda funcional, el MMS (Mini Mental State) eval\u00faa las funciones cognitivas globales, mientras que pruebas espec\u00edficas exploran cada \u00e1mbito deficiente con precisi\u00f3n.<\/p>\n\n            <p>Este enfoque sistem\u00e1tico permite cuantificar los d\u00e9ficits y definir objetivos realistas y medibles. La repetici\u00f3n regular de estas evaluaciones objetiva los progresos y gu\u00eda las adaptaciones terap\u00e9uticas necesarias.<\/p>\n<div class=\"key-points\">\n                <h3>\u00c1reas de Evaluaci\u00f3n Esenciales:<\/h3>\n                <ul>\n                    <li>Motricidad global y fina (escalas MRC, Fugl-Meyer)<\/li>\n                    <li>Equilibrio y marcha (prueba de Berg, TUG)<\/li>\n                    <li>Funciones cognitivas (MMS, MOCA, bater\u00eda especializada)<\/li>\n                    <li>Lenguaje y comunicaci\u00f3n (evaluaci\u00f3n logop\u00e9dica)<\/li>\n                    <li>Autonom\u00eda diaria (Barthel, FIM)<\/li>\n                    <li>Calidad de vida (escalas espec\u00edficas post-ACV)<\/li>\n                <\/ul>\n            <\/div>\n\n            <h3>Adaptaci\u00f3n Continua del Programa<\/h3>\n\n            <p>La plasticidad cerebral evoluciona con el tiempo, requiriendo ajustes regulares del programa terap\u00e9utico. Las fases tempranas privilegian la recuperaci\u00f3n de las funciones b\u00e1sicas, mientras que las etapas posteriores se centran en la optimizaci\u00f3n y compensaci\u00f3n de los d\u00e9ficits residuales.<\/p>\n\n            <div class=\"conseil-card\">\n                <h3>\ud83d\udcca Seguimiento de Progresos<\/h3>\n                <p>Un sistema de monitoreo diario del rendimiento permite adaptar finamente la dificultad de los ejercicios. Esta reactividad optimiza la eficacia terap\u00e9utica y mantiene la motivaci\u00f3n del paciente a un nivel \u00f3ptimo.<\/p>\n            <\/div>\n\n            <h2>7. Integraci\u00f3n de la Familia en el Proceso de Recuperaci\u00f3n<\/h2>\n\n            <p>La familia constituye un pilar fundamental del \u00e9xito de la rehabilitaci\u00f3n post-ACV, independientemente del lugar de atenci\u00f3n elegido. Su implicaci\u00f3n activa transforma el entorno en un verdadero equipo terap\u00e9utico, multiplicando la eficacia de las intervenciones profesionales y asegurando la continuidad de los cuidados.<\/p>\n\n            <p>Esta integraci\u00f3n familiar requiere sin embargo una preparaci\u00f3n y un acompa\u00f1amiento espec\u00edficos. Los familiares deben adquirir las competencias necesarias para convertirse en verdaderos socios de cuidados, mientras preservan su equilibrio emocional y su relaci\u00f3n afectiva con el paciente.<\/p>\n\n            <h3>Formaci\u00f3n y Acompa\u00f1amiento de los Cuidadores<\/h3>\n\n            <p>La formaci\u00f3n de los cuidadores familiares abarca varias \u00e1reas esenciales: t\u00e9cnicas de movilizaci\u00f3n seguras, principios de estimulaci\u00f3n cognitiva, gesti\u00f3n de trastornos conductuales, y reconocimiento de signos de alerta que requieren intervenci\u00f3n m\u00e9dica. Esta adquisici\u00f3n de competencias transforma progresivamente al cuidador en un verdadero terapeuta auxiliar.<\/p>\n\n            <p>El acompa\u00f1amiento psicol\u00f3gico de las familias resulta igualmente crucial. El ACV altera el equilibrio familiar y genera estr\u00e9s, ansiedad y agotamiento en los familiares. Un apoyo adecuado previene el burn-out del cuidador y mantiene un ambiente familiar sereno, propicio para la recuperaci\u00f3n.<\/p>\n<div class=\"tip-box\">\n                <span class=\"tip-box-label\">Apoyo Familiar<\/span>\n                <p>Los grupos de conversaci\u00f3n entre familias enfrentadas a situaciones similares crean una red de apoyo valiosa. El intercambio de experiencias y soluciones pr\u00e1cticas enriquece las habilidades de cada uno.<\/p>\n            <\/div>\n\n            <h3>Herramientas Colaborativas para la Familia<\/h3>\n\n            <p>Las tecnolog\u00edas modernas ofrecen herramientas colaborativas que permiten involucrar eficazmente a la familia en el seguimiento diario. Las aplicaciones como <a href=\"https:\/\/www.dynseo.com\/es\/coco-piensa-y-coco-se-mueve-software-educativo\/\" target=\"_blank\">COCO PIENSA y COCO SE MUEVE<\/a> incluyen funcionalidades espec\u00edficamente dise\u00f1adas para facilitar esta participaci\u00f3n familiar.<\/p>\n\n            <p>Estas herramientas permiten a las familias seguir los progresos en tiempo real, proponer desaf\u00edos adaptados y celebrar los logros juntos. Esta gamificaci\u00f3n de la rehabilitaci\u00f3n refuerza los lazos familiares mientras optimiza la eficacia terap\u00e9utica.<\/p>\n\n            <div class=\"expert-box\">\n                <span class=\"expert-box-label\">Innovaci\u00f3n Colaborativa<\/span>\n                <div class=\"expert-box-title\">Funcionalidades Familia<\/div>\n                <p>Nuestras aplicaciones permiten a las familias crear desaf\u00edos personalizados, seguir las estad\u00edsticas de progreso y recibir consejos adaptativos para optimizar el acompa\u00f1amiento diario.<\/p>\n            <\/div>\n\n            <h2>8. Gesti\u00f3n de los Aspectos Psicol\u00f3gicos y Emocionales<\/h2>\n\n            <p>La dimensi\u00f3n psicol\u00f3gica de la recuperaci\u00f3n post-ACV es a menudo subestimada, aunque influye directamente en la eficacia de la rehabilitaci\u00f3n y en la calidad de vida futura. El ACV genera un trauma ps\u00edquico mayor, confrontando bruscamente al paciente con su vulnerabilidad y cuestionando su identidad y su proyecto de vida.<\/p>\n\n            <p>La atenci\u00f3n psicol\u00f3gica debe comenzar de manera temprana y adaptarse a las diferentes fases del proceso de recuperaci\u00f3n. Negaci\u00f3n, ira, depresi\u00f3n y aceptaci\u00f3n se suceden seg\u00fan un ritmo individual que es necesario respetar y acompa\u00f1ar con benevolencia y profesionalismo.<\/p>\n\n            <h3>Trastornos Psicol\u00f3gicos Frecuentes<\/h3>\n\n            <p>La depresi\u00f3n post-ACV afecta a cerca del 30% de los pacientes y constituye un factor pron\u00f3stico mayor. Reduce la motivaci\u00f3n, altera la atenci\u00f3n y la memoria, comprometiendo as\u00ed la eficacia de la rehabilitaci\u00f3n. Su detecci\u00f3n sistem\u00e1tica y su atenci\u00f3n especializada son indispensables.<\/p>\n\n            <p>La ansiedad, los trastornos del sue\u00f1o y las modificaciones de personalidad completan este cuadro complejo. Estas manifestaciones requieren un enfoque terap\u00e9utico adaptado, combinando intervenciones psicol\u00f3gicas y, si es necesario, tratamientos farmacol\u00f3gicos espec\u00edficos.<\/p>\n<div class=\"conseil-card\">\n                <h3>\ud83e\udde0 Salud Mental<\/h3>\n                <p>El mantenimiento de actividades placenteras y valorativas estimula la producci\u00f3n de dopamina y serotonina, neurotransmisores esenciales para la motivaci\u00f3n y el bienestar. El aspecto l\u00fadico de los ejercicios DYNSEO contribuye a esta estimulaci\u00f3n natural.<\/p>\n            <\/div>\n\n            <h3>Estrategias de Adaptaci\u00f3n y de Resiliencia<\/h3>\n\n            <p>El desarrollo de la resiliencia constituye un objetivo terap\u00e9utico mayor. Esta capacidad de adaptaci\u00f3n y rebote frente a la adversidad se cultiva progresivamente a trav\u00e9s de estrategias espec\u00edficas: reestructuraci\u00f3n cognitiva, t\u00e9cnicas de relajaci\u00f3n, refuerzo de la autoestima.<\/p>\n\n            <p>La fijaci\u00f3n de objetivos realistas y progresivos mantiene la esperanza y la motivaci\u00f3n. Cada peque\u00f1o progreso se convierte en una victoria a celebrar, reforzando la confianza en uno mismo y el compromiso en el proceso terap\u00e9utico.<\/p>\n\n            <div class=\"key-points\">\n                <h3>Estrategias de Apoyo Psicol\u00f3gico:<\/h3>\n                <ul>\n                    <li>Terapia cognitivo-conductual adaptada<\/li>\n                    <li>T\u00e9cnicas de relajaci\u00f3n y mindfulness<\/li>\n                    <li>Arteterapia y musicoterapia<\/li>\n                    <li>Grupos de conversaci\u00f3n entre pacientes<\/li>\n                    <li>Valoraci\u00f3n de los progresos y de los \u00e9xitos<\/li>\n                    <li>Mantenimiento de los lazos sociales y de los pasatiempos<\/li>\n                <\/ul>\n            <\/div>\n\n            <h2>9. Evaluaci\u00f3n de Costos y Consideraciones Econ\u00f3micas<\/h2>\n\n            <p>El aspecto econ\u00f3mico de la rehabilitaci\u00f3n post-ACV constituye una preocupaci\u00f3n leg\u00edtima para las familias y los sistemas de salud. La comparaci\u00f3n de costos entre rehabilitaci\u00f3n a domicilio y en centro especializado revela diferencias significativas que pueden influir en la decisi\u00f3n, sin comprometer la calidad de la atenci\u00f3n.<\/p>\n\n            <p>Un an\u00e1lisis completo de los costos debe considerar los gastos directos (honorarios profesionales, material, desplazamientos) pero tambi\u00e9n los costos indirectos (paradas laborales de los cuidadores, adaptaciones del hogar, complicaciones evitadas). Esta visi\u00f3n global permite una evaluaci\u00f3n objetiva de la relaci\u00f3n costo-eficacia de cada enfoque.<\/p>\n\n            <h3>Costos Directos Comparativos<\/h3>\n\n            <p>La rehabilitaci\u00f3n en centro especializado genera costos elevados: alojamiento, restauraci\u00f3n, equipos m\u00e9dicos, equipamientos sofisticados. En Francia, el costo medio de un d\u00eda en un centro de rehabilitaci\u00f3n var\u00eda entre 400 y 600 euros, ampliamente cubierto por el seguro de salud para los casos de ACV.<\/p>\n\n            <p>La rehabilitaci\u00f3n a domicilio presenta una estructura de costos diferente: honorarios de los profesionales independientes, gastos de desplazamiento, adquisici\u00f3n de equipos espec\u00edficos. Si el costo unitario de cada sesi\u00f3n puede parecer elevado, la flexibilidad horaria permite a menudo optimizar el n\u00famero de sesiones y, por lo tanto, la eficacia global.<\/p>\n<div class=\"tip-box\">\n                <span class=\"tip-box-label\">Optimizaci\u00f3n Econ\u00f3mica<\/span>\n                <p>Las soluciones tecnol\u00f3gicas como COCO PIENSA y COCO SE MUEVE ofrecen una excelente relaci\u00f3n calidad-precio, permitiendo una estimulaci\u00f3n diaria por un costo mensual equivalente a una sesi\u00f3n tradicional.<\/p>\n            <\/div>\n\n            <h3>Reembolsos y Cobertura<\/h3>\n\n            <p>El sistema franc\u00e9s de seguridad social asegura una cobertura casi integral de la rehabilitaci\u00f3n post-ACV, ya sea en centro o a domicilio. Las sesiones de fisioterapia, logopedia y terapia ocupacional son reembolsadas al 100% en el marco de la ALD (Afecci\u00f3n de Larga Duraci\u00f3n).<\/p>\n\n            <p>No obstante, algunos sobrecostos pueden subsistir: adaptaciones del hogar, adquisici\u00f3n de ayudas t\u00e9cnicas especializadas, gastos de transporte no medicalizado. Existen ayudas espec\u00edficas: MDPH, cajas de jubilaci\u00f3n, mutualidades complementarias.<\/p>\n\n            <div class=\"expert-box\">\n                <span class=\"expert-box-label\">Consejo Financiero<\/span>\n                <div class=\"expert-box-title\">Optimizaci\u00f3n de los Reembolsos<\/div>\n                <p>Una prescripci\u00f3n m\u00e9dica detallada y un expediente MDPH bien constituido maximizan las coberturas. El terapeuta ocupacional puede evaluar gratuitamente las necesidades de adaptaci\u00f3n y orientar hacia las ayudas apropiadas.<\/p>\n            <\/div>\n\n            <h2>10. Testimonios y Retornos de Experiencia<\/h2>\n\n            <p>Los testimonios de pacientes y familias que han vivido la experiencia de la rehabilitaci\u00f3n post-ACV aportan una visi\u00f3n \u00fanica y aut\u00e9ntica sobre las ventajas y dificultades de cada enfoque. Estos retornos de experiencia, recogidos a lo largo de nuestros a\u00f1os de acompa\u00f1amiento, revelan la diversidad de los recorridos y la importancia de la individualizaci\u00f3n de las elecciones.<\/p>\n\n            <p>Cada historia es \u00fanica, pero algunos aprendizajes transversales emergen de estos testimonios. Subrayan la importancia de la motivaci\u00f3n personal, del apoyo familiar y de la adaptaci\u00f3n de las herramientas terap\u00e9uticas a las necesidades espec\u00edficas de cada situaci\u00f3n.<\/p>\n\n            <h3>Recorrido en Rehabilitaci\u00f3n a Domicilio<\/h3>\n\n            <p>Mar\u00eda, 58 a\u00f1os, eligi\u00f3 la rehabilitaci\u00f3n a domicilio despu\u00e9s de su ACV. \"Necesitaba mis referentes familiares para reconstruirme. Mis nietos me ayudaron enormemente participando en mis ejercicios en COCO PIENSA. Sus \u00e1nimos val\u00edan todos los medicamentos del mundo.\"<\/p>\n\n            <p>Su esposo testifica: \"Al principio, ten\u00eda miedo de hacerlo mal. Pero el acompa\u00f1amiento de los terapeutas y las herramientas tecnol\u00f3gicas nos tranquilizaron. Aprendimos juntos, y se convirti\u00f3 en un proyecto familiar. Mar\u00eda ha recuperado el 80% de sus capacidades en 8 meses.\"<\/p>\n<div class=\"conseil-card\">\n                <h3>\ud83d\udcac Testimonio<\/h3>\n                <p>\"El aspecto l\u00fadico de los ejercicios DYNSEO ha transformado mi rehabilitaci\u00f3n en momentos de placer compartido. Mis progresos en memoria y atenci\u00f3n han sorprendido a todo el equipo m\u00e9dico.\" - Jean-Pierre, 65 a\u00f1os<\/p>\n            <\/div>\n\n            <h3>Experiencia en Centro Especializado<\/h3>\n\n            <p>Pierre, 72 a\u00f1os, ha beneficiado de una atenci\u00f3n en centro especializado. \"La emulaci\u00f3n con los otros pacientes me ha impulsado. Ver sus progresos me motivaba a dar lo mejor de m\u00ed mismo. El equipo profesional me dio confianza y me empuj\u00f3 m\u00e1s all\u00e1 de mis l\u00edmites.\"<\/p>\n\n            <p>Su hija a\u00f1ade: \"Pap\u00e1 necesitaba esta estructura, estos horarios fijos. En casa, habr\u00eda tendido a desanimarse. El centro le ha devuelto el gusto por el esfuerzo y confianza en sus capacidades.\"<\/p>\n\n            <h3>Recorridos H\u00edbridos<\/h3>\n\n            <p>Algunos pacientes han beneficiado de un enfoque mixto, comenzando en el centro y luego continuando en casa. Esta transici\u00f3n progresiva resulta a menudo \u00f3ptima, combinando la experiencia inicial del centro con la flexibilidad y personalizaci\u00f3n del hogar.<\/p>\n\n            <h2>11. Perspectivas de Futuro e Innovaciones<\/h2>\n\n            <p>El futuro de la rehabilitaci\u00f3n post-ACV se dibuja a trav\u00e9s de innovaciones tecnol\u00f3gicas revolucionarias que ya transforman los paradigmas terap\u00e9uticos. La inteligencia artificial, la realidad virtual inmersiva, la rob\u00f3tica avanzada y las interfaces cerebro-m\u00e1quina abren perspectivas in\u00e9ditas para optimizar la recuperaci\u00f3n.<\/p>\n\n            <p>Estos avances permiten contemplar una personalizaci\u00f3n a\u00fan m\u00e1s precisa de los programas terap\u00e9uticos, una adaptaci\u00f3n en tiempo real a los progresos del paciente, y una democratizaci\u00f3n del acceso a las terapias m\u00e1s sofisticadas. El objetivo \u00faltimo consiste en ofrecer a cada paciente lo mejor de la tecnolog\u00eda, sea cual sea su lugar de rehabilitaci\u00f3n.<\/p>\n\n            <h3>Inteligencia Artificial y Personalizaci\u00f3n<\/h3>\n\n            <p>La integraci\u00f3n de la inteligencia artificial en los programas de rehabilitaci\u00f3n permite un an\u00e1lisis detallado de los patrones de recuperaci\u00f3n de cada paciente. Estos algoritmos sofisticados identifican las estrategias terap\u00e9uticas m\u00e1s efectivas para cada perfil, optimizando as\u00ed las posibilidades de recuperaci\u00f3n.<\/p>\n\n            <p>En DYNSEO, desarrollamos estas tecnolog\u00edas de nueva generaci\u00f3n para enriquecer nuestras aplicaciones. La IA analiza el rendimiento en tiempo real y propone autom\u00e1ticamente ajustes personalizados, transformando cada sesi\u00f3n en una experiencia terap\u00e9utica optimizada.<\/p>\n\n            <div class=\"expert-box\">\n                <span class=\"expert-box-label\">Innovaci\u00f3n Futura<\/span>\n<div class=\"expert-box-title\">Proyecto DYNSEO 2026<\/div>\n                <p>Nuestra pr\u00f3xima generaci\u00f3n de aplicaciones integrar\u00e1 la IA predictiva para anticipar las necesidades terap\u00e9uticas y proponer programas preventivos personalizados, revolucionando el enfoque de la rehabilitaci\u00f3n.<\/p>\n            <\/div>\n\n            <h3>Realidad Virtual e Inmersi\u00f3n Terap\u00e9utica<\/h3>\n\n            <p>La realidad virtual transforma la rehabilitaci\u00f3n en una aventura inmersiva, estimulando la motivaci\u00f3n y el compromiso. Estos entornos virtuales permiten reproducir situaciones de la vida cotidiana en un marco seguro y controlado, optimizando la transferencia de los logros terap\u00e9uticos hacia la autonom\u00eda real.<\/p>\n\n            <p>La creciente accesibilidad de estas tecnolog\u00edas las hace utilizables en casa, democratizando el acceso a las terapias m\u00e1s innovadoras. Esta evoluci\u00f3n borra progresivamente las fronteras entre la rehabilitaci\u00f3n hospitalaria y la domiciliaria en t\u00e9rminos de sofisticaci\u00f3n tecnol\u00f3gica.<\/p>\n\n            <div class=\"key-points\">\n                <h3>Tecnolog\u00edas Emergentes 2026 :<\/h3>\n                <ul>\n                    <li>Realidad virtual accesible y terap\u00e9utica<\/li>\n                    <li>Inteligencia artificial predictiva<\/li>\n                    <li>Interfaces cerebro-m\u00e1quina no invasivas<\/li>\n                    <li>Rob\u00f3tica colaborativa dom\u00e9stica<\/li>\n                    <li>Biocensores integrados para monitoreo continuo<\/li>\n                    <li>Tele-rehabilitaci\u00f3n inmersiva<\/li>\n                <\/ul>\n            <\/div>\n\n            <h2>12. Recomendaciones Personalizadas seg\u00fan los Perfiles<\/h2>\n\n            <p>La decisi\u00f3n entre rehabilitaci\u00f3n a domicilio y en un centro especializado no puede tomarse de manera uniforme. Requiere un an\u00e1lisis individualizado que tenga en cuenta el perfil m\u00e9dico, psicol\u00f3gico, social y econ\u00f3mico de cada paciente. Este enfoque personalizado optimiza las posibilidades de \u00e9xito y mejora la satisfacci\u00f3n del paciente y su familia.<\/p>\n\n            <p>Nuestra experiencia cl\u00ednica nos permite proponer recomendaciones espec\u00edficas seg\u00fan diferentes perfiles tipo, subrayando que cada situaci\u00f3n sigue siendo \u00fanica y merece una evaluaci\u00f3n especializada profunda.<\/p>\n\n            <h3>Perfil 1 : ACV Leve con Entorno Familiar Favorable<\/h3>\n\n            <p>Para los pacientes que presentan d\u00e9ficits leves a moderados, una cognici\u00f3n preservada y un entorno familiar estable y disponible, la rehabilitaci\u00f3n a domicilio representa a menudo la opci\u00f3n \u00f3ptima. Este enfoque permite una integraci\u00f3n natural de los ejercicios en la vida cotidiana y favorece el mantenimiento de los lazos sociales.<\/p>\n\n            <p>El uso de herramientas tecnol\u00f3gicas como <a href=\"https:\/\/www.dynseo.com\/es\/coco-piensa-y-coco-se-mueve-software-educativo\/\" target=\"_blank\">COCO PIENSA y COCO SE MUEVE<\/a> complementa eficazmente la intervenci\u00f3n de los profesionales liberales, ofreciendo una estimulaci\u00f3n diaria variada y progresiva.<\/p>\n<div class=\"conseil-card\">\n                <h3>\u2705 Recomendaci\u00f3n<\/h3>\n                <p>Rehabilitaci\u00f3n a domicilio con soporte tecnol\u00f3gico, fisioterapia 3x\/semana, logopedia si es necesario, terapia ocupacional para adaptaciones. Seguimiento m\u00e9dico mensual y evaluaciones trimestrales.<\/p>\n            <\/div>\n\n            <h3>Perfil 2 : ACV Severo o Complicaciones Asociadas<\/h3>\n\n            <p>Los pacientes que presentan d\u00e9ficits motores severos, trastornos cognitivos mayores o complicaciones m\u00e9dicas requieren atenci\u00f3n en un centro especializado, al menos inicialmente. La supervisi\u00f3n constante y el acceso a equipos sofisticados son indispensables para optimizar la recuperaci\u00f3n.<\/p>\n\n            <p>Una transici\u00f3n progresiva hacia el domicilio puede ser considerada una vez que las funciones vitales est\u00e9n estabilizadas y los d\u00e9ficits mayores compensados. Este enfoque secuencial combina las ventajas de ambas modalidades.<\/p>\n\n            <h3>Perfil 3 : Aislamiento Social o Precariedad<\/h3>\n\n            <p>Para los pacientes aislados socialmente o en situaci\u00f3n de precariedad, el centro especializado ofrece un marco estructurante y un apoyo social esencial. La emulaci\u00f3n con otros pacientes y el acompa\u00f1amiento profesional constante compensan la ausencia de apoyo familiar.<\/p>\n\n            <p>Dispositivos de acompa\u00f1amiento social pueden facilitar una transici\u00f3n posterior hacia el domicilio, una vez que se hayan recuperado las competencias de autonom\u00eda y se haya constituido una red de apoyo.<\/p>\n\n            <div class=\"tip-box\">\n                <span class=\"tip-box-label\">Adaptaci\u00f3n Progresiva<\/span>\n                <p>La evoluci\u00f3n del programa de rehabilitaci\u00f3n debe adaptarse a los progresos del paciente. Una reevaluaci\u00f3n regular permite ajustar la modalidad de atenci\u00f3n y optimizar continuamente el enfoque terap\u00e9utico.<\/p>\n            <\/div>\n\n            <div class=\"faq-list\">\n                <h2>Preguntas Frecuentemente Realizadas<\/h2>\n                \n                <div class=\"faq-item\">\n                    <div class=\"faq-q\">\n                        <span>\u00bfCu\u00e1nto tiempo dura generalmente la rehabilitaci\u00f3n post-ACV?<\/span>\n                        <span class=\"faq-icon\">+<\/span>\n                    <\/div>\n                    <div class=\"faq-a\">\n                        <p>La duraci\u00f3n de la rehabilitaci\u00f3n var\u00eda considerablemente seg\u00fan la severidad del ACV y los d\u00e9ficits residuales. En promedio, la rehabilitaci\u00f3n intensiva dura de 3 a 6 meses, pero puede extenderse por varios a\u00f1os. Los primeros meses son cruciales ya que corresponden al per\u00edodo de plasticidad cerebral m\u00e1xima. A menudo se necesita un programa de mantenimiento a largo plazo para mantener los logros.<\/p>\n                    <\/div>\n                <\/div>\n\n                <div class=\"faq-item\">\n                    <div class=\"faq-q\">\n                        <span>\u00bfSe puede cambiar de modalidad de rehabilitaci\u00f3n durante el tratamiento?<\/span>\n                        <span class=\"faq-icon\">+<\/span>\n                    <\/div>\n                    <div class=\"faq-a\">\n                        <p>Absolutamente. Es frecuente e incluso recomendado adaptar la modalidad de rehabilitaci\u00f3n seg\u00fan la evoluci\u00f3n del paciente. Muchos comienzan en un centro especializado y luego hacen la transici\u00f3n hacia el domicilio. Esta flexibilidad permite optimizar continuamente el enfoque terap\u00e9utico seg\u00fan las necesidades evolutivas del paciente.<\/p>\n                    <\/div>\n                <\/div>\n            <\/div>\n<script type=\"application\/ld+json\">\n{\n  \"@context\": \"https:\/\/schema.org\",\n  \"@graph\": [\n    {\n      \"@type\": \"Article\",\n      \"headline\": \"Post-AVC : r\u00e9\u00e9ducation \u00e0 domicile ou en centre de soins\",\n      \"description\": \"R\u00e9\u00e9ducation Post-AVCnnPost-AVC : R\u00e9\u00e9ducation \u00e0 Domicile ou en Centre de Soinsnn\ud83d\udcc5 Avril 2026n\u23f1\ufe0f 25 min de lecture\",\n      \"image\": \"https:\/\/www.dynseo.com\/wp-content\/uploads\/2026\/04\/reeducation-post-avc.jpg\",\n      \"author\": {\n        \"@type\": \"Organization\",\n        \"name\": \"DYNSEO\",\n        \"url\": \"https:\/\/www.dynseo.com\"\n      },\n      \"publisher\": {\n        \"@type\": \"Organization\",\n        \"name\": \"DYNSEO\",\n        \"url\": \"https:\/\/www.dynseo.com\",\n        \"logo\": {\n          \"@type\": \"ImageObject\",\n          \"url\": \"https:\/\/www.dynseo.com\/wp-content\/uploads\/2020\/01\/logo-dynseo.png\"\n        }\n      },\n      \"datePublished\": \"2026-04-07\",\n      \"mainEntityOfPage\": \"https:\/\/www.dynseo.com\/post-avc-reeducation-a-domicile-ou-en-centre-de-soins\/\",\n      \"aggregateRating\": {\n        \"@type\": \"AggregateRating\",\n        \"ratingValue\": \"4.8\",\n        \"bestRating\": \"5\",\n        \"ratingCount\": \"47\"\n      }\n    },\n    {\n      \"@type\": \"WebPage\",\n      \"url\": \"https:\/\/www.dynseo.com\/post-avc-reeducation-a-domicile-ou-en-centre-de-soins\/\",\n      \"name\": \"Post-AVC : r\u00e9\u00e9ducation \u00e0 domicile ou en centre de soins\",\n      \"description\": \"R\u00e9\u00e9ducation Post-AVCnnPost-AVC : R\u00e9\u00e9ducation \u00e0 Domicile ou en Centre de Soinsnn\ud83d\udcc5 Avril 2026n\u23f1\ufe0f 25 min de lecture\"\n    },\n    {\n      \"@type\": \"BreadcrumbList\",\n      \"itemListElement\": [\n        {\n          \"@type\": \"ListItem\",\n          \"position\": 1,\n          \"name\": \"Accueil\",\n          \"item\": \"https:\/\/www.dynseo.com\"\n        },\n        {\n          \"@type\": \"ListItem\",\n          \"position\": 2,\n          \"name\": \"Blog\",\n          \"item\": \"https:\/\/www.dynseo.com\/blog\"\n        },\n        {\n          \"@type\": \"ListItem\",\n          \"position\": 3,\n          \"name\": \"Post-AVC : r\u00e9\u00e9ducation \u00e0 domicile ou en centre de soins\",\n          \"item\": \"https:\/\/www.dynseo.com\/post-avc-reeducation-a-domicile-ou-en-centre-de-soins\/\"\n        }\n      ]\n    },\n    {\n      \"@type\": \"FAQPage\",\n      \"mainEntity\": [\n        {\n          \"@type\": \"Question\",\n          \"name\": \"Combien de temps dure g\u00e9n\u00e9ralement la r\u00e9\u00e9ducation post-AVC ?\",\n          \"acceptedAnswer\": {\n            \"@type\": \"Answer\",\n            \"text\": \"La dur\u00e9e de la r\u00e9\u00e9ducation post-AVC varie selon la s\u00e9v\u00e9rit\u00e9 de l'AVC et les s\u00e9quelles. Elle peut s'\u00e9tendre de quelques mois \u00e0 plusieurs ann\u00e9es, avec une phase intensive les premiers mois puis un suivi \u00e0 long terme.\"\n          }\n        },\n        {\n          \"@type\": \"Question\",\n          \"name\": \"Peut-on changer de modalit\u00e9 de r\u00e9\u00e9ducation en cours de traitement ?\",\n          \"acceptedAnswer\": {\n            \"@type\": \"Answer\",\n            \"text\": \"Oui, il est possible de passer d'une r\u00e9\u00e9ducation en centre \u00e0 une r\u00e9\u00e9ducation \u00e0 domicile ou inversement, selon l'\u00e9volution de l'\u00e9tat du patient et ses besoins. Cette d\u00e9cision se prend en concertation avec l'\u00e9quipe m\u00e9dicale.\"\n          }\n        }\n      ]\n    }\n  ]\n}\n<\/script>[\/et_pb_code][\/et_pb_column][\/et_pb_row][\/et_pb_section]","_et_gb_content_width":"","footnotes":""},"categories":[2915],"tags":[],"class_list":["post-572915","post","type-post","status-publish","format-standard","has-post-thumbnail","hentry","category-les-conseils-des-coachs"],"yoast_head":"<!-- This site is optimized with the Yoast SEO plugin v27.4 - https:\/\/yoast.com\/product\/yoast-seo-wordpress\/ -->\n<title>Post-ACV : r\u00e9\u00e9ducation \u00e0 domicile ou en centre de soins - DYNSEO - Aplicaci\u00f3n educativa y juegos de memoria<\/title>\n<meta name=\"robots\" content=\"index, follow, max-snippet:-1, max-image-preview:large, max-video-preview:-1\" \/>\n<link rel=\"canonical\" href=\"https:\/\/www.dynseo.com\/es\/post-acv-reeducation-a-domicile-ou-en-centre-de-soins\/\" \/>\n<meta property=\"og:locale\" content=\"es_ES\" \/>\n<meta property=\"og:type\" content=\"article\" \/>\n<meta property=\"og:title\" content=\"Post-ACV : r\u00e9\u00e9ducation \u00e0 domicile ou en centre de soins - DYNSEO - Aplicaci\u00f3n educativa y juegos de memoria\" \/>\n<meta property=\"og:url\" content=\"https:\/\/www.dynseo.com\/es\/post-acv-reeducation-a-domicile-ou-en-centre-de-soins\/\" \/>\n<meta property=\"og:site_name\" content=\"DYNSEO - Aplicaci\u00f3n educativa y juegos de memoria\" \/>\n<meta property=\"article:published_time\" content=\"2026-04-30T12:12:35+00:00\" \/>\n<meta property=\"article:modified_time\" content=\"2026-04-30T12:18:08+00:00\" \/>\n<meta property=\"og:image\" content=\"https:\/\/www.dynseo.com\/wp-content\/uploads\/2024\/03\/avc-prevention-et-pertes-de-memoires-1024x768.png\" \/>\n\t<meta property=\"og:image:width\" content=\"1024\" \/>\n\t<meta property=\"og:image:height\" content=\"768\" \/>\n\t<meta property=\"og:image:type\" content=\"image\/png\" \/>\n<meta name=\"author\" content=\"DYNSEO\" \/>\n<meta name=\"twitter:label1\" content=\"Escrito por\" \/>\n\t<meta name=\"twitter:data1\" content=\"DYNSEO\" \/>\n\t<meta name=\"twitter:label2\" content=\"Tiempo de lectura\" \/>\n\t<meta name=\"twitter:data2\" content=\"26 minutos\" \/>\n<script type=\"application\/ld+json\" class=\"yoast-schema-graph\">{\"@context\":\"https:\\\/\\\/schema.org\",\"@graph\":[{\"@type\":\"Article\",\"@id\":\"https:\\\/\\\/www.dynseo.com\\\/es\\\/post-acv-reeducation-a-domicile-ou-en-centre-de-soins\\\/#article\",\"isPartOf\":{\"@id\":\"https:\\\/\\\/www.dynseo.com\\\/es\\\/post-acv-reeducation-a-domicile-ou-en-centre-de-soins\\\/\"},\"author\":{\"name\":\"DYNSEO\",\"@id\":\"https:\\\/\\\/www.dynseo.com\\\/es\\\/#\\\/schema\\\/person\\\/78ef63df2ee64e0989bc68f8401b38d6\"},\"headline\":\"Post-ACV : r\u00e9\u00e9ducation \u00e0 domicile ou en centre de soins\",\"datePublished\":\"2026-04-30T12:12:35+00:00\",\"dateModified\":\"2026-04-30T12:18:08+00:00\",\"mainEntityOfPage\":{\"@id\":\"https:\\\/\\\/www.dynseo.com\\\/es\\\/post-acv-reeducation-a-domicile-ou-en-centre-de-soins\\\/\"},\"wordCount\":5134,\"publisher\":{\"@id\":\"https:\\\/\\\/www.dynseo.com\\\/es\\\/#organization\"},\"image\":{\"@id\":\"https:\\\/\\\/www.dynseo.com\\\/es\\\/post-acv-reeducation-a-domicile-ou-en-centre-de-soins\\\/#primaryimage\"},\"thumbnailUrl\":\"https:\\\/\\\/www.dynseo.com\\\/wp-content\\\/uploads\\\/2024\\\/03\\\/avc-prevention-et-pertes-de-memoires.png\",\"articleSection\":[\"Les conseils des coachs\"],\"inLanguage\":\"es\"},{\"@type\":\"WebPage\",\"@id\":\"https:\\\/\\\/www.dynseo.com\\\/es\\\/post-acv-reeducation-a-domicile-ou-en-centre-de-soins\\\/\",\"url\":\"https:\\\/\\\/www.dynseo.com\\\/es\\\/post-acv-reeducation-a-domicile-ou-en-centre-de-soins\\\/\",\"name\":\"Post-ACV : r\u00e9\u00e9ducation \u00e0 domicile ou en centre de soins - DYNSEO - Aplicaci\u00f3n educativa y juegos de memoria\",\"isPartOf\":{\"@id\":\"https:\\\/\\\/www.dynseo.com\\\/es\\\/#website\"},\"primaryImageOfPage\":{\"@id\":\"https:\\\/\\\/www.dynseo.com\\\/es\\\/post-acv-reeducation-a-domicile-ou-en-centre-de-soins\\\/#primaryimage\"},\"image\":{\"@id\":\"https:\\\/\\\/www.dynseo.com\\\/es\\\/post-acv-reeducation-a-domicile-ou-en-centre-de-soins\\\/#primaryimage\"},\"thumbnailUrl\":\"https:\\\/\\\/www.dynseo.com\\\/wp-content\\\/uploads\\\/2024\\\/03\\\/avc-prevention-et-pertes-de-memoires.png\",\"datePublished\":\"2026-04-30T12:12:35+00:00\",\"dateModified\":\"2026-04-30T12:18:08+00:00\",\"breadcrumb\":{\"@id\":\"https:\\\/\\\/www.dynseo.com\\\/es\\\/post-acv-reeducation-a-domicile-ou-en-centre-de-soins\\\/#breadcrumb\"},\"inLanguage\":\"es\",\"potentialAction\":[{\"@type\":\"ReadAction\",\"target\":[\"https:\\\/\\\/www.dynseo.com\\\/es\\\/post-acv-reeducation-a-domicile-ou-en-centre-de-soins\\\/\"]}]},{\"@type\":\"ImageObject\",\"inLanguage\":\"es\",\"@id\":\"https:\\\/\\\/www.dynseo.com\\\/es\\\/post-acv-reeducation-a-domicile-ou-en-centre-de-soins\\\/#primaryimage\",\"url\":\"https:\\\/\\\/www.dynseo.com\\\/wp-content\\\/uploads\\\/2024\\\/03\\\/avc-prevention-et-pertes-de-memoires.png\",\"contentUrl\":\"https:\\\/\\\/www.dynseo.com\\\/wp-content\\\/uploads\\\/2024\\\/03\\\/avc-prevention-et-pertes-de-memoires.png\",\"width\":2000,\"height\":1500,\"caption\":\"Soluciones a medida para cada necesidad\"},{\"@type\":\"BreadcrumbList\",\"@id\":\"https:\\\/\\\/www.dynseo.com\\\/es\\\/post-acv-reeducation-a-domicile-ou-en-centre-de-soins\\\/#breadcrumb\",\"itemListElement\":[{\"@type\":\"ListItem\",\"position\":1,\"name\":\"Accueil\",\"item\":\"https:\\\/\\\/www.dynseo.com\\\/es\\\/\"},{\"@type\":\"ListItem\",\"position\":2,\"name\":\"Post-ACV : r\u00e9\u00e9ducation \u00e0 domicile ou en centre de soins\"}]},{\"@type\":\"WebSite\",\"@id\":\"https:\\\/\\\/www.dynseo.com\\\/es\\\/#website\",\"url\":\"https:\\\/\\\/www.dynseo.com\\\/es\\\/\",\"name\":\"Jeux de m\u00e9moire et stimulation cognitive\",\"description\":\"Entra\u00eenez votre m\u00e9moire et votre cerveau avec DYNSEO\",\"publisher\":{\"@id\":\"https:\\\/\\\/www.dynseo.com\\\/es\\\/#organization\"},\"potentialAction\":[{\"@type\":\"SearchAction\",\"target\":{\"@type\":\"EntryPoint\",\"urlTemplate\":\"https:\\\/\\\/www.dynseo.com\\\/es\\\/?s={search_term_string}\"},\"query-input\":{\"@type\":\"PropertyValueSpecification\",\"valueRequired\":true,\"valueName\":\"search_term_string\"}}],\"inLanguage\":\"es\"},{\"@type\":\"Organization\",\"@id\":\"https:\\\/\\\/www.dynseo.com\\\/es\\\/#organization\",\"name\":\"DYNSEO\",\"url\":\"https:\\\/\\\/www.dynseo.com\\\/es\\\/\",\"logo\":{\"@type\":\"ImageObject\",\"inLanguage\":\"es\",\"@id\":\"https:\\\/\\\/www.dynseo.com\\\/es\\\/#\\\/schema\\\/logo\\\/image\\\/\",\"url\":\"https:\\\/\\\/www.dynseo.com\\\/wp-content\\\/uploads\\\/2022\\\/05\\\/logo-dynseo-new.png\",\"contentUrl\":\"https:\\\/\\\/www.dynseo.com\\\/wp-content\\\/uploads\\\/2022\\\/05\\\/logo-dynseo-new.png\",\"width\":5073,\"height\":1397,\"caption\":\"DYNSEO\"},\"image\":{\"@id\":\"https:\\\/\\\/www.dynseo.com\\\/es\\\/#\\\/schema\\\/logo\\\/image\\\/\"}},{\"@type\":\"Person\",\"@id\":\"https:\\\/\\\/www.dynseo.com\\\/es\\\/#\\\/schema\\\/person\\\/78ef63df2ee64e0989bc68f8401b38d6\",\"name\":\"DYNSEO\",\"url\":\"https:\\\/\\\/www.dynseo.com\\\/es\\\/author\\\/justine\\\/\"}]}<\/script>\n<!-- \/ Yoast SEO plugin. -->","yoast_head_json":{"title":"Post-ACV : r\u00e9\u00e9ducation \u00e0 domicile ou en centre de soins - DYNSEO - Aplicaci\u00f3n educativa y juegos de memoria","robots":{"index":"index","follow":"follow","max-snippet":"max-snippet:-1","max-image-preview":"max-image-preview:large","max-video-preview":"max-video-preview:-1"},"canonical":"https:\/\/www.dynseo.com\/es\/post-acv-reeducation-a-domicile-ou-en-centre-de-soins\/","og_locale":"es_ES","og_type":"article","og_title":"Post-ACV : r\u00e9\u00e9ducation \u00e0 domicile ou en centre de soins - DYNSEO - Aplicaci\u00f3n educativa y juegos de memoria","og_url":"https:\/\/www.dynseo.com\/es\/post-acv-reeducation-a-domicile-ou-en-centre-de-soins\/","og_site_name":"DYNSEO - Aplicaci\u00f3n educativa y juegos de memoria","article_published_time":"2026-04-30T12:12:35+00:00","article_modified_time":"2026-04-30T12:18:08+00:00","og_image":[{"width":1024,"height":768,"url":"https:\/\/www.dynseo.com\/wp-content\/uploads\/2024\/03\/avc-prevention-et-pertes-de-memoires-1024x768.png","type":"image\/png"}],"author":"DYNSEO","twitter_misc":{"Escrito por":"DYNSEO","Tiempo de lectura":"26 minutos"},"schema":{"@context":"https:\/\/schema.org","@graph":[{"@type":"Article","@id":"https:\/\/www.dynseo.com\/es\/post-acv-reeducation-a-domicile-ou-en-centre-de-soins\/#article","isPartOf":{"@id":"https:\/\/www.dynseo.com\/es\/post-acv-reeducation-a-domicile-ou-en-centre-de-soins\/"},"author":{"name":"DYNSEO","@id":"https:\/\/www.dynseo.com\/es\/#\/schema\/person\/78ef63df2ee64e0989bc68f8401b38d6"},"headline":"Post-ACV : r\u00e9\u00e9ducation \u00e0 domicile ou en centre de soins","datePublished":"2026-04-30T12:12:35+00:00","dateModified":"2026-04-30T12:18:08+00:00","mainEntityOfPage":{"@id":"https:\/\/www.dynseo.com\/es\/post-acv-reeducation-a-domicile-ou-en-centre-de-soins\/"},"wordCount":5134,"publisher":{"@id":"https:\/\/www.dynseo.com\/es\/#organization"},"image":{"@id":"https:\/\/www.dynseo.com\/es\/post-acv-reeducation-a-domicile-ou-en-centre-de-soins\/#primaryimage"},"thumbnailUrl":"https:\/\/www.dynseo.com\/wp-content\/uploads\/2024\/03\/avc-prevention-et-pertes-de-memoires.png","articleSection":["Les conseils des coachs"],"inLanguage":"es"},{"@type":"WebPage","@id":"https:\/\/www.dynseo.com\/es\/post-acv-reeducation-a-domicile-ou-en-centre-de-soins\/","url":"https:\/\/www.dynseo.com\/es\/post-acv-reeducation-a-domicile-ou-en-centre-de-soins\/","name":"Post-ACV : r\u00e9\u00e9ducation \u00e0 domicile ou en centre de soins - DYNSEO - Aplicaci\u00f3n educativa y juegos de memoria","isPartOf":{"@id":"https:\/\/www.dynseo.com\/es\/#website"},"primaryImageOfPage":{"@id":"https:\/\/www.dynseo.com\/es\/post-acv-reeducation-a-domicile-ou-en-centre-de-soins\/#primaryimage"},"image":{"@id":"https:\/\/www.dynseo.com\/es\/post-acv-reeducation-a-domicile-ou-en-centre-de-soins\/#primaryimage"},"thumbnailUrl":"https:\/\/www.dynseo.com\/wp-content\/uploads\/2024\/03\/avc-prevention-et-pertes-de-memoires.png","datePublished":"2026-04-30T12:12:35+00:00","dateModified":"2026-04-30T12:18:08+00:00","breadcrumb":{"@id":"https:\/\/www.dynseo.com\/es\/post-acv-reeducation-a-domicile-ou-en-centre-de-soins\/#breadcrumb"},"inLanguage":"es","potentialAction":[{"@type":"ReadAction","target":["https:\/\/www.dynseo.com\/es\/post-acv-reeducation-a-domicile-ou-en-centre-de-soins\/"]}]},{"@type":"ImageObject","inLanguage":"es","@id":"https:\/\/www.dynseo.com\/es\/post-acv-reeducation-a-domicile-ou-en-centre-de-soins\/#primaryimage","url":"https:\/\/www.dynseo.com\/wp-content\/uploads\/2024\/03\/avc-prevention-et-pertes-de-memoires.png","contentUrl":"https:\/\/www.dynseo.com\/wp-content\/uploads\/2024\/03\/avc-prevention-et-pertes-de-memoires.png","width":2000,"height":1500,"caption":"Soluciones a medida para cada necesidad"},{"@type":"BreadcrumbList","@id":"https:\/\/www.dynseo.com\/es\/post-acv-reeducation-a-domicile-ou-en-centre-de-soins\/#breadcrumb","itemListElement":[{"@type":"ListItem","position":1,"name":"Accueil","item":"https:\/\/www.dynseo.com\/es\/"},{"@type":"ListItem","position":2,"name":"Post-ACV : r\u00e9\u00e9ducation \u00e0 domicile ou en centre de soins"}]},{"@type":"WebSite","@id":"https:\/\/www.dynseo.com\/es\/#website","url":"https:\/\/www.dynseo.com\/es\/","name":"Jeux de m\u00e9moire et stimulation cognitive","description":"Entra\u00eenez votre m\u00e9moire et votre cerveau avec DYNSEO","publisher":{"@id":"https:\/\/www.dynseo.com\/es\/#organization"},"potentialAction":[{"@type":"SearchAction","target":{"@type":"EntryPoint","urlTemplate":"https:\/\/www.dynseo.com\/es\/?s={search_term_string}"},"query-input":{"@type":"PropertyValueSpecification","valueRequired":true,"valueName":"search_term_string"}}],"inLanguage":"es"},{"@type":"Organization","@id":"https:\/\/www.dynseo.com\/es\/#organization","name":"DYNSEO","url":"https:\/\/www.dynseo.com\/es\/","logo":{"@type":"ImageObject","inLanguage":"es","@id":"https:\/\/www.dynseo.com\/es\/#\/schema\/logo\/image\/","url":"https:\/\/www.dynseo.com\/wp-content\/uploads\/2022\/05\/logo-dynseo-new.png","contentUrl":"https:\/\/www.dynseo.com\/wp-content\/uploads\/2022\/05\/logo-dynseo-new.png","width":5073,"height":1397,"caption":"DYNSEO"},"image":{"@id":"https:\/\/www.dynseo.com\/es\/#\/schema\/logo\/image\/"}},{"@type":"Person","@id":"https:\/\/www.dynseo.com\/es\/#\/schema\/person\/78ef63df2ee64e0989bc68f8401b38d6","name":"DYNSEO","url":"https:\/\/www.dynseo.com\/es\/author\/justine\/"}]}},"_links":{"self":[{"href":"https:\/\/www.dynseo.com\/es\/wp-json\/wp\/v2\/posts\/572915","targetHints":{"allow":["GET"]}}],"collection":[{"href":"https:\/\/www.dynseo.com\/es\/wp-json\/wp\/v2\/posts"}],"about":[{"href":"https:\/\/www.dynseo.com\/es\/wp-json\/wp\/v2\/types\/post"}],"author":[{"embeddable":true,"href":"https:\/\/www.dynseo.com\/es\/wp-json\/wp\/v2\/users\/4"}],"replies":[{"embeddable":true,"href":"https:\/\/www.dynseo.com\/es\/wp-json\/wp\/v2\/comments?post=572915"}],"version-history":[{"count":15,"href":"https:\/\/www.dynseo.com\/es\/wp-json\/wp\/v2\/posts\/572915\/revisions"}],"predecessor-version":[{"id":572930,"href":"https:\/\/www.dynseo.com\/es\/wp-json\/wp\/v2\/posts\/572915\/revisions\/572930"}],"wp:featuredmedia":[{"embeddable":true,"href":"https:\/\/www.dynseo.com\/es\/wp-json\/wp\/v2\/media\/120812"}],"wp:attachment":[{"href":"https:\/\/www.dynseo.com\/es\/wp-json\/wp\/v2\/media?parent=572915"}],"wp:term":[{"taxonomy":"category","embeddable":true,"href":"https:\/\/www.dynseo.com\/es\/wp-json\/wp\/v2\/categories?post=572915"},{"taxonomy":"post_tag","embeddable":true,"href":"https:\/\/www.dynseo.com\/es\/wp-json\/wp\/v2\/tags?post=572915"}],"curies":[{"name":"wp","href":"https:\/\/api.w.org\/{rel}","templated":true}]}}