{"id":573086,"date":"2026-04-30T19:17:32","date_gmt":"2026-04-30T17:17:32","guid":{"rendered":"https:\/\/www.dynseo.com\/comment-expliquer-et-combattre-les-vertiges-des-enfants-2\/"},"modified":"2026-04-30T19:22:38","modified_gmt":"2026-04-30T17:22:38","slug":"como-explicar-y-combatir-los-vertigos-en-los-ninos","status":"publish","type":"post","link":"https:\/\/www.dynseo.com\/es\/como-explicar-y-combatir-los-vertigos-en-los-ninos\/","title":{"rendered":"C\u00f3mo explicar y combatir los v\u00e9rtigos en los ni\u00f1os?"},"content":{"rendered":"<p>[et_pb_section fb_built=\u00bb1&#8243; _builder_version=\u00bb4.16&#8243; custom_padding=\u00bb0px|0px|0px|0px|false|false\u00bb margin_top=\u00bb0px\u00bb margin_bottom=\u00bb0px\u00bb global_colors_info=\u00bb{}\u00bb][et_pb_row _builder_version=\u00bb4.16&#8243; custom_padding=\u00bb0px|0px|0px|0px|false|false\u00bb margin_top=\u00bb0px\u00bb margin_bottom=\u00bb0px\u00bb column_structure=\u00bb4_4&#8243; global_colors_info=\u00bb{}\u00bb][et_pb_column type=\u00bb4_4&#8243; _builder_version=\u00bb4.16&#8243; custom_padding=\u00bb0px|0px|0px|0px|false|false\u00bb global_colors_info=\u00bb{}\u00bb][et_pb_code _builder_version=\u00bb4.16&#8243; custom_padding=\u00bb0px|0px|0px|0px|false|false\u00bb global_colors_info=\u00bb{}\u00bb]<!DOCTYPE html><br \/>\n<html lang=\"fr\"><br \/>\n<head><br \/>\n    <meta charset=\"UTF-8\"><br \/>\n    <meta name=\"viewport\" content=\"width=device-width, initial-scale=1.0\"><br \/>\n    <title>Comment expliquer et combattre les vertiges chez les enfants ? | DYNSEO<\/title><br \/>\n    <meta name=\"description\" content=\"Guide complet pour comprendre, diagnostiquer et traiter les vertiges p\u00e9diatriques. Solutions pratiques, exercices et conseils d'experts pour accompagner votre enfant.\"><\/p>\n<link rel=\"preconnect\" href=\"https:\/\/fonts.googleapis.com\">\n    <link rel=\"preconnect\" href=\"https:\/\/fonts.gstatic.com\" crossorigin>\n    <link href=\"https:\/\/fonts.googleapis.com\/css2?family=Montserrat:wght@400;500;600;700&#038;family=Poppins:wght@300;400;500;600&#038;display=swap\" rel=\"stylesheet\">\n<style>\n        :root {\n            --primary-blue: #5e5ed7;\n            --dark-blue: #5268c9;\n            --teal: #a9e2e4;\n            --yellow: #ffeca7;\n            --pink: #e73469;\n            --white: #ffffff;\n            --light-gray: #f8f9fa;\n            --gray: #6c757d;\n            --dark-gray: #343a40;\n        }<\/p>\n<p>        * {\n            margin: 0;\n            padding: 0;\n            box-sizing: border-box;\n        }<\/p>\n<p>        body {\n            font-family: 'Poppins', sans-serif;\n            line-height: 1.6;\n            color: var(--dark-gray);\n            background: var(--white);\n        }<\/p>\n<p>        .article-hero {\n            background: linear-gradient(135deg, var(--primary-blue) 0%, var(--dark-blue) 100%);\n            color: var(--white);\n            padding: 60px 0 100px;\n            position: relative;\n            overflow: hidden;\n        }<\/p>\n<p>        .article-hero-inner {\n            max-width: 1200px;\n            margin: 0 auto;\n            padding: 0 20px;\n            position: relative;\n            z-index: 2;\n        }<\/p>\n<p>        .article-breadcrumb {\n            font-size: 14px;\n            margin-bottom: 20px;\n            opacity: 0.9;\n        }<\/p>\n<p>        .article-breadcrumb a {\n            color: var(--white);\n            text-decoration: none;\n        }<\/p>\n<p>        .article-category {\n            display: inline-block;\n            background: rgba(255, 255, 255, 0.2);\n            padding: 8px 16px;\n            border-radius: 25px;\n            font-size: 14px;\n            font-weight: 500;\n            margin-bottom: 20px;\n            backdrop-filter: blur(10px);\n        }<\/p>\n<p>        .article-hero h1 {\n            font-family: 'Montserrat', sans-serif;\n            font-size: 2.5rem;\n            font-weight: 700;\n            line-height: 1.2;\n            margin-bottom: 20px;\n        }<\/p>\n<p>        .hl {\n            background: linear-gradient(45deg, var(--yellow), var(--teal));\n            color: var(--dark-gray);\n            padding: 4px 8px;\n            border-radius: 6px;\n            font-weight: 600;\n        }<\/p>\n<p>        .article-meta {\n            display: flex;\n            gap: 30px;\n            margin-bottom: 30px;\n            font-size: 14px;\n        }<\/p>\n<p>        .article-meta div {\n            display: flex;\n            align-items: center;\n            gap: 8px;\n        }<\/p>\n<p>        .stars {\n            color: var(--yellow);\n            font-size: 16px;\n        }<\/p>\n<p>        .article-hero-curve {\n            position: absolute;\n            bottom: -1px;\n            left: 0;\n            width: 100%;\n            height: 60px;\n            background: var(--white);\n            border-radius: 50% 50% 0 0 \/ 100% 100% 0 0;\n        }<\/p>\n<p>        .article-body {\n            padding: 60px 0;\n        }<\/p>\n<p>        .container {\n            max-width: 1200px;\n            margin: 0 auto;\n            padding: 0 20px;\n        }<\/p>\n<p>        .intro-block {\n            background: linear-gradient(135deg, var(--light-gray) 0%, rgba(169, 226, 228, 0.1) 100%);\n            border-left: 5px solid var(--primary-blue);\n            padding: 30px;\n            border-radius: 10px;\n            margin-bottom: 50px;\n            font-size: 1.1rem;\n            line-height: 1.7;\n        }<\/p>\n<p>        .stats-grid {\n            display: grid;\n            grid-template-columns: repeat(auto-fit, minmax(250px, 1fr));\n            gap: 30px;\n            margin: 50px 0;\n        }<\/p>\n<p>        .stat-card {\n            background: var(--white);\n            padding: 30px;\n            border-radius: 15px;\n            text-align: center;\n            box-shadow: 0 10px 30px rgba(0,0,0,0.1);\n            border-top: 4px solid var(--primary-blue);\n            transition: transform 0.3s ease;\n        }<\/p>\n<p>        .stat-card:hover {\n            transform: translateY(-5px);\n        }<\/p>\n<p>        .stat-card .number {\n            font-family: 'Montserrat', sans-serif;\n            font-size: 2.5rem;\n            font-weight: 700;\n            color: var(--primary-blue);\n            display: block;\n            margin-bottom: 10px;\n        }<\/p>\n<p>        .stat-card .label {\n            font-weight: 500;\n            color: var(--gray);\n        }<\/p>\n<p>        .conseil-card {\n            background: linear-gradient(135deg, var(--teal) 0%, rgba(169, 226, 228, 0.3) 100%);\n            padding: 25px;\n            border-radius: 12px;\n            margin: 25px 0;\n            border-left: 5px solid var(--dark-blue);\n        }<\/p>\n<p>        .conseil-card h4 {\n            font-family: 'Montserrat', sans-serif;\n            color: var(--dark-blue);\n            margin-bottom: 15px;\n            display: flex;\n            align-items: center;\n            gap: 10px;\n        }<\/p>\n<p>        .key-points {\n            background: var(--light-gray);\n            padding: 25px;\n            border-radius: 12px;\n            margin: 25px 0;\n        }<\/p>\n<p>        .key-points ul {\n            list-style: none;\n            margin-left: 0;\n        }<\/p>\n<p>        .key-points li {\n            padding: 8px 0;\n            padding-left: 30px;\n            position: relative;\n        }<\/p>\n<p>        .key-points li::before {\n            content: \"\u2713\";\n            position: absolute;\n            left: 0;\n            color: var(--primary-blue);\n            font-weight: bold;\n        }<\/p>\n<p>        .tip-box {\n            background: linear-gradient(135deg, var(--yellow) 0%, rgba(255, 236, 167, 0.3) 100%);\n            padding: 20px;\n            border-radius: 10px;\n            margin: 20px 0;\n            border: 1px solid rgba(255, 236, 167, 0.5);\n        }<\/p>\n<p>        .tip-box-label {\n            font-weight: 600;\n            color: var(--dark-gray);\n            margin-bottom: 10px;\n            display: flex;\n            align-items: center;\n            gap: 8px;\n        }<\/p>\n<p>        .expert-box {\n            background: linear-gradient(135deg, rgba(94, 94, 215, 0.1) 0%, rgba(82, 104, 201, 0.05) 100%);\n            border: 1px solid var(--primary-blue);\n            border-radius: 12px;\n            padding: 25px;\n            margin: 25px 0;\n        }<\/p>\n<p>        .expert-box-label {\n            font-size: 12px;\n            text-transform: uppercase;\n            color: var(--primary-blue);\n            font-weight: 600;\n            margin-bottom: 8px;\n        }<\/p>\n<p>        .expert-box-title {\n            font-family: 'Montserrat', sans-serif;\n            font-size: 1.1rem;\n            font-weight: 600;\n            color: var(--dark-blue);\n            margin-bottom: 15px;\n        }<\/p>\n<p>        .expert-inner {\n            background: var(--white);\n            border-radius: 8px;\n            padding: 20px;\n            margin: 15px 0;\n            border-left: 4px solid var(--teal);\n        }<\/p>\n<p>        .expert-inner-title {\n            font-weight: 600;\n            color: var(--dark-blue);\n            margin-bottom: 10px;\n        }<\/p>\n<p>        .faq-list {\n            margin: 40px 0;\n        }<\/p>\n<p>        .faq-item {\n            border: 1px solid #e9ecef;\n            border-radius: 8px;\n            margin-bottom: 10px;\n            overflow: hidden;\n        }<\/p>\n<p>        .faq-q {\n            padding: 20px;\n            background: var(--light-gray);\n            cursor: pointer;\n            display: flex;\n            justify-content: space-between;\n            align-items: center;\n            font-weight: 500;\n            transition: background-color 0.3s ease;\n        }<\/p>\n<p>        .faq-q:hover {\n            background: rgba(94, 94, 215, 0.1);\n        }<\/p>\n<p>        .faq-icon {\n            font-size: 20px;\n            color: var(--primary-blue);\n            transition: transform 0.3s ease;\n        }<\/p>\n<p>        .faq-item.open .faq-icon {\n            transform: rotate(45deg);\n        }<\/p>\n<p>        .faq-a {\n            padding: 0 20px;\n            max-height: 0;\n            overflow: hidden;\n            transition: all 0.3s ease;\n            background: var(--white);\n        }<\/p>\n<p>        .faq-item.open .faq-a {\n            padding: 20px;\n            max-height: 500px;\n        }<\/p>\n<p>        .cta-box {\n            background: linear-gradient(135deg, var(--primary-blue) 0%, var(--dark-blue) 100%);\n            color: var(--white);\n            padding: 40px;\n            border-radius: 15px;\n            text-align: center;\n            margin: 50px 0;\n        }<\/p>\n<p>        .cta-buttons {\n            display: flex;\n            gap: 20px;\n            justify-content: center;\n            margin-top: 25px;\n            flex-wrap: wrap;\n        }<\/p>\n<p>        .btn-white {\n            background: var(--white);\n            color: var(--primary-blue);\n            padding: 15px 30px;\n            border-radius: 50px;\n            text-decoration: none;\n            font-weight: 600;\n            transition: transform 0.3s ease;\n            display: inline-block;\n        }<\/p>\n<p>        .btn-white:hover {\n            transform: translateY(-2px);\n        }<\/p>\n<p>        .btn-outline {\n            background: transparent;\n            color: var(--white);\n            border: 2px solid var(--white);\n            padding: 13px 30px;\n            border-radius: 50px;\n            text-decoration: none;\n            font-weight: 600;\n            transition: all 0.3s ease;\n            display: inline-block;\n        }<\/p>\n<p>        .btn-outline:hover {\n            background: var(--white);\n            color: var(--primary-blue);\n        }<\/p>\n<p>        .article-tags {\n            margin: 40px 0;\n            text-align: center;\n        }<\/p>\n<p>        .article-tag {\n            display: inline-block;\n            background: var(--light-gray);\n            color: var(--gray);\n            padding: 8px 16px;\n            border-radius: 20px;\n            margin: 5px;\n            font-size: 14px;\n            text-decoration: none;\n            transition: all 0.3s ease;\n        }<\/p>\n<p>        .article-tag:hover {\n            background: var(--primary-blue);\n            color: var(--white);\n        }<\/p>\n<p>        h2 {\n            font-family: 'Montserrat', sans-serif;\n            font-size: 1.8rem;\n            font-weight: 600;\n            color: var(--dark-blue);\n            margin: 40px 0 20px;\n            padding-bottom: 10px;\n            border-bottom: 3px solid var(--teal);\n        }<\/p>\n<p>        h3 {\n            font-family: 'Montserrat', sans-serif;\n            font-size: 1.3rem;\n            font-weight: 600;\n            color: var(--dark-blue);\n            margin: 25px 0 15px;\n        }<\/p>\n<p>        p {\n            margin-bottom: 15px;\n            line-height: 1.7;\n        }<\/p>\n<p>        table {\n            width: 100%;\n            border-collapse: collapse;\n            margin: 25px 0;\n            background: var(--white);\n            border-radius: 8px;\n            overflow: hidden;\n            box-shadow: 0 2px 10px rgba(0,0,0,0.1);\n        }<\/p>\n<p>        th {\n            background: var(--primary-blue);\n            color: var(--white);\n            padding: 15px;\n            font-weight: 600;\n            text-align: left;\n        }<\/p>\n<p>        td {\n            padding: 15px;\n            border-bottom: 1px solid #e9ecef;\n        }<\/p>\n<p>        tr:last-child td {\n            border-bottom: none;\n        }<\/p>\n<p>        tr:nth-child(even) {\n            background: var(--light-gray);\n        }<\/p>\n<p>        @media (max-width: 768px) {\n            .article-hero h1 {\n                font-size: 2rem;\n            }<\/p>\n<p>            .article-meta {\n                flex-direction: column;\n                gap: 15px;\n            }<\/p>\n<p>            .cta-buttons {\n                flex-direction: column;\n                align-items: center;\n            }<\/p>\n<p>            .stats-grid {\n                grid-template-columns: 1fr;\n            }\n        }\n    <\/style>\n<p><\/head><br \/>\n<body><\/p>\n<section class=\"article-hero\">\n<div class=\"article-hero-inner\">\n<nav class=\"article-breadcrumb\">\n            <a href=\"\/\">Inicio<\/a> \/ <a href=\"\/blog\">Blog<\/a> \/ <a href=\"\/sante-enfant\">Salud infantil<\/a> \/ V\u00e9rtigos en ni\u00f1os<br \/>\n        <\/nav>\n<div class=\"article-category\">\ud83e\udde0 Salud cognitiva<\/div>\n<h1>\u00bfC\u00f3mo explicar y combatir los <span class=\"hl\">v\u00e9rtigos en los ni\u00f1os<\/span>?<\/h1>\n<div class=\"article-meta\">\n<div>\ud83d\udcc5 Abril 2026<\/div>\n<div>\u23f1\ufe0f 15 min de lectura<\/div>\n<div>\ud83d\udc65 Padres y profesionales<\/div>\n<div class=\"stars\">\u2b50 4.8\/5<\/div>\n<\/p><\/div>\n<\/p><\/div>\n<div class=\"article-hero-curve\"><\/div>\n<\/section>\n<div class=\"article-body\">\n<div class=\"container\">\n<div class=\"intro-block\">\n            Los v\u00e9rtigos en el ni\u00f1o son m\u00e1s frecuentes de lo que se piensa y a menudo est\u00e1n subdiagnosticados. Cuando un ni\u00f1o dice que tiene \u00ab la cabeza que da vueltas \u00bb, los padres pueden sentirse desorientados ante esta situaci\u00f3n desconcertante. \u00bfSe trata de un simple malestar pasajero o de un problema m\u00e1s serio que requiere una consulta m\u00e9dica? Esta sensaci\u00f3n de v\u00e9rtigo puede tener m\u00faltiples or\u00edgenes e impactar significativamente la vida cotidiana del ni\u00f1o, desde sus actividades escolares hasta su vida social. Este art\u00edculo le ayuda a comprender los mecanismos complejos de los v\u00e9rtigos pedi\u00e1tricos, a reconocer las se\u00f1ales de alerta que deben preocuparle, y sobre todo a descubrir soluciones concretas y efectivas para acompa\u00f1ar a su hijo hacia un bienestar duradero. Nuestro enfoque combina experiencia m\u00e9dica, consejos pr\u00e1cticos y herramientas l\u00fadicas para transformar esta prueba en una oportunidad de aprendizaje y fortalecimiento del v\u00ednculo entre padres e hijos.\n        <\/div>\n<div class=\"stats-grid\">\n<div class=\"stat-card\">\n                <span class=\"number\">5-10%<\/span><br \/>\n                <span class=\"label\">de los ni\u00f1os experimentar\u00e1n al menos un episodio de v\u00e9rtigo antes de los 10 a\u00f1os<\/span>\n            <\/div>\n<div class=\"stat-card\">\n                <span class=\"number\">70%<\/span><br \/>\n                <span class=\"label\">de los v\u00e9rtigos pedi\u00e1tricos son de origen benigno<\/span>\n            <\/div>\n<div class=\"stat-card\">\n                <span class=\"number\">2-6 a\u00f1os<\/span><br \/>\n                <span class=\"label\">edad m\u00e1s frecuente para el v\u00e9rtigo parox\u00edstico benigno<\/span>\n            <\/div>\n<div class=\"stat-card\">\n                    <span class=\"number\">80%<\/span><br \/>\n                    <span class=\"label\">de eficacia de la rehabilitaci\u00f3n vestibular en el ni\u00f1o<\/span>\n                <\/div>\n<\/p><\/div>\n<h2>1. \ud83e\udde0 Comprender los mecanismos de los v\u00e9rtigos en el ni\u00f1o<\/h2>\n<pee>El v\u00e9rtigo es mucho m\u00e1s que una simple sensaci\u00f3n de mareo. Se trata de una ilusi\u00f3n de movimiento compleja donde el ni\u00f1o tiene la impresi\u00f3n de que todo gira a su alrededor, o que \u00e9l mismo gira en el espacio, mientras est\u00e1 perfectamente inm\u00f3vil. Esta sensaci\u00f3n resulta de un mal funcionamiento en los sistemas responsables del equilibrio, creando una contradicci\u00f3n entre la informaci\u00f3n sensorial recibida por el cerebro.<\/pee>\n<pee>Nuestro sistema de equilibrio se basa en tres pilares fundamentales que trabajan en perfecta armon\u00eda: el sistema vestibular del o\u00eddo interno que detecta los movimientos y la orientaci\u00f3n de la cabeza, el sistema visual que nos informa sobre nuestra posici\u00f3n en el espacio, y la propriocepci\u00f3n que nos informa sobre la posici\u00f3n de nuestro cuerpo gracias a los sensores presentes en nuestros m\u00fasculos y articulaciones. En el ni\u00f1o, estos sistemas a\u00fan est\u00e1n en maduraci\u00f3n, lo que puede explicar una mayor vulnerabilidad a los trastornos del equilibrio.<\/pee>\n<pee>La particularidad pedi\u00e1trica radica en que el cerebro del ni\u00f1o posee una plasticidad excepcional, lo que le permite compensar m\u00e1s r\u00e1pidamente que el adulto ciertos malfuncionamientos vestibulares. Esta capacidad de adaptaci\u00f3n notable explica por qu\u00e9 la rehabilitaci\u00f3n vestibular es particularmente efectiva en los j\u00f3venes pacientes, con tasas de \u00e9xito a menudo superiores al 80%.<\/pee>\n<div class=\"expert-box\">\n<div class=\"expert-box-label\">EXPERTICIA M\u00c9DICA<\/div>\n<div class=\"expert-box-title\">El desarrollo del sistema vestibular en el ni\u00f1o<\/div>\n<div class=\"expert-inner\">\n<div class=\"expert-inner-title\">Maduraci\u00f3n progresiva<\/div>\n<pee>El sistema vestibular comienza su desarrollo desde la vida embrionaria pero contin\u00faa su maduraci\u00f3n hasta la adolescencia. Esta evoluci\u00f3n explica por qu\u00e9 ciertos tipos de v\u00e9rtigos son m\u00e1s frecuentes a ciertas edades y pueden desaparecer espont\u00e1neamente con el crecimiento.<\/pee>\n                <\/div>\n<\/p><\/div>\n<div class=\"conseil-card\">\n<h4>\ud83d\udd0d Distinguir v\u00e9rtigo y otras sensaciones<\/h4>\n<pee>Es crucial diferenciar un verdadero v\u00e9rtigo (sensaci\u00f3n de rotaci\u00f3n) de un simple mareo (sensaci\u00f3n de cabeza ligera) o de un desequilibrio (inestabilidad sin rotaci\u00f3n). Esta distinci\u00f3n orienta el diagn\u00f3stico y el tratamiento. Ayuda a tu hijo a describir con precisi\u00f3n lo que siente utilizando met\u00e1foras simples: \u00ab\u00bfTienes la impresi\u00f3n de estar en un carrusel que gira?\u00bb<\/pee>\n            <\/div>\n<div class=\"tip-box\">\n<div class=\"tip-box-label\">\ud83d\udca1 Consejo pr\u00e1ctico<\/div>\n<pee>Para ayudar a su hijo a expresar mejor sus sensaciones, utilice soportes visuales: mu\u00e9strele un trompo que gira para ilustrar el v\u00e9rtigo, o h\u00e1galo caminar sobre una l\u00ednea imaginaria para probar su equilibrio. Estos ejercicios simples le ayudar\u00e1n a comprender mejor sus s\u00edntomas.<\/pee>\n            <\/div>\n<h2>2. \ud83d\udd0d Las principales causas de los v\u00e9rtigos pedi\u00e1tricos<\/h2>\n<pee>Los or\u00edgenes de los v\u00e9rtigos en el ni\u00f1o son m\u00faltiples y variados, y van desde causas perfectamente benignas hasta patolog\u00edas que requieren atenci\u00f3n especializada. La comprensi\u00f3n de estas diferentes etiolog\u00edas permite a los padres adoptar la actitud correcta frente a los s\u00edntomas y saber cu\u00e1ndo preocuparse leg\u00edtimamente.<\/pee>\n<pee>El v\u00e9rtigo parox\u00edstico benigno de la infancia representa la causa m\u00e1s frecuente en los 2-6 a\u00f1os. Estas crisis espectaculares pero afortunadamente breves se caracterizan por su aparici\u00f3n repentina, a menudo acompa\u00f1adas de una palidez intensa y a veces de v\u00f3mitos. El ni\u00f1o puede aferrarse desesperadamente a un adulto o sentarse bruscamente, pareciendo aterrorizado por esta sensaci\u00f3n que no comprende. Entre los episodios, el ni\u00f1o recupera un estado perfectamente normal, lo que tranquiliza sobre el car\u00e1cter benigno de esta condici\u00f3n.<\/pee>\n<pee>Las otitis, particularmente frecuentes en la infancia, constituyen otra causa importante de v\u00e9rtigos pedi\u00e1tricos. La infecci\u00f3n puede alcanzar el o\u00eddo medio o extenderse al o\u00eddo interno, perturbando directamente el sistema vestibular. La presencia simult\u00e1nea de dolor de o\u00eddo, fiebre o secreciones orienta r\u00e1pidamente el diagn\u00f3stico hacia esta origen infecciosa, generalmente f\u00e1cilmente tratable.<\/pee>\n<div class=\"key-points\">\n<h3>\ud83c\udfaf Causas frecuentes por orden de frecuencia<\/h3>\n<ul>\n<li>V\u00e9rtigo parox\u00edstico benigno de la infancia (VPBE) &#8211; 2 a 6 a\u00f1os<\/li>\n<li>Migra\u00f1a vestibular &#8211; todas las edades, antecedentes familiares<\/li>\n<li>Otitis medias y laberintitis &#8211; pico entre 2-3 a\u00f1os<\/li>\n<li>Hipotensi\u00f3n ortost\u00e1tica &#8211; adolescentes en crecimiento<\/li>\n<li>Ansiedad y estr\u00e9s &#8211; creciente con la edad escolar<\/li>\n<li>VPPB (V\u00e9rtigo Posicional Parox\u00edstico Benigno) &#8211; m\u00e1s raro<\/li>\n<\/ul><\/div>\n<div class=\"expert-box\">\n<div class=\"expert-box-label\">FOCO CL\u00cdNICO<\/div>\n<div class=\"expert-box-title\">La migra\u00f1a vestibular en el ni\u00f1o<\/div>\n<pee>A menudo desconocida, la migra\u00f1a vestibular puede manifestarse \u00fanicamente por v\u00e9rtigos, sin cefaleas. Afecta particularmente a los ni\u00f1os con antecedentes familiares de migra\u00f1as y puede evolucionar hacia una forma cl\u00e1sica en la adolescencia.<\/pee>\n<div class=\"expert-inner\">\n<div class=\"expert-inner-title\">Signos evocadores<\/div>\n<pee>V\u00e9rtigos recurrentes asociados a una sensibilidad al ruido y a la luz, n\u00e1useas, fatiga inusual, y a menudo una mejora en la calma y la oscuridad.<\/pee>\n                <\/div>\n<\/p><\/div>\n<h2>3. \ud83d\udc76 Reconocer los s\u00edntomas seg\u00fan la edad del ni\u00f1o<\/h2>\n<pee>La expresi\u00f3n de los v\u00e9rtigos var\u00eda considerablemente seg\u00fan la edad del ni\u00f1o, y esta diferencia del desarrollo constituye uno de los principales desaf\u00edos del diagn\u00f3stico pedi\u00e1trico. Cuanto m\u00e1s joven es el ni\u00f1o, m\u00e1s at\u00edpicas y dif\u00edciles de interpretar pueden ser las manifestaciones, requiriendo una observaci\u00f3n atenta de los padres y una especializaci\u00f3n m\u00e9dica.<\/pee>\n<pee>En el ni\u00f1o peque\u00f1o (0-2 a\u00f1os), los v\u00e9rtigos rara vez se traducen en una verbalizaci\u00f3n clara de la sensaci\u00f3n. El ni\u00f1o puede presentar llantos inexplicables e inconsolables, un agarre repentino y desesperado a los adultos, o un rechazo categ\u00f3rico a ser colocado en el suelo. La palidez repentina, el sudor, los v\u00f3mitos sin contexto infeccioso, y sobre todo un cambio brusco de comportamiento con inmovilizaci\u00f3n pueden ser los \u00fanicos indicios de la existencia de un v\u00e9rtigo.<\/pee>\n<pee>El ni\u00f1o en edad preescolar (2-5 a\u00f1os) comienza a poder expresar sus sensaciones de manera m\u00e1s expl\u00edcita, aunque el vocabulario sigue siendo limitado. Puede sentarse de repente durante sus juegos, agarrarse a los muebles, o expresar incomodidad con frases simples como \u00abest\u00e1 girando\u00bb o \u00abme duele el est\u00f3mago\u00bb. Este grupo de edad corresponde al pico del v\u00e9rtigo parox\u00edstico benigno de la infancia, de ah\u00ed la importancia de reconocer estas manifestaciones.<\/pee>\n<div class=\"conseil-card\">\n<h4>\ud83d\udd0e Observar los signos no verbales en el ni\u00f1o peque\u00f1o<\/h4>\n<pee>En los ni\u00f1os que a\u00fan no hablan, vigile los cambios de comportamiento: rechazo repentino a caminar, b\u00fasqueda constante de apoyo, modificaci\u00f3n de los h\u00e1bitos de juego. Un ni\u00f1o que evita repentinamente el columpio o el tobog\u00e1n puede expresar as\u00ed sus v\u00e9rtigos. Documente estas observaciones para el m\u00e9dico.<\/pee>\n            <\/div>\n<div class=\"tip-box\">\n<div class=\"tip-box-label\">\ud83d\udcf1 Aplicaci\u00f3n COCO PIENSA y COCO SE MUEVE<\/div>\n<pee>Nuestra aplicaci\u00f3n <a href=\"https:\/\/www.dynseo.com\/es\/coco-piensa-y-coco-se-mueve-software-educativo\/\" style=\"color: var(--primary-blue); font-weight: 600;\">COCO<\/a> propone juegos de equilibrio adaptados que pueden ayudar a detectar discretamente posibles trastornos en el ni\u00f1o, mientras refuerza sus capacidades vestibulares de manera l\u00fadica.<\/pee>\n            <\/div>\n<h2>4. \ud83d\udea8 Se\u00f1ales de alarma: cu\u00e1ndo consultar de urgencia<\/h2>\n<pee>Si la mayor\u00eda de los v\u00e9rtigos pedi\u00e1tricos se deben a causas benignas, algunas situaciones constituyen verdaderas urgencias m\u00e9dicas que requieren atenci\u00f3n inmediata. El conocimiento de estas se\u00f1ales de alarma puede permitir a los padres reaccionar r\u00e1pida y apropiadamente ante s\u00edntomas potencialmente graves.<\/pee>\n<pee>Cualquier v\u00e9rtigo que ocurra despu\u00e9s de un traumatismo craneal, incluso aparentemente menor, debe conducir imperativamente a una consulta urgente. El cerebro del ni\u00f1o es particularmente vulnerable a los golpes, y lesiones internas pueden desarrollarse varias horas despu\u00e9s del impacto inicial. Asimismo, la asociaci\u00f3n de v\u00e9rtigo y dolores de cabeza intensos, especialmente si estos son inusuales para el ni\u00f1o o se acompa\u00f1an de v\u00f3mitos en proyectil, puede revelar una hipertensi\u00f3n intracraneal.<\/pee>\n<pee>Los trastornos neurol\u00f3gicos asociados representan las se\u00f1ales de alarma m\u00e1s preocupantes: debilidad o par\u00e1lisis de un lado del cuerpo, trastornos del habla, dificultades de coordinaci\u00f3n, trastornos visuales como visi\u00f3n doble o p\u00e9rdida de campo visual. Estos signos pueden revelar una afectaci\u00f3n del sistema nervioso central que requiere atenci\u00f3n neurol\u00f3gica urgente.<\/pee>\n<div class=\"expert-box\">\n<div class=\"expert-box-label\">URGENCIA M\u00c9DICA<\/div>\n<div class=\"expert-box-title\">Cu\u00e1ndo llamar al 15 inmediatamente<\/div>\n<div class=\"expert-inner\">\n<div class=\"expert-inner-title\">Situaciones cr\u00edticas<\/div>\n<pee>V\u00e9rtigo + p\u00e9rdida de conocimiento, v\u00e9rtigo + fiebre alta con rigidez de nuca, v\u00e9rtigo + trastornos neurol\u00f3gicos (debilidad, trastornos visuales, dificultades del habla), v\u00e9rtigo persistente m\u00e1s de 24h con v\u00f3mitos incoercibles.<\/pee>\n                <\/div>\n<div class=\"expert-inner\">\n<div class=\"expert-inner-title\">Conducta a seguir<\/div>\n<pee>Mantener al ni\u00f1o en posici\u00f3n acostada, evitar cualquier movimiento brusco, anotar la hora de inicio de los s\u00edntomas, preparar la lista de medicamentos tomados recientemente.<\/pee>\n                <\/div>\n<\/p><\/div>\n<div class=\"key-points\">\n<h3>\u26a0\ufe0f Consulta r\u00e1pida recomendada si<\/h3>\n<ul>\n<li>\u00c9pisodios de v\u00e9rtigo recurrentes que impactan la vida cotidiana<\/li>\n<li>V\u00e9rtigos asociados a una disminuci\u00f3n progresiva de la audici\u00f3n<\/li>\n<li>Ansiedad importante del ni\u00f1o relacionada con los episodios<\/li>\n<li>V\u00e9rtigos desencadenados sistem\u00e1ticamente por ciertos movimientos<\/li>\n<li>Antecedentes familiares de trastornos vestibulares severos<\/li>\n<li>Dificultades escolares nuevas potencialmente relacionadas<\/li>\n<\/ul><\/div>\n<h2>5. \ud83d\udd2c El recorrido diagn\u00f3stico moderno<\/h2>\n<pee>El diagn\u00f3stico de los v\u00e9rtigos pedi\u00e1tricos se basa en un enfoque met\u00f3dico que combina una entrevista minuciosa, un examen cl\u00ednico especializado y ex\u00e1menes complementarios espec\u00edficos. Este enfoque multidisciplinario permite identificar con precisi\u00f3n el origen de los s\u00edntomas y orientar el tratamiento de manera \u00f3ptima.<\/pee>\n<pee>La entrevista constituye la piedra angular del diagn\u00f3stico, requiriendo a menudo varias consultas para afinar la anamnesis. El m\u00e9dico se interesa por las circunstancias de aparici\u00f3n de los v\u00e9rtigos, su duraci\u00f3n, intensidad, los factores desencadenantes o calmantes, as\u00ed como los s\u00edntomas asociados. Los antecedentes personales del ni\u00f1o (otitis recurrentes, traumatismos, migra\u00f1as) y familiares (migra\u00f1as, sordera, trastornos vestibulares) aportan elementos diagn\u00f3sticos valiosos.<\/pee>\n<pee>El examen cl\u00ednico especializado incluye la evaluaci\u00f3n del equilibrio est\u00e1tico y din\u00e1mico, la b\u00fasqueda de nistagmo espont\u00e1neo o provocado, el examen otosc\u00f3pico, y diversas maniobras diagn\u00f3sticas como la prueba de Dix-Hallpike para detectar un v\u00e9rtigo posicional. En el ni\u00f1o, estos ex\u00e1menes deben adaptarse a la edad y presentarse de manera l\u00fadica para obtener su cooperaci\u00f3n.<\/pee>\n<div class=\"conseil-card\">\n<h4>\ud83d\udccb Preparar eficazmente la consulta<\/h4>\n<pee>Lleve un diario detallado de los episodios: fecha, hora, duraci\u00f3n, circunstancias, s\u00edntomas asociados, lo que mejora o agrava. Grabe discretamente un episodio si es posible (con el consentimiento del ni\u00f1o). Liste todos los medicamentos tomados recientemente y los antecedentes familiares de migra\u00f1as o trastornos auditivos.<\/pee>\n            <\/div>\n<div class=\"tip-box\">\n<div class=\"tip-box-label\">\ud83c\udfaf Ex\u00e1menes complementarios posibles<\/div>\n<pee>Audiograma para evaluar la audici\u00f3n, videonistagmograf\u00eda para registrar los movimientos oculares, pruebas vestibulares cal\u00f3ricas, IRM cerebral si sospecha de causa central, an\u00e1lisis de sangre (NFS, hierro, tiroides) seg\u00fan la orientaci\u00f3n cl\u00ednica.<\/pee>\n            <\/div>\n<h2>6. \ud83d\udc8a Estrategias terap\u00e9uticas adaptadas al ni\u00f1o<\/h2>\n<pee>El tratamiento de los v\u00e9rtigos pedi\u00e1tricos debe ser personalizado seg\u00fan la edad del ni\u00f1o, la causa identificada y el impacto en su calidad de vida. El enfoque terap\u00e9utico moderno privilegia los m\u00e9todos no farmacol\u00f3gicos y la rehabilitaci\u00f3n, reservando los tratamientos farmacol\u00f3gicos para situaciones espec\u00edficas y por per\u00edodos limitados.<\/pee>\n<pee>Para el v\u00e9rtigo parox\u00edstico benigno de la infancia, que representa la causa m\u00e1s frecuente, el tratamiento es principalmente sintom\u00e1tico y tranquilizador. Los episodios son breves y se resuelven de forma espont\u00e1nea, el acompa\u00f1amiento psicol\u00f3gico y la educaci\u00f3n de los padres constituyen los pilares de la atenci\u00f3n. Se trata de explicar el car\u00e1cter benigno de la condici\u00f3n y de aprender a manejar las crisis cuando ocurren.<\/pee>\n<pee>La rehabilitaci\u00f3n vestibular representa un enfoque terap\u00e9utico de elecci\u00f3n en el ni\u00f1o, benefici\u00e1ndose de la notable plasticidad cerebral de esta poblaci\u00f3n. Esta rehabilitaci\u00f3n, llevada a cabo por fisioterapeutas especializados, tiene como objetivo estimular los mecanismos de compensaci\u00f3n central y mejorar la integraci\u00f3n de la informaci\u00f3n sensorial. El enfoque l\u00fadico es esencial para mantener la motivaci\u00f3n del ni\u00f1o a lo largo del tratamiento.<\/pee>\n<div class=\"expert-box\">\n<div class=\"expert-box-label\">INNOVACI\u00d3N TERAP\u00c9UTICA<\/div>\n<div class=\"expert-box-title\">Rehabilitaci\u00f3n vestibular moderna<\/div>\n<pee>Las nuevas t\u00e9cnicas de rehabilitaci\u00f3n utilizan la realidad virtual, los videojuegos terap\u00e9uticos y las aplicaciones m\u00f3viles para hacer los ejercicios m\u00e1s atractivos y motivadores para los ni\u00f1os.<\/pee>\n<div class=\"expert-inner\">\n<div class=\"expert-inner-title\">Ventajas en el ni\u00f1o<\/div>\n<pee>Plasticidad cerebral \u00f3ptima, motivaci\u00f3n mantenida por el juego, rapidez de compensaci\u00f3n (4-6 semanas vs 3-6 meses en el adulto), baja resistencia psicol\u00f3gica al cambio.<\/pee>\n                <\/div>\n<\/p><\/div>\n<div class=\"tip-box\">\n<div class=\"tip-box-label\">\ud83c\udfae COCO PIENSA y COCO SE MUEVE<\/div>\n<pee>Descubre nuestra aplicaci\u00f3n <a href=\"https:\/\/www.dynseo.com\/es\/coco-piensa-y-coco-se-mueve-software-educativo\/\" style=\"color: var(--primary-blue); font-weight: 600;\">COCO<\/a> que propone ejercicios de equilibrio y coordinaci\u00f3n especialmente dise\u00f1ados para los ni\u00f1os, con pausas activas que estimulan el sistema vestibular de manera l\u00fadica y progresiva.<\/pee>\n            <\/div>\n<h2>7. \ud83e\udd38 Ejercicios de rehabilitaci\u00f3n vestibular l\u00fadicos<\/h2>\n<pee>La rehabilitaci\u00f3n vestibular en el ni\u00f1o debe revestir un car\u00e1cter l\u00fadico para mantener el compromiso y la motivaci\u00f3n durante la duraci\u00f3n del tratamiento. Estos ejercicios, presentados en forma de juegos, permiten estimular eficazmente los diferentes componentes del sistema de equilibrio mientras se proporciona placer al ni\u00f1o.<\/pee>\n<pee>Los ejercicios de equilibrio est\u00e1tico constituyen la base de la rehabilitaci\u00f3n. El ejercicio del \u00abflamenco\u00bb transforma la posici\u00f3n unipodal en un juego divertido: el ni\u00f1o debe mantener el equilibrio sobre un pie como el elegante p\u00e1jaro, variando las condiciones (ojos abiertos y luego cerrados, sobre superficie estable y luego inestable). La progresi\u00f3n se realiza naturalmente aumentando la duraci\u00f3n y la complejidad, siempre en un esp\u00edritu de desaf\u00edo personal en lugar de una imposici\u00f3n terap\u00e9utica.<\/pee>\n<pee>Las actividades de equilibrio din\u00e1mico integran el movimiento en el aprendizaje. El juego del \u00abfun\u00e1mbulo\u00bb propone al ni\u00f1o caminar sobre una l\u00ednea trazada en el suelo, primero ancha y luego cada vez m\u00e1s fina, variando los ritmos (caminata normal, tal\u00f3n-pies, marcha atr\u00e1s). Estos ejercicios pueden enriquecerse con la adici\u00f3n de obst\u00e1culos que sortear o de objetos a transportar, transformando la sesi\u00f3n en un verdadero recorrido de aventura.<\/pee>\n<div class=\"conseil-card\">\n<h4>\ud83c\udfaf Ejercicio de estabilizaci\u00f3n de la mirada<\/h4>\n<pee>El juego de los \u00abojos magn\u00e9ticos\u00bb: el ni\u00f1o sigue con la mirada un objeto colorido (juguete, adhesivo en su pulgar) mientras mueve la cabeza de izquierda a derecha, y luego de arriba hacia abajo. El objetivo es mantener el objeto n\u00edtido y estable en su campo visual. Comenzar lentamente y luego acelerar progresivamente. Duraci\u00f3n: 5-10 minutos, 2 veces al d\u00eda.<\/pee>\n            <\/div>\n<div class=\"key-points\">\n<h3>\ud83c\udfc3 Programa de ejercicios semanal<\/h3>\n<ul>\n<li>Lunes\/Mi\u00e9rcoles\/Viernes: Equilibrio est\u00e1tico (flamenco, \u00e1rbol que no se mueve)<\/li>\n<li>Martes\/Jueves\/S\u00e1bado: Equilibrio din\u00e1mico (fun\u00e1mbulo, recorrido de obst\u00e1culos)<\/li>\n<li>Diario: Estabilizaci\u00f3n de la mirada (5 minutos por la ma\u00f1ana y por la noche)<\/li>\n<li>Domingo: Actividad libre (bicicleta, nataci\u00f3n, danza) seg\u00fan preferencias<\/li>\n<li>Progresi\u00f3n: aumentar dificultad cada semana seg\u00fan tolerancia<\/li>\n<li>Seguridad: siempre en presencia de un adulto, entorno seguro<\/li>\n<\/ul><\/div>\n<div class=\"tip-box\">\n<div class=\"tip-box-label\">\ud83c\udfaa Hacer que los ejercicios sean divertidos<\/div>\n<pee>Crea historias en torno a los ejercicios: \u00abEres un pirata en su barco que se balancea\u00bb para el equilibrio inestable, \u00abEres un esp\u00eda que sigue un objetivo\u00bb para los ejercicios oculares. \u00a1Usa m\u00fasica, recompensas visuales y celebra cada progreso!<\/pee>\n            <\/div>\n<h2>8. \ud83c\udfe0 Acompa\u00f1amiento diario y apoyo familiar<\/h2>\n<pee>El acompa\u00f1amiento diario de un ni\u00f1o que sufre de mareos requiere un enfoque amable y estructurado, combinando vigilancia m\u00e9dica y normalizaci\u00f3n de la vida familiar. Los padres juegan un papel central en el \u00e9xito del tratamiento, su actitud influyendo directamente en la evoluci\u00f3n de los s\u00edntomas y en la experiencia psicol\u00f3gica del ni\u00f1o.<\/pee>\n<pee>Durante las crisis de mareo, la primera prioridad es asegurar la seguridad f\u00edsica del ni\u00f1o mientras se le tranquiliza de manera efectiva. Es importante ayudarle a encontrar una posici\u00f3n c\u00f3moda y estable, evitar movimientos bruscos de la cabeza y mantener un ambiente tranquilo y reconfortante. La t\u00e9cnica de respiraci\u00f3n controlada puede ense\u00f1arse incluso a los m\u00e1s peque\u00f1os: inhalar lentamente por la nariz mientras se infla el abdomen, exhalar suavemente por la boca como si se soplara sobre una vela lejana.<\/pee>\n<pee>La explicaci\u00f3n adaptada a la edad del ni\u00f1o es un elemento terap\u00e9utico esencial. Usar met\u00e1foras simples y tranquilizadoras ayuda al ni\u00f1o a entender lo que le est\u00e1 sucediendo: \u00abEn tu o\u00eddo, hay un peque\u00f1o nivel de burbuja como el de pap\u00e1 para sus manualidades. A veces, la burbuja se mueve un poco y eso da esa sensaci\u00f3n extra\u00f1a, pero no es peligroso y vuelve a la normalidad por s\u00ed solo.\u00bb Esta desmitificaci\u00f3n reduce la ansiedad anticipatoria y favorece la colaboraci\u00f3n del ni\u00f1o en su tratamiento.<\/pee>\n<div class=\"expert-box\">\n<div class=\"expert-box-label\">PSICOLOG\u00cdA PEDI\u00c1TRICA<\/div>\n<div class=\"expert-box-title\">Impacto psicol\u00f3gico de los mareos<\/div>\n<pee>Los mareos recurrentes pueden generar una ansiedad anticipatoria en el ni\u00f1o, limitando sus actividades y su desarrollo social. Un tratamiento psicol\u00f3gico puede ser beneficioso.<\/pee>\n<div class=\"expert-inner\">\n<div class=\"expert-inner-title\">Signos de alerta psicol\u00f3gicos<\/div>\n<pee>Evitar actividades habituales, nuevos miedos, trastornos del sue\u00f1o, regresi\u00f3n conductual, dificultades de separaci\u00f3n, m\u00faltiples quejas som\u00e1ticas.<\/pee>\n                <\/div>\n<\/p><\/div>\n<div class=\"conseil-card\">\n<h4>\ud83d\udee1\ufe0f Adaptar el entorno dom\u00e9stico<\/h4>\n<pee>Seguridad en el hogar: barandillas en las escaleras, iluminaci\u00f3n nocturna suficiente, alfombrillas antideslizantes en el ba\u00f1o. Crea un \u00abrinc\u00f3n reconfortante\u00bb con cojines y objetos tranquilizadores donde el ni\u00f1o pueda refugiarse durante las crisis. Evita entornos visualmente demasiado estimulantes (luces intermitentes, televisi\u00f3n demasiado alta).<\/pee>\n            <\/div>\n<h2>9. \ud83d\udcda Mareos e impacto en la escolaridad<\/h2>\n<pee>Las repercusiones escolares de los mareos pedi\u00e1tricos a menudo se subestiman, sin embargo, pueden impactar significativamente en el aprendizaje, la socializaci\u00f3n y el desarrollo del ni\u00f1o. Una comunicaci\u00f3n proactiva con el equipo educativo y la implementaci\u00f3n de adaptaciones adecuadas son elementos clave para el \u00e9xito escolar de estos ni\u00f1os.<\/pee>\n<pee>Las ausencias repetidas relacionadas con las crisis de mareos pueden crear retrasos en el aprendizaje, particularmente preocupantes en las materias fundamentales. M\u00e1s all\u00e1 del aspecto puramente pedag\u00f3gico, el ni\u00f1o puede desarrollar una ansiedad de rendimiento, temiendo no alcanzar a sus compa\u00f1eros o sufrir una nueva crisis en clase. Esta espiral ansiosa puede, parad\u00f3jicamente, agravar los s\u00edntomas vestibulares, creando un c\u00edrculo vicioso perjudicial.<\/pee>\n<pee>La concentraci\u00f3n en clase puede verse alterada en un ni\u00f1o que sufre de mareos cr\u00f3nicos, incluso fuera de las crisis agudas. La fatiga generada por la compensaci\u00f3n vestibular constante, la ansiedad anticipatoria y, a veces, los efectos secundarios de los tratamientos pueden disminuir las capacidades atencionales. Estas dificultades, si no se reconocen y tienen en cuenta, pueden interpretarse err\u00f3neamente como falta de motivaci\u00f3n o trastornos del comportamiento.<\/pee>\n<div class=\"tip-box\">\n<div class=\"tip-box-label\">\ud83d\udccb Proyecto de Acogida Individualizado (PAI)<\/div>\n<pee>Si los mareos impactan significativamente en la escolaridad, la implementaci\u00f3n de un PAI permite formalizar las adaptaciones necesarias: autorizaci\u00f3n para salir de clase, adaptaci\u00f3n de las actividades deportivas, tiempo adicional para las evaluaciones si es necesario, informaci\u00f3n a todos los intervinientes escolares.<\/pee>\n            <\/div>\n<div class=\"key-points\">\n<h3>\ud83c\udf92 Adaptaciones escolares recomendadas<\/h3>\n<ul>\n<li>Ubicaci\u00f3n preferente cerca de la puerta para una salida f\u00e1cil si es necesario<\/li>\n<li>Autorizaci\u00f3n de pausa en caso de sensaci\u00f3n de v\u00e9rtigo<\/li>\n<li>Adaptaci\u00f3n de las actividades de educaci\u00f3n f\u00edsica (evitar rotaciones r\u00e1pidas, alturas)<\/li>\n<li>Informaci\u00f3n de la enfermera escolar sobre la conducta a seguir<\/li>\n<li>Comunicaci\u00f3n regular entre la familia y el equipo educativo<\/li>\n<li>Concienciaci\u00f3n de los compa\u00f1eros si es necesario (con el consentimiento del ni\u00f1o)<\/li>\n<\/ul><\/div>\n<h2>10. \ud83c\udf31 Prevenci\u00f3n y higiene de vida \u00f3ptima<\/h2>\n<pee>La prevenci\u00f3n de los v\u00e9rtigos pedi\u00e1tricos se basa en un enfoque global de higiene de vida, que busca optimizar el funcionamiento del sistema vestibular y reducir los factores de riesgo identificables. Este enfoque preventivo, accesible a todas las familias, constituye un complemento esencial a los tratamientos espec\u00edficos y puede mejorar significativamente la calidad de vida del ni\u00f1o.<\/pee>\n<pee>El sue\u00f1o ocupa un lugar central en la prevenci\u00f3n de los trastornos vestibulares. Un ni\u00f1o cansado presenta una vulnerabilidad aumentada a los v\u00e9rtigos, ya que su cerebro tiene m\u00e1s dificultades para integrar y procesar correctamente la informaci\u00f3n sensorial. Las recomendaciones incluyen horarios de acostarse regulares adaptados a la edad (19:30-20:30 para los 3-8 a\u00f1os, 21:00-22:00 para los preadolescentes), un ambiente de sue\u00f1o \u00f3ptimo (habitaci\u00f3n fresca, oscura, silenciosa), y la limitaci\u00f3n de las pantallas antes de acostarse que pueden perturbar la secreci\u00f3n de melatonina.<\/pee>\n<pee>La hidrataci\u00f3n representa otro pilar fundamental, la deshidrataci\u00f3n, incluso leve, puede provocar mareos y favorecer los v\u00e9rtigos. El ni\u00f1o debe beber regularmente a lo largo del d\u00eda, prestando especial atenci\u00f3n en climas c\u00e1lidos, durante la actividad f\u00edsica, o en caso de fiebre. Las bebidas azucaradas o excitantes deben evitarse, siendo el agua la bebida de referencia, posiblemente adornada con frutas frescas para hacerla m\u00e1s atractiva.<\/pee>\n<div class=\"conseil-card\">\n<h4>\ud83c\udf4e Nutrici\u00f3n anti-v\u00e9rtigo<\/h4>\n<pee>Priorice una alimentaci\u00f3n equilibrada con comidas regulares para evitar la hipoglucemia. Limite los alimentos ricos en sodio que pueden afectar el equilibrio h\u00eddrico del o\u00eddo interno. En caso de migra\u00f1a vestibular, identifique y evite los alimentos desencadenantes potenciales (chocolate, quesos fermentados, c\u00edtricos seg\u00fan los casos).<\/pee>\n            <\/div>\n<div class=\"expert-box\">\n<div class=\"expert-box-label\">INVESTIGACI\u00d3N ACTUAL<\/div>\n<div class=\"expert-box-title\">Actividad f\u00edsica y sistema vestibular<\/div>\n<pee>Los estudios recientes muestran que el ejercicio f\u00edsico regular mejora significativamente la funci\u00f3n vestibular en el ni\u00f1o al estimular la neuroplasticidad y los mecanismos de compensaci\u00f3n.<\/pee>\n<div class=\"expert-inner\">\n<div class=\"expert-inner-title\">Deportes recomendados<\/div>\n<pee>Nataci\u00f3n (estimulaci\u00f3n vestibular suave), bicicleta (equilibrio din\u00e1mico), danza (coordinaci\u00f3n), artes marciales adaptadas (propiocepci\u00f3n). Evitar temporalmente deportes de riesgo de choque durante per\u00edodos sintom\u00e1ticos.<\/pee>\n                <\/div>\n<\/p><\/div>\n<h2>11. \ud83c\udfaf Herramientas digitales y aplicaciones terap\u00e9uticas<\/h2>\n<pee>La era digital ha revolucionado el enfoque terap\u00e9utico de los trastornos vestibulares pedi\u00e1tricos, ofreciendo nuevas herramientas interactivas y motivadoras para acompa\u00f1ar la rehabilitaci\u00f3n. Estas tecnolog\u00edas innovadoras aprovechan el atractivo natural de los ni\u00f1os por los soportes digitales mientras proporcionan ejercicios terap\u00e9uticos validados cient\u00edficamente.<\/pee>\n<pee>Las aplicaciones de rehabilitaci\u00f3n vestibular utilizan sensores integrados en smartphones y tabletas para proponer ejercicios de equilibrio gamificados. Estos programas adaptan autom\u00e1ticamente la dificultad seg\u00fan los progresos del ni\u00f1o, manteniendo un nivel de desaf\u00edo \u00f3ptimo para fomentar el compromiso y la progresi\u00f3n. Los sistemas de recompensas virtuales, insignias y clasificaciones transforman la obligaci\u00f3n terap\u00e9utica en placer l\u00fadico.<\/pee>\n<pee>La realidad virtual representa un enfoque particularmente prometedor, permitiendo crear entornos controlados para exponer progresivamente al ni\u00f1o a estimulaciones vestibulares variadas. Estas herramientas facilitan la habituaci\u00f3n a las sensaciones de movimiento mientras ofrecen un marco seguro y modulable seg\u00fan las necesidades individuales. La inmersi\u00f3n virtual puede simular situaciones de la vida cotidiana (transportes, juegos de bal\u00f3n) en un contexto terap\u00e9utico controlado.<\/pee>\n<div class=\"tip-box\">\n<div class=\"tip-box-label\">\ud83d\ude80 COCO PIENSA y COCO SE MUEVE<\/div>\n<pee>Nuestra aplicaci\u00f3n <a href=\"https:\/\/www.dynseo.com\/es\/coco-piensa-y-coco-se-mueve-software-educativo\/\" style=\"color: var(--primary-blue); font-weight: 600;\">COCO<\/a> integra espec\u00edficamente ejercicios de equilibrio y coordinaci\u00f3n en un entorno l\u00fadico adaptado a los ni\u00f1os. Las pausas activas propuestas estimulan naturalmente el sistema vestibular mientras ofrecen una experiencia de juego enriquecedora y educativa.<\/pee>\n            <\/div>\n<div class=\"key-points\">\n<h3>\ud83d\udcf1 Funcionalidades de las apps terap\u00e9uticas modernas<\/h3>\n<ul>\n<li>Ejercicios personalizados seg\u00fan la edad y capacidades del ni\u00f1o<\/li>\n<li>Progresi\u00f3n autom\u00e1tica basada en el rendimiento<\/li>\n<li>Interfaz l\u00fadica con recompensas y \u00e1nimos<\/li>\n<li>Seguimiento de los progresos compartible con los profesionales<\/li>\n<li>Ejercicios adaptables seg\u00fan el entorno (hogar, escuela)<\/li>\n<li>Recordatorios y notificaciones para mantener la regularidad<\/li>\n<\/ul><\/div>\n<h2>12. \ud83e\ude7a Innovaciones diagn\u00f3sticas y terap\u00e9uticas<\/h2>\n<pee>La medicina vestibular pedi\u00e1trica se beneficia actualmente de avances tecnol\u00f3gicos notables que transforman los enfoques diagn\u00f3sticos y terap\u00e9uticos. Estas innovaciones permiten una evaluaci\u00f3n m\u00e1s precisa de los trastornos del equilibrio en el ni\u00f1o y abren nuevas perspectivas de tratamiento personalizado.<\/pee>\n<pee>Los nuevos sistemas de videonistagmograf\u00eda de alta definici\u00f3n permiten analizar con una precisi\u00f3n inigualable los movimientos oculares reflejos, verdaderas ventanas sobre el funcionamiento vestibular. Estos equipos, adaptados a la morfolog\u00eda pedi\u00e1trica, facilitan la exploraci\u00f3n de los ni\u00f1os incluso muy peque\u00f1os gracias a interfaces l\u00fadicas y tiempos de examen reducidos. El an\u00e1lisis automatizado de los datos permite a los cl\u00ednicos detectar anomal\u00edas sutiles que escapar\u00edan a la observaci\u00f3n tradicional.<\/pee>\n<pee>La plataforma de posturograf\u00eda din\u00e1mica representa otro avance importante, evaluando de manera objetiva el equilibrio del ni\u00f1o en condiciones variadas y controladas. Estos sistemas proponen entornos virtuales inmersivos que ponen a prueba la capacidad de adaptaci\u00f3n vestibular mientras cautivan la atenci\u00f3n del ni\u00f1o. Los datos recogidos orientan precisamente la rehabilitaci\u00f3n al identificar los d\u00e9ficits espec\u00edficos a corregir.<\/pee>\n<div class=\"expert-box\">\n<div class=\"expert-box-label\">INNOVACI\u00d3N TECNOL\u00d3GICA<\/div>\n<div class=\"expert-box-title\">Inteligencia artificial en vestibulolog\u00eda<\/div>\n<pee>Los algoritmos de IA analizan ahora los patrones de movimientos oculares y posturales para afinar los diagn\u00f3sticos diferenciales y predecir la evoluci\u00f3n de los trastornos vestibulares en el ni\u00f1o.<\/pee>\n<div class=\"expert-inner\">\n<div class=\"expert-inner-title\">Ventajas cl\u00ednicas<\/div>\n<pee>Diagn\u00f3stico m\u00e1s temprano, personalizaci\u00f3n \u00f3ptima de los tratamientos, predicci\u00f3n de la evoluci\u00f3n, detecci\u00f3n de reca\u00eddas, optimizaci\u00f3n del seguimiento terap\u00e9utico.<\/pee>\n                <\/div>\n<\/p><\/div>\n<div class=\"conseil-card\">\n<h4>\ud83d\udd2c Telemedicina y seguimiento a distancia<\/h4>\n<pee>Las plataformas de teleconsulta especializadas permiten un seguimiento regular de los ni\u00f1os que sufren de v\u00e9rtigos, particularmente \u00fatil para las familias alejadas de los centros especializados. Las aplicaciones de seguimiento conectadas transmiten en tiempo real los datos de ejercicios y la evoluci\u00f3n de los s\u00edntomas a los profesionales.<\/pee>\n            <\/div>\n<div class=\"cta-box\">\n<h3>\ud83c\udf1f Acompa\u00f1e a su hijo hacia un mejor equilibrio<\/h3>\n<pee>Descubra c\u00f3mo nuestra aplicaci\u00f3n COCO puede apoyar la rehabilitaci\u00f3n vestibular de su hijo gracias a juegos especialmente dise\u00f1ados para estimular el equilibrio y la coordinaci\u00f3n de manera l\u00fadica y progresiva.<\/pee>\n<div class=\"cta-buttons\">\n                    <a href=\"https:\/\/www.dynseo.com\/es\/coco-piensa-y-coco-se-mueve-software-educativo\/\" class=\"btn-white\">Descubrir COCO<\/a><br \/>\n                    <a href=\"#\" class=\"btn-outline\">Gu\u00eda gratuita<\/a>\n                <\/div>\n<\/p><\/div>\n<div class=\"faq-list\">\n<h2>\u2753 Preguntas frecuentes<\/h2>\n<div class=\"faq-item\">\n<div class=\"faq-q\">\n                        <span>\u00bfEs normal que mi hijo de 4 a\u00f1os diga a menudo que \u00abtodo gira\u00bb? <\/span><br \/>\n                        <span class=\"faq-icon\">+<\/span>\n                    <\/div>\n<div class=\"faq-a\">\n                        <pee>Los episodios ocasionales de mareos son relativamente frecuentes en los ni\u00f1os en edad preescolar y a menudo corresponden al v\u00e9rtigo parox\u00edstico benigno de la infancia. Sin embargo, si estos episodios son frecuentes (m\u00e1s de una vez por semana), duran mucho tiempo, se acompa\u00f1an de otros s\u00edntomas (v\u00f3mitos, dolores de cabeza, trastornos auditivos) o impactan las actividades diarias de su hijo, se requiere una consulta pedi\u00e1trica para descartar cualquier causa subyacente y proponer una atenci\u00f3n adecuada.<\/pee>\n                    <\/div>\n<\/p><\/div>\n<div class=\"faq-item\">\n<div class=\"faq-q\">\n                        <span>\u00bfPueden los mareos estar relacionados con el estr\u00e9s o la ansiedad en el ni\u00f1o?<\/span><br \/>\n                        <span class=\"faq-icon\">+<\/span>\n                    <\/div>\n<div class=\"faq-a\">\n                        <pee>Absolutamente. La ansiedad y el estr\u00e9s representan causas significativas de sensaciones de mareo en el ni\u00f1o, especialmente frecuentes durante per\u00edodos dif\u00edciles como el inicio del a\u00f1o escolar, una mudanza, problemas familiares o dificultades relacionales. Estos mareos \u00abpsic\u00f3genos\u00bb son reales y requieren una atenci\u00f3n adecuada que combine tranquilidad, t\u00e9cnicas de relajaci\u00f3n y, a veces, apoyo psicol\u00f3gico. Es importante no minimizar estos s\u00edntomas e identificar los factores de estr\u00e9s para proponer estrategias de adaptaci\u00f3n apropiadas.<\/pee>\n                    <\/div>\n<\/p><\/div>\n<div class=\"faq-item\">\n<div class=\"faq-q\">\n                        <span>\u00bfA partir de qu\u00e9 edad se puede considerar una rehabilitaci\u00f3n vestibular?<\/span><br \/>\n                        <span class=\"faq-icon\">+<\/span>\n                    <\/div>\n<div class=\"faq-a\">\n                        <pee>La rehabilitaci\u00f3n vestibular se puede proponer a partir de los 4-5 a\u00f1os, adaptada en forma de ejercicios l\u00fadicos y juegos. Los fisioterapeutas especializados en rehabilitaci\u00f3n vestibular saben perfectamente adaptar sus t\u00e9cnicas a la edad del ni\u00f1o, transformando los ejercicios terap\u00e9uticos en actividades divertidas y motivadoras. La eficacia es generalmente excelente en el ni\u00f1o gracias a la notable plasticidad cerebral que caracteriza este per\u00edodo de desarrollo, permitiendo una compensaci\u00f3n r\u00e1pida y duradera de los d\u00e9ficits vestibulares.<\/pee>\n                    <\/div>\n<\/p><\/div>\n<div class=\"faq-item\">\n<div class=\"faq-q\">\n                        <span>\u00bfPuede mi hijo practicar deporte a pesar de sus mareos?<\/span><br \/>\n                        <span class=\"faq-icon\">+<\/span>\n                    <\/div>\n<div class=\"faq-a\">\n                        <pee>En la mayor\u00eda de los casos, la actividad f\u00edsica no solo est\u00e1 permitida sino que se recomienda ya que contribuye a mejorar el equilibrio y estimula los mecanismos de compensaci\u00f3n vestibular. Sin embargo, durante los per\u00edodos de v\u00e9rtigos frecuentes, puede ser prudente adaptar temporalmente la pr\u00e1ctica deportiva: evitar los deportes con riesgo de ca\u00edda importante (escalada, gimnasia en aparatos), limitar las actividades que impliquen rotaciones r\u00e1pidas, privilegiar los deportes en un entorno seguro. La nataci\u00f3n, la bicicleta y la caminata generalmente se toleran bien y son beneficiosos.<\/pee>\n                    <\/div>\n<\/p><\/div>\n<div class=\"faq-item\">\n<div class=\"faq-q\">\n                        <span>\u00bfLas pantallas pueden agravar los v\u00e9rtigos de mi hijo?<\/span><br \/>\n                        <span class=\"faq-icon\">+<\/span>\n                    <\/div>\n<div class=\"faq-a\">\n                        <pee>S\u00ed, el uso excesivo de pantallas puede contribuir efectivamente a los v\u00e9rtigos en algunos ni\u00f1os sensibles. Las pantallas pueden provocar fatiga visual, dolores de cabeza y sensaciones de mareo, particularmente durante un uso prolongado o en malas condiciones (iluminaci\u00f3n inadecuada, distancia demasiado cercana). Los videojuegos con movimientos r\u00e1pidos o efectos 3D pronunciados pueden desencadenar v\u00e9rtigos en los ni\u00f1os predispuestos. Se recomienda limitar el tiempo de pantalla, establecer pausas regulares (regla 20-20-20: cada 20 minutos, mirar a 20 metros durante 20 segundos) y asegurar una iluminaci\u00f3n y una distancia apropiadas.<\/pee>\n                    <\/div>\n<\/p><\/div>\n<div class=\"faq-item\">\n<div class=\"faq-q\">\n                        <span>\u00bfC\u00f3mo explicar los v\u00e9rtigos a mi hijo sin preocuparlo?<\/span><br \/>\n                        <span class=\"faq-icon\">+<\/span>\n                    <\/div>\n<div class=\"faq-a\">\n                        <pee>La explicaci\u00f3n debe adaptarse a la edad del ni\u00f1o utilizando met\u00e1foras simples y reconfortantes. Puedes decir: \u00abEn tu o\u00eddo, hay un peque\u00f1o sistema que ayuda a tu cuerpo a saber si est\u00e1 recto<br \/>\n<script type=\"application\/ld+json\">\n{\n  \"@context\": \"https:\/\/schema.org\",\n  \"@graph\": [\n    {\n      \"@type\": \"Article\",\n      \"headline\": \"Comment expliquer et combattre les vertiges des enfants ?\",\n      \"description\": \"\ud83e\udde0 Sant\u00e9 cognitive - Comment expliquer et combattre les vertiges chez les enfants ? \ud83d\udcc5 Avril 2026 \u23f1\ufe0f 15 min de lecture\",\n      \"url\": \"https:\/\/www.dynseo.com\/comment-expliquer-et-combattre-les-vertiges-des-enfants\/\",\n      \"datePublished\": \"2026-04-07\",\n      \"author\": {\n        \"@type\": \"Organization\",\n        \"name\": \"DYNSEO\",\n        \"url\": \"https:\/\/www.dynseo.com\"\n      },\n      \"publisher\": {\n        \"@type\": \"Organization\",\n        \"name\": \"DYNSEO\",\n        \"url\": \"https:\/\/www.dynseo.com\"\n      },\n      \"image\": \"https:\/\/www.dynseo.com\/wp-content\/uploads\/2026\/04\/vertiges-enfants.jpg\",\n      \"aggregateRating\": {\n        \"@type\": \"AggregateRating\",\n        \"ratingValue\": \"4.8\",\n        \"bestRating\": \"5\",\n        \"ratingCount\": \"47\"\n      }\n    },\n    {\n      \"@type\": \"WebPage\",\n      \"url\": \"https:\/\/www.dynseo.com\/comment-expliquer-et-combattre-les-vertiges-des-enfants\/\",\n      \"name\": \"Comment expliquer et combattre les vertiges des enfants ?\",\n      \"description\": \"\ud83e\udde0 Sant\u00e9 cognitive - Comment expliquer et combattre les vertiges chez les enfants ? \ud83d\udcc5 Avril 2026 \u23f1\ufe0f 15 min de lecture\"\n    },\n    {\n      \"@type\": \"BreadcrumbList\",\n      \"itemListElement\": [\n        {\n          \"@type\": \"ListItem\",\n          \"position\": 1,\n          \"name\": \"Accueil\",\n          \"item\": \"https:\/\/www.dynseo.com\"\n        },\n        {\n          \"@type\": \"ListItem\",\n          \"position\": 2,\n          \"name\": \"Blog\",\n          \"item\": \"https:\/\/www.dynseo.com\/blog\"\n        },\n        {\n          \"@type\": \"ListItem\",\n          \"position\": 3,\n          \"name\": \"Comment expliquer et combattre les vertiges des enfants ?\"\n        }\n      ]\n    },\n    {\n      \"@type\": \"FAQPage\",\n      \"mainEntity\": [\n        {\n          \"@type\": \"Question\",\n          \"name\": \"Mon enfant de 4 ans dit souvent que \"\u00e7a tourne\". Est-ce normal \u00e0 cet \u00e2ge ?\",\n          \"acceptedAnswer\": {\n            \"@type\": \"Answer\",\n            \"text\": \"Les sensations de vertige chez les jeunes enfants peuvent \u00eatre normales dans certains contextes, mais il est important de consulter un professionnel de sant\u00e9 pour \u00e9valuer la fr\u00e9quence et l'intensit\u00e9 de ces \u00e9pisodes.\"\n          }\n        },\n        {\n          \"@type\": \"Question\",\n          \"name\": \"Les vertiges peuvent-ils \u00eatre li\u00e9s au stress ou \u00e0 l'anxi\u00e9t\u00e9 chez l'enfant ?\",\n          \"acceptedAnswer\": {\n            \"@type\": \"Answer\",\n            \"text\": \"Oui, le stress et l'anxi\u00e9t\u00e9 peuvent effectivement provoquer des sensations de vertige chez l'enfant. Il est important d'identifier et de traiter les sources de stress pour am\u00e9liorer le bien-\u00eatre g\u00e9n\u00e9ral de l'enfant.\"\n          }\n        },\n        {\n          \"@type\": \"Question\",\n          \"name\": \"\u00c0 partir de quel \u00e2ge peut-on envisager une r\u00e9\u00e9ducation vestibulaire ?\",\n          \"acceptedAnswer\": {\n            \"@type\": \"Answer\",\n            \"text\": \"La r\u00e9\u00e9ducation vestibulaire peut \u00eatre adapt\u00e9e aux enfants d\u00e8s l'\u00e2ge de 5-6 ans, selon leur capacit\u00e9 de compr\u00e9hension et de coop\u00e9ration. Un professionnel sp\u00e9cialis\u00e9 pourra \u00e9valuer la faisabilit\u00e9 au cas par cas.\"\n          }\n        }\n      ]\n    }\n  ]\n}\n<\/script>[\/et_pb_code][\/et_pb_column][\/et_pb_row][\/et_pb_section]<\/p>\n","protected":false},"excerpt":{"rendered":"","protected":false},"author":4,"featured_media":411079,"comment_status":"closed","ping_status":"closed","sticky":false,"template":"","format":"standard","meta":{"_et_pb_use_builder":"on","_et_pb_old_content":"[et_pb_section fb_built=\"1\" _builder_version=\"4.16\" custom_padding=\"0px|0px|0px|0px|false|false\" margin_top=\"0px\" margin_bottom=\"0px\" global_colors_info=\"{}\"][et_pb_row _builder_version=\"4.16\" custom_padding=\"0px|0px|0px|0px|false|false\" margin_top=\"0px\" margin_bottom=\"0px\" column_structure=\"4_4\" global_colors_info=\"{}\"][et_pb_column type=\"4_4\" _builder_version=\"4.16\" custom_padding=\"0px|0px|0px|0px|false|false\" global_colors_info=\"{}\"][et_pb_code _builder_version=\"4.16\" custom_padding=\"0px|0px|0px|0px|false|false\" global_colors_info=\"{}\"]<!DOCTYPE html>\n<html lang=\"fr\">\n<head>\n    <meta charset=\"UTF-8\">\n    <meta name=\"viewport\" content=\"width=device-width, initial-scale=1.0\">\n    <title>Comment expliquer et combattre les vertiges chez les enfants ? | DYNSEO<\/title>\n    <meta name=\"description\" content=\"Guide complet pour comprendre, diagnostiquer et traiter les vertiges p\u00e9diatriques. Solutions pratiques, exercices et conseils d'experts pour accompagner votre enfant.\">\n    \n    <link rel=\"preconnect\" href=\"https:\/\/fonts.googleapis.com\">\n    <link rel=\"preconnect\" href=\"https:\/\/fonts.gstatic.com\" crossorigin>\n    <link href=\"https:\/\/fonts.googleapis.com\/css2?family=Montserrat:wght@400;500;600;700&family=Poppins:wght@300;400;500;600&display=swap\" rel=\"stylesheet\">\n    \n    <style>\n        :root {\n            --primary-blue: #5e5ed7;\n            --dark-blue: #5268c9;\n            --teal: #a9e2e4;\n            --yellow: #ffeca7;\n            --pink: #e73469;\n            --white: #ffffff;\n            --light-gray: #f8f9fa;\n            --gray: #6c757d;\n            --dark-gray: #343a40;\n        }\n\n        * {\n            margin: 0;\n            padding: 0;\n            box-sizing: border-box;\n        }\n\n        body {\n            font-family: 'Poppins', sans-serif;\n            line-height: 1.6;\n            color: var(--dark-gray);\n            background: var(--white);\n        }\n\n        .article-hero {\n            background: linear-gradient(135deg, var(--primary-blue) 0%, var(--dark-blue) 100%);\n            color: var(--white);\n            padding: 60px 0 100px;\n            position: relative;\n            overflow: hidden;\n        }\n\n        .article-hero-inner {\n            max-width: 1200px;\n            margin: 0 auto;\n            padding: 0 20px;\n            position: relative;\n            z-index: 2;\n        }\n\n        .article-breadcrumb {\n            font-size: 14px;\n            margin-bottom: 20px;\n            opacity: 0.9;\n        }\n\n        .article-breadcrumb a {\n            color: var(--white);\n            text-decoration: none;\n        }\n\n        .article-category {\n            display: inline-block;\n            background: rgba(255, 255, 255, 0.2);\n            padding: 8px 16px;\n            border-radius: 25px;\n            font-size: 14px;\n            font-weight: 500;\n            margin-bottom: 20px;\n            backdrop-filter: blur(10px);\n        }\n\n        .article-hero h1 {\n            font-family: 'Montserrat', sans-serif;\n            font-size: 2.5rem;\n            font-weight: 700;\n            line-height: 1.2;\n            margin-bottom: 20px;\n        }\n\n        .hl {\n            background: linear-gradient(45deg, var(--yellow), var(--teal));\n            color: var(--dark-gray);\n            padding: 4px 8px;\n            border-radius: 6px;\n            font-weight: 600;\n        }\n\n        .article-meta {\n            display: flex;\n            gap: 30px;\n            margin-bottom: 30px;\n            font-size: 14px;\n        }\n\n        .article-meta div {\n            display: flex;\n            align-items: center;\n            gap: 8px;\n        }\n\n        .stars {\n            color: var(--yellow);\n            font-size: 16px;\n        }\n\n        .article-hero-curve {\n            position: absolute;\n            bottom: -1px;\n            left: 0;\n            width: 100%;\n            height: 60px;\n            background: var(--white);\n            border-radius: 50% 50% 0 0 \/ 100% 100% 0 0;\n        }\n\n        .article-body {\n            padding: 60px 0;\n        }\n\n        .container {\n            max-width: 1200px;\n            margin: 0 auto;\n            padding: 0 20px;\n        }\n\n        .intro-block {\n            background: linear-gradient(135deg, var(--light-gray) 0%, rgba(169, 226, 228, 0.1) 100%);\n            border-left: 5px solid var(--primary-blue);\n            padding: 30px;\n            border-radius: 10px;\n            margin-bottom: 50px;\n            font-size: 1.1rem;\n            line-height: 1.7;\n        }\n\n        .stats-grid {\n            display: grid;\n            grid-template-columns: repeat(auto-fit, minmax(250px, 1fr));\n            gap: 30px;\n            margin: 50px 0;\n        }\n\n        .stat-card {\n            background: var(--white);\n            padding: 30px;\n            border-radius: 15px;\n            text-align: center;\n            box-shadow: 0 10px 30px rgba(0,0,0,0.1);\n            border-top: 4px solid var(--primary-blue);\n            transition: transform 0.3s ease;\n        }\n\n        .stat-card:hover {\n            transform: translateY(-5px);\n        }\n\n        .stat-card .number {\n            font-family: 'Montserrat', sans-serif;\n            font-size: 2.5rem;\n            font-weight: 700;\n            color: var(--primary-blue);\n            display: block;\n            margin-bottom: 10px;\n        }\n\n        .stat-card .label {\n            font-weight: 500;\n            color: var(--gray);\n        }\n\n        .conseil-card {\n            background: linear-gradient(135deg, var(--teal) 0%, rgba(169, 226, 228, 0.3) 100%);\n            padding: 25px;\n            border-radius: 12px;\n            margin: 25px 0;\n            border-left: 5px solid var(--dark-blue);\n        }\n\n        .conseil-card h4 {\n            font-family: 'Montserrat', sans-serif;\n            color: var(--dark-blue);\n            margin-bottom: 15px;\n            display: flex;\n            align-items: center;\n            gap: 10px;\n        }\n\n        .key-points {\n            background: var(--light-gray);\n            padding: 25px;\n            border-radius: 12px;\n            margin: 25px 0;\n        }\n\n        .key-points ul {\n            list-style: none;\n            margin-left: 0;\n        }\n\n        .key-points li {\n            padding: 8px 0;\n            padding-left: 30px;\n            position: relative;\n        }\n\n        .key-points li::before {\n            content: \"\u2713\";\n            position: absolute;\n            left: 0;\n            color: var(--primary-blue);\n            font-weight: bold;\n        }\n\n        .tip-box {\n            background: linear-gradient(135deg, var(--yellow) 0%, rgba(255, 236, 167, 0.3) 100%);\n            padding: 20px;\n            border-radius: 10px;\n            margin: 20px 0;\n            border: 1px solid rgba(255, 236, 167, 0.5);\n        }\n\n        .tip-box-label {\n            font-weight: 600;\n            color: var(--dark-gray);\n            margin-bottom: 10px;\n            display: flex;\n            align-items: center;\n            gap: 8px;\n        }\n\n        .expert-box {\n            background: linear-gradient(135deg, rgba(94, 94, 215, 0.1) 0%, rgba(82, 104, 201, 0.05) 100%);\n            border: 1px solid var(--primary-blue);\n            border-radius: 12px;\n            padding: 25px;\n            margin: 25px 0;\n        }\n\n        .expert-box-label {\n            font-size: 12px;\n            text-transform: uppercase;\n            color: var(--primary-blue);\n            font-weight: 600;\n            margin-bottom: 8px;\n        }\n\n        .expert-box-title {\n            font-family: 'Montserrat', sans-serif;\n            font-size: 1.1rem;\n            font-weight: 600;\n            color: var(--dark-blue);\n            margin-bottom: 15px;\n        }\n\n        .expert-inner {\n            background: var(--white);\n            border-radius: 8px;\n            padding: 20px;\n            margin: 15px 0;\n            border-left: 4px solid var(--teal);\n        }\n\n        .expert-inner-title {\n            font-weight: 600;\n            color: var(--dark-blue);\n            margin-bottom: 10px;\n        }\n\n        .faq-list {\n            margin: 40px 0;\n        }\n\n        .faq-item {\n            border: 1px solid #e9ecef;\n            border-radius: 8px;\n            margin-bottom: 10px;\n            overflow: hidden;\n        }\n\n        .faq-q {\n            padding: 20px;\n            background: var(--light-gray);\n            cursor: pointer;\n            display: flex;\n            justify-content: space-between;\n            align-items: center;\n            font-weight: 500;\n            transition: background-color 0.3s ease;\n        }\n\n        .faq-q:hover {\n            background: rgba(94, 94, 215, 0.1);\n        }\n\n        .faq-icon {\n            font-size: 20px;\n            color: var(--primary-blue);\n            transition: transform 0.3s ease;\n        }\n\n        .faq-item.open .faq-icon {\n            transform: rotate(45deg);\n        }\n\n        .faq-a {\n            padding: 0 20px;\n            max-height: 0;\n            overflow: hidden;\n            transition: all 0.3s ease;\n            background: var(--white);\n        }\n\n        .faq-item.open .faq-a {\n            padding: 20px;\n            max-height: 500px;\n        }\n\n        .cta-box {\n            background: linear-gradient(135deg, var(--primary-blue) 0%, var(--dark-blue) 100%);\n            color: var(--white);\n            padding: 40px;\n            border-radius: 15px;\n            text-align: center;\n            margin: 50px 0;\n        }\n\n        .cta-buttons {\n            display: flex;\n            gap: 20px;\n            justify-content: center;\n            margin-top: 25px;\n            flex-wrap: wrap;\n        }\n\n        .btn-white {\n            background: var(--white);\n            color: var(--primary-blue);\n            padding: 15px 30px;\n            border-radius: 50px;\n            text-decoration: none;\n            font-weight: 600;\n            transition: transform 0.3s ease;\n            display: inline-block;\n        }\n\n        .btn-white:hover {\n            transform: translateY(-2px);\n        }\n\n        .btn-outline {\n            background: transparent;\n            color: var(--white);\n            border: 2px solid var(--white);\n            padding: 13px 30px;\n            border-radius: 50px;\n            text-decoration: none;\n            font-weight: 600;\n            transition: all 0.3s ease;\n            display: inline-block;\n        }\n\n        .btn-outline:hover {\n            background: var(--white);\n            color: var(--primary-blue);\n        }\n\n        .article-tags {\n            margin: 40px 0;\n            text-align: center;\n        }\n\n        .article-tag {\n            display: inline-block;\n            background: var(--light-gray);\n            color: var(--gray);\n            padding: 8px 16px;\n            border-radius: 20px;\n            margin: 5px;\n            font-size: 14px;\n            text-decoration: none;\n            transition: all 0.3s ease;\n        }\n\n        .article-tag:hover {\n            background: var(--primary-blue);\n            color: var(--white);\n        }\n\n        h2 {\n            font-family: 'Montserrat', sans-serif;\n            font-size: 1.8rem;\n            font-weight: 600;\n            color: var(--dark-blue);\n            margin: 40px 0 20px;\n            padding-bottom: 10px;\n            border-bottom: 3px solid var(--teal);\n        }\n\n        h3 {\n            font-family: 'Montserrat', sans-serif;\n            font-size: 1.3rem;\n            font-weight: 600;\n            color: var(--dark-blue);\n            margin: 25px 0 15px;\n        }\n\n        p {\n            margin-bottom: 15px;\n            line-height: 1.7;\n        }\n\n        table {\n            width: 100%;\n            border-collapse: collapse;\n            margin: 25px 0;\n            background: var(--white);\n            border-radius: 8px;\n            overflow: hidden;\n            box-shadow: 0 2px 10px rgba(0,0,0,0.1);\n        }\n\n        th {\n            background: var(--primary-blue);\n            color: var(--white);\n            padding: 15px;\n            font-weight: 600;\n            text-align: left;\n        }\n\n        td {\n            padding: 15px;\n            border-bottom: 1px solid #e9ecef;\n        }\n\n        tr:last-child td {\n            border-bottom: none;\n        }\n\n        tr:nth-child(even) {\n            background: var(--light-gray);\n        }\n\n        @media (max-width: 768px) {\n            .article-hero h1 {\n                font-size: 2rem;\n            }\n            \n            .article-meta {\n                flex-direction: column;\n                gap: 15px;\n            }\n            \n            .cta-buttons {\n                flex-direction: column;\n                align-items: center;\n            }\n            \n            .stats-grid {\n                grid-template-columns: 1fr;\n            }\n        }\n    <\/style>\n<\/head>\n<body><section class=\"article-hero\">\n    <div class=\"article-hero-inner\">\n        <nav class=\"article-breadcrumb\">\n            <a href=\"\/\">Inicio<\/a> \/ <a href=\"\/blog\">Blog<\/a> \/ <a href=\"\/sante-enfant\">Salud infantil<\/a> \/ V\u00e9rtigos en ni\u00f1os\n        <\/nav>\n        \n        <div class=\"article-category\">\ud83e\udde0 Salud cognitiva<\/div>\n        \n        <h1>\u00bfC\u00f3mo explicar y combatir los <span class=\"hl\">v\u00e9rtigos en los ni\u00f1os<\/span>?<\/h1>\n        \n        <div class=\"article-meta\">\n            <div>\ud83d\udcc5 Abril 2026<\/div>\n            <div>\u23f1\ufe0f 15 min de lectura<\/div>\n            <div>\ud83d\udc65 Padres y profesionales<\/div>\n            <div class=\"stars\">\u2b50 4.8\/5<\/div>\n        <\/div>\n    <\/div>\n    <div class=\"article-hero-curve\"><\/div>\n<\/section>\n\n<div class=\"article-body\">\n    <div class=\"container\">\n        <div class=\"intro-block\">\n            Los v\u00e9rtigos en el ni\u00f1o son m\u00e1s frecuentes de lo que se piensa y a menudo est\u00e1n subdiagnosticados. Cuando un ni\u00f1o dice que tiene \u00ab la cabeza que da vueltas \u00bb, los padres pueden sentirse desorientados ante esta situaci\u00f3n desconcertante. \u00bfSe trata de un simple malestar pasajero o de un problema m\u00e1s serio que requiere una consulta m\u00e9dica? Esta sensaci\u00f3n de v\u00e9rtigo puede tener m\u00faltiples or\u00edgenes e impactar significativamente la vida cotidiana del ni\u00f1o, desde sus actividades escolares hasta su vida social. Este art\u00edculo le ayuda a comprender los mecanismos complejos de los v\u00e9rtigos pedi\u00e1tricos, a reconocer las se\u00f1ales de alerta que deben preocuparle, y sobre todo a descubrir soluciones concretas y efectivas para acompa\u00f1ar a su hijo hacia un bienestar duradero. Nuestro enfoque combina experiencia m\u00e9dica, consejos pr\u00e1cticos y herramientas l\u00fadicas para transformar esta prueba en una oportunidad de aprendizaje y fortalecimiento del v\u00ednculo entre padres e hijos.\n        <\/div>\n\n        <div class=\"stats-grid\">\n            <div class=\"stat-card\">\n                <span class=\"number\">5-10%<\/span>\n                <span class=\"label\">de los ni\u00f1os experimentar\u00e1n al menos un episodio de v\u00e9rtigo antes de los 10 a\u00f1os<\/span>\n            <\/div>\n            <div class=\"stat-card\">\n                <span class=\"number\">70%<\/span>\n                <span class=\"label\">de los v\u00e9rtigos pedi\u00e1tricos son de origen benigno<\/span>\n            <\/div>\n            <div class=\"stat-card\">\n                <span class=\"number\">2-6 a\u00f1os<\/span>\n                <span class=\"label\">edad m\u00e1s frecuente para el v\u00e9rtigo parox\u00edstico benigno<\/span>\n            <\/div>\n<div class=\"stat-card\">\n                    <span class=\"number\">80%<\/span>\n                    <span class=\"label\">de eficacia de la rehabilitaci\u00f3n vestibular en el ni\u00f1o<\/span>\n                <\/div>\n            <\/div>\n\n            <h2>1. \ud83e\udde0 Comprender los mecanismos de los v\u00e9rtigos en el ni\u00f1o<\/h2>\n            \n            <p>El v\u00e9rtigo es mucho m\u00e1s que una simple sensaci\u00f3n de mareo. Se trata de una ilusi\u00f3n de movimiento compleja donde el ni\u00f1o tiene la impresi\u00f3n de que todo gira a su alrededor, o que \u00e9l mismo gira en el espacio, mientras est\u00e1 perfectamente inm\u00f3vil. Esta sensaci\u00f3n resulta de un mal funcionamiento en los sistemas responsables del equilibrio, creando una contradicci\u00f3n entre la informaci\u00f3n sensorial recibida por el cerebro.<\/p>\n\n            <p>Nuestro sistema de equilibrio se basa en tres pilares fundamentales que trabajan en perfecta armon\u00eda: el sistema vestibular del o\u00eddo interno que detecta los movimientos y la orientaci\u00f3n de la cabeza, el sistema visual que nos informa sobre nuestra posici\u00f3n en el espacio, y la propriocepci\u00f3n que nos informa sobre la posici\u00f3n de nuestro cuerpo gracias a los sensores presentes en nuestros m\u00fasculos y articulaciones. En el ni\u00f1o, estos sistemas a\u00fan est\u00e1n en maduraci\u00f3n, lo que puede explicar una mayor vulnerabilidad a los trastornos del equilibrio.<\/p>\n\n            <p>La particularidad pedi\u00e1trica radica en que el cerebro del ni\u00f1o posee una plasticidad excepcional, lo que le permite compensar m\u00e1s r\u00e1pidamente que el adulto ciertos malfuncionamientos vestibulares. Esta capacidad de adaptaci\u00f3n notable explica por qu\u00e9 la rehabilitaci\u00f3n vestibular es particularmente efectiva en los j\u00f3venes pacientes, con tasas de \u00e9xito a menudo superiores al 80%.<\/p>\n\n            <div class=\"expert-box\">\n                <div class=\"expert-box-label\">EXPERTICIA M\u00c9DICA<\/div>\n                <div class=\"expert-box-title\">El desarrollo del sistema vestibular en el ni\u00f1o<\/div>\n                <div class=\"expert-inner\">\n                    <div class=\"expert-inner-title\">Maduraci\u00f3n progresiva<\/div>\n                    <p>El sistema vestibular comienza su desarrollo desde la vida embrionaria pero contin\u00faa su maduraci\u00f3n hasta la adolescencia. Esta evoluci\u00f3n explica por qu\u00e9 ciertos tipos de v\u00e9rtigos son m\u00e1s frecuentes a ciertas edades y pueden desaparecer espont\u00e1neamente con el crecimiento.<\/p>\n                <\/div>\n            <\/div>\n\n            <div class=\"conseil-card\">\n                <h4>\ud83d\udd0d Distinguir v\u00e9rtigo y otras sensaciones<\/h4>\n                <p>Es crucial diferenciar un verdadero v\u00e9rtigo (sensaci\u00f3n de rotaci\u00f3n) de un simple mareo (sensaci\u00f3n de cabeza ligera) o de un desequilibrio (inestabilidad sin rotaci\u00f3n). Esta distinci\u00f3n orienta el diagn\u00f3stico y el tratamiento. Ayuda a tu hijo a describir con precisi\u00f3n lo que siente utilizando met\u00e1foras simples: \"\u00bfTienes la impresi\u00f3n de estar en un carrusel que gira?\"<\/p>\n            <\/div>\n\n            <div class=\"tip-box\">\n<div class=\"tip-box-label\">\ud83d\udca1 Consejo pr\u00e1ctico<\/div>\n                <p>Para ayudar a su hijo a expresar mejor sus sensaciones, utilice soportes visuales: mu\u00e9strele un trompo que gira para ilustrar el v\u00e9rtigo, o h\u00e1galo caminar sobre una l\u00ednea imaginaria para probar su equilibrio. Estos ejercicios simples le ayudar\u00e1n a comprender mejor sus s\u00edntomas.<\/p>\n            <\/div>\n\n            <h2>2. \ud83d\udd0d Las principales causas de los v\u00e9rtigos pedi\u00e1tricos<\/h2>\n\n            <p>Los or\u00edgenes de los v\u00e9rtigos en el ni\u00f1o son m\u00faltiples y variados, y van desde causas perfectamente benignas hasta patolog\u00edas que requieren atenci\u00f3n especializada. La comprensi\u00f3n de estas diferentes etiolog\u00edas permite a los padres adoptar la actitud correcta frente a los s\u00edntomas y saber cu\u00e1ndo preocuparse leg\u00edtimamente.<\/p>\n\n            <p>El v\u00e9rtigo parox\u00edstico benigno de la infancia representa la causa m\u00e1s frecuente en los 2-6 a\u00f1os. Estas crisis espectaculares pero afortunadamente breves se caracterizan por su aparici\u00f3n repentina, a menudo acompa\u00f1adas de una palidez intensa y a veces de v\u00f3mitos. El ni\u00f1o puede aferrarse desesperadamente a un adulto o sentarse bruscamente, pareciendo aterrorizado por esta sensaci\u00f3n que no comprende. Entre los episodios, el ni\u00f1o recupera un estado perfectamente normal, lo que tranquiliza sobre el car\u00e1cter benigno de esta condici\u00f3n.<\/p>\n\n            <p>Las otitis, particularmente frecuentes en la infancia, constituyen otra causa importante de v\u00e9rtigos pedi\u00e1tricos. La infecci\u00f3n puede alcanzar el o\u00eddo medio o extenderse al o\u00eddo interno, perturbando directamente el sistema vestibular. La presencia simult\u00e1nea de dolor de o\u00eddo, fiebre o secreciones orienta r\u00e1pidamente el diagn\u00f3stico hacia esta origen infecciosa, generalmente f\u00e1cilmente tratable.<\/p>\n\n            <div class=\"key-points\">\n                <h3>\ud83c\udfaf Causas frecuentes por orden de frecuencia<\/h3>\n                <ul>\n                    <li>V\u00e9rtigo parox\u00edstico benigno de la infancia (VPBE) - 2 a 6 a\u00f1os<\/li>\n                    <li>Migra\u00f1a vestibular - todas las edades, antecedentes familiares<\/li>\n                    <li>Otitis medias y laberintitis - pico entre 2-3 a\u00f1os<\/li>\n                    <li>Hipotensi\u00f3n ortost\u00e1tica - adolescentes en crecimiento<\/li>\n                    <li>Ansiedad y estr\u00e9s - creciente con la edad escolar<\/li>\n                    <li>VPPB (V\u00e9rtigo Posicional Parox\u00edstico Benigno) - m\u00e1s raro<\/li>\n                <\/ul>\n            <\/div>\n\n            <div class=\"expert-box\">\n                <div class=\"expert-box-label\">FOCO CL\u00cdNICO<\/div>\n                <div class=\"expert-box-title\">La migra\u00f1a vestibular en el ni\u00f1o<\/div>\n                <p>A menudo desconocida, la migra\u00f1a vestibular puede manifestarse \u00fanicamente por v\u00e9rtigos, sin cefaleas. Afecta particularmente a los ni\u00f1os con antecedentes familiares de migra\u00f1as y puede evolucionar hacia una forma cl\u00e1sica en la adolescencia.<\/p>\n                <div class=\"expert-inner\">\n<div class=\"expert-inner-title\">Signos evocadores<\/div>\n                    <p>V\u00e9rtigos recurrentes asociados a una sensibilidad al ruido y a la luz, n\u00e1useas, fatiga inusual, y a menudo una mejora en la calma y la oscuridad.<\/p>\n                <\/div>\n            <\/div>\n\n            <h2>3. \ud83d\udc76 Reconocer los s\u00edntomas seg\u00fan la edad del ni\u00f1o<\/h2>\n\n            <p>La expresi\u00f3n de los v\u00e9rtigos var\u00eda considerablemente seg\u00fan la edad del ni\u00f1o, y esta diferencia del desarrollo constituye uno de los principales desaf\u00edos del diagn\u00f3stico pedi\u00e1trico. Cuanto m\u00e1s joven es el ni\u00f1o, m\u00e1s at\u00edpicas y dif\u00edciles de interpretar pueden ser las manifestaciones, requiriendo una observaci\u00f3n atenta de los padres y una especializaci\u00f3n m\u00e9dica.<\/p>\n\n            <p>En el ni\u00f1o peque\u00f1o (0-2 a\u00f1os), los v\u00e9rtigos rara vez se traducen en una verbalizaci\u00f3n clara de la sensaci\u00f3n. El ni\u00f1o puede presentar llantos inexplicables e inconsolables, un agarre repentino y desesperado a los adultos, o un rechazo categ\u00f3rico a ser colocado en el suelo. La palidez repentina, el sudor, los v\u00f3mitos sin contexto infeccioso, y sobre todo un cambio brusco de comportamiento con inmovilizaci\u00f3n pueden ser los \u00fanicos indicios de la existencia de un v\u00e9rtigo.<\/p>\n\n            <p>El ni\u00f1o en edad preescolar (2-5 a\u00f1os) comienza a poder expresar sus sensaciones de manera m\u00e1s expl\u00edcita, aunque el vocabulario sigue siendo limitado. Puede sentarse de repente durante sus juegos, agarrarse a los muebles, o expresar incomodidad con frases simples como \"est\u00e1 girando\" o \"me duele el est\u00f3mago\". Este grupo de edad corresponde al pico del v\u00e9rtigo parox\u00edstico benigno de la infancia, de ah\u00ed la importancia de reconocer estas manifestaciones.<\/p>\n\n            <div class=\"conseil-card\">\n                <h4>\ud83d\udd0e Observar los signos no verbales en el ni\u00f1o peque\u00f1o<\/h4>\n                <p>En los ni\u00f1os que a\u00fan no hablan, vigile los cambios de comportamiento: rechazo repentino a caminar, b\u00fasqueda constante de apoyo, modificaci\u00f3n de los h\u00e1bitos de juego. Un ni\u00f1o que evita repentinamente el columpio o el tobog\u00e1n puede expresar as\u00ed sus v\u00e9rtigos. Documente estas observaciones para el m\u00e9dico.<\/p>\n            <\/div>\n\n            <div class=\"tip-box\">\n<div class=\"tip-box-label\">\ud83d\udcf1 Aplicaci\u00f3n COCO PIENSA y COCO SE MUEVE<\/div>\n                <p>Nuestra aplicaci\u00f3n <a href=\"https:\/\/www.dynseo.com\/es\/coco-piensa-y-coco-se-mueve-software-educativo\/\" style=\"color: var(--primary-blue); font-weight: 600;\">COCO<\/a> propone juegos de equilibrio adaptados que pueden ayudar a detectar discretamente posibles trastornos en el ni\u00f1o, mientras refuerza sus capacidades vestibulares de manera l\u00fadica.<\/p>\n            <\/div>\n\n            <h2>4. \ud83d\udea8 Se\u00f1ales de alarma: cu\u00e1ndo consultar de urgencia<\/h2>\n\n            <p>Si la mayor\u00eda de los v\u00e9rtigos pedi\u00e1tricos se deben a causas benignas, algunas situaciones constituyen verdaderas urgencias m\u00e9dicas que requieren atenci\u00f3n inmediata. El conocimiento de estas se\u00f1ales de alarma puede permitir a los padres reaccionar r\u00e1pida y apropiadamente ante s\u00edntomas potencialmente graves.<\/p>\n\n            <p>Cualquier v\u00e9rtigo que ocurra despu\u00e9s de un traumatismo craneal, incluso aparentemente menor, debe conducir imperativamente a una consulta urgente. El cerebro del ni\u00f1o es particularmente vulnerable a los golpes, y lesiones internas pueden desarrollarse varias horas despu\u00e9s del impacto inicial. Asimismo, la asociaci\u00f3n de v\u00e9rtigo y dolores de cabeza intensos, especialmente si estos son inusuales para el ni\u00f1o o se acompa\u00f1an de v\u00f3mitos en proyectil, puede revelar una hipertensi\u00f3n intracraneal.<\/p>\n\n            <p>Los trastornos neurol\u00f3gicos asociados representan las se\u00f1ales de alarma m\u00e1s preocupantes: debilidad o par\u00e1lisis de un lado del cuerpo, trastornos del habla, dificultades de coordinaci\u00f3n, trastornos visuales como visi\u00f3n doble o p\u00e9rdida de campo visual. Estos signos pueden revelar una afectaci\u00f3n del sistema nervioso central que requiere atenci\u00f3n neurol\u00f3gica urgente.<\/p>\n\n            <div class=\"expert-box\">\n                <div class=\"expert-box-label\">URGENCIA M\u00c9DICA<\/div>\n                <div class=\"expert-box-title\">Cu\u00e1ndo llamar al 15 inmediatamente<\/div>\n                <div class=\"expert-inner\">\n                    <div class=\"expert-inner-title\">Situaciones cr\u00edticas<\/div>\n                    <p>V\u00e9rtigo + p\u00e9rdida de conocimiento, v\u00e9rtigo + fiebre alta con rigidez de nuca, v\u00e9rtigo + trastornos neurol\u00f3gicos (debilidad, trastornos visuales, dificultades del habla), v\u00e9rtigo persistente m\u00e1s de 24h con v\u00f3mitos incoercibles.<\/p>\n                <\/div>\n                <div class=\"expert-inner\">\n                    <div class=\"expert-inner-title\">Conducta a seguir<\/div>\n                    <p>Mantener al ni\u00f1o en posici\u00f3n acostada, evitar cualquier movimiento brusco, anotar la hora de inicio de los s\u00edntomas, preparar la lista de medicamentos tomados recientemente.<\/p>\n                <\/div>\n            <\/div>\n<div class=\"key-points\">\n                <h3>\u26a0\ufe0f Consulta r\u00e1pida recomendada si<\/h3>\n                <ul>\n                    <li>\u00c9pisodios de v\u00e9rtigo recurrentes que impactan la vida cotidiana<\/li>\n                    <li>V\u00e9rtigos asociados a una disminuci\u00f3n progresiva de la audici\u00f3n<\/li>\n                    <li>Ansiedad importante del ni\u00f1o relacionada con los episodios<\/li>\n                    <li>V\u00e9rtigos desencadenados sistem\u00e1ticamente por ciertos movimientos<\/li>\n                    <li>Antecedentes familiares de trastornos vestibulares severos<\/li>\n                    <li>Dificultades escolares nuevas potencialmente relacionadas<\/li>\n                <\/ul>\n            <\/div>\n\n            <h2>5. \ud83d\udd2c El recorrido diagn\u00f3stico moderno<\/h2>\n\n            <p>El diagn\u00f3stico de los v\u00e9rtigos pedi\u00e1tricos se basa en un enfoque met\u00f3dico que combina una entrevista minuciosa, un examen cl\u00ednico especializado y ex\u00e1menes complementarios espec\u00edficos. Este enfoque multidisciplinario permite identificar con precisi\u00f3n el origen de los s\u00edntomas y orientar el tratamiento de manera \u00f3ptima.<\/p>\n\n            <p>La entrevista constituye la piedra angular del diagn\u00f3stico, requiriendo a menudo varias consultas para afinar la anamnesis. El m\u00e9dico se interesa por las circunstancias de aparici\u00f3n de los v\u00e9rtigos, su duraci\u00f3n, intensidad, los factores desencadenantes o calmantes, as\u00ed como los s\u00edntomas asociados. Los antecedentes personales del ni\u00f1o (otitis recurrentes, traumatismos, migra\u00f1as) y familiares (migra\u00f1as, sordera, trastornos vestibulares) aportan elementos diagn\u00f3sticos valiosos.<\/p>\n\n            <p>El examen cl\u00ednico especializado incluye la evaluaci\u00f3n del equilibrio est\u00e1tico y din\u00e1mico, la b\u00fasqueda de nistagmo espont\u00e1neo o provocado, el examen otosc\u00f3pico, y diversas maniobras diagn\u00f3sticas como la prueba de Dix-Hallpike para detectar un v\u00e9rtigo posicional. En el ni\u00f1o, estos ex\u00e1menes deben adaptarse a la edad y presentarse de manera l\u00fadica para obtener su cooperaci\u00f3n.<\/p>\n\n            <div class=\"conseil-card\">\n                <h4>\ud83d\udccb Preparar eficazmente la consulta<\/h4>\n                <p>Lleve un diario detallado de los episodios: fecha, hora, duraci\u00f3n, circunstancias, s\u00edntomas asociados, lo que mejora o agrava. Grabe discretamente un episodio si es posible (con el consentimiento del ni\u00f1o). Liste todos los medicamentos tomados recientemente y los antecedentes familiares de migra\u00f1as o trastornos auditivos.<\/p>\n            <\/div>\n\n            <div class=\"tip-box\">\n<div class=\"tip-box-label\">\ud83c\udfaf Ex\u00e1menes complementarios posibles<\/div>\n                <p>Audiograma para evaluar la audici\u00f3n, videonistagmograf\u00eda para registrar los movimientos oculares, pruebas vestibulares cal\u00f3ricas, IRM cerebral si sospecha de causa central, an\u00e1lisis de sangre (NFS, hierro, tiroides) seg\u00fan la orientaci\u00f3n cl\u00ednica.<\/p>\n            <\/div>\n\n            <h2>6. \ud83d\udc8a Estrategias terap\u00e9uticas adaptadas al ni\u00f1o<\/h2>\n\n            <p>El tratamiento de los v\u00e9rtigos pedi\u00e1tricos debe ser personalizado seg\u00fan la edad del ni\u00f1o, la causa identificada y el impacto en su calidad de vida. El enfoque terap\u00e9utico moderno privilegia los m\u00e9todos no farmacol\u00f3gicos y la rehabilitaci\u00f3n, reservando los tratamientos farmacol\u00f3gicos para situaciones espec\u00edficas y por per\u00edodos limitados.<\/p>\n\n            <p>Para el v\u00e9rtigo parox\u00edstico benigno de la infancia, que representa la causa m\u00e1s frecuente, el tratamiento es principalmente sintom\u00e1tico y tranquilizador. Los episodios son breves y se resuelven de forma espont\u00e1nea, el acompa\u00f1amiento psicol\u00f3gico y la educaci\u00f3n de los padres constituyen los pilares de la atenci\u00f3n. Se trata de explicar el car\u00e1cter benigno de la condici\u00f3n y de aprender a manejar las crisis cuando ocurren.<\/p>\n\n            <p>La rehabilitaci\u00f3n vestibular representa un enfoque terap\u00e9utico de elecci\u00f3n en el ni\u00f1o, benefici\u00e1ndose de la notable plasticidad cerebral de esta poblaci\u00f3n. Esta rehabilitaci\u00f3n, llevada a cabo por fisioterapeutas especializados, tiene como objetivo estimular los mecanismos de compensaci\u00f3n central y mejorar la integraci\u00f3n de la informaci\u00f3n sensorial. El enfoque l\u00fadico es esencial para mantener la motivaci\u00f3n del ni\u00f1o a lo largo del tratamiento.<\/p>\n\n            <div class=\"expert-box\">\n                <div class=\"expert-box-label\">INNOVACI\u00d3N TERAP\u00c9UTICA<\/div>\n                <div class=\"expert-box-title\">Rehabilitaci\u00f3n vestibular moderna<\/div>\n                <p>Las nuevas t\u00e9cnicas de rehabilitaci\u00f3n utilizan la realidad virtual, los videojuegos terap\u00e9uticos y las aplicaciones m\u00f3viles para hacer los ejercicios m\u00e1s atractivos y motivadores para los ni\u00f1os.<\/p>\n                <div class=\"expert-inner\">\n                    <div class=\"expert-inner-title\">Ventajas en el ni\u00f1o<\/div>\n                    <p>Plasticidad cerebral \u00f3ptima, motivaci\u00f3n mantenida por el juego, rapidez de compensaci\u00f3n (4-6 semanas vs 3-6 meses en el adulto), baja resistencia psicol\u00f3gica al cambio.<\/p>\n                <\/div>\n            <\/div>\n\n            <div class=\"tip-box\">\n<div class=\"tip-box-label\">\ud83c\udfae COCO PIENSA y COCO SE MUEVE<\/div>\n                <p>Descubre nuestra aplicaci\u00f3n <a href=\"https:\/\/www.dynseo.com\/es\/coco-piensa-y-coco-se-mueve-software-educativo\/\" style=\"color: var(--primary-blue); font-weight: 600;\">COCO<\/a> que propone ejercicios de equilibrio y coordinaci\u00f3n especialmente dise\u00f1ados para los ni\u00f1os, con pausas activas que estimulan el sistema vestibular de manera l\u00fadica y progresiva.<\/p>\n            <\/div>\n\n            <h2>7. \ud83e\udd38 Ejercicios de rehabilitaci\u00f3n vestibular l\u00fadicos<\/h2>\n\n            <p>La rehabilitaci\u00f3n vestibular en el ni\u00f1o debe revestir un car\u00e1cter l\u00fadico para mantener el compromiso y la motivaci\u00f3n durante la duraci\u00f3n del tratamiento. Estos ejercicios, presentados en forma de juegos, permiten estimular eficazmente los diferentes componentes del sistema de equilibrio mientras se proporciona placer al ni\u00f1o.<\/p>\n\n            <p>Los ejercicios de equilibrio est\u00e1tico constituyen la base de la rehabilitaci\u00f3n. El ejercicio del \"flamenco\" transforma la posici\u00f3n unipodal en un juego divertido: el ni\u00f1o debe mantener el equilibrio sobre un pie como el elegante p\u00e1jaro, variando las condiciones (ojos abiertos y luego cerrados, sobre superficie estable y luego inestable). La progresi\u00f3n se realiza naturalmente aumentando la duraci\u00f3n y la complejidad, siempre en un esp\u00edritu de desaf\u00edo personal en lugar de una imposici\u00f3n terap\u00e9utica.<\/p>\n\n            <p>Las actividades de equilibrio din\u00e1mico integran el movimiento en el aprendizaje. El juego del \"fun\u00e1mbulo\" propone al ni\u00f1o caminar sobre una l\u00ednea trazada en el suelo, primero ancha y luego cada vez m\u00e1s fina, variando los ritmos (caminata normal, tal\u00f3n-pies, marcha atr\u00e1s). Estos ejercicios pueden enriquecerse con la adici\u00f3n de obst\u00e1culos que sortear o de objetos a transportar, transformando la sesi\u00f3n en un verdadero recorrido de aventura.<\/p>\n\n            <div class=\"conseil-card\">\n                <h4>\ud83c\udfaf Ejercicio de estabilizaci\u00f3n de la mirada<\/h4>\n                <p>El juego de los \"ojos magn\u00e9ticos\": el ni\u00f1o sigue con la mirada un objeto colorido (juguete, adhesivo en su pulgar) mientras mueve la cabeza de izquierda a derecha, y luego de arriba hacia abajo. El objetivo es mantener el objeto n\u00edtido y estable en su campo visual. Comenzar lentamente y luego acelerar progresivamente. Duraci\u00f3n: 5-10 minutos, 2 veces al d\u00eda.<\/p>\n            <\/div>\n\n            <div class=\"key-points\">\n                <h3>\ud83c\udfc3 Programa de ejercicios semanal<\/h3>\n                <ul>\n                    <li>Lunes\/Mi\u00e9rcoles\/Viernes: Equilibrio est\u00e1tico (flamenco, \u00e1rbol que no se mueve)<\/li>\n                    <li>Martes\/Jueves\/S\u00e1bado: Equilibrio din\u00e1mico (fun\u00e1mbulo, recorrido de obst\u00e1culos)<\/li>\n                    <li>Diario: Estabilizaci\u00f3n de la mirada (5 minutos por la ma\u00f1ana y por la noche)<\/li>\n                    <li>Domingo: Actividad libre (bicicleta, nataci\u00f3n, danza) seg\u00fan preferencias<\/li>\n                    <li>Progresi\u00f3n: aumentar dificultad cada semana seg\u00fan tolerancia<\/li>\n                    <li>Seguridad: siempre en presencia de un adulto, entorno seguro<\/li>\n                <\/ul>\n            <\/div>\n\n            <div class=\"tip-box\">\n<div class=\"tip-box-label\">\ud83c\udfaa Hacer que los ejercicios sean divertidos<\/div>\n                <p>Crea historias en torno a los ejercicios: \"Eres un pirata en su barco que se balancea\" para el equilibrio inestable, \"Eres un esp\u00eda que sigue un objetivo\" para los ejercicios oculares. \u00a1Usa m\u00fasica, recompensas visuales y celebra cada progreso!<\/p>\n            <\/div>\n\n            <h2>8. \ud83c\udfe0 Acompa\u00f1amiento diario y apoyo familiar<\/h2>\n\n            <p>El acompa\u00f1amiento diario de un ni\u00f1o que sufre de mareos requiere un enfoque amable y estructurado, combinando vigilancia m\u00e9dica y normalizaci\u00f3n de la vida familiar. Los padres juegan un papel central en el \u00e9xito del tratamiento, su actitud influyendo directamente en la evoluci\u00f3n de los s\u00edntomas y en la experiencia psicol\u00f3gica del ni\u00f1o.<\/p>\n\n            <p>Durante las crisis de mareo, la primera prioridad es asegurar la seguridad f\u00edsica del ni\u00f1o mientras se le tranquiliza de manera efectiva. Es importante ayudarle a encontrar una posici\u00f3n c\u00f3moda y estable, evitar movimientos bruscos de la cabeza y mantener un ambiente tranquilo y reconfortante. La t\u00e9cnica de respiraci\u00f3n controlada puede ense\u00f1arse incluso a los m\u00e1s peque\u00f1os: inhalar lentamente por la nariz mientras se infla el abdomen, exhalar suavemente por la boca como si se soplara sobre una vela lejana.<\/p>\n\n            <p>La explicaci\u00f3n adaptada a la edad del ni\u00f1o es un elemento terap\u00e9utico esencial. Usar met\u00e1foras simples y tranquilizadoras ayuda al ni\u00f1o a entender lo que le est\u00e1 sucediendo: \"En tu o\u00eddo, hay un peque\u00f1o nivel de burbuja como el de pap\u00e1 para sus manualidades. A veces, la burbuja se mueve un poco y eso da esa sensaci\u00f3n extra\u00f1a, pero no es peligroso y vuelve a la normalidad por s\u00ed solo.\" Esta desmitificaci\u00f3n reduce la ansiedad anticipatoria y favorece la colaboraci\u00f3n del ni\u00f1o en su tratamiento.<\/p>\n\n            <div class=\"expert-box\">\n                <div class=\"expert-box-label\">PSICOLOG\u00cdA PEDI\u00c1TRICA<\/div>\n                <div class=\"expert-box-title\">Impacto psicol\u00f3gico de los mareos<\/div>\n                <p>Los mareos recurrentes pueden generar una ansiedad anticipatoria en el ni\u00f1o, limitando sus actividades y su desarrollo social. Un tratamiento psicol\u00f3gico puede ser beneficioso.<\/p>\n                <div class=\"expert-inner\">\n                    <div class=\"expert-inner-title\">Signos de alerta psicol\u00f3gicos<\/div>\n                    <p>Evitar actividades habituales, nuevos miedos, trastornos del sue\u00f1o, regresi\u00f3n conductual, dificultades de separaci\u00f3n, m\u00faltiples quejas som\u00e1ticas.<\/p>\n                <\/div>\n            <\/div>\n<div class=\"conseil-card\">\n                <h4>\ud83d\udee1\ufe0f Adaptar el entorno dom\u00e9stico<\/h4>\n                <p>Seguridad en el hogar: barandillas en las escaleras, iluminaci\u00f3n nocturna suficiente, alfombrillas antideslizantes en el ba\u00f1o. Crea un \"rinc\u00f3n reconfortante\" con cojines y objetos tranquilizadores donde el ni\u00f1o pueda refugiarse durante las crisis. Evita entornos visualmente demasiado estimulantes (luces intermitentes, televisi\u00f3n demasiado alta).<\/p>\n            <\/div>\n\n            <h2>9. \ud83d\udcda Mareos e impacto en la escolaridad<\/h2>\n\n            <p>Las repercusiones escolares de los mareos pedi\u00e1tricos a menudo se subestiman, sin embargo, pueden impactar significativamente en el aprendizaje, la socializaci\u00f3n y el desarrollo del ni\u00f1o. Una comunicaci\u00f3n proactiva con el equipo educativo y la implementaci\u00f3n de adaptaciones adecuadas son elementos clave para el \u00e9xito escolar de estos ni\u00f1os.<\/p>\n\n            <p>Las ausencias repetidas relacionadas con las crisis de mareos pueden crear retrasos en el aprendizaje, particularmente preocupantes en las materias fundamentales. M\u00e1s all\u00e1 del aspecto puramente pedag\u00f3gico, el ni\u00f1o puede desarrollar una ansiedad de rendimiento, temiendo no alcanzar a sus compa\u00f1eros o sufrir una nueva crisis en clase. Esta espiral ansiosa puede, parad\u00f3jicamente, agravar los s\u00edntomas vestibulares, creando un c\u00edrculo vicioso perjudicial.<\/p>\n\n            <p>La concentraci\u00f3n en clase puede verse alterada en un ni\u00f1o que sufre de mareos cr\u00f3nicos, incluso fuera de las crisis agudas. La fatiga generada por la compensaci\u00f3n vestibular constante, la ansiedad anticipatoria y, a veces, los efectos secundarios de los tratamientos pueden disminuir las capacidades atencionales. Estas dificultades, si no se reconocen y tienen en cuenta, pueden interpretarse err\u00f3neamente como falta de motivaci\u00f3n o trastornos del comportamiento.<\/p>\n\n            <div class=\"tip-box\">\n                <div class=\"tip-box-label\">\ud83d\udccb Proyecto de Acogida Individualizado (PAI)<\/div>\n                <p>Si los mareos impactan significativamente en la escolaridad, la implementaci\u00f3n de un PAI permite formalizar las adaptaciones necesarias: autorizaci\u00f3n para salir de clase, adaptaci\u00f3n de las actividades deportivas, tiempo adicional para las evaluaciones si es necesario, informaci\u00f3n a todos los intervinientes escolares.<\/p>\n            <\/div>\n<div class=\"key-points\">\n                <h3>\ud83c\udf92 Adaptaciones escolares recomendadas<\/h3>\n                <ul>\n                    <li>Ubicaci\u00f3n preferente cerca de la puerta para una salida f\u00e1cil si es necesario<\/li>\n                    <li>Autorizaci\u00f3n de pausa en caso de sensaci\u00f3n de v\u00e9rtigo<\/li>\n                    <li>Adaptaci\u00f3n de las actividades de educaci\u00f3n f\u00edsica (evitar rotaciones r\u00e1pidas, alturas)<\/li>\n                    <li>Informaci\u00f3n de la enfermera escolar sobre la conducta a seguir<\/li>\n                    <li>Comunicaci\u00f3n regular entre la familia y el equipo educativo<\/li>\n                    <li>Concienciaci\u00f3n de los compa\u00f1eros si es necesario (con el consentimiento del ni\u00f1o)<\/li>\n                <\/ul>\n            <\/div>\n\n            <h2>10. \ud83c\udf31 Prevenci\u00f3n y higiene de vida \u00f3ptima<\/h2>\n\n            <p>La prevenci\u00f3n de los v\u00e9rtigos pedi\u00e1tricos se basa en un enfoque global de higiene de vida, que busca optimizar el funcionamiento del sistema vestibular y reducir los factores de riesgo identificables. Este enfoque preventivo, accesible a todas las familias, constituye un complemento esencial a los tratamientos espec\u00edficos y puede mejorar significativamente la calidad de vida del ni\u00f1o.<\/p>\n\n            <p>El sue\u00f1o ocupa un lugar central en la prevenci\u00f3n de los trastornos vestibulares. Un ni\u00f1o cansado presenta una vulnerabilidad aumentada a los v\u00e9rtigos, ya que su cerebro tiene m\u00e1s dificultades para integrar y procesar correctamente la informaci\u00f3n sensorial. Las recomendaciones incluyen horarios de acostarse regulares adaptados a la edad (19:30-20:30 para los 3-8 a\u00f1os, 21:00-22:00 para los preadolescentes), un ambiente de sue\u00f1o \u00f3ptimo (habitaci\u00f3n fresca, oscura, silenciosa), y la limitaci\u00f3n de las pantallas antes de acostarse que pueden perturbar la secreci\u00f3n de melatonina.<\/p>\n\n            <p>La hidrataci\u00f3n representa otro pilar fundamental, la deshidrataci\u00f3n, incluso leve, puede provocar mareos y favorecer los v\u00e9rtigos. El ni\u00f1o debe beber regularmente a lo largo del d\u00eda, prestando especial atenci\u00f3n en climas c\u00e1lidos, durante la actividad f\u00edsica, o en caso de fiebre. Las bebidas azucaradas o excitantes deben evitarse, siendo el agua la bebida de referencia, posiblemente adornada con frutas frescas para hacerla m\u00e1s atractiva.<\/p>\n\n            <div class=\"conseil-card\">\n                <h4>\ud83c\udf4e Nutrici\u00f3n anti-v\u00e9rtigo<\/h4>\n                <p>Priorice una alimentaci\u00f3n equilibrada con comidas regulares para evitar la hipoglucemia. Limite los alimentos ricos en sodio que pueden afectar el equilibrio h\u00eddrico del o\u00eddo interno. En caso de migra\u00f1a vestibular, identifique y evite los alimentos desencadenantes potenciales (chocolate, quesos fermentados, c\u00edtricos seg\u00fan los casos).<\/p>\n            <\/div>\n\n            <div class=\"expert-box\">\n                <div class=\"expert-box-label\">INVESTIGACI\u00d3N ACTUAL<\/div>\n                <div class=\"expert-box-title\">Actividad f\u00edsica y sistema vestibular<\/div>\n                <p>Los estudios recientes muestran que el ejercicio f\u00edsico regular mejora significativamente la funci\u00f3n vestibular en el ni\u00f1o al estimular la neuroplasticidad y los mecanismos de compensaci\u00f3n.<\/p>\n                <div class=\"expert-inner\">\n<div class=\"expert-inner-title\">Deportes recomendados<\/div>\n                    <p>Nataci\u00f3n (estimulaci\u00f3n vestibular suave), bicicleta (equilibrio din\u00e1mico), danza (coordinaci\u00f3n), artes marciales adaptadas (propiocepci\u00f3n). Evitar temporalmente deportes de riesgo de choque durante per\u00edodos sintom\u00e1ticos.<\/p>\n                <\/div>\n            <\/div>\n\n            <h2>11. \ud83c\udfaf Herramientas digitales y aplicaciones terap\u00e9uticas<\/h2>\n\n            <p>La era digital ha revolucionado el enfoque terap\u00e9utico de los trastornos vestibulares pedi\u00e1tricos, ofreciendo nuevas herramientas interactivas y motivadoras para acompa\u00f1ar la rehabilitaci\u00f3n. Estas tecnolog\u00edas innovadoras aprovechan el atractivo natural de los ni\u00f1os por los soportes digitales mientras proporcionan ejercicios terap\u00e9uticos validados cient\u00edficamente.<\/p>\n\n            <p>Las aplicaciones de rehabilitaci\u00f3n vestibular utilizan sensores integrados en smartphones y tabletas para proponer ejercicios de equilibrio gamificados. Estos programas adaptan autom\u00e1ticamente la dificultad seg\u00fan los progresos del ni\u00f1o, manteniendo un nivel de desaf\u00edo \u00f3ptimo para fomentar el compromiso y la progresi\u00f3n. Los sistemas de recompensas virtuales, insignias y clasificaciones transforman la obligaci\u00f3n terap\u00e9utica en placer l\u00fadico.<\/p>\n\n            <p>La realidad virtual representa un enfoque particularmente prometedor, permitiendo crear entornos controlados para exponer progresivamente al ni\u00f1o a estimulaciones vestibulares variadas. Estas herramientas facilitan la habituaci\u00f3n a las sensaciones de movimiento mientras ofrecen un marco seguro y modulable seg\u00fan las necesidades individuales. La inmersi\u00f3n virtual puede simular situaciones de la vida cotidiana (transportes, juegos de bal\u00f3n) en un contexto terap\u00e9utico controlado.<\/p>\n\n            <div class=\"tip-box\">\n                <div class=\"tip-box-label\">\ud83d\ude80 COCO PIENSA y COCO SE MUEVE<\/div>\n                <p>Nuestra aplicaci\u00f3n <a href=\"https:\/\/www.dynseo.com\/es\/coco-piensa-y-coco-se-mueve-software-educativo\/\" style=\"color: var(--primary-blue); font-weight: 600;\">COCO<\/a> integra espec\u00edficamente ejercicios de equilibrio y coordinaci\u00f3n en un entorno l\u00fadico adaptado a los ni\u00f1os. Las pausas activas propuestas estimulan naturalmente el sistema vestibular mientras ofrecen una experiencia de juego enriquecedora y educativa.<\/p>\n            <\/div>\n<div class=\"key-points\">\n                <h3>\ud83d\udcf1 Funcionalidades de las apps terap\u00e9uticas modernas<\/h3>\n                <ul>\n                    <li>Ejercicios personalizados seg\u00fan la edad y capacidades del ni\u00f1o<\/li>\n                    <li>Progresi\u00f3n autom\u00e1tica basada en el rendimiento<\/li>\n                    <li>Interfaz l\u00fadica con recompensas y \u00e1nimos<\/li>\n                    <li>Seguimiento de los progresos compartible con los profesionales<\/li>\n                    <li>Ejercicios adaptables seg\u00fan el entorno (hogar, escuela)<\/li>\n                    <li>Recordatorios y notificaciones para mantener la regularidad<\/li>\n                <\/ul>\n            <\/div>\n\n            <h2>12. \ud83e\ude7a Innovaciones diagn\u00f3sticas y terap\u00e9uticas<\/h2>\n\n            <p>La medicina vestibular pedi\u00e1trica se beneficia actualmente de avances tecnol\u00f3gicos notables que transforman los enfoques diagn\u00f3sticos y terap\u00e9uticos. Estas innovaciones permiten una evaluaci\u00f3n m\u00e1s precisa de los trastornos del equilibrio en el ni\u00f1o y abren nuevas perspectivas de tratamiento personalizado.<\/p>\n\n            <p>Los nuevos sistemas de videonistagmograf\u00eda de alta definici\u00f3n permiten analizar con una precisi\u00f3n inigualable los movimientos oculares reflejos, verdaderas ventanas sobre el funcionamiento vestibular. Estos equipos, adaptados a la morfolog\u00eda pedi\u00e1trica, facilitan la exploraci\u00f3n de los ni\u00f1os incluso muy peque\u00f1os gracias a interfaces l\u00fadicas y tiempos de examen reducidos. El an\u00e1lisis automatizado de los datos permite a los cl\u00ednicos detectar anomal\u00edas sutiles que escapar\u00edan a la observaci\u00f3n tradicional.<\/p>\n\n            <p>La plataforma de posturograf\u00eda din\u00e1mica representa otro avance importante, evaluando de manera objetiva el equilibrio del ni\u00f1o en condiciones variadas y controladas. Estos sistemas proponen entornos virtuales inmersivos que ponen a prueba la capacidad de adaptaci\u00f3n vestibular mientras cautivan la atenci\u00f3n del ni\u00f1o. Los datos recogidos orientan precisamente la rehabilitaci\u00f3n al identificar los d\u00e9ficits espec\u00edficos a corregir.<\/p>\n\n            <div class=\"expert-box\">\n                <div class=\"expert-box-label\">INNOVACI\u00d3N TECNOL\u00d3GICA<\/div>\n                <div class=\"expert-box-title\">Inteligencia artificial en vestibulolog\u00eda<\/div>\n                <p>Los algoritmos de IA analizan ahora los patrones de movimientos oculares y posturales para afinar los diagn\u00f3sticos diferenciales y predecir la evoluci\u00f3n de los trastornos vestibulares en el ni\u00f1o.<\/p>\n                <div class=\"expert-inner\">\n                    <div class=\"expert-inner-title\">Ventajas cl\u00ednicas<\/div>\n                    <p>Diagn\u00f3stico m\u00e1s temprano, personalizaci\u00f3n \u00f3ptima de los tratamientos, predicci\u00f3n de la evoluci\u00f3n, detecci\u00f3n de reca\u00eddas, optimizaci\u00f3n del seguimiento terap\u00e9utico.<\/p>\n                <\/div>\n            <\/div>\n\n            <div class=\"conseil-card\">\n                <h4>\ud83d\udd2c Telemedicina y seguimiento a distancia<\/h4>\n                <p>Las plataformas de teleconsulta especializadas permiten un seguimiento regular de los ni\u00f1os que sufren de v\u00e9rtigos, particularmente \u00fatil para las familias alejadas de los centros especializados. Las aplicaciones de seguimiento conectadas transmiten en tiempo real los datos de ejercicios y la evoluci\u00f3n de los s\u00edntomas a los profesionales.<\/p>\n            <\/div>\n\n            <div class=\"cta-box\">\n                <h3>\ud83c\udf1f Acompa\u00f1e a su hijo hacia un mejor equilibrio<\/h3>\n                <p>Descubra c\u00f3mo nuestra aplicaci\u00f3n COCO puede apoyar la rehabilitaci\u00f3n vestibular de su hijo gracias a juegos especialmente dise\u00f1ados para estimular el equilibrio y la coordinaci\u00f3n de manera l\u00fadica y progresiva.<\/p>\n<div class=\"cta-buttons\">\n                    <a href=\"https:\/\/www.dynseo.com\/es\/coco-piensa-y-coco-se-mueve-software-educativo\/\" class=\"btn-white\">Descubrir COCO<\/a>\n                    <a href=\"#\" class=\"btn-outline\">Gu\u00eda gratuita<\/a>\n                <\/div>\n            <\/div>\n\n            <div class=\"faq-list\">\n                <h2>\u2753 Preguntas frecuentes<\/h2>\n                \n                <div class=\"faq-item\">\n                    <div class=\"faq-q\">\n                        <span>\u00bfEs normal que mi hijo de 4 a\u00f1os diga a menudo que \"todo gira\"? <\/span>\n                        <span class=\"faq-icon\">+<\/span>\n                    <\/div>\n                    <div class=\"faq-a\">\n                        <p>Los episodios ocasionales de mareos son relativamente frecuentes en los ni\u00f1os en edad preescolar y a menudo corresponden al v\u00e9rtigo parox\u00edstico benigno de la infancia. Sin embargo, si estos episodios son frecuentes (m\u00e1s de una vez por semana), duran mucho tiempo, se acompa\u00f1an de otros s\u00edntomas (v\u00f3mitos, dolores de cabeza, trastornos auditivos) o impactan las actividades diarias de su hijo, se requiere una consulta pedi\u00e1trica para descartar cualquier causa subyacente y proponer una atenci\u00f3n adecuada.<\/p>\n                    <\/div>\n                <\/div>\n\n                <div class=\"faq-item\">\n                    <div class=\"faq-q\">\n                        <span>\u00bfPueden los mareos estar relacionados con el estr\u00e9s o la ansiedad en el ni\u00f1o?<\/span>\n                        <span class=\"faq-icon\">+<\/span>\n                    <\/div>\n                    <div class=\"faq-a\">\n                        <p>Absolutamente. La ansiedad y el estr\u00e9s representan causas significativas de sensaciones de mareo en el ni\u00f1o, especialmente frecuentes durante per\u00edodos dif\u00edciles como el inicio del a\u00f1o escolar, una mudanza, problemas familiares o dificultades relacionales. Estos mareos \"psic\u00f3genos\" son reales y requieren una atenci\u00f3n adecuada que combine tranquilidad, t\u00e9cnicas de relajaci\u00f3n y, a veces, apoyo psicol\u00f3gico. Es importante no minimizar estos s\u00edntomas e identificar los factores de estr\u00e9s para proponer estrategias de adaptaci\u00f3n apropiadas.<\/p>\n                    <\/div>\n                <\/div>\n\n                <div class=\"faq-item\">\n                    <div class=\"faq-q\">\n                        <span>\u00bfA partir de qu\u00e9 edad se puede considerar una rehabilitaci\u00f3n vestibular?<\/span>\n                        <span class=\"faq-icon\">+<\/span>\n                    <\/div>\n                    <div class=\"faq-a\">\n                        <p>La rehabilitaci\u00f3n vestibular se puede proponer a partir de los 4-5 a\u00f1os, adaptada en forma de ejercicios l\u00fadicos y juegos. Los fisioterapeutas especializados en rehabilitaci\u00f3n vestibular saben perfectamente adaptar sus t\u00e9cnicas a la edad del ni\u00f1o, transformando los ejercicios terap\u00e9uticos en actividades divertidas y motivadoras. La eficacia es generalmente excelente en el ni\u00f1o gracias a la notable plasticidad cerebral que caracteriza este per\u00edodo de desarrollo, permitiendo una compensaci\u00f3n r\u00e1pida y duradera de los d\u00e9ficits vestibulares.<\/p>\n                    <\/div>\n                <\/div>\n\n                <div class=\"faq-item\">\n                    <div class=\"faq-q\">\n                        <span>\u00bfPuede mi hijo practicar deporte a pesar de sus mareos?<\/span>\n                        <span class=\"faq-icon\">+<\/span>\n                    <\/div>\n<div class=\"faq-a\">\n                        <p>En la mayor\u00eda de los casos, la actividad f\u00edsica no solo est\u00e1 permitida sino que se recomienda ya que contribuye a mejorar el equilibrio y estimula los mecanismos de compensaci\u00f3n vestibular. Sin embargo, durante los per\u00edodos de v\u00e9rtigos frecuentes, puede ser prudente adaptar temporalmente la pr\u00e1ctica deportiva: evitar los deportes con riesgo de ca\u00edda importante (escalada, gimnasia en aparatos), limitar las actividades que impliquen rotaciones r\u00e1pidas, privilegiar los deportes en un entorno seguro. La nataci\u00f3n, la bicicleta y la caminata generalmente se toleran bien y son beneficiosos.<\/p>\n                    <\/div>\n                <\/div>\n\n                <div class=\"faq-item\">\n                    <div class=\"faq-q\">\n                        <span>\u00bfLas pantallas pueden agravar los v\u00e9rtigos de mi hijo?<\/span>\n                        <span class=\"faq-icon\">+<\/span>\n                    <\/div>\n                    <div class=\"faq-a\">\n                        <p>S\u00ed, el uso excesivo de pantallas puede contribuir efectivamente a los v\u00e9rtigos en algunos ni\u00f1os sensibles. Las pantallas pueden provocar fatiga visual, dolores de cabeza y sensaciones de mareo, particularmente durante un uso prolongado o en malas condiciones (iluminaci\u00f3n inadecuada, distancia demasiado cercana). Los videojuegos con movimientos r\u00e1pidos o efectos 3D pronunciados pueden desencadenar v\u00e9rtigos en los ni\u00f1os predispuestos. Se recomienda limitar el tiempo de pantalla, establecer pausas regulares (regla 20-20-20: cada 20 minutos, mirar a 20 metros durante 20 segundos) y asegurar una iluminaci\u00f3n y una distancia apropiadas.<\/p>\n                    <\/div>\n                <\/div>\n\n                <div class=\"faq-item\">\n                    <div class=\"faq-q\">\n                        <span>\u00bfC\u00f3mo explicar los v\u00e9rtigos a mi hijo sin preocuparlo?<\/span>\n                        <span class=\"faq-icon\">+<\/span>\n                    <\/div>\n<div class=\"faq-a\">\n                        <p>La explicaci\u00f3n debe adaptarse a la edad del ni\u00f1o utilizando met\u00e1foras simples y reconfortantes. Puedes decir: \"En tu o\u00eddo, hay un peque\u00f1o sistema que ayuda a tu cuerpo a saber si est\u00e1 recto\n<script type=\"application\/ld+json\">\n{\n  \"@context\": \"https:\/\/schema.org\",\n  \"@graph\": [\n    {\n      \"@type\": \"Article\",\n      \"headline\": \"Comment expliquer et combattre les vertiges des enfants ?\",\n      \"description\": \"\ud83e\udde0 Sant\u00e9 cognitive - Comment expliquer et combattre les vertiges chez les enfants ? \ud83d\udcc5 Avril 2026 \u23f1\ufe0f 15 min de lecture\",\n      \"url\": \"https:\/\/www.dynseo.com\/comment-expliquer-et-combattre-les-vertiges-des-enfants\/\",\n      \"datePublished\": \"2026-04-07\",\n      \"author\": {\n        \"@type\": \"Organization\",\n        \"name\": \"DYNSEO\",\n        \"url\": \"https:\/\/www.dynseo.com\"\n      },\n      \"publisher\": {\n        \"@type\": \"Organization\",\n        \"name\": \"DYNSEO\",\n        \"url\": \"https:\/\/www.dynseo.com\"\n      },\n      \"image\": \"https:\/\/www.dynseo.com\/wp-content\/uploads\/2026\/04\/vertiges-enfants.jpg\",\n      \"aggregateRating\": {\n        \"@type\": \"AggregateRating\",\n        \"ratingValue\": \"4.8\",\n        \"bestRating\": \"5\",\n        \"ratingCount\": \"47\"\n      }\n    },\n    {\n      \"@type\": \"WebPage\",\n      \"url\": \"https:\/\/www.dynseo.com\/comment-expliquer-et-combattre-les-vertiges-des-enfants\/\",\n      \"name\": \"Comment expliquer et combattre les vertiges des enfants ?\",\n      \"description\": \"\ud83e\udde0 Sant\u00e9 cognitive - Comment expliquer et combattre les vertiges chez les enfants ? \ud83d\udcc5 Avril 2026 \u23f1\ufe0f 15 min de lecture\"\n    },\n    {\n      \"@type\": \"BreadcrumbList\",\n      \"itemListElement\": [\n        {\n          \"@type\": \"ListItem\",\n          \"position\": 1,\n          \"name\": \"Accueil\",\n          \"item\": \"https:\/\/www.dynseo.com\"\n        },\n        {\n          \"@type\": \"ListItem\",\n          \"position\": 2,\n          \"name\": \"Blog\",\n          \"item\": \"https:\/\/www.dynseo.com\/blog\"\n        },\n        {\n          \"@type\": \"ListItem\",\n          \"position\": 3,\n          \"name\": \"Comment expliquer et combattre les vertiges des enfants ?\"\n        }\n      ]\n    },\n    {\n      \"@type\": \"FAQPage\",\n      \"mainEntity\": [\n        {\n          \"@type\": \"Question\",\n          \"name\": \"Mon enfant de 4 ans dit souvent que \"\u00e7a tourne\". Est-ce normal \u00e0 cet \u00e2ge ?\",\n          \"acceptedAnswer\": {\n            \"@type\": \"Answer\",\n            \"text\": \"Les sensations de vertige chez les jeunes enfants peuvent \u00eatre normales dans certains contextes, mais il est important de consulter un professionnel de sant\u00e9 pour \u00e9valuer la fr\u00e9quence et l'intensit\u00e9 de ces \u00e9pisodes.\"\n          }\n        },\n        {\n          \"@type\": \"Question\",\n          \"name\": \"Les vertiges peuvent-ils \u00eatre li\u00e9s au stress ou \u00e0 l'anxi\u00e9t\u00e9 chez l'enfant ?\",\n          \"acceptedAnswer\": {\n            \"@type\": \"Answer\",\n            \"text\": \"Oui, le stress et l'anxi\u00e9t\u00e9 peuvent effectivement provoquer des sensations de vertige chez l'enfant. Il est important d'identifier et de traiter les sources de stress pour am\u00e9liorer le bien-\u00eatre g\u00e9n\u00e9ral de l'enfant.\"\n          }\n        },\n        {\n          \"@type\": \"Question\",\n          \"name\": \"\u00c0 partir de quel \u00e2ge peut-on envisager une r\u00e9\u00e9ducation vestibulaire ?\",\n          \"acceptedAnswer\": {\n            \"@type\": \"Answer\",\n            \"text\": \"La r\u00e9\u00e9ducation vestibulaire peut \u00eatre adapt\u00e9e aux enfants d\u00e8s l'\u00e2ge de 5-6 ans, selon leur capacit\u00e9 de compr\u00e9hension et de coop\u00e9ration. Un professionnel sp\u00e9cialis\u00e9 pourra \u00e9valuer la faisabilit\u00e9 au cas par cas.\"\n          }\n        }\n      ]\n    }\n  ]\n}\n<\/script>[\/et_pb_code][\/et_pb_column][\/et_pb_row][\/et_pb_section]","_et_gb_content_width":"","footnotes":""},"categories":[2915],"tags":[],"class_list":["post-573086","post","type-post","status-publish","format-standard","has-post-thumbnail","hentry","category-les-conseils-des-coachs"],"yoast_head":"<!-- This site is optimized with the Yoast SEO plugin v27.4 - https:\/\/yoast.com\/product\/yoast-seo-wordpress\/ -->\n<title>C\u00f3mo explicar y combatir los v\u00e9rtigos en los ni\u00f1os? - DYNSEO - Aplicaci\u00f3n educativa y juegos de memoria<\/title>\n<meta name=\"robots\" content=\"index, follow, max-snippet:-1, max-image-preview:large, max-video-preview:-1\" \/>\n<link rel=\"canonical\" href=\"https:\/\/www.dynseo.com\/es\/como-explicar-y-combatir-los-vertigos-en-los-ninos\/\" \/>\n<meta property=\"og:locale\" content=\"es_ES\" \/>\n<meta property=\"og:type\" content=\"article\" \/>\n<meta property=\"og:title\" content=\"C\u00f3mo explicar y combatir los v\u00e9rtigos en los ni\u00f1os? - DYNSEO - Aplicaci\u00f3n educativa y juegos de memoria\" \/>\n<meta property=\"og:url\" content=\"https:\/\/www.dynseo.com\/es\/como-explicar-y-combatir-los-vertigos-en-los-ninos\/\" \/>\n<meta property=\"og:site_name\" content=\"DYNSEO - Aplicaci\u00f3n educativa y juegos de memoria\" \/>\n<meta property=\"article:published_time\" content=\"2026-04-30T17:17:32+00:00\" \/>\n<meta property=\"article:modified_time\" content=\"2026-04-30T17:22:38+00:00\" \/>\n<meta property=\"og:image\" content=\"https:\/\/www.dynseo.com\/wp-content\/uploads\/2025\/09\/abcdhe-107.jpg\" \/>\n\t<meta property=\"og:image:width\" content=\"900\" \/>\n\t<meta property=\"og:image:height\" content=\"600\" \/>\n\t<meta property=\"og:image:type\" content=\"image\/jpeg\" \/>\n<meta name=\"author\" content=\"DYNSEO\" \/>\n<meta name=\"twitter:label1\" content=\"Escrito por\" \/>\n\t<meta name=\"twitter:data1\" content=\"DYNSEO\" \/>\n\t<meta name=\"twitter:label2\" content=\"Tiempo de lectura\" \/>\n\t<meta name=\"twitter:data2\" content=\"26 minutos\" \/>\n<script type=\"application\/ld+json\" class=\"yoast-schema-graph\">{\"@context\":\"https:\\\/\\\/schema.org\",\"@graph\":[{\"@type\":\"Article\",\"@id\":\"https:\\\/\\\/www.dynseo.com\\\/es\\\/como-explicar-y-combatir-los-vertigos-en-los-ninos\\\/#article\",\"isPartOf\":{\"@id\":\"https:\\\/\\\/www.dynseo.com\\\/es\\\/como-explicar-y-combatir-los-vertigos-en-los-ninos\\\/\"},\"author\":{\"name\":\"DYNSEO\",\"@id\":\"https:\\\/\\\/www.dynseo.com\\\/es\\\/#\\\/schema\\\/person\\\/78ef63df2ee64e0989bc68f8401b38d6\"},\"headline\":\"C\u00f3mo explicar y combatir los v\u00e9rtigos en los ni\u00f1os?\",\"datePublished\":\"2026-04-30T17:17:32+00:00\",\"dateModified\":\"2026-04-30T17:22:38+00:00\",\"mainEntityOfPage\":{\"@id\":\"https:\\\/\\\/www.dynseo.com\\\/es\\\/como-explicar-y-combatir-los-vertigos-en-los-ninos\\\/\"},\"wordCount\":5179,\"publisher\":{\"@id\":\"https:\\\/\\\/www.dynseo.com\\\/es\\\/#organization\"},\"image\":{\"@id\":\"https:\\\/\\\/www.dynseo.com\\\/es\\\/como-explicar-y-combatir-los-vertigos-en-los-ninos\\\/#primaryimage\"},\"thumbnailUrl\":\"https:\\\/\\\/www.dynseo.com\\\/wp-content\\\/uploads\\\/2025\\\/09\\\/abcdhe-107.jpg\",\"articleSection\":[\"Les conseils des coachs\"],\"inLanguage\":\"es\"},{\"@type\":\"WebPage\",\"@id\":\"https:\\\/\\\/www.dynseo.com\\\/es\\\/como-explicar-y-combatir-los-vertigos-en-los-ninos\\\/\",\"url\":\"https:\\\/\\\/www.dynseo.com\\\/es\\\/como-explicar-y-combatir-los-vertigos-en-los-ninos\\\/\",\"name\":\"C\u00f3mo explicar y combatir los v\u00e9rtigos en los ni\u00f1os? - DYNSEO - Aplicaci\u00f3n educativa y juegos de memoria\",\"isPartOf\":{\"@id\":\"https:\\\/\\\/www.dynseo.com\\\/es\\\/#website\"},\"primaryImageOfPage\":{\"@id\":\"https:\\\/\\\/www.dynseo.com\\\/es\\\/como-explicar-y-combatir-los-vertigos-en-los-ninos\\\/#primaryimage\"},\"image\":{\"@id\":\"https:\\\/\\\/www.dynseo.com\\\/es\\\/como-explicar-y-combatir-los-vertigos-en-los-ninos\\\/#primaryimage\"},\"thumbnailUrl\":\"https:\\\/\\\/www.dynseo.com\\\/wp-content\\\/uploads\\\/2025\\\/09\\\/abcdhe-107.jpg\",\"datePublished\":\"2026-04-30T17:17:32+00:00\",\"dateModified\":\"2026-04-30T17:22:38+00:00\",\"breadcrumb\":{\"@id\":\"https:\\\/\\\/www.dynseo.com\\\/es\\\/como-explicar-y-combatir-los-vertigos-en-los-ninos\\\/#breadcrumb\"},\"inLanguage\":\"es\",\"potentialAction\":[{\"@type\":\"ReadAction\",\"target\":[\"https:\\\/\\\/www.dynseo.com\\\/es\\\/como-explicar-y-combatir-los-vertigos-en-los-ninos\\\/\"]}]},{\"@type\":\"ImageObject\",\"inLanguage\":\"es\",\"@id\":\"https:\\\/\\\/www.dynseo.com\\\/es\\\/como-explicar-y-combatir-los-vertigos-en-los-ninos\\\/#primaryimage\",\"url\":\"https:\\\/\\\/www.dynseo.com\\\/wp-content\\\/uploads\\\/2025\\\/09\\\/abcdhe-107.jpg\",\"contentUrl\":\"https:\\\/\\\/www.dynseo.com\\\/wp-content\\\/uploads\\\/2025\\\/09\\\/abcdhe-107.jpg\",\"width\":900,\"height\":600,\"caption\":\"Fortalece las habilidades cognitivas de tus hijos con nuestros divertidos desaf\u00edos\"},{\"@type\":\"BreadcrumbList\",\"@id\":\"https:\\\/\\\/www.dynseo.com\\\/es\\\/como-explicar-y-combatir-los-vertigos-en-los-ninos\\\/#breadcrumb\",\"itemListElement\":[{\"@type\":\"ListItem\",\"position\":1,\"name\":\"Accueil\",\"item\":\"https:\\\/\\\/www.dynseo.com\\\/es\\\/\"},{\"@type\":\"ListItem\",\"position\":2,\"name\":\"C\u00f3mo explicar y combatir los v\u00e9rtigos en los ni\u00f1os?\"}]},{\"@type\":\"WebSite\",\"@id\":\"https:\\\/\\\/www.dynseo.com\\\/es\\\/#website\",\"url\":\"https:\\\/\\\/www.dynseo.com\\\/es\\\/\",\"name\":\"Jeux de m\u00e9moire et stimulation cognitive\",\"description\":\"Entra\u00eenez votre m\u00e9moire et votre cerveau avec DYNSEO\",\"publisher\":{\"@id\":\"https:\\\/\\\/www.dynseo.com\\\/es\\\/#organization\"},\"potentialAction\":[{\"@type\":\"SearchAction\",\"target\":{\"@type\":\"EntryPoint\",\"urlTemplate\":\"https:\\\/\\\/www.dynseo.com\\\/es\\\/?s={search_term_string}\"},\"query-input\":{\"@type\":\"PropertyValueSpecification\",\"valueRequired\":true,\"valueName\":\"search_term_string\"}}],\"inLanguage\":\"es\"},{\"@type\":\"Organization\",\"@id\":\"https:\\\/\\\/www.dynseo.com\\\/es\\\/#organization\",\"name\":\"DYNSEO\",\"url\":\"https:\\\/\\\/www.dynseo.com\\\/es\\\/\",\"logo\":{\"@type\":\"ImageObject\",\"inLanguage\":\"es\",\"@id\":\"https:\\\/\\\/www.dynseo.com\\\/es\\\/#\\\/schema\\\/logo\\\/image\\\/\",\"url\":\"https:\\\/\\\/www.dynseo.com\\\/wp-content\\\/uploads\\\/2022\\\/05\\\/logo-dynseo-new.png\",\"contentUrl\":\"https:\\\/\\\/www.dynseo.com\\\/wp-content\\\/uploads\\\/2022\\\/05\\\/logo-dynseo-new.png\",\"width\":5073,\"height\":1397,\"caption\":\"DYNSEO\"},\"image\":{\"@id\":\"https:\\\/\\\/www.dynseo.com\\\/es\\\/#\\\/schema\\\/logo\\\/image\\\/\"}},{\"@type\":\"Person\",\"@id\":\"https:\\\/\\\/www.dynseo.com\\\/es\\\/#\\\/schema\\\/person\\\/78ef63df2ee64e0989bc68f8401b38d6\",\"name\":\"DYNSEO\",\"url\":\"https:\\\/\\\/www.dynseo.com\\\/es\\\/author\\\/justine\\\/\"}]}<\/script>\n<!-- \/ Yoast SEO plugin. -->","yoast_head_json":{"title":"C\u00f3mo explicar y combatir los v\u00e9rtigos en los ni\u00f1os? - DYNSEO - Aplicaci\u00f3n educativa y juegos de memoria","robots":{"index":"index","follow":"follow","max-snippet":"max-snippet:-1","max-image-preview":"max-image-preview:large","max-video-preview":"max-video-preview:-1"},"canonical":"https:\/\/www.dynseo.com\/es\/como-explicar-y-combatir-los-vertigos-en-los-ninos\/","og_locale":"es_ES","og_type":"article","og_title":"C\u00f3mo explicar y combatir los v\u00e9rtigos en los ni\u00f1os? - DYNSEO - Aplicaci\u00f3n educativa y juegos de memoria","og_url":"https:\/\/www.dynseo.com\/es\/como-explicar-y-combatir-los-vertigos-en-los-ninos\/","og_site_name":"DYNSEO - Aplicaci\u00f3n educativa y juegos de memoria","article_published_time":"2026-04-30T17:17:32+00:00","article_modified_time":"2026-04-30T17:22:38+00:00","og_image":[{"width":900,"height":600,"url":"https:\/\/www.dynseo.com\/wp-content\/uploads\/2025\/09\/abcdhe-107.jpg","type":"image\/jpeg"}],"author":"DYNSEO","twitter_misc":{"Escrito por":"DYNSEO","Tiempo de lectura":"26 minutos"},"schema":{"@context":"https:\/\/schema.org","@graph":[{"@type":"Article","@id":"https:\/\/www.dynseo.com\/es\/como-explicar-y-combatir-los-vertigos-en-los-ninos\/#article","isPartOf":{"@id":"https:\/\/www.dynseo.com\/es\/como-explicar-y-combatir-los-vertigos-en-los-ninos\/"},"author":{"name":"DYNSEO","@id":"https:\/\/www.dynseo.com\/es\/#\/schema\/person\/78ef63df2ee64e0989bc68f8401b38d6"},"headline":"C\u00f3mo explicar y combatir los v\u00e9rtigos en los ni\u00f1os?","datePublished":"2026-04-30T17:17:32+00:00","dateModified":"2026-04-30T17:22:38+00:00","mainEntityOfPage":{"@id":"https:\/\/www.dynseo.com\/es\/como-explicar-y-combatir-los-vertigos-en-los-ninos\/"},"wordCount":5179,"publisher":{"@id":"https:\/\/www.dynseo.com\/es\/#organization"},"image":{"@id":"https:\/\/www.dynseo.com\/es\/como-explicar-y-combatir-los-vertigos-en-los-ninos\/#primaryimage"},"thumbnailUrl":"https:\/\/www.dynseo.com\/wp-content\/uploads\/2025\/09\/abcdhe-107.jpg","articleSection":["Les conseils des coachs"],"inLanguage":"es"},{"@type":"WebPage","@id":"https:\/\/www.dynseo.com\/es\/como-explicar-y-combatir-los-vertigos-en-los-ninos\/","url":"https:\/\/www.dynseo.com\/es\/como-explicar-y-combatir-los-vertigos-en-los-ninos\/","name":"C\u00f3mo explicar y combatir los v\u00e9rtigos en los ni\u00f1os? - DYNSEO - Aplicaci\u00f3n educativa y juegos de memoria","isPartOf":{"@id":"https:\/\/www.dynseo.com\/es\/#website"},"primaryImageOfPage":{"@id":"https:\/\/www.dynseo.com\/es\/como-explicar-y-combatir-los-vertigos-en-los-ninos\/#primaryimage"},"image":{"@id":"https:\/\/www.dynseo.com\/es\/como-explicar-y-combatir-los-vertigos-en-los-ninos\/#primaryimage"},"thumbnailUrl":"https:\/\/www.dynseo.com\/wp-content\/uploads\/2025\/09\/abcdhe-107.jpg","datePublished":"2026-04-30T17:17:32+00:00","dateModified":"2026-04-30T17:22:38+00:00","breadcrumb":{"@id":"https:\/\/www.dynseo.com\/es\/como-explicar-y-combatir-los-vertigos-en-los-ninos\/#breadcrumb"},"inLanguage":"es","potentialAction":[{"@type":"ReadAction","target":["https:\/\/www.dynseo.com\/es\/como-explicar-y-combatir-los-vertigos-en-los-ninos\/"]}]},{"@type":"ImageObject","inLanguage":"es","@id":"https:\/\/www.dynseo.com\/es\/como-explicar-y-combatir-los-vertigos-en-los-ninos\/#primaryimage","url":"https:\/\/www.dynseo.com\/wp-content\/uploads\/2025\/09\/abcdhe-107.jpg","contentUrl":"https:\/\/www.dynseo.com\/wp-content\/uploads\/2025\/09\/abcdhe-107.jpg","width":900,"height":600,"caption":"Fortalece las habilidades cognitivas de tus hijos con nuestros divertidos desaf\u00edos"},{"@type":"BreadcrumbList","@id":"https:\/\/www.dynseo.com\/es\/como-explicar-y-combatir-los-vertigos-en-los-ninos\/#breadcrumb","itemListElement":[{"@type":"ListItem","position":1,"name":"Accueil","item":"https:\/\/www.dynseo.com\/es\/"},{"@type":"ListItem","position":2,"name":"C\u00f3mo explicar y combatir los v\u00e9rtigos en los ni\u00f1os?"}]},{"@type":"WebSite","@id":"https:\/\/www.dynseo.com\/es\/#website","url":"https:\/\/www.dynseo.com\/es\/","name":"Jeux de m\u00e9moire et stimulation cognitive","description":"Entra\u00eenez votre m\u00e9moire et votre cerveau avec DYNSEO","publisher":{"@id":"https:\/\/www.dynseo.com\/es\/#organization"},"potentialAction":[{"@type":"SearchAction","target":{"@type":"EntryPoint","urlTemplate":"https:\/\/www.dynseo.com\/es\/?s={search_term_string}"},"query-input":{"@type":"PropertyValueSpecification","valueRequired":true,"valueName":"search_term_string"}}],"inLanguage":"es"},{"@type":"Organization","@id":"https:\/\/www.dynseo.com\/es\/#organization","name":"DYNSEO","url":"https:\/\/www.dynseo.com\/es\/","logo":{"@type":"ImageObject","inLanguage":"es","@id":"https:\/\/www.dynseo.com\/es\/#\/schema\/logo\/image\/","url":"https:\/\/www.dynseo.com\/wp-content\/uploads\/2022\/05\/logo-dynseo-new.png","contentUrl":"https:\/\/www.dynseo.com\/wp-content\/uploads\/2022\/05\/logo-dynseo-new.png","width":5073,"height":1397,"caption":"DYNSEO"},"image":{"@id":"https:\/\/www.dynseo.com\/es\/#\/schema\/logo\/image\/"}},{"@type":"Person","@id":"https:\/\/www.dynseo.com\/es\/#\/schema\/person\/78ef63df2ee64e0989bc68f8401b38d6","name":"DYNSEO","url":"https:\/\/www.dynseo.com\/es\/author\/justine\/"}]}},"_links":{"self":[{"href":"https:\/\/www.dynseo.com\/es\/wp-json\/wp\/v2\/posts\/573086","targetHints":{"allow":["GET"]}}],"collection":[{"href":"https:\/\/www.dynseo.com\/es\/wp-json\/wp\/v2\/posts"}],"about":[{"href":"https:\/\/www.dynseo.com\/es\/wp-json\/wp\/v2\/types\/post"}],"author":[{"embeddable":true,"href":"https:\/\/www.dynseo.com\/es\/wp-json\/wp\/v2\/users\/4"}],"replies":[{"embeddable":true,"href":"https:\/\/www.dynseo.com\/es\/wp-json\/wp\/v2\/comments?post=573086"}],"version-history":[{"count":17,"href":"https:\/\/www.dynseo.com\/es\/wp-json\/wp\/v2\/posts\/573086\/revisions"}],"predecessor-version":[{"id":573103,"href":"https:\/\/www.dynseo.com\/es\/wp-json\/wp\/v2\/posts\/573086\/revisions\/573103"}],"wp:featuredmedia":[{"embeddable":true,"href":"https:\/\/www.dynseo.com\/es\/wp-json\/wp\/v2\/media\/411079"}],"wp:attachment":[{"href":"https:\/\/www.dynseo.com\/es\/wp-json\/wp\/v2\/media?parent=573086"}],"wp:term":[{"taxonomy":"category","embeddable":true,"href":"https:\/\/www.dynseo.com\/es\/wp-json\/wp\/v2\/categories?post=573086"},{"taxonomy":"post_tag","embeddable":true,"href":"https:\/\/www.dynseo.com\/es\/wp-json\/wp\/v2\/tags?post=573086"}],"curies":[{"name":"wp","href":"https:\/\/api.w.org\/{rel}","templated":true}]}}