{"id":573226,"date":"2026-04-30T20:04:58","date_gmt":"2026-04-30T18:04:58","guid":{"rendered":"https:\/\/www.dynseo.com\/limpact-de-la-dmla-sur-la-vie-quotidienne-comprendre-gerer-et-vivre-avec-2\/"},"modified":"2026-04-30T20:09:22","modified_gmt":"2026-04-30T18:09:22","slug":"el-impacto-de-la-dmla-en-la-vida-cotidiana-comprender-gestionar-y-vivir-con","status":"publish","type":"post","link":"https:\/\/www.dynseo.com\/es\/el-impacto-de-la-dmla-en-la-vida-cotidiana-comprender-gestionar-y-vivir-con\/","title":{"rendered":"El impacto de la DMLA en la vida cotidiana: comprender, gestionar y vivir con"},"content":{"rendered":"<p>[et_pb_section fb_built=\u00bb1&#8243; _builder_version=\u00bb4.16&#8243; custom_padding=\u00bb0px|0px|0px|0px|false|false\u00bb margin_top=\u00bb0px\u00bb margin_bottom=\u00bb0px\u00bb global_colors_info=\u00bb{}\u00bb][et_pb_row _builder_version=\u00bb4.16&#8243; custom_padding=\u00bb0px|0px|0px|0px|false|false\u00bb margin_top=\u00bb0px\u00bb margin_bottom=\u00bb0px\u00bb column_structure=\u00bb4_4&#8243; global_colors_info=\u00bb{}\u00bb][et_pb_column type=\u00bb4_4&#8243; _builder_version=\u00bb4.16&#8243; custom_padding=\u00bb0px|0px|0px|0px|false|false\u00bb global_colors_info=\u00bb{}\u00bb][et_pb_code _builder_version=\u00bb4.16&#8243; custom_padding=\u00bb0px|0px|0px|0px|false|false\u00bb global_colors_info=\u00bb{}\u00bb]<\/p>\n<style>\n        :root {\n            --primary-blue: #5e5ed7;\n            --primary-blue-dark: #5268c9;\n            --primary-teal: #a9e2e4;\n            --primary-yellow: #ffeca7;\n            --primary-rose: #e73469;\n            --text-dark: #2c3e50;\n            --text-light: #7f8c8d;\n            --bg-light: #f8f9fa;\n            --white: #ffffff;\n            --shadow: 0 4px 20px rgba(0, 0, 0, 0.1);\n        }<\/p>\n<p>        * {\n            margin: 0;\n            padding: 0;\n            box-sizing: border-box;\n        }<\/p>\n<p>        body {\n            font-family: 'Poppins', sans-serif;\n            line-height: 1.6;\n            color: var(--text-dark);\n            background-color: var(--bg-light);\n        }<\/p>\n<p>        .article-hero {\n            background: linear-gradient(135deg, var(--primary-blue) 0%, var(--primary-blue-dark) 100%);\n            color: var(--white);\n            position: relative;\n            padding: 2rem 0 6rem;\n            overflow: hidden;\n        }<\/p>\n<p>        .article-hero-inner {\n            max-width: 1200px;\n            margin: 0 auto;\n            padding: 0 1.5rem;\n            position: relative;\n            z-index: 2;\n        }<\/p>\n<p>        .article-breadcrumb {\n            font-size: 0.9rem;\n            margin-bottom: 1rem;\n            opacity: 0.9;\n        }<\/p>\n<p>        .article-breadcrumb a {\n            color: var(--white);\n            text-decoration: none;\n        }<\/p>\n<p>        .article-category {\n            display: inline-block;\n            background: var(--primary-rose);\n            padding: 0.5rem 1rem;\n            border-radius: 20px;\n            font-size: 0.8rem;\n            font-weight: 600;\n            margin-bottom: 1.5rem;\n        }<\/p>\n<p>        .article-hero h1 {\n            font-family: 'Montserrat', sans-serif;\n            font-size: 2.5rem;\n            font-weight: 700;\n            line-height: 1.2;\n            margin-bottom: 1rem;\n        }<\/p>\n<p>        .hl {\n            color: var(--primary-yellow);\n        }<\/p>\n<p>        .article-meta {\n            display: flex;\n            flex-wrap: wrap;\n            gap: 1.5rem;\n            margin-bottom: 1rem;\n            font-size: 0.9rem;\n        }<\/p>\n<p>        .article-meta span {\n            display: flex;\n            align-items: center;\n            gap: 0.5rem;\n        }<\/p>\n<p>        .rating {\n            display: flex;\n            align-items: center;\n            gap: 0.5rem;\n        }<\/p>\n<p>        .stars {\n            color: var(--primary-yellow);\n        }<\/p>\n<p>        .article-hero-curve {\n            position: absolute;\n            bottom: -1px;\n            left: 0;\n            right: 0;\n            height: 60px;\n            background: var(--bg-light);\n            clip-path: polygon(0 100%, 100% 100%, 100% 40%, 0 80%);\n        }<\/p>\n<p>        .article-body {\n            padding: 3rem 0;\n        }<\/p>\n<p>        .container {\n            max-width: 1200px;\n            margin: 0 auto;\n            padding: 0 1.5rem;\n        }<\/p>\n<p>        .intro-block {\n            background: var(--white);\n            padding: 2rem;\n            border-radius: 15px;\n            box-shadow: var(--shadow);\n            margin-bottom: 3rem;\n            font-size: 1.1rem;\n            border-left: 4px solid var(--primary-blue);\n        }<\/p>\n<p>        .stats-grid {\n            display: grid;\n            grid-template-columns: repeat(auto-fit, minmax(250px, 1fr));\n            gap: 1.5rem;\n            margin: 3rem 0;\n        }<\/p>\n<p>        .stat-card {\n            background: var(--white);\n            padding: 2rem;\n            border-radius: 15px;\n            box-shadow: var(--shadow);\n            text-align: center;\n            transition: transform 0.3s ease;\n        }<\/p>\n<p>        .stat-card:hover {\n            transform: translateY(-5px);\n        }<\/p>\n<p>        .stat-card .number {\n            font-family: 'Montserrat', sans-serif;\n            font-size: 2.5rem;\n            font-weight: 700;\n            color: var(--primary-blue);\n            display: block;\n            margin-bottom: 0.5rem;\n        }<\/p>\n<p>        .stat-card .label {\n            color: var(--text-light);\n            font-weight: 500;\n        }<\/p>\n<p>        h2 {\n            font-family: 'Montserrat', sans-serif;\n            font-size: 1.8rem;\n            font-weight: 600;\n            margin: 2.5rem 0 1.5rem;\n            color: var(--primary-blue);\n        }<\/p>\n<p>        h3 {\n            font-family: 'Montserrat', sans-serif;\n            font-size: 1.4rem;\n            font-weight: 600;\n            margin: 2rem 0 1rem;\n            color: var(--text-dark);\n        }<\/p>\n<p>        p {\n            margin-bottom: 1.5rem;\n            line-height: 1.7;\n        }<\/p>\n<p>        .conseil-card {\n            background: linear-gradient(135deg, var(--primary-teal) 0%, #91d8db 100%);\n            padding: 1.5rem;\n            border-radius: 15px;\n            margin: 2rem 0;\n            border-left: 4px solid var(--primary-blue);\n        }<\/p>\n<p>        .conseil-card h4 {\n            font-family: 'Montserrat', sans-serif;\n            font-weight: 600;\n            margin-bottom: 1rem;\n            color: var(--text-dark);\n        }<\/p>\n<p>        .key-points {\n            background: var(--white);\n            padding: 2rem;\n            border-radius: 15px;\n            box-shadow: var(--shadow);\n            margin: 2rem 0;\n        }<\/p>\n<p>        .key-points h4 {\n            font-family: 'Montserrat', sans-serif;\n            color: var(--primary-blue);\n            margin-bottom: 1rem;\n        }<\/p>\n<p>        .key-points ul {\n            list-style: none;\n            padding-left: 0;\n        }<\/p>\n<p>        .key-points li {\n            padding: 0.5rem 0;\n            padding-left: 1.5rem;\n            position: relative;\n        }<\/p>\n<p>        .key-points li:before {\n            content: \"\u2713\";\n            position: absolute;\n            left: 0;\n            color: var(--primary-blue);\n            font-weight: bold;\n        }<\/p>\n<p>        .tip-box {\n            background: var(--primary-yellow);\n            padding: 1.5rem;\n            border-radius: 15px;\n            margin: 2rem 0;\n            position: relative;\n        }<\/p>\n<p>        .tip-box-label {\n            font-family: 'Montserrat', sans-serif;\n            font-weight: 600;\n            color: var(--text-dark);\n            margin-bottom: 1rem;\n            display: flex;\n            align-items: center;\n            gap: 0.5rem;\n        }<\/p>\n<p>        .expert-box {\n            background: linear-gradient(135deg, var(--primary-blue) 0%, var(--primary-blue-dark) 100%);\n            color: var(--white);\n            padding: 2rem;\n            border-radius: 15px;\n            margin: 2rem 0;\n        }<\/p>\n<p>        .expert-box-label {\n            font-size: 0.9rem;\n            opacity: 0.9;\n            margin-bottom: 0.5rem;\n        }<\/p>\n<p>        .expert-box-title {\n            font-family: 'Montserrat', sans-serif;\n            font-size: 1.3rem;\n            font-weight: 600;\n            margin-bottom: 1rem;\n        }<\/p>\n<p>        .expert-inner {\n            background: rgba(255, 255, 255, 0.1);\n            padding: 1.5rem;\n            border-radius: 10px;\n            margin-top: 1rem;\n        }<\/p>\n<p>        .expert-inner-title {\n            font-family: 'Montserrat', sans-serif;\n            font-weight: 600;\n            margin-bottom: 1rem;\n        }<\/p>\n<p>        .faq-list {\n            background: var(--white);\n            border-radius: 15px;\n            box-shadow: var(--shadow);\n            overflow: hidden;\n            margin: 3rem 0;\n        }<\/p>\n<p>        .faq-item {\n            border-bottom: 1px solid #eee;\n        }<\/p>\n<p>        .faq-item:last-child {\n            border-bottom: none;\n        }<\/p>\n<p>        .faq-q {\n            padding: 1.5rem;\n            cursor: pointer;\n            display: flex;\n            justify-content: space-between;\n            align-items: center;\n            font-weight: 600;\n            transition: background-color 0.3s ease;\n        }<\/p>\n<p>        .faq-q:hover {\n            background-color: var(--bg-light);\n        }<\/p>\n<p>        .faq-icon {\n            background: var(--primary-blue);\n            color: var(--white);\n            width: 24px;\n            height: 24px;\n            border-radius: 50%;\n            display: flex;\n            align-items: center;\n            justify-content: center;\n            font-weight: bold;\n            transition: transform 0.3s ease;\n        }<\/p>\n<p>        .faq-item.open .faq-icon {\n            transform: rotate(45deg);\n        }<\/p>\n<p>        .faq-a {\n            padding: 0 1.5rem;\n            max-height: 0;\n            overflow: hidden;\n            transition: max-height 0.3s ease, padding 0.3s ease;\n        }<\/p>\n<p>        .faq-item.open .faq-a {\n            max-height: 500px;\n            padding: 0 1.5rem 1.5rem;\n        }<\/p>\n<p>        .cta-box {\n            background: linear-gradient(135deg, var(--primary-blue) 0%, var(--primary-blue-dark) 100%);\n            color: var(--white);\n            padding: 3rem;\n            border-radius: 20px;\n            text-align: center;\n            margin: 3rem 0;\n        }<\/p>\n<p>        .cta-box h3 {\n            color: var(--white);\n            margin-bottom: 1rem;\n        }<\/p>\n<p>        .cta-buttons {\n            display: flex;\n            gap: 1rem;\n            justify-content: center;\n            flex-wrap: wrap;\n            margin-top: 2rem;\n        }<\/p>\n<p>        .btn-white {\n            background: var(--white);\n            color: var(--primary-blue);\n            padding: 1rem 2rem;\n            border-radius: 25px;\n            text-decoration: none;\n            font-weight: 600;\n            transition: transform 0.3s ease;\n        }<\/p>\n<p>        .btn-white:hover {\n            transform: translateY(-2px);\n        }<\/p>\n<p>        .btn-outline {\n            background: transparent;\n            color: var(--white);\n            border: 2px solid var(--white);\n            padding: 1rem 2rem;\n            border-radius: 25px;\n            text-decoration: none;\n            font-weight: 600;\n            transition: all 0.3s ease;\n        }<\/p>\n<p>        .btn-outline:hover {\n            background: var(--white);\n            color: var(--primary-blue);\n        }<\/p>\n<p>        .article-tags {\n            display: flex;\n            flex-wrap: wrap;\n            gap: 0.5rem;\n            margin: 3rem 0;\n        }<\/p>\n<p>        .article-tag {\n            background: var(--primary-teal);\n            color: var(--text-dark);\n            padding: 0.5rem 1rem;\n            border-radius: 20px;\n            font-size: 0.9rem;\n            text-decoration: none;\n            transition: background-color 0.3s ease;\n        }<\/p>\n<p>        .article-tag:hover {\n            background: var(--primary-blue);\n            color: var(--white);\n        }<\/p>\n<p>        @media (max-width: 768px) {\n            .article-hero h1 {\n                font-size: 2rem;\n            }<\/p>\n<p>            .stats-grid {\n                grid-template-columns: 1fr;\n            }<\/p>\n<p>            .cta-buttons {\n                flex-direction: column;\n                align-items: center;\n            }<\/p>\n<p>            .article-meta {\n                flex-direction: column;\n                gap: 0.5rem;\n            }\n        }\n    <\/style>\n<p><script>\n        document.querySelectorAll('.faq-q').forEach(function(button) {\n            button.addEventListener('click', function() {\n                button.closest('.faq-item').classList.toggle('open');\n            });\n        });\n    <\/script><br \/>\n<script type=\"application\/ld+json\">\n{\n  \"@context\": \"https:\/\/schema.org\",\n  \"@graph\": [\n    {\n      \"@type\": \"Article\",\n      \"headline\": \"L'Impact de la DMLA sur la vie quotidienne : comprendre, g\u00e9rer et vivre avec\",\n      \"description\": \"dre, g\u00e9rer et vivre avec\",\n      \"url\": \"https:\/\/www.dynseo.com\/limpact-de-la-dmla-sur-la-vie-quotidienne-comprendre-gerer-et-vivre-avec\/\",\n      \"datePublished\": \"2026-04-07\",\n      \"author\": {\n        \"@type\": \"Organization\",\n        \"name\": \"DYNSEO\",\n        \"url\": \"https:\/\/www.dynseo.com\"\n      },\n      \"publisher\": {\n        \"@type\": \"Organization\",\n        \"name\": \"DYNSEO\",\n        \"url\": \"https:\/\/www.dynseo.com\"\n      },\n      \"aggregateRating\": {\n        \"@type\": \"AggregateRating\",\n        \"ratingValue\": \"4.8\",\n        \"bestRating\": \"5\",\n        \"ratingCount\": \"47\"\n      }\n    },\n    {\n      \"@type\": \"WebPage\",\n      \"name\": \"L'Impact de la DMLA sur la vie quotidienne : comprendre, g\u00e9rer et vivre avec\",\n      \"url\": \"https:\/\/www.dynseo.com\/limpact-de-la-dmla-sur-la-vie-quotidienne-comprendre-gerer-et-vivre-avec\/\",\n      \"breadcrumb\": {\n        \"@type\": \"BreadcrumbList\",\n        \"itemListElement\": [\n          {\n            \"@type\": \"ListItem\",\n            \"position\": 1,\n            \"name\": \"Accueil\",\n            \"item\": \"https:\/\/www.dynseo.com\"\n          },\n          {\n            \"@type\": \"ListItem\",\n            \"position\": 2,\n            \"name\": \"Blog\",\n            \"item\": \"https:\/\/www.dynseo.com\/blog\"\n          },\n          {\n            \"@type\": \"ListItem\",\n            \"position\": 3,\n            \"name\": \"L'Impact de la DMLA sur la vie quotidienne : comprendre, g\u00e9rer et vivre avec\",\n            \"item\": \"https:\/\/www.dynseo.com\/limpact-de-la-dmla-sur-la-vie-quotidienne-comprendre-gerer-et-vivre-avec\/\"\n          }\n        ]\n      }\n    },\n    {\n      \"@type\": \"FAQPage\",\n      \"mainEntity\": [\n        {\n          \"@type\": \"Question\",\n          \"name\": \"La DMLA peut-elle conduire \u00e0 une c\u00e9cit\u00e9 totale ?\",\n          \"acceptedAnswer\": {\n            \"@type\": \"Answer\",\n            \"text\": \"R\u00e9ponse d\u00e9taill\u00e9e sur les risques de c\u00e9cit\u00e9 totale li\u00e9s \u00e0 la DMLA.\"\n          }\n        },\n        {\n          \"@type\": \"Question\",\n          \"name\": \"Peut-on conduire avec une DMLA ?\",\n          \"acceptedAnswer\": {\n            \"@type\": \"Answer\",\n            \"text\": \"R\u00e9ponse d\u00e9taill\u00e9e sur la conduite avec une DMLA.\"\n          }\n        },\n        {\n          \"@type\": \"Question\",\n          \"name\": \"Les lunettes sp\u00e9ciales peuvent-elles aider en cas de DMLA ?\",\n          \"acceptedAnswer\": {\n            \"@type\": \"Answer\",\n            \"text\": \"R\u00e9ponse d\u00e9taill\u00e9e sur l'utilit\u00e9 des lunettes sp\u00e9ciales pour la DMLA.\"\n          }\n        }\n      ]\n    }\n  ]\n}\n<\/script>\n<link href=\"https:\/\/fonts.googleapis.com\/css2?family=Montserrat:wght@400;600;700&#038;family=Poppins:wght@300;400;500;600&#038;display=swap\" rel=\"stylesheet\">\n<section class=\"article-hero\">\n<div class=\"article-hero-inner\">\n<div class=\"article-breadcrumb\">\n                <a href=\"\/\">Inicio<\/a> > <a href=\"\/sante\">Salud<\/a> > <a href=\"\/dmla\">DMAE<\/a> > El Impacto de la DMAE en la vida cotidiana\n            <\/div>\n<div class=\"article-category\">Salud Visual<\/div>\n<h1>El Impacto de la DMAE en la <span class=\"hl\">vida cotidiana<\/span> : comprender, gestionar y vivir con<\/h1>\n<div class=\"article-meta\">\n                <span>\ud83d\udcc5 Publicado en Abril 2026<\/span><br \/>\n                <span>\u23f1\ufe0f 18 min de lectura<\/span><br \/>\n                <span>\ud83d\udc65 Mayores y cuidadores<\/span>\n            <\/div>\n<div class=\"rating\">\n                <span class=\"stars\">\u2605\u2605\u2605\u2605\u2605<\/span><br \/>\n                <span>4.8\/5 (324 opiniones)<\/span>\n            <\/div>\n<\/p><\/div>\n<div class=\"article-hero-curve\"><\/div>\n<\/section>\n<div class=\"article-body\">\n<div class=\"container\">\n<div class=\"intro-block\">\n                <pee>La Degeneraci\u00f3n Macular Asociada a la Edad (DMAE) representa hoy en d\u00eda una de las principales causas de p\u00e9rdida de visi\u00f3n en las personas mayores de 50 a\u00f1os. Esta enfermedad ocular compleja afecta la m\u00e1cula, zona central de la retina responsable de la visi\u00f3n precisa y detallada. M\u00e1s all\u00e1 de los aspectos m\u00e9dicos, la DMAE transforma profundamente el d\u00eda a d\u00eda de quienes la padecen, impactando su autonom\u00eda, sus relaciones sociales y su bienestar psicol\u00f3gico. Comprender estas repercusiones es esencial para desarrollar estrategias de adaptaci\u00f3n efectivas. En esta gu\u00eda completa, exploramos las m\u00faltiples facetas de la vida con la DMAE, desde los primeros s\u00edntomas hasta soluciones innovadoras para mantener una calidad de vida \u00f3ptima. Nuestro enfoque comprensivo te acompa\u00f1a en este proceso de comprensi\u00f3n y adaptaci\u00f3n.<\/pee>\n            <\/div>\n<div class=\"stats-grid\">\n<div class=\"stat-card\">\n                    <span class=\"number\">1,5M<\/span><br \/>\n                    <span class=\"label\">Personas afectadas en Francia<\/span>\n                <\/div>\n<div class=\"stat-card\">\n                    <span class=\"number\">50%<\/span><br \/>\n                    <span class=\"label\">Riesgo despu\u00e9s de los 75 a\u00f1os<\/span>\n                <\/div>\n<div class=\"stat-card\">\n                    <span class=\"number\">90%<\/span><br \/>\n                    <span class=\"label\">Formas secas de DMAE<\/span>\n                <\/div>\n<div class=\"stat-card\">\n                    <span class=\"number\">3x<\/span><br \/>\n                    <span class=\"label\">M\u00e1s frecuente en mujeres<\/span>\n                <\/div>\n<\/p><\/div>\n<h2>1. Comprender la DMAE y sus manifestaciones<\/h2>\n<pee>La Degeneraci\u00f3n Macular Asociada a la Edad constituye una patolog\u00eda ocular progresiva que se caracteriza por la deterioraci\u00f3n progresiva de las c\u00e9lulas de la m\u00e1cula. Esta regi\u00f3n central de la retina, de un di\u00e1metro de aproximadamente 5 mil\u00edmetros, concentra los fotorreceptores responsables de la visi\u00f3n fina y de la percepci\u00f3n de los colores. Cuando esta zona se degrada, las consecuencias sobre la visi\u00f3n diaria se vuelven r\u00e1pidamente perceptibles.<\/pee>\n<pee>Las dos formas principales de DMAE presentan evoluciones distintas. La forma seca, que representa aproximadamente el 90% de los casos, progresa lentamente a lo largo de varios a\u00f1os. Se caracteriza por la acumulaci\u00f3n de dep\u00f3sitos amarillentos llamados drusas bajo la retina, acompa\u00f1ada de un adelgazamiento progresivo del epitelio pigmentario retiniano. La forma h\u00fameda, aunque menos frecuente, evoluciona m\u00e1s r\u00e1pidamente y requiere atenci\u00f3n urgente debido a la formaci\u00f3n de nuevos vasos sangu\u00edneos anormales bajo la retina.<\/pee>\n<pee>Los primeros signos de la DMAE pueden pasar desapercibidos, de ah\u00ed la importancia de un seguimiento oftalmol\u00f3gico regular despu\u00e9s de los 50 a\u00f1os. Los s\u00edntomas iniciales incluyen una visi\u00f3n ligeramente borrosa, dificultades para leer con poca luz, o una percepci\u00f3n alterada de los contrastes. Estas manifestaciones sutiles pueden atribuirse f\u00e1cilmente al envejecimiento normal del ojo, retrasando as\u00ed el diagn\u00f3stico.<\/pee>\n<div class=\"conseil-card\">\n<h4>\ud83d\udca1 Consejo de experto DYNSEO<\/h4>\n<pee>La detecci\u00f3n temprana de la DMAE se basa en ex\u00e1menes oftalmol\u00f3gicos regulares y el uso de herramientas simples como la cuadr\u00edcula de Amsler. Esta cuadr\u00edcula permite detectar las deformaciones visuales caracter\u00edsticas de la enfermedad. Recomendamos un cribado anual despu\u00e9s de los 50 a\u00f1os, particularmente en presencia de factores de riesgo.<\/pee>\n            <\/div>\n<div class=\"key-points\">\n<h4>\ud83d\udd0d Puntos clave a recordar<\/h4>\n<ul>\n<li>La DMLA afecta espec\u00edficamente la visi\u00f3n central mientras preserva la visi\u00f3n perif\u00e9rica<\/li>\n<li>Los s\u00edntomas progresan generalmente lentamente, permitiendo una adaptaci\u00f3n gradual<\/li>\n<li>Un diagn\u00f3stico temprano mejora significativamente las perspectivas de tratamiento<\/li>\n<li>La gen\u00e9tica juega un papel importante, justificando una vigilancia familiar<\/li>\n<\/ul><\/div>\n<h2>2. El impacto psicol\u00f3gico de la p\u00e9rdida de visi\u00f3n central<\/h2>\n<pee>El anuncio de un diagn\u00f3stico de DMLA desencadena a menudo una cascada de emociones complejas en los pacientes y sus seres queridos. El miedo a la ceguera, aunque generalmente infundado ya que la DMLA rara vez conduce a una ceguera total, genera una ansiedad considerable. Esta aprensi\u00f3n se acompa\u00f1a frecuentemente de un sentimiento de p\u00e9rdida de control sobre su propia existencia, particularmente en personas acostumbradas a una gran autonom\u00eda.<\/pee>\n<pee>El proceso de adaptaci\u00f3n psicol\u00f3gica a la DMLA sigue generalmente varias fases distintas. La fase inicial de negaci\u00f3n puede llevar a algunos pacientes a minimizar sus s\u00edntomas o a retrasar la consulta m\u00e9dica. A menudo sigue un per\u00edodo de ira y frustraci\u00f3n ante las nuevas limitaciones impuestas por la enfermedad. Esta etapa, aunque dif\u00edcil, constituye un paso necesario hacia la aceptaci\u00f3n y la adaptaci\u00f3n constructiva.<\/pee>\n<pee>El aislamiento social representa una de las consecuencias psicol\u00f3gicas m\u00e1s preocupantes de la DMLA. La dificultad para reconocer rostros, leer expresiones o navegar en entornos no familiares puede llevar a algunas personas a limitar sus interacciones sociales. Esta tendencia al repliegue acent\u00faa los riesgos de depresi\u00f3n y ansiedad, creando un c\u00edrculo vicioso particularmente perjudicial para el bienestar general.<\/pee>\n<div class=\"expert-box\">\n<div class=\"expert-box-label\">Experiencia DYNSEO<\/div>\n<div class=\"expert-box-title\">La importancia del apoyo psicol\u00f3gico adecuado<\/div>\n<pee>Nuestra experiencia con miles de mayores nos ha ense\u00f1ado que el acompa\u00f1amiento psicol\u00f3gico temprano mejora considerablemente la adaptaci\u00f3n a la DMLA. Los grupos de conversaci\u00f3n, el apoyo individual y las actividades cognitivas adaptadas son pilares esenciales del bienestar.<\/pee>\n<div class=\"expert-inner\">\n<div class=\"expert-inner-title\">Estrategias DYNSEO para la adaptaci\u00f3n psicol\u00f3gica<\/div>\n<pee>Nuestros programas incluyen actividades especialmente dise\u00f1adas para mantener la autoestima y fomentar la socializaci\u00f3n, incluso con una visi\u00f3n reducida. La aplicaci\u00f3n <a href=\"https:\/\/www.dynseo.com\/es\/coco-piensa-y-coco-se-mueve-software-educativo\/\" style=\"color: #ffeca7;\">COCO PIENSA<\/a> propone juegos adaptados a las deficiencias visuales, permitiendo conservar una actividad cognitiva estimulante.<\/pee>\n                <\/div>\n<\/p><\/div>\n<div class=\"tip-box\">\n<div class=\"tip-box-label\">\ud83d\udcaa Consejo pr\u00e1ctico<\/div>\n<pee>Mantener un diario emocional puede ayudar a identificar los momentos dif\u00edciles y los factores desencadenantes. Esta toma de conciencia facilita el desarrollo de estrategias de adaptaci\u00f3n personalizadas y mejora la comunicaci\u00f3n con los seres queridos y los profesionales de la salud.<\/pee>\n            <\/div>\n<h2>3. Los desaf\u00edos de la movilidad y de la orientaci\u00f3n espacial<\/h2>\n<pee>La p\u00e9rdida progresiva de la visi\u00f3n central transforma radicalmente la experiencia de la movilidad diaria. Los desplazamientos, antes autom\u00e1ticos y fluidos, requieren ahora una atenci\u00f3n sostenida y una planificaci\u00f3n minuciosa. El reconocimiento de obst\u00e1culos, la evaluaci\u00f3n de distancias y la navegaci\u00f3n en entornos complejos se convierten en desaf\u00edos diarios que deben enfrentarse con paciencia y determinaci\u00f3n.<\/pee>\n<pee>La adaptaci\u00f3n a estas nuevas restricciones de movilidad se lleva a cabo generalmente de manera progresiva. Las personas afectadas por la DMLA desarrollan naturalmente estrategias compensatorias, utilizando m\u00e1s su visi\u00f3n perif\u00e9rica, sus otros sentidos y su memoria espacial. Esta adaptaci\u00f3n neuropl\u00e1stica notable es testimonio de la capacidad de adaptaci\u00f3n excepcional del cerebro humano frente a los desaf\u00edos sensoriales.<\/pee>\n<pee>Los entornos familiares, como el hogar, a menudo sufren modificaciones para facilitar la navegaci\u00f3n segura. La mejora de la iluminaci\u00f3n, la instalaci\u00f3n de rampas de apoyo, la eliminaci\u00f3n de obst\u00e1culos y el uso de contrastes de color permiten mantener una autonom\u00eda de desplazamiento satisfactoria. Estas modificaciones, aunque a veces costosas, representan una inversi\u00f3n crucial para la seguridad y la independencia.<\/pee>\n<div class=\"conseil-card\">\n<h4>\ud83c\udfe0 Adaptaciones domiciliarias recomendadas<\/h4>\n<pee>La optimizaci\u00f3n del entorno dom\u00e9stico constituye una prioridad para mantener la autonom\u00eda. Aumente la iluminaci\u00f3n general y puntual, utilice colores contrastantes para delimitar los espacios, elimine las alfombras resbaladizas y los objetos que est\u00e9n en el suelo. Estas modificaciones simples reducen considerablemente los riesgos de ca\u00edda.<\/pee>\n            <\/div>\n<h2>4. El impacto en la autonom\u00eda personal y dom\u00e9stica<\/h2>\n<pee>La gesti\u00f3n de las actividades cotidianas fundamentales sufre modificaciones significativas con la evoluci\u00f3n de la ACV. La preparaci\u00f3n de las comidas, el mantenimiento del hogar, la higiene personal y la gesti\u00f3n administrativa requieren ahora adaptaciones creativas y el uso de herramientas especializadas. Esta transformaci\u00f3n de los h\u00e1bitos, aunque desestabilizadora inicialmente, a menudo abre el camino a nuevas formas m\u00e1s eficientes de organizar su d\u00eda a d\u00eda.<\/pee>\n<pee>La cocina representa uno de los \u00e1mbitos donde la adaptaci\u00f3n resulta particularmente crucial. La lectura de las etiquetas alimentarias, la identificaci\u00f3n de los utensilios, el control de la cocci\u00f3n y la manipulaci\u00f3n segura de los aparatos requieren una reorganizaci\u00f3n met\u00f3dica del espacio y de los h\u00e1bitos culinarios. La adopci\u00f3n de utensilios ergon\u00f3micos, el uso de temporizadores sonoros y la organizaci\u00f3n rigurosa de los armarios facilitan considerablemente estas tareas esenciales.<\/pee>\n<pee>La gesti\u00f3n financiera y administrativa tambi\u00e9n constituye un desaf\u00edo importante para las personas afectadas por la ACV. La lectura del correo, la redacci\u00f3n de cheques, la consulta de extractos bancarios y el uso de ordenadores a menudo requieren la asistencia de familiares o el recurso a servicios especializados. Esta nueva dependencia puede generar sentimientos de frustraci\u00f3n e inquietud, particularmente en personas acostumbradas a gestionar sus asuntos de manera aut\u00f3noma.<\/pee>\n<div class=\"key-points\">\n<h4>\ud83c\udfaf Estrategias de empoderamiento<\/h4>\n<ul>\n<li>Organiza tu espacio vital seg\u00fan zonas funcionales claramente definidas<\/li>\n<li>Adopta rutinas estructuradas para automatizar los gestos diarios<\/li>\n<li>Utiliza tecnolog\u00edas de asistencia adaptadas a tus necesidades espec\u00edficas<\/li>\n<li>Mant\u00e9n una red de apoyo social y profesional activa<\/li>\n<li>Explora los servicios de ayuda a domicilio disponibles en tu regi\u00f3n<\/li>\n<\/ul><\/div>\n<h2>5. Las repercusiones en la vida social y relacional<\/h2>\n<pee>La DMLA influye profundamente en las interacciones sociales, modificando a veces de manera sutil pero significativa la din\u00e1mica relacional. La dificultad para reconocer los rostros, incluso familiares, puede crear situaciones embarazosas y llevar a algunas personas a evitar los encuentros sociales. Esta tendencia al retiro social, comprensible pero perjudicial, requiere una atenci\u00f3n particular para preservar el tejido relacional existente.<\/pee>\n<pee>La participaci\u00f3n en actividades grupales, ya sean de ocio, voluntariado o compromisos asociativos, a menudo requiere adaptaciones espec\u00edficas. Los clubes de lectura pueden ofrecer audiolibros, los grupos de caminata pueden adaptar sus recorridos, y las asociaciones pueden implementar ayudas t\u00e9cnicas para facilitar la participaci\u00f3n. Esta adaptaci\u00f3n colectiva es un testimonio de la solidaridad social y de la capacidad de inclusi\u00f3n de la comunidad.<\/pee>\n<pee>Las relaciones familiares tambi\u00e9n sufren transformaciones, a veces fuente de tensiones pero tambi\u00e9n de oportunidades de acercamiento. Los roles pueden invertirse, los hijos convirti\u00e9ndose en cuidadores de sus padres, creando nuevas din\u00e1micas relacionales. Esta evoluci\u00f3n, gestionada con benevolencia y comunicaci\u00f3n, puede fortalecer los lazos familiares y crear nuevas formas de complicidad intergeneracional.<\/pee>\n<div class=\"expert-box\">\n<div class=\"expert-box-label\">Consejo Relacional DYNSEO<\/div>\n<div class=\"expert-box-title\">Mantener los lazos sociales a pesar de la DMLA<\/div>\n<pee>La aislamiento social no es una fatalidad con la DMLA. Nuestros programas fomentan el mantenimiento de actividades sociales mediante la adaptaci\u00f3n en lugar de la evitaci\u00f3n. Los juegos colectivos de nuestra plataforma <a href=\"https:\/\/www.dynseo.com\/es\/coco-piensa-y-coco-se-mueve-software-educativo\/\" style=\"color: #ffeca7;\">COCO PIENSA<\/a> permiten conservar momentos de compartir enriquecedores con los seres queridos.<\/pee>\n            <\/div>\n<h2>6. Los desaf\u00edos de la lectura y del acceso a la informaci\u00f3n<\/h2>\n<pee>La lectura, actividad fundamental para el acceso a la informaci\u00f3n y el mantenimiento de las capacidades cognitivas, sufre modificaciones importantes con la evoluci\u00f3n de la DMLA. Las dificultades de lectura afectan no solo a los libros y peri\u00f3dicos, sino tambi\u00e9n a los prospectos de medicamentos, la correspondencia administrativa y todos los soportes escritos del d\u00eda a d\u00eda. Esta limitaci\u00f3n impacta directamente en la autonom\u00eda informativa y puede generar una dependencia frustrante respecto al entorno.<\/pee>\n<pee>La adaptaci\u00f3n a las nuevas modalidades de lectura se realiza progresivamente gracias a diversas soluciones t\u00e9cnicas y organizativas. Los audiolibros, ahora ampliamente disponibles, ofrecen una alternativa enriquecedora a la lectura tradicional. Los lectores electr\u00f3nicos con aumento de caracteres, los programas de s\u00edntesis de voz y las aplicaciones de reconocimiento \u00f3ptico de caracteres ampl\u00edan considerablemente las posibilidades de acceso a los contenidos escritos.<\/pee>\n<pee>La organizaci\u00f3n de la informaci\u00f3n se vuelve crucial para mantener una vida cultural e informativa rica. La creaci\u00f3n de bibliotecas de audio personalizadas, la suscripci\u00f3n a servicios de prensa hablada y el uso de asistentes de voz facilitan el acceso diario a las noticias y a la cultura. Estas adaptaciones, aunque requieren un aprendizaje inicial, a menudo abren nuevos horizontes y descubrimientos inesperados.<\/pee>\n<div class=\"tip-box\">\n<div class=\"tip-box-label\">\ud83d\udcda Recursos de lectura adaptada<\/div>\n<pee>La Biblioteca Nacional de Francia ofrece un servicio gratuito de pr\u00e9stamo de libros de audio para las personas con discapacidad visual. La asociaci\u00f3n Valentin Ha\u00fcy tambi\u00e9n ofrece numerosos recursos y formaciones para facilitar el acceso a la lectura en todas sus formas.<\/pee>\n            <\/div>\n<h2>7. La adaptaci\u00f3n profesional y el final de carrera<\/h2>\n<pee>Para las personas que a\u00fan est\u00e1n en actividad profesional en el momento del diagn\u00f3stico de DMAE, la adaptaci\u00f3n al puesto de trabajo se convierte en un desaf\u00edo importante. Seg\u00fan el tipo de actividad ejercida, pueden ser necesarios ajustes m\u00e1s o menos importantes. Las profesiones que requieren una visi\u00f3n precisa, como la costura, la relojer\u00eda o ciertos oficios de precisi\u00f3n, pueden necesitar una reconversi\u00f3n o un ajuste radical del puesto.<\/pee>\n<pee>La anticipaci\u00f3n de la jubilaci\u00f3n a menudo adquiere una nueva dimensi\u00f3n con el diagn\u00f3stico de DMAE. Los proyectos de viaje, actividades de ocio o compromisos voluntarios pueden requerir una reevaluaci\u00f3n y una adaptaci\u00f3n. Esta reflexi\u00f3n, aunque a veces dolorosa, a menudo permite redefinir prioridades y descubrir nuevas fuentes de desarrollo personal.<\/pee>\n<pee>El acompa\u00f1amiento profesional especializado, a trav\u00e9s de servicios de medicina del trabajo, terapeutas ocupacionales o asesores en evoluci\u00f3n profesional, facilita esta transici\u00f3n. Estos profesionales ofrecen soluciones concretas de adaptaci\u00f3n y orientan hacia los dispositivos de ayuda disponibles, preservando as\u00ed tanto como sea posible la autonom\u00eda financiera y el desarrollo profesional.<\/pee>\n<h2>8. Las tecnolog\u00edas de asistencia e innovaciones adaptativas<\/h2>\n<pee>La evoluci\u00f3n tecnol\u00f3gica ofrece hoy en d\u00eda un arsenal notable de herramientas de asistencia para las personas afectadas por DMAE. Estas innovaciones, en constante mejora, revolucionan la autonom\u00eda diaria y abren nuevas perspectivas de independencia. Desde lupas electr\u00f3nicas de alta definici\u00f3n hasta aplicaciones de reconocimiento de voz, el abanico de soluciones disponibles se ampl\u00eda continuamente.<\/pee>\n<pee>Los tel\u00e9fonos inteligentes modernos integran funcionalidades de accesibilidad particularmente sofisticadas. El aumento de pantalla, los comandos de voz, la lectura autom\u00e1tica de textos y las aplicaciones de descripci\u00f3n de im\u00e1genes transforman estos dispositivos en verdaderos asistentes personales. El aprendizaje de estas funcionalidades, aunque requiere paciencia, ofrece una autonom\u00eda notable para la comunicaci\u00f3n y el acceso a la informaci\u00f3n.<\/pee>\n<pee>Las ayudas \u00f3pticas tradicionales tambi\u00e9n evolucionan hacia m\u00e1s sofisticaci\u00f3n y eficacia. Los tele-ampliadores port\u00e1tiles, las gafas de realidad aumentada y los sistemas de navegaci\u00f3n por audio permiten compensar eficazmente los d\u00e9ficits visuales. Estas tecnolog\u00edas, que antes eran costosas y complejas, se est\u00e1n volviendo progresivamente m\u00e1s accesibles y amigables.<\/pee>\n<div class=\"conseil-card\">\n<h4>\ud83d\udd27 Tecnolog\u00edas recomendadas por DYNSEO<\/h4>\n<pee>Nuestra selecci\u00f3n de herramientas tecnol\u00f3gicas prioriza la simplicidad de uso y la eficacia pr\u00e1ctica. Las tabletas con interfaz simplificada, los relojes conectados con gu\u00eda vocal y las aplicaciones de estimulaci\u00f3n cognitiva adaptada como <a href=\"https:\/\/www.dynseo.com\/es\/coco-piensa-y-coco-se-mueve-software-educativo\/\" style=\"color: var(--primary-blue);\">COCO PIENSA<\/a> constituyen nuestras recomendaciones prioritarias.<\/pee>\n            <\/div>\n<h2>9. La alimentaci\u00f3n y la prevenci\u00f3n nutricional<\/h2>\n<pee>La nutrici\u00f3n juega un papel fundamental en la evoluci\u00f3n de la ACV, algunos nutrientes han demostrado su eficacia en el retraso de la progresi\u00f3n de la enfermedad. Los antioxidantes, particularmente la lute\u00edna y la zeaxantina presentes en las verduras de hoja verde, ejercen una acci\u00f3n protectora sobre la retina. La adopci\u00f3n de una alimentaci\u00f3n rica en estos nutrientes constituye una estrategia preventiva accesible y natural.<\/pee>\n<pee>Los \u00e1cidos grasos omega-3, presentes especialmente en los pescados grasos, tambi\u00e9n participan en la protecci\u00f3n retiniana. Los estudios cient\u00edficos recientes confirman el inter\u00e9s de un consumo regular de pescados ricos en omega-3 para ralentizar la evoluci\u00f3n de la ACV. Este enfoque nutricional, integrado en un estilo de vida saludable, contribuye significativamente a la preservaci\u00f3n de la funci\u00f3n visual.<\/pee>\n<pee>La preparaci\u00f3n de las comidas con una visi\u00f3n reducida requiere una organizaci\u00f3n met\u00f3dica y el uso de utensilios adaptados. Los temporizadores sonoros, las balanzas parlantes y la organizaci\u00f3n rigurosa de los armarios facilitan la preparaci\u00f3n de comidas equilibradas. Esta adaptaci\u00f3n culinaria, aunque requiere un aprendizaje inicial, permite mantener una alimentaci\u00f3n variada y sabrosa.<\/pee>\n<div class=\"key-points\">\n<h4>\ud83e\udd57 Nutrientes protectores para la retina<\/h4>\n<ul>\n<li>Lute\u00edna y zeaxantina: espinacas, br\u00f3coli, col verde, ma\u00edz<\/li>\n<li>Omega-3: salm\u00f3n, sardinas, nueces, semillas de lino<\/li>\n<li>Vitamina C: c\u00edtricos, kiwis, pimientos, fresas<\/li>\n<li>Vitamina E: almendras, aceite de girasol, aguacate<\/li>\n<li>Zinc: ostras, semillas de calabaza, legumbres<\/li>\n<\/ul><\/div>\n<h2>10. El ejercicio f\u00edsico adaptado y el mantenimiento de la forma<\/h2>\n<pee>La actividad f\u00edsica regular tiene una importancia particular para las personas afectadas por la DMAE, contribuyendo no solo al mantenimiento de la salud general sino tambi\u00e9n a la preservaci\u00f3n de la autonom\u00eda motora. El ejercicio mejora la circulaci\u00f3n sangu\u00ednea retiniana, favorece el equilibrio y la coordinaci\u00f3n, y participa en el mantenimiento del \u00e1nimo. Este enfoque global de la salud resulta particularmente beneficioso en el contexto de la DMAE.<\/pee>\n<pee>La adaptaci\u00f3n de las actividades f\u00edsicas a las limitaciones visuales requiere a veces un enfoque creativo pero sigue siendo perfectamente realizable. La marcha guiada, los ejercicios en piscina, la gimnasia suave y las actividades de fortalecimiento muscular pueden practicarse de manera segura con algunas adaptaciones. Lo importante radica en la regularidad y la progresividad del esfuerzo m\u00e1s que en su intensidad.<\/pee>\n<pee>Los programas de actividad f\u00edsica especialmente dise\u00f1ados para personas con discapacidad visual se est\u00e1n desarrollando en muchas ciudades. Estos programas, supervisados por profesionales capacitados, ofrecen un entorno seguro y adaptado para mantener una forma f\u00edsica \u00f3ptima. La dimensi\u00f3n social de estas actividades constituye un beneficio adicional no despreciable para el bienestar general.<\/pee>\n<div class=\"expert-box\">\n<div class=\"expert-box-label\">Programa DYNSEO<\/div>\n<div class=\"expert-box-title\">COCO SE MUEVE: la actividad f\u00edsica adaptada<\/div>\n<pee>Nuestra aplicaci\u00f3n <a href=\"https:\/\/www.dynseo.com\/es\/coco-piensa-y-coco-se-mueve-software-educativo\/\" style=\"color: #ffeca7;\">COCO SE MUEVE<\/a> propone ejercicios f\u00edsicos especialmente adaptados a las personas con deficiencias visuales. Estas actividades, guiadas por la voz, permiten mantener una forma f\u00edsica \u00f3ptima de manera segura.<\/pee>\n<div class=\"expert-inner\">\n<div class=\"expert-inner-title\">Ventajas de COCO SE MUEVE para la ACV<\/div>\n<pee>Los ejercicios audio-guiados eliminan las limitaciones visuales mientras proponen una actividad f\u00edsica adaptada y progresiva. La interfaz simplificada y los comandos de voz hacen que la aplicaci\u00f3n sea accesible incluso con una visi\u00f3n muy reducida.<\/pee>\n                <\/div>\n<\/p><\/div>\n<h2>11. El seguimiento m\u00e9dico y los tratamientos disponibles<\/h2>\n<pee>La atenci\u00f3n m\u00e9dica de la ACV se articula en torno a un seguimiento oftalmol\u00f3gico regular y tratamientos adaptados al tipo y estadio de la enfermedad. Para la forma h\u00fameda, las inyecciones intrav\u00edtreas de anti-VEGF constituyen el tratamiento de referencia, necesitando un protocolo de seguimiento riguroso. Estas inyecciones, aunque puedan parecer impresionantes, son generalmente bien toleradas y a menudo permiten estabilizar e incluso mejorar la visi\u00f3n.<\/pee>\n<pee>La forma seca de ACV, m\u00e1s frecuente pero sin tratamiento curativo espec\u00edfico, se beneficia de una vigilancia atenta y de medidas preventivas. La suplementaci\u00f3n con vitaminas y antioxidantes, seg\u00fan las recomendaciones del estudio AREDS2, puede ralentizar la evoluci\u00f3n de la enfermedad en algunos pacientes. Este enfoque preventivo, asociado a un estilo de vida saludable, constituye actualmente la mejor estrategia de atenci\u00f3n.<\/pee>\n<pee>Las innovaciones terap\u00e9uticas en desarrollo dejan entrever nuevas esperanzas para el futuro. Las terapias g\u00e9nicas, los injertos de c\u00e9lulas madre retinianas y los implantes retinianos representan pistas prometedoras actualmente en fase de ensayos cl\u00ednicos. Estos avances, aunque a\u00fan experimentales, ofrecen perspectivas alentadoras para los pacientes y sus familias.<\/pee>\n<div class=\"tip-box\">\n<div class=\"tip-box-label\">\ud83d\udc8a Observancia terap\u00e9utica<\/div>\n<pee>El respeto escrupuloso de las citas de seguimiento y de los protocolos de tratamiento constituye un factor clave de \u00e9xito. Lleve un diario de seguimiento de sus s\u00edntomas y no dude en informar cualquier cambio a su oftalm\u00f3logo, incluso si parece menor.<\/pee>\n            <\/div>\n<h2>12. El acompa\u00f1amiento de los cercanos y el entorno que ayuda<\/h2>\n<pee>El entorno familiar y amistoso juega un papel determinante en la adaptaci\u00f3n exitosa a la DMAE. Esta enfermedad afecta no solo a la persona directamente involucrada, sino tambi\u00e9n a sus cercanos, quienes deben adaptar su comportamiento y, a veces, asumir un rol de ayudante. Esta transformaci\u00f3n relacional, gestionada con benevolencia y comunicaci\u00f3n, puede fortalecer los lazos familiares y crear nuevas complicidades.<\/pee>\n<pee>La formaci\u00f3n de los ayudantes en las especificidades de la DMAE resulta particularmente beneficiosa para optimizar el acompa\u00f1amiento. Comprender las dificultades visuales espec\u00edficas, aprender las t\u00e9cnicas de gu\u00eda apropiadas y conocer las ayudas t\u00e9cnicas disponibles permite ofrecer un apoyo m\u00e1s eficaz y menos ansioso. Esta formaci\u00f3n puede ser impartida por asociaciones especializadas o profesionales de la baja visi\u00f3n.<\/pee>\n<pee>El equilibrio entre la ayuda necesaria y la preservaci\u00f3n de la autonom\u00eda constituye un desaf\u00edo delicado para el entorno. La hiperprotecci\u00f3n, aunque inspirada por la benevolencia, puede obstaculizar la adaptaci\u00f3n y mantener una dependencia excesiva. Por el contrario, un apoyo insuficiente puede generar situaciones de aislamiento y des\u00e1nimo. La comunicaci\u00f3n abierta y regular permite encontrar el justo equilibrio entre estos dos escollos.<\/pee>\n<div class=\"conseil-card\">\n<h4>\ud83d\udc65 Gu\u00eda para los ayudantes<\/h4>\n<pee>Respete el ritmo de adaptaci\u00f3n de su cercano, fomente su autonom\u00eda mientras se mantiene disponible. Ofrezca su ayuda sin imponerla, y no dude en formarse en t\u00e9cnicas de acompa\u00f1amiento especializadas. Su bienestar personal tambi\u00e9n es importante para ofrecer un apoyo duradero.<\/pee>\n            <\/div>\n<div class=\"faq-list\">\n<h2>Preguntas frecuentes sobre la DMAE<\/h2>\n<div class=\"faq-item\">\n<div class=\"faq-q\">\n                        <span>\u00bfLa DMAE puede llevar a una ceguera total?<\/span><br \/>\n                        <span class=\"faq-icon\">+<\/span>\n                    <\/div>\n<div class=\"faq-a\">\n                        <pee>No, la DMAE rara vez conduce a una ceguera total. Esta enfermedad afecta espec\u00edficamente la visi\u00f3n central, preservando la visi\u00f3n perif\u00e9rica. Las personas afectadas, por lo tanto, conservan una capacidad de desplazamiento y orientaci\u00f3n espacial, incluso si la lectura y el reconocimiento de detalles se vuelven dif\u00edciles.<\/pee>\n                    <\/div>\n<\/p><\/div>\n<div class=\"faq-item\">\n<div class=\"faq-q\">\n                        <span>\u00bfSe puede conducir con una DMAE?<\/span><br \/>\n                        <span class=\"faq-icon\">+<\/span>\n                    <\/div>\n<div class=\"faq-a\">\n                        <pee>La conducci\u00f3n con una DMAE depende del estadio de evoluci\u00f3n de la enfermedad y de la agudeza visual residual. Un control oftalmol\u00f3gico regular permite evaluar la capacidad de conducir de manera segura. En algunos casos, pueden ser necesarias restricciones (conducci\u00f3n solo de d\u00eda, trayectos familiares). La detenci\u00f3n de la conducci\u00f3n, aunque dif\u00edcil, puede resultar necesaria para la seguridad de todos.<\/pee>\n                    <\/div>\n<\/p><\/div>\n<div class=\"faq-item\">\n<div class=\"faq-q\">\n                        <span>\u00bfLas gafas especiales pueden ayudar en caso de ACV?<\/span><br \/>\n                        <span class=\"faq-icon\">+<\/span>\n                    <\/div>\n<div class=\"faq-a\">\n                        <pee>Efectivamente, varios tipos de ayudas \u00f3pticas pueden mejorar la visi\u00f3n residual en caso de ACV. Los filtros especiales reducen el deslumbramiento, las lentes de aumento facilitan la lectura, y los prismas pueden optimizar el uso de la visi\u00f3n perif\u00e9rica. Un \u00f3ptico especializado en baja visi\u00f3n puede aconsejar las soluciones m\u00e1s adecuadas a cada situaci\u00f3n.<\/pee>\n                    <\/div>\n<\/p><\/div>\n<div class=\"faq-item\">\n<div class=\"faq-q\">\n                        <span>\u00bfLa alimentaci\u00f3n puede realmente influir en la evoluci\u00f3n del ACV?<\/span><br \/>\n                        <span class=\"faq-icon\">+<\/span>\n                    <\/div>\n<div class=\"faq-a\">\n                        <pee>Los estudios cient\u00edficos demuestran efectivamente el impacto positivo de ciertos nutrientes en la evoluci\u00f3n del ACV. Los antioxidantes (lute\u00edna, zeaxantina, vitaminas C y E), los omega-3 y el zinc ejercen un efecto protector sobre la retina. Una alimentaci\u00f3n rica en verduras verdes, pescados grasos y frutas coloridas constituye, por tanto, una estrategia preventiva recomendada.<\/pee>\n                    <\/div>\n<\/p><\/div>\n<div class=\"faq-item\">\n<div class=\"faq-q\">\n                        <span>\u00bfExisten actividades espec\u00edficamente recomendadas para mantener las capacidades cognitivas con un ACV?<\/span><br \/>\n                        <span class=\"faq-icon\">+<\/span>\n                    <\/div>\n<div class=\"faq-a\">\n                        <pee>\u00a1Absolutamente! El mantenimiento de actividades cognitivas estimulantes sigue siendo posible y recomendado a pesar del ACV. Los juegos de audio, los rompecabezas t\u00e1ctiles, las actividades musicales y los programas de estimulaci\u00f3n cognitiva adaptados como los que ofrece COCO PIENSA permiten preservar las funciones cognitivas mientras se adaptan a las limitaciones visuales.<\/pee>\n                    <\/div>\n<\/p><\/div>\n<\/p><\/div>\n<div class=\"cta-box\">\n<h3>Descubre COCO, tu compa\u00f1ero digital adaptado al ACV<\/h3>\n<pee>DYNSEO ha desarrollado especialmente para ti soluciones de estimulaci\u00f3n cognitiva y f\u00edsica adaptadas a las deficiencias visuales. Nuestras aplicaciones COCO PIENSA y COCO SE MUEVE ofrecen una interfaz simplificada, contrastes reforzados y comandos de voz para mantener tu autonom\u00eda y bienestar.<\/pee>\n<div class=\"cta-buttons\">\n                    <a href=\"https:\/\/www.dynseo.com\/es\/coco-piensa-y-coco-se-mueve-software-educativo\/\" class=\"btn-white\">Prueba COCO gratis<\/a><br \/>\n                    <a href=\"https:\/\/www.dynseo.com\/es\/coco-piensa-y-coco-se-mueve-software-educativo\/\" class=\"btn-outline\">Saber m\u00e1s<\/a>\n                <\/div>\n<\/p><\/div>\n<div class=\"article-tags\">\n                <a href=\"#\" class=\"article-tag\">ACV<\/a><br \/>\n                <a href=\"#\" class=\"article-tag\">Visi\u00f3n<\/a><br \/>\n                <a href=\"#\" class=\"article-tag\">Autonom\u00eda<\/a><br \/>\n                <a href=\"#\" class=\"article-tag\">Adaptaci\u00f3n<\/a><br \/>\n                <a href=\"#\" class=\"article-tag\">Mayores<\/a><br \/>\n                <a href=\"#\" class=\"article-tag\">Salud ocular<\/a><br \/>\n                <a href=\"#\" class=\"article-tag\">Calidad de vida<\/a><br \/>\n                <a href=\"#\" class=\"article-tag\">Acompa\u00f1amiento<\/a>\n            <\/div>\n<\/p><\/div>\n<\/p><\/div>\n<p>[\/et_pb_code][\/et_pb_column][\/et_pb_row][\/et_pb_section]<\/p>\n","protected":false},"excerpt":{"rendered":"","protected":false},"author":4,"featured_media":412655,"comment_status":"closed","ping_status":"closed","sticky":false,"template":"","format":"standard","meta":{"_et_pb_use_builder":"on","_et_pb_old_content":"[et_pb_section fb_built=\"1\" _builder_version=\"4.16\" custom_padding=\"0px|0px|0px|0px|false|false\" margin_top=\"0px\" margin_bottom=\"0px\" global_colors_info=\"{}\"][et_pb_row _builder_version=\"4.16\" custom_padding=\"0px|0px|0px|0px|false|false\" margin_top=\"0px\" margin_bottom=\"0px\" column_structure=\"4_4\" global_colors_info=\"{}\"][et_pb_column type=\"4_4\" _builder_version=\"4.16\" custom_padding=\"0px|0px|0px|0px|false|false\" global_colors_info=\"{}\"][et_pb_code _builder_version=\"4.16\" custom_padding=\"0px|0px|0px|0px|false|false\" global_colors_info=\"{}\"]<style>\n        :root {\n            --primary-blue: #5e5ed7;\n            --primary-blue-dark: #5268c9;\n            --primary-teal: #a9e2e4;\n            --primary-yellow: #ffeca7;\n            --primary-rose: #e73469;\n            --text-dark: #2c3e50;\n            --text-light: #7f8c8d;\n            --bg-light: #f8f9fa;\n            --white: #ffffff;\n            --shadow: 0 4px 20px rgba(0, 0, 0, 0.1);\n        }\n\n        * {\n            margin: 0;\n            padding: 0;\n            box-sizing: border-box;\n        }\n\n        body {\n            font-family: 'Poppins', sans-serif;\n            line-height: 1.6;\n            color: var(--text-dark);\n            background-color: var(--bg-light);\n        }\n\n        .article-hero {\n            background: linear-gradient(135deg, var(--primary-blue) 0%, var(--primary-blue-dark) 100%);\n            color: var(--white);\n            position: relative;\n            padding: 2rem 0 6rem;\n            overflow: hidden;\n        }\n\n        .article-hero-inner {\n            max-width: 1200px;\n            margin: 0 auto;\n            padding: 0 1.5rem;\n            position: relative;\n            z-index: 2;\n        }\n\n        .article-breadcrumb {\n            font-size: 0.9rem;\n            margin-bottom: 1rem;\n            opacity: 0.9;\n        }\n\n        .article-breadcrumb a {\n            color: var(--white);\n            text-decoration: none;\n        }\n\n        .article-category {\n            display: inline-block;\n            background: var(--primary-rose);\n            padding: 0.5rem 1rem;\n            border-radius: 20px;\n            font-size: 0.8rem;\n            font-weight: 600;\n            margin-bottom: 1.5rem;\n        }\n\n        .article-hero h1 {\n            font-family: 'Montserrat', sans-serif;\n            font-size: 2.5rem;\n            font-weight: 700;\n            line-height: 1.2;\n            margin-bottom: 1rem;\n        }\n\n        .hl {\n            color: var(--primary-yellow);\n        }\n\n        .article-meta {\n            display: flex;\n            flex-wrap: wrap;\n            gap: 1.5rem;\n            margin-bottom: 1rem;\n            font-size: 0.9rem;\n        }\n\n        .article-meta span {\n            display: flex;\n            align-items: center;\n            gap: 0.5rem;\n        }\n\n        .rating {\n            display: flex;\n            align-items: center;\n            gap: 0.5rem;\n        }\n\n        .stars {\n            color: var(--primary-yellow);\n        }\n\n        .article-hero-curve {\n            position: absolute;\n            bottom: -1px;\n            left: 0;\n            right: 0;\n            height: 60px;\n            background: var(--bg-light);\n            clip-path: polygon(0 100%, 100% 100%, 100% 40%, 0 80%);\n        }\n\n        .article-body {\n            padding: 3rem 0;\n        }\n\n        .container {\n            max-width: 1200px;\n            margin: 0 auto;\n            padding: 0 1.5rem;\n        }\n\n        .intro-block {\n            background: var(--white);\n            padding: 2rem;\n            border-radius: 15px;\n            box-shadow: var(--shadow);\n            margin-bottom: 3rem;\n            font-size: 1.1rem;\n            border-left: 4px solid var(--primary-blue);\n        }\n\n        .stats-grid {\n            display: grid;\n            grid-template-columns: repeat(auto-fit, minmax(250px, 1fr));\n            gap: 1.5rem;\n            margin: 3rem 0;\n        }\n\n        .stat-card {\n            background: var(--white);\n            padding: 2rem;\n            border-radius: 15px;\n            box-shadow: var(--shadow);\n            text-align: center;\n            transition: transform 0.3s ease;\n        }\n\n        .stat-card:hover {\n            transform: translateY(-5px);\n        }\n\n        .stat-card .number {\n            font-family: 'Montserrat', sans-serif;\n            font-size: 2.5rem;\n            font-weight: 700;\n            color: var(--primary-blue);\n            display: block;\n            margin-bottom: 0.5rem;\n        }\n\n        .stat-card .label {\n            color: var(--text-light);\n            font-weight: 500;\n        }\n\n        h2 {\n            font-family: 'Montserrat', sans-serif;\n            font-size: 1.8rem;\n            font-weight: 600;\n            margin: 2.5rem 0 1.5rem;\n            color: var(--primary-blue);\n        }\n\n        h3 {\n            font-family: 'Montserrat', sans-serif;\n            font-size: 1.4rem;\n            font-weight: 600;\n            margin: 2rem 0 1rem;\n            color: var(--text-dark);\n        }\n\n        p {\n            margin-bottom: 1.5rem;\n            line-height: 1.7;\n        }\n\n        .conseil-card {\n            background: linear-gradient(135deg, var(--primary-teal) 0%, #91d8db 100%);\n            padding: 1.5rem;\n            border-radius: 15px;\n            margin: 2rem 0;\n            border-left: 4px solid var(--primary-blue);\n        }\n\n        .conseil-card h4 {\n            font-family: 'Montserrat', sans-serif;\n            font-weight: 600;\n            margin-bottom: 1rem;\n            color: var(--text-dark);\n        }\n\n        .key-points {\n            background: var(--white);\n            padding: 2rem;\n            border-radius: 15px;\n            box-shadow: var(--shadow);\n            margin: 2rem 0;\n        }\n\n        .key-points h4 {\n            font-family: 'Montserrat', sans-serif;\n            color: var(--primary-blue);\n            margin-bottom: 1rem;\n        }\n\n        .key-points ul {\n            list-style: none;\n            padding-left: 0;\n        }\n\n        .key-points li {\n            padding: 0.5rem 0;\n            padding-left: 1.5rem;\n            position: relative;\n        }\n\n        .key-points li:before {\n            content: \"\u2713\";\n            position: absolute;\n            left: 0;\n            color: var(--primary-blue);\n            font-weight: bold;\n        }\n\n        .tip-box {\n            background: var(--primary-yellow);\n            padding: 1.5rem;\n            border-radius: 15px;\n            margin: 2rem 0;\n            position: relative;\n        }\n\n        .tip-box-label {\n            font-family: 'Montserrat', sans-serif;\n            font-weight: 600;\n            color: var(--text-dark);\n            margin-bottom: 1rem;\n            display: flex;\n            align-items: center;\n            gap: 0.5rem;\n        }\n\n        .expert-box {\n            background: linear-gradient(135deg, var(--primary-blue) 0%, var(--primary-blue-dark) 100%);\n            color: var(--white);\n            padding: 2rem;\n            border-radius: 15px;\n            margin: 2rem 0;\n        }\n\n        .expert-box-label {\n            font-size: 0.9rem;\n            opacity: 0.9;\n            margin-bottom: 0.5rem;\n        }\n\n        .expert-box-title {\n            font-family: 'Montserrat', sans-serif;\n            font-size: 1.3rem;\n            font-weight: 600;\n            margin-bottom: 1rem;\n        }\n\n        .expert-inner {\n            background: rgba(255, 255, 255, 0.1);\n            padding: 1.5rem;\n            border-radius: 10px;\n            margin-top: 1rem;\n        }\n\n        .expert-inner-title {\n            font-family: 'Montserrat', sans-serif;\n            font-weight: 600;\n            margin-bottom: 1rem;\n        }\n\n        .faq-list {\n            background: var(--white);\n            border-radius: 15px;\n            box-shadow: var(--shadow);\n            overflow: hidden;\n            margin: 3rem 0;\n        }\n\n        .faq-item {\n            border-bottom: 1px solid #eee;\n        }\n\n        .faq-item:last-child {\n            border-bottom: none;\n        }\n\n        .faq-q {\n            padding: 1.5rem;\n            cursor: pointer;\n            display: flex;\n            justify-content: space-between;\n            align-items: center;\n            font-weight: 600;\n            transition: background-color 0.3s ease;\n        }\n\n        .faq-q:hover {\n            background-color: var(--bg-light);\n        }\n\n        .faq-icon {\n            background: var(--primary-blue);\n            color: var(--white);\n            width: 24px;\n            height: 24px;\n            border-radius: 50%;\n            display: flex;\n            align-items: center;\n            justify-content: center;\n            font-weight: bold;\n            transition: transform 0.3s ease;\n        }\n\n        .faq-item.open .faq-icon {\n            transform: rotate(45deg);\n        }\n\n        .faq-a {\n            padding: 0 1.5rem;\n            max-height: 0;\n            overflow: hidden;\n            transition: max-height 0.3s ease, padding 0.3s ease;\n        }\n\n        .faq-item.open .faq-a {\n            max-height: 500px;\n            padding: 0 1.5rem 1.5rem;\n        }\n\n        .cta-box {\n            background: linear-gradient(135deg, var(--primary-blue) 0%, var(--primary-blue-dark) 100%);\n            color: var(--white);\n            padding: 3rem;\n            border-radius: 20px;\n            text-align: center;\n            margin: 3rem 0;\n        }\n\n        .cta-box h3 {\n            color: var(--white);\n            margin-bottom: 1rem;\n        }\n\n        .cta-buttons {\n            display: flex;\n            gap: 1rem;\n            justify-content: center;\n            flex-wrap: wrap;\n            margin-top: 2rem;\n        }\n\n        .btn-white {\n            background: var(--white);\n            color: var(--primary-blue);\n            padding: 1rem 2rem;\n            border-radius: 25px;\n            text-decoration: none;\n            font-weight: 600;\n            transition: transform 0.3s ease;\n        }\n\n        .btn-white:hover {\n            transform: translateY(-2px);\n        }\n\n        .btn-outline {\n            background: transparent;\n            color: var(--white);\n            border: 2px solid var(--white);\n            padding: 1rem 2rem;\n            border-radius: 25px;\n            text-decoration: none;\n            font-weight: 600;\n            transition: all 0.3s ease;\n        }\n\n        .btn-outline:hover {\n            background: var(--white);\n            color: var(--primary-blue);\n        }\n\n        .article-tags {\n            display: flex;\n            flex-wrap: wrap;\n            gap: 0.5rem;\n            margin: 3rem 0;\n        }\n\n        .article-tag {\n            background: var(--primary-teal);\n            color: var(--text-dark);\n            padding: 0.5rem 1rem;\n            border-radius: 20px;\n            font-size: 0.9rem;\n            text-decoration: none;\n            transition: background-color 0.3s ease;\n        }\n\n        .article-tag:hover {\n            background: var(--primary-blue);\n            color: var(--white);\n        }\n\n        @media (max-width: 768px) {\n            .article-hero h1 {\n                font-size: 2rem;\n            }\n            \n            .stats-grid {\n                grid-template-columns: 1fr;\n            }\n            \n            .cta-buttons {\n                flex-direction: column;\n                align-items: center;\n            }\n            \n            .article-meta {\n                flex-direction: column;\n                gap: 0.5rem;\n            }\n        }\n    <\/style>\n<script>\n        document.querySelectorAll('.faq-q').forEach(function(button) {\n            button.addEventListener('click', function() {\n                button.closest('.faq-item').classList.toggle('open');\n            });\n        });\n    <\/script>\n<script type=\"application\/ld+json\">\n{\n  \"@context\": \"https:\/\/schema.org\",\n  \"@graph\": [\n    {\n      \"@type\": \"Article\",\n      \"headline\": \"L'Impact de la DMLA sur la vie quotidienne : comprendre, g\u00e9rer et vivre avec\",\n      \"description\": \"dre, g\u00e9rer et vivre avec\",\n      \"url\": \"https:\/\/www.dynseo.com\/limpact-de-la-dmla-sur-la-vie-quotidienne-comprendre-gerer-et-vivre-avec\/\",\n      \"datePublished\": \"2026-04-07\",\n      \"author\": {\n        \"@type\": \"Organization\",\n        \"name\": \"DYNSEO\",\n        \"url\": \"https:\/\/www.dynseo.com\"\n      },\n      \"publisher\": {\n        \"@type\": \"Organization\",\n        \"name\": \"DYNSEO\",\n        \"url\": \"https:\/\/www.dynseo.com\"\n      },\n      \"aggregateRating\": {\n        \"@type\": \"AggregateRating\",\n        \"ratingValue\": \"4.8\",\n        \"bestRating\": \"5\",\n        \"ratingCount\": \"47\"\n      }\n    },\n    {\n      \"@type\": \"WebPage\",\n      \"name\": \"L'Impact de la DMLA sur la vie quotidienne : comprendre, g\u00e9rer et vivre avec\",\n      \"url\": \"https:\/\/www.dynseo.com\/limpact-de-la-dmla-sur-la-vie-quotidienne-comprendre-gerer-et-vivre-avec\/\",\n      \"breadcrumb\": {\n        \"@type\": \"BreadcrumbList\",\n        \"itemListElement\": [\n          {\n            \"@type\": \"ListItem\",\n            \"position\": 1,\n            \"name\": \"Accueil\",\n            \"item\": \"https:\/\/www.dynseo.com\"\n          },\n          {\n            \"@type\": \"ListItem\",\n            \"position\": 2,\n            \"name\": \"Blog\",\n            \"item\": \"https:\/\/www.dynseo.com\/blog\"\n          },\n          {\n            \"@type\": \"ListItem\",\n            \"position\": 3,\n            \"name\": \"L'Impact de la DMLA sur la vie quotidienne : comprendre, g\u00e9rer et vivre avec\",\n            \"item\": \"https:\/\/www.dynseo.com\/limpact-de-la-dmla-sur-la-vie-quotidienne-comprendre-gerer-et-vivre-avec\/\"\n          }\n        ]\n      }\n    },\n    {\n      \"@type\": \"FAQPage\",\n      \"mainEntity\": [\n        {\n          \"@type\": \"Question\",\n          \"name\": \"La DMLA peut-elle conduire \u00e0 une c\u00e9cit\u00e9 totale ?\",\n          \"acceptedAnswer\": {\n            \"@type\": \"Answer\",\n            \"text\": \"R\u00e9ponse d\u00e9taill\u00e9e sur les risques de c\u00e9cit\u00e9 totale li\u00e9s \u00e0 la DMLA.\"\n          }\n        },\n        {\n          \"@type\": \"Question\",\n          \"name\": \"Peut-on conduire avec une DMLA ?\",\n          \"acceptedAnswer\": {\n            \"@type\": \"Answer\",\n            \"text\": \"R\u00e9ponse d\u00e9taill\u00e9e sur la conduite avec une DMLA.\"\n          }\n        },\n        {\n          \"@type\": \"Question\",\n          \"name\": \"Les lunettes sp\u00e9ciales peuvent-elles aider en cas de DMLA ?\",\n          \"acceptedAnswer\": {\n            \"@type\": \"Answer\",\n            \"text\": \"R\u00e9ponse d\u00e9taill\u00e9e sur l'utilit\u00e9 des lunettes sp\u00e9ciales pour la DMLA.\"\n          }\n        }\n      ]\n    }\n  ]\n}\n<\/script>\n<link href=\"https:\/\/fonts.googleapis.com\/css2?family=Montserrat:wght@400;600;700&family=Poppins:wght@300;400;500;600&display=swap\" rel=\"stylesheet\">\n\n<section class=\"article-hero\">\n        <div class=\"article-hero-inner\">\n            <div class=\"article-breadcrumb\">\n                <a href=\"\/\">Inicio<\/a> > <a href=\"\/sante\">Salud<\/a> > <a href=\"\/dmla\">DMAE<\/a> > El Impacto de la DMAE en la vida cotidiana\n            <\/div>\n            \n            <div class=\"article-category\">Salud Visual<\/div>\n            \n            <h1>El Impacto de la DMAE en la <span class=\"hl\">vida cotidiana<\/span> : comprender, gestionar y vivir con<\/h1>\n            \n            <div class=\"article-meta\">\n                <span>\ud83d\udcc5 Publicado en Abril 2026<\/span>\n                <span>\u23f1\ufe0f 18 min de lectura<\/span>\n                <span>\ud83d\udc65 Mayores y cuidadores<\/span>\n            <\/div>\n            \n            <div class=\"rating\">\n                <span class=\"stars\">\u2605\u2605\u2605\u2605\u2605<\/span>\n                <span>4.8\/5 (324 opiniones)<\/span>\n            <\/div>\n        <\/div>\n        <div class=\"article-hero-curve\"><\/div>\n    <\/section>\n\n    <div class=\"article-body\">\n        <div class=\"container\">\n<div class=\"intro-block\">\n                <p>La Degeneraci\u00f3n Macular Asociada a la Edad (DMAE) representa hoy en d\u00eda una de las principales causas de p\u00e9rdida de visi\u00f3n en las personas mayores de 50 a\u00f1os. Esta enfermedad ocular compleja afecta la m\u00e1cula, zona central de la retina responsable de la visi\u00f3n precisa y detallada. M\u00e1s all\u00e1 de los aspectos m\u00e9dicos, la DMAE transforma profundamente el d\u00eda a d\u00eda de quienes la padecen, impactando su autonom\u00eda, sus relaciones sociales y su bienestar psicol\u00f3gico. Comprender estas repercusiones es esencial para desarrollar estrategias de adaptaci\u00f3n efectivas. En esta gu\u00eda completa, exploramos las m\u00faltiples facetas de la vida con la DMAE, desde los primeros s\u00edntomas hasta soluciones innovadoras para mantener una calidad de vida \u00f3ptima. Nuestro enfoque comprensivo te acompa\u00f1a en este proceso de comprensi\u00f3n y adaptaci\u00f3n.<\/p>\n            <\/div>\n\n            <div class=\"stats-grid\">\n                <div class=\"stat-card\">\n                    <span class=\"number\">1,5M<\/span>\n                    <span class=\"label\">Personas afectadas en Francia<\/span>\n                <\/div>\n                <div class=\"stat-card\">\n                    <span class=\"number\">50%<\/span>\n                    <span class=\"label\">Riesgo despu\u00e9s de los 75 a\u00f1os<\/span>\n                <\/div>\n                <div class=\"stat-card\">\n                    <span class=\"number\">90%<\/span>\n                    <span class=\"label\">Formas secas de DMAE<\/span>\n                <\/div>\n                <div class=\"stat-card\">\n                    <span class=\"number\">3x<\/span>\n                    <span class=\"label\">M\u00e1s frecuente en mujeres<\/span>\n                <\/div>\n            <\/div>\n\n            <h2>1. Comprender la DMAE y sus manifestaciones<\/h2>\n            \n            <p>La Degeneraci\u00f3n Macular Asociada a la Edad constituye una patolog\u00eda ocular progresiva que se caracteriza por la deterioraci\u00f3n progresiva de las c\u00e9lulas de la m\u00e1cula. Esta regi\u00f3n central de la retina, de un di\u00e1metro de aproximadamente 5 mil\u00edmetros, concentra los fotorreceptores responsables de la visi\u00f3n fina y de la percepci\u00f3n de los colores. Cuando esta zona se degrada, las consecuencias sobre la visi\u00f3n diaria se vuelven r\u00e1pidamente perceptibles.<\/p>\n\n            <p>Las dos formas principales de DMAE presentan evoluciones distintas. La forma seca, que representa aproximadamente el 90% de los casos, progresa lentamente a lo largo de varios a\u00f1os. Se caracteriza por la acumulaci\u00f3n de dep\u00f3sitos amarillentos llamados drusas bajo la retina, acompa\u00f1ada de un adelgazamiento progresivo del epitelio pigmentario retiniano. La forma h\u00fameda, aunque menos frecuente, evoluciona m\u00e1s r\u00e1pidamente y requiere atenci\u00f3n urgente debido a la formaci\u00f3n de nuevos vasos sangu\u00edneos anormales bajo la retina.<\/p>\n\n            <p>Los primeros signos de la DMAE pueden pasar desapercibidos, de ah\u00ed la importancia de un seguimiento oftalmol\u00f3gico regular despu\u00e9s de los 50 a\u00f1os. Los s\u00edntomas iniciales incluyen una visi\u00f3n ligeramente borrosa, dificultades para leer con poca luz, o una percepci\u00f3n alterada de los contrastes. Estas manifestaciones sutiles pueden atribuirse f\u00e1cilmente al envejecimiento normal del ojo, retrasando as\u00ed el diagn\u00f3stico.<\/p>\n\n            <div class=\"conseil-card\">\n                <h4>\ud83d\udca1 Consejo de experto DYNSEO<\/h4>\n                <p>La detecci\u00f3n temprana de la DMAE se basa en ex\u00e1menes oftalmol\u00f3gicos regulares y el uso de herramientas simples como la cuadr\u00edcula de Amsler. Esta cuadr\u00edcula permite detectar las deformaciones visuales caracter\u00edsticas de la enfermedad. Recomendamos un cribado anual despu\u00e9s de los 50 a\u00f1os, particularmente en presencia de factores de riesgo.<\/p>\n            <\/div>\n<div class=\"key-points\">\n                <h4>\ud83d\udd0d Puntos clave a recordar<\/h4>\n                <ul>\n                    <li>La DMLA afecta espec\u00edficamente la visi\u00f3n central mientras preserva la visi\u00f3n perif\u00e9rica<\/li>\n                    <li>Los s\u00edntomas progresan generalmente lentamente, permitiendo una adaptaci\u00f3n gradual<\/li>\n                    <li>Un diagn\u00f3stico temprano mejora significativamente las perspectivas de tratamiento<\/li>\n                    <li>La gen\u00e9tica juega un papel importante, justificando una vigilancia familiar<\/li>\n                <\/ul>\n            <\/div>\n\n            <h2>2. El impacto psicol\u00f3gico de la p\u00e9rdida de visi\u00f3n central<\/h2>\n\n            <p>El anuncio de un diagn\u00f3stico de DMLA desencadena a menudo una cascada de emociones complejas en los pacientes y sus seres queridos. El miedo a la ceguera, aunque generalmente infundado ya que la DMLA rara vez conduce a una ceguera total, genera una ansiedad considerable. Esta aprensi\u00f3n se acompa\u00f1a frecuentemente de un sentimiento de p\u00e9rdida de control sobre su propia existencia, particularmente en personas acostumbradas a una gran autonom\u00eda.<\/p>\n\n            <p>El proceso de adaptaci\u00f3n psicol\u00f3gica a la DMLA sigue generalmente varias fases distintas. La fase inicial de negaci\u00f3n puede llevar a algunos pacientes a minimizar sus s\u00edntomas o a retrasar la consulta m\u00e9dica. A menudo sigue un per\u00edodo de ira y frustraci\u00f3n ante las nuevas limitaciones impuestas por la enfermedad. Esta etapa, aunque dif\u00edcil, constituye un paso necesario hacia la aceptaci\u00f3n y la adaptaci\u00f3n constructiva.<\/p>\n\n            <p>El aislamiento social representa una de las consecuencias psicol\u00f3gicas m\u00e1s preocupantes de la DMLA. La dificultad para reconocer rostros, leer expresiones o navegar en entornos no familiares puede llevar a algunas personas a limitar sus interacciones sociales. Esta tendencia al repliegue acent\u00faa los riesgos de depresi\u00f3n y ansiedad, creando un c\u00edrculo vicioso particularmente perjudicial para el bienestar general.<\/p>\n\n            <div class=\"expert-box\">\n                <div class=\"expert-box-label\">Experiencia DYNSEO<\/div>\n                <div class=\"expert-box-title\">La importancia del apoyo psicol\u00f3gico adecuado<\/div>\n                <p>Nuestra experiencia con miles de mayores nos ha ense\u00f1ado que el acompa\u00f1amiento psicol\u00f3gico temprano mejora considerablemente la adaptaci\u00f3n a la DMLA. Los grupos de conversaci\u00f3n, el apoyo individual y las actividades cognitivas adaptadas son pilares esenciales del bienestar.<\/p>\n                \n                <div class=\"expert-inner\">\n                    <div class=\"expert-inner-title\">Estrategias DYNSEO para la adaptaci\u00f3n psicol\u00f3gica<\/div>\n                    <p>Nuestros programas incluyen actividades especialmente dise\u00f1adas para mantener la autoestima y fomentar la socializaci\u00f3n, incluso con una visi\u00f3n reducida. La aplicaci\u00f3n <a href=\"https:\/\/www.dynseo.com\/es\/coco-piensa-y-coco-se-mueve-software-educativo\/\" style=\"color: #ffeca7;\">COCO PIENSA<\/a> propone juegos adaptados a las deficiencias visuales, permitiendo conservar una actividad cognitiva estimulante.<\/p>\n                <\/div>\n            <\/div>\n\n            <div class=\"tip-box\">\n<div class=\"tip-box-label\">\ud83d\udcaa Consejo pr\u00e1ctico<\/div>\n                <p>Mantener un diario emocional puede ayudar a identificar los momentos dif\u00edciles y los factores desencadenantes. Esta toma de conciencia facilita el desarrollo de estrategias de adaptaci\u00f3n personalizadas y mejora la comunicaci\u00f3n con los seres queridos y los profesionales de la salud.<\/p>\n            <\/div>\n\n            <h2>3. Los desaf\u00edos de la movilidad y de la orientaci\u00f3n espacial<\/h2>\n\n            <p>La p\u00e9rdida progresiva de la visi\u00f3n central transforma radicalmente la experiencia de la movilidad diaria. Los desplazamientos, antes autom\u00e1ticos y fluidos, requieren ahora una atenci\u00f3n sostenida y una planificaci\u00f3n minuciosa. El reconocimiento de obst\u00e1culos, la evaluaci\u00f3n de distancias y la navegaci\u00f3n en entornos complejos se convierten en desaf\u00edos diarios que deben enfrentarse con paciencia y determinaci\u00f3n.<\/p>\n\n            <p>La adaptaci\u00f3n a estas nuevas restricciones de movilidad se lleva a cabo generalmente de manera progresiva. Las personas afectadas por la DMLA desarrollan naturalmente estrategias compensatorias, utilizando m\u00e1s su visi\u00f3n perif\u00e9rica, sus otros sentidos y su memoria espacial. Esta adaptaci\u00f3n neuropl\u00e1stica notable es testimonio de la capacidad de adaptaci\u00f3n excepcional del cerebro humano frente a los desaf\u00edos sensoriales.<\/p>\n\n            <p>Los entornos familiares, como el hogar, a menudo sufren modificaciones para facilitar la navegaci\u00f3n segura. La mejora de la iluminaci\u00f3n, la instalaci\u00f3n de rampas de apoyo, la eliminaci\u00f3n de obst\u00e1culos y el uso de contrastes de color permiten mantener una autonom\u00eda de desplazamiento satisfactoria. Estas modificaciones, aunque a veces costosas, representan una inversi\u00f3n crucial para la seguridad y la independencia.<\/p>\n<div class=\"conseil-card\">\n                <h4>\ud83c\udfe0 Adaptaciones domiciliarias recomendadas<\/h4>\n                <p>La optimizaci\u00f3n del entorno dom\u00e9stico constituye una prioridad para mantener la autonom\u00eda. Aumente la iluminaci\u00f3n general y puntual, utilice colores contrastantes para delimitar los espacios, elimine las alfombras resbaladizas y los objetos que est\u00e9n en el suelo. Estas modificaciones simples reducen considerablemente los riesgos de ca\u00edda.<\/p>\n            <\/div>\n\n            <h2>4. El impacto en la autonom\u00eda personal y dom\u00e9stica<\/h2>\n\n            <p>La gesti\u00f3n de las actividades cotidianas fundamentales sufre modificaciones significativas con la evoluci\u00f3n de la ACV. La preparaci\u00f3n de las comidas, el mantenimiento del hogar, la higiene personal y la gesti\u00f3n administrativa requieren ahora adaptaciones creativas y el uso de herramientas especializadas. Esta transformaci\u00f3n de los h\u00e1bitos, aunque desestabilizadora inicialmente, a menudo abre el camino a nuevas formas m\u00e1s eficientes de organizar su d\u00eda a d\u00eda.<\/p>\n\n            <p>La cocina representa uno de los \u00e1mbitos donde la adaptaci\u00f3n resulta particularmente crucial. La lectura de las etiquetas alimentarias, la identificaci\u00f3n de los utensilios, el control de la cocci\u00f3n y la manipulaci\u00f3n segura de los aparatos requieren una reorganizaci\u00f3n met\u00f3dica del espacio y de los h\u00e1bitos culinarios. La adopci\u00f3n de utensilios ergon\u00f3micos, el uso de temporizadores sonoros y la organizaci\u00f3n rigurosa de los armarios facilitan considerablemente estas tareas esenciales.<\/p>\n\n            <p>La gesti\u00f3n financiera y administrativa tambi\u00e9n constituye un desaf\u00edo importante para las personas afectadas por la ACV. La lectura del correo, la redacci\u00f3n de cheques, la consulta de extractos bancarios y el uso de ordenadores a menudo requieren la asistencia de familiares o el recurso a servicios especializados. Esta nueva dependencia puede generar sentimientos de frustraci\u00f3n e inquietud, particularmente en personas acostumbradas a gestionar sus asuntos de manera aut\u00f3noma.<\/p>\n<div class=\"key-points\">\n                <h4>\ud83c\udfaf Estrategias de empoderamiento<\/h4>\n                <ul>\n                    <li>Organiza tu espacio vital seg\u00fan zonas funcionales claramente definidas<\/li>\n                    <li>Adopta rutinas estructuradas para automatizar los gestos diarios<\/li>\n                    <li>Utiliza tecnolog\u00edas de asistencia adaptadas a tus necesidades espec\u00edficas<\/li>\n                    <li>Mant\u00e9n una red de apoyo social y profesional activa<\/li>\n                    <li>Explora los servicios de ayuda a domicilio disponibles en tu regi\u00f3n<\/li>\n                <\/ul>\n            <\/div>\n\n            <h2>5. Las repercusiones en la vida social y relacional<\/h2>\n\n            <p>La DMLA influye profundamente en las interacciones sociales, modificando a veces de manera sutil pero significativa la din\u00e1mica relacional. La dificultad para reconocer los rostros, incluso familiares, puede crear situaciones embarazosas y llevar a algunas personas a evitar los encuentros sociales. Esta tendencia al retiro social, comprensible pero perjudicial, requiere una atenci\u00f3n particular para preservar el tejido relacional existente.<\/p>\n\n            <p>La participaci\u00f3n en actividades grupales, ya sean de ocio, voluntariado o compromisos asociativos, a menudo requiere adaptaciones espec\u00edficas. Los clubes de lectura pueden ofrecer audiolibros, los grupos de caminata pueden adaptar sus recorridos, y las asociaciones pueden implementar ayudas t\u00e9cnicas para facilitar la participaci\u00f3n. Esta adaptaci\u00f3n colectiva es un testimonio de la solidaridad social y de la capacidad de inclusi\u00f3n de la comunidad.<\/p>\n\n            <p>Las relaciones familiares tambi\u00e9n sufren transformaciones, a veces fuente de tensiones pero tambi\u00e9n de oportunidades de acercamiento. Los roles pueden invertirse, los hijos convirti\u00e9ndose en cuidadores de sus padres, creando nuevas din\u00e1micas relacionales. Esta evoluci\u00f3n, gestionada con benevolencia y comunicaci\u00f3n, puede fortalecer los lazos familiares y crear nuevas formas de complicidad intergeneracional.<\/p>\n\n            <div class=\"expert-box\">\n                <div class=\"expert-box-label\">Consejo Relacional DYNSEO<\/div>\n<div class=\"expert-box-title\">Mantener los lazos sociales a pesar de la DMLA<\/div>\n                <p>La aislamiento social no es una fatalidad con la DMLA. Nuestros programas fomentan el mantenimiento de actividades sociales mediante la adaptaci\u00f3n en lugar de la evitaci\u00f3n. Los juegos colectivos de nuestra plataforma <a href=\"https:\/\/www.dynseo.com\/es\/coco-piensa-y-coco-se-mueve-software-educativo\/\" style=\"color: #ffeca7;\">COCO PIENSA<\/a> permiten conservar momentos de compartir enriquecedores con los seres queridos.<\/p>\n            <\/div>\n\n            <h2>6. Los desaf\u00edos de la lectura y del acceso a la informaci\u00f3n<\/h2>\n\n            <p>La lectura, actividad fundamental para el acceso a la informaci\u00f3n y el mantenimiento de las capacidades cognitivas, sufre modificaciones importantes con la evoluci\u00f3n de la DMLA. Las dificultades de lectura afectan no solo a los libros y peri\u00f3dicos, sino tambi\u00e9n a los prospectos de medicamentos, la correspondencia administrativa y todos los soportes escritos del d\u00eda a d\u00eda. Esta limitaci\u00f3n impacta directamente en la autonom\u00eda informativa y puede generar una dependencia frustrante respecto al entorno.<\/p>\n\n            <p>La adaptaci\u00f3n a las nuevas modalidades de lectura se realiza progresivamente gracias a diversas soluciones t\u00e9cnicas y organizativas. Los audiolibros, ahora ampliamente disponibles, ofrecen una alternativa enriquecedora a la lectura tradicional. Los lectores electr\u00f3nicos con aumento de caracteres, los programas de s\u00edntesis de voz y las aplicaciones de reconocimiento \u00f3ptico de caracteres ampl\u00edan considerablemente las posibilidades de acceso a los contenidos escritos.<\/p>\n\n            <p>La organizaci\u00f3n de la informaci\u00f3n se vuelve crucial para mantener una vida cultural e informativa rica. La creaci\u00f3n de bibliotecas de audio personalizadas, la suscripci\u00f3n a servicios de prensa hablada y el uso de asistentes de voz facilitan el acceso diario a las noticias y a la cultura. Estas adaptaciones, aunque requieren un aprendizaje inicial, a menudo abren nuevos horizontes y descubrimientos inesperados.<\/p>\n\n            <div class=\"tip-box\">\n<div class=\"tip-box-label\">\ud83d\udcda Recursos de lectura adaptada<\/div>\n                <p>La Biblioteca Nacional de Francia ofrece un servicio gratuito de pr\u00e9stamo de libros de audio para las personas con discapacidad visual. La asociaci\u00f3n Valentin Ha\u00fcy tambi\u00e9n ofrece numerosos recursos y formaciones para facilitar el acceso a la lectura en todas sus formas.<\/p>\n            <\/div>\n\n            <h2>7. La adaptaci\u00f3n profesional y el final de carrera<\/h2>\n\n            <p>Para las personas que a\u00fan est\u00e1n en actividad profesional en el momento del diagn\u00f3stico de DMAE, la adaptaci\u00f3n al puesto de trabajo se convierte en un desaf\u00edo importante. Seg\u00fan el tipo de actividad ejercida, pueden ser necesarios ajustes m\u00e1s o menos importantes. Las profesiones que requieren una visi\u00f3n precisa, como la costura, la relojer\u00eda o ciertos oficios de precisi\u00f3n, pueden necesitar una reconversi\u00f3n o un ajuste radical del puesto.<\/p>\n\n            <p>La anticipaci\u00f3n de la jubilaci\u00f3n a menudo adquiere una nueva dimensi\u00f3n con el diagn\u00f3stico de DMAE. Los proyectos de viaje, actividades de ocio o compromisos voluntarios pueden requerir una reevaluaci\u00f3n y una adaptaci\u00f3n. Esta reflexi\u00f3n, aunque a veces dolorosa, a menudo permite redefinir prioridades y descubrir nuevas fuentes de desarrollo personal.<\/p>\n\n            <p>El acompa\u00f1amiento profesional especializado, a trav\u00e9s de servicios de medicina del trabajo, terapeutas ocupacionales o asesores en evoluci\u00f3n profesional, facilita esta transici\u00f3n. Estos profesionales ofrecen soluciones concretas de adaptaci\u00f3n y orientan hacia los dispositivos de ayuda disponibles, preservando as\u00ed tanto como sea posible la autonom\u00eda financiera y el desarrollo profesional.<\/p>\n\n            <h2>8. Las tecnolog\u00edas de asistencia e innovaciones adaptativas<\/h2>\n\n            <p>La evoluci\u00f3n tecnol\u00f3gica ofrece hoy en d\u00eda un arsenal notable de herramientas de asistencia para las personas afectadas por DMAE. Estas innovaciones, en constante mejora, revolucionan la autonom\u00eda diaria y abren nuevas perspectivas de independencia. Desde lupas electr\u00f3nicas de alta definici\u00f3n hasta aplicaciones de reconocimiento de voz, el abanico de soluciones disponibles se ampl\u00eda continuamente.<\/p>\n\n            <p>Los tel\u00e9fonos inteligentes modernos integran funcionalidades de accesibilidad particularmente sofisticadas. El aumento de pantalla, los comandos de voz, la lectura autom\u00e1tica de textos y las aplicaciones de descripci\u00f3n de im\u00e1genes transforman estos dispositivos en verdaderos asistentes personales. El aprendizaje de estas funcionalidades, aunque requiere paciencia, ofrece una autonom\u00eda notable para la comunicaci\u00f3n y el acceso a la informaci\u00f3n.<\/p>\n\n            <p>Las ayudas \u00f3pticas tradicionales tambi\u00e9n evolucionan hacia m\u00e1s sofisticaci\u00f3n y eficacia. Los tele-ampliadores port\u00e1tiles, las gafas de realidad aumentada y los sistemas de navegaci\u00f3n por audio permiten compensar eficazmente los d\u00e9ficits visuales. Estas tecnolog\u00edas, que antes eran costosas y complejas, se est\u00e1n volviendo progresivamente m\u00e1s accesibles y amigables.<\/p>\n<div class=\"conseil-card\">\n                <h4>\ud83d\udd27 Tecnolog\u00edas recomendadas por DYNSEO<\/h4>\n                <p>Nuestra selecci\u00f3n de herramientas tecnol\u00f3gicas prioriza la simplicidad de uso y la eficacia pr\u00e1ctica. Las tabletas con interfaz simplificada, los relojes conectados con gu\u00eda vocal y las aplicaciones de estimulaci\u00f3n cognitiva adaptada como <a href=\"https:\/\/www.dynseo.com\/es\/coco-piensa-y-coco-se-mueve-software-educativo\/\" style=\"color: var(--primary-blue);\">COCO PIENSA<\/a> constituyen nuestras recomendaciones prioritarias.<\/p>\n            <\/div>\n\n            <h2>9. La alimentaci\u00f3n y la prevenci\u00f3n nutricional<\/h2>\n\n            <p>La nutrici\u00f3n juega un papel fundamental en la evoluci\u00f3n de la ACV, algunos nutrientes han demostrado su eficacia en el retraso de la progresi\u00f3n de la enfermedad. Los antioxidantes, particularmente la lute\u00edna y la zeaxantina presentes en las verduras de hoja verde, ejercen una acci\u00f3n protectora sobre la retina. La adopci\u00f3n de una alimentaci\u00f3n rica en estos nutrientes constituye una estrategia preventiva accesible y natural.<\/p>\n\n            <p>Los \u00e1cidos grasos omega-3, presentes especialmente en los pescados grasos, tambi\u00e9n participan en la protecci\u00f3n retiniana. Los estudios cient\u00edficos recientes confirman el inter\u00e9s de un consumo regular de pescados ricos en omega-3 para ralentizar la evoluci\u00f3n de la ACV. Este enfoque nutricional, integrado en un estilo de vida saludable, contribuye significativamente a la preservaci\u00f3n de la funci\u00f3n visual.<\/p>\n\n            <p>La preparaci\u00f3n de las comidas con una visi\u00f3n reducida requiere una organizaci\u00f3n met\u00f3dica y el uso de utensilios adaptados. Los temporizadores sonoros, las balanzas parlantes y la organizaci\u00f3n rigurosa de los armarios facilitan la preparaci\u00f3n de comidas equilibradas. Esta adaptaci\u00f3n culinaria, aunque requiere un aprendizaje inicial, permite mantener una alimentaci\u00f3n variada y sabrosa.<\/p>\n<div class=\"key-points\">\n                <h4>\ud83e\udd57 Nutrientes protectores para la retina<\/h4>\n                <ul>\n                    <li>Lute\u00edna y zeaxantina: espinacas, br\u00f3coli, col verde, ma\u00edz<\/li>\n                    <li>Omega-3: salm\u00f3n, sardinas, nueces, semillas de lino<\/li>\n                    <li>Vitamina C: c\u00edtricos, kiwis, pimientos, fresas<\/li>\n                    <li>Vitamina E: almendras, aceite de girasol, aguacate<\/li>\n                    <li>Zinc: ostras, semillas de calabaza, legumbres<\/li>\n                <\/ul>\n            <\/div>\n\n            <h2>10. El ejercicio f\u00edsico adaptado y el mantenimiento de la forma<\/h2>\n\n            <p>La actividad f\u00edsica regular tiene una importancia particular para las personas afectadas por la DMAE, contribuyendo no solo al mantenimiento de la salud general sino tambi\u00e9n a la preservaci\u00f3n de la autonom\u00eda motora. El ejercicio mejora la circulaci\u00f3n sangu\u00ednea retiniana, favorece el equilibrio y la coordinaci\u00f3n, y participa en el mantenimiento del \u00e1nimo. Este enfoque global de la salud resulta particularmente beneficioso en el contexto de la DMAE.<\/p>\n\n            <p>La adaptaci\u00f3n de las actividades f\u00edsicas a las limitaciones visuales requiere a veces un enfoque creativo pero sigue siendo perfectamente realizable. La marcha guiada, los ejercicios en piscina, la gimnasia suave y las actividades de fortalecimiento muscular pueden practicarse de manera segura con algunas adaptaciones. Lo importante radica en la regularidad y la progresividad del esfuerzo m\u00e1s que en su intensidad.<\/p>\n\n            <p>Los programas de actividad f\u00edsica especialmente dise\u00f1ados para personas con discapacidad visual se est\u00e1n desarrollando en muchas ciudades. Estos programas, supervisados por profesionales capacitados, ofrecen un entorno seguro y adaptado para mantener una forma f\u00edsica \u00f3ptima. La dimensi\u00f3n social de estas actividades constituye un beneficio adicional no despreciable para el bienestar general.<\/p>\n\n            <div class=\"expert-box\">\n                <div class=\"expert-box-label\">Programa DYNSEO<\/div>\n                <div class=\"expert-box-title\">COCO SE MUEVE: la actividad f\u00edsica adaptada<\/div>\n                <p>Nuestra aplicaci\u00f3n <a href=\"https:\/\/www.dynseo.com\/es\/coco-piensa-y-coco-se-mueve-software-educativo\/\" style=\"color: #ffeca7;\">COCO SE MUEVE<\/a> propone ejercicios f\u00edsicos especialmente adaptados a las personas con deficiencias visuales. Estas actividades, guiadas por la voz, permiten mantener una forma f\u00edsica \u00f3ptima de manera segura.<\/p>\n                \n                <div class=\"expert-inner\">\n<div class=\"expert-inner-title\">Ventajas de COCO SE MUEVE para la ACV<\/div>\n                    <p>Los ejercicios audio-guiados eliminan las limitaciones visuales mientras proponen una actividad f\u00edsica adaptada y progresiva. La interfaz simplificada y los comandos de voz hacen que la aplicaci\u00f3n sea accesible incluso con una visi\u00f3n muy reducida.<\/p>\n                <\/div>\n            <\/div>\n\n            <h2>11. El seguimiento m\u00e9dico y los tratamientos disponibles<\/h2>\n\n            <p>La atenci\u00f3n m\u00e9dica de la ACV se articula en torno a un seguimiento oftalmol\u00f3gico regular y tratamientos adaptados al tipo y estadio de la enfermedad. Para la forma h\u00fameda, las inyecciones intrav\u00edtreas de anti-VEGF constituyen el tratamiento de referencia, necesitando un protocolo de seguimiento riguroso. Estas inyecciones, aunque puedan parecer impresionantes, son generalmente bien toleradas y a menudo permiten estabilizar e incluso mejorar la visi\u00f3n.<\/p>\n\n            <p>La forma seca de ACV, m\u00e1s frecuente pero sin tratamiento curativo espec\u00edfico, se beneficia de una vigilancia atenta y de medidas preventivas. La suplementaci\u00f3n con vitaminas y antioxidantes, seg\u00fan las recomendaciones del estudio AREDS2, puede ralentizar la evoluci\u00f3n de la enfermedad en algunos pacientes. Este enfoque preventivo, asociado a un estilo de vida saludable, constituye actualmente la mejor estrategia de atenci\u00f3n.<\/p>\n\n            <p>Las innovaciones terap\u00e9uticas en desarrollo dejan entrever nuevas esperanzas para el futuro. Las terapias g\u00e9nicas, los injertos de c\u00e9lulas madre retinianas y los implantes retinianos representan pistas prometedoras actualmente en fase de ensayos cl\u00ednicos. Estos avances, aunque a\u00fan experimentales, ofrecen perspectivas alentadoras para los pacientes y sus familias.<\/p>\n\n            <div class=\"tip-box\">\n<div class=\"tip-box-label\">\ud83d\udc8a Observancia terap\u00e9utica<\/div>\n                <p>El respeto escrupuloso de las citas de seguimiento y de los protocolos de tratamiento constituye un factor clave de \u00e9xito. Lleve un diario de seguimiento de sus s\u00edntomas y no dude en informar cualquier cambio a su oftalm\u00f3logo, incluso si parece menor.<\/p>\n            <\/div>\n\n            <h2>12. El acompa\u00f1amiento de los cercanos y el entorno que ayuda<\/h2>\n\n            <p>El entorno familiar y amistoso juega un papel determinante en la adaptaci\u00f3n exitosa a la DMAE. Esta enfermedad afecta no solo a la persona directamente involucrada, sino tambi\u00e9n a sus cercanos, quienes deben adaptar su comportamiento y, a veces, asumir un rol de ayudante. Esta transformaci\u00f3n relacional, gestionada con benevolencia y comunicaci\u00f3n, puede fortalecer los lazos familiares y crear nuevas complicidades.<\/p>\n\n            <p>La formaci\u00f3n de los ayudantes en las especificidades de la DMAE resulta particularmente beneficiosa para optimizar el acompa\u00f1amiento. Comprender las dificultades visuales espec\u00edficas, aprender las t\u00e9cnicas de gu\u00eda apropiadas y conocer las ayudas t\u00e9cnicas disponibles permite ofrecer un apoyo m\u00e1s eficaz y menos ansioso. Esta formaci\u00f3n puede ser impartida por asociaciones especializadas o profesionales de la baja visi\u00f3n.<\/p>\n\n            <p>El equilibrio entre la ayuda necesaria y la preservaci\u00f3n de la autonom\u00eda constituye un desaf\u00edo delicado para el entorno. La hiperprotecci\u00f3n, aunque inspirada por la benevolencia, puede obstaculizar la adaptaci\u00f3n y mantener una dependencia excesiva. Por el contrario, un apoyo insuficiente puede generar situaciones de aislamiento y des\u00e1nimo. La comunicaci\u00f3n abierta y regular permite encontrar el justo equilibrio entre estos dos escollos.<\/p>\n\n            <div class=\"conseil-card\">\n                <h4>\ud83d\udc65 Gu\u00eda para los ayudantes<\/h4>\n                <p>Respete el ritmo de adaptaci\u00f3n de su cercano, fomente su autonom\u00eda mientras se mantiene disponible. Ofrezca su ayuda sin imponerla, y no dude en formarse en t\u00e9cnicas de acompa\u00f1amiento especializadas. Su bienestar personal tambi\u00e9n es importante para ofrecer un apoyo duradero.<\/p>\n            <\/div>\n\n            <div class=\"faq-list\">\n                <h2>Preguntas frecuentes sobre la DMAE<\/h2>\n                \n                <div class=\"faq-item\">\n                    <div class=\"faq-q\">\n                        <span>\u00bfLa DMAE puede llevar a una ceguera total?<\/span>\n                        <span class=\"faq-icon\">+<\/span>\n                    <\/div>\n                    <div class=\"faq-a\">\n                        <p>No, la DMAE rara vez conduce a una ceguera total. Esta enfermedad afecta espec\u00edficamente la visi\u00f3n central, preservando la visi\u00f3n perif\u00e9rica. Las personas afectadas, por lo tanto, conservan una capacidad de desplazamiento y orientaci\u00f3n espacial, incluso si la lectura y el reconocimiento de detalles se vuelven dif\u00edciles.<\/p>\n                    <\/div>\n                <\/div>\n\n                <div class=\"faq-item\">\n                    <div class=\"faq-q\">\n                        <span>\u00bfSe puede conducir con una DMAE?<\/span>\n                        <span class=\"faq-icon\">+<\/span>\n                    <\/div>\n                    <div class=\"faq-a\">\n                        <p>La conducci\u00f3n con una DMAE depende del estadio de evoluci\u00f3n de la enfermedad y de la agudeza visual residual. Un control oftalmol\u00f3gico regular permite evaluar la capacidad de conducir de manera segura. En algunos casos, pueden ser necesarias restricciones (conducci\u00f3n solo de d\u00eda, trayectos familiares). La detenci\u00f3n de la conducci\u00f3n, aunque dif\u00edcil, puede resultar necesaria para la seguridad de todos.<\/p>\n                    <\/div>\n                <\/div>\n\n                <div class=\"faq-item\">\n<div class=\"faq-q\">\n                        <span>\u00bfLas gafas especiales pueden ayudar en caso de ACV?<\/span>\n                        <span class=\"faq-icon\">+<\/span>\n                    <\/div>\n                    <div class=\"faq-a\">\n                        <p>Efectivamente, varios tipos de ayudas \u00f3pticas pueden mejorar la visi\u00f3n residual en caso de ACV. Los filtros especiales reducen el deslumbramiento, las lentes de aumento facilitan la lectura, y los prismas pueden optimizar el uso de la visi\u00f3n perif\u00e9rica. Un \u00f3ptico especializado en baja visi\u00f3n puede aconsejar las soluciones m\u00e1s adecuadas a cada situaci\u00f3n.<\/p>\n                    <\/div>\n                <\/div>\n\n                <div class=\"faq-item\">\n                    <div class=\"faq-q\">\n                        <span>\u00bfLa alimentaci\u00f3n puede realmente influir en la evoluci\u00f3n del ACV?<\/span>\n                        <span class=\"faq-icon\">+<\/span>\n                    <\/div>\n                    <div class=\"faq-a\">\n                        <p>Los estudios cient\u00edficos demuestran efectivamente el impacto positivo de ciertos nutrientes en la evoluci\u00f3n del ACV. Los antioxidantes (lute\u00edna, zeaxantina, vitaminas C y E), los omega-3 y el zinc ejercen un efecto protector sobre la retina. Una alimentaci\u00f3n rica en verduras verdes, pescados grasos y frutas coloridas constituye, por tanto, una estrategia preventiva recomendada.<\/p>\n                    <\/div>\n                <\/div>\n\n                <div class=\"faq-item\">\n                    <div class=\"faq-q\">\n                        <span>\u00bfExisten actividades espec\u00edficamente recomendadas para mantener las capacidades cognitivas con un ACV?<\/span>\n                        <span class=\"faq-icon\">+<\/span>\n                    <\/div>\n                    <div class=\"faq-a\">\n                        <p>\u00a1Absolutamente! El mantenimiento de actividades cognitivas estimulantes sigue siendo posible y recomendado a pesar del ACV. Los juegos de audio, los rompecabezas t\u00e1ctiles, las actividades musicales y los programas de estimulaci\u00f3n cognitiva adaptados como los que ofrece COCO PIENSA permiten preservar las funciones cognitivas mientras se adaptan a las limitaciones visuales.<\/p>\n                    <\/div>\n                <\/div>\n            <\/div>\n\n            <div class=\"cta-box\">\n                <h3>Descubre COCO, tu compa\u00f1ero digital adaptado al ACV<\/h3>\n                <p>DYNSEO ha desarrollado especialmente para ti soluciones de estimulaci\u00f3n cognitiva y f\u00edsica adaptadas a las deficiencias visuales. Nuestras aplicaciones COCO PIENSA y COCO SE MUEVE ofrecen una interfaz simplificada, contrastes reforzados y comandos de voz para mantener tu autonom\u00eda y bienestar.<\/p>\n                \n                <div class=\"cta-buttons\">\n                    <a href=\"https:\/\/www.dynseo.com\/es\/coco-piensa-y-coco-se-mueve-software-educativo\/\" class=\"btn-white\">Prueba COCO gratis<\/a>\n                    <a href=\"https:\/\/www.dynseo.com\/es\/coco-piensa-y-coco-se-mueve-software-educativo\/\" class=\"btn-outline\">Saber m\u00e1s<\/a>\n                <\/div>\n            <\/div>\n\n            <div class=\"article-tags\">\n                <a href=\"#\" class=\"article-tag\">ACV<\/a>\n                <a href=\"#\" class=\"article-tag\">Visi\u00f3n<\/a>\n                <a href=\"#\" class=\"article-tag\">Autonom\u00eda<\/a>\n                <a href=\"#\" class=\"article-tag\">Adaptaci\u00f3n<\/a>\n                <a href=\"#\" class=\"article-tag\">Mayores<\/a>\n                <a href=\"#\" class=\"article-tag\">Salud ocular<\/a>\n                <a href=\"#\" class=\"article-tag\">Calidad de vida<\/a>\n                <a href=\"#\" class=\"article-tag\">Acompa\u00f1amiento<\/a>\n            <\/div>\n        <\/div>\n    <\/div>[\/et_pb_code][\/et_pb_column][\/et_pb_row][\/et_pb_section]","_et_gb_content_width":"","footnotes":""},"categories":[2915],"tags":[],"class_list":["post-573226","post","type-post","status-publish","format-standard","has-post-thumbnail","hentry","category-les-conseils-des-coachs"],"yoast_head":"<!-- This site is optimized with the Yoast SEO plugin v27.4 - https:\/\/yoast.com\/product\/yoast-seo-wordpress\/ -->\n<title>El impacto de la DMLA en la vida cotidiana: comprender, gestionar y vivir con - DYNSEO - Aplicaci\u00f3n educativa y juegos de memoria<\/title>\n<meta name=\"robots\" content=\"index, follow, max-snippet:-1, max-image-preview:large, max-video-preview:-1\" \/>\n<link rel=\"canonical\" href=\"https:\/\/www.dynseo.com\/es\/el-impacto-de-la-dmla-en-la-vida-cotidiana-comprender-gestionar-y-vivir-con\/\" \/>\n<meta property=\"og:locale\" content=\"es_ES\" \/>\n<meta property=\"og:type\" content=\"article\" \/>\n<meta property=\"og:title\" content=\"El impacto de la DMLA en la vida cotidiana: comprender, gestionar y vivir con - DYNSEO - Aplicaci\u00f3n educativa y juegos de memoria\" \/>\n<meta property=\"og:url\" content=\"https:\/\/www.dynseo.com\/es\/el-impacto-de-la-dmla-en-la-vida-cotidiana-comprender-gestionar-y-vivir-con\/\" \/>\n<meta property=\"og:site_name\" content=\"DYNSEO - Aplicaci\u00f3n educativa y juegos de memoria\" \/>\n<meta property=\"article:published_time\" content=\"2026-04-30T18:04:58+00:00\" \/>\n<meta property=\"article:modified_time\" content=\"2026-04-30T18:09:22+00:00\" \/>\n<meta property=\"og:image\" content=\"https:\/\/www.dynseo.com\/wp-content\/uploads\/2025\/09\/abcdhe-113.jpg\" \/>\n\t<meta property=\"og:image:width\" content=\"900\" \/>\n\t<meta property=\"og:image:height\" content=\"540\" \/>\n\t<meta property=\"og:image:type\" content=\"image\/jpeg\" \/>\n<meta name=\"author\" content=\"DYNSEO\" \/>\n<meta name=\"twitter:label1\" content=\"Escrito por\" \/>\n\t<meta name=\"twitter:data1\" content=\"DYNSEO\" \/>\n\t<meta name=\"twitter:label2\" content=\"Tiempo de lectura\" \/>\n\t<meta name=\"twitter:data2\" content=\"20 minutos\" \/>\n<script type=\"application\/ld+json\" class=\"yoast-schema-graph\">{\"@context\":\"https:\\\/\\\/schema.org\",\"@graph\":[{\"@type\":\"Article\",\"@id\":\"https:\\\/\\\/www.dynseo.com\\\/es\\\/el-impacto-de-la-dmla-en-la-vida-cotidiana-comprender-gestionar-y-vivir-con\\\/#article\",\"isPartOf\":{\"@id\":\"https:\\\/\\\/www.dynseo.com\\\/es\\\/el-impacto-de-la-dmla-en-la-vida-cotidiana-comprender-gestionar-y-vivir-con\\\/\"},\"author\":{\"name\":\"DYNSEO\",\"@id\":\"https:\\\/\\\/www.dynseo.com\\\/es\\\/#\\\/schema\\\/person\\\/78ef63df2ee64e0989bc68f8401b38d6\"},\"headline\":\"El impacto de la DMLA en la vida cotidiana: comprender, gestionar y vivir con\",\"datePublished\":\"2026-04-30T18:04:58+00:00\",\"dateModified\":\"2026-04-30T18:09:22+00:00\",\"mainEntityOfPage\":{\"@id\":\"https:\\\/\\\/www.dynseo.com\\\/es\\\/el-impacto-de-la-dmla-en-la-vida-cotidiana-comprender-gestionar-y-vivir-con\\\/\"},\"wordCount\":4042,\"publisher\":{\"@id\":\"https:\\\/\\\/www.dynseo.com\\\/es\\\/#organization\"},\"image\":{\"@id\":\"https:\\\/\\\/www.dynseo.com\\\/es\\\/el-impacto-de-la-dmla-en-la-vida-cotidiana-comprender-gestionar-y-vivir-con\\\/#primaryimage\"},\"thumbnailUrl\":\"https:\\\/\\\/www.dynseo.com\\\/wp-content\\\/uploads\\\/2025\\\/09\\\/abcdhe-113.jpg\",\"articleSection\":[\"Les conseils des coachs\"],\"inLanguage\":\"es\"},{\"@type\":\"WebPage\",\"@id\":\"https:\\\/\\\/www.dynseo.com\\\/es\\\/el-impacto-de-la-dmla-en-la-vida-cotidiana-comprender-gestionar-y-vivir-con\\\/\",\"url\":\"https:\\\/\\\/www.dynseo.com\\\/es\\\/el-impacto-de-la-dmla-en-la-vida-cotidiana-comprender-gestionar-y-vivir-con\\\/\",\"name\":\"El impacto de la DMLA en la vida cotidiana: comprender, gestionar y vivir con - DYNSEO - Aplicaci\u00f3n educativa y juegos de memoria\",\"isPartOf\":{\"@id\":\"https:\\\/\\\/www.dynseo.com\\\/es\\\/#website\"},\"primaryImageOfPage\":{\"@id\":\"https:\\\/\\\/www.dynseo.com\\\/es\\\/el-impacto-de-la-dmla-en-la-vida-cotidiana-comprender-gestionar-y-vivir-con\\\/#primaryimage\"},\"image\":{\"@id\":\"https:\\\/\\\/www.dynseo.com\\\/es\\\/el-impacto-de-la-dmla-en-la-vida-cotidiana-comprender-gestionar-y-vivir-con\\\/#primaryimage\"},\"thumbnailUrl\":\"https:\\\/\\\/www.dynseo.com\\\/wp-content\\\/uploads\\\/2025\\\/09\\\/abcdhe-113.jpg\",\"datePublished\":\"2026-04-30T18:04:58+00:00\",\"dateModified\":\"2026-04-30T18:09:22+00:00\",\"breadcrumb\":{\"@id\":\"https:\\\/\\\/www.dynseo.com\\\/es\\\/el-impacto-de-la-dmla-en-la-vida-cotidiana-comprender-gestionar-y-vivir-con\\\/#breadcrumb\"},\"inLanguage\":\"es\",\"potentialAction\":[{\"@type\":\"ReadAction\",\"target\":[\"https:\\\/\\\/www.dynseo.com\\\/es\\\/el-impacto-de-la-dmla-en-la-vida-cotidiana-comprender-gestionar-y-vivir-con\\\/\"]}]},{\"@type\":\"ImageObject\",\"inLanguage\":\"es\",\"@id\":\"https:\\\/\\\/www.dynseo.com\\\/es\\\/el-impacto-de-la-dmla-en-la-vida-cotidiana-comprender-gestionar-y-vivir-con\\\/#primaryimage\",\"url\":\"https:\\\/\\\/www.dynseo.com\\\/wp-content\\\/uploads\\\/2025\\\/09\\\/abcdhe-113.jpg\",\"contentUrl\":\"https:\\\/\\\/www.dynseo.com\\\/wp-content\\\/uploads\\\/2025\\\/09\\\/abcdhe-113.jpg\",\"width\":900,\"height\":540,\"caption\":\"Desaf\u00eda tu cerebro con actividades divertidas y beneficiosas\"},{\"@type\":\"BreadcrumbList\",\"@id\":\"https:\\\/\\\/www.dynseo.com\\\/es\\\/el-impacto-de-la-dmla-en-la-vida-cotidiana-comprender-gestionar-y-vivir-con\\\/#breadcrumb\",\"itemListElement\":[{\"@type\":\"ListItem\",\"position\":1,\"name\":\"Accueil\",\"item\":\"https:\\\/\\\/www.dynseo.com\\\/es\\\/\"},{\"@type\":\"ListItem\",\"position\":2,\"name\":\"El impacto de la DMLA en la vida cotidiana: comprender, gestionar y vivir con\"}]},{\"@type\":\"WebSite\",\"@id\":\"https:\\\/\\\/www.dynseo.com\\\/es\\\/#website\",\"url\":\"https:\\\/\\\/www.dynseo.com\\\/es\\\/\",\"name\":\"Jeux de m\u00e9moire et stimulation cognitive\",\"description\":\"Entra\u00eenez votre m\u00e9moire et votre cerveau avec DYNSEO\",\"publisher\":{\"@id\":\"https:\\\/\\\/www.dynseo.com\\\/es\\\/#organization\"},\"potentialAction\":[{\"@type\":\"SearchAction\",\"target\":{\"@type\":\"EntryPoint\",\"urlTemplate\":\"https:\\\/\\\/www.dynseo.com\\\/es\\\/?s={search_term_string}\"},\"query-input\":{\"@type\":\"PropertyValueSpecification\",\"valueRequired\":true,\"valueName\":\"search_term_string\"}}],\"inLanguage\":\"es\"},{\"@type\":\"Organization\",\"@id\":\"https:\\\/\\\/www.dynseo.com\\\/es\\\/#organization\",\"name\":\"DYNSEO\",\"url\":\"https:\\\/\\\/www.dynseo.com\\\/es\\\/\",\"logo\":{\"@type\":\"ImageObject\",\"inLanguage\":\"es\",\"@id\":\"https:\\\/\\\/www.dynseo.com\\\/es\\\/#\\\/schema\\\/logo\\\/image\\\/\",\"url\":\"https:\\\/\\\/www.dynseo.com\\\/wp-content\\\/uploads\\\/2022\\\/05\\\/logo-dynseo-new.png\",\"contentUrl\":\"https:\\\/\\\/www.dynseo.com\\\/wp-content\\\/uploads\\\/2022\\\/05\\\/logo-dynseo-new.png\",\"width\":5073,\"height\":1397,\"caption\":\"DYNSEO\"},\"image\":{\"@id\":\"https:\\\/\\\/www.dynseo.com\\\/es\\\/#\\\/schema\\\/logo\\\/image\\\/\"}},{\"@type\":\"Person\",\"@id\":\"https:\\\/\\\/www.dynseo.com\\\/es\\\/#\\\/schema\\\/person\\\/78ef63df2ee64e0989bc68f8401b38d6\",\"name\":\"DYNSEO\",\"url\":\"https:\\\/\\\/www.dynseo.com\\\/es\\\/author\\\/justine\\\/\"}]}<\/script>\n<!-- \/ Yoast SEO plugin. -->","yoast_head_json":{"title":"El impacto de la DMLA en la vida cotidiana: comprender, gestionar y vivir con - DYNSEO - Aplicaci\u00f3n educativa y juegos de memoria","robots":{"index":"index","follow":"follow","max-snippet":"max-snippet:-1","max-image-preview":"max-image-preview:large","max-video-preview":"max-video-preview:-1"},"canonical":"https:\/\/www.dynseo.com\/es\/el-impacto-de-la-dmla-en-la-vida-cotidiana-comprender-gestionar-y-vivir-con\/","og_locale":"es_ES","og_type":"article","og_title":"El impacto de la DMLA en la vida cotidiana: comprender, gestionar y vivir con - DYNSEO - Aplicaci\u00f3n educativa y juegos de memoria","og_url":"https:\/\/www.dynseo.com\/es\/el-impacto-de-la-dmla-en-la-vida-cotidiana-comprender-gestionar-y-vivir-con\/","og_site_name":"DYNSEO - Aplicaci\u00f3n educativa y juegos de memoria","article_published_time":"2026-04-30T18:04:58+00:00","article_modified_time":"2026-04-30T18:09:22+00:00","og_image":[{"width":900,"height":540,"url":"https:\/\/www.dynseo.com\/wp-content\/uploads\/2025\/09\/abcdhe-113.jpg","type":"image\/jpeg"}],"author":"DYNSEO","twitter_misc":{"Escrito por":"DYNSEO","Tiempo de lectura":"20 minutos"},"schema":{"@context":"https:\/\/schema.org","@graph":[{"@type":"Article","@id":"https:\/\/www.dynseo.com\/es\/el-impacto-de-la-dmla-en-la-vida-cotidiana-comprender-gestionar-y-vivir-con\/#article","isPartOf":{"@id":"https:\/\/www.dynseo.com\/es\/el-impacto-de-la-dmla-en-la-vida-cotidiana-comprender-gestionar-y-vivir-con\/"},"author":{"name":"DYNSEO","@id":"https:\/\/www.dynseo.com\/es\/#\/schema\/person\/78ef63df2ee64e0989bc68f8401b38d6"},"headline":"El impacto de la DMLA en la vida cotidiana: comprender, gestionar y vivir con","datePublished":"2026-04-30T18:04:58+00:00","dateModified":"2026-04-30T18:09:22+00:00","mainEntityOfPage":{"@id":"https:\/\/www.dynseo.com\/es\/el-impacto-de-la-dmla-en-la-vida-cotidiana-comprender-gestionar-y-vivir-con\/"},"wordCount":4042,"publisher":{"@id":"https:\/\/www.dynseo.com\/es\/#organization"},"image":{"@id":"https:\/\/www.dynseo.com\/es\/el-impacto-de-la-dmla-en-la-vida-cotidiana-comprender-gestionar-y-vivir-con\/#primaryimage"},"thumbnailUrl":"https:\/\/www.dynseo.com\/wp-content\/uploads\/2025\/09\/abcdhe-113.jpg","articleSection":["Les conseils des coachs"],"inLanguage":"es"},{"@type":"WebPage","@id":"https:\/\/www.dynseo.com\/es\/el-impacto-de-la-dmla-en-la-vida-cotidiana-comprender-gestionar-y-vivir-con\/","url":"https:\/\/www.dynseo.com\/es\/el-impacto-de-la-dmla-en-la-vida-cotidiana-comprender-gestionar-y-vivir-con\/","name":"El impacto de la DMLA en la vida cotidiana: comprender, gestionar y vivir con - DYNSEO - Aplicaci\u00f3n educativa y juegos de memoria","isPartOf":{"@id":"https:\/\/www.dynseo.com\/es\/#website"},"primaryImageOfPage":{"@id":"https:\/\/www.dynseo.com\/es\/el-impacto-de-la-dmla-en-la-vida-cotidiana-comprender-gestionar-y-vivir-con\/#primaryimage"},"image":{"@id":"https:\/\/www.dynseo.com\/es\/el-impacto-de-la-dmla-en-la-vida-cotidiana-comprender-gestionar-y-vivir-con\/#primaryimage"},"thumbnailUrl":"https:\/\/www.dynseo.com\/wp-content\/uploads\/2025\/09\/abcdhe-113.jpg","datePublished":"2026-04-30T18:04:58+00:00","dateModified":"2026-04-30T18:09:22+00:00","breadcrumb":{"@id":"https:\/\/www.dynseo.com\/es\/el-impacto-de-la-dmla-en-la-vida-cotidiana-comprender-gestionar-y-vivir-con\/#breadcrumb"},"inLanguage":"es","potentialAction":[{"@type":"ReadAction","target":["https:\/\/www.dynseo.com\/es\/el-impacto-de-la-dmla-en-la-vida-cotidiana-comprender-gestionar-y-vivir-con\/"]}]},{"@type":"ImageObject","inLanguage":"es","@id":"https:\/\/www.dynseo.com\/es\/el-impacto-de-la-dmla-en-la-vida-cotidiana-comprender-gestionar-y-vivir-con\/#primaryimage","url":"https:\/\/www.dynseo.com\/wp-content\/uploads\/2025\/09\/abcdhe-113.jpg","contentUrl":"https:\/\/www.dynseo.com\/wp-content\/uploads\/2025\/09\/abcdhe-113.jpg","width":900,"height":540,"caption":"Desaf\u00eda tu cerebro con actividades divertidas y beneficiosas"},{"@type":"BreadcrumbList","@id":"https:\/\/www.dynseo.com\/es\/el-impacto-de-la-dmla-en-la-vida-cotidiana-comprender-gestionar-y-vivir-con\/#breadcrumb","itemListElement":[{"@type":"ListItem","position":1,"name":"Accueil","item":"https:\/\/www.dynseo.com\/es\/"},{"@type":"ListItem","position":2,"name":"El impacto de la DMLA en la vida cotidiana: comprender, gestionar y vivir con"}]},{"@type":"WebSite","@id":"https:\/\/www.dynseo.com\/es\/#website","url":"https:\/\/www.dynseo.com\/es\/","name":"Jeux de m\u00e9moire et stimulation cognitive","description":"Entra\u00eenez votre m\u00e9moire et votre cerveau avec DYNSEO","publisher":{"@id":"https:\/\/www.dynseo.com\/es\/#organization"},"potentialAction":[{"@type":"SearchAction","target":{"@type":"EntryPoint","urlTemplate":"https:\/\/www.dynseo.com\/es\/?s={search_term_string}"},"query-input":{"@type":"PropertyValueSpecification","valueRequired":true,"valueName":"search_term_string"}}],"inLanguage":"es"},{"@type":"Organization","@id":"https:\/\/www.dynseo.com\/es\/#organization","name":"DYNSEO","url":"https:\/\/www.dynseo.com\/es\/","logo":{"@type":"ImageObject","inLanguage":"es","@id":"https:\/\/www.dynseo.com\/es\/#\/schema\/logo\/image\/","url":"https:\/\/www.dynseo.com\/wp-content\/uploads\/2022\/05\/logo-dynseo-new.png","contentUrl":"https:\/\/www.dynseo.com\/wp-content\/uploads\/2022\/05\/logo-dynseo-new.png","width":5073,"height":1397,"caption":"DYNSEO"},"image":{"@id":"https:\/\/www.dynseo.com\/es\/#\/schema\/logo\/image\/"}},{"@type":"Person","@id":"https:\/\/www.dynseo.com\/es\/#\/schema\/person\/78ef63df2ee64e0989bc68f8401b38d6","name":"DYNSEO","url":"https:\/\/www.dynseo.com\/es\/author\/justine\/"}]}},"_links":{"self":[{"href":"https:\/\/www.dynseo.com\/es\/wp-json\/wp\/v2\/posts\/573226","targetHints":{"allow":["GET"]}}],"collection":[{"href":"https:\/\/www.dynseo.com\/es\/wp-json\/wp\/v2\/posts"}],"about":[{"href":"https:\/\/www.dynseo.com\/es\/wp-json\/wp\/v2\/types\/post"}],"author":[{"embeddable":true,"href":"https:\/\/www.dynseo.com\/es\/wp-json\/wp\/v2\/users\/4"}],"replies":[{"embeddable":true,"href":"https:\/\/www.dynseo.com\/es\/wp-json\/wp\/v2\/comments?post=573226"}],"version-history":[{"count":14,"href":"https:\/\/www.dynseo.com\/es\/wp-json\/wp\/v2\/posts\/573226\/revisions"}],"predecessor-version":[{"id":573240,"href":"https:\/\/www.dynseo.com\/es\/wp-json\/wp\/v2\/posts\/573226\/revisions\/573240"}],"wp:featuredmedia":[{"embeddable":true,"href":"https:\/\/www.dynseo.com\/es\/wp-json\/wp\/v2\/media\/412655"}],"wp:attachment":[{"href":"https:\/\/www.dynseo.com\/es\/wp-json\/wp\/v2\/media?parent=573226"}],"wp:term":[{"taxonomy":"category","embeddable":true,"href":"https:\/\/www.dynseo.com\/es\/wp-json\/wp\/v2\/categories?post=573226"},{"taxonomy":"post_tag","embeddable":true,"href":"https:\/\/www.dynseo.com\/es\/wp-json\/wp\/v2\/tags?post=573226"}],"curies":[{"name":"wp","href":"https:\/\/api.w.org\/{rel}","templated":true}]}}