{"id":581025,"date":"2026-05-03T10:03:08","date_gmt":"2026-05-03T08:03:08","guid":{"rendered":"https:\/\/www.dynseo.com\/presbyacousie-2\/"},"modified":"2026-05-03T10:08:18","modified_gmt":"2026-05-03T08:08:18","slug":"que-es-la-presbiacusia","status":"publish","type":"post","link":"https:\/\/www.dynseo.com\/es\/que-es-la-presbiacusia\/","title":{"rendered":"\u00bfQu\u00e9 es la presbiacusia?"},"content":{"rendered":"<p>[et_pb_section fb_built=\u00bb1&#8243; _builder_version=\u00bb4.16&#8243; custom_padding=\u00bb0px|0px|0px|0px|false|false\u00bb global_colors_info=\u00bb{}\u00bb][et_pb_row _builder_version=\u00bb4.16&#8243; custom_padding=\u00bb0px|0px|0px|0px|false|false\u00bb column_structure=\u00bb4_4&#8243; global_colors_info=\u00bb{}\u00bb][et_pb_column type=\u00bb4_4&#8243; _builder_version=\u00bb4.16&#8243; custom_padding=\u00bb0px|0px|0px|0px|false|false\u00bb global_colors_info=\u00bb{}\u00bb][et_pb_code _builder_version=\u00bb4.16&#8243; custom_padding=\u00bb0px|0px|0px|0px|false|false\u00bb global_colors_info=\u00bb{}\u00bb]<!DOCTYPE html><br \/>\n<html lang=\"fr\"><br \/>\n<head><br \/>\n    <meta charset=\"UTF-8\"><br \/>\n    <meta name=\"viewport\" content=\"width=device-width, initial-scale=1.0\"><br \/>\n    <title>Qu&#8217;est-ce que la presbyacousie ? Guide complet 2026 | DYNSEO<\/title><br \/>\n    <meta name=\"description\" content=\"D\u00e9couvrez tout sur la presbyacousie : causes, sympt\u00f4mes, traitements et lien avec la m\u00e9moire. Solutions pour pr\u00e9server votre audition et vos fonctions cognitives.\">\n    <link rel=\"preconnect\" href=\"https:\/\/fonts.googleapis.com\">\n    <link rel=\"preconnect\" href=\"https:\/\/fonts.gstatic.com\" crossorigin>\n    <link href=\"https:\/\/fonts.googleapis.com\/css2?family=Montserrat:wght@400;500;600;700&#038;family=Poppins:wght@300;400;500;600&#038;display=swap\" rel=\"stylesheet\">\n<style>\n        * {\n            margin: 0;\n            padding: 0;\n            box-sizing: border-box;\n        }<\/p>\n<p>        body {\n            font-family: 'Poppins', sans-serif;\n            line-height: 1.7;\n            color: #333;\n            background-color: #f8fafc;\n        }<\/p>\n<p>        h1, h2, h3, h4, h5, h6 {\n            font-family: 'Montserrat', sans-serif;\n            font-weight: 600;\n            color: #2d3748;\n            margin-bottom: 1rem;\n        }<\/p>\n<p>        h1 {\n            font-size: 2.5rem;\n            line-height: 1.2;\n        }<\/p>\n<p>        h2 {\n            font-size: 2rem;\n            margin-top: 3rem;\n            margin-bottom: 1.5rem;\n            color: #5e5ed7;\n            border-left: 4px solid #5e5ed7;\n            padding-left: 1rem;\n        }<\/p>\n<p>        h3 {\n            font-size: 1.4rem;\n            margin-top: 2rem;\n            margin-bottom: 1rem;\n            color: #5268c9;\n        }<\/p>\n<p>        p {\n            margin-bottom: 1.2rem;\n            text-align: left;\n            hyphens: auto;\n            -webkit-hyphens: auto;\n            overflow-wrap: break-word;\n        }<\/p>\n<p>        ul, ol {\n            margin: 1.5rem 0;\n            padding-left: 1.5rem;\n        }<\/p>\n<p>        li {\n            margin-bottom: 0.5rem;\n            text-align: left;\n            hyphens: auto;\n            -webkit-hyphens: auto;\n            overflow-wrap: break-word;\n        }<\/p>\n<p>        strong {\n            color: #5e5ed7;\n            font-weight: 600;\n        }<\/p>\n<p>        .hl {\n            background: linear-gradient(120deg, #ffeca7 0%, #ffeca7 100%);\n            background-repeat: no-repeat;\n            background-size: 100% 40%;\n            background-position: 0 75%;\n            padding: 0 4px;\n            font-weight: 700;\n        }<\/p>\n<p>        .article-hero {\n            background: linear-gradient(135deg, #5e5ed7 0%, #5268c9 100%);\n            color: white;\n            padding: 2rem 0 4rem;\n            position: relative;\n            overflow: hidden;\n        }<\/p>\n<p>        .article-hero::before {\n            content: '';\n            position: absolute;\n            top: 0;\n            left: 0;\n            right: 0;\n            bottom: 0;\n            background: url('data:image\/svg+xml,<svg xmlns=\"http:\/\/www.w3.org\/2000\/svg\" viewBox=\"0 0 100 100\"><defs><pattern id=\"grid\" width=\"10\" height=\"10\" patternUnits=\"userSpaceOnUse\"><path d=\"M 10 0 L 0 0 0 10\" fill=\"none\" stroke=\"rgba(255,255,255,0.1)\" stroke-width=\"0.5\"\/><\/pattern><\/defs><rect width=\"100\" height=\"100\" fill=\"url(%23grid)\"\/><\/svg>');\n            opacity: 0.3;\n        }<\/p>\n<p>        .article-hero-inner {\n            position: relative;\n            z-index: 2;\n        }<\/p>\n<p>        .article-hero-curve {\n            position: absolute;\n            bottom: 0;\n            left: 0;\n            width: 100%;\n            height: 60px;\n            background: #f8fafc;\n            clip-path: ellipse(100% 100% at 50% 100%);\n        }<\/p>\n<p>        .article-breadcrumb {\n            font-size: 0.9rem;\n            margin-bottom: 1rem;\n            opacity: 0.9;\n        }<\/p>\n<p>        .article-breadcrumb a {\n            color: #a9e2e4;\n            text-decoration: none;\n        }<\/p>\n<p>        .article-category {\n            display: inline-block;\n            background: rgba(255, 236, 167, 0.2);\n            color: #ffeca7;\n            padding: 0.5rem 1rem;\n            border-radius: 25px;\n            font-size: 0.85rem;\n            font-weight: 500;\n            margin-bottom: 1.5rem;\n            border: 1px solid #ffeca7;\n        }<\/p>\n<p>        .article-meta {\n            display: flex;\n            flex-wrap: wrap;\n            gap: 2rem;\n            margin: 1.5rem 0;\n            font-size: 0.9rem;\n            opacity: 0.9;\n        }<\/p>\n<p>        .article-meta-item {\n            display: flex;\n            align-items: center;\n            gap: 0.5rem;\n        }<\/p>\n<p>        .stars {\n            color: #ffeca7;\n            font-size: 1.2rem;\n            margin-left: 0.5rem;\n        }<\/p>\n<p>        .article-body {\n            background: white;\n            position: relative;\n            z-index: 3;\n            margin-top: -2rem;\n            border-radius: 2rem 2rem 0 0;\n            box-shadow: 0 -10px 25px rgba(0,0,0,0.1);\n        }<\/p>\n<p>        .container {\n            max-width: 1200px;\n            margin: 0 auto;\n            padding: 3rem 20px;\n        }<\/p>\n<p>        .intro-block {\n            background: linear-gradient(135deg, #f8fafc 0%, #e2e8f0 100%);\n            padding: 2.5rem;\n            border-radius: 16px;\n            margin: 2rem 0;\n            border-left: 5px solid #5e5ed7;\n            box-shadow: 0 4px 15px rgba(94, 94, 215, 0.1);\n        }<\/p>\n<p>        .stats-grid {\n            display: grid;\n            grid-template-columns: repeat(auto-fit, minmax(250px, 1fr));\n            gap: 2rem;\n            margin: 3rem 0;\n        }<\/p>\n<p>        .stat-card {\n            background: white;\n            padding: 2rem;\n            border-radius: 16px;\n            text-align: center;\n            box-shadow: 0 4px 15px rgba(0,0,0,0.1);\n            border-top: 4px solid #5e5ed7;\n            transition: transform 0.3s ease, box-shadow 0.3s ease;\n        }<\/p>\n<p>        .stat-card:hover {\n            transform: translateY(-5px);\n            box-shadow: 0 8px 25px rgba(94, 94, 215, 0.2);\n        }<\/p>\n<p>        .stat-card .number {\n            font-size: 3rem;\n            font-weight: 700;\n            color: #5e5ed7;\n            display: block;\n            margin-bottom: 0.5rem;\n            font-family: 'Montserrat', sans-serif;\n        }<\/p>\n<p>        .stat-card .label {\n            font-size: 1rem;\n            color: #64748b;\n            font-weight: 500;\n        }<\/p>\n<p>        .conseil-card {\n            background: linear-gradient(135deg, #a9e2e4 0%, #7dd3fc 100%);\n            padding: 2rem;\n            border-radius: 16px;\n            margin: 2rem 0;\n            color: #0f172a;\n            position: relative;\n            overflow: hidden;\n        }<\/p>\n<p>        .conseil-card::before {\n            content: '\ud83d\udca1';\n            position: absolute;\n            top: 1rem;\n            right: 1rem;\n            font-size: 2rem;\n            opacity: 0.7;\n        }<\/p>\n<p>        .key-points {\n            background: #f1f5f9;\n            padding: 2rem;\n            border-radius: 16px;\n            margin: 2rem 0;\n            border-left: 4px solid #e73469;\n        }<\/p>\n<p>        .key-points h3 {\n            color: #e73469;\n            margin-bottom: 1rem;\n        }<\/p>\n<p>        .tip-box {\n            background: linear-gradient(135deg, #ffeca7 0%, #fbbf24 100%);\n            padding: 2rem;\n            border-radius: 16px;\n            margin: 2rem 0;\n            position: relative;\n            color: #1f2937;\n        }<\/p>\n<p>        .tip-box-label {\n            font-weight: 700;\n            font-size: 1.1rem;\n            color: #92400e;\n            margin-bottom: 1rem;\n            display: flex;\n            align-items: center;\n            gap: 0.5rem;\n        }<\/p>\n<p>        .tip-box-label::before {\n            content: '\u26a1';\n            font-size: 1.2rem;\n        }<\/p>\n<p>        .expert-box {\n            background: linear-gradient(135deg, #5e5ed7 0%, #5268c9 100%);\n            color: white;\n            padding: 2.5rem;\n            border-radius: 16px;\n            margin: 3rem 0;\n            position: relative;\n            overflow: hidden;\n        }<\/p>\n<p>        .expert-box::before {\n            content: '';\n            position: absolute;\n            top: -50%;\n            right: -50%;\n            width: 100%;\n            height: 100%;\n            background: radial-gradient(circle, rgba(255,255,255,0.1) 0%, transparent 70%);\n        }<\/p>\n<p>        .expert-box-label {\n            font-size: 0.9rem;\n            opacity: 0.9;\n            margin-bottom: 0.5rem;\n            text-transform: uppercase;\n            letter-spacing: 0.5px;\n            font-weight: 500;\n        }<\/p>\n<p>        .expert-box-title {\n            font-size: 1.3rem;\n            font-weight: 700;\n            margin-bottom: 1rem;\n            color: #ffeca7;\n        }<\/p>\n<p>        .expert-inner {\n            background: rgba(255, 255, 255, 0.1);\n            padding: 1.5rem;\n            border-radius: 12px;\n            margin-top: 1rem;\n            border-left: 3px solid #ffeca7;\n        }<\/p>\n<p>        .expert-inner-title {\n            font-size: 1.1rem;\n            color: #a9e2e4;\n            margin-bottom: 0.8rem;\n            font-weight: 600;\n        }<\/p>\n<p>        .faq-list {\n            margin: 3rem 0;\n        }<\/p>\n<p>        .faq-item {\n            background: white;\n            border-radius: 12px;\n            margin-bottom: 1rem;\n            box-shadow: 0 2px 10px rgba(0,0,0,0.1);\n            overflow: hidden;\n            transition: all 0.3s ease;\n        }<\/p>\n<p>        .faq-item.open {\n            box-shadow: 0 4px 20px rgba(94, 94, 215, 0.15);\n        }<\/p>\n<p>        .faq-q {\n            padding: 1.5rem 2rem;\n            cursor: pointer;\n            display: flex;\n            justify-content: space-between;\n            align-items: center;\n            background: #f8fafc;\n            font-weight: 600;\n            color: #2d3748;\n            transition: background-color 0.3s ease;\n        }<\/p>\n<p>        .faq-q:hover {\n            background: #e2e8f0;\n        }<\/p>\n<p>        .faq-icon {\n            font-size: 1.2rem;\n            color: #5e5ed7;\n            font-weight: bold;\n            transition: transform 0.3s ease;\n        }<\/p>\n<p>        .faq-item.open .faq-icon {\n            transform: rotate(45deg);\n        }<\/p>\n<p>        .faq-a {\n            padding: 0 2rem;\n            max-height: 0;\n            overflow: hidden;\n            transition: max-height 0.3s ease, padding 0.3s ease;\n        }<\/p>\n<p>        .faq-item.open .faq-a {\n            padding: 1.5rem 2rem;\n            max-height: 1000px;\n        }<\/p>\n<p>        .cta-box {\n            background: linear-gradient(135deg, #e73469 0%, #be185d 100%);\n            color: white;\n            padding: 3rem 2rem;\n            border-radius: 20px;\n            text-align: center;\n            margin: 4rem 0;\n            position: relative;\n            overflow: hidden;\n        }<\/p>\n<p>        .cta-box::before {\n            content: '';\n            position: absolute;\n            top: 0;\n            left: 0;\n            right: 0;\n            bottom: 0;\n            background: url('data:image\/svg+xml,<svg xmlns=\"http:\/\/www.w3.org\/2000\/svg\" viewBox=\"0 0 100 100\"><circle cx=\"50\" cy=\"50\" r=\"2\" fill=\"rgba(255,255,255,0.1)\"\/><\/svg>') repeat;\n            opacity: 0.3;\n        }<\/p>\n<p>        .cta-box h3 {\n            color: white;\n            font-size: 1.8rem;\n            margin-bottom: 1rem;\n        }<\/p>\n<p>        .cta-buttons {\n            display: flex;\n            gap: 1rem;\n            justify-content: center;\n            flex-wrap: wrap;\n            margin-top: 2rem;\n        }<\/p>\n<p>        .btn-white {\n            background: white;\n            color: #e73469;\n            padding: 1rem 2rem;\n            border-radius: 50px;\n            text-decoration: none;\n            font-weight: 600;\n            transition: all 0.3s ease;\n            box-shadow: 0 4px 15px rgba(255,255,255,0.2);\n        }<\/p>\n<p>        .btn-white:hover {\n            transform: translateY(-2px);\n            box-shadow: 0 6px 20px rgba(255,255,255,0.3);\n        }<\/p>\n<p>        .btn-outline {\n            background: transparent;\n            color: white;\n            padding: 1rem 2rem;\n            border: 2px solid white;\n            border-radius: 50px;\n            text-decoration: none;\n            font-weight: 600;\n            transition: all 0.3s ease;\n        }<\/p>\n<p>        .btn-outline:hover {\n            background: white;\n            color: #e73469;\n        }<\/p>\n<p>        .article-tags {\n            display: flex;\n            flex-wrap: wrap;\n            gap: 1rem;\n            margin-top: 3rem;\n            padding-top: 2rem;\n            border-top: 1px solid #e2e8f0;\n        }<\/p>\n<p>        .article-tag {\n            background: #f1f5f9;\n            color: #5e5ed7;\n            padding: 0.5rem 1rem;\n            border-radius: 25px;\n            text-decoration: none;\n            font-size: 0.9rem;\n            font-weight: 500;\n            transition: all 0.3s ease;\n        }<\/p>\n<p>        .article-tag:hover {\n            background: #5e5ed7;\n            color: white;\n            transform: translateY(-2px);\n        }<\/p>\n<p>        @media (min-width: 769px) {\n            p, li {\n                text-align: justify;\n                word-spacing: 0.1em;\n            }\n        }<\/p>\n<p>        @media (max-width: 768px) {\n            p, li {\n                text-align: left !important;\n                word-spacing: normal !important;\n                hyphens: auto;\n            }<\/p>\n<p>            .container {\n                padding: 12px !important;\n            }<\/p>\n<p>            .intro-block, .conseil-card, .tip-box, .expert-box, .key-points, .faq-item, .stat-card, .cta-box {\n                padding: 18px 16px !important;\n                margin-left: 0 !important;\n                margin-right: 0 !important;\n            }<\/p>\n<p>            .stats-grid {\n                grid-template-columns: 1fr !important;\n            }<\/p>\n<p>            .article-hero h1 {\n                font-size: 1.6rem !important;\n                line-height: 1.3 !important;\n            }<\/p>\n<p>            h2 {\n                font-size: 1.5rem !important;\n            }<\/p>\n<p>            .article-meta {\n                flex-direction: column;\n                gap: 1rem;\n            }<\/p>\n<p>            .cta-buttons {\n                flex-direction: column;\n                align-items: center;\n            }<\/p>\n<p>            .btn-white, .btn-outline {\n                width: 100%;\n                max-width: 300px;\n                text-align: center;\n            }\n        }<\/p>\n<p>        @media (max-width: 400px) {\n            .container {\n                padding: 8px !important;\n            }<\/p>\n<p>            .article-hero h1 {\n                font-size: 1.4rem !important;\n            }<\/p>\n<p>            h2 {\n                font-size: 1.3rem !important;\n            }<\/p>\n<p>            .intro-block, .conseil-card, .tip-box, .expert-box, .key-points, .faq-item, .stat-card, .cta-box {\n                padding: 15px 12px !important;\n                margin: 1rem 0 !important;\n            }\n        }<\/p>\n<style>\n\/* DAG-RESPONSIVE-FIX *\/\n@media (max-width: 768px) {\n  p, li { text-align: left !important; word-spacing: normal !important; hyphens: auto; -webkit-hyphens: auto; overflow-wrap: break-word; }\n  .container { padding: 12px !important; }\n  .intro-block, .conseil-card, .tip-box, .expert-box,\n  .key-points, .faq-item, .stat-card, .cta-box {\n    padding: 18px 16px !important;\n    margin-left: 0 !important;\n    margin-right: 0 !important;\n  }\n  .stats-grid { grid-template-columns: 1fr !important; }\n  .article-hero h1 { font-size: 1.6rem !important; line-height: 1.3 !important; }\n  h2 { font-size: 1.5rem !important; }\n  .cta-buttons { flex-direction: column !important; }\n  .article-hero-inner { padding: 30px 16px !important; }\n}\n@media (max-width: 400px) {\n  p, li { font-size: 15px !important; line-height: 1.6 !important; }\n  .container { padding: 8px !important; }\n  .intro-block, .conseil-card, .tip-box, .expert-box,\n  .key-points, .faq-item, .stat-card, .cta-box {\n    padding: 14px 12px !important;\n  }\n  .article-hero h1 { font-size: 1.4rem !important; }\n  h2 { font-size: 1.3rem !important; }\n  .stat-card .number { font-size: 28px !important; }\n}\n<\/style>\n<\/style>\n<p><\/head><\/p>\n<p><body><\/p>\n<section class=\"article-hero\">\n<div class=\"container\">\n<div class=\"article-hero-inner\">\n<nav class=\"article-breadcrumb\">\n                    <a href=\"https:\/\/www.dynseo.com\/es\/\">Inicio<\/a> ><br \/>\n                    <a href=\"https:\/\/www.dynseo.com\/sante\/\">Salud<\/a> ><br \/>\n                    Presbiacusia<br \/>\n                <\/nav>\n<div class=\"article-category\">\ud83c\udfa7 Salud Auditiva<\/div>\n<h1>\n                    \u00bfQu\u00e9 es la <span class=\"hl\">presbiacusia<\/span>? Gu\u00eda completa para comprender y tratar esta p\u00e9rdida auditiva relacionada con la edad<br \/>\n                <\/h1>\n<div class=\"article-meta\">\n<div class=\"article-meta-item\">\n                        <span>\ud83d\udcc5<\/span> Abril 2026\n                    <\/div>\n<div class=\"article-meta-item\">\n                        <span>\u23f1\ufe0f<\/span> 12 min de lectura\n                    <\/div>\n<div class=\"article-meta-item\">\n                        <span>\ud83d\udc65<\/span> Mayores, Cuidadores, Profesionales\n                    <\/div>\n<div class=\"article-meta-item\">\n                        <span>\u2b50<\/span> 4.8\/5<br \/>\n                        <span class=\"stars\">\u2605\u2605\u2605\u2605\u2605<\/span>\n                    <\/div>\n<\/p><\/div>\n<\/p><\/div>\n<\/p><\/div>\n<div class=\"article-hero-curve\"><\/div>\n<\/section>\n<div class=\"article-body\">\n<div class=\"container\">\n<div class=\"intro-block\">\n                <pee><strong>\u00bfNota una ligera disminuci\u00f3n de la audici\u00f3n en su ser querido mayor?<\/strong> Habla m\u00e1s alto, pide que se repitan las palabras, ya no participa activamente en las discusiones en grupo y carece de reactividad cuando se le habla? Su ser querido puede estar sufriendo de presbiacusia, una p\u00e9rdida de la audici\u00f3n naturalmente relacionada con el envejecimiento.<\/pee>\n<pee>La presbiacusia afecta progresivamente a la mayor\u00eda de las personas mayores de 65 a\u00f1os y representa un desaf\u00edo importante para el mantenimiento de la calidad de vida y los lazos sociales. Esta condici\u00f3n, aunque normal con la edad, puede tener impactos significativos en la memoria, las funciones cognitivas y el bienestar psicol\u00f3gico.<\/pee>\n<pee>En esta gu\u00eda completa, exploramos en detalle las causas, s\u00edntomas, tratamientos y soluciones para acompa\u00f1ar de la mejor manera a las personas afectadas por esta evoluci\u00f3n auditiva. Descubra tambi\u00e9n el v\u00ednculo crucial entre audici\u00f3n y memoria, as\u00ed como las \u00faltimas innovaciones tecnol\u00f3gicas que est\u00e1n revolucionando el tratamiento de la presbiacusia.<\/pee>\n            <\/div>\n<div class=\"stats-grid\">\n<div class=\"stat-card\">\n                    <span class=\"number\">65%<\/span><br \/>\n                    <span class=\"label\">de los mayores de 65 a\u00f1os est\u00e1n afectados por la presbiacusia<\/span>\n                <\/div>\n<div class=\"stat-card\">\n                    <span class=\"number\">15-20<\/span><br \/>\n                    <span class=\"label\">decibelios de p\u00e9rdida en promedio despu\u00e9s de los 70 a\u00f1os<\/span>\n                <\/div>\n<div class=\"stat-card\">\n                    <span class=\"number\">80%<\/span><br \/>\n                    <span class=\"label\">de mejora con un aparato auditivo adecuado<\/span>\n                <\/div>\n<div class=\"stat-card\">\n                    <span class=\"number\">3x<\/span><br \/>\n                    <span class=\"label\">m\u00e1s riesgos de declive cognitivo sin tratamiento<\/span>\n                <\/div>\n<\/p><\/div>\n<h2>1. Las principales caracter\u00edsticas de la presbiacusia<\/h2>\n<pee>La presbiacusia se define como una <strong>forma de sordera bilateral progresiva<\/strong> que aparece principalmente en personas de 50 a\u00f1os o m\u00e1s. Esta condici\u00f3n representa la evoluci\u00f3n natural de nuestro sistema auditivo frente al envejecimiento, afectando inicialmente las frecuencias agudas antes de extenderse progresivamente hacia los sonidos graves.<\/pee>\n<pee>Esta patolog\u00eda resulta de la degeneraci\u00f3n progresiva de las c\u00e9lulas ciliadas del o\u00eddo interno, estructuras microsc\u00f3picas esenciales para la transformaci\u00f3n de las vibraciones sonoras en se\u00f1ales el\u00e9ctricas interpretables por el cerebro. A diferencia de lo que se suele pensar, la presbiacusia no se limita \u00fanicamente a una disminuci\u00f3n del volumen sonoro percibido, sino que tambi\u00e9n afecta la calidad y la comprensi\u00f3n de los sonidos.<\/pee>\n<pee>El proceso de degradaci\u00f3n auditiva relacionado con la edad generalmente se acompa\u00f1a de una alteraci\u00f3n de la discriminaci\u00f3n frecuencial, dificultando particularmente la percepci\u00f3n de las consonantes fricativas y silbantes como los sonidos \u00abs\u00bb, \u00abf\u00bb, \u00abch\u00bb o \u00abt\u00bb. Esta particularidad explica por qu\u00e9 las personas afectadas oyen pero no siempre comprenden lo que se les dice.<\/pee>\n<div class=\"conseil-card\">\n<h3>Mecanismo de la presbiacusia<\/h3>\n<pee>La presbiacusia resulta de varios factores combinados: desgaste de las c\u00e9lulas ciliadas, disminuci\u00f3n de la elasticidad del t\u00edmpano, degeneraci\u00f3n del nervio auditivo y modificaciones de la transmisi\u00f3n nerviosa hacia el cerebro. Estos cambios fisiol\u00f3gicos se acumulan progresivamente, creando una p\u00e9rdida auditiva caracter\u00edstica.<\/pee>\n            <\/div>\n<h3>Las zonas anat\u00f3micas afectadas<\/h3>\n<pee>La presbiacusia afecta varios componentes del aparato auditivo de manera diferencial. La oreja externa generalmente se conserva, pero la oreja media puede presentar una rigidificaci\u00f3n de los huesecillos, reduciendo la eficacia de la transmisi\u00f3n mec\u00e1nica de las vibraciones. Sin embargo, es la oreja interna la que sufre las modificaciones m\u00e1s importantes.<\/pee>\n<pee>A nivel de la c\u00f3clea, las c\u00e9lulas ciliadas situadas en la parte basal, responsables de la percepci\u00f3n de las altas frecuencias, son las primeras afectadas. Esta localizaci\u00f3n explica por qu\u00e9 la p\u00e9rdida auditiva comienza t\u00edpicamente con los sonidos agudos. Paralelamente, las fibras nerviosas del nervio auditivo tambi\u00e9n pueden degenerar, comprometiendo la transmisi\u00f3n de la informaci\u00f3n hacia los centros auditivos cerebrales.<\/pee>\n<div class=\"expert-box\">\n<div class=\"expert-box-label\">EXPERTISE DYNSEO<\/div>\n<div class=\"expert-box-title\">V\u00ednculo entre presbiacusia y cognici\u00f3n<\/div>\n<pee>Nuestras investigaciones en neurociencias confirman que la presbiacusia no tratada acelera el declive cognitivo. La privaci\u00f3n sensorial auditiva obliga al cerebro a compensar solicitando m\u00e1s las \u00e1reas cognitivas, reduciendo los recursos disponibles para otras funciones como la memoria y la atenci\u00f3n.<\/pee>\n<div class=\"expert-inner\">\n<div class=\"expert-inner-title\">Impacto en la neuroplasticidad<\/div>\n<pee>El entrenamiento cognitivo con <a href=\"https:\/\/www.dynseo.com\/es\/coco-piensa-y-coco-se-mueve-software-educativo\/\" style=\"color: #ffeca7;\">COCO PIENSA y COCO SE MUEVE<\/a> puede ayudar a mantener la plasticidad cerebral a pesar de los d\u00e9ficits auditivos, estimulando las conexiones neuronales a trav\u00e9s de otras v\u00edas sensoriales.<\/pee>\n                <\/div>\n<\/p><\/div>\n<h2>2. C\u00f3mo se manifiesta la presbiacusia: reconocer los primeros signos<\/h2>\n<pee>La presbiacusia generalmente se instala de manera insidiosa, haciendo que su detecci\u00f3n temprana a veces sea dif\u00edcil. Los primeros s\u00edntomas a menudo aparecen en situaciones de escucha complejas, como entornos ruidosos o durante conversaciones en grupo, antes de extenderse progresivamente a contextos m\u00e1s simples.<\/pee>\n<pee>La caracter\u00edstica principal de esta condici\u00f3n radica en la <strong>dificultad creciente para distinguir los sonidos agudos<\/strong>, traduci\u00e9ndose en una comprensi\u00f3n frecuente de ciertas palabras a pesar de un volumen sonoro aparentemente suficiente. Las personas afectadas a menudo describen una sensaci\u00f3n de audici\u00f3n \u00abahogada\u00bb o \u00abvelada\u00bb, particularmente marcada en entornos ac\u00fasticamente desfavorables.<\/pee>\n<pee>La evoluci\u00f3n de la presbiacusia generalmente sigue un patr\u00f3n predecible, comenzando con una molestia ocasional durante conversaciones en grupo para progresar hacia dificultades en situaciones de escucha que, sin embargo, son simples. Esta progresi\u00f3n gradual explica por qu\u00e9 muchas personas se adaptan inconscientemente a su p\u00e9rdida auditiva, a veces retrasando la atenci\u00f3n \u00f3ptima.<\/pee>\n<div class=\"key-points\">\n<h3>Se\u00f1ales de alarma a vigilar<\/h3>\n<ul>\n<li><strong>Aumento del volumen:<\/strong> Televisi\u00f3n, radio y tel\u00e9fono ajustados cada vez m\u00e1s alto<\/li>\n<li><strong>Solicitudes de repetici\u00f3n:<\/strong> Solicitudes frecuentes para que los interlocutores repitan<\/li>\n<li><strong>Fatiga auditiva:<\/strong> Agotamiento despu\u00e9s de conversaciones prolongadas<\/li>\n<li><strong>Evitar situaciones sociales:<\/strong> Tendencia a evitar situaciones de grupo<\/li>\n<li><strong>Incomprensi\u00f3n selectiva:<\/strong> Dificultad con ciertos sonidos espec\u00edficos<\/li>\n<\/ul><\/div>\n<h3>Aumento del volumen y modificaciones conductuales<\/h3>\n<pee>Uno de los primeros indicadores observables de la presbiacusia se refiere a las modificaciones progresivas de los h\u00e1bitos de escucha. Las personas afectadas aumentan instintivamente el volumen de sus dispositivos electr\u00f3nicos, creando a veces incomodidades para su entorno. Esta compensaci\u00f3n autom\u00e1tica revela una adaptaci\u00f3n inconsciente a la disminuci\u00f3n de la sensibilidad auditiva.<\/pee>\n<pee>Paralelamente, se observa frecuentemente una modificaci\u00f3n de la intensidad vocal, las personas presbiac\u00fasicas tienden a hablar m\u00e1s alto que antes. Este fen\u00f3meno, llamado efecto Lombard, resulta de un mecanismo de retrocontrol auditivo perturbado: al no percibir correctamente su propia voz, la amplifican naturalmente para mantener una sensaci\u00f3n de audici\u00f3n normal.<\/pee>\n<div class=\"tip-box\">\n<div class=\"tip-box-label\">Consejo pr\u00e1ctico<\/div>\n<pee>Supervise los cambios sutiles en los h\u00e1bitos diarios: un televisor m\u00e1s fuerte, solicitudes de repetici\u00f3n m\u00e1s frecuentes, o una tendencia a posicionarse m\u00e1s cerca de las fuentes sonoras pueden se\u00f1alar el inicio de una presbiacusia.<\/pee>\n            <\/div>\n<h3>Dificultades de comunicaci\u00f3n e impacto social<\/h3>\n<pee>Las repeticiones frecuentes constituyen un marcador caracter\u00edstico de la presbiacusia naciente. Las personas afectadas a menudo oyen las voces pero tienen dificultades para distinguir las palabras, particularmente en entornos con una reverberaci\u00f3n importante o un ruido de fondo. Esta dificultad se explica por la p\u00e9rdida selectiva de las altas frecuencias, esenciales para la comprensi\u00f3n de las consonantes.<\/pee>\n<pee>El impacto en la participaci\u00f3n social se vuelve r\u00e1pidamente notable. Las discusiones en grupo, que requieren una atenci\u00f3n auditiva sostenida y una capacidad para filtrar m\u00faltiples fuentes sonoras simult\u00e1neamente, se vuelven progresivamente agotadoras. Esta fatiga auditiva empuja naturalmente a un retiro de situaciones sociales complejas, lo que puede conducir a un aislamiento progresivo si la condici\u00f3n no es atendida.<\/pee>\n<h3>Manifestaci\u00f3n de los ac\u00fafenos asociados<\/h3>\n<pee>Los ac\u00fafenos, percibidos como zumbidos, silbidos o tintineos fantasma, acompa\u00f1an frecuentemente a la presbiacusia. Estos sonidos par\u00e1sitos resultan generalmente de una hiperactividad compensatoria del sistema nervioso auditivo ante la disminuci\u00f3n de la informaci\u00f3n sensorial perif\u00e9rica. Su intensidad var\u00eda seg\u00fan los individuos y puede acentuarse en entornos silenciosos.<\/pee>\n<pee>La presencia de ac\u00fafenos a menudo complica la adaptaci\u00f3n a la p\u00e9rdida auditiva, creando una molestia adicional particularmente notable durante los per\u00edodos de descanso o concentraci\u00f3n. Su atenci\u00f3n generalmente requiere un enfoque multidisciplinario que combine soluciones auditivas y t\u00e9cnicas de manejo del estr\u00e9s.<\/pee>\n<h2>3. C\u00f3mo comunicarse eficazmente con una persona presbiac\u00fasica<\/h2>\n<pee>La comunicaci\u00f3n con una persona afectada de presbiacusia requiere adaptaciones espec\u00edficas que faciliten la comprensi\u00f3n mientras se preserva la dignidad y la autonom\u00eda del interlocutor. Estos ajustes, lejos de ser una carga, permiten mejorar significativamente la calidad de los intercambios y mantener relaciones sociales enriquecedoras.<\/pee>\n<pee>La eficacia comunicativa se basa en la comprensi\u00f3n de los mecanismos subyacentes a la presbiacusia. Sabiendo que la p\u00e9rdida auditiva afecta principalmente a las altas frecuencias, las estrategias de comunicaci\u00f3n deben privilegiar la claridad articulatoria y la optimizaci\u00f3n del entorno ac\u00fastico en lugar de la simple aumento del volumen vocal.<\/pee>\n<div class=\"conseil-card\">\n<h3>Principios de comunicaci\u00f3n adaptada<\/h3>\n<pee><strong>Frente a frente:<\/strong> Col\u00f3quese siempre frente a la persona para permitir la lectura labial. <strong>Articulaci\u00f3n clara:<\/strong> Hable de manera distinta sin exagerar. <strong>Ritmo adaptado:<\/strong> Reduzca ligeramente su velocidad de habla. <strong>Entorno \u00f3ptimo:<\/strong> Elimine los ruidos de fondo molestos.<\/pee>\n            <\/div>\n<h3>T\u00e9cnicas vocales y articulatorias<\/h3>\n<pee>La adaptaci\u00f3n de la voz no consiste simplemente en hablar m\u00e1s alto, sino m\u00e1s bien en <strong>optimizar la calidad y claridad de la emisi\u00f3n vocal<\/strong>. Una articulaci\u00f3n clara, sin exageraci\u00f3n, permite una mejor percepci\u00f3n de las consonantes esenciales para la comprensi\u00f3n. Mantener un ritmo de habla ligeramente m\u00e1s lento deja tiempo al cerebro para procesar la informaci\u00f3n auditiva incompleta.<\/pee>\n<pee>La modulaci\u00f3n de la voz tambi\u00e9n juega un papel crucial. Las variaciones de entonaci\u00f3n y la acentuaci\u00f3n de las palabras clave facilitan la comprensi\u00f3n global del mensaje. Sin embargo, se deben evitar cambios de volumen demasiado bruscos que pueden crear incomodidad auditiva en las personas que usan aud\u00edfonos.<\/pee>\n<h3>Optimizaci\u00f3n del entorno ac\u00fastico<\/h3>\n<pee>El entorno de escucha influye considerablemente en la calidad de la comunicaci\u00f3n. La reducci\u00f3n de las fuentes de ruido concurrente &#8211; televisi\u00f3n, radio, conversaciones paralelas &#8211; mejora significativamente las condiciones de escucha. La iluminaci\u00f3n del rostro del interlocutor facilita la lectura labial, t\u00e9cnica desarrollada espont\u00e1neamente por muchas personas con presbiacusia.<\/pee>\n<pee>La elecci\u00f3n del lugar de conversaci\u00f3n tiene una importancia particular. Los espacios que presentan una ac\u00fastica favorable &#8211; baja reverberaci\u00f3n, ausencia de eco &#8211; optimizan la transmisi\u00f3n del mensaje vocal. Los restaurantes ruidosos o los grandes almacenes constituyen entornos particularmente desfavorables para una comunicaci\u00f3n efectiva.<\/pee>\n<div class=\"expert-box\">\n<div class=\"expert-box-label\">ESTRATEGIAS AVANZADAS<\/div>\n<div class=\"expert-box-title\">Comunicaci\u00f3n multimodal<\/div>\n<pee>El enfoque DYNSEO prioriza una comunicaci\u00f3n multimodal que combina se\u00f1ales auditivas, visuales y contextuales. Este m\u00e9todo utiliza varias v\u00edas sensoriales, compensando los d\u00e9ficits auditivos mediante el refuerzo de otros canales perceptivos.<\/pee>\n<div class=\"expert-inner\">\n<div class=\"expert-inner-title\">Herramientas digitales de ayuda a la comunicaci\u00f3n<\/div>\n<pee>Las aplicaciones <a href=\"https:\/\/www.dynseo.com\/es\/coco-piensa-y-coco-se-mueve-software-educativo\/\" style=\"color: #ffeca7;\">COCO<\/a> incluyen ejercicios de discriminaci\u00f3n auditiva que refuerzan las capacidades de escucha residuales y facilitan la adaptaci\u00f3n a las ayudas auditivas.<\/pee>\n                <\/div>\n<\/p><\/div>\n<h3>Paciencia y benevolencia en los intercambios<\/h3>\n<pee>La dimensi\u00f3n psicol\u00f3gica de la comunicaci\u00f3n no debe ser descuidada. Las personas presbiac\u00fasicas a menudo desarrollan una ansiedad relacionada con las dificultades de comprensi\u00f3n, particularmente en situaciones sociales nuevas. Una actitud paciente y benevolente favorece un clima de confianza propicio para los intercambios.<\/pee>\n<pee>Es esencial evitar las manifestaciones de impaciencia o frustraci\u00f3n ante las solicitudes repetidas de aclaraci\u00f3n. Estas reacciones pueden llevar a la persona a replegarse sobre s\u00ed misma y a evitar las situaciones de comunicaci\u00f3n, acelerando el aislamiento social a menudo asociado a la presbiacusia no compensada.<\/pee>\n<h2>4. Estrategias de prevenci\u00f3n y mantenimiento de la salud auditiva<\/h2>\n<pee>Aunque la presbiacusia constituye un fen\u00f3meno natural relacionado con el envejecimiento, algunas estrategias preventivas pueden ralentizar su progresi\u00f3n y preservar el capital auditivo. Estos enfoques, idealmente implementados desde la edad adulta, buscan limitar los factores de riesgo modificables mientras optimizan las condiciones de funcionamiento del sistema auditivo.<\/pee>\n<pee>La prevenci\u00f3n de la presbiacusia se basa en un enfoque global que integra protecci\u00f3n auditiva, higiene de vida y estimulaci\u00f3n sensorial regular. A diferencia de las c\u00e9lulas ciliadas destruidas que no se regeneran, los mecanismos preventivos act\u00faan principalmente preservando las estructuras a\u00fan funcionales y optimizando su rendimiento.<\/pee>\n<h3>Entrenamientos auditivos y estimulaci\u00f3n sensorial<\/h3>\n<pee>Los <strong>ejercicios de entrenamiento auditivo<\/strong> constituyen un enfoque preventivo prometedor para mantener las capacidades de discriminaci\u00f3n sonora. Estos programas, disponibles en forma de aplicaciones m\u00f3viles o durante sesiones supervisadas, solicitan activamente las v\u00edas auditivas centrales y pueden mejorar el rendimiento de escucha incluso en presencia de una p\u00e9rdida auditiva perif\u00e9rica.<\/pee>\n<pee>La participaci\u00f3n regular en actividades sociales que impliquen la escucha &#8211; conversaciones, conferencias, espect\u00e1culos &#8211; mantiene la plasticidad de los circuitos neuronales auditivos. Esta estimulaci\u00f3n natural favorece la adaptaci\u00f3n del cerebro a las modificaciones progresivas de la entrada sensorial perif\u00e9rica, retrasando la aparici\u00f3n de las dificultades funcionales.<\/pee>\n<div class=\"tip-box\">\n<div class=\"tip-box-label\">Programa de entrenamiento diario<\/div>\n<pee>Dedique 10-15 minutos al d\u00eda a ejercicios de escucha activa: m\u00fasica con atenci\u00f3n a los diferentes instrumentos, podcasts en un entorno ligeramente ruidoso, o ejercicios de discriminaci\u00f3n de sonidos propuestos por <a href=\"https:\/\/www.dynseo.com\/es\/coco-piensa-y-coco-se-mueve-software-educativo\/\" style=\"color: #92400e;\">COCO PIENSA y COCO SE MUEVE<\/a>.<\/pee>\n            <\/div>\n<h3>Higiene de vida y factores protectores<\/h3>\n<pee>La adopci\u00f3n de una higiene de vida favorable a la salud cardiovascular tambi\u00e9n beneficia al sistema auditivo. El o\u00eddo interno, ricamente vascularizado, depende de un aporte sangu\u00edneo \u00f3ptimo para mantener sus funciones. Las actividades f\u00edsicas regulares, particularmente los ejercicios de resistencia moderada, mejoran la microcirculaci\u00f3n coclear.<\/pee>\n<pee>La alimentaci\u00f3n juega un papel preventivo importante. Los nutrientes antioxidantes &#8211; vitaminas C y E, beta-caroteno &#8211; protegen las c\u00e9lulas ciliadas del estr\u00e9s oxidativo. Los \u00e1cidos grasos omega-3, presentes en los pescados grasos, ejercen un efecto neuroprotector sobre las v\u00edas auditivas. En cambio, el consumo excesivo de alcohol y el tabaquismo aceleran la degeneraci\u00f3n auditiva.<\/pee>\n<div class=\"key-points\">\n<h3>Factores nutricionales protectores<\/h3>\n<ul>\n<li><strong>Vitaminas B :<\/strong> B6, B12 y folatos para la funci\u00f3n nerviosa<\/li>\n<li><strong>Antioxidantes :<\/strong> Protecci\u00f3n contra los radicales libres<\/li>\n<li><strong>Magnesio :<\/strong> Prevenci\u00f3n de da\u00f1os relacionados con el ruido<\/li>\n<li><strong>Zinc :<\/strong> Mantenimiento de la funci\u00f3n inmune y auditiva<\/li>\n<li><strong>Omega-3 :<\/strong> Neuroprotecci\u00f3n y antiinflamaci\u00f3n<\/li>\n<\/ul><\/div>\n<h3>Protecci\u00f3n contra las agresiones sonoras<\/h3>\n<pee>La protecci\u00f3n auditiva contra las exposiciones sonoras nocivas representa uno de los pilares de la prevenci\u00f3n. Los traumatismos ac\u00fasticos, ya sean agudos (explosi\u00f3n, concierto) o cr\u00f3nicos (entorno profesional ruidoso), aceleran significativamente la evoluci\u00f3n hacia la presbiacusia. El uso sistem\u00e1tico de protecciones auditivas adecuadas en entornos de riesgo constituye una inversi\u00f3n para el futuro auditivo.<\/pee>\n<pee>La sensibilizaci\u00f3n a los niveles sonoros peligrosos &#8211; generalmente m\u00e1s all\u00e1 de 85 decibelios para una exposici\u00f3n prolongada &#8211; permite adoptar comportamientos preventivos apropiados. Los conciertos, discotecas, herramientas mec\u00e1nicas o ciertos pasatiempos motorizados requieren una protecci\u00f3n auditiva eficaz para preservar el capital auditivo a largo plazo.<\/pee>\n<h2>5. Detecci\u00f3n y evaluaci\u00f3n auditiva: \u00bfcu\u00e1ndo consultar?<\/h2>\n<pee>La detecci\u00f3n precoz de la presbiacusia constituye un desaf\u00edo importante para optimizar la atenci\u00f3n y limitar las repercusiones en la calidad de vida. Las recomendaciones actuales sugieren un seguimiento auditivo regular a partir de los 50 a\u00f1os, periodo de aparici\u00f3n de los primeros signos de envejecimiento auditivo en las poblaciones expuestas.<\/pee>\n<pee>La evaluaci\u00f3n auditiva profesional permite no solo cuantificar con precisi\u00f3n la p\u00e9rdida auditiva, sino tambi\u00e9n identificar las frecuencias espec\u00edficamente afectadas, guiando as\u00ed la elecci\u00f3n terap\u00e9utica \u00f3ptima. Este enfoque diagn\u00f3stico diferencial distingue la presbiacusia de otras patolog\u00edas auditivas que requieren tratamientos espec\u00edficos.<\/pee>\n<h3>Signos de alerta que requieren una consulta<\/h3>\n<pee>Algunos <strong>sintomas deben alertar<\/strong> y motivar una consulta especializada r\u00e1pidamente. M\u00e1s all\u00e1 de los signos cl\u00e1sicos de p\u00e9rdida auditiva, la aparici\u00f3n de ac\u00fafenos persistentes, sensaciones de plenitud auricular o desequilibrio puede se\u00f1alar complicaciones o patolog\u00edas asociadas que requieren una atenci\u00f3n espec\u00edfica.<\/pee>\n<pee>Las modificaciones conductuales relacionadas con la audici\u00f3n &#8211; retiro social progresivo, dificultades profesionales, irritabilidad debido a malentendidos &#8211; tambi\u00e9n constituyen indicadores importantes. Estos signos, a menudo reportados por el entorno en lugar de la persona afectada, dan testimonio del impacto funcional de la p\u00e9rdida auditiva.<\/pee>\n<div class=\"conseil-card\">\n<h3>Indicadores de consulta urgente<\/h3>\n<pee><strong>P\u00e9rdida auditiva brusca:<\/strong> Necesita una consulta en las 24-48h. <strong>Ac\u00fafenos puls\u00e1tiles:<\/strong> Pueden se\u00f1alar una patolog\u00eda vascular. <strong>Asimetr\u00eda auditiva:<\/strong> Diferencia notable entre los dos o\u00eddos. <strong>Dolores asociados:<\/strong> Posibles complicaciones infecciosas o inflamatorias.<\/pee>\n            <\/div>\n<h3>Informe audiol\u00f3gico completo<\/h3>\n<pee>La audiometr\u00eda tonal constituye el examen de referencia para evaluar la presbiacusia. Este examen mide los umbrales auditivos para diferentes frecuencias, permitiendo establecer un audiograma preciso. Las curvas caracter\u00edsticas de la presbiacusia muestran t\u00edpicamente una ca\u00edda progresiva de los umbrales auditivos con el aumento de la frecuencia, particularmente marcada m\u00e1s all\u00e1 de 2000 Hz.<\/pee>\n<pee>La audiometr\u00eda vocal completa esta evaluaci\u00f3n al probar la capacidad de comprensi\u00f3n del habla en diferentes condiciones de escucha. Estas pruebas a menudo revelan un desfase entre las capacidades auditivas puras y el rendimiento de comprensi\u00f3n en situaciones reales, caracter\u00edstico de la presbiacusia.<\/pee>\n<h3>Frecuencia recomendada de los controles<\/h3>\n<pee>La periodicidad del seguimiento auditivo depende de la edad y de los factores de riesgo individuales. Para las personas de 50 a 65 a\u00f1os sin factor de riesgo particular, un control bi-anual suele ser suficiente. M\u00e1s all\u00e1 de los 65 a\u00f1os, un seguimiento anual se recomienda debido a la posible aceleraci\u00f3n de la p\u00e9rdida auditiva.<\/pee>\n<pee>Las personas que presentan factores de riesgo &#8211; antecedentes familiares, exposici\u00f3n profesional al ruido, tratamientos otot\u00f3xicos &#8211; se benefician de un seguimiento m\u00e1s cercano. Esta vigilancia permite detectar precozmente las evoluciones y adaptar la estrategia terap\u00e9utica en consecuencia.<\/pee>\n<div class=\"expert-box\">\n<div class=\"expert-box-label\">EXPERTICIA DIAGN\u00d3STICA<\/div>\n<div class=\"expert-box-title\">Evaluaci\u00f3n multidisciplinaria DYNSEO<\/div>\n<pee>Nuestra enfoque integra la evaluaci\u00f3n auditiva cl\u00e1sica con un an\u00e1lisis de las funciones cognitivas asociadas. Este m\u00e9todo permite identificar precozmente los impactos de la p\u00e9rdida auditiva en el rendimiento mn\u00e9sico y atencional.<\/pee>\n<div class=\"expert-inner\">\n<div class=\"expert-inner-title\">Pruebas cognitivas complementarias<\/div>\n<pee>Las bater\u00edas de evaluaci\u00f3n cognitiva <a href=\"https:\/\/www.dynseo.com\/es\/coco-piensa-y-coco-se-mueve-software-educativo\/\" style=\"color: #ffeca7;\">COCO<\/a> incluyen pruebas espec\u00edficamente adaptadas a las personas con discapacidad auditiva, permitiendo una evaluaci\u00f3n no sesgada de las capacidades intelectuales.<\/pee>\n                <\/div>\n<\/p><\/div>\n<h2>6. Soluciones de adaptaci\u00f3n auditiva y tecnolog\u00edas innovadoras<\/h2>\n<pee>La adaptaci\u00f3n auditiva moderna representa la soluci\u00f3n de referencia para compensar los efectos de la presbiacusia. Las tecnolog\u00edas actuales, considerablemente evolucionadas en comparaci\u00f3n con las generaciones anteriores, ofrecen un rendimiento ac\u00fastico notable mientras preservan la comodidad y la discreci\u00f3n deseadas por los usuarios.<\/pee>\n<pee>La elecci\u00f3n de la ayuda auditiva depende de m\u00faltiples factores: grado y configuraci\u00f3n de la p\u00e9rdida auditiva, estilo de vida, destreza manual, preferencias est\u00e9ticas y presupuesto. Esta personalizaci\u00f3n maximiza las posibilidades de adaptaci\u00f3n exitosa y de satisfacci\u00f3n a largo plazo del usuario.<\/pee>\n<h3>Tipos de ayudas auditivas y sus especificidades<\/h3>\n<pee>Los <strong>contornos de oreja cl\u00e1sicos<\/strong> son particularmente adecuados para p\u00e9rdidas auditivas moderadas a severas. Su tama\u00f1o permite integrar tecnolog\u00edas avanzadas &#8211; tratamiento digital sofisticado, sistemas direccionales, conectividad inal\u00e1mbrica &#8211; todo mientras se ofrece una autonom\u00eda energ\u00e9tica importante. Los modelos recientes presentan una discreci\u00f3n satisfactoria a pesar de su posicionamiento externo.<\/pee>\n<pee>Los <strong>dispositivos intraauriculares<\/strong>, fabricados a medida a partir de impresiones de conductos auditivos, seducen por su discreci\u00f3n total. Disponibles en varios tama\u00f1os &#8211; del conducto profundo al pabell\u00f3n completo &#8211; se adaptan a los diferentes grados de p\u00e9rdida auditiva mientras preservan el aspecto est\u00e9tico natural de la oreja.<\/pee>\n<div class=\"tip-box\">\n<div class=\"tip-box-label\">Gu\u00eda de elecci\u00f3n personalizada<\/div>\n<pee><strong>P\u00e9rdida leve a moderada:<\/strong> Intraauricular o contorno discreto. <strong>P\u00e9rdida severa:<\/strong> Contorno de oreja potente. <strong>Problemas de destreza:<\/strong> Modelos con control remoto. <strong>Vida social activa:<\/strong> Dispositivos con conectividad Bluetooth.<\/pee>\n            <\/div>\n<h3>Innovaciones tecnol\u00f3gicas recientes<\/h3>\n<pee>Los algoritmos de procesamiento digital actuales integran funcionalidades de inteligencia artificial capaces de analizar el entorno sonoro en tiempo real. Estos sistemas adaptativos modifican autom\u00e1ticamente sus par\u00e1metros seg\u00fan el contexto &#8211; conversaci\u00f3n tranquila, restaurante ruidoso, m\u00fasica &#8211; optimizando la audibilidad y la comodidad de escucha.<\/pee>\n<pee>La conectividad inal\u00e1mbrica revoluciona el uso de los aud\u00edfonos. La transmisi\u00f3n directa de la se\u00f1al de audio desde smartphones, televisores o sistemas de sonorizaci\u00f3n elimina los problemas de distancia y reverberaci\u00f3n. Esta tecnolog\u00eda transforma los dispositivos auditivos en verdaderos auriculares de alta fidelidad personalizados.<\/pee>\n<h3>Proceso de adaptaci\u00f3n y seguimiento<\/h3>\n<pee>La adaptaci\u00f3n a los aud\u00edfonos requiere generalmente un per\u00edodo de aclimataci\u00f3n de varias semanas. El cerebro debe reaprender a procesar informaci\u00f3n sonora que no recib\u00eda desde hace a veces a\u00f1os. Esta rehabilitaci\u00f3n auditiva progresiva justifica un acompa\u00f1amiento profesional atento durante los primeros meses de adaptaci\u00f3n.<\/pee>\n<pee>Los ajustes iniciales, basados en el audiograma, constituyen un punto de partida que requiere ajustes sucesivos seg\u00fan los comentarios de la experiencia del usuario. Los audi\u00f3logos modernos disponen de herramientas de medici\u00f3n in-situ que permiten objetivar el rendimiento ac\u00fastico directamente en el o\u00eddo adaptado.<\/pee>\n<div class=\"key-points\">\n<h3>Etapas clave de la adaptaci\u00f3n<\/h3>\n<ul>\n<li><strong>Primera adaptaci\u00f3n:<\/strong> Uso progresivo de 2-3h por d\u00eda inicialmente<\/li>\n<li><strong>Entornos tranquilos:<\/strong> Comenzar en casa antes de situaciones complejas<\/li>\n<li><strong>Ajustes frecuentes:<\/strong> 3-4 consultas los primeros meses<\/li>\n<li><strong>Paciencia necesaria:<\/strong> Adaptaci\u00f3n completa en 3-6 meses<\/li>\n<li><strong>Seguimiento a largo plazo:<\/strong> Controles anuales y mantenimiento regular<\/li>\n<\/ul><\/div>\n<h2>7. El v\u00ednculo crucial entre audici\u00f3n y memoria: impacto cognitivo<\/h2>\n<pee>Las investigaciones recientes en neurociencias revelan un <strong>v\u00ednculo bidireccional complejo entre la funci\u00f3n auditiva y las capacidades cognitivas<\/strong>. La presbiacusia no tratada se acompa\u00f1a frecuentemente de un declive acelerado de las prestaciones mn\u00e9sicas, atencionales y ejecutivas, sugiriendo una interacci\u00f3n directa entre privaci\u00f3n sensorial y envejecimiento cerebral.<\/pee>\n<pee>Esta relaci\u00f3n se explica por varios mecanismos neurobiol\u00f3gicos. La reducci\u00f3n de la entrada sensorial auditiva priva al cerebro de informaci\u00f3n esencial para su funcionamiento \u00f3ptimo, mientras que el esfuerzo cognitivo adicional necesario para compensar las dificultades de audici\u00f3n moviliza recursos que normalmente se dedican a los procesos mn\u00e9sicos y atencionales.<\/pee>\n<h3>Mecanismos neurobiol\u00f3gicos subyacentes<\/h3>\n<pee>La anatom\u00eda cerebral revela conexiones directas entre las \u00e1reas auditivas primarias y las estructuras mn\u00e9sicas, particularmente el hipocampo y la corteza prefrontal. Estas v\u00edas neuronales bidireccionales explican por qu\u00e9 una alteraci\u00f3n auditiva puede repercutir en las capacidades de memorizaci\u00f3n, y viceversa, por qu\u00e9 algunas demencias se acompa\u00f1an de trastornos de procesamiento auditivo central.<\/pee>\n<pee>La neuroplasticidad cerebral, habitualmente beneficiosa, puede parad\u00f3jicamente jugar un papel perjudicial en la presbiacusia. Ante la reducci\u00f3n de la entrada auditiva, el cerebro reorganiza sus conexiones movilizando \u00e1reas que normalmente se dedican a otras funciones cognitivas. Esta \u00abrecuperaci\u00f3n\u00bb de territorios cerebrales puede comprometer el rendimiento en estos dominios cognitivos desviados.<\/pee>\n<div class=\"expert-box\">\n<div class=\"expert-box-label\">INVESTIGACI\u00d3N DYNSEO<\/div>\n<div class=\"expert-box-title\">Compensaci\u00f3n cognitiva multimodal<\/div>\n<pee>Nuestros estudios demuestran que un entrenamiento cognitivo adaptado puede compensar parcialmente los d\u00e9ficits relacionados con la p\u00e9rdida auditiva. El enfoque multimodal estimula las v\u00edas neuronales alternativas, preservando el rendimiento cognitivo global.<\/pee>\n<div class=\"expert-inner\">\n<div class=\"expert-inner-title\">Protocolos de entrenamiento especializados<\/div>\n<pee>Los programas <a href=\"https:\/\/www.dynseo.com\/es\/coco-piensa-y-coco-se-mueve-software-educativo\/\" style=\"color: #ffeca7;\">COCO PIENSA y COCO SE MUEVE<\/a> incluyen m\u00f3dulos espec\u00edficamente dise\u00f1ados para las personas con discapacidad auditiva, reforzando las capacidades cognitivas a trav\u00e9s de ejercicios visuales y t\u00e1ctiles adaptados.<\/pee>\n                <\/div>\n<\/p><\/div>\n<h3>Impacto en las diferentes funciones cognitivas<\/h3>\n<pee>La <strong>memoria de trabajo<\/strong> sufre el impacto m\u00e1s temprano y severo de la p\u00e9rdida auditiva. Esta funci\u00f3n, esencial para el procesamiento en tiempo real de la informaci\u00f3n, se ve sobrecargada por el esfuerzo constante de decodificaci\u00f3n de los mensajes auditivos incompletos. Esta sobrecarga cognitiva reduce los recursos disponibles para otras tareas mn\u00e9sicas.<\/pee>\n<pee>La atenci\u00f3n selectiva y la inhibici\u00f3n cognitiva tambi\u00e9n se degradan ante la presbiacusia no compensada. El esfuerzo requerido para extraer el habla del ruido de fondo agota los mecanismos atencionales, reduciendo la capacidad para ignorar la informaci\u00f3n no relevante y mantener una concentraci\u00f3n sostenida en las tareas importantes.<\/pee>\n<h3>Aislamiento social y espiral de declive<\/h3>\n<pee>El aislamiento social consecuencia de las dificultades comunicativas acelera el declive cognitivo por la reducci\u00f3n de la estimulaci\u00f3n intelectual. Las interacciones sociales constituyen un entrenamiento cognitivo natural que solicita memoria, atenci\u00f3n, lenguaje y funciones ejecutivas. Su escasez priva al cerebro de esta estimulaci\u00f3n esencial para su mantenimiento funcional.<\/pee>\n<pee>Esta espiral negativa &#8211; p\u00e9rdida auditiva, dificultades comunicativas, retiro social, declive cognitivo &#8211; puede ser interrumpida por una intervenci\u00f3n temprana. La adaptaci\u00f3n auditiva, asociada a un programa de entrenamiento cognitivo adecuado, permite restaurar las interacciones sociales y mantener la plasticidad cerebral.<\/pee>\n<h2>8. Factores de riesgo y poblaciones vulnerables<\/h2>\n<pee>La presbiacusia, aunque relacionada principalmente con el envejecimiento natural, presenta factores de riesgo identificables que permiten un enfoque preventivo dirigido. La comprensi\u00f3n de estos elementos predisponentes ayuda a identificar las poblaciones que requieren una vigilancia particular y medidas de protecci\u00f3n reforzadas.<\/pee>\n<pee>Estos factores de riesgo interact\u00faan de manera compleja, creando perfiles de vulnerabilidad variables seg\u00fan los individuos. La identificaci\u00f3n temprana de estos elementos permite adaptar las estrategias de prevenci\u00f3n y optimizar la atenci\u00f3n terap\u00e9utica.<\/pee>\n<h3>Factores gen\u00e9ticos y familiares<\/h3>\n<pee>La <strong>predisposici\u00f3n hereditaria<\/strong> juega un papel significativo en el desarrollo y la severidad de la presbiacusia. Los estudios familiares revelan una agregaci\u00f3n de los trastornos auditivos relacionados con la edad, sugiriendo una transmisi\u00f3n de variantes gen\u00e9ticas que influyen en la resistencia al envejecimiento de las estructuras auditivas.<\/pee>\n<pee>Varios genes candidatos han sido identificados, incluidos aquellos que codifican para las prote\u00ednas de mantenimiento estructural de las c\u00e9lulas ciliadas y las enzimas antioxidantes cocleares. Este conocimiento gen\u00e9tico emergente abre perspectivas para una medicina preventiva personalizada, permitiendo identificar tempranamente a los individuos de alto riesgo.<\/pee>\n<div class=\"conseil-card\">\n<h3>Indicadores familiares de alerta<\/h3>\n<pee>Interroga a tu familia sobre los antecedentes auditivos: edad de aparici\u00f3n de las dificultades, gravedad de la p\u00e9rdida, respuesta a los tratamientos. Esta informaci\u00f3n gu\u00eda la estrategia de vigilancia y prevenci\u00f3n personalizada. Se puede proponer una consulta gen\u00e9tica en los casos familiares severos.<\/pee>\n            <\/div>\n<h3>Exposiciones profesionales y ambientales<\/h3>\n<pee>La exposici\u00f3n cr\u00f3nica al ruido constituye el principal factor de riesgo modificable de presbiacusia precoz y severa. Las profesiones de riesgo &#8211; industria, construcci\u00f3n, transporte, m\u00fasica &#8211; exponen a los trabajadores a niveles sonoros susceptibles de acelerar significativamente el envejecimiento auditivo, particularmente en ausencia de protecci\u00f3n adecuada.<\/pee>\n<pee>La exposici\u00f3n a otot\u00f3xicos &#8211; ciertos medicamentos, disolventes industriales, metales pesados &#8211; tambi\u00e9n puede debilitar el o\u00eddo interno y acelerar la aparici\u00f3n de la presbiacusia. Esta toxicidad acumulativa justifica una vigilancia auditiva reforzada en las personas expuestas profesional o terap\u00e9uticamente a estas sustancias.<\/pee>\n<div class=\"key-points\">\n<h3>Profesiones y exposiciones a riesgo elevado<\/h3>\n<ul>\n<li><strong>Industria pesada:<\/strong> Metalurgia, construcci\u00f3n mec\u00e1nica, minas<\/li>\n<li><strong>Transporte:<\/strong> Aviaci\u00f3n, transporte ferroviario, transporte por carretera profesional<\/li>\n<li><strong>Construcci\u00f3n:<\/strong> Uso de herramientas neum\u00e1ticas, martillos neum\u00e1ticos<\/li>\n<li><strong>M\u00fasica:<\/strong> Orquestas, estudios de grabaci\u00f3n, discotecas<\/li>\n<li><strong>Qu\u00edmica:<\/strong> Exposici\u00f3n a disolventes y sustancias otot\u00f3xicas<\/li>\n<\/ul><\/div>\n<h3>Comorbilidades y factores sist\u00e9micos<\/h3>\n<pee>Las patolog\u00edas cardiovasculares influyen significativamente en la evoluci\u00f3n de la presbiacusia. El o\u00eddo interno, estructura altamente vascularizada, depende de un aporte sangu\u00edneo \u00f3ptimo para mantener sus funciones metab\u00f3licas. La hipertensi\u00f3n, la diabetes y la aterosclerosis comprometen esta vascularizaci\u00f3n, acelerando la degeneraci\u00f3n de las c\u00e9lulas sensoriales.<\/pee>\n<pee>El s\u00edndrome metab\u00f3lico, que asocia obesidad, resistencia a la insulina y dislipidemia, constituye un factor de riesgo emergente de p\u00e9rdida auditiva acelerada. Los mecanismos implican inflamaci\u00f3n cr\u00f3nica, estr\u00e9s oxidativo y disfunci\u00f3n microvascular, todos perjudiciales para las estructuras auditivas finas.<\/pee>\n<h2>9. Soluciones alternativas y enfoques complementarios<\/h2>\n<pee>M\u00e1s all\u00e1 de la adaptaci\u00f3n auditiva convencional, diversos enfoques terap\u00e9uticos complementarios pueden contribuir a mejorar la calidad de vida de las personas afectadas por presbiacusia. Estas soluciones, utilizadas solas o en asociaci\u00f3n, ofrecen opciones adaptadas a los diferentes perfiles y preferencias de los pacientes.<\/pee>\n<pee>La eficacia de estos enfoques alternativos var\u00eda seg\u00fan los individuos y el grado de p\u00e9rdida auditiva. Su integraci\u00f3n en un plan terap\u00e9utico global requiere una evaluaci\u00f3n personalizada y un seguimiento profesional adecuado.<\/pee>\n<h3>Implantes cocleares y soluciones quir\u00fargicas<\/h3>\n<pee>Los <strong>implantes cocleares<\/strong> representan una opci\u00f3n terap\u00e9utica revolucionaria para las presbiacusias severas a profundas que no se benefician suficientemente de la amplificaci\u00f3n convencional. Estos dispositivos electr\u00f3nicos evitan las estructuras auditivas defectuosas al estimular directamente el nervio auditivo, restaurando una percepci\u00f3n sonora funcional.<\/pee>\n<pee>Los criterios de candidatura a los implantes cocleares se han<br \/>\n<script type=\"application\/ld+json\">\n{\n  \"@context\": \"https:\/\/schema.org\",\n  \"@graph\": [\n    {\n      \"@type\": \"Article\",\n      \"headline\": \"Qu'est-ce que la presbyacousie ?\",\n      \"description\": \"Qu'est-ce que la presbyacousie ? Guide complet pour comprendre et traiter cette perte auditive li\u00e9e \u00e0 l'\u00e2ge\",\n      \"url\": \"https:\/\/www.dynseo.com\/presbyacousie\/\",\n      \"datePublished\": \"2026-04-29\",\n      \"dateModified\": \"2026-04-29\",\n      \"author\": {\n        \"@type\": \"Organization\",\n        \"name\": \"DYNSEO\",\n        \"url\": \"https:\/\/www.dynseo.com\"\n      },\n      \"publisher\": {\n        \"@type\": \"Organization\",\n        \"name\": \"DYNSEO\",\n        \"url\": \"https:\/\/www.dynseo.com\"\n      },\n      \"image\": \"https:\/\/www.dynseo.com\/presbyacousie\/\",\n      \"aggregateRating\": {\n        \"@type\": \"AggregateRating\",\n        \"ratingValue\": \"4.8\",\n        \"bestRating\": \"5\",\n        \"ratingCount\": \"47\"\n      }\n    },\n    {\n      \"@type\": \"WebPage\",\n      \"name\": \"Qu'est-ce que la presbyacousie ?\",\n      \"url\": \"https:\/\/www.dynseo.com\/presbyacousie\/\",\n      \"description\": \"Qu'est-ce que la presbyacousie ? Guide complet pour comprendre et traiter cette perte auditive li\u00e9e \u00e0 l'\u00e2ge\",\n      \"breadcrumb\": {\n        \"@type\": \"BreadcrumbList\",\n        \"itemListElement\": [\n          {\n            \"@type\": \"ListItem\",\n            \"position\": 1,\n            \"name\": \"Accueil\",\n            \"item\": \"https:\/\/www.dynseo.com\"\n          },\n          {\n            \"@type\": \"ListItem\",\n            \"position\": 2,\n            \"name\": \"Blog\",\n            \"item\": \"https:\/\/www.dynseo.com\/blog\/\"\n          },\n          {\n            \"@type\": \"ListItem\",\n            \"position\": 3,\n            \"name\": \"Qu'est-ce que la presbyacousie ?\",\n            \"item\": \"https:\/\/www.dynseo.com\/presbyacousie\/\"\n          }\n        ]\n      }\n    },\n    {\n      \"@type\": \"FAQPage\",\n      \"mainEntity\": [\n        {\n          \"@type\": \"Question\",\n          \"name\": \"Qu'est-ce que la presbyacousie exactement ?\",\n          \"acceptedAnswer\": {\n            \"@type\": \"Answer\",\n            \"text\": \"La presbyacousie est une perte auditive progressive et naturelle li\u00e9e au vieillissement. Elle affecte g\u00e9n\u00e9ralement les deux oreilles de mani\u00e8re sym\u00e9trique et touche principalement la perception des sons aigus.\"\n          }\n        },\n        {\n          \"@type\": \"Question\",\n          \"name\": \"\u00c0 quel \u00e2ge commence la presbyacousie ?\",\n          \"acceptedAnswer\": {\n            \"@type\": \"Answer\",\n            \"text\": \"La presbyacousie peut commencer d\u00e8s l'\u00e2ge de 40 ans, mais elle devient plus notable apr\u00e8s 60 ans. Elle progresse graduellement avec l'\u00e2ge et touche la majorit\u00e9 des personnes de plus de 75 ans.\"\n          }\n        },\n        {\n          \"@type\": \"Question\",\n          \"name\": \"Comment traiter la presbyacousie ?\",\n          \"acceptedAnswer\": {\n            \"@type\": \"Answer\",\n            \"text\": \"Le traitement principal de la presbyacousie consiste en l'utilisation d'appareils auditifs adapt\u00e9s. Des exercices auditifs, une bonne hygi\u00e8ne de vie et un suivi m\u00e9dical r\u00e9gulier peuvent \u00e9galement aider \u00e0 ralentir sa progression.\"\n          }\n        }\n      ]\n    }\n  ]\n}\n<\/script>[\/et_pb_code][\/et_pb_column][\/et_pb_row][\/et_pb_section]<\/p>\n","protected":false},"excerpt":{"rendered":"","protected":false},"author":4,"featured_media":332551,"comment_status":"closed","ping_status":"closed","sticky":false,"template":"","format":"standard","meta":{"_et_pb_use_builder":"on","_et_pb_old_content":"[et_pb_section fb_built=\"1\" _builder_version=\"4.16\" custom_padding=\"0px|0px|0px|0px|false|false\" global_colors_info=\"{}\"][et_pb_row _builder_version=\"4.16\" custom_padding=\"0px|0px|0px|0px|false|false\" column_structure=\"4_4\" global_colors_info=\"{}\"][et_pb_column type=\"4_4\" _builder_version=\"4.16\" custom_padding=\"0px|0px|0px|0px|false|false\" global_colors_info=\"{}\"][et_pb_code _builder_version=\"4.16\" custom_padding=\"0px|0px|0px|0px|false|false\" global_colors_info=\"{}\"]<!DOCTYPE html>\n<html lang=\"fr\">\n<head>\n    <meta charset=\"UTF-8\">\n    <meta name=\"viewport\" content=\"width=device-width, initial-scale=1.0\">\n    <title>Qu'est-ce que la presbyacousie ? Guide complet 2026 | DYNSEO<\/title>\n    <meta name=\"description\" content=\"D\u00e9couvrez tout sur la presbyacousie : causes, sympt\u00f4mes, traitements et lien avec la m\u00e9moire. Solutions pour pr\u00e9server votre audition et vos fonctions cognitives.\">\n    <link rel=\"preconnect\" href=\"https:\/\/fonts.googleapis.com\">\n    <link rel=\"preconnect\" href=\"https:\/\/fonts.gstatic.com\" crossorigin>\n    <link href=\"https:\/\/fonts.googleapis.com\/css2?family=Montserrat:wght@400;500;600;700&family=Poppins:wght@300;400;500;600&display=swap\" rel=\"stylesheet\">\n    \n    <style>\n        * {\n            margin: 0;\n            padding: 0;\n            box-sizing: border-box;\n        }\n\n        body {\n            font-family: 'Poppins', sans-serif;\n            line-height: 1.7;\n            color: #333;\n            background-color: #f8fafc;\n        }\n\n        h1, h2, h3, h4, h5, h6 {\n            font-family: 'Montserrat', sans-serif;\n            font-weight: 600;\n            color: #2d3748;\n            margin-bottom: 1rem;\n        }\n\n        h1 {\n            font-size: 2.5rem;\n            line-height: 1.2;\n        }\n\n        h2 {\n            font-size: 2rem;\n            margin-top: 3rem;\n            margin-bottom: 1.5rem;\n            color: #5e5ed7;\n            border-left: 4px solid #5e5ed7;\n            padding-left: 1rem;\n        }\n\n        h3 {\n            font-size: 1.4rem;\n            margin-top: 2rem;\n            margin-bottom: 1rem;\n            color: #5268c9;\n        }\n\n        p {\n            margin-bottom: 1.2rem;\n            text-align: left;\n            hyphens: auto;\n            -webkit-hyphens: auto;\n            overflow-wrap: break-word;\n        }\n\n        ul, ol {\n            margin: 1.5rem 0;\n            padding-left: 1.5rem;\n        }\n\n        li {\n            margin-bottom: 0.5rem;\n            text-align: left;\n            hyphens: auto;\n            -webkit-hyphens: auto;\n            overflow-wrap: break-word;\n        }\n\n        strong {\n            color: #5e5ed7;\n            font-weight: 600;\n        }\n\n        .hl {\n            background: linear-gradient(120deg, #ffeca7 0%, #ffeca7 100%);\n            background-repeat: no-repeat;\n            background-size: 100% 40%;\n            background-position: 0 75%;\n            padding: 0 4px;\n            font-weight: 700;\n        }\n\n        .article-hero {\n            background: linear-gradient(135deg, #5e5ed7 0%, #5268c9 100%);\n            color: white;\n            padding: 2rem 0 4rem;\n            position: relative;\n            overflow: hidden;\n        }\n\n        .article-hero::before {\n            content: '';\n            position: absolute;\n            top: 0;\n            left: 0;\n            right: 0;\n            bottom: 0;\n            background: url('data:image\/svg+xml,<svg xmlns=\"http:\/\/www.w3.org\/2000\/svg\" viewBox=\"0 0 100 100\"><defs><pattern id=\"grid\" width=\"10\" height=\"10\" patternUnits=\"userSpaceOnUse\"><path d=\"M 10 0 L 0 0 0 10\" fill=\"none\" stroke=\"rgba(255,255,255,0.1)\" stroke-width=\"0.5\"\/><\/pattern><\/defs><rect width=\"100\" height=\"100\" fill=\"url(%23grid)\"\/><\/svg>');\n            opacity: 0.3;\n        }\n\n        .article-hero-inner {\n            position: relative;\n            z-index: 2;\n        }\n\n        .article-hero-curve {\n            position: absolute;\n            bottom: 0;\n            left: 0;\n            width: 100%;\n            height: 60px;\n            background: #f8fafc;\n            clip-path: ellipse(100% 100% at 50% 100%);\n        }\n\n        .article-breadcrumb {\n            font-size: 0.9rem;\n            margin-bottom: 1rem;\n            opacity: 0.9;\n        }\n\n        .article-breadcrumb a {\n            color: #a9e2e4;\n            text-decoration: none;\n        }\n\n        .article-category {\n            display: inline-block;\n            background: rgba(255, 236, 167, 0.2);\n            color: #ffeca7;\n            padding: 0.5rem 1rem;\n            border-radius: 25px;\n            font-size: 0.85rem;\n            font-weight: 500;\n            margin-bottom: 1.5rem;\n            border: 1px solid #ffeca7;\n        }\n\n        .article-meta {\n            display: flex;\n            flex-wrap: wrap;\n            gap: 2rem;\n            margin: 1.5rem 0;\n            font-size: 0.9rem;\n            opacity: 0.9;\n        }\n\n        .article-meta-item {\n            display: flex;\n            align-items: center;\n            gap: 0.5rem;\n        }\n\n        .stars {\n            color: #ffeca7;\n            font-size: 1.2rem;\n            margin-left: 0.5rem;\n        }\n\n        .article-body {\n            background: white;\n            position: relative;\n            z-index: 3;\n            margin-top: -2rem;\n            border-radius: 2rem 2rem 0 0;\n            box-shadow: 0 -10px 25px rgba(0,0,0,0.1);\n        }\n\n        .container {\n            max-width: 1200px;\n            margin: 0 auto;\n            padding: 3rem 20px;\n        }\n\n        .intro-block {\n            background: linear-gradient(135deg, #f8fafc 0%, #e2e8f0 100%);\n            padding: 2.5rem;\n            border-radius: 16px;\n            margin: 2rem 0;\n            border-left: 5px solid #5e5ed7;\n            box-shadow: 0 4px 15px rgba(94, 94, 215, 0.1);\n        }\n\n        .stats-grid {\n            display: grid;\n            grid-template-columns: repeat(auto-fit, minmax(250px, 1fr));\n            gap: 2rem;\n            margin: 3rem 0;\n        }\n\n        .stat-card {\n            background: white;\n            padding: 2rem;\n            border-radius: 16px;\n            text-align: center;\n            box-shadow: 0 4px 15px rgba(0,0,0,0.1);\n            border-top: 4px solid #5e5ed7;\n            transition: transform 0.3s ease, box-shadow 0.3s ease;\n        }\n\n        .stat-card:hover {\n            transform: translateY(-5px);\n            box-shadow: 0 8px 25px rgba(94, 94, 215, 0.2);\n        }\n\n        .stat-card .number {\n            font-size: 3rem;\n            font-weight: 700;\n            color: #5e5ed7;\n            display: block;\n            margin-bottom: 0.5rem;\n            font-family: 'Montserrat', sans-serif;\n        }\n\n        .stat-card .label {\n            font-size: 1rem;\n            color: #64748b;\n            font-weight: 500;\n        }\n\n        .conseil-card {\n            background: linear-gradient(135deg, #a9e2e4 0%, #7dd3fc 100%);\n            padding: 2rem;\n            border-radius: 16px;\n            margin: 2rem 0;\n            color: #0f172a;\n            position: relative;\n            overflow: hidden;\n        }\n\n        .conseil-card::before {\n            content: '\ud83d\udca1';\n            position: absolute;\n            top: 1rem;\n            right: 1rem;\n            font-size: 2rem;\n            opacity: 0.7;\n        }\n\n        .key-points {\n            background: #f1f5f9;\n            padding: 2rem;\n            border-radius: 16px;\n            margin: 2rem 0;\n            border-left: 4px solid #e73469;\n        }\n\n        .key-points h3 {\n            color: #e73469;\n            margin-bottom: 1rem;\n        }\n\n        .tip-box {\n            background: linear-gradient(135deg, #ffeca7 0%, #fbbf24 100%);\n            padding: 2rem;\n            border-radius: 16px;\n            margin: 2rem 0;\n            position: relative;\n            color: #1f2937;\n        }\n\n        .tip-box-label {\n            font-weight: 700;\n            font-size: 1.1rem;\n            color: #92400e;\n            margin-bottom: 1rem;\n            display: flex;\n            align-items: center;\n            gap: 0.5rem;\n        }\n\n        .tip-box-label::before {\n            content: '\u26a1';\n            font-size: 1.2rem;\n        }\n\n        .expert-box {\n            background: linear-gradient(135deg, #5e5ed7 0%, #5268c9 100%);\n            color: white;\n            padding: 2.5rem;\n            border-radius: 16px;\n            margin: 3rem 0;\n            position: relative;\n            overflow: hidden;\n        }\n\n        .expert-box::before {\n            content: '';\n            position: absolute;\n            top: -50%;\n            right: -50%;\n            width: 100%;\n            height: 100%;\n            background: radial-gradient(circle, rgba(255,255,255,0.1) 0%, transparent 70%);\n        }\n\n        .expert-box-label {\n            font-size: 0.9rem;\n            opacity: 0.9;\n            margin-bottom: 0.5rem;\n            text-transform: uppercase;\n            letter-spacing: 0.5px;\n            font-weight: 500;\n        }\n\n        .expert-box-title {\n            font-size: 1.3rem;\n            font-weight: 700;\n            margin-bottom: 1rem;\n            color: #ffeca7;\n        }\n\n        .expert-inner {\n            background: rgba(255, 255, 255, 0.1);\n            padding: 1.5rem;\n            border-radius: 12px;\n            margin-top: 1rem;\n            border-left: 3px solid #ffeca7;\n        }\n\n        .expert-inner-title {\n            font-size: 1.1rem;\n            color: #a9e2e4;\n            margin-bottom: 0.8rem;\n            font-weight: 600;\n        }\n\n        .faq-list {\n            margin: 3rem 0;\n        }\n\n        .faq-item {\n            background: white;\n            border-radius: 12px;\n            margin-bottom: 1rem;\n            box-shadow: 0 2px 10px rgba(0,0,0,0.1);\n            overflow: hidden;\n            transition: all 0.3s ease;\n        }\n\n        .faq-item.open {\n            box-shadow: 0 4px 20px rgba(94, 94, 215, 0.15);\n        }\n\n        .faq-q {\n            padding: 1.5rem 2rem;\n            cursor: pointer;\n            display: flex;\n            justify-content: space-between;\n            align-items: center;\n            background: #f8fafc;\n            font-weight: 600;\n            color: #2d3748;\n            transition: background-color 0.3s ease;\n        }\n\n        .faq-q:hover {\n            background: #e2e8f0;\n        }\n\n        .faq-icon {\n            font-size: 1.2rem;\n            color: #5e5ed7;\n            font-weight: bold;\n            transition: transform 0.3s ease;\n        }\n\n        .faq-item.open .faq-icon {\n            transform: rotate(45deg);\n        }\n\n        .faq-a {\n            padding: 0 2rem;\n            max-height: 0;\n            overflow: hidden;\n            transition: max-height 0.3s ease, padding 0.3s ease;\n        }\n\n        .faq-item.open .faq-a {\n            padding: 1.5rem 2rem;\n            max-height: 1000px;\n        }\n\n        .cta-box {\n            background: linear-gradient(135deg, #e73469 0%, #be185d 100%);\n            color: white;\n            padding: 3rem 2rem;\n            border-radius: 20px;\n            text-align: center;\n            margin: 4rem 0;\n            position: relative;\n            overflow: hidden;\n        }\n\n        .cta-box::before {\n            content: '';\n            position: absolute;\n            top: 0;\n            left: 0;\n            right: 0;\n            bottom: 0;\n            background: url('data:image\/svg+xml,<svg xmlns=\"http:\/\/www.w3.org\/2000\/svg\" viewBox=\"0 0 100 100\"><circle cx=\"50\" cy=\"50\" r=\"2\" fill=\"rgba(255,255,255,0.1)\"\/><\/svg>') repeat;\n            opacity: 0.3;\n        }\n\n        .cta-box h3 {\n            color: white;\n            font-size: 1.8rem;\n            margin-bottom: 1rem;\n        }\n\n        .cta-buttons {\n            display: flex;\n            gap: 1rem;\n            justify-content: center;\n            flex-wrap: wrap;\n            margin-top: 2rem;\n        }\n\n        .btn-white {\n            background: white;\n            color: #e73469;\n            padding: 1rem 2rem;\n            border-radius: 50px;\n            text-decoration: none;\n            font-weight: 600;\n            transition: all 0.3s ease;\n            box-shadow: 0 4px 15px rgba(255,255,255,0.2);\n        }\n\n        .btn-white:hover {\n            transform: translateY(-2px);\n            box-shadow: 0 6px 20px rgba(255,255,255,0.3);\n        }\n\n        .btn-outline {\n            background: transparent;\n            color: white;\n            padding: 1rem 2rem;\n            border: 2px solid white;\n            border-radius: 50px;\n            text-decoration: none;\n            font-weight: 600;\n            transition: all 0.3s ease;\n        }\n\n        .btn-outline:hover {\n            background: white;\n            color: #e73469;\n        }\n\n        .article-tags {\n            display: flex;\n            flex-wrap: wrap;\n            gap: 1rem;\n            margin-top: 3rem;\n            padding-top: 2rem;\n            border-top: 1px solid #e2e8f0;\n        }\n\n        .article-tag {\n            background: #f1f5f9;\n            color: #5e5ed7;\n            padding: 0.5rem 1rem;\n            border-radius: 25px;\n            text-decoration: none;\n            font-size: 0.9rem;\n            font-weight: 500;\n            transition: all 0.3s ease;\n        }\n\n        .article-tag:hover {\n            background: #5e5ed7;\n            color: white;\n            transform: translateY(-2px);\n        }\n\n        @media (min-width: 769px) {\n            p, li {\n                text-align: justify;\n                word-spacing: 0.1em;\n            }\n        }\n\n        @media (max-width: 768px) {\n            p, li {\n                text-align: left !important;\n                word-spacing: normal !important;\n                hyphens: auto;\n            }\n\n            .container {\n                padding: 12px !important;\n            }\n\n            .intro-block, .conseil-card, .tip-box, .expert-box, .key-points, .faq-item, .stat-card, .cta-box {\n                padding: 18px 16px !important;\n                margin-left: 0 !important;\n                margin-right: 0 !important;\n            }\n\n            .stats-grid {\n                grid-template-columns: 1fr !important;\n            }\n\n            .article-hero h1 {\n                font-size: 1.6rem !important;\n                line-height: 1.3 !important;\n            }\n\n            h2 {\n                font-size: 1.5rem !important;\n            }\n\n            .article-meta {\n                flex-direction: column;\n                gap: 1rem;\n            }\n\n            .cta-buttons {\n                flex-direction: column;\n                align-items: center;\n            }\n\n            .btn-white, .btn-outline {\n                width: 100%;\n                max-width: 300px;\n                text-align: center;\n            }\n        }\n\n        @media (max-width: 400px) {\n            .container {\n                padding: 8px !important;\n            }\n\n            .article-hero h1 {\n                font-size: 1.4rem !important;\n            }\n\n            h2 {\n                font-size: 1.3rem !important;\n            }\n\n            .intro-block, .conseil-card, .tip-box, .expert-box, .key-points, .faq-item, .stat-card, .cta-box {\n                padding: 15px 12px !important;\n                margin: 1rem 0 !important;\n            }\n        }\n    \n\n<style>\n\/* DAG-RESPONSIVE-FIX *\/\n@media (max-width: 768px) {\n  p, li { text-align: left !important; word-spacing: normal !important; hyphens: auto; -webkit-hyphens: auto; overflow-wrap: break-word; }\n  .container { padding: 12px !important; }\n  .intro-block, .conseil-card, .tip-box, .expert-box,\n  .key-points, .faq-item, .stat-card, .cta-box {\n    padding: 18px 16px !important;\n    margin-left: 0 !important;\n    margin-right: 0 !important;\n  }\n  .stats-grid { grid-template-columns: 1fr !important; }\n  .article-hero h1 { font-size: 1.6rem !important; line-height: 1.3 !important; }\n  h2 { font-size: 1.5rem !important; }\n  .cta-buttons { flex-direction: column !important; }\n  .article-hero-inner { padding: 30px 16px !important; }\n}\n@media (max-width: 400px) {\n  p, li { font-size: 15px !important; line-height: 1.6 !important; }\n  .container { padding: 8px !important; }\n  .intro-block, .conseil-card, .tip-box, .expert-box,\n  .key-points, .faq-item, .stat-card, .cta-box {\n    padding: 14px 12px !important;\n  }\n  .article-hero h1 { font-size: 1.4rem !important; }\n  h2 { font-size: 1.3rem !important; }\n  .stat-card .number { font-size: 28px !important; }\n}\n<\/style>\n<\/style>\n<\/head>\n\n<body><section class=\"article-hero\">\n        <div class=\"container\">\n            <div class=\"article-hero-inner\">\n                <nav class=\"article-breadcrumb\">\n                    <a href=\"https:\/\/www.dynseo.com\">Inicio<\/a> > \n                    <a href=\"https:\/\/www.dynseo.com\/sante\/\">Salud<\/a> > \n                    Presbiacusia\n                <\/nav>\n\n                <div class=\"article-category\">\ud83c\udfa7 Salud Auditiva<\/div>\n\n                <h1>\n                    \u00bfQu\u00e9 es la <span class=\"hl\">presbiacusia<\/span>? Gu\u00eda completa para comprender y tratar esta p\u00e9rdida auditiva relacionada con la edad\n                <\/h1>\n\n                <div class=\"article-meta\">\n                    <div class=\"article-meta-item\">\n                        <span>\ud83d\udcc5<\/span> Abril 2026\n                    <\/div>\n                    <div class=\"article-meta-item\">\n                        <span>\u23f1\ufe0f<\/span> 12 min de lectura\n                    <\/div>\n                    <div class=\"article-meta-item\">\n                        <span>\ud83d\udc65<\/span> Mayores, Cuidadores, Profesionales\n                    <\/div>\n                    <div class=\"article-meta-item\">\n                        <span>\u2b50<\/span> 4.8\/5\n                        <span class=\"stars\">\u2605\u2605\u2605\u2605\u2605<\/span>\n                    <\/div>\n                <\/div>\n            <\/div>\n        <\/div>\n        <div class=\"article-hero-curve\"><\/div>\n    <\/section>\n\n    <div class=\"article-body\">\n        <div class=\"container\">\n<div class=\"intro-block\">\n                <p><strong>\u00bfNota una ligera disminuci\u00f3n de la audici\u00f3n en su ser querido mayor?<\/strong> Habla m\u00e1s alto, pide que se repitan las palabras, ya no participa activamente en las discusiones en grupo y carece de reactividad cuando se le habla? Su ser querido puede estar sufriendo de presbiacusia, una p\u00e9rdida de la audici\u00f3n naturalmente relacionada con el envejecimiento.<\/p>\n                \n                <p>La presbiacusia afecta progresivamente a la mayor\u00eda de las personas mayores de 65 a\u00f1os y representa un desaf\u00edo importante para el mantenimiento de la calidad de vida y los lazos sociales. Esta condici\u00f3n, aunque normal con la edad, puede tener impactos significativos en la memoria, las funciones cognitivas y el bienestar psicol\u00f3gico.<\/p>\n\n                <p>En esta gu\u00eda completa, exploramos en detalle las causas, s\u00edntomas, tratamientos y soluciones para acompa\u00f1ar de la mejor manera a las personas afectadas por esta evoluci\u00f3n auditiva. Descubra tambi\u00e9n el v\u00ednculo crucial entre audici\u00f3n y memoria, as\u00ed como las \u00faltimas innovaciones tecnol\u00f3gicas que est\u00e1n revolucionando el tratamiento de la presbiacusia.<\/p>\n            <\/div>\n\n            <div class=\"stats-grid\">\n                <div class=\"stat-card\">\n                    <span class=\"number\">65%<\/span>\n                    <span class=\"label\">de los mayores de 65 a\u00f1os est\u00e1n afectados por la presbiacusia<\/span>\n                <\/div>\n                <div class=\"stat-card\">\n                    <span class=\"number\">15-20<\/span>\n                    <span class=\"label\">decibelios de p\u00e9rdida en promedio despu\u00e9s de los 70 a\u00f1os<\/span>\n                <\/div>\n                <div class=\"stat-card\">\n                    <span class=\"number\">80%<\/span>\n                    <span class=\"label\">de mejora con un aparato auditivo adecuado<\/span>\n                <\/div>\n                <div class=\"stat-card\">\n                    <span class=\"number\">3x<\/span>\n                    <span class=\"label\">m\u00e1s riesgos de declive cognitivo sin tratamiento<\/span>\n                <\/div>\n            <\/div>\n\n            <h2>1. Las principales caracter\u00edsticas de la presbiacusia<\/h2>\n\n            <p>La presbiacusia se define como una <strong>forma de sordera bilateral progresiva<\/strong> que aparece principalmente en personas de 50 a\u00f1os o m\u00e1s. Esta condici\u00f3n representa la evoluci\u00f3n natural de nuestro sistema auditivo frente al envejecimiento, afectando inicialmente las frecuencias agudas antes de extenderse progresivamente hacia los sonidos graves.<\/p>\n\n            <p>Esta patolog\u00eda resulta de la degeneraci\u00f3n progresiva de las c\u00e9lulas ciliadas del o\u00eddo interno, estructuras microsc\u00f3picas esenciales para la transformaci\u00f3n de las vibraciones sonoras en se\u00f1ales el\u00e9ctricas interpretables por el cerebro. A diferencia de lo que se suele pensar, la presbiacusia no se limita \u00fanicamente a una disminuci\u00f3n del volumen sonoro percibido, sino que tambi\u00e9n afecta la calidad y la comprensi\u00f3n de los sonidos.<\/p>\n\n            <p>El proceso de degradaci\u00f3n auditiva relacionado con la edad generalmente se acompa\u00f1a de una alteraci\u00f3n de la discriminaci\u00f3n frecuencial, dificultando particularmente la percepci\u00f3n de las consonantes fricativas y silbantes como los sonidos \"s\", \"f\", \"ch\" o \"t\". Esta particularidad explica por qu\u00e9 las personas afectadas oyen pero no siempre comprenden lo que se les dice.<\/p>\n<div class=\"conseil-card\">\n                <h3>Mecanismo de la presbiacusia<\/h3>\n                <p>La presbiacusia resulta de varios factores combinados: desgaste de las c\u00e9lulas ciliadas, disminuci\u00f3n de la elasticidad del t\u00edmpano, degeneraci\u00f3n del nervio auditivo y modificaciones de la transmisi\u00f3n nerviosa hacia el cerebro. Estos cambios fisiol\u00f3gicos se acumulan progresivamente, creando una p\u00e9rdida auditiva caracter\u00edstica.<\/p>\n            <\/div>\n\n            <h3>Las zonas anat\u00f3micas afectadas<\/h3>\n\n            <p>La presbiacusia afecta varios componentes del aparato auditivo de manera diferencial. La oreja externa generalmente se conserva, pero la oreja media puede presentar una rigidificaci\u00f3n de los huesecillos, reduciendo la eficacia de la transmisi\u00f3n mec\u00e1nica de las vibraciones. Sin embargo, es la oreja interna la que sufre las modificaciones m\u00e1s importantes.<\/p>\n\n            <p>A nivel de la c\u00f3clea, las c\u00e9lulas ciliadas situadas en la parte basal, responsables de la percepci\u00f3n de las altas frecuencias, son las primeras afectadas. Esta localizaci\u00f3n explica por qu\u00e9 la p\u00e9rdida auditiva comienza t\u00edpicamente con los sonidos agudos. Paralelamente, las fibras nerviosas del nervio auditivo tambi\u00e9n pueden degenerar, comprometiendo la transmisi\u00f3n de la informaci\u00f3n hacia los centros auditivos cerebrales.<\/p>\n\n            <div class=\"expert-box\">\n                <div class=\"expert-box-label\">EXPERTISE DYNSEO<\/div>\n                <div class=\"expert-box-title\">V\u00ednculo entre presbiacusia y cognici\u00f3n<\/div>\n                <p>Nuestras investigaciones en neurociencias confirman que la presbiacusia no tratada acelera el declive cognitivo. La privaci\u00f3n sensorial auditiva obliga al cerebro a compensar solicitando m\u00e1s las \u00e1reas cognitivas, reduciendo los recursos disponibles para otras funciones como la memoria y la atenci\u00f3n.<\/p>\n                \n                <div class=\"expert-inner\">\n                    <div class=\"expert-inner-title\">Impacto en la neuroplasticidad<\/div>\n                    <p>El entrenamiento cognitivo con <a href=\"https:\/\/www.dynseo.com\/es\/coco-piensa-y-coco-se-mueve-software-educativo\/\" style=\"color: #ffeca7;\">COCO PIENSA y COCO SE MUEVE<\/a> puede ayudar a mantener la plasticidad cerebral a pesar de los d\u00e9ficits auditivos, estimulando las conexiones neuronales a trav\u00e9s de otras v\u00edas sensoriales.<\/p>\n                <\/div>\n            <\/div>\n\n            <h2>2. C\u00f3mo se manifiesta la presbiacusia: reconocer los primeros signos<\/h2>\n\n            <p>La presbiacusia generalmente se instala de manera insidiosa, haciendo que su detecci\u00f3n temprana a veces sea dif\u00edcil. Los primeros s\u00edntomas a menudo aparecen en situaciones de escucha complejas, como entornos ruidosos o durante conversaciones en grupo, antes de extenderse progresivamente a contextos m\u00e1s simples.<\/p>\n\n            <p>La caracter\u00edstica principal de esta condici\u00f3n radica en la <strong>dificultad creciente para distinguir los sonidos agudos<\/strong>, traduci\u00e9ndose en una comprensi\u00f3n frecuente de ciertas palabras a pesar de un volumen sonoro aparentemente suficiente. Las personas afectadas a menudo describen una sensaci\u00f3n de audici\u00f3n \"ahogada\" o \"velada\", particularmente marcada en entornos ac\u00fasticamente desfavorables.<\/p>\n\n            <p>La evoluci\u00f3n de la presbiacusia generalmente sigue un patr\u00f3n predecible, comenzando con una molestia ocasional durante conversaciones en grupo para progresar hacia dificultades en situaciones de escucha que, sin embargo, son simples. Esta progresi\u00f3n gradual explica por qu\u00e9 muchas personas se adaptan inconscientemente a su p\u00e9rdida auditiva, a veces retrasando la atenci\u00f3n \u00f3ptima.<\/p>\n<div class=\"key-points\">\n                <h3>Se\u00f1ales de alarma a vigilar<\/h3>\n                <ul>\n                    <li><strong>Aumento del volumen:<\/strong> Televisi\u00f3n, radio y tel\u00e9fono ajustados cada vez m\u00e1s alto<\/li>\n                    <li><strong>Solicitudes de repetici\u00f3n:<\/strong> Solicitudes frecuentes para que los interlocutores repitan<\/li>\n                    <li><strong>Fatiga auditiva:<\/strong> Agotamiento despu\u00e9s de conversaciones prolongadas<\/li>\n                    <li><strong>Evitar situaciones sociales:<\/strong> Tendencia a evitar situaciones de grupo<\/li>\n                    <li><strong>Incomprensi\u00f3n selectiva:<\/strong> Dificultad con ciertos sonidos espec\u00edficos<\/li>\n                <\/ul>\n            <\/div>\n\n            <h3>Aumento del volumen y modificaciones conductuales<\/h3>\n\n            <p>Uno de los primeros indicadores observables de la presbiacusia se refiere a las modificaciones progresivas de los h\u00e1bitos de escucha. Las personas afectadas aumentan instintivamente el volumen de sus dispositivos electr\u00f3nicos, creando a veces incomodidades para su entorno. Esta compensaci\u00f3n autom\u00e1tica revela una adaptaci\u00f3n inconsciente a la disminuci\u00f3n de la sensibilidad auditiva.<\/p>\n\n            <p>Paralelamente, se observa frecuentemente una modificaci\u00f3n de la intensidad vocal, las personas presbiac\u00fasicas tienden a hablar m\u00e1s alto que antes. Este fen\u00f3meno, llamado efecto Lombard, resulta de un mecanismo de retrocontrol auditivo perturbado: al no percibir correctamente su propia voz, la amplifican naturalmente para mantener una sensaci\u00f3n de audici\u00f3n normal.<\/p>\n\n            <div class=\"tip-box\">\n<div class=\"tip-box-label\">Consejo pr\u00e1ctico<\/div>\n                <p>Supervise los cambios sutiles en los h\u00e1bitos diarios: un televisor m\u00e1s fuerte, solicitudes de repetici\u00f3n m\u00e1s frecuentes, o una tendencia a posicionarse m\u00e1s cerca de las fuentes sonoras pueden se\u00f1alar el inicio de una presbiacusia.<\/p>\n            <\/div>\n\n            <h3>Dificultades de comunicaci\u00f3n e impacto social<\/h3>\n\n            <p>Las repeticiones frecuentes constituyen un marcador caracter\u00edstico de la presbiacusia naciente. Las personas afectadas a menudo oyen las voces pero tienen dificultades para distinguir las palabras, particularmente en entornos con una reverberaci\u00f3n importante o un ruido de fondo. Esta dificultad se explica por la p\u00e9rdida selectiva de las altas frecuencias, esenciales para la comprensi\u00f3n de las consonantes.<\/p>\n\n            <p>El impacto en la participaci\u00f3n social se vuelve r\u00e1pidamente notable. Las discusiones en grupo, que requieren una atenci\u00f3n auditiva sostenida y una capacidad para filtrar m\u00faltiples fuentes sonoras simult\u00e1neamente, se vuelven progresivamente agotadoras. Esta fatiga auditiva empuja naturalmente a un retiro de situaciones sociales complejas, lo que puede conducir a un aislamiento progresivo si la condici\u00f3n no es atendida.<\/p>\n\n            <h3>Manifestaci\u00f3n de los ac\u00fafenos asociados<\/h3>\n\n            <p>Los ac\u00fafenos, percibidos como zumbidos, silbidos o tintineos fantasma, acompa\u00f1an frecuentemente a la presbiacusia. Estos sonidos par\u00e1sitos resultan generalmente de una hiperactividad compensatoria del sistema nervioso auditivo ante la disminuci\u00f3n de la informaci\u00f3n sensorial perif\u00e9rica. Su intensidad var\u00eda seg\u00fan los individuos y puede acentuarse en entornos silenciosos.<\/p>\n\n            <p>La presencia de ac\u00fafenos a menudo complica la adaptaci\u00f3n a la p\u00e9rdida auditiva, creando una molestia adicional particularmente notable durante los per\u00edodos de descanso o concentraci\u00f3n. Su atenci\u00f3n generalmente requiere un enfoque multidisciplinario que combine soluciones auditivas y t\u00e9cnicas de manejo del estr\u00e9s.<\/p>\n\n            <h2>3. C\u00f3mo comunicarse eficazmente con una persona presbiac\u00fasica<\/h2>\n\n            <p>La comunicaci\u00f3n con una persona afectada de presbiacusia requiere adaptaciones espec\u00edficas que faciliten la comprensi\u00f3n mientras se preserva la dignidad y la autonom\u00eda del interlocutor. Estos ajustes, lejos de ser una carga, permiten mejorar significativamente la calidad de los intercambios y mantener relaciones sociales enriquecedoras.<\/p>\n\n            <p>La eficacia comunicativa se basa en la comprensi\u00f3n de los mecanismos subyacentes a la presbiacusia. Sabiendo que la p\u00e9rdida auditiva afecta principalmente a las altas frecuencias, las estrategias de comunicaci\u00f3n deben privilegiar la claridad articulatoria y la optimizaci\u00f3n del entorno ac\u00fastico en lugar de la simple aumento del volumen vocal.<\/p>\n<div class=\"conseil-card\">\n                <h3>Principios de comunicaci\u00f3n adaptada<\/h3>\n                <p><strong>Frente a frente:<\/strong> Col\u00f3quese siempre frente a la persona para permitir la lectura labial. <strong>Articulaci\u00f3n clara:<\/strong> Hable de manera distinta sin exagerar. <strong>Ritmo adaptado:<\/strong> Reduzca ligeramente su velocidad de habla. <strong>Entorno \u00f3ptimo:<\/strong> Elimine los ruidos de fondo molestos.<\/p>\n            <\/div>\n\n            <h3>T\u00e9cnicas vocales y articulatorias<\/h3>\n\n            <p>La adaptaci\u00f3n de la voz no consiste simplemente en hablar m\u00e1s alto, sino m\u00e1s bien en <strong>optimizar la calidad y claridad de la emisi\u00f3n vocal<\/strong>. Una articulaci\u00f3n clara, sin exageraci\u00f3n, permite una mejor percepci\u00f3n de las consonantes esenciales para la comprensi\u00f3n. Mantener un ritmo de habla ligeramente m\u00e1s lento deja tiempo al cerebro para procesar la informaci\u00f3n auditiva incompleta.<\/p>\n\n            <p>La modulaci\u00f3n de la voz tambi\u00e9n juega un papel crucial. Las variaciones de entonaci\u00f3n y la acentuaci\u00f3n de las palabras clave facilitan la comprensi\u00f3n global del mensaje. Sin embargo, se deben evitar cambios de volumen demasiado bruscos que pueden crear incomodidad auditiva en las personas que usan aud\u00edfonos.<\/p>\n\n            <h3>Optimizaci\u00f3n del entorno ac\u00fastico<\/h3>\n\n            <p>El entorno de escucha influye considerablemente en la calidad de la comunicaci\u00f3n. La reducci\u00f3n de las fuentes de ruido concurrente - televisi\u00f3n, radio, conversaciones paralelas - mejora significativamente las condiciones de escucha. La iluminaci\u00f3n del rostro del interlocutor facilita la lectura labial, t\u00e9cnica desarrollada espont\u00e1neamente por muchas personas con presbiacusia.<\/p>\n\n            <p>La elecci\u00f3n del lugar de conversaci\u00f3n tiene una importancia particular. Los espacios que presentan una ac\u00fastica favorable - baja reverberaci\u00f3n, ausencia de eco - optimizan la transmisi\u00f3n del mensaje vocal. Los restaurantes ruidosos o los grandes almacenes constituyen entornos particularmente desfavorables para una comunicaci\u00f3n efectiva.<\/p>\n\n            <div class=\"expert-box\">\n                <div class=\"expert-box-label\">ESTRATEGIAS AVANZADAS<\/div>\n                <div class=\"expert-box-title\">Comunicaci\u00f3n multimodal<\/div>\n                <p>El enfoque DYNSEO prioriza una comunicaci\u00f3n multimodal que combina se\u00f1ales auditivas, visuales y contextuales. Este m\u00e9todo utiliza varias v\u00edas sensoriales, compensando los d\u00e9ficits auditivos mediante el refuerzo de otros canales perceptivos.<\/p>\n                \n                <div class=\"expert-inner\">\n<div class=\"expert-inner-title\">Herramientas digitales de ayuda a la comunicaci\u00f3n<\/div>\n                    <p>Las aplicaciones <a href=\"https:\/\/www.dynseo.com\/es\/coco-piensa-y-coco-se-mueve-software-educativo\/\" style=\"color: #ffeca7;\">COCO<\/a> incluyen ejercicios de discriminaci\u00f3n auditiva que refuerzan las capacidades de escucha residuales y facilitan la adaptaci\u00f3n a las ayudas auditivas.<\/p>\n                <\/div>\n            <\/div>\n\n            <h3>Paciencia y benevolencia en los intercambios<\/h3>\n\n            <p>La dimensi\u00f3n psicol\u00f3gica de la comunicaci\u00f3n no debe ser descuidada. Las personas presbiac\u00fasicas a menudo desarrollan una ansiedad relacionada con las dificultades de comprensi\u00f3n, particularmente en situaciones sociales nuevas. Una actitud paciente y benevolente favorece un clima de confianza propicio para los intercambios.<\/p>\n\n            <p>Es esencial evitar las manifestaciones de impaciencia o frustraci\u00f3n ante las solicitudes repetidas de aclaraci\u00f3n. Estas reacciones pueden llevar a la persona a replegarse sobre s\u00ed misma y a evitar las situaciones de comunicaci\u00f3n, acelerando el aislamiento social a menudo asociado a la presbiacusia no compensada.<\/p>\n\n            <h2>4. Estrategias de prevenci\u00f3n y mantenimiento de la salud auditiva<\/h2>\n\n            <p>Aunque la presbiacusia constituye un fen\u00f3meno natural relacionado con el envejecimiento, algunas estrategias preventivas pueden ralentizar su progresi\u00f3n y preservar el capital auditivo. Estos enfoques, idealmente implementados desde la edad adulta, buscan limitar los factores de riesgo modificables mientras optimizan las condiciones de funcionamiento del sistema auditivo.<\/p>\n\n            <p>La prevenci\u00f3n de la presbiacusia se basa en un enfoque global que integra protecci\u00f3n auditiva, higiene de vida y estimulaci\u00f3n sensorial regular. A diferencia de las c\u00e9lulas ciliadas destruidas que no se regeneran, los mecanismos preventivos act\u00faan principalmente preservando las estructuras a\u00fan funcionales y optimizando su rendimiento.<\/p>\n\n            <h3>Entrenamientos auditivos y estimulaci\u00f3n sensorial<\/h3>\n\n            <p>Los <strong>ejercicios de entrenamiento auditivo<\/strong> constituyen un enfoque preventivo prometedor para mantener las capacidades de discriminaci\u00f3n sonora. Estos programas, disponibles en forma de aplicaciones m\u00f3viles o durante sesiones supervisadas, solicitan activamente las v\u00edas auditivas centrales y pueden mejorar el rendimiento de escucha incluso en presencia de una p\u00e9rdida auditiva perif\u00e9rica.<\/p>\n\n            <p>La participaci\u00f3n regular en actividades sociales que impliquen la escucha - conversaciones, conferencias, espect\u00e1culos - mantiene la plasticidad de los circuitos neuronales auditivos. Esta estimulaci\u00f3n natural favorece la adaptaci\u00f3n del cerebro a las modificaciones progresivas de la entrada sensorial perif\u00e9rica, retrasando la aparici\u00f3n de las dificultades funcionales.<\/p>\n\n            <div class=\"tip-box\">\n<div class=\"tip-box-label\">Programa de entrenamiento diario<\/div>\n                <p>Dedique 10-15 minutos al d\u00eda a ejercicios de escucha activa: m\u00fasica con atenci\u00f3n a los diferentes instrumentos, podcasts en un entorno ligeramente ruidoso, o ejercicios de discriminaci\u00f3n de sonidos propuestos por <a href=\"https:\/\/www.dynseo.com\/es\/coco-piensa-y-coco-se-mueve-software-educativo\/\" style=\"color: #92400e;\">COCO PIENSA y COCO SE MUEVE<\/a>.<\/p>\n            <\/div>\n\n            <h3>Higiene de vida y factores protectores<\/h3>\n\n            <p>La adopci\u00f3n de una higiene de vida favorable a la salud cardiovascular tambi\u00e9n beneficia al sistema auditivo. El o\u00eddo interno, ricamente vascularizado, depende de un aporte sangu\u00edneo \u00f3ptimo para mantener sus funciones. Las actividades f\u00edsicas regulares, particularmente los ejercicios de resistencia moderada, mejoran la microcirculaci\u00f3n coclear.<\/p>\n\n            <p>La alimentaci\u00f3n juega un papel preventivo importante. Los nutrientes antioxidantes - vitaminas C y E, beta-caroteno - protegen las c\u00e9lulas ciliadas del estr\u00e9s oxidativo. Los \u00e1cidos grasos omega-3, presentes en los pescados grasos, ejercen un efecto neuroprotector sobre las v\u00edas auditivas. En cambio, el consumo excesivo de alcohol y el tabaquismo aceleran la degeneraci\u00f3n auditiva.<\/p>\n<div class=\"key-points\">\n                <h3>Factores nutricionales protectores<\/h3>\n                <ul>\n                    <li><strong>Vitaminas B :<\/strong> B6, B12 y folatos para la funci\u00f3n nerviosa<\/li>\n                    <li><strong>Antioxidantes :<\/strong> Protecci\u00f3n contra los radicales libres<\/li>\n                    <li><strong>Magnesio :<\/strong> Prevenci\u00f3n de da\u00f1os relacionados con el ruido<\/li>\n                    <li><strong>Zinc :<\/strong> Mantenimiento de la funci\u00f3n inmune y auditiva<\/li>\n                    <li><strong>Omega-3 :<\/strong> Neuroprotecci\u00f3n y antiinflamaci\u00f3n<\/li>\n                <\/ul>\n            <\/div>\n\n            <h3>Protecci\u00f3n contra las agresiones sonoras<\/h3>\n\n            <p>La protecci\u00f3n auditiva contra las exposiciones sonoras nocivas representa uno de los pilares de la prevenci\u00f3n. Los traumatismos ac\u00fasticos, ya sean agudos (explosi\u00f3n, concierto) o cr\u00f3nicos (entorno profesional ruidoso), aceleran significativamente la evoluci\u00f3n hacia la presbiacusia. El uso sistem\u00e1tico de protecciones auditivas adecuadas en entornos de riesgo constituye una inversi\u00f3n para el futuro auditivo.<\/p>\n\n            <p>La sensibilizaci\u00f3n a los niveles sonoros peligrosos - generalmente m\u00e1s all\u00e1 de 85 decibelios para una exposici\u00f3n prolongada - permite adoptar comportamientos preventivos apropiados. Los conciertos, discotecas, herramientas mec\u00e1nicas o ciertos pasatiempos motorizados requieren una protecci\u00f3n auditiva eficaz para preservar el capital auditivo a largo plazo.<\/p>\n\n            <h2>5. Detecci\u00f3n y evaluaci\u00f3n auditiva: \u00bfcu\u00e1ndo consultar?<\/h2>\n\n            <p>La detecci\u00f3n precoz de la presbiacusia constituye un desaf\u00edo importante para optimizar la atenci\u00f3n y limitar las repercusiones en la calidad de vida. Las recomendaciones actuales sugieren un seguimiento auditivo regular a partir de los 50 a\u00f1os, periodo de aparici\u00f3n de los primeros signos de envejecimiento auditivo en las poblaciones expuestas.<\/p>\n\n            <p>La evaluaci\u00f3n auditiva profesional permite no solo cuantificar con precisi\u00f3n la p\u00e9rdida auditiva, sino tambi\u00e9n identificar las frecuencias espec\u00edficamente afectadas, guiando as\u00ed la elecci\u00f3n terap\u00e9utica \u00f3ptima. Este enfoque diagn\u00f3stico diferencial distingue la presbiacusia de otras patolog\u00edas auditivas que requieren tratamientos espec\u00edficos.<\/p>\n\n            <h3>Signos de alerta que requieren una consulta<\/h3>\n\n            <p>Algunos <strong>sintomas deben alertar<\/strong> y motivar una consulta especializada r\u00e1pidamente. M\u00e1s all\u00e1 de los signos cl\u00e1sicos de p\u00e9rdida auditiva, la aparici\u00f3n de ac\u00fafenos persistentes, sensaciones de plenitud auricular o desequilibrio puede se\u00f1alar complicaciones o patolog\u00edas asociadas que requieren una atenci\u00f3n espec\u00edfica.<\/p>\n\n            <p>Las modificaciones conductuales relacionadas con la audici\u00f3n - retiro social progresivo, dificultades profesionales, irritabilidad debido a malentendidos - tambi\u00e9n constituyen indicadores importantes. Estos signos, a menudo reportados por el entorno en lugar de la persona afectada, dan testimonio del impacto funcional de la p\u00e9rdida auditiva.<\/p>\n<div class=\"conseil-card\">\n                <h3>Indicadores de consulta urgente<\/h3>\n                <p><strong>P\u00e9rdida auditiva brusca:<\/strong> Necesita una consulta en las 24-48h. <strong>Ac\u00fafenos puls\u00e1tiles:<\/strong> Pueden se\u00f1alar una patolog\u00eda vascular. <strong>Asimetr\u00eda auditiva:<\/strong> Diferencia notable entre los dos o\u00eddos. <strong>Dolores asociados:<\/strong> Posibles complicaciones infecciosas o inflamatorias.<\/p>\n            <\/div>\n\n            <h3>Informe audiol\u00f3gico completo<\/h3>\n\n            <p>La audiometr\u00eda tonal constituye el examen de referencia para evaluar la presbiacusia. Este examen mide los umbrales auditivos para diferentes frecuencias, permitiendo establecer un audiograma preciso. Las curvas caracter\u00edsticas de la presbiacusia muestran t\u00edpicamente una ca\u00edda progresiva de los umbrales auditivos con el aumento de la frecuencia, particularmente marcada m\u00e1s all\u00e1 de 2000 Hz.<\/p>\n\n            <p>La audiometr\u00eda vocal completa esta evaluaci\u00f3n al probar la capacidad de comprensi\u00f3n del habla en diferentes condiciones de escucha. Estas pruebas a menudo revelan un desfase entre las capacidades auditivas puras y el rendimiento de comprensi\u00f3n en situaciones reales, caracter\u00edstico de la presbiacusia.<\/p>\n\n            <h3>Frecuencia recomendada de los controles<\/h3>\n\n            <p>La periodicidad del seguimiento auditivo depende de la edad y de los factores de riesgo individuales. Para las personas de 50 a 65 a\u00f1os sin factor de riesgo particular, un control bi-anual suele ser suficiente. M\u00e1s all\u00e1 de los 65 a\u00f1os, un seguimiento anual se recomienda debido a la posible aceleraci\u00f3n de la p\u00e9rdida auditiva.<\/p>\n\n            <p>Las personas que presentan factores de riesgo - antecedentes familiares, exposici\u00f3n profesional al ruido, tratamientos otot\u00f3xicos - se benefician de un seguimiento m\u00e1s cercano. Esta vigilancia permite detectar precozmente las evoluciones y adaptar la estrategia terap\u00e9utica en consecuencia.<\/p>\n\n            <div class=\"expert-box\">\n                <div class=\"expert-box-label\">EXPERTICIA DIAGN\u00d3STICA<\/div>\n                <div class=\"expert-box-title\">Evaluaci\u00f3n multidisciplinaria DYNSEO<\/div>\n                <p>Nuestra enfoque integra la evaluaci\u00f3n auditiva cl\u00e1sica con un an\u00e1lisis de las funciones cognitivas asociadas. Este m\u00e9todo permite identificar precozmente los impactos de la p\u00e9rdida auditiva en el rendimiento mn\u00e9sico y atencional.<\/p>\n                \n                <div class=\"expert-inner\">\n<div class=\"expert-inner-title\">Pruebas cognitivas complementarias<\/div>\n                    <p>Las bater\u00edas de evaluaci\u00f3n cognitiva <a href=\"https:\/\/www.dynseo.com\/es\/coco-piensa-y-coco-se-mueve-software-educativo\/\" style=\"color: #ffeca7;\">COCO<\/a> incluyen pruebas espec\u00edficamente adaptadas a las personas con discapacidad auditiva, permitiendo una evaluaci\u00f3n no sesgada de las capacidades intelectuales.<\/p>\n                <\/div>\n            <\/div>\n\n            <h2>6. Soluciones de adaptaci\u00f3n auditiva y tecnolog\u00edas innovadoras<\/h2>\n\n            <p>La adaptaci\u00f3n auditiva moderna representa la soluci\u00f3n de referencia para compensar los efectos de la presbiacusia. Las tecnolog\u00edas actuales, considerablemente evolucionadas en comparaci\u00f3n con las generaciones anteriores, ofrecen un rendimiento ac\u00fastico notable mientras preservan la comodidad y la discreci\u00f3n deseadas por los usuarios.<\/p>\n\n            <p>La elecci\u00f3n de la ayuda auditiva depende de m\u00faltiples factores: grado y configuraci\u00f3n de la p\u00e9rdida auditiva, estilo de vida, destreza manual, preferencias est\u00e9ticas y presupuesto. Esta personalizaci\u00f3n maximiza las posibilidades de adaptaci\u00f3n exitosa y de satisfacci\u00f3n a largo plazo del usuario.<\/p>\n\n            <h3>Tipos de ayudas auditivas y sus especificidades<\/h3>\n\n            <p>Los <strong>contornos de oreja cl\u00e1sicos<\/strong> son particularmente adecuados para p\u00e9rdidas auditivas moderadas a severas. Su tama\u00f1o permite integrar tecnolog\u00edas avanzadas - tratamiento digital sofisticado, sistemas direccionales, conectividad inal\u00e1mbrica - todo mientras se ofrece una autonom\u00eda energ\u00e9tica importante. Los modelos recientes presentan una discreci\u00f3n satisfactoria a pesar de su posicionamiento externo.<\/p>\n\n            <p>Los <strong>dispositivos intraauriculares<\/strong>, fabricados a medida a partir de impresiones de conductos auditivos, seducen por su discreci\u00f3n total. Disponibles en varios tama\u00f1os - del conducto profundo al pabell\u00f3n completo - se adaptan a los diferentes grados de p\u00e9rdida auditiva mientras preservan el aspecto est\u00e9tico natural de la oreja.<\/p>\n\n            <div class=\"tip-box\">\n<div class=\"tip-box-label\">Gu\u00eda de elecci\u00f3n personalizada<\/div>\n                <p><strong>P\u00e9rdida leve a moderada:<\/strong> Intraauricular o contorno discreto. <strong>P\u00e9rdida severa:<\/strong> Contorno de oreja potente. <strong>Problemas de destreza:<\/strong> Modelos con control remoto. <strong>Vida social activa:<\/strong> Dispositivos con conectividad Bluetooth.<\/p>\n            <\/div>\n\n            <h3>Innovaciones tecnol\u00f3gicas recientes<\/h3>\n\n            <p>Los algoritmos de procesamiento digital actuales integran funcionalidades de inteligencia artificial capaces de analizar el entorno sonoro en tiempo real. Estos sistemas adaptativos modifican autom\u00e1ticamente sus par\u00e1metros seg\u00fan el contexto - conversaci\u00f3n tranquila, restaurante ruidoso, m\u00fasica - optimizando la audibilidad y la comodidad de escucha.<\/p>\n\n            <p>La conectividad inal\u00e1mbrica revoluciona el uso de los aud\u00edfonos. La transmisi\u00f3n directa de la se\u00f1al de audio desde smartphones, televisores o sistemas de sonorizaci\u00f3n elimina los problemas de distancia y reverberaci\u00f3n. Esta tecnolog\u00eda transforma los dispositivos auditivos en verdaderos auriculares de alta fidelidad personalizados.<\/p>\n\n            <h3>Proceso de adaptaci\u00f3n y seguimiento<\/h3>\n\n            <p>La adaptaci\u00f3n a los aud\u00edfonos requiere generalmente un per\u00edodo de aclimataci\u00f3n de varias semanas. El cerebro debe reaprender a procesar informaci\u00f3n sonora que no recib\u00eda desde hace a veces a\u00f1os. Esta rehabilitaci\u00f3n auditiva progresiva justifica un acompa\u00f1amiento profesional atento durante los primeros meses de adaptaci\u00f3n.<\/p>\n\n            <p>Los ajustes iniciales, basados en el audiograma, constituyen un punto de partida que requiere ajustes sucesivos seg\u00fan los comentarios de la experiencia del usuario. Los audi\u00f3logos modernos disponen de herramientas de medici\u00f3n in-situ que permiten objetivar el rendimiento ac\u00fastico directamente en el o\u00eddo adaptado.<\/p>\n<div class=\"key-points\">\n                <h3>Etapas clave de la adaptaci\u00f3n<\/h3>\n                <ul>\n                    <li><strong>Primera adaptaci\u00f3n:<\/strong> Uso progresivo de 2-3h por d\u00eda inicialmente<\/li>\n                    <li><strong>Entornos tranquilos:<\/strong> Comenzar en casa antes de situaciones complejas<\/li>\n                    <li><strong>Ajustes frecuentes:<\/strong> 3-4 consultas los primeros meses<\/li>\n                    <li><strong>Paciencia necesaria:<\/strong> Adaptaci\u00f3n completa en 3-6 meses<\/li>\n                    <li><strong>Seguimiento a largo plazo:<\/strong> Controles anuales y mantenimiento regular<\/li>\n                <\/ul>\n            <\/div>\n\n            <h2>7. El v\u00ednculo crucial entre audici\u00f3n y memoria: impacto cognitivo<\/h2>\n\n            <p>Las investigaciones recientes en neurociencias revelan un <strong>v\u00ednculo bidireccional complejo entre la funci\u00f3n auditiva y las capacidades cognitivas<\/strong>. La presbiacusia no tratada se acompa\u00f1a frecuentemente de un declive acelerado de las prestaciones mn\u00e9sicas, atencionales y ejecutivas, sugiriendo una interacci\u00f3n directa entre privaci\u00f3n sensorial y envejecimiento cerebral.<\/p>\n\n            <p>Esta relaci\u00f3n se explica por varios mecanismos neurobiol\u00f3gicos. La reducci\u00f3n de la entrada sensorial auditiva priva al cerebro de informaci\u00f3n esencial para su funcionamiento \u00f3ptimo, mientras que el esfuerzo cognitivo adicional necesario para compensar las dificultades de audici\u00f3n moviliza recursos que normalmente se dedican a los procesos mn\u00e9sicos y atencionales.<\/p>\n\n            <h3>Mecanismos neurobiol\u00f3gicos subyacentes<\/h3>\n\n            <p>La anatom\u00eda cerebral revela conexiones directas entre las \u00e1reas auditivas primarias y las estructuras mn\u00e9sicas, particularmente el hipocampo y la corteza prefrontal. Estas v\u00edas neuronales bidireccionales explican por qu\u00e9 una alteraci\u00f3n auditiva puede repercutir en las capacidades de memorizaci\u00f3n, y viceversa, por qu\u00e9 algunas demencias se acompa\u00f1an de trastornos de procesamiento auditivo central.<\/p>\n\n            <p>La neuroplasticidad cerebral, habitualmente beneficiosa, puede parad\u00f3jicamente jugar un papel perjudicial en la presbiacusia. Ante la reducci\u00f3n de la entrada auditiva, el cerebro reorganiza sus conexiones movilizando \u00e1reas que normalmente se dedican a otras funciones cognitivas. Esta \"recuperaci\u00f3n\" de territorios cerebrales puede comprometer el rendimiento en estos dominios cognitivos desviados.<\/p>\n\n            <div class=\"expert-box\">\n                <div class=\"expert-box-label\">INVESTIGACI\u00d3N DYNSEO<\/div>\n                <div class=\"expert-box-title\">Compensaci\u00f3n cognitiva multimodal<\/div>\n                <p>Nuestros estudios demuestran que un entrenamiento cognitivo adaptado puede compensar parcialmente los d\u00e9ficits relacionados con la p\u00e9rdida auditiva. El enfoque multimodal estimula las v\u00edas neuronales alternativas, preservando el rendimiento cognitivo global.<\/p>\n                \n                <div class=\"expert-inner\">\n<div class=\"expert-inner-title\">Protocolos de entrenamiento especializados<\/div>\n                    <p>Los programas <a href=\"https:\/\/www.dynseo.com\/es\/coco-piensa-y-coco-se-mueve-software-educativo\/\" style=\"color: #ffeca7;\">COCO PIENSA y COCO SE MUEVE<\/a> incluyen m\u00f3dulos espec\u00edficamente dise\u00f1ados para las personas con discapacidad auditiva, reforzando las capacidades cognitivas a trav\u00e9s de ejercicios visuales y t\u00e1ctiles adaptados.<\/p>\n                <\/div>\n            <\/div>\n\n            <h3>Impacto en las diferentes funciones cognitivas<\/h3>\n\n            <p>La <strong>memoria de trabajo<\/strong> sufre el impacto m\u00e1s temprano y severo de la p\u00e9rdida auditiva. Esta funci\u00f3n, esencial para el procesamiento en tiempo real de la informaci\u00f3n, se ve sobrecargada por el esfuerzo constante de decodificaci\u00f3n de los mensajes auditivos incompletos. Esta sobrecarga cognitiva reduce los recursos disponibles para otras tareas mn\u00e9sicas.<\/p>\n\n            <p>La atenci\u00f3n selectiva y la inhibici\u00f3n cognitiva tambi\u00e9n se degradan ante la presbiacusia no compensada. El esfuerzo requerido para extraer el habla del ruido de fondo agota los mecanismos atencionales, reduciendo la capacidad para ignorar la informaci\u00f3n no relevante y mantener una concentraci\u00f3n sostenida en las tareas importantes.<\/p>\n\n            <h3>Aislamiento social y espiral de declive<\/h3>\n\n            <p>El aislamiento social consecuencia de las dificultades comunicativas acelera el declive cognitivo por la reducci\u00f3n de la estimulaci\u00f3n intelectual. Las interacciones sociales constituyen un entrenamiento cognitivo natural que solicita memoria, atenci\u00f3n, lenguaje y funciones ejecutivas. Su escasez priva al cerebro de esta estimulaci\u00f3n esencial para su mantenimiento funcional.<\/p>\n\n            <p>Esta espiral negativa - p\u00e9rdida auditiva, dificultades comunicativas, retiro social, declive cognitivo - puede ser interrumpida por una intervenci\u00f3n temprana. La adaptaci\u00f3n auditiva, asociada a un programa de entrenamiento cognitivo adecuado, permite restaurar las interacciones sociales y mantener la plasticidad cerebral.<\/p>\n\n            <h2>8. Factores de riesgo y poblaciones vulnerables<\/h2>\n\n            <p>La presbiacusia, aunque relacionada principalmente con el envejecimiento natural, presenta factores de riesgo identificables que permiten un enfoque preventivo dirigido. La comprensi\u00f3n de estos elementos predisponentes ayuda a identificar las poblaciones que requieren una vigilancia particular y medidas de protecci\u00f3n reforzadas.<\/p>\n\n            <p>Estos factores de riesgo interact\u00faan de manera compleja, creando perfiles de vulnerabilidad variables seg\u00fan los individuos. La identificaci\u00f3n temprana de estos elementos permite adaptar las estrategias de prevenci\u00f3n y optimizar la atenci\u00f3n terap\u00e9utica.<\/p>\n\n            <h3>Factores gen\u00e9ticos y familiares<\/h3>\n\n            <p>La <strong>predisposici\u00f3n hereditaria<\/strong> juega un papel significativo en el desarrollo y la severidad de la presbiacusia. Los estudios familiares revelan una agregaci\u00f3n de los trastornos auditivos relacionados con la edad, sugiriendo una transmisi\u00f3n de variantes gen\u00e9ticas que influyen en la resistencia al envejecimiento de las estructuras auditivas.<\/p>\n\n            <p>Varios genes candidatos han sido identificados, incluidos aquellos que codifican para las prote\u00ednas de mantenimiento estructural de las c\u00e9lulas ciliadas y las enzimas antioxidantes cocleares. Este conocimiento gen\u00e9tico emergente abre perspectivas para una medicina preventiva personalizada, permitiendo identificar tempranamente a los individuos de alto riesgo.<\/p>\n<div class=\"conseil-card\">\n                <h3>Indicadores familiares de alerta<\/h3>\n                <p>Interroga a tu familia sobre los antecedentes auditivos: edad de aparici\u00f3n de las dificultades, gravedad de la p\u00e9rdida, respuesta a los tratamientos. Esta informaci\u00f3n gu\u00eda la estrategia de vigilancia y prevenci\u00f3n personalizada. Se puede proponer una consulta gen\u00e9tica en los casos familiares severos.<\/p>\n            <\/div>\n\n            <h3>Exposiciones profesionales y ambientales<\/h3>\n\n            <p>La exposici\u00f3n cr\u00f3nica al ruido constituye el principal factor de riesgo modificable de presbiacusia precoz y severa. Las profesiones de riesgo - industria, construcci\u00f3n, transporte, m\u00fasica - exponen a los trabajadores a niveles sonoros susceptibles de acelerar significativamente el envejecimiento auditivo, particularmente en ausencia de protecci\u00f3n adecuada.<\/p>\n\n            <p>La exposici\u00f3n a otot\u00f3xicos - ciertos medicamentos, disolventes industriales, metales pesados - tambi\u00e9n puede debilitar el o\u00eddo interno y acelerar la aparici\u00f3n de la presbiacusia. Esta toxicidad acumulativa justifica una vigilancia auditiva reforzada en las personas expuestas profesional o terap\u00e9uticamente a estas sustancias.<\/p>\n<div class=\"key-points\">\n                <h3>Profesiones y exposiciones a riesgo elevado<\/h3>\n                <ul>\n                    <li><strong>Industria pesada:<\/strong> Metalurgia, construcci\u00f3n mec\u00e1nica, minas<\/li>\n                    <li><strong>Transporte:<\/strong> Aviaci\u00f3n, transporte ferroviario, transporte por carretera profesional<\/li>\n                    <li><strong>Construcci\u00f3n:<\/strong> Uso de herramientas neum\u00e1ticas, martillos neum\u00e1ticos<\/li>\n                    <li><strong>M\u00fasica:<\/strong> Orquestas, estudios de grabaci\u00f3n, discotecas<\/li>\n                    <li><strong>Qu\u00edmica:<\/strong> Exposici\u00f3n a disolventes y sustancias otot\u00f3xicas<\/li>\n                <\/ul>\n            <\/div>\n\n            <h3>Comorbilidades y factores sist\u00e9micos<\/h3>\n\n            <p>Las patolog\u00edas cardiovasculares influyen significativamente en la evoluci\u00f3n de la presbiacusia. El o\u00eddo interno, estructura altamente vascularizada, depende de un aporte sangu\u00edneo \u00f3ptimo para mantener sus funciones metab\u00f3licas. La hipertensi\u00f3n, la diabetes y la aterosclerosis comprometen esta vascularizaci\u00f3n, acelerando la degeneraci\u00f3n de las c\u00e9lulas sensoriales.<\/p>\n\n            <p>El s\u00edndrome metab\u00f3lico, que asocia obesidad, resistencia a la insulina y dislipidemia, constituye un factor de riesgo emergente de p\u00e9rdida auditiva acelerada. Los mecanismos implican inflamaci\u00f3n cr\u00f3nica, estr\u00e9s oxidativo y disfunci\u00f3n microvascular, todos perjudiciales para las estructuras auditivas finas.<\/p>\n\n            <h2>9. Soluciones alternativas y enfoques complementarios<\/h2>\n\n            <p>M\u00e1s all\u00e1 de la adaptaci\u00f3n auditiva convencional, diversos enfoques terap\u00e9uticos complementarios pueden contribuir a mejorar la calidad de vida de las personas afectadas por presbiacusia. Estas soluciones, utilizadas solas o en asociaci\u00f3n, ofrecen opciones adaptadas a los diferentes perfiles y preferencias de los pacientes.<\/p>\n\n            <p>La eficacia de estos enfoques alternativos var\u00eda seg\u00fan los individuos y el grado de p\u00e9rdida auditiva. Su integraci\u00f3n en un plan terap\u00e9utico global requiere una evaluaci\u00f3n personalizada y un seguimiento profesional adecuado.<\/p>\n\n            <h3>Implantes cocleares y soluciones quir\u00fargicas<\/h3>\n\n            <p>Los <strong>implantes cocleares<\/strong> representan una opci\u00f3n terap\u00e9utica revolucionaria para las presbiacusias severas a profundas que no se benefician suficientemente de la amplificaci\u00f3n convencional. Estos dispositivos electr\u00f3nicos evitan las estructuras auditivas defectuosas al estimular directamente el nervio auditivo, restaurando una percepci\u00f3n sonora funcional.<\/p>\n\n            <p>Los criterios de candidatura a los implantes cocleares se han\n<script type=\"application\/ld+json\">\n{\n  \"@context\": \"https:\/\/schema.org\",\n  \"@graph\": [\n    {\n      \"@type\": \"Article\",\n      \"headline\": \"Qu'est-ce que la presbyacousie ?\",\n      \"description\": \"Qu'est-ce que la presbyacousie ? Guide complet pour comprendre et traiter cette perte auditive li\u00e9e \u00e0 l'\u00e2ge\",\n      \"url\": \"https:\/\/www.dynseo.com\/presbyacousie\/\",\n      \"datePublished\": \"2026-04-29\",\n      \"dateModified\": \"2026-04-29\",\n      \"author\": {\n        \"@type\": \"Organization\",\n        \"name\": \"DYNSEO\",\n        \"url\": \"https:\/\/www.dynseo.com\"\n      },\n      \"publisher\": {\n        \"@type\": \"Organization\",\n        \"name\": \"DYNSEO\",\n        \"url\": \"https:\/\/www.dynseo.com\"\n      },\n      \"image\": \"https:\/\/www.dynseo.com\/presbyacousie\/\",\n      \"aggregateRating\": {\n        \"@type\": \"AggregateRating\",\n        \"ratingValue\": \"4.8\",\n        \"bestRating\": \"5\",\n        \"ratingCount\": \"47\"\n      }\n    },\n    {\n      \"@type\": \"WebPage\",\n      \"name\": \"Qu'est-ce que la presbyacousie ?\",\n      \"url\": \"https:\/\/www.dynseo.com\/presbyacousie\/\",\n      \"description\": \"Qu'est-ce que la presbyacousie ? Guide complet pour comprendre et traiter cette perte auditive li\u00e9e \u00e0 l'\u00e2ge\",\n      \"breadcrumb\": {\n        \"@type\": \"BreadcrumbList\",\n        \"itemListElement\": [\n          {\n            \"@type\": \"ListItem\",\n            \"position\": 1,\n            \"name\": \"Accueil\",\n            \"item\": \"https:\/\/www.dynseo.com\"\n          },\n          {\n            \"@type\": \"ListItem\",\n            \"position\": 2,\n            \"name\": \"Blog\",\n            \"item\": \"https:\/\/www.dynseo.com\/blog\/\"\n          },\n          {\n            \"@type\": \"ListItem\",\n            \"position\": 3,\n            \"name\": \"Qu'est-ce que la presbyacousie ?\",\n            \"item\": \"https:\/\/www.dynseo.com\/presbyacousie\/\"\n          }\n        ]\n      }\n    },\n    {\n      \"@type\": \"FAQPage\",\n      \"mainEntity\": [\n        {\n          \"@type\": \"Question\",\n          \"name\": \"Qu'est-ce que la presbyacousie exactement ?\",\n          \"acceptedAnswer\": {\n            \"@type\": \"Answer\",\n            \"text\": \"La presbyacousie est une perte auditive progressive et naturelle li\u00e9e au vieillissement. Elle affecte g\u00e9n\u00e9ralement les deux oreilles de mani\u00e8re sym\u00e9trique et touche principalement la perception des sons aigus.\"\n          }\n        },\n        {\n          \"@type\": \"Question\",\n          \"name\": \"\u00c0 quel \u00e2ge commence la presbyacousie ?\",\n          \"acceptedAnswer\": {\n            \"@type\": \"Answer\",\n            \"text\": \"La presbyacousie peut commencer d\u00e8s l'\u00e2ge de 40 ans, mais elle devient plus notable apr\u00e8s 60 ans. Elle progresse graduellement avec l'\u00e2ge et touche la majorit\u00e9 des personnes de plus de 75 ans.\"\n          }\n        },\n        {\n          \"@type\": \"Question\",\n          \"name\": \"Comment traiter la presbyacousie ?\",\n          \"acceptedAnswer\": {\n            \"@type\": \"Answer\",\n            \"text\": \"Le traitement principal de la presbyacousie consiste en l'utilisation d'appareils auditifs adapt\u00e9s. Des exercices auditifs, une bonne hygi\u00e8ne de vie et un suivi m\u00e9dical r\u00e9gulier peuvent \u00e9galement aider \u00e0 ralentir sa progression.\"\n          }\n        }\n      ]\n    }\n  ]\n}\n<\/script>[\/et_pb_code][\/et_pb_column][\/et_pb_row][\/et_pb_section]","_et_gb_content_width":"","footnotes":""},"categories":[2915],"tags":[],"class_list":["post-581025","post","type-post","status-publish","format-standard","has-post-thumbnail","hentry","category-les-conseils-des-coachs"],"yoast_head":"<!-- This site is optimized with the Yoast SEO plugin v27.4 - https:\/\/yoast.com\/product\/yoast-seo-wordpress\/ -->\n<title>\u00bfQu\u00e9 es la presbiacusia? - DYNSEO - Aplicaci\u00f3n educativa y juegos de memoria<\/title>\n<meta name=\"robots\" content=\"index, follow, max-snippet:-1, max-image-preview:large, max-video-preview:-1\" \/>\n<link rel=\"canonical\" href=\"https:\/\/www.dynseo.com\/es\/que-es-la-presbiacusia\/\" \/>\n<meta property=\"og:locale\" content=\"es_ES\" \/>\n<meta property=\"og:type\" content=\"article\" \/>\n<meta property=\"og:title\" content=\"\u00bfQu\u00e9 es la presbiacusia? - DYNSEO - Aplicaci\u00f3n educativa y juegos de memoria\" \/>\n<meta property=\"og:url\" content=\"https:\/\/www.dynseo.com\/es\/que-es-la-presbiacusia\/\" \/>\n<meta property=\"og:site_name\" content=\"DYNSEO - Aplicaci\u00f3n educativa y juegos de memoria\" \/>\n<meta property=\"article:published_time\" content=\"2026-05-03T08:03:08+00:00\" \/>\n<meta property=\"article:modified_time\" content=\"2026-05-03T08:08:18+00:00\" \/>\n<meta property=\"og:image\" content=\"https:\/\/www.dynseo.com\/wp-content\/uploads\/2023\/08\/aide-seniors-a-domicile-1024x576.png\" \/>\n\t<meta property=\"og:image:width\" content=\"1024\" \/>\n\t<meta property=\"og:image:height\" content=\"576\" \/>\n\t<meta property=\"og:image:type\" content=\"image\/png\" \/>\n<meta name=\"author\" content=\"DYNSEO\" \/>\n<meta name=\"twitter:label1\" content=\"Escrito por\" \/>\n\t<meta name=\"twitter:data1\" content=\"DYNSEO\" \/>\n\t<meta name=\"twitter:label2\" content=\"Tiempo de lectura\" \/>\n\t<meta name=\"twitter:data2\" content=\"24 minutos\" \/>\n<script type=\"application\/ld+json\" class=\"yoast-schema-graph\">{\"@context\":\"https:\\\/\\\/schema.org\",\"@graph\":[{\"@type\":\"Article\",\"@id\":\"https:\\\/\\\/www.dynseo.com\\\/es\\\/que-es-la-presbiacusia\\\/#article\",\"isPartOf\":{\"@id\":\"https:\\\/\\\/www.dynseo.com\\\/es\\\/que-es-la-presbiacusia\\\/\"},\"author\":{\"name\":\"DYNSEO\",\"@id\":\"https:\\\/\\\/www.dynseo.com\\\/es\\\/#\\\/schema\\\/person\\\/78ef63df2ee64e0989bc68f8401b38d6\"},\"headline\":\"\u00bfQu\u00e9 es la presbiacusia?\",\"datePublished\":\"2026-05-03T08:03:08+00:00\",\"dateModified\":\"2026-05-03T08:08:18+00:00\",\"mainEntityOfPage\":{\"@id\":\"https:\\\/\\\/www.dynseo.com\\\/es\\\/que-es-la-presbiacusia\\\/\"},\"wordCount\":4857,\"publisher\":{\"@id\":\"https:\\\/\\\/www.dynseo.com\\\/es\\\/#organization\"},\"image\":{\"@id\":\"https:\\\/\\\/www.dynseo.com\\\/es\\\/que-es-la-presbiacusia\\\/#primaryimage\"},\"thumbnailUrl\":\"https:\\\/\\\/www.dynseo.com\\\/wp-content\\\/uploads\\\/2023\\\/08\\\/aide-seniors-a-domicile.png\",\"articleSection\":[\"Les conseils des coachs\"],\"inLanguage\":\"es\"},{\"@type\":\"WebPage\",\"@id\":\"https:\\\/\\\/www.dynseo.com\\\/es\\\/que-es-la-presbiacusia\\\/\",\"url\":\"https:\\\/\\\/www.dynseo.com\\\/es\\\/que-es-la-presbiacusia\\\/\",\"name\":\"\u00bfQu\u00e9 es la presbiacusia? - DYNSEO - Aplicaci\u00f3n educativa y juegos de memoria\",\"isPartOf\":{\"@id\":\"https:\\\/\\\/www.dynseo.com\\\/es\\\/#website\"},\"primaryImageOfPage\":{\"@id\":\"https:\\\/\\\/www.dynseo.com\\\/es\\\/que-es-la-presbiacusia\\\/#primaryimage\"},\"image\":{\"@id\":\"https:\\\/\\\/www.dynseo.com\\\/es\\\/que-es-la-presbiacusia\\\/#primaryimage\"},\"thumbnailUrl\":\"https:\\\/\\\/www.dynseo.com\\\/wp-content\\\/uploads\\\/2023\\\/08\\\/aide-seniors-a-domicile.png\",\"datePublished\":\"2026-05-03T08:03:08+00:00\",\"dateModified\":\"2026-05-03T08:08:18+00:00\",\"breadcrumb\":{\"@id\":\"https:\\\/\\\/www.dynseo.com\\\/es\\\/que-es-la-presbiacusia\\\/#breadcrumb\"},\"inLanguage\":\"es\",\"potentialAction\":[{\"@type\":\"ReadAction\",\"target\":[\"https:\\\/\\\/www.dynseo.com\\\/es\\\/que-es-la-presbiacusia\\\/\"]}]},{\"@type\":\"ImageObject\",\"inLanguage\":\"es\",\"@id\":\"https:\\\/\\\/www.dynseo.com\\\/es\\\/que-es-la-presbiacusia\\\/#primaryimage\",\"url\":\"https:\\\/\\\/www.dynseo.com\\\/wp-content\\\/uploads\\\/2023\\\/08\\\/aide-seniors-a-domicile.png\",\"contentUrl\":\"https:\\\/\\\/www.dynseo.com\\\/wp-content\\\/uploads\\\/2023\\\/08\\\/aide-seniors-a-domicile.png\",\"width\":1920,\"height\":1080,\"caption\":\"Desaf\u00eda tu cerebro y mant\u00e9n una mente sana\"},{\"@type\":\"BreadcrumbList\",\"@id\":\"https:\\\/\\\/www.dynseo.com\\\/es\\\/que-es-la-presbiacusia\\\/#breadcrumb\",\"itemListElement\":[{\"@type\":\"ListItem\",\"position\":1,\"name\":\"Accueil\",\"item\":\"https:\\\/\\\/www.dynseo.com\\\/es\\\/\"},{\"@type\":\"ListItem\",\"position\":2,\"name\":\"\u00bfQu\u00e9 es la presbiacusia?\"}]},{\"@type\":\"WebSite\",\"@id\":\"https:\\\/\\\/www.dynseo.com\\\/es\\\/#website\",\"url\":\"https:\\\/\\\/www.dynseo.com\\\/es\\\/\",\"name\":\"Jeux de m\u00e9moire et stimulation cognitive\",\"description\":\"Entra\u00eenez votre m\u00e9moire et votre cerveau avec DYNSEO\",\"publisher\":{\"@id\":\"https:\\\/\\\/www.dynseo.com\\\/es\\\/#organization\"},\"potentialAction\":[{\"@type\":\"SearchAction\",\"target\":{\"@type\":\"EntryPoint\",\"urlTemplate\":\"https:\\\/\\\/www.dynseo.com\\\/es\\\/?s={search_term_string}\"},\"query-input\":{\"@type\":\"PropertyValueSpecification\",\"valueRequired\":true,\"valueName\":\"search_term_string\"}}],\"inLanguage\":\"es\"},{\"@type\":\"Organization\",\"@id\":\"https:\\\/\\\/www.dynseo.com\\\/es\\\/#organization\",\"name\":\"DYNSEO\",\"url\":\"https:\\\/\\\/www.dynseo.com\\\/es\\\/\",\"logo\":{\"@type\":\"ImageObject\",\"inLanguage\":\"es\",\"@id\":\"https:\\\/\\\/www.dynseo.com\\\/es\\\/#\\\/schema\\\/logo\\\/image\\\/\",\"url\":\"https:\\\/\\\/www.dynseo.com\\\/wp-content\\\/uploads\\\/2022\\\/05\\\/logo-dynseo-new.png\",\"contentUrl\":\"https:\\\/\\\/www.dynseo.com\\\/wp-content\\\/uploads\\\/2022\\\/05\\\/logo-dynseo-new.png\",\"width\":5073,\"height\":1397,\"caption\":\"DYNSEO\"},\"image\":{\"@id\":\"https:\\\/\\\/www.dynseo.com\\\/es\\\/#\\\/schema\\\/logo\\\/image\\\/\"}},{\"@type\":\"Person\",\"@id\":\"https:\\\/\\\/www.dynseo.com\\\/es\\\/#\\\/schema\\\/person\\\/78ef63df2ee64e0989bc68f8401b38d6\",\"name\":\"DYNSEO\",\"url\":\"https:\\\/\\\/www.dynseo.com\\\/es\\\/author\\\/justine\\\/\"}]}<\/script>\n<!-- \/ Yoast SEO plugin. -->","yoast_head_json":{"title":"\u00bfQu\u00e9 es la presbiacusia? - DYNSEO - Aplicaci\u00f3n educativa y juegos de memoria","robots":{"index":"index","follow":"follow","max-snippet":"max-snippet:-1","max-image-preview":"max-image-preview:large","max-video-preview":"max-video-preview:-1"},"canonical":"https:\/\/www.dynseo.com\/es\/que-es-la-presbiacusia\/","og_locale":"es_ES","og_type":"article","og_title":"\u00bfQu\u00e9 es la presbiacusia? - DYNSEO - Aplicaci\u00f3n educativa y juegos de memoria","og_url":"https:\/\/www.dynseo.com\/es\/que-es-la-presbiacusia\/","og_site_name":"DYNSEO - Aplicaci\u00f3n educativa y juegos de memoria","article_published_time":"2026-05-03T08:03:08+00:00","article_modified_time":"2026-05-03T08:08:18+00:00","og_image":[{"width":1024,"height":576,"url":"https:\/\/www.dynseo.com\/wp-content\/uploads\/2023\/08\/aide-seniors-a-domicile-1024x576.png","type":"image\/png"}],"author":"DYNSEO","twitter_misc":{"Escrito por":"DYNSEO","Tiempo de lectura":"24 minutos"},"schema":{"@context":"https:\/\/schema.org","@graph":[{"@type":"Article","@id":"https:\/\/www.dynseo.com\/es\/que-es-la-presbiacusia\/#article","isPartOf":{"@id":"https:\/\/www.dynseo.com\/es\/que-es-la-presbiacusia\/"},"author":{"name":"DYNSEO","@id":"https:\/\/www.dynseo.com\/es\/#\/schema\/person\/78ef63df2ee64e0989bc68f8401b38d6"},"headline":"\u00bfQu\u00e9 es la presbiacusia?","datePublished":"2026-05-03T08:03:08+00:00","dateModified":"2026-05-03T08:08:18+00:00","mainEntityOfPage":{"@id":"https:\/\/www.dynseo.com\/es\/que-es-la-presbiacusia\/"},"wordCount":4857,"publisher":{"@id":"https:\/\/www.dynseo.com\/es\/#organization"},"image":{"@id":"https:\/\/www.dynseo.com\/es\/que-es-la-presbiacusia\/#primaryimage"},"thumbnailUrl":"https:\/\/www.dynseo.com\/wp-content\/uploads\/2023\/08\/aide-seniors-a-domicile.png","articleSection":["Les conseils des coachs"],"inLanguage":"es"},{"@type":"WebPage","@id":"https:\/\/www.dynseo.com\/es\/que-es-la-presbiacusia\/","url":"https:\/\/www.dynseo.com\/es\/que-es-la-presbiacusia\/","name":"\u00bfQu\u00e9 es la presbiacusia? - DYNSEO - Aplicaci\u00f3n educativa y juegos de memoria","isPartOf":{"@id":"https:\/\/www.dynseo.com\/es\/#website"},"primaryImageOfPage":{"@id":"https:\/\/www.dynseo.com\/es\/que-es-la-presbiacusia\/#primaryimage"},"image":{"@id":"https:\/\/www.dynseo.com\/es\/que-es-la-presbiacusia\/#primaryimage"},"thumbnailUrl":"https:\/\/www.dynseo.com\/wp-content\/uploads\/2023\/08\/aide-seniors-a-domicile.png","datePublished":"2026-05-03T08:03:08+00:00","dateModified":"2026-05-03T08:08:18+00:00","breadcrumb":{"@id":"https:\/\/www.dynseo.com\/es\/que-es-la-presbiacusia\/#breadcrumb"},"inLanguage":"es","potentialAction":[{"@type":"ReadAction","target":["https:\/\/www.dynseo.com\/es\/que-es-la-presbiacusia\/"]}]},{"@type":"ImageObject","inLanguage":"es","@id":"https:\/\/www.dynseo.com\/es\/que-es-la-presbiacusia\/#primaryimage","url":"https:\/\/www.dynseo.com\/wp-content\/uploads\/2023\/08\/aide-seniors-a-domicile.png","contentUrl":"https:\/\/www.dynseo.com\/wp-content\/uploads\/2023\/08\/aide-seniors-a-domicile.png","width":1920,"height":1080,"caption":"Desaf\u00eda tu cerebro y mant\u00e9n una mente sana"},{"@type":"BreadcrumbList","@id":"https:\/\/www.dynseo.com\/es\/que-es-la-presbiacusia\/#breadcrumb","itemListElement":[{"@type":"ListItem","position":1,"name":"Accueil","item":"https:\/\/www.dynseo.com\/es\/"},{"@type":"ListItem","position":2,"name":"\u00bfQu\u00e9 es la presbiacusia?"}]},{"@type":"WebSite","@id":"https:\/\/www.dynseo.com\/es\/#website","url":"https:\/\/www.dynseo.com\/es\/","name":"Jeux de m\u00e9moire et stimulation cognitive","description":"Entra\u00eenez votre m\u00e9moire et votre cerveau avec DYNSEO","publisher":{"@id":"https:\/\/www.dynseo.com\/es\/#organization"},"potentialAction":[{"@type":"SearchAction","target":{"@type":"EntryPoint","urlTemplate":"https:\/\/www.dynseo.com\/es\/?s={search_term_string}"},"query-input":{"@type":"PropertyValueSpecification","valueRequired":true,"valueName":"search_term_string"}}],"inLanguage":"es"},{"@type":"Organization","@id":"https:\/\/www.dynseo.com\/es\/#organization","name":"DYNSEO","url":"https:\/\/www.dynseo.com\/es\/","logo":{"@type":"ImageObject","inLanguage":"es","@id":"https:\/\/www.dynseo.com\/es\/#\/schema\/logo\/image\/","url":"https:\/\/www.dynseo.com\/wp-content\/uploads\/2022\/05\/logo-dynseo-new.png","contentUrl":"https:\/\/www.dynseo.com\/wp-content\/uploads\/2022\/05\/logo-dynseo-new.png","width":5073,"height":1397,"caption":"DYNSEO"},"image":{"@id":"https:\/\/www.dynseo.com\/es\/#\/schema\/logo\/image\/"}},{"@type":"Person","@id":"https:\/\/www.dynseo.com\/es\/#\/schema\/person\/78ef63df2ee64e0989bc68f8401b38d6","name":"DYNSEO","url":"https:\/\/www.dynseo.com\/es\/author\/justine\/"}]}},"_links":{"self":[{"href":"https:\/\/www.dynseo.com\/es\/wp-json\/wp\/v2\/posts\/581025","targetHints":{"allow":["GET"]}}],"collection":[{"href":"https:\/\/www.dynseo.com\/es\/wp-json\/wp\/v2\/posts"}],"about":[{"href":"https:\/\/www.dynseo.com\/es\/wp-json\/wp\/v2\/types\/post"}],"author":[{"embeddable":true,"href":"https:\/\/www.dynseo.com\/es\/wp-json\/wp\/v2\/users\/4"}],"replies":[{"embeddable":true,"href":"https:\/\/www.dynseo.com\/es\/wp-json\/wp\/v2\/comments?post=581025"}],"version-history":[{"count":17,"href":"https:\/\/www.dynseo.com\/es\/wp-json\/wp\/v2\/posts\/581025\/revisions"}],"predecessor-version":[{"id":581042,"href":"https:\/\/www.dynseo.com\/es\/wp-json\/wp\/v2\/posts\/581025\/revisions\/581042"}],"wp:featuredmedia":[{"embeddable":true,"href":"https:\/\/www.dynseo.com\/es\/wp-json\/wp\/v2\/media\/332551"}],"wp:attachment":[{"href":"https:\/\/www.dynseo.com\/es\/wp-json\/wp\/v2\/media?parent=581025"}],"wp:term":[{"taxonomy":"category","embeddable":true,"href":"https:\/\/www.dynseo.com\/es\/wp-json\/wp\/v2\/categories?post=581025"},{"taxonomy":"post_tag","embeddable":true,"href":"https:\/\/www.dynseo.com\/es\/wp-json\/wp\/v2\/tags?post=581025"}],"curies":[{"name":"wp","href":"https:\/\/api.w.org\/{rel}","templated":true}]}}