{"id":747126,"date":"2026-07-18T01:43:29","date_gmt":"2026-07-17T23:43:29","guid":{"rendered":"https:\/\/www.dynseo.com\/troubles-cognitifs-comprendre-pour-agir-validation-redirection-ancrages-dynseo\/"},"modified":"2026-07-19T11:43:18","modified_gmt":"2026-07-19T09:43:18","slug":"trastornos-cognitivos-comprender-para-actuar-validacion-redireccion-anclajes-dynseo","status":"publish","type":"post","link":"https:\/\/www.dynseo.com\/es\/trastornos-cognitivos-comprender-para-actuar-validacion-redireccion-anclajes-dynseo\/","title":{"rendered":"Trastornos cognitivos: comprender para actuar \u2014 validaci\u00f3n, redirecci\u00f3n, anclajes \u2014 DYNSEO"},"content":{"rendered":"<p>[et_pb_section fb_built=\u00bb1&#8243; admin_label=\u00bbArticle HTML\u00bb _builder_version=\u00bb4.16&#8243; custom_padding=\u00bb0px||0px||false|false\u00bb global_colors_info=\u00bb{}\u00bb][et_pb_row admin_label=\u00bbContenu\u00bb _builder_version=\u00bb4.16&#8243; width=\u00bb100%\u00bb max_width=\u00bb100%\u00bb custom_padding=\u00bb0px||0px||false|false\u00bb global_colors_info=\u00bb{}\u00bb][et_pb_column type=\u00bb4_4&#8243; _builder_version=\u00bb4.16&#8243; global_colors_info=\u00bb{}\u00bb][et_pb_code admin_label=\u00bbHTML import\u00e9\u00bb _builder_version=\u00bb4.16&#8243; global_colors_info=\u00bb{}\u00bb]<\/p>\n<style type=\"text\/css\">\n:root{--blue:#5e5ed7;--blue-dark:#5268c9;--teal:#a9e2e4;--yellow:#ffeca7;--pink:#e73469;--light-bg:#f8f9ff;--text:#2d2d4e;--text-light:#6b6b8a;--br:14px;--shc:0 2px 18px rgba(94,94,215,.08)}\n@import url('https:\/\/fonts.googleapis.com\/css2?family=Montserrat:wght@400;600;700;800&family=Poppins:wght@300;400;500&display=swap');<\/p>\n<p>* {box-sizing:border-box;margin:0;padding:0}\n.dbi-art-976906 {font-family:'Poppins',sans-serif;color:var(--text);background:#fff;line-height:1.85;font-size:16px}\n.dbi-art-976906 h1, .dbi-art-976906 h2, .dbi-art-976906 h3, .dbi-art-976906 h4, .dbi-art-976906 h5 {font-family:'Montserrat',sans-serif}\n.dbi-art-976906 .hero {background:linear-gradient(135deg,#0a2040 0%,var(--blue) 55%,#2a7a9a 100%);color:#fff;padding:72px 20px 56px;text-align:center}\n.dbi-art-976906 .hero-tag {display:inline-block;background:rgba(255,255,255,.18);border:1px solid rgba(255,255,255,.3);color:#fff;padding:5px 18px;border-radius:50px;font-size:12px;font-weight:600;letter-spacing:1px;text-transform:uppercase;margin-bottom:22px}\n.dbi-art-976906 .hero h1 {font-size:clamp(26px,3.8vw,42px);font-weight:800;line-height:1.2;max-width:840px;margin:0 auto 20px}\n.dbi-art-976906 .hero-sub {font-size:16px;opacity:.88;max-width:660px;margin:0 auto}\n.dbi-art-976906 .container {max-width:860px;margin:0 auto;padding:0 24px}\n.dbi-art-976906 h2 {font-size:clamp(20px,2.8vw,28px);font-weight:800;color:var(--blue);margin:60px 0 20px;padding-bottom:12px;border-bottom:3px solid var(--teal)}\n.dbi-art-976906 h3 {font-size:19px;font-weight:700;color:var(--blue-dark);margin:38px 0 14px}\n.dbi-art-976906 h4 {font-size:16px;font-weight:700;color:var(--text);margin:24px 0 10px}\n.dbi-art-976906 p {margin-bottom:18px;line-height:1.85}\n.dbi-art-976906 a {color:var(--blue);font-weight:600;text-decoration:none}\n.dbi-art-976906 a:hover {text-decoration:underline}\n.dbi-art-976906 .intro-box {border-left:5px solid var(--blue);background:rgba(94,94,215,.05);padding:28px 32px;border-radius:0 var(--br) var(--br) 0;margin:40px 0}\n.dbi-art-976906 .intro-box p {font-size:17px;margin:0;line-height:1.9}\n.dbi-art-976906 .hl {background:linear-gradient(135deg,rgba(169,226,228,.22),rgba(255,236,167,.22));border-radius:var(--br);padding:28px 30px;margin:30px 0;border:1px solid rgba(169,226,228,.5)}\n.dbi-art-976906 .hl h4 {color:var(--blue);margin-top:0;margin-bottom:14px}\n.dbi-art-976906 .hl p:last-child, .dbi-art-976906 .hl ul:last-child {margin-bottom:0}\n.dbi-art-976906 .tip-box {background:var(--yellow);border-radius:var(--br);padding:22px 28px;margin:30px 0}\n.dbi-art-976906 .tip-box p {margin:0;font-size:15px}\n.dbi-art-976906 .pink-box {background:rgba(231,52,105,.06);border-left:5px solid var(--pink);border-radius:0 var(--br) var(--br) 0;padding:22px 28px;margin:30px 0}\n.dbi-art-976906 .pink-box p {margin:0;font-size:15px}\n.dbi-art-976906 .pink-box strong {color:var(--pink)}\n.dbi-art-976906 .teal-box {background:rgba(169,226,228,.15);border-left:5px solid #2aa0a4;border-radius:0 var(--br) var(--br) 0;padding:22px 28px;margin:30px 0}\n.dbi-art-976906 .teal-box p {margin:0;font-size:15px}\n.dbi-art-976906 .stats-grid {display:grid;grid-template-columns:repeat(auto-fit,minmax(180px,1fr));gap:14px;margin:28px 0}\n.dbi-art-976906 .stat-card {border-radius:var(--br);padding:22px 18px;text-align:center;color:#fff}\n.dbi-art-976906 .stat-card.blue {background:linear-gradient(135deg,var(--blue),var(--blue-dark))}\n.dbi-art-976906 .stat-card.teal {background:linear-gradient(135deg,#2aa0a4,#1a6e70)}\n.dbi-art-976906 .stat-card.pink {background:linear-gradient(135deg,var(--pink),#b02050)}\n.dbi-art-976906 .stat-card.yellow {background:linear-gradient(135deg,#b07800,#8a5c00)}\n.dbi-art-976906 .stat-num {font-family:'Montserrat',sans-serif;font-size:30px;font-weight:800;display:block;margin-bottom:6px}\n.dbi-art-976906 .stat-label {font-size:12px;opacity:.9;line-height:1.4}\n.dbi-art-976906 .barrier-grid {display:grid;grid-template-columns:repeat(auto-fit,minmax(240px,1fr));gap:16px;margin:28px 0}\n.dbi-art-976906 .barrier-card {background:#fff;border-radius:var(--br);padding:22px 20px;box-shadow:var(--shc);border-top:4px solid var(--blue)}\n.dbi-art-976906 .barrier-card .b-icon {font-size:26px;margin-bottom:10px}\n.dbi-art-976906 .barrier-card h5 {font-family:'Montserrat',sans-serif;font-size:14px;font-weight:700;color:var(--blue);margin-bottom:8px}\n.dbi-art-976906 .barrier-card p {font-size:13px;color:var(--text-light);margin:0 0 10px;line-height:1.6}\n.dbi-art-976906 .barrier-card .b-fix {font-size:12px;font-weight:600;color:#1a6e50;background:rgba(58,170,120,.08);padding:7px 10px;border-radius:6px;display:block;line-height:1.4}\n.dbi-art-976906 .process-track {margin:32px 0}\n.dbi-art-976906 .process-step {display:grid;grid-template-columns:1fr 1fr;gap:16px;margin-bottom:20px;align-items:start}\n@media(max-width:580px) {\n.dbi-art-976906 .process-step {grid-template-columns:1fr}\n}\n.dbi-art-976906 .ps-standard {background:rgba(231,52,105,.04);border:1px solid rgba(231,52,105,.15);border-radius:var(--br);padding:16px 18px}\n.dbi-art-976906 .ps-adapted {background:rgba(58,170,120,.05);border:1px solid rgba(58,170,120,.2);border-radius:var(--br);padding:16px 18px}\n.dbi-art-976906 .ps-label {font-size:11px;font-weight:700;text-transform:uppercase;letter-spacing:.5px;margin-bottom:8px;display:block}\n.dbi-art-976906 .ps-standard .ps-label {color:var(--pink)}\n.dbi-art-976906 .ps-adapted .ps-label {color:#1a6e50}\n.dbi-art-976906 .ps-standard h5, .dbi-art-976906 .ps-adapted h5 {font-family:'Montserrat',sans-serif;font-size:13px;font-weight:700;margin-bottom:6px;color:var(--text)}\n.dbi-art-976906 .ps-standard p, .dbi-art-976906 .ps-adapted p {font-size:12px;color:var(--text-light);margin:0;line-height:1.5}\n.dbi-art-976906 .dynseo-table {width:100%;border-collapse:collapse;margin:30px 0;border-radius:var(--br);overflow:hidden;box-shadow:var(--shc)}\n.dbi-art-976906 .dynseo-table thead tr {background:var(--blue);color:#fff}\n.dbi-art-976906 .dynseo-table thead th {padding:14px 18px;font-family:'Montserrat',sans-serif;font-size:13px;font-weight:700;text-align:left}\n.dbi-art-976906 .dynseo-table tbody tr:nth-child(even) {background:rgba(94,94,215,.04)}\n.dbi-art-976906 .dynseo-table tbody tr:hover {background:rgba(169,226,228,.2)}\n.dbi-art-976906 .dynseo-table td {padding:13px 18px;font-size:14px;border-bottom:1px solid rgba(94,94,215,.08);vertical-align:top;line-height:1.6}\n.dbi-art-976906 .dynseo-table td strong {color:var(--blue-dark)}\n.dbi-art-976906 .formation-block {background:#fff;border-radius:var(--br);box-shadow:0 4px 32px rgba(94,94,215,.13);overflow:hidden;margin:44px 0}\n.dbi-art-976906 .formation-block .fb-body {padding:28px 30px}\n.dbi-art-976906 .formation-block .fb-tag {display:inline-block;background:rgba(94,94,215,.1);color:var(--blue);font-size:11px;font-weight:700;text-transform:uppercase;letter-spacing:1px;padding:4px 12px;border-radius:50px;margin-bottom:14px}\n.dbi-art-976906 .formation-block h3 {margin:0 0 12px;color:var(--blue);font-size:20px}\n.dbi-art-976906 .formation-block p {font-size:14px;margin-bottom:18px}\n.dbi-art-976906 .formation-block .fb-meta {display:flex;flex-wrap:wrap;gap:10px;margin-bottom:20px}\n.dbi-art-976906 .formation-block .fb-meta span {background:var(--light-bg);padding:5px 12px;border-radius:50px;font-size:12px;font-weight:600;color:var(--text-light)}\n.dbi-art-976906 .btn-primary {display:inline-block;background:linear-gradient(135deg,var(--blue),var(--blue-dark));color:#fff;font-family:'Montserrat',sans-serif;font-weight:700;font-size:14px;padding:13px 28px;border-radius:50px;text-decoration:none;box-shadow:0 4px 16px rgba(94,94,215,.3)}\n.dbi-art-976906 .cta-block {background:linear-gradient(135deg,var(--blue-dark),var(--blue));border-radius:var(--br);padding:40px 32px;margin:52px 0;color:#fff;text-align:center}\n.dbi-art-976906 .cta-block h3 {color:#fff;margin:0 0 12px;font-size:22px}\n.dbi-art-976906 .cta-block p {color:rgba(255,255,255,.88);margin:0 auto 24px;max-width:580px;font-size:15px}\n.dbi-art-976906 .cta-block .btns {display:flex;gap:12px;justify-content:center;flex-wrap:wrap}\n.dbi-art-976906 .btn-white {display:inline-block;background:#fff;color:var(--blue);font-family:'Montserrat',sans-serif;font-weight:700;font-size:13px;padding:12px 26px;border-radius:50px;text-decoration:none}\n.dbi-art-976906 .btn-outline {display:inline-block;background:transparent;border:2px solid rgba(255,255,255,.6);color:#fff;font-family:'Montserrat',sans-serif;font-weight:600;font-size:13px;padding:11px 24px;border-radius:50px;text-decoration:none}\n.dbi-art-976906 .tools-grid {display:grid;grid-template-columns:repeat(auto-fit,minmax(220px,1fr));gap:12px;margin:24px 0}\n.dbi-art-976906 .tool-card {background:var(--light-bg);border-radius:10px;padding:16px 18px;border:1px solid rgba(94,94,215,.1)}\n.dbi-art-976906 .tool-card h5 {font-size:13px;font-weight:700;color:var(--blue);margin-bottom:6px}\n.dbi-art-976906 .tool-card p {font-size:12px;color:var(--text-light);margin:0 0 8px}\n.dbi-art-976906 .tool-card a {font-size:12px;color:var(--blue);font-weight:600}\n.dbi-art-976906 .appli-grid {display:grid;grid-template-columns:repeat(auto-fit,minmax(200px,1fr));gap:14px;margin:24px 0}\n.dbi-art-976906 .appli-card {background:#fff;border-radius:var(--br);padding:18px;box-shadow:var(--shc);border:1px solid rgba(94,94,215,.08)}\n.dbi-art-976906 .appli-card h5 {font-size:13px;font-weight:700;color:var(--blue);margin-bottom:8px}\n.dbi-art-976906 .appli-card p {font-size:12px;color:var(--text-light);margin:0 0 10px}\n.dbi-art-976906 .appli-card a {font-size:12px;color:var(--blue);font-weight:600}\n.dbi-art-976906 .formations-links {display:grid;grid-template-columns:repeat(auto-fit,minmax(260px,1fr));gap:12px;margin:24px 0}\n.dbi-art-976906 .formation-link {background:#fff;border-radius:10px;padding:16px 20px;box-shadow:var(--shc);border-left:4px solid var(--blue);display:flex;flex-direction:column;gap:6px}\n.dbi-art-976906 .formation-link span {font-size:12px;color:var(--text-light)}\n.dbi-art-976906 .formation-link a {font-size:14px;font-weight:700;color:var(--blue-dark)}\n.dbi-art-976906 .faq-section {background:var(--light-bg);padding:56px 24px;margin-top:56px}\n.dbi-art-976906 .faq-section h2 {color:var(--blue)}\n.dbi-art-976906 .faq-item {background:#fff;border-radius:var(--br);padding:26px 30px;margin-bottom:14px;box-shadow:var(--shc)}\n.dbi-art-976906 .faq-item h4 {font-size:15px;color:var(--blue);margin-bottom:12px}\n.dbi-art-976906 .faq-item p {font-size:14px;margin:0;line-height:1.75}\n.dbi-art-976906 footer {background:linear-gradient(135deg,var(--blue),var(--blue-dark));color:#fff;padding:40px 24px;text-align:center}\n.dbi-art-976906 footer p {font-size:13px;color:rgba(255,255,255,.78);margin-bottom:16px}\n.dbi-art-976906 .footer-links {display:flex;justify-content:center;gap:10px;flex-wrap:wrap}\n.dbi-art-976906 .footer-links a {color:#fff;font-size:12px;font-weight:600;text-decoration:none;padding:6px 16px;border:1px solid rgba(255,255,255,.28);border-radius:50px}\n.dbi-art-976906 .signal-grid {display:grid;grid-template-columns:repeat(auto-fit,minmax(260px,1fr));gap:16px;margin:28px 0}\n.dbi-art-976906 .signal-card {background:#fff;border-radius:var(--br);padding:22px 20px;box-shadow:var(--shc);border-left:4px solid var(--teal)}\n.dbi-art-976906 .signal-card h5 {font-family:'Montserrat',sans-serif;font-size:14px;font-weight:700;color:var(--blue-dark);margin-bottom:10px}\n.dbi-art-976906 .signal-card ul {list-style:none;padding:0;margin:0}\n.dbi-art-976906 .signal-card ul li {font-size:13px;color:var(--text-light);padding:5px 0;border-bottom:1px solid rgba(0,0,0,.05);line-height:1.5}\n.dbi-art-976906 .signal-card ul li::before {content:'\u2192 ';color:var(--blue);font-weight:700}\n.dbi-art-976906 .signal-card ul li:last-child {border:none}\n.dbi-art-976906 .step-list {list-style:none;padding:0;margin:20px 0;counter-reset:steps}\n.dbi-art-976906 .step-list li {counter-increment:steps;padding:14px 18px 14px 60px;position:relative;background:#fff;border-radius:10px;box-shadow:var(--shc);margin-bottom:12px;font-size:14px;line-height:1.7}\n.dbi-art-976906 .step-list li::before {content:counter(steps);position:absolute;left:16px;top:12px;width:28px;height:28px;background:var(--blue);color:#fff;border-radius:50%;display:flex;align-items:center;justify-content:center;font-family:'Montserrat',sans-serif;font-weight:800;font-size:13px}\n.dbi-art-976906 .approche-block {background:#fff;border-radius:var(--br);box-shadow:0 4px 24px rgba(94,94,215,.1);margin:32px 0;overflow:hidden}\n.dbi-art-976906 .approche-header {padding:20px 24px;display:flex;align-items:center;gap:14px}\n.dbi-art-976906 .approche-header.teal-bg {background:linear-gradient(135deg,rgba(169,226,228,.3),rgba(169,226,228,.1))}\n.dbi-art-976906 .approche-header.blue-bg {background:linear-gradient(135deg,rgba(94,94,215,.12),rgba(94,94,215,.04))}\n.dbi-art-976906 .approche-header.yellow-bg {background:linear-gradient(135deg,rgba(255,236,167,.5),rgba(255,236,167,.2))}\n.dbi-art-976906 .approche-header .app-icon {font-size:32px}\n.dbi-art-976906 .approche-header div h3 {margin:0;font-size:18px;color:var(--blue-dark)}\n.dbi-art-976906 .approche-header div span {font-size:12px;color:var(--text-light);display:block;margin-top:3px}\n.dbi-art-976906 .approche-body {padding:24px 26px}\n.dbi-art-976906 .approche-body p {font-size:14px}<\/p>\n<\/style>\n<div class=\"dbi-art-976906\">\n<header class=\"hero\">\n<div class=\"hero-tag\">\ud83c\udfe0 Ayuda a domicilio \u00b7 Trastornos cognitivos \u00b7 Validaci\u00f3n \u00b7 Redirecci\u00f3n \u00b7 Anclajes<\/div>\n<h1>Trastornos cognitivos: comprender para actuar \u2014 validaci\u00f3n, redirecci\u00f3n y anclajes<\/h1>\n<pee class=\"hero-sub\">Trabajar con personas afectadas por trastornos cognitivos en casa o en un establecimiento requiere enfoques espec\u00edficos, probados y benevolentes. Esta gu\u00eda pr\u00e1ctica explica e ilustra tres de las t\u00e9cnicas m\u00e1s efectivas: la validaci\u00f3n, la redirecci\u00f3n y los anclajes.<\/pee>\n<\/header>\n<p><main class=\"container\"><\/p>\n<div class=\"intro-box\"><pee>Son las 10:30. La se\u00f1ora C., de 83 a\u00f1os, le pregunta por tercera vez desde su llegada si ha tomado sus medicamentos. El se\u00f1or T., de 78 a\u00f1os, se niega a lavarse desde hace dos d\u00edas porque est\u00e1 convencido de que ya lo ha hecho. La se\u00f1ora L., de 80 a\u00f1os, llora al decirle que debe ir a buscar a sus hijos a la escuela \u2014 sus hijos que hoy tienen m\u00e1s de 50 a\u00f1os. Estas situaciones, vividas diariamente por los auxiliares de vida, cuidadores, enfermeras y familias acompa\u00f1antes, revelan la dolorosa brecha entre la realidad objetiva y la realidad subjetiva de la persona afectada por trastornos cognitivos. Corregir, reenfocar, insistir en los hechos \u2014 estos reflejos naturales resultan no solo ineficaces sino a menudo agravantes. Esta gu\u00eda presenta tres enfoques validados por la investigaci\u00f3n y por d\u00e9cadas de pr\u00e1ctica cl\u00ednica: la validaci\u00f3n, la redirecci\u00f3n y los anclajes. Juntos, forman un marco de acompa\u00f1amiento respetuoso, efectivo y profundamente humano.<\/pee><\/div>\n<h2>1. Los trastornos cognitivos en casa: comprender el contexto de intervenci\u00f3n<\/h2>\n<h3>1.1 Perfiles encontrados y especificidades de cada patolog\u00eda<\/h3>\n<pee>Los intervenientes a domicilio y los cuidadores familiares se enfrentan a un amplio espectro de trastornos cognitivos, cada uno con sus caracter\u00edsticas propias que influyen directamente en los enfoques a utilizar. La <strong>enfermedad de Alzheimer<\/strong> \u2014 la m\u00e1s frecuente \u2014 se caracteriza por una alteraci\u00f3n temprana y progresiva de la memoria epis\u00f3dica reciente, luego de la memoria sem\u00e1ntica, con una preservaci\u00f3n relativa de la memoria emocional y procedimental hasta etapas avanzadas. La persona a menudo vive en un tiempo subjetivo pasado \u2014 sus padres a\u00fan est\u00e1n vivos, sus hijos son peque\u00f1os, debe ir a trabajar. Esta realidad subjetiva es coherente para ella, incluso si est\u00e1 desconectada del presente objetivo.<\/pee>\n<pee>La <strong>demenia con cuerpos de Lewy<\/strong> presenta un perfil fluctuante con episodios de confusi\u00f3n alternando con per\u00edodos de relativa lucidez, alucinaciones visuales frecuentes y trastornos del sue\u00f1o severos. La <strong>demenia vascular<\/strong> es m\u00e1s progresiva y estable, a menudo con d\u00e9ficits espec\u00edficos relacionados con las \u00e1reas cerebrales afectadas. La <strong>demenia frontotemporal<\/strong> afecta preferentemente la personalidad y el comportamiento social antes que la memoria \u2014 produciendo comportamientos desinhibidos o ap\u00e1ticos que pueden ser muy perturbadores para el entorno. Cada perfil requiere adaptaciones espec\u00edficas de los enfoques de validaci\u00f3n, redirecci\u00f3n y anclajes.<\/pee>\n<div class=\"stats-grid\">\n<div class=\"stat-card blue\">\n    <span class=\"stat-num\">1,2 M<\/span><br \/>\n    <span class=\"stat-label\">personas afectadas por enfermedad de Alzheimer o una enfermedad relacionada en Francia \u2014 3\u00aa enfermedad cr\u00f3nica m\u00e1s frecuente<\/span>\n  <\/div>\n<div class=\"stat-card teal\">\n    <span class=\"stat-num\">70 %<\/span><br \/>\n    <span class=\"stat-label\">de las personas afectadas por demencia viven en casa, principalmente con la ayuda de cuidadores familiares e intervenientes a domicilio<\/span>\n  <\/div>\n<div class=\"stat-card pink\">\n    <span class=\"stat-num\">\u201355 %<\/span><br \/>\n    <span class=\"stat-label\">de episodios de agitaci\u00f3n en las residencias de ancianos que han adoptado el enfoque de validaci\u00f3n vs. enfoque est\u00e1ndar (Feil, 2018)<\/span>\n  <\/div>\n<div class=\"stat-card yellow\">\n    <span class=\"stat-num\">83 %<\/span><br \/>\n    <span class=\"stat-label\">de los cuidadores profesionales declaran sentirse mejor equipados despu\u00e9s de una formaci\u00f3n en enfoques no confrontacionales (CNSA, 2022)<\/span>\n  <\/div>\n<\/div>\n<h3>1.2 Por qu\u00e9 los enfoques intuitivos fallan<\/h3>\n<pee>Frente a los comportamientos desconcertantes de la persona afectada por trastornos cognitivos, las reacciones m\u00e1s naturales y comunes son la <strong>correcci\u00f3n<\/strong> (\u00ab No, su marido falleci\u00f3 hace diez a\u00f1os \u00bb), la <strong>reorientaci\u00f3n a la realidad<\/strong> (\u00ab Est\u00e1 en 2025, no en 1975 \u00bb), y la <strong>confrontaci\u00f3n l\u00f3gica<\/strong> (\u00ab Acaba de comer hace una hora, no tiene hambre \u00bb). Estos enfoques son l\u00f3gicamente intuitivos para cerebros intactos \u2014 pero fallan sistem\u00e1ticamente con las personas que presentan trastornos cognitivos severos.<\/pee>\n<pee>La raz\u00f3n es neurobiol\u00f3gica: en la demencia avanzada, la corteza prefrontal \u2014 que permite integrar la informaci\u00f3n contradictoria, actualizar las creencias y aceptar una correcci\u00f3n l\u00f3gica \u2014 est\u00e1 severamente afectada. La persona ya no tiene la capacidad cognitiva para integrar una informaci\u00f3n que contradice su realidad subjetiva. Lo que puede hacer, en cambio, es sentir la emoci\u00f3n asociada a la interacci\u00f3n: la correcci\u00f3n genera verg\u00fcenza, ansiedad y agitaci\u00f3n; la validaci\u00f3n genera calma, confianza y cooperaci\u00f3n. La memoria emocional \u2014 sostenida por la am\u00edgdala y circuitos subcorticales ampliamente preservados hasta las etapas avanzadas \u2014 sigue siendo funcional mucho despu\u00e9s de que la memoria cognitiva falla.<\/pee>\n<div class=\"teal-box\"><pee>\ud83e\udde0 <strong>Principio fundador :<\/strong> En el acompa\u00f1amiento de los trastornos cognitivos, la realidad subjetiva de la persona <em>es<\/em> su realidad. No es un error a corregir \u2014 es una experiencia vivida que merece ser acogida con respeto. Nuestro papel no es llevar a la persona de vuelta a nuestra realidad, sino unirse a la suya para crear una interacci\u00f3n segura y benevolente.<\/pee><\/div>\n<h2>2. La validaci\u00f3n: unirse a la realidad de la persona<\/h2>\n<div class=\"approche-block\">\n<div class=\"approche-header teal-bg\">\n<div class=\"app-icon\">\ud83d\udc9a<\/div>\n<div>\n<h3>El enfoque de validaci\u00f3n (Naomi Feil)<\/h3>\n<p>      <span>Acojer las emociones y la realidad subjetiva sin corregir ni confrontar<\/span>\n    <\/div>\n<\/p><\/div>\n<div class=\"approche-body\">\n    <pee>La <strong>terapia de validaci\u00f3n<\/strong> se desarroll\u00f3 a partir de los a\u00f1os 1960 por la psic\u00f3loga americana Naomi Feil, despu\u00e9s de d\u00e9cadas de observaci\u00f3n de personas afectadas por demencia en residencias de ancianos americanas. Su observaci\u00f3n fundacional: las personas con demencia no est\u00e1n \u00ab en otro lugar \u00bb de forma aleatoria \u2014 est\u00e1n procesando emociones y experiencias no resueltas de su vida pasada a trav\u00e9s de sus comportamientos y verbalizaciones presentes. Preguntarles por su madre (fallecida), querer ir a buscar a sus hijos (adultos), o buscar a su marido (desaparecido) no son s\u00edntomas a gestionar, sino necesidades emocionales profundas a acoger.<\/pee>\n    <pee>La validaci\u00f3n no significa mentir \u2014 significa acoger la emoci\u00f3n sin corregir el contenido. Cuando la se\u00f1ora L. dice que debe ir a buscar a sus hijos, el ayudante no dice \u00ab sus hijos tienen 55 a\u00f1os y viven en Par\u00eds \u00bb. \u00c9l dice: \u00ab Usted piensa en sus hijos \u2014 los ama tanto. \u00bfC\u00f3mo se llaman? \u00bb Esta respuesta valida el sentimiento de amor maternal y la necesidad de protecci\u00f3n de sus hijos \u2014 necesidades reales y leg\u00edtimas \u2014 sin fomentar una confusi\u00f3n peligrosa.<\/pee>\n  <\/div>\n<\/div>\n<h3>2.1 Las t\u00e9cnicas de validaci\u00f3n en pr\u00e1ctica<\/h3>\n<div class=\"barrier-grid\">\n<div class=\"barrier-card\">\n<div class=\"b-icon\">\ud83d\udc42<\/div>\n<h5>Escucha emp\u00e1tica no verbal<\/h5>\n<pee>Contacto visual suave, voz tranquila y baja, postura relajada, toque benevolente si la persona lo permite. Lo no verbal se capta incluso cuando las palabras ya no se entienden totalmente. La seguridad emocional se comunica primero a trav\u00e9s del cuerpo.<\/pee>\n    <span class=\"b-fix\">\u2713 Aplicable desde los primeros signos de agitaci\u00f3n<\/span>\n  <\/div>\n<div class=\"barrier-card\">\n<div class=\"b-icon\">\ud83c\udf0a<\/div>\n<h5>Reflejo emocional<\/h5>\n<pee>Identificar y nombrar la emoci\u00f3n subyacente, no el contenido: \u00ab Veo que est\u00e1 preocupada \u00bb \/ \u00ab Parece que necesita ser tranquilizada \u00bb \/ \u00ab Algo le falta en este momento \u00bb. Validar la emoci\u00f3n sin validar el contenido f\u00e1ctico err\u00f3neo.<\/pee>\n    <span class=\"b-fix\">\u2713 Reduce la agitaci\u00f3n en unos minutos<\/span>\n  <\/div>\n<div class=\"barrier-card\">\n<div class=\"b-icon\">\ud83d\udcac<\/div>\n<h5>Preguntas abiertas sobre el pasado<\/h5>\n<pee>Utilizar los temas mencionados para explorar recuerdos positivos: \u00ab H\u00e1bleme de sus hijos&#8230; \u00bb \/ \u00ab \u00bfC\u00f3mo era en esa \u00e9poca&#8230; \u00bb \/ \u00ab \u00bfQu\u00e9 le gustaba hacer&#8230; \u00bb. Estas preguntas invitan a la persona a sus recuerdos positivos y reducen la agitaci\u00f3n.<\/pee>\n    <span class=\"b-fix\">\u2713 Crea un espacio de conexi\u00f3n y placer compartido<\/span>\n  <\/div>\n<div class=\"barrier-card\">\n<div class=\"b-icon\">\ud83c\udfb5<\/div>\n<h5>Canci\u00f3n o m\u00fasica asociada<\/h5>\n<pee>Para las personas verbalmente limitadas, tararear o tocar una canci\u00f3n de su \u00e9poca puede desencadenar una respuesta emocional positiva inmediata. La memoria musical resiste hasta las etapas avanzadas de la demencia \u2014 es un acceso directo a la validaci\u00f3n emocional.<\/pee>\n    <span class=\"b-fix\">\u2713 Eficaz incluso en fase severa cuando lo verbal es limitado<\/span>\n  <\/div>\n<\/div>\n<h3>2.2 Lo que la validaci\u00f3n no hace<\/h3>\n<pee>Varios malentendidos comunes sobre la validaci\u00f3n merecen ser aclarados. La validaci\u00f3n no consiste en <strong>mentir<\/strong> activamente (\u00ab S\u00ed, su marido la est\u00e1 esperando \u00bb), lo que puede crear esperanza seguida de decepci\u00f3n y agravar la confusi\u00f3n. Consiste en no corregir, no en afirmar cosas falsas. La validaci\u00f3n tampoco se aplica a todos los contenidos sin distinci\u00f3n: si la persona expresa ideas que podr\u00edan ponerla en peligro (\u00ab Voy a salir sola a la calle \u00bb), la redirecci\u00f3n o un rechazo benevolente pero firme son necesarios. Por \u00faltimo, la validaci\u00f3n no es una t\u00e9cnica universal que funcione para todas las personas en todos los contextos \u2014 algunas personas presentan una anosognosia parcial y pueden beneficiarse de un enfoque m\u00e1s directo para ciertos temas. La observaci\u00f3n regular de la persona y el ajuste continuo del enfoque son esenciales.<\/pee>\n<div class=\"process-track\">\n<div class=\"process-step\">\n<div class=\"ps-standard\">\n      <span class=\"ps-label\">\u274c Reacci\u00f3n no validante<\/span><\/p>\n<h5>Situaci\u00f3n: \u00ab \u00bfD\u00f3nde est\u00e1 mi mam\u00e1? Quiero ver a mi mam\u00e1. \u00bb<\/h5>\n<pee>\u00ab Su mam\u00e1 falleci\u00f3 hace 40 a\u00f1os. \u00bb \u2014 Esta correcci\u00f3n genera instant\u00e1neamente una tristeza intensa y a veces una crisis de llanto desproporcionada. La persona revive el duelo con cada correcci\u00f3n.<\/pee>\n    <\/div>\n<div class=\"ps-adapted\">\n      <span class=\"ps-label\">\u2705 Respuesta validante<\/span><\/p>\n<h5>La misma situaci\u00f3n, abordada de manera diferente<\/h5>\n<pee>\u00ab Su mam\u00e1 le hace falta en este momento. Ella era importante para usted. \u00bfC\u00f3mo era su mam\u00e1? \u00bb \u2014 Valida la falta, explora el recuerdo, crea una conexi\u00f3n emocional positiva.<\/pee>\n    <\/div>\n<\/p><\/div>\n<div class=\"process-step\">\n<div class=\"ps-standard\">\n      <span class=\"ps-label\">\u274c Reacci\u00f3n no validante<\/span><\/p>\n<h5>Situaci\u00f3n: \u00ab No he comido en todo el d\u00eda. \u00bb<\/h5>\n<pee>\u00ab \u00a1Pero s\u00ed, acaba de almorzar hace una hora! \u00a1Yo le prepar\u00e9 la sopa yo mismo! \u00bb \u2014 La contradicci\u00f3n genera ansiedad y desconfianza hacia el cuidador.<\/pee>\n    <\/div>\n<div class=\"ps-adapted\">\n      <span class=\"ps-label\">\u2705 Respuesta validante<\/span><\/p>\n<h5>La misma situaci\u00f3n, abordada de manera diferente<\/h5>\n<pee>\u00ab \u00bfTiene hambre? Vamos a ver juntos qu\u00e9 podemos preparar. \u00bb (Luego ofrecer un peque\u00f1o refrigerio o acompa\u00f1ar hacia la cocina.) La emoci\u00f3n de hambre\/necesidad es tenida en cuenta, se evita el conflicto.<\/pee>\n    <\/div>\n<\/p><\/div>\n<\/div>\n<h2>3. La redirecci\u00f3n: desviar la atenci\u00f3n hacia un territorio m\u00e1s sereno<\/h2>\n<div class=\"approche-block\">\n<div class=\"approche-header blue-bg\">\n<div class=\"app-icon\">\ud83d\udd00<\/div>\n<div>\n<h3>La redirecci\u00f3n<\/h3>\n<p>      <span>Desplazar la atenci\u00f3n de un contenido perturbador hacia un contenido neutro o positivo<\/span>\n    <\/div>\n<\/p><\/div>\n<div class=\"approche-body\">\n    <pee>La redirecci\u00f3n es una t\u00e9cnica conductual que consiste en desviar la atenci\u00f3n de la persona de una situaci\u00f3n, un comportamiento o un pensamiento problem\u00e1tico hacia algo m\u00e1s neutro o placentero \u2014 sin confrontaci\u00f3n ni represi\u00f3n. Es diferente de la validaci\u00f3n: donde la validaci\u00f3n acoge y explora la emoci\u00f3n, la redirecci\u00f3n propone un movimiento, una actividad o un tema diferente para interrumpir una din\u00e1mica dif\u00edcil. Ambas t\u00e9cnicas son complementarias y se utilizan a menudo en secuencia: validaci\u00f3n primero (acoger la emoci\u00f3n), luego redirecci\u00f3n (proponer una transici\u00f3n hacia otra cosa).<\/pee>\n    <pee>La redirecci\u00f3n funciona porque las personas con trastornos cognitivos a menudo tienen una memoria a corto plazo muy limitada \u2014 lo que significa que su atenci\u00f3n puede ser desplazada relativamente f\u00e1cil hacia un nuevo est\u00edmulo, especialmente si este est\u00edmulo es sensorial, concreto y familiar. La redirecci\u00f3n aprovecha esta caracter\u00edstica no para manipular a la persona, sino para ofrecerle una salida hacia un espacio emocional m\u00e1s c\u00f3modo.<\/pee>\n  <\/div>\n<\/div>\n<h3>3.1 Los tipos de redirecci\u00f3n<\/h3>\n<div class=\"signal-grid\">\n<div class=\"signal-card\">\n<h5>\ud83c\udfaf Redirecci\u00f3n atencional directa<\/h5>\n<ul>\n<li>Proponer una actividad concreta inmediata<\/li>\n<li>\u00ab Ven a ayudarme a poner la mesa \u00bb<\/li>\n<li>\u00ab Necesito que me ayudes con algo \u00bb<\/li>\n<li>\u00ab Vamos a mirar las fotos juntos \u00bb<\/li>\n<li>Cambiar de habitaci\u00f3n o de entorno<\/li>\n<\/ul><\/div>\n<div class=\"signal-card\">\n<h5>\ud83d\udcac Redirecci\u00f3n tem\u00e1tica<\/h5>\n<ul>\n<li>Desviar hacia un tema positivo asociado<\/li>\n<li>Partir de una palabra clave para ir hacia un recuerdo agradable<\/li>\n<li>\u00ab Eso me hace pensar en&#8230; \u00bb + tema positivo<\/li>\n<li>Utilizar los intereses antiguos de la persona<\/li>\n<li>Hacer referencia a un rol social valorativo<\/li>\n<\/ul><\/div>\n<div class=\"signal-card\">\n<h5>\ud83c\udf38 Redirecci\u00f3n sensorial<\/h5>\n<ul>\n<li>Proponer una sensaci\u00f3n agradable (infusi\u00f3n, olor, textura)<\/li>\n<li>Poner m\u00fasica familiar<\/li>\n<li>Aportar un objeto significativo (foto, objeto de trabajo)<\/li>\n<li>Salir al exterior o cambiar de luz<\/li>\n<li>Proponer un cuidado corporal agradable (crema, peinado)<\/li>\n<\/ul><\/div>\n<div class=\"signal-card\">\n<h5>\ud83e\udd1d Redirecci\u00f3n por la implicaci\u00f3n<\/h5>\n<ul>\n<li>Confiar una tarea simple y valorativa<\/li>\n<li>Pedir la ayuda o la opini\u00f3n de la persona<\/li>\n<li>Crear un sentimiento de utilidad y competencia<\/li>\n<li>Actividades motoras simples (doblar, clasificar, regar)<\/li>\n<li>Lectura en voz alta al cuidador<\/li>\n<\/ul><\/div>\n<\/div>\n<h3>3.2 La t\u00e9cnica del \u00ab S\u00ed-y \u00bb<\/h3>\n<pee>La t\u00e9cnica del \u00ab S\u00ed-y \u00bb, tomada del teatro de improvisaci\u00f3n, es una de las formas m\u00e1s efectivas de redirecci\u00f3n en el acompa\u00f1amiento de personas con demencia. En lugar de contrariar o corregir (\u00ab No, no tienes que salir \u00bb), el cuidador acoge la propuesta de la persona (\u00ab S\u00ed \u00bb) y la enriquece con una nueva direcci\u00f3n (\u00ab y \u00bb). \u00bfEl se\u00f1or T. quiere salir a la calle a las 22h? \u00ab S\u00ed, hace buen tiempo esta noche, y de hecho, iba a proponerles mirar el jard\u00edn desde la ventana \u2014 ven, la luna est\u00e1 magn\u00edfica. \u00bb Este \u00ab s\u00ed-y \u00bb no es una mentira \u2014 es una invitaci\u00f3n hacia algo real y placentero que satisface parcialmente la necesidad de movimiento o libertad expresada.<\/pee>\n<div class=\"process-track\">\n<div class=\"process-step\">\n<div class=\"ps-standard\">\n      <span class=\"ps-label\">\u274c Confrontaci\u00f3n directa<\/span><\/p>\n<h5>Situaci\u00f3n : \u00ab Quiero volver a casa. \u00bb<\/h5>\n<pee>\u00ab \u00a1Pero est\u00e1s en casa! \u00a1Es tu casa! \u00bb \u2014 Genera ansiedad, confusi\u00f3n y a menudo una escalada de la demanda.<\/pee>\n    <\/div>\n<div class=\"ps-adapted\">\n      <span class=\"ps-label\">\u2705 Validaci\u00f3n + Redirecci\u00f3n<\/span><\/p>\n<h5>La misma situaci\u00f3n, abordada de manera diferente<\/h5>\n<pee>\u00ab Entiendo que quieres regresar. Primero vamos a tomar un caf\u00e9 juntos, y luego vemos eso. \u00bb (Luego redirigir a una actividad suave.) En la mayor\u00eda de los casos, la demanda se disipa por s\u00ed misma despu\u00e9s de unos minutos.<\/pee>\n    <\/div>\n<\/p><\/div>\n<div class=\"process-step\">\n<div class=\"ps-standard\">\n      <span class=\"ps-label\">\u274c Negativa frontal<\/span><\/p>\n<h5>Situaci\u00f3n: resistencia a la ducha<\/h5>\n<pee>\u00ab Tienes que lavarte, no tienes otra opci\u00f3n. \u00bb \u2014 A menudo desencadena una resistencia activa, a veces una crisis, y asocia el cuidado corporal con la obligaci\u00f3n.<\/pee>\n    <\/div>\n<div class=\"ps-adapted\">\n      <span class=\"ps-label\">\u2705 Redirecci\u00f3n por la implicaci\u00f3n<\/span><\/p>\n<h5>La misma situaci\u00f3n, abordada de manera diferente<\/h5>\n<pee>\u00ab He preparado tu crema favorita \u2014 huele tan bien. Vamos a cuidar de ti. \u00bb Proponer el cuidado como un momento agradable en lugar de una obligaci\u00f3n, con un refuerzo sensorial positivo.<\/pee>\n    <\/div>\n<\/p><\/div>\n<\/div>\n<h2>4. Los anclajes: puentes hacia la memoria emocional preservada<\/h2>\n<div class=\"approche-block\">\n<div class=\"approche-header yellow-bg\">\n<div class=\"app-icon\">\u2693<\/div>\n<div>\n<h3>Los anclajes<\/h3>\n<p>      <span>Estimular la memoria emocional y procedural preservada para mantener el v\u00ednculo y la identidad<\/span>\n    <\/div>\n<\/p><\/div>\n<div class=\"approche-body\">\n    <pee>Un anclaje es un est\u00edmulo \u2014 sensorial, emocional o identitario \u2014 que activa recuerdos, emociones o comportamientos automatizados relacionados con la historia de vida de la persona. La especificidad de los anclajes radica en el hecho de que se apoyan en tipos de memoria que se han preservado durante mucho tiempo en la demencia: la <strong>memoria emocional<\/strong> (las emociones asociadas a experiencias importantes permanecen accesibles incluso cuando los hechos se han olvidado), la <strong>memoria impl\u00edcita<\/strong> (los comportamientos automatizados aprendidos \u2014 montar en bicicleta, preparar una receta conocida, tocar un instrumento), y la <strong>memoria autobiogr\u00e1fica antigua<\/strong> (los recuerdos de la juventud resisten mejor que los recuerdos recientes en la mayor\u00eda de las demencias).<\/pee>\n    <pee>Los anclajes no son trucos o manipulaciones \u2014 son puertas hacia la persona que la enfermedad ha puesto en la sombra. Permiten mantener una conexi\u00f3n relacional, preservar el sentido de identidad y dignidad, y crear momentos de bienestar sincero incluso en etapas avanzadas de la enfermedad.<\/pee>\n  <\/div>\n<\/div>\n<h3>4.1 Los cuatro tipos de anclajes<\/h3>\n<table class=\"dynseo-table\">\n<thead>\n<tr>\n<th>Tipo de anclaje<\/th>\n<th>Soportes concretos<\/th>\n<th>C\u00f3mo utilizarlo<\/th>\n<th>Ejemplos<\/th>\n<\/tr>\n<\/thead>\n<tbody>\n<tr>\n<td><strong>Anclaje sonoro-musical<\/strong><\/td>\n<td>Canciones de juventud, melod\u00edas familiares, himnos, canciones de cuna cantadas anta\u00f1o<\/td>\n<td>Tararear, tocar en tablet o radio, invitar a cantar o a marcar el ritmo<\/td>\n<td>La Marsellesa, canci\u00f3n de una pel\u00edcula de culto de los a\u00f1os 60, melod\u00eda de danza popular<\/td>\n<\/tr>\n<tr>\n<td><strong>Anclaje olfativo<\/strong><\/td>\n<td>Olores asociados a momentos significativos (pan fresco, agua de colonia habitual, caf\u00e9, flores del jard\u00edn)<\/td>\n<td>Exponer progresivamente al olor, observar la reacci\u00f3n, fomentar la narraci\u00f3n<\/td>\n<td>Lavanda si la persona ten\u00eda un jard\u00edn, caf\u00e9 de la ma\u00f1ana, olor de la colada de la infancia<\/td>\n<\/tr>\n<tr>\n<td><strong>Anclaje identitario<\/strong><\/td>\n<td>Objetos relacionados con la profesi\u00f3n, los pasatiempos, los roles de vida (delantal de cocina, herramientas, fotos familiares, objetos de colecci\u00f3n)<\/td>\n<td>Presentar el objeto, observar los comportamientos autom\u00e1ticos que emergen (gestos de la profesi\u00f3n), fomentar el relato<\/td>\n<td>Tejer para una antigua costurera, cartas, delantal de cocina, cuaderno de recetas<\/td>\n<\/tr>\n<tr>\n<td><strong>Anclaje relacional<\/strong><\/td>\n<td>Fotos de personas queridas, voz de un ser querido, presencia de una mascota, visitas de ni\u00f1os<\/td>\n<td>Utilizar las fotos como soporte de narraci\u00f3n, facilitar los contactos regulares con los seres queridos, fomentar las visitas de ni\u00f1os o animales<\/td>\n<td>\u00c1lbum de fotos comentado, videollamada con la hija, visita del perro de la familia<\/td>\n<\/tr>\n<\/tbody>\n<\/table>\n<h3>4.2 Construir el perfil de anclajes de una persona<\/h3>\n<pee>Los anclajes m\u00e1s efectivos son espec\u00edficos para cada individuo \u2014 lo que desencadena una respuesta emocional positiva en uno puede ser neutro o incluso ansi\u00f3geno en otro. La construcci\u00f3n del perfil de anclajes de una persona es un trabajo de observaci\u00f3n y recopilaci\u00f3n de informaci\u00f3n que se realiza en colaboraci\u00f3n con la familia. Algunas preguntas clave para la familia al ingreso en cuidados: \u00bfCu\u00e1l era la m\u00fasica favorita de la persona en su juventud? \u00bfCu\u00e1l era su profesi\u00f3n? \u00bfSus pasatiempos? \u00bfSus platos favoritos? \u00bfSus olores asociados a momentos felices (jard\u00edn, cocina, perfume)? \u00bfSus frases o expresiones habituales? \u00bfLas personas que amaba particularmente?<\/pee>\n<pee>El <a href=\"https:\/\/www.dynseo.com\/es\/nuestras-herramientas\/folleto-de-enlace\/\">Cuaderno de enlace DYNSEO<\/a> es una herramienta valiosa para documentar y compartir este perfil de anclajes entre todos los intervinientes \u2014 familia, ayuda a domicilio, enfermera, m\u00e9dico \u2014 garantizando que los mismos anclajes se utilicen de manera coherente y que la nueva informaci\u00f3n recopilada se comparta con todos. La <a href=\"https:\/\/www.dynseo.com\/nos-outils\/fiche-suivi-seance\/\">Ficha de seguimiento de sesi\u00f3n DYNSEO<\/a> permite anotar, en cada intervenci\u00f3n, qu\u00e9 anclajes se han utilizado y con qu\u00e9 efectos \u2014 construyendo progresivamente un conocimiento profundo de la persona.<\/pee>\n<h2>5. Combinar los tres enfoques: gu\u00eda de decisi\u00f3n r\u00e1pida<\/h2>\n<h3>5.1 Elegir el enfoque adecuado seg\u00fan la situaci\u00f3n<\/h3>\n<table class=\"dynseo-table\">\n<thead>\n<tr>\n<th>Situaci\u00f3n<\/th>\n<th>Enfoque prioritario<\/th>\n<th>Enfoque secundario<\/th>\n<th>A evitar<\/th>\n<\/tr>\n<\/thead>\n<tbody>\n<tr>\n<td><strong>Agitaci\u00f3n emocional fuerte (llantos, angustia, llamada repetida)<\/strong><\/td>\n<td><span class=\"badge badge-green\">Validaci\u00f3n<\/span> \u2014 Acoger la emoci\u00f3n, reflejo, contacto<\/td>\n<td>Anclaje musical u olfativo<\/td>\n<td>Correcci\u00f3n, minimizaci\u00f3n, redirecci\u00f3n demasiado r\u00e1pida<\/td>\n<\/tr>\n<tr>\n<td><strong>Ideas fijas no peligrosas (creer que el marido est\u00e1 vivo, querer ir a trabajar)<\/strong><\/td>\n<td><span class=\"badge badge-green\">Validaci\u00f3n<\/span> luego <span class=\"badge badge-blue\">Redirecci\u00f3n<\/span><\/td>\n<td>Anclaje identitario relacionado con el tema<\/td>\n<td>Correcci\u00f3n directa, insistencia en la realidad objetiva<\/td>\n<\/tr>\n<tr>\n<td><strong>Rechazo de cuidados o actividades<\/strong><\/td>\n<td><span class=\"badge badge-blue\">Redirecci\u00f3n<\/span> \u2014 S\u00ed-y, implicaci\u00f3n, refuerzo sensorial<\/td>\n<td>Anclaje positivo relacionado con el cuidado (olor, m\u00fasica)<\/td>\n<td>Insistencia, obligaci\u00f3n, confrontaci\u00f3n<\/td>\n<\/tr>\n<tr>\n<td><strong>Errancia y deambulaci\u00f3n<\/strong><\/td>\n<td><span class=\"badge badge-blue\">Redirecci\u00f3n<\/span> + <span class=\"badge badge-yellow\">Anclaje<\/span> \u2014 Proponer una actividad motora significativa<\/td>\n<td>Validaci\u00f3n de la necesidad de movimiento<\/td>\n<td>Contenci\u00f3n, prohibici\u00f3n, reprimendas<\/td>\n<\/tr>\n<tr>\n<td><strong>Momentos de lucidez y conexi\u00f3n<\/strong><\/td>\n<td><span class=\"badge badge-yellow\">Anclaje<\/span> \u2014 Explorar los recuerdos preservados<\/td>\n<td>Validaci\u00f3n de la historia de vida<\/td>\n<td>Focalizar en los d\u00e9ficits, corregir inexactitudes menores<\/td>\n<\/tr>\n<tr>\n<td><strong>Apat\u00eda, retiro, ausencia de reactividad<\/strong><\/td>\n<td><span class=\"badge badge-yellow\">Anclaje<\/span> sensorial \u2014 Estimulaci\u00f3n musical, olfativa, t\u00e1ctil<\/td>\n<td>Implicaci\u00f3n en una actividad antigua simple<\/td>\n<td>Estimulaci\u00f3n cognitiva demasiado exigente, discurso complejo<\/td>\n<\/tr>\n<\/tbody>\n<\/table>\n<h3>5.2 La secuencia de intervenci\u00f3n tipo<\/h3>\n<ol class=\"step-list\">\n<li><strong>Observar y evaluar el estado emocional<\/strong> \u2014 Antes de cualquier intervenci\u00f3n, t\u00f3mese 30 segundos para observar: \u00bfcu\u00e1l es el nivel de agitaci\u00f3n (bajo, moderado, intenso)? \u00bfHay una emoci\u00f3n dominante identificable (miedo, tristeza, confusi\u00f3n, ira)? \u00bfHay un desencadenante aparente (fatiga, dolor, cambio de entorno)? El <a href=\"https:\/\/www.dynseo.com\/es\/nuestras-herramientas\/termometro-de-las-emociones\/\">Term\u00f3metro de emociones DYNSEO<\/a> puede ayudar a estructurar esta observaci\u00f3n para los intervinientes menos experimentados.<\/li>\n<li><strong>Regular su propia reacci\u00f3n<\/strong> \u2014 Verificar su propio estado emocional antes de intervenir. Si est\u00e1 irritado, apurado o ansioso, eso se transmitir\u00e1 inmediatamente a la persona. Tome 3 respiraciones lentas antes de entrar en la habitaci\u00f3n o iniciar el contacto.<\/li>\n<li><strong>Entrar en contacto mediante la validaci\u00f3n<\/strong> \u2014 Comenzar por unirse a la realidad emocional de la persona. Nombrar la emoci\u00f3n, usar el nombre, un tono suave. No corregir en los primeros segundos.<\/li>\n<li><strong>Proponer una redirecci\u00f3n si es necesario<\/strong> \u2014 Si la situaci\u00f3n es dif\u00edcil de resolver (rechazo de cuidado, idea fija peligrosa), introducir una propuesta de redirecci\u00f3n en la continuaci\u00f3n natural de la validaci\u00f3n: \u00abLe entiendo, y precisamente&#8230; \u00bb<\/li>\n<li><strong>Activar un anclaje significativo<\/strong> \u2014 Seg\u00fan la situaci\u00f3n y el perfil de la persona, introducir un anclaje (m\u00fasica, objeto, actividad) para anclar la interacci\u00f3n en un terreno emocional familiar y seguro.<\/li>\n<li><strong>Documentar y compartir<\/strong> \u2014 Despu\u00e9s de la intervenci\u00f3n, anotar en la <a href=\"https:\/\/www.dynseo.com\/nos-outils\/fiche-suivi-seance\/\">Ficha de seguimiento de sesi\u00f3n DYNSEO<\/a>: qu\u00e9 situaci\u00f3n, qu\u00e9 enfoque, qu\u00e9 efecto. Estas notas constituyen progresivamente un conocimiento profundo de la persona, compartible con todo el equipo a trav\u00e9s del <a href=\"https:\/\/www.dynseo.com\/es\/nuestras-herramientas\/folleto-de-enlace\/\">Cuaderno de enlace DYNSEO<\/a>.<\/li>\n<\/ol>\n<h2>6. Herramientas DYNSEO para el acompa\u00f1amiento cognitivo a domicilio<\/h2>\n<div class=\"formation-block\">\n<div class=\"fb-body\">\n<div class=\"fb-tag\">\ud83c\udf93 Formaci\u00f3n certificante \u00b7 Qualiopi N\u00b0 11757351875<\/div>\n<h3>Trastornos del comportamiento relacionados con la enfermedad \u2014 M\u00e9todos y coordinaci\u00f3n multidisciplinaria<\/h3>\n<pee>Esta formaci\u00f3n certificante Qualiopi est\u00e1 espec\u00edficamente dise\u00f1ada para los profesionales que intervienen con personas que presentan trastornos cognitivos \u2014 auxiliares de vida, cuidadores, enfermeras a domicilio, coordinadores SAAD y SSIAD. Cubre las bases neurobiol\u00f3gicas de las demencias, los enfoques de validaci\u00f3n, redirecci\u00f3n y anclajes, las herramientas de evaluaci\u00f3n conductual, y la coordinaci\u00f3n multidisciplinaria. Desplegable en equipo, financiable OPCO.<\/pee>\n<div class=\"fb-meta\">\n      <span>\ud83c\udfe0 Intervinientes a domicilio y en establecimiento<\/span><br \/>\n      <span>\ud83d\udcbb 100% en l\u00ednea, a su ritmo<\/span><br \/>\n      <span>\ud83c\udfc6 Certificante Qualiopi<\/span><br \/>\n      <span>\ud83e\udd1d Desplegable en equipo<\/span>\n    <\/div>\n<p>    <a href=\"https:\/\/www.dynseo.com\/es\/courses\/trastornos-del-comportamiento-relacionados-con-la-enfermedad-metodos-y-coordinacion-multidisciplinar\/\" class=\"btn-primary\">Descubrir la formaci\u00f3n \u2192<\/a>\n  <\/div>\n<\/div>\n<h3>Herramientas pr\u00e1cticas DYNSEO para el acompa\u00f1amiento a domicilio<\/h3>\n<div class=\"tools-grid\">\n<div class=\"tool-card\">\n<h5>\ud83d\udcca Tabla de seguimiento de competencias<\/h5>\n<pee>Seguir la evoluci\u00f3n de las capacidades cognitivas y conductuales a lo largo del tiempo \u2014 identificar las regresiones para adaptar el acompa\u00f1amiento y alertar al equipo m\u00e9dico si es necesario.<\/pee>\n    <a href=\"https:\/\/www.dynseo.com\/nos-outils\/tableau-suivi-competences\/\">Descargar \u2192<\/a>\n  <\/div>\n<div class=\"tool-card\">\n<h5>\ud83d\udccb Ficha de seguimiento de sesi\u00f3n<\/h5>\n<pee>Documentar cada intervenci\u00f3n: situaciones encontradas, enfoques utilizados (validaci\u00f3n, redirecci\u00f3n, anclajes), efectos observados. Una trazabilidad esencial para construir el conocimiento de la persona y coordinar el equipo.<\/pee>\n    <a href=\"https:\/\/www.dynseo.com\/nos-outils\/fiche-suivi-seance\/\">Descargar \u2192<\/a>\n  <\/div>\n<div class=\"tool-card\">\n<h5>\ud83d\udcd2 Cuaderno de enlace<\/h5>\n<pee>Herramienta de coordinaci\u00f3n entre todos los intervinientes alrededor de la persona \u2014 compartir la informaci\u00f3n sobre los anclajes efectivos, los comportamientos recientes, las adaptaciones a probar. Esencial para la coherencia del enfoque.<\/pee>\n    <a href=\"https:\/\/www.dynseo.com\/es\/nuestras-herramientas\/folleto-de-enlace\/\">Descargar \u2192<\/a>\n  <\/div>\n<div class=\"tool-card\">\n<h5>\ud83c\udf21\ufe0f Term\u00f3metro de las emociones<\/h5>\n<pee>Evaluar y comunicar el estado emocional de la persona acompa\u00f1ada \u2014 un referente com\u00fan entre todos los intervinientes para describir el estado del d\u00eda y elegir el enfoque adecuado.<\/pee>\n    <a href=\"https:\/\/www.dynseo.com\/es\/nuestras-herramientas\/termometro-de-las-emociones\/\">Descargar \u2192<\/a>\n  <\/div>\n<div class=\"tool-card\">\n<h5>\ud83c\udfa1 Rueda de elecciones<\/h5>\n<pee>Proponer opciones de actividades o anclajes de manera visual y accesible \u2014 mantener la autonom\u00eda decisional de la persona incluso en etapas avanzadas, con un formato adaptado a sus capacidades cognitivas reducidas.<\/pee>\n    <a href=\"https:\/\/www.dynseo.com\/es\/nuestras-herramientas\/rueda-de-decisiones-herramientas-formacion-dynseo\/\">Descargar \u2192<\/a>\n  <\/div>\n<\/div>\n<pee>\u2192 <a href=\"https:\/\/www.dynseo.com\/es\/nuestras-herramientas\/\">Ver el conjunto de herramientas DYNSEO<\/a><\/pee>\n<h3>Aplicaciones DYNSEO para la estimulaci\u00f3n cognitiva<\/h3>\n<div class=\"appli-grid\">\n<div class=\"appli-card\">\n<h5>\ud83d\udc74 EDITH \u2014 Mayores<\/h5>\n<pee>Aplicaci\u00f3n de estimulaci\u00f3n cognitiva dise\u00f1ada para los mayores con patolog\u00edas neurol\u00f3gicas. Interfaz intuitiva, ejercicios progresivos, utilizable en sesi\u00f3n acompa\u00f1ada como herramienta de estimulaci\u00f3n suave y valorativa.<\/pee>\n    <a href=\"https:\/\/www.dynseo.com\/es\/edith-juegos-de-memoria-faciles-de-usar-para-mayores\/\">Saber m\u00e1s \u2192<\/a>\n  <\/div>\n<div class=\"appli-card\">\n<h5>\ud83d\udcac MON DICO \u2014 Comunicaci\u00f3n<\/h5>\n<pee>Para las personas cuyos trastornos cognitivos afectan la expresi\u00f3n verbal \u2014 mantener una comunicaci\u00f3n funcional y preservar las interacciones sociales que alimentan el sentido de identidad.<\/pee>\n    <a href=\"https:\/\/www.dynseo.com\/es\/mi-diccionario\/\">Saber m\u00e1s \u2192<\/a>\n  <\/div>\n<div class=\"appli-card\">\n<h5>\ud83e\udde0 JOE \u2014 Adultos<\/h5>\n<pee>Para las personas en etapas tempranas de trastornos cognitivos que a\u00fan pueden participar en ejercicios cognitivos estructurados. Recorridos adaptativos seg\u00fan el perfil del usuario.<\/pee>\n    <a href=\"https:\/\/www.dynseo.com\/es\/joe-tu-entrenador-de-entrenamiento-cerebral\/\">Saber m\u00e1s \u2192<\/a>\n  <\/div>\n<div class=\"appli-card\">\n<h5>\ud83e\udd16 Coach IA DYNSEO<\/h5>\n<pee>Acompa\u00f1amiento personalizado para los intervinientes y las familias: preguntas sobre los enfoques, los anclajes, las adaptaciones espec\u00edficas a un comportamiento o una situaci\u00f3n particular.<\/pee>\n    <a href=\"https:\/\/www.dynseo.com\/es\/entrenador-ia\/\">Saber m\u00e1s \u2192<\/a>\n  <\/div>\n<\/div>\n<h3>Formaciones DYNSEO<\/h3>\n<div class=\"formations-links\">\n<div class=\"formation-link\">\n    <span>Para los profesionales de la ayuda a domicilio y del cuidado<\/span><br \/>\n    <a href=\"https:\/\/www.dynseo.com\/es\/courses\/trastornos-del-comportamiento-relacionados-con-la-enfermedad-metodos-y-coordinacion-multidisciplinar\/\">Trastornos del comportamiento \u2014 M\u00e9todos y coordinaci\u00f3n multidisciplinaria<\/a>\n  <\/div>\n<div class=\"formation-link\">\n    <span>Para las familias cuidadoras no profesionales<\/span><br \/>\n    <a href=\"https:\/\/www.dynseo.com\/es\/?post_type=courses&#038;p=430751\">Cambios de comportamiento \u2014 Gu\u00eda pr\u00e1ctica para los cercanos<\/a>\n  <\/div>\n<\/div>\n<pee>\u2192 <a href=\"https:\/\/www.dynseo.com\/es\/nuestros-cursos-de-formacion\/\">Ver el cat\u00e1logo completo de formaciones DYNSEO<\/a><\/pee>\n<div class=\"cta-block\">\n<h3>\ud83c\udfe0 F\u00f3rmate en los enfoques validados para el acompa\u00f1amiento cognitivo<\/h3>\n<pee>La formaci\u00f3n certificante Qualiopi DYNSEO para los profesionales de la ayuda a domicilio proporciona las bases neurobiol\u00f3gicas, las t\u00e9cnicas de validaci\u00f3n, redirecci\u00f3n y anclajes, y las herramientas de coordinaci\u00f3n multidisciplinaria. Para las familias: la formaci\u00f3n para cercanos accesible a su ritmo en l\u00ednea.<\/pee>\n<div class=\"btns\">\n    <a href=\"https:\/\/www.dynseo.com\/es\/courses\/trastornos-del-comportamiento-relacionados-con-la-enfermedad-metodos-y-coordinacion-multidisciplinar\/\" class=\"btn-white\">Formaci\u00f3n profesionales \u2192<\/a><br \/>\n    <a href=\"https:\/\/www.dynseo.com\/es\/?post_type=courses&#038;p=430751\" class=\"btn-outline\">Formaci\u00f3n familias<\/a>\n  <\/div>\n<\/div>\n<p><\/main><\/p>\n<section class=\"faq-section\">\n<div class=\"container\">\n<h2>\u2753 FAQ \u2014 Validaci\u00f3n, redirecci\u00f3n y anclajes en los trastornos cognitivos<\/h2>\n<div class=\"faq-item\">\n<h4>1. \u00bfConsiste la validaci\u00f3n en mentir a la persona afectada por demencia?<\/h4>\n<pee>No \u2014 y esta distinci\u00f3n es fundamental. La validaci\u00f3n consiste en no corregir la realidad subjetiva de la persona, no en afirmar activamente cosas falsas. Si la Sra. D. piensa que su marido (fallecido) estar\u00e1 aqu\u00ed esta noche, el interveniente que practica la validaci\u00f3n no dir\u00e1 \u00abs\u00ed, su marido llega esta noche\u00bb \u2014 dir\u00e1 \u00abusted piensa en su marido, lo extra\u00f1a\u00bb y explorar\u00e1 las emociones y los recuerdos asociados. Por otro lado, el interveniente tampoco dir\u00e1 \u00abpero su marido muri\u00f3 hace 15 a\u00f1os\u00bb \u2014 correcci\u00f3n que genera un sufrimiento intenso sin beneficio terap\u00e9utico para una persona cuyo cerebro ya no puede integrar esta informaci\u00f3n.<\/pee>\n    <\/div>\n<div class=\"faq-item\">\n<h4>2. \u00bfNo corre el riesgo de frustrar a la persona o hacerla sentir manipulada la redirecci\u00f3n?<\/h4>\n<pee>El riesgo existe cuando la redirecci\u00f3n es torpe \u2014 demasiado brusca, demasiado transparente, o utilizada para evitar una verdadera interacci\u00f3n en lugar de para a\u00f1adir algo. Una redirecci\u00f3n bien conducida no genera frustraci\u00f3n porque no suprime la emoci\u00f3n \u2014 primero la valida, luego propone una transici\u00f3n hacia un territorio m\u00e1s c\u00f3modo. En etapas moderadas a avanzadas de demencia, la memoria a muy corto plazo est\u00e1 tan alterada que la persona generalmente no recuerda unos minutos despu\u00e9s la situaci\u00f3n inicial \u2014 lo que hace que la redirecci\u00f3n sea efectiva sin que se perciba como una manipulaci\u00f3n.<\/pee>\n    <\/div>\n<div class=\"faq-item\">\n<h4>3. \u00bfC\u00f3mo identificar los buenos anclajes para una persona que no se conoce bien?<\/h4>\n<pee>La identificaci\u00f3n de los anclajes de una persona pasa primero por las familias \u2014 son ellas quienes conocen las canciones de juventud, las pasiones, los olores familiares. Algunas preguntas clave durante el primer encuentro con la familia: \u00bfcu\u00e1l era su profesi\u00f3n, sus pasatiempos? \u00bfQu\u00e9 m\u00fasica le gustaba? \u00bfHay objetos particularmente significativos en la casa? Luego, la observaci\u00f3n directa durante las intervenciones: \u00bfqu\u00e9 est\u00edmulos desencadenan una reacci\u00f3n positiva (sonrisa, relajaci\u00f3n, palabras, actividad espont\u00e1nea)? Estas observaciones, documentadas en la Ficha de seguimiento de sesi\u00f3n DYNSEO y compartidas a trav\u00e9s del Cuaderno de enlace, construyen progresivamente un perfil rico.<\/pee>\n    <\/div>\n<div class=\"faq-item\">\n<h4>4. \u00bfFuncionan estos enfoques en todas las etapas de la demencia?<\/h4>\n<pee>S\u00ed, pero con adaptaciones seg\u00fan la etapa. En las etapas tempranas, la validaci\u00f3n, la redirecci\u00f3n y los anclajes se acompa\u00f1an de intercambios verbales sustanciales. En las etapas moderadas, el contenido verbal es menos central \u2014 las emociones, los gestos y las estimulaci\u00f3n sensorial adquieren m\u00e1s importancia. En las etapas avanzadas, cuando la comunicaci\u00f3n verbal es muy limitada o ausente, los anclajes sensoriales (m\u00fasica, olor, contacto t\u00e1ctil suave) y el no verbal de la validaci\u00f3n (contacto visual, toque, tono de voz) siguen siendo efectivos y valiosos. Incluso en una etapa muy avanzada, la emoci\u00f3n generada por la interacci\u00f3n sigue siendo accesible e influye en el bienestar de la persona.<\/pee>\n    <\/div>\n<div class=\"faq-item\">\n<h4>5. \u00bfC\u00f3mo gestionar el agotamiento del cuidador frente a comportamientos repetitivos y agotadores?<\/h4>\n<pee>La repetici\u00f3n de las mismas situaciones (la misma pregunta cada 5 minutos, el mismo comportamiento cada ma\u00f1ana) es una de las fuentes m\u00e1s agotadoras del acompa\u00f1amiento cognitivo. Algunas estrategias: nombrar la dificultad sin culpa (es normal encontrarlo agotador), alternar a los intervenientes en las tareas m\u00e1s pesadas, utilizar guiones de respuesta preparados de antemano para las situaciones recurrentes (no tener que pensar cada vez). El uso sistem\u00e1tico de los anclajes positivos transforma algunas interacciones repetitivas en momentos de intercambio casi placenteros, reduciendo su carga emocional.<\/pee>\n    <\/div>\n<div class=\"faq-item\">\n<h4>6. \u00bfEstas t\u00e9cnicas est\u00e1n reservadas para los profesionales o las familias pueden aprenderlas?<\/h4>\n<pee>Son accesibles para las familias \u2014 y su apropiaci\u00f3n por el entorno no profesional es uno de los factores que m\u00e1s mejora la calidad de vida de las personas afectadas por demencia en casa. La formaci\u00f3n DYNSEO \u00abCambios de comportamiento relacionados con la enfermedad \u2014 Gu\u00eda pr\u00e1ctica para los familiares\u00bb est\u00e1 espec\u00edficamente dise\u00f1ada para transmitir estos enfoques a cuidadores no profesionales, con un lenguaje accesible, ejemplos concretos y herramientas directamente utilizables. Est\u00e1 certificada Qualiopi y es financiable CPF para los cuidadores empleados.<\/pee>\n    <\/div>\n<div class=\"faq-item\">\n<h4>7. \u00bfSe puede utilizar el enfoque de validaci\u00f3n con otras patolog\u00edas adem\u00e1s de la demencia?<\/h4>\n<pee>S\u00ed \u2014 los principios de la validaci\u00f3n se aplican a cualquier situaci\u00f3n donde corregir la realidad subjetiva de una persona sea contraproducente o da\u00f1ino: trastorno psiqui\u00e1trico con elementos delirantes (psicosis, delirio), s\u00edndrome post-conmocional severo, trastorno de la conciencia al salir de una hospitalizaci\u00f3n larga, ciertas situaciones de duelo. En todos estos casos, acoger la emoci\u00f3n antes de (quiz\u00e1s) introducir una informaci\u00f3n correctiva suave es generalmente m\u00e1s efectivo que la confrontaci\u00f3n directa.<\/pee>\n    <\/div>\n<div class=\"faq-item\">\n<h4>8. \u00bfC\u00f3mo involucrar al equipo m\u00e9dico en el uso de estos enfoques?<\/h4>\n<pee>La coherencia entre todos los intervenientes \u2014 ayuda a domicilio, enfermera, m\u00e9dico de cabecera, familia \u2014 es fundamental. El Cuaderno de enlace DYNSEO es la herramienta clave para compartir los anclajes efectivos, los enfoques que funcionan y los comportamientos recientes con todos los miembros del equipo. Durante las reuniones de coordinaci\u00f3n (ESS, reuniones CLIC, llamadas de coordinaci\u00f3n), mencionar expl\u00edcitamente los enfoques utilizados y sus efectos permite al m\u00e9dico y al equipo de atenci\u00f3n adaptar las prescripciones e intervenciones en consecuencia. La formaci\u00f3n DYNSEO para profesionales puede ser desplegada en todo el equipo para garantizar una coherencia total de los enfoques.<\/pee>\n    <\/div>\n<\/p><\/div>\n<\/section>\n<div class=\"container\">\n<div class=\"cta-block\">\n<h3>\ud83c\udfe0 Acompa\u00f1e mejor, fat\u00edquese menos con los enfoques DYNSEO<\/h3>\n<pee>Ficha de seguimiento de sesi\u00f3n, Cuaderno de enlace, Tabla de seguimiento, Term\u00f3metro de las emociones \u2014 las herramientas DYNSEO estructuran y refuerzan los enfoques de validaci\u00f3n, redirecci\u00f3n y anclajes en su d\u00eda a d\u00eda como cuidador. La formaci\u00f3n certificante Qualiopi completa su caja de herramientas.<\/pee>\n<div class=\"btns\">\n    <a href=\"https:\/\/www.dynseo.com\/es\/nuestras-herramientas\/\" class=\"btn-white\">Acceder a las herramientas \u2192<\/a><br \/>\n    <a href=\"https:\/\/www.dynseo.com\/es\/nuestros-cursos-de-formacion\/\" class=\"btn-outline\">Nuestras formaciones<\/a>\n  <\/div>\n<\/div>\n<\/div>\n<footer>\n  <pee>DYNSEO \u2014 Especialista en estimulaci\u00f3n cognitiva, neurodiversidad y formaci\u00f3n profesional en salud \u00b7 Par\u00eds 75015 \u00b7 Qualiopi N\u00b0 11757351875<\/pee>\n<div class=\"footer-links\">\n    <a href=\"https:\/\/www.dynseo.com\/es\/nuestros-cursos-de-formacion\/\">Nuestras formaciones<\/a><br \/>\n    <a href=\"https:\/\/www.dynseo.com\/es\/nuestras-herramientas\/\">Nuestras herramientas<\/a><br \/>\n    <a href=\"https:\/\/www.dynseo.com\/es\/nuestras-pruebas\/\">Nuestras pruebas<\/a><br \/>\n    <a href=\"https:\/\/www.dynseo.com\/es\/edith-juegos-de-memoria-faciles-de-usar-para-mayores\/\">EDITH<\/a><br \/>\n    <a href=\"https:\/\/www.dynseo.com\/es\/joe-tu-entrenador-de-entrenamiento-cerebral\/\">JOE<\/a><br \/>\n    <a href=\"https:\/\/www.dynseo.com\/es\/\">dynseo.com<\/a>\n  <\/div>\n<\/footer>\n<\/div>\n<p>[\/et_pb_code][\/et_pb_column][\/et_pb_row][\/et_pb_section]<\/p>\n<p>[et_pb_code]<script type=\"application\/ld+json\">{\"@context\":\"https:\/\/schema.org\",\"@type\":\"FAQPage\",\"mainEntity\":[{\"@type\":\"Question\",\"name\":\"\u00bfQu\u00e9 es la t\u00e9cnica de validaci\u00f3n en el acompa\u00f1amiento de personas con trastornos cognitivos?\",\"acceptedAnswer\":{\"@type\":\"Answer\",\"text\":\"La validaci\u00f3n, desarrollada por Naomi Feil a partir de los a\u00f1os 1960, consiste en acoger las emociones y la realidad subjetiva de la persona sin corregirla ni confrontarla con la realidad objetiva. En lugar de insistir en los hechos, el interviniente se une a la vivencia emocional de la persona, lo que genera calma, confianza y cooperaci\u00f3n en vez de verg\u00fcenza y agitaci\u00f3n.\"}},{\"@type\":\"Question\",\"name\":\"\u00bfPor qu\u00e9 corregir a una persona con demencia agrava la situaci\u00f3n en lugar de ayudarla?\",\"acceptedAnswer\":{\"@type\":\"Answer\",\"text\":\"En la demencia avanzada, la corteza prefrontal, responsable de integrar informaci\u00f3n contradictoria y aceptar correcciones l\u00f3gicas, est\u00e1 severamente afectada. La persona ya no puede procesar una informaci\u00f3n que contradice su realidad subjetiva. En cambio, sigue siendo muy sensible a la carga emocional de la interacci\u00f3n: la correcci\u00f3n genera ansiedad y agitaci\u00f3n, mientras que la validaci\u00f3n produce seguridad y cooperaci\u00f3n.\"}},{\"@type\":\"Question\",\"name\":\"\u00bfQu\u00e9 diferencias existen entre la enfermedad de Alzheimer y la demencia con cuerpos de Lewy en el acompa\u00f1amiento diario?\",\"acceptedAnswer\":{\"@type\":\"Answer\",\"text\":\"La enfermedad de Alzheimer se caracteriza por una alteraci\u00f3n progresiva de la memoria reciente, mientras la persona conserva su memoria emocional. La demencia con cuerpos de Lewy presenta un perfil fluctuante, con episodios de confusi\u00f3n alternando con momentos de lucidez, alucinaciones visuales frecuentes y trastornos severos del sue\u00f1o. Cada patolog\u00eda requiere adaptar los enfoques de validaci\u00f3n, redirecci\u00f3n y anclaje seg\u00fan sus especificidades.\"}},{\"@type\":\"Question\",\"name\":\"\u00bfQu\u00e9 porcentaje de personas con demencia vive en casa y qui\u00e9n las acompa\u00f1a principalmente?\",\"acceptedAnswer\":{\"@type\":\"Answer\",\"text\":\"Seg\u00fan los datos citados en la gu\u00eda, el 70% de las personas afectadas por demencia viven en casa, principalmente acompa\u00f1adas por cuidadores familiares e intervinientes a domicilio, lo que hace esencial que estos actores dominen enfoques como la validaci\u00f3n, la redirecci\u00f3n y los anclajes.\"}},{\"@type\":\"Question\",\"name\":\"\u00bfCu\u00e1l es el impacto real de la validaci\u00f3n sobre los episodios de agitaci\u00f3n en residencias de ancianos?\",\"acceptedAnswer\":{\"@type\":\"Answer\",\"text\":\"Seg\u00fan un estudio citado (Feil, 2018), las residencias de ancianos que adoptaron el enfoque de validaci\u00f3n registraron una reducci\u00f3n del 55% en los episodios de agitaci\u00f3n en comparaci\u00f3n con los enfoques est\u00e1ndar basados en la correcci\u00f3n o la confrontaci\u00f3n l\u00f3gica.\"}},{\"@type\":\"Question\",\"name\":\"\u00bfPor qu\u00e9 la memoria emocional sigue funcionando incluso en etapas avanzadas de la demencia?\",\"acceptedAnswer\":{\"@type\":\"Answer\",\"text\":\"La memoria emocional est\u00e1 sostenida por la am\u00edgdala y por circuitos subcorticales que permanecen ampliamente preservados hasta las etapas avanzadas de la enfermedad, a diferencia de la memoria cognitiva y epis\u00f3dica, que se deteriora tempranamente. Esto explica por qu\u00e9 la persona sigue reaccionando fuertemente a la calidad emocional de la interacci\u00f3n, aunque ya no recuerde los hechos objetivos.\"}}]}<\/script>[\/et_pb_code]<\/p>\n","protected":false},"excerpt":{"rendered":"","protected":false},"author":4,"featured_media":410101,"comment_status":"closed","ping_status":"closed","sticky":false,"template":"","format":"standard","meta":{"_et_pb_use_builder":"on","_et_pb_old_content":"[et_pb_section fb_built=\"1\" admin_label=\"Article HTML\" _builder_version=\"4.16\" custom_padding=\"0px||0px||false|false\" global_colors_info=\"{}\"][et_pb_row admin_label=\"Contenu\" _builder_version=\"4.16\" width=\"100%\" max_width=\"100%\" custom_padding=\"0px||0px||false|false\" global_colors_info=\"{}\"][et_pb_column type=\"4_4\" _builder_version=\"4.16\" global_colors_info=\"{}\"][et_pb_code admin_label=\"HTML import\u00e9\" _builder_version=\"4.16\" global_colors_info=\"{}\"]<style type=\"text\/css\">\n:root{--blue:#5e5ed7;--blue-dark:#5268c9;--teal:#a9e2e4;--yellow:#ffeca7;--pink:#e73469;--light-bg:#f8f9ff;--text:#2d2d4e;--text-light:#6b6b8a;--br:14px;--shc:0 2px 18px rgba(94,94,215,.08)}\n@import url('https:\/\/fonts.googleapis.com\/css2?family=Montserrat:wght@400;600;700;800&family=Poppins:wght@300;400;500&display=swap');\n\n* {box-sizing:border-box;margin:0;padding:0}\n.dbi-art-976906 {font-family:'Poppins',sans-serif;color:var(--text);background:#fff;line-height:1.85;font-size:16px}\n.dbi-art-976906 h1, .dbi-art-976906 h2, .dbi-art-976906 h3, .dbi-art-976906 h4, .dbi-art-976906 h5 {font-family:'Montserrat',sans-serif}\n.dbi-art-976906 .hero {background:linear-gradient(135deg,#0a2040 0%,var(--blue) 55%,#2a7a9a 100%);color:#fff;padding:72px 20px 56px;text-align:center}\n.dbi-art-976906 .hero-tag {display:inline-block;background:rgba(255,255,255,.18);border:1px solid rgba(255,255,255,.3);color:#fff;padding:5px 18px;border-radius:50px;font-size:12px;font-weight:600;letter-spacing:1px;text-transform:uppercase;margin-bottom:22px}\n.dbi-art-976906 .hero h1 {font-size:clamp(26px,3.8vw,42px);font-weight:800;line-height:1.2;max-width:840px;margin:0 auto 20px}\n.dbi-art-976906 .hero-sub {font-size:16px;opacity:.88;max-width:660px;margin:0 auto}\n.dbi-art-976906 .container {max-width:860px;margin:0 auto;padding:0 24px}\n.dbi-art-976906 h2 {font-size:clamp(20px,2.8vw,28px);font-weight:800;color:var(--blue);margin:60px 0 20px;padding-bottom:12px;border-bottom:3px solid var(--teal)}\n.dbi-art-976906 h3 {font-size:19px;font-weight:700;color:var(--blue-dark);margin:38px 0 14px}\n.dbi-art-976906 h4 {font-size:16px;font-weight:700;color:var(--text);margin:24px 0 10px}\n.dbi-art-976906 p {margin-bottom:18px;line-height:1.85}\n.dbi-art-976906 a {color:var(--blue);font-weight:600;text-decoration:none}\n.dbi-art-976906 a:hover {text-decoration:underline}\n.dbi-art-976906 .intro-box {border-left:5px solid var(--blue);background:rgba(94,94,215,.05);padding:28px 32px;border-radius:0 var(--br) var(--br) 0;margin:40px 0}\n.dbi-art-976906 .intro-box p {font-size:17px;margin:0;line-height:1.9}\n.dbi-art-976906 .hl {background:linear-gradient(135deg,rgba(169,226,228,.22),rgba(255,236,167,.22));border-radius:var(--br);padding:28px 30px;margin:30px 0;border:1px solid rgba(169,226,228,.5)}\n.dbi-art-976906 .hl h4 {color:var(--blue);margin-top:0;margin-bottom:14px}\n.dbi-art-976906 .hl p:last-child, .dbi-art-976906 .hl ul:last-child {margin-bottom:0}\n.dbi-art-976906 .tip-box {background:var(--yellow);border-radius:var(--br);padding:22px 28px;margin:30px 0}\n.dbi-art-976906 .tip-box p {margin:0;font-size:15px}\n.dbi-art-976906 .pink-box {background:rgba(231,52,105,.06);border-left:5px solid var(--pink);border-radius:0 var(--br) var(--br) 0;padding:22px 28px;margin:30px 0}\n.dbi-art-976906 .pink-box p {margin:0;font-size:15px}\n.dbi-art-976906 .pink-box strong {color:var(--pink)}\n.dbi-art-976906 .teal-box {background:rgba(169,226,228,.15);border-left:5px solid #2aa0a4;border-radius:0 var(--br) var(--br) 0;padding:22px 28px;margin:30px 0}\n.dbi-art-976906 .teal-box p {margin:0;font-size:15px}\n.dbi-art-976906 .stats-grid {display:grid;grid-template-columns:repeat(auto-fit,minmax(180px,1fr));gap:14px;margin:28px 0}\n.dbi-art-976906 .stat-card {border-radius:var(--br);padding:22px 18px;text-align:center;color:#fff}\n.dbi-art-976906 .stat-card.blue {background:linear-gradient(135deg,var(--blue),var(--blue-dark))}\n.dbi-art-976906 .stat-card.teal {background:linear-gradient(135deg,#2aa0a4,#1a6e70)}\n.dbi-art-976906 .stat-card.pink {background:linear-gradient(135deg,var(--pink),#b02050)}\n.dbi-art-976906 .stat-card.yellow {background:linear-gradient(135deg,#b07800,#8a5c00)}\n.dbi-art-976906 .stat-num {font-family:'Montserrat',sans-serif;font-size:30px;font-weight:800;display:block;margin-bottom:6px}\n.dbi-art-976906 .stat-label {font-size:12px;opacity:.9;line-height:1.4}\n.dbi-art-976906 .barrier-grid {display:grid;grid-template-columns:repeat(auto-fit,minmax(240px,1fr));gap:16px;margin:28px 0}\n.dbi-art-976906 .barrier-card {background:#fff;border-radius:var(--br);padding:22px 20px;box-shadow:var(--shc);border-top:4px solid var(--blue)}\n.dbi-art-976906 .barrier-card .b-icon {font-size:26px;margin-bottom:10px}\n.dbi-art-976906 .barrier-card h5 {font-family:'Montserrat',sans-serif;font-size:14px;font-weight:700;color:var(--blue);margin-bottom:8px}\n.dbi-art-976906 .barrier-card p {font-size:13px;color:var(--text-light);margin:0 0 10px;line-height:1.6}\n.dbi-art-976906 .barrier-card .b-fix {font-size:12px;font-weight:600;color:#1a6e50;background:rgba(58,170,120,.08);padding:7px 10px;border-radius:6px;display:block;line-height:1.4}\n.dbi-art-976906 .process-track {margin:32px 0}\n.dbi-art-976906 .process-step {display:grid;grid-template-columns:1fr 1fr;gap:16px;margin-bottom:20px;align-items:start}\n@media(max-width:580px) {\n.dbi-art-976906 .process-step {grid-template-columns:1fr}\n}\n.dbi-art-976906 .ps-standard {background:rgba(231,52,105,.04);border:1px solid rgba(231,52,105,.15);border-radius:var(--br);padding:16px 18px}\n.dbi-art-976906 .ps-adapted {background:rgba(58,170,120,.05);border:1px solid rgba(58,170,120,.2);border-radius:var(--br);padding:16px 18px}\n.dbi-art-976906 .ps-label {font-size:11px;font-weight:700;text-transform:uppercase;letter-spacing:.5px;margin-bottom:8px;display:block}\n.dbi-art-976906 .ps-standard .ps-label {color:var(--pink)}\n.dbi-art-976906 .ps-adapted .ps-label {color:#1a6e50}\n.dbi-art-976906 .ps-standard h5, .dbi-art-976906 .ps-adapted h5 {font-family:'Montserrat',sans-serif;font-size:13px;font-weight:700;margin-bottom:6px;color:var(--text)}\n.dbi-art-976906 .ps-standard p, .dbi-art-976906 .ps-adapted p {font-size:12px;color:var(--text-light);margin:0;line-height:1.5}\n.dbi-art-976906 .dynseo-table {width:100%;border-collapse:collapse;margin:30px 0;border-radius:var(--br);overflow:hidden;box-shadow:var(--shc)}\n.dbi-art-976906 .dynseo-table thead tr {background:var(--blue);color:#fff}\n.dbi-art-976906 .dynseo-table thead th {padding:14px 18px;font-family:'Montserrat',sans-serif;font-size:13px;font-weight:700;text-align:left}\n.dbi-art-976906 .dynseo-table tbody tr:nth-child(even) {background:rgba(94,94,215,.04)}\n.dbi-art-976906 .dynseo-table tbody tr:hover {background:rgba(169,226,228,.2)}\n.dbi-art-976906 .dynseo-table td {padding:13px 18px;font-size:14px;border-bottom:1px solid rgba(94,94,215,.08);vertical-align:top;line-height:1.6}\n.dbi-art-976906 .dynseo-table td strong {color:var(--blue-dark)}\n.dbi-art-976906 .formation-block {background:#fff;border-radius:var(--br);box-shadow:0 4px 32px rgba(94,94,215,.13);overflow:hidden;margin:44px 0}\n.dbi-art-976906 .formation-block .fb-body {padding:28px 30px}\n.dbi-art-976906 .formation-block .fb-tag {display:inline-block;background:rgba(94,94,215,.1);color:var(--blue);font-size:11px;font-weight:700;text-transform:uppercase;letter-spacing:1px;padding:4px 12px;border-radius:50px;margin-bottom:14px}\n.dbi-art-976906 .formation-block h3 {margin:0 0 12px;color:var(--blue);font-size:20px}\n.dbi-art-976906 .formation-block p {font-size:14px;margin-bottom:18px}\n.dbi-art-976906 .formation-block .fb-meta {display:flex;flex-wrap:wrap;gap:10px;margin-bottom:20px}\n.dbi-art-976906 .formation-block .fb-meta span {background:var(--light-bg);padding:5px 12px;border-radius:50px;font-size:12px;font-weight:600;color:var(--text-light)}\n.dbi-art-976906 .btn-primary {display:inline-block;background:linear-gradient(135deg,var(--blue),var(--blue-dark));color:#fff;font-family:'Montserrat',sans-serif;font-weight:700;font-size:14px;padding:13px 28px;border-radius:50px;text-decoration:none;box-shadow:0 4px 16px rgba(94,94,215,.3)}\n.dbi-art-976906 .cta-block {background:linear-gradient(135deg,var(--blue-dark),var(--blue));border-radius:var(--br);padding:40px 32px;margin:52px 0;color:#fff;text-align:center}\n.dbi-art-976906 .cta-block h3 {color:#fff;margin:0 0 12px;font-size:22px}\n.dbi-art-976906 .cta-block p {color:rgba(255,255,255,.88);margin:0 auto 24px;max-width:580px;font-size:15px}\n.dbi-art-976906 .cta-block .btns {display:flex;gap:12px;justify-content:center;flex-wrap:wrap}\n.dbi-art-976906 .btn-white {display:inline-block;background:#fff;color:var(--blue);font-family:'Montserrat',sans-serif;font-weight:700;font-size:13px;padding:12px 26px;border-radius:50px;text-decoration:none}\n.dbi-art-976906 .btn-outline {display:inline-block;background:transparent;border:2px solid rgba(255,255,255,.6);color:#fff;font-family:'Montserrat',sans-serif;font-weight:600;font-size:13px;padding:11px 24px;border-radius:50px;text-decoration:none}\n.dbi-art-976906 .tools-grid {display:grid;grid-template-columns:repeat(auto-fit,minmax(220px,1fr));gap:12px;margin:24px 0}\n.dbi-art-976906 .tool-card {background:var(--light-bg);border-radius:10px;padding:16px 18px;border:1px solid rgba(94,94,215,.1)}\n.dbi-art-976906 .tool-card h5 {font-size:13px;font-weight:700;color:var(--blue);margin-bottom:6px}\n.dbi-art-976906 .tool-card p {font-size:12px;color:var(--text-light);margin:0 0 8px}\n.dbi-art-976906 .tool-card a {font-size:12px;color:var(--blue);font-weight:600}\n.dbi-art-976906 .appli-grid {display:grid;grid-template-columns:repeat(auto-fit,minmax(200px,1fr));gap:14px;margin:24px 0}\n.dbi-art-976906 .appli-card {background:#fff;border-radius:var(--br);padding:18px;box-shadow:var(--shc);border:1px solid rgba(94,94,215,.08)}\n.dbi-art-976906 .appli-card h5 {font-size:13px;font-weight:700;color:var(--blue);margin-bottom:8px}\n.dbi-art-976906 .appli-card p {font-size:12px;color:var(--text-light);margin:0 0 10px}\n.dbi-art-976906 .appli-card a {font-size:12px;color:var(--blue);font-weight:600}\n.dbi-art-976906 .formations-links {display:grid;grid-template-columns:repeat(auto-fit,minmax(260px,1fr));gap:12px;margin:24px 0}\n.dbi-art-976906 .formation-link {background:#fff;border-radius:10px;padding:16px 20px;box-shadow:var(--shc);border-left:4px solid var(--blue);display:flex;flex-direction:column;gap:6px}\n.dbi-art-976906 .formation-link span {font-size:12px;color:var(--text-light)}\n.dbi-art-976906 .formation-link a {font-size:14px;font-weight:700;color:var(--blue-dark)}\n.dbi-art-976906 .faq-section {background:var(--light-bg);padding:56px 24px;margin-top:56px}\n.dbi-art-976906 .faq-section h2 {color:var(--blue)}\n.dbi-art-976906 .faq-item {background:#fff;border-radius:var(--br);padding:26px 30px;margin-bottom:14px;box-shadow:var(--shc)}\n.dbi-art-976906 .faq-item h4 {font-size:15px;color:var(--blue);margin-bottom:12px}\n.dbi-art-976906 .faq-item p {font-size:14px;margin:0;line-height:1.75}\n.dbi-art-976906 footer {background:linear-gradient(135deg,var(--blue),var(--blue-dark));color:#fff;padding:40px 24px;text-align:center}\n.dbi-art-976906 footer p {font-size:13px;color:rgba(255,255,255,.78);margin-bottom:16px}\n.dbi-art-976906 .footer-links {display:flex;justify-content:center;gap:10px;flex-wrap:wrap}\n.dbi-art-976906 .footer-links a {color:#fff;font-size:12px;font-weight:600;text-decoration:none;padding:6px 16px;border:1px solid rgba(255,255,255,.28);border-radius:50px}\n.dbi-art-976906 .signal-grid {display:grid;grid-template-columns:repeat(auto-fit,minmax(260px,1fr));gap:16px;margin:28px 0}\n.dbi-art-976906 .signal-card {background:#fff;border-radius:var(--br);padding:22px 20px;box-shadow:var(--shc);border-left:4px solid var(--teal)}\n.dbi-art-976906 .signal-card h5 {font-family:'Montserrat',sans-serif;font-size:14px;font-weight:700;color:var(--blue-dark);margin-bottom:10px}\n.dbi-art-976906 .signal-card ul {list-style:none;padding:0;margin:0}\n.dbi-art-976906 .signal-card ul li {font-size:13px;color:var(--text-light);padding:5px 0;border-bottom:1px solid rgba(0,0,0,.05);line-height:1.5}\n.dbi-art-976906 .signal-card ul li::before {content:'\u2192 ';color:var(--blue);font-weight:700}\n.dbi-art-976906 .signal-card ul li:last-child {border:none}\n.dbi-art-976906 .step-list {list-style:none;padding:0;margin:20px 0;counter-reset:steps}\n.dbi-art-976906 .step-list li {counter-increment:steps;padding:14px 18px 14px 60px;position:relative;background:#fff;border-radius:10px;box-shadow:var(--shc);margin-bottom:12px;font-size:14px;line-height:1.7}\n.dbi-art-976906 .step-list li::before {content:counter(steps);position:absolute;left:16px;top:12px;width:28px;height:28px;background:var(--blue);color:#fff;border-radius:50%;display:flex;align-items:center;justify-content:center;font-family:'Montserrat',sans-serif;font-weight:800;font-size:13px}\n.dbi-art-976906 .approche-block {background:#fff;border-radius:var(--br);box-shadow:0 4px 24px rgba(94,94,215,.1);margin:32px 0;overflow:hidden}\n.dbi-art-976906 .approche-header {padding:20px 24px;display:flex;align-items:center;gap:14px}\n.dbi-art-976906 .approche-header.teal-bg {background:linear-gradient(135deg,rgba(169,226,228,.3),rgba(169,226,228,.1))}\n.dbi-art-976906 .approche-header.blue-bg {background:linear-gradient(135deg,rgba(94,94,215,.12),rgba(94,94,215,.04))}\n.dbi-art-976906 .approche-header.yellow-bg {background:linear-gradient(135deg,rgba(255,236,167,.5),rgba(255,236,167,.2))}\n.dbi-art-976906 .approche-header .app-icon {font-size:32px}\n.dbi-art-976906 .approche-header div h3 {margin:0;font-size:18px;color:var(--blue-dark)}\n.dbi-art-976906 .approche-header div span {font-size:12px;color:var(--text-light);display:block;margin-top:3px}\n.dbi-art-976906 .approche-body {padding:24px 26px}\n.dbi-art-976906 .approche-body p {font-size:14px}\n\n<\/style>\n<div class=\"dbi-art-976906\">\n<header class=\"hero\">\n  <div class=\"hero-tag\">\ud83c\udfe0 Ayuda a domicilio \u00b7 Trastornos cognitivos \u00b7 Validaci\u00f3n \u00b7 Redirecci\u00f3n \u00b7 Anclajes<\/div>\n  <h1>Trastornos cognitivos: comprender para actuar \u2014 validaci\u00f3n, redirecci\u00f3n y anclajes<\/h1>\n  <p class=\"hero-sub\">Trabajar con personas afectadas por trastornos cognitivos en casa o en un establecimiento requiere enfoques espec\u00edficos, probados y benevolentes. Esta gu\u00eda pr\u00e1ctica explica e ilustra tres de las t\u00e9cnicas m\u00e1s efectivas: la validaci\u00f3n, la redirecci\u00f3n y los anclajes.<\/p>\n<\/header>\n\n<main class=\"container\">\n\n<div class=\"intro-box\"><p>Son las 10:30. La se\u00f1ora C., de 83 a\u00f1os, le pregunta por tercera vez desde su llegada si ha tomado sus medicamentos. El se\u00f1or T., de 78 a\u00f1os, se niega a lavarse desde hace dos d\u00edas porque est\u00e1 convencido de que ya lo ha hecho. La se\u00f1ora L., de 80 a\u00f1os, llora al decirle que debe ir a buscar a sus hijos a la escuela \u2014 sus hijos que hoy tienen m\u00e1s de 50 a\u00f1os. Estas situaciones, vividas diariamente por los auxiliares de vida, cuidadores, enfermeras y familias acompa\u00f1antes, revelan la dolorosa brecha entre la realidad objetiva y la realidad subjetiva de la persona afectada por trastornos cognitivos. Corregir, reenfocar, insistir en los hechos \u2014 estos reflejos naturales resultan no solo ineficaces sino a menudo agravantes. Esta gu\u00eda presenta tres enfoques validados por la investigaci\u00f3n y por d\u00e9cadas de pr\u00e1ctica cl\u00ednica: la validaci\u00f3n, la redirecci\u00f3n y los anclajes. Juntos, forman un marco de acompa\u00f1amiento respetuoso, efectivo y profundamente humano.<\/p><\/div>\n\n<h2>1. Los trastornos cognitivos en casa: comprender el contexto de intervenci\u00f3n<\/h2>\n\n<h3>1.1 Perfiles encontrados y especificidades de cada patolog\u00eda<\/h3>\n<p>Los intervenientes a domicilio y los cuidadores familiares se enfrentan a un amplio espectro de trastornos cognitivos, cada uno con sus caracter\u00edsticas propias que influyen directamente en los enfoques a utilizar. La <strong>enfermedad de Alzheimer<\/strong> \u2014 la m\u00e1s frecuente \u2014 se caracteriza por una alteraci\u00f3n temprana y progresiva de la memoria epis\u00f3dica reciente, luego de la memoria sem\u00e1ntica, con una preservaci\u00f3n relativa de la memoria emocional y procedimental hasta etapas avanzadas. La persona a menudo vive en un tiempo subjetivo pasado \u2014 sus padres a\u00fan est\u00e1n vivos, sus hijos son peque\u00f1os, debe ir a trabajar. Esta realidad subjetiva es coherente para ella, incluso si est\u00e1 desconectada del presente objetivo.<\/p>\n<p>La <strong>demenia con cuerpos de Lewy<\/strong> presenta un perfil fluctuante con episodios de confusi\u00f3n alternando con per\u00edodos de relativa lucidez, alucinaciones visuales frecuentes y trastornos del sue\u00f1o severos. La <strong>demenia vascular<\/strong> es m\u00e1s progresiva y estable, a menudo con d\u00e9ficits espec\u00edficos relacionados con las \u00e1reas cerebrales afectadas. La <strong>demenia frontotemporal<\/strong> afecta preferentemente la personalidad y el comportamiento social antes que la memoria \u2014 produciendo comportamientos desinhibidos o ap\u00e1ticos que pueden ser muy perturbadores para el entorno. Cada perfil requiere adaptaciones espec\u00edficas de los enfoques de validaci\u00f3n, redirecci\u00f3n y anclajes.<\/p>\n\n<div class=\"stats-grid\">\n  <div class=\"stat-card blue\">\n    <span class=\"stat-num\">1,2 M<\/span>\n    <span class=\"stat-label\">personas afectadas por enfermedad de Alzheimer o una enfermedad relacionada en Francia \u2014 3\u00aa enfermedad cr\u00f3nica m\u00e1s frecuente<\/span>\n  <\/div>\n  <div class=\"stat-card teal\">\n    <span class=\"stat-num\">70 %<\/span>\n    <span class=\"stat-label\">de las personas afectadas por demencia viven en casa, principalmente con la ayuda de cuidadores familiares e intervenientes a domicilio<\/span>\n  <\/div>\n<div class=\"stat-card pink\">\n    <span class=\"stat-num\">\u201355 %<\/span>\n    <span class=\"stat-label\">de episodios de agitaci\u00f3n en las residencias de ancianos que han adoptado el enfoque de validaci\u00f3n vs. enfoque est\u00e1ndar (Feil, 2018)<\/span>\n  <\/div>\n  <div class=\"stat-card yellow\">\n    <span class=\"stat-num\">83 %<\/span>\n    <span class=\"stat-label\">de los cuidadores profesionales declaran sentirse mejor equipados despu\u00e9s de una formaci\u00f3n en enfoques no confrontacionales (CNSA, 2022)<\/span>\n  <\/div>\n<\/div>\n\n<h3>1.2 Por qu\u00e9 los enfoques intuitivos fallan<\/h3>\n<p>Frente a los comportamientos desconcertantes de la persona afectada por trastornos cognitivos, las reacciones m\u00e1s naturales y comunes son la <strong>correcci\u00f3n<\/strong> (\u00ab No, su marido falleci\u00f3 hace diez a\u00f1os \u00bb), la <strong>reorientaci\u00f3n a la realidad<\/strong> (\u00ab Est\u00e1 en 2025, no en 1975 \u00bb), y la <strong>confrontaci\u00f3n l\u00f3gica<\/strong> (\u00ab Acaba de comer hace una hora, no tiene hambre \u00bb). Estos enfoques son l\u00f3gicamente intuitivos para cerebros intactos \u2014 pero fallan sistem\u00e1ticamente con las personas que presentan trastornos cognitivos severos.<\/p>\n<p>La raz\u00f3n es neurobiol\u00f3gica: en la demencia avanzada, la corteza prefrontal \u2014 que permite integrar la informaci\u00f3n contradictoria, actualizar las creencias y aceptar una correcci\u00f3n l\u00f3gica \u2014 est\u00e1 severamente afectada. La persona ya no tiene la capacidad cognitiva para integrar una informaci\u00f3n que contradice su realidad subjetiva. Lo que puede hacer, en cambio, es sentir la emoci\u00f3n asociada a la interacci\u00f3n: la correcci\u00f3n genera verg\u00fcenza, ansiedad y agitaci\u00f3n; la validaci\u00f3n genera calma, confianza y cooperaci\u00f3n. La memoria emocional \u2014 sostenida por la am\u00edgdala y circuitos subcorticales ampliamente preservados hasta las etapas avanzadas \u2014 sigue siendo funcional mucho despu\u00e9s de que la memoria cognitiva falla.<\/p>\n\n<div class=\"teal-box\"><p>\ud83e\udde0 <strong>Principio fundador :<\/strong> En el acompa\u00f1amiento de los trastornos cognitivos, la realidad subjetiva de la persona <em>es<\/em> su realidad. No es un error a corregir \u2014 es una experiencia vivida que merece ser acogida con respeto. Nuestro papel no es llevar a la persona de vuelta a nuestra realidad, sino unirse a la suya para crear una interacci\u00f3n segura y benevolente.<\/p><\/div>\n\n<h2>2. La validaci\u00f3n: unirse a la realidad de la persona<\/h2>\n\n<div class=\"approche-block\">\n  <div class=\"approche-header teal-bg\">\n    <div class=\"app-icon\">\ud83d\udc9a<\/div>\n    <div>\n      <h3>El enfoque de validaci\u00f3n (Naomi Feil)<\/h3>\n      <span>Acojer las emociones y la realidad subjetiva sin corregir ni confrontar<\/span>\n    <\/div>\n  <\/div>\n<div class=\"approche-body\">\n    <p>La <strong>terapia de validaci\u00f3n<\/strong> se desarroll\u00f3 a partir de los a\u00f1os 1960 por la psic\u00f3loga americana Naomi Feil, despu\u00e9s de d\u00e9cadas de observaci\u00f3n de personas afectadas por demencia en residencias de ancianos americanas. Su observaci\u00f3n fundacional: las personas con demencia no est\u00e1n \u00ab en otro lugar \u00bb de forma aleatoria \u2014 est\u00e1n procesando emociones y experiencias no resueltas de su vida pasada a trav\u00e9s de sus comportamientos y verbalizaciones presentes. Preguntarles por su madre (fallecida), querer ir a buscar a sus hijos (adultos), o buscar a su marido (desaparecido) no son s\u00edntomas a gestionar, sino necesidades emocionales profundas a acoger.<\/p>\n    <p>La validaci\u00f3n no significa mentir \u2014 significa acoger la emoci\u00f3n sin corregir el contenido. Cuando la se\u00f1ora L. dice que debe ir a buscar a sus hijos, el ayudante no dice \u00ab sus hijos tienen 55 a\u00f1os y viven en Par\u00eds \u00bb. \u00c9l dice: \u00ab Usted piensa en sus hijos \u2014 los ama tanto. \u00bfC\u00f3mo se llaman? \u00bb Esta respuesta valida el sentimiento de amor maternal y la necesidad de protecci\u00f3n de sus hijos \u2014 necesidades reales y leg\u00edtimas \u2014 sin fomentar una confusi\u00f3n peligrosa.<\/p>\n  <\/div>\n<\/div>\n\n<h3>2.1 Las t\u00e9cnicas de validaci\u00f3n en pr\u00e1ctica<\/h3>\n\n<div class=\"barrier-grid\">\n  <div class=\"barrier-card\">\n    <div class=\"b-icon\">\ud83d\udc42<\/div>\n    <h5>Escucha emp\u00e1tica no verbal<\/h5>\n    <p>Contacto visual suave, voz tranquila y baja, postura relajada, toque benevolente si la persona lo permite. Lo no verbal se capta incluso cuando las palabras ya no se entienden totalmente. La seguridad emocional se comunica primero a trav\u00e9s del cuerpo.<\/p>\n    <span class=\"b-fix\">\u2713 Aplicable desde los primeros signos de agitaci\u00f3n<\/span>\n  <\/div>\n  <div class=\"barrier-card\">\n    <div class=\"b-icon\">\ud83c\udf0a<\/div>\n    <h5>Reflejo emocional<\/h5>\n    <p>Identificar y nombrar la emoci\u00f3n subyacente, no el contenido: \u00ab Veo que est\u00e1 preocupada \u00bb \/ \u00ab Parece que necesita ser tranquilizada \u00bb \/ \u00ab Algo le falta en este momento \u00bb. Validar la emoci\u00f3n sin validar el contenido f\u00e1ctico err\u00f3neo.<\/p>\n    <span class=\"b-fix\">\u2713 Reduce la agitaci\u00f3n en unos minutos<\/span>\n  <\/div>\n  <div class=\"barrier-card\">\n    <div class=\"b-icon\">\ud83d\udcac<\/div>\n    <h5>Preguntas abiertas sobre el pasado<\/h5>\n    <p>Utilizar los temas mencionados para explorar recuerdos positivos: \u00ab H\u00e1bleme de sus hijos... \u00bb \/ \u00ab \u00bfC\u00f3mo era en esa \u00e9poca... \u00bb \/ \u00ab \u00bfQu\u00e9 le gustaba hacer... \u00bb. Estas preguntas invitan a la persona a sus recuerdos positivos y reducen la agitaci\u00f3n.<\/p>\n    <span class=\"b-fix\">\u2713 Crea un espacio de conexi\u00f3n y placer compartido<\/span>\n  <\/div>\n  <div class=\"barrier-card\">\n<div class=\"b-icon\">\ud83c\udfb5<\/div>\n    <h5>Canci\u00f3n o m\u00fasica asociada<\/h5>\n    <p>Para las personas verbalmente limitadas, tararear o tocar una canci\u00f3n de su \u00e9poca puede desencadenar una respuesta emocional positiva inmediata. La memoria musical resiste hasta las etapas avanzadas de la demencia \u2014 es un acceso directo a la validaci\u00f3n emocional.<\/p>\n    <span class=\"b-fix\">\u2713 Eficaz incluso en fase severa cuando lo verbal es limitado<\/span>\n  <\/div>\n<\/div>\n\n<h3>2.2 Lo que la validaci\u00f3n no hace<\/h3>\n<p>Varios malentendidos comunes sobre la validaci\u00f3n merecen ser aclarados. La validaci\u00f3n no consiste en <strong>mentir<\/strong> activamente (\u00ab S\u00ed, su marido la est\u00e1 esperando \u00bb), lo que puede crear esperanza seguida de decepci\u00f3n y agravar la confusi\u00f3n. Consiste en no corregir, no en afirmar cosas falsas. La validaci\u00f3n tampoco se aplica a todos los contenidos sin distinci\u00f3n: si la persona expresa ideas que podr\u00edan ponerla en peligro (\u00ab Voy a salir sola a la calle \u00bb), la redirecci\u00f3n o un rechazo benevolente pero firme son necesarios. Por \u00faltimo, la validaci\u00f3n no es una t\u00e9cnica universal que funcione para todas las personas en todos los contextos \u2014 algunas personas presentan una anosognosia parcial y pueden beneficiarse de un enfoque m\u00e1s directo para ciertos temas. La observaci\u00f3n regular de la persona y el ajuste continuo del enfoque son esenciales.<\/p>\n\n<div class=\"process-track\">\n  <div class=\"process-step\">\n    <div class=\"ps-standard\">\n      <span class=\"ps-label\">\u274c Reacci\u00f3n no validante<\/span>\n      <h5>Situaci\u00f3n: \u00ab \u00bfD\u00f3nde est\u00e1 mi mam\u00e1? Quiero ver a mi mam\u00e1. \u00bb<\/h5>\n      <p>\u00ab Su mam\u00e1 falleci\u00f3 hace 40 a\u00f1os. \u00bb \u2014 Esta correcci\u00f3n genera instant\u00e1neamente una tristeza intensa y a veces una crisis de llanto desproporcionada. La persona revive el duelo con cada correcci\u00f3n.<\/p>\n    <\/div>\n    <div class=\"ps-adapted\">\n      <span class=\"ps-label\">\u2705 Respuesta validante<\/span>\n      <h5>La misma situaci\u00f3n, abordada de manera diferente<\/h5>\n      <p>\u00ab Su mam\u00e1 le hace falta en este momento. Ella era importante para usted. \u00bfC\u00f3mo era su mam\u00e1? \u00bb \u2014 Valida la falta, explora el recuerdo, crea una conexi\u00f3n emocional positiva.<\/p>\n    <\/div>\n  <\/div>\n  <div class=\"process-step\">\n    <div class=\"ps-standard\">\n      <span class=\"ps-label\">\u274c Reacci\u00f3n no validante<\/span>\n      <h5>Situaci\u00f3n: \u00ab No he comido en todo el d\u00eda. \u00bb<\/h5>\n      <p>\u00ab \u00a1Pero s\u00ed, acaba de almorzar hace una hora! \u00a1Yo le prepar\u00e9 la sopa yo mismo! \u00bb \u2014 La contradicci\u00f3n genera ansiedad y desconfianza hacia el cuidador.<\/p>\n    <\/div>\n    <div class=\"ps-adapted\">\n      <span class=\"ps-label\">\u2705 Respuesta validante<\/span>\n      <h5>La misma situaci\u00f3n, abordada de manera diferente<\/h5>\n      <p>\u00ab \u00bfTiene hambre? Vamos a ver juntos qu\u00e9 podemos preparar. \u00bb (Luego ofrecer un peque\u00f1o refrigerio o acompa\u00f1ar hacia la cocina.) La emoci\u00f3n de hambre\/necesidad es tenida en cuenta, se evita el conflicto.<\/p>\n    <\/div>\n  <\/div>\n<\/div>\n\n<h2>3. La redirecci\u00f3n: desviar la atenci\u00f3n hacia un territorio m\u00e1s sereno<\/h2>\n\n<div class=\"approche-block\">\n  <div class=\"approche-header blue-bg\">\n    <div class=\"app-icon\">\ud83d\udd00<\/div>\n    <div>\n      <h3>La redirecci\u00f3n<\/h3>\n      <span>Desplazar la atenci\u00f3n de un contenido perturbador hacia un contenido neutro o positivo<\/span>\n    <\/div>\n  <\/div>\n<div class=\"approche-body\">\n    <p>La redirecci\u00f3n es una t\u00e9cnica conductual que consiste en desviar la atenci\u00f3n de la persona de una situaci\u00f3n, un comportamiento o un pensamiento problem\u00e1tico hacia algo m\u00e1s neutro o placentero \u2014 sin confrontaci\u00f3n ni represi\u00f3n. Es diferente de la validaci\u00f3n: donde la validaci\u00f3n acoge y explora la emoci\u00f3n, la redirecci\u00f3n propone un movimiento, una actividad o un tema diferente para interrumpir una din\u00e1mica dif\u00edcil. Ambas t\u00e9cnicas son complementarias y se utilizan a menudo en secuencia: validaci\u00f3n primero (acoger la emoci\u00f3n), luego redirecci\u00f3n (proponer una transici\u00f3n hacia otra cosa).<\/p>\n    <p>La redirecci\u00f3n funciona porque las personas con trastornos cognitivos a menudo tienen una memoria a corto plazo muy limitada \u2014 lo que significa que su atenci\u00f3n puede ser desplazada relativamente f\u00e1cil hacia un nuevo est\u00edmulo, especialmente si este est\u00edmulo es sensorial, concreto y familiar. La redirecci\u00f3n aprovecha esta caracter\u00edstica no para manipular a la persona, sino para ofrecerle una salida hacia un espacio emocional m\u00e1s c\u00f3modo.<\/p>\n  <\/div>\n<\/div>\n\n<h3>3.1 Los tipos de redirecci\u00f3n<\/h3>\n\n<div class=\"signal-grid\">\n  <div class=\"signal-card\">\n    <h5>\ud83c\udfaf Redirecci\u00f3n atencional directa<\/h5>\n    <ul>\n      <li>Proponer una actividad concreta inmediata<\/li>\n      <li>\u00ab Ven a ayudarme a poner la mesa \u00bb<\/li>\n      <li>\u00ab Necesito que me ayudes con algo \u00bb<\/li>\n      <li>\u00ab Vamos a mirar las fotos juntos \u00bb<\/li>\n      <li>Cambiar de habitaci\u00f3n o de entorno<\/li>\n    <\/ul>\n  <\/div>\n  <div class=\"signal-card\">\n    <h5>\ud83d\udcac Redirecci\u00f3n tem\u00e1tica<\/h5>\n    <ul>\n      <li>Desviar hacia un tema positivo asociado<\/li>\n      <li>Partir de una palabra clave para ir hacia un recuerdo agradable<\/li>\n      <li>\u00ab Eso me hace pensar en... \u00bb + tema positivo<\/li>\n      <li>Utilizar los intereses antiguos de la persona<\/li>\n      <li>Hacer referencia a un rol social valorativo<\/li>\n    <\/ul>\n  <\/div>\n  <div class=\"signal-card\">\n    <h5>\ud83c\udf38 Redirecci\u00f3n sensorial<\/h5>\n    <ul>\n      <li>Proponer una sensaci\u00f3n agradable (infusi\u00f3n, olor, textura)<\/li>\n      <li>Poner m\u00fasica familiar<\/li>\n      <li>Aportar un objeto significativo (foto, objeto de trabajo)<\/li>\n      <li>Salir al exterior o cambiar de luz<\/li>\n      <li>Proponer un cuidado corporal agradable (crema, peinado)<\/li>\n    <\/ul>\n  <\/div>\n  <div class=\"signal-card\">\n    <h5>\ud83e\udd1d Redirecci\u00f3n por la implicaci\u00f3n<\/h5>\n    <ul>\n      <li>Confiar una tarea simple y valorativa<\/li>\n      <li>Pedir la ayuda o la opini\u00f3n de la persona<\/li>\n      <li>Crear un sentimiento de utilidad y competencia<\/li>\n      <li>Actividades motoras simples (doblar, clasificar, regar)<\/li>\n      <li>Lectura en voz alta al cuidador<\/li>\n    <\/ul>\n  <\/div>\n<\/div>\n\n<h3>3.2 La t\u00e9cnica del \u00ab S\u00ed-y \u00bb<\/h3>\n<p>La t\u00e9cnica del \u00ab S\u00ed-y \u00bb, tomada del teatro de improvisaci\u00f3n, es una de las formas m\u00e1s efectivas de redirecci\u00f3n en el acompa\u00f1amiento de personas con demencia. En lugar de contrariar o corregir (\u00ab No, no tienes que salir \u00bb), el cuidador acoge la propuesta de la persona (\u00ab S\u00ed \u00bb) y la enriquece con una nueva direcci\u00f3n (\u00ab y \u00bb). \u00bfEl se\u00f1or T. quiere salir a la calle a las 22h? \u00ab S\u00ed, hace buen tiempo esta noche, y de hecho, iba a proponerles mirar el jard\u00edn desde la ventana \u2014 ven, la luna est\u00e1 magn\u00edfica. \u00bb Este \u00ab s\u00ed-y \u00bb no es una mentira \u2014 es una invitaci\u00f3n hacia algo real y placentero que satisface parcialmente la necesidad de movimiento o libertad expresada.<\/p>\n\n<div class=\"process-track\">\n  <div class=\"process-step\">\n    <div class=\"ps-standard\">\n      <span class=\"ps-label\">\u274c Confrontaci\u00f3n directa<\/span>\n      <h5>Situaci\u00f3n : \u00ab Quiero volver a casa. \u00bb<\/h5>\n      <p>\u00ab \u00a1Pero est\u00e1s en casa! \u00a1Es tu casa! \u00bb \u2014 Genera ansiedad, confusi\u00f3n y a menudo una escalada de la demanda.<\/p>\n    <\/div>\n<div class=\"ps-adapted\">\n      <span class=\"ps-label\">\u2705 Validaci\u00f3n + Redirecci\u00f3n<\/span>\n      <h5>La misma situaci\u00f3n, abordada de manera diferente<\/h5>\n      <p>\u00ab Entiendo que quieres regresar. Primero vamos a tomar un caf\u00e9 juntos, y luego vemos eso. \u00bb (Luego redirigir a una actividad suave.) En la mayor\u00eda de los casos, la demanda se disipa por s\u00ed misma despu\u00e9s de unos minutos.<\/p>\n    <\/div>\n  <\/div>\n  <div class=\"process-step\">\n    <div class=\"ps-standard\">\n      <span class=\"ps-label\">\u274c Negativa frontal<\/span>\n      <h5>Situaci\u00f3n: resistencia a la ducha<\/h5>\n      <p>\u00ab Tienes que lavarte, no tienes otra opci\u00f3n. \u00bb \u2014 A menudo desencadena una resistencia activa, a veces una crisis, y asocia el cuidado corporal con la obligaci\u00f3n.<\/p>\n    <\/div>\n    <div class=\"ps-adapted\">\n      <span class=\"ps-label\">\u2705 Redirecci\u00f3n por la implicaci\u00f3n<\/span>\n      <h5>La misma situaci\u00f3n, abordada de manera diferente<\/h5>\n      <p>\u00ab He preparado tu crema favorita \u2014 huele tan bien. Vamos a cuidar de ti. \u00bb Proponer el cuidado como un momento agradable en lugar de una obligaci\u00f3n, con un refuerzo sensorial positivo.<\/p>\n    <\/div>\n  <\/div>\n<\/div>\n\n<h2>4. Los anclajes: puentes hacia la memoria emocional preservada<\/h2>\n\n<div class=\"approche-block\">\n  <div class=\"approche-header yellow-bg\">\n    <div class=\"app-icon\">\u2693<\/div>\n    <div>\n      <h3>Los anclajes<\/h3>\n      <span>Estimular la memoria emocional y procedural preservada para mantener el v\u00ednculo y la identidad<\/span>\n    <\/div>\n  <\/div>\n<div class=\"approche-body\">\n    <p>Un anclaje es un est\u00edmulo \u2014 sensorial, emocional o identitario \u2014 que activa recuerdos, emociones o comportamientos automatizados relacionados con la historia de vida de la persona. La especificidad de los anclajes radica en el hecho de que se apoyan en tipos de memoria que se han preservado durante mucho tiempo en la demencia: la <strong>memoria emocional<\/strong> (las emociones asociadas a experiencias importantes permanecen accesibles incluso cuando los hechos se han olvidado), la <strong>memoria impl\u00edcita<\/strong> (los comportamientos automatizados aprendidos \u2014 montar en bicicleta, preparar una receta conocida, tocar un instrumento), y la <strong>memoria autobiogr\u00e1fica antigua<\/strong> (los recuerdos de la juventud resisten mejor que los recuerdos recientes en la mayor\u00eda de las demencias).<\/p>\n    <p>Los anclajes no son trucos o manipulaciones \u2014 son puertas hacia la persona que la enfermedad ha puesto en la sombra. Permiten mantener una conexi\u00f3n relacional, preservar el sentido de identidad y dignidad, y crear momentos de bienestar sincero incluso en etapas avanzadas de la enfermedad.<\/p>\n  <\/div>\n<\/div>\n\n<h3>4.1 Los cuatro tipos de anclajes<\/h3>\n\n<table class=\"dynseo-table\">\n  <thead>\n    <tr>\n      <th>Tipo de anclaje<\/th>\n      <th>Soportes concretos<\/th>\n      <th>C\u00f3mo utilizarlo<\/th>\n      <th>Ejemplos<\/th>\n    <\/tr>\n  <\/thead>\n  <tbody>\n    <tr>\n      <td><strong>Anclaje sonoro-musical<\/strong><\/td>\n      <td>Canciones de juventud, melod\u00edas familiares, himnos, canciones de cuna cantadas anta\u00f1o<\/td>\n      <td>Tararear, tocar en tablet o radio, invitar a cantar o a marcar el ritmo<\/td>\n      <td>La Marsellesa, canci\u00f3n de una pel\u00edcula de culto de los a\u00f1os 60, melod\u00eda de danza popular<\/td>\n    <\/tr>\n    <tr>\n      <td><strong>Anclaje olfativo<\/strong><\/td>\n      <td>Olores asociados a momentos significativos (pan fresco, agua de colonia habitual, caf\u00e9, flores del jard\u00edn)<\/td>\n      <td>Exponer progresivamente al olor, observar la reacci\u00f3n, fomentar la narraci\u00f3n<\/td>\n      <td>Lavanda si la persona ten\u00eda un jard\u00edn, caf\u00e9 de la ma\u00f1ana, olor de la colada de la infancia<\/td>\n    <\/tr>\n    <tr>\n      <td><strong>Anclaje identitario<\/strong><\/td>\n      <td>Objetos relacionados con la profesi\u00f3n, los pasatiempos, los roles de vida (delantal de cocina, herramientas, fotos familiares, objetos de colecci\u00f3n)<\/td>\n      <td>Presentar el objeto, observar los comportamientos autom\u00e1ticos que emergen (gestos de la profesi\u00f3n), fomentar el relato<\/td>\n      <td>Tejer para una antigua costurera, cartas, delantal de cocina, cuaderno de recetas<\/td>\n    <\/tr>\n    <tr>\n      <td><strong>Anclaje relacional<\/strong><\/td>\n      <td>Fotos de personas queridas, voz de un ser querido, presencia de una mascota, visitas de ni\u00f1os<\/td>\n      <td>Utilizar las fotos como soporte de narraci\u00f3n, facilitar los contactos regulares con los seres queridos, fomentar las visitas de ni\u00f1os o animales<\/td>\n      <td>\u00c1lbum de fotos comentado, videollamada con la hija, visita del perro de la familia<\/td>\n    <\/tr>\n  <\/tbody>\n<\/table>\n\n<h3>4.2 Construir el perfil de anclajes de una persona<\/h3>\n<p>Los anclajes m\u00e1s efectivos son espec\u00edficos para cada individuo \u2014 lo que desencadena una respuesta emocional positiva en uno puede ser neutro o incluso ansi\u00f3geno en otro. La construcci\u00f3n del perfil de anclajes de una persona es un trabajo de observaci\u00f3n y recopilaci\u00f3n de informaci\u00f3n que se realiza en colaboraci\u00f3n con la familia. Algunas preguntas clave para la familia al ingreso en cuidados: \u00bfCu\u00e1l era la m\u00fasica favorita de la persona en su juventud? \u00bfCu\u00e1l era su profesi\u00f3n? \u00bfSus pasatiempos? \u00bfSus platos favoritos? \u00bfSus olores asociados a momentos felices (jard\u00edn, cocina, perfume)? \u00bfSus frases o expresiones habituales? \u00bfLas personas que amaba particularmente?<\/p>\n<p>El <a href=\"https:\/\/www.dynseo.com\/nos-outils\/carnet-de-liaison\/\">Cuaderno de enlace DYNSEO<\/a> es una herramienta valiosa para documentar y compartir este perfil de anclajes entre todos los intervinientes \u2014 familia, ayuda a domicilio, enfermera, m\u00e9dico \u2014 garantizando que los mismos anclajes se utilicen de manera coherente y que la nueva informaci\u00f3n recopilada se comparta con todos. La <a href=\"https:\/\/www.dynseo.com\/nos-outils\/fiche-suivi-seance\/\">Ficha de seguimiento de sesi\u00f3n DYNSEO<\/a> permite anotar, en cada intervenci\u00f3n, qu\u00e9 anclajes se han utilizado y con qu\u00e9 efectos \u2014 construyendo progresivamente un conocimiento profundo de la persona.<\/p>\n\n<h2>5. Combinar los tres enfoques: gu\u00eda de decisi\u00f3n r\u00e1pida<\/h2>\n\n<h3>5.1 Elegir el enfoque adecuado seg\u00fan la situaci\u00f3n<\/h3>\n\n<table class=\"dynseo-table\">\n  <thead>\n    <tr>\n      <th>Situaci\u00f3n<\/th>\n      <th>Enfoque prioritario<\/th>\n      <th>Enfoque secundario<\/th>\n      <th>A evitar<\/th>\n    <\/tr>\n  <\/thead>\n  <tbody>\n    <tr>\n      <td><strong>Agitaci\u00f3n emocional fuerte (llantos, angustia, llamada repetida)<\/strong><\/td>\n      <td><span class=\"badge badge-green\">Validaci\u00f3n<\/span> \u2014 Acoger la emoci\u00f3n, reflejo, contacto<\/td>\n      <td>Anclaje musical u olfativo<\/td>\n      <td>Correcci\u00f3n, minimizaci\u00f3n, redirecci\u00f3n demasiado r\u00e1pida<\/td>\n    <\/tr>\n    <tr>\n      <td><strong>Ideas fijas no peligrosas (creer que el marido est\u00e1 vivo, querer ir a trabajar)<\/strong><\/td>\n      <td><span class=\"badge badge-green\">Validaci\u00f3n<\/span> luego <span class=\"badge badge-blue\">Redirecci\u00f3n<\/span><\/td>\n      <td>Anclaje identitario relacionado con el tema<\/td>\n      <td>Correcci\u00f3n directa, insistencia en la realidad objetiva<\/td>\n    <\/tr>\n    <tr>\n      <td><strong>Rechazo de cuidados o actividades<\/strong><\/td>\n      <td><span class=\"badge badge-blue\">Redirecci\u00f3n<\/span> \u2014 S\u00ed-y, implicaci\u00f3n, refuerzo sensorial<\/td>\n      <td>Anclaje positivo relacionado con el cuidado (olor, m\u00fasica)<\/td>\n      <td>Insistencia, obligaci\u00f3n, confrontaci\u00f3n<\/td>\n    <\/tr>\n    <tr>\n      <td><strong>Errancia y deambulaci\u00f3n<\/strong><\/td>\n      <td><span class=\"badge badge-blue\">Redirecci\u00f3n<\/span> + <span class=\"badge badge-yellow\">Anclaje<\/span> \u2014 Proponer una actividad motora significativa<\/td>\n      <td>Validaci\u00f3n de la necesidad de movimiento<\/td>\n      <td>Contenci\u00f3n, prohibici\u00f3n, reprimendas<\/td>\n    <\/tr>\n    <tr>\n      <td><strong>Momentos de lucidez y conexi\u00f3n<\/strong><\/td>\n      <td><span class=\"badge badge-yellow\">Anclaje<\/span> \u2014 Explorar los recuerdos preservados<\/td>\n      <td>Validaci\u00f3n de la historia de vida<\/td>\n      <td>Focalizar en los d\u00e9ficits, corregir inexactitudes menores<\/td>\n    <\/tr>\n    <tr>\n      <td><strong>Apat\u00eda, retiro, ausencia de reactividad<\/strong><\/td>\n      <td><span class=\"badge badge-yellow\">Anclaje<\/span> sensorial \u2014 Estimulaci\u00f3n musical, olfativa, t\u00e1ctil<\/td>\n      <td>Implicaci\u00f3n en una actividad antigua simple<\/td>\n      <td>Estimulaci\u00f3n cognitiva demasiado exigente, discurso complejo<\/td>\n    <\/tr>\n  <\/tbody>\n<\/table>\n\n<h3>5.2 La secuencia de intervenci\u00f3n tipo<\/h3>\n\n<ol class=\"step-list\">\n  <li><strong>Observar y evaluar el estado emocional<\/strong> \u2014 Antes de cualquier intervenci\u00f3n, t\u00f3mese 30 segundos para observar: \u00bfcu\u00e1l es el nivel de agitaci\u00f3n (bajo, moderado, intenso)? \u00bfHay una emoci\u00f3n dominante identificable (miedo, tristeza, confusi\u00f3n, ira)? \u00bfHay un desencadenante aparente (fatiga, dolor, cambio de entorno)? El <a href=\"https:\/\/www.dynseo.com\/nos-outils\/thermometre-des-emotions\/\">Term\u00f3metro de emociones DYNSEO<\/a> puede ayudar a estructurar esta observaci\u00f3n para los intervinientes menos experimentados.<\/li>\n  <li><strong>Regular su propia reacci\u00f3n<\/strong> \u2014 Verificar su propio estado emocional antes de intervenir. Si est\u00e1 irritado, apurado o ansioso, eso se transmitir\u00e1 inmediatamente a la persona. Tome 3 respiraciones lentas antes de entrar en la habitaci\u00f3n o iniciar el contacto.<\/li>\n  <li><strong>Entrar en contacto mediante la validaci\u00f3n<\/strong> \u2014 Comenzar por unirse a la realidad emocional de la persona. Nombrar la emoci\u00f3n, usar el nombre, un tono suave. No corregir en los primeros segundos.<\/li>\n  <li><strong>Proponer una redirecci\u00f3n si es necesario<\/strong> \u2014 Si la situaci\u00f3n es dif\u00edcil de resolver (rechazo de cuidado, idea fija peligrosa), introducir una propuesta de redirecci\u00f3n en la continuaci\u00f3n natural de la validaci\u00f3n: \u00abLe entiendo, y precisamente... \u00bb<\/li>\n  <li><strong>Activar un anclaje significativo<\/strong> \u2014 Seg\u00fan la situaci\u00f3n y el perfil de la persona, introducir un anclaje (m\u00fasica, objeto, actividad) para anclar la interacci\u00f3n en un terreno emocional familiar y seguro.<\/li>\n  <li><strong>Documentar y compartir<\/strong> \u2014 Despu\u00e9s de la intervenci\u00f3n, anotar en la <a href=\"https:\/\/www.dynseo.com\/nos-outils\/fiche-suivi-seance\/\">Ficha de seguimiento de sesi\u00f3n DYNSEO<\/a>: qu\u00e9 situaci\u00f3n, qu\u00e9 enfoque, qu\u00e9 efecto. Estas notas constituyen progresivamente un conocimiento profundo de la persona, compartible con todo el equipo a trav\u00e9s del <a href=\"https:\/\/www.dynseo.com\/nos-outils\/carnet-de-liaison\/\">Cuaderno de enlace DYNSEO<\/a>.<\/li>\n<\/ol>\n\n<h2>6. Herramientas DYNSEO para el acompa\u00f1amiento cognitivo a domicilio<\/h2>\n<div class=\"formation-block\">\n  <div class=\"fb-body\">\n    <div class=\"fb-tag\">\ud83c\udf93 Formaci\u00f3n certificante \u00b7 Qualiopi N\u00b0 11757351875<\/div>\n    <h3>Trastornos del comportamiento relacionados con la enfermedad \u2014 M\u00e9todos y coordinaci\u00f3n multidisciplinaria<\/h3>\n    <p>Esta formaci\u00f3n certificante Qualiopi est\u00e1 espec\u00edficamente dise\u00f1ada para los profesionales que intervienen con personas que presentan trastornos cognitivos \u2014 auxiliares de vida, cuidadores, enfermeras a domicilio, coordinadores SAAD y SSIAD. Cubre las bases neurobiol\u00f3gicas de las demencias, los enfoques de validaci\u00f3n, redirecci\u00f3n y anclajes, las herramientas de evaluaci\u00f3n conductual, y la coordinaci\u00f3n multidisciplinaria. Desplegable en equipo, financiable OPCO.<\/p>\n    <div class=\"fb-meta\">\n      <span>\ud83c\udfe0 Intervinientes a domicilio y en establecimiento<\/span>\n      <span>\ud83d\udcbb 100% en l\u00ednea, a su ritmo<\/span>\n      <span>\ud83c\udfc6 Certificante Qualiopi<\/span>\n      <span>\ud83e\udd1d Desplegable en equipo<\/span>\n    <\/div>\n    <a href=\"https:\/\/www.dynseo.com\/courses\/troubles-du-comportement-lies-a-la-maladie-methodes-et-coordination-pluridisciplinaire\" class=\"btn-primary\">Descubrir la formaci\u00f3n \u2192<\/a>\n  <\/div>\n<\/div>\n\n<h3>Herramientas pr\u00e1cticas DYNSEO para el acompa\u00f1amiento a domicilio<\/h3>\n<div class=\"tools-grid\">\n  <div class=\"tool-card\">\n    <h5>\ud83d\udcca Tabla de seguimiento de competencias<\/h5>\n    <p>Seguir la evoluci\u00f3n de las capacidades cognitivas y conductuales a lo largo del tiempo \u2014 identificar las regresiones para adaptar el acompa\u00f1amiento y alertar al equipo m\u00e9dico si es necesario.<\/p>\n    <a href=\"https:\/\/www.dynseo.com\/nos-outils\/tableau-suivi-competences\/\">Descargar \u2192<\/a>\n  <\/div>\n  <div class=\"tool-card\">\n    <h5>\ud83d\udccb Ficha de seguimiento de sesi\u00f3n<\/h5>\n    <p>Documentar cada intervenci\u00f3n: situaciones encontradas, enfoques utilizados (validaci\u00f3n, redirecci\u00f3n, anclajes), efectos observados. Una trazabilidad esencial para construir el conocimiento de la persona y coordinar el equipo.<\/p>\n    <a href=\"https:\/\/www.dynseo.com\/nos-outils\/fiche-suivi-seance\/\">Descargar \u2192<\/a>\n  <\/div>\n  <div class=\"tool-card\">\n    <h5>\ud83d\udcd2 Cuaderno de enlace<\/h5>\n    <p>Herramienta de coordinaci\u00f3n entre todos los intervinientes alrededor de la persona \u2014 compartir la informaci\u00f3n sobre los anclajes efectivos, los comportamientos recientes, las adaptaciones a probar. Esencial para la coherencia del enfoque.<\/p>\n    <a href=\"https:\/\/www.dynseo.com\/nos-outils\/carnet-de-liaison\/\">Descargar \u2192<\/a>\n  <\/div>\n  <div class=\"tool-card\">\n    <h5>\ud83c\udf21\ufe0f Term\u00f3metro de las emociones<\/h5>\n    <p>Evaluar y comunicar el estado emocional de la persona acompa\u00f1ada \u2014 un referente com\u00fan entre todos los intervinientes para describir el estado del d\u00eda y elegir el enfoque adecuado.<\/p>\n    <a href=\"https:\/\/www.dynseo.com\/nos-outils\/thermometre-des-emotions\/\">Descargar \u2192<\/a>\n  <\/div>\n  <div class=\"tool-card\">\n    <h5>\ud83c\udfa1 Rueda de elecciones<\/h5>\n    <p>Proponer opciones de actividades o anclajes de manera visual y accesible \u2014 mantener la autonom\u00eda decisional de la persona incluso en etapas avanzadas, con un formato adaptado a sus capacidades cognitivas reducidas.<\/p>\n    <a href=\"https:\/\/www.dynseo.com\/nos-outils\/roue-des-choix\/\">Descargar \u2192<\/a>\n  <\/div>\n<\/div>\n\n<p>\u2192 <a href=\"https:\/\/www.dynseo.com\/nos-outils\/\">Ver el conjunto de herramientas DYNSEO<\/a><\/p>\n\n<h3>Aplicaciones DYNSEO para la estimulaci\u00f3n cognitiva<\/h3>\n<div class=\"appli-grid\">\n  <div class=\"appli-card\">\n    <h5>\ud83d\udc74 EDITH \u2014 Mayores<\/h5>\n    <p>Aplicaci\u00f3n de estimulaci\u00f3n cognitiva dise\u00f1ada para los mayores con patolog\u00edas neurol\u00f3gicas. Interfaz intuitiva, ejercicios progresivos, utilizable en sesi\u00f3n acompa\u00f1ada como herramienta de estimulaci\u00f3n suave y valorativa.<\/p>\n    <a href=\"https:\/\/www.dynseo.com\/es\/edith-juegos-de-memoria-faciles-de-usar-para-mayores\/\">Saber m\u00e1s \u2192<\/a>\n  <\/div>\n  <div class=\"appli-card\">\n    <h5>\ud83d\udcac MON DICO \u2014 Comunicaci\u00f3n<\/h5>\n    <p>Para las personas cuyos trastornos cognitivos afectan la expresi\u00f3n verbal \u2014 mantener una comunicaci\u00f3n funcional y preservar las interacciones sociales que alimentan el sentido de identidad.<\/p>\n    <a href=\"https:\/\/www.dynseo.com\/mon-dico-une-application-pour-favoriser-la-communication\/\">Saber m\u00e1s \u2192<\/a>\n  <\/div>\n  <div class=\"appli-card\">\n    <h5>\ud83e\udde0 JOE \u2014 Adultos<\/h5>\n    <p>Para las personas en etapas tempranas de trastornos cognitivos que a\u00fan pueden participar en ejercicios cognitivos estructurados. Recorridos adaptativos seg\u00fan el perfil del usuario.<\/p>\n    <a href=\"https:\/\/www.dynseo.com\/es\/joe-tu-entrenador-de-entrenamiento-cerebral\/\">Saber m\u00e1s \u2192<\/a>\n  <\/div>\n  <div class=\"appli-card\">\n    <h5>\ud83e\udd16 Coach IA DYNSEO<\/h5>\n    <p>Acompa\u00f1amiento personalizado para los intervinientes y las familias: preguntas sobre los enfoques, los anclajes, las adaptaciones espec\u00edficas a un comportamiento o una situaci\u00f3n particular.<\/p>\n    <a href=\"https:\/\/www.dynseo.com\/coach-ia\/\">Saber m\u00e1s \u2192<\/a>\n  <\/div>\n<\/div>\n\n<h3>Formaciones DYNSEO<\/h3>\n<div class=\"formations-links\">\n<div class=\"formation-link\">\n    <span>Para los profesionales de la ayuda a domicilio y del cuidado<\/span>\n    <a href=\"https:\/\/www.dynseo.com\/courses\/troubles-du-comportement-lies-a-la-maladie-methodes-et-coordination-pluridisciplinaire\">Trastornos del comportamiento \u2014 M\u00e9todos y coordinaci\u00f3n multidisciplinaria<\/a>\n  <\/div>\n  <div class=\"formation-link\">\n    <span>Para las familias cuidadoras no profesionales<\/span>\n    <a href=\"https:\/\/www.dynseo.com\/courses\/changements-de-comportement-lies-a-maladie-guide-pratique-pour-les-proches\">Cambios de comportamiento \u2014 Gu\u00eda pr\u00e1ctica para los cercanos<\/a>\n  <\/div>\n<\/div>\n<p>\u2192 <a href=\"https:\/\/www.dynseo.com\/nos-formations\/\">Ver el cat\u00e1logo completo de formaciones DYNSEO<\/a><\/p>\n\n<div class=\"cta-block\">\n  <h3>\ud83c\udfe0 F\u00f3rmate en los enfoques validados para el acompa\u00f1amiento cognitivo<\/h3>\n  <p>La formaci\u00f3n certificante Qualiopi DYNSEO para los profesionales de la ayuda a domicilio proporciona las bases neurobiol\u00f3gicas, las t\u00e9cnicas de validaci\u00f3n, redirecci\u00f3n y anclajes, y las herramientas de coordinaci\u00f3n multidisciplinaria. Para las familias: la formaci\u00f3n para cercanos accesible a su ritmo en l\u00ednea.<\/p>\n  <div class=\"btns\">\n    <a href=\"https:\/\/www.dynseo.com\/courses\/troubles-du-comportement-lies-a-la-maladie-methodes-et-coordination-pluridisciplinaire\" class=\"btn-white\">Formaci\u00f3n profesionales \u2192<\/a>\n    <a href=\"https:\/\/www.dynseo.com\/courses\/changements-de-comportement-lies-a-maladie-guide-pratique-pour-les-proches\" class=\"btn-outline\">Formaci\u00f3n familias<\/a>\n  <\/div>\n<\/div>\n\n<\/main>\n<section class=\"faq-section\">\n  <div class=\"container\">\n    <h2>\u2753 FAQ \u2014 Validaci\u00f3n, redirecci\u00f3n y anclajes en los trastornos cognitivos<\/h2>\n\n    <div class=\"faq-item\">\n      <h4>1. \u00bfConsiste la validaci\u00f3n en mentir a la persona afectada por demencia?<\/h4>\n      <p>No \u2014 y esta distinci\u00f3n es fundamental. La validaci\u00f3n consiste en no corregir la realidad subjetiva de la persona, no en afirmar activamente cosas falsas. Si la Sra. D. piensa que su marido (fallecido) estar\u00e1 aqu\u00ed esta noche, el interveniente que practica la validaci\u00f3n no dir\u00e1 \u00abs\u00ed, su marido llega esta noche\u00bb \u2014 dir\u00e1 \u00abusted piensa en su marido, lo extra\u00f1a\u00bb y explorar\u00e1 las emociones y los recuerdos asociados. Por otro lado, el interveniente tampoco dir\u00e1 \u00abpero su marido muri\u00f3 hace 15 a\u00f1os\u00bb \u2014 correcci\u00f3n que genera un sufrimiento intenso sin beneficio terap\u00e9utico para una persona cuyo cerebro ya no puede integrar esta informaci\u00f3n.<\/p>\n    <\/div>\n\n    <div class=\"faq-item\">\n      <h4>2. \u00bfNo corre el riesgo de frustrar a la persona o hacerla sentir manipulada la redirecci\u00f3n?<\/h4>\n      <p>El riesgo existe cuando la redirecci\u00f3n es torpe \u2014 demasiado brusca, demasiado transparente, o utilizada para evitar una verdadera interacci\u00f3n en lugar de para a\u00f1adir algo. Una redirecci\u00f3n bien conducida no genera frustraci\u00f3n porque no suprime la emoci\u00f3n \u2014 primero la valida, luego propone una transici\u00f3n hacia un territorio m\u00e1s c\u00f3modo. En etapas moderadas a avanzadas de demencia, la memoria a muy corto plazo est\u00e1 tan alterada que la persona generalmente no recuerda unos minutos despu\u00e9s la situaci\u00f3n inicial \u2014 lo que hace que la redirecci\u00f3n sea efectiva sin que se perciba como una manipulaci\u00f3n.<\/p>\n    <\/div>\n\n    <div class=\"faq-item\">\n      <h4>3. \u00bfC\u00f3mo identificar los buenos anclajes para una persona que no se conoce bien?<\/h4>\n      <p>La identificaci\u00f3n de los anclajes de una persona pasa primero por las familias \u2014 son ellas quienes conocen las canciones de juventud, las pasiones, los olores familiares. Algunas preguntas clave durante el primer encuentro con la familia: \u00bfcu\u00e1l era su profesi\u00f3n, sus pasatiempos? \u00bfQu\u00e9 m\u00fasica le gustaba? \u00bfHay objetos particularmente significativos en la casa? Luego, la observaci\u00f3n directa durante las intervenciones: \u00bfqu\u00e9 est\u00edmulos desencadenan una reacci\u00f3n positiva (sonrisa, relajaci\u00f3n, palabras, actividad espont\u00e1nea)? Estas observaciones, documentadas en la Ficha de seguimiento de sesi\u00f3n DYNSEO y compartidas a trav\u00e9s del Cuaderno de enlace, construyen progresivamente un perfil rico.<\/p>\n    <\/div>\n\n    <div class=\"faq-item\">\n      <h4>4. \u00bfFuncionan estos enfoques en todas las etapas de la demencia?<\/h4>\n      <p>S\u00ed, pero con adaptaciones seg\u00fan la etapa. En las etapas tempranas, la validaci\u00f3n, la redirecci\u00f3n y los anclajes se acompa\u00f1an de intercambios verbales sustanciales. En las etapas moderadas, el contenido verbal es menos central \u2014 las emociones, los gestos y las estimulaci\u00f3n sensorial adquieren m\u00e1s importancia. En las etapas avanzadas, cuando la comunicaci\u00f3n verbal es muy limitada o ausente, los anclajes sensoriales (m\u00fasica, olor, contacto t\u00e1ctil suave) y el no verbal de la validaci\u00f3n (contacto visual, toque, tono de voz) siguen siendo efectivos y valiosos. Incluso en una etapa muy avanzada, la emoci\u00f3n generada por la interacci\u00f3n sigue siendo accesible e influye en el bienestar de la persona.<\/p>\n    <\/div>\n\n    <div class=\"faq-item\">\n      <h4>5. \u00bfC\u00f3mo gestionar el agotamiento del cuidador frente a comportamientos repetitivos y agotadores?<\/h4>\n      <p>La repetici\u00f3n de las mismas situaciones (la misma pregunta cada 5 minutos, el mismo comportamiento cada ma\u00f1ana) es una de las fuentes m\u00e1s agotadoras del acompa\u00f1amiento cognitivo. Algunas estrategias: nombrar la dificultad sin culpa (es normal encontrarlo agotador), alternar a los intervenientes en las tareas m\u00e1s pesadas, utilizar guiones de respuesta preparados de antemano para las situaciones recurrentes (no tener que pensar cada vez). El uso sistem\u00e1tico de los anclajes positivos transforma algunas interacciones repetitivas en momentos de intercambio casi placenteros, reduciendo su carga emocional.<\/p>\n    <\/div>\n\n    <div class=\"faq-item\">\n      <h4>6. \u00bfEstas t\u00e9cnicas est\u00e1n reservadas para los profesionales o las familias pueden aprenderlas?<\/h4>\n      <p>Son accesibles para las familias \u2014 y su apropiaci\u00f3n por el entorno no profesional es uno de los factores que m\u00e1s mejora la calidad de vida de las personas afectadas por demencia en casa. La formaci\u00f3n DYNSEO \u00abCambios de comportamiento relacionados con la enfermedad \u2014 Gu\u00eda pr\u00e1ctica para los familiares\u00bb est\u00e1 espec\u00edficamente dise\u00f1ada para transmitir estos enfoques a cuidadores no profesionales, con un lenguaje accesible, ejemplos concretos y herramientas directamente utilizables. Est\u00e1 certificada Qualiopi y es financiable CPF para los cuidadores empleados.<\/p>\n    <\/div>\n\n    <div class=\"faq-item\">\n      <h4>7. \u00bfSe puede utilizar el enfoque de validaci\u00f3n con otras patolog\u00edas adem\u00e1s de la demencia?<\/h4>\n      <p>S\u00ed \u2014 los principios de la validaci\u00f3n se aplican a cualquier situaci\u00f3n donde corregir la realidad subjetiva de una persona sea contraproducente o da\u00f1ino: trastorno psiqui\u00e1trico con elementos delirantes (psicosis, delirio), s\u00edndrome post-conmocional severo, trastorno de la conciencia al salir de una hospitalizaci\u00f3n larga, ciertas situaciones de duelo. En todos estos casos, acoger la emoci\u00f3n antes de (quiz\u00e1s) introducir una informaci\u00f3n correctiva suave es generalmente m\u00e1s efectivo que la confrontaci\u00f3n directa.<\/p>\n    <\/div>\n\n    <div class=\"faq-item\">\n      <h4>8. \u00bfC\u00f3mo involucrar al equipo m\u00e9dico en el uso de estos enfoques?<\/h4>\n      <p>La coherencia entre todos los intervenientes \u2014 ayuda a domicilio, enfermera, m\u00e9dico de cabecera, familia \u2014 es fundamental. El Cuaderno de enlace DYNSEO es la herramienta clave para compartir los anclajes efectivos, los enfoques que funcionan y los comportamientos recientes con todos los miembros del equipo. Durante las reuniones de coordinaci\u00f3n (ESS, reuniones CLIC, llamadas de coordinaci\u00f3n), mencionar expl\u00edcitamente los enfoques utilizados y sus efectos permite al m\u00e9dico y al equipo de atenci\u00f3n adaptar las prescripciones e intervenciones en consecuencia. La formaci\u00f3n DYNSEO para profesionales puede ser desplegada en todo el equipo para garantizar una coherencia total de los enfoques.<\/p>\n    <\/div>\n  <\/div>\n<\/section>\n<div class=\"container\">\n<div class=\"cta-block\">\n  <h3>\ud83c\udfe0 Acompa\u00f1e mejor, fat\u00edquese menos con los enfoques DYNSEO<\/h3>\n  <p>Ficha de seguimiento de sesi\u00f3n, Cuaderno de enlace, Tabla de seguimiento, Term\u00f3metro de las emociones \u2014 las herramientas DYNSEO estructuran y refuerzan los enfoques de validaci\u00f3n, redirecci\u00f3n y anclajes en su d\u00eda a d\u00eda como cuidador. La formaci\u00f3n certificante Qualiopi completa su caja de herramientas.<\/p>\n  <div class=\"btns\">\n    <a href=\"https:\/\/www.dynseo.com\/nos-outils\/\" class=\"btn-white\">Acceder a las herramientas \u2192<\/a>\n    <a href=\"https:\/\/www.dynseo.com\/nos-formations\/\" class=\"btn-outline\">Nuestras formaciones<\/a>\n  <\/div>\n<\/div>\n<\/div>\n\n<footer>\n  <p>DYNSEO \u2014 Especialista en estimulaci\u00f3n cognitiva, neurodiversidad y formaci\u00f3n profesional en salud \u00b7 Par\u00eds 75015 \u00b7 Qualiopi N\u00b0 11757351875<\/p>\n  <div class=\"footer-links\">\n    <a href=\"https:\/\/www.dynseo.com\/nos-formations\/\">Nuestras formaciones<\/a>\n    <a href=\"https:\/\/www.dynseo.com\/nos-outils\/\">Nuestras herramientas<\/a>\n    <a href=\"https:\/\/www.dynseo.com\/nos-tests\/\">Nuestras pruebas<\/a>\n    <a href=\"https:\/\/www.dynseo.com\/es\/edith-juegos-de-memoria-faciles-de-usar-para-mayores\/\">EDITH<\/a>\n    <a href=\"https:\/\/www.dynseo.com\/es\/joe-tu-entrenador-de-entrenamiento-cerebral\/\">JOE<\/a>\n    <a href=\"https:\/\/www.dynseo.com\/\">dynseo.com<\/a>\n  <\/div>\n<\/footer>\n<\/div>[\/et_pb_code][\/et_pb_column][\/et_pb_row][\/et_pb_section]","_et_gb_content_width":"","footnotes":""},"categories":[2915],"tags":[],"class_list":["post-747126","post","type-post","status-publish","format-standard","has-post-thumbnail","hentry","category-les-conseils-des-coachs"],"yoast_head":"<!-- This site is optimized with the Yoast SEO plugin v28.3 - https:\/\/yoast.com\/product\/yoast-seo-wordpress\/ -->\n<title>Trastornos cognitivos: comprender para actuar \u2014 validaci\u00f3n, redirecci\u00f3n, anclajes \u2014 DYNSEO - DYNSEO - Aplicaci\u00f3n educativa y juegos de memoria<\/title>\n<meta name=\"robots\" content=\"index, follow, max-snippet:-1, max-image-preview:large, max-video-preview:-1\" \/>\n<link rel=\"canonical\" href=\"https:\/\/www.dynseo.com\/es\/trastornos-cognitivos-comprender-para-actuar-validacion-redireccion-anclajes-dynseo\/\" \/>\n<meta property=\"og:locale\" content=\"es_ES\" \/>\n<meta property=\"og:type\" content=\"article\" \/>\n<meta property=\"og:title\" content=\"Trastornos cognitivos: comprender para actuar \u2014 validaci\u00f3n, redirecci\u00f3n, anclajes \u2014 DYNSEO - DYNSEO - Aplicaci\u00f3n educativa y juegos de memoria\" \/>\n<meta property=\"og:url\" content=\"https:\/\/www.dynseo.com\/es\/trastornos-cognitivos-comprender-para-actuar-validacion-redireccion-anclajes-dynseo\/\" \/>\n<meta property=\"og:site_name\" content=\"DYNSEO - Aplicaci\u00f3n educativa y juegos de memoria\" \/>\n<meta property=\"article:published_time\" content=\"2026-07-17T23:43:29+00:00\" \/>\n<meta property=\"article:modified_time\" content=\"2026-07-19T09:43:18+00:00\" \/>\n<meta property=\"og:image\" content=\"https:\/\/www.dynseo.com\/wp-content\/uploads\/2025\/09\/abcdhe-5.jpg\" \/>\n\t<meta property=\"og:image:width\" content=\"1024\" \/>\n\t<meta property=\"og:image:height\" content=\"576\" \/>\n\t<meta property=\"og:image:type\" content=\"image\/jpeg\" \/>\n<meta name=\"author\" content=\"DYNSEO\" \/>\n<meta name=\"twitter:label1\" content=\"Escrito por\" \/>\n\t<meta name=\"twitter:data1\" content=\"DYNSEO\" \/>\n\t<meta name=\"twitter:label2\" content=\"Tiempo de lectura\" \/>\n\t<meta name=\"twitter:data2\" content=\"25 minutos\" \/>\n<script type=\"application\/ld+json\" class=\"yoast-schema-graph\">{\"@context\":\"https:\\\/\\\/schema.org\",\"@graph\":[{\"@type\":\"Article\",\"@id\":\"https:\\\/\\\/www.dynseo.com\\\/es\\\/trastornos-cognitivos-comprender-para-actuar-validacion-redireccion-anclajes-dynseo\\\/#article\",\"isPartOf\":{\"@id\":\"https:\\\/\\\/www.dynseo.com\\\/es\\\/trastornos-cognitivos-comprender-para-actuar-validacion-redireccion-anclajes-dynseo\\\/\"},\"author\":{\"name\":\"DYNSEO\",\"@id\":\"https:\\\/\\\/www.dynseo.com\\\/es\\\/#\\\/schema\\\/person\\\/78ef63df2ee64e0989bc68f8401b38d6\"},\"headline\":\"Trastornos cognitivos: comprender para actuar \u2014 validaci\u00f3n, redirecci\u00f3n, anclajes \u2014 DYNSEO\",\"datePublished\":\"2026-07-17T23:43:29+00:00\",\"dateModified\":\"2026-07-19T09:43:18+00:00\",\"mainEntityOfPage\":{\"@id\":\"https:\\\/\\\/www.dynseo.com\\\/es\\\/trastornos-cognitivos-comprender-para-actuar-validacion-redireccion-anclajes-dynseo\\\/\"},\"wordCount\":4978,\"publisher\":{\"@id\":\"https:\\\/\\\/www.dynseo.com\\\/es\\\/#organization\"},\"image\":{\"@id\":\"https:\\\/\\\/www.dynseo.com\\\/es\\\/trastornos-cognitivos-comprender-para-actuar-validacion-redireccion-anclajes-dynseo\\\/#primaryimage\"},\"thumbnailUrl\":\"https:\\\/\\\/www.dynseo.com\\\/wp-content\\\/uploads\\\/2025\\\/09\\\/abcdhe-5.jpg\",\"articleSection\":[\"Les conseils des coachs\"],\"inLanguage\":\"es\"},{\"@type\":\"WebPage\",\"@id\":\"https:\\\/\\\/www.dynseo.com\\\/es\\\/trastornos-cognitivos-comprender-para-actuar-validacion-redireccion-anclajes-dynseo\\\/\",\"url\":\"https:\\\/\\\/www.dynseo.com\\\/es\\\/trastornos-cognitivos-comprender-para-actuar-validacion-redireccion-anclajes-dynseo\\\/\",\"name\":\"Trastornos cognitivos: comprender para actuar \u2014 validaci\u00f3n, redirecci\u00f3n, anclajes \u2014 DYNSEO - DYNSEO - Aplicaci\u00f3n educativa y juegos de memoria\",\"isPartOf\":{\"@id\":\"https:\\\/\\\/www.dynseo.com\\\/es\\\/#website\"},\"primaryImageOfPage\":{\"@id\":\"https:\\\/\\\/www.dynseo.com\\\/es\\\/trastornos-cognitivos-comprender-para-actuar-validacion-redireccion-anclajes-dynseo\\\/#primaryimage\"},\"image\":{\"@id\":\"https:\\\/\\\/www.dynseo.com\\\/es\\\/trastornos-cognitivos-comprender-para-actuar-validacion-redireccion-anclajes-dynseo\\\/#primaryimage\"},\"thumbnailUrl\":\"https:\\\/\\\/www.dynseo.com\\\/wp-content\\\/uploads\\\/2025\\\/09\\\/abcdhe-5.jpg\",\"datePublished\":\"2026-07-17T23:43:29+00:00\",\"dateModified\":\"2026-07-19T09:43:18+00:00\",\"breadcrumb\":{\"@id\":\"https:\\\/\\\/www.dynseo.com\\\/es\\\/trastornos-cognitivos-comprender-para-actuar-validacion-redireccion-anclajes-dynseo\\\/#breadcrumb\"},\"inLanguage\":\"es\",\"potentialAction\":[{\"@type\":\"ReadAction\",\"target\":[\"https:\\\/\\\/www.dynseo.com\\\/es\\\/trastornos-cognitivos-comprender-para-actuar-validacion-redireccion-anclajes-dynseo\\\/\"]}]},{\"@type\":\"ImageObject\",\"inLanguage\":\"es\",\"@id\":\"https:\\\/\\\/www.dynseo.com\\\/es\\\/trastornos-cognitivos-comprender-para-actuar-validacion-redireccion-anclajes-dynseo\\\/#primaryimage\",\"url\":\"https:\\\/\\\/www.dynseo.com\\\/wp-content\\\/uploads\\\/2025\\\/09\\\/abcdhe-5.jpg\",\"contentUrl\":\"https:\\\/\\\/www.dynseo.com\\\/wp-content\\\/uploads\\\/2025\\\/09\\\/abcdhe-5.jpg\",\"width\":1024,\"height\":576,\"caption\":\"Estimulaci\u00f3n Cognitiva Personalizada para Vencer la Dislexia\"},{\"@type\":\"BreadcrumbList\",\"@id\":\"https:\\\/\\\/www.dynseo.com\\\/es\\\/trastornos-cognitivos-comprender-para-actuar-validacion-redireccion-anclajes-dynseo\\\/#breadcrumb\",\"itemListElement\":[{\"@type\":\"ListItem\",\"position\":1,\"name\":\"Accueil\",\"item\":\"https:\\\/\\\/www.dynseo.com\\\/es\\\/\"},{\"@type\":\"ListItem\",\"position\":2,\"name\":\"Trastornos cognitivos: comprender para actuar \u2014 validaci\u00f3n, redirecci\u00f3n, anclajes \u2014 DYNSEO\"}]},{\"@type\":\"WebSite\",\"@id\":\"https:\\\/\\\/www.dynseo.com\\\/es\\\/#website\",\"url\":\"https:\\\/\\\/www.dynseo.com\\\/es\\\/\",\"name\":\"Jeux de m\u00e9moire et stimulation cognitive\",\"description\":\"Entra\u00eenez votre m\u00e9moire et votre cerveau avec DYNSEO\",\"publisher\":{\"@id\":\"https:\\\/\\\/www.dynseo.com\\\/es\\\/#organization\"},\"potentialAction\":[{\"@type\":\"SearchAction\",\"target\":{\"@type\":\"EntryPoint\",\"urlTemplate\":\"https:\\\/\\\/www.dynseo.com\\\/es\\\/?s={search_term_string}\"},\"query-input\":{\"@type\":\"PropertyValueSpecification\",\"valueRequired\":true,\"valueName\":\"search_term_string\"}}],\"inLanguage\":\"es\"},{\"@type\":\"Organization\",\"@id\":\"https:\\\/\\\/www.dynseo.com\\\/es\\\/#organization\",\"name\":\"DYNSEO\",\"url\":\"https:\\\/\\\/www.dynseo.com\\\/es\\\/\",\"logo\":{\"@type\":\"ImageObject\",\"inLanguage\":\"es\",\"@id\":\"https:\\\/\\\/www.dynseo.com\\\/es\\\/#\\\/schema\\\/logo\\\/image\\\/\",\"url\":\"https:\\\/\\\/www.dynseo.com\\\/wp-content\\\/uploads\\\/2022\\\/05\\\/logo-dynseo-new.png\",\"contentUrl\":\"https:\\\/\\\/www.dynseo.com\\\/wp-content\\\/uploads\\\/2022\\\/05\\\/logo-dynseo-new.png\",\"width\":5073,\"height\":1397,\"caption\":\"DYNSEO\"},\"image\":{\"@id\":\"https:\\\/\\\/www.dynseo.com\\\/es\\\/#\\\/schema\\\/logo\\\/image\\\/\"}},{\"@type\":\"Person\",\"@id\":\"https:\\\/\\\/www.dynseo.com\\\/es\\\/#\\\/schema\\\/person\\\/78ef63df2ee64e0989bc68f8401b38d6\",\"name\":\"DYNSEO\",\"url\":\"https:\\\/\\\/www.dynseo.com\\\/es\\\/author\\\/justine\\\/\"}]}<\/script>\n<!-- \/ Yoast SEO plugin. -->","yoast_head_json":{"title":"Trastornos cognitivos: comprender para actuar \u2014 validaci\u00f3n, redirecci\u00f3n, anclajes \u2014 DYNSEO - DYNSEO - Aplicaci\u00f3n educativa y juegos de memoria","robots":{"index":"index","follow":"follow","max-snippet":"max-snippet:-1","max-image-preview":"max-image-preview:large","max-video-preview":"max-video-preview:-1"},"canonical":"https:\/\/www.dynseo.com\/es\/trastornos-cognitivos-comprender-para-actuar-validacion-redireccion-anclajes-dynseo\/","og_locale":"es_ES","og_type":"article","og_title":"Trastornos cognitivos: comprender para actuar \u2014 validaci\u00f3n, redirecci\u00f3n, anclajes \u2014 DYNSEO - DYNSEO - Aplicaci\u00f3n educativa y juegos de memoria","og_url":"https:\/\/www.dynseo.com\/es\/trastornos-cognitivos-comprender-para-actuar-validacion-redireccion-anclajes-dynseo\/","og_site_name":"DYNSEO - Aplicaci\u00f3n educativa y juegos de memoria","article_published_time":"2026-07-17T23:43:29+00:00","article_modified_time":"2026-07-19T09:43:18+00:00","og_image":[{"width":1024,"height":576,"url":"https:\/\/www.dynseo.com\/wp-content\/uploads\/2025\/09\/abcdhe-5.jpg","type":"image\/jpeg"}],"author":"DYNSEO","twitter_misc":{"Escrito por":"DYNSEO","Tiempo de lectura":"25 minutos"},"schema":{"@context":"https:\/\/schema.org","@graph":[{"@type":"Article","@id":"https:\/\/www.dynseo.com\/es\/trastornos-cognitivos-comprender-para-actuar-validacion-redireccion-anclajes-dynseo\/#article","isPartOf":{"@id":"https:\/\/www.dynseo.com\/es\/trastornos-cognitivos-comprender-para-actuar-validacion-redireccion-anclajes-dynseo\/"},"author":{"name":"DYNSEO","@id":"https:\/\/www.dynseo.com\/es\/#\/schema\/person\/78ef63df2ee64e0989bc68f8401b38d6"},"headline":"Trastornos cognitivos: comprender para actuar \u2014 validaci\u00f3n, redirecci\u00f3n, anclajes \u2014 DYNSEO","datePublished":"2026-07-17T23:43:29+00:00","dateModified":"2026-07-19T09:43:18+00:00","mainEntityOfPage":{"@id":"https:\/\/www.dynseo.com\/es\/trastornos-cognitivos-comprender-para-actuar-validacion-redireccion-anclajes-dynseo\/"},"wordCount":4978,"publisher":{"@id":"https:\/\/www.dynseo.com\/es\/#organization"},"image":{"@id":"https:\/\/www.dynseo.com\/es\/trastornos-cognitivos-comprender-para-actuar-validacion-redireccion-anclajes-dynseo\/#primaryimage"},"thumbnailUrl":"https:\/\/www.dynseo.com\/wp-content\/uploads\/2025\/09\/abcdhe-5.jpg","articleSection":["Les conseils des coachs"],"inLanguage":"es"},{"@type":"WebPage","@id":"https:\/\/www.dynseo.com\/es\/trastornos-cognitivos-comprender-para-actuar-validacion-redireccion-anclajes-dynseo\/","url":"https:\/\/www.dynseo.com\/es\/trastornos-cognitivos-comprender-para-actuar-validacion-redireccion-anclajes-dynseo\/","name":"Trastornos cognitivos: comprender para actuar \u2014 validaci\u00f3n, redirecci\u00f3n, anclajes \u2014 DYNSEO - DYNSEO - Aplicaci\u00f3n educativa y juegos de memoria","isPartOf":{"@id":"https:\/\/www.dynseo.com\/es\/#website"},"primaryImageOfPage":{"@id":"https:\/\/www.dynseo.com\/es\/trastornos-cognitivos-comprender-para-actuar-validacion-redireccion-anclajes-dynseo\/#primaryimage"},"image":{"@id":"https:\/\/www.dynseo.com\/es\/trastornos-cognitivos-comprender-para-actuar-validacion-redireccion-anclajes-dynseo\/#primaryimage"},"thumbnailUrl":"https:\/\/www.dynseo.com\/wp-content\/uploads\/2025\/09\/abcdhe-5.jpg","datePublished":"2026-07-17T23:43:29+00:00","dateModified":"2026-07-19T09:43:18+00:00","breadcrumb":{"@id":"https:\/\/www.dynseo.com\/es\/trastornos-cognitivos-comprender-para-actuar-validacion-redireccion-anclajes-dynseo\/#breadcrumb"},"inLanguage":"es","potentialAction":[{"@type":"ReadAction","target":["https:\/\/www.dynseo.com\/es\/trastornos-cognitivos-comprender-para-actuar-validacion-redireccion-anclajes-dynseo\/"]}]},{"@type":"ImageObject","inLanguage":"es","@id":"https:\/\/www.dynseo.com\/es\/trastornos-cognitivos-comprender-para-actuar-validacion-redireccion-anclajes-dynseo\/#primaryimage","url":"https:\/\/www.dynseo.com\/wp-content\/uploads\/2025\/09\/abcdhe-5.jpg","contentUrl":"https:\/\/www.dynseo.com\/wp-content\/uploads\/2025\/09\/abcdhe-5.jpg","width":1024,"height":576,"caption":"Estimulaci\u00f3n Cognitiva Personalizada para Vencer la Dislexia"},{"@type":"BreadcrumbList","@id":"https:\/\/www.dynseo.com\/es\/trastornos-cognitivos-comprender-para-actuar-validacion-redireccion-anclajes-dynseo\/#breadcrumb","itemListElement":[{"@type":"ListItem","position":1,"name":"Accueil","item":"https:\/\/www.dynseo.com\/es\/"},{"@type":"ListItem","position":2,"name":"Trastornos cognitivos: comprender para actuar \u2014 validaci\u00f3n, redirecci\u00f3n, anclajes \u2014 DYNSEO"}]},{"@type":"WebSite","@id":"https:\/\/www.dynseo.com\/es\/#website","url":"https:\/\/www.dynseo.com\/es\/","name":"Jeux de m\u00e9moire et stimulation cognitive","description":"Entra\u00eenez votre m\u00e9moire et votre cerveau avec DYNSEO","publisher":{"@id":"https:\/\/www.dynseo.com\/es\/#organization"},"potentialAction":[{"@type":"SearchAction","target":{"@type":"EntryPoint","urlTemplate":"https:\/\/www.dynseo.com\/es\/?s={search_term_string}"},"query-input":{"@type":"PropertyValueSpecification","valueRequired":true,"valueName":"search_term_string"}}],"inLanguage":"es"},{"@type":"Organization","@id":"https:\/\/www.dynseo.com\/es\/#organization","name":"DYNSEO","url":"https:\/\/www.dynseo.com\/es\/","logo":{"@type":"ImageObject","inLanguage":"es","@id":"https:\/\/www.dynseo.com\/es\/#\/schema\/logo\/image\/","url":"https:\/\/www.dynseo.com\/wp-content\/uploads\/2022\/05\/logo-dynseo-new.png","contentUrl":"https:\/\/www.dynseo.com\/wp-content\/uploads\/2022\/05\/logo-dynseo-new.png","width":5073,"height":1397,"caption":"DYNSEO"},"image":{"@id":"https:\/\/www.dynseo.com\/es\/#\/schema\/logo\/image\/"}},{"@type":"Person","@id":"https:\/\/www.dynseo.com\/es\/#\/schema\/person\/78ef63df2ee64e0989bc68f8401b38d6","name":"DYNSEO","url":"https:\/\/www.dynseo.com\/es\/author\/justine\/"}]}},"_links":{"self":[{"href":"https:\/\/www.dynseo.com\/es\/wp-json\/wp\/v2\/posts\/747126","targetHints":{"allow":["GET"]}}],"collection":[{"href":"https:\/\/www.dynseo.com\/es\/wp-json\/wp\/v2\/posts"}],"about":[{"href":"https:\/\/www.dynseo.com\/es\/wp-json\/wp\/v2\/types\/post"}],"author":[{"embeddable":true,"href":"https:\/\/www.dynseo.com\/es\/wp-json\/wp\/v2\/users\/4"}],"replies":[{"embeddable":true,"href":"https:\/\/www.dynseo.com\/es\/wp-json\/wp\/v2\/comments?post=747126"}],"version-history":[{"count":16,"href":"https:\/\/www.dynseo.com\/es\/wp-json\/wp\/v2\/posts\/747126\/revisions"}],"predecessor-version":[{"id":747719,"href":"https:\/\/www.dynseo.com\/es\/wp-json\/wp\/v2\/posts\/747126\/revisions\/747719"}],"wp:featuredmedia":[{"embeddable":true,"href":"https:\/\/www.dynseo.com\/es\/wp-json\/wp\/v2\/media\/410101"}],"wp:attachment":[{"href":"https:\/\/www.dynseo.com\/es\/wp-json\/wp\/v2\/media?parent=747126"}],"wp:term":[{"taxonomy":"category","embeddable":true,"href":"https:\/\/www.dynseo.com\/es\/wp-json\/wp\/v2\/categories?post=747126"},{"taxonomy":"post_tag","embeddable":true,"href":"https:\/\/www.dynseo.com\/es\/wp-json\/wp\/v2\/tags?post=747126"}],"curies":[{"name":"wp","href":"https:\/\/api.w.org\/{rel}","templated":true}]}}