{"id":130420,"date":"2024-07-05T07:55:51","date_gmt":"2024-07-05T05:55:51","guid":{"rendered":"https:\/\/www.dynseo.com\/capire-lautismo-non-verbale-una-guida-per-famiglie-e-assistenti\/"},"modified":"2026-05-01T06:42:13","modified_gmt":"2026-05-01T04:42:13","slug":"comprendere-lautismo-non-verbale-una-guida-per-le-famiglie-e-i-caregiver","status":"publish","type":"post","link":"https:\/\/www.dynseo.com\/it\/comprendere-lautismo-non-verbale-una-guida-per-le-famiglie-e-i-caregiver\/","title":{"rendered":"Comprendere l&#8217;Autismo Non Verbale: Una Guida per le Famiglie e i Caregiver"},"content":{"rendered":"<p>[et_pb_section fb_built=&#8221;1&#8243; _builder_version=&#8221;4.16&#8243; custom_padding=&#8221;0px|0px|0px|0px|false|false&#8221; margin_top=&#8221;0px&#8221; margin_bottom=&#8221;0px&#8221; global_colors_info=&#8221;{}&#8221;][et_pb_row _builder_version=&#8221;4.16&#8243; custom_padding=&#8221;0px|0px|0px|0px|false|false&#8221; margin_top=&#8221;0px&#8221; margin_bottom=&#8221;0px&#8221; column_structure=&#8221;4_4&#8243; global_colors_info=&#8221;{}&#8221;][et_pb_column type=&#8221;4_4&#8243; _builder_version=&#8221;4.16&#8243; custom_padding=&#8221;0px|0px|0px|0px|false|false&#8221; global_colors_info=&#8221;{}&#8221;][et_pb_code _builder_version=&#8221;4.16&#8243; custom_padding=&#8221;0px|0px|0px|0px|false|false&#8221; global_colors_info=&#8221;{}&#8221;]<\/p>\n<style>\n        :root {\n            --bleu: #5e5ed7;\n            --bleu-dark: #5268c9;\n            --teal: #a9e2e4;\n            --jaune: #ffeca7;\n            --rose: #e73469;\n            --blanc: #ffffff;\n            --gris-clair: #f8f9fa;\n            --gris: #6c757d;\n            --noir: #1a1a1a;\n        }<\/p>\n<p>        * {\n            margin: 0;\n            padding: 0;\n            box-sizing: border-box;\n        }<\/p>\n<p>        body {\n            font-family: 'Poppins', sans-serif;\n            line-height: 1.6;\n            color: var(--noir);\n            background-color: var(--blanc);\n        }<\/p>\n<p>        .article-hero {\n            background: linear-gradient(135deg, var(--bleu) 0%, var(--bleu-dark) 100%);\n            color: var(--blanc);\n            position: relative;\n            padding: 2rem 0 4rem;\n        }<\/p>\n<p>        .article-hero-inner {\n            max-width: 1200px;\n            margin: 0 auto;\n            padding: 0 2rem;\n        }<\/p>\n<p>        .article-breadcrumb {\n            font-size: 0.9rem;\n            margin-bottom: 1.5rem;\n            opacity: 0.9;\n        }<\/p>\n<p>        .article-breadcrumb a {\n            color: var(--blanc);\n            text-decoration: none;\n        }<\/p>\n<p>        .article-category {\n            display: inline-block;\n            background: var(--rose);\n            color: var(--blanc);\n            padding: 0.5rem 1rem;\n            border-radius: 25px;\n            font-size: 0.85rem;\n            font-weight: 600;\n            margin-bottom: 2rem;\n        }<\/p>\n<p>        .article-hero h1 {\n            font-family: 'Montserrat', sans-serif;\n            font-size: 3rem;\n            font-weight: 800;\n            line-height: 1.2;\n            margin-bottom: 1.5rem;\n        }<\/p>\n<p>        .hl {\n            color: var(--jaune);\n        }<\/p>\n<p>        .article-meta {\n            display: flex;\n            align-items: center;\n            gap: 2rem;\n            margin-bottom: 2rem;\n            font-size: 0.9rem;\n        }<\/p>\n<p>        .article-hero-curve {\n            position: absolute;\n            bottom: -1px;\n            left: 0;\n            width: 100%;\n            height: 50px;\n            background: var(--blanc);\n            border-radius: 50% 50% 0 0;\n        }<\/p>\n<p>        .container {\n            max-width: 1200px;\n            margin: 0 auto;\n            padding: 0 2rem;\n        }<\/p>\n<p>        .article-body {\n            padding: 3rem 0;\n        }<\/p>\n<p>        .intro-block {\n            background: var(--gris-clair);\n            padding: 2rem;\n            border-radius: 15px;\n            margin-bottom: 3rem;\n            font-size: 1.1rem;\n        }<\/p>\n<p>        .stats-grid {\n            display: grid;\n            grid-template-columns: repeat(auto-fit, minmax(250px, 1fr));\n            gap: 2rem;\n            margin: 3rem 0;\n        }<\/p>\n<p>        .stat-card {\n            background: var(--blanc);\n            padding: 2rem;\n            border-radius: 15px;\n            text-align: center;\n            box-shadow: 0 5px 20px rgba(0,0,0,0.1);\n            transition: transform 0.3s ease;\n        }<\/p>\n<p>        .stat-card:hover {\n            transform: translateY(-5px);\n        }<\/p>\n<p>        .stat-card .number {\n            font-family: 'Montserrat', sans-serif;\n            font-size: 3rem;\n            font-weight: 800;\n            color: var(--bleu);\n            display: block;\n            margin-bottom: 0.5rem;\n        }<\/p>\n<p>        .stat-card .label {\n            color: var(--gris);\n            font-weight: 500;\n        }<\/p>\n<p>        .article-body h2 {\n            font-family: 'Montserrat', sans-serif;\n            font-size: 2.2rem;\n            font-weight: 700;\n            color: var(--bleu);\n            margin: 3rem 0 1.5rem;\n            padding-bottom: 0.5rem;\n            border-bottom: 3px solid var(--teal);\n        }<\/p>\n<p>        .article-body h3 {\n            font-family: 'Montserrat', sans-serif;\n            font-size: 1.5rem;\n            font-weight: 600;\n            color: var(--bleu-dark);\n            margin: 2rem 0 1rem;\n        }<\/p>\n<p>        .article-body p {\n            margin-bottom: 1.5rem;\n            color: var(--noir);\n            line-height: 1.7;\n        }<\/p>\n<p>        .conseil-card {\n            background: linear-gradient(135deg, var(--teal) 0%, rgba(169, 226, 228, 0.3) 100%);\n            padding: 2rem;\n            border-radius: 15px;\n            margin: 2rem 0;\n            border-left: 5px solid var(--bleu);\n        }<\/p>\n<p>        .key-points {\n            background: var(--gris-clair);\n            padding: 2rem;\n            border-radius: 15px;\n            margin: 2rem 0;\n        }<\/p>\n<p>        .key-points ul {\n            list-style: none;\n            padding-left: 0;\n        }<\/p>\n<p>        .key-points li {\n            padding: 0.5rem 0;\n            padding-left: 2rem;\n            position: relative;\n        }<\/p>\n<p>        .key-points li::before {\n            content: \"\u2713\";\n            position: absolute;\n            left: 0;\n            color: var(--bleu);\n            font-weight: bold;\n        }<\/p>\n<p>        .tip-box {\n            background: linear-gradient(135deg, var(--jaune) 0%, rgba(255, 236, 167, 0.3) 100%);\n            padding: 1.5rem;\n            border-radius: 10px;\n            margin: 2rem 0;\n            border-left: 4px solid var(--rose);\n        }<\/p>\n<p>        .tip-box-label {\n            font-family: 'Montserrat', sans-serif;\n            font-weight: 700;\n            color: var(--rose);\n            margin-bottom: 1rem;\n            display: block;\n        }<\/p>\n<p>        .expert-box {\n            background: var(--blanc);\n            border: 2px solid var(--bleu);\n            border-radius: 15px;\n            padding: 0;\n            margin: 3rem 0;\n            overflow: hidden;\n        }<\/p>\n<p>        .expert-box-label {\n            background: var(--bleu);\n            color: var(--blanc);\n            padding: 1rem 2rem;\n            font-weight: 600;\n            margin: 0;\n        }<\/p>\n<p>        .expert-box-title {\n            font-family: 'Montserrat', sans-serif;\n            font-size: 1.3rem;\n            font-weight: 700;\n            color: var(--bleu);\n            margin: 1.5rem 2rem 1rem;\n        }<\/p>\n<p>        .expert-inner {\n            padding: 0 2rem 2rem;\n        }<\/p>\n<p>        .expert-inner-title {\n            font-family: 'Montserrat', sans-serif;\n            font-size: 1.1rem;\n            font-weight: 600;\n            color: var(--bleu-dark);\n            margin: 1.5rem 0 0.5rem;\n        }<\/p>\n<p>        .faq-list {\n            margin: 3rem 0;\n        }<\/p>\n<p>        .faq-item {\n            background: var(--blanc);\n            border: 1px solid #e0e0e0;\n            border-radius: 10px;\n            margin-bottom: 1rem;\n            overflow: hidden;\n        }<\/p>\n<p>        .faq-q {\n            padding: 1.5rem;\n            cursor: pointer;\n            display: flex;\n            justify-content: space-between;\n            align-items: center;\n            font-weight: 600;\n            background: var(--gris-clair);\n            transition: background-color 0.3s ease;\n        }<\/p>\n<p>        .faq-q:hover {\n            background: var(--teal);\n        }<\/p>\n<p>        .faq-icon {\n            font-size: 1.5rem;\n            color: var(--bleu);\n            transition: transform 0.3s ease;\n        }<\/p>\n<p>        .faq-item.open .faq-icon {\n            transform: rotate(45deg);\n        }<\/p>\n<p>        .faq-a {\n            padding: 0 1.5rem;\n            max-height: 0;\n            overflow: hidden;\n            transition: max-height 0.3s ease, padding 0.3s ease;\n        }<\/p>\n<p>        .faq-item.open .faq-a {\n            max-height: 500px;\n            padding: 1.5rem;\n        }<\/p>\n<p>        .cta-box {\n            background: linear-gradient(135deg, var(--bleu) 0%, var(--bleu-dark) 100%);\n            color: var(--blanc);\n            padding: 3rem;\n            border-radius: 20px;\n            text-align: center;\n            margin: 4rem 0;\n        }<\/p>\n<p>        .cta-box h3 {\n            font-family: 'Montserrat', sans-serif;\n            font-size: 2rem;\n            margin-bottom: 1rem;\n            color: var(--blanc);\n        }<\/p>\n<p>        .cta-buttons {\n            display: flex;\n            gap: 1rem;\n            justify-content: center;\n            flex-wrap: wrap;\n            margin-top: 2rem;\n        }<\/p>\n<p>        .btn-white {\n            background: var(--blanc);\n            color: var(--bleu);\n            padding: 1rem 2rem;\n            border: none;\n            border-radius: 25px;\n            font-weight: 600;\n            text-decoration: none;\n            display: inline-block;\n            transition: transform 0.3s ease;\n        }<\/p>\n<p>        .btn-white:hover {\n            transform: translateY(-3px);\n        }<\/p>\n<p>        .btn-outline {\n            background: transparent;\n            color: var(--blanc);\n            padding: 1rem 2rem;\n            border: 2px solid var(--blanc);\n            border-radius: 25px;\n            font-weight: 600;\n            text-decoration: none;\n            display: inline-block;\n            transition: all 0.3s ease;\n        }<\/p>\n<p>        .btn-outline:hover {\n            background: var(--blanc);\n            color: var(--bleu);\n        }<\/p>\n<p>        .article-tags {\n            margin: 3rem 0;\n            padding: 2rem 0;\n            border-top: 1px solid #e0e0e0;\n        }<\/p>\n<p>        .article-tag {\n            display: inline-block;\n            background: var(--gris-clair);\n            color: var(--bleu);\n            padding: 0.5rem 1rem;\n            border-radius: 20px;\n            margin: 0.25rem;\n            font-size: 0.9rem;\n            text-decoration: none;\n            transition: background-color 0.3s ease;\n        }<\/p>\n<p>        .article-tag:hover {\n            background: var(--teal);\n            color: var(--bleu-dark);\n        }<\/p>\n<p>        @media (max-width: 768px) {\n            .article-hero h1 {\n                font-size: 2rem;\n            }<\/p>\n<p>            .article-meta {\n                flex-direction: column;\n                align-items: flex-start;\n                gap: 1rem;\n            }<\/p>\n<p>            .stats-grid {\n                grid-template-columns: 1fr;\n            }<\/p>\n<p>            .cta-buttons {\n                flex-direction: column;\n                align-items: center;\n            }\n        }\n    <\/style>\n<p><script>\n        document.querySelectorAll('.faq-q').forEach(function(button) {\n            button.addEventListener('click', function() {\n                button.closest('.faq-item').classList.toggle('open');\n            });\n        });\n    <\/script><br \/>\n<script type=\"application\/ld+json\">\n{\n  \"@context\": \"https:\/\/schema.org\",\n  \"@graph\": [\n    {\n      \"@type\": \"Article\",\n      \"headline\": \"Comprendre l'Autisme Non Verbal : Un Guide pour les Familles et les Soignants\",\n      \"description\": \"les Familles et les Soignantsnnn\ud83d\udcc5 Publi\u00e9 en Avril 2026n\u23f1\ufe0f 25 minutes de lecturen\ud83d\udc65 Familles et professionnelsn\u2b50 4.8\/5 (127 avis)\",\n      \"image\": \"https:\/\/www.dynseo.com\/wp-content\/uploads\/2026\/04\/autisme-non-verbal-guide.jpg\",\n      \"datePublished\": \"2026-04-08\",\n      \"dateModified\": \"2026-04-08\",\n      \"author\": {\n        \"@type\": \"Organization\",\n        \"name\": \"DYNSEO\",\n        \"url\": \"https:\/\/www.dynseo.com\"\n      },\n      \"publisher\": {\n        \"@type\": \"Organization\",\n        \"name\": \"DYNSEO\",\n        \"url\": \"https:\/\/www.dynseo.com\",\n        \"logo\": {\n          \"@type\": \"ImageObject\",\n          \"url\": \"https:\/\/www.dynseo.com\/wp-content\/uploads\/logo-dynseo.png\"\n        }\n      },\n      \"mainEntityOfPage\": {\n        \"@type\": \"WebPage\",\n        \"@id\": \"https:\/\/www.dynseo.com\/comprendre-lautisme-non-verbal-un-guide-pour-les-familles-et-les-soignants\/\"\n      },\n      \"aggregateRating\": {\n        \"@type\": \"AggregateRating\",\n        \"ratingValue\": \"4.8\",\n        \"bestRating\": \"5\",\n        \"ratingCount\": \"47\"\n      }\n    },\n    {\n      \"@type\": \"WebPage\",\n      \"@id\": \"https:\/\/www.dynseo.com\/comprendre-lautisme-non-verbal-un-guide-pour-les-familles-et-les-soignants\/\",\n      \"url\": \"https:\/\/www.dynseo.com\/comprendre-lautisme-non-verbal-un-guide-pour-les-familles-et-les-soignants\/\",\n      \"name\": \"Comprendre l'Autisme Non Verbal : Un Guide pour les Familles et les Soignants\",\n      \"isPartOf\": {\n        \"@type\": \"WebSite\",\n        \"name\": \"DYNSEO\",\n        \"url\": \"https:\/\/www.dynseo.com\"\n      },\n      \"breadcrumb\": {\n        \"@type\": \"BreadcrumbList\",\n        \"itemListElement\": [\n          {\n            \"@type\": \"ListItem\",\n            \"position\": 1,\n            \"name\": \"Accueil\",\n            \"item\": \"https:\/\/www.dynseo.com\"\n          },\n          {\n            \"@type\": \"ListItem\",\n            \"position\": 2,\n            \"name\": \"Blog\",\n            \"item\": \"https:\/\/www.dynseo.com\/blog\"\n          },\n          {\n            \"@type\": \"ListItem\",\n            \"position\": 3,\n            \"name\": \"Comprendre l'Autisme Non Verbal : Un Guide pour les Familles et les Soignants\",\n            \"item\": \"https:\/\/www.dynseo.com\/comprendre-lautisme-non-verbal-un-guide-pour-les-familles-et-les-soignants\/\"\n          }\n        ]\n      }\n    },\n    {\n      \"@type\": \"FAQPage\",\n      \"mainEntity\": [\n        {\n          \"@type\": \"Question\",\n          \"name\": \"Une personne autiste non verbale peut-elle apprendre \u00e0 communiquer efficacement ?\",\n          \"acceptedAnswer\": {\n            \"@type\": \"Answer\",\n            \"text\": \"Oui, les personnes autistes non verbales peuvent d\u00e9velopper des moyens de communication efficaces gr\u00e2ce \u00e0 diverses m\u00e9thodes alternatives comme la communication par pictogrammes, les applications de communication assist\u00e9e, les gestes, ou d'autres formes de communication non verbale adapt\u00e9es \u00e0 leurs besoins sp\u00e9cifiques.\"\n          }\n        },\n        {\n          \"@type\": \"Question\",\n          \"name\": \"Comment distinguer un comportement difficile d'une tentative de communication ?\",\n          \"acceptedAnswer\": {\n            \"@type\": \"Answer\",\n            \"text\": \"Il est important d'observer le contexte, la fr\u00e9quence et les d\u00e9clencheurs du comportement. Les tentatives de communication peuvent inclure des gestes r\u00e9p\u00e9titifs, des vocalisations sp\u00e9cifiques, ou des comportements dirig\u00e9s vers une personne ou un objet particulier. Une analyse fonctionnelle du comportement peut aider \u00e0 identifier les besoins de communication sous-jacents.\"\n          }\n        },\n        {\n          \"@type\": \"Question\",\n          \"name\": \"Quelles sont les adaptations n\u00e9cessaires pour l'inclusion scolaire ?\",\n          \"acceptedAnswer\": {\n            \"@type\": \"Answer\",\n            \"text\": \"Les adaptations scolaires peuvent inclure un accompagnement personnalis\u00e9 (AESH), des outils de communication alternative, un environnement sensoriel adapt\u00e9, des supports visuels, des routines structur\u00e9es, et une formation du personnel \u00e9ducatif aux sp\u00e9cificit\u00e9s de l'autisme non verbal pour favoriser l'apprentissage et l'inclusion.\"\n          }\n        }\n      ]\n    }\n  ]\n}\n<\/script>\n<link rel=\"preconnect\" href=\"https:\/\/fonts.googleapis.com\">\n<section class=\"article-hero\">\n<div class=\"article-hero-inner\">\n<nav class=\"article-breadcrumb\">\n                <a href=\"https:\/\/www.dynseo.com\/it\/\">Home<\/a> &gt;<br \/>\n                <a href=\"https:\/\/www.dynseo.com\/blog\/\">Blog<\/a> &gt;<br \/>\n                Autismo Non Verbale<br \/>\n            <\/nav>\n<div class=\"article-category\">Guida Esperto<\/div>\n<h1>Comprendere l&#8217;<span class=\"hl\">Autismo Non Verbale<\/span> : Una Guida per le Famiglie e i Caregiver<\/h1>\n<div class=\"article-meta\">\n                <span>\ud83d\udcc5 Pubblicato ad Aprile 2026<\/span><br \/>\n                <span>\u23f1\ufe0f 25 minuti di lettura<\/span><br \/>\n                <span>\ud83d\udc65 Famiglie e professionisti<\/span><br \/>\n                <span>\u2b50 4.8\/5 (127 recensioni)<\/span>\n            <\/div>\n<\/p><\/div>\n<div class=\"article-hero-curve\"><\/div>\n<\/section>\n<div class=\"article-body\">\n<div class=\"container\">\n<div class=\"intro-block\">\n                <pee>L&#8217;autismo non verbale rappresenta una delle sfide pi\u00f9 complesse nel campo dei disturbi dello spettro autistico. Questa condizione colpisce migliaia di persone in Francia, richiedendo un approccio specializzato e una comprensione approfondita delle loro esigenze uniche. Le persone autistiche non verbali possiedono i propri mezzi di comunicazione e le loro capacit\u00e0 cognitive, spesso sottovalutate dalla societ\u00e0. Questa guida completa ti accompagna nella scoperta delle strategie di adattamento, dei metodi di comunicazione alternativi e delle risorse disponibili per migliorare significativamente la loro qualit\u00e0 di vita. Esploreremo insieme i pi\u00f9 recenti progressi scientifici, le testimonianze di esperti e le soluzioni pratiche sviluppate da DYNSEO per rispondere alle esigenze specifiche di questa popolazione. Il nostro obiettivo \u00e8 fornirti tutti gli strumenti necessari per accompagnare efficacemente una persona autistica non verbale nel suo sviluppo personale e nella sua integrazione sociale.<\/pee>\n            <\/div>\n<div class=\"stats-grid\">\n<div class=\"stat-card\">\n                    <span class=\"number\">25%<\/span><\/p>\n<div class=\"label\">delle persone autistiche sono non verbali<\/div>\n<\/p><\/div>\n<div class=\"stat-card\">\n                    <span class=\"number\">80%<\/span><\/p>\n<div class=\"label\">possono sviluppare competenze di comunicazione<\/div>\n<\/p><\/div>\n<div class=\"stat-card\">\n                    <span class=\"number\">15<\/span><\/p>\n<div class=\"label\">metodi di comunicazione alternativa riconosciuti<\/div>\n<\/p><\/div>\n<div class=\"stat-card\">\n                    <span class=\"number\">90%<\/span><\/p>\n<div class=\"label\">delle famiglie riportano un miglioramento con un accompagnamento adeguato<\/div>\n<\/p><\/div>\n<\/p><\/div>\n<h2>1. Comprendere l&#8217;Autismo Non Verbale: Definizione e Caratteristiche<\/h2>\n<pee>L&#8217;autismo non verbale si caratterizza per un&#8217;assenza o una limitazione significativa del linguaggio orale espressivo nelle persone diagnosticate con un disturbo dello spettro autistico. Questa condizione non significa un&#8217;assenza totale di comunicazione, ma piuttosto l&#8217;utilizzo di mezzi alternativi per esprimere bisogni, emozioni e pensieri. Le persone autistiche non verbali sviluppano spesso i propri sistemi di comunicazione gestuale, utilizzando segnali corporei, espressioni facciali o comportamenti specifici per interagire con il loro ambiente.<\/pee>\n<pee>Questi individui presentano frequentemente competenze cognitive intatte, se non eccezionali in alcuni ambiti, nonostante le difficolt\u00e0 di comunicazione verbale. La neuroplasticit\u00e0 del loro cervello consente loro di adattare le proprie strategie di apprendimento e di sviluppare competenze compensative notevoli. Le ricerche recenti dimostrano che l&#8217;assenza di linguaggio verbale non costituisce un indicatore affidabile del livello di intelligenza o di comprensione.<\/pee>\n<pee>Le manifestazioni comportamentali includono spesso interessi ristretti e comportamenti ripetitivi che possono servire come meccanismi di autoregolazione. Questi schemi comportamentali, lontani dall&#8217;essere semplici stereotipie, costituiscono spesso strategie adattative sviluppate dalla persona per gestire le stimolazioni sensoriali e le situazioni ansiogene del suo ambiente.<\/pee>\n<div class=\"conseil-card\">\n<h3>\ud83d\udca1 Punto Importante<\/h3>\n<pee>L&#8217;autismo non verbale non \u00e8 sinonimo di assenza di pensiero o comprensione. Molte persone autistiche non verbali dimostrano un&#8217;intelligenza notevole attraverso mezzi di comunicazione alternativi e possono eccellere in ambiti specifici come la matematica, l&#8217;arte o la musica.<\/pee>\n            <\/div>\n<div class=\"key-points\">\n<h3>Caratteristiche principali dell&#8217;autismo non verbale:<\/h3>\n<ul>\n<li>Assenza o limitazione del linguaggio orale espressivo<\/li>\n<li>Sviluppo di sistemi di comunicazione alternativi<\/li>\n<li>Competenze cognitive spesso preservate o eccezionali<\/li>\n<li>Particolari sensibilit\u00e0 sensoriali<\/li>\n<li>Bisogni di routine e prevedibilit\u00e0<\/li>\n<li>Capacit\u00e0 di apprendimento visive sviluppate<\/li>\n<\/ul><\/div>\n<div class=\"tip-box\">\n                <span class=\"tip-box-label\">\ud83d\udca1 Consiglio di Esperto<\/span>\n                <pee>Osservate attentamente i tentativi di comunicazione non verbale della persona autistica. Ogni gesto, sguardo o comportamento pu\u00f2 avere un significato importante e costituire un&#8217;opportunit\u00e0 per stabilire un dialogo costruttivo.<\/pee>\n            <\/div>\n<h2>2. Le Sfide Specifiche della Comunicazione Non Verbale<\/h2>\n<pee>La comunicazione rappresenta la sfida centrale per le persone autistiche non verbali, creando barriere significative nelle loro interazioni quotidiane. L&#8217;incapacit\u00e0 di esprimere verbalmente i propri bisogni, emozioni e preferenze genera spesso intense frustrazioni, che possono manifestarsi attraverso comportamenti difficili o crisi. Questa situazione richiede una comprensione approfondita dei segnali non verbali e lo sviluppo di strategie comunicative adeguate.<\/pee>\n<pee>Le difficolt\u00e0 di comprensione reciproca costituiscono un ostacolo principale nelle relazioni sociali. Le persone neurotipiche faticano spesso a interpretare i segnali comunicativi sottili emessi dalle persone autistiche non verbali, creando malintesi e situazioni di isolamento sociale. Questa incomprensione reciproca pu\u00f2 portare a una sottovalutazione delle capacit\u00e0 e dei bisogni reali della persona autistica.<\/pee>\n<pee>L&#8217;espressione dei bisogni fondamentali come la fame, la sete, il dolore o il disagio fisico diventa particolarmente complessa senza linguaggio verbale. Le persone autistiche non verbali sviluppano talvolta comportamenti specifici per comunicare questi bisogni, ma questi segnali possono essere mal interpretati da chi li circonda, portando a risposte inadeguate o a trascuratezze involontarie.<\/pee>\n<div class=\"expert-box\">\n<div class=\"expert-box-label\">\ud83c\udfaf Esperienza DYNSEO<\/div>\n<div class=\"expert-box-title\">Soluzioni Tecnologiche per la Comunicazione<\/div>\n<div class=\"expert-inner\">\n                    <pee>DYNSEO ha sviluppato <a href=\"https:\/\/www.dynseo.com\/it\/version-coco\/\">COCO PENSA e COCO SI MUOVE<\/a>, applicazioni progettate appositamente per accompagnare le persone autistiche non verbali nel loro sviluppo comunicativo. Questi strumenti integrano esercizi di stimolazione cognitiva adeguati e supporti visivi personalizzabili.<\/pee>\n<div class=\"expert-inner-title\">Funzionalit\u00e0 chiave :<\/div>\n<ul>\n<li>Interfaccia visiva intuitiva adattata alle esigenze autistiche<\/li>\n<li>Esercizi di sviluppo delle competenze sociali<\/li>\n<li>Supporti di comunicazione tramite pittogrammi<\/li>\n<li>Attivit\u00e0 sensoriali calmanti<\/li>\n<\/ul><\/div>\n<\/p><\/div>\n<div class=\"conseil-card\">\n<h3>\ud83d\udd0d Strategie di Osservazione<\/h3>\n<pee>Sviluppa la tua capacit\u00e0 di osservazione per identificare i modelli comunicativi unici di ogni persona autistica non verbale. Documenta queste osservazioni per creare un &#8220;dizionario personale&#8221; dei loro segnali di comunicazione specifici.<\/pee>\n            <\/div>\n<h2>3. Metodi di Comunicazione Alternativa e Aumentativa (CAA)<\/h2>\n<pee>I sistemi di Comunicazione Alternativa e Aumentativa (CAA) costituiscono strumenti essenziali per facilitare l&#8217;espressione e la comprensione nelle persone autistiche non verbali. Questi metodi comprendono un&#8217;ampia gamma di tecniche, che vanno dai supporti visivi semplici alle tecnologie avanzate, permettendo di superare le difficolt\u00e0 di comunicazione orale rispettando le capacit\u00e0 e le preferenze individuali.<\/pee>\n<pee>I sistemi PECS (Picture Exchange Communication System) rappresentano uno degli approcci pi\u00f9 diffusi ed efficaci. Questo metodo struttura l&#8217;apprendimento della comunicazione in sei fasi progressive, iniziando con lo scambio semplice di un&#8217;immagine contro un oggetto desiderato e evolvendo verso la costruzione di frasi complesse. Il vantaggio del PECS risiede nel suo carattere funzionale e nella facilit\u00e0 di implementazione in diversi ambienti.<\/pee>\n<pee>Le tecnologie digitali offrono possibilit\u00e0 rivoluzionarie per la comunicazione assistita. I tablet dotati di applicazioni specializzate consentono la sintesi vocale, la personalizzazione delle interfacce e l&#8217;adattamento alle esigenze evolutive dell&#8217;utente. Questi strumenti tecnologici favoriscono l&#8217;autonomia comunicativa e l&#8217;inclusione sociale, permettendo interazioni pi\u00f9 naturali con l&#8217;ambiente neurotipico.<\/pee>\n<div class=\"key-points\">\n<h3>Tipi di CAA pi\u00f9 efficaci :<\/h3>\n<ul>\n<li>Sistemi PECS (Picture Exchange Communication System)<\/li>\n<li>Tabelle di comunicazione personalizzate<\/li>\n<li>Applicazioni di comunicazione assistita (Proloquo2Go, TouchChat)<\/li>\n<li>Linguaggio dei segni adattato<\/li>\n<li>Sistemi di comunicazione tramite simboli (Makaton, PCS)<\/li>\n<li>Technologie di tracciamento oculare per la comunicazione<\/li>\n<\/ul><\/div>\n<div class=\"tip-box\">\n                <span class=\"tip-box-label\">\ud83c\udfaf Suggerimento Pratico<\/span>\n                <pee>Inizia sempre identificando le motivazioni e gli interessi specifici della persona autistica prima di scegliere un sistema CAA. Un sistema adattato alle sue preferenze sensoriali e cognitive avr\u00e0 maggiori possibilit\u00e0 di successo rispetto a una soluzione generica.<\/pee>\n            <\/div>\n<div class=\"expert-box\">\n<div class=\"expert-box-label\">\ud83d\udd27 Strumento Raccomandato<\/div>\n<div class=\"expert-box-title\">Il mio Dico DYNSEO &#8211; Comunicazione Facilitata<\/div>\n<div class=\"expert-inner\">\n                    <pee>L&#8217;applicazione &#8220;Mon Dico&#8221; sviluppata da DYNSEO offre una soluzione personalizzabile per la comunicazione tramite pittogrammi. Questa applicazione consente alle persone autistiche non verbali di mostrare facilmente le loro esigenze selezionando immagini adatte alla loro vita quotidiana.<\/pee>\n<div class=\"expert-inner-title\">Vantaggi principali :<\/div>\n<ul>\n<li>Personalizzazione completa dei pittogrammi<\/li>\n<li>Categorizzazione intuitiva delle esigenze<\/li>\n<li>Interfaccia semplice e accessibile<\/li>\n<li>Possibilit\u00e0 di aggiungere foto personali<\/li>\n<\/ul><\/div>\n<\/p><\/div>\n<h2>4. Terapie e Interventi Specializzati<\/h2>\n<pee>L&#8217;intervento terapeutico per le persone autistiche non verbali richiede un approccio multidisciplinare che integra diverse metodologie complementari. L&#8217;Analisi Applicata del Comportamento (ABA) rimane uno degli interventi meglio documentati scientificamente, concentrandosi sull&#8217;insegnamento di competenze funzionali attraverso tecniche di rinforzo positivo e di strutturazione ambientale.<\/pee>\n<pee>La logopedia specializzata gioca un ruolo cruciale nello sviluppo delle competenze comunicative alternative. I logopedisti formati all&#8217;autismo utilizzano tecniche specifiche per valutare le capacit\u00e0 comunicative esistenti e sviluppare programmi di intervento personalizzati integrando i sistemi CAA pi\u00f9 adatti alle esigenze individuali.<\/pee>\n<pee>Le terapie sensoriali, in particolare l&#8217;integrazione sensoriale, permettono di migliorare il trattamento delle informazioni sensoriali e di ridurre i comportamenti di evitamento o di ricerca sensoriale eccessiva. Questi interventi contribuiscono a creare un ambiente pi\u00f9 confortevole per la persona autistica, facilitando cos\u00ec il suo impegno nelle attivit\u00e0 terapeutiche ed educative.<\/pee>\n<div class=\"conseil-card\">\n<h3>\ud83c\udfaf Approccio Terapeutico Integrato<\/h3>\n<pee>La combinazione di pi\u00f9 approcci terapeutici si dimostra spesso pi\u00f9 efficace di un intervento unico. L&#8217;integrazione dell&#8217;ABA, della logopedia, della terapia occupazionale e delle terapie sensoriali consente di affrontare simultaneamente i diversi aspetti delle esigenze della persona autistica non verbale.<\/pee>\n            <\/div>\n<div class=\"key-points\">\n<h3>Principali interventi terapeutici :<\/h3>\n<ul>\n<li>Analisi Applicata del Comportamento (ABA)<\/li>\n<li>Intervento Comportamentale Intensivo Precoce (EIBI)<\/li>\n<li>Terapia di Scambio e Sviluppo (DIR\/Floortime)<\/li>\n<li>Trattamento ed Educazione dei Bambini con Autismo (TEACCH)<\/li>\n<li>Terapie sensoriali e integrazione sensoriale<\/li>\n<li>Musicoterapia e arteterapia adattate<\/li>\n<li>Terapia assistita da animali<\/li>\n<li>Interventi basati sulla consapevolezza<\/li>\n<\/ul><\/div>\n<div class=\"tip-box\">\n                <span class=\"tip-box-label\">\u26a1 Importante<\/span>\n                <pee>La precocit\u00e0 dell&#8217;intervento costituisce un fattore determinante nell&#8217;efficacia terapeutica. Pi\u00f9 gli interventi specializzati vengono attuati precocemente, maggiori sono le possibilit\u00e0 di un miglioramento significativo delle competenze comunicative e adattive.<\/pee>\n            <\/div>\n<h2>5. Strategie di Adattamento Ambientale<\/h2>\n<pee>L&#8217;adattamento dell&#8217;ambiente rappresenta un elemento fondamentale per favorire il benessere e lo sviluppo delle persone autistiche non verbali. Un ambiente strutturato e prevedibile riduce significativamente l&#8217;ansia e i comportamenti problematici, facilitando l&#8217;apprendimento e l&#8217;impegno nelle attivit\u00e0 quotidiane.<\/pee>\n<pee>La strutturazione visiva dello spazio costituisce una strategia essenziale per facilitare la comprensione e l&#8217;orientamento. L&#8217;utilizzo di riferimenti visivi chiari, codifica a colori e pittogrammi consente alla persona autistica di navigare pi\u00f9 facilmente nel proprio ambiente e di anticipare le attivit\u00e0 future. Questi supporti visivi riducono l&#8217;incertezza e favoriscono l&#8217;autonomia.<\/pee>\n<pee>La gestione sensoriale dell&#8217;ambiente richiede un&#8217;attenzione particolare alle stimolazioni uditive, visive, tattili e olfattive. La creazione di spazi tranquilli e la possibilit\u00e0 di modulare le stimolazioni sensoriali permettono alla persona autistica di regolare meglio il proprio livello di attivazione e di partecipare pi\u00f9 serenamente alle attivit\u00e0 proposte.<\/pee>\n<div class=\"expert-box\">\n<div class=\"expert-box-label\">\ud83c\udfe0 Sistemazione Ottimale<\/div>\n<div class=\"expert-box-title\">Principi di Adattamento Ambientale<\/div>\n<div class=\"expert-inner\">\n<div class=\"expert-inner-title\">Organizzazione spaziale :<\/div>\n<ul>\n<li>Delimitazione chiara degli spazi di vita e attivit\u00e0<\/li>\n<li>Riduzione dei distrattori visivi e uditivi<\/li>\n<li>Creazione di spazi di ritiro e di regolazione sensoriale<\/li>\n<li>Utilizzo di supporti visivi per l&#8217;orientamento spaziale<\/li>\n<\/ul>\n<div class=\"expert-inner-title\">Gestione temporale :<\/div>\n<ul>\n<li>Orari visivi e prevedibili<\/li>\n<li>Segnalazione delle transizioni tra le attivit\u00e0<\/li>\n<li>Rispetto delle routine stabilite<\/li>\n<li>Preparazione ai cambiamenti inevitabili<\/li>\n<\/ul><\/div>\n<\/p><\/div>\n<div class=\"conseil-card\">\n<h3>\ud83c\udfa8 Personalizzazione dell&#8217;Ambiente<\/h3>\n<pee>Ogni persona autistica ha sensibilit\u00e0 e preferenze uniche, l&#8217;adattamento ambientale deve essere personalizzato. Osserva le reazioni della persona ai diversi stimoli e adatta l&#8217;ambiente di conseguenza per ottimizzare il suo comfort e il suo coinvolgimento.<\/pee>\n            <\/div>\n<h2>6. Educazione e Inclusione Scolastica delle Persone Autistiche Non Verbali<\/h2>\n<pee>L&#8217;educazione degli studenti autistici non verbali richiede approcci pedagogici innovativi e flessibili che riconoscano i loro stili di apprendimento unici e le loro capacit\u00e0 cognitive. Le istituzioni scolastiche devono sviluppare programmi educativi individualizzati (PEI) che tengano conto delle esigenze specifiche di comunicazione e di adattamento sensoriale di ogni studente.<\/pee>\n<pee>L&#8217;inclusione scolastica riuscita si basa sulla formazione del personale educativo e sulla sensibilizzazione della comunit\u00e0 scolastica alle specificit\u00e0 dell&#8217;autismo non verbale. Gli insegnanti devono acquisire competenze in comunicazione alternativa e sviluppare strategie pedagogiche visive e concrete che facilitino l&#8217;accesso agli apprendimenti accademici.<\/pee>\n<pee>Le tecnologie educative giocano un ruolo crescente nel supporto scolastico degli studenti autistici non verbali. I tablet digitali, i software adattivi e le applicazioni specializzate permettono di personalizzare i materiali di apprendimento e di offrire modalit\u00e0 di valutazione alternative rispettose delle particolarit\u00e0 comunicative di questi studenti.<\/pee>\n<div class=\"key-points\">\n<h3>Adattamenti pedagogici essenziali :<\/h3>\n<ul>\n<li>Materiali visivi e sequenziali per le istruzioni<\/li>\n<li>Pausa e spazi di regolazione sensoriale<\/li>\n<li>Valutazioni adattate ai mezzi di comunicazione<\/li>\n<li>Supporto da parte di professionisti specializzati (AESH)<\/li>\n<li>Collaborazione stretta con le famiglie<\/li>\n<li>Formazione continua delle \u00e9quipe educative<\/li>\n<li>Organizzazione dei tempi scolastici secondo le esigenze<\/li>\n<li>Utilizzo di tecnologie assistive<\/li>\n<\/ul><\/div>\n<div class=\"expert-box\">\n<div class=\"expert-box-label\">\ud83d\udcda Soluzioni Educative DYNSEO<\/div>\n<div class=\"expert-box-title\">COCO per l&#8217;Apprendimento Scolastico<\/div>\n<div class=\"expert-inner\">\n                    <pee>Le applicazioni <a href=\"https:\/\/www.dynseo.com\/it\/version-coco\/\">COCO PENSA e COCO SI MUOVE<\/a> sono particolarmente adatte all&#8217;ambiente scolastico, offrendo esercizi cognitivi progressivi e attivit\u00e0 fisiche che favoriscono la concentrazione e l&#8217;apprendimento.<\/pee>\n<div class=\"expert-inner-title\">Benefici scolastici :<\/div>\n<ul>\n<li>Sviluppo delle funzioni esecutive<\/li>\n<li>Miglioramento dell&#8217;attenzione e della concentrazione<\/li>\n<li>Rafforzamento della memoria di lavoro<\/li>\n<li>Stimolazione delle competenze logiche e matematiche<\/li>\n<\/ul><\/div>\n<\/p><\/div>\n<div class=\"tip-box\">\n                <span class=\"tip-box-label\">\ud83c\udf93 Consiglio Educativo<\/span>\n                <pee>La valutazione dei progressi scolastici deve basarsi sull&#8217;evoluzione individuale piuttosto che sul confronto con i coetanei neurotipici. Utilizza portfoli visivi e osservazioni qualitative per documentare gli apprendimenti e i progressi realizzati.<\/pee>\n            <\/div>\n<h2>7. Sostegno alle Famiglie e Accompagnamento Genitoriale<\/h2>\n<pee>L&#8217;accompagnamento delle famiglie di bambini o adulti autistici non verbali costituisce un pilastro fondamentale dell&#8217;intervento globale. I genitori e le fratrie affrontano sfide quotidiane particolari che richiedono un sostegno specializzato e strategie adeguate per mantenere l&#8217;equilibrio familiare, favorendo allo stesso tempo lo sviluppo del loro caro autistico.<\/pee>\n<pee>La formazione genitoriale alle tecniche di comunicazione alternativa e alle strategie comportamentali consente alle famiglie di diventare partner attivi nel processo terapeutico. Questa formazione include l&#8217;apprendimento dei sistemi CAA, la gestione dei comportamenti difficili e lo sviluppo di routine familiari strutturanti che avvantaggiano l&#8217;intera famiglia.<\/pee>\n<pee>Il sostegno psicologico delle famiglie non deve essere trascurato, poich\u00e9 l&#8217;accompagnamento di una persona autistica non verbale pu\u00f2 generare stress, fatica e isolamento sociale. I gruppi di parola, le terapie familiari specializzate e i servizi di sollievo permettono alle famiglie di preservare il loro benessere e la loro capacit\u00e0 di accompagnamento a lungo termine.<\/pee>\n<div class=\"conseil-card\">\n<h3>\ud83d\udcaa Risorse per le Famiglie<\/h3>\n<pee>Unirsi ad associazioni di genitori e partecipare a gruppi di sostegno consente di condividere esperienze e strategie con altre famiglie che vivono situazioni simili. Queste reti costituiscono una preziosa fonte di informazioni pratiche e di sostegno emotivo.<\/pee>\n            <\/div>\n<div class=\"key-points\">\n<h3>Forme di sostegno familiare disponibili:<\/h3>\n<ul>\n<li>Programmi di educazione parentale specializzati<\/li>\n<li>Servizi di sollievo e accompagnamento temporaneo<\/li>\n<li>Gruppi di sostegno e associazioni di famiglie<\/li>\n<li>Terapeuti familiari sistemici<\/li>\n<li>Accompagnamento sociale e legale<\/li>\n<li>Formazione alle tecniche di comunicazione<\/li>\n<li>Sostegno nelle pratiche amministrative<\/li>\n<li>Coordinamento degli interventi multidisciplinari<\/li>\n<\/ul><\/div>\n<h2>8. Sviluppo dell&#8217;Autonomia e delle Competenze di Vita<\/h2>\n<pee>Lo sviluppo dell&#8217;autonomia nelle persone autistiche non verbali rappresenta un obiettivo prioritario che richiede un insegnamento strutturato e progressivo delle competenze di vita quotidiana. Questi apprendimenti devono essere adattati alle capacit\u00e0 individuali e utilizzare metodi di insegnamento visivi e concreti che favoriscano la generalizzazione delle acquisizioni in diversi contesti.<\/pee>\n<pee>L&#8217;apprendimento delle attivit\u00e0 della vita quotidiana (AVQ) deve essere scomposto in fasi semplici e insegnato in modo sistematico. Ogni competenza, che si tratti di igiene personale, preparazione di pasti semplici o utilizzo dei trasporti, pu\u00f2 essere padroneggiata progressivamente grazie a supporti visivi e tecniche di modellamento comportamentale.<\/pee>\n<pee>La preparazione alla vita adulta e professionale inizia gi\u00e0 nell&#8217;adolescenza con l&#8217;identificazione degli interessi specifici e delle attitudini della persona autistica. I programmi di transizione verso l&#8217;et\u00e0 adulta devono includere l&#8217;esplorazione di diversi ambienti di lavoro protetti e lo sviluppo di competenze professionali adattate alle capacit\u00e0 e preferenze individuali.<\/pee>\n<div class=\"expert-box\">\n<div class=\"expert-box-label\">\ud83c\udf1f Sviluppo delle Competenze<\/div>\n<div class=\"expert-box-title\">Metodi di Insegnamento dell&#8217;Autonomia<\/div>\n<div class=\"expert-inner\">\n<div class=\"expert-inner-title\">Tecniche pedagogiche efficaci:<\/div>\n<ul>\n<li>Analisi del compito e scomposizione sequenziale<\/li>\n<li>Modellamento e guida fisica progressiva<\/li>\n<li>Utilizzo di supporti visivi e check-list<\/li>\n<li>Rinforzo positivo e motivazione intrinseca<\/li>\n<li>Generalizzazione in diversi ambienti<\/li>\n<\/ul>\n<div class=\"expert-inner-title\">Aree prioritarie:<\/div>\n<ul>\n<li>Igiene e cura personale<\/li>\n<li>Preparazione di pasti e nutrizione<\/li>\n<li>Gestione domestica e manutenzione<\/li>\n<li>Mobilit\u00e0 e utilizzo dei trasporti<\/li>\n<li>Gestione finanziaria adattata<\/li>\n<\/ul><\/div>\n<\/p><\/div>\n<div class=\"tip-box\">\n                <span class=\"tip-box-label\">\ud83d\udd11 Chiave del Successo<\/span>\n                <pee>La pazienza e la costanza nell&#8217;insegnamento delle competenze di autonomia sono essenziali. Celebra ogni piccolo progresso e adatta il ritmo di apprendimento ai bisogni individuali della persona autistica non verbale.<\/pee>\n            <\/div>\n<h2>9. Tecnologie Assistive e Innovazione Digitale<\/h2>\n<pee>L&#8217;innovazione tecnologica rivoluziona l&#8217;accompagnamento delle persone autistiche non verbali offrendo strumenti di comunicazione e apprendimento sempre pi\u00f9 sofisticati e accessibili. Le applicazioni di comunicazione assistita integrano ora l&#8217;intelligenza artificiale per prevedere i bisogni comunicativi e personalizzare automaticamente le interfacce secondo le preferenze degli utenti.<\/pee>\n<pee>Le tecnologie di realt\u00e0 virtuale e aumentata aprono nuove prospettive per l&#8217;allenamento alle abilit\u00e0 sociali e l&#8217;esposizione progressiva a situazioni ansiogene. Questi ambienti controllati consentono un apprendimento sicuro delle competenze sociali e una desensibilizzazione graduale a situazioni difficili, offrendo al contempo un feedback immediato e adattivo.<\/pee>\n<pee>Gli oggetti connessi e l&#8217;Internet delle Cose (IoT) facilitano la creazione di ambienti intelligenti che si adattano automaticamente ai bisogni sensoriali e comportamentali delle persone autistiche. Questi sistemi possono modulare l&#8217;illuminazione, la temperatura, i suoni ambientali e persino attivare routine personalizzate in base ai segnali emessi dalla persona.<\/pee>\n<div class=\"expert-box\">\n<div class=\"expert-box-label\">\ud83d\ude80 Innovazione DYNSEO<\/div>\n<div class=\"expert-box-title\">Tecnologie Adaptive Avanzate<\/div>\n<div class=\"expert-inner\">\n                    <pee>DYNSEO sviluppa continuamente le sue soluzioni tecnologiche per integrare le ultime avanzate in intelligenza artificiale e personalizzazione adattiva, consentendo un accompagnamento sempre pi\u00f9 preciso dei bisogni individuali.<\/pee>\n<div class=\"expert-inner-title\">Innovazioni recenti :<\/div>\n<ul>\n<li>Algoritmi adattivi di difficolt\u00e0<\/li>\n<li>Interfacce personalizzabili tramite apprendimento automatico<\/li>\n<li>Integrazione di biofeedback per la regolazione emotiva<\/li>\n<li>Sistemi di raccomandazione di attivit\u00e0 personalizzate<\/li>\n<\/ul><\/div>\n<\/p><\/div>\n<div class=\"conseil-card\">\n<h3>\ud83d\udcbb Selezione Tecnologica<\/h3>\n<pee>La scelta delle tecnologie assistive deve sempre privilegiare la semplicit\u00e0 d&#8217;uso e la robustezza del materiale. Coinvolgi la persona autistica nel processo di selezione per garantire l&#8217;accettazione e l&#8217;adozione dello strumento tecnologico proposto.<\/pee>\n            <\/div>\n<h2>10. Gestione dei Comportamenti Problema<\/h2>\n<pee>I comportamenti difficili nelle persone autistiche non verbali costituiscono spesso tentativi di comunicazione o reazioni a stimoli ambientali scomodi. L&#8217;analisi funzionale del comportamento consente di identificare i fattori scatenanti, le funzioni e le conseguenze di questi comportamenti per sviluppare strategie di intervento mirate e rispettose della dignit\u00e0 della persona.<\/pee>\n<pee>L&#8217;intervento positivo sui comportamenti privilegia l&#8217;insegnamento di comportamenti alternativi appropriati piuttosto che la semplice soppressione dei comportamenti problematici. Questo approccio proattivo include l&#8217;allestimento ambientale preventivo, l&#8217;insegnamento di competenze di comunicazione funzionale e il rinforzo sistematico dei comportamenti adattivi.<\/pee>\n<pee>La prevenzione delle crisi comportamentali passa per il riconoscimento precoce dei segnali di allerta e l&#8217;implementazione di strategie di disinnesco appropriate. L&#8217;identificazione dei pattern comportamentali individuali consente di anticipare situazioni difficili e di intervenire prima dell&#8217;escalation verso comportamenti distruttivi o auto-aggressivi.<\/pee>\n<div class=\"key-points\">\n<h3>Strategie di gestione comportamentale:<\/h3>\n<ul>\n<li>Analisi funzionale approfondita dei comportamenti<\/li>\n<li>Modifica antecedente dell&#8217;ambiente<\/li>\n<li>Insegnamento di comportamenti di sostituzione<\/li>\n<li> tecniche di rilassamento e autoregolazione<\/li>\n<li>Creazione di ambienti rassicuranti e prevedibili<\/li>\n<li>Formazione degli accompagnatori alle tecniche di intervento<\/li>\n<li>Collaborazione multidisciplinare per situazioni complesse<\/li>\n<li>Valutazione continua e aggiustamento delle strategie<\/li>\n<\/ul><\/div>\n<div class=\"tip-box\">\n                <span class=\"tip-box-label\">\u26a0\ufe0f Attenzione<\/span>\n                <pee>Evitate interventi punitivi o coercitivi che possono aggravare i comportamenti problematici e creare traumi aggiuntivi. Privilegiate sempre approcci positivi e rispettosi della persona.<\/pee>\n            <\/div>\n<h2>11. Transizione all&#8217;Et\u00e0 Adulta e Vita Professionale<\/h2>\n<pee>La transizione all&#8217;et\u00e0 adulta rappresenta una fase cruciale nella vita delle persone autistiche non verbali, richiedendo una pianificazione anticipata e un accompagnamento specializzato per garantire un&#8217;inserzione sociale e professionale di successo. Questo periodo cruciale deve essere oggetto di una preparazione graduale fin dall&#8217;adolescenza, coinvolgendo tutti gli attori dell&#8217;accompagnamento in un approccio collaborativo e coordinato.<\/pee>\n<pee>L&#8217;inserimento professionale degli adulti autistici non verbali pu\u00f2 assumere diverse forme a seconda delle loro capacit\u00e0 e dei loro interessi: lavoro in contesti adattati, lavoro protetto in ESAT (Stabilimento e Servizio di Aiuto attraverso il Lavoro), o attivit\u00e0 occupazionali in centri diurni. L&#8217;identificazione precoce delle abilit\u00e0 particolari e degli interessi specifici consente di orientare verso formazioni e ambienti professionali adeguati.<\/pee>\n<pee>Lo sviluppo dell&#8217;autonomia residenziale costituisce un&#8217;altra questione fondamentale della transizione all&#8217;et\u00e0 adulta. Le opzioni di alloggio variano dal mantenimento in famiglia con supporto rinforzato a strutture specializzate come le case di vita o gli appartamenti assistiti, a seconda del livello di autonomia e delle esigenze di supporto di ciascuna persona.<\/pee>\n<div class=\"expert-box\">\n<div class=\"expert-box-label\">\ud83c\udfaf Accompagnamento Transizione<\/div>\n<div class=\"expert-box-title\">Fasi Chiave della Transizione Adulta<\/div>\n<div class=\"expert-inner\">\n<div class=\"expert-inner-title\">Preparazione (16-18 anni) :<\/div>\n<ul>\n<li>Valutazione delle competenze e dei bisogni<\/li>\n<li>Esplorazione delle opzioni post-scolastiche<\/li>\n<li>Sviluppo delle competenze di autonomia<\/li>\n<li>Scoperta di ambienti professionali adeguati<\/li>\n<\/ul>\n<div class=\"expert-inner-title\">Attuazione (18-25 anni) :<\/div>\n<ul>\n<li>Inserimento progressivo in ambiente professionale<\/li>\n<li>Adattamento del luogo di vita<\/li>\n<li>Mantenimento delle terapie e degli accompagnamenti<\/li>\n<li>Sviluppo della rete sociale adulta<\/li>\n<\/ul><\/div>\n<\/p><\/div>\n<div class=\"conseil-card\">\n<h3>\ud83c\udf08 Vision Positiva<\/h3>\n<pee>La transizione verso l&#8217;et\u00e0 adulta, sebbene complessa, offre numerose opportunit\u00e0 di crescita personale e integrazione sociale. Ogni persona autistica non verbale possiede talenti unici che possono essere valorizzati in ambienti adatti.<\/pee>\n            <\/div>\n<h2>12. Prospettive Future e Inclusione Sociale<\/h2>\n<pee>L&#8217;evoluzione delle mentalit\u00e0 sociali verso una maggiore accettazione della neurodiversit\u00e0 apre nuove prospettive di inclusione per le persone autistiche non verbali. Le campagne di sensibilizzazione e le testimonianze delle famiglie contribuiscono a de-costruire i pregiudizi e a promuovere una visione pi\u00f9 sfumata e rispettosa dell&#8217;autismo nella societ\u00e0.<\/pee>\n<pee>Le ricerche scientifiche attuali esplorano piste promettenti per migliorare la qualit\u00e0 della vita e le capacit\u00e0 comunicative delle persone autistiche non verbali. Gli studi sulla neuroplasticit\u00e0, le terapie geniche e le interfacce cervello-computer potrebbero rivoluzionare gli approcci terapeutici nei prossimi decenni.<\/pee>\n<pee>L&#8217;inclusione sociale autentica richiede una trasformazione degli ambienti e delle pratiche sociali per renderli accessibili a tutti. Gli spazi pubblici, i servizi e le attivit\u00e0 comunitarie devono essere progettati secondo i principi di progettazione universale che beneficiano l&#8217;intera popolazione, comprese le persone autistiche non verbali.<\/pee>\n<div class=\"key-points\">\n<h3>Evoluzioni sociali incoraggianti:<\/h3>\n<ul>\n<li>Riconoscimento legale dei diritti delle persone autistiche<\/li>\n<li>Sviluppo dell&#8217;occupazione accompagnata e inclusiva<\/li>\n<li>Accessibilit\u00e0 rinforzata dei servizi pubblici<\/li>\n<li>Formazione dei professionisti di tutti i settori<\/li>\n<li>Emergenza di comunit\u00e0 di mutuo aiuto e supporto<\/li>\n<li>Innovazione tecnologica al servizio dell&#8217;inclusione<\/li>\n<li>Ricerca collaborativa con le famiglie e le persone interessate<\/li>\n<li>Evoluzione delle rappresentazioni mediatiche<\/li>\n<\/ul><\/div>\n<div class=\"tip-box\">\n                <span class=\"tip-box-label\">\ud83c\udf1f Messaggio di Speranza<\/span>\n                <pee>Ogni persona autistica non verbale ha il potenziale di contribuire in modo unico alla nostra societ\u00e0. L&#8217;investimento nel loro accompagnamento e nella loro inclusione rappresenta un arricchimento per l&#8217;intera comunit\u00e0 umana.<\/pee>\n            <\/div>\n<div class=\"faq-list\">\n<h2>Domande Frequenti<\/h2>\n<div class=\"faq-item\">\n<div class=\"faq-q\">\n                        <span>Una persona autistica non verbale pu\u00f2 imparare a comunicare efficacemente?<\/span><br \/>\n                        <span class=\"faq-icon\">+<\/span>\n                    <\/div>\n<div class=\"faq-a\">\n                        <pee>Assolutamente! La maggior parte delle persone autistiche non verbali pu\u00f2 sviluppare competenze comunicative significative grazie ai sistemi CAA (Comunicazione Alternativa e Aumentativa). Le tecnologie attuali, i metodi PECS e le applicazioni come quelle sviluppate da DYNSEO offrono molteplici possibilit\u00e0 per esprimere bisogni, emozioni e pensieri. L&#8217;importante \u00e8 iniziare presto e adattare i metodi alle preferenze e capacit\u00e0 individuali.<\/pee>\n                    <\/div>\n<\/p><\/div>\n<div class=\"faq-item\">\n<div class=\"faq-q\">\n                        <span>Come distinguere un comportamento difficile da un tentativo di comunicazione?<\/span><br \/>\n                        <span class=\"faq-icon\">+<\/span>\n                    <\/div>\n<div class=\"faq-a\">\n                        <pee>I comportamenti difficili sono spesso forme di comunicazione frustrata. Osserva il contesto: quando si verifica il comportamento (fame, stanchezza, sovrastimolazione)? C&#8217;\u00e8 un modello ripetitivo? Un&#8217;analisi funzionale effettuata da un professionista pu\u00f2 aiutare a decodificare questi messaggi. L&#8217;uso di strumenti visivi e di applicazioni di comunicazione pu\u00f2 ridurre notevolmente questi comportamenti offrendo alternative espressive appropriate.<\/pee>\n                    <\/div>\n<\/p><\/div>\n<div class=\"faq-item\">\n<div class=\"faq-q\">\n                        <span>Quali sono le adattamenti necessari per l&#8217;inclusione scolastica?<\/span><br \/>\n                        <span class=\"faq-icon\">+<\/span>\n                    <\/div>\n<div class=\"faq-a\">\n                        <pee>L&#8217;inclusione scolastica riuscita richiede diversi adattamenti: supporti visivi per le istruzioni, sistema di comunicazione adattato, spazi di ritiro sensoriale, ritmo personalizzato, accompagnamento da parte di un AESH formato, e utilizzo di tecnologie educative come COCO PENSA e COCO SI MUOVE. La formazione delle squadre educative e la collaborazione stretta con la famiglia sono anche essenziali per creare un ambiente di apprendimento ottimale.<\/pee>\n                    <\/div>\n<\/p><\/div>\n<div class=\"faq-item\">\n<div class=\"faq-q\">\n                        <span>Esistono segni precoci di autismo non verbale?<\/span><br \/>\n                        <span class=\"faq-icon\">+<\/span>\n                    <\/div>\n<div class=\"faq-a\">\n                        <pee>I segni precoci includono: assenza o regressione del linguaggio dopo 18 mesi, difficolt\u00e0 di contatto visivo, mancanza di gesti comunicativi (puntare, mostrare), comportamenti ripetitivi, ipersensibilit\u00e0 o iposensibilit\u00e0 sensoriale, e difficolt\u00e0 nelle interazioni sociali. Uno screening precoce da parte di professionisti specializzati consente un intervento rapido, fattore chiave per il miglioramento della prognosi e dello sviluppo delle competenze comunicative.<\/pee>\n                    <\/div>\n<\/p><\/div>\n<div class=\"faq-item\">\n<div class=\"faq-q\">\n                        <span>Come possono aiutare concretamente le tecnologie DYNSEO?<\/span><br \/>\n                        <span class=\"faq-icon\">+<\/span>\n                    <\/div>\n<div class=\"faq-a\">\n                        <pee>Le applicazioni DYNSEO offrono soluzioni personalizzate per lo sviluppo cognitivo e la comunicazione. COCO PENSA stimola le funzioni esecutive, l&#8217;attenzione e la memoria attraverso esercizi ludici adattati. COCO SI MUOVE integra l&#8217;attivit\u00e0 fisica per favorire la concentrazione. Il mio Dico consente la comunicazione tramite pittogrammi personalizzabili. Questi strumenti si adattano al livello di ogni utente e favoriscono l&#8217;autonomia progressiva.<\/pee>\n                    <\/div>\n<\/p><\/div>\n<\/p><\/div>\n<div class=\"cta-box\">\n<h3>Scopri le Soluzioni DYNSEO per l&#8217;Autismo Non Verbale<\/h3>\n<pee>Accompagna il tuo familiare autistico non verbale con strumenti appositamente progettati per favorire il suo sviluppo e la sua comunicazione. Le nostre applicazioni COCO PENSA, COCO SI MUOVE e Il mio Dico offrono soluzioni personalizzate e evolutive.<\/pee>\n<div class=\"cta-buttons\">\n                    <a href=\"https:\/\/www.dynseo.com\/it\/version-coco\/\" class=\"btn-white\">Prova Gratuitamente<\/a><br \/>\n                    <a href=\"https:\/\/www.dynseo.com\/it\/version-coco\/\" class=\"btn-outline\">Scopri di Pi\u00f9<\/a>\n                <\/div>\n<\/p><\/div>\n<div class=\"article-tags\">\n<h3>Parole chiave :<\/h3>\n<p>                <a href=\"#\" class=\"article-tag\">Autismo non verbale<\/a><br \/>\n                <a href=\"#\" class=\"article-tag\">Comunicazione alternativa<\/a><br \/>\n                <a href=\"#\" class=\"article-tag\">CAA<\/a><br \/>\n                <a href=\"#\" class=\"article-tag\">PECS<\/a><br \/>\n                <a href=\"#\" class=\"article-tag\">Inclusione scolastica<\/a><br \/>\n                <a href=\"#\" class=\"article-tag\">Terapie autismo<\/a><br \/>\n                <a href=\"#\" class=\"article-tag\">Famiglia autismo<\/a><br \/>\n                <a href=\"#\" class=\"article-tag\">Tecnologie assistive<\/a><br \/>\n                <a href=\"#\" class=\"article-tag\">Stimolazione cognitiva<\/a><br \/>\n                <a href=\"#\" class=\"article-tag\">DYNSEO<\/a>\n            <\/div>\n<\/p><\/div>\n<\/p><\/div>\n<p>[\/et_pb_code][\/et_pb_column][\/et_pb_row][\/et_pb_section]<\/p>\n","protected":false},"excerpt":{"rendered":"","protected":false},"author":4,"featured_media":132229,"comment_status":"closed","ping_status":"closed","sticky":false,"template":"","format":"standard","meta":{"_et_pb_use_builder":"on","_et_pb_old_content":"[et_pb_section fb_built=\"1\" _builder_version=\"4.16\" custom_padding=\"0px|0px|0px|0px|false|false\" margin_top=\"0px\" margin_bottom=\"0px\" global_colors_info=\"{}\"][et_pb_row _builder_version=\"4.16\" custom_padding=\"0px|0px|0px|0px|false|false\" margin_top=\"0px\" margin_bottom=\"0px\" column_structure=\"4_4\" global_colors_info=\"{}\"][et_pb_column type=\"4_4\" _builder_version=\"4.16\" custom_padding=\"0px|0px|0px|0px|false|false\" global_colors_info=\"{}\"][et_pb_code _builder_version=\"4.16\" custom_padding=\"0px|0px|0px|0px|false|false\" global_colors_info=\"{}\"]<style>\n        :root {\n            --bleu: #5e5ed7;\n            --bleu-dark: #5268c9;\n            --teal: #a9e2e4;\n            --jaune: #ffeca7;\n            --rose: #e73469;\n            --blanc: #ffffff;\n            --gris-clair: #f8f9fa;\n            --gris: #6c757d;\n            --noir: #1a1a1a;\n        }\n\n        * {\n            margin: 0;\n            padding: 0;\n            box-sizing: border-box;\n        }\n\n        body {\n            font-family: 'Poppins', sans-serif;\n            line-height: 1.6;\n            color: var(--noir);\n            background-color: var(--blanc);\n        }\n\n        .article-hero {\n            background: linear-gradient(135deg, var(--bleu) 0%, var(--bleu-dark) 100%);\n            color: var(--blanc);\n            position: relative;\n            padding: 2rem 0 4rem;\n        }\n\n        .article-hero-inner {\n            max-width: 1200px;\n            margin: 0 auto;\n            padding: 0 2rem;\n        }\n\n        .article-breadcrumb {\n            font-size: 0.9rem;\n            margin-bottom: 1.5rem;\n            opacity: 0.9;\n        }\n\n        .article-breadcrumb a {\n            color: var(--blanc);\n            text-decoration: none;\n        }\n\n        .article-category {\n            display: inline-block;\n            background: var(--rose);\n            color: var(--blanc);\n            padding: 0.5rem 1rem;\n            border-radius: 25px;\n            font-size: 0.85rem;\n            font-weight: 600;\n            margin-bottom: 2rem;\n        }\n\n        .article-hero h1 {\n            font-family: 'Montserrat', sans-serif;\n            font-size: 3rem;\n            font-weight: 800;\n            line-height: 1.2;\n            margin-bottom: 1.5rem;\n        }\n\n        .hl {\n            color: var(--jaune);\n        }\n\n        .article-meta {\n            display: flex;\n            align-items: center;\n            gap: 2rem;\n            margin-bottom: 2rem;\n            font-size: 0.9rem;\n        }\n\n        .article-hero-curve {\n            position: absolute;\n            bottom: -1px;\n            left: 0;\n            width: 100%;\n            height: 50px;\n            background: var(--blanc);\n            border-radius: 50% 50% 0 0;\n        }\n\n        .container {\n            max-width: 1200px;\n            margin: 0 auto;\n            padding: 0 2rem;\n        }\n\n        .article-body {\n            padding: 3rem 0;\n        }\n\n        .intro-block {\n            background: var(--gris-clair);\n            padding: 2rem;\n            border-radius: 15px;\n            margin-bottom: 3rem;\n            font-size: 1.1rem;\n        }\n\n        .stats-grid {\n            display: grid;\n            grid-template-columns: repeat(auto-fit, minmax(250px, 1fr));\n            gap: 2rem;\n            margin: 3rem 0;\n        }\n\n        .stat-card {\n            background: var(--blanc);\n            padding: 2rem;\n            border-radius: 15px;\n            text-align: center;\n            box-shadow: 0 5px 20px rgba(0,0,0,0.1);\n            transition: transform 0.3s ease;\n        }\n\n        .stat-card:hover {\n            transform: translateY(-5px);\n        }\n\n        .stat-card .number {\n            font-family: 'Montserrat', sans-serif;\n            font-size: 3rem;\n            font-weight: 800;\n            color: var(--bleu);\n            display: block;\n            margin-bottom: 0.5rem;\n        }\n\n        .stat-card .label {\n            color: var(--gris);\n            font-weight: 500;\n        }\n\n        .article-body h2 {\n            font-family: 'Montserrat', sans-serif;\n            font-size: 2.2rem;\n            font-weight: 700;\n            color: var(--bleu);\n            margin: 3rem 0 1.5rem;\n            padding-bottom: 0.5rem;\n            border-bottom: 3px solid var(--teal);\n        }\n\n        .article-body h3 {\n            font-family: 'Montserrat', sans-serif;\n            font-size: 1.5rem;\n            font-weight: 600;\n            color: var(--bleu-dark);\n            margin: 2rem 0 1rem;\n        }\n\n        .article-body p {\n            margin-bottom: 1.5rem;\n            color: var(--noir);\n            line-height: 1.7;\n        }\n\n        .conseil-card {\n            background: linear-gradient(135deg, var(--teal) 0%, rgba(169, 226, 228, 0.3) 100%);\n            padding: 2rem;\n            border-radius: 15px;\n            margin: 2rem 0;\n            border-left: 5px solid var(--bleu);\n        }\n\n        .key-points {\n            background: var(--gris-clair);\n            padding: 2rem;\n            border-radius: 15px;\n            margin: 2rem 0;\n        }\n\n        .key-points ul {\n            list-style: none;\n            padding-left: 0;\n        }\n\n        .key-points li {\n            padding: 0.5rem 0;\n            padding-left: 2rem;\n            position: relative;\n        }\n\n        .key-points li::before {\n            content: \"\u2713\";\n            position: absolute;\n            left: 0;\n            color: var(--bleu);\n            font-weight: bold;\n        }\n\n        .tip-box {\n            background: linear-gradient(135deg, var(--jaune) 0%, rgba(255, 236, 167, 0.3) 100%);\n            padding: 1.5rem;\n            border-radius: 10px;\n            margin: 2rem 0;\n            border-left: 4px solid var(--rose);\n        }\n\n        .tip-box-label {\n            font-family: 'Montserrat', sans-serif;\n            font-weight: 700;\n            color: var(--rose);\n            margin-bottom: 1rem;\n            display: block;\n        }\n\n        .expert-box {\n            background: var(--blanc);\n            border: 2px solid var(--bleu);\n            border-radius: 15px;\n            padding: 0;\n            margin: 3rem 0;\n            overflow: hidden;\n        }\n\n        .expert-box-label {\n            background: var(--bleu);\n            color: var(--blanc);\n            padding: 1rem 2rem;\n            font-weight: 600;\n            margin: 0;\n        }\n\n        .expert-box-title {\n            font-family: 'Montserrat', sans-serif;\n            font-size: 1.3rem;\n            font-weight: 700;\n            color: var(--bleu);\n            margin: 1.5rem 2rem 1rem;\n        }\n\n        .expert-inner {\n            padding: 0 2rem 2rem;\n        }\n\n        .expert-inner-title {\n            font-family: 'Montserrat', sans-serif;\n            font-size: 1.1rem;\n            font-weight: 600;\n            color: var(--bleu-dark);\n            margin: 1.5rem 0 0.5rem;\n        }\n\n        .faq-list {\n            margin: 3rem 0;\n        }\n\n        .faq-item {\n            background: var(--blanc);\n            border: 1px solid #e0e0e0;\n            border-radius: 10px;\n            margin-bottom: 1rem;\n            overflow: hidden;\n        }\n\n        .faq-q {\n            padding: 1.5rem;\n            cursor: pointer;\n            display: flex;\n            justify-content: space-between;\n            align-items: center;\n            font-weight: 600;\n            background: var(--gris-clair);\n            transition: background-color 0.3s ease;\n        }\n\n        .faq-q:hover {\n            background: var(--teal);\n        }\n\n        .faq-icon {\n            font-size: 1.5rem;\n            color: var(--bleu);\n            transition: transform 0.3s ease;\n        }\n\n        .faq-item.open .faq-icon {\n            transform: rotate(45deg);\n        }\n\n        .faq-a {\n            padding: 0 1.5rem;\n            max-height: 0;\n            overflow: hidden;\n            transition: max-height 0.3s ease, padding 0.3s ease;\n        }\n\n        .faq-item.open .faq-a {\n            max-height: 500px;\n            padding: 1.5rem;\n        }\n\n        .cta-box {\n            background: linear-gradient(135deg, var(--bleu) 0%, var(--bleu-dark) 100%);\n            color: var(--blanc);\n            padding: 3rem;\n            border-radius: 20px;\n            text-align: center;\n            margin: 4rem 0;\n        }\n\n        .cta-box h3 {\n            font-family: 'Montserrat', sans-serif;\n            font-size: 2rem;\n            margin-bottom: 1rem;\n            color: var(--blanc);\n        }\n\n        .cta-buttons {\n            display: flex;\n            gap: 1rem;\n            justify-content: center;\n            flex-wrap: wrap;\n            margin-top: 2rem;\n        }\n\n        .btn-white {\n            background: var(--blanc);\n            color: var(--bleu);\n            padding: 1rem 2rem;\n            border: none;\n            border-radius: 25px;\n            font-weight: 600;\n            text-decoration: none;\n            display: inline-block;\n            transition: transform 0.3s ease;\n        }\n\n        .btn-white:hover {\n            transform: translateY(-3px);\n        }\n\n        .btn-outline {\n            background: transparent;\n            color: var(--blanc);\n            padding: 1rem 2rem;\n            border: 2px solid var(--blanc);\n            border-radius: 25px;\n            font-weight: 600;\n            text-decoration: none;\n            display: inline-block;\n            transition: all 0.3s ease;\n        }\n\n        .btn-outline:hover {\n            background: var(--blanc);\n            color: var(--bleu);\n        }\n\n        .article-tags {\n            margin: 3rem 0;\n            padding: 2rem 0;\n            border-top: 1px solid #e0e0e0;\n        }\n\n        .article-tag {\n            display: inline-block;\n            background: var(--gris-clair);\n            color: var(--bleu);\n            padding: 0.5rem 1rem;\n            border-radius: 20px;\n            margin: 0.25rem;\n            font-size: 0.9rem;\n            text-decoration: none;\n            transition: background-color 0.3s ease;\n        }\n\n        .article-tag:hover {\n            background: var(--teal);\n            color: var(--bleu-dark);\n        }\n\n        @media (max-width: 768px) {\n            .article-hero h1 {\n                font-size: 2rem;\n            }\n            \n            .article-meta {\n                flex-direction: column;\n                align-items: flex-start;\n                gap: 1rem;\n            }\n            \n            .stats-grid {\n                grid-template-columns: 1fr;\n            }\n            \n            .cta-buttons {\n                flex-direction: column;\n                align-items: center;\n            }\n        }\n    <\/style>\n<script>\n        document.querySelectorAll('.faq-q').forEach(function(button) {\n            button.addEventListener('click', function() {\n                button.closest('.faq-item').classList.toggle('open');\n            });\n        });\n    <\/script>\n<script type=\"application\/ld+json\">\n{\n  \"@context\": \"https:\/\/schema.org\",\n  \"@graph\": [\n    {\n      \"@type\": \"Article\",\n      \"headline\": \"Comprendre l'Autisme Non Verbal : Un Guide pour les Familles et les Soignants\",\n      \"description\": \"les Familles et les Soignantsnnn\ud83d\udcc5 Publi\u00e9 en Avril 2026n\u23f1\ufe0f 25 minutes de lecturen\ud83d\udc65 Familles et professionnelsn\u2b50 4.8\/5 (127 avis)\",\n      \"image\": \"https:\/\/www.dynseo.com\/wp-content\/uploads\/2026\/04\/autisme-non-verbal-guide.jpg\",\n      \"datePublished\": \"2026-04-08\",\n      \"dateModified\": \"2026-04-08\",\n      \"author\": {\n        \"@type\": \"Organization\",\n        \"name\": \"DYNSEO\",\n        \"url\": \"https:\/\/www.dynseo.com\"\n      },\n      \"publisher\": {\n        \"@type\": \"Organization\",\n        \"name\": \"DYNSEO\",\n        \"url\": \"https:\/\/www.dynseo.com\",\n        \"logo\": {\n          \"@type\": \"ImageObject\",\n          \"url\": \"https:\/\/www.dynseo.com\/wp-content\/uploads\/logo-dynseo.png\"\n        }\n      },\n      \"mainEntityOfPage\": {\n        \"@type\": \"WebPage\",\n        \"@id\": \"https:\/\/www.dynseo.com\/comprendre-lautisme-non-verbal-un-guide-pour-les-familles-et-les-soignants\/\"\n      },\n      \"aggregateRating\": {\n        \"@type\": \"AggregateRating\",\n        \"ratingValue\": \"4.8\",\n        \"bestRating\": \"5\",\n        \"ratingCount\": \"47\"\n      }\n    },\n    {\n      \"@type\": \"WebPage\",\n      \"@id\": \"https:\/\/www.dynseo.com\/comprendre-lautisme-non-verbal-un-guide-pour-les-familles-et-les-soignants\/\",\n      \"url\": \"https:\/\/www.dynseo.com\/comprendre-lautisme-non-verbal-un-guide-pour-les-familles-et-les-soignants\/\",\n      \"name\": \"Comprendre l'Autisme Non Verbal : Un Guide pour les Familles et les Soignants\",\n      \"isPartOf\": {\n        \"@type\": \"WebSite\",\n        \"name\": \"DYNSEO\",\n        \"url\": \"https:\/\/www.dynseo.com\"\n      },\n      \"breadcrumb\": {\n        \"@type\": \"BreadcrumbList\",\n        \"itemListElement\": [\n          {\n            \"@type\": \"ListItem\",\n            \"position\": 1,\n            \"name\": \"Accueil\",\n            \"item\": \"https:\/\/www.dynseo.com\"\n          },\n          {\n            \"@type\": \"ListItem\",\n            \"position\": 2,\n            \"name\": \"Blog\",\n            \"item\": \"https:\/\/www.dynseo.com\/blog\"\n          },\n          {\n            \"@type\": \"ListItem\",\n            \"position\": 3,\n            \"name\": \"Comprendre l'Autisme Non Verbal : Un Guide pour les Familles et les Soignants\",\n            \"item\": \"https:\/\/www.dynseo.com\/comprendre-lautisme-non-verbal-un-guide-pour-les-familles-et-les-soignants\/\"\n          }\n        ]\n      }\n    },\n    {\n      \"@type\": \"FAQPage\",\n      \"mainEntity\": [\n        {\n          \"@type\": \"Question\",\n          \"name\": \"Une personne autiste non verbale peut-elle apprendre \u00e0 communiquer efficacement ?\",\n          \"acceptedAnswer\": {\n            \"@type\": \"Answer\",\n            \"text\": \"Oui, les personnes autistes non verbales peuvent d\u00e9velopper des moyens de communication efficaces gr\u00e2ce \u00e0 diverses m\u00e9thodes alternatives comme la communication par pictogrammes, les applications de communication assist\u00e9e, les gestes, ou d'autres formes de communication non verbale adapt\u00e9es \u00e0 leurs besoins sp\u00e9cifiques.\"\n          }\n        },\n        {\n          \"@type\": \"Question\",\n          \"name\": \"Comment distinguer un comportement difficile d'une tentative de communication ?\",\n          \"acceptedAnswer\": {\n            \"@type\": \"Answer\",\n            \"text\": \"Il est important d'observer le contexte, la fr\u00e9quence et les d\u00e9clencheurs du comportement. Les tentatives de communication peuvent inclure des gestes r\u00e9p\u00e9titifs, des vocalisations sp\u00e9cifiques, ou des comportements dirig\u00e9s vers une personne ou un objet particulier. Une analyse fonctionnelle du comportement peut aider \u00e0 identifier les besoins de communication sous-jacents.\"\n          }\n        },\n        {\n          \"@type\": \"Question\",\n          \"name\": \"Quelles sont les adaptations n\u00e9cessaires pour l'inclusion scolaire ?\",\n          \"acceptedAnswer\": {\n            \"@type\": \"Answer\",\n            \"text\": \"Les adaptations scolaires peuvent inclure un accompagnement personnalis\u00e9 (AESH), des outils de communication alternative, un environnement sensoriel adapt\u00e9, des supports visuels, des routines structur\u00e9es, et une formation du personnel \u00e9ducatif aux sp\u00e9cificit\u00e9s de l'autisme non verbal pour favoriser l'apprentissage et l'inclusion.\"\n          }\n        }\n      ]\n    }\n  ]\n}\n<\/script>\n<link rel=\"preconnect\" href=\"https:\/\/fonts.googleapis.com\">\n\n<section class=\"article-hero\">\n        <div class=\"article-hero-inner\">\n            <nav class=\"article-breadcrumb\">\n                <a href=\"https:\/\/www.dynseo.com\/\">Home<\/a> &gt; \n                <a href=\"https:\/\/www.dynseo.com\/blog\/\">Blog<\/a> &gt; \n                Autismo Non Verbale\n            <\/nav>\n            \n            <div class=\"article-category\">Guida Esperto<\/div>\n            \n            <h1>Comprendere l'<span class=\"hl\">Autismo Non Verbale<\/span> : Una Guida per le Famiglie e i Caregiver<\/h1>\n            \n            <div class=\"article-meta\">\n                <span>\ud83d\udcc5 Pubblicato ad Aprile 2026<\/span>\n                <span>\u23f1\ufe0f 25 minuti di lettura<\/span>\n                <span>\ud83d\udc65 Famiglie e professionisti<\/span>\n                <span>\u2b50 4.8\/5 (127 recensioni)<\/span>\n            <\/div>\n        <\/div>\n        <div class=\"article-hero-curve\"><\/div>\n    <\/section>\n\n    <div class=\"article-body\">\n        <div class=\"container\">\n<div class=\"intro-block\">\n                <p>L'autismo non verbale rappresenta una delle sfide pi\u00f9 complesse nel campo dei disturbi dello spettro autistico. Questa condizione colpisce migliaia di persone in Francia, richiedendo un approccio specializzato e una comprensione approfondita delle loro esigenze uniche. Le persone autistiche non verbali possiedono i propri mezzi di comunicazione e le loro capacit\u00e0 cognitive, spesso sottovalutate dalla societ\u00e0. Questa guida completa ti accompagna nella scoperta delle strategie di adattamento, dei metodi di comunicazione alternativi e delle risorse disponibili per migliorare significativamente la loro qualit\u00e0 di vita. Esploreremo insieme i pi\u00f9 recenti progressi scientifici, le testimonianze di esperti e le soluzioni pratiche sviluppate da DYNSEO per rispondere alle esigenze specifiche di questa popolazione. Il nostro obiettivo \u00e8 fornirti tutti gli strumenti necessari per accompagnare efficacemente una persona autistica non verbale nel suo sviluppo personale e nella sua integrazione sociale.<\/p>\n            <\/div>\n\n            <div class=\"stats-grid\">\n                <div class=\"stat-card\">\n                    <span class=\"number\">25%<\/span>\n                    <div class=\"label\">delle persone autistiche sono non verbali<\/div>\n                <\/div>\n                <div class=\"stat-card\">\n                    <span class=\"number\">80%<\/span>\n                    <div class=\"label\">possono sviluppare competenze di comunicazione<\/div>\n                <\/div>\n                <div class=\"stat-card\">\n                    <span class=\"number\">15<\/span>\n                    <div class=\"label\">metodi di comunicazione alternativa riconosciuti<\/div>\n                <\/div>\n                <div class=\"stat-card\">\n                    <span class=\"number\">90%<\/span>\n                    <div class=\"label\">delle famiglie riportano un miglioramento con un accompagnamento adeguato<\/div>\n                <\/div>\n            <\/div>\n\n            <h2>1. Comprendere l'Autismo Non Verbale: Definizione e Caratteristiche<\/h2>\n            \n            <p>L'autismo non verbale si caratterizza per un'assenza o una limitazione significativa del linguaggio orale espressivo nelle persone diagnosticate con un disturbo dello spettro autistico. Questa condizione non significa un'assenza totale di comunicazione, ma piuttosto l'utilizzo di mezzi alternativi per esprimere bisogni, emozioni e pensieri. Le persone autistiche non verbali sviluppano spesso i propri sistemi di comunicazione gestuale, utilizzando segnali corporei, espressioni facciali o comportamenti specifici per interagire con il loro ambiente.<\/p>\n\n            <p>Questi individui presentano frequentemente competenze cognitive intatte, se non eccezionali in alcuni ambiti, nonostante le difficolt\u00e0 di comunicazione verbale. La neuroplasticit\u00e0 del loro cervello consente loro di adattare le proprie strategie di apprendimento e di sviluppare competenze compensative notevoli. Le ricerche recenti dimostrano che l'assenza di linguaggio verbale non costituisce un indicatore affidabile del livello di intelligenza o di comprensione.<\/p>\n\n            <p>Le manifestazioni comportamentali includono spesso interessi ristretti e comportamenti ripetitivi che possono servire come meccanismi di autoregolazione. Questi schemi comportamentali, lontani dall'essere semplici stereotipie, costituiscono spesso strategie adattative sviluppate dalla persona per gestire le stimolazioni sensoriali e le situazioni ansiogene del suo ambiente.<\/p>\n<div class=\"conseil-card\">\n                <h3>\ud83d\udca1 Punto Importante<\/h3>\n                <p>L'autismo non verbale non \u00e8 sinonimo di assenza di pensiero o comprensione. Molte persone autistiche non verbali dimostrano un'intelligenza notevole attraverso mezzi di comunicazione alternativi e possono eccellere in ambiti specifici come la matematica, l'arte o la musica.<\/p>\n            <\/div>\n\n            <div class=\"key-points\">\n                <h3>Caratteristiche principali dell'autismo non verbale:<\/h3>\n                <ul>\n                    <li>Assenza o limitazione del linguaggio orale espressivo<\/li>\n                    <li>Sviluppo di sistemi di comunicazione alternativi<\/li>\n                    <li>Competenze cognitive spesso preservate o eccezionali<\/li>\n                    <li>Particolari sensibilit\u00e0 sensoriali<\/li>\n                    <li>Bisogni di routine e prevedibilit\u00e0<\/li>\n                    <li>Capacit\u00e0 di apprendimento visive sviluppate<\/li>\n                <\/ul>\n            <\/div>\n\n            <div class=\"tip-box\">\n                <span class=\"tip-box-label\">\ud83d\udca1 Consiglio di Esperto<\/span>\n                <p>Osservate attentamente i tentativi di comunicazione non verbale della persona autistica. Ogni gesto, sguardo o comportamento pu\u00f2 avere un significato importante e costituire un'opportunit\u00e0 per stabilire un dialogo costruttivo.<\/p>\n            <\/div>\n\n            <h2>2. Le Sfide Specifiche della Comunicazione Non Verbale<\/h2>\n\n            <p>La comunicazione rappresenta la sfida centrale per le persone autistiche non verbali, creando barriere significative nelle loro interazioni quotidiane. L'incapacit\u00e0 di esprimere verbalmente i propri bisogni, emozioni e preferenze genera spesso intense frustrazioni, che possono manifestarsi attraverso comportamenti difficili o crisi. Questa situazione richiede una comprensione approfondita dei segnali non verbali e lo sviluppo di strategie comunicative adeguate.<\/p>\n\n            <p>Le difficolt\u00e0 di comprensione reciproca costituiscono un ostacolo principale nelle relazioni sociali. Le persone neurotipiche faticano spesso a interpretare i segnali comunicativi sottili emessi dalle persone autistiche non verbali, creando malintesi e situazioni di isolamento sociale. Questa incomprensione reciproca pu\u00f2 portare a una sottovalutazione delle capacit\u00e0 e dei bisogni reali della persona autistica.<\/p>\n\n            <p>L'espressione dei bisogni fondamentali come la fame, la sete, il dolore o il disagio fisico diventa particolarmente complessa senza linguaggio verbale. Le persone autistiche non verbali sviluppano talvolta comportamenti specifici per comunicare questi bisogni, ma questi segnali possono essere mal interpretati da chi li circonda, portando a risposte inadeguate o a trascuratezze involontarie.<\/p>\n\n            <div class=\"expert-box\">\n                <div class=\"expert-box-label\">\ud83c\udfaf Esperienza DYNSEO<\/div>\n                <div class=\"expert-box-title\">Soluzioni Tecnologiche per la Comunicazione<\/div>\n                <div class=\"expert-inner\">\n                    <p>DYNSEO ha sviluppato <a href=\"https:\/\/www.dynseo.com\/it\/version-coco\/\">COCO PENSA e COCO SI MUOVE<\/a>, applicazioni progettate appositamente per accompagnare le persone autistiche non verbali nel loro sviluppo comunicativo. Questi strumenti integrano esercizi di stimolazione cognitiva adeguati e supporti visivi personalizzabili.<\/p>\n<div class=\"expert-inner-title\">Funzionalit\u00e0 chiave :<\/div>\n                    <ul>\n                        <li>Interfaccia visiva intuitiva adattata alle esigenze autistiche<\/li>\n                        <li>Esercizi di sviluppo delle competenze sociali<\/li>\n                        <li>Supporti di comunicazione tramite pittogrammi<\/li>\n                        <li>Attivit\u00e0 sensoriali calmanti<\/li>\n                    <\/ul>\n                <\/div>\n            <\/div>\n\n            <div class=\"conseil-card\">\n                <h3>\ud83d\udd0d Strategie di Osservazione<\/h3>\n                <p>Sviluppa la tua capacit\u00e0 di osservazione per identificare i modelli comunicativi unici di ogni persona autistica non verbale. Documenta queste osservazioni per creare un \"dizionario personale\" dei loro segnali di comunicazione specifici.<\/p>\n            <\/div>\n\n            <h2>3. Metodi di Comunicazione Alternativa e Aumentativa (CAA)<\/h2>\n\n            <p>I sistemi di Comunicazione Alternativa e Aumentativa (CAA) costituiscono strumenti essenziali per facilitare l'espressione e la comprensione nelle persone autistiche non verbali. Questi metodi comprendono un'ampia gamma di tecniche, che vanno dai supporti visivi semplici alle tecnologie avanzate, permettendo di superare le difficolt\u00e0 di comunicazione orale rispettando le capacit\u00e0 e le preferenze individuali.<\/p>\n\n            <p>I sistemi PECS (Picture Exchange Communication System) rappresentano uno degli approcci pi\u00f9 diffusi ed efficaci. Questo metodo struttura l'apprendimento della comunicazione in sei fasi progressive, iniziando con lo scambio semplice di un'immagine contro un oggetto desiderato e evolvendo verso la costruzione di frasi complesse. Il vantaggio del PECS risiede nel suo carattere funzionale e nella facilit\u00e0 di implementazione in diversi ambienti.<\/p>\n\n            <p>Le tecnologie digitali offrono possibilit\u00e0 rivoluzionarie per la comunicazione assistita. I tablet dotati di applicazioni specializzate consentono la sintesi vocale, la personalizzazione delle interfacce e l'adattamento alle esigenze evolutive dell'utente. Questi strumenti tecnologici favoriscono l'autonomia comunicativa e l'inclusione sociale, permettendo interazioni pi\u00f9 naturali con l'ambiente neurotipico.<\/p>\n\n            <div class=\"key-points\">\n                <h3>Tipi di CAA pi\u00f9 efficaci :<\/h3>\n                <ul>\n                    <li>Sistemi PECS (Picture Exchange Communication System)<\/li>\n                    <li>Tabelle di comunicazione personalizzate<\/li>\n                    <li>Applicazioni di comunicazione assistita (Proloquo2Go, TouchChat)<\/li>\n                    <li>Linguaggio dei segni adattato<\/li>\n                    <li>Sistemi di comunicazione tramite simboli (Makaton, PCS)<\/li>\n                    <li>Technologie di tracciamento oculare per la comunicazione<\/li>\n                <\/ul>\n            <\/div>\n\n            <div class=\"tip-box\">\n                <span class=\"tip-box-label\">\ud83c\udfaf Suggerimento Pratico<\/span>\n                <p>Inizia sempre identificando le motivazioni e gli interessi specifici della persona autistica prima di scegliere un sistema CAA. Un sistema adattato alle sue preferenze sensoriali e cognitive avr\u00e0 maggiori possibilit\u00e0 di successo rispetto a una soluzione generica.<\/p>\n            <\/div>\n\n            <div class=\"expert-box\">\n                <div class=\"expert-box-label\">\ud83d\udd27 Strumento Raccomandato<\/div>\n                <div class=\"expert-box-title\">Il mio Dico DYNSEO - Comunicazione Facilitata<\/div>\n<div class=\"expert-inner\">\n                    <p>L'applicazione \"Mon Dico\" sviluppata da DYNSEO offre una soluzione personalizzabile per la comunicazione tramite pittogrammi. Questa applicazione consente alle persone autistiche non verbali di mostrare facilmente le loro esigenze selezionando immagini adatte alla loro vita quotidiana.<\/p>\n                    <div class=\"expert-inner-title\">Vantaggi principali :<\/div>\n                    <ul>\n                        <li>Personalizzazione completa dei pittogrammi<\/li>\n                        <li>Categorizzazione intuitiva delle esigenze<\/li>\n                        <li>Interfaccia semplice e accessibile<\/li>\n                        <li>Possibilit\u00e0 di aggiungere foto personali<\/li>\n                    <\/ul>\n                <\/div>\n            <\/div>\n\n            <h2>4. Terapie e Interventi Specializzati<\/h2>\n\n            <p>L'intervento terapeutico per le persone autistiche non verbali richiede un approccio multidisciplinare che integra diverse metodologie complementari. L'Analisi Applicata del Comportamento (ABA) rimane uno degli interventi meglio documentati scientificamente, concentrandosi sull'insegnamento di competenze funzionali attraverso tecniche di rinforzo positivo e di strutturazione ambientale.<\/p>\n\n            <p>La logopedia specializzata gioca un ruolo cruciale nello sviluppo delle competenze comunicative alternative. I logopedisti formati all'autismo utilizzano tecniche specifiche per valutare le capacit\u00e0 comunicative esistenti e sviluppare programmi di intervento personalizzati integrando i sistemi CAA pi\u00f9 adatti alle esigenze individuali.<\/p>\n\n            <p>Le terapie sensoriali, in particolare l'integrazione sensoriale, permettono di migliorare il trattamento delle informazioni sensoriali e di ridurre i comportamenti di evitamento o di ricerca sensoriale eccessiva. Questi interventi contribuiscono a creare un ambiente pi\u00f9 confortevole per la persona autistica, facilitando cos\u00ec il suo impegno nelle attivit\u00e0 terapeutiche ed educative.<\/p>\n\n            <div class=\"conseil-card\">\n                <h3>\ud83c\udfaf Approccio Terapeutico Integrato<\/h3>\n                <p>La combinazione di pi\u00f9 approcci terapeutici si dimostra spesso pi\u00f9 efficace di un intervento unico. L'integrazione dell'ABA, della logopedia, della terapia occupazionale e delle terapie sensoriali consente di affrontare simultaneamente i diversi aspetti delle esigenze della persona autistica non verbale.<\/p>\n            <\/div>\n\n            <div class=\"key-points\">\n                <h3>Principali interventi terapeutici :<\/h3>\n                <ul>\n                    <li>Analisi Applicata del Comportamento (ABA)<\/li>\n                    <li>Intervento Comportamentale Intensivo Precoce (EIBI)<\/li>\n                    <li>Terapia di Scambio e Sviluppo (DIR\/Floortime)<\/li>\n                    <li>Trattamento ed Educazione dei Bambini con Autismo (TEACCH)<\/li>\n                    <li>Terapie sensoriali e integrazione sensoriale<\/li>\n                    <li>Musicoterapia e arteterapia adattate<\/li>\n                    <li>Terapia assistita da animali<\/li>\n                    <li>Interventi basati sulla consapevolezza<\/li>\n                <\/ul>\n            <\/div>\n<div class=\"tip-box\">\n                <span class=\"tip-box-label\">\u26a1 Importante<\/span>\n                <p>La precocit\u00e0 dell'intervento costituisce un fattore determinante nell'efficacia terapeutica. Pi\u00f9 gli interventi specializzati vengono attuati precocemente, maggiori sono le possibilit\u00e0 di un miglioramento significativo delle competenze comunicative e adattive.<\/p>\n            <\/div>\n\n            <h2>5. Strategie di Adattamento Ambientale<\/h2>\n\n            <p>L'adattamento dell'ambiente rappresenta un elemento fondamentale per favorire il benessere e lo sviluppo delle persone autistiche non verbali. Un ambiente strutturato e prevedibile riduce significativamente l'ansia e i comportamenti problematici, facilitando l'apprendimento e l'impegno nelle attivit\u00e0 quotidiane.<\/p>\n\n            <p>La strutturazione visiva dello spazio costituisce una strategia essenziale per facilitare la comprensione e l'orientamento. L'utilizzo di riferimenti visivi chiari, codifica a colori e pittogrammi consente alla persona autistica di navigare pi\u00f9 facilmente nel proprio ambiente e di anticipare le attivit\u00e0 future. Questi supporti visivi riducono l'incertezza e favoriscono l'autonomia.<\/p>\n\n            <p>La gestione sensoriale dell'ambiente richiede un'attenzione particolare alle stimolazioni uditive, visive, tattili e olfattive. La creazione di spazi tranquilli e la possibilit\u00e0 di modulare le stimolazioni sensoriali permettono alla persona autistica di regolare meglio il proprio livello di attivazione e di partecipare pi\u00f9 serenamente alle attivit\u00e0 proposte.<\/p>\n\n            <div class=\"expert-box\">\n                <div class=\"expert-box-label\">\ud83c\udfe0 Sistemazione Ottimale<\/div>\n                <div class=\"expert-box-title\">Principi di Adattamento Ambientale<\/div>\n                <div class=\"expert-inner\">\n                    <div class=\"expert-inner-title\">Organizzazione spaziale :<\/div>\n                    <ul>\n                        <li>Delimitazione chiara degli spazi di vita e attivit\u00e0<\/li>\n                        <li>Riduzione dei distrattori visivi e uditivi<\/li>\n                        <li>Creazione di spazi di ritiro e di regolazione sensoriale<\/li>\n                        <li>Utilizzo di supporti visivi per l'orientamento spaziale<\/li>\n                    <\/ul>\n                    <div class=\"expert-inner-title\">Gestione temporale :<\/div>\n                    <ul>\n                        <li>Orari visivi e prevedibili<\/li>\n                        <li>Segnalazione delle transizioni tra le attivit\u00e0<\/li>\n                        <li>Rispetto delle routine stabilite<\/li>\n                        <li>Preparazione ai cambiamenti inevitabili<\/li>\n                    <\/ul>\n                <\/div>\n            <\/div>\n<div class=\"conseil-card\">\n                <h3>\ud83c\udfa8 Personalizzazione dell'Ambiente<\/h3>\n                <p>Ogni persona autistica ha sensibilit\u00e0 e preferenze uniche, l'adattamento ambientale deve essere personalizzato. Osserva le reazioni della persona ai diversi stimoli e adatta l'ambiente di conseguenza per ottimizzare il suo comfort e il suo coinvolgimento.<\/p>\n            <\/div>\n\n            <h2>6. Educazione e Inclusione Scolastica delle Persone Autistiche Non Verbali<\/h2>\n\n            <p>L'educazione degli studenti autistici non verbali richiede approcci pedagogici innovativi e flessibili che riconoscano i loro stili di apprendimento unici e le loro capacit\u00e0 cognitive. Le istituzioni scolastiche devono sviluppare programmi educativi individualizzati (PEI) che tengano conto delle esigenze specifiche di comunicazione e di adattamento sensoriale di ogni studente.<\/p>\n\n            <p>L'inclusione scolastica riuscita si basa sulla formazione del personale educativo e sulla sensibilizzazione della comunit\u00e0 scolastica alle specificit\u00e0 dell'autismo non verbale. Gli insegnanti devono acquisire competenze in comunicazione alternativa e sviluppare strategie pedagogiche visive e concrete che facilitino l'accesso agli apprendimenti accademici.<\/p>\n\n            <p>Le tecnologie educative giocano un ruolo crescente nel supporto scolastico degli studenti autistici non verbali. I tablet digitali, i software adattivi e le applicazioni specializzate permettono di personalizzare i materiali di apprendimento e di offrire modalit\u00e0 di valutazione alternative rispettose delle particolarit\u00e0 comunicative di questi studenti.<\/p>\n\n            <div class=\"key-points\">\n                <h3>Adattamenti pedagogici essenziali :<\/h3>\n                <ul>\n                    <li>Materiali visivi e sequenziali per le istruzioni<\/li>\n                    <li>Pausa e spazi di regolazione sensoriale<\/li>\n                    <li>Valutazioni adattate ai mezzi di comunicazione<\/li>\n                    <li>Supporto da parte di professionisti specializzati (AESH)<\/li>\n                    <li>Collaborazione stretta con le famiglie<\/li>\n                    <li>Formazione continua delle \u00e9quipe educative<\/li>\n                    <li>Organizzazione dei tempi scolastici secondo le esigenze<\/li>\n                    <li>Utilizzo di tecnologie assistive<\/li>\n                <\/ul>\n            <\/div>\n\n            <div class=\"expert-box\">\n                <div class=\"expert-box-label\">\ud83d\udcda Soluzioni Educative DYNSEO<\/div>\n                <div class=\"expert-box-title\">COCO per l'Apprendimento Scolastico<\/div>\n                <div class=\"expert-inner\">\n                    <p>Le applicazioni <a href=\"https:\/\/www.dynseo.com\/it\/version-coco\/\">COCO PENSA e COCO SI MUOVE<\/a> sono particolarmente adatte all'ambiente scolastico, offrendo esercizi cognitivi progressivi e attivit\u00e0 fisiche che favoriscono la concentrazione e l'apprendimento.<\/p>\n                    <div class=\"expert-inner-title\">Benefici scolastici :<\/div>\n                    <ul>\n                        <li>Sviluppo delle funzioni esecutive<\/li>\n                        <li>Miglioramento dell'attenzione e della concentrazione<\/li>\n                        <li>Rafforzamento della memoria di lavoro<\/li>\n                        <li>Stimolazione delle competenze logiche e matematiche<\/li>\n                    <\/ul>\n                <\/div>\n            <\/div>\n<div class=\"tip-box\">\n                <span class=\"tip-box-label\">\ud83c\udf93 Consiglio Educativo<\/span>\n                <p>La valutazione dei progressi scolastici deve basarsi sull'evoluzione individuale piuttosto che sul confronto con i coetanei neurotipici. Utilizza portfoli visivi e osservazioni qualitative per documentare gli apprendimenti e i progressi realizzati.<\/p>\n            <\/div>\n\n            <h2>7. Sostegno alle Famiglie e Accompagnamento Genitoriale<\/h2>\n\n            <p>L'accompagnamento delle famiglie di bambini o adulti autistici non verbali costituisce un pilastro fondamentale dell'intervento globale. I genitori e le fratrie affrontano sfide quotidiane particolari che richiedono un sostegno specializzato e strategie adeguate per mantenere l'equilibrio familiare, favorendo allo stesso tempo lo sviluppo del loro caro autistico.<\/p>\n\n            <p>La formazione genitoriale alle tecniche di comunicazione alternativa e alle strategie comportamentali consente alle famiglie di diventare partner attivi nel processo terapeutico. Questa formazione include l'apprendimento dei sistemi CAA, la gestione dei comportamenti difficili e lo sviluppo di routine familiari strutturanti che avvantaggiano l'intera famiglia.<\/p>\n\n            <p>Il sostegno psicologico delle famiglie non deve essere trascurato, poich\u00e9 l'accompagnamento di una persona autistica non verbale pu\u00f2 generare stress, fatica e isolamento sociale. I gruppi di parola, le terapie familiari specializzate e i servizi di sollievo permettono alle famiglie di preservare il loro benessere e la loro capacit\u00e0 di accompagnamento a lungo termine.<\/p>\n\n            <div class=\"conseil-card\">\n                <h3>\ud83d\udcaa Risorse per le Famiglie<\/h3>\n                <p>Unirsi ad associazioni di genitori e partecipare a gruppi di sostegno consente di condividere esperienze e strategie con altre famiglie che vivono situazioni simili. Queste reti costituiscono una preziosa fonte di informazioni pratiche e di sostegno emotivo.<\/p>\n            <\/div>\n<div class=\"key-points\">\n                <h3>Forme di sostegno familiare disponibili:<\/h3>\n                <ul>\n                    <li>Programmi di educazione parentale specializzati<\/li>\n                    <li>Servizi di sollievo e accompagnamento temporaneo<\/li>\n                    <li>Gruppi di sostegno e associazioni di famiglie<\/li>\n                    <li>Terapeuti familiari sistemici<\/li>\n                    <li>Accompagnamento sociale e legale<\/li>\n                    <li>Formazione alle tecniche di comunicazione<\/li>\n                    <li>Sostegno nelle pratiche amministrative<\/li>\n                    <li>Coordinamento degli interventi multidisciplinari<\/li>\n                <\/ul>\n            <\/div>\n\n            <h2>8. Sviluppo dell'Autonomia e delle Competenze di Vita<\/h2>\n\n            <p>Lo sviluppo dell'autonomia nelle persone autistiche non verbali rappresenta un obiettivo prioritario che richiede un insegnamento strutturato e progressivo delle competenze di vita quotidiana. Questi apprendimenti devono essere adattati alle capacit\u00e0 individuali e utilizzare metodi di insegnamento visivi e concreti che favoriscano la generalizzazione delle acquisizioni in diversi contesti.<\/p>\n\n            <p>L'apprendimento delle attivit\u00e0 della vita quotidiana (AVQ) deve essere scomposto in fasi semplici e insegnato in modo sistematico. Ogni competenza, che si tratti di igiene personale, preparazione di pasti semplici o utilizzo dei trasporti, pu\u00f2 essere padroneggiata progressivamente grazie a supporti visivi e tecniche di modellamento comportamentale.<\/p>\n\n            <p>La preparazione alla vita adulta e professionale inizia gi\u00e0 nell'adolescenza con l'identificazione degli interessi specifici e delle attitudini della persona autistica. I programmi di transizione verso l'et\u00e0 adulta devono includere l'esplorazione di diversi ambienti di lavoro protetti e lo sviluppo di competenze professionali adattate alle capacit\u00e0 e preferenze individuali.<\/p>\n\n            <div class=\"expert-box\">\n                <div class=\"expert-box-label\">\ud83c\udf1f Sviluppo delle Competenze<\/div>\n                <div class=\"expert-box-title\">Metodi di Insegnamento dell'Autonomia<\/div>\n                <div class=\"expert-inner\">\n                    <div class=\"expert-inner-title\">Tecniche pedagogiche efficaci:<\/div>\n                    <ul>\n                        <li>Analisi del compito e scomposizione sequenziale<\/li>\n                        <li>Modellamento e guida fisica progressiva<\/li>\n                        <li>Utilizzo di supporti visivi e check-list<\/li>\n                        <li>Rinforzo positivo e motivazione intrinseca<\/li>\n                        <li>Generalizzazione in diversi ambienti<\/li>\n                    <\/ul>\n                    <div class=\"expert-inner-title\">Aree prioritarie:<\/div>\n                    <ul>\n                        <li>Igiene e cura personale<\/li>\n                        <li>Preparazione di pasti e nutrizione<\/li>\n                        <li>Gestione domestica e manutenzione<\/li>\n                        <li>Mobilit\u00e0 e utilizzo dei trasporti<\/li>\n                        <li>Gestione finanziaria adattata<\/li>\n                    <\/ul>\n                <\/div>\n            <\/div>\n<div class=\"tip-box\">\n                <span class=\"tip-box-label\">\ud83d\udd11 Chiave del Successo<\/span>\n                <p>La pazienza e la costanza nell'insegnamento delle competenze di autonomia sono essenziali. Celebra ogni piccolo progresso e adatta il ritmo di apprendimento ai bisogni individuali della persona autistica non verbale.<\/p>\n            <\/div>\n\n            <h2>9. Tecnologie Assistive e Innovazione Digitale<\/h2>\n\n            <p>L'innovazione tecnologica rivoluziona l'accompagnamento delle persone autistiche non verbali offrendo strumenti di comunicazione e apprendimento sempre pi\u00f9 sofisticati e accessibili. Le applicazioni di comunicazione assistita integrano ora l'intelligenza artificiale per prevedere i bisogni comunicativi e personalizzare automaticamente le interfacce secondo le preferenze degli utenti.<\/p>\n\n            <p>Le tecnologie di realt\u00e0 virtuale e aumentata aprono nuove prospettive per l'allenamento alle abilit\u00e0 sociali e l'esposizione progressiva a situazioni ansiogene. Questi ambienti controllati consentono un apprendimento sicuro delle competenze sociali e una desensibilizzazione graduale a situazioni difficili, offrendo al contempo un feedback immediato e adattivo.<\/p>\n\n            <p>Gli oggetti connessi e l'Internet delle Cose (IoT) facilitano la creazione di ambienti intelligenti che si adattano automaticamente ai bisogni sensoriali e comportamentali delle persone autistiche. Questi sistemi possono modulare l'illuminazione, la temperatura, i suoni ambientali e persino attivare routine personalizzate in base ai segnali emessi dalla persona.<\/p>\n\n            <div class=\"expert-box\">\n                <div class=\"expert-box-label\">\ud83d\ude80 Innovazione DYNSEO<\/div>\n                <div class=\"expert-box-title\">Tecnologie Adaptive Avanzate<\/div>\n                <div class=\"expert-inner\">\n                    <p>DYNSEO sviluppa continuamente le sue soluzioni tecnologiche per integrare le ultime avanzate in intelligenza artificiale e personalizzazione adattiva, consentendo un accompagnamento sempre pi\u00f9 preciso dei bisogni individuali.<\/p>\n                    <div class=\"expert-inner-title\">Innovazioni recenti :<\/div>\n                    <ul>\n                        <li>Algoritmi adattivi di difficolt\u00e0<\/li>\n                        <li>Interfacce personalizzabili tramite apprendimento automatico<\/li>\n                        <li>Integrazione di biofeedback per la regolazione emotiva<\/li>\n                        <li>Sistemi di raccomandazione di attivit\u00e0 personalizzate<\/li>\n                    <\/ul>\n                <\/div>\n            <\/div>\n<div class=\"conseil-card\">\n                <h3>\ud83d\udcbb Selezione Tecnologica<\/h3>\n                <p>La scelta delle tecnologie assistive deve sempre privilegiare la semplicit\u00e0 d'uso e la robustezza del materiale. Coinvolgi la persona autistica nel processo di selezione per garantire l'accettazione e l'adozione dello strumento tecnologico proposto.<\/p>\n            <\/div>\n\n            <h2>10. Gestione dei Comportamenti Problema<\/h2>\n\n            <p>I comportamenti difficili nelle persone autistiche non verbali costituiscono spesso tentativi di comunicazione o reazioni a stimoli ambientali scomodi. L'analisi funzionale del comportamento consente di identificare i fattori scatenanti, le funzioni e le conseguenze di questi comportamenti per sviluppare strategie di intervento mirate e rispettose della dignit\u00e0 della persona.<\/p>\n\n            <p>L'intervento positivo sui comportamenti privilegia l'insegnamento di comportamenti alternativi appropriati piuttosto che la semplice soppressione dei comportamenti problematici. Questo approccio proattivo include l'allestimento ambientale preventivo, l'insegnamento di competenze di comunicazione funzionale e il rinforzo sistematico dei comportamenti adattivi.<\/p>\n\n            <p>La prevenzione delle crisi comportamentali passa per il riconoscimento precoce dei segnali di allerta e l'implementazione di strategie di disinnesco appropriate. L'identificazione dei pattern comportamentali individuali consente di anticipare situazioni difficili e di intervenire prima dell'escalation verso comportamenti distruttivi o auto-aggressivi.<\/p>\n\n            <div class=\"key-points\">\n                <h3>Strategie di gestione comportamentale:<\/h3>\n                <ul>\n                    <li>Analisi funzionale approfondita dei comportamenti<\/li>\n                    <li>Modifica antecedente dell'ambiente<\/li>\n                    <li>Insegnamento di comportamenti di sostituzione<\/li>\n                    <li> tecniche di rilassamento e autoregolazione<\/li>\n                    <li>Creazione di ambienti rassicuranti e prevedibili<\/li>\n                    <li>Formazione degli accompagnatori alle tecniche di intervento<\/li>\n                    <li>Collaborazione multidisciplinare per situazioni complesse<\/li>\n                    <li>Valutazione continua e aggiustamento delle strategie<\/li>\n                <\/ul>\n            <\/div>\n<div class=\"tip-box\">\n                <span class=\"tip-box-label\">\u26a0\ufe0f Attenzione<\/span>\n                <p>Evitate interventi punitivi o coercitivi che possono aggravare i comportamenti problematici e creare traumi aggiuntivi. Privilegiate sempre approcci positivi e rispettosi della persona.<\/p>\n            <\/div>\n\n            <h2>11. Transizione all'Et\u00e0 Adulta e Vita Professionale<\/h2>\n\n            <p>La transizione all'et\u00e0 adulta rappresenta una fase cruciale nella vita delle persone autistiche non verbali, richiedendo una pianificazione anticipata e un accompagnamento specializzato per garantire un'inserzione sociale e professionale di successo. Questo periodo cruciale deve essere oggetto di una preparazione graduale fin dall'adolescenza, coinvolgendo tutti gli attori dell'accompagnamento in un approccio collaborativo e coordinato.<\/p>\n\n            <p>L'inserimento professionale degli adulti autistici non verbali pu\u00f2 assumere diverse forme a seconda delle loro capacit\u00e0 e dei loro interessi: lavoro in contesti adattati, lavoro protetto in ESAT (Stabilimento e Servizio di Aiuto attraverso il Lavoro), o attivit\u00e0 occupazionali in centri diurni. L'identificazione precoce delle abilit\u00e0 particolari e degli interessi specifici consente di orientare verso formazioni e ambienti professionali adeguati.<\/p>\n\n            <p>Lo sviluppo dell'autonomia residenziale costituisce un'altra questione fondamentale della transizione all'et\u00e0 adulta. Le opzioni di alloggio variano dal mantenimento in famiglia con supporto rinforzato a strutture specializzate come le case di vita o gli appartamenti assistiti, a seconda del livello di autonomia e delle esigenze di supporto di ciascuna persona.<\/p>\n\n            <div class=\"expert-box\">\n                <div class=\"expert-box-label\">\ud83c\udfaf Accompagnamento Transizione<\/div>\n                <div class=\"expert-box-title\">Fasi Chiave della Transizione Adulta<\/div>\n                <div class=\"expert-inner\">\n                    <div class=\"expert-inner-title\">Preparazione (16-18 anni) :<\/div>\n                    <ul>\n                        <li>Valutazione delle competenze e dei bisogni<\/li>\n                        <li>Esplorazione delle opzioni post-scolastiche<\/li>\n                        <li>Sviluppo delle competenze di autonomia<\/li>\n                        <li>Scoperta di ambienti professionali adeguati<\/li>\n                    <\/ul>\n                    <div class=\"expert-inner-title\">Attuazione (18-25 anni) :<\/div>\n                    <ul>\n                        <li>Inserimento progressivo in ambiente professionale<\/li>\n                        <li>Adattamento del luogo di vita<\/li>\n                        <li>Mantenimento delle terapie e degli accompagnamenti<\/li>\n                        <li>Sviluppo della rete sociale adulta<\/li>\n                    <\/ul>\n                <\/div>\n            <\/div>\n<div class=\"conseil-card\">\n                <h3>\ud83c\udf08 Vision Positiva<\/h3>\n                <p>La transizione verso l'et\u00e0 adulta, sebbene complessa, offre numerose opportunit\u00e0 di crescita personale e integrazione sociale. Ogni persona autistica non verbale possiede talenti unici che possono essere valorizzati in ambienti adatti.<\/p>\n            <\/div>\n\n            <h2>12. Prospettive Future e Inclusione Sociale<\/h2>\n\n            <p>L'evoluzione delle mentalit\u00e0 sociali verso una maggiore accettazione della neurodiversit\u00e0 apre nuove prospettive di inclusione per le persone autistiche non verbali. Le campagne di sensibilizzazione e le testimonianze delle famiglie contribuiscono a de-costruire i pregiudizi e a promuovere una visione pi\u00f9 sfumata e rispettosa dell'autismo nella societ\u00e0.<\/p>\n\n            <p>Le ricerche scientifiche attuali esplorano piste promettenti per migliorare la qualit\u00e0 della vita e le capacit\u00e0 comunicative delle persone autistiche non verbali. Gli studi sulla neuroplasticit\u00e0, le terapie geniche e le interfacce cervello-computer potrebbero rivoluzionare gli approcci terapeutici nei prossimi decenni.<\/p>\n\n            <p>L'inclusione sociale autentica richiede una trasformazione degli ambienti e delle pratiche sociali per renderli accessibili a tutti. Gli spazi pubblici, i servizi e le attivit\u00e0 comunitarie devono essere progettati secondo i principi di progettazione universale che beneficiano l'intera popolazione, comprese le persone autistiche non verbali.<\/p>\n\n            <div class=\"key-points\">\n                <h3>Evoluzioni sociali incoraggianti:<\/h3>\n                <ul>\n                    <li>Riconoscimento legale dei diritti delle persone autistiche<\/li>\n                    <li>Sviluppo dell'occupazione accompagnata e inclusiva<\/li>\n                    <li>Accessibilit\u00e0 rinforzata dei servizi pubblici<\/li>\n                    <li>Formazione dei professionisti di tutti i settori<\/li>\n                    <li>Emergenza di comunit\u00e0 di mutuo aiuto e supporto<\/li>\n                    <li>Innovazione tecnologica al servizio dell'inclusione<\/li>\n                    <li>Ricerca collaborativa con le famiglie e le persone interessate<\/li>\n                    <li>Evoluzione delle rappresentazioni mediatiche<\/li>\n                <\/ul>\n            <\/div>\n\n            <div class=\"tip-box\">\n                <span class=\"tip-box-label\">\ud83c\udf1f Messaggio di Speranza<\/span>\n                <p>Ogni persona autistica non verbale ha il potenziale di contribuire in modo unico alla nostra societ\u00e0. L'investimento nel loro accompagnamento e nella loro inclusione rappresenta un arricchimento per l'intera comunit\u00e0 umana.<\/p>\n            <\/div>\n\n            <div class=\"faq-list\">\n                <h2>Domande Frequenti<\/h2>\n                \n                <div class=\"faq-item\">\n                    <div class=\"faq-q\">\n                        <span>Una persona autistica non verbale pu\u00f2 imparare a comunicare efficacemente?<\/span>\n                        <span class=\"faq-icon\">+<\/span>\n                    <\/div>\n                    <div class=\"faq-a\">\n                        <p>Assolutamente! La maggior parte delle persone autistiche non verbali pu\u00f2 sviluppare competenze comunicative significative grazie ai sistemi CAA (Comunicazione Alternativa e Aumentativa). Le tecnologie attuali, i metodi PECS e le applicazioni come quelle sviluppate da DYNSEO offrono molteplici possibilit\u00e0 per esprimere bisogni, emozioni e pensieri. L'importante \u00e8 iniziare presto e adattare i metodi alle preferenze e capacit\u00e0 individuali.<\/p>\n                    <\/div>\n                <\/div>\n\n                <div class=\"faq-item\">\n<div class=\"faq-q\">\n                        <span>Come distinguere un comportamento difficile da un tentativo di comunicazione?<\/span>\n                        <span class=\"faq-icon\">+<\/span>\n                    <\/div>\n                    <div class=\"faq-a\">\n                        <p>I comportamenti difficili sono spesso forme di comunicazione frustrata. Osserva il contesto: quando si verifica il comportamento (fame, stanchezza, sovrastimolazione)? C'\u00e8 un modello ripetitivo? Un'analisi funzionale effettuata da un professionista pu\u00f2 aiutare a decodificare questi messaggi. L'uso di strumenti visivi e di applicazioni di comunicazione pu\u00f2 ridurre notevolmente questi comportamenti offrendo alternative espressive appropriate.<\/p>\n                    <\/div>\n                <\/div>\n\n                <div class=\"faq-item\">\n                    <div class=\"faq-q\">\n                        <span>Quali sono le adattamenti necessari per l'inclusione scolastica?<\/span>\n                        <span class=\"faq-icon\">+<\/span>\n                    <\/div>\n                    <div class=\"faq-a\">\n                        <p>L'inclusione scolastica riuscita richiede diversi adattamenti: supporti visivi per le istruzioni, sistema di comunicazione adattato, spazi di ritiro sensoriale, ritmo personalizzato, accompagnamento da parte di un AESH formato, e utilizzo di tecnologie educative come COCO PENSA e COCO SI MUOVE. La formazione delle squadre educative e la collaborazione stretta con la famiglia sono anche essenziali per creare un ambiente di apprendimento ottimale.<\/p>\n                    <\/div>\n                <\/div>\n\n                <div class=\"faq-item\">\n                    <div class=\"faq-q\">\n                        <span>Esistono segni precoci di autismo non verbale?<\/span>\n                        <span class=\"faq-icon\">+<\/span>\n                    <\/div>\n                    <div class=\"faq-a\">\n                        <p>I segni precoci includono: assenza o regressione del linguaggio dopo 18 mesi, difficolt\u00e0 di contatto visivo, mancanza di gesti comunicativi (puntare, mostrare), comportamenti ripetitivi, ipersensibilit\u00e0 o iposensibilit\u00e0 sensoriale, e difficolt\u00e0 nelle interazioni sociali. Uno screening precoce da parte di professionisti specializzati consente un intervento rapido, fattore chiave per il miglioramento della prognosi e dello sviluppo delle competenze comunicative.<\/p>\n                    <\/div>\n                <\/div>\n\n                <div class=\"faq-item\">\n                    <div class=\"faq-q\">\n                        <span>Come possono aiutare concretamente le tecnologie DYNSEO?<\/span>\n                        <span class=\"faq-icon\">+<\/span>\n                    <\/div>\n                    <div class=\"faq-a\">\n                        <p>Le applicazioni DYNSEO offrono soluzioni personalizzate per lo sviluppo cognitivo e la comunicazione. COCO PENSA stimola le funzioni esecutive, l'attenzione e la memoria attraverso esercizi ludici adattati. COCO SI MUOVE integra l'attivit\u00e0 fisica per favorire la concentrazione. Il mio Dico consente la comunicazione tramite pittogrammi personalizzabili. Questi strumenti si adattano al livello di ogni utente e favoriscono l'autonomia progressiva.<\/p>\n                    <\/div>\n                <\/div>\n            <\/div>\n\n            <div class=\"cta-box\">\n                <h3>Scopri le Soluzioni DYNSEO per l'Autismo Non Verbale<\/h3>\n                <p>Accompagna il tuo familiare autistico non verbale con strumenti appositamente progettati per favorire il suo sviluppo e la sua comunicazione. Le nostre applicazioni COCO PENSA, COCO SI MUOVE e Il mio Dico offrono soluzioni personalizzate e evolutive.<\/p>\n                <div class=\"cta-buttons\">\n                    <a href=\"https:\/\/www.dynseo.com\/it\/version-coco\/\" class=\"btn-white\">Prova Gratuitamente<\/a>\n                    <a href=\"https:\/\/www.dynseo.com\/it\/version-coco\/\" class=\"btn-outline\">Scopri di Pi\u00f9<\/a>\n                <\/div>\n            <\/div>\n<div class=\"article-tags\">\n                <h3>Parole chiave :<\/h3>\n                <a href=\"#\" class=\"article-tag\">Autismo non verbale<\/a>\n                <a href=\"#\" class=\"article-tag\">Comunicazione alternativa<\/a>\n                <a href=\"#\" class=\"article-tag\">CAA<\/a>\n                <a href=\"#\" class=\"article-tag\">PECS<\/a>\n                <a href=\"#\" class=\"article-tag\">Inclusione scolastica<\/a>\n                <a href=\"#\" class=\"article-tag\">Terapie autismo<\/a>\n                <a href=\"#\" class=\"article-tag\">Famiglia autismo<\/a>\n                <a href=\"#\" class=\"article-tag\">Tecnologie assistive<\/a>\n                <a href=\"#\" class=\"article-tag\">Stimolazione cognitiva<\/a>\n                <a href=\"#\" class=\"article-tag\">DYNSEO<\/a>\n            <\/div>\n        <\/div>\n    <\/div>[\/et_pb_code][\/et_pb_column][\/et_pb_row][\/et_pb_section]","_et_gb_content_width":"","footnotes":""},"categories":[2915,3300,2872],"tags":[],"class_list":["post-130420","post","type-post","status-publish","format-standard","has-post-thumbnail","hentry","category-les-conseils-des-coachs","category-tout-sur-les-personnes-non-verbales","category-tout-sur-lautisme"],"yoast_head":"<!-- This site is optimized with the Yoast SEO plugin v27.4 - https:\/\/yoast.com\/product\/yoast-seo-wordpress\/ -->\n<title>Comprendere l&#039;Autismo Non Verbale: Una Guida per le Famiglie e i Caregiver - DYNSEO - App educativa e giochi di memoria<\/title>\n<meta name=\"robots\" content=\"index, follow, max-snippet:-1, max-image-preview:large, max-video-preview:-1\" \/>\n<link rel=\"canonical\" href=\"https:\/\/www.dynseo.com\/it\/comprendere-lautismo-non-verbale-una-guida-per-le-famiglie-e-i-caregiver\/\" \/>\n<meta property=\"og:locale\" content=\"it_IT\" \/>\n<meta property=\"og:type\" content=\"article\" \/>\n<meta property=\"og:title\" content=\"Comprendere l&#039;Autismo Non Verbale: Una Guida per le Famiglie e i Caregiver - DYNSEO - App educativa e giochi di memoria\" \/>\n<meta property=\"og:url\" content=\"https:\/\/www.dynseo.com\/it\/comprendere-lautismo-non-verbale-una-guida-per-le-famiglie-e-i-caregiver\/\" \/>\n<meta property=\"og:site_name\" content=\"DYNSEO - App educativa e giochi di memoria\" \/>\n<meta property=\"article:published_time\" content=\"2024-07-05T05:55:51+00:00\" \/>\n<meta property=\"article:modified_time\" content=\"2026-05-01T04:42:13+00:00\" \/>\n<meta property=\"og:image\" content=\"https:\/\/www.dynseo.com\/wp-content\/uploads\/2024\/07\/anteprima-articolo_autismo_famiglia-1024x768.png\" \/>\n\t<meta property=\"og:image:width\" content=\"1024\" \/>\n\t<meta property=\"og:image:height\" content=\"768\" \/>\n\t<meta property=\"og:image:type\" content=\"image\/png\" \/>\n<meta name=\"author\" content=\"DYNSEO\" \/>\n<meta name=\"twitter:label1\" content=\"Scritto da\" \/>\n\t<meta name=\"twitter:data1\" content=\"DYNSEO\" \/>\n\t<meta name=\"twitter:label2\" content=\"Tempo di lettura stimato\" \/>\n\t<meta name=\"twitter:data2\" content=\"15 minuti\" \/>\n<script type=\"application\/ld+json\" class=\"yoast-schema-graph\">{\"@context\":\"https:\\\/\\\/schema.org\",\"@graph\":[{\"@type\":\"Article\",\"@id\":\"https:\\\/\\\/www.dynseo.com\\\/it\\\/comprendere-lautismo-non-verbale-una-guida-per-le-famiglie-e-i-caregiver\\\/#article\",\"isPartOf\":{\"@id\":\"https:\\\/\\\/www.dynseo.com\\\/it\\\/comprendere-lautismo-non-verbale-una-guida-per-le-famiglie-e-i-caregiver\\\/\"},\"author\":{\"name\":\"DYNSEO\",\"@id\":\"https:\\\/\\\/www.dynseo.com\\\/it\\\/#\\\/schema\\\/person\\\/78ef63df2ee64e0989bc68f8401b38d6\"},\"headline\":\"Comprendere l&#8217;Autismo Non Verbale: Una Guida per le Famiglie e i Caregiver\",\"datePublished\":\"2024-07-05T05:55:51+00:00\",\"dateModified\":\"2026-05-01T04:42:13+00:00\",\"mainEntityOfPage\":{\"@id\":\"https:\\\/\\\/www.dynseo.com\\\/it\\\/comprendere-lautismo-non-verbale-una-guida-per-le-famiglie-e-i-caregiver\\\/\"},\"wordCount\":3862,\"publisher\":{\"@id\":\"https:\\\/\\\/www.dynseo.com\\\/it\\\/#organization\"},\"image\":{\"@id\":\"https:\\\/\\\/www.dynseo.com\\\/it\\\/comprendere-lautismo-non-verbale-una-guida-per-le-famiglie-e-i-caregiver\\\/#primaryimage\"},\"thumbnailUrl\":\"https:\\\/\\\/www.dynseo.com\\\/wp-content\\\/uploads\\\/2024\\\/07\\\/anteprima-articolo_autismo_famiglia.png\",\"articleSection\":[\"Les conseils des coachs\",\"Non - Verbal\",\"Tout sur l'Autisme\"],\"inLanguage\":\"it-IT\"},{\"@type\":\"WebPage\",\"@id\":\"https:\\\/\\\/www.dynseo.com\\\/it\\\/comprendere-lautismo-non-verbale-una-guida-per-le-famiglie-e-i-caregiver\\\/\",\"url\":\"https:\\\/\\\/www.dynseo.com\\\/it\\\/comprendere-lautismo-non-verbale-una-guida-per-le-famiglie-e-i-caregiver\\\/\",\"name\":\"Comprendere l'Autismo Non Verbale: Una Guida per le Famiglie e i Caregiver - DYNSEO - App educativa e giochi di memoria\",\"isPartOf\":{\"@id\":\"https:\\\/\\\/www.dynseo.com\\\/it\\\/#website\"},\"primaryImageOfPage\":{\"@id\":\"https:\\\/\\\/www.dynseo.com\\\/it\\\/comprendere-lautismo-non-verbale-una-guida-per-le-famiglie-e-i-caregiver\\\/#primaryimage\"},\"image\":{\"@id\":\"https:\\\/\\\/www.dynseo.com\\\/it\\\/comprendere-lautismo-non-verbale-una-guida-per-le-famiglie-e-i-caregiver\\\/#primaryimage\"},\"thumbnailUrl\":\"https:\\\/\\\/www.dynseo.com\\\/wp-content\\\/uploads\\\/2024\\\/07\\\/anteprima-articolo_autismo_famiglia.png\",\"datePublished\":\"2024-07-05T05:55:51+00:00\",\"dateModified\":\"2026-05-01T04:42:13+00:00\",\"breadcrumb\":{\"@id\":\"https:\\\/\\\/www.dynseo.com\\\/it\\\/comprendere-lautismo-non-verbale-una-guida-per-le-famiglie-e-i-caregiver\\\/#breadcrumb\"},\"inLanguage\":\"it-IT\",\"potentialAction\":[{\"@type\":\"ReadAction\",\"target\":[\"https:\\\/\\\/www.dynseo.com\\\/it\\\/comprendere-lautismo-non-verbale-una-guida-per-le-famiglie-e-i-caregiver\\\/\"]}]},{\"@type\":\"ImageObject\",\"inLanguage\":\"it-IT\",\"@id\":\"https:\\\/\\\/www.dynseo.com\\\/it\\\/comprendere-lautismo-non-verbale-una-guida-per-le-famiglie-e-i-caregiver\\\/#primaryimage\",\"url\":\"https:\\\/\\\/www.dynseo.com\\\/wp-content\\\/uploads\\\/2024\\\/07\\\/anteprima-articolo_autismo_famiglia.png\",\"contentUrl\":\"https:\\\/\\\/www.dynseo.com\\\/wp-content\\\/uploads\\\/2024\\\/07\\\/anteprima-articolo_autismo_famiglia.png\",\"width\":2000,\"height\":1500,\"caption\":\"Sfida la mente con giochi cognitivi per anziani\"},{\"@type\":\"BreadcrumbList\",\"@id\":\"https:\\\/\\\/www.dynseo.com\\\/it\\\/comprendere-lautismo-non-verbale-una-guida-per-le-famiglie-e-i-caregiver\\\/#breadcrumb\",\"itemListElement\":[{\"@type\":\"ListItem\",\"position\":1,\"name\":\"Accueil\",\"item\":\"https:\\\/\\\/www.dynseo.com\\\/it\\\/\"},{\"@type\":\"ListItem\",\"position\":2,\"name\":\"Comprendere l&#8217;Autismo Non Verbale: Una Guida per le Famiglie e i Caregiver\"}]},{\"@type\":\"WebSite\",\"@id\":\"https:\\\/\\\/www.dynseo.com\\\/it\\\/#website\",\"url\":\"https:\\\/\\\/www.dynseo.com\\\/it\\\/\",\"name\":\"Jeux de m\u00e9moire et stimulation cognitive\",\"description\":\"Con DYNSEO, la tua memoria mette il turbo!\",\"publisher\":{\"@id\":\"https:\\\/\\\/www.dynseo.com\\\/it\\\/#organization\"},\"potentialAction\":[{\"@type\":\"SearchAction\",\"target\":{\"@type\":\"EntryPoint\",\"urlTemplate\":\"https:\\\/\\\/www.dynseo.com\\\/it\\\/?s={search_term_string}\"},\"query-input\":{\"@type\":\"PropertyValueSpecification\",\"valueRequired\":true,\"valueName\":\"search_term_string\"}}],\"inLanguage\":\"it-IT\"},{\"@type\":\"Organization\",\"@id\":\"https:\\\/\\\/www.dynseo.com\\\/it\\\/#organization\",\"name\":\"DYNSEO\",\"url\":\"https:\\\/\\\/www.dynseo.com\\\/it\\\/\",\"logo\":{\"@type\":\"ImageObject\",\"inLanguage\":\"it-IT\",\"@id\":\"https:\\\/\\\/www.dynseo.com\\\/it\\\/#\\\/schema\\\/logo\\\/image\\\/\",\"url\":\"https:\\\/\\\/www.dynseo.com\\\/wp-content\\\/uploads\\\/2022\\\/05\\\/logo-dynseo-new.png\",\"contentUrl\":\"https:\\\/\\\/www.dynseo.com\\\/wp-content\\\/uploads\\\/2022\\\/05\\\/logo-dynseo-new.png\",\"width\":5073,\"height\":1397,\"caption\":\"DYNSEO\"},\"image\":{\"@id\":\"https:\\\/\\\/www.dynseo.com\\\/it\\\/#\\\/schema\\\/logo\\\/image\\\/\"}},{\"@type\":\"Person\",\"@id\":\"https:\\\/\\\/www.dynseo.com\\\/it\\\/#\\\/schema\\\/person\\\/78ef63df2ee64e0989bc68f8401b38d6\",\"name\":\"DYNSEO\",\"url\":\"https:\\\/\\\/www.dynseo.com\\\/it\\\/author\\\/justine\\\/\"}]}<\/script>\n<!-- \/ Yoast SEO plugin. -->","yoast_head_json":{"title":"Comprendere l'Autismo Non Verbale: Una Guida per le Famiglie e i Caregiver - DYNSEO - App educativa e giochi di memoria","robots":{"index":"index","follow":"follow","max-snippet":"max-snippet:-1","max-image-preview":"max-image-preview:large","max-video-preview":"max-video-preview:-1"},"canonical":"https:\/\/www.dynseo.com\/it\/comprendere-lautismo-non-verbale-una-guida-per-le-famiglie-e-i-caregiver\/","og_locale":"it_IT","og_type":"article","og_title":"Comprendere l'Autismo Non Verbale: Una Guida per le Famiglie e i Caregiver - DYNSEO - App educativa e giochi di memoria","og_url":"https:\/\/www.dynseo.com\/it\/comprendere-lautismo-non-verbale-una-guida-per-le-famiglie-e-i-caregiver\/","og_site_name":"DYNSEO - App educativa e giochi di memoria","article_published_time":"2024-07-05T05:55:51+00:00","article_modified_time":"2026-05-01T04:42:13+00:00","og_image":[{"width":1024,"height":768,"url":"https:\/\/www.dynseo.com\/wp-content\/uploads\/2024\/07\/anteprima-articolo_autismo_famiglia-1024x768.png","type":"image\/png"}],"author":"DYNSEO","twitter_misc":{"Scritto da":"DYNSEO","Tempo di lettura stimato":"15 minuti"},"schema":{"@context":"https:\/\/schema.org","@graph":[{"@type":"Article","@id":"https:\/\/www.dynseo.com\/it\/comprendere-lautismo-non-verbale-una-guida-per-le-famiglie-e-i-caregiver\/#article","isPartOf":{"@id":"https:\/\/www.dynseo.com\/it\/comprendere-lautismo-non-verbale-una-guida-per-le-famiglie-e-i-caregiver\/"},"author":{"name":"DYNSEO","@id":"https:\/\/www.dynseo.com\/it\/#\/schema\/person\/78ef63df2ee64e0989bc68f8401b38d6"},"headline":"Comprendere l&#8217;Autismo Non Verbale: Una Guida per le Famiglie e i Caregiver","datePublished":"2024-07-05T05:55:51+00:00","dateModified":"2026-05-01T04:42:13+00:00","mainEntityOfPage":{"@id":"https:\/\/www.dynseo.com\/it\/comprendere-lautismo-non-verbale-una-guida-per-le-famiglie-e-i-caregiver\/"},"wordCount":3862,"publisher":{"@id":"https:\/\/www.dynseo.com\/it\/#organization"},"image":{"@id":"https:\/\/www.dynseo.com\/it\/comprendere-lautismo-non-verbale-una-guida-per-le-famiglie-e-i-caregiver\/#primaryimage"},"thumbnailUrl":"https:\/\/www.dynseo.com\/wp-content\/uploads\/2024\/07\/anteprima-articolo_autismo_famiglia.png","articleSection":["Les conseils des coachs","Non - Verbal","Tout sur l'Autisme"],"inLanguage":"it-IT"},{"@type":"WebPage","@id":"https:\/\/www.dynseo.com\/it\/comprendere-lautismo-non-verbale-una-guida-per-le-famiglie-e-i-caregiver\/","url":"https:\/\/www.dynseo.com\/it\/comprendere-lautismo-non-verbale-una-guida-per-le-famiglie-e-i-caregiver\/","name":"Comprendere l'Autismo Non Verbale: Una Guida per le Famiglie e i Caregiver - DYNSEO - App educativa e giochi di memoria","isPartOf":{"@id":"https:\/\/www.dynseo.com\/it\/#website"},"primaryImageOfPage":{"@id":"https:\/\/www.dynseo.com\/it\/comprendere-lautismo-non-verbale-una-guida-per-le-famiglie-e-i-caregiver\/#primaryimage"},"image":{"@id":"https:\/\/www.dynseo.com\/it\/comprendere-lautismo-non-verbale-una-guida-per-le-famiglie-e-i-caregiver\/#primaryimage"},"thumbnailUrl":"https:\/\/www.dynseo.com\/wp-content\/uploads\/2024\/07\/anteprima-articolo_autismo_famiglia.png","datePublished":"2024-07-05T05:55:51+00:00","dateModified":"2026-05-01T04:42:13+00:00","breadcrumb":{"@id":"https:\/\/www.dynseo.com\/it\/comprendere-lautismo-non-verbale-una-guida-per-le-famiglie-e-i-caregiver\/#breadcrumb"},"inLanguage":"it-IT","potentialAction":[{"@type":"ReadAction","target":["https:\/\/www.dynseo.com\/it\/comprendere-lautismo-non-verbale-una-guida-per-le-famiglie-e-i-caregiver\/"]}]},{"@type":"ImageObject","inLanguage":"it-IT","@id":"https:\/\/www.dynseo.com\/it\/comprendere-lautismo-non-verbale-una-guida-per-le-famiglie-e-i-caregiver\/#primaryimage","url":"https:\/\/www.dynseo.com\/wp-content\/uploads\/2024\/07\/anteprima-articolo_autismo_famiglia.png","contentUrl":"https:\/\/www.dynseo.com\/wp-content\/uploads\/2024\/07\/anteprima-articolo_autismo_famiglia.png","width":2000,"height":1500,"caption":"Sfida la mente con giochi cognitivi per anziani"},{"@type":"BreadcrumbList","@id":"https:\/\/www.dynseo.com\/it\/comprendere-lautismo-non-verbale-una-guida-per-le-famiglie-e-i-caregiver\/#breadcrumb","itemListElement":[{"@type":"ListItem","position":1,"name":"Accueil","item":"https:\/\/www.dynseo.com\/it\/"},{"@type":"ListItem","position":2,"name":"Comprendere l&#8217;Autismo Non Verbale: Una Guida per le Famiglie e i Caregiver"}]},{"@type":"WebSite","@id":"https:\/\/www.dynseo.com\/it\/#website","url":"https:\/\/www.dynseo.com\/it\/","name":"Jeux de m\u00e9moire et stimulation cognitive","description":"Con DYNSEO, la tua memoria mette il turbo!","publisher":{"@id":"https:\/\/www.dynseo.com\/it\/#organization"},"potentialAction":[{"@type":"SearchAction","target":{"@type":"EntryPoint","urlTemplate":"https:\/\/www.dynseo.com\/it\/?s={search_term_string}"},"query-input":{"@type":"PropertyValueSpecification","valueRequired":true,"valueName":"search_term_string"}}],"inLanguage":"it-IT"},{"@type":"Organization","@id":"https:\/\/www.dynseo.com\/it\/#organization","name":"DYNSEO","url":"https:\/\/www.dynseo.com\/it\/","logo":{"@type":"ImageObject","inLanguage":"it-IT","@id":"https:\/\/www.dynseo.com\/it\/#\/schema\/logo\/image\/","url":"https:\/\/www.dynseo.com\/wp-content\/uploads\/2022\/05\/logo-dynseo-new.png","contentUrl":"https:\/\/www.dynseo.com\/wp-content\/uploads\/2022\/05\/logo-dynseo-new.png","width":5073,"height":1397,"caption":"DYNSEO"},"image":{"@id":"https:\/\/www.dynseo.com\/it\/#\/schema\/logo\/image\/"}},{"@type":"Person","@id":"https:\/\/www.dynseo.com\/it\/#\/schema\/person\/78ef63df2ee64e0989bc68f8401b38d6","name":"DYNSEO","url":"https:\/\/www.dynseo.com\/it\/author\/justine\/"}]}},"_links":{"self":[{"href":"https:\/\/www.dynseo.com\/it\/wp-json\/wp\/v2\/posts\/130420","targetHints":{"allow":["GET"]}}],"collection":[{"href":"https:\/\/www.dynseo.com\/it\/wp-json\/wp\/v2\/posts"}],"about":[{"href":"https:\/\/www.dynseo.com\/it\/wp-json\/wp\/v2\/types\/post"}],"author":[{"embeddable":true,"href":"https:\/\/www.dynseo.com\/it\/wp-json\/wp\/v2\/users\/4"}],"replies":[{"embeddable":true,"href":"https:\/\/www.dynseo.com\/it\/wp-json\/wp\/v2\/comments?post=130420"}],"version-history":[{"count":21,"href":"https:\/\/www.dynseo.com\/it\/wp-json\/wp\/v2\/posts\/130420\/revisions"}],"predecessor-version":[{"id":575094,"href":"https:\/\/www.dynseo.com\/it\/wp-json\/wp\/v2\/posts\/130420\/revisions\/575094"}],"wp:featuredmedia":[{"embeddable":true,"href":"https:\/\/www.dynseo.com\/it\/wp-json\/wp\/v2\/media\/132229"}],"wp:attachment":[{"href":"https:\/\/www.dynseo.com\/it\/wp-json\/wp\/v2\/media?parent=130420"}],"wp:term":[{"taxonomy":"category","embeddable":true,"href":"https:\/\/www.dynseo.com\/it\/wp-json\/wp\/v2\/categories?post=130420"},{"taxonomy":"post_tag","embeddable":true,"href":"https:\/\/www.dynseo.com\/it\/wp-json\/wp\/v2\/tags?post=130420"}],"curies":[{"name":"wp","href":"https:\/\/api.w.org\/{rel}","templated":true}]}}