{"id":416152,"date":"2025-10-15T21:42:56","date_gmt":"2025-10-15T19:42:56","guid":{"rendered":"https:\/\/www.dynseo.com\/i-disturbi-della-memoria-di-alzheimer\/"},"modified":"2025-12-28T13:42:33","modified_gmt":"2025-12-28T12:42:33","slug":"i-disturbi-della-memoria-di-alzheimer","status":"publish","type":"post","link":"https:\/\/www.dynseo.com\/it\/i-disturbi-della-memoria-di-alzheimer\/","title":{"rendered":"I disturbi della memoria di Alzheimer"},"content":{"rendered":"<p>[et_pb_section fb_built=&#8221;1&#8243; admin_label=&#8221;Article HTML&#8221; _builder_version=&#8221;4.16&#8243;][et_pb_row admin_label=&#8221;Contenu&#8221; _builder_version=&#8221;4.16&#8243;][et_pb_column type=&#8221;4_4&#8243; _builder_version=&#8221;4.16&#8243;][et_pb_code admin_label=&#8221;HTML import\u00e9&#8221; _builder_version=&#8221;4.16&#8243;]<link href=\"https:\/\/fonts.googleapis.com\/css2?family=Montserrat:wght@400;500;600;700;800&#038;display=swap\" rel=\"stylesheet\">\n<style>\n.dynseo-article{font-family:'Montserrat',-apple-system,BlinkMacSystemFont,'Segoe UI',Roboto,sans-serif;line-height:1.8;color:#2c3e50;max-width:100%}\n.dynseo-article h2{font-family:'Montserrat',sans-serif;font-size:1.8rem;color:#1a1a2e;margin:50px 0 25px;padding-bottom:12px;border-bottom:3px solid #a9e2e4;font-weight:700;transition:all .3s ease}\n.dynseo-article h2:hover{padding-left:10px;border-bottom-color:#e73469}\n.dynseo-article h3{font-family:'Montserrat',sans-serif;font-size:1.3rem;color:#5e5ed7;margin:35px 0 18px;font-weight:600;transition:all .3s ease}\n.dynseo-article h3:hover{color:#e73469}\n.dynseo-article p{margin-bottom:18px;font-size:1.05rem;text-align:justify}\n.dynseo-article img{max-width:100%;height:auto;border-radius:16px;margin:25px 0;box-shadow:0 8px 30px rgba(0,0,0,0.1);transition:all .4s ease}\n.dynseo-article img:hover{transform:scale(1.02);box-shadow:0 15px 50px rgba(0,0,0,0.15)}\n.dynseo-intro{font-size:1.15rem;color:#64748b;border-left:4px solid #a9e2e4;padding-left:25px;margin:35px 0;font-style:italic;background:linear-gradient(90deg,rgba(169,226,228,0.1),transparent);padding:20px 25px;border-radius:0 12px 12px 0;transition:all .3s ease}\n.dynseo-intro:hover{border-left-width:6px;background:linear-gradient(90deg,rgba(169,226,228,0.15),transparent)}\n.dynseo-toc{background:linear-gradient(135deg,#f8fafc 0%,#fff 100%);border-radius:20px;padding:35px;margin:40px 0;border:2px solid #e5e7eb;box-shadow:0 4px 20px rgba(0,0,0,0.05);transition:all .3s ease}\n.dynseo-toc:hover{box-shadow:0 8px 35px rgba(0,0,0,0.08);transform:translateY(-2px)}\n.dynseo-toc .toc-title{font-family:'Montserrat',sans-serif;font-size:1.4rem;margin-bottom:25px;color:#1a1a2e;font-weight:700}\n.dynseo-toc ol{list-style:none;padding:0;margin:0;display:grid;grid-template-columns:repeat(2,1fr);gap:12px}\n.dynseo-toc li{background:#fff;border-radius:12px;padding:14px 18px;border:2px solid #f1f5f9;transition:all .3s ease;border-left:4px solid #ffeca7}\n.dynseo-toc li:hover{background:linear-gradient(135deg,#f8fafc,#fff);transform:translateX(8px);box-shadow:0 6px 20px rgba(0,0,0,0.1);border-left-width:6px}\n.dynseo-toc a{color:#1a1a2e;text-decoration:none;font-size:.95rem;font-weight:500;transition:color .3s}\n.dynseo-toc a:hover{color:#5e5ed7}\n.dynseo-article .styled-list,.dynseo-article ul{margin:20px 0 30px;padding:0;list-style:none}\n.dynseo-article .styled-list li,.dynseo-article ul li{position:relative;padding-left:28px;margin-bottom:14px;line-height:1.7;transition:all .3s ease}\n.dynseo-article .styled-list li:hover,.dynseo-article ul li:hover{padding-left:32px}\n.dynseo-article .styled-list li::before,.dynseo-article ul li::before{content:\"\";position:absolute;left:0;top:8px;width:10px;height:10px;background:#e73469;border-radius:50%;box-shadow:0 2px 8px rgba(231,52,105,0.3);transition:all .3s ease}\n.dynseo-article .styled-list li:hover::before,.dynseo-article ul li:hover::before{transform:scale(1.3);box-shadow:0 4px 12px rgba(231,52,105,0.4)}\n.dynseo-article blockquote{background:linear-gradient(135deg,#fff9f0 0%,#fff5eb 100%);border-left:4px solid #ffeca7;border-radius:0 16px 16px 0;padding:28px 32px;margin:35px 0;position:relative;box-shadow:0 4px 20px rgba(255,236,167,0.3);transition:all .3s ease}\n.dynseo-article blockquote:hover{transform:translateX(5px);box-shadow:0 8px 30px rgba(255,236,167,0.4);border-left-width:6px}\n.dynseo-article blockquote::before{content:\"\u275d\";font-size:3rem;color:#ffeca7;opacity:.4;position:absolute;top:10px;left:15px}\n.dynseo-article blockquote p{font-style:italic;margin-bottom:12px;padding-left:30px}\n.dynseo-article blockquote cite{display:block;font-style:normal;font-weight:600;color:#1a1a2e;padding-left:30px}\n.section-divider{text-align:center;margin:60px 0;font-size:1.8rem;letter-spacing:18px;background:linear-gradient(135deg,#ffeca7,#e73469,#a9e2e4);-webkit-background-clip:text;-webkit-text-fill-color:transparent;background-clip:text}\n.dynseo-tip-box{background:linear-gradient(135deg,#ecfdf5 0%,#d1fae5 100%);border:2px solid #a9e2e4;border-radius:16px;padding:25px 30px;margin:35px 0;position:relative;box-shadow:0 4px 20px rgba(169,226,228,0.3);transition:all .3s ease}\n.dynseo-tip-box:hover{transform:translateY(-3px);box-shadow:0 8px 30px rgba(169,226,228,0.4)}\n.dynseo-tip-box-title{font-family:'Montserrat',sans-serif;font-size:1.15rem;font-weight:700;color:#1a1a2e;margin-bottom:12px;display:flex;align-items:center;gap:10px}\n.dynseo-tip-box-title::before{content:\"\ud83d\udca1\";font-size:1.3rem}\n.dynseo-tip-box p{margin:0;color:#2c3e50}\n.dynseo-feature-grid{display:grid;grid-template-columns:repeat(3,1fr);gap:20px;margin:35px 0}\n.dynseo-feature-card{background:#fff;border-radius:20px;padding:30px 25px;text-align:center;border:2px solid #f1f5f9;transition:all .4s ease;position:relative;overflow:hidden}\n.dynseo-feature-card::before{content:\"\";position:absolute;top:0;left:0;right:0;height:4px;background:linear-gradient(90deg,#ffeca7,#e73469);transform:scaleX(0);transition:transform .3s ease}\n.dynseo-feature-card:hover::before{transform:scaleX(1)}\n.dynseo-feature-card:nth-child(3n+1){border-color:rgba(255,236,167,0.5)}\n.dynseo-feature-card:nth-child(3n+2){border-color:rgba(231,52,105,0.3)}\n.dynseo-feature-card:nth-child(3n+3){border-color:rgba(169,226,228,0.5)}\n.dynseo-feature-card:hover{transform:translateY(-8px);box-shadow:0 20px 50px rgba(0,0,0,0.12)}\n.dynseo-feature-card h4{font-family:'Montserrat',sans-serif;color:#1a1a2e;margin-bottom:10px;font-size:1.1rem;font-weight:600}\n.dynseo-feature-card p{font-size:.95rem;color:#64748b;margin:0}\n.dynseo-highlight-box{background:linear-gradient(135deg,#fef3c7 0%,#fde68a 100%);border:2px solid #ffeca7;border-radius:16px;padding:25px 30px;margin:30px 0;transition:all .3s ease}\n.dynseo-highlight-box:hover{transform:translateY(-3px);box-shadow:0 8px 30px rgba(255,236,167,0.4)}\n.dynseo-highlight-box h4{font-family:'Montserrat',sans-serif;color:#1a1a2e;margin:0 0 12px 0;font-size:1.1rem}\n.dynseo-highlight-box p{margin:0;color:#2c3e50}\n@media(max-width:768px){.dynseo-article h2{font-size:1.5rem}.dynseo-toc ol{grid-template-columns:1fr}.dynseo-feature-grid{grid-template-columns:1fr}}\n<\/style>\n<div class=\"dynseo-article\">\n<div class=\"dynseo-intro\">I <a href=\"https:\/\/www.dynseo.com\/it\/disturbi-della-memoria-nellalzheimer\/\" title=\"Disturbi della memoria nell\u2019Alzheimer\">disturbi della<\/a> memoria <a href=\"https:\/\/my.clevelandclinic.org\/health\/diseases\/9164-alzheimers-disease\">Alzheimer<\/a> : comprendere, prevenire e accompagnare<\/div>\n<nav class=\"dynseo-toc\">\n<div class=\"toc-title\">\ud83d\udccb Sommaire<\/div>\n<ol>\n<li style=\"border-left:4px solid #ffeca7\"><a href=\"#section-1\">Che cos&#039;\u00e8 la malattia di Alzheimer ?<\/a><\/li>\n<li style=\"border-left:4px solid #e73469\"><a href=\"#section-2\">I primi segni dei disturbi della memoria di Alzheimer<\/a><\/li>\n<li style=\"border-left:4px solid #a9e2e4\"><a href=\"#section-3\">L&#039;evoluzione dei disturbi della memoria nella malattia di Alzheimer<\/a><\/li>\n<li style=\"border-left:4px solid #5e5ed7\"><a href=\"#section-4\">La diagnosi precoce : una questione fondamentale<\/a><\/li>\n<li style=\"border-left:4px solid #5268c9\"><a href=\"#section-5\">I fattori di rischio e la prevenzione<\/a><\/li>\n<li style=\"border-left:4px solid #ffeca7\"><a href=\"#section-6\">I trattamenti e l&#039;accompagnamento<\/a><\/li>\n<li style=\"border-left:4px solid #e73469\"><a href=\"#section-7\">Conclusione : verso una migliore gestione dei disturbi della memoria di Alzheimer<\/a><\/li>\n<li style=\"border-left:4px solid #a9e2e4\"><a href=\"#section-8\">I progressi della ricerca sulla malattia di Alzheimer<\/a><\/li>\n<li style=\"border-left:4px solid #5e5ed7\"><a href=\"#section-9\">Il ruolo dei caregiver nella gestione della malattia di Alzheimer<\/a><\/li>\n<li style=\"border-left:4px solid #5268c9\"><a href=\"#section-10\">Le nuove tecnologie al servizio delle persone affette da Alzheimer<\/a><\/li>\n<li style=\"border-left:4px solid #ffeca7\"><a href=\"#section-11\">Le approcci olistici nella gestione della malattia di Alzheimer<\/a><\/li>\n<\/ol>\n<\/nav>\n<section class=\"dynseo-section\">\n<h2 id=\"section-1\">Che cos&#039;\u00e8 la malattia di Alzheimer ?<\/h2>\n<p>La malattia di Alzheimer \u00e8 un disturbo neurodegenerativo che altera gradualmente le facolt\u00e0 cognitive, principalmente la memoria. Questo malfunzionamento provoca un deterioramento progressivo delle capacit\u00e0 intellettuali, della comunicazione e dell&#8217;autonomia. Classificata tra le demenze, \u00e8 estremamente diffusa, colpendo milioni di individui in tutto il mondo.<\/p>\n<h3>I <a href=\"https:\/\/www.dynseo.com\/it\/difficolta-collegate-all-eta-o-sintomi-della-malattia-di-alzheimer\/\" title=\"Difficolt\u00e0 legate all&#039;et\u00e0 o sintomi della malattia di Alzheimer?\">sintomi della<\/a> malattia di Alzheimer<\/h3>\n<p>La malattia di Alzheimer si manifesta in modi diversi in ogni persona colpita. Tuttavia, alcuni sintomi comunemente osservati possono allertare sulla sua presenza :<\/p>\n<p>1. Disturbi della memoria: La perdita di memoria \u00e8 spesso il segno premonitore della malattia di Alzheimer. Le <a href=\"https:\/\/www.dynseo.com\/it\/i-benefici-della-terapia-occupazionale-per-le-persone-affette-da-autismo\/\" title=\"I benefici della terapia occupazionale per le persone affette da autismo\">persone affette<\/a> possono dimenticare eventi recenti, conversazioni o compiti quotidiani.<\/p>\n<p>2. Difficolt\u00e0 nella risoluzione dei problemi: Le capacit\u00e0 logiche e di ragionamento possono essere alterate, rendendo la risoluzione dei problemi pi\u00f9 complessa per gli individui colpiti.<\/p>\n<p>3. Cambiamenti comportamentali: La malattia di Alzheimer pu\u00f2 comportare cambiamenti di personalit\u00e0, come irritabilit\u00e0, ansia o depressione.<\/p>\n<p>4. Percezione alterata: Le persone affette possono avere difficolt\u00e0 a riconoscere oggetti, volti o luoghi familiari.<\/p>\n<p>5. Perdita della capacit\u00e0 di orientamento: La malattia di Alzheimer pu\u00f2 portare a disorientamento nel tempo e nello spazio. Le persone colpite possono perdersi anche in ambienti familiari.<\/p>\n<h3>I vantaggi delle applicazioni per la salute e il benessere per le persone affette dalla malattia di Alzheimer<\/h3>\n<p>Le applicazioni per la salute e il benessere sviluppate da DYNSEO offrono numerosi vantaggi per le persone affette dalla malattia di Alzheimer :<\/p>\n<p>1. Stimolazione cognitiva: Le applicazioni proposte da DYNSEO consentono di stimolare le funzioni cognitive, come la memoria, l&#8217;attenzione o il ragionamento. Offrono esercizi ludici e adattati alle capacit\u00e0 degli utenti, favorendo cos\u00ec il mantenimento delle competenze intellettuali.<\/p>\n<p>2. Miglioramento dell&#8217;autonomia: Le applicazioni possono essere utilizzate in modo indipendente a casa, offrendo alle persone affette dalla malattia di Alzheimer la possibilit\u00e0 di allenarsi e divertirsi, rafforzando al contempo la loro autonomia.<\/p>\n<p>3. Facilit\u00e0 d&#8217;uso: Le applicazioni di DYNSEO sono progettate in modo intuitivo, facilitando il loro utilizzo da parte delle persone affette dalla malattia di Alzheimer, anche in caso di difficolt\u00e0 cognitive.<\/p>\n<p>4. Monitoraggio personalizzato: Alcune applicazioni di DYNSEO consentono di monitorare i progressi dell&#8217;utente nel tempo, permettendo ai caregiver e ai professionisti della salute di adattare le attivit\u00e0 in base alle esigenze specifiche di ogni individuo.<\/p>\n<p>Grazie alle applicazioni per la salute e il benessere di DYNSEO, le persone affette dalla malattia di Alzheimer possono beneficiare di una stimolazione cognitiva adeguata, favorendo cos\u00ec il mantenimento delle loro capacit\u00e0 e della loro qualit\u00e0 di vita.<\/p><\/div>\n<div class=\"dynamicContent_2\"><\/section>\n<section class=\"dynseo-section\">\n<h2 id=\"section-2\">I primi segni dei disturbi della memoria di Alzheimer<\/h2>\n<h3>Dimenticanza frequente di appuntamenti ed eventi recenti<\/h3>\n<p>L&#8217;uno dei primi segni dei disturbi della memoria legati alla malattia di Alzheimer \u00e8 la dimenticanza frequente di appuntamenti e eventi recenti. Diventa difficile per la persona colpita ricordare gli impegni presi e gli eventi che si sono verificati di recente. Questo pu\u00f2 tradursi in dimenticanze di appuntamenti medici, compleanni o riunioni familiari importanti. Queste dimenticanze frequenti possono iniziare a sembrare banali, ma possono aggravarsi nel tempo.<\/p>\n<h3>Difficolt\u00e0 a trovare la parola giusta in una conversazione<\/h3>\n<p>Un altro segno precoce dei disturbi della memoria di Alzheimer \u00e8 la difficolt\u00e0 a trovare la parola giusta in una conversazione. La persona pu\u00f2 avere difficolt\u00e0 a esprimersi correttamente e a ritrovare parole comuni. Ad esempio, pu\u00f2 avere difficolt\u00e0 a ricordare il nome di una persona o di un oggetto familiare. Questa difficolt\u00e0 nel trovare la parola giusta pu\u00f2 creare frustrazioni negli scambi sociali e rendere la comunicazione pi\u00f9 faticosa.<\/p>\n<h3>Perdita di oggetti e incapacit\u00e0 di ricordarne la posizione<\/h3>\n<p>La perdita di oggetti e l&#8217;incapacit\u00e0 di ricordarne la posizione sono anche segni premonitori dei disturbi della memoria legati alla malattia di Alzheimer. La persona pu\u00f2 smarrire frequentemente le chiavi, il portafoglio o altri oggetti che utilizzava facilmente in precedenza. Pu\u00f2 anche avere difficolt\u00e0 a ritrovare oggetti familiari nel loro posto abituale. Questa perdita di riferimenti pu\u00f2 causare un senso di confusione nella persona colpita.<\/p>\n<h3>Confusione crescente di fronte alle attivit\u00e0 quotidiane<\/h3>\n<p>La confusione crescente di fronte alle attivit\u00e0 quotidiane \u00e8 un segno allarmante dei disturbi della memoria legati alla malattia di Alzheimer. La persona pu\u00f2 incontrare difficolt\u00e0 a svolgere compiti che normalmente eseguiva senza sforzo. Ad esempio, pu\u00f2 avere difficolt\u00e0 a cucinare un pasto, a ricordare l&#8217;ordine delle fasi o a utilizzare correttamente gli elettrodomestici. Questa confusione di fronte alle attivit\u00e0 quotidiane pu\u00f2 essere fonte di frustrazione e insicurezza per la persona colpita.<\/p>\n<p>Questi cambiamenti possono essere confusi con i segni normali dell&#8217;invecchiamento, ma \u00e8 importante notare la frequenza e l&#8217;intensit\u00e0 di questi disturbi della memoria. Se questi segni persistono e iniziano a influenzare significativamente la vita quotidiana, \u00e8 consigliabile consultare un professionista della salute per una diagnosi appropriata.<\/p><\/div>\n<div class=\"dynamicContent_3\"><\/section>\n<div class=\"section-divider\">\u25c6 \u25c6 \u25c6<\/div>\n<section class=\"dynseo-section\">\n<h2 id=\"section-3\">L&#039;evoluzione dei disturbi della memoria nella malattia di Alzheimer<\/h2>\n<h3>Perdite di memoria degli eventi passati<\/h3>\n<ul class=\"styled-list\">\n<li><b>Difficolt\u00e0 a ricordare eventi passati<\/b> : Nel corso della progressione della malattia di Alzheimer, i ricordi antichi possono diventare sempre pi\u00f9 sfocati. I pazienti possono avere difficolt\u00e0 a ricordare momenti importanti della loro vita, come compleanni o matrimoni.<\/li>\n<\/ul>\n<h3>Confusione delle identit\u00e0<\/h3>\n<ul class=\"styled-list\">\n<li><b>Non riconoscere i propri cari o confondere le loro identit\u00e0<\/b> : Questa evoluzione della malattia pu\u00f2 essere particolarmente disorientante per i familiari. Le persone colpite possono avere difficolt\u00e0 a riconoscere i propri partner, i propri figli o i propri nipoti, e persino confondere le loro identit\u00e0.<\/li>\n<\/ul>\n<h3>Difficolt\u00e0 con i riferimenti spaziali e temporali<\/h3>\n<ul class=\"styled-list\">\n<li><b>Difficolt\u00e0 a comprendere i riferimenti spaziali e temporali<\/b> : La malattia di Alzheimer pu\u00f2 influenzare la capacit\u00e0 di orientamento e comprensione dello spazio e del tempo. I pazienti possono avere difficolt\u00e0 a orientarsi nel loro ambiente, a ricordare l&#8217;ora o il giorno, il che pu\u00f2 portare a perturbazioni nella loro quotidianit\u00e0.<\/li>\n<\/ul>\n<h3>Altri disturbi cognitivi<\/h3>\n<ul class=\"styled-list\">\n<li><b>Difficolt\u00e0 a risolvere problemi<\/b> : La malattia di Alzheimer pu\u00f2 portare a una diminuzione delle capacit\u00e0 cognitive, il che si traduce in difficolt\u00e0 a risolvere problemi semplici della vita quotidiana.<\/li>\n<li><b>Mancanza di iniziativa<\/b> : Le persone colpite da questa malattia possono perdere la loro motivazione e voglia di intraprendere attivit\u00e0. Possono diventare pi\u00f9 passive e avere bisogno di essere incoraggiate a impegnarsi in compiti.<\/li>\n<li><b>Cambiamenti comportamentali e dell&#8217;umore<\/b> : L&#8217;evoluzione della malattia di Alzheimer pu\u00f2 anche portare a cambiamenti comportamentali e dell&#8217;umore. I pazienti possono diventare pi\u00f9 ansiosi, agitati, o al contrario pi\u00f9 apatici e indifferenti.<\/li>\n<\/ul>\n<p>\u00c8 essenziale comprendere che l&#8217;evoluzione dei disturbi della memoria nella malattia di Alzheimer \u00e8 progressiva e pu\u00f2 variare da persona a persona. Tuttavia, conoscendo e comprendendo questi segni, \u00e8 possibile adattare e fornire il supporto adeguato ai pazienti e ai loro cari nella loro quotidianit\u00e0.<\/p><\/div>\n<div class=\"dynamicContent_4\"><\/section>\n<section class=\"dynseo-section\">\n<h2 id=\"section-4\">La diagnosi precoce : una questione fondamentale<\/h2>\n<h3>Implementare trattamenti adeguati<\/h3>\n<p>Una diagnosi precoce dei disturbi della memoria legati alla malattia di Alzheimer consente di implementare trattamenti adeguati. Identificando rapidamente la malattia, \u00e8 possibile prescrivere farmaci che rallentano la progressione dei sintomi. Questi trattamenti consentono di mantenere la qualit\u00e0 della vita del paziente e di ritardare l&#8217;insorgenza dei sintomi pi\u00f9 invalidanti.<\/p>\n<h3>Un accompagnamento personalizzato<\/h3>\n<p>Una diagnosi anticipata offre la possibilit\u00e0 di proporre un accompagnamento psicosociale adeguato al paziente e alla sua famiglia. I professionisti della salute possono aiutare il paziente e i suoi cari a comprendere la malattia, a gestire le emozioni e a trovare strategie per compensare le difficolt\u00e0. Questo consente di vivere meglio ogni giorno con la malattia e di preservare i legami familiari.<\/p>\n<h3>Un ambiente sicuro<\/h3>\n<p>Preparare un ambiente di vita sicuro \u00e8 un aspetto essenziale della diagnosi precoce. Anticipando le difficolt\u00e0 legate alla malattia di Alzheimer, \u00e8 possibile implementare misure di sicurezza, come l&#8217;installazione di sistemi di allerta o la messa in sicurezza degli spazi abitativi. Queste precauzioni aiutano a prevenire incidenti domestici e a garantire la sicurezza del paziente.<\/p>\n<h3>Facilitare l&#8217;implementazione di strategie compensative<\/h3>\n<p>La diagnosi precoce consente anche di facilitare l&#8217;implementazione di strategie compensative. Grazie a una valutazione approfondita delle capacit\u00e0 cognitive del paziente, \u00e8 possibile identificare i suoi punti di forza e le sue difficolt\u00e0. Basandosi su queste informazioni, i professionisti della salute possono raccomandare tecniche adeguate per migliorare la memoria, la concentrazione e le capacit\u00e0 organizzative del paziente.<\/p>\n<p>In sintesi, la diagnosi precoce dei disturbi della memoria legati alla malattia di Alzheimer consente di implementare trattamenti adeguati, un accompagnamento personalizzato, un ambiente sicuro e strategie compensative. Gioca un ruolo essenziale nel mantenere la qualit\u00e0 della vita delle persone affette dalla malattia e nel sostenere i loro cari.<\/p><\/div>\n<\/section>\n<div class=\"section-divider\">\u25c6 \u25c6 \u25c6<\/div>\n<section class=\"dynseo-section\">\n<h2 id=\"section-5\">I fattori di rischio e la prevenzione<\/h2>\n<p>Diversi fattori possono aumentare la probabilit\u00e0 di sviluppare la malattia di Alzheimer, tra cui :<\/p>\n<div class=\"dynseo-feature-grid\">\n<div class=\"dynseo-feature-card\">\n<h4>L&#039;et\u00e0 avanzata<\/h4>\n<pee>Il rischio aumenta significativamente dopo i 65 anni.<\/pee><\/div>\n<div class=\"dynseo-feature-card\">\n<h4>Le storie familiari<\/h4>\n<pee>Alcuni geni predispongono allo sviluppo della malattia.<\/pee><\/div>\n<div class=\"dynseo-feature-card\">\n<h4>Lo stile di vita<\/h4>\n<pee>Una mancanza di attivit\u00e0 fisica, una cattiva alimentazione, l&#039;obesit\u00e0, l&#039;ipertensione o il fumo possono essere fattori aggravanti.<\/pee><\/div>\n<\/div>\n<p>Per ridurre i rischi, si raccomanda di adottare uno stile di vita sano :<\/p>\n<ul class=\"styled-list\">\n<li>Privilegiare un&#8217;alimentazione equilibrata, ricca di frutta, verdura e omega-3<\/li>\n<li>Fare esercizio fisico regolarmente<\/li>\n<li>Stimolare regolarmente le proprie capacit\u00e0 intellettuali attraverso la lettura, giochi di memoria o l&#8217;apprendimento di nuove competenze<\/li>\n<li>Evitare lo stress cronico e favorire un sonno di qualit\u00e0<\/li>\n<\/ul>\n<\/section>\n<section class=\"dynseo-section\">\n<h2 id=\"section-6\">I trattamenti e l&#039;accompagnamento<\/h2>\n<p>Sebbene ad oggi non esista un trattamento curativo, diverse approcci possono aiutare a gestire i disturbi della memoria :<\/p>\n<ul class=\"styled-list\">\n<li><strong>Farmaci sintomatici<\/strong> : Possono attenuare alcune manifestazioni cognitive e comportamentali.<\/li>\n<li><strong>Terapie non farmacologiche<\/strong> : Stimolazione cognitiva, logopedia, musicoterapia e arteterapia contribuiscono a migliorare la qualit\u00e0 della vita.<\/li>\n<li><strong>Supporto ai caregiver<\/strong> : I familiari svolgono un ruolo chiave. I gruppi di supporto, la formazione e i servizi di <a href=\"https:\/\/www.dynseo.com\/it\/integrazione-strumenti-digitali-assistenza-domiciliare\/\" title=\"Integrazione degli Strumenti Digitali nella Nostra Cassetta degli Attrezzi per l&rsquo;Assistenza Domiciliare.\">assistenza domiciliare<\/a> sono risorse preziose.<\/li>\n<\/ul>\n<\/section>\n<div class=\"section-divider\">\u25c6 \u25c6 \u25c6<\/div>\n<section class=\"dynseo-section\">\n<h2 id=\"section-7\">Conclusione : verso una migliore gestione dei disturbi della memoria di Alzheimer<\/h2>\n<p>La malattia di Alzheimer rappresenta una sfida importante per la societ\u00e0, i pazienti e le loro famiglie. Una maggiore sensibilizzazione, una diagnosi precoce, una prevenzione basata su uno stile di vita sano e strategie di accompagnamento adeguate consentono di gestire meglio i disturbi della memoria. \u00c8 cruciale continuare la ricerca per sviluppare trattamenti pi\u00f9 efficaci e, a lungo termine, sperare di prevenire o curare la malattia.<\/p>\n<\/div>\n<\/div>\n<\/div>\n<\/div>\n<\/section>\n<section class=\"dynseo-section\">\n<h2 id=\"section-8\">I progressi della ricerca sulla malattia di Alzheimer<\/h2>\n<pee>La ricerca sulla malattia di Alzheimer \u00e8 in costante evoluzione, con numerosi studi volti a comprendere meglio i meccanismi della malattia e a sviluppare nuovi trattamenti. Questi progressi sono cruciali per migliorare la gestione dei pazienti e delle loro famiglie.<\/pee>\n<ul class=\"styled-list\">\n<li><strong>Identificazione di biomarcatori :<\/strong> I ricercatori stanno lavorando su biomarcatori nel sangue e nel liquido cerebrospinale che potrebbero consentire una diagnosi pi\u00f9 precoce e una migliore valutazione della progressione della malattia.<\/li>\n<li><strong>Studi clinici :<\/strong> Nuovi farmaci sono in fase di valutazione in studi clinici, mirati a colpire le proteine amiloidi e tau, coinvolte nella degenerazione neuronale.<\/li>\n<li><strong>Terapie geniche :<\/strong> Approcci innovativi, come la terapia genica, sono esplorati per modificare i geni associati alla malattia e potenzialmente rallentare la sua progressione.<\/li>\n<li><strong>Analisi dei fattori ambientali :<\/strong> Studi esaminano l&#8217;impatto di fattori ambientali, come l&#8217;inquinamento e lo stile di vita, sullo sviluppo della malattia, al fine di comprendere meglio la sua eziologia.<\/li>\n<\/ul>\n<\/section>\n<div class=\"section-divider\">\u25c6 \u25c6 \u25c6<\/div>\n<section class=\"dynseo-section\">\n<h2 id=\"section-9\">Il ruolo dei caregiver nella gestione della malattia di Alzheimer<\/h2>\n<pee>I caregiver svolgono un ruolo essenziale nella vita delle persone affette dalla malattia di Alzheimer. Il loro supporto e comprensione sono cruciali per il benessere dei pazienti.<\/pee>\n<ul class=\"styled-list\">\n<li><strong>Assistenza quotidiana :<\/strong> I caregiver aiutano i pazienti nelle attivit\u00e0 della vita quotidiana, come l&#8217;igiene personale, i pasti e gli spostamenti.<\/li>\n<li><strong>Gestione dei comportamenti difficili :<\/strong> Spesso si trovano ad affrontare comportamenti difficili, come agitazione o confusione, e devono sviluppare strategie per gestirli con pazienza e comprensione.<\/li>\n<li><strong>Formazione e sensibilizzazione :<\/strong> \u00c8 importante che i caregiver ricevano formazione sulla malattia di Alzheimer per comprendere meglio le sue manifestazioni e adattare il loro approccio.<\/li>\n<li><strong>Ricerca di supporto :<\/strong> I caregiver devono anche cercare gruppi di supporto e risorse disponibili per aiutarli ad affrontare le sfide emotive e fisiche del loro ruolo.<\/li>\n<\/ul>\n<\/section>\n<section class=\"dynseo-section\">\n<h2 id=\"section-10\">Le nuove tecnologie al servizio delle persone affette da Alzheimer<\/h2>\n<pee>Le avanzate tecnologiche offrono nuove opportunit\u00e0 per migliorare la qualit\u00e0 della vita delle persone affette dalla malattia di Alzheimer e dei loro caregiver.<\/pee>\n<ul class=\"styled-list\">\n<li><strong>Applicazioni di monitoraggio :<\/strong> Applicazioni mobili consentono ai caregiver di monitorare le attivit\u00e0 e i comportamenti dei pazienti, facilitando cos\u00ec la gestione della loro quotidianit\u00e0.<\/li>\n<li><strong>Dispositivi di localizzazione :<\/strong> Le tecnologie di geolocalizzazione possono aiutare a ritrovare le persone affette da Alzheimer che si perdono, offrendo cos\u00ec tranquillit\u00e0 alle famiglie.<\/li>\n<li><strong>Strumenti di comunicazione :<\/strong> Dispositivi di comunicazione semplificati sono progettati per facilitare gli scambi tra i pazienti e i loro cari, riducendo cos\u00ec l&#8217;isolamento sociale.<\/li>\n<li><strong>Realt\u00e0 virtuale e giochi seri :<\/strong> Queste tecnologie sono utilizzate per stimolare le funzioni cognitive dei pazienti attraverso esercizi ludici e immersivi, favorendo cos\u00ec il loro coinvolgimento mentale.<\/li>\n<\/ul>\n<\/section>\n<div class=\"section-divider\">\u25c6 \u25c6 \u25c6<\/div>\n<section class=\"dynseo-section\">\n<h2 id=\"section-11\">Le approcci olistici nella gestione della malattia di Alzheimer<\/h2>\n<pee>Adottare un approccio olistico nella gestione della malattia di Alzheimer significa considerare il benessere globale del paziente, integrando strategie fisiche, emotive e sociali.<\/pee>\n<ul class=\"styled-list\">\n<li><strong>Terapie complementari :<\/strong> Pratiche come la meditazione, lo yoga o l&#8217;arteterapia possono aiutare a ridurre lo stress e migliorare l&#8217;umore dei pazienti.<\/li>\n<li><strong>Attivit\u00e0 sociali :<\/strong> Incoraggiare la partecipazione ad attivit\u00e0 sociali e comunitarie pu\u00f2 aiutare a mantenere le competenze sociali e a combattere l&#8217;isolamento.<\/li>\n<li><strong>Nutrizione adeguata :<\/strong> Un&#8217;alimentazione equilibrata e adeguata pu\u00f2 contribuire alla salute cerebrale, integrando alimenti ricchi di antiossidanti e omega-3.<\/li>\n<li><strong>Esercizio fisico :<\/strong> La pratica regolare di un&#8217;attivit\u00e0 fisica adeguata aiuta a mantenere la mobilit\u00e0 e a stimolare le funzioni cognitive.<\/li>\n<\/ul>\n<p>[et_pb_code][\/et_pb_code]<\/section>\n<\/div>\n<p>[\/et_pb_code][\/et_pb_column][\/et_pb_row][\/et_pb_section][et_pb_section fb_built=&#8221;1&#8243; _builder_version=&#8221;4.16&#8243;][et_pb_row][et_pb_column type=&#8221;4_4&#8243;][et_pb_code]<script type=\"application\/ld+json\">{\"@context\":\"https:\/\/schema.org\",\"@type\":\"FAQPage\",\"mainEntity\":[{\"@type\":\"Question\",\"name\":\"Che cos'\u00e8 la malattia di Alzheimer?\",\"acceptedAnswer\":{\"@type\":\"Answer\",\"text\":\"La malattia di Alzheimer \u00e8 un disturbo neurodegenerativo che altera gradualmente le facolt\u00e0 cognitive, principalmente la memoria. Questo malfunzionamento provoca un deterioramento progressivo delle capacit\u00e0 intellettuali, della comunicazione e dell'autonomia. \u00c8 classificata tra le demenze ed \u00e8 estremamente diffusa, colpendo milioni di individui in tutto il mondo.\"}},{\"@type\":\"Question\",\"name\":\"Quali sono i principali sintomi della malattia di Alzheimer?\",\"acceptedAnswer\":{\"@type\":\"Answer\",\"text\":\"I principali sintomi includono: disturbi della memoria (perdita di memoria per eventi recenti), difficolt\u00e0 nella risoluzione dei problemi, cambiamenti comportamentali (irritabilit\u00e0, ansia o depressione), percezione alterata (difficolt\u00e0 nel riconoscere oggetti, volti o luoghi familiari), e perdita della capacit\u00e0 di orientamento nel tempo e nello spazio.\"}},{\"@type\":\"Question\",\"name\":\"Qual \u00e8 il primo segno della malattia di Alzheimer?\",\"acceptedAnswer\":{\"@type\":\"Answer\",\"text\":\"La perdita di memoria \u00e8 spesso il segno premonitore della malattia di Alzheimer. Le persone affette possono dimenticare eventi recenti, conversazioni o compiti quotidiani.\"}},{\"@type\":\"Question\",\"name\":\"Come si manifestano i problemi di orientamento nell'Alzheimer?\",\"acceptedAnswer\":{\"@type\":\"Answer\",\"text\":\"La malattia di Alzheimer pu\u00f2 portare a disorientamento nel tempo e nello spazio. Le persone colpite possono perdersi anche in ambienti familiari e avere difficolt\u00e0 a riconoscere luoghi che conoscevano bene.\"}},{\"@type\":\"Question\",\"name\":\"Che vantaggi offrono le applicazioni DYNSEO per le persone con Alzheimer?\",\"acceptedAnswer\":{\"@type\":\"Answer\",\"text\":\"Le applicazioni per la salute e il benessere sviluppate da DYNSEO offrono stimolazione cognitiva per le persone affette dalla malattia di Alzheimer. Permettono di stimolare le funzioni cognitive come la memoria, l'attenzione e il ragionamento attraverso esercizi ludici e adattati alle capacit\u00e0 degli utenti.\"}},{\"@type\":\"Question\",\"name\":\"I sintomi dell'Alzheimer sono uguali per tutti?\",\"acceptedAnswer\":{\"@type\":\"Answer\",\"text\":\"No, la malattia di Alzheimer si manifesta in modi diversi in ogni persona colpita. Tuttavia, esistono alcuni sintomi comunemente osservati che possono allertare sulla presenza della malattia.\"}}]}<\/script><br \/>\n<script type=\"application\/ld+json\">{\"@context\":\"https:\/\/schema.org\",\"@type\":\"FAQPage\",\"mainEntity\":[{\"@type\":\"Question\",\"name\":\"Che cos'\u00e8 la malattia di Alzheimer?\",\"acceptedAnswer\":{\"@type\":\"Answer\",\"text\":\"La malattia di Alzheimer \u00e8 un disturbo neurodegenerativo che altera gradualmente le facolt\u00e0 cognitive, principalmente la memoria. Questo malfunzionamento provoca un deterioramento progressivo delle capacit\u00e0 intellettuali, della comunicazione e dell'autonomia. \u00c8 classificata tra le demenze ed \u00e8 estremamente diffusa, colpendo milioni di individui in tutto il mondo.\"}},{\"@type\":\"Question\",\"name\":\"Quali sono i principali sintomi della malattia di Alzheimer?\",\"acceptedAnswer\":{\"@type\":\"Answer\",\"text\":\"I principali sintomi includono: disturbi della memoria (perdita di memoria per eventi recenti), difficolt\u00e0 nella risoluzione dei problemi, cambiamenti comportamentali (irritabilit\u00e0, ansia o depressione), percezione alterata (difficolt\u00e0 nel riconoscere oggetti, volti o luoghi familiari), e perdita della capacit\u00e0 di orientamento nel tempo e nello spazio.\"}},{\"@type\":\"Question\",\"name\":\"Qual \u00e8 il primo segno della malattia di Alzheimer?\",\"acceptedAnswer\":{\"@type\":\"Answer\",\"text\":\"La perdita di memoria \u00e8 spesso il segno premonitore della malattia di Alzheimer. Le persone affette possono dimenticare eventi recenti, conversazioni o compiti quotidiani.\"}},{\"@type\":\"Question\",\"name\":\"Come si manifestano i problemi di orientamento nell'Alzheimer?\",\"acceptedAnswer\":{\"@type\":\"Answer\",\"text\":\"La malattia di Alzheimer pu\u00f2 portare a disorientamento nel tempo e nello spazio. Le persone colpite possono perdersi anche in ambienti familiari e avere difficolt\u00e0 a riconoscere luoghi che conoscevano bene.\"}},{\"@type\":\"Question\",\"name\":\"Che vantaggi offrono le applicazioni DYNSEO per le persone con Alzheimer?\",\"acceptedAnswer\":{\"@type\":\"Answer\",\"text\":\"Le applicazioni per la salute e il benessere sviluppate da DYNSEO offrono stimolazione cognitiva per le persone affette dalla malattia di Alzheimer. Permettono di stimolare le funzioni cognitive come la memoria, l'attenzione e il ragionamento attraverso esercizi ludici e adattati alle capacit\u00e0 degli utenti.\"}},{\"@type\":\"Question\",\"name\":\"I sintomi dell'Alzheimer sono uguali per tutti?\",\"acceptedAnswer\":{\"@type\":\"Answer\",\"text\":\"No, la malattia di Alzheimer si manifesta in modi diversi in ogni persona colpita. Tuttavia, esistono alcuni sintomi comunemente osservati che possono allertare sulla presenza della malattia.\"}}]}<\/script>[\/et_pb_code][\/et_pb_column][\/et_pb_row][\/et_pb_section]<\/p>\n","protected":false},"excerpt":{"rendered":"<p>I disturbi della memoria Alzheimer : comprendere, prevenire e accompagnare\ud83d\udccb SommaireChe cos&#039;\u00e8 la malattia di Alzheimer ?I primi segni dei disturbi della memoria di AlzheimerL&#039;evoluzione dei disturbi della memoria nella malattia di AlzheimerLa diagnosi precoce : una questione fondamentaleI fattori di rischio e la prevenzioneI trattamenti e l&#039;accompagnamentoConclusione : verso una migliore gestione dei disturbi [&hellip;]<\/p>\n","protected":false},"author":4,"featured_media":323337,"comment_status":"closed","ping_status":"closed","sticky":false,"template":"","format":"standard","meta":{"_et_pb_use_builder":"on","_et_pb_old_content":"","_et_gb_content_width":"","footnotes":""},"categories":[2915,2698],"tags":[],"class_list":["post-416152","post","type-post","status-publish","format-standard","has-post-thumbnail","hentry","category-les-conseils-des-coachs","category-tutto-sullalzheimer"],"yoast_head":"<!-- This site is optimized with the Yoast SEO plugin v27.4 - https:\/\/yoast.com\/product\/yoast-seo-wordpress\/ -->\n<title>I disturbi della memoria di Alzheimer - DYNSEO - App educativa e giochi di memoria<\/title>\n<meta name=\"robots\" content=\"index, follow, max-snippet:-1, max-image-preview:large, max-video-preview:-1\" \/>\n<link rel=\"canonical\" href=\"https:\/\/www.dynseo.com\/it\/i-disturbi-della-memoria-di-alzheimer\/\" \/>\n<meta property=\"og:locale\" content=\"it_IT\" \/>\n<meta property=\"og:type\" content=\"article\" \/>\n<meta property=\"og:title\" content=\"I disturbi della memoria di Alzheimer - DYNSEO - App educativa e giochi di memoria\" \/>\n<meta property=\"og:description\" content=\"I disturbi della memoria Alzheimer : comprendere, prevenire e accompagnare\ud83d\udccb SommaireChe cos&#039;\u00e8 la malattia di Alzheimer ?I primi segni dei disturbi della memoria di AlzheimerL&#039;evoluzione dei disturbi della memoria nella malattia di AlzheimerLa diagnosi precoce : una questione fondamentaleI fattori di rischio e la prevenzioneI trattamenti e l&#039;accompagnamentoConclusione : verso una migliore gestione dei disturbi [&hellip;]\" \/>\n<meta property=\"og:url\" content=\"https:\/\/www.dynseo.com\/it\/i-disturbi-della-memoria-di-alzheimer\/\" \/>\n<meta property=\"og:site_name\" content=\"DYNSEO - App educativa e giochi di memoria\" \/>\n<meta property=\"article:published_time\" content=\"2025-10-15T19:42:56+00:00\" \/>\n<meta property=\"article:modified_time\" content=\"2025-12-28T12:42:33+00:00\" \/>\n<meta property=\"og:image\" content=\"https:\/\/www.dynseo.com\/wp-content\/uploads\/2023\/03\/seniors-with-dementia-alzheimer-association.png\" \/>\n\t<meta property=\"og:image:width\" content=\"500\" \/>\n\t<meta property=\"og:image:height\" content=\"500\" \/>\n\t<meta property=\"og:image:type\" content=\"image\/png\" \/>\n<meta name=\"author\" content=\"DYNSEO\" \/>\n<meta name=\"twitter:label1\" content=\"Scritto da\" \/>\n\t<meta name=\"twitter:data1\" content=\"DYNSEO\" \/>\n\t<meta name=\"twitter:label2\" content=\"Tempo di lettura stimato\" \/>\n\t<meta name=\"twitter:data2\" content=\"11 minuti\" \/>\n<script type=\"application\/ld+json\" class=\"yoast-schema-graph\">{\"@context\":\"https:\\\/\\\/schema.org\",\"@graph\":[{\"@type\":\"Article\",\"@id\":\"https:\\\/\\\/www.dynseo.com\\\/it\\\/i-disturbi-della-memoria-di-alzheimer\\\/#article\",\"isPartOf\":{\"@id\":\"https:\\\/\\\/www.dynseo.com\\\/it\\\/i-disturbi-della-memoria-di-alzheimer\\\/\"},\"author\":{\"name\":\"DYNSEO\",\"@id\":\"https:\\\/\\\/www.dynseo.com\\\/it\\\/#\\\/schema\\\/person\\\/78ef63df2ee64e0989bc68f8401b38d6\"},\"headline\":\"I disturbi della memoria di Alzheimer\",\"datePublished\":\"2025-10-15T19:42:56+00:00\",\"dateModified\":\"2025-12-28T12:42:33+00:00\",\"mainEntityOfPage\":{\"@id\":\"https:\\\/\\\/www.dynseo.com\\\/it\\\/i-disturbi-della-memoria-di-alzheimer\\\/\"},\"wordCount\":2347,\"publisher\":{\"@id\":\"https:\\\/\\\/www.dynseo.com\\\/it\\\/#organization\"},\"image\":{\"@id\":\"https:\\\/\\\/www.dynseo.com\\\/it\\\/i-disturbi-della-memoria-di-alzheimer\\\/#primaryimage\"},\"thumbnailUrl\":\"https:\\\/\\\/www.dynseo.com\\\/wp-content\\\/uploads\\\/2023\\\/03\\\/seniors-with-dementia-alzheimer-association.png\",\"articleSection\":[\"Les conseils des coachs\",\"Tutto sull'Alzheimer\"],\"inLanguage\":\"it-IT\"},{\"@type\":\"WebPage\",\"@id\":\"https:\\\/\\\/www.dynseo.com\\\/it\\\/i-disturbi-della-memoria-di-alzheimer\\\/\",\"url\":\"https:\\\/\\\/www.dynseo.com\\\/it\\\/i-disturbi-della-memoria-di-alzheimer\\\/\",\"name\":\"I disturbi della memoria di Alzheimer - DYNSEO - App educativa e giochi di memoria\",\"isPartOf\":{\"@id\":\"https:\\\/\\\/www.dynseo.com\\\/it\\\/#website\"},\"primaryImageOfPage\":{\"@id\":\"https:\\\/\\\/www.dynseo.com\\\/it\\\/i-disturbi-della-memoria-di-alzheimer\\\/#primaryimage\"},\"image\":{\"@id\":\"https:\\\/\\\/www.dynseo.com\\\/it\\\/i-disturbi-della-memoria-di-alzheimer\\\/#primaryimage\"},\"thumbnailUrl\":\"https:\\\/\\\/www.dynseo.com\\\/wp-content\\\/uploads\\\/2023\\\/03\\\/seniors-with-dementia-alzheimer-association.png\",\"datePublished\":\"2025-10-15T19:42:56+00:00\",\"dateModified\":\"2025-12-28T12:42:33+00:00\",\"breadcrumb\":{\"@id\":\"https:\\\/\\\/www.dynseo.com\\\/it\\\/i-disturbi-della-memoria-di-alzheimer\\\/#breadcrumb\"},\"inLanguage\":\"it-IT\",\"potentialAction\":[{\"@type\":\"ReadAction\",\"target\":[\"https:\\\/\\\/www.dynseo.com\\\/it\\\/i-disturbi-della-memoria-di-alzheimer\\\/\"]}]},{\"@type\":\"ImageObject\",\"inLanguage\":\"it-IT\",\"@id\":\"https:\\\/\\\/www.dynseo.com\\\/it\\\/i-disturbi-della-memoria-di-alzheimer\\\/#primaryimage\",\"url\":\"https:\\\/\\\/www.dynseo.com\\\/wp-content\\\/uploads\\\/2023\\\/03\\\/seniors-with-dementia-alzheimer-association.png\",\"contentUrl\":\"https:\\\/\\\/www.dynseo.com\\\/wp-content\\\/uploads\\\/2023\\\/03\\\/seniors-with-dementia-alzheimer-association.png\",\"width\":500,\"height\":500,\"caption\":\"Giocare per imparare: attivit\u00e0 divertenti e formative per bambini con autismo\"},{\"@type\":\"BreadcrumbList\",\"@id\":\"https:\\\/\\\/www.dynseo.com\\\/it\\\/i-disturbi-della-memoria-di-alzheimer\\\/#breadcrumb\",\"itemListElement\":[{\"@type\":\"ListItem\",\"position\":1,\"name\":\"Accueil\",\"item\":\"https:\\\/\\\/www.dynseo.com\\\/it\\\/\"},{\"@type\":\"ListItem\",\"position\":2,\"name\":\"I disturbi della memoria di Alzheimer\"}]},{\"@type\":\"WebSite\",\"@id\":\"https:\\\/\\\/www.dynseo.com\\\/it\\\/#website\",\"url\":\"https:\\\/\\\/www.dynseo.com\\\/it\\\/\",\"name\":\"Jeux de m\u00e9moire et stimulation cognitive\",\"description\":\"Con DYNSEO, la tua memoria mette il turbo!\",\"publisher\":{\"@id\":\"https:\\\/\\\/www.dynseo.com\\\/it\\\/#organization\"},\"potentialAction\":[{\"@type\":\"SearchAction\",\"target\":{\"@type\":\"EntryPoint\",\"urlTemplate\":\"https:\\\/\\\/www.dynseo.com\\\/it\\\/?s={search_term_string}\"},\"query-input\":{\"@type\":\"PropertyValueSpecification\",\"valueRequired\":true,\"valueName\":\"search_term_string\"}}],\"inLanguage\":\"it-IT\"},{\"@type\":\"Organization\",\"@id\":\"https:\\\/\\\/www.dynseo.com\\\/it\\\/#organization\",\"name\":\"DYNSEO\",\"url\":\"https:\\\/\\\/www.dynseo.com\\\/it\\\/\",\"logo\":{\"@type\":\"ImageObject\",\"inLanguage\":\"it-IT\",\"@id\":\"https:\\\/\\\/www.dynseo.com\\\/it\\\/#\\\/schema\\\/logo\\\/image\\\/\",\"url\":\"https:\\\/\\\/www.dynseo.com\\\/wp-content\\\/uploads\\\/2022\\\/05\\\/logo-dynseo-new.png\",\"contentUrl\":\"https:\\\/\\\/www.dynseo.com\\\/wp-content\\\/uploads\\\/2022\\\/05\\\/logo-dynseo-new.png\",\"width\":5073,\"height\":1397,\"caption\":\"DYNSEO\"},\"image\":{\"@id\":\"https:\\\/\\\/www.dynseo.com\\\/it\\\/#\\\/schema\\\/logo\\\/image\\\/\"}},{\"@type\":\"Person\",\"@id\":\"https:\\\/\\\/www.dynseo.com\\\/it\\\/#\\\/schema\\\/person\\\/78ef63df2ee64e0989bc68f8401b38d6\",\"name\":\"DYNSEO\",\"url\":\"https:\\\/\\\/www.dynseo.com\\\/it\\\/author\\\/justine\\\/\"}]}<\/script>\n<!-- \/ Yoast SEO plugin. -->","yoast_head_json":{"title":"I disturbi della memoria di Alzheimer - DYNSEO - App educativa e giochi di memoria","robots":{"index":"index","follow":"follow","max-snippet":"max-snippet:-1","max-image-preview":"max-image-preview:large","max-video-preview":"max-video-preview:-1"},"canonical":"https:\/\/www.dynseo.com\/it\/i-disturbi-della-memoria-di-alzheimer\/","og_locale":"it_IT","og_type":"article","og_title":"I disturbi della memoria di Alzheimer - DYNSEO - App educativa e giochi di memoria","og_description":"I disturbi della memoria Alzheimer : comprendere, prevenire e accompagnare\ud83d\udccb SommaireChe cos&#039;\u00e8 la malattia di Alzheimer ?I primi segni dei disturbi della memoria di AlzheimerL&#039;evoluzione dei disturbi della memoria nella malattia di AlzheimerLa diagnosi precoce : una questione fondamentaleI fattori di rischio e la prevenzioneI trattamenti e l&#039;accompagnamentoConclusione : verso una migliore gestione dei disturbi [&hellip;]","og_url":"https:\/\/www.dynseo.com\/it\/i-disturbi-della-memoria-di-alzheimer\/","og_site_name":"DYNSEO - App educativa e giochi di memoria","article_published_time":"2025-10-15T19:42:56+00:00","article_modified_time":"2025-12-28T12:42:33+00:00","og_image":[{"width":500,"height":500,"url":"https:\/\/www.dynseo.com\/wp-content\/uploads\/2023\/03\/seniors-with-dementia-alzheimer-association.png","type":"image\/png"}],"author":"DYNSEO","twitter_misc":{"Scritto da":"DYNSEO","Tempo di lettura stimato":"11 minuti"},"schema":{"@context":"https:\/\/schema.org","@graph":[{"@type":"Article","@id":"https:\/\/www.dynseo.com\/it\/i-disturbi-della-memoria-di-alzheimer\/#article","isPartOf":{"@id":"https:\/\/www.dynseo.com\/it\/i-disturbi-della-memoria-di-alzheimer\/"},"author":{"name":"DYNSEO","@id":"https:\/\/www.dynseo.com\/it\/#\/schema\/person\/78ef63df2ee64e0989bc68f8401b38d6"},"headline":"I disturbi della memoria di Alzheimer","datePublished":"2025-10-15T19:42:56+00:00","dateModified":"2025-12-28T12:42:33+00:00","mainEntityOfPage":{"@id":"https:\/\/www.dynseo.com\/it\/i-disturbi-della-memoria-di-alzheimer\/"},"wordCount":2347,"publisher":{"@id":"https:\/\/www.dynseo.com\/it\/#organization"},"image":{"@id":"https:\/\/www.dynseo.com\/it\/i-disturbi-della-memoria-di-alzheimer\/#primaryimage"},"thumbnailUrl":"https:\/\/www.dynseo.com\/wp-content\/uploads\/2023\/03\/seniors-with-dementia-alzheimer-association.png","articleSection":["Les conseils des coachs","Tutto sull'Alzheimer"],"inLanguage":"it-IT"},{"@type":"WebPage","@id":"https:\/\/www.dynseo.com\/it\/i-disturbi-della-memoria-di-alzheimer\/","url":"https:\/\/www.dynseo.com\/it\/i-disturbi-della-memoria-di-alzheimer\/","name":"I disturbi della memoria di Alzheimer - DYNSEO - App educativa e giochi di memoria","isPartOf":{"@id":"https:\/\/www.dynseo.com\/it\/#website"},"primaryImageOfPage":{"@id":"https:\/\/www.dynseo.com\/it\/i-disturbi-della-memoria-di-alzheimer\/#primaryimage"},"image":{"@id":"https:\/\/www.dynseo.com\/it\/i-disturbi-della-memoria-di-alzheimer\/#primaryimage"},"thumbnailUrl":"https:\/\/www.dynseo.com\/wp-content\/uploads\/2023\/03\/seniors-with-dementia-alzheimer-association.png","datePublished":"2025-10-15T19:42:56+00:00","dateModified":"2025-12-28T12:42:33+00:00","breadcrumb":{"@id":"https:\/\/www.dynseo.com\/it\/i-disturbi-della-memoria-di-alzheimer\/#breadcrumb"},"inLanguage":"it-IT","potentialAction":[{"@type":"ReadAction","target":["https:\/\/www.dynseo.com\/it\/i-disturbi-della-memoria-di-alzheimer\/"]}]},{"@type":"ImageObject","inLanguage":"it-IT","@id":"https:\/\/www.dynseo.com\/it\/i-disturbi-della-memoria-di-alzheimer\/#primaryimage","url":"https:\/\/www.dynseo.com\/wp-content\/uploads\/2023\/03\/seniors-with-dementia-alzheimer-association.png","contentUrl":"https:\/\/www.dynseo.com\/wp-content\/uploads\/2023\/03\/seniors-with-dementia-alzheimer-association.png","width":500,"height":500,"caption":"Giocare per imparare: attivit\u00e0 divertenti e formative per bambini con autismo"},{"@type":"BreadcrumbList","@id":"https:\/\/www.dynseo.com\/it\/i-disturbi-della-memoria-di-alzheimer\/#breadcrumb","itemListElement":[{"@type":"ListItem","position":1,"name":"Accueil","item":"https:\/\/www.dynseo.com\/it\/"},{"@type":"ListItem","position":2,"name":"I disturbi della memoria di Alzheimer"}]},{"@type":"WebSite","@id":"https:\/\/www.dynseo.com\/it\/#website","url":"https:\/\/www.dynseo.com\/it\/","name":"Jeux de m\u00e9moire et stimulation cognitive","description":"Con DYNSEO, la tua memoria mette il turbo!","publisher":{"@id":"https:\/\/www.dynseo.com\/it\/#organization"},"potentialAction":[{"@type":"SearchAction","target":{"@type":"EntryPoint","urlTemplate":"https:\/\/www.dynseo.com\/it\/?s={search_term_string}"},"query-input":{"@type":"PropertyValueSpecification","valueRequired":true,"valueName":"search_term_string"}}],"inLanguage":"it-IT"},{"@type":"Organization","@id":"https:\/\/www.dynseo.com\/it\/#organization","name":"DYNSEO","url":"https:\/\/www.dynseo.com\/it\/","logo":{"@type":"ImageObject","inLanguage":"it-IT","@id":"https:\/\/www.dynseo.com\/it\/#\/schema\/logo\/image\/","url":"https:\/\/www.dynseo.com\/wp-content\/uploads\/2022\/05\/logo-dynseo-new.png","contentUrl":"https:\/\/www.dynseo.com\/wp-content\/uploads\/2022\/05\/logo-dynseo-new.png","width":5073,"height":1397,"caption":"DYNSEO"},"image":{"@id":"https:\/\/www.dynseo.com\/it\/#\/schema\/logo\/image\/"}},{"@type":"Person","@id":"https:\/\/www.dynseo.com\/it\/#\/schema\/person\/78ef63df2ee64e0989bc68f8401b38d6","name":"DYNSEO","url":"https:\/\/www.dynseo.com\/it\/author\/justine\/"}]}},"_links":{"self":[{"href":"https:\/\/www.dynseo.com\/it\/wp-json\/wp\/v2\/posts\/416152","targetHints":{"allow":["GET"]}}],"collection":[{"href":"https:\/\/www.dynseo.com\/it\/wp-json\/wp\/v2\/posts"}],"about":[{"href":"https:\/\/www.dynseo.com\/it\/wp-json\/wp\/v2\/types\/post"}],"author":[{"embeddable":true,"href":"https:\/\/www.dynseo.com\/it\/wp-json\/wp\/v2\/users\/4"}],"replies":[{"embeddable":true,"href":"https:\/\/www.dynseo.com\/it\/wp-json\/wp\/v2\/comments?post=416152"}],"version-history":[{"count":5,"href":"https:\/\/www.dynseo.com\/it\/wp-json\/wp\/v2\/posts\/416152\/revisions"}],"predecessor-version":[{"id":459919,"href":"https:\/\/www.dynseo.com\/it\/wp-json\/wp\/v2\/posts\/416152\/revisions\/459919"}],"wp:featuredmedia":[{"embeddable":true,"href":"https:\/\/www.dynseo.com\/it\/wp-json\/wp\/v2\/media\/323337"}],"wp:attachment":[{"href":"https:\/\/www.dynseo.com\/it\/wp-json\/wp\/v2\/media?parent=416152"}],"wp:term":[{"taxonomy":"category","embeddable":true,"href":"https:\/\/www.dynseo.com\/it\/wp-json\/wp\/v2\/categories?post=416152"},{"taxonomy":"post_tag","embeddable":true,"href":"https:\/\/www.dynseo.com\/it\/wp-json\/wp\/v2\/tags?post=416152"}],"curies":[{"name":"wp","href":"https:\/\/api.w.org\/{rel}","templated":true}]}}