{"id":562090,"date":"2026-04-26T11:13:05","date_gmt":"2026-04-26T09:13:05","guid":{"rendered":"https:\/\/www.dynseo.com\/comment-croit-le-cerveau-de-votre-enfant-entre-5-et-8-ans-2\/"},"modified":"2026-04-26T11:33:52","modified_gmt":"2026-04-26T09:33:52","slug":"come-cresce-il-cervello-di-tuo-figlio-tra-i-5-e-gli-8-anni","status":"publish","type":"post","link":"https:\/\/www.dynseo.com\/it\/come-cresce-il-cervello-di-tuo-figlio-tra-i-5-e-gli-8-anni\/","title":{"rendered":"Come cresce il cervello di tuo figlio tra i 5 e gli 8 anni?"},"content":{"rendered":"<p>[et_pb_section fb_built=&#8221;1&#8243; _builder_version=&#8221;4.16&#8243; custom_padding=&#8221;0px|0px|0px|0px|false|false&#8221; margin_top=&#8221;0px&#8221; margin_bottom=&#8221;0px&#8221; global_colors_info=&#8221;{}&#8221;][et_pb_row _builder_version=&#8221;4.16&#8243; custom_padding=&#8221;0px|0px|0px|0px|false|false&#8221; margin_top=&#8221;0px&#8221; margin_bottom=&#8221;0px&#8221; column_structure=&#8221;4_4&#8243; global_colors_info=&#8221;{}&#8221;][et_pb_column type=&#8221;4_4&#8243; _builder_version=&#8221;4.16&#8243; custom_padding=&#8221;0px|0px|0px|0px|false|false&#8221; global_colors_info=&#8221;{}&#8221;][et_pb_code _builder_version=&#8221;4.16&#8243; custom_padding=&#8221;0px|0px|0px|0px|false|false&#8221; global_colors_info=&#8221;{}&#8221;]<link rel=\"preconnect\" href=\"https:\/\/fonts.googleapis.com\">\n<style>\n        :root {\n            --primary-blue: #5e5ed7;\n            --blue-dark: #5268c9;\n            --teal: #a9e2e4;\n            --yellow: #ffeca7;\n            --pink: #e73469;\n            --white: #ffffff;\n            --light-gray: #f8f9fa;\n            --dark-gray: #333333;\n            --text-color: #555555;\n        }<\/pee>\n<pee>        * {\n            margin: 0;\n            padding: 0;\n            box-sizing: border-box;\n        }<\/pee>\n<pee>        body {\n            font-family: 'Poppins', sans-serif;\n            line-height: 1.6;\n            color: var(--text-color);\n            background: var(--white);\n        }<\/pee>\n<pee>        .article-hero {\n            background: linear-gradient(135deg, var(--primary-blue) 0%, var(--blue-dark) 100%);\n            color: var(--white);\n            padding: 60px 0 100px;\n            position: relative;\n            overflow: hidden;\n        }<\/pee>\n<pee>        .article-hero-curve {\n            position: absolute;\n            bottom: -2px;\n            left: 0;\n            right: 0;\n            height: 100px;\n            background: var(--white);\n            clip-path: ellipse(100% 100% at 50% 100%);\n        }<\/pee>\n<pee>        .article-hero-inner {\n            max-width: 1200px;\n            margin: 0 auto;\n            padding: 0 20px;\n            position: relative;\n            z-index: 2;\n        }<\/pee>\n<pee>        .article-breadcrumb {\n            font-size: 14px;\n            margin-bottom: 20px;\n            opacity: 0.9;\n        }<\/pee>\n<pee>        .article-breadcrumb a {\n            color: var(--white);\n            text-decoration: none;\n        }<\/pee>\n<pee>        .article-category {\n            display: inline-block;\n            background: var(--teal);\n            color: var(--dark-gray);\n            padding: 8px 16px;\n            border-radius: 20px;\n            font-size: 14px;\n            font-weight: 600;\n            margin-bottom: 30px;\n        }<\/pee>\n<pee>        .article-hero h1 {\n            font-family: 'Montserrat', sans-serif;\n            font-size: 3rem;\n            font-weight: 700;\n            line-height: 1.2;\n            margin-bottom: 20px;\n        }<\/pee>\n<pee>        .hl {\n            background: linear-gradient(120deg, var(--yellow) 0%, var(--teal) 100%);\n            -webkit-background-clip: text;\n            -webkit-text-fill-color: transparent;\n            background-clip: text;\n        }<\/pee>\n<pee>        .article-meta {\n            display: flex;\n            gap: 30px;\n            align-items: center;\n            flex-wrap: wrap;\n            margin-top: 30px;\n            font-size: 14px;\n        }<\/pee>\n<pee>        .article-meta span {\n            display: flex;\n            align-items: center;\n            gap: 8px;\n        }<\/pee>\n<pee>        .stars {\n            color: var(--yellow);\n            font-size: 18px;\n        }<\/pee>\n<pee>        .article-body {\n            padding: 80px 0;\n        }<\/pee>\n<pee>        .container {\n            max-width: 1200px;\n            margin: 0 auto;\n            padding: 0 20px;\n        }<\/pee>\n<pee>        .intro-block {\n            font-size: 18px;\n            line-height: 1.8;\n            margin-bottom: 60px;\n            padding: 40px;\n            background: linear-gradient(135deg, var(--light-gray) 0%, #f0f0f0 100%);\n            border-radius: 15px;\n            text-align: center;\n        }<\/pee>\n<pee>        .stats-grid {\n            display: grid;\n            grid-template-columns: repeat(auto-fit, minmax(250px, 1fr));\n            gap: 30px;\n            margin-bottom: 80px;\n        }<\/pee>\n<pee>        .stat-card {\n            background: var(--white);\n            padding: 30px;\n            border-radius: 15px;\n            text-align: center;\n            box-shadow: 0 10px 30px rgba(0,0,0,0.1);\n            border-top: 4px solid var(--primary-blue);\n        }<\/pee>\n<pee>        .stat-card .number {\n            font-family: 'Montserrat', sans-serif;\n            font-size: 2.5rem;\n            font-weight: 700;\n            color: var(--primary-blue);\n            display: block;\n            margin-bottom: 10px;\n        }<\/pee>\n<pee>        .stat-card .label {\n            font-weight: 500;\n            color: var(--dark-gray);\n        }<\/pee>\n<pee>        h2 {\n            font-family: 'Montserrat', sans-serif;\n            font-size: 2rem;\n            font-weight: 600;\n            color: var(--dark-gray);\n            margin: 60px 0 30px;\n            padding-bottom: 15px;\n            border-bottom: 3px solid var(--teal);\n        }<\/pee>\n<pee>        h3 {\n            font-family: 'Montserrat', sans-serif;\n            font-size: 1.4rem;\n            font-weight: 600;\n            color: var(--dark-gray);\n            margin: 40px 0 20px;\n        }<\/pee>\n<pee>        p {\n            margin-bottom: 20px;\n            line-height: 1.8;\n        }<\/pee>\n<pee>        .conseil-card {\n            background: linear-gradient(135deg, var(--yellow) 0%, #fff5cc 100%);\n            padding: 30px;\n            border-radius: 15px;\n            margin: 30px 0;\n            border-left: 5px solid var(--primary-blue);\n        }<\/pee>\n<pee>        .conseil-card h4 {\n            font-family: 'Montserrat', sans-serif;\n            color: var(--dark-gray);\n            margin-bottom: 15px;\n            font-size: 1.2rem;\n        }<\/pee>\n<pee>        .key-points {\n            background: var(--white);\n            padding: 30px;\n            border-radius: 15px;\n            margin: 30px 0;\n            box-shadow: 0 5px 15px rgba(0,0,0,0.08);\n        }<\/pee>\n<pee>        .key-points ul {\n            list-style: none;\n            padding: 0;\n        }<\/pee>\n<pee>        .key-points li {\n            padding: 10px 0;\n            padding-left: 30px;\n            position: relative;\n        }<\/pee>\n<pee>        .key-points li:before {\n            content: \"\u2713\";\n            position: absolute;\n            left: 0;\n            color: var(--primary-blue);\n            font-weight: bold;\n        }<\/pee>\n<pee>        .tip-box {\n            background: linear-gradient(135deg, var(--teal) 0%, #d4f0f1 100%);\n            padding: 25px;\n            border-radius: 12px;\n            margin: 25px 0;\n            position: relative;\n        }<\/pee>\n<pee>        .tip-box-label {\n            background: var(--primary-blue);\n            color: var(--white);\n            padding: 5px 12px;\n            border-radius: 15px;\n            font-size: 12px;\n            font-weight: 600;\n            text-transform: uppercase;\n            letter-spacing: 1px;\n            display: inline-block;\n            margin-bottom: 15px;\n        }<\/pee>\n<pee>        .expert-box {\n            background: linear-gradient(135deg, #fff 0%, var(--light-gray) 100%);\n            border: 2px solid var(--primary-blue);\n            border-radius: 15px;\n            padding: 0;\n            margin: 40px 0;\n            overflow: hidden;\n        }<\/pee>\n<pee>        .expert-box-label {\n            background: var(--primary-blue);\n            color: var(--white);\n            padding: 15px 25px;\n            font-weight: 600;\n            text-transform: uppercase;\n            letter-spacing: 1px;\n            font-size: 14px;\n        }<\/pee>\n<pee>        .expert-box-title {\n            background: var(--blue-dark);\n            color: var(--white);\n            padding: 20px 25px;\n            font-family: 'Montserrat', sans-serif;\n            font-size: 1.3rem;\n            font-weight: 600;\n        }<\/pee>\n<pee>        .expert-inner {\n            padding: 25px;\n        }<\/pee>\n<pee>        .expert-inner-title {\n            font-family: 'Montserrat', sans-serif;\n            color: var(--primary-blue);\n            font-size: 1.2rem;\n            font-weight: 600;\n            margin-bottom: 15px;\n        }<\/pee>\n<pee>        .faq-list {\n            margin: 60px 0;\n        }<\/pee>\n<pee>        .faq-item {\n            background: var(--white);\n            border: 1px solid #e0e0e0;\n            border-radius: 10px;\n            margin-bottom: 15px;\n            overflow: hidden;\n        }<\/pee>\n<pee>        .faq-q {\n            padding: 25px;\n            cursor: pointer;\n            display: flex;\n            justify-content: space-between;\n            align-items: center;\n            font-weight: 600;\n            font-family: 'Montserrat', sans-serif;\n            background: var(--light-gray);\n            transition: all 0.3s ease;\n        }<\/pee>\n<pee>        .faq-q:hover {\n            background: var(--teal);\n        }<\/pee>\n<pee>        .faq-icon {\n            font-size: 20px;\n            font-weight: bold;\n            color: var(--primary-blue);\n            transition: transform 0.3s ease;\n        }<\/pee>\n<pee>        .faq-item.open .faq-icon {\n            transform: rotate(45deg);\n        }<\/pee>\n<pee>        .faq-a {\n            padding: 0 25px;\n            max-height: 0;\n            overflow: hidden;\n            transition: all 0.3s ease;\n        }<\/pee>\n<pee>        .faq-item.open .faq-a {\n            padding: 25px;\n            max-height: 500px;\n        }<\/pee>\n<pee>        .cta-box {\n            background: linear-gradient(135deg, var(--primary-blue) 0%, var(--blue-dark) 100%);\n            color: var(--white);\n            padding: 50px;\n            border-radius: 20px;\n            text-align: center;\n            margin: 60px 0;\n        }<\/pee>\n<pee>        .cta-box h3 {\n            color: var(--white);\n            margin-bottom: 20px;\n        }<\/pee>\n<pee>        .cta-buttons {\n            display: flex;\n            gap: 20px;\n            justify-content: center;\n            flex-wrap: wrap;\n            margin-top: 30px;\n        }<\/pee>\n<pee>        .btn-white {\n            background: var(--white);\n            color: var(--primary-blue);\n            padding: 15px 30px;\n            border-radius: 25px;\n            text-decoration: none;\n            font-weight: 600;\n            font-family: 'Montserrat', sans-serif;\n            transition: all 0.3s ease;\n            border: none;\n            cursor: pointer;\n        }<\/pee>\n<pee>        .btn-white:hover {\n            background: var(--yellow);\n            transform: translateY(-2px);\n        }<\/pee>\n<pee>        .btn-outline {\n            background: transparent;\n            color: var(--white);\n            padding: 15px 30px;\n            border: 2px solid var(--white);\n            border-radius: 25px;\n            text-decoration: none;\n            font-weight: 600;\n            font-family: 'Montserrat', sans-serif;\n            transition: all 0.3s ease;\n        }<\/pee>\n<pee>        .btn-outline:hover {\n            background: var(--white);\n            color: var(--primary-blue);\n        }<\/pee>\n<pee>        .article-tags {\n            margin: 60px 0;\n            padding: 30px 0;\n            border-top: 1px solid #e0e0e0;\n        }<\/pee>\n<pee>        .article-tag {\n            display: inline-block;\n            background: var(--light-gray);\n            color: var(--dark-gray);\n            padding: 8px 16px;\n            border-radius: 20px;\n            text-decoration: none;\n            font-size: 14px;\n            margin: 5px;\n            transition: all 0.3s ease;\n        }<\/pee>\n<pee>        .article-tag:hover {\n            background: var(--teal);\n            color: var(--dark-gray);\n        }<\/pee>\n<pee>        @media (max-width: 768px) {\n            .article-hero h1 {\n                font-size: 2rem;\n            }<\/pee>\n<pee>            .stats-grid {\n                grid-template-columns: 1fr;\n            }<\/pee>\n<pee>            .article-meta {\n                flex-direction: column;\n                align-items: flex-start;\n                gap: 15px;\n            }<\/pee>\n<pee>            .cta-buttons {\n                flex-direction: column;\n                align-items: center;\n            }\n        }\n    <\/style>\n<section class=\"article-hero\">\n<div class=\"article-hero-inner\">\n<div class=\"article-breadcrumb\">\n                <a href=\"\/\">Accueil<\/a> > <a href=\"\/blog\">Blog<\/a> > D\u00e9veloppement de l&#8217;enfant\n            <\/div>\n<div class=\"article-category\">D\u00e9veloppement Cognitif<\/div>\n<h1>Comment cro\u00eet le <span class=\"hl\">cerveau de votre enfant<\/span> entre 5 et 8 ans ?<\/h1>\n<div class=\"article-meta\">\n                <span>\ud83d\udcc5 Avril 2026<\/span><!\u2013- [et_pb_br_holder] -\u2013><br \/>\n                <span>\u23f1\ufe0f 15 min de lecture<\/span><!\u2013- [et_pb_br_holder] -\u2013><br \/>\n                <span>\ud83d\udc65 Parents et \u00e9ducateurs<\/span><!\u2013- [et_pb_br_holder] -\u2013><br \/>\n                <span class=\"stars\">\u2b50\u2b50\u2b50\u2b50\u2b50 4.8\/5<\/span>\n            <\/div>\n<\/pee><\/div>\n<div class=\"article-hero-curve\"><\/div>\n<\/section>\n<div class=\"article-body\">\n<div class=\"container\">\n<div class=\"intro-block\">\n<pee>Le cerveau humain est un chef-d&#8217;\u0153uvre d&#8217;\u00e9volution qui continue de nous fasciner par sa complexit\u00e9 et ses capacit\u00e9s d&#8217;adaptation. Entre 5 et 8 ans, votre enfant traverse une p\u00e9riode cruciale de d\u00e9veloppement neurologique, marqu\u00e9e par des transformations spectaculaires qui fa\u00e7onneront ses capacit\u00e9s cognitives pour la vie. Cette p\u00e9riode repr\u00e9sente un tournant d\u00e9cisif o\u00f9 les fondations de l&#8217;apprentissage, de la m\u00e9moire et du raisonnement se consolident de mani\u00e8re remarquable. Comprendre ces m\u00e9canismes vous permettra d&#8217;accompagner votre enfant dans cette aventure extraordinaire. D\u00e9couvrons ensemble comment stimuler efficacement cette croissance c\u00e9r\u00e9brale pour optimiser son potentiel d&#8217;apprentissage et son \u00e9panouissement.<\/pee>\n<\/pee><\/div>\n<div class=\"stats-grid\">\n<div class=\"stat-card\">\n                    <span class=\"number\">90%<\/span><!\u2013- [et_pb_br_holder] -\u2013><br \/>\n                    <span class=\"label\">de la taille adulte atteinte \u00e0 5 ans<\/span>\n                <\/div>\n<div class=\"stat-card\">\n                    <span class=\"number\">1000<\/span><!\u2013- [et_pb_br_holder] -\u2013><br \/>\n                    <span class=\"label\">nouvelles connexions par seconde<\/span>\n                <\/div>\n<div class=\"stat-card\">\n                    <span class=\"number\">20%<\/span><!\u2013- [et_pb_br_holder] -\u2013><br \/>\n                    <span class=\"label\">de l&#8217;\u00e9nergie corporelle utilis\u00e9e<\/span>\n                <\/div>\n<div class=\"stat-card\">\n                    <span class=\"number\">100<\/span><!\u2013- [et_pb_br_holder] -\u2013><br \/>\n                    <span class=\"label\">milliards de neurones \u00e0 organiser<\/span>\n                <\/div>\n<\/pee><\/div>\n<h2>1. Les fondamentaux du d\u00e9veloppement c\u00e9r\u00e9bral \u00e0 5 ans<\/h2>\n<pee>\u00c0 l&#8217;\u00e2ge de 5 ans, le cerveau de votre enfant a d\u00e9j\u00e0 parcouru un chemin extraordinaire depuis sa naissance. Repr\u00e9sentant environ 90% de sa taille adulte finale, cette masse de 100 milliards de neurones entre dans une phase de maturation sophistiqu\u00e9e o\u00f9 l&#8217;organisation prime sur la croissance brute. Cette p\u00e9riode marque le d\u00e9but d&#8217;une sp\u00e9cialisation fonctionnelle remarquable, o\u00f9 chaque r\u00e9gion c\u00e9r\u00e9brale affine ses connexions pour devenir plus efficace.<\/pee>\n<pee>Le processus de my\u00e9linisation, qui consiste en l&#8217;enrobage des fibres nerveuses par une gaine protectrice, s&#8217;acc\u00e9l\u00e8re consid\u00e9rablement \u00e0 cet \u00e2ge. Cette my\u00e9line agit comme un isolant \u00e9lectrique, permettant une transmission plus rapide et plus pr\u00e9cise des signaux nerveux. Les zones responsables de la motricit\u00e9 fine, du langage et de la coordination oculo-manuelle b\u00e9n\u00e9ficient particuli\u00e8rement de cette maturation, expliquant pourquoi votre enfant devient soudain capable d&#8217;\u00e9crire ses premi\u00e8res lettres ou de dessiner avec plus de pr\u00e9cision.<\/pee>\n<pee>La plasticit\u00e9 c\u00e9r\u00e9brale atteint un pic remarquable durant cette p\u00e9riode, offrant une fen\u00eatre d&#8217;opportunit\u00e9 unique pour l&#8217;apprentissage. Les exp\u00e9riences v\u00e9cues par votre enfant sculptent litt\u00e9ralement son architecture neuronale, renfor\u00e7ant certaines connexions tout en en \u00e9liminant d&#8217;autres selon le principe &#8220;use it or lose it&#8221;. Cette plasticit\u00e9 exceptionnelle explique pourquoi les enfants de cet \u00e2ge apprennent si facilement de nouvelles comp\u00e9tences, qu&#8217;il s&#8217;agisse d&#8217;une langue \u00e9trang\u00e8re, d&#8217;un instrument de musique ou de concepts math\u00e9matiques complexes.<\/pee>\n<div class=\"conseil-card\">\n<h4>Conseil d&#8217;expert DYNSEO<\/h4>\n<pee>Profitez de cette plasticit\u00e9 maximale en exposant votre enfant \u00e0 des stimulations vari\u00e9es et enrichissantes. Les applications \u00e9ducatives comme <a href=\"https:\/\/www.dynseo.com\/version-coco\/\" style=\"color: #5e5ed7; font-weight: bold;\">COCO PENSE et COCO BOUGE<\/a> sont sp\u00e9cialement con\u00e7ues pour exploiter cette fen\u00eatre d&#8217;apprentissage optimal tout en respectant le rythme naturel de d\u00e9veloppement.<\/pee>\n<\/pee><\/div>\n<div class=\"key-points\">\n<h4>Points cl\u00e9s du d\u00e9veloppement \u00e0 5 ans :<\/h4>\n<ul>\n<li>Maturation des zones de contr\u00f4le moteur et de coordination<\/li>\n<li>D\u00e9veloppement acc\u00e9l\u00e9r\u00e9 des aires du langage et de la communication<\/li>\n<li>\u00c9mergence des capacit\u00e9s de planification et d&#8217;organisation<\/li>\n<li>Consolidation des circuits de la m\u00e9moire \u00e0 court et long terme<\/li>\n<li>Affinement des connexions sensorielles et perceptuelles<\/li>\n<\/ul>\n<\/div>\n<h2>2. L&#8217;explosion synaptique et l&#8217;\u00e9lagage neuronal<\/h2>\n<pee>Entre 5 et 8 ans, le cerveau de votre enfant traverse deux ph\u00e9nom\u00e8nes apparemment contradictoires mais fondamentalement compl\u00e9mentaires : l&#8217;explosion synaptique et l&#8217;\u00e9lagage neuronal. Cette p\u00e9riode ressemble \u00e0 un grand chantier de construction o\u00f9 l&#8217;on \u00e9rige d&#8217;abord de nombreuses structures avant de ne conserver que les plus solides et les plus utiles. Cette m\u00e9taphore illustre parfaitement le processus de raffinement neural qui s&#8217;op\u00e8re durant ces ann\u00e9es cruciales.<\/pee>\n<pee>L&#8217;explosion synaptique se caract\u00e9rise par une formation massive de nouvelles connexions entre les neurones. \u00c0 son pic, un neurone peut \u00e9tablir jusqu&#8217;\u00e0 15 000 connexions avec ses voisins, cr\u00e9ant un r\u00e9seau d&#8217;une complexit\u00e9 inou\u00efe. Cette surabondance de connexions permet au cerveau d&#8217;explorer toutes les possibilit\u00e9s d&#8217;apprentissage et d&#8217;adaptation, offrant une flexibilit\u00e9 maximale face aux d\u00e9fis cognitifs que rencontre votre enfant dans son environnement quotidien.<\/pee>\n<pee>Simultan\u00e9ment, un processus d&#8217;\u00e9lagage s\u00e9lectif commence \u00e0 s&#8217;op\u00e9rer, \u00e9liminant les connexions les moins utilis\u00e9es pour optimiser l&#8217;efficacit\u00e9 du r\u00e9seau neural. Contrairement \u00e0 ce que l&#8217;on pourrait penser, cette \u00e9limination n&#8217;est pas une perte mais un gain en performance. En conservant uniquement les circuits les plus sollicit\u00e9s, le cerveau devient plus rapide, plus pr\u00e9cis et moins \u00e9nergivore. Ce processus explique pourquoi les habitudes prises durant cette p\u00e9riode tendent \u00e0 perdurer : elles gravent leurs circuits dans l&#8217;architecture c\u00e9r\u00e9brale.<\/pee>\n<div class=\"tip-box\">\n<div class=\"tip-box-label\">Astuce pratique<\/div>\n<pee>Encouragez la r\u00e9p\u00e9tition positive d&#8217;activit\u00e9s enrichissantes pour renforcer les connexions b\u00e9n\u00e9fiques. Les exercices r\u00e9guliers de m\u00e9moire, de logique et de cr\u00e9ativit\u00e9 aident \u00e0 consolider les circuits neuronaux les plus pr\u00e9cieux.<\/pee>\n<\/pee><\/div>\n<div class=\"expert-box\">\n<div class=\"expert-box-label\">Expertise DYNSEO<\/div>\n<div class=\"expert-box-title\">Optimisation de l&#8217;\u00e9lagage neuronal<\/div>\n<div class=\"expert-inner\">\n<div class=\"expert-inner-title\">Comment favoriser un \u00e9lagage b\u00e9n\u00e9fique ?<\/div>\n<pee>Pour que l&#8217;\u00e9lagage neuronal se fasse au profit des bonnes connexions, il est essentiel de proposer des activit\u00e9s stimulantes de mani\u00e8re r\u00e9guli\u00e8re et progressive. Les jeux \u00e9ducatifs num\u00e9riques, lorsqu&#8217;ils sont bien con\u00e7us et utilis\u00e9s avec mod\u00e9ration, peuvent contribuer significativement \u00e0 ce processus d&#8217;optimisation.<\/pee>\n<\/pee><\/div>\n<\/pee><\/div>\n<h2>3. Le d\u00e9veloppement du cortex pr\u00e9frontal et des fonctions ex\u00e9cutives<\/h2>\n<pee>Le cortex pr\u00e9frontal, souvent appel\u00e9 le &#8220;PDG du cerveau&#8221;, conna\u00eet une maturation particuli\u00e8rement remarquable entre 5 et 8 ans. Cette r\u00e9gion, situ\u00e9e juste derri\u00e8re le front, orchestrera les fonctions ex\u00e9cutives de votre enfant : planification, prise de d\u00e9cision, contr\u00f4le des impulsions et flexibilit\u00e9 mentale. Son d\u00e9veloppement durant cette p\u00e9riode explique pourquoi votre enfant devient progressivement capable de suivre des r\u00e8gles complexes, de planifier ses actions et de r\u00e9sister aux tentations imm\u00e9diates.<\/pee>\n<pee>Les fonctions ex\u00e9cutives \u00e9mergent graduellement selon un calendrier pr\u00e9cis. La m\u00e9moire de travail, qui permet de maintenir et de manipuler des informations temporairement, se d\u00e9veloppe significativement vers 6-7 ans. Cette capacit\u00e9 nouvelle permet \u00e0 votre enfant de suivre des instructions en plusieurs \u00e9tapes, de r\u00e9soudre des probl\u00e8mes math\u00e9matiques mentalement ou de comprendre des histoires plus complexes avec de multiples personnages et intrigues entrecrois\u00e9es.<\/pee>\n<pee>Le contr\u00f4le inhibiteur, cette capacit\u00e9 \u00e0 freiner ses impulsions et \u00e0 r\u00e9sister aux distractions, se raffine progressivement durant cette p\u00e9riode. Vers 8 ans, votre enfant d\u00e9veloppe une flexibilit\u00e9 cognitive qui lui permet de passer d&#8217;une t\u00e2che \u00e0 l&#8217;autre, de changer de perspective et d&#8217;adapter ses strat\u00e9gies en fonction des situations. Ces comp\u00e9tences sont essentielles pour l&#8217;apprentissage scolaire et le d\u00e9veloppement social, car elles permettent de g\u00e9rer les \u00e9motions et d&#8217;interagir harmonieusement avec autrui.<\/pee>\n<div class=\"conseil-card\">\n<h4>Strat\u00e9gies de stimulation du cortex pr\u00e9frontal<\/h4>\n<pee>Proposez des jeux qui demandent de la planification comme les puzzles complexes, les jeux de construction ou les d\u00e9fis logiques. Les activit\u00e9s qui combinent r\u00e9flexion et mouvement, comme celles propos\u00e9es dans <a href=\"https:\/\/www.dynseo.com\/version-coco\/\" style=\"color: #5e5ed7; font-weight: bold;\">COCO PENSE et COCO BOUGE<\/a>, sont particuli\u00e8rement efficaces pour stimuler le d\u00e9veloppement pr\u00e9frontal.<\/pee>\n<\/pee><\/div>\n<h2>4. L&#8217;affinement des r\u00e9seaux de la m\u00e9moire et de l&#8217;attention<\/h2>\n<pee>La m\u00e9moire de votre enfant subit une transformation qualitative remarquable entre 5 et 8 ans. Au-del\u00e0 de l&#8217;augmentation pure de sa capacit\u00e9, c&#8217;est toute l&#8217;architecture mn\u00e9sique qui se sophistique. Les r\u00e9seaux hippocampiques, responsables de la formation des souvenirs, \u00e9tablissent des connexions plus matures avec le cortex, permettant un stockage plus durable et une r\u00e9cup\u00e9ration plus efficace des informations. Cette maturation explique pourquoi les souvenirs form\u00e9s durant cette p\u00e9riode sont souvent particuli\u00e8rement vifs et durables.<\/pee>\n<pee>L&#8217;attention, cette fonction cognitive fondamentale, d\u00e9veloppe ses diff\u00e9rentes composantes de mani\u00e8re asynchrone. L&#8217;attention soutenue, capacit\u00e9 \u00e0 maintenir sa concentration sur une t\u00e2che pendant une dur\u00e9e prolong\u00e9e, s&#8217;am\u00e9liore graduellement pour atteindre environ 15-20 minutes vers 7-8 ans. L&#8217;attention s\u00e9lective, qui permet de filtrer les informations pertinentes et d&#8217;ignorer les distractions, devient plus efficace gr\u00e2ce \u00e0 la maturation des r\u00e9seaux fronto-pari\u00e9taux. Cette \u00e9volution est cruciale pour les apprentissages scolaires qui demandent une concentration prolong\u00e9e.<\/pee>\n<pee>La m\u00e9moire de travail, v\u00e9ritable interface entre attention et m\u00e9moire, conna\u00eet un d\u00e9veloppement spectaculaire durant cette p\u00e9riode. Sa capacit\u00e9 passe d&#8217;environ 4 \u00e9l\u00e9ments \u00e0 6-7 \u00e9l\u00e9ments vers 8 ans, permettant \u00e0 votre enfant de manipuler mentalement des informations de plus en plus complexes. Cette progression se refl\u00e8te dans sa capacit\u00e9 croissante \u00e0 r\u00e9soudre des probl\u00e8mes math\u00e9matiques, \u00e0 suivre des recettes de cuisine ou \u00e0 comprendre des instructions multiples.<\/pee>\n<div class=\"key-points\">\n<h4>Signes d&#8217;am\u00e9lioration de l&#8217;attention et de la m\u00e9moire :<\/h4>\n<ul>\n<li>Capacit\u00e9 \u00e0 se concentrer plus longtemps sur une activit\u00e9 choisie<\/li>\n<li>Am\u00e9lioration du rappel des \u00e9v\u00e9nements et des apprentissages<\/li>\n<li>D\u00e9veloppement de strat\u00e9gies de m\u00e9morisation spontan\u00e9es<\/li>\n<li>Meilleure gestion des distractions environnementales<\/li>\n<li>\u00c9mergence de la m\u00e9tacognition (r\u00e9flexion sur ses propres processus mentaux)<\/li>\n<\/ul>\n<\/div>\n<h2>5. La sp\u00e9cialisation h\u00e9misph\u00e9rique et la lat\u00e9ralisation<\/h2>\n<pee>La p\u00e9riode de 5 \u00e0 8 ans marque une \u00e9tape cruciale dans la sp\u00e9cialisation des deux h\u00e9misph\u00e8res c\u00e9r\u00e9braux. Cette lat\u00e9ralisation fonctionnelle, bien qu&#8217;amorc\u00e9e d\u00e8s les premi\u00e8res ann\u00e9es de vie, se consolide et se pr\u00e9cise durant cette p\u00e9riode, \u00e9tablissant les bases de comp\u00e9tences sp\u00e9cialis\u00e9es qui caract\u00e9riseront le fonctionnement cognitif de votre enfant. L&#8217;h\u00e9misph\u00e8re gauche, traditionnellement associ\u00e9 au langage et au raisonnement logique, d\u00e9veloppe ses connexions internes et renforce sa dominance pour les t\u00e2ches analytiques et s\u00e9quentielles.<\/pee>\n<pee>Parall\u00e8lement, l&#8217;h\u00e9misph\u00e8re droit affine ses capacit\u00e9s de traitement spatial, de reconnaissance des formes et de perception globale. Cette sp\u00e9cialisation ne signifie pas une s\u00e9paration herm\u00e9tique : au contraire, les connexions inter-h\u00e9misph\u00e9riques via le corps calleux se renforcent consid\u00e9rablement, permettant une collaboration plus efficace entre les deux moiti\u00e9s du cerveau. Cette coop\u00e9ration accrue se manifeste dans l&#8217;\u00e9mergence de comp\u00e9tences complexes n\u00e9cessitant l&#8217;int\u00e9gration de processus analytiques et spatiaux, comme la lecture, l&#8217;\u00e9criture ou les math\u00e9matiques.<\/pee>\n<pee>La dominance manuelle, indicateur visible de cette lat\u00e9ralisation, se stabilise d\u00e9finitivement durant cette p\u00e9riode. Au-del\u00e0 de l&#8217;aspect moteur, cette pr\u00e9f\u00e9rence manuelle refl\u00e8te l&#8217;organisation g\u00e9n\u00e9rale du syst\u00e8me nerveux et influence les strat\u00e9gies d&#8217;apprentissage de votre enfant. Les connexions crois\u00e9es entre les mains et les h\u00e9misph\u00e8res oppos\u00e9s se renforcent, optimisant la coordination bimanuelle et la dext\u00e9rit\u00e9 fine n\u00e9cessaires pour l&#8217;\u00e9criture, le dessin et les activit\u00e9s manuelles complexes.<\/pee>\n<div class=\"tip-box\">\n<div class=\"tip-box-label\">Stimulation \u00e9quilibr\u00e9e<\/div>\n<pee>Proposez des activit\u00e9s qui sollicitent les deux h\u00e9misph\u00e8res : puzzles et constructions pour l&#8217;aspect spatial, histoires et comptines pour le langage, activit\u00e9s artistiques combinant cr\u00e9ativit\u00e9 et technique. Cette stimulation bilat\u00e9rale favorise un d\u00e9veloppement harmonieux et complet.<\/pee>\n<\/pee><\/div>\n<h2>6. Le d\u00e9veloppement du langage et des aires sp\u00e9cialis\u00e9es<\/h2>\n<pee>Entre 5 et 8 ans, le syst\u00e8me linguistique de votre enfant conna\u00eet une sophistication remarquable qui va bien au-del\u00e0 de l&#8217;enrichissement du vocabulaire. Les aires de Broca et de Wernicke, respectivement responsables de la production et de la compr\u00e9hension du langage, \u00e9tablissent des connexions plus matures avec l&#8217;ensemble du cortex, permettant l&#8217;\u00e9mergence de comp\u00e9tences linguistiques complexes comme la lecture, l&#8217;\u00e9criture et la compr\u00e9hension de structures grammaticales \u00e9labor\u00e9es.<\/pee>\n<pee>La conscience phonologique, cette capacit\u00e9 \u00e0 manipuler mentalement les sons de la langue, atteint sa maturit\u00e9 durant cette p\u00e9riode. Cette comp\u00e9tence est fondamentale pour l&#8217;apprentissage de la lecture, car elle permet \u00e0 votre enfant de comprendre que les mots peuvent \u00eatre d\u00e9compos\u00e9s en unit\u00e9s sonores plus petites (syllabes, phon\u00e8mes) et que ces unit\u00e9s correspondent \u00e0 des symboles \u00e9crits. Le d\u00e9veloppement de cette conscience s&#8217;accompagne d&#8217;une maturation des connexions entre les aires auditives, visuelles et motrices, cr\u00e9ant un r\u00e9seau int\u00e9gr\u00e9 indispensable \u00e0 la litt\u00e9ratie.<\/pee>\n<pee>Le vocabulaire de votre enfant explose litt\u00e9ralement durant cette p\u00e9riode, passant d&#8217;environ 5 000 mots \u00e0 5 ans \u00e0 plus de 10 000 mots vers 8 ans. Cette expansion quantitative s&#8217;accompagne d&#8217;une organisation qualitative plus sophistiqu\u00e9e : les mots ne sont plus stock\u00e9s de mani\u00e8re isol\u00e9e mais s&#8217;organisent en r\u00e9seaux s\u00e9mantiques complexes, permettant des associations d&#8217;id\u00e9es plus riches et une compr\u00e9hension plus nuanc\u00e9e des concepts abstraits.<\/pee>\n<div class=\"expert-box\">\n<div class=\"expert-box-label\">Recherche DYNSEO<\/div>\n<div class=\"expert-box-title\">Optimisation du d\u00e9veloppement langagier<\/div>\n<div class=\"expert-inner\">\n<div class=\"expert-inner-title\">Les cl\u00e9s d&#8217;un d\u00e9veloppement linguistique optimal<\/div>\n<pee>Nos recherches montrent que l&#8217;exposition \u00e0 un langage riche et vari\u00e9, combin\u00e9e \u00e0 des interactions de qualit\u00e9, favorise consid\u00e9rablement le d\u00e9veloppement des r\u00e9seaux linguistiques. Les jeux de mots, les devinettes et les activit\u00e9s de manipulation phonologique, int\u00e9gr\u00e9s dans nos applications, contribuent efficacement \u00e0 cette maturation.<\/pee>\n<\/pee><\/div>\n<\/pee><\/div>\n<h2>7. La maturation des syst\u00e8mes sensoriels et perceptuels<\/h2>\n<pee>Les syst\u00e8mes sensoriels de votre enfant, bien que fonctionnels d\u00e8s la naissance, continuent de se raffiner consid\u00e9rablement entre 5 et 8 ans. Cette maturation ne concerne pas tant l&#8217;acuit\u00e9 sensorielle brute que la capacit\u00e9 \u00e0 traiter, int\u00e9grer et interpr\u00e9ter les informations sensorielles de mani\u00e8re de plus en plus sophistiqu\u00e9e. Le syst\u00e8me visuel, en particulier, d\u00e9veloppe des comp\u00e9tences perceptuelles complexes essentielles pour les apprentissages scolaires.<\/pee>\n<pee>La perception visuo-spatiale atteint une maturit\u00e9 remarquable durant cette p\u00e9riode. Votre enfant d\u00e9veloppe une meilleure compr\u00e9hension des relations spatiales, de la perspective et de la tridimensionnalit\u00e9. Ces comp\u00e9tences sont cruciales non seulement pour les apprentissages g\u00e9om\u00e9triques et math\u00e9matiques, mais aussi pour la lecture et l&#8217;\u00e9criture, qui demandent une discrimination fine des formes des lettres et une organisation spatiale pr\u00e9cise sur la page.<\/pee>\n<pee>L&#8217;int\u00e9gration multisensorielle, processus par lequel le cerveau combine les informations provenant de diff\u00e9rents sens pour cr\u00e9er une perception coh\u00e9rente du monde, se perfectionne significativement. Cette maturation permet \u00e0 votre enfant de mieux coordonner ses mouvements avec ses perceptions, d&#8217;am\u00e9liorer son \u00e9quilibre et de d\u00e9velopper une motricit\u00e9 fine plus pr\u00e9cise. Ces comp\u00e9tences se refl\u00e8tent dans sa capacit\u00e9 croissante \u00e0 pratiquer des sports, \u00e0 jouer d&#8217;un instrument ou \u00e0 r\u00e9aliser des activit\u00e9s manuelles d\u00e9licates.<\/pee>\n<div class=\"conseil-card\">\n<h4>Stimulation sensorielle optimale<\/h4>\n<pee>Variez les exp\u00e9riences sensorielles de votre enfant : manipulation d&#8217;objets de textures diff\u00e9rentes, jeux visuels et auditifs, activit\u00e9s n\u00e9cessitant une coordination fine. Les applications \u00e9ducatives modernes int\u00e8grent cette dimension multisensorielle pour optimiser l&#8217;apprentissage.<\/pee>\n<\/pee><\/div>\n<h2>8. L&#8217;\u00e9mergence de la th\u00e9orie de l&#8217;esprit et de l&#8217;empathie cognitive<\/h2>\n<pee>Entre 5 et 8 ans, votre enfant d\u00e9veloppe une comp\u00e9tence cognitive sophistiqu\u00e9e appel\u00e9e &#8220;th\u00e9orie de l&#8217;esprit&#8221; : la capacit\u00e9 \u00e0 comprendre que les autres ont des pens\u00e9es, des croyances et des intentions diff\u00e9rentes des siennes. Cette r\u00e9volution cognitive transforme radicalement sa compr\u00e9hension du monde social et marque le d\u00e9but d&#8217;une empathie plus mature. Les r\u00e9seaux neuronaux impliqu\u00e9s dans cette comp\u00e9tence, notamment les zones fronto-temporales, connaissent une maturation significative durant cette p\u00e9riode.<\/pee>\n<pee>Cette nouvelle comp\u00e9tence se manifeste dans la capacit\u00e9 de votre enfant \u00e0 comprendre les mensonges, l&#8217;ironie, les malentendus et les perspectives multiples sur un m\u00eame \u00e9v\u00e9nement. Il devient capable de pr\u00e9dire les r\u00e9actions d&#8217;autrui en se basant sur la compr\u00e9hension de leurs \u00e9tats mentaux plut\u00f4t que sur une simple projection de ses propres pens\u00e9es. Cette \u00e9volution est fondamentale pour le d\u00e9veloppement social et explique l&#8217;am\u00e9lioration progressive de ses relations avec ses pairs.<\/pee>\n<pee>L&#8217;empathie cognitive, distincte de l&#8217;empathie \u00e9motionnelle pr\u00e9sente d\u00e8s le plus jeune \u00e2ge, \u00e9merge gr\u00e2ce \u00e0 cette maturation. Votre enfant devient capable de comprendre intellectuellement les \u00e9motions d&#8217;autrui, m\u00eame lorsqu&#8217;elles diff\u00e8rent des siennes, et d&#8217;adapter son comportement en cons\u00e9quence. Cette comp\u00e9tence est essentielle pour la coop\u00e9ration, la r\u00e9solution de conflits et le d\u00e9veloppement moral.<\/pee>\n<div class=\"key-points\">\n<h4>Manifestations de la th\u00e9orie de l&#8217;esprit :<\/h4>\n<ul>\n<li>Compr\u00e9hension que les autres peuvent avoir de fausses croyances<\/li>\n<li>Capacit\u00e9 \u00e0 mentir de fa\u00e7on \u00e9labor\u00e9e (signe paradoxalement positif !)<\/li>\n<li>D\u00e9veloppement de l&#8217;humour et de la compr\u00e9hension de l&#8217;ironie<\/li>\n<li>Am\u00e9lioration des comp\u00e9tences de n\u00e9gociation et de persuasion<\/li>\n<li>\u00c9mergence d&#8217;une empathie plus nuanc\u00e9e et contextuelle<\/li>\n<\/ul>\n<\/div>\n<h2>9. Les facteurs nutritionnels et environnementaux cruciaux<\/h2>\n<pee>Le cerveau en d\u00e9veloppement de votre enfant est particuli\u00e8rement sensible aux facteurs nutritionnels et environnementaux. Durant cette p\u00e9riode de croissance intensive, le cerveau consomme jusqu&#8217;\u00e0 20% de l&#8217;\u00e9nergie totale de l&#8217;organisme, n\u00e9cessitant un apport constant et \u00e9quilibr\u00e9 en nutriments sp\u00e9cifiques. Les acides gras om\u00e9ga-3, essentiels pour la formation des membranes neuronales et la my\u00e9linisation, doivent \u00eatre pr\u00e9sents en quantit\u00e9 suffisante pour soutenir le d\u00e9veloppement optimal des circuits c\u00e9r\u00e9braux.<\/pee>\n<pee>Les vitamines du groupe B, particuli\u00e8rement la B12, la B6 et les folates, jouent un r\u00f4le crucial dans la synth\u00e8se des neurotransmetteurs et la maturation du syst\u00e8me nerveux. Une carence en ces nutriments peut avoir des r\u00e9percussions durables sur le d\u00e9veloppement cognitif. De m\u00eame, le fer est indispensable au transport de l&#8217;oxyg\u00e8ne vers le cerveau et \u00e0 la formation de la my\u00e9line. Les carences en fer, encore trop fr\u00e9quentes chez les enfants, peuvent affecter significativement les capacit\u00e9s d&#8217;attention et d&#8217;apprentissage.<\/pee>\n<pee>L&#8217;environnement physique et social influence \u00e9galement profond\u00e9ment le d\u00e9veloppement c\u00e9r\u00e9bral. Le stress chronique, par l&#8217;\u00e9l\u00e9vation prolong\u00e9e du cortisol, peut alt\u00e9rer la croissance de l&#8217;hippocampe et affecter les capacit\u00e9s mn\u00e9siques. \u00c0 l&#8217;inverse, un environnement stimulant, riche en interactions positives et en exp\u00e9riences vari\u00e9es, favorise la neurogen\u00e8se et renforce les connexions synaptiques b\u00e9n\u00e9fiques. La qualit\u00e9 du sommeil, souvent n\u00e9glig\u00e9e, est \u00e9galement cruciale : c&#8217;est durant le sommeil profond que s&#8217;effectuent la consolidation mn\u00e9sique et l&#8217;\u00e9limination des toxines c\u00e9r\u00e9brales.<\/pee>\n<div class=\"tip-box\">\n<div class=\"tip-box-label\">Nutrition c\u00e9r\u00e9brale optimale<\/div>\n<pee>Privil\u00e9giez les poissons gras, les noix, les l\u00e9gumes verts, les \u0153ufs et les c\u00e9r\u00e9ales compl\u00e8tes. Assurez-vous que votre enfant dort suffisamment (10-11h par nuit \u00e0 cet \u00e2ge) et limitez les sources de stress chronique. Un environnement calme et s\u00e9curisant favorise l&#8217;\u00e9panouissement neurologique.<\/pee>\n<\/pee><\/div>\n<h2>10. L&#8217;impact des technologies num\u00e9riques sur le d\u00e9veloppement<\/h2>\n<pee>L&#8217;exposition aux technologies num\u00e9riques durant cette p\u00e9riode critique de d\u00e9veloppement c\u00e9r\u00e9bral suscite de nombreuses interrogations l\u00e9gitimes. Les \u00e9crans et les interfaces num\u00e9riques sollicitent le cerveau de mani\u00e8re sp\u00e9cifique, activant intens\u00e9ment certains circuits tout en en d\u00e9laissant d&#8217;autres. Une exposition excessive peut perturber le d\u00e9veloppement harmonieux des diff\u00e9rentes r\u00e9gions c\u00e9r\u00e9brales, particuli\u00e8rement celles impliqu\u00e9es dans l&#8217;attention soutenue et le contr\u00f4le inhibiteur.<\/pee>\n<pee>Cependant, utilis\u00e9es de mani\u00e8re r\u00e9fl\u00e9chie et mod\u00e9r\u00e9e, les technologies num\u00e9riques peuvent \u00e9galement offrir des opportunit\u00e9s d&#8217;apprentissage uniques. Les applications \u00e9ducatives bien con\u00e7ues peuvent stimuler sp\u00e9cifiquement certains aspects du d\u00e9veloppement cognitif tout en maintenant l&#8217;engagement et la motivation de l&#8217;enfant. La cl\u00e9 r\u00e9side dans l&#8217;\u00e9quilibre : alterner entre activit\u00e9s num\u00e9riques \u00e9ducatives et exp\u00e9riences du monde r\u00e9el pour garantir un d\u00e9veloppement complet et harmonieux.<\/pee>\n<pee>Les recherches r\u00e9centes montrent l&#8217;importance de pauses r\u00e9guli\u00e8res dans l&#8217;utilisation des \u00e9crans pour permettre au cerveau de traiter et consolider les informations. C&#8217;est pr\u00e9cis\u00e9ment le principe innovant des applications <a href=\"https:\/\/www.dynseo.com\/version-coco\/\" style=\"color: #5e5ed7; font-weight: bold;\">COCO PENSE et COCO BOUGE<\/a>, qui imposent automatiquement une pause sportive toutes les 15 minutes, favorisant ainsi une utilisation saine et b\u00e9n\u00e9fique des technologies num\u00e9riques.<\/pee>\n<div class=\"expert-box\">\n<div class=\"expert-box-label\">Innovation DYNSEO<\/div>\n<div class=\"expert-box-title\">Usage intelligent des \u00e9crans<\/div>\n<div class=\"expert-inner\">\n<div class=\"expert-inner-title\">La r\u00e9volution des pauses actives<\/div>\n<pee>Notre approche unique int\u00e8gre des pauses sportives obligatoires pour optimiser l&#8217;apprentissage num\u00e9rique. Ces interruptions permettent l&#8217;oxyg\u00e9nation du cerveau, la consolidation des acquis et pr\u00e9viennent la surstimulation. Cette m\u00e9thode s&#8217;appuie sur les derni\u00e8res d\u00e9couvertes en neurosciences pour maximiser les b\u00e9n\u00e9fices tout en minimisant les risques.<\/pee>\n<\/pee><\/div>\n<\/pee><\/div>\n<h2>11. Les signes de d\u00e9veloppement typique et les indicateurs d&#8217;alerte<\/h2>\n<pee>Il est essentiel pour les parents de conna\u00eetre les jalons typiques du d\u00e9veloppement c\u00e9r\u00e9bral pour pouvoir identifier d&#8217;\u00e9ventuelles difficult\u00e9s n\u00e9cessitant un accompagnement sp\u00e9cialis\u00e9. Entre 5 et 6 ans, votre enfant devrait normalement \u00eatre capable de suivre des instructions en deux ou trois \u00e9tapes, de raconter une histoire simple en respectant la chronologie, et de montrer un int\u00e9r\u00eat croissant pour les lettres et les chiffres. Sa capacit\u00e9 d&#8217;attention pour une activit\u00e9 qu&#8217;il appr\u00e9cie devrait atteindre 10-15 minutes.<\/pee>\n<pee>Vers 7-8 ans, les comp\u00e9tences s&#8217;affinent consid\u00e9rablement : compr\u00e9hension de r\u00e8gles de jeux complexes, capacit\u00e9 \u00e0 planifier des activit\u00e9s simples, \u00e9mergence de strat\u00e9gies de m\u00e9morisation conscientes, et d\u00e9veloppement d&#8217;une pens\u00e9e plus logique et structur\u00e9e. La motricit\u00e9 fine permet l&#8217;\u00e9criture cursive, et la lecture devient plus fluide avec une compr\u00e9hension accrue du sens des textes.<\/pee>\n<pee>Certains signes peuvent n\u00e9anmoins alerter sur d&#8217;\u00e9ventuelles difficult\u00e9s : persistance de troubles attentionnels s\u00e9v\u00e8res, difficult\u00e9s importantes dans l&#8217;acquisition du langage \u00e9crit, probl\u00e8mes persistants de coordination motrice, ou difficult\u00e9s majeures dans les interactions sociales. Ces indicateurs ne signifient pas n\u00e9cessairement un trouble grave, mais justifient une \u00e9valuation professionnelle pour proposer un accompagnement adapt\u00e9 si n\u00e9cessaire.<\/pee>\n<div class=\"conseil-card\">\n<h4>Accompagnement bienveillant<\/h4>\n<pee>Chaque enfant \u00e9volue \u00e0 son rythme. En cas d&#8217;inqui\u00e9tude, consultez des professionnels tout en maintenant un environnement stimulant et positif. Les outils num\u00e9riques adapt\u00e9s peuvent compl\u00e9ter efficacement l&#8217;accompagnement professionnel en proposant des exercices personnalis\u00e9s et progressifs.<\/pee>\n<\/pee><\/div>\n<h2>12. Strat\u00e9gies pratiques pour stimuler le d\u00e9veloppement cognitif<\/h2>\n<pee>L&#8217;accompagnement optimal du d\u00e9veloppement c\u00e9r\u00e9bral n\u00e9cessite une approche multidimensionnelle combinant stimulation cognitive, activit\u00e9 physique, interactions sociales enrichissantes et respect du rythme naturel de l&#8217;enfant. Les activit\u00e9s de construction et de cr\u00e9ation (Lego, puzzles, bricolage) stimulent simultan\u00e9ment la planification, la motricit\u00e9 fine et la r\u00e9solution de probl\u00e8mes. Ces activit\u00e9s favorisent \u00e9galement la pers\u00e9v\u00e9rance et la tol\u00e9rance \u00e0 la frustration, comp\u00e9tences essentielles pour les apprentissages futurs.<\/pee>\n<pee>Les jeux de soci\u00e9t\u00e9 adapt\u00e9s \u00e0 l&#8217;\u00e2ge constituent d&#8217;excellents outils de stimulation cognitive. Ils d\u00e9veloppent les comp\u00e9tences strat\u00e9giques, la m\u00e9moire de travail, le respect des r\u00e8gles et les comp\u00e9tences sociales. L&#8217;alternance entre jeux comp\u00e9titifs et coop\u00e9ratifs permet de d\u00e9velopper diff\u00e9rentes facettes de la personnalit\u00e9 et des comp\u00e9tences sociales. Les jeux de cartes simples exercent particuli\u00e8rement bien la m\u00e9moire et les capacit\u00e9s de d\u00e9duction.<\/pee>\n<pee>L&#8217;activit\u00e9 physique r\u00e9guli\u00e8re joue un r\u00f4le fondamental souvent sous-estim\u00e9. L&#8217;exercice stimule la production de facteurs de croissance nerveux, am\u00e9liore la vascularisation c\u00e9r\u00e9brale et favorise la neurogen\u00e8se. Les activit\u00e9s qui combinent coordination, \u00e9quilibre et r\u00e9flexion (arts martiaux, danse, parcours d&#8217;obstacles) sont particuli\u00e8rement b\u00e9n\u00e9fiques pour le d\u00e9veloppement int\u00e9gr\u00e9 des capacit\u00e9s motrices et cognitives.<\/pee>\n<div class=\"key-points\">\n<h4>Activit\u00e9s recommand\u00e9es par tranches d&#8217;\u00e2ge :<\/h4>\n<ul>\n<li>5-6 ans : Jeux de tri, histoires interactives, activit\u00e9s sensorielles, premiers puzzles<\/li>\n<li>6-7 ans : Jeux de soci\u00e9t\u00e9 simples, construction libre, activit\u00e9s artistiques, initiation aux r\u00e8gles<\/li>\n<li>7-8 ans : D\u00e9fis logiques, sports collectifs, jeux de strat\u00e9gie, projets cr\u00e9atifs complexes<\/li>\n<li>Transversal : Lecture quotidienne, discussions, exploration nature, musique<\/li>\n<\/ul>\n<\/div>\n<div class=\"faq-list\">\n<h2>Questions fr\u00e9quentes sur le d\u00e9veloppement c\u00e9r\u00e9bral 5-8 ans<\/h2>\n<div class=\"faq-item\">\n<div class=\"faq-q\">\n                        <span>\u00c0 quel moment s&#8217;inqui\u00e9ter si mon enfant semble en retard dans son d\u00e9veloppement ?<\/span><!\u2013- [et_pb_br_holder] -\u2013><br \/>\n                        <span class=\"faq-icon\">+<\/span>\n                    <\/div>\n<div class=\"faq-a\">\n<pee>Il faut distinguer les variations normales du d\u00e9veloppement des retards significatifs. Si \u00e0 6 ans votre enfant a des difficult\u00e9s majeures avec le langage oral, ne montre aucun int\u00e9r\u00eat pour les lettres ou les chiffres, ou pr\u00e9sente des difficult\u00e9s importantes de concentration (moins de 5 minutes), une consultation peut \u00eatre utile. Cependant, rappelez-vous que chaque enfant a son propre rythme et que certains &#8220;d\u00e9collent&#8221; plus tard que d&#8217;autres.<\/pee>\n<\/pee><\/div>\n<\/pee><\/div>\n<div class=\"faq-item\">\n<div class=\"faq-q\">\n                        <span>Les \u00e9crans sont-ils vraiment dangereux pour le cerveau en d\u00e9veloppement ?<\/span><!\u2013- [et_pb_br_holder] -\u2013><br \/>\n                        <span class=\"faq-icon\">+<\/span>\n                    <\/div>\n<div class=\"faq-a\">\n<pee>Les \u00e9crans ne sont pas intrins\u00e8quement dangereux, mais leur usage doit \u00eatre adapt\u00e9 et mod\u00e9r\u00e9. Une exposition excessive peut effectivement perturber le d\u00e9veloppement de l&#8217;attention et du sommeil. L&#8217;id\u00e9al est de privil\u00e9gier des contenus \u00e9ducatifs de qualit\u00e9, avec des pauses r\u00e9guli\u00e8res et un accompagnement parental. Les applications comme COCO PENSE et COCO BOUGE, qui int\u00e8grent des pauses sportives automatiques, repr\u00e9sentent une approche innovante pour un usage sain des technologies.<\/pee>\n<\/pee><\/div>\n<\/pee><\/div>\n<div class=\"faq-item\">\n<div class=\"faq-q\">\n                        <span>Comment puis-je savoir si mon enfant d\u00e9veloppe bien ses capacit\u00e9s de m\u00e9moire ?<\/span><!\u2013- [et_pb_br_holder] -\u2013><br \/>\n                        <span class=\"faq-icon\">+<\/span>\n                    <\/div>\n<div class=\"faq-a\">\n<pee>Observez sa capacit\u00e9 \u00e0 retenir et raconter des \u00e9v\u00e9nements r\u00e9cents, \u00e0 suivre des instructions en plusieurs \u00e9tapes, et \u00e0 apprendre de nouvelles comptines ou chansons. Vers 7-8 ans, il devrait pouvoir m\u00e9moriser son adresse compl\u00e8te, retenir les r\u00e8gles de jeux complexes et d\u00e9velopper ses propres strat\u00e9gies pour se souvenir (r\u00e9p\u00e9tition, associations). Les jeux de m\u00e9moire r\u00e9guliers peuvent aider \u00e0 \u00e9valuer et stimuler ces capacit\u00e9s.<\/pee>\n<\/pee><\/div>\n<\/pee><\/div>\n<div class=\"faq-item\">\n<div class=\"faq-q\">\n                        <span>Quelle est l&#8217;importance du sommeil dans le d\u00e9veloppement c\u00e9r\u00e9bral ?<\/span><!\u2013- [et_pb_br_holder] -\u2013><br \/>\n                        <span class=\"faq-icon\">+<\/span>\n                    <\/div>\n<div class=\"faq-a\">\n<pee>Le sommeil est absolument crucial pour le d\u00e9veloppement c\u00e9r\u00e9bral. C&#8217;est pendant le sommeil profond que se consolident les apprentissages de la journ\u00e9e et que le cerveau \u00e9limine les d\u00e9chets m\u00e9taboliques. Un enfant de 5-8 ans a besoin de 10 \u00e0 11 heures de sommeil par nuit. Un sommeil insuffisant peut affecter l&#8217;attention, la m\u00e9moire, l&#8217;humeur et m\u00eame la croissance physique. \u00c9tablir une routine de coucher r\u00e9guli\u00e8re et un environnement propice au sommeil est essentiel.<\/pee>\n<\/pee><\/div>\n<\/pee><\/div>\n<div class=\"faq-item\">\n<div class=\"faq-q\">\n                        <span>Dois-je m&#8217;inqui\u00e9ter si mon enfant pr\u00e9f\u00e8re les activit\u00e9s solitaires aux jeux de groupe ?<\/span><!\u2013- [et_pb_br_holder] -\u2013><br \/>\n                        <span class=\"faq-icon\">+<\/span>\n                    <\/div>\n<div class=\"faq-a\">\n<pee>Pas n\u00e9cessairement. Certains enfants sont naturellement plus introvertis et ont besoin de temps en solitaire pour se ressourcer. L&#8217;important est qu&#8217;ils soient capables d&#8217;interactions sociales appropri\u00e9es quand c&#8217;est n\u00e9cessaire et qu&#8217;ils montrent de l&#8217;empathie envers les autres. Encouragez doucement les interactions sociales sans forcer, en respectant le temp\u00e9rament de votre enfant. Proposez des activit\u00e9s de groupe en petit comit\u00e9 pour commencer.<\/pee>\n<\/pee><\/div>\n<\/pee><\/div>\n<\/pee><\/div>\n<div class=\"cta-box\">\n<h3>Accompagnez le d\u00e9veloppement cognitif de votre enfant avec DYNSEO<\/h3>\n<pee>D\u00e9couvrez nos applications \u00e9ducatives sp\u00e9cialement con\u00e7ues pour stimuler le d\u00e9veloppement c\u00e9r\u00e9bral de votre enfant de mani\u00e8re ludique et scientifiquement fond\u00e9e. Plus de 30 jeux \u00e9ducatifs avec des pauses sportives int\u00e9gr\u00e9es pour un apprentissage optimal et une utilisation saine des \u00e9crans.<\/pee>\n<div class=\"cta-buttons\">\n                    <a href=\"https:\/\/www.dynseo.com\/version-coco\/\" class=\"btn-white\">D\u00e9couvrir COCO PENSE et COCO BOUGE<\/a><!\u2013- [et_pb_br_holder] -\u2013><br \/>\n                    <a href=\"https:\/\/www.dynseo.com\/version-coco\/\" class=\"btn-outline\">T\u00e9l\u00e9charger l&#8217;application<\/a>\n                <\/div>\n<\/pee><\/div>\n<div class=\"article-tags\">\n                <strong>Tags : <\/strong><!\u2013- [et_pb_br_holder] -\u2013><br \/>\n                <a href=\"#\" class=\"article-tag\">d\u00e9veloppement c\u00e9r\u00e9bral<\/a><!\u2013- [et_pb_br_holder] -\u2013><br \/>\n                <a href=\"#\" class=\"article-tag\">enfant 5-8 ans<\/a><!\u2013- [et_pb_br_holder] -\u2013><br \/>\n                <a href=\"#\" class=\"article-tag\">neurosciences<\/a><!\u2013- [et_pb_br_holder] -\u2013><br \/>\n                <a href=\"#\" class=\"article-tag\">apprentissage<\/a><!\u2013- [et_pb_br_holder] -\u2013><br \/>\n                <a href=\"#\" class=\"article-tag\">stimulation cognitive<\/a><!\u2013- [et_pb_br_holder] -\u2013><br \/>\n                <a href=\"#\" class=\"article-tag\">plasticit\u00e9 neuronale<\/a><!\u2013- [et_pb_br_holder] -\u2013><br \/>\n                <a href=\"#\" class=\"article-tag\">fonctions ex\u00e9cutives<\/a><!\u2013- [et_pb_br_holder] -\u2013><br \/>\n                <a href=\"#\" class=\"article-tag\">m\u00e9moire<\/a><!\u2013- [et_pb_br_holder] -\u2013><br \/>\n                <a href=\"#\" class=\"article-tag\">attention<\/a><!\u2013- [et_pb_br_holder] -\u2013><br \/>\n                <a href=\"#\" class=\"article-tag\">COCO<\/a>\n            <\/div>\n<\/pee><\/div>\n<\/pee><\/div>\n<pee>    <script>\n        document.querySelectorAll('.faq-q').forEach(function(question) {\n            question.addEventListener('click', function() {\n                question.closest('.faq-item').classList.toggle('open');\n            });\n        });\n    <\/script><!\u2013- [et_pb_br_holder] -\u2013><br \/>\n<script type=\"application\/ld+json\">\n{\n  \"@context\": \"https:\/\/schema.org\",\n  \"@graph\": [\n    {\n      \"@type\": \"Article\",\n      \"headline\": \"Comment cro\u00eet le cerveau de votre enfant entre 5 et 8 ans ?\",\n      \"description\": \"\ud83d\udcc5 Avril 2026 \u23f1\ufe0f 15 min de lecture \ud83d\udc65 Parents et \u00e9ducateurs \u2b50\u2b50\u2b50\u2b50\u2b50 4.8\/5\",\n      \"url\": \"https:\/\/www.dynseo.com\/comment-croit-le-cerveau-de-votre-enfant-entre-5-et-8-ans\/\",\n      \"datePublished\": \"2026-04-07\",\n      \"image\": \"https:\/\/www.dynseo.com\/wp-content\/uploads\/2026\/04\/cerveau-enfant-5-8-ans.jpg\",\n      \"author\": {\n        \"@type\": \"Organization\",\n        \"name\": \"DYNSEO\",\n        \"url\": \"https:\/\/www.dynseo.com\"\n      },\n      \"publisher\": {\n        \"@type\": \"Organization\",\n        \"name\": \"DYNSEO\",\n        \"url\": \"https:\/\/www.dynseo.com\",\n        \"logo\": {\n          \"@type\": \"ImageObject\",\n          \"url\": \"https:\/\/www.dynseo.com\/wp-content\/uploads\/2020\/01\/dynseo-logo.png\"\n        }\n      },\n      \"aggregateRating\": {\n        \"@type\": \"AggregateRating\",\n        \"ratingValue\": \"4.8\",\n        \"bestRating\": \"5\",\n        \"ratingCount\": \"47\"\n      }\n    },\n    {\n      \"@type\": \"WebPage\",\n      \"url\": \"https:\/\/www.dynseo.com\/comment-croit-le-cerveau-de-votre-enfant-entre-5-et-8-ans\/\",\n      \"name\": \"Comment cro\u00eet le cerveau de votre enfant entre 5 et 8 ans ?\",\n      \"description\": \"\ud83d\udcc5 Avril 2026 \u23f1\ufe0f 15 min de lecture \ud83d\udc65 Parents et \u00e9ducateurs \u2b50\u2b50\u2b50\u2b50\u2b50 4.8\/5\",\n      \"breadcrumb\": {\n        \"@type\": \"BreadcrumbList\",\n        \"itemListElement\": [\n          {\n            \"@type\": \"ListItem\",\n            \"position\": 1,\n            \"name\": \"Accueil\",\n            \"item\": \"https:\/\/www.dynseo.com\"\n          },\n          {\n            \"@type\": \"ListItem\",\n            \"position\": 2,\n            \"name\": \"Blog\",\n            \"item\": \"https:\/\/www.dynseo.com\/blog\/\"\n          },\n          {\n            \"@type\": \"ListItem\",\n            \"position\": 3,\n            \"name\": \"Comment cro\u00eet le cerveau de votre enfant entre 5 et 8 ans ?\",\n            \"item\": \"https:\/\/www.dynseo.com\/comment-croit-le-cerveau-de-votre-enfant-entre-5-et-8-ans\/\"\n          }\n        ]\n      }\n    },\n    {\n      \"@type\": \"FAQPage\",\n      \"mainEntity\": [\n        {\n          \"@type\": \"Question\",\n          \"name\": \"\u00c0 quel moment s'inqui\u00e9ter si mon enfant semble en retard dans son d\u00e9veloppement ?\",\n          \"acceptedAnswer\": {\n            \"@type\": \"Answer\",\n            \"text\": \"Il est important de consulter un professionnel si vous observez des retards significatifs dans le d\u00e9veloppement cognitif de votre enfant par rapport aux \u00e9tapes cl\u00e9s de son \u00e2ge.\"\n          }\n        },\n        {\n          \"@type\": \"Question\",\n          \"name\": \"Les \u00e9crans sont-ils vraiment dangereux pour le cerveau en d\u00e9veloppement ?\",\n          \"acceptedAnswer\": {\n            \"@type\": \"Answer\",\n            \"text\": \"L'exposition excessive aux \u00e9crans peut affecter le d\u00e9veloppement du cerveau, il est recommand\u00e9 de limiter le temps d'\u00e9cran et de privil\u00e9gier les activit\u00e9s interactives.\"\n          }\n        },\n        {\n          \"@type\": \"Question\",\n          \"name\": \"Comment puis-je savoir si mon enfant d\u00e9veloppe bien ses capacit\u00e9s de m\u00e9moire ?\",\n          \"acceptedAnswer\": {\n            \"@type\": \"Answer\",\n            \"text\": \"Observez sa capacit\u00e9 \u00e0 retenir des informations, suivre des instructions simples et se souvenir d'\u00e9v\u00e9nements r\u00e9cents. Des jeux de m\u00e9moire peuvent aider \u00e0 \u00e9valuer et stimuler ces capacit\u00e9s.\"\n          }\n        }\n      ]\n    }\n  ]\n}\n<\/script>[\/et_pb_code][\/et_pb_column][\/et_pb_row][\/et_pb_section]<\/p>\n","protected":false},"excerpt":{"rendered":"","protected":false},"author":4,"featured_media":348895,"comment_status":"closed","ping_status":"closed","sticky":false,"template":"","format":"standard","meta":{"_et_pb_use_builder":"on","_et_pb_old_content":"[et_pb_section fb_built=\"1\" _builder_version=\"4.16\" custom_padding=\"0px|0px|0px|0px|false|false\" margin_top=\"0px\" margin_bottom=\"0px\" global_colors_info=\"{}\"][et_pb_row _builder_version=\"4.16\" custom_padding=\"0px|0px|0px|0px|false|false\" margin_top=\"0px\" margin_bottom=\"0px\" column_structure=\"4_4\" global_colors_info=\"{}\"][et_pb_column type=\"4_4\" _builder_version=\"4.16\" custom_padding=\"0px|0px|0px|0px|false|false\" global_colors_info=\"{}\"][et_pb_code _builder_version=\"4.16\" custom_padding=\"0px|0px|0px|0px|false|false\" global_colors_info=\"{}\"]<style>\n        :root {\n            --primary-blue: #5e5ed7;\n            --blue-dark: #5268c9;\n            --teal: #a9e2e4;\n            --yellow: #ffeca7;\n            --pink: #e73469;\n            --white: #ffffff;\n            --light-gray: #f8f9fa;\n            --dark-gray: #333333;\n            --text-color: #555555;\n        }\n\n        * {\n            margin: 0;\n            padding: 0;\n            box-sizing: border-box;\n        }\n\n        body {\n            font-family: 'Poppins', sans-serif;\n            line-height: 1.6;\n            color: var(--text-color);\n            background: var(--white);\n        }\n\n        .article-hero {\n            background: linear-gradient(135deg, var(--primary-blue) 0%, var(--blue-dark) 100%);\n            color: var(--white);\n            padding: 60px 0 100px;\n            position: relative;\n            overflow: hidden;\n        }\n\n        .article-hero-curve {\n            position: absolute;\n            bottom: -2px;\n            left: 0;\n            right: 0;\n            height: 100px;\n            background: var(--white);\n            clip-path: ellipse(100% 100% at 50% 100%);\n        }\n\n        .article-hero-inner {\n            max-width: 1200px;\n            margin: 0 auto;\n            padding: 0 20px;\n            position: relative;\n            z-index: 2;\n        }\n\n        .article-breadcrumb {\n            font-size: 14px;\n            margin-bottom: 20px;\n            opacity: 0.9;\n        }\n\n        .article-breadcrumb a {\n            color: var(--white);\n            text-decoration: none;\n        }\n\n        .article-category {\n            display: inline-block;\n            background: var(--teal);\n            color: var(--dark-gray);\n            padding: 8px 16px;\n            border-radius: 20px;\n            font-size: 14px;\n            font-weight: 600;\n            margin-bottom: 30px;\n        }\n\n        .article-hero h1 {\n            font-family: 'Montserrat', sans-serif;\n            font-size: 3rem;\n            font-weight: 700;\n            line-height: 1.2;\n            margin-bottom: 20px;\n        }\n\n        .hl {\n            background: linear-gradient(120deg, var(--yellow) 0%, var(--teal) 100%);\n            -webkit-background-clip: text;\n            -webkit-text-fill-color: transparent;\n            background-clip: text;\n        }\n\n        .article-meta {\n            display: flex;\n            gap: 30px;\n            align-items: center;\n            flex-wrap: wrap;\n            margin-top: 30px;\n            font-size: 14px;\n        }\n\n        .article-meta span {\n            display: flex;\n            align-items: center;\n            gap: 8px;\n        }\n\n        .stars {\n            color: var(--yellow);\n            font-size: 18px;\n        }\n\n        .article-body {\n            padding: 80px 0;\n        }\n\n        .container {\n            max-width: 1200px;\n            margin: 0 auto;\n            padding: 0 20px;\n        }\n\n        .intro-block {\n            font-size: 18px;\n            line-height: 1.8;\n            margin-bottom: 60px;\n            padding: 40px;\n            background: linear-gradient(135deg, var(--light-gray) 0%, #f0f0f0 100%);\n            border-radius: 15px;\n            text-align: center;\n        }\n\n        .stats-grid {\n            display: grid;\n            grid-template-columns: repeat(auto-fit, minmax(250px, 1fr));\n            gap: 30px;\n            margin-bottom: 80px;\n        }\n\n        .stat-card {\n            background: var(--white);\n            padding: 30px;\n            border-radius: 15px;\n            text-align: center;\n            box-shadow: 0 10px 30px rgba(0,0,0,0.1);\n            border-top: 4px solid var(--primary-blue);\n        }\n\n        .stat-card .number {\n            font-family: 'Montserrat', sans-serif;\n            font-size: 2.5rem;\n            font-weight: 700;\n            color: var(--primary-blue);\n            display: block;\n            margin-bottom: 10px;\n        }\n\n        .stat-card .label {\n            font-weight: 500;\n            color: var(--dark-gray);\n        }\n\n        h2 {\n            font-family: 'Montserrat', sans-serif;\n            font-size: 2rem;\n            font-weight: 600;\n            color: var(--dark-gray);\n            margin: 60px 0 30px;\n            padding-bottom: 15px;\n            border-bottom: 3px solid var(--teal);\n        }\n\n        h3 {\n            font-family: 'Montserrat', sans-serif;\n            font-size: 1.4rem;\n            font-weight: 600;\n            color: var(--dark-gray);\n            margin: 40px 0 20px;\n        }\n\n        p {\n            margin-bottom: 20px;\n            line-height: 1.8;\n        }\n\n        .conseil-card {\n            background: linear-gradient(135deg, var(--yellow) 0%, #fff5cc 100%);\n            padding: 30px;\n            border-radius: 15px;\n            margin: 30px 0;\n            border-left: 5px solid var(--primary-blue);\n        }\n\n        .conseil-card h4 {\n            font-family: 'Montserrat', sans-serif;\n            color: var(--dark-gray);\n            margin-bottom: 15px;\n            font-size: 1.2rem;\n        }\n\n        .key-points {\n            background: var(--white);\n            padding: 30px;\n            border-radius: 15px;\n            margin: 30px 0;\n            box-shadow: 0 5px 15px rgba(0,0,0,0.08);\n        }\n\n        .key-points ul {\n            list-style: none;\n            padding: 0;\n        }\n\n        .key-points li {\n            padding: 10px 0;\n            padding-left: 30px;\n            position: relative;\n        }\n\n        .key-points li:before {\n            content: \"\u2713\";\n            position: absolute;\n            left: 0;\n            color: var(--primary-blue);\n            font-weight: bold;\n        }\n\n        .tip-box {\n            background: linear-gradient(135deg, var(--teal) 0%, #d4f0f1 100%);\n            padding: 25px;\n            border-radius: 12px;\n            margin: 25px 0;\n            position: relative;\n        }\n\n        .tip-box-label {\n            background: var(--primary-blue);\n            color: var(--white);\n            padding: 5px 12px;\n            border-radius: 15px;\n            font-size: 12px;\n            font-weight: 600;\n            text-transform: uppercase;\n            letter-spacing: 1px;\n            display: inline-block;\n            margin-bottom: 15px;\n        }\n\n        .expert-box {\n            background: linear-gradient(135deg, #fff 0%, var(--light-gray) 100%);\n            border: 2px solid var(--primary-blue);\n            border-radius: 15px;\n            padding: 0;\n            margin: 40px 0;\n            overflow: hidden;\n        }\n\n        .expert-box-label {\n            background: var(--primary-blue);\n            color: var(--white);\n            padding: 15px 25px;\n            font-weight: 600;\n            text-transform: uppercase;\n            letter-spacing: 1px;\n            font-size: 14px;\n        }\n\n        .expert-box-title {\n            background: var(--blue-dark);\n            color: var(--white);\n            padding: 20px 25px;\n            font-family: 'Montserrat', sans-serif;\n            font-size: 1.3rem;\n            font-weight: 600;\n        }\n\n        .expert-inner {\n            padding: 25px;\n        }\n\n        .expert-inner-title {\n            font-family: 'Montserrat', sans-serif;\n            color: var(--primary-blue);\n            font-size: 1.2rem;\n            font-weight: 600;\n            margin-bottom: 15px;\n        }\n\n        .faq-list {\n            margin: 60px 0;\n        }\n\n        .faq-item {\n            background: var(--white);\n            border: 1px solid #e0e0e0;\n            border-radius: 10px;\n            margin-bottom: 15px;\n            overflow: hidden;\n        }\n\n        .faq-q {\n            padding: 25px;\n            cursor: pointer;\n            display: flex;\n            justify-content: space-between;\n            align-items: center;\n            font-weight: 600;\n            font-family: 'Montserrat', sans-serif;\n            background: var(--light-gray);\n            transition: all 0.3s ease;\n        }\n\n        .faq-q:hover {\n            background: var(--teal);\n        }\n\n        .faq-icon {\n            font-size: 20px;\n            font-weight: bold;\n            color: var(--primary-blue);\n            transition: transform 0.3s ease;\n        }\n\n        .faq-item.open .faq-icon {\n            transform: rotate(45deg);\n        }\n\n        .faq-a {\n            padding: 0 25px;\n            max-height: 0;\n            overflow: hidden;\n            transition: all 0.3s ease;\n        }\n\n        .faq-item.open .faq-a {\n            padding: 25px;\n            max-height: 500px;\n        }\n\n        .cta-box {\n            background: linear-gradient(135deg, var(--primary-blue) 0%, var(--blue-dark) 100%);\n            color: var(--white);\n            padding: 50px;\n            border-radius: 20px;\n            text-align: center;\n            margin: 60px 0;\n        }\n\n        .cta-box h3 {\n            color: var(--white);\n            margin-bottom: 20px;\n        }\n\n        .cta-buttons {\n            display: flex;\n            gap: 20px;\n            justify-content: center;\n            flex-wrap: wrap;\n            margin-top: 30px;\n        }\n\n        .btn-white {\n            background: var(--white);\n            color: var(--primary-blue);\n            padding: 15px 30px;\n            border-radius: 25px;\n            text-decoration: none;\n            font-weight: 600;\n            font-family: 'Montserrat', sans-serif;\n            transition: all 0.3s ease;\n            border: none;\n            cursor: pointer;\n        }\n\n        .btn-white:hover {\n            background: var(--yellow);\n            transform: translateY(-2px);\n        }\n\n        .btn-outline {\n            background: transparent;\n            color: var(--white);\n            padding: 15px 30px;\n            border: 2px solid var(--white);\n            border-radius: 25px;\n            text-decoration: none;\n            font-weight: 600;\n            font-family: 'Montserrat', sans-serif;\n            transition: all 0.3s ease;\n        }\n\n        .btn-outline:hover {\n            background: var(--white);\n            color: var(--primary-blue);\n        }\n\n        .article-tags {\n            margin: 60px 0;\n            padding: 30px 0;\n            border-top: 1px solid #e0e0e0;\n        }\n\n        .article-tag {\n            display: inline-block;\n            background: var(--light-gray);\n            color: var(--dark-gray);\n            padding: 8px 16px;\n            border-radius: 20px;\n            text-decoration: none;\n            font-size: 14px;\n            margin: 5px;\n            transition: all 0.3s ease;\n        }\n\n        .article-tag:hover {\n            background: var(--teal);\n            color: var(--dark-gray);\n        }\n\n        @media (max-width: 768px) {\n            .article-hero h1 {\n                font-size: 2rem;\n            }\n            \n            .stats-grid {\n                grid-template-columns: 1fr;\n            }\n            \n            .article-meta {\n                flex-direction: column;\n                align-items: flex-start;\n                gap: 15px;\n            }\n            \n            .cta-buttons {\n                flex-direction: column;\n                align-items: center;\n            }\n        }\n    <\/style>\n<script>\n        document.querySelectorAll('.faq-q').forEach(function(question) {\n            question.addEventListener('click', function() {\n                question.closest('.faq-item').classList.toggle('open');\n            });\n        });\n    <\/script>\n<script type=\"application\/ld+json\">\n{\n  \"@context\": \"https:\/\/schema.org\",\n  \"@graph\": [\n    {\n      \"@type\": \"Article\",\n      \"headline\": \"Comment cro\u00eet le cerveau de votre enfant entre 5 et 8 ans ?\",\n      \"description\": \"\ud83d\udcc5 Avril 2026 \u23f1\ufe0f 15 min de lecture \ud83d\udc65 Parents et \u00e9ducateurs \u2b50\u2b50\u2b50\u2b50\u2b50 4.8\/5\",\n      \"url\": \"https:\/\/www.dynseo.com\/comment-croit-le-cerveau-de-votre-enfant-entre-5-et-8-ans\/\",\n      \"datePublished\": \"2026-04-07\",\n      \"image\": \"https:\/\/www.dynseo.com\/wp-content\/uploads\/2026\/04\/cerveau-enfant-5-8-ans.jpg\",\n      \"author\": {\n        \"@type\": \"Organization\",\n        \"name\": \"DYNSEO\",\n        \"url\": \"https:\/\/www.dynseo.com\"\n      },\n      \"publisher\": {\n        \"@type\": \"Organization\",\n        \"name\": \"DYNSEO\",\n        \"url\": \"https:\/\/www.dynseo.com\",\n        \"logo\": {\n          \"@type\": \"ImageObject\",\n          \"url\": \"https:\/\/www.dynseo.com\/wp-content\/uploads\/2020\/01\/dynseo-logo.png\"\n        }\n      },\n      \"aggregateRating\": {\n        \"@type\": \"AggregateRating\",\n        \"ratingValue\": \"4.8\",\n        \"bestRating\": \"5\",\n        \"ratingCount\": \"47\"\n      }\n    },\n    {\n      \"@type\": \"WebPage\",\n      \"url\": \"https:\/\/www.dynseo.com\/comment-croit-le-cerveau-de-votre-enfant-entre-5-et-8-ans\/\",\n      \"name\": \"Comment cro\u00eet le cerveau de votre enfant entre 5 et 8 ans ?\",\n      \"description\": \"\ud83d\udcc5 Avril 2026 \u23f1\ufe0f 15 min de lecture \ud83d\udc65 Parents et \u00e9ducateurs \u2b50\u2b50\u2b50\u2b50\u2b50 4.8\/5\",\n      \"breadcrumb\": {\n        \"@type\": \"BreadcrumbList\",\n        \"itemListElement\": [\n          {\n            \"@type\": \"ListItem\",\n            \"position\": 1,\n            \"name\": \"Accueil\",\n            \"item\": \"https:\/\/www.dynseo.com\"\n          },\n          {\n            \"@type\": \"ListItem\",\n            \"position\": 2,\n            \"name\": \"Blog\",\n            \"item\": \"https:\/\/www.dynseo.com\/blog\/\"\n          },\n          {\n            \"@type\": \"ListItem\",\n            \"position\": 3,\n            \"name\": \"Comment cro\u00eet le cerveau de votre enfant entre 5 et 8 ans ?\",\n            \"item\": \"https:\/\/www.dynseo.com\/comment-croit-le-cerveau-de-votre-enfant-entre-5-et-8-ans\/\"\n          }\n        ]\n      }\n    },\n    {\n      \"@type\": \"FAQPage\",\n      \"mainEntity\": [\n        {\n          \"@type\": \"Question\",\n          \"name\": \"\u00c0 quel moment s'inqui\u00e9ter si mon enfant semble en retard dans son d\u00e9veloppement ?\",\n          \"acceptedAnswer\": {\n            \"@type\": \"Answer\",\n            \"text\": \"Il est important de consulter un professionnel si vous observez des retards significatifs dans le d\u00e9veloppement cognitif de votre enfant par rapport aux \u00e9tapes cl\u00e9s de son \u00e2ge.\"\n          }\n        },\n        {\n          \"@type\": \"Question\",\n          \"name\": \"Les \u00e9crans sont-ils vraiment dangereux pour le cerveau en d\u00e9veloppement ?\",\n          \"acceptedAnswer\": {\n            \"@type\": \"Answer\",\n            \"text\": \"L'exposition excessive aux \u00e9crans peut affecter le d\u00e9veloppement du cerveau, il est recommand\u00e9 de limiter le temps d'\u00e9cran et de privil\u00e9gier les activit\u00e9s interactives.\"\n          }\n        },\n        {\n          \"@type\": \"Question\",\n          \"name\": \"Comment puis-je savoir si mon enfant d\u00e9veloppe bien ses capacit\u00e9s de m\u00e9moire ?\",\n          \"acceptedAnswer\": {\n            \"@type\": \"Answer\",\n            \"text\": \"Observez sa capacit\u00e9 \u00e0 retenir des informations, suivre des instructions simples et se souvenir d'\u00e9v\u00e9nements r\u00e9cents. Des jeux de m\u00e9moire peuvent aider \u00e0 \u00e9valuer et stimuler ces capacit\u00e9s.\"\n          }\n        }\n      ]\n    }\n  ]\n}\n<\/script>\n<link rel=\"preconnect\" href=\"https:\/\/fonts.googleapis.com\">\n\n<section class=\"article-hero\">\n        <div class=\"article-hero-inner\">\n            <div class=\"article-breadcrumb\">\n                <a href=\"\/\">Home<\/a> > <a href=\"\/blog\">Blog<\/a> > Sviluppo del bambino\n            <\/div>\n            \n            <div class=\"article-category\">Sviluppo Cognitivo<\/div>\n            \n            <h1>Come cresce il <span class=\"hl\">cervello del tuo bambino<\/span> tra i 5 e gli 8 anni?<\/h1>\n            \n            <div class=\"article-meta\">\n                <span>\ud83d\udcc5 Aprile 2026<\/span>\n                <span>\u23f1\ufe0f 15 min di lettura<\/span>\n                <span>\ud83d\udc65 Genitori ed educatori<\/span>\n                <span class=\"stars\">\u2b50\u2b50\u2b50\u2b50\u2b50 4.8\/5<\/span>\n            <\/div>\n        <\/div>\n        <div class=\"article-hero-curve\"><\/div>\n    <\/section>\n\n    <div class=\"article-body\">\n        <div class=\"container\">\n            <div class=\"intro-block\">\n                <p>Il cervello umano \u00e8 un capolavoro di evoluzione che continua a affascinarci per la sua complessit\u00e0 e le sue capacit\u00e0 di adattamento. Tra i 5 e gli 8 anni, il tuo bambino attraversa un periodo cruciale di sviluppo neurologico, caratterizzato da trasformazioni spettacolari che plasmeranno le sue capacit\u00e0 cognitive per tutta la vita. Questo periodo rappresenta un punto di svolta decisivo in cui le fondamenta dell'apprendimento, della memoria e del ragionamento si consolidano in modo straordinario. Comprendere questi meccanismi ti permetter\u00e0 di accompagnare il tuo bambino in questa avventura straordinaria. Scopriamo insieme come stimolare efficacemente questa crescita cerebrale per ottimizzare il suo potenziale di apprendimento e il suo benessere.<\/p>\n            <\/div>\n\n            <div class=\"stats-grid\">\n                <div class=\"stat-card\">\n                    <span class=\"number\">90%<\/span>\n                    <span class=\"label\">della dimensione adulta raggiunta a 5 anni<\/span>\n                <\/div>\n                <div class=\"stat-card\">\n                    <span class=\"number\">1000<\/span>\n                    <span class=\"label\">nuove connessioni al secondo<\/span>\n                <\/div>\n                <div class=\"stat-card\">\n                    <span class=\"number\">20%<\/span>\n                    <span class=\"label\">dell'energia corporea utilizzata<\/span>\n                <\/div>\n                <div class=\"stat-card\">\n                    <span class=\"number\">100<\/span>\n                    <span class=\"label\">miliardi di neuroni da organizzare<\/span>\n                <\/div>\n            <\/div>\n\n            <h2>1. I fondamentali dello sviluppo cerebrale a 5 anni<\/h2>\n            <p>All'et\u00e0 di 5 anni, il cervello del tuo bambino ha gi\u00e0 percorso un cammino straordinario dalla sua nascita. Rappresentando circa il 90% della sua dimensione adulta finale, questa massa di 100 miliardi di neuroni entra in una fase di maturazione sofisticata in cui l'organizzazione prevale sulla crescita grezza. Questo periodo segna l'inizio di una specializzazione funzionale straordinaria, in cui ogni regione cerebrale affina le sue connessioni per diventare pi\u00f9 efficiente.<\/p>\n\n            <p>Il processo di mielinizzazione, che consiste nell'imballaggio delle fibre nervose con una guaina protettiva, accelera notevolmente a quest'et\u00e0. Questa mielina agisce come un isolante elettrico, consentendo una trasmissione pi\u00f9 rapida e precisa dei segnali nervosi. Le aree responsabili della motricit\u00e0 fine, del linguaggio e della coordinazione oculo-manuale beneficiano particolarmente di questa maturazione, spiegando perch\u00e9 il tuo bambino diventa improvvisamente capace di scrivere le sue prime lettere o di disegnare con maggiore precisione.<\/p>\n\n            <p>La plasticit\u00e0 cerebrale raggiunge un picco notevole durante questo periodo, offrendo una finestra di opportunit\u00e0 unica per l'apprendimento. Le esperienze vissute dal tuo bambino scolpiscono letteralmente la sua architettura neuronale, rafforzando alcune connessioni mentre ne eliminano altre secondo il principio \"usalo o perdilo\". Questa plasticit\u00e0 eccezionale spiega perch\u00e9 i bambini di quest'et\u00e0 apprendono cos\u00ec facilmente nuove competenze, che si tratti di una lingua straniera, di uno strumento musicale o di concetti matematici complessi.<\/p>\n<div class=\"conseil-card\">\n                <h4>Consiglio dell'esperto DYNSEO<\/h4>\n                <p>Approfittate di questa plasticit\u00e0 massima esponendo vostro figlio a stimolazioni varie e arricchenti. Le applicazioni educative come <a href=\"https:\/\/www.dynseo.com\/it\/version-coco\/\" style=\"color: #5e5ed7; font-weight: bold;\">COCO PENSA e COCO SI MUOVE<\/a> sono progettate appositamente per sfruttare questa finestra di apprendimento ottimale rispettando il ritmo naturale di sviluppo.<\/p>\n            <\/div>\n\n            <div class=\"key-points\">\n                <h4>Punti chiave dello sviluppo a 5 anni:<\/h4>\n                <ul>\n                    <li>Maturazione delle aree di controllo motorio e coordinazione<\/li>\n                    <li>Sviluppo accelerato delle aree del linguaggio e della comunicazione<\/li>\n                    <li>Emergere delle capacit\u00e0 di pianificazione e organizzazione<\/li>\n                    <li>Consolidamento dei circuiti della memoria a breve e lungo termine<\/li>\n                    <li>Affinamento delle connessioni sensoriali e percettive<\/li>\n                <\/ul>\n            <\/div>\n\n            <h2>2. L'esplosione sinaptica e il potatura neuronale<\/h2>\n            <p>Tra i 5 e gli 8 anni, il cervello di vostro figlio attraversa due fenomeni apparentemente contraddittori ma fondamentalmente complementari: l'esplosione sinaptica e il potatura neuronale. Questo periodo assomiglia a un grande cantiere di costruzione dove si erigono prima molte strutture per poi mantenere solo le pi\u00f9 solide e utili. Questa metafora illustra perfettamente il processo di affinamento neurale che avviene durante questi anni cruciali.<\/p>\n\n            <p>L'esplosione sinaptica si caratterizza per una formazione massiccia di nuove connessioni tra i neuroni. Al suo picco, un neurone pu\u00f2 stabilire fino a 15.000 connessioni con i suoi vicini, creando una rete di una complessit\u00e0 inaudita. Questa sovrabbondanza di connessioni consente al cervello di esplorare tutte le possibilit\u00e0 di apprendimento e adattamento, offrendo una flessibilit\u00e0 massima di fronte alle sfide cognitive che vostro figlio incontra nel suo ambiente quotidiano.<\/p>\n\n            <p>Simultaneamente, inizia a operarsi un processo di potatura selettiva, eliminando le connessioni meno utilizzate per ottimizzare l'efficienza della rete neurale. Contrariamente a quanto si potrebbe pensare, questa eliminazione non \u00e8 una perdita ma un guadagno in prestazioni. Conservando solo i circuiti pi\u00f9 sollecitati, il cervello diventa pi\u00f9 veloce, pi\u00f9 preciso e meno energivoro. Questo processo spiega perch\u00e9 le abitudini acquisite durante questo periodo tendono a perdurare: incidono i loro circuiti nell'architettura cerebrale.<\/p>\n\n            <div class=\"tip-box\">\n                <div class=\"tip-box-label\">Suggerimento pratico<\/div>\n                <p>Incoraggiate la ripetizione positiva di attivit\u00e0 arricchenti per rafforzare le connessioni benefiche. Gli esercizi regolari di memoria, logica e creativit\u00e0 aiutano a consolidare i circuiti neuronali pi\u00f9 preziosi.<\/p>\n            <\/div>\n\n            <div class=\"expert-box\">\n                <div class=\"expert-box-label\">Competenza DYNSEO<\/div>\n                <div class=\"expert-box-title\">Ottimizzazione della potatura neuronale<\/div>\n                <div class=\"expert-inner\">\n<div class=\"expert-inner-title\">Come favorire una potatura benefica?<\/div>\n                    <p>Affinch\u00e9 la potatura neuronale avvenga a favore delle buone connessioni, \u00e8 essenziale proporre attivit\u00e0 stimolanti in modo regolare e progressivo. I giochi educativi digitali, quando sono ben progettati e utilizzati con moderazione, possono contribuire significativamente a questo processo di ottimizzazione.<\/p>\n                <\/div>\n            <\/div>\n\n            <h2>3. Lo sviluppo della corteccia prefrontale e delle funzioni esecutive<\/h2>\n            <p>La corteccia prefrontale, spesso chiamata il \"CEO del cervello\", conosce una maturazione particolarmente notevole tra i 5 e gli 8 anni. Questa regione, situata appena dietro la fronte, orchestrer\u00e0 le funzioni esecutive di tuo figlio: pianificazione, presa di decisione, controllo degli impulsi e flessibilit\u00e0 mentale. Il suo sviluppo durante questo periodo spiega perch\u00e9 tuo figlio diventa progressivamente capace di seguire regole complesse, pianificare le sue azioni e resistere alle tentazioni immediate.<\/p>\n\n            <p>Le funzioni esecutive emergono gradualmente secondo un calendario preciso. La memoria di lavoro, che consente di mantenere e manipolare informazioni temporaneamente, si sviluppa significativamente intorno ai 6-7 anni. Questa nuova capacit\u00e0 permette a tuo figlio di seguire istruzioni in pi\u00f9 fasi, risolvere problemi matematici mentalmente o comprendere storie pi\u00f9 complesse con pi\u00f9 personaggi e trame intrecciate.<\/p>\n\n            <p>Il controllo inibitorio, questa capacit\u00e0 di frenare le proprie impulsi e resistere alle distrazioni, si affina progressivamente durante questo periodo. Intorno agli 8 anni, tuo figlio sviluppa una flessibilit\u00e0 cognitiva che gli consente di passare da un compito all'altro, cambiare prospettiva e adattare le sue strategie in base alle situazioni. Queste competenze sono essenziali per l'apprendimento scolastico e lo sviluppo sociale, poich\u00e9 permettono di gestire le emozioni e interagire armoniosamente con gli altri.<\/p>\n<div class=\"conseil-card\">\n                <h4>Strategie di stimolazione della corteccia prefrontale<\/h4>\n                <p>Proponi giochi che richiedono pianificazione come i puzzle complessi, i giochi di costruzione o le sfide logiche. Le attivit\u00e0 che combinano riflessione e movimento, come quelle proposte in <a href=\"https:\/\/www.dynseo.com\/it\/version-coco\/\" style=\"color: #5e5ed7; font-weight: bold;\">COCO PENSA e COCO SI MUOVE<\/a>, sono particolarmente efficaci per stimolare lo sviluppo prefrontale.<\/p>\n            <\/div>\n\n            <h2>4. L'affinamento delle reti della memoria e dell'attenzione<\/h2>\n            <p>La memoria di tuo figlio subisce una trasformazione qualitativa notevole tra i 5 e gli 8 anni. Oltre all'aumento puro della sua capacit\u00e0, \u00e8 tutta l'architettura mnemonica che si sofisticata. Le reti ippocampiche, responsabili della formazione dei ricordi, stabiliscono connessioni pi\u00f9 mature con la corteccia, permettendo un immagazzinamento pi\u00f9 duraturo e un recupero pi\u00f9 efficace delle informazioni. Questa maturazione spiega perch\u00e9 i ricordi formati durante questo periodo sono spesso particolarmente vividi e duraturi.<\/p>\n\n            <p>L'attenzione, questa funzione cognitiva fondamentale, sviluppa le sue diverse componenti in modo asincrono. L'attenzione sostenuta, capacit\u00e0 di mantenere la concentrazione su un compito per un periodo prolungato, migliora gradualmente per raggiungere circa 15-20 minuti verso i 7-8 anni. L'attenzione selettiva, che permette di filtrare le informazioni pertinenti e ignorare le distrazioni, diventa pi\u00f9 efficace grazie alla maturazione delle reti fronto-parietali. Questa evoluzione \u00e8 cruciale per gli apprendimenti scolastici che richiedono una concentrazione prolungata.<\/p>\n\n            <p>La memoria di lavoro, vera interfaccia tra attenzione e memoria, conosce uno sviluppo spettacolare durante questo periodo. La sua capacit\u00e0 passa da circa 4 elementi a 6-7 elementi verso gli 8 anni, permettendo a tuo figlio di manipolare mentalmente informazioni sempre pi\u00f9 complesse. Questa progressione si riflette nella sua crescente capacit\u00e0 di risolvere problemi matematici, seguire ricette di cucina o comprendere istruzioni multiple.<\/p>\n<div class=\"key-points\">\n                <h4>Segni di miglioramento dell'attenzione e della memoria:<\/h4>\n                <ul>\n                    <li>Capacit\u00e0 di concentrarsi pi\u00f9 a lungo su un'attivit\u00e0 scelta<\/li>\n                    <li>Miglioramento del richiamo degli eventi e degli apprendimenti<\/li>\n                    <li>Sviluppo di strategie di memorizzazione spontanee<\/li>\n                    <li>Gestione migliore delle distrazioni ambientali<\/li>\n                    <li>Emergenza della metacognizione (riflessione sui propri processi mentali)<\/li>\n                <\/ul>\n            <\/div>\n\n            <h2>5. La specializzazione emisferica e la lateralizzazione<\/h2>\n            <p>Il periodo dai 5 agli 8 anni segna una fase cruciale nella specializzazione dei due emisferi cerebrali. Questa lateralizzazione funzionale, sebbene avviata fin dai primi anni di vita, si consolida e si precisa durante questo periodo, stabilendo le basi di competenze specializzate che caratterizzeranno il funzionamento cognitivo di tuo figlio. L'emisfero sinistro, tradizionalmente associato al linguaggio e al ragionamento logico, sviluppa le sue connessioni interne e rafforza la sua dominanza per i compiti analitici e sequenziali.<\/p>\n\n            <p>Parallelamente, l'emisfero destro affina le sue capacit\u00e0 di elaborazione spaziale, di riconoscimento delle forme e di percezione globale. Questa specializzazione non significa una separazione ermetica: al contrario, le connessioni interemisferiche tramite il corpo calloso si rafforzano considerevolmente, permettendo una collaborazione pi\u00f9 efficace tra le due met\u00e0 del cervello. Questa cooperazione aumentata si manifesta nell'emergere di competenze complesse che richiedono l'integrazione di processi analitici e spaziali, come la lettura, la scrittura o la matematica.<\/p>\n\n            <p>La dominanza manuale, indicatore visibile di questa lateralizzazione, si stabilizza definitivamente durante questo periodo. Oltre all'aspetto motorio, questa preferenza manuale riflette l'organizzazione generale del sistema nervoso e influenza le strategie di apprendimento di tuo figlio. Le connessioni incrociate tra le mani e gli emisferi opposti si rafforzano, ottimizzando il coordinamento bimanuelle e la destrezza fine necessarie per la scrittura, il disegno e le attivit\u00e0 manuali complesse.<\/p>\n\n            <div class=\"tip-box\">\n<div class=\"tip-box-label\">Stimolazione equilibrata<\/div>\n                <p>Proponi attivit\u00e0 che sollecitano entrambi gli emisferi: puzzle e costruzioni per l'aspetto spaziale, storie e filastrocche per il linguaggio, attivit\u00e0 artistiche che combinano creativit\u00e0 e tecnica. Questa stimolazione bilaterale favorisce uno sviluppo armonioso e completo.<\/p>\n            <\/div>\n\n            <h2>6. Lo sviluppo del linguaggio e delle aree specializzate<\/h2>\n            <p>Tra i 5 e gli 8 anni, il sistema linguistico di tuo figlio conosce una sofisticazione notevole che va ben oltre l'arricchimento del vocabolario. Le aree di Broca e di Wernicke, rispettivamente responsabili della produzione e della comprensione del linguaggio, stabiliscono connessioni pi\u00f9 mature con l'intero cortice, permettendo l'emergere di competenze linguistiche complesse come la lettura, la scrittura e la comprensione di strutture grammaticali elaborate.<\/p>\n\n            <p>La consapevolezza fonologica, questa capacit\u00e0 di manipolare mentalmente i suoni della lingua, raggiunge la sua maturit\u00e0 durante questo periodo. Questa competenza \u00e8 fondamentale per l'apprendimento della lettura, poich\u00e9 consente a tuo figlio di comprendere che le parole possono essere scomposte in unit\u00e0 sonore pi\u00f9 piccole (sillabe, fonemi) e che queste unit\u00e0 corrispondono a simboli scritti. Lo sviluppo di questa consapevolezza si accompagna a una maturazione delle connessioni tra le aree uditive, visive e motorie, creando una rete integrata indispensabile per la alfabetizzazione.<\/p>\n\n            <p>Il vocabolario di tuo figlio esplode letteralmente durante questo periodo, passando da circa 5.000 parole a 5 anni a pi\u00f9 di 10.000 parole verso gli 8 anni. Questa espansione quantitativa si accompagna a un'organizzazione qualitativa pi\u00f9 sofisticata: le parole non sono pi\u00f9 immagazzinate in modo isolato ma si organizzano in reti semantiche complesse, permettendo associazioni di idee pi\u00f9 ricche e una comprensione pi\u00f9 sfumata dei concetti astratti.<\/p>\n\n            <div class=\"expert-box\">\n                <div class=\"expert-box-label\">Ricerca DYNSEO<\/div>\n                <div class=\"expert-box-title\">Ottimizzazione dello sviluppo linguistico<\/div>\n                <div class=\"expert-inner\">\n<div class=\"expert-inner-title\">Le chiavi di uno sviluppo linguistico ottimale<\/div>\n                    <p>Le nostre ricerche mostrano che l'esposizione a un linguaggio ricco e vario, combinata con interazioni di qualit\u00e0, favorisce notevolmente lo sviluppo delle reti linguistiche. I giochi di parole, gli indovinelli e le attivit\u00e0 di manipolazione fonologica, integrati nelle nostre applicazioni, contribuiscono efficacemente a questa maturazione.<\/p>\n                <\/div>\n            <\/div>\n\n            <h2>7. La maturazione dei sistemi sensoriali e percettivi<\/h2>\n            <p>I sistemi sensoriali di tuo figlio, sebbene funzionali fin dalla nascita, continuano a raffinarsi notevolmente tra i 5 e gli 8 anni. Questa maturazione non riguarda tanto l'acuit\u00e0 sensoriale grezza quanto la capacit\u00e0 di elaborare, integrare e interpretare le informazioni sensoriali in modo sempre pi\u00f9 sofisticato. Il sistema visivo, in particolare, sviluppa competenze percettive complesse essenziali per gli apprendimenti scolastici.<\/p>\n\n            <p>La percezione visuo-spaziale raggiunge una maturit\u00e0 notevole durante questo periodo. Tuo figlio sviluppa una migliore comprensione delle relazioni spaziali, della prospettiva e della tridimensionalit\u00e0. Queste competenze sono cruciali non solo per gli apprendimenti geometrici e matematici, ma anche per la lettura e la scrittura, che richiedono una discriminazione fine delle forme delle lettere e un'organizzazione spaziale precisa sulla pagina.<\/p>\n\n            <p>L'integrazione multisensoriale, processo attraverso il quale il cervello combina le informazioni provenienti da diversi sensi per creare una percezione coerente del mondo, si perfeziona significativamente. Questa maturazione consente a tuo figlio di coordinare meglio i suoi movimenti con le sue percezioni, migliorare il suo equilibrio e sviluppare una motricit\u00e0 fine pi\u00f9 precisa. Queste competenze si riflettono nella sua crescente capacit\u00e0 di praticare sport, suonare uno strumento o svolgere attivit\u00e0 manuali delicate.<\/p>\n<div class=\"conseil-card\">\n                <h4>Stimolazione sensoriale ottimale<\/h4>\n                <p>Varia le esperienze sensoriali di tuo figlio: manipolazione di oggetti di texture diverse, giochi visivi e uditivi, attivit\u00e0 che richiedono una coordinazione fine. Le applicazioni educative moderne integrano questa dimensione multisensoriale per ottimizzare l'apprendimento.<\/p>\n            <\/div>\n\n            <h2>8. L'emergere della teoria della mente e dell'empatia cognitiva<\/h2>\n            <p>Tra i 5 e gli 8 anni, tuo figlio sviluppa una competenza cognitiva sofisticata chiamata \"teoria della mente\": la capacit\u00e0 di comprendere che gli altri hanno pensieri, credenze e intenzioni diverse dalle proprie. Questa rivoluzione cognitiva trasforma radicalmente la sua comprensione del mondo sociale e segna l'inizio di un'empatia pi\u00f9 matura. Le reti neurali coinvolte in questa competenza, in particolare le aree fronto-temporali, conoscono una maturazione significativa durante questo periodo.<\/p>\n\n            <p>Questa nuova competenza si manifesta nella capacit\u00e0 di tuo figlio di comprendere le bugie, l'ironia, i malintesi e le prospettive multiple su un medesimo evento. Diventa capace di prevedere le reazioni degli altri basandosi sulla comprensione dei loro stati mentali piuttosto che su una semplice proiezione dei propri pensieri. Questa evoluzione \u00e8 fondamentale per lo sviluppo sociale e spiega il miglioramento progressivo delle sue relazioni con i coetanei.<\/p>\n\n            <p>L'empatia cognitiva, distinta dall'empatia emotiva presente sin dalla pi\u00f9 tenera et\u00e0, emerge grazie a questa maturazione. Tuo figlio diventa capace di comprendere intellettualmente le emozioni degli altri, anche quando differiscono dalle proprie, e di adattare il proprio comportamento di conseguenza. Questa competenza \u00e8 essenziale per la cooperazione, la risoluzione dei conflitti e lo sviluppo morale.<\/p>\n<div class=\"key-points\">\n                <h4>Manifestazioni della teoria della mente :<\/h4>\n                <ul>\n                    <li>Comprensione che gli altri possono avere false credenze<\/li>\n                    <li>Capacit\u00e0 di mentire in modo elaborato (segno paradossalmente positivo !)<\/li>\n                    <li>Sviluppo dell'umorismo e della comprensione dell'ironia<\/li>\n                    <li>Miglioramento delle competenze di negoziazione e persuasione<\/li>\n                    <li>Emergere di un'empatia pi\u00f9 sfumata e contestuale<\/li>\n                <\/ul>\n            <\/div>\n\n            <h2>9. I fattori nutrizionali e ambientali cruciali<\/h2>\n            <p>Il cervello in sviluppo di tuo figlio \u00e8 particolarmente sensibile ai fattori nutrizionali e ambientali. Durante questo periodo di crescita intensiva, il cervello consuma fino al 20% dell'energia totale dell'organismo, richiedendo un apporto costante ed equilibrato di nutrienti specifici. Gli acidi grassi omega-3, essenziali per la formazione delle membrane neuronali e la mielinizzazione, devono essere presenti in quantit\u00e0 sufficienti per sostenere lo sviluppo ottimale dei circuiti cerebrali.<\/p>\n\n            <p>Le vitamine del gruppo B, in particolare la B12, la B6 e i folati, svolgono un ruolo cruciale nella sintesi dei neurotrasmettitori e nella maturazione del sistema nervoso. Una carenza di questi nutrienti pu\u00f2 avere ripercussioni durature sullo sviluppo cognitivo. Allo stesso modo, il ferro \u00e8 indispensabile per il trasporto dell'ossigeno al cervello e per la formazione della mielina. Le carenze di ferro, ancora troppo frequenti nei bambini, possono influenzare significativamente le capacit\u00e0 di attenzione e di apprendimento.<\/p>\n\n            <p>L'ambiente fisico e sociale influisce anche profondamente sullo sviluppo cerebrale. Lo stress cronico, attraverso l'innalzamento prolungato del cortisolo, pu\u00f2 alterare la crescita dell'ippocampo e influenzare le capacit\u00e0 mnemoniche. Al contrario, un ambiente stimolante, ricco di interazioni positive e di esperienze varie, favorisce la neurogenesi e rafforza le connessioni sinaptiche benefiche. La qualit\u00e0 del sonno, spesso trascurata, \u00e8 anch'essa cruciale: \u00e8 durante il sonno profondo che avviene la consolidazione mnemonica e l'eliminazione delle tossine cerebrali.<\/p>\n\n            <div class=\"tip-box\">\n<div class=\"tip-box-label\">Nutrizione cerebrale ottimale<\/div>\n                <p>Privilegiate i pesci grassi, le noci, le verdure verdi, le uova e i cereali integrali. Assicuratevi che vostro figlio dorma a sufficienza (10-11 ore a notte a quest'et\u00e0) e limitate le fonti di stress cronico. Un ambiente calmo e sicuro favorisce lo sviluppo neurologico.<\/p>\n            <\/div>\n\n            <h2>10. L'impatto delle tecnologie digitali sullo sviluppo<\/h2>\n            <p>L'esposizione alle tecnologie digitali durante questo periodo critico di sviluppo cerebrale suscita numerosi interrogativi legittimi. Gli schermi e le interfacce digitali sollecitano il cervello in modo specifico, attivando intensamente alcuni circuiti mentre trascurano altri. Un'esposizione eccessiva pu\u00f2 disturbare lo sviluppo armonioso delle diverse regioni cerebrali, particolarmente quelle coinvolte nell'attenzione sostenuta e nel controllo inibitorio.<\/p>\n\n            <p>Tuttavia, utilizzate in modo riflessivo e moderato, le tecnologie digitali possono anche offrire opportunit\u00e0 di apprendimento uniche. Le applicazioni educative ben progettate possono stimolare specificamente alcuni aspetti dello sviluppo cognitivo mantenendo l'impegno e la motivazione del bambino. La chiave risiede nell'equilibrio: alternare tra attivit\u00e0 digitali educative ed esperienze del mondo reale per garantire uno sviluppo completo e armonioso.<\/p>\n\n            <p>Le ricerche recenti mostrano l'importanza di pause regolari nell'uso degli schermi per consentire al cervello di elaborare e consolidare le informazioni. \u00c8 proprio il principio innovativo delle applicazioni <a href=\"https:\/\/www.dynseo.com\/it\/version-coco\/\" style=\"color: #5e5ed7; font-weight: bold;\">COCO PENSA e COCO SI MUOVE<\/a>, che impongono automaticamente una pausa sportiva ogni 15 minuti, favorendo cos\u00ec un utilizzo sano e benefico delle tecnologie digitali.<\/p>\n\n            <div class=\"expert-box\">\n                <div class=\"expert-box-label\">Innovazione DYNSEO<\/div>\n                <div class=\"expert-box-title\">Uso intelligente degli schermi<\/div>\n                <div class=\"expert-inner\">\n<div class=\"expert-inner-title\">La rivoluzione delle pause attive<\/div>\n                    <p>Il nostro approccio unico integra pause sportive obbligatorie per ottimizzare l'apprendimento digitale. Queste interruzioni permettono l'ossigenazione del cervello, la consolidazione delle acquisizioni e prevengono la sovrastimolazione. Questo metodo si basa sulle ultime scoperte in neuroscienze per massimizzare i benefici riducendo al minimo i rischi.<\/p>\n                <\/div>\n            <\/div>\n\n            <h2>11. I segni di sviluppo tipico e gli indicatori di allerta<\/h2>\n            <p>\u00c8 essenziale per i genitori conoscere le tappe tipiche dello sviluppo cerebrale per poter identificare eventuali difficolt\u00e0 che richiedono un accompagnamento specializzato. Tra i 5 e i 6 anni, il vostro bambino dovrebbe normalmente essere in grado di seguire istruzioni in due o tre fasi, raccontare una storia semplice rispettando la cronologia e mostrare un interesse crescente per le lettere e i numeri. La sua capacit\u00e0 di attenzione per un'attivit\u00e0 che gli piace dovrebbe raggiungere 10-15 minuti.<\/p>\n\n            <p>Intorno ai 7-8 anni, le competenze si affinano notevolmente: comprensione delle regole di giochi complessi, capacit\u00e0 di pianificare attivit\u00e0 semplici, emergere di strategie di memorizzazione consapevoli e sviluppo di un pensiero pi\u00f9 logico e strutturato. La motricit\u00e0 fine consente la scrittura corsiva, e la lettura diventa pi\u00f9 fluida con una comprensione aumentata del significato dei testi.<\/p>\n\n            <p>Alcuni segni possono comunque allertare su eventuali difficolt\u00e0: persistenza di disturbi attentivi severi, difficolt\u00e0 significative nell'acquisizione del linguaggio scritto, problemi persistenti di coordinazione motoria o difficolt\u00e0 maggiori nelle interazioni sociali. Questi indicatori non significano necessariamente un disturbo grave, ma giustificano una valutazione professionale per proporre un accompagnamento adeguato se necessario.<\/p>\n<div class=\"conseil-card\">\n                <h4>Accompagnamento benevolo<\/h4>\n                <p>Ogni bambino evolve al proprio ritmo. In caso di preoccupazioni, consultate dei professionisti mantenendo un ambiente stimolante e positivo. Gli strumenti digitali adatti possono completare efficacemente l'accompagnamento professionale proponendo esercizi personalizzati e progressivi.<\/p>\n            <\/div>\n\n            <h2>12. Strategie pratiche per stimolare lo sviluppo cognitivo<\/h2>\n            <p>Il supporto ottimale dello sviluppo cerebrale richiede un approccio multidimensionale che combina stimolazione cognitiva, attivit\u00e0 fisica, interazioni sociali arricchenti e rispetto del ritmo naturale del bambino. Le attivit\u00e0 di costruzione e creazione (Lego, puzzle, fai-da-te) stimolano simultaneamente la pianificazione, la motricit\u00e0 fine e la risoluzione di problemi. Queste attivit\u00e0 favoriscono anche la perseveranza e la tolleranza alla frustrazione, competenze essenziali per gli apprendimenti futuri.<\/p>\n\n            <p>I giochi da tavolo adatti all'et\u00e0 costituiscono ottimi strumenti di stimolazione cognitiva. Sviluppano le competenze strategiche, la memoria di lavoro, il rispetto delle regole e le competenze sociali. L'alternanza tra giochi competitivi e cooperativi permette di sviluppare diverse sfaccettature della personalit\u00e0 e delle competenze sociali. I giochi di carte semplici esercitano particolarmente bene la memoria e le capacit\u00e0 di deduzione.<\/p>\n\n            <p>L'attivit\u00e0 fisica regolare gioca un ruolo fondamentale spesso sottovalutato. L'esercizio stimola la produzione di fattori di crescita nervosi, migliora la vascolarizzazione cerebrale e favorisce la neurogenesi. Le attivit\u00e0 che combinano coordinazione, equilibrio e riflessione (arti marziali, danza, percorsi ad ostacoli) sono particolarmente benefiche per lo sviluppo integrato delle capacit\u00e0 motorie e cognitive.<\/p>\n\n            <div class=\"key-points\">\n                <h4>Attivit\u00e0 raccomandate per fasce d'et\u00e0:<\/h4>\n                <ul>\n                    <li>5-6 anni: Giochi di classificazione, storie interattive, attivit\u00e0 sensoriali, primi puzzle<\/li>\n                    <li>6-7 anni: Giochi da tavolo semplici, costruzione libera, attivit\u00e0 artistiche, introduzione alle regole<\/li>\n                    <li>7-8 anni: Sfide logiche, sport di squadra, giochi di strategia, progetti creativi complessi<\/li>\n                    <li>Trasversale: Lettura quotidiana, discussioni, esplorazione della natura, musica<\/li>\n                <\/ul>\n            <\/div>\n\n            <div class=\"faq-list\">\n                <h2>Domande frequenti sullo sviluppo cerebrale 5-8 anni<\/h2>\n                \n                <div class=\"faq-item\">\n                    <div class=\"faq-q\">\n                        <span>Quando preoccuparsi se mio figlio sembra in ritardo nel suo sviluppo?<\/span>\n                        <span class=\"faq-icon\">+<\/span>\n                    <\/div>\n                    <div class=\"faq-a\">\n                        <p>\u00c8 necessario distinguere le variazioni normali dello sviluppo dai ritardi significativi. Se a 6 anni vostro figlio ha difficolt\u00e0 maggiori con il linguaggio orale, non mostra alcun interesse per le lettere o i numeri, o presenta difficolt\u00e0 importanti di concentrazione (meno di 5 minuti), una consultazione pu\u00f2 essere utile. Tuttavia, ricordate che ogni bambino ha il proprio ritmo e che alcuni \"decollano\" pi\u00f9 tardi di altri.<\/p>\n                    <\/div>\n                <\/div>\n                \n                <div class=\"faq-item\">\n<div class=\"faq-q\">\n                        <span>Gli schermi sono davvero pericolosi per il cervello in sviluppo?<\/span>\n                        <span class=\"faq-icon\">+<\/span>\n                    <\/div>\n                    <div class=\"faq-a\">\n                        <p>Gli schermi non sono intrinsecamente pericolosi, ma il loro uso deve essere adattato e moderato. Un'esposizione eccessiva pu\u00f2 effettivamente disturbare lo sviluppo dell'attenzione e del sonno. L'ideale \u00e8 privilegiare contenuti educativi di qualit\u00e0, con pause regolari e un accompagnamento genitoriale. Le applicazioni come COCO PENSA e COCO SI MUOVE, che integrano pause sportive automatiche, rappresentano un approccio innovativo per un uso sano delle tecnologie.<\/p>\n                    <\/div>\n                <\/div>\n                \n                <div class=\"faq-item\">\n                    <div class=\"faq-q\">\n                        <span>Come posso sapere se mio figlio sta sviluppando bene le sue capacit\u00e0 di memoria?<\/span>\n                        <span class=\"faq-icon\">+<\/span>\n                    <\/div>\n                    <div class=\"faq-a\">\n                        <p>Osserva la sua capacit\u00e0 di trattenere e raccontare eventi recenti, di seguire istruzioni in pi\u00f9 passaggi e di apprendere nuove filastrocche o canzoni. Intorno ai 7-8 anni, dovrebbe essere in grado di memorizzare il suo indirizzo completo, ricordare le regole di giochi complessi e sviluppare le proprie strategie per ricordare (ripetizione, associazioni). I giochi di memoria regolari possono aiutare a valutare e stimolare queste capacit\u00e0.<\/p>\n                    <\/div>\n                <\/div>\n                \n                <div class=\"faq-item\">\n                    <div class=\"faq-q\">\n                        <span>Qual \u00e8 l'importanza del sonno nello sviluppo cerebrale?<\/span>\n                        <span class=\"faq-icon\">+<\/span>\n                    <\/div>\n                    <div class=\"faq-a\">\n                        <p>Il sonno \u00e8 assolutamente cruciale per lo sviluppo cerebrale. \u00c8 durante il sonno profondo che si consolidano gli apprendimenti della giornata e che il cervello elimina i rifiuti metabolici. Un bambino di 5-8 anni ha bisogno di 10-11 ore di sonno per notte. Un sonno insufficiente pu\u00f2 influenzare l'attenzione, la memoria, l'umore e persino la crescita fisica. Stabilire una routine di sonno regolare e un ambiente favorevole al sonno \u00e8 essenziale.<\/p>\n                    <\/div>\n                <\/div>\n                \n                <div class=\"faq-item\">\n                    <div class=\"faq-q\">\n                        <span>Devo preoccuparmi se mio figlio preferisce attivit\u00e0 solitarie ai giochi di gruppo?<\/span>\n                        <span class=\"faq-icon\">+<\/span>\n                    <\/div>\n                    <div class=\"faq-a\">\n                        <p>Non necessariamente. Alcuni bambini sono naturalmente pi\u00f9 introversi e hanno bisogno di tempo da soli per ricaricarsi. L'importante \u00e8 che siano capaci di interazioni sociali appropriate quando necessario e che mostrino empatia verso gli altri. Incoraggia dolcemente le interazioni sociali senza forzare, rispettando il temperamento di tuo figlio. Proponi attivit\u00e0 di gruppo in piccolo comitato per iniziare.<\/p>\n                    <\/div>\n                <\/div>\n            <\/div>\n\n            <div class=\"cta-box\">\n                <h3>Accompagna lo sviluppo cognitivo di tuo figlio con DYNSEO<\/h3>\n                <p>Scopri le nostre applicazioni educative progettate appositamente per stimolare lo sviluppo cerebrale di tuo figlio in modo ludico e scientificamente fondato. Oltre 30 giochi educativi con pause sportive integrate per un apprendimento ottimale e un uso sano degli schermi.<\/p>\n<div class=\"cta-buttons\">\n                    <a href=\"https:\/\/www.dynseo.com\/it\/version-coco\/\" class=\"btn-white\">Scoprire COCO PENSA e COCO SI MUOVE<\/a>\n                    <a href=\"https:\/\/www.dynseo.com\/it\/version-coco\/\" class=\"btn-outline\">Scaricare l'applicazione<\/a>\n                <\/div>\n            <\/div>\n\n            <div class=\"article-tags\">\n                <strong>Tag : <\/strong>\n                <a href=\"#\" class=\"article-tag\">sviluppo cerebrale<\/a>\n                <a href=\"#\" class=\"article-tag\">bambino 5-8 anni<\/a>\n                <a href=\"#\" class=\"article-tag\">neuroscienze<\/a>\n                <a href=\"#\" class=\"article-tag\">apprendimento<\/a>\n                <a href=\"#\" class=\"article-tag\">stimolazione cognitiva<\/a>\n                <a href=\"#\" class=\"article-tag\">plasticit\u00e0 neuronale<\/a>\n                <a href=\"#\" class=\"article-tag\">funzioni esecutive<\/a>\n                <a href=\"#\" class=\"article-tag\">memoria<\/a>\n                <a href=\"#\" class=\"article-tag\">attenzione<\/a>\n                <a href=\"#\" class=\"article-tag\">COCO<\/a>\n            <\/div>\n        <\/div>\n    <\/div>[\/et_pb_code][\/et_pb_column][\/et_pb_row][\/et_pb_section]","_et_gb_content_width":"","footnotes":""},"categories":[2915],"tags":[],"class_list":["post-562090","post","type-post","status-publish","format-standard","has-post-thumbnail","hentry","category-les-conseils-des-coachs"],"yoast_head":"<!-- This site is optimized with the Yoast SEO plugin v27.4 - https:\/\/yoast.com\/product\/yoast-seo-wordpress\/ -->\n<title>Come cresce il cervello di tuo figlio tra i 5 e gli 8 anni? - DYNSEO - App educativa e giochi di memoria<\/title>\n<meta name=\"robots\" content=\"index, follow, max-snippet:-1, max-image-preview:large, max-video-preview:-1\" \/>\n<link rel=\"canonical\" href=\"https:\/\/www.dynseo.com\/it\/come-cresce-il-cervello-di-tuo-figlio-tra-i-5-e-gli-8-anni\/\" \/>\n<meta property=\"og:locale\" content=\"it_IT\" \/>\n<meta property=\"og:type\" content=\"article\" \/>\n<meta property=\"og:title\" content=\"Come cresce il cervello di tuo figlio tra i 5 e gli 8 anni? - DYNSEO - App educativa e giochi di memoria\" \/>\n<meta property=\"og:url\" content=\"https:\/\/www.dynseo.com\/it\/come-cresce-il-cervello-di-tuo-figlio-tra-i-5-e-gli-8-anni\/\" \/>\n<meta property=\"og:site_name\" content=\"DYNSEO - App educativa e giochi di memoria\" \/>\n<meta property=\"article:published_time\" content=\"2026-04-26T09:13:05+00:00\" \/>\n<meta property=\"article:modified_time\" content=\"2026-04-26T09:33:52+00:00\" \/>\n<meta property=\"og:image\" content=\"https:\/\/www.dynseo.com\/wp-content\/uploads\/2023\/09\/ecole-enseignant-numerique-educatif.png\" \/>\n\t<meta property=\"og:image:width\" content=\"776\" \/>\n\t<meta property=\"og:image:height\" content=\"784\" \/>\n\t<meta property=\"og:image:type\" content=\"image\/png\" \/>\n<meta name=\"author\" content=\"DYNSEO\" \/>\n<meta name=\"twitter:label1\" content=\"Scritto da\" \/>\n\t<meta name=\"twitter:data1\" content=\"DYNSEO\" \/>\n\t<meta name=\"twitter:label2\" content=\"Tempo di lettura stimato\" \/>\n\t<meta name=\"twitter:data2\" content=\"22 minuti\" \/>\n<script type=\"application\/ld+json\" class=\"yoast-schema-graph\">{\"@context\":\"https:\\\/\\\/schema.org\",\"@graph\":[{\"@type\":\"Article\",\"@id\":\"https:\\\/\\\/www.dynseo.com\\\/it\\\/come-cresce-il-cervello-di-tuo-figlio-tra-i-5-e-gli-8-anni\\\/#article\",\"isPartOf\":{\"@id\":\"https:\\\/\\\/www.dynseo.com\\\/it\\\/come-cresce-il-cervello-di-tuo-figlio-tra-i-5-e-gli-8-anni\\\/\"},\"author\":{\"name\":\"DYNSEO\",\"@id\":\"https:\\\/\\\/www.dynseo.com\\\/it\\\/#\\\/schema\\\/person\\\/78ef63df2ee64e0989bc68f8401b38d6\"},\"headline\":\"Come cresce il cervello di tuo figlio tra i 5 e gli 8 anni?\",\"datePublished\":\"2026-04-26T09:13:05+00:00\",\"dateModified\":\"2026-04-26T09:33:52+00:00\",\"mainEntityOfPage\":{\"@id\":\"https:\\\/\\\/www.dynseo.com\\\/it\\\/come-cresce-il-cervello-di-tuo-figlio-tra-i-5-e-gli-8-anni\\\/\"},\"wordCount\":4610,\"publisher\":{\"@id\":\"https:\\\/\\\/www.dynseo.com\\\/it\\\/#organization\"},\"image\":{\"@id\":\"https:\\\/\\\/www.dynseo.com\\\/it\\\/come-cresce-il-cervello-di-tuo-figlio-tra-i-5-e-gli-8-anni\\\/#primaryimage\"},\"thumbnailUrl\":\"https:\\\/\\\/www.dynseo.com\\\/wp-content\\\/uploads\\\/2023\\\/09\\\/ecole-enseignant-numerique-educatif.png\",\"articleSection\":[\"Les conseils des coachs\"],\"inLanguage\":\"it-IT\"},{\"@type\":\"WebPage\",\"@id\":\"https:\\\/\\\/www.dynseo.com\\\/it\\\/come-cresce-il-cervello-di-tuo-figlio-tra-i-5-e-gli-8-anni\\\/\",\"url\":\"https:\\\/\\\/www.dynseo.com\\\/it\\\/come-cresce-il-cervello-di-tuo-figlio-tra-i-5-e-gli-8-anni\\\/\",\"name\":\"Come cresce il cervello di tuo figlio tra i 5 e gli 8 anni? - DYNSEO - App educativa e giochi di memoria\",\"isPartOf\":{\"@id\":\"https:\\\/\\\/www.dynseo.com\\\/it\\\/#website\"},\"primaryImageOfPage\":{\"@id\":\"https:\\\/\\\/www.dynseo.com\\\/it\\\/come-cresce-il-cervello-di-tuo-figlio-tra-i-5-e-gli-8-anni\\\/#primaryimage\"},\"image\":{\"@id\":\"https:\\\/\\\/www.dynseo.com\\\/it\\\/come-cresce-il-cervello-di-tuo-figlio-tra-i-5-e-gli-8-anni\\\/#primaryimage\"},\"thumbnailUrl\":\"https:\\\/\\\/www.dynseo.com\\\/wp-content\\\/uploads\\\/2023\\\/09\\\/ecole-enseignant-numerique-educatif.png\",\"datePublished\":\"2026-04-26T09:13:05+00:00\",\"dateModified\":\"2026-04-26T09:33:52+00:00\",\"breadcrumb\":{\"@id\":\"https:\\\/\\\/www.dynseo.com\\\/it\\\/come-cresce-il-cervello-di-tuo-figlio-tra-i-5-e-gli-8-anni\\\/#breadcrumb\"},\"inLanguage\":\"it-IT\",\"potentialAction\":[{\"@type\":\"ReadAction\",\"target\":[\"https:\\\/\\\/www.dynseo.com\\\/it\\\/come-cresce-il-cervello-di-tuo-figlio-tra-i-5-e-gli-8-anni\\\/\"]}]},{\"@type\":\"ImageObject\",\"inLanguage\":\"it-IT\",\"@id\":\"https:\\\/\\\/www.dynseo.com\\\/it\\\/come-cresce-il-cervello-di-tuo-figlio-tra-i-5-e-gli-8-anni\\\/#primaryimage\",\"url\":\"https:\\\/\\\/www.dynseo.com\\\/wp-content\\\/uploads\\\/2023\\\/09\\\/ecole-enseignant-numerique-educatif.png\",\"contentUrl\":\"https:\\\/\\\/www.dynseo.com\\\/wp-content\\\/uploads\\\/2023\\\/09\\\/ecole-enseignant-numerique-educatif.png\",\"width\":776,\"height\":784,\"caption\":\"Tablet terapeutico, il compagno id\u00e9ale per l'infanzia speciale\"},{\"@type\":\"BreadcrumbList\",\"@id\":\"https:\\\/\\\/www.dynseo.com\\\/it\\\/come-cresce-il-cervello-di-tuo-figlio-tra-i-5-e-gli-8-anni\\\/#breadcrumb\",\"itemListElement\":[{\"@type\":\"ListItem\",\"position\":1,\"name\":\"Accueil\",\"item\":\"https:\\\/\\\/www.dynseo.com\\\/it\\\/\"},{\"@type\":\"ListItem\",\"position\":2,\"name\":\"Come cresce il cervello di tuo figlio tra i 5 e gli 8 anni?\"}]},{\"@type\":\"WebSite\",\"@id\":\"https:\\\/\\\/www.dynseo.com\\\/it\\\/#website\",\"url\":\"https:\\\/\\\/www.dynseo.com\\\/it\\\/\",\"name\":\"Jeux de m\u00e9moire et stimulation cognitive\",\"description\":\"Con DYNSEO, la tua memoria mette il turbo!\",\"publisher\":{\"@id\":\"https:\\\/\\\/www.dynseo.com\\\/it\\\/#organization\"},\"potentialAction\":[{\"@type\":\"SearchAction\",\"target\":{\"@type\":\"EntryPoint\",\"urlTemplate\":\"https:\\\/\\\/www.dynseo.com\\\/it\\\/?s={search_term_string}\"},\"query-input\":{\"@type\":\"PropertyValueSpecification\",\"valueRequired\":true,\"valueName\":\"search_term_string\"}}],\"inLanguage\":\"it-IT\"},{\"@type\":\"Organization\",\"@id\":\"https:\\\/\\\/www.dynseo.com\\\/it\\\/#organization\",\"name\":\"DYNSEO\",\"url\":\"https:\\\/\\\/www.dynseo.com\\\/it\\\/\",\"logo\":{\"@type\":\"ImageObject\",\"inLanguage\":\"it-IT\",\"@id\":\"https:\\\/\\\/www.dynseo.com\\\/it\\\/#\\\/schema\\\/logo\\\/image\\\/\",\"url\":\"https:\\\/\\\/www.dynseo.com\\\/wp-content\\\/uploads\\\/2022\\\/05\\\/logo-dynseo-new.png\",\"contentUrl\":\"https:\\\/\\\/www.dynseo.com\\\/wp-content\\\/uploads\\\/2022\\\/05\\\/logo-dynseo-new.png\",\"width\":5073,\"height\":1397,\"caption\":\"DYNSEO\"},\"image\":{\"@id\":\"https:\\\/\\\/www.dynseo.com\\\/it\\\/#\\\/schema\\\/logo\\\/image\\\/\"}},{\"@type\":\"Person\",\"@id\":\"https:\\\/\\\/www.dynseo.com\\\/it\\\/#\\\/schema\\\/person\\\/78ef63df2ee64e0989bc68f8401b38d6\",\"name\":\"DYNSEO\",\"url\":\"https:\\\/\\\/www.dynseo.com\\\/it\\\/author\\\/justine\\\/\"}]}<\/script>\n<!-- \/ Yoast SEO plugin. -->","yoast_head_json":{"title":"Come cresce il cervello di tuo figlio tra i 5 e gli 8 anni? - DYNSEO - App educativa e giochi di memoria","robots":{"index":"index","follow":"follow","max-snippet":"max-snippet:-1","max-image-preview":"max-image-preview:large","max-video-preview":"max-video-preview:-1"},"canonical":"https:\/\/www.dynseo.com\/it\/come-cresce-il-cervello-di-tuo-figlio-tra-i-5-e-gli-8-anni\/","og_locale":"it_IT","og_type":"article","og_title":"Come cresce il cervello di tuo figlio tra i 5 e gli 8 anni? - DYNSEO - App educativa e giochi di memoria","og_url":"https:\/\/www.dynseo.com\/it\/come-cresce-il-cervello-di-tuo-figlio-tra-i-5-e-gli-8-anni\/","og_site_name":"DYNSEO - App educativa e giochi di memoria","article_published_time":"2026-04-26T09:13:05+00:00","article_modified_time":"2026-04-26T09:33:52+00:00","og_image":[{"width":776,"height":784,"url":"https:\/\/www.dynseo.com\/wp-content\/uploads\/2023\/09\/ecole-enseignant-numerique-educatif.png","type":"image\/png"}],"author":"DYNSEO","twitter_misc":{"Scritto da":"DYNSEO","Tempo di lettura stimato":"22 minuti"},"schema":{"@context":"https:\/\/schema.org","@graph":[{"@type":"Article","@id":"https:\/\/www.dynseo.com\/it\/come-cresce-il-cervello-di-tuo-figlio-tra-i-5-e-gli-8-anni\/#article","isPartOf":{"@id":"https:\/\/www.dynseo.com\/it\/come-cresce-il-cervello-di-tuo-figlio-tra-i-5-e-gli-8-anni\/"},"author":{"name":"DYNSEO","@id":"https:\/\/www.dynseo.com\/it\/#\/schema\/person\/78ef63df2ee64e0989bc68f8401b38d6"},"headline":"Come cresce il cervello di tuo figlio tra i 5 e gli 8 anni?","datePublished":"2026-04-26T09:13:05+00:00","dateModified":"2026-04-26T09:33:52+00:00","mainEntityOfPage":{"@id":"https:\/\/www.dynseo.com\/it\/come-cresce-il-cervello-di-tuo-figlio-tra-i-5-e-gli-8-anni\/"},"wordCount":4610,"publisher":{"@id":"https:\/\/www.dynseo.com\/it\/#organization"},"image":{"@id":"https:\/\/www.dynseo.com\/it\/come-cresce-il-cervello-di-tuo-figlio-tra-i-5-e-gli-8-anni\/#primaryimage"},"thumbnailUrl":"https:\/\/www.dynseo.com\/wp-content\/uploads\/2023\/09\/ecole-enseignant-numerique-educatif.png","articleSection":["Les conseils des coachs"],"inLanguage":"it-IT"},{"@type":"WebPage","@id":"https:\/\/www.dynseo.com\/it\/come-cresce-il-cervello-di-tuo-figlio-tra-i-5-e-gli-8-anni\/","url":"https:\/\/www.dynseo.com\/it\/come-cresce-il-cervello-di-tuo-figlio-tra-i-5-e-gli-8-anni\/","name":"Come cresce il cervello di tuo figlio tra i 5 e gli 8 anni? - DYNSEO - App educativa e giochi di memoria","isPartOf":{"@id":"https:\/\/www.dynseo.com\/it\/#website"},"primaryImageOfPage":{"@id":"https:\/\/www.dynseo.com\/it\/come-cresce-il-cervello-di-tuo-figlio-tra-i-5-e-gli-8-anni\/#primaryimage"},"image":{"@id":"https:\/\/www.dynseo.com\/it\/come-cresce-il-cervello-di-tuo-figlio-tra-i-5-e-gli-8-anni\/#primaryimage"},"thumbnailUrl":"https:\/\/www.dynseo.com\/wp-content\/uploads\/2023\/09\/ecole-enseignant-numerique-educatif.png","datePublished":"2026-04-26T09:13:05+00:00","dateModified":"2026-04-26T09:33:52+00:00","breadcrumb":{"@id":"https:\/\/www.dynseo.com\/it\/come-cresce-il-cervello-di-tuo-figlio-tra-i-5-e-gli-8-anni\/#breadcrumb"},"inLanguage":"it-IT","potentialAction":[{"@type":"ReadAction","target":["https:\/\/www.dynseo.com\/it\/come-cresce-il-cervello-di-tuo-figlio-tra-i-5-e-gli-8-anni\/"]}]},{"@type":"ImageObject","inLanguage":"it-IT","@id":"https:\/\/www.dynseo.com\/it\/come-cresce-il-cervello-di-tuo-figlio-tra-i-5-e-gli-8-anni\/#primaryimage","url":"https:\/\/www.dynseo.com\/wp-content\/uploads\/2023\/09\/ecole-enseignant-numerique-educatif.png","contentUrl":"https:\/\/www.dynseo.com\/wp-content\/uploads\/2023\/09\/ecole-enseignant-numerique-educatif.png","width":776,"height":784,"caption":"Tablet terapeutico, il compagno id\u00e9ale per l'infanzia speciale"},{"@type":"BreadcrumbList","@id":"https:\/\/www.dynseo.com\/it\/come-cresce-il-cervello-di-tuo-figlio-tra-i-5-e-gli-8-anni\/#breadcrumb","itemListElement":[{"@type":"ListItem","position":1,"name":"Accueil","item":"https:\/\/www.dynseo.com\/it\/"},{"@type":"ListItem","position":2,"name":"Come cresce il cervello di tuo figlio tra i 5 e gli 8 anni?"}]},{"@type":"WebSite","@id":"https:\/\/www.dynseo.com\/it\/#website","url":"https:\/\/www.dynseo.com\/it\/","name":"Jeux de m\u00e9moire et stimulation cognitive","description":"Con DYNSEO, la tua memoria mette il turbo!","publisher":{"@id":"https:\/\/www.dynseo.com\/it\/#organization"},"potentialAction":[{"@type":"SearchAction","target":{"@type":"EntryPoint","urlTemplate":"https:\/\/www.dynseo.com\/it\/?s={search_term_string}"},"query-input":{"@type":"PropertyValueSpecification","valueRequired":true,"valueName":"search_term_string"}}],"inLanguage":"it-IT"},{"@type":"Organization","@id":"https:\/\/www.dynseo.com\/it\/#organization","name":"DYNSEO","url":"https:\/\/www.dynseo.com\/it\/","logo":{"@type":"ImageObject","inLanguage":"it-IT","@id":"https:\/\/www.dynseo.com\/it\/#\/schema\/logo\/image\/","url":"https:\/\/www.dynseo.com\/wp-content\/uploads\/2022\/05\/logo-dynseo-new.png","contentUrl":"https:\/\/www.dynseo.com\/wp-content\/uploads\/2022\/05\/logo-dynseo-new.png","width":5073,"height":1397,"caption":"DYNSEO"},"image":{"@id":"https:\/\/www.dynseo.com\/it\/#\/schema\/logo\/image\/"}},{"@type":"Person","@id":"https:\/\/www.dynseo.com\/it\/#\/schema\/person\/78ef63df2ee64e0989bc68f8401b38d6","name":"DYNSEO","url":"https:\/\/www.dynseo.com\/it\/author\/justine\/"}]}},"_links":{"self":[{"href":"https:\/\/www.dynseo.com\/it\/wp-json\/wp\/v2\/posts\/562090","targetHints":{"allow":["GET"]}}],"collection":[{"href":"https:\/\/www.dynseo.com\/it\/wp-json\/wp\/v2\/posts"}],"about":[{"href":"https:\/\/www.dynseo.com\/it\/wp-json\/wp\/v2\/types\/post"}],"author":[{"embeddable":true,"href":"https:\/\/www.dynseo.com\/it\/wp-json\/wp\/v2\/users\/4"}],"replies":[{"embeddable":true,"href":"https:\/\/www.dynseo.com\/it\/wp-json\/wp\/v2\/comments?post=562090"}],"version-history":[{"count":16,"href":"https:\/\/www.dynseo.com\/it\/wp-json\/wp\/v2\/posts\/562090\/revisions"}],"predecessor-version":[{"id":562157,"href":"https:\/\/www.dynseo.com\/it\/wp-json\/wp\/v2\/posts\/562090\/revisions\/562157"}],"wp:featuredmedia":[{"embeddable":true,"href":"https:\/\/www.dynseo.com\/it\/wp-json\/wp\/v2\/media\/348895"}],"wp:attachment":[{"href":"https:\/\/www.dynseo.com\/it\/wp-json\/wp\/v2\/media?parent=562090"}],"wp:term":[{"taxonomy":"category","embeddable":true,"href":"https:\/\/www.dynseo.com\/it\/wp-json\/wp\/v2\/categories?post=562090"},{"taxonomy":"post_tag","embeddable":true,"href":"https:\/\/www.dynseo.com\/it\/wp-json\/wp\/v2\/tags?post=562090"}],"curies":[{"name":"wp","href":"https:\/\/api.w.org\/{rel}","templated":true}]}}