{"id":562623,"date":"2026-04-26T13:59:13","date_gmt":"2026-04-26T11:59:13","guid":{"rendered":"https:\/\/www.dynseo.com\/le-lien-entre-la-motricite-fine-et-lapprentissage-a-lecole-2\/"},"modified":"2026-04-26T14:00:08","modified_gmt":"2026-04-26T12:00:08","slug":"le-lien-entre-la-motricite-fine-et-lapprentissage-a-lecole-2","status":"publish","type":"post","link":"https:\/\/www.dynseo.com\/it\/le-lien-entre-la-motricite-fine-et-lapprentissage-a-lecole-2\/","title":{"rendered":"Le lien entre la motricit\u00e9 fine et l&#8217;apprentissage \u00e0 l&#8217;\u00e9cole"},"content":{"rendered":"<p>[et_pb_section fb_built=&#8221;1&#8243; _builder_version=&#8221;4.16&#8243; custom_padding=&#8221;0px|0px|0px|0px|false|false&#8221; margin_top=&#8221;0px&#8221; margin_bottom=&#8221;0px&#8221; global_colors_info=&#8221;{}&#8221;][et_pb_row _builder_version=&#8221;4.16&#8243; custom_padding=&#8221;0px|0px|0px|0px|false|false&#8221; margin_top=&#8221;0px&#8221; margin_bottom=&#8221;0px&#8221; column_structure=&#8221;4_4&#8243; global_colors_info=&#8221;{}&#8221;][et_pb_column type=&#8221;4_4&#8243; _builder_version=&#8221;4.16&#8243; custom_padding=&#8221;0px|0px|0px|0px|false|false&#8221; global_colors_info=&#8221;{}&#8221;][et_pb_code _builder_version=&#8221;4.16&#8243; custom_padding=&#8221;0px|0px|0px|0px|false|false&#8221; global_colors_info=&#8221;{}&#8221;]<\/p>\n<style>\n        :root {\n            --primary: #5e5ed7;\n            --primary-dark: #5268c9;\n            --teal: #a9e2e4;\n            --yellow: #ffeca7;\n            --pink: #e73469;\n            --grey-light: #f5f5f5;\n            --grey-dark: #333;\n            --white: #ffffff;\n        }<\/p>\n<p>        * {\n            margin: 0;\n            padding: 0;\n            box-sizing: border-box;\n        }<\/p>\n<p>        body {\n            font-family: 'Poppins', sans-serif;\n            line-height: 1.6;\n            color: var(--grey-dark);\n            background: #fafafa;\n        }<\/p>\n<p>        h1, h2, h3, h4, h5, h6 {\n            font-family: 'Montserrat', sans-serif;\n            font-weight: 600;\n            margin-bottom: 1rem;\n        }<\/p>\n<p>        .article-hero {\n            background: linear-gradient(135deg, var(--primary) 0%, var(--primary-dark) 100%);\n            color: white;\n            padding: 2rem 0 4rem;\n            position: relative;\n            overflow: hidden;\n        }<\/p>\n<p>        .article-hero::before {\n            content: '';\n            position: absolute;\n            top: 0;\n            left: 0;\n            right: 0;\n            bottom: 0;\n            background: url('data:image\/svg+xml,<svg xmlns=\"http:\/\/www.w3.org\/2000\/svg\" viewBox=\"0 0 100 100\"><circle cx=\"20\" cy=\"20\" r=\"2\" fill=\"rgba(255,255,255,0.1)\"\/><circle cx=\"80\" cy=\"40\" r=\"1.5\" fill=\"rgba(255,255,255,0.1)\"\/><circle cx=\"40\" cy=\"80\" r=\"1\" fill=\"rgba(255,255,255,0.1)\"\/><\/svg>');\n        }<\/p>\n<p>        .article-hero-inner {\n            max-width: 1200px;\n            margin: 0 auto;\n            padding: 0 2rem;\n            position: relative;\n            z-index: 2;\n        }<\/p>\n<p>        .article-breadcrumb {\n            font-size: 0.9rem;\n            margin-bottom: 1rem;\n            opacity: 0.9;\n        }<\/p>\n<p>        .article-breadcrumb a {\n            color: white;\n            text-decoration: none;\n        }<\/p>\n<p>        .article-category {\n            display: inline-block;\n            background: var(--teal);\n            color: var(--grey-dark);\n            padding: 0.5rem 1rem;\n            border-radius: 25px;\n            font-size: 0.85rem;\n            font-weight: 500;\n            margin-bottom: 1rem;\n        }<\/p>\n<p>        .article-hero h1 {\n            font-size: 2.5rem;\n            font-weight: 700;\n            margin-bottom: 1.5rem;\n            line-height: 1.2;\n        }<\/p>\n<p>        .hl {\n            background: var(--yellow);\n            color: var(--grey-dark);\n            padding: 0 0.5rem;\n            border-radius: 4px;\n        }<\/p>\n<p>        .article-meta {\n            display: flex;\n            align-items: center;\n            gap: 2rem;\n            margin-bottom: 2rem;\n            font-size: 0.9rem;\n        }<\/p>\n<p>        .article-meta .stars {\n            color: var(--yellow);\n            font-size: 1.1rem;\n        }<\/p>\n<p>        .article-hero-curve {\n            position: absolute;\n            bottom: -1px;\n            left: 0;\n            width: 100%;\n            height: 50px;\n            background: #fafafa;\n            border-radius: 50% 50% 0 0 \/ 100% 100% 0 0;\n        }<\/p>\n<p>        .article-body {\n            padding: 3rem 0;\n        }<\/p>\n<p>        .container {\n            max-width: 1000px;\n            margin: 0 auto;\n            padding: 0 2rem;\n        }<\/p>\n<p>        .intro-block {\n            background: white;\n            padding: 2rem;\n            border-radius: 15px;\n            box-shadow: 0 5px 20px rgba(0,0,0,0.1);\n            margin-bottom: 3rem;\n            border-left: 4px solid var(--primary);\n        }<\/p>\n<p>        .stats-grid {\n            display: grid;\n            grid-template-columns: repeat(auto-fit, minmax(200px, 1fr));\n            gap: 1.5rem;\n            margin-bottom: 3rem;\n        }<\/p>\n<p>        .stat-card {\n            background: white;\n            padding: 1.5rem;\n            border-radius: 15px;\n            text-align: center;\n            box-shadow: 0 5px 15px rgba(0,0,0,0.1);\n            border-top: 3px solid var(--primary);\n        }<\/p>\n<p>        .stat-card .number {\n            font-size: 2.5rem;\n            font-weight: 700;\n            color: var(--primary);\n            display: block;\n            margin-bottom: 0.5rem;\n        }<\/p>\n<p>        .stat-card .label {\n            font-size: 0.9rem;\n            color: var(--grey-dark);\n            font-weight: 500;\n        }<\/p>\n<p>        .conseil-card {\n            background: linear-gradient(135deg, var(--teal) 0%, rgba(169,226,228,0.7) 100%);\n            padding: 1.5rem;\n            border-radius: 15px;\n            margin: 1.5rem 0;\n            border-left: 4px solid var(--primary-dark);\n        }<\/p>\n<p>        .key-points {\n            background: white;\n            padding: 1.5rem;\n            border-radius: 10px;\n            margin: 1.5rem 0;\n            box-shadow: 0 3px 10px rgba(0,0,0,0.1);\n        }<\/p>\n<p>        .key-points ul {\n            list-style: none;\n            padding-left: 0;\n        }<\/p>\n<p>        .key-points li {\n            position: relative;\n            padding-left: 1.5rem;\n            margin-bottom: 0.5rem;\n        }<\/p>\n<p>        .key-points li::before {\n            content: '\u2713';\n            position: absolute;\n            left: 0;\n            color: var(--primary);\n            font-weight: bold;\n        }<\/p>\n<p>        .tip-box {\n            background: var(--yellow);\n            padding: 1.5rem;\n            border-radius: 10px;\n            margin: 1.5rem 0;\n            position: relative;\n        }<\/p>\n<p>        .tip-box-label {\n            background: var(--primary);\n            color: white;\n            padding: 0.3rem 0.8rem;\n            border-radius: 15px;\n            font-size: 0.8rem;\n            font-weight: 600;\n            position: absolute;\n            top: -10px;\n            left: 1rem;\n        }<\/p>\n<p>        .expert-box {\n            background: white;\n            border: 2px solid var(--primary);\n            border-radius: 15px;\n            margin: 2rem 0;\n            overflow: hidden;\n        }<\/p>\n<p>        .expert-box-label {\n            background: var(--primary);\n            color: white;\n            padding: 0.5rem 1rem;\n            font-weight: 600;\n            font-size: 0.9rem;\n        }<\/p>\n<p>        .expert-inner {\n            padding: 1.5rem;\n        }<\/p>\n<p>        .expert-inner-title {\n            color: var(--primary);\n            font-size: 1.1rem;\n            margin-bottom: 1rem;\n        }<\/p>\n<p>        .faq-list {\n            background: white;\n            border-radius: 15px;\n            padding: 2rem;\n            box-shadow: 0 5px 20px rgba(0,0,0,0.1);\n            margin: 2rem 0;\n        }<\/p>\n<p>        .faq-item {\n            border-bottom: 1px solid #eee;\n            margin-bottom: 1rem;\n        }<\/p>\n<p>        .faq-item:last-child {\n            border-bottom: none;\n        }<\/p>\n<p>        .faq-q {\n            display: flex;\n            justify-content: space-between;\n            align-items: center;\n            padding: 1rem 0;\n            cursor: pointer;\n            font-weight: 600;\n            color: var(--primary);\n        }<\/p>\n<p>        .faq-icon {\n            background: var(--primary);\n            color: white;\n            width: 25px;\n            height: 25px;\n            border-radius: 50%;\n            display: flex;\n            align-items: center;\n            justify-content: center;\n            font-size: 1.2rem;\n            transition: transform 0.3s ease;\n        }<\/p>\n<p>        .faq-item.open .faq-icon {\n            transform: rotate(45deg);\n        }<\/p>\n<p>        .faq-a {\n            padding-bottom: 1rem;\n            display: none;\n            color: var(--grey-dark);\n        }<\/p>\n<p>        .faq-item.open .faq-a {\n            display: block;\n        }<\/p>\n<p>        .cta-box {\n            background: linear-gradient(135deg, var(--primary) 0%, var(--primary-dark) 100%);\n            color: white;\n            padding: 2rem;\n            border-radius: 15px;\n            text-align: center;\n            margin: 3rem 0;\n        }<\/p>\n<p>        .cta-buttons {\n            margin-top: 1.5rem;\n            display: flex;\n            gap: 1rem;\n            justify-content: center;\n            flex-wrap: wrap;\n        }<\/p>\n<p>        .btn-white {\n            background: white;\n            color: var(--primary);\n            padding: 0.8rem 1.5rem;\n            border-radius: 25px;\n            text-decoration: none;\n            font-weight: 600;\n            transition: all 0.3s ease;\n        }<\/p>\n<p>        .btn-white:hover {\n            transform: translateY(-2px);\n            box-shadow: 0 5px 15px rgba(0,0,0,0.2);\n        }<\/p>\n<p>        .btn-outline {\n            background: transparent;\n            color: white;\n            border: 2px solid white;\n            padding: 0.8rem 1.5rem;\n            border-radius: 25px;\n            text-decoration: none;\n            font-weight: 600;\n            transition: all 0.3s ease;\n        }<\/p>\n<p>        .btn-outline:hover {\n            background: white;\n            color: var(--primary);\n        }<\/p>\n<p>        .article-tags {\n            margin-top: 3rem;\n            padding-top: 2rem;\n            border-top: 1px solid #eee;\n        }<\/p>\n<p>        .article-tag {\n            display: inline-block;\n            background: var(--grey-light);\n            color: var(--grey-dark);\n            padding: 0.5rem 1rem;\n            border-radius: 20px;\n            font-size: 0.85rem;\n            margin: 0.25rem;\n            text-decoration: none;\n            transition: all 0.3s ease;\n        }<\/p>\n<p>        .article-tag:hover {\n            background: var(--primary);\n            color: white;\n        }<\/p>\n<p>        @media (max-width: 768px) {\n            .article-hero h1 {\n                font-size: 2rem;\n            }<\/p>\n<p>            .article-meta {\n                flex-direction: column;\n                gap: 1rem;\n                align-items: flex-start;\n            }<\/p>\n<p>            .stats-grid {\n                grid-template-columns: 1fr;\n            }<\/p>\n<p>            .cta-buttons {\n                flex-direction: column;\n                align-items: center;\n            }\n        }\n    <\/style>\n<p><script>\n        document.querySelectorAll('.faq-q').forEach(function(button) {\n            button.addEventListener('click', function() {\n                button.closest('.faq-item').classList.toggle('open');\n            });\n        });\n    <\/script><br \/>\n<script type=\"application\/ld+json\">\n{\n  \"@context\": \"https:\/\/schema.org\",\n  \"@graph\": [\n    {\n      \"@type\": \"Article\",\n      \"headline\": \"Le lien entre la motricit\u00e9 fine et l'apprentissage \u00e0 l'\u00e9cole\",\n      \"description\": \"\ud83d\udcc5 Avril 2026 \u23f1\ufe0f 15 min de lecture \ud83d\udc65 Parents & Enseignants \u2b50\u2b50\u2b50\u2b50\u2b50 4.8\/5\",\n      \"url\": \"https:\/\/www.dynseo.com\/le-lien-entre-la-motricite-fine-et-lapprentissage-a-lecole\/\",\n      \"datePublished\": \"2026-04-07\",\n      \"author\": {\n        \"@type\": \"Organization\",\n        \"name\": \"DYNSEO\",\n        \"url\": \"https:\/\/www.dynseo.com\"\n      },\n      \"publisher\": {\n        \"@type\": \"Organization\",\n        \"name\": \"DYNSEO\",\n        \"url\": \"https:\/\/www.dynseo.com\"\n      },\n      \"aggregateRating\": {\n        \"@type\": \"AggregateRating\",\n        \"ratingValue\": \"4.8\",\n        \"bestRating\": \"5\",\n        \"ratingCount\": \"47\"\n      }\n    },\n    {\n      \"@type\": \"WebPage\",\n      \"url\": \"https:\/\/www.dynseo.com\/le-lien-entre-la-motricite-fine-et-lapprentissage-a-lecole\/\",\n      \"name\": \"Le lien entre la motricit\u00e9 fine et l'apprentissage \u00e0 l'\u00e9cole\",\n      \"description\": \"\ud83d\udcc5 Avril 2026 \u23f1\ufe0f 15 min de lecture \ud83d\udc65 Parents & Enseignants \u2b50\u2b50\u2b50\u2b50\u2b50 4.8\/5\",\n      \"breadcrumb\": {\n        \"@type\": \"BreadcrumbList\",\n        \"itemListElement\": [\n          {\n            \"@type\": \"ListItem\",\n            \"position\": 1,\n            \"name\": \"Accueil\",\n            \"item\": \"https:\/\/www.dynseo.com\"\n          },\n          {\n            \"@type\": \"ListItem\",\n            \"position\": 2,\n            \"name\": \"Blog\",\n            \"item\": \"https:\/\/www.dynseo.com\/blog\/\"\n          },\n          {\n            \"@type\": \"ListItem\",\n            \"position\": 3,\n            \"name\": \"Le lien entre la motricit\u00e9 fine et l'apprentissage \u00e0 l'\u00e9cole\",\n            \"item\": \"https:\/\/www.dynseo.com\/le-lien-entre-la-motricite-fine-et-lapprentissage-a-lecole\/\"\n          }\n        ]\n      }\n    },\n    {\n      \"@type\": \"FAQPage\",\n      \"mainEntity\": [\n        {\n          \"@type\": \"Question\",\n          \"name\": \"\u00c0 quel \u00e2ge faut-il commencer \u00e0 stimuler la motricit\u00e9 fine ?\"\n        },\n        {\n          \"@type\": \"Question\",\n          \"name\": \"Comment reconna\u00eetre un trouble de la motricit\u00e9 fine chez un enfant ?\"\n        },\n        {\n          \"@type\": \"Question\",\n          \"name\": \"Les \u00e9crans peuvent-ils aider ou nuire au d\u00e9veloppement de la motricit\u00e9 fine ?\"\n        }\n      ]\n    }\n  ]\n}\n<\/script>\n<link rel=\"preconnect\" href=\"https:\/\/fonts.googleapis.com\">\n<section class=\"article-hero\">\n<div class=\"article-hero-inner\">\n<nav class=\"article-breadcrumb\">\n                <a href=\"\/\">Home<\/a> > <a href=\"\/blog\/\">Blog<\/a> > Motricit\u00e0 fine e apprendimento<br \/>\n            <\/nav>\n<p>            <span class=\"article-category\">Sviluppo Cognitivo<\/span><\/p>\n<h1>Il legame tra la <span class=\"hl\">motricit\u00e0 fine<\/span> e l&#8217;apprendimento a scuola<\/h1>\n<div class=\"article-meta\">\n                <span>\ud83d\udcc5 Aprile 2026<\/span><br \/>\n                <span>\u23f1\ufe0f 15 min di lettura<\/span><br \/>\n                <span>\ud83d\udc65 Genitori &#038; Insegnanti<\/span><br \/>\n                <span class=\"stars\">\u2b50\u2b50\u2b50\u2b50\u2b50 4.8\/5<\/span>\n            <\/div>\n<\/p><\/div>\n<div class=\"article-hero-curve\"><\/div>\n<\/section>\n<div class=\"article-body\">\n<div class=\"container\">\n<div class=\"intro-block\">\n                <pee>Le competenze motorie fini sono molto pi\u00f9 di una semplice abilit\u00e0 manuale: costituiscono un vero e proprio pilastro dello sviluppo cognitivo e del successo scolastico. Queste competenze, che implicano la coordinazione precisa dei piccoli muscoli delle mani e delle dita, giocano un ruolo fondamentale nell&#8217;apprendimento accademico, dalla scrittura alla matematica passando per le attivit\u00e0 artistiche. La ricerca moderna rivela legami affascinanti tra la destrezza manuale e le prestazioni intellettuali, sottolineando l&#8217;importanza di uno sviluppo armonioso di queste capacit\u00e0 sin dalla pi\u00f9 tenera et\u00e0. Comprendere questa relazione consente a genitori e insegnanti di ottimizzare l&#8217;ambiente di apprendimento e di favorire il benessere globale di ogni bambino. Questo approccio olistico allo sviluppo riconosce che corpo e mente lavorano di concerto per costruire le fondamenta dell&#8217;apprendimento.<\/pee>\n            <\/div>\n<div class=\"stats-grid\">\n<div class=\"stat-card\">\n                    <span class=\"number\">85%<\/span><br \/>\n                    <span class=\"label\">dei bambini migliorano la loro scrittura con un allenamento motorio adeguato<\/span>\n                <\/div>\n<div class=\"stat-card\">\n                    <span class=\"number\">7 anni<\/span><br \/>\n                    <span class=\"label\">et\u00e0 critica per lo sviluppo motorio fine ottimale<\/span>\n                <\/div>\n<div class=\"stat-card\">\n                    <span class=\"number\">30%<\/span><br \/>\n                    <span class=\"label\">di miglioramento delle prestazioni scolastiche con attivit\u00e0 mirate<\/span>\n                <\/div>\n<div class=\"stat-card\">\n                    <span class=\"number\">15 min<\/span><br \/>\n                    <span class=\"label\">di esercizi quotidiani sono sufficienti per progressi significativi<\/span>\n                <\/div>\n<\/p><\/div>\n<h2>1. Le fondamenta neurologici della motricit\u00e0 fine<\/h2>\n<pee>La motricit\u00e0 fine si basa su una rete complessa di connessioni neurologiche che si sviluppano progressivamente durante l&#8217;infanzia. Questa abilit\u00e0 implica la coordinazione precisa tra il sistema nervoso centrale, i muscoli delle mani e delle dita, cos\u00ec come i sistemi sensoriali. Il cervello elabora simultaneamente le informazioni visive, tattili e propriocettive per consentire movimenti precisi e controllati.<\/pee>\n<pee>Le ricerche nelle neuroscienze rivelano che lo sviluppo della motricit\u00e0 fine stimola la mielinizzazione delle fibre nervose, accelerando cos\u00ec la trasmissione dei segnali tra le diverse aree cerebrali. Questo miglioramento della connettivit\u00e0 neuronale ha ripercussioni dirette sulle capacit\u00e0 cognitive, in particolare sulla memoria di lavoro, sull&#8217;attenzione sostenuta e sulle funzioni esecutive.<\/pee>\n<pee>La corteccia motoria primaria e il cervelletto svolgono ruoli cruciali nell&#8217;apprendimento e nell&#8217;automazione dei gesti fini. Quando un bambino ripete movimenti precisi, come tracciare lettere o manipolare oggetti, queste strutture cerebrali creano &#8220;mappe motorie&#8221; che facilitano l&#8217;esecuzione futura di questi compiti. Questa plasticit\u00e0 neuronale spiega perch\u00e9 l&#8217;allenamento precoce della motricit\u00e0 fine ha benefici duraturi sull&#8217;apprendimento.<\/pee>\n<div class=\"conseil-card\">\n<h4>\ud83d\udca1 Consiglio dell&#8217;esperto<\/h4>\n<pee>Il periodo ottimale per sviluppare la motricit\u00e0 fine si colloca tra i 3 e gli 8 anni, quando la plasticit\u00e0 cerebrale \u00e8 massima. Approfittate di questa finestra di sviluppo per proporre attivit\u00e0 varie e progressive.<\/pee>\n            <\/div>\n<div class=\"key-points\">\n<h4>Punti chiave dello sviluppo neurologico :<\/h4>\n<ul>\n<li>La mielinizzazione si completa intorno ai 7-8 anni per i circuiti motori fini<\/li>\n<li>Ogni gesto ripetuto rafforza le connessioni sinaptiche<\/li>\n<li>L&#8217;integrazione sensoriale migliora la precisione gestuale<\/li>\n<li>Le aree premotorie pianificano le sequenze di movimenti<\/li>\n<\/ul><\/div>\n<h2>2. Impatto sull&#8217;acquisizione della scrittura e della lettura<\/h2>\n<pee>La scrittura rappresenta una delle competenze accademiche pi\u00f9 direttamente legate alla motricit\u00e0 fine. Tenere una matita, controllare la pressione esercitata sulla carta e coordinare i movimenti per formare lettere richiede una padronanza precisa dei muscoli intrinseci della mano. I bambini che presentano difficolt\u00e0 motorie fini faticano spesso ad automatizzare la scrittura, mobilitando un&#8217;attenzione cognitiva eccessiva a discapito del contenuto.<\/pee>\n<pee>La ricerca dimostra che la qualit\u00e0 della scrittura a mano influisce direttamente sulla comprensione della lettura. Quando il bambino deve concentrare la propria attenzione sulla formazione delle lettere, dispone di meno risorse cognitive per elaborare il significato del testo. Al contrario, una scrittura fluida e automatizzata libera la mente per concentrarsi sulla creativit\u00e0 e sull&#8217;espressione delle idee.<\/pee>\n<pee>Gli studi longitudinali rivelano che i bambini che beneficiano di un allenamento precoce della motricit\u00e0 fine sviluppano una scrittura pi\u00f9 leggibile e pi\u00f9 veloce, il che correla positivamente con le loro performance in ortografia e composizione scritta. Questa relazione si spiega con il rafforzamento delle rappresentazioni visuomotorie delle lettere nella memoria a lungo termine.<\/pee>\n<div class=\"expert-box\">\n<div class=\"expert-box-label\">\ud83d\udc68\u200d\ud83d\udd2c Esperienza DYNSEO<\/div>\n<div class=\"expert-inner\">\n<h4 class=\"expert-inner-title\">L&#8217;approccio digitale complementare<\/h4>\n<pee>Le applicazioni come <a href=\"https:\/\/www.dynseo.com\/it\/version-coco\/\" target=\"_blank\">COCO PENSA e COCO SI MUOVE<\/a> propongono esercizi di tracciamento interattivi che rafforzano le competenze grafomotorie mantenendo l&#8217;impegno del bambino. Questi strumenti tecnologici completano efficacemente l&#8217;apprendimento tradizionale del gesto di scrittura.<\/pee>\n                <\/div>\n<\/p><\/div>\n<div class=\"tip-box\">\n<div class=\"tip-box-label\">\ud83d\udca1 Astuce pratique<\/div>\n<pee>Alternez entre l&#8217;\u00e9criture sur papier et les activit\u00e9s num\u00e9riques pour d\u00e9velopper une motricit\u00e9 fine compl\u00e8te. L&#8217;important est de maintenir un \u00e9quilibre entre supports traditionnels et nouvelles technologies.<\/pee>\n            <\/div>\n<h2>3. Relation avec les comp\u00e9tences math\u00e9matiques<\/h2>\n<pee>Les math\u00e9matiques, contrairement aux id\u00e9es re\u00e7ues, s&#8217;appuient largement sur la motricit\u00e9 fine \u00e0 travers la manipulation d&#8217;objets, le trac\u00e9 de figures g\u00e9om\u00e9triques et la r\u00e9solution de probl\u00e8mes visuospatiaux. Les enfants qui ma\u00eetrisent bien leurs gestes fins comprennent plus facilement les concepts de quantit\u00e9, d&#8217;espace et de mesure gr\u00e2ce aux exp\u00e9riences concr\u00e8tes de manipulation.<\/pee>\n<pee>L&#8217;utilisation de mat\u00e9riel de manipulation comme les cubes, les r\u00e9glettes ou les formes g\u00e9om\u00e9triques d\u00e9veloppe simultan\u00e9ment la dext\u00e9rit\u00e9 manuelle et la compr\u00e9hension math\u00e9matique. Ces activit\u00e9s permettent aux enfants d&#8217;int\u00e9rioriser les concepts abstraits en passant par l&#8217;exp\u00e9rience sensorimotrice, cr\u00e9ant des bases solides pour l&#8217;apprentissage ult\u00e9rieur.<\/pee>\n<pee>Les recherches montrent que les enfants qui b\u00e9n\u00e9ficient d&#8217;activit\u00e9s manuelles structur\u00e9es d\u00e9veloppent une meilleure repr\u00e9sentation mentale des nombres et des relations spatiales. Cette capacit\u00e9 de visualisation constitue un atout majeur pour la r\u00e9solution de probl\u00e8mes complexes et la g\u00e9om\u00e9trie avanc\u00e9e.<\/pee>\n<div class=\"conseil-card\">\n<h4>\ud83c\udfaf Activit\u00e9s recommand\u00e9es<\/h4>\n<pee>Proposez r\u00e9guli\u00e8rement des jeux de construction, des puzzles et des activit\u00e9s de tri pour renforcer simultan\u00e9ment la motricit\u00e9 fine et les concepts math\u00e9matiques fondamentaux.<\/pee>\n            <\/div>\n<h2>4. D\u00e9veloppement de l&#8217;autonomie et de la confiance en soi<\/h2>\n<pee>La ma\u00eetrise de la motricit\u00e9 fine contribue significativement au d\u00e9veloppement de l&#8217;autonomie chez l&#8217;enfant. Pouvoir s&#8217;habiller seul, utiliser correctement les couverts ou r\u00e9aliser des t\u00e2ches quotidiennes renforce le sentiment de comp\u00e9tence et l&#8217;estime de soi. Cette autonomie grandissante se traduit par une plus grande motivation \u00e0 apprendre et \u00e0 relever de nouveaux d\u00e9fis acad\u00e9miques.<\/pee>\n<pee>Les enfants qui peinent avec leurs gestes fins peuvent d\u00e9velopper des strat\u00e9gies d&#8217;\u00e9vitement face aux t\u00e2ches scolaires, cr\u00e9ant un cercle vicieux de d\u00e9motivation et de retard dans les apprentissages. \u00c0 l&#8217;inverse, ceux qui ma\u00eetrisent bien leurs mouvements manifestent davantage de pers\u00e9v\u00e9rance et de confiance face aux difficult\u00e9s.<\/pee>\n<pee>L&#8217;impact psychologique de la motricit\u00e9 fine ne doit pas \u00eatre sous-estim\u00e9. Les enfants comparent naturellement leurs productions \u00e0 celles de leurs pairs, et des difficult\u00e9s motrices peuvent engendrer des sentiments d&#8217;inf\u00e9riorit\u00e9 ou de frustration. Il est donc essentiel d&#8217;accompagner chaque enfant selon son rythme et de valoriser ses progr\u00e8s, m\u00eame modestes.<\/pee>\n<div class=\"key-points\">\n<h4>Indicateurs d&#8217;autonomie motrice fine :<\/h4>\n<ul>\n<li>Capacit\u00e9 \u00e0 s&#8217;habiller sans aide vers 5-6 ans<\/li>\n<li>Utilisation autonome des ciseaux et de la colle<\/li>\n<li>\u00c9criture de son pr\u00e9nom sans mod\u00e8le<\/li>\n<li>Manipulation pr\u00e9cise d&#8217;objets de taille r\u00e9duite<\/li>\n<li>R\u00e9alisation de dessins d\u00e9taill\u00e9s et organis\u00e9s<\/li>\n<\/ul><\/div>\n<h2>5. Activit\u00e9s cr\u00e9atives et expression artistique<\/h2>\n<pee>Les activit\u00e9s artistiques offrent un terrain privil\u00e9gi\u00e9 pour d\u00e9velopper la motricit\u00e9 fine tout en stimulant la cr\u00e9ativit\u00e9 et l&#8217;expression personnelle. Le dessin, la peinture, la sculpture et les activit\u00e9s manuelles sollicitent diff\u00e9rents groupes musculaires et types de coordination, enrichissant le r\u00e9pertoire moteur de l&#8217;enfant.<\/pee>\n<pee>La pratique artistique d\u00e9veloppe particuli\u00e8rement la coordination \u0153il-main, essentielle pour de nombreux apprentissages scolaires. Lorsqu&#8217;un enfant peint ou dessine, il doit coordonner ses perceptions visuelles avec ses gestes, affinant progressivement sa capacit\u00e9 \u00e0 traduire ses intentions en actions pr\u00e9cises.<\/pee>\n<pee>Les recherches d\u00e9montrent que les enfants pratiquant r\u00e9guli\u00e8rement des activit\u00e9s artistiques d\u00e9veloppent une meilleure conscience spatiale et une plus grande fluidit\u00e9 gestuelle. Ces comp\u00e9tences se transf\u00e8rent positivement vers l&#8217;\u00e9criture, les math\u00e9matiques et m\u00eame les sciences, o\u00f9 la repr\u00e9sentation graphique joue un r\u00f4le important.<\/pee>\n<div class=\"expert-box\">\n<div class=\"expert-box-label\">\ud83c\udfa8 Expertise cr\u00e9ative<\/div>\n<div class=\"expert-inner\">\n<h4 class=\"expert-inner-title\">Progression artistique et motrice<\/h4>\n<pee>Commencez par des activit\u00e9s de gribouillage libre, progressez vers le coloriage dans des formes simples, puis introduisez le d\u00e9coupage et le collage. Cette progression respecte le d\u00e9veloppement naturel de la motricit\u00e9 fine.<\/pee>\n                <\/div>\n<\/p><\/div>\n<div class=\"tip-box\">\n<div class=\"tip-box-label\">\ud83d\udd8c\ufe0f Mat\u00e9riel conseill\u00e9<\/div>\n<pee>Variez les outils : crayons gras, feutres, pinceaux de diff\u00e9rentes tailles, pastels. Chaque outil sollicite la motricit\u00e9 fine diff\u00e9remment et enrichit l&#8217;exp\u00e9rience sensorielle de l&#8217;enfant.<\/pee>\n            <\/div>\n<h2>6. Identification et accompagnement des troubles moteurs<\/h2>\n<pee>Certains enfants pr\u00e9sentent des troubles du d\u00e9veloppement de la coordination (dyspraxie) qui affectent significativement leur motricit\u00e9 fine. Ces difficult\u00e9s peuvent se manifester par une \u00e9criture laborieuse, des difficult\u00e9s \u00e0 manipuler les outils scolaires ou des probl\u00e8mes d&#8217;organisation spatiale dans les cahiers.<\/pee>\n<pee>L&#8217;identification pr\u00e9coce de ces troubles est cruciale pour mettre en place des adaptations p\u00e9dagogiques appropri\u00e9es. Les signes d&#8217;alerte incluent une fatigue excessive lors de l&#8217;\u00e9criture, une \u00e9vitement des activit\u00e9s manuelles, une lenteur marqu\u00e9e dans l&#8217;ex\u00e9cution des gestes fins ou une variabilit\u00e9 importante dans la qualit\u00e9 des productions.<\/pee>\n<pee>L&#8217;accompagnement de ces enfants n\u00e9cessite une approche multidisciplinaire impliquant enseignants, parents, ergoth\u00e9rapeutes et parfois psychomotriciens. Des am\u00e9nagements simples comme l&#8217;utilisation d&#8217;outils ergonomiques, la r\u00e9duction de la quantit\u00e9 d&#8217;\u00e9crit ou l&#8217;autorisation d&#8217;utiliser un ordinateur peuvent consid\u00e9rablement am\u00e9liorer le quotidien scolaire de ces \u00e9l\u00e8ves.<\/pee>\n<div class=\"conseil-card\">\n<h4>\ud83d\udd0d Signaux d&#8217;alerte<\/h4>\n<pee>Soyez attentifs \u00e0 la fatigue excessive, aux difficult\u00e9s persistantes avec les ciseaux, \u00e0 l&#8217;\u00e9vitement des activit\u00e9s manuelles ou aux probl\u00e8mes de tenue de crayon malgr\u00e9 un apprentissage adapt\u00e9.<\/pee>\n            <\/div>\n<h2>7. Strat\u00e9gies p\u00e9dagogiques innovantes<\/h2>\n<pee>L&#8217;int\u00e9gration efficace du d\u00e9veloppement moteur fin dans les apprentissages scolaires n\u00e9cessite des strat\u00e9gies p\u00e9dagogiques cr\u00e9atives et adapt\u00e9es. Les enseignants peuvent transformer les le\u00e7ons traditionnelles en activit\u00e9s multimodales qui engagent simultan\u00e9ment la motricit\u00e9 et la cognition, cr\u00e9ant des exp\u00e9riences d&#8217;apprentissage plus riches et m\u00e9morables.<\/pee>\n<pee>La gamification des exercices moteurs repr\u00e9sente une approche particuli\u00e8rement efficace pour maintenir la motivation des \u00e9l\u00e8ves. En transformant les exercices d&#8217;\u00e9criture en jeux, en cr\u00e9ant des d\u00e9fis de construction ou en organisant des ateliers artistiques th\u00e9matiques, les enseignants peuvent d\u00e9velopper les comp\u00e9tences motrices dans un contexte ludique et engageant.<\/pee>\n<pee>L&#8217;apprentissage coop\u00e9ratif offre \u00e9galement des opportunit\u00e9s uniques pour d\u00e9velopper la motricit\u00e9 fine. Les projets de groupe impliquant des manipulations, des constructions ou des cr\u00e9ations artistiques permettent aux enfants d&#8217;apprendre les uns des autres tout en perfectionnant leurs gestes fins dans un contexte social motivant.<\/pee>\n<div class=\"key-points\">\n<h4>Techniques p\u00e9dagogiques efficaces :<\/h4>\n<ul>\n<li>Int\u00e9gration d&#8217;activit\u00e9s manuelles dans toutes les mati\u00e8res<\/li>\n<li>Utilisation de supports vari\u00e9s (sable, p\u00e2te, tableaux verticaux)<\/li>\n<li>Alternance entre activit\u00e9s fines et globales<\/li>\n<li>\u00c9valuation formative des progr\u00e8s moteurs<\/li>\n<li>Adaptation du mat\u00e9riel aux besoins individuels<\/li>\n<\/ul><\/div>\n<h2>8. Le r\u00f4le crucial des parents dans le d\u00e9veloppement<\/h2>\n<pee>Les parents jouent un r\u00f4le fondamental dans le d\u00e9veloppement de la motricit\u00e9 fine de leur enfant, bien avant l&#8217;entr\u00e9e \u00e0 l&#8217;\u00e9cole. Les activit\u00e9s quotidiennes offrent de nombreuses opportunit\u00e9s d&#8217;entra\u00eenement naturel : pr\u00e9parer la cuisine, jardiner, bricoler ou simplement jouer avec des objets de diff\u00e9rentes tailles et textures.<\/pee>\n<pee>L&#8217;attitude parentale face aux difficult\u00e9s motrices influence consid\u00e9rablement la motivation de l&#8217;enfant. Encourager les tentatives plut\u00f4t que de se concentrer sur les r\u00e9sultats, valoriser les progr\u00e8s m\u00eame minimes et maintenir une atmosph\u00e8re positive lors des activit\u00e9s manuelles contribuent au d\u00e9veloppement d&#8217;une relation saine avec l&#8217;apprentissage.<\/pee>\n<pee>La collaboration entre parents et enseignants s&#8217;av\u00e8re essentielle pour assurer une continuit\u00e9 dans le d\u00e9veloppement moteur. Partager les observations, coordonner les exercices et maintenir une coh\u00e9rence dans les approches p\u00e9dagogiques maximisent les b\u00e9n\u00e9fices pour l&#8217;enfant.<\/pee>\n<div class=\"expert-box\">\n<div class=\"expert-box-label\">\ud83d\udc68\u200d\ud83d\udc69\u200d\ud83d\udc67\u200d\ud83d\udc66 Guide parental<\/div>\n<div class=\"expert-inner\">\n<h4 class=\"expert-inner-title\">Activit\u00e9s familiales enrichissantes<\/h4>\n<pee>Transformez les t\u00e2ches m\u00e9nag\u00e8res en opportunit\u00e9s d&#8217;apprentissage : pliage du linge, pr\u00e9paration des repas, jardinage. Ces activit\u00e9s naturelles d\u00e9veloppent la motricit\u00e9 fine dans un contexte significatif et motivant pour l&#8217;enfant.<\/pee>\n                <\/div>\n<\/p><\/div>\n<h2>9. Technologies \u00e9ducatives et motricit\u00e9 fine<\/h2>\n<pee>L&#8217;\u00e9volution technologique offre de nouvelles possibilit\u00e9s pour d\u00e9velopper la motricit\u00e9 fine de mani\u00e8re innovante et engageante. Les tablettes tactiles, par exemple, permettent des exercices de tra\u00e7age interactifs qui fournissent un feedback imm\u00e9diat et adaptatif, particuli\u00e8rement b\u00e9n\u00e9fique pour les enfants ayant des difficult\u00e9s d&#8217;apprentissage.<\/pee>\n<pee>Cependant, l&#8217;utilisation de la technologie doit rester compl\u00e9mentaire aux activit\u00e9s traditionnelles de manipulation d&#8217;objets r\u00e9els. Les \u00e9crans tactiles sollicitent la motricit\u00e9 fine diff\u00e9remment du papier et du crayon, et ne peuvent remplacer compl\u00e8tement l&#8217;exp\u00e9rience sensorielle riche offerte par les mat\u00e9riaux traditionnels.<\/pee>\n<pee>Les applications \u00e9ducatives comme <a href=\"https:\/\/www.dynseo.com\/it\/version-coco\/\" target=\"_blank\">COCO PENSE et COCO BOUGE<\/a> int\u00e8grent intelligemment le d\u00e9veloppement moteur dans des activit\u00e9s cognitives vari\u00e9es. Le principe des pauses sportives obligatoires toutes les 15 minutes favorise un d\u00e9veloppement \u00e9quilibr\u00e9 entre motricit\u00e9 fine et globale, \u00e9vitant la surcharge cognitive et maintenant l&#8217;engagement de l&#8217;enfant.<\/pee>\n<div class=\"tip-box\">\n<div class=\"tip-box-label\">\ud83d\udcf1 Usage \u00e9quilibr\u00e9<\/div>\n<pee>Limitez le temps d&#8217;\u00e9cran \u00e0 30-45 minutes par jour pour les activit\u00e9s \u00e9ducatives, en alternant avec des manipulations d&#8217;objets r\u00e9els. Cette approche hybride optimise les b\u00e9n\u00e9fices de chaque support.<\/pee>\n            <\/div>\n<h2>10. \u00c9valuation et suivi des progr\u00e8s<\/h2>\n<pee>L&#8217;\u00e9valuation des comp\u00e9tences motrices fines n\u00e9cessite une approche multidimensionnelle qui prend en compte la pr\u00e9cision, la fluidit\u00e9, la vitesse et l&#8217;endurance. Les grilles d&#8217;observation standardis\u00e9es permettent aux enseignants et aux parents de suivre objectivement les progr\u00e8s et d&#8217;identifier les domaines n\u00e9cessitant un soutien particulier.<\/pee>\n<pee>Les portfolios de travaux constituent un outil d&#8217;\u00e9valuation particuli\u00e8rement riche, permettant de documenter l&#8217;\u00e9volution des productions de l&#8217;enfant au fil du temps. Comparer les dessins, les \u00e9critures et les r\u00e9alisations manuelles sur plusieurs mois r\u00e9v\u00e8le des progr\u00e8s souvent imperceptibles au quotidien mais significatifs sur le long terme.<\/pee>\n<pee>L&#8217;auto-\u00e9valuation peut \u00e9galement \u00eatre introduite progressivement, permettant aux enfants de d\u00e9velopper une conscience m\u00e9tacognitive de leurs comp\u00e9tences motrices. Cette r\u00e9flexion sur ses propres capacit\u00e9s favorise l&#8217;autor\u00e9gulation et la motivation intrins\u00e8que \u00e0 progresser.<\/pee>\n<div class=\"conseil-card\">\n<h4>\ud83d\udcca Outils d&#8217;\u00e9valuation recommand\u00e9s<\/h4>\n<pee>Utilisez des grilles simples avec crit\u00e8res visuels (smileys, couleurs) pour que l&#8217;enfant puisse participer \u00e0 l&#8217;\u00e9valuation de ses progr\u00e8s et d\u00e9velopper sa capacit\u00e9 d&#8217;auto-observation.<\/pee>\n            <\/div>\n<h2>11. Pr\u00e9vention et intervention pr\u00e9coce<\/h2>\n<pee>La pr\u00e9vention des difficult\u00e9s motrices fines commence d\u00e8s la petite enfance par la proposition d&#8217;activit\u00e9s vari\u00e9es et adapt\u00e9es au d\u00e9veloppement de l&#8217;enfant. Les professionnels de la petite enfance jouent un r\u00f4le crucial dans le d\u00e9pistage pr\u00e9coce des retards de d\u00e9veloppement et l&#8217;orientation vers des prises en charge sp\u00e9cialis\u00e9es si n\u00e9cessaire.<\/pee>\n<pee>Les programmes d&#8217;intervention pr\u00e9coce montrent une efficacit\u00e9 remarquable lorsqu&#8217;ils sont mis en place avant l&#8217;\u00e2ge de 6 ans. Ces interventions, souvent ludiques et int\u00e9gr\u00e9es dans les activit\u00e9s quotidiennes, peuvent consid\u00e9rablement am\u00e9liorer le pronostic d\u00e9veloppemental de l&#8217;enfant et pr\u00e9venir l&#8217;installation de difficult\u00e9s d&#8217;apprentissage secondaires.<\/pee>\n<pee>La formation des professionnels de l&#8217;\u00e9ducation \u00e0 l&#8217;observation et \u00e0 la stimulation de la motricit\u00e9 fine repr\u00e9sente un enjeu majeur de sant\u00e9 publique. Des enseignants mieux form\u00e9s peuvent identifier plus pr\u00e9cocement les difficult\u00e9s et adapter leur p\u00e9dagogie pour soutenir efficacement chaque enfant.<\/pee>\n<div class=\"expert-box\">\n<div class=\"expert-box-label\">\ud83d\udd2c Recherche scientifique<\/div>\n<div class=\"expert-inner\">\n<h4 class=\"expert-inner-title\">Fen\u00eatres critiques de d\u00e9veloppement<\/h4>\n<pee>Les neurosciences identifient des p\u00e9riodes sensibles o\u00f9 le cerveau est particuli\u00e8rement r\u00e9ceptif aux stimulations motrices. Optimiser ces fen\u00eatres d\u00e9veloppementales maximise l&#8217;efficacit\u00e9 des interventions p\u00e9dagogiques et th\u00e9rapeutiques.<\/pee>\n                <\/div>\n<\/p><\/div>\n<h2>12. Perspectives futures et innovations<\/h2>\n<pee>L&#8217;avenir du d\u00e9veloppement de la motricit\u00e9 fine s&#8217;oriente vers des approches de plus en plus personnalis\u00e9es et technologiquement assist\u00e9es. L&#8217;intelligence artificielle permettra bient\u00f4t d&#8217;adapter en temps r\u00e9el les exercices au niveau et aux besoins sp\u00e9cifiques de chaque enfant, optimisant l&#8217;efficacit\u00e9 des entra\u00eenements.<\/pee>\n<pee>La r\u00e9alit\u00e9 augment\u00e9e ouvre des perspectives fascinantes pour l&#8217;apprentissage moteur, permettant de superposer des guides visuels aux gestes r\u00e9els de l&#8217;enfant. Ces technologies immersives pourraient r\u00e9volutionner l&#8217;enseignement de l&#8217;\u00e9criture et des activit\u00e9s manuelles complexes.<\/pee>\n<pee>La recherche continue de r\u00e9v\u00e9ler de nouveaux liens entre motricit\u00e9 fine et d\u00e9veloppement cognitif, ouvrant des pistes d&#8217;intervention innovantes. L&#8217;int\u00e9gration croissante des neurosciences dans les pratiques \u00e9ducatives promet des approches p\u00e9dagogiques toujours plus efficaces et respectueuses du d\u00e9veloppement naturel de l&#8217;enfant.<\/pee>\n<div class=\"tip-box\">\n<div class=\"tip-box-label\">\ud83d\ude80 Innovation DYNSEO<\/div>\n<pee>Les futures versions de <a href=\"https:\/\/www.dynseo.com\/it\/version-coco\/\" target=\"_blank\">COCO PENSE et COCO BOUGE<\/a> int\u00e9greront des capteurs de mouvement pour analyser pr\u00e9cis\u00e9ment les gestes de l&#8217;enfant et proposer des exercices personnalis\u00e9s en temps r\u00e9el.<\/pee>\n            <\/div>\n<div class=\"faq-list\">\n<h3>Questions fr\u00e9quemment pos\u00e9es<\/h3>\n<div class=\"faq-item\">\n<div class=\"faq-q\">\n                        <span>\u00c0 quel \u00e2ge faut-il commencer \u00e0 stimuler la motricit\u00e9 fine ?<\/span><br \/>\n                        <span class=\"faq-icon\">+<\/span>\n                    <\/div>\n<div class=\"faq-a\">\n                        <pee>La stimulation de la motricit\u00e9 fine peut commencer d\u00e8s les premiers mois de vie avec des activit\u00e9s adapt\u00e9es comme la manipulation d&#8217;objets de diff\u00e9rentes textures. Vers 2-3 ans, des activit\u00e9s plus structur\u00e9es peuvent \u00eatre propos\u00e9es. La p\u00e9riode optimale pour un d\u00e9veloppement intensif se situe entre 3 et 8 ans, pendant laquelle la plasticit\u00e9 c\u00e9r\u00e9brale est maximale.<\/pee>\n                    <\/div>\n<\/p><\/div>\n<div class=\"faq-item\">\n<div class=\"faq-q\">\n                        <span>Comment reconna\u00eetre un trouble de la motricit\u00e9 fine chez un enfant ?<\/span><br \/>\n                        <span class=\"faq-icon\">+<\/span>\n                    <\/div>\n<div class=\"faq-a\">\n                        <pee>Les signes d&#8217;alerte incluent : difficult\u00e9s persistantes \u00e0 tenir un crayon malgr\u00e9 l&#8217;apprentissage, \u00e9criture tr\u00e8s laborieuse et illisible, \u00e9vitement des activit\u00e9s manuelles, fatigue excessive lors des t\u00e2ches fines, difficult\u00e9s \u00e0 utiliser les ciseaux ou \u00e0 manipuler de petits objets. Si ces difficult\u00e9s persistent au-del\u00e0 de 6 ans, une \u00e9valuation professionnelle est recommand\u00e9e.<\/pee>\n                    <\/div>\n<\/p><\/div>\n<div class=\"faq-item\">\n<div class=\"faq-q\">\n                        <span>Les \u00e9crans peuvent-ils aider ou nuire au d\u00e9veloppement de la motricit\u00e9 fine ?<\/span><br \/>\n                        <span class=\"faq-icon\">+<\/span>\n                    <\/div>\n<div class=\"faq-a\">\n                        <pee>Les \u00e9crans tactiles peuvent contribuer au d\u00e9veloppement de certains aspects de la motricit\u00e9 fine, notamment la coordination \u0153il-doigt. Cependant, ils ne remplacent pas la manipulation d&#8217;objets r\u00e9els qui offre une exp\u00e9rience sensorielle plus riche. L&#8217;id\u00e9al est d&#8217;utiliser les outils num\u00e9riques en compl\u00e9ment des activit\u00e9s traditionnelles, avec des pauses r\u00e9guli\u00e8res comme le propose COCO PENSE et COCO BOUGE.<\/pee>\n                    <\/div>\n<\/p><\/div>\n<div class=\"faq-item\">\n<div class=\"faq-q\">\n                        <span>Combien de temps par jour faut-il consacrer aux activit\u00e9s de motricit\u00e9 fine ?<\/span><br \/>\n                        <span class=\"faq-icon\">+<\/span>\n                    <\/div>\n<div class=\"faq-a\">\n                        <pee>Pour un d\u00e9veloppement optimal, 15 \u00e0 30 minutes d&#8217;activit\u00e9s cibl\u00e9es par jour sont suffisantes, r\u00e9parties en plusieurs courtes sessions. L&#8217;important est la r\u00e9gularit\u00e9 plut\u00f4t que la dur\u00e9e. Les activit\u00e9s peuvent \u00eatre int\u00e9gr\u00e9es naturellement dans la routine quotidienne : habillage, repas, jeux, devoirs.<\/pee>\n                    <\/div>\n<\/p><\/div>\n<div class=\"faq-item\">\n<div class=\"faq-q\">\n                        <span>Quels mat\u00e9riaux sont les plus efficaces pour d\u00e9velopper la motricit\u00e9 fine ?<\/span><br \/>\n                        <span class=\"faq-icon\">+<\/span>\n                    <\/div>\n<div class=\"faq-a\">\n                        <pee>Les mat\u00e9riaux les plus efficaces sont ceux qui offrent une vari\u00e9t\u00e9 de textures et de r\u00e9sistances : p\u00e2te \u00e0 modeler, perles de diff\u00e9rentes tailles, puzzles, ciseaux adapt\u00e9s, pinceaux vari\u00e9s, construction type Lego, objets \u00e0 visser\/d\u00e9visser. La diversit\u00e9 des supports stimule diff\u00e9rents aspects de la motricit\u00e9 fine et maintient l&#8217;int\u00e9r\u00eat de l&#8217;enfant.<\/pee>\n                    <\/div>\n<\/p><\/div>\n<\/p><\/div>\n<div class=\"cta-box\">\n<h3>D\u00e9veloppez la motricit\u00e9 fine de votre enfant avec COCO<\/h3>\n<pee>D\u00e9couvrez une approche innovante qui combine stimulation cognitive et motrice avec des pauses sportives obligatoires toutes les 15 minutes. COCO PENSE et COCO BOUGE accompagne le d\u00e9veloppement harmonieux de votre enfant.<\/pee>\n<div class=\"cta-buttons\">\n                    <a href=\"https:\/\/www.dynseo.com\/it\/version-coco\/\" class=\"btn-white\">Essayer COCO gratuitement<\/a><br \/>\n                    <a href=\"https:\/\/www.dynseo.com\/it\/version-coco\/\" class=\"btn-outline\">En savoir plus<\/a>\n                <\/div>\n<\/p><\/div>\n<div class=\"article-tags\">\n<h4>Mots-cl\u00e9s :<\/h4>\n<p>                <a href=\"#\" class=\"article-tag\">Motricit\u00e9 fine<\/a><br \/>\n                <a href=\"#\" class=\"article-tag\">D\u00e9veloppement cognitif<\/a><br \/>\n                <a href=\"#\" class=\"article-tag\">Apprentissage scolaire<\/a><br \/>\n                <a href=\"#\" class=\"article-tag\">\u00c9criture enfant<\/a><br \/>\n                <a href=\"#\" class=\"article-tag\">Activit\u00e9s manuelles<\/a><br \/>\n                <a href=\"#\" class=\"article-tag\">Coordination \u0153il-main<\/a><br \/>\n                <a href=\"#\" class=\"article-tag\">Dyspraxie<\/a><br \/>\n                <a href=\"#\" class=\"article-tag\">P\u00e9dagogie innovante<\/a><br \/>\n                <a href=\"#\" class=\"article-tag\">Technologies \u00e9ducatives<\/a><br \/>\n                <a href=\"#\" class=\"article-tag\">COCO<\/a>\n            <\/div>\n<\/p><\/div>\n<\/p><\/div>\n<p>[\/et_pb_code][\/et_pb_column][\/et_pb_row][\/et_pb_section]<\/p>\n","protected":false},"excerpt":{"rendered":"","protected":false},"author":4,"featured_media":142596,"comment_status":"closed","ping_status":"closed","sticky":false,"template":"","format":"standard","meta":{"_et_pb_use_builder":"on","_et_pb_old_content":"[et_pb_section fb_built=\"1\" _builder_version=\"4.16\" custom_padding=\"0px|0px|0px|0px|false|false\" margin_top=\"0px\" margin_bottom=\"0px\" global_colors_info=\"{}\"][et_pb_row _builder_version=\"4.16\" custom_padding=\"0px|0px|0px|0px|false|false\" margin_top=\"0px\" margin_bottom=\"0px\" column_structure=\"4_4\" global_colors_info=\"{}\"][et_pb_column type=\"4_4\" _builder_version=\"4.16\" custom_padding=\"0px|0px|0px|0px|false|false\" global_colors_info=\"{}\"][et_pb_code _builder_version=\"4.16\" custom_padding=\"0px|0px|0px|0px|false|false\" global_colors_info=\"{}\"]<style>\n        :root {\n            --primary: #5e5ed7;\n            --primary-dark: #5268c9;\n            --teal: #a9e2e4;\n            --yellow: #ffeca7;\n            --pink: #e73469;\n            --grey-light: #f5f5f5;\n            --grey-dark: #333;\n            --white: #ffffff;\n        }\n\n        * {\n            margin: 0;\n            padding: 0;\n            box-sizing: border-box;\n        }\n\n        body {\n            font-family: 'Poppins', sans-serif;\n            line-height: 1.6;\n            color: var(--grey-dark);\n            background: #fafafa;\n        }\n\n        h1, h2, h3, h4, h5, h6 {\n            font-family: 'Montserrat', sans-serif;\n            font-weight: 600;\n            margin-bottom: 1rem;\n        }\n\n        .article-hero {\n            background: linear-gradient(135deg, var(--primary) 0%, var(--primary-dark) 100%);\n            color: white;\n            padding: 2rem 0 4rem;\n            position: relative;\n            overflow: hidden;\n        }\n\n        .article-hero::before {\n            content: '';\n            position: absolute;\n            top: 0;\n            left: 0;\n            right: 0;\n            bottom: 0;\n            background: url('data:image\/svg+xml,<svg xmlns=\"http:\/\/www.w3.org\/2000\/svg\" viewBox=\"0 0 100 100\"><circle cx=\"20\" cy=\"20\" r=\"2\" fill=\"rgba(255,255,255,0.1)\"\/><circle cx=\"80\" cy=\"40\" r=\"1.5\" fill=\"rgba(255,255,255,0.1)\"\/><circle cx=\"40\" cy=\"80\" r=\"1\" fill=\"rgba(255,255,255,0.1)\"\/><\/svg>');\n        }\n\n        .article-hero-inner {\n            max-width: 1200px;\n            margin: 0 auto;\n            padding: 0 2rem;\n            position: relative;\n            z-index: 2;\n        }\n\n        .article-breadcrumb {\n            font-size: 0.9rem;\n            margin-bottom: 1rem;\n            opacity: 0.9;\n        }\n\n        .article-breadcrumb a {\n            color: white;\n            text-decoration: none;\n        }\n\n        .article-category {\n            display: inline-block;\n            background: var(--teal);\n            color: var(--grey-dark);\n            padding: 0.5rem 1rem;\n            border-radius: 25px;\n            font-size: 0.85rem;\n            font-weight: 500;\n            margin-bottom: 1rem;\n        }\n\n        .article-hero h1 {\n            font-size: 2.5rem;\n            font-weight: 700;\n            margin-bottom: 1.5rem;\n            line-height: 1.2;\n        }\n\n        .hl {\n            background: var(--yellow);\n            color: var(--grey-dark);\n            padding: 0 0.5rem;\n            border-radius: 4px;\n        }\n\n        .article-meta {\n            display: flex;\n            align-items: center;\n            gap: 2rem;\n            margin-bottom: 2rem;\n            font-size: 0.9rem;\n        }\n\n        .article-meta .stars {\n            color: var(--yellow);\n            font-size: 1.1rem;\n        }\n\n        .article-hero-curve {\n            position: absolute;\n            bottom: -1px;\n            left: 0;\n            width: 100%;\n            height: 50px;\n            background: #fafafa;\n            border-radius: 50% 50% 0 0 \/ 100% 100% 0 0;\n        }\n\n        .article-body {\n            padding: 3rem 0;\n        }\n\n        .container {\n            max-width: 1000px;\n            margin: 0 auto;\n            padding: 0 2rem;\n        }\n\n        .intro-block {\n            background: white;\n            padding: 2rem;\n            border-radius: 15px;\n            box-shadow: 0 5px 20px rgba(0,0,0,0.1);\n            margin-bottom: 3rem;\n            border-left: 4px solid var(--primary);\n        }\n\n        .stats-grid {\n            display: grid;\n            grid-template-columns: repeat(auto-fit, minmax(200px, 1fr));\n            gap: 1.5rem;\n            margin-bottom: 3rem;\n        }\n\n        .stat-card {\n            background: white;\n            padding: 1.5rem;\n            border-radius: 15px;\n            text-align: center;\n            box-shadow: 0 5px 15px rgba(0,0,0,0.1);\n            border-top: 3px solid var(--primary);\n        }\n\n        .stat-card .number {\n            font-size: 2.5rem;\n            font-weight: 700;\n            color: var(--primary);\n            display: block;\n            margin-bottom: 0.5rem;\n        }\n\n        .stat-card .label {\n            font-size: 0.9rem;\n            color: var(--grey-dark);\n            font-weight: 500;\n        }\n\n        .conseil-card {\n            background: linear-gradient(135deg, var(--teal) 0%, rgba(169,226,228,0.7) 100%);\n            padding: 1.5rem;\n            border-radius: 15px;\n            margin: 1.5rem 0;\n            border-left: 4px solid var(--primary-dark);\n        }\n\n        .key-points {\n            background: white;\n            padding: 1.5rem;\n            border-radius: 10px;\n            margin: 1.5rem 0;\n            box-shadow: 0 3px 10px rgba(0,0,0,0.1);\n        }\n\n        .key-points ul {\n            list-style: none;\n            padding-left: 0;\n        }\n\n        .key-points li {\n            position: relative;\n            padding-left: 1.5rem;\n            margin-bottom: 0.5rem;\n        }\n\n        .key-points li::before {\n            content: '\u2713';\n            position: absolute;\n            left: 0;\n            color: var(--primary);\n            font-weight: bold;\n        }\n\n        .tip-box {\n            background: var(--yellow);\n            padding: 1.5rem;\n            border-radius: 10px;\n            margin: 1.5rem 0;\n            position: relative;\n        }\n\n        .tip-box-label {\n            background: var(--primary);\n            color: white;\n            padding: 0.3rem 0.8rem;\n            border-radius: 15px;\n            font-size: 0.8rem;\n            font-weight: 600;\n            position: absolute;\n            top: -10px;\n            left: 1rem;\n        }\n\n        .expert-box {\n            background: white;\n            border: 2px solid var(--primary);\n            border-radius: 15px;\n            margin: 2rem 0;\n            overflow: hidden;\n        }\n\n        .expert-box-label {\n            background: var(--primary);\n            color: white;\n            padding: 0.5rem 1rem;\n            font-weight: 600;\n            font-size: 0.9rem;\n        }\n\n        .expert-inner {\n            padding: 1.5rem;\n        }\n\n        .expert-inner-title {\n            color: var(--primary);\n            font-size: 1.1rem;\n            margin-bottom: 1rem;\n        }\n\n        .faq-list {\n            background: white;\n            border-radius: 15px;\n            padding: 2rem;\n            box-shadow: 0 5px 20px rgba(0,0,0,0.1);\n            margin: 2rem 0;\n        }\n\n        .faq-item {\n            border-bottom: 1px solid #eee;\n            margin-bottom: 1rem;\n        }\n\n        .faq-item:last-child {\n            border-bottom: none;\n        }\n\n        .faq-q {\n            display: flex;\n            justify-content: space-between;\n            align-items: center;\n            padding: 1rem 0;\n            cursor: pointer;\n            font-weight: 600;\n            color: var(--primary);\n        }\n\n        .faq-icon {\n            background: var(--primary);\n            color: white;\n            width: 25px;\n            height: 25px;\n            border-radius: 50%;\n            display: flex;\n            align-items: center;\n            justify-content: center;\n            font-size: 1.2rem;\n            transition: transform 0.3s ease;\n        }\n\n        .faq-item.open .faq-icon {\n            transform: rotate(45deg);\n        }\n\n        .faq-a {\n            padding-bottom: 1rem;\n            display: none;\n            color: var(--grey-dark);\n        }\n\n        .faq-item.open .faq-a {\n            display: block;\n        }\n\n        .cta-box {\n            background: linear-gradient(135deg, var(--primary) 0%, var(--primary-dark) 100%);\n            color: white;\n            padding: 2rem;\n            border-radius: 15px;\n            text-align: center;\n            margin: 3rem 0;\n        }\n\n        .cta-buttons {\n            margin-top: 1.5rem;\n            display: flex;\n            gap: 1rem;\n            justify-content: center;\n            flex-wrap: wrap;\n        }\n\n        .btn-white {\n            background: white;\n            color: var(--primary);\n            padding: 0.8rem 1.5rem;\n            border-radius: 25px;\n            text-decoration: none;\n            font-weight: 600;\n            transition: all 0.3s ease;\n        }\n\n        .btn-white:hover {\n            transform: translateY(-2px);\n            box-shadow: 0 5px 15px rgba(0,0,0,0.2);\n        }\n\n        .btn-outline {\n            background: transparent;\n            color: white;\n            border: 2px solid white;\n            padding: 0.8rem 1.5rem;\n            border-radius: 25px;\n            text-decoration: none;\n            font-weight: 600;\n            transition: all 0.3s ease;\n        }\n\n        .btn-outline:hover {\n            background: white;\n            color: var(--primary);\n        }\n\n        .article-tags {\n            margin-top: 3rem;\n            padding-top: 2rem;\n            border-top: 1px solid #eee;\n        }\n\n        .article-tag {\n            display: inline-block;\n            background: var(--grey-light);\n            color: var(--grey-dark);\n            padding: 0.5rem 1rem;\n            border-radius: 20px;\n            font-size: 0.85rem;\n            margin: 0.25rem;\n            text-decoration: none;\n            transition: all 0.3s ease;\n        }\n\n        .article-tag:hover {\n            background: var(--primary);\n            color: white;\n        }\n\n        @media (max-width: 768px) {\n            .article-hero h1 {\n                font-size: 2rem;\n            }\n            \n            .article-meta {\n                flex-direction: column;\n                gap: 1rem;\n                align-items: flex-start;\n            }\n            \n            .stats-grid {\n                grid-template-columns: 1fr;\n            }\n            \n            .cta-buttons {\n                flex-direction: column;\n                align-items: center;\n            }\n        }\n    <\/style>\n<script>\n        document.querySelectorAll('.faq-q').forEach(function(button) {\n            button.addEventListener('click', function() {\n                button.closest('.faq-item').classList.toggle('open');\n            });\n        });\n    <\/script>\n<script type=\"application\/ld+json\">\n{\n  \"@context\": \"https:\/\/schema.org\",\n  \"@graph\": [\n    {\n      \"@type\": \"Article\",\n      \"headline\": \"Le lien entre la motricit\u00e9 fine et l'apprentissage \u00e0 l'\u00e9cole\",\n      \"description\": \"\ud83d\udcc5 Avril 2026 \u23f1\ufe0f 15 min de lecture \ud83d\udc65 Parents & Enseignants \u2b50\u2b50\u2b50\u2b50\u2b50 4.8\/5\",\n      \"url\": \"https:\/\/www.dynseo.com\/le-lien-entre-la-motricite-fine-et-lapprentissage-a-lecole\/\",\n      \"datePublished\": \"2026-04-07\",\n      \"author\": {\n        \"@type\": \"Organization\",\n        \"name\": \"DYNSEO\",\n        \"url\": \"https:\/\/www.dynseo.com\"\n      },\n      \"publisher\": {\n        \"@type\": \"Organization\",\n        \"name\": \"DYNSEO\",\n        \"url\": \"https:\/\/www.dynseo.com\"\n      },\n      \"aggregateRating\": {\n        \"@type\": \"AggregateRating\",\n        \"ratingValue\": \"4.8\",\n        \"bestRating\": \"5\",\n        \"ratingCount\": \"47\"\n      }\n    },\n    {\n      \"@type\": \"WebPage\",\n      \"url\": \"https:\/\/www.dynseo.com\/le-lien-entre-la-motricite-fine-et-lapprentissage-a-lecole\/\",\n      \"name\": \"Le lien entre la motricit\u00e9 fine et l'apprentissage \u00e0 l'\u00e9cole\",\n      \"description\": \"\ud83d\udcc5 Avril 2026 \u23f1\ufe0f 15 min de lecture \ud83d\udc65 Parents & Enseignants \u2b50\u2b50\u2b50\u2b50\u2b50 4.8\/5\",\n      \"breadcrumb\": {\n        \"@type\": \"BreadcrumbList\",\n        \"itemListElement\": [\n          {\n            \"@type\": \"ListItem\",\n            \"position\": 1,\n            \"name\": \"Accueil\",\n            \"item\": \"https:\/\/www.dynseo.com\"\n          },\n          {\n            \"@type\": \"ListItem\",\n            \"position\": 2,\n            \"name\": \"Blog\",\n            \"item\": \"https:\/\/www.dynseo.com\/blog\/\"\n          },\n          {\n            \"@type\": \"ListItem\",\n            \"position\": 3,\n            \"name\": \"Le lien entre la motricit\u00e9 fine et l'apprentissage \u00e0 l'\u00e9cole\",\n            \"item\": \"https:\/\/www.dynseo.com\/le-lien-entre-la-motricite-fine-et-lapprentissage-a-lecole\/\"\n          }\n        ]\n      }\n    },\n    {\n      \"@type\": \"FAQPage\",\n      \"mainEntity\": [\n        {\n          \"@type\": \"Question\",\n          \"name\": \"\u00c0 quel \u00e2ge faut-il commencer \u00e0 stimuler la motricit\u00e9 fine ?\"\n        },\n        {\n          \"@type\": \"Question\",\n          \"name\": \"Comment reconna\u00eetre un trouble de la motricit\u00e9 fine chez un enfant ?\"\n        },\n        {\n          \"@type\": \"Question\",\n          \"name\": \"Les \u00e9crans peuvent-ils aider ou nuire au d\u00e9veloppement de la motricit\u00e9 fine ?\"\n        }\n      ]\n    }\n  ]\n}\n<\/script>\n<link rel=\"preconnect\" href=\"https:\/\/fonts.googleapis.com\">\n\n<section class=\"article-hero\">\n        <div class=\"article-hero-inner\">\n            <nav class=\"article-breadcrumb\">\n                <a href=\"\/\">Home<\/a> > <a href=\"\/blog\/\">Blog<\/a> > Motricit\u00e0 fine e apprendimento\n            <\/nav>\n            \n            <span class=\"article-category\">Sviluppo Cognitivo<\/span>\n            \n            <h1>Il legame tra la <span class=\"hl\">motricit\u00e0 fine<\/span> e l'apprendimento a scuola<\/h1>\n            \n            <div class=\"article-meta\">\n                <span>\ud83d\udcc5 Aprile 2026<\/span>\n                <span>\u23f1\ufe0f 15 min di lettura<\/span>\n                <span>\ud83d\udc65 Genitori & Insegnanti<\/span>\n                <span class=\"stars\">\u2b50\u2b50\u2b50\u2b50\u2b50 4.8\/5<\/span>\n            <\/div>\n        <\/div>\n        <div class=\"article-hero-curve\"><\/div>\n    <\/section>\n\n    <div class=\"article-body\">\n        <div class=\"container\">\n            <div class=\"intro-block\">\n                <p>Le competenze motorie fini sono molto pi\u00f9 di una semplice abilit\u00e0 manuale: costituiscono un vero e proprio pilastro dello sviluppo cognitivo e del successo scolastico. Queste competenze, che implicano la coordinazione precisa dei piccoli muscoli delle mani e delle dita, giocano un ruolo fondamentale nell'apprendimento accademico, dalla scrittura alla matematica passando per le attivit\u00e0 artistiche. La ricerca moderna rivela legami affascinanti tra la destrezza manuale e le prestazioni intellettuali, sottolineando l'importanza di uno sviluppo armonioso di queste capacit\u00e0 sin dalla pi\u00f9 tenera et\u00e0. Comprendere questa relazione consente a genitori e insegnanti di ottimizzare l'ambiente di apprendimento e di favorire il benessere globale di ogni bambino. Questo approccio olistico allo sviluppo riconosce che corpo e mente lavorano di concerto per costruire le fondamenta dell'apprendimento.<\/p>\n            <\/div>\n\n            <div class=\"stats-grid\">\n                <div class=\"stat-card\">\n                    <span class=\"number\">85%<\/span>\n                    <span class=\"label\">dei bambini migliorano la loro scrittura con un allenamento motorio adeguato<\/span>\n                <\/div>\n                <div class=\"stat-card\">\n                    <span class=\"number\">7 anni<\/span>\n                    <span class=\"label\">et\u00e0 critica per lo sviluppo motorio fine ottimale<\/span>\n                <\/div>\n                <div class=\"stat-card\">\n                    <span class=\"number\">30%<\/span>\n                    <span class=\"label\">di miglioramento delle prestazioni scolastiche con attivit\u00e0 mirate<\/span>\n                <\/div>\n<div class=\"stat-card\">\n                    <span class=\"number\">15 min<\/span>\n                    <span class=\"label\">di esercizi quotidiani sono sufficienti per progressi significativi<\/span>\n                <\/div>\n            <\/div>\n\n            <h2>1. Le fondamenta neurologici della motricit\u00e0 fine<\/h2>\n            <p>La motricit\u00e0 fine si basa su una rete complessa di connessioni neurologiche che si sviluppano progressivamente durante l'infanzia. Questa abilit\u00e0 implica la coordinazione precisa tra il sistema nervoso centrale, i muscoli delle mani e delle dita, cos\u00ec come i sistemi sensoriali. Il cervello elabora simultaneamente le informazioni visive, tattili e propriocettive per consentire movimenti precisi e controllati.<\/p>\n\n            <p>Le ricerche nelle neuroscienze rivelano che lo sviluppo della motricit\u00e0 fine stimola la mielinizzazione delle fibre nervose, accelerando cos\u00ec la trasmissione dei segnali tra le diverse aree cerebrali. Questo miglioramento della connettivit\u00e0 neuronale ha ripercussioni dirette sulle capacit\u00e0 cognitive, in particolare sulla memoria di lavoro, sull'attenzione sostenuta e sulle funzioni esecutive.<\/p>\n\n            <p>La corteccia motoria primaria e il cervelletto svolgono ruoli cruciali nell'apprendimento e nell'automazione dei gesti fini. Quando un bambino ripete movimenti precisi, come tracciare lettere o manipolare oggetti, queste strutture cerebrali creano \"mappe motorie\" che facilitano l'esecuzione futura di questi compiti. Questa plasticit\u00e0 neuronale spiega perch\u00e9 l'allenamento precoce della motricit\u00e0 fine ha benefici duraturi sull'apprendimento.<\/p>\n\n            <div class=\"conseil-card\">\n                <h4>\ud83d\udca1 Consiglio dell'esperto<\/h4>\n                <p>Il periodo ottimale per sviluppare la motricit\u00e0 fine si colloca tra i 3 e gli 8 anni, quando la plasticit\u00e0 cerebrale \u00e8 massima. Approfittate di questa finestra di sviluppo per proporre attivit\u00e0 varie e progressive.<\/p>\n            <\/div>\n<div class=\"key-points\">\n                <h4>Punti chiave dello sviluppo neurologico :<\/h4>\n                <ul>\n                    <li>La mielinizzazione si completa intorno ai 7-8 anni per i circuiti motori fini<\/li>\n                    <li>Ogni gesto ripetuto rafforza le connessioni sinaptiche<\/li>\n                    <li>L'integrazione sensoriale migliora la precisione gestuale<\/li>\n                    <li>Le aree premotorie pianificano le sequenze di movimenti<\/li>\n                <\/ul>\n            <\/div>\n\n            <h2>2. Impatto sull'acquisizione della scrittura e della lettura<\/h2>\n            <p>La scrittura rappresenta una delle competenze accademiche pi\u00f9 direttamente legate alla motricit\u00e0 fine. Tenere una matita, controllare la pressione esercitata sulla carta e coordinare i movimenti per formare lettere richiede una padronanza precisa dei muscoli intrinseci della mano. I bambini che presentano difficolt\u00e0 motorie fini faticano spesso ad automatizzare la scrittura, mobilitando un'attenzione cognitiva eccessiva a discapito del contenuto.<\/p>\n\n            <p>La ricerca dimostra che la qualit\u00e0 della scrittura a mano influisce direttamente sulla comprensione della lettura. Quando il bambino deve concentrare la propria attenzione sulla formazione delle lettere, dispone di meno risorse cognitive per elaborare il significato del testo. Al contrario, una scrittura fluida e automatizzata libera la mente per concentrarsi sulla creativit\u00e0 e sull'espressione delle idee.<\/p>\n\n            <p>Gli studi longitudinali rivelano che i bambini che beneficiano di un allenamento precoce della motricit\u00e0 fine sviluppano una scrittura pi\u00f9 leggibile e pi\u00f9 veloce, il che correla positivamente con le loro performance in ortografia e composizione scritta. Questa relazione si spiega con il rafforzamento delle rappresentazioni visuomotorie delle lettere nella memoria a lungo termine.<\/p>\n\n            <div class=\"expert-box\">\n                <div class=\"expert-box-label\">\ud83d\udc68\u200d\ud83d\udd2c Esperienza DYNSEO<\/div>\n                <div class=\"expert-inner\">\n                    <h4 class=\"expert-inner-title\">L'approccio digitale complementare<\/h4>\n                    <p>Le applicazioni come <a href=\"https:\/\/www.dynseo.com\/it\/version-coco\/\" target=\"_blank\">COCO PENSA e COCO SI MUOVE<\/a> propongono esercizi di tracciamento interattivi che rafforzano le competenze grafomotorie mantenendo l'impegno del bambino. Questi strumenti tecnologici completano efficacemente l'apprendimento tradizionale del gesto di scrittura.<\/p>\n                <\/div>\n            <\/div>\n\n            <div class=\"tip-box\">\n<div class=\"tip-box-label\">\ud83d\udca1 Astuce pratique<\/div>\n                <p>Alternez entre l'\u00e9criture sur papier et les activit\u00e9s num\u00e9riques pour d\u00e9velopper une motricit\u00e9 fine compl\u00e8te. L'important est de maintenir un \u00e9quilibre entre supports traditionnels et nouvelles technologies.<\/p>\n            <\/div>\n\n            <h2>3. Relation avec les comp\u00e9tences math\u00e9matiques<\/h2>\n            <p>Les math\u00e9matiques, contrairement aux id\u00e9es re\u00e7ues, s'appuient largement sur la motricit\u00e9 fine \u00e0 travers la manipulation d'objets, le trac\u00e9 de figures g\u00e9om\u00e9triques et la r\u00e9solution de probl\u00e8mes visuospatiaux. Les enfants qui ma\u00eetrisent bien leurs gestes fins comprennent plus facilement les concepts de quantit\u00e9, d'espace et de mesure gr\u00e2ce aux exp\u00e9riences concr\u00e8tes de manipulation.<\/p>\n\n            <p>L'utilisation de mat\u00e9riel de manipulation comme les cubes, les r\u00e9glettes ou les formes g\u00e9om\u00e9triques d\u00e9veloppe simultan\u00e9ment la dext\u00e9rit\u00e9 manuelle et la compr\u00e9hension math\u00e9matique. Ces activit\u00e9s permettent aux enfants d'int\u00e9rioriser les concepts abstraits en passant par l'exp\u00e9rience sensorimotrice, cr\u00e9ant des bases solides pour l'apprentissage ult\u00e9rieur.<\/p>\n\n            <p>Les recherches montrent que les enfants qui b\u00e9n\u00e9ficient d'activit\u00e9s manuelles structur\u00e9es d\u00e9veloppent une meilleure repr\u00e9sentation mentale des nombres et des relations spatiales. Cette capacit\u00e9 de visualisation constitue un atout majeur pour la r\u00e9solution de probl\u00e8mes complexes et la g\u00e9om\u00e9trie avanc\u00e9e.<\/p>\n\n            <div class=\"conseil-card\">\n                <h4>\ud83c\udfaf Activit\u00e9s recommand\u00e9es<\/h4>\n                <p>Proposez r\u00e9guli\u00e8rement des jeux de construction, des puzzles et des activit\u00e9s de tri pour renforcer simultan\u00e9ment la motricit\u00e9 fine et les concepts math\u00e9matiques fondamentaux.<\/p>\n            <\/div>\n\n            <h2>4. D\u00e9veloppement de l'autonomie et de la confiance en soi<\/h2>\n            <p>La ma\u00eetrise de la motricit\u00e9 fine contribue significativement au d\u00e9veloppement de l'autonomie chez l'enfant. Pouvoir s'habiller seul, utiliser correctement les couverts ou r\u00e9aliser des t\u00e2ches quotidiennes renforce le sentiment de comp\u00e9tence et l'estime de soi. Cette autonomie grandissante se traduit par une plus grande motivation \u00e0 apprendre et \u00e0 relever de nouveaux d\u00e9fis acad\u00e9miques.<\/p>\n\n            <p>Les enfants qui peinent avec leurs gestes fins peuvent d\u00e9velopper des strat\u00e9gies d'\u00e9vitement face aux t\u00e2ches scolaires, cr\u00e9ant un cercle vicieux de d\u00e9motivation et de retard dans les apprentissages. \u00c0 l'inverse, ceux qui ma\u00eetrisent bien leurs mouvements manifestent davantage de pers\u00e9v\u00e9rance et de confiance face aux difficult\u00e9s.<\/p>\n\n            <p>L'impact psychologique de la motricit\u00e9 fine ne doit pas \u00eatre sous-estim\u00e9. Les enfants comparent naturellement leurs productions \u00e0 celles de leurs pairs, et des difficult\u00e9s motrices peuvent engendrer des sentiments d'inf\u00e9riorit\u00e9 ou de frustration. Il est donc essentiel d'accompagner chaque enfant selon son rythme et de valoriser ses progr\u00e8s, m\u00eame modestes.<\/p>\n\n            \n<div class=\"key-points\">\n                <h4>Indicateurs d'autonomie motrice fine :<\/h4>\n                <ul>\n                    <li>Capacit\u00e9 \u00e0 s'habiller sans aide vers 5-6 ans<\/li>\n                    <li>Utilisation autonome des ciseaux et de la colle<\/li>\n                    <li>\u00c9criture de son pr\u00e9nom sans mod\u00e8le<\/li>\n                    <li>Manipulation pr\u00e9cise d'objets de taille r\u00e9duite<\/li>\n                    <li>R\u00e9alisation de dessins d\u00e9taill\u00e9s et organis\u00e9s<\/li>\n                <\/ul>\n            <\/div>\n\n            <h2>5. Activit\u00e9s cr\u00e9atives et expression artistique<\/h2>\n            <p>Les activit\u00e9s artistiques offrent un terrain privil\u00e9gi\u00e9 pour d\u00e9velopper la motricit\u00e9 fine tout en stimulant la cr\u00e9ativit\u00e9 et l'expression personnelle. Le dessin, la peinture, la sculpture et les activit\u00e9s manuelles sollicitent diff\u00e9rents groupes musculaires et types de coordination, enrichissant le r\u00e9pertoire moteur de l'enfant.<\/p>\n\n            <p>La pratique artistique d\u00e9veloppe particuli\u00e8rement la coordination \u0153il-main, essentielle pour de nombreux apprentissages scolaires. Lorsqu'un enfant peint ou dessine, il doit coordonner ses perceptions visuelles avec ses gestes, affinant progressivement sa capacit\u00e9 \u00e0 traduire ses intentions en actions pr\u00e9cises.<\/p>\n\n            <p>Les recherches d\u00e9montrent que les enfants pratiquant r\u00e9guli\u00e8rement des activit\u00e9s artistiques d\u00e9veloppent une meilleure conscience spatiale et une plus grande fluidit\u00e9 gestuelle. Ces comp\u00e9tences se transf\u00e8rent positivement vers l'\u00e9criture, les math\u00e9matiques et m\u00eame les sciences, o\u00f9 la repr\u00e9sentation graphique joue un r\u00f4le important.<\/p>\n\n            <div class=\"expert-box\">\n                <div class=\"expert-box-label\">\ud83c\udfa8 Expertise cr\u00e9ative<\/div>\n                <div class=\"expert-inner\">\n                    <h4 class=\"expert-inner-title\">Progression artistique et motrice<\/h4>\n                    <p>Commencez par des activit\u00e9s de gribouillage libre, progressez vers le coloriage dans des formes simples, puis introduisez le d\u00e9coupage et le collage. Cette progression respecte le d\u00e9veloppement naturel de la motricit\u00e9 fine.<\/p>\n                <\/div>\n            <\/div>\n\n            <div class=\"tip-box\">\n                <div class=\"tip-box-label\">\ud83d\udd8c\ufe0f Mat\u00e9riel conseill\u00e9<\/div>\n                <p>Variez les outils : crayons gras, feutres, pinceaux de diff\u00e9rentes tailles, pastels. Chaque outil sollicite la motricit\u00e9 fine diff\u00e9remment et enrichit l'exp\u00e9rience sensorielle de l'enfant.<\/p>\n            <\/div>\n\n            <h2>6. Identification et accompagnement des troubles moteurs<\/h2>\n            <p>Certains enfants pr\u00e9sentent des troubles du d\u00e9veloppement de la coordination (dyspraxie) qui affectent significativement leur motricit\u00e9 fine. Ces difficult\u00e9s peuvent se manifester par une \u00e9criture laborieuse, des difficult\u00e9s \u00e0 manipuler les outils scolaires ou des probl\u00e8mes d'organisation spatiale dans les cahiers.<\/p>\n\n            <p>L'identification pr\u00e9coce de ces troubles est cruciale pour mettre en place des adaptations p\u00e9dagogiques appropri\u00e9es. Les signes d'alerte incluent une fatigue excessive lors de l'\u00e9criture, une \u00e9vitement des activit\u00e9s manuelles, une lenteur marqu\u00e9e dans l'ex\u00e9cution des gestes fins ou une variabilit\u00e9 importante dans la qualit\u00e9 des productions.<\/p>\n\n            <p>L'accompagnement de ces enfants n\u00e9cessite une approche multidisciplinaire impliquant enseignants, parents, ergoth\u00e9rapeutes et parfois psychomotriciens. Des am\u00e9nagements simples comme l'utilisation d'outils ergonomiques, la r\u00e9duction de la quantit\u00e9 d'\u00e9crit ou l'autorisation d'utiliser un ordinateur peuvent consid\u00e9rablement am\u00e9liorer le quotidien scolaire de ces \u00e9l\u00e8ves.<\/p>\n\n            \n<div class=\"conseil-card\">\n                <h4>\ud83d\udd0d Signaux d'alerte<\/h4>\n                <p>Soyez attentifs \u00e0 la fatigue excessive, aux difficult\u00e9s persistantes avec les ciseaux, \u00e0 l'\u00e9vitement des activit\u00e9s manuelles ou aux probl\u00e8mes de tenue de crayon malgr\u00e9 un apprentissage adapt\u00e9.<\/p>\n            <\/div>\n\n            <h2>7. Strat\u00e9gies p\u00e9dagogiques innovantes<\/h2>\n            <p>L'int\u00e9gration efficace du d\u00e9veloppement moteur fin dans les apprentissages scolaires n\u00e9cessite des strat\u00e9gies p\u00e9dagogiques cr\u00e9atives et adapt\u00e9es. Les enseignants peuvent transformer les le\u00e7ons traditionnelles en activit\u00e9s multimodales qui engagent simultan\u00e9ment la motricit\u00e9 et la cognition, cr\u00e9ant des exp\u00e9riences d'apprentissage plus riches et m\u00e9morables.<\/p>\n\n            <p>La gamification des exercices moteurs repr\u00e9sente une approche particuli\u00e8rement efficace pour maintenir la motivation des \u00e9l\u00e8ves. En transformant les exercices d'\u00e9criture en jeux, en cr\u00e9ant des d\u00e9fis de construction ou en organisant des ateliers artistiques th\u00e9matiques, les enseignants peuvent d\u00e9velopper les comp\u00e9tences motrices dans un contexte ludique et engageant.<\/p>\n\n            <p>L'apprentissage coop\u00e9ratif offre \u00e9galement des opportunit\u00e9s uniques pour d\u00e9velopper la motricit\u00e9 fine. Les projets de groupe impliquant des manipulations, des constructions ou des cr\u00e9ations artistiques permettent aux enfants d'apprendre les uns des autres tout en perfectionnant leurs gestes fins dans un contexte social motivant.<\/p>\n\n            <div class=\"key-points\">\n                <h4>Techniques p\u00e9dagogiques efficaces :<\/h4>\n                <ul>\n                    <li>Int\u00e9gration d'activit\u00e9s manuelles dans toutes les mati\u00e8res<\/li>\n                    <li>Utilisation de supports vari\u00e9s (sable, p\u00e2te, tableaux verticaux)<\/li>\n                    <li>Alternance entre activit\u00e9s fines et globales<\/li>\n                    <li>\u00c9valuation formative des progr\u00e8s moteurs<\/li>\n                    <li>Adaptation du mat\u00e9riel aux besoins individuels<\/li>\n                <\/ul>\n            <\/div>\n\n            <h2>8. Le r\u00f4le crucial des parents dans le d\u00e9veloppement<\/h2>\n            <p>Les parents jouent un r\u00f4le fondamental dans le d\u00e9veloppement de la motricit\u00e9 fine de leur enfant, bien avant l'entr\u00e9e \u00e0 l'\u00e9cole. Les activit\u00e9s quotidiennes offrent de nombreuses opportunit\u00e9s d'entra\u00eenement naturel : pr\u00e9parer la cuisine, jardiner, bricoler ou simplement jouer avec des objets de diff\u00e9rentes tailles et textures.<\/p>\n\n            <p>L'attitude parentale face aux difficult\u00e9s motrices influence consid\u00e9rablement la motivation de l'enfant. Encourager les tentatives plut\u00f4t que de se concentrer sur les r\u00e9sultats, valoriser les progr\u00e8s m\u00eame minimes et maintenir une atmosph\u00e8re positive lors des activit\u00e9s manuelles contribuent au d\u00e9veloppement d'une relation saine avec l'apprentissage.<\/p>\n\n            <p>La collaboration entre parents et enseignants s'av\u00e8re essentielle pour assurer une continuit\u00e9 dans le d\u00e9veloppement moteur. Partager les observations, coordonner les exercices et maintenir une coh\u00e9rence dans les approches p\u00e9dagogiques maximisent les b\u00e9n\u00e9fices pour l'enfant.<\/p>\n\n            <div class=\"expert-box\">\n                <div class=\"expert-box-label\">\ud83d\udc68\u200d\ud83d\udc69\u200d\ud83d\udc67\u200d\ud83d\udc66 Guide parental<\/div>\n                \n<div class=\"expert-inner\">\n                    <h4 class=\"expert-inner-title\">Activit\u00e9s familiales enrichissantes<\/h4>\n                    <p>Transformez les t\u00e2ches m\u00e9nag\u00e8res en opportunit\u00e9s d'apprentissage : pliage du linge, pr\u00e9paration des repas, jardinage. Ces activit\u00e9s naturelles d\u00e9veloppent la motricit\u00e9 fine dans un contexte significatif et motivant pour l'enfant.<\/p>\n                <\/div>\n            <\/div>\n\n            <h2>9. Technologies \u00e9ducatives et motricit\u00e9 fine<\/h2>\n            <p>L'\u00e9volution technologique offre de nouvelles possibilit\u00e9s pour d\u00e9velopper la motricit\u00e9 fine de mani\u00e8re innovante et engageante. Les tablettes tactiles, par exemple, permettent des exercices de tra\u00e7age interactifs qui fournissent un feedback imm\u00e9diat et adaptatif, particuli\u00e8rement b\u00e9n\u00e9fique pour les enfants ayant des difficult\u00e9s d'apprentissage.<\/p>\n\n            <p>Cependant, l'utilisation de la technologie doit rester compl\u00e9mentaire aux activit\u00e9s traditionnelles de manipulation d'objets r\u00e9els. Les \u00e9crans tactiles sollicitent la motricit\u00e9 fine diff\u00e9remment du papier et du crayon, et ne peuvent remplacer compl\u00e8tement l'exp\u00e9rience sensorielle riche offerte par les mat\u00e9riaux traditionnels.<\/p>\n\n            <p>Les applications \u00e9ducatives comme <a href=\"https:\/\/www.dynseo.com\/version-coco\/\" target=\"_blank\">COCO PENSE et COCO BOUGE<\/a> int\u00e8grent intelligemment le d\u00e9veloppement moteur dans des activit\u00e9s cognitives vari\u00e9es. Le principe des pauses sportives obligatoires toutes les 15 minutes favorise un d\u00e9veloppement \u00e9quilibr\u00e9 entre motricit\u00e9 fine et globale, \u00e9vitant la surcharge cognitive et maintenant l'engagement de l'enfant.<\/p>\n\n            <div class=\"tip-box\">\n                <div class=\"tip-box-label\">\ud83d\udcf1 Usage \u00e9quilibr\u00e9<\/div>\n                <p>Limitez le temps d'\u00e9cran \u00e0 30-45 minutes par jour pour les activit\u00e9s \u00e9ducatives, en alternant avec des manipulations d'objets r\u00e9els. Cette approche hybride optimise les b\u00e9n\u00e9fices de chaque support.<\/p>\n            <\/div>\n\n            <h2>10. \u00c9valuation et suivi des progr\u00e8s<\/h2>\n            <p>L'\u00e9valuation des comp\u00e9tences motrices fines n\u00e9cessite une approche multidimensionnelle qui prend en compte la pr\u00e9cision, la fluidit\u00e9, la vitesse et l'endurance. Les grilles d'observation standardis\u00e9es permettent aux enseignants et aux parents de suivre objectivement les progr\u00e8s et d'identifier les domaines n\u00e9cessitant un soutien particulier.<\/p>\n\n            <p>Les portfolios de travaux constituent un outil d'\u00e9valuation particuli\u00e8rement riche, permettant de documenter l'\u00e9volution des productions de l'enfant au fil du temps. Comparer les dessins, les \u00e9critures et les r\u00e9alisations manuelles sur plusieurs mois r\u00e9v\u00e8le des progr\u00e8s souvent imperceptibles au quotidien mais significatifs sur le long terme.<\/p>\n\n            <p>L'auto-\u00e9valuation peut \u00e9galement \u00eatre introduite progressivement, permettant aux enfants de d\u00e9velopper une conscience m\u00e9tacognitive de leurs comp\u00e9tences motrices. Cette r\u00e9flexion sur ses propres capacit\u00e9s favorise l'autor\u00e9gulation et la motivation intrins\u00e8que \u00e0 progresser.<\/p>\n\n            \n<div class=\"conseil-card\">\n                <h4>\ud83d\udcca Outils d'\u00e9valuation recommand\u00e9s<\/h4>\n                <p>Utilisez des grilles simples avec crit\u00e8res visuels (smileys, couleurs) pour que l'enfant puisse participer \u00e0 l'\u00e9valuation de ses progr\u00e8s et d\u00e9velopper sa capacit\u00e9 d'auto-observation.<\/p>\n            <\/div>\n\n            <h2>11. Pr\u00e9vention et intervention pr\u00e9coce<\/h2>\n            <p>La pr\u00e9vention des difficult\u00e9s motrices fines commence d\u00e8s la petite enfance par la proposition d'activit\u00e9s vari\u00e9es et adapt\u00e9es au d\u00e9veloppement de l'enfant. Les professionnels de la petite enfance jouent un r\u00f4le crucial dans le d\u00e9pistage pr\u00e9coce des retards de d\u00e9veloppement et l'orientation vers des prises en charge sp\u00e9cialis\u00e9es si n\u00e9cessaire.<\/p>\n\n            <p>Les programmes d'intervention pr\u00e9coce montrent une efficacit\u00e9 remarquable lorsqu'ils sont mis en place avant l'\u00e2ge de 6 ans. Ces interventions, souvent ludiques et int\u00e9gr\u00e9es dans les activit\u00e9s quotidiennes, peuvent consid\u00e9rablement am\u00e9liorer le pronostic d\u00e9veloppemental de l'enfant et pr\u00e9venir l'installation de difficult\u00e9s d'apprentissage secondaires.<\/p>\n\n            <p>La formation des professionnels de l'\u00e9ducation \u00e0 l'observation et \u00e0 la stimulation de la motricit\u00e9 fine repr\u00e9sente un enjeu majeur de sant\u00e9 publique. Des enseignants mieux form\u00e9s peuvent identifier plus pr\u00e9cocement les difficult\u00e9s et adapter leur p\u00e9dagogie pour soutenir efficacement chaque enfant.<\/p>\n\n            <div class=\"expert-box\">\n                <div class=\"expert-box-label\">\ud83d\udd2c Recherche scientifique<\/div>\n                <div class=\"expert-inner\">\n                    <h4 class=\"expert-inner-title\">Fen\u00eatres critiques de d\u00e9veloppement<\/h4>\n                    <p>Les neurosciences identifient des p\u00e9riodes sensibles o\u00f9 le cerveau est particuli\u00e8rement r\u00e9ceptif aux stimulations motrices. Optimiser ces fen\u00eatres d\u00e9veloppementales maximise l'efficacit\u00e9 des interventions p\u00e9dagogiques et th\u00e9rapeutiques.<\/p>\n                <\/div>\n            <\/div>\n\n            <h2>12. Perspectives futures et innovations<\/h2>\n            <p>L'avenir du d\u00e9veloppement de la motricit\u00e9 fine s'oriente vers des approches de plus en plus personnalis\u00e9es et technologiquement assist\u00e9es. L'intelligence artificielle permettra bient\u00f4t d'adapter en temps r\u00e9el les exercices au niveau et aux besoins sp\u00e9cifiques de chaque enfant, optimisant l'efficacit\u00e9 des entra\u00eenements.<\/p>\n\n            <p>La r\u00e9alit\u00e9 augment\u00e9e ouvre des perspectives fascinantes pour l'apprentissage moteur, permettant de superposer des guides visuels aux gestes r\u00e9els de l'enfant. Ces technologies immersives pourraient r\u00e9volutionner l'enseignement de l'\u00e9criture et des activit\u00e9s manuelles complexes.<\/p>\n\n            <p>La recherche continue de r\u00e9v\u00e9ler de nouveaux liens entre motricit\u00e9 fine et d\u00e9veloppement cognitif, ouvrant des pistes d'intervention innovantes. L'int\u00e9gration croissante des neurosciences dans les pratiques \u00e9ducatives promet des approches p\u00e9dagogiques toujours plus efficaces et respectueuses du d\u00e9veloppement naturel de l'enfant.<\/p>\n\n            <div class=\"tip-box\">\n                <div class=\"tip-box-label\">\ud83d\ude80 Innovation DYNSEO<\/div>\n                <p>Les futures versions de <a href=\"https:\/\/www.dynseo.com\/version-coco\/\" target=\"_blank\">COCO PENSE et COCO BOUGE<\/a> int\u00e9greront des capteurs de mouvement pour analyser pr\u00e9cis\u00e9ment les gestes de l'enfant et proposer des exercices personnalis\u00e9s en temps r\u00e9el.<\/p>\n            <\/div>\n\n            <div class=\"faq-list\">\n                <h3>Questions fr\u00e9quemment pos\u00e9es<\/h3>\n                \n                <div class=\"faq-item\">\n                    <div class=\"faq-q\">\n                        <span>\u00c0 quel \u00e2ge faut-il commencer \u00e0 stimuler la motricit\u00e9 fine ?<\/span>\n                        <span class=\"faq-icon\">+<\/span>\n                    <\/div>\n                    \n<div class=\"faq-a\">\n                        <p>La stimulation de la motricit\u00e9 fine peut commencer d\u00e8s les premiers mois de vie avec des activit\u00e9s adapt\u00e9es comme la manipulation d'objets de diff\u00e9rentes textures. Vers 2-3 ans, des activit\u00e9s plus structur\u00e9es peuvent \u00eatre propos\u00e9es. La p\u00e9riode optimale pour un d\u00e9veloppement intensif se situe entre 3 et 8 ans, pendant laquelle la plasticit\u00e9 c\u00e9r\u00e9brale est maximale.<\/p>\n                    <\/div>\n                <\/div>\n\n                <div class=\"faq-item\">\n                    <div class=\"faq-q\">\n                        <span>Comment reconna\u00eetre un trouble de la motricit\u00e9 fine chez un enfant ?<\/span>\n                        <span class=\"faq-icon\">+<\/span>\n                    <\/div>\n                    <div class=\"faq-a\">\n                        <p>Les signes d'alerte incluent : difficult\u00e9s persistantes \u00e0 tenir un crayon malgr\u00e9 l'apprentissage, \u00e9criture tr\u00e8s laborieuse et illisible, \u00e9vitement des activit\u00e9s manuelles, fatigue excessive lors des t\u00e2ches fines, difficult\u00e9s \u00e0 utiliser les ciseaux ou \u00e0 manipuler de petits objets. Si ces difficult\u00e9s persistent au-del\u00e0 de 6 ans, une \u00e9valuation professionnelle est recommand\u00e9e.<\/p>\n                    <\/div>\n                <\/div>\n\n                <div class=\"faq-item\">\n                    <div class=\"faq-q\">\n                        <span>Les \u00e9crans peuvent-ils aider ou nuire au d\u00e9veloppement de la motricit\u00e9 fine ?<\/span>\n                        <span class=\"faq-icon\">+<\/span>\n                    <\/div>\n                    <div class=\"faq-a\">\n                        <p>Les \u00e9crans tactiles peuvent contribuer au d\u00e9veloppement de certains aspects de la motricit\u00e9 fine, notamment la coordination \u0153il-doigt. Cependant, ils ne remplacent pas la manipulation d'objets r\u00e9els qui offre une exp\u00e9rience sensorielle plus riche. L'id\u00e9al est d'utiliser les outils num\u00e9riques en compl\u00e9ment des activit\u00e9s traditionnelles, avec des pauses r\u00e9guli\u00e8res comme le propose COCO PENSE et COCO BOUGE.<\/p>\n                    <\/div>\n                <\/div>\n\n                <div class=\"faq-item\">\n                    <div class=\"faq-q\">\n                        <span>Combien de temps par jour faut-il consacrer aux activit\u00e9s de motricit\u00e9 fine ?<\/span>\n                        <span class=\"faq-icon\">+<\/span>\n                    <\/div>\n                    <div class=\"faq-a\">\n                        <p>Pour un d\u00e9veloppement optimal, 15 \u00e0 30 minutes d'activit\u00e9s cibl\u00e9es par jour sont suffisantes, r\u00e9parties en plusieurs courtes sessions. L'important est la r\u00e9gularit\u00e9 plut\u00f4t que la dur\u00e9e. Les activit\u00e9s peuvent \u00eatre int\u00e9gr\u00e9es naturellement dans la routine quotidienne : habillage, repas, jeux, devoirs.<\/p>\n                    <\/div>\n                <\/div>\n\n                <div class=\"faq-item\">\n                    <div class=\"faq-q\">\n                        <span>Quels mat\u00e9riaux sont les plus efficaces pour d\u00e9velopper la motricit\u00e9 fine ?<\/span>\n                        <span class=\"faq-icon\">+<\/span>\n                    <\/div>\n                    <div class=\"faq-a\">\n                        <p>Les mat\u00e9riaux les plus efficaces sont ceux qui offrent une vari\u00e9t\u00e9 de textures et de r\u00e9sistances : p\u00e2te \u00e0 modeler, perles de diff\u00e9rentes tailles, puzzles, ciseaux adapt\u00e9s, pinceaux vari\u00e9s, construction type Lego, objets \u00e0 visser\/d\u00e9visser. La diversit\u00e9 des supports stimule diff\u00e9rents aspects de la motricit\u00e9 fine et maintient l'int\u00e9r\u00eat de l'enfant.<\/p>\n                    <\/div>\n                    <\/div>\n                <\/div>\n\n            <div class=\"cta-box\">\n                <h3>D\u00e9veloppez la motricit\u00e9 fine de votre enfant avec COCO<\/h3>\n                <p>D\u00e9couvrez une approche innovante qui combine stimulation cognitive et motrice avec des pauses sportives obligatoires toutes les 15 minutes. COCO PENSE et COCO BOUGE accompagne le d\u00e9veloppement harmonieux de votre enfant.<\/p>\n                \n<div class=\"cta-buttons\">\n                    <a href=\"https:\/\/www.dynseo.com\/version-coco\/\" class=\"btn-white\">Essayer COCO gratuitement<\/a>\n                    <a href=\"https:\/\/www.dynseo.com\/version-coco\/\" class=\"btn-outline\">En savoir plus<\/a>\n                <\/div>\n            <\/div>\n\n            <div class=\"article-tags\">\n                <h4>Mots-cl\u00e9s :<\/h4>\n                <a href=\"#\" class=\"article-tag\">Motricit\u00e9 fine<\/a>\n                <a href=\"#\" class=\"article-tag\">D\u00e9veloppement cognitif<\/a>\n                <a href=\"#\" class=\"article-tag\">Apprentissage scolaire<\/a>\n                <a href=\"#\" class=\"article-tag\">\u00c9criture enfant<\/a>\n                <a href=\"#\" class=\"article-tag\">Activit\u00e9s manuelles<\/a>\n                <a href=\"#\" class=\"article-tag\">Coordination \u0153il-main<\/a>\n                <a href=\"#\" class=\"article-tag\">Dyspraxie<\/a>\n                <a href=\"#\" class=\"article-tag\">P\u00e9dagogie innovante<\/a>\n                <a href=\"#\" class=\"article-tag\">Technologies \u00e9ducatives<\/a>\n                <a href=\"#\" class=\"article-tag\">COCO<\/a>\n            <\/div>\n        <\/div>\n    <\/div>\n\n    \n[\/et_pb_code][\/et_pb_column][\/et_pb_row][\/et_pb_section]","_et_gb_content_width":"","footnotes":""},"categories":[2915],"tags":[],"class_list":["post-562623","post","type-post","status-publish","format-standard","has-post-thumbnail","hentry","category-les-conseils-des-coachs"],"yoast_head":"<!-- This site is optimized with the Yoast SEO plugin v27.4 - https:\/\/yoast.com\/product\/yoast-seo-wordpress\/ -->\n<title>Le lien entre la motricit\u00e9 fine et l&#039;apprentissage \u00e0 l&#039;\u00e9cole - DYNSEO - App educativa e giochi di memoria<\/title>\n<meta name=\"robots\" content=\"index, follow, max-snippet:-1, max-image-preview:large, max-video-preview:-1\" \/>\n<link rel=\"canonical\" href=\"https:\/\/www.dynseo.com\/it\/le-lien-entre-la-motricite-fine-et-lapprentissage-a-lecole-2\/\" \/>\n<meta property=\"og:locale\" content=\"it_IT\" \/>\n<meta property=\"og:type\" content=\"article\" \/>\n<meta property=\"og:title\" content=\"Le lien entre la motricit\u00e9 fine et l&#039;apprentissage \u00e0 l&#039;\u00e9cole - DYNSEO - App educativa e giochi di memoria\" \/>\n<meta property=\"og:url\" content=\"https:\/\/www.dynseo.com\/it\/le-lien-entre-la-motricite-fine-et-lapprentissage-a-lecole-2\/\" \/>\n<meta property=\"og:site_name\" content=\"DYNSEO - App educativa e giochi di memoria\" \/>\n<meta property=\"article:published_time\" content=\"2026-04-26T11:59:13+00:00\" \/>\n<meta property=\"article:modified_time\" content=\"2026-04-26T12:00:08+00:00\" \/>\n<meta property=\"og:image\" content=\"https:\/\/www.dynseo.com\/wp-content\/uploads\/2022\/02\/jeu-educatif-top-kids-ecole-primaire-concours-scaled.jpg\" \/>\n\t<meta property=\"og:image:width\" content=\"2560\" \/>\n\t<meta property=\"og:image:height\" content=\"1440\" \/>\n\t<meta property=\"og:image:type\" content=\"image\/jpeg\" \/>\n<meta name=\"author\" content=\"DYNSEO\" \/>\n<meta name=\"twitter:label1\" content=\"Scritto da\" \/>\n\t<meta name=\"twitter:data1\" content=\"DYNSEO\" \/>\n\t<meta name=\"twitter:label2\" content=\"Tempo di lettura stimato\" \/>\n\t<meta name=\"twitter:data2\" content=\"16 minuti\" \/>\n<script type=\"application\/ld+json\" class=\"yoast-schema-graph\">{\"@context\":\"https:\\\/\\\/schema.org\",\"@graph\":[{\"@type\":\"Article\",\"@id\":\"https:\\\/\\\/www.dynseo.com\\\/it\\\/le-lien-entre-la-motricite-fine-et-lapprentissage-a-lecole-2\\\/#article\",\"isPartOf\":{\"@id\":\"https:\\\/\\\/www.dynseo.com\\\/it\\\/le-lien-entre-la-motricite-fine-et-lapprentissage-a-lecole-2\\\/\"},\"author\":{\"name\":\"DYNSEO\",\"@id\":\"https:\\\/\\\/www.dynseo.com\\\/it\\\/#\\\/schema\\\/person\\\/78ef63df2ee64e0989bc68f8401b38d6\"},\"headline\":\"Le lien entre la motricit\u00e9 fine et l&#8217;apprentissage \u00e0 l&#8217;\u00e9cole\",\"datePublished\":\"2026-04-26T11:59:13+00:00\",\"dateModified\":\"2026-04-26T12:00:08+00:00\",\"mainEntityOfPage\":{\"@id\":\"https:\\\/\\\/www.dynseo.com\\\/it\\\/le-lien-entre-la-motricite-fine-et-lapprentissage-a-lecole-2\\\/\"},\"wordCount\":3346,\"publisher\":{\"@id\":\"https:\\\/\\\/www.dynseo.com\\\/it\\\/#organization\"},\"image\":{\"@id\":\"https:\\\/\\\/www.dynseo.com\\\/it\\\/le-lien-entre-la-motricite-fine-et-lapprentissage-a-lecole-2\\\/#primaryimage\"},\"thumbnailUrl\":\"https:\\\/\\\/www.dynseo.com\\\/wp-content\\\/uploads\\\/2022\\\/02\\\/jeu-educatif-top-kids-ecole-primaire-concours-scaled.jpg\",\"articleSection\":[\"Les conseils des coachs\"],\"inLanguage\":\"it-IT\"},{\"@type\":\"WebPage\",\"@id\":\"https:\\\/\\\/www.dynseo.com\\\/it\\\/le-lien-entre-la-motricite-fine-et-lapprentissage-a-lecole-2\\\/\",\"url\":\"https:\\\/\\\/www.dynseo.com\\\/it\\\/le-lien-entre-la-motricite-fine-et-lapprentissage-a-lecole-2\\\/\",\"name\":\"Le lien entre la motricit\u00e9 fine et l'apprentissage \u00e0 l'\u00e9cole - DYNSEO - App educativa e giochi di memoria\",\"isPartOf\":{\"@id\":\"https:\\\/\\\/www.dynseo.com\\\/it\\\/#website\"},\"primaryImageOfPage\":{\"@id\":\"https:\\\/\\\/www.dynseo.com\\\/it\\\/le-lien-entre-la-motricite-fine-et-lapprentissage-a-lecole-2\\\/#primaryimage\"},\"image\":{\"@id\":\"https:\\\/\\\/www.dynseo.com\\\/it\\\/le-lien-entre-la-motricite-fine-et-lapprentissage-a-lecole-2\\\/#primaryimage\"},\"thumbnailUrl\":\"https:\\\/\\\/www.dynseo.com\\\/wp-content\\\/uploads\\\/2022\\\/02\\\/jeu-educatif-top-kids-ecole-primaire-concours-scaled.jpg\",\"datePublished\":\"2026-04-26T11:59:13+00:00\",\"dateModified\":\"2026-04-26T12:00:08+00:00\",\"breadcrumb\":{\"@id\":\"https:\\\/\\\/www.dynseo.com\\\/it\\\/le-lien-entre-la-motricite-fine-et-lapprentissage-a-lecole-2\\\/#breadcrumb\"},\"inLanguage\":\"it-IT\",\"potentialAction\":[{\"@type\":\"ReadAction\",\"target\":[\"https:\\\/\\\/www.dynseo.com\\\/it\\\/le-lien-entre-la-motricite-fine-et-lapprentissage-a-lecole-2\\\/\"]}]},{\"@type\":\"ImageObject\",\"inLanguage\":\"it-IT\",\"@id\":\"https:\\\/\\\/www.dynseo.com\\\/it\\\/le-lien-entre-la-motricite-fine-et-lapprentissage-a-lecole-2\\\/#primaryimage\",\"url\":\"https:\\\/\\\/www.dynseo.com\\\/wp-content\\\/uploads\\\/2022\\\/02\\\/jeu-educatif-top-kids-ecole-primaire-concours-scaled.jpg\",\"contentUrl\":\"https:\\\/\\\/www.dynseo.com\\\/wp-content\\\/uploads\\\/2022\\\/02\\\/jeu-educatif-top-kids-ecole-primaire-concours-scaled.jpg\",\"width\":2560,\"height\":1440,\"caption\":\"Sfida la mente dei tuoi piccoli con giochi di logica divertenti ed educativi\"},{\"@type\":\"BreadcrumbList\",\"@id\":\"https:\\\/\\\/www.dynseo.com\\\/it\\\/le-lien-entre-la-motricite-fine-et-lapprentissage-a-lecole-2\\\/#breadcrumb\",\"itemListElement\":[{\"@type\":\"ListItem\",\"position\":1,\"name\":\"Accueil\",\"item\":\"https:\\\/\\\/www.dynseo.com\\\/it\\\/\"},{\"@type\":\"ListItem\",\"position\":2,\"name\":\"Le lien entre la motricit\u00e9 fine et l&#8217;apprentissage \u00e0 l&#8217;\u00e9cole\"}]},{\"@type\":\"WebSite\",\"@id\":\"https:\\\/\\\/www.dynseo.com\\\/it\\\/#website\",\"url\":\"https:\\\/\\\/www.dynseo.com\\\/it\\\/\",\"name\":\"Jeux de m\u00e9moire et stimulation cognitive\",\"description\":\"Con DYNSEO, la tua memoria mette il turbo!\",\"publisher\":{\"@id\":\"https:\\\/\\\/www.dynseo.com\\\/it\\\/#organization\"},\"potentialAction\":[{\"@type\":\"SearchAction\",\"target\":{\"@type\":\"EntryPoint\",\"urlTemplate\":\"https:\\\/\\\/www.dynseo.com\\\/it\\\/?s={search_term_string}\"},\"query-input\":{\"@type\":\"PropertyValueSpecification\",\"valueRequired\":true,\"valueName\":\"search_term_string\"}}],\"inLanguage\":\"it-IT\"},{\"@type\":\"Organization\",\"@id\":\"https:\\\/\\\/www.dynseo.com\\\/it\\\/#organization\",\"name\":\"DYNSEO\",\"url\":\"https:\\\/\\\/www.dynseo.com\\\/it\\\/\",\"logo\":{\"@type\":\"ImageObject\",\"inLanguage\":\"it-IT\",\"@id\":\"https:\\\/\\\/www.dynseo.com\\\/it\\\/#\\\/schema\\\/logo\\\/image\\\/\",\"url\":\"https:\\\/\\\/www.dynseo.com\\\/wp-content\\\/uploads\\\/2022\\\/05\\\/logo-dynseo-new.png\",\"contentUrl\":\"https:\\\/\\\/www.dynseo.com\\\/wp-content\\\/uploads\\\/2022\\\/05\\\/logo-dynseo-new.png\",\"width\":5073,\"height\":1397,\"caption\":\"DYNSEO\"},\"image\":{\"@id\":\"https:\\\/\\\/www.dynseo.com\\\/it\\\/#\\\/schema\\\/logo\\\/image\\\/\"}},{\"@type\":\"Person\",\"@id\":\"https:\\\/\\\/www.dynseo.com\\\/it\\\/#\\\/schema\\\/person\\\/78ef63df2ee64e0989bc68f8401b38d6\",\"name\":\"DYNSEO\",\"url\":\"https:\\\/\\\/www.dynseo.com\\\/it\\\/author\\\/justine\\\/\"}]}<\/script>\n<!-- \/ Yoast SEO plugin. -->","yoast_head_json":{"title":"Le lien entre la motricit\u00e9 fine et l'apprentissage \u00e0 l'\u00e9cole - DYNSEO - App educativa e giochi di memoria","robots":{"index":"index","follow":"follow","max-snippet":"max-snippet:-1","max-image-preview":"max-image-preview:large","max-video-preview":"max-video-preview:-1"},"canonical":"https:\/\/www.dynseo.com\/it\/le-lien-entre-la-motricite-fine-et-lapprentissage-a-lecole-2\/","og_locale":"it_IT","og_type":"article","og_title":"Le lien entre la motricit\u00e9 fine et l'apprentissage \u00e0 l'\u00e9cole - DYNSEO - App educativa e giochi di memoria","og_url":"https:\/\/www.dynseo.com\/it\/le-lien-entre-la-motricite-fine-et-lapprentissage-a-lecole-2\/","og_site_name":"DYNSEO - App educativa e giochi di memoria","article_published_time":"2026-04-26T11:59:13+00:00","article_modified_time":"2026-04-26T12:00:08+00:00","og_image":[{"width":2560,"height":1440,"url":"https:\/\/www.dynseo.com\/wp-content\/uploads\/2022\/02\/jeu-educatif-top-kids-ecole-primaire-concours-scaled.jpg","type":"image\/jpeg"}],"author":"DYNSEO","twitter_misc":{"Scritto da":"DYNSEO","Tempo di lettura stimato":"16 minuti"},"schema":{"@context":"https:\/\/schema.org","@graph":[{"@type":"Article","@id":"https:\/\/www.dynseo.com\/it\/le-lien-entre-la-motricite-fine-et-lapprentissage-a-lecole-2\/#article","isPartOf":{"@id":"https:\/\/www.dynseo.com\/it\/le-lien-entre-la-motricite-fine-et-lapprentissage-a-lecole-2\/"},"author":{"name":"DYNSEO","@id":"https:\/\/www.dynseo.com\/it\/#\/schema\/person\/78ef63df2ee64e0989bc68f8401b38d6"},"headline":"Le lien entre la motricit\u00e9 fine et l&#8217;apprentissage \u00e0 l&#8217;\u00e9cole","datePublished":"2026-04-26T11:59:13+00:00","dateModified":"2026-04-26T12:00:08+00:00","mainEntityOfPage":{"@id":"https:\/\/www.dynseo.com\/it\/le-lien-entre-la-motricite-fine-et-lapprentissage-a-lecole-2\/"},"wordCount":3346,"publisher":{"@id":"https:\/\/www.dynseo.com\/it\/#organization"},"image":{"@id":"https:\/\/www.dynseo.com\/it\/le-lien-entre-la-motricite-fine-et-lapprentissage-a-lecole-2\/#primaryimage"},"thumbnailUrl":"https:\/\/www.dynseo.com\/wp-content\/uploads\/2022\/02\/jeu-educatif-top-kids-ecole-primaire-concours-scaled.jpg","articleSection":["Les conseils des coachs"],"inLanguage":"it-IT"},{"@type":"WebPage","@id":"https:\/\/www.dynseo.com\/it\/le-lien-entre-la-motricite-fine-et-lapprentissage-a-lecole-2\/","url":"https:\/\/www.dynseo.com\/it\/le-lien-entre-la-motricite-fine-et-lapprentissage-a-lecole-2\/","name":"Le lien entre la motricit\u00e9 fine et l'apprentissage \u00e0 l'\u00e9cole - DYNSEO - App educativa e giochi di memoria","isPartOf":{"@id":"https:\/\/www.dynseo.com\/it\/#website"},"primaryImageOfPage":{"@id":"https:\/\/www.dynseo.com\/it\/le-lien-entre-la-motricite-fine-et-lapprentissage-a-lecole-2\/#primaryimage"},"image":{"@id":"https:\/\/www.dynseo.com\/it\/le-lien-entre-la-motricite-fine-et-lapprentissage-a-lecole-2\/#primaryimage"},"thumbnailUrl":"https:\/\/www.dynseo.com\/wp-content\/uploads\/2022\/02\/jeu-educatif-top-kids-ecole-primaire-concours-scaled.jpg","datePublished":"2026-04-26T11:59:13+00:00","dateModified":"2026-04-26T12:00:08+00:00","breadcrumb":{"@id":"https:\/\/www.dynseo.com\/it\/le-lien-entre-la-motricite-fine-et-lapprentissage-a-lecole-2\/#breadcrumb"},"inLanguage":"it-IT","potentialAction":[{"@type":"ReadAction","target":["https:\/\/www.dynseo.com\/it\/le-lien-entre-la-motricite-fine-et-lapprentissage-a-lecole-2\/"]}]},{"@type":"ImageObject","inLanguage":"it-IT","@id":"https:\/\/www.dynseo.com\/it\/le-lien-entre-la-motricite-fine-et-lapprentissage-a-lecole-2\/#primaryimage","url":"https:\/\/www.dynseo.com\/wp-content\/uploads\/2022\/02\/jeu-educatif-top-kids-ecole-primaire-concours-scaled.jpg","contentUrl":"https:\/\/www.dynseo.com\/wp-content\/uploads\/2022\/02\/jeu-educatif-top-kids-ecole-primaire-concours-scaled.jpg","width":2560,"height":1440,"caption":"Sfida la mente dei tuoi piccoli con giochi di logica divertenti ed educativi"},{"@type":"BreadcrumbList","@id":"https:\/\/www.dynseo.com\/it\/le-lien-entre-la-motricite-fine-et-lapprentissage-a-lecole-2\/#breadcrumb","itemListElement":[{"@type":"ListItem","position":1,"name":"Accueil","item":"https:\/\/www.dynseo.com\/it\/"},{"@type":"ListItem","position":2,"name":"Le lien entre la motricit\u00e9 fine et l&#8217;apprentissage \u00e0 l&#8217;\u00e9cole"}]},{"@type":"WebSite","@id":"https:\/\/www.dynseo.com\/it\/#website","url":"https:\/\/www.dynseo.com\/it\/","name":"Jeux de m\u00e9moire et stimulation cognitive","description":"Con DYNSEO, la tua memoria mette il turbo!","publisher":{"@id":"https:\/\/www.dynseo.com\/it\/#organization"},"potentialAction":[{"@type":"SearchAction","target":{"@type":"EntryPoint","urlTemplate":"https:\/\/www.dynseo.com\/it\/?s={search_term_string}"},"query-input":{"@type":"PropertyValueSpecification","valueRequired":true,"valueName":"search_term_string"}}],"inLanguage":"it-IT"},{"@type":"Organization","@id":"https:\/\/www.dynseo.com\/it\/#organization","name":"DYNSEO","url":"https:\/\/www.dynseo.com\/it\/","logo":{"@type":"ImageObject","inLanguage":"it-IT","@id":"https:\/\/www.dynseo.com\/it\/#\/schema\/logo\/image\/","url":"https:\/\/www.dynseo.com\/wp-content\/uploads\/2022\/05\/logo-dynseo-new.png","contentUrl":"https:\/\/www.dynseo.com\/wp-content\/uploads\/2022\/05\/logo-dynseo-new.png","width":5073,"height":1397,"caption":"DYNSEO"},"image":{"@id":"https:\/\/www.dynseo.com\/it\/#\/schema\/logo\/image\/"}},{"@type":"Person","@id":"https:\/\/www.dynseo.com\/it\/#\/schema\/person\/78ef63df2ee64e0989bc68f8401b38d6","name":"DYNSEO","url":"https:\/\/www.dynseo.com\/it\/author\/justine\/"}]}},"_links":{"self":[{"href":"https:\/\/www.dynseo.com\/it\/wp-json\/wp\/v2\/posts\/562623","targetHints":{"allow":["GET"]}}],"collection":[{"href":"https:\/\/www.dynseo.com\/it\/wp-json\/wp\/v2\/posts"}],"about":[{"href":"https:\/\/www.dynseo.com\/it\/wp-json\/wp\/v2\/types\/post"}],"author":[{"embeddable":true,"href":"https:\/\/www.dynseo.com\/it\/wp-json\/wp\/v2\/users\/4"}],"replies":[{"embeddable":true,"href":"https:\/\/www.dynseo.com\/it\/wp-json\/wp\/v2\/comments?post=562623"}],"version-history":[{"count":3,"href":"https:\/\/www.dynseo.com\/it\/wp-json\/wp\/v2\/posts\/562623\/revisions"}],"predecessor-version":[{"id":562626,"href":"https:\/\/www.dynseo.com\/it\/wp-json\/wp\/v2\/posts\/562623\/revisions\/562626"}],"wp:featuredmedia":[{"embeddable":true,"href":"https:\/\/www.dynseo.com\/it\/wp-json\/wp\/v2\/media\/142596"}],"wp:attachment":[{"href":"https:\/\/www.dynseo.com\/it\/wp-json\/wp\/v2\/media?parent=562623"}],"wp:term":[{"taxonomy":"category","embeddable":true,"href":"https:\/\/www.dynseo.com\/it\/wp-json\/wp\/v2\/categories?post=562623"},{"taxonomy":"post_tag","embeddable":true,"href":"https:\/\/www.dynseo.com\/it\/wp-json\/wp\/v2\/tags?post=562623"}],"curies":[{"name":"wp","href":"https:\/\/api.w.org\/{rel}","templated":true}]}}