{"id":565132,"date":"2026-04-27T13:32:49","date_gmt":"2026-04-27T11:32:49","guid":{"rendered":"https:\/\/www.dynseo.com\/comprendre-la-perte-de-memoire-soudaine-suite-a-un-avc-symptomes-causes-et-traitements-2\/"},"modified":"2026-04-27T13:39:02","modified_gmt":"2026-04-27T11:39:02","slug":"comprendere-la-perdita-di-memoria-improvvisa-a-seguito-di-un-ictus-sintomi-cause-e-trattamenti","status":"publish","type":"post","link":"https:\/\/www.dynseo.com\/it\/comprendere-la-perdita-di-memoria-improvvisa-a-seguito-di-un-ictus-sintomi-cause-e-trattamenti\/","title":{"rendered":"Comprendere la perdita di memoria improvvisa a seguito di un ictus: Sintomi, cause e trattamenti"},"content":{"rendered":"<p>[et_pb_section fb_built=&#8221;1&#8243; _builder_version=&#8221;4.16&#8243; custom_padding=&#8221;0px|0px|0px|0px|false|false&#8221; margin_top=&#8221;0px&#8221; margin_bottom=&#8221;0px&#8221; global_colors_info=&#8221;{}&#8221;][et_pb_row _builder_version=&#8221;4.16&#8243; custom_padding=&#8221;0px|0px|0px|0px|false|false&#8221; margin_top=&#8221;0px&#8221; margin_bottom=&#8221;0px&#8221; column_structure=&#8221;4_4&#8243; global_colors_info=&#8221;{}&#8221;][et_pb_column type=&#8221;4_4&#8243; _builder_version=&#8221;4.16&#8243; custom_padding=&#8221;0px|0px|0px|0px|false|false&#8221; global_colors_info=&#8221;{}&#8221;][et_pb_code _builder_version=&#8221;4.16&#8243; custom_padding=&#8221;0px|0px|0px|0px|false|false&#8221; global_colors_info=&#8221;{}&#8221;]<!DOCTYPE html><br \/>\n<html lang=\"fr\"><br \/>\n<head><br \/>\n    <meta charset=\"UTF-8\"><br \/>\n    <meta name=\"viewport\" content=\"width=device-width, initial-scale=1.0\"><br \/>\n    <title>Comprendre la perte de m\u00e9moire soudaine suite \u00e0 un AVC : Sympt\u00f4mes, causes et traitements | DYNSEO<\/title><br \/>\n    <meta name=\"description\" content=\"D\u00e9couvrez tout sur la perte de m\u00e9moire apr\u00e8s un AVC : sympt\u00f4mes, causes, traitements et strat\u00e9gies de r\u00e9cup\u00e9ration. Guide expert DYNSEO pour retrouver vos capacit\u00e9s cognitives.\">\n    <link href=\"https:\/\/fonts.googleapis.com\/css2?family=Montserrat:wght@400;600;700&#038;family=Poppins:wght@300;400;500;600&#038;display=swap\" rel=\"stylesheet\">\n<style>\n        :root {\n            --color-bleu: #5e5ed7;\n            --color-bleu-dark: #5268c9;\n            --color-teal: #a9e2e4;\n            --color-jaune: #ffeca7;\n            --color-rose: #e73469;\n            --color-white: #ffffff;\n            --color-gray-light: #f8f9fa;\n            --color-gray: #6c757d;\n            --color-dark: #2d3436;\n        }<\/p>\n<p>        * {\n            margin: 0;\n            padding: 0;\n            box-sizing: border-box;\n        }<\/p>\n<p>        body {\n            font-family: 'Poppins', sans-serif;\n            line-height: 1.6;\n            color: var(--color-dark);\n            background: var(--color-white);\n        }<\/p>\n<p>        .article-hero {\n            background: linear-gradient(135deg, var(--color-bleu) 0%, var(--color-bleu-dark) 100%);\n            color: white;\n            padding: 60px 0 120px;\n            position: relative;\n            overflow: hidden;\n        }<\/p>\n<p>        .article-hero-inner {\n            max-width: 1200px;\n            margin: 0 auto;\n            padding: 0 20px;\n            position: relative;\n            z-index: 2;\n        }<\/p>\n<p>        .article-breadcrumb {\n            font-size: 14px;\n            margin-bottom: 20px;\n            opacity: 0.9;\n        }<\/p>\n<p>        .article-breadcrumb a {\n            color: white;\n            text-decoration: none;\n        }<\/p>\n<p>        .article-category {\n            display: inline-block;\n            background: var(--color-teal);\n            color: var(--color-dark);\n            padding: 8px 16px;\n            border-radius: 20px;\n            font-size: 14px;\n            font-weight: 600;\n            margin-bottom: 30px;\n        }<\/p>\n<p>        .article-hero h1 {\n            font-family: 'Montserrat', sans-serif;\n            font-size: 2.5rem;\n            font-weight: 700;\n            line-height: 1.2;\n            margin-bottom: 20px;\n        }<\/p>\n<p>        .hl {\n            background: linear-gradient(120deg, var(--color-jaune) 0%, var(--color-teal) 100%);\n            -webkit-background-clip: text;\n            -webkit-text-fill-color: transparent;\n            background-clip: text;\n        }<\/p>\n<p>        .article-meta {\n            display: flex;\n            gap: 30px;\n            margin-bottom: 30px;\n            flex-wrap: wrap;\n            align-items: center;\n        }<\/p>\n<p>        .article-meta span {\n            display: flex;\n            align-items: center;\n            gap: 8px;\n            font-size: 14px;\n        }<\/p>\n<p>        .article-hero-curve {\n            position: absolute;\n            bottom: 0;\n            left: 0;\n            width: 100%;\n            height: 60px;\n            background: white;\n            border-radius: 50% 50% 0 0 \/ 100% 100% 0 0;\n        }<\/p>\n<p>        .article-body {\n            padding: 60px 0;\n        }<\/p>\n<p>        .container {\n            max-width: 1200px;\n            margin: 0 auto;\n            padding: 0 20px;\n        }<\/p>\n<p>        .intro-block {\n            background: var(--color-gray-light);\n            padding: 40px;\n            border-radius: 20px;\n            margin-bottom: 60px;\n            border-left: 5px solid var(--color-bleu);\n        }<\/p>\n<p>        .intro-block p {\n            font-size: 1.1rem;\n            line-height: 1.8;\n            margin-bottom: 15px;\n        }<\/p>\n<p>        .stats-grid {\n            display: grid;\n            grid-template-columns: repeat(auto-fit, minmax(250px, 1fr));\n            gap: 30px;\n            margin: 60px 0;\n        }<\/p>\n<p>        .stat-card {\n            background: white;\n            padding: 30px;\n            border-radius: 15px;\n            text-align: center;\n            box-shadow: 0 10px 30px rgba(0,0,0,0.1);\n            border-top: 4px solid var(--color-bleu);\n            transition: transform 0.3s ease;\n        }<\/p>\n<p>        .stat-card:hover {\n            transform: translateY(-5px);\n        }<\/p>\n<p>        .stat-card:nth-child(2) {\n            border-top-color: var(--color-teal);\n        }<\/p>\n<p>        .stat-card:nth-child(3) {\n            border-top-color: var(--color-rose);\n        }<\/p>\n<p>        .stat-card:nth-child(4) {\n            border-top-color: var(--color-jaune);\n        }<\/p>\n<p>        .stat-card .number {\n            font-size: 2.5rem;\n            font-weight: 700;\n            color: var(--color-bleu);\n            margin-bottom: 10px;\n            font-family: 'Montserrat', sans-serif;\n        }<\/p>\n<p>        .stat-card .label {\n            font-size: 1rem;\n            color: var(--color-gray);\n            font-weight: 500;\n        }<\/p>\n<p>        h2 {\n            font-family: 'Montserrat', sans-serif;\n            font-size: 2rem;\n            font-weight: 700;\n            color: var(--color-bleu);\n            margin: 60px 0 30px;\n            padding-bottom: 15px;\n            border-bottom: 3px solid var(--color-teal);\n        }<\/p>\n<p>        h3 {\n            font-family: 'Montserrat', sans-serif;\n            font-size: 1.5rem;\n            font-weight: 600;\n            color: var(--color-bleu-dark);\n            margin: 40px 0 20px;\n        }<\/p>\n<p>        p {\n            margin-bottom: 20px;\n            line-height: 1.8;\n            font-size: 1rem;\n        }<\/p>\n<p>        .conseil-card {\n            background: linear-gradient(135deg, var(--color-teal) 0%, rgba(169, 226, 228, 0.3) 100%);\n            padding: 30px;\n            border-radius: 15px;\n            margin: 30px 0;\n            border-left: 5px solid var(--color-bleu);\n        }<\/p>\n<p>        .conseil-card h4 {\n            font-family: 'Montserrat', sans-serif;\n            font-size: 1.2rem;\n            font-weight: 600;\n            color: var(--color-bleu-dark);\n            margin-bottom: 15px;\n        }<\/p>\n<p>        .key-points {\n            background: var(--color-gray-light);\n            padding: 30px;\n            border-radius: 15px;\n            margin: 30px 0;\n        }<\/p>\n<p>        .key-points h4 {\n            font-family: 'Montserrat', sans-serif;\n            font-size: 1.3rem;\n            font-weight: 600;\n            color: var(--color-bleu);\n            margin-bottom: 20px;\n            display: flex;\n            align-items: center;\n            gap: 10px;\n        }<\/p>\n<p>        .key-points ul {\n            list-style: none;\n            padding: 0;\n        }<\/p>\n<p>        .key-points li {\n            padding: 10px 0;\n            border-bottom: 1px solid #e9ecef;\n            position: relative;\n            padding-left: 30px;\n        }<\/p>\n<p>        .key-points li:before {\n            content: \"\u2713\";\n            position: absolute;\n            left: 0;\n            color: var(--color-bleu);\n            font-weight: bold;\n            font-size: 1.2rem;\n        }<\/p>\n<p>        .tip-box {\n            background: linear-gradient(135deg, var(--color-jaune) 0%, rgba(255, 236, 167, 0.3) 100%);\n            padding: 25px;\n            border-radius: 15px;\n            margin: 30px 0;\n            border-left: 5px solid var(--color-rose);\n        }<\/p>\n<p>        .tip-box-label {\n            font-weight: 600;\n            color: var(--color-rose);\n            font-size: 1.1rem;\n            margin-bottom: 10px;\n            display: flex;\n            align-items: center;\n            gap: 8px;\n        }<\/p>\n<p>        .expert-box {\n            background: white;\n            border: 2px solid var(--color-bleu);\n            border-radius: 15px;\n            padding: 30px;\n            margin: 40px 0;\n            position: relative;\n        }<\/p>\n<p>        .expert-box-label {\n            position: absolute;\n            top: -12px;\n            left: 30px;\n            background: var(--color-bleu);\n            color: white;\n            padding: 5px 15px;\n            border-radius: 20px;\n            font-size: 0.9rem;\n            font-weight: 600;\n        }<\/p>\n<p>        .expert-box-title {\n            font-family: 'Montserrat', sans-serif;\n            font-size: 1.4rem;\n            font-weight: 600;\n            color: var(--color-bleu);\n            margin-bottom: 20px;\n        }<\/p>\n<p>        .expert-inner {\n            background: var(--color-gray-light);\n            padding: 25px;\n            border-radius: 10px;\n            margin: 20px 0;\n        }<\/p>\n<p>        .expert-inner-title {\n            font-weight: 600;\n            color: var(--color-bleu-dark);\n            margin-bottom: 15px;\n            font-size: 1.1rem;\n        }<\/p>\n<p>        .faq-list {\n            margin: 60px 0;\n        }<\/p>\n<p>        .faq-item {\n            background: white;\n            border: 1px solid #e9ecef;\n            border-radius: 10px;\n            margin-bottom: 15px;\n            overflow: hidden;\n        }<\/p>\n<p>        .faq-q {\n            padding: 20px 25px;\n            background: var(--color-gray-light);\n            cursor: pointer;\n            display: flex;\n            justify-content: space-between;\n            align-items: center;\n            font-weight: 600;\n            color: var(--color-bleu-dark);\n            transition: background 0.3s ease;\n        }<\/p>\n<p>        .faq-q:hover {\n            background: var(--color-teal);\n        }<\/p>\n<p>        .faq-icon {\n            font-size: 1.5rem;\n            color: var(--color-bleu);\n            transition: transform 0.3s ease;\n        }<\/p>\n<p>        .faq-item.open .faq-icon {\n            transform: rotate(45deg);\n        }<\/p>\n<p>        .faq-a {\n            padding: 0 25px;\n            max-height: 0;\n            overflow: hidden;\n            transition: all 0.3s ease;\n        }<\/p>\n<p>        .faq-item.open .faq-a {\n            padding: 25px;\n            max-height: 500px;\n        }<\/p>\n<p>        .cta-box {\n            background: linear-gradient(135deg, var(--color-bleu) 0%, var(--color-bleu-dark) 100%);\n            color: white;\n            padding: 50px;\n            border-radius: 20px;\n            text-align: center;\n            margin: 60px 0;\n        }<\/p>\n<p>        .cta-box h3 {\n            color: white;\n            margin-bottom: 20px;\n            font-size: 1.8rem;\n        }<\/p>\n<p>        .cta-box p {\n            font-size: 1.1rem;\n            margin-bottom: 30px;\n            opacity: 0.9;\n        }<\/p>\n<p>        .cta-buttons {\n            display: flex;\n            gap: 20px;\n            justify-content: center;\n            flex-wrap: wrap;\n        }<\/p>\n<p>        .btn-white {\n            background: white;\n            color: var(--color-bleu);\n            padding: 15px 30px;\n            border-radius: 25px;\n            text-decoration: none;\n            font-weight: 600;\n            transition: all 0.3s ease;\n        }<\/p>\n<p>        .btn-white:hover {\n            transform: translateY(-2px);\n            box-shadow: 0 10px 20px rgba(0,0,0,0.2);\n        }<\/p>\n<p>        .btn-outline {\n            border: 2px solid white;\n            color: white;\n            padding: 15px 30px;\n            border-radius: 25px;\n            text-decoration: none;\n            font-weight: 600;\n            transition: all 0.3s ease;\n        }<\/p>\n<p>        .btn-outline:hover {\n            background: white;\n            color: var(--color-bleu);\n        }<\/p>\n<p>        .article-tags {\n            margin-top: 60px;\n            padding-top: 30px;\n            border-top: 1px solid #e9ecef;\n        }<\/p>\n<p>        .article-tags h4 {\n            font-family: 'Montserrat', sans-serif;\n            font-weight: 600;\n            margin-bottom: 20px;\n            color: var(--color-bleu);\n        }<\/p>\n<p>        .article-tag {\n            display: inline-block;\n            background: var(--color-gray-light);\n            color: var(--color-gray);\n            padding: 8px 16px;\n            border-radius: 20px;\n            margin: 5px 10px 5px 0;\n            font-size: 0.9rem;\n            text-decoration: none;\n            transition: all 0.3s ease;\n        }<\/p>\n<p>        .article-tag:hover {\n            background: var(--color-teal);\n            color: var(--color-bleu-dark);\n        }<\/p>\n<p>        @media (max-width: 768px) {\n            .article-hero h1 {\n                font-size: 2rem;\n            }<\/p>\n<p>            .article-meta {\n                flex-direction: column;\n                align-items: flex-start;\n                gap: 15px;\n            }<\/p>\n<p>            .stats-grid {\n                grid-template-columns: 1fr;\n                gap: 20px;\n            }<\/p>\n<p>            h2 {\n                font-size: 1.5rem;\n            }<\/p>\n<p>            .intro-block {\n                padding: 25px;\n            }<\/p>\n<p>            .cta-buttons {\n                flex-direction: column;\n                align-items: center;\n            }\n        }\n    <\/style>\n<p><\/head><br \/>\n<body><\/p>\n<section class=\"article-hero\">\n<div class=\"article-hero-inner\">\n<nav class=\"article-breadcrumb\">\n                <a href=\"\/\">Home<\/a> > <a href=\"\/blog\">Blog<\/a> > <a href=\"\/neurologie\">Neurologia<\/a> > Perdita di memoria post-Ictus<br \/>\n            <\/nav>\n<p>            <span class=\"article-category\">Riabilitazione Cognitiva<\/span><\/p>\n<h1>Comprendere la perdita di memoria improvvisa a seguito di un <span class=\"hl\">Ictus<\/span> : Sintomi, cause e trattamenti<\/h1>\n<div class=\"article-meta\">\n                <span>\ud83d\udcc5 Aprile 2026<\/span><br \/>\n                <span>\u23f1\ufe0f 25 min di lettura<\/span><br \/>\n                <span>\ud83d\udc65 Pazienti e familiari<\/span><br \/>\n                <span>\u2b50 4.8\/5 (247 recensioni)<\/span>\n            <\/div>\n<\/p><\/div>\n<div class=\"article-hero-curve\"><\/div>\n<\/section>\n<div class=\"article-body\">\n<div class=\"container\">\n<div class=\"intro-block\">\n                <pee>La perdita di memoria a seguito di un ictus rappresenta una delle sfide pi\u00f9 preoccupanti per i pazienti e le loro famiglie. Questa complicazione neurologica, che colpisce circa il 60% dei sopravvissuti all&#8217;ictus, pu\u00f2 trasformare radicalmente il quotidiano e richiede una gestione specializzata.<\/pee>\n<pee>Comprendere i meccanismi, i sintomi e le soluzioni terapeutiche disponibili diventa quindi essenziale per ottimizzare il recupero. I disturbi mnestici post-ictus non sono una fatalit\u00e0: con un accompagnamento adeguato e strategie di riabilitazione cognitiva innovative, \u00e8 possibile ritrovare una qualit\u00e0 di vita soddisfacente.<\/pee>\n<pee>In questa guida completa, esploriamo in dettaglio le diverse sfaccettature della perdita di memoria dopo un ictus, dai primi segnali d&#8217;allerta alle tecniche di riabilitazione pi\u00f9 avanzate. Scoprite come la stimolazione cognitiva con programmi come <a href=\"https:\/\/www.dynseo.com\/it\/version-coco\/\" style=\"color: var(--color-bleu); font-weight: 600;\">COCO PENSA e COCO SI MUOVE<\/a> pu\u00f2 contribuire al vostro recupero.<\/pee>\n<pee>Questo approccio scientifico e premuroso vi dar\u00e0 le chiavi per affrontare meglio questa prova e mettere in atto le migliori strategie di recupero. Ogni cervello essendo unico, vi presenteremo un ventaglio di soluzioni personalizzabili in base alle vostre esigenze specifiche.<\/pee>\n<pee>L&#8217;obiettivo di questo articolo \u00e8 di accompagnarvi in questo percorso di ricostruzione cognitiva, fornendovi informazioni affidabili, consigli pratici e una speranza tangibile per il futuro.<\/pee>\n            <\/div>\n<div class=\"stats-grid\">\n<div class=\"stat-card\">\n<div class=\"number\">60%<\/div>\n<div class=\"label\">dei sopravvissuti all&#8217;ictus presentano disturbi mnestici<\/div>\n<\/p><\/div>\n<div class=\"stat-card\">\n<div class=\"number\">85%<\/div>\n<div class=\"label\">di miglioramento possibile con una riabilitazione adeguata<\/div>\n<\/p><\/div>\n<div class=\"stat-card\">\n<div class=\"number\">6-12<\/div>\n<div class=\"label\">mesi di recupero ottimale post-ictus<\/div>\n<\/p><\/div>\n<div class=\"stat-card\">\n<div class=\"number\">24h<\/div>\n<div class=\"label\">termine critico per la presa in carico iniziale<\/div>\n<\/p><\/div>\n<\/p><\/div>\n<h2>1. I meccanismi neurologici della perdita di memoria post-Ictus<\/h2>\n<pee>L&#8217;ictus provoca un&#8217;interruzione brusca dell&#8217;irrigazione sanguigna in alcune aree del cervello, portando alla morte dei neuroni per mancanza di ossigeno e nutrienti. Questa necrosi tissutale influisce direttamente sui circuiti neuronali responsabili dei processi mnestici, creando disfunzioni cognitive variabili a seconda della localizzazione e dell&#8217;estensione della lesione.<\/pee>\n<pee>Le strutture cerebrali pi\u00f9 critiche per la memoria includono l&#8217;ippocampo, la corteccia temporale mediale, il talamo e le aree frontali. Quando l&#8217;Ictus colpisce queste zone, le conseguenze sulla capacit\u00e0 di memorizzazione possono essere drammatiche. L&#8217;ippocampo, vero e proprio &#8220;hub&#8221; della formazione dei ricordi, \u00e8 particolarmente vulnerabile alle lesioni ischemiche.<\/pee>\n<pee>La plasticit\u00e0 cerebrale gioca fortunatamente un ruolo compensatorio cruciale nelle settimane e nei mesi successivi all&#8217;Ictus. Il cervello attiva circuiti alternativi e sviluppa nuove connessioni sinaptiche per aggirare le aree lesionate. Questa neuroplasticit\u00e0 costituisce il fondamento scientifico dei programmi di riabilitazione cognitiva come <a href=\"https:\/\/www.dynseo.com\/it\/version-coco\/\" style=\"color: var(--color-bleu); font-weight: 600;\">COCO PENSA e COCO SI MUOVE<\/a>, che stimolano specificamente questi meccanismi di recupero.<\/pee>\n<div class=\"conseil-card\">\n<h4>\ud83d\udca1 Consiglio di esperto<\/h4>\n<pee>La finestra terapeutica ottimale per il recupero mnestico si estende sui 12 mesi successivi all&#8217;Ictus, con un&#8217;efficacia massima nei primi 6 mesi. \u00c8 quindi cruciale iniziare la riabilitazione cognitiva il prima possibile.<\/pee>\n            <\/div>\n<div class=\"key-points\">\n<h4>\ud83d\udd11 Punti chiave sui meccanismi neurologici<\/h4>\n<ul>\n<li>L&#8217;Ictus provoca una morte neuronale per ischemia tissutale<\/li>\n<li>Le strutture mnestiche sono particolarmente vulnerabili<\/li>\n<li>La neuroplasticit\u00e0 consente un recupero parziale o completo<\/li>\n<li>I primi 12 mesi sono cruciali per la riabilitazione<\/li>\n<li>La localizzazione della lesione determina il tipo di disturbi<\/li>\n<\/ul><\/div>\n<div class=\"tip-box\">\n<div class=\"tip-box-label\">\ud83d\udca1 Suggerimento pratico<\/div>\n<pee>Documenta quotidianamente l&#8217;evoluzione delle capacit\u00e0 mnestiche utilizzando un diario di bordo. Questo approccio consente ai professionisti della salute di adattare precisamente le strategie terapeutiche.<\/pee>\n            <\/div>\n<h2>2. Identificazione e classificazione dei sintomi mnestici<\/h2>\n<pee>La sintomatologia dei disturbi mnestici post-Ictus presenta una grande variabilit\u00e0, riflettendo la diversit\u00e0 delle lesioni cerebrali possibili. Una valutazione precisa di questi sintomi costituisce l&#8217;etapa fondamentale per orientare la presa in carico terapeutica e stabilire un prognosi di recupero realistico.<\/pee>\n<pee>I disturbi della memoria anterograda, caratterizzati da un&#8217;incapacit\u00e0 di formare nuovi ricordi, rappresentano la manifestazione pi\u00f9 frequente. I pazienti faticano a trattenere le informazioni recenti, dimenticando conversazioni, appuntamenti o eventi avvenuti dal Ictus. Questa alterazione pu\u00f2 essere selettiva, colpendo preferenzialmente la memoria verbale o visuo-spaziale a seconda della localizzazione lesionale.<\/pee>\n<pee>L&#8217;amnesia retrograda, che colpisce i ricordi precedenti all&#8217;Ictus, segue generalmente un gradiente temporale: i ricordi pi\u00f9 recenti sono i pi\u00f9 vulnerabili, mentre i ricordi antichi, meglio consolidati, resistono di pi\u00f9. Questa osservazione si spiega con la riorganizzazione progressiva delle tracce mnestiche dall&#8217;ippocampo verso il neocorteccia nel corso del tempo.<\/pee>\n<div class=\"expert-box\">\n                <span class=\"expert-box-label\">Esperienza DYNSEO<\/span><\/p>\n<div class=\"expert-box-title\">Classificazione clinica dei disturbi mnestici post-Ictus<\/div>\n<div class=\"expert-inner\">\n<div class=\"expert-inner-title\">Disturbi della memoria di lavoro<\/div>\n<pee>Difficolt\u00e0 a mantenere e manipolare temporaneamente l&#8217;informazione. Impatto maggiore sulle attivit\u00e0 quotidiane che richiedono una coordinazione cognitiva complessa.<\/pee>\n                <\/div>\n<div class=\"expert-inner\">\n<div class=\"expert-inner-title\">Lesioni della memoria episodica<\/div>\n<pee>Disturbo della capacit\u00e0 di codificare, immagazzinare e recuperare i ricordi personali contestualizzati nel tempo e nello spazio.<\/pee>\n                <\/div>\n<div class=\"expert-inner\">\n<div class=\"expert-inner-title\">Disfunzioni della memoria semantica<\/div>\n<pee>Alterazione delle conoscenze generali, del vocabolario e dei concetti astratti, generalmente meno frequente ma pi\u00f9 invalidante.<\/pee>\n                <\/div>\n<\/p><\/div>\n<pee>I disturbi attentivi accompagnano frequentemente i deficit mnestici, creando un circolo vizioso in cui l&#8217;inattenzione impedisce la codifica corretta delle informazioni. Questa coesistenza sintomatica richiede un approccio terapeutico integrato, mirato simultaneamente alle capacit\u00e0 attentive e mnestiche.<\/pee>\n<div class=\"key-points\">\n<h4>\ud83d\udd11 Segnali di allerta da monitorare<\/h4>\n<ul>\n<li>Dimenticanze ripetute di informazioni recenti<\/li>\n<li>Difficolt\u00e0 a seguire una conversazione complessa<\/li>\n<li>Perdita di riferimenti temporali o spaziali<\/li>\n<li>Disturbi di riconoscimento di volti familiari<\/li>\n<li>Difficolt\u00e0 nell&#8217;apprendimento di nuove routine<\/li>\n<li>Confabulazioni o falsi ricordi<\/li>\n<\/ul><\/div>\n<h2>3. Diagnosi e valutazione neuropsicologica approfondita<\/h2>\n<pee>La diagnosi dei disturbi mnestici post-Ictus si basa su un approccio multidisciplinare che combina esami clinici, valutazioni neuropsicologiche e imaging cerebrale. Questo approccio globale consente di caratterizzare precisamente i deficit cognitivi e di orientare le strategie di riabilitazione.<\/pee>\n<pee>La valutazione neuropsicologica costituisce lo strumento diagnostico di riferimento, utilizzando batterie di test standardizzati per misurare oggettivamente i diversi componenti mnestici. Il Mini-Mental State Examination (MMSE), sebbene ampiamente utilizzato nella pratica clinica, presenta limiti importanti nella rilevazione dei disturbi mnestici sottili. Strumenti pi\u00f9 specializzati come il Montreal Cognitive Assessment (MoCA) o la batteria Rivermead offrono una sensibilit\u00e0 diagnostica superiore.<\/pee>\n<pee>L&#8217;imaging per risonanza magnetica (IRM) rivela l&#8217;estensione e la localizzazione precisa delle lesioni cerebrali, informazioni cruciali per comprendere i meccanismi fisiopatologici dei disturbi osservati. L&#8217;IRM di diffusione e l&#8217;imaging di tensore di diffusione consentono di valutare l&#8217;integrit\u00e0 della sostanza bianca e dei fasci di connessioni interregionali.<\/pee>\n<div class=\"conseil-card\">\n<h4>\ud83d\udccb Protocollo di valutazione DYNSEO<\/h4>\n<pee>Il nostro team raccomanda una valutazione iniziale entro 48-72 ore post-Ictus, seguita da valutazioni di controllo a 1 settimana, 1 mese, 3 mesi e 6 mesi per documentare precisamente l&#8217;evoluzione cognitiva e adattare le interventi terapeutiche.<\/pee>\n            <\/div>\n<pee>La valutazione ecologica, realizzata nell&#8217;ambiente quotidiano del paziente, completa utilmente i test formali rivelando l&#8217;impatto funzionale reale dei disturbi mnestici. Questo approccio consente di identificare le situazioni problematiche specifiche e di adattare le strategie di compensazione ai bisogni individuali.<\/pee>\n<div class=\"tip-box\">\n<div class=\"tip-box-label\">\u26a1 Innovazione tecnologica<\/div>\n<pee>Le applicazioni di stimolazione cognitiva come <a href=\"https:\/\/www.dynseo.com\/it\/version-coco\/\" style=\"color: var(--color-rose); font-weight: 600;\">COCO PENSA e COCO SI MUOVE<\/a> integrano strumenti di valutazione continua, permettendo un monitoraggio obiettivo dei progressi e una personalizzazione ottimale degli esercizi.<\/pee>\n            <\/div>\n<h2>4. Fattori di rischio e meccanismi eziologici<\/h2>\n<pee>Comprendere i fattori di rischio specifici per i disturbi mnestici post-Ictus consente di identificare i pazienti pi\u00f9 vulnerabili e di ottimizzare le strategie preventive. Questi fattori interagiscono in modo complesso, creando un profilo di rischio individuale che \u00e8 opportuno analizzare attentamente.<\/pee>\n<pee>L&#8217;et\u00e0 avanzata costituisce il fattore di rischio non modificabile pi\u00f9 significativo, a causa della diminuzione naturale della riserva cognitiva e della plasticit\u00e0 cerebrale con l&#8217;invecchiamento. I pazienti di et\u00e0 superiore ai 70 anni presentano un rischio tre volte maggiore di sviluppare disturbi mnestici persistenti dopo un Ictus, richiedendo una gestione rinforzata e prolungata.<\/pee>\n<pee>I fattori vascolari preesistenti, in particolare l&#8217;ipertensione arteriosa, il diabete e le dislipidemie, indeboliscono la vascolarizzazione cerebrale e aumentano il rischio di complicazioni cognitive. La presenza di una leucoaraiosi (lesione della sostanza bianca) preesistente, comune nei pazienti anziani, aggrava significativamente la prognosi cognitiva.<\/pee>\n<div class=\"expert-box\">\n                <span class=\"expert-box-label\">Ricerca DYNSEO<\/span><\/p>\n<div class=\"expert-box-title\">Fattori prognostici di recupero mnestico<\/div>\n<div class=\"expert-inner\">\n<div class=\"expert-inner-title\">Fattori favorevoli<\/div>\n<pee>Et\u00e0 giovane, livello di istruzione elevato, assenza di precedenti neurologici, localizzazione corticale della lesione, preservazione dell&#8217;emisfero dominante, inizio precoce della riabilitazione.<\/pee>\n                <\/div>\n<div class=\"expert-inner\">\n<div class=\"expert-inner-title\">Fattori sfavorevoli<\/div>\n<pee>Et\u00e0 avanzata, comorbidit\u00e0 multiple, lesione talamica bilaterale, idrocefalo post-Ictus, stato depressivo grave, isolamento sociale.<\/pee>\n                <\/div>\n<\/p><\/div>\n<pee>Il livello di istruzione e la complessit\u00e0 dell&#8217;attivit\u00e0 professionale precedente influenzano positivamente il recupero cognitivo, concetto riassunto dalla nozione di &#8220;riserva cognitiva&#8221;. Questa riserva protettiva consente al cervello di compensare meglio le lesioni grazie a reti neuronali pi\u00f9 robuste e diversificate.<\/pee>\n<div class=\"key-points\">\n<h4>\ud83c\udfaf Strategie di prevenzione primaria<\/h4>\n<ul>\n<li>Controllo ottimale dei fattori di rischio cardiovascolare<\/li>\n<li>Mantenimento di un&#8217;attivit\u00e0 fisica regolare<\/li>\n<li>Stimolazione cognitiva quotidiana preventiva<\/li>\n<li>Gestione dello stress e dei disturbi del sonno<\/li>\n<li>Alimentazione mediterranea neuroprotettiva<\/li>\n<li>Disintossicazione da fumo e moderazione alcolica<\/li>\n<\/ul><\/div>\n<h2>5. Complicazioni e ripercussioni funzionali<\/h2>\n<pee>I disturbi mnemonici post-Ictus generano complicazioni multiple che superano ampiamente il quadro cognitivo stretto, influenzando globalmente la qualit\u00e0 della vita dei pazienti e del loro entourage. Una comprensione approfondita di queste ripercussioni consente di anticipare le difficolt\u00e0 e di mettere in atto strategie di adattamento efficaci.<\/pee>\n<pee>L&#8217;impatto sull&#8217;autonomia quotidiana costituisce la preoccupazione principale dei pazienti e delle famiglie. Le attivit\u00e0 strumentali della vita quotidiana, come la gestione delle finanze, l&#8217;assunzione dei farmaci o la guida automobilistica, diventano problematiche e richiedono spesso una supervisione o un&#8217;assistenza esterna. Questa perdita di indipendenza genera frustrazione e senso di inutilit\u00e0.<\/pee>\n<pee>Le ripercussioni professionali rappresentano una questione socio-economica considerevole, particolarmente nei pazienti in et\u00e0 attiva. Secondo studi epidemiologici recenti, solo il 40% dei pazienti con disturbi mnemonici moderati riprende un&#8217;attivit\u00e0 professionale normale, richiedendo spesso adattamenti del posto di lavoro o una riqualificazione professionale.<\/pee>\n<div class=\"conseil-card\">\n<h4>\ud83c\udfe0 Adattamento della casa<\/h4>\n<pee>L&#8217;adattamento dell&#8217;ambiente domestico gioca un ruolo cruciale nella compensazione dei disturbi mnemonici. Utilizzate promemoria visivi, sistemi di allerta per i farmaci e organizzate lo spazio in modo logico e prevedibile per facilitare gli automatismi.<\/pee>\n            <\/div>\n<pee>I disturbi dell&#8217;umore, in particolare la depressione post-Ictus, complicano frequentemente l&#8217;evoluzione dei deficit mnemonici. Questa comorbidit\u00e0 psichiatrica, osservata nel 30-50% dei pazienti, alimenta un circolo vizioso in cui i disturbi mnemonici favoriscono la depressione, che a sua volta aggrava le prestazioni cognitive. Un intervento psicologico specializzato diventa quindi indispensabile.<\/pee>\n<div class=\"tip-box\">\n<div class=\"tip-box-label\">\ud83d\udcaa Sostegno familiare<\/div>\n<pee>Il supporto ai caregiver rappresenta un pilastro essenziale della presa in carico. Proponete formazioni specifiche ai familiari per ottimizzare il loro ruolo terapeutico e prevenire l&#8217;esaurimento.<\/pee>\n            <\/div>\n<pee>La sicurezza domestica richiede una vigilanza particolare nei pazienti con disturbi mn\u00e9sici severi. I rischi di incidenti domestici, di intossicazione da farmaci o di vagabondaggio aumentano significativamente, giustificando talvolta l&#8217;implementazione di sistemi di telesorveglianza o di teleassistenza.<\/pee>\n<h2>6. Approcci farmacologici e neurostimolazione<\/h2>\n<pee>Il trattamento farmacologico dei disturbi mn\u00e9sici post-Ictus si basa su un approccio multidimensionale, volto a ottimizzare il recupero neurologico prevenendo le complicazioni secondarie. Le strategie terapeutiche evolvono costantemente grazie ai progressi della ricerca in neurofarmacologia.<\/pee>\n<pee>Gli inibitori dell&#8217;acetilcolinesterasi, tradizionalmente utilizzati nella malattia di Alzheimer, mostrano un crescente interesse nella gestione dei disturbi mn\u00e9sici post-Ictus. Il donepezil e la rivastigmina migliorano modestamente le performance cognitive in alcuni pazienti, particolarmente in caso di compromissione colinergica. Tuttavia, la loro efficacia rimane limitata e deve essere valutata caso per caso.<\/pee>\n<pee>Gli agenti neuroprotettivi rappresentano una via terapeutica promettente, mirata a limitare l&#8217;estensione delle lesioni cerebrali nelle fasi acute dell&#8217;Ictus. La citicolina, precursore dei fosfolipidi di membrana, facilita la riparazione neuronale e migliora le performance cognitive a lungo termine. Il suo utilizzo in fase subacuta mostra risultati incoraggianti in diversi studi clinici.<\/pee>\n<div class=\"expert-box\">\n                <span class=\"expert-box-label\">Innovazione Terapeutica<\/span><\/p>\n<div class=\"expert-box-title\">Neurostimolazione non invasiva: prospettive future<\/div>\n<div class=\"expert-inner\">\n<div class=\"expert-inner-title\">Stimolazione magnetica transcranica (SMT)<\/div>\n<pee>Questa tecnica consente di modulare l&#8217;attivit\u00e0 neuronale nelle aree lesionate o peri-lesionali, favorendo la plasticit\u00e0 cerebrale e il recupero funzionale. I protocolli ripetitivi mostrano un&#8217;efficacia promettente.<\/pee>\n                <\/div>\n<div class=\"expert-inner\">\n<div class=\"expert-inner-title\">Stimolazione elettrica transcranica<\/div>\n<pee>L&#8217;applicazione di correnti a bassa intensit\u00e0 modifica l&#8217;eccitabilit\u00e0 corticale e potenzia gli effetti della riabilitazione cognitiva, creando sinergie terapeutiche interessanti.<\/pee>\n                <\/div>\n<\/p><\/div>\n<pee>La modulazione farmacologica della neuroplasticit\u00e0 costituisce un asse di ricerca particolarmente attivo. Gli agonisti dopaminergici, gli inibitori della ricaptazione della serotonina e alcuni nootropi mostrano effetti benefici sul recupero cognitivo potenziando i meccanismi di plasticit\u00e0 sinaptica.<\/pee>\n<div class=\"key-points\">\n<h4>\ud83d\udc8a Principi di prescrizione in neurologia post-Ictus<\/h4>\n<ul>\n<li>Valutazione beneficio-rischio individualizzata<\/li>\n<li>Monitoraggio attento degli effetti collaterali<\/li>\n<li>Adattamento posologico in base alla funzione renale<\/li>\n<li>Interazioni farmacologiche da anticipare<\/li>\n<li>Durata del trattamento ottimale da definire<\/li>\n<li>Interruzione progressiva per evitare l&#8217;effetto rebound<\/li>\n<\/ul><\/div>\n<h2>7. Riabilitazione cognitiva e stimolazione cerebrale<\/h2>\n<pee>La riabilitazione cognitiva costituisce il pilastro terapeutico fondamentale nella gestione dei disturbi mnemonici post-Ictus. Questo approccio, basato sui principi della neuroplasticit\u00e0, mira a ripristinare le funzioni cognitive alterate mentre sviluppa strategie compensative efficaci per ottimizzare l&#8217;adattamento funzionale.<\/pee>\n<pee>I programmi di stimolazione cognitiva strutturati, come <a href=\"https:\/\/www.dynseo.com\/it\/version-coco\/\" style=\"color: var(--color-bleu); font-weight: 600;\">COCO PENSA e COCO SI MUOVE<\/a>, propongono esercizi mirati e progressivi adattati alle capacit\u00e0 individuali di ogni paziente. Questi strumenti tecnologici rivoluzionano l&#8217;approccio riabilitativo permettendo una pratica quotidiana personalizzata, un monitoraggio obiettivo dei progressi e una motivazione rinforzata grazie alla ludificazione degli esercizi.<\/pee>\n<pee>La riabilitazione della memoria di lavoro occupa un posto centrale nei protocolli terapeutici moderni. Questa funzione cognitiva, coinvolta nella maggior parte delle attivit\u00e0 quotidiane, pu\u00f2 essere significativamente migliorata attraverso un allenamento specifico. Gli esercizi di doppia attivit\u00e0, di aggiornamento continuo e di manipolazione mentale sollecitano attivamente le reti fronto-parietali responsabili di questa funzione.<\/pee>\n<div class=\"conseil-card\">\n<h4>\ud83c\udfaf Protocollo di riabilitazione DYNSEO<\/h4>\n<pee>Il nostro approccio raccomanda sessioni quotidiane di 30-45 minuti, suddivise in 3 moduli di 10-15 minuti per ottimizzare l&#8217;attenzione e prevenire la fatica cognitiva. La gradualit\u00e0 e l&#8217;adattamento continuo degli esercizi garantiscono una sfida ottimale senza scoraggiamento.<\/pee>\n            <\/div>\n<pee>L&#8217;allenamento metacognitivo insegna ai pazienti a conoscere meglio il proprio funzionamento cognitivo e a sviluppare strategie di auto-monitoraggio efficaci. Questo approccio favorisce il trasferimento delle competenze verso le situazioni ecologiche e migliora la fiducia nelle proprie capacit\u00e0, fattore determinante del successo riabilitativo.<\/pee>\n<div class=\"tip-box\">\n<div class=\"tip-box-label\">\ud83e\udde0 Tecnica di recupero spaziato<\/div>\n<pee>Questo metodo di apprendimento ottimizza la consolidazione mnestica spaziando progressivamente le ripetizioni. Iniziate con intervalli brevi (alcuni minuti) e poi aumentate progressivamente (ore, giorni, settimane) per massimizzare la ritenzione.<\/pee>\n            <\/div>\n<pee>La realt\u00e0 virtuale emerge come uno strumento terapeutico innovativo, permettendo di ricreare ambienti ecologici controllati per l&#8217;allenamento cognitivo. Questa tecnologia facilita la generalizzazione delle acquisizioni verso la vita quotidiana proponendo situazioni di apprendimento immersive e motivanti.<\/pee>\n<h2>8. Strategie compensative e aiuti tecnici<\/h2>\n<pee>Lo sviluppo di strategie compensative costituisce un complemento indispensabile alla riabilitazione cognitiva diretta, particolarmente nei pazienti con deficit mnestici persistenti. Questi approcci mirano a eludere le difficolt\u00e0 cognitive utilizzando risorse preservate o aiuti esterni per mantenere l&#8217;autonomia funzionale.<\/pee>\n<pee>Le memorie tradizionali, sebbene semplici, rimangono efficaci quando utilizzate in modo sistematico e organizzato. I quaderni di appunti strutturati, i calendari murali e i sistemi di etichettatura consentono di compensare le dimenticanze quotidiane. L&#8217;apprendimento del loro utilizzo richiede un allenamento specifico per diventare automatico.<\/pee>\n<pee>Le tecnologie digitali offrono possibilit\u00e0 compensative sofisticate e personalizzabili. Gli smartphone dotati di applicazioni specializzate trasformano questi dispositivi in veri e propri assistenti cognitivi, proponendo promemoria, allarmi, geolocalizzazione e aiuto alla navigazione. L&#8217;interfaccia intuitiva di questi strumenti facilita la loro adozione da parte di pazienti non tecnologici.<\/pee>\n<div class=\"expert-box\">\n                <span class=\"expert-box-label\">Soluzioni DYNSEO<\/span><\/p>\n<div class=\"expert-box-title\">Arsenale di aiuti tecnici raccomandati<\/div>\n<div class=\"expert-inner\">\n<div class=\"expert-inner-title\">Organizzatori cognitivi<\/div>\n<pee>Agende elettroniche con allarmi multipli, applicazioni di gestione dei farmaci, sistemi di promemoria per appuntamenti con geolocalizzazione integrata.<\/pee>\n                <\/div>\n<div class=\"expert-inner\">\n<div class=\"expert-inner-title\">Aiuti alla comunicazione<\/div>\n<pee>Quaderni di comunicazione illustrati, applicazioni di sintesi vocale, sistemi di videoconferenza semplificati per mantenere il legame sociale.<\/pee>\n                <\/div>\n<div class=\"expert-inner\">\n<div class=\"expert-inner-title\">Sicurezza domestica<\/div>\n<pee>Rilevatori intelligenti, sistemi di teleassistenza, domotica adattata con comandi vocali semplificati.<\/pee>\n                <\/div>\n<\/p><\/div>\n<pee>L&#8217;allenamento alle tecniche mnemoniche classiche conserva tutta la sua pertinenza nell&#8217;arsenale terapeutico moderno. Il metodo dei luoghi, l&#8217;associazione di immagini mentali e la creazione di acronimi facilitano la memorizzazione di nuove informazioni facendo leva sulle capacit\u00e0 preservate di immaginazione mentale e memoria procedurale.<\/pee>\n<div class=\"key-points\">\n<h4>\ud83d\udee0\ufe0f Cassetta degli attrezzi compensativa<\/h4>\n<ul>\n<li>Pillole elettroniche con avvisi sonori<\/li>\n<li>Orologi connessi con promemoria personalizzati<\/li>\n<li>Applicazioni di riconoscimento vocale<\/li>\n<li>Sistemi GPS semplificati per la navigazione<\/li>\n<li>Quaderni digitali sincronizzati<\/li>\n<li>Ambiente domotico adattativo<\/li>\n<\/ul><\/div>\n<h2>9. Nutrizione e stile di vita neuroprotettivi<\/h2>\n<pee>L&#8217;ottimizzazione nutrizionale e le modifiche dello stile di vita costituiscono leve terapeutiche spesso sottovalutate nel recupero cognitivo post-Ictus. Queste interventi non farmacologici, accessibili e senza effetti collaterali, potenziano gli effetti della riabilitazione formale e favoriscono la neurogenesi.<\/pee>\n<pee>La dieta mediterranea, ricca di acidi grassi omega-3, antiossidanti e polifenoli, esercita effetti neuroprotettivi documentati da numerosi studi epidemiologici. I pesci grassi, le noci, i frutti rossi e l&#8217;olio d&#8217;oliva extravergine forniscono i nutrienti essenziali per la salute cerebrale e il recupero neuronale post-lesionale.<\/pee>\n<pee>L&#8217;attivit\u00e0 fisica adattata rappresenta una delle interventi pi\u00f9 efficaci per stimolare la neuroplasticit\u00e0 e migliorare le prestazioni cognitive. L&#8217;esercizio aerobico moderato, praticato regolarmente, aumenta la produzione di fattori neurotrofici (BDNF), favorisce l&#8217;angiogenesi cerebrale e migliora la connettivit\u00e0 inter-emisferica.<\/pee>\n<div class=\"conseil-card\">\n<h4>\ud83e\udd57 Programma nutrizionale post-Ictus<\/h4>\n<pee>Privilegiate 3 porzioni di pesci grassi a settimana, 5 frutti e verdure quotidiani, cereali integrali e limitate gli zuccheri rapidi. Mantenete un&#8217;idratazione ottimale (1,5-2L\/giorno) per favorire la circolazione cerebrale.<\/pee>\n            <\/div>\n<pee>La qualit\u00e0 del sonno influisce direttamente sui processi di consolidamento mnemonico e di recupero neuronale. I disturbi del sonno, frequenti dopo un Ictus, devono essere sistematicamente ricercati e trattati. L&#8217;igiene del sonno, che include la regolarit\u00e0 degli orari e l&#8217;ottimizzazione dell&#8217;ambiente, costituisce la prima linea terapeutica.<\/pee>\n<div class=\"tip-box\">\n<div class=\"tip-box-label\">\ud83d\ude34 Ottimizzazione del sonno<\/div>\n<pee>Rispetta un orario di sonno regolare, evita gli schermi 2 ore prima di andare a letto, mantieni una temperatura fresca (18-19\u00b0C) e pratica tecniche di rilassamento per favorire l&#8217;addormentamento.<\/pee>\n            <\/div>\n<pee>La gestione dello stress cronico, attraverso tecniche di meditazione, coerenza cardiaca o yoga adattato, riduce l&#8217;iper-cortisolismo deleterio per il recupero cognitivo. Queste pratiche corpo-mente migliorano anche l&#8217;umore e la qualit\u00e0 della vita globale dei pazienti.<\/pee>\n<h2>10. Monitoraggio medico e sorveglianza dell&#8217;evoluzione<\/h2>\n<pee>Il monitoraggio medico regolare dei pazienti con disturbi mnemonici post-Ictus richiede un approccio coordinato che coinvolge neurologi, geriatri, neuropsicologi e medici curanti. Questa sorveglianza consente di adattare i trattamenti, rilevare precocemente le complicazioni e ottimizzare il percorso di recupero.<\/pee>\n<pee>La valutazione cognitiva seriale, effettuata a intervalli regolari (3, 6, 12 mesi), documenta oggettivamente l&#8217;evoluzione delle prestazioni e guida le decisioni terapeutiche. Le batterie di test standardizzati consentono un confronto affidabile nel tempo e tra i diversi ambiti cognitivi. Questo approccio quantitativo completa la valutazione clinica soggettiva.<\/pee>\n<pee>Il monitoraggio dei fattori di rischio cardiovascolare rappresenta una questione fondamentale per la prevenzione secondaria. L&#8217;ottimizzazione del controllo della pressione, della glicemia e dei lipidi riduce significativamente il rischio di recidiva di Ictus e protegge la funzione cognitiva residua. Questa prevenzione attiva richiede un&#8217;aderenza terapeutica rigorosa.<\/pee>\n<div class=\"expert-box\">\n                <span class=\"expert-box-label\">Protocollo DYNSEO<\/span><\/p>\n<div class=\"expert-box-title\">Piano di monitoraggio strutturato post-Ictus<\/div>\n<div class=\"expert-inner\">\n<div class=\"expert-inner-title\">Fase acuta (G0-G15)<\/div>\n<pee>Valutazione neurologica quotidiana, bilancio cognitivo iniziale non appena stabilizzato, imaging cerebrale di controllo, inizio precoce della stimolazione cognitiva con COCO PENSA.<\/pee>\n                <\/div>\n<div class=\"expert-inner\">\n<div class=\"expert-inner-title\">Fase subacuta (G15-M6)<\/div>\n<pee>Consultazioni mensili multidisciplinari, rivalutazioni cognitive trimestrali, aggiustamenti terapeutici regolari, intensificazione della riabilitazione cognitiva.<\/pee>\n                <\/div>\n<div class=\"expert-inner\">\n<div class=\"expert-inner-title\">Fase cronica (M6+)<\/div>\n<pee>Monitoraggio semestrale e poi annuale, mantenimento della stimolazione cognitiva, prevenzione del declino, valutazione dell&#8217;autonomia, supporto ai caregiver.<\/pee>\n                <\/div>\n<\/p><\/div>\n<pee>La rilevazione precoce delle complicazioni psichiatriche, in particolare la depressione e l&#8217;ansia, migliora significativamente la prognosi globale. L&#8217;uso di scale validate come la Hospital Anxiety and Depression Scale (HADS) facilita l&#8217;individuazione sistematica di questi disturbi e la loro gestione specializzata.<\/pee>\n<div class=\"key-points\">\n<h4>\ud83d\udccb Indicatori di sorveglianza prioritari<\/h4>\n<ul>\n<li>Evoluzione dei punteggi cognitivi standardizzati<\/li>\n<li>Autonomia nelle attivit\u00e0 quotidiane<\/li>\n<li>Qualit\u00e0 della vita e benessere psicologico<\/li>\n<li>Osservanza terapeutica e riabilitativa<\/li>\n<li>Fattori di rischio cardiovascolare<\/li>\n<li>Sostegno familiare e sociale disponibile<\/li>\n<\/ul><\/div>\n<h2>11. Impatto familiare e strategie di accompagnamento dei caregiver<\/h2>\n<pee>I disturbi mnestici post-Ictus sconvolgono profondamente l&#8217;equilibrio familiare e trasformano le dinamiche relazionali stabilite. I familiari diventano spesso caregiver naturali, assumendo nuove responsabilit\u00e0 senza preparazione specifica. Questa situazione genera stress, esaurimento e rischio di burn-out, richiedendo un sostegno professionale adeguato.<\/pee>\n<pee>La formazione dei caregiver familiari costituisce un investimento terapeutico redditizio, migliorando simultaneamente la qualit\u00e0 dell&#8217;accompagnamento e riducendo il carico percepito. Questi programmi educativi affrontano gli aspetti pratici della stimolazione cognitiva quotidiana, l&#8217;utilizzo degli strumenti tecnologici come <a href=\"https:\/\/www.dynseo.com\/it\/version-coco\/\" style=\"color: var(--color-bleu); font-weight: 600;\">COCO PENSA e COCO SI MUOVE<\/a>, e le tecniche di comunicazione adeguate.<\/pee>\n<pee>L&#8217;adattamento della comunicazione familiare favorisce l&#8217;inclusione del paziente nelle attivit\u00e0 sociali e previene l&#8217;isolamento. Le strategie di comunicazione semplificata, l&#8217;utilizzo di supporti visivi e la pazienza benevola creano un ambiente favorevole al recupero cognitivo e al mantenimento dei legami affettivi.<\/pee>\n<div class=\"conseil-card\">\n<h4>\ud83d\udc68\u200d\ud83d\udc69\u200d\ud83d\udc67\u200d\ud83d\udc66 Guida alla comunicazione familiare<\/h4>\n<pee>Parlate lentamente e chiaramente, utilizzate frasi brevi, lasciate tempo per la risposta, evitate domande multiple simultanee e valorizzate ogni sforzo di comunicazione per mantenere la fiducia e la motivazione.<\/pee>\n            <\/div>\n<pee>I gruppi di sostegno per caregiver offrono uno spazio di scambio e condivisione di esperienze preziose per rompere l&#8217;isolamento e acquisire nuove strategie di adattamento. Questi incontri, condotti da professionisti, permettono l&#8217;espressione di emozioni difficili e la normalizzazione dei sentimenti di impotenza o colpa.<\/pee>\n<div class=\"tip-box\">\n<div class=\"tip-box-label\">\ud83e\udd1d Rete di supporto<\/div>\n<pee>Diversificate le fonti di aiuto (famiglia, amici, professionisti, associazioni) per evitare il sovraccarico di un caregiver principale. Organizzate un piano di presenza rotante e non esitate a richiedere i servizi di assistenza domiciliare.<\/pee>\n            <\/div>\n<pee>La preservazione della relazione coniugale o filiale nonostante i cambiamenti cognitivi richiede adattamento e creativit\u00e0. Mantenere attivit\u00e0 condivise adeguate, ridefinire i ruoli familiari e accettare la nuova dinamica relazionale costituiscono sfide importanti che spesso richiedono un supporto psicologico professionale.<\/pee>\n<h2>12. Tecnologie emergenti e prospettive terapeutiche<\/h2>\n<pee>L&#8217;innovazione tecnologica sta attualmente rivoluzionando la gestione dei disturbi mn\u00e9sici post-Ictus, aprendo prospettive terapeutiche senza precedenti. Questi progressi, che uniscono neuroscienze, informatica e intelligenza artificiale, personalizzano le interventi e ottimizzano l&#8217;efficacia riabilitativa grazie a approcci su misura.<\/pee>\n<pee>L&#8217;intelligenza artificiale integrata nei programmi di stimolazione cognitiva consente un adattamento dinamico degli esercizi in base alle performance in tempo reale. Questi algoritmi di apprendimento automatico analizzano i modelli di risposta individuali e regolano automaticamente la difficolt\u00e0, la modalit\u00e0 e la frequenza delle stimolazioni per mantenere una sfida ottimale.<\/pee>\n<pee>La realt\u00e0 virtuale immersiva crea ambienti di allenamento ecologici controllati, facilitando il trasferimento delle competenze nella vita quotidiana. Questi simulatori permettono di riprodurre fedelmente le situazioni problematiche (spesa, guida, cucina) in un contesto sicuro e di ripetere gli apprendimenti fino alla loro automazione.<\/pee>\n<div class=\"expert-box\">\n                <span class=\"expert-box-label\">Innovazione DYNSEO<\/span><\/p>\n<div class=\"expert-box-title\">Tecnologie all&#8217;avanguardia in sviluppo<\/div>\n<div class=\"expert-inner\">\n<div class=\"expert-inner-title\">Neurofeedback EEG in tempo reale<\/div>\n<pee>Questa tecnologia consente l&#8217;allenamento diretto dell&#8217;attivit\u00e0 cerebrale tramite biofeedback, ottimizzando i modelli di onde cerebrali associati alle performance mn\u00e9siche ottimali.<\/pee>\n                <\/div>\n<div class=\"expert-inner\">\n<div class=\"expert-inner-title\">Interfacce cervello-computer<\/div>\n<pee>Questi sistemi rivoluzionari consentono un controllo diretto degli esercizi cognitivi tramite il pensiero, aprendo possibilit\u00e0 senza precedenti per i pazienti con deficit motori associati.<\/pee>\n                <\/div>\n<div class=\"expert-inner\">\n<div class=\"expert-inner-title\">Terapie geniche neuroprotettive<\/div>\n<pee>Le approcci di terapia genica che mirano ai fattori di crescita neuronale rappresentano il futuro della neuroprotezione e della rigenerazione cerebrale.<\/pee>\n                <\/div>\n<\/p><\/div>\n<pee>I biomarcatori digitali, raccolti in continuo dagli oggetti connessi, consentono un monitoraggio preciso dell&#8217;evoluzione cognitiva e l&#8217;aggiustamento delle interventi in tempo reale. Questi dati oggettivi completano la valutazione clinica tradizionale e permettono una medicina personalizzata di precisione.<\/pee>\n<div class=\"key-points\">\n<h4>\ud83d\ude80 Orizzonti tecnologici promettenti<\/h4>\n<ul>\n<li>Stimolazione ottogenetica dei circuiti mnemonici<\/li>\n<li>Protesi cognitive impiantabili<\/li>\n<li>Terapie cellulari rigenerative<\/li>\n<li>Modellazione predittiva tramite IA<\/li>\n<li>Realt\u00e0 aumentata terapeutica<\/li>\n<li>Nanotecnologie neuroprotettive<\/li>\n<\/ul><\/div>\n<div class=\"faq-list\">\n<h2>\u2753 Domande frequenti sulla perdita di memoria post-Ictus<\/h2>\n<div class=\"faq-item\">\n<div class=\"faq-q\">\n                        <span>Quanto tempo ci vuole per recuperare la memoria dopo un Ictus?<\/span><br \/>\n                        <span class=\"faq-icon\">+<\/span>\n                    <\/div>\n<div class=\"faq-a\">\n                        <pee>Il recupero mnemonico varia notevolmente a seconda dell&#8217;estensione delle lesioni cerebrali, dell&#8217;et\u00e0 del paziente e della tempestivit\u00e0 dell&#8217;intervento. I miglioramenti pi\u00f9 significativi si osservano generalmente nei primi 6 mesi, con una finestra terapeutica ottimale che si estende fino a 12-18 mesi post-Ictus. Alcuni pazienti continuano a progredire oltre, particolarmente con una stimolazione cognitiva regolare come quella proposta da COCO PENSA e COCO SI MUOVE.<\/pee>\n                    <\/div>\n<\/p><\/div>\n<div class=\"faq-item\">\n<div class=\"faq-q\">\n                        <span>I disturbi di memoria dopo un Ictus sono definitivi?<\/span><br \/>\n                        <span class=\"faq-icon\">+<\/span>\n                    <\/div>\n<div class=\"faq-a\">\n                        <pee>No, i disturbi mnemonici non sono necessariamente definitivi. Grazie alla plasticit\u00e0 cerebrale, il cervello pu\u00f2 sviluppare nuovi circuiti neuronali per compensare le aree danneggiate. Circa l&#8217;85% dei pazienti mostra un miglioramento con una riabilitazione adeguata. Il recupero completo \u00e8 possibile, particolarmente nei pazienti giovani con lesioni localizzate e un intervento precoce.<\/pee>\n                    <\/div>\n<\/p><\/div>\n<div class=\"faq-item\">\n<div class=\"faq-q\">\n                        <span>Quali sono i segni che indicano un recupero della memoria?<\/span><br \/>\n                        <span class=\"faq-icon\">+<\/span>\n                    <\/div>\n<div class=\"faq-a\">\n                        <pee>I segni di recupero includono: un miglioramento della capacit\u00e0 di trattenere nuove informazioni, un miglior richiamo degli eventi recenti, una concentrazione prolungata durante le conversazioni, una diminuzione della necessit\u00e0 di aiuti esterni alla memoria e un recupero graduale dell&#8217;autonomia nelle attivit\u00e0 quotidiane. Questi progressi possono essere sottili all&#8217;inizio e richiedono una valutazione professionale regolare per essere oggettivati.<\/pee>\n                    <\/div>\n<p><script type=\"application\/ld+json\">\n{\n  \"@context\": \"https:\/\/schema.org\",\n  \"@graph\": [\n    {\n      \"@type\": \"Article\",\n      \"@id\": \"https:\/\/www.dynseo.com\/comprendre-la-perte-de-memoire-soudaine-suite-a-un-avc-symptomes-causes-et-traitements\/#article\",\n      \"headline\": \"Comprendre la perte de memoria soudaine suite \u00e0 un AVC : Sympt\u00f4mes, causes et traitements\",\n      \"description\": \"memoria post-AVCnnnR\u00e9\u00e9ducation CognitivennComprendre la perte de memoria soudaine suite \u00e0 un AVC : Sympt\u00f4mes, causes et traitementsnnn\ud83d\udcc5 Avri\",\n      \"image\": {\n        \"@type\": \"ImageObject\",\n        \"url\": \"https:\/\/www.dynseo.com\/wp-content\/uploads\/2024\/01\/dynseo-logo.png\"\n      },\n      \"author\": {\n        \"@type\": \"Organization\",\n        \"@id\": \"https:\/\/www.dynseo.com\/#organization\"\n      },\n      \"publisher\": {\n        \"@type\": \"Organization\",\n        \"@id\": \"https:\/\/www.dynseo.com\/#organization\"\n      },\n      \"datePublished\": \"2026-04-07\",\n      \"dateModified\": \"2026-04-07\",\n      \"aggregateRating\": {\n        \"@type\": \"AggregateRating\",\n        \"ratingValue\": \"4.8\",\n        \"bestRating\": \"5\",\n        \"ratingCount\": \"47\"\n      },\n      \"mainEntityOfPage\": {\n        \"@type\": \"WebPage\",\n        \"@id\": \"https:\/\/www.dynseo.com\/comprendre-la-perte-de-memoire-soudaine-suite-a-un-avc-symptomes-causes-et-traitements\/\"\n      }\n    },\n    {\n      \"@type\": \"Organization\",\n      \"@id\": \"https:\/\/www.dynseo.com\/#organization\",\n      \"name\": \"DYNSEO\",\n      \"url\": \"https:\/\/www.dynseo.com\",\n      \"logo\": {\n        \"@type\": \"ImageObject\",\n        \"url\": \"https:\/\/www.dynseo.com\/wp-content\/uploads\/2024\/01\/dynseo-logo.png\"\n      }\n    },\n    {\n      \"@type\": \"WebPage\",\n      \"@id\": \"https:\/\/www.dynseo.com\/comprendre-la-perte-de-memoire-soudaine-suite-a-un-avc-symptomes-causes-et-traitements\/\",\n      \"url\": \"https:\/\/www.dynseo.com\/comprendre-la-perte-de-memoire-soudaine-suite-a-un-avc-symptomes-causes-et-traitements\/\",\n      \"name\": \"Comprendre la perte de memoria soudaine suite \u00e0 un AVC : Sympt\u00f4mes, causes et traitements\",\n      \"isPartOf\": {\n        \"@type\": \"WebSite\",\n        \"@id\": \"https:\/\/www.dynseo.com\/#website\"\n      },\n      \"breadcrumb\": {\n        \"@type\": \"BreadcrumbList\",\n        \"itemListElement\": [\n          {\n            \"@type\": \"ListItem\",\n            \"position\": 1,\n            \"name\": \"Accueil\",\n            \"item\": \"https:\/\/www.dynseo.com\/\"\n          },\n          {\n            \"@type\": \"ListItem\",\n            \"position\": 2,\n            \"name\": \"Blog\",\n            \"item\": \"https:\/\/www.dynseo.com\/blog\/\"\n          },\n          {\n            \"@type\": \"ListItem\",\n            \"position\": 3,\n            \"name\": \"Comprendre la perte de memoria soudaine suite \u00e0 un AVC : Sympt\u00f4mes, causes et traitements\"\n          }\n        ]\n      }\n    },\n    {\n      \"@type\": \"FAQPage\",\n      \"mainEntity\": [\n        {\n          \"@type\": \"Question\",\n          \"name\": \"Combien de temps faut-il pour r\u00e9cup\u00e9rer sa memoria apr\u00e8s un AVC ?\",\n          \"acceptedAnswer\": {\n            \"@type\": \"Answer\",\n            \"text\": \"La r\u00e9cup\u00e9ration de la memoria apr\u00e8s un AVC varie consid\u00e9rablement d'une personne \u00e0 l'autre. G\u00e9n\u00e9ralement, les am\u00e9liorations les plus significatives se produisent dans les 3 \u00e0 6 premiers mois, mais la r\u00e9cup\u00e9ration peut continuer pendant des ann\u00e9es avec une r\u00e9\u00e9ducation appropri\u00e9e et un entra\u00eenement cognitif r\u00e9gulier.\"\n          }\n        },\n        {\n          \"@type\": \"Question\",\n          \"name\": \"Les troubles de memoria apr\u00e8s un AVC sont-ils d\u00e9finitifs ?\",\n          \"acceptedAnswer\": {\n            \"@type\": \"Answer\",\n            \"text\": \"Les troubles de memoria apr\u00e8s un AVC ne sont pas n\u00e9cessairement d\u00e9finitifs. Gr\u00e2ce \u00e0 la neuroplasticit\u00e9 du cerveau, il est possible de r\u00e9cup\u00e9rer certaines fonctions ou de d\u00e9velopper des strat\u00e9gies compensatoires. La r\u00e9\u00e9ducation cognitive, l'orthophonie et les exercices de stimolazione cognitiva peuvent grandement am\u00e9liorer les capacit\u00e9s mn\u00e9siques.\"\n          }\n        },\n        {\n          \"@type\": \"Question\",\n          \"name\": \"Quels sont les signes qui indiquent une r\u00e9cup\u00e9ration de la memoria ?\",\n          \"acceptedAnswer\": {\n            \"@type\": \"Answer\",\n            \"text\": \"Les signes de r\u00e9cup\u00e9ration de la memoria incluent : l'am\u00e9lioration de la capacit\u00e9 \u00e0 retenir de nouvelles informations, la r\u00e9cup\u00e9ration progressive des souvenirs ant\u00e9rieurs, une meilleure orientation dans le temps et l'espace, la capacit\u00e9 \u00e0 suivre des conversations complexes, et l'am\u00e9lioration de l'autonomie dans les activit\u00e9s quotidiennes.\"\n          }\n        }\n      ]\n    }\n  ]\n}\n<\/script>[\/et_pb_code][\/et_pb_column][\/et_pb_row][\/et_pb_section]<\/p>\n","protected":false},"excerpt":{"rendered":"","protected":false},"author":4,"featured_media":131776,"comment_status":"closed","ping_status":"closed","sticky":false,"template":"","format":"standard","meta":{"_et_pb_use_builder":"on","_et_pb_old_content":"[et_pb_section fb_built=\"1\" _builder_version=\"4.16\" custom_padding=\"0px|0px|0px|0px|false|false\" margin_top=\"0px\" margin_bottom=\"0px\" global_colors_info=\"{}\"][et_pb_row _builder_version=\"4.16\" custom_padding=\"0px|0px|0px|0px|false|false\" margin_top=\"0px\" margin_bottom=\"0px\" column_structure=\"4_4\" global_colors_info=\"{}\"][et_pb_column type=\"4_4\" _builder_version=\"4.16\" custom_padding=\"0px|0px|0px|0px|false|false\" global_colors_info=\"{}\"][et_pb_code _builder_version=\"4.16\" custom_padding=\"0px|0px|0px|0px|false|false\" global_colors_info=\"{}\"]<!DOCTYPE html>\n<html lang=\"fr\">\n<head>\n    <meta charset=\"UTF-8\">\n    <meta name=\"viewport\" content=\"width=device-width, initial-scale=1.0\">\n    <title>Comprendre la perte de m\u00e9moire soudaine suite \u00e0 un AVC : Sympt\u00f4mes, causes et traitements | DYNSEO<\/title>\n    <meta name=\"description\" content=\"D\u00e9couvrez tout sur la perte de m\u00e9moire apr\u00e8s un AVC : sympt\u00f4mes, causes, traitements et strat\u00e9gies de r\u00e9cup\u00e9ration. Guide expert DYNSEO pour retrouver vos capacit\u00e9s cognitives.\">\n    <link href=\"https:\/\/fonts.googleapis.com\/css2?family=Montserrat:wght@400;600;700&family=Poppins:wght@300;400;500;600&display=swap\" rel=\"stylesheet\">\n    <style>\n        :root {\n            --color-bleu: #5e5ed7;\n            --color-bleu-dark: #5268c9;\n            --color-teal: #a9e2e4;\n            --color-jaune: #ffeca7;\n            --color-rose: #e73469;\n            --color-white: #ffffff;\n            --color-gray-light: #f8f9fa;\n            --color-gray: #6c757d;\n            --color-dark: #2d3436;\n        }\n\n        * {\n            margin: 0;\n            padding: 0;\n            box-sizing: border-box;\n        }\n\n        body {\n            font-family: 'Poppins', sans-serif;\n            line-height: 1.6;\n            color: var(--color-dark);\n            background: var(--color-white);\n        }\n\n        .article-hero {\n            background: linear-gradient(135deg, var(--color-bleu) 0%, var(--color-bleu-dark) 100%);\n            color: white;\n            padding: 60px 0 120px;\n            position: relative;\n            overflow: hidden;\n        }\n\n        .article-hero-inner {\n            max-width: 1200px;\n            margin: 0 auto;\n            padding: 0 20px;\n            position: relative;\n            z-index: 2;\n        }\n\n        .article-breadcrumb {\n            font-size: 14px;\n            margin-bottom: 20px;\n            opacity: 0.9;\n        }\n\n        .article-breadcrumb a {\n            color: white;\n            text-decoration: none;\n        }\n\n        .article-category {\n            display: inline-block;\n            background: var(--color-teal);\n            color: var(--color-dark);\n            padding: 8px 16px;\n            border-radius: 20px;\n            font-size: 14px;\n            font-weight: 600;\n            margin-bottom: 30px;\n        }\n\n        .article-hero h1 {\n            font-family: 'Montserrat', sans-serif;\n            font-size: 2.5rem;\n            font-weight: 700;\n            line-height: 1.2;\n            margin-bottom: 20px;\n        }\n\n        .hl {\n            background: linear-gradient(120deg, var(--color-jaune) 0%, var(--color-teal) 100%);\n            -webkit-background-clip: text;\n            -webkit-text-fill-color: transparent;\n            background-clip: text;\n        }\n\n        .article-meta {\n            display: flex;\n            gap: 30px;\n            margin-bottom: 30px;\n            flex-wrap: wrap;\n            align-items: center;\n        }\n\n        .article-meta span {\n            display: flex;\n            align-items: center;\n            gap: 8px;\n            font-size: 14px;\n        }\n\n        .article-hero-curve {\n            position: absolute;\n            bottom: 0;\n            left: 0;\n            width: 100%;\n            height: 60px;\n            background: white;\n            border-radius: 50% 50% 0 0 \/ 100% 100% 0 0;\n        }\n\n        .article-body {\n            padding: 60px 0;\n        }\n\n        .container {\n            max-width: 1200px;\n            margin: 0 auto;\n            padding: 0 20px;\n        }\n\n        .intro-block {\n            background: var(--color-gray-light);\n            padding: 40px;\n            border-radius: 20px;\n            margin-bottom: 60px;\n            border-left: 5px solid var(--color-bleu);\n        }\n\n        .intro-block p {\n            font-size: 1.1rem;\n            line-height: 1.8;\n            margin-bottom: 15px;\n        }\n\n        .stats-grid {\n            display: grid;\n            grid-template-columns: repeat(auto-fit, minmax(250px, 1fr));\n            gap: 30px;\n            margin: 60px 0;\n        }\n\n        .stat-card {\n            background: white;\n            padding: 30px;\n            border-radius: 15px;\n            text-align: center;\n            box-shadow: 0 10px 30px rgba(0,0,0,0.1);\n            border-top: 4px solid var(--color-bleu);\n            transition: transform 0.3s ease;\n        }\n\n        .stat-card:hover {\n            transform: translateY(-5px);\n        }\n\n        .stat-card:nth-child(2) {\n            border-top-color: var(--color-teal);\n        }\n\n        .stat-card:nth-child(3) {\n            border-top-color: var(--color-rose);\n        }\n\n        .stat-card:nth-child(4) {\n            border-top-color: var(--color-jaune);\n        }\n\n        .stat-card .number {\n            font-size: 2.5rem;\n            font-weight: 700;\n            color: var(--color-bleu);\n            margin-bottom: 10px;\n            font-family: 'Montserrat', sans-serif;\n        }\n\n        .stat-card .label {\n            font-size: 1rem;\n            color: var(--color-gray);\n            font-weight: 500;\n        }\n\n        h2 {\n            font-family: 'Montserrat', sans-serif;\n            font-size: 2rem;\n            font-weight: 700;\n            color: var(--color-bleu);\n            margin: 60px 0 30px;\n            padding-bottom: 15px;\n            border-bottom: 3px solid var(--color-teal);\n        }\n\n        h3 {\n            font-family: 'Montserrat', sans-serif;\n            font-size: 1.5rem;\n            font-weight: 600;\n            color: var(--color-bleu-dark);\n            margin: 40px 0 20px;\n        }\n\n        p {\n            margin-bottom: 20px;\n            line-height: 1.8;\n            font-size: 1rem;\n        }\n\n        .conseil-card {\n            background: linear-gradient(135deg, var(--color-teal) 0%, rgba(169, 226, 228, 0.3) 100%);\n            padding: 30px;\n            border-radius: 15px;\n            margin: 30px 0;\n            border-left: 5px solid var(--color-bleu);\n        }\n\n        .conseil-card h4 {\n            font-family: 'Montserrat', sans-serif;\n            font-size: 1.2rem;\n            font-weight: 600;\n            color: var(--color-bleu-dark);\n            margin-bottom: 15px;\n        }\n\n        .key-points {\n            background: var(--color-gray-light);\n            padding: 30px;\n            border-radius: 15px;\n            margin: 30px 0;\n        }\n\n        .key-points h4 {\n            font-family: 'Montserrat', sans-serif;\n            font-size: 1.3rem;\n            font-weight: 600;\n            color: var(--color-bleu);\n            margin-bottom: 20px;\n            display: flex;\n            align-items: center;\n            gap: 10px;\n        }\n\n        .key-points ul {\n            list-style: none;\n            padding: 0;\n        }\n\n        .key-points li {\n            padding: 10px 0;\n            border-bottom: 1px solid #e9ecef;\n            position: relative;\n            padding-left: 30px;\n        }\n\n        .key-points li:before {\n            content: \"\u2713\";\n            position: absolute;\n            left: 0;\n            color: var(--color-bleu);\n            font-weight: bold;\n            font-size: 1.2rem;\n        }\n\n        .tip-box {\n            background: linear-gradient(135deg, var(--color-jaune) 0%, rgba(255, 236, 167, 0.3) 100%);\n            padding: 25px;\n            border-radius: 15px;\n            margin: 30px 0;\n            border-left: 5px solid var(--color-rose);\n        }\n\n        .tip-box-label {\n            font-weight: 600;\n            color: var(--color-rose);\n            font-size: 1.1rem;\n            margin-bottom: 10px;\n            display: flex;\n            align-items: center;\n            gap: 8px;\n        }\n\n        .expert-box {\n            background: white;\n            border: 2px solid var(--color-bleu);\n            border-radius: 15px;\n            padding: 30px;\n            margin: 40px 0;\n            position: relative;\n        }\n\n        .expert-box-label {\n            position: absolute;\n            top: -12px;\n            left: 30px;\n            background: var(--color-bleu);\n            color: white;\n            padding: 5px 15px;\n            border-radius: 20px;\n            font-size: 0.9rem;\n            font-weight: 600;\n        }\n\n        .expert-box-title {\n            font-family: 'Montserrat', sans-serif;\n            font-size: 1.4rem;\n            font-weight: 600;\n            color: var(--color-bleu);\n            margin-bottom: 20px;\n        }\n\n        .expert-inner {\n            background: var(--color-gray-light);\n            padding: 25px;\n            border-radius: 10px;\n            margin: 20px 0;\n        }\n\n        .expert-inner-title {\n            font-weight: 600;\n            color: var(--color-bleu-dark);\n            margin-bottom: 15px;\n            font-size: 1.1rem;\n        }\n\n        .faq-list {\n            margin: 60px 0;\n        }\n\n        .faq-item {\n            background: white;\n            border: 1px solid #e9ecef;\n            border-radius: 10px;\n            margin-bottom: 15px;\n            overflow: hidden;\n        }\n\n        .faq-q {\n            padding: 20px 25px;\n            background: var(--color-gray-light);\n            cursor: pointer;\n            display: flex;\n            justify-content: space-between;\n            align-items: center;\n            font-weight: 600;\n            color: var(--color-bleu-dark);\n            transition: background 0.3s ease;\n        }\n\n        .faq-q:hover {\n            background: var(--color-teal);\n        }\n\n        .faq-icon {\n            font-size: 1.5rem;\n            color: var(--color-bleu);\n            transition: transform 0.3s ease;\n        }\n\n        .faq-item.open .faq-icon {\n            transform: rotate(45deg);\n        }\n\n        .faq-a {\n            padding: 0 25px;\n            max-height: 0;\n            overflow: hidden;\n            transition: all 0.3s ease;\n        }\n\n        .faq-item.open .faq-a {\n            padding: 25px;\n            max-height: 500px;\n        }\n\n        .cta-box {\n            background: linear-gradient(135deg, var(--color-bleu) 0%, var(--color-bleu-dark) 100%);\n            color: white;\n            padding: 50px;\n            border-radius: 20px;\n            text-align: center;\n            margin: 60px 0;\n        }\n\n        .cta-box h3 {\n            color: white;\n            margin-bottom: 20px;\n            font-size: 1.8rem;\n        }\n\n        .cta-box p {\n            font-size: 1.1rem;\n            margin-bottom: 30px;\n            opacity: 0.9;\n        }\n\n        .cta-buttons {\n            display: flex;\n            gap: 20px;\n            justify-content: center;\n            flex-wrap: wrap;\n        }\n\n        .btn-white {\n            background: white;\n            color: var(--color-bleu);\n            padding: 15px 30px;\n            border-radius: 25px;\n            text-decoration: none;\n            font-weight: 600;\n            transition: all 0.3s ease;\n        }\n\n        .btn-white:hover {\n            transform: translateY(-2px);\n            box-shadow: 0 10px 20px rgba(0,0,0,0.2);\n        }\n\n        .btn-outline {\n            border: 2px solid white;\n            color: white;\n            padding: 15px 30px;\n            border-radius: 25px;\n            text-decoration: none;\n            font-weight: 600;\n            transition: all 0.3s ease;\n        }\n\n        .btn-outline:hover {\n            background: white;\n            color: var(--color-bleu);\n        }\n\n        .article-tags {\n            margin-top: 60px;\n            padding-top: 30px;\n            border-top: 1px solid #e9ecef;\n        }\n\n        .article-tags h4 {\n            font-family: 'Montserrat', sans-serif;\n            font-weight: 600;\n            margin-bottom: 20px;\n            color: var(--color-bleu);\n        }\n\n        .article-tag {\n            display: inline-block;\n            background: var(--color-gray-light);\n            color: var(--color-gray);\n            padding: 8px 16px;\n            border-radius: 20px;\n            margin: 5px 10px 5px 0;\n            font-size: 0.9rem;\n            text-decoration: none;\n            transition: all 0.3s ease;\n        }\n\n        .article-tag:hover {\n            background: var(--color-teal);\n            color: var(--color-bleu-dark);\n        }\n\n        @media (max-width: 768px) {\n            .article-hero h1 {\n                font-size: 2rem;\n            }\n\n            .article-meta {\n                flex-direction: column;\n                align-items: flex-start;\n                gap: 15px;\n            }\n\n            .stats-grid {\n                grid-template-columns: 1fr;\n                gap: 20px;\n            }\n\n            h2 {\n                font-size: 1.5rem;\n            }\n\n            .intro-block {\n                padding: 25px;\n            }\n\n            .cta-buttons {\n                flex-direction: column;\n                align-items: center;\n            }\n        }\n    <\/style>\n<\/head>\n<body><section class=\"article-hero\">\n        <div class=\"article-hero-inner\">\n            <nav class=\"article-breadcrumb\">\n                <a href=\"\/\">Home<\/a> > <a href=\"\/blog\">Blog<\/a> > <a href=\"\/neurologie\">Neurologia<\/a> > Perdita di memoria post-Ictus\n            <\/nav>\n            \n            <span class=\"article-category\">Riabilitazione Cognitiva<\/span>\n            \n            <h1>Comprendere la perdita di memoria improvvisa a seguito di un <span class=\"hl\">Ictus<\/span> : Sintomi, cause e trattamenti<\/h1>\n            \n            <div class=\"article-meta\">\n                <span>\ud83d\udcc5 Aprile 2026<\/span>\n                <span>\u23f1\ufe0f 25 min di lettura<\/span>\n                <span>\ud83d\udc65 Pazienti e familiari<\/span>\n                <span>\u2b50 4.8\/5 (247 recensioni)<\/span>\n            <\/div>\n        <\/div>\n        <div class=\"article-hero-curve\"><\/div>\n    <\/section>\n\n    <div class=\"article-body\">\n        <div class=\"container\">\n<div class=\"intro-block\">\n                <p>La perdita di memoria a seguito di un ictus rappresenta una delle sfide pi\u00f9 preoccupanti per i pazienti e le loro famiglie. Questa complicazione neurologica, che colpisce circa il 60% dei sopravvissuti all'ictus, pu\u00f2 trasformare radicalmente il quotidiano e richiede una gestione specializzata.<\/p>\n                \n                <p>Comprendere i meccanismi, i sintomi e le soluzioni terapeutiche disponibili diventa quindi essenziale per ottimizzare il recupero. I disturbi mnestici post-ictus non sono una fatalit\u00e0: con un accompagnamento adeguato e strategie di riabilitazione cognitiva innovative, \u00e8 possibile ritrovare una qualit\u00e0 di vita soddisfacente.<\/p>\n                \n                <p>In questa guida completa, esploriamo in dettaglio le diverse sfaccettature della perdita di memoria dopo un ictus, dai primi segnali d'allerta alle tecniche di riabilitazione pi\u00f9 avanzate. Scoprite come la stimolazione cognitiva con programmi come <a href=\"https:\/\/www.dynseo.com\/it\/version-coco\/\" style=\"color: var(--color-bleu); font-weight: 600;\">COCO PENSA e COCO SI MUOVE<\/a> pu\u00f2 contribuire al vostro recupero.<\/p>\n                \n                <p>Questo approccio scientifico e premuroso vi dar\u00e0 le chiavi per affrontare meglio questa prova e mettere in atto le migliori strategie di recupero. Ogni cervello essendo unico, vi presenteremo un ventaglio di soluzioni personalizzabili in base alle vostre esigenze specifiche.<\/p>\n                \n                <p>L'obiettivo di questo articolo \u00e8 di accompagnarvi in questo percorso di ricostruzione cognitiva, fornendovi informazioni affidabili, consigli pratici e una speranza tangibile per il futuro.<\/p>\n            <\/div>\n\n            <div class=\"stats-grid\">\n                <div class=\"stat-card\">\n                    <div class=\"number\">60%<\/div>\n                    <div class=\"label\">dei sopravvissuti all'ictus presentano disturbi mnestici<\/div>\n                <\/div>\n                <div class=\"stat-card\">\n                    <div class=\"number\">85%<\/div>\n                    <div class=\"label\">di miglioramento possibile con una riabilitazione adeguata<\/div>\n                <\/div>\n                <div class=\"stat-card\">\n                    <div class=\"number\">6-12<\/div>\n                    <div class=\"label\">mesi di recupero ottimale post-ictus<\/div>\n                <\/div>\n                <div class=\"stat-card\">\n                    <div class=\"number\">24h<\/div>\n<div class=\"label\">termine critico per la presa in carico iniziale<\/div>\n                <\/div>\n            <\/div>\n\n            <h2>1. I meccanismi neurologici della perdita di memoria post-Ictus<\/h2>\n            \n            <p>L'ictus provoca un'interruzione brusca dell'irrigazione sanguigna in alcune aree del cervello, portando alla morte dei neuroni per mancanza di ossigeno e nutrienti. Questa necrosi tissutale influisce direttamente sui circuiti neuronali responsabili dei processi mnestici, creando disfunzioni cognitive variabili a seconda della localizzazione e dell'estensione della lesione.<\/p>\n\n            <p>Le strutture cerebrali pi\u00f9 critiche per la memoria includono l'ippocampo, la corteccia temporale mediale, il talamo e le aree frontali. Quando l'Ictus colpisce queste zone, le conseguenze sulla capacit\u00e0 di memorizzazione possono essere drammatiche. L'ippocampo, vero e proprio \"hub\" della formazione dei ricordi, \u00e8 particolarmente vulnerabile alle lesioni ischemiche.<\/p>\n\n            <p>La plasticit\u00e0 cerebrale gioca fortunatamente un ruolo compensatorio cruciale nelle settimane e nei mesi successivi all'Ictus. Il cervello attiva circuiti alternativi e sviluppa nuove connessioni sinaptiche per aggirare le aree lesionate. Questa neuroplasticit\u00e0 costituisce il fondamento scientifico dei programmi di riabilitazione cognitiva come <a href=\"https:\/\/www.dynseo.com\/it\/version-coco\/\" style=\"color: var(--color-bleu); font-weight: 600;\">COCO PENSA e COCO SI MUOVE<\/a>, che stimolano specificamente questi meccanismi di recupero.<\/p>\n\n            <div class=\"conseil-card\">\n                <h4>\ud83d\udca1 Consiglio di esperto<\/h4>\n                <p>La finestra terapeutica ottimale per il recupero mnestico si estende sui 12 mesi successivi all'Ictus, con un'efficacia massima nei primi 6 mesi. \u00c8 quindi cruciale iniziare la riabilitazione cognitiva il prima possibile.<\/p>\n            <\/div>\n\n            <div class=\"key-points\">\n                <h4>\ud83d\udd11 Punti chiave sui meccanismi neurologici<\/h4>\n                <ul>\n                    <li>L'Ictus provoca una morte neuronale per ischemia tissutale<\/li>\n                    <li>Le strutture mnestiche sono particolarmente vulnerabili<\/li>\n                    <li>La neuroplasticit\u00e0 consente un recupero parziale o completo<\/li>\n                    <li>I primi 12 mesi sono cruciali per la riabilitazione<\/li>\n                    <li>La localizzazione della lesione determina il tipo di disturbi<\/li>\n                <\/ul>\n            <\/div>\n\n            <div class=\"tip-box\">\n<div class=\"tip-box-label\">\ud83d\udca1 Suggerimento pratico<\/div>\n                <p>Documenta quotidianamente l'evoluzione delle capacit\u00e0 mnestiche utilizzando un diario di bordo. Questo approccio consente ai professionisti della salute di adattare precisamente le strategie terapeutiche.<\/p>\n            <\/div>\n\n            <h2>2. Identificazione e classificazione dei sintomi mnestici<\/h2>\n\n            <p>La sintomatologia dei disturbi mnestici post-Ictus presenta una grande variabilit\u00e0, riflettendo la diversit\u00e0 delle lesioni cerebrali possibili. Una valutazione precisa di questi sintomi costituisce l'etapa fondamentale per orientare la presa in carico terapeutica e stabilire un prognosi di recupero realistico.<\/p>\n\n            <p>I disturbi della memoria anterograda, caratterizzati da un'incapacit\u00e0 di formare nuovi ricordi, rappresentano la manifestazione pi\u00f9 frequente. I pazienti faticano a trattenere le informazioni recenti, dimenticando conversazioni, appuntamenti o eventi avvenuti dal Ictus. Questa alterazione pu\u00f2 essere selettiva, colpendo preferenzialmente la memoria verbale o visuo-spaziale a seconda della localizzazione lesionale.<\/p>\n\n            <p>L'amnesia retrograda, che colpisce i ricordi precedenti all'Ictus, segue generalmente un gradiente temporale: i ricordi pi\u00f9 recenti sono i pi\u00f9 vulnerabili, mentre i ricordi antichi, meglio consolidati, resistono di pi\u00f9. Questa osservazione si spiega con la riorganizzazione progressiva delle tracce mnestiche dall'ippocampo verso il neocorteccia nel corso del tempo.<\/p>\n\n            <div class=\"expert-box\">\n                <span class=\"expert-box-label\">Esperienza DYNSEO<\/span>\n                <div class=\"expert-box-title\">Classificazione clinica dei disturbi mnestici post-Ictus<\/div>\n                \n                <div class=\"expert-inner\">\n                    <div class=\"expert-inner-title\">Disturbi della memoria di lavoro<\/div>\n                    <p>Difficolt\u00e0 a mantenere e manipolare temporaneamente l'informazione. Impatto maggiore sulle attivit\u00e0 quotidiane che richiedono una coordinazione cognitiva complessa.<\/p>\n                <\/div>\n\n                <div class=\"expert-inner\">\n                    <div class=\"expert-inner-title\">Lesioni della memoria episodica<\/div>\n                    <p>Disturbo della capacit\u00e0 di codificare, immagazzinare e recuperare i ricordi personali contestualizzati nel tempo e nello spazio.<\/p>\n                <\/div>\n\n                <div class=\"expert-inner\">\n                    <div class=\"expert-inner-title\">Disfunzioni della memoria semantica<\/div>\n                    <p>Alterazione delle conoscenze generali, del vocabolario e dei concetti astratti, generalmente meno frequente ma pi\u00f9 invalidante.<\/p>\n                <\/div>\n            <\/div>\n\n            <p>I disturbi attentivi accompagnano frequentemente i deficit mnestici, creando un circolo vizioso in cui l'inattenzione impedisce la codifica corretta delle informazioni. Questa coesistenza sintomatica richiede un approccio terapeutico integrato, mirato simultaneamente alle capacit\u00e0 attentive e mnestiche.<\/p>\n<div class=\"key-points\">\n                <h4>\ud83d\udd11 Segnali di allerta da monitorare<\/h4>\n                <ul>\n                    <li>Dimenticanze ripetute di informazioni recenti<\/li>\n                    <li>Difficolt\u00e0 a seguire una conversazione complessa<\/li>\n                    <li>Perdita di riferimenti temporali o spaziali<\/li>\n                    <li>Disturbi di riconoscimento di volti familiari<\/li>\n                    <li>Difficolt\u00e0 nell'apprendimento di nuove routine<\/li>\n                    <li>Confabulazioni o falsi ricordi<\/li>\n                <\/ul>\n            <\/div>\n\n            <h2>3. Diagnosi e valutazione neuropsicologica approfondita<\/h2>\n\n            <p>La diagnosi dei disturbi mnestici post-Ictus si basa su un approccio multidisciplinare che combina esami clinici, valutazioni neuropsicologiche e imaging cerebrale. Questo approccio globale consente di caratterizzare precisamente i deficit cognitivi e di orientare le strategie di riabilitazione.<\/p>\n\n            <p>La valutazione neuropsicologica costituisce lo strumento diagnostico di riferimento, utilizzando batterie di test standardizzati per misurare oggettivamente i diversi componenti mnestici. Il Mini-Mental State Examination (MMSE), sebbene ampiamente utilizzato nella pratica clinica, presenta limiti importanti nella rilevazione dei disturbi mnestici sottili. Strumenti pi\u00f9 specializzati come il Montreal Cognitive Assessment (MoCA) o la batteria Rivermead offrono una sensibilit\u00e0 diagnostica superiore.<\/p>\n\n            <p>L'imaging per risonanza magnetica (IRM) rivela l'estensione e la localizzazione precisa delle lesioni cerebrali, informazioni cruciali per comprendere i meccanismi fisiopatologici dei disturbi osservati. L'IRM di diffusione e l'imaging di tensore di diffusione consentono di valutare l'integrit\u00e0 della sostanza bianca e dei fasci di connessioni interregionali.<\/p>\n\n            <div class=\"conseil-card\">\n                <h4>\ud83d\udccb Protocollo di valutazione DYNSEO<\/h4>\n                <p>Il nostro team raccomanda una valutazione iniziale entro 48-72 ore post-Ictus, seguita da valutazioni di controllo a 1 settimana, 1 mese, 3 mesi e 6 mesi per documentare precisamente l'evoluzione cognitiva e adattare le interventi terapeutiche.<\/p>\n            <\/div>\n\n            <p>La valutazione ecologica, realizzata nell'ambiente quotidiano del paziente, completa utilmente i test formali rivelando l'impatto funzionale reale dei disturbi mnestici. Questo approccio consente di identificare le situazioni problematiche specifiche e di adattare le strategie di compensazione ai bisogni individuali.<\/p>\n\n            <div class=\"tip-box\">\n<div class=\"tip-box-label\">\u26a1 Innovazione tecnologica<\/div>\n                <p>Le applicazioni di stimolazione cognitiva come <a href=\"https:\/\/www.dynseo.com\/it\/version-coco\/\" style=\"color: var(--color-rose); font-weight: 600;\">COCO PENSA e COCO SI MUOVE<\/a> integrano strumenti di valutazione continua, permettendo un monitoraggio obiettivo dei progressi e una personalizzazione ottimale degli esercizi.<\/p>\n            <\/div>\n\n            <h2>4. Fattori di rischio e meccanismi eziologici<\/h2>\n\n            <p>Comprendere i fattori di rischio specifici per i disturbi mnestici post-Ictus consente di identificare i pazienti pi\u00f9 vulnerabili e di ottimizzare le strategie preventive. Questi fattori interagiscono in modo complesso, creando un profilo di rischio individuale che \u00e8 opportuno analizzare attentamente.<\/p>\n\n            <p>L'et\u00e0 avanzata costituisce il fattore di rischio non modificabile pi\u00f9 significativo, a causa della diminuzione naturale della riserva cognitiva e della plasticit\u00e0 cerebrale con l'invecchiamento. I pazienti di et\u00e0 superiore ai 70 anni presentano un rischio tre volte maggiore di sviluppare disturbi mnestici persistenti dopo un Ictus, richiedendo una gestione rinforzata e prolungata.<\/p>\n\n            <p>I fattori vascolari preesistenti, in particolare l'ipertensione arteriosa, il diabete e le dislipidemie, indeboliscono la vascolarizzazione cerebrale e aumentano il rischio di complicazioni cognitive. La presenza di una leucoaraiosi (lesione della sostanza bianca) preesistente, comune nei pazienti anziani, aggrava significativamente la prognosi cognitiva.<\/p>\n\n            <div class=\"expert-box\">\n                <span class=\"expert-box-label\">Ricerca DYNSEO<\/span>\n                <div class=\"expert-box-title\">Fattori prognostici di recupero mnestico<\/div>\n                \n                <div class=\"expert-inner\">\n                    <div class=\"expert-inner-title\">Fattori favorevoli<\/div>\n                    <p>Et\u00e0 giovane, livello di istruzione elevato, assenza di precedenti neurologici, localizzazione corticale della lesione, preservazione dell'emisfero dominante, inizio precoce della riabilitazione.<\/p>\n                <\/div>\n\n                <div class=\"expert-inner\">\n                    <div class=\"expert-inner-title\">Fattori sfavorevoli<\/div>\n                    <p>Et\u00e0 avanzata, comorbidit\u00e0 multiple, lesione talamica bilaterale, idrocefalo post-Ictus, stato depressivo grave, isolamento sociale.<\/p>\n                <\/div>\n            <\/div>\n\n            <p>Il livello di istruzione e la complessit\u00e0 dell'attivit\u00e0 professionale precedente influenzano positivamente il recupero cognitivo, concetto riassunto dalla nozione di \"riserva cognitiva\". Questa riserva protettiva consente al cervello di compensare meglio le lesioni grazie a reti neuronali pi\u00f9 robuste e diversificate.<\/p>\n<div class=\"key-points\">\n                <h4>\ud83c\udfaf Strategie di prevenzione primaria<\/h4>\n                <ul>\n                    <li>Controllo ottimale dei fattori di rischio cardiovascolare<\/li>\n                    <li>Mantenimento di un'attivit\u00e0 fisica regolare<\/li>\n                    <li>Stimolazione cognitiva quotidiana preventiva<\/li>\n                    <li>Gestione dello stress e dei disturbi del sonno<\/li>\n                    <li>Alimentazione mediterranea neuroprotettiva<\/li>\n                    <li>Disintossicazione da fumo e moderazione alcolica<\/li>\n                <\/ul>\n            <\/div>\n\n            <h2>5. Complicazioni e ripercussioni funzionali<\/h2>\n\n            <p>I disturbi mnemonici post-Ictus generano complicazioni multiple che superano ampiamente il quadro cognitivo stretto, influenzando globalmente la qualit\u00e0 della vita dei pazienti e del loro entourage. Una comprensione approfondita di queste ripercussioni consente di anticipare le difficolt\u00e0 e di mettere in atto strategie di adattamento efficaci.<\/p>\n\n            <p>L'impatto sull'autonomia quotidiana costituisce la preoccupazione principale dei pazienti e delle famiglie. Le attivit\u00e0 strumentali della vita quotidiana, come la gestione delle finanze, l'assunzione dei farmaci o la guida automobilistica, diventano problematiche e richiedono spesso una supervisione o un'assistenza esterna. Questa perdita di indipendenza genera frustrazione e senso di inutilit\u00e0.<\/p>\n\n            <p>Le ripercussioni professionali rappresentano una questione socio-economica considerevole, particolarmente nei pazienti in et\u00e0 attiva. Secondo studi epidemiologici recenti, solo il 40% dei pazienti con disturbi mnemonici moderati riprende un'attivit\u00e0 professionale normale, richiedendo spesso adattamenti del posto di lavoro o una riqualificazione professionale.<\/p>\n\n            <div class=\"conseil-card\">\n                <h4>\ud83c\udfe0 Adattamento della casa<\/h4>\n                <p>L'adattamento dell'ambiente domestico gioca un ruolo cruciale nella compensazione dei disturbi mnemonici. Utilizzate promemoria visivi, sistemi di allerta per i farmaci e organizzate lo spazio in modo logico e prevedibile per facilitare gli automatismi.<\/p>\n            <\/div>\n\n            <p>I disturbi dell'umore, in particolare la depressione post-Ictus, complicano frequentemente l'evoluzione dei deficit mnemonici. Questa comorbidit\u00e0 psichiatrica, osservata nel 30-50% dei pazienti, alimenta un circolo vizioso in cui i disturbi mnemonici favoriscono la depressione, che a sua volta aggrava le prestazioni cognitive. Un intervento psicologico specializzato diventa quindi indispensabile.<\/p>\n\n            <div class=\"tip-box\">\n<div class=\"tip-box-label\">\ud83d\udcaa Sostegno familiare<\/div>\n                <p>Il supporto ai caregiver rappresenta un pilastro essenziale della presa in carico. Proponete formazioni specifiche ai familiari per ottimizzare il loro ruolo terapeutico e prevenire l'esaurimento.<\/p>\n            <\/div>\n\n            <p>La sicurezza domestica richiede una vigilanza particolare nei pazienti con disturbi mn\u00e9sici severi. I rischi di incidenti domestici, di intossicazione da farmaci o di vagabondaggio aumentano significativamente, giustificando talvolta l'implementazione di sistemi di telesorveglianza o di teleassistenza.<\/p>\n\n            <h2>6. Approcci farmacologici e neurostimolazione<\/h2>\n\n            <p>Il trattamento farmacologico dei disturbi mn\u00e9sici post-Ictus si basa su un approccio multidimensionale, volto a ottimizzare il recupero neurologico prevenendo le complicazioni secondarie. Le strategie terapeutiche evolvono costantemente grazie ai progressi della ricerca in neurofarmacologia.<\/p>\n\n            <p>Gli inibitori dell'acetilcolinesterasi, tradizionalmente utilizzati nella malattia di Alzheimer, mostrano un crescente interesse nella gestione dei disturbi mn\u00e9sici post-Ictus. Il donepezil e la rivastigmina migliorano modestamente le performance cognitive in alcuni pazienti, particolarmente in caso di compromissione colinergica. Tuttavia, la loro efficacia rimane limitata e deve essere valutata caso per caso.<\/p>\n\n            <p>Gli agenti neuroprotettivi rappresentano una via terapeutica promettente, mirata a limitare l'estensione delle lesioni cerebrali nelle fasi acute dell'Ictus. La citicolina, precursore dei fosfolipidi di membrana, facilita la riparazione neuronale e migliora le performance cognitive a lungo termine. Il suo utilizzo in fase subacuta mostra risultati incoraggianti in diversi studi clinici.<\/p>\n\n            <div class=\"expert-box\">\n                <span class=\"expert-box-label\">Innovazione Terapeutica<\/span>\n                <div class=\"expert-box-title\">Neurostimolazione non invasiva: prospettive future<\/div>\n                \n                <div class=\"expert-inner\">\n                    <div class=\"expert-inner-title\">Stimolazione magnetica transcranica (SMT)<\/div>\n                    <p>Questa tecnica consente di modulare l'attivit\u00e0 neuronale nelle aree lesionate o peri-lesionali, favorendo la plasticit\u00e0 cerebrale e il recupero funzionale. I protocolli ripetitivi mostrano un'efficacia promettente.<\/p>\n                <\/div>\n\n                <div class=\"expert-inner\">\n                    <div class=\"expert-inner-title\">Stimolazione elettrica transcranica<\/div>\n                    <p>L'applicazione di correnti a bassa intensit\u00e0 modifica l'eccitabilit\u00e0 corticale e potenzia gli effetti della riabilitazione cognitiva, creando sinergie terapeutiche interessanti.<\/p>\n                <\/div>\n            <\/div>\n\n            <p>La modulazione farmacologica della neuroplasticit\u00e0 costituisce un asse di ricerca particolarmente attivo. Gli agonisti dopaminergici, gli inibitori della ricaptazione della serotonina e alcuni nootropi mostrano effetti benefici sul recupero cognitivo potenziando i meccanismi di plasticit\u00e0 sinaptica.<\/p>\n<div class=\"key-points\">\n                <h4>\ud83d\udc8a Principi di prescrizione in neurologia post-Ictus<\/h4>\n                <ul>\n                    <li>Valutazione beneficio-rischio individualizzata<\/li>\n                    <li>Monitoraggio attento degli effetti collaterali<\/li>\n                    <li>Adattamento posologico in base alla funzione renale<\/li>\n                    <li>Interazioni farmacologiche da anticipare<\/li>\n                    <li>Durata del trattamento ottimale da definire<\/li>\n                    <li>Interruzione progressiva per evitare l'effetto rebound<\/li>\n                <\/ul>\n            <\/div>\n\n            <h2>7. Riabilitazione cognitiva e stimolazione cerebrale<\/h2>\n\n            <p>La riabilitazione cognitiva costituisce il pilastro terapeutico fondamentale nella gestione dei disturbi mnemonici post-Ictus. Questo approccio, basato sui principi della neuroplasticit\u00e0, mira a ripristinare le funzioni cognitive alterate mentre sviluppa strategie compensative efficaci per ottimizzare l'adattamento funzionale.<\/p>\n\n            <p>I programmi di stimolazione cognitiva strutturati, come <a href=\"https:\/\/www.dynseo.com\/it\/version-coco\/\" style=\"color: var(--color-bleu); font-weight: 600;\">COCO PENSA e COCO SI MUOVE<\/a>, propongono esercizi mirati e progressivi adattati alle capacit\u00e0 individuali di ogni paziente. Questi strumenti tecnologici rivoluzionano l'approccio riabilitativo permettendo una pratica quotidiana personalizzata, un monitoraggio obiettivo dei progressi e una motivazione rinforzata grazie alla ludificazione degli esercizi.<\/p>\n\n            <p>La riabilitazione della memoria di lavoro occupa un posto centrale nei protocolli terapeutici moderni. Questa funzione cognitiva, coinvolta nella maggior parte delle attivit\u00e0 quotidiane, pu\u00f2 essere significativamente migliorata attraverso un allenamento specifico. Gli esercizi di doppia attivit\u00e0, di aggiornamento continuo e di manipolazione mentale sollecitano attivamente le reti fronto-parietali responsabili di questa funzione.<\/p>\n\n            <div class=\"conseil-card\">\n                <h4>\ud83c\udfaf Protocollo di riabilitazione DYNSEO<\/h4>\n                <p>Il nostro approccio raccomanda sessioni quotidiane di 30-45 minuti, suddivise in 3 moduli di 10-15 minuti per ottimizzare l'attenzione e prevenire la fatica cognitiva. La gradualit\u00e0 e l'adattamento continuo degli esercizi garantiscono una sfida ottimale senza scoraggiamento.<\/p>\n            <\/div>\n\n            <p>L'allenamento metacognitivo insegna ai pazienti a conoscere meglio il proprio funzionamento cognitivo e a sviluppare strategie di auto-monitoraggio efficaci. Questo approccio favorisce il trasferimento delle competenze verso le situazioni ecologiche e migliora la fiducia nelle proprie capacit\u00e0, fattore determinante del successo riabilitativo.<\/p>\n\n            <div class=\"tip-box\">\n<div class=\"tip-box-label\">\ud83e\udde0 Tecnica di recupero spaziato<\/div>\n                <p>Questo metodo di apprendimento ottimizza la consolidazione mnestica spaziando progressivamente le ripetizioni. Iniziate con intervalli brevi (alcuni minuti) e poi aumentate progressivamente (ore, giorni, settimane) per massimizzare la ritenzione.<\/p>\n            <\/div>\n\n            <p>La realt\u00e0 virtuale emerge come uno strumento terapeutico innovativo, permettendo di ricreare ambienti ecologici controllati per l'allenamento cognitivo. Questa tecnologia facilita la generalizzazione delle acquisizioni verso la vita quotidiana proponendo situazioni di apprendimento immersive e motivanti.<\/p>\n\n            <h2>8. Strategie compensative e aiuti tecnici<\/h2>\n\n            <p>Lo sviluppo di strategie compensative costituisce un complemento indispensabile alla riabilitazione cognitiva diretta, particolarmente nei pazienti con deficit mnestici persistenti. Questi approcci mirano a eludere le difficolt\u00e0 cognitive utilizzando risorse preservate o aiuti esterni per mantenere l'autonomia funzionale.<\/p>\n\n            <p>Le memorie tradizionali, sebbene semplici, rimangono efficaci quando utilizzate in modo sistematico e organizzato. I quaderni di appunti strutturati, i calendari murali e i sistemi di etichettatura consentono di compensare le dimenticanze quotidiane. L'apprendimento del loro utilizzo richiede un allenamento specifico per diventare automatico.<\/p>\n\n            <p>Le tecnologie digitali offrono possibilit\u00e0 compensative sofisticate e personalizzabili. Gli smartphone dotati di applicazioni specializzate trasformano questi dispositivi in veri e propri assistenti cognitivi, proponendo promemoria, allarmi, geolocalizzazione e aiuto alla navigazione. L'interfaccia intuitiva di questi strumenti facilita la loro adozione da parte di pazienti non tecnologici.<\/p>\n\n            <div class=\"expert-box\">\n                <span class=\"expert-box-label\">Soluzioni DYNSEO<\/span>\n                <div class=\"expert-box-title\">Arsenale di aiuti tecnici raccomandati<\/div>\n                \n                <div class=\"expert-inner\">\n                    <div class=\"expert-inner-title\">Organizzatori cognitivi<\/div>\n                    <p>Agende elettroniche con allarmi multipli, applicazioni di gestione dei farmaci, sistemi di promemoria per appuntamenti con geolocalizzazione integrata.<\/p>\n                <\/div>\n\n                <div class=\"expert-inner\">\n                    <div class=\"expert-inner-title\">Aiuti alla comunicazione<\/div>\n                    <p>Quaderni di comunicazione illustrati, applicazioni di sintesi vocale, sistemi di videoconferenza semplificati per mantenere il legame sociale.<\/p>\n                <\/div>\n\n                <div class=\"expert-inner\">\n                    <div class=\"expert-inner-title\">Sicurezza domestica<\/div>\n                    <p>Rilevatori intelligenti, sistemi di teleassistenza, domotica adattata con comandi vocali semplificati.<\/p>\n                <\/div>\n            <\/div>\n\n            <p>L'allenamento alle tecniche mnemoniche classiche conserva tutta la sua pertinenza nell'arsenale terapeutico moderno. Il metodo dei luoghi, l'associazione di immagini mentali e la creazione di acronimi facilitano la memorizzazione di nuove informazioni facendo leva sulle capacit\u00e0 preservate di immaginazione mentale e memoria procedurale.<\/p>\n<div class=\"key-points\">\n                <h4>\ud83d\udee0\ufe0f Cassetta degli attrezzi compensativa<\/h4>\n                <ul>\n                    <li>Pillole elettroniche con avvisi sonori<\/li>\n                    <li>Orologi connessi con promemoria personalizzati<\/li>\n                    <li>Applicazioni di riconoscimento vocale<\/li>\n                    <li>Sistemi GPS semplificati per la navigazione<\/li>\n                    <li>Quaderni digitali sincronizzati<\/li>\n                    <li>Ambiente domotico adattativo<\/li>\n                <\/ul>\n            <\/div>\n\n            <h2>9. Nutrizione e stile di vita neuroprotettivi<\/h2>\n\n            <p>L'ottimizzazione nutrizionale e le modifiche dello stile di vita costituiscono leve terapeutiche spesso sottovalutate nel recupero cognitivo post-Ictus. Queste interventi non farmacologici, accessibili e senza effetti collaterali, potenziano gli effetti della riabilitazione formale e favoriscono la neurogenesi.<\/p>\n\n            <p>La dieta mediterranea, ricca di acidi grassi omega-3, antiossidanti e polifenoli, esercita effetti neuroprotettivi documentati da numerosi studi epidemiologici. I pesci grassi, le noci, i frutti rossi e l'olio d'oliva extravergine forniscono i nutrienti essenziali per la salute cerebrale e il recupero neuronale post-lesionale.<\/p>\n\n            <p>L'attivit\u00e0 fisica adattata rappresenta una delle interventi pi\u00f9 efficaci per stimolare la neuroplasticit\u00e0 e migliorare le prestazioni cognitive. L'esercizio aerobico moderato, praticato regolarmente, aumenta la produzione di fattori neurotrofici (BDNF), favorisce l'angiogenesi cerebrale e migliora la connettivit\u00e0 inter-emisferica.<\/p>\n\n            <div class=\"conseil-card\">\n                <h4>\ud83e\udd57 Programma nutrizionale post-Ictus<\/h4>\n                <p>Privilegiate 3 porzioni di pesci grassi a settimana, 5 frutti e verdure quotidiani, cereali integrali e limitate gli zuccheri rapidi. Mantenete un'idratazione ottimale (1,5-2L\/giorno) per favorire la circolazione cerebrale.<\/p>\n            <\/div>\n\n            <p>La qualit\u00e0 del sonno influisce direttamente sui processi di consolidamento mnemonico e di recupero neuronale. I disturbi del sonno, frequenti dopo un Ictus, devono essere sistematicamente ricercati e trattati. L'igiene del sonno, che include la regolarit\u00e0 degli orari e l'ottimizzazione dell'ambiente, costituisce la prima linea terapeutica.<\/p>\n\n            <div class=\"tip-box\">\n<div class=\"tip-box-label\">\ud83d\ude34 Ottimizzazione del sonno<\/div>\n                <p>Rispetta un orario di sonno regolare, evita gli schermi 2 ore prima di andare a letto, mantieni una temperatura fresca (18-19\u00b0C) e pratica tecniche di rilassamento per favorire l'addormentamento.<\/p>\n            <\/div>\n\n            <p>La gestione dello stress cronico, attraverso tecniche di meditazione, coerenza cardiaca o yoga adattato, riduce l'iper-cortisolismo deleterio per il recupero cognitivo. Queste pratiche corpo-mente migliorano anche l'umore e la qualit\u00e0 della vita globale dei pazienti.<\/p>\n\n            <h2>10. Monitoraggio medico e sorveglianza dell'evoluzione<\/h2>\n\n            <p>Il monitoraggio medico regolare dei pazienti con disturbi mnemonici post-Ictus richiede un approccio coordinato che coinvolge neurologi, geriatri, neuropsicologi e medici curanti. Questa sorveglianza consente di adattare i trattamenti, rilevare precocemente le complicazioni e ottimizzare il percorso di recupero.<\/p>\n\n            <p>La valutazione cognitiva seriale, effettuata a intervalli regolari (3, 6, 12 mesi), documenta oggettivamente l'evoluzione delle prestazioni e guida le decisioni terapeutiche. Le batterie di test standardizzati consentono un confronto affidabile nel tempo e tra i diversi ambiti cognitivi. Questo approccio quantitativo completa la valutazione clinica soggettiva.<\/p>\n\n            <p>Il monitoraggio dei fattori di rischio cardiovascolare rappresenta una questione fondamentale per la prevenzione secondaria. L'ottimizzazione del controllo della pressione, della glicemia e dei lipidi riduce significativamente il rischio di recidiva di Ictus e protegge la funzione cognitiva residua. Questa prevenzione attiva richiede un'aderenza terapeutica rigorosa.<\/p>\n\n            <div class=\"expert-box\">\n                <span class=\"expert-box-label\">Protocollo DYNSEO<\/span>\n                <div class=\"expert-box-title\">Piano di monitoraggio strutturato post-Ictus<\/div>\n                \n                <div class=\"expert-inner\">\n                    <div class=\"expert-inner-title\">Fase acuta (G0-G15)<\/div>\n                    <p>Valutazione neurologica quotidiana, bilancio cognitivo iniziale non appena stabilizzato, imaging cerebrale di controllo, inizio precoce della stimolazione cognitiva con COCO PENSA.<\/p>\n                <\/div>\n\n                <div class=\"expert-inner\">\n                    <div class=\"expert-inner-title\">Fase subacuta (G15-M6)<\/div>\n                    <p>Consultazioni mensili multidisciplinari, rivalutazioni cognitive trimestrali, aggiustamenti terapeutici regolari, intensificazione della riabilitazione cognitiva.<\/p>\n                <\/div>\n\n                <div class=\"expert-inner\">\n                    <div class=\"expert-inner-title\">Fase cronica (M6+)<\/div>\n                    <p>Monitoraggio semestrale e poi annuale, mantenimento della stimolazione cognitiva, prevenzione del declino, valutazione dell'autonomia, supporto ai caregiver.<\/p>\n                <\/div>\n            <\/div>\n\n            <p>La rilevazione precoce delle complicazioni psichiatriche, in particolare la depressione e l'ansia, migliora significativamente la prognosi globale. L'uso di scale validate come la Hospital Anxiety and Depression Scale (HADS) facilita l'individuazione sistematica di questi disturbi e la loro gestione specializzata.<\/p>\n<div class=\"key-points\">\n                <h4>\ud83d\udccb Indicatori di sorveglianza prioritari<\/h4>\n                <ul>\n                    <li>Evoluzione dei punteggi cognitivi standardizzati<\/li>\n                    <li>Autonomia nelle attivit\u00e0 quotidiane<\/li>\n                    <li>Qualit\u00e0 della vita e benessere psicologico<\/li>\n                    <li>Osservanza terapeutica e riabilitativa<\/li>\n                    <li>Fattori di rischio cardiovascolare<\/li>\n                    <li>Sostegno familiare e sociale disponibile<\/li>\n                <\/ul>\n            <\/div>\n\n            <h2>11. Impatto familiare e strategie di accompagnamento dei caregiver<\/h2>\n\n            <p>I disturbi mnestici post-Ictus sconvolgono profondamente l'equilibrio familiare e trasformano le dinamiche relazionali stabilite. I familiari diventano spesso caregiver naturali, assumendo nuove responsabilit\u00e0 senza preparazione specifica. Questa situazione genera stress, esaurimento e rischio di burn-out, richiedendo un sostegno professionale adeguato.<\/p>\n\n            <p>La formazione dei caregiver familiari costituisce un investimento terapeutico redditizio, migliorando simultaneamente la qualit\u00e0 dell'accompagnamento e riducendo il carico percepito. Questi programmi educativi affrontano gli aspetti pratici della stimolazione cognitiva quotidiana, l'utilizzo degli strumenti tecnologici come <a href=\"https:\/\/www.dynseo.com\/it\/version-coco\/\" style=\"color: var(--color-bleu); font-weight: 600;\">COCO PENSA e COCO SI MUOVE<\/a>, e le tecniche di comunicazione adeguate.<\/p>\n\n            <p>L'adattamento della comunicazione familiare favorisce l'inclusione del paziente nelle attivit\u00e0 sociali e previene l'isolamento. Le strategie di comunicazione semplificata, l'utilizzo di supporti visivi e la pazienza benevola creano un ambiente favorevole al recupero cognitivo e al mantenimento dei legami affettivi.<\/p>\n\n            <div class=\"conseil-card\">\n                <h4>\ud83d\udc68\u200d\ud83d\udc69\u200d\ud83d\udc67\u200d\ud83d\udc66 Guida alla comunicazione familiare<\/h4>\n                <p>Parlate lentamente e chiaramente, utilizzate frasi brevi, lasciate tempo per la risposta, evitate domande multiple simultanee e valorizzate ogni sforzo di comunicazione per mantenere la fiducia e la motivazione.<\/p>\n            <\/div>\n\n            <p>I gruppi di sostegno per caregiver offrono uno spazio di scambio e condivisione di esperienze preziose per rompere l'isolamento e acquisire nuove strategie di adattamento. Questi incontri, condotti da professionisti, permettono l'espressione di emozioni difficili e la normalizzazione dei sentimenti di impotenza o colpa.<\/p>\n\n            <div class=\"tip-box\">\n<div class=\"tip-box-label\">\ud83e\udd1d Rete di supporto<\/div>\n                <p>Diversificate le fonti di aiuto (famiglia, amici, professionisti, associazioni) per evitare il sovraccarico di un caregiver principale. Organizzate un piano di presenza rotante e non esitate a richiedere i servizi di assistenza domiciliare.<\/p>\n            <\/div>\n\n            <p>La preservazione della relazione coniugale o filiale nonostante i cambiamenti cognitivi richiede adattamento e creativit\u00e0. Mantenere attivit\u00e0 condivise adeguate, ridefinire i ruoli familiari e accettare la nuova dinamica relazionale costituiscono sfide importanti che spesso richiedono un supporto psicologico professionale.<\/p>\n\n            <h2>12. Tecnologie emergenti e prospettive terapeutiche<\/h2>\n\n            <p>L'innovazione tecnologica sta attualmente rivoluzionando la gestione dei disturbi mn\u00e9sici post-Ictus, aprendo prospettive terapeutiche senza precedenti. Questi progressi, che uniscono neuroscienze, informatica e intelligenza artificiale, personalizzano le interventi e ottimizzano l'efficacia riabilitativa grazie a approcci su misura.<\/p>\n\n            <p>L'intelligenza artificiale integrata nei programmi di stimolazione cognitiva consente un adattamento dinamico degli esercizi in base alle performance in tempo reale. Questi algoritmi di apprendimento automatico analizzano i modelli di risposta individuali e regolano automaticamente la difficolt\u00e0, la modalit\u00e0 e la frequenza delle stimolazioni per mantenere una sfida ottimale.<\/p>\n\n            <p>La realt\u00e0 virtuale immersiva crea ambienti di allenamento ecologici controllati, facilitando il trasferimento delle competenze nella vita quotidiana. Questi simulatori permettono di riprodurre fedelmente le situazioni problematiche (spesa, guida, cucina) in un contesto sicuro e di ripetere gli apprendimenti fino alla loro automazione.<\/p>\n\n            <div class=\"expert-box\">\n                <span class=\"expert-box-label\">Innovazione DYNSEO<\/span>\n                <div class=\"expert-box-title\">Tecnologie all'avanguardia in sviluppo<\/div>\n                \n                <div class=\"expert-inner\">\n                    <div class=\"expert-inner-title\">Neurofeedback EEG in tempo reale<\/div>\n                    <p>Questa tecnologia consente l'allenamento diretto dell'attivit\u00e0 cerebrale tramite biofeedback, ottimizzando i modelli di onde cerebrali associati alle performance mn\u00e9siche ottimali.<\/p>\n                <\/div>\n\n                <div class=\"expert-inner\">\n                    <div class=\"expert-inner-title\">Interfacce cervello-computer<\/div>\n                    <p>Questi sistemi rivoluzionari consentono un controllo diretto degli esercizi cognitivi tramite il pensiero, aprendo possibilit\u00e0 senza precedenti per i pazienti con deficit motori associati.<\/p>\n                <\/div>\n\n                <div class=\"expert-inner\">\n                    <div class=\"expert-inner-title\">Terapie geniche neuroprotettive<\/div>\n                    <p>Le approcci di terapia genica che mirano ai fattori di crescita neuronale rappresentano il futuro della neuroprotezione e della rigenerazione cerebrale.<\/p>\n                <\/div>\n            <\/div>\n\n            <p>I biomarcatori digitali, raccolti in continuo dagli oggetti connessi, consentono un monitoraggio preciso dell'evoluzione cognitiva e l'aggiustamento delle interventi in tempo reale. Questi dati oggettivi completano la valutazione clinica tradizionale e permettono una medicina personalizzata di precisione.<\/p>\n<div class=\"key-points\">\n                <h4>\ud83d\ude80 Orizzonti tecnologici promettenti<\/h4>\n                <ul>\n                    <li>Stimolazione ottogenetica dei circuiti mnemonici<\/li>\n                    <li>Protesi cognitive impiantabili<\/li>\n                    <li>Terapie cellulari rigenerative<\/li>\n                    <li>Modellazione predittiva tramite IA<\/li>\n                    <li>Realt\u00e0 aumentata terapeutica<\/li>\n                    <li>Nanotecnologie neuroprotettive<\/li>\n                <\/ul>\n            <\/div>\n\n            <div class=\"faq-list\">\n                <h2>\u2753 Domande frequenti sulla perdita di memoria post-Ictus<\/h2>\n                \n                <div class=\"faq-item\">\n                    <div class=\"faq-q\">\n                        <span>Quanto tempo ci vuole per recuperare la memoria dopo un Ictus?<\/span>\n                        <span class=\"faq-icon\">+<\/span>\n                    <\/div>\n                    <div class=\"faq-a\">\n                        <p>Il recupero mnemonico varia notevolmente a seconda dell'estensione delle lesioni cerebrali, dell'et\u00e0 del paziente e della tempestivit\u00e0 dell'intervento. I miglioramenti pi\u00f9 significativi si osservano generalmente nei primi 6 mesi, con una finestra terapeutica ottimale che si estende fino a 12-18 mesi post-Ictus. Alcuni pazienti continuano a progredire oltre, particolarmente con una stimolazione cognitiva regolare come quella proposta da COCO PENSA e COCO SI MUOVE.<\/p>\n                    <\/div>\n                <\/div>\n\n                <div class=\"faq-item\">\n                    <div class=\"faq-q\">\n                        <span>I disturbi di memoria dopo un Ictus sono definitivi?<\/span>\n                        <span class=\"faq-icon\">+<\/span>\n                    <\/div>\n                    <div class=\"faq-a\">\n                        <p>No, i disturbi mnemonici non sono necessariamente definitivi. Grazie alla plasticit\u00e0 cerebrale, il cervello pu\u00f2 sviluppare nuovi circuiti neuronali per compensare le aree danneggiate. Circa l'85% dei pazienti mostra un miglioramento con una riabilitazione adeguata. Il recupero completo \u00e8 possibile, particolarmente nei pazienti giovani con lesioni localizzate e un intervento precoce.<\/p>\n                    <\/div>\n                <\/div>\n\n                <div class=\"faq-item\">\n                    <div class=\"faq-q\">\n                        <span>Quali sono i segni che indicano un recupero della memoria?<\/span>\n                        <span class=\"faq-icon\">+<\/span>\n                    <\/div>\n<div class=\"faq-a\">\n                        <p>I segni di recupero includono: un miglioramento della capacit\u00e0 di trattenere nuove informazioni, un miglior richiamo degli eventi recenti, una concentrazione prolungata durante le conversazioni, una diminuzione della necessit\u00e0 di aiuti esterni alla memoria e un recupero graduale dell'autonomia nelle attivit\u00e0 quotidiane. Questi progressi possono essere sottili all'inizio e richiedono una valutazione professionale regolare per essere oggettivati.<\/p>\n                    <\/div>\n<script type=\"application\/ld+json\">\n{\n  \"@context\": \"https:\/\/schema.org\",\n  \"@graph\": [\n    {\n      \"@type\": \"Article\",\n      \"@id\": \"https:\/\/www.dynseo.com\/comprendre-la-perte-de-memoire-soudaine-suite-a-un-avc-symptomes-causes-et-traitements\/#article\",\n      \"headline\": \"Comprendre la perte de memoria soudaine suite \u00e0 un AVC : Sympt\u00f4mes, causes et traitements\",\n      \"description\": \"memoria post-AVCnnnR\u00e9\u00e9ducation CognitivennComprendre la perte de memoria soudaine suite \u00e0 un AVC : Sympt\u00f4mes, causes et traitementsnnn\ud83d\udcc5 Avri\",\n      \"image\": {\n        \"@type\": \"ImageObject\",\n        \"url\": \"https:\/\/www.dynseo.com\/wp-content\/uploads\/2024\/01\/dynseo-logo.png\"\n      },\n      \"author\": {\n        \"@type\": \"Organization\",\n        \"@id\": \"https:\/\/www.dynseo.com\/#organization\"\n      },\n      \"publisher\": {\n        \"@type\": \"Organization\",\n        \"@id\": \"https:\/\/www.dynseo.com\/#organization\"\n      },\n      \"datePublished\": \"2026-04-07\",\n      \"dateModified\": \"2026-04-07\",\n      \"aggregateRating\": {\n        \"@type\": \"AggregateRating\",\n        \"ratingValue\": \"4.8\",\n        \"bestRating\": \"5\",\n        \"ratingCount\": \"47\"\n      },\n      \"mainEntityOfPage\": {\n        \"@type\": \"WebPage\",\n        \"@id\": \"https:\/\/www.dynseo.com\/comprendre-la-perte-de-memoire-soudaine-suite-a-un-avc-symptomes-causes-et-traitements\/\"\n      }\n    },\n    {\n      \"@type\": \"Organization\",\n      \"@id\": \"https:\/\/www.dynseo.com\/#organization\",\n      \"name\": \"DYNSEO\",\n      \"url\": \"https:\/\/www.dynseo.com\",\n      \"logo\": {\n        \"@type\": \"ImageObject\",\n        \"url\": \"https:\/\/www.dynseo.com\/wp-content\/uploads\/2024\/01\/dynseo-logo.png\"\n      }\n    },\n    {\n      \"@type\": \"WebPage\",\n      \"@id\": \"https:\/\/www.dynseo.com\/comprendre-la-perte-de-memoire-soudaine-suite-a-un-avc-symptomes-causes-et-traitements\/\",\n      \"url\": \"https:\/\/www.dynseo.com\/comprendre-la-perte-de-memoire-soudaine-suite-a-un-avc-symptomes-causes-et-traitements\/\",\n      \"name\": \"Comprendre la perte de memoria soudaine suite \u00e0 un AVC : Sympt\u00f4mes, causes et traitements\",\n      \"isPartOf\": {\n        \"@type\": \"WebSite\",\n        \"@id\": \"https:\/\/www.dynseo.com\/#website\"\n      },\n      \"breadcrumb\": {\n        \"@type\": \"BreadcrumbList\",\n        \"itemListElement\": [\n          {\n            \"@type\": \"ListItem\",\n            \"position\": 1,\n            \"name\": \"Accueil\",\n            \"item\": \"https:\/\/www.dynseo.com\/\"\n          },\n          {\n            \"@type\": \"ListItem\",\n            \"position\": 2,\n            \"name\": \"Blog\",\n            \"item\": \"https:\/\/www.dynseo.com\/blog\/\"\n          },\n          {\n            \"@type\": \"ListItem\",\n            \"position\": 3,\n            \"name\": \"Comprendre la perte de memoria soudaine suite \u00e0 un AVC : Sympt\u00f4mes, causes et traitements\"\n          }\n        ]\n      }\n    },\n    {\n      \"@type\": \"FAQPage\",\n      \"mainEntity\": [\n        {\n          \"@type\": \"Question\",\n          \"name\": \"Combien de temps faut-il pour r\u00e9cup\u00e9rer sa memoria apr\u00e8s un AVC ?\",\n          \"acceptedAnswer\": {\n            \"@type\": \"Answer\",\n            \"text\": \"La r\u00e9cup\u00e9ration de la memoria apr\u00e8s un AVC varie consid\u00e9rablement d'une personne \u00e0 l'autre. G\u00e9n\u00e9ralement, les am\u00e9liorations les plus significatives se produisent dans les 3 \u00e0 6 premiers mois, mais la r\u00e9cup\u00e9ration peut continuer pendant des ann\u00e9es avec une r\u00e9\u00e9ducation appropri\u00e9e et un entra\u00eenement cognitif r\u00e9gulier.\"\n          }\n        },\n        {\n          \"@type\": \"Question\",\n          \"name\": \"Les troubles de memoria apr\u00e8s un AVC sont-ils d\u00e9finitifs ?\",\n          \"acceptedAnswer\": {\n            \"@type\": \"Answer\",\n            \"text\": \"Les troubles de memoria apr\u00e8s un AVC ne sont pas n\u00e9cessairement d\u00e9finitifs. Gr\u00e2ce \u00e0 la neuroplasticit\u00e9 du cerveau, il est possible de r\u00e9cup\u00e9rer certaines fonctions ou de d\u00e9velopper des strat\u00e9gies compensatoires. La r\u00e9\u00e9ducation cognitive, l'orthophonie et les exercices de stimolazione cognitiva peuvent grandement am\u00e9liorer les capacit\u00e9s mn\u00e9siques.\"\n          }\n        },\n        {\n          \"@type\": \"Question\",\n          \"name\": \"Quels sont les signes qui indiquent une r\u00e9cup\u00e9ration de la memoria ?\",\n          \"acceptedAnswer\": {\n            \"@type\": \"Answer\",\n            \"text\": \"Les signes de r\u00e9cup\u00e9ration de la memoria incluent : l'am\u00e9lioration de la capacit\u00e9 \u00e0 retenir de nouvelles informations, la r\u00e9cup\u00e9ration progressive des souvenirs ant\u00e9rieurs, une meilleure orientation dans le temps et l'espace, la capacit\u00e9 \u00e0 suivre des conversations complexes, et l'am\u00e9lioration de l'autonomie dans les activit\u00e9s quotidiennes.\"\n          }\n        }\n      ]\n    }\n  ]\n}\n<\/script>[\/et_pb_code][\/et_pb_column][\/et_pb_row][\/et_pb_section]","_et_gb_content_width":"","footnotes":""},"categories":[2915],"tags":[],"class_list":["post-565132","post","type-post","status-publish","format-standard","has-post-thumbnail","hentry","category-les-conseils-des-coachs"],"yoast_head":"<!-- This site is optimized with the Yoast SEO plugin v27.4 - https:\/\/yoast.com\/product\/yoast-seo-wordpress\/ -->\n<title>Comprendere la perdita di memoria improvvisa a seguito di un ictus: Sintomi, cause e trattamenti - DYNSEO - App educativa e giochi di memoria<\/title>\n<meta name=\"robots\" content=\"index, follow, max-snippet:-1, max-image-preview:large, max-video-preview:-1\" \/>\n<link rel=\"canonical\" href=\"https:\/\/www.dynseo.com\/it\/comprendere-la-perdita-di-memoria-improvvisa-a-seguito-di-un-ictus-sintomi-cause-e-trattamenti\/\" \/>\n<meta property=\"og:locale\" content=\"it_IT\" \/>\n<meta property=\"og:type\" content=\"article\" \/>\n<meta property=\"og:title\" content=\"Comprendere la perdita di memoria improvvisa a seguito di un ictus: Sintomi, cause e trattamenti - DYNSEO - App educativa e giochi di memoria\" \/>\n<meta property=\"og:url\" content=\"https:\/\/www.dynseo.com\/it\/comprendere-la-perdita-di-memoria-improvvisa-a-seguito-di-un-ictus-sintomi-cause-e-trattamenti\/\" \/>\n<meta property=\"og:site_name\" content=\"DYNSEO - App educativa e giochi di memoria\" \/>\n<meta property=\"article:published_time\" content=\"2026-04-27T11:32:49+00:00\" \/>\n<meta property=\"article:modified_time\" content=\"2026-04-27T11:39:02+00:00\" \/>\n<meta property=\"og:image\" content=\"https:\/\/www.dynseo.com\/wp-content\/uploads\/2024\/03\/accompagnement-avc-1024x768.png\" \/>\n\t<meta property=\"og:image:width\" content=\"1024\" \/>\n\t<meta property=\"og:image:height\" content=\"768\" \/>\n\t<meta property=\"og:image:type\" content=\"image\/png\" \/>\n<meta name=\"author\" content=\"DYNSEO\" \/>\n<meta name=\"twitter:label1\" content=\"Scritto da\" \/>\n\t<meta name=\"twitter:data1\" content=\"DYNSEO\" \/>\n\t<meta name=\"twitter:label2\" content=\"Tempo di lettura stimato\" \/>\n\t<meta name=\"twitter:data2\" content=\"19 minuti\" \/>\n<script type=\"application\/ld+json\" class=\"yoast-schema-graph\">{\"@context\":\"https:\\\/\\\/schema.org\",\"@graph\":[{\"@type\":\"Article\",\"@id\":\"https:\\\/\\\/www.dynseo.com\\\/it\\\/comprendere-la-perdita-di-memoria-improvvisa-a-seguito-di-un-ictus-sintomi-cause-e-trattamenti\\\/#article\",\"isPartOf\":{\"@id\":\"https:\\\/\\\/www.dynseo.com\\\/it\\\/comprendere-la-perdita-di-memoria-improvvisa-a-seguito-di-un-ictus-sintomi-cause-e-trattamenti\\\/\"},\"author\":{\"name\":\"DYNSEO\",\"@id\":\"https:\\\/\\\/www.dynseo.com\\\/it\\\/#\\\/schema\\\/person\\\/78ef63df2ee64e0989bc68f8401b38d6\"},\"headline\":\"Comprendere la perdita di memoria improvvisa a seguito di un ictus: Sintomi, cause e trattamenti\",\"datePublished\":\"2026-04-27T11:32:49+00:00\",\"dateModified\":\"2026-04-27T11:39:02+00:00\",\"mainEntityOfPage\":{\"@id\":\"https:\\\/\\\/www.dynseo.com\\\/it\\\/comprendere-la-perdita-di-memoria-improvvisa-a-seguito-di-un-ictus-sintomi-cause-e-trattamenti\\\/\"},\"wordCount\":4008,\"publisher\":{\"@id\":\"https:\\\/\\\/www.dynseo.com\\\/it\\\/#organization\"},\"image\":{\"@id\":\"https:\\\/\\\/www.dynseo.com\\\/it\\\/comprendere-la-perdita-di-memoria-improvvisa-a-seguito-di-un-ictus-sintomi-cause-e-trattamenti\\\/#primaryimage\"},\"thumbnailUrl\":\"https:\\\/\\\/www.dynseo.com\\\/wp-content\\\/uploads\\\/2024\\\/03\\\/accompagnement-avc.png\",\"articleSection\":[\"Les conseils des coachs\"],\"inLanguage\":\"it-IT\"},{\"@type\":\"WebPage\",\"@id\":\"https:\\\/\\\/www.dynseo.com\\\/it\\\/comprendere-la-perdita-di-memoria-improvvisa-a-seguito-di-un-ictus-sintomi-cause-e-trattamenti\\\/\",\"url\":\"https:\\\/\\\/www.dynseo.com\\\/it\\\/comprendere-la-perdita-di-memoria-improvvisa-a-seguito-di-un-ictus-sintomi-cause-e-trattamenti\\\/\",\"name\":\"Comprendere la perdita di memoria improvvisa a seguito di un ictus: Sintomi, cause e trattamenti - DYNSEO - App educativa e giochi di memoria\",\"isPartOf\":{\"@id\":\"https:\\\/\\\/www.dynseo.com\\\/it\\\/#website\"},\"primaryImageOfPage\":{\"@id\":\"https:\\\/\\\/www.dynseo.com\\\/it\\\/comprendere-la-perdita-di-memoria-improvvisa-a-seguito-di-un-ictus-sintomi-cause-e-trattamenti\\\/#primaryimage\"},\"image\":{\"@id\":\"https:\\\/\\\/www.dynseo.com\\\/it\\\/comprendere-la-perdita-di-memoria-improvvisa-a-seguito-di-un-ictus-sintomi-cause-e-trattamenti\\\/#primaryimage\"},\"thumbnailUrl\":\"https:\\\/\\\/www.dynseo.com\\\/wp-content\\\/uploads\\\/2024\\\/03\\\/accompagnement-avc.png\",\"datePublished\":\"2026-04-27T11:32:49+00:00\",\"dateModified\":\"2026-04-27T11:39:02+00:00\",\"breadcrumb\":{\"@id\":\"https:\\\/\\\/www.dynseo.com\\\/it\\\/comprendere-la-perdita-di-memoria-improvvisa-a-seguito-di-un-ictus-sintomi-cause-e-trattamenti\\\/#breadcrumb\"},\"inLanguage\":\"it-IT\",\"potentialAction\":[{\"@type\":\"ReadAction\",\"target\":[\"https:\\\/\\\/www.dynseo.com\\\/it\\\/comprendere-la-perdita-di-memoria-improvvisa-a-seguito-di-un-ictus-sintomi-cause-e-trattamenti\\\/\"]}]},{\"@type\":\"ImageObject\",\"inLanguage\":\"it-IT\",\"@id\":\"https:\\\/\\\/www.dynseo.com\\\/it\\\/comprendere-la-perdita-di-memoria-improvvisa-a-seguito-di-un-ictus-sintomi-cause-e-trattamenti\\\/#primaryimage\",\"url\":\"https:\\\/\\\/www.dynseo.com\\\/wp-content\\\/uploads\\\/2024\\\/03\\\/accompagnement-avc.png\",\"contentUrl\":\"https:\\\/\\\/www.dynseo.com\\\/wp-content\\\/uploads\\\/2024\\\/03\\\/accompagnement-avc.png\",\"width\":2000,\"height\":1500,\"caption\":\"Allena il tuo cervello con l'app di stimolazione cognitiva DYNSEO\"},{\"@type\":\"BreadcrumbList\",\"@id\":\"https:\\\/\\\/www.dynseo.com\\\/it\\\/comprendere-la-perdita-di-memoria-improvvisa-a-seguito-di-un-ictus-sintomi-cause-e-trattamenti\\\/#breadcrumb\",\"itemListElement\":[{\"@type\":\"ListItem\",\"position\":1,\"name\":\"Accueil\",\"item\":\"https:\\\/\\\/www.dynseo.com\\\/it\\\/\"},{\"@type\":\"ListItem\",\"position\":2,\"name\":\"Comprendere la perdita di memoria improvvisa a seguito di un ictus: Sintomi, cause e trattamenti\"}]},{\"@type\":\"WebSite\",\"@id\":\"https:\\\/\\\/www.dynseo.com\\\/it\\\/#website\",\"url\":\"https:\\\/\\\/www.dynseo.com\\\/it\\\/\",\"name\":\"Jeux de m\u00e9moire et stimulation cognitive\",\"description\":\"Con DYNSEO, la tua memoria mette il turbo!\",\"publisher\":{\"@id\":\"https:\\\/\\\/www.dynseo.com\\\/it\\\/#organization\"},\"potentialAction\":[{\"@type\":\"SearchAction\",\"target\":{\"@type\":\"EntryPoint\",\"urlTemplate\":\"https:\\\/\\\/www.dynseo.com\\\/it\\\/?s={search_term_string}\"},\"query-input\":{\"@type\":\"PropertyValueSpecification\",\"valueRequired\":true,\"valueName\":\"search_term_string\"}}],\"inLanguage\":\"it-IT\"},{\"@type\":\"Organization\",\"@id\":\"https:\\\/\\\/www.dynseo.com\\\/it\\\/#organization\",\"name\":\"DYNSEO\",\"url\":\"https:\\\/\\\/www.dynseo.com\\\/it\\\/\",\"logo\":{\"@type\":\"ImageObject\",\"inLanguage\":\"it-IT\",\"@id\":\"https:\\\/\\\/www.dynseo.com\\\/it\\\/#\\\/schema\\\/logo\\\/image\\\/\",\"url\":\"https:\\\/\\\/www.dynseo.com\\\/wp-content\\\/uploads\\\/2022\\\/05\\\/logo-dynseo-new.png\",\"contentUrl\":\"https:\\\/\\\/www.dynseo.com\\\/wp-content\\\/uploads\\\/2022\\\/05\\\/logo-dynseo-new.png\",\"width\":5073,\"height\":1397,\"caption\":\"DYNSEO\"},\"image\":{\"@id\":\"https:\\\/\\\/www.dynseo.com\\\/it\\\/#\\\/schema\\\/logo\\\/image\\\/\"}},{\"@type\":\"Person\",\"@id\":\"https:\\\/\\\/www.dynseo.com\\\/it\\\/#\\\/schema\\\/person\\\/78ef63df2ee64e0989bc68f8401b38d6\",\"name\":\"DYNSEO\",\"url\":\"https:\\\/\\\/www.dynseo.com\\\/it\\\/author\\\/justine\\\/\"}]}<\/script>\n<!-- \/ Yoast SEO plugin. -->","yoast_head_json":{"title":"Comprendere la perdita di memoria improvvisa a seguito di un ictus: Sintomi, cause e trattamenti - DYNSEO - App educativa e giochi di memoria","robots":{"index":"index","follow":"follow","max-snippet":"max-snippet:-1","max-image-preview":"max-image-preview:large","max-video-preview":"max-video-preview:-1"},"canonical":"https:\/\/www.dynseo.com\/it\/comprendere-la-perdita-di-memoria-improvvisa-a-seguito-di-un-ictus-sintomi-cause-e-trattamenti\/","og_locale":"it_IT","og_type":"article","og_title":"Comprendere la perdita di memoria improvvisa a seguito di un ictus: Sintomi, cause e trattamenti - DYNSEO - App educativa e giochi di memoria","og_url":"https:\/\/www.dynseo.com\/it\/comprendere-la-perdita-di-memoria-improvvisa-a-seguito-di-un-ictus-sintomi-cause-e-trattamenti\/","og_site_name":"DYNSEO - App educativa e giochi di memoria","article_published_time":"2026-04-27T11:32:49+00:00","article_modified_time":"2026-04-27T11:39:02+00:00","og_image":[{"width":1024,"height":768,"url":"https:\/\/www.dynseo.com\/wp-content\/uploads\/2024\/03\/accompagnement-avc-1024x768.png","type":"image\/png"}],"author":"DYNSEO","twitter_misc":{"Scritto da":"DYNSEO","Tempo di lettura stimato":"19 minuti"},"schema":{"@context":"https:\/\/schema.org","@graph":[{"@type":"Article","@id":"https:\/\/www.dynseo.com\/it\/comprendere-la-perdita-di-memoria-improvvisa-a-seguito-di-un-ictus-sintomi-cause-e-trattamenti\/#article","isPartOf":{"@id":"https:\/\/www.dynseo.com\/it\/comprendere-la-perdita-di-memoria-improvvisa-a-seguito-di-un-ictus-sintomi-cause-e-trattamenti\/"},"author":{"name":"DYNSEO","@id":"https:\/\/www.dynseo.com\/it\/#\/schema\/person\/78ef63df2ee64e0989bc68f8401b38d6"},"headline":"Comprendere la perdita di memoria improvvisa a seguito di un ictus: Sintomi, cause e trattamenti","datePublished":"2026-04-27T11:32:49+00:00","dateModified":"2026-04-27T11:39:02+00:00","mainEntityOfPage":{"@id":"https:\/\/www.dynseo.com\/it\/comprendere-la-perdita-di-memoria-improvvisa-a-seguito-di-un-ictus-sintomi-cause-e-trattamenti\/"},"wordCount":4008,"publisher":{"@id":"https:\/\/www.dynseo.com\/it\/#organization"},"image":{"@id":"https:\/\/www.dynseo.com\/it\/comprendere-la-perdita-di-memoria-improvvisa-a-seguito-di-un-ictus-sintomi-cause-e-trattamenti\/#primaryimage"},"thumbnailUrl":"https:\/\/www.dynseo.com\/wp-content\/uploads\/2024\/03\/accompagnement-avc.png","articleSection":["Les conseils des coachs"],"inLanguage":"it-IT"},{"@type":"WebPage","@id":"https:\/\/www.dynseo.com\/it\/comprendere-la-perdita-di-memoria-improvvisa-a-seguito-di-un-ictus-sintomi-cause-e-trattamenti\/","url":"https:\/\/www.dynseo.com\/it\/comprendere-la-perdita-di-memoria-improvvisa-a-seguito-di-un-ictus-sintomi-cause-e-trattamenti\/","name":"Comprendere la perdita di memoria improvvisa a seguito di un ictus: Sintomi, cause e trattamenti - DYNSEO - App educativa e giochi di memoria","isPartOf":{"@id":"https:\/\/www.dynseo.com\/it\/#website"},"primaryImageOfPage":{"@id":"https:\/\/www.dynseo.com\/it\/comprendere-la-perdita-di-memoria-improvvisa-a-seguito-di-un-ictus-sintomi-cause-e-trattamenti\/#primaryimage"},"image":{"@id":"https:\/\/www.dynseo.com\/it\/comprendere-la-perdita-di-memoria-improvvisa-a-seguito-di-un-ictus-sintomi-cause-e-trattamenti\/#primaryimage"},"thumbnailUrl":"https:\/\/www.dynseo.com\/wp-content\/uploads\/2024\/03\/accompagnement-avc.png","datePublished":"2026-04-27T11:32:49+00:00","dateModified":"2026-04-27T11:39:02+00:00","breadcrumb":{"@id":"https:\/\/www.dynseo.com\/it\/comprendere-la-perdita-di-memoria-improvvisa-a-seguito-di-un-ictus-sintomi-cause-e-trattamenti\/#breadcrumb"},"inLanguage":"it-IT","potentialAction":[{"@type":"ReadAction","target":["https:\/\/www.dynseo.com\/it\/comprendere-la-perdita-di-memoria-improvvisa-a-seguito-di-un-ictus-sintomi-cause-e-trattamenti\/"]}]},{"@type":"ImageObject","inLanguage":"it-IT","@id":"https:\/\/www.dynseo.com\/it\/comprendere-la-perdita-di-memoria-improvvisa-a-seguito-di-un-ictus-sintomi-cause-e-trattamenti\/#primaryimage","url":"https:\/\/www.dynseo.com\/wp-content\/uploads\/2024\/03\/accompagnement-avc.png","contentUrl":"https:\/\/www.dynseo.com\/wp-content\/uploads\/2024\/03\/accompagnement-avc.png","width":2000,"height":1500,"caption":"Allena il tuo cervello con l'app di stimolazione cognitiva DYNSEO"},{"@type":"BreadcrumbList","@id":"https:\/\/www.dynseo.com\/it\/comprendere-la-perdita-di-memoria-improvvisa-a-seguito-di-un-ictus-sintomi-cause-e-trattamenti\/#breadcrumb","itemListElement":[{"@type":"ListItem","position":1,"name":"Accueil","item":"https:\/\/www.dynseo.com\/it\/"},{"@type":"ListItem","position":2,"name":"Comprendere la perdita di memoria improvvisa a seguito di un ictus: Sintomi, cause e trattamenti"}]},{"@type":"WebSite","@id":"https:\/\/www.dynseo.com\/it\/#website","url":"https:\/\/www.dynseo.com\/it\/","name":"Jeux de m\u00e9moire et stimulation cognitive","description":"Con DYNSEO, la tua memoria mette il turbo!","publisher":{"@id":"https:\/\/www.dynseo.com\/it\/#organization"},"potentialAction":[{"@type":"SearchAction","target":{"@type":"EntryPoint","urlTemplate":"https:\/\/www.dynseo.com\/it\/?s={search_term_string}"},"query-input":{"@type":"PropertyValueSpecification","valueRequired":true,"valueName":"search_term_string"}}],"inLanguage":"it-IT"},{"@type":"Organization","@id":"https:\/\/www.dynseo.com\/it\/#organization","name":"DYNSEO","url":"https:\/\/www.dynseo.com\/it\/","logo":{"@type":"ImageObject","inLanguage":"it-IT","@id":"https:\/\/www.dynseo.com\/it\/#\/schema\/logo\/image\/","url":"https:\/\/www.dynseo.com\/wp-content\/uploads\/2022\/05\/logo-dynseo-new.png","contentUrl":"https:\/\/www.dynseo.com\/wp-content\/uploads\/2022\/05\/logo-dynseo-new.png","width":5073,"height":1397,"caption":"DYNSEO"},"image":{"@id":"https:\/\/www.dynseo.com\/it\/#\/schema\/logo\/image\/"}},{"@type":"Person","@id":"https:\/\/www.dynseo.com\/it\/#\/schema\/person\/78ef63df2ee64e0989bc68f8401b38d6","name":"DYNSEO","url":"https:\/\/www.dynseo.com\/it\/author\/justine\/"}]}},"_links":{"self":[{"href":"https:\/\/www.dynseo.com\/it\/wp-json\/wp\/v2\/posts\/565132","targetHints":{"allow":["GET"]}}],"collection":[{"href":"https:\/\/www.dynseo.com\/it\/wp-json\/wp\/v2\/posts"}],"about":[{"href":"https:\/\/www.dynseo.com\/it\/wp-json\/wp\/v2\/types\/post"}],"author":[{"embeddable":true,"href":"https:\/\/www.dynseo.com\/it\/wp-json\/wp\/v2\/users\/4"}],"replies":[{"embeddable":true,"href":"https:\/\/www.dynseo.com\/it\/wp-json\/wp\/v2\/comments?post=565132"}],"version-history":[{"count":17,"href":"https:\/\/www.dynseo.com\/it\/wp-json\/wp\/v2\/posts\/565132\/revisions"}],"predecessor-version":[{"id":565149,"href":"https:\/\/www.dynseo.com\/it\/wp-json\/wp\/v2\/posts\/565132\/revisions\/565149"}],"wp:featuredmedia":[{"embeddable":true,"href":"https:\/\/www.dynseo.com\/it\/wp-json\/wp\/v2\/media\/131776"}],"wp:attachment":[{"href":"https:\/\/www.dynseo.com\/it\/wp-json\/wp\/v2\/media?parent=565132"}],"wp:term":[{"taxonomy":"category","embeddable":true,"href":"https:\/\/www.dynseo.com\/it\/wp-json\/wp\/v2\/categories?post=565132"},{"taxonomy":"post_tag","embeddable":true,"href":"https:\/\/www.dynseo.com\/it\/wp-json\/wp\/v2\/tags?post=565132"}],"curies":[{"name":"wp","href":"https:\/\/api.w.org\/{rel}","templated":true}]}}