{"id":103586,"date":"2025-11-25T23:53:21","date_gmt":"2025-11-25T22:53:21","guid":{"rendered":"https:\/\/www.dynseo.com\/o-que-e-presbycusis\/"},"modified":"2025-12-27T21:06:03","modified_gmt":"2025-12-27T20:06:03","slug":"o-que-e-presbycusis","status":"publish","type":"post","link":"https:\/\/www.dynseo.com\/pt-pt\/o-que-e-presbycusis\/","title":{"rendered":"O que \u00e9 presbycusis?"},"content":{"rendered":"<p>[et_pb_section fb_built=&#8221;1&#8243; admin_label=&#8221;Article HTML&#8221; _builder_version=&#8221;4.16&#8243;][et_pb_row admin_label=&#8221;Contenu&#8221; _builder_version=&#8221;4.16&#8243;][et_pb_column type=&#8221;4_4&#8243; _builder_version=&#8221;4.16&#8243;][et_pb_code admin_label=&#8221;HTML import\u00e9&#8221; _builder_version=&#8221;4.16&#8243;]<link href=\"https:\/\/fonts.googleapis.com\/css2?family=Montserrat:wght@400;500;600;700;800&#038;display=swap\" rel=\"stylesheet\">\n<style>\n.dynseo-article{font-family:'Montserrat',-apple-system,BlinkMacSystemFont,'Segoe UI',Roboto,sans-serif;line-height:1.8;color:#2c3e50;max-width:100%}\n.dynseo-article h2{font-family:'Montserrat',sans-serif;font-size:1.8rem;color:#1a1a2e;margin:50px 0 25px;padding-bottom:12px;border-bottom:3px solid #a9e2e4;font-weight:700;transition:all .3s ease}\n.dynseo-article h2:hover{padding-left:10px;border-bottom-color:#e73469}\n.dynseo-article h3{font-family:'Montserrat',sans-serif;font-size:1.3rem;color:#5e5ed7;margin:35px 0 18px;font-weight:600;transition:all .3s ease}\n.dynseo-article h3:hover{color:#e73469}\n.dynseo-article p{margin-bottom:18px;font-size:1.05rem;text-align:justify}\n.dynseo-article img{max-width:100%;height:auto;border-radius:16px;margin:25px 0;box-shadow:0 8px 30px rgba(0,0,0,0.1);transition:all .4s ease}\n.dynseo-article img:hover{transform:scale(1.02);box-shadow:0 15px 50px rgba(0,0,0,0.15)}\n.dynseo-intro{font-size:1.15rem;color:#64748b;border-left:4px solid #a9e2e4;padding-left:25px;margin:35px 0;font-style:italic;background:linear-gradient(90deg,rgba(169,226,228,0.1),transparent);padding:20px 25px;border-radius:0 12px 12px 0;transition:all .3s ease}\n.dynseo-intro:hover{border-left-width:6px;background:linear-gradient(90deg,rgba(169,226,228,0.15),transparent)}\n.dynseo-toc{background:linear-gradient(135deg,#f8fafc 0%,#fff 100%);border-radius:20px;padding:35px;margin:40px 0;border:2px solid #e5e7eb;box-shadow:0 4px 20px rgba(0,0,0,0.05);transition:all .3s ease}\n.dynseo-toc:hover{box-shadow:0 8px 35px rgba(0,0,0,0.08);transform:translateY(-2px)}\n.dynseo-toc .toc-title{font-family:'Montserrat',sans-serif;font-size:1.4rem;margin-bottom:25px;color:#1a1a2e;font-weight:700}\n.dynseo-toc ol{list-style:none;padding:0;margin:0;display:grid;grid-template-columns:repeat(2,1fr);gap:12px}\n.dynseo-toc li{background:#fff;border-radius:12px;padding:14px 18px;border:2px solid #f1f5f9;transition:all .3s ease;border-left:4px solid #ffeca7}\n.dynseo-toc li:hover{background:linear-gradient(135deg,#f8fafc,#fff);transform:translateX(8px);box-shadow:0 6px 20px rgba(0,0,0,0.1);border-left-width:6px}\n.dynseo-toc a{color:#1a1a2e;text-decoration:none;font-size:.95rem;font-weight:500;transition:color .3s}\n.dynseo-toc a:hover{color:#5e5ed7}\n.dynseo-article .styled-list,.dynseo-article ul{margin:20px 0 30px;padding:0;list-style:none}\n.dynseo-article .styled-list li,.dynseo-article ul li{position:relative;padding-left:28px;margin-bottom:14px;line-height:1.7;transition:all .3s ease}\n.dynseo-article .styled-list li:hover,.dynseo-article ul li:hover{padding-left:32px}\n.dynseo-article .styled-list li::before,.dynseo-article ul li::before{content:\"\";position:absolute;left:0;top:8px;width:10px;height:10px;background:#e73469;border-radius:50%;box-shadow:0 2px 8px rgba(231,52,105,0.3);transition:all .3s ease}\n.dynseo-article .styled-list li:hover::before,.dynseo-article ul li:hover::before{transform:scale(1.3);box-shadow:0 4px 12px rgba(231,52,105,0.4)}\n.dynseo-article blockquote{background:linear-gradient(135deg,#fff9f0 0%,#fff5eb 100%);border-left:4px solid #ffeca7;border-radius:0 16px 16px 0;padding:28px 32px;margin:35px 0;position:relative;box-shadow:0 4px 20px rgba(255,236,167,0.3);transition:all .3s ease}\n.dynseo-article blockquote:hover{transform:translateX(5px);box-shadow:0 8px 30px rgba(255,236,167,0.4);border-left-width:6px}\n.dynseo-article blockquote::before{content:\"\u275d\";font-size:3rem;color:#ffeca7;opacity:.4;position:absolute;top:10px;left:15px}\n.dynseo-article blockquote p{font-style:italic;margin-bottom:12px;padding-left:30px}\n.dynseo-article blockquote cite{display:block;font-style:normal;font-weight:600;color:#1a1a2e;padding-left:30px}\n.section-divider{text-align:center;margin:60px 0;font-size:1.8rem;letter-spacing:18px;background:linear-gradient(135deg,#ffeca7,#e73469,#a9e2e4);-webkit-background-clip:text;-webkit-text-fill-color:transparent;background-clip:text}\n.dynseo-tip-box{background:linear-gradient(135deg,#ecfdf5 0%,#d1fae5 100%);border:2px solid #a9e2e4;border-radius:16px;padding:25px 30px;margin:35px 0;position:relative;box-shadow:0 4px 20px rgba(169,226,228,0.3);transition:all .3s ease}\n.dynseo-tip-box:hover{transform:translateY(-3px);box-shadow:0 8px 30px rgba(169,226,228,0.4)}\n.dynseo-tip-box-title{font-family:'Montserrat',sans-serif;font-size:1.15rem;font-weight:700;color:#1a1a2e;margin-bottom:12px;display:flex;align-items:center;gap:10px}\n.dynseo-tip-box-title::before{content:\"\ud83d\udca1\";font-size:1.3rem}\n.dynseo-tip-box p{margin:0;color:#2c3e50}\n.dynseo-feature-grid{display:grid;grid-template-columns:repeat(3,1fr);gap:20px;margin:35px 0}\n.dynseo-feature-card{background:#fff;border-radius:20px;padding:30px 25px;text-align:center;border:2px solid #f1f5f9;transition:all .4s ease;position:relative;overflow:hidden}\n.dynseo-feature-card::before{content:\"\";position:absolute;top:0;left:0;right:0;height:4px;background:linear-gradient(90deg,#ffeca7,#e73469);transform:scaleX(0);transition:transform .3s ease}\n.dynseo-feature-card:hover::before{transform:scaleX(1)}\n.dynseo-feature-card:nth-child(3n+1){border-color:rgba(255,236,167,0.5)}\n.dynseo-feature-card:nth-child(3n+2){border-color:rgba(231,52,105,0.3)}\n.dynseo-feature-card:nth-child(3n+3){border-color:rgba(169,226,228,0.5)}\n.dynseo-feature-card:hover{transform:translateY(-8px);box-shadow:0 20px 50px rgba(0,0,0,0.12)}\n.dynseo-feature-card h4{font-family:'Montserrat',sans-serif;color:#1a1a2e;margin-bottom:10px;font-size:1.1rem;font-weight:600}\n.dynseo-feature-card p{font-size:.95rem;color:#64748b;margin:0}\n.dynseo-highlight-box{background:linear-gradient(135deg,#fef3c7 0%,#fde68a 100%);border:2px solid #ffeca7;border-radius:16px;padding:25px 30px;margin:30px 0;transition:all .3s ease}\n.dynseo-highlight-box:hover{transform:translateY(-3px);box-shadow:0 8px 30px rgba(255,236,167,0.4)}\n.dynseo-highlight-box h4{font-family:'Montserrat',sans-serif;color:#1a1a2e;margin:0 0 12px 0;font-size:1.1rem}\n.dynseo-highlight-box p{margin:0;color:#2c3e50}\n@media(max-width:768px){.dynseo-article h2{font-size:1.5rem}.dynseo-toc ol{grid-template-columns:1fr}.dynseo-feature-grid{grid-template-columns:1fr}}\n<\/style>\n<div class=\"dynseo-article\">\n<div class=\"dynseo-intro\"><pee>Nota uma ligeira perda de audi\u00e7\u00e3o no seu av\u00f4 ou na sua av\u00f3? Falam mais alto, pedem que se repitam palavras ou frases, j\u00e1 n\u00e3o participam activamente nas discuss\u00f5es de grupo e n\u00e3o t\u00eam capacidade de resposta quando se lhes dirige? O seu ente querido pode estar a sofrer de presbycusis, uma perda auditiva relacionada com a idade.<\/pee>\n<pee>O que \u00e9 presbycusis? Quais s\u00e3o as suas causas e sintomas? O que pode ser feito a este respeito? Neste artigo, descubra todas as respostas a estas perguntas.<\/pee><\/div>\n<nav class=\"dynseo-toc\">\n<div class=\"toc-title\">\ud83d\udccb Sommaire<\/div>\n<ol>\n<li style=\"border-left:4px solid #ffeca7\"><a href=\"#section-1\">As principais caracter\u00edsticas da presbycusis<\/a><\/li>\n<li style=\"border-left:4px solid #e73469\"><a href=\"#section-2\">Como \u00e9 que a presbycusis se manifesta?<\/a><\/li>\n<li style=\"border-left:4px solid #a9e2e4\"><a href=\"#section-3\">Como comunicar com uma pessoa com presbycusis?<\/a><\/li>\n<li style=\"border-left:4px solid #5e5ed7\"><a href=\"#section-4\">Como evitar presbycusis?<\/a><\/li>\n<li style=\"border-left:4px solid #5268c9\"><a href=\"#section-5\">Quando fazer um teste de audi\u00e7\u00e3o?<\/a><\/li>\n<li style=\"border-left:4px solid #ffeca7\"><a href=\"#section-6\">Usar um aparelho auditivo<\/a><\/li>\n<li style=\"border-left:4px solid #e73469\"><a href=\"#section-7\">A liga\u00e7\u00e3o entre a mem\u00f3ria e a audi\u00e7\u00e3o<\/a><\/li>\n<li style=\"border-left:4px solid #a9e2e4\"><a href=\"#section-8\">E para melhorar a sua mem\u00f3ria, escolha o seu programa de reabilita\u00e7\u00e3o<\/a><\/li>\n<li style=\"border-left:4px solid #5e5ed7\"><a href=\"#section-9\">O impacto da perda auditiva na qualidade de vida<\/a><\/li>\n<li style=\"border-left:4px solid #5268c9\"><a href=\"#section-10\">Tratamentos e tecnologias emergentes para presbycusis<\/a><\/li>\n<li style=\"border-left:4px solid #ffeca7\"><a href=\"#section-11\">O papel da fam\u00edlia no suporte a pessoas com presbycusis<\/a><\/li>\n<li style=\"border-left:4px solid #e73469\"><a href=\"#section-12\">Exerc\u00edcios e atividades para promover a sa\u00fade auditiva<\/a><\/li>\n<\/ol>\n<\/nav>\n<section class=\"dynseo-section\">\n<h2 id=\"section-1\">As principais caracter\u00edsticas da presbycusis<\/h2>\n<pee>Esta \u00e9 uma <strong>forma de surdez bilateral <\/strong>que ocorre principalmente em pessoas com mais de cinquenta anos de idade. Manifesta-se por <strong>uma perda de audi\u00e7\u00e3o progressiva<\/strong>. \u00c9 considerado um fen\u00f3meno natural, uma vez que est\u00e1 relacionado com a idade. O in\u00edcio da <a href=\"https:\/\/www.vivason.fr\/votre-audition\/dossier\/perte-auditive-et-surdite\/quest-ce-que-la-presbyacousie\">presbiacusis<\/a> deve-se simplesmente ao facto de, \u00e0 medida que envelhecemos, a nossa capacidade auditiva se cansar e perder o seu desempenho.<\/pee>\n<pee>Na maioria dos casos, existe <strong>uma defici\u00eancia auditiva nas frequ\u00eancias <\/strong><strong>altas<\/strong>, o que torna dif\u00edcil a sua compreens\u00e3o. No in\u00edcio, as pessoas com presbiacusis t\u00eam dificuldade em ouvir consoantes fricativas e assobiantes. A longo prazo, os sons graves tamb\u00e9m ser\u00e3o afectados e os doentes acabar\u00e3o por sofrer de zumbido.<\/pee>\n<pee>&nbsp;<\/pee><\/section>\n<section class=\"dynseo-section\">\n<h2 id=\"section-2\">Como \u00e9 que a presbycusis se manifesta?<\/h2>\n<pee>\u00c9 inteiramente poss\u00edvel tratar os sintomas se estes forem detectados o mais cedo poss\u00edvel. Deve notar-se, contudo, que esta condi\u00e7\u00e3o n\u00e3o se manifesta da mesma forma em todos os indiv\u00edduos. Mais uma raz\u00e3o para escrutinar cada sinal. De facto, algumas pistas nunca est\u00e3o erradas. Aqui est\u00e3o algumas das coisas que se podem fazer para identificar presbycusis.<\/pee>\n<pee>Para uma melhor percep\u00e7\u00e3o sonora, as pessoas com presbycusis tendem a aumentar o volume da televis\u00e3o, r\u00e1dio e telefone. Este volume ir\u00e1 aumentar \u00e0 medida que as c\u00e9lulas auditivas forem afectadas.<\/pee>\n<pee>&nbsp;<\/pee>\n<ul class=\"styled-list\">\n<li>\n<h3>Aumento do volume na voz<\/h3>\n<\/li>\n<\/ul>\n<pee>Tamb\u00e9m notar\u00e1 que as pessoas com presbycusis falam muitas vezes muito alto. A raz\u00e3o \u00e9 que eles t\u00eam <strong>dificuldade em perceber os sons projectados<\/strong>. De facto, a priva\u00e7\u00e3o sensorial de sons graves e agudos desenvolver\u00e1 um reflexo nas pessoas com presbiacusis, fazendo-as falar mais alto do que o normal.<\/pee>\n<pee>&nbsp;<\/pee>\n<ul class=\"styled-list\">\n<li>\n<h3>Repeti\u00e7\u00e3o de palavras e frases<\/h3>\n<\/li>\n<\/ul>\n<pee>Quando falar com pessoas com esta condi\u00e7\u00e3o, espere que elas repitam frequentemente as suas palavras e frases. A explica\u00e7\u00e3o \u00e9 simples: presbycusis resulta muitas vezes em pessoas que ouvem mas n\u00e3o compreendem por causa da <strong>priva\u00e7\u00e3o sensorial<\/strong>.<\/pee>\n<pee>&nbsp;<\/pee>\n<ul class=\"styled-list\">\n<li>\n<h3>Diminui\u00e7\u00e3o da participa\u00e7\u00e3o nas discuss\u00f5es de grupo<\/h3>\n<\/li>\n<\/ul>\n<pee>As discuss\u00f5es de grupo s\u00e3o cansativas para os afectados, uma vez que t\u00eam de fazer um grande esfor\u00e7o para detectar o que os outros est\u00e3o a dizer. Por conseguinte, tender\u00e3o a n\u00e3o responder \u00e0s discuss\u00f5es de grupo e preferir\u00e3o claramente ficar longe de todo o burburinho.<\/pee>\n<pee>&nbsp;<\/pee>\n<ul class=\"styled-list\">\n<li>\n<h3>Tinnitus<\/h3>\n<\/li>\n<\/ul>\n<pee>As pessoas com perda auditiva neurossensorial sofrem frequentemente de tinnitus. Esta condi\u00e7\u00e3o resulta numa <strong>sensa\u00e7\u00e3o de zumbido ou formigueiro<\/strong> que \u00e9 experimentada apenas em sons externos. Este sentimento \u00e9 acentuado pelos ru\u00eddos de um determinado ambiente.<\/pee><\/section>\n<div class=\"section-divider\">\u25c6 \u25c6 \u25c6<\/div>\n<section class=\"dynseo-section\">\n<h2 id=\"section-3\">Como comunicar com uma pessoa com presbycusis?<\/h2>\n<pee>\u00c9 \u00f3bvio que a comunica\u00e7\u00e3o com uma pessoa com defici\u00eancia auditiva \u00e9 um pouco mais complicada.<!\u2013- [et_pb_br_holder] -\u2013>Deve-se admitir que esta desordem \u00e9 um fardo n\u00e3o s\u00f3 para o indiv\u00edduo, mas tamb\u00e9m para aqueles que lhe s\u00e3o pr\u00f3ximos.<!\u2013- [et_pb_br_holder] -\u2013>A fim de n\u00e3o os isolar, devem ser <strong>adoptados m\u00e9todos de comunica\u00e7\u00e3o apropriados<\/strong>.<\/pee>\n<pee>Para evitar repetir sempre as suas frases, tenha o reflexo de falar alto e claro. Cuidado! Falar em voz alta n\u00e3o significa gritar. Esta ac\u00e7\u00e3o pode ofender a pessoa com presbycusis e causar um efeito adverso na sua capacidade de ouvir.<\/pee>\n<pee>Tente tamb\u00e9m n\u00e3o falar demasiado depressa e explicar as suas ideias em frases simples e claras, para que a pessoa possa compreender instantaneamente. Na medida do poss\u00edvel, elimine toda a polui\u00e7\u00e3o sonora que possa afectar a sua comunica\u00e7\u00e3o (televis\u00e3o, r\u00e1dio, gritos de crian\u00e7as, etc.). Seja gentil, paciente e um bom ouvinte.<\/pee>\n<pee>&nbsp;<\/pee><\/section>\n<section class=\"dynseo-section\">\n<h2 id=\"section-4\">Como evitar presbycusis?<\/h2>\n<pee>Uma vez que as c\u00e9lulas auditivas se deterioram, n\u00e3o h\u00e1 forma de as reparar. Este fen\u00f3meno \u00e9 irrevers\u00edvel.<!\u2013- [et_pb_br_holder] -\u2013>No entanto, est\u00e3o dispon\u00edveis v\u00e1rias solu\u00e7\u00f5es, dependendo do estado da sua audi\u00e7\u00e3o. Tamb\u00e9m deve saber que a preven\u00e7\u00e3o da perda auditiva \u00e9 bastante poss\u00edvel com bons h\u00e1bitos.<\/pee>\n<ul class=\"styled-list\">\n<li>\n<h3>Forma\u00e7\u00e3o auditiva<\/h3>\n<\/li>\n<\/ul>\n<pee>A <strong>forma\u00e7\u00e3o auditiva<\/strong> consiste em aprender a ouvir e a compreender os sons e ru\u00eddos \u00e0 nossa volta. Pode fazer estes exerc\u00edcios por si mesmo ou com a ajuda de uma aplica\u00e7\u00e3o m\u00f3vel.<\/pee>\n<pee>Outro exerc\u00edcio: participar em discuss\u00f5es de grupo e tentar ser o mais reactivo poss\u00edvel.<\/pee>\n<ul class=\"styled-list\">\n<li>\n<h3>Um estilo de vida saud\u00e1vel<\/h3>\n<\/li>\n<\/ul>\n<pee>Para manter a sua sa\u00fade auditiva, pratique algum desporto. Em particular, concentrar-se nos <strong>desportos que s\u00e3o calmantes, promovem a circula\u00e7\u00e3o sangu\u00ednea e melhoram a sa\u00fade cardiovascular, <\/strong>como o yoga ou a medita\u00e7\u00e3o. Evitar tamb\u00e9m comer alimentos demasiado gordos e aumentar o n\u00edvel de mau colesterol no sangue. O mesmo se aplica ao \u00e1lcool, o que aumenta a deteriora\u00e7\u00e3o da capacidade auditiva.<\/pee>\n<pee>Certos <strong>alimentos contendo vitaminas B3 e B6 e antioxidantes<\/strong> ser\u00e3o os seus melhores aliados na manuten\u00e7\u00e3o de uma boa sa\u00fade auditiva.<\/pee>\n<pee>&nbsp;<\/pee><\/section>\n<div class=\"section-divider\">\u25c6 \u25c6 \u25c6<\/div>\n<section class=\"dynseo-section\">\n<h2 id=\"section-5\">Quando fazer um teste de audi\u00e7\u00e3o?<\/h2>\n<pee>Antes que a sua audi\u00e7\u00e3o se deteriore, deve tomar precau\u00e7\u00f5es o mais cedo poss\u00edvel. Embora seja uma desordem que aumenta com a idade, nada o impede de adoptar reflexos para evitar usar aparelhos auditivos, em parte ou na totalidade.<\/pee>\n<pee>Idealmente, dever\u00e1 <strong>consultar um otorrinolaringologista ou um profissional de sa\u00fade auditiva todos os anos<\/strong> para testes de audi\u00e7\u00e3o. Estes testes s\u00e3o utilizados para medir a extens\u00e3o da situa\u00e7\u00e3o e para ver se existe uma defici\u00eancia auditiva. Assim que notar uma mudan\u00e7a nos seus h\u00e1bitos auditivos, consulte um m\u00e9dico. O mesmo se aplica se tiver tomado <strong>medicamentos otot\u00f3xicos<\/strong>, se tiver familiares com problemas auditivos ou se estiver exposto a ru\u00eddo durante todo o dia.<\/pee>\n<pee>&nbsp;<\/pee><\/section>\n<section class=\"dynseo-section\">\n<h2 id=\"section-6\">Usar um aparelho auditivo<\/h2>\n<pee>O aparelho auditivo \u00e9 a solu\u00e7\u00e3o final para corrigir a capacidade auditiva das pessoas afectadas pela presbiacusis. Este dispositivo permitir-lhes-\u00e1 ouvir novamente e compreender sons. Quanto mais cedo o dispositivo for usado, mais eficaz ser\u00e1. Para descobrir qual o melhor <strong>aparelho auditivo<\/strong> para si, \u00e9 melhor consultar um especialista.<\/pee>\n<pee>Falando de ideal, a Audi\u00e7\u00e3o Ideal \u00e9 a solu\u00e7\u00e3o para encontrar a melhor solu\u00e7\u00e3o, pois \u00e9 uma marca que oferece a todas as pessoas com problemas auditivos o dispositivo perfeito para voltar a uma vida &#8220;normal&#8221; gra\u00e7as a uma vasta gama de aparelhos auditivos adaptados.<\/pee>\n<pee>A Audi\u00e7\u00e3o Ideal acompanha-o em todas as fases do processo de adapta\u00e7\u00e3o, desde o teste auditivo at\u00e9 \u00e0 adapta\u00e7\u00e3o do aparelho auditivo. E n\u00e3o \u00e9 segredo que o <a href=\"https:\/\/www.ideal-audition.fr\/appareil-auditif\">pre\u00e7o de um aparelho auditivo<\/a> pode, por vezes, ser assustador e desencorajador. \u00c9 por isso que a marca est\u00e1 empenhada em oferecer os melhores pre\u00e7os para os melhores produtos.<\/pee>\n<pee>Sabe agora mais sobre presbycusis e aparelhos auditivos. \u00c9 importante lembrar que os problemas auditivos podem afectar qualquer pessoa, em qualquer idade. N\u00e3o deve, portanto, hesitar em recorrer a um especialista.<\/pee><\/section>\n<div class=\"section-divider\">\u25c6 \u25c6 \u25c6<\/div>\n<section class=\"dynseo-section\">\n<h2 id=\"section-7\">A liga\u00e7\u00e3o entre a mem\u00f3ria e a audi\u00e7\u00e3o<\/h2>\n<pee>&nbsp;<\/pee>\n<pee><span style=\"font-weight: 400\">A \u00e1rea do c\u00e9rebro concebida para a audi\u00e7\u00e3o est\u00e1 directamente ligada \u00e0s \u00e1reas concebidas para a memoriza\u00e7\u00e3o. Por exemplo, as pessoas com dificuldades auditivas tendem a ter menos capacidades de mem\u00f3ria do que as outras. Isto porque a pessoa \u00e9 incapaz de ouvir e compreender o que se passa \u00e0 sua volta e n\u00e3o pode reter informa\u00e7\u00e3o importante.  <\/span><\/pee>\n<pee><span style=\"font-weight: 400\">Por conseguinte, \u00e9 importante detectar um problema auditivo precocemente, a fim de intervir o mais rapidamente poss\u00edvel. Esta interven\u00e7\u00e3o impede a cria\u00e7\u00e3o de outras \u00e1reas de fragilidade, tais como na mem\u00f3ria.  <\/span><\/pee>\n<pee><span style=\"font-weight: 400\">Al\u00e9m disso, a diminui\u00e7\u00e3o da interac\u00e7\u00e3o com o mundo exterior e outros acentua este problema. A pessoa come\u00e7a a isolar-se, j\u00e1 n\u00e3o participa em discuss\u00f5es e n\u00e3o partilha momentos com os seus entes queridos. Isto ir\u00e1 criar uma situa\u00e7\u00e3o em que a pessoa n\u00e3o est\u00e1 a receber quaisquer est\u00edmulos. Quando o nosso c\u00e9rebro n\u00e3o recebe est\u00edmulos, ele p\u00e1ra lentamente de andar, faz menos esfor\u00e7o. A partir da\u00ed, as fun\u00e7\u00f5es cognitivas tornam-se mais fr\u00e1geis.  <\/span><\/pee>\n<pee><span style=\"font-weight: 400\">A interven\u00e7\u00e3o sobre dificuldades auditivas \u00e9 muito importante, mas outras fun\u00e7\u00f5es cognitivas tamb\u00e9m devem ser treinadas. O treino cont\u00ednuo da mem\u00f3ria mant\u00e9m o c\u00e9rebro desperto.  <\/span><\/pee><\/section>\n<section class=\"dynseo-section\">\n<h2 id=\"section-8\">E para melhorar a sua mem\u00f3ria, escolha o seu programa de reabilita\u00e7\u00e3o<\/h2>\n<h3><strong>UM PROGRAMA DE PREVEN\u00c7\u00c3O OU DE PERDA MENTAL<b>LIGEIRA<\/b><\/strong><\/h3>\n<h4 style=\"text-align: center\"><b>JOE<\/b><\/h4>\n<h3><strong>UM PROGRAMA DE APOIO \u00c0S PESSOAS COM DOEN\u00c7A DE ALZHEIMER<\/strong><\/h3>\n<h4 style=\"text-align: center\"><b>CARMEN<\/b><\/h4>\n<\/section>\n<div class=\"section-divider\">\u25c6 \u25c6 \u25c6<\/div>\n<section class=\"dynseo-section\">\n<h2 id=\"section-9\">O impacto da perda auditiva na qualidade de vida<\/h2>\n<pee>A perda auditiva, especialmente a presbycusis, pode ter um efeito profundo na qualidade de vida dos indiv\u00edduos afetados. As dificuldades auditivas n\u00e3o afetam apenas a comunica\u00e7\u00e3o, mas tamb\u00e9m podem impactar a sa\u00fade mental e emocional. Aqui est\u00e3o alguns dos principais efeitos:<\/pee>\n<ul class=\"styled-list\">\n<li><strong>Isolamento social:<\/strong> A dificuldade em ouvir pode levar ao afastamento de atividades sociais e familiares.<\/li>\n<li><strong>Depress\u00e3o e ansiedade:<\/strong> A frustra\u00e7\u00e3o e o isolamento podem contribuir para o desenvolvimento de problemas de sa\u00fade mental.<\/li>\n<li><strong>Diminui\u00e7\u00e3o da autoestima:<\/strong> A incapacidade de participar plenamente em conversas pode afetar a autoconfian\u00e7a.<\/li>\n<li><strong>Comprometimento cognitivo:<\/strong> A falta de est\u00edmulos auditivos pode contribuir para o decl\u00ednio cognitivo ao longo do tempo.<\/li>\n<\/ul>\n<\/section>\n<section class=\"dynseo-section\">\n<h2 id=\"section-10\">Tratamentos e tecnologias emergentes para presbycusis<\/h2>\n<pee>Nos \u00faltimos anos, a pesquisa sobre tratamentos para a presbycusis tem avan\u00e7ado significativamente. V\u00e1rias abordagens est\u00e3o sendo exploradas para melhorar a audi\u00e7\u00e3o e a qualidade de vida dos afetados:<\/pee>\n<ul class=\"styled-list\">\n<li><strong>Aparelhos auditivos avan\u00e7ados:<\/strong> Dispositivos que se adaptam automaticamente ao ambiente sonoro e melhoram a clareza da fala.<\/li>\n<li><strong>Implantes cocleares:<\/strong> Uma op\u00e7\u00e3o para aqueles com perda auditiva severa, permitindo a percep\u00e7\u00e3o de sons atrav\u00e9s da estimula\u00e7\u00e3o el\u00e9trica do nervo auditivo.<\/li>\n<li><strong>Medicamentos e <a href=\"https:\/\/www.dynseo.com\/pt-pt\/terapias-de-grupo-com-jogos-de-memoria-um-caminho-para-a-socializacao\/\" title=\"Terapias de grupo com jogos de mem\u00f3ria: um caminho para a socializa\u00e7\u00e3o\">terapias<\/a> gen\u00e9ticas:<\/strong> Pesquisas est\u00e3o sendo realizadas para desenvolver medicamentos que podem proteger ou regenerar c\u00e9lulas auditivas danificadas.<\/li>\n<li><strong>Terapias auditivas:<\/strong> Programas de reabilita\u00e7\u00e3o auditiva que ajudam os indiv\u00edduos a melhorar suas habilidades auditivas e de comunica\u00e7\u00e3o.<\/li>\n<\/ul>\n<\/section>\n<div class=\"section-divider\">\u25c6 \u25c6 \u25c6<\/div>\n<section class=\"dynseo-section\">\n<h2 id=\"section-11\">O papel da fam\u00edlia no suporte a pessoas com presbycusis<\/h2>\n<pee>A fam\u00edlia desempenha um papel crucial no apoio \u00e0s pessoas que sofrem de presbycusis. A comunica\u00e7\u00e3o e a compreens\u00e3o s\u00e3o fundamentais para ajudar esses indiv\u00edduos a se sentirem mais integrados e confort\u00e1veis. Aqui est\u00e3o algumas maneiras de oferecer suporte:<\/pee>\n<ul class=\"styled-list\">\n<li><strong>Educa\u00e7\u00e3o sobre a condi\u00e7\u00e3o:<\/strong> Aprender sobre presbycusis para entender melhor as dificuldades enfrentadas pelo ente querido.<\/li>\n<li><strong>Adapta\u00e7\u00e3o do ambiente:<\/strong> Criar um ambiente mais amig\u00e1vel, reduzindo ru\u00eddos de fundo e usando ilumina\u00e7\u00e3o adequada para facilitar a leitura labial.<\/li>\n<li><strong>Incentivo \u00e0 consulta m\u00e9dica:<\/strong> Encorajar a realiza\u00e7\u00e3o de exames auditivos regulares e o uso de aparelhos auditivos, se necess\u00e1rio.<\/li>\n<li><strong>Participa\u00e7\u00e3o ativa:<\/strong> Envolver-se em atividades sociais e conversas, sendo paciente e claro na comunica\u00e7\u00e3o.<\/li>\n<\/ul>\n<\/section>\n<section class=\"dynseo-section\">\n<h2 id=\"section-12\">Exerc\u00edcios e atividades para promover a sa\u00fade auditiva<\/h2>\n<pee>Manter a sa\u00fade auditiva \u00e9 fundamental, especialmente para aqueles em risco de presbycusis. Existem v\u00e1rias atividades e exerc\u00edcios que podem ajudar a promover a sa\u00fade auditiva:<\/pee>\n<ul class=\"styled-list\">\n<li><strong>Exerc\u00edcios de audi\u00e7\u00e3o:<\/strong> Praticar a escuta ativa em ambientes variados para melhorar a capacidade de distinguir sons.<\/li>\n<li><strong>Atividades f\u00edsicas:<\/strong> Exerc\u00edcios regulares que melhoram a circula\u00e7\u00e3o sangu\u00ednea, beneficiando a sa\u00fade auditiva.<\/li>\n<li><strong>Treinos de mem\u00f3ria:<\/strong> Jogos e exerc\u00edcios que estimulam a mem\u00f3ria e a cogni\u00e7\u00e3o, ajudando a manter o c\u00e9rebro ativo.<\/li>\n<li><strong>Alimenta\u00e7\u00e3o saud\u00e1vel:<\/strong> Consumir alimentos ricos em antioxidantes e vitaminas que promovem a sa\u00fade auditiva, como frutas, vegetais e nozes.<\/li>\n<\/ul>\n<\/section>\n<\/div>\n<p>[\/et_pb_code][\/et_pb_column][\/et_pb_row][\/et_pb_section][et_pb_section fb_built=&#8221;1&#8243; _builder_version=&#8221;4.16&#8243;][et_pb_row][et_pb_column type=&#8221;4_4&#8243;][et_pb_code]<script type=\"application\/ld+json\">{\"@context\":\"https:\/\/schema.org\",\"@type\":\"FAQPage\",\"mainEntity\":[{\"@type\":\"Question\",\"name\":\"O que \u00e9 presbycusis?\",\"acceptedAnswer\":{\"@type\":\"Answer\",\"text\":\"A presbycusis \u00e9 uma perda auditiva relacionada com a idade que se manifesta como uma forma de surdez bilateral. Ocorre principalmente em pessoas com mais de cinquenta anos de idade e caracteriza-se por uma perda de audi\u00e7\u00e3o progressiva considerada um fen\u00f3meno natural do envelhecimento.\"}},{\"@type\":\"Question\",\"name\":\"Quais s\u00e3o os principais sintomas da presbycusis?\",\"acceptedAnswer\":{\"@type\":\"Answer\",\"text\":\"Os sintomas incluem falar mais alto, pedir que se repitam palavras ou frases, n\u00e3o participar ativamente nas discuss\u00f5es de grupo e n\u00e3o ter capacidade de resposta quando algu\u00e9m se dirige \u00e0 pessoa. Inicialmente, h\u00e1 dificuldade em ouvir consoantes fricativas e assobiantes.\"}},{\"@type\":\"Question\",\"name\":\"A partir de que idade pode surgir a presbycusis?\",\"acceptedAnswer\":{\"@type\":\"Answer\",\"text\":\"A presbycusis surge principalmente em pessoas com mais de cinquenta anos de idade, sendo considerada um fen\u00f3meno natural do processo de envelhecimento.\"}},{\"@type\":\"Question\",\"name\":\"Que tipo de frequ\u00eancias sonoras s\u00e3o mais afetadas na presbycusis?\",\"acceptedAnswer\":{\"@type\":\"Answer\",\"text\":\"Na maioria dos casos, existe uma defici\u00eancia auditiva nas frequ\u00eancias altas, o que torna dif\u00edcil a compreens\u00e3o. No in\u00edcio, as pessoas t\u00eam dificuldade em ouvir consoantes fricativas e assobiantes, mas a longo prazo os sons graves tamb\u00e9m podem ser afetados.\"}},{\"@type\":\"Question\",\"name\":\"A presbycusis \u00e9 uma condi\u00e7\u00e3o normal do envelhecimento?\",\"acceptedAnswer\":{\"@type\":\"Answer\",\"text\":\"Sim, a presbycusis \u00e9 considerada um fen\u00f3meno natural, uma vez que est\u00e1 relacionada com a idade. O seu in\u00edcio deve-se simplesmente ao facto de, \u00e0 medida que envelhecemos, a nossa capacidade auditiva se cansar e perder o seu desempenho.\"}},{\"@type\":\"Question\",\"name\":\"A presbycusis afeta apenas um ouvido?\",\"acceptedAnswer\":{\"@type\":\"Answer\",\"text\":\"N\u00e3o, a presbycusis \u00e9 uma forma de surdez bilateral, o que significa que afeta ambos os ouvidos simultaneamente.\"}}]}<\/script><br \/>\n<script type=\"application\/ld+json\">{\"@context\":\"https:\/\/schema.org\",\"@type\":\"FAQPage\",\"mainEntity\":[{\"@type\":\"Question\",\"name\":\"O que \u00e9 presbycusis?\",\"acceptedAnswer\":{\"@type\":\"Answer\",\"text\":\"A presbycusis \u00e9 uma perda auditiva relacionada com a idade que se manifesta como uma forma de surdez bilateral. Ocorre principalmente em pessoas com mais de cinquenta anos de idade e caracteriza-se por uma perda de audi\u00e7\u00e3o progressiva considerada um fen\u00f3meno natural do envelhecimento.\"}},{\"@type\":\"Question\",\"name\":\"Quais s\u00e3o os principais sintomas da presbycusis?\",\"acceptedAnswer\":{\"@type\":\"Answer\",\"text\":\"Os sintomas incluem falar mais alto, pedir que se repitam palavras ou frases, n\u00e3o participar ativamente nas discuss\u00f5es de grupo e n\u00e3o ter capacidade de resposta quando algu\u00e9m se dirige \u00e0 pessoa. Inicialmente, h\u00e1 dificuldade em ouvir consoantes fricativas e assobiantes.\"}},{\"@type\":\"Question\",\"name\":\"A partir de que idade pode surgir a presbycusis?\",\"acceptedAnswer\":{\"@type\":\"Answer\",\"text\":\"A presbycusis surge principalmente em pessoas com mais de cinquenta anos de idade, sendo considerada um fen\u00f3meno natural do processo de envelhecimento.\"}},{\"@type\":\"Question\",\"name\":\"Que tipo de frequ\u00eancias sonoras s\u00e3o mais afetadas na presbycusis?\",\"acceptedAnswer\":{\"@type\":\"Answer\",\"text\":\"Na maioria dos casos, existe uma defici\u00eancia auditiva nas frequ\u00eancias altas, o que torna dif\u00edcil a compreens\u00e3o. No in\u00edcio, as pessoas t\u00eam dificuldade em ouvir consoantes fricativas e assobiantes, mas a longo prazo os sons graves tamb\u00e9m podem ser afetados.\"}},{\"@type\":\"Question\",\"name\":\"A presbycusis \u00e9 uma condi\u00e7\u00e3o normal do envelhecimento?\",\"acceptedAnswer\":{\"@type\":\"Answer\",\"text\":\"Sim, a presbycusis \u00e9 considerada um fen\u00f3meno natural, uma vez que est\u00e1 relacionada com a idade. O seu in\u00edcio deve-se simplesmente ao facto de, \u00e0 medida que envelhecemos, a nossa capacidade auditiva se cansar e perder o seu desempenho.\"}},{\"@type\":\"Question\",\"name\":\"A presbycusis afeta apenas um ouvido?\",\"acceptedAnswer\":{\"@type\":\"Answer\",\"text\":\"N\u00e3o, a presbycusis \u00e9 uma forma de surdez bilateral, o que significa que afeta ambos os ouvidos simultaneamente.\"}}]}<\/script>[\/et_pb_code][\/et_pb_column][\/et_pb_row][\/et_pb_section]<\/p>\n","protected":false},"excerpt":{"rendered":"<div class=\"et_pb_row et_pb_row_0 et_pb_row_empty\">\n\t\t\t\t\n\t\t\t\t\n\t\t\t\t\n\t\t\t\t\n\t\t\t\t\n\t\t\t<\/div>\n","protected":false},"author":4,"featured_media":415453,"comment_status":"closed","ping_status":"closed","sticky":false,"template":"","format":"standard","meta":{"_et_pb_use_builder":"on","_et_pb_old_content":"","_et_gb_content_width":"","footnotes":""},"categories":[3582,2915,2921,3384,3346,3558],"tags":[],"class_list":["post-103586","post","type-post","status-publish","format-standard","has-post-thumbnail","hentry","category-advice-from-our-coaches","category-les-conseils-des-coachs","category-tout-sur-laide-a-domicile","category-tudo-sobre-o-trisomia","category-unkategorisiert","category-3558"],"yoast_head":"<!-- This site is optimized with the Yoast SEO plugin v27.4 - https:\/\/yoast.com\/product\/yoast-seo-wordpress\/ -->\n<title>Presbiacusia: o que \u00e9 e como prevenir - DYNSEO<\/title>\n<meta name=\"description\" content=\"Descubra o que \u00e9 a presbiacusia e como preveni-la com este artigo informativo da DYNSEO. Desde a defini\u00e7\u00e3o da presbiacusia at\u00e9 os fatores.\" \/>\n<meta name=\"robots\" content=\"index, follow, max-snippet:-1, max-image-preview:large, max-video-preview:-1\" \/>\n<link rel=\"canonical\" href=\"https:\/\/www.dynseo.com\/pt-pt\/o-que-e-presbycusis\/\" \/>\n<meta property=\"og:locale\" content=\"pt_PT\" \/>\n<meta property=\"og:type\" content=\"article\" \/>\n<meta property=\"og:title\" content=\"Presbiacusia: o que \u00e9 e como prevenir - DYNSEO\" \/>\n<meta property=\"og:description\" content=\"Descubra o que \u00e9 a presbiacusia e como preveni-la com este artigo informativo da DYNSEO. Desde a defini\u00e7\u00e3o da presbiacusia at\u00e9 os fatores.\" \/>\n<meta property=\"og:url\" content=\"https:\/\/www.dynseo.com\/pt-pt\/o-que-e-presbycusis\/\" \/>\n<meta property=\"og:site_name\" content=\"DYNSEO - Aplica\u00e7\u00f5es educativas e jogos de mem\u00f3ria\" \/>\n<meta property=\"article:published_time\" content=\"2025-11-25T22:53:21+00:00\" \/>\n<meta property=\"article:modified_time\" content=\"2025-12-27T20:06:03+00:00\" \/>\n<meta property=\"og:image\" content=\"https:\/\/www.dynseo.com\/wp-content\/uploads\/2025\/10\/ma-fille-est-trisomique-1-1024x768.png\" \/>\n\t<meta property=\"og:image:width\" content=\"1024\" \/>\n\t<meta property=\"og:image:height\" content=\"768\" \/>\n\t<meta property=\"og:image:type\" content=\"image\/png\" \/>\n<meta name=\"author\" content=\"DYNSEO\" \/>\n<meta name=\"twitter:label1\" content=\"Escrito por\" \/>\n\t<meta name=\"twitter:data1\" content=\"DYNSEO\" \/>\n\t<meta name=\"twitter:label2\" content=\"Tempo estimado de leitura\" \/>\n\t<meta name=\"twitter:data2\" content=\"11 minutos\" \/>\n<script type=\"application\/ld+json\" class=\"yoast-schema-graph\">{\"@context\":\"https:\\\/\\\/schema.org\",\"@graph\":[{\"@type\":\"Article\",\"@id\":\"https:\\\/\\\/www.dynseo.com\\\/pt-pt\\\/o-que-e-presbycusis\\\/#article\",\"isPartOf\":{\"@id\":\"https:\\\/\\\/www.dynseo.com\\\/pt-pt\\\/o-que-e-presbycusis\\\/\"},\"author\":{\"name\":\"DYNSEO\",\"@id\":\"https:\\\/\\\/www.dynseo.com\\\/pt-pt\\\/#\\\/schema\\\/person\\\/78ef63df2ee64e0989bc68f8401b38d6\"},\"headline\":\"O que \u00e9 presbycusis?\",\"datePublished\":\"2025-11-25T22:53:21+00:00\",\"dateModified\":\"2025-12-27T20:06:03+00:00\",\"mainEntityOfPage\":{\"@id\":\"https:\\\/\\\/www.dynseo.com\\\/pt-pt\\\/o-que-e-presbycusis\\\/\"},\"wordCount\":2191,\"publisher\":{\"@id\":\"https:\\\/\\\/www.dynseo.com\\\/pt-pt\\\/#organization\"},\"image\":{\"@id\":\"https:\\\/\\\/www.dynseo.com\\\/pt-pt\\\/o-que-e-presbycusis\\\/#primaryimage\"},\"thumbnailUrl\":\"https:\\\/\\\/www.dynseo.com\\\/wp-content\\\/uploads\\\/2025\\\/10\\\/ma-fille-est-trisomique-1.png\",\"articleSection\":[\"Advice from our coaches\",\"Les conseils des coachs\",\"Tout sur l'aide \u00e0 domicile\",\"Tudo sobre a trissomia\",\"Unkategorisiert\",\"\u5173\u4e8e\u5bb6\u5ead\u5e2e\u52a9\u7684\u6240\u6709\u4fe1\u606f - domicile\"],\"inLanguage\":\"pt-PT\"},{\"@type\":\"WebPage\",\"@id\":\"https:\\\/\\\/www.dynseo.com\\\/pt-pt\\\/o-que-e-presbycusis\\\/\",\"url\":\"https:\\\/\\\/www.dynseo.com\\\/pt-pt\\\/o-que-e-presbycusis\\\/\",\"name\":\"Presbiacusia: o que \u00e9 e como prevenir - DYNSEO\",\"isPartOf\":{\"@id\":\"https:\\\/\\\/www.dynseo.com\\\/pt-pt\\\/#website\"},\"primaryImageOfPage\":{\"@id\":\"https:\\\/\\\/www.dynseo.com\\\/pt-pt\\\/o-que-e-presbycusis\\\/#primaryimage\"},\"image\":{\"@id\":\"https:\\\/\\\/www.dynseo.com\\\/pt-pt\\\/o-que-e-presbycusis\\\/#primaryimage\"},\"thumbnailUrl\":\"https:\\\/\\\/www.dynseo.com\\\/wp-content\\\/uploads\\\/2025\\\/10\\\/ma-fille-est-trisomique-1.png\",\"datePublished\":\"2025-11-25T22:53:21+00:00\",\"dateModified\":\"2025-12-27T20:06:03+00:00\",\"description\":\"Descubra o que \u00e9 a presbiacusia e como preveni-la com este artigo informativo da DYNSEO. Desde a defini\u00e7\u00e3o da presbiacusia at\u00e9 os fatores.\",\"breadcrumb\":{\"@id\":\"https:\\\/\\\/www.dynseo.com\\\/pt-pt\\\/o-que-e-presbycusis\\\/#breadcrumb\"},\"inLanguage\":\"pt-PT\",\"potentialAction\":[{\"@type\":\"ReadAction\",\"target\":[\"https:\\\/\\\/www.dynseo.com\\\/pt-pt\\\/o-que-e-presbycusis\\\/\"]}]},{\"@type\":\"ImageObject\",\"inLanguage\":\"pt-PT\",\"@id\":\"https:\\\/\\\/www.dynseo.com\\\/pt-pt\\\/o-que-e-presbycusis\\\/#primaryimage\",\"url\":\"https:\\\/\\\/www.dynseo.com\\\/wp-content\\\/uploads\\\/2025\\\/10\\\/ma-fille-est-trisomique-1.png\",\"contentUrl\":\"https:\\\/\\\/www.dynseo.com\\\/wp-content\\\/uploads\\\/2025\\\/10\\\/ma-fille-est-trisomique-1.png\",\"width\":2000,\"height\":1500,\"caption\":\"Estimule a mente e a criatividade dos pequenos com um tablet educativo interativo\"},{\"@type\":\"BreadcrumbList\",\"@id\":\"https:\\\/\\\/www.dynseo.com\\\/pt-pt\\\/o-que-e-presbycusis\\\/#breadcrumb\",\"itemListElement\":[{\"@type\":\"ListItem\",\"position\":1,\"name\":\"Accueil\",\"item\":\"https:\\\/\\\/www.dynseo.com\\\/pt-pt\\\/\"},{\"@type\":\"ListItem\",\"position\":2,\"name\":\"O que \u00e9 presbycusis?\"}]},{\"@type\":\"WebSite\",\"@id\":\"https:\\\/\\\/www.dynseo.com\\\/pt-pt\\\/#website\",\"url\":\"https:\\\/\\\/www.dynseo.com\\\/pt-pt\\\/\",\"name\":\"Jeux de m\u00e9moire et stimulation cognitive\",\"description\":\"Entra\u00eenez votre m\u00e9moire et votre cerveau avec DYNSEO\",\"publisher\":{\"@id\":\"https:\\\/\\\/www.dynseo.com\\\/pt-pt\\\/#organization\"},\"potentialAction\":[{\"@type\":\"SearchAction\",\"target\":{\"@type\":\"EntryPoint\",\"urlTemplate\":\"https:\\\/\\\/www.dynseo.com\\\/pt-pt\\\/?s={search_term_string}\"},\"query-input\":{\"@type\":\"PropertyValueSpecification\",\"valueRequired\":true,\"valueName\":\"search_term_string\"}}],\"inLanguage\":\"pt-PT\"},{\"@type\":\"Organization\",\"@id\":\"https:\\\/\\\/www.dynseo.com\\\/pt-pt\\\/#organization\",\"name\":\"DYNSEO\",\"url\":\"https:\\\/\\\/www.dynseo.com\\\/pt-pt\\\/\",\"logo\":{\"@type\":\"ImageObject\",\"inLanguage\":\"pt-PT\",\"@id\":\"https:\\\/\\\/www.dynseo.com\\\/pt-pt\\\/#\\\/schema\\\/logo\\\/image\\\/\",\"url\":\"https:\\\/\\\/www.dynseo.com\\\/wp-content\\\/uploads\\\/2022\\\/05\\\/logo-dynseo-new.png\",\"contentUrl\":\"https:\\\/\\\/www.dynseo.com\\\/wp-content\\\/uploads\\\/2022\\\/05\\\/logo-dynseo-new.png\",\"width\":5073,\"height\":1397,\"caption\":\"DYNSEO\"},\"image\":{\"@id\":\"https:\\\/\\\/www.dynseo.com\\\/pt-pt\\\/#\\\/schema\\\/logo\\\/image\\\/\"}},{\"@type\":\"Person\",\"@id\":\"https:\\\/\\\/www.dynseo.com\\\/pt-pt\\\/#\\\/schema\\\/person\\\/78ef63df2ee64e0989bc68f8401b38d6\",\"name\":\"DYNSEO\",\"url\":\"https:\\\/\\\/www.dynseo.com\\\/pt-pt\\\/author\\\/justine\\\/\"}]}<\/script>\n<!-- \/ Yoast SEO plugin. -->","yoast_head_json":{"title":"Presbiacusia: o que \u00e9 e como prevenir - DYNSEO","description":"Descubra o que \u00e9 a presbiacusia e como preveni-la com este artigo informativo da DYNSEO. Desde a defini\u00e7\u00e3o da presbiacusia at\u00e9 os fatores.","robots":{"index":"index","follow":"follow","max-snippet":"max-snippet:-1","max-image-preview":"max-image-preview:large","max-video-preview":"max-video-preview:-1"},"canonical":"https:\/\/www.dynseo.com\/pt-pt\/o-que-e-presbycusis\/","og_locale":"pt_PT","og_type":"article","og_title":"Presbiacusia: o que \u00e9 e como prevenir - DYNSEO","og_description":"Descubra o que \u00e9 a presbiacusia e como preveni-la com este artigo informativo da DYNSEO. Desde a defini\u00e7\u00e3o da presbiacusia at\u00e9 os fatores.","og_url":"https:\/\/www.dynseo.com\/pt-pt\/o-que-e-presbycusis\/","og_site_name":"DYNSEO - Aplica\u00e7\u00f5es educativas e jogos de mem\u00f3ria","article_published_time":"2025-11-25T22:53:21+00:00","article_modified_time":"2025-12-27T20:06:03+00:00","og_image":[{"width":1024,"height":768,"url":"https:\/\/www.dynseo.com\/wp-content\/uploads\/2025\/10\/ma-fille-est-trisomique-1-1024x768.png","type":"image\/png"}],"author":"DYNSEO","twitter_misc":{"Escrito por":"DYNSEO","Tempo estimado de leitura":"11 minutos"},"schema":{"@context":"https:\/\/schema.org","@graph":[{"@type":"Article","@id":"https:\/\/www.dynseo.com\/pt-pt\/o-que-e-presbycusis\/#article","isPartOf":{"@id":"https:\/\/www.dynseo.com\/pt-pt\/o-que-e-presbycusis\/"},"author":{"name":"DYNSEO","@id":"https:\/\/www.dynseo.com\/pt-pt\/#\/schema\/person\/78ef63df2ee64e0989bc68f8401b38d6"},"headline":"O que \u00e9 presbycusis?","datePublished":"2025-11-25T22:53:21+00:00","dateModified":"2025-12-27T20:06:03+00:00","mainEntityOfPage":{"@id":"https:\/\/www.dynseo.com\/pt-pt\/o-que-e-presbycusis\/"},"wordCount":2191,"publisher":{"@id":"https:\/\/www.dynseo.com\/pt-pt\/#organization"},"image":{"@id":"https:\/\/www.dynseo.com\/pt-pt\/o-que-e-presbycusis\/#primaryimage"},"thumbnailUrl":"https:\/\/www.dynseo.com\/wp-content\/uploads\/2025\/10\/ma-fille-est-trisomique-1.png","articleSection":["Advice from our coaches","Les conseils des coachs","Tout sur l'aide \u00e0 domicile","Tudo sobre a trissomia","Unkategorisiert","\u5173\u4e8e\u5bb6\u5ead\u5e2e\u52a9\u7684\u6240\u6709\u4fe1\u606f - domicile"],"inLanguage":"pt-PT"},{"@type":"WebPage","@id":"https:\/\/www.dynseo.com\/pt-pt\/o-que-e-presbycusis\/","url":"https:\/\/www.dynseo.com\/pt-pt\/o-que-e-presbycusis\/","name":"Presbiacusia: o que \u00e9 e como prevenir - DYNSEO","isPartOf":{"@id":"https:\/\/www.dynseo.com\/pt-pt\/#website"},"primaryImageOfPage":{"@id":"https:\/\/www.dynseo.com\/pt-pt\/o-que-e-presbycusis\/#primaryimage"},"image":{"@id":"https:\/\/www.dynseo.com\/pt-pt\/o-que-e-presbycusis\/#primaryimage"},"thumbnailUrl":"https:\/\/www.dynseo.com\/wp-content\/uploads\/2025\/10\/ma-fille-est-trisomique-1.png","datePublished":"2025-11-25T22:53:21+00:00","dateModified":"2025-12-27T20:06:03+00:00","description":"Descubra o que \u00e9 a presbiacusia e como preveni-la com este artigo informativo da DYNSEO. Desde a defini\u00e7\u00e3o da presbiacusia at\u00e9 os fatores.","breadcrumb":{"@id":"https:\/\/www.dynseo.com\/pt-pt\/o-que-e-presbycusis\/#breadcrumb"},"inLanguage":"pt-PT","potentialAction":[{"@type":"ReadAction","target":["https:\/\/www.dynseo.com\/pt-pt\/o-que-e-presbycusis\/"]}]},{"@type":"ImageObject","inLanguage":"pt-PT","@id":"https:\/\/www.dynseo.com\/pt-pt\/o-que-e-presbycusis\/#primaryimage","url":"https:\/\/www.dynseo.com\/wp-content\/uploads\/2025\/10\/ma-fille-est-trisomique-1.png","contentUrl":"https:\/\/www.dynseo.com\/wp-content\/uploads\/2025\/10\/ma-fille-est-trisomique-1.png","width":2000,"height":1500,"caption":"Estimule a mente e a criatividade dos pequenos com um tablet educativo interativo"},{"@type":"BreadcrumbList","@id":"https:\/\/www.dynseo.com\/pt-pt\/o-que-e-presbycusis\/#breadcrumb","itemListElement":[{"@type":"ListItem","position":1,"name":"Accueil","item":"https:\/\/www.dynseo.com\/pt-pt\/"},{"@type":"ListItem","position":2,"name":"O que \u00e9 presbycusis?"}]},{"@type":"WebSite","@id":"https:\/\/www.dynseo.com\/pt-pt\/#website","url":"https:\/\/www.dynseo.com\/pt-pt\/","name":"Jeux de m\u00e9moire et stimulation cognitive","description":"Entra\u00eenez votre m\u00e9moire et votre cerveau avec DYNSEO","publisher":{"@id":"https:\/\/www.dynseo.com\/pt-pt\/#organization"},"potentialAction":[{"@type":"SearchAction","target":{"@type":"EntryPoint","urlTemplate":"https:\/\/www.dynseo.com\/pt-pt\/?s={search_term_string}"},"query-input":{"@type":"PropertyValueSpecification","valueRequired":true,"valueName":"search_term_string"}}],"inLanguage":"pt-PT"},{"@type":"Organization","@id":"https:\/\/www.dynseo.com\/pt-pt\/#organization","name":"DYNSEO","url":"https:\/\/www.dynseo.com\/pt-pt\/","logo":{"@type":"ImageObject","inLanguage":"pt-PT","@id":"https:\/\/www.dynseo.com\/pt-pt\/#\/schema\/logo\/image\/","url":"https:\/\/www.dynseo.com\/wp-content\/uploads\/2022\/05\/logo-dynseo-new.png","contentUrl":"https:\/\/www.dynseo.com\/wp-content\/uploads\/2022\/05\/logo-dynseo-new.png","width":5073,"height":1397,"caption":"DYNSEO"},"image":{"@id":"https:\/\/www.dynseo.com\/pt-pt\/#\/schema\/logo\/image\/"}},{"@type":"Person","@id":"https:\/\/www.dynseo.com\/pt-pt\/#\/schema\/person\/78ef63df2ee64e0989bc68f8401b38d6","name":"DYNSEO","url":"https:\/\/www.dynseo.com\/pt-pt\/author\/justine\/"}]}},"_links":{"self":[{"href":"https:\/\/www.dynseo.com\/pt-pt\/wp-json\/wp\/v2\/posts\/103586","targetHints":{"allow":["GET"]}}],"collection":[{"href":"https:\/\/www.dynseo.com\/pt-pt\/wp-json\/wp\/v2\/posts"}],"about":[{"href":"https:\/\/www.dynseo.com\/pt-pt\/wp-json\/wp\/v2\/types\/post"}],"author":[{"embeddable":true,"href":"https:\/\/www.dynseo.com\/pt-pt\/wp-json\/wp\/v2\/users\/4"}],"replies":[{"embeddable":true,"href":"https:\/\/www.dynseo.com\/pt-pt\/wp-json\/wp\/v2\/comments?post=103586"}],"version-history":[{"count":7,"href":"https:\/\/www.dynseo.com\/pt-pt\/wp-json\/wp\/v2\/posts\/103586\/revisions"}],"predecessor-version":[{"id":459443,"href":"https:\/\/www.dynseo.com\/pt-pt\/wp-json\/wp\/v2\/posts\/103586\/revisions\/459443"}],"wp:featuredmedia":[{"embeddable":true,"href":"https:\/\/www.dynseo.com\/pt-pt\/wp-json\/wp\/v2\/media\/415453"}],"wp:attachment":[{"href":"https:\/\/www.dynseo.com\/pt-pt\/wp-json\/wp\/v2\/media?parent=103586"}],"wp:term":[{"taxonomy":"category","embeddable":true,"href":"https:\/\/www.dynseo.com\/pt-pt\/wp-json\/wp\/v2\/categories?post=103586"},{"taxonomy":"post_tag","embeddable":true,"href":"https:\/\/www.dynseo.com\/pt-pt\/wp-json\/wp\/v2\/tags?post=103586"}],"curies":[{"name":"wp","href":"https:\/\/api.w.org\/{rel}","templated":true}]}}