{"id":106362,"date":"2025-11-25T23:52:28","date_gmt":"2025-11-25T22:52:28","guid":{"rendered":"https:\/\/www.dynseo.com\/actividades-ao-ar-livre-para-idosos-desfrutar-da-natureza-em-conjunto\/"},"modified":"2026-04-28T20:12:48","modified_gmt":"2026-04-28T18:12:48","slug":"atividades-ao-ar-livre-para-idosos-aproveite-a-natureza-juntos","status":"publish","type":"post","link":"https:\/\/www.dynseo.com\/pt-pt\/atividades-ao-ar-livre-para-idosos-aproveite-a-natureza-juntos\/","title":{"rendered":"Atividades ao ar livre para idosos: aproveite a natureza juntos"},"content":{"rendered":"<p>[et_pb_section fb_built=&#8221;1&#8243; _builder_version=&#8221;4.16&#8243; custom_padding=&#8221;0px|0px|0px|0px|false|false&#8221; margin_top=&#8221;0px&#8221; margin_bottom=&#8221;0px&#8221; global_colors_info=&#8221;{}&#8221;][et_pb_row _builder_version=&#8221;4.16&#8243; custom_padding=&#8221;0px|0px|0px|0px|false|false&#8221; margin_top=&#8221;0px&#8221; margin_bottom=&#8221;0px&#8221; column_structure=&#8221;4_4&#8243; global_colors_info=&#8221;{}&#8221;][et_pb_column type=&#8221;4_4&#8243; _builder_version=&#8221;4.16&#8243; custom_padding=&#8221;0px|0px|0px|0px|false|false&#8221; global_colors_info=&#8221;{}&#8221;][et_pb_code _builder_version=&#8221;4.16&#8243; custom_padding=&#8221;0px|0px|0px|0px|false|false&#8221; global_colors_info=&#8221;{}&#8221;]<\/p>\n<style>\n        :root {\n            --blue: #5e5ed7;\n            --blue-dark: #5268c9;\n            --teal: #a9e2e4;\n            --yellow: #ffeca7;\n            --pink: #e73469;\n            --white: #ffffff;\n            --gray-light: #f8f9fa;\n            --gray: #6c757d;\n            --dark: #212529;\n        }<\/p>\n<p>        * {\n            margin: 0;\n            padding: 0;\n            box-sizing: border-box;\n        }<\/p>\n<p>        body {\n            font-family: 'Poppins', sans-serif;\n            line-height: 1.6;\n            color: var(--dark);\n            background-color: var(--white);\n        }<\/p>\n<p>        h1, h2, h3, h4, h5, h6 {\n            font-family: 'Montserrat', sans-serif;\n            font-weight: 700;\n            line-height: 1.2;\n        }<\/p>\n<p>        .container {\n            max-width: 1200px;\n            margin: 0 auto;\n            padding: 0 20px;\n        }<\/p>\n<p>        .article-hero {\n            background: linear-gradient(135deg, var(--blue) 0%, var(--blue-dark) 100%);\n            color: var(--white);\n            padding: 80px 0 120px;\n            position: relative;\n            overflow: hidden;\n        }<\/p>\n<p>        .article-hero::before {\n            content: '';\n            position: absolute;\n            top: 0;\n            left: 0;\n            right: 0;\n            bottom: 0;\n            background: url('data:image\/svg+xml,<svg xmlns=\"http:\/\/www.w3.org\/2000\/svg\" viewBox=\"0 0 100 100\"><circle cx=\"20\" cy=\"20\" r=\"2\" fill=\"rgba(255,255,255,0.1)\"\/><circle cx=\"80\" cy=\"40\" r=\"1.5\" fill=\"rgba(255,255,255,0.1)\"\/><circle cx=\"40\" cy=\"70\" r=\"1\" fill=\"rgba(255,255,255,0.1)\"\/><\/svg>');\n        }<\/p>\n<p>        .article-hero-inner {\n            position: relative;\n            z-index: 2;\n        }<\/p>\n<p>        .article-breadcrumb {\n            font-size: 14px;\n            margin-bottom: 20px;\n            opacity: 0.9;\n        }<\/p>\n<p>        .article-breadcrumb a {\n            color: var(--white);\n            text-decoration: none;\n        }<\/p>\n<p>        .article-breadcrumb a:hover {\n            text-decoration: underline;\n        }<\/p>\n<p>        .article-category {\n            display: inline-block;\n            background: var(--pink);\n            color: var(--white);\n            padding: 8px 16px;\n            border-radius: 25px;\n            font-size: 14px;\n            font-weight: 600;\n            margin-bottom: 30px;\n        }<\/p>\n<p>        .article-hero h1 {\n            font-size: 3.5rem;\n            margin-bottom: 30px;\n            max-width: 900px;\n        }<\/p>\n<p>        .hl {\n            background: linear-gradient(120deg, var(--yellow) 0%, var(--teal) 100%);\n            color: var(--dark);\n            padding: 0 10px;\n            border-radius: 5px;\n        }<\/p>\n<p>        .article-meta {\n            display: flex;\n            flex-wrap: wrap;\n            gap: 30px;\n            align-items: center;\n            margin-bottom: 40px;\n            font-size: 16px;\n        }<\/p>\n<p>        .article-meta span {\n            display: flex;\n            align-items: center;\n            gap: 8px;\n        }<\/p>\n<p>        .stars {\n            color: var(--yellow);\n            font-size: 18px;\n        }<\/p>\n<p>        .article-hero-curve {\n            position: absolute;\n            bottom: -2px;\n            left: 0;\n            width: 100%;\n            height: 60px;\n            background: var(--white);\n            border-radius: 50% 50% 0 0 \/ 100% 100% 0 0;\n        }<\/p>\n<p>        .article-body {\n            padding: 60px 0;\n        }<\/p>\n<p>        .intro-block {\n            font-size: 20px;\n            line-height: 1.8;\n            color: var(--gray);\n            margin-bottom: 60px;\n            text-align: center;\n            max-width: 800px;\n            margin-left: auto;\n            margin-right: auto;\n        }<\/p>\n<p>        .stats-grid {\n            display: grid;\n            grid-template-columns: repeat(auto-fit, minmax(250px, 1fr));\n            gap: 30px;\n            margin-bottom: 80px;\n        }<\/p>\n<p>        .stat-card {\n            background: var(--gray-light);\n            padding: 40px;\n            border-radius: 15px;\n            text-align: center;\n            transition: transform 0.3s ease;\n        }<\/p>\n<p>        .stat-card:hover {\n            transform: translateY(-5px);\n        }<\/p>\n<p>        .stat-card .number {\n            font-size: 3rem;\n            font-weight: 700;\n            color: var(--blue);\n            display: block;\n            margin-bottom: 10px;\n        }<\/p>\n<p>        .stat-card .label {\n            font-size: 16px;\n            color: var(--gray);\n            font-weight: 500;\n        }<\/p>\n<p>        .article-body h2 {\n            font-size: 2.5rem;\n            color: var(--blue-dark);\n            margin: 60px 0 30px;\n            position: relative;\n            padding-left: 20px;\n        }<\/p>\n<p>        .article-body h2::before {\n            content: '';\n            position: absolute;\n            left: 0;\n            top: 0;\n            bottom: 0;\n            width: 5px;\n            background: linear-gradient(135deg, var(--pink), var(--blue));\n            border-radius: 3px;\n        }<\/p>\n<p>        .article-body h3 {\n            font-size: 1.8rem;\n            color: var(--blue-dark);\n            margin: 40px 0 20px;\n        }<\/p>\n<p>        .article-body p {\n            margin-bottom: 20px;\n            font-size: 16px;\n            line-height: 1.8;\n        }<\/p>\n<p>        .conseil-card {\n            background: linear-gradient(135deg, var(--teal), rgba(169, 226, 228, 0.3));\n            padding: 30px;\n            border-radius: 15px;\n            margin: 30px 0;\n            border-left: 5px solid var(--blue);\n        }<\/p>\n<p>        .conseil-card h4 {\n            color: var(--blue-dark);\n            margin-bottom: 15px;\n            font-size: 1.3rem;\n        }<\/p>\n<p>        .key-points {\n            background: var(--gray-light);\n            padding: 30px;\n            border-radius: 15px;\n            margin: 30px 0;\n        }<\/p>\n<p>        .key-points h4 {\n            color: var(--blue-dark);\n            margin-bottom: 20px;\n            font-size: 1.3rem;\n        }<\/p>\n<p>        .key-points ul {\n            list-style: none;\n            padding-left: 0;\n        }<\/p>\n<p>        .key-points li {\n            padding: 10px 0;\n            position: relative;\n            padding-left: 30px;\n        }<\/p>\n<p>        .key-points li::before {\n            content: '\u2713';\n            position: absolute;\n            left: 0;\n            color: var(--pink);\n            font-weight: bold;\n            font-size: 18px;\n        }<\/p>\n<p>        .tip-box {\n            background: linear-gradient(135deg, var(--yellow), rgba(255, 236, 167, 0.3));\n            padding: 25px;\n            border-radius: 15px;\n            margin: 30px 0;\n            position: relative;\n        }<\/p>\n<p>        .tip-box-label {\n            background: var(--pink);\n            color: var(--white);\n            padding: 5px 15px;\n            border-radius: 20px;\n            font-size: 12px;\n            font-weight: 600;\n            text-transform: uppercase;\n            display: inline-block;\n            margin-bottom: 15px;\n        }<\/p>\n<p>        .expert-box {\n            background: var(--white);\n            border: 2px solid var(--blue);\n            border-radius: 15px;\n            padding: 0;\n            margin: 40px 0;\n            overflow: hidden;\n        }<\/p>\n<p>        .expert-box-label {\n            background: var(--blue);\n            color: var(--white);\n            padding: 15px 25px;\n            font-weight: 600;\n            font-size: 14px;\n            text-transform: uppercase;\n        }<\/p>\n<p>        .expert-box-title {\n            background: var(--blue-dark);\n            color: var(--white);\n            padding: 20px 25px;\n            font-size: 1.2rem;\n            font-weight: 600;\n        }<\/p>\n<p>        .expert-inner {\n            padding: 25px;\n        }<\/p>\n<p>        .expert-inner-title {\n            color: var(--blue-dark);\n            font-size: 1.1rem;\n            margin-bottom: 15px;\n            font-weight: 600;\n        }<\/p>\n<p>        .faq-list {\n            margin: 60px 0;\n        }<\/p>\n<p>        .faq-item {\n            background: var(--white);\n            border: 1px solid #e9ecef;\n            border-radius: 10px;\n            margin-bottom: 15px;\n            overflow: hidden;\n            transition: all 0.3s ease;\n        }<\/p>\n<p>        .faq-item.open {\n            box-shadow: 0 5px 15px rgba(94, 94, 215, 0.1);\n        }<\/p>\n<p>        .faq-q {\n            padding: 25px;\n            cursor: pointer;\n            display: flex;\n            justify-content: space-between;\n            align-items: center;\n            font-weight: 600;\n            font-size: 16px;\n            color: var(--blue-dark);\n            transition: background-color 0.3s ease;\n        }<\/p>\n<p>        .faq-q:hover {\n            background-color: var(--gray-light);\n        }<\/p>\n<p>        .faq-icon {\n            width: 20px;\n            height: 20px;\n            border-radius: 50%;\n            background: var(--blue);\n            color: var(--white);\n            display: flex;\n            align-items: center;\n            justify-content: center;\n            font-weight: bold;\n            transition: transform 0.3s ease;\n        }<\/p>\n<p>        .faq-item.open .faq-icon {\n            transform: rotate(45deg);\n        }<\/p>\n<p>        .faq-a {\n            padding: 0 25px;\n            max-height: 0;\n            overflow: hidden;\n            transition: all 0.3s ease;\n        }<\/p>\n<p>        .faq-item.open .faq-a {\n            padding: 0 25px 25px;\n            max-height: 500px;\n        }<\/p>\n<p>        .cta-box {\n            background: linear-gradient(135deg, var(--blue), var(--blue-dark));\n            color: var(--white);\n            padding: 50px;\n            border-radius: 20px;\n            text-align: center;\n            margin: 60px 0;\n        }<\/p>\n<p>        .cta-box h3 {\n            font-size: 2rem;\n            margin-bottom: 20px;\n        }<\/p>\n<p>        .cta-box p {\n            font-size: 18px;\n            margin-bottom: 30px;\n            opacity: 0.9;\n        }<\/p>\n<p>        .cta-buttons {\n            display: flex;\n            gap: 20px;\n            justify-content: center;\n            flex-wrap: wrap;\n        }<\/p>\n<p>        .btn-white {\n            background: var(--white);\n            color: var(--blue-dark);\n            padding: 15px 30px;\n            border-radius: 50px;\n            text-decoration: none;\n            font-weight: 600;\n            transition: all 0.3s ease;\n            display: inline-block;\n        }<\/p>\n<p>        .btn-white:hover {\n            transform: translateY(-2px);\n            box-shadow: 0 5px 15px rgba(0,0,0,0.2);\n        }<\/p>\n<p>        .btn-outline {\n            background: transparent;\n            color: var(--white);\n            border: 2px solid var(--white);\n            padding: 13px 30px;\n            border-radius: 50px;\n            text-decoration: none;\n            font-weight: 600;\n            transition: all 0.3s ease;\n            display: inline-block;\n        }<\/p>\n<p>        .btn-outline:hover {\n            background: var(--white);\n            color: var(--blue-dark);\n        }<\/p>\n<p>        .article-tags {\n            margin-top: 60px;\n            padding-top: 30px;\n            border-top: 1px solid #e9ecef;\n        }<\/p>\n<p>        .article-tag {\n            display: inline-block;\n            background: var(--gray-light);\n            color: var(--gray);\n            padding: 8px 15px;\n            border-radius: 20px;\n            font-size: 14px;\n            margin: 5px;\n            text-decoration: none;\n            transition: all 0.3s ease;\n        }<\/p>\n<p>        .article-tag:hover {\n            background: var(--blue);\n            color: var(--white);\n        }<\/p>\n<p>        @media (max-width: 768px) {\n            .article-hero h1 {\n                font-size: 2.5rem;\n            }<\/p>\n<p>            .article-body h2 {\n                font-size: 2rem;\n            }<\/p>\n<p>            .stats-grid {\n                grid-template-columns: 1fr;\n            }<\/p>\n<p>            .cta-buttons {\n                flex-direction: column;\n                align-items: center;\n            }<\/p>\n<p>            .article-meta {\n                flex-direction: column;\n                gap: 15px;\n                align-items: flex-start;\n            }\n        }\n    <\/style>\n<p><script>\n        document.querySelectorAll('.faq-q').forEach(function(button) {\n            button.addEventListener('click', function() {\n                button.closest('.faq-item').classList.toggle('open');\n            });\n        });\n    <\/script><br \/>\n<script type=\"application\/ld+json\">\n{\n  \"@context\": \"https:\/\/schema.org\",\n  \"@graph\": [\n    {\n      \"@type\": \"Article\",\n      \"headline\": \"Activit\u00e9s en plein air pour les seniors : profitez de la nature ensemble\",\n      \"description\": \"Profitez de la nature ensemble\",\n      \"url\": \"https:\/\/www.dynseo.com\/activites-en-plein-air-pour-les-seniors-profitez-de-la-nature-ensemble\/\",\n      \"datePublished\": \"2026-04-07\",\n      \"dateModified\": \"2026-04-07\",\n      \"author\": {\n        \"@type\": \"Organization\",\n        \"name\": \"DYNSEO\",\n        \"url\": \"https:\/\/www.dynseo.com\"\n      },\n      \"publisher\": {\n        \"@type\": \"Organization\",\n        \"name\": \"DYNSEO\",\n        \"url\": \"https:\/\/www.dynseo.com\"\n      },\n      \"image\": {\n        \"@type\": \"ImageObject\",\n        \"url\": \"https:\/\/www.dynseo.com\/wp-content\/uploads\/2026\/04\/activites-plein-air-seniors.jpg\"\n      },\n      \"aggregateRating\": {\n        \"@type\": \"AggregateRating\",\n        \"ratingValue\": \"4.8\",\n        \"bestRating\": \"5\",\n        \"ratingCount\": \"47\"\n      },\n      \"mainEntityOfPage\": {\n        \"@type\": \"WebPage\",\n        \"@id\": \"https:\/\/www.dynseo.com\/activites-en-plein-air-pour-les-seniors-profitez-de-la-nature-ensemble\/\"\n      }\n    },\n    {\n      \"@type\": \"WebPage\",\n      \"@id\": \"https:\/\/www.dynseo.com\/activites-en-plein-air-pour-les-seniors-profitez-de-la-nature-ensemble\/\",\n      \"url\": \"https:\/\/www.dynseo.com\/activites-en-plein-air-pour-les-seniors-profitez-de-la-nature-ensemble\/\",\n      \"name\": \"Activit\u00e9s en plein air pour les seniors : profitez de la nature ensemble\",\n      \"isPartOf\": {\n        \"@type\": \"WebSite\",\n        \"name\": \"DYNSEO\",\n        \"url\": \"https:\/\/www.dynseo.com\"\n      },\n      \"breadcrumb\": {\n        \"@type\": \"BreadcrumbList\",\n        \"itemListElement\": [\n          {\n            \"@type\": \"ListItem\",\n            \"position\": 1,\n            \"name\": \"Accueil\",\n            \"item\": \"https:\/\/www.dynseo.com\"\n          },\n          {\n            \"@type\": \"ListItem\",\n            \"position\": 2,\n            \"name\": \"Blog\",\n            \"item\": \"https:\/\/www.dynseo.com\/blog\/\"\n          },\n          {\n            \"@type\": \"ListItem\",\n            \"position\": 3,\n            \"name\": \"Activit\u00e9s en plein air pour les seniors : profitez de la nature ensemble\",\n            \"item\": \"https:\/\/www.dynseo.com\/activites-en-plein-air-pour-les-seniors-profitez-de-la-nature-ensemble\/\"\n          }\n        ]\n      }\n    },\n    {\n      \"@type\": \"FAQPage\",\n      \"mainEntity\": [\n        {\n          \"@type\": \"Question\",\n          \"name\": \"Quelles sont les pr\u00e9cautions \u00e0 prendre pour d\u00e9buter des activit\u00e9s en plein air apr\u00e8s 65 ans ?\",\n          \"acceptedAnswer\": {\n            \"@type\": \"Answer\",\n            \"text\": \"Il est recommand\u00e9 de consulter son m\u00e9decin avant de commencer, de d\u00e9buter progressivement, de bien s'hydrater, de porter des v\u00eatements adapt\u00e9s et de choisir des activit\u00e9s correspondant \u00e0 sa condition physique.\"\n          }\n        },\n        {\n          \"@type\": \"Question\",\n          \"name\": \"Comment adapter les activit\u00e9s en plein air selon les saisons ?\",\n          \"acceptedAnswer\": {\n            \"@type\": \"Answer\",\n            \"text\": \"En \u00e9t\u00e9, privil\u00e9giez les activit\u00e9s matinales ou en soir\u00e9e, en hiver optez pour les heures les plus chaudes, au printemps et en automne attention aux changements de temp\u00e9rature. Adaptez toujours vos v\u00eatements et votre \u00e9quipement.\"\n          }\n        },\n        {\n          \"@type\": \"Question\",\n          \"name\": \"Peut-on pratiquer des activit\u00e9s en plein air avec des probl\u00e8mes d'arthrose ?\",\n          \"acceptedAnswer\": {\n            \"@type\": \"Answer\",\n            \"text\": \"Oui, certaines activit\u00e9s comme la marche douce, la natation en eau naturelle ou le jardinage adapt\u00e9 peuvent \u00eatre b\u00e9n\u00e9fiques. Il est important de consulter son m\u00e9decin et d'\u00e9viter les mouvements brusques ou les impacts r\u00e9p\u00e9t\u00e9s.\"\n          }\n        }\n      ]\n    }\n  ]\n}\n<\/script>\n<link rel=\"preconnect\" href=\"https:\/\/fonts.googleapis.com\">\n<section class=\"article-hero\">\n<div class=\"container\">\n<div class=\"article-hero-inner\">\n<nav class=\"article-breadcrumb\">\n                    <a href=\"https:\/\/www.dynseo.com\/pt-pt\/\">In\u00edcio<\/a> > <a href=\"https:\/\/www.dynseo.com\/blog\">Blog<\/a> > Atividades ao ar livre para idosos<br \/>\n                <\/nav>\n<div class=\"article-category\">Bem-estar Idoso<\/div>\n<h1>Atividades ao ar livre para os idosos: <span class=\"hl\">aproveite a natureza<\/span> juntos<\/h1>\n<div class=\"article-meta\">\n                    <span>\ud83d\udcc5 Abril 2026<\/span><br \/>\n                    <span>\u23f1\ufe0f 15 min de leitura<\/span><br \/>\n                    <span>\ud83d\udc65 Idosos e fam\u00edlias<\/span><br \/>\n                    <span class=\"stars\">\u2b50\u2b50\u2b50\u2b50\u2b50 4.8\/5<\/span>\n                <\/div>\n<\/p><\/div>\n<\/p><\/div>\n<div class=\"article-hero-curve\"><\/div>\n<\/section>\n<div class=\"article-body\">\n<div class=\"container\">\n<div class=\"intro-block\">\n                <pee>As atividades ao ar livre representam uma fonte inesgot\u00e1vel de benef\u00edcios para os idosos, combinando prazer, sa\u00fade f\u00edsica e bem-estar mental. Em um mundo cada vez mais urbano e digitalizado, retomar o contato com a natureza torna-se essencial para manter um equil\u00edbrio de vida ideal. Esses momentos privilegiados ao ar livre oferecem n\u00e3o apenas a oportunidade de permanecer ativo fisicamente, mas tamb\u00e9m de fortalecer os la\u00e7os sociais e familiares. Se voc\u00ea \u00e9 um idoso em busca de novas aventuras ou um familiar desejando compartilhar momentos preciosos, descubra como a natureza pode transformar seu cotidiano. O ar puro, as paisagens tranquilizadoras e as atividades adaptadas constituem um coquetel perfeito para envelhecer com beleza e sa\u00fade.<\/pee>\n            <\/div>\n<div class=\"stats-grid\">\n<div class=\"stat-card\">\n                    <span class=\"number\">85%<\/span><br \/>\n                    <span class=\"label\">dos idosos relatam um humor melhor ap\u00f3s atividades ao ar livre<\/span>\n                <\/div>\n<div class=\"stat-card\">\n                    <span class=\"number\">30min<\/span><br \/>\n                    <span class=\"label\">de atividade externa di\u00e1ria recomendada pelos m\u00e9dicos<\/span>\n                <\/div>\n<div class=\"stat-card\">\n                    <span class=\"number\">40%<\/span><br \/>\n                    <span class=\"label\">de redu\u00e7\u00e3o dos riscos de depress\u00e3o gra\u00e7as \u00e0s atividades na natureza<\/span>\n                <\/div>\n<div class=\"stat-card\">\n                    <span class=\"number\">200+<\/span><br \/>\n                    <span class=\"label\">atividades diferentes adaptadas aos idosos ativos<\/span>\n                <\/div>\n<\/p><\/div>\n<h2>1. Os benef\u00edcios cientificamente comprovados das atividades ao ar livre para os idosos<\/h2>\n<pee>A pesquisa cient\u00edfica moderna confirma o que nossos ancestrais sabiam intuitivamente: o contato com a natureza \u00e9 fundamental para o nosso bem-estar. As atividades ao ar livre estimulam a produ\u00e7\u00e3o de vitamina D gra\u00e7as \u00e0 exposi\u00e7\u00e3o solar, essencial para a sa\u00fade \u00f3ssea dos idosos. Essa vitamina desempenha um papel crucial na preven\u00e7\u00e3o da osteoporose e das fraturas, particularmente frequentes com a idade.<\/pee>\n<pee>A atividade f\u00edsica ao ar livre envolve todo o sistema cardiovascular de maneira suave, mas eficaz. Caminhar em terrenos variados, por exemplo, melhora o equil\u00edbrio e a propriocep\u00e7\u00e3o, reduzindo significativamente os riscos de queda. Os m\u00fasculos estabilizadores trabalham naturalmente para se adaptar \u00e0s irregularidades do solo, criando um treinamento funcional incompar\u00e1vel.<\/pee>\n<pee>No aspecto cognitivo, o ambiente natural estimula todos os sentidos simultaneamente. As varia\u00e7\u00f5es de luz, os sons da natureza, os cheiros vegetais e a diversidade visual criam uma estimula\u00e7\u00e3o sensorial rica que mant\u00e9m o c\u00e9rebro alerta. Essa estimula\u00e7\u00e3o multissensorial favorece a neuroplasticidade e pode contribuir para retardar o decl\u00ednio cognitivo relacionado \u00e0 idade.<\/pee>\n<div class=\"conseil-card\">\n<h4>\ud83d\udca1 Conselho de especialista DYNSEO<\/h4>\n<pee>Combine suas atividades ao ar livre com nossos exerc\u00edcios cerebrais de <a href=\"https:\/\/www.dynseo.com\/pt-pt\/coco-pensa-e-coco-se-mexe\/\" style=\"color: var(--blue-dark); font-weight: 600;\">COCO PENSA e COCO SE MEXE<\/a>. Por exemplo, durante uma pausa em uma trilha, realize alguns exerc\u00edcios de mem\u00f3ria em seu tablet para otimizar os benef\u00edcios cognitivos de sua sa\u00edda na natureza.<\/pee>\n            <\/div>\n<div class=\"key-points\">\n<h4>Pontos-chave dos benef\u00edcios cient\u00edficos:<\/h4>\n<ul>\n<li>Aumento da produ\u00e7\u00e3o de vitamina D (at\u00e9 400% em 30 minutos de exposi\u00e7\u00e3o)<\/li>\n<li>Melhoria da qualidade do sono gra\u00e7as \u00e0 regula\u00e7\u00e3o do ritmo circadiano<\/li>\n<li>Redu\u00e7\u00e3o do cortisol (horm\u00f4nio do estresse) em 15% ap\u00f3s 20 minutos na natureza<\/li>\n<li>Estimula\u00e7\u00e3o do sistema imunol\u00f3gico pelos fitonc\u00eddios das \u00e1rvores<\/li>\n<li>Melhoria da fun\u00e7\u00e3o pulmonar gra\u00e7as ao ar puro<\/li>\n<\/ul><\/div>\n<div class=\"tip-box\">\n<div class=\"tip-box-label\">Dica Pr\u00e1tica<\/div>\n<pee>Comece com sa\u00eddas curtas de 15-20 minutos e aumente gradualmente a dura\u00e7\u00e3o. O importante \u00e9 a regularidade em vez da intensidade. Uma caminhada di\u00e1ria no seu bairro \u00e9 melhor do que uma longa trilha semanal se voc\u00ea est\u00e1 come\u00e7ando.<\/pee>\n            <\/div>\n<h2>2. Trilha e caminhada terap\u00eautica: redescobrir o prazer da explora\u00e7\u00e3o<\/h2>\n<pee>A trilha representa a atividade ao ar livre por excel\u00eancia para os idosos, oferecendo uma adaptabilidade not\u00e1vel de acordo com as capacidades de cada um. Ao contr\u00e1rio da ideia recebida, trilhar n\u00e3o significa necessariamente escalar picos \u00edngremes. Os caminhos de plan\u00edcie, as trilhas florestais e os percursos urbanos arborizados oferecem excelentes alternativas para todos os n\u00edveis de condicionamento f\u00edsico.<\/pee>\n<pee>A caminhada n\u00f3rdica ganha popularidade entre os idosos por seus in\u00fameros benef\u00edcios. O uso de bast\u00f5es espec\u00edficos permite distribuir o esfor\u00e7o por todo o corpo, reduzindo a press\u00e3o nas articula\u00e7\u00f5es inferiores enquanto solicita a parte superior do corpo. Essa t\u00e9cnica melhora a postura, fortalece os m\u00fasculos do tronco e aumenta o gasto energ\u00e9tico em 20% em compara\u00e7\u00e3o com a caminhada cl\u00e1ssica.<\/pee>\n<pee>O aspecto social da trilha em grupo n\u00e3o deve ser negligenciado. Essas atividades criam la\u00e7os intergeracionais valiosos quando av\u00f3s, filhos e netos compartilham a explora\u00e7\u00e3o de uma trilha. As pausas regulares permitem trocar ideias, compartilhar mem\u00f3rias e criar novos momentos memor\u00e1veis em um ambiente natural relaxante.<\/pee>\n<div class=\"expert-box\">\n<div class=\"expert-box-label\">Especializa\u00e7\u00e3o DYNSEO<\/div>\n<div class=\"expert-box-title\">A trilha cognitiva: estimular corpo e mente simultaneamente<\/div>\n<div class=\"expert-inner\">\n<div class=\"expert-inner-title\">Uma abordagem inovadora do bem-estar s\u00eanior<\/div>\n<pee>Nossos especialistas desenvolveram o conceito de &#8220;trilha cognitiva&#8221; que combina caminhada na natureza e exerc\u00edcios mentais. Durante as pausas, utilize o aplicativo <a href=\"https:\/\/www.dynseo.com\/pt-pt\/coco-pensa-e-coco-se-mexe\/\" style=\"color: var(--blue-dark); font-weight: 600;\">COCO PENSA<\/a> para realizar jogos de observa\u00e7\u00e3o baseados no ambiente natural: contar as diferentes esp\u00e9cies de \u00e1rvores, memorizar a sequ\u00eancia dos pain\u00e9is encontrados ou resolver enigmas relacionados \u00e0 paisagem atravessada.<\/pee>\n                <\/div>\n<\/p><\/div>\n<div class=\"conseil-card\">\n<h4>\ud83c\udfaf Escolha da rota adequada<\/h4>\n<pee>Priorize as trilhas sinalizadas com la\u00e7os de 2-5 km para come\u00e7ar. Verifique a presen\u00e7a de bancos ou \u00e1reas de descanso a cada 500 metros. Aplicativos como VisoRando ou IGN indicam a eleva\u00e7\u00e3o e a dificuldade dos percursos. Opte por uma eleva\u00e7\u00e3o inferior a 100m por quil\u00f4metro para uma caminhada confort\u00e1vel.<\/pee>\n            <\/div>\n<h2>3. Jardinagem terap\u00eautica: cultivar a sa\u00fade e o bem-estar<\/h2>\n<pee>A jardinagem representa muito mais do que um simples passatempo para os idosos: \u00e9 uma verdadeira terapia natural com m\u00faltiplos benef\u00edcios. Esta atividade envolve todo o corpo de maneira suave e progressiva, desde os gestos delicados do plantio at\u00e9 os movimentos mais amplos da rega e da capina. A regularidade dos gestos de jardinagem mant\u00e9m a flexibilidade articular e a for\u00e7a muscular sem traumatismos.<\/pee>\n<pee>O aspecto psicol\u00f3gico da jardinagem \u00e9 particularmente ben\u00e9fico para os idosos. Ver suas planta\u00e7\u00f5es crescerem proporciona uma sensa\u00e7\u00e3o de realiza\u00e7\u00e3o e continuidade no tempo. Esta atividade permite manter um v\u00ednculo com os ciclos naturais, aspecto \u00e0s vezes perdido em nossas vidas urbanas. O contato com a terra tamb\u00e9m tem efeitos calmantes documentados, reduzindo a ansiedade e promovendo o relaxamento.<\/pee>\n<pee>Para os idosos em apartamentos, a jardinagem vertical ou em vasos na varanda oferece uma alternativa acess\u00edvel. Os jardins compartilhados est\u00e3o se desenvolvendo em muitas comunidades, criando espa\u00e7os de socializa\u00e7\u00e3o intergeracional em torno da paix\u00e3o comum pela jardinagem. Esses locais favorecem a troca de saberes e a cria\u00e7\u00e3o de v\u00ednculos sociais duradouros.<\/pee>\n<div class=\"key-points\">\n<h4>T\u00e9cnicas de jardinagem adaptadas aos idosos:<\/h4>\n<ul>\n<li>Jardinagem elevada para evitar se curvar (vasos na altura da cintura)<\/li>\n<li>Ferramentas ergon\u00f4micas com cabos longos e punhos adequados<\/li>\n<li>Plantas de baixa manuten\u00e7\u00e3o (suculentas, arom\u00e1ticas)<\/li>\n<li>Sistema de irriga\u00e7\u00e3o autom\u00e1tica ou gotejamento<\/li>\n<li>Mulch para reduzir a capina e conservar a umidade<\/li>\n<\/ul><\/div>\n<div class=\"tip-box\">\n<div class=\"tip-box-label\">Inova\u00e7\u00e3o DYNSEO<\/div>\n<pee>Transforme sua jardinagem em exerc\u00edcio cognitivo! Planeje suas planta\u00e7\u00f5es de acordo com um calend\u00e1rio, calcule os espa\u00e7os necess\u00e1rios, memorize os per\u00edodos de irriga\u00e7\u00e3o. Complete com nossos jogos de l\u00f3gica de <a href=\"https:\/\/www.dynseo.com\/pt-pt\/coco-pensa-e-coco-se-mexe\/\" style=\"color: var(--blue-dark); font-weight: 600;\">COCO PENSA<\/a> durante as pausas de jardinagem.<\/pee>\n            <\/div>\n<h2>4. Atividades aqu\u00e1ticas ao ar livre: a suavidade da \u00e1gua e da natureza<\/h2>\n<pee>As atividades aqu\u00e1ticas em ambiente natural oferecem uma experi\u00eancia \u00fanica combinando os benef\u00edcios do exerc\u00edcio em gravidade reduzida e o contato direto com a natureza. A nata\u00e7\u00e3o em lago, mar ou rio envolve toda a musculatura enquanto preserva as articula\u00e7\u00f5es gra\u00e7as \u00e0 flutuabilidade da \u00e1gua. Esta atividade melhora significativamente as capacidades cardiorrespirat\u00f3rias e a circula\u00e7\u00e3o sangu\u00ednea.<\/pee>\n<pee>A marcha aqu\u00e1tica em ambiente natural, pr\u00e1tica que consiste em caminhar na \u00e1gua at\u00e9 a metade da coxa, combina resist\u00eancia aqu\u00e1tica e benef\u00edcios da caminhada. Esta atividade \u00e9 particularmente recomendada para os idosos que sofrem de artrose, pois a \u00e1gua reduz as tens\u00f5es articulares enquanto oferece uma resist\u00eancia suave para o fortalecimento muscular.<\/pee>\n<pee>Os benef\u00edcios psicol\u00f3gicos das atividades aqu\u00e1ticas na natureza s\u00e3o not\u00e1veis. O contato com a \u00e1gua tem efeitos relaxantes comprovados, reduzindo o estresse e a ansiedade. O ambiente aqu\u00e1tico natural estimula todos os sentidos: o som da \u00e1gua, os reflexos luminosos, os odores iodados ou vegetais criam uma experi\u00eancia sensorial rica e calmante.<\/pee>\n<div class=\"expert-box\">\n<div class=\"expert-box-label\">Pesquisa DYNSEO<\/div>\n<div class=\"expert-box-title\">Hidroterapia cognitiva: a \u00e1gua a servi\u00e7o do c\u00e9rebro<\/div>\n<div class=\"expert-inner\">\n<div class=\"expert-inner-title\">Uma abordagem cient\u00edfica inovadora<\/div>\n<pee>Nossos estudos mostram que os exerc\u00edcios cognitivos realizados ap\u00f3s uma sess\u00e3o de atividade aqu\u00e1tica s\u00e3o 25% mais eficazes. A oxigena\u00e7\u00e3o cerebral otimizada pelo esfor\u00e7o aqu\u00e1tico prepara o c\u00e9rebro para os desafios cognitivos. Aproveite essa janela favor\u00e1vel usando nossos aplicativos ap\u00f3s suas sess\u00f5es aqu\u00e1ticas.<\/pee>\n                <\/div>\n<\/p><\/div>\n<div class=\"conseil-card\">\n<h4>\ud83c\udfca\u200d\u2640\ufe0f Seguran\u00e7a em ambiente aqu\u00e1tico natural<\/h4>\n<pee>Sempre praticar acompanhado, escolher \u00e1reas supervisionadas ou conhecidas, verificar a temperatura da \u00e1gua (idealmente 18-24\u00b0C), usar cal\u00e7ados aqu\u00e1ticos para proteger os p\u00e9s e prever uma sa\u00edda gradual para evitar o choque t\u00e9rmico. Informe-se sobre as correntes e mar\u00e9s se necess\u00e1rio.<\/pee>\n            <\/div>\n<h2>5. Ciclismo e bicicleta el\u00e9trica: liberdade e explora\u00e7\u00e3o adaptada<\/h2>\n<pee>O ciclismo representa uma atividade ideal para os idosos que desejam explorar dist\u00e2ncias maiores enquanto preservam suas articula\u00e7\u00f5es. O advento da bicicleta el\u00e9trica revolucionou essa pr\u00e1tica, tornando acess\u00edveis percursos anteriormente muito exigentes. Essa assist\u00eancia permite modular o esfor\u00e7o de acordo com as capacidades do momento e enfrentar os desn\u00edveis sem exaust\u00e3o.<\/pee>\n<pee>As vias verdes e ciclovias est\u00e3o se multiplicando na Fran\u00e7a, oferecendo uma rede segura para a pr\u00e1tica da bicicleta por idosos. Essas adapta\u00e7\u00f5es, frequentemente feitas em antigas ferrovias, prop\u00f5em percursos sem tr\u00e1fego de autom\u00f3veis, com inclina\u00e7\u00f5es suaves e paisagens variadas. A infraestrutura cicl\u00e1vel francesa conta com mais de 17.000 km de ciclovias e vias verdes.<\/pee>\n<pee>O ciclismo em grupo refor\u00e7a a dimens\u00e3o social da atividade. Os clubes de idosos organizam passeios regulares adaptados a diferentes n\u00edveis, promovendo encontros e ajuda m\u00fatua. Esses passeios geralmente incluem pausas culturais ou gastron\u00f4micas, enriquecendo a experi\u00eancia al\u00e9m do aspecto esportivo.<\/pee>\n<div class=\"key-points\">\n<h4>Vantagens da bicicleta el\u00e9trica para idosos:<\/h4>\n<ul>\n<li>Assist\u00eancia modul\u00e1vel de acordo com o esfor\u00e7o desejado<\/li>\n<li>Autonomia de 40-80 km dependendo dos modelos<\/li>\n<li>Redu\u00e7\u00e3o de 60% do esfor\u00e7o em subidas<\/li>\n<li>Possibilidade de transportar cargas (compras, piquenique)<\/li>\n<li>Quadro baixo facilitando a montagem<\/li>\n<\/ul><\/div>\n<div class=\"tip-box\">\n<div class=\"tip-box-label\">Prepara\u00e7\u00e3o Cognitiva<\/div>\n<pee>Antes da sua sa\u00edda de bicicleta, planeje seu itiner\u00e1rio usando as fun\u00e7\u00f5es de mem\u00f3ria e orienta\u00e7\u00e3o de <a href=\"https:\/\/www.dynseo.com\/pt-pt\/coco-pensa-e-coco-se-mexe\/\" style=\"color: var(--blue-dark); font-weight: 600;\">COCO PENSA<\/a>. Memorize os pontos de refer\u00eancia, calcule as dist\u00e2ncias e os tempos de percurso. Esta prepara\u00e7\u00e3o cognitiva enriquece a experi\u00eancia e mant\u00e9m a mente alerta.<\/pee>\n            <\/div>\n<h2>6. Piqueniques e refei\u00e7\u00f5es ao ar livre: convivialidade e nutri\u00e7\u00e3o natural<\/h2>\n<pee>As refei\u00e7\u00f5es ao ar livre transcendem a simples necessidade nutricional para se tornarem verdadeiros momentos de compartilhamento e convivialidade. A organiza\u00e7\u00e3o de um piquenique envolve muitas fun\u00e7\u00f5es cognitivas: planejamento do menu, antecipa\u00e7\u00e3o das necessidades, organiza\u00e7\u00e3o log\u00edstica do transporte e do material. Essas atividades de prepara\u00e7\u00e3o estimulam as fun\u00e7\u00f5es executivas do c\u00e9rebro.<\/pee>\n<pee>A degusta\u00e7\u00e3o ao ar livre modifica a percep\u00e7\u00e3o gustativa e olfativa. O ambiente natural, livre dos odores urbanos, permite uma melhor aprecia\u00e7\u00e3o dos sabores. O ar puro e a atividade f\u00edsica anterior estimulam o apetite e facilitam a digest\u00e3o. Al\u00e9m disso, comer fora muitas vezes incentiva escolhas alimentares mais saud\u00e1veis e um consumo maior de frutas e legumes frescos.<\/pee>\n<pee>O aspecto intergeracional das refei\u00e7\u00f5es ao ar livre favorece a transmiss\u00e3o culin\u00e1ria e cultural. Esses momentos permitem que os idosos compartilhem suas receitas tradicionais enquanto descobrem as novas tend\u00eancias alimentares dos mais jovens. Essa reciprocidade enriquece as rela\u00e7\u00f5es familiares e mant\u00e9m os idosos conectados \u00e0s evolu\u00e7\u00f5es sociais.<\/pee>\n<div class=\"expert-box\">\n<div class=\"expert-box-label\">Nutri\u00e7\u00e3o DYNSEO<\/div>\n<div class=\"expert-box-title\">Alimenta\u00e7\u00e3o cognitiva ao ar livre<\/div>\n<div class=\"expert-inner\">\n<div class=\"expert-inner-title\">Otimizar os aportes nutricionais para o c\u00e9rebro<\/div>\n<pee>Priorize alimentos ricos em \u00f4mega-3 (nozes, sardinhas), antioxidantes (frutas vermelhas, legumes coloridos) e vitaminas B (cereais integrais). Esses nutrientes, consumidos ao ar livre ap\u00f3s uma atividade f\u00edsica, otimizam sua assimila\u00e7\u00e3o e seus benef\u00edcios cognitivos. Hidrate-se regularmente com \u00e1gua enriquecida em eletr\u00f3litos naturais.<\/pee>\n                <\/div>\n<\/p><\/div>\n<div class=\"conseil-card\">\n<h4>\ud83e\uddfa Composi\u00e7\u00e3o do piquenique saud\u00e1vel para idosos<\/h4>\n<pee>Inclua prote\u00ednas f\u00e1ceis de mastigar (ovos cozidos, queijo), carboidratos complexos (p\u00e3o integral, quinoa fria), frutas e legumes coloridos, nozes e sementes para as boas gorduras. Evite alimentos perec\u00edveis em altas temperaturas e prefira recipientes t\u00e9rmicos. N\u00e3o se esque\u00e7a dos talheres adequados, se necess\u00e1rio.<\/pee>\n            <\/div>\n<h2>7. Observa\u00e7\u00e3o da natureza e fotografia: desenvolver a aten\u00e7\u00e3o e a criatividade<\/h2>\n<pee>A observa\u00e7\u00e3o naturalista representa uma atividade contemplativa com virtudes cognitivas not\u00e1veis. Esta pr\u00e1tica desenvolve a aten\u00e7\u00e3o sustentada, a discrimina\u00e7\u00e3o visual e a mem\u00f3ria de trabalho. Identificar as esp\u00e9cies vegetais e animais solicita as capacidades de an\u00e1lise, compara\u00e7\u00e3o e memoriza\u00e7\u00e3o, criando um treinamento cerebral natural e agrad\u00e1vel.<\/pee>\n<pee>A fotografia da natureza combina atividade f\u00edsica suave e estimula\u00e7\u00e3o cognitiva complexa. Enquadrar uma imagem requer uma an\u00e1lise espacial, a gest\u00e3o da luz solicita as fun\u00e7\u00f5es visuais, e a composi\u00e7\u00e3o est\u00e9tica apela \u00e0 criatividade. O uso de uma c\u00e2mera, mesmo simples, mant\u00e9m a destreza fina e a adapta\u00e7\u00e3o \u00e0s novas tecnologias.<\/pee>\n<pee>A ornitologia, observa\u00e7\u00e3o de aves, conhece um crescimento not\u00e1vel entre os idosos. Esta atividade combina caminhada suave, aten\u00e7\u00e3o sustentada e aprendizado cont\u00ednuo. Os aplicativos de identifica\u00e7\u00e3o dos cantos de p\u00e1ssaros transformam cada sa\u00edda em uma descoberta interativa. A paci\u00eancia necess\u00e1ria para observar os p\u00e1ssaros desenvolve a capacidade de concentra\u00e7\u00e3o e proporciona uma sensa\u00e7\u00e3o de realiza\u00e7\u00e3o a cada identifica\u00e7\u00e3o bem-sucedida.<\/pee>\n<div class=\"key-points\">\n<h4>Equipamento para observa\u00e7\u00e3o da natureza:<\/h4>\n<ul>\n<li>Bin\u00f3culos leves (8&#215;32 no m\u00e1ximo para evitar tremores)<\/li>\n<li>Guia de identifica\u00e7\u00e3o das esp\u00e9cies locais<\/li>\n<li>Caderno de observa\u00e7\u00e3o para anotar as descobertas<\/li>\n<li>Aplicativo de smartphone de identifica\u00e7\u00e3o (PlantNet, Merlin Bird ID)<\/li>\n<li>Lupa de bolso para observar detalhes<\/li>\n<\/ul><\/div>\n<div class=\"tip-box\">\n<div class=\"tip-box-label\">Desafio Cognitivo<\/div>\n<pee>Crie seu herb\u00e1rio digital! Fotografe e identifique 5 esp\u00e9cies vegetais diferentes durante cada sa\u00edda. Use os jogos de mem\u00f3ria de COCO PENSA para memorizar seus nomes e caracter\u00edsticas. Essa abordagem combina observa\u00e7\u00e3o, tecnologia e treinamento cognitivo.<\/pee>\n            <\/div>\n<h2>8. Atividades de inverno e adapta\u00e7\u00f5es sazonais<\/h2>\n<pee>As atividades ao ar livre n\u00e3o se interrompem com a chegada do inverno, mas necessitam de adapta\u00e7\u00f5es espec\u00edficas para os idosos. A caminhada de inverno oferece paisagens transformadas e um ar particularmente puro, ben\u00e9fico para as vias respirat\u00f3rias. A exposi\u00e7\u00e3o \u00e0 luz natural, mesmo no inverno, continua essencial para combater a depress\u00e3o sazonal frequente entre os idosos.<\/pee>\n<pee>As raquetes de neve representam uma excelente alternativa \u00e0 trilha de ver\u00e3o. Essa atividade, acess\u00edvel para iniciantes, envolve todo o sistema cardio-respirat\u00f3rio enquanto preserva as articula\u00e7\u00f5es gra\u00e7as ao amortecimento natural da neve. A raquete desenvolve o equil\u00edbrio e a coordena\u00e7\u00e3o, qualidades essenciais para prevenir quedas entre os idosos.<\/pee>\n<pee>A observa\u00e7\u00e3o da natureza invernal revela aspectos muitas vezes desconhecidos do ambiente. As pegadas de animais na neve contam hist\u00f3rias fascinantes, as \u00e1rvores despidas revelam sua arquitetura, e os p\u00e1ssaros invernais oferecem oportunidades de observa\u00e7\u00e3o \u00fanicas. Essa riqueza sensorial estimula a curiosidade e mant\u00e9m o engajamento cognitivo durante o per\u00edodo frio.<\/pee>\n<div class=\"conseil-card\">\n<h4>\u2744\ufe0f Seguran\u00e7a de inverno para idosos<\/h4>\n<pee>Adote o sistema das &#8220;3 camadas&#8221;: roupa de baixo t\u00e9cnica, camada isolante, jaqueta imperme\u00e1vel. Proteja as extremidades (gorro, luvas, meias quentes). Cal\u00e7ados antiderrapantes s\u00e3o obrigat\u00f3rios. Reduza a dura\u00e7\u00e3o das sa\u00eddas e prefira as horas mais quentes (11h-15h). Sempre informe um familiar sobre seu itiner\u00e1rio.<\/pee>\n            <\/div>\n<h2>9. Socializa\u00e7\u00e3o e clubes de natureza: criar la\u00e7os sociais ao ar livre<\/h2>\n<pee>As atividades em grupo ao ar livre combinam os benef\u00edcios da natureza com os da socializa\u00e7\u00e3o, fator crucial para o bem-estar dos idosos. Os clubes de trilha, associa\u00e7\u00f5es naturalistas e grupos fotogr\u00e1ficos criam comunidades acolhedoras que compartilham paix\u00f5es comuns. Essas estruturas oferecem um ambiente seguro para descobrir novas atividades e territ\u00f3rios.<\/pee>\n<pee>A supervis\u00e3o profissional oferecida por algumas associa\u00e7\u00f5es garante a seguran\u00e7a e a adapta\u00e7\u00e3o das atividades \u00e0s capacidades de cada um. Os guias naturalistas enriquecem as sa\u00eddas com seus conhecimentos, transformando cada excurs\u00e3o em um momento de aprendizado. Essa dimens\u00e3o educativa mant\u00e9m a curiosidade intelectual e favorece a aquisi\u00e7\u00e3o de novas habilidades.<\/pee>\n<pee>As viagens organizadas especialmente projetadas para idosos ativos est\u00e3o se desenvolvendo, oferecendo destinos naturais com acompanhamento adequado. Essas estadias combinam descoberta cultural, atividades leves ao ar livre e momentos de conviv\u00eancia. Elas oferecem a oportunidade de formar amizades duradouras baseadas em experi\u00eancias compartilhadas enriquecedoras.<\/pee>\n<div class=\"expert-box\">\n<div class=\"expert-box-label\">Social DYNSEO<\/div>\n<div class=\"expert-box-title\">A estimula\u00e7\u00e3o cognitiva pelo grupo<\/div>\n<div class=\"expert-inner\">\n<div class=\"expert-inner-title\">Otimizar os benef\u00edcios sociais e cognitivos<\/div>\n<pee>As intera\u00e7\u00f5es sociais em contexto natural estimulam diferentes zonas cerebrais simultaneamente. Compartilhe suas descobertas na natureza, conte suas mem\u00f3rias relacionadas aos lugares visitados, participe das discuss\u00f5es em grupo. Complete essas trocas com jogos colaborativos no COCO PENSA durante as pausas, criando uma din\u00e2mica de grupo estimulante.<\/pee>\n                <\/div>\n<\/p><\/div>\n<h2>10. Adapta\u00e7\u00e3o \u00e0s capacidades individuais e evolu\u00e7\u00e3o progressiva<\/h2>\n<pee>A personaliza\u00e7\u00e3o das atividades ao ar livre de acordo com as capacidades individuais \u00e9 a chave para o sucesso a longo prazo. Cada idoso apresenta especificidades f\u00edsicas, cognitivas e motivacionais \u00fanicas que necessitam de uma abordagem adaptada. A avalia\u00e7\u00e3o inicial das capacidades permite definir um programa progressivo que respeita os limites enquanto encoraja o supera\u00e7\u00e3o pessoal.<\/pee>\n<pee>A evolu\u00e7\u00e3o das capacidades com a idade requer uma adapta\u00e7\u00e3o cont\u00ednua das atividades. O que era acess\u00edvel aos 65 anos pode se tornar dif\u00edcil aos 75 anos, mas novas oportunidades tamb\u00e9m podem surgir. A flexibilidade na escolha das atividades e a aceita\u00e7\u00e3o dessas evolu\u00e7\u00f5es permitem manter uma pr\u00e1tica regular e satisfat\u00f3ria.<\/pee>\n<pee>As ajudas t\u00e9cnicas modernas ampliam consideravelmente o campo das possibilidades para os idosos com mobilidade reduzida. Cadeiras de rodas todo-o-terreno, bast\u00f5es de caminhada especializados, aplicativos de navega\u00e7\u00e3o adaptados: essas ferramentas permitem continuar a desfrutar da natureza apesar de algumas limita\u00e7\u00f5es f\u00edsicas. A inova\u00e7\u00e3o tecnol\u00f3gica a servi\u00e7o da acessibilidade abre novos horizontes.<\/pee>\n<div class=\"key-points\">\n<h4>Sinais de adapta\u00e7\u00e3o necess\u00e1ria:<\/h4>\n<ul>\n<li>Falta de ar incomum ou palpita\u00e7\u00f5es<\/li>\n<li>Dores articulares persistentes ap\u00f3s a atividade<\/li>\n<li>Fadiga excessiva que requer mais de 24h de recupera\u00e7\u00e3o<\/li>\n<li>Perda de equil\u00edbrio ou instabilidade aumentada<\/li>\n<li>Queda de motiva\u00e7\u00e3o ou ansiedade em rela\u00e7\u00e3o \u00e0 atividade<\/li>\n<\/ul><\/div>\n<div class=\"tip-box\">\n<div class=\"tip-box-label\">Progress\u00e3o Inteligente<\/div>\n<pee>Mantenha um di\u00e1rio de suas atividades ao ar livre: dura\u00e7\u00e3o, intensidade, sensa\u00e7\u00e3o. Utilize as fun\u00e7\u00f5es de acompanhamento e planejamento do COCO PENSA para analisar seus progressos e adaptar seus objetivos. Essa abordagem cient\u00edfica otimiza sua evolu\u00e7\u00e3o enquanto preserva sua motiva\u00e7\u00e3o.<\/pee>\n            <\/div>\n<div class=\"faq-list\">\n<h2>Perguntas frequentes sobre atividades ao ar livre para idosos<\/h2>\n<div class=\"faq-item\">\n<div class=\"faq-q\">\n                        <span>Quais s\u00e3o as precau\u00e7\u00f5es a serem tomadas para iniciar atividades ao ar livre ap\u00f3s os 65 anos?<\/span><br \/>\n                        <span class=\"faq-icon\">+<\/span>\n                    <\/div>\n<div class=\"faq-a\">\n                        <pee>Antes de come\u00e7ar, consulte seu m\u00e9dico para uma avalia\u00e7\u00e3o de sa\u00fade adequada. Comece progressivamente com atividades de baixa intensidade (caminhadas de 15-20 minutos). Equipar-se corretamente de acordo com a atividade escolhida. Prefira sa\u00eddas acompanhadas no in\u00edcio. Ou\u00e7a seu corpo e n\u00e3o hesite em fazer pausas. Informe sempre um familiar sobre seu programa de atividades e leve um telefone celular.<\/pee>\n                    <\/div>\n<\/p><\/div>\n<div class=\"faq-item\">\n<div class=\"faq-q\">\n                        <span>Como adaptar as atividades ao ar livre de acordo com as esta\u00e7\u00f5es?<\/span><br \/>\n                        <span class=\"faq-icon\">+<\/span>\n                    <\/div>\n<div class=\"faq-a\">\n                        <pee>Cada esta\u00e7\u00e3o oferece suas oportunidades espec\u00edficas. Na primavera, aproveite a suavidade para retomar progressivamente. O ver\u00e3o exige uma prote\u00e7\u00e3o solar refor\u00e7ada e uma hidrata\u00e7\u00e3o aumentada, prefira os hor\u00e1rios da manh\u00e3 ou no final do dia. O outono \u00e9 ideal para a colheita e a observa\u00e7\u00e3o das cores. O inverno requer um equipamento adequado ao frio e percursos mais curtos, mas continua sendo ben\u00e9fico para a vitamina D e o moral.<\/pee>\n                    <\/div>\n<\/p><\/div>\n<div class=\"faq-item\">\n<div class=\"faq-q\">\n                        <span>\u00c9 poss\u00edvel praticar atividades ao ar livre com problemas de artrose?<\/span><br \/>\n                        <span class=\"faq-icon\">+<\/span>\n                    <\/div>\n<div class=\"faq-a\">\n                        <pee>Absolutamente! As atividades aqu\u00e1ticas s\u00e3o particularmente recomendadas, pois a \u00e1gua alivia as articula\u00e7\u00f5es. A caminhada em terreno plano continua sendo ben\u00e9fica, evitando terrenos acidentados. A bicicleta el\u00e9trica permite dosar o esfor\u00e7o. Evite atividades com impactos repetidos. O aquecimento e os alongamentos s\u00e3o essenciais. Consulte seu reumatologista para adaptar o programa de acordo com sua situa\u00e7\u00e3o espec\u00edfica.<\/pee>\n                    <\/div>\n<\/p><\/div>\n<div class=\"faq-item\">\n<div class=\"faq-q\">\n                        <span>Como manter a motiva\u00e7\u00e3o para as atividades ao ar livre a longo prazo?<\/span><br \/>\n                        <span class=\"faq-icon\">+<\/span>\n                    <\/div>\n<div class=\"faq-a\">\n                        <pee>Varie as atividades para evitar a monotonia. Estabele\u00e7a objetivos realiz\u00e1veis e progressivos. Junte-se a grupos ou clubes para a dimens\u00e3o social. Mantenha um di\u00e1rio de suas sa\u00eddas com fotos e sentimentos. Combine atividade f\u00edsica e estimula\u00e7\u00e3o cognitiva com nossos aplicativos COCO. Celebre seus progressos, mesmo que pequenos. Adapte as atividades de acordo com suas vontades do momento, em vez de se impor um programa r\u00edgido.<\/pee>\n                    <\/div>\n<\/p><\/div>\n<div class=\"faq-item\">\n<div class=\"faq-q\">\n                        <span>Qual equipamento b\u00e1sico prever para iniciar as atividades ao ar livre?<\/span><br \/>\n                        <span class=\"faq-icon\">+<\/span>\n                    <\/div>\n<div class=\"faq-a\">\n                        <pee>Invista em bons sapatos de caminhada adequados ao seu p\u00e9. Preveja roupas respir\u00e1veis e modul\u00e1veis de acordo com o clima. Uma mochila leve com um compartimento de hidrata\u00e7\u00e3o ou garrafa de \u00e1gua. Um kit de primeiros socorros b\u00e1sico. Prote\u00e7\u00e3o solar (creme, chap\u00e9u, \u00f3culos). Um telefone celular carregado. Um mapa ou GPS, dependendo da complexidade do percurso. Comece com o m\u00ednimo e complete de acordo com suas necessidades descobertas pela pr\u00e1tica.<\/pee>\n                    <\/div>\n<\/p><\/div>\n<\/p><\/div>\n<div class=\"cta-box\">\n<h3>Estimule seu c\u00e9rebro tanto quanto seu corpo!<\/h3>\n<pee>Complete suas atividades ao ar livre com um treinamento cognitivo adequado. COCO PENSA e COCO SE MEXE o acompanham em sua busca pelo bem-estar global, unindo atividade f\u00edsica e estimula\u00e7\u00e3o mental.<\/pee>\n<div class=\"cta-buttons\">\n                    <a href=\"https:\/\/www.dynseo.com\/pt-pt\/coco-pensa-e-coco-se-mexe\/\" class=\"btn-white\">Descobrir COCO<\/a><br \/>\n                    <a href=\"https:\/\/www.dynseo.com\/pt-pt\/coco-pensa-e-coco-se-mexe\/\" class=\"btn-outline\">Vers\u00e3o de teste gratuita<\/a>\n                <\/div>\n<\/p><\/div>\n<div class=\"article-tags\">\n                <a href=\"#\" class=\"article-tag\">Atividades idosos<\/a><br \/>\n                <a href=\"#\" class=\"article-tag\">Ao ar livre<\/a><br \/>\n                <a href=\"#\" class=\"article-tag\">Caminhada<\/a><br \/>\n                <a href=\"#\" class=\"article-tag\">Bem-estar<\/a><br \/>\n                <a href=\"#\" class=\"article-tag\">Natureza<\/a><br \/>\n                <a href=\"#\" class=\"article-tag\">Sa\u00fade f\u00edsica<\/a><br \/>\n                <a href=\"#\" class=\"article-tag\">Socializa\u00e7\u00e3o<\/a><br \/>\n                <a href=\"#\" class=\"article-tag\">Jardinagem<\/a><br \/>\n                <a href=\"#\" class=\"article-tag\">Ciclismo<\/a><br \/>\n                <a href=\"#\" class=\"article-tag\">Aqu\u00e1tico<\/a>\n            <\/div>\n<\/p><\/div>\n<\/p><\/div>\n<p>[\/et_pb_code][\/et_pb_column][\/et_pb_row][\/et_pb_section]<\/p>\n","protected":false},"excerpt":{"rendered":"","protected":false},"author":4,"featured_media":415428,"comment_status":"closed","ping_status":"closed","sticky":false,"template":"","format":"standard","meta":{"_et_pb_use_builder":"on","_et_pb_old_content":"[et_pb_section fb_built=\"1\" _builder_version=\"4.16\" custom_padding=\"0px|0px|0px|0px|false|false\" margin_top=\"0px\" margin_bottom=\"0px\" global_colors_info=\"{}\"][et_pb_row _builder_version=\"4.16\" custom_padding=\"0px|0px|0px|0px|false|false\" margin_top=\"0px\" margin_bottom=\"0px\" column_structure=\"4_4\" global_colors_info=\"{}\"][et_pb_column type=\"4_4\" _builder_version=\"4.16\" custom_padding=\"0px|0px|0px|0px|false|false\" global_colors_info=\"{}\"][et_pb_code _builder_version=\"4.16\" custom_padding=\"0px|0px|0px|0px|false|false\" global_colors_info=\"{}\"]<style>\n        :root {\n            --blue: #5e5ed7;\n            --blue-dark: #5268c9;\n            --teal: #a9e2e4;\n            --yellow: #ffeca7;\n            --pink: #e73469;\n            --white: #ffffff;\n            --gray-light: #f8f9fa;\n            --gray: #6c757d;\n            --dark: #212529;\n        }\n\n        * {\n            margin: 0;\n            padding: 0;\n            box-sizing: border-box;\n        }\n\n        body {\n            font-family: 'Poppins', sans-serif;\n            line-height: 1.6;\n            color: var(--dark);\n            background-color: var(--white);\n        }\n\n        h1, h2, h3, h4, h5, h6 {\n            font-family: 'Montserrat', sans-serif;\n            font-weight: 700;\n            line-height: 1.2;\n        }\n\n        .container {\n            max-width: 1200px;\n            margin: 0 auto;\n            padding: 0 20px;\n        }\n\n        .article-hero {\n            background: linear-gradient(135deg, var(--blue) 0%, var(--blue-dark) 100%);\n            color: var(--white);\n            padding: 80px 0 120px;\n            position: relative;\n            overflow: hidden;\n        }\n\n        .article-hero::before {\n            content: '';\n            position: absolute;\n            top: 0;\n            left: 0;\n            right: 0;\n            bottom: 0;\n            background: url('data:image\/svg+xml,<svg xmlns=\"http:\/\/www.w3.org\/2000\/svg\" viewBox=\"0 0 100 100\"><circle cx=\"20\" cy=\"20\" r=\"2\" fill=\"rgba(255,255,255,0.1)\"\/><circle cx=\"80\" cy=\"40\" r=\"1.5\" fill=\"rgba(255,255,255,0.1)\"\/><circle cx=\"40\" cy=\"70\" r=\"1\" fill=\"rgba(255,255,255,0.1)\"\/><\/svg>');\n        }\n\n        .article-hero-inner {\n            position: relative;\n            z-index: 2;\n        }\n\n        .article-breadcrumb {\n            font-size: 14px;\n            margin-bottom: 20px;\n            opacity: 0.9;\n        }\n\n        .article-breadcrumb a {\n            color: var(--white);\n            text-decoration: none;\n        }\n\n        .article-breadcrumb a:hover {\n            text-decoration: underline;\n        }\n\n        .article-category {\n            display: inline-block;\n            background: var(--pink);\n            color: var(--white);\n            padding: 8px 16px;\n            border-radius: 25px;\n            font-size: 14px;\n            font-weight: 600;\n            margin-bottom: 30px;\n        }\n\n        .article-hero h1 {\n            font-size: 3.5rem;\n            margin-bottom: 30px;\n            max-width: 900px;\n        }\n\n        .hl {\n            background: linear-gradient(120deg, var(--yellow) 0%, var(--teal) 100%);\n            color: var(--dark);\n            padding: 0 10px;\n            border-radius: 5px;\n        }\n\n        .article-meta {\n            display: flex;\n            flex-wrap: wrap;\n            gap: 30px;\n            align-items: center;\n            margin-bottom: 40px;\n            font-size: 16px;\n        }\n\n        .article-meta span {\n            display: flex;\n            align-items: center;\n            gap: 8px;\n        }\n\n        .stars {\n            color: var(--yellow);\n            font-size: 18px;\n        }\n\n        .article-hero-curve {\n            position: absolute;\n            bottom: -2px;\n            left: 0;\n            width: 100%;\n            height: 60px;\n            background: var(--white);\n            border-radius: 50% 50% 0 0 \/ 100% 100% 0 0;\n        }\n\n        .article-body {\n            padding: 60px 0;\n        }\n\n        .intro-block {\n            font-size: 20px;\n            line-height: 1.8;\n            color: var(--gray);\n            margin-bottom: 60px;\n            text-align: center;\n            max-width: 800px;\n            margin-left: auto;\n            margin-right: auto;\n        }\n\n        .stats-grid {\n            display: grid;\n            grid-template-columns: repeat(auto-fit, minmax(250px, 1fr));\n            gap: 30px;\n            margin-bottom: 80px;\n        }\n\n        .stat-card {\n            background: var(--gray-light);\n            padding: 40px;\n            border-radius: 15px;\n            text-align: center;\n            transition: transform 0.3s ease;\n        }\n\n        .stat-card:hover {\n            transform: translateY(-5px);\n        }\n\n        .stat-card .number {\n            font-size: 3rem;\n            font-weight: 700;\n            color: var(--blue);\n            display: block;\n            margin-bottom: 10px;\n        }\n\n        .stat-card .label {\n            font-size: 16px;\n            color: var(--gray);\n            font-weight: 500;\n        }\n\n        .article-body h2 {\n            font-size: 2.5rem;\n            color: var(--blue-dark);\n            margin: 60px 0 30px;\n            position: relative;\n            padding-left: 20px;\n        }\n\n        .article-body h2::before {\n            content: '';\n            position: absolute;\n            left: 0;\n            top: 0;\n            bottom: 0;\n            width: 5px;\n            background: linear-gradient(135deg, var(--pink), var(--blue));\n            border-radius: 3px;\n        }\n\n        .article-body h3 {\n            font-size: 1.8rem;\n            color: var(--blue-dark);\n            margin: 40px 0 20px;\n        }\n\n        .article-body p {\n            margin-bottom: 20px;\n            font-size: 16px;\n            line-height: 1.8;\n        }\n\n        .conseil-card {\n            background: linear-gradient(135deg, var(--teal), rgba(169, 226, 228, 0.3));\n            padding: 30px;\n            border-radius: 15px;\n            margin: 30px 0;\n            border-left: 5px solid var(--blue);\n        }\n\n        .conseil-card h4 {\n            color: var(--blue-dark);\n            margin-bottom: 15px;\n            font-size: 1.3rem;\n        }\n\n        .key-points {\n            background: var(--gray-light);\n            padding: 30px;\n            border-radius: 15px;\n            margin: 30px 0;\n        }\n\n        .key-points h4 {\n            color: var(--blue-dark);\n            margin-bottom: 20px;\n            font-size: 1.3rem;\n        }\n\n        .key-points ul {\n            list-style: none;\n            padding-left: 0;\n        }\n\n        .key-points li {\n            padding: 10px 0;\n            position: relative;\n            padding-left: 30px;\n        }\n\n        .key-points li::before {\n            content: '\u2713';\n            position: absolute;\n            left: 0;\n            color: var(--pink);\n            font-weight: bold;\n            font-size: 18px;\n        }\n\n        .tip-box {\n            background: linear-gradient(135deg, var(--yellow), rgba(255, 236, 167, 0.3));\n            padding: 25px;\n            border-radius: 15px;\n            margin: 30px 0;\n            position: relative;\n        }\n\n        .tip-box-label {\n            background: var(--pink);\n            color: var(--white);\n            padding: 5px 15px;\n            border-radius: 20px;\n            font-size: 12px;\n            font-weight: 600;\n            text-transform: uppercase;\n            display: inline-block;\n            margin-bottom: 15px;\n        }\n\n        .expert-box {\n            background: var(--white);\n            border: 2px solid var(--blue);\n            border-radius: 15px;\n            padding: 0;\n            margin: 40px 0;\n            overflow: hidden;\n        }\n\n        .expert-box-label {\n            background: var(--blue);\n            color: var(--white);\n            padding: 15px 25px;\n            font-weight: 600;\n            font-size: 14px;\n            text-transform: uppercase;\n        }\n\n        .expert-box-title {\n            background: var(--blue-dark);\n            color: var(--white);\n            padding: 20px 25px;\n            font-size: 1.2rem;\n            font-weight: 600;\n        }\n\n        .expert-inner {\n            padding: 25px;\n        }\n\n        .expert-inner-title {\n            color: var(--blue-dark);\n            font-size: 1.1rem;\n            margin-bottom: 15px;\n            font-weight: 600;\n        }\n\n        .faq-list {\n            margin: 60px 0;\n        }\n\n        .faq-item {\n            background: var(--white);\n            border: 1px solid #e9ecef;\n            border-radius: 10px;\n            margin-bottom: 15px;\n            overflow: hidden;\n            transition: all 0.3s ease;\n        }\n\n        .faq-item.open {\n            box-shadow: 0 5px 15px rgba(94, 94, 215, 0.1);\n        }\n\n        .faq-q {\n            padding: 25px;\n            cursor: pointer;\n            display: flex;\n            justify-content: space-between;\n            align-items: center;\n            font-weight: 600;\n            font-size: 16px;\n            color: var(--blue-dark);\n            transition: background-color 0.3s ease;\n        }\n\n        .faq-q:hover {\n            background-color: var(--gray-light);\n        }\n\n        .faq-icon {\n            width: 20px;\n            height: 20px;\n            border-radius: 50%;\n            background: var(--blue);\n            color: var(--white);\n            display: flex;\n            align-items: center;\n            justify-content: center;\n            font-weight: bold;\n            transition: transform 0.3s ease;\n        }\n\n        .faq-item.open .faq-icon {\n            transform: rotate(45deg);\n        }\n\n        .faq-a {\n            padding: 0 25px;\n            max-height: 0;\n            overflow: hidden;\n            transition: all 0.3s ease;\n        }\n\n        .faq-item.open .faq-a {\n            padding: 0 25px 25px;\n            max-height: 500px;\n        }\n\n        .cta-box {\n            background: linear-gradient(135deg, var(--blue), var(--blue-dark));\n            color: var(--white);\n            padding: 50px;\n            border-radius: 20px;\n            text-align: center;\n            margin: 60px 0;\n        }\n\n        .cta-box h3 {\n            font-size: 2rem;\n            margin-bottom: 20px;\n        }\n\n        .cta-box p {\n            font-size: 18px;\n            margin-bottom: 30px;\n            opacity: 0.9;\n        }\n\n        .cta-buttons {\n            display: flex;\n            gap: 20px;\n            justify-content: center;\n            flex-wrap: wrap;\n        }\n\n        .btn-white {\n            background: var(--white);\n            color: var(--blue-dark);\n            padding: 15px 30px;\n            border-radius: 50px;\n            text-decoration: none;\n            font-weight: 600;\n            transition: all 0.3s ease;\n            display: inline-block;\n        }\n\n        .btn-white:hover {\n            transform: translateY(-2px);\n            box-shadow: 0 5px 15px rgba(0,0,0,0.2);\n        }\n\n        .btn-outline {\n            background: transparent;\n            color: var(--white);\n            border: 2px solid var(--white);\n            padding: 13px 30px;\n            border-radius: 50px;\n            text-decoration: none;\n            font-weight: 600;\n            transition: all 0.3s ease;\n            display: inline-block;\n        }\n\n        .btn-outline:hover {\n            background: var(--white);\n            color: var(--blue-dark);\n        }\n\n        .article-tags {\n            margin-top: 60px;\n            padding-top: 30px;\n            border-top: 1px solid #e9ecef;\n        }\n\n        .article-tag {\n            display: inline-block;\n            background: var(--gray-light);\n            color: var(--gray);\n            padding: 8px 15px;\n            border-radius: 20px;\n            font-size: 14px;\n            margin: 5px;\n            text-decoration: none;\n            transition: all 0.3s ease;\n        }\n\n        .article-tag:hover {\n            background: var(--blue);\n            color: var(--white);\n        }\n\n        @media (max-width: 768px) {\n            .article-hero h1 {\n                font-size: 2.5rem;\n            }\n            \n            .article-body h2 {\n                font-size: 2rem;\n            }\n            \n            .stats-grid {\n                grid-template-columns: 1fr;\n            }\n            \n            .cta-buttons {\n                flex-direction: column;\n                align-items: center;\n            }\n            \n            .article-meta {\n                flex-direction: column;\n                gap: 15px;\n                align-items: flex-start;\n            }\n        }\n    <\/style>\n<script>\n        document.querySelectorAll('.faq-q').forEach(function(button) {\n            button.addEventListener('click', function() {\n                button.closest('.faq-item').classList.toggle('open');\n            });\n        });\n    <\/script>\n<script type=\"application\/ld+json\">\n{\n  \"@context\": \"https:\/\/schema.org\",\n  \"@graph\": [\n    {\n      \"@type\": \"Article\",\n      \"headline\": \"Activit\u00e9s en plein air pour les seniors : profitez de la nature ensemble\",\n      \"description\": \"Profitez de la nature ensemble\",\n      \"url\": \"https:\/\/www.dynseo.com\/activites-en-plein-air-pour-les-seniors-profitez-de-la-nature-ensemble\/\",\n      \"datePublished\": \"2026-04-07\",\n      \"dateModified\": \"2026-04-07\",\n      \"author\": {\n        \"@type\": \"Organization\",\n        \"name\": \"DYNSEO\",\n        \"url\": \"https:\/\/www.dynseo.com\"\n      },\n      \"publisher\": {\n        \"@type\": \"Organization\",\n        \"name\": \"DYNSEO\",\n        \"url\": \"https:\/\/www.dynseo.com\"\n      },\n      \"image\": {\n        \"@type\": \"ImageObject\",\n        \"url\": \"https:\/\/www.dynseo.com\/wp-content\/uploads\/2026\/04\/activites-plein-air-seniors.jpg\"\n      },\n      \"aggregateRating\": {\n        \"@type\": \"AggregateRating\",\n        \"ratingValue\": \"4.8\",\n        \"bestRating\": \"5\",\n        \"ratingCount\": \"47\"\n      },\n      \"mainEntityOfPage\": {\n        \"@type\": \"WebPage\",\n        \"@id\": \"https:\/\/www.dynseo.com\/activites-en-plein-air-pour-les-seniors-profitez-de-la-nature-ensemble\/\"\n      }\n    },\n    {\n      \"@type\": \"WebPage\",\n      \"@id\": \"https:\/\/www.dynseo.com\/activites-en-plein-air-pour-les-seniors-profitez-de-la-nature-ensemble\/\",\n      \"url\": \"https:\/\/www.dynseo.com\/activites-en-plein-air-pour-les-seniors-profitez-de-la-nature-ensemble\/\",\n      \"name\": \"Activit\u00e9s en plein air pour les seniors : profitez de la nature ensemble\",\n      \"isPartOf\": {\n        \"@type\": \"WebSite\",\n        \"name\": \"DYNSEO\",\n        \"url\": \"https:\/\/www.dynseo.com\"\n      },\n      \"breadcrumb\": {\n        \"@type\": \"BreadcrumbList\",\n        \"itemListElement\": [\n          {\n            \"@type\": \"ListItem\",\n            \"position\": 1,\n            \"name\": \"Accueil\",\n            \"item\": \"https:\/\/www.dynseo.com\"\n          },\n          {\n            \"@type\": \"ListItem\",\n            \"position\": 2,\n            \"name\": \"Blog\",\n            \"item\": \"https:\/\/www.dynseo.com\/blog\/\"\n          },\n          {\n            \"@type\": \"ListItem\",\n            \"position\": 3,\n            \"name\": \"Activit\u00e9s en plein air pour les seniors : profitez de la nature ensemble\",\n            \"item\": \"https:\/\/www.dynseo.com\/activites-en-plein-air-pour-les-seniors-profitez-de-la-nature-ensemble\/\"\n          }\n        ]\n      }\n    },\n    {\n      \"@type\": \"FAQPage\",\n      \"mainEntity\": [\n        {\n          \"@type\": \"Question\",\n          \"name\": \"Quelles sont les pr\u00e9cautions \u00e0 prendre pour d\u00e9buter des activit\u00e9s en plein air apr\u00e8s 65 ans ?\",\n          \"acceptedAnswer\": {\n            \"@type\": \"Answer\",\n            \"text\": \"Il est recommand\u00e9 de consulter son m\u00e9decin avant de commencer, de d\u00e9buter progressivement, de bien s'hydrater, de porter des v\u00eatements adapt\u00e9s et de choisir des activit\u00e9s correspondant \u00e0 sa condition physique.\"\n          }\n        },\n        {\n          \"@type\": \"Question\",\n          \"name\": \"Comment adapter les activit\u00e9s en plein air selon les saisons ?\",\n          \"acceptedAnswer\": {\n            \"@type\": \"Answer\",\n            \"text\": \"En \u00e9t\u00e9, privil\u00e9giez les activit\u00e9s matinales ou en soir\u00e9e, en hiver optez pour les heures les plus chaudes, au printemps et en automne attention aux changements de temp\u00e9rature. Adaptez toujours vos v\u00eatements et votre \u00e9quipement.\"\n          }\n        },\n        {\n          \"@type\": \"Question\",\n          \"name\": \"Peut-on pratiquer des activit\u00e9s en plein air avec des probl\u00e8mes d'arthrose ?\",\n          \"acceptedAnswer\": {\n            \"@type\": \"Answer\",\n            \"text\": \"Oui, certaines activit\u00e9s comme la marche douce, la natation en eau naturelle ou le jardinage adapt\u00e9 peuvent \u00eatre b\u00e9n\u00e9fiques. Il est important de consulter son m\u00e9decin et d'\u00e9viter les mouvements brusques ou les impacts r\u00e9p\u00e9t\u00e9s.\"\n          }\n        }\n      ]\n    }\n  ]\n}\n<\/script>\n<link rel=\"preconnect\" href=\"https:\/\/fonts.googleapis.com\">\n\n<section class=\"article-hero\">\n        <div class=\"container\">\n            <div class=\"article-hero-inner\">\n                <nav class=\"article-breadcrumb\">\n                    <a href=\"https:\/\/www.dynseo.com\">In\u00edcio<\/a> > <a href=\"https:\/\/www.dynseo.com\/blog\">Blog<\/a> > Atividades ao ar livre para idosos\n                <\/nav>\n                \n                <div class=\"article-category\">Bem-estar Idoso<\/div>\n                \n                <h1>Atividades ao ar livre para os idosos: <span class=\"hl\">aproveite a natureza<\/span> juntos<\/h1>\n                \n                <div class=\"article-meta\">\n                    <span>\ud83d\udcc5 Abril 2026<\/span>\n                    <span>\u23f1\ufe0f 15 min de leitura<\/span>\n                    <span>\ud83d\udc65 Idosos e fam\u00edlias<\/span>\n                    <span class=\"stars\">\u2b50\u2b50\u2b50\u2b50\u2b50 4.8\/5<\/span>\n                <\/div>\n            <\/div>\n        <\/div>\n        <div class=\"article-hero-curve\"><\/div>\n    <\/section>\n\n    <div class=\"article-body\">\n        <div class=\"container\">\n<div class=\"intro-block\">\n                <p>As atividades ao ar livre representam uma fonte inesgot\u00e1vel de benef\u00edcios para os idosos, combinando prazer, sa\u00fade f\u00edsica e bem-estar mental. Em um mundo cada vez mais urbano e digitalizado, retomar o contato com a natureza torna-se essencial para manter um equil\u00edbrio de vida ideal. Esses momentos privilegiados ao ar livre oferecem n\u00e3o apenas a oportunidade de permanecer ativo fisicamente, mas tamb\u00e9m de fortalecer os la\u00e7os sociais e familiares. Se voc\u00ea \u00e9 um idoso em busca de novas aventuras ou um familiar desejando compartilhar momentos preciosos, descubra como a natureza pode transformar seu cotidiano. O ar puro, as paisagens tranquilizadoras e as atividades adaptadas constituem um coquetel perfeito para envelhecer com beleza e sa\u00fade.<\/p>\n            <\/div>\n\n            <div class=\"stats-grid\">\n                <div class=\"stat-card\">\n                    <span class=\"number\">85%<\/span>\n                    <span class=\"label\">dos idosos relatam um humor melhor ap\u00f3s atividades ao ar livre<\/span>\n                <\/div>\n                <div class=\"stat-card\">\n                    <span class=\"number\">30min<\/span>\n                    <span class=\"label\">de atividade externa di\u00e1ria recomendada pelos m\u00e9dicos<\/span>\n                <\/div>\n                <div class=\"stat-card\">\n                    <span class=\"number\">40%<\/span>\n                    <span class=\"label\">de redu\u00e7\u00e3o dos riscos de depress\u00e3o gra\u00e7as \u00e0s atividades na natureza<\/span>\n                <\/div>\n                <div class=\"stat-card\">\n                    <span class=\"number\">200+<\/span>\n                    <span class=\"label\">atividades diferentes adaptadas aos idosos ativos<\/span>\n                <\/div>\n            <\/div>\n\n            <h2>1. Os benef\u00edcios cientificamente comprovados das atividades ao ar livre para os idosos<\/h2>\n            \n            <p>A pesquisa cient\u00edfica moderna confirma o que nossos ancestrais sabiam intuitivamente: o contato com a natureza \u00e9 fundamental para o nosso bem-estar. As atividades ao ar livre estimulam a produ\u00e7\u00e3o de vitamina D gra\u00e7as \u00e0 exposi\u00e7\u00e3o solar, essencial para a sa\u00fade \u00f3ssea dos idosos. Essa vitamina desempenha um papel crucial na preven\u00e7\u00e3o da osteoporose e das fraturas, particularmente frequentes com a idade.<\/p>\n\n            <p>A atividade f\u00edsica ao ar livre envolve todo o sistema cardiovascular de maneira suave, mas eficaz. Caminhar em terrenos variados, por exemplo, melhora o equil\u00edbrio e a propriocep\u00e7\u00e3o, reduzindo significativamente os riscos de queda. Os m\u00fasculos estabilizadores trabalham naturalmente para se adaptar \u00e0s irregularidades do solo, criando um treinamento funcional incompar\u00e1vel.<\/p>\n\n            <p>No aspecto cognitivo, o ambiente natural estimula todos os sentidos simultaneamente. As varia\u00e7\u00f5es de luz, os sons da natureza, os cheiros vegetais e a diversidade visual criam uma estimula\u00e7\u00e3o sensorial rica que mant\u00e9m o c\u00e9rebro alerta. Essa estimula\u00e7\u00e3o multissensorial favorece a neuroplasticidade e pode contribuir para retardar o decl\u00ednio cognitivo relacionado \u00e0 idade.<\/p>\n\n            <div class=\"conseil-card\">\n                <h4>\ud83d\udca1 Conselho de especialista DYNSEO<\/h4>\n                <p>Combine suas atividades ao ar livre com nossos exerc\u00edcios cerebrais de <a href=\"https:\/\/www.dynseo.com\/pt-pt\/coco-pensa-e-coco-se-mexe\/\" style=\"color: var(--blue-dark); font-weight: 600;\">COCO PENSA e COCO SE MEXE<\/a>. Por exemplo, durante uma pausa em uma trilha, realize alguns exerc\u00edcios de mem\u00f3ria em seu tablet para otimizar os benef\u00edcios cognitivos de sua sa\u00edda na natureza.<\/p>\n            <\/div>\n<div class=\"key-points\">\n                <h4>Pontos-chave dos benef\u00edcios cient\u00edficos:<\/h4>\n                <ul>\n                    <li>Aumento da produ\u00e7\u00e3o de vitamina D (at\u00e9 400% em 30 minutos de exposi\u00e7\u00e3o)<\/li>\n                    <li>Melhoria da qualidade do sono gra\u00e7as \u00e0 regula\u00e7\u00e3o do ritmo circadiano<\/li>\n                    <li>Redu\u00e7\u00e3o do cortisol (horm\u00f4nio do estresse) em 15% ap\u00f3s 20 minutos na natureza<\/li>\n                    <li>Estimula\u00e7\u00e3o do sistema imunol\u00f3gico pelos fitonc\u00eddios das \u00e1rvores<\/li>\n                    <li>Melhoria da fun\u00e7\u00e3o pulmonar gra\u00e7as ao ar puro<\/li>\n                <\/ul>\n            <\/div>\n\n            <div class=\"tip-box\">\n                <div class=\"tip-box-label\">Dica Pr\u00e1tica<\/div>\n                <p>Comece com sa\u00eddas curtas de 15-20 minutos e aumente gradualmente a dura\u00e7\u00e3o. O importante \u00e9 a regularidade em vez da intensidade. Uma caminhada di\u00e1ria no seu bairro \u00e9 melhor do que uma longa trilha semanal se voc\u00ea est\u00e1 come\u00e7ando.<\/p>\n            <\/div>\n\n            <h2>2. Trilha e caminhada terap\u00eautica: redescobrir o prazer da explora\u00e7\u00e3o<\/h2>\n\n            <p>A trilha representa a atividade ao ar livre por excel\u00eancia para os idosos, oferecendo uma adaptabilidade not\u00e1vel de acordo com as capacidades de cada um. Ao contr\u00e1rio da ideia recebida, trilhar n\u00e3o significa necessariamente escalar picos \u00edngremes. Os caminhos de plan\u00edcie, as trilhas florestais e os percursos urbanos arborizados oferecem excelentes alternativas para todos os n\u00edveis de condicionamento f\u00edsico.<\/p>\n\n            <p>A caminhada n\u00f3rdica ganha popularidade entre os idosos por seus in\u00fameros benef\u00edcios. O uso de bast\u00f5es espec\u00edficos permite distribuir o esfor\u00e7o por todo o corpo, reduzindo a press\u00e3o nas articula\u00e7\u00f5es inferiores enquanto solicita a parte superior do corpo. Essa t\u00e9cnica melhora a postura, fortalece os m\u00fasculos do tronco e aumenta o gasto energ\u00e9tico em 20% em compara\u00e7\u00e3o com a caminhada cl\u00e1ssica.<\/p>\n\n            <p>O aspecto social da trilha em grupo n\u00e3o deve ser negligenciado. Essas atividades criam la\u00e7os intergeracionais valiosos quando av\u00f3s, filhos e netos compartilham a explora\u00e7\u00e3o de uma trilha. As pausas regulares permitem trocar ideias, compartilhar mem\u00f3rias e criar novos momentos memor\u00e1veis em um ambiente natural relaxante.<\/p>\n\n            <div class=\"expert-box\">\n                <div class=\"expert-box-label\">Especializa\u00e7\u00e3o DYNSEO<\/div>\n                <div class=\"expert-box-title\">A trilha cognitiva: estimular corpo e mente simultaneamente<\/div>\n                <div class=\"expert-inner\">\n                    <div class=\"expert-inner-title\">Uma abordagem inovadora do bem-estar s\u00eanior<\/div>\n                    <p>Nossos especialistas desenvolveram o conceito de \"trilha cognitiva\" que combina caminhada na natureza e exerc\u00edcios mentais. Durante as pausas, utilize o aplicativo <a href=\"https:\/\/www.dynseo.com\/pt-pt\/coco-pensa-e-coco-se-mexe\/\" style=\"color: var(--blue-dark); font-weight: 600;\">COCO PENSA<\/a> para realizar jogos de observa\u00e7\u00e3o baseados no ambiente natural: contar as diferentes esp\u00e9cies de \u00e1rvores, memorizar a sequ\u00eancia dos pain\u00e9is encontrados ou resolver enigmas relacionados \u00e0 paisagem atravessada.<\/p>\n                <\/div>\n            <\/div>\n<div class=\"conseil-card\">\n                <h4>\ud83c\udfaf Escolha da rota adequada<\/h4>\n                <p>Priorize as trilhas sinalizadas com la\u00e7os de 2-5 km para come\u00e7ar. Verifique a presen\u00e7a de bancos ou \u00e1reas de descanso a cada 500 metros. Aplicativos como VisoRando ou IGN indicam a eleva\u00e7\u00e3o e a dificuldade dos percursos. Opte por uma eleva\u00e7\u00e3o inferior a 100m por quil\u00f4metro para uma caminhada confort\u00e1vel.<\/p>\n            <\/div>\n\n            <h2>3. Jardinagem terap\u00eautica: cultivar a sa\u00fade e o bem-estar<\/h2>\n\n            <p>A jardinagem representa muito mais do que um simples passatempo para os idosos: \u00e9 uma verdadeira terapia natural com m\u00faltiplos benef\u00edcios. Esta atividade envolve todo o corpo de maneira suave e progressiva, desde os gestos delicados do plantio at\u00e9 os movimentos mais amplos da rega e da capina. A regularidade dos gestos de jardinagem mant\u00e9m a flexibilidade articular e a for\u00e7a muscular sem traumatismos.<\/p>\n\n            <p>O aspecto psicol\u00f3gico da jardinagem \u00e9 particularmente ben\u00e9fico para os idosos. Ver suas planta\u00e7\u00f5es crescerem proporciona uma sensa\u00e7\u00e3o de realiza\u00e7\u00e3o e continuidade no tempo. Esta atividade permite manter um v\u00ednculo com os ciclos naturais, aspecto \u00e0s vezes perdido em nossas vidas urbanas. O contato com a terra tamb\u00e9m tem efeitos calmantes documentados, reduzindo a ansiedade e promovendo o relaxamento.<\/p>\n\n            <p>Para os idosos em apartamentos, a jardinagem vertical ou em vasos na varanda oferece uma alternativa acess\u00edvel. Os jardins compartilhados est\u00e3o se desenvolvendo em muitas comunidades, criando espa\u00e7os de socializa\u00e7\u00e3o intergeracional em torno da paix\u00e3o comum pela jardinagem. Esses locais favorecem a troca de saberes e a cria\u00e7\u00e3o de v\u00ednculos sociais duradouros.<\/p>\n\n            <div class=\"key-points\">\n                <h4>T\u00e9cnicas de jardinagem adaptadas aos idosos:<\/h4>\n                <ul>\n                    <li>Jardinagem elevada para evitar se curvar (vasos na altura da cintura)<\/li>\n                    <li>Ferramentas ergon\u00f4micas com cabos longos e punhos adequados<\/li>\n                    <li>Plantas de baixa manuten\u00e7\u00e3o (suculentas, arom\u00e1ticas)<\/li>\n                    <li>Sistema de irriga\u00e7\u00e3o autom\u00e1tica ou gotejamento<\/li>\n                    <li>Mulch para reduzir a capina e conservar a umidade<\/li>\n                <\/ul>\n            <\/div>\n\n            <div class=\"tip-box\">\n<div class=\"tip-box-label\">Inova\u00e7\u00e3o DYNSEO<\/div>\n                <p>Transforme sua jardinagem em exerc\u00edcio cognitivo! Planeje suas planta\u00e7\u00f5es de acordo com um calend\u00e1rio, calcule os espa\u00e7os necess\u00e1rios, memorize os per\u00edodos de irriga\u00e7\u00e3o. Complete com nossos jogos de l\u00f3gica de <a href=\"https:\/\/www.dynseo.com\/pt-pt\/coco-pensa-e-coco-se-mexe\/\" style=\"color: var(--blue-dark); font-weight: 600;\">COCO PENSA<\/a> durante as pausas de jardinagem.<\/p>\n            <\/div>\n\n            <h2>4. Atividades aqu\u00e1ticas ao ar livre: a suavidade da \u00e1gua e da natureza<\/h2>\n\n            <p>As atividades aqu\u00e1ticas em ambiente natural oferecem uma experi\u00eancia \u00fanica combinando os benef\u00edcios do exerc\u00edcio em gravidade reduzida e o contato direto com a natureza. A nata\u00e7\u00e3o em lago, mar ou rio envolve toda a musculatura enquanto preserva as articula\u00e7\u00f5es gra\u00e7as \u00e0 flutuabilidade da \u00e1gua. Esta atividade melhora significativamente as capacidades cardiorrespirat\u00f3rias e a circula\u00e7\u00e3o sangu\u00ednea.<\/p>\n\n            <p>A marcha aqu\u00e1tica em ambiente natural, pr\u00e1tica que consiste em caminhar na \u00e1gua at\u00e9 a metade da coxa, combina resist\u00eancia aqu\u00e1tica e benef\u00edcios da caminhada. Esta atividade \u00e9 particularmente recomendada para os idosos que sofrem de artrose, pois a \u00e1gua reduz as tens\u00f5es articulares enquanto oferece uma resist\u00eancia suave para o fortalecimento muscular.<\/p>\n\n            <p>Os benef\u00edcios psicol\u00f3gicos das atividades aqu\u00e1ticas na natureza s\u00e3o not\u00e1veis. O contato com a \u00e1gua tem efeitos relaxantes comprovados, reduzindo o estresse e a ansiedade. O ambiente aqu\u00e1tico natural estimula todos os sentidos: o som da \u00e1gua, os reflexos luminosos, os odores iodados ou vegetais criam uma experi\u00eancia sensorial rica e calmante.<\/p>\n\n            <div class=\"expert-box\">\n                <div class=\"expert-box-label\">Pesquisa DYNSEO<\/div>\n                <div class=\"expert-box-title\">Hidroterapia cognitiva: a \u00e1gua a servi\u00e7o do c\u00e9rebro<\/div>\n                <div class=\"expert-inner\">\n                    <div class=\"expert-inner-title\">Uma abordagem cient\u00edfica inovadora<\/div>\n                    <p>Nossos estudos mostram que os exerc\u00edcios cognitivos realizados ap\u00f3s uma sess\u00e3o de atividade aqu\u00e1tica s\u00e3o 25% mais eficazes. A oxigena\u00e7\u00e3o cerebral otimizada pelo esfor\u00e7o aqu\u00e1tico prepara o c\u00e9rebro para os desafios cognitivos. Aproveite essa janela favor\u00e1vel usando nossos aplicativos ap\u00f3s suas sess\u00f5es aqu\u00e1ticas.<\/p>\n                <\/div>\n            <\/div>\n<div class=\"conseil-card\">\n                <h4>\ud83c\udfca\u200d\u2640\ufe0f Seguran\u00e7a em ambiente aqu\u00e1tico natural<\/h4>\n                <p>Sempre praticar acompanhado, escolher \u00e1reas supervisionadas ou conhecidas, verificar a temperatura da \u00e1gua (idealmente 18-24\u00b0C), usar cal\u00e7ados aqu\u00e1ticos para proteger os p\u00e9s e prever uma sa\u00edda gradual para evitar o choque t\u00e9rmico. Informe-se sobre as correntes e mar\u00e9s se necess\u00e1rio.<\/p>\n            <\/div>\n\n            <h2>5. Ciclismo e bicicleta el\u00e9trica: liberdade e explora\u00e7\u00e3o adaptada<\/h2>\n\n            <p>O ciclismo representa uma atividade ideal para os idosos que desejam explorar dist\u00e2ncias maiores enquanto preservam suas articula\u00e7\u00f5es. O advento da bicicleta el\u00e9trica revolucionou essa pr\u00e1tica, tornando acess\u00edveis percursos anteriormente muito exigentes. Essa assist\u00eancia permite modular o esfor\u00e7o de acordo com as capacidades do momento e enfrentar os desn\u00edveis sem exaust\u00e3o.<\/p>\n\n            <p>As vias verdes e ciclovias est\u00e3o se multiplicando na Fran\u00e7a, oferecendo uma rede segura para a pr\u00e1tica da bicicleta por idosos. Essas adapta\u00e7\u00f5es, frequentemente feitas em antigas ferrovias, prop\u00f5em percursos sem tr\u00e1fego de autom\u00f3veis, com inclina\u00e7\u00f5es suaves e paisagens variadas. A infraestrutura cicl\u00e1vel francesa conta com mais de 17.000 km de ciclovias e vias verdes.<\/p>\n\n            <p>O ciclismo em grupo refor\u00e7a a dimens\u00e3o social da atividade. Os clubes de idosos organizam passeios regulares adaptados a diferentes n\u00edveis, promovendo encontros e ajuda m\u00fatua. Esses passeios geralmente incluem pausas culturais ou gastron\u00f4micas, enriquecendo a experi\u00eancia al\u00e9m do aspecto esportivo.<\/p>\n\n            <div class=\"key-points\">\n                <h4>Vantagens da bicicleta el\u00e9trica para idosos:<\/h4>\n                <ul>\n                    <li>Assist\u00eancia modul\u00e1vel de acordo com o esfor\u00e7o desejado<\/li>\n                    <li>Autonomia de 40-80 km dependendo dos modelos<\/li>\n                    <li>Redu\u00e7\u00e3o de 60% do esfor\u00e7o em subidas<\/li>\n                    <li>Possibilidade de transportar cargas (compras, piquenique)<\/li>\n                    <li>Quadro baixo facilitando a montagem<\/li>\n                <\/ul>\n            <\/div>\n\n            <div class=\"tip-box\">\n<div class=\"tip-box-label\">Prepara\u00e7\u00e3o Cognitiva<\/div>\n                <p>Antes da sua sa\u00edda de bicicleta, planeje seu itiner\u00e1rio usando as fun\u00e7\u00f5es de mem\u00f3ria e orienta\u00e7\u00e3o de <a href=\"https:\/\/www.dynseo.com\/pt-pt\/coco-pensa-e-coco-se-mexe\/\" style=\"color: var(--blue-dark); font-weight: 600;\">COCO PENSA<\/a>. Memorize os pontos de refer\u00eancia, calcule as dist\u00e2ncias e os tempos de percurso. Esta prepara\u00e7\u00e3o cognitiva enriquece a experi\u00eancia e mant\u00e9m a mente alerta.<\/p>\n            <\/div>\n\n            <h2>6. Piqueniques e refei\u00e7\u00f5es ao ar livre: convivialidade e nutri\u00e7\u00e3o natural<\/h2>\n\n            <p>As refei\u00e7\u00f5es ao ar livre transcendem a simples necessidade nutricional para se tornarem verdadeiros momentos de compartilhamento e convivialidade. A organiza\u00e7\u00e3o de um piquenique envolve muitas fun\u00e7\u00f5es cognitivas: planejamento do menu, antecipa\u00e7\u00e3o das necessidades, organiza\u00e7\u00e3o log\u00edstica do transporte e do material. Essas atividades de prepara\u00e7\u00e3o estimulam as fun\u00e7\u00f5es executivas do c\u00e9rebro.<\/p>\n\n            <p>A degusta\u00e7\u00e3o ao ar livre modifica a percep\u00e7\u00e3o gustativa e olfativa. O ambiente natural, livre dos odores urbanos, permite uma melhor aprecia\u00e7\u00e3o dos sabores. O ar puro e a atividade f\u00edsica anterior estimulam o apetite e facilitam a digest\u00e3o. Al\u00e9m disso, comer fora muitas vezes incentiva escolhas alimentares mais saud\u00e1veis e um consumo maior de frutas e legumes frescos.<\/p>\n\n            <p>O aspecto intergeracional das refei\u00e7\u00f5es ao ar livre favorece a transmiss\u00e3o culin\u00e1ria e cultural. Esses momentos permitem que os idosos compartilhem suas receitas tradicionais enquanto descobrem as novas tend\u00eancias alimentares dos mais jovens. Essa reciprocidade enriquece as rela\u00e7\u00f5es familiares e mant\u00e9m os idosos conectados \u00e0s evolu\u00e7\u00f5es sociais.<\/p>\n\n            <div class=\"expert-box\">\n                <div class=\"expert-box-label\">Nutri\u00e7\u00e3o DYNSEO<\/div>\n                <div class=\"expert-box-title\">Alimenta\u00e7\u00e3o cognitiva ao ar livre<\/div>\n                <div class=\"expert-inner\">\n                    <div class=\"expert-inner-title\">Otimizar os aportes nutricionais para o c\u00e9rebro<\/div>\n                    <p>Priorize alimentos ricos em \u00f4mega-3 (nozes, sardinhas), antioxidantes (frutas vermelhas, legumes coloridos) e vitaminas B (cereais integrais). Esses nutrientes, consumidos ao ar livre ap\u00f3s uma atividade f\u00edsica, otimizam sua assimila\u00e7\u00e3o e seus benef\u00edcios cognitivos. Hidrate-se regularmente com \u00e1gua enriquecida em eletr\u00f3litos naturais.<\/p>\n                <\/div>\n            <\/div>\n<div class=\"conseil-card\">\n                <h4>\ud83e\uddfa Composi\u00e7\u00e3o do piquenique saud\u00e1vel para idosos<\/h4>\n                <p>Inclua prote\u00ednas f\u00e1ceis de mastigar (ovos cozidos, queijo), carboidratos complexos (p\u00e3o integral, quinoa fria), frutas e legumes coloridos, nozes e sementes para as boas gorduras. Evite alimentos perec\u00edveis em altas temperaturas e prefira recipientes t\u00e9rmicos. N\u00e3o se esque\u00e7a dos talheres adequados, se necess\u00e1rio.<\/p>\n            <\/div>\n\n            <h2>7. Observa\u00e7\u00e3o da natureza e fotografia: desenvolver a aten\u00e7\u00e3o e a criatividade<\/h2>\n\n            <p>A observa\u00e7\u00e3o naturalista representa uma atividade contemplativa com virtudes cognitivas not\u00e1veis. Esta pr\u00e1tica desenvolve a aten\u00e7\u00e3o sustentada, a discrimina\u00e7\u00e3o visual e a mem\u00f3ria de trabalho. Identificar as esp\u00e9cies vegetais e animais solicita as capacidades de an\u00e1lise, compara\u00e7\u00e3o e memoriza\u00e7\u00e3o, criando um treinamento cerebral natural e agrad\u00e1vel.<\/p>\n\n            <p>A fotografia da natureza combina atividade f\u00edsica suave e estimula\u00e7\u00e3o cognitiva complexa. Enquadrar uma imagem requer uma an\u00e1lise espacial, a gest\u00e3o da luz solicita as fun\u00e7\u00f5es visuais, e a composi\u00e7\u00e3o est\u00e9tica apela \u00e0 criatividade. O uso de uma c\u00e2mera, mesmo simples, mant\u00e9m a destreza fina e a adapta\u00e7\u00e3o \u00e0s novas tecnologias.<\/p>\n\n            <p>A ornitologia, observa\u00e7\u00e3o de aves, conhece um crescimento not\u00e1vel entre os idosos. Esta atividade combina caminhada suave, aten\u00e7\u00e3o sustentada e aprendizado cont\u00ednuo. Os aplicativos de identifica\u00e7\u00e3o dos cantos de p\u00e1ssaros transformam cada sa\u00edda em uma descoberta interativa. A paci\u00eancia necess\u00e1ria para observar os p\u00e1ssaros desenvolve a capacidade de concentra\u00e7\u00e3o e proporciona uma sensa\u00e7\u00e3o de realiza\u00e7\u00e3o a cada identifica\u00e7\u00e3o bem-sucedida.<\/p>\n\n            <div class=\"key-points\">\n                <h4>Equipamento para observa\u00e7\u00e3o da natureza:<\/h4>\n                <ul>\n                    <li>Bin\u00f3culos leves (8x32 no m\u00e1ximo para evitar tremores)<\/li>\n                    <li>Guia de identifica\u00e7\u00e3o das esp\u00e9cies locais<\/li>\n                    <li>Caderno de observa\u00e7\u00e3o para anotar as descobertas<\/li>\n                    <li>Aplicativo de smartphone de identifica\u00e7\u00e3o (PlantNet, Merlin Bird ID)<\/li>\n                    <li>Lupa de bolso para observar detalhes<\/li>\n                <\/ul>\n            <\/div>\n\n            <div class=\"tip-box\">\n<div class=\"tip-box-label\">Desafio Cognitivo<\/div>\n                <p>Crie seu herb\u00e1rio digital! Fotografe e identifique 5 esp\u00e9cies vegetais diferentes durante cada sa\u00edda. Use os jogos de mem\u00f3ria de COCO PENSA para memorizar seus nomes e caracter\u00edsticas. Essa abordagem combina observa\u00e7\u00e3o, tecnologia e treinamento cognitivo.<\/p>\n            <\/div>\n\n            <h2>8. Atividades de inverno e adapta\u00e7\u00f5es sazonais<\/h2>\n\n            <p>As atividades ao ar livre n\u00e3o se interrompem com a chegada do inverno, mas necessitam de adapta\u00e7\u00f5es espec\u00edficas para os idosos. A caminhada de inverno oferece paisagens transformadas e um ar particularmente puro, ben\u00e9fico para as vias respirat\u00f3rias. A exposi\u00e7\u00e3o \u00e0 luz natural, mesmo no inverno, continua essencial para combater a depress\u00e3o sazonal frequente entre os idosos.<\/p>\n\n            <p>As raquetes de neve representam uma excelente alternativa \u00e0 trilha de ver\u00e3o. Essa atividade, acess\u00edvel para iniciantes, envolve todo o sistema cardio-respirat\u00f3rio enquanto preserva as articula\u00e7\u00f5es gra\u00e7as ao amortecimento natural da neve. A raquete desenvolve o equil\u00edbrio e a coordena\u00e7\u00e3o, qualidades essenciais para prevenir quedas entre os idosos.<\/p>\n\n            <p>A observa\u00e7\u00e3o da natureza invernal revela aspectos muitas vezes desconhecidos do ambiente. As pegadas de animais na neve contam hist\u00f3rias fascinantes, as \u00e1rvores despidas revelam sua arquitetura, e os p\u00e1ssaros invernais oferecem oportunidades de observa\u00e7\u00e3o \u00fanicas. Essa riqueza sensorial estimula a curiosidade e mant\u00e9m o engajamento cognitivo durante o per\u00edodo frio.<\/p>\n\n            <div class=\"conseil-card\">\n                <h4>\u2744\ufe0f Seguran\u00e7a de inverno para idosos<\/h4>\n                <p>Adote o sistema das \"3 camadas\": roupa de baixo t\u00e9cnica, camada isolante, jaqueta imperme\u00e1vel. Proteja as extremidades (gorro, luvas, meias quentes). Cal\u00e7ados antiderrapantes s\u00e3o obrigat\u00f3rios. Reduza a dura\u00e7\u00e3o das sa\u00eddas e prefira as horas mais quentes (11h-15h). Sempre informe um familiar sobre seu itiner\u00e1rio.<\/p>\n            <\/div>\n\n            <h2>9. Socializa\u00e7\u00e3o e clubes de natureza: criar la\u00e7os sociais ao ar livre<\/h2>\n\n            <p>As atividades em grupo ao ar livre combinam os benef\u00edcios da natureza com os da socializa\u00e7\u00e3o, fator crucial para o bem-estar dos idosos. Os clubes de trilha, associa\u00e7\u00f5es naturalistas e grupos fotogr\u00e1ficos criam comunidades acolhedoras que compartilham paix\u00f5es comuns. Essas estruturas oferecem um ambiente seguro para descobrir novas atividades e territ\u00f3rios.<\/p>\n\n            <p>A supervis\u00e3o profissional oferecida por algumas associa\u00e7\u00f5es garante a seguran\u00e7a e a adapta\u00e7\u00e3o das atividades \u00e0s capacidades de cada um. Os guias naturalistas enriquecem as sa\u00eddas com seus conhecimentos, transformando cada excurs\u00e3o em um momento de aprendizado. Essa dimens\u00e3o educativa mant\u00e9m a curiosidade intelectual e favorece a aquisi\u00e7\u00e3o de novas habilidades.<\/p>\n\n            <p>As viagens organizadas especialmente projetadas para idosos ativos est\u00e3o se desenvolvendo, oferecendo destinos naturais com acompanhamento adequado. Essas estadias combinam descoberta cultural, atividades leves ao ar livre e momentos de conviv\u00eancia. Elas oferecem a oportunidade de formar amizades duradouras baseadas em experi\u00eancias compartilhadas enriquecedoras.<\/p>\n\n            <div class=\"expert-box\">\n                <div class=\"expert-box-label\">Social DYNSEO<\/div>\n<div class=\"expert-box-title\">A estimula\u00e7\u00e3o cognitiva pelo grupo<\/div>\n                <div class=\"expert-inner\">\n                    <div class=\"expert-inner-title\">Otimizar os benef\u00edcios sociais e cognitivos<\/div>\n                    <p>As intera\u00e7\u00f5es sociais em contexto natural estimulam diferentes zonas cerebrais simultaneamente. Compartilhe suas descobertas na natureza, conte suas mem\u00f3rias relacionadas aos lugares visitados, participe das discuss\u00f5es em grupo. Complete essas trocas com jogos colaborativos no COCO PENSA durante as pausas, criando uma din\u00e2mica de grupo estimulante.<\/p>\n                <\/div>\n            <\/div>\n\n            <h2>10. Adapta\u00e7\u00e3o \u00e0s capacidades individuais e evolu\u00e7\u00e3o progressiva<\/h2>\n\n            <p>A personaliza\u00e7\u00e3o das atividades ao ar livre de acordo com as capacidades individuais \u00e9 a chave para o sucesso a longo prazo. Cada idoso apresenta especificidades f\u00edsicas, cognitivas e motivacionais \u00fanicas que necessitam de uma abordagem adaptada. A avalia\u00e7\u00e3o inicial das capacidades permite definir um programa progressivo que respeita os limites enquanto encoraja o supera\u00e7\u00e3o pessoal.<\/p>\n\n            <p>A evolu\u00e7\u00e3o das capacidades com a idade requer uma adapta\u00e7\u00e3o cont\u00ednua das atividades. O que era acess\u00edvel aos 65 anos pode se tornar dif\u00edcil aos 75 anos, mas novas oportunidades tamb\u00e9m podem surgir. A flexibilidade na escolha das atividades e a aceita\u00e7\u00e3o dessas evolu\u00e7\u00f5es permitem manter uma pr\u00e1tica regular e satisfat\u00f3ria.<\/p>\n\n            <p>As ajudas t\u00e9cnicas modernas ampliam consideravelmente o campo das possibilidades para os idosos com mobilidade reduzida. Cadeiras de rodas todo-o-terreno, bast\u00f5es de caminhada especializados, aplicativos de navega\u00e7\u00e3o adaptados: essas ferramentas permitem continuar a desfrutar da natureza apesar de algumas limita\u00e7\u00f5es f\u00edsicas. A inova\u00e7\u00e3o tecnol\u00f3gica a servi\u00e7o da acessibilidade abre novos horizontes.<\/p>\n\n            <div class=\"key-points\">\n                <h4>Sinais de adapta\u00e7\u00e3o necess\u00e1ria:<\/h4>\n                <ul>\n                    <li>Falta de ar incomum ou palpita\u00e7\u00f5es<\/li>\n                    <li>Dores articulares persistentes ap\u00f3s a atividade<\/li>\n                    <li>Fadiga excessiva que requer mais de 24h de recupera\u00e7\u00e3o<\/li>\n                    <li>Perda de equil\u00edbrio ou instabilidade aumentada<\/li>\n                    <li>Queda de motiva\u00e7\u00e3o ou ansiedade em rela\u00e7\u00e3o \u00e0 atividade<\/li>\n                <\/ul>\n            <\/div>\n\n            <div class=\"tip-box\">\n                <div class=\"tip-box-label\">Progress\u00e3o Inteligente<\/div>\n                <p>Mantenha um di\u00e1rio de suas atividades ao ar livre: dura\u00e7\u00e3o, intensidade, sensa\u00e7\u00e3o. Utilize as fun\u00e7\u00f5es de acompanhamento e planejamento do COCO PENSA para analisar seus progressos e adaptar seus objetivos. Essa abordagem cient\u00edfica otimiza sua evolu\u00e7\u00e3o enquanto preserva sua motiva\u00e7\u00e3o.<\/p>\n            <\/div>\n\n            <div class=\"faq-list\">\n                <h2>Perguntas frequentes sobre atividades ao ar livre para idosos<\/h2>\n                \n                <div class=\"faq-item\">\n                    <div class=\"faq-q\">\n                        <span>Quais s\u00e3o as precau\u00e7\u00f5es a serem tomadas para iniciar atividades ao ar livre ap\u00f3s os 65 anos?<\/span>\n                        <span class=\"faq-icon\">+<\/span>\n                    <\/div>\n<div class=\"faq-a\">\n                        <p>Antes de come\u00e7ar, consulte seu m\u00e9dico para uma avalia\u00e7\u00e3o de sa\u00fade adequada. Comece progressivamente com atividades de baixa intensidade (caminhadas de 15-20 minutos). Equipar-se corretamente de acordo com a atividade escolhida. Prefira sa\u00eddas acompanhadas no in\u00edcio. Ou\u00e7a seu corpo e n\u00e3o hesite em fazer pausas. Informe sempre um familiar sobre seu programa de atividades e leve um telefone celular.<\/p>\n                    <\/div>\n                <\/div>\n                \n                <div class=\"faq-item\">\n                    <div class=\"faq-q\">\n                        <span>Como adaptar as atividades ao ar livre de acordo com as esta\u00e7\u00f5es?<\/span>\n                        <span class=\"faq-icon\">+<\/span>\n                    <\/div>\n                    <div class=\"faq-a\">\n                        <p>Cada esta\u00e7\u00e3o oferece suas oportunidades espec\u00edficas. Na primavera, aproveite a suavidade para retomar progressivamente. O ver\u00e3o exige uma prote\u00e7\u00e3o solar refor\u00e7ada e uma hidrata\u00e7\u00e3o aumentada, prefira os hor\u00e1rios da manh\u00e3 ou no final do dia. O outono \u00e9 ideal para a colheita e a observa\u00e7\u00e3o das cores. O inverno requer um equipamento adequado ao frio e percursos mais curtos, mas continua sendo ben\u00e9fico para a vitamina D e o moral.<\/p>\n                    <\/div>\n                <\/div>\n                \n                <div class=\"faq-item\">\n                    <div class=\"faq-q\">\n                        <span>\u00c9 poss\u00edvel praticar atividades ao ar livre com problemas de artrose?<\/span>\n                        <span class=\"faq-icon\">+<\/span>\n                    <\/div>\n                    <div class=\"faq-a\">\n                        <p>Absolutamente! As atividades aqu\u00e1ticas s\u00e3o particularmente recomendadas, pois a \u00e1gua alivia as articula\u00e7\u00f5es. A caminhada em terreno plano continua sendo ben\u00e9fica, evitando terrenos acidentados. A bicicleta el\u00e9trica permite dosar o esfor\u00e7o. Evite atividades com impactos repetidos. O aquecimento e os alongamentos s\u00e3o essenciais. Consulte seu reumatologista para adaptar o programa de acordo com sua situa\u00e7\u00e3o espec\u00edfica.<\/p>\n                    <\/div>\n                <\/div>\n                \n                <div class=\"faq-item\">\n                    <div class=\"faq-q\">\n                        <span>Como manter a motiva\u00e7\u00e3o para as atividades ao ar livre a longo prazo?<\/span>\n                        <span class=\"faq-icon\">+<\/span>\n                    <\/div>\n                    <div class=\"faq-a\">\n                        <p>Varie as atividades para evitar a monotonia. Estabele\u00e7a objetivos realiz\u00e1veis e progressivos. Junte-se a grupos ou clubes para a dimens\u00e3o social. Mantenha um di\u00e1rio de suas sa\u00eddas com fotos e sentimentos. Combine atividade f\u00edsica e estimula\u00e7\u00e3o cognitiva com nossos aplicativos COCO. Celebre seus progressos, mesmo que pequenos. Adapte as atividades de acordo com suas vontades do momento, em vez de se impor um programa r\u00edgido.<\/p>\n                    <\/div>\n                <\/div>\n                \n                <div class=\"faq-item\">\n                    <div class=\"faq-q\">\n                        <span>Qual equipamento b\u00e1sico prever para iniciar as atividades ao ar livre?<\/span>\n                        <span class=\"faq-icon\">+<\/span>\n                    <\/div>\n                    <div class=\"faq-a\">\n                        <p>Invista em bons sapatos de caminhada adequados ao seu p\u00e9. Preveja roupas respir\u00e1veis e modul\u00e1veis de acordo com o clima. Uma mochila leve com um compartimento de hidrata\u00e7\u00e3o ou garrafa de \u00e1gua. Um kit de primeiros socorros b\u00e1sico. Prote\u00e7\u00e3o solar (creme, chap\u00e9u, \u00f3culos). Um telefone celular carregado. Um mapa ou GPS, dependendo da complexidade do percurso. Comece com o m\u00ednimo e complete de acordo com suas necessidades descobertas pela pr\u00e1tica.<\/p>\n                    <\/div>\n                <\/div>\n            <\/div>\n<div class=\"cta-box\">\n                <h3>Estimule seu c\u00e9rebro tanto quanto seu corpo!<\/h3>\n                <p>Complete suas atividades ao ar livre com um treinamento cognitivo adequado. COCO PENSA e COCO SE MEXE o acompanham em sua busca pelo bem-estar global, unindo atividade f\u00edsica e estimula\u00e7\u00e3o mental.<\/p>\n                <div class=\"cta-buttons\">\n                    <a href=\"https:\/\/www.dynseo.com\/pt-pt\/coco-pensa-e-coco-se-mexe\/\" class=\"btn-white\">Descobrir COCO<\/a>\n                    <a href=\"https:\/\/www.dynseo.com\/pt-pt\/coco-pensa-e-coco-se-mexe\/\" class=\"btn-outline\">Vers\u00e3o de teste gratuita<\/a>\n                <\/div>\n            <\/div>\n\n            <div class=\"article-tags\">\n                <a href=\"#\" class=\"article-tag\">Atividades idosos<\/a>\n                <a href=\"#\" class=\"article-tag\">Ao ar livre<\/a>\n                <a href=\"#\" class=\"article-tag\">Caminhada<\/a>\n                <a href=\"#\" class=\"article-tag\">Bem-estar<\/a>\n                <a href=\"#\" class=\"article-tag\">Natureza<\/a>\n                <a href=\"#\" class=\"article-tag\">Sa\u00fade f\u00edsica<\/a>\n                <a href=\"#\" class=\"article-tag\">Socializa\u00e7\u00e3o<\/a>\n                <a href=\"#\" class=\"article-tag\">Jardinagem<\/a>\n                <a href=\"#\" class=\"article-tag\">Ciclismo<\/a>\n                <a href=\"#\" class=\"article-tag\">Aqu\u00e1tico<\/a>\n            <\/div>\n        <\/div>\n    <\/div>[\/et_pb_code][\/et_pb_column][\/et_pb_row][\/et_pb_section]","_et_gb_content_width":"","footnotes":""},"categories":[2915,2921,1490],"tags":[],"class_list":["post-106362","post","type-post","status-publish","format-standard","has-post-thumbnail","hentry","category-les-conseils-des-coachs","category-tout-sur-laide-a-domicile","category-votre-maison-de-retraite-du-futur-fr"],"yoast_head":"<!-- This site is optimized with the Yoast SEO plugin v27.4 - https:\/\/yoast.com\/product\/yoast-seo-wordpress\/ -->\n<title>Actividades ao ar livre para idosos: desfrutar da natureza<\/title>\n<meta name=\"description\" content=\"Desfrute da natureza com atividades ao ar livre para idosos. Caminhe em parques, fa\u00e7a piqueniques, explore trilhas e jardins...\" \/>\n<meta name=\"robots\" content=\"index, follow, max-snippet:-1, max-image-preview:large, max-video-preview:-1\" \/>\n<link rel=\"canonical\" href=\"https:\/\/www.dynseo.com\/pt-pt\/atividades-ao-ar-livre-para-idosos-aproveite-a-natureza-juntos\/\" \/>\n<meta property=\"og:locale\" content=\"pt_PT\" \/>\n<meta property=\"og:type\" content=\"article\" \/>\n<meta property=\"og:title\" content=\"Actividades ao ar livre para idosos: desfrutar da natureza\" \/>\n<meta property=\"og:description\" content=\"Desfrute da natureza com atividades ao ar livre para idosos. Caminhe em parques, fa\u00e7a piqueniques, explore trilhas e jardins...\" \/>\n<meta property=\"og:url\" content=\"https:\/\/www.dynseo.com\/pt-pt\/atividades-ao-ar-livre-para-idosos-aproveite-a-natureza-juntos\/\" \/>\n<meta property=\"og:site_name\" content=\"DYNSEO - Aplica\u00e7\u00f5es educativas e jogos de mem\u00f3ria\" \/>\n<meta property=\"article:published_time\" content=\"2025-11-25T22:52:28+00:00\" \/>\n<meta property=\"article:modified_time\" content=\"2026-04-28T18:12:48+00:00\" \/>\n<meta property=\"og:image\" content=\"https:\/\/www.dynseo.com\/wp-content\/uploads\/2025\/10\/geheugen-training-cognitieve-stimulatie-3.png\" \/>\n\t<meta property=\"og:image:width\" content=\"1000\" \/>\n\t<meta property=\"og:image:height\" content=\"750\" \/>\n\t<meta property=\"og:image:type\" content=\"image\/png\" \/>\n<meta name=\"author\" content=\"DYNSEO\" \/>\n<meta name=\"twitter:label1\" content=\"Escrito por\" \/>\n\t<meta name=\"twitter:data1\" content=\"DYNSEO\" \/>\n\t<meta name=\"twitter:label2\" content=\"Tempo estimado de leitura\" \/>\n\t<meta name=\"twitter:data2\" content=\"19 minutos\" \/>\n<script type=\"application\/ld+json\" class=\"yoast-schema-graph\">{\"@context\":\"https:\\\/\\\/schema.org\",\"@graph\":[{\"@type\":\"Article\",\"@id\":\"https:\\\/\\\/www.dynseo.com\\\/pt-pt\\\/atividades-ao-ar-livre-para-idosos-aproveite-a-natureza-juntos\\\/#article\",\"isPartOf\":{\"@id\":\"https:\\\/\\\/www.dynseo.com\\\/pt-pt\\\/atividades-ao-ar-livre-para-idosos-aproveite-a-natureza-juntos\\\/\"},\"author\":{\"name\":\"DYNSEO\",\"@id\":\"https:\\\/\\\/www.dynseo.com\\\/pt-pt\\\/#\\\/schema\\\/person\\\/78ef63df2ee64e0989bc68f8401b38d6\"},\"headline\":\"Atividades ao ar livre para idosos: aproveite a natureza juntos\",\"datePublished\":\"2025-11-25T22:52:28+00:00\",\"dateModified\":\"2026-04-28T18:12:48+00:00\",\"mainEntityOfPage\":{\"@id\":\"https:\\\/\\\/www.dynseo.com\\\/pt-pt\\\/atividades-ao-ar-livre-para-idosos-aproveite-a-natureza-juntos\\\/\"},\"wordCount\":3771,\"publisher\":{\"@id\":\"https:\\\/\\\/www.dynseo.com\\\/pt-pt\\\/#organization\"},\"image\":{\"@id\":\"https:\\\/\\\/www.dynseo.com\\\/pt-pt\\\/atividades-ao-ar-livre-para-idosos-aproveite-a-natureza-juntos\\\/#primaryimage\"},\"thumbnailUrl\":\"https:\\\/\\\/www.dynseo.com\\\/wp-content\\\/uploads\\\/2025\\\/10\\\/geheugen-training-cognitieve-stimulatie-3.png\",\"articleSection\":[\"Les conseils des coachs\",\"Tout sur l'aide \u00e0 domicile\",\"Votre maison de retraite du futur\"],\"inLanguage\":\"pt-PT\"},{\"@type\":\"WebPage\",\"@id\":\"https:\\\/\\\/www.dynseo.com\\\/pt-pt\\\/atividades-ao-ar-livre-para-idosos-aproveite-a-natureza-juntos\\\/\",\"url\":\"https:\\\/\\\/www.dynseo.com\\\/pt-pt\\\/atividades-ao-ar-livre-para-idosos-aproveite-a-natureza-juntos\\\/\",\"name\":\"Actividades ao ar livre para idosos: desfrutar da natureza\",\"isPartOf\":{\"@id\":\"https:\\\/\\\/www.dynseo.com\\\/pt-pt\\\/#website\"},\"primaryImageOfPage\":{\"@id\":\"https:\\\/\\\/www.dynseo.com\\\/pt-pt\\\/atividades-ao-ar-livre-para-idosos-aproveite-a-natureza-juntos\\\/#primaryimage\"},\"image\":{\"@id\":\"https:\\\/\\\/www.dynseo.com\\\/pt-pt\\\/atividades-ao-ar-livre-para-idosos-aproveite-a-natureza-juntos\\\/#primaryimage\"},\"thumbnailUrl\":\"https:\\\/\\\/www.dynseo.com\\\/wp-content\\\/uploads\\\/2025\\\/10\\\/geheugen-training-cognitieve-stimulatie-3.png\",\"datePublished\":\"2025-11-25T22:52:28+00:00\",\"dateModified\":\"2026-04-28T18:12:48+00:00\",\"description\":\"Desfrute da natureza com atividades ao ar livre para idosos. Caminhe em parques, fa\u00e7a piqueniques, explore trilhas e jardins...\",\"breadcrumb\":{\"@id\":\"https:\\\/\\\/www.dynseo.com\\\/pt-pt\\\/atividades-ao-ar-livre-para-idosos-aproveite-a-natureza-juntos\\\/#breadcrumb\"},\"inLanguage\":\"pt-PT\",\"potentialAction\":[{\"@type\":\"ReadAction\",\"target\":[\"https:\\\/\\\/www.dynseo.com\\\/pt-pt\\\/atividades-ao-ar-livre-para-idosos-aproveite-a-natureza-juntos\\\/\"]}]},{\"@type\":\"ImageObject\",\"inLanguage\":\"pt-PT\",\"@id\":\"https:\\\/\\\/www.dynseo.com\\\/pt-pt\\\/atividades-ao-ar-livre-para-idosos-aproveite-a-natureza-juntos\\\/#primaryimage\",\"url\":\"https:\\\/\\\/www.dynseo.com\\\/wp-content\\\/uploads\\\/2025\\\/10\\\/geheugen-training-cognitieve-stimulatie-3.png\",\"contentUrl\":\"https:\\\/\\\/www.dynseo.com\\\/wp-content\\\/uploads\\\/2025\\\/10\\\/geheugen-training-cognitieve-stimulatie-3.png\",\"width\":1000,\"height\":750,\"caption\":\"Transforme o aprendizado em uma jornada emocionante com nosso tablet educativo\"},{\"@type\":\"BreadcrumbList\",\"@id\":\"https:\\\/\\\/www.dynseo.com\\\/pt-pt\\\/atividades-ao-ar-livre-para-idosos-aproveite-a-natureza-juntos\\\/#breadcrumb\",\"itemListElement\":[{\"@type\":\"ListItem\",\"position\":1,\"name\":\"Accueil\",\"item\":\"https:\\\/\\\/www.dynseo.com\\\/pt-pt\\\/\"},{\"@type\":\"ListItem\",\"position\":2,\"name\":\"Atividades ao ar livre para idosos: aproveite a natureza juntos\"}]},{\"@type\":\"WebSite\",\"@id\":\"https:\\\/\\\/www.dynseo.com\\\/pt-pt\\\/#website\",\"url\":\"https:\\\/\\\/www.dynseo.com\\\/pt-pt\\\/\",\"name\":\"Jeux de m\u00e9moire et stimulation cognitive\",\"description\":\"Entra\u00eenez votre m\u00e9moire et votre cerveau avec DYNSEO\",\"publisher\":{\"@id\":\"https:\\\/\\\/www.dynseo.com\\\/pt-pt\\\/#organization\"},\"potentialAction\":[{\"@type\":\"SearchAction\",\"target\":{\"@type\":\"EntryPoint\",\"urlTemplate\":\"https:\\\/\\\/www.dynseo.com\\\/pt-pt\\\/?s={search_term_string}\"},\"query-input\":{\"@type\":\"PropertyValueSpecification\",\"valueRequired\":true,\"valueName\":\"search_term_string\"}}],\"inLanguage\":\"pt-PT\"},{\"@type\":\"Organization\",\"@id\":\"https:\\\/\\\/www.dynseo.com\\\/pt-pt\\\/#organization\",\"name\":\"DYNSEO\",\"url\":\"https:\\\/\\\/www.dynseo.com\\\/pt-pt\\\/\",\"logo\":{\"@type\":\"ImageObject\",\"inLanguage\":\"pt-PT\",\"@id\":\"https:\\\/\\\/www.dynseo.com\\\/pt-pt\\\/#\\\/schema\\\/logo\\\/image\\\/\",\"url\":\"https:\\\/\\\/www.dynseo.com\\\/wp-content\\\/uploads\\\/2022\\\/05\\\/logo-dynseo-new.png\",\"contentUrl\":\"https:\\\/\\\/www.dynseo.com\\\/wp-content\\\/uploads\\\/2022\\\/05\\\/logo-dynseo-new.png\",\"width\":5073,\"height\":1397,\"caption\":\"DYNSEO\"},\"image\":{\"@id\":\"https:\\\/\\\/www.dynseo.com\\\/pt-pt\\\/#\\\/schema\\\/logo\\\/image\\\/\"}},{\"@type\":\"Person\",\"@id\":\"https:\\\/\\\/www.dynseo.com\\\/pt-pt\\\/#\\\/schema\\\/person\\\/78ef63df2ee64e0989bc68f8401b38d6\",\"name\":\"DYNSEO\",\"url\":\"https:\\\/\\\/www.dynseo.com\\\/pt-pt\\\/author\\\/justine\\\/\"}]}<\/script>\n<!-- \/ Yoast SEO plugin. -->","yoast_head_json":{"title":"Actividades ao ar livre para idosos: desfrutar da natureza","description":"Desfrute da natureza com atividades ao ar livre para idosos. Caminhe em parques, fa\u00e7a piqueniques, explore trilhas e jardins...","robots":{"index":"index","follow":"follow","max-snippet":"max-snippet:-1","max-image-preview":"max-image-preview:large","max-video-preview":"max-video-preview:-1"},"canonical":"https:\/\/www.dynseo.com\/pt-pt\/atividades-ao-ar-livre-para-idosos-aproveite-a-natureza-juntos\/","og_locale":"pt_PT","og_type":"article","og_title":"Actividades ao ar livre para idosos: desfrutar da natureza","og_description":"Desfrute da natureza com atividades ao ar livre para idosos. Caminhe em parques, fa\u00e7a piqueniques, explore trilhas e jardins...","og_url":"https:\/\/www.dynseo.com\/pt-pt\/atividades-ao-ar-livre-para-idosos-aproveite-a-natureza-juntos\/","og_site_name":"DYNSEO - Aplica\u00e7\u00f5es educativas e jogos de mem\u00f3ria","article_published_time":"2025-11-25T22:52:28+00:00","article_modified_time":"2026-04-28T18:12:48+00:00","og_image":[{"width":1000,"height":750,"url":"https:\/\/www.dynseo.com\/wp-content\/uploads\/2025\/10\/geheugen-training-cognitieve-stimulatie-3.png","type":"image\/png"}],"author":"DYNSEO","twitter_misc":{"Escrito por":"DYNSEO","Tempo estimado de leitura":"19 minutos"},"schema":{"@context":"https:\/\/schema.org","@graph":[{"@type":"Article","@id":"https:\/\/www.dynseo.com\/pt-pt\/atividades-ao-ar-livre-para-idosos-aproveite-a-natureza-juntos\/#article","isPartOf":{"@id":"https:\/\/www.dynseo.com\/pt-pt\/atividades-ao-ar-livre-para-idosos-aproveite-a-natureza-juntos\/"},"author":{"name":"DYNSEO","@id":"https:\/\/www.dynseo.com\/pt-pt\/#\/schema\/person\/78ef63df2ee64e0989bc68f8401b38d6"},"headline":"Atividades ao ar livre para idosos: aproveite a natureza juntos","datePublished":"2025-11-25T22:52:28+00:00","dateModified":"2026-04-28T18:12:48+00:00","mainEntityOfPage":{"@id":"https:\/\/www.dynseo.com\/pt-pt\/atividades-ao-ar-livre-para-idosos-aproveite-a-natureza-juntos\/"},"wordCount":3771,"publisher":{"@id":"https:\/\/www.dynseo.com\/pt-pt\/#organization"},"image":{"@id":"https:\/\/www.dynseo.com\/pt-pt\/atividades-ao-ar-livre-para-idosos-aproveite-a-natureza-juntos\/#primaryimage"},"thumbnailUrl":"https:\/\/www.dynseo.com\/wp-content\/uploads\/2025\/10\/geheugen-training-cognitieve-stimulatie-3.png","articleSection":["Les conseils des coachs","Tout sur l'aide \u00e0 domicile","Votre maison de retraite du futur"],"inLanguage":"pt-PT"},{"@type":"WebPage","@id":"https:\/\/www.dynseo.com\/pt-pt\/atividades-ao-ar-livre-para-idosos-aproveite-a-natureza-juntos\/","url":"https:\/\/www.dynseo.com\/pt-pt\/atividades-ao-ar-livre-para-idosos-aproveite-a-natureza-juntos\/","name":"Actividades ao ar livre para idosos: desfrutar da natureza","isPartOf":{"@id":"https:\/\/www.dynseo.com\/pt-pt\/#website"},"primaryImageOfPage":{"@id":"https:\/\/www.dynseo.com\/pt-pt\/atividades-ao-ar-livre-para-idosos-aproveite-a-natureza-juntos\/#primaryimage"},"image":{"@id":"https:\/\/www.dynseo.com\/pt-pt\/atividades-ao-ar-livre-para-idosos-aproveite-a-natureza-juntos\/#primaryimage"},"thumbnailUrl":"https:\/\/www.dynseo.com\/wp-content\/uploads\/2025\/10\/geheugen-training-cognitieve-stimulatie-3.png","datePublished":"2025-11-25T22:52:28+00:00","dateModified":"2026-04-28T18:12:48+00:00","description":"Desfrute da natureza com atividades ao ar livre para idosos. Caminhe em parques, fa\u00e7a piqueniques, explore trilhas e jardins...","breadcrumb":{"@id":"https:\/\/www.dynseo.com\/pt-pt\/atividades-ao-ar-livre-para-idosos-aproveite-a-natureza-juntos\/#breadcrumb"},"inLanguage":"pt-PT","potentialAction":[{"@type":"ReadAction","target":["https:\/\/www.dynseo.com\/pt-pt\/atividades-ao-ar-livre-para-idosos-aproveite-a-natureza-juntos\/"]}]},{"@type":"ImageObject","inLanguage":"pt-PT","@id":"https:\/\/www.dynseo.com\/pt-pt\/atividades-ao-ar-livre-para-idosos-aproveite-a-natureza-juntos\/#primaryimage","url":"https:\/\/www.dynseo.com\/wp-content\/uploads\/2025\/10\/geheugen-training-cognitieve-stimulatie-3.png","contentUrl":"https:\/\/www.dynseo.com\/wp-content\/uploads\/2025\/10\/geheugen-training-cognitieve-stimulatie-3.png","width":1000,"height":750,"caption":"Transforme o aprendizado em uma jornada emocionante com nosso tablet educativo"},{"@type":"BreadcrumbList","@id":"https:\/\/www.dynseo.com\/pt-pt\/atividades-ao-ar-livre-para-idosos-aproveite-a-natureza-juntos\/#breadcrumb","itemListElement":[{"@type":"ListItem","position":1,"name":"Accueil","item":"https:\/\/www.dynseo.com\/pt-pt\/"},{"@type":"ListItem","position":2,"name":"Atividades ao ar livre para idosos: aproveite a natureza juntos"}]},{"@type":"WebSite","@id":"https:\/\/www.dynseo.com\/pt-pt\/#website","url":"https:\/\/www.dynseo.com\/pt-pt\/","name":"Jeux de m\u00e9moire et stimulation cognitive","description":"Entra\u00eenez votre m\u00e9moire et votre cerveau avec DYNSEO","publisher":{"@id":"https:\/\/www.dynseo.com\/pt-pt\/#organization"},"potentialAction":[{"@type":"SearchAction","target":{"@type":"EntryPoint","urlTemplate":"https:\/\/www.dynseo.com\/pt-pt\/?s={search_term_string}"},"query-input":{"@type":"PropertyValueSpecification","valueRequired":true,"valueName":"search_term_string"}}],"inLanguage":"pt-PT"},{"@type":"Organization","@id":"https:\/\/www.dynseo.com\/pt-pt\/#organization","name":"DYNSEO","url":"https:\/\/www.dynseo.com\/pt-pt\/","logo":{"@type":"ImageObject","inLanguage":"pt-PT","@id":"https:\/\/www.dynseo.com\/pt-pt\/#\/schema\/logo\/image\/","url":"https:\/\/www.dynseo.com\/wp-content\/uploads\/2022\/05\/logo-dynseo-new.png","contentUrl":"https:\/\/www.dynseo.com\/wp-content\/uploads\/2022\/05\/logo-dynseo-new.png","width":5073,"height":1397,"caption":"DYNSEO"},"image":{"@id":"https:\/\/www.dynseo.com\/pt-pt\/#\/schema\/logo\/image\/"}},{"@type":"Person","@id":"https:\/\/www.dynseo.com\/pt-pt\/#\/schema\/person\/78ef63df2ee64e0989bc68f8401b38d6","name":"DYNSEO","url":"https:\/\/www.dynseo.com\/pt-pt\/author\/justine\/"}]}},"_links":{"self":[{"href":"https:\/\/www.dynseo.com\/pt-pt\/wp-json\/wp\/v2\/posts\/106362","targetHints":{"allow":["GET"]}}],"collection":[{"href":"https:\/\/www.dynseo.com\/pt-pt\/wp-json\/wp\/v2\/posts"}],"about":[{"href":"https:\/\/www.dynseo.com\/pt-pt\/wp-json\/wp\/v2\/types\/post"}],"author":[{"embeddable":true,"href":"https:\/\/www.dynseo.com\/pt-pt\/wp-json\/wp\/v2\/users\/4"}],"replies":[{"embeddable":true,"href":"https:\/\/www.dynseo.com\/pt-pt\/wp-json\/wp\/v2\/comments?post=106362"}],"version-history":[{"count":21,"href":"https:\/\/www.dynseo.com\/pt-pt\/wp-json\/wp\/v2\/posts\/106362\/revisions"}],"predecessor-version":[{"id":567749,"href":"https:\/\/www.dynseo.com\/pt-pt\/wp-json\/wp\/v2\/posts\/106362\/revisions\/567749"}],"wp:featuredmedia":[{"embeddable":true,"href":"https:\/\/www.dynseo.com\/pt-pt\/wp-json\/wp\/v2\/media\/415428"}],"wp:attachment":[{"href":"https:\/\/www.dynseo.com\/pt-pt\/wp-json\/wp\/v2\/media?parent=106362"}],"wp:term":[{"taxonomy":"category","embeddable":true,"href":"https:\/\/www.dynseo.com\/pt-pt\/wp-json\/wp\/v2\/categories?post=106362"},{"taxonomy":"post_tag","embeddable":true,"href":"https:\/\/www.dynseo.com\/pt-pt\/wp-json\/wp\/v2\/tags?post=106362"}],"curies":[{"name":"wp","href":"https:\/\/api.w.org\/{rel}","templated":true}]}}