{"id":109006,"date":"2025-11-25T23:44:02","date_gmt":"2025-11-25T22:44:02","guid":{"rendered":"https:\/\/www.dynseo.com\/criar-um-cantinho-das-recordacoes-num-lar-de-idosos-dicas-e-ideias\/"},"modified":"2026-04-27T06:17:33","modified_gmt":"2026-04-27T04:17:33","slug":"criar-um-canto-de-reminiscencia-em-uma-casa-de-repouso-conselhos-e-ideias","status":"publish","type":"post","link":"https:\/\/www.dynseo.com\/pt-pt\/criar-um-canto-de-reminiscencia-em-uma-casa-de-repouso-conselhos-e-ideias\/","title":{"rendered":"Criar um canto de reminisc\u00eancia em uma casa de repouso: conselhos e ideias"},"content":{"rendered":"<p>[et_pb_section fb_built=&#8221;1&#8243; _builder_version=&#8221;4.16&#8243; custom_padding=&#8221;0px|0px|0px|0px|false|false&#8221; margin_top=&#8221;0px&#8221; margin_bottom=&#8221;0px&#8221; global_colors_info=&#8221;{}&#8221;][et_pb_row _builder_version=&#8221;4.16&#8243; custom_padding=&#8221;0px|0px|0px|0px|false|false&#8221; margin_top=&#8221;0px&#8221; margin_bottom=&#8221;0px&#8221; column_structure=&#8221;4_4&#8243; global_colors_info=&#8221;{}&#8221;][et_pb_column type=&#8221;4_4&#8243; _builder_version=&#8221;4.16&#8243; custom_padding=&#8221;0px|0px|0px|0px|false|false&#8221; global_colors_info=&#8221;{}&#8221;][et_pb_code _builder_version=&#8221;4.16&#8243; custom_padding=&#8221;0px|0px|0px|0px|false|false&#8221; global_colors_info=&#8221;{}&#8221;]<\/p>\n<style>\n        :root {\n            --color-primary: #5e5ed7;\n            --color-primary-dark: #5268c9;\n            --color-secondary: #a9e2e4;\n            --color-accent: #ffeca7;\n            --color-highlight: #e73469;\n            --font-title: 'Montserrat', sans-serif;\n            --font-body: 'Poppins', sans-serif;\n        }<\/p>\n<p>        * {\n            margin: 0;\n            padding: 0;\n            box-sizing: border-box;\n        }<\/p>\n<p>        body {\n            font-family: var(--font-body);\n            line-height: 1.6;\n            color: #333;\n        }<\/p>\n<p>        .container {\n            max-width: 1200px;\n            margin: 0 auto;\n            padding: 0 20px;\n        }<\/p>\n<p>        .article-hero {\n            background: linear-gradient(135deg, var(--color-primary) 0%, var(--color-primary-dark) 100%);\n            color: white;\n            padding: 60px 0 120px;\n            position: relative;\n            overflow: hidden;\n        }<\/p>\n<p>        .article-hero::before {\n            content: '';\n            position: absolute;\n            top: 0;\n            left: 0;\n            right: 0;\n            bottom: 0;\n            background: url('data:image\/svg+xml,<svg xmlns=\"http:\/\/www.w3.org\/2000\/svg\" viewBox=\"0 0 100 100\"><circle cx=\"20\" cy=\"20\" r=\"2\" fill=\"rgba(255,255,255,0.1)\"\/><circle cx=\"80\" cy=\"40\" r=\"1\" fill=\"rgba(255,255,255,0.1)\"\/><circle cx=\"40\" cy=\"80\" r=\"1.5\" fill=\"rgba(255,255,255,0.1)\"\/><\/svg>');\n        }<\/p>\n<p>        .article-hero-inner {\n            position: relative;\n            z-index: 2;\n        }<\/p>\n<p>        .article-breadcrumb {\n            font-size: 14px;\n            margin-bottom: 20px;\n            opacity: 0.9;\n        }<\/p>\n<p>        .article-breadcrumb a {\n            color: white;\n            text-decoration: none;\n        }<\/p>\n<p>        .article-category {\n            display: inline-block;\n            background: var(--color-highlight);\n            color: white;\n            padding: 8px 16px;\n            border-radius: 20px;\n            font-size: 14px;\n            font-weight: 600;\n            margin-bottom: 20px;\n        }<\/p>\n<p>        .article-hero h1 {\n            font-family: var(--font-title);\n            font-size: clamp(2rem, 5vw, 3.5rem);\n            font-weight: 700;\n            line-height: 1.2;\n            margin-bottom: 20px;\n        }<\/p>\n<p>        .hl {\n            color: var(--color-accent);\n        }<\/p>\n<p>        .article-meta {\n            display: flex;\n            gap: 30px;\n            margin-bottom: 30px;\n            font-size: 14px;\n            opacity: 0.9;\n            flex-wrap: wrap;\n        }<\/p>\n<p>        .article-hero-curve {\n            position: absolute;\n            bottom: -2px;\n            left: 0;\n            width: 100%;\n            height: 80px;\n            background: white;\n            clip-path: ellipse(100% 100% at 50% 100%);\n        }<\/p>\n<p>        .article-body {\n            padding: 80px 0;\n        }<\/p>\n<p>        .intro-block {\n            background: linear-gradient(135deg, #f8f9ff 0%, #ffffff 100%);\n            border-left: 5px solid var(--color-primary);\n            padding: 30px;\n            margin-bottom: 50px;\n            border-radius: 0 15px 15px 0;\n            font-size: 18px;\n            line-height: 1.7;\n        }<\/p>\n<p>        .stats-grid {\n            display: grid;\n            grid-template-columns: repeat(auto-fit, minmax(250px, 1fr));\n            gap: 30px;\n            margin-bottom: 60px;\n        }<\/p>\n<p>        .stat-card {\n            background: white;\n            padding: 30px;\n            border-radius: 15px;\n            text-align: center;\n            box-shadow: 0 10px 30px rgba(94, 94, 215, 0.1);\n            border: 2px solid transparent;\n            transition: all 0.3s ease;\n        }<\/p>\n<p>        .stat-card:hover {\n            transform: translateY(-5px);\n            border-color: var(--color-secondary);\n        }<\/p>\n<p>        .stat-card .number {\n            font-family: var(--font-title);\n            font-size: 3rem;\n            font-weight: 800;\n            color: var(--color-primary);\n            display: block;\n            margin-bottom: 10px;\n        }<\/p>\n<p>        .stat-card .label {\n            font-size: 16px;\n            color: #666;\n            font-weight: 500;\n        }<\/p>\n<p>        .article-body h2 {\n            font-family: var(--font-title);\n            font-size: 2.2rem;\n            font-weight: 700;\n            color: var(--color-primary);\n            margin: 60px 0 30px;\n            position: relative;\n            padding-left: 20px;\n        }<\/p>\n<p>        .article-body h2::before {\n            content: '';\n            position: absolute;\n            left: 0;\n            top: 0;\n            bottom: 0;\n            width: 5px;\n            background: linear-gradient(to bottom, var(--color-highlight), var(--color-secondary));\n            border-radius: 3px;\n        }<\/p>\n<p>        .article-body p {\n            margin-bottom: 20px;\n            font-size: 16px;\n            line-height: 1.8;\n        }<\/p>\n<p>        .conseil-card {\n            background: linear-gradient(135deg, var(--color-accent) 0%, #fff8e1 100%);\n            border: 1px solid #f4d03f;\n            border-radius: 15px;\n            padding: 25px;\n            margin: 30px 0;\n            position: relative;\n        }<\/p>\n<p>        .conseil-card::before {\n            content: '\ud83d\udca1';\n            position: absolute;\n            top: -15px;\n            left: 25px;\n            background: white;\n            padding: 10px;\n            border-radius: 50%;\n            font-size: 20px;\n        }<\/p>\n<p>        .key-points {\n            background: #f0f8ff;\n            border-radius: 15px;\n            padding: 30px;\n            margin: 30px 0;\n        }<\/p>\n<p>        .key-points h3 {\n            font-family: var(--font-title);\n            color: var(--color-primary);\n            font-size: 1.3rem;\n            margin-bottom: 20px;\n        }<\/p>\n<p>        .key-points ul {\n            list-style: none;\n            padding: 0;\n        }<\/p>\n<p>        .key-points li {\n            position: relative;\n            padding-left: 30px;\n            margin-bottom: 15px;\n            font-weight: 500;\n        }<\/p>\n<p>        .key-points li::before {\n            content: '\u2713';\n            position: absolute;\n            left: 0;\n            color: var(--color-highlight);\n            font-weight: bold;\n            font-size: 18px;\n        }<\/p>\n<p>        .tip-box {\n            background: linear-gradient(135deg, var(--color-secondary) 0%, #e1f7f8 100%);\n            border-radius: 15px;\n            padding: 25px;\n            margin: 30px 0;\n            border-left: 5px solid var(--color-primary);\n        }<\/p>\n<p>        .tip-box-label {\n            font-family: var(--font-title);\n            font-weight: 700;\n            color: var(--color-primary);\n            font-size: 1.1rem;\n            margin-bottom: 15px;\n            display: flex;\n            align-items: center;\n            gap: 10px;\n        }<\/p>\n<p>        .tip-box-label::before {\n            content: '\ud83c\udfaf';\n            font-size: 20px;\n        }<\/p>\n<p>        .expert-box {\n            background: white;\n            border: 2px solid var(--color-primary);\n            border-radius: 20px;\n            padding: 0;\n            margin: 40px 0;\n            overflow: hidden;\n            box-shadow: 0 15px 35px rgba(94, 94, 215, 0.1);\n        }<\/p>\n<p>        .expert-box-label {\n            background: var(--color-primary);\n            color: white;\n            padding: 15px 25px;\n            font-family: var(--font-title);\n            font-weight: 700;\n            font-size: 1.1rem;\n        }<\/p>\n<p>        .expert-box-title {\n            background: var(--color-primary);\n            color: white;\n            padding: 0 25px 15px;\n            font-family: var(--font-title);\n            font-weight: 600;\n            font-size: 1.3rem;\n        }<\/p>\n<p>        .expert-inner {\n            padding: 25px;\n        }<\/p>\n<p>        .expert-inner-title {\n            font-family: var(--font-title);\n            font-size: 1.2rem;\n            color: var(--color-primary);\n            margin-bottom: 15px;\n            font-weight: 600;\n        }<\/p>\n<p>        .faq-list {\n            background: #fafafa;\n            border-radius: 20px;\n            padding: 40px;\n            margin: 50px 0;\n        }<\/p>\n<p>        .faq-list h2 {\n            text-align: center;\n            margin-bottom: 40px;\n            margin-top: 0;\n        }<\/p>\n<p>        .faq-item {\n            border: 1px solid #e0e0e0;\n            border-radius: 10px;\n            margin-bottom: 15px;\n            overflow: hidden;\n            background: white;\n        }<\/p>\n<p>        .faq-q {\n            padding: 20px 25px;\n            cursor: pointer;\n            font-weight: 600;\n            color: var(--color-primary);\n            display: flex;\n            justify-content: space-between;\n            align-items: center;\n            transition: background-color 0.3s ease;\n        }<\/p>\n<p>        .faq-q:hover {\n            background-color: #f8f9ff;\n        }<\/p>\n<p>        .faq-icon {\n            font-size: 20px;\n            font-weight: bold;\n            transition: transform 0.3s ease;\n        }<\/p>\n<p>        .faq-item.open .faq-icon {\n            transform: rotate(45deg);\n        }<\/p>\n<p>        .faq-a {\n            padding: 0 25px;\n            max-height: 0;\n            overflow: hidden;\n            transition: all 0.3s ease;\n        }<\/p>\n<p>        .faq-item.open .faq-a {\n            max-height: 500px;\n            padding: 0 25px 25px;\n        }<\/p>\n<p>        .cta-box {\n            background: linear-gradient(135deg, var(--color-primary) 0%, var(--color-primary-dark) 100%);\n            color: white;\n            border-radius: 20px;\n            padding: 50px 40px;\n            text-align: center;\n            margin: 60px 0;\n        }<\/p>\n<p>        .cta-box h3 {\n            font-family: var(--font-title);\n            font-size: 2rem;\n            margin-bottom: 20px;\n        }<\/p>\n<p>        .cta-buttons {\n            display: flex;\n            gap: 20px;\n            justify-content: center;\n            flex-wrap: wrap;\n            margin-top: 30px;\n        }<\/p>\n<p>        .btn-white, .btn-outline {\n            padding: 15px 30px;\n            border-radius: 25px;\n            text-decoration: none;\n            font-weight: 600;\n            transition: all 0.3s ease;\n            border: 2px solid white;\n            display: inline-block;\n        }<\/p>\n<p>        .btn-white {\n            background: white;\n            color: var(--color-primary);\n        }<\/p>\n<p>        .btn-white:hover {\n            background: var(--color-accent);\n            transform: translateY(-2px);\n        }<\/p>\n<p>        .btn-outline {\n            background: transparent;\n            color: white;\n        }<\/p>\n<p>        .btn-outline:hover {\n            background: white;\n            color: var(--color-primary);\n        }<\/p>\n<p>        .article-tags {\n            display: flex;\n            gap: 15px;\n            flex-wrap: wrap;\n            margin-top: 50px;\n            padding-top: 30px;\n            border-top: 1px solid #eee;\n        }<\/p>\n<p>        .article-tag {\n            background: var(--color-secondary);\n            color: var(--color-primary);\n            padding: 8px 16px;\n            border-radius: 15px;\n            text-decoration: none;\n            font-size: 14px;\n            font-weight: 500;\n            transition: all 0.3s ease;\n        }<\/p>\n<p>        .article-tag:hover {\n            background: var(--color-primary);\n            color: white;\n            transform: translateY(-2px);\n        }<\/p>\n<p>        @media (max-width: 768px) {\n            .article-hero {\n                padding: 40px 0 80px;\n            }<\/p>\n<p>            .article-meta {\n                gap: 15px;\n            }<\/p>\n<p>            .stats-grid {\n                grid-template-columns: 1fr;\n                gap: 20px;\n            }<\/p>\n<p>            .cta-buttons {\n                flex-direction: column;\n                align-items: center;\n            }<\/p>\n<p>            .article-body h2 {\n                font-size: 1.8rem;\n            }\n        }\n    <\/style>\n<p><script>\n        document.querySelectorAll('.faq-q').forEach(function(button) {\n            button.addEventListener('click', function() {\n                button.closest('.faq-item').classList.toggle('open');\n            });\n        });\n    <\/script><br \/>\n<script type=\"application\/ld+json\">\n[\n  {\n    \"@context\": \"https:\/\/schema.org\",\n    \"@type\": \"Article\",\n    \"headline\": \"Cr\u00e9er un coin de r\u00e9miniscence dans une maison de retraite : conseils et id\u00e9es\",\n    \"description\": \"Guide Complet - \ud83d\udcc5 Publi\u00e9 en Avril 2026 \u23f1\ufe0f 15 min de lecture \ud83d\udc65 Professionnels EHPAD \u2b50 4.8\/5 (127 avis)\",\n    \"url\": \"https:\/\/www.dynseo.com\/creer-un-coin-de-reminiscence-dans-une-maison-de-retraite-conseils-et-idees\/\",\n    \"datePublished\": \"2026-04-07\",\n    \"dateModified\": \"2026-04-07\",\n    \"author\": {\n      \"@type\": \"Organization\",\n      \"name\": \"DYNSEO\",\n      \"url\": \"https:\/\/www.dynseo.com\"\n    },\n    \"publisher\": {\n      \"@type\": \"Organization\",\n      \"name\": \"DYNSEO\",\n      \"url\": \"https:\/\/www.dynseo.com\",\n      \"logo\": {\n        \"@type\": \"ImageObject\",\n        \"url\": \"https:\/\/www.dynseo.com\/wp-content\/uploads\/2020\/01\/dynseo-logo.png\"\n      }\n    },\n    \"image\": {\n      \"@type\": \"ImageObject\",\n      \"url\": \"https:\/\/www.dynseo.com\/wp-content\/uploads\/2026\/04\/coin-reminiscence-ehpad.jpg\",\n      \"width\": 1200,\n      \"height\": 630\n    },\n    \"aggregateRating\": {\n      \"@type\": \"AggregateRating\",\n      \"ratingValue\": \"4.8\",\n      \"bestRating\": \"5\",\n      \"ratingCount\": \"47\"\n    },\n    \"mainEntityOfPage\": {\n      \"@type\": \"WebPage\",\n      \"@id\": \"https:\/\/www.dynseo.com\/creer-un-coin-de-reminiscence-dans-une-maison-de-retraite-conseils-et-idees\/\"\n    }\n  },\n  {\n    \"@context\": \"https:\/\/schema.org\",\n    \"@type\": \"WebPage\",\n    \"name\": \"Cr\u00e9er un coin de r\u00e9miniscence dans une maison de retraite : conseils et id\u00e9es\",\n    \"url\": \"https:\/\/www.dynseo.com\/creer-un-coin-de-reminiscence-dans-une-maison-de-retraite-conseils-et-idees\/\",\n    \"description\": \"Guide Complet - \ud83d\udcc5 Publi\u00e9 en Avril 2026 \u23f1\ufe0f 15 min de lecture \ud83d\udc65 Professionnels EHPAD \u2b50 4.8\/5 (127 avis)\",\n    \"isPartOf\": {\n      \"@type\": \"WebSite\",\n      \"name\": \"DYNSEO\",\n      \"url\": \"https:\/\/www.dynseo.com\"\n    },\n    \"breadcrumb\": {\n      \"@type\": \"BreadcrumbList\",\n      \"itemListElement\": [\n        {\n          \"@type\": \"ListItem\",\n          \"position\": 1,\n          \"name\": \"Accueil\",\n          \"item\": \"https:\/\/www.dynseo.com\"\n        },\n        {\n          \"@type\": \"ListItem\",\n          \"position\": 2,\n          \"name\": \"Blog\",\n          \"item\": \"https:\/\/www.dynseo.com\/blog\/\"\n        },\n        {\n          \"@type\": \"ListItem\",\n          \"position\": 3,\n          \"name\": \"Cr\u00e9er un coin de r\u00e9miniscence dans une maison de retraite : conseils et id\u00e9es\",\n          \"item\": \"https:\/\/www.dynseo.com\/creer-un-coin-de-reminiscence-dans-une-maison-de-retraite-conseils-et-idees\/\"\n        }\n      ]\n    }\n  },\n  {\n    \"@context\": \"https:\/\/schema.org\",\n    \"@type\": \"FAQPage\",\n    \"mainEntity\": [\n      {\n        \"@type\": \"Question\",\n        \"name\": \"Quel budget pr\u00e9voir pour cr\u00e9er un coin de r\u00e9miniscence complet ?\",\n        \"acceptedAnswer\": {\n          \"@type\": \"Answer\",\n          \"text\": \"Le budget pour cr\u00e9er un coin de r\u00e9miniscence varie selon l'ampleur du projet. Pour un espace basique, comptez entre 500\u20ac et 1500\u20ac incluant mobilier vintage, objets d'\u00e9poque et d\u00e9coration. Pour un am\u00e9nagement plus complet avec \u00e9quipements technologiques et objets de collection authentiques, le budget peut atteindre 3000\u20ac \u00e0 5000\u20ac.\"\n        }\n      },\n      {\n        \"@type\": \"Question\",\n        \"name\": \"Comment adapter l'espace pour les r\u00e9sidents de diff\u00e9rentes g\u00e9n\u00e9rations ?\",\n        \"acceptedAnswer\": {\n          \"@type\": \"Answer\",\n          \"text\": \"Pour adapter l'espace aux diff\u00e9rentes g\u00e9n\u00e9rations, cr\u00e9ez plusieurs zones th\u00e9matiques : ann\u00e9es 1930-1940, 1950-1960, et 1970-1980. Variez les objets, musiques et d\u00e9corations selon les \u00e9poques. Proposez des activit\u00e9s modulables et encouragez les \u00e9changes interg\u00e9n\u00e9rationnels en organisant des s\u00e9ances de partage d'exp\u00e9riences.\"\n        }\n      },\n      {\n        \"@type\": \"Question\",\n        \"name\": \"Quelles pr\u00e9cautions prendre pour la s\u00e9curit\u00e9 des objets et des r\u00e9sidents ?\",\n        \"acceptedAnswer\": {\n          \"@type\": \"Answer\",\n          \"text\": \"S\u00e9curisez les objets fragiles dans des vitrines ou sur des \u00e9tag\u00e8res hautes. \u00c9vitez les objets avec des parties d\u00e9tachables dangereuses. Assurez-vous que l'\u00e9clairage soit suffisant et que les passages soient d\u00e9gag\u00e9s. Supervisez les s\u00e9ances et formez le personnel aux sp\u00e9cificit\u00e9s de la r\u00e9miniscence pour accompagner les r\u00e9sidents en cas d'\u00e9motions intenses.\"\n        }\n      }\n    ]\n  }\n]\n<\/script>\n<link rel=\"preconnect\" href=\"https:\/\/fonts.googleapis.com\">\n<section class=\"article-hero\">\n<div class=\"article-hero-inner\">\n<div class=\"container\">\n<div class=\"article-breadcrumb\">\n                    <a href=\"https:\/\/www.dynseo.com\/pt-pt\/\">In\u00edcio<\/a> > <a href=\"https:\/\/www.dynseo.com\/blog\">Blog<\/a> > Coin de r\u00e9miniscence em Lar de idosos\n                <\/div>\n<div class=\"article-category\">Guia Lar de idosos<\/div>\n<h1>Criar um <span class=\"hl\">Coin de R\u00e9miniscence<\/span> em uma Casa de Repouso: Guia Completo<\/h1>\n<div class=\"article-meta\">\n                    <span>\ud83d\udcc5 Publicado em Abril de 2026<\/span><br \/>\n                    <span>\u23f1\ufe0f 15 min de leitura<\/span><br \/>\n                    <span>\ud83d\udc65 Profissionais Lar de idosos<\/span><br \/>\n                    <span>\u2b50 4.8\/5 (127 avalia\u00e7\u00f5es)<\/span>\n                <\/div>\n<\/p><\/div>\n<\/p><\/div>\n<div class=\"article-hero-curve\"><\/div>\n<\/section>\n<div class=\"article-body\">\n<div class=\"container\">\n<div class=\"intro-block\">\n                A reminisc\u00eancia terap\u00eautica representa uma abordagem fundamental no acompanhamento das pessoas idosas, particularmente aquelas afetadas por dist\u00farbios cognitivos. Criar um espa\u00e7o dedicado a essa pr\u00e1tica dentro de um Lar de idosos constitui um investimento precioso para o bem-estar dos residentes. Este ambiente especialmente projetado favorece a estimula\u00e7\u00e3o da mem\u00f3ria, encoraja as intera\u00e7\u00f5es sociais e contribui significativamente para manter a identidade pessoal dos idosos. Um canto de reminisc\u00eancia bem planejado se torna uma verdadeira ponte entre o passado e o presente, oferecendo aos residentes um espa\u00e7o seguro onde podem reencontrar suas mem\u00f3rias e compartilhar sua hist\u00f3ria de vida. Esta abordagem terap\u00eautica n\u00e3o medicamentosa se mostra particularmente eficaz para reduzir a ansiedade, melhorar a autoestima e favorecer a comunica\u00e7\u00e3o entre as pessoas idosas. O planejamento cuidadoso deste espa\u00e7o requer uma compreens\u00e3o profunda das necessidades espec\u00edficas dessa popula\u00e7\u00e3o e uma sele\u00e7\u00e3o minuciosa de objetos e elementos que desencadeiam mem\u00f3rias.\n            <\/div>\n<div class=\"stats-grid\">\n<div class=\"stat-card\">\n                    <span class=\"number\">85%<\/span><br \/>\n                    <span class=\"label\">dos Lar de idosos utilizam a reminisc\u00eancia<\/span>\n                <\/div>\n<div class=\"stat-card\">\n                    <span class=\"number\">73%<\/span><br \/>\n                    <span class=\"label\">de melhoria do humor observada<\/span>\n                <\/div>\n<div class=\"stat-card\">\n                    <span class=\"number\">12-15<\/span><br \/>\n                    <span class=\"label\">objetos recomendados m\u00ednimo<\/span>\n                <\/div>\n<div class=\"stat-card\">\n                    <span class=\"number\">20m\u00b2<\/span><br \/>\n                    <span class=\"label\">superf\u00edcie ideal para o espa\u00e7o<\/span>\n                <\/div>\n<\/p><\/div>\n<h2>1. Compreender os Fundamentos da Terapia de Reminisc\u00eancia<\/h2>\n<pee>A terapia de reminisc\u00eancia baseia-se em fundamentos cient\u00edficos s\u00f3lidos, explorando a capacidade natural do c\u00e9rebro humano de conservar as mem\u00f3rias antigas mesmo quando a mem\u00f3ria recente est\u00e1 alterada. Esta abordagem terap\u00eautica reconhece que as experi\u00eancias passadas constituem a base da identidade pessoal e que sua evoca\u00e7\u00e3o pode ter efeitos ben\u00e9ficos consider\u00e1veis sobre o bem-estar psicol\u00f3gico e emocional das pessoas idosas.<\/pee>\n<pee>As pesquisas em neuroci\u00eancias demonstram que as mem\u00f3rias autobiogr\u00e1ficas, particularmente aquelas ligadas \u00e0s emo\u00e7\u00f5es positivas, s\u00e3o frequentemente preservadas mesmo nos est\u00e1gios avan\u00e7ados da dem\u00eancia. Esta particularidade neurol\u00f3gica explica por que uma pessoa afetada pela doen\u00e7a de Alzheimer pode n\u00e3o se lembrar do que comeu no caf\u00e9 da manh\u00e3, mas pode narrar com precis\u00e3o eventos de sua inf\u00e2ncia ou juventude. A explora\u00e7\u00e3o desta janela mnem\u00f4nica constitui a ess\u00eancia da terapia de reminisc\u00eancia.<\/pee>\n<pee>A efic\u00e1cia desta abordagem tamb\u00e9m se baseia no conceito de mem\u00f3ria procedural, que abrange os automatismos e as habilidades adquiridas ao longo da vida. Os objetos familiares, os cheiros, as texturas e os sons podem desencadear respostas autom\u00e1ticas e reavivar mem\u00f3rias enterradas, criando momentos de clareza e conex\u00e3o com o passado que se mostram extremamente valorizantes para a pessoa idosa.<\/pee>\n<div class=\"key-points\">\n<h3>Benef\u00edcios Cientificamente Comprovados<\/h3>\n<ul>\n<li>Redu\u00e7\u00e3o significativa da agita\u00e7\u00e3o e da ansiedade<\/li>\n<li>Melhora da autoestima e do sentimento de identidade<\/li>\n<li>Estimula\u00e7\u00e3o das fun\u00e7\u00f5es cognitivas preservadas<\/li>\n<li>Fortalecimento dos la\u00e7os sociais e familiares<\/li>\n<li>Diminui\u00e7\u00e3o dos comportamentos de err\u00e2ncia e agressividade<\/li>\n<\/ul><\/div>\n<div class=\"expert-box\">\n<div class=\"expert-box-label\">Especializa\u00e7\u00e3o DYNSEO<\/div>\n<div class=\"expert-box-title\">A Inova\u00e7\u00e3o Digital a Servi\u00e7o da Reminisc\u00eancia<\/div>\n<div class=\"expert-inner\">\n<div class=\"expert-inner-title\">COCO PENSA : Complementaridade Digital<\/div>\n<pee>O aplicativo <a href=\"https:\/\/www.dynseo.com\/pt-pt\/coco-pensa-e-coco-se-mexe\/\" style=\"color: var(--color-primary); font-weight: 600;\">COCO PENSA<\/a> prop\u00f5e exerc\u00edcios de estimula\u00e7\u00e3o cognitiva que podem perfeitamente complementar um canto de reminisc\u00eancia f\u00edsica. Os jogos de mem\u00f3ria, os quizzes sobre \u00e9pocas passadas e os exerc\u00edcios de associa\u00e7\u00e3o de imagens permitem prolongar o efeito ben\u00e9fico da terapia de reminisc\u00eancia em um formato interativo e personaliz\u00e1vel.<\/pee>\n                <\/div>\n<\/p><\/div>\n<h2>2. Escolher o Local Ideal para o Espa\u00e7o de Reminisc\u00eancia<\/h2>\n<pee>A sele\u00e7\u00e3o do local constitui uma etapa crucial na cria\u00e7\u00e3o de um canto de reminisc\u00eancia eficaz. O espa\u00e7o escolhido deve atender a v\u00e1rios crit\u00e9rios fundamentais para garantir sua utiliza\u00e7\u00e3o \u00f3tima e maximizar seus benef\u00edcios terap\u00eauticos. A localiza\u00e7\u00e3o influencia diretamente a acessibilidade, o conforto e a atmosfera geral do espa\u00e7o, fatores determinantes para seu sucesso.<\/pee>\n<pee>A exposi\u00e7\u00e3o natural \u00e0 luz representa um elemento essencial, pois contribui para criar uma atmosfera acolhedora e amig\u00e1vel, respeitando os ritmos circadianos dos residentes. Um local que beneficie de luminosidade natural suficiente, idealmente voltado para o sul ou sudeste, favorece uma atmosfera positiva e energizante. No entanto, \u00e9 importante prever sistemas de filtragem ou modula\u00e7\u00e3o da luz para evitar ofuscamento e adaptar a ilumina\u00e7\u00e3o aos diferentes momentos do dia.<\/pee>\n<pee>A acessibilidade para pessoas com mobilidade reduzida \u00e9 um imperativo inegoci\u00e1vel. O espa\u00e7o deve ser facilmente acess\u00edvel em cadeira de rodas, com passagens suficientemente largas e sem obst\u00e1culos arquitet\u00f4nicos. A proximidade de elevadores, banheiros adaptados e espa\u00e7os de circula\u00e7\u00e3o principais facilita o uso regular do espa\u00e7o por todos os residentes, independentemente de seu n\u00edvel de autonomia.<\/pee>\n<div class=\"conseil-card\">\n<h4>Dica de Arranjo<\/h4>\n<pee>Priorize um local que ofere\u00e7a uma vista para o exterior, um jardim ou um p\u00e1tio. Essa abertura visual para o ambiente natural refor\u00e7a a sensa\u00e7\u00e3o de bem-estar e pode servir como um gatilho para mem\u00f3rias relacionadas \u00e0 natureza, \u00e0s esta\u00e7\u00f5es ou \u00e0s atividades ao ar livre.<\/pee>\n            <\/div>\n<div class=\"tip-box\">\n<div class=\"tip-box-label\">Crit\u00e9rios de Localiza\u00e7\u00e3o<\/div>\n<pee>A ac\u00fastica do espa\u00e7o merece uma aten\u00e7\u00e3o especial. Um ambiente muito barulhento pode perturbar as sess\u00f5es de reminisc\u00eancia e atrapalhar as trocas entre os participantes. Procure um local suficientemente isolado das \u00e1reas de passagem intensa, mantendo-se acess\u00edvel e integrado \u00e0 vida do estabelecimento.<\/pee>\n            <\/div>\n<h2>3. Definir o Tamanho e a Configura\u00e7\u00e3o do Espa\u00e7o<\/h2>\n<pee>A dimens\u00e3o do espa\u00e7o de reminisc\u00eancia deve ser cuidadosamente calculada para acomodar confortavelmente um grupo de participantes, mantendo uma atmosfera \u00edntima e segura. Um espa\u00e7o muito vasto pode criar uma sensa\u00e7\u00e3o de isolamento e diluir o efeito desejado, enquanto um espa\u00e7o muito restrito pode gerar uma sensa\u00e7\u00e3o de opress\u00e3o e limitar as possibilidades de arranjo.<\/pee>\n<pee>A configura\u00e7\u00e3o ideal geralmente prev\u00ea a recep\u00e7\u00e3o de 6 a 8 participantes simultaneamente, o que corresponde a uma \u00e1rea recomendada de 20 a 25 metros quadrados. Essa dimens\u00e3o permite organizar os assentos em c\u00edrculo ou em meia-lua, favorecendo as trocas visuais e verbais entre todos os participantes. O espa\u00e7o tamb\u00e9m deve integrar \u00e1reas de circula\u00e7\u00e3o que permitam a interven\u00e7\u00e3o dos acompanhantes e o acesso aos diferentes elementos do arranjo.<\/pee>\n<pee>A altura do teto influencia a ac\u00fastica e a sensa\u00e7\u00e3o de espa\u00e7o. Uma altura entre 2,50 e 3 metros oferece um bom compromisso entre conforto ac\u00fastico e sensa\u00e7\u00e3o de abertura. Tetos muito baixos podem criar uma atmosfera opressiva, particularmente problem\u00e1tica para pessoas que sofrem de ansiedade ou claustrofobia.<\/pee>\n<div class=\"key-points\">\n<h3>Dimens\u00f5es e Zonas Funcionais<\/h3>\n<ul>\n<li>Zona de reuni\u00e3o central: 12-15 m\u00b2<\/li>\n<li>Espa\u00e7os de apresenta\u00e7\u00e3o de objetos: 4-6 m\u00b2<\/li>\n<li>Zona de circula\u00e7\u00e3o e acompanhamento: 4-5 m\u00b2<\/li>\n<li>Espa\u00e7o de armazenamento e organiza\u00e7\u00e3o: 2-3 m\u00b2<\/li>\n<li>Desvios de emerg\u00eancia e acessibilidade: conforme normas<\/li>\n<\/ul><\/div>\n<h2>4. Selecionar e Organizar os Objetos Gatilho<\/h2>\n<pee>A sele\u00e7\u00e3o dos objetos constitui o cora\u00e7\u00e3o da disposi\u00e7\u00e3o de um canto de reminisc\u00eancia. Esses elementos tang\u00edveis servem como catalisadores para a evoca\u00e7\u00e3o de mem\u00f3rias e devem ser escolhidos com uma aten\u00e7\u00e3o especial \u00e0s refer\u00eancias culturais, geracionais e geogr\u00e1ficas da popula\u00e7\u00e3o acolhida. A diversidade dos objetos permite tocar diferentes tipos de mem\u00f3rias sensoriais e autobiogr\u00e1ficas.<\/pee>\n<pee>Os objetos do cotidiano da \u00e9poca revelam uma import\u00e2ncia particular, pois evocam gestos familiares e h\u00e1bitos de vida. Os utens\u00edlios de cozinha antigos, as ferramentas de bricolagem tradicionais, os objetos de toalete vintage ou os acess\u00f3rios de vestu\u00e1rio da \u00e9poca transportam imediatamente os participantes para seu universo familiar de outrora. Esses objetos devem ser aut\u00eanticos na medida do poss\u00edvel, pois os detalhes de fabrica\u00e7\u00e3o, os materiais e os acabamentos fazem parte integrante do processo de reconhecimento e evoca\u00e7\u00e3o.<\/pee>\n<pee>A organiza\u00e7\u00e3o espacial dos objetos deve favorecer a manipula\u00e7\u00e3o e a explora\u00e7\u00e3o t\u00e1til. As vitrines fechadas limitam a intera\u00e7\u00e3o e reduzem a efic\u00e1cia terap\u00eautica. Priorize expositores abertos, prateleiras acess\u00edveis e espa\u00e7os que permitam a manipula\u00e7\u00e3o segura dos objetos. A rota\u00e7\u00e3o regular dos elementos expostos mant\u00e9m o interesse e permite adaptar o espa\u00e7o \u00e0s esta\u00e7\u00f5es, eventos ou tem\u00e1ticas espec\u00edficas.<\/pee>\n<div class=\"expert-box\">\n<div class=\"expert-box-label\">Cole\u00e7\u00f5es Recomendadas<\/div>\n<div class=\"expert-box-title\">Objetos Imperd\u00edveis por Categorias<\/div>\n<div class=\"expert-inner\">\n<div class=\"expert-inner-title\">Cozinha e Alimenta\u00e7\u00e3o<\/div>\n<pee>Moedor de caf\u00e9 manual, balan\u00e7a Roberval, panelas de ferro fundido esmaltadas, potes de geleia antigos, batedores manuais, t\u00e1buas de corte patinadas, caixas de especiarias vintage, saca-rolhas da \u00e9poca, centr\u00edfuga de salada manual.<\/pee>\n<div class=\"expert-inner-title\">Moda e Beleza<\/div>\n<pee>P\u00f3 de rosto, batons em suas embalagens, perfumes em frascos antigos, bijuterias, acess\u00f3rios para cabelo, luvas de tecido, len\u00e7os bordados, leques, pentes e escovas decorativas.<\/pee>\n<div class=\"expert-inner-title\">Lazer e Cultura<\/div>\n<pee>Jogos de cartas usados, domin\u00f3s em baquelite, livros com capas familiares, revistas de \u00e9poca, cart\u00f5es postais, selos, instrumentos musicais simples, material de costura.<\/pee>\n                <\/div>\n<\/p><\/div>\n<h2>5. Integrar os Elementos Sensoriais e Atmosf\u00e9ricos<\/h2>\n<pee>A dimens\u00e3o sensorial de um canto de reminisc\u00eancia vai muito al\u00e9m dos objetos visuais e t\u00e1teis. A olfa\u00e7\u00e3o, muitas vezes negligenciada, representa, no entanto, um dos sentidos mais poderosos para desencadear mem\u00f3rias autobiogr\u00e1ficas. Os cheiros t\u00eam a capacidade \u00fanica de provocar reminisc\u00eancias espont\u00e2neas e carregadas emocionalmente, transportando instantaneamente a pessoa para contextos espec\u00edficos de seu passado.<\/pee>\n<pee>A integra\u00e7\u00e3o de elementos olfativos deve ser sutil e natural. Os saquinhos de lavanda, as lascas de madeira de cedro, as especiarias em pequenos recipientes, ou ainda os sabonetes de \u00e9poca podem ser dispostos estrategicamente no espa\u00e7o. Deve-se evitar perfumes artificiais ou muito intensos que possam incomodar alguns residentes ou mascarar os cheiros naturais dos objetos aut\u00eanticos.<\/pee>\n<pee>A atmosfera sonora contribui significativamente para a imers\u00e3o temporal. Um sistema de \u00e1udio discreto pode difundir m\u00fasicas de \u00e9poca, can\u00e7\u00f5es populares de d\u00e9cadas passadas ou sons de ambiente evocativos como o tic-tac de um rel\u00f3gio antigo, o crepitar de uma lareira ou os sons da natureza. O volume deve ser moderado para permitir conversas e trocas verbais que constituem a ess\u00eancia das sess\u00f5es de reminisc\u00eancia.<\/pee>\n<div class=\"tip-box\">\n<div class=\"tip-box-label\">Estrat\u00e9gias Sensoriais<\/div>\n<pee>Crie &#8220;esta\u00e7\u00f5es sensoriais&#8221; tem\u00e1ticas: um canto de cozinha com especiarias para cheirar, um espa\u00e7o de jardim com plantas arom\u00e1ticas, uma zona de leitura com o perfume do papel antigo. Essa organiza\u00e7\u00e3o permite uma explora\u00e7\u00e3o progressiva e variada do ambiente sensorial.<\/pee>\n            <\/div>\n<div class=\"conseil-card\">\n<h4>Texturas e Materiais<\/h4>\n<pee>Varie as texturas dispon\u00edveis: tecidos macios e \u00e1speros, metais lisos e patinados, madeira bruta e envernizada, cer\u00e2micas esmaltadas. Essa diversidade t\u00e1til estimula os receptores sensoriais e pode desencadear mem\u00f3rias relacionadas \u00e0s sensa\u00e7\u00f5es f\u00edsicas do passado.<\/pee>\n            <\/div>\n<h2>6. Organizar a Ilumina\u00e7\u00e3o e a Ambi\u00eancia Visual<\/h2>\n<pee>A ilumina\u00e7\u00e3o de um canto de reminisc\u00eancia requer uma abordagem sofisticada, combinando considera\u00e7\u00f5es pr\u00e1ticas e atmosf\u00e9ricas. A qualidade da luz influencia diretamente o humor, a percep\u00e7\u00e3o dos objetos e a capacidade de concentra\u00e7\u00e3o dos participantes. Uma ilumina\u00e7\u00e3o inadequada pode criar zonas de sombra geradoras de preocupa\u00e7\u00e3o ou reflexos perturbadores para as pessoas idosas.<\/pee>\n<pee>A combina\u00e7\u00e3o de v\u00e1rias fontes de luz permite criar um ambiente modul\u00e1vel e adaptativo. A ilumina\u00e7\u00e3o geral garante visibilidade suficiente para a seguran\u00e7a e os deslocamentos, enquanto a ilumina\u00e7\u00e3o de destaque valoriza os objetos e cria pontos focais atraentes. As ilumina\u00e7\u00f5es de ambiente, mais suaves e quentes, contribuem para instaurar uma atmosfera relaxada e acolhedora.<\/pee>\n<pee>As temperaturas de cor devem ser escolhidas com cuidado. Uma luz muito fria pode criar uma ambi\u00eancia cl\u00ednica pouco prop\u00edcia \u00e0s trocas emocionais, enquanto uma luz muito quente pode alterar a percep\u00e7\u00e3o das cores dos objetos. Uma temperatura de cor compreendida entre 2700K e 3000K oferece um bom compromisso entre conforto visual e fidelidade colorim\u00e9trica.<\/pee>\n<div class=\"key-points\">\n<h3>Solu\u00e7\u00f5es de Ilumina\u00e7\u00e3o Recomendadas<\/h3>\n<ul>\n<li>Ilumina\u00e7\u00e3o geral: plafonniers LED dimmables<\/li>\n<li>Ilumina\u00e7\u00e3o de destaque: spots orient\u00e1veis sobre trilhos<\/li>\n<li>Ilumina\u00e7\u00e3o ambiente: l\u00e2mpadas de mesa e arandelas<\/li>\n<li>Ilumina\u00e7\u00e3o natural: persianas ou cortinas modul\u00e1veis<\/li>\n<li>Ilumina\u00e7\u00e3o de seguran\u00e7a: demarca\u00e7\u00e3o das \u00e1reas de circula\u00e7\u00e3o<\/li>\n<\/ul><\/div>\n<h2>7. Organizar o Espa\u00e7o de Circula\u00e7\u00e3o e a Acessibilidade<\/h2>\n<pee>A organiza\u00e7\u00e3o do espa\u00e7o de circula\u00e7\u00e3o constitui um aspecto crucial muitas vezes subestimado no planejamento de um canto de reminisc\u00eancia. A fluidez dos deslocamentos condiciona n\u00e3o apenas a seguran\u00e7a dos usu\u00e1rios, mas tamb\u00e9m seu sentimento de conforto e autonomia. Uma circula\u00e7\u00e3o mal pensada pode gerar ansiedade, particularmente em pessoas que sofrem de dist\u00farbios cognitivos que precisam de refer\u00eancias claras e de caminhos intuitivos.<\/pee>\n<pee>Os corredores devem respeitar as normas de acessibilidade em vigor, com uma largura m\u00ednima de 1,40 metro para permitir a passagem de duas cadeiras de rodas. Os \u00e2ngulos dos m\u00f3veis devem ser arredondados ou protegidos para evitar les\u00f5es em caso de queda ou contato acidental. O revestimento do ch\u00e3o deve ser antiderrapante, uniforme e sem desn\u00edveis, mantendo-se confort\u00e1vel para a caminhada e silencioso para preservar a ambienta\u00e7\u00e3o ac\u00fastica.<\/pee>\n<pee>A sinaliza\u00e7\u00e3o visual e t\u00e1til ajuda na orienta\u00e7\u00e3o e tranquiliza os usu\u00e1rios. Marca\u00e7\u00e3o discreta no ch\u00e3o, mudan\u00e7as de textura ou cor podem delimitar as diferentes \u00e1reas sem criar barreiras visuais. A ilumina\u00e7\u00e3o de circula\u00e7\u00e3o, especialmente pr\u00f3xima ao ch\u00e3o, garante seguran\u00e7a nos deslocamentos \u00e0 noite ou em condi\u00e7\u00f5es de baixa luminosidade natural.<\/pee>\n<div class=\"expert-box\">\n<div class=\"expert-box-label\">Inova\u00e7\u00e3o DYNSEO<\/div>\n<div class=\"expert-box-title\">Mobilidade e Estimula\u00e7\u00e3o Cognitiva<\/div>\n<div class=\"expert-inner\">\n<div class=\"expert-inner-title\">COCO SE MEXE : Atividade F\u00edsica Adaptada<\/div>\n<pee>Integre em seu espa\u00e7o momentos de atividade f\u00edsica suave com <a href=\"https:\/\/www.dynseo.com\/pt-pt\/coco-pensa-e-coco-se-mexe\/\" style=\"color: var(--color-primary); font-weight: 600;\">COCO SE MEXE<\/a>. Esses exerc\u00edcios podem servir de transi\u00e7\u00e3o entre as sess\u00f5es de reminisc\u00eancia sentados e em p\u00e9, mantendo o engajamento corporal e cognitivo dos participantes.<\/pee>\n                <\/div>\n<\/p><\/div>\n<h2>8. Selecionar o Mobili\u00e1rio Adequado e Confort\u00e1vel<\/h2>\n<pee>A escolha do mobili\u00e1rio condiciona grandemente o sucesso das sess\u00f5es de reminisc\u00eancia. Os assentos devem aliar conforto, seguran\u00e7a e funcionalidade, levando em conta as especificidades fisiol\u00f3gicas das pessoas idosas. As poltronas e cadeiras selecionadas devem oferecer um suporte lombar adequado, apoios de bra\u00e7o que facilitem as transfer\u00eancias e uma altura de assento adaptada \u00e0s dificuldades articulares.<\/pee>\n<pee>A modularidade do mobili\u00e1rio permite adaptar a configura\u00e7\u00e3o do espa\u00e7o de acordo com as atividades programadas e o n\u00famero de participantes. Assentos leves, mas est\u00e1veis, f\u00e1ceis de mover pelo pessoal, oferecem essa flexibilidade necess\u00e1ria. Os materiais escolhidos devem ser facilmente limpos e resistentes ao desgaste, mantendo uma apar\u00eancia acolhedora e dom\u00e9stica em vez de institucional.<\/pee>\n<pee>As superf\u00edcies de apresenta\u00e7\u00e3o e manipula\u00e7\u00e3o dos objetos requerem uma aten\u00e7\u00e3o especial. Mesas, consoles e expositores devem estar em alturas variadas para se adaptar \u00e0s diferentes posi\u00e7\u00f5es dos usu\u00e1rios, estejam eles em cadeira de rodas, sentados ou em p\u00e9. Os \u00e2ngulos arredondados e as superf\u00edcies anti-reflexo melhoram a seguran\u00e7a e o conforto de uso.<\/pee>\n<div class=\"tip-box\">\n<div class=\"tip-box-label\">Crit\u00e9rios de Sele\u00e7\u00e3o<\/div>\n<pee>Priorize materiais naturais como madeira maci\u00e7a para mesas e prateleiras, e tecidos em fibras naturais para os assentos. Esses materiais envelhecem bem, s\u00e3o agrad\u00e1veis ao toque e se inscrevem na autenticidade buscada para o espa\u00e7o de reminisc\u00eancia.<\/pee>\n            <\/div>\n<h2>9. Criar Zonas Tem\u00e1ticas Especializadas<\/h2>\n<pee>A organiza\u00e7\u00e3o do espa\u00e7o em zonas tem\u00e1ticas permite uma abordagem estruturada e progressiva da reminisc\u00eancia. Cada zona pode ser dedicada a um per\u00edodo hist\u00f3rico, uma atividade profissional, um lazer ou um aspecto da vida dom\u00e9stica. Essa organiza\u00e7\u00e3o facilita a anima\u00e7\u00e3o das sess\u00f5es e permite que os participantes se concentrem em temas espec\u00edficos de acordo com seus interesses e experi\u00eancias pessoais.<\/pee>\n<pee>A zona &#8220;cozinha de antigamente&#8221; pode agrupar utens\u00edlios culin\u00e1rios, recipientes alimentares e objetos relacionados \u00e0 prepara\u00e7\u00e3o de refei\u00e7\u00f5es. Essa tem\u00e1tica, universalmente compartilhada, frequentemente evoca mem\u00f3rias familiares carregadas de emo\u00e7\u00e3o. Os cheiros de especiarias, a textura dos utens\u00edlios de madeira ou ferro fundido, e os gestos associados \u00e0 culin\u00e1ria tradicional constituem gatilhos particularmente eficazes.<\/pee>\n<pee>A zona &#8220;profiss\u00f5es e saberes&#8221; apresenta as ferramentas e objetos relacionados \u00e0s atividades profissionais da \u00e9poca. Essa abordagem valoriza a expertise passada dos residentes e permite que compartilhem suas habilidades e experi\u00eancias de trabalho. Ferramentas de marcenaria, acess\u00f3rios de costura, instrumentos de escrita ou objetos relacionados \u00e0 agricultura evocam partes inteiras da vida ativa dos participantes.<\/pee>\n<div class=\"conseil-card\">\n<h4>Zona Inf\u00e2ncia e Escola<\/h4>\n<pee>Crie um espa\u00e7o dedicado \u00e0s mem\u00f3rias de inf\u00e2ncia com brinquedos antigos, material escolar da \u00e9poca, livros infantis e jogos tradicionais. Esta zona evoca frequentemente mem\u00f3rias particularmente v\u00edvidas e emocionalmente ricas, favorecendo os relatos autobiogr\u00e1ficos espont\u00e2neos.<\/pee>\n            <\/div>\n<h2>10. Integrar as Tecnologias Digitais Apropriadas<\/h2>\n<pee>A integra\u00e7\u00e3o ponderada de tecnologias digitais pode enriquecer consideravelmente a experi\u00eancia de reminisc\u00eancia sem desvirtuar sua ess\u00eancia. As ferramentas digitais, quando escolhidas e utilizadas com discernimento, tornam-se suportes complementares aos objetos f\u00edsicos, oferecendo possibilidades de explora\u00e7\u00e3o e intera\u00e7\u00e3o ampliadas.<\/pee>\n<pee>Os tablets podem apresentar fotografias da \u00e9poca, v\u00eddeos hist\u00f3ricos ou depoimentos sonoros contextualizando os objetos expostos. A interface deve ser simplificada e intuitiva, adaptada \u00e0s capacidades cognitivas e motoras dos usu\u00e1rios. A tecnologia deve permanecer transparente e nunca constituir um obst\u00e1culo ao uso do espa\u00e7o.<\/pee>\n<pee>Os sistemas de proje\u00e7\u00e3o discretos podem transformar temporariamente a atmosfera do espa\u00e7o, exibindo paisagens da \u00e9poca, cenas de rua hist\u00f3ricas ou ambientes sazonais. Esta imers\u00e3o visual, utilizada com parcim\u00f4nia, pode refor\u00e7ar o efeito dos objetos f\u00edsicos e criar contextos narrativos estimulantes para a mem\u00f3ria autobiogr\u00e1fica.<\/pee>\n<div class=\"expert-box\">\n<div class=\"expert-box-label\">Solu\u00e7\u00e3o DYNSEO<\/div>\n<div class=\"expert-box-title\">COCO PENSA e a Reminisc\u00eancia Digital<\/div>\n<div class=\"expert-inner\">\n<div class=\"expert-inner-title\">Complementaridade F\u00edsica-Digital<\/div>\n<pee><a href=\"https:\/\/www.dynseo.com\/pt-pt\/coco-pensa-e-coco-se-mexe\/\" style=\"color: var(--color-primary); font-weight: 600;\">COCO PENSA<\/a> prop\u00f5e m\u00f3dulos especialmente concebidos para a reminisc\u00eancia: quizzes sobre as \u00e9pocas, reconhecimento de objetos antigos, associa\u00e7\u00f5es de imagens hist\u00f3ricas. Esses exerc\u00edcios podem prolongar e aprofundar o trabalho realizado no espa\u00e7o f\u00edsico.<\/pee>\n                <\/div>\n<\/p><\/div>\n<h2>11. Planejar as Atividades e Anima\u00e7\u00f5es<\/h2>\n<pee>A programa\u00e7\u00e3o das atividades em um canto de reminisc\u00eancia requer uma abordagem met\u00f3dica e personalizada. As sess\u00f5es devem ser adaptadas aos ritmos biol\u00f3gicos dos participantes, \u00e0s suas capacidades cognitivas e \u00e0s suas prefer\u00eancias individuais. Um planejamento flex\u00edvel permite propor atividades variadas enquanto mant\u00e9m uma certa regularidade tranquilizadora para as pessoas com dist\u00farbios cognitivos.<\/pee>\n<pee>As sess\u00f5es tem\u00e1ticas constituem uma abordagem estruturante eficaz. Elas podem ser organizadas em torno das esta\u00e7\u00f5es, das festas tradicionais, dos eventos hist\u00f3ricos ou das etapas da vida. Esta abordagem temporal ajuda a manter os marcos cronol\u00f3gicos e favorece a evoca\u00e7\u00e3o de mem\u00f3rias espec\u00edficas relacionadas aos contextos mencionados.<\/pee>\n<pee>A altern\u00e2ncia entre atividades individuais e coletivas permite atender \u00e0s diferentes necessidades e personalidades dos residentes. Algumas pessoas se desenvolvem nas trocas em grupo, enquanto outras preferem uma abordagem mais intimista. A flexibilidade do arranjo deve permitir essas duas abordagens sem necessitar de uma reorganiza\u00e7\u00e3o maior do espa\u00e7o.<\/pee>\n<div class=\"key-points\">\n<h3>Tipos de Atividades Recomendadas<\/h3>\n<ul>\n<li>Sess\u00f5es de manipula\u00e7\u00e3o livre de objetos<\/li>\n<li>Oficinas de culin\u00e1ria com utens\u00edlios de \u00e9poca<\/li>\n<li>Relatos de vida guiados por tem\u00e1ticas<\/li>\n<li>Escuta musical participativa<\/li>\n<li>Reconstitui\u00e7\u00e3o de gestos profissionais<\/li>\n<li>Evoca\u00e7\u00e3o de receitas tradicionais<\/li>\n<li>Compartilhamento de fotografias pessoais<\/li>\n<\/ul><\/div>\n<h2>12. Formar e Acompanhar o Pessoal<\/h2>\n<pee>O sucesso de um canto de reminisc\u00eancia depende amplamente da qualidade do acompanhamento proposto pelo pessoal do estabelecimento. A forma\u00e7\u00e3o das equipes constitui, portanto, um investimento indispens\u00e1vel para maximizar os benef\u00edcios terap\u00eauticos do espa\u00e7o planejado. Esta forma\u00e7\u00e3o deve cobrir os aspectos te\u00f3ricos da reminisc\u00eancia, as t\u00e9cnicas de anima\u00e7\u00e3o e as especificidades do acompanhamento das pessoas idosas.<\/pee>\n<pee>As t\u00e9cnicas de comunica\u00e7\u00e3o adaptadas representam um aspecto essencial desta forma\u00e7\u00e3o. O pessoal deve aprender a fazer perguntas abertas que favore\u00e7am a evoca\u00e7\u00e3o espont\u00e2nea, a ouvir ativamente os relatos dos residentes e a valorizar suas mem\u00f3rias sem julgamento. A arte de retomar uma conversa, de gerenciar emo\u00e7\u00f5es \u00e0s vezes intensas e de criar um clima de confian\u00e7a \u00e9 adquirida pela pr\u00e1tica guiada e pela reflex\u00e3o sobre as experi\u00eancias vividas.<\/pee>\n<pee>O conhecimento das refer\u00eancias culturais e hist\u00f3ricas das gera\u00e7\u00f5es acolhidas enriquece consideravelmente as intera\u00e7\u00f5es. O pessoal treinado pode contextualizar os objetos, trazer precis\u00f5es hist\u00f3ricas e criar v\u00ednculos entre as experi\u00eancias individuais e a hist\u00f3ria coletiva. Esta cultura geral torna-se uma ferramenta preciosa para estimular as trocas e valorizar os testemunhos dos residentes.<\/pee>\n<div class=\"tip-box\">\n<div class=\"tip-box-label\">Programa de Forma\u00e7\u00e3o<\/div>\n<pee>Organize sess\u00f5es de forma\u00e7\u00e3o pr\u00e1tica onde o pessoal manipula os objetos, experimenta as atividades e desenvolve sua pr\u00f3pria rela\u00e7\u00e3o com os elementos do espa\u00e7o. Esta abordagem experiencial melhora sua capacidade de guiar os residentes e de antecipar as rea\u00e7\u00f5es poss\u00edveis.<\/pee>\n            <\/div>\n<div class=\"conseil-card\">\n<h4>Supervis\u00e3o e Avalia\u00e7\u00e3o<\/h4>\n<pee>Implante um sistema de supervis\u00e3o regular e de avalia\u00e7\u00e3o das pr\u00e1ticas. Os retornos de experi\u00eancia, as an\u00e1lises de casos e os ajustes cont\u00ednuos da abordagem garantem um aumento gradual de compet\u00eancia e uma melhoria constante da qualidade das interven\u00e7\u00f5es.<\/pee>\n            <\/div>\n<div class=\"faq-list\">\n<h2>Perguntas Frequentes sobre os Cantos de Reminisc\u00eancia<\/h2>\n<div class=\"faq-item\">\n<div class=\"faq-q\">\n                        <span>Qual or\u00e7amento prever para criar um canto de reminisc\u00eancia completo?<\/span><br \/>\n                        <span class=\"faq-icon\">+<\/span>\n                    <\/div>\n<div class=\"faq-a\">\n                        <pee>O or\u00e7amento varia consideravelmente de acordo com a magnitude do projeto. Para um espa\u00e7o b\u00e1sico de 20m\u00b2, conte entre 3 000 e 5 000 euros, incluindo o mobili\u00e1rio, os objetos de \u00e9poca e o planejamento. Um projeto mais ambicioso com tecnologias integradas pode atingir de 10 000 a 15 000 euros. Os objetos aut\u00eanticos podem ser obtidos atrav\u00e9s de doa\u00e7\u00f5es de fam\u00edlias ou associa\u00e7\u00f5es locais, reduzindo significativamente os custos.<\/pee>\n                    <\/div>\n<\/p><\/div>\n<div class=\"faq-item\">\n<div class=\"faq-q\">\n                        <span>Como adaptar o espa\u00e7o para os residentes de diferentes gera\u00e7\u00f5es?<\/span><br \/>\n                        <span class=\"faq-icon\">+<\/span>\n                    <\/div>\n<div class=\"faq-a\">\n                        <pee>Crie subespa\u00e7os correspondentes \u00e0s diferentes \u00e9pocas representadas em sua institui\u00e7\u00e3o. Os anos 1940-1950 para os mais velhos, os anos 1960-1970 para a gera\u00e7\u00e3o seguinte. Use um sistema de rota\u00e7\u00e3o de objetos para adaptar o espa\u00e7o de acordo com os grupos de participantes. A modularidade do planejamento permite essa flexibilidade essencial.<\/pee>\n                    <\/div>\n<\/p><\/div>\n<div class=\"faq-item\">\n<div class=\"faq-q\">\n                        <span>Quais precau\u00e7\u00f5es tomar para a seguran\u00e7a dos objetos e dos residentes?<\/span><br \/>\n                        <span class=\"faq-icon\">+<\/span>\n                    <\/div>\n<div class=\"faq-a\">\n                        <pee>Evite objetos cortantes, quebr\u00e1veis ou t\u00f3xicos. Fixe firmemente os elementos pesados e verifique regularmente o estado dos objetos manipulados. Instale um sistema de monitoramento discreto e treine a equipe em primeiros socorros. Preveja duplicatas para os objetos mais fr\u00e1geis e estabele\u00e7a regras claras de uso.<\/pee>\n                    <\/div>\n<\/p><\/div>\n<div class=\"faq-item\">\n<div class=\"faq-q\">\n                        <span>Como medir a efic\u00e1cia terap\u00eautica do espa\u00e7o de reminisc\u00eancia?<\/span><br \/>\n                        <span class=\"faq-icon\">+<\/span>\n                    <\/div>\n<div class=\"faq-a\">\n                        <pee>Utilize grades de observa\u00e7\u00e3o padronizadas para avaliar o humor, a participa\u00e7\u00e3o e as intera\u00e7\u00f5es sociais dos residentes. Documente as melhorias comportamentais, a redu\u00e7\u00e3o dos dist\u00farbios psicocomportamentais e o aumento da comunica\u00e7\u00e3o. Os depoimentos das fam\u00edlias tamb\u00e9m constituem indicadores valiosos do impacto positivo dessas atividades.<\/pee>\n                    <\/div>\n<\/p><\/div>\n<div class=\"faq-item\">\n<div class=\"faq-q\">\n                        <span>Qual a frequ\u00eancia de uso recomendada para maximizar os benef\u00edcios?<\/span><br \/>\n                        <span class=\"faq-icon\">+<\/span>\n                    <\/div>\n<div class=\"faq-a\">\n                        <pee>As sess\u00f5es de 45 minutos a 1 hora, 2 a 3 vezes por semana, oferecem um bom equil\u00edbrio entre estimula\u00e7\u00e3o e fadiga. O espa\u00e7o tamb\u00e9m pode ser acess\u00edvel em livre acesso para momentos individuais ou visitas familiares. Adapte a frequ\u00eancia de acordo com as capacidades individuais e observe os sinais de fadiga ou hiperatividade que indicariam a necessidade de ajuste.<\/pee>\n                    <\/div>\n<\/p><\/div>\n<\/p><\/div>\n<div class=\"cta-box\">\n<h3>Enrique\u00e7a Sua Abordagem Terap\u00eautica<\/h3>\n<pee>Complete seu canto de reminisc\u00eancia com ferramentas digitais adequadas. COCO PENSA oferece exerc\u00edcios de estimula\u00e7\u00e3o cognitiva que prolongam os benef\u00edcios da terapia de reminisc\u00eancia.<\/pee>\n<div class=\"cta-buttons\">\n                    <a href=\"https:\/\/www.dynseo.com\/pt-pt\/coco-pensa-e-coco-se-mexe\/\" class=\"btn-white\">Descobrir COCO PENSA<\/a><br \/>\n                    <a href=\"#\" class=\"btn-outline\">Guia Completo PDF<\/a>\n                <\/div>\n<\/p><\/div>\n<div class=\"article-tags\">\n                <a href=\"#\" class=\"article-tag\">Reminisc\u00eancia<\/a><br \/>\n                <a href=\"#\" class=\"article-tag\">Lar de idosos<\/a><br \/>\n                <a href=\"#\" class=\"article-tag\">Estimula\u00e7\u00e3o Cognitiva<\/a><br \/>\n                <a href=\"#\" class=\"article-tag\">Planejamento<\/a><br \/>\n                <a href=\"#\" class=\"article-tag\">Terapia N\u00e3o Medicamentosa<\/a><br \/>\n                <a href=\"#\" class=\"article-tag\">Pessoas Idosas<\/a><br \/>\n                <a href=\"#\" class=\"article-tag\">Anima\u00e7\u00e3o<\/a><br \/>\n                <a href=\"#\" class=\"article-tag\">Mem\u00f3ria<\/a>\n            <\/div>\n<\/p><\/div>\n<\/p><\/div>\n<p>[\/et_pb_code][\/et_pb_column][\/et_pb_row][\/et_pb_section]<\/p>\n","protected":false},"excerpt":{"rendered":"","protected":false},"author":4,"featured_media":301729,"comment_status":"closed","ping_status":"closed","sticky":false,"template":"","format":"standard","meta":{"_et_pb_use_builder":"on","_et_pb_old_content":"[et_pb_section fb_built=\"1\" _builder_version=\"4.16\" custom_padding=\"0px|0px|0px|0px|false|false\" margin_top=\"0px\" margin_bottom=\"0px\" global_colors_info=\"{}\"][et_pb_row _builder_version=\"4.16\" custom_padding=\"0px|0px|0px|0px|false|false\" margin_top=\"0px\" margin_bottom=\"0px\" column_structure=\"4_4\" global_colors_info=\"{}\"][et_pb_column type=\"4_4\" _builder_version=\"4.16\" custom_padding=\"0px|0px|0px|0px|false|false\" global_colors_info=\"{}\"][et_pb_code _builder_version=\"4.16\" custom_padding=\"0px|0px|0px|0px|false|false\" global_colors_info=\"{}\"]<style>\n        :root {\n            --color-primary: #5e5ed7;\n            --color-primary-dark: #5268c9;\n            --color-secondary: #a9e2e4;\n            --color-accent: #ffeca7;\n            --color-highlight: #e73469;\n            --font-title: 'Montserrat', sans-serif;\n            --font-body: 'Poppins', sans-serif;\n        }\n\n        * {\n            margin: 0;\n            padding: 0;\n            box-sizing: border-box;\n        }\n\n        body {\n            font-family: var(--font-body);\n            line-height: 1.6;\n            color: #333;\n        }\n\n        .container {\n            max-width: 1200px;\n            margin: 0 auto;\n            padding: 0 20px;\n        }\n\n        .article-hero {\n            background: linear-gradient(135deg, var(--color-primary) 0%, var(--color-primary-dark) 100%);\n            color: white;\n            padding: 60px 0 120px;\n            position: relative;\n            overflow: hidden;\n        }\n\n        .article-hero::before {\n            content: '';\n            position: absolute;\n            top: 0;\n            left: 0;\n            right: 0;\n            bottom: 0;\n            background: url('data:image\/svg+xml,<svg xmlns=\"http:\/\/www.w3.org\/2000\/svg\" viewBox=\"0 0 100 100\"><circle cx=\"20\" cy=\"20\" r=\"2\" fill=\"rgba(255,255,255,0.1)\"\/><circle cx=\"80\" cy=\"40\" r=\"1\" fill=\"rgba(255,255,255,0.1)\"\/><circle cx=\"40\" cy=\"80\" r=\"1.5\" fill=\"rgba(255,255,255,0.1)\"\/><\/svg>');\n        }\n\n        .article-hero-inner {\n            position: relative;\n            z-index: 2;\n        }\n\n        .article-breadcrumb {\n            font-size: 14px;\n            margin-bottom: 20px;\n            opacity: 0.9;\n        }\n\n        .article-breadcrumb a {\n            color: white;\n            text-decoration: none;\n        }\n\n        .article-category {\n            display: inline-block;\n            background: var(--color-highlight);\n            color: white;\n            padding: 8px 16px;\n            border-radius: 20px;\n            font-size: 14px;\n            font-weight: 600;\n            margin-bottom: 20px;\n        }\n\n        .article-hero h1 {\n            font-family: var(--font-title);\n            font-size: clamp(2rem, 5vw, 3.5rem);\n            font-weight: 700;\n            line-height: 1.2;\n            margin-bottom: 20px;\n        }\n\n        .hl {\n            color: var(--color-accent);\n        }\n\n        .article-meta {\n            display: flex;\n            gap: 30px;\n            margin-bottom: 30px;\n            font-size: 14px;\n            opacity: 0.9;\n            flex-wrap: wrap;\n        }\n\n        .article-hero-curve {\n            position: absolute;\n            bottom: -2px;\n            left: 0;\n            width: 100%;\n            height: 80px;\n            background: white;\n            clip-path: ellipse(100% 100% at 50% 100%);\n        }\n\n        .article-body {\n            padding: 80px 0;\n        }\n\n        .intro-block {\n            background: linear-gradient(135deg, #f8f9ff 0%, #ffffff 100%);\n            border-left: 5px solid var(--color-primary);\n            padding: 30px;\n            margin-bottom: 50px;\n            border-radius: 0 15px 15px 0;\n            font-size: 18px;\n            line-height: 1.7;\n        }\n\n        .stats-grid {\n            display: grid;\n            grid-template-columns: repeat(auto-fit, minmax(250px, 1fr));\n            gap: 30px;\n            margin-bottom: 60px;\n        }\n\n        .stat-card {\n            background: white;\n            padding: 30px;\n            border-radius: 15px;\n            text-align: center;\n            box-shadow: 0 10px 30px rgba(94, 94, 215, 0.1);\n            border: 2px solid transparent;\n            transition: all 0.3s ease;\n        }\n\n        .stat-card:hover {\n            transform: translateY(-5px);\n            border-color: var(--color-secondary);\n        }\n\n        .stat-card .number {\n            font-family: var(--font-title);\n            font-size: 3rem;\n            font-weight: 800;\n            color: var(--color-primary);\n            display: block;\n            margin-bottom: 10px;\n        }\n\n        .stat-card .label {\n            font-size: 16px;\n            color: #666;\n            font-weight: 500;\n        }\n\n        .article-body h2 {\n            font-family: var(--font-title);\n            font-size: 2.2rem;\n            font-weight: 700;\n            color: var(--color-primary);\n            margin: 60px 0 30px;\n            position: relative;\n            padding-left: 20px;\n        }\n\n        .article-body h2::before {\n            content: '';\n            position: absolute;\n            left: 0;\n            top: 0;\n            bottom: 0;\n            width: 5px;\n            background: linear-gradient(to bottom, var(--color-highlight), var(--color-secondary));\n            border-radius: 3px;\n        }\n\n        .article-body p {\n            margin-bottom: 20px;\n            font-size: 16px;\n            line-height: 1.8;\n        }\n\n        .conseil-card {\n            background: linear-gradient(135deg, var(--color-accent) 0%, #fff8e1 100%);\n            border: 1px solid #f4d03f;\n            border-radius: 15px;\n            padding: 25px;\n            margin: 30px 0;\n            position: relative;\n        }\n\n        .conseil-card::before {\n            content: '\ud83d\udca1';\n            position: absolute;\n            top: -15px;\n            left: 25px;\n            background: white;\n            padding: 10px;\n            border-radius: 50%;\n            font-size: 20px;\n        }\n\n        .key-points {\n            background: #f0f8ff;\n            border-radius: 15px;\n            padding: 30px;\n            margin: 30px 0;\n        }\n\n        .key-points h3 {\n            font-family: var(--font-title);\n            color: var(--color-primary);\n            font-size: 1.3rem;\n            margin-bottom: 20px;\n        }\n\n        .key-points ul {\n            list-style: none;\n            padding: 0;\n        }\n\n        .key-points li {\n            position: relative;\n            padding-left: 30px;\n            margin-bottom: 15px;\n            font-weight: 500;\n        }\n\n        .key-points li::before {\n            content: '\u2713';\n            position: absolute;\n            left: 0;\n            color: var(--color-highlight);\n            font-weight: bold;\n            font-size: 18px;\n        }\n\n        .tip-box {\n            background: linear-gradient(135deg, var(--color-secondary) 0%, #e1f7f8 100%);\n            border-radius: 15px;\n            padding: 25px;\n            margin: 30px 0;\n            border-left: 5px solid var(--color-primary);\n        }\n\n        .tip-box-label {\n            font-family: var(--font-title);\n            font-weight: 700;\n            color: var(--color-primary);\n            font-size: 1.1rem;\n            margin-bottom: 15px;\n            display: flex;\n            align-items: center;\n            gap: 10px;\n        }\n\n        .tip-box-label::before {\n            content: '\ud83c\udfaf';\n            font-size: 20px;\n        }\n\n        .expert-box {\n            background: white;\n            border: 2px solid var(--color-primary);\n            border-radius: 20px;\n            padding: 0;\n            margin: 40px 0;\n            overflow: hidden;\n            box-shadow: 0 15px 35px rgba(94, 94, 215, 0.1);\n        }\n\n        .expert-box-label {\n            background: var(--color-primary);\n            color: white;\n            padding: 15px 25px;\n            font-family: var(--font-title);\n            font-weight: 700;\n            font-size: 1.1rem;\n        }\n\n        .expert-box-title {\n            background: var(--color-primary);\n            color: white;\n            padding: 0 25px 15px;\n            font-family: var(--font-title);\n            font-weight: 600;\n            font-size: 1.3rem;\n        }\n\n        .expert-inner {\n            padding: 25px;\n        }\n\n        .expert-inner-title {\n            font-family: var(--font-title);\n            font-size: 1.2rem;\n            color: var(--color-primary);\n            margin-bottom: 15px;\n            font-weight: 600;\n        }\n\n        .faq-list {\n            background: #fafafa;\n            border-radius: 20px;\n            padding: 40px;\n            margin: 50px 0;\n        }\n\n        .faq-list h2 {\n            text-align: center;\n            margin-bottom: 40px;\n            margin-top: 0;\n        }\n\n        .faq-item {\n            border: 1px solid #e0e0e0;\n            border-radius: 10px;\n            margin-bottom: 15px;\n            overflow: hidden;\n            background: white;\n        }\n\n        .faq-q {\n            padding: 20px 25px;\n            cursor: pointer;\n            font-weight: 600;\n            color: var(--color-primary);\n            display: flex;\n            justify-content: space-between;\n            align-items: center;\n            transition: background-color 0.3s ease;\n        }\n\n        .faq-q:hover {\n            background-color: #f8f9ff;\n        }\n\n        .faq-icon {\n            font-size: 20px;\n            font-weight: bold;\n            transition: transform 0.3s ease;\n        }\n\n        .faq-item.open .faq-icon {\n            transform: rotate(45deg);\n        }\n\n        .faq-a {\n            padding: 0 25px;\n            max-height: 0;\n            overflow: hidden;\n            transition: all 0.3s ease;\n        }\n\n        .faq-item.open .faq-a {\n            max-height: 500px;\n            padding: 0 25px 25px;\n        }\n\n        .cta-box {\n            background: linear-gradient(135deg, var(--color-primary) 0%, var(--color-primary-dark) 100%);\n            color: white;\n            border-radius: 20px;\n            padding: 50px 40px;\n            text-align: center;\n            margin: 60px 0;\n        }\n\n        .cta-box h3 {\n            font-family: var(--font-title);\n            font-size: 2rem;\n            margin-bottom: 20px;\n        }\n\n        .cta-buttons {\n            display: flex;\n            gap: 20px;\n            justify-content: center;\n            flex-wrap: wrap;\n            margin-top: 30px;\n        }\n\n        .btn-white, .btn-outline {\n            padding: 15px 30px;\n            border-radius: 25px;\n            text-decoration: none;\n            font-weight: 600;\n            transition: all 0.3s ease;\n            border: 2px solid white;\n            display: inline-block;\n        }\n\n        .btn-white {\n            background: white;\n            color: var(--color-primary);\n        }\n\n        .btn-white:hover {\n            background: var(--color-accent);\n            transform: translateY(-2px);\n        }\n\n        .btn-outline {\n            background: transparent;\n            color: white;\n        }\n\n        .btn-outline:hover {\n            background: white;\n            color: var(--color-primary);\n        }\n\n        .article-tags {\n            display: flex;\n            gap: 15px;\n            flex-wrap: wrap;\n            margin-top: 50px;\n            padding-top: 30px;\n            border-top: 1px solid #eee;\n        }\n\n        .article-tag {\n            background: var(--color-secondary);\n            color: var(--color-primary);\n            padding: 8px 16px;\n            border-radius: 15px;\n            text-decoration: none;\n            font-size: 14px;\n            font-weight: 500;\n            transition: all 0.3s ease;\n        }\n\n        .article-tag:hover {\n            background: var(--color-primary);\n            color: white;\n            transform: translateY(-2px);\n        }\n\n        @media (max-width: 768px) {\n            .article-hero {\n                padding: 40px 0 80px;\n            }\n\n            .article-meta {\n                gap: 15px;\n            }\n\n            .stats-grid {\n                grid-template-columns: 1fr;\n                gap: 20px;\n            }\n\n            .cta-buttons {\n                flex-direction: column;\n                align-items: center;\n            }\n\n            .article-body h2 {\n                font-size: 1.8rem;\n            }\n        }\n    <\/style>\n<script>\n        document.querySelectorAll('.faq-q').forEach(function(button) {\n            button.addEventListener('click', function() {\n                button.closest('.faq-item').classList.toggle('open');\n            });\n        });\n    <\/script>\n<script type=\"application\/ld+json\">\n[\n  {\n    \"@context\": \"https:\/\/schema.org\",\n    \"@type\": \"Article\",\n    \"headline\": \"Cr\u00e9er un coin de r\u00e9miniscence dans une maison de retraite : conseils et id\u00e9es\",\n    \"description\": \"Guide Complet - \ud83d\udcc5 Publi\u00e9 en Avril 2026 \u23f1\ufe0f 15 min de lecture \ud83d\udc65 Professionnels EHPAD \u2b50 4.8\/5 (127 avis)\",\n    \"url\": \"https:\/\/www.dynseo.com\/creer-un-coin-de-reminiscence-dans-une-maison-de-retraite-conseils-et-idees\/\",\n    \"datePublished\": \"2026-04-07\",\n    \"dateModified\": \"2026-04-07\",\n    \"author\": {\n      \"@type\": \"Organization\",\n      \"name\": \"DYNSEO\",\n      \"url\": \"https:\/\/www.dynseo.com\"\n    },\n    \"publisher\": {\n      \"@type\": \"Organization\",\n      \"name\": \"DYNSEO\",\n      \"url\": \"https:\/\/www.dynseo.com\",\n      \"logo\": {\n        \"@type\": \"ImageObject\",\n        \"url\": \"https:\/\/www.dynseo.com\/wp-content\/uploads\/2020\/01\/dynseo-logo.png\"\n      }\n    },\n    \"image\": {\n      \"@type\": \"ImageObject\",\n      \"url\": \"https:\/\/www.dynseo.com\/wp-content\/uploads\/2026\/04\/coin-reminiscence-ehpad.jpg\",\n      \"width\": 1200,\n      \"height\": 630\n    },\n    \"aggregateRating\": {\n      \"@type\": \"AggregateRating\",\n      \"ratingValue\": \"4.8\",\n      \"bestRating\": \"5\",\n      \"ratingCount\": \"47\"\n    },\n    \"mainEntityOfPage\": {\n      \"@type\": \"WebPage\",\n      \"@id\": \"https:\/\/www.dynseo.com\/creer-un-coin-de-reminiscence-dans-une-maison-de-retraite-conseils-et-idees\/\"\n    }\n  },\n  {\n    \"@context\": \"https:\/\/schema.org\",\n    \"@type\": \"WebPage\",\n    \"name\": \"Cr\u00e9er un coin de r\u00e9miniscence dans une maison de retraite : conseils et id\u00e9es\",\n    \"url\": \"https:\/\/www.dynseo.com\/creer-un-coin-de-reminiscence-dans-une-maison-de-retraite-conseils-et-idees\/\",\n    \"description\": \"Guide Complet - \ud83d\udcc5 Publi\u00e9 en Avril 2026 \u23f1\ufe0f 15 min de lecture \ud83d\udc65 Professionnels EHPAD \u2b50 4.8\/5 (127 avis)\",\n    \"isPartOf\": {\n      \"@type\": \"WebSite\",\n      \"name\": \"DYNSEO\",\n      \"url\": \"https:\/\/www.dynseo.com\"\n    },\n    \"breadcrumb\": {\n      \"@type\": \"BreadcrumbList\",\n      \"itemListElement\": [\n        {\n          \"@type\": \"ListItem\",\n          \"position\": 1,\n          \"name\": \"Accueil\",\n          \"item\": \"https:\/\/www.dynseo.com\"\n        },\n        {\n          \"@type\": \"ListItem\",\n          \"position\": 2,\n          \"name\": \"Blog\",\n          \"item\": \"https:\/\/www.dynseo.com\/blog\/\"\n        },\n        {\n          \"@type\": \"ListItem\",\n          \"position\": 3,\n          \"name\": \"Cr\u00e9er un coin de r\u00e9miniscence dans une maison de retraite : conseils et id\u00e9es\",\n          \"item\": \"https:\/\/www.dynseo.com\/creer-un-coin-de-reminiscence-dans-une-maison-de-retraite-conseils-et-idees\/\"\n        }\n      ]\n    }\n  },\n  {\n    \"@context\": \"https:\/\/schema.org\",\n    \"@type\": \"FAQPage\",\n    \"mainEntity\": [\n      {\n        \"@type\": \"Question\",\n        \"name\": \"Quel budget pr\u00e9voir pour cr\u00e9er un coin de r\u00e9miniscence complet ?\",\n        \"acceptedAnswer\": {\n          \"@type\": \"Answer\",\n          \"text\": \"Le budget pour cr\u00e9er un coin de r\u00e9miniscence varie selon l'ampleur du projet. Pour un espace basique, comptez entre 500\u20ac et 1500\u20ac incluant mobilier vintage, objets d'\u00e9poque et d\u00e9coration. Pour un am\u00e9nagement plus complet avec \u00e9quipements technologiques et objets de collection authentiques, le budget peut atteindre 3000\u20ac \u00e0 5000\u20ac.\"\n        }\n      },\n      {\n        \"@type\": \"Question\",\n        \"name\": \"Comment adapter l'espace pour les r\u00e9sidents de diff\u00e9rentes g\u00e9n\u00e9rations ?\",\n        \"acceptedAnswer\": {\n          \"@type\": \"Answer\",\n          \"text\": \"Pour adapter l'espace aux diff\u00e9rentes g\u00e9n\u00e9rations, cr\u00e9ez plusieurs zones th\u00e9matiques : ann\u00e9es 1930-1940, 1950-1960, et 1970-1980. Variez les objets, musiques et d\u00e9corations selon les \u00e9poques. Proposez des activit\u00e9s modulables et encouragez les \u00e9changes interg\u00e9n\u00e9rationnels en organisant des s\u00e9ances de partage d'exp\u00e9riences.\"\n        }\n      },\n      {\n        \"@type\": \"Question\",\n        \"name\": \"Quelles pr\u00e9cautions prendre pour la s\u00e9curit\u00e9 des objets et des r\u00e9sidents ?\",\n        \"acceptedAnswer\": {\n          \"@type\": \"Answer\",\n          \"text\": \"S\u00e9curisez les objets fragiles dans des vitrines ou sur des \u00e9tag\u00e8res hautes. \u00c9vitez les objets avec des parties d\u00e9tachables dangereuses. Assurez-vous que l'\u00e9clairage soit suffisant et que les passages soient d\u00e9gag\u00e9s. Supervisez les s\u00e9ances et formez le personnel aux sp\u00e9cificit\u00e9s de la r\u00e9miniscence pour accompagner les r\u00e9sidents en cas d'\u00e9motions intenses.\"\n        }\n      }\n    ]\n  }\n]\n<\/script>\n<link rel=\"preconnect\" href=\"https:\/\/fonts.googleapis.com\">\n\n<section class=\"article-hero\">\n        <div class=\"article-hero-inner\">\n            <div class=\"container\">\n                <div class=\"article-breadcrumb\">\n                    <a href=\"https:\/\/www.dynseo.com\">In\u00edcio<\/a> > <a href=\"https:\/\/www.dynseo.com\/blog\">Blog<\/a> > Coin de r\u00e9miniscence em Lar de idosos\n                <\/div>\n                \n                <div class=\"article-category\">Guia Lar de idosos<\/div>\n                \n                <h1>Criar um <span class=\"hl\">Coin de R\u00e9miniscence<\/span> em uma Casa de Repouso: Guia Completo<\/h1>\n                \n                <div class=\"article-meta\">\n                    <span>\ud83d\udcc5 Publicado em Abril de 2026<\/span>\n                    <span>\u23f1\ufe0f 15 min de leitura<\/span>\n                    <span>\ud83d\udc65 Profissionais Lar de idosos<\/span>\n                    <span>\u2b50 4.8\/5 (127 avalia\u00e7\u00f5es)<\/span>\n                <\/div>\n            <\/div>\n        <\/div>\n        <div class=\"article-hero-curve\"><\/div>\n    <\/section>\n\n    <div class=\"article-body\">\n        <div class=\"container\">\n<div class=\"intro-block\">\n                A reminisc\u00eancia terap\u00eautica representa uma abordagem fundamental no acompanhamento das pessoas idosas, particularmente aquelas afetadas por dist\u00farbios cognitivos. Criar um espa\u00e7o dedicado a essa pr\u00e1tica dentro de um Lar de idosos constitui um investimento precioso para o bem-estar dos residentes. Este ambiente especialmente projetado favorece a estimula\u00e7\u00e3o da mem\u00f3ria, encoraja as intera\u00e7\u00f5es sociais e contribui significativamente para manter a identidade pessoal dos idosos. Um canto de reminisc\u00eancia bem planejado se torna uma verdadeira ponte entre o passado e o presente, oferecendo aos residentes um espa\u00e7o seguro onde podem reencontrar suas mem\u00f3rias e compartilhar sua hist\u00f3ria de vida. Esta abordagem terap\u00eautica n\u00e3o medicamentosa se mostra particularmente eficaz para reduzir a ansiedade, melhorar a autoestima e favorecer a comunica\u00e7\u00e3o entre as pessoas idosas. O planejamento cuidadoso deste espa\u00e7o requer uma compreens\u00e3o profunda das necessidades espec\u00edficas dessa popula\u00e7\u00e3o e uma sele\u00e7\u00e3o minuciosa de objetos e elementos que desencadeiam mem\u00f3rias.\n            <\/div>\n\n            <div class=\"stats-grid\">\n                <div class=\"stat-card\">\n                    <span class=\"number\">85%<\/span>\n                    <span class=\"label\">dos Lar de idosos utilizam a reminisc\u00eancia<\/span>\n                <\/div>\n                <div class=\"stat-card\">\n                    <span class=\"number\">73%<\/span>\n                    <span class=\"label\">de melhoria do humor observada<\/span>\n                <\/div>\n                <div class=\"stat-card\">\n                    <span class=\"number\">12-15<\/span>\n                    <span class=\"label\">objetos recomendados m\u00ednimo<\/span>\n                <\/div>\n                <div class=\"stat-card\">\n                    <span class=\"number\">20m\u00b2<\/span>\n                    <span class=\"label\">superf\u00edcie ideal para o espa\u00e7o<\/span>\n                <\/div>\n            <\/div>\n\n            <h2>1. Compreender os Fundamentos da Terapia de Reminisc\u00eancia<\/h2>\n            \n            <p>A terapia de reminisc\u00eancia baseia-se em fundamentos cient\u00edficos s\u00f3lidos, explorando a capacidade natural do c\u00e9rebro humano de conservar as mem\u00f3rias antigas mesmo quando a mem\u00f3ria recente est\u00e1 alterada. Esta abordagem terap\u00eautica reconhece que as experi\u00eancias passadas constituem a base da identidade pessoal e que sua evoca\u00e7\u00e3o pode ter efeitos ben\u00e9ficos consider\u00e1veis sobre o bem-estar psicol\u00f3gico e emocional das pessoas idosas.<\/p>\n\n            <p>As pesquisas em neuroci\u00eancias demonstram que as mem\u00f3rias autobiogr\u00e1ficas, particularmente aquelas ligadas \u00e0s emo\u00e7\u00f5es positivas, s\u00e3o frequentemente preservadas mesmo nos est\u00e1gios avan\u00e7ados da dem\u00eancia. Esta particularidade neurol\u00f3gica explica por que uma pessoa afetada pela doen\u00e7a de Alzheimer pode n\u00e3o se lembrar do que comeu no caf\u00e9 da manh\u00e3, mas pode narrar com precis\u00e3o eventos de sua inf\u00e2ncia ou juventude. A explora\u00e7\u00e3o desta janela mnem\u00f4nica constitui a ess\u00eancia da terapia de reminisc\u00eancia.<\/p>\n\n            <p>A efic\u00e1cia desta abordagem tamb\u00e9m se baseia no conceito de mem\u00f3ria procedural, que abrange os automatismos e as habilidades adquiridas ao longo da vida. Os objetos familiares, os cheiros, as texturas e os sons podem desencadear respostas autom\u00e1ticas e reavivar mem\u00f3rias enterradas, criando momentos de clareza e conex\u00e3o com o passado que se mostram extremamente valorizantes para a pessoa idosa.<\/p>\n<div class=\"key-points\">\n                <h3>Benef\u00edcios Cientificamente Comprovados<\/h3>\n                <ul>\n                    <li>Redu\u00e7\u00e3o significativa da agita\u00e7\u00e3o e da ansiedade<\/li>\n                    <li>Melhora da autoestima e do sentimento de identidade<\/li>\n                    <li>Estimula\u00e7\u00e3o das fun\u00e7\u00f5es cognitivas preservadas<\/li>\n                    <li>Fortalecimento dos la\u00e7os sociais e familiares<\/li>\n                    <li>Diminui\u00e7\u00e3o dos comportamentos de err\u00e2ncia e agressividade<\/li>\n                <\/ul>\n            <\/div>\n\n            <div class=\"expert-box\">\n                <div class=\"expert-box-label\">Especializa\u00e7\u00e3o DYNSEO<\/div>\n                <div class=\"expert-box-title\">A Inova\u00e7\u00e3o Digital a Servi\u00e7o da Reminisc\u00eancia<\/div>\n                <div class=\"expert-inner\">\n                    <div class=\"expert-inner-title\">COCO PENSA : Complementaridade Digital<\/div>\n                    <p>O aplicativo <a href=\"https:\/\/www.dynseo.com\/pt-pt\/coco-pensa-e-coco-se-mexe\/\" style=\"color: var(--color-primary); font-weight: 600;\">COCO PENSA<\/a> prop\u00f5e exerc\u00edcios de estimula\u00e7\u00e3o cognitiva que podem perfeitamente complementar um canto de reminisc\u00eancia f\u00edsica. Os jogos de mem\u00f3ria, os quizzes sobre \u00e9pocas passadas e os exerc\u00edcios de associa\u00e7\u00e3o de imagens permitem prolongar o efeito ben\u00e9fico da terapia de reminisc\u00eancia em um formato interativo e personaliz\u00e1vel.<\/p>\n                <\/div>\n            <\/div>\n\n            <h2>2. Escolher o Local Ideal para o Espa\u00e7o de Reminisc\u00eancia<\/h2>\n\n            <p>A sele\u00e7\u00e3o do local constitui uma etapa crucial na cria\u00e7\u00e3o de um canto de reminisc\u00eancia eficaz. O espa\u00e7o escolhido deve atender a v\u00e1rios crit\u00e9rios fundamentais para garantir sua utiliza\u00e7\u00e3o \u00f3tima e maximizar seus benef\u00edcios terap\u00eauticos. A localiza\u00e7\u00e3o influencia diretamente a acessibilidade, o conforto e a atmosfera geral do espa\u00e7o, fatores determinantes para seu sucesso.<\/p>\n\n            <p>A exposi\u00e7\u00e3o natural \u00e0 luz representa um elemento essencial, pois contribui para criar uma atmosfera acolhedora e amig\u00e1vel, respeitando os ritmos circadianos dos residentes. Um local que beneficie de luminosidade natural suficiente, idealmente voltado para o sul ou sudeste, favorece uma atmosfera positiva e energizante. No entanto, \u00e9 importante prever sistemas de filtragem ou modula\u00e7\u00e3o da luz para evitar ofuscamento e adaptar a ilumina\u00e7\u00e3o aos diferentes momentos do dia.<\/p>\n\n            <p>A acessibilidade para pessoas com mobilidade reduzida \u00e9 um imperativo inegoci\u00e1vel. O espa\u00e7o deve ser facilmente acess\u00edvel em cadeira de rodas, com passagens suficientemente largas e sem obst\u00e1culos arquitet\u00f4nicos. A proximidade de elevadores, banheiros adaptados e espa\u00e7os de circula\u00e7\u00e3o principais facilita o uso regular do espa\u00e7o por todos os residentes, independentemente de seu n\u00edvel de autonomia.<\/p>\n\n            <div class=\"conseil-card\">\n                <h4>Dica de Arranjo<\/h4>\n                <p>Priorize um local que ofere\u00e7a uma vista para o exterior, um jardim ou um p\u00e1tio. Essa abertura visual para o ambiente natural refor\u00e7a a sensa\u00e7\u00e3o de bem-estar e pode servir como um gatilho para mem\u00f3rias relacionadas \u00e0 natureza, \u00e0s esta\u00e7\u00f5es ou \u00e0s atividades ao ar livre.<\/p>\n            <\/div>\n\n            <div class=\"tip-box\">\n<div class=\"tip-box-label\">Crit\u00e9rios de Localiza\u00e7\u00e3o<\/div>\n                <p>A ac\u00fastica do espa\u00e7o merece uma aten\u00e7\u00e3o especial. Um ambiente muito barulhento pode perturbar as sess\u00f5es de reminisc\u00eancia e atrapalhar as trocas entre os participantes. Procure um local suficientemente isolado das \u00e1reas de passagem intensa, mantendo-se acess\u00edvel e integrado \u00e0 vida do estabelecimento.<\/p>\n            <\/div>\n\n            <h2>3. Definir o Tamanho e a Configura\u00e7\u00e3o do Espa\u00e7o<\/h2>\n\n            <p>A dimens\u00e3o do espa\u00e7o de reminisc\u00eancia deve ser cuidadosamente calculada para acomodar confortavelmente um grupo de participantes, mantendo uma atmosfera \u00edntima e segura. Um espa\u00e7o muito vasto pode criar uma sensa\u00e7\u00e3o de isolamento e diluir o efeito desejado, enquanto um espa\u00e7o muito restrito pode gerar uma sensa\u00e7\u00e3o de opress\u00e3o e limitar as possibilidades de arranjo.<\/p>\n\n            <p>A configura\u00e7\u00e3o ideal geralmente prev\u00ea a recep\u00e7\u00e3o de 6 a 8 participantes simultaneamente, o que corresponde a uma \u00e1rea recomendada de 20 a 25 metros quadrados. Essa dimens\u00e3o permite organizar os assentos em c\u00edrculo ou em meia-lua, favorecendo as trocas visuais e verbais entre todos os participantes. O espa\u00e7o tamb\u00e9m deve integrar \u00e1reas de circula\u00e7\u00e3o que permitam a interven\u00e7\u00e3o dos acompanhantes e o acesso aos diferentes elementos do arranjo.<\/p>\n\n            <p>A altura do teto influencia a ac\u00fastica e a sensa\u00e7\u00e3o de espa\u00e7o. Uma altura entre 2,50 e 3 metros oferece um bom compromisso entre conforto ac\u00fastico e sensa\u00e7\u00e3o de abertura. Tetos muito baixos podem criar uma atmosfera opressiva, particularmente problem\u00e1tica para pessoas que sofrem de ansiedade ou claustrofobia.<\/p>\n<div class=\"key-points\">\n                <h3>Dimens\u00f5es e Zonas Funcionais<\/h3>\n                <ul>\n                    <li>Zona de reuni\u00e3o central: 12-15 m\u00b2<\/li>\n                    <li>Espa\u00e7os de apresenta\u00e7\u00e3o de objetos: 4-6 m\u00b2<\/li>\n                    <li>Zona de circula\u00e7\u00e3o e acompanhamento: 4-5 m\u00b2<\/li>\n                    <li>Espa\u00e7o de armazenamento e organiza\u00e7\u00e3o: 2-3 m\u00b2<\/li>\n                    <li>Desvios de emerg\u00eancia e acessibilidade: conforme normas<\/li>\n                <\/ul>\n            <\/div>\n\n            <h2>4. Selecionar e Organizar os Objetos Gatilho<\/h2>\n\n            <p>A sele\u00e7\u00e3o dos objetos constitui o cora\u00e7\u00e3o da disposi\u00e7\u00e3o de um canto de reminisc\u00eancia. Esses elementos tang\u00edveis servem como catalisadores para a evoca\u00e7\u00e3o de mem\u00f3rias e devem ser escolhidos com uma aten\u00e7\u00e3o especial \u00e0s refer\u00eancias culturais, geracionais e geogr\u00e1ficas da popula\u00e7\u00e3o acolhida. A diversidade dos objetos permite tocar diferentes tipos de mem\u00f3rias sensoriais e autobiogr\u00e1ficas.<\/p>\n\n            <p>Os objetos do cotidiano da \u00e9poca revelam uma import\u00e2ncia particular, pois evocam gestos familiares e h\u00e1bitos de vida. Os utens\u00edlios de cozinha antigos, as ferramentas de bricolagem tradicionais, os objetos de toalete vintage ou os acess\u00f3rios de vestu\u00e1rio da \u00e9poca transportam imediatamente os participantes para seu universo familiar de outrora. Esses objetos devem ser aut\u00eanticos na medida do poss\u00edvel, pois os detalhes de fabrica\u00e7\u00e3o, os materiais e os acabamentos fazem parte integrante do processo de reconhecimento e evoca\u00e7\u00e3o.<\/p>\n\n            <p>A organiza\u00e7\u00e3o espacial dos objetos deve favorecer a manipula\u00e7\u00e3o e a explora\u00e7\u00e3o t\u00e1til. As vitrines fechadas limitam a intera\u00e7\u00e3o e reduzem a efic\u00e1cia terap\u00eautica. Priorize expositores abertos, prateleiras acess\u00edveis e espa\u00e7os que permitam a manipula\u00e7\u00e3o segura dos objetos. A rota\u00e7\u00e3o regular dos elementos expostos mant\u00e9m o interesse e permite adaptar o espa\u00e7o \u00e0s esta\u00e7\u00f5es, eventos ou tem\u00e1ticas espec\u00edficas.<\/p>\n\n            <div class=\"expert-box\">\n                <div class=\"expert-box-label\">Cole\u00e7\u00f5es Recomendadas<\/div>\n                <div class=\"expert-box-title\">Objetos Imperd\u00edveis por Categorias<\/div>\n                <div class=\"expert-inner\">\n                    <div class=\"expert-inner-title\">Cozinha e Alimenta\u00e7\u00e3o<\/div>\n                    <p>Moedor de caf\u00e9 manual, balan\u00e7a Roberval, panelas de ferro fundido esmaltadas, potes de geleia antigos, batedores manuais, t\u00e1buas de corte patinadas, caixas de especiarias vintage, saca-rolhas da \u00e9poca, centr\u00edfuga de salada manual.<\/p>\n                    \n                    <div class=\"expert-inner-title\">Moda e Beleza<\/div>\n                    <p>P\u00f3 de rosto, batons em suas embalagens, perfumes em frascos antigos, bijuterias, acess\u00f3rios para cabelo, luvas de tecido, len\u00e7os bordados, leques, pentes e escovas decorativas.<\/p>\n<div class=\"expert-inner-title\">Lazer e Cultura<\/div>\n                    <p>Jogos de cartas usados, domin\u00f3s em baquelite, livros com capas familiares, revistas de \u00e9poca, cart\u00f5es postais, selos, instrumentos musicais simples, material de costura.<\/p>\n                <\/div>\n            <\/div>\n\n            <h2>5. Integrar os Elementos Sensoriais e Atmosf\u00e9ricos<\/h2>\n\n            <p>A dimens\u00e3o sensorial de um canto de reminisc\u00eancia vai muito al\u00e9m dos objetos visuais e t\u00e1teis. A olfa\u00e7\u00e3o, muitas vezes negligenciada, representa, no entanto, um dos sentidos mais poderosos para desencadear mem\u00f3rias autobiogr\u00e1ficas. Os cheiros t\u00eam a capacidade \u00fanica de provocar reminisc\u00eancias espont\u00e2neas e carregadas emocionalmente, transportando instantaneamente a pessoa para contextos espec\u00edficos de seu passado.<\/p>\n\n            <p>A integra\u00e7\u00e3o de elementos olfativos deve ser sutil e natural. Os saquinhos de lavanda, as lascas de madeira de cedro, as especiarias em pequenos recipientes, ou ainda os sabonetes de \u00e9poca podem ser dispostos estrategicamente no espa\u00e7o. Deve-se evitar perfumes artificiais ou muito intensos que possam incomodar alguns residentes ou mascarar os cheiros naturais dos objetos aut\u00eanticos.<\/p>\n\n            <p>A atmosfera sonora contribui significativamente para a imers\u00e3o temporal. Um sistema de \u00e1udio discreto pode difundir m\u00fasicas de \u00e9poca, can\u00e7\u00f5es populares de d\u00e9cadas passadas ou sons de ambiente evocativos como o tic-tac de um rel\u00f3gio antigo, o crepitar de uma lareira ou os sons da natureza. O volume deve ser moderado para permitir conversas e trocas verbais que constituem a ess\u00eancia das sess\u00f5es de reminisc\u00eancia.<\/p>\n\n            <div class=\"tip-box\">\n                <div class=\"tip-box-label\">Estrat\u00e9gias Sensoriais<\/div>\n                <p>Crie \"esta\u00e7\u00f5es sensoriais\" tem\u00e1ticas: um canto de cozinha com especiarias para cheirar, um espa\u00e7o de jardim com plantas arom\u00e1ticas, uma zona de leitura com o perfume do papel antigo. Essa organiza\u00e7\u00e3o permite uma explora\u00e7\u00e3o progressiva e variada do ambiente sensorial.<\/p>\n            <\/div>\n<div class=\"conseil-card\">\n                <h4>Texturas e Materiais<\/h4>\n                <p>Varie as texturas dispon\u00edveis: tecidos macios e \u00e1speros, metais lisos e patinados, madeira bruta e envernizada, cer\u00e2micas esmaltadas. Essa diversidade t\u00e1til estimula os receptores sensoriais e pode desencadear mem\u00f3rias relacionadas \u00e0s sensa\u00e7\u00f5es f\u00edsicas do passado.<\/p>\n            <\/div>\n\n            <h2>6. Organizar a Ilumina\u00e7\u00e3o e a Ambi\u00eancia Visual<\/h2>\n\n            <p>A ilumina\u00e7\u00e3o de um canto de reminisc\u00eancia requer uma abordagem sofisticada, combinando considera\u00e7\u00f5es pr\u00e1ticas e atmosf\u00e9ricas. A qualidade da luz influencia diretamente o humor, a percep\u00e7\u00e3o dos objetos e a capacidade de concentra\u00e7\u00e3o dos participantes. Uma ilumina\u00e7\u00e3o inadequada pode criar zonas de sombra geradoras de preocupa\u00e7\u00e3o ou reflexos perturbadores para as pessoas idosas.<\/p>\n\n            <p>A combina\u00e7\u00e3o de v\u00e1rias fontes de luz permite criar um ambiente modul\u00e1vel e adaptativo. A ilumina\u00e7\u00e3o geral garante visibilidade suficiente para a seguran\u00e7a e os deslocamentos, enquanto a ilumina\u00e7\u00e3o de destaque valoriza os objetos e cria pontos focais atraentes. As ilumina\u00e7\u00f5es de ambiente, mais suaves e quentes, contribuem para instaurar uma atmosfera relaxada e acolhedora.<\/p>\n\n            <p>As temperaturas de cor devem ser escolhidas com cuidado. Uma luz muito fria pode criar uma ambi\u00eancia cl\u00ednica pouco prop\u00edcia \u00e0s trocas emocionais, enquanto uma luz muito quente pode alterar a percep\u00e7\u00e3o das cores dos objetos. Uma temperatura de cor compreendida entre 2700K e 3000K oferece um bom compromisso entre conforto visual e fidelidade colorim\u00e9trica.<\/p>\n<div class=\"key-points\">\n                <h3>Solu\u00e7\u00f5es de Ilumina\u00e7\u00e3o Recomendadas<\/h3>\n                <ul>\n                    <li>Ilumina\u00e7\u00e3o geral: plafonniers LED dimmables<\/li>\n                    <li>Ilumina\u00e7\u00e3o de destaque: spots orient\u00e1veis sobre trilhos<\/li>\n                    <li>Ilumina\u00e7\u00e3o ambiente: l\u00e2mpadas de mesa e arandelas<\/li>\n                    <li>Ilumina\u00e7\u00e3o natural: persianas ou cortinas modul\u00e1veis<\/li>\n                    <li>Ilumina\u00e7\u00e3o de seguran\u00e7a: demarca\u00e7\u00e3o das \u00e1reas de circula\u00e7\u00e3o<\/li>\n                <\/ul>\n            <\/div>\n\n            <h2>7. Organizar o Espa\u00e7o de Circula\u00e7\u00e3o e a Acessibilidade<\/h2>\n\n            <p>A organiza\u00e7\u00e3o do espa\u00e7o de circula\u00e7\u00e3o constitui um aspecto crucial muitas vezes subestimado no planejamento de um canto de reminisc\u00eancia. A fluidez dos deslocamentos condiciona n\u00e3o apenas a seguran\u00e7a dos usu\u00e1rios, mas tamb\u00e9m seu sentimento de conforto e autonomia. Uma circula\u00e7\u00e3o mal pensada pode gerar ansiedade, particularmente em pessoas que sofrem de dist\u00farbios cognitivos que precisam de refer\u00eancias claras e de caminhos intuitivos.<\/p>\n\n            <p>Os corredores devem respeitar as normas de acessibilidade em vigor, com uma largura m\u00ednima de 1,40 metro para permitir a passagem de duas cadeiras de rodas. Os \u00e2ngulos dos m\u00f3veis devem ser arredondados ou protegidos para evitar les\u00f5es em caso de queda ou contato acidental. O revestimento do ch\u00e3o deve ser antiderrapante, uniforme e sem desn\u00edveis, mantendo-se confort\u00e1vel para a caminhada e silencioso para preservar a ambienta\u00e7\u00e3o ac\u00fastica.<\/p>\n\n            <p>A sinaliza\u00e7\u00e3o visual e t\u00e1til ajuda na orienta\u00e7\u00e3o e tranquiliza os usu\u00e1rios. Marca\u00e7\u00e3o discreta no ch\u00e3o, mudan\u00e7as de textura ou cor podem delimitar as diferentes \u00e1reas sem criar barreiras visuais. A ilumina\u00e7\u00e3o de circula\u00e7\u00e3o, especialmente pr\u00f3xima ao ch\u00e3o, garante seguran\u00e7a nos deslocamentos \u00e0 noite ou em condi\u00e7\u00f5es de baixa luminosidade natural.<\/p>\n\n            <div class=\"expert-box\">\n                <div class=\"expert-box-label\">Inova\u00e7\u00e3o DYNSEO<\/div>\n                <div class=\"expert-box-title\">Mobilidade e Estimula\u00e7\u00e3o Cognitiva<\/div>\n                <div class=\"expert-inner\">\n<div class=\"expert-inner-title\">COCO SE MEXE : Atividade F\u00edsica Adaptada<\/div>\n                    <p>Integre em seu espa\u00e7o momentos de atividade f\u00edsica suave com <a href=\"https:\/\/www.dynseo.com\/pt-pt\/coco-pensa-e-coco-se-mexe\/\" style=\"color: var(--color-primary); font-weight: 600;\">COCO SE MEXE<\/a>. Esses exerc\u00edcios podem servir de transi\u00e7\u00e3o entre as sess\u00f5es de reminisc\u00eancia sentados e em p\u00e9, mantendo o engajamento corporal e cognitivo dos participantes.<\/p>\n                <\/div>\n            <\/div>\n\n            <h2>8. Selecionar o Mobili\u00e1rio Adequado e Confort\u00e1vel<\/h2>\n\n            <p>A escolha do mobili\u00e1rio condiciona grandemente o sucesso das sess\u00f5es de reminisc\u00eancia. Os assentos devem aliar conforto, seguran\u00e7a e funcionalidade, levando em conta as especificidades fisiol\u00f3gicas das pessoas idosas. As poltronas e cadeiras selecionadas devem oferecer um suporte lombar adequado, apoios de bra\u00e7o que facilitem as transfer\u00eancias e uma altura de assento adaptada \u00e0s dificuldades articulares.<\/p>\n\n            <p>A modularidade do mobili\u00e1rio permite adaptar a configura\u00e7\u00e3o do espa\u00e7o de acordo com as atividades programadas e o n\u00famero de participantes. Assentos leves, mas est\u00e1veis, f\u00e1ceis de mover pelo pessoal, oferecem essa flexibilidade necess\u00e1ria. Os materiais escolhidos devem ser facilmente limpos e resistentes ao desgaste, mantendo uma apar\u00eancia acolhedora e dom\u00e9stica em vez de institucional.<\/p>\n\n            <p>As superf\u00edcies de apresenta\u00e7\u00e3o e manipula\u00e7\u00e3o dos objetos requerem uma aten\u00e7\u00e3o especial. Mesas, consoles e expositores devem estar em alturas variadas para se adaptar \u00e0s diferentes posi\u00e7\u00f5es dos usu\u00e1rios, estejam eles em cadeira de rodas, sentados ou em p\u00e9. Os \u00e2ngulos arredondados e as superf\u00edcies anti-reflexo melhoram a seguran\u00e7a e o conforto de uso.<\/p>\n\n            <div class=\"tip-box\">\n                <div class=\"tip-box-label\">Crit\u00e9rios de Sele\u00e7\u00e3o<\/div>\n                <p>Priorize materiais naturais como madeira maci\u00e7a para mesas e prateleiras, e tecidos em fibras naturais para os assentos. Esses materiais envelhecem bem, s\u00e3o agrad\u00e1veis ao toque e se inscrevem na autenticidade buscada para o espa\u00e7o de reminisc\u00eancia.<\/p>\n            <\/div>\n\n            <h2>9. Criar Zonas Tem\u00e1ticas Especializadas<\/h2>\n\n            <p>A organiza\u00e7\u00e3o do espa\u00e7o em zonas tem\u00e1ticas permite uma abordagem estruturada e progressiva da reminisc\u00eancia. Cada zona pode ser dedicada a um per\u00edodo hist\u00f3rico, uma atividade profissional, um lazer ou um aspecto da vida dom\u00e9stica. Essa organiza\u00e7\u00e3o facilita a anima\u00e7\u00e3o das sess\u00f5es e permite que os participantes se concentrem em temas espec\u00edficos de acordo com seus interesses e experi\u00eancias pessoais.<\/p>\n\n            <p>A zona \"cozinha de antigamente\" pode agrupar utens\u00edlios culin\u00e1rios, recipientes alimentares e objetos relacionados \u00e0 prepara\u00e7\u00e3o de refei\u00e7\u00f5es. Essa tem\u00e1tica, universalmente compartilhada, frequentemente evoca mem\u00f3rias familiares carregadas de emo\u00e7\u00e3o. Os cheiros de especiarias, a textura dos utens\u00edlios de madeira ou ferro fundido, e os gestos associados \u00e0 culin\u00e1ria tradicional constituem gatilhos particularmente eficazes.<\/p>\n\n            <p>A zona \"profiss\u00f5es e saberes\" apresenta as ferramentas e objetos relacionados \u00e0s atividades profissionais da \u00e9poca. Essa abordagem valoriza a expertise passada dos residentes e permite que compartilhem suas habilidades e experi\u00eancias de trabalho. Ferramentas de marcenaria, acess\u00f3rios de costura, instrumentos de escrita ou objetos relacionados \u00e0 agricultura evocam partes inteiras da vida ativa dos participantes.<\/p>\n<div class=\"conseil-card\">\n                <h4>Zona Inf\u00e2ncia e Escola<\/h4>\n                <p>Crie um espa\u00e7o dedicado \u00e0s mem\u00f3rias de inf\u00e2ncia com brinquedos antigos, material escolar da \u00e9poca, livros infantis e jogos tradicionais. Esta zona evoca frequentemente mem\u00f3rias particularmente v\u00edvidas e emocionalmente ricas, favorecendo os relatos autobiogr\u00e1ficos espont\u00e2neos.<\/p>\n            <\/div>\n\n            <h2>10. Integrar as Tecnologias Digitais Apropriadas<\/h2>\n\n            <p>A integra\u00e7\u00e3o ponderada de tecnologias digitais pode enriquecer consideravelmente a experi\u00eancia de reminisc\u00eancia sem desvirtuar sua ess\u00eancia. As ferramentas digitais, quando escolhidas e utilizadas com discernimento, tornam-se suportes complementares aos objetos f\u00edsicos, oferecendo possibilidades de explora\u00e7\u00e3o e intera\u00e7\u00e3o ampliadas.<\/p>\n\n            <p>Os tablets podem apresentar fotografias da \u00e9poca, v\u00eddeos hist\u00f3ricos ou depoimentos sonoros contextualizando os objetos expostos. A interface deve ser simplificada e intuitiva, adaptada \u00e0s capacidades cognitivas e motoras dos usu\u00e1rios. A tecnologia deve permanecer transparente e nunca constituir um obst\u00e1culo ao uso do espa\u00e7o.<\/p>\n\n            <p>Os sistemas de proje\u00e7\u00e3o discretos podem transformar temporariamente a atmosfera do espa\u00e7o, exibindo paisagens da \u00e9poca, cenas de rua hist\u00f3ricas ou ambientes sazonais. Esta imers\u00e3o visual, utilizada com parcim\u00f4nia, pode refor\u00e7ar o efeito dos objetos f\u00edsicos e criar contextos narrativos estimulantes para a mem\u00f3ria autobiogr\u00e1fica.<\/p>\n\n            <div class=\"expert-box\">\n                <div class=\"expert-box-label\">Solu\u00e7\u00e3o DYNSEO<\/div>\n                <div class=\"expert-box-title\">COCO PENSA e a Reminisc\u00eancia Digital<\/div>\n                <div class=\"expert-inner\">\n                    <div class=\"expert-inner-title\">Complementaridade F\u00edsica-Digital<\/div>\n                    <p><a href=\"https:\/\/www.dynseo.com\/pt-pt\/coco-pensa-e-coco-se-mexe\/\" style=\"color: var(--color-primary); font-weight: 600;\">COCO PENSA<\/a> prop\u00f5e m\u00f3dulos especialmente concebidos para a reminisc\u00eancia: quizzes sobre as \u00e9pocas, reconhecimento de objetos antigos, associa\u00e7\u00f5es de imagens hist\u00f3ricas. Esses exerc\u00edcios podem prolongar e aprofundar o trabalho realizado no espa\u00e7o f\u00edsico.<\/p>\n                <\/div>\n            <\/div>\n\n            <h2>11. Planejar as Atividades e Anima\u00e7\u00f5es<\/h2>\n\n            <p>A programa\u00e7\u00e3o das atividades em um canto de reminisc\u00eancia requer uma abordagem met\u00f3dica e personalizada. As sess\u00f5es devem ser adaptadas aos ritmos biol\u00f3gicos dos participantes, \u00e0s suas capacidades cognitivas e \u00e0s suas prefer\u00eancias individuais. Um planejamento flex\u00edvel permite propor atividades variadas enquanto mant\u00e9m uma certa regularidade tranquilizadora para as pessoas com dist\u00farbios cognitivos.<\/p>\n\n            <p>As sess\u00f5es tem\u00e1ticas constituem uma abordagem estruturante eficaz. Elas podem ser organizadas em torno das esta\u00e7\u00f5es, das festas tradicionais, dos eventos hist\u00f3ricos ou das etapas da vida. Esta abordagem temporal ajuda a manter os marcos cronol\u00f3gicos e favorece a evoca\u00e7\u00e3o de mem\u00f3rias espec\u00edficas relacionadas aos contextos mencionados.<\/p>\n\n            <p>A altern\u00e2ncia entre atividades individuais e coletivas permite atender \u00e0s diferentes necessidades e personalidades dos residentes. Algumas pessoas se desenvolvem nas trocas em grupo, enquanto outras preferem uma abordagem mais intimista. A flexibilidade do arranjo deve permitir essas duas abordagens sem necessitar de uma reorganiza\u00e7\u00e3o maior do espa\u00e7o.<\/p>\n<div class=\"key-points\">\n                <h3>Tipos de Atividades Recomendadas<\/h3>\n                <ul>\n                    <li>Sess\u00f5es de manipula\u00e7\u00e3o livre de objetos<\/li>\n                    <li>Oficinas de culin\u00e1ria com utens\u00edlios de \u00e9poca<\/li>\n                    <li>Relatos de vida guiados por tem\u00e1ticas<\/li>\n                    <li>Escuta musical participativa<\/li>\n                    <li>Reconstitui\u00e7\u00e3o de gestos profissionais<\/li>\n                    <li>Evoca\u00e7\u00e3o de receitas tradicionais<\/li>\n                    <li>Compartilhamento de fotografias pessoais<\/li>\n                <\/ul>\n            <\/div>\n\n            <h2>12. Formar e Acompanhar o Pessoal<\/h2>\n\n            <p>O sucesso de um canto de reminisc\u00eancia depende amplamente da qualidade do acompanhamento proposto pelo pessoal do estabelecimento. A forma\u00e7\u00e3o das equipes constitui, portanto, um investimento indispens\u00e1vel para maximizar os benef\u00edcios terap\u00eauticos do espa\u00e7o planejado. Esta forma\u00e7\u00e3o deve cobrir os aspectos te\u00f3ricos da reminisc\u00eancia, as t\u00e9cnicas de anima\u00e7\u00e3o e as especificidades do acompanhamento das pessoas idosas.<\/p>\n\n            <p>As t\u00e9cnicas de comunica\u00e7\u00e3o adaptadas representam um aspecto essencial desta forma\u00e7\u00e3o. O pessoal deve aprender a fazer perguntas abertas que favore\u00e7am a evoca\u00e7\u00e3o espont\u00e2nea, a ouvir ativamente os relatos dos residentes e a valorizar suas mem\u00f3rias sem julgamento. A arte de retomar uma conversa, de gerenciar emo\u00e7\u00f5es \u00e0s vezes intensas e de criar um clima de confian\u00e7a \u00e9 adquirida pela pr\u00e1tica guiada e pela reflex\u00e3o sobre as experi\u00eancias vividas.<\/p>\n\n            <p>O conhecimento das refer\u00eancias culturais e hist\u00f3ricas das gera\u00e7\u00f5es acolhidas enriquece consideravelmente as intera\u00e7\u00f5es. O pessoal treinado pode contextualizar os objetos, trazer precis\u00f5es hist\u00f3ricas e criar v\u00ednculos entre as experi\u00eancias individuais e a hist\u00f3ria coletiva. Esta cultura geral torna-se uma ferramenta preciosa para estimular as trocas e valorizar os testemunhos dos residentes.<\/p>\n\n            <div class=\"tip-box\">\n                <div class=\"tip-box-label\">Programa de Forma\u00e7\u00e3o<\/div>\n                <p>Organize sess\u00f5es de forma\u00e7\u00e3o pr\u00e1tica onde o pessoal manipula os objetos, experimenta as atividades e desenvolve sua pr\u00f3pria rela\u00e7\u00e3o com os elementos do espa\u00e7o. Esta abordagem experiencial melhora sua capacidade de guiar os residentes e de antecipar as rea\u00e7\u00f5es poss\u00edveis.<\/p>\n            <\/div>\n\n            <div class=\"conseil-card\">\n                <h4>Supervis\u00e3o e Avalia\u00e7\u00e3o<\/h4>\n                <p>Implante um sistema de supervis\u00e3o regular e de avalia\u00e7\u00e3o das pr\u00e1ticas. Os retornos de experi\u00eancia, as an\u00e1lises de casos e os ajustes cont\u00ednuos da abordagem garantem um aumento gradual de compet\u00eancia e uma melhoria constante da qualidade das interven\u00e7\u00f5es.<\/p>\n            <\/div>\n\n            <div class=\"faq-list\">\n                <h2>Perguntas Frequentes sobre os Cantos de Reminisc\u00eancia<\/h2>\n\n                <div class=\"faq-item\">\n                    <div class=\"faq-q\">\n                        <span>Qual or\u00e7amento prever para criar um canto de reminisc\u00eancia completo?<\/span>\n                        <span class=\"faq-icon\">+<\/span>\n                    <\/div>\n<div class=\"faq-a\">\n                        <p>O or\u00e7amento varia consideravelmente de acordo com a magnitude do projeto. Para um espa\u00e7o b\u00e1sico de 20m\u00b2, conte entre 3 000 e 5 000 euros, incluindo o mobili\u00e1rio, os objetos de \u00e9poca e o planejamento. Um projeto mais ambicioso com tecnologias integradas pode atingir de 10 000 a 15 000 euros. Os objetos aut\u00eanticos podem ser obtidos atrav\u00e9s de doa\u00e7\u00f5es de fam\u00edlias ou associa\u00e7\u00f5es locais, reduzindo significativamente os custos.<\/p>\n                    <\/div>\n                <\/div>\n\n                <div class=\"faq-item\">\n                    <div class=\"faq-q\">\n                        <span>Como adaptar o espa\u00e7o para os residentes de diferentes gera\u00e7\u00f5es?<\/span>\n                        <span class=\"faq-icon\">+<\/span>\n                    <\/div>\n                    <div class=\"faq-a\">\n                        <p>Crie subespa\u00e7os correspondentes \u00e0s diferentes \u00e9pocas representadas em sua institui\u00e7\u00e3o. Os anos 1940-1950 para os mais velhos, os anos 1960-1970 para a gera\u00e7\u00e3o seguinte. Use um sistema de rota\u00e7\u00e3o de objetos para adaptar o espa\u00e7o de acordo com os grupos de participantes. A modularidade do planejamento permite essa flexibilidade essencial.<\/p>\n                    <\/div>\n                <\/div>\n\n                <div class=\"faq-item\">\n                    <div class=\"faq-q\">\n                        <span>Quais precau\u00e7\u00f5es tomar para a seguran\u00e7a dos objetos e dos residentes?<\/span>\n                        <span class=\"faq-icon\">+<\/span>\n                    <\/div>\n                    <div class=\"faq-a\">\n                        <p>Evite objetos cortantes, quebr\u00e1veis ou t\u00f3xicos. Fixe firmemente os elementos pesados e verifique regularmente o estado dos objetos manipulados. Instale um sistema de monitoramento discreto e treine a equipe em primeiros socorros. Preveja duplicatas para os objetos mais fr\u00e1geis e estabele\u00e7a regras claras de uso.<\/p>\n                    <\/div>\n                <\/div>\n\n                <div class=\"faq-item\">\n                    <div class=\"faq-q\">\n                        <span>Como medir a efic\u00e1cia terap\u00eautica do espa\u00e7o de reminisc\u00eancia?<\/span>\n                        <span class=\"faq-icon\">+<\/span>\n                    <\/div>\n                    <div class=\"faq-a\">\n                        <p>Utilize grades de observa\u00e7\u00e3o padronizadas para avaliar o humor, a participa\u00e7\u00e3o e as intera\u00e7\u00f5es sociais dos residentes. Documente as melhorias comportamentais, a redu\u00e7\u00e3o dos dist\u00farbios psicocomportamentais e o aumento da comunica\u00e7\u00e3o. Os depoimentos das fam\u00edlias tamb\u00e9m constituem indicadores valiosos do impacto positivo dessas atividades.<\/p>\n                    <\/div>\n                <\/div>\n\n                <div class=\"faq-item\">\n                    <div class=\"faq-q\">\n                        <span>Qual a frequ\u00eancia de uso recomendada para maximizar os benef\u00edcios?<\/span>\n                        <span class=\"faq-icon\">+<\/span>\n                    <\/div>\n                    <div class=\"faq-a\">\n                        <p>As sess\u00f5es de 45 minutos a 1 hora, 2 a 3 vezes por semana, oferecem um bom equil\u00edbrio entre estimula\u00e7\u00e3o e fadiga. O espa\u00e7o tamb\u00e9m pode ser acess\u00edvel em livre acesso para momentos individuais ou visitas familiares. Adapte a frequ\u00eancia de acordo com as capacidades individuais e observe os sinais de fadiga ou hiperatividade que indicariam a necessidade de ajuste.<\/p>\n                    <\/div>\n                <\/div>\n            <\/div>\n\n            <div class=\"cta-box\">\n                <h3>Enrique\u00e7a Sua Abordagem Terap\u00eautica<\/h3>\n                <p>Complete seu canto de reminisc\u00eancia com ferramentas digitais adequadas. COCO PENSA oferece exerc\u00edcios de estimula\u00e7\u00e3o cognitiva que prolongam os benef\u00edcios da terapia de reminisc\u00eancia.<\/p>\n<div class=\"cta-buttons\">\n                    <a href=\"https:\/\/www.dynseo.com\/pt-pt\/coco-pensa-e-coco-se-mexe\/\" class=\"btn-white\">Descobrir COCO PENSA<\/a>\n                    <a href=\"#\" class=\"btn-outline\">Guia Completo PDF<\/a>\n                <\/div>\n            <\/div>\n\n            <div class=\"article-tags\">\n                <a href=\"#\" class=\"article-tag\">Reminisc\u00eancia<\/a>\n                <a href=\"#\" class=\"article-tag\">Lar de idosos<\/a>\n                <a href=\"#\" class=\"article-tag\">Estimula\u00e7\u00e3o Cognitiva<\/a>\n                <a href=\"#\" class=\"article-tag\">Planejamento<\/a>\n                <a href=\"#\" class=\"article-tag\">Terapia N\u00e3o Medicamentosa<\/a>\n                <a href=\"#\" class=\"article-tag\">Pessoas Idosas<\/a>\n                <a href=\"#\" class=\"article-tag\">Anima\u00e7\u00e3o<\/a>\n                <a href=\"#\" class=\"article-tag\">Mem\u00f3ria<\/a>\n            <\/div>\n        <\/div>\n    <\/div>[\/et_pb_code][\/et_pb_column][\/et_pb_row][\/et_pb_section]","_et_gb_content_width":"","footnotes":""},"categories":[2915,2921,1490],"tags":[3135],"class_list":["post-109006","post","type-post","status-publish","format-standard","has-post-thumbnail","hentry","category-les-conseils-des-coachs","category-tout-sur-laide-a-domicile","category-votre-maison-de-retraite-du-futur-fr","tag-lembrancas"],"yoast_head":"<!-- This site is optimized with the Yoast SEO plugin v27.4 - https:\/\/yoast.com\/product\/yoast-seo-wordpress\/ -->\n<title>Criar um canto de reminisc\u00eancia em uma casa de repouso: conselhos e ideias - DYNSEO - Aplica\u00e7\u00f5es educativas e jogos de mem\u00f3ria<\/title>\n<meta name=\"robots\" content=\"index, follow, max-snippet:-1, max-image-preview:large, max-video-preview:-1\" \/>\n<link rel=\"canonical\" href=\"https:\/\/www.dynseo.com\/pt-pt\/criar-um-canto-de-reminiscencia-em-uma-casa-de-repouso-conselhos-e-ideias\/\" \/>\n<meta property=\"og:locale\" content=\"pt_PT\" \/>\n<meta property=\"og:type\" content=\"article\" \/>\n<meta property=\"og:title\" content=\"Criar um canto de reminisc\u00eancia em uma casa de repouso: conselhos e ideias - DYNSEO - Aplica\u00e7\u00f5es educativas e jogos de mem\u00f3ria\" \/>\n<meta property=\"og:url\" content=\"https:\/\/www.dynseo.com\/pt-pt\/criar-um-canto-de-reminiscencia-em-uma-casa-de-repouso-conselhos-e-ideias\/\" \/>\n<meta property=\"og:site_name\" content=\"DYNSEO - Aplica\u00e7\u00f5es educativas e jogos de mem\u00f3ria\" \/>\n<meta property=\"article:published_time\" content=\"2025-11-25T22:44:02+00:00\" \/>\n<meta property=\"article:modified_time\" content=\"2026-04-27T04:17:33+00:00\" \/>\n<meta property=\"og:image\" content=\"https:\/\/www.dynseo.com\/wp-content\/uploads\/2021\/01\/dynseo-elderly-brain-game-games-activities-for-seniors-cognitive-games-activities-statistic-stats-handicap-autims-autistic-1.png\" \/>\n\t<meta property=\"og:image:width\" content=\"348\" \/>\n\t<meta property=\"og:image:height\" content=\"243\" \/>\n\t<meta property=\"og:image:type\" content=\"image\/png\" \/>\n<meta name=\"author\" content=\"DYNSEO\" \/>\n<meta name=\"twitter:label1\" content=\"Escrito por\" \/>\n\t<meta name=\"twitter:data1\" content=\"DYNSEO\" \/>\n\t<meta name=\"twitter:label2\" content=\"Tempo estimado de leitura\" \/>\n\t<meta name=\"twitter:data2\" content=\"20 minutos\" \/>\n<script type=\"application\/ld+json\" class=\"yoast-schema-graph\">{\"@context\":\"https:\\\/\\\/schema.org\",\"@graph\":[{\"@type\":\"Article\",\"@id\":\"https:\\\/\\\/www.dynseo.com\\\/pt-pt\\\/criar-um-canto-de-reminiscencia-em-uma-casa-de-repouso-conselhos-e-ideias\\\/#article\",\"isPartOf\":{\"@id\":\"https:\\\/\\\/www.dynseo.com\\\/pt-pt\\\/criar-um-canto-de-reminiscencia-em-uma-casa-de-repouso-conselhos-e-ideias\\\/\"},\"author\":{\"name\":\"DYNSEO\",\"@id\":\"https:\\\/\\\/www.dynseo.com\\\/pt-pt\\\/#\\\/schema\\\/person\\\/78ef63df2ee64e0989bc68f8401b38d6\"},\"headline\":\"Criar um canto de reminisc\u00eancia em uma casa de repouso: conselhos e ideias\",\"datePublished\":\"2025-11-25T22:44:02+00:00\",\"dateModified\":\"2026-04-27T04:17:33+00:00\",\"mainEntityOfPage\":{\"@id\":\"https:\\\/\\\/www.dynseo.com\\\/pt-pt\\\/criar-um-canto-de-reminiscencia-em-uma-casa-de-repouso-conselhos-e-ideias\\\/\"},\"wordCount\":4070,\"publisher\":{\"@id\":\"https:\\\/\\\/www.dynseo.com\\\/pt-pt\\\/#organization\"},\"image\":{\"@id\":\"https:\\\/\\\/www.dynseo.com\\\/pt-pt\\\/criar-um-canto-de-reminiscencia-em-uma-casa-de-repouso-conselhos-e-ideias\\\/#primaryimage\"},\"thumbnailUrl\":\"https:\\\/\\\/www.dynseo.com\\\/wp-content\\\/uploads\\\/2021\\\/01\\\/dynseo-elderly-brain-game-games-activities-for-seniors-cognitive-games-activities-statistic-stats-handicap-autims-autistic-1.png\",\"keywords\":[\"lembran\u00e7as\"],\"articleSection\":[\"Les conseils des coachs\",\"Tout sur l'aide \u00e0 domicile\",\"Votre maison de retraite du futur\"],\"inLanguage\":\"pt-PT\"},{\"@type\":\"WebPage\",\"@id\":\"https:\\\/\\\/www.dynseo.com\\\/pt-pt\\\/criar-um-canto-de-reminiscencia-em-uma-casa-de-repouso-conselhos-e-ideias\\\/\",\"url\":\"https:\\\/\\\/www.dynseo.com\\\/pt-pt\\\/criar-um-canto-de-reminiscencia-em-uma-casa-de-repouso-conselhos-e-ideias\\\/\",\"name\":\"Criar um canto de reminisc\u00eancia em uma casa de repouso: conselhos e ideias - DYNSEO - Aplica\u00e7\u00f5es educativas e jogos de mem\u00f3ria\",\"isPartOf\":{\"@id\":\"https:\\\/\\\/www.dynseo.com\\\/pt-pt\\\/#website\"},\"primaryImageOfPage\":{\"@id\":\"https:\\\/\\\/www.dynseo.com\\\/pt-pt\\\/criar-um-canto-de-reminiscencia-em-uma-casa-de-repouso-conselhos-e-ideias\\\/#primaryimage\"},\"image\":{\"@id\":\"https:\\\/\\\/www.dynseo.com\\\/pt-pt\\\/criar-um-canto-de-reminiscencia-em-uma-casa-de-repouso-conselhos-e-ideias\\\/#primaryimage\"},\"thumbnailUrl\":\"https:\\\/\\\/www.dynseo.com\\\/wp-content\\\/uploads\\\/2021\\\/01\\\/dynseo-elderly-brain-game-games-activities-for-seniors-cognitive-games-activities-statistic-stats-handicap-autims-autistic-1.png\",\"datePublished\":\"2025-11-25T22:44:02+00:00\",\"dateModified\":\"2026-04-27T04:17:33+00:00\",\"breadcrumb\":{\"@id\":\"https:\\\/\\\/www.dynseo.com\\\/pt-pt\\\/criar-um-canto-de-reminiscencia-em-uma-casa-de-repouso-conselhos-e-ideias\\\/#breadcrumb\"},\"inLanguage\":\"pt-PT\",\"potentialAction\":[{\"@type\":\"ReadAction\",\"target\":[\"https:\\\/\\\/www.dynseo.com\\\/pt-pt\\\/criar-um-canto-de-reminiscencia-em-uma-casa-de-repouso-conselhos-e-ideias\\\/\"]}]},{\"@type\":\"ImageObject\",\"inLanguage\":\"pt-PT\",\"@id\":\"https:\\\/\\\/www.dynseo.com\\\/pt-pt\\\/criar-um-canto-de-reminiscencia-em-uma-casa-de-repouso-conselhos-e-ideias\\\/#primaryimage\",\"url\":\"https:\\\/\\\/www.dynseo.com\\\/wp-content\\\/uploads\\\/2021\\\/01\\\/dynseo-elderly-brain-game-games-activities-for-seniors-cognitive-games-activities-statistic-stats-handicap-autims-autistic-1.png\",\"contentUrl\":\"https:\\\/\\\/www.dynseo.com\\\/wp-content\\\/uploads\\\/2021\\\/01\\\/dynseo-elderly-brain-game-games-activities-for-seniors-cognitive-games-activities-statistic-stats-handicap-autims-autistic-1.png\",\"width\":348,\"height\":243,\"caption\":\"Mantenha a mente ativa com jogos Alzheimer\"},{\"@type\":\"BreadcrumbList\",\"@id\":\"https:\\\/\\\/www.dynseo.com\\\/pt-pt\\\/criar-um-canto-de-reminiscencia-em-uma-casa-de-repouso-conselhos-e-ideias\\\/#breadcrumb\",\"itemListElement\":[{\"@type\":\"ListItem\",\"position\":1,\"name\":\"Accueil\",\"item\":\"https:\\\/\\\/www.dynseo.com\\\/pt-pt\\\/\"},{\"@type\":\"ListItem\",\"position\":2,\"name\":\"Criar um canto de reminisc\u00eancia em uma casa de repouso: conselhos e ideias\"}]},{\"@type\":\"WebSite\",\"@id\":\"https:\\\/\\\/www.dynseo.com\\\/pt-pt\\\/#website\",\"url\":\"https:\\\/\\\/www.dynseo.com\\\/pt-pt\\\/\",\"name\":\"Jeux de m\u00e9moire et stimulation cognitive\",\"description\":\"Entra\u00eenez votre m\u00e9moire et votre cerveau avec DYNSEO\",\"publisher\":{\"@id\":\"https:\\\/\\\/www.dynseo.com\\\/pt-pt\\\/#organization\"},\"potentialAction\":[{\"@type\":\"SearchAction\",\"target\":{\"@type\":\"EntryPoint\",\"urlTemplate\":\"https:\\\/\\\/www.dynseo.com\\\/pt-pt\\\/?s={search_term_string}\"},\"query-input\":{\"@type\":\"PropertyValueSpecification\",\"valueRequired\":true,\"valueName\":\"search_term_string\"}}],\"inLanguage\":\"pt-PT\"},{\"@type\":\"Organization\",\"@id\":\"https:\\\/\\\/www.dynseo.com\\\/pt-pt\\\/#organization\",\"name\":\"DYNSEO\",\"url\":\"https:\\\/\\\/www.dynseo.com\\\/pt-pt\\\/\",\"logo\":{\"@type\":\"ImageObject\",\"inLanguage\":\"pt-PT\",\"@id\":\"https:\\\/\\\/www.dynseo.com\\\/pt-pt\\\/#\\\/schema\\\/logo\\\/image\\\/\",\"url\":\"https:\\\/\\\/www.dynseo.com\\\/wp-content\\\/uploads\\\/2022\\\/05\\\/logo-dynseo-new.png\",\"contentUrl\":\"https:\\\/\\\/www.dynseo.com\\\/wp-content\\\/uploads\\\/2022\\\/05\\\/logo-dynseo-new.png\",\"width\":5073,\"height\":1397,\"caption\":\"DYNSEO\"},\"image\":{\"@id\":\"https:\\\/\\\/www.dynseo.com\\\/pt-pt\\\/#\\\/schema\\\/logo\\\/image\\\/\"}},{\"@type\":\"Person\",\"@id\":\"https:\\\/\\\/www.dynseo.com\\\/pt-pt\\\/#\\\/schema\\\/person\\\/78ef63df2ee64e0989bc68f8401b38d6\",\"name\":\"DYNSEO\",\"url\":\"https:\\\/\\\/www.dynseo.com\\\/pt-pt\\\/author\\\/justine\\\/\"}]}<\/script>\n<!-- \/ Yoast SEO plugin. -->","yoast_head_json":{"title":"Criar um canto de reminisc\u00eancia em uma casa de repouso: conselhos e ideias - DYNSEO - Aplica\u00e7\u00f5es educativas e jogos de mem\u00f3ria","robots":{"index":"index","follow":"follow","max-snippet":"max-snippet:-1","max-image-preview":"max-image-preview:large","max-video-preview":"max-video-preview:-1"},"canonical":"https:\/\/www.dynseo.com\/pt-pt\/criar-um-canto-de-reminiscencia-em-uma-casa-de-repouso-conselhos-e-ideias\/","og_locale":"pt_PT","og_type":"article","og_title":"Criar um canto de reminisc\u00eancia em uma casa de repouso: conselhos e ideias - DYNSEO - Aplica\u00e7\u00f5es educativas e jogos de mem\u00f3ria","og_url":"https:\/\/www.dynseo.com\/pt-pt\/criar-um-canto-de-reminiscencia-em-uma-casa-de-repouso-conselhos-e-ideias\/","og_site_name":"DYNSEO - Aplica\u00e7\u00f5es educativas e jogos de mem\u00f3ria","article_published_time":"2025-11-25T22:44:02+00:00","article_modified_time":"2026-04-27T04:17:33+00:00","og_image":[{"width":348,"height":243,"url":"https:\/\/www.dynseo.com\/wp-content\/uploads\/2021\/01\/dynseo-elderly-brain-game-games-activities-for-seniors-cognitive-games-activities-statistic-stats-handicap-autims-autistic-1.png","type":"image\/png"}],"author":"DYNSEO","twitter_misc":{"Escrito por":"DYNSEO","Tempo estimado de leitura":"20 minutos"},"schema":{"@context":"https:\/\/schema.org","@graph":[{"@type":"Article","@id":"https:\/\/www.dynseo.com\/pt-pt\/criar-um-canto-de-reminiscencia-em-uma-casa-de-repouso-conselhos-e-ideias\/#article","isPartOf":{"@id":"https:\/\/www.dynseo.com\/pt-pt\/criar-um-canto-de-reminiscencia-em-uma-casa-de-repouso-conselhos-e-ideias\/"},"author":{"name":"DYNSEO","@id":"https:\/\/www.dynseo.com\/pt-pt\/#\/schema\/person\/78ef63df2ee64e0989bc68f8401b38d6"},"headline":"Criar um canto de reminisc\u00eancia em uma casa de repouso: conselhos e ideias","datePublished":"2025-11-25T22:44:02+00:00","dateModified":"2026-04-27T04:17:33+00:00","mainEntityOfPage":{"@id":"https:\/\/www.dynseo.com\/pt-pt\/criar-um-canto-de-reminiscencia-em-uma-casa-de-repouso-conselhos-e-ideias\/"},"wordCount":4070,"publisher":{"@id":"https:\/\/www.dynseo.com\/pt-pt\/#organization"},"image":{"@id":"https:\/\/www.dynseo.com\/pt-pt\/criar-um-canto-de-reminiscencia-em-uma-casa-de-repouso-conselhos-e-ideias\/#primaryimage"},"thumbnailUrl":"https:\/\/www.dynseo.com\/wp-content\/uploads\/2021\/01\/dynseo-elderly-brain-game-games-activities-for-seniors-cognitive-games-activities-statistic-stats-handicap-autims-autistic-1.png","keywords":["lembran\u00e7as"],"articleSection":["Les conseils des coachs","Tout sur l'aide \u00e0 domicile","Votre maison de retraite du futur"],"inLanguage":"pt-PT"},{"@type":"WebPage","@id":"https:\/\/www.dynseo.com\/pt-pt\/criar-um-canto-de-reminiscencia-em-uma-casa-de-repouso-conselhos-e-ideias\/","url":"https:\/\/www.dynseo.com\/pt-pt\/criar-um-canto-de-reminiscencia-em-uma-casa-de-repouso-conselhos-e-ideias\/","name":"Criar um canto de reminisc\u00eancia em uma casa de repouso: conselhos e ideias - DYNSEO - Aplica\u00e7\u00f5es educativas e jogos de mem\u00f3ria","isPartOf":{"@id":"https:\/\/www.dynseo.com\/pt-pt\/#website"},"primaryImageOfPage":{"@id":"https:\/\/www.dynseo.com\/pt-pt\/criar-um-canto-de-reminiscencia-em-uma-casa-de-repouso-conselhos-e-ideias\/#primaryimage"},"image":{"@id":"https:\/\/www.dynseo.com\/pt-pt\/criar-um-canto-de-reminiscencia-em-uma-casa-de-repouso-conselhos-e-ideias\/#primaryimage"},"thumbnailUrl":"https:\/\/www.dynseo.com\/wp-content\/uploads\/2021\/01\/dynseo-elderly-brain-game-games-activities-for-seniors-cognitive-games-activities-statistic-stats-handicap-autims-autistic-1.png","datePublished":"2025-11-25T22:44:02+00:00","dateModified":"2026-04-27T04:17:33+00:00","breadcrumb":{"@id":"https:\/\/www.dynseo.com\/pt-pt\/criar-um-canto-de-reminiscencia-em-uma-casa-de-repouso-conselhos-e-ideias\/#breadcrumb"},"inLanguage":"pt-PT","potentialAction":[{"@type":"ReadAction","target":["https:\/\/www.dynseo.com\/pt-pt\/criar-um-canto-de-reminiscencia-em-uma-casa-de-repouso-conselhos-e-ideias\/"]}]},{"@type":"ImageObject","inLanguage":"pt-PT","@id":"https:\/\/www.dynseo.com\/pt-pt\/criar-um-canto-de-reminiscencia-em-uma-casa-de-repouso-conselhos-e-ideias\/#primaryimage","url":"https:\/\/www.dynseo.com\/wp-content\/uploads\/2021\/01\/dynseo-elderly-brain-game-games-activities-for-seniors-cognitive-games-activities-statistic-stats-handicap-autims-autistic-1.png","contentUrl":"https:\/\/www.dynseo.com\/wp-content\/uploads\/2021\/01\/dynseo-elderly-brain-game-games-activities-for-seniors-cognitive-games-activities-statistic-stats-handicap-autims-autistic-1.png","width":348,"height":243,"caption":"Mantenha a mente ativa com jogos Alzheimer"},{"@type":"BreadcrumbList","@id":"https:\/\/www.dynseo.com\/pt-pt\/criar-um-canto-de-reminiscencia-em-uma-casa-de-repouso-conselhos-e-ideias\/#breadcrumb","itemListElement":[{"@type":"ListItem","position":1,"name":"Accueil","item":"https:\/\/www.dynseo.com\/pt-pt\/"},{"@type":"ListItem","position":2,"name":"Criar um canto de reminisc\u00eancia em uma casa de repouso: conselhos e ideias"}]},{"@type":"WebSite","@id":"https:\/\/www.dynseo.com\/pt-pt\/#website","url":"https:\/\/www.dynseo.com\/pt-pt\/","name":"Jeux de m\u00e9moire et stimulation cognitive","description":"Entra\u00eenez votre m\u00e9moire et votre cerveau avec DYNSEO","publisher":{"@id":"https:\/\/www.dynseo.com\/pt-pt\/#organization"},"potentialAction":[{"@type":"SearchAction","target":{"@type":"EntryPoint","urlTemplate":"https:\/\/www.dynseo.com\/pt-pt\/?s={search_term_string}"},"query-input":{"@type":"PropertyValueSpecification","valueRequired":true,"valueName":"search_term_string"}}],"inLanguage":"pt-PT"},{"@type":"Organization","@id":"https:\/\/www.dynseo.com\/pt-pt\/#organization","name":"DYNSEO","url":"https:\/\/www.dynseo.com\/pt-pt\/","logo":{"@type":"ImageObject","inLanguage":"pt-PT","@id":"https:\/\/www.dynseo.com\/pt-pt\/#\/schema\/logo\/image\/","url":"https:\/\/www.dynseo.com\/wp-content\/uploads\/2022\/05\/logo-dynseo-new.png","contentUrl":"https:\/\/www.dynseo.com\/wp-content\/uploads\/2022\/05\/logo-dynseo-new.png","width":5073,"height":1397,"caption":"DYNSEO"},"image":{"@id":"https:\/\/www.dynseo.com\/pt-pt\/#\/schema\/logo\/image\/"}},{"@type":"Person","@id":"https:\/\/www.dynseo.com\/pt-pt\/#\/schema\/person\/78ef63df2ee64e0989bc68f8401b38d6","name":"DYNSEO","url":"https:\/\/www.dynseo.com\/pt-pt\/author\/justine\/"}]}},"_links":{"self":[{"href":"https:\/\/www.dynseo.com\/pt-pt\/wp-json\/wp\/v2\/posts\/109006","targetHints":{"allow":["GET"]}}],"collection":[{"href":"https:\/\/www.dynseo.com\/pt-pt\/wp-json\/wp\/v2\/posts"}],"about":[{"href":"https:\/\/www.dynseo.com\/pt-pt\/wp-json\/wp\/v2\/types\/post"}],"author":[{"embeddable":true,"href":"https:\/\/www.dynseo.com\/pt-pt\/wp-json\/wp\/v2\/users\/4"}],"replies":[{"embeddable":true,"href":"https:\/\/www.dynseo.com\/pt-pt\/wp-json\/wp\/v2\/comments?post=109006"}],"version-history":[{"count":22,"href":"https:\/\/www.dynseo.com\/pt-pt\/wp-json\/wp\/v2\/posts\/109006\/revisions"}],"predecessor-version":[{"id":564542,"href":"https:\/\/www.dynseo.com\/pt-pt\/wp-json\/wp\/v2\/posts\/109006\/revisions\/564542"}],"wp:featuredmedia":[{"embeddable":true,"href":"https:\/\/www.dynseo.com\/pt-pt\/wp-json\/wp\/v2\/media\/301729"}],"wp:attachment":[{"href":"https:\/\/www.dynseo.com\/pt-pt\/wp-json\/wp\/v2\/media?parent=109006"}],"wp:term":[{"taxonomy":"category","embeddable":true,"href":"https:\/\/www.dynseo.com\/pt-pt\/wp-json\/wp\/v2\/categories?post=109006"},{"taxonomy":"post_tag","embeddable":true,"href":"https:\/\/www.dynseo.com\/pt-pt\/wp-json\/wp\/v2\/tags?post=109006"}],"curies":[{"name":"wp","href":"https:\/\/api.w.org\/{rel}","templated":true}]}}