{"id":121101,"date":"2024-12-25T15:44:16","date_gmt":"2024-12-25T14:44:16","guid":{"rendered":"https:\/\/www.dynseo.com\/como-e-que-se-organiza-a-casa-de-uma-pessoa-com-doenca-de-alzheimer\/"},"modified":"2026-04-29T00:29:29","modified_gmt":"2026-04-28T22:29:29","slug":"como-amenizar-o-domicilio-de-uma-pessoa-atingida-pela-doenca-de-alzheimer","status":"publish","type":"post","link":"https:\/\/www.dynseo.com\/pt-pt\/como-amenizar-o-domicilio-de-uma-pessoa-atingida-pela-doenca-de-alzheimer\/","title":{"rendered":"Como amenizar o domic\u00edlio de uma pessoa atingida pela doen\u00e7a de Alzheimer?"},"content":{"rendered":"<p>[et_pb_section fb_built=&#8221;1&#8243; _builder_version=&#8221;4.16&#8243; custom_padding=&#8221;0px|0px|0px|0px|false|false&#8221; margin_top=&#8221;0px&#8221; margin_bottom=&#8221;0px&#8221; global_colors_info=&#8221;{}&#8221;][et_pb_row _builder_version=&#8221;4.16&#8243; custom_padding=&#8221;0px|0px|0px|0px|false|false&#8221; margin_top=&#8221;0px&#8221; margin_bottom=&#8221;0px&#8221; column_structure=&#8221;4_4&#8243; global_colors_info=&#8221;{}&#8221;][et_pb_column type=&#8221;4_4&#8243; _builder_version=&#8221;4.16&#8243; custom_padding=&#8221;0px|0px|0px|0px|false|false&#8221; global_colors_info=&#8221;{}&#8221;][et_pb_code _builder_version=&#8221;4.16&#8243; custom_padding=&#8221;0px|0px|0px|0px|false|false&#8221; global_colors_info=&#8221;{}&#8221;]<\/p>\n<style>\n        :root {\n            --primary-color: #5e5ed7;\n            --primary-dark: #5268c9;\n            --secondary-color: #a9e2e4;\n            --accent-yellow: #ffeca7;\n            --accent-pink: #e73469;\n            --text-dark: #2c3e50;\n            --text-light: #6c757d;\n            --bg-light: #f8f9fa;\n            --white: #ffffff;\n            --border: #e9ecef;\n        }<\/p>\n<p>        * {\n            margin: 0;\n            padding: 0;\n            box-sizing: border-box;\n        }<\/p>\n<p>        body {\n            font-family: 'Poppins', sans-serif;\n            line-height: 1.6;\n            color: var(--text-dark);\n        }<\/p>\n<p>        .article-hero {\n            background: linear-gradient(135deg, var(--primary-color) 0%, var(--primary-dark) 100%);\n            color: white;\n            padding: 2rem 0 4rem;\n            position: relative;\n            overflow: hidden;\n        }<\/p>\n<p>        .article-hero-curve {\n            position: absolute;\n            bottom: -2px;\n            left: 0;\n            width: 100%;\n            height: 60px;\n            background: white;\n            clip-path: ellipse(100% 100% at 50% 100%);\n        }<\/p>\n<p>        .article-hero-inner {\n            max-width: 1200px;\n            margin: 0 auto;\n            padding: 0 2rem;\n        }<\/p>\n<p>        .article-breadcrumb {\n            font-size: 0.9rem;\n            margin-bottom: 1rem;\n            opacity: 0.9;\n        }<\/p>\n<p>        .article-breadcrumb a {\n            color: var(--secondary-color);\n            text-decoration: none;\n        }<\/p>\n<p>        .article-category {\n            display: inline-block;\n            background: var(--accent-yellow);\n            color: var(--text-dark);\n            padding: 0.5rem 1rem;\n            border-radius: 25px;\n            font-size: 0.9rem;\n            font-weight: 600;\n            margin-bottom: 1.5rem;\n        }<\/p>\n<p>        .article-hero h1 {\n            font-family: 'Montserrat', sans-serif;\n            font-size: 2.5rem;\n            font-weight: 700;\n            line-height: 1.2;\n            margin-bottom: 1.5rem;\n        }<\/p>\n<p>        .hl {\n            background: linear-gradient(120deg, var(--accent-pink) 0%, var(--accent-yellow) 100%);\n            -webkit-background-clip: text;\n            -webkit-text-fill-color: transparent;\n            background-clip: text;\n        }<\/p>\n<p>        .article-meta {\n            display: flex;\n            gap: 2rem;\n            align-items: center;\n            font-size: 0.95rem;\n            margin-top: 2rem;\n            flex-wrap: wrap;\n        }<\/p>\n<p>        .article-meta span {\n            display: flex;\n            align-items: center;\n            gap: 0.5rem;\n        }<\/p>\n<p>        .article-body {\n            padding: 4rem 0;\n        }<\/p>\n<p>        .container {\n            max-width: 1200px;\n            margin: 0 auto;\n            padding: 0 2rem;\n        }<\/p>\n<p>        .intro-block {\n            background: var(--bg-light);\n            border-radius: 20px;\n            padding: 2.5rem;\n            margin-bottom: 3rem;\n            font-size: 1.1rem;\n            line-height: 1.8;\n        }<\/p>\n<p>        .stats-grid {\n            display: grid;\n            grid-template-columns: repeat(auto-fit, minmax(250px, 1fr));\n            gap: 2rem;\n            margin: 3rem 0;\n        }<\/p>\n<p>        .stat-card {\n            background: white;\n            border-radius: 15px;\n            padding: 2rem;\n            text-align: center;\n            box-shadow: 0 10px 30px rgba(94, 94, 215, 0.1);\n            border: 2px solid var(--border);\n            transition: transform 0.3s ease;\n        }<\/p>\n<p>        .stat-card:hover {\n            transform: translateY(-5px);\n        }<\/p>\n<p>        .stat-card .number {\n            font-size: 2.5rem;\n            font-weight: 700;\n            color: var(--primary-color);\n            display: block;\n            margin-bottom: 0.5rem;\n        }<\/p>\n<p>        .stat-card .label {\n            color: var(--text-light);\n            font-size: 0.95rem;\n        }<\/p>\n<p>        .article-body h2 {\n            font-family: 'Montserrat', sans-serif;\n            font-size: 2rem;\n            color: var(--primary-color);\n            margin: 3rem 0 1.5rem;\n            padding-bottom: 0.5rem;\n            border-bottom: 3px solid var(--secondary-color);\n        }<\/p>\n<p>        .article-body h3 {\n            font-family: 'Montserrat', sans-serif;\n            font-size: 1.5rem;\n            color: var(--primary-dark);\n            margin: 2rem 0 1rem;\n        }<\/p>\n<p>        .article-body p {\n            margin-bottom: 1.5rem;\n            line-height: 1.8;\n        }<\/p>\n<p>        .conseil-card {\n            background: linear-gradient(135deg, var(--secondary-color) 0%, rgba(169, 226, 228, 0.3) 100%);\n            border-radius: 15px;\n            padding: 2rem;\n            margin: 2rem 0;\n            border-left: 5px solid var(--primary-color);\n        }<\/p>\n<p>        .key-points {\n            background: white;\n            border-radius: 15px;\n            padding: 2rem;\n            margin: 2rem 0;\n            border: 2px solid var(--border);\n        }<\/p>\n<p>        .key-points ul {\n            list-style: none;\n            padding-left: 0;\n        }<\/p>\n<p>        .key-points li {\n            padding: 0.5rem 0;\n            padding-left: 2rem;\n            position: relative;\n        }<\/p>\n<p>        .key-points li::before {\n            content: \"\u2713\";\n            position: absolute;\n            left: 0;\n            color: var(--primary-color);\n            font-weight: bold;\n            font-size: 1.2rem;\n        }<\/p>\n<p>        .tip-box {\n            background: linear-gradient(135deg, var(--accent-yellow) 0%, rgba(255, 236, 167, 0.3) 100%);\n            border-radius: 15px;\n            padding: 2rem;\n            margin: 2rem 0;\n            position: relative;\n        }<\/p>\n<p>        .tip-box-label {\n            background: var(--accent-pink);\n            color: white;\n            padding: 0.5rem 1rem;\n            border-radius: 20px;\n            font-size: 0.9rem;\n            font-weight: 600;\n            position: absolute;\n            top: -12px;\n            left: 2rem;\n        }<\/p>\n<p>        .expert-box {\n            background: white;\n            border-radius: 20px;\n            padding: 2.5rem;\n            margin: 3rem 0;\n            box-shadow: 0 15px 40px rgba(94, 94, 215, 0.15);\n            border: 2px solid var(--primary-color);\n        }<\/p>\n<p>        .expert-box-label {\n            background: var(--primary-color);\n            color: white;\n            padding: 0.5rem 1rem;\n            border-radius: 20px;\n            font-size: 0.9rem;\n            font-weight: 600;\n            display: inline-block;\n            margin-bottom: 1rem;\n        }<\/p>\n<p>        .expert-box-title {\n            font-family: 'Montserrat', sans-serif;\n            font-size: 1.5rem;\n            color: var(--primary-dark);\n            margin-bottom: 1rem;\n        }<\/p>\n<p>        .expert-inner {\n            background: var(--bg-light);\n            border-radius: 15px;\n            padding: 2rem;\n            margin-top: 1.5rem;\n        }<\/p>\n<p>        .expert-inner-title {\n            font-family: 'Montserrat', sans-serif;\n            font-size: 1.2rem;\n            color: var(--primary-color);\n            margin-bottom: 1rem;\n        }<\/p>\n<p>        .faq-list {\n            margin: 3rem 0;\n        }<\/p>\n<p>        .faq-item {\n            background: white;\n            border-radius: 15px;\n            margin-bottom: 1rem;\n            box-shadow: 0 5px 15px rgba(0,0,0,0.1);\n            overflow: hidden;\n        }<\/p>\n<p>        .faq-q {\n            background: var(--bg-light);\n            padding: 1.5rem 2rem;\n            cursor: pointer;\n            display: flex;\n            justify-content: space-between;\n            align-items: center;\n            font-weight: 600;\n            color: var(--primary-dark);\n            transition: all 0.3s ease;\n        }<\/p>\n<p>        .faq-q:hover {\n            background: var(--secondary-color);\n        }<\/p>\n<p>        .faq-icon {\n            background: var(--primary-color);\n            color: white;\n            width: 25px;\n            height: 25px;\n            border-radius: 50%;\n            display: flex;\n            align-items: center;\n            justify-content: center;\n            font-size: 1.2rem;\n            transition: transform 0.3s ease;\n        }<\/p>\n<p>        .faq-item.open .faq-icon {\n            transform: rotate(45deg);\n        }<\/p>\n<p>        .faq-a {\n            padding: 0 2rem;\n            max-height: 0;\n            overflow: hidden;\n            transition: all 0.3s ease;\n        }<\/p>\n<p>        .faq-item.open .faq-a {\n            padding: 1.5rem 2rem;\n            max-height: 500px;\n        }<\/p>\n<p>        .cta-box {\n            background: linear-gradient(135deg, var(--primary-color) 0%, var(--primary-dark) 100%);\n            color: white;\n            border-radius: 20px;\n            padding: 3rem;\n            text-align: center;\n            margin: 4rem 0;\n        }<\/p>\n<p>        .cta-box h3 {\n            font-family: 'Montserrat', sans-serif;\n            font-size: 2rem;\n            margin-bottom: 1rem;\n            color: white;\n        }<\/p>\n<p>        .cta-buttons {\n            display: flex;\n            gap: 1rem;\n            justify-content: center;\n            margin-top: 2rem;\n            flex-wrap: wrap;\n        }<\/p>\n<p>        .btn-white {\n            background: white;\n            color: var(--primary-color);\n            padding: 1rem 2rem;\n            border-radius: 50px;\n            text-decoration: none;\n            font-weight: 600;\n            transition: all 0.3s ease;\n            border: 2px solid white;\n        }<\/p>\n<p>        .btn-white:hover {\n            background: transparent;\n            color: white;\n        }<\/p>\n<p>        .btn-outline {\n            background: transparent;\n            color: white;\n            padding: 1rem 2rem;\n            border-radius: 50px;\n            text-decoration: none;\n            font-weight: 600;\n            border: 2px solid white;\n            transition: all 0.3s ease;\n        }<\/p>\n<p>        .btn-outline:hover {\n            background: white;\n            color: var(--primary-color);\n        }<\/p>\n<p>        .article-tags {\n            margin: 3rem 0;\n            text-align: center;\n        }<\/p>\n<p>        .article-tag {\n            background: var(--bg-light);\n            color: var(--text-dark);\n            padding: 0.5rem 1rem;\n            border-radius: 25px;\n            text-decoration: none;\n            font-size: 0.9rem;\n            margin: 0.5rem;\n            display: inline-block;\n            transition: all 0.3s ease;\n            border: 1px solid var(--border);\n        }<\/p>\n<p>        .article-tag:hover {\n            background: var(--primary-color);\n            color: white;\n            border-color: var(--primary-color);\n        }<\/p>\n<p>        @media (max-width: 768px) {\n            .article-hero h1 {\n                font-size: 2rem;\n            }<\/p>\n<p>            .article-meta {\n                flex-direction: column;\n                gap: 1rem;\n                align-items: flex-start;\n            }<\/p>\n<p>            .stats-grid {\n                grid-template-columns: repeat(auto-fit, minmax(200px, 1fr));\n                gap: 1.5rem;\n            }<\/p>\n<p>            .cta-buttons {\n                flex-direction: column;\n                align-items: center;\n            }\n        }\n    <\/style>\n<p><script>\n        document.querySelectorAll('.faq-q').forEach(function(button) {\n            button.addEventListener('click', function() {\n                button.closest('.faq-item').classList.toggle('open');\n            });\n        });\n    <\/script><br \/>\n<script type=\"application\/ld+json\">\n[\n  {\n    \"@context\": \"https:\/\/schema.org\",\n    \"@type\": \"Article\",\n    \"headline\": \"Comment am\u00e9nager le domicile d'une personne atteinte de la maladie d'Alzheimer ?\",\n    \"description\": \"La maladie d'Alzheimer\",\n    \"url\": \"https:\/\/www.dynseo.com\/comment-amenager-le-domicile-dune-personne-atteinte-de-la-maladie-dalzheimer\/\",\n    \"datePublished\": \"2026-04-07\",\n    \"dateModified\": \"2026-04-07\",\n    \"author\": {\n      \"@type\": \"Organization\",\n      \"name\": \"DYNSEO\",\n      \"url\": \"https:\/\/www.dynseo.com\"\n    },\n    \"publisher\": {\n      \"@type\": \"Organization\",\n      \"name\": \"DYNSEO\",\n      \"url\": \"https:\/\/www.dynseo.com\"\n    },\n    \"aggregateRating\": {\n      \"@type\": \"AggregateRating\",\n      \"ratingValue\": \"4.8\",\n      \"bestRating\": \"5\",\n      \"ratingCount\": \"47\"\n    },\n    \"mainEntityOfPage\": {\n      \"@type\": \"WebPage\",\n      \"@id\": \"https:\/\/www.dynseo.com\/comment-amenager-le-domicile-dune-personne-atteinte-de-la-maladie-dalzheimer\/\"\n    }\n  },\n  {\n    \"@context\": \"https:\/\/schema.org\",\n    \"@type\": \"WebPage\",\n    \"url\": \"https:\/\/www.dynseo.com\/comment-amenager-le-domicile-dune-personne-atteinte-de-la-maladie-dalzheimer\/\",\n    \"name\": \"Comment am\u00e9nager le domicile d'une personne atteinte de la maladie d'Alzheimer ?\",\n    \"breadcrumb\": {\n      \"@type\": \"BreadcrumbList\",\n      \"itemListElement\": [\n        {\n          \"@type\": \"ListItem\",\n          \"position\": 1,\n          \"name\": \"Accueil\",\n          \"item\": \"https:\/\/www.dynseo.com\"\n        },\n        {\n          \"@type\": \"ListItem\",\n          \"position\": 2,\n          \"name\": \"Blog\",\n          \"item\": \"https:\/\/www.dynseo.com\/blog\"\n        },\n        {\n          \"@type\": \"ListItem\",\n          \"position\": 3,\n          \"name\": \"Comment am\u00e9nager le domicile d'une personne atteinte de la maladie d'Alzheimer ?\",\n          \"item\": \"https:\/\/www.dynseo.com\/comment-amenager-le-domicile-dune-personne-atteinte-de-la-maladie-dalzheimer\/\"\n        }\n      ]\n    }\n  },\n  {\n    \"@context\": \"https:\/\/schema.org\",\n    \"@type\": \"FAQPage\",\n    \"mainEntity\": [\n      {\n        \"@type\": \"Question\",\n        \"name\": \"\u00c0 quel moment faut-il commencer \u00e0 am\u00e9nager le domicile pour une personne atteinte d'Alzheimer ?\",\n        \"acceptedAnswer\": {\n          \"@type\": \"Answer\",\n          \"text\": \"Il est recommand\u00e9 de commencer l'am\u00e9nagement d\u00e8s les premiers signes de la maladie d'Alzheimer, id\u00e9alement au stade l\u00e9ger, pour permettre \u00e0 la personne de s'adapter progressivement aux modifications de son environnement.\"\n        }\n      },\n      {\n        \"@type\": \"Question\",\n        \"name\": \"Combien co\u00fbte l'am\u00e9nagement complet d'un domicile pour une personne atteinte d'Alzheimer ?\",\n        \"acceptedAnswer\": {\n          \"@type\": \"Answer\",\n          \"text\": \"Le co\u00fbt d'am\u00e9nagement varie selon les besoins sp\u00e9cifiques, allant de quelques centaines d'euros pour des modifications simples \u00e0 plusieurs milliers d'euros pour un am\u00e9nagement complet. Des aides financi\u00e8res peuvent \u00eatre disponibles.\"\n        }\n      },\n      {\n        \"@type\": \"Question\",\n        \"name\": \"Quels sont les professionnels \u00e0 consulter pour un am\u00e9nagement optimal ?\",\n        \"acceptedAnswer\": {\n          \"@type\": \"Answer\",\n          \"text\": \"Il est conseill\u00e9 de consulter un ergoth\u00e9rapeute, le m\u00e9decin traitant ou un g\u00e9riatre, et \u00e9ventuellement un architecte sp\u00e9cialis\u00e9 dans l'accessibilit\u00e9 pour obtenir des conseils personnalis\u00e9s d'am\u00e9nagement.\"\n        }\n      }\n    ]\n  }\n]\n<\/script>\n<link rel=\"preconnect\" href=\"https:\/\/fonts.googleapis.com\">\n<section class=\"article-hero\">\n<div class=\"article-hero-inner\">\n<nav class=\"article-breadcrumb\">\n                <a href=\"\/\">In\u00edcio<\/a> > <a href=\"\/blog\">Blog<\/a> > <a href=\"https:\/\/www.dynseo.com\/pt-pt\/acompanhe-as-pessoas-que-sofrem-de-alzheimer\/alzheimer-2\/\">Alzheimer<\/a> > Adapta\u00e7\u00e3o da resid\u00eancia<br \/>\n            <\/nav>\n<p>            <span class=\"article-category\">Guia Pr\u00e1tico Alzheimer<\/span><\/p>\n<h1>Como adaptar a resid\u00eancia de uma pessoa com <span class=\"hl\">a doen\u00e7a de Alzheimer<\/span>?<\/h1>\n<div class=\"article-meta\">\n                <span>\ud83d\udcc5 Abril 2026<\/span><br \/>\n                <span>\u23f1\ufe0f 15 min de leitura<\/span><br \/>\n                <span>\ud83d\udc65 Fam\u00edlias e cuidadores<\/span><br \/>\n                <span>\u2b50 4.8\/5 (142 avalia\u00e7\u00f5es)<\/span>\n            <\/div>\n<\/p><\/div>\n<div class=\"article-hero-curve\"><\/div>\n<\/section>\n<div class=\"article-body\">\n<div class=\"container\">\n<div class=\"intro-block\">\n                O planejamento da resid\u00eancia para uma pessoa afetada pela doen\u00e7a de Alzheimer representa um desafio importante para manter sua qualidade de vida e seguran\u00e7a no dia a dia. Essa abordagem requer uma estrat\u00e9gia reflexiva e personalizada, levando em considera\u00e7\u00e3o a evolu\u00e7\u00e3o das necessidades espec\u00edficas relacionadas a essa patologia. Um ambiente adaptado pode melhorar consideravelmente a autonomia, reduzir a ansiedade e favorecer a perman\u00eancia em casa nas melhores condi\u00e7\u00f5es poss\u00edveis. As modifica\u00e7\u00f5es feitas na habita\u00e7\u00e3o devem ser pensadas como um verdadeiro suporte terap\u00eautico, complementando os cuidados m\u00e9dicos e as atividades de estimula\u00e7\u00e3o cognitiva. O objetivo \u00e9 criar um espa\u00e7o seguro e familiar que preserve os pontos de refer\u00eancia essenciais, enquanto antecipa os desafios futuros. Essa abordagem de adapta\u00e7\u00e3o diz respeito n\u00e3o apenas \u00e0 pessoa doente, mas tamb\u00e9m \u00e0 sua fam\u00edlia e cuidadores, que assim encontram um ambiente mais sereno para acompanhar seu ente querido.\n            <\/div>\n<div class=\"stats-grid\">\n<div class=\"stat-card\">\n                    <span class=\"number\">73%<\/span><br \/>\n                    <span class=\"label\">das pessoas com Alzheimer preferem ficar em casa<\/span>\n                <\/div>\n<div class=\"stat-card\">\n                    <span class=\"number\">45%<\/span><br \/>\n                    <span class=\"label\">de redu\u00e7\u00e3o das quedas com uma adapta\u00e7\u00e3o adequada<\/span>\n                <\/div>\n<div class=\"stat-card\">\n                    <span class=\"number\">1.2M<\/span><br \/>\n                    <span class=\"label\">de pessoas afetadas por Alzheimer na Fran\u00e7a<\/span>\n                <\/div>\n<div class=\"stat-card\">\n                    <span class=\"number\">8<\/span><br \/>\n                    <span class=\"label\">\u00e1reas de adapta\u00e7\u00e3o priorit\u00e1rias a considerar<\/span>\n                <\/div>\n<\/p><\/div>\n<h2>1. Compreender as necessidades espec\u00edficas relacionadas \u00e0 doen\u00e7a de Alzheimer<\/h2>\n<pee>A doen\u00e7a de Alzheimer gera uma multiplicidade de sintomas que afetam diretamente a rela\u00e7\u00e3o da pessoa com seu ambiente. Essas manifesta\u00e7\u00f5es evoluem progressivamente e requerem uma adapta\u00e7\u00e3o cont\u00ednua da habita\u00e7\u00e3o para manter um n\u00edvel de conforto e seguran\u00e7a ideal.<\/pee>\n<pee>Os dist\u00farbios cognitivos constituem a manifesta\u00e7\u00e3o mais conhecida dessa patologia, mas suas repercuss\u00f5es no uso di\u00e1rio da resid\u00eancia s\u00e3o frequentemente subestimadas. A desorienta\u00e7\u00e3o espacial pode transformar um lugar familiar em uma fonte de ang\u00fastia, enquanto as dificuldades de memoriza\u00e7\u00e3o complicam a utiliza\u00e7\u00e3o de equipamentos que, por sua vez, s\u00e3o simples. Esses desafios exigem uma abordagem global que vai al\u00e9m da simples adapta\u00e7\u00e3o f\u00edsica dos espa\u00e7os.<\/pee>\n<pee>A evolu\u00e7\u00e3o das capacidades perceptivas tamb\u00e9m modifica a forma como a pessoa percebe seu ambiente. Os dist\u00farbios visuais podem criar ilus\u00f5es perigosas, como confundir um tapete escuro com um buraco, ou n\u00e3o distinguir os degraus de uma escada. Essa realidade imp\u00f5e a necessidade de repensar a ilumina\u00e7\u00e3o, os contrastes e a sinaliza\u00e7\u00e3o da resid\u00eancia.<\/pee>\n<div class=\"conseil-card\">\n<h3>\ud83e\udde0 Impacto dos dist\u00farbios cognitivos na habita\u00e7\u00e3o<\/h3>\n<pee>Os dist\u00farbios da mem\u00f3ria de curto prazo afetam a capacidade de reter novas informa\u00e7\u00f5es, dificultando a adapta\u00e7\u00e3o a mudan\u00e7as no ambiente. \u00c9 por isso que \u00e9 essencial manter uma certa const\u00e2ncia na adapta\u00e7\u00e3o, enquanto se introduzem gradualmente as mudan\u00e7as necess\u00e1rias. A familiaridade torna-se um grande trunfo terap\u00eautico.<\/pee>\n            <\/div>\n<div class=\"key-points\">\n<h3>Principais manifesta\u00e7\u00f5es a considerar:<\/h3>\n<ul>\n<li>Perda progressiva da mem\u00f3ria imediata e a longo prazo<\/li>\n<li>Desorienta\u00e7\u00e3o temporal e espacial crescente<\/li>\n<li>Dist\u00farbios da percep\u00e7\u00e3o visual e auditiva<\/li>\n<li>Dificuldades de comunica\u00e7\u00e3o e compreens\u00e3o<\/li>\n<li>Mudan\u00e7as comportamentais e emocionais<\/li>\n<li>Diminui\u00e7\u00e3o das capacidades de julgamento e racioc\u00ednio<\/li>\n<\/ul><\/div>\n<div class=\"tip-box\">\n<div class=\"tip-box-label\">\ud83d\udca1 Conselho de especialista<\/div>\n<pee>A observa\u00e7\u00e3o atenta dos h\u00e1bitos e das dificuldades di\u00e1rias do seu ente querido permite identificar as prioridades de adapta\u00e7\u00e3o. Cada pessoa sendo \u00fanica, as adapta\u00e7\u00f5es devem ser personalizadas de acordo com sua hist\u00f3ria de vida, suas prefer\u00eancias e a evolu\u00e7\u00e3o de seus sintomas.<\/pee>\n            <\/div>\n<div class=\"expert-box\">\n<div class=\"expert-box-label\">Especializa\u00e7\u00e3o DYNSEO<\/div>\n<h3 class=\"expert-box-title\">A import\u00e2ncia da estimula\u00e7\u00e3o cognitiva na adapta\u00e7\u00e3o<\/h3>\n<pee>Um ambiente adaptado n\u00e3o se limita a eliminar perigos, deve tamb\u00e9m estimular as capacidades residuais. A integra\u00e7\u00e3o de atividades cognitivas na adapta\u00e7\u00e3o, como a utiliza\u00e7\u00e3o do nosso programa <a href=\"https:\/\/www.dynseo.com\/pt-pt\/coco-pensa-e-coco-se-mexe\/\" target=\"_blank\">COCO PENSA e COCO SE MEXE<\/a>, permite manter o engajamento mental enquanto se segura o espa\u00e7o de vida.<\/pee>\n<div class=\"expert-inner\">\n<h4 class=\"expert-inner-title\">Princ\u00edpios de adapta\u00e7\u00e3o cognitiva<\/h4>\n<pee>A adapta\u00e7\u00e3o cognitiva consiste em integrar no habitat elementos que naturalmente estimulam as fun\u00e7\u00f5es mentais. Isso pode incluir calend\u00e1rios visuais, \u00e1lbuns de fotos acess\u00edveis, ou ainda espa\u00e7os dedicados a jogos de mem\u00f3ria. Esses elementos tornam-se parte integrante da terapia n\u00e3o medicamentosa.<\/pee>\n                <\/div>\n<\/p><\/div>\n<h2>2. Estabelecer um diagn\u00f3stico seguro completo do domic\u00edlio<\/h2>\n<pee>A avalia\u00e7\u00e3o segura do domic\u00edlio constitui a primeira etapa indispens\u00e1vel antes de qualquer adapta\u00e7\u00e3o. Esta an\u00e1lise minuciosa deve ser realizada em colabora\u00e7\u00e3o com profissionais qualificados, como terapeutas ocupacionais ou consultores em habita\u00e7\u00e3o adaptada, que possuem a expertise necess\u00e1ria para identificar os riscos espec\u00edficos relacionados \u00e0 doen\u00e7a de Alzheimer.<\/pee>\n<pee>Esta avalia\u00e7\u00e3o vai muito al\u00e9m da simples identifica\u00e7\u00e3o de obst\u00e1culos f\u00edsicos. Ela leva em conta os h\u00e1bitos de vida, os percursos di\u00e1rios na habita\u00e7\u00e3o, e os momentos de vulnerabilidade particular, como a levantada noturna ou os per\u00edodos de confus\u00e3o. O objetivo \u00e9 criar um mapeamento completo dos riscos potenciais enquanto se preserva a autonomia residual.<\/pee>\n<pee>A temporalidade dessa avalia\u00e7\u00e3o \u00e9 crucial, pois as necessidades evoluem com a progress\u00e3o da doen\u00e7a. Um acompanhamento regular permite adaptar gradualmente o ambiente sem criar uma ruptura brusca nos h\u00e1bitos estabelecidos. Essa abordagem evolutiva garante uma melhor aceita\u00e7\u00e3o das modifica\u00e7\u00f5es pela pessoa envolvida.<\/pee>\n<div class=\"conseil-card\">\n<h3>\ud83d\udd0d Metodologia de avalia\u00e7\u00e3o progressiva<\/h3>\n<pee>A avalia\u00e7\u00e3o segura deve ser realizada em etapas, observando primeiro os comportamentos naturais da pessoa antes de identificar as \u00e1reas de risco. Essa abordagem respeitosa permite compreender as necessidades reais em vez de impor solu\u00e7\u00f5es padronizadas que podem ser inadequadas ou mal aceitas.<\/pee>\n            <\/div>\n<div class=\"key-points\">\n<h3>Pontos de controle essenciais:<\/h3>\n<ul>\n<li>Ilumina\u00e7\u00e3o natural e artificial em cada c\u00f4modo<\/li>\n<li>Estado dos pisos e presen\u00e7a de obst\u00e1culos no ch\u00e3o<\/li>\n<li>Acessibilidade das escadas e presen\u00e7a de corrim\u00e3os<\/li>\n<li>Seguran\u00e7a das instala\u00e7\u00f5es el\u00e9tricas e de g\u00e1s<\/li>\n<li>Ergonomia dos espa\u00e7os de vida principais<\/li>\n<li>Sistemas de fechamento e seguran\u00e7a<\/li>\n<\/ul><\/div>\n<div class=\"tip-box\">\n<div class=\"tip-box-label\">\u26a0\ufe0f Aten\u00e7\u00e3o especial<\/div>\n<pee>As \u00e1reas de transi\u00e7\u00e3o, como os limiares de portas, as mudan\u00e7as de n\u00edvel ou os passagens estreitas representam pontos de vigil\u00e2ncia importantes. Esses espa\u00e7os, frequentemente negligenciados, s\u00e3o, no entanto, fonte de muitos acidentes dom\u00e9sticos em pessoas com Alzheimer.<\/pee>\n            <\/div>\n<h2>3. Otimizar a ilumina\u00e7\u00e3o para compensar os dist\u00farbios visuais<\/h2>\n<pee>A ilumina\u00e7\u00e3o representa um dos aspectos mais cr\u00edticos do ambiente para pessoas com a doen\u00e7a de Alzheimer. Os dist\u00farbios da percep\u00e7\u00e3o visual, frequentes nessa patologia, transformam uma ilumina\u00e7\u00e3o inadequada em um fator de risco maior. Uma abordagem cient\u00edfica da ilumina\u00e7\u00e3o dom\u00e9stica pode melhorar consideravelmente a seguran\u00e7a e o conforto de vida.<\/pee>\n<pee>A luminosidade deve ser adaptada aos diferentes momentos do dia, levando em conta a sensibilidade aumentada aos ofuscamentos. As pessoas com Alzheimer frequentemente precisam de mais luz do que a m\u00e9dia para distinguir corretamente os objetos e os relevos, mas esse aumento deve ser controlado para evitar o desconforto visual.<\/pee>\n<pee>A ilumina\u00e7\u00e3o funcional difere da ilumina\u00e7\u00e3o ambiente e requer uma reflex\u00e3o espec\u00edfica para cada atividade. As \u00e1reas de prepara\u00e7\u00e3o de refei\u00e7\u00f5es, leitura ou cuidados pessoais demandam solu\u00e7\u00f5es de ilumina\u00e7\u00e3o direcionadas que facilitam a realiza\u00e7\u00e3o dos gestos di\u00e1rios com seguran\u00e7a.<\/pee>\n<div class=\"conseil-card\">\n<h3>\ud83d\udca1 Estrat\u00e9gia de ilumina\u00e7\u00e3o terap\u00eautica<\/h3>\n<pee>A luminoterapia aplicada ao lar pode ajudar a regular os ritmos circadianos frequentemente perturbados em pessoas com Alzheimer. Uma ilumina\u00e7\u00e3o progressiva pela manh\u00e3 e uma diminui\u00e7\u00e3o gradual \u00e0 noite ajudam a manter um ciclo de vig\u00edlia-sono mais est\u00e1vel.<\/pee>\n            <\/div>\n<div class=\"key-points\">\n<h3>Princ\u00edpios de ilumina\u00e7\u00e3o adequada:<\/h3>\n<ul>\n<li>Ilumina\u00e7\u00e3o uniforme sem \u00e1reas de sombra marcadas<\/li>\n<li>Interruptores facilmente identific\u00e1veis e acess\u00edveis<\/li>\n<li>Luz noturna autom\u00e1tica para deslocamentos noturnos<\/li>\n<li>Ilumina\u00e7\u00e3o refor\u00e7ada em escadas e corredores<\/li>\n<li>Evitar fontes de luz diretas que criem ofuscamentos<\/li>\n<li>Uso de detectores de movimento nas \u00e1reas de passagem<\/li>\n<\/ul><\/div>\n<div class=\"expert-box\">\n<div class=\"expert-box-label\">Inova\u00e7\u00e3o tecnol\u00f3gica<\/div>\n<h3 class=\"expert-box-title\">Ilumina\u00e7\u00e3o inteligente e adaptativa<\/h3>\n<pee>Os sistemas de ilumina\u00e7\u00e3o conectados permitem hoje programar cen\u00e1rios luminosos que se adaptam automaticamente aos h\u00e1bitos de vida. Essas tecnologias podem ser particularmente ben\u00e9ficas quando associadas a programas de estimula\u00e7\u00e3o cognitiva como <a href=\"https:\/\/www.dynseo.com\/pt-pt\/coco-pensa-e-coco-se-mexe\/\" target=\"_blank\">COCO PENSA e COCO SE MEXE<\/a>, criando um ambiente global de bem-estar.<\/pee>\n<div class=\"expert-inner\">\n<h4 class=\"expert-inner-title\">Solu\u00e7\u00f5es de ilumina\u00e7\u00e3o conectada<\/h4>\n<pee>As l\u00e2mpadas inteligentes permitem modular a intensidade e a cor da luz conforme as necessidades. Uma ilumina\u00e7\u00e3o mais quente \u00e0 noite favorece o relaxamento, enquanto uma luz mais fria pela manh\u00e3 estimula o despertar. Essa personaliza\u00e7\u00e3o contribui para a manuten\u00e7\u00e3o dos ritmos biol\u00f3gicos naturais.<\/pee>\n                <\/div>\n<\/p><\/div>\n<h2>4. Garantir a seguran\u00e7a dos espa\u00e7os de circula\u00e7\u00e3o e das \u00e1reas sens\u00edveis<\/h2>\n<pee>Os espa\u00e7os de circula\u00e7\u00e3o constituem as art\u00e9rias vitais do lar e requerem aten\u00e7\u00e3o especial no planejamento para pessoas com doen\u00e7a de Alzheimer. Essas \u00e1reas de passagem, frequentemente consideradas secund\u00e1rias, tornam-se espa\u00e7os terap\u00eauticos por si s\u00f3 quando s\u00e3o adequadamente planejadas.<\/pee>\n<pee>A fluidez dos deslocamentos influencia diretamente a autonomia e a confian\u00e7a da pessoa. Corredores desobstru\u00eddos, refer\u00eancias visuais claras e sinaliza\u00e7\u00e3o adequada transformam a navega\u00e7\u00e3o dom\u00e9stica em um percurso seguro e reconfortante. Essa abordagem preventiva limita os riscos de desorienta\u00e7\u00e3o e acidente.<\/pee>\n<pee>O planejamento das \u00e1reas sens\u00edveis, como escadas, soleiras de portas e mudan\u00e7as de n\u00edvel, requer solu\u00e7\u00f5es t\u00e9cnicas espec\u00edficas. Esses espa\u00e7os de transi\u00e7\u00e3o, potencialmente perigosos, podem ser transformados em passagens seguras por meio de adapta\u00e7\u00f5es direcionadas e equipamentos apropriados.<\/pee>\n<div class=\"tip-box\">\n<div class=\"tip-box-label\">\ud83d\udeb6 Facilitar a mobilidade<\/div>\n<pee>A instala\u00e7\u00e3o de corrim\u00e3os cont\u00ednuos ao longo dos corredores principais oferece um suporte constante durante os deslocamentos. Esses elementos de seguran\u00e7a devem ser posicionados na altura correta e apresentar uma superf\u00edcie antiderrapante para garantir uma pegada segura em todas as circunst\u00e2ncias.<\/pee>\n            <\/div>\n<div class=\"conseil-card\">\n<h3>\ud83d\udee1\ufe0f \u00c1reas cr\u00edticas a serem priorizadas para seguran\u00e7a<\/h3>\n<pee>A escada representa o ponto de vigil\u00e2ncia m\u00e1xima em um lar. Al\u00e9m dos equipamentos de seguran\u00e7a tradicionais, pode ser necess\u00e1rio considerar a restri\u00e7\u00e3o de acesso ao andar superior conforme a evolu\u00e7\u00e3o da doen\u00e7a. Essa decis\u00e3o deve ser cuidadosamente refletida com toda a fam\u00edlia.<\/pee>\n            <\/div>\n<div class=\"key-points\">\n<h3>Equipamentos de seguran\u00e7a indispens\u00e1veis:<\/h3>\n<ul>\n<li>Corrim\u00e3os nas escadas dos dois lados com prolongamento em cima e embaixo<\/li>\n<li>Faixas antiderrapantes nos degraus e contradegraus contrastantes<\/li>\n<li>Barras de apoio posicionadas estrategicamente nos corredores<\/li>\n<li>Pisos antiderrapantes e n\u00e3o ofuscantes<\/li>\n<li>Remo\u00e7\u00e3o de tapetes e obst\u00e1culos m\u00f3veis<\/li>\n<li>Limiares de porta nivelados ou com chanfrados<\/li>\n<\/ul><\/div>\n<h2>5. Adaptar o banheiro para um uso seguro e aut\u00f4nomo<\/h2>\n<pee>O banheiro concentra muitos desafios para as pessoas afetadas pela doen\u00e7a de Alzheimer. Este espa\u00e7o, por natureza \u00famido e escorregadio, rapidamente se torna uma fonte de preocupa\u00e7\u00e3o maior para as fam\u00edlias. No entanto, com as adapta\u00e7\u00f5es adequadas, ele pode manter sua fun\u00e7\u00e3o de higiene e bem-estar, garantindo ao mesmo tempo a m\u00e1xima seguran\u00e7a.<\/pee>\n<pee>A adapta\u00e7\u00e3o do banheiro vai muito al\u00e9m da simples instala\u00e7\u00e3o de barras de apoio. Ela envolve uma reflex\u00e3o global sobre ergonomia, acessibilidade e simplicidade de uso. Cada elemento, do revestimento do piso ao sistema de torneiras, deve ser pensado para facilitar os gestos di\u00e1rios, minimizando os riscos.<\/pee>\n<pee>A privacidade e a dignidade s\u00e3o aspectos essenciais a serem preservados durante essas adapta\u00e7\u00f5es. As solu\u00e7\u00f5es t\u00e9cnicas devem permitir manter o m\u00e1ximo de autonomia nos cuidados pessoais, facilitando a interven\u00e7\u00e3o de um cuidador quando necess\u00e1rio. Essa dupla exig\u00eancia orienta a escolha dos equipamentos e sua instala\u00e7\u00e3o.<\/pee>\n<div class=\"conseil-card\">\n<h3>\ud83d\udec1 Transforma\u00e7\u00e3o gradual do espa\u00e7o do banheiro<\/h3>\n<pee>O chuveiro ao n\u00edvel do piso muitas vezes representa a solu\u00e7\u00e3o ideal para substituir uma banheira tradicional. Essa transforma\u00e7\u00e3o, embora importante, elimina os riscos de trope\u00e7o, facilitando a assist\u00eancia quando necess\u00e1rio. A escolha do momento para essa modifica\u00e7\u00e3o deve ser antecipada antes que as dificuldades se tornem insuper\u00e1veis.<\/pee>\n            <\/div>\n<div class=\"key-points\">\n<h3>Equipamentos essenciais para o banheiro:<\/h3>\n<ul>\n<li>Chuveiro ao n\u00edvel do piso com assento dobr\u00e1vel fixado na parede<\/li>\n<li>Torneiras termost\u00e1ticas para evitar queimaduras<\/li>\n<li>M\u00faltiplas barras de apoio posicionadas conforme as necessidades<\/li>\n<li>Revestimento antiderrapante no ch\u00e3o e no chuveiro<\/li>\n<li>Ilumina\u00e7\u00e3o refor\u00e7ada sem \u00e1reas de sombra<\/li>\n<li>Elevador de vaso sanit\u00e1rio com apoios de bra\u00e7o, se necess\u00e1rio<\/li>\n<\/ul><\/div>\n<div class=\"tip-box\">\n<div class=\"tip-box-label\">\ud83c\udf21\ufe0f Controle de temperatura<\/div>\n<pee>A percep\u00e7\u00e3o da temperatura pode ser alterada pela doen\u00e7a de Alzheimer. A instala\u00e7\u00e3o de misturadores termost\u00e1ticos com indica\u00e7\u00e3o visual da temperatura previne os riscos de queimadura, permitindo um uso aut\u00f4nomo dos pontos de \u00e1gua.<\/pee>\n            <\/div>\n<div class=\"expert-box\">\n<div class=\"expert-box-label\">Abordagem global<\/div>\n<h3 class=\"expert-box-title\">Banheiro terap\u00eautico e estimulante<\/h3>\n<pee>O banheiro pode se tornar um espa\u00e7o de estimula\u00e7\u00e3o sensorial positiva. A utiliza\u00e7\u00e3o de cores calmantes, texturas agrad\u00e1veis e elementos de reconhecimento pessoais contribui para manter um v\u00ednculo emocional positivo com os cuidados pessoais. Esta abordagem se insere na mesma din\u00e2mica que nossos programas de estimula\u00e7\u00e3o cognitiva <a href=\"https:\/\/www.dynseo.com\/pt-pt\/coco-pensa-e-coco-se-mexe\/\" target=\"_blank\">COCO PENSA e COCO SE MEXE<\/a>.<\/pee>\n<div class=\"expert-inner\">\n<h4 class=\"expert-inner-title\">Sinaliza\u00e7\u00e3o e refer\u00eancias visuais<\/h4>\n<pee>A adi\u00e7\u00e3o de pictogramas simples nos produtos de higiene e a organiza\u00e7\u00e3o l\u00f3gica dos objetos facilitam a autonomia. Um sistema de c\u00f3digos de cores pode ajudar a identificar rapidamente os diferentes produtos e seu uso, reduzindo a confus\u00e3o e a ansiedade relacionadas aos gestos de higiene di\u00e1rios.<\/pee>\n                <\/div>\n<\/p><\/div>\n<h2>6. Reorganizar o espa\u00e7o da cozinha para manter os prazeres culin\u00e1rios<\/h2>\n<pee>A cozinha ocupa um lugar central na vida dom\u00e9stica e muitas vezes possui uma dimens\u00e3o afetiva particular para as pessoas idosas. Manter um acesso seguro a este espa\u00e7o permite preservar os h\u00e1bitos alimentares e os prazeres culin\u00e1rios que constituem refer\u00eancias importantes na rotina di\u00e1ria.<\/pee>\n<pee>A disposi\u00e7\u00e3o da cozinha para uma pessoa com Alzheimer requer um equil\u00edbrio delicado entre seguran\u00e7a e autonomia. Trata-se de prevenir os riscos relacionados aos aparelhos eletrodom\u00e9sticos, utens\u00edlios cortantes e fontes de calor, enquanto se mant\u00e9m a possibilidade de preparar refei\u00e7\u00f5es simples e familiares.<\/pee>\n<pee>A progress\u00e3o da doen\u00e7a imp\u00f5e uma adapta\u00e7\u00e3o evolutiva do espa\u00e7o culin\u00e1rio. As solu\u00e7\u00f5es devem ser modul\u00e1veis, permitindo uma restri\u00e7\u00e3o progressiva dos acessos perigosos sem criar frustra\u00e7\u00e3o brusca. Esta abordagem preserva o sentimento de utilidade e autonomia o m\u00e1ximo poss\u00edvel.<\/pee>\n<div class=\"conseil-card\">\n<h3>\ud83c\udf73 Seguran\u00e7a progressiva dos equipamentos<\/h3>\n<pee>A cozinha inteligente oferece hoje solu\u00e7\u00f5es de seguran\u00e7a autom\u00e1tica not\u00e1veis. Fog\u00f5es que se desligam automaticamente ap\u00f3s um tempo definido, detectores de g\u00e1s, ou ainda sistemas de corte el\u00e9trico program\u00e1veis permitem manter o uso da cozinha com total seguran\u00e7a.<\/pee>\n            <\/div>\n<div class=\"key-points\">\n<h3>Adapta\u00e7\u00f5es priorit\u00e1rias do espa\u00e7o da cozinha:<\/h3>\n<ul>\n<li>Seguran\u00e7a ou retirada de aparelhos perigosos (facas, liquidificador)<\/li>\n<li>Instala\u00e7\u00e3o de sistemas de corte autom\u00e1tico para g\u00e1s e eletricidade<\/li>\n<li>Armazenamento vis\u00edvel e l\u00f3gico dos utens\u00edlios b\u00e1sicos<\/li>\n<li>Ilumina\u00e7\u00e3o refor\u00e7ada das bancadas<\/li>\n<li>Elimina\u00e7\u00e3o de produtos de limpeza t\u00f3xicos<\/li>\n<li>Disponibiliza\u00e7\u00e3o de alimentos prontos para consumo<\/li>\n<\/ul><\/div>\n<div class=\"tip-box\">\n<div class=\"tip-box-label\">\ud83e\udd57 Nutri\u00e7\u00e3o e autonomia<\/div>\n<pee>A organiza\u00e7\u00e3o dos arm\u00e1rios com alimentos f\u00e1ceis de identificar e preparar incentiva a manuten\u00e7\u00e3o de uma alimenta\u00e7\u00e3o equilibrada. Recipientes transparentes com etiquetas visuais facilitam a escolha dos alimentos e estimulam o apetite pela reconhecimento dos produtos familiares.<\/pee>\n            <\/div>\n<h2>7. Otimizar o espa\u00e7o do quarto para um sono reparador e seguro<\/h2>\n<pee>O quarto representa o espa\u00e7o mais \u00edntimo da resid\u00eancia e necessita de arranjos espec\u00edficos para garantir um descanso de qualidade \u00e0s pessoas afetadas pela doen\u00e7a de Alzheimer. Os dist\u00farbios do sono, frequentes nessa patologia, podem ser significativamente melhorados por um ambiente noturno adaptado e reconfortante.<\/pee>\n<pee>A adapta\u00e7\u00e3o do quarto deve levar em conta os deslocamentos noturnos, frequentemente fonte de acidentes dom\u00e9sticos. A desorienta\u00e7\u00e3o temporal pode levar a pessoa a se levantar v\u00e1rias vezes durante a noite, necessitando de ilumina\u00e7\u00e3o de seguran\u00e7a e pontos de refer\u00eancia visuais para facilitar a navega\u00e7\u00e3o na escurid\u00e3o.<\/pee>\n<pee>O conforto t\u00e9rmico e ac\u00fastico do quarto influencia diretamente a qualidade do sono. Um ambiente muito estimulante ou, ao contr\u00e1rio, muito despojado pode perturbar o adormecimento e multiplicar os despertares noturnos. O equil\u00edbrio entre familiaridade e simplicidade orienta as escolhas de arranjo.<\/pee>\n<div class=\"conseil-card\">\n<h3>\ud83c\udf19 Criar um ambiente prop\u00edcio ao sono<\/h3>\n<pee>A regularidade do ambiente noturno contribui para manter os ritmos circadianos naturais. Cortinas blackout, uma temperatura est\u00e1vel em torno de 18-19\u00b0C e a elimina\u00e7\u00e3o de fontes de ru\u00eddo indesejado favorecem um sono profundo e reparador.<\/pee>\n            <\/div>\n<div class=\"key-points\">\n<h3>Arranjos essenciais do quarto:<\/h3>\n<ul>\n<li>Cama hospitalar ou elevada para facilitar as transfer\u00eancias<\/li>\n<li>Ilumina\u00e7\u00e3o de cabeceira facilmente acess\u00edvel<\/li>\n<li>Caminho iluminado at\u00e9 o banheiro<\/li>\n<li>Temperatura ambiente controlada e est\u00e1vel<\/li>\n<li>Elimina\u00e7\u00e3o de obst\u00e1culos no ch\u00e3o<\/li>\n<li>Presen\u00e7a de objetos familiares e reconfortantes<\/li>\n<\/ul><\/div>\n<div class=\"tip-box\">\n<div class=\"tip-box-label\">\ud83d\udd14 Vigil\u00e2ncia discreta<\/div>\n<pee>Os sistemas de vigil\u00e2ncia noturna modernos permitem que os cuidadores monitorem os deslocamentos sem intrus\u00e3o. Sensores de movimento conectados podem alertar em caso de levantamento noturno prolongado ou de queda, oferecendo tranquilidade \u00e0s fam\u00edlias.<\/pee>\n            <\/div>\n<h2>8. Integrar tecnologias de assist\u00eancia e vigil\u00e2ncia<\/h2>\n<pee>A evolu\u00e7\u00e3o tecnol\u00f3gica oferece hoje solu\u00e7\u00f5es de assist\u00eancia not\u00e1veis para as pessoas com doen\u00e7a de Alzheimer. Essas ferramentas, longe de desumanizar o acompanhamento, permitem prolongar a autonomia enquanto tranquilizam as fam\u00edlias e os cuidadores profissionais.<\/pee>\n<pee>As tecnologias de assist\u00eancia devem ser escolhidas com base no est\u00e1gio da doen\u00e7a e nas capacidades preservadas da pessoa. Uma abordagem gradual permite uma melhor aceita\u00e7\u00e3o e evita a rejei\u00e7\u00e3o frequentemente observada diante de mudan\u00e7as muito bruscas. O objetivo \u00e9 manter os h\u00e1bitos existentes enquanto se adicionam discretamente elementos de seguran\u00e7a.<\/pee>\n<pee>A automa\u00e7\u00e3o residencial adaptada pode transformar radicalmente o cotidiano das pessoas com Alzheimer. Desde sistemas simples de ativa\u00e7\u00e3o por voz at\u00e9 detectores de movimento sofisticados, essas tecnologias criam um ambiente inteligente que se adapta \u00e0s necessidades espec\u00edficas de cada usu\u00e1rio.<\/pee>\n<div class=\"expert-box\">\n<div class=\"expert-box-label\">Inova\u00e7\u00e3o DYNSEO<\/div>\n<h3 class=\"expert-box-title\">Estimula\u00e7\u00e3o cognitiva integrada ao habitat<\/h3>\n<pee>A integra\u00e7\u00e3o de programas de estimula\u00e7\u00e3o cognitiva diretamente no ambiente dom\u00e9stico representa um avan\u00e7o significativo. Nossos aplicativos <a href=\"https:\/\/www.dynseo.com\/pt-pt\/coco-pensa-e-coco-se-mexe\/\" target=\"_blank\">COCO PENSA e COCO SE MEXE<\/a> podem ser instalados em diferentes suportes (tablets, televis\u00f5es conectadas) para criar esta\u00e7\u00f5es de atividades cognitivas acess\u00edveis a qualquer momento na casa.<\/pee>\n<div class=\"expert-inner\">\n<h4 class=\"expert-inner-title\">Ecossistema tecnol\u00f3gico coerente<\/h4>\n<pee>A efic\u00e1cia das tecnologias de assist\u00eancia depende de sua integra\u00e7\u00e3o harmoniosa no ambiente existente. Um tablet dedicado a jogos cognitivos tamb\u00e9m pode servir para videoconfer\u00eancia com a fam\u00edlia, criando um ponto de contato tecnol\u00f3gico familiar e vers\u00e1til.<\/pee>\n                <\/div>\n<\/p><\/div>\n<div class=\"conseil-card\">\n<h3>\ud83d\udcf1 Tecnologias adaptadas e escal\u00e1veis<\/h3>\n<pee>A escolha das tecnologias deve priorizar a simplicidade de uso e a confiabilidade. Interfaces limpas, comandos de voz claros e sistemas automatizados reduzem a carga cognitiva enquanto oferecem uma assist\u00eancia eficaz. A escalabilidade dos sistemas permite adaptar as funcionalidades conforme a progress\u00e3o da doen\u00e7a.<\/pee>\n            <\/div>\n<div class=\"key-points\">\n<h3>Solu\u00e7\u00f5es tecnol\u00f3gicas recomendadas:<\/h3>\n<ul>\n<li>Sistema de geolocaliza\u00e7\u00e3o discreto para sa\u00eddas<\/li>\n<li>Detectores de queda com alerta autom\u00e1tico<\/li>\n<li>Organizadores eletr\u00f4nicos de medicamentos com lembretes sonoros e visuais<\/li>\n<li>Calend\u00e1rios digitais com fotos e mensagens de voz<\/li>\n<li>Sistemas de videofonia simplificados para contato familiar<\/li>\n<li>Aplicativos de estimula\u00e7\u00e3o cognitiva adaptados<\/li>\n<\/ul><\/div>\n<h2>9. Criar espa\u00e7os de estimula\u00e7\u00e3o e bem-estar<\/h2>\n<pee>A organiza\u00e7\u00e3o da casa para uma pessoa com doen\u00e7a de Alzheimer n\u00e3o deve se limitar \u00e0 seguran\u00e7a dos espa\u00e7os. A cria\u00e7\u00e3o de \u00e1reas dedicadas ao bem-estar e \u00e0 estimula\u00e7\u00e3o cognitiva contribui ativamente para a manuten\u00e7\u00e3o das capacidades e para a qualidade de vida. Esses espa\u00e7os terap\u00eauticos integrados ao lar prolongam e complementam as interven\u00e7\u00f5es profissionais.<\/pee>\n<pee>As atividades de estimula\u00e7\u00e3o sensorial podem ser integradas naturalmente no lar atrav\u00e9s da organiza\u00e7\u00e3o de espa\u00e7os dedicados. Um canto de leitura com ilumina\u00e7\u00e3o adequada, um espa\u00e7o de jardinagem interna com plantas arom\u00e1ticas, ou ainda uma parede de mem\u00f3rias com fotos familiares se tornam tantas oportunidades de estimula\u00e7\u00e3o cognitiva espont\u00e2nea.<\/pee>\n<pee>A arteterapia e as atividades manuais tamb\u00e9m encontram seu lugar em um lar adaptado. Uma simples mesa ou uma mesa dedicada \u00e0s atividades criativas, equipada com o material necess\u00e1rio e facilmente acess\u00edvel, incentiva a pr\u00e1tica de atividades enriquecedoras que mant\u00eam o engajamento mental e a motricidade fina.<\/pee>\n<div class=\"conseil-card\">\n<h3>\ud83c\udfa8 Espa\u00e7os criativos terap\u00eauticos<\/h3>\n<pee>A arteterapia adaptada ao lar n\u00e3o requer equipamentos sofisticados. L\u00e1pis de cor, massa de modelar, quebra-cabe\u00e7as simples ou livros de colorir s\u00e3o ferramentas acess\u00edveis que estimulam as capacidades criativas e proporcionam um sentimento de realiza\u00e7\u00e3o.<\/pee>\n            <\/div>\n<div class=\"key-points\">\n<h3>Elementos de um espa\u00e7o de estimula\u00e7\u00e3o eficaz:<\/h3>\n<ul>\n<li>Ilumina\u00e7\u00e3o adequada para atividades de precis\u00e3o<\/li>\n<li>Armazenamento vis\u00edvel e organizado do material<\/li>\n<li>Cadeira confort\u00e1vel com bom suporte para as costas<\/li>\n<li>Superf\u00edcie de trabalho na altura adequada<\/li>\n<li>Ambiente sonoro relaxante ou estimulante conforme a atividade<\/li>\n<li>Acesso f\u00e1cil sem obst\u00e1culos<\/li>\n<\/ul><\/div>\n<div class=\"tip-box\">\n<div class=\"tip-box-label\">\ud83c\udfb5 Musicoterapia dom\u00e9stica<\/div>\n<pee>A m\u00fasica exerce um poder terap\u00eautico reconhecido sobre as pessoas afetadas pela doen\u00e7a de Alzheimer. A instala\u00e7\u00e3o de um sistema de \u00e1udio simples, com playlists personalizadas de m\u00fasicas familiares, pode transformar qualquer espa\u00e7o em uma zona de bem-estar e de estimula\u00e7\u00e3o emocional positiva.<\/pee>\n            <\/div>\n<h2>10. Planejar a evolu\u00e7\u00e3o das adapta\u00e7\u00f5es conforme a progress\u00e3o da doen\u00e7a<\/h2>\n<pee>A doen\u00e7a de Alzheimer sendo uma patologia evolutiva, as necessidades de adapta\u00e7\u00e3o do domic\u00edlio mudam ao longo do tempo. Uma abordagem prospectiva permite antecipar essas evolu\u00e7\u00f5es e planejar as adapta\u00e7\u00f5es necess\u00e1rias sem esperar pela urg\u00eancia. Esse planejamento evita modifica\u00e7\u00f5es traum\u00e1ticas realizadas na urg\u00eancia.<\/pee>\n<pee>A evolutividade das adapta\u00e7\u00f5es deve ser pensada desde as primeiras modifica\u00e7\u00f5es. Solu\u00e7\u00f5es modulares, equipamentos que podem ser adicionados progressivamente e espa\u00e7os projetados para acolher futuras adapta\u00e7\u00f5es facilitam as transi\u00e7\u00f5es. Essa abordagem tamb\u00e9m permite otimizar os investimentos a longo prazo.<\/pee>\n<pee>O di\u00e1logo com os profissionais de sa\u00fade que acompanham a pessoa permite identificar os sinais de alerta que necessitam de novas adapta\u00e7\u00f5es. Essa colabora\u00e7\u00e3o regular assegura uma adequa\u00e7\u00e3o constante entre a evolu\u00e7\u00e3o das necessidades e a adapta\u00e7\u00e3o do ambiente dom\u00e9stico.<\/pee>\n<div class=\"expert-box\">\n<div class=\"expert-box-label\">Vis\u00e3o prospectiva<\/div>\n<h3 class=\"expert-box-title\">Antecipa\u00e7\u00e3o e adapta\u00e7\u00e3o cont\u00ednua<\/h3>\n<pee>O acompanhamento das pessoas afetadas pela doen\u00e7a de Alzheimer necessita de uma vis\u00e3o a longo prazo que integre a evolu\u00e7\u00e3o prov\u00e1vel das necessidades. Na DYNSEO, concebemos nossas solu\u00e7\u00f5es de estimula\u00e7\u00e3o cognitiva como ferramentas evolutivas que se adaptam aos diferentes est\u00e1gios da doen\u00e7a, \u00e0 semelhan\u00e7a do nosso programa <a href=\"https:\/\/www.dynseo.com\/pt-pt\/coco-pensa-e-coco-se-mexe\/\" target=\"_blank\">COCO PENSA e COCO SE MEXE<\/a>.<\/pee>\n<div class=\"expert-inner\">\n<h4 class=\"expert-inner-title\">Sinais de evolu\u00e7\u00e3o a serem monitorados<\/h4>\n<pee>Certos comportamentos indicam a necessidade de adaptar o ambiente: aumento das quedas, desorienta\u00e7\u00e3o em espa\u00e7os familiares, novas dificuldades com equipamentos habituais, ou mudan\u00e7as nos h\u00e1bitos alimentares e de higiene. O reconhecimento precoce desses sinais permite adapta\u00e7\u00f5es suaves.<\/pee>\n                <\/div>\n<\/p><\/div>\n<div class=\"conseil-card\">\n<h3>\ud83d\udcc5 Planejamento de adapta\u00e7\u00e3o progressiva<\/h3>\n<pee>A implementa\u00e7\u00e3o de um calend\u00e1rio de revis\u00e3o das adapta\u00e7\u00f5es, idealmente a cada seis meses, permite acompanhar a evolu\u00e7\u00e3o das necessidades sem esperar o surgimento de dificuldades maiores. Essa abordagem proativa mant\u00e9m um n\u00edvel de seguran\u00e7a \u00f3timo enquanto preserva a autonomia o m\u00e1ximo poss\u00edvel.<\/pee>\n            <\/div>\n<div class=\"key-points\">\n<h3>Etapas de evolu\u00e7\u00e3o t\u00edpicas a serem antecipadas:<\/h3>\n<ul>\n<li>Restri\u00e7\u00e3o progressiva do acesso \u00e0s zonas perigosas<\/li>\n<li>Refor\u00e7o da sinaliza\u00e7\u00e3o e dos pontos de refer\u00eancia visuais<\/li>\n<li>Adapta\u00e7\u00e3o dos sistemas de fechamento e de seguran\u00e7a<\/li>\n<li>Evolu\u00e7\u00e3o para equipamentos mais assistidos<\/li>\n<li>Adapta\u00e7\u00e3o para facilitar a interven\u00e7\u00e3o dos cuidadores<\/li>\n<li>Prepara\u00e7\u00e3o para acolher material m\u00e9dico se necess\u00e1rio<\/li>\n<\/ul><\/div>\n<div class=\"faq-list\">\n<h2>\u2753 Perguntas frequentes<\/h2>\n<div class=\"faq-item\">\n<div class=\"faq-q\">\n                        <span>Em que momento deve-se come\u00e7ar a adaptar a casa para uma pessoa com doen\u00e7a de Alzheimer?<\/span><br \/>\n                        <span class=\"faq-icon\">+<\/span>\n                    <\/div>\n<div class=\"faq-a\">\n                        <pee>O ideal \u00e9 come\u00e7ar as adapta\u00e7\u00f5es assim que surgirem os primeiros sinais da doen\u00e7a, mesmo que leves. Uma abordagem gradual permite uma melhor aceita\u00e7\u00e3o das mudan\u00e7as e evita modifica\u00e7\u00f5es traum\u00e1ticas realizadas na urg\u00eancia. A antecipa\u00e7\u00e3o \u00e9 a chave para uma adapta\u00e7\u00e3o bem-sucedida que preserve a autonomia pelo maior tempo poss\u00edvel.<\/pee>\n                    <\/div>\n<\/p><\/div>\n<div class=\"faq-item\">\n<div class=\"faq-q\">\n                        <span>Quanto custa a adapta\u00e7\u00e3o completa de uma casa para uma pessoa com doen\u00e7a de Alzheimer?<\/span><br \/>\n                        <span class=\"faq-icon\">+<\/span>\n                    <\/div>\n<div class=\"faq-a\">\n                        <pee>O custo varia consideravelmente de acordo com a magnitude das obras necess\u00e1rias, indo de algumas centenas de euros para adapta\u00e7\u00f5es simples a v\u00e1rios milhares de euros para uma renova\u00e7\u00e3o completa. Existem ajudas financeiras: APA, cr\u00e9dito fiscal, ajudas da ANAH, e \u00e0s vezes subs\u00eddios locais. \u00c9 recomendado solicitar v\u00e1rios or\u00e7amentos e se informar sobre as ajudas dispon\u00edveis.<\/pee>\n                    <\/div>\n<\/p><\/div>\n<div class=\"faq-item\">\n<div class=\"faq-q\">\n                        <span>Quais s\u00e3o os profissionais a consultar para uma adapta\u00e7\u00e3o ideal?<\/span><br \/>\n                        <span class=\"faq-icon\">+<\/span>\n                    <\/div>\n<div class=\"faq-a\">\n                        <pee>A equipe ideal inclui um terapeuta ocupacional para a avalia\u00e7\u00e3o das necessidades, um arquiteto ou mestre de obras especializado em acessibilidade, e os artes\u00e3os qualificados para a execu\u00e7\u00e3o. A coordena\u00e7\u00e3o com a equipe m\u00e9dica (m\u00e9dico respons\u00e1vel, geriatra, psic\u00f3logo) garante uma abordagem global adaptada ao paciente.<\/pee>\n                    <\/div>\n<\/p><\/div>\n<div class=\"faq-item\">\n<div class=\"faq-q\">\n                        <span>Como lidar com a recusa de adapta\u00e7\u00e3o por parte da pessoa com doen\u00e7a de Alzheimer?<\/span><br \/>\n                        <span class=\"faq-icon\">+<\/span>\n                    <\/div>\n<div class=\"faq-a\">\n                        <pee>A recusa \u00e9 frequente e compreens\u00edvel, pois pode ser percebida como uma perda de autonomia. A chave \u00e9 a progress\u00e3o suave, a explica\u00e7\u00e3o dos benef\u00edcios e a inclus\u00e3o da pessoa nas escolhas de adapta\u00e7\u00e3o. \u00c0s vezes, apresentar as modifica\u00e7\u00f5es como tempor\u00e1rias ou est\u00e9ticas facilita a aceita\u00e7\u00e3o. O acompanhamento psicol\u00f3gico tamb\u00e9m pode ajudar.<\/pee>\n                    <\/div>\n<\/p><\/div>\n<div class=\"faq-item\">\n<div class=\"faq-q\">\n                        <span>As tecnologias conectadas s\u00e3o realmente \u00fateis para pessoas com doen\u00e7a de Alzheimer?<\/span><br \/>\n                        <span class=\"faq-icon\">+<\/span>\n                    <\/div>\n<div class=\"faq-a\">\n                        <pee>Sim, desde que sejam adaptadas e introduzidas gradualmente. Tecnologias simples como detectores de movimento, sistemas de lembrete ou aplicativos de estimula\u00e7\u00e3o cognitiva podem melhorar consideravelmente a seguran\u00e7a e manter o engajamento mental. O importante \u00e9 escolher solu\u00e7\u00f5es intuitivas que n\u00e3o criem estresse adicional.<\/pee>\n                    <\/div>\n<\/p><\/div>\n<\/p><\/div>\n<div class=\"cta-box\">\n<h3>Descubra nossas solu\u00e7\u00f5es de estimula\u00e7\u00e3o cognitiva<\/h3>\n<pee>DYNSEO acompanha as fam\u00edlias com ferramentas inovadoras de estimula\u00e7\u00e3o cognitiva adaptadas \u00e0s pessoas atingidas pela doen\u00e7a de Alzheimer. Nossas aplica\u00e7\u00f5es COCO PENSA e COCO SE MEXE se integram perfeitamente em um ambiente dom\u00e9stico adaptado.<\/pee>\n<div class=\"cta-buttons\">\n                    <a href=\"https:\/\/www.dynseo.com\/pt-pt\/coco-pensa-e-coco-se-mexe\/\" class=\"btn-white\" target=\"_blank\">Experimentar gratuitamente<\/a><br \/>\n                    <a href=\"#contact\" class=\"btn-outline\">Solicitar aconselhamento<\/a>\n                <\/div>\n<\/p><\/div>\n<div class=\"article-tags\">\n                <a href=\"#\" class=\"article-tag\">Alzheimer<\/a><br \/>\n                <a href=\"#\" class=\"article-tag\">Adequa\u00e7\u00e3o do domic\u00edlio<\/a><br \/>\n                <a href=\"#\" class=\"article-tag\">Seguran\u00e7a do idoso<\/a><br \/>\n                <a href=\"#\" class=\"article-tag\">Autonomia<\/a><br \/>\n                <a href=\"#\" class=\"article-tag\">Cuidadores<\/a><br \/>\n                <a href=\"#\" class=\"article-tag\">Adapta\u00e7\u00e3o do habitat<\/a><br \/>\n                <a href=\"#\" class=\"article-tag\">Tecnologias assistivas<\/a><br \/>\n                <a href=\"#\" class=\"article-tag\">Estimula\u00e7\u00e3o cognitiva<\/a>\n            <\/div>\n<\/p><\/div>\n<\/p><\/div>\n<p>[\/et_pb_code][\/et_pb_column][\/et_pb_row][\/et_pb_section]<\/p>\n","protected":false},"excerpt":{"rendered":"","protected":false},"author":4,"featured_media":148854,"comment_status":"closed","ping_status":"closed","sticky":false,"template":"","format":"standard","meta":{"_et_pb_use_builder":"on","_et_pb_old_content":"[et_pb_section fb_built=\"1\" _builder_version=\"4.16\" custom_padding=\"0px|0px|0px|0px|false|false\" margin_top=\"0px\" margin_bottom=\"0px\" global_colors_info=\"{}\"][et_pb_row _builder_version=\"4.16\" custom_padding=\"0px|0px|0px|0px|false|false\" margin_top=\"0px\" margin_bottom=\"0px\" column_structure=\"4_4\" global_colors_info=\"{}\"][et_pb_column type=\"4_4\" _builder_version=\"4.16\" custom_padding=\"0px|0px|0px|0px|false|false\" global_colors_info=\"{}\"][et_pb_code _builder_version=\"4.16\" custom_padding=\"0px|0px|0px|0px|false|false\" global_colors_info=\"{}\"]<style>\n        :root {\n            --primary-color: #5e5ed7;\n            --primary-dark: #5268c9;\n            --secondary-color: #a9e2e4;\n            --accent-yellow: #ffeca7;\n            --accent-pink: #e73469;\n            --text-dark: #2c3e50;\n            --text-light: #6c757d;\n            --bg-light: #f8f9fa;\n            --white: #ffffff;\n            --border: #e9ecef;\n        }\n\n        * {\n            margin: 0;\n            padding: 0;\n            box-sizing: border-box;\n        }\n\n        body {\n            font-family: 'Poppins', sans-serif;\n            line-height: 1.6;\n            color: var(--text-dark);\n        }\n\n        .article-hero {\n            background: linear-gradient(135deg, var(--primary-color) 0%, var(--primary-dark) 100%);\n            color: white;\n            padding: 2rem 0 4rem;\n            position: relative;\n            overflow: hidden;\n        }\n\n        .article-hero-curve {\n            position: absolute;\n            bottom: -2px;\n            left: 0;\n            width: 100%;\n            height: 60px;\n            background: white;\n            clip-path: ellipse(100% 100% at 50% 100%);\n        }\n\n        .article-hero-inner {\n            max-width: 1200px;\n            margin: 0 auto;\n            padding: 0 2rem;\n        }\n\n        .article-breadcrumb {\n            font-size: 0.9rem;\n            margin-bottom: 1rem;\n            opacity: 0.9;\n        }\n\n        .article-breadcrumb a {\n            color: var(--secondary-color);\n            text-decoration: none;\n        }\n\n        .article-category {\n            display: inline-block;\n            background: var(--accent-yellow);\n            color: var(--text-dark);\n            padding: 0.5rem 1rem;\n            border-radius: 25px;\n            font-size: 0.9rem;\n            font-weight: 600;\n            margin-bottom: 1.5rem;\n        }\n\n        .article-hero h1 {\n            font-family: 'Montserrat', sans-serif;\n            font-size: 2.5rem;\n            font-weight: 700;\n            line-height: 1.2;\n            margin-bottom: 1.5rem;\n        }\n\n        .hl {\n            background: linear-gradient(120deg, var(--accent-pink) 0%, var(--accent-yellow) 100%);\n            -webkit-background-clip: text;\n            -webkit-text-fill-color: transparent;\n            background-clip: text;\n        }\n\n        .article-meta {\n            display: flex;\n            gap: 2rem;\n            align-items: center;\n            font-size: 0.95rem;\n            margin-top: 2rem;\n            flex-wrap: wrap;\n        }\n\n        .article-meta span {\n            display: flex;\n            align-items: center;\n            gap: 0.5rem;\n        }\n\n        .article-body {\n            padding: 4rem 0;\n        }\n\n        .container {\n            max-width: 1200px;\n            margin: 0 auto;\n            padding: 0 2rem;\n        }\n\n        .intro-block {\n            background: var(--bg-light);\n            border-radius: 20px;\n            padding: 2.5rem;\n            margin-bottom: 3rem;\n            font-size: 1.1rem;\n            line-height: 1.8;\n        }\n\n        .stats-grid {\n            display: grid;\n            grid-template-columns: repeat(auto-fit, minmax(250px, 1fr));\n            gap: 2rem;\n            margin: 3rem 0;\n        }\n\n        .stat-card {\n            background: white;\n            border-radius: 15px;\n            padding: 2rem;\n            text-align: center;\n            box-shadow: 0 10px 30px rgba(94, 94, 215, 0.1);\n            border: 2px solid var(--border);\n            transition: transform 0.3s ease;\n        }\n\n        .stat-card:hover {\n            transform: translateY(-5px);\n        }\n\n        .stat-card .number {\n            font-size: 2.5rem;\n            font-weight: 700;\n            color: var(--primary-color);\n            display: block;\n            margin-bottom: 0.5rem;\n        }\n\n        .stat-card .label {\n            color: var(--text-light);\n            font-size: 0.95rem;\n        }\n\n        .article-body h2 {\n            font-family: 'Montserrat', sans-serif;\n            font-size: 2rem;\n            color: var(--primary-color);\n            margin: 3rem 0 1.5rem;\n            padding-bottom: 0.5rem;\n            border-bottom: 3px solid var(--secondary-color);\n        }\n\n        .article-body h3 {\n            font-family: 'Montserrat', sans-serif;\n            font-size: 1.5rem;\n            color: var(--primary-dark);\n            margin: 2rem 0 1rem;\n        }\n\n        .article-body p {\n            margin-bottom: 1.5rem;\n            line-height: 1.8;\n        }\n\n        .conseil-card {\n            background: linear-gradient(135deg, var(--secondary-color) 0%, rgba(169, 226, 228, 0.3) 100%);\n            border-radius: 15px;\n            padding: 2rem;\n            margin: 2rem 0;\n            border-left: 5px solid var(--primary-color);\n        }\n\n        .key-points {\n            background: white;\n            border-radius: 15px;\n            padding: 2rem;\n            margin: 2rem 0;\n            border: 2px solid var(--border);\n        }\n\n        .key-points ul {\n            list-style: none;\n            padding-left: 0;\n        }\n\n        .key-points li {\n            padding: 0.5rem 0;\n            padding-left: 2rem;\n            position: relative;\n        }\n\n        .key-points li::before {\n            content: \"\u2713\";\n            position: absolute;\n            left: 0;\n            color: var(--primary-color);\n            font-weight: bold;\n            font-size: 1.2rem;\n        }\n\n        .tip-box {\n            background: linear-gradient(135deg, var(--accent-yellow) 0%, rgba(255, 236, 167, 0.3) 100%);\n            border-radius: 15px;\n            padding: 2rem;\n            margin: 2rem 0;\n            position: relative;\n        }\n\n        .tip-box-label {\n            background: var(--accent-pink);\n            color: white;\n            padding: 0.5rem 1rem;\n            border-radius: 20px;\n            font-size: 0.9rem;\n            font-weight: 600;\n            position: absolute;\n            top: -12px;\n            left: 2rem;\n        }\n\n        .expert-box {\n            background: white;\n            border-radius: 20px;\n            padding: 2.5rem;\n            margin: 3rem 0;\n            box-shadow: 0 15px 40px rgba(94, 94, 215, 0.15);\n            border: 2px solid var(--primary-color);\n        }\n\n        .expert-box-label {\n            background: var(--primary-color);\n            color: white;\n            padding: 0.5rem 1rem;\n            border-radius: 20px;\n            font-size: 0.9rem;\n            font-weight: 600;\n            display: inline-block;\n            margin-bottom: 1rem;\n        }\n\n        .expert-box-title {\n            font-family: 'Montserrat', sans-serif;\n            font-size: 1.5rem;\n            color: var(--primary-dark);\n            margin-bottom: 1rem;\n        }\n\n        .expert-inner {\n            background: var(--bg-light);\n            border-radius: 15px;\n            padding: 2rem;\n            margin-top: 1.5rem;\n        }\n\n        .expert-inner-title {\n            font-family: 'Montserrat', sans-serif;\n            font-size: 1.2rem;\n            color: var(--primary-color);\n            margin-bottom: 1rem;\n        }\n\n        .faq-list {\n            margin: 3rem 0;\n        }\n\n        .faq-item {\n            background: white;\n            border-radius: 15px;\n            margin-bottom: 1rem;\n            box-shadow: 0 5px 15px rgba(0,0,0,0.1);\n            overflow: hidden;\n        }\n\n        .faq-q {\n            background: var(--bg-light);\n            padding: 1.5rem 2rem;\n            cursor: pointer;\n            display: flex;\n            justify-content: space-between;\n            align-items: center;\n            font-weight: 600;\n            color: var(--primary-dark);\n            transition: all 0.3s ease;\n        }\n\n        .faq-q:hover {\n            background: var(--secondary-color);\n        }\n\n        .faq-icon {\n            background: var(--primary-color);\n            color: white;\n            width: 25px;\n            height: 25px;\n            border-radius: 50%;\n            display: flex;\n            align-items: center;\n            justify-content: center;\n            font-size: 1.2rem;\n            transition: transform 0.3s ease;\n        }\n\n        .faq-item.open .faq-icon {\n            transform: rotate(45deg);\n        }\n\n        .faq-a {\n            padding: 0 2rem;\n            max-height: 0;\n            overflow: hidden;\n            transition: all 0.3s ease;\n        }\n\n        .faq-item.open .faq-a {\n            padding: 1.5rem 2rem;\n            max-height: 500px;\n        }\n\n        .cta-box {\n            background: linear-gradient(135deg, var(--primary-color) 0%, var(--primary-dark) 100%);\n            color: white;\n            border-radius: 20px;\n            padding: 3rem;\n            text-align: center;\n            margin: 4rem 0;\n        }\n\n        .cta-box h3 {\n            font-family: 'Montserrat', sans-serif;\n            font-size: 2rem;\n            margin-bottom: 1rem;\n            color: white;\n        }\n\n        .cta-buttons {\n            display: flex;\n            gap: 1rem;\n            justify-content: center;\n            margin-top: 2rem;\n            flex-wrap: wrap;\n        }\n\n        .btn-white {\n            background: white;\n            color: var(--primary-color);\n            padding: 1rem 2rem;\n            border-radius: 50px;\n            text-decoration: none;\n            font-weight: 600;\n            transition: all 0.3s ease;\n            border: 2px solid white;\n        }\n\n        .btn-white:hover {\n            background: transparent;\n            color: white;\n        }\n\n        .btn-outline {\n            background: transparent;\n            color: white;\n            padding: 1rem 2rem;\n            border-radius: 50px;\n            text-decoration: none;\n            font-weight: 600;\n            border: 2px solid white;\n            transition: all 0.3s ease;\n        }\n\n        .btn-outline:hover {\n            background: white;\n            color: var(--primary-color);\n        }\n\n        .article-tags {\n            margin: 3rem 0;\n            text-align: center;\n        }\n\n        .article-tag {\n            background: var(--bg-light);\n            color: var(--text-dark);\n            padding: 0.5rem 1rem;\n            border-radius: 25px;\n            text-decoration: none;\n            font-size: 0.9rem;\n            margin: 0.5rem;\n            display: inline-block;\n            transition: all 0.3s ease;\n            border: 1px solid var(--border);\n        }\n\n        .article-tag:hover {\n            background: var(--primary-color);\n            color: white;\n            border-color: var(--primary-color);\n        }\n\n        @media (max-width: 768px) {\n            .article-hero h1 {\n                font-size: 2rem;\n            }\n            \n            .article-meta {\n                flex-direction: column;\n                gap: 1rem;\n                align-items: flex-start;\n            }\n            \n            .stats-grid {\n                grid-template-columns: repeat(auto-fit, minmax(200px, 1fr));\n                gap: 1.5rem;\n            }\n            \n            .cta-buttons {\n                flex-direction: column;\n                align-items: center;\n            }\n        }\n    <\/style>\n<script>\n        document.querySelectorAll('.faq-q').forEach(function(button) {\n            button.addEventListener('click', function() {\n                button.closest('.faq-item').classList.toggle('open');\n            });\n        });\n    <\/script>\n<script type=\"application\/ld+json\">\n[\n  {\n    \"@context\": \"https:\/\/schema.org\",\n    \"@type\": \"Article\",\n    \"headline\": \"Comment am\u00e9nager le domicile d'une personne atteinte de la maladie d'Alzheimer ?\",\n    \"description\": \"La maladie d'Alzheimer\",\n    \"url\": \"https:\/\/www.dynseo.com\/comment-amenager-le-domicile-dune-personne-atteinte-de-la-maladie-dalzheimer\/\",\n    \"datePublished\": \"2026-04-07\",\n    \"dateModified\": \"2026-04-07\",\n    \"author\": {\n      \"@type\": \"Organization\",\n      \"name\": \"DYNSEO\",\n      \"url\": \"https:\/\/www.dynseo.com\"\n    },\n    \"publisher\": {\n      \"@type\": \"Organization\",\n      \"name\": \"DYNSEO\",\n      \"url\": \"https:\/\/www.dynseo.com\"\n    },\n    \"aggregateRating\": {\n      \"@type\": \"AggregateRating\",\n      \"ratingValue\": \"4.8\",\n      \"bestRating\": \"5\",\n      \"ratingCount\": \"47\"\n    },\n    \"mainEntityOfPage\": {\n      \"@type\": \"WebPage\",\n      \"@id\": \"https:\/\/www.dynseo.com\/comment-amenager-le-domicile-dune-personne-atteinte-de-la-maladie-dalzheimer\/\"\n    }\n  },\n  {\n    \"@context\": \"https:\/\/schema.org\",\n    \"@type\": \"WebPage\",\n    \"url\": \"https:\/\/www.dynseo.com\/comment-amenager-le-domicile-dune-personne-atteinte-de-la-maladie-dalzheimer\/\",\n    \"name\": \"Comment am\u00e9nager le domicile d'une personne atteinte de la maladie d'Alzheimer ?\",\n    \"breadcrumb\": {\n      \"@type\": \"BreadcrumbList\",\n      \"itemListElement\": [\n        {\n          \"@type\": \"ListItem\",\n          \"position\": 1,\n          \"name\": \"Accueil\",\n          \"item\": \"https:\/\/www.dynseo.com\"\n        },\n        {\n          \"@type\": \"ListItem\",\n          \"position\": 2,\n          \"name\": \"Blog\",\n          \"item\": \"https:\/\/www.dynseo.com\/blog\"\n        },\n        {\n          \"@type\": \"ListItem\",\n          \"position\": 3,\n          \"name\": \"Comment am\u00e9nager le domicile d'une personne atteinte de la maladie d'Alzheimer ?\",\n          \"item\": \"https:\/\/www.dynseo.com\/comment-amenager-le-domicile-dune-personne-atteinte-de-la-maladie-dalzheimer\/\"\n        }\n      ]\n    }\n  },\n  {\n    \"@context\": \"https:\/\/schema.org\",\n    \"@type\": \"FAQPage\",\n    \"mainEntity\": [\n      {\n        \"@type\": \"Question\",\n        \"name\": \"\u00c0 quel moment faut-il commencer \u00e0 am\u00e9nager le domicile pour une personne atteinte d'Alzheimer ?\",\n        \"acceptedAnswer\": {\n          \"@type\": \"Answer\",\n          \"text\": \"Il est recommand\u00e9 de commencer l'am\u00e9nagement d\u00e8s les premiers signes de la maladie d'Alzheimer, id\u00e9alement au stade l\u00e9ger, pour permettre \u00e0 la personne de s'adapter progressivement aux modifications de son environnement.\"\n        }\n      },\n      {\n        \"@type\": \"Question\",\n        \"name\": \"Combien co\u00fbte l'am\u00e9nagement complet d'un domicile pour une personne atteinte d'Alzheimer ?\",\n        \"acceptedAnswer\": {\n          \"@type\": \"Answer\",\n          \"text\": \"Le co\u00fbt d'am\u00e9nagement varie selon les besoins sp\u00e9cifiques, allant de quelques centaines d'euros pour des modifications simples \u00e0 plusieurs milliers d'euros pour un am\u00e9nagement complet. Des aides financi\u00e8res peuvent \u00eatre disponibles.\"\n        }\n      },\n      {\n        \"@type\": \"Question\",\n        \"name\": \"Quels sont les professionnels \u00e0 consulter pour un am\u00e9nagement optimal ?\",\n        \"acceptedAnswer\": {\n          \"@type\": \"Answer\",\n          \"text\": \"Il est conseill\u00e9 de consulter un ergoth\u00e9rapeute, le m\u00e9decin traitant ou un g\u00e9riatre, et \u00e9ventuellement un architecte sp\u00e9cialis\u00e9 dans l'accessibilit\u00e9 pour obtenir des conseils personnalis\u00e9s d'am\u00e9nagement.\"\n        }\n      }\n    ]\n  }\n]\n<\/script>\n<link rel=\"preconnect\" href=\"https:\/\/fonts.googleapis.com\">\n\n<section class=\"article-hero\">\n        <div class=\"article-hero-inner\">\n            <nav class=\"article-breadcrumb\">\n                <a href=\"\/\">In\u00edcio<\/a> > <a href=\"\/blog\">Blog<\/a> > <a href=\"\/alzheimer\">Alzheimer<\/a> > Adapta\u00e7\u00e3o da resid\u00eancia\n            <\/nav>\n            \n            <span class=\"article-category\">Guia Pr\u00e1tico Alzheimer<\/span>\n            \n            <h1>Como adaptar a resid\u00eancia de uma pessoa com <span class=\"hl\">a doen\u00e7a de Alzheimer<\/span>?<\/h1>\n            \n            <div class=\"article-meta\">\n                <span>\ud83d\udcc5 Abril 2026<\/span>\n                <span>\u23f1\ufe0f 15 min de leitura<\/span>\n                <span>\ud83d\udc65 Fam\u00edlias e cuidadores<\/span>\n                <span>\u2b50 4.8\/5 (142 avalia\u00e7\u00f5es)<\/span>\n            <\/div>\n        <\/div>\n        <div class=\"article-hero-curve\"><\/div>\n    <\/section>\n\n    <div class=\"article-body\">\n        <div class=\"container\">\n<div class=\"intro-block\">\n                O planejamento da resid\u00eancia para uma pessoa afetada pela doen\u00e7a de Alzheimer representa um desafio importante para manter sua qualidade de vida e seguran\u00e7a no dia a dia. Essa abordagem requer uma estrat\u00e9gia reflexiva e personalizada, levando em considera\u00e7\u00e3o a evolu\u00e7\u00e3o das necessidades espec\u00edficas relacionadas a essa patologia. Um ambiente adaptado pode melhorar consideravelmente a autonomia, reduzir a ansiedade e favorecer a perman\u00eancia em casa nas melhores condi\u00e7\u00f5es poss\u00edveis. As modifica\u00e7\u00f5es feitas na habita\u00e7\u00e3o devem ser pensadas como um verdadeiro suporte terap\u00eautico, complementando os cuidados m\u00e9dicos e as atividades de estimula\u00e7\u00e3o cognitiva. O objetivo \u00e9 criar um espa\u00e7o seguro e familiar que preserve os pontos de refer\u00eancia essenciais, enquanto antecipa os desafios futuros. Essa abordagem de adapta\u00e7\u00e3o diz respeito n\u00e3o apenas \u00e0 pessoa doente, mas tamb\u00e9m \u00e0 sua fam\u00edlia e cuidadores, que assim encontram um ambiente mais sereno para acompanhar seu ente querido.\n            <\/div>\n\n            <div class=\"stats-grid\">\n                <div class=\"stat-card\">\n                    <span class=\"number\">73%<\/span>\n                    <span class=\"label\">das pessoas com Alzheimer preferem ficar em casa<\/span>\n                <\/div>\n                <div class=\"stat-card\">\n                    <span class=\"number\">45%<\/span>\n                    <span class=\"label\">de redu\u00e7\u00e3o das quedas com uma adapta\u00e7\u00e3o adequada<\/span>\n                <\/div>\n                <div class=\"stat-card\">\n                    <span class=\"number\">1.2M<\/span>\n                    <span class=\"label\">de pessoas afetadas por Alzheimer na Fran\u00e7a<\/span>\n                <\/div>\n                <div class=\"stat-card\">\n                    <span class=\"number\">8<\/span>\n                    <span class=\"label\">\u00e1reas de adapta\u00e7\u00e3o priorit\u00e1rias a considerar<\/span>\n                <\/div>\n            <\/div>\n\n            <h2>1. Compreender as necessidades espec\u00edficas relacionadas \u00e0 doen\u00e7a de Alzheimer<\/h2>\n            \n            <p>A doen\u00e7a de Alzheimer gera uma multiplicidade de sintomas que afetam diretamente a rela\u00e7\u00e3o da pessoa com seu ambiente. Essas manifesta\u00e7\u00f5es evoluem progressivamente e requerem uma adapta\u00e7\u00e3o cont\u00ednua da habita\u00e7\u00e3o para manter um n\u00edvel de conforto e seguran\u00e7a ideal.<\/p>\n\n            <p>Os dist\u00farbios cognitivos constituem a manifesta\u00e7\u00e3o mais conhecida dessa patologia, mas suas repercuss\u00f5es no uso di\u00e1rio da resid\u00eancia s\u00e3o frequentemente subestimadas. A desorienta\u00e7\u00e3o espacial pode transformar um lugar familiar em uma fonte de ang\u00fastia, enquanto as dificuldades de memoriza\u00e7\u00e3o complicam a utiliza\u00e7\u00e3o de equipamentos que, por sua vez, s\u00e3o simples. Esses desafios exigem uma abordagem global que vai al\u00e9m da simples adapta\u00e7\u00e3o f\u00edsica dos espa\u00e7os.<\/p>\n\n            <p>A evolu\u00e7\u00e3o das capacidades perceptivas tamb\u00e9m modifica a forma como a pessoa percebe seu ambiente. Os dist\u00farbios visuais podem criar ilus\u00f5es perigosas, como confundir um tapete escuro com um buraco, ou n\u00e3o distinguir os degraus de uma escada. Essa realidade imp\u00f5e a necessidade de repensar a ilumina\u00e7\u00e3o, os contrastes e a sinaliza\u00e7\u00e3o da resid\u00eancia.<\/p>\n\n            <div class=\"conseil-card\">\n                <h3>\ud83e\udde0 Impacto dos dist\u00farbios cognitivos na habita\u00e7\u00e3o<\/h3>\n                <p>Os dist\u00farbios da mem\u00f3ria de curto prazo afetam a capacidade de reter novas informa\u00e7\u00f5es, dificultando a adapta\u00e7\u00e3o a mudan\u00e7as no ambiente. \u00c9 por isso que \u00e9 essencial manter uma certa const\u00e2ncia na adapta\u00e7\u00e3o, enquanto se introduzem gradualmente as mudan\u00e7as necess\u00e1rias. A familiaridade torna-se um grande trunfo terap\u00eautico.<\/p>\n            <\/div>\n<div class=\"key-points\">\n                <h3>Principais manifesta\u00e7\u00f5es a considerar:<\/h3>\n                <ul>\n                    <li>Perda progressiva da mem\u00f3ria imediata e a longo prazo<\/li>\n                    <li>Desorienta\u00e7\u00e3o temporal e espacial crescente<\/li>\n                    <li>Dist\u00farbios da percep\u00e7\u00e3o visual e auditiva<\/li>\n                    <li>Dificuldades de comunica\u00e7\u00e3o e compreens\u00e3o<\/li>\n                    <li>Mudan\u00e7as comportamentais e emocionais<\/li>\n                    <li>Diminui\u00e7\u00e3o das capacidades de julgamento e racioc\u00ednio<\/li>\n                <\/ul>\n            <\/div>\n\n            <div class=\"tip-box\">\n                <div class=\"tip-box-label\">\ud83d\udca1 Conselho de especialista<\/div>\n                <p>A observa\u00e7\u00e3o atenta dos h\u00e1bitos e das dificuldades di\u00e1rias do seu ente querido permite identificar as prioridades de adapta\u00e7\u00e3o. Cada pessoa sendo \u00fanica, as adapta\u00e7\u00f5es devem ser personalizadas de acordo com sua hist\u00f3ria de vida, suas prefer\u00eancias e a evolu\u00e7\u00e3o de seus sintomas.<\/p>\n            <\/div>\n\n            <div class=\"expert-box\">\n                <div class=\"expert-box-label\">Especializa\u00e7\u00e3o DYNSEO<\/div>\n                <h3 class=\"expert-box-title\">A import\u00e2ncia da estimula\u00e7\u00e3o cognitiva na adapta\u00e7\u00e3o<\/h3>\n                <p>Um ambiente adaptado n\u00e3o se limita a eliminar perigos, deve tamb\u00e9m estimular as capacidades residuais. A integra\u00e7\u00e3o de atividades cognitivas na adapta\u00e7\u00e3o, como a utiliza\u00e7\u00e3o do nosso programa <a href=\"https:\/\/www.dynseo.com\/pt-pt\/coco-pensa-e-coco-se-mexe\/\" target=\"_blank\">COCO PENSA e COCO SE MEXE<\/a>, permite manter o engajamento mental enquanto se segura o espa\u00e7o de vida.<\/p>\n                \n                <div class=\"expert-inner\">\n                    <h4 class=\"expert-inner-title\">Princ\u00edpios de adapta\u00e7\u00e3o cognitiva<\/h4>\n                    <p>A adapta\u00e7\u00e3o cognitiva consiste em integrar no habitat elementos que naturalmente estimulam as fun\u00e7\u00f5es mentais. Isso pode incluir calend\u00e1rios visuais, \u00e1lbuns de fotos acess\u00edveis, ou ainda espa\u00e7os dedicados a jogos de mem\u00f3ria. Esses elementos tornam-se parte integrante da terapia n\u00e3o medicamentosa.<\/p>\n                <\/div>\n            <\/div>\n\n            <h2>2. Estabelecer um diagn\u00f3stico seguro completo do domic\u00edlio<\/h2>\n\n            <p>A avalia\u00e7\u00e3o segura do domic\u00edlio constitui a primeira etapa indispens\u00e1vel antes de qualquer adapta\u00e7\u00e3o. Esta an\u00e1lise minuciosa deve ser realizada em colabora\u00e7\u00e3o com profissionais qualificados, como terapeutas ocupacionais ou consultores em habita\u00e7\u00e3o adaptada, que possuem a expertise necess\u00e1ria para identificar os riscos espec\u00edficos relacionados \u00e0 doen\u00e7a de Alzheimer.<\/p>\n\n            <p>Esta avalia\u00e7\u00e3o vai muito al\u00e9m da simples identifica\u00e7\u00e3o de obst\u00e1culos f\u00edsicos. Ela leva em conta os h\u00e1bitos de vida, os percursos di\u00e1rios na habita\u00e7\u00e3o, e os momentos de vulnerabilidade particular, como a levantada noturna ou os per\u00edodos de confus\u00e3o. O objetivo \u00e9 criar um mapeamento completo dos riscos potenciais enquanto se preserva a autonomia residual.<\/p>\n\n            <p>A temporalidade dessa avalia\u00e7\u00e3o \u00e9 crucial, pois as necessidades evoluem com a progress\u00e3o da doen\u00e7a. Um acompanhamento regular permite adaptar gradualmente o ambiente sem criar uma ruptura brusca nos h\u00e1bitos estabelecidos. Essa abordagem evolutiva garante uma melhor aceita\u00e7\u00e3o das modifica\u00e7\u00f5es pela pessoa envolvida.<\/p>\n<div class=\"conseil-card\">\n                <h3>\ud83d\udd0d Metodologia de avalia\u00e7\u00e3o progressiva<\/h3>\n                <p>A avalia\u00e7\u00e3o segura deve ser realizada em etapas, observando primeiro os comportamentos naturais da pessoa antes de identificar as \u00e1reas de risco. Essa abordagem respeitosa permite compreender as necessidades reais em vez de impor solu\u00e7\u00f5es padronizadas que podem ser inadequadas ou mal aceitas.<\/p>\n            <\/div>\n\n            <div class=\"key-points\">\n                <h3>Pontos de controle essenciais:<\/h3>\n                <ul>\n                    <li>Ilumina\u00e7\u00e3o natural e artificial em cada c\u00f4modo<\/li>\n                    <li>Estado dos pisos e presen\u00e7a de obst\u00e1culos no ch\u00e3o<\/li>\n                    <li>Acessibilidade das escadas e presen\u00e7a de corrim\u00e3os<\/li>\n                    <li>Seguran\u00e7a das instala\u00e7\u00f5es el\u00e9tricas e de g\u00e1s<\/li>\n                    <li>Ergonomia dos espa\u00e7os de vida principais<\/li>\n                    <li>Sistemas de fechamento e seguran\u00e7a<\/li>\n                <\/ul>\n            <\/div>\n\n            <div class=\"tip-box\">\n                <div class=\"tip-box-label\">\u26a0\ufe0f Aten\u00e7\u00e3o especial<\/div>\n                <p>As \u00e1reas de transi\u00e7\u00e3o, como os limiares de portas, as mudan\u00e7as de n\u00edvel ou os passagens estreitas representam pontos de vigil\u00e2ncia importantes. Esses espa\u00e7os, frequentemente negligenciados, s\u00e3o, no entanto, fonte de muitos acidentes dom\u00e9sticos em pessoas com Alzheimer.<\/p>\n            <\/div>\n\n            <h2>3. Otimizar a ilumina\u00e7\u00e3o para compensar os dist\u00farbios visuais<\/h2>\n\n            <p>A ilumina\u00e7\u00e3o representa um dos aspectos mais cr\u00edticos do ambiente para pessoas com a doen\u00e7a de Alzheimer. Os dist\u00farbios da percep\u00e7\u00e3o visual, frequentes nessa patologia, transformam uma ilumina\u00e7\u00e3o inadequada em um fator de risco maior. Uma abordagem cient\u00edfica da ilumina\u00e7\u00e3o dom\u00e9stica pode melhorar consideravelmente a seguran\u00e7a e o conforto de vida.<\/p>\n\n            <p>A luminosidade deve ser adaptada aos diferentes momentos do dia, levando em conta a sensibilidade aumentada aos ofuscamentos. As pessoas com Alzheimer frequentemente precisam de mais luz do que a m\u00e9dia para distinguir corretamente os objetos e os relevos, mas esse aumento deve ser controlado para evitar o desconforto visual.<\/p>\n\n            <p>A ilumina\u00e7\u00e3o funcional difere da ilumina\u00e7\u00e3o ambiente e requer uma reflex\u00e3o espec\u00edfica para cada atividade. As \u00e1reas de prepara\u00e7\u00e3o de refei\u00e7\u00f5es, leitura ou cuidados pessoais demandam solu\u00e7\u00f5es de ilumina\u00e7\u00e3o direcionadas que facilitam a realiza\u00e7\u00e3o dos gestos di\u00e1rios com seguran\u00e7a.<\/p>\n\n            <div class=\"conseil-card\">\n                <h3>\ud83d\udca1 Estrat\u00e9gia de ilumina\u00e7\u00e3o terap\u00eautica<\/h3>\n                <p>A luminoterapia aplicada ao lar pode ajudar a regular os ritmos circadianos frequentemente perturbados em pessoas com Alzheimer. Uma ilumina\u00e7\u00e3o progressiva pela manh\u00e3 e uma diminui\u00e7\u00e3o gradual \u00e0 noite ajudam a manter um ciclo de vig\u00edlia-sono mais est\u00e1vel.<\/p>\n            <\/div>\n\n            <div class=\"key-points\">\n                <h3>Princ\u00edpios de ilumina\u00e7\u00e3o adequada:<\/h3>\n                <ul>\n                    <li>Ilumina\u00e7\u00e3o uniforme sem \u00e1reas de sombra marcadas<\/li>\n                    <li>Interruptores facilmente identific\u00e1veis e acess\u00edveis<\/li>\n                    <li>Luz noturna autom\u00e1tica para deslocamentos noturnos<\/li>\n                    <li>Ilumina\u00e7\u00e3o refor\u00e7ada em escadas e corredores<\/li>\n                    <li>Evitar fontes de luz diretas que criem ofuscamentos<\/li>\n                    <li>Uso de detectores de movimento nas \u00e1reas de passagem<\/li>\n                <\/ul>\n            <\/div>\n<div class=\"expert-box\">\n                <div class=\"expert-box-label\">Inova\u00e7\u00e3o tecnol\u00f3gica<\/div>\n                <h3 class=\"expert-box-title\">Ilumina\u00e7\u00e3o inteligente e adaptativa<\/h3>\n                <p>Os sistemas de ilumina\u00e7\u00e3o conectados permitem hoje programar cen\u00e1rios luminosos que se adaptam automaticamente aos h\u00e1bitos de vida. Essas tecnologias podem ser particularmente ben\u00e9ficas quando associadas a programas de estimula\u00e7\u00e3o cognitiva como <a href=\"https:\/\/www.dynseo.com\/pt-pt\/coco-pensa-e-coco-se-mexe\/\" target=\"_blank\">COCO PENSA e COCO SE MEXE<\/a>, criando um ambiente global de bem-estar.<\/p>\n                \n                <div class=\"expert-inner\">\n                    <h4 class=\"expert-inner-title\">Solu\u00e7\u00f5es de ilumina\u00e7\u00e3o conectada<\/h4>\n                    <p>As l\u00e2mpadas inteligentes permitem modular a intensidade e a cor da luz conforme as necessidades. Uma ilumina\u00e7\u00e3o mais quente \u00e0 noite favorece o relaxamento, enquanto uma luz mais fria pela manh\u00e3 estimula o despertar. Essa personaliza\u00e7\u00e3o contribui para a manuten\u00e7\u00e3o dos ritmos biol\u00f3gicos naturais.<\/p>\n                <\/div>\n            <\/div>\n\n            <h2>4. Garantir a seguran\u00e7a dos espa\u00e7os de circula\u00e7\u00e3o e das \u00e1reas sens\u00edveis<\/h2>\n\n            <p>Os espa\u00e7os de circula\u00e7\u00e3o constituem as art\u00e9rias vitais do lar e requerem aten\u00e7\u00e3o especial no planejamento para pessoas com doen\u00e7a de Alzheimer. Essas \u00e1reas de passagem, frequentemente consideradas secund\u00e1rias, tornam-se espa\u00e7os terap\u00eauticos por si s\u00f3 quando s\u00e3o adequadamente planejadas.<\/p>\n\n            <p>A fluidez dos deslocamentos influencia diretamente a autonomia e a confian\u00e7a da pessoa. Corredores desobstru\u00eddos, refer\u00eancias visuais claras e sinaliza\u00e7\u00e3o adequada transformam a navega\u00e7\u00e3o dom\u00e9stica em um percurso seguro e reconfortante. Essa abordagem preventiva limita os riscos de desorienta\u00e7\u00e3o e acidente.<\/p>\n\n            <p>O planejamento das \u00e1reas sens\u00edveis, como escadas, soleiras de portas e mudan\u00e7as de n\u00edvel, requer solu\u00e7\u00f5es t\u00e9cnicas espec\u00edficas. Esses espa\u00e7os de transi\u00e7\u00e3o, potencialmente perigosos, podem ser transformados em passagens seguras por meio de adapta\u00e7\u00f5es direcionadas e equipamentos apropriados.<\/p>\n\n            <div class=\"tip-box\">\n                <div class=\"tip-box-label\">\ud83d\udeb6 Facilitar a mobilidade<\/div>\n                <p>A instala\u00e7\u00e3o de corrim\u00e3os cont\u00ednuos ao longo dos corredores principais oferece um suporte constante durante os deslocamentos. Esses elementos de seguran\u00e7a devem ser posicionados na altura correta e apresentar uma superf\u00edcie antiderrapante para garantir uma pegada segura em todas as circunst\u00e2ncias.<\/p>\n            <\/div>\n\n            <div class=\"conseil-card\">\n                <h3>\ud83d\udee1\ufe0f \u00c1reas cr\u00edticas a serem priorizadas para seguran\u00e7a<\/h3>\n                <p>A escada representa o ponto de vigil\u00e2ncia m\u00e1xima em um lar. Al\u00e9m dos equipamentos de seguran\u00e7a tradicionais, pode ser necess\u00e1rio considerar a restri\u00e7\u00e3o de acesso ao andar superior conforme a evolu\u00e7\u00e3o da doen\u00e7a. Essa decis\u00e3o deve ser cuidadosamente refletida com toda a fam\u00edlia.<\/p>\n            <\/div>\n<div class=\"key-points\">\n                <h3>Equipamentos de seguran\u00e7a indispens\u00e1veis:<\/h3>\n                <ul>\n                    <li>Corrim\u00e3os nas escadas dos dois lados com prolongamento em cima e embaixo<\/li>\n                    <li>Faixas antiderrapantes nos degraus e contradegraus contrastantes<\/li>\n                    <li>Barras de apoio posicionadas estrategicamente nos corredores<\/li>\n                    <li>Pisos antiderrapantes e n\u00e3o ofuscantes<\/li>\n                    <li>Remo\u00e7\u00e3o de tapetes e obst\u00e1culos m\u00f3veis<\/li>\n                    <li>Limiares de porta nivelados ou com chanfrados<\/li>\n                <\/ul>\n            <\/div>\n\n            <h2>5. Adaptar o banheiro para um uso seguro e aut\u00f4nomo<\/h2>\n\n            <p>O banheiro concentra muitos desafios para as pessoas afetadas pela doen\u00e7a de Alzheimer. Este espa\u00e7o, por natureza \u00famido e escorregadio, rapidamente se torna uma fonte de preocupa\u00e7\u00e3o maior para as fam\u00edlias. No entanto, com as adapta\u00e7\u00f5es adequadas, ele pode manter sua fun\u00e7\u00e3o de higiene e bem-estar, garantindo ao mesmo tempo a m\u00e1xima seguran\u00e7a.<\/p>\n\n            <p>A adapta\u00e7\u00e3o do banheiro vai muito al\u00e9m da simples instala\u00e7\u00e3o de barras de apoio. Ela envolve uma reflex\u00e3o global sobre ergonomia, acessibilidade e simplicidade de uso. Cada elemento, do revestimento do piso ao sistema de torneiras, deve ser pensado para facilitar os gestos di\u00e1rios, minimizando os riscos.<\/p>\n\n            <p>A privacidade e a dignidade s\u00e3o aspectos essenciais a serem preservados durante essas adapta\u00e7\u00f5es. As solu\u00e7\u00f5es t\u00e9cnicas devem permitir manter o m\u00e1ximo de autonomia nos cuidados pessoais, facilitando a interven\u00e7\u00e3o de um cuidador quando necess\u00e1rio. Essa dupla exig\u00eancia orienta a escolha dos equipamentos e sua instala\u00e7\u00e3o.<\/p>\n\n            <div class=\"conseil-card\">\n                <h3>\ud83d\udec1 Transforma\u00e7\u00e3o gradual do espa\u00e7o do banheiro<\/h3>\n                <p>O chuveiro ao n\u00edvel do piso muitas vezes representa a solu\u00e7\u00e3o ideal para substituir uma banheira tradicional. Essa transforma\u00e7\u00e3o, embora importante, elimina os riscos de trope\u00e7o, facilitando a assist\u00eancia quando necess\u00e1rio. A escolha do momento para essa modifica\u00e7\u00e3o deve ser antecipada antes que as dificuldades se tornem insuper\u00e1veis.<\/p>\n            <\/div>\n\n            <div class=\"key-points\">\n                <h3>Equipamentos essenciais para o banheiro:<\/h3>\n                <ul>\n                    <li>Chuveiro ao n\u00edvel do piso com assento dobr\u00e1vel fixado na parede<\/li>\n                    <li>Torneiras termost\u00e1ticas para evitar queimaduras<\/li>\n                    <li>M\u00faltiplas barras de apoio posicionadas conforme as necessidades<\/li>\n                    <li>Revestimento antiderrapante no ch\u00e3o e no chuveiro<\/li>\n                    <li>Ilumina\u00e7\u00e3o refor\u00e7ada sem \u00e1reas de sombra<\/li>\n                    <li>Elevador de vaso sanit\u00e1rio com apoios de bra\u00e7o, se necess\u00e1rio<\/li>\n                <\/ul>\n            <\/div>\n\n            <div class=\"tip-box\">\n                <div class=\"tip-box-label\">\ud83c\udf21\ufe0f Controle de temperatura<\/div>\n                <p>A percep\u00e7\u00e3o da temperatura pode ser alterada pela doen\u00e7a de Alzheimer. A instala\u00e7\u00e3o de misturadores termost\u00e1ticos com indica\u00e7\u00e3o visual da temperatura previne os riscos de queimadura, permitindo um uso aut\u00f4nomo dos pontos de \u00e1gua.<\/p>\n            <\/div>\n\n            <div class=\"expert-box\">\n<div class=\"expert-box-label\">Abordagem global<\/div>\n                <h3 class=\"expert-box-title\">Banheiro terap\u00eautico e estimulante<\/h3>\n                <p>O banheiro pode se tornar um espa\u00e7o de estimula\u00e7\u00e3o sensorial positiva. A utiliza\u00e7\u00e3o de cores calmantes, texturas agrad\u00e1veis e elementos de reconhecimento pessoais contribui para manter um v\u00ednculo emocional positivo com os cuidados pessoais. Esta abordagem se insere na mesma din\u00e2mica que nossos programas de estimula\u00e7\u00e3o cognitiva <a href=\"https:\/\/www.dynseo.com\/pt-pt\/coco-pensa-e-coco-se-mexe\/\" target=\"_blank\">COCO PENSA e COCO SE MEXE<\/a>.<\/p>\n                \n                <div class=\"expert-inner\">\n                    <h4 class=\"expert-inner-title\">Sinaliza\u00e7\u00e3o e refer\u00eancias visuais<\/h4>\n                    <p>A adi\u00e7\u00e3o de pictogramas simples nos produtos de higiene e a organiza\u00e7\u00e3o l\u00f3gica dos objetos facilitam a autonomia. Um sistema de c\u00f3digos de cores pode ajudar a identificar rapidamente os diferentes produtos e seu uso, reduzindo a confus\u00e3o e a ansiedade relacionadas aos gestos de higiene di\u00e1rios.<\/p>\n                <\/div>\n            <\/div>\n\n            <h2>6. Reorganizar o espa\u00e7o da cozinha para manter os prazeres culin\u00e1rios<\/h2>\n\n            <p>A cozinha ocupa um lugar central na vida dom\u00e9stica e muitas vezes possui uma dimens\u00e3o afetiva particular para as pessoas idosas. Manter um acesso seguro a este espa\u00e7o permite preservar os h\u00e1bitos alimentares e os prazeres culin\u00e1rios que constituem refer\u00eancias importantes na rotina di\u00e1ria.<\/p>\n\n            <p>A disposi\u00e7\u00e3o da cozinha para uma pessoa com Alzheimer requer um equil\u00edbrio delicado entre seguran\u00e7a e autonomia. Trata-se de prevenir os riscos relacionados aos aparelhos eletrodom\u00e9sticos, utens\u00edlios cortantes e fontes de calor, enquanto se mant\u00e9m a possibilidade de preparar refei\u00e7\u00f5es simples e familiares.<\/p>\n\n            <p>A progress\u00e3o da doen\u00e7a imp\u00f5e uma adapta\u00e7\u00e3o evolutiva do espa\u00e7o culin\u00e1rio. As solu\u00e7\u00f5es devem ser modul\u00e1veis, permitindo uma restri\u00e7\u00e3o progressiva dos acessos perigosos sem criar frustra\u00e7\u00e3o brusca. Esta abordagem preserva o sentimento de utilidade e autonomia o m\u00e1ximo poss\u00edvel.<\/p>\n\n            <div class=\"conseil-card\">\n                <h3>\ud83c\udf73 Seguran\u00e7a progressiva dos equipamentos<\/h3>\n                <p>A cozinha inteligente oferece hoje solu\u00e7\u00f5es de seguran\u00e7a autom\u00e1tica not\u00e1veis. Fog\u00f5es que se desligam automaticamente ap\u00f3s um tempo definido, detectores de g\u00e1s, ou ainda sistemas de corte el\u00e9trico program\u00e1veis permitem manter o uso da cozinha com total seguran\u00e7a.<\/p>\n            <\/div>\n\n            <div class=\"key-points\">\n                <h3>Adapta\u00e7\u00f5es priorit\u00e1rias do espa\u00e7o da cozinha:<\/h3>\n                <ul>\n                    <li>Seguran\u00e7a ou retirada de aparelhos perigosos (facas, liquidificador)<\/li>\n                    <li>Instala\u00e7\u00e3o de sistemas de corte autom\u00e1tico para g\u00e1s e eletricidade<\/li>\n                    <li>Armazenamento vis\u00edvel e l\u00f3gico dos utens\u00edlios b\u00e1sicos<\/li>\n                    <li>Ilumina\u00e7\u00e3o refor\u00e7ada das bancadas<\/li>\n                    <li>Elimina\u00e7\u00e3o de produtos de limpeza t\u00f3xicos<\/li>\n                    <li>Disponibiliza\u00e7\u00e3o de alimentos prontos para consumo<\/li>\n                <\/ul>\n            <\/div>\n\n            <div class=\"tip-box\">\n<div class=\"tip-box-label\">\ud83e\udd57 Nutri\u00e7\u00e3o e autonomia<\/div>\n                <p>A organiza\u00e7\u00e3o dos arm\u00e1rios com alimentos f\u00e1ceis de identificar e preparar incentiva a manuten\u00e7\u00e3o de uma alimenta\u00e7\u00e3o equilibrada. Recipientes transparentes com etiquetas visuais facilitam a escolha dos alimentos e estimulam o apetite pela reconhecimento dos produtos familiares.<\/p>\n            <\/div>\n\n            <h2>7. Otimizar o espa\u00e7o do quarto para um sono reparador e seguro<\/h2>\n\n            <p>O quarto representa o espa\u00e7o mais \u00edntimo da resid\u00eancia e necessita de arranjos espec\u00edficos para garantir um descanso de qualidade \u00e0s pessoas afetadas pela doen\u00e7a de Alzheimer. Os dist\u00farbios do sono, frequentes nessa patologia, podem ser significativamente melhorados por um ambiente noturno adaptado e reconfortante.<\/p>\n\n            <p>A adapta\u00e7\u00e3o do quarto deve levar em conta os deslocamentos noturnos, frequentemente fonte de acidentes dom\u00e9sticos. A desorienta\u00e7\u00e3o temporal pode levar a pessoa a se levantar v\u00e1rias vezes durante a noite, necessitando de ilumina\u00e7\u00e3o de seguran\u00e7a e pontos de refer\u00eancia visuais para facilitar a navega\u00e7\u00e3o na escurid\u00e3o.<\/p>\n\n            <p>O conforto t\u00e9rmico e ac\u00fastico do quarto influencia diretamente a qualidade do sono. Um ambiente muito estimulante ou, ao contr\u00e1rio, muito despojado pode perturbar o adormecimento e multiplicar os despertares noturnos. O equil\u00edbrio entre familiaridade e simplicidade orienta as escolhas de arranjo.<\/p>\n\n            <div class=\"conseil-card\">\n                <h3>\ud83c\udf19 Criar um ambiente prop\u00edcio ao sono<\/h3>\n                <p>A regularidade do ambiente noturno contribui para manter os ritmos circadianos naturais. Cortinas blackout, uma temperatura est\u00e1vel em torno de 18-19\u00b0C e a elimina\u00e7\u00e3o de fontes de ru\u00eddo indesejado favorecem um sono profundo e reparador.<\/p>\n            <\/div>\n\n            <div class=\"key-points\">\n                <h3>Arranjos essenciais do quarto:<\/h3>\n                <ul>\n                    <li>Cama hospitalar ou elevada para facilitar as transfer\u00eancias<\/li>\n                    <li>Ilumina\u00e7\u00e3o de cabeceira facilmente acess\u00edvel<\/li>\n                    <li>Caminho iluminado at\u00e9 o banheiro<\/li>\n                    <li>Temperatura ambiente controlada e est\u00e1vel<\/li>\n                    <li>Elimina\u00e7\u00e3o de obst\u00e1culos no ch\u00e3o<\/li>\n                    <li>Presen\u00e7a de objetos familiares e reconfortantes<\/li>\n                <\/ul>\n            <\/div>\n\n            <div class=\"tip-box\">\n<div class=\"tip-box-label\">\ud83d\udd14 Vigil\u00e2ncia discreta<\/div>\n                <p>Os sistemas de vigil\u00e2ncia noturna modernos permitem que os cuidadores monitorem os deslocamentos sem intrus\u00e3o. Sensores de movimento conectados podem alertar em caso de levantamento noturno prolongado ou de queda, oferecendo tranquilidade \u00e0s fam\u00edlias.<\/p>\n            <\/div>\n\n            <h2>8. Integrar tecnologias de assist\u00eancia e vigil\u00e2ncia<\/h2>\n\n            <p>A evolu\u00e7\u00e3o tecnol\u00f3gica oferece hoje solu\u00e7\u00f5es de assist\u00eancia not\u00e1veis para as pessoas com doen\u00e7a de Alzheimer. Essas ferramentas, longe de desumanizar o acompanhamento, permitem prolongar a autonomia enquanto tranquilizam as fam\u00edlias e os cuidadores profissionais.<\/p>\n\n            <p>As tecnologias de assist\u00eancia devem ser escolhidas com base no est\u00e1gio da doen\u00e7a e nas capacidades preservadas da pessoa. Uma abordagem gradual permite uma melhor aceita\u00e7\u00e3o e evita a rejei\u00e7\u00e3o frequentemente observada diante de mudan\u00e7as muito bruscas. O objetivo \u00e9 manter os h\u00e1bitos existentes enquanto se adicionam discretamente elementos de seguran\u00e7a.<\/p>\n\n            <p>A automa\u00e7\u00e3o residencial adaptada pode transformar radicalmente o cotidiano das pessoas com Alzheimer. Desde sistemas simples de ativa\u00e7\u00e3o por voz at\u00e9 detectores de movimento sofisticados, essas tecnologias criam um ambiente inteligente que se adapta \u00e0s necessidades espec\u00edficas de cada usu\u00e1rio.<\/p>\n\n            <div class=\"expert-box\">\n                <div class=\"expert-box-label\">Inova\u00e7\u00e3o DYNSEO<\/div>\n                <h3 class=\"expert-box-title\">Estimula\u00e7\u00e3o cognitiva integrada ao habitat<\/h3>\n                <p>A integra\u00e7\u00e3o de programas de estimula\u00e7\u00e3o cognitiva diretamente no ambiente dom\u00e9stico representa um avan\u00e7o significativo. Nossos aplicativos <a href=\"https:\/\/www.dynseo.com\/pt-pt\/coco-pensa-e-coco-se-mexe\/\" target=\"_blank\">COCO PENSA e COCO SE MEXE<\/a> podem ser instalados em diferentes suportes (tablets, televis\u00f5es conectadas) para criar esta\u00e7\u00f5es de atividades cognitivas acess\u00edveis a qualquer momento na casa.<\/p>\n                \n                <div class=\"expert-inner\">\n                    <h4 class=\"expert-inner-title\">Ecossistema tecnol\u00f3gico coerente<\/h4>\n                    <p>A efic\u00e1cia das tecnologias de assist\u00eancia depende de sua integra\u00e7\u00e3o harmoniosa no ambiente existente. Um tablet dedicado a jogos cognitivos tamb\u00e9m pode servir para videoconfer\u00eancia com a fam\u00edlia, criando um ponto de contato tecnol\u00f3gico familiar e vers\u00e1til.<\/p>\n                <\/div>\n            <\/div>\n\n            <div class=\"conseil-card\">\n                <h3>\ud83d\udcf1 Tecnologias adaptadas e escal\u00e1veis<\/h3>\n                <p>A escolha das tecnologias deve priorizar a simplicidade de uso e a confiabilidade. Interfaces limpas, comandos de voz claros e sistemas automatizados reduzem a carga cognitiva enquanto oferecem uma assist\u00eancia eficaz. A escalabilidade dos sistemas permite adaptar as funcionalidades conforme a progress\u00e3o da doen\u00e7a.<\/p>\n            <\/div>\n<div class=\"key-points\">\n                <h3>Solu\u00e7\u00f5es tecnol\u00f3gicas recomendadas:<\/h3>\n                <ul>\n                    <li>Sistema de geolocaliza\u00e7\u00e3o discreto para sa\u00eddas<\/li>\n                    <li>Detectores de queda com alerta autom\u00e1tico<\/li>\n                    <li>Organizadores eletr\u00f4nicos de medicamentos com lembretes sonoros e visuais<\/li>\n                    <li>Calend\u00e1rios digitais com fotos e mensagens de voz<\/li>\n                    <li>Sistemas de videofonia simplificados para contato familiar<\/li>\n                    <li>Aplicativos de estimula\u00e7\u00e3o cognitiva adaptados<\/li>\n                <\/ul>\n            <\/div>\n\n            <h2>9. Criar espa\u00e7os de estimula\u00e7\u00e3o e bem-estar<\/h2>\n\n            <p>A organiza\u00e7\u00e3o da casa para uma pessoa com doen\u00e7a de Alzheimer n\u00e3o deve se limitar \u00e0 seguran\u00e7a dos espa\u00e7os. A cria\u00e7\u00e3o de \u00e1reas dedicadas ao bem-estar e \u00e0 estimula\u00e7\u00e3o cognitiva contribui ativamente para a manuten\u00e7\u00e3o das capacidades e para a qualidade de vida. Esses espa\u00e7os terap\u00eauticos integrados ao lar prolongam e complementam as interven\u00e7\u00f5es profissionais.<\/p>\n\n            <p>As atividades de estimula\u00e7\u00e3o sensorial podem ser integradas naturalmente no lar atrav\u00e9s da organiza\u00e7\u00e3o de espa\u00e7os dedicados. Um canto de leitura com ilumina\u00e7\u00e3o adequada, um espa\u00e7o de jardinagem interna com plantas arom\u00e1ticas, ou ainda uma parede de mem\u00f3rias com fotos familiares se tornam tantas oportunidades de estimula\u00e7\u00e3o cognitiva espont\u00e2nea.<\/p>\n\n            <p>A arteterapia e as atividades manuais tamb\u00e9m encontram seu lugar em um lar adaptado. Uma simples mesa ou uma mesa dedicada \u00e0s atividades criativas, equipada com o material necess\u00e1rio e facilmente acess\u00edvel, incentiva a pr\u00e1tica de atividades enriquecedoras que mant\u00eam o engajamento mental e a motricidade fina.<\/p>\n\n            <div class=\"conseil-card\">\n                <h3>\ud83c\udfa8 Espa\u00e7os criativos terap\u00eauticos<\/h3>\n                <p>A arteterapia adaptada ao lar n\u00e3o requer equipamentos sofisticados. L\u00e1pis de cor, massa de modelar, quebra-cabe\u00e7as simples ou livros de colorir s\u00e3o ferramentas acess\u00edveis que estimulam as capacidades criativas e proporcionam um sentimento de realiza\u00e7\u00e3o.<\/p>\n            <\/div>\n\n            <div class=\"key-points\">\n                <h3>Elementos de um espa\u00e7o de estimula\u00e7\u00e3o eficaz:<\/h3>\n                <ul>\n                    <li>Ilumina\u00e7\u00e3o adequada para atividades de precis\u00e3o<\/li>\n                    <li>Armazenamento vis\u00edvel e organizado do material<\/li>\n                    <li>Cadeira confort\u00e1vel com bom suporte para as costas<\/li>\n                    <li>Superf\u00edcie de trabalho na altura adequada<\/li>\n                    <li>Ambiente sonoro relaxante ou estimulante conforme a atividade<\/li>\n                    <li>Acesso f\u00e1cil sem obst\u00e1culos<\/li>\n                <\/ul>\n            <\/div>\n\n            <div class=\"tip-box\">\n<div class=\"tip-box-label\">\ud83c\udfb5 Musicoterapia dom\u00e9stica<\/div>\n                <p>A m\u00fasica exerce um poder terap\u00eautico reconhecido sobre as pessoas afetadas pela doen\u00e7a de Alzheimer. A instala\u00e7\u00e3o de um sistema de \u00e1udio simples, com playlists personalizadas de m\u00fasicas familiares, pode transformar qualquer espa\u00e7o em uma zona de bem-estar e de estimula\u00e7\u00e3o emocional positiva.<\/p>\n            <\/div>\n\n            <h2>10. Planejar a evolu\u00e7\u00e3o das adapta\u00e7\u00f5es conforme a progress\u00e3o da doen\u00e7a<\/h2>\n\n            <p>A doen\u00e7a de Alzheimer sendo uma patologia evolutiva, as necessidades de adapta\u00e7\u00e3o do domic\u00edlio mudam ao longo do tempo. Uma abordagem prospectiva permite antecipar essas evolu\u00e7\u00f5es e planejar as adapta\u00e7\u00f5es necess\u00e1rias sem esperar pela urg\u00eancia. Esse planejamento evita modifica\u00e7\u00f5es traum\u00e1ticas realizadas na urg\u00eancia.<\/p>\n\n            <p>A evolutividade das adapta\u00e7\u00f5es deve ser pensada desde as primeiras modifica\u00e7\u00f5es. Solu\u00e7\u00f5es modulares, equipamentos que podem ser adicionados progressivamente e espa\u00e7os projetados para acolher futuras adapta\u00e7\u00f5es facilitam as transi\u00e7\u00f5es. Essa abordagem tamb\u00e9m permite otimizar os investimentos a longo prazo.<\/p>\n\n            <p>O di\u00e1logo com os profissionais de sa\u00fade que acompanham a pessoa permite identificar os sinais de alerta que necessitam de novas adapta\u00e7\u00f5es. Essa colabora\u00e7\u00e3o regular assegura uma adequa\u00e7\u00e3o constante entre a evolu\u00e7\u00e3o das necessidades e a adapta\u00e7\u00e3o do ambiente dom\u00e9stico.<\/p>\n\n            <div class=\"expert-box\">\n                <div class=\"expert-box-label\">Vis\u00e3o prospectiva<\/div>\n                <h3 class=\"expert-box-title\">Antecipa\u00e7\u00e3o e adapta\u00e7\u00e3o cont\u00ednua<\/h3>\n                <p>O acompanhamento das pessoas afetadas pela doen\u00e7a de Alzheimer necessita de uma vis\u00e3o a longo prazo que integre a evolu\u00e7\u00e3o prov\u00e1vel das necessidades. Na DYNSEO, concebemos nossas solu\u00e7\u00f5es de estimula\u00e7\u00e3o cognitiva como ferramentas evolutivas que se adaptam aos diferentes est\u00e1gios da doen\u00e7a, \u00e0 semelhan\u00e7a do nosso programa <a href=\"https:\/\/www.dynseo.com\/pt-pt\/coco-pensa-e-coco-se-mexe\/\" target=\"_blank\">COCO PENSA e COCO SE MEXE<\/a>.<\/p>\n                \n                <div class=\"expert-inner\">\n                    <h4 class=\"expert-inner-title\">Sinais de evolu\u00e7\u00e3o a serem monitorados<\/h4>\n                    <p>Certos comportamentos indicam a necessidade de adaptar o ambiente: aumento das quedas, desorienta\u00e7\u00e3o em espa\u00e7os familiares, novas dificuldades com equipamentos habituais, ou mudan\u00e7as nos h\u00e1bitos alimentares e de higiene. O reconhecimento precoce desses sinais permite adapta\u00e7\u00f5es suaves.<\/p>\n                <\/div>\n            <\/div>\n\n            <div class=\"conseil-card\">\n                <h3>\ud83d\udcc5 Planejamento de adapta\u00e7\u00e3o progressiva<\/h3>\n                <p>A implementa\u00e7\u00e3o de um calend\u00e1rio de revis\u00e3o das adapta\u00e7\u00f5es, idealmente a cada seis meses, permite acompanhar a evolu\u00e7\u00e3o das necessidades sem esperar o surgimento de dificuldades maiores. Essa abordagem proativa mant\u00e9m um n\u00edvel de seguran\u00e7a \u00f3timo enquanto preserva a autonomia o m\u00e1ximo poss\u00edvel.<\/p>\n            <\/div>\n\n            <div class=\"key-points\">\n                <h3>Etapas de evolu\u00e7\u00e3o t\u00edpicas a serem antecipadas:<\/h3>\n                <ul>\n                    <li>Restri\u00e7\u00e3o progressiva do acesso \u00e0s zonas perigosas<\/li>\n                    <li>Refor\u00e7o da sinaliza\u00e7\u00e3o e dos pontos de refer\u00eancia visuais<\/li>\n                    <li>Adapta\u00e7\u00e3o dos sistemas de fechamento e de seguran\u00e7a<\/li>\n                    <li>Evolu\u00e7\u00e3o para equipamentos mais assistidos<\/li>\n                    <li>Adapta\u00e7\u00e3o para facilitar a interven\u00e7\u00e3o dos cuidadores<\/li>\n                    <li>Prepara\u00e7\u00e3o para acolher material m\u00e9dico se necess\u00e1rio<\/li>\n                <\/ul>\n            <\/div>\n<div class=\"faq-list\">\n                <h2>\u2753 Perguntas frequentes<\/h2>\n                \n                <div class=\"faq-item\">\n                    <div class=\"faq-q\">\n                        <span>Em que momento deve-se come\u00e7ar a adaptar a casa para uma pessoa com doen\u00e7a de Alzheimer?<\/span>\n                        <span class=\"faq-icon\">+<\/span>\n                    <\/div>\n                    <div class=\"faq-a\">\n                        <p>O ideal \u00e9 come\u00e7ar as adapta\u00e7\u00f5es assim que surgirem os primeiros sinais da doen\u00e7a, mesmo que leves. Uma abordagem gradual permite uma melhor aceita\u00e7\u00e3o das mudan\u00e7as e evita modifica\u00e7\u00f5es traum\u00e1ticas realizadas na urg\u00eancia. A antecipa\u00e7\u00e3o \u00e9 a chave para uma adapta\u00e7\u00e3o bem-sucedida que preserve a autonomia pelo maior tempo poss\u00edvel.<\/p>\n                    <\/div>\n                <\/div>\n\n                <div class=\"faq-item\">\n                    <div class=\"faq-q\">\n                        <span>Quanto custa a adapta\u00e7\u00e3o completa de uma casa para uma pessoa com doen\u00e7a de Alzheimer?<\/span>\n                        <span class=\"faq-icon\">+<\/span>\n                    <\/div>\n                    <div class=\"faq-a\">\n                        <p>O custo varia consideravelmente de acordo com a magnitude das obras necess\u00e1rias, indo de algumas centenas de euros para adapta\u00e7\u00f5es simples a v\u00e1rios milhares de euros para uma renova\u00e7\u00e3o completa. Existem ajudas financeiras: APA, cr\u00e9dito fiscal, ajudas da ANAH, e \u00e0s vezes subs\u00eddios locais. \u00c9 recomendado solicitar v\u00e1rios or\u00e7amentos e se informar sobre as ajudas dispon\u00edveis.<\/p>\n                    <\/div>\n                <\/div>\n\n                <div class=\"faq-item\">\n                    <div class=\"faq-q\">\n                        <span>Quais s\u00e3o os profissionais a consultar para uma adapta\u00e7\u00e3o ideal?<\/span>\n                        <span class=\"faq-icon\">+<\/span>\n                    <\/div>\n                    <div class=\"faq-a\">\n                        <p>A equipe ideal inclui um terapeuta ocupacional para a avalia\u00e7\u00e3o das necessidades, um arquiteto ou mestre de obras especializado em acessibilidade, e os artes\u00e3os qualificados para a execu\u00e7\u00e3o. A coordena\u00e7\u00e3o com a equipe m\u00e9dica (m\u00e9dico respons\u00e1vel, geriatra, psic\u00f3logo) garante uma abordagem global adaptada ao paciente.<\/p>\n                    <\/div>\n                <\/div>\n\n                <div class=\"faq-item\">\n                    <div class=\"faq-q\">\n                        <span>Como lidar com a recusa de adapta\u00e7\u00e3o por parte da pessoa com doen\u00e7a de Alzheimer?<\/span>\n                        <span class=\"faq-icon\">+<\/span>\n                    <\/div>\n                    <div class=\"faq-a\">\n                        <p>A recusa \u00e9 frequente e compreens\u00edvel, pois pode ser percebida como uma perda de autonomia. A chave \u00e9 a progress\u00e3o suave, a explica\u00e7\u00e3o dos benef\u00edcios e a inclus\u00e3o da pessoa nas escolhas de adapta\u00e7\u00e3o. \u00c0s vezes, apresentar as modifica\u00e7\u00f5es como tempor\u00e1rias ou est\u00e9ticas facilita a aceita\u00e7\u00e3o. O acompanhamento psicol\u00f3gico tamb\u00e9m pode ajudar.<\/p>\n                    <\/div>\n                <\/div>\n\n                <div class=\"faq-item\">\n                    <div class=\"faq-q\">\n                        <span>As tecnologias conectadas s\u00e3o realmente \u00fateis para pessoas com doen\u00e7a de Alzheimer?<\/span>\n                        <span class=\"faq-icon\">+<\/span>\n                    <\/div>\n                    <div class=\"faq-a\">\n                        <p>Sim, desde que sejam adaptadas e introduzidas gradualmente. Tecnologias simples como detectores de movimento, sistemas de lembrete ou aplicativos de estimula\u00e7\u00e3o cognitiva podem melhorar consideravelmente a seguran\u00e7a e manter o engajamento mental. O importante \u00e9 escolher solu\u00e7\u00f5es intuitivas que n\u00e3o criem estresse adicional.<\/p>\n                    <\/div>\n                <\/div>\n            <\/div>\n<div class=\"cta-box\">\n                <h3>Descubra nossas solu\u00e7\u00f5es de estimula\u00e7\u00e3o cognitiva<\/h3>\n                <p>DYNSEO acompanha as fam\u00edlias com ferramentas inovadoras de estimula\u00e7\u00e3o cognitiva adaptadas \u00e0s pessoas atingidas pela doen\u00e7a de Alzheimer. Nossas aplica\u00e7\u00f5es COCO PENSA e COCO SE MEXE se integram perfeitamente em um ambiente dom\u00e9stico adaptado.<\/p>\n                <div class=\"cta-buttons\">\n                    <a href=\"https:\/\/www.dynseo.com\/pt-pt\/coco-pensa-e-coco-se-mexe\/\" class=\"btn-white\" target=\"_blank\">Experimentar gratuitamente<\/a>\n                    <a href=\"#contact\" class=\"btn-outline\">Solicitar aconselhamento<\/a>\n                <\/div>\n            <\/div>\n\n            <div class=\"article-tags\">\n                <a href=\"#\" class=\"article-tag\">Alzheimer<\/a>\n                <a href=\"#\" class=\"article-tag\">Adequa\u00e7\u00e3o do domic\u00edlio<\/a>\n                <a href=\"#\" class=\"article-tag\">Seguran\u00e7a do idoso<\/a>\n                <a href=\"#\" class=\"article-tag\">Autonomia<\/a>\n                <a href=\"#\" class=\"article-tag\">Cuidadores<\/a>\n                <a href=\"#\" class=\"article-tag\">Adapta\u00e7\u00e3o do habitat<\/a>\n                <a href=\"#\" class=\"article-tag\">Tecnologias assistivas<\/a>\n                <a href=\"#\" class=\"article-tag\">Estimula\u00e7\u00e3o cognitiva<\/a>\n            <\/div>\n        <\/div>\n    <\/div>[\/et_pb_code][\/et_pb_column][\/et_pb_row][\/et_pb_section]","_et_gb_content_width":"","footnotes":""},"categories":[2915,2873],"tags":[],"class_list":["post-121101","post","type-post","status-publish","format-standard","has-post-thumbnail","hentry","category-les-conseils-des-coachs","category-tout-sur-lalzheimer"],"yoast_head":"<!-- This site is optimized with the Yoast SEO plugin v27.4 - https:\/\/yoast.com\/product\/yoast-seo-wordpress\/ -->\n<title>Como amenizar o domic\u00edlio de uma pessoa atingida pela doen\u00e7a de Alzheimer? - DYNSEO - Aplica\u00e7\u00f5es educativas e jogos de mem\u00f3ria<\/title>\n<meta name=\"robots\" content=\"index, follow, max-snippet:-1, max-image-preview:large, max-video-preview:-1\" \/>\n<link rel=\"canonical\" href=\"https:\/\/www.dynseo.com\/pt-pt\/como-amenizar-o-domicilio-de-uma-pessoa-atingida-pela-doenca-de-alzheimer\/\" \/>\n<meta property=\"og:locale\" content=\"pt_PT\" \/>\n<meta property=\"og:type\" content=\"article\" \/>\n<meta property=\"og:title\" content=\"Como amenizar o domic\u00edlio de uma pessoa atingida pela doen\u00e7a de Alzheimer? - DYNSEO - Aplica\u00e7\u00f5es educativas e jogos de mem\u00f3ria\" \/>\n<meta property=\"og:url\" content=\"https:\/\/www.dynseo.com\/pt-pt\/como-amenizar-o-domicilio-de-uma-pessoa-atingida-pela-doenca-de-alzheimer\/\" \/>\n<meta property=\"og:site_name\" content=\"DYNSEO - Aplica\u00e7\u00f5es educativas e jogos de mem\u00f3ria\" \/>\n<meta property=\"article:published_time\" content=\"2024-12-25T14:44:16+00:00\" \/>\n<meta property=\"article:modified_time\" content=\"2026-04-28T22:29:29+00:00\" \/>\n<meta property=\"og:image\" content=\"https:\/\/www.dynseo.com\/wp-content\/uploads\/2025\/03\/jeux-memoire-seniors-alzheimer.png\" \/>\n\t<meta property=\"og:image:width\" content=\"500\" \/>\n\t<meta property=\"og:image:height\" content=\"500\" \/>\n\t<meta property=\"og:image:type\" content=\"image\/png\" \/>\n<meta name=\"author\" content=\"DYNSEO\" \/>\n<meta name=\"twitter:label1\" content=\"Escrito por\" \/>\n\t<meta name=\"twitter:data1\" content=\"DYNSEO\" \/>\n\t<meta name=\"twitter:label2\" content=\"Tempo estimado de leitura\" \/>\n\t<meta name=\"twitter:data2\" content=\"22 minutos\" \/>\n<script type=\"application\/ld+json\" class=\"yoast-schema-graph\">{\"@context\":\"https:\\\/\\\/schema.org\",\"@graph\":[{\"@type\":\"Article\",\"@id\":\"https:\\\/\\\/www.dynseo.com\\\/pt-pt\\\/como-amenizar-o-domicilio-de-uma-pessoa-atingida-pela-doenca-de-alzheimer\\\/#article\",\"isPartOf\":{\"@id\":\"https:\\\/\\\/www.dynseo.com\\\/pt-pt\\\/como-amenizar-o-domicilio-de-uma-pessoa-atingida-pela-doenca-de-alzheimer\\\/\"},\"author\":{\"name\":\"DYNSEO\",\"@id\":\"https:\\\/\\\/www.dynseo.com\\\/pt-pt\\\/#\\\/schema\\\/person\\\/78ef63df2ee64e0989bc68f8401b38d6\"},\"headline\":\"Como amenizar o domic\u00edlio de uma pessoa atingida pela doen\u00e7a de Alzheimer?\",\"datePublished\":\"2024-12-25T14:44:16+00:00\",\"dateModified\":\"2026-04-28T22:29:29+00:00\",\"mainEntityOfPage\":{\"@id\":\"https:\\\/\\\/www.dynseo.com\\\/pt-pt\\\/como-amenizar-o-domicilio-de-uma-pessoa-atingida-pela-doenca-de-alzheimer\\\/\"},\"wordCount\":4505,\"publisher\":{\"@id\":\"https:\\\/\\\/www.dynseo.com\\\/pt-pt\\\/#organization\"},\"image\":{\"@id\":\"https:\\\/\\\/www.dynseo.com\\\/pt-pt\\\/como-amenizar-o-domicilio-de-uma-pessoa-atingida-pela-doenca-de-alzheimer\\\/#primaryimage\"},\"thumbnailUrl\":\"https:\\\/\\\/www.dynseo.com\\\/wp-content\\\/uploads\\\/2025\\\/03\\\/jeux-memoire-seniors-alzheimer.png\",\"articleSection\":[\"Les conseils des coachs\",\"Tout sur Alzheimer\"],\"inLanguage\":\"pt-PT\"},{\"@type\":\"WebPage\",\"@id\":\"https:\\\/\\\/www.dynseo.com\\\/pt-pt\\\/como-amenizar-o-domicilio-de-uma-pessoa-atingida-pela-doenca-de-alzheimer\\\/\",\"url\":\"https:\\\/\\\/www.dynseo.com\\\/pt-pt\\\/como-amenizar-o-domicilio-de-uma-pessoa-atingida-pela-doenca-de-alzheimer\\\/\",\"name\":\"Como amenizar o domic\u00edlio de uma pessoa atingida pela doen\u00e7a de Alzheimer? - DYNSEO - Aplica\u00e7\u00f5es educativas e jogos de mem\u00f3ria\",\"isPartOf\":{\"@id\":\"https:\\\/\\\/www.dynseo.com\\\/pt-pt\\\/#website\"},\"primaryImageOfPage\":{\"@id\":\"https:\\\/\\\/www.dynseo.com\\\/pt-pt\\\/como-amenizar-o-domicilio-de-uma-pessoa-atingida-pela-doenca-de-alzheimer\\\/#primaryimage\"},\"image\":{\"@id\":\"https:\\\/\\\/www.dynseo.com\\\/pt-pt\\\/como-amenizar-o-domicilio-de-uma-pessoa-atingida-pela-doenca-de-alzheimer\\\/#primaryimage\"},\"thumbnailUrl\":\"https:\\\/\\\/www.dynseo.com\\\/wp-content\\\/uploads\\\/2025\\\/03\\\/jeux-memoire-seniors-alzheimer.png\",\"datePublished\":\"2024-12-25T14:44:16+00:00\",\"dateModified\":\"2026-04-28T22:29:29+00:00\",\"breadcrumb\":{\"@id\":\"https:\\\/\\\/www.dynseo.com\\\/pt-pt\\\/como-amenizar-o-domicilio-de-uma-pessoa-atingida-pela-doenca-de-alzheimer\\\/#breadcrumb\"},\"inLanguage\":\"pt-PT\",\"potentialAction\":[{\"@type\":\"ReadAction\",\"target\":[\"https:\\\/\\\/www.dynseo.com\\\/pt-pt\\\/como-amenizar-o-domicilio-de-uma-pessoa-atingida-pela-doenca-de-alzheimer\\\/\"]}]},{\"@type\":\"ImageObject\",\"inLanguage\":\"pt-PT\",\"@id\":\"https:\\\/\\\/www.dynseo.com\\\/pt-pt\\\/como-amenizar-o-domicilio-de-uma-pessoa-atingida-pela-doenca-de-alzheimer\\\/#primaryimage\",\"url\":\"https:\\\/\\\/www.dynseo.com\\\/wp-content\\\/uploads\\\/2025\\\/03\\\/jeux-memoire-seniors-alzheimer.png\",\"contentUrl\":\"https:\\\/\\\/www.dynseo.com\\\/wp-content\\\/uploads\\\/2025\\\/03\\\/jeux-memoire-seniors-alzheimer.png\",\"width\":500,\"height\":500,\"caption\":\"Jogos divertidos e desafiadores para estimular a mente de pacientes com Alzheimer\"},{\"@type\":\"BreadcrumbList\",\"@id\":\"https:\\\/\\\/www.dynseo.com\\\/pt-pt\\\/como-amenizar-o-domicilio-de-uma-pessoa-atingida-pela-doenca-de-alzheimer\\\/#breadcrumb\",\"itemListElement\":[{\"@type\":\"ListItem\",\"position\":1,\"name\":\"Accueil\",\"item\":\"https:\\\/\\\/www.dynseo.com\\\/pt-pt\\\/\"},{\"@type\":\"ListItem\",\"position\":2,\"name\":\"Como amenizar o domic\u00edlio de uma pessoa atingida pela doen\u00e7a de Alzheimer?\"}]},{\"@type\":\"WebSite\",\"@id\":\"https:\\\/\\\/www.dynseo.com\\\/pt-pt\\\/#website\",\"url\":\"https:\\\/\\\/www.dynseo.com\\\/pt-pt\\\/\",\"name\":\"Jeux de m\u00e9moire et stimulation cognitive\",\"description\":\"Entra\u00eenez votre m\u00e9moire et votre cerveau avec DYNSEO\",\"publisher\":{\"@id\":\"https:\\\/\\\/www.dynseo.com\\\/pt-pt\\\/#organization\"},\"potentialAction\":[{\"@type\":\"SearchAction\",\"target\":{\"@type\":\"EntryPoint\",\"urlTemplate\":\"https:\\\/\\\/www.dynseo.com\\\/pt-pt\\\/?s={search_term_string}\"},\"query-input\":{\"@type\":\"PropertyValueSpecification\",\"valueRequired\":true,\"valueName\":\"search_term_string\"}}],\"inLanguage\":\"pt-PT\"},{\"@type\":\"Organization\",\"@id\":\"https:\\\/\\\/www.dynseo.com\\\/pt-pt\\\/#organization\",\"name\":\"DYNSEO\",\"url\":\"https:\\\/\\\/www.dynseo.com\\\/pt-pt\\\/\",\"logo\":{\"@type\":\"ImageObject\",\"inLanguage\":\"pt-PT\",\"@id\":\"https:\\\/\\\/www.dynseo.com\\\/pt-pt\\\/#\\\/schema\\\/logo\\\/image\\\/\",\"url\":\"https:\\\/\\\/www.dynseo.com\\\/wp-content\\\/uploads\\\/2022\\\/05\\\/logo-dynseo-new.png\",\"contentUrl\":\"https:\\\/\\\/www.dynseo.com\\\/wp-content\\\/uploads\\\/2022\\\/05\\\/logo-dynseo-new.png\",\"width\":5073,\"height\":1397,\"caption\":\"DYNSEO\"},\"image\":{\"@id\":\"https:\\\/\\\/www.dynseo.com\\\/pt-pt\\\/#\\\/schema\\\/logo\\\/image\\\/\"}},{\"@type\":\"Person\",\"@id\":\"https:\\\/\\\/www.dynseo.com\\\/pt-pt\\\/#\\\/schema\\\/person\\\/78ef63df2ee64e0989bc68f8401b38d6\",\"name\":\"DYNSEO\",\"url\":\"https:\\\/\\\/www.dynseo.com\\\/pt-pt\\\/author\\\/justine\\\/\"}]}<\/script>\n<!-- \/ Yoast SEO plugin. -->","yoast_head_json":{"title":"Como amenizar o domic\u00edlio de uma pessoa atingida pela doen\u00e7a de Alzheimer? - DYNSEO - Aplica\u00e7\u00f5es educativas e jogos de mem\u00f3ria","robots":{"index":"index","follow":"follow","max-snippet":"max-snippet:-1","max-image-preview":"max-image-preview:large","max-video-preview":"max-video-preview:-1"},"canonical":"https:\/\/www.dynseo.com\/pt-pt\/como-amenizar-o-domicilio-de-uma-pessoa-atingida-pela-doenca-de-alzheimer\/","og_locale":"pt_PT","og_type":"article","og_title":"Como amenizar o domic\u00edlio de uma pessoa atingida pela doen\u00e7a de Alzheimer? - DYNSEO - Aplica\u00e7\u00f5es educativas e jogos de mem\u00f3ria","og_url":"https:\/\/www.dynseo.com\/pt-pt\/como-amenizar-o-domicilio-de-uma-pessoa-atingida-pela-doenca-de-alzheimer\/","og_site_name":"DYNSEO - Aplica\u00e7\u00f5es educativas e jogos de mem\u00f3ria","article_published_time":"2024-12-25T14:44:16+00:00","article_modified_time":"2026-04-28T22:29:29+00:00","og_image":[{"width":500,"height":500,"url":"https:\/\/www.dynseo.com\/wp-content\/uploads\/2025\/03\/jeux-memoire-seniors-alzheimer.png","type":"image\/png"}],"author":"DYNSEO","twitter_misc":{"Escrito por":"DYNSEO","Tempo estimado de leitura":"22 minutos"},"schema":{"@context":"https:\/\/schema.org","@graph":[{"@type":"Article","@id":"https:\/\/www.dynseo.com\/pt-pt\/como-amenizar-o-domicilio-de-uma-pessoa-atingida-pela-doenca-de-alzheimer\/#article","isPartOf":{"@id":"https:\/\/www.dynseo.com\/pt-pt\/como-amenizar-o-domicilio-de-uma-pessoa-atingida-pela-doenca-de-alzheimer\/"},"author":{"name":"DYNSEO","@id":"https:\/\/www.dynseo.com\/pt-pt\/#\/schema\/person\/78ef63df2ee64e0989bc68f8401b38d6"},"headline":"Como amenizar o domic\u00edlio de uma pessoa atingida pela doen\u00e7a de Alzheimer?","datePublished":"2024-12-25T14:44:16+00:00","dateModified":"2026-04-28T22:29:29+00:00","mainEntityOfPage":{"@id":"https:\/\/www.dynseo.com\/pt-pt\/como-amenizar-o-domicilio-de-uma-pessoa-atingida-pela-doenca-de-alzheimer\/"},"wordCount":4505,"publisher":{"@id":"https:\/\/www.dynseo.com\/pt-pt\/#organization"},"image":{"@id":"https:\/\/www.dynseo.com\/pt-pt\/como-amenizar-o-domicilio-de-uma-pessoa-atingida-pela-doenca-de-alzheimer\/#primaryimage"},"thumbnailUrl":"https:\/\/www.dynseo.com\/wp-content\/uploads\/2025\/03\/jeux-memoire-seniors-alzheimer.png","articleSection":["Les conseils des coachs","Tout sur Alzheimer"],"inLanguage":"pt-PT"},{"@type":"WebPage","@id":"https:\/\/www.dynseo.com\/pt-pt\/como-amenizar-o-domicilio-de-uma-pessoa-atingida-pela-doenca-de-alzheimer\/","url":"https:\/\/www.dynseo.com\/pt-pt\/como-amenizar-o-domicilio-de-uma-pessoa-atingida-pela-doenca-de-alzheimer\/","name":"Como amenizar o domic\u00edlio de uma pessoa atingida pela doen\u00e7a de Alzheimer? - DYNSEO - Aplica\u00e7\u00f5es educativas e jogos de mem\u00f3ria","isPartOf":{"@id":"https:\/\/www.dynseo.com\/pt-pt\/#website"},"primaryImageOfPage":{"@id":"https:\/\/www.dynseo.com\/pt-pt\/como-amenizar-o-domicilio-de-uma-pessoa-atingida-pela-doenca-de-alzheimer\/#primaryimage"},"image":{"@id":"https:\/\/www.dynseo.com\/pt-pt\/como-amenizar-o-domicilio-de-uma-pessoa-atingida-pela-doenca-de-alzheimer\/#primaryimage"},"thumbnailUrl":"https:\/\/www.dynseo.com\/wp-content\/uploads\/2025\/03\/jeux-memoire-seniors-alzheimer.png","datePublished":"2024-12-25T14:44:16+00:00","dateModified":"2026-04-28T22:29:29+00:00","breadcrumb":{"@id":"https:\/\/www.dynseo.com\/pt-pt\/como-amenizar-o-domicilio-de-uma-pessoa-atingida-pela-doenca-de-alzheimer\/#breadcrumb"},"inLanguage":"pt-PT","potentialAction":[{"@type":"ReadAction","target":["https:\/\/www.dynseo.com\/pt-pt\/como-amenizar-o-domicilio-de-uma-pessoa-atingida-pela-doenca-de-alzheimer\/"]}]},{"@type":"ImageObject","inLanguage":"pt-PT","@id":"https:\/\/www.dynseo.com\/pt-pt\/como-amenizar-o-domicilio-de-uma-pessoa-atingida-pela-doenca-de-alzheimer\/#primaryimage","url":"https:\/\/www.dynseo.com\/wp-content\/uploads\/2025\/03\/jeux-memoire-seniors-alzheimer.png","contentUrl":"https:\/\/www.dynseo.com\/wp-content\/uploads\/2025\/03\/jeux-memoire-seniors-alzheimer.png","width":500,"height":500,"caption":"Jogos divertidos e desafiadores para estimular a mente de pacientes com Alzheimer"},{"@type":"BreadcrumbList","@id":"https:\/\/www.dynseo.com\/pt-pt\/como-amenizar-o-domicilio-de-uma-pessoa-atingida-pela-doenca-de-alzheimer\/#breadcrumb","itemListElement":[{"@type":"ListItem","position":1,"name":"Accueil","item":"https:\/\/www.dynseo.com\/pt-pt\/"},{"@type":"ListItem","position":2,"name":"Como amenizar o domic\u00edlio de uma pessoa atingida pela doen\u00e7a de Alzheimer?"}]},{"@type":"WebSite","@id":"https:\/\/www.dynseo.com\/pt-pt\/#website","url":"https:\/\/www.dynseo.com\/pt-pt\/","name":"Jeux de m\u00e9moire et stimulation cognitive","description":"Entra\u00eenez votre m\u00e9moire et votre cerveau avec DYNSEO","publisher":{"@id":"https:\/\/www.dynseo.com\/pt-pt\/#organization"},"potentialAction":[{"@type":"SearchAction","target":{"@type":"EntryPoint","urlTemplate":"https:\/\/www.dynseo.com\/pt-pt\/?s={search_term_string}"},"query-input":{"@type":"PropertyValueSpecification","valueRequired":true,"valueName":"search_term_string"}}],"inLanguage":"pt-PT"},{"@type":"Organization","@id":"https:\/\/www.dynseo.com\/pt-pt\/#organization","name":"DYNSEO","url":"https:\/\/www.dynseo.com\/pt-pt\/","logo":{"@type":"ImageObject","inLanguage":"pt-PT","@id":"https:\/\/www.dynseo.com\/pt-pt\/#\/schema\/logo\/image\/","url":"https:\/\/www.dynseo.com\/wp-content\/uploads\/2022\/05\/logo-dynseo-new.png","contentUrl":"https:\/\/www.dynseo.com\/wp-content\/uploads\/2022\/05\/logo-dynseo-new.png","width":5073,"height":1397,"caption":"DYNSEO"},"image":{"@id":"https:\/\/www.dynseo.com\/pt-pt\/#\/schema\/logo\/image\/"}},{"@type":"Person","@id":"https:\/\/www.dynseo.com\/pt-pt\/#\/schema\/person\/78ef63df2ee64e0989bc68f8401b38d6","name":"DYNSEO","url":"https:\/\/www.dynseo.com\/pt-pt\/author\/justine\/"}]}},"_links":{"self":[{"href":"https:\/\/www.dynseo.com\/pt-pt\/wp-json\/wp\/v2\/posts\/121101","targetHints":{"allow":["GET"]}}],"collection":[{"href":"https:\/\/www.dynseo.com\/pt-pt\/wp-json\/wp\/v2\/posts"}],"about":[{"href":"https:\/\/www.dynseo.com\/pt-pt\/wp-json\/wp\/v2\/types\/post"}],"author":[{"embeddable":true,"href":"https:\/\/www.dynseo.com\/pt-pt\/wp-json\/wp\/v2\/users\/4"}],"replies":[{"embeddable":true,"href":"https:\/\/www.dynseo.com\/pt-pt\/wp-json\/wp\/v2\/comments?post=121101"}],"version-history":[{"count":21,"href":"https:\/\/www.dynseo.com\/pt-pt\/wp-json\/wp\/v2\/posts\/121101\/revisions"}],"predecessor-version":[{"id":568640,"href":"https:\/\/www.dynseo.com\/pt-pt\/wp-json\/wp\/v2\/posts\/121101\/revisions\/568640"}],"wp:featuredmedia":[{"embeddable":true,"href":"https:\/\/www.dynseo.com\/pt-pt\/wp-json\/wp\/v2\/media\/148854"}],"wp:attachment":[{"href":"https:\/\/www.dynseo.com\/pt-pt\/wp-json\/wp\/v2\/media?parent=121101"}],"wp:term":[{"taxonomy":"category","embeddable":true,"href":"https:\/\/www.dynseo.com\/pt-pt\/wp-json\/wp\/v2\/categories?post=121101"},{"taxonomy":"post_tag","embeddable":true,"href":"https:\/\/www.dynseo.com\/pt-pt\/wp-json\/wp\/v2\/tags?post=121101"}],"curies":[{"name":"wp","href":"https:\/\/api.w.org\/{rel}","templated":true}]}}