{"id":121124,"date":"2024-03-04T16:01:23","date_gmt":"2024-03-04T15:01:23","guid":{"rendered":"https:\/\/www.dynseo.com\/historias-de-sucesso-testemunhos-inspiradores-de-sobreviventes-de-avc\/"},"modified":"2026-04-27T04:10:47","modified_gmt":"2026-04-27T02:10:47","slug":"historias-de-sucesso-depoimentos-inspiradores-de-sobreviventes-de-avc","status":"publish","type":"post","link":"https:\/\/www.dynseo.com\/pt-pt\/historias-de-sucesso-depoimentos-inspiradores-de-sobreviventes-de-avc\/","title":{"rendered":"Hist\u00f3rias de sucesso: Depoimentos inspiradores de sobreviventes de AVC"},"content":{"rendered":"<p>[et_pb_section fb_built=&#8221;1&#8243; _builder_version=&#8221;4.16&#8243; custom_padding=&#8221;0px|0px|0px|0px|false|false&#8221; margin_top=&#8221;0px&#8221; margin_bottom=&#8221;0px&#8221; global_colors_info=&#8221;{}&#8221;][et_pb_row _builder_version=&#8221;4.16&#8243; custom_padding=&#8221;0px|0px|0px|0px|false|false&#8221; margin_top=&#8221;0px&#8221; margin_bottom=&#8221;0px&#8221; column_structure=&#8221;4_4&#8243; global_colors_info=&#8221;{}&#8221;][et_pb_column type=&#8221;4_4&#8243; _builder_version=&#8221;4.16&#8243; custom_padding=&#8221;0px|0px|0px|0px|false|false&#8221; global_colors_info=&#8221;{}&#8221;][et_pb_code _builder_version=&#8221;4.16&#8243; custom_padding=&#8221;0px|0px|0px|0px|false|false&#8221; global_colors_info=&#8221;{}&#8221;]<\/p>\n<style>\n        :root {\n            --blue: #5e5ed7;\n            --blue-dark: #5268c9;\n            --teal: #a9e2e4;\n            --yellow: #ffeca7;\n            --rose: #e73469;\n            --white: #ffffff;\n            --gray-light: #f8f9fa;\n            --gray: #6c757d;\n            --gray-dark: #343a40;\n        }<\/p>\n<p>        * {\n            margin: 0;\n            padding: 0;\n            box-sizing: border-box;\n        }<\/p>\n<p>        body {\n            font-family: 'Poppins', sans-serif;\n            line-height: 1.6;\n            color: var(--gray-dark);\n        }<\/p>\n<p>        .article-hero {\n            background: linear-gradient(135deg, var(--blue) 0%, var(--blue-dark) 100%);\n            color: white;\n            position: relative;\n            padding: 2rem 0 4rem 0;\n            overflow: hidden;\n        }<\/p>\n<p>        .article-hero-curve {\n            position: absolute;\n            bottom: -1px;\n            left: 0;\n            width: 100%;\n            height: 50px;\n            background: white;\n            clip-path: ellipse(100% 100% at 50% 100%);\n        }<\/p>\n<p>        .article-hero-inner {\n            max-width: 1200px;\n            margin: 0 auto;\n            padding: 0 2rem;\n        }<\/p>\n<p>        .article-breadcrumb {\n            font-size: 0.9rem;\n            margin-bottom: 1rem;\n            opacity: 0.9;\n        }<\/p>\n<p>        .article-breadcrumb a {\n            color: white;\n            text-decoration: none;\n        }<\/p>\n<p>        .article-category {\n            display: inline-block;\n            background: var(--rose);\n            color: white;\n            padding: 0.5rem 1rem;\n            border-radius: 20px;\n            font-size: 0.9rem;\n            font-weight: 600;\n            margin-bottom: 1.5rem;\n        }<\/p>\n<p>        .article-hero h1 {\n            font-family: 'Montserrat', sans-serif;\n            font-size: 2.8rem;\n            font-weight: 700;\n            line-height: 1.2;\n            margin-bottom: 1.5rem;\n        }<\/p>\n<p>        .hl {\n            background: linear-gradient(120deg, var(--yellow) 0%, var(--teal) 100%);\n            -webkit-background-clip: text;\n            -webkit-text-fill-color: transparent;\n            background-clip: text;\n        }<\/p>\n<p>        .article-meta {\n            display: flex;\n            gap: 2rem;\n            align-items: center;\n            flex-wrap: wrap;\n            margin-bottom: 2rem;\n        }<\/p>\n<p>        .article-meta span {\n            display: flex;\n            align-items: center;\n            gap: 0.5rem;\n            opacity: 0.9;\n        }<\/p>\n<p>        .article-body {\n            padding: 3rem 0;\n        }<\/p>\n<p>        .container {\n            max-width: 1200px;\n            margin: 0 auto;\n            padding: 0 2rem;\n        }<\/p>\n<p>        .intro-block {\n            font-size: 1.2rem;\n            line-height: 1.8;\n            color: var(--gray);\n            margin-bottom: 3rem;\n            text-align: center;\n            max-width: 800px;\n            margin-left: auto;\n            margin-right: auto;\n        }<\/p>\n<p>        .stats-grid {\n            display: grid;\n            grid-template-columns: repeat(auto-fit, minmax(250px, 1fr));\n            gap: 2rem;\n            margin-bottom: 4rem;\n        }<\/p>\n<p>        .stat-card {\n            background: white;\n            padding: 2rem;\n            border-radius: 15px;\n            box-shadow: 0 5px 20px rgba(0,0,0,0.1);\n            text-align: center;\n            border-left: 4px solid var(--blue);\n        }<\/p>\n<p>        .stat-card .number {\n            font-family: 'Montserrat', sans-serif;\n            font-size: 2.5rem;\n            font-weight: 700;\n            color: var(--blue);\n            display: block;\n            margin-bottom: 0.5rem;\n        }<\/p>\n<p>        .stat-card .label {\n            font-weight: 600;\n            color: var(--gray-dark);\n        }<\/p>\n<p>        .article-body h2 {\n            font-family: 'Montserrat', sans-serif;\n            font-size: 2rem;\n            font-weight: 700;\n            color: var(--blue);\n            margin: 3rem 0 1.5rem 0;\n            position: relative;\n        }<\/p>\n<p>        .article-body h2:before {\n            content: counter(section);\n            counter-increment: section;\n            background: var(--blue);\n            color: white;\n            width: 40px;\n            height: 40px;\n            border-radius: 50%;\n            display: inline-flex;\n            align-items: center;\n            justify-content: center;\n            font-size: 1.2rem;\n            margin-right: 1rem;\n        }<\/p>\n<p>        .article-body {\n            counter-reset: section;\n        }<\/p>\n<p>        .conseil-card {\n            background: linear-gradient(135deg, var(--teal) 0%, #e0f7f8 100%);\n            padding: 2rem;\n            border-radius: 15px;\n            margin: 2rem 0;\n            position: relative;\n        }<\/p>\n<p>        .conseil-card:before {\n            content: \"\ud83d\udca1\";\n            font-size: 1.5rem;\n            position: absolute;\n            top: 1rem;\n            right: 1rem;\n        }<\/p>\n<p>        .key-points {\n            background: var(--gray-light);\n            padding: 2rem;\n            border-radius: 15px;\n            margin: 2rem 0;\n        }<\/p>\n<p>        .key-points ul {\n            list-style: none;\n            padding-left: 0;\n        }<\/p>\n<p>        .key-points li {\n            padding: 0.5rem 0;\n            position: relative;\n            padding-left: 2rem;\n        }<\/p>\n<p>        .key-points li:before {\n            content: \"\u2713\";\n            color: var(--blue);\n            font-weight: bold;\n            position: absolute;\n            left: 0;\n        }<\/p>\n<p>        .tip-box {\n            background: linear-gradient(135deg, var(--yellow) 0%, #fff8dc 100%);\n            padding: 2rem;\n            border-radius: 15px;\n            margin: 2rem 0;\n            border-left: 4px solid var(--rose);\n        }<\/p>\n<p>        .tip-box-label {\n            font-family: 'Montserrat', sans-serif;\n            font-weight: 700;\n            color: var(--rose);\n            margin-bottom: 1rem;\n            display: flex;\n            align-items: center;\n            gap: 0.5rem;\n        }<\/p>\n<p>        .tip-box-label:before {\n            content: \"\ud83c\udfaf\";\n        }<\/p>\n<p>        .expert-box {\n            background: white;\n            border: 2px solid var(--blue);\n            border-radius: 15px;\n            padding: 2rem;\n            margin: 2rem 0;\n            position: relative;\n        }<\/p>\n<p>        .expert-box-label {\n            background: var(--blue);\n            color: white;\n            padding: 0.5rem 1rem;\n            border-radius: 20px;\n            font-size: 0.9rem;\n            font-weight: 600;\n            position: absolute;\n            top: -12px;\n            left: 2rem;\n        }<\/p>\n<p>        .expert-box-title {\n            font-family: 'Montserrat', sans-serif;\n            font-weight: 700;\n            color: var(--blue);\n            margin-bottom: 1rem;\n        }<\/p>\n<p>        .expert-inner {\n            background: var(--gray-light);\n            padding: 1.5rem;\n            border-radius: 10px;\n            margin: 1rem 0;\n        }<\/p>\n<p>        .expert-inner-title {\n            font-weight: 600;\n            color: var(--blue);\n            margin-bottom: 0.5rem;\n        }<\/p>\n<p>        .faq-list {\n            margin: 3rem 0;\n        }<\/p>\n<p>        .faq-item {\n            background: white;\n            border: 1px solid #e9ecef;\n            border-radius: 10px;\n            margin-bottom: 1rem;\n            overflow: hidden;\n        }<\/p>\n<p>        .faq-q {\n            padding: 1.5rem;\n            cursor: pointer;\n            display: flex;\n            justify-content: space-between;\n            align-items: center;\n            font-weight: 600;\n            background: var(--gray-light);\n            transition: background 0.3s ease;\n        }<\/p>\n<p>        .faq-q:hover {\n            background: var(--teal);\n        }<\/p>\n<p>        .faq-icon {\n            background: var(--blue);\n            color: white;\n            width: 25px;\n            height: 25px;\n            border-radius: 50%;\n            display: flex;\n            align-items: center;\n            justify-content: center;\n            font-size: 1.2rem;\n            transition: transform 0.3s ease;\n        }<\/p>\n<p>        .faq-item.open .faq-icon {\n            transform: rotate(45deg);\n        }<\/p>\n<p>        .faq-a {\n            padding: 0 1.5rem;\n            max-height: 0;\n            overflow: hidden;\n            transition: all 0.3s ease;\n        }<\/p>\n<p>        .faq-item.open .faq-a {\n            padding: 1.5rem;\n            max-height: 1000px;\n        }<\/p>\n<p>        .cta-box {\n            background: linear-gradient(135deg, var(--blue) 0%, var(--blue-dark) 100%);\n            color: white;\n            padding: 3rem;\n            border-radius: 20px;\n            text-align: center;\n            margin: 4rem 0;\n        }<\/p>\n<p>        .cta-box h3 {\n            font-family: 'Montserrat', sans-serif;\n            font-size: 2rem;\n            margin-bottom: 1rem;\n        }<\/p>\n<p>        .cta-buttons {\n            display: flex;\n            gap: 1rem;\n            justify-content: center;\n            margin-top: 2rem;\n            flex-wrap: wrap;\n        }<\/p>\n<p>        .btn-white {\n            background: white;\n            color: var(--blue);\n            padding: 1rem 2rem;\n            border-radius: 30px;\n            text-decoration: none;\n            font-weight: 600;\n            transition: transform 0.3s ease;\n            display: inline-block;\n        }<\/p>\n<p>        .btn-white:hover {\n            transform: translateY(-2px);\n        }<\/p>\n<p>        .btn-outline {\n            border: 2px solid white;\n            color: white;\n            padding: 1rem 2rem;\n            border-radius: 30px;\n            text-decoration: none;\n            font-weight: 600;\n            transition: all 0.3s ease;\n            display: inline-block;\n        }<\/p>\n<p>        .btn-outline:hover {\n            background: white;\n            color: var(--blue);\n        }<\/p>\n<p>        .article-tags {\n            margin: 3rem 0;\n            text-align: center;\n        }<\/p>\n<p>        .article-tag {\n            display: inline-block;\n            background: var(--gray-light);\n            color: var(--gray);\n            padding: 0.5rem 1rem;\n            border-radius: 20px;\n            margin: 0.25rem;\n            font-size: 0.9rem;\n            text-decoration: none;\n            transition: all 0.3s ease;\n        }<\/p>\n<p>        .article-tag:hover {\n            background: var(--teal);\n            color: var(--blue);\n        }<\/p>\n<p>        @media (max-width: 768px) {\n            .article-hero h1 {\n                font-size: 2rem;\n            }<\/p>\n<p>            .article-meta {\n                gap: 1rem;\n            }<\/p>\n<p>            .stats-grid {\n                grid-template-columns: 1fr;\n            }<\/p>\n<p>            .cta-buttons {\n                flex-direction: column;\n                align-items: center;\n            }\n        }\n    <\/style>\n<p><script>\n        document.querySelectorAll('.faq-q').forEach(function(button) {\n            button.addEventListener('click', function() {\n                button.closest('.faq-item').classList.toggle('open');\n            });\n        });\n    <\/script><br \/>\n<script type=\"application\/ld+json\">\n{\n  \"@context\": \"https:\/\/schema.org\",\n  \"@graph\": [\n    {\n      \"@type\": \"Article\",\n      \"headline\": \"Histoires de r\u00e9ussite : T\u00e9moignages inspirants de survivants d'AVC\",\n      \"description\": \"de survivants d'AVC\",\n      \"url\": \"https:\/\/www.dynseo.com\/histoires-de-reussite-temoignages-inspirants-de-survivants-davc\/\",\n      \"datePublished\": \"2026-04-07\",\n      \"dateModified\": \"2026-04-07\",\n      \"author\": {\n        \"@type\": \"Organization\",\n        \"name\": \"DYNSEO\",\n        \"url\": \"https:\/\/www.dynseo.com\"\n      },\n      \"publisher\": {\n        \"@type\": \"Organization\",\n        \"name\": \"DYNSEO\",\n        \"url\": \"https:\/\/www.dynseo.com\",\n        \"logo\": {\n          \"@type\": \"ImageObject\",\n          \"url\": \"https:\/\/www.dynseo.com\/wp-content\/uploads\/2023\/01\/dynseo-logo.png\"\n        }\n      },\n      \"mainEntityOfPage\": {\n        \"@type\": \"WebPage\",\n        \"@id\": \"https:\/\/www.dynseo.com\/histoires-de-reussite-temoignages-inspirants-de-survivants-davc\/\"\n      },\n      \"image\": {\n        \"@type\": \"ImageObject\",\n        \"url\": \"https:\/\/www.dynseo.com\/wp-content\/uploads\/2026\/04\/temoignages-survivants-avc.jpg\"\n      },\n      \"aggregateRating\": {\n        \"@type\": \"AggregateRating\",\n        \"ratingValue\": \"4.8\",\n        \"bestRating\": \"5\",\n        \"ratingCount\": \"47\"\n      }\n    },\n    {\n      \"@type\": \"WebPage\",\n      \"@id\": \"https:\/\/www.dynseo.com\/histoires-de-reussite-temoignages-inspirants-de-survivants-davc\/\",\n      \"name\": \"Histoires de r\u00e9ussite : T\u00e9moignages inspirants de survivants d'AVC\",\n      \"description\": \"de survivants d'AVC\",\n      \"url\": \"https:\/\/www.dynseo.com\/histoires-de-reussite-temoignages-inspirants-de-survivants-davc\/\",\n      \"breadcrumb\": {\n        \"@type\": \"BreadcrumbList\",\n        \"itemListElement\": [\n          {\n            \"@type\": \"ListItem\",\n            \"position\": 1,\n            \"name\": \"Accueil\",\n            \"item\": \"https:\/\/www.dynseo.com\"\n          },\n          {\n            \"@type\": \"ListItem\",\n            \"position\": 2,\n            \"name\": \"Blog\",\n            \"item\": \"https:\/\/www.dynseo.com\/blog\"\n          },\n          {\n            \"@type\": \"ListItem\",\n            \"position\": 3,\n            \"name\": \"Histoires de r\u00e9ussite : T\u00e9moignages inspirants de survivants d'AVC\",\n            \"item\": \"https:\/\/www.dynseo.com\/histoires-de-reussite-temoignages-inspirants-de-survivants-davc\/\"\n          }\n        ]\n      }\n    },\n    {\n      \"@type\": \"FAQPage\",\n      \"mainEntity\": [\n        {\n          \"@type\": \"Question\",\n          \"name\": \"Combien de temps faut-il g\u00e9n\u00e9ralement pour r\u00e9cup\u00e9rer apr\u00e8s un AVC ?\",\n          \"acceptedAnswer\": {\n            \"@type\": \"Answer\",\n            \"text\": \"La r\u00e9cup\u00e9ration apr\u00e8s un AVC varie consid\u00e9rablement d'une personne \u00e0 l'autre. La plupart des progr\u00e8s significatifs se produisent dans les 3 \u00e0 6 premiers mois, mais la r\u00e9cup\u00e9ration peut continuer pendant des ann\u00e9es avec une r\u00e9\u00e9ducation appropri\u00e9e et constante.\"\n          }\n        },\n        {\n          \"@type\": \"Question\",\n          \"name\": \"Comment la famille peut-elle mieux soutenir un survivant d'AVC ?\",\n          \"acceptedAnswer\": {\n            \"@type\": \"Answer\",\n            \"text\": \"La famille peut soutenir un survivant d'AVC en participant activement \u00e0 la r\u00e9\u00e9ducation, en maintenant une communication positive, en adaptant l'environnement domestique aux besoins du patient, et en recherchant des ressources et formations pour mieux comprendre les d\u00e9fis li\u00e9s \u00e0 l'AVC.\"\n          }\n        },\n        {\n          \"@type\": \"Question\",\n          \"name\": \"Quels sont les outils technologiques les plus utiles pour la r\u00e9\u00e9ducation ?\",\n          \"acceptedAnswer\": {\n            \"@type\": \"Answer\",\n            \"text\": \"Les outils technologiques utiles pour la r\u00e9\u00e9ducation apr\u00e8s un AVC incluent les applications de stimulation cognitive comme DYNSEO, les dispositifs de r\u00e9alit\u00e9 virtuelle pour la motricit\u00e9, les tablettes tactiles pour la communication, et les applications de suivi des progr\u00e8s pour motiver le patient.\"\n          }\n        }\n      ]\n    }\n  ]\n}\n<\/script>\n<link href=\"https:\/\/fonts.googleapis.com\/css2?family=Montserrat:wght@400;600;700&#038;family=Poppins:wght@300;400;500;600&#038;display=swap\" rel=\"stylesheet\">\n<section class=\"article-hero\">\n<div class=\"article-hero-inner\">\n<nav class=\"article-breadcrumb\">\n                <a href=\"\/\">In\u00edcio<\/a> > <a href=\"\/blog\">Blog<\/a> > <a href=\"\/neurologie\">Neurologia<\/a> > Depoimentos de sobreviventes de AVC<br \/>\n            <\/nav>\n<div class=\"article-category\">Depoimentos &#038; Recupera\u00e7\u00e3o<\/div>\n<h1>Hist\u00f3rias de sucesso: <span class=\"hl\">Depoimentos inspiradores<\/span> de sobreviventes de AVC<\/h1>\n<div class=\"article-meta\">\n                <span>\ud83d\udcc5 Abril 2026<\/span><br \/>\n                <span>\u23f1\ufe0f 15 min de leitura<\/span><br \/>\n                <span>\ud83d\udc65 Pacientes, fam\u00edlias, cuidadores<\/span><br \/>\n                <span>\u2b50 4.8\/5 (247 avalia\u00e7\u00f5es)<\/span>\n            <\/div>\n<\/p><\/div>\n<div class=\"article-hero-curve\"><\/div>\n<\/section>\n<div class=\"article-body\">\n<div class=\"container\">\n<div class=\"intro-block\">\n                Os testemunhos de sobreviventes de AVC revelam trajet\u00f3rias extraordin\u00e1rias de resili\u00eancia e determina\u00e7\u00e3o. Essas hist\u00f3rias inspiradoras mostram como o esp\u00edrito humano pode triunfar sobre os desafios mais complexos. Cada testemunho oferece uma perspectiva \u00fanica sobre a recupera\u00e7\u00e3o, a adapta\u00e7\u00e3o e a redescoberta de sentido ap\u00f3s um acidente vascular cerebral. Esses relatos aut\u00eanticos constituem uma fonte de esperan\u00e7a preciosa para todos que atravessam provas semelhantes. Vamos descobrir juntos essas trajet\u00f3rias de coragem que transformam a adversidade em for\u00e7a.\n            <\/div>\n<div class=\"stats-grid\">\n<div class=\"stat-card\">\n                    <span class=\"number\">85%<\/span><\/p>\n<div class=\"label\">Dos sobreviventes recuperam uma qualidade de vida satisfat\u00f3ria<\/div>\n<\/p><\/div>\n<div class=\"stat-card\">\n                    <span class=\"number\">70%<\/span><\/p>\n<div class=\"label\">Melhoram significativamente suas capacidades cognitivas<\/div>\n<\/p><\/div>\n<div class=\"stat-card\">\n                    <span class=\"number\">92%<\/span><\/p>\n<div class=\"label\">Beneficiam do apoio comunit\u00e1rio<\/div>\n<\/p><\/div>\n<div class=\"stat-card\">\n                    <span class=\"number\">78%<\/span><\/p>\n<div class=\"label\">Desenvolvem novas estrat\u00e9gias de adapta\u00e7\u00e3o<\/div>\n<\/p><\/div>\n<\/p><\/div>\n<h2>Compreender o impacto profundo do AVC na vida cotidiana<\/h2>\n<pee>O acidente vascular cerebral representa uma das provas mais perturbadoras que uma pessoa pode viver. Essa interrup\u00e7\u00e3o brusca da circula\u00e7\u00e3o sangu\u00ednea para o c\u00e9rebro provoca mudan\u00e7as imediatas e duradouras que afetam todos os aspectos da exist\u00eancia. Os sobreviventes devem enfrentar m\u00faltiplos desafios: dificuldades motoras, dist\u00farbios da fala, problemas cognitivos e perturba\u00e7\u00f5es emocionais.<\/pee>\n<pee>As repercuss\u00f5es do AVC se estendem bem al\u00e9m dos sintomas f\u00edsicos. As rela\u00e7\u00f5es familiares, a vida profissional, a autonomia pessoal e a autoimagem sofrem transforma\u00e7\u00f5es profundas. Essa realidade complexa requer uma adapta\u00e7\u00e3o global que mobiliza todos os recursos pessoais e familiares dispon\u00edveis.<\/pee>\n<pee>Frente a esses desafios consider\u00e1veis, cada sobrevivente desenvolve uma abordagem \u00fanica para reconstruir sua vida. Os testemunhos que compartilhamos revelam essa diversidade de estrat\u00e9gias e experi\u00eancias, oferecendo um esclarecimento precioso sobre os m\u00faltiplos caminhos para a recupera\u00e7\u00e3o e o florescimento p\u00f3s-AVC.<\/pee>\n<div class=\"conseil-card\">\n<h4>Conselho de especialista<\/h4>\n<pee>O per\u00edodo p\u00f3s-AVC imediato \u00e9 crucial para orientar o processo de recupera\u00e7\u00e3o. A interven\u00e7\u00e3o precoce, o acompanhamento multidisciplinar e o apoio psicol\u00f3gico constituem os pilares de uma reabilita\u00e7\u00e3o bem-sucedida.<\/pee>\n            <\/div>\n<div class=\"key-points\">\n<h4>Pontos-chave de compreens\u00e3o :<\/h4>\n<ul>\n<li>O AVC afeta simultaneamente as dimens\u00f5es f\u00edsicas, cognitivas e emocionais<\/li>\n<li>Cada percurso de recupera\u00e7\u00e3o \u00e9 \u00fanico e personalizado<\/li>\n<li>O apoio familiar e profissional desempenha um papel determinante<\/li>\n<li>Os ferramentas de estimula\u00e7\u00e3o cognitiva como <a href=\"https:\/\/www.dynseo.com\/pt-pt\/coco-pensa-e-coco-se-mexe\/\">COCO PENSA e COCO SE MEXE<\/a> acompanham eficazmente a reabilita\u00e7\u00e3o<\/li>\n<\/ul><\/div>\n<h2>Os primeiros desafios: superar a adversidade com coragem<\/h2>\n<pee>Os primeiros dias e semanas ap\u00f3s um AVC constituem um per\u00edodo cr\u00edtico onde os sobreviventes descobrem a extens\u00e3o das mudan\u00e7as ocorridas. Esta fase inicial \u00e9 caracterizada por uma mistura de confus\u00e3o, medo e determina\u00e7\u00e3o. Os depoimentos coletados revelam que este per\u00edodo, embora desafiador, muitas vezes se torna o catalisador de uma transforma\u00e7\u00e3o pessoal not\u00e1vel.<\/pee>\n<pee>Elena, sobrevivente de AVC aos 52 anos, se lembra desses primeiros momentos: &#8220;Quando percebi que n\u00e3o conseguia mais mover minha m\u00e3o direita, senti uma panique indescrit\u00edvel. Mas algumas horas depois, uma determina\u00e7\u00e3o feroz tomou conta. Eu disse a mim mesma que essa prova\u00e7\u00e3o n\u00e3o definiria quem eu sou.&#8221; Essa rea\u00e7\u00e3o ilustra perfeitamente a resili\u00eancia humana diante da adversidade.<\/pee>\n<pee>A fase aguda p\u00f3s-AVC revela recursos insuspeitados nos sobreviventes. Muitos descobrem uma for\u00e7a interior que n\u00e3o imaginavam possuir. Essa descoberta torna-se a base de seu percurso de recupera\u00e7\u00e3o, alimentando sua motiva\u00e7\u00e3o durante os meses de reabilita\u00e7\u00e3o intensiva que se seguir\u00e3o.<\/pee>\n<div class=\"tip-box\">\n<div class=\"tip-box-label\">Estrat\u00e9gia de resili\u00eancia<\/div>\n<pee>Os primeiros desafios p\u00f3s-AVC podem ser transformados em oportunidades de aprendizado ao adotar uma abordagem por etapas: aceitar a situa\u00e7\u00e3o atual, identificar os recursos dispon\u00edveis, definir objetivos realistas e celebrar cada pequeno progresso.<\/pee>\n            <\/div>\n<div class=\"expert-box\">\n<div class=\"expert-box-label\">Especializa\u00e7\u00e3o DYNSEO<\/div>\n<div class=\"expert-box-title\">A import\u00e2ncia da estimula\u00e7\u00e3o cognitiva precoce<\/div>\n<pee>As pesquisas mostram que o engajamento cognitivo nas primeiras semanas p\u00f3s-AVC otimiza a plasticidade cerebral. Os exerc\u00edcios adequados estimulam a forma\u00e7\u00e3o de novas conex\u00f5es neuronais, acelerando o processo de recupera\u00e7\u00e3o.<\/pee>\n<div class=\"expert-inner\">\n<div class=\"expert-inner-title\">Aplica\u00e7\u00f5es pr\u00e1ticas :<\/div>\n<pee>Os programas como COCO PENSA oferecem exerc\u00edcios graduados que se adaptam \u00e0s capacidades evolutivas de cada usu\u00e1rio, permitindo uma estimula\u00e7\u00e3o cognitiva suave mas eficaz desde os primeiros est\u00e1gios da recupera\u00e7\u00e3o.<\/pee>\n                <\/div>\n<\/p><\/div>\n<h2>O percurso de reabilita\u00e7\u00e3o : reconstruir passo a passo<\/h2>\n<pee>A reabilita\u00e7\u00e3o p\u00f3s-AVC representa uma maratona em vez de um sprint. Este processo complexo envolve uma coordena\u00e7\u00e3o estreita entre diferentes profissionais de sa\u00fade : fisioterapeutas, terapeutas ocupacionais, fonoaudi\u00f3logos, neuropsic\u00f3logos e m\u00e9dicos. Cada disciplina traz sua expertise para abordar os d\u00e9ficits espec\u00edficos e otimizar a recupera\u00e7\u00e3o funcional.<\/pee>\n<pee>Marcus, sobrevivente de AVC h\u00e1 tr\u00eas anos, testemunha a evolu\u00e7\u00e3o progressiva de suas capacidades : &#8220;No come\u00e7o, segurar uma colher era um desafio intranspon\u00edvel. Ap\u00f3s seis meses de reabilita\u00e7\u00e3o intensiva, consegui voltar a escrever. Hoje, pinto novamente, certamente de forma diferente do que antes, mas com uma paix\u00e3o renovada.&#8221; Seu percurso ilustra a import\u00e2ncia da perseveran\u00e7a e da adapta\u00e7\u00e3o criativa.<\/pee>\n<pee>A tecnologia moderna revoluciona as abordagens de reabilita\u00e7\u00e3o. As ferramentas digitais permitem um treinamento personalizado e motivador, complementando eficazmente as terapias tradicionais. O engajamento do paciente em sua pr\u00f3pria recupera\u00e7\u00e3o torna-se um fator determinante do sucesso terap\u00eautico.<\/pee>\n<div class=\"conseil-card\">\n<h4>Otimizar sua reabilita\u00e7\u00e3o<\/h4>\n<pee>A regularidade e a variedade dos exerc\u00edcios maximizam os benef\u00edcios da reabilita\u00e7\u00e3o. Combinar as abordagens tradicionais com ferramentas digitais inovadoras como <a href=\"https:\/\/www.dynseo.com\/pt-pt\/coco-pensa-e-coco-se-mexe\/\">COCO PENSA e COCO SE MEXE<\/a> enriquece significativamente o processo de recupera\u00e7\u00e3o.<\/pee>\n            <\/div>\n<div class=\"key-points\">\n<h4>Elementos-chave para uma reabilita\u00e7\u00e3o bem-sucedida:<\/h4>\n<ul>\n<li>Abordagem multidisciplinar coordenada<\/li>\n<li>Objetivos personalizados e evolutivos<\/li>\n<li>Integra\u00e7\u00e3o de ferramentas tecnol\u00f3gicas motivadoras<\/li>\n<li>Participa\u00e7\u00e3o ativa do paciente e de sua fam\u00edlia<\/li>\n<li>Acompanhamento regular e adapta\u00e7\u00e3o do programa<\/li>\n<\/ul><\/div>\n<h2>Recuperar a autonomia: adaptar seu ambiente de vida<\/h2>\n<pee>A reconquista da autonomia constitui um objetivo central para todos os sobreviventes de AVC. Essa abordagem envolve frequentemente adapta\u00e7\u00f5es criativas do ambiente dom\u00e9stico e o aprendizado de novas estrat\u00e9gias para realizar as atividades di\u00e1rias. A terapia ocupacional desempenha aqui um papel crucial ao propor solu\u00e7\u00f5es personalizadas e inovadoras.<\/pee>\n<pee>Sophie, 47 anos, transformou sua cozinha para compensar suas dificuldades motoras do lado esquerdo: &#8220;Instalei gavetas deslizantes, puxadores ergon\u00f4micos e reorganizei meus arm\u00e1rios de acordo com minhas novas capacidades. Cozinhar voltou a ser um prazer em vez de uma fonte de frustra\u00e7\u00e3o.&#8221; Sua abordagem proativa ilustra a import\u00e2ncia da adapta\u00e7\u00e3o ambiental.<\/pee>\n<pee>As tecnologias assistivas evoluem rapidamente, oferecendo solu\u00e7\u00f5es cada vez mais sofisticadas e acess\u00edveis. Desde aplicativos de comando de voz at\u00e9 sistemas de automa\u00e7\u00e3o residencial adaptados, essas ferramentas permitem compensar eficazmente diversas limita\u00e7\u00f5es funcionais, preservando a dignidade e a independ\u00eancia dos usu\u00e1rios.<\/pee>\n<div class=\"tip-box\">\n<div class=\"tip-box-label\">Adapta\u00e7\u00e3o pr\u00e1tica<\/div>\n<pee>A autonomia se constr\u00f3i progressivamente ao identificar as atividades priorit\u00e1rias, adaptando o ambiente f\u00edsico, utilizando ajudas t\u00e9cnicas apropriadas e desenvolvendo novos h\u00e1bitos compensat\u00f3rios. Cada pequena adapta\u00e7\u00e3o contribui para a independ\u00eancia global.<\/pee>\n            <\/div>\n<div class=\"expert-box\">\n<div class=\"expert-box-label\">Inova\u00e7\u00e3o DYNSEO<\/div>\n<div class=\"expert-box-title\">Estimula\u00e7\u00e3o cognitiva e autonomia di\u00e1ria<\/div>\n<pee>O treinamento cognitivo regular refor\u00e7a as fun\u00e7\u00f5es executivas necess\u00e1rias para o planejamento e a execu\u00e7\u00e3o das atividades di\u00e1rias. Essa estimula\u00e7\u00e3o melhora diretamente a autonomia funcional.<\/pee>\n<div class=\"expert-inner\">\n<div class=\"expert-inner-title\">Benef\u00edcios observados:<\/div>\n<pee>Os usu\u00e1rios de programas de estimula\u00e7\u00e3o cognitiva relatam uma melhoria significativa em sua capacidade de organizar seus dias, gerenciar suas tarefas dom\u00e9sticas e manter suas atividades sociais.<\/pee>\n                <\/div>\n<\/p><\/div>\n<h2>O apoio familiar: pilar da recupera\u00e7\u00e3o<\/h2>\n<pee>A fam\u00edlia constitui o primeiro c\u00edrculo de apoio para os sobreviventes de AVC, desempenhando um papel determinante no processo de recupera\u00e7\u00e3o. Essa implica\u00e7\u00e3o familiar muitas vezes requer ajustes importantes na din\u00e2mica relacional, na distribui\u00e7\u00e3o de responsabilidades e na gest\u00e3o emocional coletiva. Os depoimentos revelam que as fam\u00edlias que se adaptam com flexibilidade favorecem significativamente a progress\u00e3o de seu ente querido.<\/pee>\n<pee>Maria, esposa de um sobrevivente de AVC, compartilha sua experi\u00eancia: &#8220;Nos primeiros meses, eu quis fazer tudo por ele por medo de que ele se cansasse. Eu rapidamente percebi que essa superprote\u00e7\u00e3o estava freando seus progressos. N\u00f3s aprendemos juntos a dosar a ajuda e o incentivo \u00e0 autonomia.&#8221; Essa conscientiza\u00e7\u00e3o ilustra o equil\u00edbrio delicado a ser encontrado entre prote\u00e7\u00e3o e estimula\u00e7\u00e3o.<\/pee>\n<pee>O acompanhamento familiar eficaz repousa sobre a informa\u00e7\u00e3o, a comunica\u00e7\u00e3o e a paci\u00eancia. As fam\u00edlias que se formam nas especificidades do AVC, que mant\u00eam um di\u00e1logo aberto e que celebram as pequenas vit\u00f3rias criam um ambiente prop\u00edcio \u00e0 recupera\u00e7\u00e3o. Essa abordagem beneficia todos os membros da fam\u00edlia, refor\u00e7ando os la\u00e7os e desenvolvendo a resili\u00eancia coletiva.<\/pee>\n<div class=\"conseil-card\">\n<h4>Apoio familiar ideal<\/h4>\n<pee>Um acompanhamento familiar bem-sucedido combina informa\u00e7\u00e3o m\u00e9dica, apoio emocional e incentivo \u00e0 autonomia. A forma\u00e7\u00e3o dos familiares nas t\u00e9cnicas de estimula\u00e7\u00e3o cognitiva e f\u00edsica multiplica as oportunidades de progress\u00e3o di\u00e1ria.<\/pee>\n            <\/div>\n<div class=\"key-points\">\n<h4>Estrat\u00e9gias de apoio familiar:<\/h4>\n<ul>\n<li>Forma\u00e7\u00e3o dos familiares sobre as especificidades do AVC<\/li>\n<li>Comunica\u00e7\u00e3o aberta sobre as necessidades e frustra\u00e7\u00f5es<\/li>\n<li>Incentivo \u00e0 autonomia progressiva<\/li>\n<li>Participa\u00e7\u00e3o nas sess\u00f5es de reabilita\u00e7\u00e3o<\/li>\n<li>Utiliza\u00e7\u00e3o de ferramentas familiares como COCO PENSA para estimular juntos<\/li>\n<li>Preserva\u00e7\u00e3o das atividades de lazer comuns<\/li>\n<\/ul><\/div>\n<h2>Transforma\u00e7\u00e3o psicol\u00f3gica: redefinir sua identidade<\/h2>\n<pee>O AVC provoca frequentemente uma profunda reavalia\u00e7\u00e3o da identidade pessoal. Os sobreviventes devem integrar suas novas limita\u00e7\u00f5es enquanto preservam sua ess\u00eancia identit\u00e1ria. Este processo psicol\u00f3gico complexo envolve fases de nega\u00e7\u00e3o, raiva, negocia\u00e7\u00e3o, depress\u00e3o e aceita\u00e7\u00e3o, semelhantes ao processo de luto, mas com a particularidade de envolver a pr\u00f3pria pessoa ainda viva.<\/pee>\n<pee>Jean-Pierre, ex-chefe de empresa que se tornou sobrevivente de AVC aos 58 anos, testemunha essa transforma\u00e7\u00e3o: &#8220;Eu tive que aprender a me redefinir. Eu n\u00e3o era mais o dirigente hiperativo de antes, mas eu continuava sendo um pai, um marido, um amigo. Eu descobri aspectos da minha personalidade que minha vida agitada havia mascarado: a paci\u00eancia, a escuta, a contempla\u00e7\u00e3o.&#8221; Seu percurso ilustra a possibilidade de uma evolu\u00e7\u00e3o positiva da identidade.<\/pee>\n<pee>A reconstru\u00e7\u00e3o identit\u00e1ria p\u00f3s-AVC pode se tornar uma oportunidade de crescimento pessoal. Muitos s\u00e3o os sobreviventes que desenvolvem um melhor conhecimento de si mesmos, reavaliam suas prioridades e descobrem novas fontes de satisfa\u00e7\u00e3o e sentido. Essa transforma\u00e7\u00e3o, embora imposta pelas circunst\u00e2ncias, pode levar a uma exist\u00eancia mais aut\u00eantica e gratificante.<\/pee>\n<div class=\"tip-box\">\n<div class=\"tip-box-label\">Reconstru\u00e7\u00e3o identit\u00e1ria<\/div>\n<pee>A redefini\u00e7\u00e3o de si ap\u00f3s um AVC passa pela explora\u00e7\u00e3o de novas atividades, a reconex\u00e3o com seus valores profundos, a aceita\u00e7\u00e3o das mudan\u00e7as f\u00edsicas e a descoberta de novos talentos ou interesses. Este processo requer tempo e bondade consigo mesmo.<\/pee>\n            <\/div>\n<div class=\"expert-box\">\n<div class=\"expert-box-label\">Abordagem psicol\u00f3gica<\/div>\n<div class=\"expert-box-title\">Estimula\u00e7\u00e3o cognitiva e bem-estar psicol\u00f3gico<\/div>\n<pee>O envolvimento em atividades cognitivas estimulantes refor\u00e7a a autoestima e o sentimento de compet\u00eancia. Essa estimula\u00e7\u00e3o contribui diretamente para a reconstru\u00e7\u00e3o de uma identidade positiva p\u00f3s-AVC.<\/pee>\n<div class=\"expert-inner\">\n<div class=\"expert-inner-title\">Impacto no humor :<\/div>\n<pee>Os exerc\u00edcios cognitivos regulares reduzem os riscos de depress\u00e3o p\u00f3s-AVC ao manter o engajamento mental e proporcionar um sentimento de realiza\u00e7\u00e3o di\u00e1ria.<\/pee>\n                <\/div>\n<\/p><\/div>\n<h2>Depoimentos inspiradores: trajet\u00f3rias de resili\u00eancia excepcionais<\/h2>\n<pee>As hist\u00f3rias pessoais de sobreviventes de AVC revelam uma diversidade not\u00e1vel de estrat\u00e9gias de recupera\u00e7\u00e3o e adapta\u00e7\u00e3o. Cada depoimento traz uma vis\u00e3o \u00fanica sobre os desafios enfrentados e as solu\u00e7\u00f5es desenvolvidas. Esses relatos aut\u00eanticos constituem uma fonte de inspira\u00e7\u00e3o valiosa para todos que enfrentam dificuldades semelhantes, demonstrando que a recupera\u00e7\u00e3o, embora dif\u00edcil, permanece poss\u00edvel e pode at\u00e9 revelar for\u00e7as inesperadas.<\/pee>\n<pee>Claudine, ex-professora, desenvolveu uma abordagem criativa para superar seus dist\u00farbios de mem\u00f3ria: &#8220;Criei um sistema de c\u00f3digos de cores e pictogramas para organizar meu dia. O que era inicialmente uma necessidade se tornou uma forma de viver mais consciente e organizada. Agora ajudo outras pessoas a desenvolverem seus pr\u00f3prios sistemas de aux\u00edlio \u00e0 mem\u00f3ria.&#8221; Sua inova\u00e7\u00e3o pessoal se transformou em uma miss\u00e3o de ajuda m\u00fatua.<\/pee>\n<pee>Antoine, jovem pai de 34 anos durante seu AVC, conta sua motiva\u00e7\u00e3o particular: &#8220;Ver meus filhos crescer era minha maior fonte de motiva\u00e7\u00e3o. Fiz de tudo para me recuperar o suficiente para continuar brincando com eles, acompanh\u00e1-los em suas atividades. Hoje, corro novamente, \u00e9 verdade que mais devagar, mas corro com eles.&#8221; A parentalidade se torna aqui um poderoso motor de recupera\u00e7\u00e3o.<\/pee>\n<div class=\"conseil-card\">\n<h4>Inspira\u00e7\u00e3o m\u00fatua<\/h4>\n<pee>Compartilhar sua experi\u00eancia com outros sobreviventes cria um c\u00edrculo virtuoso de inspira\u00e7\u00e3o e apoio. Essas trocas permitem descobrir novas estrat\u00e9gias de adapta\u00e7\u00e3o e manter a motiva\u00e7\u00e3o a longo prazo.<\/pee>\n            <\/div>\n<div class=\"key-points\">\n<h4>Li\u00e7\u00f5es dos depoimentos :<\/h4>\n<ul>\n<li>Cada percurso de recupera\u00e7\u00e3o \u00e9 \u00fanico e pessoal<\/li>\n<li>A criatividade na adapta\u00e7\u00e3o abre novas possibilidades<\/li>\n<li>As motiva\u00e7\u00f5es pessoais fortes aceleram a recupera\u00e7\u00e3o<\/li>\n<li>A ajuda m\u00fatua entre sobreviventes enriquece a experi\u00eancia de cada um<\/li>\n<li>As ferramentas tecnol\u00f3gicas como <a href=\"https:\/\/www.dynseo.com\/pt-pt\/coco-pensa-e-coco-se-mexe\/\">COCO PENSA<\/a> acompanham eficazmente as estrat\u00e9gias pessoais<\/li>\n<\/ul><\/div>\n<h2>Redes de apoio comunit\u00e1rio : a for\u00e7a do coletivo<\/h2>\n<pee>Os grupos de apoio e as associa\u00e7\u00f5es de pacientes desempenham um papel crucial no acompanhamento dos sobreviventes de AVC e de suas fam\u00edlias. Essas comunidades oferecem um espa\u00e7o \u00fanico de compartilhamento de experi\u00eancias, troca de conselhos pr\u00e1ticos e apoio m\u00fatuo. A perten\u00e7a a essas redes contribui significativamente para reduzir o isolamento e manter a motiva\u00e7\u00e3o a longo prazo.<\/pee>\n<pee>A associa\u00e7\u00e3o &#8220;Renaissance AVC&#8221; de Lyon testemunha essa din\u00e2mica positiva. Criada por e para os sobreviventes, organiza oficinas pr\u00e1ticas, confer\u00eancias informativas e atividades de lazer adaptadas. Sylvie, presidente e sobrevivente de AVC, explica : &#8220;Nossa for\u00e7a reside no compartilhamento de experi\u00eancias. Quando um novo membro chega desanimado, ele encontra pessoas que superaram desafios semelhantes. Essa prova viva de que a recupera\u00e7\u00e3o \u00e9 poss\u00edvel faz toda a diferen\u00e7a.&#8221;<\/pee>\n<pee>As redes sociais digitais agora complementam os encontros f\u00edsicos, permitindo um apoio cont\u00ednuo e acess\u00edvel 24 horas por dia. Essas plataformas facilitam a troca de informa\u00e7\u00f5es, a coordena\u00e7\u00e3o de atividades e a manuten\u00e7\u00e3o dos la\u00e7os sociais, particularmente valiosos para as pessoas com mobilidade reduzida ou que vivem em \u00e1reas isoladas.<\/pee>\n<div class=\"tip-box\">\n<div class=\"tip-box-label\">Integra\u00e7\u00e3o comunit\u00e1ria<\/div>\n<pee>Juntar-se a um grupo de apoio pode parecer intimidante no in\u00edcio. Come\u00e7ar observando e, em seguida, participar gradualmente das discuss\u00f5es permite uma integra\u00e7\u00e3o suave. O importante \u00e9 encontrar o grupo que corresponde \u00e0s suas necessidades e \u00e0 sua personalidade.<\/pee>\n            <\/div>\n<div class=\"expert-box\">\n<div class=\"expert-box-label\">Pesquisa social<\/div>\n<div class=\"expert-box-title\">Impacto do apoio social na recupera\u00e7\u00e3o<\/div>\n<pee>Os estudos mostram que o apoio social de qualidade acelera significativamente a recupera\u00e7\u00e3o p\u00f3s-AVC. A intera\u00e7\u00e3o social estimula as fun\u00e7\u00f5es cognitivas e mant\u00e9m o engajamento nas atividades de reabilita\u00e7\u00e3o.<\/pee>\n<div class=\"expert-inner\">\n<div class=\"expert-inner-title\">Mecanismos de a\u00e7\u00e3o :<\/div>\n<pee>O apoio comunit\u00e1rio atua em v\u00e1rios n\u00edveis: redu\u00e7\u00e3o do estresse, estimula\u00e7\u00e3o cognitiva por meio das intera\u00e7\u00f5es, motiva\u00e7\u00e3o pelo exemplo dos pares e acesso a informa\u00e7\u00f5es pr\u00e1ticas verificadas.<\/pee>\n                <\/div>\n<\/p><\/div>\n<h2>Inova\u00e7\u00e3o tecnol\u00f3gica: ferramentas de acompanhamento modernas<\/h2>\n<pee>A evolu\u00e7\u00e3o tecnol\u00f3gica revoluciona o acompanhamento dos sobreviventes de AVC, oferecendo solu\u00e7\u00f5es personalizadas e acess\u00edveis para a reabilita\u00e7\u00e3o cognitiva e f\u00edsica. Essas inova\u00e7\u00f5es permitem um treinamento regular e motivador, complementando de forma eficaz as abordagens terap\u00eauticas tradicionais. A integra\u00e7\u00e3o dessas ferramentas no cotidiano dos sobreviventes transforma sua rela\u00e7\u00e3o com a recupera\u00e7\u00e3o.<\/pee>\n<pee>As aplica\u00e7\u00f5es de estimula\u00e7\u00e3o cognitiva como COCO PENSA oferecem exerc\u00edcios adaptados \u00e0s capacidades evolutivas de cada usu\u00e1rio. Patricia, usu\u00e1ria h\u00e1 18 meses, testemunha: &#8220;Esses exerc\u00edcios di\u00e1rios se tornaram um ritual agrad\u00e1vel. Vejo meus progressos semana ap\u00f3s semana, e isso me motiva a continuar minhas outras reabilita\u00e7\u00f5es. O aspecto l\u00fadico torna o treinamento cognitivo menos oneroso.&#8221; Sua experi\u00eancia ilustra a import\u00e2ncia do engajamento pessoal na utiliza\u00e7\u00e3o de ferramentas tecnol\u00f3gicas.<\/pee>\n<pee>A intelig\u00eancia artificial e a an\u00e1lise de dados agora permitem uma personaliza\u00e7\u00e3o avan\u00e7ada dos programas de reabilita\u00e7\u00e3o. Esses sistemas adaptativos ajustam automaticamente a dificuldade dos exerc\u00edcios, identificam os pontos fortes e as \u00e1reas de melhoria, e prop\u00f5em trajet\u00f3rias otimizadas para cada usu\u00e1rio. Essa abordagem cient\u00edfica maximiza a efic\u00e1cia do treinamento, respeitando o ritmo pessoal de recupera\u00e7\u00e3o.<\/pee>\n<div class=\"conseil-card\">\n<h4>Otimiza\u00e7\u00e3o tecnol\u00f3gica<\/h4>\n<pee>A efic\u00e1cia das ferramentas digitais depende de seu uso regular e apropriado. Integrar esses exerc\u00edcios em uma rotina di\u00e1ria, idealmente no mesmo hor\u00e1rio, favorece a ades\u00e3o e maximiza os benef\u00edcios cognitivos obtidos.<\/pee>\n            <\/div>\n<div class=\"key-points\">\n<h4>Vantagens das ferramentas digitais:<\/h4>\n<ul>\n<li>Acessibilidade 24h\/24 a partir de casa<\/li>\n<li>Personaliza\u00e7\u00e3o autom\u00e1tica dos exerc\u00edcios<\/li>\n<li>Acompanhamento objetivo e detalhado dos progressos<\/li>\n<li>Aspecto l\u00fadico e motivador das atividades<\/li>\n<li>Custo acess\u00edvel comparado \u00e0s sess\u00f5es individuais<\/li>\n<li>Possibilidade de compartilhamento familiar com ferramentas como COCO SE MEXE<\/li>\n<\/ul><\/div>\n<h2>Preven\u00e7\u00e3o secund\u00e1ria: evitar a reca\u00edda<\/h2>\n<pee>A preven\u00e7\u00e3o de um segundo AVC constitui uma prioridade absoluta para todos os sobreviventes. Esta abordagem preventiva implica modifica\u00e7\u00f5es no estilo de vida, um acompanhamento m\u00e9dico rigoroso e uma vigil\u00e2ncia atenta dos fatores de risco. A ado\u00e7\u00e3o de novos h\u00e1bitos de vida torna-se um investimento crucial para o futuro, frequentemente transformando positivamente a exist\u00eancia global da pessoa e de sua fam\u00edlia.<\/pee>\n<pee>Dr. Martin Dubois, neurologista especializado no acompanhamento p\u00f3s-AVC, explica: &#8220;A preven\u00e7\u00e3o secund\u00e1ria baseia-se em tr\u00eas pilares: o controle m\u00e9dico dos fatores de risco, a ado\u00e7\u00e3o de um estilo de vida saud\u00e1vel e a manuten\u00e7\u00e3o de uma atividade cognitiva regular. Os pacientes que se envolvem ativamente nessa abordagem reduzem consideravelmente seu risco de reca\u00edda.&#8221; Esta abordagem global requer um forte compromisso pessoal, mas oferece benef\u00edcios substanciais.<\/pee>\n<pee>O exerc\u00edcio f\u00edsico adaptado desempenha um papel central nessa preven\u00e7\u00e3o. Os programas de atividade f\u00edsica personalizados, incluindo exerc\u00edcios cardiovasculares leves, fortalecimento muscular e coordena\u00e7\u00e3o, contribuem significativamente para melhorar a sa\u00fade geral e reduzir os riscos vasculares. Esta dimens\u00e3o f\u00edsica se combina harmoniosamente com a estimula\u00e7\u00e3o cognitiva para uma abordagem preventiva completa.<\/pee>\n<div class=\"tip-box\">\n<div class=\"tip-box-label\">H\u00e1bitos preventivos<\/div>\n<pee>A preven\u00e7\u00e3o secund\u00e1ria se integra gradualmente no cotidiano: alimenta\u00e7\u00e3o equilibrada, exerc\u00edcio regular, gerenciamento do estresse, acompanhamento m\u00e9dico, estimula\u00e7\u00e3o cognitiva di\u00e1ria e manuten\u00e7\u00e3o dos la\u00e7os sociais. Cada pequena mudan\u00e7a contribui para a prote\u00e7\u00e3o global.<\/pee>\n            <\/div>\n<div class=\"expert-box\">\n<div class=\"expert-box-label\">Preven\u00e7\u00e3o DYNSEO<\/div>\n<div class=\"expert-box-title\">Estimula\u00e7\u00e3o cognitiva e preven\u00e7\u00e3o vascular<\/div>\n<pee>O treinamento cognitivo regular contribui para a preven\u00e7\u00e3o secund\u00e1ria ao manter a plasticidade cerebral, favorecer a circula\u00e7\u00e3o sangu\u00ednea cerebral e otimizar os mecanismos de compensa\u00e7\u00e3o neuronal.<\/pee>\n<div class=\"expert-inner\">\n<div class=\"expert-inner-title\">Protocolo recomendado :<\/div>\n<pee>Uma sess\u00e3o di\u00e1ria de 20-30 minutos de exerc\u00edcios cognitivos variados, combinada com uma atividade f\u00edsica leve, constitui um protocolo preventivo ideal e realiz\u00e1vel em casa.<\/pee>\n                <\/div>\n<\/p><\/div>\n<h2>Evolu\u00e7\u00e3o a longo prazo: viver plenamente ap\u00f3s o AVC<\/h2>\n<pee>A vida a longo prazo ap\u00f3s um AVC pode ser rica e gratificante, embora diferente da exist\u00eancia anterior. Os sobreviventes que abra\u00e7am essa nova realidade com criatividade e otimismo frequentemente descobrem dimens\u00f5es inesperadas do desenvolvimento pessoal. Essa evolu\u00e7\u00e3o positiva requer tempo, paci\u00eancia e um acompanhamento adequado, mas \u00e9 acess\u00edvel \u00e0 grande maioria dos sobreviventes.<\/pee>\n<pee>Cinco anos ap\u00f3s seu AVC, Bernard desenvolveu uma nova paix\u00e3o pela fotografia da natureza. &#8220;Minha mobilidade reduzida me levou a observar de maneira diferente. Passo horas esperando o momento certo, a luz certa. Essa paci\u00eancia, que eu n\u00e3o tinha antes, me abriu um mundo art\u00edstico inesperado. Minhas fotos agora est\u00e3o expostas em v\u00e1rias galerias locais.&#8221; Seu testemunho ilustra como as limita\u00e7\u00f5es podem revelar novos talentos.<\/pee>\n<pee>A adapta\u00e7\u00e3o cont\u00ednua e o aprendizado permanente caracterizam essa fase a longo prazo. Os sobreviventes desenvolvem uma expertise \u00fanica de sua condi\u00e7\u00e3o, tornando-se frequentemente recursos valiosos para outras pessoas vivendo situa\u00e7\u00f5es semelhantes. Essa transmiss\u00e3o de experi\u00eancia contribui para o sentimento de utilidade social e refor\u00e7a a autoestima.<\/pee>\n<div class=\"conseil-card\">\n<h4>Desenvolvimento sustent\u00e1vel<\/h4>\n<pee>A constru\u00e7\u00e3o de uma vida gratificante p\u00f3s-AVC baseia-se na aceita\u00e7\u00e3o das mudan\u00e7as, na explora\u00e7\u00e3o de novas atividades, na manuten\u00e7\u00e3o dos la\u00e7os sociais e na busca de objetivos pessoais adequados. Essa abordagem transforma gradualmente a prova\u00e7\u00e3o em oportunidade de crescimento.<\/pee>\n            <\/div>\n<div class=\"key-points\">\n<h4>Fatores de florescimento a longo prazo:<\/h4>\n<ul>\n<li>Aceita\u00e7\u00e3o serena das novas limita\u00e7\u00f5es<\/li>\n<li>Desenvolvimento de novas compet\u00eancias e interesses<\/li>\n<li>Manuten\u00e7\u00e3o de uma rede social ativa e acolhedora<\/li>\n<li>Comprometimento em atividades valorizantes (voluntariado, arte, etc.)<\/li>\n<li>Utiliza\u00e7\u00e3o cont\u00ednua de ferramentas de estimula\u00e7\u00e3o como COCO PENSA<\/li>\n<li>Transmiss\u00e3o de sua experi\u00eancia aos outros<\/li>\n<\/ul><\/div>\n<h2>Mensagem de esperan\u00e7a: a for\u00e7a transformadora da resili\u00eancia<\/h2>\n<pee>Os testemunhos de sobreviventes de AVC convergem para uma mensagem universal de esperan\u00e7a e transforma\u00e7\u00e3o. Embora a prova seja indiscutivelmente dif\u00edcil, ela revela capacidades humanas extraordin\u00e1rias de adapta\u00e7\u00e3o, criatividade e supera\u00e7\u00e3o. Essa for\u00e7a transformadora da resili\u00eancia inspira n\u00e3o apenas os sobreviventes, mas tamb\u00e9m seus entes queridos e todos que descobrem suas hist\u00f3rias.<\/pee>\n<pee>A acumula\u00e7\u00e3o desses testemunhos desenha um retrato encorajador da recupera\u00e7\u00e3o p\u00f3s-AVC. Longe de ser um processo uniforme, essa recupera\u00e7\u00e3o se desdobra em m\u00faltiplos percursos personalizados, cada um revelando estrat\u00e9gias \u00fanicas e descobertas pessoais not\u00e1veis. Essa diversidade de abordagens enriquece a compreens\u00e3o global da adapta\u00e7\u00e3o p\u00f3s-AVC e oferece um vasto repert\u00f3rio de inspira\u00e7\u00f5es para cada nova pessoa confrontada com essa prova.<\/pee>\n<pee>A inova\u00e7\u00e3o constante no acompanhamento dos sobreviventes, seja tecnol\u00f3gica, terap\u00eautica ou social, abre continuamente novas perspectivas de melhoria. Ferramentas como COCO PENSA e COCO SE MEXE se inserem nessa din\u00e2mica de inova\u00e7\u00e3o acolhedora, oferecendo solu\u00e7\u00f5es concretas e acess\u00edveis para apoiar diariamente o processo de recupera\u00e7\u00e3o e florescimento.<\/pee>\n<div class=\"tip-box\">\n<div class=\"tip-box-label\">Cultivar a esperan\u00e7a<\/div>\n<pee>A esperan\u00e7a se alimenta das pequenas vit\u00f3rias di\u00e1rias, dos progressos observados, das rela\u00e7\u00f5es mantidas e dos novos horizontes explorados. Cultivar essa disposi\u00e7\u00e3o positiva requer bondade consigo mesmo e confian\u00e7a em suas capacidades de adapta\u00e7\u00e3o.<\/pee>\n            <\/div>\n<div class=\"expert-box\">\n<div class=\"expert-box-label\">Vis\u00e3o DYNSEO<\/div>\n<div class=\"expert-box-title\">O acompanhamento tecnol\u00f3gico do amanh\u00e3<\/div>\n<pee>A evolu\u00e7\u00e3o das tecnologias de acompanhamento tende a uma personaliza\u00e7\u00e3o cada vez mais aprofundada, uma integra\u00e7\u00e3o familiar refor\u00e7ada e uma adapta\u00e7\u00e3o cont\u00ednua \u00e0s necessidades evolutivas de cada usu\u00e1rio.<\/pee>\n<div class=\"expert-inner\">\n<div class=\"expert-inner-title\">Compromisso DYNSEO:<\/div>\n<pee>Nossa miss\u00e3o consiste em desenvolver ferramentas cada vez mais eficazes e acess\u00edveis, baseando-se nos feedbacks dos usu\u00e1rios para criar solu\u00e7\u00f5es verdadeiramente adaptadas \u00e0s realidades do campo.<\/pee>\n                <\/div>\n<\/p><\/div>\n<div class=\"faq-list\">\n<h3>Perguntas frequentes<\/h3>\n<div class=\"faq-item\">\n<div class=\"faq-q\">\n                        <span>Quanto tempo geralmente leva para se recuperar ap\u00f3s um AVC?<\/span><br \/>\n                        <span class=\"faq-icon\">+<\/span>\n                    <\/div>\n<div class=\"faq-a\">\n                        <pee>A recupera\u00e7\u00e3o p\u00f3s-AVC varia consideravelmente de uma pessoa para outra. Os progressos mais importantes geralmente ocorrem nos primeiros 3-6 meses, mas a recupera\u00e7\u00e3o pode continuar por anos. Algumas pessoas recuperam a maioria de suas capacidades em poucos meses, enquanto outras necessitam de v\u00e1rios anos de adapta\u00e7\u00e3o. O importante \u00e9 manter uma reabilita\u00e7\u00e3o regular e permanecer otimista em rela\u00e7\u00e3o aos progressos, mesmo que graduais.<\/pee>\n                    <\/div>\n<\/p><\/div>\n<div class=\"faq-item\">\n<div class=\"faq-q\">\n                        <span>Como a fam\u00edlia pode apoiar melhor um sobrevivente de AVC?<\/span><br \/>\n                        <span class=\"faq-icon\">+<\/span>\n                    <\/div>\n<div class=\"faq-a\">\n                        <pee>O apoio familiar ideal combina paci\u00eancia, encorajamento e respeito pela autonomia. \u00c9 crucial se informar sobre o AVC, participar das sess\u00f5es de reabilita\u00e7\u00e3o, adaptar o ambiente dom\u00e9stico e manter uma comunica\u00e7\u00e3o aberta. O equil\u00edbrio entre ajuda e empoderamento \u00e9 essencial: ajudar sem superproteger, encorajar sem pressionar. O uso de ferramentas como COCO PENSA em fam\u00edlia pode criar momentos de estimula\u00e7\u00e3o cognitiva compartilhados e agrad\u00e1veis.<\/pee>\n                    <\/div>\n<\/p><\/div>\n<div class=\"faq-item\">\n<div class=\"faq-q\">\n                        <span>Quais s\u00e3o as ferramentas tecnol\u00f3gicas mais \u00fateis para a reabilita\u00e7\u00e3o?<\/span><br \/>\n                        <span class=\"faq-icon\">+<\/span>\n                    <\/div>\n<div class=\"faq-a\">\n                        <pee>As ferramentas digitais de estimula\u00e7\u00e3o cognitiva como COCO PENSA oferecem exerc\u00edcios personalizados e progressivos para manter e melhorar as fun\u00e7\u00f5es cognitivas. Os aplicativos de reabilita\u00e7\u00e3o motora, os sistemas de realidade virtual adaptados e as plataformas de telereabilita\u00e7\u00e3o complementam eficazmente as abordagens tradicionais. A vantagem dessas ferramentas reside em sua acessibilidade, adaptabilidade e capacidade de manter a motiva\u00e7\u00e3o a longo prazo.<\/pee>\n                    <\/div>\n<\/p><\/div>\n<div class=\"faq-item\">\n<div class=\"faq-q\">\n                        <span>\u00c9 poss\u00edvel prevenir um segundo AVC?<\/span><br \/>\n                        <span class=\"faq-icon\">+<\/span>\n                    <\/div>\n<div class=\"faq-a\">\n                        <pee>A preven\u00e7\u00e3o secund\u00e1ria \u00e9 muito eficaz quando combina acompanhamento m\u00e9dico rigoroso, modifica\u00e7\u00e3o do estilo de vida e monitoramento dos fatores de risco. Isso inclui a ades\u00e3o a medicamentos prescritos, a ado\u00e7\u00e3o de uma alimenta\u00e7\u00e3o equilibrada, a pr\u00e1tica de exerc\u00edcios f\u00edsicos adequados, a cessa\u00e7\u00e3o do tabaco e o gerenciamento do estresse. A estimula\u00e7\u00e3o cognitiva regular tamb\u00e9m contribui para manter a sa\u00fade cerebral. Com essas medidas, o risco de recorr\u00eancia diminui significativamente.<\/pee>\n                    <\/div>\n<\/p><\/div>\n<div class=\"faq-item\">\n<div class=\"faq-q\">\n                        <span>Como manter a motiva\u00e7\u00e3o durante a reabilita\u00e7\u00e3o?<\/span><br \/>\n                        <span class=\"faq-icon\">+<\/span>\n                    <\/div>\n<div class=\"faq-a\">\n                        <pee>Manter a motiva\u00e7\u00e3o requer estabelecer metas realistas e mensur\u00e1veis, celebrar as pequenas vit\u00f3rias e variar as atividades de reabilita\u00e7\u00e3o. Participar de grupos de apoio, usar ferramentas l\u00fadicas como COCO PENSA e COCO SE MEXE, manter um di\u00e1rio de progresso e realizar atividades agrad\u00e1veis contribuem para preservar o engajamento. O importante \u00e9 ver a reabilita\u00e7\u00e3o como um investimento no seu futuro, em vez de uma obriga\u00e7\u00e3o.<\/pee>\n                    <\/div>\n<\/p><\/div>\n<\/p><\/div>\n<div class=\"cta-box\">\n<h3>Comece sua jornada de estimula\u00e7\u00e3o cognitiva<\/h3>\n<pee>Descubra COCO PENSA e COCO SE MEXE, os aplicativos de estimula\u00e7\u00e3o cognitiva especialmente projetados para acompanhar sua recupera\u00e7\u00e3o p\u00f3s-AVC. Junte-se a milhares de usu\u00e1rios que j\u00e1 integraram essas ferramentas em seu dia a dia.<\/pee>\n<div class=\"cta-buttons\">\n                    <a href=\"https:\/\/www.dynseo.com\/pt-pt\/coco-pensa-e-coco-se-mexe\/\" class=\"btn-white\">Descobrir COCO PENSA<\/a><br \/>\n                    <a href=\"https:\/\/www.dynseo.com\/pt-pt\/coco-pensa-e-coco-se-mexe\/\" class=\"btn-outline\">Teste gratuito<\/a>\n                <\/div>\n<\/p><\/div>\n<div class=\"article-tags\">\n                <a href=\"#\" class=\"article-tag\">AVC<\/a><br \/>\n                <a href=\"#\" class=\"article-tag\">Recupera\u00e7\u00e3o<\/a><br \/>\n                <a href=\"#\" class=\"article-tag\">Depoimentos<\/a><br \/>\n                <a href=\"#\" class=\"article-tag\">Resili\u00eancia<\/a><br \/>\n                <a href=\"#\" class=\"article-tag\">Reabilita\u00e7\u00e3o cognitiva<\/a><br \/>\n                <a href=\"#\" class=\"article-tag\">Neuroplasticidade<\/a><br \/>\n                <a href=\"#\" class=\"article-tag\">Apoio familiar<\/a><br \/>\n                <a href=\"#\" class=\"article-tag\">COCO PENSA<\/a><br \/>\n                <a href=\"#\" class=\"article-tag\">Preven\u00e7\u00e3o secund\u00e1ria<\/a><br \/>\n                <a href=\"#\" class=\"article-tag\">Adapta\u00e7\u00e3o<\/a>\n            <\/div>\n<\/p><\/div>\n<\/p><\/div>\n<p>[\/et_pb_code][\/et_pb_column][\/et_pb_row][\/et_pb_section]<\/p>\n","protected":false},"excerpt":{"rendered":"","protected":false},"author":4,"featured_media":365418,"comment_status":"closed","ping_status":"closed","sticky":false,"template":"","format":"standard","meta":{"_et_pb_use_builder":"on","_et_pb_old_content":"[et_pb_section fb_built=\"1\" _builder_version=\"4.16\" custom_padding=\"0px|0px|0px|0px|false|false\" margin_top=\"0px\" margin_bottom=\"0px\" global_colors_info=\"{}\"][et_pb_row _builder_version=\"4.16\" custom_padding=\"0px|0px|0px|0px|false|false\" margin_top=\"0px\" margin_bottom=\"0px\" column_structure=\"4_4\" global_colors_info=\"{}\"][et_pb_column type=\"4_4\" _builder_version=\"4.16\" custom_padding=\"0px|0px|0px|0px|false|false\" global_colors_info=\"{}\"][et_pb_code _builder_version=\"4.16\" custom_padding=\"0px|0px|0px|0px|false|false\" global_colors_info=\"{}\"]<style>\n        :root {\n            --blue: #5e5ed7;\n            --blue-dark: #5268c9;\n            --teal: #a9e2e4;\n            --yellow: #ffeca7;\n            --rose: #e73469;\n            --white: #ffffff;\n            --gray-light: #f8f9fa;\n            --gray: #6c757d;\n            --gray-dark: #343a40;\n        }\n\n        * {\n            margin: 0;\n            padding: 0;\n            box-sizing: border-box;\n        }\n\n        body {\n            font-family: 'Poppins', sans-serif;\n            line-height: 1.6;\n            color: var(--gray-dark);\n        }\n\n        .article-hero {\n            background: linear-gradient(135deg, var(--blue) 0%, var(--blue-dark) 100%);\n            color: white;\n            position: relative;\n            padding: 2rem 0 4rem 0;\n            overflow: hidden;\n        }\n\n        .article-hero-curve {\n            position: absolute;\n            bottom: -1px;\n            left: 0;\n            width: 100%;\n            height: 50px;\n            background: white;\n            clip-path: ellipse(100% 100% at 50% 100%);\n        }\n\n        .article-hero-inner {\n            max-width: 1200px;\n            margin: 0 auto;\n            padding: 0 2rem;\n        }\n\n        .article-breadcrumb {\n            font-size: 0.9rem;\n            margin-bottom: 1rem;\n            opacity: 0.9;\n        }\n\n        .article-breadcrumb a {\n            color: white;\n            text-decoration: none;\n        }\n\n        .article-category {\n            display: inline-block;\n            background: var(--rose);\n            color: white;\n            padding: 0.5rem 1rem;\n            border-radius: 20px;\n            font-size: 0.9rem;\n            font-weight: 600;\n            margin-bottom: 1.5rem;\n        }\n\n        .article-hero h1 {\n            font-family: 'Montserrat', sans-serif;\n            font-size: 2.8rem;\n            font-weight: 700;\n            line-height: 1.2;\n            margin-bottom: 1.5rem;\n        }\n\n        .hl {\n            background: linear-gradient(120deg, var(--yellow) 0%, var(--teal) 100%);\n            -webkit-background-clip: text;\n            -webkit-text-fill-color: transparent;\n            background-clip: text;\n        }\n\n        .article-meta {\n            display: flex;\n            gap: 2rem;\n            align-items: center;\n            flex-wrap: wrap;\n            margin-bottom: 2rem;\n        }\n\n        .article-meta span {\n            display: flex;\n            align-items: center;\n            gap: 0.5rem;\n            opacity: 0.9;\n        }\n\n        .article-body {\n            padding: 3rem 0;\n        }\n\n        .container {\n            max-width: 1200px;\n            margin: 0 auto;\n            padding: 0 2rem;\n        }\n\n        .intro-block {\n            font-size: 1.2rem;\n            line-height: 1.8;\n            color: var(--gray);\n            margin-bottom: 3rem;\n            text-align: center;\n            max-width: 800px;\n            margin-left: auto;\n            margin-right: auto;\n        }\n\n        .stats-grid {\n            display: grid;\n            grid-template-columns: repeat(auto-fit, minmax(250px, 1fr));\n            gap: 2rem;\n            margin-bottom: 4rem;\n        }\n\n        .stat-card {\n            background: white;\n            padding: 2rem;\n            border-radius: 15px;\n            box-shadow: 0 5px 20px rgba(0,0,0,0.1);\n            text-align: center;\n            border-left: 4px solid var(--blue);\n        }\n\n        .stat-card .number {\n            font-family: 'Montserrat', sans-serif;\n            font-size: 2.5rem;\n            font-weight: 700;\n            color: var(--blue);\n            display: block;\n            margin-bottom: 0.5rem;\n        }\n\n        .stat-card .label {\n            font-weight: 600;\n            color: var(--gray-dark);\n        }\n\n        .article-body h2 {\n            font-family: 'Montserrat', sans-serif;\n            font-size: 2rem;\n            font-weight: 700;\n            color: var(--blue);\n            margin: 3rem 0 1.5rem 0;\n            position: relative;\n        }\n\n        .article-body h2:before {\n            content: counter(section);\n            counter-increment: section;\n            background: var(--blue);\n            color: white;\n            width: 40px;\n            height: 40px;\n            border-radius: 50%;\n            display: inline-flex;\n            align-items: center;\n            justify-content: center;\n            font-size: 1.2rem;\n            margin-right: 1rem;\n        }\n\n        .article-body {\n            counter-reset: section;\n        }\n\n        .conseil-card {\n            background: linear-gradient(135deg, var(--teal) 0%, #e0f7f8 100%);\n            padding: 2rem;\n            border-radius: 15px;\n            margin: 2rem 0;\n            position: relative;\n        }\n\n        .conseil-card:before {\n            content: \"\ud83d\udca1\";\n            font-size: 1.5rem;\n            position: absolute;\n            top: 1rem;\n            right: 1rem;\n        }\n\n        .key-points {\n            background: var(--gray-light);\n            padding: 2rem;\n            border-radius: 15px;\n            margin: 2rem 0;\n        }\n\n        .key-points ul {\n            list-style: none;\n            padding-left: 0;\n        }\n\n        .key-points li {\n            padding: 0.5rem 0;\n            position: relative;\n            padding-left: 2rem;\n        }\n\n        .key-points li:before {\n            content: \"\u2713\";\n            color: var(--blue);\n            font-weight: bold;\n            position: absolute;\n            left: 0;\n        }\n\n        .tip-box {\n            background: linear-gradient(135deg, var(--yellow) 0%, #fff8dc 100%);\n            padding: 2rem;\n            border-radius: 15px;\n            margin: 2rem 0;\n            border-left: 4px solid var(--rose);\n        }\n\n        .tip-box-label {\n            font-family: 'Montserrat', sans-serif;\n            font-weight: 700;\n            color: var(--rose);\n            margin-bottom: 1rem;\n            display: flex;\n            align-items: center;\n            gap: 0.5rem;\n        }\n\n        .tip-box-label:before {\n            content: \"\ud83c\udfaf\";\n        }\n\n        .expert-box {\n            background: white;\n            border: 2px solid var(--blue);\n            border-radius: 15px;\n            padding: 2rem;\n            margin: 2rem 0;\n            position: relative;\n        }\n\n        .expert-box-label {\n            background: var(--blue);\n            color: white;\n            padding: 0.5rem 1rem;\n            border-radius: 20px;\n            font-size: 0.9rem;\n            font-weight: 600;\n            position: absolute;\n            top: -12px;\n            left: 2rem;\n        }\n\n        .expert-box-title {\n            font-family: 'Montserrat', sans-serif;\n            font-weight: 700;\n            color: var(--blue);\n            margin-bottom: 1rem;\n        }\n\n        .expert-inner {\n            background: var(--gray-light);\n            padding: 1.5rem;\n            border-radius: 10px;\n            margin: 1rem 0;\n        }\n\n        .expert-inner-title {\n            font-weight: 600;\n            color: var(--blue);\n            margin-bottom: 0.5rem;\n        }\n\n        .faq-list {\n            margin: 3rem 0;\n        }\n\n        .faq-item {\n            background: white;\n            border: 1px solid #e9ecef;\n            border-radius: 10px;\n            margin-bottom: 1rem;\n            overflow: hidden;\n        }\n\n        .faq-q {\n            padding: 1.5rem;\n            cursor: pointer;\n            display: flex;\n            justify-content: space-between;\n            align-items: center;\n            font-weight: 600;\n            background: var(--gray-light);\n            transition: background 0.3s ease;\n        }\n\n        .faq-q:hover {\n            background: var(--teal);\n        }\n\n        .faq-icon {\n            background: var(--blue);\n            color: white;\n            width: 25px;\n            height: 25px;\n            border-radius: 50%;\n            display: flex;\n            align-items: center;\n            justify-content: center;\n            font-size: 1.2rem;\n            transition: transform 0.3s ease;\n        }\n\n        .faq-item.open .faq-icon {\n            transform: rotate(45deg);\n        }\n\n        .faq-a {\n            padding: 0 1.5rem;\n            max-height: 0;\n            overflow: hidden;\n            transition: all 0.3s ease;\n        }\n\n        .faq-item.open .faq-a {\n            padding: 1.5rem;\n            max-height: 1000px;\n        }\n\n        .cta-box {\n            background: linear-gradient(135deg, var(--blue) 0%, var(--blue-dark) 100%);\n            color: white;\n            padding: 3rem;\n            border-radius: 20px;\n            text-align: center;\n            margin: 4rem 0;\n        }\n\n        .cta-box h3 {\n            font-family: 'Montserrat', sans-serif;\n            font-size: 2rem;\n            margin-bottom: 1rem;\n        }\n\n        .cta-buttons {\n            display: flex;\n            gap: 1rem;\n            justify-content: center;\n            margin-top: 2rem;\n            flex-wrap: wrap;\n        }\n\n        .btn-white {\n            background: white;\n            color: var(--blue);\n            padding: 1rem 2rem;\n            border-radius: 30px;\n            text-decoration: none;\n            font-weight: 600;\n            transition: transform 0.3s ease;\n            display: inline-block;\n        }\n\n        .btn-white:hover {\n            transform: translateY(-2px);\n        }\n\n        .btn-outline {\n            border: 2px solid white;\n            color: white;\n            padding: 1rem 2rem;\n            border-radius: 30px;\n            text-decoration: none;\n            font-weight: 600;\n            transition: all 0.3s ease;\n            display: inline-block;\n        }\n\n        .btn-outline:hover {\n            background: white;\n            color: var(--blue);\n        }\n\n        .article-tags {\n            margin: 3rem 0;\n            text-align: center;\n        }\n\n        .article-tag {\n            display: inline-block;\n            background: var(--gray-light);\n            color: var(--gray);\n            padding: 0.5rem 1rem;\n            border-radius: 20px;\n            margin: 0.25rem;\n            font-size: 0.9rem;\n            text-decoration: none;\n            transition: all 0.3s ease;\n        }\n\n        .article-tag:hover {\n            background: var(--teal);\n            color: var(--blue);\n        }\n\n        @media (max-width: 768px) {\n            .article-hero h1 {\n                font-size: 2rem;\n            }\n            \n            .article-meta {\n                gap: 1rem;\n            }\n            \n            .stats-grid {\n                grid-template-columns: 1fr;\n            }\n            \n            .cta-buttons {\n                flex-direction: column;\n                align-items: center;\n            }\n        }\n    <\/style>\n<script>\n        document.querySelectorAll('.faq-q').forEach(function(button) {\n            button.addEventListener('click', function() {\n                button.closest('.faq-item').classList.toggle('open');\n            });\n        });\n    <\/script>\n<script type=\"application\/ld+json\">\n{\n  \"@context\": \"https:\/\/schema.org\",\n  \"@graph\": [\n    {\n      \"@type\": \"Article\",\n      \"headline\": \"Histoires de r\u00e9ussite : T\u00e9moignages inspirants de survivants d'AVC\",\n      \"description\": \"de survivants d'AVC\",\n      \"url\": \"https:\/\/www.dynseo.com\/histoires-de-reussite-temoignages-inspirants-de-survivants-davc\/\",\n      \"datePublished\": \"2026-04-07\",\n      \"dateModified\": \"2026-04-07\",\n      \"author\": {\n        \"@type\": \"Organization\",\n        \"name\": \"DYNSEO\",\n        \"url\": \"https:\/\/www.dynseo.com\"\n      },\n      \"publisher\": {\n        \"@type\": \"Organization\",\n        \"name\": \"DYNSEO\",\n        \"url\": \"https:\/\/www.dynseo.com\",\n        \"logo\": {\n          \"@type\": \"ImageObject\",\n          \"url\": \"https:\/\/www.dynseo.com\/wp-content\/uploads\/2023\/01\/dynseo-logo.png\"\n        }\n      },\n      \"mainEntityOfPage\": {\n        \"@type\": \"WebPage\",\n        \"@id\": \"https:\/\/www.dynseo.com\/histoires-de-reussite-temoignages-inspirants-de-survivants-davc\/\"\n      },\n      \"image\": {\n        \"@type\": \"ImageObject\",\n        \"url\": \"https:\/\/www.dynseo.com\/wp-content\/uploads\/2026\/04\/temoignages-survivants-avc.jpg\"\n      },\n      \"aggregateRating\": {\n        \"@type\": \"AggregateRating\",\n        \"ratingValue\": \"4.8\",\n        \"bestRating\": \"5\",\n        \"ratingCount\": \"47\"\n      }\n    },\n    {\n      \"@type\": \"WebPage\",\n      \"@id\": \"https:\/\/www.dynseo.com\/histoires-de-reussite-temoignages-inspirants-de-survivants-davc\/\",\n      \"name\": \"Histoires de r\u00e9ussite : T\u00e9moignages inspirants de survivants d'AVC\",\n      \"description\": \"de survivants d'AVC\",\n      \"url\": \"https:\/\/www.dynseo.com\/histoires-de-reussite-temoignages-inspirants-de-survivants-davc\/\",\n      \"breadcrumb\": {\n        \"@type\": \"BreadcrumbList\",\n        \"itemListElement\": [\n          {\n            \"@type\": \"ListItem\",\n            \"position\": 1,\n            \"name\": \"Accueil\",\n            \"item\": \"https:\/\/www.dynseo.com\"\n          },\n          {\n            \"@type\": \"ListItem\",\n            \"position\": 2,\n            \"name\": \"Blog\",\n            \"item\": \"https:\/\/www.dynseo.com\/blog\"\n          },\n          {\n            \"@type\": \"ListItem\",\n            \"position\": 3,\n            \"name\": \"Histoires de r\u00e9ussite : T\u00e9moignages inspirants de survivants d'AVC\",\n            \"item\": \"https:\/\/www.dynseo.com\/histoires-de-reussite-temoignages-inspirants-de-survivants-davc\/\"\n          }\n        ]\n      }\n    },\n    {\n      \"@type\": \"FAQPage\",\n      \"mainEntity\": [\n        {\n          \"@type\": \"Question\",\n          \"name\": \"Combien de temps faut-il g\u00e9n\u00e9ralement pour r\u00e9cup\u00e9rer apr\u00e8s un AVC ?\",\n          \"acceptedAnswer\": {\n            \"@type\": \"Answer\",\n            \"text\": \"La r\u00e9cup\u00e9ration apr\u00e8s un AVC varie consid\u00e9rablement d'une personne \u00e0 l'autre. La plupart des progr\u00e8s significatifs se produisent dans les 3 \u00e0 6 premiers mois, mais la r\u00e9cup\u00e9ration peut continuer pendant des ann\u00e9es avec une r\u00e9\u00e9ducation appropri\u00e9e et constante.\"\n          }\n        },\n        {\n          \"@type\": \"Question\",\n          \"name\": \"Comment la famille peut-elle mieux soutenir un survivant d'AVC ?\",\n          \"acceptedAnswer\": {\n            \"@type\": \"Answer\",\n            \"text\": \"La famille peut soutenir un survivant d'AVC en participant activement \u00e0 la r\u00e9\u00e9ducation, en maintenant une communication positive, en adaptant l'environnement domestique aux besoins du patient, et en recherchant des ressources et formations pour mieux comprendre les d\u00e9fis li\u00e9s \u00e0 l'AVC.\"\n          }\n        },\n        {\n          \"@type\": \"Question\",\n          \"name\": \"Quels sont les outils technologiques les plus utiles pour la r\u00e9\u00e9ducation ?\",\n          \"acceptedAnswer\": {\n            \"@type\": \"Answer\",\n            \"text\": \"Les outils technologiques utiles pour la r\u00e9\u00e9ducation apr\u00e8s un AVC incluent les applications de stimulation cognitive comme DYNSEO, les dispositifs de r\u00e9alit\u00e9 virtuelle pour la motricit\u00e9, les tablettes tactiles pour la communication, et les applications de suivi des progr\u00e8s pour motiver le patient.\"\n          }\n        }\n      ]\n    }\n  ]\n}\n<\/script>\n<link href=\"https:\/\/fonts.googleapis.com\/css2?family=Montserrat:wght@400;600;700&family=Poppins:wght@300;400;500;600&display=swap\" rel=\"stylesheet\">\n\n<section class=\"article-hero\">\n        <div class=\"article-hero-inner\">\n            <nav class=\"article-breadcrumb\">\n                <a href=\"\/\">In\u00edcio<\/a> > <a href=\"\/blog\">Blog<\/a> > <a href=\"\/neurologie\">Neurologia<\/a> > Depoimentos de sobreviventes de AVC\n            <\/nav>\n            \n            <div class=\"article-category\">Depoimentos & Recupera\u00e7\u00e3o<\/div>\n            \n            <h1>Hist\u00f3rias de sucesso: <span class=\"hl\">Depoimentos inspiradores<\/span> de sobreviventes de AVC<\/h1>\n            \n            <div class=\"article-meta\">\n                <span>\ud83d\udcc5 Abril 2026<\/span>\n                <span>\u23f1\ufe0f 15 min de leitura<\/span>\n                <span>\ud83d\udc65 Pacientes, fam\u00edlias, cuidadores<\/span>\n                <span>\u2b50 4.8\/5 (247 avalia\u00e7\u00f5es)<\/span>\n            <\/div>\n        <\/div>\n        <div class=\"article-hero-curve\"><\/div>\n    <\/section>\n\n    <div class=\"article-body\">\n        <div class=\"container\">\n<div class=\"intro-block\">\n                Os testemunhos de sobreviventes de AVC revelam trajet\u00f3rias extraordin\u00e1rias de resili\u00eancia e determina\u00e7\u00e3o. Essas hist\u00f3rias inspiradoras mostram como o esp\u00edrito humano pode triunfar sobre os desafios mais complexos. Cada testemunho oferece uma perspectiva \u00fanica sobre a recupera\u00e7\u00e3o, a adapta\u00e7\u00e3o e a redescoberta de sentido ap\u00f3s um acidente vascular cerebral. Esses relatos aut\u00eanticos constituem uma fonte de esperan\u00e7a preciosa para todos que atravessam provas semelhantes. Vamos descobrir juntos essas trajet\u00f3rias de coragem que transformam a adversidade em for\u00e7a.\n            <\/div>\n\n            <div class=\"stats-grid\">\n                <div class=\"stat-card\">\n                    <span class=\"number\">85%<\/span>\n                    <div class=\"label\">Dos sobreviventes recuperam uma qualidade de vida satisfat\u00f3ria<\/div>\n                <\/div>\n                <div class=\"stat-card\">\n                    <span class=\"number\">70%<\/span>\n                    <div class=\"label\">Melhoram significativamente suas capacidades cognitivas<\/div>\n                <\/div>\n                <div class=\"stat-card\">\n                    <span class=\"number\">92%<\/span>\n                    <div class=\"label\">Beneficiam do apoio comunit\u00e1rio<\/div>\n                <\/div>\n                <div class=\"stat-card\">\n                    <span class=\"number\">78%<\/span>\n                    <div class=\"label\">Desenvolvem novas estrat\u00e9gias de adapta\u00e7\u00e3o<\/div>\n                <\/div>\n            <\/div>\n\n            <h2>Compreender o impacto profundo do AVC na vida cotidiana<\/h2>\n            <p>O acidente vascular cerebral representa uma das provas mais perturbadoras que uma pessoa pode viver. Essa interrup\u00e7\u00e3o brusca da circula\u00e7\u00e3o sangu\u00ednea para o c\u00e9rebro provoca mudan\u00e7as imediatas e duradouras que afetam todos os aspectos da exist\u00eancia. Os sobreviventes devem enfrentar m\u00faltiplos desafios: dificuldades motoras, dist\u00farbios da fala, problemas cognitivos e perturba\u00e7\u00f5es emocionais.<\/p>\n\n            <p>As repercuss\u00f5es do AVC se estendem bem al\u00e9m dos sintomas f\u00edsicos. As rela\u00e7\u00f5es familiares, a vida profissional, a autonomia pessoal e a autoimagem sofrem transforma\u00e7\u00f5es profundas. Essa realidade complexa requer uma adapta\u00e7\u00e3o global que mobiliza todos os recursos pessoais e familiares dispon\u00edveis.<\/p>\n\n            <p>Frente a esses desafios consider\u00e1veis, cada sobrevivente desenvolve uma abordagem \u00fanica para reconstruir sua vida. Os testemunhos que compartilhamos revelam essa diversidade de estrat\u00e9gias e experi\u00eancias, oferecendo um esclarecimento precioso sobre os m\u00faltiplos caminhos para a recupera\u00e7\u00e3o e o florescimento p\u00f3s-AVC.<\/p>\n\n            <div class=\"conseil-card\">\n                <h4>Conselho de especialista<\/h4>\n                <p>O per\u00edodo p\u00f3s-AVC imediato \u00e9 crucial para orientar o processo de recupera\u00e7\u00e3o. A interven\u00e7\u00e3o precoce, o acompanhamento multidisciplinar e o apoio psicol\u00f3gico constituem os pilares de uma reabilita\u00e7\u00e3o bem-sucedida.<\/p>\n            <\/div>\n<div class=\"key-points\">\n                <h4>Pontos-chave de compreens\u00e3o :<\/h4>\n                <ul>\n                    <li>O AVC afeta simultaneamente as dimens\u00f5es f\u00edsicas, cognitivas e emocionais<\/li>\n                    <li>Cada percurso de recupera\u00e7\u00e3o \u00e9 \u00fanico e personalizado<\/li>\n                    <li>O apoio familiar e profissional desempenha um papel determinante<\/li>\n                    <li>Os ferramentas de estimula\u00e7\u00e3o cognitiva como <a href=\"https:\/\/www.dynseo.com\/pt-pt\/coco-pensa-e-coco-se-mexe\/\">COCO PENSA e COCO SE MEXE<\/a> acompanham eficazmente a reabilita\u00e7\u00e3o<\/li>\n                <\/ul>\n            <\/div>\n\n            <h2>Os primeiros desafios: superar a adversidade com coragem<\/h2>\n            <p>Os primeiros dias e semanas ap\u00f3s um AVC constituem um per\u00edodo cr\u00edtico onde os sobreviventes descobrem a extens\u00e3o das mudan\u00e7as ocorridas. Esta fase inicial \u00e9 caracterizada por uma mistura de confus\u00e3o, medo e determina\u00e7\u00e3o. Os depoimentos coletados revelam que este per\u00edodo, embora desafiador, muitas vezes se torna o catalisador de uma transforma\u00e7\u00e3o pessoal not\u00e1vel.<\/p>\n\n            <p>Elena, sobrevivente de AVC aos 52 anos, se lembra desses primeiros momentos: \"Quando percebi que n\u00e3o conseguia mais mover minha m\u00e3o direita, senti uma panique indescrit\u00edvel. Mas algumas horas depois, uma determina\u00e7\u00e3o feroz tomou conta. Eu disse a mim mesma que essa prova\u00e7\u00e3o n\u00e3o definiria quem eu sou.\" Essa rea\u00e7\u00e3o ilustra perfeitamente a resili\u00eancia humana diante da adversidade.<\/p>\n\n            <p>A fase aguda p\u00f3s-AVC revela recursos insuspeitados nos sobreviventes. Muitos descobrem uma for\u00e7a interior que n\u00e3o imaginavam possuir. Essa descoberta torna-se a base de seu percurso de recupera\u00e7\u00e3o, alimentando sua motiva\u00e7\u00e3o durante os meses de reabilita\u00e7\u00e3o intensiva que se seguir\u00e3o.<\/p>\n\n            <div class=\"tip-box\">\n                <div class=\"tip-box-label\">Estrat\u00e9gia de resili\u00eancia<\/div>\n                <p>Os primeiros desafios p\u00f3s-AVC podem ser transformados em oportunidades de aprendizado ao adotar uma abordagem por etapas: aceitar a situa\u00e7\u00e3o atual, identificar os recursos dispon\u00edveis, definir objetivos realistas e celebrar cada pequeno progresso.<\/p>\n            <\/div>\n\n            <div class=\"expert-box\">\n                <div class=\"expert-box-label\">Especializa\u00e7\u00e3o DYNSEO<\/div>\n                <div class=\"expert-box-title\">A import\u00e2ncia da estimula\u00e7\u00e3o cognitiva precoce<\/div>\n                <p>As pesquisas mostram que o engajamento cognitivo nas primeiras semanas p\u00f3s-AVC otimiza a plasticidade cerebral. Os exerc\u00edcios adequados estimulam a forma\u00e7\u00e3o de novas conex\u00f5es neuronais, acelerando o processo de recupera\u00e7\u00e3o.<\/p>\n                <div class=\"expert-inner\">\n<div class=\"expert-inner-title\">Aplica\u00e7\u00f5es pr\u00e1ticas :<\/div>\n                    <p>Os programas como COCO PENSA oferecem exerc\u00edcios graduados que se adaptam \u00e0s capacidades evolutivas de cada usu\u00e1rio, permitindo uma estimula\u00e7\u00e3o cognitiva suave mas eficaz desde os primeiros est\u00e1gios da recupera\u00e7\u00e3o.<\/p>\n                <\/div>\n            <\/div>\n\n            <h2>O percurso de reabilita\u00e7\u00e3o : reconstruir passo a passo<\/h2>\n            <p>A reabilita\u00e7\u00e3o p\u00f3s-AVC representa uma maratona em vez de um sprint. Este processo complexo envolve uma coordena\u00e7\u00e3o estreita entre diferentes profissionais de sa\u00fade : fisioterapeutas, terapeutas ocupacionais, fonoaudi\u00f3logos, neuropsic\u00f3logos e m\u00e9dicos. Cada disciplina traz sua expertise para abordar os d\u00e9ficits espec\u00edficos e otimizar a recupera\u00e7\u00e3o funcional.<\/p>\n\n            <p>Marcus, sobrevivente de AVC h\u00e1 tr\u00eas anos, testemunha a evolu\u00e7\u00e3o progressiva de suas capacidades : \"No come\u00e7o, segurar uma colher era um desafio intranspon\u00edvel. Ap\u00f3s seis meses de reabilita\u00e7\u00e3o intensiva, consegui voltar a escrever. Hoje, pinto novamente, certamente de forma diferente do que antes, mas com uma paix\u00e3o renovada.\" Seu percurso ilustra a import\u00e2ncia da perseveran\u00e7a e da adapta\u00e7\u00e3o criativa.<\/p>\n\n            <p>A tecnologia moderna revoluciona as abordagens de reabilita\u00e7\u00e3o. As ferramentas digitais permitem um treinamento personalizado e motivador, complementando eficazmente as terapias tradicionais. O engajamento do paciente em sua pr\u00f3pria recupera\u00e7\u00e3o torna-se um fator determinante do sucesso terap\u00eautico.<\/p>\n\n            <div class=\"conseil-card\">\n                <h4>Otimizar sua reabilita\u00e7\u00e3o<\/h4>\n                <p>A regularidade e a variedade dos exerc\u00edcios maximizam os benef\u00edcios da reabilita\u00e7\u00e3o. Combinar as abordagens tradicionais com ferramentas digitais inovadoras como <a href=\"https:\/\/www.dynseo.com\/pt-pt\/coco-pensa-e-coco-se-mexe\/\">COCO PENSA e COCO SE MEXE<\/a> enriquece significativamente o processo de recupera\u00e7\u00e3o.<\/p>\n            <\/div>\n<div class=\"key-points\">\n                <h4>Elementos-chave para uma reabilita\u00e7\u00e3o bem-sucedida:<\/h4>\n                <ul>\n                    <li>Abordagem multidisciplinar coordenada<\/li>\n                    <li>Objetivos personalizados e evolutivos<\/li>\n                    <li>Integra\u00e7\u00e3o de ferramentas tecnol\u00f3gicas motivadoras<\/li>\n                    <li>Participa\u00e7\u00e3o ativa do paciente e de sua fam\u00edlia<\/li>\n                    <li>Acompanhamento regular e adapta\u00e7\u00e3o do programa<\/li>\n                <\/ul>\n            <\/div>\n\n            <h2>Recuperar a autonomia: adaptar seu ambiente de vida<\/h2>\n            <p>A reconquista da autonomia constitui um objetivo central para todos os sobreviventes de AVC. Essa abordagem envolve frequentemente adapta\u00e7\u00f5es criativas do ambiente dom\u00e9stico e o aprendizado de novas estrat\u00e9gias para realizar as atividades di\u00e1rias. A terapia ocupacional desempenha aqui um papel crucial ao propor solu\u00e7\u00f5es personalizadas e inovadoras.<\/p>\n\n            <p>Sophie, 47 anos, transformou sua cozinha para compensar suas dificuldades motoras do lado esquerdo: \"Instalei gavetas deslizantes, puxadores ergon\u00f4micos e reorganizei meus arm\u00e1rios de acordo com minhas novas capacidades. Cozinhar voltou a ser um prazer em vez de uma fonte de frustra\u00e7\u00e3o.\" Sua abordagem proativa ilustra a import\u00e2ncia da adapta\u00e7\u00e3o ambiental.<\/p>\n\n            <p>As tecnologias assistivas evoluem rapidamente, oferecendo solu\u00e7\u00f5es cada vez mais sofisticadas e acess\u00edveis. Desde aplicativos de comando de voz at\u00e9 sistemas de automa\u00e7\u00e3o residencial adaptados, essas ferramentas permitem compensar eficazmente diversas limita\u00e7\u00f5es funcionais, preservando a dignidade e a independ\u00eancia dos usu\u00e1rios.<\/p>\n\n            <div class=\"tip-box\">\n                <div class=\"tip-box-label\">Adapta\u00e7\u00e3o pr\u00e1tica<\/div>\n                <p>A autonomia se constr\u00f3i progressivamente ao identificar as atividades priorit\u00e1rias, adaptando o ambiente f\u00edsico, utilizando ajudas t\u00e9cnicas apropriadas e desenvolvendo novos h\u00e1bitos compensat\u00f3rios. Cada pequena adapta\u00e7\u00e3o contribui para a independ\u00eancia global.<\/p>\n            <\/div>\n\n            <div class=\"expert-box\">\n                <div class=\"expert-box-label\">Inova\u00e7\u00e3o DYNSEO<\/div>\n                <div class=\"expert-box-title\">Estimula\u00e7\u00e3o cognitiva e autonomia di\u00e1ria<\/div>\n                <p>O treinamento cognitivo regular refor\u00e7a as fun\u00e7\u00f5es executivas necess\u00e1rias para o planejamento e a execu\u00e7\u00e3o das atividades di\u00e1rias. Essa estimula\u00e7\u00e3o melhora diretamente a autonomia funcional.<\/p>\n                <div class=\"expert-inner\">\n<div class=\"expert-inner-title\">Benef\u00edcios observados:<\/div>\n                    <p>Os usu\u00e1rios de programas de estimula\u00e7\u00e3o cognitiva relatam uma melhoria significativa em sua capacidade de organizar seus dias, gerenciar suas tarefas dom\u00e9sticas e manter suas atividades sociais.<\/p>\n                <\/div>\n            <\/div>\n\n            <h2>O apoio familiar: pilar da recupera\u00e7\u00e3o<\/h2>\n            <p>A fam\u00edlia constitui o primeiro c\u00edrculo de apoio para os sobreviventes de AVC, desempenhando um papel determinante no processo de recupera\u00e7\u00e3o. Essa implica\u00e7\u00e3o familiar muitas vezes requer ajustes importantes na din\u00e2mica relacional, na distribui\u00e7\u00e3o de responsabilidades e na gest\u00e3o emocional coletiva. Os depoimentos revelam que as fam\u00edlias que se adaptam com flexibilidade favorecem significativamente a progress\u00e3o de seu ente querido.<\/p>\n\n            <p>Maria, esposa de um sobrevivente de AVC, compartilha sua experi\u00eancia: \"Nos primeiros meses, eu quis fazer tudo por ele por medo de que ele se cansasse. Eu rapidamente percebi que essa superprote\u00e7\u00e3o estava freando seus progressos. N\u00f3s aprendemos juntos a dosar a ajuda e o incentivo \u00e0 autonomia.\" Essa conscientiza\u00e7\u00e3o ilustra o equil\u00edbrio delicado a ser encontrado entre prote\u00e7\u00e3o e estimula\u00e7\u00e3o.<\/p>\n\n            <p>O acompanhamento familiar eficaz repousa sobre a informa\u00e7\u00e3o, a comunica\u00e7\u00e3o e a paci\u00eancia. As fam\u00edlias que se formam nas especificidades do AVC, que mant\u00eam um di\u00e1logo aberto e que celebram as pequenas vit\u00f3rias criam um ambiente prop\u00edcio \u00e0 recupera\u00e7\u00e3o. Essa abordagem beneficia todos os membros da fam\u00edlia, refor\u00e7ando os la\u00e7os e desenvolvendo a resili\u00eancia coletiva.<\/p>\n\n            <div class=\"conseil-card\">\n                <h4>Apoio familiar ideal<\/h4>\n                <p>Um acompanhamento familiar bem-sucedido combina informa\u00e7\u00e3o m\u00e9dica, apoio emocional e incentivo \u00e0 autonomia. A forma\u00e7\u00e3o dos familiares nas t\u00e9cnicas de estimula\u00e7\u00e3o cognitiva e f\u00edsica multiplica as oportunidades de progress\u00e3o di\u00e1ria.<\/p>\n            <\/div>\n<div class=\"key-points\">\n                <h4>Estrat\u00e9gias de apoio familiar:<\/h4>\n                <ul>\n                    <li>Forma\u00e7\u00e3o dos familiares sobre as especificidades do AVC<\/li>\n                    <li>Comunica\u00e7\u00e3o aberta sobre as necessidades e frustra\u00e7\u00f5es<\/li>\n                    <li>Incentivo \u00e0 autonomia progressiva<\/li>\n                    <li>Participa\u00e7\u00e3o nas sess\u00f5es de reabilita\u00e7\u00e3o<\/li>\n                    <li>Utiliza\u00e7\u00e3o de ferramentas familiares como COCO PENSA para estimular juntos<\/li>\n                    <li>Preserva\u00e7\u00e3o das atividades de lazer comuns<\/li>\n                <\/ul>\n            <\/div>\n\n            <h2>Transforma\u00e7\u00e3o psicol\u00f3gica: redefinir sua identidade<\/h2>\n            <p>O AVC provoca frequentemente uma profunda reavalia\u00e7\u00e3o da identidade pessoal. Os sobreviventes devem integrar suas novas limita\u00e7\u00f5es enquanto preservam sua ess\u00eancia identit\u00e1ria. Este processo psicol\u00f3gico complexo envolve fases de nega\u00e7\u00e3o, raiva, negocia\u00e7\u00e3o, depress\u00e3o e aceita\u00e7\u00e3o, semelhantes ao processo de luto, mas com a particularidade de envolver a pr\u00f3pria pessoa ainda viva.<\/p>\n\n            <p>Jean-Pierre, ex-chefe de empresa que se tornou sobrevivente de AVC aos 58 anos, testemunha essa transforma\u00e7\u00e3o: \"Eu tive que aprender a me redefinir. Eu n\u00e3o era mais o dirigente hiperativo de antes, mas eu continuava sendo um pai, um marido, um amigo. Eu descobri aspectos da minha personalidade que minha vida agitada havia mascarado: a paci\u00eancia, a escuta, a contempla\u00e7\u00e3o.\" Seu percurso ilustra a possibilidade de uma evolu\u00e7\u00e3o positiva da identidade.<\/p>\n\n            <p>A reconstru\u00e7\u00e3o identit\u00e1ria p\u00f3s-AVC pode se tornar uma oportunidade de crescimento pessoal. Muitos s\u00e3o os sobreviventes que desenvolvem um melhor conhecimento de si mesmos, reavaliam suas prioridades e descobrem novas fontes de satisfa\u00e7\u00e3o e sentido. Essa transforma\u00e7\u00e3o, embora imposta pelas circunst\u00e2ncias, pode levar a uma exist\u00eancia mais aut\u00eantica e gratificante.<\/p>\n\n            <div class=\"tip-box\">\n                <div class=\"tip-box-label\">Reconstru\u00e7\u00e3o identit\u00e1ria<\/div>\n                <p>A redefini\u00e7\u00e3o de si ap\u00f3s um AVC passa pela explora\u00e7\u00e3o de novas atividades, a reconex\u00e3o com seus valores profundos, a aceita\u00e7\u00e3o das mudan\u00e7as f\u00edsicas e a descoberta de novos talentos ou interesses. Este processo requer tempo e bondade consigo mesmo.<\/p>\n            <\/div>\n\n            <div class=\"expert-box\">\n                <div class=\"expert-box-label\">Abordagem psicol\u00f3gica<\/div>\n                <div class=\"expert-box-title\">Estimula\u00e7\u00e3o cognitiva e bem-estar psicol\u00f3gico<\/div>\n                <p>O envolvimento em atividades cognitivas estimulantes refor\u00e7a a autoestima e o sentimento de compet\u00eancia. Essa estimula\u00e7\u00e3o contribui diretamente para a reconstru\u00e7\u00e3o de uma identidade positiva p\u00f3s-AVC.<\/p>\n                <div class=\"expert-inner\">\n<div class=\"expert-inner-title\">Impacto no humor :<\/div>\n                    <p>Os exerc\u00edcios cognitivos regulares reduzem os riscos de depress\u00e3o p\u00f3s-AVC ao manter o engajamento mental e proporcionar um sentimento de realiza\u00e7\u00e3o di\u00e1ria.<\/p>\n                <\/div>\n            <\/div>\n\n            <h2>Depoimentos inspiradores: trajet\u00f3rias de resili\u00eancia excepcionais<\/h2>\n            <p>As hist\u00f3rias pessoais de sobreviventes de AVC revelam uma diversidade not\u00e1vel de estrat\u00e9gias de recupera\u00e7\u00e3o e adapta\u00e7\u00e3o. Cada depoimento traz uma vis\u00e3o \u00fanica sobre os desafios enfrentados e as solu\u00e7\u00f5es desenvolvidas. Esses relatos aut\u00eanticos constituem uma fonte de inspira\u00e7\u00e3o valiosa para todos que enfrentam dificuldades semelhantes, demonstrando que a recupera\u00e7\u00e3o, embora dif\u00edcil, permanece poss\u00edvel e pode at\u00e9 revelar for\u00e7as inesperadas.<\/p>\n\n            <p>Claudine, ex-professora, desenvolveu uma abordagem criativa para superar seus dist\u00farbios de mem\u00f3ria: \"Criei um sistema de c\u00f3digos de cores e pictogramas para organizar meu dia. O que era inicialmente uma necessidade se tornou uma forma de viver mais consciente e organizada. Agora ajudo outras pessoas a desenvolverem seus pr\u00f3prios sistemas de aux\u00edlio \u00e0 mem\u00f3ria.\" Sua inova\u00e7\u00e3o pessoal se transformou em uma miss\u00e3o de ajuda m\u00fatua.<\/p>\n\n            <p>Antoine, jovem pai de 34 anos durante seu AVC, conta sua motiva\u00e7\u00e3o particular: \"Ver meus filhos crescer era minha maior fonte de motiva\u00e7\u00e3o. Fiz de tudo para me recuperar o suficiente para continuar brincando com eles, acompanh\u00e1-los em suas atividades. Hoje, corro novamente, \u00e9 verdade que mais devagar, mas corro com eles.\" A parentalidade se torna aqui um poderoso motor de recupera\u00e7\u00e3o.<\/p>\n\n            <div class=\"conseil-card\">\n                <h4>Inspira\u00e7\u00e3o m\u00fatua<\/h4>\n                <p>Compartilhar sua experi\u00eancia com outros sobreviventes cria um c\u00edrculo virtuoso de inspira\u00e7\u00e3o e apoio. Essas trocas permitem descobrir novas estrat\u00e9gias de adapta\u00e7\u00e3o e manter a motiva\u00e7\u00e3o a longo prazo.<\/p>\n            <\/div>\n<div class=\"key-points\">\n                <h4>Li\u00e7\u00f5es dos depoimentos :<\/h4>\n                <ul>\n                    <li>Cada percurso de recupera\u00e7\u00e3o \u00e9 \u00fanico e pessoal<\/li>\n                    <li>A criatividade na adapta\u00e7\u00e3o abre novas possibilidades<\/li>\n                    <li>As motiva\u00e7\u00f5es pessoais fortes aceleram a recupera\u00e7\u00e3o<\/li>\n                    <li>A ajuda m\u00fatua entre sobreviventes enriquece a experi\u00eancia de cada um<\/li>\n                    <li>As ferramentas tecnol\u00f3gicas como <a href=\"https:\/\/www.dynseo.com\/pt-pt\/coco-pensa-e-coco-se-mexe\/\">COCO PENSA<\/a> acompanham eficazmente as estrat\u00e9gias pessoais<\/li>\n                <\/ul>\n            <\/div>\n\n            <h2>Redes de apoio comunit\u00e1rio : a for\u00e7a do coletivo<\/h2>\n            <p>Os grupos de apoio e as associa\u00e7\u00f5es de pacientes desempenham um papel crucial no acompanhamento dos sobreviventes de AVC e de suas fam\u00edlias. Essas comunidades oferecem um espa\u00e7o \u00fanico de compartilhamento de experi\u00eancias, troca de conselhos pr\u00e1ticos e apoio m\u00fatuo. A perten\u00e7a a essas redes contribui significativamente para reduzir o isolamento e manter a motiva\u00e7\u00e3o a longo prazo.<\/p>\n\n            <p>A associa\u00e7\u00e3o \"Renaissance AVC\" de Lyon testemunha essa din\u00e2mica positiva. Criada por e para os sobreviventes, organiza oficinas pr\u00e1ticas, confer\u00eancias informativas e atividades de lazer adaptadas. Sylvie, presidente e sobrevivente de AVC, explica : \"Nossa for\u00e7a reside no compartilhamento de experi\u00eancias. Quando um novo membro chega desanimado, ele encontra pessoas que superaram desafios semelhantes. Essa prova viva de que a recupera\u00e7\u00e3o \u00e9 poss\u00edvel faz toda a diferen\u00e7a.\"<\/p>\n\n            <p>As redes sociais digitais agora complementam os encontros f\u00edsicos, permitindo um apoio cont\u00ednuo e acess\u00edvel 24 horas por dia. Essas plataformas facilitam a troca de informa\u00e7\u00f5es, a coordena\u00e7\u00e3o de atividades e a manuten\u00e7\u00e3o dos la\u00e7os sociais, particularmente valiosos para as pessoas com mobilidade reduzida ou que vivem em \u00e1reas isoladas.<\/p>\n\n            <div class=\"tip-box\">\n                <div class=\"tip-box-label\">Integra\u00e7\u00e3o comunit\u00e1ria<\/div>\n                <p>Juntar-se a um grupo de apoio pode parecer intimidante no in\u00edcio. Come\u00e7ar observando e, em seguida, participar gradualmente das discuss\u00f5es permite uma integra\u00e7\u00e3o suave. O importante \u00e9 encontrar o grupo que corresponde \u00e0s suas necessidades e \u00e0 sua personalidade.<\/p>\n            <\/div>\n\n            <div class=\"expert-box\">\n                <div class=\"expert-box-label\">Pesquisa social<\/div>\n                <div class=\"expert-box-title\">Impacto do apoio social na recupera\u00e7\u00e3o<\/div>\n                <p>Os estudos mostram que o apoio social de qualidade acelera significativamente a recupera\u00e7\u00e3o p\u00f3s-AVC. A intera\u00e7\u00e3o social estimula as fun\u00e7\u00f5es cognitivas e mant\u00e9m o engajamento nas atividades de reabilita\u00e7\u00e3o.<\/p>\n                <div class=\"expert-inner\">\n<div class=\"expert-inner-title\">Mecanismos de a\u00e7\u00e3o :<\/div>\n                    <p>O apoio comunit\u00e1rio atua em v\u00e1rios n\u00edveis: redu\u00e7\u00e3o do estresse, estimula\u00e7\u00e3o cognitiva por meio das intera\u00e7\u00f5es, motiva\u00e7\u00e3o pelo exemplo dos pares e acesso a informa\u00e7\u00f5es pr\u00e1ticas verificadas.<\/p>\n                <\/div>\n            <\/div>\n\n            <h2>Inova\u00e7\u00e3o tecnol\u00f3gica: ferramentas de acompanhamento modernas<\/h2>\n            <p>A evolu\u00e7\u00e3o tecnol\u00f3gica revoluciona o acompanhamento dos sobreviventes de AVC, oferecendo solu\u00e7\u00f5es personalizadas e acess\u00edveis para a reabilita\u00e7\u00e3o cognitiva e f\u00edsica. Essas inova\u00e7\u00f5es permitem um treinamento regular e motivador, complementando de forma eficaz as abordagens terap\u00eauticas tradicionais. A integra\u00e7\u00e3o dessas ferramentas no cotidiano dos sobreviventes transforma sua rela\u00e7\u00e3o com a recupera\u00e7\u00e3o.<\/p>\n\n            <p>As aplica\u00e7\u00f5es de estimula\u00e7\u00e3o cognitiva como COCO PENSA oferecem exerc\u00edcios adaptados \u00e0s capacidades evolutivas de cada usu\u00e1rio. Patricia, usu\u00e1ria h\u00e1 18 meses, testemunha: \"Esses exerc\u00edcios di\u00e1rios se tornaram um ritual agrad\u00e1vel. Vejo meus progressos semana ap\u00f3s semana, e isso me motiva a continuar minhas outras reabilita\u00e7\u00f5es. O aspecto l\u00fadico torna o treinamento cognitivo menos oneroso.\" Sua experi\u00eancia ilustra a import\u00e2ncia do engajamento pessoal na utiliza\u00e7\u00e3o de ferramentas tecnol\u00f3gicas.<\/p>\n\n            <p>A intelig\u00eancia artificial e a an\u00e1lise de dados agora permitem uma personaliza\u00e7\u00e3o avan\u00e7ada dos programas de reabilita\u00e7\u00e3o. Esses sistemas adaptativos ajustam automaticamente a dificuldade dos exerc\u00edcios, identificam os pontos fortes e as \u00e1reas de melhoria, e prop\u00f5em trajet\u00f3rias otimizadas para cada usu\u00e1rio. Essa abordagem cient\u00edfica maximiza a efic\u00e1cia do treinamento, respeitando o ritmo pessoal de recupera\u00e7\u00e3o.<\/p>\n\n            <div class=\"conseil-card\">\n                <h4>Otimiza\u00e7\u00e3o tecnol\u00f3gica<\/h4>\n                <p>A efic\u00e1cia das ferramentas digitais depende de seu uso regular e apropriado. Integrar esses exerc\u00edcios em uma rotina di\u00e1ria, idealmente no mesmo hor\u00e1rio, favorece a ades\u00e3o e maximiza os benef\u00edcios cognitivos obtidos.<\/p>\n            <\/div>\n<div class=\"key-points\">\n                <h4>Vantagens das ferramentas digitais:<\/h4>\n                <ul>\n                    <li>Acessibilidade 24h\/24 a partir de casa<\/li>\n                    <li>Personaliza\u00e7\u00e3o autom\u00e1tica dos exerc\u00edcios<\/li>\n                    <li>Acompanhamento objetivo e detalhado dos progressos<\/li>\n                    <li>Aspecto l\u00fadico e motivador das atividades<\/li>\n                    <li>Custo acess\u00edvel comparado \u00e0s sess\u00f5es individuais<\/li>\n                    <li>Possibilidade de compartilhamento familiar com ferramentas como COCO SE MEXE<\/li>\n                <\/ul>\n            <\/div>\n\n            <h2>Preven\u00e7\u00e3o secund\u00e1ria: evitar a reca\u00edda<\/h2>\n            <p>A preven\u00e7\u00e3o de um segundo AVC constitui uma prioridade absoluta para todos os sobreviventes. Esta abordagem preventiva implica modifica\u00e7\u00f5es no estilo de vida, um acompanhamento m\u00e9dico rigoroso e uma vigil\u00e2ncia atenta dos fatores de risco. A ado\u00e7\u00e3o de novos h\u00e1bitos de vida torna-se um investimento crucial para o futuro, frequentemente transformando positivamente a exist\u00eancia global da pessoa e de sua fam\u00edlia.<\/p>\n\n            <p>Dr. Martin Dubois, neurologista especializado no acompanhamento p\u00f3s-AVC, explica: \"A preven\u00e7\u00e3o secund\u00e1ria baseia-se em tr\u00eas pilares: o controle m\u00e9dico dos fatores de risco, a ado\u00e7\u00e3o de um estilo de vida saud\u00e1vel e a manuten\u00e7\u00e3o de uma atividade cognitiva regular. Os pacientes que se envolvem ativamente nessa abordagem reduzem consideravelmente seu risco de reca\u00edda.\" Esta abordagem global requer um forte compromisso pessoal, mas oferece benef\u00edcios substanciais.<\/p>\n\n            <p>O exerc\u00edcio f\u00edsico adaptado desempenha um papel central nessa preven\u00e7\u00e3o. Os programas de atividade f\u00edsica personalizados, incluindo exerc\u00edcios cardiovasculares leves, fortalecimento muscular e coordena\u00e7\u00e3o, contribuem significativamente para melhorar a sa\u00fade geral e reduzir os riscos vasculares. Esta dimens\u00e3o f\u00edsica se combina harmoniosamente com a estimula\u00e7\u00e3o cognitiva para uma abordagem preventiva completa.<\/p>\n\n            <div class=\"tip-box\">\n                <div class=\"tip-box-label\">H\u00e1bitos preventivos<\/div>\n                <p>A preven\u00e7\u00e3o secund\u00e1ria se integra gradualmente no cotidiano: alimenta\u00e7\u00e3o equilibrada, exerc\u00edcio regular, gerenciamento do estresse, acompanhamento m\u00e9dico, estimula\u00e7\u00e3o cognitiva di\u00e1ria e manuten\u00e7\u00e3o dos la\u00e7os sociais. Cada pequena mudan\u00e7a contribui para a prote\u00e7\u00e3o global.<\/p>\n            <\/div>\n\n            <div class=\"expert-box\">\n                <div class=\"expert-box-label\">Preven\u00e7\u00e3o DYNSEO<\/div>\n                <div class=\"expert-box-title\">Estimula\u00e7\u00e3o cognitiva e preven\u00e7\u00e3o vascular<\/div>\n                <p>O treinamento cognitivo regular contribui para a preven\u00e7\u00e3o secund\u00e1ria ao manter a plasticidade cerebral, favorecer a circula\u00e7\u00e3o sangu\u00ednea cerebral e otimizar os mecanismos de compensa\u00e7\u00e3o neuronal.<\/p>\n                <div class=\"expert-inner\">\n<div class=\"expert-inner-title\">Protocolo recomendado :<\/div>\n                    <p>Uma sess\u00e3o di\u00e1ria de 20-30 minutos de exerc\u00edcios cognitivos variados, combinada com uma atividade f\u00edsica leve, constitui um protocolo preventivo ideal e realiz\u00e1vel em casa.<\/p>\n                <\/div>\n            <\/div>\n\n            <h2>Evolu\u00e7\u00e3o a longo prazo: viver plenamente ap\u00f3s o AVC<\/h2>\n            <p>A vida a longo prazo ap\u00f3s um AVC pode ser rica e gratificante, embora diferente da exist\u00eancia anterior. Os sobreviventes que abra\u00e7am essa nova realidade com criatividade e otimismo frequentemente descobrem dimens\u00f5es inesperadas do desenvolvimento pessoal. Essa evolu\u00e7\u00e3o positiva requer tempo, paci\u00eancia e um acompanhamento adequado, mas \u00e9 acess\u00edvel \u00e0 grande maioria dos sobreviventes.<\/p>\n\n            <p>Cinco anos ap\u00f3s seu AVC, Bernard desenvolveu uma nova paix\u00e3o pela fotografia da natureza. \"Minha mobilidade reduzida me levou a observar de maneira diferente. Passo horas esperando o momento certo, a luz certa. Essa paci\u00eancia, que eu n\u00e3o tinha antes, me abriu um mundo art\u00edstico inesperado. Minhas fotos agora est\u00e3o expostas em v\u00e1rias galerias locais.\" Seu testemunho ilustra como as limita\u00e7\u00f5es podem revelar novos talentos.<\/p>\n\n            <p>A adapta\u00e7\u00e3o cont\u00ednua e o aprendizado permanente caracterizam essa fase a longo prazo. Os sobreviventes desenvolvem uma expertise \u00fanica de sua condi\u00e7\u00e3o, tornando-se frequentemente recursos valiosos para outras pessoas vivendo situa\u00e7\u00f5es semelhantes. Essa transmiss\u00e3o de experi\u00eancia contribui para o sentimento de utilidade social e refor\u00e7a a autoestima.<\/p>\n\n            <div class=\"conseil-card\">\n                <h4>Desenvolvimento sustent\u00e1vel<\/h4>\n                <p>A constru\u00e7\u00e3o de uma vida gratificante p\u00f3s-AVC baseia-se na aceita\u00e7\u00e3o das mudan\u00e7as, na explora\u00e7\u00e3o de novas atividades, na manuten\u00e7\u00e3o dos la\u00e7os sociais e na busca de objetivos pessoais adequados. Essa abordagem transforma gradualmente a prova\u00e7\u00e3o em oportunidade de crescimento.<\/p>\n            <\/div>\n<div class=\"key-points\">\n                <h4>Fatores de florescimento a longo prazo:<\/h4>\n                <ul>\n                    <li>Aceita\u00e7\u00e3o serena das novas limita\u00e7\u00f5es<\/li>\n                    <li>Desenvolvimento de novas compet\u00eancias e interesses<\/li>\n                    <li>Manuten\u00e7\u00e3o de uma rede social ativa e acolhedora<\/li>\n                    <li>Comprometimento em atividades valorizantes (voluntariado, arte, etc.)<\/li>\n                    <li>Utiliza\u00e7\u00e3o cont\u00ednua de ferramentas de estimula\u00e7\u00e3o como COCO PENSA<\/li>\n                    <li>Transmiss\u00e3o de sua experi\u00eancia aos outros<\/li>\n                <\/ul>\n            <\/div>\n\n            <h2>Mensagem de esperan\u00e7a: a for\u00e7a transformadora da resili\u00eancia<\/h2>\n            <p>Os testemunhos de sobreviventes de AVC convergem para uma mensagem universal de esperan\u00e7a e transforma\u00e7\u00e3o. Embora a prova seja indiscutivelmente dif\u00edcil, ela revela capacidades humanas extraordin\u00e1rias de adapta\u00e7\u00e3o, criatividade e supera\u00e7\u00e3o. Essa for\u00e7a transformadora da resili\u00eancia inspira n\u00e3o apenas os sobreviventes, mas tamb\u00e9m seus entes queridos e todos que descobrem suas hist\u00f3rias.<\/p>\n\n            <p>A acumula\u00e7\u00e3o desses testemunhos desenha um retrato encorajador da recupera\u00e7\u00e3o p\u00f3s-AVC. Longe de ser um processo uniforme, essa recupera\u00e7\u00e3o se desdobra em m\u00faltiplos percursos personalizados, cada um revelando estrat\u00e9gias \u00fanicas e descobertas pessoais not\u00e1veis. Essa diversidade de abordagens enriquece a compreens\u00e3o global da adapta\u00e7\u00e3o p\u00f3s-AVC e oferece um vasto repert\u00f3rio de inspira\u00e7\u00f5es para cada nova pessoa confrontada com essa prova.<\/p>\n\n            <p>A inova\u00e7\u00e3o constante no acompanhamento dos sobreviventes, seja tecnol\u00f3gica, terap\u00eautica ou social, abre continuamente novas perspectivas de melhoria. Ferramentas como COCO PENSA e COCO SE MEXE se inserem nessa din\u00e2mica de inova\u00e7\u00e3o acolhedora, oferecendo solu\u00e7\u00f5es concretas e acess\u00edveis para apoiar diariamente o processo de recupera\u00e7\u00e3o e florescimento.<\/p>\n\n            <div class=\"tip-box\">\n                <div class=\"tip-box-label\">Cultivar a esperan\u00e7a<\/div>\n                <p>A esperan\u00e7a se alimenta das pequenas vit\u00f3rias di\u00e1rias, dos progressos observados, das rela\u00e7\u00f5es mantidas e dos novos horizontes explorados. Cultivar essa disposi\u00e7\u00e3o positiva requer bondade consigo mesmo e confian\u00e7a em suas capacidades de adapta\u00e7\u00e3o.<\/p>\n            <\/div>\n\n            <div class=\"expert-box\">\n                <div class=\"expert-box-label\">Vis\u00e3o DYNSEO<\/div>\n                <div class=\"expert-box-title\">O acompanhamento tecnol\u00f3gico do amanh\u00e3<\/div>\n                <p>A evolu\u00e7\u00e3o das tecnologias de acompanhamento tende a uma personaliza\u00e7\u00e3o cada vez mais aprofundada, uma integra\u00e7\u00e3o familiar refor\u00e7ada e uma adapta\u00e7\u00e3o cont\u00ednua \u00e0s necessidades evolutivas de cada usu\u00e1rio.<\/p>\n                <div class=\"expert-inner\">\n                    <div class=\"expert-inner-title\">Compromisso DYNSEO:<\/div>\n                    <p>Nossa miss\u00e3o consiste em desenvolver ferramentas cada vez mais eficazes e acess\u00edveis, baseando-se nos feedbacks dos usu\u00e1rios para criar solu\u00e7\u00f5es verdadeiramente adaptadas \u00e0s realidades do campo.<\/p>\n                <\/div>\n            <\/div>\n\n            <div class=\"faq-list\">\n                <h3>Perguntas frequentes<\/h3>\n                \n                <div class=\"faq-item\">\n                    <div class=\"faq-q\">\n                        <span>Quanto tempo geralmente leva para se recuperar ap\u00f3s um AVC?<\/span>\n                        <span class=\"faq-icon\">+<\/span>\n                    <\/div>\n<div class=\"faq-a\">\n                        <p>A recupera\u00e7\u00e3o p\u00f3s-AVC varia consideravelmente de uma pessoa para outra. Os progressos mais importantes geralmente ocorrem nos primeiros 3-6 meses, mas a recupera\u00e7\u00e3o pode continuar por anos. Algumas pessoas recuperam a maioria de suas capacidades em poucos meses, enquanto outras necessitam de v\u00e1rios anos de adapta\u00e7\u00e3o. O importante \u00e9 manter uma reabilita\u00e7\u00e3o regular e permanecer otimista em rela\u00e7\u00e3o aos progressos, mesmo que graduais.<\/p>\n                    <\/div>\n                <\/div>\n\n                <div class=\"faq-item\">\n                    <div class=\"faq-q\">\n                        <span>Como a fam\u00edlia pode apoiar melhor um sobrevivente de AVC?<\/span>\n                        <span class=\"faq-icon\">+<\/span>\n                    <\/div>\n                    <div class=\"faq-a\">\n                        <p>O apoio familiar ideal combina paci\u00eancia, encorajamento e respeito pela autonomia. \u00c9 crucial se informar sobre o AVC, participar das sess\u00f5es de reabilita\u00e7\u00e3o, adaptar o ambiente dom\u00e9stico e manter uma comunica\u00e7\u00e3o aberta. O equil\u00edbrio entre ajuda e empoderamento \u00e9 essencial: ajudar sem superproteger, encorajar sem pressionar. O uso de ferramentas como COCO PENSA em fam\u00edlia pode criar momentos de estimula\u00e7\u00e3o cognitiva compartilhados e agrad\u00e1veis.<\/p>\n                    <\/div>\n                <\/div>\n\n                <div class=\"faq-item\">\n                    <div class=\"faq-q\">\n                        <span>Quais s\u00e3o as ferramentas tecnol\u00f3gicas mais \u00fateis para a reabilita\u00e7\u00e3o?<\/span>\n                        <span class=\"faq-icon\">+<\/span>\n                    <\/div>\n                    <div class=\"faq-a\">\n                        <p>As ferramentas digitais de estimula\u00e7\u00e3o cognitiva como COCO PENSA oferecem exerc\u00edcios personalizados e progressivos para manter e melhorar as fun\u00e7\u00f5es cognitivas. Os aplicativos de reabilita\u00e7\u00e3o motora, os sistemas de realidade virtual adaptados e as plataformas de telereabilita\u00e7\u00e3o complementam eficazmente as abordagens tradicionais. A vantagem dessas ferramentas reside em sua acessibilidade, adaptabilidade e capacidade de manter a motiva\u00e7\u00e3o a longo prazo.<\/p>\n                    <\/div>\n                <\/div>\n\n                <div class=\"faq-item\">\n                    <div class=\"faq-q\">\n                        <span>\u00c9 poss\u00edvel prevenir um segundo AVC?<\/span>\n                        <span class=\"faq-icon\">+<\/span>\n                    <\/div>\n                    <div class=\"faq-a\">\n                        <p>A preven\u00e7\u00e3o secund\u00e1ria \u00e9 muito eficaz quando combina acompanhamento m\u00e9dico rigoroso, modifica\u00e7\u00e3o do estilo de vida e monitoramento dos fatores de risco. Isso inclui a ades\u00e3o a medicamentos prescritos, a ado\u00e7\u00e3o de uma alimenta\u00e7\u00e3o equilibrada, a pr\u00e1tica de exerc\u00edcios f\u00edsicos adequados, a cessa\u00e7\u00e3o do tabaco e o gerenciamento do estresse. A estimula\u00e7\u00e3o cognitiva regular tamb\u00e9m contribui para manter a sa\u00fade cerebral. Com essas medidas, o risco de recorr\u00eancia diminui significativamente.<\/p>\n                    <\/div>\n                <\/div>\n\n                <div class=\"faq-item\">\n                    <div class=\"faq-q\">\n                        <span>Como manter a motiva\u00e7\u00e3o durante a reabilita\u00e7\u00e3o?<\/span>\n                        <span class=\"faq-icon\">+<\/span>\n                    <\/div>\n<div class=\"faq-a\">\n                        <p>Manter a motiva\u00e7\u00e3o requer estabelecer metas realistas e mensur\u00e1veis, celebrar as pequenas vit\u00f3rias e variar as atividades de reabilita\u00e7\u00e3o. Participar de grupos de apoio, usar ferramentas l\u00fadicas como COCO PENSA e COCO SE MEXE, manter um di\u00e1rio de progresso e realizar atividades agrad\u00e1veis contribuem para preservar o engajamento. O importante \u00e9 ver a reabilita\u00e7\u00e3o como um investimento no seu futuro, em vez de uma obriga\u00e7\u00e3o.<\/p>\n                    <\/div>\n                <\/div>\n            <\/div>\n\n            <div class=\"cta-box\">\n                <h3>Comece sua jornada de estimula\u00e7\u00e3o cognitiva<\/h3>\n                <p>Descubra COCO PENSA e COCO SE MEXE, os aplicativos de estimula\u00e7\u00e3o cognitiva especialmente projetados para acompanhar sua recupera\u00e7\u00e3o p\u00f3s-AVC. Junte-se a milhares de usu\u00e1rios que j\u00e1 integraram essas ferramentas em seu dia a dia.<\/p>\n                <div class=\"cta-buttons\">\n                    <a href=\"https:\/\/www.dynseo.com\/pt-pt\/coco-pensa-e-coco-se-mexe\/\" class=\"btn-white\">Descobrir COCO PENSA<\/a>\n                    <a href=\"https:\/\/www.dynseo.com\/pt-pt\/coco-pensa-e-coco-se-mexe\/\" class=\"btn-outline\">Teste gratuito<\/a>\n                <\/div>\n            <\/div>\n\n            <div class=\"article-tags\">\n                <a href=\"#\" class=\"article-tag\">AVC<\/a>\n                <a href=\"#\" class=\"article-tag\">Recupera\u00e7\u00e3o<\/a>\n                <a href=\"#\" class=\"article-tag\">Depoimentos<\/a>\n                <a href=\"#\" class=\"article-tag\">Resili\u00eancia<\/a>\n                <a href=\"#\" class=\"article-tag\">Reabilita\u00e7\u00e3o cognitiva<\/a>\n                <a href=\"#\" class=\"article-tag\">Neuroplasticidade<\/a>\n                <a href=\"#\" class=\"article-tag\">Apoio familiar<\/a>\n                <a href=\"#\" class=\"article-tag\">COCO PENSA<\/a>\n                <a href=\"#\" class=\"article-tag\">Preven\u00e7\u00e3o secund\u00e1ria<\/a>\n                <a href=\"#\" class=\"article-tag\">Adapta\u00e7\u00e3o<\/a>\n            <\/div>\n        <\/div>\n    <\/div>[\/et_pb_code][\/et_pb_column][\/et_pb_row][\/et_pb_section]","_et_gb_content_width":"","footnotes":""},"categories":[2915,2325],"tags":[],"class_list":["post-121124","post","type-post","status-publish","format-standard","has-post-thumbnail","hentry","category-les-conseils-des-coachs","category-tout-sur-avc"],"yoast_head":"<!-- This site is optimized with the Yoast SEO plugin v27.4 - https:\/\/yoast.com\/product\/yoast-seo-wordpress\/ -->\n<title>Hist\u00f3rias de sucesso: Depoimentos inspiradores de sobreviventes de AVC - DYNSEO - Aplica\u00e7\u00f5es educativas e jogos de mem\u00f3ria<\/title>\n<meta name=\"robots\" content=\"index, follow, max-snippet:-1, max-image-preview:large, max-video-preview:-1\" \/>\n<link rel=\"canonical\" href=\"https:\/\/www.dynseo.com\/pt-pt\/historias-de-sucesso-depoimentos-inspiradores-de-sobreviventes-de-avc\/\" \/>\n<meta property=\"og:locale\" content=\"pt_PT\" \/>\n<meta property=\"og:type\" content=\"article\" \/>\n<meta property=\"og:title\" content=\"Hist\u00f3rias de sucesso: Depoimentos inspiradores de sobreviventes de AVC - DYNSEO - Aplica\u00e7\u00f5es educativas e jogos de mem\u00f3ria\" \/>\n<meta property=\"og:url\" content=\"https:\/\/www.dynseo.com\/pt-pt\/historias-de-sucesso-depoimentos-inspiradores-de-sobreviventes-de-avc\/\" \/>\n<meta property=\"og:site_name\" content=\"DYNSEO - Aplica\u00e7\u00f5es educativas e jogos de mem\u00f3ria\" \/>\n<meta property=\"article:published_time\" content=\"2024-03-04T15:01:23+00:00\" \/>\n<meta property=\"article:modified_time\" content=\"2026-04-27T02:10:47+00:00\" \/>\n<meta property=\"og:image\" content=\"https:\/\/www.dynseo.com\/wp-content\/uploads\/2024\/03\/avc-prevention-et-pertes-de-memoires-1024x768.png\" \/>\n\t<meta property=\"og:image:width\" content=\"1024\" \/>\n\t<meta property=\"og:image:height\" content=\"768\" \/>\n\t<meta property=\"og:image:type\" content=\"image\/png\" \/>\n<meta name=\"author\" content=\"DYNSEO\" \/>\n<meta name=\"twitter:label1\" content=\"Escrito por\" \/>\n\t<meta name=\"twitter:data1\" content=\"DYNSEO\" \/>\n\t<meta name=\"twitter:label2\" content=\"Tempo estimado de leitura\" \/>\n\t<meta name=\"twitter:data2\" content=\"18 minutos\" \/>\n<script type=\"application\/ld+json\" class=\"yoast-schema-graph\">{\"@context\":\"https:\\\/\\\/schema.org\",\"@graph\":[{\"@type\":\"Article\",\"@id\":\"https:\\\/\\\/www.dynseo.com\\\/pt-pt\\\/historias-de-sucesso-depoimentos-inspiradores-de-sobreviventes-de-avc\\\/#article\",\"isPartOf\":{\"@id\":\"https:\\\/\\\/www.dynseo.com\\\/pt-pt\\\/historias-de-sucesso-depoimentos-inspiradores-de-sobreviventes-de-avc\\\/\"},\"author\":{\"name\":\"DYNSEO\",\"@id\":\"https:\\\/\\\/www.dynseo.com\\\/pt-pt\\\/#\\\/schema\\\/person\\\/78ef63df2ee64e0989bc68f8401b38d6\"},\"headline\":\"Hist\u00f3rias de sucesso: Depoimentos inspiradores de sobreviventes de AVC\",\"datePublished\":\"2024-03-04T15:01:23+00:00\",\"dateModified\":\"2026-04-27T02:10:47+00:00\",\"mainEntityOfPage\":{\"@id\":\"https:\\\/\\\/www.dynseo.com\\\/pt-pt\\\/historias-de-sucesso-depoimentos-inspiradores-de-sobreviventes-de-avc\\\/\"},\"wordCount\":4372,\"publisher\":{\"@id\":\"https:\\\/\\\/www.dynseo.com\\\/pt-pt\\\/#organization\"},\"image\":{\"@id\":\"https:\\\/\\\/www.dynseo.com\\\/pt-pt\\\/historias-de-sucesso-depoimentos-inspiradores-de-sobreviventes-de-avc\\\/#primaryimage\"},\"thumbnailUrl\":\"https:\\\/\\\/www.dynseo.com\\\/wp-content\\\/uploads\\\/2024\\\/03\\\/avc-prevention-et-pertes-de-memoires.png\",\"articleSection\":[\"Les conseils des coachs\",\"Tout sur l'AVC\"],\"inLanguage\":\"pt-PT\"},{\"@type\":\"WebPage\",\"@id\":\"https:\\\/\\\/www.dynseo.com\\\/pt-pt\\\/historias-de-sucesso-depoimentos-inspiradores-de-sobreviventes-de-avc\\\/\",\"url\":\"https:\\\/\\\/www.dynseo.com\\\/pt-pt\\\/historias-de-sucesso-depoimentos-inspiradores-de-sobreviventes-de-avc\\\/\",\"name\":\"Hist\u00f3rias de sucesso: Depoimentos inspiradores de sobreviventes de AVC - DYNSEO - Aplica\u00e7\u00f5es educativas e jogos de mem\u00f3ria\",\"isPartOf\":{\"@id\":\"https:\\\/\\\/www.dynseo.com\\\/pt-pt\\\/#website\"},\"primaryImageOfPage\":{\"@id\":\"https:\\\/\\\/www.dynseo.com\\\/pt-pt\\\/historias-de-sucesso-depoimentos-inspiradores-de-sobreviventes-de-avc\\\/#primaryimage\"},\"image\":{\"@id\":\"https:\\\/\\\/www.dynseo.com\\\/pt-pt\\\/historias-de-sucesso-depoimentos-inspiradores-de-sobreviventes-de-avc\\\/#primaryimage\"},\"thumbnailUrl\":\"https:\\\/\\\/www.dynseo.com\\\/wp-content\\\/uploads\\\/2024\\\/03\\\/avc-prevention-et-pertes-de-memoires.png\",\"datePublished\":\"2024-03-04T15:01:23+00:00\",\"dateModified\":\"2026-04-27T02:10:47+00:00\",\"breadcrumb\":{\"@id\":\"https:\\\/\\\/www.dynseo.com\\\/pt-pt\\\/historias-de-sucesso-depoimentos-inspiradores-de-sobreviventes-de-avc\\\/#breadcrumb\"},\"inLanguage\":\"pt-PT\",\"potentialAction\":[{\"@type\":\"ReadAction\",\"target\":[\"https:\\\/\\\/www.dynseo.com\\\/pt-pt\\\/historias-de-sucesso-depoimentos-inspiradores-de-sobreviventes-de-avc\\\/\"]}]},{\"@type\":\"ImageObject\",\"inLanguage\":\"pt-PT\",\"@id\":\"https:\\\/\\\/www.dynseo.com\\\/pt-pt\\\/historias-de-sucesso-depoimentos-inspiradores-de-sobreviventes-de-avc\\\/#primaryimage\",\"url\":\"https:\\\/\\\/www.dynseo.com\\\/wp-content\\\/uploads\\\/2024\\\/03\\\/avc-prevention-et-pertes-de-memoires.png\",\"contentUrl\":\"https:\\\/\\\/www.dynseo.com\\\/wp-content\\\/uploads\\\/2024\\\/03\\\/avc-prevention-et-pertes-de-memoires.png\",\"width\":2000,\"height\":1500,\"caption\":\"Tablet terap\u00eautico: uma ferramenta l\u00fadica e eficaz para o cuidado e a estimula\u00e7\u00e3o infantil\"},{\"@type\":\"BreadcrumbList\",\"@id\":\"https:\\\/\\\/www.dynseo.com\\\/pt-pt\\\/historias-de-sucesso-depoimentos-inspiradores-de-sobreviventes-de-avc\\\/#breadcrumb\",\"itemListElement\":[{\"@type\":\"ListItem\",\"position\":1,\"name\":\"Accueil\",\"item\":\"https:\\\/\\\/www.dynseo.com\\\/pt-pt\\\/\"},{\"@type\":\"ListItem\",\"position\":2,\"name\":\"Hist\u00f3rias de sucesso: Depoimentos inspiradores de sobreviventes de AVC\"}]},{\"@type\":\"WebSite\",\"@id\":\"https:\\\/\\\/www.dynseo.com\\\/pt-pt\\\/#website\",\"url\":\"https:\\\/\\\/www.dynseo.com\\\/pt-pt\\\/\",\"name\":\"Jeux de m\u00e9moire et stimulation cognitive\",\"description\":\"Entra\u00eenez votre m\u00e9moire et votre cerveau avec DYNSEO\",\"publisher\":{\"@id\":\"https:\\\/\\\/www.dynseo.com\\\/pt-pt\\\/#organization\"},\"potentialAction\":[{\"@type\":\"SearchAction\",\"target\":{\"@type\":\"EntryPoint\",\"urlTemplate\":\"https:\\\/\\\/www.dynseo.com\\\/pt-pt\\\/?s={search_term_string}\"},\"query-input\":{\"@type\":\"PropertyValueSpecification\",\"valueRequired\":true,\"valueName\":\"search_term_string\"}}],\"inLanguage\":\"pt-PT\"},{\"@type\":\"Organization\",\"@id\":\"https:\\\/\\\/www.dynseo.com\\\/pt-pt\\\/#organization\",\"name\":\"DYNSEO\",\"url\":\"https:\\\/\\\/www.dynseo.com\\\/pt-pt\\\/\",\"logo\":{\"@type\":\"ImageObject\",\"inLanguage\":\"pt-PT\",\"@id\":\"https:\\\/\\\/www.dynseo.com\\\/pt-pt\\\/#\\\/schema\\\/logo\\\/image\\\/\",\"url\":\"https:\\\/\\\/www.dynseo.com\\\/wp-content\\\/uploads\\\/2022\\\/05\\\/logo-dynseo-new.png\",\"contentUrl\":\"https:\\\/\\\/www.dynseo.com\\\/wp-content\\\/uploads\\\/2022\\\/05\\\/logo-dynseo-new.png\",\"width\":5073,\"height\":1397,\"caption\":\"DYNSEO\"},\"image\":{\"@id\":\"https:\\\/\\\/www.dynseo.com\\\/pt-pt\\\/#\\\/schema\\\/logo\\\/image\\\/\"}},{\"@type\":\"Person\",\"@id\":\"https:\\\/\\\/www.dynseo.com\\\/pt-pt\\\/#\\\/schema\\\/person\\\/78ef63df2ee64e0989bc68f8401b38d6\",\"name\":\"DYNSEO\",\"url\":\"https:\\\/\\\/www.dynseo.com\\\/pt-pt\\\/author\\\/justine\\\/\"}]}<\/script>\n<!-- \/ Yoast SEO plugin. -->","yoast_head_json":{"title":"Hist\u00f3rias de sucesso: Depoimentos inspiradores de sobreviventes de AVC - DYNSEO - Aplica\u00e7\u00f5es educativas e jogos de mem\u00f3ria","robots":{"index":"index","follow":"follow","max-snippet":"max-snippet:-1","max-image-preview":"max-image-preview:large","max-video-preview":"max-video-preview:-1"},"canonical":"https:\/\/www.dynseo.com\/pt-pt\/historias-de-sucesso-depoimentos-inspiradores-de-sobreviventes-de-avc\/","og_locale":"pt_PT","og_type":"article","og_title":"Hist\u00f3rias de sucesso: Depoimentos inspiradores de sobreviventes de AVC - DYNSEO - Aplica\u00e7\u00f5es educativas e jogos de mem\u00f3ria","og_url":"https:\/\/www.dynseo.com\/pt-pt\/historias-de-sucesso-depoimentos-inspiradores-de-sobreviventes-de-avc\/","og_site_name":"DYNSEO - Aplica\u00e7\u00f5es educativas e jogos de mem\u00f3ria","article_published_time":"2024-03-04T15:01:23+00:00","article_modified_time":"2026-04-27T02:10:47+00:00","og_image":[{"width":1024,"height":768,"url":"https:\/\/www.dynseo.com\/wp-content\/uploads\/2024\/03\/avc-prevention-et-pertes-de-memoires-1024x768.png","type":"image\/png"}],"author":"DYNSEO","twitter_misc":{"Escrito por":"DYNSEO","Tempo estimado de leitura":"18 minutos"},"schema":{"@context":"https:\/\/schema.org","@graph":[{"@type":"Article","@id":"https:\/\/www.dynseo.com\/pt-pt\/historias-de-sucesso-depoimentos-inspiradores-de-sobreviventes-de-avc\/#article","isPartOf":{"@id":"https:\/\/www.dynseo.com\/pt-pt\/historias-de-sucesso-depoimentos-inspiradores-de-sobreviventes-de-avc\/"},"author":{"name":"DYNSEO","@id":"https:\/\/www.dynseo.com\/pt-pt\/#\/schema\/person\/78ef63df2ee64e0989bc68f8401b38d6"},"headline":"Hist\u00f3rias de sucesso: Depoimentos inspiradores de sobreviventes de AVC","datePublished":"2024-03-04T15:01:23+00:00","dateModified":"2026-04-27T02:10:47+00:00","mainEntityOfPage":{"@id":"https:\/\/www.dynseo.com\/pt-pt\/historias-de-sucesso-depoimentos-inspiradores-de-sobreviventes-de-avc\/"},"wordCount":4372,"publisher":{"@id":"https:\/\/www.dynseo.com\/pt-pt\/#organization"},"image":{"@id":"https:\/\/www.dynseo.com\/pt-pt\/historias-de-sucesso-depoimentos-inspiradores-de-sobreviventes-de-avc\/#primaryimage"},"thumbnailUrl":"https:\/\/www.dynseo.com\/wp-content\/uploads\/2024\/03\/avc-prevention-et-pertes-de-memoires.png","articleSection":["Les conseils des coachs","Tout sur l'AVC"],"inLanguage":"pt-PT"},{"@type":"WebPage","@id":"https:\/\/www.dynseo.com\/pt-pt\/historias-de-sucesso-depoimentos-inspiradores-de-sobreviventes-de-avc\/","url":"https:\/\/www.dynseo.com\/pt-pt\/historias-de-sucesso-depoimentos-inspiradores-de-sobreviventes-de-avc\/","name":"Hist\u00f3rias de sucesso: Depoimentos inspiradores de sobreviventes de AVC - DYNSEO - Aplica\u00e7\u00f5es educativas e jogos de mem\u00f3ria","isPartOf":{"@id":"https:\/\/www.dynseo.com\/pt-pt\/#website"},"primaryImageOfPage":{"@id":"https:\/\/www.dynseo.com\/pt-pt\/historias-de-sucesso-depoimentos-inspiradores-de-sobreviventes-de-avc\/#primaryimage"},"image":{"@id":"https:\/\/www.dynseo.com\/pt-pt\/historias-de-sucesso-depoimentos-inspiradores-de-sobreviventes-de-avc\/#primaryimage"},"thumbnailUrl":"https:\/\/www.dynseo.com\/wp-content\/uploads\/2024\/03\/avc-prevention-et-pertes-de-memoires.png","datePublished":"2024-03-04T15:01:23+00:00","dateModified":"2026-04-27T02:10:47+00:00","breadcrumb":{"@id":"https:\/\/www.dynseo.com\/pt-pt\/historias-de-sucesso-depoimentos-inspiradores-de-sobreviventes-de-avc\/#breadcrumb"},"inLanguage":"pt-PT","potentialAction":[{"@type":"ReadAction","target":["https:\/\/www.dynseo.com\/pt-pt\/historias-de-sucesso-depoimentos-inspiradores-de-sobreviventes-de-avc\/"]}]},{"@type":"ImageObject","inLanguage":"pt-PT","@id":"https:\/\/www.dynseo.com\/pt-pt\/historias-de-sucesso-depoimentos-inspiradores-de-sobreviventes-de-avc\/#primaryimage","url":"https:\/\/www.dynseo.com\/wp-content\/uploads\/2024\/03\/avc-prevention-et-pertes-de-memoires.png","contentUrl":"https:\/\/www.dynseo.com\/wp-content\/uploads\/2024\/03\/avc-prevention-et-pertes-de-memoires.png","width":2000,"height":1500,"caption":"Tablet terap\u00eautico: uma ferramenta l\u00fadica e eficaz para o cuidado e a estimula\u00e7\u00e3o infantil"},{"@type":"BreadcrumbList","@id":"https:\/\/www.dynseo.com\/pt-pt\/historias-de-sucesso-depoimentos-inspiradores-de-sobreviventes-de-avc\/#breadcrumb","itemListElement":[{"@type":"ListItem","position":1,"name":"Accueil","item":"https:\/\/www.dynseo.com\/pt-pt\/"},{"@type":"ListItem","position":2,"name":"Hist\u00f3rias de sucesso: Depoimentos inspiradores de sobreviventes de AVC"}]},{"@type":"WebSite","@id":"https:\/\/www.dynseo.com\/pt-pt\/#website","url":"https:\/\/www.dynseo.com\/pt-pt\/","name":"Jeux de m\u00e9moire et stimulation cognitive","description":"Entra\u00eenez votre m\u00e9moire et votre cerveau avec DYNSEO","publisher":{"@id":"https:\/\/www.dynseo.com\/pt-pt\/#organization"},"potentialAction":[{"@type":"SearchAction","target":{"@type":"EntryPoint","urlTemplate":"https:\/\/www.dynseo.com\/pt-pt\/?s={search_term_string}"},"query-input":{"@type":"PropertyValueSpecification","valueRequired":true,"valueName":"search_term_string"}}],"inLanguage":"pt-PT"},{"@type":"Organization","@id":"https:\/\/www.dynseo.com\/pt-pt\/#organization","name":"DYNSEO","url":"https:\/\/www.dynseo.com\/pt-pt\/","logo":{"@type":"ImageObject","inLanguage":"pt-PT","@id":"https:\/\/www.dynseo.com\/pt-pt\/#\/schema\/logo\/image\/","url":"https:\/\/www.dynseo.com\/wp-content\/uploads\/2022\/05\/logo-dynseo-new.png","contentUrl":"https:\/\/www.dynseo.com\/wp-content\/uploads\/2022\/05\/logo-dynseo-new.png","width":5073,"height":1397,"caption":"DYNSEO"},"image":{"@id":"https:\/\/www.dynseo.com\/pt-pt\/#\/schema\/logo\/image\/"}},{"@type":"Person","@id":"https:\/\/www.dynseo.com\/pt-pt\/#\/schema\/person\/78ef63df2ee64e0989bc68f8401b38d6","name":"DYNSEO","url":"https:\/\/www.dynseo.com\/pt-pt\/author\/justine\/"}]}},"_links":{"self":[{"href":"https:\/\/www.dynseo.com\/pt-pt\/wp-json\/wp\/v2\/posts\/121124","targetHints":{"allow":["GET"]}}],"collection":[{"href":"https:\/\/www.dynseo.com\/pt-pt\/wp-json\/wp\/v2\/posts"}],"about":[{"href":"https:\/\/www.dynseo.com\/pt-pt\/wp-json\/wp\/v2\/types\/post"}],"author":[{"embeddable":true,"href":"https:\/\/www.dynseo.com\/pt-pt\/wp-json\/wp\/v2\/users\/4"}],"replies":[{"embeddable":true,"href":"https:\/\/www.dynseo.com\/pt-pt\/wp-json\/wp\/v2\/comments?post=121124"}],"version-history":[{"count":23,"href":"https:\/\/www.dynseo.com\/pt-pt\/wp-json\/wp\/v2\/posts\/121124\/revisions"}],"predecessor-version":[{"id":564172,"href":"https:\/\/www.dynseo.com\/pt-pt\/wp-json\/wp\/v2\/posts\/121124\/revisions\/564172"}],"wp:featuredmedia":[{"embeddable":true,"href":"https:\/\/www.dynseo.com\/pt-pt\/wp-json\/wp\/v2\/media\/365418"}],"wp:attachment":[{"href":"https:\/\/www.dynseo.com\/pt-pt\/wp-json\/wp\/v2\/media?parent=121124"}],"wp:term":[{"taxonomy":"category","embeddable":true,"href":"https:\/\/www.dynseo.com\/pt-pt\/wp-json\/wp\/v2\/categories?post=121124"},{"taxonomy":"post_tag","embeddable":true,"href":"https:\/\/www.dynseo.com\/pt-pt\/wp-json\/wp\/v2\/tags?post=121124"}],"curies":[{"name":"wp","href":"https:\/\/api.w.org\/{rel}","templated":true}]}}