{"id":130694,"date":"2024-07-10T09:03:57","date_gmt":"2024-07-10T07:03:57","guid":{"rendered":"https:\/\/www.dynseo.com\/autismo-e-perturbacoes-do-sono-solucoes-para-promover-um-sono-reparador\/"},"modified":"2026-04-28T13:18:31","modified_gmt":"2026-04-28T11:18:31","slug":"autismo-e-os-transtornos-do-sono-solucoes-para-favorecer-um-sono-reparador","status":"publish","type":"post","link":"https:\/\/www.dynseo.com\/pt-pt\/autismo-e-os-transtornos-do-sono-solucoes-para-favorecer-um-sono-reparador\/","title":{"rendered":"Autismo e os transtornos do sono: solu\u00e7\u00f5es para favorecer um sono reparador"},"content":{"rendered":"<p>[et_pb_section fb_built=&#8221;1&#8243; _builder_version=&#8221;4.16&#8243; custom_padding=&#8221;0px|0px|0px|0px|false|false&#8221; margin_top=&#8221;0px&#8221; margin_bottom=&#8221;0px&#8221; global_colors_info=&#8221;{}&#8221;][et_pb_row _builder_version=&#8221;4.16&#8243; custom_padding=&#8221;0px|0px|0px|0px|false|false&#8221; margin_top=&#8221;0px&#8221; margin_bottom=&#8221;0px&#8221; column_structure=&#8221;4_4&#8243; global_colors_info=&#8221;{}&#8221;][et_pb_column type=&#8221;4_4&#8243; _builder_version=&#8221;4.16&#8243; custom_padding=&#8221;0px|0px|0px|0px|false|false&#8221; global_colors_info=&#8221;{}&#8221;][et_pb_code _builder_version=&#8221;4.16&#8243; custom_padding=&#8221;0px|0px|0px|0px|false|false&#8221; global_colors_info=&#8221;{}&#8221;]<!DOCTYPE html><br \/>\n<html lang=\"fr\"><br \/>\n<head><br \/>\n    <meta charset=\"UTF-8\"><br \/>\n    <meta name=\"viewport\" content=\"width=device-width, initial-scale=1.0\"><br \/>\n    <title>L&#8217;autisme et les troubles du sommeil : solutions pour favoriser un sommeil r\u00e9parateur<\/title>\n    <link rel=\"preconnect\" href=\"https:\/\/fonts.googleapis.com\">\n    <link rel=\"preconnect\" href=\"https:\/\/fonts.gstatic.com\" crossorigin>\n    <link href=\"https:\/\/fonts.googleapis.com\/css2?family=Montserrat:wght@400;500;600;700&#038;family=Poppins:wght@300;400;500;600;700&#038;display=swap\" rel=\"stylesheet\">\n<style>\n        :root {\n            --dynseo-blue: #5e5ed7;\n            --dynseo-blue-dark: #5268c9;\n            --dynseo-teal: #a9e2e4;\n            --dynseo-yellow: #ffeca7;\n            --dynseo-pink: #e73469;\n            --text-dark: #333;\n            --text-light: #666;\n            --bg-light: #f8f9ff;\n            --border-light: #e8e8f0;\n            --white: #ffffff;\n        }<\/p>\n<p>        * {\n            margin: 0;\n            padding: 0;\n            box-sizing: border-box;\n        }<\/p>\n<p>        body {\n            font-family: 'Poppins', sans-serif;\n            line-height: 1.6;\n            color: var(--text-dark);\n            background: #fff;\n        }<\/p>\n<p>        .article-hero {\n            background: linear-gradient(135deg, var(--dynseo-blue) 0%, var(--dynseo-blue-dark) 100%);\n            color: white;\n            position: relative;\n            padding: 40px 0 80px;\n            overflow: hidden;\n        }<\/p>\n<p>        .article-hero::before {\n            content: '';\n            position: absolute;\n            top: 0;\n            left: 0;\n            right: 0;\n            bottom: 0;\n            background: url('data:image\/svg+xml,<svg xmlns=\"http:\/\/www.w3.org\/2000\/svg\" viewBox=\"0 0 100 20\"><defs><\/p>\n<style>.a{fill:rgba(255,255,255,0.1);}<\/style>\n<p><\/defs><circle class=\"a\" cx=\"10\" cy=\"10\" r=\"3\"\/><circle class=\"a\" cx=\"30\" cy=\"5\" r=\"2\"\/><circle class=\"a\" cx=\"50\" cy=\"15\" r=\"4\"\/><circle class=\"a\" cx=\"70\" cy=\"8\" r=\"2.5\"\/><circle class=\"a\" cx=\"90\" cy=\"12\" r=\"3.5\"\/><\/svg>') repeat;<br \/>\n        }<\/p>\n<p>        .article-hero-inner {<br \/>\n            max-width: 1200px;<br \/>\n            margin: 0 auto;<br \/>\n            padding: 0 20px;<br \/>\n            position: relative;<br \/>\n            z-index: 2;<br \/>\n        }<\/p>\n<p>        .article-breadcrumb {<br \/>\n            font-size: 14px;<br \/>\n            margin-bottom: 20px;<br \/>\n            opacity: 0.9;<br \/>\n        }<\/p>\n<p>        .article-breadcrumb a {<br \/>\n            color: white;<br \/>\n            text-decoration: none;<br \/>\n        }<\/p>\n<p>        .article-category {<br \/>\n            display: inline-block;<br \/>\n            background: var(--dynseo-pink);<br \/>\n            color: white;<br \/>\n            padding: 8px 16px;<br \/>\n            border-radius: 20px;<br \/>\n            font-size: 14px;<br \/>\n            font-weight: 600;<br \/>\n            margin-bottom: 20px;<br \/>\n            text-transform: uppercase;<br \/>\n            letter-spacing: 0.5px;<br \/>\n        }<\/p>\n<p>        .article-hero h1 {<br \/>\n            font-family: 'Montserrat', sans-serif;<br \/>\n            font-size: clamp(2rem, 4vw, 3.5rem);<br \/>\n            font-weight: 700;<br \/>\n            line-height: 1.2;<br \/>\n            margin-bottom: 20px;<br \/>\n        }<\/p>\n<p>        .hl {<br \/>\n            background: linear-gradient(120deg, var(--dynseo-yellow) 0%, var(--dynseo-teal) 100%);<br \/>\n            -webkit-background-clip: text;<br \/>\n            -webkit-text-fill-color: transparent;<br \/>\n            background-clip: text;<br \/>\n            font-weight: 700;<br \/>\n        }<\/p>\n<p>        .article-meta {<br \/>\n            display: flex;<br \/>\n            flex-wrap: wrap;<br \/>\n            gap: 20px;<br \/>\n            margin-bottom: 30px;<br \/>\n            font-size: 14px;<br \/>\n        }<\/p>\n<p>        .article-meta span {<br \/>\n            display: flex;<br \/>\n            align-items: center;<br \/>\n            gap: 5px;<br \/>\n        }<\/p>\n<p>        .stars {<br \/>\n            display: flex;<br \/>\n            align-items: center;<br \/>\n            gap: 10px;<br \/>\n        }<\/p>\n<p>        .stars .rating {<br \/>\n            color: var(--dynseo-yellow);<br \/>\n            font-size: 18px;<br \/>\n        }<\/p>\n<p>        .article-hero-curve {<br \/>\n            position: absolute;<br \/>\n            bottom: -1px;<br \/>\n            left: 0;<br \/>\n            width: 100%;<br \/>\n            height: 60px;<br \/>\n            background: white;<br \/>\n            clip-path: ellipse(100% 100% at 50% 100%);<br \/>\n        }<\/p>\n<p>        .article-body {<br \/>\n            background: white;<br \/>\n        }<\/p>\n<p>        .container {<br \/>\n            max-width: 1200px;<br \/>\n            margin: 0 auto;<br \/>\n            padding: 0 20px;<br \/>\n        }<\/p>\n<p>        .intro-block {<br \/>\n            background: var(--bg-light);<br \/>\n            padding: 40px;<br \/>\n            border-radius: 20px;<br \/>\n            margin: 40px 0;<br \/>\n            font-size: 18px;<br \/>\n            line-height: 1.7;<br \/>\n            border-left: 5px solid var(--dynseo-blue);<br \/>\n        }<\/p>\n<p>        .stats-grid {<br \/>\n            display: grid;<br \/>\n            grid-template-columns: repeat(auto-fit, minmax(250px, 1fr));<br \/>\n            gap: 30px;<br \/>\n            margin: 60px 0;<br \/>\n        }<\/p>\n<p>        .stat-card {<br \/>\n            background: white;<br \/>\n            padding: 30px;<br \/>\n            border-radius: 20px;<br \/>\n            text-align: center;<br \/>\n            box-shadow: 0 10px 30px rgba(94, 94, 215, 0.1);<br \/>\n            border: 2px solid transparent;<br \/>\n            transition: all 0.3s ease;<br \/>\n        }<\/p>\n<p>        .stat-card:hover {<br \/>\n            border-color: var(--dynseo-teal);<br \/>\n            transform: translateY(-5px);<br \/>\n        }<\/p>\n<p>        .stat-card .number {<br \/>\n            font-family: 'Montserrat', sans-serif;<br \/>\n            font-size: 3rem;<br \/>\n            font-weight: 700;<br \/>\n            color: var(--dynseo-blue);<br \/>\n            margin-bottom: 10px;<br \/>\n            display: block;<br \/>\n        }<\/p>\n<p>        .stat-card .label {<br \/>\n            font-size: 16px;<br \/>\n            color: var(--text-light);<br \/>\n            font-weight: 500;<br \/>\n        }<\/p>\n<p>        h2 {<br \/>\n            font-family: 'Montserrat', sans-serif;<br \/>\n            font-size: 2.2rem;<br \/>\n            font-weight: 700;<br \/>\n            color: var(--dynseo-blue);<br \/>\n            margin: 60px 0 30px;<br \/>\n            position: relative;<br \/>\n            padding-left: 20px;<br \/>\n        }<\/p>\n<p>        h2::before {<br \/>\n            content: '';<br \/>\n            position: absolute;<br \/>\n            left: 0;<br \/>\n            top: 0;<br \/>\n            bottom: 0;<br \/>\n            width: 5px;<br \/>\n            background: linear-gradient(135deg, var(--dynseo-pink), var(--dynseo-yellow));<br \/>\n            border-radius: 3px;<br \/>\n        }<\/p>\n<p>        h3 {<br \/>\n            font-family: 'Montserrat', sans-serif;<br \/>\n            font-size: 1.5rem;<br \/>\n            font-weight: 600;<br \/>\n            color: var(--dynseo-blue-dark);<br \/>\n            margin: 30px 0 15px;<br \/>\n        }<\/p>\n<p>        p {<br \/>\n            margin-bottom: 20px;<br \/>\n            font-size: 16px;<br \/>\n            line-height: 1.7;<br \/>\n        }<\/p>\n<p>        .conseil-card {<br \/>\n            background: linear-gradient(135deg, var(--dynseo-teal), var(--dynseo-yellow));<br \/>\n            padding: 30px;<br \/>\n            border-radius: 20px;<br \/>\n            margin: 30px 0;<br \/>\n            position: relative;<br \/>\n        }<\/p>\n<p>        .conseil-card::before {<br \/>\n            content: \"\ud83d\udca1\";<br \/>\n            position: absolute;<br \/>\n            top: -15px;<br \/>\n            left: 30px;<br \/>\n            background: white;<br \/>\n            width: 40px;<br \/>\n            height: 40px;<br \/>\n            border-radius: 50%;<br \/>\n            display: flex;<br \/>\n            align-items: center;<br \/>\n            justify-content: center;<br \/>\n            font-size: 20px;<br \/>\n            box-shadow: 0 5px 15px rgba(0,0,0,0.1);<br \/>\n        }<\/p>\n<p>        .conseil-card h4 {<br \/>\n            font-family: 'Montserrat', sans-serif;<br \/>\n            font-size: 1.3rem;<br \/>\n            font-weight: 600;<br \/>\n            margin-bottom: 15px;<br \/>\n            color: var(--dynseo-blue-dark);<br \/>\n        }<\/p>\n<p>        .key-points {<br \/>\n            background: var(--bg-light);<br \/>\n            padding: 30px;<br \/>\n            border-radius: 15px;<br \/>\n            margin: 30px 0;<br \/>\n        }<\/p>\n<p>        .key-points h4 {<br \/>\n            font-family: 'Montserrat', sans-serif;<br \/>\n            font-size: 1.2rem;<br \/>\n            font-weight: 600;<br \/>\n            color: var(--dynseo-blue);<br \/>\n            margin-bottom: 20px;<br \/>\n        }<\/p>\n<p>        .key-points ul {<br \/>\n            list-style: none;<br \/>\n            padding-left: 0;<br \/>\n        }<\/p>\n<p>        .key-points li {<br \/>\n            padding: 10px 0;<br \/>\n            padding-left: 30px;<br \/>\n            position: relative;<br \/>\n            border-bottom: 1px solid var(--border-light);<br \/>\n        }<\/p>\n<p>        .key-points li::before {<br \/>\n            content: \"\u2713\";<br \/>\n            position: absolute;<br \/>\n            left: 0;<br \/>\n            top: 10px;<br \/>\n            color: var(--dynseo-pink);<br \/>\n            font-weight: bold;<br \/>\n        }<\/p>\n<p>        .tip-box {<br \/>\n            background: white;<br \/>\n            border-left: 5px solid var(--dynseo-pink);<br \/>\n            padding: 25px;<br \/>\n            margin: 30px 0;<br \/>\n            border-radius: 0 15px 15px 0;<br \/>\n            box-shadow: 0 5px 20px rgba(231, 52, 105, 0.1);<br \/>\n        }<\/p>\n<p>        .tip-box-label {<br \/>\n            background: var(--dynseo-pink);<br \/>\n            color: white;<br \/>\n            padding: 5px 12px;<br \/>\n            border-radius: 15px;<br \/>\n            font-size: 12px;<br \/>\n            font-weight: 600;<br \/>\n            text-transform: uppercase;<br \/>\n            letter-spacing: 0.5px;<br \/>\n            display: inline-block;<br \/>\n            margin-bottom: 15px;<br \/>\n        }<\/p>\n<p>        .expert-box {<br \/>\n            background: linear-gradient(135deg, #f8f9ff 0%, #e8f2ff 100%);<br \/>\n            padding: 35px;<br \/>\n            border-radius: 20px;<br \/>\n            margin: 40px 0;<br \/>\n            position: relative;<br \/>\n            border: 2px solid var(--dynseo-blue);<br \/>\n        }<\/p>\n<p>        .expert-box::before {<br \/>\n            content: \"\ud83d\udc68\u200d\u2695\ufe0f\";<br \/>\n            position: absolute;<br \/>\n            top: -20px;<br \/>\n            left: 35px;<br \/>\n            background: white;<br \/>\n            width: 50px;<br \/>\n            height: 50px;<br \/>\n            border-radius: 50%;<br \/>\n            display: flex;<br \/>\n            align-items: center;<br \/>\n            justify-content: center;<br \/>\n            font-size: 24px;<br \/>\n            border: 3px solid var(--dynseo-blue);<br \/>\n        }<\/p>\n<p>        .expert-box-label {<br \/>\n            background: var(--dynseo-blue);<br \/>\n            color: white;<br \/>\n            padding: 8px 16px;<br \/>\n            border-radius: 20px;<br \/>\n            font-size: 12px;<br \/>\n            font-weight: 600;<br \/>\n            text-transform: uppercase;<br \/>\n            letter-spacing: 0.5px;<br \/>\n            display: inline-block;<br \/>\n            margin-bottom: 15px;<br \/>\n        }<\/p>\n<p>        .expert-box-title {<br \/>\n            font-family: 'Montserrat', sans-serif;<br \/>\n            font-size: 1.4rem;<br \/>\n            font-weight: 700;<br \/>\n            color: var(--dynseo-blue);<br \/>\n            margin-bottom: 20px;<br \/>\n        }<\/p>\n<p>        .expert-inner {<br \/>\n            background: white;<br \/>\n            padding: 25px;<br \/>\n            border-radius: 15px;<br \/>\n            margin-top: 20px;<br \/>\n            box-shadow: 0 5px 15px rgba(94, 94, 215, 0.1);<br \/>\n        }<\/p>\n<p>        .expert-inner-title {<br \/>\n            font-family: 'Montserrat', sans-serif;<br \/>\n            font-size: 1.2rem;<br \/>\n            font-weight: 600;<br \/>\n            color: var(--dynseo-blue-dark);<br \/>\n            margin-bottom: 15px;<br \/>\n        }<\/p>\n<p>        .faq-list {<br \/>\n            margin: 60px 0;<br \/>\n        }<\/p>\n<p>        .faq-item {<br \/>\n            background: white;<br \/>\n            border-radius: 15px;<br \/>\n            margin-bottom: 15px;<br \/>\n            box-shadow: 0 5px 20px rgba(0,0,0,0.05);<br \/>\n            border: 2px solid transparent;<br \/>\n            transition: all 0.3s ease;<br \/>\n        }<\/p>\n<p>        .faq-item:hover, .faq-item.open {<br \/>\n            border-color: var(--dynseo-teal);<br \/>\n        }<\/p>\n<p>        .faq-q {<br \/>\n            padding: 25px;<br \/>\n            cursor: pointer;<br \/>\n            font-weight: 600;<br \/>\n            color: var(--dynseo-blue);<br \/>\n            display: flex;<br \/>\n            justify-content: space-between;<br \/>\n            align-items: center;<br \/>\n            font-family: 'Montserrat', sans-serif;<br \/>\n        }<\/p>\n<p>        .faq-icon {<br \/>\n            background: var(--dynseo-blue);<br \/>\n            color: white;<br \/>\n            width: 30px;<br \/>\n            height: 30px;<br \/>\n            border-radius: 50%;<br \/>\n            display: flex;<br \/>\n            align-items: center;<br \/>\n            justify-content: center;<br \/>\n            font-size: 18px;<br \/>\n            transition: transform 0.3s ease;<br \/>\n        }<\/p>\n<p>        .faq-item.open .faq-icon {<br \/>\n            transform: rotate(45deg);<br \/>\n        }<\/p>\n<p>        .faq-a {<br \/>\n            padding: 0 25px;<br \/>\n            max-height: 0;<br \/>\n            overflow: hidden;<br \/>\n            transition: all 0.3s ease;<br \/>\n        }<\/p>\n<p>        .faq-item.open .faq-a {<br \/>\n            padding: 0 25px 25px;<br \/>\n            max-height: 500px;<br \/>\n        }<\/p>\n<p>        .cta-box {<br \/>\n            background: linear-gradient(135deg, var(--dynseo-blue) 0%, var(--dynseo-blue-dark) 100%);<br \/>\n            color: white;<br \/>\n            padding: 50px;<br \/>\n            border-radius: 25px;<br \/>\n            text-align: center;<br \/>\n            margin: 60px 0;<br \/>\n            position: relative;<br \/>\n            overflow: hidden;<br \/>\n        }<\/p>\n<p>        .cta-box::before {<br \/>\n            content: '';<br \/>\n            position: absolute;<br \/>\n            top: -50%;<br \/>\n            left: -50%;<br \/>\n            width: 200%;<br \/>\n            height: 200%;<br \/>\n            background: radial-gradient(circle, rgba(255,255,255,0.1) 0%, transparent 70%);<br \/>\n            animation: float 6s ease-in-out infinite;<br \/>\n        }<\/p>\n<p>        @keyframes float {<br \/>\n            0%, 100% { transform: translate(-50%, -50%) rotate(0deg); }<br \/>\n            50% { transform: translate(-50%, -50%) rotate(180deg); }<br \/>\n        }<\/p>\n<p>        .cta-box h3 {<br \/>\n            font-family: 'Montserrat', sans-serif;<br \/>\n            font-size: 2rem;<br \/>\n            font-weight: 700;<br \/>\n            margin-bottom: 20px;<br \/>\n            color: white;<br \/>\n        }<\/p>\n<p>        .cta-buttons {<br \/>\n            display: flex;<br \/>\n            gap: 20px;<br \/>\n            justify-content: center;<br \/>\n            flex-wrap: wrap;<br \/>\n            margin-top: 30px;<br \/>\n            position: relative;<br \/>\n            z-index: 2;<br \/>\n        }<\/p>\n<p>        .btn-white {<br \/>\n            background: white;<br \/>\n            color: var(--dynseo-blue);<br \/>\n            padding: 15px 30px;<br \/>\n            border-radius: 25px;<br \/>\n            text-decoration: none;<br \/>\n            font-weight: 600;<br \/>\n            transition: all 0.3s ease;<br \/>\n            border: 2px solid white;<br \/>\n        }<\/p>\n<p>        .btn-white:hover {<br \/>\n            background: transparent;<br \/>\n            color: white;<br \/>\n        }<\/p>\n<p>        .btn-outline {<br \/>\n            background: transparent;<br \/>\n            color: white;<br \/>\n            padding: 15px 30px;<br \/>\n            border-radius: 25px;<br \/>\n            text-decoration: none;<br \/>\n            font-weight: 600;<br \/>\n            border: 2px solid white;<br \/>\n            transition: all 0.3s ease;<br \/>\n        }<\/p>\n<p>        .btn-outline:hover {<br \/>\n            background: white;<br \/>\n            color: var(--dynseo-blue);<br \/>\n        }<\/p>\n<p>        .article-tags {<br \/>\n            display: flex;<br \/>\n            flex-wrap: wrap;<br \/>\n            gap: 15px;<br \/>\n            margin: 60px 0 40px;<br \/>\n            padding: 30px 0;<br \/>\n            border-top: 2px solid var(--bg-light);<br \/>\n        }<\/p>\n<p>        .article-tag {<br \/>\n            background: var(--bg-light);<br \/>\n            color: var(--dynseo-blue);<br \/>\n            padding: 10px 20px;<br \/>\n            border-radius: 20px;<br \/>\n            text-decoration: none;<br \/>\n            font-size: 14px;<br \/>\n            font-weight: 500;<br \/>\n            transition: all 0.3s ease;<br \/>\n        }<\/p>\n<p>        .article-tag:hover {<br \/>\n            background: var(--dynseo-blue);<br \/>\n            color: white;<br \/>\n        }<\/p>\n<p>        @media (max-width: 768px) {<br \/>\n            .article-hero {<br \/>\n                padding: 30px 0 60px;<br \/>\n            }<\/p>\n<p>            .intro-block {<br \/>\n                padding: 25px;<br \/>\n                font-size: 16px;<br \/>\n            }<\/p>\n<p>            .stats-grid {<br \/>\n                grid-template-columns: 1fr;<br \/>\n                gap: 20px;<br \/>\n            }<\/p>\n<p>            h2 {<br \/>\n                font-size: 1.8rem;<br \/>\n            }<\/p>\n<p>            .cta-buttons {<br \/>\n                flex-direction: column;<br \/>\n                align-items: center;<br \/>\n            }<\/p>\n<p>            .article-meta {<br \/>\n                flex-direction: column;<br \/>\n                gap: 10px;<br \/>\n            }<br \/>\n        }<br \/>\n    <\/style>\n<p><\/head><br \/>\n<body><\/p>\n<section class=\"article-hero\">\n<div class=\"article-hero-inner\">\n<div class=\"article-breadcrumb\">\n                <a href=\"\/\">In\u00edcio<\/a> > <a href=\"\/blog\/\">Blog<\/a> > Autismo e sono\n            <\/div>\n<div class=\"article-category\">Apoio ao Autismo<\/div>\n<h1>O autismo e os dist\u00farbios do sono: solu\u00e7\u00f5es para favorecer um <span class=\"hl\">sono reparador<\/span><\/h1>\n<div class=\"article-meta\">\n                <span>\ud83d\udcc5 Abril 2026<\/span><br \/>\n                <span>\u23f1\ufe0f 15 min de leitura<\/span><br \/>\n                <span>\ud83d\udc65 Pais e profissionais<\/span><\/p>\n<div class=\"stars\">\n<div class=\"rating\">\u2b50\u2b50\u2b50\u2b50\u2b50<\/div>\n<p>                    <span>4.8\/5 (247 avalia\u00e7\u00f5es)<\/span>\n                <\/div>\n<\/p><\/div>\n<\/p><\/div>\n<div class=\"article-hero-curve\"><\/div>\n<\/section>\n<div class=\"article-body\">\n<div class=\"container\">\n<div class=\"intro-block\">\n                Os dist\u00farbios do sono afetam at\u00e9 80% das crian\u00e7as com autismo, contra apenas 25% das crian\u00e7as neurot\u00edpicas. Essas dificuldades t\u00eam um impacto significativo no seu desenvolvimento, aprendizado e bem-estar di\u00e1rio. Felizmente, existem solu\u00e7\u00f5es concretas e eficazes para melhorar significativamente a qualidade do sono do seu filho. Descubra neste guia completo como identificar, compreender e tratar os dist\u00farbios do sono relacionados ao autismo, com estrat\u00e9gias personalizadas adaptadas a cada perfil sensorial. Nossos especialistas o acompanham em dire\u00e7\u00e3o a noites mais tranquilas para toda a fam\u00edlia.\n            <\/div>\n<div class=\"stats-grid\">\n<div class=\"stat-card\">\n                    <span class=\"number\">80%<\/span><br \/>\n                    <span class=\"label\">das crian\u00e7as autistas apresentam dist\u00farbios do sono<\/span>\n                <\/div>\n<div class=\"stat-card\">\n                    <span class=\"number\">3h<\/span><br \/>\n                    <span class=\"label\">de sono a menos por noite em m\u00e9dia<\/span>\n                <\/div>\n<div class=\"stat-card\">\n                    <span class=\"number\">65%<\/span><br \/>\n                    <span class=\"label\">de melhoria com uma rotina adaptada<\/span>\n                <\/div>\n<div class=\"stat-card\">\n                    <span class=\"number\">90%<\/span><br \/>\n                    <span class=\"label\">das fam\u00edlias constatam um bem-estar geral<\/span>\n                <\/div>\n<\/p><\/div>\n<h2>1. Compreender os mecanismos do sono no autismo<\/h2>\n<pee>O sono nas crian\u00e7as autistas apresenta particularidades neurobiol\u00f3gicas complexas que explicam a alta frequ\u00eancia dos dist\u00farbios observados. Pesquisas recentes revelam que os disfun\u00e7\u00f5es afetam principalmente a produ\u00e7\u00e3o de melatonina, o horm\u00f4nio regulador do ciclo vig\u00edlia-sono, assim como a organiza\u00e7\u00e3o das fases de sono profundo e paradoxal.<\/pee>\n<pee>As crian\u00e7as autistas frequentemente produzem menos melatonina do que seus pares neurot\u00edpicos, e essa produ\u00e7\u00e3o segue ritmos irregulares. Essa perturba\u00e7\u00e3o hormonal \u00e9 acompanhada de uma hipersensibilidade aos est\u00edmulos ambientais que torna o adormecimento e a manuten\u00e7\u00e3o do sono particularmente dif\u00edceis. As particularidades sensoriais relacionadas ao autismo amplificam essas dificuldades: uma etiqueta de pijama pode se tornar insuport\u00e1vel, um ru\u00eddo leve pode parecer ensurdecedor.<\/pee>\n<pee>A compreens\u00e3o desses mecanismos \u00e9 essencial para adaptar as interven\u00e7\u00f5es. Ao contr\u00e1rio do que se pensa, n\u00e3o se trata simplesmente de &#8220;birras&#8221; ou dificuldades comportamentais, mas sim de diferen\u00e7as neurobiol\u00f3gicas que exigem uma abordagem espec\u00edfica e gentil.<\/pee>\n<div class=\"conseil-card\">\n<h4>Conselho de especialista<\/h4>\n<pee>Mantenha um di\u00e1rio de sono detalhado por pelo menos duas semanas antes de iniciar qualquer interven\u00e7\u00e3o. Anote os hor\u00e1rios de dormir e acordar, os despertares noturnos, o humor ao acordar e todos os fatores ambientais. Esta documenta\u00e7\u00e3o ser\u00e1 valiosa para identificar os padr\u00f5es espec\u00edficos do seu filho.<\/pee>\n            <\/div>\n<div class=\"key-points\">\n<h4>Pontos-chave a reter<\/h4>\n<ul>\n<li>A produ\u00e7\u00e3o de melatonina \u00e9 frequentemente perturbada em crian\u00e7as autistas<\/li>\n<li>A hipersensibilidade sensorial complica o adormecimento<\/li>\n<li>Cada crian\u00e7a apresenta um perfil \u00fanico de dificuldades<\/li>\n<li>Uma abordagem personalizada \u00e9 indispens\u00e1vel<\/li>\n<\/ul><\/div>\n<h2>2. Identificar os diferentes tipos de dist\u00farbios do sono<\/h2>\n<pee>A ins\u00f4nia representa o dist\u00farbio mais frequente em crian\u00e7as autistas, afetando cerca de 75% delas. Ela se manifesta por dificuldades de adormecer que podem durar v\u00e1rias horas, despertares noturnos frequentes com impossibilidade de voltar a dormir, ou despertares precoces por volta das 4h ou 5h da manh\u00e3. Essas perturba\u00e7\u00f5es criam um ciclo vicioso: a fadiga acumula estresse e irritabilidade, tornando o sono seguinte ainda mais dif\u00edcil.<\/pee>\n<pee>Os pesadelos e terrores noturnos tamb\u00e9m s\u00e3o mais frequentes nessa popula\u00e7\u00e3o. As crian\u00e7as autistas podem ter dificuldades em distinguir o sonho da realidade, o que intensifica a ansiedade relacionada ao momento de dormir. Os terrores noturnos, diferentes dos pesadelos, ocorrem no in\u00edcio da noite e deixam a crian\u00e7a em um estado de confus\u00e3o intensa, frequentemente acompanhada de gritos e agita\u00e7\u00e3o motora.<\/pee>\n<pee>Os dist\u00farbios respirat\u00f3rios do sono, notadamente a apneia obstrutiva, afetam mais as crian\u00e7as autistas do que a popula\u00e7\u00e3o geral. Essas interrup\u00e7\u00f5es respirat\u00f3rias fragmentam o sono e podem explicar alguns dist\u00farbios comportamentais diurnos. A hiperatividade matinal ou, ao contr\u00e1rio, a sonol\u00eancia excessiva podem ser sinais de alerta.<\/pee>\n<div class=\"tip-box\">\n<div class=\"tip-box-label\">Dica pr\u00e1tica<\/div>\n<pee>Use um aplicativo m\u00f3vel ou um caderno de papel para documentar precisamente os dist\u00farbios observados. Fotografe o quarto em diferentes momentos, registre os ru\u00eddos ambientes: esses elementos ajudar\u00e3o os profissionais a entender melhor o ambiente de sono do seu filho.<\/pee>\n            <\/div>\n<pee>Os dist\u00farbios do ritmo circadiano constituem outra categoria importante. O rel\u00f3gio biol\u00f3gico interno da crian\u00e7a autista pode estar completamente desalinhado em rela\u00e7\u00e3o ao ritmo dia-noite convencional. Algumas crian\u00e7as s\u00e3o naturalmente muito matutinas (s\u00edndrome de avan\u00e7o de fase), outras s\u00e3o verdadeiros not\u00edvagos (s\u00edndrome de atraso de fase). Esses desalinhamentos n\u00e3o s\u00e3o escolhas comportamentais, mas realidades neurobiol\u00f3gicas.<\/pee>\n<div class=\"expert-box\">\n<div class=\"expert-box-label\">Especializa\u00e7\u00e3o cl\u00ednica<\/div>\n<div class=\"expert-box-title\">Classifica\u00e7\u00e3o dos dist\u00farbios segundo a idade<\/div>\n<pee>As manifesta\u00e7\u00f5es dos dist\u00farbios do sono evoluem com a idade. Em crian\u00e7as pequenas (2-5 anos), observam-se principalmente dificuldades de adormecer e despertares noturnos. Em crian\u00e7as em idade escolar (6-12 anos), os dist\u00farbios do ritmo circadiano tornam-se mais acentuados, frequentemente exacerbados pelas exig\u00eancias escolares.<\/pee>\n<div class=\"expert-inner\">\n<div class=\"expert-inner-title\">Particularidades adolescentes<\/div>\n<pee>Na adolesc\u00eancia, os dist\u00farbios se complexificam com as mudan\u00e7as hormonais naturais que retardam fisiologicamente o adormecimento. Essa tend\u00eancia natural, combinada \u00e0s particularidades do autismo, pode criar desajustes de sono muito importantes que necessitam de acompanhamento especializado.<\/pee>\n                <\/div>\n<\/p><\/div>\n<h2>3. A import\u00e2ncia crucial de uma rotina de sono estruturada<\/h2>\n<pee>A previsibilidade e a estrutura s\u00e3o necessidades fundamentais para as crian\u00e7as autistas, particularmente no que diz respeito ao sono. Uma rotina de dormir bem estabelecida age como um sinal poderoso para o c\u00e9rebro, informando-o que \u00e9 hora de se preparar para o descanso. Essa rotina deve come\u00e7ar idealmente 60 a 90 minutos antes do hor\u00e1rio de dormir desejado e incluir uma sequ\u00eancia de atividades calmantes e previs\u00edveis.<\/pee>\n<pee>A constru\u00e7\u00e3o dessa rotina requer uma abordagem progressiva e paciente. Comece identificando as atividades que seu filho acha naturalmente calmantes: alguns adoram banhos mornos, outros preferem massagens suaves ou ouvir m\u00fasica relaxante. O importante \u00e9 criar uma sequ\u00eancia personalizada que respeite as prefer\u00eancias sensoriais do seu filho, ao mesmo tempo que favorece o relaxamento.<\/pee>\n<pee>A regularidade dos hor\u00e1rios \u00e9 absolutamente crucial. As crian\u00e7as autistas se beneficiam muito de hor\u00e1rios fixos para dormir e acordar, mesmo nos fins de semana. Essa regularidade ajuda a sincronizar seu rel\u00f3gio biol\u00f3gico interno e facilita o adormecimento natural. Um desvio de mais de 30 minutos pode ser suficiente para perturbar todo o ciclo.<\/pee>\n<div class=\"conseil-card\">\n<h4>Rotina tipo adaptada ao autismo<\/h4>\n<pee><strong>19h00 :<\/strong> Fim das atividades estimulantes, diminui\u00e7\u00e3o da ilumina\u00e7\u00e3o<!\u2013- [et_pb_br_holder] -\u2013><br \/>\n                <strong>19h30 :<\/strong> Banho morno (temperatura constante, dura\u00e7\u00e3o previs\u00edvel)<!\u2013- [et_pb_br_holder] -\u2013><br \/>\n                <strong>20h00 :<\/strong> Pijama e cuidados corporais (mesma ordem todas as noites)<!\u2013- [et_pb_br_holder] -\u2013><br \/>\n                <strong>20h15 :<\/strong> Atividade calma na cama (leitura, m\u00fasica suave)<!\u2013- [et_pb_br_holder] -\u2013><br \/>\n                <strong>20h45 :<\/strong> Ritual de boa noite (mesma frase, mesmo gesto)<!\u2013- [et_pb_br_holder] -\u2013><br \/>\n                <strong>21h00 :<\/strong> Apagar as luzes, in\u00edcio do sono<\/pee>\n            <\/div>\n<pee>A utiliza\u00e7\u00e3o de suportes visuais refor\u00e7a a efic\u00e1cia da rotina. Crie um quadro com pictogramas representando cada etapa: escova de dentes, pijama, hist\u00f3ria, sono. A crian\u00e7a pode marcar ou virar cada imagem uma vez que a etapa for conclu\u00edda, dando-lhe uma sensa\u00e7\u00e3o de controle e sucesso. Essa abordagem visual \u00e9 particularmente ben\u00e9fica para as crian\u00e7as autistas que frequentemente processam melhor a informa\u00e7\u00e3o visual do que a auditiva.<\/pee>\n<div class=\"key-points\">\n<h4>Elementos essenciais de uma rotina eficaz<\/h4>\n<ul>\n<li>In\u00edcio 60-90 minutos antes da hora de dormir desejada<\/li>\n<li>Sequ\u00eancia id\u00eantica todas as noites, mesma ordem das atividades<\/li>\n<li>Hor\u00e1rios fixos, mesmo nos fins de semana e feriados<\/li>\n<li>Suportes visuais para materializar as etapas<\/li>\n<li>Atividades adaptadas ao perfil sensorial da crian\u00e7a<\/li>\n<li>Ambiente previs\u00edvel e seguro<\/li>\n<\/ul><\/div>\n<h2>4. Otimizar o ambiente de sono de acordo com o perfil sensorial<\/h2>\n<pee>O ambiente de sono desempenha um papel determinante na qualidade do descanso das crian\u00e7as autistas. Suas particularidades sensoriais exigem aten\u00e7\u00e3o especial a cada elemento do quarto: temperatura, ilumina\u00e7\u00e3o, sons, texturas e at\u00e9 mesmo odores podem influenciar significativamente sua capacidade de adormecer e manter um sono reparador.<\/pee>\n<pee>A temperatura ideal est\u00e1 entre 18 e 20\u00b0C, mas algumas crian\u00e7as autistas s\u00e3o particularmente sens\u00edveis \u00e0s varia\u00e7\u00f5es t\u00e9rmicas. Invista em um term\u00f4metro de quarto preciso e mantenha uma temperatura constante. Os materiais dos len\u00e7\u00f3is e cobertores devem ser escolhidos de acordo com as prefer\u00eancias t\u00e1teis: algumas crian\u00e7as preferem texturas lisas como o cetim, outras buscam texturas mais \u00e1speras. As cobertas pesadas podem proporcionar um conforto sensorial not\u00e1vel para as crian\u00e7as em busca de propriocep\u00e7\u00e3o.<\/pee>\n<pee>A ilumina\u00e7\u00e3o requer uma abordagem gradual. Instale dimmers que permitam diminuir progressivamente a intensidade da luz \u00e0 noite, imitando o p\u00f4r do sol natural. As luzes noturnas devem emitir uma luz quente e suave, evitando absolutamente LEDs azuis que perturbam a produ\u00e7\u00e3o de melatonina. Algumas crian\u00e7as precisam de escurid\u00e3o total, outras se sentem confort\u00e1veis com uma baixa luminosidade constante.<\/pee>\n<div class=\"tip-box\">\n<div class=\"tip-box-label\">Inova\u00e7\u00e3o tecnol\u00f3gica<\/div>\n<pee>Aplicativos como <a href=\"https:\/\/www.dynseo.com\/pt-pt\/coco-pensa-e-coco-se-mexe\/\" style=\"color: var(--dynseo-blue); font-weight: 600;\">COCO PENSA e COCO SE MEXE<\/a> incluem exerc\u00edcios de relaxamento e respira\u00e7\u00e3o que podem ser integrados \u00e0 rotina de dormir. Essas ferramentas digitais oferecem uma abordagem l\u00fadica para aprender a relaxar, particularmente apreciada por crian\u00e7as autistas que muitas vezes t\u00eam uma afinidade natural com as tecnologias.<\/pee>\n            <\/div>\n<pee>A gest\u00e3o sonora \u00e9 crucial, mas complexa. Algumas crian\u00e7as autistas s\u00e3o hipersens\u00edveis ao menor ru\u00eddo: o tic-tac de um rel\u00f3gio, os passos no apartamento de cima, ou mesmo os sons do tr\u00e1fego podem mant\u00ea-las acordadas. Outras, ao contr\u00e1rio, precisam de um ru\u00eddo de fundo constante para adormecer. M\u00e1quinas de ru\u00eddo branco, ventiladores ou difusores de sons da natureza podem ser aliados valiosos.<\/pee>\n<div class=\"expert-box\">\n<div class=\"expert-box-label\">Pesquisa cient\u00edfica<\/div>\n<div class=\"expert-box-title\">Perfis sensoriais e estrat\u00e9gias de adapta\u00e7\u00e3o<\/div>\n<pee>A pesquisa distingue tr\u00eas perfis sensoriais principais em crian\u00e7as autistas: hipossens\u00edveis (buscam estimula\u00e7\u00f5es), hipersens\u00edveis (evitam estimula\u00e7\u00f5es) e mistos (alternam conforme os contextos). Cada perfil exige adapta\u00e7\u00f5es ambientais espec\u00edficas.<\/pee>\n<div class=\"expert-inner\">\n<div class=\"expert-inner-title\">Adapta\u00e7\u00f5es por perfil sensorial<\/div>\n<pee><strong>Hipossens\u00edvel :<\/strong> Coberturas pesadas, colch\u00f5es firmes, m\u00fasica r\u00edtmica suave<!\u2013- [et_pb_br_holder] -\u2013><br \/>\n                    <strong>Hipersens\u00edvel :<\/strong> Tecidos ultra-macios, sil\u00eancio total ou ru\u00eddo branco, temperatura rigorosamente controlada<!\u2013- [et_pb_br_holder] -\u2013><br \/>\n                    <strong>Misto :<\/strong> Op\u00e7\u00f5es m\u00faltiplas dispon\u00edveis conforme as necessidades do momento<\/pee>\n                <\/div>\n<\/p><\/div>\n<h2>5. Estrat\u00e9gias de relaxamento e atividades pr\u00e9-sono adaptadas<\/h2>\n<pee>As t\u00e9cnicas de relaxamento adaptadas para crian\u00e7as com autismo diferem significativamente daquelas utilizadas com crian\u00e7as neurot\u00edpicas. \u00c9 essencial respeitar suas modalidades sensoriais preferenciais e sua necessidade de previsibilidade. A respira\u00e7\u00e3o profunda pode ser ensinada de maneira l\u00fadica: imaginar inflar um bal\u00e3o na barriga, sentir uma flor e depois soprar uma vela, ou ainda usar aplicativos interativos que visualizam o ritmo respirat\u00f3rio.<\/pee>\n<pee>A relaxa\u00e7\u00e3o muscular progressiva, t\u00e9cnica que consiste em contrair e depois relaxar diferentes grupos musculares, pode ser particularmente ben\u00e9fica para crian\u00e7as autistas que \u00e0s vezes t\u00eam dificuldades em perceber as tens\u00f5es corporais. Transforme essa t\u00e9cnica em jogo: apertar os punhos como esponjas que se espreme, e depois solt\u00e1-los como penas que caem. Essa abordagem metaf\u00f3rica facilita a compreens\u00e3o e a ades\u00e3o.<\/pee>\n<pee>As massagens suaves podem constituir um momento privilegiado de relaxamento, desde que se respeitem os limites sensoriais da crian\u00e7a. Alguns apreciam press\u00f5es firmes nas costas ou nos bra\u00e7os, outros preferem car\u00edcias leves. O uso de \u00f3leos essenciais relaxantes (lavanda, camomila) pode refor\u00e7ar o efeito calmante, mas sempre teste a toler\u00e2ncia olfativa previamente.<\/pee>\n<div class=\"conseil-card\">\n<h4>Atividades pr\u00e9-sono recomendadas<\/h4>\n<pee>Priorize atividades sensoriais calmantes, como a manipula\u00e7\u00e3o de areia cin\u00e9tica, quebra-cabe\u00e7as simples, colorir com l\u00e1pis macios ou ouvir hist\u00f3rias em \u00e1udio. Os jogos de constru\u00e7\u00e3o tipo Lego podem ser relaxantes para algumas crian\u00e7as, mas certifique-se de escolher modelos simples para evitar frustra\u00e7\u00f5es.<\/pee>\n            <\/div>\n<pee>A leitura compartilhada continua sendo um grande cl\u00e1ssico, mas adapte a escolha dos livros. Evite hist\u00f3rias muito estimulantes ou ansiosas. Priorize narrativas previs\u00edveis, com finais felizes e reconfortantes. Livros com texturas para tocar ou elementos repetitivos podem cativar a aten\u00e7\u00e3o enquanto favorecem o relaxamento. Mantenha um ritmo de leitura lento e uma entona\u00e7\u00e3o suave.<\/pee>\n<div class=\"key-points\">\n<h4>T\u00e9cnicas de relaxamento eficazes<\/h4>\n<ul>\n<li>Respira\u00e7\u00e3o guiada com suportes visuais ou auditivos<\/li>\n<li>Relaxamento muscular progressivo adaptado em jogo<\/li>\n<li>Massagens respeitosas dos limites sensoriais<\/li>\n<li>M\u00fasica ou sons calmantes personalizados<\/li>\n<li>Visualiza\u00e7\u00e3o positiva com imagens simples<\/li>\n<li>Atividades sensoriais calmantes<\/li>\n<\/ul><\/div>\n<h2>6. Gerenciar a exposi\u00e7\u00e3o \u00e0s telas e \u00e0 luz azul<\/h2>\n<pee>A luz azul emitida pelas telas \u00e9 um dos perturbadores mais significativos do sono, particularmente em crian\u00e7as autistas, cujo sistema de regula\u00e7\u00e3o circadiana j\u00e1 \u00e9 frequentemente fr\u00e1gil. Essa luz inibe a produ\u00e7\u00e3o natural de melatonina por at\u00e9 tr\u00eas horas ap\u00f3s a exposi\u00e7\u00e3o, retardando consideravelmente o adormecimento. Para as crian\u00e7as autistas que podem ter uma rela\u00e7\u00e3o intensa com as tecnologias, essa problem\u00e1tica requer uma abordagem gradual e gentil.<\/pee>\n<pee>A implementa\u00e7\u00e3o de um &#8220;toque de recolher digital&#8221; duas horas antes de dormir representa o objetivo ideal, mas pode ser dif\u00edcil de implementar abruptamente. Comece reduzindo gradualmente: 30 minutos na primeira semana, depois uma hora, at\u00e9 alcan\u00e7ar as duas horas recomendadas. Durante esse per\u00edodo de transi\u00e7\u00e3o, use filtros de luz azul em todos os dispositivos ou \u00f3culos especializados se a interrup\u00e7\u00e3o total ainda n\u00e3o for poss\u00edvel.<\/pee>\n<pee>Substitua gradualmente o tempo de tela por atividades alternativas igualmente cativantes. As crian\u00e7as autistas costumam apreciar atividades repetitivas e previs\u00edveis: quebra-cabe\u00e7as, colorir detalhes, constru\u00e7\u00e3o de modelos ou manipula\u00e7\u00e3o de objetos sensoriais. O importante \u00e9 manter um n\u00edvel de engajamento semelhante para evitar a frustra\u00e7\u00e3o relacionada \u00e0 falta de estimula\u00e7\u00e3o.<\/pee>\n<div class=\"tip-box\">\n<div class=\"tip-box-label\">Solu\u00e7\u00e3o tecnol\u00f3gica<\/div>\n<pee>O aplicativo <a href=\"https:\/\/www.dynseo.com\/pt-pt\/coco-pensa-e-coco-se-mexe\/\" style=\"color: var(--dynseo-blue); font-weight: 600;\">COCO PENSA e COCO SE MEXE<\/a> integra um sistema de pausas obrigat\u00f3rias a cada 15 minutos, ajudando naturalmente a regular a exposi\u00e7\u00e3o \u00e0s telas. Essas pausas incluem atividades f\u00edsicas leves que podem se integrar perfeitamente em uma rotina de pr\u00e9-sono, criando uma transi\u00e7\u00e3o natural entre atividade digital e relaxamento.<\/pee>\n            <\/div>\n<pee>Para as crian\u00e7as muito ligadas \u00e0s suas telas, o uso de temporizadores visuais pode facilitar a transi\u00e7\u00e3o. Esses instrumentos permitem que a crian\u00e7a visualize o tempo restante e se prepare mentalmente para a interrup\u00e7\u00e3o da atividade. Associe sistematicamente o fim do tempo de tela a uma atividade prazerosa para evitar que esse momento se torne fonte de conflito.<\/pee>\n<div class=\"expert-box\">\n<div class=\"expert-box-label\">Pesquisa neurobiol\u00f3gica<\/div>\n<div class=\"expert-box-title\">Impacto espec\u00edfico da luz azul no autismo<\/div>\n<pee>Estudos recentes mostram que crian\u00e7as autistas apresentam uma sensibilidade particular \u00e0 luz azul, com um impacto na melatonina que pode persistir por at\u00e9 4 horas ap\u00f3s a exposi\u00e7\u00e3o. Essa hipersensibilidade se explica por diferen\u00e7as no funcionamento das c\u00e9lulas ganglionares retinianas.<\/pee>\n<div class=\"expert-inner\">\n<div class=\"expert-inner-title\">Recomenda\u00e7\u00f5es adaptadas<\/div>\n<pee>Utilize l\u00e2mpadas de espectro quente (2700K no m\u00e1ximo) a partir das 18h, ative os modos &#8220;noite&#8221; em todos os aparelhos e priorize a ilumina\u00e7\u00e3o indireta \u00e0 noite. Essas medidas ajudam a preservar a produ\u00e7\u00e3o natural de melatonina.<\/pee>\n                <\/div>\n<\/p><\/div>\n<h2>7. O papel essencial da atividade f\u00edsica e da regula\u00e7\u00e3o sensorial<\/h2>\n<pee>A atividade f\u00edsica desempenha um papel fundamental na regula\u00e7\u00e3o do sono, particularmente em crian\u00e7as com autismo que podem apresentar necessidades sensoriais e motoras espec\u00edficas. Um exerc\u00edcio regular e adaptado ajuda a liberar tens\u00f5es, regular o humor e sincronizar o rel\u00f3gio biol\u00f3gico interno. No entanto, o momento e o tipo de atividade s\u00e3o cruciais: uma atividade muito intensa ou muito tardia pode ter o efeito oposto e atrasar o sono.<\/pee>\n<pee>As atividades proprioceptivas, que estimulam a percep\u00e7\u00e3o da posi\u00e7\u00e3o do corpo no espa\u00e7o, s\u00e3o particularmente ben\u00e9ficas. Elas incluem exerc\u00edcios com resist\u00eancia: carregar objetos pesados, empurrar ou puxar cargas, escalar ou ainda jogos de luta suave. Essas atividades proporcionam um efeito calmante duradouro sobre o sistema nervoso e favorecem um sono mais profundo. Planeje essas atividades preferencialmente no final da tarde, pelo menos tr\u00eas horas antes de dormir.<\/pee>\n<pee>As atividades vestibulares, que estimulam o equil\u00edbrio e a percep\u00e7\u00e3o do movimento, tamb\u00e9m podem contribuir para a regula\u00e7\u00e3o sensorial. Balan\u00e7os, trampolins, patinetes ou bicicletas oferecem estimula\u00e7\u00f5es que ajudam algumas crian\u00e7as autistas a regular melhor seu n\u00edvel de alerta. Observe atentamente as rea\u00e7\u00f5es do seu filho: alguns ficar\u00e3o calmos com esses movimentos, outros, ao contr\u00e1rio, superexcitados.<\/pee>\n<div class=\"conseil-card\">\n<h4>Programa de atividade f\u00edsica adaptado<\/h4>\n<pee><strong>Manh\u00e3:<\/strong> Atividades din\u00e2micas (corrida, salto, bicicleta)<!\u2013- [et_pb_br_holder] -\u2013><br \/>\n                <strong>\u00c0 tarde:<\/strong> Atividades proprioceptivas (carregamento, escalada, jogos de resist\u00eancia)<!\u2013- [et_pb_br_holder] -\u2013><br \/>\n                <strong>In\u00edcio da noite:<\/strong> Atividades suaves (caminhada, alongamentos, yoga adaptado)<!\u2013- [et_pb_br_holder] -\u2013><br \/>\n                <strong>2h antes de dormir:<\/strong> Parada das atividades estimulantes, espa\u00e7o para atividades calmantes<\/pee>\n            <\/div>\n<pee>A integra\u00e7\u00e3o de atividades sensoriais espec\u00edficas pode melhorar muito a prepara\u00e7\u00e3o para o sono. Banhos sensoriais com diferentes texturas, jogos de manipula\u00e7\u00e3o (massinha, areia cin\u00e9tica) ou atividades de classifica\u00e7\u00e3o e organiza\u00e7\u00e3o frequentemente proporcionam um efeito calmante. Essas atividades permitem que a crian\u00e7a satisfa\u00e7a suas necessidades sensoriais de maneira controlada e previs\u00edvel.<\/pee>\n<div class=\"key-points\">\n<h4>Benef\u00edcios da atividade f\u00edsica sobre o sono<\/h4>\n<ul>\n<li>Regula\u00e7\u00e3o natural do ritmo circadiano<\/li>\n<li>Redu\u00e7\u00e3o da ansiedade e do estresse<\/li>\n<li>Melhoria da qualidade do sono profundo<\/li>\n<li>Satisfa\u00e7\u00e3o das necessidades sensoriais<\/li>\n<li>Elimina\u00e7\u00e3o da energia acumulada<\/li>\n<li>Fortalecimento da autoestima<\/li>\n<\/ul><\/div>\n<pee>A utiliza\u00e7\u00e3o de aplicativos como <a href=\"https:\/\/www.dynseo.com\/pt-pt\/coco-pensa-e-coco-se-mexe\/\" style=\"color: var(--dynseo-blue); font-weight: 600;\">COCO PENSA e COCO SE MEXE<\/a> pode facilitar a integra\u00e7\u00e3o de atividades f\u00edsicas regulares no dia a dia. Essas ferramentas oferecem exerc\u00edcios adaptados para crian\u00e7as com autismo, com pausas ativas que quebram naturalmente os per\u00edodos sedent\u00e1rios e incentivam o movimento ao longo do dia.<\/pee>\n<h2>8. Compreender e tratar a ansiedade relacionada ao sono<\/h2>\n<pee>A ansiedade noturna \u00e9 um dos principais obst\u00e1culos para um sono tranquilo em crian\u00e7as com autismo. Essa ansiedade pode ter diversas origens: medo do escuro, ang\u00fastia de separa\u00e7\u00e3o, preocupa\u00e7\u00f5es relacionadas \u00e0s mudan\u00e7as do dia seguinte, ou simplesmente apreens\u00e3o em rela\u00e7\u00e3o \u00e0 perda de controle que o adormecer implica. Identificar precisamente as fontes de ansiedade do seu filho \u00e9 o primeiro passo para solu\u00e7\u00f5es eficazes.<\/pee>\n<pee>O medo do escuro requer uma abordagem gradual. Em vez de impor uma escurid\u00e3o total, crie um ambiente reconfortante com ilumina\u00e7\u00f5es suaves e previs\u00edveis. As luzes noturnas com intensidade vari\u00e1vel permitem diminuir gradualmente a luminosidade ao longo de v\u00e1rias semanas. Algumas crian\u00e7as se sentem mais seguras mantendo a porta entreaberta ou tendo um objeto luminoso familiar por perto.<\/pee>\n<pee>A ang\u00fastia de separa\u00e7\u00e3o pode ser acalmada por objetos de transi\u00e7\u00e3o personalizados: uma roupa com o cheiro de um dos pais, uma foto de fam\u00edlia perto da cama, ou uma grava\u00e7\u00e3o de voz de pessoas familiares. Esses elementos mant\u00eam simbolicamente a presen\u00e7a parental enquanto favorecem a autonomia gradual. No entanto, evite criar uma depend\u00eancia excessiva da sua presen\u00e7a f\u00edsica.<\/pee>\n<div class=\"tip-box\">\n<div class=\"tip-box-label\">T\u00e9cnica de dessensibiliza\u00e7\u00e3o<\/div>\n<pee>Para reduzir a ansiedade relacionada ao sono, pratique a &#8220;subida das escadas para o sono&#8221;: a cada noite, diminua ligeiramente sua presen\u00e7a no quarto. Comece sentado perto da cama, depois em uma cadeira mais distante, depois na soleira da porta, at\u00e9 poder dizer boa noite do corredor.<\/pee>\n            <\/div>\n<pee>As preocupa\u00e7\u00f5es sobre o dia seguinte podem ser acalmadas por rituais de prepara\u00e7\u00e3o e antecipa\u00e7\u00e3o. Crie juntos um planejamento visual do dia seguinte, discuta as atividades previstas, prepare as roupas e os materiais necess\u00e1rios. Essa prepara\u00e7\u00e3o reduz a incerteza e permite que a crian\u00e7a se projete tranquilamente no sono.<\/pee>\n<div class=\"expert-box\">\n<div class=\"expert-box-label\">Abordagem terap\u00eautica<\/div>\n<div class=\"expert-box-title\">T\u00e9cnicas cognitivo-comportamentais adaptadas<\/div>\n<pee>As terapias cognitivo-comportamentais podem ser adaptadas para crian\u00e7as com autismo para tratar a ansiedade noturna. Essas abordagens incluem a reestrutura\u00e7\u00e3o cognitiva (substituir pensamentos ansiosos por pensamentos positivos), a relaxa\u00e7\u00e3o progressiva e a exposi\u00e7\u00e3o gradual a situa\u00e7\u00f5es ansiosas.<\/pee>\n<div class=\"expert-inner\">\n<div class=\"expert-inner-title\">Ferramentas pr\u00e1ticas<\/div>\n<pee>Utilize suportes visuais para materializar os pensamentos: caixa de preocupa\u00e7\u00f5es para &#8220;organizar&#8221; as preocupa\u00e7\u00f5es, cart\u00f5es de pensamentos positivos para repetir, ou quadro de conquistas para refor\u00e7ar a autoconfian\u00e7a. Essas ferramentas concretas facilitam a compreens\u00e3o e a aplica\u00e7\u00e3o das t\u00e9cnicas.<\/pee>\n                <\/div>\n<\/p><\/div>\n<h2>9. Nutri\u00e7\u00e3o e hidrata\u00e7\u00e3o: impacto na qualidade do sono<\/h2>\n<pee>A alimenta\u00e7\u00e3o desempenha um papel muitas vezes subestimado na qualidade do sono das crian\u00e7as com autismo. Alguns alimentos e nutrientes podem favorecer o adormecimento e um sono reparador, enquanto outros podem perturb\u00e1-lo significativamente. As crian\u00e7as autistas apresentam frequentemente particularidades alimentares importantes, sendo essencial adaptar as recomenda\u00e7\u00f5es nutricionais \u00e0s suas prefer\u00eancias e toler\u00e2ncias espec\u00edficas.<\/pee>\n<pee>O triptofano, amino\u00e1cido precursor da serotonina e depois da melatonina, merece uma aten\u00e7\u00e3o especial. Ele \u00e9 encontrado no peru, frango, ovos, latic\u00ednios, bananas e gr\u00e3os integrais. No entanto, para ser eficaz, o triptofano deve ser consumido com carboidratos complexos que facilitam sua passagem para o c\u00e9rebro. Uma refei\u00e7\u00e3o equilibrada \u00e0 noite incluindo esses elementos pode naturalmente favorecer o adormecimento.<\/pee>\n<pee>Por outro lado, alguns alimentos podem perturbar o sono e devem ser evitados no final do dia. A cafe\u00edna, presente no chocolate, alguns refrigerantes e ch\u00e1s, pode afetar o sono at\u00e9 8 horas ap\u00f3s o consumo. Alimentos muito a\u00e7ucarados provocam picos glic\u00eamicos seguidos de quedas bruscas que podem acordar a crian\u00e7a no meio da noite. Refei\u00e7\u00f5es muito pesadas ou apimentadas exigem excessivamente o sistema digestivo e retardam o adormecimento.<\/pee>\n<div class=\"conseil-card\">\n<h4>Menu tipo favorecendo o sono<\/h4>\n<pee><strong>Caf\u00e9 da manh\u00e3:<\/strong> Gr\u00e3os integrais, iogurte, frutas<!\u2013- [et_pb_br_holder] -\u2013><br \/>\n                <strong>Almo\u00e7o:<\/strong> Prote\u00ednas magras, legumes, carboidratos integrais<!\u2013- [et_pb_br_holder] -\u2013><br \/>\n                <strong>Lanche (16h no m\u00e1ximo):<\/strong> Frutas, oleaginosas, latic\u00ednios<!\u2013- [et_pb_br_holder] -\u2013><br \/>\n                <strong>Jantar (3h antes de dormir):<\/strong> Peixe ou ave, legumes no vapor, arroz integral<!\u2013- [et_pb_br_holder] -\u2013><br \/>\n                <strong>Poss\u00edvel lanche:<\/strong> Leite morno, banana, ou ch\u00e1 de ervas suave<\/pee>\n            <\/div>\n<pee>A hidrata\u00e7\u00e3o requer um equil\u00edbrio delicado: a desidrata\u00e7\u00e3o pode perturbar o sono, mas o consumo excessivo de l\u00edquidos \u00e0 noite leva a despertadas noturnas para urinar. Incentive uma hidrata\u00e7\u00e3o regular ao longo do dia e, em seguida, limite as bebidas duas horas antes de dormir. Se a crian\u00e7a tiver sede \u00e0 noite, ofere\u00e7a pequenas quantidades de \u00e1gua morna ou um ch\u00e1 leve.<\/pee>\n<div class=\"key-points\">\n<h4>Princ\u00edpios nutricionais para um bom sono<\/h4>\n<ul>\n<li>Jantar 3 horas no m\u00ednimo antes de dormir<\/li>\n<li>Priorizar carboidratos complexos e triptofano<\/li>\n<li>Evitar cafe\u00edna, a\u00e7\u00facar r\u00e1pido e especiarias \u00e0 noite<\/li>\n<li>Hidrata\u00e7\u00e3o regular durante o dia, limitada \u00e0 noite<\/li>\n<li>Respeitar as prefer\u00eancias alimentares da crian\u00e7a<\/li>\n<li>Introduzir gradualmente os novos alimentos<\/li>\n<\/ul><\/div>\n<pee>Para crian\u00e7as com autismo e restri\u00e7\u00f5es alimentares importantes, trabalhe com um nutricionista especializado para identificar alternativas aceit\u00e1veis. O objetivo n\u00e3o \u00e9 desestabilizar completamente a alimenta\u00e7\u00e3o, mas otimizar gradualmente as escolhas dentro das prefer\u00eancias existentes. \u00c0s vezes, pequenos ajustes nos hor\u00e1rios ou modos de preparo s\u00e3o suficientes para melhorar o impacto no sono.<\/pee>\n<h2>10. Quando e como consultar profissionais especializados<\/h2>\n<pee>Apesar de todos os esfor\u00e7os e estrat\u00e9gias implementadas, alguns dist\u00farbios do sono necessitam da interven\u00e7\u00e3o de profissionais especializados. \u00c9 importante saber reconhecer os sinais de alerta que justificam uma consulta m\u00e9dica: dist\u00farbios persistindo por mais de tr\u00eas meses apesar das adapta\u00e7\u00f5es, roncos significativos sugerindo apneias, despertares com sensa\u00e7\u00e3o de sufocamento, sonol\u00eancia diurna excessiva afetando os aprendizados, ou comportamentos perigosos relacionados \u00e0 falta de sono.<\/pee>\n<pee>O pediatra costuma ser o primeiro interlocutor para avaliar a situa\u00e7\u00e3o global e encaminhar para especialistas, se necess\u00e1rio. Ele pode prescrever exames complementares como uma polissonografia (registro do sono em laborat\u00f3rio) para objetivar os dist\u00farbios e identificar poss\u00edveis patologias subjacentes como a apneia do sono ou os movimentos peri\u00f3dicos das pernas.<\/pee>\n<pee>Os centros especializados em dist\u00farbios do sono pedi\u00e1tricos oferecem uma expertise particularmente valiosa para crian\u00e7as com autismo. Essas equipes multidisciplinares incluem m\u00e9dicos do sono, psic\u00f3logos, e \u00e0s vezes terapeutas ocupacionais ou psicomotricistas. Eles podem propor avalia\u00e7\u00f5es aprofundadas e atendimentos personalizados combinando abordagens comportamentais e medicamentosas, se necess\u00e1rio.<\/pee>\n<div class=\"expert-box\">\n<div class=\"expert-box-label\">Percurso de cuidados<\/div>\n<div class=\"expert-box-title\">Profissionais envolvidos nos dist\u00farbios do sono<\/div>\n<pee>Cada profissional traz uma expertise complementar: o neuropediatra avalia os aspectos neurol\u00f3gicos, o pneumologista pedi\u00e1trico investiga os dist\u00farbios respirat\u00f3rios, o psic\u00f3logo trabalha os aspectos comportamentais e emocionais, o terapeuta ocupacional otimiza o ambiente sensorial.<\/pee>\n<div class=\"expert-inner\">\n<div class=\"expert-inner-title\">Prepara\u00e7\u00e3o da consulta<\/div>\n<pee>Prepare um dossi\u00ea completo incluindo: di\u00e1rio de sono por 2-3 semanas, v\u00eddeos dos dist\u00farbios observados, lista das estrat\u00e9gias j\u00e1 tentadas, hist\u00f3rico m\u00e9dico detalhado, e question\u00e1rio sobre o impacto diurno dos dist\u00farbios. Esta prepara\u00e7\u00e3o otimiza a efic\u00e1cia da consulta.<\/pee>\n                <\/div>\n<\/p><\/div>\n<pee>Alguns profissionais se especializam especificamente no acompanhamento das fam\u00edlias de crian\u00e7as autistas para os dist\u00farbios do sono. Esses especialistas compreendem as particularidades do autismo e podem propor abordagens personalizadas respeitando as necessidades sensoriais e comportamentais espec\u00edficas. N\u00e3o hesite em buscar essas compet\u00eancias particulares na sua regi\u00e3o.<\/pee>\n<div class=\"tip-box\">\n<div class=\"tip-box-label\">Recursos complementares<\/div>\n<pee>As aplica\u00e7\u00f5es especializadas como <a href=\"https:\/\/www.dynseo.com\/pt-pt\/coco-pensa-e-coco-se-mexe\/\" style=\"color: var(--dynseo-blue); font-weight: 600;\">COCO PENSA e COCO SE MEXE<\/a> podem fornecer dados objetivos sobre os padr\u00f5es de atividade do seu filho, \u00fateis durante as consultas. Essas ferramentas permitem documentar o impacto dos dist\u00farbios do sono sobre o desempenho cognitivo e o humor diurno.<\/pee>\n            <\/div>\n<h2>11. Abordagens medicamentosas: benef\u00edcios e precau\u00e7\u00f5es<\/h2>\n<pee>Os tratamentos medicamentosos dos dist\u00farbios do sono em crian\u00e7as autistas devem ser considerados com cautela e sempre em complemento \u00e0s abordagens comportamentais. A melatonina representa a op\u00e7\u00e3o terap\u00eautica de primeira inten\u00e7\u00e3o, sendo um horm\u00f4nio naturalmente produzido pelo organismo para regular os ciclos vig\u00edlia-sono. Os estudos mostram sua efic\u00e1cia particular em crian\u00e7as autistas, com benef\u00edcios na indu\u00e7\u00e3o do sono e na qualidade do sono.<\/pee>\n<pee>A prescri\u00e7\u00e3o de melatonina requer um acompanhamento m\u00e9dico rigoroso para determinar a dose ideal, geralmente entre 1 e 6 mg, e o momento da administra\u00e7\u00e3o, idealmente 30 minutos a 2 horas antes do hor\u00e1rio de dormir desejado. Os efeitos colaterais s\u00e3o geralmente m\u00ednimos: sonol\u00eancia matinal, dores de cabe\u00e7a leves ou altera\u00e7\u00f5es tempor\u00e1rias de humor. \u00c9 crucial respeitar rigorosamente as prescri\u00e7\u00f5es m\u00e9dicas.<\/pee>\n<pee>Outras medica\u00e7\u00f5es podem ser consideradas em casos espec\u00edficos: anti-histam\u00ednicos pelo seu efeito sedativo, mas com risco de depend\u00eancia e efeitos paradoxais em algumas crian\u00e7as autistas; alfa-agonistas como a clonidina para crian\u00e7as que tamb\u00e9m apresentam hiperatividade; antidepressivos em baixa dose em casos de ansiedade severa associada. Essas prescri\u00e7\u00f5es permanecem excepcionais e necessitam de monitoramento m\u00e9dico pr\u00f3ximo.<\/pee>\n<div class=\"expert-box\">\n<div class=\"expert-box-label\">Evid\u00eancia cient\u00edfica<\/div>\n<div class=\"expert-box-title\">Efic\u00e1cia da melatonina no autismo<\/div>\n<pee>As meta-an\u00e1lises recentes confirmam a efic\u00e1cia da melatonina em 60-80% das crian\u00e7as autistas com dist\u00farbios do sono. Os benef\u00edcios incluem uma redu\u00e7\u00e3o do tempo de adormecimento de 30-60 minutos, uma diminui\u00e7\u00e3o dos despertares noturnos e uma melhoria do comportamento diurno.<\/pee>\n<div class=\"expert-inner\">\n<div class=\"expert-inner-title\">Protocolo de utiliza\u00e7\u00e3o ideal<\/div>\n<pee>Come\u00e7ar pela dose m\u00ednima eficaz, administrar em hor\u00e1rio fixo todas as noites, manter as medidas de higiene do sono em paralelo e reavaliar a efic\u00e1cia a cada 3 meses. Uma descontinua\u00e7\u00e3o gradual pode ser tentada ap\u00f3s 6-12 meses de estabiliza\u00e7\u00e3o.<\/pee>\n                <\/div>\n<\/p><\/div>\n<div class=\"key-points\">\n<h4>Princ\u00edpios da abordagem medicamentosa<\/h4>\n<ul>\n<li>Abordagem comportamental priorit\u00e1ria, medicamentos como complemento<\/li>\n<li>Avalia\u00e7\u00e3o m\u00e9dica especializada indispens\u00e1vel<\/li>\n<li>Escolha do tratamento adequado ao perfil individual<\/li>\n<li>Monitoramento regular dos efeitos e da efic\u00e1cia<\/li>\n<li>Reavalia\u00e7\u00e3o peri\u00f3dica da necessidade do tratamento<\/li>\n<li>Informa\u00e7\u00e3o completa dos pais sobre benef\u00edcios\/riscos<\/li>\n<\/ul><\/div>\n<pee>\u00c9 essencial manter as estrat\u00e9gias comportamentais mesmo durante um tratamento medicamentoso. Os medicamentos nunca constituem uma solu\u00e7\u00e3o milagrosa, mas sim uma ferramenta tempor\u00e1ria para facilitar a implementa\u00e7\u00e3o de bons h\u00e1bitos de sono. O objetivo a longo prazo continua sendo a autonomia da crian\u00e7a e da fam\u00edlia na gest\u00e3o do sono.<\/pee>\n<h2>12. Gerenciar situa\u00e7\u00f5es de crise e regress\u00f5es tempor\u00e1rias<\/h2>\n<pee>Os dist\u00farbios do sono em crian\u00e7as autistas frequentemente apresentam flutua\u00e7\u00f5es, com per\u00edodos de melhora seguidos de regress\u00f5es que podem desanimar as fam\u00edlias. Essas varia\u00e7\u00f5es s\u00e3o normais e podem ser explicadas por muitos fatores: surtos de crescimento, mudan\u00e7as ambientais, estresse, modifica\u00e7\u00f5es de rotina ou evolu\u00e7\u00f5es desenvolvimentais.<br \/>\n<script type=\"application\/ld+json\">\n{\n  \"@context\": \"https:\/\/schema.org\",\n  \"@graph\": [\n    {\n      \"@type\": \"Article\",\n      \"headline\": \"L'autismo et les troubles du sommeil : solutions pour favoriser un sommeil r\u00e9parateur\",\n      \"description\": \"D\u00e9couvrez les liens entre autismo et troubles du sommeil, ainsi que des solutions pratiques pour am\u00e9liorer la qualit\u00e9 du sommeil des personnes autistes.\",\n      \"url\": \"https:\/\/www.dynseo.com\/lautismo-et-les-troubles-du-sommeil-solutions-pour-favoriser-un-sommeil-reparateur\/\",\n      \"datePublished\": \"2026-04-07\",\n      \"dateModified\": \"2026-04-07\",\n      \"image\": \"https:\/\/www.dynseo.com\/wp-content\/uploads\/2024\/autismo-sommeil-solutions.jpg\",\n      \"author\": {\n        \"@type\": \"Organization\",\n        \"name\": \"DYNSEO\",\n        \"url\": \"https:\/\/www.dynseo.com\"\n      },\n      \"publisher\": {\n        \"@type\": \"Organization\",\n        \"name\": \"DYNSEO\",\n        \"url\": \"https:\/\/www.dynseo.com\",\n        \"logo\": {\n          \"@type\": \"ImageObject\",\n          \"url\": \"https:\/\/www.dynseo.com\/wp-content\/uploads\/2023\/logo-dynseo.png\"\n        }\n      },\n      \"aggregateRating\": {\n        \"@type\": \"AggregateRating\",\n        \"ratingValue\": \"4.8\",\n        \"bestRating\": \"5\",\n        \"ratingCount\": \"47\"\n      }\n    },\n    {\n      \"@type\": \"WebPage\",\n      \"url\": \"https:\/\/www.dynseo.com\/lautismo-et-les-troubles-du-sommeil-solutions-pour-favoriser-un-sommeil-reparateur\/\",\n      \"name\": \"L'autismo et les troubles du sommeil : solutions pour favoriser un sommeil r\u00e9parateur\",\n      \"description\": \"D\u00e9couvrez les liens entre autismo et troubles du sommeil, ainsi que des solutions pratiques pour am\u00e9liorer la qualit\u00e9 du sommeil des personnes autistes.\"\n    },\n    {\n      \"@type\": \"BreadcrumbList\",\n      \"itemListElement\": [\n        {\n          \"@type\": \"ListItem\",\n          \"position\": 1,\n          \"name\": \"Accueil\",\n          \"item\": \"https:\/\/www.dynseo.com\"\n        },\n        {\n          \"@type\": \"ListItem\",\n          \"position\": 2,\n          \"name\": \"Blog\",\n          \"item\": \"https:\/\/www.dynseo.com\/blog\"\n        },\n        {\n          \"@type\": \"ListItem\",\n          \"position\": 3,\n          \"name\": \"L'autismo et les troubles du sommeil : solutions pour favoriser un sommeil r\u00e9parateur\",\n          \"item\": \"https:\/\/www.dynseo.com\/lautismo-et-les-troubles-du-sommeil-solutions-pour-favoriser-un-sommeil-reparateur\/\"\n        }\n      ]\n    },\n    {\n      \"@type\": \"FAQPage\",\n      \"mainEntity\": [\n        {\n          \"@type\": \"Question\",\n          \"name\": \"Pourquoi les personnes autistes ont-elles plus de difficult\u00e9s de sommeil ?\",\n          \"acceptedAnswer\": {\n            \"@type\": \"Answer\",\n            \"text\": \"Les personnes autistes peuvent avoir des difficult\u00e9s de sommeil en raison de particularit\u00e9s neurologiques, d'hypersensibilit\u00e9s sensorielles, d'anxi\u00e9t\u00e9, de difficult\u00e9s \u00e0 g\u00e9rer les changements de routine, et de diff\u00e9rences dans la production de m\u00e9latonine.\"\n          }\n        },\n        {\n          \"@type\": \"Question\",\n          \"name\": \"Quelles sont les solutions pour am\u00e9liorer le sommeil chez les personnes autistes ?\",\n          \"acceptedAnswer\": {\n            \"@type\": \"Answer\",\n            \"text\": \"Les solutions incluent l'\u00e9tablissement d'une routine de coucher structur\u00e9e, l'adaptation de l'environnement de sommeil, la gestion des stimulations sensorielles, l'utilisation d'outils visuels, et parfois la suppl\u00e9mentation en m\u00e9latonine sous supervision m\u00e9dicale.\"\n          }\n        },\n        {\n          \"@type\": \"Question\",\n          \"name\": \"Comment cr\u00e9er un environnement de sommeil adapt\u00e9 \u00e0 une personne autiste ?\",\n          \"acceptedAnswer\": {\n            \"@type\": \"Answer\",\n            \"text\": \"Il faut r\u00e9duire les stimulations sensorielles (lumi\u00e8re, bruit), maintenir une temp\u00e9rature confortable, utiliser des tissus adapt\u00e9s, \u00e9liminer les distractions visuelles, et cr\u00e9er un espace pr\u00e9visible et s\u00e9curisant avec des objets r\u00e9confortants si n\u00e9cessaire.\"\n          }\n        }\n      ]\n    }\n  ]\n}\n<\/script>[\/et_pb_code][\/et_pb_column][\/et_pb_row][\/et_pb_section]<\/p>\n","protected":false},"excerpt":{"rendered":"","protected":false},"author":4,"featured_media":373171,"comment_status":"closed","ping_status":"closed","sticky":false,"template":"","format":"standard","meta":{"_et_pb_use_builder":"on","_et_pb_old_content":"[et_pb_section fb_built=\"1\" _builder_version=\"4.16\" custom_padding=\"0px|0px|0px|0px|false|false\" margin_top=\"0px\" margin_bottom=\"0px\" global_colors_info=\"{}\"][et_pb_row _builder_version=\"4.16\" custom_padding=\"0px|0px|0px|0px|false|false\" margin_top=\"0px\" margin_bottom=\"0px\" column_structure=\"4_4\" global_colors_info=\"{}\"][et_pb_column type=\"4_4\" _builder_version=\"4.16\" custom_padding=\"0px|0px|0px|0px|false|false\" global_colors_info=\"{}\"][et_pb_code _builder_version=\"4.16\" custom_padding=\"0px|0px|0px|0px|false|false\" global_colors_info=\"{}\"]<!DOCTYPE html>\n<html lang=\"fr\">\n<head>\n    <meta charset=\"UTF-8\">\n    <meta name=\"viewport\" content=\"width=device-width, initial-scale=1.0\">\n    <title>L'autisme et les troubles du sommeil : solutions pour favoriser un sommeil r\u00e9parateur<\/title>\n    <link rel=\"preconnect\" href=\"https:\/\/fonts.googleapis.com\">\n    <link rel=\"preconnect\" href=\"https:\/\/fonts.gstatic.com\" crossorigin>\n    <link href=\"https:\/\/fonts.googleapis.com\/css2?family=Montserrat:wght@400;500;600;700&family=Poppins:wght@300;400;500;600;700&display=swap\" rel=\"stylesheet\">\n    <style>\n        :root {\n            --dynseo-blue: #5e5ed7;\n            --dynseo-blue-dark: #5268c9;\n            --dynseo-teal: #a9e2e4;\n            --dynseo-yellow: #ffeca7;\n            --dynseo-pink: #e73469;\n            --text-dark: #333;\n            --text-light: #666;\n            --bg-light: #f8f9ff;\n            --border-light: #e8e8f0;\n            --white: #ffffff;\n        }\n\n        * {\n            margin: 0;\n            padding: 0;\n            box-sizing: border-box;\n        }\n\n        body {\n            font-family: 'Poppins', sans-serif;\n            line-height: 1.6;\n            color: var(--text-dark);\n            background: #fff;\n        }\n\n        .article-hero {\n            background: linear-gradient(135deg, var(--dynseo-blue) 0%, var(--dynseo-blue-dark) 100%);\n            color: white;\n            position: relative;\n            padding: 40px 0 80px;\n            overflow: hidden;\n        }\n\n        .article-hero::before {\n            content: '';\n            position: absolute;\n            top: 0;\n            left: 0;\n            right: 0;\n            bottom: 0;\n            background: url('data:image\/svg+xml,<svg xmlns=\"http:\/\/www.w3.org\/2000\/svg\" viewBox=\"0 0 100 20\"><defs><style>.a{fill:rgba(255,255,255,0.1);}<\/style><\/defs><circle class=\"a\" cx=\"10\" cy=\"10\" r=\"3\"\/><circle class=\"a\" cx=\"30\" cy=\"5\" r=\"2\"\/><circle class=\"a\" cx=\"50\" cy=\"15\" r=\"4\"\/><circle class=\"a\" cx=\"70\" cy=\"8\" r=\"2.5\"\/><circle class=\"a\" cx=\"90\" cy=\"12\" r=\"3.5\"\/><\/svg>') repeat;\n        }\n\n        .article-hero-inner {\n            max-width: 1200px;\n            margin: 0 auto;\n            padding: 0 20px;\n            position: relative;\n            z-index: 2;\n        }\n\n        .article-breadcrumb {\n            font-size: 14px;\n            margin-bottom: 20px;\n            opacity: 0.9;\n        }\n\n        .article-breadcrumb a {\n            color: white;\n            text-decoration: none;\n        }\n\n        .article-category {\n            display: inline-block;\n            background: var(--dynseo-pink);\n            color: white;\n            padding: 8px 16px;\n            border-radius: 20px;\n            font-size: 14px;\n            font-weight: 600;\n            margin-bottom: 20px;\n            text-transform: uppercase;\n            letter-spacing: 0.5px;\n        }\n\n        .article-hero h1 {\n            font-family: 'Montserrat', sans-serif;\n            font-size: clamp(2rem, 4vw, 3.5rem);\n            font-weight: 700;\n            line-height: 1.2;\n            margin-bottom: 20px;\n        }\n\n        .hl {\n            background: linear-gradient(120deg, var(--dynseo-yellow) 0%, var(--dynseo-teal) 100%);\n            -webkit-background-clip: text;\n            -webkit-text-fill-color: transparent;\n            background-clip: text;\n            font-weight: 700;\n        }\n\n        .article-meta {\n            display: flex;\n            flex-wrap: wrap;\n            gap: 20px;\n            margin-bottom: 30px;\n            font-size: 14px;\n        }\n\n        .article-meta span {\n            display: flex;\n            align-items: center;\n            gap: 5px;\n        }\n\n        .stars {\n            display: flex;\n            align-items: center;\n            gap: 10px;\n        }\n\n        .stars .rating {\n            color: var(--dynseo-yellow);\n            font-size: 18px;\n        }\n\n        .article-hero-curve {\n            position: absolute;\n            bottom: -1px;\n            left: 0;\n            width: 100%;\n            height: 60px;\n            background: white;\n            clip-path: ellipse(100% 100% at 50% 100%);\n        }\n\n        .article-body {\n            background: white;\n        }\n\n        .container {\n            max-width: 1200px;\n            margin: 0 auto;\n            padding: 0 20px;\n        }\n\n        .intro-block {\n            background: var(--bg-light);\n            padding: 40px;\n            border-radius: 20px;\n            margin: 40px 0;\n            font-size: 18px;\n            line-height: 1.7;\n            border-left: 5px solid var(--dynseo-blue);\n        }\n\n        .stats-grid {\n            display: grid;\n            grid-template-columns: repeat(auto-fit, minmax(250px, 1fr));\n            gap: 30px;\n            margin: 60px 0;\n        }\n\n        .stat-card {\n            background: white;\n            padding: 30px;\n            border-radius: 20px;\n            text-align: center;\n            box-shadow: 0 10px 30px rgba(94, 94, 215, 0.1);\n            border: 2px solid transparent;\n            transition: all 0.3s ease;\n        }\n\n        .stat-card:hover {\n            border-color: var(--dynseo-teal);\n            transform: translateY(-5px);\n        }\n\n        .stat-card .number {\n            font-family: 'Montserrat', sans-serif;\n            font-size: 3rem;\n            font-weight: 700;\n            color: var(--dynseo-blue);\n            margin-bottom: 10px;\n            display: block;\n        }\n\n        .stat-card .label {\n            font-size: 16px;\n            color: var(--text-light);\n            font-weight: 500;\n        }\n\n        h2 {\n            font-family: 'Montserrat', sans-serif;\n            font-size: 2.2rem;\n            font-weight: 700;\n            color: var(--dynseo-blue);\n            margin: 60px 0 30px;\n            position: relative;\n            padding-left: 20px;\n        }\n\n        h2::before {\n            content: '';\n            position: absolute;\n            left: 0;\n            top: 0;\n            bottom: 0;\n            width: 5px;\n            background: linear-gradient(135deg, var(--dynseo-pink), var(--dynseo-yellow));\n            border-radius: 3px;\n        }\n\n        h3 {\n            font-family: 'Montserrat', sans-serif;\n            font-size: 1.5rem;\n            font-weight: 600;\n            color: var(--dynseo-blue-dark);\n            margin: 30px 0 15px;\n        }\n\n        p {\n            margin-bottom: 20px;\n            font-size: 16px;\n            line-height: 1.7;\n        }\n\n        .conseil-card {\n            background: linear-gradient(135deg, var(--dynseo-teal), var(--dynseo-yellow));\n            padding: 30px;\n            border-radius: 20px;\n            margin: 30px 0;\n            position: relative;\n        }\n\n        .conseil-card::before {\n            content: \"\ud83d\udca1\";\n            position: absolute;\n            top: -15px;\n            left: 30px;\n            background: white;\n            width: 40px;\n            height: 40px;\n            border-radius: 50%;\n            display: flex;\n            align-items: center;\n            justify-content: center;\n            font-size: 20px;\n            box-shadow: 0 5px 15px rgba(0,0,0,0.1);\n        }\n\n        .conseil-card h4 {\n            font-family: 'Montserrat', sans-serif;\n            font-size: 1.3rem;\n            font-weight: 600;\n            margin-bottom: 15px;\n            color: var(--dynseo-blue-dark);\n        }\n\n        .key-points {\n            background: var(--bg-light);\n            padding: 30px;\n            border-radius: 15px;\n            margin: 30px 0;\n        }\n\n        .key-points h4 {\n            font-family: 'Montserrat', sans-serif;\n            font-size: 1.2rem;\n            font-weight: 600;\n            color: var(--dynseo-blue);\n            margin-bottom: 20px;\n        }\n\n        .key-points ul {\n            list-style: none;\n            padding-left: 0;\n        }\n\n        .key-points li {\n            padding: 10px 0;\n            padding-left: 30px;\n            position: relative;\n            border-bottom: 1px solid var(--border-light);\n        }\n\n        .key-points li::before {\n            content: \"\u2713\";\n            position: absolute;\n            left: 0;\n            top: 10px;\n            color: var(--dynseo-pink);\n            font-weight: bold;\n        }\n\n        .tip-box {\n            background: white;\n            border-left: 5px solid var(--dynseo-pink);\n            padding: 25px;\n            margin: 30px 0;\n            border-radius: 0 15px 15px 0;\n            box-shadow: 0 5px 20px rgba(231, 52, 105, 0.1);\n        }\n\n        .tip-box-label {\n            background: var(--dynseo-pink);\n            color: white;\n            padding: 5px 12px;\n            border-radius: 15px;\n            font-size: 12px;\n            font-weight: 600;\n            text-transform: uppercase;\n            letter-spacing: 0.5px;\n            display: inline-block;\n            margin-bottom: 15px;\n        }\n\n        .expert-box {\n            background: linear-gradient(135deg, #f8f9ff 0%, #e8f2ff 100%);\n            padding: 35px;\n            border-radius: 20px;\n            margin: 40px 0;\n            position: relative;\n            border: 2px solid var(--dynseo-blue);\n        }\n\n        .expert-box::before {\n            content: \"\ud83d\udc68\u200d\u2695\ufe0f\";\n            position: absolute;\n            top: -20px;\n            left: 35px;\n            background: white;\n            width: 50px;\n            height: 50px;\n            border-radius: 50%;\n            display: flex;\n            align-items: center;\n            justify-content: center;\n            font-size: 24px;\n            border: 3px solid var(--dynseo-blue);\n        }\n\n        .expert-box-label {\n            background: var(--dynseo-blue);\n            color: white;\n            padding: 8px 16px;\n            border-radius: 20px;\n            font-size: 12px;\n            font-weight: 600;\n            text-transform: uppercase;\n            letter-spacing: 0.5px;\n            display: inline-block;\n            margin-bottom: 15px;\n        }\n\n        .expert-box-title {\n            font-family: 'Montserrat', sans-serif;\n            font-size: 1.4rem;\n            font-weight: 700;\n            color: var(--dynseo-blue);\n            margin-bottom: 20px;\n        }\n\n        .expert-inner {\n            background: white;\n            padding: 25px;\n            border-radius: 15px;\n            margin-top: 20px;\n            box-shadow: 0 5px 15px rgba(94, 94, 215, 0.1);\n        }\n\n        .expert-inner-title {\n            font-family: 'Montserrat', sans-serif;\n            font-size: 1.2rem;\n            font-weight: 600;\n            color: var(--dynseo-blue-dark);\n            margin-bottom: 15px;\n        }\n\n        .faq-list {\n            margin: 60px 0;\n        }\n\n        .faq-item {\n            background: white;\n            border-radius: 15px;\n            margin-bottom: 15px;\n            box-shadow: 0 5px 20px rgba(0,0,0,0.05);\n            border: 2px solid transparent;\n            transition: all 0.3s ease;\n        }\n\n        .faq-item:hover, .faq-item.open {\n            border-color: var(--dynseo-teal);\n        }\n\n        .faq-q {\n            padding: 25px;\n            cursor: pointer;\n            font-weight: 600;\n            color: var(--dynseo-blue);\n            display: flex;\n            justify-content: space-between;\n            align-items: center;\n            font-family: 'Montserrat', sans-serif;\n        }\n\n        .faq-icon {\n            background: var(--dynseo-blue);\n            color: white;\n            width: 30px;\n            height: 30px;\n            border-radius: 50%;\n            display: flex;\n            align-items: center;\n            justify-content: center;\n            font-size: 18px;\n            transition: transform 0.3s ease;\n        }\n\n        .faq-item.open .faq-icon {\n            transform: rotate(45deg);\n        }\n\n        .faq-a {\n            padding: 0 25px;\n            max-height: 0;\n            overflow: hidden;\n            transition: all 0.3s ease;\n        }\n\n        .faq-item.open .faq-a {\n            padding: 0 25px 25px;\n            max-height: 500px;\n        }\n\n        .cta-box {\n            background: linear-gradient(135deg, var(--dynseo-blue) 0%, var(--dynseo-blue-dark) 100%);\n            color: white;\n            padding: 50px;\n            border-radius: 25px;\n            text-align: center;\n            margin: 60px 0;\n            position: relative;\n            overflow: hidden;\n        }\n\n        .cta-box::before {\n            content: '';\n            position: absolute;\n            top: -50%;\n            left: -50%;\n            width: 200%;\n            height: 200%;\n            background: radial-gradient(circle, rgba(255,255,255,0.1) 0%, transparent 70%);\n            animation: float 6s ease-in-out infinite;\n        }\n\n        @keyframes float {\n            0%, 100% { transform: translate(-50%, -50%) rotate(0deg); }\n            50% { transform: translate(-50%, -50%) rotate(180deg); }\n        }\n\n        .cta-box h3 {\n            font-family: 'Montserrat', sans-serif;\n            font-size: 2rem;\n            font-weight: 700;\n            margin-bottom: 20px;\n            color: white;\n        }\n\n        .cta-buttons {\n            display: flex;\n            gap: 20px;\n            justify-content: center;\n            flex-wrap: wrap;\n            margin-top: 30px;\n            position: relative;\n            z-index: 2;\n        }\n\n        .btn-white {\n            background: white;\n            color: var(--dynseo-blue);\n            padding: 15px 30px;\n            border-radius: 25px;\n            text-decoration: none;\n            font-weight: 600;\n            transition: all 0.3s ease;\n            border: 2px solid white;\n        }\n\n        .btn-white:hover {\n            background: transparent;\n            color: white;\n        }\n\n        .btn-outline {\n            background: transparent;\n            color: white;\n            padding: 15px 30px;\n            border-radius: 25px;\n            text-decoration: none;\n            font-weight: 600;\n            border: 2px solid white;\n            transition: all 0.3s ease;\n        }\n\n        .btn-outline:hover {\n            background: white;\n            color: var(--dynseo-blue);\n        }\n\n        .article-tags {\n            display: flex;\n            flex-wrap: wrap;\n            gap: 15px;\n            margin: 60px 0 40px;\n            padding: 30px 0;\n            border-top: 2px solid var(--bg-light);\n        }\n\n        .article-tag {\n            background: var(--bg-light);\n            color: var(--dynseo-blue);\n            padding: 10px 20px;\n            border-radius: 20px;\n            text-decoration: none;\n            font-size: 14px;\n            font-weight: 500;\n            transition: all 0.3s ease;\n        }\n\n        .article-tag:hover {\n            background: var(--dynseo-blue);\n            color: white;\n        }\n\n        @media (max-width: 768px) {\n            .article-hero {\n                padding: 30px 0 60px;\n            }\n            \n            .intro-block {\n                padding: 25px;\n                font-size: 16px;\n            }\n            \n            .stats-grid {\n                grid-template-columns: 1fr;\n                gap: 20px;\n            }\n            \n            h2 {\n                font-size: 1.8rem;\n            }\n            \n            .cta-buttons {\n                flex-direction: column;\n                align-items: center;\n            }\n            \n            .article-meta {\n                flex-direction: column;\n                gap: 10px;\n            }\n        }\n    <\/style>\n<\/head>\n<body><section class=\"article-hero\">\n        <div class=\"article-hero-inner\">\n            <div class=\"article-breadcrumb\">\n                <a href=\"\/\">In\u00edcio<\/a> > <a href=\"\/blog\/\">Blog<\/a> > Autismo e sono\n            <\/div>\n            \n            <div class=\"article-category\">Apoio ao Autismo<\/div>\n            \n            <h1>O autismo e os dist\u00farbios do sono: solu\u00e7\u00f5es para favorecer um <span class=\"hl\">sono reparador<\/span><\/h1>\n            \n            <div class=\"article-meta\">\n                <span>\ud83d\udcc5 Abril 2026<\/span>\n                <span>\u23f1\ufe0f 15 min de leitura<\/span>\n                <span>\ud83d\udc65 Pais e profissionais<\/span>\n                <div class=\"stars\">\n                    <div class=\"rating\">\u2b50\u2b50\u2b50\u2b50\u2b50<\/div>\n                    <span>4.8\/5 (247 avalia\u00e7\u00f5es)<\/span>\n                <\/div>\n            <\/div>\n        <\/div>\n        <div class=\"article-hero-curve\"><\/div>\n    <\/section>\n\n    <div class=\"article-body\">\n        <div class=\"container\">\n<div class=\"intro-block\">\n                Os dist\u00farbios do sono afetam at\u00e9 80% das crian\u00e7as com autismo, contra apenas 25% das crian\u00e7as neurot\u00edpicas. Essas dificuldades t\u00eam um impacto significativo no seu desenvolvimento, aprendizado e bem-estar di\u00e1rio. Felizmente, existem solu\u00e7\u00f5es concretas e eficazes para melhorar significativamente a qualidade do sono do seu filho. Descubra neste guia completo como identificar, compreender e tratar os dist\u00farbios do sono relacionados ao autismo, com estrat\u00e9gias personalizadas adaptadas a cada perfil sensorial. Nossos especialistas o acompanham em dire\u00e7\u00e3o a noites mais tranquilas para toda a fam\u00edlia.\n            <\/div>\n\n            <div class=\"stats-grid\">\n                <div class=\"stat-card\">\n                    <span class=\"number\">80%<\/span>\n                    <span class=\"label\">das crian\u00e7as autistas apresentam dist\u00farbios do sono<\/span>\n                <\/div>\n                <div class=\"stat-card\">\n                    <span class=\"number\">3h<\/span>\n                    <span class=\"label\">de sono a menos por noite em m\u00e9dia<\/span>\n                <\/div>\n                <div class=\"stat-card\">\n                    <span class=\"number\">65%<\/span>\n                    <span class=\"label\">de melhoria com uma rotina adaptada<\/span>\n                <\/div>\n                <div class=\"stat-card\">\n                    <span class=\"number\">90%<\/span>\n                    <span class=\"label\">das fam\u00edlias constatam um bem-estar geral<\/span>\n                <\/div>\n            <\/div>\n\n            <h2>1. Compreender os mecanismos do sono no autismo<\/h2>\n            \n            <p>O sono nas crian\u00e7as autistas apresenta particularidades neurobiol\u00f3gicas complexas que explicam a alta frequ\u00eancia dos dist\u00farbios observados. Pesquisas recentes revelam que os disfun\u00e7\u00f5es afetam principalmente a produ\u00e7\u00e3o de melatonina, o horm\u00f4nio regulador do ciclo vig\u00edlia-sono, assim como a organiza\u00e7\u00e3o das fases de sono profundo e paradoxal.<\/p>\n\n            <p>As crian\u00e7as autistas frequentemente produzem menos melatonina do que seus pares neurot\u00edpicos, e essa produ\u00e7\u00e3o segue ritmos irregulares. Essa perturba\u00e7\u00e3o hormonal \u00e9 acompanhada de uma hipersensibilidade aos est\u00edmulos ambientais que torna o adormecimento e a manuten\u00e7\u00e3o do sono particularmente dif\u00edceis. As particularidades sensoriais relacionadas ao autismo amplificam essas dificuldades: uma etiqueta de pijama pode se tornar insuport\u00e1vel, um ru\u00eddo leve pode parecer ensurdecedor.<\/p>\n\n            <p>A compreens\u00e3o desses mecanismos \u00e9 essencial para adaptar as interven\u00e7\u00f5es. Ao contr\u00e1rio do que se pensa, n\u00e3o se trata simplesmente de \"birras\" ou dificuldades comportamentais, mas sim de diferen\u00e7as neurobiol\u00f3gicas que exigem uma abordagem espec\u00edfica e gentil.<\/p>\n\n            <div class=\"conseil-card\">\n                <h4>Conselho de especialista<\/h4>\n                <p>Mantenha um di\u00e1rio de sono detalhado por pelo menos duas semanas antes de iniciar qualquer interven\u00e7\u00e3o. Anote os hor\u00e1rios de dormir e acordar, os despertares noturnos, o humor ao acordar e todos os fatores ambientais. Esta documenta\u00e7\u00e3o ser\u00e1 valiosa para identificar os padr\u00f5es espec\u00edficos do seu filho.<\/p>\n            <\/div>\n<div class=\"key-points\">\n                <h4>Pontos-chave a reter<\/h4>\n                <ul>\n                    <li>A produ\u00e7\u00e3o de melatonina \u00e9 frequentemente perturbada em crian\u00e7as autistas<\/li>\n                    <li>A hipersensibilidade sensorial complica o adormecimento<\/li>\n                    <li>Cada crian\u00e7a apresenta um perfil \u00fanico de dificuldades<\/li>\n                    <li>Uma abordagem personalizada \u00e9 indispens\u00e1vel<\/li>\n                <\/ul>\n            <\/div>\n\n            <h2>2. Identificar os diferentes tipos de dist\u00farbios do sono<\/h2>\n\n            <p>A ins\u00f4nia representa o dist\u00farbio mais frequente em crian\u00e7as autistas, afetando cerca de 75% delas. Ela se manifesta por dificuldades de adormecer que podem durar v\u00e1rias horas, despertares noturnos frequentes com impossibilidade de voltar a dormir, ou despertares precoces por volta das 4h ou 5h da manh\u00e3. Essas perturba\u00e7\u00f5es criam um ciclo vicioso: a fadiga acumula estresse e irritabilidade, tornando o sono seguinte ainda mais dif\u00edcil.<\/p>\n\n            <p>Os pesadelos e terrores noturnos tamb\u00e9m s\u00e3o mais frequentes nessa popula\u00e7\u00e3o. As crian\u00e7as autistas podem ter dificuldades em distinguir o sonho da realidade, o que intensifica a ansiedade relacionada ao momento de dormir. Os terrores noturnos, diferentes dos pesadelos, ocorrem no in\u00edcio da noite e deixam a crian\u00e7a em um estado de confus\u00e3o intensa, frequentemente acompanhada de gritos e agita\u00e7\u00e3o motora.<\/p>\n\n            <p>Os dist\u00farbios respirat\u00f3rios do sono, notadamente a apneia obstrutiva, afetam mais as crian\u00e7as autistas do que a popula\u00e7\u00e3o geral. Essas interrup\u00e7\u00f5es respirat\u00f3rias fragmentam o sono e podem explicar alguns dist\u00farbios comportamentais diurnos. A hiperatividade matinal ou, ao contr\u00e1rio, a sonol\u00eancia excessiva podem ser sinais de alerta.<\/p>\n\n            <div class=\"tip-box\">\n                <div class=\"tip-box-label\">Dica pr\u00e1tica<\/div>\n                <p>Use um aplicativo m\u00f3vel ou um caderno de papel para documentar precisamente os dist\u00farbios observados. Fotografe o quarto em diferentes momentos, registre os ru\u00eddos ambientes: esses elementos ajudar\u00e3o os profissionais a entender melhor o ambiente de sono do seu filho.<\/p>\n            <\/div>\n\n            <p>Os dist\u00farbios do ritmo circadiano constituem outra categoria importante. O rel\u00f3gio biol\u00f3gico interno da crian\u00e7a autista pode estar completamente desalinhado em rela\u00e7\u00e3o ao ritmo dia-noite convencional. Algumas crian\u00e7as s\u00e3o naturalmente muito matutinas (s\u00edndrome de avan\u00e7o de fase), outras s\u00e3o verdadeiros not\u00edvagos (s\u00edndrome de atraso de fase). Esses desalinhamentos n\u00e3o s\u00e3o escolhas comportamentais, mas realidades neurobiol\u00f3gicas.<\/p>\n\n            <div class=\"expert-box\">\n                <div class=\"expert-box-label\">Especializa\u00e7\u00e3o cl\u00ednica<\/div>\n                <div class=\"expert-box-title\">Classifica\u00e7\u00e3o dos dist\u00farbios segundo a idade<\/div>\n                <p>As manifesta\u00e7\u00f5es dos dist\u00farbios do sono evoluem com a idade. Em crian\u00e7as pequenas (2-5 anos), observam-se principalmente dificuldades de adormecer e despertares noturnos. Em crian\u00e7as em idade escolar (6-12 anos), os dist\u00farbios do ritmo circadiano tornam-se mais acentuados, frequentemente exacerbados pelas exig\u00eancias escolares.<\/p>\n                \n                <div class=\"expert-inner\">\n<div class=\"expert-inner-title\">Particularidades adolescentes<\/div>\n                    <p>Na adolesc\u00eancia, os dist\u00farbios se complexificam com as mudan\u00e7as hormonais naturais que retardam fisiologicamente o adormecimento. Essa tend\u00eancia natural, combinada \u00e0s particularidades do autismo, pode criar desajustes de sono muito importantes que necessitam de acompanhamento especializado.<\/p>\n                <\/div>\n            <\/div>\n\n            <h2>3. A import\u00e2ncia crucial de uma rotina de sono estruturada<\/h2>\n\n            <p>A previsibilidade e a estrutura s\u00e3o necessidades fundamentais para as crian\u00e7as autistas, particularmente no que diz respeito ao sono. Uma rotina de dormir bem estabelecida age como um sinal poderoso para o c\u00e9rebro, informando-o que \u00e9 hora de se preparar para o descanso. Essa rotina deve come\u00e7ar idealmente 60 a 90 minutos antes do hor\u00e1rio de dormir desejado e incluir uma sequ\u00eancia de atividades calmantes e previs\u00edveis.<\/p>\n\n            <p>A constru\u00e7\u00e3o dessa rotina requer uma abordagem progressiva e paciente. Comece identificando as atividades que seu filho acha naturalmente calmantes: alguns adoram banhos mornos, outros preferem massagens suaves ou ouvir m\u00fasica relaxante. O importante \u00e9 criar uma sequ\u00eancia personalizada que respeite as prefer\u00eancias sensoriais do seu filho, ao mesmo tempo que favorece o relaxamento.<\/p>\n\n            <p>A regularidade dos hor\u00e1rios \u00e9 absolutamente crucial. As crian\u00e7as autistas se beneficiam muito de hor\u00e1rios fixos para dormir e acordar, mesmo nos fins de semana. Essa regularidade ajuda a sincronizar seu rel\u00f3gio biol\u00f3gico interno e facilita o adormecimento natural. Um desvio de mais de 30 minutos pode ser suficiente para perturbar todo o ciclo.<\/p>\n\n            <div class=\"conseil-card\">\n                <h4>Rotina tipo adaptada ao autismo<\/h4>\n                <p><strong>19h00 :<\/strong> Fim das atividades estimulantes, diminui\u00e7\u00e3o da ilumina\u00e7\u00e3o<br>\n                <strong>19h30 :<\/strong> Banho morno (temperatura constante, dura\u00e7\u00e3o previs\u00edvel)<br>\n                <strong>20h00 :<\/strong> Pijama e cuidados corporais (mesma ordem todas as noites)<br>\n                <strong>20h15 :<\/strong> Atividade calma na cama (leitura, m\u00fasica suave)<br>\n                <strong>20h45 :<\/strong> Ritual de boa noite (mesma frase, mesmo gesto)<br>\n                <strong>21h00 :<\/strong> Apagar as luzes, in\u00edcio do sono<\/p>\n            <\/div>\n\n            <p>A utiliza\u00e7\u00e3o de suportes visuais refor\u00e7a a efic\u00e1cia da rotina. Crie um quadro com pictogramas representando cada etapa: escova de dentes, pijama, hist\u00f3ria, sono. A crian\u00e7a pode marcar ou virar cada imagem uma vez que a etapa for conclu\u00edda, dando-lhe uma sensa\u00e7\u00e3o de controle e sucesso. Essa abordagem visual \u00e9 particularmente ben\u00e9fica para as crian\u00e7as autistas que frequentemente processam melhor a informa\u00e7\u00e3o visual do que a auditiva.<\/p>\n<div class=\"key-points\">\n                <h4>Elementos essenciais de uma rotina eficaz<\/h4>\n                <ul>\n                    <li>In\u00edcio 60-90 minutos antes da hora de dormir desejada<\/li>\n                    <li>Sequ\u00eancia id\u00eantica todas as noites, mesma ordem das atividades<\/li>\n                    <li>Hor\u00e1rios fixos, mesmo nos fins de semana e feriados<\/li>\n                    <li>Suportes visuais para materializar as etapas<\/li>\n                    <li>Atividades adaptadas ao perfil sensorial da crian\u00e7a<\/li>\n                    <li>Ambiente previs\u00edvel e seguro<\/li>\n                <\/ul>\n            <\/div>\n\n            <h2>4. Otimizar o ambiente de sono de acordo com o perfil sensorial<\/h2>\n\n            <p>O ambiente de sono desempenha um papel determinante na qualidade do descanso das crian\u00e7as autistas. Suas particularidades sensoriais exigem aten\u00e7\u00e3o especial a cada elemento do quarto: temperatura, ilumina\u00e7\u00e3o, sons, texturas e at\u00e9 mesmo odores podem influenciar significativamente sua capacidade de adormecer e manter um sono reparador.<\/p>\n\n            <p>A temperatura ideal est\u00e1 entre 18 e 20\u00b0C, mas algumas crian\u00e7as autistas s\u00e3o particularmente sens\u00edveis \u00e0s varia\u00e7\u00f5es t\u00e9rmicas. Invista em um term\u00f4metro de quarto preciso e mantenha uma temperatura constante. Os materiais dos len\u00e7\u00f3is e cobertores devem ser escolhidos de acordo com as prefer\u00eancias t\u00e1teis: algumas crian\u00e7as preferem texturas lisas como o cetim, outras buscam texturas mais \u00e1speras. As cobertas pesadas podem proporcionar um conforto sensorial not\u00e1vel para as crian\u00e7as em busca de propriocep\u00e7\u00e3o.<\/p>\n\n            <p>A ilumina\u00e7\u00e3o requer uma abordagem gradual. Instale dimmers que permitam diminuir progressivamente a intensidade da luz \u00e0 noite, imitando o p\u00f4r do sol natural. As luzes noturnas devem emitir uma luz quente e suave, evitando absolutamente LEDs azuis que perturbam a produ\u00e7\u00e3o de melatonina. Algumas crian\u00e7as precisam de escurid\u00e3o total, outras se sentem confort\u00e1veis com uma baixa luminosidade constante.<\/p>\n\n            <div class=\"tip-box\">\n                <div class=\"tip-box-label\">Inova\u00e7\u00e3o tecnol\u00f3gica<\/div>\n                <p>Aplicativos como <a href=\"https:\/\/www.dynseo.com\/pt-pt\/coco-pensa-e-coco-se-mexe\/\" style=\"color: var(--dynseo-blue); font-weight: 600;\">COCO PENSA e COCO SE MEXE<\/a> incluem exerc\u00edcios de relaxamento e respira\u00e7\u00e3o que podem ser integrados \u00e0 rotina de dormir. Essas ferramentas digitais oferecem uma abordagem l\u00fadica para aprender a relaxar, particularmente apreciada por crian\u00e7as autistas que muitas vezes t\u00eam uma afinidade natural com as tecnologias.<\/p>\n            <\/div>\n\n            <p>A gest\u00e3o sonora \u00e9 crucial, mas complexa. Algumas crian\u00e7as autistas s\u00e3o hipersens\u00edveis ao menor ru\u00eddo: o tic-tac de um rel\u00f3gio, os passos no apartamento de cima, ou mesmo os sons do tr\u00e1fego podem mant\u00ea-las acordadas. Outras, ao contr\u00e1rio, precisam de um ru\u00eddo de fundo constante para adormecer. M\u00e1quinas de ru\u00eddo branco, ventiladores ou difusores de sons da natureza podem ser aliados valiosos.<\/p>\n\n            <div class=\"expert-box\">\n                <div class=\"expert-box-label\">Pesquisa cient\u00edfica<\/div>\n                <div class=\"expert-box-title\">Perfis sensoriais e estrat\u00e9gias de adapta\u00e7\u00e3o<\/div>\n                <p>A pesquisa distingue tr\u00eas perfis sensoriais principais em crian\u00e7as autistas: hipossens\u00edveis (buscam estimula\u00e7\u00f5es), hipersens\u00edveis (evitam estimula\u00e7\u00f5es) e mistos (alternam conforme os contextos). Cada perfil exige adapta\u00e7\u00f5es ambientais espec\u00edficas.<\/p>\n                \n                <div class=\"expert-inner\">\n<div class=\"expert-inner-title\">Adapta\u00e7\u00f5es por perfil sensorial<\/div>\n                    <p><strong>Hipossens\u00edvel :<\/strong> Coberturas pesadas, colch\u00f5es firmes, m\u00fasica r\u00edtmica suave<br>\n                    <strong>Hipersens\u00edvel :<\/strong> Tecidos ultra-macios, sil\u00eancio total ou ru\u00eddo branco, temperatura rigorosamente controlada<br>\n                    <strong>Misto :<\/strong> Op\u00e7\u00f5es m\u00faltiplas dispon\u00edveis conforme as necessidades do momento<\/p>\n                <\/div>\n            <\/div>\n\n            <h2>5. Estrat\u00e9gias de relaxamento e atividades pr\u00e9-sono adaptadas<\/h2>\n\n            <p>As t\u00e9cnicas de relaxamento adaptadas para crian\u00e7as com autismo diferem significativamente daquelas utilizadas com crian\u00e7as neurot\u00edpicas. \u00c9 essencial respeitar suas modalidades sensoriais preferenciais e sua necessidade de previsibilidade. A respira\u00e7\u00e3o profunda pode ser ensinada de maneira l\u00fadica: imaginar inflar um bal\u00e3o na barriga, sentir uma flor e depois soprar uma vela, ou ainda usar aplicativos interativos que visualizam o ritmo respirat\u00f3rio.<\/p>\n\n            <p>A relaxa\u00e7\u00e3o muscular progressiva, t\u00e9cnica que consiste em contrair e depois relaxar diferentes grupos musculares, pode ser particularmente ben\u00e9fica para crian\u00e7as autistas que \u00e0s vezes t\u00eam dificuldades em perceber as tens\u00f5es corporais. Transforme essa t\u00e9cnica em jogo: apertar os punhos como esponjas que se espreme, e depois solt\u00e1-los como penas que caem. Essa abordagem metaf\u00f3rica facilita a compreens\u00e3o e a ades\u00e3o.<\/p>\n\n            <p>As massagens suaves podem constituir um momento privilegiado de relaxamento, desde que se respeitem os limites sensoriais da crian\u00e7a. Alguns apreciam press\u00f5es firmes nas costas ou nos bra\u00e7os, outros preferem car\u00edcias leves. O uso de \u00f3leos essenciais relaxantes (lavanda, camomila) pode refor\u00e7ar o efeito calmante, mas sempre teste a toler\u00e2ncia olfativa previamente.<\/p>\n\n            <div class=\"conseil-card\">\n                <h4>Atividades pr\u00e9-sono recomendadas<\/h4>\n                <p>Priorize atividades sensoriais calmantes, como a manipula\u00e7\u00e3o de areia cin\u00e9tica, quebra-cabe\u00e7as simples, colorir com l\u00e1pis macios ou ouvir hist\u00f3rias em \u00e1udio. Os jogos de constru\u00e7\u00e3o tipo Lego podem ser relaxantes para algumas crian\u00e7as, mas certifique-se de escolher modelos simples para evitar frustra\u00e7\u00f5es.<\/p>\n            <\/div>\n\n            <p>A leitura compartilhada continua sendo um grande cl\u00e1ssico, mas adapte a escolha dos livros. Evite hist\u00f3rias muito estimulantes ou ansiosas. Priorize narrativas previs\u00edveis, com finais felizes e reconfortantes. Livros com texturas para tocar ou elementos repetitivos podem cativar a aten\u00e7\u00e3o enquanto favorecem o relaxamento. Mantenha um ritmo de leitura lento e uma entona\u00e7\u00e3o suave.<\/p>\n<div class=\"key-points\">\n                <h4>T\u00e9cnicas de relaxamento eficazes<\/h4>\n                <ul>\n                    <li>Respira\u00e7\u00e3o guiada com suportes visuais ou auditivos<\/li>\n                    <li>Relaxamento muscular progressivo adaptado em jogo<\/li>\n                    <li>Massagens respeitosas dos limites sensoriais<\/li>\n                    <li>M\u00fasica ou sons calmantes personalizados<\/li>\n                    <li>Visualiza\u00e7\u00e3o positiva com imagens simples<\/li>\n                    <li>Atividades sensoriais calmantes<\/li>\n                <\/ul>\n            <\/div>\n\n            <h2>6. Gerenciar a exposi\u00e7\u00e3o \u00e0s telas e \u00e0 luz azul<\/h2>\n\n            <p>A luz azul emitida pelas telas \u00e9 um dos perturbadores mais significativos do sono, particularmente em crian\u00e7as autistas, cujo sistema de regula\u00e7\u00e3o circadiana j\u00e1 \u00e9 frequentemente fr\u00e1gil. Essa luz inibe a produ\u00e7\u00e3o natural de melatonina por at\u00e9 tr\u00eas horas ap\u00f3s a exposi\u00e7\u00e3o, retardando consideravelmente o adormecimento. Para as crian\u00e7as autistas que podem ter uma rela\u00e7\u00e3o intensa com as tecnologias, essa problem\u00e1tica requer uma abordagem gradual e gentil.<\/p>\n\n            <p>A implementa\u00e7\u00e3o de um \"toque de recolher digital\" duas horas antes de dormir representa o objetivo ideal, mas pode ser dif\u00edcil de implementar abruptamente. Comece reduzindo gradualmente: 30 minutos na primeira semana, depois uma hora, at\u00e9 alcan\u00e7ar as duas horas recomendadas. Durante esse per\u00edodo de transi\u00e7\u00e3o, use filtros de luz azul em todos os dispositivos ou \u00f3culos especializados se a interrup\u00e7\u00e3o total ainda n\u00e3o for poss\u00edvel.<\/p>\n\n            <p>Substitua gradualmente o tempo de tela por atividades alternativas igualmente cativantes. As crian\u00e7as autistas costumam apreciar atividades repetitivas e previs\u00edveis: quebra-cabe\u00e7as, colorir detalhes, constru\u00e7\u00e3o de modelos ou manipula\u00e7\u00e3o de objetos sensoriais. O importante \u00e9 manter um n\u00edvel de engajamento semelhante para evitar a frustra\u00e7\u00e3o relacionada \u00e0 falta de estimula\u00e7\u00e3o.<\/p>\n\n            <div class=\"tip-box\">\n                <div class=\"tip-box-label\">Solu\u00e7\u00e3o tecnol\u00f3gica<\/div>\n                <p>O aplicativo <a href=\"https:\/\/www.dynseo.com\/pt-pt\/coco-pensa-e-coco-se-mexe\/\" style=\"color: var(--dynseo-blue); font-weight: 600;\">COCO PENSA e COCO SE MEXE<\/a> integra um sistema de pausas obrigat\u00f3rias a cada 15 minutos, ajudando naturalmente a regular a exposi\u00e7\u00e3o \u00e0s telas. Essas pausas incluem atividades f\u00edsicas leves que podem se integrar perfeitamente em uma rotina de pr\u00e9-sono, criando uma transi\u00e7\u00e3o natural entre atividade digital e relaxamento.<\/p>\n            <\/div>\n\n            <p>Para as crian\u00e7as muito ligadas \u00e0s suas telas, o uso de temporizadores visuais pode facilitar a transi\u00e7\u00e3o. Esses instrumentos permitem que a crian\u00e7a visualize o tempo restante e se prepare mentalmente para a interrup\u00e7\u00e3o da atividade. Associe sistematicamente o fim do tempo de tela a uma atividade prazerosa para evitar que esse momento se torne fonte de conflito.<\/p>\n\n            <div class=\"expert-box\">\n                <div class=\"expert-box-label\">Pesquisa neurobiol\u00f3gica<\/div>\n                <div class=\"expert-box-title\">Impacto espec\u00edfico da luz azul no autismo<\/div>\n                <p>Estudos recentes mostram que crian\u00e7as autistas apresentam uma sensibilidade particular \u00e0 luz azul, com um impacto na melatonina que pode persistir por at\u00e9 4 horas ap\u00f3s a exposi\u00e7\u00e3o. Essa hipersensibilidade se explica por diferen\u00e7as no funcionamento das c\u00e9lulas ganglionares retinianas.<\/p>\n                \n                <div class=\"expert-inner\">\n<div class=\"expert-inner-title\">Recomenda\u00e7\u00f5es adaptadas<\/div>\n                    <p>Utilize l\u00e2mpadas de espectro quente (2700K no m\u00e1ximo) a partir das 18h, ative os modos \"noite\" em todos os aparelhos e priorize a ilumina\u00e7\u00e3o indireta \u00e0 noite. Essas medidas ajudam a preservar a produ\u00e7\u00e3o natural de melatonina.<\/p>\n                <\/div>\n            <\/div>\n\n            <h2>7. O papel essencial da atividade f\u00edsica e da regula\u00e7\u00e3o sensorial<\/h2>\n\n            <p>A atividade f\u00edsica desempenha um papel fundamental na regula\u00e7\u00e3o do sono, particularmente em crian\u00e7as com autismo que podem apresentar necessidades sensoriais e motoras espec\u00edficas. Um exerc\u00edcio regular e adaptado ajuda a liberar tens\u00f5es, regular o humor e sincronizar o rel\u00f3gio biol\u00f3gico interno. No entanto, o momento e o tipo de atividade s\u00e3o cruciais: uma atividade muito intensa ou muito tardia pode ter o efeito oposto e atrasar o sono.<\/p>\n\n            <p>As atividades proprioceptivas, que estimulam a percep\u00e7\u00e3o da posi\u00e7\u00e3o do corpo no espa\u00e7o, s\u00e3o particularmente ben\u00e9ficas. Elas incluem exerc\u00edcios com resist\u00eancia: carregar objetos pesados, empurrar ou puxar cargas, escalar ou ainda jogos de luta suave. Essas atividades proporcionam um efeito calmante duradouro sobre o sistema nervoso e favorecem um sono mais profundo. Planeje essas atividades preferencialmente no final da tarde, pelo menos tr\u00eas horas antes de dormir.<\/p>\n\n            <p>As atividades vestibulares, que estimulam o equil\u00edbrio e a percep\u00e7\u00e3o do movimento, tamb\u00e9m podem contribuir para a regula\u00e7\u00e3o sensorial. Balan\u00e7os, trampolins, patinetes ou bicicletas oferecem estimula\u00e7\u00f5es que ajudam algumas crian\u00e7as autistas a regular melhor seu n\u00edvel de alerta. Observe atentamente as rea\u00e7\u00f5es do seu filho: alguns ficar\u00e3o calmos com esses movimentos, outros, ao contr\u00e1rio, superexcitados.<\/p>\n\n            <div class=\"conseil-card\">\n                <h4>Programa de atividade f\u00edsica adaptado<\/h4>\n                <p><strong>Manh\u00e3:<\/strong> Atividades din\u00e2micas (corrida, salto, bicicleta)<br>\n                <strong>\u00c0 tarde:<\/strong> Atividades proprioceptivas (carregamento, escalada, jogos de resist\u00eancia)<br>\n                <strong>In\u00edcio da noite:<\/strong> Atividades suaves (caminhada, alongamentos, yoga adaptado)<br>\n                <strong>2h antes de dormir:<\/strong> Parada das atividades estimulantes, espa\u00e7o para atividades calmantes<\/p>\n            <\/div>\n\n            <p>A integra\u00e7\u00e3o de atividades sensoriais espec\u00edficas pode melhorar muito a prepara\u00e7\u00e3o para o sono. Banhos sensoriais com diferentes texturas, jogos de manipula\u00e7\u00e3o (massinha, areia cin\u00e9tica) ou atividades de classifica\u00e7\u00e3o e organiza\u00e7\u00e3o frequentemente proporcionam um efeito calmante. Essas atividades permitem que a crian\u00e7a satisfa\u00e7a suas necessidades sensoriais de maneira controlada e previs\u00edvel.<\/p>\n<div class=\"key-points\">\n                <h4>Benef\u00edcios da atividade f\u00edsica sobre o sono<\/h4>\n                <ul>\n                    <li>Regula\u00e7\u00e3o natural do ritmo circadiano<\/li>\n                    <li>Redu\u00e7\u00e3o da ansiedade e do estresse<\/li>\n                    <li>Melhoria da qualidade do sono profundo<\/li>\n                    <li>Satisfa\u00e7\u00e3o das necessidades sensoriais<\/li>\n                    <li>Elimina\u00e7\u00e3o da energia acumulada<\/li>\n                    <li>Fortalecimento da autoestima<\/li>\n                <\/ul>\n            <\/div>\n\n            <p>A utiliza\u00e7\u00e3o de aplicativos como <a href=\"https:\/\/www.dynseo.com\/pt-pt\/coco-pensa-e-coco-se-mexe\/\" style=\"color: var(--dynseo-blue); font-weight: 600;\">COCO PENSA e COCO SE MEXE<\/a> pode facilitar a integra\u00e7\u00e3o de atividades f\u00edsicas regulares no dia a dia. Essas ferramentas oferecem exerc\u00edcios adaptados para crian\u00e7as com autismo, com pausas ativas que quebram naturalmente os per\u00edodos sedent\u00e1rios e incentivam o movimento ao longo do dia.<\/p>\n\n            <h2>8. Compreender e tratar a ansiedade relacionada ao sono<\/h2>\n\n            <p>A ansiedade noturna \u00e9 um dos principais obst\u00e1culos para um sono tranquilo em crian\u00e7as com autismo. Essa ansiedade pode ter diversas origens: medo do escuro, ang\u00fastia de separa\u00e7\u00e3o, preocupa\u00e7\u00f5es relacionadas \u00e0s mudan\u00e7as do dia seguinte, ou simplesmente apreens\u00e3o em rela\u00e7\u00e3o \u00e0 perda de controle que o adormecer implica. Identificar precisamente as fontes de ansiedade do seu filho \u00e9 o primeiro passo para solu\u00e7\u00f5es eficazes.<\/p>\n\n            <p>O medo do escuro requer uma abordagem gradual. Em vez de impor uma escurid\u00e3o total, crie um ambiente reconfortante com ilumina\u00e7\u00f5es suaves e previs\u00edveis. As luzes noturnas com intensidade vari\u00e1vel permitem diminuir gradualmente a luminosidade ao longo de v\u00e1rias semanas. Algumas crian\u00e7as se sentem mais seguras mantendo a porta entreaberta ou tendo um objeto luminoso familiar por perto.<\/p>\n\n            <p>A ang\u00fastia de separa\u00e7\u00e3o pode ser acalmada por objetos de transi\u00e7\u00e3o personalizados: uma roupa com o cheiro de um dos pais, uma foto de fam\u00edlia perto da cama, ou uma grava\u00e7\u00e3o de voz de pessoas familiares. Esses elementos mant\u00eam simbolicamente a presen\u00e7a parental enquanto favorecem a autonomia gradual. No entanto, evite criar uma depend\u00eancia excessiva da sua presen\u00e7a f\u00edsica.<\/p>\n\n            <div class=\"tip-box\">\n                <div class=\"tip-box-label\">T\u00e9cnica de dessensibiliza\u00e7\u00e3o<\/div>\n                <p>Para reduzir a ansiedade relacionada ao sono, pratique a \"subida das escadas para o sono\": a cada noite, diminua ligeiramente sua presen\u00e7a no quarto. Comece sentado perto da cama, depois em uma cadeira mais distante, depois na soleira da porta, at\u00e9 poder dizer boa noite do corredor.<\/p>\n            <\/div>\n\n            <p>As preocupa\u00e7\u00f5es sobre o dia seguinte podem ser acalmadas por rituais de prepara\u00e7\u00e3o e antecipa\u00e7\u00e3o. Crie juntos um planejamento visual do dia seguinte, discuta as atividades previstas, prepare as roupas e os materiais necess\u00e1rios. Essa prepara\u00e7\u00e3o reduz a incerteza e permite que a crian\u00e7a se projete tranquilamente no sono.<\/p>\n\n            <div class=\"expert-box\">\n                <div class=\"expert-box-label\">Abordagem terap\u00eautica<\/div>\n                <div class=\"expert-box-title\">T\u00e9cnicas cognitivo-comportamentais adaptadas<\/div>\n                <p>As terapias cognitivo-comportamentais podem ser adaptadas para crian\u00e7as com autismo para tratar a ansiedade noturna. Essas abordagens incluem a reestrutura\u00e7\u00e3o cognitiva (substituir pensamentos ansiosos por pensamentos positivos), a relaxa\u00e7\u00e3o progressiva e a exposi\u00e7\u00e3o gradual a situa\u00e7\u00f5es ansiosas.<\/p>\n<div class=\"expert-inner\">\n                    <div class=\"expert-inner-title\">Ferramentas pr\u00e1ticas<\/div>\n                    <p>Utilize suportes visuais para materializar os pensamentos: caixa de preocupa\u00e7\u00f5es para \"organizar\" as preocupa\u00e7\u00f5es, cart\u00f5es de pensamentos positivos para repetir, ou quadro de conquistas para refor\u00e7ar a autoconfian\u00e7a. Essas ferramentas concretas facilitam a compreens\u00e3o e a aplica\u00e7\u00e3o das t\u00e9cnicas.<\/p>\n                <\/div>\n            <\/div>\n\n            <h2>9. Nutri\u00e7\u00e3o e hidrata\u00e7\u00e3o: impacto na qualidade do sono<\/h2>\n\n            <p>A alimenta\u00e7\u00e3o desempenha um papel muitas vezes subestimado na qualidade do sono das crian\u00e7as com autismo. Alguns alimentos e nutrientes podem favorecer o adormecimento e um sono reparador, enquanto outros podem perturb\u00e1-lo significativamente. As crian\u00e7as autistas apresentam frequentemente particularidades alimentares importantes, sendo essencial adaptar as recomenda\u00e7\u00f5es nutricionais \u00e0s suas prefer\u00eancias e toler\u00e2ncias espec\u00edficas.<\/p>\n\n            <p>O triptofano, amino\u00e1cido precursor da serotonina e depois da melatonina, merece uma aten\u00e7\u00e3o especial. Ele \u00e9 encontrado no peru, frango, ovos, latic\u00ednios, bananas e gr\u00e3os integrais. No entanto, para ser eficaz, o triptofano deve ser consumido com carboidratos complexos que facilitam sua passagem para o c\u00e9rebro. Uma refei\u00e7\u00e3o equilibrada \u00e0 noite incluindo esses elementos pode naturalmente favorecer o adormecimento.<\/p>\n\n            <p>Por outro lado, alguns alimentos podem perturbar o sono e devem ser evitados no final do dia. A cafe\u00edna, presente no chocolate, alguns refrigerantes e ch\u00e1s, pode afetar o sono at\u00e9 8 horas ap\u00f3s o consumo. Alimentos muito a\u00e7ucarados provocam picos glic\u00eamicos seguidos de quedas bruscas que podem acordar a crian\u00e7a no meio da noite. Refei\u00e7\u00f5es muito pesadas ou apimentadas exigem excessivamente o sistema digestivo e retardam o adormecimento.<\/p>\n\n            <div class=\"conseil-card\">\n                <h4>Menu tipo favorecendo o sono<\/h4>\n                <p><strong>Caf\u00e9 da manh\u00e3:<\/strong> Gr\u00e3os integrais, iogurte, frutas<br>\n                <strong>Almo\u00e7o:<\/strong> Prote\u00ednas magras, legumes, carboidratos integrais<br>\n                <strong>Lanche (16h no m\u00e1ximo):<\/strong> Frutas, oleaginosas, latic\u00ednios<br>\n                <strong>Jantar (3h antes de dormir):<\/strong> Peixe ou ave, legumes no vapor, arroz integral<br>\n                <strong>Poss\u00edvel lanche:<\/strong> Leite morno, banana, ou ch\u00e1 de ervas suave<\/p>\n            <\/div>\n\n            <p>A hidrata\u00e7\u00e3o requer um equil\u00edbrio delicado: a desidrata\u00e7\u00e3o pode perturbar o sono, mas o consumo excessivo de l\u00edquidos \u00e0 noite leva a despertadas noturnas para urinar. Incentive uma hidrata\u00e7\u00e3o regular ao longo do dia e, em seguida, limite as bebidas duas horas antes de dormir. Se a crian\u00e7a tiver sede \u00e0 noite, ofere\u00e7a pequenas quantidades de \u00e1gua morna ou um ch\u00e1 leve.<\/p>\n<div class=\"key-points\">\n                <h4>Princ\u00edpios nutricionais para um bom sono<\/h4>\n                <ul>\n                    <li>Jantar 3 horas no m\u00ednimo antes de dormir<\/li>\n                    <li>Priorizar carboidratos complexos e triptofano<\/li>\n                    <li>Evitar cafe\u00edna, a\u00e7\u00facar r\u00e1pido e especiarias \u00e0 noite<\/li>\n                    <li>Hidrata\u00e7\u00e3o regular durante o dia, limitada \u00e0 noite<\/li>\n                    <li>Respeitar as prefer\u00eancias alimentares da crian\u00e7a<\/li>\n                    <li>Introduzir gradualmente os novos alimentos<\/li>\n                <\/ul>\n            <\/div>\n\n            <p>Para crian\u00e7as com autismo e restri\u00e7\u00f5es alimentares importantes, trabalhe com um nutricionista especializado para identificar alternativas aceit\u00e1veis. O objetivo n\u00e3o \u00e9 desestabilizar completamente a alimenta\u00e7\u00e3o, mas otimizar gradualmente as escolhas dentro das prefer\u00eancias existentes. \u00c0s vezes, pequenos ajustes nos hor\u00e1rios ou modos de preparo s\u00e3o suficientes para melhorar o impacto no sono.<\/p>\n\n            <h2>10. Quando e como consultar profissionais especializados<\/h2>\n\n            <p>Apesar de todos os esfor\u00e7os e estrat\u00e9gias implementadas, alguns dist\u00farbios do sono necessitam da interven\u00e7\u00e3o de profissionais especializados. \u00c9 importante saber reconhecer os sinais de alerta que justificam uma consulta m\u00e9dica: dist\u00farbios persistindo por mais de tr\u00eas meses apesar das adapta\u00e7\u00f5es, roncos significativos sugerindo apneias, despertares com sensa\u00e7\u00e3o de sufocamento, sonol\u00eancia diurna excessiva afetando os aprendizados, ou comportamentos perigosos relacionados \u00e0 falta de sono.<\/p>\n\n            <p>O pediatra costuma ser o primeiro interlocutor para avaliar a situa\u00e7\u00e3o global e encaminhar para especialistas, se necess\u00e1rio. Ele pode prescrever exames complementares como uma polissonografia (registro do sono em laborat\u00f3rio) para objetivar os dist\u00farbios e identificar poss\u00edveis patologias subjacentes como a apneia do sono ou os movimentos peri\u00f3dicos das pernas.<\/p>\n\n            <p>Os centros especializados em dist\u00farbios do sono pedi\u00e1tricos oferecem uma expertise particularmente valiosa para crian\u00e7as com autismo. Essas equipes multidisciplinares incluem m\u00e9dicos do sono, psic\u00f3logos, e \u00e0s vezes terapeutas ocupacionais ou psicomotricistas. Eles podem propor avalia\u00e7\u00f5es aprofundadas e atendimentos personalizados combinando abordagens comportamentais e medicamentosas, se necess\u00e1rio.<\/p>\n\n            <div class=\"expert-box\">\n                <div class=\"expert-box-label\">Percurso de cuidados<\/div>\n                <div class=\"expert-box-title\">Profissionais envolvidos nos dist\u00farbios do sono<\/div>\n                <p>Cada profissional traz uma expertise complementar: o neuropediatra avalia os aspectos neurol\u00f3gicos, o pneumologista pedi\u00e1trico investiga os dist\u00farbios respirat\u00f3rios, o psic\u00f3logo trabalha os aspectos comportamentais e emocionais, o terapeuta ocupacional otimiza o ambiente sensorial.<\/p>\n                \n                <div class=\"expert-inner\">\n<div class=\"expert-inner-title\">Prepara\u00e7\u00e3o da consulta<\/div>\n                    <p>Prepare um dossi\u00ea completo incluindo: di\u00e1rio de sono por 2-3 semanas, v\u00eddeos dos dist\u00farbios observados, lista das estrat\u00e9gias j\u00e1 tentadas, hist\u00f3rico m\u00e9dico detalhado, e question\u00e1rio sobre o impacto diurno dos dist\u00farbios. Esta prepara\u00e7\u00e3o otimiza a efic\u00e1cia da consulta.<\/p>\n                <\/div>\n            <\/div>\n\n            <p>Alguns profissionais se especializam especificamente no acompanhamento das fam\u00edlias de crian\u00e7as autistas para os dist\u00farbios do sono. Esses especialistas compreendem as particularidades do autismo e podem propor abordagens personalizadas respeitando as necessidades sensoriais e comportamentais espec\u00edficas. N\u00e3o hesite em buscar essas compet\u00eancias particulares na sua regi\u00e3o.<\/p>\n\n            <div class=\"tip-box\">\n                <div class=\"tip-box-label\">Recursos complementares<\/div>\n                <p>As aplica\u00e7\u00f5es especializadas como <a href=\"https:\/\/www.dynseo.com\/pt-pt\/coco-pensa-e-coco-se-mexe\/\" style=\"color: var(--dynseo-blue); font-weight: 600;\">COCO PENSA e COCO SE MEXE<\/a> podem fornecer dados objetivos sobre os padr\u00f5es de atividade do seu filho, \u00fateis durante as consultas. Essas ferramentas permitem documentar o impacto dos dist\u00farbios do sono sobre o desempenho cognitivo e o humor diurno.<\/p>\n            <\/div>\n\n            <h2>11. Abordagens medicamentosas: benef\u00edcios e precau\u00e7\u00f5es<\/h2>\n\n            <p>Os tratamentos medicamentosos dos dist\u00farbios do sono em crian\u00e7as autistas devem ser considerados com cautela e sempre em complemento \u00e0s abordagens comportamentais. A melatonina representa a op\u00e7\u00e3o terap\u00eautica de primeira inten\u00e7\u00e3o, sendo um horm\u00f4nio naturalmente produzido pelo organismo para regular os ciclos vig\u00edlia-sono. Os estudos mostram sua efic\u00e1cia particular em crian\u00e7as autistas, com benef\u00edcios na indu\u00e7\u00e3o do sono e na qualidade do sono.<\/p>\n\n            <p>A prescri\u00e7\u00e3o de melatonina requer um acompanhamento m\u00e9dico rigoroso para determinar a dose ideal, geralmente entre 1 e 6 mg, e o momento da administra\u00e7\u00e3o, idealmente 30 minutos a 2 horas antes do hor\u00e1rio de dormir desejado. Os efeitos colaterais s\u00e3o geralmente m\u00ednimos: sonol\u00eancia matinal, dores de cabe\u00e7a leves ou altera\u00e7\u00f5es tempor\u00e1rias de humor. \u00c9 crucial respeitar rigorosamente as prescri\u00e7\u00f5es m\u00e9dicas.<\/p>\n\n            <p>Outras medica\u00e7\u00f5es podem ser consideradas em casos espec\u00edficos: anti-histam\u00ednicos pelo seu efeito sedativo, mas com risco de depend\u00eancia e efeitos paradoxais em algumas crian\u00e7as autistas; alfa-agonistas como a clonidina para crian\u00e7as que tamb\u00e9m apresentam hiperatividade; antidepressivos em baixa dose em casos de ansiedade severa associada. Essas prescri\u00e7\u00f5es permanecem excepcionais e necessitam de monitoramento m\u00e9dico pr\u00f3ximo.<\/p>\n\n            <div class=\"expert-box\">\n                <div class=\"expert-box-label\">Evid\u00eancia cient\u00edfica<\/div>\n                <div class=\"expert-box-title\">Efic\u00e1cia da melatonina no autismo<\/div>\n                <p>As meta-an\u00e1lises recentes confirmam a efic\u00e1cia da melatonina em 60-80% das crian\u00e7as autistas com dist\u00farbios do sono. Os benef\u00edcios incluem uma redu\u00e7\u00e3o do tempo de adormecimento de 30-60 minutos, uma diminui\u00e7\u00e3o dos despertares noturnos e uma melhoria do comportamento diurno.<\/p>\n                \n                <div class=\"expert-inner\">\n<div class=\"expert-inner-title\">Protocolo de utiliza\u00e7\u00e3o ideal<\/div>\n                    <p>Come\u00e7ar pela dose m\u00ednima eficaz, administrar em hor\u00e1rio fixo todas as noites, manter as medidas de higiene do sono em paralelo e reavaliar a efic\u00e1cia a cada 3 meses. Uma descontinua\u00e7\u00e3o gradual pode ser tentada ap\u00f3s 6-12 meses de estabiliza\u00e7\u00e3o.<\/p>\n                <\/div>\n            <\/div>\n\n            <div class=\"key-points\">\n                <h4>Princ\u00edpios da abordagem medicamentosa<\/h4>\n                <ul>\n                    <li>Abordagem comportamental priorit\u00e1ria, medicamentos como complemento<\/li>\n                    <li>Avalia\u00e7\u00e3o m\u00e9dica especializada indispens\u00e1vel<\/li>\n                    <li>Escolha do tratamento adequado ao perfil individual<\/li>\n                    <li>Monitoramento regular dos efeitos e da efic\u00e1cia<\/li>\n                    <li>Reavalia\u00e7\u00e3o peri\u00f3dica da necessidade do tratamento<\/li>\n                    <li>Informa\u00e7\u00e3o completa dos pais sobre benef\u00edcios\/riscos<\/li>\n                <\/ul>\n            <\/div>\n\n            <p>\u00c9 essencial manter as estrat\u00e9gias comportamentais mesmo durante um tratamento medicamentoso. Os medicamentos nunca constituem uma solu\u00e7\u00e3o milagrosa, mas sim uma ferramenta tempor\u00e1ria para facilitar a implementa\u00e7\u00e3o de bons h\u00e1bitos de sono. O objetivo a longo prazo continua sendo a autonomia da crian\u00e7a e da fam\u00edlia na gest\u00e3o do sono.<\/p>\n\n            <h2>12. Gerenciar situa\u00e7\u00f5es de crise e regress\u00f5es tempor\u00e1rias<\/h2>\n\n            <p>Os dist\u00farbios do sono em crian\u00e7as autistas frequentemente apresentam flutua\u00e7\u00f5es, com per\u00edodos de melhora seguidos de regress\u00f5es que podem desanimar as fam\u00edlias. Essas varia\u00e7\u00f5es s\u00e3o normais e podem ser explicadas por muitos fatores: surtos de crescimento, mudan\u00e7as ambientais, estresse, modifica\u00e7\u00f5es de rotina ou evolu\u00e7\u00f5es desenvolvimentais.\n<script type=\"application\/ld+json\">\n{\n  \"@context\": \"https:\/\/schema.org\",\n  \"@graph\": [\n    {\n      \"@type\": \"Article\",\n      \"headline\": \"L'autismo et les troubles du sommeil : solutions pour favoriser un sommeil r\u00e9parateur\",\n      \"description\": \"D\u00e9couvrez les liens entre autismo et troubles du sommeil, ainsi que des solutions pratiques pour am\u00e9liorer la qualit\u00e9 du sommeil des personnes autistes.\",\n      \"url\": \"https:\/\/www.dynseo.com\/lautismo-et-les-troubles-du-sommeil-solutions-pour-favoriser-un-sommeil-reparateur\/\",\n      \"datePublished\": \"2026-04-07\",\n      \"dateModified\": \"2026-04-07\",\n      \"image\": \"https:\/\/www.dynseo.com\/wp-content\/uploads\/2024\/autismo-sommeil-solutions.jpg\",\n      \"author\": {\n        \"@type\": \"Organization\",\n        \"name\": \"DYNSEO\",\n        \"url\": \"https:\/\/www.dynseo.com\"\n      },\n      \"publisher\": {\n        \"@type\": \"Organization\",\n        \"name\": \"DYNSEO\",\n        \"url\": \"https:\/\/www.dynseo.com\",\n        \"logo\": {\n          \"@type\": \"ImageObject\",\n          \"url\": \"https:\/\/www.dynseo.com\/wp-content\/uploads\/2023\/logo-dynseo.png\"\n        }\n      },\n      \"aggregateRating\": {\n        \"@type\": \"AggregateRating\",\n        \"ratingValue\": \"4.8\",\n        \"bestRating\": \"5\",\n        \"ratingCount\": \"47\"\n      }\n    },\n    {\n      \"@type\": \"WebPage\",\n      \"url\": \"https:\/\/www.dynseo.com\/lautismo-et-les-troubles-du-sommeil-solutions-pour-favoriser-un-sommeil-reparateur\/\",\n      \"name\": \"L'autismo et les troubles du sommeil : solutions pour favoriser un sommeil r\u00e9parateur\",\n      \"description\": \"D\u00e9couvrez les liens entre autismo et troubles du sommeil, ainsi que des solutions pratiques pour am\u00e9liorer la qualit\u00e9 du sommeil des personnes autistes.\"\n    },\n    {\n      \"@type\": \"BreadcrumbList\",\n      \"itemListElement\": [\n        {\n          \"@type\": \"ListItem\",\n          \"position\": 1,\n          \"name\": \"Accueil\",\n          \"item\": \"https:\/\/www.dynseo.com\"\n        },\n        {\n          \"@type\": \"ListItem\",\n          \"position\": 2,\n          \"name\": \"Blog\",\n          \"item\": \"https:\/\/www.dynseo.com\/blog\"\n        },\n        {\n          \"@type\": \"ListItem\",\n          \"position\": 3,\n          \"name\": \"L'autismo et les troubles du sommeil : solutions pour favoriser un sommeil r\u00e9parateur\",\n          \"item\": \"https:\/\/www.dynseo.com\/lautismo-et-les-troubles-du-sommeil-solutions-pour-favoriser-un-sommeil-reparateur\/\"\n        }\n      ]\n    },\n    {\n      \"@type\": \"FAQPage\",\n      \"mainEntity\": [\n        {\n          \"@type\": \"Question\",\n          \"name\": \"Pourquoi les personnes autistes ont-elles plus de difficult\u00e9s de sommeil ?\",\n          \"acceptedAnswer\": {\n            \"@type\": \"Answer\",\n            \"text\": \"Les personnes autistes peuvent avoir des difficult\u00e9s de sommeil en raison de particularit\u00e9s neurologiques, d'hypersensibilit\u00e9s sensorielles, d'anxi\u00e9t\u00e9, de difficult\u00e9s \u00e0 g\u00e9rer les changements de routine, et de diff\u00e9rences dans la production de m\u00e9latonine.\"\n          }\n        },\n        {\n          \"@type\": \"Question\",\n          \"name\": \"Quelles sont les solutions pour am\u00e9liorer le sommeil chez les personnes autistes ?\",\n          \"acceptedAnswer\": {\n            \"@type\": \"Answer\",\n            \"text\": \"Les solutions incluent l'\u00e9tablissement d'une routine de coucher structur\u00e9e, l'adaptation de l'environnement de sommeil, la gestion des stimulations sensorielles, l'utilisation d'outils visuels, et parfois la suppl\u00e9mentation en m\u00e9latonine sous supervision m\u00e9dicale.\"\n          }\n        },\n        {\n          \"@type\": \"Question\",\n          \"name\": \"Comment cr\u00e9er un environnement de sommeil adapt\u00e9 \u00e0 une personne autiste ?\",\n          \"acceptedAnswer\": {\n            \"@type\": \"Answer\",\n            \"text\": \"Il faut r\u00e9duire les stimulations sensorielles (lumi\u00e8re, bruit), maintenir une temp\u00e9rature confortable, utiliser des tissus adapt\u00e9s, \u00e9liminer les distractions visuelles, et cr\u00e9er un espace pr\u00e9visible et s\u00e9curisant avec des objets r\u00e9confortants si n\u00e9cessaire.\"\n          }\n        }\n      ]\n    }\n  ]\n}\n<\/script>[\/et_pb_code][\/et_pb_column][\/et_pb_row][\/et_pb_section]","_et_gb_content_width":"","footnotes":""},"categories":[2915,2872],"tags":[3091,3113,3499,3456,3405],"class_list":["post-130694","post","type-post","status-publish","format-standard","has-post-thumbnail","hentry","category-les-conseils-des-coachs","category-tout-sur-lautisme","tag-autisme-enfant","tag-autisme-enfant-en-2","tag-autismo-em-criancas-pt-pt","tag-autismo-en-ninos","tag-3405"],"yoast_head":"<!-- This site is optimized with the Yoast SEO plugin v27.4 - https:\/\/yoast.com\/product\/yoast-seo-wordpress\/ -->\n<title>Autismo e os transtornos do sono: solu\u00e7\u00f5es para favorecer um sono reparador - DYNSEO - Aplica\u00e7\u00f5es educativas e jogos de mem\u00f3ria<\/title>\n<meta name=\"robots\" content=\"index, follow, max-snippet:-1, max-image-preview:large, max-video-preview:-1\" \/>\n<link rel=\"canonical\" href=\"https:\/\/www.dynseo.com\/pt-pt\/autismo-e-os-transtornos-do-sono-solucoes-para-favorecer-um-sono-reparador\/\" \/>\n<meta property=\"og:locale\" content=\"pt_PT\" \/>\n<meta property=\"og:type\" content=\"article\" \/>\n<meta property=\"og:title\" content=\"Autismo e os transtornos do sono: solu\u00e7\u00f5es para favorecer um sono reparador - DYNSEO - Aplica\u00e7\u00f5es educativas e jogos de mem\u00f3ria\" \/>\n<meta property=\"og:url\" content=\"https:\/\/www.dynseo.com\/pt-pt\/autismo-e-os-transtornos-do-sono-solucoes-para-favorecer-um-sono-reparador\/\" \/>\n<meta property=\"og:site_name\" content=\"DYNSEO - Aplica\u00e7\u00f5es educativas e jogos de mem\u00f3ria\" \/>\n<meta property=\"article:published_time\" content=\"2024-07-10T07:03:57+00:00\" \/>\n<meta property=\"article:modified_time\" content=\"2026-04-28T11:18:31+00:00\" \/>\n<meta property=\"og:image\" content=\"https:\/\/www.dynseo.com\/wp-content\/uploads\/2024\/05\/Copie-de-Accueil-article-France-15-1-1024x768.png\" \/>\n\t<meta property=\"og:image:width\" content=\"1024\" \/>\n\t<meta property=\"og:image:height\" content=\"768\" \/>\n\t<meta property=\"og:image:type\" content=\"image\/png\" \/>\n<meta name=\"author\" content=\"DYNSEO\" \/>\n<meta name=\"twitter:label1\" content=\"Escrito por\" \/>\n\t<meta name=\"twitter:data1\" content=\"DYNSEO\" \/>\n\t<meta name=\"twitter:label2\" content=\"Tempo estimado de leitura\" \/>\n\t<meta name=\"twitter:data2\" content=\"18 minutos\" \/>\n<script type=\"application\/ld+json\" class=\"yoast-schema-graph\">{\"@context\":\"https:\\\/\\\/schema.org\",\"@graph\":[{\"@type\":\"Article\",\"@id\":\"https:\\\/\\\/www.dynseo.com\\\/pt-pt\\\/autismo-e-os-transtornos-do-sono-solucoes-para-favorecer-um-sono-reparador\\\/#article\",\"isPartOf\":{\"@id\":\"https:\\\/\\\/www.dynseo.com\\\/pt-pt\\\/autismo-e-os-transtornos-do-sono-solucoes-para-favorecer-um-sono-reparador\\\/\"},\"author\":{\"name\":\"DYNSEO\",\"@id\":\"https:\\\/\\\/www.dynseo.com\\\/pt-pt\\\/#\\\/schema\\\/person\\\/78ef63df2ee64e0989bc68f8401b38d6\"},\"headline\":\"Autismo e os transtornos do sono: solu\u00e7\u00f5es para favorecer um sono reparador\",\"datePublished\":\"2024-07-10T07:03:57+00:00\",\"dateModified\":\"2026-04-28T11:18:31+00:00\",\"mainEntityOfPage\":{\"@id\":\"https:\\\/\\\/www.dynseo.com\\\/pt-pt\\\/autismo-e-os-transtornos-do-sono-solucoes-para-favorecer-um-sono-reparador\\\/\"},\"wordCount\":5598,\"publisher\":{\"@id\":\"https:\\\/\\\/www.dynseo.com\\\/pt-pt\\\/#organization\"},\"image\":{\"@id\":\"https:\\\/\\\/www.dynseo.com\\\/pt-pt\\\/autismo-e-os-transtornos-do-sono-solucoes-para-favorecer-um-sono-reparador\\\/#primaryimage\"},\"thumbnailUrl\":\"https:\\\/\\\/www.dynseo.com\\\/wp-content\\\/uploads\\\/2024\\\/05\\\/Copie-de-Accueil-article-France-15-1.png\",\"keywords\":[\"autisme enfant\",\"autisme enfant\",\"autismo em crian\u00e7as\",\"autismo en ni\u00f1os\",\"\u513f\u7ae5\u81ea\u95ed\u75c7\"],\"articleSection\":[\"Les conseils des coachs\",\"Tout sur l'Autisme\"],\"inLanguage\":\"pt-PT\"},{\"@type\":\"WebPage\",\"@id\":\"https:\\\/\\\/www.dynseo.com\\\/pt-pt\\\/autismo-e-os-transtornos-do-sono-solucoes-para-favorecer-um-sono-reparador\\\/\",\"url\":\"https:\\\/\\\/www.dynseo.com\\\/pt-pt\\\/autismo-e-os-transtornos-do-sono-solucoes-para-favorecer-um-sono-reparador\\\/\",\"name\":\"Autismo e os transtornos do sono: solu\u00e7\u00f5es para favorecer um sono reparador - DYNSEO - Aplica\u00e7\u00f5es educativas e jogos de mem\u00f3ria\",\"isPartOf\":{\"@id\":\"https:\\\/\\\/www.dynseo.com\\\/pt-pt\\\/#website\"},\"primaryImageOfPage\":{\"@id\":\"https:\\\/\\\/www.dynseo.com\\\/pt-pt\\\/autismo-e-os-transtornos-do-sono-solucoes-para-favorecer-um-sono-reparador\\\/#primaryimage\"},\"image\":{\"@id\":\"https:\\\/\\\/www.dynseo.com\\\/pt-pt\\\/autismo-e-os-transtornos-do-sono-solucoes-para-favorecer-um-sono-reparador\\\/#primaryimage\"},\"thumbnailUrl\":\"https:\\\/\\\/www.dynseo.com\\\/wp-content\\\/uploads\\\/2024\\\/05\\\/Copie-de-Accueil-article-France-15-1.png\",\"datePublished\":\"2024-07-10T07:03:57+00:00\",\"dateModified\":\"2026-04-28T11:18:31+00:00\",\"breadcrumb\":{\"@id\":\"https:\\\/\\\/www.dynseo.com\\\/pt-pt\\\/autismo-e-os-transtornos-do-sono-solucoes-para-favorecer-um-sono-reparador\\\/#breadcrumb\"},\"inLanguage\":\"pt-PT\",\"potentialAction\":[{\"@type\":\"ReadAction\",\"target\":[\"https:\\\/\\\/www.dynseo.com\\\/pt-pt\\\/autismo-e-os-transtornos-do-sono-solucoes-para-favorecer-um-sono-reparador\\\/\"]}]},{\"@type\":\"ImageObject\",\"inLanguage\":\"pt-PT\",\"@id\":\"https:\\\/\\\/www.dynseo.com\\\/pt-pt\\\/autismo-e-os-transtornos-do-sono-solucoes-para-favorecer-um-sono-reparador\\\/#primaryimage\",\"url\":\"https:\\\/\\\/www.dynseo.com\\\/wp-content\\\/uploads\\\/2024\\\/05\\\/Copie-de-Accueil-article-France-15-1.png\",\"contentUrl\":\"https:\\\/\\\/www.dynseo.com\\\/wp-content\\\/uploads\\\/2024\\\/05\\\/Copie-de-Accueil-article-France-15-1.png\",\"width\":2000,\"height\":1500,\"caption\":\"Atividades divertidas e desafiadoras para melhorar a cogni\u00e7\u00e3o de pacientes com Alzheimer\"},{\"@type\":\"BreadcrumbList\",\"@id\":\"https:\\\/\\\/www.dynseo.com\\\/pt-pt\\\/autismo-e-os-transtornos-do-sono-solucoes-para-favorecer-um-sono-reparador\\\/#breadcrumb\",\"itemListElement\":[{\"@type\":\"ListItem\",\"position\":1,\"name\":\"Accueil\",\"item\":\"https:\\\/\\\/www.dynseo.com\\\/pt-pt\\\/\"},{\"@type\":\"ListItem\",\"position\":2,\"name\":\"Autismo e os transtornos do sono: solu\u00e7\u00f5es para favorecer um sono reparador\"}]},{\"@type\":\"WebSite\",\"@id\":\"https:\\\/\\\/www.dynseo.com\\\/pt-pt\\\/#website\",\"url\":\"https:\\\/\\\/www.dynseo.com\\\/pt-pt\\\/\",\"name\":\"Jeux de m\u00e9moire et stimulation cognitive\",\"description\":\"Entra\u00eenez votre m\u00e9moire et votre cerveau avec DYNSEO\",\"publisher\":{\"@id\":\"https:\\\/\\\/www.dynseo.com\\\/pt-pt\\\/#organization\"},\"potentialAction\":[{\"@type\":\"SearchAction\",\"target\":{\"@type\":\"EntryPoint\",\"urlTemplate\":\"https:\\\/\\\/www.dynseo.com\\\/pt-pt\\\/?s={search_term_string}\"},\"query-input\":{\"@type\":\"PropertyValueSpecification\",\"valueRequired\":true,\"valueName\":\"search_term_string\"}}],\"inLanguage\":\"pt-PT\"},{\"@type\":\"Organization\",\"@id\":\"https:\\\/\\\/www.dynseo.com\\\/pt-pt\\\/#organization\",\"name\":\"DYNSEO\",\"url\":\"https:\\\/\\\/www.dynseo.com\\\/pt-pt\\\/\",\"logo\":{\"@type\":\"ImageObject\",\"inLanguage\":\"pt-PT\",\"@id\":\"https:\\\/\\\/www.dynseo.com\\\/pt-pt\\\/#\\\/schema\\\/logo\\\/image\\\/\",\"url\":\"https:\\\/\\\/www.dynseo.com\\\/wp-content\\\/uploads\\\/2022\\\/05\\\/logo-dynseo-new.png\",\"contentUrl\":\"https:\\\/\\\/www.dynseo.com\\\/wp-content\\\/uploads\\\/2022\\\/05\\\/logo-dynseo-new.png\",\"width\":5073,\"height\":1397,\"caption\":\"DYNSEO\"},\"image\":{\"@id\":\"https:\\\/\\\/www.dynseo.com\\\/pt-pt\\\/#\\\/schema\\\/logo\\\/image\\\/\"}},{\"@type\":\"Person\",\"@id\":\"https:\\\/\\\/www.dynseo.com\\\/pt-pt\\\/#\\\/schema\\\/person\\\/78ef63df2ee64e0989bc68f8401b38d6\",\"name\":\"DYNSEO\",\"url\":\"https:\\\/\\\/www.dynseo.com\\\/pt-pt\\\/author\\\/justine\\\/\"}]}<\/script>\n<!-- \/ Yoast SEO plugin. -->","yoast_head_json":{"title":"Autismo e os transtornos do sono: solu\u00e7\u00f5es para favorecer um sono reparador - DYNSEO - Aplica\u00e7\u00f5es educativas e jogos de mem\u00f3ria","robots":{"index":"index","follow":"follow","max-snippet":"max-snippet:-1","max-image-preview":"max-image-preview:large","max-video-preview":"max-video-preview:-1"},"canonical":"https:\/\/www.dynseo.com\/pt-pt\/autismo-e-os-transtornos-do-sono-solucoes-para-favorecer-um-sono-reparador\/","og_locale":"pt_PT","og_type":"article","og_title":"Autismo e os transtornos do sono: solu\u00e7\u00f5es para favorecer um sono reparador - DYNSEO - Aplica\u00e7\u00f5es educativas e jogos de mem\u00f3ria","og_url":"https:\/\/www.dynseo.com\/pt-pt\/autismo-e-os-transtornos-do-sono-solucoes-para-favorecer-um-sono-reparador\/","og_site_name":"DYNSEO - Aplica\u00e7\u00f5es educativas e jogos de mem\u00f3ria","article_published_time":"2024-07-10T07:03:57+00:00","article_modified_time":"2026-04-28T11:18:31+00:00","og_image":[{"width":1024,"height":768,"url":"https:\/\/www.dynseo.com\/wp-content\/uploads\/2024\/05\/Copie-de-Accueil-article-France-15-1-1024x768.png","type":"image\/png"}],"author":"DYNSEO","twitter_misc":{"Escrito por":"DYNSEO","Tempo estimado de leitura":"18 minutos"},"schema":{"@context":"https:\/\/schema.org","@graph":[{"@type":"Article","@id":"https:\/\/www.dynseo.com\/pt-pt\/autismo-e-os-transtornos-do-sono-solucoes-para-favorecer-um-sono-reparador\/#article","isPartOf":{"@id":"https:\/\/www.dynseo.com\/pt-pt\/autismo-e-os-transtornos-do-sono-solucoes-para-favorecer-um-sono-reparador\/"},"author":{"name":"DYNSEO","@id":"https:\/\/www.dynseo.com\/pt-pt\/#\/schema\/person\/78ef63df2ee64e0989bc68f8401b38d6"},"headline":"Autismo e os transtornos do sono: solu\u00e7\u00f5es para favorecer um sono reparador","datePublished":"2024-07-10T07:03:57+00:00","dateModified":"2026-04-28T11:18:31+00:00","mainEntityOfPage":{"@id":"https:\/\/www.dynseo.com\/pt-pt\/autismo-e-os-transtornos-do-sono-solucoes-para-favorecer-um-sono-reparador\/"},"wordCount":5598,"publisher":{"@id":"https:\/\/www.dynseo.com\/pt-pt\/#organization"},"image":{"@id":"https:\/\/www.dynseo.com\/pt-pt\/autismo-e-os-transtornos-do-sono-solucoes-para-favorecer-um-sono-reparador\/#primaryimage"},"thumbnailUrl":"https:\/\/www.dynseo.com\/wp-content\/uploads\/2024\/05\/Copie-de-Accueil-article-France-15-1.png","keywords":["autisme enfant","autisme enfant","autismo em crian\u00e7as","autismo en ni\u00f1os","\u513f\u7ae5\u81ea\u95ed\u75c7"],"articleSection":["Les conseils des coachs","Tout sur l'Autisme"],"inLanguage":"pt-PT"},{"@type":"WebPage","@id":"https:\/\/www.dynseo.com\/pt-pt\/autismo-e-os-transtornos-do-sono-solucoes-para-favorecer-um-sono-reparador\/","url":"https:\/\/www.dynseo.com\/pt-pt\/autismo-e-os-transtornos-do-sono-solucoes-para-favorecer-um-sono-reparador\/","name":"Autismo e os transtornos do sono: solu\u00e7\u00f5es para favorecer um sono reparador - DYNSEO - Aplica\u00e7\u00f5es educativas e jogos de mem\u00f3ria","isPartOf":{"@id":"https:\/\/www.dynseo.com\/pt-pt\/#website"},"primaryImageOfPage":{"@id":"https:\/\/www.dynseo.com\/pt-pt\/autismo-e-os-transtornos-do-sono-solucoes-para-favorecer-um-sono-reparador\/#primaryimage"},"image":{"@id":"https:\/\/www.dynseo.com\/pt-pt\/autismo-e-os-transtornos-do-sono-solucoes-para-favorecer-um-sono-reparador\/#primaryimage"},"thumbnailUrl":"https:\/\/www.dynseo.com\/wp-content\/uploads\/2024\/05\/Copie-de-Accueil-article-France-15-1.png","datePublished":"2024-07-10T07:03:57+00:00","dateModified":"2026-04-28T11:18:31+00:00","breadcrumb":{"@id":"https:\/\/www.dynseo.com\/pt-pt\/autismo-e-os-transtornos-do-sono-solucoes-para-favorecer-um-sono-reparador\/#breadcrumb"},"inLanguage":"pt-PT","potentialAction":[{"@type":"ReadAction","target":["https:\/\/www.dynseo.com\/pt-pt\/autismo-e-os-transtornos-do-sono-solucoes-para-favorecer-um-sono-reparador\/"]}]},{"@type":"ImageObject","inLanguage":"pt-PT","@id":"https:\/\/www.dynseo.com\/pt-pt\/autismo-e-os-transtornos-do-sono-solucoes-para-favorecer-um-sono-reparador\/#primaryimage","url":"https:\/\/www.dynseo.com\/wp-content\/uploads\/2024\/05\/Copie-de-Accueil-article-France-15-1.png","contentUrl":"https:\/\/www.dynseo.com\/wp-content\/uploads\/2024\/05\/Copie-de-Accueil-article-France-15-1.png","width":2000,"height":1500,"caption":"Atividades divertidas e desafiadoras para melhorar a cogni\u00e7\u00e3o de pacientes com Alzheimer"},{"@type":"BreadcrumbList","@id":"https:\/\/www.dynseo.com\/pt-pt\/autismo-e-os-transtornos-do-sono-solucoes-para-favorecer-um-sono-reparador\/#breadcrumb","itemListElement":[{"@type":"ListItem","position":1,"name":"Accueil","item":"https:\/\/www.dynseo.com\/pt-pt\/"},{"@type":"ListItem","position":2,"name":"Autismo e os transtornos do sono: solu\u00e7\u00f5es para favorecer um sono reparador"}]},{"@type":"WebSite","@id":"https:\/\/www.dynseo.com\/pt-pt\/#website","url":"https:\/\/www.dynseo.com\/pt-pt\/","name":"Jeux de m\u00e9moire et stimulation cognitive","description":"Entra\u00eenez votre m\u00e9moire et votre cerveau avec DYNSEO","publisher":{"@id":"https:\/\/www.dynseo.com\/pt-pt\/#organization"},"potentialAction":[{"@type":"SearchAction","target":{"@type":"EntryPoint","urlTemplate":"https:\/\/www.dynseo.com\/pt-pt\/?s={search_term_string}"},"query-input":{"@type":"PropertyValueSpecification","valueRequired":true,"valueName":"search_term_string"}}],"inLanguage":"pt-PT"},{"@type":"Organization","@id":"https:\/\/www.dynseo.com\/pt-pt\/#organization","name":"DYNSEO","url":"https:\/\/www.dynseo.com\/pt-pt\/","logo":{"@type":"ImageObject","inLanguage":"pt-PT","@id":"https:\/\/www.dynseo.com\/pt-pt\/#\/schema\/logo\/image\/","url":"https:\/\/www.dynseo.com\/wp-content\/uploads\/2022\/05\/logo-dynseo-new.png","contentUrl":"https:\/\/www.dynseo.com\/wp-content\/uploads\/2022\/05\/logo-dynseo-new.png","width":5073,"height":1397,"caption":"DYNSEO"},"image":{"@id":"https:\/\/www.dynseo.com\/pt-pt\/#\/schema\/logo\/image\/"}},{"@type":"Person","@id":"https:\/\/www.dynseo.com\/pt-pt\/#\/schema\/person\/78ef63df2ee64e0989bc68f8401b38d6","name":"DYNSEO","url":"https:\/\/www.dynseo.com\/pt-pt\/author\/justine\/"}]}},"_links":{"self":[{"href":"https:\/\/www.dynseo.com\/pt-pt\/wp-json\/wp\/v2\/posts\/130694","targetHints":{"allow":["GET"]}}],"collection":[{"href":"https:\/\/www.dynseo.com\/pt-pt\/wp-json\/wp\/v2\/posts"}],"about":[{"href":"https:\/\/www.dynseo.com\/pt-pt\/wp-json\/wp\/v2\/types\/post"}],"author":[{"embeddable":true,"href":"https:\/\/www.dynseo.com\/pt-pt\/wp-json\/wp\/v2\/users\/4"}],"replies":[{"embeddable":true,"href":"https:\/\/www.dynseo.com\/pt-pt\/wp-json\/wp\/v2\/comments?post=130694"}],"version-history":[{"count":21,"href":"https:\/\/www.dynseo.com\/pt-pt\/wp-json\/wp\/v2\/posts\/130694\/revisions"}],"predecessor-version":[{"id":567511,"href":"https:\/\/www.dynseo.com\/pt-pt\/wp-json\/wp\/v2\/posts\/130694\/revisions\/567511"}],"wp:featuredmedia":[{"embeddable":true,"href":"https:\/\/www.dynseo.com\/pt-pt\/wp-json\/wp\/v2\/media\/373171"}],"wp:attachment":[{"href":"https:\/\/www.dynseo.com\/pt-pt\/wp-json\/wp\/v2\/media?parent=130694"}],"wp:term":[{"taxonomy":"category","embeddable":true,"href":"https:\/\/www.dynseo.com\/pt-pt\/wp-json\/wp\/v2\/categories?post=130694"},{"taxonomy":"post_tag","embeddable":true,"href":"https:\/\/www.dynseo.com\/pt-pt\/wp-json\/wp\/v2\/tags?post=130694"}],"curies":[{"name":"wp","href":"https:\/\/api.w.org\/{rel}","templated":true}]}}