{"id":130739,"date":"2024-07-10T09:27:40","date_gmt":"2024-07-10T07:27:40","guid":{"rendered":"https:\/\/www.dynseo.com\/comunicar-com-uma-crianca-autista\/"},"modified":"2026-04-28T23:11:45","modified_gmt":"2026-04-28T21:11:45","slug":"a-comunicacao-com-uma-crianca-autista","status":"publish","type":"post","link":"https:\/\/www.dynseo.com\/pt-pt\/a-comunicacao-com-uma-crianca-autista\/","title":{"rendered":"A comunica\u00e7\u00e3o com uma crian\u00e7a autista"},"content":{"rendered":"<p>[et_pb_section fb_built=&#8221;1&#8243; _builder_version=&#8221;4.16&#8243; custom_padding=&#8221;0px|0px|0px|0px|false|false&#8221; margin_top=&#8221;0px&#8221; margin_bottom=&#8221;0px&#8221; global_colors_info=&#8221;{}&#8221;][et_pb_row _builder_version=&#8221;4.16&#8243; custom_padding=&#8221;0px|0px|0px|0px|false|false&#8221; margin_top=&#8221;0px&#8221; margin_bottom=&#8221;0px&#8221; column_structure=&#8221;4_4&#8243; global_colors_info=&#8221;{}&#8221;][et_pb_column type=&#8221;4_4&#8243; _builder_version=&#8221;4.16&#8243; custom_padding=&#8221;0px|0px|0px|0px|false|false&#8221; global_colors_info=&#8221;{}&#8221;][et_pb_code _builder_version=&#8221;4.16&#8243; custom_padding=&#8221;0px|0px|0px|0px|false|false&#8221; global_colors_info=&#8221;{}&#8221;]<\/p>\n<style>\n        :root {\n            --primary-blue: #5e5ed7;\n            --dark-blue: #5268c9;\n            --teal: #a9e2e4;\n            --yellow: #ffeca7;\n            --pink: #e73469;\n            --white: #ffffff;\n            --light-gray: #f8f9fa;\n            --dark-gray: #2c3e50;\n            --text-gray: #6c757d;\n            --border-color: #e9ecef;\n        }<\/p>\n<p>        * {\n            margin: 0;\n            padding: 0;\n            box-sizing: border-box;\n        }<\/p>\n<p>        body {\n            font-family: 'Poppins', sans-serif;\n            line-height: 1.6;\n            color: var(--dark-gray);\n            background: var(--white);\n        }<\/p>\n<p>        .container {\n            max-width: 1200px;\n            margin: 0 auto;\n            padding: 0 20px;\n        }<\/p>\n<p>        .article-hero {\n            background: linear-gradient(135deg, var(--primary-blue) 0%, var(--dark-blue) 100%);\n            color: var(--white);\n            padding: 60px 0 100px;\n            position: relative;\n            overflow: hidden;\n        }<\/p>\n<p>        .article-hero::before {\n            content: '';\n            position: absolute;\n            top: 0;\n            left: 0;\n            right: 0;\n            bottom: 0;\n            background: url('data:image\/svg+xml,<svg xmlns=\"http:\/\/www.w3.org\/2000\/svg\" viewBox=\"0 0 100 100\"><defs><pattern id=\"grid\" width=\"10\" height=\"10\" patternUnits=\"userSpaceOnUse\"><path d=\"M 10 0 L 0 0 0 10\" fill=\"none\" stroke=\"rgba(255,255,255,0.1)\" stroke-width=\"0.5\"\/><\/pattern><\/defs><rect width=\"100\" height=\"100\" fill=\"url(%23grid)\"\/><\/svg>');\n            opacity: 0.3;\n        }<\/p>\n<p>        .article-hero-inner {\n            position: relative;\n            z-index: 2;\n        }<\/p>\n<p>        .article-breadcrumb {\n            font-size: 14px;\n            margin-bottom: 20px;\n            opacity: 0.9;\n        }<\/p>\n<p>        .article-breadcrumb a {\n            color: var(--white);\n            text-decoration: none;\n            opacity: 0.8;\n        }<\/p>\n<p>        .article-breadcrumb a:hover {\n            opacity: 1;\n        }<\/p>\n<p>        .article-category {\n            display: inline-block;\n            background: var(--pink);\n            color: var(--white);\n            padding: 8px 20px;\n            border-radius: 25px;\n            font-size: 14px;\n            font-weight: 600;\n            margin-bottom: 30px;\n            text-transform: uppercase;\n            letter-spacing: 0.5px;\n        }<\/p>\n<p>        .article-hero h1 {\n            font-family: 'Montserrat', sans-serif;\n            font-size: 3.5rem;\n            font-weight: 800;\n            line-height: 1.2;\n            margin-bottom: 30px;\n        }<\/p>\n<p>        .hl {\n            background: linear-gradient(120deg, var(--yellow) 0%, var(--teal) 100%);\n            -webkit-background-clip: text;\n            -webkit-text-fill-color: transparent;\n            background-clip: text;\n        }<\/p>\n<p>        .article-meta {\n            display: flex;\n            align-items: center;\n            gap: 30px;\n            margin-bottom: 40px;\n            flex-wrap: wrap;\n        }<\/p>\n<p>        .article-meta span {\n            display: flex;\n            align-items: center;\n            gap: 8px;\n            font-size: 16px;\n        }<\/p>\n<p>        .stars {\n            display: flex;\n            align-items: center;\n            gap: 10px;\n        }<\/p>\n<p>        .stars-inner {\n            display: flex;\n            gap: 2px;\n        }<\/p>\n<p>        .star {\n            color: var(--yellow);\n            font-size: 18px;\n        }<\/p>\n<p>        .article-hero-curve {\n            position: absolute;\n            bottom: -1px;\n            left: 0;\n            width: 100%;\n            height: 60px;\n            background: var(--white);\n            clip-path: ellipse(100% 100% at 50% 100%);\n        }<\/p>\n<p>        .article-body {\n            padding: 80px 0;\n        }<\/p>\n<p>        .intro-block {\n            font-size: 1.2rem;\n            line-height: 1.8;\n            color: var(--text-gray);\n            margin-bottom: 60px;\n            text-align: center;\n            max-width: 800px;\n            margin-left: auto;\n            margin-right: auto;\n        }<\/p>\n<p>        .stats-grid {\n            display: grid;\n            grid-template-columns: repeat(auto-fit, minmax(250px, 1fr));\n            gap: 30px;\n            margin-bottom: 80px;\n        }<\/p>\n<p>        .stat-card {\n            background: var(--light-gray);\n            padding: 40px 30px;\n            border-radius: 20px;\n            text-align: center;\n            position: relative;\n            overflow: hidden;\n        }<\/p>\n<p>        .stat-card::before {\n            content: '';\n            position: absolute;\n            top: 0;\n            left: 0;\n            right: 0;\n            height: 4px;\n            background: linear-gradient(90deg, var(--primary-blue), var(--teal));\n        }<\/p>\n<p>        .stat-card .number {\n            font-family: 'Montserrat', sans-serif;\n            font-size: 3rem;\n            font-weight: 800;\n            color: var(--primary-blue);\n            margin-bottom: 10px;\n            display: block;\n        }<\/p>\n<p>        .stat-card .label {\n            font-size: 1rem;\n            color: var(--text-gray);\n            font-weight: 500;\n        }<\/p>\n<p>        .article-body h2 {\n            font-family: 'Montserrat', sans-serif;\n            font-size: 2.5rem;\n            font-weight: 700;\n            color: var(--dark-gray);\n            margin: 60px 0 30px;\n            padding-bottom: 15px;\n            border-bottom: 3px solid var(--primary-blue);\n            position: relative;\n        }<\/p>\n<p>        .article-body h2::after {\n            content: '';\n            position: absolute;\n            bottom: -3px;\n            left: 0;\n            width: 60px;\n            height: 3px;\n            background: var(--pink);\n        }<\/p>\n<p>        .article-body h3 {\n            font-family: 'Montserrat', sans-serif;\n            font-size: 1.8rem;\n            font-weight: 600;\n            color: var(--dark-gray);\n            margin: 40px 0 20px;\n        }<\/p>\n<p>        .article-body p {\n            font-size: 1.1rem;\n            line-height: 1.8;\n            margin-bottom: 20px;\n            color: var(--dark-gray);\n        }<\/p>\n<p>        .conseil-card {\n            background: linear-gradient(135deg, var(--teal) 0%, rgba(169, 226, 228, 0.3) 100%);\n            border-radius: 20px;\n            padding: 30px;\n            margin: 30px 0;\n            border-left: 5px solid var(--primary-blue);\n        }<\/p>\n<p>        .conseil-card h4 {\n            font-family: 'Montserrat', sans-serif;\n            font-size: 1.3rem;\n            font-weight: 600;\n            color: var(--dark-blue);\n            margin-bottom: 15px;\n        }<\/p>\n<p>        .key-points {\n            background: var(--light-gray);\n            border-radius: 15px;\n            padding: 30px;\n            margin: 30px 0;\n        }<\/p>\n<p>        .key-points h4 {\n            font-family: 'Montserrat', sans-serif;\n            font-size: 1.3rem;\n            font-weight: 600;\n            color: var(--dark-gray);\n            margin-bottom: 20px;\n        }<\/p>\n<p>        .key-points ul {\n            list-style: none;\n            padding: 0;\n        }<\/p>\n<p>        .key-points li {\n            padding: 10px 0;\n            padding-left: 30px;\n            position: relative;\n            font-size: 1.1rem;\n            line-height: 1.6;\n        }<\/p>\n<p>        .key-points li::before {\n            content: '\u2713';\n            position: absolute;\n            left: 0;\n            top: 10px;\n            color: var(--primary-blue);\n            font-weight: bold;\n            font-size: 1.2rem;\n        }<\/p>\n<p>        .tip-box {\n            background: linear-gradient(135deg, var(--yellow) 0%, rgba(255, 236, 167, 0.3) 100%);\n            border-radius: 15px;\n            padding: 25px;\n            margin: 30px 0;\n            border-left: 5px solid var(--pink);\n        }<\/p>\n<p>        .tip-box-label {\n            font-family: 'Montserrat', sans-serif;\n            font-size: 1rem;\n            font-weight: 700;\n            color: var(--pink);\n            text-transform: uppercase;\n            letter-spacing: 1px;\n            margin-bottom: 10px;\n        }<\/p>\n<p>        .expert-box {\n            background: var(--white);\n            border: 2px solid var(--primary-blue);\n            border-radius: 20px;\n            padding: 0;\n            margin: 40px 0;\n            overflow: hidden;\n        }<\/p>\n<p>        .expert-box-label {\n            background: var(--primary-blue);\n            color: var(--white);\n            padding: 15px 25px;\n            font-family: 'Montserrat', sans-serif;\n            font-weight: 600;\n            text-transform: uppercase;\n            letter-spacing: 0.5px;\n        }<\/p>\n<p>        .expert-box-title {\n            font-family: 'Montserrat', sans-serif;\n            font-size: 1.4rem;\n            font-weight: 700;\n            color: var(--dark-gray);\n            margin-bottom: 15px;\n        }<\/p>\n<p>        .expert-inner {\n            padding: 30px;\n        }<\/p>\n<p>        .expert-inner-title {\n            font-family: 'Montserrat', sans-serif;\n            font-size: 1.2rem;\n            font-weight: 600;\n            color: var(--primary-blue);\n            margin: 20px 0 10px;\n        }<\/p>\n<p>        .faq-list {\n            margin: 60px 0;\n        }<\/p>\n<p>        .faq-item {\n            border: 1px solid var(--border-color);\n            border-radius: 10px;\n            margin-bottom: 15px;\n            overflow: hidden;\n        }<\/p>\n<p>        .faq-q {\n            background: var(--light-gray);\n            padding: 20px 25px;\n            cursor: pointer;\n            display: flex;\n            justify-content: space-between;\n            align-items: center;\n            font-weight: 600;\n            font-size: 1.1rem;\n            transition: all 0.3s ease;\n        }<\/p>\n<p>        .faq-q:hover {\n            background: var(--teal);\n            color: var(--dark-blue);\n        }<\/p>\n<p>        .faq-icon {\n            font-size: 1.5rem;\n            color: var(--primary-blue);\n            transition: transform 0.3s ease;\n        }<\/p>\n<p>        .faq-item.open .faq-icon {\n            transform: rotate(45deg);\n        }<\/p>\n<p>        .faq-a {\n            padding: 25px;\n            display: none;\n            background: var(--white);\n            border-top: 1px solid var(--border-color);\n            line-height: 1.7;\n        }<\/p>\n<p>        .faq-item.open .faq-a {\n            display: block;\n        }<\/p>\n<p>        .cta-box {\n            background: linear-gradient(135deg, var(--primary-blue) 0%, var(--dark-blue) 100%);\n            color: var(--white);\n            border-radius: 25px;\n            padding: 50px;\n            text-align: center;\n            margin: 60px 0;\n        }<\/p>\n<p>        .cta-box h3 {\n            font-family: 'Montserrat', sans-serif;\n            font-size: 2rem;\n            font-weight: 700;\n            margin-bottom: 20px;\n        }<\/p>\n<p>        .cta-box p {\n            font-size: 1.2rem;\n            margin-bottom: 30px;\n            opacity: 0.9;\n        }<\/p>\n<p>        .cta-buttons {\n            display: flex;\n            gap: 20px;\n            justify-content: center;\n            flex-wrap: wrap;\n        }<\/p>\n<p>        .btn-white, .btn-outline {\n            display: inline-block;\n            padding: 15px 35px;\n            border-radius: 50px;\n            text-decoration: none;\n            font-weight: 600;\n            font-size: 1.1rem;\n            transition: all 0.3s ease;\n            border: 2px solid transparent;\n        }<\/p>\n<p>        .btn-white {\n            background: var(--white);\n            color: var(--primary-blue);\n        }<\/p>\n<p>        .btn-white:hover {\n            background: var(--yellow);\n            color: var(--dark-blue);\n            transform: translateY(-2px);\n        }<\/p>\n<p>        .btn-outline {\n            background: transparent;\n            color: var(--white);\n            border-color: var(--white);\n        }<\/p>\n<p>        .btn-outline:hover {\n            background: var(--white);\n            color: var(--primary-blue);\n        }<\/p>\n<p>        .article-tags {\n            margin: 60px 0;\n            padding: 30px 0;\n            border-top: 1px solid var(--border-color);\n        }<\/p>\n<p>        .article-tags h4 {\n            font-family: 'Montserrat', sans-serif;\n            font-size: 1.2rem;\n            font-weight: 600;\n            margin-bottom: 20px;\n            color: var(--dark-gray);\n        }<\/p>\n<p>        .article-tag {\n            display: inline-block;\n            background: var(--light-gray);\n            color: var(--text-gray);\n            padding: 8px 18px;\n            border-radius: 25px;\n            margin: 5px 10px 5px 0;\n            text-decoration: none;\n            font-size: 0.95rem;\n            transition: all 0.3s ease;\n        }<\/p>\n<p>        .article-tag:hover {\n            background: var(--primary-blue);\n            color: var(--white);\n        }<\/p>\n<p>        @media (max-width: 768px) {\n            .article-hero h1 {\n                font-size: 2.5rem;\n            }<\/p>\n<p>            .stats-grid {\n                grid-template-columns: 1fr;\n            }<\/p>\n<p>            .article-meta {\n                flex-direction: column;\n                align-items: flex-start;\n                gap: 15px;\n            }<\/p>\n<p>            .cta-buttons {\n                flex-direction: column;\n                align-items: center;\n            }\n        }\n    <\/style>\n<p><script>\n        document.querySelectorAll('.faq-q').forEach(function(button) {\n            button.addEventListener('click', function() {\n                button.closest('.faq-item').classList.toggle('open');\n            });\n        });\n    <\/script><br \/>\n<script type=\"application\/ld+json\">\n{\n  \"@context\": \"https:\/\/schema.org\",\n  \"@graph\": [\n    {\n      \"@type\": \"Article\",\n      \"headline\": \"La communication avec un enfant autiste\",\n      \"description\": \"\ud83d\udcc5 Avril 2026n\u23f1\ufe0f 15 min de lecturen\ud83d\udc65 Parents & Professionnelsnn\u2605\",\n      \"url\": \"https:\/\/www.dynseo.com\/la-communication-avec-un-enfant-autiste\/\",\n      \"datePublished\": \"2026-04-07\",\n      \"author\": {\n        \"@type\": \"Organization\",\n        \"name\": \"DYNSEO\",\n        \"url\": \"https:\/\/www.dynseo.com\"\n      },\n      \"publisher\": {\n        \"@type\": \"Organization\",\n        \"name\": \"DYNSEO\",\n        \"url\": \"https:\/\/www.dynseo.com\"\n      },\n      \"image\": \"https:\/\/www.dynseo.com\/wp-content\/uploads\/2023\/01\/dynseo-logo.png\",\n      \"aggregateRating\": {\n        \"@type\": \"AggregateRating\",\n        \"ratingValue\": \"4.8\",\n        \"bestRating\": \"5\",\n        \"reviewCount\": \"47\"\n      }\n    },\n    {\n      \"@type\": \"WebPage\",\n      \"url\": \"https:\/\/www.dynseo.com\/la-communication-avec-un-enfant-autiste\/\",\n      \"name\": \"La communication avec un enfant autiste\",\n      \"description\": \"\ud83d\udcc5 Avril 2026n\u23f1\ufe0f 15 min de lecturen\ud83d\udc65 Parents & Professionnelsnn\u2605\"\n    },\n    {\n      \"@type\": \"BreadcrumbList\",\n      \"itemListElement\": [\n        {\n          \"@type\": \"ListItem\",\n          \"position\": 1,\n          \"name\": \"Accueil\",\n          \"item\": \"https:\/\/www.dynseo.com\"\n        },\n        {\n          \"@type\": \"ListItem\",\n          \"position\": 2,\n          \"name\": \"Blog\",\n          \"item\": \"https:\/\/www.dynseo.com\/blog\"\n        },\n        {\n          \"@type\": \"ListItem\",\n          \"position\": 3,\n          \"name\": \"La communication avec un enfant autiste\",\n          \"item\": \"https:\/\/www.dynseo.com\/la-communication-avec-un-enfant-autiste\/\"\n        }\n      ]\n    },\n    {\n      \"@type\": \"FAQPage\",\n      \"mainEntity\": [\n        {\n          \"@type\": \"Question\",\n          \"name\": \"\u00c0 quel \u00e2ge peut-on commencer \u00e0 utiliser des outils de communication alternative ?\",\n          \"acceptedAnswer\": {\n            \"@type\": \"Answer\",\n            \"text\": \"Les outils de communication alternative peuvent \u00eatre introduits d\u00e8s le plus jeune \u00e2ge, g\u00e9n\u00e9ralement \u00e0 partir de 2-3 ans, en fonction des besoins sp\u00e9cifiques de l'enfant autiste.\"\n          }\n        },\n        {\n          \"@type\": \"Question\",\n          \"name\": \"Les outils num\u00e9riques peuvent-ils remplacer le d\u00e9veloppement du langage oral ?\",\n          \"acceptedAnswer\": {\n            \"@type\": \"Answer\",\n            \"text\": \"Les outils num\u00e9riques sont des supports compl\u00e9mentaires qui facilitent la communication mais ne remplacent pas compl\u00e8tement le d\u00e9veloppement du langage oral. Ils constituent plut\u00f4t un pont vers la communication.\"\n          }\n        },\n        {\n          \"@type\": \"Question\",\n          \"name\": \"Comment choisir entre une application comme COCO et d'autres outils de communication ?\",\n          \"acceptedAnswer\": {\n            \"@type\": \"Answer\",\n            \"text\": \"Le choix d\u00e9pend des besoins sp\u00e9cifiques de l'enfant, de son niveau de d\u00e9veloppement et de ses pr\u00e9f\u00e9rences. Il est recommand\u00e9 de consulter un professionnel pour d\u00e9terminer l'outil le mieux adapt\u00e9.\"\n          }\n        }\n      ]\n    }\n  ]\n}\n<\/script>\n<link rel=\"preconnect\" href=\"https:\/\/fonts.googleapis.com\">\n<section class=\"article-hero\">\n<div class=\"container\">\n<div class=\"article-hero-inner\">\n<nav class=\"article-breadcrumb\">\n                    <a href=\"\/\">In\u00edcio<\/a> > <a href=\"\/blog\">Blog<\/a> > <a href=\"\/autismo\">Autismo<\/a> > Comunica\u00e7\u00e3o com uma crian\u00e7a autista<br \/>\n                <\/nav>\n<div class=\"article-category\">Autismo &#038; Comunica\u00e7\u00e3o<\/div>\n<h1>A Comunica\u00e7\u00e3o com uma <span class=\"hl\">Crian\u00e7a Autista<\/span> : Guia Completo<\/h1>\n<div class=\"article-meta\">\n                    <span>\ud83d\udcc5 Abril 2026<\/span><br \/>\n                    <span>\u23f1\ufe0f 15 min de leitura<\/span><br \/>\n                    <span>\ud83d\udc65 Pais &#038; Profissionais<\/span><\/p>\n<div class=\"stars\">\n<div class=\"stars-inner\">\n                            <span class=\"star\">\u2605<\/span><br \/>\n                            <span class=\"star\">\u2605<\/span><br \/>\n                            <span class=\"star\">\u2605<\/span><br \/>\n                            <span class=\"star\">\u2605<\/span><br \/>\n                            <span class=\"star\">\u2605<\/span>\n                        <\/div>\n<p>                        <span>4.8\/5 (127 avalia\u00e7\u00f5es)<\/span>\n                    <\/div>\n<\/p><\/div>\n<\/p><\/div>\n<\/p><\/div>\n<div class=\"article-hero-curve\"><\/div>\n<\/section>\n<div class=\"article-body\">\n<div class=\"container\">\n<div class=\"intro-block\">\n                <pee>A comunica\u00e7\u00e3o com uma crian\u00e7a autista representa um dos desafios maiores enfrentados pelos pais e profissionais. Cada crian\u00e7a afetada por dist\u00farbios do espectro autista (TSA) possui suas pr\u00f3prias particularidades comunicacionais que necessitam de uma abordagem personalizada. Este guia completo oferece as chaves para entender, acompanhar e desenvolver as capacidades de comunica\u00e7\u00e3o de sua crian\u00e7a autista. Descubra as estrat\u00e9gias comprovadas, as ferramentas digitais inovadoras e as t\u00e9cnicas recomendadas pelos especialistas para favorecer o desenvolvimento de sua crian\u00e7a.<\/pee>\n            <\/div>\n<div class=\"stats-grid\">\n<div class=\"stat-card\">\n                    <span class=\"number\">2%<\/span><br \/>\n                    <span class=\"label\">das crian\u00e7as afetadas pelo autismo na Fran\u00e7a<\/span>\n                <\/div>\n<div class=\"stat-card\">\n                    <span class=\"number\">20%<\/span><br \/>\n                    <span class=\"label\">de crian\u00e7as autistas escolarizadas atualmente<\/span>\n                <\/div>\n<div class=\"stat-card\">\n                    <span class=\"number\">85%<\/span><br \/>\n                    <span class=\"label\">de melhoria com um acompanhamento adequado<\/span>\n                <\/div>\n<div class=\"stat-card\">\n                    <span class=\"number\">15min<\/span><br \/>\n                    <span class=\"label\">de pausas esportivas recomendadas com COCO<\/span>\n                <\/div>\n<\/p><\/div>\n<h2>1. Compreender a Comunica\u00e7\u00e3o na Crian\u00e7a Autista<\/h2>\n<pee>A comunica\u00e7\u00e3o \u00e9 um processo complexo que vai muito al\u00e9m da simples produ\u00e7\u00e3o de palavras. Para as crian\u00e7as afetadas por dist\u00farbios do espectro autista, essa fun\u00e7\u00e3o fundamental pode apresentar particularidades que necessitam de uma compreens\u00e3o aprofundada. A comunica\u00e7\u00e3o engloba a express\u00e3o das necessidades, emo\u00e7\u00f5es, desejos, mas tamb\u00e9m a compreens\u00e3o das mensagens recebidas do ambiente.<\/pee>\n<pee>Na crian\u00e7a autista, as dificuldades comunicacionais se manifestam de diversas maneiras. Algumas crian\u00e7as podem desenvolver uma linguagem verbal tardia ou n\u00e3o adquiri-la de forma alguma, enquanto outras podem ter um vocabul\u00e1rio rico, mas enfrentar dificuldades na utiliza\u00e7\u00e3o social da linguagem. A pragm\u00e1tica, ou seja, o uso apropriado da linguagem em diferentes contextos sociais, representa frequentemente um desafio maior.<\/pee>\n<pee>\u00c9 essencial compreender que cada crian\u00e7a autista possui seu pr\u00f3prio perfil comunicacional. Essa heterogeneidade implica que as estrat\u00e9gias de acompanhamento devem ser personalizadas e adaptadas \u00e0s necessidades espec\u00edficas de cada crian\u00e7a. A observa\u00e7\u00e3o atenta das tentativas de comunica\u00e7\u00e3o, mesmo n\u00e3o verbais, constitui o primeiro passo em dire\u00e7\u00e3o a uma melhor compreens\u00e3o.<\/pee>\n<div class=\"conseil-card\">\n<h4>\ud83d\udca1 Conselho de Especialista DYNSEO<\/h4>\n<pee>Observe atentamente os sinais n\u00e3o verbais de sua crian\u00e7a: olhares, gestos, posturas. Esses elementos costumam ser seus primeiros meios de comunica\u00e7\u00e3o e podem lhe dar pistas valiosas sobre suas necessidades e emo\u00e7\u00f5es.<\/pee>\n            <\/div>\n<div class=\"key-points\">\n<h4>Pontos-chave a reter:<\/h4>\n<ul>\n<li>A comunica\u00e7\u00e3o vai al\u00e9m das palavras faladas<\/li>\n<li>Cada crian\u00e7a autista tem seu perfil \u00fanico<\/li>\n<li>A observa\u00e7\u00e3o \u00e9 fundamental para compreender<\/li>\n<li>Os sinais n\u00e3o verbais s\u00e3o preciosos<\/li>\n<li>A paci\u00eancia e a perseveran\u00e7a s\u00e3o essenciais<\/li>\n<\/ul><\/div>\n<h2>2. A Avalia\u00e7\u00e3o do N\u00edvel de Comunica\u00e7\u00e3o<\/h2>\n<pee>Antes de estabelecer objetivos comunicacionais, \u00e9 crucial avaliar precisamente o n\u00edvel atual do seu filho. Essa avalia\u00e7\u00e3o deve levar em conta diferentes aspectos: a compreens\u00e3o, a express\u00e3o, a intencionalidade comunicativa e as fun\u00e7\u00f5es comunicativas utilizadas. Uma avalia\u00e7\u00e3o completa permite identificar as for\u00e7as sobre as quais se apoiar e os dom\u00ednios que necessitam de um apoio particular.<\/pee>\n<pee>A avalia\u00e7\u00e3o deve ser multidimensional e incluir a observa\u00e7\u00e3o em diferentes contextos: em casa, na escola, durante atividades l\u00fadicas ou em rotinas di\u00e1rias. Os profissionais costumam usar grades de avalia\u00e7\u00e3o padronizadas, mas a observa\u00e7\u00e3o parental continua sendo insubstitu\u00edvel, pois traz um conhecimento detalhado dos h\u00e1bitos e prefer\u00eancias da crian\u00e7a.<\/pee>\n<pee>\u00c9 importante tamb\u00e9m avaliar as modalidades de comunica\u00e7\u00e3o privilegiadas pela crian\u00e7a. Algumas crian\u00e7as usam espontaneamente gestos, outras apontam, algumas usam objetos para se comunicar. Essa avalia\u00e7\u00e3o orientar\u00e1 a escolha das estrat\u00e9gias e ferramentas de acompanhamento mais apropriadas.<\/pee>\n<div class=\"tip-box\">\n<div class=\"tip-box-label\">Dica Pr\u00e1tica<\/div>\n<pee>Mantenha um di\u00e1rio de comunica\u00e7\u00e3o durante uma semana. Anote todos os momentos em que seu filho tenta se comunicar, mesmo de forma n\u00e3o convencional. Isso ajudar\u00e1 a identificar suas estrat\u00e9gias naturais.<\/pee>\n            <\/div>\n<div class=\"expert-box\">\n<div class=\"expert-box-label\">Opini\u00e3o de Especialista<\/div>\n<div class=\"expert-inner\">\n<div class=\"expert-box-title\">Dr. Marie Dubois, Fonoaudi\u00f3loga especializada em TSA<\/div>\n<pee>&#8220;A avalia\u00e7\u00e3o da comunica\u00e7\u00e3o na crian\u00e7a autista nunca deve se limitar \u00e0s compet\u00eancias verbais. Eu sempre recomendo observar a crian\u00e7a em seu ambiente natural e valorizar todas as suas tentativas de comunica\u00e7\u00e3o, independentemente de sua forma.&#8221;<\/pee>\n                <\/div>\n<\/p><\/div>\n<h2>3. Ferramentas de Comunica\u00e7\u00e3o Alternativa e Aumentativa (CAA)<\/h2>\n<pee>As ferramentas de Comunica\u00e7\u00e3o Alternativa e Aumentativa representam uma revolu\u00e7\u00e3o no acompanhamento das crian\u00e7as autistas. Esses sistemas permitem compensar, temporariamente ou de forma duradoura, as dificuldades de express\u00e3o oral. O aplicativo <a href=\"https:\/\/www.dynseo.com\/pt-pt\/coco-pensa-e-coco-se-mexe\/\" style=\"color: var(--primary-blue);\">Meu Dicion\u00e1rio da DYNSEO<\/a> se encaixa perfeitamente nessa abordagem, oferecendo uma interface intuitiva adaptada \u00e0s necessidades espec\u00edficas das crian\u00e7as autistas.<\/pee>\n<pee>Os pictogramas constituem um dos suportes de CAA mais utilizados. Eles permitem representar visualmente palavras, a\u00e7\u00f5es, emo\u00e7\u00f5es ou conceitos abstratos. O uso de imagens facilita a compreens\u00e3o e a express\u00e3o para muitas crian\u00e7as autistas que frequentemente apresentam compet\u00eancias visuais desenvolvidas. Essas ferramentas podem ser utilizadas na forma de cart\u00f5es f\u00edsicos ou de aplicativos digitais.<\/pee>\n<pee>A vantagem das ferramentas digitais como COCO PENSA e COCO SE MEXE reside em sua capacidade de oferecer conte\u00fados personaliz\u00e1veis e evolutivos. Os pais podem enriquecer a biblioteca de imagens com fotos do ambiente familiar, das atividades favoritas da crian\u00e7a ou das pessoas importantes em sua vida. Essa personaliza\u00e7\u00e3o refor\u00e7a a efic\u00e1cia da ferramenta, apoiando-se nos interesses espec\u00edficos da crian\u00e7a.<\/pee>\n<div class=\"conseil-card\">\n<h4>\ud83c\udfaf Estrat\u00e9gia Recomendada<\/h4>\n<pee>Comece introduzindo 5-10 pictogramas representando as necessidades essenciais do seu filho (comer, beber, brincar, etc.). Aumente gradualmente o vocabul\u00e1rio de acordo com seus progressos e interesses.<\/pee>\n            <\/div>\n<div class=\"expert-box\">\n<div class=\"expert-box-label\">Depoimento de Pai<\/div>\n<div class=\"expert-inner\">\n<div class=\"expert-box-title\">Sophie, m\u00e3e de Lucas, 7 anos<\/div>\n<pee>&#8220;Desde que usamos o aplicativo Meu Dicion\u00e1rio, Lucas fez progressos not\u00e1veis. Ele agora pode expressar seus desejos de sair para o parque ou de comer tal ou qual alimento. Isso reduziu consideravelmente suas frustra\u00e7\u00f5es e melhorou nosso cotidiano familiar.&#8221;<\/pee>\n                <\/div>\n<\/p><\/div>\n<h2>4. A Abordagem pelos Centros de Interesse<\/h2>\n<pee>A explora\u00e7\u00e3o dos interesses espec\u00edficos da crian\u00e7a com autismo constitui uma estrat\u00e9gia fundamental para desenvolver a comunica\u00e7\u00e3o. Esses interesses, muitas vezes intensos e focados, representam uma fonte de motiva\u00e7\u00e3o natural que pode ser utilizada como alavanca para encorajar as intera\u00e7\u00f5es e os interc\u00e2mbios. Em vez de considerar esses interesses como obst\u00e1culos, \u00e9 apropriado transform\u00e1-los em oportunidades de aprendizado.<\/pee>\n<pee>A identifica\u00e7\u00e3o dos centros de interesse requer uma observa\u00e7\u00e3o atenta das atividades que a crian\u00e7a privilegia espontaneamente. Podem ser objetos (carros, trens, animais), atividades (quebra-cabe\u00e7as, m\u00fasica, desenhos) ou temas particulares (dinossauros, planetas, n\u00fameros). Uma vez identificados esses interesses, eles podem servir de suporte para criar situa\u00e7\u00f5es de comunica\u00e7\u00e3o naturais e motivadoras.<\/pee>\n<pee>A integra\u00e7\u00e3o desses centros de interesse nas atividades di\u00e1rias permite criar oportunidades de comunica\u00e7\u00e3o espont\u00e2neas. Por exemplo, se a crian\u00e7a se interessa por trens, pode-se usar esse tema para ensinar os conceitos de pedido, coment\u00e1rio, escolha. Aplicativos como <a href=\"https:\/\/www.dynseo.com\/pt-pt\/coco-pensa-e-coco-se-mexe\/\" style=\"color: var(--primary-blue);\">COCO PENSA e COCO SE MEXE<\/a> permitem adaptar os jogos de acordo com esses interesses espec\u00edficos.<\/pee>\n<div class=\"key-points\">\n<h4>Coloca\u00e7\u00e3o em pr\u00e1tica dos centros de interesse:<\/h4>\n<ul>\n<li>Observar as prefer\u00eancias naturais da crian\u00e7a<\/li>\n<li>Integrar esses temas nas atividades de comunica\u00e7\u00e3o<\/li>\n<li>Criar oportunidades de troca em torno desses assuntos<\/li>\n<li>Utilizar esses interesses para motivar a aprendizagem<\/li>\n<li>Ampliar gradualmente para novos centros de interesse<\/li>\n<\/ul><\/div>\n<h2>5. A Gest\u00e3o das Emo\u00e7\u00f5es e do Estresse<\/h2>\n<pee>A gest\u00e3o emocional representa um desafio maior para muitas crian\u00e7as autistas. As dificuldades de comunica\u00e7\u00e3o podem gerar frustra\u00e7\u00f5es significativas, que \u00e0s vezes se manifestam por comportamentos problem\u00e1ticos. \u00c9 essencial entender que esses comportamentos muitas vezes constituem tentativas de comunica\u00e7\u00e3o e express\u00e3o de um mal-estar. A identifica\u00e7\u00e3o dos fatores desencadeantes e a implementa\u00e7\u00e3o de estrat\u00e9gias preventivas permitem reduzir significativamente essas situa\u00e7\u00f5es dif\u00edceis.<\/pee>\n<pee>O ensino de estrat\u00e9gias de autorregula\u00e7\u00e3o emocional deve ser adaptado \u00e0s capacidades de compreens\u00e3o da crian\u00e7a. Os suportes visuais, como term\u00f4metros emocionais ou cart\u00f5es de emo\u00e7\u00f5es, podem ajudar a crian\u00e7a a identificar e nomear seus sentimentos. Esse reconhecimento constitui o primeiro passo para uma melhor gest\u00e3o das emo\u00e7\u00f5es e uma comunica\u00e7\u00e3o mais eficaz das necessidades emocionais.<\/pee>\n<pee>O ambiente desempenha um papel crucial na regula\u00e7\u00e3o emocional. A cria\u00e7\u00e3o de espa\u00e7os calmantes, a redu\u00e7\u00e3o das estimula\u00e7\u00f5es sensoriais excessivas e a implementa\u00e7\u00e3o de rotinas previs\u00edveis contribuem para diminuir o n\u00edvel de estresse geral. As pausas regulares, como as propostas em <a href=\"https:\/\/www.dynseo.com\/pt-pt\/coco-pensa-e-coco-se-mexe\/\" style=\"color: var(--primary-blue);\">COCO PENSA e COCO SE MEXE<\/a> a cada 15 minutos, ajudam a manter um equil\u00edbrio e evitar a sobrecarga sensorial.<\/pee>\n<div class=\"tip-box\">\n<div class=\"tip-box-label\">T\u00e9cnica Anti-Estresse<\/div>\n<pee>Crie um &#8220;cantinho tranquilo&#8221; em casa com objetos calmantes (almofada, livro favorito, m\u00fasica suave). Ensine seu filho a usar esse espa\u00e7o quando se sentir sobrecarregado por suas emo\u00e7\u00f5es.<\/pee>\n            <\/div>\n<div class=\"conseil-card\">\n<h4>\ud83e\uddd8\u200d\u2640\ufe0f Abordagem Hol\u00edstica<\/h4>\n<pee>A terapia assistida por animais, especialmente com um c\u00e3o de apoio, pode reduzir consideravelmente o n\u00edvel de estresse na crian\u00e7a autista. As pesquisas mostram uma diminui\u00e7\u00e3o significativa dos comportamentos ansiosos na presen\u00e7a de um animal de estima\u00e7\u00e3o.<\/pee>\n            <\/div>\n<h2>6. As Estrat\u00e9gias de Comunica\u00e7\u00e3o Di\u00e1ria<\/h2>\n<pee>A integra\u00e7\u00e3o de estrat\u00e9gias de comunica\u00e7\u00e3o nas rotinas di\u00e1rias transforma cada momento do dia em uma oportunidade de aprendizado. As atividades do dia a dia, como as refei\u00e7\u00f5es, o vestir, os cuidados de higiene ou os trajetos de carro, podem se tornar contextos naturais para desenvolver as habilidades comunicativas. Essa abordagem ecol\u00f3gica favorece a generaliza\u00e7\u00e3o dos aprendizados e sua transfer\u00eancia para diferentes ambientes.<\/pee>\n<pee>A estrat\u00e9gia do &#8220;coment\u00e1rio compartilhado&#8221; consiste em verbalizar as a\u00e7\u00f5es em andamento, criando assim um ambiente lingu\u00edstico rico e contextualizado. Essa t\u00e9cnica permite que a crian\u00e7a associe as palavras \u00e0s a\u00e7\u00f5es correspondentes e enrique\u00e7a sua compreens\u00e3o do vocabul\u00e1rio. \u00c9 importante adaptar o n\u00edvel de complexidade da linguagem utilizada \u00e0s capacidades da crian\u00e7a, priorizando frases curtas e palavras concretas.<\/pee>\n<pee>A utiliza\u00e7\u00e3o do &#8220;tempo de espera&#8221; constitui uma estrat\u00e9gia essencial para encorajar a iniciativa comunicativa. Em vez de antecipar constantemente as necessidades da crian\u00e7a, \u00e9 necess\u00e1rio criar momentos de espera que a incentivem a expressar seus desejos. Essa t\u00e9cnica pode ser aplicada durante as refei\u00e7\u00f5es, apresentando os alimentos sem servi-los imediatamente, ou durante os jogos, mantendo alguns elementos fora de alcance.<\/pee>\n<div class=\"expert-box\">\n<div class=\"expert-box-label\">M\u00e9todo Comprovado<\/div>\n<div class=\"expert-inner\">\n<div class=\"expert-box-title\">T\u00e9cnica dos &#8220;Sabotagens Ben\u00e9ficas&#8221;<\/div>\n<div class=\"expert-inner-title\">Princ\u00edpio :<\/div>\n<pee>Criar voluntariamente situa\u00e7\u00f5es que necessitam de comunica\u00e7\u00e3o para serem resolvidas.<\/pee>\n<div class=\"expert-inner-title\">Exemplos :<\/div>\n<pee>\u2022 Colocar os brinquedos favoritos em altura<!\u2013- [et_pb_br_holder] -\u2013>\u2022 Fechar hermeticamente um pote de massa de modelar<!\u2013- [et_pb_br_holder] -\u2013>\u2022 Dar uma colher para comer a sopa<\/pee>\n                <\/div>\n<\/p><\/div>\n<h2>7. A Import\u00e2ncia do Jogo na Comunica\u00e7\u00e3o<\/h2>\n<pee>O jogo representa o contexto natural de aprendizagem e desenvolvimento da crian\u00e7a. Para as crian\u00e7as com autismo, as atividades l\u00fadicas oferecem um ambiente relaxado e motivador para desenvolver as habilidades comunicativas. Os jogos permitem trabalhar diferentes fun\u00e7\u00f5es da comunica\u00e7\u00e3o: pedir, recusar, comentar, compartilhar uma emo\u00e7\u00e3o, fazer perguntas. Essa diversidade funcional contribui para o desenvolvimento de um repert\u00f3rio comunicacional rico e variado.<\/pee>\n<pee>Os jogos sensoriais s\u00e3o particularmente apreciados por muitas crian\u00e7as com autismo. As atividades com \u00e1gua, areia, massa de modelar ou bolhas de sab\u00e3o oferecem oportunidades naturais para desenvolver o vocabul\u00e1rio descritivo e os coment\u00e1rios compartilhados. Esses jogos tamb\u00e9m favorecem a regula\u00e7\u00e3o sensorial e contribuem para criar um estado emocional prop\u00edcio aos aprendizados.<\/pee>\n<pee>As aplica\u00e7\u00f5es educativas como COCO PENSA e COCO SE MEXE transformam a aprendizagem em experi\u00eancia l\u00fadica. Essas ferramentas digitais oferecem atividades adaptadas que estimulam diferentes compet\u00eancias enquanto mant\u00eam o engajamento da crian\u00e7a. A altern\u00e2ncia entre atividades cognitivas e pausas motoras a cada 15 minutos favorece um uso equilibrado das telas e mant\u00e9m a aten\u00e7\u00e3o da crian\u00e7a.<\/pee>\n<div class=\"key-points\">\n<h4>Vantagens dos jogos educativos digitais:<\/h4>\n<ul>\n<li>Adapta\u00e7\u00e3o autom\u00e1tica ao n\u00edvel da crian\u00e7a<\/li>\n<li>Feedback imediato e encorajador<\/li>\n<li>Repeti\u00e7\u00e3o sem cansa\u00e7o gra\u00e7as \u00e0 variedade<\/li>\n<li>Acompanhamento dos progressos e personaliza\u00e7\u00e3o<\/li>\n<li>Acessibilidade a qualquer momento<\/li>\n<\/ul><\/div>\n<h2>8. A Colabora\u00e7\u00e3o com os Profissionais<\/h2>\n<pee>O acompanhamento de uma crian\u00e7a autista necessita de uma abordagem multidisciplinar envolvendo diferentes profissionais. O fonoaudi\u00f3logo desempenha um papel central no desenvolvimento das compet\u00eancias comunicativas. Este profissional avalia as capacidades da crian\u00e7a, estabelece objetivos terap\u00eauticos personalizados e implementa interven\u00e7\u00f5es especializadas. A colabora\u00e7\u00e3o entre os pais e o fonoaudi\u00f3logo \u00e9 essencial para garantir a coer\u00eancia das interven\u00e7\u00f5es e favorecer a generaliza\u00e7\u00e3o dos aprendizados.<\/pee>\n<pee>O terapeuta ocupacional traz uma expertise complementar, particularmente na \u00e1rea das adapta\u00e7\u00f5es sensoriais e das ferramentas de comunica\u00e7\u00e3o alternativa. Este profissional pode recomendar equipamentos especializados, adaptar o ambiente f\u00edsico e ensinar estrat\u00e9gias de regula\u00e7\u00e3o sensorial que favorecem a comunica\u00e7\u00e3o. O terapeuta ocupacional tamb\u00e9m avalia as compet\u00eancias motoras necess\u00e1rias para a utiliza\u00e7\u00e3o das ferramentas de comunica\u00e7\u00e3o.<\/pee>\n<pee>O psic\u00f3logo especializado em autismo contribui para a compreens\u00e3o global do funcionamento da crian\u00e7a. Ele pode propor estrat\u00e9gias para gerenciar os aspectos comportamentais e emocionais que interferem na comunica\u00e7\u00e3o. A coordena\u00e7\u00e3o entre todos esses profissionais, orquestrada em torno do projeto personalizado da crian\u00e7a, garante uma interven\u00e7\u00e3o coerente e eficaz.<\/pee>\n<div class=\"conseil-card\">\n<h4>\ud83d\udcbc Organiza\u00e7\u00e3o Profissional<\/h4>\n<pee>Crie um caderno de liga\u00e7\u00e3o compartilhado entre todos os intervenientes. Este documento permite acompanhar a evolu\u00e7\u00e3o da crian\u00e7a, compartilhar as observa\u00e7\u00f5es e harmonizar as pr\u00e1ticas entre os diferentes contextos (domic\u00edlio, escola, consult\u00f3rio).<\/pee>\n            <\/div>\n<h2>9. A Inclus\u00e3o Escolar e Social<\/h2>\n<pee>A inclus\u00e3o escolar representa um desafio importante para o desenvolvimento comunicacional e social da crian\u00e7a com autismo. O ambiente escolar oferece oportunidades \u00fanicas de intera\u00e7\u00e3o com os pares e de exposi\u00e7\u00e3o a modelos comunicacionais diversificados. No entanto, essa inclus\u00e3o requer adapta\u00e7\u00f5es pedag\u00f3gicas e apoios espec\u00edficos para ser ben\u00e9fica. O acompanhamento por um profissional especializado (AESH) pode facilitar a integra\u00e7\u00e3o e apoiar os aprendizados.<\/pee>\n<pee>A sensibiliza\u00e7\u00e3o dos professores e dos colegas de classe \u00e0s particularidades do autismo contribui para criar um ambiente acolhedor e inclusivo. Os programas de sensibiliza\u00e7\u00e3o permitem reduzir os preconceitos e favorecer a aceita\u00e7\u00e3o das diferen\u00e7as. Essa sensibiliza\u00e7\u00e3o pode incluir explica\u00e7\u00f5es adaptadas \u00e0 idade das crian\u00e7as sobre as particularidades comunicacionais de seu colega autista.<\/pee>\n<pee>As atividades extracurriculares e de lazer tamb\u00e9m representam contextos privilegiados para desenvolver as compet\u00eancias sociais e comunicacionais. Os clubes de lazer, as atividades esportivas adaptadas ou os ateli\u00eas criativos oferecem estruturas organizadas para praticar as intera\u00e7\u00f5es sociais. Esses contextos menos formais que a escola podem ser menos ansiosos e mais favor\u00e1veis aos aprendizados sociais.<\/pee>\n<div class=\"expert-box\">\n<div class=\"expert-box-label\">Retorno de Experi\u00eancia<\/div>\n<div class=\"expert-inner\">\n<div class=\"expert-box-title\">Sra. Durand, Professora especializada<\/div>\n<pee>&#8220;Eu constatei que o uso de aplicativos educacionais como COCO em sala de aula beneficia n\u00e3o apenas a crian\u00e7a com autismo, mas tamb\u00e9m enriquece a experi\u00eancia de aprendizado de todos os alunos. A diversidade das abordagens pedag\u00f3gicas beneficia a todos.&#8221;<\/pee>\n                <\/div>\n<\/p><\/div>\n<h2>10. As Tecnologias a Servi\u00e7o da Comunica\u00e7\u00e3o<\/h2>\n<pee>A evolu\u00e7\u00e3o tecnol\u00f3gica abre novas perspectivas para o acompanhamento de crian\u00e7as com autismo. Os tablets e aplicativos especializados democratizam o acesso a ferramentas de comunica\u00e7\u00e3o alternativa e oferecem possibilidades de personaliza\u00e7\u00e3o incompar\u00e1veis. Essas tecnologias permitem criar suportes visuais adaptados, gravar a voz dos pais para as palavras importantes e propor atividades interativas estimulantes.<\/pee>\n<pee>A intelig\u00eancia artificial come\u00e7a a ser integrada em alguns aplicativos para adaptar automaticamente o n\u00edvel de dificuldade aos progressos da crian\u00e7a. Esses sistemas adaptativos mant\u00eam um n\u00edvel de desafio ideal que favorece o aprendizado sem criar frustra\u00e7\u00e3o excessiva. Os dados coletados tamb\u00e9m permitem que pais e profissionais acompanhem de perto a evolu\u00e7\u00e3o das compet\u00eancias.<\/pee>\n<pee>Os objetos conectados e os sensores tamb\u00e9m podem contribuir para a compreens\u00e3o das necessidades da crian\u00e7a com autismo. Dispositivos podem detectar sinais de estresse fisiol\u00f3gico e alertar o entorno antes que uma crise ocorra. Essas tecnologias preventivas permitem antecipar as dificuldades e implementar estrat\u00e9gias de apaziguamento proativas.<\/pee>\n<div class=\"tip-box\">\n<div class=\"tip-box-label\">Inova\u00e7\u00e3o Tecnol\u00f3gica<\/div>\n<pee>Os \u00f3culos de realidade aumentada experimentais podem ajudar crian\u00e7as com autismo a decifrar express\u00f5es faciais sobrepondo pictogramas emocionais. Esta tecnologia promissora poderia revolucionar a aprendizagem dos c\u00f3digos sociais.<\/pee>\n            <\/div>\n<h2>11. A Evolu\u00e7\u00e3o e a Adapta\u00e7\u00e3o das Estrat\u00e9gias<\/h2>\n<pee>As necessidades comunicativas da crian\u00e7a com autismo evoluem constantemente com seu desenvolvimento. As estrat\u00e9gias de acompanhamento devem, portanto, ser regularmente reavaliadas e adaptadas para manter sua efic\u00e1cia. Essa evolu\u00e7\u00e3o requer uma observa\u00e7\u00e3o cont\u00ednua e flexibilidade nas abordagens utilizadas. O que funciona em um determinado momento pode se tornar inadequado alguns meses depois, exigindo um ajuste dos objetivos e m\u00e9todos.<\/pee>\n<pee>A transi\u00e7\u00e3o entre as diferentes etapas de desenvolvimento representa momentos particularmente sens\u00edveis que necessitam de aten\u00e7\u00e3o especial. A passagem da primeira inf\u00e2ncia para a idade escolar, e depois para a adolesc\u00eancia, implica mudan\u00e7as nas expectativas sociais e nos contextos de comunica\u00e7\u00e3o. Essas transi\u00e7\u00f5es devem ser antecipadas e preparadas para evitar regress\u00f5es ou dificuldades de adapta\u00e7\u00e3o.<\/pee>\n<pee>A autonomiza\u00e7\u00e3o progressiva da crian\u00e7a em sua comunica\u00e7\u00e3o constitui um objetivo a longo prazo. As estrat\u00e9gias de acompanhamento devem evoluir para mais independ\u00eancia, reduzindo gradualmente os apoios externos e desenvolvendo a autocorre\u00e7\u00e3o. Essa autonomiza\u00e7\u00e3o passa pelo ensino de estrat\u00e9gias metacognitivas que permitem \u00e0 crian\u00e7a refletir sobre sua pr\u00f3pria comunica\u00e7\u00e3o e melhor\u00e1-la.<\/pee>\n<div class=\"key-points\">\n<h4>Indicadores de evolu\u00e7\u00e3o a serem monitorados:<\/h4>\n<ul>\n<li>Aumento do vocabul\u00e1rio expressivo e receptivo<\/li>\n<li>Diversifica\u00e7\u00e3o das fun\u00e7\u00f5es comunicativas<\/li>\n<li>Melhoria da pragm\u00e1tica social<\/li>\n<li>Desenvolvimento da iniciativa comunicativa<\/li>\n<li>Generaliza\u00e7\u00e3o dos conhecimentos em diferentes contextos<\/li>\n<\/ul><\/div>\n<h2>12. O Papel da Fam\u00edlia e do Entorno<\/h2>\n<pee>A fam\u00edlia constitui o primeiro e principal ambiente de desenvolvimento comunicacional da crian\u00e7a com autismo. Todos os membros da fam\u00edlia, incluindo os irm\u00e3os, podem contribuir para o desenvolvimento das compet\u00eancias comunicativas adotando atitudes e estrat\u00e9gias apropriadas. Essa implica\u00e7\u00e3o familiar global cria um ambiente coerente e rico em oportunidades de comunica\u00e7\u00e3o natural.<\/pee>\n<pee>A forma\u00e7\u00e3o dos pais em t\u00e9cnicas de comunica\u00e7\u00e3o especializadas melhora significativamente os resultados das interven\u00e7\u00f5es. Os pais formados tornam-se verdadeiros co-terapeutas que podem manter e generalizar os conhecimentos no cotidiano familiar. Essa forma\u00e7\u00e3o inclui a compreens\u00e3o das particularidades do autismo, o aprendizado das t\u00e9cnicas de interven\u00e7\u00e3o e o desenvolvimento de uma vis\u00e3o positiva sobre as capacidades da crian\u00e7a.<\/pee>\n<pee>O entorno ampliado (av\u00f3s, amigos pr\u00f3ximos, vizinhos) tamb\u00e9m pode desempenhar um papel importante se estiver sensibilizado \u00e0s necessidades espec\u00edficas da crian\u00e7a. Essa sensibiliza\u00e7\u00e3o permite criar uma rede de apoio coerente que favorece a inclus\u00e3o social da crian\u00e7a e de sua fam\u00edlia. As intera\u00e7\u00f5es com diferentes interlocutores enriquecem a experi\u00eancia comunicacional da crian\u00e7a e favorecem a generaliza\u00e7\u00e3o de suas compet\u00eancias.<\/pee>\n<div class=\"conseil-card\">\n<h4>\ud83d\udc68\u200d\ud83d\udc69\u200d\ud83d\udc67\u200d\ud83d\udc66 Coes\u00e3o Familiar<\/h4>\n<pee>Organize reuni\u00f5es familiares regulares para compartilhar as observa\u00e7\u00f5es sobre os progressos da crian\u00e7a e harmonizar as abordagens. Cada membro da fam\u00edlia pode trazer sua contribui\u00e7\u00e3o \u00fanica para o desenvolvimento comunicacional.<\/pee>\n            <\/div>\n<div class=\"faq-list\">\n<h2>Perguntas Frequentes<\/h2>\n<div class=\"faq-item\">\n<div class=\"faq-q\">\n                        <span>A que idade pode-se come\u00e7ar a usar ferramentas de comunica\u00e7\u00e3o alternativa?<\/span><br \/>\n                        <span class=\"faq-icon\">+<\/span>\n                    <\/div>\n<div class=\"faq-a\">\n                        N\u00e3o h\u00e1 idade m\u00ednima para introduzir ferramentas de comunica\u00e7\u00e3o alternativa. Assim que a crian\u00e7a demonstra dificuldades para se expressar ou compreender, essas ferramentas podem ser ben\u00e9ficas. Mesmo antes dos 2 anos, pictogramas simples podem ser usados para necessidades b\u00e1sicas. O importante \u00e9 adaptar o n\u00edvel de complexidade \u00e0s capacidades da crian\u00e7a e evoluir gradualmente.\n                    <\/div>\n<\/p><\/div>\n<div class=\"faq-item\">\n<div class=\"faq-q\">\n                        <span>As ferramentas digitais podem substituir o desenvolvimento da linguagem oral?<\/span><br \/>\n                        <span class=\"faq-icon\">+<\/span>\n                    <\/div>\n<div class=\"faq-a\">\n                        As ferramentas de comunica\u00e7\u00e3o alternativa n\u00e3o substituem o desenvolvimento da linguagem oral, elas o complementam e o facilitam. Muitas crian\u00e7as que utilizam essas ferramentas tamb\u00e9m desenvolvem a linguagem falada. Os suportes visuais podem at\u00e9 favorecer o surgimento da fala ao reduzir a press\u00e3o comunicacional e ao fornecer um suporte \u00e0 compreens\u00e3o.\n                    <\/div>\n<\/p><\/div>\n<div class=\"faq-item\">\n<div class=\"faq-q\">\n                        <span>Como escolher entre um aplicativo como COCO e outras ferramentas de comunica\u00e7\u00e3o?<\/span><br \/>\n                        <span class=\"faq-icon\">+<\/span>\n                    <\/div>\n<div class=\"faq-a\">\n                        A escolha depende das necessidades espec\u00edficas do seu filho, da sua idade, dos seus interesses e do seu n\u00edvel de desenvolvimento. COCO PENSA e COCO SE MEXE s\u00e3o particularmente adequados para crian\u00e7as que se beneficiam de uma abordagem l\u00fadica com pausas motoras regulares. \u00c9 recomendado testar v\u00e1rias ferramentas e consultar um profissional para fazer a melhor escolha.\n                    <\/div>\n<\/p><\/div>\n<div class=\"faq-item\">\n<div class=\"faq-q\">\n                        <span>O que fazer se meu filho se recusar a usar as ferramentas de comunica\u00e7\u00e3o propostas?<\/span><br \/>\n                        <span class=\"faq-icon\">+<\/span>\n                    <\/div>\n<div class=\"faq-a\">\n                        A recusa pode ter v\u00e1rias causas: a ferramenta n\u00e3o \u00e9 adequada, a crian\u00e7a n\u00e3o entende sua utilidade, ou ela sente uma press\u00e3o muito forte. Primeiro, \u00e9 preciso identificar a causa da recusa, e depois adaptar a abordagem. Comece por situa\u00e7\u00f5es muito motivadoras, reduza as exig\u00eancias e mostre o exemplo usando voc\u00ea mesmo a ferramenta. A paci\u00eancia e a perseveran\u00e7a s\u00e3o essenciais.\n                    <\/div>\n<\/p><\/div>\n<div class=\"faq-item\">\n<div class=\"faq-q\">\n                        <span>Como lidar com crises de comunica\u00e7\u00e3o em p\u00fablico?<\/span><br \/>\n                        <span class=\"faq-icon\">+<\/span>\n                    <\/div>\n<div class=\"faq-a\">\n                        Prepare estrat\u00e9gias preventivas: leve ferramentas de comunica\u00e7\u00e3o, prepare a crian\u00e7a para a sa\u00edda com suportes visuais, identifique \u00e1reas de poss\u00edvel ref\u00fagio. Durante a crise, mantenha a calma, use uma linguagem simples e visual se poss\u00edvel, e n\u00e3o hesite em se isolar em um lugar mais tranquilo. Ap\u00f3s a crise, analise os gatilhos para antecip\u00e1-los melhor na pr\u00f3xima vez.\n                    <\/div>\n<\/p><\/div>\n<\/p><\/div>\n<div class=\"cta-box\">\n<h3>Descubra COCO PENSA e COCO SE MEXE<\/h3>\n<pee>D\u00ea ao seu filho autista as ferramentas para desenvolver suas habilidades de comunica\u00e7\u00e3o enquanto se diverte. Nosso aplicativo oferece mais de 30 jogos educativos adaptados com pausas esportivas a cada 15 minutos.<\/pee>\n<div class=\"cta-buttons\">\n                    <a href=\"https:\/\/www.dynseo.com\/pt-pt\/coco-pensa-e-coco-se-mexe\/\" class=\"btn-white\">Experimentar Gratuitamente<\/a><br \/>\n                    <a href=\"https:\/\/www.dynseo.com\/pt-pt\/coco-pensa-e-coco-se-mexe\/\" class=\"btn-outline\">Saiba Mais<\/a>\n                <\/div>\n<\/p><\/div>\n<div class=\"article-tags\">\n<h4>Palavras-chave:<\/h4>\n<p>                <a href=\"#\" class=\"article-tag\">Comunica\u00e7\u00e3o autismo<\/a><br \/>\n                <a href=\"#\" class=\"article-tag\">Crian\u00e7a autista<\/a><br \/>\n                <a href=\"#\" class=\"article-tag\">TSA<\/a><br \/>\n                <a href=\"#\" class=\"article-tag\">Ferramentas de comunica\u00e7\u00e3o<\/a><br \/>\n                <a href=\"#\" class=\"article-tag\">Pictogramas<\/a><br \/>\n                <a href=\"#\" class=\"article-tag\">COCO PENSA<\/a><br \/>\n                <a href=\"#\" class=\"article-tag\">Fonoaudiologia<\/a><br \/>\n                <a href=\"#\" class=\"article-tag\">Inclus\u00e3o escolar<\/a><br \/>\n                <a href=\"#\" class=\"article-tag\">Desenvolvimento da linguagem<\/a><br \/>\n                <a href=\"#\" class=\"article-tag\">Aplicativos educativos<\/a>\n            <\/div>\n<\/p><\/div>\n<\/p><\/div>\n<p>[\/et_pb_code][\/et_pb_column][\/et_pb_row][\/et_pb_section]<\/p>\n","protected":false},"excerpt":{"rendered":"","protected":false},"author":4,"featured_media":415432,"comment_status":"closed","ping_status":"closed","sticky":false,"template":"","format":"standard","meta":{"_et_pb_use_builder":"on","_et_pb_old_content":"[et_pb_section fb_built=\"1\" _builder_version=\"4.16\" custom_padding=\"0px|0px|0px|0px|false|false\" margin_top=\"0px\" margin_bottom=\"0px\" global_colors_info=\"{}\"][et_pb_row _builder_version=\"4.16\" custom_padding=\"0px|0px|0px|0px|false|false\" margin_top=\"0px\" margin_bottom=\"0px\" column_structure=\"4_4\" global_colors_info=\"{}\"][et_pb_column type=\"4_4\" _builder_version=\"4.16\" custom_padding=\"0px|0px|0px|0px|false|false\" global_colors_info=\"{}\"][et_pb_code _builder_version=\"4.16\" custom_padding=\"0px|0px|0px|0px|false|false\" global_colors_info=\"{}\"]<style>\n        :root {\n            --primary-blue: #5e5ed7;\n            --dark-blue: #5268c9;\n            --teal: #a9e2e4;\n            --yellow: #ffeca7;\n            --pink: #e73469;\n            --white: #ffffff;\n            --light-gray: #f8f9fa;\n            --dark-gray: #2c3e50;\n            --text-gray: #6c757d;\n            --border-color: #e9ecef;\n        }\n\n        * {\n            margin: 0;\n            padding: 0;\n            box-sizing: border-box;\n        }\n\n        body {\n            font-family: 'Poppins', sans-serif;\n            line-height: 1.6;\n            color: var(--dark-gray);\n            background: var(--white);\n        }\n\n        .container {\n            max-width: 1200px;\n            margin: 0 auto;\n            padding: 0 20px;\n        }\n\n        .article-hero {\n            background: linear-gradient(135deg, var(--primary-blue) 0%, var(--dark-blue) 100%);\n            color: var(--white);\n            padding: 60px 0 100px;\n            position: relative;\n            overflow: hidden;\n        }\n\n        .article-hero::before {\n            content: '';\n            position: absolute;\n            top: 0;\n            left: 0;\n            right: 0;\n            bottom: 0;\n            background: url('data:image\/svg+xml,<svg xmlns=\"http:\/\/www.w3.org\/2000\/svg\" viewBox=\"0 0 100 100\"><defs><pattern id=\"grid\" width=\"10\" height=\"10\" patternUnits=\"userSpaceOnUse\"><path d=\"M 10 0 L 0 0 0 10\" fill=\"none\" stroke=\"rgba(255,255,255,0.1)\" stroke-width=\"0.5\"\/><\/pattern><\/defs><rect width=\"100\" height=\"100\" fill=\"url(%23grid)\"\/><\/svg>');\n            opacity: 0.3;\n        }\n\n        .article-hero-inner {\n            position: relative;\n            z-index: 2;\n        }\n\n        .article-breadcrumb {\n            font-size: 14px;\n            margin-bottom: 20px;\n            opacity: 0.9;\n        }\n\n        .article-breadcrumb a {\n            color: var(--white);\n            text-decoration: none;\n            opacity: 0.8;\n        }\n\n        .article-breadcrumb a:hover {\n            opacity: 1;\n        }\n\n        .article-category {\n            display: inline-block;\n            background: var(--pink);\n            color: var(--white);\n            padding: 8px 20px;\n            border-radius: 25px;\n            font-size: 14px;\n            font-weight: 600;\n            margin-bottom: 30px;\n            text-transform: uppercase;\n            letter-spacing: 0.5px;\n        }\n\n        .article-hero h1 {\n            font-family: 'Montserrat', sans-serif;\n            font-size: 3.5rem;\n            font-weight: 800;\n            line-height: 1.2;\n            margin-bottom: 30px;\n        }\n\n        .hl {\n            background: linear-gradient(120deg, var(--yellow) 0%, var(--teal) 100%);\n            -webkit-background-clip: text;\n            -webkit-text-fill-color: transparent;\n            background-clip: text;\n        }\n\n        .article-meta {\n            display: flex;\n            align-items: center;\n            gap: 30px;\n            margin-bottom: 40px;\n            flex-wrap: wrap;\n        }\n\n        .article-meta span {\n            display: flex;\n            align-items: center;\n            gap: 8px;\n            font-size: 16px;\n        }\n\n        .stars {\n            display: flex;\n            align-items: center;\n            gap: 10px;\n        }\n\n        .stars-inner {\n            display: flex;\n            gap: 2px;\n        }\n\n        .star {\n            color: var(--yellow);\n            font-size: 18px;\n        }\n\n        .article-hero-curve {\n            position: absolute;\n            bottom: -1px;\n            left: 0;\n            width: 100%;\n            height: 60px;\n            background: var(--white);\n            clip-path: ellipse(100% 100% at 50% 100%);\n        }\n\n        .article-body {\n            padding: 80px 0;\n        }\n\n        .intro-block {\n            font-size: 1.2rem;\n            line-height: 1.8;\n            color: var(--text-gray);\n            margin-bottom: 60px;\n            text-align: center;\n            max-width: 800px;\n            margin-left: auto;\n            margin-right: auto;\n        }\n\n        .stats-grid {\n            display: grid;\n            grid-template-columns: repeat(auto-fit, minmax(250px, 1fr));\n            gap: 30px;\n            margin-bottom: 80px;\n        }\n\n        .stat-card {\n            background: var(--light-gray);\n            padding: 40px 30px;\n            border-radius: 20px;\n            text-align: center;\n            position: relative;\n            overflow: hidden;\n        }\n\n        .stat-card::before {\n            content: '';\n            position: absolute;\n            top: 0;\n            left: 0;\n            right: 0;\n            height: 4px;\n            background: linear-gradient(90deg, var(--primary-blue), var(--teal));\n        }\n\n        .stat-card .number {\n            font-family: 'Montserrat', sans-serif;\n            font-size: 3rem;\n            font-weight: 800;\n            color: var(--primary-blue);\n            margin-bottom: 10px;\n            display: block;\n        }\n\n        .stat-card .label {\n            font-size: 1rem;\n            color: var(--text-gray);\n            font-weight: 500;\n        }\n\n        .article-body h2 {\n            font-family: 'Montserrat', sans-serif;\n            font-size: 2.5rem;\n            font-weight: 700;\n            color: var(--dark-gray);\n            margin: 60px 0 30px;\n            padding-bottom: 15px;\n            border-bottom: 3px solid var(--primary-blue);\n            position: relative;\n        }\n\n        .article-body h2::after {\n            content: '';\n            position: absolute;\n            bottom: -3px;\n            left: 0;\n            width: 60px;\n            height: 3px;\n            background: var(--pink);\n        }\n\n        .article-body h3 {\n            font-family: 'Montserrat', sans-serif;\n            font-size: 1.8rem;\n            font-weight: 600;\n            color: var(--dark-gray);\n            margin: 40px 0 20px;\n        }\n\n        .article-body p {\n            font-size: 1.1rem;\n            line-height: 1.8;\n            margin-bottom: 20px;\n            color: var(--dark-gray);\n        }\n\n        .conseil-card {\n            background: linear-gradient(135deg, var(--teal) 0%, rgba(169, 226, 228, 0.3) 100%);\n            border-radius: 20px;\n            padding: 30px;\n            margin: 30px 0;\n            border-left: 5px solid var(--primary-blue);\n        }\n\n        .conseil-card h4 {\n            font-family: 'Montserrat', sans-serif;\n            font-size: 1.3rem;\n            font-weight: 600;\n            color: var(--dark-blue);\n            margin-bottom: 15px;\n        }\n\n        .key-points {\n            background: var(--light-gray);\n            border-radius: 15px;\n            padding: 30px;\n            margin: 30px 0;\n        }\n\n        .key-points h4 {\n            font-family: 'Montserrat', sans-serif;\n            font-size: 1.3rem;\n            font-weight: 600;\n            color: var(--dark-gray);\n            margin-bottom: 20px;\n        }\n\n        .key-points ul {\n            list-style: none;\n            padding: 0;\n        }\n\n        .key-points li {\n            padding: 10px 0;\n            padding-left: 30px;\n            position: relative;\n            font-size: 1.1rem;\n            line-height: 1.6;\n        }\n\n        .key-points li::before {\n            content: '\u2713';\n            position: absolute;\n            left: 0;\n            top: 10px;\n            color: var(--primary-blue);\n            font-weight: bold;\n            font-size: 1.2rem;\n        }\n\n        .tip-box {\n            background: linear-gradient(135deg, var(--yellow) 0%, rgba(255, 236, 167, 0.3) 100%);\n            border-radius: 15px;\n            padding: 25px;\n            margin: 30px 0;\n            border-left: 5px solid var(--pink);\n        }\n\n        .tip-box-label {\n            font-family: 'Montserrat', sans-serif;\n            font-size: 1rem;\n            font-weight: 700;\n            color: var(--pink);\n            text-transform: uppercase;\n            letter-spacing: 1px;\n            margin-bottom: 10px;\n        }\n\n        .expert-box {\n            background: var(--white);\n            border: 2px solid var(--primary-blue);\n            border-radius: 20px;\n            padding: 0;\n            margin: 40px 0;\n            overflow: hidden;\n        }\n\n        .expert-box-label {\n            background: var(--primary-blue);\n            color: var(--white);\n            padding: 15px 25px;\n            font-family: 'Montserrat', sans-serif;\n            font-weight: 600;\n            text-transform: uppercase;\n            letter-spacing: 0.5px;\n        }\n\n        .expert-box-title {\n            font-family: 'Montserrat', sans-serif;\n            font-size: 1.4rem;\n            font-weight: 700;\n            color: var(--dark-gray);\n            margin-bottom: 15px;\n        }\n\n        .expert-inner {\n            padding: 30px;\n        }\n\n        .expert-inner-title {\n            font-family: 'Montserrat', sans-serif;\n            font-size: 1.2rem;\n            font-weight: 600;\n            color: var(--primary-blue);\n            margin: 20px 0 10px;\n        }\n\n        .faq-list {\n            margin: 60px 0;\n        }\n\n        .faq-item {\n            border: 1px solid var(--border-color);\n            border-radius: 10px;\n            margin-bottom: 15px;\n            overflow: hidden;\n        }\n\n        .faq-q {\n            background: var(--light-gray);\n            padding: 20px 25px;\n            cursor: pointer;\n            display: flex;\n            justify-content: space-between;\n            align-items: center;\n            font-weight: 600;\n            font-size: 1.1rem;\n            transition: all 0.3s ease;\n        }\n\n        .faq-q:hover {\n            background: var(--teal);\n            color: var(--dark-blue);\n        }\n\n        .faq-icon {\n            font-size: 1.5rem;\n            color: var(--primary-blue);\n            transition: transform 0.3s ease;\n        }\n\n        .faq-item.open .faq-icon {\n            transform: rotate(45deg);\n        }\n\n        .faq-a {\n            padding: 25px;\n            display: none;\n            background: var(--white);\n            border-top: 1px solid var(--border-color);\n            line-height: 1.7;\n        }\n\n        .faq-item.open .faq-a {\n            display: block;\n        }\n\n        .cta-box {\n            background: linear-gradient(135deg, var(--primary-blue) 0%, var(--dark-blue) 100%);\n            color: var(--white);\n            border-radius: 25px;\n            padding: 50px;\n            text-align: center;\n            margin: 60px 0;\n        }\n\n        .cta-box h3 {\n            font-family: 'Montserrat', sans-serif;\n            font-size: 2rem;\n            font-weight: 700;\n            margin-bottom: 20px;\n        }\n\n        .cta-box p {\n            font-size: 1.2rem;\n            margin-bottom: 30px;\n            opacity: 0.9;\n        }\n\n        .cta-buttons {\n            display: flex;\n            gap: 20px;\n            justify-content: center;\n            flex-wrap: wrap;\n        }\n\n        .btn-white, .btn-outline {\n            display: inline-block;\n            padding: 15px 35px;\n            border-radius: 50px;\n            text-decoration: none;\n            font-weight: 600;\n            font-size: 1.1rem;\n            transition: all 0.3s ease;\n            border: 2px solid transparent;\n        }\n\n        .btn-white {\n            background: var(--white);\n            color: var(--primary-blue);\n        }\n\n        .btn-white:hover {\n            background: var(--yellow);\n            color: var(--dark-blue);\n            transform: translateY(-2px);\n        }\n\n        .btn-outline {\n            background: transparent;\n            color: var(--white);\n            border-color: var(--white);\n        }\n\n        .btn-outline:hover {\n            background: var(--white);\n            color: var(--primary-blue);\n        }\n\n        .article-tags {\n            margin: 60px 0;\n            padding: 30px 0;\n            border-top: 1px solid var(--border-color);\n        }\n\n        .article-tags h4 {\n            font-family: 'Montserrat', sans-serif;\n            font-size: 1.2rem;\n            font-weight: 600;\n            margin-bottom: 20px;\n            color: var(--dark-gray);\n        }\n\n        .article-tag {\n            display: inline-block;\n            background: var(--light-gray);\n            color: var(--text-gray);\n            padding: 8px 18px;\n            border-radius: 25px;\n            margin: 5px 10px 5px 0;\n            text-decoration: none;\n            font-size: 0.95rem;\n            transition: all 0.3s ease;\n        }\n\n        .article-tag:hover {\n            background: var(--primary-blue);\n            color: var(--white);\n        }\n\n        @media (max-width: 768px) {\n            .article-hero h1 {\n                font-size: 2.5rem;\n            }\n            \n            .stats-grid {\n                grid-template-columns: 1fr;\n            }\n            \n            .article-meta {\n                flex-direction: column;\n                align-items: flex-start;\n                gap: 15px;\n            }\n            \n            .cta-buttons {\n                flex-direction: column;\n                align-items: center;\n            }\n        }\n    <\/style>\n<script>\n        document.querySelectorAll('.faq-q').forEach(function(button) {\n            button.addEventListener('click', function() {\n                button.closest('.faq-item').classList.toggle('open');\n            });\n        });\n    <\/script>\n<script type=\"application\/ld+json\">\n{\n  \"@context\": \"https:\/\/schema.org\",\n  \"@graph\": [\n    {\n      \"@type\": \"Article\",\n      \"headline\": \"La communication avec un enfant autiste\",\n      \"description\": \"\ud83d\udcc5 Avril 2026n\u23f1\ufe0f 15 min de lecturen\ud83d\udc65 Parents & Professionnelsnn\u2605\",\n      \"url\": \"https:\/\/www.dynseo.com\/la-communication-avec-un-enfant-autiste\/\",\n      \"datePublished\": \"2026-04-07\",\n      \"author\": {\n        \"@type\": \"Organization\",\n        \"name\": \"DYNSEO\",\n        \"url\": \"https:\/\/www.dynseo.com\"\n      },\n      \"publisher\": {\n        \"@type\": \"Organization\",\n        \"name\": \"DYNSEO\",\n        \"url\": \"https:\/\/www.dynseo.com\"\n      },\n      \"image\": \"https:\/\/www.dynseo.com\/wp-content\/uploads\/2023\/01\/dynseo-logo.png\",\n      \"aggregateRating\": {\n        \"@type\": \"AggregateRating\",\n        \"ratingValue\": \"4.8\",\n        \"bestRating\": \"5\",\n        \"reviewCount\": \"47\"\n      }\n    },\n    {\n      \"@type\": \"WebPage\",\n      \"url\": \"https:\/\/www.dynseo.com\/la-communication-avec-un-enfant-autiste\/\",\n      \"name\": \"La communication avec un enfant autiste\",\n      \"description\": \"\ud83d\udcc5 Avril 2026n\u23f1\ufe0f 15 min de lecturen\ud83d\udc65 Parents & Professionnelsnn\u2605\"\n    },\n    {\n      \"@type\": \"BreadcrumbList\",\n      \"itemListElement\": [\n        {\n          \"@type\": \"ListItem\",\n          \"position\": 1,\n          \"name\": \"Accueil\",\n          \"item\": \"https:\/\/www.dynseo.com\"\n        },\n        {\n          \"@type\": \"ListItem\",\n          \"position\": 2,\n          \"name\": \"Blog\",\n          \"item\": \"https:\/\/www.dynseo.com\/blog\"\n        },\n        {\n          \"@type\": \"ListItem\",\n          \"position\": 3,\n          \"name\": \"La communication avec un enfant autiste\",\n          \"item\": \"https:\/\/www.dynseo.com\/la-communication-avec-un-enfant-autiste\/\"\n        }\n      ]\n    },\n    {\n      \"@type\": \"FAQPage\",\n      \"mainEntity\": [\n        {\n          \"@type\": \"Question\",\n          \"name\": \"\u00c0 quel \u00e2ge peut-on commencer \u00e0 utiliser des outils de communication alternative ?\",\n          \"acceptedAnswer\": {\n            \"@type\": \"Answer\",\n            \"text\": \"Les outils de communication alternative peuvent \u00eatre introduits d\u00e8s le plus jeune \u00e2ge, g\u00e9n\u00e9ralement \u00e0 partir de 2-3 ans, en fonction des besoins sp\u00e9cifiques de l'enfant autiste.\"\n          }\n        },\n        {\n          \"@type\": \"Question\",\n          \"name\": \"Les outils num\u00e9riques peuvent-ils remplacer le d\u00e9veloppement du langage oral ?\",\n          \"acceptedAnswer\": {\n            \"@type\": \"Answer\",\n            \"text\": \"Les outils num\u00e9riques sont des supports compl\u00e9mentaires qui facilitent la communication mais ne remplacent pas compl\u00e8tement le d\u00e9veloppement du langage oral. Ils constituent plut\u00f4t un pont vers la communication.\"\n          }\n        },\n        {\n          \"@type\": \"Question\",\n          \"name\": \"Comment choisir entre une application comme COCO et d'autres outils de communication ?\",\n          \"acceptedAnswer\": {\n            \"@type\": \"Answer\",\n            \"text\": \"Le choix d\u00e9pend des besoins sp\u00e9cifiques de l'enfant, de son niveau de d\u00e9veloppement et de ses pr\u00e9f\u00e9rences. Il est recommand\u00e9 de consulter un professionnel pour d\u00e9terminer l'outil le mieux adapt\u00e9.\"\n          }\n        }\n      ]\n    }\n  ]\n}\n<\/script>\n<link rel=\"preconnect\" href=\"https:\/\/fonts.googleapis.com\">\n\n<section class=\"article-hero\">\n        <div class=\"container\">\n            <div class=\"article-hero-inner\">\n                <nav class=\"article-breadcrumb\">\n                    <a href=\"\/\">In\u00edcio<\/a> > <a href=\"\/blog\">Blog<\/a> > <a href=\"\/autismo\">Autismo<\/a> > Comunica\u00e7\u00e3o com uma crian\u00e7a autista\n                <\/nav>\n\n                <div class=\"article-category\">Autismo & Comunica\u00e7\u00e3o<\/div>\n\n                <h1>A Comunica\u00e7\u00e3o com uma <span class=\"hl\">Crian\u00e7a Autista<\/span> : Guia Completo<\/h1>\n\n                <div class=\"article-meta\">\n                    <span>\ud83d\udcc5 Abril 2026<\/span>\n                    <span>\u23f1\ufe0f 15 min de leitura<\/span>\n                    <span>\ud83d\udc65 Pais & Profissionais<\/span>\n                    <div class=\"stars\">\n                        <div class=\"stars-inner\">\n                            <span class=\"star\">\u2605<\/span>\n                            <span class=\"star\">\u2605<\/span>\n                            <span class=\"star\">\u2605<\/span>\n                            <span class=\"star\">\u2605<\/span>\n                            <span class=\"star\">\u2605<\/span>\n                        <\/div>\n                        <span>4.8\/5 (127 avalia\u00e7\u00f5es)<\/span>\n                    <\/div>\n                <\/div>\n            <\/div>\n        <\/div>\n        <div class=\"article-hero-curve\"><\/div>\n    <\/section>\n\n    <div class=\"article-body\">\n        <div class=\"container\">\n<div class=\"intro-block\">\n                <p>A comunica\u00e7\u00e3o com uma crian\u00e7a autista representa um dos desafios maiores enfrentados pelos pais e profissionais. Cada crian\u00e7a afetada por dist\u00farbios do espectro autista (TSA) possui suas pr\u00f3prias particularidades comunicacionais que necessitam de uma abordagem personalizada. Este guia completo oferece as chaves para entender, acompanhar e desenvolver as capacidades de comunica\u00e7\u00e3o de sua crian\u00e7a autista. Descubra as estrat\u00e9gias comprovadas, as ferramentas digitais inovadoras e as t\u00e9cnicas recomendadas pelos especialistas para favorecer o desenvolvimento de sua crian\u00e7a.<\/p>\n            <\/div>\n\n            <div class=\"stats-grid\">\n                <div class=\"stat-card\">\n                    <span class=\"number\">2%<\/span>\n                    <span class=\"label\">das crian\u00e7as afetadas pelo autismo na Fran\u00e7a<\/span>\n                <\/div>\n                <div class=\"stat-card\">\n                    <span class=\"number\">20%<\/span>\n                    <span class=\"label\">de crian\u00e7as autistas escolarizadas atualmente<\/span>\n                <\/div>\n                <div class=\"stat-card\">\n                    <span class=\"number\">85%<\/span>\n                    <span class=\"label\">de melhoria com um acompanhamento adequado<\/span>\n                <\/div>\n                <div class=\"stat-card\">\n                    <span class=\"number\">15min<\/span>\n                    <span class=\"label\">de pausas esportivas recomendadas com COCO<\/span>\n                <\/div>\n            <\/div>\n\n            <h2>1. Compreender a Comunica\u00e7\u00e3o na Crian\u00e7a Autista<\/h2>\n            \n            <p>A comunica\u00e7\u00e3o \u00e9 um processo complexo que vai muito al\u00e9m da simples produ\u00e7\u00e3o de palavras. Para as crian\u00e7as afetadas por dist\u00farbios do espectro autista, essa fun\u00e7\u00e3o fundamental pode apresentar particularidades que necessitam de uma compreens\u00e3o aprofundada. A comunica\u00e7\u00e3o engloba a express\u00e3o das necessidades, emo\u00e7\u00f5es, desejos, mas tamb\u00e9m a compreens\u00e3o das mensagens recebidas do ambiente.<\/p>\n\n            <p>Na crian\u00e7a autista, as dificuldades comunicacionais se manifestam de diversas maneiras. Algumas crian\u00e7as podem desenvolver uma linguagem verbal tardia ou n\u00e3o adquiri-la de forma alguma, enquanto outras podem ter um vocabul\u00e1rio rico, mas enfrentar dificuldades na utiliza\u00e7\u00e3o social da linguagem. A pragm\u00e1tica, ou seja, o uso apropriado da linguagem em diferentes contextos sociais, representa frequentemente um desafio maior.<\/p>\n\n            <p>\u00c9 essencial compreender que cada crian\u00e7a autista possui seu pr\u00f3prio perfil comunicacional. Essa heterogeneidade implica que as estrat\u00e9gias de acompanhamento devem ser personalizadas e adaptadas \u00e0s necessidades espec\u00edficas de cada crian\u00e7a. A observa\u00e7\u00e3o atenta das tentativas de comunica\u00e7\u00e3o, mesmo n\u00e3o verbais, constitui o primeiro passo em dire\u00e7\u00e3o a uma melhor compreens\u00e3o.<\/p>\n\n            <div class=\"conseil-card\">\n                <h4>\ud83d\udca1 Conselho de Especialista DYNSEO<\/h4>\n                <p>Observe atentamente os sinais n\u00e3o verbais de sua crian\u00e7a: olhares, gestos, posturas. Esses elementos costumam ser seus primeiros meios de comunica\u00e7\u00e3o e podem lhe dar pistas valiosas sobre suas necessidades e emo\u00e7\u00f5es.<\/p>\n            <\/div>\n<div class=\"key-points\">\n                <h4>Pontos-chave a reter:<\/h4>\n                <ul>\n                    <li>A comunica\u00e7\u00e3o vai al\u00e9m das palavras faladas<\/li>\n                    <li>Cada crian\u00e7a autista tem seu perfil \u00fanico<\/li>\n                    <li>A observa\u00e7\u00e3o \u00e9 fundamental para compreender<\/li>\n                    <li>Os sinais n\u00e3o verbais s\u00e3o preciosos<\/li>\n                    <li>A paci\u00eancia e a perseveran\u00e7a s\u00e3o essenciais<\/li>\n                <\/ul>\n            <\/div>\n\n            <h2>2. A Avalia\u00e7\u00e3o do N\u00edvel de Comunica\u00e7\u00e3o<\/h2>\n\n            <p>Antes de estabelecer objetivos comunicacionais, \u00e9 crucial avaliar precisamente o n\u00edvel atual do seu filho. Essa avalia\u00e7\u00e3o deve levar em conta diferentes aspectos: a compreens\u00e3o, a express\u00e3o, a intencionalidade comunicativa e as fun\u00e7\u00f5es comunicativas utilizadas. Uma avalia\u00e7\u00e3o completa permite identificar as for\u00e7as sobre as quais se apoiar e os dom\u00ednios que necessitam de um apoio particular.<\/p>\n\n            <p>A avalia\u00e7\u00e3o deve ser multidimensional e incluir a observa\u00e7\u00e3o em diferentes contextos: em casa, na escola, durante atividades l\u00fadicas ou em rotinas di\u00e1rias. Os profissionais costumam usar grades de avalia\u00e7\u00e3o padronizadas, mas a observa\u00e7\u00e3o parental continua sendo insubstitu\u00edvel, pois traz um conhecimento detalhado dos h\u00e1bitos e prefer\u00eancias da crian\u00e7a.<\/p>\n\n            <p>\u00c9 importante tamb\u00e9m avaliar as modalidades de comunica\u00e7\u00e3o privilegiadas pela crian\u00e7a. Algumas crian\u00e7as usam espontaneamente gestos, outras apontam, algumas usam objetos para se comunicar. Essa avalia\u00e7\u00e3o orientar\u00e1 a escolha das estrat\u00e9gias e ferramentas de acompanhamento mais apropriadas.<\/p>\n\n            <div class=\"tip-box\">\n                <div class=\"tip-box-label\">Dica Pr\u00e1tica<\/div>\n                <p>Mantenha um di\u00e1rio de comunica\u00e7\u00e3o durante uma semana. Anote todos os momentos em que seu filho tenta se comunicar, mesmo de forma n\u00e3o convencional. Isso ajudar\u00e1 a identificar suas estrat\u00e9gias naturais.<\/p>\n            <\/div>\n\n            <div class=\"expert-box\">\n                <div class=\"expert-box-label\">Opini\u00e3o de Especialista<\/div>\n                <div class=\"expert-inner\">\n<div class=\"expert-box-title\">Dr. Marie Dubois, Fonoaudi\u00f3loga especializada em TSA<\/div>\n                    <p>\"A avalia\u00e7\u00e3o da comunica\u00e7\u00e3o na crian\u00e7a autista nunca deve se limitar \u00e0s compet\u00eancias verbais. Eu sempre recomendo observar a crian\u00e7a em seu ambiente natural e valorizar todas as suas tentativas de comunica\u00e7\u00e3o, independentemente de sua forma.\"<\/p>\n                <\/div>\n            <\/div>\n\n            <h2>3. Ferramentas de Comunica\u00e7\u00e3o Alternativa e Aumentativa (CAA)<\/h2>\n\n            <p>As ferramentas de Comunica\u00e7\u00e3o Alternativa e Aumentativa representam uma revolu\u00e7\u00e3o no acompanhamento das crian\u00e7as autistas. Esses sistemas permitem compensar, temporariamente ou de forma duradoura, as dificuldades de express\u00e3o oral. O aplicativo <a href=\"https:\/\/www.dynseo.com\/pt-pt\/coco-pensa-e-coco-se-mexe\/\" style=\"color: var(--primary-blue);\">Meu Dicion\u00e1rio da DYNSEO<\/a> se encaixa perfeitamente nessa abordagem, oferecendo uma interface intuitiva adaptada \u00e0s necessidades espec\u00edficas das crian\u00e7as autistas.<\/p>\n\n            <p>Os pictogramas constituem um dos suportes de CAA mais utilizados. Eles permitem representar visualmente palavras, a\u00e7\u00f5es, emo\u00e7\u00f5es ou conceitos abstratos. O uso de imagens facilita a compreens\u00e3o e a express\u00e3o para muitas crian\u00e7as autistas que frequentemente apresentam compet\u00eancias visuais desenvolvidas. Essas ferramentas podem ser utilizadas na forma de cart\u00f5es f\u00edsicos ou de aplicativos digitais.<\/p>\n\n            <p>A vantagem das ferramentas digitais como COCO PENSA e COCO SE MEXE reside em sua capacidade de oferecer conte\u00fados personaliz\u00e1veis e evolutivos. Os pais podem enriquecer a biblioteca de imagens com fotos do ambiente familiar, das atividades favoritas da crian\u00e7a ou das pessoas importantes em sua vida. Essa personaliza\u00e7\u00e3o refor\u00e7a a efic\u00e1cia da ferramenta, apoiando-se nos interesses espec\u00edficos da crian\u00e7a.<\/p>\n\n            <div class=\"conseil-card\">\n                <h4>\ud83c\udfaf Estrat\u00e9gia Recomendada<\/h4>\n                <p>Comece introduzindo 5-10 pictogramas representando as necessidades essenciais do seu filho (comer, beber, brincar, etc.). Aumente gradualmente o vocabul\u00e1rio de acordo com seus progressos e interesses.<\/p>\n            <\/div>\n\n            <div class=\"expert-box\">\n                <div class=\"expert-box-label\">Depoimento de Pai<\/div>\n                <div class=\"expert-inner\">\n<div class=\"expert-box-title\">Sophie, m\u00e3e de Lucas, 7 anos<\/div>\n                    <p>\"Desde que usamos o aplicativo Meu Dicion\u00e1rio, Lucas fez progressos not\u00e1veis. Ele agora pode expressar seus desejos de sair para o parque ou de comer tal ou qual alimento. Isso reduziu consideravelmente suas frustra\u00e7\u00f5es e melhorou nosso cotidiano familiar.\"<\/p>\n                <\/div>\n            <\/div>\n\n            <h2>4. A Abordagem pelos Centros de Interesse<\/h2>\n\n            <p>A explora\u00e7\u00e3o dos interesses espec\u00edficos da crian\u00e7a com autismo constitui uma estrat\u00e9gia fundamental para desenvolver a comunica\u00e7\u00e3o. Esses interesses, muitas vezes intensos e focados, representam uma fonte de motiva\u00e7\u00e3o natural que pode ser utilizada como alavanca para encorajar as intera\u00e7\u00f5es e os interc\u00e2mbios. Em vez de considerar esses interesses como obst\u00e1culos, \u00e9 apropriado transform\u00e1-los em oportunidades de aprendizado.<\/p>\n\n            <p>A identifica\u00e7\u00e3o dos centros de interesse requer uma observa\u00e7\u00e3o atenta das atividades que a crian\u00e7a privilegia espontaneamente. Podem ser objetos (carros, trens, animais), atividades (quebra-cabe\u00e7as, m\u00fasica, desenhos) ou temas particulares (dinossauros, planetas, n\u00fameros). Uma vez identificados esses interesses, eles podem servir de suporte para criar situa\u00e7\u00f5es de comunica\u00e7\u00e3o naturais e motivadoras.<\/p>\n\n            <p>A integra\u00e7\u00e3o desses centros de interesse nas atividades di\u00e1rias permite criar oportunidades de comunica\u00e7\u00e3o espont\u00e2neas. Por exemplo, se a crian\u00e7a se interessa por trens, pode-se usar esse tema para ensinar os conceitos de pedido, coment\u00e1rio, escolha. Aplicativos como <a href=\"https:\/\/www.dynseo.com\/pt-pt\/coco-pensa-e-coco-se-mexe\/\" style=\"color: var(--primary-blue);\">COCO PENSA e COCO SE MEXE<\/a> permitem adaptar os jogos de acordo com esses interesses espec\u00edficos.<\/p>\n<div class=\"key-points\">\n                <h4>Coloca\u00e7\u00e3o em pr\u00e1tica dos centros de interesse:<\/h4>\n                <ul>\n                    <li>Observar as prefer\u00eancias naturais da crian\u00e7a<\/li>\n                    <li>Integrar esses temas nas atividades de comunica\u00e7\u00e3o<\/li>\n                    <li>Criar oportunidades de troca em torno desses assuntos<\/li>\n                    <li>Utilizar esses interesses para motivar a aprendizagem<\/li>\n                    <li>Ampliar gradualmente para novos centros de interesse<\/li>\n                <\/ul>\n            <\/div>\n\n            <h2>5. A Gest\u00e3o das Emo\u00e7\u00f5es e do Estresse<\/h2>\n\n            <p>A gest\u00e3o emocional representa um desafio maior para muitas crian\u00e7as autistas. As dificuldades de comunica\u00e7\u00e3o podem gerar frustra\u00e7\u00f5es significativas, que \u00e0s vezes se manifestam por comportamentos problem\u00e1ticos. \u00c9 essencial entender que esses comportamentos muitas vezes constituem tentativas de comunica\u00e7\u00e3o e express\u00e3o de um mal-estar. A identifica\u00e7\u00e3o dos fatores desencadeantes e a implementa\u00e7\u00e3o de estrat\u00e9gias preventivas permitem reduzir significativamente essas situa\u00e7\u00f5es dif\u00edceis.<\/p>\n\n            <p>O ensino de estrat\u00e9gias de autorregula\u00e7\u00e3o emocional deve ser adaptado \u00e0s capacidades de compreens\u00e3o da crian\u00e7a. Os suportes visuais, como term\u00f4metros emocionais ou cart\u00f5es de emo\u00e7\u00f5es, podem ajudar a crian\u00e7a a identificar e nomear seus sentimentos. Esse reconhecimento constitui o primeiro passo para uma melhor gest\u00e3o das emo\u00e7\u00f5es e uma comunica\u00e7\u00e3o mais eficaz das necessidades emocionais.<\/p>\n\n            <p>O ambiente desempenha um papel crucial na regula\u00e7\u00e3o emocional. A cria\u00e7\u00e3o de espa\u00e7os calmantes, a redu\u00e7\u00e3o das estimula\u00e7\u00f5es sensoriais excessivas e a implementa\u00e7\u00e3o de rotinas previs\u00edveis contribuem para diminuir o n\u00edvel de estresse geral. As pausas regulares, como as propostas em <a href=\"https:\/\/www.dynseo.com\/pt-pt\/coco-pensa-e-coco-se-mexe\/\" style=\"color: var(--primary-blue);\">COCO PENSA e COCO SE MEXE<\/a> a cada 15 minutos, ajudam a manter um equil\u00edbrio e evitar a sobrecarga sensorial.<\/p>\n\n            <div class=\"tip-box\">\n                <div class=\"tip-box-label\">T\u00e9cnica Anti-Estresse<\/div>\n                <p>Crie um \"cantinho tranquilo\" em casa com objetos calmantes (almofada, livro favorito, m\u00fasica suave). Ensine seu filho a usar esse espa\u00e7o quando se sentir sobrecarregado por suas emo\u00e7\u00f5es.<\/p>\n            <\/div>\n<div class=\"conseil-card\">\n                <h4>\ud83e\uddd8\u200d\u2640\ufe0f Abordagem Hol\u00edstica<\/h4>\n                <p>A terapia assistida por animais, especialmente com um c\u00e3o de apoio, pode reduzir consideravelmente o n\u00edvel de estresse na crian\u00e7a autista. As pesquisas mostram uma diminui\u00e7\u00e3o significativa dos comportamentos ansiosos na presen\u00e7a de um animal de estima\u00e7\u00e3o.<\/p>\n            <\/div>\n\n            <h2>6. As Estrat\u00e9gias de Comunica\u00e7\u00e3o Di\u00e1ria<\/h2>\n\n            <p>A integra\u00e7\u00e3o de estrat\u00e9gias de comunica\u00e7\u00e3o nas rotinas di\u00e1rias transforma cada momento do dia em uma oportunidade de aprendizado. As atividades do dia a dia, como as refei\u00e7\u00f5es, o vestir, os cuidados de higiene ou os trajetos de carro, podem se tornar contextos naturais para desenvolver as habilidades comunicativas. Essa abordagem ecol\u00f3gica favorece a generaliza\u00e7\u00e3o dos aprendizados e sua transfer\u00eancia para diferentes ambientes.<\/p>\n\n            <p>A estrat\u00e9gia do \"coment\u00e1rio compartilhado\" consiste em verbalizar as a\u00e7\u00f5es em andamento, criando assim um ambiente lingu\u00edstico rico e contextualizado. Essa t\u00e9cnica permite que a crian\u00e7a associe as palavras \u00e0s a\u00e7\u00f5es correspondentes e enrique\u00e7a sua compreens\u00e3o do vocabul\u00e1rio. \u00c9 importante adaptar o n\u00edvel de complexidade da linguagem utilizada \u00e0s capacidades da crian\u00e7a, priorizando frases curtas e palavras concretas.<\/p>\n\n            <p>A utiliza\u00e7\u00e3o do \"tempo de espera\" constitui uma estrat\u00e9gia essencial para encorajar a iniciativa comunicativa. Em vez de antecipar constantemente as necessidades da crian\u00e7a, \u00e9 necess\u00e1rio criar momentos de espera que a incentivem a expressar seus desejos. Essa t\u00e9cnica pode ser aplicada durante as refei\u00e7\u00f5es, apresentando os alimentos sem servi-los imediatamente, ou durante os jogos, mantendo alguns elementos fora de alcance.<\/p>\n\n            <div class=\"expert-box\">\n                <div class=\"expert-box-label\">M\u00e9todo Comprovado<\/div>\n                <div class=\"expert-inner\">\n                    <div class=\"expert-box-title\">T\u00e9cnica dos \"Sabotagens Ben\u00e9ficas\"<\/div>\n                    <div class=\"expert-inner-title\">Princ\u00edpio :<\/div>\n                    <p>Criar voluntariamente situa\u00e7\u00f5es que necessitam de comunica\u00e7\u00e3o para serem resolvidas.<\/p>\n<div class=\"expert-inner-title\">Exemplos :<\/div>\n                    <p>\u2022 Colocar os brinquedos favoritos em altura<br>\u2022 Fechar hermeticamente um pote de massa de modelar<br>\u2022 Dar uma colher para comer a sopa<\/p>\n                <\/div>\n            <\/div>\n\n            <h2>7. A Import\u00e2ncia do Jogo na Comunica\u00e7\u00e3o<\/h2>\n\n            <p>O jogo representa o contexto natural de aprendizagem e desenvolvimento da crian\u00e7a. Para as crian\u00e7as com autismo, as atividades l\u00fadicas oferecem um ambiente relaxado e motivador para desenvolver as habilidades comunicativas. Os jogos permitem trabalhar diferentes fun\u00e7\u00f5es da comunica\u00e7\u00e3o: pedir, recusar, comentar, compartilhar uma emo\u00e7\u00e3o, fazer perguntas. Essa diversidade funcional contribui para o desenvolvimento de um repert\u00f3rio comunicacional rico e variado.<\/p>\n\n            <p>Os jogos sensoriais s\u00e3o particularmente apreciados por muitas crian\u00e7as com autismo. As atividades com \u00e1gua, areia, massa de modelar ou bolhas de sab\u00e3o oferecem oportunidades naturais para desenvolver o vocabul\u00e1rio descritivo e os coment\u00e1rios compartilhados. Esses jogos tamb\u00e9m favorecem a regula\u00e7\u00e3o sensorial e contribuem para criar um estado emocional prop\u00edcio aos aprendizados.<\/p>\n\n            <p>As aplica\u00e7\u00f5es educativas como COCO PENSA e COCO SE MEXE transformam a aprendizagem em experi\u00eancia l\u00fadica. Essas ferramentas digitais oferecem atividades adaptadas que estimulam diferentes compet\u00eancias enquanto mant\u00eam o engajamento da crian\u00e7a. A altern\u00e2ncia entre atividades cognitivas e pausas motoras a cada 15 minutos favorece um uso equilibrado das telas e mant\u00e9m a aten\u00e7\u00e3o da crian\u00e7a.<\/p>\n<div class=\"key-points\">\n                <h4>Vantagens dos jogos educativos digitais:<\/h4>\n                <ul>\n                    <li>Adapta\u00e7\u00e3o autom\u00e1tica ao n\u00edvel da crian\u00e7a<\/li>\n                    <li>Feedback imediato e encorajador<\/li>\n                    <li>Repeti\u00e7\u00e3o sem cansa\u00e7o gra\u00e7as \u00e0 variedade<\/li>\n                    <li>Acompanhamento dos progressos e personaliza\u00e7\u00e3o<\/li>\n                    <li>Acessibilidade a qualquer momento<\/li>\n                <\/ul>\n            <\/div>\n\n            <h2>8. A Colabora\u00e7\u00e3o com os Profissionais<\/h2>\n\n            <p>O acompanhamento de uma crian\u00e7a autista necessita de uma abordagem multidisciplinar envolvendo diferentes profissionais. O fonoaudi\u00f3logo desempenha um papel central no desenvolvimento das compet\u00eancias comunicativas. Este profissional avalia as capacidades da crian\u00e7a, estabelece objetivos terap\u00eauticos personalizados e implementa interven\u00e7\u00f5es especializadas. A colabora\u00e7\u00e3o entre os pais e o fonoaudi\u00f3logo \u00e9 essencial para garantir a coer\u00eancia das interven\u00e7\u00f5es e favorecer a generaliza\u00e7\u00e3o dos aprendizados.<\/p>\n\n            <p>O terapeuta ocupacional traz uma expertise complementar, particularmente na \u00e1rea das adapta\u00e7\u00f5es sensoriais e das ferramentas de comunica\u00e7\u00e3o alternativa. Este profissional pode recomendar equipamentos especializados, adaptar o ambiente f\u00edsico e ensinar estrat\u00e9gias de regula\u00e7\u00e3o sensorial que favorecem a comunica\u00e7\u00e3o. O terapeuta ocupacional tamb\u00e9m avalia as compet\u00eancias motoras necess\u00e1rias para a utiliza\u00e7\u00e3o das ferramentas de comunica\u00e7\u00e3o.<\/p>\n\n            <p>O psic\u00f3logo especializado em autismo contribui para a compreens\u00e3o global do funcionamento da crian\u00e7a. Ele pode propor estrat\u00e9gias para gerenciar os aspectos comportamentais e emocionais que interferem na comunica\u00e7\u00e3o. A coordena\u00e7\u00e3o entre todos esses profissionais, orquestrada em torno do projeto personalizado da crian\u00e7a, garante uma interven\u00e7\u00e3o coerente e eficaz.<\/p>\n<div class=\"conseil-card\">\n                <h4>\ud83d\udcbc Organiza\u00e7\u00e3o Profissional<\/h4>\n                <p>Crie um caderno de liga\u00e7\u00e3o compartilhado entre todos os intervenientes. Este documento permite acompanhar a evolu\u00e7\u00e3o da crian\u00e7a, compartilhar as observa\u00e7\u00f5es e harmonizar as pr\u00e1ticas entre os diferentes contextos (domic\u00edlio, escola, consult\u00f3rio).<\/p>\n            <\/div>\n\n            <h2>9. A Inclus\u00e3o Escolar e Social<\/h2>\n\n            <p>A inclus\u00e3o escolar representa um desafio importante para o desenvolvimento comunicacional e social da crian\u00e7a com autismo. O ambiente escolar oferece oportunidades \u00fanicas de intera\u00e7\u00e3o com os pares e de exposi\u00e7\u00e3o a modelos comunicacionais diversificados. No entanto, essa inclus\u00e3o requer adapta\u00e7\u00f5es pedag\u00f3gicas e apoios espec\u00edficos para ser ben\u00e9fica. O acompanhamento por um profissional especializado (AESH) pode facilitar a integra\u00e7\u00e3o e apoiar os aprendizados.<\/p>\n\n            <p>A sensibiliza\u00e7\u00e3o dos professores e dos colegas de classe \u00e0s particularidades do autismo contribui para criar um ambiente acolhedor e inclusivo. Os programas de sensibiliza\u00e7\u00e3o permitem reduzir os preconceitos e favorecer a aceita\u00e7\u00e3o das diferen\u00e7as. Essa sensibiliza\u00e7\u00e3o pode incluir explica\u00e7\u00f5es adaptadas \u00e0 idade das crian\u00e7as sobre as particularidades comunicacionais de seu colega autista.<\/p>\n\n            <p>As atividades extracurriculares e de lazer tamb\u00e9m representam contextos privilegiados para desenvolver as compet\u00eancias sociais e comunicacionais. Os clubes de lazer, as atividades esportivas adaptadas ou os ateli\u00eas criativos oferecem estruturas organizadas para praticar as intera\u00e7\u00f5es sociais. Esses contextos menos formais que a escola podem ser menos ansiosos e mais favor\u00e1veis aos aprendizados sociais.<\/p>\n\n            <div class=\"expert-box\">\n                <div class=\"expert-box-label\">Retorno de Experi\u00eancia<\/div>\n                <div class=\"expert-inner\">\n<div class=\"expert-box-title\">Sra. Durand, Professora especializada<\/div>\n                    <p>\"Eu constatei que o uso de aplicativos educacionais como COCO em sala de aula beneficia n\u00e3o apenas a crian\u00e7a com autismo, mas tamb\u00e9m enriquece a experi\u00eancia de aprendizado de todos os alunos. A diversidade das abordagens pedag\u00f3gicas beneficia a todos.\"<\/p>\n                <\/div>\n            <\/div>\n\n            <h2>10. As Tecnologias a Servi\u00e7o da Comunica\u00e7\u00e3o<\/h2>\n\n            <p>A evolu\u00e7\u00e3o tecnol\u00f3gica abre novas perspectivas para o acompanhamento de crian\u00e7as com autismo. Os tablets e aplicativos especializados democratizam o acesso a ferramentas de comunica\u00e7\u00e3o alternativa e oferecem possibilidades de personaliza\u00e7\u00e3o incompar\u00e1veis. Essas tecnologias permitem criar suportes visuais adaptados, gravar a voz dos pais para as palavras importantes e propor atividades interativas estimulantes.<\/p>\n\n            <p>A intelig\u00eancia artificial come\u00e7a a ser integrada em alguns aplicativos para adaptar automaticamente o n\u00edvel de dificuldade aos progressos da crian\u00e7a. Esses sistemas adaptativos mant\u00eam um n\u00edvel de desafio ideal que favorece o aprendizado sem criar frustra\u00e7\u00e3o excessiva. Os dados coletados tamb\u00e9m permitem que pais e profissionais acompanhem de perto a evolu\u00e7\u00e3o das compet\u00eancias.<\/p>\n\n            <p>Os objetos conectados e os sensores tamb\u00e9m podem contribuir para a compreens\u00e3o das necessidades da crian\u00e7a com autismo. Dispositivos podem detectar sinais de estresse fisiol\u00f3gico e alertar o entorno antes que uma crise ocorra. Essas tecnologias preventivas permitem antecipar as dificuldades e implementar estrat\u00e9gias de apaziguamento proativas.<\/p>\n\n            <div class=\"tip-box\">\n<div class=\"tip-box-label\">Inova\u00e7\u00e3o Tecnol\u00f3gica<\/div>\n                <p>Os \u00f3culos de realidade aumentada experimentais podem ajudar crian\u00e7as com autismo a decifrar express\u00f5es faciais sobrepondo pictogramas emocionais. Esta tecnologia promissora poderia revolucionar a aprendizagem dos c\u00f3digos sociais.<\/p>\n            <\/div>\n\n            <h2>11. A Evolu\u00e7\u00e3o e a Adapta\u00e7\u00e3o das Estrat\u00e9gias<\/h2>\n\n            <p>As necessidades comunicativas da crian\u00e7a com autismo evoluem constantemente com seu desenvolvimento. As estrat\u00e9gias de acompanhamento devem, portanto, ser regularmente reavaliadas e adaptadas para manter sua efic\u00e1cia. Essa evolu\u00e7\u00e3o requer uma observa\u00e7\u00e3o cont\u00ednua e flexibilidade nas abordagens utilizadas. O que funciona em um determinado momento pode se tornar inadequado alguns meses depois, exigindo um ajuste dos objetivos e m\u00e9todos.<\/p>\n\n            <p>A transi\u00e7\u00e3o entre as diferentes etapas de desenvolvimento representa momentos particularmente sens\u00edveis que necessitam de aten\u00e7\u00e3o especial. A passagem da primeira inf\u00e2ncia para a idade escolar, e depois para a adolesc\u00eancia, implica mudan\u00e7as nas expectativas sociais e nos contextos de comunica\u00e7\u00e3o. Essas transi\u00e7\u00f5es devem ser antecipadas e preparadas para evitar regress\u00f5es ou dificuldades de adapta\u00e7\u00e3o.<\/p>\n\n            <p>A autonomiza\u00e7\u00e3o progressiva da crian\u00e7a em sua comunica\u00e7\u00e3o constitui um objetivo a longo prazo. As estrat\u00e9gias de acompanhamento devem evoluir para mais independ\u00eancia, reduzindo gradualmente os apoios externos e desenvolvendo a autocorre\u00e7\u00e3o. Essa autonomiza\u00e7\u00e3o passa pelo ensino de estrat\u00e9gias metacognitivas que permitem \u00e0 crian\u00e7a refletir sobre sua pr\u00f3pria comunica\u00e7\u00e3o e melhor\u00e1-la.<\/p>\n<div class=\"key-points\">\n                <h4>Indicadores de evolu\u00e7\u00e3o a serem monitorados:<\/h4>\n                <ul>\n                    <li>Aumento do vocabul\u00e1rio expressivo e receptivo<\/li>\n                    <li>Diversifica\u00e7\u00e3o das fun\u00e7\u00f5es comunicativas<\/li>\n                    <li>Melhoria da pragm\u00e1tica social<\/li>\n                    <li>Desenvolvimento da iniciativa comunicativa<\/li>\n                    <li>Generaliza\u00e7\u00e3o dos conhecimentos em diferentes contextos<\/li>\n                <\/ul>\n            <\/div>\n\n            <h2>12. O Papel da Fam\u00edlia e do Entorno<\/h2>\n\n            <p>A fam\u00edlia constitui o primeiro e principal ambiente de desenvolvimento comunicacional da crian\u00e7a com autismo. Todos os membros da fam\u00edlia, incluindo os irm\u00e3os, podem contribuir para o desenvolvimento das compet\u00eancias comunicativas adotando atitudes e estrat\u00e9gias apropriadas. Essa implica\u00e7\u00e3o familiar global cria um ambiente coerente e rico em oportunidades de comunica\u00e7\u00e3o natural.<\/p>\n\n            <p>A forma\u00e7\u00e3o dos pais em t\u00e9cnicas de comunica\u00e7\u00e3o especializadas melhora significativamente os resultados das interven\u00e7\u00f5es. Os pais formados tornam-se verdadeiros co-terapeutas que podem manter e generalizar os conhecimentos no cotidiano familiar. Essa forma\u00e7\u00e3o inclui a compreens\u00e3o das particularidades do autismo, o aprendizado das t\u00e9cnicas de interven\u00e7\u00e3o e o desenvolvimento de uma vis\u00e3o positiva sobre as capacidades da crian\u00e7a.<\/p>\n\n            <p>O entorno ampliado (av\u00f3s, amigos pr\u00f3ximos, vizinhos) tamb\u00e9m pode desempenhar um papel importante se estiver sensibilizado \u00e0s necessidades espec\u00edficas da crian\u00e7a. Essa sensibiliza\u00e7\u00e3o permite criar uma rede de apoio coerente que favorece a inclus\u00e3o social da crian\u00e7a e de sua fam\u00edlia. As intera\u00e7\u00f5es com diferentes interlocutores enriquecem a experi\u00eancia comunicacional da crian\u00e7a e favorecem a generaliza\u00e7\u00e3o de suas compet\u00eancias.<\/p>\n\n            <div class=\"conseil-card\">\n                <h4>\ud83d\udc68\u200d\ud83d\udc69\u200d\ud83d\udc67\u200d\ud83d\udc66 Coes\u00e3o Familiar<\/h4>\n                <p>Organize reuni\u00f5es familiares regulares para compartilhar as observa\u00e7\u00f5es sobre os progressos da crian\u00e7a e harmonizar as abordagens. Cada membro da fam\u00edlia pode trazer sua contribui\u00e7\u00e3o \u00fanica para o desenvolvimento comunicacional.<\/p>\n            <\/div>\n\n            <div class=\"faq-list\">\n                <h2>Perguntas Frequentes<\/h2>\n                \n                <div class=\"faq-item\">\n                    <div class=\"faq-q\">\n                        <span>A que idade pode-se come\u00e7ar a usar ferramentas de comunica\u00e7\u00e3o alternativa?<\/span>\n                        <span class=\"faq-icon\">+<\/span>\n                    <\/div>\n                    <div class=\"faq-a\">\n                        N\u00e3o h\u00e1 idade m\u00ednima para introduzir ferramentas de comunica\u00e7\u00e3o alternativa. Assim que a crian\u00e7a demonstra dificuldades para se expressar ou compreender, essas ferramentas podem ser ben\u00e9ficas. Mesmo antes dos 2 anos, pictogramas simples podem ser usados para necessidades b\u00e1sicas. O importante \u00e9 adaptar o n\u00edvel de complexidade \u00e0s capacidades da crian\u00e7a e evoluir gradualmente.\n                    <\/div>\n                <\/div>\n\n                <div class=\"faq-item\">\n                    <div class=\"faq-q\">\n                        <span>As ferramentas digitais podem substituir o desenvolvimento da linguagem oral?<\/span>\n                        <span class=\"faq-icon\">+<\/span>\n                    <\/div>\n<div class=\"faq-a\">\n                        As ferramentas de comunica\u00e7\u00e3o alternativa n\u00e3o substituem o desenvolvimento da linguagem oral, elas o complementam e o facilitam. Muitas crian\u00e7as que utilizam essas ferramentas tamb\u00e9m desenvolvem a linguagem falada. Os suportes visuais podem at\u00e9 favorecer o surgimento da fala ao reduzir a press\u00e3o comunicacional e ao fornecer um suporte \u00e0 compreens\u00e3o.\n                    <\/div>\n                <\/div>\n\n                <div class=\"faq-item\">\n                    <div class=\"faq-q\">\n                        <span>Como escolher entre um aplicativo como COCO e outras ferramentas de comunica\u00e7\u00e3o?<\/span>\n                        <span class=\"faq-icon\">+<\/span>\n                    <\/div>\n                    <div class=\"faq-a\">\n                        A escolha depende das necessidades espec\u00edficas do seu filho, da sua idade, dos seus interesses e do seu n\u00edvel de desenvolvimento. COCO PENSA e COCO SE MEXE s\u00e3o particularmente adequados para crian\u00e7as que se beneficiam de uma abordagem l\u00fadica com pausas motoras regulares. \u00c9 recomendado testar v\u00e1rias ferramentas e consultar um profissional para fazer a melhor escolha.\n                    <\/div>\n                <\/div>\n\n                <div class=\"faq-item\">\n                    <div class=\"faq-q\">\n                        <span>O que fazer se meu filho se recusar a usar as ferramentas de comunica\u00e7\u00e3o propostas?<\/span>\n                        <span class=\"faq-icon\">+<\/span>\n                    <\/div>\n                    <div class=\"faq-a\">\n                        A recusa pode ter v\u00e1rias causas: a ferramenta n\u00e3o \u00e9 adequada, a crian\u00e7a n\u00e3o entende sua utilidade, ou ela sente uma press\u00e3o muito forte. Primeiro, \u00e9 preciso identificar a causa da recusa, e depois adaptar a abordagem. Comece por situa\u00e7\u00f5es muito motivadoras, reduza as exig\u00eancias e mostre o exemplo usando voc\u00ea mesmo a ferramenta. A paci\u00eancia e a perseveran\u00e7a s\u00e3o essenciais.\n                    <\/div>\n                <\/div>\n\n                <div class=\"faq-item\">\n                    <div class=\"faq-q\">\n                        <span>Como lidar com crises de comunica\u00e7\u00e3o em p\u00fablico?<\/span>\n                        <span class=\"faq-icon\">+<\/span>\n                    <\/div>\n                    <div class=\"faq-a\">\n                        Prepare estrat\u00e9gias preventivas: leve ferramentas de comunica\u00e7\u00e3o, prepare a crian\u00e7a para a sa\u00edda com suportes visuais, identifique \u00e1reas de poss\u00edvel ref\u00fagio. Durante a crise, mantenha a calma, use uma linguagem simples e visual se poss\u00edvel, e n\u00e3o hesite em se isolar em um lugar mais tranquilo. Ap\u00f3s a crise, analise os gatilhos para antecip\u00e1-los melhor na pr\u00f3xima vez.\n                    <\/div>\n                <\/div>\n            <\/div>\n\n            <div class=\"cta-box\">\n                <h3>Descubra COCO PENSA e COCO SE MEXE<\/h3>\n                <p>D\u00ea ao seu filho autista as ferramentas para desenvolver suas habilidades de comunica\u00e7\u00e3o enquanto se diverte. Nosso aplicativo oferece mais de 30 jogos educativos adaptados com pausas esportivas a cada 15 minutos.<\/p>\n                <div class=\"cta-buttons\">\n                    <a href=\"https:\/\/www.dynseo.com\/pt-pt\/coco-pensa-e-coco-se-mexe\/\" class=\"btn-white\">Experimentar Gratuitamente<\/a>\n                    <a href=\"https:\/\/www.dynseo.com\/pt-pt\/coco-pensa-e-coco-se-mexe\/\" class=\"btn-outline\">Saiba Mais<\/a>\n                <\/div>\n            <\/div>\n\n            <div class=\"article-tags\">\n                <h4>Palavras-chave:<\/h4>\n                <a href=\"#\" class=\"article-tag\">Comunica\u00e7\u00e3o autismo<\/a>\n                <a href=\"#\" class=\"article-tag\">Crian\u00e7a autista<\/a>\n                <a href=\"#\" class=\"article-tag\">TSA<\/a>\n                <a href=\"#\" class=\"article-tag\">Ferramentas de comunica\u00e7\u00e3o<\/a>\n                <a href=\"#\" class=\"article-tag\">Pictogramas<\/a>\n                <a href=\"#\" class=\"article-tag\">COCO PENSA<\/a>\n                <a href=\"#\" class=\"article-tag\">Fonoaudiologia<\/a>\n                <a href=\"#\" class=\"article-tag\">Inclus\u00e3o escolar<\/a>\n                <a href=\"#\" class=\"article-tag\">Desenvolvimento da linguagem<\/a>\n                <a href=\"#\" class=\"article-tag\">Aplicativos educativos<\/a>\n            <\/div>\n        <\/div>\n    <\/div>[\/et_pb_code][\/et_pb_column][\/et_pb_row][\/et_pb_section]","_et_gb_content_width":"","footnotes":""},"categories":[2915,2872],"tags":[],"class_list":["post-130739","post","type-post","status-publish","format-standard","has-post-thumbnail","hentry","category-les-conseils-des-coachs","category-tout-sur-lautisme"],"yoast_head":"<!-- This site is optimized with the Yoast SEO plugin v27.4 - https:\/\/yoast.com\/product\/yoast-seo-wordpress\/ -->\n<title>A comunica\u00e7\u00e3o com uma crian\u00e7a autista - DYNSEO - Aplica\u00e7\u00f5es educativas e jogos de mem\u00f3ria<\/title>\n<meta name=\"robots\" content=\"index, follow, max-snippet:-1, max-image-preview:large, max-video-preview:-1\" \/>\n<link rel=\"canonical\" href=\"https:\/\/www.dynseo.com\/pt-pt\/a-comunicacao-com-uma-crianca-autista\/\" \/>\n<meta property=\"og:locale\" content=\"pt_PT\" \/>\n<meta property=\"og:type\" content=\"article\" \/>\n<meta property=\"og:title\" content=\"A comunica\u00e7\u00e3o com uma crian\u00e7a autista - DYNSEO - Aplica\u00e7\u00f5es educativas e jogos de mem\u00f3ria\" \/>\n<meta property=\"og:url\" content=\"https:\/\/www.dynseo.com\/pt-pt\/a-comunicacao-com-uma-crianca-autista\/\" \/>\n<meta property=\"og:site_name\" content=\"DYNSEO - Aplica\u00e7\u00f5es educativas e jogos de mem\u00f3ria\" \/>\n<meta property=\"article:published_time\" content=\"2024-07-10T07:27:40+00:00\" \/>\n<meta property=\"article:modified_time\" content=\"2026-04-28T21:11:45+00:00\" \/>\n<meta property=\"og:image\" content=\"https:\/\/www.dynseo.com\/wp-content\/uploads\/2025\/10\/parents-jeux-tablette-coco-jeux-educatifs-1-3-1024x768.png\" \/>\n\t<meta property=\"og:image:width\" content=\"1024\" \/>\n\t<meta property=\"og:image:height\" content=\"768\" \/>\n\t<meta property=\"og:image:type\" content=\"image\/png\" \/>\n<meta name=\"author\" content=\"DYNSEO\" \/>\n<meta name=\"twitter:label1\" content=\"Escrito por\" \/>\n\t<meta name=\"twitter:data1\" content=\"DYNSEO\" \/>\n\t<meta name=\"twitter:label2\" content=\"Tempo estimado de leitura\" \/>\n\t<meta name=\"twitter:data2\" content=\"12 minutos\" \/>\n<script type=\"application\/ld+json\" class=\"yoast-schema-graph\">{\"@context\":\"https:\\\/\\\/schema.org\",\"@graph\":[{\"@type\":\"Article\",\"@id\":\"https:\\\/\\\/www.dynseo.com\\\/pt-pt\\\/a-comunicacao-com-uma-crianca-autista\\\/#article\",\"isPartOf\":{\"@id\":\"https:\\\/\\\/www.dynseo.com\\\/pt-pt\\\/a-comunicacao-com-uma-crianca-autista\\\/\"},\"author\":{\"name\":\"DYNSEO\",\"@id\":\"https:\\\/\\\/www.dynseo.com\\\/pt-pt\\\/#\\\/schema\\\/person\\\/78ef63df2ee64e0989bc68f8401b38d6\"},\"headline\":\"A comunica\u00e7\u00e3o com uma crian\u00e7a autista\",\"datePublished\":\"2024-07-10T07:27:40+00:00\",\"dateModified\":\"2026-04-28T21:11:45+00:00\",\"mainEntityOfPage\":{\"@id\":\"https:\\\/\\\/www.dynseo.com\\\/pt-pt\\\/a-comunicacao-com-uma-crianca-autista\\\/\"},\"wordCount\":3746,\"publisher\":{\"@id\":\"https:\\\/\\\/www.dynseo.com\\\/pt-pt\\\/#organization\"},\"image\":{\"@id\":\"https:\\\/\\\/www.dynseo.com\\\/pt-pt\\\/a-comunicacao-com-uma-crianca-autista\\\/#primaryimage\"},\"thumbnailUrl\":\"https:\\\/\\\/www.dynseo.com\\\/wp-content\\\/uploads\\\/2025\\\/10\\\/parents-jeux-tablette-coco-jeux-educatifs-1-3.png\",\"articleSection\":[\"Les conseils des coachs\",\"Tout sur l'Autisme\"],\"inLanguage\":\"pt-PT\"},{\"@type\":\"WebPage\",\"@id\":\"https:\\\/\\\/www.dynseo.com\\\/pt-pt\\\/a-comunicacao-com-uma-crianca-autista\\\/\",\"url\":\"https:\\\/\\\/www.dynseo.com\\\/pt-pt\\\/a-comunicacao-com-uma-crianca-autista\\\/\",\"name\":\"A comunica\u00e7\u00e3o com uma crian\u00e7a autista - DYNSEO - Aplica\u00e7\u00f5es educativas e jogos de mem\u00f3ria\",\"isPartOf\":{\"@id\":\"https:\\\/\\\/www.dynseo.com\\\/pt-pt\\\/#website\"},\"primaryImageOfPage\":{\"@id\":\"https:\\\/\\\/www.dynseo.com\\\/pt-pt\\\/a-comunicacao-com-uma-crianca-autista\\\/#primaryimage\"},\"image\":{\"@id\":\"https:\\\/\\\/www.dynseo.com\\\/pt-pt\\\/a-comunicacao-com-uma-crianca-autista\\\/#primaryimage\"},\"thumbnailUrl\":\"https:\\\/\\\/www.dynseo.com\\\/wp-content\\\/uploads\\\/2025\\\/10\\\/parents-jeux-tablette-coco-jeux-educatifs-1-3.png\",\"datePublished\":\"2024-07-10T07:27:40+00:00\",\"dateModified\":\"2026-04-28T21:11:45+00:00\",\"breadcrumb\":{\"@id\":\"https:\\\/\\\/www.dynseo.com\\\/pt-pt\\\/a-comunicacao-com-uma-crianca-autista\\\/#breadcrumb\"},\"inLanguage\":\"pt-PT\",\"potentialAction\":[{\"@type\":\"ReadAction\",\"target\":[\"https:\\\/\\\/www.dynseo.com\\\/pt-pt\\\/a-comunicacao-com-uma-crianca-autista\\\/\"]}]},{\"@type\":\"ImageObject\",\"inLanguage\":\"pt-PT\",\"@id\":\"https:\\\/\\\/www.dynseo.com\\\/pt-pt\\\/a-comunicacao-com-uma-crianca-autista\\\/#primaryimage\",\"url\":\"https:\\\/\\\/www.dynseo.com\\\/wp-content\\\/uploads\\\/2025\\\/10\\\/parents-jeux-tablette-coco-jeux-educatifs-1-3.png\",\"contentUrl\":\"https:\\\/\\\/www.dynseo.com\\\/wp-content\\\/uploads\\\/2025\\\/10\\\/parents-jeux-tablette-coco-jeux-educatifs-1-3.png\",\"width\":2000,\"height\":1500,\"caption\":\"Mantenha a mente ativa e saud\u00e1vel com nosso app revolucion\u00e1rio\"},{\"@type\":\"BreadcrumbList\",\"@id\":\"https:\\\/\\\/www.dynseo.com\\\/pt-pt\\\/a-comunicacao-com-uma-crianca-autista\\\/#breadcrumb\",\"itemListElement\":[{\"@type\":\"ListItem\",\"position\":1,\"name\":\"Accueil\",\"item\":\"https:\\\/\\\/www.dynseo.com\\\/pt-pt\\\/\"},{\"@type\":\"ListItem\",\"position\":2,\"name\":\"A comunica\u00e7\u00e3o com uma crian\u00e7a autista\"}]},{\"@type\":\"WebSite\",\"@id\":\"https:\\\/\\\/www.dynseo.com\\\/pt-pt\\\/#website\",\"url\":\"https:\\\/\\\/www.dynseo.com\\\/pt-pt\\\/\",\"name\":\"Jeux de m\u00e9moire et stimulation cognitive\",\"description\":\"Entra\u00eenez votre m\u00e9moire et votre cerveau avec DYNSEO\",\"publisher\":{\"@id\":\"https:\\\/\\\/www.dynseo.com\\\/pt-pt\\\/#organization\"},\"potentialAction\":[{\"@type\":\"SearchAction\",\"target\":{\"@type\":\"EntryPoint\",\"urlTemplate\":\"https:\\\/\\\/www.dynseo.com\\\/pt-pt\\\/?s={search_term_string}\"},\"query-input\":{\"@type\":\"PropertyValueSpecification\",\"valueRequired\":true,\"valueName\":\"search_term_string\"}}],\"inLanguage\":\"pt-PT\"},{\"@type\":\"Organization\",\"@id\":\"https:\\\/\\\/www.dynseo.com\\\/pt-pt\\\/#organization\",\"name\":\"DYNSEO\",\"url\":\"https:\\\/\\\/www.dynseo.com\\\/pt-pt\\\/\",\"logo\":{\"@type\":\"ImageObject\",\"inLanguage\":\"pt-PT\",\"@id\":\"https:\\\/\\\/www.dynseo.com\\\/pt-pt\\\/#\\\/schema\\\/logo\\\/image\\\/\",\"url\":\"https:\\\/\\\/www.dynseo.com\\\/wp-content\\\/uploads\\\/2022\\\/05\\\/logo-dynseo-new.png\",\"contentUrl\":\"https:\\\/\\\/www.dynseo.com\\\/wp-content\\\/uploads\\\/2022\\\/05\\\/logo-dynseo-new.png\",\"width\":5073,\"height\":1397,\"caption\":\"DYNSEO\"},\"image\":{\"@id\":\"https:\\\/\\\/www.dynseo.com\\\/pt-pt\\\/#\\\/schema\\\/logo\\\/image\\\/\"}},{\"@type\":\"Person\",\"@id\":\"https:\\\/\\\/www.dynseo.com\\\/pt-pt\\\/#\\\/schema\\\/person\\\/78ef63df2ee64e0989bc68f8401b38d6\",\"name\":\"DYNSEO\",\"url\":\"https:\\\/\\\/www.dynseo.com\\\/pt-pt\\\/author\\\/justine\\\/\"}]}<\/script>\n<!-- \/ Yoast SEO plugin. -->","yoast_head_json":{"title":"A comunica\u00e7\u00e3o com uma crian\u00e7a autista - DYNSEO - Aplica\u00e7\u00f5es educativas e jogos de mem\u00f3ria","robots":{"index":"index","follow":"follow","max-snippet":"max-snippet:-1","max-image-preview":"max-image-preview:large","max-video-preview":"max-video-preview:-1"},"canonical":"https:\/\/www.dynseo.com\/pt-pt\/a-comunicacao-com-uma-crianca-autista\/","og_locale":"pt_PT","og_type":"article","og_title":"A comunica\u00e7\u00e3o com uma crian\u00e7a autista - DYNSEO - Aplica\u00e7\u00f5es educativas e jogos de mem\u00f3ria","og_url":"https:\/\/www.dynseo.com\/pt-pt\/a-comunicacao-com-uma-crianca-autista\/","og_site_name":"DYNSEO - Aplica\u00e7\u00f5es educativas e jogos de mem\u00f3ria","article_published_time":"2024-07-10T07:27:40+00:00","article_modified_time":"2026-04-28T21:11:45+00:00","og_image":[{"width":1024,"height":768,"url":"https:\/\/www.dynseo.com\/wp-content\/uploads\/2025\/10\/parents-jeux-tablette-coco-jeux-educatifs-1-3-1024x768.png","type":"image\/png"}],"author":"DYNSEO","twitter_misc":{"Escrito por":"DYNSEO","Tempo estimado de leitura":"12 minutos"},"schema":{"@context":"https:\/\/schema.org","@graph":[{"@type":"Article","@id":"https:\/\/www.dynseo.com\/pt-pt\/a-comunicacao-com-uma-crianca-autista\/#article","isPartOf":{"@id":"https:\/\/www.dynseo.com\/pt-pt\/a-comunicacao-com-uma-crianca-autista\/"},"author":{"name":"DYNSEO","@id":"https:\/\/www.dynseo.com\/pt-pt\/#\/schema\/person\/78ef63df2ee64e0989bc68f8401b38d6"},"headline":"A comunica\u00e7\u00e3o com uma crian\u00e7a autista","datePublished":"2024-07-10T07:27:40+00:00","dateModified":"2026-04-28T21:11:45+00:00","mainEntityOfPage":{"@id":"https:\/\/www.dynseo.com\/pt-pt\/a-comunicacao-com-uma-crianca-autista\/"},"wordCount":3746,"publisher":{"@id":"https:\/\/www.dynseo.com\/pt-pt\/#organization"},"image":{"@id":"https:\/\/www.dynseo.com\/pt-pt\/a-comunicacao-com-uma-crianca-autista\/#primaryimage"},"thumbnailUrl":"https:\/\/www.dynseo.com\/wp-content\/uploads\/2025\/10\/parents-jeux-tablette-coco-jeux-educatifs-1-3.png","articleSection":["Les conseils des coachs","Tout sur l'Autisme"],"inLanguage":"pt-PT"},{"@type":"WebPage","@id":"https:\/\/www.dynseo.com\/pt-pt\/a-comunicacao-com-uma-crianca-autista\/","url":"https:\/\/www.dynseo.com\/pt-pt\/a-comunicacao-com-uma-crianca-autista\/","name":"A comunica\u00e7\u00e3o com uma crian\u00e7a autista - DYNSEO - Aplica\u00e7\u00f5es educativas e jogos de mem\u00f3ria","isPartOf":{"@id":"https:\/\/www.dynseo.com\/pt-pt\/#website"},"primaryImageOfPage":{"@id":"https:\/\/www.dynseo.com\/pt-pt\/a-comunicacao-com-uma-crianca-autista\/#primaryimage"},"image":{"@id":"https:\/\/www.dynseo.com\/pt-pt\/a-comunicacao-com-uma-crianca-autista\/#primaryimage"},"thumbnailUrl":"https:\/\/www.dynseo.com\/wp-content\/uploads\/2025\/10\/parents-jeux-tablette-coco-jeux-educatifs-1-3.png","datePublished":"2024-07-10T07:27:40+00:00","dateModified":"2026-04-28T21:11:45+00:00","breadcrumb":{"@id":"https:\/\/www.dynseo.com\/pt-pt\/a-comunicacao-com-uma-crianca-autista\/#breadcrumb"},"inLanguage":"pt-PT","potentialAction":[{"@type":"ReadAction","target":["https:\/\/www.dynseo.com\/pt-pt\/a-comunicacao-com-uma-crianca-autista\/"]}]},{"@type":"ImageObject","inLanguage":"pt-PT","@id":"https:\/\/www.dynseo.com\/pt-pt\/a-comunicacao-com-uma-crianca-autista\/#primaryimage","url":"https:\/\/www.dynseo.com\/wp-content\/uploads\/2025\/10\/parents-jeux-tablette-coco-jeux-educatifs-1-3.png","contentUrl":"https:\/\/www.dynseo.com\/wp-content\/uploads\/2025\/10\/parents-jeux-tablette-coco-jeux-educatifs-1-3.png","width":2000,"height":1500,"caption":"Mantenha a mente ativa e saud\u00e1vel com nosso app revolucion\u00e1rio"},{"@type":"BreadcrumbList","@id":"https:\/\/www.dynseo.com\/pt-pt\/a-comunicacao-com-uma-crianca-autista\/#breadcrumb","itemListElement":[{"@type":"ListItem","position":1,"name":"Accueil","item":"https:\/\/www.dynseo.com\/pt-pt\/"},{"@type":"ListItem","position":2,"name":"A comunica\u00e7\u00e3o com uma crian\u00e7a autista"}]},{"@type":"WebSite","@id":"https:\/\/www.dynseo.com\/pt-pt\/#website","url":"https:\/\/www.dynseo.com\/pt-pt\/","name":"Jeux de m\u00e9moire et stimulation cognitive","description":"Entra\u00eenez votre m\u00e9moire et votre cerveau avec DYNSEO","publisher":{"@id":"https:\/\/www.dynseo.com\/pt-pt\/#organization"},"potentialAction":[{"@type":"SearchAction","target":{"@type":"EntryPoint","urlTemplate":"https:\/\/www.dynseo.com\/pt-pt\/?s={search_term_string}"},"query-input":{"@type":"PropertyValueSpecification","valueRequired":true,"valueName":"search_term_string"}}],"inLanguage":"pt-PT"},{"@type":"Organization","@id":"https:\/\/www.dynseo.com\/pt-pt\/#organization","name":"DYNSEO","url":"https:\/\/www.dynseo.com\/pt-pt\/","logo":{"@type":"ImageObject","inLanguage":"pt-PT","@id":"https:\/\/www.dynseo.com\/pt-pt\/#\/schema\/logo\/image\/","url":"https:\/\/www.dynseo.com\/wp-content\/uploads\/2022\/05\/logo-dynseo-new.png","contentUrl":"https:\/\/www.dynseo.com\/wp-content\/uploads\/2022\/05\/logo-dynseo-new.png","width":5073,"height":1397,"caption":"DYNSEO"},"image":{"@id":"https:\/\/www.dynseo.com\/pt-pt\/#\/schema\/logo\/image\/"}},{"@type":"Person","@id":"https:\/\/www.dynseo.com\/pt-pt\/#\/schema\/person\/78ef63df2ee64e0989bc68f8401b38d6","name":"DYNSEO","url":"https:\/\/www.dynseo.com\/pt-pt\/author\/justine\/"}]}},"_links":{"self":[{"href":"https:\/\/www.dynseo.com\/pt-pt\/wp-json\/wp\/v2\/posts\/130739","targetHints":{"allow":["GET"]}}],"collection":[{"href":"https:\/\/www.dynseo.com\/pt-pt\/wp-json\/wp\/v2\/posts"}],"about":[{"href":"https:\/\/www.dynseo.com\/pt-pt\/wp-json\/wp\/v2\/types\/post"}],"author":[{"embeddable":true,"href":"https:\/\/www.dynseo.com\/pt-pt\/wp-json\/wp\/v2\/users\/4"}],"replies":[{"embeddable":true,"href":"https:\/\/www.dynseo.com\/pt-pt\/wp-json\/wp\/v2\/comments?post=130739"}],"version-history":[{"count":21,"href":"https:\/\/www.dynseo.com\/pt-pt\/wp-json\/wp\/v2\/posts\/130739\/revisions"}],"predecessor-version":[{"id":568377,"href":"https:\/\/www.dynseo.com\/pt-pt\/wp-json\/wp\/v2\/posts\/130739\/revisions\/568377"}],"wp:featuredmedia":[{"embeddable":true,"href":"https:\/\/www.dynseo.com\/pt-pt\/wp-json\/wp\/v2\/media\/415432"}],"wp:attachment":[{"href":"https:\/\/www.dynseo.com\/pt-pt\/wp-json\/wp\/v2\/media?parent=130739"}],"wp:term":[{"taxonomy":"category","embeddable":true,"href":"https:\/\/www.dynseo.com\/pt-pt\/wp-json\/wp\/v2\/categories?post=130739"},{"taxonomy":"post_tag","embeddable":true,"href":"https:\/\/www.dynseo.com\/pt-pt\/wp-json\/wp\/v2\/tags?post=130739"}],"curies":[{"name":"wp","href":"https:\/\/api.w.org\/{rel}","templated":true}]}}