{"id":130746,"date":"2024-07-10T09:29:30","date_gmt":"2024-07-10T07:29:30","guid":{"rendered":"https:\/\/www.dynseo.com\/compreender-as-emocoes-de-uma-pessoa-com-autismo\/"},"modified":"2025-12-27T21:11:42","modified_gmt":"2025-12-27T20:11:42","slug":"compreender-as-emocoes-de-uma-pessoa-com-autismo","status":"publish","type":"post","link":"https:\/\/www.dynseo.com\/pt-pt\/compreender-as-emocoes-de-uma-pessoa-com-autismo\/","title":{"rendered":"Compreender as emo\u00e7\u00f5es de uma pessoa com autismo"},"content":{"rendered":"<p>[et_pb_section fb_built=&#8221;1&#8243; admin_label=&#8221;Article HTML&#8221; _builder_version=&#8221;4.16&#8243;][et_pb_row admin_label=&#8221;Contenu&#8221; _builder_version=&#8221;4.16&#8243;][et_pb_column type=&#8221;4_4&#8243; _builder_version=&#8221;4.16&#8243;][et_pb_code admin_label=&#8221;HTML import\u00e9&#8221; _builder_version=&#8221;4.16&#8243;]<link href=\"https:\/\/fonts.googleapis.com\/css2?family=Montserrat:wght@400;500;600;700;800&#038;display=swap\" rel=\"stylesheet\">\n<style>\n.dynseo-article{font-family:'Montserrat',-apple-system,BlinkMacSystemFont,'Segoe UI',Roboto,sans-serif;line-height:1.8;color:#2c3e50;max-width:100%}\n.dynseo-article h2{font-family:'Montserrat',sans-serif;font-size:1.8rem;color:#1a1a2e;margin:50px 0 25px;padding-bottom:12px;border-bottom:3px solid #a9e2e4;font-weight:700;transition:all .3s ease}\n.dynseo-article h2:hover{padding-left:10px;border-bottom-color:#e73469}\n.dynseo-article h3{font-family:'Montserrat',sans-serif;font-size:1.3rem;color:#5e5ed7;margin:35px 0 18px;font-weight:600;transition:all .3s ease}\n.dynseo-article h3:hover{color:#e73469}\n.dynseo-article p{margin-bottom:18px;font-size:1.05rem;text-align:justify}\n.dynseo-article img{max-width:100%;height:auto;border-radius:16px;margin:25px 0;box-shadow:0 8px 30px rgba(0,0,0,0.1);transition:all .4s ease}\n.dynseo-article img:hover{transform:scale(1.02);box-shadow:0 15px 50px rgba(0,0,0,0.15)}\n.dynseo-intro{font-size:1.15rem;color:#64748b;border-left:4px solid #a9e2e4;padding-left:25px;margin:35px 0;font-style:italic;background:linear-gradient(90deg,rgba(169,226,228,0.1),transparent);padding:20px 25px;border-radius:0 12px 12px 0;transition:all .3s ease}\n.dynseo-intro:hover{border-left-width:6px;background:linear-gradient(90deg,rgba(169,226,228,0.15),transparent)}\n.dynseo-toc{background:linear-gradient(135deg,#f8fafc 0%,#fff 100%);border-radius:20px;padding:35px;margin:40px 0;border:2px solid #e5e7eb;box-shadow:0 4px 20px rgba(0,0,0,0.05);transition:all .3s ease}\n.dynseo-toc:hover{box-shadow:0 8px 35px rgba(0,0,0,0.08);transform:translateY(-2px)}\n.dynseo-toc .toc-title{font-family:'Montserrat',sans-serif;font-size:1.4rem;margin-bottom:25px;color:#1a1a2e;font-weight:700}\n.dynseo-toc ol{list-style:none;padding:0;margin:0;display:grid;grid-template-columns:repeat(2,1fr);gap:12px}\n.dynseo-toc li{background:#fff;border-radius:12px;padding:14px 18px;border:2px solid #f1f5f9;transition:all .3s ease;border-left:4px solid #ffeca7}\n.dynseo-toc li:hover{background:linear-gradient(135deg,#f8fafc,#fff);transform:translateX(8px);box-shadow:0 6px 20px rgba(0,0,0,0.1);border-left-width:6px}\n.dynseo-toc a{color:#1a1a2e;text-decoration:none;font-size:.95rem;font-weight:500;transition:color .3s}\n.dynseo-toc a:hover{color:#5e5ed7}\n.dynseo-article .styled-list,.dynseo-article ul{margin:20px 0 30px;padding:0;list-style:none}\n.dynseo-article .styled-list li,.dynseo-article ul li{position:relative;padding-left:28px;margin-bottom:14px;line-height:1.7;transition:all .3s ease}\n.dynseo-article .styled-list li:hover,.dynseo-article ul li:hover{padding-left:32px}\n.dynseo-article .styled-list li::before,.dynseo-article ul li::before{content:\"\";position:absolute;left:0;top:8px;width:10px;height:10px;background:#e73469;border-radius:50%;box-shadow:0 2px 8px rgba(231,52,105,0.3);transition:all .3s ease}\n.dynseo-article .styled-list li:hover::before,.dynseo-article ul li:hover::before{transform:scale(1.3);box-shadow:0 4px 12px rgba(231,52,105,0.4)}\n.dynseo-article blockquote{background:linear-gradient(135deg,#fff9f0 0%,#fff5eb 100%);border-left:4px solid #ffeca7;border-radius:0 16px 16px 0;padding:28px 32px;margin:35px 0;position:relative;box-shadow:0 4px 20px rgba(255,236,167,0.3);transition:all .3s ease}\n.dynseo-article blockquote:hover{transform:translateX(5px);box-shadow:0 8px 30px rgba(255,236,167,0.4);border-left-width:6px}\n.dynseo-article blockquote::before{content:\"\u275d\";font-size:3rem;color:#ffeca7;opacity:.4;position:absolute;top:10px;left:15px}\n.dynseo-article blockquote p{font-style:italic;margin-bottom:12px;padding-left:30px}\n.dynseo-article blockquote cite{display:block;font-style:normal;font-weight:600;color:#1a1a2e;padding-left:30px}\n.section-divider{text-align:center;margin:60px 0;font-size:1.8rem;letter-spacing:18px;background:linear-gradient(135deg,#ffeca7,#e73469,#a9e2e4);-webkit-background-clip:text;-webkit-text-fill-color:transparent;background-clip:text}\n.dynseo-tip-box{background:linear-gradient(135deg,#ecfdf5 0%,#d1fae5 100%);border:2px solid #a9e2e4;border-radius:16px;padding:25px 30px;margin:35px 0;position:relative;box-shadow:0 4px 20px rgba(169,226,228,0.3);transition:all .3s ease}\n.dynseo-tip-box:hover{transform:translateY(-3px);box-shadow:0 8px 30px rgba(169,226,228,0.4)}\n.dynseo-tip-box-title{font-family:'Montserrat',sans-serif;font-size:1.15rem;font-weight:700;color:#1a1a2e;margin-bottom:12px;display:flex;align-items:center;gap:10px}\n.dynseo-tip-box-title::before{content:\"\ud83d\udca1\";font-size:1.3rem}\n.dynseo-tip-box p{margin:0;color:#2c3e50}\n.dynseo-feature-grid{display:grid;grid-template-columns:repeat(3,1fr);gap:20px;margin:35px 0}\n.dynseo-feature-card{background:#fff;border-radius:20px;padding:30px 25px;text-align:center;border:2px solid #f1f5f9;transition:all .4s ease;position:relative;overflow:hidden}\n.dynseo-feature-card::before{content:\"\";position:absolute;top:0;left:0;right:0;height:4px;background:linear-gradient(90deg,#ffeca7,#e73469);transform:scaleX(0);transition:transform .3s ease}\n.dynseo-feature-card:hover::before{transform:scaleX(1)}\n.dynseo-feature-card:nth-child(3n+1){border-color:rgba(255,236,167,0.5)}\n.dynseo-feature-card:nth-child(3n+2){border-color:rgba(231,52,105,0.3)}\n.dynseo-feature-card:nth-child(3n+3){border-color:rgba(169,226,228,0.5)}\n.dynseo-feature-card:hover{transform:translateY(-8px);box-shadow:0 20px 50px rgba(0,0,0,0.12)}\n.dynseo-feature-card h4{font-family:'Montserrat',sans-serif;color:#1a1a2e;margin-bottom:10px;font-size:1.1rem;font-weight:600}\n.dynseo-feature-card p{font-size:.95rem;color:#64748b;margin:0}\n.dynseo-highlight-box{background:linear-gradient(135deg,#fef3c7 0%,#fde68a 100%);border:2px solid #ffeca7;border-radius:16px;padding:25px 30px;margin:30px 0;transition:all .3s ease}\n.dynseo-highlight-box:hover{transform:translateY(-3px);box-shadow:0 8px 30px rgba(255,236,167,0.4)}\n.dynseo-highlight-box h4{font-family:'Montserrat',sans-serif;color:#1a1a2e;margin:0 0 12px 0;font-size:1.1rem}\n.dynseo-highlight-box p{margin:0;color:#2c3e50}\n@media(max-width:768px){.dynseo-article h2{font-size:1.5rem}.dynseo-toc ol{grid-template-columns:1fr}.dynseo-feature-grid{grid-template-columns:1fr}}\n<\/style>\n<div class=\"dynseo-article\">\n<div class=\"dynseo-intro\"><pee>As emo\u00e7\u00f5es s\u00e3o muitas vezes dif\u00edceis de compreender e interpretar, mesmo para quem n\u00e3o sofre de uma perturba\u00e7\u00e3o. Por isso, \u00e9 normal que tenhas alguma dificuldade em compreender as emo\u00e7\u00f5es transmitidas por algu\u00e9m que funciona de forma diferente de ti, ou que tem uma perturba\u00e7\u00e3o como a perturba\u00e7\u00e3o <a href=\"https:\/\/www.who.int\/fr\/news-room\/fact-sheets\/detail\/autism-spectrum-disorders#:~:text=Les%20personnes%20atteintes%20d'autisme,du%20sommeil%20et%20des%20automutilations.\">do espetro do autismo<\/a> (PEA).<\/pee>\n<pee>Isto n\u00e3o significa que n\u00e3o sejas capaz de compreender e interpretar as emo\u00e7\u00f5es das outras pessoas, apenas que tens de dedicar algum tempo a identificar os c\u00f3digos e a decifrar as diferentes emo\u00e7\u00f5es. Para te ajudar, prepar\u00e1mos um artigo com muitas dicas e sugest\u00f5es para compreenderes as emo\u00e7\u00f5es. Por isso, n\u00e3o esperes mais para continuar a ler e descobrir mais!<\/pee><\/div>\n<nav class=\"dynseo-toc\">\n<div class=\"toc-title\">\ud83d\udccb Sommaire<\/div>\n<ol>\n<li style=\"border-left:4px solid #ffeca7\"><a href=\"#section-1\"><\/a><\/li>\n<li style=\"border-left:4px solid #e73469\"><a href=\"#section-2\">EXPRESS\u00c3O DE V\u00c1RIAS EMO\u00c7\u00d5ES<\/a><\/li>\n<li style=\"border-left:4px solid #a9e2e4\"><a href=\"#section-3\">EMO\u00c7\u00c3O NUMA PESSOA COM AUTISMO<\/a><\/li>\n<li style=\"border-left:4px solid #5e5ed7\"><a href=\"#section-4\"><\/a><\/li>\n<li style=\"border-left:4px solid #5268c9\"><a href=\"#section-5\">COMPREENDER AS DIFERENTES EMO\u00c7\u00d5ES<\/a><\/li>\n<li style=\"border-left:4px solid #ffeca7\"><a href=\"#section-6\"><\/a><\/li>\n<li style=\"border-left:4px solid #e73469\"><a href=\"#section-7\">E PARA MAIS INFORMA\u00c7\u00d5ES<\/a><\/li>\n<\/ol>\n<\/nav>\n<section class=\"dynseo-section\"><\/section>\n<section class=\"dynseo-section\">\n<h2 id=\"section-2\">EXPRESS\u00c3O DE V\u00c1RIAS EMO\u00c7\u00d5ES<\/h2>\n<pee>&nbsp;<\/pee>\n<pee>Reconhecer e interpretar as emo\u00e7\u00f5es com precis\u00e3o \u00e9 uma tarefa complexa, mesmo para pessoas neurot\u00edpicas. Isto implica muitas vezes decifrar pistas subtis das express\u00f5es faciais, da linguagem corporal e dos tons vocais. No entanto, para as pessoas com autismo, este processo pode ser particularmente dif\u00edcil, uma vez que podem ter dificuldade em reconhecer e expressar as suas emo\u00e7\u00f5es da mesma forma que as pessoas neurot\u00edpicas. Esta dificuldade em compreender e partilhar sentimentos pode criar barreiras \u00e0 intera\u00e7\u00e3o social e \u00e0 comunica\u00e7\u00e3o para as pessoas do espetro do autismo. Apesar destas dificuldades, \u00e9 importante reconhecer que todas as pessoas, independentemente do seu neurotipo, passam por uma s\u00e9rie de etapas para exprimir eficazmente as suas emo\u00e7\u00f5es.<\/pee>\n<pee>Desde a primeira inf\u00e2ncia, as pessoas aprendem a transmitir as suas emo\u00e7\u00f5es atrav\u00e9s de uma variedade de meios, incluindo express\u00f5es faciais, gestos e vocaliza\u00e7\u00f5es. Este processo de express\u00e3o emocional \u00e9 parte integrante do desenvolvimento humano e continua ao longo da vida. Embora a progress\u00e3o possa ser diferente para as pessoas com autismo, os mecanismos fundamentais da express\u00e3o emocional permanecem universais. Todas as pessoas, autistas ou n\u00e3o, aprendem a identificar e a comunicar as suas emo\u00e7\u00f5es, a ritmos diferentes e com n\u00edveis de complexidade diferentes.<\/pee>\n<pee>Para as pessoas com autismo, interven\u00e7\u00f5es como o treino de compet\u00eancias sociais e a terapia podem ser ben\u00e9ficas para facilitar a express\u00e3o e a compreens\u00e3o das emo\u00e7\u00f5es. Estas interven\u00e7\u00f5es destinam-se frequentemente a ensinar os indiv\u00edduos a reconhecer e a interpretar os sinais emocionais, bem como a fornecer-lhes estrat\u00e9gias para exprimirem eficazmente as suas pr\u00f3prias emo\u00e7\u00f5es. Ao promover um ambiente de compreens\u00e3o e apoio, as pessoas com autismo podem desenvolver as compet\u00eancias necess\u00e1rias para gerir as interac\u00e7\u00f5es sociais e comunicar os seus sentimentos de forma mais eficaz. Assim, embora a express\u00e3o emocional possa apresentar desafios \u00fanicos para as pessoas com autismo, com o apoio e os recursos certos, elas podem desenvolver as compet\u00eancias necess\u00e1rias para se expressarem e se relacionarem com os outros de forma significativa.<\/pee>\n<pee>&nbsp;<\/pee><\/section>\n<div class=\"section-divider\">\u25c6 \u25c6 \u25c6<\/div>\n<section class=\"dynseo-section\">\n<h2 id=\"section-3\">EMO\u00c7\u00c3O NUMA PESSOA COM AUTISMO<\/h2>\n<\/section>\n<section class=\"dynseo-section\"><pee>Para as pessoas do espetro do autismo, lidar com as emo\u00e7\u00f5es pode ser uma tarefa complicada. Embora sintam emo\u00e7\u00f5es e queiram comunic\u00e1-las como qualquer outra pessoa, muitas vezes t\u00eam dificuldade em exprimir-se eficazmente. Isto pode dever-se a obst\u00e1culos no reconhecimento das express\u00f5es faciais e na imita\u00e7\u00e3o dos sinais emocionais dos outros, o que os impede de compreender e interpretar com precis\u00e3o as suas pr\u00f3prias emo\u00e7\u00f5es na vida quotidiana.<\/pee>\n<pee>\u00c9 essencial compreender que a comunica\u00e7\u00e3o emocional das pessoas autistas \u00e9 diferente da das pessoas neurot\u00edpicas. Decifrar estes c\u00f3digos emocionais \u00fanicos requer paci\u00eancia e uma observa\u00e7\u00e3o cuidadosa para interpretar corretamente cada sinal. As pessoas com autismo podem utilizar uma variedade de m\u00e9todos para reconhecer emo\u00e7\u00f5es, embora alguns sejam mais dif\u00edceis de analisar do que outros. Como resultado, n\u00e3o \u00e9 raro que as pessoas do espetro tenham dificuldade em expressar certas emo\u00e7\u00f5es ao longo da vida.<\/pee>\n<pee>Ao reconhecer e ter em conta estas diferen\u00e7as, podemos promover uma melhor compreens\u00e3o e apoio \u00e0s pessoas com autismo no seu percurso de express\u00e3o emocional e comunica\u00e7\u00e3o. Com paci\u00eancia, empatia e vontade de aprender, podemos criar um ambiente inclusivo onde as experi\u00eancias emocionais de todos s\u00e3o valorizadas e respeitadas.<\/pee>\n<pee>&nbsp;<\/pee><\/section>\n<div class=\"section-divider\">\u25c6 \u25c6 \u25c6<\/div>\n<section class=\"dynseo-section\">\n<h2 id=\"section-5\">COMPREENDER AS DIFERENTES EMO\u00c7\u00d5ES<\/h2>\n<\/section>\n<section class=\"dynseo-section\"><pee>Para compreenderes as tuas emo\u00e7\u00f5es, usas palavras e h\u00e1bitos. O mesmo se aplica \u00e0s emo\u00e7\u00f5es das pessoas com autismo, embora os c\u00f3digos sejam diferentes. De facto, um beb\u00e9 autista desenvolve-se de uma certa forma e aprende a exprimir as suas emo\u00e7\u00f5es de uma maneira diferente. Podemos frequentemente observar semelhan\u00e7as com o desenvolvimento de um beb\u00e9 t\u00edpico quando analisamos o desenvolvimento emocional de uma pessoa com uma perturba\u00e7\u00e3o do espetro do autismo.<\/pee>\n<pee>Embora as emo\u00e7\u00f5es sejam transmitidas atrav\u00e9s de gestos, \u00e0 medida que envelhecemos, h\u00e1 muitas vezes obst\u00e1culos \u00e0 verbaliza\u00e7\u00e3o de certos sentimentos. Este problema leva muitas vezes as pessoas a pensar que uma pessoa autista n\u00e3o tem sentimentos, quando esta ideia \u00e9 completamente falsa.<\/pee>\n<pee>Por isso, \u00e9 importante saberes que uma pessoa autista ter\u00e1 muitas vezes dificuldade em verbalizar os seus sentimentos de forma eficaz, e este desconforto pode rapidamente tornar-se insuper\u00e1vel. A pessoa autista encontra assim obst\u00e1culos quando interage com os outros porque os seus c\u00f3digos s\u00e3o diferentes. \u00c9 importante dedicar algum tempo a ouvir uma pessoa autista, a compreender os seus c\u00f3digos e a sua linguagem. Isto permitir-te-\u00e1 ler corretamente as emo\u00e7\u00f5es e reagir de forma adequada. E n\u00e3o esque\u00e7amos que uma pessoa autista que \u00e9 compreendida ter\u00e1 mais facilidade em ganhar autoconfian\u00e7a e desenvolver a sua linguagem emocional para poder ir ainda mais longe nas suas trocas.<\/pee>\n<pee>Por isso, tens de aprender a ler as emo\u00e7\u00f5es e ajudar a outra pessoa a ler as tuas tamb\u00e9m. As pessoas com autismo analisam frequentemente as emo\u00e7\u00f5es de forma diferente e interpretam mal as tuas, o que pode ser confuso. Eles ter\u00e3o tempo para enfrentar os desafios de gerir melhor a sua compreens\u00e3o dos outros, enquanto beneficiam da tua paci\u00eancia para se sentirem compreendidos por outra pessoa. Se tiveres d\u00favidas, n\u00e3o hesites em contactar <a href=\"https:\/\/www.autismeinfoservice.fr\/contact\">o Autisme Info Service<\/a> para obteres conselhos, informa\u00e7\u00f5es ou ajuda para cuidares de algu\u00e9m com autismo.  <\/pee>\n<h3><strong>RECONHECE AS EMO\u00c7\u00d5ES COM COCO MOVES<\/strong><\/h3>\n<pee>Na nossa aplica\u00e7\u00e3o educativa <a href=\"https:\/\/www.dynseo.com\/pt-pt\/coco-pensa-e-coco-move\/\">COCO<\/a>, existe uma fun\u00e7\u00e3o chamada &#8220;Mime uma emo\u00e7\u00e3o&#8221; na sec\u00e7\u00e3o Coco Moves, onde as crian\u00e7as podem aprender a reconhecer as suas emo\u00e7\u00f5es atrav\u00e9s de um jogo interativo. Ao clicar no \u00edcone do ponto de interroga\u00e7\u00e3o, os utilizadores podem aceder a recursos destinados a melhorar a sua compreens\u00e3o das diferentes emo\u00e7\u00f5es. Este jogo n\u00e3o s\u00f3 melhora a literacia emocional, como tamb\u00e9m incentiva o envolvimento e o prazer no processo de aprendizagem.<\/pee>\n<pee>Al\u00e9m disso, para promover um equil\u00edbrio saud\u00e1vel entre o tempo de ecr\u00e3 e a atividade f\u00edsica, este jogo de simula\u00e7\u00e3o emocional est\u00e1 integrado na fun\u00e7\u00e3o de pausa da aplica\u00e7\u00e3o. De 15 em 15 minutos, as crian\u00e7as s\u00e3o convidadas a participar numa pausa ativa, durante a qual podem escolher entre uma sele\u00e7\u00e3o de actividades f\u00edsicas, incluindo a oportunidade de imitar diferentes emo\u00e7\u00f5es. As crian\u00e7as s\u00e3o encorajadas a fazer <a href=\"https:\/\/www.dynseo.com\/pt-pt\/como-pausas-regulares-de-movimento-melhoram-as-habilidades-cognitivas-das-criancas\/\" title=\"Como pausas regulares de movimento melhoram as habilidades cognitivas das crian\u00e7as\">pausas regulares<\/a>, o que promove o seu bem-estar f\u00edsico e emocional.<\/pee>\n<pee>Ao integrar estas caracter\u00edsticas, o COCO oferece uma abordagem hol\u00edstica da aprendizagem e do desenvolvimento, abordando as compet\u00eancias cognitivas e emocionais de uma forma envolvente e acess\u00edvel. Atrav\u00e9s destas experi\u00eancias interactivas, as crian\u00e7as n\u00e3o s\u00f3 expandem o seu vocabul\u00e1rio emocional, como tamb\u00e9m cultivam h\u00e1bitos saud\u00e1veis para gerir o tempo de ecr\u00e3 e manterem-se activas.<\/pee>\n<pee><strong>SURPRESA  <\/strong><\/pee>\n<pee>Ficamos surpreendidos quando somos surpreendidos por algo, uma pessoa ou um objeto.  <\/pee>\n<pee>\u00c9 a sensa\u00e7\u00e3o que tens quando recebes um presente inesperado. Nesta situa\u00e7\u00e3o, os teus olhos e a tua boca est\u00e3o bem abertos e mal podes esperar para abrir o teu presente.<\/pee>\n<pee><strong>CONFUS\u00c3O  <\/strong><\/pee>\n<pee>Quando est\u00e1s desorientado, normalmente est\u00e1s perdido por causa de algo que aconteceu. Podes at\u00e9 esquecer o nome de uma pessoa ou de um objeto.<\/pee>\n<pee>Para imitar a confus\u00e3o, podes franzir o sobrolho, encolher os ombros ou at\u00e9 formar um grande &#8220;O&#8221; com a boca.<\/pee>\n<pee><strong>INSPIRA\u00c7\u00c3O  <\/strong><\/pee>\n<pee>A inspira\u00e7\u00e3o \u00e9 o que acontece quando imaginas e crias coisas simplesmente por pensar nelas. Como quando desenhas, escreves ou brincas com os teus brinquedos e inventas hist\u00f3rias.<\/pee>\n<pee>Quando te sentes inspirado, p\u00f5es os olhos em bico, co\u00e7as um pouco a cabe\u00e7a e sorris quando a ideia te vem \u00e0 cabe\u00e7a.<\/pee>\n<pee><strong>AFEC\u00c7\u00c3O  <\/strong><\/pee>\n<pee>O afeto \u00e9 um sentimento que sentimos quando somos tocados por algo, quando temos pensamentos positivos sobre um amigo, um familiar ou um animal de estima\u00e7\u00e3o.  <\/pee>\n<pee>Aqui podes sorrir e pensar nos bons momentos. Podes abra\u00e7ar ou beijar algu\u00e9m, dizer ao teu colega que gostas dele ou dela.<\/pee>\n<pee><strong>BOREDOM  <\/strong><\/pee>\n<pee>O t\u00e9dio surge quando n\u00e3o est\u00e1s interessado no que est\u00e1s a fazer, queres fazer outra coisa, como falar com os teus amigos, e n\u00e3o est\u00e1s a ouvir a pessoa que est\u00e1 \u00e0 tua frente.<\/pee>\n<pee>Podes soprar com muita for\u00e7a e revirar os olhos. Tamb\u00e9m podes mexer-te na cadeira.<\/pee>\n<pee><b>DOR<\/b><\/pee>\n<pee>A dor \u00e9 uma sensa\u00e7\u00e3o de que n\u00e3o gostamos, que geralmente sentimos quando nos magoamos, e essa \u00e9 a dor f\u00edsica.<\/pee>\n<pee>Tamb\u00e9m pode ser algu\u00e9m ou algo de que sentes muita falta.  <\/pee>\n<pee>Podes expressar a tua dor apertando os olhos e cerrando os dentes. Tamb\u00e9m podes tocar na zona onde te d\u00f3i.<\/pee>\n<h3>Descobre a aplica\u00e7\u00e3o COCO PENSA e COCO SE MEXE<\/h3>\n<h3>Apoia as crian\u00e7as autistas<\/h3>\n<\/section>\n<div class=\"section-divider\">\u25c6 \u25c6 \u25c6<\/div>\n<section class=\"dynseo-section\">\n<h2 id=\"section-7\">E PARA MAIS INFORMA\u00c7\u00d5ES<\/h2>\n<h3><strong>COCO, PARA CRIAN\u00c7AS AUTISTAS<\/strong><\/h3>\n<pee>&nbsp;<\/pee>\n<pee>COCO \u00e9 um programa adaptado para crian\u00e7as autistas que oferece uma cole\u00e7\u00e3o de jogos educativos e cognitivos. Os n\u00edveis de dificuldade crescentes permitem que as crian\u00e7as progridam ao seu pr\u00f3prio ritmo. \u00c9 tamb\u00e9m essencial fazer uma pausa desportiva a cada 15 minutos de tempo de ecr\u00e3 para evitar a depend\u00eancia.  <\/pee>\n<h3><strong>ACOMPANHA UMA CRIAN\u00c7A AUTISTA<\/strong><\/h3>\n<pee><strong><\/strong><\/pee>\n<pee>Neste guia, vamos dar-te conselhos pr\u00e1ticos sobre como ajudar uma crian\u00e7a com autismo e como estimular e criar la\u00e7os com ela. Conselhos \u00fateis para o dia a dia para facilitar a vida dos familiares e profissionais que prestam cuidados.<\/pee>\n<h3><strong>FERNANDO, PARA ADULTOS AUTISTAS<\/strong><\/h3>\n<pee><strong><\/strong><\/pee>\n<pee><strong><\/strong><\/pee>\n<pee>Adaptado a adultos com autismo, o programa FERNANDO prop\u00f5e uma s\u00e9rie de jogos para desenvolver os conhecimentos, melhorar a concentra\u00e7\u00e3o e refor\u00e7ar as capacidades mentais. FERNANDO foi concebido para ser acess\u00edvel a todos, mantendo-se ao mesmo tempo atento \u00e0 sa\u00fade mental.<\/pee>\n<h3><strong>APOIAR UM ADULTO COM AUTISMO<\/strong><strong><\/strong><\/h3>\n<pee>Neste guia, damos-te conselhos pr\u00e1ticos sobre como apoiar, estimular e criar la\u00e7os com um adulto com autismo. Conselhos \u00fateis para o dia a dia para facilitar a vida dos familiares e profissionais que prestam cuidados. Exerc\u00edcios para trabalhar todos os aspectos.<\/pee><\/section>\n<\/div>\n<p>[\/et_pb_code][\/et_pb_column][\/et_pb_row][\/et_pb_section][et_pb_section fb_built=&#8221;1&#8243; _builder_version=&#8221;4.16&#8243;][et_pb_row][et_pb_column type=&#8221;4_4&#8243;][et_pb_code]<script type=\"application\/ld+json\">{\"@context\":\"https:\/\/schema.org\",\"@type\":\"FAQPage\",\"mainEntity\":[{\"@type\":\"Question\",\"name\":\"Por que \u00e9 dif\u00edcil compreender as emo\u00e7\u00f5es de pessoas com autismo?\",\"acceptedAnswer\":{\"@type\":\"Answer\",\"text\":\"As pessoas com autismo podem ter dificuldade em reconhecer e expressar as suas emo\u00e7\u00f5es da mesma forma que as pessoas neurot\u00edpicas. Elas funcionam de forma diferente, o que pode criar barreiras na interpreta\u00e7\u00e3o de pistas subtis das express\u00f5es faciais, linguagem corporal e tons vocais.\"}},{\"@type\":\"Question\",\"name\":\"O que significa PEA?\",\"acceptedAnswer\":{\"@type\":\"Answer\",\"text\":\"PEA significa Perturba\u00e7\u00e3o do Espetro do Autismo, uma condi\u00e7\u00e3o que afeta a forma como a pessoa comunica e interage socialmente, incluindo como expressa e interpreta emo\u00e7\u00f5es.\"}},{\"@type\":\"Question\",\"name\":\"\u00c9 poss\u00edvel aprender a compreender as emo\u00e7\u00f5es de pessoas com autismo?\",\"acceptedAnswer\":{\"@type\":\"Answer\",\"text\":\"Sim, \u00e9 poss\u00edvel aprender a compreender as emo\u00e7\u00f5es de pessoas com autismo. \u00c9 necess\u00e1rio dedicar tempo a identificar os c\u00f3digos e decifrar as diferentes emo\u00e7\u00f5es, adaptando-se \u00e0 forma particular como cada pessoa expressa os seus sentimentos.\"}},{\"@type\":\"Question\",\"name\":\"Que pistas devemos observar para interpretar emo\u00e7\u00f5es?\",\"acceptedAnswer\":{\"@type\":\"Answer\",\"text\":\"Para interpretar emo\u00e7\u00f5es com precis\u00e3o, devemos observar pistas das express\u00f5es faciais, da linguagem corporal e dos tons vocais. No caso de pessoas com autismo, estas pistas podem manifestar-se de forma diferente do habitual.\"}},{\"@type\":\"Question\",\"name\":\"As pessoas com autismo n\u00e3o sentem emo\u00e7\u00f5es?\",\"acceptedAnswer\":{\"@type\":\"Answer\",\"text\":\"N\u00e3o, todas as pessoas, independentemente do seu neurotipo, sentem emo\u00e7\u00f5es. As pessoas com autismo simplesmente podem expressar e processar as suas emo\u00e7\u00f5es de forma diferente das pessoas neurot\u00edpicas.\"}},{\"@type\":\"Question\",\"name\":\"Como posso melhorar a comunica\u00e7\u00e3o emocional com uma pessoa com autismo?\",\"acceptedAnswer\":{\"@type\":\"Answer\",\"text\":\"Para melhorar a comunica\u00e7\u00e3o emocional, \u00e9 importante ter paci\u00eancia, observar atentamente os padr\u00f5es \u00fanicos de express\u00e3o da pessoa, e dedicar tempo a compreender os seus c\u00f3digos particulares de comunica\u00e7\u00e3o emocional.\"}}]}<\/script><br \/>\n<script type=\"application\/ld+json\">{\"@context\":\"https:\/\/schema.org\",\"@type\":\"FAQPage\",\"mainEntity\":[{\"@type\":\"Question\",\"name\":\"Por que \u00e9 dif\u00edcil compreender as emo\u00e7\u00f5es de pessoas com autismo?\",\"acceptedAnswer\":{\"@type\":\"Answer\",\"text\":\"As pessoas com autismo podem ter dificuldade em reconhecer e expressar as suas emo\u00e7\u00f5es da mesma forma que as pessoas neurot\u00edpicas. Elas funcionam de forma diferente, o que pode criar barreiras na interpreta\u00e7\u00e3o de pistas subtis das express\u00f5es faciais, linguagem corporal e tons vocais.\"}},{\"@type\":\"Question\",\"name\":\"O que significa PEA?\",\"acceptedAnswer\":{\"@type\":\"Answer\",\"text\":\"PEA significa Perturba\u00e7\u00e3o do Espetro do Autismo, uma condi\u00e7\u00e3o que afeta a forma como a pessoa comunica e interage socialmente, incluindo como expressa e interpreta emo\u00e7\u00f5es.\"}},{\"@type\":\"Question\",\"name\":\"\u00c9 poss\u00edvel aprender a compreender as emo\u00e7\u00f5es de pessoas com autismo?\",\"acceptedAnswer\":{\"@type\":\"Answer\",\"text\":\"Sim, \u00e9 poss\u00edvel aprender a compreender as emo\u00e7\u00f5es de pessoas com autismo. \u00c9 necess\u00e1rio dedicar tempo a identificar os c\u00f3digos e decifrar as diferentes emo\u00e7\u00f5es, adaptando-se \u00e0 forma particular como cada pessoa expressa os seus sentimentos.\"}},{\"@type\":\"Question\",\"name\":\"Que pistas devemos observar para interpretar emo\u00e7\u00f5es?\",\"acceptedAnswer\":{\"@type\":\"Answer\",\"text\":\"Para interpretar emo\u00e7\u00f5es com precis\u00e3o, devemos observar pistas das express\u00f5es faciais, da linguagem corporal e dos tons vocais. No caso de pessoas com autismo, estas pistas podem manifestar-se de forma diferente do habitual.\"}},{\"@type\":\"Question\",\"name\":\"As pessoas com autismo n\u00e3o sentem emo\u00e7\u00f5es?\",\"acceptedAnswer\":{\"@type\":\"Answer\",\"text\":\"N\u00e3o, todas as pessoas, independentemente do seu neurotipo, sentem emo\u00e7\u00f5es. As pessoas com autismo simplesmente podem expressar e processar as suas emo\u00e7\u00f5es de forma diferente das pessoas neurot\u00edpicas.\"}},{\"@type\":\"Question\",\"name\":\"Como posso melhorar a comunica\u00e7\u00e3o emocional com uma pessoa com autismo?\",\"acceptedAnswer\":{\"@type\":\"Answer\",\"text\":\"Para melhorar a comunica\u00e7\u00e3o emocional, \u00e9 importante ter paci\u00eancia, observar atentamente os padr\u00f5es \u00fanicos de express\u00e3o da pessoa, e dedicar tempo a compreender os seus c\u00f3digos particulares de comunica\u00e7\u00e3o emocional.\"}}]}<\/script>[\/et_pb_code][\/et_pb_column][\/et_pb_row][\/et_pb_section]<\/p>\n","protected":false},"excerpt":{"rendered":"<div class=\"et_pb_row et_pb_row_0 et_pb_row_empty\">\n\t\t\t\t\n\t\t\t\t\n\t\t\t\t\n\t\t\t\t\n\t\t\t\t\n\t\t\t<\/div>\n","protected":false},"author":4,"featured_media":373171,"comment_status":"closed","ping_status":"closed","sticky":false,"template":"","format":"standard","meta":{"_et_pb_use_builder":"on","_et_pb_old_content":"","_et_gb_content_width":"","footnotes":""},"categories":[3141,3347,3303,3346],"tags":[3339,2693,2692,3340],"class_list":["post-130746","post","type-post","status-publish","format-standard","has-post-thumbnail","hentry","category-all-about-autism-en","category-sin-categorizar","category-tudo-sobre-o-autismo","category-unkategorisiert","tag-adultos-com-autismo","tag-autistic-adults","tag-autistic-kids","tag-criancas-autistas"],"_links":{"self":[{"href":"https:\/\/www.dynseo.com\/pt-pt\/wp-json\/wp\/v2\/posts\/130746","targetHints":{"allow":["GET"]}}],"collection":[{"href":"https:\/\/www.dynseo.com\/pt-pt\/wp-json\/wp\/v2\/posts"}],"about":[{"href":"https:\/\/www.dynseo.com\/pt-pt\/wp-json\/wp\/v2\/types\/post"}],"author":[{"embeddable":true,"href":"https:\/\/www.dynseo.com\/pt-pt\/wp-json\/wp\/v2\/users\/4"}],"replies":[{"embeddable":true,"href":"https:\/\/www.dynseo.com\/pt-pt\/wp-json\/wp\/v2\/comments?post=130746"}],"version-history":[{"count":6,"href":"https:\/\/www.dynseo.com\/pt-pt\/wp-json\/wp\/v2\/posts\/130746\/revisions"}],"predecessor-version":[{"id":459464,"href":"https:\/\/www.dynseo.com\/pt-pt\/wp-json\/wp\/v2\/posts\/130746\/revisions\/459464"}],"wp:featuredmedia":[{"embeddable":true,"href":"https:\/\/www.dynseo.com\/pt-pt\/wp-json\/wp\/v2\/media\/373171"}],"wp:attachment":[{"href":"https:\/\/www.dynseo.com\/pt-pt\/wp-json\/wp\/v2\/media?parent=130746"}],"wp:term":[{"taxonomy":"category","embeddable":true,"href":"https:\/\/www.dynseo.com\/pt-pt\/wp-json\/wp\/v2\/categories?post=130746"},{"taxonomy":"post_tag","embeddable":true,"href":"https:\/\/www.dynseo.com\/pt-pt\/wp-json\/wp\/v2\/tags?post=130746"}],"curies":[{"name":"wp","href":"https:\/\/api.w.org\/{rel}","templated":true}]}}