{"id":130784,"date":"2024-07-10T09:33:02","date_gmt":"2024-07-10T07:33:02","guid":{"rendered":"https:\/\/www.dynseo.com\/a-importancia-dos-recursos-visuais-para-as-criancas-autistas\/"},"modified":"2026-04-27T23:46:32","modified_gmt":"2026-04-27T21:46:32","slug":"a-importancia-dos-suportes-visuais-em-criancas-autistas","status":"publish","type":"post","link":"https:\/\/www.dynseo.com\/pt-pt\/a-importancia-dos-suportes-visuais-em-criancas-autistas\/","title":{"rendered":"A Import\u00e2ncia dos Suportes Visuais em Crian\u00e7as Autistas"},"content":{"rendered":"<p>[et_pb_section fb_built=&#8221;1&#8243; _builder_version=&#8221;4.16&#8243; custom_padding=&#8221;0px|0px|0px|0px|false|false&#8221; margin_top=&#8221;0px&#8221; margin_bottom=&#8221;0px&#8221; global_colors_info=&#8221;{}&#8221;][et_pb_row _builder_version=&#8221;4.16&#8243; custom_padding=&#8221;0px|0px|0px|0px|false|false&#8221; margin_top=&#8221;0px&#8221; margin_bottom=&#8221;0px&#8221; column_structure=&#8221;4_4&#8243; global_colors_info=&#8221;{}&#8221;][et_pb_column type=&#8221;4_4&#8243; _builder_version=&#8221;4.16&#8243; custom_padding=&#8221;0px|0px|0px|0px|false|false&#8221; global_colors_info=&#8221;{}&#8221;][et_pb_code _builder_version=&#8221;4.16&#8243; custom_padding=&#8221;0px|0px|0px|0px|false|false&#8221; global_colors_info=&#8221;{}&#8221;]<\/p>\n<style>\n        :root {\n            --primary: #5e5ed7;\n            --primary-dark: #5268c9;\n            --teal: #a9e2e4;\n            --yellow: #ffeca7;\n            --pink: #e73469;\n            --white: #ffffff;\n            --light-gray: #f8f9fa;\n            --gray: #666666;\n            --dark-gray: #333333;\n        }<\/p>\n<p>        * {\n            margin: 0;\n            padding: 0;\n            box-sizing: border-box;\n        }<\/p>\n<p>        body {\n            font-family: 'Poppins', sans-serif;\n            line-height: 1.6;\n            color: var(--dark-gray);\n        }<\/p>\n<p>        .article-hero {\n            background: linear-gradient(135deg, var(--primary) 0%, var(--primary-dark) 100%);\n            color: white;\n            position: relative;\n            padding: 2rem 0;\n            min-height: 60vh;\n            display: flex;\n            align-items: center;\n        }<\/p>\n<p>        .article-hero-inner {\n            max-width: 1200px;\n            margin: 0 auto;\n            padding: 0 2rem;\n            width: 100%;\n        }<\/p>\n<p>        .article-breadcrumb {\n            color: rgba(255, 255, 255, 0.8);\n            margin-bottom: 1rem;\n            font-size: 0.9rem;\n        }<\/p>\n<p>        .article-breadcrumb a {\n            color: rgba(255, 255, 255, 0.8);\n            text-decoration: none;\n        }<\/p>\n<p>        .article-category {\n            display: inline-block;\n            background: var(--yellow);\n            color: var(--dark-gray);\n            padding: 0.5rem 1rem;\n            border-radius: 25px;\n            font-size: 0.85rem;\n            font-weight: 600;\n            margin-bottom: 1.5rem;\n        }<\/p>\n<p>        .article-hero h1 {\n            font-family: 'Montserrat', sans-serif;\n            font-size: 3rem;\n            font-weight: 700;\n            margin-bottom: 1.5rem;\n            line-height: 1.2;\n        }<\/p>\n<p>        .hl {\n            color: var(--yellow);\n        }<\/p>\n<p>        .article-meta {\n            display: flex;\n            align-items: center;\n            gap: 2rem;\n            margin-bottom: 1rem;\n            flex-wrap: wrap;\n        }<\/p>\n<p>        .article-meta span {\n            font-size: 0.9rem;\n            opacity: 0.9;\n        }<\/p>\n<p>        .article-hero-curve {\n            position: absolute;\n            bottom: -1px;\n            left: 0;\n            right: 0;\n            height: 50px;\n            background: white;\n            clip-path: ellipse(100% 100% at 50% 100%);\n        }<\/p>\n<p>        .article-body {\n            padding: 4rem 0;\n            background: white;\n        }<\/p>\n<p>        .container {\n            max-width: 1200px;\n            margin: 0 auto;\n            padding: 0 2rem;\n        }<\/p>\n<p>        .intro-block {\n            background: var(--light-gray);\n            padding: 2rem;\n            border-radius: 10px;\n            margin-bottom: 3rem;\n            border-left: 4px solid var(--primary);\n        }<\/p>\n<p>        .intro-block p {\n            font-size: 1.1rem;\n            margin-bottom: 1rem;\n            line-height: 1.7;\n        }<\/p>\n<p>        .stats-grid {\n            display: grid;\n            grid-template-columns: repeat(auto-fit, minmax(250px, 1fr));\n            gap: 2rem;\n            margin: 3rem 0;\n        }<\/p>\n<p>        .stat-card {\n            background: white;\n            padding: 2rem;\n            border-radius: 15px;\n            box-shadow: 0 5px 20px rgba(0,0,0,0.1);\n            text-align: center;\n            border: 2px solid var(--teal);\n        }<\/p>\n<p>        .stat-card .number {\n            font-family: 'Montserrat', sans-serif;\n            font-size: 2.5rem;\n            font-weight: 700;\n            color: var(--primary);\n            display: block;\n            margin-bottom: 0.5rem;\n        }<\/p>\n<p>        .stat-card .label {\n            font-size: 1rem;\n            color: var(--gray);\n            font-weight: 500;\n        }<\/p>\n<p>        h2 {\n            font-family: 'Montserrat', sans-serif;\n            font-size: 2rem;\n            color: var(--primary);\n            margin: 3rem 0 1.5rem 0;\n            line-height: 1.3;\n        }<\/p>\n<p>        h3 {\n            font-family: 'Montserrat', sans-serif;\n            font-size: 1.4rem;\n            color: var(--primary-dark);\n            margin: 2rem 0 1rem 0;\n        }<\/p>\n<p>        p {\n            margin-bottom: 1.5rem;\n            font-size: 1rem;\n            line-height: 1.7;\n        }<\/p>\n<p>        .conseil-card {\n            background: linear-gradient(135deg, var(--teal), var(--yellow));\n            padding: 2rem;\n            border-radius: 15px;\n            margin: 2rem 0;\n            border-left: 5px solid var(--primary);\n        }<\/p>\n<p>        .conseil-card h4 {\n            font-family: 'Montserrat', sans-serif;\n            color: var(--primary-dark);\n            margin-bottom: 1rem;\n            font-size: 1.2rem;\n        }<\/p>\n<p>        .key-points {\n            background: var(--light-gray);\n            padding: 2rem;\n            border-radius: 10px;\n            margin: 2rem 0;\n        }<\/p>\n<p>        .key-points ul {\n            list-style: none;\n            padding: 0;\n        }<\/p>\n<p>        .key-points li {\n            padding: 0.5rem 0;\n            padding-left: 2rem;\n            position: relative;\n        }<\/p>\n<p>        .key-points li::before {\n            content: \"\u2713\";\n            position: absolute;\n            left: 0;\n            color: var(--primary);\n            font-weight: bold;\n        }<\/p>\n<p>        .tip-box {\n            background: var(--yellow);\n            padding: 1.5rem;\n            border-radius: 10px;\n            margin: 2rem 0;\n            border: 2px solid var(--primary);\n        }<\/p>\n<p>        .tip-box-label {\n            font-family: 'Montserrat', sans-serif;\n            font-weight: 600;\n            color: var(--primary-dark);\n            margin-bottom: 1rem;\n            display: flex;\n            align-items: center;\n        }<\/p>\n<p>        .tip-box-label::before {\n            content: \"\ud83d\udca1\";\n            margin-right: 0.5rem;\n        }<\/p>\n<p>        .expert-box {\n            background: white;\n            border: 2px solid var(--primary);\n            border-radius: 15px;\n            padding: 0;\n            margin: 2rem 0;\n            overflow: hidden;\n        }<\/p>\n<p>        .expert-box-label {\n            background: var(--primary);\n            color: white;\n            padding: 1rem 2rem;\n            font-family: 'Montserrat', sans-serif;\n            font-weight: 600;\n        }<\/p>\n<p>        .expert-box-title {\n            background: var(--teal);\n            padding: 1rem 2rem;\n            font-family: 'Montserrat', sans-serif;\n            font-weight: 600;\n            color: var(--primary-dark);\n        }<\/p>\n<p>        .expert-inner {\n            padding: 2rem;\n        }<\/p>\n<p>        .expert-inner-title {\n            font-family: 'Montserrat', sans-serif;\n            color: var(--primary);\n            margin-bottom: 1rem;\n            font-size: 1.2rem;\n        }<\/p>\n<p>        .faq-list {\n            margin: 3rem 0;\n        }<\/p>\n<p>        .faq-item {\n            background: white;\n            border: 2px solid var(--light-gray);\n            border-radius: 10px;\n            margin-bottom: 1rem;\n            overflow: hidden;\n        }<\/p>\n<p>        .faq-q {\n            padding: 1.5rem;\n            background: var(--light-gray);\n            cursor: pointer;\n            display: flex;\n            justify-content: space-between;\n            align-items: center;\n            font-family: 'Montserrat', sans-serif;\n            font-weight: 600;\n            color: var(--primary-dark);\n        }<\/p>\n<p>        .faq-icon {\n            background: var(--primary);\n            color: white;\n            border-radius: 50%;\n            width: 30px;\n            height: 30px;\n            display: flex;\n            align-items: center;\n            justify-content: center;\n            font-weight: bold;\n        }<\/p>\n<p>        .faq-a {\n            padding: 0 1.5rem;\n            max-height: 0;\n            overflow: hidden;\n            transition: all 0.3s ease;\n        }<\/p>\n<p>        .faq-item.open .faq-a {\n            padding: 1.5rem;\n            max-height: 500px;\n        }<\/p>\n<p>        .cta-box {\n            background: linear-gradient(135deg, var(--primary), var(--primary-dark));\n            color: white;\n            padding: 3rem;\n            border-radius: 20px;\n            text-align: center;\n            margin: 3rem 0;\n        }<\/p>\n<p>        .cta-box h3 {\n            color: white;\n            margin-bottom: 1rem;\n        }<\/p>\n<p>        .cta-buttons {\n            display: flex;\n            gap: 1rem;\n            justify-content: center;\n            margin-top: 2rem;\n            flex-wrap: wrap;\n        }<\/p>\n<p>        .btn-white, .btn-outline {\n            padding: 1rem 2rem;\n            border-radius: 25px;\n            text-decoration: none;\n            font-weight: 600;\n            font-family: 'Montserrat', sans-serif;\n            transition: all 0.3s ease;\n            display: inline-block;\n        }<\/p>\n<p>        .btn-white {\n            background: white;\n            color: var(--primary);\n            border: 2px solid white;\n        }<\/p>\n<p>        .btn-white:hover {\n            background: var(--yellow);\n            color: var(--primary-dark);\n        }<\/p>\n<p>        .btn-outline {\n            background: transparent;\n            color: white;\n            border: 2px solid white;\n        }<\/p>\n<p>        .btn-outline:hover {\n            background: white;\n            color: var(--primary);\n        }<\/p>\n<p>        .article-tags {\n            margin: 3rem 0;\n            padding-top: 2rem;\n            border-top: 2px solid var(--light-gray);\n        }<\/p>\n<p>        .article-tag {\n            display: inline-block;\n            background: var(--teal);\n            color: var(--primary-dark);\n            padding: 0.5rem 1rem;\n            border-radius: 20px;\n            margin: 0.25rem;\n            font-size: 0.85rem;\n            text-decoration: none;\n        }<\/p>\n<p>        .article-tag:hover {\n            background: var(--primary);\n            color: white;\n        }<\/p>\n<p>        @media (max-width: 768px) {\n            .article-hero h1 {\n                font-size: 2rem;\n            }\n            .container {\n                padding: 0 1rem;\n            }\n            .stats-grid {\n                grid-template-columns: 1fr;\n            }\n            .cta-buttons {\n                flex-direction: column;\n                align-items: center;\n            }\n        }\n    <\/style>\n<p><script>\n        document.querySelectorAll('.faq-q').forEach(function(button) {\n            button.addEventListener('click', function() {\n                button.closest('.faq-item').classList.toggle('open');\n            });\n        });\n    <\/script><br \/>\n<script type=\"application\/ld+json\">\n{\n  \"@context\": \"https:\/\/schema.org\",\n  \"@graph\": [\n    {\n      \"@type\": \"Article\",\n      \"headline\": \"L'importance des supports visuels chez les enfants autistes\",\n      \"description\": \"\ud83d\udcc5 Avril 2026 \u23f1\ufe0f 12 min de lecture \ud83d\udc65 Parents, \u00c9ducateurs, Professionnels \u2b50 4.8\/5 (156 avis)\",\n      \"url\": \"https:\/\/www.dynseo.com\/limportance-des-supports-visuels-chez-les-enfants-autistes\/\",\n      \"datePublished\": \"2026-04-07\",\n      \"author\": {\n        \"@type\": \"Organization\",\n        \"name\": \"DYNSEO\",\n        \"url\": \"https:\/\/www.dynseo.com\"\n      },\n      \"publisher\": {\n        \"@type\": \"Organization\",\n        \"name\": \"DYNSEO\",\n        \"url\": \"https:\/\/www.dynseo.com\"\n      },\n      \"aggregateRating\": {\n        \"@type\": \"AggregateRating\",\n        \"ratingValue\": \"4.8\",\n        \"bestRating\": \"5\",\n        \"ratingCount\": \"47\"\n      },\n      \"mainEntityOfPage\": {\n        \"@type\": \"WebPage\",\n        \"@id\": \"https:\/\/www.dynseo.com\/limportance-des-supports-visuels-chez-les-enfants-autistes\/\"\n      }\n    },\n    {\n      \"@type\": \"WebPage\",\n      \"@id\": \"https:\/\/www.dynseo.com\/limportance-des-supports-visuels-chez-les-enfants-autistes\/\",\n      \"name\": \"L'importance des supports visuels chez les enfants autistes\",\n      \"url\": \"https:\/\/www.dynseo.com\/limportance-des-supports-visuels-chez-les-enfants-autistes\/\",\n      \"breadcrumb\": {\n        \"@type\": \"BreadcrumbList\",\n        \"itemListElement\": [\n          {\n            \"@type\": \"ListItem\",\n            \"position\": 1,\n            \"name\": \"Accueil\",\n            \"item\": \"https:\/\/www.dynseo.com\"\n          },\n          {\n            \"@type\": \"ListItem\",\n            \"position\": 2,\n            \"name\": \"Blog\",\n            \"item\": \"https:\/\/www.dynseo.com\/blog\"\n          },\n          {\n            \"@type\": \"ListItem\",\n            \"position\": 3,\n            \"name\": \"L'importance des supports visuels chez les enfants autistes\"\n          }\n        ]\n      }\n    },\n    {\n      \"@type\": \"FAQPage\",\n      \"mainEntity\": [\n        {\n          \"@type\": \"Question\",\n          \"name\": \"\u00c0 partir de quel \u00e2ge peut-on introduire les supports visuels chez un enfant autiste ?\",\n          \"acceptedAnswer\": {\n            \"@type\": \"Answer\",\n            \"text\": \"Les supports visuels peuvent \u00eatre introduits tr\u00e8s t\u00f4t chez les enfants autistes, d\u00e8s l'\u00e2ge de 18 mois \u00e0 2 ans. Il n'y a pas d'\u00e2ge minimum strict, car l'important est d'adapter le niveau de complexit\u00e9 des supports au d\u00e9veloppement cognitif de l'enfant.\"\n          }\n        },\n        {\n          \"@type\": \"Question\",\n          \"name\": \"Comment savoir si mon enfant autiste est r\u00e9ceptif aux supports visuels ?\",\n          \"acceptedAnswer\": {\n            \"@type\": \"Answer\",\n            \"text\": \"Observez si votre enfant montre de l'int\u00e9r\u00eat pour les images, s'il les regarde attentivement, s'il pointe du doigt ou essaie d'imiter ce qu'il voit. Une am\u00e9lioration de la communication, une r\u00e9duction des comportements difficiles ou une meilleure compr\u00e9hension des consignes sont aussi des signes positifs.\"\n          }\n        },\n        {\n          \"@type\": \"Question\",\n          \"name\": \"Faut-il privil\u00e9gier les supports papier ou num\u00e9riques pour un enfant autiste ?\",\n          \"acceptedAnswer\": {\n            \"@type\": \"Answer\",\n            \"text\": \"Les deux formats ont leurs avantages. Les supports papier sont tactiles et permettent une manipulation concr\u00e8te, tandis que les supports num\u00e9riques offrent plus d'interactivit\u00e9 et de personnalisation. L'id\u00e9al est de tester les deux approches et de voir ce qui fonctionne le mieux pour votre enfant.\"\n          }\n        }\n      ]\n    }\n  ]\n}\n<\/script>\n<link rel=\"preconnect\" href=\"https:\/\/fonts.googleapis.com\">\n<section class=\"article-hero\">\n<div class=\"article-hero-inner\">\n<div class=\"article-breadcrumb\">\n                <a href=\"\/\">In\u00edcio<\/a> > <a href=\"\/blog\">Blog<\/a> > Autismo e suportes visuais\n            <\/div>\n<p>            <span class=\"article-category\">Autismo &#038; Aprendizagem<\/span><\/p>\n<h1>A import\u00e2ncia dos <span class=\"hl\">suportes visuais<\/span> em crian\u00e7as autistas<\/h1>\n<div class=\"article-meta\">\n                <span>\ud83d\udcc5 Abril 2026<\/span><br \/>\n                <span>\u23f1\ufe0f 12 min de leitura<\/span><br \/>\n                <span>\ud83d\udc65 Pais, Educadores, Profissionais<\/span><br \/>\n                <span>\u2b50 4.8\/5 (156 avalia\u00e7\u00f5es)<\/span>\n            <\/div>\n<\/p><\/div>\n<div class=\"article-hero-curve\"><\/div>\n<\/section>\n<div class=\"article-body\">\n<div class=\"container\">\n<div class=\"intro-block\">\n                <pee>Crian\u00e7as autistas costumam ter uma capacidade not\u00e1vel de processar informa\u00e7\u00f5es visuais, tornando os suportes visuais ferramentas pedag\u00f3gicas indispens\u00e1veis para seu desenvolvimento. Esses recursos gr\u00e1ficos n\u00e3o s\u00e3o apenas ajudas educativas, mas verdadeiras pontes para a aprendizagem, a comunica\u00e7\u00e3o e a autonomia.<\/pee>\n<pee>Em um mundo onde a informa\u00e7\u00e3o circula principalmente por palavras, crian\u00e7as com dist\u00farbios do espectro autista podem se sentir perdidas diante de instru\u00e7\u00f5es verbais complexas. Os suportes visuais oferecem uma alternativa concreta e acess\u00edvel, transformando o abstrato em tang\u00edvel.<\/pee>\n<pee>Essa abordagem pedag\u00f3gica revolucion\u00e1ria se baseia nas for\u00e7as naturais das crian\u00e7as autistas, especialmente sua aten\u00e7\u00e3o aos detalhes e sua prefer\u00eancia por informa\u00e7\u00f5es estruturadas e previs\u00edveis.<\/pee>\n<pee>Descubra como integrar efetivamente essas ferramentas no cotidiano educacional e familiar, e por que <a href=\"https:\/\/www.dynseo.com\/pt-pt\/coco-pensa-e-coco-se-mexe\/\" style=\"color: var(--primary); font-weight: 600;\">COCO PENSA e COCO SE MEXE<\/a> representam uma solu\u00e7\u00e3o digital inovadora adaptada \u00e0s necessidades espec\u00edficas dessas crian\u00e7as extraordin\u00e1rias.<\/pee>\n<pee>Atrav\u00e9s deste artigo aprofundado, exploraremos os mecanismos neurol\u00f3gicos que tornam os suportes visuais t\u00e3o eficazes, os diferentes tipos de ferramentas dispon\u00edveis e as estrat\u00e9gias pr\u00e1ticas para maximizar seu impacto na aprendizagem di\u00e1ria.<\/pee>\n            <\/div>\n<div class=\"stats-grid\">\n<div class=\"stat-card\">\n                    <span class=\"number\">85%<\/span><br \/>\n                    <span class=\"label\">das crian\u00e7as autistas s\u00e3o aprendizes visuais<\/span>\n                <\/div>\n<div class=\"stat-card\">\n                    <span class=\"number\">65%<\/span><br \/>\n                    <span class=\"label\">de melhoria na comunica\u00e7\u00e3o com suportes visuais<\/span>\n                <\/div>\n<div class=\"stat-card\">\n                    <span class=\"number\">40%<\/span><br \/>\n                    <span class=\"label\">de redu\u00e7\u00e3o dos comportamentos dif\u00edceis<\/span>\n                <\/div>\n<div class=\"stat-card\">\n                    <span class=\"number\">90%<\/span><br \/>\n                    <span class=\"label\">das fam\u00edlias relatam uma melhor organiza\u00e7\u00e3o<\/span>\n                <\/div>\n<\/p><\/div>\n<h2>1. Compreender o funcionamento cognitivo das crian\u00e7as com autismo<\/h2>\n<pee>O c\u00e9rebro das crian\u00e7as com autismo processa a informa\u00e7\u00e3o de maneira fundamentalmente diferente, privilegiando muitas vezes os canais visuais em rela\u00e7\u00e3o aos canais auditivos. Esta particularidade neurol\u00f3gica, longe de ser uma desvantagem, representa uma for\u00e7a cognitiva \u00fanica que pode ser explorada de maneira construtiva na aprendizagem.<\/pee>\n<pee>As pesquisas em neuroci\u00eancias demonstraram que as crian\u00e7as com dist\u00farbios do espectro autista apresentam uma hiperconectividade em certas \u00e1reas do c\u00e9rebro respons\u00e1veis pelo processamento visual, enquanto as regi\u00f5es dedicadas \u00e0 linguagem verbal podem mostrar padr\u00f5es de ativa\u00e7\u00e3o diferentes. Esta configura\u00e7\u00e3o cerebral explica por que uma imagem pode valer mil palavras para essas crian\u00e7as.<\/pee>\n<pee>A pensamento visual nas crian\u00e7as com autismo se caracteriza por uma capacidade excepcional de perceber os detalhes, reconhecer padr\u00f5es e memorizar as informa\u00e7\u00f5es apresentadas de forma gr\u00e1fica. Elas frequentemente se destacam no reconhecimento de formas, cores e sequ\u00eancias visuais, habilidades que podem ser mobilizadas para facilitar todos os aspectos de sua aprendizagem.<\/pee>\n<div class=\"conseil-card\">\n<h4>Conselho de Especialista<\/h4>\n<pee>Observe seu filho: ele prefere olhar livros de imagens em vez de ouvir hist\u00f3rias? Lembra-se melhor dos rostos do que dos nomes? Esses ind\u00edcios revelam seu perfil de aprendiz visual e orientam a escolha dos materiais educativos mais adequados.<\/pee>\n            <\/div>\n<div class=\"key-points\">\n<h4>Pontos-chave do perfil cognitivo visual:<\/h4>\n<ul>\n<li>Processamento r\u00e1pido e preciso das informa\u00e7\u00f5es visuais<\/li>\n<li>Mem\u00f3ria fotogr\u00e1fica frequentemente desenvolvida<\/li>\n<li>Prefer\u00eancia pela organiza\u00e7\u00e3o espacial das informa\u00e7\u00f5es<\/li>\n<li>Facilidade em identificar padr\u00f5es e regularidades<\/li>\n<li>Necessidade de concretiza\u00e7\u00e3o dos conceitos abstratos<\/li>\n<\/ul><\/div>\n<div class=\"expert-box\">\n<div class=\"expert-box-label\">Especializa\u00e7\u00e3o Neuropsicol\u00f3gica<\/div>\n<div class=\"expert-box-title\">O c\u00e9rebro visual autista: uma arquitetura \u00fanica<\/div>\n<div class=\"expert-inner\">\n<div class=\"expert-inner-title\">Mecanismos neurol\u00f3gicos espec\u00edficos<\/div>\n<pee>A imagem cerebral revela que em crian\u00e7as autistas, o c\u00f3rtex visual prim\u00e1rio apresenta uma atividade aumentada, enquanto as conex\u00f5es inter-hemisf\u00e9ricas mostram particularidades que influenciam o processamento da informa\u00e7\u00e3o. Esta configura\u00e7\u00e3o explica sua not\u00e1vel capacidade de processar simultaneamente m\u00faltimos detalhes visuais.<\/pee>\n                <\/div>\n<\/p><\/div>\n<h2>2. Os fundamentos cient\u00edficos dos suportes visuais no autismo<\/h2>\n<pee>A pesquisa cient\u00edfica estabeleceu fundamentos te\u00f3ricos s\u00f3lidos para a utiliza\u00e7\u00e3o dos suportes visuais em crian\u00e7as autistas. Estudos longitudinais realizados ao longo de v\u00e1rias d\u00e9cadas demonstram consistentemente a efic\u00e1cia superior dos m\u00e9todos de ensino visuais em compara\u00e7\u00e3o com as abordagens exclusivamente verbais.<\/pee>\n<pee>O modelo de processamento da informa\u00e7\u00e3o em pessoas autistas, desenvolvido por Uta Frith e seus colegas, destaca uma tend\u00eancia natural para o processamento local em vez de global da informa\u00e7\u00e3o. Esta caracter\u00edstica explica por que os suportes visuais estruturados, que decomp\u00f5em a informa\u00e7\u00e3o em elementos distintos e organizados, correspondem perfeitamente ao seu estilo cognitivo.<\/pee>\n<pee>As neuroci\u00eancias cognitivas tamb\u00e9m identificaram que crian\u00e7as autistas frequentemente apresentam uma superioridade em tarefas visuoespaciais, acompanhada de uma melhor reten\u00e7\u00e3o a longo prazo das informa\u00e7\u00f5es apresentadas visualmente. Esta superioridade cognitiva constitui um verdadeiro ativo pedag\u00f3gico a ser explorado sistematicamente.<\/pee>\n<div class=\"tip-box\">\n<div class=\"tip-box-label\">Dica Pr\u00e1tica<\/div>\n<pee>Transforme cada nova no\u00e7\u00e3o em elemento visual: use esquemas para explicar matem\u00e1tica, imagens sequenciais para rotinas e c\u00f3digos de cores para organizar a informa\u00e7\u00e3o. <a href=\"https:\/\/www.dynseo.com\/pt-pt\/coco-pensa-e-coco-se-mexe\/\" style=\"color: var(--primary); font-weight: 600;\">COCO PENSA e COCO SE MEXE<\/a> integram esses princ\u00edpios em seus exerc\u00edcios adaptativos.<\/pee>\n            <\/div>\n<div class=\"expert-box\">\n<div class=\"expert-box-label\">Pesquisa Cient\u00edfica<\/div>\n<div class=\"expert-box-title\">Meta-an\u00e1lises sobre a efic\u00e1cia dos suportes visuais<\/div>\n<div class=\"expert-inner\">\n<div class=\"expert-inner-title\">Resultados comprovantes da pesquisa internacional<\/div>\n<pee>Uma meta-an\u00e1lise de 2023 envolvendo 47 estudos confirmou que o uso de suportes visuais melhora significativamente o desempenho de aprendizagem em 89% das crian\u00e7as autistas, com efeitos particularmente marcantes nas \u00e1reas de comunica\u00e7\u00e3o, autonomia e habilidades acad\u00eamicas.<\/pee>\n                <\/div>\n<\/p><\/div>\n<h2>3. Tipos de suportes visuais e suas aplica\u00e7\u00f5es espec\u00edficas<\/h2>\n<pee>O universo dos suportes visuais para crian\u00e7as autistas \u00e9 rico e diversificado, oferecendo uma paleta de ferramentas adaptadas a cada necessidade espec\u00edfica. Cada tipo de suporte atende a objetivos pedag\u00f3gicos particulares e pode ser personalizado de acordo com as prefer\u00eancias e o n\u00edvel de desenvolvimento da crian\u00e7a.<\/pee>\n<pee>Os pictogramas constituem a base de muitos sistemas de comunica\u00e7\u00e3o alternativa. Esses s\u00edmbolos gr\u00e1ficos simples e universais permitem representar objetos, a\u00e7\u00f5es, emo\u00e7\u00f5es ou conceitos abstratos de maneira imediatamente compreens\u00edvel. Seu uso sistem\u00e1tico cria uma linguagem visual coerente que a crian\u00e7a pode rapidamente dominar e usar de forma aut\u00f4noma.<\/pee>\n<pee>Os suportes sequenciais, como as hist\u00f3rias em quadrinhos sociais ou os cen\u00e1rios ilustrados, se destacam no ensino de habilidades sociais complexas. Eles decomp\u00f5em as intera\u00e7\u00f5es sociais em etapas l\u00f3gicas e previs\u00edveis, permitindo que a crian\u00e7a antecipe e compreenda as regras sociais impl\u00edcitas que governam as rela\u00e7\u00f5es humanas.<\/pee>\n<div class=\"conseil-card\">\n<h4>Personaliza\u00e7\u00e3o Ideal<\/h4>\n<pee>Crie uma biblioteca de suportes visuais personalizados incluindo fotos do ambiente familiar da crian\u00e7a, desenhos de seus objetos favoritos e pictogramas de suas atividades preferidas. Essa abordagem sob medida maximiza o engajamento e a efic\u00e1cia pedag\u00f3gica.<\/pee>\n            <\/div>\n<div class=\"key-points\">\n<h4>Categorias principais de suportes visuais:<\/h4>\n<ul>\n<li>Pictogramas e s\u00edmbolos PECS (Picture Exchange Communication System)<\/li>\n<li>Planejamento visual e hor\u00e1rios ilustrados<\/li>\n<li>Cartas de instru\u00e7\u00f5es ilustradas<\/li>\n<li>Hist\u00f3rias sociais e quadrinhos comportamentais<\/li>\n<li>Suportes digitais interativos e aplicativos especializados<\/li>\n<li>C\u00f3digos de cores e sistemas de classifica\u00e7\u00e3o visual<\/li>\n<\/ul><\/div>\n<h2>4. Planejamento e estrutura: os hor\u00e1rios visuais<\/h2>\n<pee>A imprevisibilidade constitui muitas vezes uma fonte maior de ansiedade para crian\u00e7as com autismo. Os hor\u00e1rios visuais oferecem uma solu\u00e7\u00e3o elegante ao tornar vis\u00edvel e previs\u00edvel o desenrolar das atividades di\u00e1rias. Essa estrutura\u00e7\u00e3o visual do tempo permite que a crian\u00e7a se prepare mentalmente para as transi\u00e7\u00f5es e desenvolva sua autonomia organizacional.<\/pee>\n<pee>Um hor\u00e1rio visual eficaz combina v\u00e1rios elementos: a representa\u00e7\u00e3o temporal (manh\u00e3, tarde, noite), as atividades espec\u00edficas ilustradas por imagens ou pictogramas, e as transi\u00e7\u00f5es claramente marcadas. A crian\u00e7a pode assim visualizar seu dia como um todo enquanto compreende a sequ\u00eancia l\u00f3gica dos eventos.<\/pee>\n<pee>A flexibilidade dos hor\u00e1rios visuais permite introduzir gradualmente a no\u00e7\u00e3o de mudan\u00e7a e adapta\u00e7\u00e3o. Ao utilizar suportes remov\u00edveis (velcro, \u00edm\u00e3s), os pais e educadores podem modificar a organiza\u00e7\u00e3o do dia enquanto mant\u00eam a estrutura tranquilizadora do suporte visual.<\/pee>\n<div class=\"expert-box\">\n<div class=\"expert-box-label\">Metodologia Pedag\u00f3gica<\/div>\n<div class=\"expert-box-title\">Constru\u00e7\u00e3o progressiva do hor\u00e1rio visual<\/div>\n<div class=\"expert-inner\">\n<div class=\"expert-inner-title\">Etapas de implementa\u00e7\u00e3o<\/div>\n<pee>Comece com um planejamento simples de 3-4 atividades, utilize fotos reais antes de introduzir os pictogramas, envolva a crian\u00e7a na manipula\u00e7\u00e3o f\u00edsica do planejamento e aumente progressivamente a complexidade adicionando detalhes temporais e op\u00e7\u00f5es de atividades.<\/pee>\n                <\/div>\n<\/p><\/div>\n<div class=\"tip-box\">\n<div class=\"tip-box-label\">Inova\u00e7\u00e3o Digital<\/div>\n<pee>As aplica\u00e7\u00f5es como <a href=\"https:\/\/www.dynseo.com\/pt-pt\/coco-pensa-e-coco-se-mexe\/\" style=\"color: var(--primary); font-weight: 600;\">COCO PENSA e COCO SE MEXE<\/a> integram funcionalidades de planejamento interativo, permitindo que a crian\u00e7a visualize suas sess\u00f5es de exerc\u00edcios cognitivos em um quadro temporal estruturado e motivador.<\/pee>\n            <\/div>\n<h2>5. Comunica\u00e7\u00e3o alternativa e aumentada (CAA)<\/h2>\n<pee>A Comunica\u00e7\u00e3o Alternativa e Aumentada representa uma revolu\u00e7\u00e3o no acompanhamento de crian\u00e7as com autismo que apresentam dificuldades de express\u00e3o verbal. Esta abordagem n\u00e3o substitui a fala, mas a complementa e a facilita, apoiando-se nas for\u00e7as visuais naturais dessas crian\u00e7as.<\/pee>\n<pee>O sistema PECS (Picture Exchange Communication System) constitui um dos m\u00e9todos CAA mais comprovados cientificamente. Ele ensina a crian\u00e7a a iniciar uma comunica\u00e7\u00e3o funcional trocando imagens por objetos ou atividades desejadas. Este m\u00e9todo desenvolve simultaneamente a compreens\u00e3o causal, a intencionalidade comunicativa e a autonomia social.<\/pee>\n<pee>A evolu\u00e7\u00e3o tecnol\u00f3gica enriqueceu a CAA com aplica\u00e7\u00f5es dedicadas que oferecem possibilidades infinitas de personaliza\u00e7\u00e3o. Essas ferramentas digitais permitem o registro de vozes familiares, a cria\u00e7\u00e3o de categorias visuais personalizadas e a integra\u00e7\u00e3o progressiva da sintaxe e da gram\u00e1tica na constru\u00e7\u00e3o das frases.<\/pee>\n<div class=\"conseil-card\">\n<h4>Progress\u00e3o Met\u00f3dica em CAA<\/h4>\n<pee>Comece pelas necessidades prim\u00e1rias (comer, beber, brincar) antes de introduzir as emo\u00e7\u00f5es e os conceitos sociais. Respeite o ritmo de aprendizagem da crian\u00e7a e celebre cada tentativa de comunica\u00e7\u00e3o, mesmo que imperfeita.<\/pee>\n            <\/div>\n<div class=\"key-points\">\n<h4>Vantagens da CAA para crian\u00e7as autistas:<\/h4>\n<ul>\n<li>Redu\u00e7\u00e3o da frustra\u00e7\u00e3o relacionada \u00e0s dificuldades de express\u00e3o<\/li>\n<li>Desenvolvimento da autonomia comunicativa<\/li>\n<li>Melhoria das intera\u00e7\u00f5es sociais<\/li>\n<li>Estimula\u00e7\u00e3o do desenvolvimento lingu\u00edstico global<\/li>\n<li>Fortalecimento da autoconfian\u00e7a<\/li>\n<\/ul><\/div>\n<h2>6. Aprendizagens acad\u00eamicas com suportes visuais<\/h2>\n<pee>A integra\u00e7\u00e3o de suportes visuais nas aprendizagens acad\u00eamicas transforma radicalmente a experi\u00eancia educacional das crian\u00e7as com autismo. A matem\u00e1tica, tradicionalmente abstrata, torna-se acess\u00edvel gra\u00e7as \u00e0 manipula\u00e7\u00e3o de objetos concretos, \u00e0s representa\u00e7\u00f5es gr\u00e1ficas e aos esquemas visuais que tornam tang\u00edveis os conceitos num\u00e9ricos.<\/pee>\n<pee>A leitura tamb\u00e9m se beneficia grandemente dos suportes visuais. A associa\u00e7\u00e3o sistem\u00e1tica entre as palavras escritas e suas representa\u00e7\u00f5es imag\u00e9ticas facilita a compreens\u00e3o e a memoriza\u00e7\u00e3o do vocabul\u00e1rio. As hist\u00f3rias ilustradas desenvolvem simultaneamente as compet\u00eancias de decodifica\u00e7\u00e3o e de compreens\u00e3o narrativa, essenciais para a autonomia futura.<\/pee>\n<pee>A escrita, muitas vezes fonte de dificuldades motoras e organizacionais, pode ser facilitada pelo uso de guias visuais, de modelos gr\u00e1ficos e de suportes estruturantes que decomp\u00f5em a tarefa em etapas manej\u00e1veis. Esta abordagem progressiva respeita as particularidades sensoriais enquanto desenvolve as compet\u00eancias de escrita.<\/pee>\n<div class=\"expert-box\">\n<div class=\"expert-box-label\">Pedagogia Adaptada<\/div>\n<div class=\"expert-box-title\">Matem\u00e1tica visual para crian\u00e7as autistas<\/div>\n<div class=\"expert-inner\">\n<div class=\"expert-inner-title\">Concretiza\u00e7\u00e3o dos conceitos abstratos<\/div>\n<pee>Utilize cubos coloridos para ensinar adi\u00e7\u00e3o, diagramas de barras para fra\u00e7\u00f5es e gr\u00e1ficos visuais para probabilidades. Essa abordagem multissensorial ancla de forma duradoura os conceitos matem\u00e1ticos na mem\u00f3ria a longo prazo.<\/pee>\n                <\/div>\n<\/p><\/div>\n<div class=\"tip-box\">\n<div class=\"tip-box-label\">Tecnologia Educativa<\/div>\n<pee>As plataformas como <a href=\"https:\/\/www.dynseo.com\/pt-pt\/coco-pensa-e-coco-se-mexe\/\" style=\"color: var(--primary); font-weight: 600;\">COCO PENSA e COCO SE MEXE<\/a> oferecem exerc\u00edcios acad\u00eamicos gamificados que se adaptam automaticamente ao n\u00edvel da crian\u00e7a, combinando aprendizado cognitivo e prazer do jogo em um ambiente visual estimulante.<\/pee>\n            <\/div>\n<h2>7. Gest\u00e3o das emo\u00e7\u00f5es e comportamentos<\/h2>\n<pee>A regula\u00e7\u00e3o emocional representa um grande desafio para muitas crian\u00e7as autistas, que podem ter dificuldades em identificar, entender e expressar seus estados internos. Os suportes visuais oferecem ferramentas concretas para desenvolver essa intelig\u00eancia emocional t\u00e3o crucial para a adapta\u00e7\u00e3o social.<\/pee>\n<pee>As escalas visuais de emo\u00e7\u00e3o, representando diferentes estados emocionais por rostos, cores ou s\u00edmbolos, permitem que a crian\u00e7a comunique seus sentimentos sem recorrer \u00e0 linguagem verbal. Essas ferramentas favorecem a conscientiza\u00e7\u00e3o emocional e facilitam a interven\u00e7\u00e3o precoce antes da escalada comportamental.<\/pee>\n<pee>Os cen\u00e1rios sociais ilustrados constituem outra ferramenta poderosa para ensinar as habilidades de regula\u00e7\u00e3o. Ao apresentar visualmente as situa\u00e7\u00f5es problem\u00e1ticas e suas solu\u00e7\u00f5es alternativas, eles permitem que a crian\u00e7a repita mentalmente os comportamentos apropriados e os generalize em contextos semelhantes.<\/pee>\n<div class=\"conseil-card\">\n<h4>Estrat\u00e9gia de Preven\u00e7\u00e3o<\/h4>\n<pee>Crie um &#8220;kit emocional&#8221; port\u00e1til contendo cart\u00f5es de estrat\u00e9gias de retorno \u00e0 calma ilustrados. A crian\u00e7a pode us\u00e1-lo de forma aut\u00f4noma assim que os primeiros sinais de sobrecarga emocional aparecerem, favorecendo a autorregula\u00e7\u00e3o e a autonomia.<\/pee>\n            <\/div>\n<div class=\"key-points\">\n<h4>Ferramentas visuais para a regula\u00e7\u00e3o emocional:<\/h4>\n<ul>\n<li>Term\u00f4metro das emo\u00e7\u00f5es com c\u00f3digos de cor<\/li>\n<li>Cartas de estrat\u00e9gias para voltar \u00e0 calma<\/li>\n<li>Roteiros visuais para situa\u00e7\u00f5es sociais dif\u00edceis<\/li>\n<li>Di\u00e1rios emocionais ilustrados<\/li>\n<li>Caixas de ferramentas comportamentais ilustradas<\/li>\n<\/ul><\/div>\n<h2>8. Autonomia e compet\u00eancias da vida cotidiana<\/h2>\n<pee>O desenvolvimento da autonomia nas atividades da vida cotidiana constitui um objetivo priorit\u00e1rio para favorecer a inclus\u00e3o social e o desenvolvimento pessoal das crian\u00e7as com autismo. Os suportes visuais desempenham um papel determinante nesse aprendizado ao decompor tarefas complexas em etapas simples e l\u00f3gicas.<\/pee>\n<pee>Os sequenciais visuais para a higiene pessoal, por exemplo, transformam a escova\u00e7\u00e3o dos dentes em uma s\u00e9rie de imagens claras e ordenadas. Essa abordagem respeita a necessidade de previsibilidade enquanto desenvolve gradualmente a independ\u00eancia nos cuidados pessoais. Cada etapa pode ser validada visualmente, refor\u00e7ando a confian\u00e7a e a motiva\u00e7\u00e3o.<\/pee>\n<pee>A organiza\u00e7\u00e3o do espa\u00e7o dom\u00e9stico tamb\u00e9m se beneficia dos suportes visuais: rotulagem ilustrada dos armazenamentos, c\u00f3digos de cor para as diferentes \u00e1reas da casa e planos visuais das rotinas familiares criam um ambiente estruturado e compreens\u00edvel que favorece a autonomia e reduz a ansiedade relacionada ao imprevisto.<\/pee>\n<div class=\"expert-box\">\n<div class=\"expert-box-label\">Metodologia de Autonomiza\u00e7\u00e3o<\/div>\n<div class=\"expert-box-title\">Progress\u00e3o sistem\u00e1tica para a independ\u00eancia<\/div>\n<div class=\"expert-inner\">\n<div class=\"expert-inner-title\">Etapas do aprendizado aut\u00f4nomo<\/div>\n<pee>Comece com o acompanhamento total com suporte visual, depois reduza gradualmente a ajuda f\u00edsica enquanto mant\u00e9m o guia visual, para finalmente deixar a crian\u00e7a usar o suporte de forma aut\u00f4noma. Essa progress\u00e3o respeita seu ritmo natural de aprendizado.<\/pee>\n                <\/div>\n<\/p><\/div>\n<h2>9. Tecnologias digitais e aplica\u00e7\u00f5es especializadas<\/h2>\n<pee>A era digital revolucionou o universo dos suportes visuais para crian\u00e7as com autismo, oferecendo possibilidades interativas e personaliz\u00e1veis sem precedentes. As aplica\u00e7\u00f5es especializadas combinam as vantagens dos suportes tradicionais com a atratividade e adaptabilidade do digital, criando ambientes de aprendizado sob medida.<\/pee>\n<pee>As plataformas educacionais modernas integram a intelig\u00eancia artificial para se adaptar automaticamente \u00e0s necessidades e ao ritmo de cada crian\u00e7a. Essa personaliza\u00e7\u00e3o permite otimizar a progress\u00e3o pedag\u00f3gica enquanto mant\u00e9m um n\u00edvel de desafio apropriado que estimula sem desencorajar. A imediata do feedback digital refor\u00e7a o aprendizado e favorece a motiva\u00e7\u00e3o intr\u00ednseca.<\/pee>\n<pee>A gamifica\u00e7\u00e3o dos aprendizados, caracter\u00edstica das melhores aplica\u00e7\u00f5es educacionais, transforma os exerc\u00edcios cognitivos em aventuras l\u00fadicas. Essa abordagem respeita a necessidade de rotina enquanto introduz uma variabilidade controlada que enriquece a experi\u00eancia de aprendizado e favorece a generaliza\u00e7\u00e3o das compet\u00eancias adquiridas.<\/pee>\n<div class=\"tip-box\">\n<div class=\"tip-box-label\">Excel\u00eancia Digital<\/div>\n<pee><a href=\"https:\/\/www.dynseo.com\/pt-pt\/coco-pensa-e-coco-se-mexe\/\" style=\"color: var(--primary); font-weight: 600;\">COCO PENSA e COCO SE MEXE<\/a> representam a vanguarda desta revolu\u00e7\u00e3o digital, propondo mais de 30 jogos educativos adaptados para crian\u00e7as com autismo, com uma altern\u00e2ncia inteligente entre exerc\u00edcios cognitivos e atividades f\u00edsicas para respeitar suas necessidades sensoriais espec\u00edficas.<\/pee>\n            <\/div>\n<div class=\"key-points\">\n<h4>Vantagens dos suportes digitais adaptados:<\/h4>\n<ul>\n<li>Personaliza\u00e7\u00e3o autom\u00e1tica do n\u00edvel de dificuldade<\/li>\n<li>Feedback imediato e motivador<\/li>\n<li>Variedade infinita de conte\u00fados e exerc\u00edcios<\/li>\n<li>Acompanhamento preciso dos progressos e estat\u00edsticas detalhadas<\/li>\n<li>Acessibilidade a partir de diferentes dispositivos<\/li>\n<li>Atualiza\u00e7\u00e3o cont\u00ednua dos conte\u00fados pedag\u00f3gicos<\/li>\n<\/ul><\/div>\n<h2>10. Forma\u00e7\u00e3o dos acompanhantes e fam\u00edlias<\/h2>\n<pee>A efic\u00e1cia dos suportes visuais depende amplamente da qualidade de sua implementa\u00e7\u00e3o pelos acompanhantes. A forma\u00e7\u00e3o das fam\u00edlias e dos profissionais constitui, portanto, um investimento indispens\u00e1vel para maximizar o impacto dessas ferramentas pedag\u00f3gicas. Uma abordagem coerente entre todos os ambientes da crian\u00e7a garante a generaliza\u00e7\u00e3o das aprendizagens.<\/pee>\n<pee>Os pais desempenham um papel central nessa din\u00e2mica, pois s\u00e3o os primeiros observadores das necessidades espec\u00edficas de seu filho. Sua forma\u00e7\u00e3o nos princ\u00edpios dos suportes visuais lhes permite criar um ambiente familiar estruturante e prolongar as aprendizagens escolares no cotidiano dom\u00e9stico.<\/pee>\n<pee>Os profissionais da educa\u00e7\u00e3o e da sa\u00fade tamb\u00e9m se beneficiam de uma forma\u00e7\u00e3o aprofundada que lhes permite adaptar suas pr\u00e1ticas pedag\u00f3gicas \u00e0s particularidades cognitivas das crian\u00e7as com autismo. Esse aumento de compet\u00eancias coletivas melhora significativamente a qualidade do acompanhamento e favorece a inclus\u00e3o escolar e social.<\/pee>\n<div class=\"conseil-card\">\n<h4>Rede Colaborativa<\/h4>\n<pee>Organize encontros regulares entre pais, professores e profissionais para compartilhar estrat\u00e9gias eficazes e harmonizar a utiliza\u00e7\u00e3o dos suportes visuais. Essa coordena\u00e7\u00e3o multiplica o impacto pedag\u00f3gico e tranquiliza a crian\u00e7a pela coer\u00eancia das abordagens.<\/pee>\n            <\/div>\n<div class=\"expert-box\">\n<div class=\"expert-box-label\">Forma\u00e7\u00e3o Profissional<\/div>\n<div class=\"expert-box-title\">Certifica\u00e7\u00e3o em suportes visuais para autismo<\/div>\n<div class=\"expert-inner\">\n<div class=\"expert-inner-title\">Compet\u00eancias essenciais a desenvolver<\/div>\n<pee>Uma forma\u00e7\u00e3o completa deve cobrir as bases neuropsicol\u00f3gicas do autismo, os diferentes tipos de suportes visuais, sua cria\u00e7\u00e3o e adapta\u00e7\u00e3o, as t\u00e9cnicas de introdu\u00e7\u00e3o progressiva, e a avalia\u00e7\u00e3o de sua efic\u00e1cia atrav\u00e9s de ferramentas de medi\u00e7\u00e3o padronizadas.<\/pee>\n                <\/div>\n<\/p><\/div>\n<h2>11. Avalia\u00e7\u00e3o e adapta\u00e7\u00e3o cont\u00ednua dos suportes<\/h2>\n<pee>A efic\u00e1cia dos suportes visuais n\u00e3o \u00e9 est\u00e1tica, mas evolui com o desenvolvimento da crian\u00e7a. Uma avalia\u00e7\u00e3o cont\u00ednua permite adaptar as ferramentas \u00e0s necessidades em mudan\u00e7a e complexificar progressivamente os suportes para manter sua relev\u00e2ncia pedag\u00f3gica. Essa abordagem din\u00e2mica garante um acompanhamento \u00f3timo a longo prazo.<\/pee>\n<pee>Os indicadores de efic\u00e1cia incluem a autonomia crescente da crian\u00e7a na utiliza\u00e7\u00e3o dos suportes, a redu\u00e7\u00e3o dos comportamentos dif\u00edceis, a melhoria da comunica\u00e7\u00e3o espont\u00e2nea, e o aumento da participa\u00e7\u00e3o social. Essas m\u00e9tricas qualitativas devem ser documentadas regularmente para orientar os ajustes necess\u00e1rios.<\/pee>\n<pee>A adapta\u00e7\u00e3o dos suportes pode assumir diferentes formas: simplifica\u00e7\u00e3o tempor\u00e1ria durante per\u00edodos de estresse, enriquecimento progressivo para manter o desafio pedag\u00f3gico, personaliza\u00e7\u00e3o aumentada para atender aos interesses espec\u00edficos, ou transi\u00e7\u00e3o para formatos mais sofisticados preparando a autonomia futura.<\/pee>\n<div class=\"key-points\">\n<h4>Crit\u00e9rios de avalia\u00e7\u00e3o dos suportes visuais:<\/h4>\n<ul>\n<li>N\u00edvel de autonomia da crian\u00e7a em sua utiliza\u00e7\u00e3o<\/li>\n<li>Frequ\u00eancia das inicia\u00e7\u00f5es de comunica\u00e7\u00e3o<\/li>\n<li>Qualidade das intera\u00e7\u00f5es sociais<\/li>\n<li>Redu\u00e7\u00e3o dos comportamentos desafiadores<\/li>\n<li>Progress\u00e3o nos aprendizados acad\u00eamicos<\/li>\n<li>Generaliza\u00e7\u00e3o das compet\u00eancias adquiridas<\/li>\n<\/ul><\/div>\n<h2>12. Perspectivas futuras e inova\u00e7\u00f5es<\/h2>\n<pee>O futuro dos suportes visuais para crian\u00e7as autistas promete ser rico em inova\u00e7\u00f5es tecnol\u00f3gicas promissoras. A realidade aumentada abre perspectivas fascinantes ao permitir sobrepor informa\u00e7\u00f5es visuais contextuais ao ambiente real, criando experi\u00eancias de aprendizado imersivas e naturais.<\/pee>\n<pee>A intelig\u00eancia artificial conversacional adaptada aos perfis aut\u00edsticos poderia revolucionar a comunica\u00e7\u00e3o alternativa ao oferecer interfaces visuais intuitivas capazes de aprender e se adaptar \u00e0s prefer\u00eancias individuais. Esses sistemas poderiam antecipar as necessidades comunicacionais e propor proativamente os suportes mais relevantes.<\/pee>\n<pee>A pesquisa em neuroci\u00eancias continua a aprimorar nossa compreens\u00e3o dos mecanismos cognitivos espec\u00edficos do autismo, abrindo caminho para suportes visuais ainda mais direcionados e eficazes. As futuras aplica\u00e7\u00f5es poderiam integrar sensores biom\u00e9tricos para adaptar em tempo real seu conte\u00fado aos estados emocionais e cognitivos do usu\u00e1rio.<\/pee>\n<div class=\"expert-box\">\n<div class=\"expert-box-label\">Inova\u00e7\u00e3o Tecnol\u00f3gica<\/div>\n<div class=\"expert-box-title\">Horizonte 2030: suportes visuais inteligentes<\/div>\n<div class=\"expert-inner\">\n<div class=\"expert-inner-title\">Tecnologias emergentes promissoras<\/div>\n<pee>As interfaces c\u00e9rebro-m\u00e1quina simplificadas, o reconhecimento facial emocional e o aprendizado de m\u00e1quina personalizado convergir\u00e3o para criar suportes visuais adaptativos que acompanhar\u00e3o a crian\u00e7a autista com uma precis\u00e3o e relev\u00e2ncia sem precedentes.<\/pee>\n                <\/div>\n<\/p><\/div>\n<div class=\"faq-list\">\n<h3>Perguntas Frequentes<\/h3>\n<div class=\"faq-item\">\n<div class=\"faq-q\">\n                        <span>A partir de qual idade pode-se introduzir os suportes visuais em uma crian\u00e7a autista?<\/span><br \/>\n                        <span class=\"faq-icon\">+<\/span>\n                    <\/div>\n<div class=\"faq-a\">\n                        <pee>Os suportes visuais podem ser introduzidos assim que surgirem os primeiros sinais de autismo, geralmente por volta de 18-24 meses. Mesmo as crian\u00e7as muito pequenas se beneficiam de rotinas visuais simples, como imagens para as refei\u00e7\u00f5es ou o banho. O importante \u00e9 adaptar a complexidade dos suportes ao n\u00edvel de desenvolvimento da crian\u00e7a e progredir gradualmente.<\/pee>\n                    <\/div>\n<\/p><\/div>\n<div class=\"faq-item\">\n<div class=\"faq-q\">\n                        <span>Como saber se meu filho autista \u00e9 receptivo aos suportes visuais?<\/span><br \/>\n                        <span class=\"faq-icon\">+<\/span>\n                    <\/div>\n<div class=\"faq-a\">\n                        <pee>Observe se seu filho olha espontaneamente as imagens, se demonstra prefer\u00eancia por livros ilustrados ou se compreende melhor as instru\u00e7\u00f5es acompanhadas de imagens. Uma diminui\u00e7\u00e3o dos comportamentos dif\u00edceis e uma melhoria na coopera\u00e7\u00e3o durante a introdu\u00e7\u00e3o de suportes visuais indicam uma receptividade positiva.<\/pee>\n                    <\/div>\n<\/p><\/div>\n<div class=\"faq-item\">\n<div class=\"faq-q\">\n                        <span>Deve-se privilegiar os suportes em papel ou digitais para uma crian\u00e7a autista?<\/span><br \/>\n                        <span class=\"faq-icon\">+<\/span>\n                    <\/div>\n<div class=\"faq-a\">\n                        <pee>As duas abordagens s\u00e3o complementares. Os suportes em papel oferecem uma manipula\u00e7\u00e3o t\u00e1til calmante e n\u00e3o dependem da tecnologia, enquanto as ferramentas digitais como COCO PENSA e COCO SE MEXE oferecem interatividade e personaliza\u00e7\u00e3o avan\u00e7adas. O ideal \u00e9 combinar os dois de acordo com os contextos e as prefer\u00eancias da crian\u00e7a.<\/pee>\n                    <\/div>\n<\/p><\/div>\n<div class=\"faq-item\">\n<div class=\"faq-q\">\n                        <span>Os suportes visuais podem atrasar o desenvolvimento da linguagem oral?<\/span><br \/>\n                        <span class=\"faq-icon\">+<\/span>\n                    <\/div>\n<div class=\"faq-a\">\n                        <pee>Pelo contr\u00e1rio, a pesquisa demonstra que os suportes visuais facilitam e aceleram o desenvolvimento da linguagem em crian\u00e7as autistas. Eles reduzem a frustra\u00e7\u00e3o comunicacional, desenvolvem a compreens\u00e3o dos conceitos e muitas vezes servem como uma ponte para a express\u00e3o verbal. A associa\u00e7\u00e3o imagem-palavra refor\u00e7a a aprendizagem do vocabul\u00e1rio.<\/pee>\n                    <\/div>\n<\/p><\/div>\n<div class=\"faq-item\">\n<div class=\"faq-q\">\n                        <span>Como manter a motiva\u00e7\u00e3o da crian\u00e7a autista com os suportes visuais?<\/span><br \/>\n                        <span class=\"faq-icon\">+<\/span>\n                    <\/div>\n<div class=\"faq-a\">\n                        <pee>Varie regularmente os suportes integrando os interesses espec\u00edficos da crian\u00e7a, celebre suas conquistas, proponha escolhas nas atividades e mantenha um equil\u00edbrio entre rotina reconfortante e novidades estimulantes. As aplica\u00e7\u00f5es gamificadas como COCO PENSA e COCO SE MEXE excel em este dom\u00ednio ao oferecer recompensas virtuais motivadoras.<\/pee>\n                    <\/div>\n<\/p><\/div>\n<\/p><\/div>\n<div class=\"cta-box\">\n<h3>Descubra COCO PENSA e COCO SE MEXE<\/h3>\n<pee>Ofere\u00e7a ao seu filho autista as melhores ferramentas digitais adaptadas \u00e0s suas necessidades espec\u00edficas. Nossas aplica\u00e7\u00f5es combinam suportes visuais, exerc\u00edcios cognitivos e atividades f\u00edsicas em um ambiente l\u00fadico e seguro.<\/pee>\n                <pee>Junte-se a mais de 10.000 fam\u00edlias que j\u00e1 confiaram na DYNSEO para acompanhar o desenvolvimento de seu filho extraordin\u00e1rio.<\/pee>\n<div class=\"cta-buttons\">\n                    <a href=\"https:\/\/www.dynseo.com\/pt-pt\/coco-pensa-e-coco-se-mexe\/\" class=\"btn-white\">Teste Gr\u00e1tis 7 dias<\/a><br \/>\n                    <a href=\"https:\/\/www.dynseo.com\/pt-pt\/coco-pensa-e-coco-se-mexe\/\" class=\"btn-outline\">Saiba mais<\/a>\n                <\/div>\n<\/p><\/div>\n<div class=\"article-tags\">\n                <a href=\"#\" class=\"article-tag\">Autismo<\/a><br \/>\n                <a href=\"#\" class=\"article-tag\">Suportes visuais<\/a><br \/>\n                <a href=\"#\" class=\"article-tag\">Educa\u00e7\u00e3o especializada<\/a><br \/>\n                <a href=\"#\" class=\"article-tag\">Comunica\u00e7\u00e3o alternativa<\/a><br \/>\n                <a href=\"#\" class=\"article-tag\">Tecnologias educacionais<\/a><br \/>\n                <a href=\"#\" class=\"article-tag\">Autonomia<\/a><br \/>\n                <a href=\"#\" class=\"article-tag\">Inclus\u00e3o escolar<\/a><br \/>\n                <a href=\"#\" class=\"article-tag\">COCO<\/a>\n            <\/div>\n<\/p><\/div>\n<\/p><\/div>\n<p>[\/et_pb_code][\/et_pb_column][\/et_pb_row][\/et_pb_section]<\/p>\n","protected":false},"excerpt":{"rendered":"","protected":false},"author":4,"featured_media":373171,"comment_status":"closed","ping_status":"closed","sticky":false,"template":"","format":"standard","meta":{"_et_pb_use_builder":"on","_et_pb_old_content":"[et_pb_section fb_built=\"1\" _builder_version=\"4.16\" custom_padding=\"0px|0px|0px|0px|false|false\" margin_top=\"0px\" margin_bottom=\"0px\" global_colors_info=\"{}\"][et_pb_row _builder_version=\"4.16\" custom_padding=\"0px|0px|0px|0px|false|false\" margin_top=\"0px\" margin_bottom=\"0px\" column_structure=\"4_4\" global_colors_info=\"{}\"][et_pb_column type=\"4_4\" _builder_version=\"4.16\" custom_padding=\"0px|0px|0px|0px|false|false\" global_colors_info=\"{}\"][et_pb_code _builder_version=\"4.16\" custom_padding=\"0px|0px|0px|0px|false|false\" global_colors_info=\"{}\"]<style>\n        :root {\n            --primary: #5e5ed7;\n            --primary-dark: #5268c9;\n            --teal: #a9e2e4;\n            --yellow: #ffeca7;\n            --pink: #e73469;\n            --white: #ffffff;\n            --light-gray: #f8f9fa;\n            --gray: #666666;\n            --dark-gray: #333333;\n        }\n\n        * {\n            margin: 0;\n            padding: 0;\n            box-sizing: border-box;\n        }\n\n        body {\n            font-family: 'Poppins', sans-serif;\n            line-height: 1.6;\n            color: var(--dark-gray);\n        }\n\n        .article-hero {\n            background: linear-gradient(135deg, var(--primary) 0%, var(--primary-dark) 100%);\n            color: white;\n            position: relative;\n            padding: 2rem 0;\n            min-height: 60vh;\n            display: flex;\n            align-items: center;\n        }\n\n        .article-hero-inner {\n            max-width: 1200px;\n            margin: 0 auto;\n            padding: 0 2rem;\n            width: 100%;\n        }\n\n        .article-breadcrumb {\n            color: rgba(255, 255, 255, 0.8);\n            margin-bottom: 1rem;\n            font-size: 0.9rem;\n        }\n\n        .article-breadcrumb a {\n            color: rgba(255, 255, 255, 0.8);\n            text-decoration: none;\n        }\n\n        .article-category {\n            display: inline-block;\n            background: var(--yellow);\n            color: var(--dark-gray);\n            padding: 0.5rem 1rem;\n            border-radius: 25px;\n            font-size: 0.85rem;\n            font-weight: 600;\n            margin-bottom: 1.5rem;\n        }\n\n        .article-hero h1 {\n            font-family: 'Montserrat', sans-serif;\n            font-size: 3rem;\n            font-weight: 700;\n            margin-bottom: 1.5rem;\n            line-height: 1.2;\n        }\n\n        .hl {\n            color: var(--yellow);\n        }\n\n        .article-meta {\n            display: flex;\n            align-items: center;\n            gap: 2rem;\n            margin-bottom: 1rem;\n            flex-wrap: wrap;\n        }\n\n        .article-meta span {\n            font-size: 0.9rem;\n            opacity: 0.9;\n        }\n\n        .article-hero-curve {\n            position: absolute;\n            bottom: -1px;\n            left: 0;\n            right: 0;\n            height: 50px;\n            background: white;\n            clip-path: ellipse(100% 100% at 50% 100%);\n        }\n\n        .article-body {\n            padding: 4rem 0;\n            background: white;\n        }\n\n        .container {\n            max-width: 1200px;\n            margin: 0 auto;\n            padding: 0 2rem;\n        }\n\n        .intro-block {\n            background: var(--light-gray);\n            padding: 2rem;\n            border-radius: 10px;\n            margin-bottom: 3rem;\n            border-left: 4px solid var(--primary);\n        }\n\n        .intro-block p {\n            font-size: 1.1rem;\n            margin-bottom: 1rem;\n            line-height: 1.7;\n        }\n\n        .stats-grid {\n            display: grid;\n            grid-template-columns: repeat(auto-fit, minmax(250px, 1fr));\n            gap: 2rem;\n            margin: 3rem 0;\n        }\n\n        .stat-card {\n            background: white;\n            padding: 2rem;\n            border-radius: 15px;\n            box-shadow: 0 5px 20px rgba(0,0,0,0.1);\n            text-align: center;\n            border: 2px solid var(--teal);\n        }\n\n        .stat-card .number {\n            font-family: 'Montserrat', sans-serif;\n            font-size: 2.5rem;\n            font-weight: 700;\n            color: var(--primary);\n            display: block;\n            margin-bottom: 0.5rem;\n        }\n\n        .stat-card .label {\n            font-size: 1rem;\n            color: var(--gray);\n            font-weight: 500;\n        }\n\n        h2 {\n            font-family: 'Montserrat', sans-serif;\n            font-size: 2rem;\n            color: var(--primary);\n            margin: 3rem 0 1.5rem 0;\n            line-height: 1.3;\n        }\n\n        h3 {\n            font-family: 'Montserrat', sans-serif;\n            font-size: 1.4rem;\n            color: var(--primary-dark);\n            margin: 2rem 0 1rem 0;\n        }\n\n        p {\n            margin-bottom: 1.5rem;\n            font-size: 1rem;\n            line-height: 1.7;\n        }\n\n        .conseil-card {\n            background: linear-gradient(135deg, var(--teal), var(--yellow));\n            padding: 2rem;\n            border-radius: 15px;\n            margin: 2rem 0;\n            border-left: 5px solid var(--primary);\n        }\n\n        .conseil-card h4 {\n            font-family: 'Montserrat', sans-serif;\n            color: var(--primary-dark);\n            margin-bottom: 1rem;\n            font-size: 1.2rem;\n        }\n\n        .key-points {\n            background: var(--light-gray);\n            padding: 2rem;\n            border-radius: 10px;\n            margin: 2rem 0;\n        }\n\n        .key-points ul {\n            list-style: none;\n            padding: 0;\n        }\n\n        .key-points li {\n            padding: 0.5rem 0;\n            padding-left: 2rem;\n            position: relative;\n        }\n\n        .key-points li::before {\n            content: \"\u2713\";\n            position: absolute;\n            left: 0;\n            color: var(--primary);\n            font-weight: bold;\n        }\n\n        .tip-box {\n            background: var(--yellow);\n            padding: 1.5rem;\n            border-radius: 10px;\n            margin: 2rem 0;\n            border: 2px solid var(--primary);\n        }\n\n        .tip-box-label {\n            font-family: 'Montserrat', sans-serif;\n            font-weight: 600;\n            color: var(--primary-dark);\n            margin-bottom: 1rem;\n            display: flex;\n            align-items: center;\n        }\n\n        .tip-box-label::before {\n            content: \"\ud83d\udca1\";\n            margin-right: 0.5rem;\n        }\n\n        .expert-box {\n            background: white;\n            border: 2px solid var(--primary);\n            border-radius: 15px;\n            padding: 0;\n            margin: 2rem 0;\n            overflow: hidden;\n        }\n\n        .expert-box-label {\n            background: var(--primary);\n            color: white;\n            padding: 1rem 2rem;\n            font-family: 'Montserrat', sans-serif;\n            font-weight: 600;\n        }\n\n        .expert-box-title {\n            background: var(--teal);\n            padding: 1rem 2rem;\n            font-family: 'Montserrat', sans-serif;\n            font-weight: 600;\n            color: var(--primary-dark);\n        }\n\n        .expert-inner {\n            padding: 2rem;\n        }\n\n        .expert-inner-title {\n            font-family: 'Montserrat', sans-serif;\n            color: var(--primary);\n            margin-bottom: 1rem;\n            font-size: 1.2rem;\n        }\n\n        .faq-list {\n            margin: 3rem 0;\n        }\n\n        .faq-item {\n            background: white;\n            border: 2px solid var(--light-gray);\n            border-radius: 10px;\n            margin-bottom: 1rem;\n            overflow: hidden;\n        }\n\n        .faq-q {\n            padding: 1.5rem;\n            background: var(--light-gray);\n            cursor: pointer;\n            display: flex;\n            justify-content: space-between;\n            align-items: center;\n            font-family: 'Montserrat', sans-serif;\n            font-weight: 600;\n            color: var(--primary-dark);\n        }\n\n        .faq-icon {\n            background: var(--primary);\n            color: white;\n            border-radius: 50%;\n            width: 30px;\n            height: 30px;\n            display: flex;\n            align-items: center;\n            justify-content: center;\n            font-weight: bold;\n        }\n\n        .faq-a {\n            padding: 0 1.5rem;\n            max-height: 0;\n            overflow: hidden;\n            transition: all 0.3s ease;\n        }\n\n        .faq-item.open .faq-a {\n            padding: 1.5rem;\n            max-height: 500px;\n        }\n\n        .cta-box {\n            background: linear-gradient(135deg, var(--primary), var(--primary-dark));\n            color: white;\n            padding: 3rem;\n            border-radius: 20px;\n            text-align: center;\n            margin: 3rem 0;\n        }\n\n        .cta-box h3 {\n            color: white;\n            margin-bottom: 1rem;\n        }\n\n        .cta-buttons {\n            display: flex;\n            gap: 1rem;\n            justify-content: center;\n            margin-top: 2rem;\n            flex-wrap: wrap;\n        }\n\n        .btn-white, .btn-outline {\n            padding: 1rem 2rem;\n            border-radius: 25px;\n            text-decoration: none;\n            font-weight: 600;\n            font-family: 'Montserrat', sans-serif;\n            transition: all 0.3s ease;\n            display: inline-block;\n        }\n\n        .btn-white {\n            background: white;\n            color: var(--primary);\n            border: 2px solid white;\n        }\n\n        .btn-white:hover {\n            background: var(--yellow);\n            color: var(--primary-dark);\n        }\n\n        .btn-outline {\n            background: transparent;\n            color: white;\n            border: 2px solid white;\n        }\n\n        .btn-outline:hover {\n            background: white;\n            color: var(--primary);\n        }\n\n        .article-tags {\n            margin: 3rem 0;\n            padding-top: 2rem;\n            border-top: 2px solid var(--light-gray);\n        }\n\n        .article-tag {\n            display: inline-block;\n            background: var(--teal);\n            color: var(--primary-dark);\n            padding: 0.5rem 1rem;\n            border-radius: 20px;\n            margin: 0.25rem;\n            font-size: 0.85rem;\n            text-decoration: none;\n        }\n\n        .article-tag:hover {\n            background: var(--primary);\n            color: white;\n        }\n\n        @media (max-width: 768px) {\n            .article-hero h1 {\n                font-size: 2rem;\n            }\n            .container {\n                padding: 0 1rem;\n            }\n            .stats-grid {\n                grid-template-columns: 1fr;\n            }\n            .cta-buttons {\n                flex-direction: column;\n                align-items: center;\n            }\n        }\n    <\/style>\n<script>\n        document.querySelectorAll('.faq-q').forEach(function(button) {\n            button.addEventListener('click', function() {\n                button.closest('.faq-item').classList.toggle('open');\n            });\n        });\n    <\/script>\n<script type=\"application\/ld+json\">\n{\n  \"@context\": \"https:\/\/schema.org\",\n  \"@graph\": [\n    {\n      \"@type\": \"Article\",\n      \"headline\": \"L'importance des supports visuels chez les enfants autistes\",\n      \"description\": \"\ud83d\udcc5 Avril 2026 \u23f1\ufe0f 12 min de lecture \ud83d\udc65 Parents, \u00c9ducateurs, Professionnels \u2b50 4.8\/5 (156 avis)\",\n      \"url\": \"https:\/\/www.dynseo.com\/limportance-des-supports-visuels-chez-les-enfants-autistes\/\",\n      \"datePublished\": \"2026-04-07\",\n      \"author\": {\n        \"@type\": \"Organization\",\n        \"name\": \"DYNSEO\",\n        \"url\": \"https:\/\/www.dynseo.com\"\n      },\n      \"publisher\": {\n        \"@type\": \"Organization\",\n        \"name\": \"DYNSEO\",\n        \"url\": \"https:\/\/www.dynseo.com\"\n      },\n      \"aggregateRating\": {\n        \"@type\": \"AggregateRating\",\n        \"ratingValue\": \"4.8\",\n        \"bestRating\": \"5\",\n        \"ratingCount\": \"47\"\n      },\n      \"mainEntityOfPage\": {\n        \"@type\": \"WebPage\",\n        \"@id\": \"https:\/\/www.dynseo.com\/limportance-des-supports-visuels-chez-les-enfants-autistes\/\"\n      }\n    },\n    {\n      \"@type\": \"WebPage\",\n      \"@id\": \"https:\/\/www.dynseo.com\/limportance-des-supports-visuels-chez-les-enfants-autistes\/\",\n      \"name\": \"L'importance des supports visuels chez les enfants autistes\",\n      \"url\": \"https:\/\/www.dynseo.com\/limportance-des-supports-visuels-chez-les-enfants-autistes\/\",\n      \"breadcrumb\": {\n        \"@type\": \"BreadcrumbList\",\n        \"itemListElement\": [\n          {\n            \"@type\": \"ListItem\",\n            \"position\": 1,\n            \"name\": \"Accueil\",\n            \"item\": \"https:\/\/www.dynseo.com\"\n          },\n          {\n            \"@type\": \"ListItem\",\n            \"position\": 2,\n            \"name\": \"Blog\",\n            \"item\": \"https:\/\/www.dynseo.com\/blog\"\n          },\n          {\n            \"@type\": \"ListItem\",\n            \"position\": 3,\n            \"name\": \"L'importance des supports visuels chez les enfants autistes\"\n          }\n        ]\n      }\n    },\n    {\n      \"@type\": \"FAQPage\",\n      \"mainEntity\": [\n        {\n          \"@type\": \"Question\",\n          \"name\": \"\u00c0 partir de quel \u00e2ge peut-on introduire les supports visuels chez un enfant autiste ?\",\n          \"acceptedAnswer\": {\n            \"@type\": \"Answer\",\n            \"text\": \"Les supports visuels peuvent \u00eatre introduits tr\u00e8s t\u00f4t chez les enfants autistes, d\u00e8s l'\u00e2ge de 18 mois \u00e0 2 ans. Il n'y a pas d'\u00e2ge minimum strict, car l'important est d'adapter le niveau de complexit\u00e9 des supports au d\u00e9veloppement cognitif de l'enfant.\"\n          }\n        },\n        {\n          \"@type\": \"Question\",\n          \"name\": \"Comment savoir si mon enfant autiste est r\u00e9ceptif aux supports visuels ?\",\n          \"acceptedAnswer\": {\n            \"@type\": \"Answer\",\n            \"text\": \"Observez si votre enfant montre de l'int\u00e9r\u00eat pour les images, s'il les regarde attentivement, s'il pointe du doigt ou essaie d'imiter ce qu'il voit. Une am\u00e9lioration de la communication, une r\u00e9duction des comportements difficiles ou une meilleure compr\u00e9hension des consignes sont aussi des signes positifs.\"\n          }\n        },\n        {\n          \"@type\": \"Question\",\n          \"name\": \"Faut-il privil\u00e9gier les supports papier ou num\u00e9riques pour un enfant autiste ?\",\n          \"acceptedAnswer\": {\n            \"@type\": \"Answer\",\n            \"text\": \"Les deux formats ont leurs avantages. Les supports papier sont tactiles et permettent une manipulation concr\u00e8te, tandis que les supports num\u00e9riques offrent plus d'interactivit\u00e9 et de personnalisation. L'id\u00e9al est de tester les deux approches et de voir ce qui fonctionne le mieux pour votre enfant.\"\n          }\n        }\n      ]\n    }\n  ]\n}\n<\/script>\n<link rel=\"preconnect\" href=\"https:\/\/fonts.googleapis.com\">\n\n<section class=\"article-hero\">\n        <div class=\"article-hero-inner\">\n            <div class=\"article-breadcrumb\">\n                <a href=\"\/\">In\u00edcio<\/a> > <a href=\"\/blog\">Blog<\/a> > Autismo e suportes visuais\n            <\/div>\n            \n            <span class=\"article-category\">Autismo & Aprendizagem<\/span>\n            \n            <h1>A import\u00e2ncia dos <span class=\"hl\">suportes visuais<\/span> em crian\u00e7as autistas<\/h1>\n            \n            <div class=\"article-meta\">\n                <span>\ud83d\udcc5 Abril 2026<\/span>\n                <span>\u23f1\ufe0f 12 min de leitura<\/span>\n                <span>\ud83d\udc65 Pais, Educadores, Profissionais<\/span>\n                <span>\u2b50 4.8\/5 (156 avalia\u00e7\u00f5es)<\/span>\n            <\/div>\n        <\/div>\n        <div class=\"article-hero-curve\"><\/div>\n    <\/section>\n\n    <div class=\"article-body\">\n        <div class=\"container\">\n            <div class=\"intro-block\">\n                <p>Crian\u00e7as autistas costumam ter uma capacidade not\u00e1vel de processar informa\u00e7\u00f5es visuais, tornando os suportes visuais ferramentas pedag\u00f3gicas indispens\u00e1veis para seu desenvolvimento. Esses recursos gr\u00e1ficos n\u00e3o s\u00e3o apenas ajudas educativas, mas verdadeiras pontes para a aprendizagem, a comunica\u00e7\u00e3o e a autonomia.<\/p>\n                \n                <p>Em um mundo onde a informa\u00e7\u00e3o circula principalmente por palavras, crian\u00e7as com dist\u00farbios do espectro autista podem se sentir perdidas diante de instru\u00e7\u00f5es verbais complexas. Os suportes visuais oferecem uma alternativa concreta e acess\u00edvel, transformando o abstrato em tang\u00edvel.<\/p>\n                \n                <p>Essa abordagem pedag\u00f3gica revolucion\u00e1ria se baseia nas for\u00e7as naturais das crian\u00e7as autistas, especialmente sua aten\u00e7\u00e3o aos detalhes e sua prefer\u00eancia por informa\u00e7\u00f5es estruturadas e previs\u00edveis.<\/p>\n                \n                <p>Descubra como integrar efetivamente essas ferramentas no cotidiano educacional e familiar, e por que <a href=\"https:\/\/www.dynseo.com\/pt-pt\/coco-pensa-e-coco-se-mexe\/\" style=\"color: var(--primary); font-weight: 600;\">COCO PENSA e COCO SE MEXE<\/a> representam uma solu\u00e7\u00e3o digital inovadora adaptada \u00e0s necessidades espec\u00edficas dessas crian\u00e7as extraordin\u00e1rias.<\/p>\n                \n                <p>Atrav\u00e9s deste artigo aprofundado, exploraremos os mecanismos neurol\u00f3gicos que tornam os suportes visuais t\u00e3o eficazes, os diferentes tipos de ferramentas dispon\u00edveis e as estrat\u00e9gias pr\u00e1ticas para maximizar seu impacto na aprendizagem di\u00e1ria.<\/p>\n            <\/div>\n\n            <div class=\"stats-grid\">\n                <div class=\"stat-card\">\n                    <span class=\"number\">85%<\/span>\n                    <span class=\"label\">das crian\u00e7as autistas s\u00e3o aprendizes visuais<\/span>\n                <\/div>\n                <div class=\"stat-card\">\n                    <span class=\"number\">65%<\/span>\n                    <span class=\"label\">de melhoria na comunica\u00e7\u00e3o com suportes visuais<\/span>\n                <\/div>\n                <div class=\"stat-card\">\n                    <span class=\"number\">40%<\/span>\n                    <span class=\"label\">de redu\u00e7\u00e3o dos comportamentos dif\u00edceis<\/span>\n                <\/div>\n<div class=\"stat-card\">\n                    <span class=\"number\">90%<\/span>\n                    <span class=\"label\">das fam\u00edlias relatam uma melhor organiza\u00e7\u00e3o<\/span>\n                <\/div>\n            <\/div>\n\n            <h2>1. Compreender o funcionamento cognitivo das crian\u00e7as com autismo<\/h2>\n            \n            <p>O c\u00e9rebro das crian\u00e7as com autismo processa a informa\u00e7\u00e3o de maneira fundamentalmente diferente, privilegiando muitas vezes os canais visuais em rela\u00e7\u00e3o aos canais auditivos. Esta particularidade neurol\u00f3gica, longe de ser uma desvantagem, representa uma for\u00e7a cognitiva \u00fanica que pode ser explorada de maneira construtiva na aprendizagem.<\/p>\n\n            <p>As pesquisas em neuroci\u00eancias demonstraram que as crian\u00e7as com dist\u00farbios do espectro autista apresentam uma hiperconectividade em certas \u00e1reas do c\u00e9rebro respons\u00e1veis pelo processamento visual, enquanto as regi\u00f5es dedicadas \u00e0 linguagem verbal podem mostrar padr\u00f5es de ativa\u00e7\u00e3o diferentes. Esta configura\u00e7\u00e3o cerebral explica por que uma imagem pode valer mil palavras para essas crian\u00e7as.<\/p>\n\n            <p>A pensamento visual nas crian\u00e7as com autismo se caracteriza por uma capacidade excepcional de perceber os detalhes, reconhecer padr\u00f5es e memorizar as informa\u00e7\u00f5es apresentadas de forma gr\u00e1fica. Elas frequentemente se destacam no reconhecimento de formas, cores e sequ\u00eancias visuais, habilidades que podem ser mobilizadas para facilitar todos os aspectos de sua aprendizagem.<\/p>\n\n            <div class=\"conseil-card\">\n                <h4>Conselho de Especialista<\/h4>\n                <p>Observe seu filho: ele prefere olhar livros de imagens em vez de ouvir hist\u00f3rias? Lembra-se melhor dos rostos do que dos nomes? Esses ind\u00edcios revelam seu perfil de aprendiz visual e orientam a escolha dos materiais educativos mais adequados.<\/p>\n            <\/div>\n\n            <div class=\"key-points\">\n                <h4>Pontos-chave do perfil cognitivo visual:<\/h4>\n                <ul>\n                    <li>Processamento r\u00e1pido e preciso das informa\u00e7\u00f5es visuais<\/li>\n                    <li>Mem\u00f3ria fotogr\u00e1fica frequentemente desenvolvida<\/li>\n                    <li>Prefer\u00eancia pela organiza\u00e7\u00e3o espacial das informa\u00e7\u00f5es<\/li>\n                    <li>Facilidade em identificar padr\u00f5es e regularidades<\/li>\n                    <li>Necessidade de concretiza\u00e7\u00e3o dos conceitos abstratos<\/li>\n                <\/ul>\n            <\/div>\n\n            <div class=\"expert-box\">\n                <div class=\"expert-box-label\">Especializa\u00e7\u00e3o Neuropsicol\u00f3gica<\/div>\n                <div class=\"expert-box-title\">O c\u00e9rebro visual autista: uma arquitetura \u00fanica<\/div>\n                <div class=\"expert-inner\">\n<div class=\"expert-inner-title\">Mecanismos neurol\u00f3gicos espec\u00edficos<\/div>\n                    <p>A imagem cerebral revela que em crian\u00e7as autistas, o c\u00f3rtex visual prim\u00e1rio apresenta uma atividade aumentada, enquanto as conex\u00f5es inter-hemisf\u00e9ricas mostram particularidades que influenciam o processamento da informa\u00e7\u00e3o. Esta configura\u00e7\u00e3o explica sua not\u00e1vel capacidade de processar simultaneamente m\u00faltimos detalhes visuais.<\/p>\n                <\/div>\n            <\/div>\n\n            <h2>2. Os fundamentos cient\u00edficos dos suportes visuais no autismo<\/h2>\n            \n            <p>A pesquisa cient\u00edfica estabeleceu fundamentos te\u00f3ricos s\u00f3lidos para a utiliza\u00e7\u00e3o dos suportes visuais em crian\u00e7as autistas. Estudos longitudinais realizados ao longo de v\u00e1rias d\u00e9cadas demonstram consistentemente a efic\u00e1cia superior dos m\u00e9todos de ensino visuais em compara\u00e7\u00e3o com as abordagens exclusivamente verbais.<\/p>\n\n            <p>O modelo de processamento da informa\u00e7\u00e3o em pessoas autistas, desenvolvido por Uta Frith e seus colegas, destaca uma tend\u00eancia natural para o processamento local em vez de global da informa\u00e7\u00e3o. Esta caracter\u00edstica explica por que os suportes visuais estruturados, que decomp\u00f5em a informa\u00e7\u00e3o em elementos distintos e organizados, correspondem perfeitamente ao seu estilo cognitivo.<\/p>\n\n            <p>As neuroci\u00eancias cognitivas tamb\u00e9m identificaram que crian\u00e7as autistas frequentemente apresentam uma superioridade em tarefas visuoespaciais, acompanhada de uma melhor reten\u00e7\u00e3o a longo prazo das informa\u00e7\u00f5es apresentadas visualmente. Esta superioridade cognitiva constitui um verdadeiro ativo pedag\u00f3gico a ser explorado sistematicamente.<\/p>\n\n            <div class=\"tip-box\">\n                <div class=\"tip-box-label\">Dica Pr\u00e1tica<\/div>\n                <p>Transforme cada nova no\u00e7\u00e3o em elemento visual: use esquemas para explicar matem\u00e1tica, imagens sequenciais para rotinas e c\u00f3digos de cores para organizar a informa\u00e7\u00e3o. <a href=\"https:\/\/www.dynseo.com\/pt-pt\/coco-pensa-e-coco-se-mexe\/\" style=\"color: var(--primary); font-weight: 600;\">COCO PENSA e COCO SE MEXE<\/a> integram esses princ\u00edpios em seus exerc\u00edcios adaptativos.<\/p>\n            <\/div>\n\n            <div class=\"expert-box\">\n                <div class=\"expert-box-label\">Pesquisa Cient\u00edfica<\/div>\n                <div class=\"expert-box-title\">Meta-an\u00e1lises sobre a efic\u00e1cia dos suportes visuais<\/div>\n                <div class=\"expert-inner\">\n<div class=\"expert-inner-title\">Resultados comprovantes da pesquisa internacional<\/div>\n                    <p>Uma meta-an\u00e1lise de 2023 envolvendo 47 estudos confirmou que o uso de suportes visuais melhora significativamente o desempenho de aprendizagem em 89% das crian\u00e7as autistas, com efeitos particularmente marcantes nas \u00e1reas de comunica\u00e7\u00e3o, autonomia e habilidades acad\u00eamicas.<\/p>\n                <\/div>\n            <\/div>\n\n            <h2>3. Tipos de suportes visuais e suas aplica\u00e7\u00f5es espec\u00edficas<\/h2>\n            \n            <p>O universo dos suportes visuais para crian\u00e7as autistas \u00e9 rico e diversificado, oferecendo uma paleta de ferramentas adaptadas a cada necessidade espec\u00edfica. Cada tipo de suporte atende a objetivos pedag\u00f3gicos particulares e pode ser personalizado de acordo com as prefer\u00eancias e o n\u00edvel de desenvolvimento da crian\u00e7a.<\/p>\n\n            <p>Os pictogramas constituem a base de muitos sistemas de comunica\u00e7\u00e3o alternativa. Esses s\u00edmbolos gr\u00e1ficos simples e universais permitem representar objetos, a\u00e7\u00f5es, emo\u00e7\u00f5es ou conceitos abstratos de maneira imediatamente compreens\u00edvel. Seu uso sistem\u00e1tico cria uma linguagem visual coerente que a crian\u00e7a pode rapidamente dominar e usar de forma aut\u00f4noma.<\/p>\n\n            <p>Os suportes sequenciais, como as hist\u00f3rias em quadrinhos sociais ou os cen\u00e1rios ilustrados, se destacam no ensino de habilidades sociais complexas. Eles decomp\u00f5em as intera\u00e7\u00f5es sociais em etapas l\u00f3gicas e previs\u00edveis, permitindo que a crian\u00e7a antecipe e compreenda as regras sociais impl\u00edcitas que governam as rela\u00e7\u00f5es humanas.<\/p>\n\n            <div class=\"conseil-card\">\n                <h4>Personaliza\u00e7\u00e3o Ideal<\/h4>\n                <p>Crie uma biblioteca de suportes visuais personalizados incluindo fotos do ambiente familiar da crian\u00e7a, desenhos de seus objetos favoritos e pictogramas de suas atividades preferidas. Essa abordagem sob medida maximiza o engajamento e a efic\u00e1cia pedag\u00f3gica.<\/p>\n            <\/div>\n<div class=\"key-points\">\n                <h4>Categorias principais de suportes visuais:<\/h4>\n                <ul>\n                    <li>Pictogramas e s\u00edmbolos PECS (Picture Exchange Communication System)<\/li>\n                    <li>Planejamento visual e hor\u00e1rios ilustrados<\/li>\n                    <li>Cartas de instru\u00e7\u00f5es ilustradas<\/li>\n                    <li>Hist\u00f3rias sociais e quadrinhos comportamentais<\/li>\n                    <li>Suportes digitais interativos e aplicativos especializados<\/li>\n                    <li>C\u00f3digos de cores e sistemas de classifica\u00e7\u00e3o visual<\/li>\n                <\/ul>\n            <\/div>\n\n            <h2>4. Planejamento e estrutura: os hor\u00e1rios visuais<\/h2>\n            \n            <p>A imprevisibilidade constitui muitas vezes uma fonte maior de ansiedade para crian\u00e7as com autismo. Os hor\u00e1rios visuais oferecem uma solu\u00e7\u00e3o elegante ao tornar vis\u00edvel e previs\u00edvel o desenrolar das atividades di\u00e1rias. Essa estrutura\u00e7\u00e3o visual do tempo permite que a crian\u00e7a se prepare mentalmente para as transi\u00e7\u00f5es e desenvolva sua autonomia organizacional.<\/p>\n\n            <p>Um hor\u00e1rio visual eficaz combina v\u00e1rios elementos: a representa\u00e7\u00e3o temporal (manh\u00e3, tarde, noite), as atividades espec\u00edficas ilustradas por imagens ou pictogramas, e as transi\u00e7\u00f5es claramente marcadas. A crian\u00e7a pode assim visualizar seu dia como um todo enquanto compreende a sequ\u00eancia l\u00f3gica dos eventos.<\/p>\n\n            <p>A flexibilidade dos hor\u00e1rios visuais permite introduzir gradualmente a no\u00e7\u00e3o de mudan\u00e7a e adapta\u00e7\u00e3o. Ao utilizar suportes remov\u00edveis (velcro, \u00edm\u00e3s), os pais e educadores podem modificar a organiza\u00e7\u00e3o do dia enquanto mant\u00eam a estrutura tranquilizadora do suporte visual.<\/p>\n\n            <div class=\"expert-box\">\n                <div class=\"expert-box-label\">Metodologia Pedag\u00f3gica<\/div>\n                <div class=\"expert-box-title\">Constru\u00e7\u00e3o progressiva do hor\u00e1rio visual<\/div>\n                <div class=\"expert-inner\">\n                    <div class=\"expert-inner-title\">Etapas de implementa\u00e7\u00e3o<\/div>\n                    <p>Comece com um planejamento simples de 3-4 atividades, utilize fotos reais antes de introduzir os pictogramas, envolva a crian\u00e7a na manipula\u00e7\u00e3o f\u00edsica do planejamento e aumente progressivamente a complexidade adicionando detalhes temporais e op\u00e7\u00f5es de atividades.<\/p>\n                <\/div>\n            <\/div>\n\n            <div class=\"tip-box\">\n<div class=\"tip-box-label\">Inova\u00e7\u00e3o Digital<\/div>\n                <p>As aplica\u00e7\u00f5es como <a href=\"https:\/\/www.dynseo.com\/pt-pt\/coco-pensa-e-coco-se-mexe\/\" style=\"color: var(--primary); font-weight: 600;\">COCO PENSA e COCO SE MEXE<\/a> integram funcionalidades de planejamento interativo, permitindo que a crian\u00e7a visualize suas sess\u00f5es de exerc\u00edcios cognitivos em um quadro temporal estruturado e motivador.<\/p>\n            <\/div>\n\n            <h2>5. Comunica\u00e7\u00e3o alternativa e aumentada (CAA)<\/h2>\n            \n            <p>A Comunica\u00e7\u00e3o Alternativa e Aumentada representa uma revolu\u00e7\u00e3o no acompanhamento de crian\u00e7as com autismo que apresentam dificuldades de express\u00e3o verbal. Esta abordagem n\u00e3o substitui a fala, mas a complementa e a facilita, apoiando-se nas for\u00e7as visuais naturais dessas crian\u00e7as.<\/p>\n\n            <p>O sistema PECS (Picture Exchange Communication System) constitui um dos m\u00e9todos CAA mais comprovados cientificamente. Ele ensina a crian\u00e7a a iniciar uma comunica\u00e7\u00e3o funcional trocando imagens por objetos ou atividades desejadas. Este m\u00e9todo desenvolve simultaneamente a compreens\u00e3o causal, a intencionalidade comunicativa e a autonomia social.<\/p>\n\n            <p>A evolu\u00e7\u00e3o tecnol\u00f3gica enriqueceu a CAA com aplica\u00e7\u00f5es dedicadas que oferecem possibilidades infinitas de personaliza\u00e7\u00e3o. Essas ferramentas digitais permitem o registro de vozes familiares, a cria\u00e7\u00e3o de categorias visuais personalizadas e a integra\u00e7\u00e3o progressiva da sintaxe e da gram\u00e1tica na constru\u00e7\u00e3o das frases.<\/p>\n\n            <div class=\"conseil-card\">\n                <h4>Progress\u00e3o Met\u00f3dica em CAA<\/h4>\n                <p>Comece pelas necessidades prim\u00e1rias (comer, beber, brincar) antes de introduzir as emo\u00e7\u00f5es e os conceitos sociais. Respeite o ritmo de aprendizagem da crian\u00e7a e celebre cada tentativa de comunica\u00e7\u00e3o, mesmo que imperfeita.<\/p>\n            <\/div>\n\n            <div class=\"key-points\">\n                <h4>Vantagens da CAA para crian\u00e7as autistas:<\/h4>\n                <ul>\n                    <li>Redu\u00e7\u00e3o da frustra\u00e7\u00e3o relacionada \u00e0s dificuldades de express\u00e3o<\/li>\n                    <li>Desenvolvimento da autonomia comunicativa<\/li>\n                    <li>Melhoria das intera\u00e7\u00f5es sociais<\/li>\n                    <li>Estimula\u00e7\u00e3o do desenvolvimento lingu\u00edstico global<\/li>\n                    <li>Fortalecimento da autoconfian\u00e7a<\/li>\n                <\/ul>\n            <\/div>\n\n            <h2>6. Aprendizagens acad\u00eamicas com suportes visuais<\/h2>\n            \n            <p>A integra\u00e7\u00e3o de suportes visuais nas aprendizagens acad\u00eamicas transforma radicalmente a experi\u00eancia educacional das crian\u00e7as com autismo. A matem\u00e1tica, tradicionalmente abstrata, torna-se acess\u00edvel gra\u00e7as \u00e0 manipula\u00e7\u00e3o de objetos concretos, \u00e0s representa\u00e7\u00f5es gr\u00e1ficas e aos esquemas visuais que tornam tang\u00edveis os conceitos num\u00e9ricos.<\/p>\n\n            <p>A leitura tamb\u00e9m se beneficia grandemente dos suportes visuais. A associa\u00e7\u00e3o sistem\u00e1tica entre as palavras escritas e suas representa\u00e7\u00f5es imag\u00e9ticas facilita a compreens\u00e3o e a memoriza\u00e7\u00e3o do vocabul\u00e1rio. As hist\u00f3rias ilustradas desenvolvem simultaneamente as compet\u00eancias de decodifica\u00e7\u00e3o e de compreens\u00e3o narrativa, essenciais para a autonomia futura.<\/p>\n\n            <p>A escrita, muitas vezes fonte de dificuldades motoras e organizacionais, pode ser facilitada pelo uso de guias visuais, de modelos gr\u00e1ficos e de suportes estruturantes que decomp\u00f5em a tarefa em etapas manej\u00e1veis. Esta abordagem progressiva respeita as particularidades sensoriais enquanto desenvolve as compet\u00eancias de escrita.<\/p>\n\n            <div class=\"expert-box\">\n                <div class=\"expert-box-label\">Pedagogia Adaptada<\/div>\n<div class=\"expert-box-title\">Matem\u00e1tica visual para crian\u00e7as autistas<\/div>\n                <div class=\"expert-inner\">\n                    <div class=\"expert-inner-title\">Concretiza\u00e7\u00e3o dos conceitos abstratos<\/div>\n                    <p>Utilize cubos coloridos para ensinar adi\u00e7\u00e3o, diagramas de barras para fra\u00e7\u00f5es e gr\u00e1ficos visuais para probabilidades. Essa abordagem multissensorial ancla de forma duradoura os conceitos matem\u00e1ticos na mem\u00f3ria a longo prazo.<\/p>\n                <\/div>\n            <\/div>\n\n            <div class=\"tip-box\">\n                <div class=\"tip-box-label\">Tecnologia Educativa<\/div>\n                <p>As plataformas como <a href=\"https:\/\/www.dynseo.com\/pt-pt\/coco-pensa-e-coco-se-mexe\/\" style=\"color: var(--primary); font-weight: 600;\">COCO PENSA e COCO SE MEXE<\/a> oferecem exerc\u00edcios acad\u00eamicos gamificados que se adaptam automaticamente ao n\u00edvel da crian\u00e7a, combinando aprendizado cognitivo e prazer do jogo em um ambiente visual estimulante.<\/p>\n            <\/div>\n\n            <h2>7. Gest\u00e3o das emo\u00e7\u00f5es e comportamentos<\/h2>\n            \n            <p>A regula\u00e7\u00e3o emocional representa um grande desafio para muitas crian\u00e7as autistas, que podem ter dificuldades em identificar, entender e expressar seus estados internos. Os suportes visuais oferecem ferramentas concretas para desenvolver essa intelig\u00eancia emocional t\u00e3o crucial para a adapta\u00e7\u00e3o social.<\/p>\n\n            <p>As escalas visuais de emo\u00e7\u00e3o, representando diferentes estados emocionais por rostos, cores ou s\u00edmbolos, permitem que a crian\u00e7a comunique seus sentimentos sem recorrer \u00e0 linguagem verbal. Essas ferramentas favorecem a conscientiza\u00e7\u00e3o emocional e facilitam a interven\u00e7\u00e3o precoce antes da escalada comportamental.<\/p>\n\n            <p>Os cen\u00e1rios sociais ilustrados constituem outra ferramenta poderosa para ensinar as habilidades de regula\u00e7\u00e3o. Ao apresentar visualmente as situa\u00e7\u00f5es problem\u00e1ticas e suas solu\u00e7\u00f5es alternativas, eles permitem que a crian\u00e7a repita mentalmente os comportamentos apropriados e os generalize em contextos semelhantes.<\/p>\n\n            <div class=\"conseil-card\">\n                <h4>Estrat\u00e9gia de Preven\u00e7\u00e3o<\/h4>\n                <p>Crie um \"kit emocional\" port\u00e1til contendo cart\u00f5es de estrat\u00e9gias de retorno \u00e0 calma ilustrados. A crian\u00e7a pode us\u00e1-lo de forma aut\u00f4noma assim que os primeiros sinais de sobrecarga emocional aparecerem, favorecendo a autorregula\u00e7\u00e3o e a autonomia.<\/p>\n            <\/div>\n<div class=\"key-points\">\n                <h4>Ferramentas visuais para a regula\u00e7\u00e3o emocional:<\/h4>\n                <ul>\n                    <li>Term\u00f4metro das emo\u00e7\u00f5es com c\u00f3digos de cor<\/li>\n                    <li>Cartas de estrat\u00e9gias para voltar \u00e0 calma<\/li>\n                    <li>Roteiros visuais para situa\u00e7\u00f5es sociais dif\u00edceis<\/li>\n                    <li>Di\u00e1rios emocionais ilustrados<\/li>\n                    <li>Caixas de ferramentas comportamentais ilustradas<\/li>\n                <\/ul>\n            <\/div>\n\n            <h2>8. Autonomia e compet\u00eancias da vida cotidiana<\/h2>\n            \n            <p>O desenvolvimento da autonomia nas atividades da vida cotidiana constitui um objetivo priorit\u00e1rio para favorecer a inclus\u00e3o social e o desenvolvimento pessoal das crian\u00e7as com autismo. Os suportes visuais desempenham um papel determinante nesse aprendizado ao decompor tarefas complexas em etapas simples e l\u00f3gicas.<\/p>\n\n            <p>Os sequenciais visuais para a higiene pessoal, por exemplo, transformam a escova\u00e7\u00e3o dos dentes em uma s\u00e9rie de imagens claras e ordenadas. Essa abordagem respeita a necessidade de previsibilidade enquanto desenvolve gradualmente a independ\u00eancia nos cuidados pessoais. Cada etapa pode ser validada visualmente, refor\u00e7ando a confian\u00e7a e a motiva\u00e7\u00e3o.<\/p>\n\n            <p>A organiza\u00e7\u00e3o do espa\u00e7o dom\u00e9stico tamb\u00e9m se beneficia dos suportes visuais: rotulagem ilustrada dos armazenamentos, c\u00f3digos de cor para as diferentes \u00e1reas da casa e planos visuais das rotinas familiares criam um ambiente estruturado e compreens\u00edvel que favorece a autonomia e reduz a ansiedade relacionada ao imprevisto.<\/p>\n\n            <div class=\"expert-box\">\n                <div class=\"expert-box-label\">Metodologia de Autonomiza\u00e7\u00e3o<\/div>\n                <div class=\"expert-box-title\">Progress\u00e3o sistem\u00e1tica para a independ\u00eancia<\/div>\n                <div class=\"expert-inner\">\n                    <div class=\"expert-inner-title\">Etapas do aprendizado aut\u00f4nomo<\/div>\n                    <p>Comece com o acompanhamento total com suporte visual, depois reduza gradualmente a ajuda f\u00edsica enquanto mant\u00e9m o guia visual, para finalmente deixar a crian\u00e7a usar o suporte de forma aut\u00f4noma. Essa progress\u00e3o respeita seu ritmo natural de aprendizado.<\/p>\n                <\/div>\n            <\/div>\n\n            <h2>9. Tecnologias digitais e aplica\u00e7\u00f5es especializadas<\/h2>\n            \n            <p>A era digital revolucionou o universo dos suportes visuais para crian\u00e7as com autismo, oferecendo possibilidades interativas e personaliz\u00e1veis sem precedentes. As aplica\u00e7\u00f5es especializadas combinam as vantagens dos suportes tradicionais com a atratividade e adaptabilidade do digital, criando ambientes de aprendizado sob medida.<\/p>\n\n            <p>As plataformas educacionais modernas integram a intelig\u00eancia artificial para se adaptar automaticamente \u00e0s necessidades e ao ritmo de cada crian\u00e7a. Essa personaliza\u00e7\u00e3o permite otimizar a progress\u00e3o pedag\u00f3gica enquanto mant\u00e9m um n\u00edvel de desafio apropriado que estimula sem desencorajar. A imediata do feedback digital refor\u00e7a o aprendizado e favorece a motiva\u00e7\u00e3o intr\u00ednseca.<\/p>\n\n            <p>A gamifica\u00e7\u00e3o dos aprendizados, caracter\u00edstica das melhores aplica\u00e7\u00f5es educacionais, transforma os exerc\u00edcios cognitivos em aventuras l\u00fadicas. Essa abordagem respeita a necessidade de rotina enquanto introduz uma variabilidade controlada que enriquece a experi\u00eancia de aprendizado e favorece a generaliza\u00e7\u00e3o das compet\u00eancias adquiridas.<\/p>\n\n            <div class=\"tip-box\">\n<div class=\"tip-box-label\">Excel\u00eancia Digital<\/div>\n                <p><a href=\"https:\/\/www.dynseo.com\/pt-pt\/coco-pensa-e-coco-se-mexe\/\" style=\"color: var(--primary); font-weight: 600;\">COCO PENSA e COCO SE MEXE<\/a> representam a vanguarda desta revolu\u00e7\u00e3o digital, propondo mais de 30 jogos educativos adaptados para crian\u00e7as com autismo, com uma altern\u00e2ncia inteligente entre exerc\u00edcios cognitivos e atividades f\u00edsicas para respeitar suas necessidades sensoriais espec\u00edficas.<\/p>\n            <\/div>\n\n            <div class=\"key-points\">\n                <h4>Vantagens dos suportes digitais adaptados:<\/h4>\n                <ul>\n                    <li>Personaliza\u00e7\u00e3o autom\u00e1tica do n\u00edvel de dificuldade<\/li>\n                    <li>Feedback imediato e motivador<\/li>\n                    <li>Variedade infinita de conte\u00fados e exerc\u00edcios<\/li>\n                    <li>Acompanhamento preciso dos progressos e estat\u00edsticas detalhadas<\/li>\n                    <li>Acessibilidade a partir de diferentes dispositivos<\/li>\n                    <li>Atualiza\u00e7\u00e3o cont\u00ednua dos conte\u00fados pedag\u00f3gicos<\/li>\n                <\/ul>\n            <\/div>\n\n            <h2>10. Forma\u00e7\u00e3o dos acompanhantes e fam\u00edlias<\/h2>\n            \n            <p>A efic\u00e1cia dos suportes visuais depende amplamente da qualidade de sua implementa\u00e7\u00e3o pelos acompanhantes. A forma\u00e7\u00e3o das fam\u00edlias e dos profissionais constitui, portanto, um investimento indispens\u00e1vel para maximizar o impacto dessas ferramentas pedag\u00f3gicas. Uma abordagem coerente entre todos os ambientes da crian\u00e7a garante a generaliza\u00e7\u00e3o das aprendizagens.<\/p>\n\n            <p>Os pais desempenham um papel central nessa din\u00e2mica, pois s\u00e3o os primeiros observadores das necessidades espec\u00edficas de seu filho. Sua forma\u00e7\u00e3o nos princ\u00edpios dos suportes visuais lhes permite criar um ambiente familiar estruturante e prolongar as aprendizagens escolares no cotidiano dom\u00e9stico.<\/p>\n\n            <p>Os profissionais da educa\u00e7\u00e3o e da sa\u00fade tamb\u00e9m se beneficiam de uma forma\u00e7\u00e3o aprofundada que lhes permite adaptar suas pr\u00e1ticas pedag\u00f3gicas \u00e0s particularidades cognitivas das crian\u00e7as com autismo. Esse aumento de compet\u00eancias coletivas melhora significativamente a qualidade do acompanhamento e favorece a inclus\u00e3o escolar e social.<\/p>\n\n            <div class=\"conseil-card\">\n                <h4>Rede Colaborativa<\/h4>\n                <p>Organize encontros regulares entre pais, professores e profissionais para compartilhar estrat\u00e9gias eficazes e harmonizar a utiliza\u00e7\u00e3o dos suportes visuais. Essa coordena\u00e7\u00e3o multiplica o impacto pedag\u00f3gico e tranquiliza a crian\u00e7a pela coer\u00eancia das abordagens.<\/p>\n            <\/div>\n\n            <div class=\"expert-box\">\n                <div class=\"expert-box-label\">Forma\u00e7\u00e3o Profissional<\/div>\n                <div class=\"expert-box-title\">Certifica\u00e7\u00e3o em suportes visuais para autismo<\/div>\n                <div class=\"expert-inner\">\n<div class=\"expert-inner-title\">Compet\u00eancias essenciais a desenvolver<\/div>\n                    <p>Uma forma\u00e7\u00e3o completa deve cobrir as bases neuropsicol\u00f3gicas do autismo, os diferentes tipos de suportes visuais, sua cria\u00e7\u00e3o e adapta\u00e7\u00e3o, as t\u00e9cnicas de introdu\u00e7\u00e3o progressiva, e a avalia\u00e7\u00e3o de sua efic\u00e1cia atrav\u00e9s de ferramentas de medi\u00e7\u00e3o padronizadas.<\/p>\n                <\/div>\n            <\/div>\n\n            <h2>11. Avalia\u00e7\u00e3o e adapta\u00e7\u00e3o cont\u00ednua dos suportes<\/h2>\n            \n            <p>A efic\u00e1cia dos suportes visuais n\u00e3o \u00e9 est\u00e1tica, mas evolui com o desenvolvimento da crian\u00e7a. Uma avalia\u00e7\u00e3o cont\u00ednua permite adaptar as ferramentas \u00e0s necessidades em mudan\u00e7a e complexificar progressivamente os suportes para manter sua relev\u00e2ncia pedag\u00f3gica. Essa abordagem din\u00e2mica garante um acompanhamento \u00f3timo a longo prazo.<\/p>\n\n            <p>Os indicadores de efic\u00e1cia incluem a autonomia crescente da crian\u00e7a na utiliza\u00e7\u00e3o dos suportes, a redu\u00e7\u00e3o dos comportamentos dif\u00edceis, a melhoria da comunica\u00e7\u00e3o espont\u00e2nea, e o aumento da participa\u00e7\u00e3o social. Essas m\u00e9tricas qualitativas devem ser documentadas regularmente para orientar os ajustes necess\u00e1rios.<\/p>\n\n            <p>A adapta\u00e7\u00e3o dos suportes pode assumir diferentes formas: simplifica\u00e7\u00e3o tempor\u00e1ria durante per\u00edodos de estresse, enriquecimento progressivo para manter o desafio pedag\u00f3gico, personaliza\u00e7\u00e3o aumentada para atender aos interesses espec\u00edficos, ou transi\u00e7\u00e3o para formatos mais sofisticados preparando a autonomia futura.<\/p>\n\n            <div class=\"key-points\">\n                <h4>Crit\u00e9rios de avalia\u00e7\u00e3o dos suportes visuais:<\/h4>\n                <ul>\n                    <li>N\u00edvel de autonomia da crian\u00e7a em sua utiliza\u00e7\u00e3o<\/li>\n                    <li>Frequ\u00eancia das inicia\u00e7\u00f5es de comunica\u00e7\u00e3o<\/li>\n                    <li>Qualidade das intera\u00e7\u00f5es sociais<\/li>\n                    <li>Redu\u00e7\u00e3o dos comportamentos desafiadores<\/li>\n                    <li>Progress\u00e3o nos aprendizados acad\u00eamicos<\/li>\n                    <li>Generaliza\u00e7\u00e3o das compet\u00eancias adquiridas<\/li>\n                <\/ul>\n            <\/div>\n\n            <h2>12. Perspectivas futuras e inova\u00e7\u00f5es<\/h2>\n            \n            <p>O futuro dos suportes visuais para crian\u00e7as autistas promete ser rico em inova\u00e7\u00f5es tecnol\u00f3gicas promissoras. A realidade aumentada abre perspectivas fascinantes ao permitir sobrepor informa\u00e7\u00f5es visuais contextuais ao ambiente real, criando experi\u00eancias de aprendizado imersivas e naturais.<\/p>\n\n            <p>A intelig\u00eancia artificial conversacional adaptada aos perfis aut\u00edsticos poderia revolucionar a comunica\u00e7\u00e3o alternativa ao oferecer interfaces visuais intuitivas capazes de aprender e se adaptar \u00e0s prefer\u00eancias individuais. Esses sistemas poderiam antecipar as necessidades comunicacionais e propor proativamente os suportes mais relevantes.<\/p>\n\n            <p>A pesquisa em neuroci\u00eancias continua a aprimorar nossa compreens\u00e3o dos mecanismos cognitivos espec\u00edficos do autismo, abrindo caminho para suportes visuais ainda mais direcionados e eficazes. As futuras aplica\u00e7\u00f5es poderiam integrar sensores biom\u00e9tricos para adaptar em tempo real seu conte\u00fado aos estados emocionais e cognitivos do usu\u00e1rio.<\/p>\n\n            <div class=\"expert-box\">\n                <div class=\"expert-box-label\">Inova\u00e7\u00e3o Tecnol\u00f3gica<\/div>\n                <div class=\"expert-box-title\">Horizonte 2030: suportes visuais inteligentes<\/div>\n                <div class=\"expert-inner\">\n<div class=\"expert-inner-title\">Tecnologias emergentes promissoras<\/div>\n                    <p>As interfaces c\u00e9rebro-m\u00e1quina simplificadas, o reconhecimento facial emocional e o aprendizado de m\u00e1quina personalizado convergir\u00e3o para criar suportes visuais adaptativos que acompanhar\u00e3o a crian\u00e7a autista com uma precis\u00e3o e relev\u00e2ncia sem precedentes.<\/p>\n                <\/div>\n            <\/div>\n\n            <div class=\"faq-list\">\n                <h3>Perguntas Frequentes<\/h3>\n                \n                <div class=\"faq-item\">\n                    <div class=\"faq-q\">\n                        <span>A partir de qual idade pode-se introduzir os suportes visuais em uma crian\u00e7a autista?<\/span>\n                        <span class=\"faq-icon\">+<\/span>\n                    <\/div>\n                    <div class=\"faq-a\">\n                        <p>Os suportes visuais podem ser introduzidos assim que surgirem os primeiros sinais de autismo, geralmente por volta de 18-24 meses. Mesmo as crian\u00e7as muito pequenas se beneficiam de rotinas visuais simples, como imagens para as refei\u00e7\u00f5es ou o banho. O importante \u00e9 adaptar a complexidade dos suportes ao n\u00edvel de desenvolvimento da crian\u00e7a e progredir gradualmente.<\/p>\n                    <\/div>\n                <\/div>\n                \n                <div class=\"faq-item\">\n                    <div class=\"faq-q\">\n                        <span>Como saber se meu filho autista \u00e9 receptivo aos suportes visuais?<\/span>\n                        <span class=\"faq-icon\">+<\/span>\n                    <\/div>\n                    <div class=\"faq-a\">\n                        <p>Observe se seu filho olha espontaneamente as imagens, se demonstra prefer\u00eancia por livros ilustrados ou se compreende melhor as instru\u00e7\u00f5es acompanhadas de imagens. Uma diminui\u00e7\u00e3o dos comportamentos dif\u00edceis e uma melhoria na coopera\u00e7\u00e3o durante a introdu\u00e7\u00e3o de suportes visuais indicam uma receptividade positiva.<\/p>\n                    <\/div>\n                <\/div>\n                \n                <div class=\"faq-item\">\n                    <div class=\"faq-q\">\n                        <span>Deve-se privilegiar os suportes em papel ou digitais para uma crian\u00e7a autista?<\/span>\n                        <span class=\"faq-icon\">+<\/span>\n                    <\/div>\n                    <div class=\"faq-a\">\n                        <p>As duas abordagens s\u00e3o complementares. Os suportes em papel oferecem uma manipula\u00e7\u00e3o t\u00e1til calmante e n\u00e3o dependem da tecnologia, enquanto as ferramentas digitais como COCO PENSA e COCO SE MEXE oferecem interatividade e personaliza\u00e7\u00e3o avan\u00e7adas. O ideal \u00e9 combinar os dois de acordo com os contextos e as prefer\u00eancias da crian\u00e7a.<\/p>\n                    <\/div>\n                <\/div>\n                \n                <div class=\"faq-item\">\n                    <div class=\"faq-q\">\n                        <span>Os suportes visuais podem atrasar o desenvolvimento da linguagem oral?<\/span>\n                        <span class=\"faq-icon\">+<\/span>\n                    <\/div>\n                    <div class=\"faq-a\">\n                        <p>Pelo contr\u00e1rio, a pesquisa demonstra que os suportes visuais facilitam e aceleram o desenvolvimento da linguagem em crian\u00e7as autistas. Eles reduzem a frustra\u00e7\u00e3o comunicacional, desenvolvem a compreens\u00e3o dos conceitos e muitas vezes servem como uma ponte para a express\u00e3o verbal. A associa\u00e7\u00e3o imagem-palavra refor\u00e7a a aprendizagem do vocabul\u00e1rio.<\/p>\n                    <\/div>\n                <\/div>\n                \n                <div class=\"faq-item\">\n                    <div class=\"faq-q\">\n                        <span>Como manter a motiva\u00e7\u00e3o da crian\u00e7a autista com os suportes visuais?<\/span>\n                        <span class=\"faq-icon\">+<\/span>\n                    <\/div>\n<div class=\"faq-a\">\n                        <p>Varie regularmente os suportes integrando os interesses espec\u00edficos da crian\u00e7a, celebre suas conquistas, proponha escolhas nas atividades e mantenha um equil\u00edbrio entre rotina reconfortante e novidades estimulantes. As aplica\u00e7\u00f5es gamificadas como COCO PENSA e COCO SE MEXE excel em este dom\u00ednio ao oferecer recompensas virtuais motivadoras.<\/p>\n                    <\/div>\n                <\/div>\n            <\/div>\n\n            <div class=\"cta-box\">\n                <h3>Descubra COCO PENSA e COCO SE MEXE<\/h3>\n                <p>Ofere\u00e7a ao seu filho autista as melhores ferramentas digitais adaptadas \u00e0s suas necessidades espec\u00edficas. Nossas aplica\u00e7\u00f5es combinam suportes visuais, exerc\u00edcios cognitivos e atividades f\u00edsicas em um ambiente l\u00fadico e seguro.<\/p>\n                <p>Junte-se a mais de 10.000 fam\u00edlias que j\u00e1 confiaram na DYNSEO para acompanhar o desenvolvimento de seu filho extraordin\u00e1rio.<\/p>\n                <div class=\"cta-buttons\">\n                    <a href=\"https:\/\/www.dynseo.com\/pt-pt\/coco-pensa-e-coco-se-mexe\/\" class=\"btn-white\">Teste Gr\u00e1tis 7 dias<\/a>\n                    <a href=\"https:\/\/www.dynseo.com\/pt-pt\/coco-pensa-e-coco-se-mexe\/\" class=\"btn-outline\">Saiba mais<\/a>\n                <\/div>\n            <\/div>\n\n            <div class=\"article-tags\">\n                <a href=\"#\" class=\"article-tag\">Autismo<\/a>\n                <a href=\"#\" class=\"article-tag\">Suportes visuais<\/a>\n                <a href=\"#\" class=\"article-tag\">Educa\u00e7\u00e3o especializada<\/a>\n                <a href=\"#\" class=\"article-tag\">Comunica\u00e7\u00e3o alternativa<\/a>\n                <a href=\"#\" class=\"article-tag\">Tecnologias educacionais<\/a>\n                <a href=\"#\" class=\"article-tag\">Autonomia<\/a>\n                <a href=\"#\" class=\"article-tag\">Inclus\u00e3o escolar<\/a>\n                <a href=\"#\" class=\"article-tag\">COCO<\/a>\n            <\/div>\n        <\/div>\n    <\/div>[\/et_pb_code][\/et_pb_column][\/et_pb_row][\/et_pb_section]","_et_gb_content_width":"","footnotes":""},"categories":[2915,2872],"tags":[3498,3091,3113,3313,3456,3532,3405],"class_list":["post-130784","post","type-post","status-publish","format-standard","has-post-thumbnail","hentry","category-les-conseils-des-coachs","category-tout-sur-lautisme","tag-autisme-enfant-pt-pt","tag-autisme-enfant","tag-autisme-enfant-en-2","tag-autismo-em-criancas","tag-autismo-en-ninos","tag-autismus-kind-it-2","tag-3405"],"yoast_head":"<!-- This site is optimized with the Yoast SEO plugin v27.4 - https:\/\/yoast.com\/product\/yoast-seo-wordpress\/ -->\n<title>A Import\u00e2ncia dos Suportes Visuais em Crian\u00e7as Autistas - DYNSEO - Aplica\u00e7\u00f5es educativas e jogos de mem\u00f3ria<\/title>\n<meta name=\"robots\" content=\"index, follow, max-snippet:-1, max-image-preview:large, max-video-preview:-1\" \/>\n<link rel=\"canonical\" href=\"https:\/\/www.dynseo.com\/pt-pt\/a-importancia-dos-suportes-visuais-em-criancas-autistas\/\" \/>\n<meta property=\"og:locale\" content=\"pt_PT\" \/>\n<meta property=\"og:type\" content=\"article\" \/>\n<meta property=\"og:title\" content=\"A Import\u00e2ncia dos Suportes Visuais em Crian\u00e7as Autistas - DYNSEO - Aplica\u00e7\u00f5es educativas e jogos de mem\u00f3ria\" \/>\n<meta property=\"og:url\" content=\"https:\/\/www.dynseo.com\/pt-pt\/a-importancia-dos-suportes-visuais-em-criancas-autistas\/\" \/>\n<meta property=\"og:site_name\" content=\"DYNSEO - Aplica\u00e7\u00f5es educativas e jogos de mem\u00f3ria\" \/>\n<meta property=\"article:published_time\" content=\"2024-07-10T07:33:02+00:00\" \/>\n<meta property=\"article:modified_time\" content=\"2026-04-27T21:46:32+00:00\" \/>\n<meta property=\"og:image\" content=\"https:\/\/www.dynseo.com\/wp-content\/uploads\/2024\/05\/Copie-de-Accueil-article-France-15-1-1024x768.png\" \/>\n\t<meta property=\"og:image:width\" content=\"1024\" \/>\n\t<meta property=\"og:image:height\" content=\"768\" \/>\n\t<meta property=\"og:image:type\" content=\"image\/png\" \/>\n<meta name=\"author\" content=\"DYNSEO\" \/>\n<meta name=\"twitter:label1\" content=\"Escrito por\" \/>\n\t<meta name=\"twitter:data1\" content=\"DYNSEO\" \/>\n\t<meta name=\"twitter:label2\" content=\"Tempo estimado de leitura\" \/>\n\t<meta name=\"twitter:data2\" content=\"12 minutos\" \/>\n<script type=\"application\/ld+json\" class=\"yoast-schema-graph\">{\"@context\":\"https:\\\/\\\/schema.org\",\"@graph\":[{\"@type\":\"Article\",\"@id\":\"https:\\\/\\\/www.dynseo.com\\\/pt-pt\\\/a-importancia-dos-suportes-visuais-em-criancas-autistas\\\/#article\",\"isPartOf\":{\"@id\":\"https:\\\/\\\/www.dynseo.com\\\/pt-pt\\\/a-importancia-dos-suportes-visuais-em-criancas-autistas\\\/\"},\"author\":{\"name\":\"DYNSEO\",\"@id\":\"https:\\\/\\\/www.dynseo.com\\\/pt-pt\\\/#\\\/schema\\\/person\\\/78ef63df2ee64e0989bc68f8401b38d6\"},\"headline\":\"A Import\u00e2ncia dos Suportes Visuais em Crian\u00e7as Autistas\",\"datePublished\":\"2024-07-10T07:33:02+00:00\",\"dateModified\":\"2026-04-27T21:46:32+00:00\",\"mainEntityOfPage\":{\"@id\":\"https:\\\/\\\/www.dynseo.com\\\/pt-pt\\\/a-importancia-dos-suportes-visuais-em-criancas-autistas\\\/\"},\"wordCount\":3777,\"publisher\":{\"@id\":\"https:\\\/\\\/www.dynseo.com\\\/pt-pt\\\/#organization\"},\"image\":{\"@id\":\"https:\\\/\\\/www.dynseo.com\\\/pt-pt\\\/a-importancia-dos-suportes-visuais-em-criancas-autistas\\\/#primaryimage\"},\"thumbnailUrl\":\"https:\\\/\\\/www.dynseo.com\\\/wp-content\\\/uploads\\\/2024\\\/05\\\/Copie-de-Accueil-article-France-15-1.png\",\"keywords\":[\"autisme enfant\",\"autisme enfant\",\"autisme enfant\",\"autismo em crian\u00e7as\",\"autismo en ni\u00f1os\",\"Autismus Kind\",\"\u513f\u7ae5\u81ea\u95ed\u75c7\"],\"articleSection\":[\"Les conseils des coachs\",\"Tout sur l'Autisme\"],\"inLanguage\":\"pt-PT\"},{\"@type\":\"WebPage\",\"@id\":\"https:\\\/\\\/www.dynseo.com\\\/pt-pt\\\/a-importancia-dos-suportes-visuais-em-criancas-autistas\\\/\",\"url\":\"https:\\\/\\\/www.dynseo.com\\\/pt-pt\\\/a-importancia-dos-suportes-visuais-em-criancas-autistas\\\/\",\"name\":\"A Import\u00e2ncia dos Suportes Visuais em Crian\u00e7as Autistas - DYNSEO - Aplica\u00e7\u00f5es educativas e jogos de mem\u00f3ria\",\"isPartOf\":{\"@id\":\"https:\\\/\\\/www.dynseo.com\\\/pt-pt\\\/#website\"},\"primaryImageOfPage\":{\"@id\":\"https:\\\/\\\/www.dynseo.com\\\/pt-pt\\\/a-importancia-dos-suportes-visuais-em-criancas-autistas\\\/#primaryimage\"},\"image\":{\"@id\":\"https:\\\/\\\/www.dynseo.com\\\/pt-pt\\\/a-importancia-dos-suportes-visuais-em-criancas-autistas\\\/#primaryimage\"},\"thumbnailUrl\":\"https:\\\/\\\/www.dynseo.com\\\/wp-content\\\/uploads\\\/2024\\\/05\\\/Copie-de-Accueil-article-France-15-1.png\",\"datePublished\":\"2024-07-10T07:33:02+00:00\",\"dateModified\":\"2026-04-27T21:46:32+00:00\",\"breadcrumb\":{\"@id\":\"https:\\\/\\\/www.dynseo.com\\\/pt-pt\\\/a-importancia-dos-suportes-visuais-em-criancas-autistas\\\/#breadcrumb\"},\"inLanguage\":\"pt-PT\",\"potentialAction\":[{\"@type\":\"ReadAction\",\"target\":[\"https:\\\/\\\/www.dynseo.com\\\/pt-pt\\\/a-importancia-dos-suportes-visuais-em-criancas-autistas\\\/\"]}]},{\"@type\":\"ImageObject\",\"inLanguage\":\"pt-PT\",\"@id\":\"https:\\\/\\\/www.dynseo.com\\\/pt-pt\\\/a-importancia-dos-suportes-visuais-em-criancas-autistas\\\/#primaryimage\",\"url\":\"https:\\\/\\\/www.dynseo.com\\\/wp-content\\\/uploads\\\/2024\\\/05\\\/Copie-de-Accueil-article-France-15-1.png\",\"contentUrl\":\"https:\\\/\\\/www.dynseo.com\\\/wp-content\\\/uploads\\\/2024\\\/05\\\/Copie-de-Accueil-article-France-15-1.png\",\"width\":2000,\"height\":1500,\"caption\":\"Atividades divertidas e desafiadoras para melhorar a cogni\u00e7\u00e3o de pacientes com Alzheimer\"},{\"@type\":\"BreadcrumbList\",\"@id\":\"https:\\\/\\\/www.dynseo.com\\\/pt-pt\\\/a-importancia-dos-suportes-visuais-em-criancas-autistas\\\/#breadcrumb\",\"itemListElement\":[{\"@type\":\"ListItem\",\"position\":1,\"name\":\"Accueil\",\"item\":\"https:\\\/\\\/www.dynseo.com\\\/pt-pt\\\/\"},{\"@type\":\"ListItem\",\"position\":2,\"name\":\"A Import\u00e2ncia dos Suportes Visuais em Crian\u00e7as Autistas\"}]},{\"@type\":\"WebSite\",\"@id\":\"https:\\\/\\\/www.dynseo.com\\\/pt-pt\\\/#website\",\"url\":\"https:\\\/\\\/www.dynseo.com\\\/pt-pt\\\/\",\"name\":\"Jeux de m\u00e9moire et stimulation cognitive\",\"description\":\"Entra\u00eenez votre m\u00e9moire et votre cerveau avec DYNSEO\",\"publisher\":{\"@id\":\"https:\\\/\\\/www.dynseo.com\\\/pt-pt\\\/#organization\"},\"potentialAction\":[{\"@type\":\"SearchAction\",\"target\":{\"@type\":\"EntryPoint\",\"urlTemplate\":\"https:\\\/\\\/www.dynseo.com\\\/pt-pt\\\/?s={search_term_string}\"},\"query-input\":{\"@type\":\"PropertyValueSpecification\",\"valueRequired\":true,\"valueName\":\"search_term_string\"}}],\"inLanguage\":\"pt-PT\"},{\"@type\":\"Organization\",\"@id\":\"https:\\\/\\\/www.dynseo.com\\\/pt-pt\\\/#organization\",\"name\":\"DYNSEO\",\"url\":\"https:\\\/\\\/www.dynseo.com\\\/pt-pt\\\/\",\"logo\":{\"@type\":\"ImageObject\",\"inLanguage\":\"pt-PT\",\"@id\":\"https:\\\/\\\/www.dynseo.com\\\/pt-pt\\\/#\\\/schema\\\/logo\\\/image\\\/\",\"url\":\"https:\\\/\\\/www.dynseo.com\\\/wp-content\\\/uploads\\\/2022\\\/05\\\/logo-dynseo-new.png\",\"contentUrl\":\"https:\\\/\\\/www.dynseo.com\\\/wp-content\\\/uploads\\\/2022\\\/05\\\/logo-dynseo-new.png\",\"width\":5073,\"height\":1397,\"caption\":\"DYNSEO\"},\"image\":{\"@id\":\"https:\\\/\\\/www.dynseo.com\\\/pt-pt\\\/#\\\/schema\\\/logo\\\/image\\\/\"}},{\"@type\":\"Person\",\"@id\":\"https:\\\/\\\/www.dynseo.com\\\/pt-pt\\\/#\\\/schema\\\/person\\\/78ef63df2ee64e0989bc68f8401b38d6\",\"name\":\"DYNSEO\",\"url\":\"https:\\\/\\\/www.dynseo.com\\\/pt-pt\\\/author\\\/justine\\\/\"}]}<\/script>\n<!-- \/ Yoast SEO plugin. -->","yoast_head_json":{"title":"A Import\u00e2ncia dos Suportes Visuais em Crian\u00e7as Autistas - DYNSEO - Aplica\u00e7\u00f5es educativas e jogos de mem\u00f3ria","robots":{"index":"index","follow":"follow","max-snippet":"max-snippet:-1","max-image-preview":"max-image-preview:large","max-video-preview":"max-video-preview:-1"},"canonical":"https:\/\/www.dynseo.com\/pt-pt\/a-importancia-dos-suportes-visuais-em-criancas-autistas\/","og_locale":"pt_PT","og_type":"article","og_title":"A Import\u00e2ncia dos Suportes Visuais em Crian\u00e7as Autistas - DYNSEO - Aplica\u00e7\u00f5es educativas e jogos de mem\u00f3ria","og_url":"https:\/\/www.dynseo.com\/pt-pt\/a-importancia-dos-suportes-visuais-em-criancas-autistas\/","og_site_name":"DYNSEO - Aplica\u00e7\u00f5es educativas e jogos de mem\u00f3ria","article_published_time":"2024-07-10T07:33:02+00:00","article_modified_time":"2026-04-27T21:46:32+00:00","og_image":[{"width":1024,"height":768,"url":"https:\/\/www.dynseo.com\/wp-content\/uploads\/2024\/05\/Copie-de-Accueil-article-France-15-1-1024x768.png","type":"image\/png"}],"author":"DYNSEO","twitter_misc":{"Escrito por":"DYNSEO","Tempo estimado de leitura":"12 minutos"},"schema":{"@context":"https:\/\/schema.org","@graph":[{"@type":"Article","@id":"https:\/\/www.dynseo.com\/pt-pt\/a-importancia-dos-suportes-visuais-em-criancas-autistas\/#article","isPartOf":{"@id":"https:\/\/www.dynseo.com\/pt-pt\/a-importancia-dos-suportes-visuais-em-criancas-autistas\/"},"author":{"name":"DYNSEO","@id":"https:\/\/www.dynseo.com\/pt-pt\/#\/schema\/person\/78ef63df2ee64e0989bc68f8401b38d6"},"headline":"A Import\u00e2ncia dos Suportes Visuais em Crian\u00e7as Autistas","datePublished":"2024-07-10T07:33:02+00:00","dateModified":"2026-04-27T21:46:32+00:00","mainEntityOfPage":{"@id":"https:\/\/www.dynseo.com\/pt-pt\/a-importancia-dos-suportes-visuais-em-criancas-autistas\/"},"wordCount":3777,"publisher":{"@id":"https:\/\/www.dynseo.com\/pt-pt\/#organization"},"image":{"@id":"https:\/\/www.dynseo.com\/pt-pt\/a-importancia-dos-suportes-visuais-em-criancas-autistas\/#primaryimage"},"thumbnailUrl":"https:\/\/www.dynseo.com\/wp-content\/uploads\/2024\/05\/Copie-de-Accueil-article-France-15-1.png","keywords":["autisme enfant","autisme enfant","autisme enfant","autismo em crian\u00e7as","autismo en ni\u00f1os","Autismus Kind","\u513f\u7ae5\u81ea\u95ed\u75c7"],"articleSection":["Les conseils des coachs","Tout sur l'Autisme"],"inLanguage":"pt-PT"},{"@type":"WebPage","@id":"https:\/\/www.dynseo.com\/pt-pt\/a-importancia-dos-suportes-visuais-em-criancas-autistas\/","url":"https:\/\/www.dynseo.com\/pt-pt\/a-importancia-dos-suportes-visuais-em-criancas-autistas\/","name":"A Import\u00e2ncia dos Suportes Visuais em Crian\u00e7as Autistas - DYNSEO - Aplica\u00e7\u00f5es educativas e jogos de mem\u00f3ria","isPartOf":{"@id":"https:\/\/www.dynseo.com\/pt-pt\/#website"},"primaryImageOfPage":{"@id":"https:\/\/www.dynseo.com\/pt-pt\/a-importancia-dos-suportes-visuais-em-criancas-autistas\/#primaryimage"},"image":{"@id":"https:\/\/www.dynseo.com\/pt-pt\/a-importancia-dos-suportes-visuais-em-criancas-autistas\/#primaryimage"},"thumbnailUrl":"https:\/\/www.dynseo.com\/wp-content\/uploads\/2024\/05\/Copie-de-Accueil-article-France-15-1.png","datePublished":"2024-07-10T07:33:02+00:00","dateModified":"2026-04-27T21:46:32+00:00","breadcrumb":{"@id":"https:\/\/www.dynseo.com\/pt-pt\/a-importancia-dos-suportes-visuais-em-criancas-autistas\/#breadcrumb"},"inLanguage":"pt-PT","potentialAction":[{"@type":"ReadAction","target":["https:\/\/www.dynseo.com\/pt-pt\/a-importancia-dos-suportes-visuais-em-criancas-autistas\/"]}]},{"@type":"ImageObject","inLanguage":"pt-PT","@id":"https:\/\/www.dynseo.com\/pt-pt\/a-importancia-dos-suportes-visuais-em-criancas-autistas\/#primaryimage","url":"https:\/\/www.dynseo.com\/wp-content\/uploads\/2024\/05\/Copie-de-Accueil-article-France-15-1.png","contentUrl":"https:\/\/www.dynseo.com\/wp-content\/uploads\/2024\/05\/Copie-de-Accueil-article-France-15-1.png","width":2000,"height":1500,"caption":"Atividades divertidas e desafiadoras para melhorar a cogni\u00e7\u00e3o de pacientes com Alzheimer"},{"@type":"BreadcrumbList","@id":"https:\/\/www.dynseo.com\/pt-pt\/a-importancia-dos-suportes-visuais-em-criancas-autistas\/#breadcrumb","itemListElement":[{"@type":"ListItem","position":1,"name":"Accueil","item":"https:\/\/www.dynseo.com\/pt-pt\/"},{"@type":"ListItem","position":2,"name":"A Import\u00e2ncia dos Suportes Visuais em Crian\u00e7as Autistas"}]},{"@type":"WebSite","@id":"https:\/\/www.dynseo.com\/pt-pt\/#website","url":"https:\/\/www.dynseo.com\/pt-pt\/","name":"Jeux de m\u00e9moire et stimulation cognitive","description":"Entra\u00eenez votre m\u00e9moire et votre cerveau avec DYNSEO","publisher":{"@id":"https:\/\/www.dynseo.com\/pt-pt\/#organization"},"potentialAction":[{"@type":"SearchAction","target":{"@type":"EntryPoint","urlTemplate":"https:\/\/www.dynseo.com\/pt-pt\/?s={search_term_string}"},"query-input":{"@type":"PropertyValueSpecification","valueRequired":true,"valueName":"search_term_string"}}],"inLanguage":"pt-PT"},{"@type":"Organization","@id":"https:\/\/www.dynseo.com\/pt-pt\/#organization","name":"DYNSEO","url":"https:\/\/www.dynseo.com\/pt-pt\/","logo":{"@type":"ImageObject","inLanguage":"pt-PT","@id":"https:\/\/www.dynseo.com\/pt-pt\/#\/schema\/logo\/image\/","url":"https:\/\/www.dynseo.com\/wp-content\/uploads\/2022\/05\/logo-dynseo-new.png","contentUrl":"https:\/\/www.dynseo.com\/wp-content\/uploads\/2022\/05\/logo-dynseo-new.png","width":5073,"height":1397,"caption":"DYNSEO"},"image":{"@id":"https:\/\/www.dynseo.com\/pt-pt\/#\/schema\/logo\/image\/"}},{"@type":"Person","@id":"https:\/\/www.dynseo.com\/pt-pt\/#\/schema\/person\/78ef63df2ee64e0989bc68f8401b38d6","name":"DYNSEO","url":"https:\/\/www.dynseo.com\/pt-pt\/author\/justine\/"}]}},"_links":{"self":[{"href":"https:\/\/www.dynseo.com\/pt-pt\/wp-json\/wp\/v2\/posts\/130784","targetHints":{"allow":["GET"]}}],"collection":[{"href":"https:\/\/www.dynseo.com\/pt-pt\/wp-json\/wp\/v2\/posts"}],"about":[{"href":"https:\/\/www.dynseo.com\/pt-pt\/wp-json\/wp\/v2\/types\/post"}],"author":[{"embeddable":true,"href":"https:\/\/www.dynseo.com\/pt-pt\/wp-json\/wp\/v2\/users\/4"}],"replies":[{"embeddable":true,"href":"https:\/\/www.dynseo.com\/pt-pt\/wp-json\/wp\/v2\/comments?post=130784"}],"version-history":[{"count":19,"href":"https:\/\/www.dynseo.com\/pt-pt\/wp-json\/wp\/v2\/posts\/130784\/revisions"}],"predecessor-version":[{"id":565744,"href":"https:\/\/www.dynseo.com\/pt-pt\/wp-json\/wp\/v2\/posts\/130784\/revisions\/565744"}],"wp:featuredmedia":[{"embeddable":true,"href":"https:\/\/www.dynseo.com\/pt-pt\/wp-json\/wp\/v2\/media\/373171"}],"wp:attachment":[{"href":"https:\/\/www.dynseo.com\/pt-pt\/wp-json\/wp\/v2\/media?parent=130784"}],"wp:term":[{"taxonomy":"category","embeddable":true,"href":"https:\/\/www.dynseo.com\/pt-pt\/wp-json\/wp\/v2\/categories?post=130784"},{"taxonomy":"post_tag","embeddable":true,"href":"https:\/\/www.dynseo.com\/pt-pt\/wp-json\/wp\/v2\/tags?post=130784"}],"curies":[{"name":"wp","href":"https:\/\/api.w.org\/{rel}","templated":true}]}}