{"id":130792,"date":"2024-07-10T09:34:01","date_gmt":"2024-07-10T07:34:01","guid":{"rendered":"https:\/\/www.dynseo.com\/qual-e-a-importancia-de-manter-uma-rotina-para-as-pessoas-com-autismo\/"},"modified":"2026-04-26T07:46:57","modified_gmt":"2026-04-26T05:46:57","slug":"qual-e-a-importancia-de-preservar-uma-rotina-para-pessoas-autistas","status":"publish","type":"post","link":"https:\/\/www.dynseo.com\/pt-pt\/qual-e-a-importancia-de-preservar-uma-rotina-para-pessoas-autistas\/","title":{"rendered":"Qual \u00e9 a import\u00e2ncia de preservar uma rotina para pessoas autistas?"},"content":{"rendered":"<p>[et_pb_section fb_built=&#8221;1&#8243; _builder_version=&#8221;4.16&#8243; custom_padding=&#8221;0px|0px|0px|0px|false|false&#8221; margin_top=&#8221;0px&#8221; margin_bottom=&#8221;0px&#8221; global_colors_info=&#8221;{}&#8221;][et_pb_row _builder_version=&#8221;4.16&#8243; custom_padding=&#8221;0px|0px|0px|0px|false|false&#8221; margin_top=&#8221;0px&#8221; margin_bottom=&#8221;0px&#8221; column_structure=&#8221;4_4&#8243; global_colors_info=&#8221;{}&#8221;][et_pb_column type=&#8221;4_4&#8243; _builder_version=&#8221;4.16&#8243; custom_padding=&#8221;0px|0px|0px|0px|false|false&#8221; global_colors_info=&#8221;{}&#8221;][et_pb_code _builder_version=&#8221;4.16&#8243; custom_padding=&#8221;0px|0px|0px|0px|false|false&#8221; global_colors_info=&#8221;{}&#8221;]<\/p>\n<style>\n        :root {\n            --primary-blue: #5e5ed7;\n            --blue-dark: #5268c9;\n            --teal: #a9e2e4;\n            --yellow: #ffeca7;\n            --rose: #e73469;\n            --white: #ffffff;\n            --light-gray: #f8f9fa;\n            --dark-gray: #333333;\n            --text-gray: #666666;\n        }<\/p>\n<p>        * {\n            margin: 0;\n            padding: 0;\n            box-sizing: border-box;\n        }<\/p>\n<p>        body {\n            font-family: 'Poppins', sans-serif;\n            line-height: 1.6;\n            color: var(--dark-gray);\n            background-color: var(--white);\n        }<\/p>\n<p>        .article-hero {\n            background: linear-gradient(135deg, var(--primary-blue) 0%, var(--blue-dark) 100%);\n            color: white;\n            position: relative;\n            padding: 2rem 0 4rem;\n        }<\/p>\n<p>        .article-hero-inner {\n            max-width: 1200px;\n            margin: 0 auto;\n            padding: 0 2rem;\n        }<\/p>\n<p>        .article-breadcrumb {\n            margin-bottom: 1rem;\n            font-size: 0.9rem;\n            opacity: 0.9;\n        }<\/p>\n<p>        .article-category {\n            display: inline-block;\n            background: var(--rose);\n            color: white;\n            padding: 0.5rem 1rem;\n            border-radius: 20px;\n            font-size: 0.85rem;\n            font-weight: 500;\n            margin-bottom: 1.5rem;\n        }<\/p>\n<p>        .article-hero h1 {\n            font-family: 'Montserrat', sans-serif;\n            font-size: 2.5rem;\n            font-weight: 700;\n            line-height: 1.2;\n            margin-bottom: 1.5rem;\n        }<\/p>\n<p>        .hl {\n            background: linear-gradient(120deg, var(--yellow) 0%, var(--teal) 100%);\n            -webkit-background-clip: text;\n            -webkit-text-fill-color: transparent;\n            background-clip: text;\n        }<\/p>\n<p>        .article-meta {\n            display: flex;\n            gap: 2rem;\n            align-items: center;\n            margin-bottom: 2rem;\n            font-size: 0.9rem;\n        }<\/p>\n<p>        .article-meta span {\n            display: flex;\n            align-items: center;\n            gap: 0.5rem;\n        }<\/p>\n<p>        .rating {\n            display: flex;\n            align-items: center;\n            gap: 0.5rem;\n        }<\/p>\n<p>        .stars {\n            color: var(--yellow);\n        }<\/p>\n<p>        .article-hero-curve {\n            position: absolute;\n            bottom: -1px;\n            left: 0;\n            width: 100%;\n            height: 60px;\n            background: white;\n            clip-path: ellipse(100% 60px at 50% 100%);\n        }<\/p>\n<p>        .article-body {\n            margin-top: 3rem;\n        }<\/p>\n<p>        .container {\n            max-width: 1200px;\n            margin: 0 auto;\n            padding: 0 2rem;\n        }<\/p>\n<p>        .intro-block {\n            background: var(--light-gray);\n            padding: 2rem;\n            border-radius: 15px;\n            margin-bottom: 3rem;\n            font-size: 1.1rem;\n            line-height: 1.7;\n            border-left: 4px solid var(--primary-blue);\n        }<\/p>\n<p>        .stats-grid {\n            display: grid;\n            grid-template-columns: repeat(auto-fit, minmax(250px, 1fr));\n            gap: 2rem;\n            margin: 3rem 0;\n        }<\/p>\n<p>        .stat-card {\n            background: white;\n            padding: 2rem;\n            border-radius: 15px;\n            box-shadow: 0 10px 30px rgba(0,0,0,0.1);\n            text-align: center;\n            border-top: 4px solid var(--primary-blue);\n        }<\/p>\n<p>        .stat-card .number {\n            font-size: 2.5rem;\n            font-weight: 700;\n            color: var(--primary-blue);\n            display: block;\n            margin-bottom: 0.5rem;\n        }<\/p>\n<p>        .stat-card .label {\n            font-size: 1rem;\n            color: var(--text-gray);\n            font-weight: 500;\n        }<\/p>\n<p>        .article-body h2 {\n            font-family: 'Montserrat', sans-serif;\n            font-size: 2rem;\n            font-weight: 600;\n            color: var(--primary-blue);\n            margin: 3rem 0 1.5rem;\n            padding-bottom: 0.5rem;\n            border-bottom: 3px solid var(--teal);\n        }<\/p>\n<p>        .article-body h3 {\n            font-family: 'Montserrat', sans-serif;\n            font-size: 1.5rem;\n            font-weight: 600;\n            color: var(--blue-dark);\n            margin: 2rem 0 1rem;\n        }<\/p>\n<p>        .article-body p {\n            margin-bottom: 1.5rem;\n            line-height: 1.7;\n        }<\/p>\n<p>        .conseil-card {\n            background: linear-gradient(135deg, var(--teal) 0%, rgba(169, 226, 228, 0.3) 100%);\n            padding: 2rem;\n            border-radius: 15px;\n            margin: 2rem 0;\n            border-left: 5px solid var(--blue-dark);\n        }<\/p>\n<p>        .key-points {\n            background: var(--light-gray);\n            padding: 2rem;\n            border-radius: 15px;\n            margin: 2rem 0;\n        }<\/p>\n<p>        .key-points ul {\n            list-style: none;\n            padding-left: 0;\n        }<\/p>\n<p>        .key-points li {\n            position: relative;\n            padding-left: 2rem;\n            margin-bottom: 1rem;\n        }<\/p>\n<p>        .key-points li::before {\n            content: \"\u2713\";\n            position: absolute;\n            left: 0;\n            color: var(--primary-blue);\n            font-weight: bold;\n            font-size: 1.2rem;\n        }<\/p>\n<p>        .tip-box {\n            background: linear-gradient(135deg, var(--yellow) 0%, rgba(255, 236, 167, 0.3) 100%);\n            padding: 2rem;\n            border-radius: 15px;\n            margin: 2rem 0;\n            position: relative;\n        }<\/p>\n<p>        .tip-box-label {\n            font-weight: 600;\n            color: var(--blue-dark);\n            font-size: 1.1rem;\n            margin-bottom: 1rem;\n            display: flex;\n            align-items: center;\n            gap: 0.5rem;\n        }<\/p>\n<p>        .expert-box {\n            background: white;\n            border: 2px solid var(--primary-blue);\n            border-radius: 15px;\n            padding: 0;\n            margin: 3rem 0;\n            overflow: hidden;\n        }<\/p>\n<p>        .expert-box-label {\n            background: var(--primary-blue);\n            color: white;\n            padding: 1rem 2rem;\n            font-weight: 600;\n            font-size: 1.1rem;\n        }<\/p>\n<p>        .expert-box-title {\n            background: var(--light-gray);\n            padding: 1rem 2rem;\n            font-weight: 600;\n            color: var(--blue-dark);\n        }<\/p>\n<p>        .expert-inner {\n            padding: 2rem;\n        }<\/p>\n<p>        .expert-inner-title {\n            font-family: 'Montserrat', sans-serif;\n            font-size: 1.3rem;\n            font-weight: 600;\n            color: var(--primary-blue);\n            margin-bottom: 1rem;\n        }<\/p>\n<p>        .faq-list {\n            margin: 3rem 0;\n        }<\/p>\n<p>        .faq-item {\n            background: white;\n            border: 1px solid #e0e0e0;\n            border-radius: 10px;\n            margin-bottom: 1rem;\n            overflow: hidden;\n        }<\/p>\n<p>        .faq-q {\n            padding: 1.5rem;\n            background: var(--light-gray);\n            cursor: pointer;\n            display: flex;\n            justify-content: space-between;\n            align-items: center;\n            font-weight: 600;\n            color: var(--primary-blue);\n            transition: all 0.3s ease;\n        }<\/p>\n<p>        .faq-q:hover {\n            background: var(--teal);\n        }<\/p>\n<p>        .faq-icon {\n            font-size: 1.5rem;\n            transition: transform 0.3s ease;\n        }<\/p>\n<p>        .faq-item.open .faq-icon {\n            transform: rotate(45deg);\n        }<\/p>\n<p>        .faq-a {\n            padding: 0 1.5rem;\n            max-height: 0;\n            overflow: hidden;\n            transition: all 0.3s ease;\n        }<\/p>\n<p>        .faq-item.open .faq-a {\n            padding: 1.5rem;\n            max-height: 500px;\n        }<\/p>\n<p>        .cta-box {\n            background: linear-gradient(135deg, var(--primary-blue) 0%, var(--blue-dark) 100%);\n            color: white;\n            padding: 3rem;\n            border-radius: 20px;\n            text-align: center;\n            margin: 4rem 0;\n        }<\/p>\n<p>        .cta-box h3 {\n            font-family: 'Montserrat', sans-serif;\n            font-size: 2rem;\n            margin-bottom: 1rem;\n            color: white;\n        }<\/p>\n<p>        .cta-buttons {\n            display: flex;\n            gap: 1rem;\n            justify-content: center;\n            flex-wrap: wrap;\n            margin-top: 2rem;\n        }<\/p>\n<p>        .btn-white {\n            background: white;\n            color: var(--primary-blue);\n            padding: 1rem 2rem;\n            border: none;\n            border-radius: 50px;\n            font-weight: 600;\n            text-decoration: none;\n            transition: all 0.3s ease;\n            display: inline-block;\n        }<\/p>\n<p>        .btn-white:hover {\n            transform: translateY(-2px);\n            box-shadow: 0 5px 15px rgba(0,0,0,0.2);\n        }<\/p>\n<p>        .btn-outline {\n            background: transparent;\n            color: white;\n            border: 2px solid white;\n            padding: 1rem 2rem;\n            border-radius: 50px;\n            font-weight: 600;\n            text-decoration: none;\n            transition: all 0.3s ease;\n            display: inline-block;\n        }<\/p>\n<p>        .btn-outline:hover {\n            background: white;\n            color: var(--primary-blue);\n        }<\/p>\n<p>        .article-tags {\n            margin: 3rem 0;\n            padding: 2rem 0;\n            border-top: 1px solid #e0e0e0;\n        }<\/p>\n<p>        .article-tag {\n            display: inline-block;\n            background: var(--light-gray);\n            color: var(--text-gray);\n            padding: 0.5rem 1rem;\n            border-radius: 20px;\n            font-size: 0.9rem;\n            margin: 0.25rem;\n            text-decoration: none;\n            transition: all 0.3s ease;\n        }<\/p>\n<p>        .article-tag:hover {\n            background: var(--primary-blue);\n            color: white;\n        }<\/p>\n<p>        @media (max-width: 768px) {\n            .article-hero h1 {\n                font-size: 2rem;\n            }<\/p>\n<p>            .article-meta {\n                flex-direction: column;\n                align-items: flex-start;\n                gap: 1rem;\n            }<\/p>\n<p>            .stats-grid {\n                grid-template-columns: 1fr;\n            }<\/p>\n<p>            .container {\n                padding: 0 1rem;\n            }<\/p>\n<p>            .cta-buttons {\n                flex-direction: column;\n                align-items: center;\n            }<\/p>\n<p>            .btn-white, .btn-outline {\n                width: 100%;\n                max-width: 300px;\n            }\n        }\n    <\/style>\n<p><script>\n        document.querySelectorAll('.faq-q').forEach(function(button) {\n            button.addEventListener('click', function() {\n                button.closest('.faq-item').classList.toggle('open');\n            });\n        });\n    <\/script><br \/>\n<script type=\"application\/ld+json\">\n{\n  \"@context\": \"https:\/\/schema.org\",\n  \"@graph\": [\n    {\n      \"@type\": \"Article\",\n      \"headline\": \"Quelle est l'importance de pr\u00e9server une routine pour les personnes autistes ?\",\n      \"description\": \"\ud83d\udcc5 Publi\u00e9 en Avril 2026 \u23f1\ufe0f 15 min de lecture \ud83d\udc65 Familles et professionnels \u2b50\u2b50\u2b50\u2b50\u2b50 4.8\/5 (247 avis)\",\n      \"url\": \"https:\/\/www.dynseo.com\/quelle-est-limportance-de-preserver-une-routine-pour-les-personnes-autistes\/\",\n      \"datePublished\": \"2026-04-07\",\n      \"dateModified\": \"2026-04-07\",\n      \"author\": {\n        \"@type\": \"Organization\",\n        \"name\": \"DYNSEO\",\n        \"url\": \"https:\/\/www.dynseo.com\"\n      },\n      \"publisher\": {\n        \"@type\": \"Organization\",\n        \"name\": \"DYNSEO\",\n        \"url\": \"https:\/\/www.dynseo.com\",\n        \"logo\": {\n          \"@type\": \"ImageObject\",\n          \"url\": \"https:\/\/www.dynseo.com\/wp-content\/uploads\/2021\/01\/logo-dynseo.png\"\n        }\n      },\n      \"image\": {\n        \"@type\": \"ImageObject\",\n        \"url\": \"https:\/\/www.dynseo.com\/wp-content\/uploads\/2026\/04\/routine-autisme.jpg\",\n        \"width\": 1200,\n        \"height\": 630\n      },\n      \"aggregateRating\": {\n        \"@type\": \"AggregateRating\",\n        \"ratingValue\": \"4.8\",\n        \"bestRating\": \"5\",\n        \"ratingCount\": \"247\"\n      },\n      \"mainEntityOfPage\": {\n        \"@type\": \"WebPage\",\n        \"@id\": \"https:\/\/www.dynseo.com\/quelle-est-limportance-de-preserver-une-routine-pour-les-personnes-autistes\/\"\n      }\n    },\n    {\n      \"@type\": \"WebPage\",\n      \"@id\": \"https:\/\/www.dynseo.com\/quelle-est-limportance-de-preserver-une-routine-pour-les-personnes-autistes\/\",\n      \"url\": \"https:\/\/www.dynseo.com\/quelle-est-limportance-de-preserver-une-routine-pour-les-personnes-autistes\/\",\n      \"name\": \"Quelle est l'importance de pr\u00e9server une routine pour les personnes autistes ?\",\n      \"isPartOf\": {\n        \"@type\": \"WebSite\",\n        \"name\": \"DYNSEO\",\n        \"url\": \"https:\/\/www.dynseo.com\"\n      },\n      \"breadcrumb\": {\n        \"@type\": \"BreadcrumbList\",\n        \"itemListElement\": [\n          {\n            \"@type\": \"ListItem\",\n            \"position\": 1,\n            \"name\": \"Accueil\",\n            \"item\": \"https:\/\/www.dynseo.com\"\n          },\n          {\n            \"@type\": \"ListItem\",\n            \"position\": 2,\n            \"name\": \"Blog\",\n            \"item\": \"https:\/\/www.dynseo.com\/blog\"\n          },\n          {\n            \"@type\": \"ListItem\",\n            \"position\": 3,\n            \"name\": \"Quelle est l'importance de pr\u00e9server une routine pour les personnes autistes ?\",\n            \"item\": \"https:\/\/www.dynseo.com\/quelle-est-limportance-de-preserver-une-routine-pour-les-personnes-autistes\/\"\n          }\n        ]\n      }\n    },\n    {\n      \"@type\": \"FAQPage\",\n      \"mainEntity\": [\n        {\n          \"@type\": \"Question\",\n          \"name\": \"\u00c0 quel \u00e2ge faut-il commencer \u00e0 \u00e9tablir des routines pour un enfant autiste ?\",\n          \"acceptedAnswer\": {\n            \"@type\": \"Answer\",\n            \"text\": \"Il est recommand\u00e9 de commencer \u00e0 \u00e9tablir des routines d\u00e8s le plus jeune \u00e2ge, id\u00e9alement d\u00e8s la petite enfance. Les routines peuvent \u00eatre adapt\u00e9es selon l'\u00e2ge et les capacit\u00e9s de l'enfant autiste.\"\n          }\n        },\n        {\n          \"@type\": \"Question\",\n          \"name\": \"Comment g\u00e9rer les routines pendant les vacances ou les p\u00e9riodes de changement ?\",\n          \"acceptedAnswer\": {\n            \"@type\": \"Answer\",\n            \"text\": \"Pendant les vacances, il est important de maintenir certaines routines essentielles tout en pr\u00e9parant progressivement l'enfant aux changements. Une communication claire et une pr\u00e9paration en amont sont cruciales.\"\n          }\n        },\n        {\n          \"@type\": \"Question\",\n          \"name\": \"Que faire si mon enfant autiste refuse d'abandonner une routine devenue probl\u00e9matique ?\",\n          \"acceptedAnswer\": {\n            \"@type\": \"Answer\",\n            \"text\": \"Il faut proc\u00e9der par \u00e9tapes graduelles, en introduisant de petits changements progressifs et en offrant des alternatives rassurantes. L'accompagnement d'un professionnel peut \u00eatre n\u00e9cessaire.\"\n          }\n        }\n      ]\n    }\n  ]\n}\n<\/script>\n<link href=\"https:\/\/fonts.googleapis.com\/css2?family=Montserrat:wght@400;500;600;700&#038;family=Poppins:wght@300;400;500;600&#038;display=swap\" rel=\"stylesheet\">\n<section class=\"article-hero\">\n<div class=\"article-hero-inner\">\n<div class=\"article-breadcrumb\">\n                In\u00edcio > Blog > Sa\u00fade mental > Autismo\n            <\/div>\n<div class=\"article-category\">Autismo &#038; Rotinas<\/div>\n<h1>Qual \u00e9 a import\u00e2ncia de <span class=\"hl\">preservar uma rotina<\/span> para as pessoas autistas?<\/h1>\n<div class=\"article-meta\">\n                <span>\ud83d\udcc5 Publicado em Abril de 2026<\/span><br \/>\n                <span>\u23f1\ufe0f 15 min de leitura<\/span><br \/>\n                <span>\ud83d\udc65 Fam\u00edlias e profissionais<\/span><\/p>\n<div class=\"rating\">\n                    <span class=\"stars\">\u2b50\u2b50\u2b50\u2b50\u2b50<\/span><br \/>\n                    <span>4.8\/5 (247 avalia\u00e7\u00f5es)<\/span>\n                <\/div>\n<\/p><\/div>\n<\/p><\/div>\n<div class=\"article-hero-curve\"><\/div>\n<\/section>\n<div class=\"article-body\">\n<div class=\"container\">\n<div class=\"intro-block\">\n                <pee>Voc\u00ea n\u00e3o entende por que \u00e9 necess\u00e1rio estabelecer rotinas para pessoas com autismo? Voc\u00ea tem dificuldade em compreender esse modo de vida? As rotinas n\u00e3o s\u00e3o apenas h\u00e1bitos simples para pessoas com autismo: elas constituem um verdadeiro pilar de estabilidade em um mundo muitas vezes imprevis\u00edvel. Essas estruturas di\u00e1rias oferecem um ambiente reconfortante que ajuda a reduzir a ansiedade, melhorar a concentra\u00e7\u00e3o e favorecer a autonomia. Vamos descobrir juntos por que as rotinas s\u00e3o t\u00e3o essenciais para as pessoas com autismo e como implement\u00e1-las de maneira gentil e eficaz. Pronto para aprender mais sobre essa dimens\u00e3o fundamental do autismo?<\/pee>\n            <\/div>\n<div class=\"stats-grid\">\n<div class=\"stat-card\">\n                    <span class=\"number\">85%<\/span><br \/>\n                    <span class=\"label\">das pessoas com autismo se beneficiam de rotinas estruturadas<\/span>\n                <\/div>\n<div class=\"stat-card\">\n                    <span class=\"number\">70%<\/span><br \/>\n                    <span class=\"label\">de redu\u00e7\u00e3o da ansiedade com rotinas adaptadas<\/span>\n                <\/div>\n<div class=\"stat-card\">\n                    <span class=\"number\">60%<\/span><br \/>\n                    <span class=\"label\">de melhoria da concentra\u00e7\u00e3o di\u00e1ria<\/span>\n                <\/div>\n<div class=\"stat-card\">\n                    <span class=\"number\">3x<\/span><br \/>\n                    <span class=\"label\">mais autonomia com rotinas bem estabelecidas<\/span>\n                <\/div>\n<\/p><\/div>\n<h2>1. Compreender as necessidades espec\u00edficas das pessoas com autismo<\/h2>\n<pee>O autismo \u00e9 um transtorno do neurodesenvolvimento que afeta a forma como uma pessoa percebe e interage com o mundo ao seu redor. Para entender melhor a import\u00e2ncia das rotinas, \u00e9 essencial compreender os desafios \u00fanicos que as pessoas com autismo enfrentam no dia a dia.<\/pee>\n<pee>O c\u00e9rebro autista processa a informa\u00e7\u00e3o de maneira diferente, o que pode tornar o ambiente particularmente estimulante ou confuso. Mudan\u00e7as imprevis\u00edveis podem criar uma sobrecarga sensorial e cognitiva, gerando estresse e ansiedade. \u00c9 nesse contexto que as rotinas se tornam ferramentas valiosas para navegar na complexidade do cotidiano.<\/pee>\n<pee>Pessoas com autismo podem apresentar hipersensibilidades ou hipossensibilidades sensoriais que afetam sua percep\u00e7\u00e3o do ambiente. Uma rotina bem estabelecida permite antecipar essas estimula\u00e7\u00f5es e gerenci\u00e1-las melhor. Ela tamb\u00e9m oferece uma sensa\u00e7\u00e3o de controle e previsibilidade em um mundo que pode \u00e0s vezes parecer ca\u00f3tico.<\/pee>\n<div class=\"conseil-card\">\n<h3>\ud83d\udca1 Ponto Importante<\/h3>\n<pee>Cada pessoa com autismo \u00e9 \u00fanica. As necessidades em rela\u00e7\u00e3o \u00e0 rotina podem variar consideravelmente de um indiv\u00edduo para outro. \u00c9 crucial adaptar as abordagens de acordo com as especificidades de cada pessoa.<\/pee>\n            <\/div>\n<div class=\"key-points\">\n<h3>Caracter\u00edsticas chave do autismo que impactam as rotinas:<\/h3>\n<ul>\n<li>Dificuldades com mudan\u00e7as e transi\u00e7\u00f5es<\/li>\n<li>Necessidade de previsibilidade e estrutura<\/li>\n<li>Particularidades sensoriais<\/li>\n<li>Modos de comunica\u00e7\u00e3o espec\u00edficos<\/li>\n<li>Interesses restritos e repetitivos<\/li>\n<\/ul><\/div>\n<h2>2. Os desafios da imprevisibilidade para as pessoas autistas<\/h2>\n<pee>A imprevisibilidade representa um dos desafios mais significativos para as pessoas autistas. Ao contr\u00e1rio das pessoas neurot\u00edpicas que podem se adaptar relativamente facilmente \u00e0s mudan\u00e7as, as pessoas autistas podem sentir um grande sofrimento diante do inesperado.<\/pee>\n<pee>Essa dificuldade se explica pelo funcionamento neurol\u00f3gico particular do autismo. O c\u00e9rebro autista tende a processar a informa\u00e7\u00e3o de maneira mais sequencial e detalhada, o que torna os ajustes r\u00e1pidos mais complexos. Quando uma situa\u00e7\u00e3o n\u00e3o ocorre como esperado, isso pode criar uma verdadeira tempestade cognitiva e emocional.<\/pee>\n<pee>As manifesta\u00e7\u00f5es dessa dificuldade podem assumir diversas formas: crises de ansiedade, comportamentos repetitivos intensificados, retraimento social, ou ainda manifesta\u00e7\u00f5es f\u00edsicas de estresse. \u00c9 importante entender que essas rea\u00e7\u00f5es n\u00e3o s\u00e3o caprichos, mas respostas neurobiol\u00f3gicas leg\u00edtimas a um ambiente percebido como amea\u00e7ador.<\/pee>\n<div class=\"tip-box\">\n<div class=\"tip-box-label\">\ud83c\udfaf Conselho Pr\u00e1tico<\/div>\n<pee>Para minimizar o impacto da imprevisibilidade, prepare sempre as mudan\u00e7as com anteced\u00eancia. Utilize suportes visuais, calend\u00e1rios ou hist\u00f3rias sociais para antecipar as modifica\u00e7\u00f5es de rotina.<\/pee>\n            <\/div>\n<div class=\"expert-box\">\n<div class=\"expert-box-label\">\ud83d\udc68\u200d\u2695\ufe0f Expertise DYNSEO<\/div>\n<div class=\"expert-inner\">\n<div class=\"expert-inner-title\">Impact neurol\u00f3gico da imprevisibilidade<\/div>\n<pee>As pesquisas em neuroci\u00eancias mostram que o c\u00e9rebro autista apresenta diferen\u00e7as nos circuitos de previs\u00e3o e adapta\u00e7\u00e3o. Essas diferen\u00e7as explicam por que as rotinas s\u00e3o t\u00e3o importantes: elas permitem que o c\u00e9rebro autista funcione de maneira otimizada, reduzindo a carga cognitiva relacionada \u00e0 previs\u00e3o e \u00e0 adapta\u00e7\u00e3o constante.<\/pee>\n                <\/div>\n<\/p><\/div>\n<h2>3. A necessidade fundamental de estabilidade e seguran\u00e7a<\/h2>\n<pee>A estabilidade e a seguran\u00e7a n\u00e3o s\u00e3o simples prefer\u00eancias para as pessoas autistas: elas constituem necessidades fundamentais para seu bem-estar psicol\u00f3gico e f\u00edsico. Essa necessidade est\u00e1 enraizada no funcionamento particular do sistema nervoso autista, que pode ser facilmente sobrecarregado por estimula\u00e7\u00f5es excessivas ou imprevis\u00edveis.<\/pee>\n<pee>A seguran\u00e7a para uma pessoa autista se manifesta atrav\u00e9s da previsibilidade de seu ambiente. Saber o que vai acontecer, quando e como, permite liberar recursos cognitivos para outros aprendizados e intera\u00e7\u00f5es. Essa previsibilidade atua como uma rede de seguran\u00e7a emocional que permite explorar o mundo com mais confian\u00e7a.<\/pee>\n<pee>As rotinas oferecem essa estabilidade ao criar pontos de refer\u00eancia fixos no dia. Esses ancoragens temporais e situacionais permitem que a pessoa autista se sinta no controle de seu ambiente, reduzindo assim o estresse e a ansiedade cr\u00f4nicos que podem acompanhar o autismo.<\/pee>\n<div class=\"conseil-card\">\n<h3>\ud83d\udd11 Princ\u00edpio Fundamental<\/h3>\n<pee>A estabilidade n\u00e3o \u00e9 sin\u00f4nimo de rigidez. Trata-se, na verdade, de criar um ambiente seguro dentro do qual a pessoa autista pode evoluir, aprender e florescer com total confian\u00e7a.<\/pee>\n            <\/div>\n<pee>O aplicativo <a href=\"https:\/\/www.dynseo.com\/pt-pt\/coco-pensa-e-coco-se-mexe\/\" target=\"_blank\">COCO PENSA e COCO SE MEXE<\/a> pode desempenhar um papel importante no estabelecimento de rotinas estruturadas. Gra\u00e7as aos seus exerc\u00edcios cognitivos e f\u00edsicos program\u00e1veis, ele permite criar sess\u00f5es regulares que se tornam pontos de refer\u00eancia tranquilizadores no dia da pessoa autista.<\/pee>\n<h2>4. Os benef\u00edcios concretos da redu\u00e7\u00e3o da ansiedade<\/h2>\n<pee>A redu\u00e7\u00e3o da ansiedade representa um dos benef\u00edcios mais imediatos e vis\u00edveis das rotinas bem estabelecidas. Para entender esse impacto, \u00e9 preciso perceber que a ansiedade nas pessoas autistas n\u00e3o \u00e9 simplesmente uma rea\u00e7\u00e3o emocional, mas uma resposta fisiol\u00f3gica complexa que afeta todo o organismo.<\/pee>\n<pee>Quando a ansiedade diminui gra\u00e7as \u00e0s rotinas, observa-se melhorias significativas em v\u00e1rias \u00e1reas. O sono se torna mais regular e reparador, o apetite se estabiliza e a capacidade de aten\u00e7\u00e3o melhora consideravelmente. Essas mudan\u00e7as positivas criam um ciclo virtuoso que refor\u00e7a o bem-estar geral.<\/pee>\n<pee>As rotinas agem como um sistema de previs\u00e3o que permite ao c\u00e9rebro autista se preparar para os eventos futuros. Essa prepara\u00e7\u00e3o neurol\u00f3gica reduz a ativa\u00e7\u00e3o do sistema de estresse, permitindo um funcionamento mais sereno e eficiente no dia a dia.<\/pee>\n<div class=\"key-points\">\n<h3>Benef\u00edcios observados da redu\u00e7\u00e3o da ansiedade:<\/h3>\n<ul>\n<li>Melhoria da qualidade do sono<\/li>\n<li>Estabiliza\u00e7\u00e3o do apetite e dos h\u00e1bitos alimentares<\/li>\n<li>Redu\u00e7\u00e3o dos comportamentos autoestimulantes excessivos<\/li>\n<li>Melhoria da capacidade de concentra\u00e7\u00e3o<\/li>\n<li>Diminui\u00e7\u00e3o das crises e dos colapsos aut\u00edsticos<\/li>\n<li>Melhor disposi\u00e7\u00e3o para os aprendizados<\/li>\n<\/ul><\/div>\n<div class=\"tip-box\">\n<div class=\"tip-box-label\">\ud83d\udcca Medida dos progressos<\/div>\n<pee>Mantenha um di\u00e1rio de humores e comportamentos para observar o impacto positivo das rotinas sobre a ansiedade. Esta documenta\u00e7\u00e3o tamb\u00e9m pode ser valiosa para os profissionais de sa\u00fade que acompanham a pessoa autista.<\/pee>\n            <\/div>\n<h2>5. Melhoria da concentra\u00e7\u00e3o e das performances cognitivas<\/h2>\n<pee>As rotinas desempenham um papel crucial na otimiza\u00e7\u00e3o das capacidades cognitivas das pessoas autistas. Ao reduzir a carga mental relacionada \u00e0 gest\u00e3o do imprevis\u00edvel, elas liberam recursos cognitivos que podem ser reinvestidos no aprendizado, na criatividade e nas intera\u00e7\u00f5es sociais.<\/pee>\n<pee>Essa melhoria da concentra\u00e7\u00e3o n\u00e3o \u00e9 aned\u00f3tica: ela pode transformar radicalmente a qualidade de vida de uma pessoa autista. Uma melhor concentra\u00e7\u00e3o permite acessar mais facilmente os aprendizados escolares, profissionais ou pessoais. Ela tamb\u00e9m favorece uma melhor comunica\u00e7\u00e3o e intera\u00e7\u00f5es sociais mais fluidas.<\/pee>\n<pee>As performances cognitivas tamb\u00e9m melhoram gra\u00e7as \u00e0 regularidade das rotinas. O c\u00e9rebro autista, que muitas vezes funciona melhor em ambientes estruturados, pode assim expressar plenamente seu potencial. Muitas pessoas autistas possuem talentos particulares que s\u00f3 podem florescer em um ambiente seguro e previs\u00edvel.<\/pee>\n<div class=\"expert-box\">\n<div class=\"expert-box-label\">\ud83e\udde0 Neuroci\u00eancias e Autismo<\/div>\n<div class=\"expert-inner\">\n<div class=\"expert-inner-title\">Otimiza\u00e7\u00e3o cognitiva por meio das rotinas<\/div>\n<pee>Os estudos em neuroimagem mostram que as rotinas permitem uma ativa\u00e7\u00e3o mais eficaz das redes atencionais em pessoas com autismo. Essa otimiza\u00e7\u00e3o neurol\u00f3gica se traduz em uma melhoria mensur\u00e1vel no desempenho em diversas tarefas cognitivas, da mem\u00f3ria de trabalho \u00e0 resolu\u00e7\u00e3o de problemas.<\/pee>\n                <\/div>\n<\/p><\/div>\n<pee>A utiliza\u00e7\u00e3o de ferramentas como <a href=\"https:\/\/www.dynseo.com\/pt-pt\/coco-pensa-e-coco-se-mexe\/\" target=\"_blank\">COCO PENSA e COCO SE MEXE<\/a> em uma rotina di\u00e1ria pode contribuir para essa melhoria cognitiva. Os exerc\u00edcios propostos estimulam diferentes fun\u00e7\u00f5es cerebrais enquanto respeitam a necessidade de estrutura e previsibilidade das pessoas com autismo.<\/pee>\n<h2>6. Os diferentes tipos de rotinas: sa\u00eddas e deslocamentos<\/h2>\n<pee>As sa\u00eddas e deslocamentos representam um dos aspectos mais sens\u00edveis da rotina para as pessoas com autismo. Esses momentos muitas vezes envolvem mudan\u00e7as de ambiente, novos est\u00edmulos sensoriais e intera\u00e7\u00f5es sociais imprevis\u00edveis, elementos que podem gerar estresse e ansiedade.<\/pee>\n<pee>Para otimizar essas transi\u00e7\u00f5es, \u00e9 essencial estabelecer rotinas precisas em torno das sa\u00eddas. Isso inclui os hor\u00e1rios de partida e retorno, os meios de transporte utilizados, os itiner\u00e1rios percorridos e at\u00e9 mesmo as atividades previstas durante o deslocamento. Essa previsibilidade transforma uma fonte potencial de estresse em um momento gerenci\u00e1vel e, \u00e0s vezes, at\u00e9 agrad\u00e1vel.<\/pee>\n<pee>A prepara\u00e7\u00e3o das sa\u00eddas tamb\u00e9m deve levar em conta as especificidades sensoriais da pessoa com autismo. Prever pausas, espa\u00e7os de retirada ou objetos de conforto pode fazer a diferen\u00e7a entre uma sa\u00edda bem-sucedida e uma experi\u00eancia traum\u00e1tica. A antecipa\u00e7\u00e3o se torna, assim, uma ferramenta terap\u00eautica poderosa.<\/pee>\n<div class=\"conseil-card\">\n<h3>\ud83d\ude8c Estrat\u00e9gias para os deslocamentos<\/h3>\n<pee>Crie um &#8220;kit de sa\u00edda&#8221; personalizado contendo os objetos reconfortantes, as prote\u00e7\u00f5es sensoriais necess\u00e1rias e um planejamento visual da sa\u00edda. Essa prepara\u00e7\u00e3o material e mental facilita muito a adapta\u00e7\u00e3o \u00e0s mudan\u00e7as de ambiente.<\/pee>\n            <\/div>\n<div class=\"key-points\">\n<h3>Elementos a estruturar para as sa\u00eddas:<\/h3>\n<ul>\n<li>Hor\u00e1rios de partida e retorno precisos<\/li>\n<li>Meios de transporte e itiner\u00e1rios<\/li>\n<li>Atividades previstas e sua dura\u00e7\u00e3o<\/li>\n<li>Pausas e espa\u00e7os de retirada poss\u00edveis<\/li>\n<li>Pessoas que estar\u00e3o presentes<\/li>\n<li>Retorno para casa e transi\u00e7\u00e3o para a rotina habitual<\/li>\n<\/ul><\/div>\n<h2>7. Gest\u00e3o de novas pessoas e intera\u00e7\u00f5es sociais<\/h2>\n<pee>A introdu\u00e7\u00e3o de novas pessoas no ambiente de uma pessoa autista constitui um desafio particular que necessita de uma abordagem estruturada e progressiva. As intera\u00e7\u00f5es sociais, j\u00e1 complexas para as pessoas autistas, tornam-se ainda mais exigentes quando envolvem indiv\u00edduos desconhecidos.<\/pee>\n<pee>A rotina em torno dos novos encontros deve incluir uma fase de prepara\u00e7\u00e3o detalhada. Isso pode envolver mostrar fotos da nova pessoa, explicar seu papel, sua personalidade e o contexto do encontro. Essa prepara\u00e7\u00e3o permite que o c\u00e9rebro autista crie categorias e expectativas, reduzindo assim a ansiedade relacionada ao desconhecido.<\/pee>\n<pee>\u00c9 tamb\u00e9m importante estabelecer regras claras sobre as intera\u00e7\u00f5es com as novas pessoas. Quanto tempo durar\u00e3o as trocas? Em que contexto ocorrer\u00e3o? Quais s\u00e3o as &#8220;sa\u00eddas de emerg\u00eancia&#8221; dispon\u00edveis se a situa\u00e7\u00e3o se tornar muito estimulante? Esses elementos de rotina social oferecem um quadro seguro para explorar novos relacionamentos.<\/pee>\n<div class=\"tip-box\">\n<div class=\"tip-box-label\">\ud83d\udc65 Prepara\u00e7\u00e3o social<\/div>\n<pee>Utilize hist\u00f3rias sociais ou jogos de papel para preparar os encontros com novas pessoas. Essas ferramentas permitem &#8220;repetir&#8221; a intera\u00e7\u00e3o em um ambiente seguro antes que ela ocorra.<\/pee>\n            <\/div>\n<pee>A progressividade \u00e9 essencial nesse processo. Come\u00e7ar com breves encontros em ambientes familiares e, em seguida, aumentar gradualmente a dura\u00e7\u00e3o e a complexidade das intera\u00e7\u00f5es permite uma adapta\u00e7\u00e3o suave. Essa abordagem respeita o ritmo natural de adapta\u00e7\u00e3o da pessoa autista, ao mesmo tempo que favorece sua abertura social.<\/pee>\n<h2>8. Adapta\u00e7\u00e3o a novos locais e ambientes<\/h2>\n<pee>A sensibilidade \u00e0s mudan\u00e7as de ambiente \u00e9 uma caracter\u00edstica importante do autismo que merece aten\u00e7\u00e3o especial na cria\u00e7\u00e3o de rotinas. Cada novo ambiente traz seu conjunto de est\u00edmulos sensoriais, refer\u00eancias espaciais diferentes e c\u00f3digos sociais espec\u00edficos que podem rapidamente se tornar opressivos.<\/pee>\n<pee>A prepara\u00e7\u00e3o para novos locais deve ser o mais detalhada poss\u00edvel. Isso pode incluir a visita virtual dos espa\u00e7os (fotos, v\u00eddeos, plantas), a identifica\u00e7\u00e3o de \u00e1reas calmas e sa\u00eddas, bem como o planejamento de atividades espec\u00edficas a serem realizadas nesses novos ambientes. Esse reconhecimento pr\u00e9vio permite que o c\u00e9rebro autista crie um mapa mental tranquilizador.<\/pee>\n<pee>A adapta\u00e7\u00e3o gradual tamb\u00e9m \u00e9 uma estrat\u00e9gia eficaz. Em vez de mergulhar imediatamente em um novo ambiente por um longo per\u00edodo, pode ser ben\u00e9fico come\u00e7ar com visitas curtas que permitem uma familiariza\u00e7\u00e3o progressiva. Cada exposi\u00e7\u00e3o bem-sucedida refor\u00e7a a confian\u00e7a e facilita as visitas seguintes.<\/pee>\n<div class=\"expert-box\">\n<div class=\"expert-box-label\">\ud83c\udfdb\ufe0f Arquitetura e Autismo<\/div>\n<div class=\"expert-inner\">\n<div class=\"expert-inner-title\">Impacto do ambiente f\u00edsico<\/div>\n<pee>A pesquisa mostra que certas caracter\u00edsticas arquitet\u00f4nicas podem facilitar consideravelmente a adapta\u00e7\u00e3o de pessoas autistas a novos locais: ilumina\u00e7\u00e3o suave, espa\u00e7os de retirada, sinaliza\u00e7\u00e3o clara e redu\u00e7\u00e3o de est\u00edmulos sensoriais desnecess\u00e1rios. Identificar esses elementos durante a prepara\u00e7\u00e3o pode melhorar muito a experi\u00eancia.<\/pee>\n                <\/div>\n<\/p><\/div>\n<div class=\"key-points\">\n<h3>Estrat\u00e9gias de adapta\u00e7\u00e3o a novos lugares:<\/h3>\n<ul>\n<li>Explora\u00e7\u00e3o virtual pr\u00e9via (fotos, v\u00eddeos)<\/li>\n<li>Identifica\u00e7\u00e3o de espa\u00e7os calmos e sa\u00eddas<\/li>\n<li>Planejamento de atividades espec\u00edficas<\/li>\n<li>Visitas curtas e repetidas para familiariza\u00e7\u00e3o<\/li>\n<li>Prepara\u00e7\u00e3o de um kit de conforto pessoal<\/li>\n<li>Estabelecimento de sinais para comunicar o desconforto<\/li>\n<\/ul><\/div>\n<h2>9. Organiza\u00e7\u00e3o do ambiente familiar e dom\u00e9stico<\/h2>\n<pee>O ambiente familiar constitui a base de todas as rotinas para uma pessoa autista. \u00c9 neste casulo dom\u00e9stico que se constroem os primeiros referenciais e que se estabelece o sentimento de seguran\u00e7a fundamental. A organiza\u00e7\u00e3o deste espa\u00e7o e das atividades que nele ocorrem merece, portanto, uma aten\u00e7\u00e3o toda especial.<\/pee>\n<pee>As rotinas dom\u00e9sticas tocam todos os aspectos da vida cotidiana: as refei\u00e7\u00f5es, a higiene pessoal, os lazeres, o sono e as tarefas dom\u00e9sticas. Cada uma dessas atividades pode se tornar fonte de estresse se n\u00e3o estiver suficientemente estruturada, ou ao contr\u00e1rio, um momento de tranquilidade e prazer se estiver bem organizada. A regularidade dos hor\u00e1rios, a previsibilidade das atividades e a coer\u00eancia das regras familiares criam um ambiente prop\u00edcio ao desenvolvimento.<\/pee>\n<pee>O espa\u00e7o f\u00edsico em si desempenha um papel importante nessas rotinas. A organiza\u00e7\u00e3o dos objetos, a delimita\u00e7\u00e3o das zonas de atividade e a adapta\u00e7\u00e3o do ambiente sensorial (ilumina\u00e7\u00e3o, ac\u00fastica, temperatura) contribuem para criar um quadro de vida ideal. Essas adapta\u00e7\u00f5es n\u00e3o s\u00e3o meras prefer\u00eancias, mas adapta\u00e7\u00f5es necess\u00e1rias que facilitam o funcionamento cotidiano da pessoa autista.<\/pee>\n<div class=\"conseil-card\">\n<h3>\ud83c\udfe0 Am\u00e9nagement optimal<\/h3>\n<pee>Crie zonas claramente definidas para diferentes atividades (descanso, jogo, trabalho, refei\u00e7\u00e3o) e use refer\u00eancias visuais para facilitar a orienta\u00e7\u00e3o no espa\u00e7o. A previsibilidade espacial \u00e9 t\u00e3o importante quanto a previsibilidade temporal.<\/pee>\n            <\/div>\n<pee>A integra\u00e7\u00e3o de atividades estruturadas como aquelas propostas por <a href=\"https:\/\/www.dynseo.com\/pt-pt\/coco-pensa-e-coco-se-mexe\/\" target=\"_blank\">COCO PENSA e COCO SE MEXE<\/a> nas rotinas familiares pode trazer uma dimens\u00e3o educacional e terap\u00eautica valiosa. Esses momentos tornam-se compromissos esperados que combinam prazer, aprendizado e estimula\u00e7\u00e3o cognitiva adaptada.<\/pee>\n<h2>10. O que fazer quando a rotina se torna problem\u00e1tica?<\/h2>\n<pee>Embora as rotinas sejam geralmente ben\u00e9ficas para as pessoas com autismo, elas podem \u00e0s vezes se tornar excessivamente r\u00edgidas e criar dificuldades em vez de solu\u00e7\u00f5es. Reconhecer essas situa\u00e7\u00f5es e saber como gerenci\u00e1-las \u00e9 essencial para manter um equil\u00edbrio saud\u00e1vel entre estrutura e flexibilidade.<\/pee>\n<pee>A rigidez excessiva geralmente se manifesta por um sofrimento significativo diante da menor mudan\u00e7a, mesmo que seja menor ou ben\u00e9fica. A pessoa autista pode desenvolver rituais t\u00e3o complexos que interferem em suas atividades di\u00e1rias ou em suas rela\u00e7\u00f5es sociais. Nesses casos, a rotina, inicialmente protetora, torna-se uma pris\u00e3o que limita o desenvolvimento e a adapta\u00e7\u00e3o.<\/pee>\n<pee>A abordagem para flexibilizar uma rotina muito r\u00edgida deve ser progressiva e respeitosa. N\u00e3o se trata de perturbar bruscamente os h\u00e1bitos estabelecidos, mas de introduzir gradualmente varia\u00e7\u00f5es aceit\u00e1veis. Essa abordagem exige paci\u00eancia, criatividade e, muitas vezes, o acompanhamento de profissionais especializados que podem propor estrat\u00e9gias adaptadas a cada situa\u00e7\u00e3o.<\/pee>\n<div class=\"tip-box\">\n<div class=\"tip-box-label\">\u2696\ufe0f Encontrar o equil\u00edbrio<\/div>\n<pee>Introduza o conceito de &#8220;rotinas flex\u00edveis&#8221;: atividades que permanecem regulares em seu tempo, mas podem variar em seu conte\u00fado. Por exemplo, &#8220;15 minutos de atividade criativa ap\u00f3s o lanche&#8221; em vez de &#8220;desenhar das 16h \u00e0s 16h15&#8221;.<\/pee>\n            <\/div>\n<div class=\"key-points\">\n<h3>Sinais de uma rotina muito r\u00edgida:<\/h3>\n<ul>\n<li>Ang\u00fastia maior diante de mudan\u00e7as menores<\/li>\n<li>Rituais que levam cada vez mais tempo<\/li>\n<li>Recusa em participar de novas atividades agrad\u00e1veis<\/li>\n<li>Impacto negativo nas rela\u00e7\u00f5es sociais<\/li>\n<li>Limita\u00e7\u00e3o das oportunidades de aprendizado<\/li>\n<li>Exaust\u00e3o do entorno para manter a rotina<\/li>\n<\/ul><\/div>\n<h2>11. Estrat\u00e9gias para introduzir flexibilidade nas rotinas<\/h2>\n<pee>A introdu\u00e7\u00e3o de flexibilidade nas rotinas estabelecidas representa um desafio delicado que requer uma abordagem met\u00f3dica e gentil. O objetivo n\u00e3o \u00e9 desestabilizar a pessoa com autismo, mas ajud\u00e1-la gradualmente a desenvolver habilidades de adapta\u00e7\u00e3o que enriquecer\u00e3o sua vida sem comprometer seu sentimento de seguran\u00e7a.<\/pee>\n<pee>A primeira etapa consiste em identificar os elementos da rotina que s\u00e3o verdadeiramente essenciais para o bem-estar da pessoa com autismo, e aqueles que poderiam ser adaptados sem criar ang\u00fastia. Essa an\u00e1lise permite direcionar as interven\u00e7\u00f5es de maneira estrat\u00e9gica, preservando os ancoradouros mais importantes enquanto se trabalha nos aspectos menos cr\u00edticos.<\/pee>\n<pee>As &#8220;micro-mudan\u00e7as&#8221; constituem uma estrat\u00e9gia eficaz para introduzir a flexibilidade. Trata-se de modifica\u00e7\u00f5es t\u00e3o pequenas que s\u00e3o quase impercept\u00edveis, mas que criam gradualmente uma abertura para a mudan\u00e7a. Por exemplo, adiantar uma atividade em alguns minutos, mudar a ordem de duas tarefas menores, ou introduzir um novo elemento em um contexto familiar.<\/pee>\n<div class=\"expert-box\">\n<div class=\"expert-box-label\">\ud83d\udd2c Pesquisa Aplicada<\/div>\n<div class=\"expert-inner\">\n<div class=\"expert-inner-title\">Teoria da exposi\u00e7\u00e3o gradual<\/div>\n<pee>Os estudos em psicologia comportamental mostram que a exposi\u00e7\u00e3o gradual \u00e0s mudan\u00e7as, em um ambiente seguro, pode efetivamente aumentar a toler\u00e2ncia \u00e0 incerteza em pessoas com autismo. Essa abordagem, inspirada nas terapias cognitivo-comportamentais, deve ser adaptada \u00e0s especificidades do autismo.<\/pee>\n                <\/div>\n<\/p><\/div>\n<pee>A &#8220;gamifica\u00e7\u00e3o&#8221; da mudan\u00e7a tamb\u00e9m pode ser uma estrat\u00e9gia motivadora. Apresentar as varia\u00e7\u00f5es de rotina como jogos ou desafios divertidos, com recompensas apropriadas, pode transformar uma experi\u00eancia potencialmente estressante em um momento de descoberta positiva. Essa abordagem l\u00fadica respeita o funcionamento cognitivo particular das pessoas com autismo, ao mesmo tempo em que favorece a abertura \u00e0 mudan\u00e7a.<\/pee>\n<h2>12. Ferramentas tecnol\u00f3gicas para apoiar as rotinas<\/h2>\n<pee>A evolu\u00e7\u00e3o tecnol\u00f3gica oferece hoje possibilidades not\u00e1veis para apoiar e enriquecer as rotinas das pessoas com autismo. Essas ferramentas digitais podem servir como suportes visuais, lembretes temporais e at\u00e9 plataformas de aprendizado adaptadas \u00e0s necessidades espec\u00edficas do autismo.<\/pee>\n<pee>Os aplicativos de planejamento e gest\u00e3o do tempo constituem uma primeira categoria de ferramentas valiosas. Eles permitem criar cronogramas visuais, estabelecer lembretes sonoros ou vibrantes e acompanhar a realiza\u00e7\u00e3o das tarefas di\u00e1rias. Essas funcionalidades atendem diretamente \u00e0s necessidades de estrutura e previsibilidade das pessoas com autismo.<\/pee>\n<pee>As plataformas de exerc\u00edcios cognitivos representam uma inova\u00e7\u00e3o particularmente interessante para enriquecer as rotinas. <a href=\"https:\/\/www.dynseo.com\/pt-pt\/coco-pensa-e-coco-se-mexe\/\" target=\"_blank\">COCO PENSA e COCO SE MEXE<\/a>, por exemplo, prop\u00f5e uma abordagem \u00fanica que combina estimula\u00e7\u00e3o cognitiva e atividade f\u00edsica, atendendo \u00e0s necessidades hol\u00edsticas das pessoas com autismo. Essa altern\u00e2ncia programada entre exerc\u00edcios mentais e pausas ativas respeita os ritmos atencionais espec\u00edficos do autismo.<\/pee>\n<div class=\"tip-box\">\n<div class=\"tip-box-label\">\ud83d\udcbb Integra\u00e7\u00e3o tecnol\u00f3gica<\/div>\n<pee>Escolha ferramentas tecnol\u00f3gicas simples e personaliz\u00e1veis. A interface deve ser clara, sem sobrecarga sensorial, e permitir uma adapta\u00e7\u00e3o gradual \u00e0s necessidades evolutivas da pessoa com autismo.<\/pee>\n            <\/div>\n<div class=\"key-points\">\n<h3>Vantagens das ferramentas tecnol\u00f3gicas adaptadas:<\/h3>\n<ul>\n<li>Suporte visual constante e personaliz\u00e1vel<\/li>\n<li>Lembretes automatizados respeitando as prefer\u00eancias sensoriais<\/li>\n<li>Progress\u00e3o mensur\u00e1vel e motivadora<\/li>\n<li>Acessibilidade e portabilidade<\/li>\n<li>Adapta\u00e7\u00e3o poss\u00edvel \u00e0s evolu\u00e7\u00f5es das necessidades<\/li>\n<li>Interface familiar e tranquilizadora<\/li>\n<\/ul><\/div>\n<pee>A introdu\u00e7\u00e3o dessas ferramentas deve, ela mesma, ser objeto de uma rotina de aprendizado progressivo. \u00c9 importante n\u00e3o criar uma depend\u00eancia excessiva da tecnologia, mas sim usar esses suportes como facilitadores que enriquecem a autonomia e o bem-estar da pessoa autista.<\/pee>\n<h2>13. Comunica\u00e7\u00e3o e rotinas: desenvolver a express\u00e3o das necessidades<\/h2>\n<pee>A comunica\u00e7\u00e3o em torno das rotinas representa um desafio importante para a autonomia e o bem-estar das pessoas autistas. Desenvolver a capacidade de expressar suas necessidades, prefer\u00eancias e dificuldades relacionadas \u00e0s rotinas constitui um objetivo terap\u00eautico e educativo fundamental que merece uma aten\u00e7\u00e3o especial.<\/pee>\n<pee> Muitas pessoas autistas enfrentam dificuldades para verbalizar suas necessidades, especialmente quando se trata de conceitos abstratos como conforto, ansiedade ou prefer\u00eancias pessoais. As rotinas podem se tornar um quadro de aprendizado da comunica\u00e7\u00e3o, criando momentos regulares dedicados \u00e0 express\u00e3o e \u00e0 escuta m\u00fatua.<\/pee>\n<pee>Os suportes de comunica\u00e7\u00e3o alternativos e aumentativos aqui ganham toda a sua import\u00e2ncia. Pictogramas, quadros de comunica\u00e7\u00e3o, aplicativos dedicados ou objetos de refer\u00eancia podem servir de pontes entre a experi\u00eancia interna da pessoa autista e sua capacidade de compartilh\u00e1-la com seu entorno. Essas ferramentas se integram naturalmente nas rotinas di\u00e1rias.<\/pee>\n<div class=\"conseil-card\">\n<h3>\ud83d\udce2 Comunica\u00e7\u00e3o adaptada<\/h3>\n<pee>Crie &#8220;momentos de comunica\u00e7\u00e3o&#8221; regulares nas rotinas, com suportes visuais adaptados. Esses encontros dedicados \u00e0 express\u00e3o permitem desenvolver progressivamente as habilidades comunicativas em um ambiente seguro.<\/pee>\n            <\/div>\n<pee>O aprendizado da autoavalia\u00e7\u00e3o tamb\u00e9m constitui um aspecto importante dessa abordagem. Ajudar a pessoa autista a reconhecer seus pr\u00f3prios sinais internos (fadiga, estresse, satisfa\u00e7\u00e3o, t\u00e9dio) e a express\u00e1-los de maneira apropriada favorece sua autonomia e melhora a qualidade de suas intera\u00e7\u00f5es com o ambiente.<\/pee>\n<div class=\"expert-box\">\n<div class=\"expert-box-label\">\ud83d\udde3\ufe0f Ci\u00eancias da Comunica\u00e7\u00e3o<\/div>\n<div class=\"expert-inner\">\n<div class=\"expert-inner-title\">Neuroplasticidade e desenvolvimento comunicacional<\/div>\n<pee>As pesquisas recentes mostram que o c\u00e9rebro autista mant\u00e9m uma importante capacidade de plasticidade para desenvolver novas habilidades comunicativas, mesmo na idade adulta. As rotinas estruturadas constituem um ambiente ideal para estimular essa neuroplasticidade de maneira respeitosa e eficaz.<\/pee>\n                <\/div>\n<\/p><\/div>\n<div class=\"faq-list\">\n<h2>\ud83e\udd14 Perguntas frequentes sobre rotinas e autismo<\/h2>\n<div class=\"faq-item\">\n<div class=\"faq-q\">\n                        <span>\u00c0 que idade deve-se come\u00e7ar a estabelecer rotinas para uma crian\u00e7a autista?<\/span><br \/>\n                        <span class=\"faq-icon\">+<\/span>\n                    <\/div>\n<div class=\"faq-a\">\n                        <pee>N\u00e3o h\u00e1 idade m\u00ednima para come\u00e7ar a estabelecer rotinas ben\u00e9ficas. Desde os primeiros sinais de autismo, geralmente por volta de 18-24 meses, a introdu\u00e7\u00e3o gradual de estruturas temporais e atividades previs\u00edveis pode ter efeitos positivos. O importante \u00e9 adaptar a complexidade das rotinas \u00e0 idade e \u00e0s capacidades da crian\u00e7a, come\u00e7ando por sequ\u00eancias simples e enriquecendo gradualmente o quadro estrutural.<\/pee>\n                    <\/div>\n<\/p><\/div>\n<div class=\"faq-item\">\n<div class=\"faq-q\">\n                        <span>Como gerenciar as rotinas durante as f\u00e9rias ou per\u00edodos de mudan\u00e7a?<\/span><br \/>\n                        <span class=\"faq-icon\">+<\/span>\n                    <\/div>\n<div class=\"faq-a\">\n                        <pee>As f\u00e9rias exigem uma adapta\u00e7\u00e3o antecipada das rotinas em vez de sua supress\u00e3o. Prepare essas mudan\u00e7as v\u00e1rias semanas antes, explicando as modifica\u00e7\u00f5es previstas, mantendo alguns elementos fixos (hor\u00e1rios das refei\u00e7\u00f5es, rituais de dormir) e criando novas rotinas tempor\u00e1rias adaptadas ao contexto das f\u00e9rias. O uso de um calend\u00e1rio visual pode facilitar muito essa transi\u00e7\u00e3o.<\/pee>\n                    <\/div>\n<\/p><\/div>\n<div class=\"faq-item\">\n<div class=\"faq-q\">\n                        <span>O que fazer se meu filho autista se recusar a abandonar uma rotina que se tornou problem\u00e1tica?<\/span><br \/>\n                        <span class=\"faq-icon\">+<\/span>\n                    <\/div>\n<div class=\"faq-a\">\n                        <pee>A resist\u00eancia \u00e0 mudan\u00e7a \u00e9 natural e deve ser respeitada. Em vez de for\u00e7ar o abandono, trabalhe na adapta\u00e7\u00e3o gradual: introduza micro-varia\u00e7\u00f5es, proponha alternativas atraentes e consulte um profissional especializado em autismo. O objetivo \u00e9 preservar a sensa\u00e7\u00e3o de seguran\u00e7a enquanto desenvolve gradualmente a flexibilidade. Paci\u00eancia e criatividade s\u00e3o essenciais nesse processo.<\/pee>\n                    <\/div>\n<\/p><\/div>\n<div class=\"faq-item\">\n<div class=\"faq-q\">\n                        <span>As rotinas podem evoluir com a idade da pessoa autista?<\/span><br \/>\n                        <span class=\"faq-icon\">+<\/span>\n                    <\/div>\n<div class=\"faq-a\">\n                        <pee>Absolutamente! As rotinas devem evoluir para permanecer relevantes e ben\u00e9ficas. Uma crian\u00e7a autista n\u00e3o ter\u00e1 as mesmas necessidades que um adolescente ou um adulto. Essa evolu\u00e7\u00e3o deve ser gradual e muitas vezes envolve a aquisi\u00e7\u00e3o de novas habilidades de autonomia. O importante \u00e9 manter a sensa\u00e7\u00e3o de seguran\u00e7a enquanto adapta a estrutura aos novos desafios e oportunidades de cada etapa da vida.<\/pee>\n                    <\/div>\n<\/p><\/div>\n<div class=\"faq-item\">\n<div class=\"faq-q\">\n                        <span>Como envolver toda a fam\u00edlia na manuten\u00e7\u00e3o das rotinas?<\/span><br \/>\n                        <span class=\"faq-icon\">+<\/span>\n                    <\/div>\n<div class=\"faq-a\">\n                        <pee>A coer\u00eancia familiar \u00e9 crucial para a efic\u00e1cia das rotinas. Organize reuni\u00f5es familiares regulares para discutir as rotinas, forme todos os membros sobre as especificidades do autismo e crie guias visuais que cada um possa seguir. \u00c9 importante que cada pessoa compreenda a import\u00e2ncia dessas estruturas e se sinta capaz de mant\u00ea-las. A forma\u00e7\u00e3o e a comunica\u00e7\u00e3o s\u00e3o as chaves do sucesso coletivo.<\/pee>\n                    <\/div>\n<\/p><\/div>\n<\/p><\/div>\n<div class=\"cta-box\">\n<h3>Descubra COCO PENSA e COCO SE MEXE<\/h3>\n<pee>Integre exerc\u00edcios cognitivos e f\u00edsicos adaptados nas rotinas di\u00e1rias do seu ente querido autista. Nosso aplicativo oferece uma abordagem \u00fanica que respeita as necessidades de estrutura enquanto estimula o desenvolvimento das capacidades.<\/pee>\n<div class=\"cta-buttons\">\n                    <a href=\"https:\/\/www.dynseo.com\/pt-pt\/coco-pensa-e-coco-se-mexe\/\" class=\"btn-white\" target=\"_blank\">Experimente gratuitamente<\/a><br \/>\n                    <a href=\"https:\/\/www.dynseo.com\/pt-pt\/coco-pensa-e-coco-se-mexe\/\" class=\"btn-outline\" target=\"_blank\">Saiba mais<\/a>\n                <\/div>\n<\/p><\/div>\n<div class=\"article-tags\">\n<h3>Palavras-chave :<\/h3>\n<p>                <a href=\"#\" class=\"article-tag\">Autismo<\/a><br \/>\n                <a href=\"#\" class=\"article-tag\">Rotinas<\/a><br \/>\n                <a href=\"#\" class=\"article-tag\">Ansiedade<\/a><br \/>\n                <a href=\"#\" class=\"article-tag\">Estrutura<\/a><br \/>\n                <a href=\"#\" class=\"article-tag\">Bem-estar<\/a><br \/>\n                <a href=\"#\" class=\"article-tag\">Fam\u00edlia<\/a><br \/>\n                <a href=\"#\" class=\"article-tag\">Autonomia<\/a><br \/>\n                <a href=\"#\" class=\"article-tag\">Comunica\u00e7\u00e3o<\/a><br \/>\n                <a href=\"#\" class=\"article-tag\">Adapta\u00e7\u00e3o<\/a><br \/>\n                <a href=\"#\" class=\"article-tag\">Desenvolvimento<\/a>\n            <\/div>\n<\/p><\/div>\n<\/p><\/div>\n<p>[\/et_pb_code][\/et_pb_column][\/et_pb_row][\/et_pb_section]<\/p>\n","protected":false},"excerpt":{"rendered":"","protected":false},"author":4,"featured_media":366724,"comment_status":"closed","ping_status":"closed","sticky":false,"template":"","format":"standard","meta":{"_et_pb_use_builder":"on","_et_pb_old_content":"[et_pb_section fb_built=\"1\" _builder_version=\"4.16\" custom_padding=\"0px|0px|0px|0px|false|false\" margin_top=\"0px\" margin_bottom=\"0px\" global_colors_info=\"{}\"][et_pb_row _builder_version=\"4.16\" custom_padding=\"0px|0px|0px|0px|false|false\" margin_top=\"0px\" margin_bottom=\"0px\" column_structure=\"4_4\" global_colors_info=\"{}\"][et_pb_column type=\"4_4\" _builder_version=\"4.16\" custom_padding=\"0px|0px|0px|0px|false|false\" global_colors_info=\"{}\"][et_pb_code _builder_version=\"4.16\" custom_padding=\"0px|0px|0px|0px|false|false\" global_colors_info=\"{}\"]<style>\n        :root {\n            --primary-blue: #5e5ed7;\n            --blue-dark: #5268c9;\n            --teal: #a9e2e4;\n            --yellow: #ffeca7;\n            --rose: #e73469;\n            --white: #ffffff;\n            --light-gray: #f8f9fa;\n            --dark-gray: #333333;\n            --text-gray: #666666;\n        }\n\n        * {\n            margin: 0;\n            padding: 0;\n            box-sizing: border-box;\n        }\n\n        body {\n            font-family: 'Poppins', sans-serif;\n            line-height: 1.6;\n            color: var(--dark-gray);\n            background-color: var(--white);\n        }\n\n        .article-hero {\n            background: linear-gradient(135deg, var(--primary-blue) 0%, var(--blue-dark) 100%);\n            color: white;\n            position: relative;\n            padding: 2rem 0 4rem;\n        }\n\n        .article-hero-inner {\n            max-width: 1200px;\n            margin: 0 auto;\n            padding: 0 2rem;\n        }\n\n        .article-breadcrumb {\n            margin-bottom: 1rem;\n            font-size: 0.9rem;\n            opacity: 0.9;\n        }\n\n        .article-category {\n            display: inline-block;\n            background: var(--rose);\n            color: white;\n            padding: 0.5rem 1rem;\n            border-radius: 20px;\n            font-size: 0.85rem;\n            font-weight: 500;\n            margin-bottom: 1.5rem;\n        }\n\n        .article-hero h1 {\n            font-family: 'Montserrat', sans-serif;\n            font-size: 2.5rem;\n            font-weight: 700;\n            line-height: 1.2;\n            margin-bottom: 1.5rem;\n        }\n\n        .hl {\n            background: linear-gradient(120deg, var(--yellow) 0%, var(--teal) 100%);\n            -webkit-background-clip: text;\n            -webkit-text-fill-color: transparent;\n            background-clip: text;\n        }\n\n        .article-meta {\n            display: flex;\n            gap: 2rem;\n            align-items: center;\n            margin-bottom: 2rem;\n            font-size: 0.9rem;\n        }\n\n        .article-meta span {\n            display: flex;\n            align-items: center;\n            gap: 0.5rem;\n        }\n\n        .rating {\n            display: flex;\n            align-items: center;\n            gap: 0.5rem;\n        }\n\n        .stars {\n            color: var(--yellow);\n        }\n\n        .article-hero-curve {\n            position: absolute;\n            bottom: -1px;\n            left: 0;\n            width: 100%;\n            height: 60px;\n            background: white;\n            clip-path: ellipse(100% 60px at 50% 100%);\n        }\n\n        .article-body {\n            margin-top: 3rem;\n        }\n\n        .container {\n            max-width: 1200px;\n            margin: 0 auto;\n            padding: 0 2rem;\n        }\n\n        .intro-block {\n            background: var(--light-gray);\n            padding: 2rem;\n            border-radius: 15px;\n            margin-bottom: 3rem;\n            font-size: 1.1rem;\n            line-height: 1.7;\n            border-left: 4px solid var(--primary-blue);\n        }\n\n        .stats-grid {\n            display: grid;\n            grid-template-columns: repeat(auto-fit, minmax(250px, 1fr));\n            gap: 2rem;\n            margin: 3rem 0;\n        }\n\n        .stat-card {\n            background: white;\n            padding: 2rem;\n            border-radius: 15px;\n            box-shadow: 0 10px 30px rgba(0,0,0,0.1);\n            text-align: center;\n            border-top: 4px solid var(--primary-blue);\n        }\n\n        .stat-card .number {\n            font-size: 2.5rem;\n            font-weight: 700;\n            color: var(--primary-blue);\n            display: block;\n            margin-bottom: 0.5rem;\n        }\n\n        .stat-card .label {\n            font-size: 1rem;\n            color: var(--text-gray);\n            font-weight: 500;\n        }\n\n        .article-body h2 {\n            font-family: 'Montserrat', sans-serif;\n            font-size: 2rem;\n            font-weight: 600;\n            color: var(--primary-blue);\n            margin: 3rem 0 1.5rem;\n            padding-bottom: 0.5rem;\n            border-bottom: 3px solid var(--teal);\n        }\n\n        .article-body h3 {\n            font-family: 'Montserrat', sans-serif;\n            font-size: 1.5rem;\n            font-weight: 600;\n            color: var(--blue-dark);\n            margin: 2rem 0 1rem;\n        }\n\n        .article-body p {\n            margin-bottom: 1.5rem;\n            line-height: 1.7;\n        }\n\n        .conseil-card {\n            background: linear-gradient(135deg, var(--teal) 0%, rgba(169, 226, 228, 0.3) 100%);\n            padding: 2rem;\n            border-radius: 15px;\n            margin: 2rem 0;\n            border-left: 5px solid var(--blue-dark);\n        }\n\n        .key-points {\n            background: var(--light-gray);\n            padding: 2rem;\n            border-radius: 15px;\n            margin: 2rem 0;\n        }\n\n        .key-points ul {\n            list-style: none;\n            padding-left: 0;\n        }\n\n        .key-points li {\n            position: relative;\n            padding-left: 2rem;\n            margin-bottom: 1rem;\n        }\n\n        .key-points li::before {\n            content: \"\u2713\";\n            position: absolute;\n            left: 0;\n            color: var(--primary-blue);\n            font-weight: bold;\n            font-size: 1.2rem;\n        }\n\n        .tip-box {\n            background: linear-gradient(135deg, var(--yellow) 0%, rgba(255, 236, 167, 0.3) 100%);\n            padding: 2rem;\n            border-radius: 15px;\n            margin: 2rem 0;\n            position: relative;\n        }\n\n        .tip-box-label {\n            font-weight: 600;\n            color: var(--blue-dark);\n            font-size: 1.1rem;\n            margin-bottom: 1rem;\n            display: flex;\n            align-items: center;\n            gap: 0.5rem;\n        }\n\n        .expert-box {\n            background: white;\n            border: 2px solid var(--primary-blue);\n            border-radius: 15px;\n            padding: 0;\n            margin: 3rem 0;\n            overflow: hidden;\n        }\n\n        .expert-box-label {\n            background: var(--primary-blue);\n            color: white;\n            padding: 1rem 2rem;\n            font-weight: 600;\n            font-size: 1.1rem;\n        }\n\n        .expert-box-title {\n            background: var(--light-gray);\n            padding: 1rem 2rem;\n            font-weight: 600;\n            color: var(--blue-dark);\n        }\n\n        .expert-inner {\n            padding: 2rem;\n        }\n\n        .expert-inner-title {\n            font-family: 'Montserrat', sans-serif;\n            font-size: 1.3rem;\n            font-weight: 600;\n            color: var(--primary-blue);\n            margin-bottom: 1rem;\n        }\n\n        .faq-list {\n            margin: 3rem 0;\n        }\n\n        .faq-item {\n            background: white;\n            border: 1px solid #e0e0e0;\n            border-radius: 10px;\n            margin-bottom: 1rem;\n            overflow: hidden;\n        }\n\n        .faq-q {\n            padding: 1.5rem;\n            background: var(--light-gray);\n            cursor: pointer;\n            display: flex;\n            justify-content: space-between;\n            align-items: center;\n            font-weight: 600;\n            color: var(--primary-blue);\n            transition: all 0.3s ease;\n        }\n\n        .faq-q:hover {\n            background: var(--teal);\n        }\n\n        .faq-icon {\n            font-size: 1.5rem;\n            transition: transform 0.3s ease;\n        }\n\n        .faq-item.open .faq-icon {\n            transform: rotate(45deg);\n        }\n\n        .faq-a {\n            padding: 0 1.5rem;\n            max-height: 0;\n            overflow: hidden;\n            transition: all 0.3s ease;\n        }\n\n        .faq-item.open .faq-a {\n            padding: 1.5rem;\n            max-height: 500px;\n        }\n\n        .cta-box {\n            background: linear-gradient(135deg, var(--primary-blue) 0%, var(--blue-dark) 100%);\n            color: white;\n            padding: 3rem;\n            border-radius: 20px;\n            text-align: center;\n            margin: 4rem 0;\n        }\n\n        .cta-box h3 {\n            font-family: 'Montserrat', sans-serif;\n            font-size: 2rem;\n            margin-bottom: 1rem;\n            color: white;\n        }\n\n        .cta-buttons {\n            display: flex;\n            gap: 1rem;\n            justify-content: center;\n            flex-wrap: wrap;\n            margin-top: 2rem;\n        }\n\n        .btn-white {\n            background: white;\n            color: var(--primary-blue);\n            padding: 1rem 2rem;\n            border: none;\n            border-radius: 50px;\n            font-weight: 600;\n            text-decoration: none;\n            transition: all 0.3s ease;\n            display: inline-block;\n        }\n\n        .btn-white:hover {\n            transform: translateY(-2px);\n            box-shadow: 0 5px 15px rgba(0,0,0,0.2);\n        }\n\n        .btn-outline {\n            background: transparent;\n            color: white;\n            border: 2px solid white;\n            padding: 1rem 2rem;\n            border-radius: 50px;\n            font-weight: 600;\n            text-decoration: none;\n            transition: all 0.3s ease;\n            display: inline-block;\n        }\n\n        .btn-outline:hover {\n            background: white;\n            color: var(--primary-blue);\n        }\n\n        .article-tags {\n            margin: 3rem 0;\n            padding: 2rem 0;\n            border-top: 1px solid #e0e0e0;\n        }\n\n        .article-tag {\n            display: inline-block;\n            background: var(--light-gray);\n            color: var(--text-gray);\n            padding: 0.5rem 1rem;\n            border-radius: 20px;\n            font-size: 0.9rem;\n            margin: 0.25rem;\n            text-decoration: none;\n            transition: all 0.3s ease;\n        }\n\n        .article-tag:hover {\n            background: var(--primary-blue);\n            color: white;\n        }\n\n        @media (max-width: 768px) {\n            .article-hero h1 {\n                font-size: 2rem;\n            }\n\n            .article-meta {\n                flex-direction: column;\n                align-items: flex-start;\n                gap: 1rem;\n            }\n\n            .stats-grid {\n                grid-template-columns: 1fr;\n            }\n\n            .container {\n                padding: 0 1rem;\n            }\n\n            .cta-buttons {\n                flex-direction: column;\n                align-items: center;\n            }\n\n            .btn-white, .btn-outline {\n                width: 100%;\n                max-width: 300px;\n            }\n        }\n    <\/style>\n<script>\n        document.querySelectorAll('.faq-q').forEach(function(button) {\n            button.addEventListener('click', function() {\n                button.closest('.faq-item').classList.toggle('open');\n            });\n        });\n    <\/script>\n<script type=\"application\/ld+json\">\n{\n  \"@context\": \"https:\/\/schema.org\",\n  \"@graph\": [\n    {\n      \"@type\": \"Article\",\n      \"headline\": \"Quelle est l'importance de pr\u00e9server une routine pour les personnes autistes ?\",\n      \"description\": \"\ud83d\udcc5 Publi\u00e9 en Avril 2026 \u23f1\ufe0f 15 min de lecture \ud83d\udc65 Familles et professionnels \u2b50\u2b50\u2b50\u2b50\u2b50 4.8\/5 (247 avis)\",\n      \"url\": \"https:\/\/www.dynseo.com\/quelle-est-limportance-de-preserver-une-routine-pour-les-personnes-autistes\/\",\n      \"datePublished\": \"2026-04-07\",\n      \"dateModified\": \"2026-04-07\",\n      \"author\": {\n        \"@type\": \"Organization\",\n        \"name\": \"DYNSEO\",\n        \"url\": \"https:\/\/www.dynseo.com\"\n      },\n      \"publisher\": {\n        \"@type\": \"Organization\",\n        \"name\": \"DYNSEO\",\n        \"url\": \"https:\/\/www.dynseo.com\",\n        \"logo\": {\n          \"@type\": \"ImageObject\",\n          \"url\": \"https:\/\/www.dynseo.com\/wp-content\/uploads\/2021\/01\/logo-dynseo.png\"\n        }\n      },\n      \"image\": {\n        \"@type\": \"ImageObject\",\n        \"url\": \"https:\/\/www.dynseo.com\/wp-content\/uploads\/2026\/04\/routine-autisme.jpg\",\n        \"width\": 1200,\n        \"height\": 630\n      },\n      \"aggregateRating\": {\n        \"@type\": \"AggregateRating\",\n        \"ratingValue\": \"4.8\",\n        \"bestRating\": \"5\",\n        \"ratingCount\": \"247\"\n      },\n      \"mainEntityOfPage\": {\n        \"@type\": \"WebPage\",\n        \"@id\": \"https:\/\/www.dynseo.com\/quelle-est-limportance-de-preserver-une-routine-pour-les-personnes-autistes\/\"\n      }\n    },\n    {\n      \"@type\": \"WebPage\",\n      \"@id\": \"https:\/\/www.dynseo.com\/quelle-est-limportance-de-preserver-une-routine-pour-les-personnes-autistes\/\",\n      \"url\": \"https:\/\/www.dynseo.com\/quelle-est-limportance-de-preserver-une-routine-pour-les-personnes-autistes\/\",\n      \"name\": \"Quelle est l'importance de pr\u00e9server une routine pour les personnes autistes ?\",\n      \"isPartOf\": {\n        \"@type\": \"WebSite\",\n        \"name\": \"DYNSEO\",\n        \"url\": \"https:\/\/www.dynseo.com\"\n      },\n      \"breadcrumb\": {\n        \"@type\": \"BreadcrumbList\",\n        \"itemListElement\": [\n          {\n            \"@type\": \"ListItem\",\n            \"position\": 1,\n            \"name\": \"Accueil\",\n            \"item\": \"https:\/\/www.dynseo.com\"\n          },\n          {\n            \"@type\": \"ListItem\",\n            \"position\": 2,\n            \"name\": \"Blog\",\n            \"item\": \"https:\/\/www.dynseo.com\/blog\"\n          },\n          {\n            \"@type\": \"ListItem\",\n            \"position\": 3,\n            \"name\": \"Quelle est l'importance de pr\u00e9server une routine pour les personnes autistes ?\",\n            \"item\": \"https:\/\/www.dynseo.com\/quelle-est-limportance-de-preserver-une-routine-pour-les-personnes-autistes\/\"\n          }\n        ]\n      }\n    },\n    {\n      \"@type\": \"FAQPage\",\n      \"mainEntity\": [\n        {\n          \"@type\": \"Question\",\n          \"name\": \"\u00c0 quel \u00e2ge faut-il commencer \u00e0 \u00e9tablir des routines pour un enfant autiste ?\",\n          \"acceptedAnswer\": {\n            \"@type\": \"Answer\",\n            \"text\": \"Il est recommand\u00e9 de commencer \u00e0 \u00e9tablir des routines d\u00e8s le plus jeune \u00e2ge, id\u00e9alement d\u00e8s la petite enfance. Les routines peuvent \u00eatre adapt\u00e9es selon l'\u00e2ge et les capacit\u00e9s de l'enfant autiste.\"\n          }\n        },\n        {\n          \"@type\": \"Question\",\n          \"name\": \"Comment g\u00e9rer les routines pendant les vacances ou les p\u00e9riodes de changement ?\",\n          \"acceptedAnswer\": {\n            \"@type\": \"Answer\",\n            \"text\": \"Pendant les vacances, il est important de maintenir certaines routines essentielles tout en pr\u00e9parant progressivement l'enfant aux changements. Une communication claire et une pr\u00e9paration en amont sont cruciales.\"\n          }\n        },\n        {\n          \"@type\": \"Question\",\n          \"name\": \"Que faire si mon enfant autiste refuse d'abandonner une routine devenue probl\u00e9matique ?\",\n          \"acceptedAnswer\": {\n            \"@type\": \"Answer\",\n            \"text\": \"Il faut proc\u00e9der par \u00e9tapes graduelles, en introduisant de petits changements progressifs et en offrant des alternatives rassurantes. L'accompagnement d'un professionnel peut \u00eatre n\u00e9cessaire.\"\n          }\n        }\n      ]\n    }\n  ]\n}\n<\/script>\n<link href=\"https:\/\/fonts.googleapis.com\/css2?family=Montserrat:wght@400;500;600;700&family=Poppins:wght@300;400;500;600&display=swap\" rel=\"stylesheet\">\n\n<section class=\"article-hero\">\n        <div class=\"article-hero-inner\">\n            <div class=\"article-breadcrumb\">\n                In\u00edcio > Blog > Sa\u00fade mental > Autismo\n            <\/div>\n            <div class=\"article-category\">Autismo & Rotinas<\/div>\n            <h1>Qual \u00e9 a import\u00e2ncia de <span class=\"hl\">preservar uma rotina<\/span> para as pessoas autistas?<\/h1>\n            <div class=\"article-meta\">\n                <span>\ud83d\udcc5 Publicado em Abril de 2026<\/span>\n                <span>\u23f1\ufe0f 15 min de leitura<\/span>\n                <span>\ud83d\udc65 Fam\u00edlias e profissionais<\/span>\n                <div class=\"rating\">\n                    <span class=\"stars\">\u2b50\u2b50\u2b50\u2b50\u2b50<\/span>\n                    <span>4.8\/5 (247 avalia\u00e7\u00f5es)<\/span>\n                <\/div>\n            <\/div>\n        <\/div>\n        <div class=\"article-hero-curve\"><\/div>\n    <\/section>\n\n    <div class=\"article-body\">\n        <div class=\"container\">\n<div class=\"intro-block\">\n                <p>Voc\u00ea n\u00e3o entende por que \u00e9 necess\u00e1rio estabelecer rotinas para pessoas com autismo? Voc\u00ea tem dificuldade em compreender esse modo de vida? As rotinas n\u00e3o s\u00e3o apenas h\u00e1bitos simples para pessoas com autismo: elas constituem um verdadeiro pilar de estabilidade em um mundo muitas vezes imprevis\u00edvel. Essas estruturas di\u00e1rias oferecem um ambiente reconfortante que ajuda a reduzir a ansiedade, melhorar a concentra\u00e7\u00e3o e favorecer a autonomia. Vamos descobrir juntos por que as rotinas s\u00e3o t\u00e3o essenciais para as pessoas com autismo e como implement\u00e1-las de maneira gentil e eficaz. Pronto para aprender mais sobre essa dimens\u00e3o fundamental do autismo?<\/p>\n            <\/div>\n\n            <div class=\"stats-grid\">\n                <div class=\"stat-card\">\n                    <span class=\"number\">85%<\/span>\n                    <span class=\"label\">das pessoas com autismo se beneficiam de rotinas estruturadas<\/span>\n                <\/div>\n                <div class=\"stat-card\">\n                    <span class=\"number\">70%<\/span>\n                    <span class=\"label\">de redu\u00e7\u00e3o da ansiedade com rotinas adaptadas<\/span>\n                <\/div>\n                <div class=\"stat-card\">\n                    <span class=\"number\">60%<\/span>\n                    <span class=\"label\">de melhoria da concentra\u00e7\u00e3o di\u00e1ria<\/span>\n                <\/div>\n                <div class=\"stat-card\">\n                    <span class=\"number\">3x<\/span>\n                    <span class=\"label\">mais autonomia com rotinas bem estabelecidas<\/span>\n                <\/div>\n            <\/div>\n\n            <h2>1. Compreender as necessidades espec\u00edficas das pessoas com autismo<\/h2>\n            \n            <p>O autismo \u00e9 um transtorno do neurodesenvolvimento que afeta a forma como uma pessoa percebe e interage com o mundo ao seu redor. Para entender melhor a import\u00e2ncia das rotinas, \u00e9 essencial compreender os desafios \u00fanicos que as pessoas com autismo enfrentam no dia a dia.<\/p>\n\n            <p>O c\u00e9rebro autista processa a informa\u00e7\u00e3o de maneira diferente, o que pode tornar o ambiente particularmente estimulante ou confuso. Mudan\u00e7as imprevis\u00edveis podem criar uma sobrecarga sensorial e cognitiva, gerando estresse e ansiedade. \u00c9 nesse contexto que as rotinas se tornam ferramentas valiosas para navegar na complexidade do cotidiano.<\/p>\n\n            <p>Pessoas com autismo podem apresentar hipersensibilidades ou hipossensibilidades sensoriais que afetam sua percep\u00e7\u00e3o do ambiente. Uma rotina bem estabelecida permite antecipar essas estimula\u00e7\u00f5es e gerenci\u00e1-las melhor. Ela tamb\u00e9m oferece uma sensa\u00e7\u00e3o de controle e previsibilidade em um mundo que pode \u00e0s vezes parecer ca\u00f3tico.<\/p>\n\n            <div class=\"conseil-card\">\n                <h3>\ud83d\udca1 Ponto Importante<\/h3>\n                <p>Cada pessoa com autismo \u00e9 \u00fanica. As necessidades em rela\u00e7\u00e3o \u00e0 rotina podem variar consideravelmente de um indiv\u00edduo para outro. \u00c9 crucial adaptar as abordagens de acordo com as especificidades de cada pessoa.<\/p>\n            <\/div>\n<div class=\"key-points\">\n                <h3>Caracter\u00edsticas chave do autismo que impactam as rotinas:<\/h3>\n                <ul>\n                    <li>Dificuldades com mudan\u00e7as e transi\u00e7\u00f5es<\/li>\n                    <li>Necessidade de previsibilidade e estrutura<\/li>\n                    <li>Particularidades sensoriais<\/li>\n                    <li>Modos de comunica\u00e7\u00e3o espec\u00edficos<\/li>\n                    <li>Interesses restritos e repetitivos<\/li>\n                <\/ul>\n            <\/div>\n\n            <h2>2. Os desafios da imprevisibilidade para as pessoas autistas<\/h2>\n\n            <p>A imprevisibilidade representa um dos desafios mais significativos para as pessoas autistas. Ao contr\u00e1rio das pessoas neurot\u00edpicas que podem se adaptar relativamente facilmente \u00e0s mudan\u00e7as, as pessoas autistas podem sentir um grande sofrimento diante do inesperado.<\/p>\n\n            <p>Essa dificuldade se explica pelo funcionamento neurol\u00f3gico particular do autismo. O c\u00e9rebro autista tende a processar a informa\u00e7\u00e3o de maneira mais sequencial e detalhada, o que torna os ajustes r\u00e1pidos mais complexos. Quando uma situa\u00e7\u00e3o n\u00e3o ocorre como esperado, isso pode criar uma verdadeira tempestade cognitiva e emocional.<\/p>\n\n            <p>As manifesta\u00e7\u00f5es dessa dificuldade podem assumir diversas formas: crises de ansiedade, comportamentos repetitivos intensificados, retraimento social, ou ainda manifesta\u00e7\u00f5es f\u00edsicas de estresse. \u00c9 importante entender que essas rea\u00e7\u00f5es n\u00e3o s\u00e3o caprichos, mas respostas neurobiol\u00f3gicas leg\u00edtimas a um ambiente percebido como amea\u00e7ador.<\/p>\n\n            <div class=\"tip-box\">\n                <div class=\"tip-box-label\">\ud83c\udfaf Conselho Pr\u00e1tico<\/div>\n                <p>Para minimizar o impacto da imprevisibilidade, prepare sempre as mudan\u00e7as com anteced\u00eancia. Utilize suportes visuais, calend\u00e1rios ou hist\u00f3rias sociais para antecipar as modifica\u00e7\u00f5es de rotina.<\/p>\n            <\/div>\n\n            <div class=\"expert-box\">\n                <div class=\"expert-box-label\">\ud83d\udc68\u200d\u2695\ufe0f Expertise DYNSEO<\/div>\n                <div class=\"expert-inner\">\n<div class=\"expert-inner-title\">Impact neurol\u00f3gico da imprevisibilidade<\/div>\n                    <p>As pesquisas em neuroci\u00eancias mostram que o c\u00e9rebro autista apresenta diferen\u00e7as nos circuitos de previs\u00e3o e adapta\u00e7\u00e3o. Essas diferen\u00e7as explicam por que as rotinas s\u00e3o t\u00e3o importantes: elas permitem que o c\u00e9rebro autista funcione de maneira otimizada, reduzindo a carga cognitiva relacionada \u00e0 previs\u00e3o e \u00e0 adapta\u00e7\u00e3o constante.<\/p>\n                <\/div>\n            <\/div>\n\n            <h2>3. A necessidade fundamental de estabilidade e seguran\u00e7a<\/h2>\n\n            <p>A estabilidade e a seguran\u00e7a n\u00e3o s\u00e3o simples prefer\u00eancias para as pessoas autistas: elas constituem necessidades fundamentais para seu bem-estar psicol\u00f3gico e f\u00edsico. Essa necessidade est\u00e1 enraizada no funcionamento particular do sistema nervoso autista, que pode ser facilmente sobrecarregado por estimula\u00e7\u00f5es excessivas ou imprevis\u00edveis.<\/p>\n\n            <p>A seguran\u00e7a para uma pessoa autista se manifesta atrav\u00e9s da previsibilidade de seu ambiente. Saber o que vai acontecer, quando e como, permite liberar recursos cognitivos para outros aprendizados e intera\u00e7\u00f5es. Essa previsibilidade atua como uma rede de seguran\u00e7a emocional que permite explorar o mundo com mais confian\u00e7a.<\/p>\n\n            <p>As rotinas oferecem essa estabilidade ao criar pontos de refer\u00eancia fixos no dia. Esses ancoragens temporais e situacionais permitem que a pessoa autista se sinta no controle de seu ambiente, reduzindo assim o estresse e a ansiedade cr\u00f4nicos que podem acompanhar o autismo.<\/p>\n\n            <div class=\"conseil-card\">\n                <h3>\ud83d\udd11 Princ\u00edpio Fundamental<\/h3>\n                <p>A estabilidade n\u00e3o \u00e9 sin\u00f4nimo de rigidez. Trata-se, na verdade, de criar um ambiente seguro dentro do qual a pessoa autista pode evoluir, aprender e florescer com total confian\u00e7a.<\/p>\n            <\/div>\n\n            <p>O aplicativo <a href=\"https:\/\/www.dynseo.com\/pt-pt\/coco-pensa-e-coco-se-mexe\/\" target=\"_blank\">COCO PENSA e COCO SE MEXE<\/a> pode desempenhar um papel importante no estabelecimento de rotinas estruturadas. Gra\u00e7as aos seus exerc\u00edcios cognitivos e f\u00edsicos program\u00e1veis, ele permite criar sess\u00f5es regulares que se tornam pontos de refer\u00eancia tranquilizadores no dia da pessoa autista.<\/p>\n\n            <h2>4. Os benef\u00edcios concretos da redu\u00e7\u00e3o da ansiedade<\/h2>\n\n            <p>A redu\u00e7\u00e3o da ansiedade representa um dos benef\u00edcios mais imediatos e vis\u00edveis das rotinas bem estabelecidas. Para entender esse impacto, \u00e9 preciso perceber que a ansiedade nas pessoas autistas n\u00e3o \u00e9 simplesmente uma rea\u00e7\u00e3o emocional, mas uma resposta fisiol\u00f3gica complexa que afeta todo o organismo.<\/p>\n\n            <p>Quando a ansiedade diminui gra\u00e7as \u00e0s rotinas, observa-se melhorias significativas em v\u00e1rias \u00e1reas. O sono se torna mais regular e reparador, o apetite se estabiliza e a capacidade de aten\u00e7\u00e3o melhora consideravelmente. Essas mudan\u00e7as positivas criam um ciclo virtuoso que refor\u00e7a o bem-estar geral.<\/p>\n\n            <p>As rotinas agem como um sistema de previs\u00e3o que permite ao c\u00e9rebro autista se preparar para os eventos futuros. Essa prepara\u00e7\u00e3o neurol\u00f3gica reduz a ativa\u00e7\u00e3o do sistema de estresse, permitindo um funcionamento mais sereno e eficiente no dia a dia.<\/p>\n<div class=\"key-points\">\n                <h3>Benef\u00edcios observados da redu\u00e7\u00e3o da ansiedade:<\/h3>\n                <ul>\n                    <li>Melhoria da qualidade do sono<\/li>\n                    <li>Estabiliza\u00e7\u00e3o do apetite e dos h\u00e1bitos alimentares<\/li>\n                    <li>Redu\u00e7\u00e3o dos comportamentos autoestimulantes excessivos<\/li>\n                    <li>Melhoria da capacidade de concentra\u00e7\u00e3o<\/li>\n                    <li>Diminui\u00e7\u00e3o das crises e dos colapsos aut\u00edsticos<\/li>\n                    <li>Melhor disposi\u00e7\u00e3o para os aprendizados<\/li>\n                <\/ul>\n            <\/div>\n\n            <div class=\"tip-box\">\n                <div class=\"tip-box-label\">\ud83d\udcca Medida dos progressos<\/div>\n                <p>Mantenha um di\u00e1rio de humores e comportamentos para observar o impacto positivo das rotinas sobre a ansiedade. Esta documenta\u00e7\u00e3o tamb\u00e9m pode ser valiosa para os profissionais de sa\u00fade que acompanham a pessoa autista.<\/p>\n            <\/div>\n\n            <h2>5. Melhoria da concentra\u00e7\u00e3o e das performances cognitivas<\/h2>\n\n            <p>As rotinas desempenham um papel crucial na otimiza\u00e7\u00e3o das capacidades cognitivas das pessoas autistas. Ao reduzir a carga mental relacionada \u00e0 gest\u00e3o do imprevis\u00edvel, elas liberam recursos cognitivos que podem ser reinvestidos no aprendizado, na criatividade e nas intera\u00e7\u00f5es sociais.<\/p>\n\n            <p>Essa melhoria da concentra\u00e7\u00e3o n\u00e3o \u00e9 aned\u00f3tica: ela pode transformar radicalmente a qualidade de vida de uma pessoa autista. Uma melhor concentra\u00e7\u00e3o permite acessar mais facilmente os aprendizados escolares, profissionais ou pessoais. Ela tamb\u00e9m favorece uma melhor comunica\u00e7\u00e3o e intera\u00e7\u00f5es sociais mais fluidas.<\/p>\n\n            <p>As performances cognitivas tamb\u00e9m melhoram gra\u00e7as \u00e0 regularidade das rotinas. O c\u00e9rebro autista, que muitas vezes funciona melhor em ambientes estruturados, pode assim expressar plenamente seu potencial. Muitas pessoas autistas possuem talentos particulares que s\u00f3 podem florescer em um ambiente seguro e previs\u00edvel.<\/p>\n\n            <div class=\"expert-box\">\n                <div class=\"expert-box-label\">\ud83e\udde0 Neuroci\u00eancias e Autismo<\/div>\n                <div class=\"expert-inner\">\n<div class=\"expert-inner-title\">Otimiza\u00e7\u00e3o cognitiva por meio das rotinas<\/div>\n                    <p>Os estudos em neuroimagem mostram que as rotinas permitem uma ativa\u00e7\u00e3o mais eficaz das redes atencionais em pessoas com autismo. Essa otimiza\u00e7\u00e3o neurol\u00f3gica se traduz em uma melhoria mensur\u00e1vel no desempenho em diversas tarefas cognitivas, da mem\u00f3ria de trabalho \u00e0 resolu\u00e7\u00e3o de problemas.<\/p>\n                <\/div>\n            <\/div>\n\n            <p>A utiliza\u00e7\u00e3o de ferramentas como <a href=\"https:\/\/www.dynseo.com\/pt-pt\/coco-pensa-e-coco-se-mexe\/\" target=\"_blank\">COCO PENSA e COCO SE MEXE<\/a> em uma rotina di\u00e1ria pode contribuir para essa melhoria cognitiva. Os exerc\u00edcios propostos estimulam diferentes fun\u00e7\u00f5es cerebrais enquanto respeitam a necessidade de estrutura e previsibilidade das pessoas com autismo.<\/p>\n\n            <h2>6. Os diferentes tipos de rotinas: sa\u00eddas e deslocamentos<\/h2>\n\n            <p>As sa\u00eddas e deslocamentos representam um dos aspectos mais sens\u00edveis da rotina para as pessoas com autismo. Esses momentos muitas vezes envolvem mudan\u00e7as de ambiente, novos est\u00edmulos sensoriais e intera\u00e7\u00f5es sociais imprevis\u00edveis, elementos que podem gerar estresse e ansiedade.<\/p>\n\n            <p>Para otimizar essas transi\u00e7\u00f5es, \u00e9 essencial estabelecer rotinas precisas em torno das sa\u00eddas. Isso inclui os hor\u00e1rios de partida e retorno, os meios de transporte utilizados, os itiner\u00e1rios percorridos e at\u00e9 mesmo as atividades previstas durante o deslocamento. Essa previsibilidade transforma uma fonte potencial de estresse em um momento gerenci\u00e1vel e, \u00e0s vezes, at\u00e9 agrad\u00e1vel.<\/p>\n\n            <p>A prepara\u00e7\u00e3o das sa\u00eddas tamb\u00e9m deve levar em conta as especificidades sensoriais da pessoa com autismo. Prever pausas, espa\u00e7os de retirada ou objetos de conforto pode fazer a diferen\u00e7a entre uma sa\u00edda bem-sucedida e uma experi\u00eancia traum\u00e1tica. A antecipa\u00e7\u00e3o se torna, assim, uma ferramenta terap\u00eautica poderosa.<\/p>\n\n            <div class=\"conseil-card\">\n                <h3>\ud83d\ude8c Estrat\u00e9gias para os deslocamentos<\/h3>\n                <p>Crie um \"kit de sa\u00edda\" personalizado contendo os objetos reconfortantes, as prote\u00e7\u00f5es sensoriais necess\u00e1rias e um planejamento visual da sa\u00edda. Essa prepara\u00e7\u00e3o material e mental facilita muito a adapta\u00e7\u00e3o \u00e0s mudan\u00e7as de ambiente.<\/p>\n            <\/div>\n<div class=\"key-points\">\n                <h3>Elementos a estruturar para as sa\u00eddas:<\/h3>\n                <ul>\n                    <li>Hor\u00e1rios de partida e retorno precisos<\/li>\n                    <li>Meios de transporte e itiner\u00e1rios<\/li>\n                    <li>Atividades previstas e sua dura\u00e7\u00e3o<\/li>\n                    <li>Pausas e espa\u00e7os de retirada poss\u00edveis<\/li>\n                    <li>Pessoas que estar\u00e3o presentes<\/li>\n                    <li>Retorno para casa e transi\u00e7\u00e3o para a rotina habitual<\/li>\n                <\/ul>\n            <\/div>\n\n            <h2>7. Gest\u00e3o de novas pessoas e intera\u00e7\u00f5es sociais<\/h2>\n\n            <p>A introdu\u00e7\u00e3o de novas pessoas no ambiente de uma pessoa autista constitui um desafio particular que necessita de uma abordagem estruturada e progressiva. As intera\u00e7\u00f5es sociais, j\u00e1 complexas para as pessoas autistas, tornam-se ainda mais exigentes quando envolvem indiv\u00edduos desconhecidos.<\/p>\n\n            <p>A rotina em torno dos novos encontros deve incluir uma fase de prepara\u00e7\u00e3o detalhada. Isso pode envolver mostrar fotos da nova pessoa, explicar seu papel, sua personalidade e o contexto do encontro. Essa prepara\u00e7\u00e3o permite que o c\u00e9rebro autista crie categorias e expectativas, reduzindo assim a ansiedade relacionada ao desconhecido.<\/p>\n\n            <p>\u00c9 tamb\u00e9m importante estabelecer regras claras sobre as intera\u00e7\u00f5es com as novas pessoas. Quanto tempo durar\u00e3o as trocas? Em que contexto ocorrer\u00e3o? Quais s\u00e3o as \"sa\u00eddas de emerg\u00eancia\" dispon\u00edveis se a situa\u00e7\u00e3o se tornar muito estimulante? Esses elementos de rotina social oferecem um quadro seguro para explorar novos relacionamentos.<\/p>\n\n            <div class=\"tip-box\">\n<div class=\"tip-box-label\">\ud83d\udc65 Prepara\u00e7\u00e3o social<\/div>\n                <p>Utilize hist\u00f3rias sociais ou jogos de papel para preparar os encontros com novas pessoas. Essas ferramentas permitem \"repetir\" a intera\u00e7\u00e3o em um ambiente seguro antes que ela ocorra.<\/p>\n            <\/div>\n\n            <p>A progressividade \u00e9 essencial nesse processo. Come\u00e7ar com breves encontros em ambientes familiares e, em seguida, aumentar gradualmente a dura\u00e7\u00e3o e a complexidade das intera\u00e7\u00f5es permite uma adapta\u00e7\u00e3o suave. Essa abordagem respeita o ritmo natural de adapta\u00e7\u00e3o da pessoa autista, ao mesmo tempo que favorece sua abertura social.<\/p>\n\n            <h2>8. Adapta\u00e7\u00e3o a novos locais e ambientes<\/h2>\n\n            <p>A sensibilidade \u00e0s mudan\u00e7as de ambiente \u00e9 uma caracter\u00edstica importante do autismo que merece aten\u00e7\u00e3o especial na cria\u00e7\u00e3o de rotinas. Cada novo ambiente traz seu conjunto de est\u00edmulos sensoriais, refer\u00eancias espaciais diferentes e c\u00f3digos sociais espec\u00edficos que podem rapidamente se tornar opressivos.<\/p>\n\n            <p>A prepara\u00e7\u00e3o para novos locais deve ser o mais detalhada poss\u00edvel. Isso pode incluir a visita virtual dos espa\u00e7os (fotos, v\u00eddeos, plantas), a identifica\u00e7\u00e3o de \u00e1reas calmas e sa\u00eddas, bem como o planejamento de atividades espec\u00edficas a serem realizadas nesses novos ambientes. Esse reconhecimento pr\u00e9vio permite que o c\u00e9rebro autista crie um mapa mental tranquilizador.<\/p>\n\n            <p>A adapta\u00e7\u00e3o gradual tamb\u00e9m \u00e9 uma estrat\u00e9gia eficaz. Em vez de mergulhar imediatamente em um novo ambiente por um longo per\u00edodo, pode ser ben\u00e9fico come\u00e7ar com visitas curtas que permitem uma familiariza\u00e7\u00e3o progressiva. Cada exposi\u00e7\u00e3o bem-sucedida refor\u00e7a a confian\u00e7a e facilita as visitas seguintes.<\/p>\n\n            <div class=\"expert-box\">\n                <div class=\"expert-box-label\">\ud83c\udfdb\ufe0f Arquitetura e Autismo<\/div>\n                <div class=\"expert-inner\">\n                    <div class=\"expert-inner-title\">Impacto do ambiente f\u00edsico<\/div>\n                    <p>A pesquisa mostra que certas caracter\u00edsticas arquitet\u00f4nicas podem facilitar consideravelmente a adapta\u00e7\u00e3o de pessoas autistas a novos locais: ilumina\u00e7\u00e3o suave, espa\u00e7os de retirada, sinaliza\u00e7\u00e3o clara e redu\u00e7\u00e3o de est\u00edmulos sensoriais desnecess\u00e1rios. Identificar esses elementos durante a prepara\u00e7\u00e3o pode melhorar muito a experi\u00eancia.<\/p>\n                <\/div>\n            <\/div>\n<div class=\"key-points\">\n                <h3>Estrat\u00e9gias de adapta\u00e7\u00e3o a novos lugares:<\/h3>\n                <ul>\n                    <li>Explora\u00e7\u00e3o virtual pr\u00e9via (fotos, v\u00eddeos)<\/li>\n                    <li>Identifica\u00e7\u00e3o de espa\u00e7os calmos e sa\u00eddas<\/li>\n                    <li>Planejamento de atividades espec\u00edficas<\/li>\n                    <li>Visitas curtas e repetidas para familiariza\u00e7\u00e3o<\/li>\n                    <li>Prepara\u00e7\u00e3o de um kit de conforto pessoal<\/li>\n                    <li>Estabelecimento de sinais para comunicar o desconforto<\/li>\n                <\/ul>\n            <\/div>\n\n            <h2>9. Organiza\u00e7\u00e3o do ambiente familiar e dom\u00e9stico<\/h2>\n\n            <p>O ambiente familiar constitui a base de todas as rotinas para uma pessoa autista. \u00c9 neste casulo dom\u00e9stico que se constroem os primeiros referenciais e que se estabelece o sentimento de seguran\u00e7a fundamental. A organiza\u00e7\u00e3o deste espa\u00e7o e das atividades que nele ocorrem merece, portanto, uma aten\u00e7\u00e3o toda especial.<\/p>\n\n            <p>As rotinas dom\u00e9sticas tocam todos os aspectos da vida cotidiana: as refei\u00e7\u00f5es, a higiene pessoal, os lazeres, o sono e as tarefas dom\u00e9sticas. Cada uma dessas atividades pode se tornar fonte de estresse se n\u00e3o estiver suficientemente estruturada, ou ao contr\u00e1rio, um momento de tranquilidade e prazer se estiver bem organizada. A regularidade dos hor\u00e1rios, a previsibilidade das atividades e a coer\u00eancia das regras familiares criam um ambiente prop\u00edcio ao desenvolvimento.<\/p>\n\n            <p>O espa\u00e7o f\u00edsico em si desempenha um papel importante nessas rotinas. A organiza\u00e7\u00e3o dos objetos, a delimita\u00e7\u00e3o das zonas de atividade e a adapta\u00e7\u00e3o do ambiente sensorial (ilumina\u00e7\u00e3o, ac\u00fastica, temperatura) contribuem para criar um quadro de vida ideal. Essas adapta\u00e7\u00f5es n\u00e3o s\u00e3o meras prefer\u00eancias, mas adapta\u00e7\u00f5es necess\u00e1rias que facilitam o funcionamento cotidiano da pessoa autista.<\/p>\n<div class=\"conseil-card\">\n                <h3>\ud83c\udfe0 Am\u00e9nagement optimal<\/h3>\n                <p>Crie zonas claramente definidas para diferentes atividades (descanso, jogo, trabalho, refei\u00e7\u00e3o) e use refer\u00eancias visuais para facilitar a orienta\u00e7\u00e3o no espa\u00e7o. A previsibilidade espacial \u00e9 t\u00e3o importante quanto a previsibilidade temporal.<\/p>\n            <\/div>\n\n            <p>A integra\u00e7\u00e3o de atividades estruturadas como aquelas propostas por <a href=\"https:\/\/www.dynseo.com\/pt-pt\/coco-pensa-e-coco-se-mexe\/\" target=\"_blank\">COCO PENSA e COCO SE MEXE<\/a> nas rotinas familiares pode trazer uma dimens\u00e3o educacional e terap\u00eautica valiosa. Esses momentos tornam-se compromissos esperados que combinam prazer, aprendizado e estimula\u00e7\u00e3o cognitiva adaptada.<\/p>\n\n            <h2>10. O que fazer quando a rotina se torna problem\u00e1tica?<\/h2>\n\n            <p>Embora as rotinas sejam geralmente ben\u00e9ficas para as pessoas com autismo, elas podem \u00e0s vezes se tornar excessivamente r\u00edgidas e criar dificuldades em vez de solu\u00e7\u00f5es. Reconhecer essas situa\u00e7\u00f5es e saber como gerenci\u00e1-las \u00e9 essencial para manter um equil\u00edbrio saud\u00e1vel entre estrutura e flexibilidade.<\/p>\n\n            <p>A rigidez excessiva geralmente se manifesta por um sofrimento significativo diante da menor mudan\u00e7a, mesmo que seja menor ou ben\u00e9fica. A pessoa autista pode desenvolver rituais t\u00e3o complexos que interferem em suas atividades di\u00e1rias ou em suas rela\u00e7\u00f5es sociais. Nesses casos, a rotina, inicialmente protetora, torna-se uma pris\u00e3o que limita o desenvolvimento e a adapta\u00e7\u00e3o.<\/p>\n\n            <p>A abordagem para flexibilizar uma rotina muito r\u00edgida deve ser progressiva e respeitosa. N\u00e3o se trata de perturbar bruscamente os h\u00e1bitos estabelecidos, mas de introduzir gradualmente varia\u00e7\u00f5es aceit\u00e1veis. Essa abordagem exige paci\u00eancia, criatividade e, muitas vezes, o acompanhamento de profissionais especializados que podem propor estrat\u00e9gias adaptadas a cada situa\u00e7\u00e3o.<\/p>\n\n            <div class=\"tip-box\">\n                <div class=\"tip-box-label\">\u2696\ufe0f Encontrar o equil\u00edbrio<\/div>\n                <p>Introduza o conceito de \"rotinas flex\u00edveis\": atividades que permanecem regulares em seu tempo, mas podem variar em seu conte\u00fado. Por exemplo, \"15 minutos de atividade criativa ap\u00f3s o lanche\" em vez de \"desenhar das 16h \u00e0s 16h15\".<\/p>\n            <\/div>\n<div class=\"key-points\">\n                <h3>Sinais de uma rotina muito r\u00edgida:<\/h3>\n                <ul>\n                    <li>Ang\u00fastia maior diante de mudan\u00e7as menores<\/li>\n                    <li>Rituais que levam cada vez mais tempo<\/li>\n                    <li>Recusa em participar de novas atividades agrad\u00e1veis<\/li>\n                    <li>Impacto negativo nas rela\u00e7\u00f5es sociais<\/li>\n                    <li>Limita\u00e7\u00e3o das oportunidades de aprendizado<\/li>\n                    <li>Exaust\u00e3o do entorno para manter a rotina<\/li>\n                <\/ul>\n            <\/div>\n\n            <h2>11. Estrat\u00e9gias para introduzir flexibilidade nas rotinas<\/h2>\n\n            <p>A introdu\u00e7\u00e3o de flexibilidade nas rotinas estabelecidas representa um desafio delicado que requer uma abordagem met\u00f3dica e gentil. O objetivo n\u00e3o \u00e9 desestabilizar a pessoa com autismo, mas ajud\u00e1-la gradualmente a desenvolver habilidades de adapta\u00e7\u00e3o que enriquecer\u00e3o sua vida sem comprometer seu sentimento de seguran\u00e7a.<\/p>\n\n            <p>A primeira etapa consiste em identificar os elementos da rotina que s\u00e3o verdadeiramente essenciais para o bem-estar da pessoa com autismo, e aqueles que poderiam ser adaptados sem criar ang\u00fastia. Essa an\u00e1lise permite direcionar as interven\u00e7\u00f5es de maneira estrat\u00e9gica, preservando os ancoradouros mais importantes enquanto se trabalha nos aspectos menos cr\u00edticos.<\/p>\n\n            <p>As \"micro-mudan\u00e7as\" constituem uma estrat\u00e9gia eficaz para introduzir a flexibilidade. Trata-se de modifica\u00e7\u00f5es t\u00e3o pequenas que s\u00e3o quase impercept\u00edveis, mas que criam gradualmente uma abertura para a mudan\u00e7a. Por exemplo, adiantar uma atividade em alguns minutos, mudar a ordem de duas tarefas menores, ou introduzir um novo elemento em um contexto familiar.<\/p>\n\n            <div class=\"expert-box\">\n                <div class=\"expert-box-label\">\ud83d\udd2c Pesquisa Aplicada<\/div>\n                <div class=\"expert-inner\">\n<div class=\"expert-inner-title\">Teoria da exposi\u00e7\u00e3o gradual<\/div>\n                    <p>Os estudos em psicologia comportamental mostram que a exposi\u00e7\u00e3o gradual \u00e0s mudan\u00e7as, em um ambiente seguro, pode efetivamente aumentar a toler\u00e2ncia \u00e0 incerteza em pessoas com autismo. Essa abordagem, inspirada nas terapias cognitivo-comportamentais, deve ser adaptada \u00e0s especificidades do autismo.<\/p>\n                <\/div>\n            <\/div>\n\n            <p>A \"gamifica\u00e7\u00e3o\" da mudan\u00e7a tamb\u00e9m pode ser uma estrat\u00e9gia motivadora. Apresentar as varia\u00e7\u00f5es de rotina como jogos ou desafios divertidos, com recompensas apropriadas, pode transformar uma experi\u00eancia potencialmente estressante em um momento de descoberta positiva. Essa abordagem l\u00fadica respeita o funcionamento cognitivo particular das pessoas com autismo, ao mesmo tempo em que favorece a abertura \u00e0 mudan\u00e7a.<\/p>\n\n            <h2>12. Ferramentas tecnol\u00f3gicas para apoiar as rotinas<\/h2>\n\n            <p>A evolu\u00e7\u00e3o tecnol\u00f3gica oferece hoje possibilidades not\u00e1veis para apoiar e enriquecer as rotinas das pessoas com autismo. Essas ferramentas digitais podem servir como suportes visuais, lembretes temporais e at\u00e9 plataformas de aprendizado adaptadas \u00e0s necessidades espec\u00edficas do autismo.<\/p>\n\n            <p>Os aplicativos de planejamento e gest\u00e3o do tempo constituem uma primeira categoria de ferramentas valiosas. Eles permitem criar cronogramas visuais, estabelecer lembretes sonoros ou vibrantes e acompanhar a realiza\u00e7\u00e3o das tarefas di\u00e1rias. Essas funcionalidades atendem diretamente \u00e0s necessidades de estrutura e previsibilidade das pessoas com autismo.<\/p>\n\n            <p>As plataformas de exerc\u00edcios cognitivos representam uma inova\u00e7\u00e3o particularmente interessante para enriquecer as rotinas. <a href=\"https:\/\/www.dynseo.com\/pt-pt\/coco-pensa-e-coco-se-mexe\/\" target=\"_blank\">COCO PENSA e COCO SE MEXE<\/a>, por exemplo, prop\u00f5e uma abordagem \u00fanica que combina estimula\u00e7\u00e3o cognitiva e atividade f\u00edsica, atendendo \u00e0s necessidades hol\u00edsticas das pessoas com autismo. Essa altern\u00e2ncia programada entre exerc\u00edcios mentais e pausas ativas respeita os ritmos atencionais espec\u00edficos do autismo.<\/p>\n\n            <div class=\"tip-box\">\n                <div class=\"tip-box-label\">\ud83d\udcbb Integra\u00e7\u00e3o tecnol\u00f3gica<\/div>\n                <p>Escolha ferramentas tecnol\u00f3gicas simples e personaliz\u00e1veis. A interface deve ser clara, sem sobrecarga sensorial, e permitir uma adapta\u00e7\u00e3o gradual \u00e0s necessidades evolutivas da pessoa com autismo.<\/p>\n            <\/div>\n<div class=\"key-points\">\n                <h3>Vantagens das ferramentas tecnol\u00f3gicas adaptadas:<\/h3>\n                <ul>\n                    <li>Suporte visual constante e personaliz\u00e1vel<\/li>\n                    <li>Lembretes automatizados respeitando as prefer\u00eancias sensoriais<\/li>\n                    <li>Progress\u00e3o mensur\u00e1vel e motivadora<\/li>\n                    <li>Acessibilidade e portabilidade<\/li>\n                    <li>Adapta\u00e7\u00e3o poss\u00edvel \u00e0s evolu\u00e7\u00f5es das necessidades<\/li>\n                    <li>Interface familiar e tranquilizadora<\/li>\n                <\/ul>\n            <\/div>\n\n            <p>A introdu\u00e7\u00e3o dessas ferramentas deve, ela mesma, ser objeto de uma rotina de aprendizado progressivo. \u00c9 importante n\u00e3o criar uma depend\u00eancia excessiva da tecnologia, mas sim usar esses suportes como facilitadores que enriquecem a autonomia e o bem-estar da pessoa autista.<\/p>\n\n            <h2>13. Comunica\u00e7\u00e3o e rotinas: desenvolver a express\u00e3o das necessidades<\/h2>\n\n            <p>A comunica\u00e7\u00e3o em torno das rotinas representa um desafio importante para a autonomia e o bem-estar das pessoas autistas. Desenvolver a capacidade de expressar suas necessidades, prefer\u00eancias e dificuldades relacionadas \u00e0s rotinas constitui um objetivo terap\u00eautico e educativo fundamental que merece uma aten\u00e7\u00e3o especial.<\/p>\n\n            <p> Muitas pessoas autistas enfrentam dificuldades para verbalizar suas necessidades, especialmente quando se trata de conceitos abstratos como conforto, ansiedade ou prefer\u00eancias pessoais. As rotinas podem se tornar um quadro de aprendizado da comunica\u00e7\u00e3o, criando momentos regulares dedicados \u00e0 express\u00e3o e \u00e0 escuta m\u00fatua.<\/p>\n\n            <p>Os suportes de comunica\u00e7\u00e3o alternativos e aumentativos aqui ganham toda a sua import\u00e2ncia. Pictogramas, quadros de comunica\u00e7\u00e3o, aplicativos dedicados ou objetos de refer\u00eancia podem servir de pontes entre a experi\u00eancia interna da pessoa autista e sua capacidade de compartilh\u00e1-la com seu entorno. Essas ferramentas se integram naturalmente nas rotinas di\u00e1rias.<\/p>\n\n            <div class=\"conseil-card\">\n                <h3>\ud83d\udce2 Comunica\u00e7\u00e3o adaptada<\/h3>\n                <p>Crie \"momentos de comunica\u00e7\u00e3o\" regulares nas rotinas, com suportes visuais adaptados. Esses encontros dedicados \u00e0 express\u00e3o permitem desenvolver progressivamente as habilidades comunicativas em um ambiente seguro.<\/p>\n            <\/div>\n\n            <p>O aprendizado da autoavalia\u00e7\u00e3o tamb\u00e9m constitui um aspecto importante dessa abordagem. Ajudar a pessoa autista a reconhecer seus pr\u00f3prios sinais internos (fadiga, estresse, satisfa\u00e7\u00e3o, t\u00e9dio) e a express\u00e1-los de maneira apropriada favorece sua autonomia e melhora a qualidade de suas intera\u00e7\u00f5es com o ambiente.<\/p>\n\n            <div class=\"expert-box\">\n                <div class=\"expert-box-label\">\ud83d\udde3\ufe0f Ci\u00eancias da Comunica\u00e7\u00e3o<\/div>\n                <div class=\"expert-inner\">\n                    <div class=\"expert-inner-title\">Neuroplasticidade e desenvolvimento comunicacional<\/div>\n                    <p>As pesquisas recentes mostram que o c\u00e9rebro autista mant\u00e9m uma importante capacidade de plasticidade para desenvolver novas habilidades comunicativas, mesmo na idade adulta. As rotinas estruturadas constituem um ambiente ideal para estimular essa neuroplasticidade de maneira respeitosa e eficaz.<\/p>\n                <\/div>\n            <\/div>\n\n            <div class=\"faq-list\">\n                <h2>\ud83e\udd14 Perguntas frequentes sobre rotinas e autismo<\/h2>\n                \n                <div class=\"faq-item\">\n<div class=\"faq-q\">\n                        <span>\u00c0 que idade deve-se come\u00e7ar a estabelecer rotinas para uma crian\u00e7a autista?<\/span>\n                        <span class=\"faq-icon\">+<\/span>\n                    <\/div>\n                    <div class=\"faq-a\">\n                        <p>N\u00e3o h\u00e1 idade m\u00ednima para come\u00e7ar a estabelecer rotinas ben\u00e9ficas. Desde os primeiros sinais de autismo, geralmente por volta de 18-24 meses, a introdu\u00e7\u00e3o gradual de estruturas temporais e atividades previs\u00edveis pode ter efeitos positivos. O importante \u00e9 adaptar a complexidade das rotinas \u00e0 idade e \u00e0s capacidades da crian\u00e7a, come\u00e7ando por sequ\u00eancias simples e enriquecendo gradualmente o quadro estrutural.<\/p>\n                    <\/div>\n                <\/div>\n\n                <div class=\"faq-item\">\n                    <div class=\"faq-q\">\n                        <span>Como gerenciar as rotinas durante as f\u00e9rias ou per\u00edodos de mudan\u00e7a?<\/span>\n                        <span class=\"faq-icon\">+<\/span>\n                    <\/div>\n                    <div class=\"faq-a\">\n                        <p>As f\u00e9rias exigem uma adapta\u00e7\u00e3o antecipada das rotinas em vez de sua supress\u00e3o. Prepare essas mudan\u00e7as v\u00e1rias semanas antes, explicando as modifica\u00e7\u00f5es previstas, mantendo alguns elementos fixos (hor\u00e1rios das refei\u00e7\u00f5es, rituais de dormir) e criando novas rotinas tempor\u00e1rias adaptadas ao contexto das f\u00e9rias. O uso de um calend\u00e1rio visual pode facilitar muito essa transi\u00e7\u00e3o.<\/p>\n                    <\/div>\n                <\/div>\n\n                <div class=\"faq-item\">\n                    <div class=\"faq-q\">\n                        <span>O que fazer se meu filho autista se recusar a abandonar uma rotina que se tornou problem\u00e1tica?<\/span>\n                        <span class=\"faq-icon\">+<\/span>\n                    <\/div>\n                    <div class=\"faq-a\">\n                        <p>A resist\u00eancia \u00e0 mudan\u00e7a \u00e9 natural e deve ser respeitada. Em vez de for\u00e7ar o abandono, trabalhe na adapta\u00e7\u00e3o gradual: introduza micro-varia\u00e7\u00f5es, proponha alternativas atraentes e consulte um profissional especializado em autismo. O objetivo \u00e9 preservar a sensa\u00e7\u00e3o de seguran\u00e7a enquanto desenvolve gradualmente a flexibilidade. Paci\u00eancia e criatividade s\u00e3o essenciais nesse processo.<\/p>\n                    <\/div>\n                <\/div>\n\n                <div class=\"faq-item\">\n                    <div class=\"faq-q\">\n                        <span>As rotinas podem evoluir com a idade da pessoa autista?<\/span>\n                        <span class=\"faq-icon\">+<\/span>\n                    <\/div>\n                    <div class=\"faq-a\">\n                        <p>Absolutamente! As rotinas devem evoluir para permanecer relevantes e ben\u00e9ficas. Uma crian\u00e7a autista n\u00e3o ter\u00e1 as mesmas necessidades que um adolescente ou um adulto. Essa evolu\u00e7\u00e3o deve ser gradual e muitas vezes envolve a aquisi\u00e7\u00e3o de novas habilidades de autonomia. O importante \u00e9 manter a sensa\u00e7\u00e3o de seguran\u00e7a enquanto adapta a estrutura aos novos desafios e oportunidades de cada etapa da vida.<\/p>\n                    <\/div>\n                <\/div>\n\n                <div class=\"faq-item\">\n                    <div class=\"faq-q\">\n                        <span>Como envolver toda a fam\u00edlia na manuten\u00e7\u00e3o das rotinas?<\/span>\n                        <span class=\"faq-icon\">+<\/span>\n                    <\/div>\n<div class=\"faq-a\">\n                        <p>A coer\u00eancia familiar \u00e9 crucial para a efic\u00e1cia das rotinas. Organize reuni\u00f5es familiares regulares para discutir as rotinas, forme todos os membros sobre as especificidades do autismo e crie guias visuais que cada um possa seguir. \u00c9 importante que cada pessoa compreenda a import\u00e2ncia dessas estruturas e se sinta capaz de mant\u00ea-las. A forma\u00e7\u00e3o e a comunica\u00e7\u00e3o s\u00e3o as chaves do sucesso coletivo.<\/p>\n                    <\/div>\n                <\/div>\n            <\/div>\n\n            <div class=\"cta-box\">\n                <h3>Descubra COCO PENSA e COCO SE MEXE<\/h3>\n                <p>Integre exerc\u00edcios cognitivos e f\u00edsicos adaptados nas rotinas di\u00e1rias do seu ente querido autista. Nosso aplicativo oferece uma abordagem \u00fanica que respeita as necessidades de estrutura enquanto estimula o desenvolvimento das capacidades.<\/p>\n                <div class=\"cta-buttons\">\n                    <a href=\"https:\/\/www.dynseo.com\/pt-pt\/coco-pensa-e-coco-se-mexe\/\" class=\"btn-white\" target=\"_blank\">Experimente gratuitamente<\/a>\n                    <a href=\"https:\/\/www.dynseo.com\/pt-pt\/coco-pensa-e-coco-se-mexe\/\" class=\"btn-outline\" target=\"_blank\">Saiba mais<\/a>\n                <\/div>\n            <\/div>\n\n            <div class=\"article-tags\">\n                <h3>Palavras-chave :<\/h3>\n                <a href=\"#\" class=\"article-tag\">Autismo<\/a>\n                <a href=\"#\" class=\"article-tag\">Rotinas<\/a>\n                <a href=\"#\" class=\"article-tag\">Ansiedade<\/a>\n                <a href=\"#\" class=\"article-tag\">Estrutura<\/a>\n                <a href=\"#\" class=\"article-tag\">Bem-estar<\/a>\n                <a href=\"#\" class=\"article-tag\">Fam\u00edlia<\/a>\n                <a href=\"#\" class=\"article-tag\">Autonomia<\/a>\n                <a href=\"#\" class=\"article-tag\">Comunica\u00e7\u00e3o<\/a>\n                <a href=\"#\" class=\"article-tag\">Adapta\u00e7\u00e3o<\/a>\n                <a href=\"#\" class=\"article-tag\">Desenvolvimento<\/a>\n            <\/div>\n        <\/div>\n    <\/div>[\/et_pb_code][\/et_pb_column][\/et_pb_row][\/et_pb_section]","_et_gb_content_width":"","footnotes":""},"categories":[2915,2872],"tags":[2677,3117,3728,4544],"class_list":["post-130792","post","type-post","status-publish","format-standard","has-post-thumbnail","hentry","category-les-conseils-des-coachs","category-tout-sur-lautisme","tag-autisme-adulte","tag-autisme-adulte-it-2","tag-autisme-adulte-zh-hans"],"yoast_head":"<!-- This site is optimized with the Yoast SEO plugin v27.4 - https:\/\/yoast.com\/product\/yoast-seo-wordpress\/ -->\n<title>Qual \u00e9 a import\u00e2ncia de preservar uma rotina para pessoas autistas? - DYNSEO - Aplica\u00e7\u00f5es educativas e jogos de mem\u00f3ria<\/title>\n<meta name=\"robots\" content=\"index, follow, max-snippet:-1, max-image-preview:large, max-video-preview:-1\" \/>\n<link rel=\"canonical\" href=\"https:\/\/www.dynseo.com\/pt-pt\/qual-e-a-importancia-de-preservar-uma-rotina-para-pessoas-autistas\/\" \/>\n<meta property=\"og:locale\" content=\"pt_PT\" \/>\n<meta property=\"og:type\" content=\"article\" \/>\n<meta property=\"og:title\" content=\"Qual \u00e9 a import\u00e2ncia de preservar uma rotina para pessoas autistas? - DYNSEO - Aplica\u00e7\u00f5es educativas e jogos de mem\u00f3ria\" \/>\n<meta property=\"og:url\" content=\"https:\/\/www.dynseo.com\/pt-pt\/qual-e-a-importancia-de-preservar-uma-rotina-para-pessoas-autistas\/\" \/>\n<meta property=\"og:site_name\" content=\"DYNSEO - Aplica\u00e7\u00f5es educativas e jogos de mem\u00f3ria\" \/>\n<meta property=\"article:published_time\" content=\"2024-07-10T07:34:01+00:00\" \/>\n<meta property=\"article:modified_time\" content=\"2026-04-26T05:46:57+00:00\" \/>\n<meta property=\"og:image\" content=\"https:\/\/www.dynseo.com\/wp-content\/uploads\/2024\/03\/intro-autisme.webp\" \/>\n\t<meta property=\"og:image:width\" content=\"1000\" \/>\n\t<meta property=\"og:image:height\" content=\"666\" \/>\n\t<meta property=\"og:image:type\" content=\"image\/webp\" \/>\n<meta name=\"author\" content=\"DYNSEO\" \/>\n<meta name=\"twitter:label1\" content=\"Escrito por\" \/>\n\t<meta name=\"twitter:data1\" content=\"DYNSEO\" \/>\n\t<meta name=\"twitter:label2\" content=\"Tempo estimado de leitura\" \/>\n\t<meta name=\"twitter:data2\" content=\"13 minutos\" \/>\n<script type=\"application\/ld+json\" class=\"yoast-schema-graph\">{\"@context\":\"https:\\\/\\\/schema.org\",\"@graph\":[{\"@type\":\"Article\",\"@id\":\"https:\\\/\\\/www.dynseo.com\\\/pt-pt\\\/qual-e-a-importancia-de-preservar-uma-rotina-para-pessoas-autistas\\\/#article\",\"isPartOf\":{\"@id\":\"https:\\\/\\\/www.dynseo.com\\\/pt-pt\\\/qual-e-a-importancia-de-preservar-uma-rotina-para-pessoas-autistas\\\/\"},\"author\":{\"name\":\"DYNSEO\",\"@id\":\"https:\\\/\\\/www.dynseo.com\\\/pt-pt\\\/#\\\/schema\\\/person\\\/78ef63df2ee64e0989bc68f8401b38d6\"},\"headline\":\"Qual \u00e9 a import\u00e2ncia de preservar uma rotina para pessoas autistas?\",\"datePublished\":\"2024-07-10T07:34:01+00:00\",\"dateModified\":\"2026-04-26T05:46:57+00:00\",\"mainEntityOfPage\":{\"@id\":\"https:\\\/\\\/www.dynseo.com\\\/pt-pt\\\/qual-e-a-importancia-de-preservar-uma-rotina-para-pessoas-autistas\\\/\"},\"wordCount\":4156,\"publisher\":{\"@id\":\"https:\\\/\\\/www.dynseo.com\\\/pt-pt\\\/#organization\"},\"image\":{\"@id\":\"https:\\\/\\\/www.dynseo.com\\\/pt-pt\\\/qual-e-a-importancia-de-preservar-uma-rotina-para-pessoas-autistas\\\/#primaryimage\"},\"thumbnailUrl\":\"https:\\\/\\\/www.dynseo.com\\\/wp-content\\\/uploads\\\/2024\\\/03\\\/intro-autisme.webp\",\"keywords\":[\"Autisme adulte\",\"Autisme adulte\",\"Autisme adulte\",\"Autisme adulte\"],\"articleSection\":[\"Les conseils des coachs\",\"Tout sur l'Autisme\"],\"inLanguage\":\"pt-PT\"},{\"@type\":\"WebPage\",\"@id\":\"https:\\\/\\\/www.dynseo.com\\\/pt-pt\\\/qual-e-a-importancia-de-preservar-uma-rotina-para-pessoas-autistas\\\/\",\"url\":\"https:\\\/\\\/www.dynseo.com\\\/pt-pt\\\/qual-e-a-importancia-de-preservar-uma-rotina-para-pessoas-autistas\\\/\",\"name\":\"Qual \u00e9 a import\u00e2ncia de preservar uma rotina para pessoas autistas? - DYNSEO - Aplica\u00e7\u00f5es educativas e jogos de mem\u00f3ria\",\"isPartOf\":{\"@id\":\"https:\\\/\\\/www.dynseo.com\\\/pt-pt\\\/#website\"},\"primaryImageOfPage\":{\"@id\":\"https:\\\/\\\/www.dynseo.com\\\/pt-pt\\\/qual-e-a-importancia-de-preservar-uma-rotina-para-pessoas-autistas\\\/#primaryimage\"},\"image\":{\"@id\":\"https:\\\/\\\/www.dynseo.com\\\/pt-pt\\\/qual-e-a-importancia-de-preservar-uma-rotina-para-pessoas-autistas\\\/#primaryimage\"},\"thumbnailUrl\":\"https:\\\/\\\/www.dynseo.com\\\/wp-content\\\/uploads\\\/2024\\\/03\\\/intro-autisme.webp\",\"datePublished\":\"2024-07-10T07:34:01+00:00\",\"dateModified\":\"2026-04-26T05:46:57+00:00\",\"breadcrumb\":{\"@id\":\"https:\\\/\\\/www.dynseo.com\\\/pt-pt\\\/qual-e-a-importancia-de-preservar-uma-rotina-para-pessoas-autistas\\\/#breadcrumb\"},\"inLanguage\":\"pt-PT\",\"potentialAction\":[{\"@type\":\"ReadAction\",\"target\":[\"https:\\\/\\\/www.dynseo.com\\\/pt-pt\\\/qual-e-a-importancia-de-preservar-uma-rotina-para-pessoas-autistas\\\/\"]}]},{\"@type\":\"ImageObject\",\"inLanguage\":\"pt-PT\",\"@id\":\"https:\\\/\\\/www.dynseo.com\\\/pt-pt\\\/qual-e-a-importancia-de-preservar-uma-rotina-para-pessoas-autistas\\\/#primaryimage\",\"url\":\"https:\\\/\\\/www.dynseo.com\\\/wp-content\\\/uploads\\\/2024\\\/03\\\/intro-autisme.webp\",\"contentUrl\":\"https:\\\/\\\/www.dynseo.com\\\/wp-content\\\/uploads\\\/2024\\\/03\\\/intro-autisme.webp\",\"width\":1000,\"height\":666,\"caption\":\"Tecnologia acess\u00edvel para um desenvolvimento saud\u00e1vel\"},{\"@type\":\"BreadcrumbList\",\"@id\":\"https:\\\/\\\/www.dynseo.com\\\/pt-pt\\\/qual-e-a-importancia-de-preservar-uma-rotina-para-pessoas-autistas\\\/#breadcrumb\",\"itemListElement\":[{\"@type\":\"ListItem\",\"position\":1,\"name\":\"Accueil\",\"item\":\"https:\\\/\\\/www.dynseo.com\\\/pt-pt\\\/\"},{\"@type\":\"ListItem\",\"position\":2,\"name\":\"Qual \u00e9 a import\u00e2ncia de preservar uma rotina para pessoas autistas?\"}]},{\"@type\":\"WebSite\",\"@id\":\"https:\\\/\\\/www.dynseo.com\\\/pt-pt\\\/#website\",\"url\":\"https:\\\/\\\/www.dynseo.com\\\/pt-pt\\\/\",\"name\":\"Jeux de m\u00e9moire et stimulation cognitive\",\"description\":\"Entra\u00eenez votre m\u00e9moire et votre cerveau avec DYNSEO\",\"publisher\":{\"@id\":\"https:\\\/\\\/www.dynseo.com\\\/pt-pt\\\/#organization\"},\"potentialAction\":[{\"@type\":\"SearchAction\",\"target\":{\"@type\":\"EntryPoint\",\"urlTemplate\":\"https:\\\/\\\/www.dynseo.com\\\/pt-pt\\\/?s={search_term_string}\"},\"query-input\":{\"@type\":\"PropertyValueSpecification\",\"valueRequired\":true,\"valueName\":\"search_term_string\"}}],\"inLanguage\":\"pt-PT\"},{\"@type\":\"Organization\",\"@id\":\"https:\\\/\\\/www.dynseo.com\\\/pt-pt\\\/#organization\",\"name\":\"DYNSEO\",\"url\":\"https:\\\/\\\/www.dynseo.com\\\/pt-pt\\\/\",\"logo\":{\"@type\":\"ImageObject\",\"inLanguage\":\"pt-PT\",\"@id\":\"https:\\\/\\\/www.dynseo.com\\\/pt-pt\\\/#\\\/schema\\\/logo\\\/image\\\/\",\"url\":\"https:\\\/\\\/www.dynseo.com\\\/wp-content\\\/uploads\\\/2022\\\/05\\\/logo-dynseo-new.png\",\"contentUrl\":\"https:\\\/\\\/www.dynseo.com\\\/wp-content\\\/uploads\\\/2022\\\/05\\\/logo-dynseo-new.png\",\"width\":5073,\"height\":1397,\"caption\":\"DYNSEO\"},\"image\":{\"@id\":\"https:\\\/\\\/www.dynseo.com\\\/pt-pt\\\/#\\\/schema\\\/logo\\\/image\\\/\"}},{\"@type\":\"Person\",\"@id\":\"https:\\\/\\\/www.dynseo.com\\\/pt-pt\\\/#\\\/schema\\\/person\\\/78ef63df2ee64e0989bc68f8401b38d6\",\"name\":\"DYNSEO\",\"url\":\"https:\\\/\\\/www.dynseo.com\\\/pt-pt\\\/author\\\/justine\\\/\"}]}<\/script>\n<!-- \/ Yoast SEO plugin. -->","yoast_head_json":{"title":"Qual \u00e9 a import\u00e2ncia de preservar uma rotina para pessoas autistas? - DYNSEO - Aplica\u00e7\u00f5es educativas e jogos de mem\u00f3ria","robots":{"index":"index","follow":"follow","max-snippet":"max-snippet:-1","max-image-preview":"max-image-preview:large","max-video-preview":"max-video-preview:-1"},"canonical":"https:\/\/www.dynseo.com\/pt-pt\/qual-e-a-importancia-de-preservar-uma-rotina-para-pessoas-autistas\/","og_locale":"pt_PT","og_type":"article","og_title":"Qual \u00e9 a import\u00e2ncia de preservar uma rotina para pessoas autistas? - DYNSEO - Aplica\u00e7\u00f5es educativas e jogos de mem\u00f3ria","og_url":"https:\/\/www.dynseo.com\/pt-pt\/qual-e-a-importancia-de-preservar-uma-rotina-para-pessoas-autistas\/","og_site_name":"DYNSEO - Aplica\u00e7\u00f5es educativas e jogos de mem\u00f3ria","article_published_time":"2024-07-10T07:34:01+00:00","article_modified_time":"2026-04-26T05:46:57+00:00","og_image":[{"width":1000,"height":666,"url":"https:\/\/www.dynseo.com\/wp-content\/uploads\/2024\/03\/intro-autisme.webp","type":"image\/webp"}],"author":"DYNSEO","twitter_misc":{"Escrito por":"DYNSEO","Tempo estimado de leitura":"13 minutos"},"schema":{"@context":"https:\/\/schema.org","@graph":[{"@type":"Article","@id":"https:\/\/www.dynseo.com\/pt-pt\/qual-e-a-importancia-de-preservar-uma-rotina-para-pessoas-autistas\/#article","isPartOf":{"@id":"https:\/\/www.dynseo.com\/pt-pt\/qual-e-a-importancia-de-preservar-uma-rotina-para-pessoas-autistas\/"},"author":{"name":"DYNSEO","@id":"https:\/\/www.dynseo.com\/pt-pt\/#\/schema\/person\/78ef63df2ee64e0989bc68f8401b38d6"},"headline":"Qual \u00e9 a import\u00e2ncia de preservar uma rotina para pessoas autistas?","datePublished":"2024-07-10T07:34:01+00:00","dateModified":"2026-04-26T05:46:57+00:00","mainEntityOfPage":{"@id":"https:\/\/www.dynseo.com\/pt-pt\/qual-e-a-importancia-de-preservar-uma-rotina-para-pessoas-autistas\/"},"wordCount":4156,"publisher":{"@id":"https:\/\/www.dynseo.com\/pt-pt\/#organization"},"image":{"@id":"https:\/\/www.dynseo.com\/pt-pt\/qual-e-a-importancia-de-preservar-uma-rotina-para-pessoas-autistas\/#primaryimage"},"thumbnailUrl":"https:\/\/www.dynseo.com\/wp-content\/uploads\/2024\/03\/intro-autisme.webp","keywords":["Autisme adulte","Autisme adulte","Autisme adulte","Autisme adulte"],"articleSection":["Les conseils des coachs","Tout sur l'Autisme"],"inLanguage":"pt-PT"},{"@type":"WebPage","@id":"https:\/\/www.dynseo.com\/pt-pt\/qual-e-a-importancia-de-preservar-uma-rotina-para-pessoas-autistas\/","url":"https:\/\/www.dynseo.com\/pt-pt\/qual-e-a-importancia-de-preservar-uma-rotina-para-pessoas-autistas\/","name":"Qual \u00e9 a import\u00e2ncia de preservar uma rotina para pessoas autistas? - DYNSEO - Aplica\u00e7\u00f5es educativas e jogos de mem\u00f3ria","isPartOf":{"@id":"https:\/\/www.dynseo.com\/pt-pt\/#website"},"primaryImageOfPage":{"@id":"https:\/\/www.dynseo.com\/pt-pt\/qual-e-a-importancia-de-preservar-uma-rotina-para-pessoas-autistas\/#primaryimage"},"image":{"@id":"https:\/\/www.dynseo.com\/pt-pt\/qual-e-a-importancia-de-preservar-uma-rotina-para-pessoas-autistas\/#primaryimage"},"thumbnailUrl":"https:\/\/www.dynseo.com\/wp-content\/uploads\/2024\/03\/intro-autisme.webp","datePublished":"2024-07-10T07:34:01+00:00","dateModified":"2026-04-26T05:46:57+00:00","breadcrumb":{"@id":"https:\/\/www.dynseo.com\/pt-pt\/qual-e-a-importancia-de-preservar-uma-rotina-para-pessoas-autistas\/#breadcrumb"},"inLanguage":"pt-PT","potentialAction":[{"@type":"ReadAction","target":["https:\/\/www.dynseo.com\/pt-pt\/qual-e-a-importancia-de-preservar-uma-rotina-para-pessoas-autistas\/"]}]},{"@type":"ImageObject","inLanguage":"pt-PT","@id":"https:\/\/www.dynseo.com\/pt-pt\/qual-e-a-importancia-de-preservar-uma-rotina-para-pessoas-autistas\/#primaryimage","url":"https:\/\/www.dynseo.com\/wp-content\/uploads\/2024\/03\/intro-autisme.webp","contentUrl":"https:\/\/www.dynseo.com\/wp-content\/uploads\/2024\/03\/intro-autisme.webp","width":1000,"height":666,"caption":"Tecnologia acess\u00edvel para um desenvolvimento saud\u00e1vel"},{"@type":"BreadcrumbList","@id":"https:\/\/www.dynseo.com\/pt-pt\/qual-e-a-importancia-de-preservar-uma-rotina-para-pessoas-autistas\/#breadcrumb","itemListElement":[{"@type":"ListItem","position":1,"name":"Accueil","item":"https:\/\/www.dynseo.com\/pt-pt\/"},{"@type":"ListItem","position":2,"name":"Qual \u00e9 a import\u00e2ncia de preservar uma rotina para pessoas autistas?"}]},{"@type":"WebSite","@id":"https:\/\/www.dynseo.com\/pt-pt\/#website","url":"https:\/\/www.dynseo.com\/pt-pt\/","name":"Jeux de m\u00e9moire et stimulation cognitive","description":"Entra\u00eenez votre m\u00e9moire et votre cerveau avec DYNSEO","publisher":{"@id":"https:\/\/www.dynseo.com\/pt-pt\/#organization"},"potentialAction":[{"@type":"SearchAction","target":{"@type":"EntryPoint","urlTemplate":"https:\/\/www.dynseo.com\/pt-pt\/?s={search_term_string}"},"query-input":{"@type":"PropertyValueSpecification","valueRequired":true,"valueName":"search_term_string"}}],"inLanguage":"pt-PT"},{"@type":"Organization","@id":"https:\/\/www.dynseo.com\/pt-pt\/#organization","name":"DYNSEO","url":"https:\/\/www.dynseo.com\/pt-pt\/","logo":{"@type":"ImageObject","inLanguage":"pt-PT","@id":"https:\/\/www.dynseo.com\/pt-pt\/#\/schema\/logo\/image\/","url":"https:\/\/www.dynseo.com\/wp-content\/uploads\/2022\/05\/logo-dynseo-new.png","contentUrl":"https:\/\/www.dynseo.com\/wp-content\/uploads\/2022\/05\/logo-dynseo-new.png","width":5073,"height":1397,"caption":"DYNSEO"},"image":{"@id":"https:\/\/www.dynseo.com\/pt-pt\/#\/schema\/logo\/image\/"}},{"@type":"Person","@id":"https:\/\/www.dynseo.com\/pt-pt\/#\/schema\/person\/78ef63df2ee64e0989bc68f8401b38d6","name":"DYNSEO","url":"https:\/\/www.dynseo.com\/pt-pt\/author\/justine\/"}]}},"_links":{"self":[{"href":"https:\/\/www.dynseo.com\/pt-pt\/wp-json\/wp\/v2\/posts\/130792","targetHints":{"allow":["GET"]}}],"collection":[{"href":"https:\/\/www.dynseo.com\/pt-pt\/wp-json\/wp\/v2\/posts"}],"about":[{"href":"https:\/\/www.dynseo.com\/pt-pt\/wp-json\/wp\/v2\/types\/post"}],"author":[{"embeddable":true,"href":"https:\/\/www.dynseo.com\/pt-pt\/wp-json\/wp\/v2\/users\/4"}],"replies":[{"embeddable":true,"href":"https:\/\/www.dynseo.com\/pt-pt\/wp-json\/wp\/v2\/comments?post=130792"}],"version-history":[{"count":22,"href":"https:\/\/www.dynseo.com\/pt-pt\/wp-json\/wp\/v2\/posts\/130792\/revisions"}],"predecessor-version":[{"id":561408,"href":"https:\/\/www.dynseo.com\/pt-pt\/wp-json\/wp\/v2\/posts\/130792\/revisions\/561408"}],"wp:featuredmedia":[{"embeddable":true,"href":"https:\/\/www.dynseo.com\/pt-pt\/wp-json\/wp\/v2\/media\/366724"}],"wp:attachment":[{"href":"https:\/\/www.dynseo.com\/pt-pt\/wp-json\/wp\/v2\/media?parent=130792"}],"wp:term":[{"taxonomy":"category","embeddable":true,"href":"https:\/\/www.dynseo.com\/pt-pt\/wp-json\/wp\/v2\/categories?post=130792"},{"taxonomy":"post_tag","embeddable":true,"href":"https:\/\/www.dynseo.com\/pt-pt\/wp-json\/wp\/v2\/tags?post=130792"}],"curies":[{"name":"wp","href":"https:\/\/api.w.org\/{rel}","templated":true}]}}