{"id":130818,"date":"2024-07-10T09:39:32","date_gmt":"2024-07-10T07:39:32","guid":{"rendered":"https:\/\/www.dynseo.com\/4-mitos-e-ideias-erradas-sobre-a-perturbacao-do-espetro-do-autismo-pea\/"},"modified":"2025-12-28T11:24:19","modified_gmt":"2025-12-28T10:24:19","slug":"4-mitos-e-ideias-erradas-sobre-a-perturbacao-do-espetro-do-autismo-pea","status":"publish","type":"post","link":"https:\/\/www.dynseo.com\/pt-pt\/4-mitos-e-ideias-erradas-sobre-a-perturbacao-do-espetro-do-autismo-pea\/","title":{"rendered":"4 mitos e ideias erradas sobre a perturba\u00e7\u00e3o do espetro do autismo (PEA)"},"content":{"rendered":"<p>[et_pb_section fb_built=&#8221;1&#8243; admin_label=&#8221;Article HTML&#8221; _builder_version=&#8221;4.16&#8243;][et_pb_row admin_label=&#8221;Contenu&#8221; _builder_version=&#8221;4.16&#8243;][et_pb_column type=&#8221;4_4&#8243; _builder_version=&#8221;4.16&#8243;][et_pb_code admin_label=&#8221;HTML import\u00e9&#8221; _builder_version=&#8221;4.16&#8243;]<link href=\"https:\/\/fonts.googleapis.com\/css2?family=Montserrat:wght@400;500;600;700;800&#038;display=swap\" rel=\"stylesheet\">\n<style>\n.dynseo-article{font-family:'Montserrat',-apple-system,BlinkMacSystemFont,'Segoe UI',Roboto,sans-serif;line-height:1.8;color:#2c3e50;max-width:100%}\n.dynseo-article h2{font-family:'Montserrat',sans-serif;font-size:1.8rem;color:#1a1a2e;margin:50px 0 25px;padding-bottom:12px;border-bottom:3px solid #a9e2e4;font-weight:700;transition:all .3s ease}\n.dynseo-article h2:hover{padding-left:10px;border-bottom-color:#e73469}\n.dynseo-article h3{font-family:'Montserrat',sans-serif;font-size:1.3rem;color:#5e5ed7;margin:35px 0 18px;font-weight:600;transition:all .3s ease}\n.dynseo-article h3:hover{color:#e73469}\n.dynseo-article p{margin-bottom:18px;font-size:1.05rem;text-align:justify}\n.dynseo-article img{max-width:100%;height:auto;border-radius:16px;margin:25px 0;box-shadow:0 8px 30px rgba(0,0,0,0.1);transition:all .4s ease}\n.dynseo-article img:hover{transform:scale(1.02);box-shadow:0 15px 50px rgba(0,0,0,0.15)}\n.dynseo-intro{font-size:1.15rem;color:#64748b;border-left:4px solid #a9e2e4;padding-left:25px;margin:35px 0;font-style:italic;background:linear-gradient(90deg,rgba(169,226,228,0.1),transparent);padding:20px 25px;border-radius:0 12px 12px 0;transition:all .3s ease}\n.dynseo-intro:hover{border-left-width:6px;background:linear-gradient(90deg,rgba(169,226,228,0.15),transparent)}\n.dynseo-toc{background:linear-gradient(135deg,#f8fafc 0%,#fff 100%);border-radius:20px;padding:35px;margin:40px 0;border:2px solid #e5e7eb;box-shadow:0 4px 20px rgba(0,0,0,0.05);transition:all .3s ease}\n.dynseo-toc:hover{box-shadow:0 8px 35px rgba(0,0,0,0.08);transform:translateY(-2px)}\n.dynseo-toc .toc-title{font-family:'Montserrat',sans-serif;font-size:1.4rem;margin-bottom:25px;color:#1a1a2e;font-weight:700}\n.dynseo-toc ol{list-style:none;padding:0;margin:0;display:grid;grid-template-columns:repeat(2,1fr);gap:12px}\n.dynseo-toc li{background:#fff;border-radius:12px;padding:14px 18px;border:2px solid #f1f5f9;transition:all .3s ease;border-left:4px solid #ffeca7}\n.dynseo-toc li:hover{background:linear-gradient(135deg,#f8fafc,#fff);transform:translateX(8px);box-shadow:0 6px 20px rgba(0,0,0,0.1);border-left-width:6px}\n.dynseo-toc a{color:#1a1a2e;text-decoration:none;font-size:.95rem;font-weight:500;transition:color .3s}\n.dynseo-toc a:hover{color:#5e5ed7}\n.dynseo-article .styled-list,.dynseo-article ul{margin:20px 0 30px;padding:0;list-style:none}\n.dynseo-article .styled-list li,.dynseo-article ul li{position:relative;padding-left:28px;margin-bottom:14px;line-height:1.7;transition:all .3s ease}\n.dynseo-article .styled-list li:hover,.dynseo-article ul li:hover{padding-left:32px}\n.dynseo-article .styled-list li::before,.dynseo-article ul li::before{content:\"\";position:absolute;left:0;top:8px;width:10px;height:10px;background:#e73469;border-radius:50%;box-shadow:0 2px 8px rgba(231,52,105,0.3);transition:all .3s ease}\n.dynseo-article .styled-list li:hover::before,.dynseo-article ul li:hover::before{transform:scale(1.3);box-shadow:0 4px 12px rgba(231,52,105,0.4)}\n.dynseo-article blockquote{background:linear-gradient(135deg,#fff9f0 0%,#fff5eb 100%);border-left:4px solid #ffeca7;border-radius:0 16px 16px 0;padding:28px 32px;margin:35px 0;position:relative;box-shadow:0 4px 20px rgba(255,236,167,0.3);transition:all .3s ease}\n.dynseo-article blockquote:hover{transform:translateX(5px);box-shadow:0 8px 30px rgba(255,236,167,0.4);border-left-width:6px}\n.dynseo-article blockquote::before{content:\"\u275d\";font-size:3rem;color:#ffeca7;opacity:.4;position:absolute;top:10px;left:15px}\n.dynseo-article blockquote p{font-style:italic;margin-bottom:12px;padding-left:30px}\n.dynseo-article blockquote cite{display:block;font-style:normal;font-weight:600;color:#1a1a2e;padding-left:30px}\n.section-divider{text-align:center;margin:60px 0;font-size:1.8rem;letter-spacing:18px;background:linear-gradient(135deg,#ffeca7,#e73469,#a9e2e4);-webkit-background-clip:text;-webkit-text-fill-color:transparent;background-clip:text}\n.dynseo-tip-box{background:linear-gradient(135deg,#ecfdf5 0%,#d1fae5 100%);border:2px solid #a9e2e4;border-radius:16px;padding:25px 30px;margin:35px 0;position:relative;box-shadow:0 4px 20px rgba(169,226,228,0.3);transition:all .3s ease}\n.dynseo-tip-box:hover{transform:translateY(-3px);box-shadow:0 8px 30px rgba(169,226,228,0.4)}\n.dynseo-tip-box-title{font-family:'Montserrat',sans-serif;font-size:1.15rem;font-weight:700;color:#1a1a2e;margin-bottom:12px;display:flex;align-items:center;gap:10px}\n.dynseo-tip-box-title::before{content:\"\ud83d\udca1\";font-size:1.3rem}\n.dynseo-tip-box p{margin:0;color:#2c3e50}\n.dynseo-feature-grid{display:grid;grid-template-columns:repeat(3,1fr);gap:20px;margin:35px 0}\n.dynseo-feature-card{background:#fff;border-radius:20px;padding:30px 25px;text-align:center;border:2px solid #f1f5f9;transition:all .4s ease;position:relative;overflow:hidden}\n.dynseo-feature-card::before{content:\"\";position:absolute;top:0;left:0;right:0;height:4px;background:linear-gradient(90deg,#ffeca7,#e73469);transform:scaleX(0);transition:transform .3s ease}\n.dynseo-feature-card:hover::before{transform:scaleX(1)}\n.dynseo-feature-card:nth-child(3n+1){border-color:rgba(255,236,167,0.5)}\n.dynseo-feature-card:nth-child(3n+2){border-color:rgba(231,52,105,0.3)}\n.dynseo-feature-card:nth-child(3n+3){border-color:rgba(169,226,228,0.5)}\n.dynseo-feature-card:hover{transform:translateY(-8px);box-shadow:0 20px 50px rgba(0,0,0,0.12)}\n.dynseo-feature-card h4{font-family:'Montserrat',sans-serif;color:#1a1a2e;margin-bottom:10px;font-size:1.1rem;font-weight:600}\n.dynseo-feature-card p{font-size:.95rem;color:#64748b;margin:0}\n.dynseo-highlight-box{background:linear-gradient(135deg,#fef3c7 0%,#fde68a 100%);border:2px solid #ffeca7;border-radius:16px;padding:25px 30px;margin:30px 0;transition:all .3s ease}\n.dynseo-highlight-box:hover{transform:translateY(-3px);box-shadow:0 8px 30px rgba(255,236,167,0.4)}\n.dynseo-highlight-box h4{font-family:'Montserrat',sans-serif;color:#1a1a2e;margin:0 0 12px 0;font-size:1.1rem}\n.dynseo-highlight-box p{margin:0;color:#2c3e50}\n@media(max-width:768px){.dynseo-article h2{font-size:1.5rem}.dynseo-toc ol{grid-template-columns:1fr}.dynseo-feature-grid{grid-template-columns:1fr}}\n<\/style>\n<div class=\"dynseo-article\">\n<div class=\"dynseo-intro\"><pee>Muitas pessoas est\u00e3o familiarizadas com o<a href=\"https:\/\/www.doctissimo.fr\/html\/dossiers\/autisme.htm\">autismo<\/a>. Mas isso n\u00e3o significa que esse conhecimento seja correto, muito pelo contr\u00e1rio. Muitas vezes, temos tend\u00eancia para encontrar v\u00e1rios mitos sobre as pessoas autistas, o que n\u00e3o lhes faz justi\u00e7a.<\/pee>\n<pee>Muitas pessoas dir-te-\u00e3o que os autistas est\u00e3o sempre zangados, que n\u00e3o t\u00eam emo\u00e7\u00f5es e que, por isso, s\u00e3o incapazes de mostrar compaix\u00e3o. Podes at\u00e9 ouvir dizer que uma pessoa autista tem capacidades extraordin\u00e1rias ou que n\u00e3o consegue falar. Todas estas ideias preconcebidas acabam por criar uma imagem popular das pessoas autistas e, claro, esta imagem est\u00e1 totalmente divorciada da realidade.<\/pee>\n<pee>Elabor\u00e1mos um artigo para te ajudar a distinguir entre o que \u00e9 verdadeiro e o que \u00e9 falso e para acabar com as falsas cren\u00e7as sobre as pessoas autistas. Portanto, n\u00e3o espere mais para ler o resto deste artigo!<\/pee>\n<pee>&nbsp;<\/pee><\/div>\n<nav class=\"dynseo-toc\">\n<div class=\"toc-title\">\ud83d\udccb Sommaire<\/div>\n<ol>\n<li style=\"border-left:4px solid #ffeca7\"><a href=\"#section-1\">Uma pessoa autista n\u00e3o tem emo\u00e7\u00f5es<\/a><\/li>\n<li style=\"border-left:4px solid #e73469\"><a href=\"#section-2\">Uma pessoa autista tem tend\u00eancia a ser agressiva<\/a><\/li>\n<li style=\"border-left:4px solid #a9e2e4\"><a href=\"#section-3\">Uma pessoa autista n\u00e3o consegue falar<\/a><\/li>\n<li style=\"border-left:4px solid #5e5ed7\"><a href=\"#section-4\">Uma pessoa autista n\u00e3o tem compaix\u00e3o<\/a><\/li>\n<li style=\"border-left:4px solid #5268c9\"><a href=\"#section-5\">Aplica\u00e7\u00f5es educativas para pessoas autistas<\/a><\/li>\n<li style=\"border-left:4px solid #ffeca7\"><a href=\"#section-6\">Centra-te nas aplica\u00e7\u00f5es COCO PENSA e COCO SE MEXE para crian\u00e7as autistas<\/a><\/li>\n<\/ol>\n<\/nav>\n<section class=\"dynseo-section\">\n<h2 id=\"section-1\">Uma pessoa autista n\u00e3o tem emo\u00e7\u00f5es<\/h2>\n<pee>\u00c9 frequente a ideia de que uma pessoa com autismo \u00e9 incapaz de sentir emo\u00e7\u00f5es. Esta no\u00e7\u00e3o preconcebida \u00e9, obviamente, completamente falsa e resulta frequentemente do facto de algumas pessoas autistas serem incapazes de expressar os seus sentimentos e emo\u00e7\u00f5es como seria de esperar. As pessoas de fora acabam por pensar que a pessoa autista n\u00e3o sente nada. Se uma pessoa com uma perturba\u00e7\u00e3o do espetro do autismo se exprime mal, isso significa simplesmente que tem dificuldade em partilhar claramente os seus sentimentos.<\/pee>\n<pee>A sua falta de jeito deve, portanto, ser tida em conta, sem esquecer que uma pessoa autista passar\u00e1 pelas mesmas fases que qualquer outra pessoa. Verifica-se frequentemente que uma pessoa autista tem dificuldade em distinguir os diferentes tons de emo\u00e7\u00e3o e tem muita dificuldade em regular o que lhe est\u00e1 a acontecer.<\/pee>\n<pee>Por isso, temos de ser pacientes e dedicar algum tempo a compreender as emo\u00e7\u00f5es da outra pessoa, adaptando ao mesmo tempo as nossas reac\u00e7\u00f5es para mostrar claramente as nossas pr\u00f3prias emo\u00e7\u00f5es. Uma pessoa autista ter\u00e1, portanto, emo\u00e7\u00f5es, mas ter\u00e1 dificuldade em express\u00e1-las de forma complexa.<\/pee>\n<pee>&nbsp;<\/pee><\/section>\n<section class=\"dynseo-section\">\n<h2 id=\"section-2\">Uma pessoa autista tem tend\u00eancia a ser agressiva<\/h2>\n<pee>Outro mito totalmente falso \u00e9 o de que uma pessoa autista \u00e9 agressiva e zangada. Esta ideia errada est\u00e1 demasiado enraizada no pensamento popular, quando certas fases da agressividade est\u00e3o simplesmente ligadas a uma falta de capacidade de express\u00e3o. Se uma pessoa autista \u00e9 agressiva, \u00e9 porque n\u00e3o consegue encontrar outra forma de se expressar numa determinada situa\u00e7\u00e3o. A incompreens\u00e3o \u00e9 muito comum entre estas pessoas, que n\u00e3o t\u00eam os mesmos c\u00f3digos e se encontram regularmente em situa\u00e7\u00f5es desagrad\u00e1veis e angustiantes.<\/pee>\n<pee>Por isso, n\u00e3o confundas a falta de jeito e um pedido de ajuda com agressividade, que \u00e9 apenas um mito entre as pessoas autistas.<\/pee>\n<pee>&nbsp;<\/pee><\/section>\n<div class=\"section-divider\">\u25c6 \u25c6 \u25c6<\/div>\n<section class=\"dynseo-section\">\n<h2 id=\"section-3\">Uma pessoa autista n\u00e3o consegue falar<\/h2>\n<pee>Uma pessoa autista \u00e9 perfeitamente capaz de comunicar, apesar dos mitos que dizem o contr\u00e1rio. Algumas pessoas autistas n\u00e3o falam, mas n\u00e3o s\u00e3o a maioria. De facto, existem diferentes formas de linguagem e uma pessoa autista pode evoluir na forma como comunica com os outros.<\/pee>\n<pee>Em termos de linguagem, existem duas grandes categorias, como a linguagem expressiva, que \u00e9 um meio de comunica\u00e7\u00e3o atrav\u00e9s da express\u00e3o de ideias de v\u00e1rias formas. Mas h\u00e1 tamb\u00e9m a linguagem recetiva, que nos permite compreender o que se passa. A linguagem desenvolve-se de formas diferentes nas pessoas autistas, mas nunca se pode partir do princ\u00edpio de que uma pessoa com este tipo de perturba\u00e7\u00e3o n\u00e3o ser\u00e1 capaz de exprimir os seus pensamentos. O mais importante \u00e9 aprenderes os c\u00f3digos de comunica\u00e7\u00e3o utilizados.<\/pee><\/section>\n<section class=\"dynseo-section\">\n<h2 id=\"section-4\">Uma pessoa autista n\u00e3o tem compaix\u00e3o<\/h2>\n<pee>\u00c9 frequente ouvir-se a ideia de que uma pessoa autista n\u00e3o consegue mostrar empatia com as pessoas que a rodeiam, mas esta ideia \u00e9, obviamente, completamente falsa.<\/pee>\n<pee>Colocares-te no lugar de outra pessoa \u00e9 uma capacidade que as pessoas autistas t\u00eam. Mas muitas vezes podemos duvidar disso, porque essas pessoas t\u00eam dificuldade em descodificar o comportamento das pessoas que funcionam de forma diferente. Isto dificulta a empatia e a capacidade de reagir em conformidade.<\/pee>\n<pee>\u00c9 muito comum que as pessoas autistas sintam muito mais empatia do que as outras pessoas, por isso n\u00e3o confundas a dificuldade em analisar e interpretar as emo\u00e7\u00f5es das outras pessoas com falta de compaix\u00e3o. As pessoas autistas s\u00e3o pessoas sens\u00edveis, com sentimentos e um contacto real com o mundo que as rodeia.<\/pee><\/section>\n<div class=\"section-divider\">\u25c6 \u25c6 \u25c6<\/div>\n<section class=\"dynseo-section\">\n<h2 id=\"section-5\">Aplica\u00e7\u00f5es educativas para pessoas autistas<\/h2>\n<h4 style=\"text-align: center\"><b>COCO PENSA e COCO SE MEXE<\/b><\/h4>\n<pee>Uma vers\u00e3o para crian\u00e7as autistas dos 5 aos 10 anos <\/pee>\n<h4 style=\"text-align: center\"><b>FERNANDO<\/b><\/h4>\n<pee>Uma vers\u00e3o para adultos autistas com perturba\u00e7\u00f5es leves<\/pee>\n<h4 style=\"text-align: center\"><b>CARMEN<\/b><\/h4>\n<pee>Uma vers\u00e3o para adultos autistas e seniores com perturba\u00e7\u00f5es graves<\/pee><\/section>\n<section class=\"dynseo-section\">\n<h2 id=\"section-6\">Centra-te nas aplica\u00e7\u00f5es COCO PENSA e COCO SE MEXE para crian\u00e7as autistas<\/h2>\n<pee>A aplica\u00e7\u00e3o COCO PENSA e COCO SE MEXE cont\u00e9m mais de 30 jogos educativos para ajudar a trabalhar o franc\u00eas, a matem\u00e1tica, a l\u00f3gica, a mem\u00f3ria e a aten\u00e7\u00e3o.<\/pee>\n<pee>Este programa foi desenvolvido para crian\u00e7as que sofrem de perturba\u00e7\u00f5es cognitivas, como o autismo, a PHDA, a DYS, etc., para evitar que os jogadores sejam preparados para falhar.<\/pee>\n<pee>Cada jogo tem 3 n\u00edveis de dificuldade, sendo que o n\u00edvel &#8220;f\u00e1cil&#8221; \u00e9 muito simples. Desta forma, os utilizadores podem progredir ao seu pr\u00f3prio ritmo, enquanto recebem recompensas e mensagens de encorajamento.<\/pee>\n<pee>Al\u00e9m disso, a aplica\u00e7\u00e3o imp\u00f5e uma pausa desportiva a cada 15 minutos de tempo de ecr\u00e3 para ensinar a utiliza\u00e7\u00e3o moderada do ecr\u00e3.<\/pee>\n<pee>Muito mais inteligente do que os controlos parentais!<\/pee>\n<h3>Descobre a aplica\u00e7\u00e3o COCO PENSA e COCO SE MEXE<\/h3>\n<h3>Apoio \u00e0s crian\u00e7as com autismo<\/h3>\n<\/section>\n<\/div>\n<p>[\/et_pb_code][\/et_pb_column][\/et_pb_row][\/et_pb_section][et_pb_section fb_built=&#8221;1&#8243; _builder_version=&#8221;4.16&#8243;][et_pb_row][et_pb_column type=&#8221;4_4&#8243;][et_pb_code]<script type=\"application\/ld+json\">{\"@context\":\"https:\/\/schema.org\",\"@type\":\"FAQPage\",\"mainEntity\":[{\"@type\":\"Question\",\"name\":\"As pessoas autistas realmente n\u00e3o t\u00eam emo\u00e7\u00f5es?\",\"acceptedAnswer\":{\"@type\":\"Answer\",\"text\":\"N\u00e3o, esta \u00e9 uma ideia completamente falsa. As pessoas com autismo t\u00eam emo\u00e7\u00f5es como qualquer outra pessoa. O que pode acontecer \u00e9 que algumas pessoas autistas t\u00eam dificuldade em expressar os seus sentimentos e emo\u00e7\u00f5es da forma esperada, o que leva as pessoas de fora a pensar erradamente que n\u00e3o sentem nada.\"}},{\"@type\":\"Question\",\"name\":\"Todas as pessoas autistas t\u00eam capacidades extraordin\u00e1rias?\",\"acceptedAnswer\":{\"@type\":\"Answer\",\"text\":\"N\u00e3o, este \u00e9 um mito comum sobre o autismo. Embora algumas pessoas autistas possam ter talentos espec\u00edficos, n\u00e3o \u00e9 verdade que todas tenham capacidades extraordin\u00e1rias. Cada pessoa autista \u00e9 \u00fanica e tem as suas pr\u00f3prias caracter\u00edsticas e habilidades.\"}},{\"@type\":\"Question\",\"name\":\"As pessoas com autismo est\u00e3o sempre zangadas?\",\"acceptedAnswer\":{\"@type\":\"Answer\",\"text\":\"N\u00e3o, esta \u00e9 uma ideia preconcebida incorreta. As pessoas autistas n\u00e3o est\u00e3o sempre zangadas. Como qualquer pessoa, podem experimentar uma gama completa de emo\u00e7\u00f5es, incluindo alegria, tristeza, excita\u00e7\u00e3o e sim, por vezes zanga, mas n\u00e3o de forma constante.\"}},{\"@type\":\"Question\",\"name\":\"Todas as pessoas autistas s\u00e3o incapazes de falar?\",\"acceptedAnswer\":{\"@type\":\"Answer\",\"text\":\"N\u00e3o, este \u00e9 outro mito sobre o autismo. Embora algumas pessoas autistas possam ter dificuldades na comunica\u00e7\u00e3o verbal, muitas outras falam normalmente. O espetro do autismo \u00e9 muito amplo e inclui pessoas com diferentes n\u00edveis de capacidades comunicativas.\"}},{\"@type\":\"Question\",\"name\":\"As pessoas autistas s\u00e3o incapazes de mostrar compaix\u00e3o?\",\"acceptedAnswer\":{\"@type\":\"Answer\",\"text\":\"N\u00e3o, esta \u00e9 uma cren\u00e7a falsa. As pessoas autistas s\u00e3o capazes de sentir e mostrar compaix\u00e3o. O facto de poderem expressar empatia de forma diferente n\u00e3o significa que n\u00e3o a sintam ou que sejam incapazes de se preocupar com os outros.\"}},{\"@type\":\"Question\",\"name\":\"Por que existem tantos mitos sobre a perturba\u00e7\u00e3o do espetro do autismo?\",\"acceptedAnswer\":{\"@type\":\"Answer\",\"text\":\"Os mitos sobre o autismo existem porque muitas pessoas t\u00eam conhecimento limitado sobre esta condi\u00e7\u00e3o. Estas ideias preconcebidas criam uma imagem popular das pessoas autistas que est\u00e1 completamente divorciada da realidade, n\u00e3o fazendo justi\u00e7a \u00e0 diversidade e complexidade do espetro do autismo.\"}}]}<\/script><br \/>\n<script type=\"application\/ld+json\">{\"@context\":\"https:\/\/schema.org\",\"@type\":\"FAQPage\",\"mainEntity\":[{\"@type\":\"Question\",\"name\":\"As pessoas autistas realmente n\u00e3o t\u00eam emo\u00e7\u00f5es?\",\"acceptedAnswer\":{\"@type\":\"Answer\",\"text\":\"N\u00e3o, esta \u00e9 uma ideia completamente falsa. As pessoas com autismo t\u00eam emo\u00e7\u00f5es como qualquer outra pessoa. O que pode acontecer \u00e9 que algumas pessoas autistas t\u00eam dificuldade em expressar os seus sentimentos e emo\u00e7\u00f5es da forma esperada, o que leva as pessoas de fora a pensar erradamente que n\u00e3o sentem nada.\"}},{\"@type\":\"Question\",\"name\":\"Todas as pessoas autistas t\u00eam capacidades extraordin\u00e1rias?\",\"acceptedAnswer\":{\"@type\":\"Answer\",\"text\":\"N\u00e3o, este \u00e9 um mito comum sobre o autismo. Embora algumas pessoas autistas possam ter talentos espec\u00edficos, n\u00e3o \u00e9 verdade que todas tenham capacidades extraordin\u00e1rias. Cada pessoa autista \u00e9 \u00fanica e tem as suas pr\u00f3prias caracter\u00edsticas e habilidades.\"}},{\"@type\":\"Question\",\"name\":\"As pessoas com autismo est\u00e3o sempre zangadas?\",\"acceptedAnswer\":{\"@type\":\"Answer\",\"text\":\"N\u00e3o, esta \u00e9 uma ideia preconcebida incorreta. As pessoas autistas n\u00e3o est\u00e3o sempre zangadas. Como qualquer pessoa, podem experimentar uma gama completa de emo\u00e7\u00f5es, incluindo alegria, tristeza, excita\u00e7\u00e3o e sim, por vezes zanga, mas n\u00e3o de forma constante.\"}},{\"@type\":\"Question\",\"name\":\"Todas as pessoas autistas s\u00e3o incapazes de falar?\",\"acceptedAnswer\":{\"@type\":\"Answer\",\"text\":\"N\u00e3o, este \u00e9 outro mito sobre o autismo. Embora algumas pessoas autistas possam ter dificuldades na comunica\u00e7\u00e3o verbal, muitas outras falam normalmente. O espetro do autismo \u00e9 muito amplo e inclui pessoas com diferentes n\u00edveis de capacidades comunicativas.\"}},{\"@type\":\"Question\",\"name\":\"As pessoas autistas s\u00e3o incapazes de mostrar compaix\u00e3o?\",\"acceptedAnswer\":{\"@type\":\"Answer\",\"text\":\"N\u00e3o, esta \u00e9 uma cren\u00e7a falsa. As pessoas autistas s\u00e3o capazes de sentir e mostrar compaix\u00e3o. O facto de poderem expressar empatia de forma diferente n\u00e3o significa que n\u00e3o a sintam ou que sejam incapazes de se preocupar com os outros.\"}},{\"@type\":\"Question\",\"name\":\"Por que existem tantos mitos sobre a perturba\u00e7\u00e3o do espetro do autismo?\",\"acceptedAnswer\":{\"@type\":\"Answer\",\"text\":\"Os mitos sobre o autismo existem porque muitas pessoas t\u00eam conhecimento limitado sobre esta condi\u00e7\u00e3o. Estas ideias preconcebidas criam uma imagem popular das pessoas autistas que est\u00e1 completamente divorciada da realidade, n\u00e3o fazendo justi\u00e7a \u00e0 diversidade e complexidade do espetro do autismo.\"}}]}<\/script>[\/et_pb_code][\/et_pb_column][\/et_pb_row][\/et_pb_section]<\/p>\n","protected":false},"excerpt":{"rendered":"<div class=\"et_pb_row et_pb_row_0 et_pb_row_empty\">\n\t\t\t\t\n\t\t\t\t\n\t\t\t\t\n\t\t\t\t\n\t\t\t\t\n\t\t\t<\/div>\n","protected":false},"author":4,"featured_media":378142,"comment_status":"closed","ping_status":"closed","sticky":false,"template":"","format":"standard","meta":{"_et_pb_use_builder":"on","_et_pb_old_content":"","_et_gb_content_width":"","footnotes":""},"categories":[3582,2915,3303],"tags":[3498,3091,3113,3313,3490,3405],"class_list":["post-130818","post","type-post","status-publish","format-standard","has-post-thumbnail","hentry","category-advice-from-our-coaches","category-les-conseils-des-coachs","category-tudo-sobre-o-autismo","tag-autisme-enfant-pt-pt","tag-autisme-enfant","tag-autisme-enfant-en-2","tag-autismo-em-criancas","tag-handicap-en","tag-3405"],"yoast_head":"<!-- This site is optimized with the Yoast SEO plugin v27.4 - https:\/\/yoast.com\/product\/yoast-seo-wordpress\/ -->\n<title>4 mitos e ideias erradas sobre a perturba\u00e7\u00e3o do espetro do autismo (PEA) - DYNSEO - Aplica\u00e7\u00f5es educativas e jogos de mem\u00f3ria<\/title>\n<meta name=\"description\" content=\"Descobre os 4 maiores mitos e ideias erradas sobre a perturba\u00e7\u00e3o do espetro do autismo (PEA) no Blog da Suzie - Dynseo\" \/>\n<meta name=\"robots\" content=\"index, follow, max-snippet:-1, max-image-preview:large, max-video-preview:-1\" \/>\n<link rel=\"canonical\" href=\"https:\/\/www.dynseo.com\/pt-pt\/4-mitos-e-ideias-erradas-sobre-a-perturbacao-do-espetro-do-autismo-pea\/\" \/>\n<meta property=\"og:locale\" content=\"pt_PT\" \/>\n<meta property=\"og:type\" content=\"article\" \/>\n<meta property=\"og:title\" content=\"4 mitos e ideias erradas sobre a perturba\u00e7\u00e3o do espetro do autismo (PEA) - DYNSEO - Aplica\u00e7\u00f5es educativas e jogos de mem\u00f3ria\" \/>\n<meta property=\"og:description\" content=\"Descobre os 4 maiores mitos e ideias erradas sobre a perturba\u00e7\u00e3o do espetro do autismo (PEA) no Blog da Suzie - Dynseo\" \/>\n<meta property=\"og:url\" content=\"https:\/\/www.dynseo.com\/pt-pt\/4-mitos-e-ideias-erradas-sobre-a-perturbacao-do-espetro-do-autismo-pea\/\" \/>\n<meta property=\"og:site_name\" content=\"DYNSEO - Aplica\u00e7\u00f5es educativas e jogos de mem\u00f3ria\" \/>\n<meta property=\"article:published_time\" content=\"2024-07-10T07:39:32+00:00\" \/>\n<meta property=\"article:modified_time\" content=\"2025-12-28T10:24:19+00:00\" \/>\n<meta property=\"og:image\" content=\"https:\/\/www.dynseo.com\/wp-content\/uploads\/2024\/07\/anteprima-articolo_autismo_cuffie-1024x768.png\" \/>\n\t<meta property=\"og:image:width\" content=\"1024\" \/>\n\t<meta property=\"og:image:height\" content=\"768\" \/>\n\t<meta property=\"og:image:type\" content=\"image\/png\" \/>\n<meta name=\"author\" content=\"DYNSEO\" \/>\n<meta name=\"twitter:label1\" content=\"Escrito por\" \/>\n\t<meta name=\"twitter:data1\" content=\"DYNSEO\" \/>\n\t<meta name=\"twitter:label2\" content=\"Tempo estimado de leitura\" \/>\n\t<meta name=\"twitter:data2\" content=\"5 minutos\" \/>\n<script type=\"application\/ld+json\" class=\"yoast-schema-graph\">{\"@context\":\"https:\\\/\\\/schema.org\",\"@graph\":[{\"@type\":\"Article\",\"@id\":\"https:\\\/\\\/www.dynseo.com\\\/pt-pt\\\/4-mitos-e-ideias-erradas-sobre-a-perturbacao-do-espetro-do-autismo-pea\\\/#article\",\"isPartOf\":{\"@id\":\"https:\\\/\\\/www.dynseo.com\\\/pt-pt\\\/4-mitos-e-ideias-erradas-sobre-a-perturbacao-do-espetro-do-autismo-pea\\\/\"},\"author\":{\"name\":\"DYNSEO\",\"@id\":\"https:\\\/\\\/www.dynseo.com\\\/pt-pt\\\/#\\\/schema\\\/person\\\/78ef63df2ee64e0989bc68f8401b38d6\"},\"headline\":\"4 mitos e ideias erradas sobre a perturba\u00e7\u00e3o do espetro do autismo (PEA)\",\"datePublished\":\"2024-07-10T07:39:32+00:00\",\"dateModified\":\"2025-12-28T10:24:19+00:00\",\"mainEntityOfPage\":{\"@id\":\"https:\\\/\\\/www.dynseo.com\\\/pt-pt\\\/4-mitos-e-ideias-erradas-sobre-a-perturbacao-do-espetro-do-autismo-pea\\\/\"},\"wordCount\":1106,\"publisher\":{\"@id\":\"https:\\\/\\\/www.dynseo.com\\\/pt-pt\\\/#organization\"},\"image\":{\"@id\":\"https:\\\/\\\/www.dynseo.com\\\/pt-pt\\\/4-mitos-e-ideias-erradas-sobre-a-perturbacao-do-espetro-do-autismo-pea\\\/#primaryimage\"},\"thumbnailUrl\":\"https:\\\/\\\/www.dynseo.com\\\/wp-content\\\/uploads\\\/2024\\\/07\\\/anteprima-articolo_autismo_cuffie.png\",\"keywords\":[\"autisme enfant\",\"autisme enfant\",\"autisme enfant\",\"autismo em crian\u00e7as\",\"Handicap\",\"\u513f\u7ae5\u81ea\u95ed\u75c7\"],\"articleSection\":[\"Advice from our coaches\",\"Les conseils des coachs\",\"Tudo sobre o autismo\"],\"inLanguage\":\"pt-PT\"},{\"@type\":\"WebPage\",\"@id\":\"https:\\\/\\\/www.dynseo.com\\\/pt-pt\\\/4-mitos-e-ideias-erradas-sobre-a-perturbacao-do-espetro-do-autismo-pea\\\/\",\"url\":\"https:\\\/\\\/www.dynseo.com\\\/pt-pt\\\/4-mitos-e-ideias-erradas-sobre-a-perturbacao-do-espetro-do-autismo-pea\\\/\",\"name\":\"4 mitos e ideias erradas sobre a perturba\u00e7\u00e3o do espetro do autismo (PEA) - DYNSEO - Aplica\u00e7\u00f5es educativas e jogos de mem\u00f3ria\",\"isPartOf\":{\"@id\":\"https:\\\/\\\/www.dynseo.com\\\/pt-pt\\\/#website\"},\"primaryImageOfPage\":{\"@id\":\"https:\\\/\\\/www.dynseo.com\\\/pt-pt\\\/4-mitos-e-ideias-erradas-sobre-a-perturbacao-do-espetro-do-autismo-pea\\\/#primaryimage\"},\"image\":{\"@id\":\"https:\\\/\\\/www.dynseo.com\\\/pt-pt\\\/4-mitos-e-ideias-erradas-sobre-a-perturbacao-do-espetro-do-autismo-pea\\\/#primaryimage\"},\"thumbnailUrl\":\"https:\\\/\\\/www.dynseo.com\\\/wp-content\\\/uploads\\\/2024\\\/07\\\/anteprima-articolo_autismo_cuffie.png\",\"datePublished\":\"2024-07-10T07:39:32+00:00\",\"dateModified\":\"2025-12-28T10:24:19+00:00\",\"description\":\"Descobre os 4 maiores mitos e ideias erradas sobre a perturba\u00e7\u00e3o do espetro do autismo (PEA) no Blog da Suzie - Dynseo\",\"breadcrumb\":{\"@id\":\"https:\\\/\\\/www.dynseo.com\\\/pt-pt\\\/4-mitos-e-ideias-erradas-sobre-a-perturbacao-do-espetro-do-autismo-pea\\\/#breadcrumb\"},\"inLanguage\":\"pt-PT\",\"potentialAction\":[{\"@type\":\"ReadAction\",\"target\":[\"https:\\\/\\\/www.dynseo.com\\\/pt-pt\\\/4-mitos-e-ideias-erradas-sobre-a-perturbacao-do-espetro-do-autismo-pea\\\/\"]}]},{\"@type\":\"ImageObject\",\"inLanguage\":\"pt-PT\",\"@id\":\"https:\\\/\\\/www.dynseo.com\\\/pt-pt\\\/4-mitos-e-ideias-erradas-sobre-a-perturbacao-do-espetro-do-autismo-pea\\\/#primaryimage\",\"url\":\"https:\\\/\\\/www.dynseo.com\\\/wp-content\\\/uploads\\\/2024\\\/07\\\/anteprima-articolo_autismo_cuffie.png\",\"contentUrl\":\"https:\\\/\\\/www.dynseo.com\\\/wp-content\\\/uploads\\\/2024\\\/07\\\/anteprima-articolo_autismo_cuffie.png\",\"width\":2000,\"height\":1500,\"caption\":\"Mantenha a mente ativa e saud\u00e1vel com jogos cognitivos divertidos e desafiadores\"},{\"@type\":\"BreadcrumbList\",\"@id\":\"https:\\\/\\\/www.dynseo.com\\\/pt-pt\\\/4-mitos-e-ideias-erradas-sobre-a-perturbacao-do-espetro-do-autismo-pea\\\/#breadcrumb\",\"itemListElement\":[{\"@type\":\"ListItem\",\"position\":1,\"name\":\"Accueil\",\"item\":\"https:\\\/\\\/www.dynseo.com\\\/pt-pt\\\/\"},{\"@type\":\"ListItem\",\"position\":2,\"name\":\"4 mitos e ideias erradas sobre a perturba\u00e7\u00e3o do espetro do autismo (PEA)\"}]},{\"@type\":\"WebSite\",\"@id\":\"https:\\\/\\\/www.dynseo.com\\\/pt-pt\\\/#website\",\"url\":\"https:\\\/\\\/www.dynseo.com\\\/pt-pt\\\/\",\"name\":\"Jeux de m\u00e9moire et stimulation cognitive\",\"description\":\"Entra\u00eenez votre m\u00e9moire et votre cerveau avec DYNSEO\",\"publisher\":{\"@id\":\"https:\\\/\\\/www.dynseo.com\\\/pt-pt\\\/#organization\"},\"potentialAction\":[{\"@type\":\"SearchAction\",\"target\":{\"@type\":\"EntryPoint\",\"urlTemplate\":\"https:\\\/\\\/www.dynseo.com\\\/pt-pt\\\/?s={search_term_string}\"},\"query-input\":{\"@type\":\"PropertyValueSpecification\",\"valueRequired\":true,\"valueName\":\"search_term_string\"}}],\"inLanguage\":\"pt-PT\"},{\"@type\":\"Organization\",\"@id\":\"https:\\\/\\\/www.dynseo.com\\\/pt-pt\\\/#organization\",\"name\":\"DYNSEO\",\"url\":\"https:\\\/\\\/www.dynseo.com\\\/pt-pt\\\/\",\"logo\":{\"@type\":\"ImageObject\",\"inLanguage\":\"pt-PT\",\"@id\":\"https:\\\/\\\/www.dynseo.com\\\/pt-pt\\\/#\\\/schema\\\/logo\\\/image\\\/\",\"url\":\"https:\\\/\\\/www.dynseo.com\\\/wp-content\\\/uploads\\\/2022\\\/05\\\/logo-dynseo-new.png\",\"contentUrl\":\"https:\\\/\\\/www.dynseo.com\\\/wp-content\\\/uploads\\\/2022\\\/05\\\/logo-dynseo-new.png\",\"width\":5073,\"height\":1397,\"caption\":\"DYNSEO\"},\"image\":{\"@id\":\"https:\\\/\\\/www.dynseo.com\\\/pt-pt\\\/#\\\/schema\\\/logo\\\/image\\\/\"}},{\"@type\":\"Person\",\"@id\":\"https:\\\/\\\/www.dynseo.com\\\/pt-pt\\\/#\\\/schema\\\/person\\\/78ef63df2ee64e0989bc68f8401b38d6\",\"name\":\"DYNSEO\",\"url\":\"https:\\\/\\\/www.dynseo.com\\\/pt-pt\\\/author\\\/justine\\\/\"}]}<\/script>\n<!-- \/ Yoast SEO plugin. -->","yoast_head_json":{"title":"4 mitos e ideias erradas sobre a perturba\u00e7\u00e3o do espetro do autismo (PEA) - DYNSEO - Aplica\u00e7\u00f5es educativas e jogos de mem\u00f3ria","description":"Descobre os 4 maiores mitos e ideias erradas sobre a perturba\u00e7\u00e3o do espetro do autismo (PEA) no Blog da Suzie - Dynseo","robots":{"index":"index","follow":"follow","max-snippet":"max-snippet:-1","max-image-preview":"max-image-preview:large","max-video-preview":"max-video-preview:-1"},"canonical":"https:\/\/www.dynseo.com\/pt-pt\/4-mitos-e-ideias-erradas-sobre-a-perturbacao-do-espetro-do-autismo-pea\/","og_locale":"pt_PT","og_type":"article","og_title":"4 mitos e ideias erradas sobre a perturba\u00e7\u00e3o do espetro do autismo (PEA) - DYNSEO - Aplica\u00e7\u00f5es educativas e jogos de mem\u00f3ria","og_description":"Descobre os 4 maiores mitos e ideias erradas sobre a perturba\u00e7\u00e3o do espetro do autismo (PEA) no Blog da Suzie - Dynseo","og_url":"https:\/\/www.dynseo.com\/pt-pt\/4-mitos-e-ideias-erradas-sobre-a-perturbacao-do-espetro-do-autismo-pea\/","og_site_name":"DYNSEO - Aplica\u00e7\u00f5es educativas e jogos de mem\u00f3ria","article_published_time":"2024-07-10T07:39:32+00:00","article_modified_time":"2025-12-28T10:24:19+00:00","og_image":[{"width":1024,"height":768,"url":"https:\/\/www.dynseo.com\/wp-content\/uploads\/2024\/07\/anteprima-articolo_autismo_cuffie-1024x768.png","type":"image\/png"}],"author":"DYNSEO","twitter_misc":{"Escrito por":"DYNSEO","Tempo estimado de leitura":"5 minutos"},"schema":{"@context":"https:\/\/schema.org","@graph":[{"@type":"Article","@id":"https:\/\/www.dynseo.com\/pt-pt\/4-mitos-e-ideias-erradas-sobre-a-perturbacao-do-espetro-do-autismo-pea\/#article","isPartOf":{"@id":"https:\/\/www.dynseo.com\/pt-pt\/4-mitos-e-ideias-erradas-sobre-a-perturbacao-do-espetro-do-autismo-pea\/"},"author":{"name":"DYNSEO","@id":"https:\/\/www.dynseo.com\/pt-pt\/#\/schema\/person\/78ef63df2ee64e0989bc68f8401b38d6"},"headline":"4 mitos e ideias erradas sobre a perturba\u00e7\u00e3o do espetro do autismo (PEA)","datePublished":"2024-07-10T07:39:32+00:00","dateModified":"2025-12-28T10:24:19+00:00","mainEntityOfPage":{"@id":"https:\/\/www.dynseo.com\/pt-pt\/4-mitos-e-ideias-erradas-sobre-a-perturbacao-do-espetro-do-autismo-pea\/"},"wordCount":1106,"publisher":{"@id":"https:\/\/www.dynseo.com\/pt-pt\/#organization"},"image":{"@id":"https:\/\/www.dynseo.com\/pt-pt\/4-mitos-e-ideias-erradas-sobre-a-perturbacao-do-espetro-do-autismo-pea\/#primaryimage"},"thumbnailUrl":"https:\/\/www.dynseo.com\/wp-content\/uploads\/2024\/07\/anteprima-articolo_autismo_cuffie.png","keywords":["autisme enfant","autisme enfant","autisme enfant","autismo em crian\u00e7as","Handicap","\u513f\u7ae5\u81ea\u95ed\u75c7"],"articleSection":["Advice from our coaches","Les conseils des coachs","Tudo sobre o autismo"],"inLanguage":"pt-PT"},{"@type":"WebPage","@id":"https:\/\/www.dynseo.com\/pt-pt\/4-mitos-e-ideias-erradas-sobre-a-perturbacao-do-espetro-do-autismo-pea\/","url":"https:\/\/www.dynseo.com\/pt-pt\/4-mitos-e-ideias-erradas-sobre-a-perturbacao-do-espetro-do-autismo-pea\/","name":"4 mitos e ideias erradas sobre a perturba\u00e7\u00e3o do espetro do autismo (PEA) - DYNSEO - Aplica\u00e7\u00f5es educativas e jogos de mem\u00f3ria","isPartOf":{"@id":"https:\/\/www.dynseo.com\/pt-pt\/#website"},"primaryImageOfPage":{"@id":"https:\/\/www.dynseo.com\/pt-pt\/4-mitos-e-ideias-erradas-sobre-a-perturbacao-do-espetro-do-autismo-pea\/#primaryimage"},"image":{"@id":"https:\/\/www.dynseo.com\/pt-pt\/4-mitos-e-ideias-erradas-sobre-a-perturbacao-do-espetro-do-autismo-pea\/#primaryimage"},"thumbnailUrl":"https:\/\/www.dynseo.com\/wp-content\/uploads\/2024\/07\/anteprima-articolo_autismo_cuffie.png","datePublished":"2024-07-10T07:39:32+00:00","dateModified":"2025-12-28T10:24:19+00:00","description":"Descobre os 4 maiores mitos e ideias erradas sobre a perturba\u00e7\u00e3o do espetro do autismo (PEA) no Blog da Suzie - Dynseo","breadcrumb":{"@id":"https:\/\/www.dynseo.com\/pt-pt\/4-mitos-e-ideias-erradas-sobre-a-perturbacao-do-espetro-do-autismo-pea\/#breadcrumb"},"inLanguage":"pt-PT","potentialAction":[{"@type":"ReadAction","target":["https:\/\/www.dynseo.com\/pt-pt\/4-mitos-e-ideias-erradas-sobre-a-perturbacao-do-espetro-do-autismo-pea\/"]}]},{"@type":"ImageObject","inLanguage":"pt-PT","@id":"https:\/\/www.dynseo.com\/pt-pt\/4-mitos-e-ideias-erradas-sobre-a-perturbacao-do-espetro-do-autismo-pea\/#primaryimage","url":"https:\/\/www.dynseo.com\/wp-content\/uploads\/2024\/07\/anteprima-articolo_autismo_cuffie.png","contentUrl":"https:\/\/www.dynseo.com\/wp-content\/uploads\/2024\/07\/anteprima-articolo_autismo_cuffie.png","width":2000,"height":1500,"caption":"Mantenha a mente ativa e saud\u00e1vel com jogos cognitivos divertidos e desafiadores"},{"@type":"BreadcrumbList","@id":"https:\/\/www.dynseo.com\/pt-pt\/4-mitos-e-ideias-erradas-sobre-a-perturbacao-do-espetro-do-autismo-pea\/#breadcrumb","itemListElement":[{"@type":"ListItem","position":1,"name":"Accueil","item":"https:\/\/www.dynseo.com\/pt-pt\/"},{"@type":"ListItem","position":2,"name":"4 mitos e ideias erradas sobre a perturba\u00e7\u00e3o do espetro do autismo (PEA)"}]},{"@type":"WebSite","@id":"https:\/\/www.dynseo.com\/pt-pt\/#website","url":"https:\/\/www.dynseo.com\/pt-pt\/","name":"Jeux de m\u00e9moire et stimulation cognitive","description":"Entra\u00eenez votre m\u00e9moire et votre cerveau avec DYNSEO","publisher":{"@id":"https:\/\/www.dynseo.com\/pt-pt\/#organization"},"potentialAction":[{"@type":"SearchAction","target":{"@type":"EntryPoint","urlTemplate":"https:\/\/www.dynseo.com\/pt-pt\/?s={search_term_string}"},"query-input":{"@type":"PropertyValueSpecification","valueRequired":true,"valueName":"search_term_string"}}],"inLanguage":"pt-PT"},{"@type":"Organization","@id":"https:\/\/www.dynseo.com\/pt-pt\/#organization","name":"DYNSEO","url":"https:\/\/www.dynseo.com\/pt-pt\/","logo":{"@type":"ImageObject","inLanguage":"pt-PT","@id":"https:\/\/www.dynseo.com\/pt-pt\/#\/schema\/logo\/image\/","url":"https:\/\/www.dynseo.com\/wp-content\/uploads\/2022\/05\/logo-dynseo-new.png","contentUrl":"https:\/\/www.dynseo.com\/wp-content\/uploads\/2022\/05\/logo-dynseo-new.png","width":5073,"height":1397,"caption":"DYNSEO"},"image":{"@id":"https:\/\/www.dynseo.com\/pt-pt\/#\/schema\/logo\/image\/"}},{"@type":"Person","@id":"https:\/\/www.dynseo.com\/pt-pt\/#\/schema\/person\/78ef63df2ee64e0989bc68f8401b38d6","name":"DYNSEO","url":"https:\/\/www.dynseo.com\/pt-pt\/author\/justine\/"}]}},"_links":{"self":[{"href":"https:\/\/www.dynseo.com\/pt-pt\/wp-json\/wp\/v2\/posts\/130818","targetHints":{"allow":["GET"]}}],"collection":[{"href":"https:\/\/www.dynseo.com\/pt-pt\/wp-json\/wp\/v2\/posts"}],"about":[{"href":"https:\/\/www.dynseo.com\/pt-pt\/wp-json\/wp\/v2\/types\/post"}],"author":[{"embeddable":true,"href":"https:\/\/www.dynseo.com\/pt-pt\/wp-json\/wp\/v2\/users\/4"}],"replies":[{"embeddable":true,"href":"https:\/\/www.dynseo.com\/pt-pt\/wp-json\/wp\/v2\/comments?post=130818"}],"version-history":[{"count":5,"href":"https:\/\/www.dynseo.com\/pt-pt\/wp-json\/wp\/v2\/posts\/130818\/revisions"}],"predecessor-version":[{"id":459635,"href":"https:\/\/www.dynseo.com\/pt-pt\/wp-json\/wp\/v2\/posts\/130818\/revisions\/459635"}],"wp:featuredmedia":[{"embeddable":true,"href":"https:\/\/www.dynseo.com\/pt-pt\/wp-json\/wp\/v2\/media\/378142"}],"wp:attachment":[{"href":"https:\/\/www.dynseo.com\/pt-pt\/wp-json\/wp\/v2\/media?parent=130818"}],"wp:term":[{"taxonomy":"category","embeddable":true,"href":"https:\/\/www.dynseo.com\/pt-pt\/wp-json\/wp\/v2\/categories?post=130818"},{"taxonomy":"post_tag","embeddable":true,"href":"https:\/\/www.dynseo.com\/pt-pt\/wp-json\/wp\/v2\/tags?post=130818"}],"curies":[{"name":"wp","href":"https:\/\/api.w.org\/{rel}","templated":true}]}}