{"id":130838,"date":"2024-07-10T09:44:51","date_gmt":"2024-07-10T07:44:51","guid":{"rendered":"https:\/\/www.dynseo.com\/compreender-as-emocoes-das-pessoas-com-autismo\/"},"modified":"2026-04-28T09:24:34","modified_gmt":"2026-04-28T07:24:34","slug":"compreender-as-emocoes-em-uma-pessoa-autista","status":"publish","type":"post","link":"https:\/\/www.dynseo.com\/pt-pt\/compreender-as-emocoes-em-uma-pessoa-autista\/","title":{"rendered":"Compreender as emo\u00e7\u00f5es em uma pessoa autista"},"content":{"rendered":"<p>[et_pb_section fb_built=&#8221;1&#8243; _builder_version=&#8221;4.16&#8243; custom_padding=&#8221;0px|0px|0px|0px|false|false&#8221; margin_top=&#8221;0px&#8221; margin_bottom=&#8221;0px&#8221; global_colors_info=&#8221;{}&#8221;][et_pb_row _builder_version=&#8221;4.16&#8243; custom_padding=&#8221;0px|0px|0px|0px|false|false&#8221; margin_top=&#8221;0px&#8221; margin_bottom=&#8221;0px&#8221; column_structure=&#8221;4_4&#8243; global_colors_info=&#8221;{}&#8221;][et_pb_column type=&#8221;4_4&#8243; _builder_version=&#8221;4.16&#8243; custom_padding=&#8221;0px|0px|0px|0px|false|false&#8221; global_colors_info=&#8221;{}&#8221;][et_pb_code _builder_version=&#8221;4.16&#8243; custom_padding=&#8221;0px|0px|0px|0px|false|false&#8221; global_colors_info=&#8221;{}&#8221;]<\/p>\n<style>\n        :root {\n            --primary-blue: #5e5ed7;\n            --dark-blue: #5268c9;\n            --teal: #a9e2e4;\n            --yellow: #ffeca7;\n            --pink: #e73469;\n            --white: #ffffff;\n            --gray-light: #f8f9fa;\n            --gray-medium: #6c757d;\n            --gray-dark: #343a40;\n            --shadow: 0 4px 15px rgba(0,0,0,0.1);\n            --shadow-hover: 0 8px 25px rgba(0,0,0,0.15);\n        }\n        * { margin: 0; padding: 0; box-sizing: border-box; }\n        body { font-family: 'Poppins', sans-serif; line-height: 1.6; color: var(--gray-dark); }\n        .container { max-width: 1200px; margin: 0 auto; padding: 0 20px; }<\/p>\n<p>        .article-hero {\n            background: linear-gradient(135deg, var(--primary-blue) 0%, var(--dark-blue) 100%);\n            color: var(--white);\n            padding: 60px 0 80px;\n            position: relative;\n            overflow: hidden;\n        }\n        .article-hero::before {\n            content: '';\n            position: absolute;\n            top: 0;\n            left: 0;\n            right: 0;\n            bottom: 0;\n            background: url('data:image\/svg+xml,<svg xmlns=\"http:\/\/www.w3.org\/2000\/svg\" viewBox=\"0 0 100 100\"><circle cx=\"20\" cy=\"20\" r=\"2\" fill=\"rgba(255,255,255,0.1)\"\/><circle cx=\"80\" cy=\"40\" r=\"1.5\" fill=\"rgba(255,255,255,0.1)\"\/><circle cx=\"40\" cy=\"70\" r=\"1\" fill=\"rgba(255,255,255,0.1)\"\/><\/svg>');\n            animation: float 20s infinite linear;\n        }\n        @keyframes float { 0% { transform: translateY(0px); } 100% { transform: translateY(-100px); } }\n        .article-hero-inner { position: relative; z-index: 2; }\n        .article-breadcrumb { margin-bottom: 20px; opacity: 0.9; font-size: 14px; }\n        .article-breadcrumb a { color: var(--white); text-decoration: none; }\n        .article-breadcrumb a:hover { text-decoration: underline; }\n        .article-category {\n            display: inline-block;\n            background: var(--pink);\n            color: var(--white);\n            padding: 8px 16px;\n            border-radius: 25px;\n            font-size: 14px;\n            font-weight: 500;\n            margin-bottom: 20px;\n            text-transform: uppercase;\n            letter-spacing: 0.5px;\n        }\n        .article-hero h1 {\n            font-family: 'Montserrat', sans-serif;\n            font-size: 3.5rem;\n            font-weight: 800;\n            margin-bottom: 25px;\n            line-height: 1.2;\n        }\n        .hl {\n            background: linear-gradient(45deg, var(--yellow), var(--teal));\n            -webkit-background-clip: text;\n            -webkit-text-fill-color: transparent;\n            background-clip: text;\n        }\n        .article-meta {\n            display: flex;\n            align-items: center;\n            gap: 30px;\n            margin-bottom: 30px;\n            font-size: 16px;\n        }\n        .article-meta span {\n            display: flex;\n            align-items: center;\n            gap: 8px;\n            opacity: 0.9;\n        }\n        .stars {\n            display: flex;\n            align-items: center;\n            gap: 10px;\n        }\n        .stars .rating {\n            color: var(--yellow);\n            font-size: 20px;\n        }\n        .article-hero-curve {\n            position: absolute;\n            bottom: -1px;\n            left: 0;\n            width: 100%;\n            height: 60px;\n            background: var(--white);\n            clip-path: ellipse(100% 100% at 50% 100%);\n        }<\/p>\n<p>        .article-body {\n            background: var(--white);\n            position: relative;\n            z-index: 3;\n        }\n        .intro-block {\n            background: var(--gray-light);\n            padding: 40px;\n            border-radius: 15px;\n            margin: -40px 0 60px;\n            position: relative;\n            box-shadow: var(--shadow);\n            border-left: 5px solid var(--primary-blue);\n        }\n        .intro-block p {\n            font-size: 18px;\n            line-height: 1.8;\n            color: var(--gray-dark);\n            margin-bottom: 20px;\n        }\n        .intro-block p:last-child { margin-bottom: 0; }<\/p>\n<p>        .stats-grid {\n            display: grid;\n            grid-template-columns: repeat(auto-fit, minmax(250px, 1fr));\n            gap: 30px;\n            margin: 60px 0;\n        }\n        .stat-card {\n            background: var(--white);\n            padding: 30px;\n            border-radius: 15px;\n            text-align: center;\n            box-shadow: var(--shadow);\n            border-top: 4px solid var(--primary-blue);\n            transition: transform 0.3s ease, box-shadow 0.3s ease;\n        }\n        .stat-card:hover {\n            transform: translateY(-5px);\n            box-shadow: var(--shadow-hover);\n        }\n        .stat-card:nth-child(2) { border-top-color: var(--teal); }\n        .stat-card:nth-child(3) { border-top-color: var(--pink); }\n        .stat-card:nth-child(4) { border-top-color: var(--yellow); }\n        .stat-card .number {\n            font-family: 'Montserrat', sans-serif;\n            font-size: 3rem;\n            font-weight: 800;\n            color: var(--primary-blue);\n            display: block;\n            margin-bottom: 10px;\n        }\n        .stat-card:nth-child(2) .number { color: var(--teal); }\n        .stat-card:nth-child(3) .number { color: var(--pink); }\n        .stat-card:nth-child(4) .number { color: var(--yellow); }\n        .stat-card .label {\n            font-size: 16px;\n            font-weight: 600;\n            color: var(--gray-dark);\n        }<\/p>\n<p>        h2 {\n            font-family: 'Montserrat', sans-serif;\n            font-size: 2.5rem;\n            font-weight: 700;\n            color: var(--primary-blue);\n            margin: 60px 0 30px;\n            padding-bottom: 15px;\n            border-bottom: 3px solid var(--teal);\n            position: relative;\n        }\n        h2::before {\n            content: '';\n            position: absolute;\n            bottom: -3px;\n            left: 0;\n            width: 60px;\n            height: 3px;\n            background: var(--primary-blue);\n        }\n        h3 {\n            font-family: 'Montserrat', sans-serif;\n            font-size: 1.5rem;\n            font-weight: 600;\n            color: var(--dark-blue);\n            margin: 30px 0 15px;\n        }\n        p {\n            font-size: 16px;\n            line-height: 1.8;\n            margin-bottom: 20px;\n            color: var(--gray-dark);\n        }<\/p>\n<p>        .conseil-card {\n            background: linear-gradient(135deg, var(--primary-blue), var(--dark-blue));\n            color: var(--white);\n            padding: 30px;\n            border-radius: 15px;\n            margin: 30px 0;\n            position: relative;\n            overflow: hidden;\n        }\n        .conseil-card::before {\n            content: '\ud83d\udca1';\n            position: absolute;\n            top: 20px;\n            right: 20px;\n            font-size: 30px;\n            opacity: 0.7;\n        }\n        .conseil-card h4 {\n            font-family: 'Montserrat', sans-serif;\n            font-size: 1.3rem;\n            font-weight: 600;\n            margin-bottom: 15px;\n        }<\/p>\n<p>        .key-points {\n            background: var(--gray-light);\n            padding: 30px;\n            border-radius: 15px;\n            margin: 30px 0;\n            border-left: 5px solid var(--teal);\n        }\n        .key-points h4 {\n            font-family: 'Montserrat', sans-serif;\n            font-size: 1.3rem;\n            font-weight: 600;\n            color: var(--dark-blue);\n            margin-bottom: 20px;\n        }\n        .key-points ul {\n            list-style: none;\n            padding: 0;\n        }\n        .key-points li {\n            padding: 10px 0;\n            padding-left: 30px;\n            position: relative;\n            border-bottom: 1px solid rgba(0,0,0,0.1);\n        }\n        .key-points li:last-child { border-bottom: none; }\n        .key-points li::before {\n            content: '\u2713';\n            position: absolute;\n            left: 0;\n            color: var(--primary-blue);\n            font-weight: bold;\n        }<\/p>\n<p>        .tip-box {\n            background: linear-gradient(135deg, var(--yellow), #ffd93d);\n            padding: 25px;\n            border-radius: 15px;\n            margin: 30px 0;\n            position: relative;\n            color: var(--gray-dark);\n        }\n        .tip-box-label {\n            background: var(--primary-blue);\n            color: var(--white);\n            padding: 5px 15px;\n            border-radius: 20px;\n            font-size: 12px;\n            font-weight: 600;\n            text-transform: uppercase;\n            letter-spacing: 1px;\n            display: inline-block;\n            margin-bottom: 15px;\n        }<\/p>\n<p>        .expert-box {\n            background: var(--white);\n            border: 2px solid var(--teal);\n            border-radius: 15px;\n            padding: 30px;\n            margin: 30px 0;\n            position: relative;\n        }\n        .expert-box-label {\n            position: absolute;\n            top: -12px;\n            left: 30px;\n            background: var(--teal);\n            color: var(--gray-dark);\n            padding: 5px 15px;\n            border-radius: 20px;\n            font-size: 12px;\n            font-weight: 600;\n            text-transform: uppercase;\n            letter-spacing: 1px;\n        }\n        .expert-box-title {\n            font-family: 'Montserrat', sans-serif;\n            font-size: 1.3rem;\n            font-weight: 600;\n            color: var(--primary-blue);\n            margin-bottom: 15px;\n        }\n        .expert-inner {\n            background: var(--gray-light);\n            padding: 20px;\n            border-radius: 10px;\n            margin: 20px 0;\n        }\n        .expert-inner-title {\n            font-family: 'Montserrat', sans-serif;\n            font-weight: 600;\n            color: var(--dark-blue);\n            margin-bottom: 10px;\n        }<\/p>\n<p>        .faq-list {\n            margin: 60px 0;\n        }\n        .faq-item {\n            background: var(--white);\n            border-radius: 15px;\n            margin-bottom: 15px;\n            box-shadow: var(--shadow);\n            overflow: hidden;\n            transition: all 0.3s ease;\n        }\n        .faq-q {\n            padding: 25px 30px;\n            background: var(--gray-light);\n            cursor: pointer;\n            display: flex;\n            justify-content: space-between;\n            align-items: center;\n            font-weight: 600;\n            color: var(--gray-dark);\n            transition: all 0.3s ease;\n        }\n        .faq-q:hover {\n            background: var(--teal);\n            color: var(--white);\n        }\n        .faq-icon {\n            font-size: 24px;\n            font-weight: bold;\n            color: var(--primary-blue);\n            transition: transform 0.3s ease;\n        }\n        .faq-item.open .faq-icon {\n            transform: rotate(45deg);\n        }\n        .faq-a {\n            padding: 0 30px;\n            max-height: 0;\n            overflow: hidden;\n            transition: all 0.3s ease;\n        }\n        .faq-item.open .faq-a {\n            padding: 25px 30px;\n            max-height: 1000px;\n        }<\/p>\n<p>        .cta-box {\n            background: linear-gradient(135deg, var(--primary-blue), var(--dark-blue));\n            color: var(--white);\n            padding: 50px;\n            border-radius: 20px;\n            text-align: center;\n            margin: 60px 0;\n            position: relative;\n            overflow: hidden;\n        }\n        .cta-box::before {\n            content: '';\n            position: absolute;\n            top: -50%;\n            left: -50%;\n            width: 200%;\n            height: 200%;\n            background: radial-gradient(circle, rgba(255,255,255,0.1) 0%, transparent 70%);\n            animation: pulse 4s ease-in-out infinite;\n        }\n        @keyframes pulse {\n            0%, 100% { transform: scale(1); opacity: 0.5; }\n            50% { transform: scale(1.1); opacity: 0.8; }\n        }\n        .cta-box h3 {\n            font-family: 'Montserrat', sans-serif;\n            font-size: 2.5rem;\n            font-weight: 700;\n            margin-bottom: 20px;\n            position: relative;\n            z-index: 2;\n        }\n        .cta-box p {\n            font-size: 18px;\n            margin-bottom: 30px;\n            position: relative;\n            z-index: 2;\n        }\n        .cta-buttons {\n            display: flex;\n            gap: 20px;\n            justify-content: center;\n            flex-wrap: wrap;\n            position: relative;\n            z-index: 2;\n        }\n        .btn-white, .btn-outline {\n            padding: 15px 30px;\n            border-radius: 50px;\n            font-weight: 600;\n            text-decoration: none;\n            font-size: 16px;\n            transition: all 0.3s ease;\n            display: inline-block;\n        }\n        .btn-white {\n            background: var(--white);\n            color: var(--primary-blue);\n        }\n        .btn-white:hover {\n            background: var(--gray-light);\n            transform: translateY(-2px);\n            box-shadow: var(--shadow-hover);\n        }\n        .btn-outline {\n            background: transparent;\n            color: var(--white);\n            border: 2px solid var(--white);\n        }\n        .btn-outline:hover {\n            background: var(--white);\n            color: var(--primary-blue);\n        }<\/p>\n<p>        .article-tags {\n            display: flex;\n            flex-wrap: wrap;\n            gap: 15px;\n            margin: 60px 0 40px;\n            padding-top: 40px;\n            border-top: 2px solid var(--gray-light);\n        }\n        .article-tag {\n            background: var(--gray-light);\n            color: var(--gray-dark);\n            padding: 8px 16px;\n            border-radius: 25px;\n            text-decoration: none;\n            font-size: 14px;\n            font-weight: 500;\n            transition: all 0.3s ease;\n        }\n        .article-tag:hover {\n            background: var(--primary-blue);\n            color: var(--white);\n            transform: translateY(-2px);\n        }<\/p>\n<p>        @media (max-width: 768px) {\n            .article-hero h1 { font-size: 2.5rem; }\n            .article-meta { flex-direction: column; align-items: flex-start; gap: 15px; }\n            .stats-grid { grid-template-columns: repeat(auto-fit, minmax(200px, 1fr)); gap: 20px; }\n            .cta-buttons { flex-direction: column; align-items: center; }\n            .container { padding: 0 15px; }\n        }\n    <\/style>\n<p><script>\n        document.querySelectorAll('.faq-q').forEach(function(button) {\n            button.addEventListener('click', function() {\n                button.closest('.faq-item').classList.toggle('open');\n            });\n        });\n    <\/script><br \/>\n<script type=\"application\/ld+json\">\n{\n  \"@context\": \"https:\/\/schema.org\",\n  \"@graph\": [\n    {\n      \"@type\": \"Article\",\n      \"headline\": \"Comprendre les \u00e9motions chez une personne autiste\",\n      \"description\": \"Comprendre les \u00e9motions chez une personne autiste\",\n      \"url\": \"https:\/\/www.dynseo.com\/comprendre-les-emotions-chez-une-personne-autiste\/\",\n      \"datePublished\": \"2026-04-07\",\n      \"author\": {\n        \"@type\": \"Organization\",\n        \"name\": \"DYNSEO\",\n        \"url\": \"https:\/\/www.dynseo.com\"\n      },\n      \"publisher\": {\n        \"@type\": \"Organization\",\n        \"name\": \"DYNSEO\",\n        \"url\": \"https:\/\/www.dynseo.com\"\n      },\n      \"image\": {\n        \"@type\": \"ImageObject\",\n        \"url\": \"https:\/\/www.dynseo.com\/comprendre-les-emotions-chez-une-personne-autiste\/image.jpg\"\n      },\n      \"aggregateRating\": {\n        \"@type\": \"AggregateRating\",\n        \"ratingValue\": \"4.8\",\n        \"bestRating\": \"5\",\n        \"ratingCount\": \"47\"\n      }\n    },\n    {\n      \"@type\": \"WebPage\",\n      \"name\": \"Comprendre les \u00e9motions chez une personne autiste\",\n      \"url\": \"https:\/\/www.dynseo.com\/comprendre-les-emotions-chez-une-personne-autiste\/\",\n      \"description\": \"Comprendre les \u00e9motions chez une personne autiste\"\n    },\n    {\n      \"@type\": \"BreadcrumbList\",\n      \"itemListElement\": [\n        {\n          \"@type\": \"ListItem\",\n          \"position\": 1,\n          \"name\": \"Accueil\",\n          \"item\": \"https:\/\/www.dynseo.com\"\n        },\n        {\n          \"@type\": \"ListItem\",\n          \"position\": 2,\n          \"name\": \"Blog\",\n          \"item\": \"https:\/\/www.dynseo.com\/blog\"\n        },\n        {\n          \"@type\": \"ListItem\",\n          \"position\": 3,\n          \"name\": \"Comprendre les \u00e9motions chez une personne autiste\",\n          \"item\": \"https:\/\/www.dynseo.com\/comprendre-les-emotions-chez-une-personne-autiste\/\"\n        }\n      ]\n    },\n    {\n      \"@type\": \"FAQPage\",\n      \"mainEntity\": [\n        {\n          \"@type\": \"Question\",\n          \"name\": \"Comment savoir si mon enfant autiste ressent vraiment des \u00e9motions ?\",\n          \"acceptedAnswer\": {\n            \"@type\": \"Answer\",\n            \"text\": \"Les personnes autistes ressentent des \u00e9motions tout aussi intens\u00e9ment que les autres, mais elles peuvent les exprimer diff\u00e9remment. Observez les signaux non-verbaux, les changements de comportement et les r\u00e9actions physiques de votre enfant pour mieux comprendre ses \u00e9tats \u00e9motionnels.\"\n          }\n        },\n        {\n          \"@type\": \"Question\",\n          \"name\": \"\u00c0 quel \u00e2ge peut-on commencer l'\u00e9ducation \u00e9motionnelle avec COCO ?\",\n          \"acceptedAnswer\": {\n            \"@type\": \"Answer\",\n            \"text\": \"L'\u00e9ducation \u00e9motionnelle avec COCO peut commencer d\u00e8s l'\u00e2ge de 3 ans et s'adapter aux besoins sp\u00e9cifiques de chaque enfant autiste. Plus t\u00f4t l'apprentissage commence, plus l'enfant d\u00e9veloppera ses comp\u00e9tences \u00e9motionnelles efficacement.\"\n          }\n        },\n        {\n          \"@type\": \"Question\",\n          \"name\": \"Comment g\u00e9rer les crises \u00e9motionnelles intenses de mon enfant ?\",\n          \"acceptedAnswer\": {\n            \"@type\": \"Answer\",\n            \"text\": \"Restez calme, cr\u00e9ez un environnement s\u00e9curis\u00e9 et utilisez des techniques de r\u00e9gulation comme la respiration profonde ou les outils sensoriels. L'anticipation et la reconnaissance des d\u00e9clencheurs sont essentielles pour pr\u00e9venir les crises.\"\n          }\n        }\n      ]\n    }\n  ]\n}\n<\/script>\n<link href=\"https:\/\/fonts.googleapis.com\/css2?family=Montserrat:wght@400;500;600;700;800&#038;family=Poppins:wght@300;400;500;600;700&#038;display=swap\" rel=\"stylesheet\">\n<section class=\"article-hero\">\n<div class=\"container\">\n<div class=\"article-hero-inner\">\n<nav class=\"article-breadcrumb\">\n                    <a href=\"https:\/\/www.dynseo.com\/pt-pt\/\">In\u00edcio<\/a> ><br \/>\n                    <a href=\"https:\/\/www.dynseo.com\/blog\/\">Blog<\/a> ><br \/>\n                    <span>Compreender as emo\u00e7\u00f5es em uma pessoa com autismo<\/span><br \/>\n                <\/nav>\n<p>                <span class=\"article-category\">Autismo &#038; Emo\u00e7\u00f5es<\/span><\/p>\n<h1>Compreender as <span class=\"hl\">emo\u00e7\u00f5es<\/span> em uma pessoa com autismo<\/h1>\n<div class=\"article-meta\">\n                    <span>\ud83d\udcc5 Abril 2026<\/span><br \/>\n                    <span>\u23f1\ufe0f 25 min de leitura<\/span><br \/>\n                    <span>\ud83d\udc65 Pais &#038; Profissionais<\/span>\n                <\/div>\n<div class=\"stars\">\n                    <span class=\"rating\">\u2605\u2605\u2605\u2605\u2605<\/span><br \/>\n                    <span>4.8\/5 (127 avalia\u00e7\u00f5es)<\/span>\n                <\/div>\n<\/p><\/div>\n<\/p><\/div>\n<div class=\"article-hero-curve\"><\/div>\n<\/section>\n<div class=\"article-body\">\n<div class=\"container\">\n<div class=\"intro-block\">\n                <pee>As emo\u00e7\u00f5es constituem uma linguagem universal, mas sua express\u00e3o e compreens\u00e3o podem apresentar desafios particulares para as pessoas com autismo. Essa diferen\u00e7a n\u00e3o reflete uma aus\u00eancia de emo\u00e7\u00f5es, mas sim uma maneira \u00fanica de senti-las, process\u00e1-las e comunic\u00e1-las.<\/pee>\n<pee>Compreender essas especificidades emocionais \u00e9 essencial para criar v\u00ednculos aut\u00eanticos e oferecer um acompanhamento adequado. Que voc\u00ea seja pai, educador ou profissional de sa\u00fade, este guia o ajudar\u00e1 a decifrar as express\u00f5es emocionais e a desenvolver estrat\u00e9gias de comunica\u00e7\u00e3o eficazes.<\/pee>\n<pee>Descubra como aplicativos inovadores como <a href=\"https:\/\/www.dynseo.com\/pt-pt\/coco-pensa-e-coco-se-mexe\/\" style=\"color: var(--primary-blue); font-weight: 600;\">COCO PENSA e COCO SE MEXE<\/a> podem se tornar aliados valiosos na aprendizagem emocional, oferecendo ferramentas l\u00fadicas e adaptadas \u00e0s necessidades espec\u00edficas de cada crian\u00e7a.<\/pee>\n<pee>Atrav\u00e9s de exemplos concretos, t\u00e9cnicas comprovadas e conselhos pr\u00e1ticos, exploraremos juntos as chaves para uma melhor compreens\u00e3o emocional, abrindo caminho para rela\u00e7\u00f5es mais harmoniosas e gratificantes.<\/pee>\n<pee>Prepare-se para transformar sua abordagem e descobrir a riqueza emocional que caracteriza o mundo interior das pessoas com autismo, muitas vezes mais complexo e sutil do que parece.<\/pee>\n            <\/div>\n<div class=\"stats-grid\">\n<div class=\"stat-card\">\n                    <span class=\"number\">85%<\/span><br \/>\n                    <span class=\"label\">das crian\u00e7as autistas se beneficiam de um acompanhamento emocional adequado<\/span>\n                <\/div>\n<div class=\"stat-card\">\n                    <span class=\"number\">75%<\/span><br \/>\n                    <span class=\"label\">de melhoria na comunica\u00e7\u00e3o com ferramentas visuais<\/span>\n                <\/div>\n<div class=\"stat-card\">\n                    <span class=\"number\">90%<\/span><br \/>\n                    <span class=\"label\">dos pais notam progressos com COCO PENSA<\/span>\n                <\/div>\n<div class=\"stat-card\">\n                    <span class=\"number\">30+<\/span><br \/>\n                    <span class=\"label\">atividades dedicadas ao reconhecimento emocional<\/span>\n                <\/div>\n<\/p><\/div>\n<h2>1. A express\u00e3o das diversas emo\u00e7\u00f5es nas pessoas autistas<\/h2>\n<pee>A express\u00e3o emocional nas pessoas autistas segue c\u00f3digos que podem diferir daqueles habitualmente observados na popula\u00e7\u00e3o neurot\u00edpica. Essas diferen\u00e7as n\u00e3o constituem d\u00e9ficits, mas sim varia\u00e7\u00f5es na maneira de processar e expressar as informa\u00e7\u00f5es emocionais.<\/pee>\n<pee>As crian\u00e7as autistas frequentemente utilizam canais de express\u00e3o alternativos para comunicar suas emo\u00e7\u00f5es. Elas podem recorrer a comportamentos corporais espec\u00edficos, modifica\u00e7\u00f5es em suas rotinas habituais ou mudan\u00e7as sutis em seu engajamento com o ambiente. Reconhecer esses sinais exige uma observa\u00e7\u00e3o atenta e uma compreens\u00e3o profunda da individualidade de cada pessoa.<\/pee>\n<pee>\u00c9 fundamental entender que a intensidade emocional nas pessoas autistas pode ser particularmente alta. Essa hiperreatividade emocional se explica por diferen\u00e7as neurol\u00f3gicas no processamento sensorial e emocional, tornando cada experi\u00eancia potencialmente mais intensa e esmagadora.<\/pee>\n<div class=\"conseil-card\">\n<h4>Conselho de especialista<\/h4>\n<pee>Observe as micro-express\u00f5es e as mudan\u00e7as comportamentais sutis. Uma crian\u00e7a autista pode expressar sua alegria por meio de movimentos repetitivos das m\u00e3os (stimming) em vez de um sorriso tradicional.<\/pee>\n            <\/div>\n<div class=\"key-points\">\n<h4>Pontos-chave a reter<\/h4>\n<ul>\n<li>As express\u00f5es emocionais podem ser n\u00e3o convencionais, mas igualmente v\u00e1lidas<\/li>\n<li>A intensidade emocional \u00e9 frequentemente amplificada em pessoas autistas<\/li>\n<li>Cada indiv\u00edduo desenvolve sua pr\u00f3pria linguagem emocional \u00fanica<\/li>\n<li>A observa\u00e7\u00e3o paciente \u00e9 a chave para a compreens\u00e3o<\/li>\n<\/ul><\/div>\n<div class=\"tip-box\">\n                <span class=\"tip-box-label\">Dica pr\u00e1tica<\/span>\n                <pee>Crie um di\u00e1rio de observa\u00e7\u00e3o emocional para identificar os padr\u00f5es de express\u00e3o espec\u00edficos do seu filho. Anote os contextos, os gatilhos e as manifesta\u00e7\u00f5es para entender melhor seu mundo emocional.<\/pee>\n            <\/div>\n<h2>2. As particularidades emocionais no transtorno do espectro autista<\/h2>\n<pee>O transtorno do espectro autista (TEA) influencia significativamente a forma como as emo\u00e7\u00f5es s\u00e3o percebidas, processadas e expressas. Essa influ\u00eancia se manifesta atrav\u00e9s de v\u00e1rias dimens\u00f5es cognitivas e sensoriais que merecem aten\u00e7\u00e3o especial para uma compreens\u00e3o completa.<\/pee>\n<pee>Pessoas autistas frequentemente apresentam hipersensibilidade ou hipossensibilidade a est\u00edmulos emocionais. Essa particularidade sensorial pode levar a rea\u00e7\u00f5es emocionais que parecem desproporcionais em rela\u00e7\u00e3o ao est\u00edmulo desencadeador, mas que s\u00e3o perfeitamente coerentes no contexto de sua experi\u00eancia sensorial \u00fanica.<\/pee>\n<pee>A alexitimia, ou dificuldade em identificar e verbalizar suas pr\u00f3prias emo\u00e7\u00f5es, \u00e9 frequentemente observada em pessoas autistas. Essa caracter\u00edstica n\u00e3o significa aus\u00eancia de emo\u00e7\u00f5es, mas sim uma dificuldade no processo de reconhecimento e categoriza\u00e7\u00e3o emocional.<\/pee>\n<div class=\"expert-box\">\n                <span class=\"expert-box-label\">Especializa\u00e7\u00e3o cl\u00ednica<\/span><\/p>\n<h4 class=\"expert-box-title\">Compreender a desregula\u00e7\u00e3o emocional<\/h4>\n<pee>A desregula\u00e7\u00e3o emocional em pessoas autistas resulta frequentemente de uma sobrecarga sensorial ou cognitiva. \u00c9 crucial distinguir entre uma &#8220;crise&#8221; emocional e um comportamento volunt\u00e1rio.<\/pee>\n<div class=\"expert-inner\">\n<h5 class=\"expert-inner-title\">Sinais de sobrecarga emocional:<\/h5>\n<pee>Aumento dos stimming, evita\u00e7\u00e3o do contato visual, busca de isolamento, modifica\u00e7\u00f5es nos padr\u00f5es de comunica\u00e7\u00e3o habituais.<\/pee>\n                <\/div>\n<\/p><\/div>\n<div class=\"conseil-card\">\n<h4>Estrat\u00e9gia de acompanhamento<\/h4>\n<pee>Desenvolva um sistema de sinaliza\u00e7\u00e3o preventiva com a crian\u00e7a. Use escalas visuais de intensidade emocional para ajud\u00e1-la a identificar e comunicar seu estado emocional antes que atinja um n\u00edvel cr\u00edtico.<\/pee>\n            <\/div>\n<h2>3. Decodificar e compreender as diferentes emo\u00e7\u00f5es<\/h2>\n<pee>A reconhecimento emocional em pessoas com autismo requer uma abordagem met\u00f3dica e personalizada. Cada emo\u00e7\u00e3o pode se manifestar de maneira \u00fanica, e \u00e9 essencial desenvolver um vocabul\u00e1rio emocional adequado que respeite as especificidades individuais de cada pessoa.<\/pee>\n<pee>O aprendizado do reconhecimento emocional deve ser progressivo e estruturado. Come\u00e7ar pelas emo\u00e7\u00f5es prim\u00e1rias (alegria, tristeza, raiva, medo) antes de abordar emo\u00e7\u00f5es mais complexas permite uma assimila\u00e7\u00e3o gradual e duradoura dos conceitos emocionais.<\/pee>\n<pee>Os suportes visuais desempenham um papel crucial nesse aprendizado. Os pictogramas, as fotografias de express\u00f5es faciais e os aplicativos interativos como <a href=\"https:\/\/www.dynseo.com\/pt-pt\/coco-pensa-e-coco-se-mexe\/\" style=\"color: var(--primary-blue); font-weight: 600;\">COCO PENSA e COCO SE MEXE<\/a> oferecem modalidades de aprendizado adequadas aos estilos cognitivos das pessoas autistas.<\/pee>\n<div class=\"key-points\">\n<h4>Emo\u00e7\u00f5es b\u00e1sicas a dominar prioritariamente<\/h4>\n<ul>\n<li>A alegria: frequentemente expressa por movimentos corporais espec\u00edficos<\/li>\n<li>A tristeza: pode se manifestar por um afastamento ou diminui\u00e7\u00e3o de atividade<\/li>\n<li>A raiva: frequentemente ligada a mudan\u00e7as no ambiente<\/li>\n<li>O medo: frequentemente amplificado pela hipersensibilidade sensorial<\/li>\n<li>A surpresa: pode desencadear rea\u00e7\u00f5es de estresse significativas<\/li>\n<li>A nojo: frequentemente relacionado \u00e0s particularidades sensoriais alimentares<\/li>\n<\/ul><\/div>\n<div class=\"tip-box\">\n                <span class=\"tip-box-label\">T\u00e9cnica de aprendizado<\/span>\n                <pee>Use a t\u00e9cnica do espelho emocional: imite a express\u00e3o emocional da crian\u00e7a e depois nomeie a emo\u00e7\u00e3o. Essa abordagem refor\u00e7a a liga\u00e7\u00e3o entre a express\u00e3o corporal e o conceito emocional.<\/pee>\n            <\/div>\n<h2>4. Estrat\u00e9gias de gest\u00e3o das emo\u00e7\u00f5es intensas<\/h2>\n<pee>A gest\u00e3o das emo\u00e7\u00f5es intensas representa um grande desafio para pessoas autistas e seu entorno. As crises emocionais, frequentemente chamadas de &#8220;meltdowns&#8221;, n\u00e3o s\u00e3o caprichos, mas manifesta\u00e7\u00f5es de uma sobrecarga do sistema que ultrapassa as capacidades de regula\u00e7\u00e3o da pessoa.<\/pee>\n<pee>A antecipa\u00e7\u00e3o e a preven\u00e7\u00e3o constituem as melhores estrat\u00e9gias de gest\u00e3o emocional. Identificar os fatores desencadeantes, reconhecer os sinais precoces e implementar estrat\u00e9gias de descompress\u00e3o preventivas permite reduzir significativamente a frequ\u00eancia e a intensidade das crises emocionais.<\/pee>\n<pee>Durante uma crise emocional, a abordagem deve ser calma, coerente e benevolente. O objetivo n\u00e3o \u00e9 interromper imediatamente a crise, mas acompanhar a pessoa em um retorno progressivo ao equil\u00edbrio emocional.<\/pee>\n<div class=\"conseil-card\">\n<h4>Protocolo de gest\u00e3o de crise<\/h4>\n<pee>1. Selecione o ambiente &#8211; 2. Diminua os est\u00edmulos sensoriais &#8211; 3. Use uma linguagem simples e tranquilizadora &#8211; 4. Respeite o espa\u00e7o pessoal &#8211; 5. Aguarde o pico emocional antes de intervir &#8211; 6. Proponha estrat\u00e9gias de regula\u00e7\u00e3o conhecidas<\/pee>\n            <\/div>\n<div class=\"expert-box\">\n                <span class=\"expert-box-label\">Pesquisa cient\u00edfica<\/span><\/p>\n<h4 class=\"expert-box-title\">T\u00e9cnicas de regula\u00e7\u00e3o emocional validadas<\/h4>\n<pee>As pesquisas recentes mostram a efic\u00e1cia de v\u00e1rias abordagens na regula\u00e7\u00e3o emocional em pessoas autistas.<\/pee>\n<div class=\"expert-inner\">\n<h5 class=\"expert-inner-title\">T\u00e9cnicas recomendadas:<\/h5>\n<pee><strong>Respira\u00e7\u00e3o profunda guiada:<\/strong> Utiliza\u00e7\u00e3o de suportes visuais para ensinar t\u00e9cnicas de respira\u00e7\u00e3o<!\u2013- [et_pb_br_holder] -\u2013><br \/>\n                    <strong>Stimming regulado:<\/strong> Canalizar os comportamentos repetitivos para atividades tranquilizadoras<!\u2013- [et_pb_br_holder] -\u2013><br \/>\n                    <strong>Espa\u00e7os de descompress\u00e3o:<\/strong> Cria\u00e7\u00e3o de ambientes sensoriais adaptados<\/pee>\n                <\/div>\n<\/p><\/div>\n<h2>5. Meu Dico: a ferramenta revolucion\u00e1ria para a comunica\u00e7\u00e3o emocional<\/h2>\n<pee>Meu Dico representa uma inova\u00e7\u00e3o significativa no campo da comunica\u00e7\u00e3o assistida para pessoas autistas. Este aplicativo desenvolvido pela DYNSEO transforma a maneira como crian\u00e7as autistas podem expressar suas emo\u00e7\u00f5es, necessidades e desejos por meio de uma interface intuitiva e personaliz\u00e1vel.<\/pee>\n<pee>O aplicativo utiliza um banco de imagens organizado em seis tem\u00e1ticas principais, permitindo uma navega\u00e7\u00e3o l\u00f3gica e previs\u00edvel. Esta estrutura atende perfeitamente \u00e0s necessidades de rotina e previsibilidade caracter\u00edsticas das pessoas autistas, ao mesmo tempo em que oferece flexibilidade na express\u00e3o pessoal.<\/pee>\n<pee>A personaliza\u00e7\u00e3o \u00e9 o principal diferencial do Meu Dico. As fam\u00edlias podem integrar fotos do ambiente familiar da crian\u00e7a, criando assim uma ponte entre a ferramenta tecnol\u00f3gica e seu mundo cotidiano. Esta abordagem contextualizada facilita muito a apropria\u00e7\u00e3o e o uso espont\u00e2neo do aplicativo.<\/pee>\n<div class=\"key-points\">\n<h4>Funcionalidades chave do Meu Dico<\/h4>\n<ul>\n<li>Interface personaliz\u00e1vel com fotos familiares<\/li>\n<li>Banco de imagens organizado por tem\u00e1ticas<\/li>\n<li>S\u00edntese de voz para verbalizar as escolhas<\/li>\n<li>Cria\u00e7\u00e3o de frases complexas por associa\u00e7\u00e3o de imagens<\/li>\n<li>Salvar express\u00f5es frequentemente utilizadas<\/li>\n<li>Modo descompress\u00e3o para momentos de crise<\/li>\n<\/ul><\/div>\n<div class=\"tip-box\">\n                <span class=\"tip-box-label\">Conselho de utiliza\u00e7\u00e3o<\/span>\n                <pee>Comece personalizando Meu Dico com 5-10 imagens do ambiente imediato da crian\u00e7a. Essa familiaridade inicial incentivar\u00e1 a explora\u00e7\u00e3o e a ado\u00e7\u00e3o gradual da ferramenta.<\/pee>\n            <\/div>\n<h2>6. COCO PENSA e COCO SE MEXE : a alian\u00e7a perfeita para o desenvolvimento emocional<\/h2>\n<pee>A abordagem inovadora de <a href=\"https:\/\/www.dynseo.com\/pt-pt\/coco-pensa-e-coco-se-mexe\/\" style=\"color: var(--primary-blue); font-weight: 600;\">COCO PENSA e COCO SE MEXE<\/a> revoluciona a aprendizagem emocional ao combinar estimula\u00e7\u00e3o cognitiva e atividade f\u00edsica. Essa dualidade atende perfeitamente \u00e0s necessidades hol\u00edsticas das crian\u00e7as autistas, que se beneficiam imensamente da altern\u00e2ncia entre atividades mentais e descompress\u00e3o f\u00edsica.<\/pee>\n<pee>A pausa esportiva autom\u00e1tica ap\u00f3s 15 minutos de tela constitui uma inova\u00e7\u00e3o pedag\u00f3gica importante. Essa funcionalidade previne a superestimula\u00e7\u00e3o cognitiva enquanto incentiva a atividade f\u00edsica, essencial para a regula\u00e7\u00e3o emocional e sensorial das crian\u00e7as autistas.<\/pee>\n<pee>O jogo &#8220;Mime uma emo\u00e7\u00e3o&#8221; integrado ao COCO SE MEXE representa uma ferramenta de aprendizagem emocional particularmente adequada para crian\u00e7as autistas. Ao combinar reconhecimento visual, imita\u00e7\u00e3o motora e feedback audiovisual, esse jogo solicita v\u00e1rias modalidades de aprendizagem simultaneamente.<\/pee>\n<div class=\"conseil-card\">\n<h4>Protocolo de utiliza\u00e7\u00e3o ideal<\/h4>\n<pee>Integre COCO PENSA e COCO SE MEXE em uma rotina di\u00e1ria estruturada. Utilize as sess\u00f5es de 15 minutos como m\u00f3dulos de aprendizagem, seguidas de pausas esportivas para a regula\u00e7\u00e3o sensorial.<\/pee>\n            <\/div>\n<div class=\"expert-box\">\n                <span class=\"expert-box-label\">Inova\u00e7\u00e3o pedag\u00f3gica<\/span><\/p>\n<h4 class=\"expert-box-title\">A aprendizagem emocional pelo jogo &#8220;Mime uma emo\u00e7\u00e3o&#8221;<\/h4>\n<pee>Esse jogo revolucion\u00e1rio combina v\u00e1rias abordagens terap\u00eauticas validadas cientificamente para criar uma experi\u00eancia de aprendizagem \u00fanica.<\/pee>\n<div class=\"expert-inner\">\n<h5 class=\"expert-inner-title\">Mecanismos de aprendizagem ativados:<\/h5>\n<pee><strong>Aprendizagem por imita\u00e7\u00e3o:<\/strong> Est\u00edmulo dos neur\u00f4nios espelho<!\u2013- [et_pb_br_holder] -\u2013><br \/>\n                    <strong>Refor\u00e7o multimodal:<\/strong> Visual, auditivo, cinest\u00e9sico<!\u2013- [et_pb_br_holder] -\u2013><br \/>\n                    <strong>Feedback imediato:<\/strong> Valida\u00e7\u00e3o ou corre\u00e7\u00e3o instant\u00e2nea<\/pee>\n                <\/div>\n<\/p><\/div>\n<h2>7. As seis emo\u00e7\u00f5es fundamentais no COCO SE MEXE<\/h2>\n<pee>O jogo &#8220;Mime uma emo\u00e7\u00e3o&#8221; do COCO SE MEXE apresenta seis emo\u00e7\u00f5es fundamentais cuidadosamente selecionadas por sua relev\u00e2ncia no desenvolvimento emocional das crian\u00e7as autistas. Cada emo\u00e7\u00e3o \u00e9 acompanhada de uma descri\u00e7\u00e3o detalhada e de instru\u00e7\u00f5es gestuais precisas, facilitando a aprendizagem e a memoriza\u00e7\u00e3o.<\/pee>\n<pee>A surpresa, primeira emo\u00e7\u00e3o do programa, introduz a crian\u00e7a aos conceitos de inesperado e espanto. Essa emo\u00e7\u00e3o \u00e9 particularmente importante para crian\u00e7as autistas, que podem ter dificuldades com mudan\u00e7as e eventos imprevis\u00edveis. A aprendizagem do reconhecimento da surpresa as ajuda a navegar melhor em um mundo imprevis\u00edvel.<\/pee>\n<pee>A confus\u00e3o, muitas vezes negligenciada em programas tradicionais, encontra aqui seu lugar leg\u00edtimo. Essa emo\u00e7\u00e3o complexa ajuda as crian\u00e7as autistas a identificar e nomear seus momentos de desorienta\u00e7\u00e3o, oferecendo-lhes assim uma ferramenta de comunica\u00e7\u00e3o valiosa em situa\u00e7\u00f5es avassaladoras.<\/pee>\n<div class=\"key-points\">\n<h4>As seis emo\u00e7\u00f5es do programa<\/h4>\n<ul>\n<li><strong>A surpresa:<\/strong> Abertura dos olhos e da boca, sobrancelhas levantadas<\/li>\n<li><strong>A confus\u00e3o:<\/strong> Express\u00e3o perplexa, &#8220;Hoo&#8221; com a boca<\/li>\n<li><strong>A inspira\u00e7\u00e3o:<\/strong> Olhar criativo, gesto de cria\u00e7\u00e3o art\u00edstica<\/li>\n<li><strong>A afei\u00e7\u00e3o:<\/strong> Sorriso caloroso, gesto de abra\u00e7o<\/li>\n<li><strong>A monotonia:<\/strong> Suspiro, olhar para cima, express\u00e3o de cansa\u00e7o<\/li>\n<li><strong>A dor:<\/strong> Careta, sobrancelhas franzidas, express\u00e3o de sofrimento<\/li>\n<\/ul><\/div>\n<div class=\"tip-box\">\n                <span class=\"tip-box-label\">Progress\u00e3o pedag\u00f3gica<\/span>\n                <pee>Comece com uma emo\u00e7\u00e3o por semana. Pratique a emo\u00e7\u00e3o escolhida em diferentes contextos di\u00e1rios para generalizar a aprendizagem al\u00e9m do jogo.<\/pee>\n            <\/div>\n<h2>8. T\u00e9cnicas de comunica\u00e7\u00e3o adaptadas \u00e0s especificidades do autismo<\/h2>\n<pee>A comunica\u00e7\u00e3o com crian\u00e7as autistas requer a adapta\u00e7\u00e3o de nossas abordagens convencionais para respeitar seus estilos cognitivos e sensoriais \u00fanicos. As t\u00e9cnicas de comunica\u00e7\u00e3o adaptadas n\u00e3o s\u00e3o apenas acomoda\u00e7\u00f5es, mas otimiza\u00e7\u00f5es que beneficiam toda a fam\u00edlia ou a equipe educativa.<\/pee>\n<pee>A utiliza\u00e7\u00e3o de suportes visuais representa uma estrat\u00e9gia fundamental no acompanhamento de pessoas autistas. Os pictogramas, as sequ\u00eancias de imagens, os hor\u00e1rios visuais e os cart\u00f5es de emo\u00e7\u00f5es constituem ferramentas de comunica\u00e7\u00e3o que transcendem as barreiras lingu\u00edsticas e cognitivas tradicionais.<\/pee>\n<pee>A previsibilidade e a estrutura na comunica\u00e7\u00e3o s\u00e3o essenciais para criar um ambiente seguro. A utiliza\u00e7\u00e3o de rotinas comunicativas, frases padr\u00e3o e sinais visuais coerentes permite que crian\u00e7as autistas antecipem melhor e participem das trocas sociais.<\/pee>\n<div class=\"conseil-card\">\n<h4>Regras de ouro da comunica\u00e7\u00e3o adaptada<\/h4>\n<pee>Utilize uma linguagem simples e direta, mantenha um contato visual respeitoso, deixe tempo de processamento entre as perguntas e as respostas, e valide regularmente a compreens\u00e3o m\u00fatua.<\/pee>\n            <\/div>\n<div class=\"expert-box\">\n                <span class=\"expert-box-label\">Abordagem baseada em evid\u00eancias<\/span><\/p>\n<h4 class=\"expert-box-title\">Comunica\u00e7\u00e3o Alternativa e Aumentativa (CAA)<\/h4>\n<pee>A CAA abrange todas as formas de comunica\u00e7\u00e3o al\u00e9m da fala que permitem expressar pensamentos, necessidades e ideias.<\/pee>\n<div class=\"expert-inner\">\n<h5 class=\"expert-inner-title\">Tipos de CAA eficazes:<\/h5>\n<pee><strong>CAA alta tecnologia:<\/strong> Aplicativos como Mon Dico, tablets de comunica\u00e7\u00e3o<!\u2013- [et_pb_br_holder] -\u2013><br \/>\n                    <strong>CAA baixa tecnologia:<\/strong> Pictogramas, cart\u00f5es, quadros de comunica\u00e7\u00e3o<!\u2013- [et_pb_br_holder] -\u2013><br \/>\n                    <strong>CAA gestual:<\/strong> Sinais, apontar, m\u00edmicas<\/pee>\n                <\/div>\n<\/p><\/div>\n<h2>9. O impacto das emo\u00e7\u00f5es nos comportamentos di\u00e1rios<\/h2>\n<pee>As emo\u00e7\u00f5es exercem uma influ\u00eancia consider\u00e1vel sobre os comportamentos di\u00e1rios das pessoas autistas, muitas vezes de maneira mais intensa e vis\u00edvel do que na popula\u00e7\u00e3o neurot\u00edpica. Essa amplifica\u00e7\u00e3o comportamental resulta de diferen\u00e7as no tratamento neurol\u00f3gico das informa\u00e7\u00f5es emocionais e da regula\u00e7\u00e3o comportamental.<\/pee>\n<pee>Os comportamentos repetitivos, muitas vezes chamados de &#8220;stimming&#8221;, podem servir como um bar\u00f4metro emocional. A intensidade, a frequ\u00eancia e o tipo de stimming podem indicar o estado emocional da crian\u00e7a, oferecendo aos acompanhantes pistas valiosas sobre seu bem-estar psicol\u00f3gico.<\/pee>\n<pee>As mudan\u00e7as nas rotinas habituais costumam ser indicadores comportamentais de um desequil\u00edbrio emocional. Uma crian\u00e7a que repentinamente recusa suas atividades favoritas ou modifica drasticamente seus h\u00e1bitos provavelmente expressa um desconforto emocional que n\u00e3o consegue verbalizar de outra forma.<\/pee>\n<div class=\"key-points\">\n<h4>Indicadores comportamentais de estados emocionais<\/h4>\n<ul>\n<li><strong>Alegria:<\/strong> Aumento das atividades favoritas, stimming positivo<\/li>\n<li><strong>Ansiedade:<\/strong> Evita\u00e7\u00e3o de novidades, busca por rotinas<\/li>\n<li><strong>Frustra\u00e7\u00e3o:<\/strong> Aumento dos comportamentos repetitivos<\/li>\n<li><strong>Sobrecarga:<\/strong> Retirada social, busca por isolamento<\/li>\n<li><strong>Bem-estar:<\/strong> Maior engajamento social, curiosidade explorat\u00f3ria<\/li>\n<\/ul><\/div>\n<div class=\"tip-box\">\n                <span class=\"tip-box-label\">Observa\u00e7\u00e3o sistem\u00e1tica<\/span>\n                <pee>Mantenha um di\u00e1rio comportamental di\u00e1rio anotando os comportamentos observados e os contextos associados. Essa documenta\u00e7\u00e3o revelar\u00e1 os padr\u00f5es emocionais do seu filho.<\/pee>\n            <\/div>\n<h2>10. Tecnologias inovadoras para o acompanhamento emocional<\/h2>\n<pee>A evolu\u00e7\u00e3o tecnol\u00f3gica abre novas perspectivas no acompanhamento emocional das pessoas autistas. Aplicativos especializados como <a href=\"https:\/\/www.dynseo.com\/pt-pt\/coco-pensa-e-coco-se-mexe\/\" style=\"color: var(--primary-blue); font-weight: 600;\">COCO PENSA e COCO SE MEXE<\/a> representam uma nova gera\u00e7\u00e3o de ferramentas terap\u00eauticas que combinam rigor cient\u00edfico e abordagem l\u00fadica.<\/pee>\n<pee>A intelig\u00eancia artificial come\u00e7a a desempenhar um papel significativo no reconhecimento e an\u00e1lise dos padr\u00f5es emocionais. Aplicativos agora podem identificar microexpress\u00f5es faciais, analisar varia\u00e7\u00f5es vocais e at\u00e9 detectar mudan\u00e7as comportamentais precursoras de crises emocionais.<\/pee>\n<pee>A realidade virtual emerge como uma ferramenta promissora para o treinamento emocional em ambiente controlado. Essa tecnologia permite que crian\u00e7as autistas pratiquem o reconhecimento emocional e as intera\u00e7\u00f5es sociais em contextos seguros e personaliz\u00e1veis.<\/pee>\n<div class=\"conseil-card\">\n<h4>Integra\u00e7\u00e3o tecnol\u00f3gica progressiva<\/h4>\n<pee>Introduza as ferramentas tecnol\u00f3gicas gradualmente, come\u00e7ando por aplica\u00e7\u00f5es simples e intuitivas. O objetivo \u00e9 criar uma experi\u00eancia positiva que incentive a explora\u00e7\u00e3o e o aprendizado.<\/pee>\n            <\/div>\n<div class=\"expert-box\">\n                <span class=\"expert-box-label\">Tend\u00eancias futuras<\/span><\/p>\n<h4 class=\"expert-box-title\">O futuro do acompanhamento tecnol\u00f3gico<\/h4>\n<pee>Os desenvolvimentos futuros prometem ferramentas ainda mais personalizadas e eficazes para o acompanhamento emocional.<\/pee>\n<div class=\"expert-inner\">\n<h5 class=\"expert-inner-title\">Inova\u00e7\u00f5es em desenvolvimento:<\/h5>\n<pee><strong>Sensores biom\u00e9tricos:<\/strong> Medi\u00e7\u00e3o do estresse fisiol\u00f3gico em tempo real<!\u2013- [et_pb_br_holder] -\u2013><br \/>\n                    <strong>IA preditiva:<\/strong> Antecipa\u00e7\u00e3o de crises emocionais<!\u2013- [et_pb_br_holder] -\u2013><br \/>\n                    <strong>Realidade aumentada:<\/strong> Sobreposi\u00e7\u00e3o de informa\u00e7\u00f5es emocionais no ambiente real<\/pee>\n                <\/div>\n<\/p><\/div>\n<h2>11. O papel crucial dos pais e educadores<\/h2>\n<pee>Os pais e educadores s\u00e3o os pilares da educa\u00e7\u00e3o emocional de crian\u00e7as com autismo. Seu papel transcende a simples transmiss\u00e3o de conhecimentos para englobar a modelagem comportamental, o apoio emocional e a adapta\u00e7\u00e3o cont\u00ednua das estrat\u00e9gias de acompanhamento.<\/pee>\n<pee>A forma\u00e7\u00e3o dos acompanhantes representa um investimento essencial para otimizar o desenvolvimento emocional de crian\u00e7as com autismo. Compreender as especificidades neurol\u00f3gicas, dominar as t\u00e9cnicas de comunica\u00e7\u00e3o adaptada e desenvolver estrat\u00e9gias de regula\u00e7\u00e3o emocional requer um aprendizado cont\u00ednuo e uma atualiza\u00e7\u00e3o regular dos conhecimentos.<\/pee>\n<pee>A coer\u00eancia entre os diferentes ambientes da crian\u00e7a (fam\u00edlia, escola, terapia) \u00e9 crucial para generalizar os aprendizados emocionais. Essa coordena\u00e7\u00e3o requer uma comunica\u00e7\u00e3o regular entre todos os intervenientes e a utiliza\u00e7\u00e3o de ferramentas comuns como as aplica\u00e7\u00f5es DYNSEO.<\/pee>\n<div class=\"key-points\">\n<h4>Compet\u00eancias essenciais para os acompanhantes<\/h4>\n<ul>\n<li>Observa\u00e7\u00e3o atenta dos sinais emocionais n\u00e3o-verbais<\/li>\n<li>Paci\u00eancia e perseveran\u00e7a no acompanhamento<\/li>\n<li>Flexibilidade na adapta\u00e7\u00e3o das estrat\u00e9gias<\/li>\n<li>Comunica\u00e7\u00e3o positiva e acolhedora<\/li>\n<li>Conhecimento das ferramentas tecnol\u00f3gicas adequadas<\/li>\n<li>Capacidade de colabora\u00e7\u00e3o interdisciplinar<\/li>\n<\/ul><\/div>\n<div class=\"tip-box\">\n                <span class=\"tip-box-label\">Auto-forma\u00e7\u00e3o cont\u00ednua<\/span>\n                <pee>Participe de forma\u00e7\u00f5es especializadas, junte-se a grupos de apoio de pais e mantenha-se informado sobre as \u00faltimas pesquisas na \u00e1rea do autismo e das emo\u00e7\u00f5es.<\/pee>\n            <\/div>\n<h2>12. Criar ambientes favor\u00e1veis \u00e0 express\u00e3o emocional<\/h2>\n<pee>O ambiente f\u00edsico e social exerce uma influ\u00eancia determinante na capacidade das crian\u00e7as autistas de expressar e regular suas emo\u00e7\u00f5es. A cria\u00e7\u00e3o de espa\u00e7os sensoriais adaptados, zonas de descompress\u00e3o e ambientes previs\u00edveis \u00e9 um pr\u00e9-requisito para um desenvolvimento emocional harmonioso.<\/pee>\n<pee>O planejamento sensorial deve levar em conta as hipersensibilidades e hipossensibilidades espec\u00edficas de cada crian\u00e7a. A ilumina\u00e7\u00e3o, as texturas, as cores, os sons e os cheiros devem ser cuidadosamente calibrados para criar um ambiente calmante e estimulante de maneira apropriada.<\/pee>\n<pee>Os espa\u00e7os de regula\u00e7\u00e3o emocional, equipados com ferramentas sensoriais e suportes visuais, oferecem \u00e0s crian\u00e7as ref\u00fagios onde podem recuperar seu equil\u00edbrio emocional de forma aut\u00f4noma. Esses espa\u00e7os devem ser acess\u00edveis a qualquer momento e personalizados de acordo com as prefer\u00eancias de cada crian\u00e7a.<\/pee>\n<div class=\"conseil-card\">\n<h4>Planejamento de um espa\u00e7o emocional<\/h4>\n<pee>Inclua almofadas de diferentes texturas, objetos pesados, fidgets sensoriais, fones de ouvido com cancelamento de ru\u00eddo, l\u00e2mpadas de intensidade vari\u00e1vel e suportes visuais representando as emo\u00e7\u00f5es e as estrat\u00e9gias de gerenciamento.<\/pee>\n            <\/div>\n<div class=\"expert-box\">\n                <span class=\"expert-box-label\">Design universal<\/span><\/p>\n<h4 class=\"expert-box-title\">Princ\u00edpios de planejamento inclusivo<\/h4>\n<pee>O planejamento de ambientes favor\u00e1veis \u00e0s pessoas autistas beneficia todos os usu\u00e1rios.<\/pee>\n<div class=\"expert-inner\">\n<h5 class=\"expert-inner-title\">Elementos essenciais:<\/h5>\n<pee><strong>Previsibilidade visual:<\/strong> Sinaliza\u00e7\u00e3o clara, organiza\u00e7\u00e3o l\u00f3gica<!\u2013- [et_pb_br_holder] -\u2013><br \/>\n                    <strong>Controle sensorial:<\/strong> Possibilidade de modular os est\u00edmulos<!\u2013- [et_pb_br_holder] -\u2013><br \/>\n                    <strong>Espa\u00e7os de retirada:<\/strong> Zonas calmas acess\u00edveis<\/pee>\n                <\/div>\n<\/p><\/div>\n<div class=\"faq-list\">\n<h2>Perguntas frequentes<\/h2>\n<div class=\"faq-item\">\n<div class=\"faq-q\">\n                        <span>Como saber se meu filho autista realmente sente emo\u00e7\u00f5es?<\/span><br \/>\n                        <span class=\"faq-icon\">+<\/span>\n                    <\/div>\n<div class=\"faq-a\">\n                        <pee>Crian\u00e7as autistas sentem emo\u00e7\u00f5es de maneira t\u00e3o intensa, ou at\u00e9 mais intensa, do que outras crian\u00e7as. A diferen\u00e7a reside na forma como as expressam. Observe as micro-express\u00f5es, as mudan\u00e7as comportamentais sutis, as varia\u00e7\u00f5es em suas rotinas habituais e as modifica\u00e7\u00f5es em seus comportamentos repetitivos (stimming). Esses sinais s\u00e3o frequentemente mais reveladores do que as express\u00f5es faciais convencionais.<\/pee>\n                    <\/div>\n<\/p><\/div>\n<div class=\"faq-item\">\n<div class=\"faq-q\">\n                        <span>Com que idade podemos come\u00e7ar a educa\u00e7\u00e3o emocional com COCO?<\/span><br \/>\n                        <span class=\"faq-icon\">+<\/span>\n                    <\/div>\n<div class=\"faq-a\">\n                        <pee>COCO PENSA e COCO SE MEXE podem ser utilizados a partir dos 5 anos, com um acompanhamento adequado. O aplicativo se adapta ao n\u00edvel de desenvolvimento de cada crian\u00e7a. Para os mais jovens, comece com sess\u00f5es curtas de 10 minutos, concentrando-se nas emo\u00e7\u00f5es b\u00e1sicas como a alegria e a tristeza. O importante \u00e9 respeitar o ritmo da crian\u00e7a e tornar a experi\u00eancia positiva e l\u00fadica.<\/pee>\n                    <\/div>\n<\/p><\/div>\n<div class=\"faq-item\">\n<div class=\"faq-q\">\n                        <span>Como gerenciar as crises emocionais intensas do meu filho?<\/span><br \/>\n                        <span class=\"faq-icon\">+<\/span>\n                    <\/div>\n<div class=\"faq-a\">\n                        <pee>Durante uma crise emocional, mantenha a calma e siga esta abordagem: 1) Garanta um ambiente seguro afastando objetos perigosos, 2) Diminua os est\u00edmulos sensoriais (luz, barulho), 3) Use uma linguagem simples e tranquilizadora, 4) Respeite o espa\u00e7o pessoal da crian\u00e7a, 5) Ofere\u00e7a objetos de regula\u00e7\u00e3o familiares (almofada pesada, objeto preferido), 6) Espere que a intensidade diminua antes de tentar se comunicar. N\u00e3o se esque\u00e7a de que uma crise n\u00e3o \u00e9 um capricho, mas uma sobrecarga do sistema nervoso.<\/pee>\n                    <\/div>\n<\/p><\/div>\n<div class=\"faq-item\">\n<div class=\"faq-q\">\n                        <span>Meu Dico pode substituir a comunica\u00e7\u00e3o verbal?<\/span><br \/>\n                        <span class=\"faq-icon\">+<\/span>\n                    <\/div>\n<div class=\"faq-a\">\n                        <pee>Meu Dico \u00e9 uma ferramenta de Comunica\u00e7\u00e3o Alternativa e Ampliada (CAA) que complementa, mas n\u00e3o substitui necessariamente a comunica\u00e7\u00e3o verbal. Para algumas crian\u00e7as, pode se tornar seu principal meio de comunica\u00e7\u00e3o, enquanto para outras, serve como apoio para desenvolver gradualmente a linguagem oral. O objetivo \u00e9 dar a cada crian\u00e7a os meios para se expressar da maneira que melhor lhe convier, respeitando suas capacidades e seu desenvolvimento \u00fanico.<\/pee>\n                    <\/div>\n<\/p><\/div>\n<div class=\"faq-item\">\n<div class=\"faq-q\">\n                        <span>Como adaptar o ambiente familiar para favorecer a express\u00e3o emocional?<\/span><br \/>\n                        <span class=\"faq-icon\">+<\/span>\n                    <\/div>\n<div class=\"faq-a\">\n                        <pee>Crie espa\u00e7os sensoriais adaptados com \u00e1reas calmas equipadas com almofadas, objetos sensoriais e suportes visuais. Estabele\u00e7a rotinas previs\u00edveis que garantam seguran\u00e7a \u00e0 crian\u00e7a. Instale pain\u00e9is visuais representando as emo\u00e7\u00f5es e as estrat\u00e9gias de gerenciamento. Minimize os est\u00edmulos sensoriais excessivos (ilumina\u00e7\u00e3o forte, barulhos repentinos). Crie um &#8220;cantinho das emo\u00e7\u00f5es&#8221; onde a crian\u00e7a possa se retirar quando se sentir sobrecarregada. O objetivo \u00e9 criar um ambiente onde a crian\u00e7a se sinta segura para expressar suas emo\u00e7\u00f5es de forma aut\u00eantica.<\/pee>\n                    <\/div>\n<\/p><\/div>\n<div class=\"faq-item\">\n<div class=\"faq-q\">\n                        <span>Quais s\u00e3o os sinais que mostram que meu filho est\u00e1 progredindo emocionalmente?<\/span><br \/>\n                        <span class=\"faq-icon\">+<\/span>\n                    <\/div>\n<div class=\"faq-a\">\n                        <pee>Os sinais de progresso incluem: um aumento nas tentativas de comunica\u00e7\u00e3o emocional (mesmo n\u00e3o-verbal), uma diminui\u00e7\u00e3o na frequ\u00eancia e na intensidade das crises, uma melhor utiliza\u00e7\u00e3o de ferramentas de regula\u00e7\u00e3o (objetos sensoriais, aplicativos), intera\u00e7\u00f5es sociais mais longas e frequentes, uma capacidade crescente de identificar suas pr\u00f3prias emo\u00e7\u00f5es, e uma adapta\u00e7\u00e3o mais r\u00e1pida \u00e0s mudan\u00e7as menores na rotina. Cada pequeno progresso \u00e9 significativo e merece ser celebrado.<\/pee>\n                    <\/div>\n<\/p><\/div>\n<\/p><\/div>\n<div class=\"cta-box\">\n<h3>Comece sua jornada de acompanhamento emocional hoje mesmo<\/h3>\n<pee>Descubra COCO PENSA e COCO SE MEXE, o aplicativo revolucion\u00e1rio que transforma o aprendizado emocional em uma aventura l\u00fadica e terap\u00eautica. Com mais de 30 atividades especialmente projetadas para crian\u00e7as autistas, voc\u00ea oferece ao seu filho as ferramentas para se desenvolver emocionalmente.<\/pee>\n<div class=\"cta-buttons\">\n                    <a href=\"https:\/\/www.dynseo.com\/pt-pt\/coco-pensa-e-coco-se-mexe\/\" class=\"btn-white\">Experimente gratuitamente<\/a><br \/>\n                    <a href=\"https:\/\/www.dynseo.com\/pt-pt\/coco-pensa-e-coco-se-mexe\/\" class=\"btn-outline\">Saiba mais<\/a>\n                <\/div>\n<\/p><\/div>\n<div class=\"article-tags\">\n                <a href=\"#\" class=\"article-tag\">Autismo<\/a><br \/>\n                <a href=\"#\" class=\"article-tag\">Emo\u00e7\u00f5es<\/a><br \/>\n                <a href=\"#\" class=\"article-tag\">Comunica\u00e7\u00e3o<\/a><br \/>\n                <a href=\"#\" class=\"article-tag\">COCO PENSA<\/a><br \/>\n                <a href=\"#\" class=\"article-tag\">COCO SE MEXE<\/a><br \/>\n                <a href=\"#\" class=\"article-tag\">Meu Dicion\u00e1rio<\/a><br \/>\n                <a href=\"#\" class=\"article-tag\">Educa\u00e7\u00e3o especializada<\/a><br \/>\n                <a href=\"#\" class=\"article-tag\">Desenvolvimento infantil<\/a><br \/>\n                <a href=\"#\" class=\"article-tag\">TSA<\/a><br \/>\n                <a href=\"#\" class=\"article-tag\">Terapia<\/a><br \/>\n                <a href=\"#\" class=\"article-tag\">Aplicativos educacionais<\/a><br \/>\n                <a href=\"#\" class=\"article-tag\">Regula\u00e7\u00e3o emocional<\/a>\n            <\/div>\n<\/p><\/div>\n<\/p><\/div>\n<p>[\/et_pb_code][\/et_pb_column][\/et_pb_row][\/et_pb_section]<\/p>\n","protected":false},"excerpt":{"rendered":"","protected":false},"author":4,"featured_media":135387,"comment_status":"closed","ping_status":"closed","sticky":false,"template":"","format":"standard","meta":{"_et_pb_use_builder":"on","_et_pb_old_content":"[et_pb_section fb_built=\"1\" _builder_version=\"4.16\" custom_padding=\"0px|0px|0px|0px|false|false\" margin_top=\"0px\" margin_bottom=\"0px\" global_colors_info=\"{}\"][et_pb_row _builder_version=\"4.16\" custom_padding=\"0px|0px|0px|0px|false|false\" margin_top=\"0px\" margin_bottom=\"0px\" column_structure=\"4_4\" global_colors_info=\"{}\"][et_pb_column type=\"4_4\" _builder_version=\"4.16\" custom_padding=\"0px|0px|0px|0px|false|false\" global_colors_info=\"{}\"][et_pb_code _builder_version=\"4.16\" custom_padding=\"0px|0px|0px|0px|false|false\" global_colors_info=\"{}\"]<style>\n        :root {\n            --primary-blue: #5e5ed7;\n            --dark-blue: #5268c9;\n            --teal: #a9e2e4;\n            --yellow: #ffeca7;\n            --pink: #e73469;\n            --white: #ffffff;\n            --gray-light: #f8f9fa;\n            --gray-medium: #6c757d;\n            --gray-dark: #343a40;\n            --shadow: 0 4px 15px rgba(0,0,0,0.1);\n            --shadow-hover: 0 8px 25px rgba(0,0,0,0.15);\n        }\n        * { margin: 0; padding: 0; box-sizing: border-box; }\n        body { font-family: 'Poppins', sans-serif; line-height: 1.6; color: var(--gray-dark); }\n        .container { max-width: 1200px; margin: 0 auto; padding: 0 20px; }\n        \n        .article-hero {\n            background: linear-gradient(135deg, var(--primary-blue) 0%, var(--dark-blue) 100%);\n            color: var(--white);\n            padding: 60px 0 80px;\n            position: relative;\n            overflow: hidden;\n        }\n        .article-hero::before {\n            content: '';\n            position: absolute;\n            top: 0;\n            left: 0;\n            right: 0;\n            bottom: 0;\n            background: url('data:image\/svg+xml,<svg xmlns=\"http:\/\/www.w3.org\/2000\/svg\" viewBox=\"0 0 100 100\"><circle cx=\"20\" cy=\"20\" r=\"2\" fill=\"rgba(255,255,255,0.1)\"\/><circle cx=\"80\" cy=\"40\" r=\"1.5\" fill=\"rgba(255,255,255,0.1)\"\/><circle cx=\"40\" cy=\"70\" r=\"1\" fill=\"rgba(255,255,255,0.1)\"\/><\/svg>');\n            animation: float 20s infinite linear;\n        }\n        @keyframes float { 0% { transform: translateY(0px); } 100% { transform: translateY(-100px); } }\n        .article-hero-inner { position: relative; z-index: 2; }\n        .article-breadcrumb { margin-bottom: 20px; opacity: 0.9; font-size: 14px; }\n        .article-breadcrumb a { color: var(--white); text-decoration: none; }\n        .article-breadcrumb a:hover { text-decoration: underline; }\n        .article-category {\n            display: inline-block;\n            background: var(--pink);\n            color: var(--white);\n            padding: 8px 16px;\n            border-radius: 25px;\n            font-size: 14px;\n            font-weight: 500;\n            margin-bottom: 20px;\n            text-transform: uppercase;\n            letter-spacing: 0.5px;\n        }\n        .article-hero h1 {\n            font-family: 'Montserrat', sans-serif;\n            font-size: 3.5rem;\n            font-weight: 800;\n            margin-bottom: 25px;\n            line-height: 1.2;\n        }\n        .hl {\n            background: linear-gradient(45deg, var(--yellow), var(--teal));\n            -webkit-background-clip: text;\n            -webkit-text-fill-color: transparent;\n            background-clip: text;\n        }\n        .article-meta {\n            display: flex;\n            align-items: center;\n            gap: 30px;\n            margin-bottom: 30px;\n            font-size: 16px;\n        }\n        .article-meta span {\n            display: flex;\n            align-items: center;\n            gap: 8px;\n            opacity: 0.9;\n        }\n        .stars {\n            display: flex;\n            align-items: center;\n            gap: 10px;\n        }\n        .stars .rating {\n            color: var(--yellow);\n            font-size: 20px;\n        }\n        .article-hero-curve {\n            position: absolute;\n            bottom: -1px;\n            left: 0;\n            width: 100%;\n            height: 60px;\n            background: var(--white);\n            clip-path: ellipse(100% 100% at 50% 100%);\n        }\n\n        .article-body {\n            background: var(--white);\n            position: relative;\n            z-index: 3;\n        }\n        .intro-block {\n            background: var(--gray-light);\n            padding: 40px;\n            border-radius: 15px;\n            margin: -40px 0 60px;\n            position: relative;\n            box-shadow: var(--shadow);\n            border-left: 5px solid var(--primary-blue);\n        }\n        .intro-block p {\n            font-size: 18px;\n            line-height: 1.8;\n            color: var(--gray-dark);\n            margin-bottom: 20px;\n        }\n        .intro-block p:last-child { margin-bottom: 0; }\n\n        .stats-grid {\n            display: grid;\n            grid-template-columns: repeat(auto-fit, minmax(250px, 1fr));\n            gap: 30px;\n            margin: 60px 0;\n        }\n        .stat-card {\n            background: var(--white);\n            padding: 30px;\n            border-radius: 15px;\n            text-align: center;\n            box-shadow: var(--shadow);\n            border-top: 4px solid var(--primary-blue);\n            transition: transform 0.3s ease, box-shadow 0.3s ease;\n        }\n        .stat-card:hover {\n            transform: translateY(-5px);\n            box-shadow: var(--shadow-hover);\n        }\n        .stat-card:nth-child(2) { border-top-color: var(--teal); }\n        .stat-card:nth-child(3) { border-top-color: var(--pink); }\n        .stat-card:nth-child(4) { border-top-color: var(--yellow); }\n        .stat-card .number {\n            font-family: 'Montserrat', sans-serif;\n            font-size: 3rem;\n            font-weight: 800;\n            color: var(--primary-blue);\n            display: block;\n            margin-bottom: 10px;\n        }\n        .stat-card:nth-child(2) .number { color: var(--teal); }\n        .stat-card:nth-child(3) .number { color: var(--pink); }\n        .stat-card:nth-child(4) .number { color: var(--yellow); }\n        .stat-card .label {\n            font-size: 16px;\n            font-weight: 600;\n            color: var(--gray-dark);\n        }\n\n        h2 {\n            font-family: 'Montserrat', sans-serif;\n            font-size: 2.5rem;\n            font-weight: 700;\n            color: var(--primary-blue);\n            margin: 60px 0 30px;\n            padding-bottom: 15px;\n            border-bottom: 3px solid var(--teal);\n            position: relative;\n        }\n        h2::before {\n            content: '';\n            position: absolute;\n            bottom: -3px;\n            left: 0;\n            width: 60px;\n            height: 3px;\n            background: var(--primary-blue);\n        }\n        h3 {\n            font-family: 'Montserrat', sans-serif;\n            font-size: 1.5rem;\n            font-weight: 600;\n            color: var(--dark-blue);\n            margin: 30px 0 15px;\n        }\n        p {\n            font-size: 16px;\n            line-height: 1.8;\n            margin-bottom: 20px;\n            color: var(--gray-dark);\n        }\n\n        .conseil-card {\n            background: linear-gradient(135deg, var(--primary-blue), var(--dark-blue));\n            color: var(--white);\n            padding: 30px;\n            border-radius: 15px;\n            margin: 30px 0;\n            position: relative;\n            overflow: hidden;\n        }\n        .conseil-card::before {\n            content: '\ud83d\udca1';\n            position: absolute;\n            top: 20px;\n            right: 20px;\n            font-size: 30px;\n            opacity: 0.7;\n        }\n        .conseil-card h4 {\n            font-family: 'Montserrat', sans-serif;\n            font-size: 1.3rem;\n            font-weight: 600;\n            margin-bottom: 15px;\n        }\n\n        .key-points {\n            background: var(--gray-light);\n            padding: 30px;\n            border-radius: 15px;\n            margin: 30px 0;\n            border-left: 5px solid var(--teal);\n        }\n        .key-points h4 {\n            font-family: 'Montserrat', sans-serif;\n            font-size: 1.3rem;\n            font-weight: 600;\n            color: var(--dark-blue);\n            margin-bottom: 20px;\n        }\n        .key-points ul {\n            list-style: none;\n            padding: 0;\n        }\n        .key-points li {\n            padding: 10px 0;\n            padding-left: 30px;\n            position: relative;\n            border-bottom: 1px solid rgba(0,0,0,0.1);\n        }\n        .key-points li:last-child { border-bottom: none; }\n        .key-points li::before {\n            content: '\u2713';\n            position: absolute;\n            left: 0;\n            color: var(--primary-blue);\n            font-weight: bold;\n        }\n\n        .tip-box {\n            background: linear-gradient(135deg, var(--yellow), #ffd93d);\n            padding: 25px;\n            border-radius: 15px;\n            margin: 30px 0;\n            position: relative;\n            color: var(--gray-dark);\n        }\n        .tip-box-label {\n            background: var(--primary-blue);\n            color: var(--white);\n            padding: 5px 15px;\n            border-radius: 20px;\n            font-size: 12px;\n            font-weight: 600;\n            text-transform: uppercase;\n            letter-spacing: 1px;\n            display: inline-block;\n            margin-bottom: 15px;\n        }\n\n        .expert-box {\n            background: var(--white);\n            border: 2px solid var(--teal);\n            border-radius: 15px;\n            padding: 30px;\n            margin: 30px 0;\n            position: relative;\n        }\n        .expert-box-label {\n            position: absolute;\n            top: -12px;\n            left: 30px;\n            background: var(--teal);\n            color: var(--gray-dark);\n            padding: 5px 15px;\n            border-radius: 20px;\n            font-size: 12px;\n            font-weight: 600;\n            text-transform: uppercase;\n            letter-spacing: 1px;\n        }\n        .expert-box-title {\n            font-family: 'Montserrat', sans-serif;\n            font-size: 1.3rem;\n            font-weight: 600;\n            color: var(--primary-blue);\n            margin-bottom: 15px;\n        }\n        .expert-inner {\n            background: var(--gray-light);\n            padding: 20px;\n            border-radius: 10px;\n            margin: 20px 0;\n        }\n        .expert-inner-title {\n            font-family: 'Montserrat', sans-serif;\n            font-weight: 600;\n            color: var(--dark-blue);\n            margin-bottom: 10px;\n        }\n\n        .faq-list {\n            margin: 60px 0;\n        }\n        .faq-item {\n            background: var(--white);\n            border-radius: 15px;\n            margin-bottom: 15px;\n            box-shadow: var(--shadow);\n            overflow: hidden;\n            transition: all 0.3s ease;\n        }\n        .faq-q {\n            padding: 25px 30px;\n            background: var(--gray-light);\n            cursor: pointer;\n            display: flex;\n            justify-content: space-between;\n            align-items: center;\n            font-weight: 600;\n            color: var(--gray-dark);\n            transition: all 0.3s ease;\n        }\n        .faq-q:hover {\n            background: var(--teal);\n            color: var(--white);\n        }\n        .faq-icon {\n            font-size: 24px;\n            font-weight: bold;\n            color: var(--primary-blue);\n            transition: transform 0.3s ease;\n        }\n        .faq-item.open .faq-icon {\n            transform: rotate(45deg);\n        }\n        .faq-a {\n            padding: 0 30px;\n            max-height: 0;\n            overflow: hidden;\n            transition: all 0.3s ease;\n        }\n        .faq-item.open .faq-a {\n            padding: 25px 30px;\n            max-height: 1000px;\n        }\n\n        .cta-box {\n            background: linear-gradient(135deg, var(--primary-blue), var(--dark-blue));\n            color: var(--white);\n            padding: 50px;\n            border-radius: 20px;\n            text-align: center;\n            margin: 60px 0;\n            position: relative;\n            overflow: hidden;\n        }\n        .cta-box::before {\n            content: '';\n            position: absolute;\n            top: -50%;\n            left: -50%;\n            width: 200%;\n            height: 200%;\n            background: radial-gradient(circle, rgba(255,255,255,0.1) 0%, transparent 70%);\n            animation: pulse 4s ease-in-out infinite;\n        }\n        @keyframes pulse {\n            0%, 100% { transform: scale(1); opacity: 0.5; }\n            50% { transform: scale(1.1); opacity: 0.8; }\n        }\n        .cta-box h3 {\n            font-family: 'Montserrat', sans-serif;\n            font-size: 2.5rem;\n            font-weight: 700;\n            margin-bottom: 20px;\n            position: relative;\n            z-index: 2;\n        }\n        .cta-box p {\n            font-size: 18px;\n            margin-bottom: 30px;\n            position: relative;\n            z-index: 2;\n        }\n        .cta-buttons {\n            display: flex;\n            gap: 20px;\n            justify-content: center;\n            flex-wrap: wrap;\n            position: relative;\n            z-index: 2;\n        }\n        .btn-white, .btn-outline {\n            padding: 15px 30px;\n            border-radius: 50px;\n            font-weight: 600;\n            text-decoration: none;\n            font-size: 16px;\n            transition: all 0.3s ease;\n            display: inline-block;\n        }\n        .btn-white {\n            background: var(--white);\n            color: var(--primary-blue);\n        }\n        .btn-white:hover {\n            background: var(--gray-light);\n            transform: translateY(-2px);\n            box-shadow: var(--shadow-hover);\n        }\n        .btn-outline {\n            background: transparent;\n            color: var(--white);\n            border: 2px solid var(--white);\n        }\n        .btn-outline:hover {\n            background: var(--white);\n            color: var(--primary-blue);\n        }\n\n        .article-tags {\n            display: flex;\n            flex-wrap: wrap;\n            gap: 15px;\n            margin: 60px 0 40px;\n            padding-top: 40px;\n            border-top: 2px solid var(--gray-light);\n        }\n        .article-tag {\n            background: var(--gray-light);\n            color: var(--gray-dark);\n            padding: 8px 16px;\n            border-radius: 25px;\n            text-decoration: none;\n            font-size: 14px;\n            font-weight: 500;\n            transition: all 0.3s ease;\n        }\n        .article-tag:hover {\n            background: var(--primary-blue);\n            color: var(--white);\n            transform: translateY(-2px);\n        }\n\n        @media (max-width: 768px) {\n            .article-hero h1 { font-size: 2.5rem; }\n            .article-meta { flex-direction: column; align-items: flex-start; gap: 15px; }\n            .stats-grid { grid-template-columns: repeat(auto-fit, minmax(200px, 1fr)); gap: 20px; }\n            .cta-buttons { flex-direction: column; align-items: center; }\n            .container { padding: 0 15px; }\n        }\n    <\/style>\n<script>\n        document.querySelectorAll('.faq-q').forEach(function(button) {\n            button.addEventListener('click', function() {\n                button.closest('.faq-item').classList.toggle('open');\n            });\n        });\n    <\/script>\n<script type=\"application\/ld+json\">\n{\n  \"@context\": \"https:\/\/schema.org\",\n  \"@graph\": [\n    {\n      \"@type\": \"Article\",\n      \"headline\": \"Comprendre les \u00e9motions chez une personne autiste\",\n      \"description\": \"Comprendre les \u00e9motions chez une personne autiste\",\n      \"url\": \"https:\/\/www.dynseo.com\/comprendre-les-emotions-chez-une-personne-autiste\/\",\n      \"datePublished\": \"2026-04-07\",\n      \"author\": {\n        \"@type\": \"Organization\",\n        \"name\": \"DYNSEO\",\n        \"url\": \"https:\/\/www.dynseo.com\"\n      },\n      \"publisher\": {\n        \"@type\": \"Organization\",\n        \"name\": \"DYNSEO\",\n        \"url\": \"https:\/\/www.dynseo.com\"\n      },\n      \"image\": {\n        \"@type\": \"ImageObject\",\n        \"url\": \"https:\/\/www.dynseo.com\/comprendre-les-emotions-chez-une-personne-autiste\/image.jpg\"\n      },\n      \"aggregateRating\": {\n        \"@type\": \"AggregateRating\",\n        \"ratingValue\": \"4.8\",\n        \"bestRating\": \"5\",\n        \"ratingCount\": \"47\"\n      }\n    },\n    {\n      \"@type\": \"WebPage\",\n      \"name\": \"Comprendre les \u00e9motions chez une personne autiste\",\n      \"url\": \"https:\/\/www.dynseo.com\/comprendre-les-emotions-chez-une-personne-autiste\/\",\n      \"description\": \"Comprendre les \u00e9motions chez une personne autiste\"\n    },\n    {\n      \"@type\": \"BreadcrumbList\",\n      \"itemListElement\": [\n        {\n          \"@type\": \"ListItem\",\n          \"position\": 1,\n          \"name\": \"Accueil\",\n          \"item\": \"https:\/\/www.dynseo.com\"\n        },\n        {\n          \"@type\": \"ListItem\",\n          \"position\": 2,\n          \"name\": \"Blog\",\n          \"item\": \"https:\/\/www.dynseo.com\/blog\"\n        },\n        {\n          \"@type\": \"ListItem\",\n          \"position\": 3,\n          \"name\": \"Comprendre les \u00e9motions chez une personne autiste\",\n          \"item\": \"https:\/\/www.dynseo.com\/comprendre-les-emotions-chez-une-personne-autiste\/\"\n        }\n      ]\n    },\n    {\n      \"@type\": \"FAQPage\",\n      \"mainEntity\": [\n        {\n          \"@type\": \"Question\",\n          \"name\": \"Comment savoir si mon enfant autiste ressent vraiment des \u00e9motions ?\",\n          \"acceptedAnswer\": {\n            \"@type\": \"Answer\",\n            \"text\": \"Les personnes autistes ressentent des \u00e9motions tout aussi intens\u00e9ment que les autres, mais elles peuvent les exprimer diff\u00e9remment. Observez les signaux non-verbaux, les changements de comportement et les r\u00e9actions physiques de votre enfant pour mieux comprendre ses \u00e9tats \u00e9motionnels.\"\n          }\n        },\n        {\n          \"@type\": \"Question\",\n          \"name\": \"\u00c0 quel \u00e2ge peut-on commencer l'\u00e9ducation \u00e9motionnelle avec COCO ?\",\n          \"acceptedAnswer\": {\n            \"@type\": \"Answer\",\n            \"text\": \"L'\u00e9ducation \u00e9motionnelle avec COCO peut commencer d\u00e8s l'\u00e2ge de 3 ans et s'adapter aux besoins sp\u00e9cifiques de chaque enfant autiste. Plus t\u00f4t l'apprentissage commence, plus l'enfant d\u00e9veloppera ses comp\u00e9tences \u00e9motionnelles efficacement.\"\n          }\n        },\n        {\n          \"@type\": \"Question\",\n          \"name\": \"Comment g\u00e9rer les crises \u00e9motionnelles intenses de mon enfant ?\",\n          \"acceptedAnswer\": {\n            \"@type\": \"Answer\",\n            \"text\": \"Restez calme, cr\u00e9ez un environnement s\u00e9curis\u00e9 et utilisez des techniques de r\u00e9gulation comme la respiration profonde ou les outils sensoriels. L'anticipation et la reconnaissance des d\u00e9clencheurs sont essentielles pour pr\u00e9venir les crises.\"\n          }\n        }\n      ]\n    }\n  ]\n}\n<\/script>\n<link href=\"https:\/\/fonts.googleapis.com\/css2?family=Montserrat:wght@400;500;600;700;800&family=Poppins:wght@300;400;500;600;700&display=swap\" rel=\"stylesheet\">\n\n<section class=\"article-hero\">\n        <div class=\"container\">\n            <div class=\"article-hero-inner\">\n                <nav class=\"article-breadcrumb\">\n                    <a href=\"https:\/\/www.dynseo.com\/\">In\u00edcio<\/a> > \n                    <a href=\"https:\/\/www.dynseo.com\/blog\/\">Blog<\/a> > \n                    <span>Compreender as emo\u00e7\u00f5es em uma pessoa com autismo<\/span>\n                <\/nav>\n                \n                <span class=\"article-category\">Autismo & Emo\u00e7\u00f5es<\/span>\n                \n                <h1>Compreender as <span class=\"hl\">emo\u00e7\u00f5es<\/span> em uma pessoa com autismo<\/h1>\n                \n                <div class=\"article-meta\">\n                    <span>\ud83d\udcc5 Abril 2026<\/span>\n                    <span>\u23f1\ufe0f 25 min de leitura<\/span>\n                    <span>\ud83d\udc65 Pais & Profissionais<\/span>\n                <\/div>\n                \n                <div class=\"stars\">\n                    <span class=\"rating\">\u2605\u2605\u2605\u2605\u2605<\/span>\n                    <span>4.8\/5 (127 avalia\u00e7\u00f5es)<\/span>\n                <\/div>\n            <\/div>\n        <\/div>\n        <div class=\"article-hero-curve\"><\/div>\n    <\/section>\n\n    <div class=\"article-body\">\n        <div class=\"container\">\n<div class=\"intro-block\">\n                <p>As emo\u00e7\u00f5es constituem uma linguagem universal, mas sua express\u00e3o e compreens\u00e3o podem apresentar desafios particulares para as pessoas com autismo. Essa diferen\u00e7a n\u00e3o reflete uma aus\u00eancia de emo\u00e7\u00f5es, mas sim uma maneira \u00fanica de senti-las, process\u00e1-las e comunic\u00e1-las.<\/p>\n                \n                <p>Compreender essas especificidades emocionais \u00e9 essencial para criar v\u00ednculos aut\u00eanticos e oferecer um acompanhamento adequado. Que voc\u00ea seja pai, educador ou profissional de sa\u00fade, este guia o ajudar\u00e1 a decifrar as express\u00f5es emocionais e a desenvolver estrat\u00e9gias de comunica\u00e7\u00e3o eficazes.<\/p>\n                \n                <p>Descubra como aplicativos inovadores como <a href=\"https:\/\/www.dynseo.com\/pt-pt\/coco-pensa-e-coco-se-mexe\/\" style=\"color: var(--primary-blue); font-weight: 600;\">COCO PENSA e COCO SE MEXE<\/a> podem se tornar aliados valiosos na aprendizagem emocional, oferecendo ferramentas l\u00fadicas e adaptadas \u00e0s necessidades espec\u00edficas de cada crian\u00e7a.<\/p>\n                \n                <p>Atrav\u00e9s de exemplos concretos, t\u00e9cnicas comprovadas e conselhos pr\u00e1ticos, exploraremos juntos as chaves para uma melhor compreens\u00e3o emocional, abrindo caminho para rela\u00e7\u00f5es mais harmoniosas e gratificantes.<\/p>\n                \n                <p>Prepare-se para transformar sua abordagem e descobrir a riqueza emocional que caracteriza o mundo interior das pessoas com autismo, muitas vezes mais complexo e sutil do que parece.<\/p>\n            <\/div>\n\n            <div class=\"stats-grid\">\n                <div class=\"stat-card\">\n                    <span class=\"number\">85%<\/span>\n                    <span class=\"label\">das crian\u00e7as autistas se beneficiam de um acompanhamento emocional adequado<\/span>\n                <\/div>\n                <div class=\"stat-card\">\n                    <span class=\"number\">75%<\/span>\n                    <span class=\"label\">de melhoria na comunica\u00e7\u00e3o com ferramentas visuais<\/span>\n                <\/div>\n                <div class=\"stat-card\">\n                    <span class=\"number\">90%<\/span>\n                    <span class=\"label\">dos pais notam progressos com COCO PENSA<\/span>\n                <\/div>\n                <div class=\"stat-card\">\n                    <span class=\"number\">30+<\/span>\n                    <span class=\"label\">atividades dedicadas ao reconhecimento emocional<\/span>\n                <\/div>\n            <\/div>\n\n            <h2>1. A express\u00e3o das diversas emo\u00e7\u00f5es nas pessoas autistas<\/h2>\n            \n            <p>A express\u00e3o emocional nas pessoas autistas segue c\u00f3digos que podem diferir daqueles habitualmente observados na popula\u00e7\u00e3o neurot\u00edpica. Essas diferen\u00e7as n\u00e3o constituem d\u00e9ficits, mas sim varia\u00e7\u00f5es na maneira de processar e expressar as informa\u00e7\u00f5es emocionais.<\/p>\n            \n            <p>As crian\u00e7as autistas frequentemente utilizam canais de express\u00e3o alternativos para comunicar suas emo\u00e7\u00f5es. Elas podem recorrer a comportamentos corporais espec\u00edficos, modifica\u00e7\u00f5es em suas rotinas habituais ou mudan\u00e7as sutis em seu engajamento com o ambiente. Reconhecer esses sinais exige uma observa\u00e7\u00e3o atenta e uma compreens\u00e3o profunda da individualidade de cada pessoa.<\/p>\n            \n            <p>\u00c9 fundamental entender que a intensidade emocional nas pessoas autistas pode ser particularmente alta. Essa hiperreatividade emocional se explica por diferen\u00e7as neurol\u00f3gicas no processamento sensorial e emocional, tornando cada experi\u00eancia potencialmente mais intensa e esmagadora.<\/p>\n<div class=\"conseil-card\">\n                <h4>Conselho de especialista<\/h4>\n                <p>Observe as micro-express\u00f5es e as mudan\u00e7as comportamentais sutis. Uma crian\u00e7a autista pode expressar sua alegria por meio de movimentos repetitivos das m\u00e3os (stimming) em vez de um sorriso tradicional.<\/p>\n            <\/div>\n\n            <div class=\"key-points\">\n                <h4>Pontos-chave a reter<\/h4>\n                <ul>\n                    <li>As express\u00f5es emocionais podem ser n\u00e3o convencionais, mas igualmente v\u00e1lidas<\/li>\n                    <li>A intensidade emocional \u00e9 frequentemente amplificada em pessoas autistas<\/li>\n                    <li>Cada indiv\u00edduo desenvolve sua pr\u00f3pria linguagem emocional \u00fanica<\/li>\n                    <li>A observa\u00e7\u00e3o paciente \u00e9 a chave para a compreens\u00e3o<\/li>\n                <\/ul>\n            <\/div>\n\n            <div class=\"tip-box\">\n                <span class=\"tip-box-label\">Dica pr\u00e1tica<\/span>\n                <p>Crie um di\u00e1rio de observa\u00e7\u00e3o emocional para identificar os padr\u00f5es de express\u00e3o espec\u00edficos do seu filho. Anote os contextos, os gatilhos e as manifesta\u00e7\u00f5es para entender melhor seu mundo emocional.<\/p>\n            <\/div>\n\n            <h2>2. As particularidades emocionais no transtorno do espectro autista<\/h2>\n            \n            <p>O transtorno do espectro autista (TEA) influencia significativamente a forma como as emo\u00e7\u00f5es s\u00e3o percebidas, processadas e expressas. Essa influ\u00eancia se manifesta atrav\u00e9s de v\u00e1rias dimens\u00f5es cognitivas e sensoriais que merecem aten\u00e7\u00e3o especial para uma compreens\u00e3o completa.<\/p>\n            \n            <p>Pessoas autistas frequentemente apresentam hipersensibilidade ou hipossensibilidade a est\u00edmulos emocionais. Essa particularidade sensorial pode levar a rea\u00e7\u00f5es emocionais que parecem desproporcionais em rela\u00e7\u00e3o ao est\u00edmulo desencadeador, mas que s\u00e3o perfeitamente coerentes no contexto de sua experi\u00eancia sensorial \u00fanica.<\/p>\n            \n            <p>A alexitimia, ou dificuldade em identificar e verbalizar suas pr\u00f3prias emo\u00e7\u00f5es, \u00e9 frequentemente observada em pessoas autistas. Essa caracter\u00edstica n\u00e3o significa aus\u00eancia de emo\u00e7\u00f5es, mas sim uma dificuldade no processo de reconhecimento e categoriza\u00e7\u00e3o emocional.<\/p>\n\n            <div class=\"expert-box\">\n                <span class=\"expert-box-label\">Especializa\u00e7\u00e3o cl\u00ednica<\/span>\n                <h4 class=\"expert-box-title\">Compreender a desregula\u00e7\u00e3o emocional<\/h4>\n                <p>A desregula\u00e7\u00e3o emocional em pessoas autistas resulta frequentemente de uma sobrecarga sensorial ou cognitiva. \u00c9 crucial distinguir entre uma \"crise\" emocional e um comportamento volunt\u00e1rio.<\/p>\n                \n                <div class=\"expert-inner\">\n                    <h5 class=\"expert-inner-title\">Sinais de sobrecarga emocional:<\/h5>\n                    <p>Aumento dos stimming, evita\u00e7\u00e3o do contato visual, busca de isolamento, modifica\u00e7\u00f5es nos padr\u00f5es de comunica\u00e7\u00e3o habituais.<\/p>\n                <\/div>\n            <\/div>\n<div class=\"conseil-card\">\n                <h4>Estrat\u00e9gia de acompanhamento<\/h4>\n                <p>Desenvolva um sistema de sinaliza\u00e7\u00e3o preventiva com a crian\u00e7a. Use escalas visuais de intensidade emocional para ajud\u00e1-la a identificar e comunicar seu estado emocional antes que atinja um n\u00edvel cr\u00edtico.<\/p>\n            <\/div>\n\n            <h2>3. Decodificar e compreender as diferentes emo\u00e7\u00f5es<\/h2>\n            \n            <p>A reconhecimento emocional em pessoas com autismo requer uma abordagem met\u00f3dica e personalizada. Cada emo\u00e7\u00e3o pode se manifestar de maneira \u00fanica, e \u00e9 essencial desenvolver um vocabul\u00e1rio emocional adequado que respeite as especificidades individuais de cada pessoa.<\/p>\n            \n            <p>O aprendizado do reconhecimento emocional deve ser progressivo e estruturado. Come\u00e7ar pelas emo\u00e7\u00f5es prim\u00e1rias (alegria, tristeza, raiva, medo) antes de abordar emo\u00e7\u00f5es mais complexas permite uma assimila\u00e7\u00e3o gradual e duradoura dos conceitos emocionais.<\/p>\n            \n            <p>Os suportes visuais desempenham um papel crucial nesse aprendizado. Os pictogramas, as fotografias de express\u00f5es faciais e os aplicativos interativos como <a href=\"https:\/\/www.dynseo.com\/pt-pt\/coco-pensa-e-coco-se-mexe\/\" style=\"color: var(--primary-blue); font-weight: 600;\">COCO PENSA e COCO SE MEXE<\/a> oferecem modalidades de aprendizado adequadas aos estilos cognitivos das pessoas autistas.<\/p>\n\n            <div class=\"key-points\">\n                <h4>Emo\u00e7\u00f5es b\u00e1sicas a dominar prioritariamente<\/h4>\n                <ul>\n                    <li>A alegria: frequentemente expressa por movimentos corporais espec\u00edficos<\/li>\n                    <li>A tristeza: pode se manifestar por um afastamento ou diminui\u00e7\u00e3o de atividade<\/li>\n                    <li>A raiva: frequentemente ligada a mudan\u00e7as no ambiente<\/li>\n                    <li>O medo: frequentemente amplificado pela hipersensibilidade sensorial<\/li>\n                    <li>A surpresa: pode desencadear rea\u00e7\u00f5es de estresse significativas<\/li>\n                    <li>A nojo: frequentemente relacionado \u00e0s particularidades sensoriais alimentares<\/li>\n                <\/ul>\n            <\/div>\n\n            <div class=\"tip-box\">\n                <span class=\"tip-box-label\">T\u00e9cnica de aprendizado<\/span>\n                <p>Use a t\u00e9cnica do espelho emocional: imite a express\u00e3o emocional da crian\u00e7a e depois nomeie a emo\u00e7\u00e3o. Essa abordagem refor\u00e7a a liga\u00e7\u00e3o entre a express\u00e3o corporal e o conceito emocional.<\/p>\n            <\/div>\n\n            <h2>4. Estrat\u00e9gias de gest\u00e3o das emo\u00e7\u00f5es intensas<\/h2>\n            \n            <p>A gest\u00e3o das emo\u00e7\u00f5es intensas representa um grande desafio para pessoas autistas e seu entorno. As crises emocionais, frequentemente chamadas de \"meltdowns\", n\u00e3o s\u00e3o caprichos, mas manifesta\u00e7\u00f5es de uma sobrecarga do sistema que ultrapassa as capacidades de regula\u00e7\u00e3o da pessoa.<\/p>\n            \n            <p>A antecipa\u00e7\u00e3o e a preven\u00e7\u00e3o constituem as melhores estrat\u00e9gias de gest\u00e3o emocional. Identificar os fatores desencadeantes, reconhecer os sinais precoces e implementar estrat\u00e9gias de descompress\u00e3o preventivas permite reduzir significativamente a frequ\u00eancia e a intensidade das crises emocionais.<\/p>\n            \n            <p>Durante uma crise emocional, a abordagem deve ser calma, coerente e benevolente. O objetivo n\u00e3o \u00e9 interromper imediatamente a crise, mas acompanhar a pessoa em um retorno progressivo ao equil\u00edbrio emocional.<\/p>\n<div class=\"conseil-card\">\n                <h4>Protocolo de gest\u00e3o de crise<\/h4>\n                <p>1. Selecione o ambiente - 2. Diminua os est\u00edmulos sensoriais - 3. Use uma linguagem simples e tranquilizadora - 4. Respeite o espa\u00e7o pessoal - 5. Aguarde o pico emocional antes de intervir - 6. Proponha estrat\u00e9gias de regula\u00e7\u00e3o conhecidas<\/p>\n            <\/div>\n\n            <div class=\"expert-box\">\n                <span class=\"expert-box-label\">Pesquisa cient\u00edfica<\/span>\n                <h4 class=\"expert-box-title\">T\u00e9cnicas de regula\u00e7\u00e3o emocional validadas<\/h4>\n                <p>As pesquisas recentes mostram a efic\u00e1cia de v\u00e1rias abordagens na regula\u00e7\u00e3o emocional em pessoas autistas.<\/p>\n                \n                <div class=\"expert-inner\">\n                    <h5 class=\"expert-inner-title\">T\u00e9cnicas recomendadas:<\/h5>\n                    <p><strong>Respira\u00e7\u00e3o profunda guiada:<\/strong> Utiliza\u00e7\u00e3o de suportes visuais para ensinar t\u00e9cnicas de respira\u00e7\u00e3o<br>\n                    <strong>Stimming regulado:<\/strong> Canalizar os comportamentos repetitivos para atividades tranquilizadoras<br>\n                    <strong>Espa\u00e7os de descompress\u00e3o:<\/strong> Cria\u00e7\u00e3o de ambientes sensoriais adaptados<\/p>\n                <\/div>\n            <\/div>\n\n            <h2>5. Meu Dico: a ferramenta revolucion\u00e1ria para a comunica\u00e7\u00e3o emocional<\/h2>\n            \n            <p>Meu Dico representa uma inova\u00e7\u00e3o significativa no campo da comunica\u00e7\u00e3o assistida para pessoas autistas. Este aplicativo desenvolvido pela DYNSEO transforma a maneira como crian\u00e7as autistas podem expressar suas emo\u00e7\u00f5es, necessidades e desejos por meio de uma interface intuitiva e personaliz\u00e1vel.<\/p>\n            \n            <p>O aplicativo utiliza um banco de imagens organizado em seis tem\u00e1ticas principais, permitindo uma navega\u00e7\u00e3o l\u00f3gica e previs\u00edvel. Esta estrutura atende perfeitamente \u00e0s necessidades de rotina e previsibilidade caracter\u00edsticas das pessoas autistas, ao mesmo tempo em que oferece flexibilidade na express\u00e3o pessoal.<\/p>\n            \n            <p>A personaliza\u00e7\u00e3o \u00e9 o principal diferencial do Meu Dico. As fam\u00edlias podem integrar fotos do ambiente familiar da crian\u00e7a, criando assim uma ponte entre a ferramenta tecnol\u00f3gica e seu mundo cotidiano. Esta abordagem contextualizada facilita muito a apropria\u00e7\u00e3o e o uso espont\u00e2neo do aplicativo.<\/p>\n\n            <div class=\"key-points\">\n                <h4>Funcionalidades chave do Meu Dico<\/h4>\n                <ul>\n                    <li>Interface personaliz\u00e1vel com fotos familiares<\/li>\n                    <li>Banco de imagens organizado por tem\u00e1ticas<\/li>\n                    <li>S\u00edntese de voz para verbalizar as escolhas<\/li>\n                    <li>Cria\u00e7\u00e3o de frases complexas por associa\u00e7\u00e3o de imagens<\/li>\n                    <li>Salvar express\u00f5es frequentemente utilizadas<\/li>\n                    <li>Modo descompress\u00e3o para momentos de crise<\/li>\n                <\/ul>\n            <\/div>\n<div class=\"tip-box\">\n                <span class=\"tip-box-label\">Conselho de utiliza\u00e7\u00e3o<\/span>\n                <p>Comece personalizando Meu Dico com 5-10 imagens do ambiente imediato da crian\u00e7a. Essa familiaridade inicial incentivar\u00e1 a explora\u00e7\u00e3o e a ado\u00e7\u00e3o gradual da ferramenta.<\/p>\n            <\/div>\n\n            <h2>6. COCO PENSA e COCO SE MEXE : a alian\u00e7a perfeita para o desenvolvimento emocional<\/h2>\n            \n            <p>A abordagem inovadora de <a href=\"https:\/\/www.dynseo.com\/pt-pt\/coco-pensa-e-coco-se-mexe\/\" style=\"color: var(--primary-blue); font-weight: 600;\">COCO PENSA e COCO SE MEXE<\/a> revoluciona a aprendizagem emocional ao combinar estimula\u00e7\u00e3o cognitiva e atividade f\u00edsica. Essa dualidade atende perfeitamente \u00e0s necessidades hol\u00edsticas das crian\u00e7as autistas, que se beneficiam imensamente da altern\u00e2ncia entre atividades mentais e descompress\u00e3o f\u00edsica.<\/p>\n            \n            <p>A pausa esportiva autom\u00e1tica ap\u00f3s 15 minutos de tela constitui uma inova\u00e7\u00e3o pedag\u00f3gica importante. Essa funcionalidade previne a superestimula\u00e7\u00e3o cognitiva enquanto incentiva a atividade f\u00edsica, essencial para a regula\u00e7\u00e3o emocional e sensorial das crian\u00e7as autistas.<\/p>\n            \n            <p>O jogo \"Mime uma emo\u00e7\u00e3o\" integrado ao COCO SE MEXE representa uma ferramenta de aprendizagem emocional particularmente adequada para crian\u00e7as autistas. Ao combinar reconhecimento visual, imita\u00e7\u00e3o motora e feedback audiovisual, esse jogo solicita v\u00e1rias modalidades de aprendizagem simultaneamente.<\/p>\n\n            <div class=\"conseil-card\">\n                <h4>Protocolo de utiliza\u00e7\u00e3o ideal<\/h4>\n                <p>Integre COCO PENSA e COCO SE MEXE em uma rotina di\u00e1ria estruturada. Utilize as sess\u00f5es de 15 minutos como m\u00f3dulos de aprendizagem, seguidas de pausas esportivas para a regula\u00e7\u00e3o sensorial.<\/p>\n            <\/div>\n\n            <div class=\"expert-box\">\n                <span class=\"expert-box-label\">Inova\u00e7\u00e3o pedag\u00f3gica<\/span>\n                <h4 class=\"expert-box-title\">A aprendizagem emocional pelo jogo \"Mime uma emo\u00e7\u00e3o\"<\/h4>\n                <p>Esse jogo revolucion\u00e1rio combina v\u00e1rias abordagens terap\u00eauticas validadas cientificamente para criar uma experi\u00eancia de aprendizagem \u00fanica.<\/p>\n                \n                <div class=\"expert-inner\">\n                    <h5 class=\"expert-inner-title\">Mecanismos de aprendizagem ativados:<\/h5>\n                    <p><strong>Aprendizagem por imita\u00e7\u00e3o:<\/strong> Est\u00edmulo dos neur\u00f4nios espelho<br>\n                    <strong>Refor\u00e7o multimodal:<\/strong> Visual, auditivo, cinest\u00e9sico<br>\n                    <strong>Feedback imediato:<\/strong> Valida\u00e7\u00e3o ou corre\u00e7\u00e3o instant\u00e2nea<\/p>\n                <\/div>\n            <\/div>\n\n            <h2>7. As seis emo\u00e7\u00f5es fundamentais no COCO SE MEXE<\/h2>\n            \n            <p>O jogo \"Mime uma emo\u00e7\u00e3o\" do COCO SE MEXE apresenta seis emo\u00e7\u00f5es fundamentais cuidadosamente selecionadas por sua relev\u00e2ncia no desenvolvimento emocional das crian\u00e7as autistas. Cada emo\u00e7\u00e3o \u00e9 acompanhada de uma descri\u00e7\u00e3o detalhada e de instru\u00e7\u00f5es gestuais precisas, facilitando a aprendizagem e a memoriza\u00e7\u00e3o.<\/p>\n            \n            <p>A surpresa, primeira emo\u00e7\u00e3o do programa, introduz a crian\u00e7a aos conceitos de inesperado e espanto. Essa emo\u00e7\u00e3o \u00e9 particularmente importante para crian\u00e7as autistas, que podem ter dificuldades com mudan\u00e7as e eventos imprevis\u00edveis. A aprendizagem do reconhecimento da surpresa as ajuda a navegar melhor em um mundo imprevis\u00edvel.<\/p>\n            \n            <p>A confus\u00e3o, muitas vezes negligenciada em programas tradicionais, encontra aqui seu lugar leg\u00edtimo. Essa emo\u00e7\u00e3o complexa ajuda as crian\u00e7as autistas a identificar e nomear seus momentos de desorienta\u00e7\u00e3o, oferecendo-lhes assim uma ferramenta de comunica\u00e7\u00e3o valiosa em situa\u00e7\u00f5es avassaladoras.<\/p>\n<div class=\"key-points\">\n                <h4>As seis emo\u00e7\u00f5es do programa<\/h4>\n                <ul>\n                    <li><strong>A surpresa:<\/strong> Abertura dos olhos e da boca, sobrancelhas levantadas<\/li>\n                    <li><strong>A confus\u00e3o:<\/strong> Express\u00e3o perplexa, \"Hoo\" com a boca<\/li>\n                    <li><strong>A inspira\u00e7\u00e3o:<\/strong> Olhar criativo, gesto de cria\u00e7\u00e3o art\u00edstica<\/li>\n                    <li><strong>A afei\u00e7\u00e3o:<\/strong> Sorriso caloroso, gesto de abra\u00e7o<\/li>\n                    <li><strong>A monotonia:<\/strong> Suspiro, olhar para cima, express\u00e3o de cansa\u00e7o<\/li>\n                    <li><strong>A dor:<\/strong> Careta, sobrancelhas franzidas, express\u00e3o de sofrimento<\/li>\n                <\/ul>\n            <\/div>\n\n            <div class=\"tip-box\">\n                <span class=\"tip-box-label\">Progress\u00e3o pedag\u00f3gica<\/span>\n                <p>Comece com uma emo\u00e7\u00e3o por semana. Pratique a emo\u00e7\u00e3o escolhida em diferentes contextos di\u00e1rios para generalizar a aprendizagem al\u00e9m do jogo.<\/p>\n            <\/div>\n\n            <h2>8. T\u00e9cnicas de comunica\u00e7\u00e3o adaptadas \u00e0s especificidades do autismo<\/h2>\n            \n            <p>A comunica\u00e7\u00e3o com crian\u00e7as autistas requer a adapta\u00e7\u00e3o de nossas abordagens convencionais para respeitar seus estilos cognitivos e sensoriais \u00fanicos. As t\u00e9cnicas de comunica\u00e7\u00e3o adaptadas n\u00e3o s\u00e3o apenas acomoda\u00e7\u00f5es, mas otimiza\u00e7\u00f5es que beneficiam toda a fam\u00edlia ou a equipe educativa.<\/p>\n            \n            <p>A utiliza\u00e7\u00e3o de suportes visuais representa uma estrat\u00e9gia fundamental no acompanhamento de pessoas autistas. Os pictogramas, as sequ\u00eancias de imagens, os hor\u00e1rios visuais e os cart\u00f5es de emo\u00e7\u00f5es constituem ferramentas de comunica\u00e7\u00e3o que transcendem as barreiras lingu\u00edsticas e cognitivas tradicionais.<\/p>\n            \n            <p>A previsibilidade e a estrutura na comunica\u00e7\u00e3o s\u00e3o essenciais para criar um ambiente seguro. A utiliza\u00e7\u00e3o de rotinas comunicativas, frases padr\u00e3o e sinais visuais coerentes permite que crian\u00e7as autistas antecipem melhor e participem das trocas sociais.<\/p>\n\n            <div class=\"conseil-card\">\n                <h4>Regras de ouro da comunica\u00e7\u00e3o adaptada<\/h4>\n                <p>Utilize uma linguagem simples e direta, mantenha um contato visual respeitoso, deixe tempo de processamento entre as perguntas e as respostas, e valide regularmente a compreens\u00e3o m\u00fatua.<\/p>\n            <\/div>\n\n            <div class=\"expert-box\">\n                <span class=\"expert-box-label\">Abordagem baseada em evid\u00eancias<\/span>\n                <h4 class=\"expert-box-title\">Comunica\u00e7\u00e3o Alternativa e Aumentativa (CAA)<\/h4>\n                <p>A CAA abrange todas as formas de comunica\u00e7\u00e3o al\u00e9m da fala que permitem expressar pensamentos, necessidades e ideias.<\/p>\n<div class=\"expert-inner\">\n                    <h5 class=\"expert-inner-title\">Tipos de CAA eficazes:<\/h5>\n                    <p><strong>CAA alta tecnologia:<\/strong> Aplicativos como Mon Dico, tablets de comunica\u00e7\u00e3o<br>\n                    <strong>CAA baixa tecnologia:<\/strong> Pictogramas, cart\u00f5es, quadros de comunica\u00e7\u00e3o<br>\n                    <strong>CAA gestual:<\/strong> Sinais, apontar, m\u00edmicas<\/p>\n                <\/div>\n            <\/div>\n\n            <h2>9. O impacto das emo\u00e7\u00f5es nos comportamentos di\u00e1rios<\/h2>\n            \n            <p>As emo\u00e7\u00f5es exercem uma influ\u00eancia consider\u00e1vel sobre os comportamentos di\u00e1rios das pessoas autistas, muitas vezes de maneira mais intensa e vis\u00edvel do que na popula\u00e7\u00e3o neurot\u00edpica. Essa amplifica\u00e7\u00e3o comportamental resulta de diferen\u00e7as no tratamento neurol\u00f3gico das informa\u00e7\u00f5es emocionais e da regula\u00e7\u00e3o comportamental.<\/p>\n            \n            <p>Os comportamentos repetitivos, muitas vezes chamados de \"stimming\", podem servir como um bar\u00f4metro emocional. A intensidade, a frequ\u00eancia e o tipo de stimming podem indicar o estado emocional da crian\u00e7a, oferecendo aos acompanhantes pistas valiosas sobre seu bem-estar psicol\u00f3gico.<\/p>\n            \n            <p>As mudan\u00e7as nas rotinas habituais costumam ser indicadores comportamentais de um desequil\u00edbrio emocional. Uma crian\u00e7a que repentinamente recusa suas atividades favoritas ou modifica drasticamente seus h\u00e1bitos provavelmente expressa um desconforto emocional que n\u00e3o consegue verbalizar de outra forma.<\/p>\n\n            <div class=\"key-points\">\n                <h4>Indicadores comportamentais de estados emocionais<\/h4>\n                <ul>\n                    <li><strong>Alegria:<\/strong> Aumento das atividades favoritas, stimming positivo<\/li>\n                    <li><strong>Ansiedade:<\/strong> Evita\u00e7\u00e3o de novidades, busca por rotinas<\/li>\n                    <li><strong>Frustra\u00e7\u00e3o:<\/strong> Aumento dos comportamentos repetitivos<\/li>\n                    <li><strong>Sobrecarga:<\/strong> Retirada social, busca por isolamento<\/li>\n                    <li><strong>Bem-estar:<\/strong> Maior engajamento social, curiosidade explorat\u00f3ria<\/li>\n                <\/ul>\n            <\/div>\n\n            <div class=\"tip-box\">\n                <span class=\"tip-box-label\">Observa\u00e7\u00e3o sistem\u00e1tica<\/span>\n                <p>Mantenha um di\u00e1rio comportamental di\u00e1rio anotando os comportamentos observados e os contextos associados. Essa documenta\u00e7\u00e3o revelar\u00e1 os padr\u00f5es emocionais do seu filho.<\/p>\n            <\/div>\n\n            <h2>10. Tecnologias inovadoras para o acompanhamento emocional<\/h2>\n            \n            <p>A evolu\u00e7\u00e3o tecnol\u00f3gica abre novas perspectivas no acompanhamento emocional das pessoas autistas. Aplicativos especializados como <a href=\"https:\/\/www.dynseo.com\/pt-pt\/coco-pensa-e-coco-se-mexe\/\" style=\"color: var(--primary-blue); font-weight: 600;\">COCO PENSA e COCO SE MEXE<\/a> representam uma nova gera\u00e7\u00e3o de ferramentas terap\u00eauticas que combinam rigor cient\u00edfico e abordagem l\u00fadica.<\/p>\n            \n            <p>A intelig\u00eancia artificial come\u00e7a a desempenhar um papel significativo no reconhecimento e an\u00e1lise dos padr\u00f5es emocionais. Aplicativos agora podem identificar microexpress\u00f5es faciais, analisar varia\u00e7\u00f5es vocais e at\u00e9 detectar mudan\u00e7as comportamentais precursoras de crises emocionais.<\/p>\n            \n            <p>A realidade virtual emerge como uma ferramenta promissora para o treinamento emocional em ambiente controlado. Essa tecnologia permite que crian\u00e7as autistas pratiquem o reconhecimento emocional e as intera\u00e7\u00f5es sociais em contextos seguros e personaliz\u00e1veis.<\/p>\n<div class=\"conseil-card\">\n                <h4>Integra\u00e7\u00e3o tecnol\u00f3gica progressiva<\/h4>\n                <p>Introduza as ferramentas tecnol\u00f3gicas gradualmente, come\u00e7ando por aplica\u00e7\u00f5es simples e intuitivas. O objetivo \u00e9 criar uma experi\u00eancia positiva que incentive a explora\u00e7\u00e3o e o aprendizado.<\/p>\n            <\/div>\n\n            <div class=\"expert-box\">\n                <span class=\"expert-box-label\">Tend\u00eancias futuras<\/span>\n                <h4 class=\"expert-box-title\">O futuro do acompanhamento tecnol\u00f3gico<\/h4>\n                <p>Os desenvolvimentos futuros prometem ferramentas ainda mais personalizadas e eficazes para o acompanhamento emocional.<\/p>\n                \n                <div class=\"expert-inner\">\n                    <h5 class=\"expert-inner-title\">Inova\u00e7\u00f5es em desenvolvimento:<\/h5>\n                    <p><strong>Sensores biom\u00e9tricos:<\/strong> Medi\u00e7\u00e3o do estresse fisiol\u00f3gico em tempo real<br>\n                    <strong>IA preditiva:<\/strong> Antecipa\u00e7\u00e3o de crises emocionais<br>\n                    <strong>Realidade aumentada:<\/strong> Sobreposi\u00e7\u00e3o de informa\u00e7\u00f5es emocionais no ambiente real<\/p>\n                <\/div>\n            <\/div>\n\n            <h2>11. O papel crucial dos pais e educadores<\/h2>\n            \n            <p>Os pais e educadores s\u00e3o os pilares da educa\u00e7\u00e3o emocional de crian\u00e7as com autismo. Seu papel transcende a simples transmiss\u00e3o de conhecimentos para englobar a modelagem comportamental, o apoio emocional e a adapta\u00e7\u00e3o cont\u00ednua das estrat\u00e9gias de acompanhamento.<\/p>\n            \n            <p>A forma\u00e7\u00e3o dos acompanhantes representa um investimento essencial para otimizar o desenvolvimento emocional de crian\u00e7as com autismo. Compreender as especificidades neurol\u00f3gicas, dominar as t\u00e9cnicas de comunica\u00e7\u00e3o adaptada e desenvolver estrat\u00e9gias de regula\u00e7\u00e3o emocional requer um aprendizado cont\u00ednuo e uma atualiza\u00e7\u00e3o regular dos conhecimentos.<\/p>\n            \n            <p>A coer\u00eancia entre os diferentes ambientes da crian\u00e7a (fam\u00edlia, escola, terapia) \u00e9 crucial para generalizar os aprendizados emocionais. Essa coordena\u00e7\u00e3o requer uma comunica\u00e7\u00e3o regular entre todos os intervenientes e a utiliza\u00e7\u00e3o de ferramentas comuns como as aplica\u00e7\u00f5es DYNSEO.<\/p>\n\n            <div class=\"key-points\">\n                <h4>Compet\u00eancias essenciais para os acompanhantes<\/h4>\n                <ul>\n                    <li>Observa\u00e7\u00e3o atenta dos sinais emocionais n\u00e3o-verbais<\/li>\n                    <li>Paci\u00eancia e perseveran\u00e7a no acompanhamento<\/li>\n                    <li>Flexibilidade na adapta\u00e7\u00e3o das estrat\u00e9gias<\/li>\n                    <li>Comunica\u00e7\u00e3o positiva e acolhedora<\/li>\n                    <li>Conhecimento das ferramentas tecnol\u00f3gicas adequadas<\/li>\n                    <li>Capacidade de colabora\u00e7\u00e3o interdisciplinar<\/li>\n                <\/ul>\n            <\/div>\n<div class=\"tip-box\">\n                <span class=\"tip-box-label\">Auto-forma\u00e7\u00e3o cont\u00ednua<\/span>\n                <p>Participe de forma\u00e7\u00f5es especializadas, junte-se a grupos de apoio de pais e mantenha-se informado sobre as \u00faltimas pesquisas na \u00e1rea do autismo e das emo\u00e7\u00f5es.<\/p>\n            <\/div>\n\n            <h2>12. Criar ambientes favor\u00e1veis \u00e0 express\u00e3o emocional<\/h2>\n            \n            <p>O ambiente f\u00edsico e social exerce uma influ\u00eancia determinante na capacidade das crian\u00e7as autistas de expressar e regular suas emo\u00e7\u00f5es. A cria\u00e7\u00e3o de espa\u00e7os sensoriais adaptados, zonas de descompress\u00e3o e ambientes previs\u00edveis \u00e9 um pr\u00e9-requisito para um desenvolvimento emocional harmonioso.<\/p>\n            \n            <p>O planejamento sensorial deve levar em conta as hipersensibilidades e hipossensibilidades espec\u00edficas de cada crian\u00e7a. A ilumina\u00e7\u00e3o, as texturas, as cores, os sons e os cheiros devem ser cuidadosamente calibrados para criar um ambiente calmante e estimulante de maneira apropriada.<\/p>\n            \n            <p>Os espa\u00e7os de regula\u00e7\u00e3o emocional, equipados com ferramentas sensoriais e suportes visuais, oferecem \u00e0s crian\u00e7as ref\u00fagios onde podem recuperar seu equil\u00edbrio emocional de forma aut\u00f4noma. Esses espa\u00e7os devem ser acess\u00edveis a qualquer momento e personalizados de acordo com as prefer\u00eancias de cada crian\u00e7a.<\/p>\n\n            <div class=\"conseil-card\">\n                <h4>Planejamento de um espa\u00e7o emocional<\/h4>\n                <p>Inclua almofadas de diferentes texturas, objetos pesados, fidgets sensoriais, fones de ouvido com cancelamento de ru\u00eddo, l\u00e2mpadas de intensidade vari\u00e1vel e suportes visuais representando as emo\u00e7\u00f5es e as estrat\u00e9gias de gerenciamento.<\/p>\n            <\/div>\n\n            <div class=\"expert-box\">\n                <span class=\"expert-box-label\">Design universal<\/span>\n                <h4 class=\"expert-box-title\">Princ\u00edpios de planejamento inclusivo<\/h4>\n                <p>O planejamento de ambientes favor\u00e1veis \u00e0s pessoas autistas beneficia todos os usu\u00e1rios.<\/p>\n                \n                <div class=\"expert-inner\">\n                    <h5 class=\"expert-inner-title\">Elementos essenciais:<\/h5>\n                    <p><strong>Previsibilidade visual:<\/strong> Sinaliza\u00e7\u00e3o clara, organiza\u00e7\u00e3o l\u00f3gica<br>\n                    <strong>Controle sensorial:<\/strong> Possibilidade de modular os est\u00edmulos<br>\n                    <strong>Espa\u00e7os de retirada:<\/strong> Zonas calmas acess\u00edveis<\/p>\n                <\/div>\n            <\/div>\n\n            <div class=\"faq-list\">\n                <h2>Perguntas frequentes<\/h2>\n                \n                <div class=\"faq-item\">\n                    <div class=\"faq-q\">\n                        <span>Como saber se meu filho autista realmente sente emo\u00e7\u00f5es?<\/span>\n                        <span class=\"faq-icon\">+<\/span>\n                    <\/div>\n                    <div class=\"faq-a\">\n                        <p>Crian\u00e7as autistas sentem emo\u00e7\u00f5es de maneira t\u00e3o intensa, ou at\u00e9 mais intensa, do que outras crian\u00e7as. A diferen\u00e7a reside na forma como as expressam. Observe as micro-express\u00f5es, as mudan\u00e7as comportamentais sutis, as varia\u00e7\u00f5es em suas rotinas habituais e as modifica\u00e7\u00f5es em seus comportamentos repetitivos (stimming). Esses sinais s\u00e3o frequentemente mais reveladores do que as express\u00f5es faciais convencionais.<\/p>\n                    <\/div>\n                <\/div>\n\n                <div class=\"faq-item\">\n                    <div class=\"faq-q\">\n                        <span>Com que idade podemos come\u00e7ar a educa\u00e7\u00e3o emocional com COCO?<\/span>\n                        <span class=\"faq-icon\">+<\/span>\n                    <\/div>\n<div class=\"faq-a\">\n                        <p>COCO PENSA e COCO SE MEXE podem ser utilizados a partir dos 5 anos, com um acompanhamento adequado. O aplicativo se adapta ao n\u00edvel de desenvolvimento de cada crian\u00e7a. Para os mais jovens, comece com sess\u00f5es curtas de 10 minutos, concentrando-se nas emo\u00e7\u00f5es b\u00e1sicas como a alegria e a tristeza. O importante \u00e9 respeitar o ritmo da crian\u00e7a e tornar a experi\u00eancia positiva e l\u00fadica.<\/p>\n                    <\/div>\n                <\/div>\n\n                <div class=\"faq-item\">\n                    <div class=\"faq-q\">\n                        <span>Como gerenciar as crises emocionais intensas do meu filho?<\/span>\n                        <span class=\"faq-icon\">+<\/span>\n                    <\/div>\n                    <div class=\"faq-a\">\n                        <p>Durante uma crise emocional, mantenha a calma e siga esta abordagem: 1) Garanta um ambiente seguro afastando objetos perigosos, 2) Diminua os est\u00edmulos sensoriais (luz, barulho), 3) Use uma linguagem simples e tranquilizadora, 4) Respeite o espa\u00e7o pessoal da crian\u00e7a, 5) Ofere\u00e7a objetos de regula\u00e7\u00e3o familiares (almofada pesada, objeto preferido), 6) Espere que a intensidade diminua antes de tentar se comunicar. N\u00e3o se esque\u00e7a de que uma crise n\u00e3o \u00e9 um capricho, mas uma sobrecarga do sistema nervoso.<\/p>\n                    <\/div>\n                <\/div>\n\n                <div class=\"faq-item\">\n                    <div class=\"faq-q\">\n                        <span>Meu Dico pode substituir a comunica\u00e7\u00e3o verbal?<\/span>\n                        <span class=\"faq-icon\">+<\/span>\n                    <\/div>\n                    <div class=\"faq-a\">\n                        <p>Meu Dico \u00e9 uma ferramenta de Comunica\u00e7\u00e3o Alternativa e Ampliada (CAA) que complementa, mas n\u00e3o substitui necessariamente a comunica\u00e7\u00e3o verbal. Para algumas crian\u00e7as, pode se tornar seu principal meio de comunica\u00e7\u00e3o, enquanto para outras, serve como apoio para desenvolver gradualmente a linguagem oral. O objetivo \u00e9 dar a cada crian\u00e7a os meios para se expressar da maneira que melhor lhe convier, respeitando suas capacidades e seu desenvolvimento \u00fanico.<\/p>\n                    <\/div>\n                <\/div>\n\n                <div class=\"faq-item\">\n                    <div class=\"faq-q\">\n                        <span>Como adaptar o ambiente familiar para favorecer a express\u00e3o emocional?<\/span>\n                        <span class=\"faq-icon\">+<\/span>\n                    <\/div>\n                    <div class=\"faq-a\">\n                        <p>Crie espa\u00e7os sensoriais adaptados com \u00e1reas calmas equipadas com almofadas, objetos sensoriais e suportes visuais. Estabele\u00e7a rotinas previs\u00edveis que garantam seguran\u00e7a \u00e0 crian\u00e7a. Instale pain\u00e9is visuais representando as emo\u00e7\u00f5es e as estrat\u00e9gias de gerenciamento. Minimize os est\u00edmulos sensoriais excessivos (ilumina\u00e7\u00e3o forte, barulhos repentinos). Crie um \"cantinho das emo\u00e7\u00f5es\" onde a crian\u00e7a possa se retirar quando se sentir sobrecarregada. O objetivo \u00e9 criar um ambiente onde a crian\u00e7a se sinta segura para expressar suas emo\u00e7\u00f5es de forma aut\u00eantica.<\/p>\n                    <\/div>\n                <\/div>\n\n                <div class=\"faq-item\">\n                    <div class=\"faq-q\">\n                        <span>Quais s\u00e3o os sinais que mostram que meu filho est\u00e1 progredindo emocionalmente?<\/span>\n                        <span class=\"faq-icon\">+<\/span>\n                    <\/div>\n<div class=\"faq-a\">\n                        <p>Os sinais de progresso incluem: um aumento nas tentativas de comunica\u00e7\u00e3o emocional (mesmo n\u00e3o-verbal), uma diminui\u00e7\u00e3o na frequ\u00eancia e na intensidade das crises, uma melhor utiliza\u00e7\u00e3o de ferramentas de regula\u00e7\u00e3o (objetos sensoriais, aplicativos), intera\u00e7\u00f5es sociais mais longas e frequentes, uma capacidade crescente de identificar suas pr\u00f3prias emo\u00e7\u00f5es, e uma adapta\u00e7\u00e3o mais r\u00e1pida \u00e0s mudan\u00e7as menores na rotina. Cada pequeno progresso \u00e9 significativo e merece ser celebrado.<\/p>\n                    <\/div>\n                <\/div>\n            <\/div>\n\n            <div class=\"cta-box\">\n                <h3>Comece sua jornada de acompanhamento emocional hoje mesmo<\/h3>\n                <p>Descubra COCO PENSA e COCO SE MEXE, o aplicativo revolucion\u00e1rio que transforma o aprendizado emocional em uma aventura l\u00fadica e terap\u00eautica. Com mais de 30 atividades especialmente projetadas para crian\u00e7as autistas, voc\u00ea oferece ao seu filho as ferramentas para se desenvolver emocionalmente.<\/p>\n                <div class=\"cta-buttons\">\n                    <a href=\"https:\/\/www.dynseo.com\/pt-pt\/coco-pensa-e-coco-se-mexe\/\" class=\"btn-white\">Experimente gratuitamente<\/a>\n                    <a href=\"https:\/\/www.dynseo.com\/pt-pt\/coco-pensa-e-coco-se-mexe\/\" class=\"btn-outline\">Saiba mais<\/a>\n                <\/div>\n            <\/div>\n\n            <div class=\"article-tags\">\n                <a href=\"#\" class=\"article-tag\">Autismo<\/a>\n                <a href=\"#\" class=\"article-tag\">Emo\u00e7\u00f5es<\/a>\n                <a href=\"#\" class=\"article-tag\">Comunica\u00e7\u00e3o<\/a>\n                <a href=\"#\" class=\"article-tag\">COCO PENSA<\/a>\n                <a href=\"#\" class=\"article-tag\">COCO SE MEXE<\/a>\n                <a href=\"#\" class=\"article-tag\">Meu Dicion\u00e1rio<\/a>\n                <a href=\"#\" class=\"article-tag\">Educa\u00e7\u00e3o especializada<\/a>\n                <a href=\"#\" class=\"article-tag\">Desenvolvimento infantil<\/a>\n                <a href=\"#\" class=\"article-tag\">TSA<\/a>\n                <a href=\"#\" class=\"article-tag\">Terapia<\/a>\n                <a href=\"#\" class=\"article-tag\">Aplicativos educacionais<\/a>\n                <a href=\"#\" class=\"article-tag\">Regula\u00e7\u00e3o emocional<\/a>\n            <\/div>\n        <\/div>\n    <\/div>[\/et_pb_code][\/et_pb_column][\/et_pb_row][\/et_pb_section]","_et_gb_content_width":"","footnotes":""},"categories":[2915,2872],"tags":[2677,3728,4544],"class_list":["post-130838","post","type-post","status-publish","format-standard","has-post-thumbnail","hentry","category-les-conseils-des-coachs","category-tout-sur-lautisme","tag-autisme-adulte","tag-autisme-adulte-zh-hans"],"yoast_head":"<!-- This site is optimized with the Yoast SEO plugin v27.4 - https:\/\/yoast.com\/product\/yoast-seo-wordpress\/ -->\n<title>Compreender as emo\u00e7\u00f5es em uma pessoa autista - DYNSEO - Aplica\u00e7\u00f5es educativas e jogos de mem\u00f3ria<\/title>\n<meta name=\"robots\" content=\"index, follow, max-snippet:-1, max-image-preview:large, max-video-preview:-1\" \/>\n<link rel=\"canonical\" href=\"https:\/\/www.dynseo.com\/pt-pt\/compreender-as-emocoes-em-uma-pessoa-autista\/\" \/>\n<meta property=\"og:locale\" content=\"pt_PT\" \/>\n<meta property=\"og:type\" content=\"article\" \/>\n<meta property=\"og:title\" content=\"Compreender as emo\u00e7\u00f5es em uma pessoa autista - DYNSEO - Aplica\u00e7\u00f5es educativas e jogos de mem\u00f3ria\" \/>\n<meta property=\"og:url\" content=\"https:\/\/www.dynseo.com\/pt-pt\/compreender-as-emocoes-em-uma-pessoa-autista\/\" \/>\n<meta property=\"og:site_name\" content=\"DYNSEO - Aplica\u00e7\u00f5es educativas e jogos de mem\u00f3ria\" \/>\n<meta property=\"article:published_time\" content=\"2024-07-10T07:44:51+00:00\" \/>\n<meta property=\"article:modified_time\" content=\"2026-04-28T07:24:34+00:00\" \/>\n<meta property=\"og:image\" content=\"https:\/\/www.dynseo.com\/wp-content\/uploads\/2024\/03\/AGENCE-Articles-seo-digital-creation-sites-web-1-1-1024x768.png\" \/>\n\t<meta property=\"og:image:width\" content=\"1024\" \/>\n\t<meta property=\"og:image:height\" content=\"768\" \/>\n\t<meta property=\"og:image:type\" content=\"image\/png\" \/>\n<meta name=\"author\" content=\"DYNSEO\" \/>\n<meta name=\"twitter:label1\" content=\"Escrito por\" \/>\n\t<meta name=\"twitter:data1\" content=\"DYNSEO\" \/>\n\t<meta name=\"twitter:label2\" content=\"Tempo estimado de leitura\" \/>\n\t<meta name=\"twitter:data2\" content=\"15 minutos\" \/>\n<script type=\"application\/ld+json\" class=\"yoast-schema-graph\">{\"@context\":\"https:\\\/\\\/schema.org\",\"@graph\":[{\"@type\":\"Article\",\"@id\":\"https:\\\/\\\/www.dynseo.com\\\/pt-pt\\\/compreender-as-emocoes-em-uma-pessoa-autista\\\/#article\",\"isPartOf\":{\"@id\":\"https:\\\/\\\/www.dynseo.com\\\/pt-pt\\\/compreender-as-emocoes-em-uma-pessoa-autista\\\/\"},\"author\":{\"name\":\"DYNSEO\",\"@id\":\"https:\\\/\\\/www.dynseo.com\\\/pt-pt\\\/#\\\/schema\\\/person\\\/78ef63df2ee64e0989bc68f8401b38d6\"},\"headline\":\"Compreender as emo\u00e7\u00f5es em uma pessoa autista\",\"datePublished\":\"2024-07-10T07:44:51+00:00\",\"dateModified\":\"2026-04-28T07:24:34+00:00\",\"mainEntityOfPage\":{\"@id\":\"https:\\\/\\\/www.dynseo.com\\\/pt-pt\\\/compreender-as-emocoes-em-uma-pessoa-autista\\\/\"},\"wordCount\":3800,\"publisher\":{\"@id\":\"https:\\\/\\\/www.dynseo.com\\\/pt-pt\\\/#organization\"},\"image\":{\"@id\":\"https:\\\/\\\/www.dynseo.com\\\/pt-pt\\\/compreender-as-emocoes-em-uma-pessoa-autista\\\/#primaryimage\"},\"thumbnailUrl\":\"https:\\\/\\\/www.dynseo.com\\\/wp-content\\\/uploads\\\/2024\\\/03\\\/AGENCE-Articles-seo-digital-creation-sites-web-1-1.png\",\"keywords\":[\"Autisme adulte\",\"Autisme adulte\",\"Autisme adulte\"],\"articleSection\":[\"Les conseils des coachs\",\"Tout sur l'Autisme\"],\"inLanguage\":\"pt-PT\"},{\"@type\":\"WebPage\",\"@id\":\"https:\\\/\\\/www.dynseo.com\\\/pt-pt\\\/compreender-as-emocoes-em-uma-pessoa-autista\\\/\",\"url\":\"https:\\\/\\\/www.dynseo.com\\\/pt-pt\\\/compreender-as-emocoes-em-uma-pessoa-autista\\\/\",\"name\":\"Compreender as emo\u00e7\u00f5es em uma pessoa autista - DYNSEO - Aplica\u00e7\u00f5es educativas e jogos de mem\u00f3ria\",\"isPartOf\":{\"@id\":\"https:\\\/\\\/www.dynseo.com\\\/pt-pt\\\/#website\"},\"primaryImageOfPage\":{\"@id\":\"https:\\\/\\\/www.dynseo.com\\\/pt-pt\\\/compreender-as-emocoes-em-uma-pessoa-autista\\\/#primaryimage\"},\"image\":{\"@id\":\"https:\\\/\\\/www.dynseo.com\\\/pt-pt\\\/compreender-as-emocoes-em-uma-pessoa-autista\\\/#primaryimage\"},\"thumbnailUrl\":\"https:\\\/\\\/www.dynseo.com\\\/wp-content\\\/uploads\\\/2024\\\/03\\\/AGENCE-Articles-seo-digital-creation-sites-web-1-1.png\",\"datePublished\":\"2024-07-10T07:44:51+00:00\",\"dateModified\":\"2026-04-28T07:24:34+00:00\",\"breadcrumb\":{\"@id\":\"https:\\\/\\\/www.dynseo.com\\\/pt-pt\\\/compreender-as-emocoes-em-uma-pessoa-autista\\\/#breadcrumb\"},\"inLanguage\":\"pt-PT\",\"potentialAction\":[{\"@type\":\"ReadAction\",\"target\":[\"https:\\\/\\\/www.dynseo.com\\\/pt-pt\\\/compreender-as-emocoes-em-uma-pessoa-autista\\\/\"]}]},{\"@type\":\"ImageObject\",\"inLanguage\":\"pt-PT\",\"@id\":\"https:\\\/\\\/www.dynseo.com\\\/pt-pt\\\/compreender-as-emocoes-em-uma-pessoa-autista\\\/#primaryimage\",\"url\":\"https:\\\/\\\/www.dynseo.com\\\/wp-content\\\/uploads\\\/2024\\\/03\\\/AGENCE-Articles-seo-digital-creation-sites-web-1-1.png\",\"contentUrl\":\"https:\\\/\\\/www.dynseo.com\\\/wp-content\\\/uploads\\\/2024\\\/03\\\/AGENCE-Articles-seo-digital-creation-sites-web-1-1.png\",\"width\":2000,\"height\":1500,\"caption\":\"Aprendizagem l\u00fadica para um desenvolvimento saud\u00e1vel\"},{\"@type\":\"BreadcrumbList\",\"@id\":\"https:\\\/\\\/www.dynseo.com\\\/pt-pt\\\/compreender-as-emocoes-em-uma-pessoa-autista\\\/#breadcrumb\",\"itemListElement\":[{\"@type\":\"ListItem\",\"position\":1,\"name\":\"Accueil\",\"item\":\"https:\\\/\\\/www.dynseo.com\\\/pt-pt\\\/\"},{\"@type\":\"ListItem\",\"position\":2,\"name\":\"Compreender as emo\u00e7\u00f5es em uma pessoa autista\"}]},{\"@type\":\"WebSite\",\"@id\":\"https:\\\/\\\/www.dynseo.com\\\/pt-pt\\\/#website\",\"url\":\"https:\\\/\\\/www.dynseo.com\\\/pt-pt\\\/\",\"name\":\"Jeux de m\u00e9moire et stimulation cognitive\",\"description\":\"Entra\u00eenez votre m\u00e9moire et votre cerveau avec DYNSEO\",\"publisher\":{\"@id\":\"https:\\\/\\\/www.dynseo.com\\\/pt-pt\\\/#organization\"},\"potentialAction\":[{\"@type\":\"SearchAction\",\"target\":{\"@type\":\"EntryPoint\",\"urlTemplate\":\"https:\\\/\\\/www.dynseo.com\\\/pt-pt\\\/?s={search_term_string}\"},\"query-input\":{\"@type\":\"PropertyValueSpecification\",\"valueRequired\":true,\"valueName\":\"search_term_string\"}}],\"inLanguage\":\"pt-PT\"},{\"@type\":\"Organization\",\"@id\":\"https:\\\/\\\/www.dynseo.com\\\/pt-pt\\\/#organization\",\"name\":\"DYNSEO\",\"url\":\"https:\\\/\\\/www.dynseo.com\\\/pt-pt\\\/\",\"logo\":{\"@type\":\"ImageObject\",\"inLanguage\":\"pt-PT\",\"@id\":\"https:\\\/\\\/www.dynseo.com\\\/pt-pt\\\/#\\\/schema\\\/logo\\\/image\\\/\",\"url\":\"https:\\\/\\\/www.dynseo.com\\\/wp-content\\\/uploads\\\/2022\\\/05\\\/logo-dynseo-new.png\",\"contentUrl\":\"https:\\\/\\\/www.dynseo.com\\\/wp-content\\\/uploads\\\/2022\\\/05\\\/logo-dynseo-new.png\",\"width\":5073,\"height\":1397,\"caption\":\"DYNSEO\"},\"image\":{\"@id\":\"https:\\\/\\\/www.dynseo.com\\\/pt-pt\\\/#\\\/schema\\\/logo\\\/image\\\/\"}},{\"@type\":\"Person\",\"@id\":\"https:\\\/\\\/www.dynseo.com\\\/pt-pt\\\/#\\\/schema\\\/person\\\/78ef63df2ee64e0989bc68f8401b38d6\",\"name\":\"DYNSEO\",\"url\":\"https:\\\/\\\/www.dynseo.com\\\/pt-pt\\\/author\\\/justine\\\/\"}]}<\/script>\n<!-- \/ Yoast SEO plugin. -->","yoast_head_json":{"title":"Compreender as emo\u00e7\u00f5es em uma pessoa autista - DYNSEO - Aplica\u00e7\u00f5es educativas e jogos de mem\u00f3ria","robots":{"index":"index","follow":"follow","max-snippet":"max-snippet:-1","max-image-preview":"max-image-preview:large","max-video-preview":"max-video-preview:-1"},"canonical":"https:\/\/www.dynseo.com\/pt-pt\/compreender-as-emocoes-em-uma-pessoa-autista\/","og_locale":"pt_PT","og_type":"article","og_title":"Compreender as emo\u00e7\u00f5es em uma pessoa autista - DYNSEO - Aplica\u00e7\u00f5es educativas e jogos de mem\u00f3ria","og_url":"https:\/\/www.dynseo.com\/pt-pt\/compreender-as-emocoes-em-uma-pessoa-autista\/","og_site_name":"DYNSEO - Aplica\u00e7\u00f5es educativas e jogos de mem\u00f3ria","article_published_time":"2024-07-10T07:44:51+00:00","article_modified_time":"2026-04-28T07:24:34+00:00","og_image":[{"width":1024,"height":768,"url":"https:\/\/www.dynseo.com\/wp-content\/uploads\/2024\/03\/AGENCE-Articles-seo-digital-creation-sites-web-1-1-1024x768.png","type":"image\/png"}],"author":"DYNSEO","twitter_misc":{"Escrito por":"DYNSEO","Tempo estimado de leitura":"15 minutos"},"schema":{"@context":"https:\/\/schema.org","@graph":[{"@type":"Article","@id":"https:\/\/www.dynseo.com\/pt-pt\/compreender-as-emocoes-em-uma-pessoa-autista\/#article","isPartOf":{"@id":"https:\/\/www.dynseo.com\/pt-pt\/compreender-as-emocoes-em-uma-pessoa-autista\/"},"author":{"name":"DYNSEO","@id":"https:\/\/www.dynseo.com\/pt-pt\/#\/schema\/person\/78ef63df2ee64e0989bc68f8401b38d6"},"headline":"Compreender as emo\u00e7\u00f5es em uma pessoa autista","datePublished":"2024-07-10T07:44:51+00:00","dateModified":"2026-04-28T07:24:34+00:00","mainEntityOfPage":{"@id":"https:\/\/www.dynseo.com\/pt-pt\/compreender-as-emocoes-em-uma-pessoa-autista\/"},"wordCount":3800,"publisher":{"@id":"https:\/\/www.dynseo.com\/pt-pt\/#organization"},"image":{"@id":"https:\/\/www.dynseo.com\/pt-pt\/compreender-as-emocoes-em-uma-pessoa-autista\/#primaryimage"},"thumbnailUrl":"https:\/\/www.dynseo.com\/wp-content\/uploads\/2024\/03\/AGENCE-Articles-seo-digital-creation-sites-web-1-1.png","keywords":["Autisme adulte","Autisme adulte","Autisme adulte"],"articleSection":["Les conseils des coachs","Tout sur l'Autisme"],"inLanguage":"pt-PT"},{"@type":"WebPage","@id":"https:\/\/www.dynseo.com\/pt-pt\/compreender-as-emocoes-em-uma-pessoa-autista\/","url":"https:\/\/www.dynseo.com\/pt-pt\/compreender-as-emocoes-em-uma-pessoa-autista\/","name":"Compreender as emo\u00e7\u00f5es em uma pessoa autista - DYNSEO - Aplica\u00e7\u00f5es educativas e jogos de mem\u00f3ria","isPartOf":{"@id":"https:\/\/www.dynseo.com\/pt-pt\/#website"},"primaryImageOfPage":{"@id":"https:\/\/www.dynseo.com\/pt-pt\/compreender-as-emocoes-em-uma-pessoa-autista\/#primaryimage"},"image":{"@id":"https:\/\/www.dynseo.com\/pt-pt\/compreender-as-emocoes-em-uma-pessoa-autista\/#primaryimage"},"thumbnailUrl":"https:\/\/www.dynseo.com\/wp-content\/uploads\/2024\/03\/AGENCE-Articles-seo-digital-creation-sites-web-1-1.png","datePublished":"2024-07-10T07:44:51+00:00","dateModified":"2026-04-28T07:24:34+00:00","breadcrumb":{"@id":"https:\/\/www.dynseo.com\/pt-pt\/compreender-as-emocoes-em-uma-pessoa-autista\/#breadcrumb"},"inLanguage":"pt-PT","potentialAction":[{"@type":"ReadAction","target":["https:\/\/www.dynseo.com\/pt-pt\/compreender-as-emocoes-em-uma-pessoa-autista\/"]}]},{"@type":"ImageObject","inLanguage":"pt-PT","@id":"https:\/\/www.dynseo.com\/pt-pt\/compreender-as-emocoes-em-uma-pessoa-autista\/#primaryimage","url":"https:\/\/www.dynseo.com\/wp-content\/uploads\/2024\/03\/AGENCE-Articles-seo-digital-creation-sites-web-1-1.png","contentUrl":"https:\/\/www.dynseo.com\/wp-content\/uploads\/2024\/03\/AGENCE-Articles-seo-digital-creation-sites-web-1-1.png","width":2000,"height":1500,"caption":"Aprendizagem l\u00fadica para um desenvolvimento saud\u00e1vel"},{"@type":"BreadcrumbList","@id":"https:\/\/www.dynseo.com\/pt-pt\/compreender-as-emocoes-em-uma-pessoa-autista\/#breadcrumb","itemListElement":[{"@type":"ListItem","position":1,"name":"Accueil","item":"https:\/\/www.dynseo.com\/pt-pt\/"},{"@type":"ListItem","position":2,"name":"Compreender as emo\u00e7\u00f5es em uma pessoa autista"}]},{"@type":"WebSite","@id":"https:\/\/www.dynseo.com\/pt-pt\/#website","url":"https:\/\/www.dynseo.com\/pt-pt\/","name":"Jeux de m\u00e9moire et stimulation cognitive","description":"Entra\u00eenez votre m\u00e9moire et votre cerveau avec DYNSEO","publisher":{"@id":"https:\/\/www.dynseo.com\/pt-pt\/#organization"},"potentialAction":[{"@type":"SearchAction","target":{"@type":"EntryPoint","urlTemplate":"https:\/\/www.dynseo.com\/pt-pt\/?s={search_term_string}"},"query-input":{"@type":"PropertyValueSpecification","valueRequired":true,"valueName":"search_term_string"}}],"inLanguage":"pt-PT"},{"@type":"Organization","@id":"https:\/\/www.dynseo.com\/pt-pt\/#organization","name":"DYNSEO","url":"https:\/\/www.dynseo.com\/pt-pt\/","logo":{"@type":"ImageObject","inLanguage":"pt-PT","@id":"https:\/\/www.dynseo.com\/pt-pt\/#\/schema\/logo\/image\/","url":"https:\/\/www.dynseo.com\/wp-content\/uploads\/2022\/05\/logo-dynseo-new.png","contentUrl":"https:\/\/www.dynseo.com\/wp-content\/uploads\/2022\/05\/logo-dynseo-new.png","width":5073,"height":1397,"caption":"DYNSEO"},"image":{"@id":"https:\/\/www.dynseo.com\/pt-pt\/#\/schema\/logo\/image\/"}},{"@type":"Person","@id":"https:\/\/www.dynseo.com\/pt-pt\/#\/schema\/person\/78ef63df2ee64e0989bc68f8401b38d6","name":"DYNSEO","url":"https:\/\/www.dynseo.com\/pt-pt\/author\/justine\/"}]}},"_links":{"self":[{"href":"https:\/\/www.dynseo.com\/pt-pt\/wp-json\/wp\/v2\/posts\/130838","targetHints":{"allow":["GET"]}}],"collection":[{"href":"https:\/\/www.dynseo.com\/pt-pt\/wp-json\/wp\/v2\/posts"}],"about":[{"href":"https:\/\/www.dynseo.com\/pt-pt\/wp-json\/wp\/v2\/types\/post"}],"author":[{"embeddable":true,"href":"https:\/\/www.dynseo.com\/pt-pt\/wp-json\/wp\/v2\/users\/4"}],"replies":[{"embeddable":true,"href":"https:\/\/www.dynseo.com\/pt-pt\/wp-json\/wp\/v2\/comments?post=130838"}],"version-history":[{"count":19,"href":"https:\/\/www.dynseo.com\/pt-pt\/wp-json\/wp\/v2\/posts\/130838\/revisions"}],"predecessor-version":[{"id":567370,"href":"https:\/\/www.dynseo.com\/pt-pt\/wp-json\/wp\/v2\/posts\/130838\/revisions\/567370"}],"wp:featuredmedia":[{"embeddable":true,"href":"https:\/\/www.dynseo.com\/pt-pt\/wp-json\/wp\/v2\/media\/135387"}],"wp:attachment":[{"href":"https:\/\/www.dynseo.com\/pt-pt\/wp-json\/wp\/v2\/media?parent=130838"}],"wp:term":[{"taxonomy":"category","embeddable":true,"href":"https:\/\/www.dynseo.com\/pt-pt\/wp-json\/wp\/v2\/categories?post=130838"},{"taxonomy":"post_tag","embeddable":true,"href":"https:\/\/www.dynseo.com\/pt-pt\/wp-json\/wp\/v2\/tags?post=130838"}],"curies":[{"name":"wp","href":"https:\/\/api.w.org\/{rel}","templated":true}]}}