{"id":132269,"date":"2024-09-20T10:55:55","date_gmt":"2024-09-20T08:55:55","guid":{"rendered":"https:\/\/www.dynseo.com\/gerir-os-disturbios-do-sono-associados-a-doenca-de-parkinson\/"},"modified":"2025-12-26T19:54:00","modified_gmt":"2025-12-26T18:54:00","slug":"gerir-os-disturbios-do-sono-associados-a-doenca-de-parkinson","status":"publish","type":"post","link":"https:\/\/www.dynseo.com\/pt-pt\/gerir-os-disturbios-do-sono-associados-a-doenca-de-parkinson\/","title":{"rendered":"Gerir os dist\u00farbios do sono associados \u00e0 doen\u00e7a de Parkinson"},"content":{"rendered":"<p>[et_pb_section fb_built=&#8221;1&#8243; admin_label=&#8221;Article HTML&#8221; _builder_version=&#8221;4.16&#8243;][et_pb_row admin_label=&#8221;Contenu&#8221; _builder_version=&#8221;4.16&#8243;][et_pb_column type=&#8221;4_4&#8243; _builder_version=&#8221;4.16&#8243;][et_pb_code admin_label=&#8221;HTML import\u00e9&#8221; _builder_version=&#8221;4.16&#8243;]<link href=\"https:\/\/fonts.googleapis.com\/css2?family=Montserrat:wght@400;500;600;700;800&#038;display=swap\" rel=\"stylesheet\">\n<style>\n.dynseo-article{font-family:'Montserrat',-apple-system,BlinkMacSystemFont,'Segoe UI',Roboto,sans-serif;line-height:1.8;color:#2c3e50;max-width:100%}\n.dynseo-article h2{font-family:'Montserrat',sans-serif;font-size:1.8rem;color:#1a1a2e;margin:50px 0 25px;padding-bottom:12px;border-bottom:3px solid #a9e2e4;font-weight:700;transition:all .3s ease}\n.dynseo-article h2:hover{padding-left:10px;border-bottom-color:#e73469}\n.dynseo-article h3{font-family:'Montserrat',sans-serif;font-size:1.3rem;color:#5e5ed7;margin:35px 0 18px;font-weight:600;transition:all .3s ease}\n.dynseo-article h3:hover{color:#e73469}\n.dynseo-article p{margin-bottom:18px;font-size:1.05rem;text-align:justify}\n.dynseo-article img{max-width:100%;height:auto;border-radius:16px;margin:25px 0;box-shadow:0 8px 30px rgba(0,0,0,0.1);transition:all .4s ease}\n.dynseo-article img:hover{transform:scale(1.02);box-shadow:0 15px 50px rgba(0,0,0,0.15)}\n.dynseo-intro{font-size:1.15rem;color:#64748b;border-left:4px solid #a9e2e4;padding-left:25px;margin:35px 0;font-style:italic;background:linear-gradient(90deg,rgba(169,226,228,0.1),transparent);padding:20px 25px;border-radius:0 12px 12px 0;transition:all .3s ease}\n.dynseo-intro:hover{border-left-width:6px;background:linear-gradient(90deg,rgba(169,226,228,0.15),transparent)}\n.dynseo-toc{background:linear-gradient(135deg,#f8fafc 0%,#fff 100%);border-radius:20px;padding:35px;margin:40px 0;border:2px solid #e5e7eb;box-shadow:0 4px 20px rgba(0,0,0,0.05);transition:all .3s ease}\n.dynseo-toc:hover{box-shadow:0 8px 35px rgba(0,0,0,0.08);transform:translateY(-2px)}\n.dynseo-toc .toc-title{font-family:'Montserrat',sans-serif;font-size:1.4rem;margin-bottom:25px;color:#1a1a2e;font-weight:700}\n.dynseo-toc ol{list-style:none;padding:0;margin:0;display:grid;grid-template-columns:repeat(2,1fr);gap:12px}\n.dynseo-toc li{background:#fff;border-radius:12px;padding:14px 18px;border:2px solid #f1f5f9;transition:all .3s ease;border-left:4px solid #ffeca7}\n.dynseo-toc li:hover{background:linear-gradient(135deg,#f8fafc,#fff);transform:translateX(8px);box-shadow:0 6px 20px rgba(0,0,0,0.1);border-left-width:6px}\n.dynseo-toc a{color:#1a1a2e;text-decoration:none;font-size:.95rem;font-weight:500;transition:color .3s}\n.dynseo-toc a:hover{color:#5e5ed7}\n.dynseo-article .styled-list,.dynseo-article ul{margin:20px 0 30px;padding:0;list-style:none}\n.dynseo-article .styled-list li,.dynseo-article ul li{position:relative;padding-left:28px;margin-bottom:14px;line-height:1.7;transition:all .3s ease}\n.dynseo-article .styled-list li:hover,.dynseo-article ul li:hover{padding-left:32px}\n.dynseo-article .styled-list li::before,.dynseo-article ul li::before{content:\"\";position:absolute;left:0;top:8px;width:10px;height:10px;background:#e73469;border-radius:50%;box-shadow:0 2px 8px rgba(231,52,105,0.3);transition:all .3s ease}\n.dynseo-article .styled-list li:hover::before,.dynseo-article ul li:hover::before{transform:scale(1.3);box-shadow:0 4px 12px rgba(231,52,105,0.4)}\n.dynseo-article blockquote{background:linear-gradient(135deg,#fff9f0 0%,#fff5eb 100%);border-left:4px solid #ffeca7;border-radius:0 16px 16px 0;padding:28px 32px;margin:35px 0;position:relative;box-shadow:0 4px 20px rgba(255,236,167,0.3);transition:all .3s ease}\n.dynseo-article blockquote:hover{transform:translateX(5px);box-shadow:0 8px 30px rgba(255,236,167,0.4);border-left-width:6px}\n.dynseo-article blockquote::before{content:\"\u275d\";font-size:3rem;color:#ffeca7;opacity:.4;position:absolute;top:10px;left:15px}\n.dynseo-article blockquote p{font-style:italic;margin-bottom:12px;padding-left:30px}\n.dynseo-article blockquote cite{display:block;font-style:normal;font-weight:600;color:#1a1a2e;padding-left:30px}\n.section-divider{text-align:center;margin:60px 0;font-size:1.8rem;letter-spacing:18px;background:linear-gradient(135deg,#ffeca7,#e73469,#a9e2e4);-webkit-background-clip:text;-webkit-text-fill-color:transparent;background-clip:text}\n.dynseo-tip-box{background:linear-gradient(135deg,#ecfdf5 0%,#d1fae5 100%);border:2px solid #a9e2e4;border-radius:16px;padding:25px 30px;margin:35px 0;position:relative;box-shadow:0 4px 20px rgba(169,226,228,0.3);transition:all .3s ease}\n.dynseo-tip-box:hover{transform:translateY(-3px);box-shadow:0 8px 30px rgba(169,226,228,0.4)}\n.dynseo-tip-box-title{font-family:'Montserrat',sans-serif;font-size:1.15rem;font-weight:700;color:#1a1a2e;margin-bottom:12px;display:flex;align-items:center;gap:10px}\n.dynseo-tip-box-title::before{content:\"\ud83d\udca1\";font-size:1.3rem}\n.dynseo-tip-box p{margin:0;color:#2c3e50}\n.dynseo-feature-grid{display:grid;grid-template-columns:repeat(3,1fr);gap:20px;margin:35px 0}\n.dynseo-feature-card{background:#fff;border-radius:20px;padding:30px 25px;text-align:center;border:2px solid #f1f5f9;transition:all .4s ease;position:relative;overflow:hidden}\n.dynseo-feature-card::before{content:\"\";position:absolute;top:0;left:0;right:0;height:4px;background:linear-gradient(90deg,#ffeca7,#e73469);transform:scaleX(0);transition:transform .3s ease}\n.dynseo-feature-card:hover::before{transform:scaleX(1)}\n.dynseo-feature-card:nth-child(3n+1){border-color:rgba(255,236,167,0.5)}\n.dynseo-feature-card:nth-child(3n+2){border-color:rgba(231,52,105,0.3)}\n.dynseo-feature-card:nth-child(3n+3){border-color:rgba(169,226,228,0.5)}\n.dynseo-feature-card:hover{transform:translateY(-8px);box-shadow:0 20px 50px rgba(0,0,0,0.12)}\n.dynseo-feature-card h4{font-family:'Montserrat',sans-serif;color:#1a1a2e;margin-bottom:10px;font-size:1.1rem;font-weight:600}\n.dynseo-feature-card p{font-size:.95rem;color:#64748b;margin:0}\n.dynseo-highlight-box{background:linear-gradient(135deg,#fef3c7 0%,#fde68a 100%);border:2px solid #ffeca7;border-radius:16px;padding:25px 30px;margin:30px 0;transition:all .3s ease}\n.dynseo-highlight-box:hover{transform:translateY(-3px);box-shadow:0 8px 30px rgba(255,236,167,0.4)}\n.dynseo-highlight-box h4{font-family:'Montserrat',sans-serif;color:#1a1a2e;margin:0 0 12px 0;font-size:1.1rem}\n.dynseo-highlight-box p{margin:0;color:#2c3e50}\n@media(max-width:768px){.dynseo-article h2{font-size:1.5rem}.dynseo-toc ol{grid-template-columns:1fr}.dynseo-feature-grid{grid-template-columns:1fr}}\n<\/style>\n<div class=\"dynseo-article\">\n<div class=\"dynseo-intro\">A doen\u00e7a de Parkinson (DP) \u00e9 uma doen\u00e7a neurol\u00f3gica complexa caracterizada pela perda progressiva de neur\u00f3nios dopamin\u00e9rgicos no c\u00e9rebro, que conduz a uma s\u00e9rie de sintomas motores e n\u00e3o motores.<br \/>\nEmbora o tremor, a rigidez e a bradicinesia sejam carater\u00edsticas distintivas, os sintomas n\u00e3o motores, como as perturba\u00e7\u00f5es do sono, t\u00eam um impacto significativo na qualidade de vida dos doentes. <\/p>\n<p>As perturba\u00e7\u00f5es do sono na DP s\u00e3o omnipresentes e multifacetadas, manifestando-se frequentemente sob a forma de ins\u00f3nia, s\u00edndrome das pernas inquietas (SPI), sonol\u00eancia diurna excessiva (SDE), perturba\u00e7\u00f5es do comportamento do sono de movimento r\u00e1pido dos olhos (REM) e perturba\u00e7\u00f5es respirat\u00f3rias relacionadas com o sono.<br \/>\nEstas perturba\u00e7\u00f5es n\u00e3o s\u00f3 exacerbam os sintomas motores, como tamb\u00e9m contribuem para o d\u00e9fice cognitivo, a depress\u00e3o e o decl\u00ednio funcional geral. <\/p>\n<p>A gest\u00e3o dos dist\u00farbios do sono associados \u00e0 DP requer uma abordagem abrangente que trate tanto os sintomas motores como os n\u00e3o motores.<br \/>\nAs estrat\u00e9gias de tratamento podem incluir farmacoterapia, interven\u00e7\u00f5es comportamentais, regimes de exerc\u00edcio e pr\u00e1ticas de higiene do sono adaptadas \u00e0s necessidades individuais.<br \/>\nAo compreender a complexa intera\u00e7\u00e3o entre a DP e os dist\u00farbios do sono, os profissionais de sa\u00fade podem otimizar melhor os resultados do tratamento e melhorar o bem-estar geral dos doentes que vivem com esta doen\u00e7a dif\u00edcil.<\/p><\/div>\n<nav class=\"dynseo-toc\">\n<div class=\"toc-title\">\ud83d\udccb Sommaire<\/div>\n<ol>\n<li style=\"border-left:4px solid #ffeca7\"><a href=\"#section-1\">Compreender a doen\u00e7a de Parkinson<\/a><\/li>\n<li style=\"border-left:4px solid #e73469\"><a href=\"#section-2\">Tipos de perturba\u00e7\u00f5es do sono na doen\u00e7a de Parkinson<\/a><\/li>\n<li style=\"border-left:4px solid #a9e2e4\"><a href=\"#section-3\">Diagn\u00f3stico dos dist\u00farbios do sono na doen\u00e7a de Parkinson<\/a><\/li>\n<li style=\"border-left:4px solid #5e5ed7\"><a href=\"#section-4\">Abordagens terap\u00eauticas<\/a><\/li>\n<li style=\"border-left:4px solid #5268c9\"><a href=\"#section-5\">Altera\u00e7\u00f5es do estilo de vida e higiene do sono<\/a><\/li>\n<li style=\"border-left:4px solid #ffeca7\"><a href=\"#section-6\">Papel e apoio do prestador de cuidados<\/a><\/li>\n<li style=\"border-left:4px solid #e73469\"><a href=\"#section-7\">Terapias e investiga\u00e7\u00e3o emergentes<\/a><\/li>\n<li style=\"border-left:4px solid #a9e2e4\"><a href=\"#section-8\">Desafios e direc\u00e7\u00f5es futuras<\/a><\/li>\n<li style=\"border-left:4px solid #5e5ed7\"><a href=\"#section-9\"><\/a><\/li>\n<li style=\"border-left:4px solid #5268c9\"><a href=\"#section-10\">E PARA MAIS INFORMA\u00c7\u00d5ES<\/a><\/li>\n<\/ol>\n<\/nav>\n<section class=\"dynseo-section\">\n<h2 id=\"section-1\">Compreender a doen\u00e7a de Parkinson<\/h2>\n<p><span style=\"font-weight: 400\">A doen\u00e7a de Parkinson (DP) resulta da degenera\u00e7\u00e3o progressiva dos neur\u00f3nios dopamin\u00e9rgicos na regi\u00e3o substancial do c\u00e9rebro, levando a um d\u00e9fice na produ\u00e7\u00e3o de dopamina.<br \/>\nEsta defici\u00eancia do neurotransmissor perturba o complexo equil\u00edbrio do controlo motor, conduzindo a sintomas carater\u00edsticos como tremor, rigidez e bradicinesia.<br \/>\nNo entanto, para al\u00e9m das manifesta\u00e7\u00f5es motoras, a doen\u00e7a de Parkinson tamb\u00e9m afecta profundamente os mecanismos neurol\u00f3gicos que regulam o sono.<br \/>\nO processo degenerativo estende-se para al\u00e9m da subst\u00e2ncia negra e afecta outras regi\u00f5es cerebrais cruciais para a regula\u00e7\u00e3o do sono, como o hipot\u00e1lamo e o tronco cerebral.<br \/>\nComo resultado, as pessoas com DP sofrem frequentemente de uma mir\u00edade de perturba\u00e7\u00f5es do sono, incluindo ins\u00f3nia, perturba\u00e7\u00e3o do comportamento do sono REM (RLS) e s\u00edndrome das pernas inquietas (RLS).      <\/span><\/p>\n<p><span style=\"font-weight: 400\">Compreender a complexa intera\u00e7\u00e3o entre a fisiopatologia da doen\u00e7a de Parkinson e o seu impacto neurol\u00f3gico no sono \u00e9 essencial para desenvolver estrat\u00e9gias de gest\u00e3o eficazes destinadas a melhorar a qualidade de vida dos doentes com esta doen\u00e7a dif\u00edcil.<\/span><\/section>\n<section class=\"dynseo-section\">\n<h2 id=\"section-2\">Tipos de perturba\u00e7\u00f5es do sono na doen\u00e7a de Parkinson<\/h2>\n<div class=\"flex-1 overflow-hidden\">\n<div class=\"react-scroll-to-bottom--css-egvji-79elbk h-full\">\n<div class=\"react-scroll-to-bottom--css-egvji-1n7m0yu\">\n<div class=\"flex flex-col text-sm pb-9\">\n<div class=\"w-full text-token-text-primary\" data-testid=\"conversation-turn-3\">\n<div class=\"px-4 py-2 justify-center text-base md:gap-6 m-auto\">\n<div class=\"flex flex-1 text-base mx-auto gap-3 md:px-5 lg:px-1 xl:px-5 md:max-w-3xl lg:max-w-[40rem] xl:max-w-[48rem] group final-completion\">\n<div class=\"relative flex w-full flex-col agent-turn\">\n<div class=\"flex-col gap-1 md:gap-3\">\n<div class=\"flex flex-grow flex-col max-w-full\">\n<div class=\"min-h-[20px] text-message flex flex-col items-start gap-3 whitespace-pre-wrap break-words [.text-message+&amp;]:mt-5 overflow-x-auto\" data-message-author-role=\"assistant\" data-message-id=\"0bcd2bd9-458f-4b3a-befd-90dcba145fec\">\n<div class=\"markdown prose w-full break-words dark:prose-invert light\">  Compreender a variedade e a complexidade das perturba\u00e7\u00f5es do sono associadas \u00e0 doen\u00e7a de Parkinson (DP) \u00e9 essencial para uma compreens\u00e3o mais profunda destes problemas.<br \/>\nEstes dist\u00farbios n\u00e3o afectam apenas o descanso noturno; t\u00eam tamb\u00e9m um impacto significativo na qualidade de vida geral e na funcionalidade di\u00e1ria das pessoas com DP.<br \/>\nVamos analisar alguns dos problemas de sono mais comuns com que se deparam as pessoas com Parkinson, analisando-os mais detalhadamente atrav\u00e9s de exemplos e ideias:    <\/p>\n<ul class=\"styled-list\">\n<li><strong>Ins\u00f3nia<\/strong>: N\u00e3o se trata apenas de dificuldade em adormecer, mas de um problema multifacetado.<br \/>\nMuitas pessoas com Parkinson reviram-se, tentando sentir-se confort\u00e1veis apesar dos tremores ou da rigidez.<br \/>\nImagina que te deitas para descansar, mas os movimentos involunt\u00e1rios do corpo ou a ansiedade sobre os desafios do dia seguinte te mant\u00eam acordado.<br \/>\nOs medicamentos para controlar os sintomas da DP tamb\u00e9m podem ter um papel importante, tornando por vezes mais dif\u00edcil adormecer durante a noite.<br \/>\nAl\u00e9m disso, as ins\u00f3nias podem ser agravadas por outras doen\u00e7as, como a depress\u00e3o ou a ansiedade, que s\u00e3o mais comuns em pessoas com doen\u00e7a de Parkinson do que possas pensar<strong>:<\/strong>    <\/p>\n<ul class=\"styled-list\">\n<li>John, que tem a doen\u00e7a de Parkinson, tem dificuldade em adormecer porque se preocupa com a sua mobilidade de manh\u00e3.<\/li>\n<li>Mary, que tamb\u00e9m sofre da doen\u00e7a de Parkinson, acorda frequentemente durante a noite porque a sua medica\u00e7\u00e3o j\u00e1 n\u00e3o est\u00e1 a fazer efeito, o que resulta numa rigidez desconfort\u00e1vel.<\/li>\n<\/ul>\n<\/li>\n<li><strong>Perturba\u00e7\u00e3o comportamental do sono REM (RBD)<\/strong>: Esta perturba\u00e7\u00e3o pode transformar os sonhos em ac\u00e7\u00f5es f\u00edsicas.<br \/>\nPara uma pessoa com RBD, a barreira entre o mundo dos sonhos e a realidade torna-se t\u00e9nue, fazendo com que se mexa, fale, at\u00e9 grite e bata enquanto dorme.<br \/>\nEstes epis\u00f3dios podem ser angustiantes tanto para a pessoa com Parkinson como para o seu parceiro de cama.<br \/>\nImagina um sonho em que est\u00e1s a correr ou a lutar: n\u00e3o s\u00f3 te perturba, como tamb\u00e9m te podes magoar<strong>:<\/strong>   <\/p>\n<ul class=\"styled-list\">\n<li>Tom, diagnosticado com DP e RBD, d\u00e1 frequentemente pontap\u00e9s e socos durante o sono, defendendo-se nos seus sonhos mais v\u00edvidos.<\/li>\n<li>O marido de Sarah, que sofre de RBD, fala e grita frequentemente durante o sono, contando sonhos dram\u00e1ticos que representa.<\/li>\n<\/ul>\n<\/li>\n<li><strong>Sonol\u00eancia diurna excessiva (SDE)<\/strong>: n\u00e3o se trata apenas de uma sensa\u00e7\u00e3o de cansa\u00e7o.<br \/>\nA SDE na DP \u00e9 uma sonol\u00eancia profunda que pode ocorrer a qualquer altura, mesmo depois de uma noite inteira de sono.<br \/>\nPode ser perigosa, aumentando o risco de quedas ou acidentes durante o dia.<br \/>\nImagina o desafio de planeares o teu dia sem saberes quando \u00e9 que, de repente, te vais sentir sonolento, incapaz de resistir \u00e0 vontade de dormir uma sesta<strong>.Exemplos:<\/strong>   <\/p>\n<ul class=\"styled-list\">\n<li>Alex tem dificuldade em manter-se acordado durante o dia e precisa frequentemente de v\u00e1rias sestas, embora durma bem \u00e0 noite.<\/li>\n<li>Janet teve de deixar de conduzir porque se preocupa com a possibilidade de adormecer ao volante, uma preocupa\u00e7\u00e3o comum \u00e0s pessoas com SDE relacionada com a DP.<\/li>\n<\/ul>\n<\/li>\n<\/ul>\n<p>  Cada uma destas perturba\u00e7\u00f5es do sono apresenta os seus pr\u00f3prios desafios, o que torna crucial a ado\u00e7\u00e3o de estrat\u00e9gias de gest\u00e3o personalizadas.<br \/>\nQuer se trate de ajustar a medica\u00e7\u00e3o, de praticar uma boa higiene do sono ou de utilizar dispositivos m\u00e9dicos para melhorar a qualidade do sono, o objetivo \u00e9 melhorar a qualidade de vida das pessoas com DP.<br \/>\nOs mecanismos de controlo, os grupos de apoio e as interven\u00e7\u00f5es m\u00e9dicas podem proporcionar al\u00edvio e esperan\u00e7a, mostrando que, embora as perturba\u00e7\u00f5es do sono na DP sejam complexas, n\u00e3o s\u00e3o insuper\u00e1veis.    <\/p><\/div>\n<p>&nbsp;<\/p>\n<\/div>\n<\/div>\n<\/div>\n<\/div>\n<\/div>\n<\/div>\n<div class=\"flex flex-col text-sm pb-9\"><span style=\"color: #333333;font-size: 26px\">Impacto dos dist\u00farbios do sono em doentes com doen\u00e7a de Parkinson<\/span><\/div>\n<\/div>\n<\/div>\n<\/div>\n<p><span style=\"font-weight: 400\">As perturba\u00e7\u00f5es do sono t\u00eam um impacto profundo nas pessoas com doen\u00e7a de Parkinson (DP), influenciando significativamente a sua sa\u00fade e bem-estar geral.<br \/>\nOs dist\u00farbios do sono perturbam os padr\u00f5es de sono, conduzindo a um descanso fragmentado e inadequado, o que, por sua vez, contribui para o aumento da fadiga diurna, para a diminui\u00e7\u00e3o da concentra\u00e7\u00e3o e da produtividade.<br \/>\nAl\u00e9m disso, as perturba\u00e7\u00f5es do sono na DP exacerbam frequentemente os sintomas motores existentes, complicando o funcionamento di\u00e1rio e a mobilidade.<br \/>\nCompreender o impacto multifacetado das perturba\u00e7\u00f5es do sono \u00e9 essencial para implementar estrat\u00e9gias de gest\u00e3o hol\u00edsticas que abordem n\u00e3o s\u00f3 os sintomas motores, mas tamb\u00e9m os aspectos n\u00e3o motores da DP e, em \u00faltima an\u00e1lise, melhorem a qualidade de vida dos doentes com esta doen\u00e7a neurol\u00f3gica complexa.   <\/span><\/p>\n<h3><span style=\"font-weight: 400\">Implica\u00e7\u00f5es para a qualidade de vida<\/span><\/h3>\n<p><span style=\"font-weight: 400\">A presen\u00e7a de perturba\u00e7\u00f5es do sono na doen\u00e7a de Parkinson (DP) tem um grande peso na qualidade de vida dos doentes.<br \/>\nOs dist\u00farbios do sono perturbam os ciclos normais de sono-vig\u00edlia, conduzindo a uma priva\u00e7\u00e3o cr\u00f3nica do sono, fadiga diurna e comprometimento do funcionamento das actividades di\u00e1rias.<br \/>\nAs pessoas com doen\u00e7a de Parkinson referem frequentemente uma diminui\u00e7\u00e3o da satisfa\u00e7\u00e3o com a vida em geral, um menor envolvimento social e uma participa\u00e7\u00e3o limitada em actividades de lazer devido a dificuldades relacionadas com o sono.<br \/>\nA resolu\u00e7\u00e3o destes problemas de qualidade de vida requer uma abordagem abrangente que integre interven\u00e7\u00f5es farmacol\u00f3gicas e n\u00e3o farmacol\u00f3gicas para aliviar as perturba\u00e7\u00f5es do sono e melhorar o bem-estar geral.   <\/span><\/p>\n<h3><span style=\"font-weight: 400\">Funcionamento cognitivo<\/span><\/h3>\n<p><span style=\"font-weight: 400\">As perturba\u00e7\u00f5es do sono na doen\u00e7a de Parkinson (DP) t\u00eam efeitos profundos no funcionamento cognitivo.<br \/>\nOs dist\u00farbios cr\u00f3nicos do sono, como a ins\u00f3nia e a perturba\u00e7\u00e3o comportamental do sono REM (RLSBD), est\u00e3o associados a defici\u00eancias cognitivas, incluindo d\u00e9fices de aten\u00e7\u00e3o, mem\u00f3ria e fun\u00e7\u00e3o executiva.<br \/>\nA perturba\u00e7\u00e3o da arquitetura do sono e a redu\u00e7\u00e3o da efici\u00eancia do sono contribuem para o decl\u00ednio cognitivo e podem acelerar a progress\u00e3o do d\u00e9fice cognitivo na doen\u00e7a de Parkinson.<br \/>\nAl\u00e9m disso, as perturba\u00e7\u00f5es do sono complicam ainda mais a gest\u00e3o dos sintomas cognitivos, colocando problemas tanto para os doentes como para os prestadores de cuidados.     <\/span><\/p>\n<p><span style=\"font-weight: 400\">O reconhecimento da rela\u00e7\u00e3o complexa entre o sono e o funcionamento cognitivo \u00e9 essencial para o desenvolvimento de interven\u00e7\u00f5es espec\u00edficas destinadas a preservar a sa\u00fade cognitiva e a otimizar os resultados dos doentes com DP.<\/span><\/p>\n<h3><span style=\"font-weight: 400\">Agravamento dos sintomas motores<\/span><\/h3>\n<p><span style=\"font-weight: 400\">As perturba\u00e7\u00f5es do sono na doen\u00e7a de Parkinson (DP) n\u00e3o s\u00f3 perturbam a arquitetura do sono, como tamb\u00e9m agravam os sintomas motores, colocando problemas significativos aos doentes.<br \/>\nOs dist\u00farbios do sono, como a ins\u00f3nia, a s\u00edndrome das pernas inquietas (SPI) e a perturba\u00e7\u00e3o do comportamento do sono REM (SPSR), conduzem frequentemente a um aumento dos despertares noturnos e \u00e0 fragmenta\u00e7\u00e3o do sono, o que resulta em fadiga diurna e em perturba\u00e7\u00f5es da fun\u00e7\u00e3o motora.<br \/>\nUm sono reparador inadequado pode exacerbar a bradicinesia, a rigidez e o tremor, dificultando as actividades da vida di\u00e1ria das pessoas com doen\u00e7a de Parkinson.    <\/span><\/p>\n<p><span style=\"font-weight: 400\">Al\u00e9m disso, a intera\u00e7\u00e3o entre as perturba\u00e7\u00f5es do sono e os sintomas motores cria um c\u00edrculo vicioso, em que os sintomas motores perturbam o sono e as perturba\u00e7\u00f5es do sono agravam os sintomas motores, comprometendo ainda mais o funcionamento geral e a independ\u00eancia.<br \/>\nReconhecer e tratar o impacto das perturba\u00e7\u00f5es do sono nos sintomas motores \u00e9 essencial para otimizar os resultados do tratamento e melhorar a qualidade de vida dos doentes com DP. <\/span><\/section>\n<div class=\"section-divider\">\u25c6 \u25c6 \u25c6<\/div>\n<section class=\"dynseo-section\">\n<h2 id=\"section-3\">Diagn\u00f3stico dos dist\u00farbios do sono na doen\u00e7a de Parkinson<\/h2>\n<p><span style=\"font-weight: 400\">O diagn\u00f3stico dos dist\u00farbios do sono na doen\u00e7a de Parkinson (DP) requer uma abordagem abrangente que inclua uma avalia\u00e7\u00e3o cl\u00ednica, estudos do sono e ferramentas de rastreio.<br \/>\nA avalia\u00e7\u00e3o cl\u00ednica inclui uma an\u00e1lise exaustiva da hist\u00f3ria cl\u00ednica do doente, incluindo os padr\u00f5es de sono, a utiliza\u00e7\u00e3o de medica\u00e7\u00e3o e as doen\u00e7as com\u00f3rbidas que podem contribuir para os dist\u00farbios do sono.<br \/>\nAl\u00e9m disso, um exame f\u00edsico pode ajudar a identificar sintomas motores e outros factores que afectam a qualidade do sono.<br \/>\nOs estudos do sono, em particular a polissonografia, desempenham um papel crucial na avalia\u00e7\u00e3o objetiva da arquitetura do sono, na identifica\u00e7\u00e3o de anomalias nas fases do sono e na dete\u00e7\u00e3o de perturba\u00e7\u00f5es espec\u00edficas do sono, como a perturba\u00e7\u00e3o comportamental do sono REM (RBD) ou as perturba\u00e7\u00f5es respirat\u00f3rias relacionadas com o sono.     <\/span><\/p>\n<p><span style=\"font-weight: 400\">Estas modalidades de diagn\u00f3stico s\u00e3o complementadas por ferramentas de rastreio e question\u00e1rios concebidos para avaliar a frequ\u00eancia e a gravidade das perturba\u00e7\u00f5es do sono, fornecendo informa\u00e7\u00f5es valiosas sobre as experi\u00eancias subjectivas dos doentes e orientando as decis\u00f5es de tratamento de acordo com as necessidades individuais.<br \/>\nA integra\u00e7\u00e3o destas abordagens de diagn\u00f3stico permite aos profissionais de sa\u00fade identificar e tratar com precis\u00e3o as perturba\u00e7\u00f5es do sono na DP, melhorando, em \u00faltima an\u00e1lise, o bem-estar geral e a qualidade de vida dos doentes. <\/span><\/section>\n<section class=\"dynseo-section\">\n<h2 id=\"section-4\">Abordagens terap\u00eauticas<\/h2>\n<p><span style=\"font-weight: 400\">As abordagens terap\u00eauticas das perturba\u00e7\u00f5es do sono na doen\u00e7a de Parkinson (DP) abrangem uma gama diversificada de op\u00e7\u00f5es destinadas a melhorar a qualidade do sono e a gerir eficazmente os sintomas.<br \/>\nAs interven\u00e7\u00f5es farmacol\u00f3gicas envolvem a utiliza\u00e7\u00e3o de f\u00e1rmacos como agonistas da dopamina, sedativos ou antidepressivos para tratar perturba\u00e7\u00f5es espec\u00edficas do sono, como a ins\u00f3nia, a s\u00edndrome das pernas inquietas (SPI) ou a perturba\u00e7\u00e3o comportamental do sono REM (SPRM).<br \/>\nNo entanto, as interven\u00e7\u00f5es n\u00e3o farmacol\u00f3gicas desempenham um papel crucial nas estrat\u00e9gias globais de gest\u00e3o, incluindo modifica\u00e7\u00f5es do estilo de vida, pr\u00e1ticas de higiene do sono e regimes de atividade f\u00edsica adaptados \u00e0s necessidades individuais.<br \/>\nA terapia cognitivo-comportamental para a ins\u00f3nia (TCC-I) oferece uma abordagem estruturada e baseada na evid\u00eancia para tratar os comportamentos desadaptativos do sono e os processos cognitivos que contribuem para a ins\u00f3nia.     <\/span><\/p>\n<p><span style=\"font-weight: 400\">Al\u00e9m disso, a terapia com luz surgiu como uma interven\u00e7\u00e3o promissora para regular os ritmos circadianos e melhorar os ciclos de sono-vig\u00edlia em doentes com DP.<br \/>\nAo combinarem interven\u00e7\u00f5es farmacol\u00f3gicas e n\u00e3o farmacol\u00f3gicas, os profissionais de sa\u00fade podem otimizar os resultados do tratamento e melhorar o bem-estar geral dos doentes com DP e perturba\u00e7\u00f5es do sono. <\/span><\/section>\n<div class=\"section-divider\">\u25c6 \u25c6 \u25c6<\/div>\n<section class=\"dynseo-section\">\n<h2 id=\"section-5\">Altera\u00e7\u00f5es do estilo de vida e higiene do sono<\/h2>\n<p><span style=\"font-weight: 400\">As modifica\u00e7\u00f5es do estilo de vida e as pr\u00e1ticas de higiene do sono desempenham um papel essencial na gest\u00e3o dos dist\u00farbios do sono nas pessoas com doen\u00e7a de Parkinson (DP).<br \/>\nOs regimes de exerc\u00edcio, adaptados \u00e0s capacidades e prefer\u00eancias do indiv\u00edduo, n\u00e3o s\u00f3 promovem a sa\u00fade f\u00edsica, como tamb\u00e9m ajudam a melhorar a qualidade do sono, reduzindo os sintomas motores, aliviando o stress e melhorando o humor.<br \/>\nAl\u00e9m disso, uma dieta equilibrada, rica em nutrientes e pobre em estimulantes como a cafe\u00edna e o \u00e1lcool, pode promover um sono saud\u00e1vel e o bem-estar geral.    <\/span><\/p>\n<p><span style=\"font-weight: 400\">A otimiza\u00e7\u00e3o do ambiente de sono implica a cria\u00e7\u00e3o de uma atmosfera confort\u00e1vel e prop\u00edcia ao descanso, nomeadamente atrav\u00e9s da regula\u00e7\u00e3o da temperatura ambiente, da minimiza\u00e7\u00e3o da exposi\u00e7\u00e3o ao ru\u00eddo e \u00e0 luz e do estabelecimento de uma rotina consistente na hora de deitar.<br \/>\nAo incorporar estas modifica\u00e7\u00f5es no estilo de vida e ao implementar <a title=\"\" href=\"https:\/\/www.dynseo.com\/pt-pt\/apoio-as-pessoas-que-vivem-com-a-doenca-de-parkinson\/\" target=\"_blank\" rel=\"noopener\">pr\u00e1ticas eficazes de higiene do sono<\/a>, as pessoas com DP podem melhorar a qualidade do seu sono, melhorar o funcionamento durante o dia e gerir melhor os desafios associados \u00e0s perturba\u00e7\u00f5es do sono. <\/span><\/section>\n<section class=\"dynseo-section\">\n<h2 id=\"section-6\">Papel e apoio do prestador de cuidados<\/h2>\n<p><span style=\"font-weight: 400\">O papel do prestador de cuidados no apoio \u00e0s pessoas com doen\u00e7a de Parkinson (DP) vai para al\u00e9m da assist\u00eancia f\u00edsica e inclui o apoio emocional e a compreens\u00e3o.<br \/>\nO esgotamento do prestador de cuidados, um problema comum, deve-se \u00e0s exig\u00eancias constantes da presta\u00e7\u00e3o de cuidados, incluindo a gest\u00e3o da medica\u00e7\u00e3o, a ajuda nas actividades di\u00e1rias e as dificuldades com os dist\u00farbios do sono.<br \/>\nPara compreender o esgotamento do prestador de cuidados, \u00e9 importante reconhecer os sinais de exaust\u00e3o emocional e f\u00edsica, como o aumento do stress, a fadiga e os sentimentos de isolamento.<br \/>\nOs grupos de apoio e os recursos adaptados aos prestadores de cuidados oferecem oportunidades inestim\u00e1veis para partilhar experi\u00eancias, aceder a informa\u00e7\u00f5es e receber apoio emocional de outras pessoas que enfrentam desafios semelhantes.<br \/>\nAl\u00e9m disso, a implementa\u00e7\u00e3o de estrat\u00e9gias de gest\u00e3o do sono para os prestadores de cuidados, incluindo dar prioridade aos cuidados pessoais, estabelecer limites e procurar cuidados tempor\u00e1rios quando necess\u00e1rio, pode atenuar o impacto do stress do prestador de cuidados na qualidade do sono e no bem-estar geral.      <\/span><\/p>\n<p><span style=\"font-weight: 400\">Ao dar prioridade ao apoio aos prestadores de cuidados e ao implementar estrat\u00e9gias eficazes de gest\u00e3o do sono, os prestadores de cuidados podem lidar melhor com as exig\u00eancias dos cuidados e melhorar a sua capacidade de prestar cuidados compassivos e sustent\u00e1veis \u00e0s pessoas com Parkinson.<\/span><\/section>\n<div class=\"section-divider\">\u25c6 \u25c6 \u25c6<\/div>\n<section class=\"dynseo-section\">\n<h2 id=\"section-7\">Terapias e investiga\u00e7\u00e3o emergentes<\/h2>\n<p><span style=\"font-weight: 400\">Novas terapias e investiga\u00e7\u00e3o s\u00e3o promissoras para a evolu\u00e7\u00e3o do tratamento da doen\u00e7a de Parkinson (DP), oferecendo a esperan\u00e7a de um melhor controlo dos sintomas e da modifica\u00e7\u00e3o da doen\u00e7a.<br \/>\nA estimula\u00e7\u00e3o cerebral profunda (DBS), um procedimento cir\u00fargico que envolve a implanta\u00e7\u00e3o de el\u00e9ctrodos em regi\u00f5es espec\u00edficas do c\u00e9rebro, surgiu como uma abordagem promissora para aliviar os sintomas motores e melhorar a qualidade de vida em pessoas com doen\u00e7a de Parkinson avan\u00e7ada.<br \/>\nNovas abordagens farmacol\u00f3gicas visam os mecanismos subjacentes \u00e0 doen\u00e7a, como a agrega\u00e7\u00e3o da alfa-sinucle\u00edna ou a neuroinflama\u00e7\u00e3o, a fim de desenvolver tratamentos mais eficazes e mais suscept\u00edveis de modificar a doen\u00e7a.    <\/span><\/p>\n<p><span style=\"font-weight: 400\">Al\u00e9m disso, a terapia gen\u00e9tica e a investiga\u00e7\u00e3o com c\u00e9lulas estaminais representam vias inovadoras para restaurar a fun\u00e7\u00e3o dopamin\u00e9rgica e promover a sobreviv\u00eancia neuronal na DP.<br \/>\nEstas terapias emergentes e os esfor\u00e7os de investiga\u00e7\u00e3o sublinham o empenho cont\u00ednuo em fazer avan\u00e7ar a nossa compreens\u00e3o da fisiopatologia da DP e em desenvolver tratamentos transformadores que ofere\u00e7am esperan\u00e7a num futuro melhor para as pessoas que vivem com esta doen\u00e7a neurol\u00f3gica complexa. <\/span><\/section>\n<section class=\"dynseo-section\">\n<h2 id=\"section-8\">Desafios e direc\u00e7\u00f5es futuras<\/h2>\n<p><span style=\"font-weight: 400\">Dada a complexidade da gest\u00e3o da doen\u00e7a de Parkinson (DP), est\u00e3o a surgir v\u00e1rios desafios e orienta\u00e7\u00f5es futuras que merecem ser estudados e explorados.<br \/>\nA ades\u00e3o aos planos de tratamento \u00e9 um grande desafio, uma vez que as pessoas com DP podem enfrentar barreiras como os efeitos secund\u00e1rios da medica\u00e7\u00e3o, a incapacidade cognitiva ou dificuldades log\u00edsticas.<br \/>\nAl\u00e9m disso, a abordagem de co-morbilidades como as perturba\u00e7\u00f5es psiqui\u00e1tricas, as doen\u00e7as cardiovasculares e as perturba\u00e7\u00f5es gastrointestinais apresenta complexidades adicionais que exigem estrat\u00e9gias de gest\u00e3o abrangentes adaptadas \u00e0s necessidades espec\u00edficas de cada doente.<br \/>\nPara al\u00e9m disso, a identifica\u00e7\u00e3o e a abordagem das lacunas e oportunidades de investiga\u00e7\u00e3o continuam a ser fundamentais para o avan\u00e7o da nossa compreens\u00e3o da fisiopatologia da DP e para o desenvolvimento de tratamentos mais eficazes.     <\/span><\/p>\n<p><span style=\"font-weight: 400\">Ao incentivar a colabora\u00e7\u00e3o entre investigadores, m\u00e9dicos e doentes, podemos tirar partido das tecnologias emergentes, das terapias inovadoras e das abordagens interdisciplinares para enfrentar os m\u00faltiplos desafios da gest\u00e3o da DP e abrir caminho a melhores resultados e qualidade de vida para as pessoas que vivem com esta doen\u00e7a neurol\u00f3gica cr\u00f3nica.<\/span><\/section>\n<div class=\"section-divider\">\u25c6 \u25c6 \u25c6<\/div>\n<section class=\"dynseo-section\"><span style=\"font-weight: 400\">A gest\u00e3o dos dist\u00farbios do sono em pessoas com doen\u00e7a de Parkinson (DP) requer uma abordagem multifacetada que tenha em conta a intera\u00e7\u00e3o entre os sintomas motores e n\u00e3o motores.<br \/>\nAs principais quest\u00f5es destacadas s\u00e3o a preval\u00eancia e as diversas manifesta\u00e7\u00f5es dos dist\u00farbios do sono na DP, que v\u00e3o desde a ins\u00f3nia \u00e0 perturba\u00e7\u00e3o comportamental do sono REM.<br \/>\nPara enfrentar estes desafios, \u00e9 necess\u00e1ria uma abordagem hol\u00edstica que englobe interven\u00e7\u00f5es farmacol\u00f3gicas, modifica\u00e7\u00f5es do estilo de vida, apoio aos cuidadores e terapias emergentes.<br \/>\nO reconhecimento da import\u00e2ncia de uma abordagem hol\u00edstica sublinha a necessidade de considerar n\u00e3o s\u00f3 a gest\u00e3o dos sintomas, mas tamb\u00e9m o impacto mais alargado na qualidade de vida e no bem-estar geral.     <\/span><\/p>\n<p><span style=\"font-weight: 400\">Apesar dos desafios, h\u00e1 esperan\u00e7a de uma melhor gest\u00e3o do sono na DP, gra\u00e7as aos esfor\u00e7os de investiga\u00e7\u00e3o em curso, aos avan\u00e7os nas modalidades de tratamento e a um compromisso coletivo para melhorar os resultados das pessoas que vivem com esta doen\u00e7a neurol\u00f3gica complexa.<br \/>\nAo adoptarmos uma abordagem hol\u00edstica e centrada no doente, podemos esfor\u00e7ar-nos por melhorar a qualidade do sono e, em \u00faltima an\u00e1lise, a vida das pessoas afectadas pela DP. <\/span><\/p>\n<\/div>\n<\/div>\n<\/section>\n<section class=\"dynseo-section\">\n<h2 id=\"section-10\">E PARA MAIS INFORMA\u00c7\u00d5ES<\/h2>\n<h3><strong>CARMEN, JOGOS DE MEM\u00d3RIA F\u00c1CEIS PARA QUEM SOFRE DE PARKINSON<\/strong><\/h3>\n<pee>CARMEN \u00e9 um programa de jogo de mem\u00f3ria de f\u00e1cil utiliza\u00e7\u00e3o que oferece uma cole\u00e7\u00e3o de exerc\u00edcios simples mas atractivos, especialmente concebidos para melhorar suavemente as capacidades de mem\u00f3ria. Sem cron\u00f3metro, sem pontua\u00e7\u00e3o e sem falhas. Apenas o prazer de jogar. Experimente gratuitamente durante uma semana.<\/pee>\n<h3><strong>FERNANDO, UMA APLICA\u00c7\u00c3O DE JOGOS CEREBRAIS ESTIMULANTES<\/strong><\/h3>\n<pee>Para quem procura uma experi\u00eancia mais estimulante, o programa FERNANDO \u00e9 uma vers\u00e3o mais exigente, oferecendo jogos de mem\u00f3ria complexos que requerem um maior esfor\u00e7o cognitivo, tornando-o adequado para quem precisa de um treino mental mais intenso.<\/pee>\n<h3><strong>A BOLA ROLANTE PARA DESENVOLVER A MOTRICIDADE FINA<\/strong><\/h3>\n<pee>A aplica\u00e7\u00e3o Bille qui Roule \u00e9 uma ferramenta inovadora concebida para melhorar as capacidades motoras finas atrav\u00e9s de desafios interactivos e envolventes.<br \/>\nAo guiar uma bola virtual atrav\u00e9s de percursos e obst\u00e1culos, os utilizadores podem melhorar a sua precis\u00e3o, controlo e coordena\u00e7\u00e3o \u00f3culo-manual. <\/pee>\n<h3><strong>CUIDAR DE UMA PESSOA COM DOEN\u00c7A DE PARKINSON<\/strong><\/h3>\n<pee>Neste guia, damos-lhe conselhos pr\u00e1ticos sobre como apoiar um ente querido com a doen\u00e7a de Parkinson e como estimular e criar la\u00e7os com ele. Conselhos \u00fateis para o dia a dia para facilitar a vida dos familiares e profissionais que prestam cuidados. Exerc\u00edcios para trabalhar todos os aspectos.<\/pee><\/section>\n<\/div>\n<p>[\/et_pb_code][\/et_pb_column][\/et_pb_row][\/et_pb_section][et_pb_section fb_built=&#8221;1&#8243; _builder_version=&#8221;4.16&#8243;][et_pb_row][et_pb_column type=&#8221;4_4&#8243;][et_pb_code]<script type=\"application\/ld+json\">{\"@context\":\"https:\/\/schema.org\",\"@type\":\"FAQPage\",\"mainEntity\":[{\"@type\":\"Question\",\"name\":\"O que \u00e9 a doen\u00e7a de Parkinson e como afeta o c\u00e9rebro?\",\"acceptedAnswer\":{\"@type\":\"Answer\",\"text\":\"A doen\u00e7a de Parkinson (DP) \u00e9 uma doen\u00e7a neurol\u00f3gica complexa caracterizada pela perda progressiva de neur\u00f3nios dopamin\u00e9rgicos no c\u00e9rebro, que conduz a uma s\u00e9rie de sintomas motores e n\u00e3o motores.\"}},{\"@type\":\"Question\",\"name\":\"Quais s\u00e3o os principais tipos de dist\u00farbios do sono na doen\u00e7a de Parkinson?\",\"acceptedAnswer\":{\"@type\":\"Answer\",\"text\":\"Os dist\u00farbios do sono na DP manifestam-se frequentemente sob a forma de ins\u00f3nia, s\u00edndrome das pernas inquietas (SPI), sonol\u00eancia diurna excessiva (SDE), perturba\u00e7\u00f5es do comportamento do sono de movimento r\u00e1pido dos olhos (REM) e perturba\u00e7\u00f5es respirat\u00f3rias relacionadas com o sono.\"}},{\"@type\":\"Question\",\"name\":\"Como os dist\u00farbios do sono afetam os doentes com Parkinson?\",\"acceptedAnswer\":{\"@type\":\"Answer\",\"text\":\"As perturba\u00e7\u00f5es do sono n\u00e3o s\u00f3 exacerbam os sintomas motores, como tamb\u00e9m contribuem para o d\u00e9fice cognitivo, a depress\u00e3o e o decl\u00ednio funcional geral, tendo um impacto significativo na qualidade de vida dos doentes.\"}},{\"@type\":\"Question\",\"name\":\"Quais s\u00e3o os sintomas motores carater\u00edsticos da doen\u00e7a de Parkinson?\",\"acceptedAnswer\":{\"@type\":\"Answer\",\"text\":\"Os sintomas motores carater\u00edsticos da doen\u00e7a de Parkinson incluem tremor, rigidez e bradicinesia (movimentos lentos).\"}},{\"@type\":\"Question\",\"name\":\"Que estrat\u00e9gias de tratamento s\u00e3o utilizadas para gerir os dist\u00farbios do sono na DP?\",\"acceptedAnswer\":{\"@type\":\"Answer\",\"text\":\"As estrat\u00e9gias de tratamento incluem farmacoterapia, interven\u00e7\u00f5es comportamentais, regimes de exerc\u00edcio e pr\u00e1ticas de higiene do sono adaptadas \u00e0s necessidades individuais.\"}},{\"@type\":\"Question\",\"name\":\"Que tipo de abordagem \u00e9 necess\u00e1ria para gerir os dist\u00farbios do sono associados \u00e0 doen\u00e7a de Parkinson?\",\"acceptedAnswer\":{\"@type\":\"Answer\",\"text\":\"A gest\u00e3o dos dist\u00farbios do sono associados \u00e0 DP requer uma abordagem abrangente que trate tanto os sintomas motores como os n\u00e3o motores, permitindo aos profissionais de sa\u00fade compreender a complexa intera\u00e7\u00e3o entre a DP e os dist\u00farbios do sono.\"}}]}<\/script><br \/>\n<script type=\"application\/ld+json\">{\"@context\":\"https:\/\/schema.org\",\"@type\":\"FAQPage\",\"mainEntity\":[{\"@type\":\"Question\",\"name\":\"O que \u00e9 a doen\u00e7a de Parkinson e como afeta o c\u00e9rebro?\",\"acceptedAnswer\":{\"@type\":\"Answer\",\"text\":\"A doen\u00e7a de Parkinson (DP) \u00e9 uma doen\u00e7a neurol\u00f3gica complexa caracterizada pela perda progressiva de neur\u00f3nios dopamin\u00e9rgicos no c\u00e9rebro, que conduz a uma s\u00e9rie de sintomas motores e n\u00e3o motores.\"}},{\"@type\":\"Question\",\"name\":\"Quais s\u00e3o os principais tipos de dist\u00farbios do sono na doen\u00e7a de Parkinson?\",\"acceptedAnswer\":{\"@type\":\"Answer\",\"text\":\"Os dist\u00farbios do sono na DP manifestam-se frequentemente sob a forma de ins\u00f3nia, s\u00edndrome das pernas inquietas (SPI), sonol\u00eancia diurna excessiva (SDE), perturba\u00e7\u00f5es do comportamento do sono de movimento r\u00e1pido dos olhos (REM) e perturba\u00e7\u00f5es respirat\u00f3rias relacionadas com o sono.\"}},{\"@type\":\"Question\",\"name\":\"Como os dist\u00farbios do sono afetam os doentes com Parkinson?\",\"acceptedAnswer\":{\"@type\":\"Answer\",\"text\":\"As perturba\u00e7\u00f5es do sono n\u00e3o s\u00f3 exacerbam os sintomas motores, como tamb\u00e9m contribuem para o d\u00e9fice cognitivo, a depress\u00e3o e o decl\u00ednio funcional geral, tendo um impacto significativo na qualidade de vida dos doentes.\"}},{\"@type\":\"Question\",\"name\":\"Quais s\u00e3o os sintomas motores carater\u00edsticos da doen\u00e7a de Parkinson?\",\"acceptedAnswer\":{\"@type\":\"Answer\",\"text\":\"Os sintomas motores carater\u00edsticos da doen\u00e7a de Parkinson incluem tremor, rigidez e bradicinesia (movimentos lentos).\"}},{\"@type\":\"Question\",\"name\":\"Que estrat\u00e9gias de tratamento s\u00e3o utilizadas para gerir os dist\u00farbios do sono na DP?\",\"acceptedAnswer\":{\"@type\":\"Answer\",\"text\":\"As estrat\u00e9gias de tratamento incluem farmacoterapia, interven\u00e7\u00f5es comportamentais, regimes de exerc\u00edcio e pr\u00e1ticas de higiene do sono adaptadas \u00e0s necessidades individuais.\"}},{\"@type\":\"Question\",\"name\":\"Que tipo de abordagem \u00e9 necess\u00e1ria para gerir os dist\u00farbios do sono associados \u00e0 doen\u00e7a de Parkinson?\",\"acceptedAnswer\":{\"@type\":\"Answer\",\"text\":\"A gest\u00e3o dos dist\u00farbios do sono associados \u00e0 DP requer uma abordagem abrangente que trate tanto os sintomas motores como os n\u00e3o motores, permitindo aos profissionais de sa\u00fade compreender a complexa intera\u00e7\u00e3o entre a DP e os dist\u00farbios do sono.\"}}]}<\/script>[\/et_pb_code][\/et_pb_column][\/et_pb_row][\/et_pb_section]<\/p>\n","protected":false},"excerpt":{"rendered":"<div class=\"et_pb_row et_pb_row_0 et_pb_row_empty\">\n\t\t\t\t\n\t\t\t\t\n\t\t\t\t\n\t\t\t\t\n\t\t\t\t\n\t\t\t<\/div>\n","protected":false},"author":4,"featured_media":132309,"comment_status":"closed","ping_status":"closed","sticky":false,"template":"","format":"standard","meta":{"_et_pb_use_builder":"on","_et_pb_old_content":"","_et_gb_content_width":"","footnotes":""},"categories":[3582,3347,3261,3416],"tags":[],"class_list":["post-132269","post","type-post","status-publish","format-standard","has-post-thumbnail","hentry","category-advice-from-our-coaches","category-sin-categorizar","category-parkinson-pt-pt","category-3416"],"yoast_head":"<!-- This site is optimized with the Yoast SEO plugin v27.4 - https:\/\/yoast.com\/product\/yoast-seo-wordpress\/ -->\n<title>Gerir os dist\u00farbios do sono associados \u00e0 doen\u00e7a de Parkinson - DYNSEO - Aplica\u00e7\u00f5es educativas e jogos de mem\u00f3ria<\/title>\n<meta name=\"robots\" content=\"index, follow, max-snippet:-1, max-image-preview:large, max-video-preview:-1\" \/>\n<link rel=\"canonical\" href=\"https:\/\/www.dynseo.com\/pt-pt\/gerir-os-disturbios-do-sono-associados-a-doenca-de-parkinson\/\" \/>\n<meta property=\"og:locale\" content=\"pt_PT\" \/>\n<meta property=\"og:type\" content=\"article\" \/>\n<meta property=\"og:title\" content=\"Gerir os dist\u00farbios do sono associados \u00e0 doen\u00e7a de Parkinson - DYNSEO - Aplica\u00e7\u00f5es educativas e jogos de mem\u00f3ria\" \/>\n<meta property=\"og:url\" content=\"https:\/\/www.dynseo.com\/pt-pt\/gerir-os-disturbios-do-sono-associados-a-doenca-de-parkinson\/\" \/>\n<meta property=\"og:site_name\" content=\"DYNSEO - Aplica\u00e7\u00f5es educativas e jogos de mem\u00f3ria\" \/>\n<meta property=\"article:published_time\" content=\"2024-09-20T08:55:55+00:00\" \/>\n<meta property=\"article:modified_time\" content=\"2025-12-26T18:54:00+00:00\" \/>\n<meta property=\"og:image\" content=\"https:\/\/www.dynseo.com\/wp-content\/uploads\/2024\/09\/Accueil-article-France--1024x768.png\" \/>\n\t<meta property=\"og:image:width\" content=\"1024\" \/>\n\t<meta property=\"og:image:height\" content=\"768\" \/>\n\t<meta property=\"og:image:type\" content=\"image\/png\" \/>\n<meta name=\"author\" content=\"DYNSEO\" \/>\n<meta name=\"twitter:label1\" content=\"Escrito por\" \/>\n\t<meta name=\"twitter:data1\" content=\"DYNSEO\" \/>\n\t<meta name=\"twitter:label2\" content=\"Tempo estimado de leitura\" \/>\n\t<meta name=\"twitter:data2\" content=\"18 minutos\" \/>\n<script type=\"application\/ld+json\" class=\"yoast-schema-graph\">{\"@context\":\"https:\\\/\\\/schema.org\",\"@graph\":[{\"@type\":\"Article\",\"@id\":\"https:\\\/\\\/www.dynseo.com\\\/pt-pt\\\/gerir-os-disturbios-do-sono-associados-a-doenca-de-parkinson\\\/#article\",\"isPartOf\":{\"@id\":\"https:\\\/\\\/www.dynseo.com\\\/pt-pt\\\/gerir-os-disturbios-do-sono-associados-a-doenca-de-parkinson\\\/\"},\"author\":{\"name\":\"DYNSEO\",\"@id\":\"https:\\\/\\\/www.dynseo.com\\\/pt-pt\\\/#\\\/schema\\\/person\\\/78ef63df2ee64e0989bc68f8401b38d6\"},\"headline\":\"Gerir os dist\u00farbios do sono associados \u00e0 doen\u00e7a de Parkinson\",\"datePublished\":\"2024-09-20T08:55:55+00:00\",\"dateModified\":\"2025-12-26T18:54:00+00:00\",\"mainEntityOfPage\":{\"@id\":\"https:\\\/\\\/www.dynseo.com\\\/pt-pt\\\/gerir-os-disturbios-do-sono-associados-a-doenca-de-parkinson\\\/\"},\"wordCount\":3721,\"publisher\":{\"@id\":\"https:\\\/\\\/www.dynseo.com\\\/pt-pt\\\/#organization\"},\"image\":{\"@id\":\"https:\\\/\\\/www.dynseo.com\\\/pt-pt\\\/gerir-os-disturbios-do-sono-associados-a-doenca-de-parkinson\\\/#primaryimage\"},\"thumbnailUrl\":\"https:\\\/\\\/www.dynseo.com\\\/wp-content\\\/uploads\\\/2024\\\/09\\\/Accueil-article-France-.png\",\"articleSection\":[\"Advice from our coaches\",\"Sin categorizar\",\"Tudo sobre parkinson\",\"\u5173\u4e8e\u5e15\u91d1\u68ee\"],\"inLanguage\":\"pt-PT\"},{\"@type\":\"WebPage\",\"@id\":\"https:\\\/\\\/www.dynseo.com\\\/pt-pt\\\/gerir-os-disturbios-do-sono-associados-a-doenca-de-parkinson\\\/\",\"url\":\"https:\\\/\\\/www.dynseo.com\\\/pt-pt\\\/gerir-os-disturbios-do-sono-associados-a-doenca-de-parkinson\\\/\",\"name\":\"Gerir os dist\u00farbios do sono associados \u00e0 doen\u00e7a de Parkinson - DYNSEO - Aplica\u00e7\u00f5es educativas e jogos de mem\u00f3ria\",\"isPartOf\":{\"@id\":\"https:\\\/\\\/www.dynseo.com\\\/pt-pt\\\/#website\"},\"primaryImageOfPage\":{\"@id\":\"https:\\\/\\\/www.dynseo.com\\\/pt-pt\\\/gerir-os-disturbios-do-sono-associados-a-doenca-de-parkinson\\\/#primaryimage\"},\"image\":{\"@id\":\"https:\\\/\\\/www.dynseo.com\\\/pt-pt\\\/gerir-os-disturbios-do-sono-associados-a-doenca-de-parkinson\\\/#primaryimage\"},\"thumbnailUrl\":\"https:\\\/\\\/www.dynseo.com\\\/wp-content\\\/uploads\\\/2024\\\/09\\\/Accueil-article-France-.png\",\"datePublished\":\"2024-09-20T08:55:55+00:00\",\"dateModified\":\"2025-12-26T18:54:00+00:00\",\"breadcrumb\":{\"@id\":\"https:\\\/\\\/www.dynseo.com\\\/pt-pt\\\/gerir-os-disturbios-do-sono-associados-a-doenca-de-parkinson\\\/#breadcrumb\"},\"inLanguage\":\"pt-PT\",\"potentialAction\":[{\"@type\":\"ReadAction\",\"target\":[\"https:\\\/\\\/www.dynseo.com\\\/pt-pt\\\/gerir-os-disturbios-do-sono-associados-a-doenca-de-parkinson\\\/\"]}]},{\"@type\":\"ImageObject\",\"inLanguage\":\"pt-PT\",\"@id\":\"https:\\\/\\\/www.dynseo.com\\\/pt-pt\\\/gerir-os-disturbios-do-sono-associados-a-doenca-de-parkinson\\\/#primaryimage\",\"url\":\"https:\\\/\\\/www.dynseo.com\\\/wp-content\\\/uploads\\\/2024\\\/09\\\/Accueil-article-France-.png\",\"contentUrl\":\"https:\\\/\\\/www.dynseo.com\\\/wp-content\\\/uploads\\\/2024\\\/09\\\/Accueil-article-France-.png\",\"width\":2000,\"height\":1500,\"caption\":\"DYNSEO: solu\u00e7\u00f5es digitais para uma vida melhor\"},{\"@type\":\"BreadcrumbList\",\"@id\":\"https:\\\/\\\/www.dynseo.com\\\/pt-pt\\\/gerir-os-disturbios-do-sono-associados-a-doenca-de-parkinson\\\/#breadcrumb\",\"itemListElement\":[{\"@type\":\"ListItem\",\"position\":1,\"name\":\"Accueil\",\"item\":\"https:\\\/\\\/www.dynseo.com\\\/pt-pt\\\/\"},{\"@type\":\"ListItem\",\"position\":2,\"name\":\"Gerir os dist\u00farbios do sono associados \u00e0 doen\u00e7a de Parkinson\"}]},{\"@type\":\"WebSite\",\"@id\":\"https:\\\/\\\/www.dynseo.com\\\/pt-pt\\\/#website\",\"url\":\"https:\\\/\\\/www.dynseo.com\\\/pt-pt\\\/\",\"name\":\"Jeux de m\u00e9moire et stimulation cognitive\",\"description\":\"Entra\u00eenez votre m\u00e9moire et votre cerveau avec DYNSEO\",\"publisher\":{\"@id\":\"https:\\\/\\\/www.dynseo.com\\\/pt-pt\\\/#organization\"},\"potentialAction\":[{\"@type\":\"SearchAction\",\"target\":{\"@type\":\"EntryPoint\",\"urlTemplate\":\"https:\\\/\\\/www.dynseo.com\\\/pt-pt\\\/?s={search_term_string}\"},\"query-input\":{\"@type\":\"PropertyValueSpecification\",\"valueRequired\":true,\"valueName\":\"search_term_string\"}}],\"inLanguage\":\"pt-PT\"},{\"@type\":\"Organization\",\"@id\":\"https:\\\/\\\/www.dynseo.com\\\/pt-pt\\\/#organization\",\"name\":\"DYNSEO\",\"url\":\"https:\\\/\\\/www.dynseo.com\\\/pt-pt\\\/\",\"logo\":{\"@type\":\"ImageObject\",\"inLanguage\":\"pt-PT\",\"@id\":\"https:\\\/\\\/www.dynseo.com\\\/pt-pt\\\/#\\\/schema\\\/logo\\\/image\\\/\",\"url\":\"https:\\\/\\\/www.dynseo.com\\\/wp-content\\\/uploads\\\/2022\\\/05\\\/logo-dynseo-new.png\",\"contentUrl\":\"https:\\\/\\\/www.dynseo.com\\\/wp-content\\\/uploads\\\/2022\\\/05\\\/logo-dynseo-new.png\",\"width\":5073,\"height\":1397,\"caption\":\"DYNSEO\"},\"image\":{\"@id\":\"https:\\\/\\\/www.dynseo.com\\\/pt-pt\\\/#\\\/schema\\\/logo\\\/image\\\/\"}},{\"@type\":\"Person\",\"@id\":\"https:\\\/\\\/www.dynseo.com\\\/pt-pt\\\/#\\\/schema\\\/person\\\/78ef63df2ee64e0989bc68f8401b38d6\",\"name\":\"DYNSEO\",\"url\":\"https:\\\/\\\/www.dynseo.com\\\/pt-pt\\\/author\\\/justine\\\/\"}]}<\/script>\n<!-- \/ Yoast SEO plugin. -->","yoast_head_json":{"title":"Gerir os dist\u00farbios do sono associados \u00e0 doen\u00e7a de Parkinson - DYNSEO - Aplica\u00e7\u00f5es educativas e jogos de mem\u00f3ria","robots":{"index":"index","follow":"follow","max-snippet":"max-snippet:-1","max-image-preview":"max-image-preview:large","max-video-preview":"max-video-preview:-1"},"canonical":"https:\/\/www.dynseo.com\/pt-pt\/gerir-os-disturbios-do-sono-associados-a-doenca-de-parkinson\/","og_locale":"pt_PT","og_type":"article","og_title":"Gerir os dist\u00farbios do sono associados \u00e0 doen\u00e7a de Parkinson - DYNSEO - Aplica\u00e7\u00f5es educativas e jogos de mem\u00f3ria","og_url":"https:\/\/www.dynseo.com\/pt-pt\/gerir-os-disturbios-do-sono-associados-a-doenca-de-parkinson\/","og_site_name":"DYNSEO - Aplica\u00e7\u00f5es educativas e jogos de mem\u00f3ria","article_published_time":"2024-09-20T08:55:55+00:00","article_modified_time":"2025-12-26T18:54:00+00:00","og_image":[{"width":1024,"height":768,"url":"https:\/\/www.dynseo.com\/wp-content\/uploads\/2024\/09\/Accueil-article-France--1024x768.png","type":"image\/png"}],"author":"DYNSEO","twitter_misc":{"Escrito por":"DYNSEO","Tempo estimado de leitura":"18 minutos"},"schema":{"@context":"https:\/\/schema.org","@graph":[{"@type":"Article","@id":"https:\/\/www.dynseo.com\/pt-pt\/gerir-os-disturbios-do-sono-associados-a-doenca-de-parkinson\/#article","isPartOf":{"@id":"https:\/\/www.dynseo.com\/pt-pt\/gerir-os-disturbios-do-sono-associados-a-doenca-de-parkinson\/"},"author":{"name":"DYNSEO","@id":"https:\/\/www.dynseo.com\/pt-pt\/#\/schema\/person\/78ef63df2ee64e0989bc68f8401b38d6"},"headline":"Gerir os dist\u00farbios do sono associados \u00e0 doen\u00e7a de Parkinson","datePublished":"2024-09-20T08:55:55+00:00","dateModified":"2025-12-26T18:54:00+00:00","mainEntityOfPage":{"@id":"https:\/\/www.dynseo.com\/pt-pt\/gerir-os-disturbios-do-sono-associados-a-doenca-de-parkinson\/"},"wordCount":3721,"publisher":{"@id":"https:\/\/www.dynseo.com\/pt-pt\/#organization"},"image":{"@id":"https:\/\/www.dynseo.com\/pt-pt\/gerir-os-disturbios-do-sono-associados-a-doenca-de-parkinson\/#primaryimage"},"thumbnailUrl":"https:\/\/www.dynseo.com\/wp-content\/uploads\/2024\/09\/Accueil-article-France-.png","articleSection":["Advice from our coaches","Sin categorizar","Tudo sobre parkinson","\u5173\u4e8e\u5e15\u91d1\u68ee"],"inLanguage":"pt-PT"},{"@type":"WebPage","@id":"https:\/\/www.dynseo.com\/pt-pt\/gerir-os-disturbios-do-sono-associados-a-doenca-de-parkinson\/","url":"https:\/\/www.dynseo.com\/pt-pt\/gerir-os-disturbios-do-sono-associados-a-doenca-de-parkinson\/","name":"Gerir os dist\u00farbios do sono associados \u00e0 doen\u00e7a de Parkinson - DYNSEO - Aplica\u00e7\u00f5es educativas e jogos de mem\u00f3ria","isPartOf":{"@id":"https:\/\/www.dynseo.com\/pt-pt\/#website"},"primaryImageOfPage":{"@id":"https:\/\/www.dynseo.com\/pt-pt\/gerir-os-disturbios-do-sono-associados-a-doenca-de-parkinson\/#primaryimage"},"image":{"@id":"https:\/\/www.dynseo.com\/pt-pt\/gerir-os-disturbios-do-sono-associados-a-doenca-de-parkinson\/#primaryimage"},"thumbnailUrl":"https:\/\/www.dynseo.com\/wp-content\/uploads\/2024\/09\/Accueil-article-France-.png","datePublished":"2024-09-20T08:55:55+00:00","dateModified":"2025-12-26T18:54:00+00:00","breadcrumb":{"@id":"https:\/\/www.dynseo.com\/pt-pt\/gerir-os-disturbios-do-sono-associados-a-doenca-de-parkinson\/#breadcrumb"},"inLanguage":"pt-PT","potentialAction":[{"@type":"ReadAction","target":["https:\/\/www.dynseo.com\/pt-pt\/gerir-os-disturbios-do-sono-associados-a-doenca-de-parkinson\/"]}]},{"@type":"ImageObject","inLanguage":"pt-PT","@id":"https:\/\/www.dynseo.com\/pt-pt\/gerir-os-disturbios-do-sono-associados-a-doenca-de-parkinson\/#primaryimage","url":"https:\/\/www.dynseo.com\/wp-content\/uploads\/2024\/09\/Accueil-article-France-.png","contentUrl":"https:\/\/www.dynseo.com\/wp-content\/uploads\/2024\/09\/Accueil-article-France-.png","width":2000,"height":1500,"caption":"DYNSEO: solu\u00e7\u00f5es digitais para uma vida melhor"},{"@type":"BreadcrumbList","@id":"https:\/\/www.dynseo.com\/pt-pt\/gerir-os-disturbios-do-sono-associados-a-doenca-de-parkinson\/#breadcrumb","itemListElement":[{"@type":"ListItem","position":1,"name":"Accueil","item":"https:\/\/www.dynseo.com\/pt-pt\/"},{"@type":"ListItem","position":2,"name":"Gerir os dist\u00farbios do sono associados \u00e0 doen\u00e7a de Parkinson"}]},{"@type":"WebSite","@id":"https:\/\/www.dynseo.com\/pt-pt\/#website","url":"https:\/\/www.dynseo.com\/pt-pt\/","name":"Jeux de m\u00e9moire et stimulation cognitive","description":"Entra\u00eenez votre m\u00e9moire et votre cerveau avec DYNSEO","publisher":{"@id":"https:\/\/www.dynseo.com\/pt-pt\/#organization"},"potentialAction":[{"@type":"SearchAction","target":{"@type":"EntryPoint","urlTemplate":"https:\/\/www.dynseo.com\/pt-pt\/?s={search_term_string}"},"query-input":{"@type":"PropertyValueSpecification","valueRequired":true,"valueName":"search_term_string"}}],"inLanguage":"pt-PT"},{"@type":"Organization","@id":"https:\/\/www.dynseo.com\/pt-pt\/#organization","name":"DYNSEO","url":"https:\/\/www.dynseo.com\/pt-pt\/","logo":{"@type":"ImageObject","inLanguage":"pt-PT","@id":"https:\/\/www.dynseo.com\/pt-pt\/#\/schema\/logo\/image\/","url":"https:\/\/www.dynseo.com\/wp-content\/uploads\/2022\/05\/logo-dynseo-new.png","contentUrl":"https:\/\/www.dynseo.com\/wp-content\/uploads\/2022\/05\/logo-dynseo-new.png","width":5073,"height":1397,"caption":"DYNSEO"},"image":{"@id":"https:\/\/www.dynseo.com\/pt-pt\/#\/schema\/logo\/image\/"}},{"@type":"Person","@id":"https:\/\/www.dynseo.com\/pt-pt\/#\/schema\/person\/78ef63df2ee64e0989bc68f8401b38d6","name":"DYNSEO","url":"https:\/\/www.dynseo.com\/pt-pt\/author\/justine\/"}]}},"_links":{"self":[{"href":"https:\/\/www.dynseo.com\/pt-pt\/wp-json\/wp\/v2\/posts\/132269","targetHints":{"allow":["GET"]}}],"collection":[{"href":"https:\/\/www.dynseo.com\/pt-pt\/wp-json\/wp\/v2\/posts"}],"about":[{"href":"https:\/\/www.dynseo.com\/pt-pt\/wp-json\/wp\/v2\/types\/post"}],"author":[{"embeddable":true,"href":"https:\/\/www.dynseo.com\/pt-pt\/wp-json\/wp\/v2\/users\/4"}],"replies":[{"embeddable":true,"href":"https:\/\/www.dynseo.com\/pt-pt\/wp-json\/wp\/v2\/comments?post=132269"}],"version-history":[{"count":5,"href":"https:\/\/www.dynseo.com\/pt-pt\/wp-json\/wp\/v2\/posts\/132269\/revisions"}],"predecessor-version":[{"id":457804,"href":"https:\/\/www.dynseo.com\/pt-pt\/wp-json\/wp\/v2\/posts\/132269\/revisions\/457804"}],"wp:featuredmedia":[{"embeddable":true,"href":"https:\/\/www.dynseo.com\/pt-pt\/wp-json\/wp\/v2\/media\/132309"}],"wp:attachment":[{"href":"https:\/\/www.dynseo.com\/pt-pt\/wp-json\/wp\/v2\/media?parent=132269"}],"wp:term":[{"taxonomy":"category","embeddable":true,"href":"https:\/\/www.dynseo.com\/pt-pt\/wp-json\/wp\/v2\/categories?post=132269"},{"taxonomy":"post_tag","embeddable":true,"href":"https:\/\/www.dynseo.com\/pt-pt\/wp-json\/wp\/v2\/tags?post=132269"}],"curies":[{"name":"wp","href":"https:\/\/api.w.org\/{rel}","templated":true}]}}