{"id":134405,"date":"2024-11-30T12:41:18","date_gmt":"2024-11-30T11:41:18","guid":{"rendered":"https:\/\/www.dynseo.com\/?p=134405"},"modified":"2025-12-26T15:57:14","modified_gmt":"2025-12-26T14:57:14","slug":"pausas-ativas-na-tela-como-momentos-de-movimento-curto-melhoram-a-concentracao-das-criancas","status":"publish","type":"post","link":"https:\/\/www.dynseo.com\/pt-pt\/pausas-ativas-na-tela-como-momentos-de-movimento-curto-melhoram-a-concentracao-das-criancas\/","title":{"rendered":"Pausas ativas na tela: como momentos de movimento curto melhoram a concentra\u00e7\u00e3o das crian\u00e7as"},"content":{"rendered":"<p>[et_pb_section fb_built=&#8221;1&#8243; admin_label=&#8221;Article HTML&#8221; _builder_version=&#8221;4.16&#8243;][et_pb_row admin_label=&#8221;Contenu&#8221; _builder_version=&#8221;4.16&#8243;][et_pb_column type=&#8221;4_4&#8243; _builder_version=&#8221;4.16&#8243;][et_pb_code admin_label=&#8221;HTML import\u00e9&#8221; _builder_version=&#8221;4.16&#8243;]<link href=\"https:\/\/fonts.googleapis.com\/css2?family=Montserrat:wght@400;500;600;700;800&#038;display=swap\" rel=\"stylesheet\">\n<style>\n.dynseo-article{font-family:'Montserrat',-apple-system,BlinkMacSystemFont,'Segoe UI',Roboto,sans-serif;line-height:1.8;color:#2c3e50;max-width:100%}\n.dynseo-article h2{font-family:'Montserrat',sans-serif;font-size:1.8rem;color:#1a1a2e;margin:50px 0 25px;padding-bottom:12px;border-bottom:3px solid #a9e2e4;font-weight:700;transition:all .3s ease}\n.dynseo-article h2:hover{padding-left:10px;border-bottom-color:#e73469}\n.dynseo-article h3{font-family:'Montserrat',sans-serif;font-size:1.3rem;color:#5e5ed7;margin:35px 0 18px;font-weight:600;transition:all .3s ease}\n.dynseo-article h3:hover{color:#e73469}\n.dynseo-article p{margin-bottom:18px;font-size:1.05rem;text-align:justify}\n.dynseo-article img{max-width:100%;height:auto;border-radius:16px;margin:25px 0;box-shadow:0 8px 30px rgba(0,0,0,0.1);transition:all .4s ease}\n.dynseo-article img:hover{transform:scale(1.02);box-shadow:0 15px 50px rgba(0,0,0,0.15)}\n.dynseo-intro{font-size:1.15rem;color:#64748b;border-left:4px solid #a9e2e4;padding-left:25px;margin:35px 0;font-style:italic;background:linear-gradient(90deg,rgba(169,226,228,0.1),transparent);padding:20px 25px;border-radius:0 12px 12px 0;transition:all .3s ease}\n.dynseo-intro:hover{border-left-width:6px;background:linear-gradient(90deg,rgba(169,226,228,0.15),transparent)}\n.dynseo-toc{background:linear-gradient(135deg,#f8fafc 0%,#fff 100%);border-radius:20px;padding:35px;margin:40px 0;border:2px solid #e5e7eb;box-shadow:0 4px 20px rgba(0,0,0,0.05);transition:all .3s ease}\n.dynseo-toc:hover{box-shadow:0 8px 35px rgba(0,0,0,0.08);transform:translateY(-2px)}\n.dynseo-toc .toc-title{font-family:'Montserrat',sans-serif;font-size:1.4rem;margin-bottom:25px;color:#1a1a2e;font-weight:700}\n.dynseo-toc ol{list-style:none;padding:0;margin:0;display:grid;grid-template-columns:repeat(2,1fr);gap:12px}\n.dynseo-toc li{background:#fff;border-radius:12px;padding:14px 18px;border:2px solid #f1f5f9;transition:all .3s ease;border-left:4px solid #ffeca7}\n.dynseo-toc li:hover{background:linear-gradient(135deg,#f8fafc,#fff);transform:translateX(8px);box-shadow:0 6px 20px rgba(0,0,0,0.1);border-left-width:6px}\n.dynseo-toc a{color:#1a1a2e;text-decoration:none;font-size:.95rem;font-weight:500;transition:color .3s}\n.dynseo-toc a:hover{color:#5e5ed7}\n.dynseo-article .styled-list,.dynseo-article ul{margin:20px 0 30px;padding:0;list-style:none}\n.dynseo-article .styled-list li,.dynseo-article ul li{position:relative;padding-left:28px;margin-bottom:14px;line-height:1.7;transition:all .3s ease}\n.dynseo-article .styled-list li:hover,.dynseo-article ul li:hover{padding-left:32px}\n.dynseo-article .styled-list li::before,.dynseo-article ul li::before{content:\"\";position:absolute;left:0;top:8px;width:10px;height:10px;background:#e73469;border-radius:50%;box-shadow:0 2px 8px rgba(231,52,105,0.3);transition:all .3s ease}\n.dynseo-article .styled-list li:hover::before,.dynseo-article ul li:hover::before{transform:scale(1.3);box-shadow:0 4px 12px rgba(231,52,105,0.4)}\n.dynseo-article blockquote{background:linear-gradient(135deg,#fff9f0 0%,#fff5eb 100%);border-left:4px solid #ffeca7;border-radius:0 16px 16px 0;padding:28px 32px;margin:35px 0;position:relative;box-shadow:0 4px 20px rgba(255,236,167,0.3);transition:all .3s ease}\n.dynseo-article blockquote:hover{transform:translateX(5px);box-shadow:0 8px 30px rgba(255,236,167,0.4);border-left-width:6px}\n.dynseo-article blockquote::before{content:\"\u275d\";font-size:3rem;color:#ffeca7;opacity:.4;position:absolute;top:10px;left:15px}\n.dynseo-article blockquote p{font-style:italic;margin-bottom:12px;padding-left:30px}\n.dynseo-article blockquote cite{display:block;font-style:normal;font-weight:600;color:#1a1a2e;padding-left:30px}\n.section-divider{text-align:center;margin:60px 0;font-size:1.8rem;letter-spacing:18px;background:linear-gradient(135deg,#ffeca7,#e73469,#a9e2e4);-webkit-background-clip:text;-webkit-text-fill-color:transparent;background-clip:text}\n.dynseo-tip-box{background:linear-gradient(135deg,#ecfdf5 0%,#d1fae5 100%);border:2px solid #a9e2e4;border-radius:16px;padding:25px 30px;margin:35px 0;position:relative;box-shadow:0 4px 20px rgba(169,226,228,0.3);transition:all .3s ease}\n.dynseo-tip-box:hover{transform:translateY(-3px);box-shadow:0 8px 30px rgba(169,226,228,0.4)}\n.dynseo-tip-box-title{font-family:'Montserrat',sans-serif;font-size:1.15rem;font-weight:700;color:#1a1a2e;margin-bottom:12px;display:flex;align-items:center;gap:10px}\n.dynseo-tip-box-title::before{content:\"\ud83d\udca1\";font-size:1.3rem}\n.dynseo-tip-box p{margin:0;color:#2c3e50}\n.dynseo-feature-grid{display:grid;grid-template-columns:repeat(3,1fr);gap:20px;margin:35px 0}\n.dynseo-feature-card{background:#fff;border-radius:20px;padding:30px 25px;text-align:center;border:2px solid #f1f5f9;transition:all .4s ease;position:relative;overflow:hidden}\n.dynseo-feature-card::before{content:\"\";position:absolute;top:0;left:0;right:0;height:4px;background:linear-gradient(90deg,#ffeca7,#e73469);transform:scaleX(0);transition:transform .3s ease}\n.dynseo-feature-card:hover::before{transform:scaleX(1)}\n.dynseo-feature-card:nth-child(3n+1){border-color:rgba(255,236,167,0.5)}\n.dynseo-feature-card:nth-child(3n+2){border-color:rgba(231,52,105,0.3)}\n.dynseo-feature-card:nth-child(3n+3){border-color:rgba(169,226,228,0.5)}\n.dynseo-feature-card:hover{transform:translateY(-8px);box-shadow:0 20px 50px rgba(0,0,0,0.12)}\n.dynseo-feature-card h4{font-family:'Montserrat',sans-serif;color:#1a1a2e;margin-bottom:10px;font-size:1.1rem;font-weight:600}\n.dynseo-feature-card p{font-size:.95rem;color:#64748b;margin:0}\n.dynseo-highlight-box{background:linear-gradient(135deg,#fef3c7 0%,#fde68a 100%);border:2px solid #ffeca7;border-radius:16px;padding:25px 30px;margin:30px 0;transition:all .3s ease}\n.dynseo-highlight-box:hover{transform:translateY(-3px);box-shadow:0 8px 30px rgba(255,236,167,0.4)}\n.dynseo-highlight-box h4{font-family:'Montserrat',sans-serif;color:#1a1a2e;margin:0 0 12px 0;font-size:1.1rem}\n.dynseo-highlight-box p{margin:0;color:#2c3e50}\n@media(max-width:768px){.dynseo-article h2{font-size:1.5rem}.dynseo-toc ol{grid-template-columns:1fr}.dynseo-feature-grid{grid-template-columns:1fr}}\n<\/style>\n<div class=\"dynseo-article\">\n<div class=\"dynseo-intro\">As <a href=\"https:\/\/www.dynseo.com\/pt-pt\/o-conceito-unico-de-pausas-ativas-a-cada-15-minutos-em-um-app-educativo\/\" title=\"O conceito \u00fanico de pausas ativas a cada 15 minutos em um app educativo\">pausas ativas<\/a> na tela referem-se a intervalos programados que incentivam as crian\u00e7as a se afastarem dos dispositivos eletr\u00f3nicos, como tablets e computadores, para realizar atividades f\u00edsicas ou de relaxamento. Estas pausas s\u00e3o essenciais, especialmente em um mundo onde a tecnologia se tornou uma parte integrante da educa\u00e7\u00e3o e do entretenimento. Durante esses momentos, as crian\u00e7as s\u00e3o encorajadas a se mover, esticar ou at\u00e9 mesmo participar de jogos que promovem a atividade f\u00edsica.<\/p>\n<p>A ideia \u00e9 quebrar o ciclo de tempo de tela cont\u00ednuo, que pode levar \u00e0 fadiga mental e f\u00edsica, e proporcionar um espa\u00e7o para que as crian\u00e7as recarreguem as suas energias. Al\u00e9m disso, as pausas ativas n\u00e3o s\u00e3o apenas uma forma de descanso; elas tamb\u00e9m desempenham um papel crucial no desenvolvimento f\u00edsico e cognitivo das crian\u00e7as. Ao integrar essas pausas na rotina di\u00e1ria, estamos a promover h\u00e1bitos saud\u00e1veis desde cedo.<\/p>\n<p>As pausas ativas podem ser vistas como uma oportunidade para as crian\u00e7as se desconectarem do mundo digital e se reconectarem com o seu corpo e o ambiente ao seu redor. Isso \u00e9 especialmente importante em tempos em que o sedentarismo est\u00e1 em ascens\u00e3o e as crian\u00e7as passam cada vez mais tempo em frente a ecr\u00e3s.<\/p><\/div>\n<nav class=\"dynseo-toc\">\n<div class=\"toc-title\">\ud83d\udccb Sommaire<\/div>\n<ol>\n<li style=\"border-left:4px solid #ffeca7\"><a href=\"#section-1\">A import\u00e2ncia das pausas ativas para as crian\u00e7as<\/a><\/li>\n<li style=\"border-left:4px solid #e73469\"><a href=\"#section-2\">Como as pausas ativas podem melhorar a concentra\u00e7\u00e3o das crian\u00e7as<\/a><\/li>\n<li style=\"border-left:4px solid #a9e2e4\"><a href=\"#section-3\">Estrat\u00e9gias para implementar pausas ativas na rotina das crian\u00e7as<\/a><\/li>\n<li style=\"border-left:4px solid #5e5ed7\"><a href=\"#section-4\">Exemplos de atividades de pausas ativas para crian\u00e7as<\/a><\/li>\n<li style=\"border-left:4px solid #5268c9\"><a href=\"#section-5\">Os benef\u00edcios a longo prazo das pausas ativas na tela<\/a><\/li>\n<li style=\"border-left:4px solid #ffeca7\"><a href=\"#section-6\">Como os pais e educadores podem apoiar as pausas ativas das crian\u00e7as<\/a><\/li>\n<li style=\"border-left:4px solid #e73469\"><a href=\"#section-7\">Considera\u00e7\u00f5es finais sobre a import\u00e2ncia das pausas ativas na tela<\/a><\/li>\n<\/ol>\n<\/nav>\n<section class=\"dynseo-section\">\n<h2 id=\"section-1\">A import\u00e2ncia das pausas ativas para as crian\u00e7as<\/h2>\n<p>A import\u00e2ncia das pausas ativas para as crian\u00e7as n\u00e3o pode ser subestimada. Em primeiro lugar, elas ajudam a prevenir problemas de sa\u00fade associados ao sedentarismo, como obesidade e problemas posturais. Quando as crian\u00e7as ficam sentadas por longos per\u00edodos, os m\u00fasculos enfraquecem e a circula\u00e7\u00e3o sangu\u00ednea diminui, o que pode levar a uma s\u00e9rie de complica\u00e7\u00f5es a longo prazo.<\/p>\n<p>Ao implementar pausas ativas, estamos a garantir que as crian\u00e7as se movam regularmente, promovendo um estilo de vida mais saud\u00e1vel e ativo. Al\u00e9m disso, essas pausas ajudam a melhorar a sa\u00fade mental das crian\u00e7as, proporcionando momentos de al\u00edvio do stress e da ansiedade. Outro aspecto importante \u00e9 que as pausas ativas podem contribuir para o desenvolvimento social das crian\u00e7as.<\/p>\n<p>Durante essas atividades, elas t\u00eam a oportunidade de interagir com os colegas, desenvolver habilidades sociais e aprender a trabalhar em equipa. Isso \u00e9 especialmente relevante em ambientes escolares, onde a colabora\u00e7\u00e3o e a comunica\u00e7\u00e3o s\u00e3o fundamentais para o sucesso acad\u00e9mico. As pausas ativas n\u00e3o s\u00f3 promovem o bem-estar f\u00edsico, mas tamb\u00e9m criam um ambiente mais positivo e inclusivo para todos os alunos.<\/section>\n<section class=\"dynseo-section\">\n<h2 id=\"section-2\">Como as pausas ativas podem melhorar a concentra\u00e7\u00e3o das crian\u00e7as<\/h2>\n<p><img decoding=\"async\" id=\"3\" style=\"max-width: 100%;margin-left: auto;margin-right: auto;width: 70%\" src=\"https:\/\/www.dynseo.com\/pt-pt\/wp-content\/uploads\/2024\/11\/abcdhe-177.jpg\" \/><\/p>\n<p>As pausas ativas t\u00eam um impacto significativo na capacidade de concentra\u00e7\u00e3o das crian\u00e7as. Quando permanecemos focados em uma tarefa por longos per\u00edodos, a nossa mente tende a ficar fatigada, resultando em uma diminui\u00e7\u00e3o da produtividade e da aten\u00e7\u00e3o. Ao introduzir <a href=\"https:\/\/www.dynseo.com\/pt-pt\/uso-de-telas-e-movimento-por-que-pausas-regulares-sao-importantes-para-criancas\/\" title=\"Uso de telas e movimento: por que pausas regulares s\u00e3o importantes para crian\u00e7as\">pausas regulares<\/a>, permitimos que o c\u00e9rebro das crian\u00e7as descanse e se recupere, o que pode levar a um aumento na capacidade de foco quando retornam \u00e0 tarefa original.<\/p>\n<p>Estudos demonstram que pequenas interrup\u00e7\u00f5es na atividade mental podem melhorar o desempenho cognitivo, tornando as crian\u00e7as mais alertas e receptivas ao aprendizado. Al\u00e9m disso, as pausas ativas ajudam a regular os n\u00edveis de energia das crian\u00e7as. Quando se movem durante essas pausas, elas aumentam a circula\u00e7\u00e3o sangu\u00ednea e a oxigena\u00e7\u00e3o do c\u00e9rebro, o que pode resultar em uma maior clareza mental e criatividade.<\/p>\n<p>Essa combina\u00e7\u00e3o de descanso e atividade f\u00edsica cria um ciclo positivo onde as crian\u00e7as se sentem mais motivadas e engajadas nas suas atividades escolares. Assim, ao promover pausas ativas, estamos n\u00e3o apenas a cuidar da sa\u00fade f\u00edsica das crian\u00e7as, mas tamb\u00e9m a potenciar o seu desempenho acad\u00e9mico.<\/section>\n<div class=\"section-divider\">\u25c6 \u25c6 \u25c6<\/div>\n<section class=\"dynseo-section\">\n<h2 id=\"section-3\">Estrat\u00e9gias para implementar pausas ativas na rotina das crian\u00e7as<\/h2>\n<p>Implementar pausas ativas na rotina das crian\u00e7as pode ser feito de forma simples e eficaz. Uma estrat\u00e9gia \u00e9 estabelecer um cronograma claro que inclua intervalos regulares durante o tempo de tela. Por exemplo, podemos definir que ap\u00f3s 15 minutos de uso do tablet ou computador, as crian\u00e7as devem fazer uma pausa de 5 minutos para se moverem.<\/p>\n<p>Durante esses intervalos, podemos sugerir atividades simples como alongamentos, dan\u00e7as ou at\u00e9 mesmo jogos r\u00e1pidos que incentivem o movimento. Essa estrutura ajuda as crian\u00e7as a entenderem que \u00e9 normal fazer pausas e que isso faz parte do processo de aprendizagem. Outra abordagem \u00e9 tornar as pausas ativas divertidas e envolventes.<\/p>\n<p>Podemos criar desafios ou competi\u00e7\u00f5es amig\u00e1veis entre os alunos ou entre irm\u00e3os para ver quem consegue realizar mais saltos ou quem consegue dan\u00e7ar por mais tempo. Incorporar elementos l\u00fadicos nas pausas n\u00e3o s\u00f3 torna a atividade mais agrad\u00e1vel, mas tamb\u00e9m incentiva as crian\u00e7as a participarem ativamente. Al\u00e9m disso, os pais e educadores podem ser modelos de comportamento ao se juntarem \u00e0s crian\u00e7as durante essas pausas, mostrando que todos podem beneficiar-se de momentos de movimento e descontra\u00e7\u00e3o.<\/section>\n<section class=\"dynseo-section\">\n<h2 id=\"section-4\">Exemplos de atividades de pausas ativas para crian\u00e7as<\/h2>\n<p>Existem in\u00fameras atividades que podemos implementar durante as pausas ativas para manter as crian\u00e7as engajadas e em movimento. Uma op\u00e7\u00e3o popular \u00e9 o &#8220;jogo do espelho&#8221;, onde uma crian\u00e7a imita os movimentos da outra. Isso n\u00e3o s\u00f3 promove a atividade f\u00edsica, mas tamb\u00e9m estimula a criatividade e a coordena\u00e7\u00e3o motora.<\/p>\n<p>Outra atividade divertida \u00e9 criar uma mini pista de obst\u00e1culos com almofadas ou cadeiras, onde as crian\u00e7as podem saltar, rastejar ou correr para completar o percurso. Essas atividades n\u00e3o s\u00f3 s\u00e3o divertidas, mas tamb\u00e9m ajudam a desenvolver habilidades motoras importantes. Al\u00e9m disso, podemos incluir <a href=\"https:\/\/www.dynseo.com\/pt-pt\/revivendo-a-tradicao-como-jogos-tradicionais-beneficiam-a-saude-dos-idosos\/\" title=\"Revivendo a Tradi\u00e7\u00e3o: Como Jogos Tradicionais Beneficiam a Sa\u00fade dos Idosos\">jogos tradicionais<\/a> como &#8220;a dan\u00e7a das cadeiras&#8221; ou &#8220;o jogo do len\u00e7o&#8221;, que incentivam o movimento e a intera\u00e7\u00e3o social entre as crian\u00e7as.<\/p>\n<p>Outra ideia \u00e9 realizar sess\u00f5es curtas de yoga ou medita\u00e7\u00e3o guiada, que podem ajudar as crian\u00e7as a relaxar e recarregar as energias antes de voltar ao trabalho escolar. Essas atividades n\u00e3o s\u00f3 promovem o bem-estar f\u00edsico, mas tamb\u00e9m ajudam as crian\u00e7as a desenvolverem habilidades emocionais importantes, como autocontrole e concentra\u00e7\u00e3o.<\/section>\n<div class=\"section-divider\">\u25c6 \u25c6 \u25c6<\/div>\n<section class=\"dynseo-section\">\n<h2 id=\"section-5\">Os benef\u00edcios a longo prazo das pausas ativas na tela<\/h2>\n<p><img decoding=\"async\" id=\"2\" style=\"max-width: 100%;margin-left: auto;margin-right: auto;width: 70%\" src=\"https:\/\/www.dynseo.com\/pt-pt\/wp-content\/uploads\/2024\/11\/image-354.jpg\" \/><\/p>\n<h3>Os Benef\u00edcios das Pausas Ativas<\/h3>\n<p>Os benef\u00edcios das pausas ativas v\u00e3o muito al\u00e9m do momento imediato; eles t\u00eam um impacto duradouro na vida das crian\u00e7as. Ao estabelecer h\u00e1bitos saud\u00e1veis desde cedo, estamos a preparar as crian\u00e7as para um futuro onde elas valorizam a atividade f\u00edsica e o bem-estar mental.<\/p>\n<h3>Impacto a Longo Prazo<\/h3>\n<p>Estudos mostram que crian\u00e7as que incorporam pausas ativas em suas rotinas tendem a manter esses h\u00e1bitos \u00e0 medida que crescem, resultando em adultos mais saud\u00e1veis e ativos. Isso pode levar \u00e0 redu\u00e7\u00e3o do risco de doen\u00e7as cr\u00f3nicas associadas ao sedentarismo, como diabetes tipo 2 e doen\u00e7as card\u00edacas.<\/p>\n<h3>Desenvolvimento Emocional e Social<\/h3>\n<p>Al\u00e9m disso, as pausas ativas podem contribuir para um desenvolvimento emocional mais equilibrado. Crian\u00e7as que aprendem a regular suas emo\u00e7\u00f5es atrav\u00e9s da atividade f\u00edsica tendem a ter melhores habilidades sociais e uma maior capacidade de lidar com o stress. Isso \u00e9 especialmente importante em um mundo onde as press\u00f5es sociais e acad\u00e9micas est\u00e3o em constante aumento.<b><\/b><\/p>\n<h3>Preparando as Crian\u00e7as para o Futuro<\/h3>\n<p>Ao promover pausas ativas, estamos n\u00e3o apenas a cuidar da sa\u00fade f\u00edsica das crian\u00e7as, mas tamb\u00e9m a equip\u00e1-las com ferramentas valiosas para enfrentar os desafios da vida.<\/section>\n<section class=\"dynseo-section\">\n<h2 id=\"section-6\">Como os pais e educadores podem apoiar as pausas ativas das crian\u00e7as<\/h2>\n<p>Os pais e educadores desempenham um papel fundamental na promo\u00e7\u00e3o das pausas ativas entre as crian\u00e7as. Uma maneira eficaz de apoiar essas pr\u00e1ticas \u00e9 criar um ambiente que valorize o movimento e o descanso regular. Isso pode incluir limitar o tempo de tela em casa e incentivar atividades f\u00edsicas ao ar livre sempre que poss\u00edvel.<\/p>\n<p>Al\u00e9m disso, os pais podem participar ativamente dessas pausas, tornando-as momentos familiares divertidos onde todos se movem juntos. Essa abordagem n\u00e3o s\u00f3 refor\u00e7a a import\u00e2ncia das pausas ativas, mas tamb\u00e9m fortalece os la\u00e7os familiares. Os educadores tamb\u00e9m podem integrar pausas ativas nas suas aulas di\u00e1rias.<b><\/p>\n<p>Ao planejar atividades que incluam movimento entre tarefas acad\u00e9micas, eles ajudam os alunos a entenderem que aprender pode ser divertido e din\u00e2mico.<\/b> Al\u00e9m disso, os educadores podem educar os alunos sobre os benef\u00edcios das pausas ativas, ajudando-os a desenvolver uma consci\u00eancia sobre sua pr\u00f3pria sa\u00fade f\u00edsica e mental. Essa educa\u00e7\u00e3o pode ser fundamental para cultivar uma gera\u00e7\u00e3o de crian\u00e7as que valorizam o equil\u00edbrio entre tecnologia e atividade f\u00edsica.<\/section>\n<div class=\"section-divider\">\u25c6 \u25c6 \u25c6<\/div>\n<section class=\"dynseo-section\">\n<h2 id=\"section-7\">Considera\u00e7\u00f5es finais sobre a import\u00e2ncia das pausas ativas na tela<\/h2>\n<p>Em suma, as pausas ativas na tela s\u00e3o uma pr\u00e1tica essencial para promover o bem-estar f\u00edsico e mental das crian\u00e7as na era digital. Ao implementar essas pausas nas rotinas di\u00e1rias, estamos n\u00e3o apenas a cuidar da sa\u00fade imediata dos nossos filhos, mas tamb\u00e9m a prepar\u00e1-los para um futuro mais saud\u00e1vel e equilibrado. As evid\u00eancias mostram que essas interrup\u00e7\u00f5es regulares podem melhorar a concentra\u00e7\u00e3o, aumentar o desempenho acad\u00e9mico e promover intera\u00e7\u00f5es sociais positivas entre as crian\u00e7as.<\/p>\n<p>Portanto, \u00e9 fundamental que tanto pais quanto educadores reconhe\u00e7am a import\u00e2ncia dessas pr\u00e1ticas e trabalhem juntos para integr\u00e1-las nas vidas das crian\u00e7as. Ao fazermos isso, estamos n\u00e3o apenas a promover h\u00e1bitos saud\u00e1veis desde cedo, mas tamb\u00e9m a criar um ambiente onde as crian\u00e7as possam prosperar tanto academicamente quanto emocionalmente. As pausas ativas s\u00e3o uma oportunidade valiosa para ensinar \u00e0s nossas crian\u00e7as sobre equil\u00edbrio, sa\u00fade e bem-estar em um mundo cada vez mais digitalizado.<\/p>\n<p>Se est\u00e1 interessado em explorar mais sobre como breves per\u00edodos de atividade podem beneficiar a concentra\u00e7\u00e3o, n\u00e3o apenas em crian\u00e7as mas tamb\u00e9m em adultos, especialmente aqueles que enfrentam desafios cognitivos como a doen\u00e7a de Alzheimer, recomendo a leitura de um artigo sobre terapias n\u00e3o medicamentosas para a doen\u00e7a de Alzheimer. Este artigo oferece uma perspectiva detalhada sobre como atividades estruturadas podem ajudar a manter a fun\u00e7\u00e3o cognitiva em adultos mais velhos.<b> Pode ler mais sobre este t\u00f3pico no seguinte link: <a href=\"https:\/\/www.dynseo.com\/pt-pt\/pausas-ativas-na-tela-como-momentos-de-movimento-curto-melhoram-a-concentracao-das-criancas\/\">Terapias N\u00e3o Medicamentosas para a Doen\u00e7a de Alzheimer<\/a>.<\/b><\/section>\n<\/div>\n<p>[\/et_pb_code][\/et_pb_column][\/et_pb_row][\/et_pb_section][et_pb_section fb_built=&#8221;1&#8243; _builder_version=&#8221;4.16&#8243;][et_pb_row][et_pb_column type=&#8221;4_4&#8243;][et_pb_code]<script type=\"application\/ld+json\">{\"@context\":\"https:\/\/schema.org\",\"@type\":\"FAQPage\",\"mainEntity\":[{\"@type\":\"Question\",\"name\":\"O que s\u00e3o pausas ativas na tela?\",\"acceptedAnswer\":{\"@type\":\"Answer\",\"text\":\"As pausas ativas na tela s\u00e3o intervalos programados que incentivam as crian\u00e7as a se afastarem dos dispositivos eletr\u00f3nicos, como tablets e computadores, para realizar atividades f\u00edsicas ou de relaxamento. O objetivo \u00e9 quebrar o ciclo de tempo de tela cont\u00ednuo e proporcionar um espa\u00e7o para as crian\u00e7as recarregarem as suas energias.\"}},{\"@type\":\"Question\",\"name\":\"Por que as pausas ativas s\u00e3o importantes para as crian\u00e7as?\",\"acceptedAnswer\":{\"@type\":\"Answer\",\"text\":\"As pausas ativas s\u00e3o essenciais porque ajudam a prevenir problemas de sa\u00fade associados ao sedentarismo, como obesidade e problemas posturais. Al\u00e9m disso, desempenham um papel crucial no desenvolvimento f\u00edsico e cognitivo das crian\u00e7as, evitando a fadiga mental e f\u00edsica causada pelo uso prolongado de ecr\u00e3s.\"}},{\"@type\":\"Question\",\"name\":\"Que tipo de atividades podem ser realizadas durante as pausas ativas?\",\"acceptedAnswer\":{\"@type\":\"Answer\",\"text\":\"Durante as pausas ativas, as crian\u00e7as s\u00e3o encorajadas a se mover, esticar ou participar de jogos que promovem a atividade f\u00edsica. Estas atividades podem incluir exerc\u00edcios de alongamento, movimentos corporais ou qualquer a\u00e7\u00e3o que promova o movimento f\u00edsico e o relaxamento.\"}},{\"@type\":\"Question\",\"name\":\"Como as pausas ativas ajudam na concentra\u00e7\u00e3o das crian\u00e7as?\",\"acceptedAnswer\":{\"@type\":\"Answer\",\"text\":\"As pausas ativas melhoram a concentra\u00e7\u00e3o ao quebrar o ciclo de tempo de tela cont\u00ednuo, prevenindo a fadiga mental. Estes momentos de movimento curto permitem que as crian\u00e7as recarreguem as suas energias, o que resulta numa melhor capacidade de foco quando retornam \u00e0s atividades na tela.\"}},{\"@type\":\"Question\",\"name\":\"Por que \u00e9 importante integrar pausas ativas na rotina di\u00e1ria das crian\u00e7as?\",\"acceptedAnswer\":{\"@type\":\"Answer\",\"text\":\"Integrar pausas ativas na rotina di\u00e1ria \u00e9 fundamental para promover h\u00e1bitos saud\u00e1veis desde cedo. Especialmente em tempos onde o sedentarismo est\u00e1 em ascens\u00e3o e as crian\u00e7as passam cada vez mais tempo em frente a ecr\u00e3s, estas pausas ajudam a estabelecer um equil\u00edbrio saud\u00e1vel entre tecnologia e atividade f\u00edsica.\"}},{\"@type\":\"Question\",\"name\":\"Como as pausas ativas beneficiam o desenvolvimento das crian\u00e7as?\",\"acceptedAnswer\":{\"@type\":\"Answer\",\"text\":\"As pausas ativas desempenham um papel crucial no desenvolvimento f\u00edsico e cognitivo das crian\u00e7as. Elas proporcionam uma oportunidade para as crian\u00e7as se desconectarem do mundo digital e se reconectarem com o seu corpo e o ambiente ao seu redor, promovendo um desenvolvimento mais equilibrado e saud\u00e1vel.\"}}]}<\/script><br \/>\n<script type=\"application\/ld+json\">{\"@context\":\"https:\/\/schema.org\",\"@type\":\"FAQPage\",\"mainEntity\":[{\"@type\":\"Question\",\"name\":\"O que s\u00e3o pausas ativas na tela?\",\"acceptedAnswer\":{\"@type\":\"Answer\",\"text\":\"As pausas ativas na tela s\u00e3o intervalos programados que incentivam as crian\u00e7as a se afastarem dos dispositivos eletr\u00f3nicos, como tablets e computadores, para realizar atividades f\u00edsicas ou de relaxamento. O objetivo \u00e9 quebrar o ciclo de tempo de tela cont\u00ednuo e proporcionar um espa\u00e7o para as crian\u00e7as recarregarem as suas energias.\"}},{\"@type\":\"Question\",\"name\":\"Por que as pausas ativas s\u00e3o importantes para as crian\u00e7as?\",\"acceptedAnswer\":{\"@type\":\"Answer\",\"text\":\"As pausas ativas s\u00e3o essenciais porque ajudam a prevenir problemas de sa\u00fade associados ao sedentarismo, como obesidade e problemas posturais. Al\u00e9m disso, desempenham um papel crucial no desenvolvimento f\u00edsico e cognitivo das crian\u00e7as, evitando a fadiga mental e f\u00edsica causada pelo uso prolongado de ecr\u00e3s.\"}},{\"@type\":\"Question\",\"name\":\"Que tipo de atividades podem ser realizadas durante as pausas ativas?\",\"acceptedAnswer\":{\"@type\":\"Answer\",\"text\":\"Durante as pausas ativas, as crian\u00e7as s\u00e3o encorajadas a se mover, esticar ou participar de jogos que promovem a atividade f\u00edsica. Estas atividades podem incluir exerc\u00edcios de alongamento, movimentos corporais ou qualquer a\u00e7\u00e3o que promova o movimento f\u00edsico e o relaxamento.\"}},{\"@type\":\"Question\",\"name\":\"Como as pausas ativas ajudam na concentra\u00e7\u00e3o das crian\u00e7as?\",\"acceptedAnswer\":{\"@type\":\"Answer\",\"text\":\"As pausas ativas melhoram a concentra\u00e7\u00e3o ao quebrar o ciclo de tempo de tela cont\u00ednuo, prevenindo a fadiga mental. Estes momentos de movimento curto permitem que as crian\u00e7as recarreguem as suas energias, o que resulta numa melhor capacidade de foco quando retornam \u00e0s atividades na tela.\"}},{\"@type\":\"Question\",\"name\":\"Por que \u00e9 importante integrar pausas ativas na rotina di\u00e1ria das crian\u00e7as?\",\"acceptedAnswer\":{\"@type\":\"Answer\",\"text\":\"Integrar pausas ativas na rotina di\u00e1ria \u00e9 fundamental para promover h\u00e1bitos saud\u00e1veis desde cedo. Especialmente em tempos onde o sedentarismo est\u00e1 em ascens\u00e3o e as crian\u00e7as passam cada vez mais tempo em frente a ecr\u00e3s, estas pausas ajudam a estabelecer um equil\u00edbrio saud\u00e1vel entre tecnologia e atividade f\u00edsica.\"}},{\"@type\":\"Question\",\"name\":\"Como as pausas ativas beneficiam o desenvolvimento das crian\u00e7as?\",\"acceptedAnswer\":{\"@type\":\"Answer\",\"text\":\"As pausas ativas desempenham um papel crucial no desenvolvimento f\u00edsico e cognitivo das crian\u00e7as. Elas proporcionam uma oportunidade para as crian\u00e7as se desconectarem do mundo digital e se reconectarem com o seu corpo e o ambiente ao seu redor, promovendo um desenvolvimento mais equilibrado e saud\u00e1vel.\"}}]}<\/script>[\/et_pb_code][\/et_pb_column][\/et_pb_row][\/et_pb_section]<\/p>\n","protected":false},"excerpt":{"rendered":"<div class=\"et_pb_row et_pb_row_0 et_pb_row_empty\">\n\t\t\t\t\n\t\t\t\t\n\t\t\t\t\n\t\t\t\t\n\t\t\t\t\n\t\t\t<\/div>\n","protected":false},"author":4,"featured_media":415450,"comment_status":"closed","ping_status":"closed","sticky":false,"template":"","format":"standard","meta":{"_et_pb_use_builder":"on","_et_pb_old_content":"","_et_gb_content_width":"","footnotes":""},"categories":[3508,3511],"tags":[],"class_list":["post-134405","post","type-post","status-publish","format-standard","has-post-thumbnail","hentry","category-tudo-sobre-escolas-digitais","category-3511"],"yoast_head":"<!-- This site is optimized with the Yoast SEO plugin v27.4 - https:\/\/yoast.com\/product\/yoast-seo-wordpress\/ -->\n<title>Pausas ativas na tela: como momentos de movimento curto melhoram a concentra\u00e7\u00e3o das crian\u00e7as - DYNSEO - Aplica\u00e7\u00f5es educativas e jogos de mem\u00f3ria<\/title>\n<meta name=\"robots\" content=\"index, follow, max-snippet:-1, max-image-preview:large, max-video-preview:-1\" \/>\n<link rel=\"canonical\" href=\"https:\/\/www.dynseo.com\/pt-pt\/pausas-ativas-na-tela-como-momentos-de-movimento-curto-melhoram-a-concentracao-das-criancas\/\" \/>\n<meta property=\"og:locale\" content=\"pt_PT\" \/>\n<meta property=\"og:type\" content=\"article\" \/>\n<meta property=\"og:title\" content=\"Pausas ativas na tela: como momentos de movimento curto melhoram a concentra\u00e7\u00e3o das crian\u00e7as - DYNSEO - Aplica\u00e7\u00f5es educativas e jogos de mem\u00f3ria\" \/>\n<meta property=\"og:url\" content=\"https:\/\/www.dynseo.com\/pt-pt\/pausas-ativas-na-tela-como-momentos-de-movimento-curto-melhoram-a-concentracao-das-criancas\/\" \/>\n<meta property=\"og:site_name\" content=\"DYNSEO - Aplica\u00e7\u00f5es educativas e jogos de mem\u00f3ria\" \/>\n<meta property=\"article:published_time\" content=\"2024-11-30T11:41:18+00:00\" \/>\n<meta property=\"article:modified_time\" content=\"2025-12-26T14:57:14+00:00\" \/>\n<meta property=\"og:image\" content=\"https:\/\/www.dynseo.com\/wp-content\/uploads\/2025\/10\/digital-school-ecol-enumerique-3-1024x768.png\" \/>\n\t<meta property=\"og:image:width\" content=\"1024\" \/>\n\t<meta property=\"og:image:height\" content=\"768\" \/>\n\t<meta property=\"og:image:type\" content=\"image\/png\" \/>\n<meta name=\"author\" content=\"DYNSEO\" \/>\n<meta name=\"twitter:label1\" content=\"Escrito por\" \/>\n\t<meta name=\"twitter:data1\" content=\"DYNSEO\" \/>\n\t<meta name=\"twitter:label2\" content=\"Tempo estimado de leitura\" \/>\n\t<meta name=\"twitter:data2\" content=\"10 minutos\" \/>\n<script type=\"application\/ld+json\" class=\"yoast-schema-graph\">{\"@context\":\"https:\\\/\\\/schema.org\",\"@graph\":[{\"@type\":\"Article\",\"@id\":\"https:\\\/\\\/www.dynseo.com\\\/pt-pt\\\/pausas-ativas-na-tela-como-momentos-de-movimento-curto-melhoram-a-concentracao-das-criancas\\\/#article\",\"isPartOf\":{\"@id\":\"https:\\\/\\\/www.dynseo.com\\\/pt-pt\\\/pausas-ativas-na-tela-como-momentos-de-movimento-curto-melhoram-a-concentracao-das-criancas\\\/\"},\"author\":{\"name\":\"DYNSEO\",\"@id\":\"https:\\\/\\\/www.dynseo.com\\\/pt-pt\\\/#\\\/schema\\\/person\\\/78ef63df2ee64e0989bc68f8401b38d6\"},\"headline\":\"Pausas ativas na tela: como momentos de movimento curto melhoram a concentra\u00e7\u00e3o das crian\u00e7as\",\"datePublished\":\"2024-11-30T11:41:18+00:00\",\"dateModified\":\"2025-12-26T14:57:14+00:00\",\"mainEntityOfPage\":{\"@id\":\"https:\\\/\\\/www.dynseo.com\\\/pt-pt\\\/pausas-ativas-na-tela-como-momentos-de-movimento-curto-melhoram-a-concentracao-das-criancas\\\/\"},\"wordCount\":1948,\"publisher\":{\"@id\":\"https:\\\/\\\/www.dynseo.com\\\/pt-pt\\\/#organization\"},\"image\":{\"@id\":\"https:\\\/\\\/www.dynseo.com\\\/pt-pt\\\/pausas-ativas-na-tela-como-momentos-de-movimento-curto-melhoram-a-concentracao-das-criancas\\\/#primaryimage\"},\"thumbnailUrl\":\"https:\\\/\\\/www.dynseo.com\\\/wp-content\\\/uploads\\\/2025\\\/10\\\/digital-school-ecol-enumerique-3.png\",\"articleSection\":[\"Tudo sobre escolas digitais\",\"\u5173\u4e8e\u6570\u5b57\u5316\u5b66\u6821\"],\"inLanguage\":\"pt-PT\"},{\"@type\":\"WebPage\",\"@id\":\"https:\\\/\\\/www.dynseo.com\\\/pt-pt\\\/pausas-ativas-na-tela-como-momentos-de-movimento-curto-melhoram-a-concentracao-das-criancas\\\/\",\"url\":\"https:\\\/\\\/www.dynseo.com\\\/pt-pt\\\/pausas-ativas-na-tela-como-momentos-de-movimento-curto-melhoram-a-concentracao-das-criancas\\\/\",\"name\":\"Pausas ativas na tela: como momentos de movimento curto melhoram a concentra\u00e7\u00e3o das crian\u00e7as - DYNSEO - Aplica\u00e7\u00f5es educativas e jogos de mem\u00f3ria\",\"isPartOf\":{\"@id\":\"https:\\\/\\\/www.dynseo.com\\\/pt-pt\\\/#website\"},\"primaryImageOfPage\":{\"@id\":\"https:\\\/\\\/www.dynseo.com\\\/pt-pt\\\/pausas-ativas-na-tela-como-momentos-de-movimento-curto-melhoram-a-concentracao-das-criancas\\\/#primaryimage\"},\"image\":{\"@id\":\"https:\\\/\\\/www.dynseo.com\\\/pt-pt\\\/pausas-ativas-na-tela-como-momentos-de-movimento-curto-melhoram-a-concentracao-das-criancas\\\/#primaryimage\"},\"thumbnailUrl\":\"https:\\\/\\\/www.dynseo.com\\\/wp-content\\\/uploads\\\/2025\\\/10\\\/digital-school-ecol-enumerique-3.png\",\"datePublished\":\"2024-11-30T11:41:18+00:00\",\"dateModified\":\"2025-12-26T14:57:14+00:00\",\"breadcrumb\":{\"@id\":\"https:\\\/\\\/www.dynseo.com\\\/pt-pt\\\/pausas-ativas-na-tela-como-momentos-de-movimento-curto-melhoram-a-concentracao-das-criancas\\\/#breadcrumb\"},\"inLanguage\":\"pt-PT\",\"potentialAction\":[{\"@type\":\"ReadAction\",\"target\":[\"https:\\\/\\\/www.dynseo.com\\\/pt-pt\\\/pausas-ativas-na-tela-como-momentos-de-movimento-curto-melhoram-a-concentracao-das-criancas\\\/\"]}]},{\"@type\":\"ImageObject\",\"inLanguage\":\"pt-PT\",\"@id\":\"https:\\\/\\\/www.dynseo.com\\\/pt-pt\\\/pausas-ativas-na-tela-como-momentos-de-movimento-curto-melhoram-a-concentracao-das-criancas\\\/#primaryimage\",\"url\":\"https:\\\/\\\/www.dynseo.com\\\/wp-content\\\/uploads\\\/2025\\\/10\\\/digital-school-ecol-enumerique-3.png\",\"contentUrl\":\"https:\\\/\\\/www.dynseo.com\\\/wp-content\\\/uploads\\\/2025\\\/10\\\/digital-school-ecol-enumerique-3.png\",\"width\":2000,\"height\":1500,\"caption\":\"Mantenha a mente afiada e a mem\u00f3ria ativa com jogos de mem\u00f3ria especialmente desenvolvidos para idosos\"},{\"@type\":\"BreadcrumbList\",\"@id\":\"https:\\\/\\\/www.dynseo.com\\\/pt-pt\\\/pausas-ativas-na-tela-como-momentos-de-movimento-curto-melhoram-a-concentracao-das-criancas\\\/#breadcrumb\",\"itemListElement\":[{\"@type\":\"ListItem\",\"position\":1,\"name\":\"Accueil\",\"item\":\"https:\\\/\\\/www.dynseo.com\\\/pt-pt\\\/\"},{\"@type\":\"ListItem\",\"position\":2,\"name\":\"Pausas ativas na tela: como momentos de movimento curto melhoram a concentra\u00e7\u00e3o das crian\u00e7as\"}]},{\"@type\":\"WebSite\",\"@id\":\"https:\\\/\\\/www.dynseo.com\\\/pt-pt\\\/#website\",\"url\":\"https:\\\/\\\/www.dynseo.com\\\/pt-pt\\\/\",\"name\":\"Jeux de m\u00e9moire et stimulation cognitive\",\"description\":\"Entra\u00eenez votre m\u00e9moire et votre cerveau avec DYNSEO\",\"publisher\":{\"@id\":\"https:\\\/\\\/www.dynseo.com\\\/pt-pt\\\/#organization\"},\"potentialAction\":[{\"@type\":\"SearchAction\",\"target\":{\"@type\":\"EntryPoint\",\"urlTemplate\":\"https:\\\/\\\/www.dynseo.com\\\/pt-pt\\\/?s={search_term_string}\"},\"query-input\":{\"@type\":\"PropertyValueSpecification\",\"valueRequired\":true,\"valueName\":\"search_term_string\"}}],\"inLanguage\":\"pt-PT\"},{\"@type\":\"Organization\",\"@id\":\"https:\\\/\\\/www.dynseo.com\\\/pt-pt\\\/#organization\",\"name\":\"DYNSEO\",\"url\":\"https:\\\/\\\/www.dynseo.com\\\/pt-pt\\\/\",\"logo\":{\"@type\":\"ImageObject\",\"inLanguage\":\"pt-PT\",\"@id\":\"https:\\\/\\\/www.dynseo.com\\\/pt-pt\\\/#\\\/schema\\\/logo\\\/image\\\/\",\"url\":\"https:\\\/\\\/www.dynseo.com\\\/wp-content\\\/uploads\\\/2022\\\/05\\\/logo-dynseo-new.png\",\"contentUrl\":\"https:\\\/\\\/www.dynseo.com\\\/wp-content\\\/uploads\\\/2022\\\/05\\\/logo-dynseo-new.png\",\"width\":5073,\"height\":1397,\"caption\":\"DYNSEO\"},\"image\":{\"@id\":\"https:\\\/\\\/www.dynseo.com\\\/pt-pt\\\/#\\\/schema\\\/logo\\\/image\\\/\"}},{\"@type\":\"Person\",\"@id\":\"https:\\\/\\\/www.dynseo.com\\\/pt-pt\\\/#\\\/schema\\\/person\\\/78ef63df2ee64e0989bc68f8401b38d6\",\"name\":\"DYNSEO\",\"url\":\"https:\\\/\\\/www.dynseo.com\\\/pt-pt\\\/author\\\/justine\\\/\"}]}<\/script>\n<!-- \/ Yoast SEO plugin. -->","yoast_head_json":{"title":"Pausas ativas na tela: como momentos de movimento curto melhoram a concentra\u00e7\u00e3o das crian\u00e7as - DYNSEO - Aplica\u00e7\u00f5es educativas e jogos de mem\u00f3ria","robots":{"index":"index","follow":"follow","max-snippet":"max-snippet:-1","max-image-preview":"max-image-preview:large","max-video-preview":"max-video-preview:-1"},"canonical":"https:\/\/www.dynseo.com\/pt-pt\/pausas-ativas-na-tela-como-momentos-de-movimento-curto-melhoram-a-concentracao-das-criancas\/","og_locale":"pt_PT","og_type":"article","og_title":"Pausas ativas na tela: como momentos de movimento curto melhoram a concentra\u00e7\u00e3o das crian\u00e7as - DYNSEO - Aplica\u00e7\u00f5es educativas e jogos de mem\u00f3ria","og_url":"https:\/\/www.dynseo.com\/pt-pt\/pausas-ativas-na-tela-como-momentos-de-movimento-curto-melhoram-a-concentracao-das-criancas\/","og_site_name":"DYNSEO - Aplica\u00e7\u00f5es educativas e jogos de mem\u00f3ria","article_published_time":"2024-11-30T11:41:18+00:00","article_modified_time":"2025-12-26T14:57:14+00:00","og_image":[{"width":1024,"height":768,"url":"https:\/\/www.dynseo.com\/wp-content\/uploads\/2025\/10\/digital-school-ecol-enumerique-3-1024x768.png","type":"image\/png"}],"author":"DYNSEO","twitter_misc":{"Escrito por":"DYNSEO","Tempo estimado de leitura":"10 minutos"},"schema":{"@context":"https:\/\/schema.org","@graph":[{"@type":"Article","@id":"https:\/\/www.dynseo.com\/pt-pt\/pausas-ativas-na-tela-como-momentos-de-movimento-curto-melhoram-a-concentracao-das-criancas\/#article","isPartOf":{"@id":"https:\/\/www.dynseo.com\/pt-pt\/pausas-ativas-na-tela-como-momentos-de-movimento-curto-melhoram-a-concentracao-das-criancas\/"},"author":{"name":"DYNSEO","@id":"https:\/\/www.dynseo.com\/pt-pt\/#\/schema\/person\/78ef63df2ee64e0989bc68f8401b38d6"},"headline":"Pausas ativas na tela: como momentos de movimento curto melhoram a concentra\u00e7\u00e3o das crian\u00e7as","datePublished":"2024-11-30T11:41:18+00:00","dateModified":"2025-12-26T14:57:14+00:00","mainEntityOfPage":{"@id":"https:\/\/www.dynseo.com\/pt-pt\/pausas-ativas-na-tela-como-momentos-de-movimento-curto-melhoram-a-concentracao-das-criancas\/"},"wordCount":1948,"publisher":{"@id":"https:\/\/www.dynseo.com\/pt-pt\/#organization"},"image":{"@id":"https:\/\/www.dynseo.com\/pt-pt\/pausas-ativas-na-tela-como-momentos-de-movimento-curto-melhoram-a-concentracao-das-criancas\/#primaryimage"},"thumbnailUrl":"https:\/\/www.dynseo.com\/wp-content\/uploads\/2025\/10\/digital-school-ecol-enumerique-3.png","articleSection":["Tudo sobre escolas digitais","\u5173\u4e8e\u6570\u5b57\u5316\u5b66\u6821"],"inLanguage":"pt-PT"},{"@type":"WebPage","@id":"https:\/\/www.dynseo.com\/pt-pt\/pausas-ativas-na-tela-como-momentos-de-movimento-curto-melhoram-a-concentracao-das-criancas\/","url":"https:\/\/www.dynseo.com\/pt-pt\/pausas-ativas-na-tela-como-momentos-de-movimento-curto-melhoram-a-concentracao-das-criancas\/","name":"Pausas ativas na tela: como momentos de movimento curto melhoram a concentra\u00e7\u00e3o das crian\u00e7as - DYNSEO - Aplica\u00e7\u00f5es educativas e jogos de mem\u00f3ria","isPartOf":{"@id":"https:\/\/www.dynseo.com\/pt-pt\/#website"},"primaryImageOfPage":{"@id":"https:\/\/www.dynseo.com\/pt-pt\/pausas-ativas-na-tela-como-momentos-de-movimento-curto-melhoram-a-concentracao-das-criancas\/#primaryimage"},"image":{"@id":"https:\/\/www.dynseo.com\/pt-pt\/pausas-ativas-na-tela-como-momentos-de-movimento-curto-melhoram-a-concentracao-das-criancas\/#primaryimage"},"thumbnailUrl":"https:\/\/www.dynseo.com\/wp-content\/uploads\/2025\/10\/digital-school-ecol-enumerique-3.png","datePublished":"2024-11-30T11:41:18+00:00","dateModified":"2025-12-26T14:57:14+00:00","breadcrumb":{"@id":"https:\/\/www.dynseo.com\/pt-pt\/pausas-ativas-na-tela-como-momentos-de-movimento-curto-melhoram-a-concentracao-das-criancas\/#breadcrumb"},"inLanguage":"pt-PT","potentialAction":[{"@type":"ReadAction","target":["https:\/\/www.dynseo.com\/pt-pt\/pausas-ativas-na-tela-como-momentos-de-movimento-curto-melhoram-a-concentracao-das-criancas\/"]}]},{"@type":"ImageObject","inLanguage":"pt-PT","@id":"https:\/\/www.dynseo.com\/pt-pt\/pausas-ativas-na-tela-como-momentos-de-movimento-curto-melhoram-a-concentracao-das-criancas\/#primaryimage","url":"https:\/\/www.dynseo.com\/wp-content\/uploads\/2025\/10\/digital-school-ecol-enumerique-3.png","contentUrl":"https:\/\/www.dynseo.com\/wp-content\/uploads\/2025\/10\/digital-school-ecol-enumerique-3.png","width":2000,"height":1500,"caption":"Mantenha a mente afiada e a mem\u00f3ria ativa com jogos de mem\u00f3ria especialmente desenvolvidos para idosos"},{"@type":"BreadcrumbList","@id":"https:\/\/www.dynseo.com\/pt-pt\/pausas-ativas-na-tela-como-momentos-de-movimento-curto-melhoram-a-concentracao-das-criancas\/#breadcrumb","itemListElement":[{"@type":"ListItem","position":1,"name":"Accueil","item":"https:\/\/www.dynseo.com\/pt-pt\/"},{"@type":"ListItem","position":2,"name":"Pausas ativas na tela: como momentos de movimento curto melhoram a concentra\u00e7\u00e3o das crian\u00e7as"}]},{"@type":"WebSite","@id":"https:\/\/www.dynseo.com\/pt-pt\/#website","url":"https:\/\/www.dynseo.com\/pt-pt\/","name":"Jeux de m\u00e9moire et stimulation cognitive","description":"Entra\u00eenez votre m\u00e9moire et votre cerveau avec DYNSEO","publisher":{"@id":"https:\/\/www.dynseo.com\/pt-pt\/#organization"},"potentialAction":[{"@type":"SearchAction","target":{"@type":"EntryPoint","urlTemplate":"https:\/\/www.dynseo.com\/pt-pt\/?s={search_term_string}"},"query-input":{"@type":"PropertyValueSpecification","valueRequired":true,"valueName":"search_term_string"}}],"inLanguage":"pt-PT"},{"@type":"Organization","@id":"https:\/\/www.dynseo.com\/pt-pt\/#organization","name":"DYNSEO","url":"https:\/\/www.dynseo.com\/pt-pt\/","logo":{"@type":"ImageObject","inLanguage":"pt-PT","@id":"https:\/\/www.dynseo.com\/pt-pt\/#\/schema\/logo\/image\/","url":"https:\/\/www.dynseo.com\/wp-content\/uploads\/2022\/05\/logo-dynseo-new.png","contentUrl":"https:\/\/www.dynseo.com\/wp-content\/uploads\/2022\/05\/logo-dynseo-new.png","width":5073,"height":1397,"caption":"DYNSEO"},"image":{"@id":"https:\/\/www.dynseo.com\/pt-pt\/#\/schema\/logo\/image\/"}},{"@type":"Person","@id":"https:\/\/www.dynseo.com\/pt-pt\/#\/schema\/person\/78ef63df2ee64e0989bc68f8401b38d6","name":"DYNSEO","url":"https:\/\/www.dynseo.com\/pt-pt\/author\/justine\/"}]}},"_links":{"self":[{"href":"https:\/\/www.dynseo.com\/pt-pt\/wp-json\/wp\/v2\/posts\/134405","targetHints":{"allow":["GET"]}}],"collection":[{"href":"https:\/\/www.dynseo.com\/pt-pt\/wp-json\/wp\/v2\/posts"}],"about":[{"href":"https:\/\/www.dynseo.com\/pt-pt\/wp-json\/wp\/v2\/types\/post"}],"author":[{"embeddable":true,"href":"https:\/\/www.dynseo.com\/pt-pt\/wp-json\/wp\/v2\/users\/4"}],"replies":[{"embeddable":true,"href":"https:\/\/www.dynseo.com\/pt-pt\/wp-json\/wp\/v2\/comments?post=134405"}],"version-history":[{"count":6,"href":"https:\/\/www.dynseo.com\/pt-pt\/wp-json\/wp\/v2\/posts\/134405\/revisions"}],"predecessor-version":[{"id":457142,"href":"https:\/\/www.dynseo.com\/pt-pt\/wp-json\/wp\/v2\/posts\/134405\/revisions\/457142"}],"wp:featuredmedia":[{"embeddable":true,"href":"https:\/\/www.dynseo.com\/pt-pt\/wp-json\/wp\/v2\/media\/415450"}],"wp:attachment":[{"href":"https:\/\/www.dynseo.com\/pt-pt\/wp-json\/wp\/v2\/media?parent=134405"}],"wp:term":[{"taxonomy":"category","embeddable":true,"href":"https:\/\/www.dynseo.com\/pt-pt\/wp-json\/wp\/v2\/categories?post=134405"},{"taxonomy":"post_tag","embeddable":true,"href":"https:\/\/www.dynseo.com\/pt-pt\/wp-json\/wp\/v2\/tags?post=134405"}],"curies":[{"name":"wp","href":"https:\/\/api.w.org\/{rel}","templated":true}]}}