{"id":145016,"date":"2025-06-03T11:07:25","date_gmt":"2025-06-03T09:07:25","guid":{"rendered":"https:\/\/www.dynseo.com\/?p=145016"},"modified":"2025-12-26T15:54:56","modified_gmt":"2025-12-26T14:54:56","slug":"reabilitacao-da-linguagem-pos-avc-por-que-e-essencial-e-como-comecar","status":"publish","type":"post","link":"https:\/\/www.dynseo.com\/pt-pt\/reabilitacao-da-linguagem-pos-avc-por-que-e-essencial-e-como-comecar\/","title":{"rendered":"Reabilita\u00e7\u00e3o da linguagem p\u00f3s-AVC: por que \u00e9 essencial e como come\u00e7ar"},"content":{"rendered":"<p>[et_pb_section fb_built=&#8221;1&#8243; admin_label=&#8221;Article HTML&#8221; _builder_version=&#8221;4.16&#8243;][et_pb_row admin_label=&#8221;Contenu&#8221; _builder_version=&#8221;4.16&#8243;][et_pb_column type=&#8221;4_4&#8243; _builder_version=&#8221;4.16&#8243;][et_pb_code admin_label=&#8221;HTML import\u00e9&#8221; _builder_version=&#8221;4.16&#8243;]<link href=\"https:\/\/fonts.googleapis.com\/css2?family=Montserrat:wght@400;500;600;700;800&#038;display=swap\" rel=\"stylesheet\">\n<style>\n.dynseo-article{font-family:'Montserrat',-apple-system,BlinkMacSystemFont,'Segoe UI',Roboto,sans-serif;line-height:1.8;color:#2c3e50;max-width:100%}\n.dynseo-article h2{font-family:'Montserrat',sans-serif;font-size:1.8rem;color:#1a1a2e;margin:50px 0 25px;padding-bottom:12px;border-bottom:3px solid #a9e2e4;font-weight:700;transition:all .3s ease}\n.dynseo-article h2:hover{padding-left:10px;border-bottom-color:#e73469}\n.dynseo-article h3{font-family:'Montserrat',sans-serif;font-size:1.3rem;color:#5e5ed7;margin:35px 0 18px;font-weight:600;transition:all .3s ease}\n.dynseo-article h3:hover{color:#e73469}\n.dynseo-article p{margin-bottom:18px;font-size:1.05rem;text-align:justify}\n.dynseo-article img{max-width:100%;height:auto;border-radius:16px;margin:25px 0;box-shadow:0 8px 30px rgba(0,0,0,0.1);transition:all .4s ease}\n.dynseo-article img:hover{transform:scale(1.02);box-shadow:0 15px 50px rgba(0,0,0,0.15)}\n.dynseo-intro{font-size:1.15rem;color:#64748b;border-left:4px solid #a9e2e4;padding-left:25px;margin:35px 0;font-style:italic;background:linear-gradient(90deg,rgba(169,226,228,0.1),transparent);padding:20px 25px;border-radius:0 12px 12px 0;transition:all .3s ease}\n.dynseo-intro:hover{border-left-width:6px;background:linear-gradient(90deg,rgba(169,226,228,0.15),transparent)}\n.dynseo-toc{background:linear-gradient(135deg,#f8fafc 0%,#fff 100%);border-radius:20px;padding:35px;margin:40px 0;border:2px solid #e5e7eb;box-shadow:0 4px 20px rgba(0,0,0,0.05);transition:all .3s ease}\n.dynseo-toc:hover{box-shadow:0 8px 35px rgba(0,0,0,0.08);transform:translateY(-2px)}\n.dynseo-toc .toc-title{font-family:'Montserrat',sans-serif;font-size:1.4rem;margin-bottom:25px;color:#1a1a2e;font-weight:700}\n.dynseo-toc ol{list-style:none;padding:0;margin:0;display:grid;grid-template-columns:repeat(2,1fr);gap:12px}\n.dynseo-toc li{background:#fff;border-radius:12px;padding:14px 18px;border:2px solid #f1f5f9;transition:all .3s ease;border-left:4px solid #ffeca7}\n.dynseo-toc li:hover{background:linear-gradient(135deg,#f8fafc,#fff);transform:translateX(8px);box-shadow:0 6px 20px rgba(0,0,0,0.1);border-left-width:6px}\n.dynseo-toc a{color:#1a1a2e;text-decoration:none;font-size:.95rem;font-weight:500;transition:color .3s}\n.dynseo-toc a:hover{color:#5e5ed7}\n.dynseo-article .styled-list,.dynseo-article ul{margin:20px 0 30px;padding:0;list-style:none}\n.dynseo-article .styled-list li,.dynseo-article ul li{position:relative;padding-left:28px;margin-bottom:14px;line-height:1.7;transition:all .3s ease}\n.dynseo-article .styled-list li:hover,.dynseo-article ul li:hover{padding-left:32px}\n.dynseo-article .styled-list li::before,.dynseo-article ul li::before{content:\"\";position:absolute;left:0;top:8px;width:10px;height:10px;background:#e73469;border-radius:50%;box-shadow:0 2px 8px rgba(231,52,105,0.3);transition:all .3s ease}\n.dynseo-article .styled-list li:hover::before,.dynseo-article ul li:hover::before{transform:scale(1.3);box-shadow:0 4px 12px rgba(231,52,105,0.4)}\n.dynseo-article blockquote{background:linear-gradient(135deg,#fff9f0 0%,#fff5eb 100%);border-left:4px solid #ffeca7;border-radius:0 16px 16px 0;padding:28px 32px;margin:35px 0;position:relative;box-shadow:0 4px 20px rgba(255,236,167,0.3);transition:all .3s ease}\n.dynseo-article blockquote:hover{transform:translateX(5px);box-shadow:0 8px 30px rgba(255,236,167,0.4);border-left-width:6px}\n.dynseo-article blockquote::before{content:\"\u275d\";font-size:3rem;color:#ffeca7;opacity:.4;position:absolute;top:10px;left:15px}\n.dynseo-article blockquote p{font-style:italic;margin-bottom:12px;padding-left:30px}\n.dynseo-article blockquote cite{display:block;font-style:normal;font-weight:600;color:#1a1a2e;padding-left:30px}\n.section-divider{text-align:center;margin:60px 0;font-size:1.8rem;letter-spacing:18px;background:linear-gradient(135deg,#ffeca7,#e73469,#a9e2e4);-webkit-background-clip:text;-webkit-text-fill-color:transparent;background-clip:text}\n.dynseo-tip-box{background:linear-gradient(135deg,#ecfdf5 0%,#d1fae5 100%);border:2px solid #a9e2e4;border-radius:16px;padding:25px 30px;margin:35px 0;position:relative;box-shadow:0 4px 20px rgba(169,226,228,0.3);transition:all .3s ease}\n.dynseo-tip-box:hover{transform:translateY(-3px);box-shadow:0 8px 30px rgba(169,226,228,0.4)}\n.dynseo-tip-box-title{font-family:'Montserrat',sans-serif;font-size:1.15rem;font-weight:700;color:#1a1a2e;margin-bottom:12px;display:flex;align-items:center;gap:10px}\n.dynseo-tip-box-title::before{content:\"\ud83d\udca1\";font-size:1.3rem}\n.dynseo-tip-box p{margin:0;color:#2c3e50}\n.dynseo-feature-grid{display:grid;grid-template-columns:repeat(3,1fr);gap:20px;margin:35px 0}\n.dynseo-feature-card{background:#fff;border-radius:20px;padding:30px 25px;text-align:center;border:2px solid #f1f5f9;transition:all .4s ease;position:relative;overflow:hidden}\n.dynseo-feature-card::before{content:\"\";position:absolute;top:0;left:0;right:0;height:4px;background:linear-gradient(90deg,#ffeca7,#e73469);transform:scaleX(0);transition:transform .3s ease}\n.dynseo-feature-card:hover::before{transform:scaleX(1)}\n.dynseo-feature-card:nth-child(3n+1){border-color:rgba(255,236,167,0.5)}\n.dynseo-feature-card:nth-child(3n+2){border-color:rgba(231,52,105,0.3)}\n.dynseo-feature-card:nth-child(3n+3){border-color:rgba(169,226,228,0.5)}\n.dynseo-feature-card:hover{transform:translateY(-8px);box-shadow:0 20px 50px rgba(0,0,0,0.12)}\n.dynseo-feature-card h4{font-family:'Montserrat',sans-serif;color:#1a1a2e;margin-bottom:10px;font-size:1.1rem;font-weight:600}\n.dynseo-feature-card p{font-size:.95rem;color:#64748b;margin:0}\n.dynseo-highlight-box{background:linear-gradient(135deg,#fef3c7 0%,#fde68a 100%);border:2px solid #ffeca7;border-radius:16px;padding:25px 30px;margin:30px 0;transition:all .3s ease}\n.dynseo-highlight-box:hover{transform:translateY(-3px);box-shadow:0 8px 30px rgba(255,236,167,0.4)}\n.dynseo-highlight-box h4{font-family:'Montserrat',sans-serif;color:#1a1a2e;margin:0 0 12px 0;font-size:1.1rem}\n.dynseo-highlight-box p{margin:0;color:#2c3e50}\n@media(max-width:768px){.dynseo-article h2{font-size:1.5rem}.dynseo-toc ol{grid-template-columns:1fr}.dynseo-feature-grid{grid-template-columns:1fr}}\n<\/style>\n<div class=\"dynseo-article\">\n<div class=\"dynseo-intro\">A reabilita\u00e7\u00e3o da linguagem p\u00f3s-AVC \u00e9 um processo terap\u00eautico que visa ajudar os indiv\u00edduos que sofreram um acidente vascular cerebral a recuperar as suas habilidades de comunica\u00e7\u00e3o. Ap\u00f3s um AVC, muitas pessoas enfrentam dificuldades na fala, na compreens\u00e3o e na express\u00e3o verbal, o que pode afetar significativamente a sua vida quotidiana. Este tipo de reabilita\u00e7\u00e3o \u00e9 fundamental para que os pacientes possam retomar a sua capacidade de interagir com os outros e de expressar os seus pensamentos e sentimentos.<\/p>\n<p>Durante a reabilita\u00e7\u00e3o, utilizamos uma variedade de t\u00e9cnicas e abordagens que s\u00e3o adaptadas \u00e0s necessidades espec\u00edficas de cada paciente. O objetivo \u00e9 promover a recupera\u00e7\u00e3o das fun\u00e7\u00f5es lingu\u00edsticas, ajudando os indiv\u00edduos a redescobrir a sua voz e a restabelecer conex\u00f5es sociais. A reabilita\u00e7\u00e3o pode incluir exerc\u00edcios de fala, atividades de leitura e escrita, bem como o uso de <a href=\"https:\/\/www.dynseo.com\/pt-pt\/recuperacao-apos-um-avc-como-treinar-o-cerebro-com-tecnologia\/\" title=\"Recupera\u00e7\u00e3o ap\u00f3s um AVC: como treinar o c\u00e9rebro com tecnologia\">tecnologia<\/a> assistiva, dependendo do grau de comprometimento da linguagem.<\/div>\n<nav class=\"dynseo-toc\">\n<div class=\"toc-title\">\ud83d\udccb Sommaire<\/div>\n<ol>\n<li style=\"border-left:4px solid #ffeca7\"><a href=\"#section-1\">A import\u00e2ncia da reabilita\u00e7\u00e3o da linguagem ap\u00f3s um AVC<\/a><\/li>\n<li style=\"border-left:4px solid #e73469\"><a href=\"#section-2\">Como identificar a necessidade de reabilita\u00e7\u00e3o da linguagem p\u00f3s-AVC<\/a><\/li>\n<li style=\"border-left:4px solid #a9e2e4\"><a href=\"#section-3\">Profissionais envolvidos na reabilita\u00e7\u00e3o da linguagem p\u00f3s-AVC<\/a><\/li>\n<li style=\"border-left:4px solid #5e5ed7\"><a href=\"#section-4\">Estrat\u00e9gias e t\u00e9cnicas de reabilita\u00e7\u00e3o da linguagem p\u00f3s-AVC<\/a><\/li>\n<li style=\"border-left:4px solid #5268c9\"><a href=\"#section-5\">O papel da fam\u00edlia na reabilita\u00e7\u00e3o da linguagem p\u00f3s-AVC<\/a><\/li>\n<li style=\"border-left:4px solid #ffeca7\"><a href=\"#section-6\">Dicas para iniciar a reabilita\u00e7\u00e3o da linguagem p\u00f3s-AVC<\/a><\/li>\n<li style=\"border-left:4px solid #e73469\"><a href=\"#section-7\">O impacto da reabilita\u00e7\u00e3o da linguagem p\u00f3s-AVC na qualidade de vida<\/a><\/li>\n<\/ol>\n<\/nav>\n<section class=\"dynseo-section\">\n<h2 id=\"section-1\">A import\u00e2ncia da reabilita\u00e7\u00e3o da linguagem ap\u00f3s um AVC<\/h2>\n<p>&nbsp;<\/p>\n<h3>A Import\u00e2ncia da Comunica\u00e7\u00e3o<\/h3>\n<p>A reabilita\u00e7\u00e3o da linguagem \u00e9 crucial ap\u00f3s um AVC, pois a comunica\u00e7\u00e3o \u00e9 uma parte essencial da vida humana. Quando algu\u00e9m perde a capacidade de se expressar ou de compreender os outros, isso pode levar a sentimentos de isolamento e frustra\u00e7\u00e3o. Atrav\u00e9s da reabilita\u00e7\u00e3o, conseguimos n\u00e3o apenas melhorar as habilidades lingu\u00edsticas, mas tamb\u00e9m restaurar a autoestima e a confian\u00e7a dos pacientes.<\/p>\n<h3>O Impacto na Comunica\u00e7\u00e3o Eficaz<\/h3>\n<p>A comunica\u00e7\u00e3o eficaz \u00e9 vital para o bem-estar emocional e social, e a reabilita\u00e7\u00e3o ajuda a facilitar isso. Al\u00e9m disso, a reabilita\u00e7\u00e3o da linguagem pode ter um impacto positivo nas rela\u00e7\u00f5es familiares e sociais. Quando os pacientes conseguem comunicar-se melhor, as intera\u00e7\u00f5es com amigos e familiares tornam-se mais significativas e gratificantes.<\/p>\n<h3>Um Efeito Positivo nas Rela\u00e7\u00f5es Interpessoais<\/h3>\n<p>Isso n\u00e3o s\u00f3 melhora a qualidade das rela\u00e7\u00f5es interpessoais, mas tamb\u00e9m contribui para uma recupera\u00e7\u00e3o mais hol\u00edstica, onde o paciente se sente apoiado e valorizado no seu ambiente social.<\/section>\n<section class=\"dynseo-section\">\n<h2 id=\"section-2\">Como identificar a necessidade de reabilita\u00e7\u00e3o da linguagem p\u00f3s-AVC<\/h2>\n<p><img decoding=\"async\" id=\"3\" style=\"max-width: 100%;margin-left: auto;margin-right: auto;width: 70%\" src=\"https:\/\/www.dynseo.com\/pt-pt\/wp-content\/uploads\/2025\/01\/abcdhe-188.jpg\" \/><\/p>\n<p>Identificar a necessidade de reabilita\u00e7\u00e3o da linguagem ap\u00f3s um AVC pode ser um desafio, especialmente nos primeiros dias ap\u00f3s o evento. No entanto, existem sinais que podem indicar que um paciente precisa de <a href=\"https:\/\/www.dynseo.com\/pt-pt\/o-papel-da-familia-na-reabilitacao-pos-avc-apoio-e-motivacao\/\" title=\"O papel da fam\u00edlia na reabilita\u00e7\u00e3o p\u00f3s-AVC: apoio e motiva\u00e7\u00e3o\">apoio<\/a> nesta \u00e1rea. Por exemplo, se notarmos que a pessoa tem dificuldade em encontrar palavras, em formar frases completas ou em compreender o que os outros est\u00e3o a dizer, isso pode ser um indicativo claro de que a reabilita\u00e7\u00e3o \u00e9 necess\u00e1ria.<\/p>\n<p>Al\u00e9m disso, mudan\u00e7as no tom de voz ou na articula\u00e7\u00e3o tamb\u00e9m podem ser sinais de que a comunica\u00e7\u00e3o est\u00e1 comprometida. \u00c9 importante que familiares e amigos estejam atentos a essas altera\u00e7\u00f5es e incentivem o paciente a procurar ajuda profissional. A avalia\u00e7\u00e3o por um fonoaudi\u00f3logo \u00e9 fundamental para determinar o n\u00edvel de comprometimento da linguagem e para desenvolver um plano de reabilita\u00e7\u00e3o adequado.<\/section>\n<div class=\"section-divider\">\u25c6 \u25c6 \u25c6<\/div>\n<section class=\"dynseo-section\">\n<h2 id=\"section-3\">Profissionais envolvidos na reabilita\u00e7\u00e3o da linguagem p\u00f3s-AVC<\/h2>\n<p>Na reabilita\u00e7\u00e3o da linguagem p\u00f3s-AVC, diversos profissionais podem estar envolvidos no processo. O fonoaudi\u00f3logo \u00e9 o principal respons\u00e1vel pela avalia\u00e7\u00e3o e interven\u00e7\u00e3o nas dificuldades de comunica\u00e7\u00e3o. Este especialista utiliza t\u00e9cnicas espec\u00edficas para ajudar os pacientes a recuperar as suas habilidades lingu\u00edsticas e a melhorar a sua capacidade de se expressar.<b><\/p>\n<p>Al\u00e9m do fonoaudi\u00f3logo, outros profissionais de sa\u00fade tamb\u00e9m podem desempenhar um papel importante na reabilita\u00e7\u00e3o.<\/b> M\u00e9dicos neurologistas monitorizam a condi\u00e7\u00e3o do paciente e ajustam o tratamento conforme necess\u00e1rio. Psic\u00f3logos podem ajudar a lidar com as quest\u00f5es emocionais que surgem ap\u00f3s um AVC, enquanto terapeutas ocupacionais podem trabalhar na adapta\u00e7\u00e3o do ambiente do paciente para facilitar a comunica\u00e7\u00e3o.<\/p>\n<p>A colabora\u00e7\u00e3o entre esses profissionais \u00e9 essencial para garantir uma <a href=\"https:\/\/www.dynseo.com\/pt-pt\/afasia-e-memoria-uma-abordagem-integrada-para-a-reabilitacao\/\" title=\"Afasia e mem\u00f3ria: uma abordagem integrada para a reabilita\u00e7\u00e3o\">abordagem integrada<\/a> e eficaz na reabilita\u00e7\u00e3o.<\/section>\n<section class=\"dynseo-section\">\n<h2 id=\"section-4\">Estrat\u00e9gias e t\u00e9cnicas de reabilita\u00e7\u00e3o da linguagem p\u00f3s-AVC<\/h2>\n<p>Existem v\u00e1rias estrat\u00e9gias e t\u00e9cnicas que podemos utilizar na reabilita\u00e7\u00e3o da linguagem p\u00f3s-AVUma abordagem comum \u00e9 o uso de exerc\u00edcios de repeti\u00e7\u00e3o, onde o paciente pratica palavras e frases espec\u00edficas para melhorar a articula\u00e7\u00e3o e a flu\u00eancia. Al\u00e9m disso, jogos de palavras e atividades l\u00fadicas podem ser incorporados para tornar o processo mais envolvente e motivador. Outra t\u00e9cnica eficaz \u00e9 a terapia baseada em tarefas, onde o paciente \u00e9 encorajado a realizar atividades do dia-a-dia que envolvem comunica\u00e7\u00e3o, como fazer compras ou participar em conversas familiares.<\/p>\n<p>Isso n\u00e3o s\u00f3 ajuda na pr\u00e1tica das habilidades lingu\u00edsticas, mas tamb\u00e9m promove a confian\u00e7a do paciente ao interagir com os outros. A personaliza\u00e7\u00e3o das estrat\u00e9gias de acordo com as necessidades individuais \u00e9 fundamental para maximizar os resultados da reabilita\u00e7\u00e3o.<\/section>\n<div class=\"section-divider\">\u25c6 \u25c6 \u25c6<\/div>\n<section class=\"dynseo-section\">\n<h2 id=\"section-5\">O papel da fam\u00edlia na reabilita\u00e7\u00e3o da linguagem p\u00f3s-AVC<\/h2>\n<p><img decoding=\"async\" id=\"2\" style=\"max-width: 100%;margin-left: auto;margin-right: auto;width: 70%\" src=\"https:\/\/www.dynseo.com\/pt-pt\/wp-content\/uploads\/2025\/01\/image-379.jpg\" \/><\/p>\n<h3>O Apoio Emocional e Pr\u00e1tico dos Familiares<\/h3>\n<p>A fam\u00edlia desempenha um papel crucial na reabilita\u00e7\u00e3o da linguagem p\u00f3s-AVO. O apoio emocional e pr\u00e1tico dos familiares pode fazer uma grande diferen\u00e7a na motiva\u00e7\u00e3o do paciente durante o processo de recupera\u00e7\u00e3o. \u00c9 importante que os membros da fam\u00edlia estejam informados sobre as dificuldades que o paciente enfrenta e sobre as melhores formas de ajudar. Isso pode incluir encorajar o paciente a praticar as habilidades lingu\u00edsticas em casa ou simplesmente ser pacientes durante as conversas.<\/p>\n<h3>Criar um Ambiente Comunicativo Positivo<\/h3>\n<p>Al\u00e9m disso, criar um ambiente comunicativo positivo em casa pode facilitar o progresso do paciente. Isso significa evitar interrup\u00e7\u00f5es frequentes, dar tempo ao paciente para se expressar e celebrar pequenas conquistas ao longo do caminho.<\/p>\n<h3>A Participa\u00e7\u00e3o Ativa da Fam\u00edlia<\/h3>\n<p>A participa\u00e7\u00e3o ativa da fam\u00edlia n\u00e3o s\u00f3 melhora as habilidades lingu\u00edsticas do paciente, mas tamb\u00e9m fortalece os la\u00e7os familiares durante um per\u00edodo desafiador.<\/section>\n<section class=\"dynseo-section\">\n<h2 id=\"section-6\">Dicas para iniciar a reabilita\u00e7\u00e3o da linguagem p\u00f3s-AVC<\/h2>\n<p>Iniciar a reabilita\u00e7\u00e3o da linguagem ap\u00f3s um AVC pode parecer intimidante, mas existem algumas dicas que podem facilitar esse processo. Primeiro, \u00e9 fundamental procurar ajuda profissional assim que poss\u00edvel. Um fonoaudi\u00f3logo pode realizar uma avalia\u00e7\u00e3o detalhada e desenvolver um plano personalizado que atenda \u00e0s necessidades espec\u00edficas do paciente.<\/p>\n<p>Em segundo lugar, estabelecer metas realistas \u00e9 essencial. Ao definir objetivos alcan\u00e7\u00e1veis, podemos ajudar o paciente a manter-se motivado e focado no progresso. Al\u00e9m disso, incorporar atividades di\u00e1rias que envolvam comunica\u00e7\u00e3o pode ser uma forma eficaz de praticar as habilidades lingu\u00edsticas em contextos reais.<\/p>\n<p>Por fim, manter uma atitude positiva e encorajadora pode fazer uma grande diferen\u00e7a na experi\u00eancia do paciente durante a reabilita\u00e7\u00e3o.<\/section>\n<div class=\"section-divider\">\u25c6 \u25c6 \u25c6<\/div>\n<section class=\"dynseo-section\">\n<h2 id=\"section-7\">O impacto da reabilita\u00e7\u00e3o da linguagem p\u00f3s-AVC na qualidade de vida<\/h2>\n<p>A reabilita\u00e7\u00e3o da linguagem p\u00f3s-AVC tem um impacto significativo na qualidade de vida dos pacientes.<b> Quando conseguimos restaurar as habilidades de comunica\u00e7\u00e3o, isso n\u00e3o s\u00f3 melhora as intera\u00e7\u00f5es sociais, mas tamb\u00e9m permite que os indiv\u00edduos se sintam mais independentes e confiantes nas suas capacidades.<\/b> A capacidade de se expressar adequadamente \u00e9 fundamental para o bem-estar emocional e psicol\u00f3gico.<\/p>\n<p>Al\u00e9m disso, ao melhorar as habilidades lingu\u00edsticas, os pacientes podem retomar atividades que antes eram dif\u00edceis ou imposs\u00edveis devido \u00e0s limita\u00e7\u00f5es na comunica\u00e7\u00e3o. Isso inclui participar em conversas significativas, voltar ao trabalho ou at\u00e9 mesmo retomar hobbies que envolvem intera\u00e7\u00e3o social.<b> Em \u00faltima an\u00e1lise, a reabilita\u00e7\u00e3o da linguagem n\u00e3o s\u00f3 ajuda na recupera\u00e7\u00e3o f\u00edsica ap\u00f3s um AVC, mas tamb\u00e9m contribui para uma vida mais plena e satisfat\u00f3ria.<\/b><\/section>\n<\/div>\n<p>[\/et_pb_code][\/et_pb_column][\/et_pb_row][\/et_pb_section][et_pb_section fb_built=&#8221;1&#8243; _builder_version=&#8221;4.16&#8243;][et_pb_row][et_pb_column type=&#8221;4_4&#8243;][et_pb_code]<script type=\"application\/ld+json\">{\"@context\":\"https:\/\/schema.org\",\"@type\":\"FAQPage\",\"mainEntity\":[{\"@type\":\"Question\",\"name\":\"O que \u00e9 a reabilita\u00e7\u00e3o da linguagem p\u00f3s-AVC?\",\"acceptedAnswer\":{\"@type\":\"Answer\",\"text\":\"A reabilita\u00e7\u00e3o da linguagem p\u00f3s-AVC \u00e9 um processo terap\u00eautico que visa ajudar os indiv\u00edduos que sofreram um acidente vascular cerebral a recuperar as suas habilidades de comunica\u00e7\u00e3o. O objetivo \u00e9 promover a recupera\u00e7\u00e3o das fun\u00e7\u00f5es lingu\u00edsticas, ajudando os pacientes a redescobrir a sua voz e a restabelecer conex\u00f5es sociais.\"}},{\"@type\":\"Question\",\"name\":\"Quais s\u00e3o as principais dificuldades de comunica\u00e7\u00e3o ap\u00f3s um AVC?\",\"acceptedAnswer\":{\"@type\":\"Answer\",\"text\":\"Ap\u00f3s um AVC, muitas pessoas enfrentam dificuldades na fala, na compreens\u00e3o e na express\u00e3o verbal. Estas limita\u00e7\u00f5es podem afetar significativamente a vida quotidiana dos pacientes e a sua capacidade de interagir com os outros.\"}},{\"@type\":\"Question\",\"name\":\"Por que a reabilita\u00e7\u00e3o da linguagem \u00e9 essencial ap\u00f3s um AVC?\",\"acceptedAnswer\":{\"@type\":\"Answer\",\"text\":\"A reabilita\u00e7\u00e3o da linguagem \u00e9 crucial porque a comunica\u00e7\u00e3o \u00e9 uma parte essencial da vida humana. Quando algu\u00e9m perde a capacidade de se expressar ou de compreender os outros, isso pode levar a sentimentos de isolamento e frustra\u00e7\u00e3o. A reabilita\u00e7\u00e3o n\u00e3o apenas melhora as habilidades lingu\u00edsticas, mas tamb\u00e9m restaura a autoestima e a confian\u00e7a dos pacientes.\"}},{\"@type\":\"Question\",\"name\":\"Que t\u00e9cnicas s\u00e3o utilizadas na reabilita\u00e7\u00e3o da linguagem p\u00f3s-AVC?\",\"acceptedAnswer\":{\"@type\":\"Answer\",\"text\":\"Durante a reabilita\u00e7\u00e3o, utiliza-se uma variedade de t\u00e9cnicas e abordagens adaptadas \u00e0s necessidades espec\u00edficas de cada paciente. Estas podem incluir exerc\u00edcios de fala, atividades de leitura e escrita, bem como o uso de tecnologia assistiva, dependendo do grau de comprometimento da linguagem.\"}},{\"@type\":\"Question\",\"name\":\"Como a reabilita\u00e7\u00e3o da linguagem ajuda na recupera\u00e7\u00e3o social dos pacientes?\",\"acceptedAnswer\":{\"@type\":\"Answer\",\"text\":\"A reabilita\u00e7\u00e3o da linguagem \u00e9 fundamental para que os pacientes possam retomar a sua capacidade de interagir com os outros e de expressar os seus pensamentos e sentimentos. Isto permite restabelecer conex\u00f5es sociais e reduzir o isolamento causado pelas dificuldades de comunica\u00e7\u00e3o.\"}},{\"@type\":\"Question\",\"name\":\"O tratamento de reabilita\u00e7\u00e3o da linguagem \u00e9 personalizado para cada paciente?\",\"acceptedAnswer\":{\"@type\":\"Answer\",\"text\":\"Sim, o tratamento \u00e9 totalmente personalizado. As t\u00e9cnicas e abordagens utilizadas s\u00e3o adaptadas \u00e0s necessidades espec\u00edficas de cada paciente, considerando o grau de comprometimento da linguagem e as caracter\u00edsticas individuais de cada caso.\"}}]}<\/script><br \/>\n<script type=\"application\/ld+json\">{\"@context\":\"https:\/\/schema.org\",\"@type\":\"FAQPage\",\"mainEntity\":[{\"@type\":\"Question\",\"name\":\"O que \u00e9 a reabilita\u00e7\u00e3o da linguagem p\u00f3s-AVC?\",\"acceptedAnswer\":{\"@type\":\"Answer\",\"text\":\"A reabilita\u00e7\u00e3o da linguagem p\u00f3s-AVC \u00e9 um processo terap\u00eautico que visa ajudar os indiv\u00edduos que sofreram um acidente vascular cerebral a recuperar as suas habilidades de comunica\u00e7\u00e3o. O objetivo \u00e9 promover a recupera\u00e7\u00e3o das fun\u00e7\u00f5es lingu\u00edsticas, ajudando os pacientes a redescobrir a sua voz e a restabelecer conex\u00f5es sociais.\"}},{\"@type\":\"Question\",\"name\":\"Quais s\u00e3o as principais dificuldades de comunica\u00e7\u00e3o ap\u00f3s um AVC?\",\"acceptedAnswer\":{\"@type\":\"Answer\",\"text\":\"Ap\u00f3s um AVC, muitas pessoas enfrentam dificuldades na fala, na compreens\u00e3o e na express\u00e3o verbal. Estas limita\u00e7\u00f5es podem afetar significativamente a vida quotidiana dos pacientes e a sua capacidade de interagir com os outros.\"}},{\"@type\":\"Question\",\"name\":\"Por que a reabilita\u00e7\u00e3o da linguagem \u00e9 essencial ap\u00f3s um AVC?\",\"acceptedAnswer\":{\"@type\":\"Answer\",\"text\":\"A reabilita\u00e7\u00e3o da linguagem \u00e9 crucial porque a comunica\u00e7\u00e3o \u00e9 uma parte essencial da vida humana. Quando algu\u00e9m perde a capacidade de se expressar ou de compreender os outros, isso pode levar a sentimentos de isolamento e frustra\u00e7\u00e3o. A reabilita\u00e7\u00e3o n\u00e3o apenas melhora as habilidades lingu\u00edsticas, mas tamb\u00e9m restaura a autoestima e a confian\u00e7a dos pacientes.\"}},{\"@type\":\"Question\",\"name\":\"Que t\u00e9cnicas s\u00e3o utilizadas na reabilita\u00e7\u00e3o da linguagem p\u00f3s-AVC?\",\"acceptedAnswer\":{\"@type\":\"Answer\",\"text\":\"Durante a reabilita\u00e7\u00e3o, utiliza-se uma variedade de t\u00e9cnicas e abordagens adaptadas \u00e0s necessidades espec\u00edficas de cada paciente. Estas podem incluir exerc\u00edcios de fala, atividades de leitura e escrita, bem como o uso de tecnologia assistiva, dependendo do grau de comprometimento da linguagem.\"}},{\"@type\":\"Question\",\"name\":\"Como a reabilita\u00e7\u00e3o da linguagem ajuda na recupera\u00e7\u00e3o social dos pacientes?\",\"acceptedAnswer\":{\"@type\":\"Answer\",\"text\":\"A reabilita\u00e7\u00e3o da linguagem \u00e9 fundamental para que os pacientes possam retomar a sua capacidade de interagir com os outros e de expressar os seus pensamentos e sentimentos. Isto permite restabelecer conex\u00f5es sociais e reduzir o isolamento causado pelas dificuldades de comunica\u00e7\u00e3o.\"}},{\"@type\":\"Question\",\"name\":\"O tratamento de reabilita\u00e7\u00e3o da linguagem \u00e9 personalizado para cada paciente?\",\"acceptedAnswer\":{\"@type\":\"Answer\",\"text\":\"Sim, o tratamento \u00e9 totalmente personalizado. As t\u00e9cnicas e abordagens utilizadas s\u00e3o adaptadas \u00e0s necessidades espec\u00edficas de cada paciente, considerando o grau de comprometimento da linguagem e as caracter\u00edsticas individuais de cada caso.\"}}]}<\/script>[\/et_pb_code][\/et_pb_column][\/et_pb_row][\/et_pb_section]<\/p>\n","protected":false},"excerpt":{"rendered":"<div class=\"et_pb_row et_pb_row_0 et_pb_row_empty\">\n\t\t\t\t\n\t\t\t\t\n\t\t\t\t\n\t\t\t\t\n\t\t\t\t\n\t\t\t<\/div>\n","protected":false},"author":4,"featured_media":122651,"comment_status":"closed","ping_status":"closed","sticky":false,"template":"","format":"standard","meta":{"_et_pb_use_builder":"on","_et_pb_old_content":"","_et_gb_content_width":"","footnotes":""},"categories":[2984,3003],"tags":[],"class_list":["post-145016","post","type-post","status-publish","format-standard","has-post-thumbnail","hentry","category-tudo-sobre-o-avc","category-3003"],"_links":{"self":[{"href":"https:\/\/www.dynseo.com\/pt-pt\/wp-json\/wp\/v2\/posts\/145016","targetHints":{"allow":["GET"]}}],"collection":[{"href":"https:\/\/www.dynseo.com\/pt-pt\/wp-json\/wp\/v2\/posts"}],"about":[{"href":"https:\/\/www.dynseo.com\/pt-pt\/wp-json\/wp\/v2\/types\/post"}],"author":[{"embeddable":true,"href":"https:\/\/www.dynseo.com\/pt-pt\/wp-json\/wp\/v2\/users\/4"}],"replies":[{"embeddable":true,"href":"https:\/\/www.dynseo.com\/pt-pt\/wp-json\/wp\/v2\/comments?post=145016"}],"version-history":[{"count":6,"href":"https:\/\/www.dynseo.com\/pt-pt\/wp-json\/wp\/v2\/posts\/145016\/revisions"}],"predecessor-version":[{"id":457122,"href":"https:\/\/www.dynseo.com\/pt-pt\/wp-json\/wp\/v2\/posts\/145016\/revisions\/457122"}],"wp:featuredmedia":[{"embeddable":true,"href":"https:\/\/www.dynseo.com\/pt-pt\/wp-json\/wp\/v2\/media\/122651"}],"wp:attachment":[{"href":"https:\/\/www.dynseo.com\/pt-pt\/wp-json\/wp\/v2\/media?parent=145016"}],"wp:term":[{"taxonomy":"category","embeddable":true,"href":"https:\/\/www.dynseo.com\/pt-pt\/wp-json\/wp\/v2\/categories?post=145016"},{"taxonomy":"post_tag","embeddable":true,"href":"https:\/\/www.dynseo.com\/pt-pt\/wp-json\/wp\/v2\/tags?post=145016"}],"curies":[{"name":"wp","href":"https:\/\/api.w.org\/{rel}","templated":true}]}}