{"id":145027,"date":"2025-06-03T11:05:30","date_gmt":"2025-06-03T09:05:30","guid":{"rendered":"https:\/\/www.dynseo.com\/?p=145027"},"modified":"2025-12-26T15:55:25","modified_gmt":"2025-12-26T14:55:25","slug":"afasia-pos-avc-como-entender-e-lidar-com-as-dificuldades-de-comunicacao","status":"publish","type":"post","link":"https:\/\/www.dynseo.com\/pt-pt\/afasia-pos-avc-como-entender-e-lidar-com-as-dificuldades-de-comunicacao\/","title":{"rendered":"Afasia p\u00f3s-AVC: como entender e lidar com as dificuldades de comunica\u00e7\u00e3o"},"content":{"rendered":"<p>[et_pb_section fb_built=&#8221;1&#8243; admin_label=&#8221;Article HTML&#8221; _builder_version=&#8221;4.16&#8243;][et_pb_row admin_label=&#8221;Contenu&#8221; _builder_version=&#8221;4.16&#8243;][et_pb_column type=&#8221;4_4&#8243; _builder_version=&#8221;4.16&#8243;][et_pb_code admin_label=&#8221;HTML import\u00e9&#8221; _builder_version=&#8221;4.16&#8243;]<link href=\"https:\/\/fonts.googleapis.com\/css2?family=Montserrat:wght@400;500;600;700;800&#038;display=swap\" rel=\"stylesheet\">\n<style>\n.dynseo-article{font-family:'Montserrat',-apple-system,BlinkMacSystemFont,'Segoe UI',Roboto,sans-serif;line-height:1.8;color:#2c3e50;max-width:100%}\n.dynseo-article h2{font-family:'Montserrat',sans-serif;font-size:1.8rem;color:#1a1a2e;margin:50px 0 25px;padding-bottom:12px;border-bottom:3px solid #a9e2e4;font-weight:700;transition:all .3s ease}\n.dynseo-article h2:hover{padding-left:10px;border-bottom-color:#e73469}\n.dynseo-article h3{font-family:'Montserrat',sans-serif;font-size:1.3rem;color:#5e5ed7;margin:35px 0 18px;font-weight:600;transition:all .3s ease}\n.dynseo-article h3:hover{color:#e73469}\n.dynseo-article p{margin-bottom:18px;font-size:1.05rem;text-align:justify}\n.dynseo-article img{max-width:100%;height:auto;border-radius:16px;margin:25px 0;box-shadow:0 8px 30px rgba(0,0,0,0.1);transition:all .4s ease}\n.dynseo-article img:hover{transform:scale(1.02);box-shadow:0 15px 50px rgba(0,0,0,0.15)}\n.dynseo-intro{font-size:1.15rem;color:#64748b;border-left:4px solid #a9e2e4;padding-left:25px;margin:35px 0;font-style:italic;background:linear-gradient(90deg,rgba(169,226,228,0.1),transparent);padding:20px 25px;border-radius:0 12px 12px 0;transition:all .3s ease}\n.dynseo-intro:hover{border-left-width:6px;background:linear-gradient(90deg,rgba(169,226,228,0.15),transparent)}\n.dynseo-toc{background:linear-gradient(135deg,#f8fafc 0%,#fff 100%);border-radius:20px;padding:35px;margin:40px 0;border:2px solid #e5e7eb;box-shadow:0 4px 20px rgba(0,0,0,0.05);transition:all .3s ease}\n.dynseo-toc:hover{box-shadow:0 8px 35px rgba(0,0,0,0.08);transform:translateY(-2px)}\n.dynseo-toc .toc-title{font-family:'Montserrat',sans-serif;font-size:1.4rem;margin-bottom:25px;color:#1a1a2e;font-weight:700}\n.dynseo-toc ol{list-style:none;padding:0;margin:0;display:grid;grid-template-columns:repeat(2,1fr);gap:12px}\n.dynseo-toc li{background:#fff;border-radius:12px;padding:14px 18px;border:2px solid #f1f5f9;transition:all .3s ease;border-left:4px solid #ffeca7}\n.dynseo-toc li:hover{background:linear-gradient(135deg,#f8fafc,#fff);transform:translateX(8px);box-shadow:0 6px 20px rgba(0,0,0,0.1);border-left-width:6px}\n.dynseo-toc a{color:#1a1a2e;text-decoration:none;font-size:.95rem;font-weight:500;transition:color .3s}\n.dynseo-toc a:hover{color:#5e5ed7}\n.dynseo-article .styled-list,.dynseo-article ul{margin:20px 0 30px;padding:0;list-style:none}\n.dynseo-article .styled-list li,.dynseo-article ul li{position:relative;padding-left:28px;margin-bottom:14px;line-height:1.7;transition:all .3s ease}\n.dynseo-article .styled-list li:hover,.dynseo-article ul li:hover{padding-left:32px}\n.dynseo-article .styled-list li::before,.dynseo-article ul li::before{content:\"\";position:absolute;left:0;top:8px;width:10px;height:10px;background:#e73469;border-radius:50%;box-shadow:0 2px 8px rgba(231,52,105,0.3);transition:all .3s ease}\n.dynseo-article .styled-list li:hover::before,.dynseo-article ul li:hover::before{transform:scale(1.3);box-shadow:0 4px 12px rgba(231,52,105,0.4)}\n.dynseo-article blockquote{background:linear-gradient(135deg,#fff9f0 0%,#fff5eb 100%);border-left:4px solid #ffeca7;border-radius:0 16px 16px 0;padding:28px 32px;margin:35px 0;position:relative;box-shadow:0 4px 20px rgba(255,236,167,0.3);transition:all .3s ease}\n.dynseo-article blockquote:hover{transform:translateX(5px);box-shadow:0 8px 30px rgba(255,236,167,0.4);border-left-width:6px}\n.dynseo-article blockquote::before{content:\"\u275d\";font-size:3rem;color:#ffeca7;opacity:.4;position:absolute;top:10px;left:15px}\n.dynseo-article blockquote p{font-style:italic;margin-bottom:12px;padding-left:30px}\n.dynseo-article blockquote cite{display:block;font-style:normal;font-weight:600;color:#1a1a2e;padding-left:30px}\n.section-divider{text-align:center;margin:60px 0;font-size:1.8rem;letter-spacing:18px;background:linear-gradient(135deg,#ffeca7,#e73469,#a9e2e4);-webkit-background-clip:text;-webkit-text-fill-color:transparent;background-clip:text}\n.dynseo-tip-box{background:linear-gradient(135deg,#ecfdf5 0%,#d1fae5 100%);border:2px solid #a9e2e4;border-radius:16px;padding:25px 30px;margin:35px 0;position:relative;box-shadow:0 4px 20px rgba(169,226,228,0.3);transition:all .3s ease}\n.dynseo-tip-box:hover{transform:translateY(-3px);box-shadow:0 8px 30px rgba(169,226,228,0.4)}\n.dynseo-tip-box-title{font-family:'Montserrat',sans-serif;font-size:1.15rem;font-weight:700;color:#1a1a2e;margin-bottom:12px;display:flex;align-items:center;gap:10px}\n.dynseo-tip-box-title::before{content:\"\ud83d\udca1\";font-size:1.3rem}\n.dynseo-tip-box p{margin:0;color:#2c3e50}\n.dynseo-feature-grid{display:grid;grid-template-columns:repeat(3,1fr);gap:20px;margin:35px 0}\n.dynseo-feature-card{background:#fff;border-radius:20px;padding:30px 25px;text-align:center;border:2px solid #f1f5f9;transition:all .4s ease;position:relative;overflow:hidden}\n.dynseo-feature-card::before{content:\"\";position:absolute;top:0;left:0;right:0;height:4px;background:linear-gradient(90deg,#ffeca7,#e73469);transform:scaleX(0);transition:transform .3s ease}\n.dynseo-feature-card:hover::before{transform:scaleX(1)}\n.dynseo-feature-card:nth-child(3n+1){border-color:rgba(255,236,167,0.5)}\n.dynseo-feature-card:nth-child(3n+2){border-color:rgba(231,52,105,0.3)}\n.dynseo-feature-card:nth-child(3n+3){border-color:rgba(169,226,228,0.5)}\n.dynseo-feature-card:hover{transform:translateY(-8px);box-shadow:0 20px 50px rgba(0,0,0,0.12)}\n.dynseo-feature-card h4{font-family:'Montserrat',sans-serif;color:#1a1a2e;margin-bottom:10px;font-size:1.1rem;font-weight:600}\n.dynseo-feature-card p{font-size:.95rem;color:#64748b;margin:0}\n.dynseo-highlight-box{background:linear-gradient(135deg,#fef3c7 0%,#fde68a 100%);border:2px solid #ffeca7;border-radius:16px;padding:25px 30px;margin:30px 0;transition:all .3s ease}\n.dynseo-highlight-box:hover{transform:translateY(-3px);box-shadow:0 8px 30px rgba(255,236,167,0.4)}\n.dynseo-highlight-box h4{font-family:'Montserrat',sans-serif;color:#1a1a2e;margin:0 0 12px 0;font-size:1.1rem}\n.dynseo-highlight-box p{margin:0;color:#2c3e50}\n@media(max-width:768px){.dynseo-article h2{font-size:1.5rem}.dynseo-toc ol{grid-template-columns:1fr}.dynseo-feature-grid{grid-template-columns:1fr}}\n<\/style>\n<div class=\"dynseo-article\">\n<div class=\"dynseo-intro\">A afasia p\u00f3s-AVC \u00e9 uma condi\u00e7\u00e3o que resulta de um acidente vascular cerebral (AVC) e que afeta a capacidade de comunica\u00e7\u00e3o da pessoa. Quando um AVC ocorre, ele pode danificar \u00e1reas do c\u00e9rebro respons\u00e1veis pela linguagem, levando a dificuldades em falar, compreender, ler ou escrever. Essa condi\u00e7\u00e3o n\u00e3o \u00e9 apenas um desafio para o paciente, mas tamb\u00e9m para os familiares e amigos que tentam se comunicar com ele.<\/p>\n<p>A afasia pode variar em gravidade, desde dificuldades leves at\u00e9 a incapacidade total de se expressar verbalmente. \u00c9 importante notar que a afasia n\u00e3o afeta a intelig\u00eancia da pessoa. Muitas vezes, aqueles que sofrem de afasia p\u00f3s-AVC t\u00eam plena consci\u00eancia do que querem dizer, mas encontram barreiras na express\u00e3o verbal.<\/p>\n<p>Essa frustra\u00e7\u00e3o pode ser angustiante tanto para o paciente quanto para os seus entes queridos, pois a comunica\u00e7\u00e3o \u00e9 uma parte fundamental das intera\u00e7\u00f5es humanas. Compreender o que \u00e9 a afasia e como ela se manifesta \u00e9 o primeiro passo para oferecer <a href=\"https:\/\/www.dynseo.com\/pt-pt\/o-papel-da-familia-na-reabilitacao-pos-avc-apoio-e-motivacao\/\" title=\"O papel da fam\u00edlia na reabilita\u00e7\u00e3o p\u00f3s-AVC: apoio e motiva\u00e7\u00e3o\">apoio<\/a> adequado.<\/div>\n<nav class=\"dynseo-toc\">\n<div class=\"toc-title\">\ud83d\udccb Sommaire<\/div>\n<ol>\n<li style=\"border-left:4px solid #ffeca7\"><a href=\"#section-1\">Os tipos de afasia p\u00f3s-AVC e suas caracter\u00edsticas<\/a><\/li>\n<li style=\"border-left:4px solid #e73469\"><a href=\"#section-2\">Como identificar a afasia p\u00f3s-AVC em um familiar ou paciente<\/a><\/li>\n<li style=\"border-left:4px solid #a9e2e4\"><a href=\"#section-3\">Estrat\u00e9gias de comunica\u00e7\u00e3o para lidar com a afasia p\u00f3s-AVC<\/a><\/li>\n<li style=\"border-left:4px solid #5e5ed7\"><a href=\"#section-4\">O papel da terapia da fala no tratamento da afasia p\u00f3s-AVC<\/a><\/li>\n<li style=\"border-left:4px solid #5268c9\"><a href=\"#section-5\">Apoio emocional para pacientes e familiares lidando com a afasia p\u00f3s-AVC<\/a><\/li>\n<li style=\"border-left:4px solid #ffeca7\"><a href=\"#section-6\">Adapta\u00e7\u00f5es e recursos para facilitar a comunica\u00e7\u00e3o de pessoas com afasia p\u00f3s-AVC<\/a><\/li>\n<li style=\"border-left:4px solid #e73469\"><a href=\"#section-7\">A import\u00e2ncia da paci\u00eancia e compreens\u00e3o no conv\u00edvio com pessoas com afasia p\u00f3s-AVC<\/a><\/li>\n<\/ol>\n<\/nav>\n<section class=\"dynseo-section\">\n<h2 id=\"section-1\">Os tipos de afasia p\u00f3s-AVC e suas caracter\u00edsticas<\/h2>\n<p>&nbsp;<\/p>\n<h3>O que \u00e9 a Afasia de Broca?<\/h3>\n<p>A afasia de Broca, por exemplo, \u00e9 uma forma n\u00e3o fluente em que a pessoa tem dificuldade em formar frases completas. Embora a compreens\u00e3o da linguagem possa estar relativamente preservada, a produ\u00e7\u00e3o da fala \u00e9 laboriosa e muitas vezes limitada a palavras isoladas ou frases curtas.<\/p>\n<h3>O que \u00e9 a Afasia de Wernicke?<\/h3>\n<p>Essa condi\u00e7\u00e3o pode levar a frustra\u00e7\u00f5es, pois o paciente sabe o que quer dizer, mas n\u00e3o consegue express\u00e1-lo adequadamente. Por outro lado, temos a afasia de Wernicke, que \u00e9 uma forma fluente, mas onde a compreens\u00e3o da linguagem est\u00e1 severamente comprometida. As pessoas com essa condi\u00e7\u00e3o podem falar em longas senten\u00e7as que n\u00e3o fazem sentido ou usar palavras erradas sem perceber.<b><\/b><\/p>\n<h3>Tratamento e Comunica\u00e7\u00e3o<\/h3>\n<p>Isso pode criar confus\u00e3o tanto para o paciente quanto para aqueles que tentam se comunicar com ele. Al\u00e9m disso, existe a afasia global, que combina caracter\u00edsticas das duas formas anteriores e resulta em dificuldades significativas tanto na produ\u00e7\u00e3o quanto na compreens\u00e3o da linguagem. Cada tipo de afasia requer abordagens diferentes no tratamento e na comunica\u00e7\u00e3o.<\/section>\n<section class=\"dynseo-section\">\n<h2 id=\"section-2\">Como identificar a afasia p\u00f3s-AVC em um familiar ou paciente<\/h2>\n<p><img decoding=\"async\" id=\"3\" style=\"max-width: 100%;margin-left: auto;margin-right: auto;width: 70%\" src=\"https:\/\/www.dynseo.com\/pt-pt\/wp-content\/uploads\/2025\/01\/abcdhe-192.jpg\" \/><\/p>\n<p>Identificar a afasia p\u00f3s-AVC em um familiar ou paciente pode ser desafiador, especialmente logo ap\u00f3s o AVNo entanto, alguns sinais podem indicar a presen\u00e7a dessa condi\u00e7\u00e3o. Um dos primeiros sinais \u00e9 a dificuldade em encontrar palavras durante uma conversa.<b> Se notarmos que a pessoa est\u00e1 frequentemente hesitante ou substituindo palavras por outras que n\u00e3o fazem sentido, isso pode ser um indicativo de afasia.<\/b><\/p>\n<p>Al\u00e9m disso, se o paciente parece confuso ao tentar seguir uma conversa ou responder perguntas simples, isso tamb\u00e9m pode ser um sinal de alerta. Outro aspecto importante a observar \u00e9 a capacidade de leitura e escrita. Se um familiar come\u00e7a a ter dificuldades em ler textos simples ou em escrever frases coerentes, isso pode ser um sinal de que a afasia est\u00e1 presente.<\/p>\n<p>\u00c9 fundamental prestar aten\u00e7\u00e3o \u00e0s mudan\u00e7as na comunica\u00e7\u00e3o e no comportamento da pessoa ap\u00f3s o AVC, pois isso pode ajudar na identifica\u00e7\u00e3o precoce da afasia e na busca por tratamento adequado.<\/section>\n<div class=\"section-divider\">\u25c6 \u25c6 \u25c6<\/div>\n<section class=\"dynseo-section\">\n<h2 id=\"section-3\">Estrat\u00e9gias de comunica\u00e7\u00e3o para lidar com a afasia p\u00f3s-AVC<\/h2>\n<p>Quando lidamos com algu\u00e9m que tem afasia p\u00f3s-AVC, \u00e9 essencial adotar estrat\u00e9gias de comunica\u00e7\u00e3o eficazes. Uma abordagem \u00fatil \u00e9 falar devagar e usar frases curtas e simples. Isso pode facilitar a compreens\u00e3o e permitir que o paciente processe melhor as informa\u00e7\u00f5es.<\/p>\n<p>Al\u00e9m disso, devemos evitar interromper ou completar as frases da pessoa; em vez disso, devemos dar tempo suficiente para que ela se expresse no seu pr\u00f3prio ritmo. Outra estrat\u00e9gia valiosa \u00e9 utilizar recursos visuais, como imagens ou gestos, para apoiar a comunica\u00e7\u00e3o.<b> Isso pode ajudar a transmitir mensagens de forma mais clara e reduzir a frustra\u00e7\u00e3o tanto para o paciente quanto para quem est\u00e1 se comunicando com ele.<\/b><\/p>\n<p>Tamb\u00e9m \u00e9 importante manter um ambiente calmo e livre de distra\u00e7\u00f5es durante as conversas, pois isso pode ajudar a pessoa com afasia a se concentrar melhor e participar ativamente da intera\u00e7\u00e3o.<\/section>\n<section class=\"dynseo-section\">\n<h2 id=\"section-4\">O papel da terapia da fala no tratamento da afasia p\u00f3s-AVC<\/h2>\n<p>A terapia da fala desempenha um papel crucial no tratamento da afasia p\u00f3s-AVProfissionais especializados podem ajudar os pacientes a recuperar suas habilidades de comunica\u00e7\u00e3o atrav\u00e9s de exerc\u00edcios personalizados e t\u00e9cnicas espec\u00edficas. A terapia pode incluir atividades que visam melhorar a fala, a compreens\u00e3o e at\u00e9 mesmo a leitura e escrita. O objetivo \u00e9 ajudar o paciente a se expressar de forma mais eficaz e aumentar sua confian\u00e7a nas intera\u00e7\u00f5es di\u00e1rias.<\/p>\n<p>Al\u00e9m disso, a terapia da fala n\u00e3o se limita apenas ao paciente; ela tamb\u00e9m envolve os familiares e cuidadores. Os terapeutas podem ensinar estrat\u00e9gias de comunica\u00e7\u00e3o eficazes e fornecer orienta\u00e7\u00f5es sobre como apoiar o paciente em casa. Essa abordagem colaborativa \u00e9 fundamental para garantir que o paciente receba o suporte necess\u00e1rio em todos os aspectos da sua vida.<\/section>\n<div class=\"section-divider\">\u25c6 \u25c6 \u25c6<\/div>\n<section class=\"dynseo-section\">\n<h2 id=\"section-5\">Apoio emocional para pacientes e familiares lidando com a afasia p\u00f3s-AVC<\/h2>\n<p><img decoding=\"async\" id=\"2\" style=\"max-width: 100%;margin-left: auto;margin-right: auto;width: 70%\" src=\"https:\/\/www.dynseo.com\/pt-pt\/wp-content\/uploads\/2025\/01\/image-385.jpg\" \/><\/p>\n<h3>Lidar com as Emo\u00e7\u00f5es<\/h3>\n<p>\u00c9 comum que os pacientes sintam frustra\u00e7\u00e3o, tristeza ou at\u00e9 mesmo raiva devido \u00e0s suas limita\u00e7\u00f5es de comunica\u00e7\u00e3o. Por isso, \u00e9 fundamental oferecer apoio emocional durante esse processo.<\/p>\n<h3>O Papel dos Familiares<\/h3>\n<p>Conversar abertamente sobre os sentimentos e as dificuldades enfrentadas pode ajudar a aliviar parte do peso emocional. Os familiares tamb\u00e9m precisam cuidar do seu pr\u00f3prio bem-estar emocional. O estresse e a ansiedade podem aumentar quando se lida com as mudan\u00e7as na din\u00e2mica familiar causadas pela afasia.<\/p>\n<h3>Recursos de Apoio<\/h3>\n<p>Grupos de apoio ou terapia familiar podem ser recursos valiosos para compartilhar experi\u00eancias e encontrar estrat\u00e9gias para lidar com as emo\u00e7\u00f5es envolvidas nessa jornada.<\/section>\n<section class=\"dynseo-section\">\n<h2 id=\"section-6\">Adapta\u00e7\u00f5es e recursos para facilitar a comunica\u00e7\u00e3o de pessoas com afasia p\u00f3s-AVC<\/h2>\n<p>Existem v\u00e1rias adapta\u00e7\u00f5es e recursos que podem facilitar a comunica\u00e7\u00e3o de pessoas com afasia p\u00f3s-AVPor exemplo, o uso de quadros de comunica\u00e7\u00e3o com imagens ou palavras pode ajudar os pacientes a expressar suas necessidades e desejos de forma mais clara. Al\u00e9m disso, aplicativos de comunica\u00e7\u00e3o assistiva dispon\u00edveis em dispositivos m\u00f3veis podem ser uma ferramenta \u00fatil para aqueles que t\u00eam dificuldade em falar. Outra adapta\u00e7\u00e3o importante \u00e9 criar um ambiente comunicativo favor\u00e1vel em casa.<\/p>\n<p>Isso inclui minimizar ru\u00eddos de fundo, garantir boa ilumina\u00e7\u00e3o e manter uma atmosfera tranquila durante as conversas. Essas pequenas mudan\u00e7as podem fazer uma grande diferen\u00e7a na capacidade do paciente de se comunicar efetivamente.<\/section>\n<div class=\"section-divider\">\u25c6 \u25c6 \u25c6<\/div>\n<section class=\"dynseo-section\">\n<h2 id=\"section-7\">A import\u00e2ncia da paci\u00eancia e compreens\u00e3o no conv\u00edvio com pessoas com afasia p\u00f3s-AVC<\/h2>\n<p>Por fim, \u00e9 essencial lembrar que a paci\u00eancia e a compreens\u00e3o s\u00e3o fundamentais ao conviver com pessoas que t\u00eam afasia p\u00f3s-AVA comunica\u00e7\u00e3o pode ser um desafio di\u00e1rio, mas abord\u00e1-la com empatia pode fazer toda a diferen\u00e7a na experi\u00eancia do paciente. Devemos estar dispostos a ouvir atentamente e dar tempo ao paciente para se expressar sem pressa. Al\u00e9m disso, celebrar pequenas conquistas na comunica\u00e7\u00e3o pode ajudar a motivar tanto o paciente quanto os familiares.<\/p>\n<p>Cada progresso deve ser reconhecido como um passo positivo na recupera\u00e7\u00e3o. Com paci\u00eancia e apoio m\u00fatuo, podemos criar um ambiente mais acolhedor e encorajador para aqueles que enfrentam os desafios da afasia p\u00f3s-AVC.<\/section>\n<\/div>\n<p>[\/et_pb_code][\/et_pb_column][\/et_pb_row][\/et_pb_section][et_pb_section fb_built=&#8221;1&#8243; _builder_version=&#8221;4.16&#8243;][et_pb_row][et_pb_column type=&#8221;4_4&#8243;][et_pb_code]<script type=\"application\/ld+json\">{\"@context\":\"https:\/\/schema.org\",\"@type\":\"FAQPage\",\"mainEntity\":[{\"@type\":\"Question\",\"name\":\"O que \u00e9 a afasia p\u00f3s-AVC?\",\"acceptedAnswer\":{\"@type\":\"Answer\",\"text\":\"A afasia p\u00f3s-AVC \u00e9 uma condi\u00e7\u00e3o que resulta de um acidente vascular cerebral e que afeta a capacidade de comunica\u00e7\u00e3o da pessoa. Quando um AVC ocorre, pode danificar \u00e1reas do c\u00e9rebro respons\u00e1veis pela linguagem, levando a dificuldades em falar, compreender, ler ou escrever.\"}},{\"@type\":\"Question\",\"name\":\"A afasia afeta a intelig\u00eancia da pessoa?\",\"acceptedAnswer\":{\"@type\":\"Answer\",\"text\":\"N\u00e3o, \u00e9 importante notar que a afasia n\u00e3o afeta a intelig\u00eancia da pessoa. Muitas vezes, aqueles que sofrem de afasia p\u00f3s-AVC t\u00eam plena consci\u00eancia do que querem dizer, mas encontram barreiras na express\u00e3o verbal.\"}},{\"@type\":\"Question\",\"name\":\"Quais s\u00e3o os diferentes n\u00edveis de gravidade da afasia?\",\"acceptedAnswer\":{\"@type\":\"Answer\",\"text\":\"A afasia pode variar em gravidade, desde dificuldades leves at\u00e9 a incapacidade total de se expressar verbalmente. A severidade depende das \u00e1reas espec\u00edficas do c\u00e9rebro que foram afetadas pelo AVC.\"}},{\"@type\":\"Question\",\"name\":\"O que caracteriza a afasia de Broca?\",\"acceptedAnswer\":{\"@type\":\"Answer\",\"text\":\"A afasia de Broca \u00e9 uma forma n\u00e3o fluente em que a pessoa tem dificuldade em formar frases completas. Embora a compreens\u00e3o da linguagem possa estar relativamente preservada, a produ\u00e7\u00e3o da fala \u00e9 laboriosa e muitas vezes limitada a palavras isoladas ou frases curtas.\"}},{\"@type\":\"Question\",\"name\":\"Por que a afasia pode ser frustrante para o paciente?\",\"acceptedAnswer\":{\"@type\":\"Answer\",\"text\":\"A afasia pode levar a frustra\u00e7\u00f5es porque o paciente sabe o que quer dizer, mas n\u00e3o consegue express\u00e1-lo adequadamente. Essa dificuldade na comunica\u00e7\u00e3o \u00e9 angustiante tanto para o paciente quanto para os seus entes queridos.\"}},{\"@type\":\"Question\",\"name\":\"Qual \u00e9 o primeiro passo para ajudar algu\u00e9m com afasia p\u00f3s-AVC?\",\"acceptedAnswer\":{\"@type\":\"Answer\",\"text\":\"Compreender o que \u00e9 a afasia e como ela se manifesta \u00e9 o primeiro passo para oferecer apoio adequado. \u00c9 essencial entender que a comunica\u00e7\u00e3o \u00e9 uma parte fundamental das intera\u00e7\u00f5es humanas e que o paciente precisa de paci\u00eancia e compreens\u00e3o.\"}}]}<\/script><br \/>\n<script type=\"application\/ld+json\">{\"@context\":\"https:\/\/schema.org\",\"@type\":\"FAQPage\",\"mainEntity\":[{\"@type\":\"Question\",\"name\":\"O que \u00e9 a afasia p\u00f3s-AVC?\",\"acceptedAnswer\":{\"@type\":\"Answer\",\"text\":\"A afasia p\u00f3s-AVC \u00e9 uma condi\u00e7\u00e3o que resulta de um acidente vascular cerebral e que afeta a capacidade de comunica\u00e7\u00e3o da pessoa. Quando um AVC ocorre, pode danificar \u00e1reas do c\u00e9rebro respons\u00e1veis pela linguagem, levando a dificuldades em falar, compreender, ler ou escrever.\"}},{\"@type\":\"Question\",\"name\":\"A afasia afeta a intelig\u00eancia da pessoa?\",\"acceptedAnswer\":{\"@type\":\"Answer\",\"text\":\"N\u00e3o, \u00e9 importante notar que a afasia n\u00e3o afeta a intelig\u00eancia da pessoa. Muitas vezes, aqueles que sofrem de afasia p\u00f3s-AVC t\u00eam plena consci\u00eancia do que querem dizer, mas encontram barreiras na express\u00e3o verbal.\"}},{\"@type\":\"Question\",\"name\":\"Quais s\u00e3o os diferentes n\u00edveis de gravidade da afasia?\",\"acceptedAnswer\":{\"@type\":\"Answer\",\"text\":\"A afasia pode variar em gravidade, desde dificuldades leves at\u00e9 a incapacidade total de se expressar verbalmente. A severidade depende das \u00e1reas espec\u00edficas do c\u00e9rebro que foram afetadas pelo AVC.\"}},{\"@type\":\"Question\",\"name\":\"O que caracteriza a afasia de Broca?\",\"acceptedAnswer\":{\"@type\":\"Answer\",\"text\":\"A afasia de Broca \u00e9 uma forma n\u00e3o fluente em que a pessoa tem dificuldade em formar frases completas. Embora a compreens\u00e3o da linguagem possa estar relativamente preservada, a produ\u00e7\u00e3o da fala \u00e9 laboriosa e muitas vezes limitada a palavras isoladas ou frases curtas.\"}},{\"@type\":\"Question\",\"name\":\"Por que a afasia pode ser frustrante para o paciente?\",\"acceptedAnswer\":{\"@type\":\"Answer\",\"text\":\"A afasia pode levar a frustra\u00e7\u00f5es porque o paciente sabe o que quer dizer, mas n\u00e3o consegue express\u00e1-lo adequadamente. Essa dificuldade na comunica\u00e7\u00e3o \u00e9 angustiante tanto para o paciente quanto para os seus entes queridos.\"}},{\"@type\":\"Question\",\"name\":\"Qual \u00e9 o primeiro passo para ajudar algu\u00e9m com afasia p\u00f3s-AVC?\",\"acceptedAnswer\":{\"@type\":\"Answer\",\"text\":\"Compreender o que \u00e9 a afasia e como ela se manifesta \u00e9 o primeiro passo para oferecer apoio adequado. \u00c9 essencial entender que a comunica\u00e7\u00e3o \u00e9 uma parte fundamental das intera\u00e7\u00f5es humanas e que o paciente precisa de paci\u00eancia e compreens\u00e3o.\"}}]}<\/script>[\/et_pb_code][\/et_pb_column][\/et_pb_row][\/et_pb_section]<\/p>\n","protected":false},"excerpt":{"rendered":"<div class=\"et_pb_row et_pb_row_0 et_pb_row_empty\">\n\t\t\t\t\n\t\t\t\t\n\t\t\t\t\n\t\t\t\t\n\t\t\t\t\n\t\t\t<\/div>\n","protected":false},"author":4,"featured_media":122651,"comment_status":"closed","ping_status":"closed","sticky":false,"template":"","format":"standard","meta":{"_et_pb_use_builder":"on","_et_pb_old_content":"","_et_gb_content_width":"","footnotes":""},"categories":[2984,3003],"tags":[],"class_list":["post-145027","post","type-post","status-publish","format-standard","has-post-thumbnail","hentry","category-tudo-sobre-o-avc","category-3003"],"yoast_head":"<!-- This site is optimized with the Yoast SEO plugin v27.4 - https:\/\/yoast.com\/product\/yoast-seo-wordpress\/ -->\n<title>Afasia p\u00f3s-AVC: como entender e lidar com as dificuldades de comunica\u00e7\u00e3o - DYNSEO - Aplica\u00e7\u00f5es educativas e jogos de mem\u00f3ria<\/title>\n<meta name=\"robots\" content=\"index, follow, max-snippet:-1, max-image-preview:large, max-video-preview:-1\" \/>\n<link rel=\"canonical\" href=\"https:\/\/www.dynseo.com\/pt-pt\/afasia-pos-avc-como-entender-e-lidar-com-as-dificuldades-de-comunicacao\/\" \/>\n<meta property=\"og:locale\" content=\"pt_PT\" \/>\n<meta property=\"og:type\" content=\"article\" \/>\n<meta property=\"og:title\" content=\"Afasia p\u00f3s-AVC: como entender e lidar com as dificuldades de comunica\u00e7\u00e3o - DYNSEO - Aplica\u00e7\u00f5es educativas e jogos de mem\u00f3ria\" \/>\n<meta property=\"og:url\" content=\"https:\/\/www.dynseo.com\/pt-pt\/afasia-pos-avc-como-entender-e-lidar-com-as-dificuldades-de-comunicacao\/\" \/>\n<meta property=\"og:site_name\" content=\"DYNSEO - Aplica\u00e7\u00f5es educativas e jogos de mem\u00f3ria\" \/>\n<meta property=\"article:published_time\" content=\"2025-06-03T09:05:30+00:00\" \/>\n<meta property=\"article:modified_time\" content=\"2025-12-26T14:55:25+00:00\" \/>\n<meta property=\"og:image\" content=\"https:\/\/www.dynseo.com\/wp-content\/uploads\/2024\/03\/avc-fernando-cerebrale.webp\" \/>\n\t<meta property=\"og:image:width\" content=\"1000\" \/>\n\t<meta property=\"og:image:height\" content=\"666\" \/>\n\t<meta property=\"og:image:type\" content=\"image\/webp\" \/>\n<meta name=\"author\" content=\"DYNSEO\" \/>\n<meta name=\"twitter:label1\" content=\"Escrito por\" \/>\n\t<meta name=\"twitter:data1\" content=\"DYNSEO\" \/>\n\t<meta name=\"twitter:label2\" content=\"Tempo estimado de leitura\" \/>\n\t<meta name=\"twitter:data2\" content=\"7 minutos\" \/>\n<script type=\"application\/ld+json\" class=\"yoast-schema-graph\">{\"@context\":\"https:\\\/\\\/schema.org\",\"@graph\":[{\"@type\":\"Article\",\"@id\":\"https:\\\/\\\/www.dynseo.com\\\/pt-pt\\\/afasia-pos-avc-como-entender-e-lidar-com-as-dificuldades-de-comunicacao\\\/#article\",\"isPartOf\":{\"@id\":\"https:\\\/\\\/www.dynseo.com\\\/pt-pt\\\/afasia-pos-avc-como-entender-e-lidar-com-as-dificuldades-de-comunicacao\\\/\"},\"author\":{\"name\":\"DYNSEO\",\"@id\":\"https:\\\/\\\/www.dynseo.com\\\/pt-pt\\\/#\\\/schema\\\/person\\\/78ef63df2ee64e0989bc68f8401b38d6\"},\"headline\":\"Afasia p\u00f3s-AVC: como entender e lidar com as dificuldades de comunica\u00e7\u00e3o\",\"datePublished\":\"2025-06-03T09:05:30+00:00\",\"dateModified\":\"2025-12-26T14:55:25+00:00\",\"mainEntityOfPage\":{\"@id\":\"https:\\\/\\\/www.dynseo.com\\\/pt-pt\\\/afasia-pos-avc-como-entender-e-lidar-com-as-dificuldades-de-comunicacao\\\/\"},\"wordCount\":1451,\"publisher\":{\"@id\":\"https:\\\/\\\/www.dynseo.com\\\/pt-pt\\\/#organization\"},\"image\":{\"@id\":\"https:\\\/\\\/www.dynseo.com\\\/pt-pt\\\/afasia-pos-avc-como-entender-e-lidar-com-as-dificuldades-de-comunicacao\\\/#primaryimage\"},\"thumbnailUrl\":\"https:\\\/\\\/www.dynseo.com\\\/wp-content\\\/uploads\\\/2024\\\/03\\\/avc-fernando-cerebrale.webp\",\"articleSection\":[\"Tudo sobre o AVC\",\"\u5173\u4e8e\u4e2d\u98ce - Stroke\"],\"inLanguage\":\"pt-PT\"},{\"@type\":\"WebPage\",\"@id\":\"https:\\\/\\\/www.dynseo.com\\\/pt-pt\\\/afasia-pos-avc-como-entender-e-lidar-com-as-dificuldades-de-comunicacao\\\/\",\"url\":\"https:\\\/\\\/www.dynseo.com\\\/pt-pt\\\/afasia-pos-avc-como-entender-e-lidar-com-as-dificuldades-de-comunicacao\\\/\",\"name\":\"Afasia p\u00f3s-AVC: como entender e lidar com as dificuldades de comunica\u00e7\u00e3o - DYNSEO - Aplica\u00e7\u00f5es educativas e jogos de mem\u00f3ria\",\"isPartOf\":{\"@id\":\"https:\\\/\\\/www.dynseo.com\\\/pt-pt\\\/#website\"},\"primaryImageOfPage\":{\"@id\":\"https:\\\/\\\/www.dynseo.com\\\/pt-pt\\\/afasia-pos-avc-como-entender-e-lidar-com-as-dificuldades-de-comunicacao\\\/#primaryimage\"},\"image\":{\"@id\":\"https:\\\/\\\/www.dynseo.com\\\/pt-pt\\\/afasia-pos-avc-como-entender-e-lidar-com-as-dificuldades-de-comunicacao\\\/#primaryimage\"},\"thumbnailUrl\":\"https:\\\/\\\/www.dynseo.com\\\/wp-content\\\/uploads\\\/2024\\\/03\\\/avc-fernando-cerebrale.webp\",\"datePublished\":\"2025-06-03T09:05:30+00:00\",\"dateModified\":\"2025-12-26T14:55:25+00:00\",\"breadcrumb\":{\"@id\":\"https:\\\/\\\/www.dynseo.com\\\/pt-pt\\\/afasia-pos-avc-como-entender-e-lidar-com-as-dificuldades-de-comunicacao\\\/#breadcrumb\"},\"inLanguage\":\"pt-PT\",\"potentialAction\":[{\"@type\":\"ReadAction\",\"target\":[\"https:\\\/\\\/www.dynseo.com\\\/pt-pt\\\/afasia-pos-avc-como-entender-e-lidar-com-as-dificuldades-de-comunicacao\\\/\"]}]},{\"@type\":\"ImageObject\",\"inLanguage\":\"pt-PT\",\"@id\":\"https:\\\/\\\/www.dynseo.com\\\/pt-pt\\\/afasia-pos-avc-como-entender-e-lidar-com-as-dificuldades-de-comunicacao\\\/#primaryimage\",\"url\":\"https:\\\/\\\/www.dynseo.com\\\/wp-content\\\/uploads\\\/2024\\\/03\\\/avc-fernando-cerebrale.webp\",\"contentUrl\":\"https:\\\/\\\/www.dynseo.com\\\/wp-content\\\/uploads\\\/2024\\\/03\\\/avc-fernando-cerebrale.webp\",\"width\":1000,\"height\":666,\"caption\":\"Aplicativos que estimulam a cogni\u00e7\u00e3o de forma divertida e eficaz\"},{\"@type\":\"BreadcrumbList\",\"@id\":\"https:\\\/\\\/www.dynseo.com\\\/pt-pt\\\/afasia-pos-avc-como-entender-e-lidar-com-as-dificuldades-de-comunicacao\\\/#breadcrumb\",\"itemListElement\":[{\"@type\":\"ListItem\",\"position\":1,\"name\":\"Accueil\",\"item\":\"https:\\\/\\\/www.dynseo.com\\\/pt-pt\\\/\"},{\"@type\":\"ListItem\",\"position\":2,\"name\":\"Afasia p\u00f3s-AVC: como entender e lidar com as dificuldades de comunica\u00e7\u00e3o\"}]},{\"@type\":\"WebSite\",\"@id\":\"https:\\\/\\\/www.dynseo.com\\\/pt-pt\\\/#website\",\"url\":\"https:\\\/\\\/www.dynseo.com\\\/pt-pt\\\/\",\"name\":\"Jeux de m\u00e9moire et stimulation cognitive\",\"description\":\"Entra\u00eenez votre m\u00e9moire et votre cerveau avec DYNSEO\",\"publisher\":{\"@id\":\"https:\\\/\\\/www.dynseo.com\\\/pt-pt\\\/#organization\"},\"potentialAction\":[{\"@type\":\"SearchAction\",\"target\":{\"@type\":\"EntryPoint\",\"urlTemplate\":\"https:\\\/\\\/www.dynseo.com\\\/pt-pt\\\/?s={search_term_string}\"},\"query-input\":{\"@type\":\"PropertyValueSpecification\",\"valueRequired\":true,\"valueName\":\"search_term_string\"}}],\"inLanguage\":\"pt-PT\"},{\"@type\":\"Organization\",\"@id\":\"https:\\\/\\\/www.dynseo.com\\\/pt-pt\\\/#organization\",\"name\":\"DYNSEO\",\"url\":\"https:\\\/\\\/www.dynseo.com\\\/pt-pt\\\/\",\"logo\":{\"@type\":\"ImageObject\",\"inLanguage\":\"pt-PT\",\"@id\":\"https:\\\/\\\/www.dynseo.com\\\/pt-pt\\\/#\\\/schema\\\/logo\\\/image\\\/\",\"url\":\"https:\\\/\\\/www.dynseo.com\\\/wp-content\\\/uploads\\\/2022\\\/05\\\/logo-dynseo-new.png\",\"contentUrl\":\"https:\\\/\\\/www.dynseo.com\\\/wp-content\\\/uploads\\\/2022\\\/05\\\/logo-dynseo-new.png\",\"width\":5073,\"height\":1397,\"caption\":\"DYNSEO\"},\"image\":{\"@id\":\"https:\\\/\\\/www.dynseo.com\\\/pt-pt\\\/#\\\/schema\\\/logo\\\/image\\\/\"}},{\"@type\":\"Person\",\"@id\":\"https:\\\/\\\/www.dynseo.com\\\/pt-pt\\\/#\\\/schema\\\/person\\\/78ef63df2ee64e0989bc68f8401b38d6\",\"name\":\"DYNSEO\",\"url\":\"https:\\\/\\\/www.dynseo.com\\\/pt-pt\\\/author\\\/justine\\\/\"}]}<\/script>\n<!-- \/ Yoast SEO plugin. -->","yoast_head_json":{"title":"Afasia p\u00f3s-AVC: como entender e lidar com as dificuldades de comunica\u00e7\u00e3o - DYNSEO - Aplica\u00e7\u00f5es educativas e jogos de mem\u00f3ria","robots":{"index":"index","follow":"follow","max-snippet":"max-snippet:-1","max-image-preview":"max-image-preview:large","max-video-preview":"max-video-preview:-1"},"canonical":"https:\/\/www.dynseo.com\/pt-pt\/afasia-pos-avc-como-entender-e-lidar-com-as-dificuldades-de-comunicacao\/","og_locale":"pt_PT","og_type":"article","og_title":"Afasia p\u00f3s-AVC: como entender e lidar com as dificuldades de comunica\u00e7\u00e3o - DYNSEO - Aplica\u00e7\u00f5es educativas e jogos de mem\u00f3ria","og_url":"https:\/\/www.dynseo.com\/pt-pt\/afasia-pos-avc-como-entender-e-lidar-com-as-dificuldades-de-comunicacao\/","og_site_name":"DYNSEO - Aplica\u00e7\u00f5es educativas e jogos de mem\u00f3ria","article_published_time":"2025-06-03T09:05:30+00:00","article_modified_time":"2025-12-26T14:55:25+00:00","og_image":[{"width":1000,"height":666,"url":"https:\/\/www.dynseo.com\/wp-content\/uploads\/2024\/03\/avc-fernando-cerebrale.webp","type":"image\/webp"}],"author":"DYNSEO","twitter_misc":{"Escrito por":"DYNSEO","Tempo estimado de leitura":"7 minutos"},"schema":{"@context":"https:\/\/schema.org","@graph":[{"@type":"Article","@id":"https:\/\/www.dynseo.com\/pt-pt\/afasia-pos-avc-como-entender-e-lidar-com-as-dificuldades-de-comunicacao\/#article","isPartOf":{"@id":"https:\/\/www.dynseo.com\/pt-pt\/afasia-pos-avc-como-entender-e-lidar-com-as-dificuldades-de-comunicacao\/"},"author":{"name":"DYNSEO","@id":"https:\/\/www.dynseo.com\/pt-pt\/#\/schema\/person\/78ef63df2ee64e0989bc68f8401b38d6"},"headline":"Afasia p\u00f3s-AVC: como entender e lidar com as dificuldades de comunica\u00e7\u00e3o","datePublished":"2025-06-03T09:05:30+00:00","dateModified":"2025-12-26T14:55:25+00:00","mainEntityOfPage":{"@id":"https:\/\/www.dynseo.com\/pt-pt\/afasia-pos-avc-como-entender-e-lidar-com-as-dificuldades-de-comunicacao\/"},"wordCount":1451,"publisher":{"@id":"https:\/\/www.dynseo.com\/pt-pt\/#organization"},"image":{"@id":"https:\/\/www.dynseo.com\/pt-pt\/afasia-pos-avc-como-entender-e-lidar-com-as-dificuldades-de-comunicacao\/#primaryimage"},"thumbnailUrl":"https:\/\/www.dynseo.com\/wp-content\/uploads\/2024\/03\/avc-fernando-cerebrale.webp","articleSection":["Tudo sobre o AVC","\u5173\u4e8e\u4e2d\u98ce - Stroke"],"inLanguage":"pt-PT"},{"@type":"WebPage","@id":"https:\/\/www.dynseo.com\/pt-pt\/afasia-pos-avc-como-entender-e-lidar-com-as-dificuldades-de-comunicacao\/","url":"https:\/\/www.dynseo.com\/pt-pt\/afasia-pos-avc-como-entender-e-lidar-com-as-dificuldades-de-comunicacao\/","name":"Afasia p\u00f3s-AVC: como entender e lidar com as dificuldades de comunica\u00e7\u00e3o - DYNSEO - Aplica\u00e7\u00f5es educativas e jogos de mem\u00f3ria","isPartOf":{"@id":"https:\/\/www.dynseo.com\/pt-pt\/#website"},"primaryImageOfPage":{"@id":"https:\/\/www.dynseo.com\/pt-pt\/afasia-pos-avc-como-entender-e-lidar-com-as-dificuldades-de-comunicacao\/#primaryimage"},"image":{"@id":"https:\/\/www.dynseo.com\/pt-pt\/afasia-pos-avc-como-entender-e-lidar-com-as-dificuldades-de-comunicacao\/#primaryimage"},"thumbnailUrl":"https:\/\/www.dynseo.com\/wp-content\/uploads\/2024\/03\/avc-fernando-cerebrale.webp","datePublished":"2025-06-03T09:05:30+00:00","dateModified":"2025-12-26T14:55:25+00:00","breadcrumb":{"@id":"https:\/\/www.dynseo.com\/pt-pt\/afasia-pos-avc-como-entender-e-lidar-com-as-dificuldades-de-comunicacao\/#breadcrumb"},"inLanguage":"pt-PT","potentialAction":[{"@type":"ReadAction","target":["https:\/\/www.dynseo.com\/pt-pt\/afasia-pos-avc-como-entender-e-lidar-com-as-dificuldades-de-comunicacao\/"]}]},{"@type":"ImageObject","inLanguage":"pt-PT","@id":"https:\/\/www.dynseo.com\/pt-pt\/afasia-pos-avc-como-entender-e-lidar-com-as-dificuldades-de-comunicacao\/#primaryimage","url":"https:\/\/www.dynseo.com\/wp-content\/uploads\/2024\/03\/avc-fernando-cerebrale.webp","contentUrl":"https:\/\/www.dynseo.com\/wp-content\/uploads\/2024\/03\/avc-fernando-cerebrale.webp","width":1000,"height":666,"caption":"Aplicativos que estimulam a cogni\u00e7\u00e3o de forma divertida e eficaz"},{"@type":"BreadcrumbList","@id":"https:\/\/www.dynseo.com\/pt-pt\/afasia-pos-avc-como-entender-e-lidar-com-as-dificuldades-de-comunicacao\/#breadcrumb","itemListElement":[{"@type":"ListItem","position":1,"name":"Accueil","item":"https:\/\/www.dynseo.com\/pt-pt\/"},{"@type":"ListItem","position":2,"name":"Afasia p\u00f3s-AVC: como entender e lidar com as dificuldades de comunica\u00e7\u00e3o"}]},{"@type":"WebSite","@id":"https:\/\/www.dynseo.com\/pt-pt\/#website","url":"https:\/\/www.dynseo.com\/pt-pt\/","name":"Jeux de m\u00e9moire et stimulation cognitive","description":"Entra\u00eenez votre m\u00e9moire et votre cerveau avec DYNSEO","publisher":{"@id":"https:\/\/www.dynseo.com\/pt-pt\/#organization"},"potentialAction":[{"@type":"SearchAction","target":{"@type":"EntryPoint","urlTemplate":"https:\/\/www.dynseo.com\/pt-pt\/?s={search_term_string}"},"query-input":{"@type":"PropertyValueSpecification","valueRequired":true,"valueName":"search_term_string"}}],"inLanguage":"pt-PT"},{"@type":"Organization","@id":"https:\/\/www.dynseo.com\/pt-pt\/#organization","name":"DYNSEO","url":"https:\/\/www.dynseo.com\/pt-pt\/","logo":{"@type":"ImageObject","inLanguage":"pt-PT","@id":"https:\/\/www.dynseo.com\/pt-pt\/#\/schema\/logo\/image\/","url":"https:\/\/www.dynseo.com\/wp-content\/uploads\/2022\/05\/logo-dynseo-new.png","contentUrl":"https:\/\/www.dynseo.com\/wp-content\/uploads\/2022\/05\/logo-dynseo-new.png","width":5073,"height":1397,"caption":"DYNSEO"},"image":{"@id":"https:\/\/www.dynseo.com\/pt-pt\/#\/schema\/logo\/image\/"}},{"@type":"Person","@id":"https:\/\/www.dynseo.com\/pt-pt\/#\/schema\/person\/78ef63df2ee64e0989bc68f8401b38d6","name":"DYNSEO","url":"https:\/\/www.dynseo.com\/pt-pt\/author\/justine\/"}]}},"_links":{"self":[{"href":"https:\/\/www.dynseo.com\/pt-pt\/wp-json\/wp\/v2\/posts\/145027","targetHints":{"allow":["GET"]}}],"collection":[{"href":"https:\/\/www.dynseo.com\/pt-pt\/wp-json\/wp\/v2\/posts"}],"about":[{"href":"https:\/\/www.dynseo.com\/pt-pt\/wp-json\/wp\/v2\/types\/post"}],"author":[{"embeddable":true,"href":"https:\/\/www.dynseo.com\/pt-pt\/wp-json\/wp\/v2\/users\/4"}],"replies":[{"embeddable":true,"href":"https:\/\/www.dynseo.com\/pt-pt\/wp-json\/wp\/v2\/comments?post=145027"}],"version-history":[{"count":6,"href":"https:\/\/www.dynseo.com\/pt-pt\/wp-json\/wp\/v2\/posts\/145027\/revisions"}],"predecessor-version":[{"id":457126,"href":"https:\/\/www.dynseo.com\/pt-pt\/wp-json\/wp\/v2\/posts\/145027\/revisions\/457126"}],"wp:featuredmedia":[{"embeddable":true,"href":"https:\/\/www.dynseo.com\/pt-pt\/wp-json\/wp\/v2\/media\/122651"}],"wp:attachment":[{"href":"https:\/\/www.dynseo.com\/pt-pt\/wp-json\/wp\/v2\/media?parent=145027"}],"wp:term":[{"taxonomy":"category","embeddable":true,"href":"https:\/\/www.dynseo.com\/pt-pt\/wp-json\/wp\/v2\/categories?post=145027"},{"taxonomy":"post_tag","embeddable":true,"href":"https:\/\/www.dynseo.com\/pt-pt\/wp-json\/wp\/v2\/tags?post=145027"}],"curies":[{"name":"wp","href":"https:\/\/api.w.org\/{rel}","templated":true}]}}