{"id":145030,"date":"2025-06-03T11:05:47","date_gmt":"2025-06-03T09:05:47","guid":{"rendered":"https:\/\/www.dynseo.com\/?p=145030"},"modified":"2025-12-26T15:55:32","modified_gmt":"2025-12-26T14:55:32","slug":"o-desafio-da-afasia-como-a-reabilitacao-pode-fazer-a-diferenca","status":"publish","type":"post","link":"https:\/\/www.dynseo.com\/pt-pt\/o-desafio-da-afasia-como-a-reabilitacao-pode-fazer-a-diferenca\/","title":{"rendered":"O desafio da afasia: como a reabilita\u00e7\u00e3o pode fazer a diferen\u00e7a"},"content":{"rendered":"<p>[et_pb_section fb_built=&#8221;1&#8243; admin_label=&#8221;Article HTML&#8221; _builder_version=&#8221;4.16&#8243;][et_pb_row admin_label=&#8221;Contenu&#8221; _builder_version=&#8221;4.16&#8243;][et_pb_column type=&#8221;4_4&#8243; _builder_version=&#8221;4.16&#8243;][et_pb_code admin_label=&#8221;HTML import\u00e9&#8221; _builder_version=&#8221;4.16&#8243;]<link href=\"https:\/\/fonts.googleapis.com\/css2?family=Montserrat:wght@400;500;600;700;800&#038;display=swap\" rel=\"stylesheet\">\n<style>\n.dynseo-article{font-family:'Montserrat',-apple-system,BlinkMacSystemFont,'Segoe UI',Roboto,sans-serif;line-height:1.8;color:#2c3e50;max-width:100%}\n.dynseo-article h2{font-family:'Montserrat',sans-serif;font-size:1.8rem;color:#1a1a2e;margin:50px 0 25px;padding-bottom:12px;border-bottom:3px solid #a9e2e4;font-weight:700;transition:all .3s ease}\n.dynseo-article h2:hover{padding-left:10px;border-bottom-color:#e73469}\n.dynseo-article h3{font-family:'Montserrat',sans-serif;font-size:1.3rem;color:#5e5ed7;margin:35px 0 18px;font-weight:600;transition:all .3s ease}\n.dynseo-article h3:hover{color:#e73469}\n.dynseo-article p{margin-bottom:18px;font-size:1.05rem;text-align:justify}\n.dynseo-article img{max-width:100%;height:auto;border-radius:16px;margin:25px 0;box-shadow:0 8px 30px rgba(0,0,0,0.1);transition:all .4s ease}\n.dynseo-article img:hover{transform:scale(1.02);box-shadow:0 15px 50px rgba(0,0,0,0.15)}\n.dynseo-intro{font-size:1.15rem;color:#64748b;border-left:4px solid #a9e2e4;padding-left:25px;margin:35px 0;font-style:italic;background:linear-gradient(90deg,rgba(169,226,228,0.1),transparent);padding:20px 25px;border-radius:0 12px 12px 0;transition:all .3s ease}\n.dynseo-intro:hover{border-left-width:6px;background:linear-gradient(90deg,rgba(169,226,228,0.15),transparent)}\n.dynseo-toc{background:linear-gradient(135deg,#f8fafc 0%,#fff 100%);border-radius:20px;padding:35px;margin:40px 0;border:2px solid #e5e7eb;box-shadow:0 4px 20px rgba(0,0,0,0.05);transition:all .3s ease}\n.dynseo-toc:hover{box-shadow:0 8px 35px rgba(0,0,0,0.08);transform:translateY(-2px)}\n.dynseo-toc .toc-title{font-family:'Montserrat',sans-serif;font-size:1.4rem;margin-bottom:25px;color:#1a1a2e;font-weight:700}\n.dynseo-toc ol{list-style:none;padding:0;margin:0;display:grid;grid-template-columns:repeat(2,1fr);gap:12px}\n.dynseo-toc li{background:#fff;border-radius:12px;padding:14px 18px;border:2px solid #f1f5f9;transition:all .3s ease;border-left:4px solid #ffeca7}\n.dynseo-toc li:hover{background:linear-gradient(135deg,#f8fafc,#fff);transform:translateX(8px);box-shadow:0 6px 20px rgba(0,0,0,0.1);border-left-width:6px}\n.dynseo-toc a{color:#1a1a2e;text-decoration:none;font-size:.95rem;font-weight:500;transition:color .3s}\n.dynseo-toc a:hover{color:#5e5ed7}\n.dynseo-article .styled-list,.dynseo-article ul{margin:20px 0 30px;padding:0;list-style:none}\n.dynseo-article .styled-list li,.dynseo-article ul li{position:relative;padding-left:28px;margin-bottom:14px;line-height:1.7;transition:all .3s ease}\n.dynseo-article .styled-list li:hover,.dynseo-article ul li:hover{padding-left:32px}\n.dynseo-article .styled-list li::before,.dynseo-article ul li::before{content:\"\";position:absolute;left:0;top:8px;width:10px;height:10px;background:#e73469;border-radius:50%;box-shadow:0 2px 8px rgba(231,52,105,0.3);transition:all .3s ease}\n.dynseo-article .styled-list li:hover::before,.dynseo-article ul li:hover::before{transform:scale(1.3);box-shadow:0 4px 12px rgba(231,52,105,0.4)}\n.dynseo-article blockquote{background:linear-gradient(135deg,#fff9f0 0%,#fff5eb 100%);border-left:4px solid #ffeca7;border-radius:0 16px 16px 0;padding:28px 32px;margin:35px 0;position:relative;box-shadow:0 4px 20px rgba(255,236,167,0.3);transition:all .3s ease}\n.dynseo-article blockquote:hover{transform:translateX(5px);box-shadow:0 8px 30px rgba(255,236,167,0.4);border-left-width:6px}\n.dynseo-article blockquote::before{content:\"\u275d\";font-size:3rem;color:#ffeca7;opacity:.4;position:absolute;top:10px;left:15px}\n.dynseo-article blockquote p{font-style:italic;margin-bottom:12px;padding-left:30px}\n.dynseo-article blockquote cite{display:block;font-style:normal;font-weight:600;color:#1a1a2e;padding-left:30px}\n.section-divider{text-align:center;margin:60px 0;font-size:1.8rem;letter-spacing:18px;background:linear-gradient(135deg,#ffeca7,#e73469,#a9e2e4);-webkit-background-clip:text;-webkit-text-fill-color:transparent;background-clip:text}\n.dynseo-tip-box{background:linear-gradient(135deg,#ecfdf5 0%,#d1fae5 100%);border:2px solid #a9e2e4;border-radius:16px;padding:25px 30px;margin:35px 0;position:relative;box-shadow:0 4px 20px rgba(169,226,228,0.3);transition:all .3s ease}\n.dynseo-tip-box:hover{transform:translateY(-3px);box-shadow:0 8px 30px rgba(169,226,228,0.4)}\n.dynseo-tip-box-title{font-family:'Montserrat',sans-serif;font-size:1.15rem;font-weight:700;color:#1a1a2e;margin-bottom:12px;display:flex;align-items:center;gap:10px}\n.dynseo-tip-box-title::before{content:\"\ud83d\udca1\";font-size:1.3rem}\n.dynseo-tip-box p{margin:0;color:#2c3e50}\n.dynseo-feature-grid{display:grid;grid-template-columns:repeat(3,1fr);gap:20px;margin:35px 0}\n.dynseo-feature-card{background:#fff;border-radius:20px;padding:30px 25px;text-align:center;border:2px solid #f1f5f9;transition:all .4s ease;position:relative;overflow:hidden}\n.dynseo-feature-card::before{content:\"\";position:absolute;top:0;left:0;right:0;height:4px;background:linear-gradient(90deg,#ffeca7,#e73469);transform:scaleX(0);transition:transform .3s ease}\n.dynseo-feature-card:hover::before{transform:scaleX(1)}\n.dynseo-feature-card:nth-child(3n+1){border-color:rgba(255,236,167,0.5)}\n.dynseo-feature-card:nth-child(3n+2){border-color:rgba(231,52,105,0.3)}\n.dynseo-feature-card:nth-child(3n+3){border-color:rgba(169,226,228,0.5)}\n.dynseo-feature-card:hover{transform:translateY(-8px);box-shadow:0 20px 50px rgba(0,0,0,0.12)}\n.dynseo-feature-card h4{font-family:'Montserrat',sans-serif;color:#1a1a2e;margin-bottom:10px;font-size:1.1rem;font-weight:600}\n.dynseo-feature-card p{font-size:.95rem;color:#64748b;margin:0}\n.dynseo-highlight-box{background:linear-gradient(135deg,#fef3c7 0%,#fde68a 100%);border:2px solid #ffeca7;border-radius:16px;padding:25px 30px;margin:30px 0;transition:all .3s ease}\n.dynseo-highlight-box:hover{transform:translateY(-3px);box-shadow:0 8px 30px rgba(255,236,167,0.4)}\n.dynseo-highlight-box h4{font-family:'Montserrat',sans-serif;color:#1a1a2e;margin:0 0 12px 0;font-size:1.1rem}\n.dynseo-highlight-box p{margin:0;color:#2c3e50}\n@media(max-width:768px){.dynseo-article h2{font-size:1.5rem}.dynseo-toc ol{grid-template-columns:1fr}.dynseo-feature-grid{grid-template-columns:1fr}}\n<\/style>\n<div class=\"dynseo-article\">\n<div class=\"dynseo-intro\">A afasia \u00e9 uma condi\u00e7\u00e3o neurol\u00f3gica que afeta a capacidade de comunica\u00e7\u00e3o de uma pessoa. Quando falamos sobre afasia, referimo-nos a dificuldades em expressar-se verbalmente, compreender a linguagem falada ou escrita, ou at\u00e9 mesmo em encontrar as palavras certas para se comunicar. Esta condi\u00e7\u00e3o pode surgir ap\u00f3s um acidente vascular cerebral (AVC), les\u00f5es cerebrais traum\u00e1ticas ou outras doen\u00e7as que afetam as \u00e1reas do c\u00e9rebro respons\u00e1veis pela linguagem.<\/p>\n<p>Para n\u00f3s, \u00e9 importante entender que a afasia n\u00e3o afeta a intelig\u00eancia da pessoa; ela pode continuar a pensar e sentir como antes, mas enfrenta barreiras na comunica\u00e7\u00e3o. A afasia pode ser uma experi\u00eancia desafiadora tanto para a pessoa afetada quanto para os seus entes queridos. A frustra\u00e7\u00e3o de n\u00e3o conseguir expressar pensamentos ou sentimentos pode levar a sentimentos de isolamento e depress\u00e3o.<\/p>\n<p>Por isso, \u00e9 fundamental que todos n\u00f3s tenhamos uma compreens\u00e3o clara do que \u00e9 a afasia e como ela impacta a vida di\u00e1ria. Ao educar-nos sobre esta condi\u00e7\u00e3o, podemos ser mais emp\u00e1ticos e solid\u00e1rios com aqueles que enfrentam esses desafios.<\/p><\/div>\n<nav class=\"dynseo-toc\">\n<div class=\"toc-title\">\ud83d\udccb Sommaire<\/div>\n<ol>\n<li style=\"border-left:4px solid #ffeca7\"><a href=\"#section-1\">Os diferentes tipos de afasia<\/a><\/li>\n<li style=\"border-left:4px solid #e73469\"><a href=\"#section-2\">A import\u00e2ncia da reabilita\u00e7\u00e3o na recupera\u00e7\u00e3o da afasia<\/a><\/li>\n<li style=\"border-left:4px solid #a9e2e4\"><a href=\"#section-3\">M\u00e9todos de reabilita\u00e7\u00e3o para afasia<\/a><\/li>\n<li style=\"border-left:4px solid #5e5ed7\"><a href=\"#section-4\">O papel da fam\u00edlia e cuidadores na reabilita\u00e7\u00e3o da afasia<\/a><\/li>\n<li style=\"border-left:4px solid #5268c9\"><a href=\"#section-5\">Os desafios enfrentados durante a reabilita\u00e7\u00e3o da afasia<\/a><\/li>\n<li style=\"border-left:4px solid #ffeca7\"><a href=\"#section-6\">Hist\u00f3rias de sucesso na reabilita\u00e7\u00e3o da afasia<\/a><\/li>\n<li style=\"border-left:4px solid #e73469\"><a href=\"#section-7\">Recursos dispon\u00edveis para pessoas com afasia e suas fam\u00edlias<\/a><\/li>\n<\/ol>\n<\/nav>\n<section class=\"dynseo-section\">\n<h2 id=\"section-1\">Os diferentes tipos de afasia<\/h2>\n<p>Existem v\u00e1rios tipos de afasia, cada um com caracter\u00edsticas distintas. A afasia de Broca, por exemplo, \u00e9 uma forma n\u00e3o fluente em que a pessoa tem dificuldade em formar frases completas. Geralmente, as pessoas com este tipo de afasia conseguem compreender a linguagem, mas t\u00eam dificuldade em expressar-se.<\/p>\n<p>Por outro lado, a afasia de Wernicke \u00e9 uma forma fluente, onde a pessoa pode falar em longas senten\u00e7as, mas o conte\u00fado pode ser incoerente ou sem sentido. Para n\u00f3s, \u00e9 essencial reconhecer essas diferen\u00e7as, pois cada tipo de afasia requer abordagens espec\u00edficas na reabilita\u00e7\u00e3o. Al\u00e9m dessas, existem outros tipos menos comuns, como a afasia global, que combina caracter\u00edsticas de ambos os tipos mencionados, resultando em severas dificuldades tanto na fala quanto na compreens\u00e3o.<\/p>\n<p>A afasia an\u00f4mica \u00e9 outra forma que se caracteriza pela dificuldade em encontrar palavras espec\u00edficas, mesmo que a pessoa consiga falar fluentemente.<b> Compreender esses diferentes tipos de afasia nos ajuda a perceber que cada indiv\u00edduo ter\u00e1 uma experi\u00eancia \u00fanica e que as estrat\u00e9gias de <a href=\"https:\/\/www.dynseo.com\/pt-pt\/o-papel-da-familia-na-reabilitacao-pos-avc-apoio-e-motivacao\/\" title=\"O papel da fam\u00edlia na reabilita\u00e7\u00e3o p\u00f3s-AVC: apoio e motiva\u00e7\u00e3o\">apoio<\/a> devem ser adaptadas \u00e0s suas necessidades espec\u00edficas.<\/b><\/section>\n<section class=\"dynseo-section\">\n<h2 id=\"section-2\">A import\u00e2ncia da reabilita\u00e7\u00e3o na recupera\u00e7\u00e3o da afasia<\/h2>\n<p><img decoding=\"async\" id=\"3\" style=\"max-width: 100%;margin-left: auto;margin-right: auto;width: 70%\" src=\"https:\/\/www.dynseo.com\/pt-pt\/wp-content\/uploads\/2025\/01\/abcdhe-193.jpg\" \/><\/p>\n<p>A reabilita\u00e7\u00e3o desempenha um papel crucial na recupera\u00e7\u00e3o da afasia. Sem um programa de reabilita\u00e7\u00e3o adequado, as pessoas podem enfrentar dificuldades prolongadas na comunica\u00e7\u00e3o, o que pode afetar negativamente a sua qualidade de vida. Atrav\u00e9s da reabilita\u00e7\u00e3o, podemos ajudar os indiv\u00edduos a recuperar habilidades lingu\u00edsticas e a desenvolver novas estrat\u00e9gias para se comunicarem eficazmente.<\/p>\n<p>Este processo n\u00e3o s\u00f3 melhora as capacidades de comunica\u00e7\u00e3o, mas tamb\u00e9m promove a autoestima e a confian\u00e7a da pessoa afetada. Al\u00e9m disso, a reabilita\u00e7\u00e3o \u00e9 um caminho para reintegrar o indiv\u00edduo na sociedade. Quando conseguimos melhorar as habilidades de comunica\u00e7\u00e3o, facilitamos o retorno \u00e0 vida social e profissional.<\/p>\n<p>Para n\u00f3s, \u00e9 fundamental apoiar os esfor\u00e7os de reabilita\u00e7\u00e3o, pois isso n\u00e3o s\u00f3 beneficia a pessoa com afasia, mas tamb\u00e9m os seus familiares e amigos, que podem ver melhorias significativas nas intera\u00e7\u00f5es di\u00e1rias.<\/section>\n<div class=\"section-divider\">\u25c6 \u25c6 \u25c6<\/div>\n<section class=\"dynseo-section\">\n<h2 id=\"section-3\">M\u00e9todos de reabilita\u00e7\u00e3o para afasia<\/h2>\n<p>Existem diversos m\u00e9todos de reabilita\u00e7\u00e3o que podem ser utilizados para ajudar pessoas com afasia. A terapia da fala \u00e9 uma das abordagens mais comuns e envolve exerc\u00edcios espec\u00edficos para melhorar a fala e a compreens\u00e3o da linguagem. Os terapeutas da fala trabalham com os pacientes para desenvolver habilidades lingu\u00edsticas atrav\u00e9s de atividades pr\u00e1ticas e jogos que estimulam o uso da linguagem em contextos variados.<\/p>\n<p>Para n\u00f3s, \u00e9 inspirador ver como essas sess\u00f5es podem ser adaptadas \u00e0s necessidades individuais de cada paciente. Outra abordagem eficaz \u00e9 o uso de tecnologia assistiva. Aplicativos e softwares projetados para ajudar na comunica\u00e7\u00e3o podem ser ferramentas valiosas na reabilita\u00e7\u00e3o da afasia.<\/p>\n<p>Estes recursos tecnol\u00f3gicos oferecem uma forma alternativa de express\u00e3o e podem ser utilizados tanto em casa quanto em ambientes cl\u00ednicos. A combina\u00e7\u00e3o de m\u00e9todos tradicionais com inova\u00e7\u00f5es tecnol\u00f3gicas pode proporcionar um suporte abrangente e personalizado para cada pessoa em recupera\u00e7\u00e3o.<\/section>\n<section class=\"dynseo-section\">\n<h2 id=\"section-4\">O papel da fam\u00edlia e cuidadores na reabilita\u00e7\u00e3o da afasia<\/h2>\n<p>A fam\u00edlia e os cuidadores desempenham um papel fundamental no processo de reabilita\u00e7\u00e3o da afasia. Eles s\u00e3o muitas vezes os primeiros a notar as dificuldades de comunica\u00e7\u00e3o e podem ser uma fonte vital de apoio emocional e pr\u00e1tico durante a recupera\u00e7\u00e3o. Para n\u00f3s, \u00e9 essencial que os familiares sejam inclu\u00eddos no processo terap\u00eautico, pois isso n\u00e3o s\u00f3 ajuda na compreens\u00e3o da condi\u00e7\u00e3o, mas tamb\u00e9m fortalece os la\u00e7os familiares.<\/p>\n<p>Os cuidadores podem ajudar a criar um ambiente prop\u00edcio \u00e0 comunica\u00e7\u00e3o em casa.<b> Isso pode incluir o uso de t\u00e9cnicas simples, como falar devagar, usar frases curtas e encorajar a pessoa a expressar-se sem pressa.<\/b> Al\u00e9m disso, participar ativamente das sess\u00f5es de terapia pode proporcionar aos cuidadores uma melhor compreens\u00e3o das estrat\u00e9gias que podem ser utilizadas no dia-a-dia.<\/p>\n<p>O envolvimento da fam\u00edlia n\u00e3o s\u00f3 melhora o progresso do paciente, mas tamb\u00e9m promove um ambiente mais positivo e encorajador.<\/section>\n<div class=\"section-divider\">\u25c6 \u25c6 \u25c6<\/div>\n<section class=\"dynseo-section\">\n<h2 id=\"section-5\">Os desafios enfrentados durante a reabilita\u00e7\u00e3o da afasia<\/h2>\n<p><img decoding=\"async\" id=\"2\" style=\"max-width: 100%;margin-left: auto;margin-right: auto;width: 70%\" src=\"https:\/\/www.dynseo.com\/pt-pt\/wp-content\/uploads\/2025\/01\/image-387.jpg\" \/><\/p>\n<p>A reabilita\u00e7\u00e3o da afasia n\u00e3o est\u00e1 isenta de desafios. Um dos principais obst\u00e1culos \u00e9 a frustra\u00e7\u00e3o que muitos pacientes sentem ao tentar se comunicar. Essa frustra\u00e7\u00e3o pode levar \u00e0 desmotiva\u00e7\u00e3o e ao des\u00e2nimo, dificultando ainda mais o processo de recupera\u00e7\u00e3o.<\/p>\n<p>Para n\u00f3s, \u00e9 importante reconhecer esses sentimentos e abord\u00e1-los com empatia e compreens\u00e3o. Criar um ambiente seguro onde o paciente se sinta \u00e0 vontade para expressar suas dificuldades \u00e9 crucial. Outro desafio significativo \u00e9 a falta de recursos adequados em algumas \u00e1reas.<\/p>\n<p>Nem todos t\u00eam acesso a terapeutas especializados ou programas de reabilita\u00e7\u00e3o adequados. Isso pode resultar em desigualdades no tratamento e na recupera\u00e7\u00e3o da afasia. Para n\u00f3s, isso destaca a necessidade urgente de aumentar a conscientiza\u00e7\u00e3o sobre a afasia e promover pol\u00edticas que garantam acesso equitativo aos servi\u00e7os de sa\u00fade necess\u00e1rios para todos os afetados.<\/section>\n<section class=\"dynseo-section\">\n<h2 id=\"section-6\">Hist\u00f3rias de sucesso na reabilita\u00e7\u00e3o da afasia<\/h2>\n<p>As hist\u00f3rias de sucesso na reabilita\u00e7\u00e3o da afasia s\u00e3o verdadeiros testemunhos do poder da resili\u00eancia humana e do impacto positivo da terapia adequada. Muitas pessoas conseguiram recuperar suas habilidades lingu\u00edsticas e reintegrar-se plenamente nas suas vidas sociais e profissionais ap\u00f3s um diagn\u00f3stico de afasia. Para n\u00f3s, essas hist\u00f3rias s\u00e3o inspiradoras e mostram que, com o apoio certo, \u00e9 poss\u00edvel <a href=\"https:\/\/www.dynseo.com\/pt-pt\/como-superar-os-desafios-da-afasia-com-exercicios-diarios\/\" title=\"Como superar os desafios da afasia com exerc\u00edcios di\u00e1rios\">superar desafios<\/a> significativos.<\/p>\n<p>Um exemplo not\u00e1vel \u00e9 o caso de uma mulher que sofreu um AVC e ficou com afasia de Broca. Ap\u00f3s meses de terapia intensiva e apoio familiar constante, ela conseguiu n\u00e3o apenas recuperar sua capacidade de falar, mas tamb\u00e9m se tornou uma defensora dos direitos das pessoas com afasia. Sua jornada n\u00e3o s\u00f3 transformou sua vida, mas tamb\u00e9m inspirou muitos outros a buscar ajuda e acreditar na possibilidade de recupera\u00e7\u00e3o.<\/section>\n<div class=\"section-divider\">\u25c6 \u25c6 \u25c6<\/div>\n<section class=\"dynseo-section\">\n<h2 id=\"section-7\">Recursos dispon\u00edveis para pessoas com afasia e suas fam\u00edlias<\/h2>\n<p>Felizmente, existem muitos recursos dispon\u00edveis para pessoas com afasia e suas fam\u00edlias. Organiza\u00e7\u00f5es sem fins lucrativos oferecem informa\u00e7\u00f5es valiosas sobre a condi\u00e7\u00e3o, grupos de apoio e programas educacionais que ajudam tanto os pacientes quanto os cuidadores a entender melhor a afasia. Para n\u00f3s, \u00e9 vital que essas informa\u00e7\u00f5es sejam amplamente divulgadas para garantir que todos tenham acesso ao suporte necess\u00e1rio.<\/p>\n<p>Al\u00e9m disso, muitos centros de reabilita\u00e7\u00e3o oferecem programas espec\u00edficos para pessoas com afasia, incluindo terapia individualizada e grupos terap\u00eauticos onde os pacientes podem praticar suas habilidades lingu\u00edsticas em um ambiente seguro e acolhedor. A utiliza\u00e7\u00e3o dessas redes de apoio pode fazer uma diferen\u00e7a significativa na jornada de recupera\u00e7\u00e3o. Ao nos unirmos como comunidade para apoiar aqueles afetados pela afasia, podemos contribuir para um futuro mais inclusivo e compreensivo para todos.<\/section>\n<\/div>\n<p>[\/et_pb_code][\/et_pb_column][\/et_pb_row][\/et_pb_section][et_pb_section fb_built=&#8221;1&#8243; _builder_version=&#8221;4.16&#8243;][et_pb_row][et_pb_column type=&#8221;4_4&#8243;][et_pb_code]<script type=\"application\/ld+json\">{\"@context\":\"https:\/\/schema.org\",\"@type\":\"FAQPage\",\"mainEntity\":[{\"@type\":\"Question\",\"name\":\"O que \u00e9 a afasia?\",\"acceptedAnswer\":{\"@type\":\"Answer\",\"text\":\"A afasia \u00e9 uma condi\u00e7\u00e3o neurol\u00f3gica que afeta a capacidade de comunica\u00e7\u00e3o de uma pessoa, causando dificuldades em expressar-se verbalmente, compreender a linguagem falada ou escrita, ou encontrar as palavras certas para se comunicar. \u00c9 importante saber que a afasia n\u00e3o afeta a intelig\u00eancia da pessoa.\"}},{\"@type\":\"Question\",\"name\":\"Quais s\u00e3o as principais causas da afasia?\",\"acceptedAnswer\":{\"@type\":\"Answer\",\"text\":\"A afasia pode surgir ap\u00f3s um acidente vascular cerebral (AVC), les\u00f5es cerebrais traum\u00e1ticas ou outras doen\u00e7as que afetam as \u00e1reas do c\u00e9rebro respons\u00e1veis pela linguagem.\"}},{\"@type\":\"Question\",\"name\":\"A afasia afeta a intelig\u00eancia da pessoa?\",\"acceptedAnswer\":{\"@type\":\"Answer\",\"text\":\"N\u00e3o, a afasia n\u00e3o afeta a intelig\u00eancia da pessoa. A pessoa afetada pode continuar a pensar e sentir como antes, mas enfrenta barreiras na comunica\u00e7\u00e3o.\"}},{\"@type\":\"Question\",\"name\":\"Qual \u00e9 a diferen\u00e7a entre a afasia de Broca e a afasia de Wernicke?\",\"acceptedAnswer\":{\"@type\":\"Answer\",\"text\":\"A afasia de Broca \u00e9 uma forma n\u00e3o fluente em que a pessoa tem dificuldade em formar frases completas, mas geralmente consegue compreender a linguagem. J\u00e1 a afasia de Wernicke \u00e9 uma forma fluente, onde a pessoa pode falar com mais facilidade, mas com caracter\u00edsticas diferentes.\"}},{\"@type\":\"Question\",\"name\":\"Como a afasia impacta emocionalmente a pessoa afetada?\",\"acceptedAnswer\":{\"@type\":\"Answer\",\"text\":\"A afasia pode ser uma experi\u00eancia muito desafiadora. A frustra\u00e7\u00e3o de n\u00e3o conseguir expressar pensamentos ou sentimentos pode levar a sentimentos de isolamento e depress\u00e3o, tanto para a pessoa afetada quanto para os seus entes queridos.\"}},{\"@type\":\"Question\",\"name\":\"Por que \u00e9 importante educar-se sobre a afasia?\",\"acceptedAnswer\":{\"@type\":\"Answer\",\"text\":\"\u00c9 fundamental ter uma compreens\u00e3o clara do que \u00e9 a afasia e como ela impacta a vida di\u00e1ria para podermos ser mais emp\u00e1ticos e solid\u00e1rios com aqueles que enfrentam esses desafios de comunica\u00e7\u00e3o.\"}}]}<\/script><br \/>\n<script type=\"application\/ld+json\">{\"@context\":\"https:\/\/schema.org\",\"@type\":\"FAQPage\",\"mainEntity\":[{\"@type\":\"Question\",\"name\":\"O que \u00e9 a afasia?\",\"acceptedAnswer\":{\"@type\":\"Answer\",\"text\":\"A afasia \u00e9 uma condi\u00e7\u00e3o neurol\u00f3gica que afeta a capacidade de comunica\u00e7\u00e3o de uma pessoa, causando dificuldades em expressar-se verbalmente, compreender a linguagem falada ou escrita, ou encontrar as palavras certas para se comunicar. \u00c9 importante saber que a afasia n\u00e3o afeta a intelig\u00eancia da pessoa.\"}},{\"@type\":\"Question\",\"name\":\"Quais s\u00e3o as principais causas da afasia?\",\"acceptedAnswer\":{\"@type\":\"Answer\",\"text\":\"A afasia pode surgir ap\u00f3s um acidente vascular cerebral (AVC), les\u00f5es cerebrais traum\u00e1ticas ou outras doen\u00e7as que afetam as \u00e1reas do c\u00e9rebro respons\u00e1veis pela linguagem.\"}},{\"@type\":\"Question\",\"name\":\"A afasia afeta a intelig\u00eancia da pessoa?\",\"acceptedAnswer\":{\"@type\":\"Answer\",\"text\":\"N\u00e3o, a afasia n\u00e3o afeta a intelig\u00eancia da pessoa. A pessoa afetada pode continuar a pensar e sentir como antes, mas enfrenta barreiras na comunica\u00e7\u00e3o.\"}},{\"@type\":\"Question\",\"name\":\"Qual \u00e9 a diferen\u00e7a entre a afasia de Broca e a afasia de Wernicke?\",\"acceptedAnswer\":{\"@type\":\"Answer\",\"text\":\"A afasia de Broca \u00e9 uma forma n\u00e3o fluente em que a pessoa tem dificuldade em formar frases completas, mas geralmente consegue compreender a linguagem. J\u00e1 a afasia de Wernicke \u00e9 uma forma fluente, onde a pessoa pode falar com mais facilidade, mas com caracter\u00edsticas diferentes.\"}},{\"@type\":\"Question\",\"name\":\"Como a afasia impacta emocionalmente a pessoa afetada?\",\"acceptedAnswer\":{\"@type\":\"Answer\",\"text\":\"A afasia pode ser uma experi\u00eancia muito desafiadora. A frustra\u00e7\u00e3o de n\u00e3o conseguir expressar pensamentos ou sentimentos pode levar a sentimentos de isolamento e depress\u00e3o, tanto para a pessoa afetada quanto para os seus entes queridos.\"}},{\"@type\":\"Question\",\"name\":\"Por que \u00e9 importante educar-se sobre a afasia?\",\"acceptedAnswer\":{\"@type\":\"Answer\",\"text\":\"\u00c9 fundamental ter uma compreens\u00e3o clara do que \u00e9 a afasia e como ela impacta a vida di\u00e1ria para podermos ser mais emp\u00e1ticos e solid\u00e1rios com aqueles que enfrentam esses desafios de comunica\u00e7\u00e3o.\"}}]}<\/script>[\/et_pb_code][\/et_pb_column][\/et_pb_row][\/et_pb_section]<\/p>\n","protected":false},"excerpt":{"rendered":"<div class=\"et_pb_row et_pb_row_0 et_pb_row_empty\">\n\t\t\t\t\n\t\t\t\t\n\t\t\t\t\n\t\t\t\t\n\t\t\t\t\n\t\t\t<\/div>\n","protected":false},"author":4,"featured_media":365418,"comment_status":"closed","ping_status":"closed","sticky":false,"template":"","format":"standard","meta":{"_et_pb_use_builder":"on","_et_pb_old_content":"","_et_gb_content_width":"","footnotes":""},"categories":[2984,3003],"tags":[],"class_list":["post-145030","post","type-post","status-publish","format-standard","has-post-thumbnail","hentry","category-tudo-sobre-o-avc","category-3003"],"yoast_head":"<!-- This site is optimized with the Yoast SEO plugin v27.4 - https:\/\/yoast.com\/product\/yoast-seo-wordpress\/ -->\n<title>O desafio da afasia: como a reabili... | Tout sur l&#039;AVC 2025<\/title>\n<meta name=\"robots\" content=\"index, follow, max-snippet:-1, max-image-preview:large, max-video-preview:-1\" \/>\n<link rel=\"canonical\" href=\"https:\/\/www.dynseo.com\/pt-pt\/o-desafio-da-afasia-como-a-reabilitacao-pode-fazer-a-diferenca\/\" \/>\n<meta property=\"og:locale\" content=\"pt_PT\" \/>\n<meta property=\"og:type\" content=\"article\" \/>\n<meta property=\"og:title\" content=\"O desafio da afasia: como a reabili... | Tout sur l&#039;AVC 2025\" \/>\n<meta property=\"og:url\" content=\"https:\/\/www.dynseo.com\/pt-pt\/o-desafio-da-afasia-como-a-reabilitacao-pode-fazer-a-diferenca\/\" \/>\n<meta property=\"og:site_name\" content=\"DYNSEO - Aplica\u00e7\u00f5es educativas e jogos de mem\u00f3ria\" \/>\n<meta property=\"article:published_time\" content=\"2025-06-03T09:05:47+00:00\" \/>\n<meta property=\"article:modified_time\" content=\"2025-12-26T14:55:32+00:00\" \/>\n<meta property=\"og:image\" content=\"https:\/\/www.dynseo.com\/wp-content\/uploads\/2024\/03\/avc-prevention-et-pertes-de-memoires-1024x768.png\" \/>\n\t<meta property=\"og:image:width\" content=\"1024\" \/>\n\t<meta property=\"og:image:height\" content=\"768\" \/>\n\t<meta property=\"og:image:type\" content=\"image\/png\" \/>\n<meta name=\"author\" content=\"DYNSEO\" \/>\n<meta name=\"twitter:label1\" content=\"Escrito por\" \/>\n\t<meta name=\"twitter:data1\" content=\"DYNSEO\" \/>\n\t<meta name=\"twitter:label2\" content=\"Tempo estimado de leitura\" \/>\n\t<meta name=\"twitter:data2\" content=\"8 minutos\" \/>\n<script type=\"application\/ld+json\" class=\"yoast-schema-graph\">{\"@context\":\"https:\\\/\\\/schema.org\",\"@graph\":[{\"@type\":\"Article\",\"@id\":\"https:\\\/\\\/www.dynseo.com\\\/pt-pt\\\/o-desafio-da-afasia-como-a-reabilitacao-pode-fazer-a-diferenca\\\/#article\",\"isPartOf\":{\"@id\":\"https:\\\/\\\/www.dynseo.com\\\/pt-pt\\\/o-desafio-da-afasia-como-a-reabilitacao-pode-fazer-a-diferenca\\\/\"},\"author\":{\"name\":\"DYNSEO\",\"@id\":\"https:\\\/\\\/www.dynseo.com\\\/pt-pt\\\/#\\\/schema\\\/person\\\/78ef63df2ee64e0989bc68f8401b38d6\"},\"headline\":\"O desafio da afasia: como a reabilita\u00e7\u00e3o pode fazer a diferen\u00e7a\",\"datePublished\":\"2025-06-03T09:05:47+00:00\",\"dateModified\":\"2025-12-26T14:55:32+00:00\",\"mainEntityOfPage\":{\"@id\":\"https:\\\/\\\/www.dynseo.com\\\/pt-pt\\\/o-desafio-da-afasia-como-a-reabilitacao-pode-fazer-a-diferenca\\\/\"},\"wordCount\":1521,\"publisher\":{\"@id\":\"https:\\\/\\\/www.dynseo.com\\\/pt-pt\\\/#organization\"},\"image\":{\"@id\":\"https:\\\/\\\/www.dynseo.com\\\/pt-pt\\\/o-desafio-da-afasia-como-a-reabilitacao-pode-fazer-a-diferenca\\\/#primaryimage\"},\"thumbnailUrl\":\"https:\\\/\\\/www.dynseo.com\\\/wp-content\\\/uploads\\\/2024\\\/03\\\/avc-prevention-et-pertes-de-memoires.png\",\"articleSection\":[\"Tudo sobre o AVC\",\"\u5173\u4e8e\u4e2d\u98ce - Stroke\"],\"inLanguage\":\"pt-PT\"},{\"@type\":\"WebPage\",\"@id\":\"https:\\\/\\\/www.dynseo.com\\\/pt-pt\\\/o-desafio-da-afasia-como-a-reabilitacao-pode-fazer-a-diferenca\\\/\",\"url\":\"https:\\\/\\\/www.dynseo.com\\\/pt-pt\\\/o-desafio-da-afasia-como-a-reabilitacao-pode-fazer-a-diferenca\\\/\",\"name\":\"O desafio da afasia: como a reabili... | Tout sur l'AVC 2025\",\"isPartOf\":{\"@id\":\"https:\\\/\\\/www.dynseo.com\\\/pt-pt\\\/#website\"},\"primaryImageOfPage\":{\"@id\":\"https:\\\/\\\/www.dynseo.com\\\/pt-pt\\\/o-desafio-da-afasia-como-a-reabilitacao-pode-fazer-a-diferenca\\\/#primaryimage\"},\"image\":{\"@id\":\"https:\\\/\\\/www.dynseo.com\\\/pt-pt\\\/o-desafio-da-afasia-como-a-reabilitacao-pode-fazer-a-diferenca\\\/#primaryimage\"},\"thumbnailUrl\":\"https:\\\/\\\/www.dynseo.com\\\/wp-content\\\/uploads\\\/2024\\\/03\\\/avc-prevention-et-pertes-de-memoires.png\",\"datePublished\":\"2025-06-03T09:05:47+00:00\",\"dateModified\":\"2025-12-26T14:55:32+00:00\",\"breadcrumb\":{\"@id\":\"https:\\\/\\\/www.dynseo.com\\\/pt-pt\\\/o-desafio-da-afasia-como-a-reabilitacao-pode-fazer-a-diferenca\\\/#breadcrumb\"},\"inLanguage\":\"pt-PT\",\"potentialAction\":[{\"@type\":\"ReadAction\",\"target\":[\"https:\\\/\\\/www.dynseo.com\\\/pt-pt\\\/o-desafio-da-afasia-como-a-reabilitacao-pode-fazer-a-diferenca\\\/\"]}]},{\"@type\":\"ImageObject\",\"inLanguage\":\"pt-PT\",\"@id\":\"https:\\\/\\\/www.dynseo.com\\\/pt-pt\\\/o-desafio-da-afasia-como-a-reabilitacao-pode-fazer-a-diferenca\\\/#primaryimage\",\"url\":\"https:\\\/\\\/www.dynseo.com\\\/wp-content\\\/uploads\\\/2024\\\/03\\\/avc-prevention-et-pertes-de-memoires.png\",\"contentUrl\":\"https:\\\/\\\/www.dynseo.com\\\/wp-content\\\/uploads\\\/2024\\\/03\\\/avc-prevention-et-pertes-de-memoires.png\",\"width\":2000,\"height\":1500,\"caption\":\"Tablet terap\u00eautico: uma ferramenta l\u00fadica e eficaz para o cuidado e a estimula\u00e7\u00e3o infantil\"},{\"@type\":\"BreadcrumbList\",\"@id\":\"https:\\\/\\\/www.dynseo.com\\\/pt-pt\\\/o-desafio-da-afasia-como-a-reabilitacao-pode-fazer-a-diferenca\\\/#breadcrumb\",\"itemListElement\":[{\"@type\":\"ListItem\",\"position\":1,\"name\":\"Accueil\",\"item\":\"https:\\\/\\\/www.dynseo.com\\\/pt-pt\\\/\"},{\"@type\":\"ListItem\",\"position\":2,\"name\":\"O desafio da afasia: como a reabilita\u00e7\u00e3o pode fazer a diferen\u00e7a\"}]},{\"@type\":\"WebSite\",\"@id\":\"https:\\\/\\\/www.dynseo.com\\\/pt-pt\\\/#website\",\"url\":\"https:\\\/\\\/www.dynseo.com\\\/pt-pt\\\/\",\"name\":\"Jeux de m\u00e9moire et stimulation cognitive\",\"description\":\"Entra\u00eenez votre m\u00e9moire et votre cerveau avec DYNSEO\",\"publisher\":{\"@id\":\"https:\\\/\\\/www.dynseo.com\\\/pt-pt\\\/#organization\"},\"potentialAction\":[{\"@type\":\"SearchAction\",\"target\":{\"@type\":\"EntryPoint\",\"urlTemplate\":\"https:\\\/\\\/www.dynseo.com\\\/pt-pt\\\/?s={search_term_string}\"},\"query-input\":{\"@type\":\"PropertyValueSpecification\",\"valueRequired\":true,\"valueName\":\"search_term_string\"}}],\"inLanguage\":\"pt-PT\"},{\"@type\":\"Organization\",\"@id\":\"https:\\\/\\\/www.dynseo.com\\\/pt-pt\\\/#organization\",\"name\":\"DYNSEO\",\"url\":\"https:\\\/\\\/www.dynseo.com\\\/pt-pt\\\/\",\"logo\":{\"@type\":\"ImageObject\",\"inLanguage\":\"pt-PT\",\"@id\":\"https:\\\/\\\/www.dynseo.com\\\/pt-pt\\\/#\\\/schema\\\/logo\\\/image\\\/\",\"url\":\"https:\\\/\\\/www.dynseo.com\\\/wp-content\\\/uploads\\\/2022\\\/05\\\/logo-dynseo-new.png\",\"contentUrl\":\"https:\\\/\\\/www.dynseo.com\\\/wp-content\\\/uploads\\\/2022\\\/05\\\/logo-dynseo-new.png\",\"width\":5073,\"height\":1397,\"caption\":\"DYNSEO\"},\"image\":{\"@id\":\"https:\\\/\\\/www.dynseo.com\\\/pt-pt\\\/#\\\/schema\\\/logo\\\/image\\\/\"}},{\"@type\":\"Person\",\"@id\":\"https:\\\/\\\/www.dynseo.com\\\/pt-pt\\\/#\\\/schema\\\/person\\\/78ef63df2ee64e0989bc68f8401b38d6\",\"name\":\"DYNSEO\",\"url\":\"https:\\\/\\\/www.dynseo.com\\\/pt-pt\\\/author\\\/justine\\\/\"}]}<\/script>\n<!-- \/ Yoast SEO plugin. -->","yoast_head_json":{"title":"O desafio da afasia: como a reabili... | Tout sur l'AVC 2025","robots":{"index":"index","follow":"follow","max-snippet":"max-snippet:-1","max-image-preview":"max-image-preview:large","max-video-preview":"max-video-preview:-1"},"canonical":"https:\/\/www.dynseo.com\/pt-pt\/o-desafio-da-afasia-como-a-reabilitacao-pode-fazer-a-diferenca\/","og_locale":"pt_PT","og_type":"article","og_title":"O desafio da afasia: como a reabili... | Tout sur l'AVC 2025","og_url":"https:\/\/www.dynseo.com\/pt-pt\/o-desafio-da-afasia-como-a-reabilitacao-pode-fazer-a-diferenca\/","og_site_name":"DYNSEO - Aplica\u00e7\u00f5es educativas e jogos de mem\u00f3ria","article_published_time":"2025-06-03T09:05:47+00:00","article_modified_time":"2025-12-26T14:55:32+00:00","og_image":[{"width":1024,"height":768,"url":"https:\/\/www.dynseo.com\/wp-content\/uploads\/2024\/03\/avc-prevention-et-pertes-de-memoires-1024x768.png","type":"image\/png"}],"author":"DYNSEO","twitter_misc":{"Escrito por":"DYNSEO","Tempo estimado de leitura":"8 minutos"},"schema":{"@context":"https:\/\/schema.org","@graph":[{"@type":"Article","@id":"https:\/\/www.dynseo.com\/pt-pt\/o-desafio-da-afasia-como-a-reabilitacao-pode-fazer-a-diferenca\/#article","isPartOf":{"@id":"https:\/\/www.dynseo.com\/pt-pt\/o-desafio-da-afasia-como-a-reabilitacao-pode-fazer-a-diferenca\/"},"author":{"name":"DYNSEO","@id":"https:\/\/www.dynseo.com\/pt-pt\/#\/schema\/person\/78ef63df2ee64e0989bc68f8401b38d6"},"headline":"O desafio da afasia: como a reabilita\u00e7\u00e3o pode fazer a diferen\u00e7a","datePublished":"2025-06-03T09:05:47+00:00","dateModified":"2025-12-26T14:55:32+00:00","mainEntityOfPage":{"@id":"https:\/\/www.dynseo.com\/pt-pt\/o-desafio-da-afasia-como-a-reabilitacao-pode-fazer-a-diferenca\/"},"wordCount":1521,"publisher":{"@id":"https:\/\/www.dynseo.com\/pt-pt\/#organization"},"image":{"@id":"https:\/\/www.dynseo.com\/pt-pt\/o-desafio-da-afasia-como-a-reabilitacao-pode-fazer-a-diferenca\/#primaryimage"},"thumbnailUrl":"https:\/\/www.dynseo.com\/wp-content\/uploads\/2024\/03\/avc-prevention-et-pertes-de-memoires.png","articleSection":["Tudo sobre o AVC","\u5173\u4e8e\u4e2d\u98ce - Stroke"],"inLanguage":"pt-PT"},{"@type":"WebPage","@id":"https:\/\/www.dynseo.com\/pt-pt\/o-desafio-da-afasia-como-a-reabilitacao-pode-fazer-a-diferenca\/","url":"https:\/\/www.dynseo.com\/pt-pt\/o-desafio-da-afasia-como-a-reabilitacao-pode-fazer-a-diferenca\/","name":"O desafio da afasia: como a reabili... | Tout sur l'AVC 2025","isPartOf":{"@id":"https:\/\/www.dynseo.com\/pt-pt\/#website"},"primaryImageOfPage":{"@id":"https:\/\/www.dynseo.com\/pt-pt\/o-desafio-da-afasia-como-a-reabilitacao-pode-fazer-a-diferenca\/#primaryimage"},"image":{"@id":"https:\/\/www.dynseo.com\/pt-pt\/o-desafio-da-afasia-como-a-reabilitacao-pode-fazer-a-diferenca\/#primaryimage"},"thumbnailUrl":"https:\/\/www.dynseo.com\/wp-content\/uploads\/2024\/03\/avc-prevention-et-pertes-de-memoires.png","datePublished":"2025-06-03T09:05:47+00:00","dateModified":"2025-12-26T14:55:32+00:00","breadcrumb":{"@id":"https:\/\/www.dynseo.com\/pt-pt\/o-desafio-da-afasia-como-a-reabilitacao-pode-fazer-a-diferenca\/#breadcrumb"},"inLanguage":"pt-PT","potentialAction":[{"@type":"ReadAction","target":["https:\/\/www.dynseo.com\/pt-pt\/o-desafio-da-afasia-como-a-reabilitacao-pode-fazer-a-diferenca\/"]}]},{"@type":"ImageObject","inLanguage":"pt-PT","@id":"https:\/\/www.dynseo.com\/pt-pt\/o-desafio-da-afasia-como-a-reabilitacao-pode-fazer-a-diferenca\/#primaryimage","url":"https:\/\/www.dynseo.com\/wp-content\/uploads\/2024\/03\/avc-prevention-et-pertes-de-memoires.png","contentUrl":"https:\/\/www.dynseo.com\/wp-content\/uploads\/2024\/03\/avc-prevention-et-pertes-de-memoires.png","width":2000,"height":1500,"caption":"Tablet terap\u00eautico: uma ferramenta l\u00fadica e eficaz para o cuidado e a estimula\u00e7\u00e3o infantil"},{"@type":"BreadcrumbList","@id":"https:\/\/www.dynseo.com\/pt-pt\/o-desafio-da-afasia-como-a-reabilitacao-pode-fazer-a-diferenca\/#breadcrumb","itemListElement":[{"@type":"ListItem","position":1,"name":"Accueil","item":"https:\/\/www.dynseo.com\/pt-pt\/"},{"@type":"ListItem","position":2,"name":"O desafio da afasia: como a reabilita\u00e7\u00e3o pode fazer a diferen\u00e7a"}]},{"@type":"WebSite","@id":"https:\/\/www.dynseo.com\/pt-pt\/#website","url":"https:\/\/www.dynseo.com\/pt-pt\/","name":"Jeux de m\u00e9moire et stimulation cognitive","description":"Entra\u00eenez votre m\u00e9moire et votre cerveau avec DYNSEO","publisher":{"@id":"https:\/\/www.dynseo.com\/pt-pt\/#organization"},"potentialAction":[{"@type":"SearchAction","target":{"@type":"EntryPoint","urlTemplate":"https:\/\/www.dynseo.com\/pt-pt\/?s={search_term_string}"},"query-input":{"@type":"PropertyValueSpecification","valueRequired":true,"valueName":"search_term_string"}}],"inLanguage":"pt-PT"},{"@type":"Organization","@id":"https:\/\/www.dynseo.com\/pt-pt\/#organization","name":"DYNSEO","url":"https:\/\/www.dynseo.com\/pt-pt\/","logo":{"@type":"ImageObject","inLanguage":"pt-PT","@id":"https:\/\/www.dynseo.com\/pt-pt\/#\/schema\/logo\/image\/","url":"https:\/\/www.dynseo.com\/wp-content\/uploads\/2022\/05\/logo-dynseo-new.png","contentUrl":"https:\/\/www.dynseo.com\/wp-content\/uploads\/2022\/05\/logo-dynseo-new.png","width":5073,"height":1397,"caption":"DYNSEO"},"image":{"@id":"https:\/\/www.dynseo.com\/pt-pt\/#\/schema\/logo\/image\/"}},{"@type":"Person","@id":"https:\/\/www.dynseo.com\/pt-pt\/#\/schema\/person\/78ef63df2ee64e0989bc68f8401b38d6","name":"DYNSEO","url":"https:\/\/www.dynseo.com\/pt-pt\/author\/justine\/"}]}},"_links":{"self":[{"href":"https:\/\/www.dynseo.com\/pt-pt\/wp-json\/wp\/v2\/posts\/145030","targetHints":{"allow":["GET"]}}],"collection":[{"href":"https:\/\/www.dynseo.com\/pt-pt\/wp-json\/wp\/v2\/posts"}],"about":[{"href":"https:\/\/www.dynseo.com\/pt-pt\/wp-json\/wp\/v2\/types\/post"}],"author":[{"embeddable":true,"href":"https:\/\/www.dynseo.com\/pt-pt\/wp-json\/wp\/v2\/users\/4"}],"replies":[{"embeddable":true,"href":"https:\/\/www.dynseo.com\/pt-pt\/wp-json\/wp\/v2\/comments?post=145030"}],"version-history":[{"count":6,"href":"https:\/\/www.dynseo.com\/pt-pt\/wp-json\/wp\/v2\/posts\/145030\/revisions"}],"predecessor-version":[{"id":457127,"href":"https:\/\/www.dynseo.com\/pt-pt\/wp-json\/wp\/v2\/posts\/145030\/revisions\/457127"}],"wp:featuredmedia":[{"embeddable":true,"href":"https:\/\/www.dynseo.com\/pt-pt\/wp-json\/wp\/v2\/media\/365418"}],"wp:attachment":[{"href":"https:\/\/www.dynseo.com\/pt-pt\/wp-json\/wp\/v2\/media?parent=145030"}],"wp:term":[{"taxonomy":"category","embeddable":true,"href":"https:\/\/www.dynseo.com\/pt-pt\/wp-json\/wp\/v2\/categories?post=145030"},{"taxonomy":"post_tag","embeddable":true,"href":"https:\/\/www.dynseo.com\/pt-pt\/wp-json\/wp\/v2\/tags?post=145030"}],"curies":[{"name":"wp","href":"https:\/\/api.w.org\/{rel}","templated":true}]}}