{"id":145042,"date":"2025-06-03T11:38:49","date_gmt":"2025-06-03T09:38:49","guid":{"rendered":"https:\/\/www.dynseo.com\/?p=145042"},"modified":"2025-12-26T15:55:53","modified_gmt":"2025-12-26T14:55:53","slug":"reabilitacao-cognitiva-apos-um-avc-ferramentas-inovadoras-e-avancos","status":"publish","type":"post","link":"https:\/\/www.dynseo.com\/pt-pt\/reabilitacao-cognitiva-apos-um-avc-ferramentas-inovadoras-e-avancos\/","title":{"rendered":"Reabilita\u00e7\u00e3o cognitiva ap\u00f3s um AVC: ferramentas inovadoras e avan\u00e7os"},"content":{"rendered":"<p>[et_pb_section fb_built=&#8221;1&#8243; admin_label=&#8221;Article HTML&#8221; _builder_version=&#8221;4.16&#8243;][et_pb_row admin_label=&#8221;Contenu&#8221; _builder_version=&#8221;4.16&#8243;][et_pb_column type=&#8221;4_4&#8243; _builder_version=&#8221;4.16&#8243;][et_pb_code admin_label=&#8221;HTML import\u00e9&#8221; _builder_version=&#8221;4.16&#8243;]<link href=\"https:\/\/fonts.googleapis.com\/css2?family=Montserrat:wght@400;500;600;700;800&#038;display=swap\" rel=\"stylesheet\">\n<style>\n.dynseo-article{font-family:'Montserrat',-apple-system,BlinkMacSystemFont,'Segoe UI',Roboto,sans-serif;line-height:1.8;color:#2c3e50;max-width:100%}\n.dynseo-article h2{font-family:'Montserrat',sans-serif;font-size:1.8rem;color:#1a1a2e;margin:50px 0 25px;padding-bottom:12px;border-bottom:3px solid #a9e2e4;font-weight:700;transition:all .3s ease}\n.dynseo-article h2:hover{padding-left:10px;border-bottom-color:#e73469}\n.dynseo-article h3{font-family:'Montserrat',sans-serif;font-size:1.3rem;color:#5e5ed7;margin:35px 0 18px;font-weight:600;transition:all .3s ease}\n.dynseo-article h3:hover{color:#e73469}\n.dynseo-article p{margin-bottom:18px;font-size:1.05rem;text-align:justify}\n.dynseo-article img{max-width:100%;height:auto;border-radius:16px;margin:25px 0;box-shadow:0 8px 30px rgba(0,0,0,0.1);transition:all .4s ease}\n.dynseo-article img:hover{transform:scale(1.02);box-shadow:0 15px 50px rgba(0,0,0,0.15)}\n.dynseo-intro{font-size:1.15rem;color:#64748b;border-left:4px solid #a9e2e4;padding-left:25px;margin:35px 0;font-style:italic;background:linear-gradient(90deg,rgba(169,226,228,0.1),transparent);padding:20px 25px;border-radius:0 12px 12px 0;transition:all .3s ease}\n.dynseo-intro:hover{border-left-width:6px;background:linear-gradient(90deg,rgba(169,226,228,0.15),transparent)}\n.dynseo-toc{background:linear-gradient(135deg,#f8fafc 0%,#fff 100%);border-radius:20px;padding:35px;margin:40px 0;border:2px solid #e5e7eb;box-shadow:0 4px 20px rgba(0,0,0,0.05);transition:all .3s ease}\n.dynseo-toc:hover{box-shadow:0 8px 35px rgba(0,0,0,0.08);transform:translateY(-2px)}\n.dynseo-toc .toc-title{font-family:'Montserrat',sans-serif;font-size:1.4rem;margin-bottom:25px;color:#1a1a2e;font-weight:700}\n.dynseo-toc ol{list-style:none;padding:0;margin:0;display:grid;grid-template-columns:repeat(2,1fr);gap:12px}\n.dynseo-toc li{background:#fff;border-radius:12px;padding:14px 18px;border:2px solid #f1f5f9;transition:all .3s ease;border-left:4px solid #ffeca7}\n.dynseo-toc li:hover{background:linear-gradient(135deg,#f8fafc,#fff);transform:translateX(8px);box-shadow:0 6px 20px rgba(0,0,0,0.1);border-left-width:6px}\n.dynseo-toc a{color:#1a1a2e;text-decoration:none;font-size:.95rem;font-weight:500;transition:color .3s}\n.dynseo-toc a:hover{color:#5e5ed7}\n.dynseo-article .styled-list,.dynseo-article ul{margin:20px 0 30px;padding:0;list-style:none}\n.dynseo-article .styled-list li,.dynseo-article ul li{position:relative;padding-left:28px;margin-bottom:14px;line-height:1.7;transition:all .3s ease}\n.dynseo-article .styled-list li:hover,.dynseo-article ul li:hover{padding-left:32px}\n.dynseo-article .styled-list li::before,.dynseo-article ul li::before{content:\"\";position:absolute;left:0;top:8px;width:10px;height:10px;background:#e73469;border-radius:50%;box-shadow:0 2px 8px rgba(231,52,105,0.3);transition:all .3s ease}\n.dynseo-article .styled-list li:hover::before,.dynseo-article ul li:hover::before{transform:scale(1.3);box-shadow:0 4px 12px rgba(231,52,105,0.4)}\n.dynseo-article blockquote{background:linear-gradient(135deg,#fff9f0 0%,#fff5eb 100%);border-left:4px solid #ffeca7;border-radius:0 16px 16px 0;padding:28px 32px;margin:35px 0;position:relative;box-shadow:0 4px 20px rgba(255,236,167,0.3);transition:all .3s ease}\n.dynseo-article blockquote:hover{transform:translateX(5px);box-shadow:0 8px 30px rgba(255,236,167,0.4);border-left-width:6px}\n.dynseo-article blockquote::before{content:\"\u275d\";font-size:3rem;color:#ffeca7;opacity:.4;position:absolute;top:10px;left:15px}\n.dynseo-article blockquote p{font-style:italic;margin-bottom:12px;padding-left:30px}\n.dynseo-article blockquote cite{display:block;font-style:normal;font-weight:600;color:#1a1a2e;padding-left:30px}\n.section-divider{text-align:center;margin:60px 0;font-size:1.8rem;letter-spacing:18px;background:linear-gradient(135deg,#ffeca7,#e73469,#a9e2e4);-webkit-background-clip:text;-webkit-text-fill-color:transparent;background-clip:text}\n.dynseo-tip-box{background:linear-gradient(135deg,#ecfdf5 0%,#d1fae5 100%);border:2px solid #a9e2e4;border-radius:16px;padding:25px 30px;margin:35px 0;position:relative;box-shadow:0 4px 20px rgba(169,226,228,0.3);transition:all .3s ease}\n.dynseo-tip-box:hover{transform:translateY(-3px);box-shadow:0 8px 30px rgba(169,226,228,0.4)}\n.dynseo-tip-box-title{font-family:'Montserrat',sans-serif;font-size:1.15rem;font-weight:700;color:#1a1a2e;margin-bottom:12px;display:flex;align-items:center;gap:10px}\n.dynseo-tip-box-title::before{content:\"\ud83d\udca1\";font-size:1.3rem}\n.dynseo-tip-box p{margin:0;color:#2c3e50}\n.dynseo-feature-grid{display:grid;grid-template-columns:repeat(3,1fr);gap:20px;margin:35px 0}\n.dynseo-feature-card{background:#fff;border-radius:20px;padding:30px 25px;text-align:center;border:2px solid #f1f5f9;transition:all .4s ease;position:relative;overflow:hidden}\n.dynseo-feature-card::before{content:\"\";position:absolute;top:0;left:0;right:0;height:4px;background:linear-gradient(90deg,#ffeca7,#e73469);transform:scaleX(0);transition:transform .3s ease}\n.dynseo-feature-card:hover::before{transform:scaleX(1)}\n.dynseo-feature-card:nth-child(3n+1){border-color:rgba(255,236,167,0.5)}\n.dynseo-feature-card:nth-child(3n+2){border-color:rgba(231,52,105,0.3)}\n.dynseo-feature-card:nth-child(3n+3){border-color:rgba(169,226,228,0.5)}\n.dynseo-feature-card:hover{transform:translateY(-8px);box-shadow:0 20px 50px rgba(0,0,0,0.12)}\n.dynseo-feature-card h4{font-family:'Montserrat',sans-serif;color:#1a1a2e;margin-bottom:10px;font-size:1.1rem;font-weight:600}\n.dynseo-feature-card p{font-size:.95rem;color:#64748b;margin:0}\n.dynseo-highlight-box{background:linear-gradient(135deg,#fef3c7 0%,#fde68a 100%);border:2px solid #ffeca7;border-radius:16px;padding:25px 30px;margin:30px 0;transition:all .3s ease}\n.dynseo-highlight-box:hover{transform:translateY(-3px);box-shadow:0 8px 30px rgba(255,236,167,0.4)}\n.dynseo-highlight-box h4{font-family:'Montserrat',sans-serif;color:#1a1a2e;margin:0 0 12px 0;font-size:1.1rem}\n.dynseo-highlight-box p{margin:0;color:#2c3e50}\n@media(max-width:768px){.dynseo-article h2{font-size:1.5rem}.dynseo-toc ol{grid-template-columns:1fr}.dynseo-feature-grid{grid-template-columns:1fr}}\n<\/style>\n<div class=\"dynseo-article\">\n<div class=\"dynseo-intro\">A reabilita\u00e7\u00e3o cognitiva p\u00f3s-AVC \u00e9 um tema de grande relev\u00e2ncia, especialmente considerando o impacto devastador que um acidente vascular cerebral pode ter na vida de um indiv\u00edduo. Quando um AVC ocorre, as fun\u00e7\u00f5es cognitivas, como a mem\u00f3ria, a aten\u00e7\u00e3o e a linguagem, podem ser severamente afetadas. Assim, a reabilita\u00e7\u00e3o cognitiva torna-se uma parte essencial do processo de recupera\u00e7\u00e3o, permitindo que os pacientes recuperem habilidades e melhorem a sua qualidade de vida.<\/p>\n<p>\u00c9 fundamental que compreendamos a import\u00e2ncia deste tipo de reabilita\u00e7\u00e3o e as diversas abordagens que podem ser utilizadas para ajudar os pacientes a reintegrarem-se na sociedade. Neste contexto, \u00e9 importante destacar que a reabilita\u00e7\u00e3o cognitiva n\u00e3o se limita apenas \u00e0 recupera\u00e7\u00e3o das fun\u00e7\u00f5es cognitivas. Ela tamb\u00e9m envolve o <a href=\"https:\/\/www.dynseo.com\/pt-pt\/o-papel-da-familia-na-reabilitacao-pos-avc-apoio-e-motivacao\/\" title=\"O papel da fam\u00edlia na reabilita\u00e7\u00e3o p\u00f3s-AVC: apoio e motiva\u00e7\u00e3o\">apoio<\/a> emocional e psicol\u00f3gico, ajudando os pacientes a lidarem com as mudan\u00e7as que enfrentam ap\u00f3s um AVAtrav\u00e9s de interven\u00e7\u00f5es personalizadas, os profissionais de sa\u00fade podem desenvolver programas que atendam \u00e0s necessidades espec\u00edficas de cada paciente, promovendo uma recupera\u00e7\u00e3o mais eficaz e abrangente.<\/p>\n<p>Assim, a reabilita\u00e7\u00e3o cognitiva p\u00f3s-AVC \u00e9 um processo multidimensional que requer uma abordagem hol\u00edstica.<\/p><\/div>\n<nav class=\"dynseo-toc\">\n<div class=\"toc-title\">\ud83d\udccb Sommaire<\/div>\n<ol>\n<li style=\"border-left:4px solid #ffeca7\"><a href=\"#section-1\">Ferramentas tradicionais de reabilita\u00e7\u00e3o cognitiva<\/a><\/li>\n<li style=\"border-left:4px solid #e73469\"><a href=\"#section-2\">Avan\u00e7os na tecnologia para reabilita\u00e7\u00e3o cognitiva p\u00f3s-AVC<\/a><\/li>\n<li style=\"border-left:4px solid #a9e2e4\"><a href=\"#section-3\">Realidade virtual e reabilita\u00e7\u00e3o cognitiva p\u00f3s-AVC<\/a><\/li>\n<li style=\"border-left:4px solid #5e5ed7\"><a href=\"#section-4\">Jogos e aplicativos para reabilita\u00e7\u00e3o cognitiva p\u00f3s-AVC<\/a><\/li>\n<li style=\"border-left:4px solid #5268c9\"><a href=\"#section-5\">Terapias de estimula\u00e7\u00e3o cerebral para reabilita\u00e7\u00e3o cognitiva p\u00f3s-AVC<\/a><\/li>\n<li style=\"border-left:4px solid #ffeca7\"><a href=\"#section-6\">Abordagens inovadoras na reabilita\u00e7\u00e3o cognitiva p\u00f3s-AVC<\/a><\/li>\n<li style=\"border-left:4px solid #e73469\"><a href=\"#section-7\">Considera\u00e7\u00f5es finais e perspectivas futuras na reabilita\u00e7\u00e3o cognitiva p\u00f3s-AVC<\/a><\/li>\n<\/ol>\n<\/nav>\n<section class=\"dynseo-section\">\n<h2 id=\"section-1\">Ferramentas tradicionais de reabilita\u00e7\u00e3o cognitiva<\/h2>\n<p>As ferramentas tradicionais de reabilita\u00e7\u00e3o cognitiva t\u00eam sido utilizadas ao longo dos anos e continuam a desempenhar um papel crucial no tratamento de pacientes p\u00f3s-AVEntre estas ferramentas, encontramos exerc\u00edcios de mem\u00f3ria, atividades de racioc\u00ednio l\u00f3gico e jogos de palavras, que s\u00e3o frequentemente utilizados para estimular as fun\u00e7\u00f5es cognitivas. Estas atividades s\u00e3o projetadas para serem desafiadoras, mas acess\u00edveis, permitindo que os pacientes pratiquem e melhorem as suas <a href=\"https:\/\/www.dynseo.com\/pt-pt\/como-pausas-regulares-de-movimento-melhoram-as-habilidades-cognitivas-das-criancas\/\" title=\"Como pausas regulares de movimento melhoram as habilidades cognitivas das crian\u00e7as\">habilidades cognitivas<\/a> de forma gradual. Al\u00e9m disso, o uso de materiais impressos, como livros e fichas de exerc\u00edcios, \u00e9 comum nas sess\u00f5es de reabilita\u00e7\u00e3o.<\/p>\n<p>Os terapeutas podem adaptar esses materiais \u00e0s necessidades individuais dos pacientes, garantindo que cada um receba o suporte necess\u00e1rio para o seu progresso. Embora estas ferramentas tradicionais sejam eficazes, \u00e9 importante reconhecer que elas podem ser limitadas em termos de engajamento e motiva\u00e7\u00e3o do paciente. Por isso, \u00e9 essencial explorar novas abordagens que possam complementar estas pr\u00e1ticas.<\/section>\n<section class=\"dynseo-section\">\n<h2 id=\"section-2\">Avan\u00e7os na tecnologia para reabilita\u00e7\u00e3o cognitiva p\u00f3s-AVC<\/h2>\n<p><img decoding=\"async\" id=\"3\" style=\"max-width: 100%;margin-left: auto;margin-right: auto;width: 70%\" src=\"https:\/\/www.dynseo.com\/pt-pt\/wp-content\/uploads\/2025\/01\/abcdhe-196.jpg\" \/><\/p>\n<p>Nos \u00faltimos anos, temos assistido a avan\u00e7os significativos na tecnologia que t\u00eam revolucionado a forma como a reabilita\u00e7\u00e3o cognitiva \u00e9 realizada. A introdu\u00e7\u00e3o de software especializado e plataformas digitais tem permitido que os terapeutas desenvolvam programas personalizados que se adaptam \u00e0s necessidades espec\u00edficas de cada paciente. Estas tecnologias n\u00e3o s\u00f3 facilitam o acompanhamento do progresso do paciente, mas tamb\u00e9m oferecem uma variedade de exerc\u00edcios interativos que tornam o processo de reabilita\u00e7\u00e3o mais envolvente.<\/p>\n<p>Al\u00e9m disso, a telemedicina tem emergido como uma solu\u00e7\u00e3o vi\u00e1vel para muitos pacientes que podem ter dificuldades em deslocar-se at\u00e9 uma cl\u00ednica. Atrav\u00e9s de consultas online, os terapeutas podem continuar a fornecer apoio e orienta\u00e7\u00e3o, mesmo \u00e0 dist\u00e2ncia. Esta flexibilidade \u00e9 especialmente importante em tempos em que a mobilidade pode ser um desafio para muitos sobreviventes de AVAssim, os avan\u00e7os tecnol\u00f3gicos n\u00e3o apenas melhoram a efic\u00e1cia da reabilita\u00e7\u00e3o cognitiva, mas tamb\u00e9m tornam o acesso a cuidados mais f\u00e1cil e conveniente.<\/section>\n<div class=\"section-divider\">\u25c6 \u25c6 \u25c6<\/div>\n<section class=\"dynseo-section\">\n<h2 id=\"section-3\">Realidade virtual e reabilita\u00e7\u00e3o cognitiva p\u00f3s-AVC<\/h2>\n<p>A realidade virtual (RV) tem-se mostrado uma ferramenta inovadora na reabilita\u00e7\u00e3o cognitiva p\u00f3s-AVEsta tecnologia permite criar ambientes imersivos onde os pacientes podem praticar habilidades cognitivas em cen\u00e1rios simulados. Por exemplo, um paciente pode ser colocado em uma situa\u00e7\u00e3o onde precisa resolver problemas ou tomar decis\u00f5es em tempo real, o que pode ajudar a melhorar a sua capacidade de racioc\u00ednio e resposta sob press\u00e3o. Al\u00e9m disso, a RV oferece uma experi\u00eancia interativa que pode aumentar a motiva\u00e7\u00e3o dos pacientes durante o processo de reabilita\u00e7\u00e3o.<\/p>\n<p>Ao tornar as sess\u00f5es mais din\u00e2micas e envolventes, os pacientes tendem a mostrar maior interesse e empenho nas atividades propostas. A possibilidade de personalizar as experi\u00eancias em RV tamb\u00e9m permite que os terapeutas ajustem os desafios conforme o progresso do paciente, garantindo que cada um receba o n\u00edvel adequado de dificuldade.<\/section>\n<section class=\"dynseo-section\">\n<h2 id=\"section-4\">Jogos e aplicativos para reabilita\u00e7\u00e3o cognitiva p\u00f3s-AVC<\/h2>\n<p>Os jogos e aplicativos para dispositivos m\u00f3veis t\u00eam-se tornado uma parte integral da reabilita\u00e7\u00e3o cognitiva p\u00f3s-AVEstas ferramentas oferecem uma abordagem l\u00fadica ao tratamento, permitindo que os pacientes pratiquem habilidades cognitivas enquanto se divertem. Existem diversos jogos projetados especificamente para estimular \u00e1reas como mem\u00f3ria, aten\u00e7\u00e3o e resolu\u00e7\u00e3o de problemas, tornando o processo de reabilita\u00e7\u00e3o mais agrad\u00e1vel. Al\u00e9m disso, muitos desses aplicativos permitem que os pacientes monitorem o seu progresso ao longo do tempo.<\/p>\n<p>Isso n\u00e3o s\u00f3 ajuda os terapeutas a avaliar a efic\u00e1cia das interven\u00e7\u00f5es, mas tamb\u00e9m proporciona aos pacientes uma sensa\u00e7\u00e3o de realiza\u00e7\u00e3o \u00e0 medida que avan\u00e7am nas suas habilidades. A acessibilidade dos jogos e aplicativos tamb\u00e9m \u00e9 um fator importante; muitos podem ser utilizados em casa, oferecendo aos pacientes a oportunidade de praticar regularmente entre as sess\u00f5es de terapia.<\/section>\n<div class=\"section-divider\">\u25c6 \u25c6 \u25c6<\/div>\n<section class=\"dynseo-section\">\n<h2 id=\"section-5\">Terapias de estimula\u00e7\u00e3o cerebral para reabilita\u00e7\u00e3o cognitiva p\u00f3s-AVC<\/h2>\n<p><img decoding=\"async\" id=\"2\" style=\"max-width: 100%;margin-left: auto;margin-right: auto;width: 70%\" src=\"https:\/\/www.dynseo.com\/pt-pt\/wp-content\/uploads\/2025\/01\/image-393.jpg\" \/><\/p>\n<p>As terapias de estimula\u00e7\u00e3o cerebral t\u00eam emergido como uma abordagem promissora na reabilita\u00e7\u00e3o cognitiva p\u00f3s-AVEstas t\u00e9cnicas envolvem a aplica\u00e7\u00e3o de est\u00edmulos el\u00e9tricos ou magn\u00e9ticos ao c\u00e9rebro com o objetivo de promover a plasticidade neural e facilitar a recupera\u00e7\u00e3o das fun\u00e7\u00f5es cognitivas afetadas pelo AVEstudos t\u00eam demonstrado que estas terapias podem resultar em melhorias significativas nas capacidades cognitivas dos pacientes. Uma das vantagens das terapias de estimula\u00e7\u00e3o cerebral \u00e9 que elas podem ser combinadas com outras formas de reabilita\u00e7\u00e3o, como exerc\u00edcios f\u00edsicos ou terapias ocupacionais. Esta abordagem multidisciplinar pode potencializar os resultados da reabilita\u00e7\u00e3o, proporcionando uma recupera\u00e7\u00e3o mais abrangente.<b><\/b><\/p>\n<p>No entanto, \u00e9 importante que estas terapias sejam administradas por profissionais qualificados e em ambientes controlados para garantir a seguran\u00e7a e efic\u00e1cia do tratamento.<\/section>\n<section class=\"dynseo-section\">\n<h2 id=\"section-6\">Abordagens inovadoras na reabilita\u00e7\u00e3o cognitiva p\u00f3s-AVC<\/h2>\n<p>\u00c0 medida que continuamos a explorar novas possibilidades na reabilita\u00e7\u00e3o cognitiva p\u00f3s-AVC, v\u00e1rias abordagens inovadoras t\u00eam surgido. Uma delas \u00e9 a utiliza\u00e7\u00e3o da neurofeedback, uma t\u00e9cnica que permite aos pacientes monitorar e regular a sua atividade cerebral em tempo real. Esta abordagem tem mostrado potencial na melhoria das fun\u00e7\u00f5es cognitivas ao permitir que os pacientes aprendam a controlar suas pr\u00f3prias ondas cerebrais.<\/p>\n<p>Outra abordagem inovadora \u00e9 a terapia assistida por animais, onde animais treinados s\u00e3o utilizados para ajudar os pacientes durante o processo de reabilita\u00e7\u00e3o. A intera\u00e7\u00e3o com animais pode proporcionar benef\u00edcios emocionais significativos e aumentar a motiva\u00e7\u00e3o dos pacientes durante as sess\u00f5es de terapia. Estas abordagens inovadoras demonstram que h\u00e1 um vasto campo de possibilidades para melhorar a reabilita\u00e7\u00e3o cognitiva p\u00f3s-AVC, tornando-a mais eficaz e adaptada \u00e0s necessidades individuais.<\/section>\n<div class=\"section-divider\">\u25c6 \u25c6 \u25c6<\/div>\n<section class=\"dynseo-section\">\n<h2 id=\"section-7\">Considera\u00e7\u00f5es finais e perspectivas futuras na reabilita\u00e7\u00e3o cognitiva p\u00f3s-AVC<\/h2>\n<p>Em conclus\u00e3o, a reabilita\u00e7\u00e3o cognitiva p\u00f3s-AVC \u00e9 um campo em constante evolu\u00e7\u00e3o, com novas ferramentas e abordagens surgindo regularmente. \u00c0 medida que continuamos a integrar tecnologia avan\u00e7ada e m\u00e9todos inovadores nas pr\u00e1ticas de reabilita\u00e7\u00e3o, podemos esperar melhorias significativas nos resultados para os pacientes.<b> \u00c9 crucial que continuemos a investigar e desenvolver estas abordagens para garantir que todos os sobreviventes de AVC tenham acesso \u00e0s melhores op\u00e7\u00f5es de tratamento dispon\u00edveis.<\/b><\/p>\n<p>O futuro da reabilita\u00e7\u00e3o cognitiva p\u00f3s-AVC parece promissor, com um foco crescente na personaliza\u00e7\u00e3o dos tratamentos e na utiliza\u00e7\u00e3o de tecnologias emergentes.<b> \u00c0 medida que avan\u00e7amos neste campo, devemos manter sempre o paciente no centro do processo, garantindo que as interven\u00e7\u00f5es sejam adaptadas \u00e0s suas necessidades individuais e promovam uma recupera\u00e7\u00e3o eficaz e sustent\u00e1vel.<\/b> Com um compromisso cont\u00ednuo com a inova\u00e7\u00e3o e a pesquisa, podemos transformar a vida dos sobreviventes de AVC e ajud\u00e1-los a alcan\u00e7ar o seu pleno potencial.<\/section>\n<\/div>\n<p>[\/et_pb_code][\/et_pb_column][\/et_pb_row][\/et_pb_section][et_pb_section fb_built=&#8221;1&#8243; _builder_version=&#8221;4.16&#8243;][et_pb_row][et_pb_column type=&#8221;4_4&#8243;][et_pb_code]<script type=\"application\/ld+json\">{\"@context\":\"https:\/\/schema.org\",\"@type\":\"FAQPage\",\"mainEntity\":[{\"@type\":\"Question\",\"name\":\"O que \u00e9 a reabilita\u00e7\u00e3o cognitiva p\u00f3s-AVC?\",\"acceptedAnswer\":{\"@type\":\"Answer\",\"text\":\"A reabilita\u00e7\u00e3o cognitiva p\u00f3s-AVC \u00e9 um processo multidimensional e essencial para a recupera\u00e7\u00e3o de pacientes que sofreram um acidente vascular cerebral. Ela visa recuperar fun\u00e7\u00f5es cognitivas como mem\u00f3ria, aten\u00e7\u00e3o e linguagem que podem ser severamente afetadas pelo AVC, al\u00e9m de incluir apoio emocional e psicol\u00f3gico para ajudar os pacientes a lidarem com as mudan\u00e7as enfrentadas.\"}},{\"@type\":\"Question\",\"name\":\"Quais fun\u00e7\u00f5es cognitivas podem ser afetadas por um AVC?\",\"acceptedAnswer\":{\"@type\":\"Answer\",\"text\":\"Um AVC pode afetar severamente v\u00e1rias fun\u00e7\u00f5es cognitivas importantes, incluindo a mem\u00f3ria, a aten\u00e7\u00e3o e a linguagem. Estas altera\u00e7\u00f5es podem ter um impacto devastador na vida do indiv\u00edduo, tornando a reabilita\u00e7\u00e3o cognitiva fundamental para o processo de recupera\u00e7\u00e3o.\"}},{\"@type\":\"Question\",\"name\":\"Qual a import\u00e2ncia da reabilita\u00e7\u00e3o cognitiva ap\u00f3s um AVC?\",\"acceptedAnswer\":{\"@type\":\"Answer\",\"text\":\"A reabilita\u00e7\u00e3o cognitiva \u00e9 fundamental pois permite que os pacientes recuperem habilidades perdidas e melhorem significativamente a sua qualidade de vida. Ela \u00e9 essencial para ajudar os pacientes a reintegrarem-se na sociedade e a lidarem com as mudan\u00e7as resultantes do AVC de forma mais eficaz.\"}},{\"@type\":\"Question\",\"name\":\"Como s\u00e3o desenvolvidos os programas de reabilita\u00e7\u00e3o cognitiva?\",\"acceptedAnswer\":{\"@type\":\"Answer\",\"text\":\"Os programas de reabilita\u00e7\u00e3o cognitiva s\u00e3o desenvolvidos atrav\u00e9s de interven\u00e7\u00f5es personalizadas pelos profissionais de sa\u00fade. Estes programas s\u00e3o criados para atender \u00e0s necessidades espec\u00edficas de cada paciente, promovendo uma recupera\u00e7\u00e3o mais eficaz e abrangente com uma abordagem hol\u00edstica.\"}},{\"@type\":\"Question\",\"name\":\"A reabilita\u00e7\u00e3o cognitiva inclui apenas a recupera\u00e7\u00e3o das fun\u00e7\u00f5es cerebrais?\",\"acceptedAnswer\":{\"@type\":\"Answer\",\"text\":\"N\u00e3o, a reabilita\u00e7\u00e3o cognitiva n\u00e3o se limita apenas \u00e0 recupera\u00e7\u00e3o das fun\u00e7\u00f5es cognitivas. Ela tamb\u00e9m envolve o apoio emocional e psicol\u00f3gico, ajudando os pacientes a lidarem com as mudan\u00e7as que enfrentam ap\u00f3s um AVC, constituindo um processo multidimensional.\"}},{\"@type\":\"Question\",\"name\":\"Que tipo de ferramentas s\u00e3o utilizadas na reabilita\u00e7\u00e3o cognitiva tradicional?\",\"acceptedAnswer\":{\"@type\":\"Answer\",\"text\":\"As ferramentas tradicionais de reabilita\u00e7\u00e3o cognitiva incluem exerc\u00edcios de mem\u00f3ria e atividades de racioc\u00ednio. Estas ferramentas t\u00eam sido utilizadas ao longo dos anos e continuam a desempenhar um papel crucial no tratamento de pacientes p\u00f3s-AVC.\"}}]}<\/script><br \/>\n<script type=\"application\/ld+json\">{\"@context\":\"https:\/\/schema.org\",\"@type\":\"FAQPage\",\"mainEntity\":[{\"@type\":\"Question\",\"name\":\"O que \u00e9 a reabilita\u00e7\u00e3o cognitiva p\u00f3s-AVC?\",\"acceptedAnswer\":{\"@type\":\"Answer\",\"text\":\"A reabilita\u00e7\u00e3o cognitiva p\u00f3s-AVC \u00e9 um processo multidimensional e essencial para a recupera\u00e7\u00e3o de pacientes que sofreram um acidente vascular cerebral. Ela visa recuperar fun\u00e7\u00f5es cognitivas como mem\u00f3ria, aten\u00e7\u00e3o e linguagem que podem ser severamente afetadas pelo AVC, al\u00e9m de incluir apoio emocional e psicol\u00f3gico para ajudar os pacientes a lidarem com as mudan\u00e7as enfrentadas.\"}},{\"@type\":\"Question\",\"name\":\"Quais fun\u00e7\u00f5es cognitivas podem ser afetadas por um AVC?\",\"acceptedAnswer\":{\"@type\":\"Answer\",\"text\":\"Um AVC pode afetar severamente v\u00e1rias fun\u00e7\u00f5es cognitivas importantes, incluindo a mem\u00f3ria, a aten\u00e7\u00e3o e a linguagem. Estas altera\u00e7\u00f5es podem ter um impacto devastador na vida do indiv\u00edduo, tornando a reabilita\u00e7\u00e3o cognitiva fundamental para o processo de recupera\u00e7\u00e3o.\"}},{\"@type\":\"Question\",\"name\":\"Qual a import\u00e2ncia da reabilita\u00e7\u00e3o cognitiva ap\u00f3s um AVC?\",\"acceptedAnswer\":{\"@type\":\"Answer\",\"text\":\"A reabilita\u00e7\u00e3o cognitiva \u00e9 fundamental pois permite que os pacientes recuperem habilidades perdidas e melhorem significativamente a sua qualidade de vida. Ela \u00e9 essencial para ajudar os pacientes a reintegrarem-se na sociedade e a lidarem com as mudan\u00e7as resultantes do AVC de forma mais eficaz.\"}},{\"@type\":\"Question\",\"name\":\"Como s\u00e3o desenvolvidos os programas de reabilita\u00e7\u00e3o cognitiva?\",\"acceptedAnswer\":{\"@type\":\"Answer\",\"text\":\"Os programas de reabilita\u00e7\u00e3o cognitiva s\u00e3o desenvolvidos atrav\u00e9s de interven\u00e7\u00f5es personalizadas pelos profissionais de sa\u00fade. Estes programas s\u00e3o criados para atender \u00e0s necessidades espec\u00edficas de cada paciente, promovendo uma recupera\u00e7\u00e3o mais eficaz e abrangente com uma abordagem hol\u00edstica.\"}},{\"@type\":\"Question\",\"name\":\"A reabilita\u00e7\u00e3o cognitiva inclui apenas a recupera\u00e7\u00e3o das fun\u00e7\u00f5es cerebrais?\",\"acceptedAnswer\":{\"@type\":\"Answer\",\"text\":\"N\u00e3o, a reabilita\u00e7\u00e3o cognitiva n\u00e3o se limita apenas \u00e0 recupera\u00e7\u00e3o das fun\u00e7\u00f5es cognitivas. Ela tamb\u00e9m envolve o apoio emocional e psicol\u00f3gico, ajudando os pacientes a lidarem com as mudan\u00e7as que enfrentam ap\u00f3s um AVC, constituindo um processo multidimensional.\"}},{\"@type\":\"Question\",\"name\":\"Que tipo de ferramentas s\u00e3o utilizadas na reabilita\u00e7\u00e3o cognitiva tradicional?\",\"acceptedAnswer\":{\"@type\":\"Answer\",\"text\":\"As ferramentas tradicionais de reabilita\u00e7\u00e3o cognitiva incluem exerc\u00edcios de mem\u00f3ria e atividades de racioc\u00ednio. Estas ferramentas t\u00eam sido utilizadas ao longo dos anos e continuam a desempenhar um papel crucial no tratamento de pacientes p\u00f3s-AVC.\"}}]}<\/script>[\/et_pb_code][\/et_pb_column][\/et_pb_row][\/et_pb_section]<\/p>\n","protected":false},"excerpt":{"rendered":"<div class=\"et_pb_row et_pb_row_0 et_pb_row_empty\">\n\t\t\t\t\n\t\t\t\t\n\t\t\t\t\n\t\t\t\t\n\t\t\t\t\n\t\t\t<\/div>\n","protected":false},"author":4,"featured_media":122651,"comment_status":"closed","ping_status":"closed","sticky":false,"template":"","format":"standard","meta":{"_et_pb_use_builder":"on","_et_pb_old_content":"","_et_gb_content_width":"","footnotes":""},"categories":[2984,3003],"tags":[],"class_list":["post-145042","post","type-post","status-publish","format-standard","has-post-thumbnail","hentry","category-tudo-sobre-o-avc","category-3003"],"yoast_head":"<!-- This site is optimized with the Yoast SEO plugin v27.4 - https:\/\/yoast.com\/product\/yoast-seo-wordpress\/ -->\n<title>Reabilita\u00e7\u00e3o cognitiva ap\u00f3s um AVC: ferramentas inovadoras e avan\u00e7os - DYNSEO - Aplica\u00e7\u00f5es educativas e jogos de mem\u00f3ria<\/title>\n<meta name=\"robots\" content=\"index, follow, max-snippet:-1, max-image-preview:large, max-video-preview:-1\" \/>\n<link rel=\"canonical\" href=\"https:\/\/www.dynseo.com\/pt-pt\/reabilitacao-cognitiva-apos-um-avc-ferramentas-inovadoras-e-avancos\/\" \/>\n<meta property=\"og:locale\" content=\"pt_PT\" \/>\n<meta property=\"og:type\" content=\"article\" \/>\n<meta property=\"og:title\" content=\"Reabilita\u00e7\u00e3o cognitiva ap\u00f3s um AVC: ferramentas inovadoras e avan\u00e7os - DYNSEO - Aplica\u00e7\u00f5es educativas e jogos de mem\u00f3ria\" \/>\n<meta property=\"og:url\" content=\"https:\/\/www.dynseo.com\/pt-pt\/reabilitacao-cognitiva-apos-um-avc-ferramentas-inovadoras-e-avancos\/\" \/>\n<meta property=\"og:site_name\" content=\"DYNSEO - Aplica\u00e7\u00f5es educativas e jogos de mem\u00f3ria\" \/>\n<meta property=\"article:published_time\" content=\"2025-06-03T09:38:49+00:00\" \/>\n<meta property=\"article:modified_time\" content=\"2025-12-26T14:55:53+00:00\" \/>\n<meta property=\"og:image\" content=\"https:\/\/www.dynseo.com\/wp-content\/uploads\/2024\/03\/avc-fernando-cerebrale.webp\" \/>\n\t<meta property=\"og:image:width\" content=\"1000\" \/>\n\t<meta property=\"og:image:height\" content=\"666\" \/>\n\t<meta property=\"og:image:type\" content=\"image\/webp\" \/>\n<meta name=\"author\" content=\"DYNSEO\" \/>\n<meta name=\"twitter:label1\" content=\"Escrito por\" \/>\n\t<meta name=\"twitter:data1\" content=\"DYNSEO\" \/>\n\t<meta name=\"twitter:label2\" content=\"Tempo estimado de leitura\" \/>\n\t<meta name=\"twitter:data2\" content=\"7 minutos\" \/>\n<script type=\"application\/ld+json\" class=\"yoast-schema-graph\">{\"@context\":\"https:\\\/\\\/schema.org\",\"@graph\":[{\"@type\":\"Article\",\"@id\":\"https:\\\/\\\/www.dynseo.com\\\/pt-pt\\\/reabilitacao-cognitiva-apos-um-avc-ferramentas-inovadoras-e-avancos\\\/#article\",\"isPartOf\":{\"@id\":\"https:\\\/\\\/www.dynseo.com\\\/pt-pt\\\/reabilitacao-cognitiva-apos-um-avc-ferramentas-inovadoras-e-avancos\\\/\"},\"author\":{\"name\":\"DYNSEO\",\"@id\":\"https:\\\/\\\/www.dynseo.com\\\/pt-pt\\\/#\\\/schema\\\/person\\\/78ef63df2ee64e0989bc68f8401b38d6\"},\"headline\":\"Reabilita\u00e7\u00e3o cognitiva ap\u00f3s um AVC: ferramentas inovadoras e avan\u00e7os\",\"datePublished\":\"2025-06-03T09:38:49+00:00\",\"dateModified\":\"2025-12-26T14:55:53+00:00\",\"mainEntityOfPage\":{\"@id\":\"https:\\\/\\\/www.dynseo.com\\\/pt-pt\\\/reabilitacao-cognitiva-apos-um-avc-ferramentas-inovadoras-e-avancos\\\/\"},\"wordCount\":1493,\"publisher\":{\"@id\":\"https:\\\/\\\/www.dynseo.com\\\/pt-pt\\\/#organization\"},\"image\":{\"@id\":\"https:\\\/\\\/www.dynseo.com\\\/pt-pt\\\/reabilitacao-cognitiva-apos-um-avc-ferramentas-inovadoras-e-avancos\\\/#primaryimage\"},\"thumbnailUrl\":\"https:\\\/\\\/www.dynseo.com\\\/wp-content\\\/uploads\\\/2024\\\/03\\\/avc-fernando-cerebrale.webp\",\"articleSection\":[\"Tudo sobre o AVC\",\"\u5173\u4e8e\u4e2d\u98ce - Stroke\"],\"inLanguage\":\"pt-PT\"},{\"@type\":\"WebPage\",\"@id\":\"https:\\\/\\\/www.dynseo.com\\\/pt-pt\\\/reabilitacao-cognitiva-apos-um-avc-ferramentas-inovadoras-e-avancos\\\/\",\"url\":\"https:\\\/\\\/www.dynseo.com\\\/pt-pt\\\/reabilitacao-cognitiva-apos-um-avc-ferramentas-inovadoras-e-avancos\\\/\",\"name\":\"Reabilita\u00e7\u00e3o cognitiva ap\u00f3s um AVC: ferramentas inovadoras e avan\u00e7os - DYNSEO - Aplica\u00e7\u00f5es educativas e jogos de mem\u00f3ria\",\"isPartOf\":{\"@id\":\"https:\\\/\\\/www.dynseo.com\\\/pt-pt\\\/#website\"},\"primaryImageOfPage\":{\"@id\":\"https:\\\/\\\/www.dynseo.com\\\/pt-pt\\\/reabilitacao-cognitiva-apos-um-avc-ferramentas-inovadoras-e-avancos\\\/#primaryimage\"},\"image\":{\"@id\":\"https:\\\/\\\/www.dynseo.com\\\/pt-pt\\\/reabilitacao-cognitiva-apos-um-avc-ferramentas-inovadoras-e-avancos\\\/#primaryimage\"},\"thumbnailUrl\":\"https:\\\/\\\/www.dynseo.com\\\/wp-content\\\/uploads\\\/2024\\\/03\\\/avc-fernando-cerebrale.webp\",\"datePublished\":\"2025-06-03T09:38:49+00:00\",\"dateModified\":\"2025-12-26T14:55:53+00:00\",\"breadcrumb\":{\"@id\":\"https:\\\/\\\/www.dynseo.com\\\/pt-pt\\\/reabilitacao-cognitiva-apos-um-avc-ferramentas-inovadoras-e-avancos\\\/#breadcrumb\"},\"inLanguage\":\"pt-PT\",\"potentialAction\":[{\"@type\":\"ReadAction\",\"target\":[\"https:\\\/\\\/www.dynseo.com\\\/pt-pt\\\/reabilitacao-cognitiva-apos-um-avc-ferramentas-inovadoras-e-avancos\\\/\"]}]},{\"@type\":\"ImageObject\",\"inLanguage\":\"pt-PT\",\"@id\":\"https:\\\/\\\/www.dynseo.com\\\/pt-pt\\\/reabilitacao-cognitiva-apos-um-avc-ferramentas-inovadoras-e-avancos\\\/#primaryimage\",\"url\":\"https:\\\/\\\/www.dynseo.com\\\/wp-content\\\/uploads\\\/2024\\\/03\\\/avc-fernando-cerebrale.webp\",\"contentUrl\":\"https:\\\/\\\/www.dynseo.com\\\/wp-content\\\/uploads\\\/2024\\\/03\\\/avc-fernando-cerebrale.webp\",\"width\":1000,\"height\":666,\"caption\":\"Aplicativos que estimulam a cogni\u00e7\u00e3o de forma divertida e eficaz\"},{\"@type\":\"BreadcrumbList\",\"@id\":\"https:\\\/\\\/www.dynseo.com\\\/pt-pt\\\/reabilitacao-cognitiva-apos-um-avc-ferramentas-inovadoras-e-avancos\\\/#breadcrumb\",\"itemListElement\":[{\"@type\":\"ListItem\",\"position\":1,\"name\":\"Accueil\",\"item\":\"https:\\\/\\\/www.dynseo.com\\\/pt-pt\\\/\"},{\"@type\":\"ListItem\",\"position\":2,\"name\":\"Reabilita\u00e7\u00e3o cognitiva ap\u00f3s um AVC: ferramentas inovadoras e avan\u00e7os\"}]},{\"@type\":\"WebSite\",\"@id\":\"https:\\\/\\\/www.dynseo.com\\\/pt-pt\\\/#website\",\"url\":\"https:\\\/\\\/www.dynseo.com\\\/pt-pt\\\/\",\"name\":\"Jeux de m\u00e9moire et stimulation cognitive\",\"description\":\"Entra\u00eenez votre m\u00e9moire et votre cerveau avec DYNSEO\",\"publisher\":{\"@id\":\"https:\\\/\\\/www.dynseo.com\\\/pt-pt\\\/#organization\"},\"potentialAction\":[{\"@type\":\"SearchAction\",\"target\":{\"@type\":\"EntryPoint\",\"urlTemplate\":\"https:\\\/\\\/www.dynseo.com\\\/pt-pt\\\/?s={search_term_string}\"},\"query-input\":{\"@type\":\"PropertyValueSpecification\",\"valueRequired\":true,\"valueName\":\"search_term_string\"}}],\"inLanguage\":\"pt-PT\"},{\"@type\":\"Organization\",\"@id\":\"https:\\\/\\\/www.dynseo.com\\\/pt-pt\\\/#organization\",\"name\":\"DYNSEO\",\"url\":\"https:\\\/\\\/www.dynseo.com\\\/pt-pt\\\/\",\"logo\":{\"@type\":\"ImageObject\",\"inLanguage\":\"pt-PT\",\"@id\":\"https:\\\/\\\/www.dynseo.com\\\/pt-pt\\\/#\\\/schema\\\/logo\\\/image\\\/\",\"url\":\"https:\\\/\\\/www.dynseo.com\\\/wp-content\\\/uploads\\\/2022\\\/05\\\/logo-dynseo-new.png\",\"contentUrl\":\"https:\\\/\\\/www.dynseo.com\\\/wp-content\\\/uploads\\\/2022\\\/05\\\/logo-dynseo-new.png\",\"width\":5073,\"height\":1397,\"caption\":\"DYNSEO\"},\"image\":{\"@id\":\"https:\\\/\\\/www.dynseo.com\\\/pt-pt\\\/#\\\/schema\\\/logo\\\/image\\\/\"}},{\"@type\":\"Person\",\"@id\":\"https:\\\/\\\/www.dynseo.com\\\/pt-pt\\\/#\\\/schema\\\/person\\\/78ef63df2ee64e0989bc68f8401b38d6\",\"name\":\"DYNSEO\",\"url\":\"https:\\\/\\\/www.dynseo.com\\\/pt-pt\\\/author\\\/justine\\\/\"}]}<\/script>\n<!-- \/ Yoast SEO plugin. -->","yoast_head_json":{"title":"Reabilita\u00e7\u00e3o cognitiva ap\u00f3s um AVC: ferramentas inovadoras e avan\u00e7os - DYNSEO - Aplica\u00e7\u00f5es educativas e jogos de mem\u00f3ria","robots":{"index":"index","follow":"follow","max-snippet":"max-snippet:-1","max-image-preview":"max-image-preview:large","max-video-preview":"max-video-preview:-1"},"canonical":"https:\/\/www.dynseo.com\/pt-pt\/reabilitacao-cognitiva-apos-um-avc-ferramentas-inovadoras-e-avancos\/","og_locale":"pt_PT","og_type":"article","og_title":"Reabilita\u00e7\u00e3o cognitiva ap\u00f3s um AVC: ferramentas inovadoras e avan\u00e7os - DYNSEO - Aplica\u00e7\u00f5es educativas e jogos de mem\u00f3ria","og_url":"https:\/\/www.dynseo.com\/pt-pt\/reabilitacao-cognitiva-apos-um-avc-ferramentas-inovadoras-e-avancos\/","og_site_name":"DYNSEO - Aplica\u00e7\u00f5es educativas e jogos de mem\u00f3ria","article_published_time":"2025-06-03T09:38:49+00:00","article_modified_time":"2025-12-26T14:55:53+00:00","og_image":[{"width":1000,"height":666,"url":"https:\/\/www.dynseo.com\/wp-content\/uploads\/2024\/03\/avc-fernando-cerebrale.webp","type":"image\/webp"}],"author":"DYNSEO","twitter_misc":{"Escrito por":"DYNSEO","Tempo estimado de leitura":"7 minutos"},"schema":{"@context":"https:\/\/schema.org","@graph":[{"@type":"Article","@id":"https:\/\/www.dynseo.com\/pt-pt\/reabilitacao-cognitiva-apos-um-avc-ferramentas-inovadoras-e-avancos\/#article","isPartOf":{"@id":"https:\/\/www.dynseo.com\/pt-pt\/reabilitacao-cognitiva-apos-um-avc-ferramentas-inovadoras-e-avancos\/"},"author":{"name":"DYNSEO","@id":"https:\/\/www.dynseo.com\/pt-pt\/#\/schema\/person\/78ef63df2ee64e0989bc68f8401b38d6"},"headline":"Reabilita\u00e7\u00e3o cognitiva ap\u00f3s um AVC: ferramentas inovadoras e avan\u00e7os","datePublished":"2025-06-03T09:38:49+00:00","dateModified":"2025-12-26T14:55:53+00:00","mainEntityOfPage":{"@id":"https:\/\/www.dynseo.com\/pt-pt\/reabilitacao-cognitiva-apos-um-avc-ferramentas-inovadoras-e-avancos\/"},"wordCount":1493,"publisher":{"@id":"https:\/\/www.dynseo.com\/pt-pt\/#organization"},"image":{"@id":"https:\/\/www.dynseo.com\/pt-pt\/reabilitacao-cognitiva-apos-um-avc-ferramentas-inovadoras-e-avancos\/#primaryimage"},"thumbnailUrl":"https:\/\/www.dynseo.com\/wp-content\/uploads\/2024\/03\/avc-fernando-cerebrale.webp","articleSection":["Tudo sobre o AVC","\u5173\u4e8e\u4e2d\u98ce - Stroke"],"inLanguage":"pt-PT"},{"@type":"WebPage","@id":"https:\/\/www.dynseo.com\/pt-pt\/reabilitacao-cognitiva-apos-um-avc-ferramentas-inovadoras-e-avancos\/","url":"https:\/\/www.dynseo.com\/pt-pt\/reabilitacao-cognitiva-apos-um-avc-ferramentas-inovadoras-e-avancos\/","name":"Reabilita\u00e7\u00e3o cognitiva ap\u00f3s um AVC: ferramentas inovadoras e avan\u00e7os - DYNSEO - Aplica\u00e7\u00f5es educativas e jogos de mem\u00f3ria","isPartOf":{"@id":"https:\/\/www.dynseo.com\/pt-pt\/#website"},"primaryImageOfPage":{"@id":"https:\/\/www.dynseo.com\/pt-pt\/reabilitacao-cognitiva-apos-um-avc-ferramentas-inovadoras-e-avancos\/#primaryimage"},"image":{"@id":"https:\/\/www.dynseo.com\/pt-pt\/reabilitacao-cognitiva-apos-um-avc-ferramentas-inovadoras-e-avancos\/#primaryimage"},"thumbnailUrl":"https:\/\/www.dynseo.com\/wp-content\/uploads\/2024\/03\/avc-fernando-cerebrale.webp","datePublished":"2025-06-03T09:38:49+00:00","dateModified":"2025-12-26T14:55:53+00:00","breadcrumb":{"@id":"https:\/\/www.dynseo.com\/pt-pt\/reabilitacao-cognitiva-apos-um-avc-ferramentas-inovadoras-e-avancos\/#breadcrumb"},"inLanguage":"pt-PT","potentialAction":[{"@type":"ReadAction","target":["https:\/\/www.dynseo.com\/pt-pt\/reabilitacao-cognitiva-apos-um-avc-ferramentas-inovadoras-e-avancos\/"]}]},{"@type":"ImageObject","inLanguage":"pt-PT","@id":"https:\/\/www.dynseo.com\/pt-pt\/reabilitacao-cognitiva-apos-um-avc-ferramentas-inovadoras-e-avancos\/#primaryimage","url":"https:\/\/www.dynseo.com\/wp-content\/uploads\/2024\/03\/avc-fernando-cerebrale.webp","contentUrl":"https:\/\/www.dynseo.com\/wp-content\/uploads\/2024\/03\/avc-fernando-cerebrale.webp","width":1000,"height":666,"caption":"Aplicativos que estimulam a cogni\u00e7\u00e3o de forma divertida e eficaz"},{"@type":"BreadcrumbList","@id":"https:\/\/www.dynseo.com\/pt-pt\/reabilitacao-cognitiva-apos-um-avc-ferramentas-inovadoras-e-avancos\/#breadcrumb","itemListElement":[{"@type":"ListItem","position":1,"name":"Accueil","item":"https:\/\/www.dynseo.com\/pt-pt\/"},{"@type":"ListItem","position":2,"name":"Reabilita\u00e7\u00e3o cognitiva ap\u00f3s um AVC: ferramentas inovadoras e avan\u00e7os"}]},{"@type":"WebSite","@id":"https:\/\/www.dynseo.com\/pt-pt\/#website","url":"https:\/\/www.dynseo.com\/pt-pt\/","name":"Jeux de m\u00e9moire et stimulation cognitive","description":"Entra\u00eenez votre m\u00e9moire et votre cerveau avec DYNSEO","publisher":{"@id":"https:\/\/www.dynseo.com\/pt-pt\/#organization"},"potentialAction":[{"@type":"SearchAction","target":{"@type":"EntryPoint","urlTemplate":"https:\/\/www.dynseo.com\/pt-pt\/?s={search_term_string}"},"query-input":{"@type":"PropertyValueSpecification","valueRequired":true,"valueName":"search_term_string"}}],"inLanguage":"pt-PT"},{"@type":"Organization","@id":"https:\/\/www.dynseo.com\/pt-pt\/#organization","name":"DYNSEO","url":"https:\/\/www.dynseo.com\/pt-pt\/","logo":{"@type":"ImageObject","inLanguage":"pt-PT","@id":"https:\/\/www.dynseo.com\/pt-pt\/#\/schema\/logo\/image\/","url":"https:\/\/www.dynseo.com\/wp-content\/uploads\/2022\/05\/logo-dynseo-new.png","contentUrl":"https:\/\/www.dynseo.com\/wp-content\/uploads\/2022\/05\/logo-dynseo-new.png","width":5073,"height":1397,"caption":"DYNSEO"},"image":{"@id":"https:\/\/www.dynseo.com\/pt-pt\/#\/schema\/logo\/image\/"}},{"@type":"Person","@id":"https:\/\/www.dynseo.com\/pt-pt\/#\/schema\/person\/78ef63df2ee64e0989bc68f8401b38d6","name":"DYNSEO","url":"https:\/\/www.dynseo.com\/pt-pt\/author\/justine\/"}]}},"_links":{"self":[{"href":"https:\/\/www.dynseo.com\/pt-pt\/wp-json\/wp\/v2\/posts\/145042","targetHints":{"allow":["GET"]}}],"collection":[{"href":"https:\/\/www.dynseo.com\/pt-pt\/wp-json\/wp\/v2\/posts"}],"about":[{"href":"https:\/\/www.dynseo.com\/pt-pt\/wp-json\/wp\/v2\/types\/post"}],"author":[{"embeddable":true,"href":"https:\/\/www.dynseo.com\/pt-pt\/wp-json\/wp\/v2\/users\/4"}],"replies":[{"embeddable":true,"href":"https:\/\/www.dynseo.com\/pt-pt\/wp-json\/wp\/v2\/comments?post=145042"}],"version-history":[{"count":7,"href":"https:\/\/www.dynseo.com\/pt-pt\/wp-json\/wp\/v2\/posts\/145042\/revisions"}],"predecessor-version":[{"id":457130,"href":"https:\/\/www.dynseo.com\/pt-pt\/wp-json\/wp\/v2\/posts\/145042\/revisions\/457130"}],"wp:featuredmedia":[{"embeddable":true,"href":"https:\/\/www.dynseo.com\/pt-pt\/wp-json\/wp\/v2\/media\/122651"}],"wp:attachment":[{"href":"https:\/\/www.dynseo.com\/pt-pt\/wp-json\/wp\/v2\/media?parent=145042"}],"wp:term":[{"taxonomy":"category","embeddable":true,"href":"https:\/\/www.dynseo.com\/pt-pt\/wp-json\/wp\/v2\/categories?post=145042"},{"taxonomy":"post_tag","embeddable":true,"href":"https:\/\/www.dynseo.com\/pt-pt\/wp-json\/wp\/v2\/tags?post=145042"}],"curies":[{"name":"wp","href":"https:\/\/api.w.org\/{rel}","templated":true}]}}