{"id":145077,"date":"2025-06-03T12:45:24","date_gmt":"2025-06-03T10:45:24","guid":{"rendered":"https:\/\/www.dynseo.com\/?p=145077"},"modified":"2025-12-26T15:53:19","modified_gmt":"2025-12-26T14:53:19","slug":"as-melhores-estrategias-para-recuperar-a-linguagem-apos-um-avc","status":"publish","type":"post","link":"https:\/\/www.dynseo.com\/pt-pt\/as-melhores-estrategias-para-recuperar-a-linguagem-apos-um-avc\/","title":{"rendered":"As melhores estrat\u00e9gias para recuperar a linguagem ap\u00f3s um AVC"},"content":{"rendered":"<p>[et_pb_section fb_built=&#8221;1&#8243; admin_label=&#8221;Article HTML&#8221; _builder_version=&#8221;4.16&#8243;][et_pb_row admin_label=&#8221;Contenu&#8221; _builder_version=&#8221;4.16&#8243;][et_pb_column type=&#8221;4_4&#8243; _builder_version=&#8221;4.16&#8243;][et_pb_code admin_label=&#8221;HTML import\u00e9&#8221; _builder_version=&#8221;4.16&#8243;]<link href=\"https:\/\/fonts.googleapis.com\/css2?family=Montserrat:wght@400;500;600;700;800&#038;display=swap\" rel=\"stylesheet\">\n<style>\n.dynseo-article{font-family:'Montserrat',-apple-system,BlinkMacSystemFont,'Segoe UI',Roboto,sans-serif;line-height:1.8;color:#2c3e50;max-width:100%}\n.dynseo-article h2{font-family:'Montserrat',sans-serif;font-size:1.8rem;color:#1a1a2e;margin:50px 0 25px;padding-bottom:12px;border-bottom:3px solid #a9e2e4;font-weight:700;transition:all .3s ease}\n.dynseo-article h2:hover{padding-left:10px;border-bottom-color:#e73469}\n.dynseo-article h3{font-family:'Montserrat',sans-serif;font-size:1.3rem;color:#5e5ed7;margin:35px 0 18px;font-weight:600;transition:all .3s ease}\n.dynseo-article h3:hover{color:#e73469}\n.dynseo-article p{margin-bottom:18px;font-size:1.05rem;text-align:justify}\n.dynseo-article img{max-width:100%;height:auto;border-radius:16px;margin:25px 0;box-shadow:0 8px 30px rgba(0,0,0,0.1);transition:all .4s ease}\n.dynseo-article img:hover{transform:scale(1.02);box-shadow:0 15px 50px rgba(0,0,0,0.15)}\n.dynseo-intro{font-size:1.15rem;color:#64748b;border-left:4px solid #a9e2e4;padding-left:25px;margin:35px 0;font-style:italic;background:linear-gradient(90deg,rgba(169,226,228,0.1),transparent);padding:20px 25px;border-radius:0 12px 12px 0;transition:all .3s ease}\n.dynseo-intro:hover{border-left-width:6px;background:linear-gradient(90deg,rgba(169,226,228,0.15),transparent)}\n.dynseo-toc{background:linear-gradient(135deg,#f8fafc 0%,#fff 100%);border-radius:20px;padding:35px;margin:40px 0;border:2px solid #e5e7eb;box-shadow:0 4px 20px rgba(0,0,0,0.05);transition:all .3s ease}\n.dynseo-toc:hover{box-shadow:0 8px 35px rgba(0,0,0,0.08);transform:translateY(-2px)}\n.dynseo-toc .toc-title{font-family:'Montserrat',sans-serif;font-size:1.4rem;margin-bottom:25px;color:#1a1a2e;font-weight:700}\n.dynseo-toc ol{list-style:none;padding:0;margin:0;display:grid;grid-template-columns:repeat(2,1fr);gap:12px}\n.dynseo-toc li{background:#fff;border-radius:12px;padding:14px 18px;border:2px solid #f1f5f9;transition:all .3s ease;border-left:4px solid #ffeca7}\n.dynseo-toc li:hover{background:linear-gradient(135deg,#f8fafc,#fff);transform:translateX(8px);box-shadow:0 6px 20px rgba(0,0,0,0.1);border-left-width:6px}\n.dynseo-toc a{color:#1a1a2e;text-decoration:none;font-size:.95rem;font-weight:500;transition:color .3s}\n.dynseo-toc a:hover{color:#5e5ed7}\n.dynseo-article .styled-list,.dynseo-article ul{margin:20px 0 30px;padding:0;list-style:none}\n.dynseo-article .styled-list li,.dynseo-article ul li{position:relative;padding-left:28px;margin-bottom:14px;line-height:1.7;transition:all .3s ease}\n.dynseo-article .styled-list li:hover,.dynseo-article ul li:hover{padding-left:32px}\n.dynseo-article .styled-list li::before,.dynseo-article ul li::before{content:\"\";position:absolute;left:0;top:8px;width:10px;height:10px;background:#e73469;border-radius:50%;box-shadow:0 2px 8px rgba(231,52,105,0.3);transition:all .3s ease}\n.dynseo-article .styled-list li:hover::before,.dynseo-article ul li:hover::before{transform:scale(1.3);box-shadow:0 4px 12px rgba(231,52,105,0.4)}\n.dynseo-article blockquote{background:linear-gradient(135deg,#fff9f0 0%,#fff5eb 100%);border-left:4px solid #ffeca7;border-radius:0 16px 16px 0;padding:28px 32px;margin:35px 0;position:relative;box-shadow:0 4px 20px rgba(255,236,167,0.3);transition:all .3s ease}\n.dynseo-article blockquote:hover{transform:translateX(5px);box-shadow:0 8px 30px rgba(255,236,167,0.4);border-left-width:6px}\n.dynseo-article blockquote::before{content:\"\u275d\";font-size:3rem;color:#ffeca7;opacity:.4;position:absolute;top:10px;left:15px}\n.dynseo-article blockquote p{font-style:italic;margin-bottom:12px;padding-left:30px}\n.dynseo-article blockquote cite{display:block;font-style:normal;font-weight:600;color:#1a1a2e;padding-left:30px}\n.section-divider{text-align:center;margin:60px 0;font-size:1.8rem;letter-spacing:18px;background:linear-gradient(135deg,#ffeca7,#e73469,#a9e2e4);-webkit-background-clip:text;-webkit-text-fill-color:transparent;background-clip:text}\n.dynseo-tip-box{background:linear-gradient(135deg,#ecfdf5 0%,#d1fae5 100%);border:2px solid #a9e2e4;border-radius:16px;padding:25px 30px;margin:35px 0;position:relative;box-shadow:0 4px 20px rgba(169,226,228,0.3);transition:all .3s ease}\n.dynseo-tip-box:hover{transform:translateY(-3px);box-shadow:0 8px 30px rgba(169,226,228,0.4)}\n.dynseo-tip-box-title{font-family:'Montserrat',sans-serif;font-size:1.15rem;font-weight:700;color:#1a1a2e;margin-bottom:12px;display:flex;align-items:center;gap:10px}\n.dynseo-tip-box-title::before{content:\"\ud83d\udca1\";font-size:1.3rem}\n.dynseo-tip-box p{margin:0;color:#2c3e50}\n.dynseo-feature-grid{display:grid;grid-template-columns:repeat(3,1fr);gap:20px;margin:35px 0}\n.dynseo-feature-card{background:#fff;border-radius:20px;padding:30px 25px;text-align:center;border:2px solid #f1f5f9;transition:all .4s ease;position:relative;overflow:hidden}\n.dynseo-feature-card::before{content:\"\";position:absolute;top:0;left:0;right:0;height:4px;background:linear-gradient(90deg,#ffeca7,#e73469);transform:scaleX(0);transition:transform .3s ease}\n.dynseo-feature-card:hover::before{transform:scaleX(1)}\n.dynseo-feature-card:nth-child(3n+1){border-color:rgba(255,236,167,0.5)}\n.dynseo-feature-card:nth-child(3n+2){border-color:rgba(231,52,105,0.3)}\n.dynseo-feature-card:nth-child(3n+3){border-color:rgba(169,226,228,0.5)}\n.dynseo-feature-card:hover{transform:translateY(-8px);box-shadow:0 20px 50px rgba(0,0,0,0.12)}\n.dynseo-feature-card h4{font-family:'Montserrat',sans-serif;color:#1a1a2e;margin-bottom:10px;font-size:1.1rem;font-weight:600}\n.dynseo-feature-card p{font-size:.95rem;color:#64748b;margin:0}\n.dynseo-highlight-box{background:linear-gradient(135deg,#fef3c7 0%,#fde68a 100%);border:2px solid #ffeca7;border-radius:16px;padding:25px 30px;margin:30px 0;transition:all .3s ease}\n.dynseo-highlight-box:hover{transform:translateY(-3px);box-shadow:0 8px 30px rgba(255,236,167,0.4)}\n.dynseo-highlight-box h4{font-family:'Montserrat',sans-serif;color:#1a1a2e;margin:0 0 12px 0;font-size:1.1rem}\n.dynseo-highlight-box p{margin:0;color:#2c3e50}\n@media(max-width:768px){.dynseo-article h2{font-size:1.5rem}.dynseo-toc ol{grid-template-columns:1fr}.dynseo-feature-grid{grid-template-columns:1fr}}\n<\/style>\n<div class=\"dynseo-article\">\n<div class=\"dynseo-intro\">A reabilita\u00e7\u00e3o da linguagem ap\u00f3s um acidente vascular cerebral (AVC) \u00e9 um aspecto crucial da recupera\u00e7\u00e3o. Quando um AVC ocorre, pode afetar diversas \u00e1reas do c\u00e9rebro, incluindo aquelas respons\u00e1veis pela comunica\u00e7\u00e3o. Isso pode resultar em dificuldades significativas na fala, compreens\u00e3o e express\u00e3o.<\/p>\n<p>Para n\u00f3s, \u00e9 fundamental entender que a reabilita\u00e7\u00e3o da linguagem n\u00e3o \u00e9 apenas uma quest\u00e3o de recuperar a capacidade de falar, mas tamb\u00e9m de restabelecer a conex\u00e3o social e emocional com os outros. A comunica\u00e7\u00e3o \u00e9 uma parte essencial da nossa vida quotidiana, e a sua perda pode levar a sentimentos de isolamento e frustra\u00e7\u00e3o. Al\u00e9m disso, a reabilita\u00e7\u00e3o da linguagem pode ter um impacto positivo na qualidade de vida das pessoas que sofreram um AVAo trabalharmos na recupera\u00e7\u00e3o das habilidades lingu\u00edsticas, ajudamos a promover a autoestima e a confian\u00e7a dos indiv\u00edduos.<\/p>\n<p>A capacidade de se expressar e de interagir com os outros \u00e9 vital para o bem-estar emocional. Portanto, investir na reabilita\u00e7\u00e3o da linguagem \u00e9 investir na reintegra\u00e7\u00e3o social e na melhoria da qualidade de vida, permitindo que as pessoas retomem as suas atividades di\u00e1rias e se sintam parte ativa da sociedade.<\/p><\/div>\n<nav class=\"dynseo-toc\">\n<div class=\"toc-title\">\ud83d\udccb Sommaire<\/div>\n<ol>\n<li style=\"border-left:4px solid #ffeca7\"><a href=\"#section-1\">Terapia da fala como parte integrante da recupera\u00e7\u00e3o<\/a><\/li>\n<li style=\"border-left:4px solid #e73469\"><a href=\"#section-2\">Exerc\u00edcios de linguagem e comunica\u00e7\u00e3o para estimular a recupera\u00e7\u00e3o<\/a><\/li>\n<li style=\"border-left:4px solid #a9e2e4\"><a href=\"#section-3\">Utiliza\u00e7\u00e3o de tecnologias e recursos de apoio na reabilita\u00e7\u00e3o da linguagem<\/a><\/li>\n<li style=\"border-left:4px solid #5e5ed7\"><a href=\"#section-4\">Abordagens multidisciplinares para a recupera\u00e7\u00e3o da linguagem p\u00f3s-AVC<\/a><\/li>\n<li style=\"border-left:4px solid #5268c9\"><a href=\"#section-5\">Estrat\u00e9gias para lidar com dificuldades de comunica\u00e7\u00e3o p\u00f3s-AVC<\/a><\/li>\n<li style=\"border-left:4px solid #ffeca7\"><a href=\"#section-6\">Import\u00e2ncia do apoio emocional e psicol\u00f3gico na recupera\u00e7\u00e3o da linguagem<\/a><\/li>\n<li style=\"border-left:4px solid #e73469\"><a href=\"#section-7\">Adapta\u00e7\u00f5es na rotina di\u00e1ria para facilitar a comunica\u00e7\u00e3o ap\u00f3s um AVC<\/a><\/li>\n<\/ol>\n<\/nav>\n<section class=\"dynseo-section\">\n<h2 id=\"section-1\">Terapia da fala como parte integrante da recupera\u00e7\u00e3o<\/h2>\n<p>A terapia da fala desempenha um papel fundamental na recupera\u00e7\u00e3o ap\u00f3s um AVEste tipo de terapia \u00e9 especificamente projetado para abordar as dificuldades de comunica\u00e7\u00e3o que podem surgir ap\u00f3s o evento. Os terapeutas da fala utilizam uma variedade de t\u00e9cnicas e exerc\u00edcios para ajudar os pacientes a recuperar as suas habilidades lingu\u00edsticas. Para n\u00f3s, \u00e9 importante reconhecer que cada pessoa tem um percurso \u00fanico de recupera\u00e7\u00e3o, e a terapia da fala \u00e9 adaptada \u00e0s necessidades individuais de cada paciente.<\/p>\n<p>Durante as sess\u00f5es de terapia, os terapeutas trabalham n\u00e3o apenas na fala, mas tamb\u00e9m na compreens\u00e3o e na produ\u00e7\u00e3o de linguagem escrita.<b> Isso significa que, ao longo do processo, podemos ver melhorias significativas em v\u00e1rias \u00e1reas da comunica\u00e7\u00e3o.<\/b> A terapia da fala n\u00e3o se limita apenas ao consult\u00f3rio; muitas vezes, os terapeutas fornecem exerc\u00edcios e atividades que podem ser realizados em casa, permitindo que os pacientes pratiquem regularmente.<\/p>\n<p>Essa continuidade no trabalho \u00e9 essencial para maximizar os resultados e acelerar a recupera\u00e7\u00e3o.<\/section>\n<section class=\"dynseo-section\">\n<h2 id=\"section-2\">Exerc\u00edcios de linguagem e comunica\u00e7\u00e3o para estimular a recupera\u00e7\u00e3o<\/h2>\n<p><img decoding=\"async\" id=\"3\" style=\"max-width: 100%;margin-left: auto;margin-right: auto;width: 70%\" src=\"https:\/\/www.dynseo.com\/pt-pt\/wp-content\/uploads\/2025\/01\/abcdhe-204.jpg\" \/><\/p>\n<p>Os exerc\u00edcios de linguagem e comunica\u00e7\u00e3o s\u00e3o ferramentas valiosas na reabilita\u00e7\u00e3o ap\u00f3s um AVEstes exerc\u00edcios podem variar desde atividades simples, como repetir palavras ou frases, at\u00e9 tarefas mais complexas que envolvem a constru\u00e7\u00e3o de frases ou a participa\u00e7\u00e3o em di\u00e1logos. Para n\u00f3s, \u00e9 importante que esses exerc\u00edcios sejam realizados de forma consistente e com o <a href=\"https:\/\/www.dynseo.com\/pt-pt\/o-papel-da-familia-na-reabilitacao-pos-avc-apoio-e-motivacao\/\" title=\"O papel da fam\u00edlia na reabilita\u00e7\u00e3o p\u00f3s-AVC: apoio e motiva\u00e7\u00e3o\">apoio<\/a> adequado, pois a pr\u00e1tica regular \u00e9 fundamental para a recupera\u00e7\u00e3o. Al\u00e9m disso, podemos incorporar jogos e atividades l\u00fadicas que estimulem a comunica\u00e7\u00e3o de <a href=\"https:\/\/www.dynseo.com\/pt-pt\/desafie-seu-cerebro-com-jogos-puzzle-uma-forma-divertida-de-exercitar-a-mente\/\" title=\"Desafie seu c\u00e9rebro com jogos puzzle: uma forma divertida de exercitar a mente\">forma divertida<\/a>.<\/p>\n<p>Por exemplo, jogos de palavras cruzadas ou atividades de associa\u00e7\u00e3o podem ser uma maneira eficaz de praticar a linguagem sem que o paciente sinta que est\u00e1 apenas a fazer exerc\u00edcios. A motiva\u00e7\u00e3o \u00e9 um fator chave na recupera\u00e7\u00e3o, e ao tornarmos o processo mais agrad\u00e1vel, aumentamos as chances de sucesso. A intera\u00e7\u00e3o com familiares e amigos durante esses exerc\u00edcios tamb\u00e9m pode ser ben\u00e9fica, pois promove um ambiente de apoio e encorajamento.<\/section>\n<div class=\"section-divider\">\u25c6 \u25c6 \u25c6<\/div>\n<section class=\"dynseo-section\">\n<h2 id=\"section-3\">Utiliza\u00e7\u00e3o de tecnologias e recursos de apoio na reabilita\u00e7\u00e3o da linguagem<\/h2>\n<p>Nos dias de hoje, a tecnologia desempenha um papel cada vez mais importante na reabilita\u00e7\u00e3o da linguagem ap\u00f3s um AVExistem diversas aplica\u00e7\u00f5es e programas desenvolvidos especificamente para ajudar na recupera\u00e7\u00e3o das habilidades lingu\u00edsticas. Estas ferramentas podem ser utilizadas tanto em sess\u00f5es de terapia como em casa, proporcionando uma forma adicional de pr\u00e1tica. Para n\u00f3s, \u00e9 encorajador ver como a tecnologia pode facilitar o processo de reabilita\u00e7\u00e3o e tornar os exerc\u00edcios mais acess\u00edveis.<b><\/p>\n<p>Al\u00e9m das aplica\u00e7\u00f5es, tamb\u00e9m podemos utilizar dispositivos como tablets e computadores para realizar atividades interativas que estimulem a comunica\u00e7\u00e3o.<\/b> A utiliza\u00e7\u00e3o de v\u00eddeos e grava\u00e7\u00f5es pode ajudar os pacientes a ouvir e repetir sons ou palavras, melhorando assim a sua pron\u00fancia e flu\u00eancia.<b> A tecnologia n\u00e3o substitui o trabalho dos terapeutas, mas complementa as sess\u00f5es tradicionais, oferecendo uma abordagem mais abrangente \u00e0 reabilita\u00e7\u00e3o da linguagem.<\/b><\/section>\n<section class=\"dynseo-section\">\n<h2 id=\"section-4\">Abordagens multidisciplinares para a recupera\u00e7\u00e3o da linguagem p\u00f3s-AVC<\/h2>\n<p>A recupera\u00e7\u00e3o da linguagem ap\u00f3s um AVC muitas vezes requer uma abordagem multidisciplinar. Isso significa que diferentes profissionais de sa\u00fade trabalham juntos para oferecer o melhor suporte poss\u00edvel ao paciente. Para n\u00f3s, essa colabora\u00e7\u00e3o \u00e9 essencial, pois cada especialista traz uma perspetiva \u00fanica que pode enriquecer o processo de reabilita\u00e7\u00e3o.<\/p>\n<p>Por exemplo, al\u00e9m dos terapeutas da fala, podemos contar com neurologistas, psic\u00f3logos e fisioterapeutas para abordar as diversas necessidades do paciente. Essa <a href=\"https:\/\/www.dynseo.com\/pt-pt\/afasia-e-memoria-uma-abordagem-integrada-para-a-reabilitacao\/\" title=\"Afasia e mem\u00f3ria: uma abordagem integrada para a reabilita\u00e7\u00e3o\">abordagem integrada<\/a> permite que os profissionais identifiquem e tratem n\u00e3o apenas as dificuldades lingu\u00edsticas, mas tamb\u00e9m outros fatores que podem estar a afetar a recupera\u00e7\u00e3o. O apoio psicol\u00f3gico \u00e9 particularmente importante, pois muitos pacientes enfrentam desafios emocionais ap\u00f3s um AVAo trabalharmos em conjunto, conseguimos criar um plano de tratamento mais eficaz que aborde todas as dimens\u00f5es da recupera\u00e7\u00e3o.<\/section>\n<div class=\"section-divider\">\u25c6 \u25c6 \u25c6<\/div>\n<section class=\"dynseo-section\">\n<h2 id=\"section-5\">Estrat\u00e9gias para lidar com dificuldades de comunica\u00e7\u00e3o p\u00f3s-AVC<\/h2>\n<p><img decoding=\"async\" id=\"2\" style=\"max-width: 100%;margin-left: auto;margin-right: auto;width: 70%\" src=\"https:\/\/www.dynseo.com\/pt-pt\/wp-content\/uploads\/2025\/01\/image-410.jpg\" \/><\/p>\n<h3>Comunica\u00e7\u00e3o Clara e Simples<\/h3>\n<p>Isso significa falar devagar, usar frases curtas e evitar jarg\u00f5es ou termos complicados que possam confundir o paciente.<\/p>\n<h3>Apoio Visual<\/h3>\n<p>Outra estrat\u00e9gia importante \u00e9 incentivar o uso de gestos ou express\u00f5es faciais para complementar a comunica\u00e7\u00e3o verbal. Muitas vezes, os pacientes conseguem entender melhor o que est\u00e1 a ser dito quando h\u00e1 apoio visual.<\/p>\n<h3>Respeito e Compreens\u00e3o<\/h3>\n<p>Al\u00e9m disso, devemos ser pacientes e dar tempo ao paciente para se expressar sem interrup\u00e7\u00f5es. Essa abordagem n\u00e3o s\u00f3 ajuda na comunica\u00e7\u00e3o, mas tamb\u00e9m demonstra respeito e compreens\u00e3o pelas dificuldades enfrentadas.<\/section>\n<section class=\"dynseo-section\">\n<h2 id=\"section-6\">Import\u00e2ncia do apoio emocional e psicol\u00f3gico na recupera\u00e7\u00e3o da linguagem<\/h2>\n<p>O apoio emocional e psicol\u00f3gico \u00e9 uma parte vital do processo de recupera\u00e7\u00e3o da linguagem ap\u00f3s um AVPara n\u00f3s, \u00e9 essencial reconhecer que as dificuldades de comunica\u00e7\u00e3o podem ter um impacto significativo na sa\u00fade mental do paciente. O sentimento de frustra\u00e7\u00e3o e isolamento pode levar \u00e0 depress\u00e3o ou ansiedade, tornando ainda mais dif\u00edcil o processo de reabilita\u00e7\u00e3o. Portanto, oferecer suporte emocional \u00e9 t\u00e3o importante quanto trabalhar nas habilidades lingu\u00edsticas.<\/p>\n<p>Os grupos de apoio podem ser uma excelente forma de proporcionar esse suporte emocional. Nestes grupos, os pacientes t\u00eam a oportunidade de partilhar as suas experi\u00eancias e desafios com outras pessoas que est\u00e3o a passar por situa\u00e7\u00f5es semelhantes. Essa troca pode ser extremamente encorajadora e ajudar os pacientes a sentirem-se menos sozinhos na sua jornada de recupera\u00e7\u00e3o.<\/p>\n<p>Al\u00e9m disso, o envolvimento familiar tamb\u00e9m \u00e9 crucial; quando os familiares est\u00e3o informados sobre o processo de reabilita\u00e7\u00e3o e oferecem apoio emocional, isso pode fazer uma grande diferen\u00e7a na motiva\u00e7\u00e3o do paciente.<\/section>\n<div class=\"section-divider\">\u25c6 \u25c6 \u25c6<\/div>\n<section class=\"dynseo-section\">\n<h2 id=\"section-7\">Adapta\u00e7\u00f5es na rotina di\u00e1ria para facilitar a comunica\u00e7\u00e3o ap\u00f3s um AVC<\/h2>\n<p>Fazer adapta\u00e7\u00f5es na rotina di\u00e1ria pode facilitar significativamente a comunica\u00e7\u00e3o ap\u00f3s um AVPara n\u00f3s, \u00e9 importante criar um ambiente que favore\u00e7a a intera\u00e7\u00e3o e minimize as frustra\u00e7\u00f5es associadas \u00e0s dificuldades lingu\u00edsticas. Isso pode incluir estabelecer momentos espec\u00edficos para conversas calmas e sem distra\u00e7\u00f5es, onde o paciente se sinta confort\u00e1vel para se expressar. Al\u00e9m disso, podemos utilizar recursos visuais como quadros com imagens ou palavras-chave que ajudem o paciente a comunicar-se mais facilmente no dia-a-dia.<\/p>\n<p>Essas adapta\u00e7\u00f5es n\u00e3o s\u00f3 ajudam na pr\u00e1tica da linguagem, mas tamb\u00e9m promovem uma maior inclus\u00e3o do paciente nas intera\u00e7\u00f5es familiares e sociais. Ao fazermos essas mudan\u00e7as simples mas eficazes na rotina di\u00e1ria, contribu\u00edmos para um ambiente mais acolhedor e estimulante para a recupera\u00e7\u00e3o da linguagem ap\u00f3s um AVC.<\/section>\n<\/div>\n<p>[\/et_pb_code][\/et_pb_column][\/et_pb_row][\/et_pb_section][et_pb_section fb_built=&#8221;1&#8243; _builder_version=&#8221;4.16&#8243;][et_pb_row][et_pb_column type=&#8221;4_4&#8243;][et_pb_code]<script type=\"application\/ld+json\">{\"@context\":\"https:\/\/schema.org\",\"@type\":\"FAQPage\",\"mainEntity\":[{\"@type\":\"Question\",\"name\":\"O que acontece com a linguagem ap\u00f3s um AVC?\",\"acceptedAnswer\":{\"@type\":\"Answer\",\"text\":\"Quando um AVC ocorre, pode afetar diversas \u00e1reas do c\u00e9rebro, incluindo aquelas respons\u00e1veis pela comunica\u00e7\u00e3o. Isso pode resultar em dificuldades significativas na fala, compreens\u00e3o e express\u00e3o, afetando a capacidade de comunica\u00e7\u00e3o da pessoa.\"}},{\"@type\":\"Question\",\"name\":\"Por que a reabilita\u00e7\u00e3o da linguagem \u00e9 importante ap\u00f3s um AVC?\",\"acceptedAnswer\":{\"@type\":\"Answer\",\"text\":\"A reabilita\u00e7\u00e3o da linguagem \u00e9 fundamental porque n\u00e3o se trata apenas de recuperar a capacidade de falar, mas tamb\u00e9m de restabelecer a conex\u00e3o social e emocional com os outros. A comunica\u00e7\u00e3o \u00e9 essencial na vida quotidiana, e a sua perda pode levar a sentimentos de isolamento e frustra\u00e7\u00e3o.\"}},{\"@type\":\"Question\",\"name\":\"Como a recupera\u00e7\u00e3o da linguagem impacta a qualidade de vida?\",\"acceptedAnswer\":{\"@type\":\"Answer\",\"text\":\"A reabilita\u00e7\u00e3o da linguagem tem um impacto positivo na qualidade de vida, ajudando a promover a autoestima e a confian\u00e7a dos indiv\u00edduos. A capacidade de se expressar e interagir com os outros \u00e9 vital para o bem-estar emocional e permite a reintegra\u00e7\u00e3o social.\"}},{\"@type\":\"Question\",\"name\":\"Qual \u00e9 o papel da terapia da fala na recupera\u00e7\u00e3o ap\u00f3s AVC?\",\"acceptedAnswer\":{\"@type\":\"Answer\",\"text\":\"A terapia da fala desempenha um papel fundamental na recupera\u00e7\u00e3o ap\u00f3s um AVC. Este tipo de terapia \u00e9 especificamente projetado para abordar as dificuldades de comunica\u00e7\u00e3o que podem surgir ap\u00f3s o evento, utilizando v\u00e1rias t\u00e9cnicas e exerc\u00edcios especializados.\"}},{\"@type\":\"Question\",\"name\":\"Quais s\u00e3o os benef\u00edcios emocionais da reabilita\u00e7\u00e3o da linguagem?\",\"acceptedAnswer\":{\"@type\":\"Answer\",\"text\":\"Os benef\u00edcios emocionais incluem o combate ao isolamento e frustra\u00e7\u00e3o, o aumento da autoestima e confian\u00e7a, e a melhoria do bem-estar emocional geral. Isso permite que as pessoas se sintam parte ativa da sociedade novamente.\"}},{\"@type\":\"Question\",\"name\":\"Como a reabilita\u00e7\u00e3o da linguagem ajuda na reintegra\u00e7\u00e3o social?\",\"acceptedAnswer\":{\"@type\":\"Answer\",\"text\":\"Ao trabalhar na recupera\u00e7\u00e3o das habilidades lingu\u00edsticas, a reabilita\u00e7\u00e3o permite que as pessoas retomem as suas atividades di\u00e1rias e se sintam parte ativa da sociedade. Investir na reabilita\u00e7\u00e3o da linguagem \u00e9 investir na reintegra\u00e7\u00e3o social e na melhoria da qualidade de vida.\"}}]}<\/script><br \/>\n<script type=\"application\/ld+json\">{\"@context\":\"https:\/\/schema.org\",\"@type\":\"FAQPage\",\"mainEntity\":[{\"@type\":\"Question\",\"name\":\"O que acontece com a linguagem ap\u00f3s um AVC?\",\"acceptedAnswer\":{\"@type\":\"Answer\",\"text\":\"Quando um AVC ocorre, pode afetar diversas \u00e1reas do c\u00e9rebro, incluindo aquelas respons\u00e1veis pela comunica\u00e7\u00e3o. Isso pode resultar em dificuldades significativas na fala, compreens\u00e3o e express\u00e3o, afetando a capacidade de comunica\u00e7\u00e3o da pessoa.\"}},{\"@type\":\"Question\",\"name\":\"Por que a reabilita\u00e7\u00e3o da linguagem \u00e9 importante ap\u00f3s um AVC?\",\"acceptedAnswer\":{\"@type\":\"Answer\",\"text\":\"A reabilita\u00e7\u00e3o da linguagem \u00e9 fundamental porque n\u00e3o se trata apenas de recuperar a capacidade de falar, mas tamb\u00e9m de restabelecer a conex\u00e3o social e emocional com os outros. A comunica\u00e7\u00e3o \u00e9 essencial na vida quotidiana, e a sua perda pode levar a sentimentos de isolamento e frustra\u00e7\u00e3o.\"}},{\"@type\":\"Question\",\"name\":\"Como a recupera\u00e7\u00e3o da linguagem impacta a qualidade de vida?\",\"acceptedAnswer\":{\"@type\":\"Answer\",\"text\":\"A reabilita\u00e7\u00e3o da linguagem tem um impacto positivo na qualidade de vida, ajudando a promover a autoestima e a confian\u00e7a dos indiv\u00edduos. A capacidade de se expressar e interagir com os outros \u00e9 vital para o bem-estar emocional e permite a reintegra\u00e7\u00e3o social.\"}},{\"@type\":\"Question\",\"name\":\"Qual \u00e9 o papel da terapia da fala na recupera\u00e7\u00e3o ap\u00f3s AVC?\",\"acceptedAnswer\":{\"@type\":\"Answer\",\"text\":\"A terapia da fala desempenha um papel fundamental na recupera\u00e7\u00e3o ap\u00f3s um AVC. Este tipo de terapia \u00e9 especificamente projetado para abordar as dificuldades de comunica\u00e7\u00e3o que podem surgir ap\u00f3s o evento, utilizando v\u00e1rias t\u00e9cnicas e exerc\u00edcios especializados.\"}},{\"@type\":\"Question\",\"name\":\"Quais s\u00e3o os benef\u00edcios emocionais da reabilita\u00e7\u00e3o da linguagem?\",\"acceptedAnswer\":{\"@type\":\"Answer\",\"text\":\"Os benef\u00edcios emocionais incluem o combate ao isolamento e frustra\u00e7\u00e3o, o aumento da autoestima e confian\u00e7a, e a melhoria do bem-estar emocional geral. Isso permite que as pessoas se sintam parte ativa da sociedade novamente.\"}},{\"@type\":\"Question\",\"name\":\"Como a reabilita\u00e7\u00e3o da linguagem ajuda na reintegra\u00e7\u00e3o social?\",\"acceptedAnswer\":{\"@type\":\"Answer\",\"text\":\"Ao trabalhar na recupera\u00e7\u00e3o das habilidades lingu\u00edsticas, a reabilita\u00e7\u00e3o permite que as pessoas retomem as suas atividades di\u00e1rias e se sintam parte ativa da sociedade. Investir na reabilita\u00e7\u00e3o da linguagem \u00e9 investir na reintegra\u00e7\u00e3o social e na melhoria da qualidade de vida.\"}}]}<\/script>[\/et_pb_code][\/et_pb_column][\/et_pb_row][\/et_pb_section]<\/p>\n","protected":false},"excerpt":{"rendered":"<div class=\"et_pb_row et_pb_row_0 et_pb_row_empty\">\n\t\t\t\t\n\t\t\t\t\n\t\t\t\t\n\t\t\t\t\n\t\t\t\t\n\t\t\t<\/div>\n","protected":false},"author":4,"featured_media":122651,"comment_status":"closed","ping_status":"closed","sticky":false,"template":"","format":"standard","meta":{"_et_pb_use_builder":"on","_et_pb_old_content":"","_et_gb_content_width":"","footnotes":""},"categories":[2984,3003],"tags":[],"class_list":["post-145077","post","type-post","status-publish","format-standard","has-post-thumbnail","hentry","category-tudo-sobre-o-avc","category-3003"],"yoast_head":"<!-- This site is optimized with the Yoast SEO plugin v27.4 - https:\/\/yoast.com\/product\/yoast-seo-wordpress\/ -->\n<title>As melhores estrat\u00e9gias para recuperar a linguagem ap\u00f3s u...<\/title>\n<meta name=\"robots\" content=\"index, follow, max-snippet:-1, max-image-preview:large, max-video-preview:-1\" \/>\n<link rel=\"canonical\" href=\"https:\/\/www.dynseo.com\/pt-pt\/as-melhores-estrategias-para-recuperar-a-linguagem-apos-um-avc\/\" \/>\n<meta property=\"og:locale\" content=\"pt_PT\" \/>\n<meta property=\"og:type\" content=\"article\" \/>\n<meta property=\"og:title\" content=\"As melhores estrat\u00e9gias para recuperar a linguagem ap\u00f3s u...\" \/>\n<meta property=\"og:url\" content=\"https:\/\/www.dynseo.com\/pt-pt\/as-melhores-estrategias-para-recuperar-a-linguagem-apos-um-avc\/\" \/>\n<meta property=\"og:site_name\" content=\"DYNSEO - Aplica\u00e7\u00f5es educativas e jogos de mem\u00f3ria\" \/>\n<meta property=\"article:published_time\" content=\"2025-06-03T10:45:24+00:00\" \/>\n<meta property=\"article:modified_time\" content=\"2025-12-26T14:53:19+00:00\" \/>\n<meta property=\"og:image\" content=\"https:\/\/www.dynseo.com\/wp-content\/uploads\/2024\/03\/avc-fernando-cerebrale.webp\" \/>\n\t<meta property=\"og:image:width\" content=\"1000\" \/>\n\t<meta property=\"og:image:height\" content=\"666\" \/>\n\t<meta property=\"og:image:type\" content=\"image\/webp\" \/>\n<meta name=\"author\" content=\"DYNSEO\" \/>\n<meta name=\"twitter:label1\" content=\"Escrito por\" \/>\n\t<meta name=\"twitter:data1\" content=\"DYNSEO\" \/>\n\t<meta name=\"twitter:label2\" content=\"Tempo estimado de leitura\" \/>\n\t<meta name=\"twitter:data2\" content=\"8 minutos\" \/>\n<script type=\"application\/ld+json\" class=\"yoast-schema-graph\">{\"@context\":\"https:\\\/\\\/schema.org\",\"@graph\":[{\"@type\":\"Article\",\"@id\":\"https:\\\/\\\/www.dynseo.com\\\/pt-pt\\\/as-melhores-estrategias-para-recuperar-a-linguagem-apos-um-avc\\\/#article\",\"isPartOf\":{\"@id\":\"https:\\\/\\\/www.dynseo.com\\\/pt-pt\\\/as-melhores-estrategias-para-recuperar-a-linguagem-apos-um-avc\\\/\"},\"author\":{\"name\":\"DYNSEO\",\"@id\":\"https:\\\/\\\/www.dynseo.com\\\/pt-pt\\\/#\\\/schema\\\/person\\\/78ef63df2ee64e0989bc68f8401b38d6\"},\"headline\":\"As melhores estrat\u00e9gias para recuperar a linguagem ap\u00f3s um AVC\",\"datePublished\":\"2025-06-03T10:45:24+00:00\",\"dateModified\":\"2025-12-26T14:53:19+00:00\",\"mainEntityOfPage\":{\"@id\":\"https:\\\/\\\/www.dynseo.com\\\/pt-pt\\\/as-melhores-estrategias-para-recuperar-a-linguagem-apos-um-avc\\\/\"},\"wordCount\":1531,\"publisher\":{\"@id\":\"https:\\\/\\\/www.dynseo.com\\\/pt-pt\\\/#organization\"},\"image\":{\"@id\":\"https:\\\/\\\/www.dynseo.com\\\/pt-pt\\\/as-melhores-estrategias-para-recuperar-a-linguagem-apos-um-avc\\\/#primaryimage\"},\"thumbnailUrl\":\"https:\\\/\\\/www.dynseo.com\\\/wp-content\\\/uploads\\\/2024\\\/03\\\/avc-fernando-cerebrale.webp\",\"articleSection\":[\"Tudo sobre o AVC\",\"\u5173\u4e8e\u4e2d\u98ce - Stroke\"],\"inLanguage\":\"pt-PT\"},{\"@type\":\"WebPage\",\"@id\":\"https:\\\/\\\/www.dynseo.com\\\/pt-pt\\\/as-melhores-estrategias-para-recuperar-a-linguagem-apos-um-avc\\\/\",\"url\":\"https:\\\/\\\/www.dynseo.com\\\/pt-pt\\\/as-melhores-estrategias-para-recuperar-a-linguagem-apos-um-avc\\\/\",\"name\":\"As melhores estrat\u00e9gias para recuperar a linguagem ap\u00f3s u...\",\"isPartOf\":{\"@id\":\"https:\\\/\\\/www.dynseo.com\\\/pt-pt\\\/#website\"},\"primaryImageOfPage\":{\"@id\":\"https:\\\/\\\/www.dynseo.com\\\/pt-pt\\\/as-melhores-estrategias-para-recuperar-a-linguagem-apos-um-avc\\\/#primaryimage\"},\"image\":{\"@id\":\"https:\\\/\\\/www.dynseo.com\\\/pt-pt\\\/as-melhores-estrategias-para-recuperar-a-linguagem-apos-um-avc\\\/#primaryimage\"},\"thumbnailUrl\":\"https:\\\/\\\/www.dynseo.com\\\/wp-content\\\/uploads\\\/2024\\\/03\\\/avc-fernando-cerebrale.webp\",\"datePublished\":\"2025-06-03T10:45:24+00:00\",\"dateModified\":\"2025-12-26T14:53:19+00:00\",\"breadcrumb\":{\"@id\":\"https:\\\/\\\/www.dynseo.com\\\/pt-pt\\\/as-melhores-estrategias-para-recuperar-a-linguagem-apos-um-avc\\\/#breadcrumb\"},\"inLanguage\":\"pt-PT\",\"potentialAction\":[{\"@type\":\"ReadAction\",\"target\":[\"https:\\\/\\\/www.dynseo.com\\\/pt-pt\\\/as-melhores-estrategias-para-recuperar-a-linguagem-apos-um-avc\\\/\"]}]},{\"@type\":\"ImageObject\",\"inLanguage\":\"pt-PT\",\"@id\":\"https:\\\/\\\/www.dynseo.com\\\/pt-pt\\\/as-melhores-estrategias-para-recuperar-a-linguagem-apos-um-avc\\\/#primaryimage\",\"url\":\"https:\\\/\\\/www.dynseo.com\\\/wp-content\\\/uploads\\\/2024\\\/03\\\/avc-fernando-cerebrale.webp\",\"contentUrl\":\"https:\\\/\\\/www.dynseo.com\\\/wp-content\\\/uploads\\\/2024\\\/03\\\/avc-fernando-cerebrale.webp\",\"width\":1000,\"height\":666,\"caption\":\"Aplicativos que estimulam a cogni\u00e7\u00e3o de forma divertida e eficaz\"},{\"@type\":\"BreadcrumbList\",\"@id\":\"https:\\\/\\\/www.dynseo.com\\\/pt-pt\\\/as-melhores-estrategias-para-recuperar-a-linguagem-apos-um-avc\\\/#breadcrumb\",\"itemListElement\":[{\"@type\":\"ListItem\",\"position\":1,\"name\":\"Accueil\",\"item\":\"https:\\\/\\\/www.dynseo.com\\\/pt-pt\\\/\"},{\"@type\":\"ListItem\",\"position\":2,\"name\":\"As melhores estrat\u00e9gias para recuperar a linguagem ap\u00f3s um AVC\"}]},{\"@type\":\"WebSite\",\"@id\":\"https:\\\/\\\/www.dynseo.com\\\/pt-pt\\\/#website\",\"url\":\"https:\\\/\\\/www.dynseo.com\\\/pt-pt\\\/\",\"name\":\"Jeux de m\u00e9moire et stimulation cognitive\",\"description\":\"Entra\u00eenez votre m\u00e9moire et votre cerveau avec DYNSEO\",\"publisher\":{\"@id\":\"https:\\\/\\\/www.dynseo.com\\\/pt-pt\\\/#organization\"},\"potentialAction\":[{\"@type\":\"SearchAction\",\"target\":{\"@type\":\"EntryPoint\",\"urlTemplate\":\"https:\\\/\\\/www.dynseo.com\\\/pt-pt\\\/?s={search_term_string}\"},\"query-input\":{\"@type\":\"PropertyValueSpecification\",\"valueRequired\":true,\"valueName\":\"search_term_string\"}}],\"inLanguage\":\"pt-PT\"},{\"@type\":\"Organization\",\"@id\":\"https:\\\/\\\/www.dynseo.com\\\/pt-pt\\\/#organization\",\"name\":\"DYNSEO\",\"url\":\"https:\\\/\\\/www.dynseo.com\\\/pt-pt\\\/\",\"logo\":{\"@type\":\"ImageObject\",\"inLanguage\":\"pt-PT\",\"@id\":\"https:\\\/\\\/www.dynseo.com\\\/pt-pt\\\/#\\\/schema\\\/logo\\\/image\\\/\",\"url\":\"https:\\\/\\\/www.dynseo.com\\\/wp-content\\\/uploads\\\/2022\\\/05\\\/logo-dynseo-new.png\",\"contentUrl\":\"https:\\\/\\\/www.dynseo.com\\\/wp-content\\\/uploads\\\/2022\\\/05\\\/logo-dynseo-new.png\",\"width\":5073,\"height\":1397,\"caption\":\"DYNSEO\"},\"image\":{\"@id\":\"https:\\\/\\\/www.dynseo.com\\\/pt-pt\\\/#\\\/schema\\\/logo\\\/image\\\/\"}},{\"@type\":\"Person\",\"@id\":\"https:\\\/\\\/www.dynseo.com\\\/pt-pt\\\/#\\\/schema\\\/person\\\/78ef63df2ee64e0989bc68f8401b38d6\",\"name\":\"DYNSEO\",\"url\":\"https:\\\/\\\/www.dynseo.com\\\/pt-pt\\\/author\\\/justine\\\/\"}]}<\/script>\n<!-- \/ Yoast SEO plugin. -->","yoast_head_json":{"title":"As melhores estrat\u00e9gias para recuperar a linguagem ap\u00f3s u...","robots":{"index":"index","follow":"follow","max-snippet":"max-snippet:-1","max-image-preview":"max-image-preview:large","max-video-preview":"max-video-preview:-1"},"canonical":"https:\/\/www.dynseo.com\/pt-pt\/as-melhores-estrategias-para-recuperar-a-linguagem-apos-um-avc\/","og_locale":"pt_PT","og_type":"article","og_title":"As melhores estrat\u00e9gias para recuperar a linguagem ap\u00f3s u...","og_url":"https:\/\/www.dynseo.com\/pt-pt\/as-melhores-estrategias-para-recuperar-a-linguagem-apos-um-avc\/","og_site_name":"DYNSEO - Aplica\u00e7\u00f5es educativas e jogos de mem\u00f3ria","article_published_time":"2025-06-03T10:45:24+00:00","article_modified_time":"2025-12-26T14:53:19+00:00","og_image":[{"width":1000,"height":666,"url":"https:\/\/www.dynseo.com\/wp-content\/uploads\/2024\/03\/avc-fernando-cerebrale.webp","type":"image\/webp"}],"author":"DYNSEO","twitter_misc":{"Escrito por":"DYNSEO","Tempo estimado de leitura":"8 minutos"},"schema":{"@context":"https:\/\/schema.org","@graph":[{"@type":"Article","@id":"https:\/\/www.dynseo.com\/pt-pt\/as-melhores-estrategias-para-recuperar-a-linguagem-apos-um-avc\/#article","isPartOf":{"@id":"https:\/\/www.dynseo.com\/pt-pt\/as-melhores-estrategias-para-recuperar-a-linguagem-apos-um-avc\/"},"author":{"name":"DYNSEO","@id":"https:\/\/www.dynseo.com\/pt-pt\/#\/schema\/person\/78ef63df2ee64e0989bc68f8401b38d6"},"headline":"As melhores estrat\u00e9gias para recuperar a linguagem ap\u00f3s um AVC","datePublished":"2025-06-03T10:45:24+00:00","dateModified":"2025-12-26T14:53:19+00:00","mainEntityOfPage":{"@id":"https:\/\/www.dynseo.com\/pt-pt\/as-melhores-estrategias-para-recuperar-a-linguagem-apos-um-avc\/"},"wordCount":1531,"publisher":{"@id":"https:\/\/www.dynseo.com\/pt-pt\/#organization"},"image":{"@id":"https:\/\/www.dynseo.com\/pt-pt\/as-melhores-estrategias-para-recuperar-a-linguagem-apos-um-avc\/#primaryimage"},"thumbnailUrl":"https:\/\/www.dynseo.com\/wp-content\/uploads\/2024\/03\/avc-fernando-cerebrale.webp","articleSection":["Tudo sobre o AVC","\u5173\u4e8e\u4e2d\u98ce - Stroke"],"inLanguage":"pt-PT"},{"@type":"WebPage","@id":"https:\/\/www.dynseo.com\/pt-pt\/as-melhores-estrategias-para-recuperar-a-linguagem-apos-um-avc\/","url":"https:\/\/www.dynseo.com\/pt-pt\/as-melhores-estrategias-para-recuperar-a-linguagem-apos-um-avc\/","name":"As melhores estrat\u00e9gias para recuperar a linguagem ap\u00f3s u...","isPartOf":{"@id":"https:\/\/www.dynseo.com\/pt-pt\/#website"},"primaryImageOfPage":{"@id":"https:\/\/www.dynseo.com\/pt-pt\/as-melhores-estrategias-para-recuperar-a-linguagem-apos-um-avc\/#primaryimage"},"image":{"@id":"https:\/\/www.dynseo.com\/pt-pt\/as-melhores-estrategias-para-recuperar-a-linguagem-apos-um-avc\/#primaryimage"},"thumbnailUrl":"https:\/\/www.dynseo.com\/wp-content\/uploads\/2024\/03\/avc-fernando-cerebrale.webp","datePublished":"2025-06-03T10:45:24+00:00","dateModified":"2025-12-26T14:53:19+00:00","breadcrumb":{"@id":"https:\/\/www.dynseo.com\/pt-pt\/as-melhores-estrategias-para-recuperar-a-linguagem-apos-um-avc\/#breadcrumb"},"inLanguage":"pt-PT","potentialAction":[{"@type":"ReadAction","target":["https:\/\/www.dynseo.com\/pt-pt\/as-melhores-estrategias-para-recuperar-a-linguagem-apos-um-avc\/"]}]},{"@type":"ImageObject","inLanguage":"pt-PT","@id":"https:\/\/www.dynseo.com\/pt-pt\/as-melhores-estrategias-para-recuperar-a-linguagem-apos-um-avc\/#primaryimage","url":"https:\/\/www.dynseo.com\/wp-content\/uploads\/2024\/03\/avc-fernando-cerebrale.webp","contentUrl":"https:\/\/www.dynseo.com\/wp-content\/uploads\/2024\/03\/avc-fernando-cerebrale.webp","width":1000,"height":666,"caption":"Aplicativos que estimulam a cogni\u00e7\u00e3o de forma divertida e eficaz"},{"@type":"BreadcrumbList","@id":"https:\/\/www.dynseo.com\/pt-pt\/as-melhores-estrategias-para-recuperar-a-linguagem-apos-um-avc\/#breadcrumb","itemListElement":[{"@type":"ListItem","position":1,"name":"Accueil","item":"https:\/\/www.dynseo.com\/pt-pt\/"},{"@type":"ListItem","position":2,"name":"As melhores estrat\u00e9gias para recuperar a linguagem ap\u00f3s um AVC"}]},{"@type":"WebSite","@id":"https:\/\/www.dynseo.com\/pt-pt\/#website","url":"https:\/\/www.dynseo.com\/pt-pt\/","name":"Jeux de m\u00e9moire et stimulation cognitive","description":"Entra\u00eenez votre m\u00e9moire et votre cerveau avec DYNSEO","publisher":{"@id":"https:\/\/www.dynseo.com\/pt-pt\/#organization"},"potentialAction":[{"@type":"SearchAction","target":{"@type":"EntryPoint","urlTemplate":"https:\/\/www.dynseo.com\/pt-pt\/?s={search_term_string}"},"query-input":{"@type":"PropertyValueSpecification","valueRequired":true,"valueName":"search_term_string"}}],"inLanguage":"pt-PT"},{"@type":"Organization","@id":"https:\/\/www.dynseo.com\/pt-pt\/#organization","name":"DYNSEO","url":"https:\/\/www.dynseo.com\/pt-pt\/","logo":{"@type":"ImageObject","inLanguage":"pt-PT","@id":"https:\/\/www.dynseo.com\/pt-pt\/#\/schema\/logo\/image\/","url":"https:\/\/www.dynseo.com\/wp-content\/uploads\/2022\/05\/logo-dynseo-new.png","contentUrl":"https:\/\/www.dynseo.com\/wp-content\/uploads\/2022\/05\/logo-dynseo-new.png","width":5073,"height":1397,"caption":"DYNSEO"},"image":{"@id":"https:\/\/www.dynseo.com\/pt-pt\/#\/schema\/logo\/image\/"}},{"@type":"Person","@id":"https:\/\/www.dynseo.com\/pt-pt\/#\/schema\/person\/78ef63df2ee64e0989bc68f8401b38d6","name":"DYNSEO","url":"https:\/\/www.dynseo.com\/pt-pt\/author\/justine\/"}]}},"_links":{"self":[{"href":"https:\/\/www.dynseo.com\/pt-pt\/wp-json\/wp\/v2\/posts\/145077","targetHints":{"allow":["GET"]}}],"collection":[{"href":"https:\/\/www.dynseo.com\/pt-pt\/wp-json\/wp\/v2\/posts"}],"about":[{"href":"https:\/\/www.dynseo.com\/pt-pt\/wp-json\/wp\/v2\/types\/post"}],"author":[{"embeddable":true,"href":"https:\/\/www.dynseo.com\/pt-pt\/wp-json\/wp\/v2\/users\/4"}],"replies":[{"embeddable":true,"href":"https:\/\/www.dynseo.com\/pt-pt\/wp-json\/wp\/v2\/comments?post=145077"}],"version-history":[{"count":6,"href":"https:\/\/www.dynseo.com\/pt-pt\/wp-json\/wp\/v2\/posts\/145077\/revisions"}],"predecessor-version":[{"id":457108,"href":"https:\/\/www.dynseo.com\/pt-pt\/wp-json\/wp\/v2\/posts\/145077\/revisions\/457108"}],"wp:featuredmedia":[{"embeddable":true,"href":"https:\/\/www.dynseo.com\/pt-pt\/wp-json\/wp\/v2\/media\/122651"}],"wp:attachment":[{"href":"https:\/\/www.dynseo.com\/pt-pt\/wp-json\/wp\/v2\/media?parent=145077"}],"wp:term":[{"taxonomy":"category","embeddable":true,"href":"https:\/\/www.dynseo.com\/pt-pt\/wp-json\/wp\/v2\/categories?post=145077"},{"taxonomy":"post_tag","embeddable":true,"href":"https:\/\/www.dynseo.com\/pt-pt\/wp-json\/wp\/v2\/tags?post=145077"}],"curies":[{"name":"wp","href":"https:\/\/api.w.org\/{rel}","templated":true}]}}