{"id":145083,"date":"2025-06-03T12:45:43","date_gmt":"2025-06-03T10:45:43","guid":{"rendered":"https:\/\/www.dynseo.com\/?p=145083"},"modified":"2025-12-26T15:53:34","modified_gmt":"2025-12-26T14:53:34","slug":"por-que-recuperar-a-memoria-e-essencial-para-a-qualidade-de-vida-apos-um-avc","status":"publish","type":"post","link":"https:\/\/www.dynseo.com\/pt-pt\/por-que-recuperar-a-memoria-e-essencial-para-a-qualidade-de-vida-apos-um-avc\/","title":{"rendered":"Por que recuperar a mem\u00f3ria \u00e9 essencial para a qualidade de vida ap\u00f3s um AVC"},"content":{"rendered":"<p>[et_pb_section fb_built=&#8221;1&#8243; admin_label=&#8221;Article HTML&#8221; _builder_version=&#8221;4.16&#8243;][et_pb_row admin_label=&#8221;Contenu&#8221; _builder_version=&#8221;4.16&#8243;][et_pb_column type=&#8221;4_4&#8243; _builder_version=&#8221;4.16&#8243;][et_pb_code admin_label=&#8221;HTML import\u00e9&#8221; _builder_version=&#8221;4.16&#8243;]<link href=\"https:\/\/fonts.googleapis.com\/css2?family=Montserrat:wght@400;500;600;700;800&#038;display=swap\" rel=\"stylesheet\">\n<style>\n.dynseo-article{font-family:'Montserrat',-apple-system,BlinkMacSystemFont,'Segoe UI',Roboto,sans-serif;line-height:1.8;color:#2c3e50;max-width:100%}\n.dynseo-article h2{font-family:'Montserrat',sans-serif;font-size:1.8rem;color:#1a1a2e;margin:50px 0 25px;padding-bottom:12px;border-bottom:3px solid #a9e2e4;font-weight:700;transition:all .3s ease}\n.dynseo-article h2:hover{padding-left:10px;border-bottom-color:#e73469}\n.dynseo-article h3{font-family:'Montserrat',sans-serif;font-size:1.3rem;color:#5e5ed7;margin:35px 0 18px;font-weight:600;transition:all .3s ease}\n.dynseo-article h3:hover{color:#e73469}\n.dynseo-article p{margin-bottom:18px;font-size:1.05rem;text-align:justify}\n.dynseo-article img{max-width:100%;height:auto;border-radius:16px;margin:25px 0;box-shadow:0 8px 30px rgba(0,0,0,0.1);transition:all .4s ease}\n.dynseo-article img:hover{transform:scale(1.02);box-shadow:0 15px 50px rgba(0,0,0,0.15)}\n.dynseo-intro{font-size:1.15rem;color:#64748b;border-left:4px solid #a9e2e4;padding-left:25px;margin:35px 0;font-style:italic;background:linear-gradient(90deg,rgba(169,226,228,0.1),transparent);padding:20px 25px;border-radius:0 12px 12px 0;transition:all .3s ease}\n.dynseo-intro:hover{border-left-width:6px;background:linear-gradient(90deg,rgba(169,226,228,0.15),transparent)}\n.dynseo-toc{background:linear-gradient(135deg,#f8fafc 0%,#fff 100%);border-radius:20px;padding:35px;margin:40px 0;border:2px solid #e5e7eb;box-shadow:0 4px 20px rgba(0,0,0,0.05);transition:all .3s ease}\n.dynseo-toc:hover{box-shadow:0 8px 35px rgba(0,0,0,0.08);transform:translateY(-2px)}\n.dynseo-toc .toc-title{font-family:'Montserrat',sans-serif;font-size:1.4rem;margin-bottom:25px;color:#1a1a2e;font-weight:700}\n.dynseo-toc ol{list-style:none;padding:0;margin:0;display:grid;grid-template-columns:repeat(2,1fr);gap:12px}\n.dynseo-toc li{background:#fff;border-radius:12px;padding:14px 18px;border:2px solid #f1f5f9;transition:all .3s ease;border-left:4px solid #ffeca7}\n.dynseo-toc li:hover{background:linear-gradient(135deg,#f8fafc,#fff);transform:translateX(8px);box-shadow:0 6px 20px rgba(0,0,0,0.1);border-left-width:6px}\n.dynseo-toc a{color:#1a1a2e;text-decoration:none;font-size:.95rem;font-weight:500;transition:color .3s}\n.dynseo-toc a:hover{color:#5e5ed7}\n.dynseo-article .styled-list,.dynseo-article ul{margin:20px 0 30px;padding:0;list-style:none}\n.dynseo-article .styled-list li,.dynseo-article ul li{position:relative;padding-left:28px;margin-bottom:14px;line-height:1.7;transition:all .3s ease}\n.dynseo-article .styled-list li:hover,.dynseo-article ul li:hover{padding-left:32px}\n.dynseo-article .styled-list li::before,.dynseo-article ul li::before{content:\"\";position:absolute;left:0;top:8px;width:10px;height:10px;background:#e73469;border-radius:50%;box-shadow:0 2px 8px rgba(231,52,105,0.3);transition:all .3s ease}\n.dynseo-article .styled-list li:hover::before,.dynseo-article ul li:hover::before{transform:scale(1.3);box-shadow:0 4px 12px rgba(231,52,105,0.4)}\n.dynseo-article blockquote{background:linear-gradient(135deg,#fff9f0 0%,#fff5eb 100%);border-left:4px solid #ffeca7;border-radius:0 16px 16px 0;padding:28px 32px;margin:35px 0;position:relative;box-shadow:0 4px 20px rgba(255,236,167,0.3);transition:all .3s ease}\n.dynseo-article blockquote:hover{transform:translateX(5px);box-shadow:0 8px 30px rgba(255,236,167,0.4);border-left-width:6px}\n.dynseo-article blockquote::before{content:\"\u275d\";font-size:3rem;color:#ffeca7;opacity:.4;position:absolute;top:10px;left:15px}\n.dynseo-article blockquote p{font-style:italic;margin-bottom:12px;padding-left:30px}\n.dynseo-article blockquote cite{display:block;font-style:normal;font-weight:600;color:#1a1a2e;padding-left:30px}\n.section-divider{text-align:center;margin:60px 0;font-size:1.8rem;letter-spacing:18px;background:linear-gradient(135deg,#ffeca7,#e73469,#a9e2e4);-webkit-background-clip:text;-webkit-text-fill-color:transparent;background-clip:text}\n.dynseo-tip-box{background:linear-gradient(135deg,#ecfdf5 0%,#d1fae5 100%);border:2px solid #a9e2e4;border-radius:16px;padding:25px 30px;margin:35px 0;position:relative;box-shadow:0 4px 20px rgba(169,226,228,0.3);transition:all .3s ease}\n.dynseo-tip-box:hover{transform:translateY(-3px);box-shadow:0 8px 30px rgba(169,226,228,0.4)}\n.dynseo-tip-box-title{font-family:'Montserrat',sans-serif;font-size:1.15rem;font-weight:700;color:#1a1a2e;margin-bottom:12px;display:flex;align-items:center;gap:10px}\n.dynseo-tip-box-title::before{content:\"\ud83d\udca1\";font-size:1.3rem}\n.dynseo-tip-box p{margin:0;color:#2c3e50}\n.dynseo-feature-grid{display:grid;grid-template-columns:repeat(3,1fr);gap:20px;margin:35px 0}\n.dynseo-feature-card{background:#fff;border-radius:20px;padding:30px 25px;text-align:center;border:2px solid #f1f5f9;transition:all .4s ease;position:relative;overflow:hidden}\n.dynseo-feature-card::before{content:\"\";position:absolute;top:0;left:0;right:0;height:4px;background:linear-gradient(90deg,#ffeca7,#e73469);transform:scaleX(0);transition:transform .3s ease}\n.dynseo-feature-card:hover::before{transform:scaleX(1)}\n.dynseo-feature-card:nth-child(3n+1){border-color:rgba(255,236,167,0.5)}\n.dynseo-feature-card:nth-child(3n+2){border-color:rgba(231,52,105,0.3)}\n.dynseo-feature-card:nth-child(3n+3){border-color:rgba(169,226,228,0.5)}\n.dynseo-feature-card:hover{transform:translateY(-8px);box-shadow:0 20px 50px rgba(0,0,0,0.12)}\n.dynseo-feature-card h4{font-family:'Montserrat',sans-serif;color:#1a1a2e;margin-bottom:10px;font-size:1.1rem;font-weight:600}\n.dynseo-feature-card p{font-size:.95rem;color:#64748b;margin:0}\n.dynseo-highlight-box{background:linear-gradient(135deg,#fef3c7 0%,#fde68a 100%);border:2px solid #ffeca7;border-radius:16px;padding:25px 30px;margin:30px 0;transition:all .3s ease}\n.dynseo-highlight-box:hover{transform:translateY(-3px);box-shadow:0 8px 30px rgba(255,236,167,0.4)}\n.dynseo-highlight-box h4{font-family:'Montserrat',sans-serif;color:#1a1a2e;margin:0 0 12px 0;font-size:1.1rem}\n.dynseo-highlight-box p{margin:0;color:#2c3e50}\n@media(max-width:768px){.dynseo-article h2{font-size:1.5rem}.dynseo-toc ol{grid-template-columns:1fr}.dynseo-feature-grid{grid-template-columns:1fr}}\n<\/style>\n<div class=\"dynseo-article\">\n<div class=\"dynseo-intro\">O Acidente Vascular Cerebral (AVC) \u00e9 uma condi\u00e7\u00e3o que pode ter consequ\u00eancias devastadoras para a sa\u00fade e o bem-estar de uma pessoa. Um dos efeitos mais significativos do AVC \u00e9 o impacto que ele pode ter na mem\u00f3ria. Quando um AVC ocorre, as \u00e1reas do c\u00e9rebro respons\u00e1veis pela mem\u00f3ria podem ser afetadas, resultando em dificuldades para recordar informa\u00e7\u00f5es, aprender novas habilidades ou at\u00e9 mesmo reconhecer pessoas e lugares familiares.<\/p>\n<p>Este comprometimento da mem\u00f3ria pode variar em intensidade, desde lapsos tempor\u00e1rios at\u00e9 perdas de mem\u00f3ria mais permanentes, dependendo da gravidade do AVC e da \u00e1rea do c\u00e9rebro que foi danificada. Al\u00e9m disso, o impacto do AVC na mem\u00f3ria n\u00e3o afeta apenas a capacidade cognitiva do indiv\u00edduo, mas tamb\u00e9m pode ter repercuss\u00f5es emocionais e sociais. A frustra\u00e7\u00e3o e a confus\u00e3o que muitas vezes acompanham a perda de mem\u00f3ria podem levar a sentimentos de isolamento e depress\u00e3o.<\/p>\n<p>\u00c9 comum que aqueles que sofreram um AVC se sintam desmotivados ou incapazes de participar de atividades que antes eram prazerosas, o que pode agravar ainda mais a sua condi\u00e7\u00e3o emocional. Portanto, compreender o impacto do AVC na mem\u00f3ria \u00e9 crucial para desenvolver estrat\u00e9gias eficazes de reabilita\u00e7\u00e3o e apoio.<\/p><\/div>\n<nav class=\"dynseo-toc\">\n<div class=\"toc-title\">\ud83d\udccb Sommaire<\/div>\n<ol>\n<li style=\"border-left:4px solid #ffeca7\"><a href=\"#section-1\">A import\u00e2ncia da reabilita\u00e7\u00e3o da mem\u00f3ria ap\u00f3s um AVC<\/a><\/li>\n<li style=\"border-left:4px solid #e73469\"><a href=\"#section-2\">Estrat\u00e9gias para recuperar a mem\u00f3ria ap\u00f3s um AVC<\/a><\/li>\n<li style=\"border-left:4px solid #a9e2e4\"><a href=\"#section-3\">O papel da fam\u00edlia e dos cuidadores na recupera\u00e7\u00e3o da mem\u00f3ria p\u00f3s-AVC<\/a><\/li>\n<li style=\"border-left:4px solid #5e5ed7\"><a href=\"#section-4\">Como a mem\u00f3ria afeta a qualidade de vida ap\u00f3s um AVC<\/a><\/li>\n<li style=\"border-left:4px solid #5268c9\"><a href=\"#section-5\">A import\u00e2ncia da terapia ocupacional na recupera\u00e7\u00e3o da mem\u00f3ria p\u00f3s-AVC<\/a><\/li>\n<li style=\"border-left:4px solid #ffeca7\"><a href=\"#section-6\">Como a mem\u00f3ria influencia a independ\u00eancia e autonomia ap\u00f3s um AVC<\/a><\/li>\n<li style=\"border-left:4px solid #e73469\"><a href=\"#section-7\">Recursos e suporte dispon\u00edveis para ajudar na recupera\u00e7\u00e3o da mem\u00f3ria p\u00f3s-AVC<\/a><\/li>\n<\/ol>\n<\/nav>\n<section class=\"dynseo-section\">\n<h2 id=\"section-1\">A import\u00e2ncia da reabilita\u00e7\u00e3o da mem\u00f3ria ap\u00f3s um AVC<\/h2>\n<p>A reabilita\u00e7\u00e3o da mem\u00f3ria ap\u00f3s um AVC \u00e9 um componente essencial do processo de recupera\u00e7\u00e3o. Atrav\u00e9s de interven\u00e7\u00f5es espec\u00edficas, \u00e9 poss\u00edvel ajudar os pacientes a recuperar algumas das suas capacidades cognitivas e a melhorar a sua qualidade de vida. A reabilita\u00e7\u00e3o n\u00e3o se limita apenas \u00e0 recupera\u00e7\u00e3o da mem\u00f3ria, mas tamb\u00e9m envolve o fortalecimento de outras fun\u00e7\u00f5es cognitivas, como a aten\u00e7\u00e3o e a linguagem.<\/p>\n<p>Este processo pode ser complexo e requer um plano individualizado que leve em considera\u00e7\u00e3o as necessidades e capacidades espec\u00edficas de cada paciente. Al\u00e9m disso, a reabilita\u00e7\u00e3o da mem\u00f3ria pode ter um impacto positivo na autoestima e na motiva\u00e7\u00e3o do paciente. Quando conseguimos recuperar algumas das nossas <a href=\"https:\/\/www.dynseo.com\/pt-pt\/como-pausas-regulares-de-movimento-melhoram-as-habilidades-cognitivas-das-criancas\/\" title=\"Como pausas regulares de movimento melhoram as habilidades cognitivas das crian\u00e7as\">habilidades cognitivas<\/a>, isso pode proporcionar um sentido de realiza\u00e7\u00e3o e encorajar o indiv\u00edduo a continuar a trabalhar na sua recupera\u00e7\u00e3o.<b><\/p>\n<p>A reabilita\u00e7\u00e3o n\u00e3o \u00e9 apenas uma quest\u00e3o de recuperar fun\u00e7\u00f5es perdidas; \u00e9 tamb\u00e9m uma oportunidade para redescobrir a identidade e a autonomia que podem ter sido comprometidas pelo AVC.<\/b><\/section>\n<section class=\"dynseo-section\">\n<h2 id=\"section-2\">Estrat\u00e9gias para recuperar a mem\u00f3ria ap\u00f3s um AVC<\/h2>\n<p><img decoding=\"async\" id=\"3\" style=\"max-width: 100%;margin-left: auto;margin-right: auto;width: 70%\" src=\"https:\/\/www.dynseo.com\/pt-pt\/wp-content\/uploads\/2025\/01\/abcdhe-206.jpg\" \/><\/p>\n<p>Existem v\u00e1rias estrat\u00e9gias que podem ser implementadas para ajudar na recupera\u00e7\u00e3o da mem\u00f3ria ap\u00f3s um AVUma abordagem comum \u00e9 o uso de exerc\u00edcios cognitivos, que podem incluir jogos de mem\u00f3ria, quebra-cabe\u00e7as e atividades que estimulem o racioc\u00ednio l\u00f3gico. Estas atividades n\u00e3o s\u00f3 ajudam a exercitar o c\u00e9rebro, mas tamb\u00e9m podem ser uma <a href=\"https:\/\/www.dynseo.com\/pt-pt\/desafie-seu-cerebro-com-jogos-puzzle-uma-forma-divertida-de-exercitar-a-mente\/\" title=\"Desafie seu c\u00e9rebro com jogos puzzle: uma forma divertida de exercitar a mente\">forma divertida<\/a> de envolver o paciente no processo de recupera\u00e7\u00e3o. Al\u00e9m disso, a pr\u00e1tica regular dessas atividades pode contribuir para a forma\u00e7\u00e3o de novas conex\u00f5es neurais, facilitando assim a recupera\u00e7\u00e3o da mem\u00f3ria.<\/p>\n<p>Outra estrat\u00e9gia importante \u00e9 a utiliza\u00e7\u00e3o de t\u00e9cnicas de organiza\u00e7\u00e3o e repeti\u00e7\u00e3o. Por exemplo, manter um di\u00e1rio ou uma agenda pode ajudar os pacientes a registrar informa\u00e7\u00f5es importantes e a lembrar-se delas mais facilmente. A repeti\u00e7\u00e3o de informa\u00e7\u00f5es tamb\u00e9m \u00e9 uma t\u00e9cnica eficaz; ao revisar frequentemente o que foi aprendido ou recordado, podemos refor\u00e7ar as mem\u00f3rias e aumentar a probabilidade de reten\u00e7\u00e3o.<\/p>\n<p>Estas estrat\u00e9gias podem ser adaptadas \u00e0s necessidades individuais de cada paciente, tornando-se ferramentas valiosas no processo de reabilita\u00e7\u00e3o.<\/section>\n<div class=\"section-divider\">\u25c6 \u25c6 \u25c6<\/div>\n<section class=\"dynseo-section\">\n<h2 id=\"section-3\">O papel da fam\u00edlia e dos cuidadores na recupera\u00e7\u00e3o da mem\u00f3ria p\u00f3s-AVC<\/h2>\n<p>A fam\u00edlia e os cuidadores desempenham um papel fundamental na recupera\u00e7\u00e3o da mem\u00f3ria ap\u00f3s um AVO apoio emocional e pr\u00e1tico que eles oferecem pode ser decisivo para o sucesso da reabilita\u00e7\u00e3o. Ter algu\u00e9m ao nosso lado que compreenda as dificuldades enfrentadas e que esteja disposto a ajudar pode fazer toda a diferen\u00e7a na motiva\u00e7\u00e3o do paciente. Al\u00e9m disso, os cuidadores podem ajudar a implementar as estrat\u00e9gias de recupera\u00e7\u00e3o, como exerc\u00edcios cognitivos e t\u00e9cnicas de organiza\u00e7\u00e3o, tornando-se parceiros ativos no processo.<\/p>\n<p>\u00c9 importante que os familiares tamb\u00e9m se informem sobre as consequ\u00eancias do AVC e as melhores pr\u00e1ticas para apoiar o paciente. Compreender as limita\u00e7\u00f5es e os desafios enfrentados pode ajudar a criar um ambiente mais acolhedor e encorajador. A comunica\u00e7\u00e3o aberta entre o paciente e os seus entes queridos \u00e9 essencial; expressar sentimentos, preocupa\u00e7\u00f5es e progressos pode fortalecer os la\u00e7os familiares e facilitar o processo de recupera\u00e7\u00e3o.<\/section>\n<section class=\"dynseo-section\">\n<h2 id=\"section-4\">Como a mem\u00f3ria afeta a qualidade de vida ap\u00f3s um AVC<\/h2>\n<p>A mem\u00f3ria tem um impacto direto na qualidade de vida ap\u00f3s um AVQuando as capacidades cognitivas s\u00e3o comprometidas, isso pode afetar n\u00e3o apenas as atividades di\u00e1rias, mas tamb\u00e9m as rela\u00e7\u00f5es sociais e emocionais do indiv\u00edduo. A dificuldade em recordar informa\u00e7\u00f5es importantes ou em participar de conversas pode levar ao isolamento social, \u00e0 frustra\u00e7\u00e3o e \u00e0 diminui\u00e7\u00e3o da autoestima. Por outro lado, quando conseguimos recuperar algumas das nossas habilidades de mem\u00f3ria, isso pode resultar em uma maior independ\u00eancia e satisfa\u00e7\u00e3o pessoal.<\/p>\n<p>Al\u00e9m disso, a qualidade de vida est\u00e1 intimamente ligada \u00e0 capacidade de realizar atividades significativas. A perda de mem\u00f3ria pode dificultar a participa\u00e7\u00e3o em hobbies ou em intera\u00e7\u00f5es sociais que antes eram prazerosas. Portanto, trabalhar na recupera\u00e7\u00e3o da mem\u00f3ria n\u00e3o \u00e9 apenas uma quest\u00e3o cognitiva; \u00e9 tamb\u00e9m uma forma de restaurar o sentido de prop\u00f3sito e conex\u00e3o com os outros.<\/p>\n<p>A reabilita\u00e7\u00e3o da mem\u00f3ria pode abrir portas para novas experi\u00eancias e oportunidades, contribuindo assim para uma vida mais plena e satisfat\u00f3ria.<\/section>\n<div class=\"section-divider\">\u25c6 \u25c6 \u25c6<\/div>\n<section class=\"dynseo-section\">\n<h2 id=\"section-5\">A import\u00e2ncia da terapia ocupacional na recupera\u00e7\u00e3o da mem\u00f3ria p\u00f3s-AVC<\/h2>\n<p><img decoding=\"async\" id=\"2\" style=\"max-width: 100%;margin-left: auto;margin-right: auto;width: 70%\" src=\"https:\/\/www.dynseo.com\/pt-pt\/wp-content\/uploads\/2025\/01\/image-413.jpg\" \/><\/p>\n<p>A <a href=\"https:\/\/www.dynseo.com\/pt-pt\/jogos-de-memoria-como-ferramenta-de-terapia-ocupacional\/\" title=\"Jogos de mem\u00f3ria como ferramenta de terapia ocupacional\">terapia ocupacional<\/a> desempenha um papel crucial na recupera\u00e7\u00e3o da mem\u00f3ria ap\u00f3s um AVOs terapeutas ocupacionais s\u00e3o profissionais treinados para ajudar os pacientes a desenvolverem habilidades necess\u00e1rias para realizar atividades di\u00e1rias, incluindo aquelas que envolvem o uso da mem\u00f3ria. Eles podem criar programas personalizados que abordem as necessidades espec\u00edficas do paciente, utilizando t\u00e9cnicas que estimulam tanto a cogni\u00e7\u00e3o quanto a funcionalidade. Al\u00e9m disso, a terapia ocupacional n\u00e3o se limita apenas \u00e0 recupera\u00e7\u00e3o f\u00edsica; ela tamb\u00e9m aborda aspectos emocionais e sociais da reabilita\u00e7\u00e3o.<\/p>\n<p>Os terapeutas podem ajudar os pacientes a estabelecerem metas realistas e alcan\u00e7\u00e1veis, promovendo assim um senso de realiza\u00e7\u00e3o e motiva\u00e7\u00e3o. Ao integrar atividades significativas no processo terap\u00eautico, os pacientes podem encontrar novas formas de se envolver com o mundo ao seu redor, melhorando assim n\u00e3o apenas a sua mem\u00f3ria, mas tamb\u00e9m a sua qualidade de vida.<b><\/p>\n<p><\/b><\/section>\n<section class=\"dynseo-section\">\n<h2 id=\"section-6\">Como a mem\u00f3ria influencia a independ\u00eancia e autonomia ap\u00f3s um AVC<\/h2>\n<p>A mem\u00f3ria \u00e9 um fator determinante na independ\u00eancia e autonomia ap\u00f3s um AVQuando as capacidades memorativas s\u00e3o afetadas, isso pode limitar a capacidade do indiv\u00edduo em realizar tarefas di\u00e1rias sem assist\u00eancia. Por exemplo, lembrar-se de tomar medica\u00e7\u00e3o, seguir rotinas ou at\u00e9 mesmo realizar compras pode tornar-se um desafio significativo. Essa depend\u00eancia pode levar \u00e0 frustra\u00e7\u00e3o tanto para o paciente quanto para os cuidadores, criando um ciclo dif\u00edcil de quebrar.<b><\/p>\n<p>Por outro lado, \u00e0 medida que as habilidades de mem\u00f3ria s\u00e3o recuperadas atrav\u00e9s da reabilita\u00e7\u00e3o e do apoio adequado, os pacientes podem come\u00e7ar a retomar atividades que lhes conferem autonomia.<\/b> A capacidade de lembrar-se das coisas essenciais permite que eles se sintam mais seguros em suas rotinas di\u00e1rias e mais confiantes nas suas intera\u00e7\u00f5es sociais. Assim, investir na recupera\u00e7\u00e3o da mem\u00f3ria n\u00e3o \u00e9 apenas uma quest\u00e3o cognitiva; \u00e9 uma forma de promover a independ\u00eancia e melhorar a qualidade de vida geral.<\/section>\n<div class=\"section-divider\">\u25c6 \u25c6 \u25c6<\/div>\n<section class=\"dynseo-section\">\n<h2 id=\"section-7\">Recursos e suporte dispon\u00edveis para ajudar na recupera\u00e7\u00e3o da mem\u00f3ria p\u00f3s-AVC<\/h2>\n<p>Existem diversos recursos e suportes dispon\u00edveis para ajudar na recupera\u00e7\u00e3o da mem\u00f3ria ap\u00f3s um AVOrganiza\u00e7\u00f5es sem fins lucrativos, grupos de apoio e centros de reabilita\u00e7\u00e3o oferecem programas espec\u00edficos voltados para pacientes que sofreram AVCs. Estes programas podem incluir terapia ocupacional, fisioterapia, terapia da fala e atividades cognitivas que visam estimular a mem\u00f3ria. Al\u00e9m disso, existem tamb\u00e9m recursos online que disponibilizam informa\u00e7\u00f5es valiosas sobre t\u00e9cnicas de reabilita\u00e7\u00e3o da mem\u00f3ria e exerc\u00edcios cognitivos que podem ser realizados em casa.<\/p>\n<p>Aplicativos m\u00f3veis projetados para treinar habilidades cognitivas est\u00e3o cada vez mais populares e podem ser uma ferramenta \u00fatil para pacientes em recupera\u00e7\u00e3o. O importante \u00e9 que tanto os pacientes quanto os seus familiares se informem sobre as op\u00e7\u00f5es dispon\u00edveis e busquem apoio sempre que necess\u00e1rio, pois isso pode fazer uma diferen\u00e7a significativa no processo de recupera\u00e7\u00e3o da mem\u00f3ria p\u00f3s-AVC.<\/section>\n<\/div>\n<p>[\/et_pb_code][\/et_pb_column][\/et_pb_row][\/et_pb_section][et_pb_section fb_built=&#8221;1&#8243; _builder_version=&#8221;4.16&#8243;][et_pb_row][et_pb_column type=&#8221;4_4&#8243;][et_pb_code]<script type=\"application\/ld+json\">{\"@context\":\"https:\/\/schema.org\",\"@type\":\"FAQPage\",\"mainEntity\":[{\"@type\":\"Question\",\"name\":\"Como o AVC afeta a mem\u00f3ria?\",\"acceptedAnswer\":{\"@type\":\"Answer\",\"text\":\"Quando um AVC ocorre, as \u00e1reas do c\u00e9rebro respons\u00e1veis pela mem\u00f3ria podem ser afetadas, resultando em dificuldades para recordar informa\u00e7\u00f5es, aprender novas habilidades ou at\u00e9 mesmo reconhecer pessoas e lugares familiares. O comprometimento pode variar desde lapsos tempor\u00e1rios at\u00e9 perdas mais permanentes, dependendo da gravidade do AVC e da \u00e1rea cerebral danificada.\"}},{\"@type\":\"Question\",\"name\":\"Quais s\u00e3o as consequ\u00eancias emocionais da perda de mem\u00f3ria ap\u00f3s AVC?\",\"acceptedAnswer\":{\"@type\":\"Answer\",\"text\":\"A perda de mem\u00f3ria ap\u00f3s AVC pode ter repercuss\u00f5es emocionais significativas. A frustra\u00e7\u00e3o e confus\u00e3o que acompanham a perda de mem\u00f3ria podem levar a sentimentos de isolamento e depress\u00e3o. \u00c9 comum que os pacientes se sintam desmotivados ou incapazes de participar de atividades que antes eram prazerosas.\"}},{\"@type\":\"Question\",\"name\":\"Por que a reabilita\u00e7\u00e3o da mem\u00f3ria \u00e9 importante ap\u00f3s um AVC?\",\"acceptedAnswer\":{\"@type\":\"Answer\",\"text\":\"A reabilita\u00e7\u00e3o da mem\u00f3ria \u00e9 um componente essencial do processo de recupera\u00e7\u00e3o ap\u00f3s AVC. Atrav\u00e9s de interven\u00e7\u00f5es espec\u00edficas, \u00e9 poss\u00edvel ajudar os pacientes a recuperar algumas das suas capacidades cognitivas e melhorar significativamente a sua qualidade de vida.\"}},{\"@type\":\"Question\",\"name\":\"O AVC sempre causa perda permanente de mem\u00f3ria?\",\"acceptedAnswer\":{\"@type\":\"Answer\",\"text\":\"N\u00e3o, o comprometimento da mem\u00f3ria ap\u00f3s AVC pode variar em intensidade. Pode ir desde lapsos tempor\u00e1rios at\u00e9 perdas de mem\u00f3ria mais permanentes, dependendo da gravidade do AVC e da \u00e1rea espec\u00edfica do c\u00e9rebro que foi danificada.\"}},{\"@type\":\"Question\",\"name\":\"Como a perda de mem\u00f3ria afeta as rela\u00e7\u00f5es sociais ap\u00f3s um AVC?\",\"acceptedAnswer\":{\"@type\":\"Answer\",\"text\":\"A perda de mem\u00f3ria pode ter impactos sociais significativos, incluindo dificuldades para reconhecer pessoas familiares. Isso, combinado com sentimentos de frustra\u00e7\u00e3o e confus\u00e3o, pode levar ao isolamento social e afetar negativamente os relacionamentos do paciente.\"}},{\"@type\":\"Question\",\"name\":\"\u00c9 poss\u00edvel recuperar a mem\u00f3ria ap\u00f3s um AVC?\",\"acceptedAnswer\":{\"@type\":\"Answer\",\"text\":\"Sim, atrav\u00e9s de programas de reabilita\u00e7\u00e3o espec\u00edficos para a mem\u00f3ria, \u00e9 poss\u00edvel ajudar os pacientes a recuperar algumas das suas capacidades cognitivas. O desenvolvimento de estrat\u00e9gias eficazes de reabilita\u00e7\u00e3o e apoio \u00e9 crucial para melhorar a qualidade de vida dos pacientes.\"}}]}<\/script><br \/>\n<script type=\"application\/ld+json\">{\"@context\":\"https:\/\/schema.org\",\"@type\":\"FAQPage\",\"mainEntity\":[{\"@type\":\"Question\",\"name\":\"Como o AVC afeta a mem\u00f3ria?\",\"acceptedAnswer\":{\"@type\":\"Answer\",\"text\":\"Quando um AVC ocorre, as \u00e1reas do c\u00e9rebro respons\u00e1veis pela mem\u00f3ria podem ser afetadas, resultando em dificuldades para recordar informa\u00e7\u00f5es, aprender novas habilidades ou at\u00e9 mesmo reconhecer pessoas e lugares familiares. O comprometimento pode variar desde lapsos tempor\u00e1rios at\u00e9 perdas mais permanentes, dependendo da gravidade do AVC e da \u00e1rea cerebral danificada.\"}},{\"@type\":\"Question\",\"name\":\"Quais s\u00e3o as consequ\u00eancias emocionais da perda de mem\u00f3ria ap\u00f3s AVC?\",\"acceptedAnswer\":{\"@type\":\"Answer\",\"text\":\"A perda de mem\u00f3ria ap\u00f3s AVC pode ter repercuss\u00f5es emocionais significativas. A frustra\u00e7\u00e3o e confus\u00e3o que acompanham a perda de mem\u00f3ria podem levar a sentimentos de isolamento e depress\u00e3o. \u00c9 comum que os pacientes se sintam desmotivados ou incapazes de participar de atividades que antes eram prazerosas.\"}},{\"@type\":\"Question\",\"name\":\"Por que a reabilita\u00e7\u00e3o da mem\u00f3ria \u00e9 importante ap\u00f3s um AVC?\",\"acceptedAnswer\":{\"@type\":\"Answer\",\"text\":\"A reabilita\u00e7\u00e3o da mem\u00f3ria \u00e9 um componente essencial do processo de recupera\u00e7\u00e3o ap\u00f3s AVC. Atrav\u00e9s de interven\u00e7\u00f5es espec\u00edficas, \u00e9 poss\u00edvel ajudar os pacientes a recuperar algumas das suas capacidades cognitivas e melhorar significativamente a sua qualidade de vida.\"}},{\"@type\":\"Question\",\"name\":\"O AVC sempre causa perda permanente de mem\u00f3ria?\",\"acceptedAnswer\":{\"@type\":\"Answer\",\"text\":\"N\u00e3o, o comprometimento da mem\u00f3ria ap\u00f3s AVC pode variar em intensidade. Pode ir desde lapsos tempor\u00e1rios at\u00e9 perdas de mem\u00f3ria mais permanentes, dependendo da gravidade do AVC e da \u00e1rea espec\u00edfica do c\u00e9rebro que foi danificada.\"}},{\"@type\":\"Question\",\"name\":\"Como a perda de mem\u00f3ria afeta as rela\u00e7\u00f5es sociais ap\u00f3s um AVC?\",\"acceptedAnswer\":{\"@type\":\"Answer\",\"text\":\"A perda de mem\u00f3ria pode ter impactos sociais significativos, incluindo dificuldades para reconhecer pessoas familiares. Isso, combinado com sentimentos de frustra\u00e7\u00e3o e confus\u00e3o, pode levar ao isolamento social e afetar negativamente os relacionamentos do paciente.\"}},{\"@type\":\"Question\",\"name\":\"\u00c9 poss\u00edvel recuperar a mem\u00f3ria ap\u00f3s um AVC?\",\"acceptedAnswer\":{\"@type\":\"Answer\",\"text\":\"Sim, atrav\u00e9s de programas de reabilita\u00e7\u00e3o espec\u00edficos para a mem\u00f3ria, \u00e9 poss\u00edvel ajudar os pacientes a recuperar algumas das suas capacidades cognitivas. O desenvolvimento de estrat\u00e9gias eficazes de reabilita\u00e7\u00e3o e apoio \u00e9 crucial para melhorar a qualidade de vida dos pacientes.\"}}]}<\/script>[\/et_pb_code][\/et_pb_column][\/et_pb_row][\/et_pb_section]<\/p>\n","protected":false},"excerpt":{"rendered":"<div class=\"et_pb_row et_pb_row_0 et_pb_row_empty\">\n\t\t\t\t\n\t\t\t\t\n\t\t\t\t\n\t\t\t\t\n\t\t\t\t\n\t\t\t<\/div>\n","protected":false},"author":4,"featured_media":122651,"comment_status":"closed","ping_status":"closed","sticky":false,"template":"","format":"standard","meta":{"_et_pb_use_builder":"on","_et_pb_old_content":"","_et_gb_content_width":"","footnotes":""},"categories":[2984,3003],"tags":[],"class_list":["post-145083","post","type-post","status-publish","format-standard","has-post-thumbnail","hentry","category-tudo-sobre-o-avc","category-3003"],"yoast_head":"<!-- This site is optimized with the Yoast SEO plugin v27.4 - https:\/\/yoast.com\/product\/yoast-seo-wordpress\/ -->\n<title>Por que recuperar a mem\u00f3ria \u00e9 essencial para a qualidade ...<\/title>\n<meta name=\"robots\" content=\"index, follow, max-snippet:-1, max-image-preview:large, max-video-preview:-1\" \/>\n<link rel=\"canonical\" href=\"https:\/\/www.dynseo.com\/pt-pt\/por-que-recuperar-a-memoria-e-essencial-para-a-qualidade-de-vida-apos-um-avc\/\" \/>\n<meta property=\"og:locale\" content=\"pt_PT\" \/>\n<meta property=\"og:type\" content=\"article\" \/>\n<meta property=\"og:title\" content=\"Por que recuperar a mem\u00f3ria \u00e9 essencial para a qualidade ...\" \/>\n<meta property=\"og:url\" content=\"https:\/\/www.dynseo.com\/pt-pt\/por-que-recuperar-a-memoria-e-essencial-para-a-qualidade-de-vida-apos-um-avc\/\" \/>\n<meta property=\"og:site_name\" content=\"DYNSEO - Aplica\u00e7\u00f5es educativas e jogos de mem\u00f3ria\" \/>\n<meta property=\"article:published_time\" content=\"2025-06-03T10:45:43+00:00\" \/>\n<meta property=\"article:modified_time\" content=\"2025-12-26T14:53:34+00:00\" \/>\n<meta property=\"og:image\" content=\"https:\/\/www.dynseo.com\/wp-content\/uploads\/2024\/03\/avc-fernando-cerebrale.webp\" \/>\n\t<meta property=\"og:image:width\" content=\"1000\" \/>\n\t<meta property=\"og:image:height\" content=\"666\" \/>\n\t<meta property=\"og:image:type\" content=\"image\/webp\" \/>\n<meta name=\"author\" content=\"DYNSEO\" \/>\n<meta name=\"twitter:label1\" content=\"Escrito por\" \/>\n\t<meta name=\"twitter:data1\" content=\"DYNSEO\" \/>\n\t<meta name=\"twitter:label2\" content=\"Tempo estimado de leitura\" \/>\n\t<meta name=\"twitter:data2\" content=\"8 minutos\" \/>\n<script type=\"application\/ld+json\" class=\"yoast-schema-graph\">{\"@context\":\"https:\\\/\\\/schema.org\",\"@graph\":[{\"@type\":\"Article\",\"@id\":\"https:\\\/\\\/www.dynseo.com\\\/pt-pt\\\/por-que-recuperar-a-memoria-e-essencial-para-a-qualidade-de-vida-apos-um-avc\\\/#article\",\"isPartOf\":{\"@id\":\"https:\\\/\\\/www.dynseo.com\\\/pt-pt\\\/por-que-recuperar-a-memoria-e-essencial-para-a-qualidade-de-vida-apos-um-avc\\\/\"},\"author\":{\"name\":\"DYNSEO\",\"@id\":\"https:\\\/\\\/www.dynseo.com\\\/pt-pt\\\/#\\\/schema\\\/person\\\/78ef63df2ee64e0989bc68f8401b38d6\"},\"headline\":\"Por que recuperar a mem\u00f3ria \u00e9 essencial para a qualidade de vida ap\u00f3s um AVC\",\"datePublished\":\"2025-06-03T10:45:43+00:00\",\"dateModified\":\"2025-12-26T14:53:34+00:00\",\"mainEntityOfPage\":{\"@id\":\"https:\\\/\\\/www.dynseo.com\\\/pt-pt\\\/por-que-recuperar-a-memoria-e-essencial-para-a-qualidade-de-vida-apos-um-avc\\\/\"},\"wordCount\":1715,\"publisher\":{\"@id\":\"https:\\\/\\\/www.dynseo.com\\\/pt-pt\\\/#organization\"},\"image\":{\"@id\":\"https:\\\/\\\/www.dynseo.com\\\/pt-pt\\\/por-que-recuperar-a-memoria-e-essencial-para-a-qualidade-de-vida-apos-um-avc\\\/#primaryimage\"},\"thumbnailUrl\":\"https:\\\/\\\/www.dynseo.com\\\/wp-content\\\/uploads\\\/2024\\\/03\\\/avc-fernando-cerebrale.webp\",\"articleSection\":[\"Tudo sobre o AVC\",\"\u5173\u4e8e\u4e2d\u98ce - Stroke\"],\"inLanguage\":\"pt-PT\"},{\"@type\":\"WebPage\",\"@id\":\"https:\\\/\\\/www.dynseo.com\\\/pt-pt\\\/por-que-recuperar-a-memoria-e-essencial-para-a-qualidade-de-vida-apos-um-avc\\\/\",\"url\":\"https:\\\/\\\/www.dynseo.com\\\/pt-pt\\\/por-que-recuperar-a-memoria-e-essencial-para-a-qualidade-de-vida-apos-um-avc\\\/\",\"name\":\"Por que recuperar a mem\u00f3ria \u00e9 essencial para a qualidade ...\",\"isPartOf\":{\"@id\":\"https:\\\/\\\/www.dynseo.com\\\/pt-pt\\\/#website\"},\"primaryImageOfPage\":{\"@id\":\"https:\\\/\\\/www.dynseo.com\\\/pt-pt\\\/por-que-recuperar-a-memoria-e-essencial-para-a-qualidade-de-vida-apos-um-avc\\\/#primaryimage\"},\"image\":{\"@id\":\"https:\\\/\\\/www.dynseo.com\\\/pt-pt\\\/por-que-recuperar-a-memoria-e-essencial-para-a-qualidade-de-vida-apos-um-avc\\\/#primaryimage\"},\"thumbnailUrl\":\"https:\\\/\\\/www.dynseo.com\\\/wp-content\\\/uploads\\\/2024\\\/03\\\/avc-fernando-cerebrale.webp\",\"datePublished\":\"2025-06-03T10:45:43+00:00\",\"dateModified\":\"2025-12-26T14:53:34+00:00\",\"breadcrumb\":{\"@id\":\"https:\\\/\\\/www.dynseo.com\\\/pt-pt\\\/por-que-recuperar-a-memoria-e-essencial-para-a-qualidade-de-vida-apos-um-avc\\\/#breadcrumb\"},\"inLanguage\":\"pt-PT\",\"potentialAction\":[{\"@type\":\"ReadAction\",\"target\":[\"https:\\\/\\\/www.dynseo.com\\\/pt-pt\\\/por-que-recuperar-a-memoria-e-essencial-para-a-qualidade-de-vida-apos-um-avc\\\/\"]}]},{\"@type\":\"ImageObject\",\"inLanguage\":\"pt-PT\",\"@id\":\"https:\\\/\\\/www.dynseo.com\\\/pt-pt\\\/por-que-recuperar-a-memoria-e-essencial-para-a-qualidade-de-vida-apos-um-avc\\\/#primaryimage\",\"url\":\"https:\\\/\\\/www.dynseo.com\\\/wp-content\\\/uploads\\\/2024\\\/03\\\/avc-fernando-cerebrale.webp\",\"contentUrl\":\"https:\\\/\\\/www.dynseo.com\\\/wp-content\\\/uploads\\\/2024\\\/03\\\/avc-fernando-cerebrale.webp\",\"width\":1000,\"height\":666,\"caption\":\"Aplicativos que estimulam a cogni\u00e7\u00e3o de forma divertida e eficaz\"},{\"@type\":\"BreadcrumbList\",\"@id\":\"https:\\\/\\\/www.dynseo.com\\\/pt-pt\\\/por-que-recuperar-a-memoria-e-essencial-para-a-qualidade-de-vida-apos-um-avc\\\/#breadcrumb\",\"itemListElement\":[{\"@type\":\"ListItem\",\"position\":1,\"name\":\"Accueil\",\"item\":\"https:\\\/\\\/www.dynseo.com\\\/pt-pt\\\/\"},{\"@type\":\"ListItem\",\"position\":2,\"name\":\"Por que recuperar a mem\u00f3ria \u00e9 essencial para a qualidade de vida ap\u00f3s um AVC\"}]},{\"@type\":\"WebSite\",\"@id\":\"https:\\\/\\\/www.dynseo.com\\\/pt-pt\\\/#website\",\"url\":\"https:\\\/\\\/www.dynseo.com\\\/pt-pt\\\/\",\"name\":\"Jeux de m\u00e9moire et stimulation cognitive\",\"description\":\"Entra\u00eenez votre m\u00e9moire et votre cerveau avec DYNSEO\",\"publisher\":{\"@id\":\"https:\\\/\\\/www.dynseo.com\\\/pt-pt\\\/#organization\"},\"potentialAction\":[{\"@type\":\"SearchAction\",\"target\":{\"@type\":\"EntryPoint\",\"urlTemplate\":\"https:\\\/\\\/www.dynseo.com\\\/pt-pt\\\/?s={search_term_string}\"},\"query-input\":{\"@type\":\"PropertyValueSpecification\",\"valueRequired\":true,\"valueName\":\"search_term_string\"}}],\"inLanguage\":\"pt-PT\"},{\"@type\":\"Organization\",\"@id\":\"https:\\\/\\\/www.dynseo.com\\\/pt-pt\\\/#organization\",\"name\":\"DYNSEO\",\"url\":\"https:\\\/\\\/www.dynseo.com\\\/pt-pt\\\/\",\"logo\":{\"@type\":\"ImageObject\",\"inLanguage\":\"pt-PT\",\"@id\":\"https:\\\/\\\/www.dynseo.com\\\/pt-pt\\\/#\\\/schema\\\/logo\\\/image\\\/\",\"url\":\"https:\\\/\\\/www.dynseo.com\\\/wp-content\\\/uploads\\\/2022\\\/05\\\/logo-dynseo-new.png\",\"contentUrl\":\"https:\\\/\\\/www.dynseo.com\\\/wp-content\\\/uploads\\\/2022\\\/05\\\/logo-dynseo-new.png\",\"width\":5073,\"height\":1397,\"caption\":\"DYNSEO\"},\"image\":{\"@id\":\"https:\\\/\\\/www.dynseo.com\\\/pt-pt\\\/#\\\/schema\\\/logo\\\/image\\\/\"}},{\"@type\":\"Person\",\"@id\":\"https:\\\/\\\/www.dynseo.com\\\/pt-pt\\\/#\\\/schema\\\/person\\\/78ef63df2ee64e0989bc68f8401b38d6\",\"name\":\"DYNSEO\",\"url\":\"https:\\\/\\\/www.dynseo.com\\\/pt-pt\\\/author\\\/justine\\\/\"}]}<\/script>\n<!-- \/ Yoast SEO plugin. -->","yoast_head_json":{"title":"Por que recuperar a mem\u00f3ria \u00e9 essencial para a qualidade ...","robots":{"index":"index","follow":"follow","max-snippet":"max-snippet:-1","max-image-preview":"max-image-preview:large","max-video-preview":"max-video-preview:-1"},"canonical":"https:\/\/www.dynseo.com\/pt-pt\/por-que-recuperar-a-memoria-e-essencial-para-a-qualidade-de-vida-apos-um-avc\/","og_locale":"pt_PT","og_type":"article","og_title":"Por que recuperar a mem\u00f3ria \u00e9 essencial para a qualidade ...","og_url":"https:\/\/www.dynseo.com\/pt-pt\/por-que-recuperar-a-memoria-e-essencial-para-a-qualidade-de-vida-apos-um-avc\/","og_site_name":"DYNSEO - Aplica\u00e7\u00f5es educativas e jogos de mem\u00f3ria","article_published_time":"2025-06-03T10:45:43+00:00","article_modified_time":"2025-12-26T14:53:34+00:00","og_image":[{"width":1000,"height":666,"url":"https:\/\/www.dynseo.com\/wp-content\/uploads\/2024\/03\/avc-fernando-cerebrale.webp","type":"image\/webp"}],"author":"DYNSEO","twitter_misc":{"Escrito por":"DYNSEO","Tempo estimado de leitura":"8 minutos"},"schema":{"@context":"https:\/\/schema.org","@graph":[{"@type":"Article","@id":"https:\/\/www.dynseo.com\/pt-pt\/por-que-recuperar-a-memoria-e-essencial-para-a-qualidade-de-vida-apos-um-avc\/#article","isPartOf":{"@id":"https:\/\/www.dynseo.com\/pt-pt\/por-que-recuperar-a-memoria-e-essencial-para-a-qualidade-de-vida-apos-um-avc\/"},"author":{"name":"DYNSEO","@id":"https:\/\/www.dynseo.com\/pt-pt\/#\/schema\/person\/78ef63df2ee64e0989bc68f8401b38d6"},"headline":"Por que recuperar a mem\u00f3ria \u00e9 essencial para a qualidade de vida ap\u00f3s um AVC","datePublished":"2025-06-03T10:45:43+00:00","dateModified":"2025-12-26T14:53:34+00:00","mainEntityOfPage":{"@id":"https:\/\/www.dynseo.com\/pt-pt\/por-que-recuperar-a-memoria-e-essencial-para-a-qualidade-de-vida-apos-um-avc\/"},"wordCount":1715,"publisher":{"@id":"https:\/\/www.dynseo.com\/pt-pt\/#organization"},"image":{"@id":"https:\/\/www.dynseo.com\/pt-pt\/por-que-recuperar-a-memoria-e-essencial-para-a-qualidade-de-vida-apos-um-avc\/#primaryimage"},"thumbnailUrl":"https:\/\/www.dynseo.com\/wp-content\/uploads\/2024\/03\/avc-fernando-cerebrale.webp","articleSection":["Tudo sobre o AVC","\u5173\u4e8e\u4e2d\u98ce - Stroke"],"inLanguage":"pt-PT"},{"@type":"WebPage","@id":"https:\/\/www.dynseo.com\/pt-pt\/por-que-recuperar-a-memoria-e-essencial-para-a-qualidade-de-vida-apos-um-avc\/","url":"https:\/\/www.dynseo.com\/pt-pt\/por-que-recuperar-a-memoria-e-essencial-para-a-qualidade-de-vida-apos-um-avc\/","name":"Por que recuperar a mem\u00f3ria \u00e9 essencial para a qualidade ...","isPartOf":{"@id":"https:\/\/www.dynseo.com\/pt-pt\/#website"},"primaryImageOfPage":{"@id":"https:\/\/www.dynseo.com\/pt-pt\/por-que-recuperar-a-memoria-e-essencial-para-a-qualidade-de-vida-apos-um-avc\/#primaryimage"},"image":{"@id":"https:\/\/www.dynseo.com\/pt-pt\/por-que-recuperar-a-memoria-e-essencial-para-a-qualidade-de-vida-apos-um-avc\/#primaryimage"},"thumbnailUrl":"https:\/\/www.dynseo.com\/wp-content\/uploads\/2024\/03\/avc-fernando-cerebrale.webp","datePublished":"2025-06-03T10:45:43+00:00","dateModified":"2025-12-26T14:53:34+00:00","breadcrumb":{"@id":"https:\/\/www.dynseo.com\/pt-pt\/por-que-recuperar-a-memoria-e-essencial-para-a-qualidade-de-vida-apos-um-avc\/#breadcrumb"},"inLanguage":"pt-PT","potentialAction":[{"@type":"ReadAction","target":["https:\/\/www.dynseo.com\/pt-pt\/por-que-recuperar-a-memoria-e-essencial-para-a-qualidade-de-vida-apos-um-avc\/"]}]},{"@type":"ImageObject","inLanguage":"pt-PT","@id":"https:\/\/www.dynseo.com\/pt-pt\/por-que-recuperar-a-memoria-e-essencial-para-a-qualidade-de-vida-apos-um-avc\/#primaryimage","url":"https:\/\/www.dynseo.com\/wp-content\/uploads\/2024\/03\/avc-fernando-cerebrale.webp","contentUrl":"https:\/\/www.dynseo.com\/wp-content\/uploads\/2024\/03\/avc-fernando-cerebrale.webp","width":1000,"height":666,"caption":"Aplicativos que estimulam a cogni\u00e7\u00e3o de forma divertida e eficaz"},{"@type":"BreadcrumbList","@id":"https:\/\/www.dynseo.com\/pt-pt\/por-que-recuperar-a-memoria-e-essencial-para-a-qualidade-de-vida-apos-um-avc\/#breadcrumb","itemListElement":[{"@type":"ListItem","position":1,"name":"Accueil","item":"https:\/\/www.dynseo.com\/pt-pt\/"},{"@type":"ListItem","position":2,"name":"Por que recuperar a mem\u00f3ria \u00e9 essencial para a qualidade de vida ap\u00f3s um AVC"}]},{"@type":"WebSite","@id":"https:\/\/www.dynseo.com\/pt-pt\/#website","url":"https:\/\/www.dynseo.com\/pt-pt\/","name":"Jeux de m\u00e9moire et stimulation cognitive","description":"Entra\u00eenez votre m\u00e9moire et votre cerveau avec DYNSEO","publisher":{"@id":"https:\/\/www.dynseo.com\/pt-pt\/#organization"},"potentialAction":[{"@type":"SearchAction","target":{"@type":"EntryPoint","urlTemplate":"https:\/\/www.dynseo.com\/pt-pt\/?s={search_term_string}"},"query-input":{"@type":"PropertyValueSpecification","valueRequired":true,"valueName":"search_term_string"}}],"inLanguage":"pt-PT"},{"@type":"Organization","@id":"https:\/\/www.dynseo.com\/pt-pt\/#organization","name":"DYNSEO","url":"https:\/\/www.dynseo.com\/pt-pt\/","logo":{"@type":"ImageObject","inLanguage":"pt-PT","@id":"https:\/\/www.dynseo.com\/pt-pt\/#\/schema\/logo\/image\/","url":"https:\/\/www.dynseo.com\/wp-content\/uploads\/2022\/05\/logo-dynseo-new.png","contentUrl":"https:\/\/www.dynseo.com\/wp-content\/uploads\/2022\/05\/logo-dynseo-new.png","width":5073,"height":1397,"caption":"DYNSEO"},"image":{"@id":"https:\/\/www.dynseo.com\/pt-pt\/#\/schema\/logo\/image\/"}},{"@type":"Person","@id":"https:\/\/www.dynseo.com\/pt-pt\/#\/schema\/person\/78ef63df2ee64e0989bc68f8401b38d6","name":"DYNSEO","url":"https:\/\/www.dynseo.com\/pt-pt\/author\/justine\/"}]}},"_links":{"self":[{"href":"https:\/\/www.dynseo.com\/pt-pt\/wp-json\/wp\/v2\/posts\/145083","targetHints":{"allow":["GET"]}}],"collection":[{"href":"https:\/\/www.dynseo.com\/pt-pt\/wp-json\/wp\/v2\/posts"}],"about":[{"href":"https:\/\/www.dynseo.com\/pt-pt\/wp-json\/wp\/v2\/types\/post"}],"author":[{"embeddable":true,"href":"https:\/\/www.dynseo.com\/pt-pt\/wp-json\/wp\/v2\/users\/4"}],"replies":[{"embeddable":true,"href":"https:\/\/www.dynseo.com\/pt-pt\/wp-json\/wp\/v2\/comments?post=145083"}],"version-history":[{"count":6,"href":"https:\/\/www.dynseo.com\/pt-pt\/wp-json\/wp\/v2\/posts\/145083\/revisions"}],"predecessor-version":[{"id":457110,"href":"https:\/\/www.dynseo.com\/pt-pt\/wp-json\/wp\/v2\/posts\/145083\/revisions\/457110"}],"wp:featuredmedia":[{"embeddable":true,"href":"https:\/\/www.dynseo.com\/pt-pt\/wp-json\/wp\/v2\/media\/122651"}],"wp:attachment":[{"href":"https:\/\/www.dynseo.com\/pt-pt\/wp-json\/wp\/v2\/media?parent=145083"}],"wp:term":[{"taxonomy":"category","embeddable":true,"href":"https:\/\/www.dynseo.com\/pt-pt\/wp-json\/wp\/v2\/categories?post=145083"},{"taxonomy":"post_tag","embeddable":true,"href":"https:\/\/www.dynseo.com\/pt-pt\/wp-json\/wp\/v2\/tags?post=145083"}],"curies":[{"name":"wp","href":"https:\/\/api.w.org\/{rel}","templated":true}]}}