{"id":145107,"date":"2025-06-03T13:36:29","date_gmt":"2025-06-03T11:36:29","guid":{"rendered":"https:\/\/www.dynseo.com\/?p=145107"},"modified":"2025-12-26T15:54:14","modified_gmt":"2025-12-26T14:54:14","slug":"como-superar-os-desafios-da-afasia-com-exercicios-diarios","status":"publish","type":"post","link":"https:\/\/www.dynseo.com\/pt-pt\/como-superar-os-desafios-da-afasia-com-exercicios-diarios\/","title":{"rendered":"Como superar os desafios da afasia com exerc\u00edcios di\u00e1rios"},"content":{"rendered":"<p>[et_pb_section fb_built=&#8221;1&#8243; admin_label=&#8221;Article HTML&#8221; _builder_version=&#8221;4.16&#8243;][et_pb_row admin_label=&#8221;Contenu&#8221; _builder_version=&#8221;4.16&#8243;][et_pb_column type=&#8221;4_4&#8243; _builder_version=&#8221;4.16&#8243;][et_pb_code admin_label=&#8221;HTML import\u00e9&#8221; _builder_version=&#8221;4.16&#8243;]<link href=\"https:\/\/fonts.googleapis.com\/css2?family=Montserrat:wght@400;500;600;700;800&#038;display=swap\" rel=\"stylesheet\">\n<style>\n.dynseo-article{font-family:'Montserrat',-apple-system,BlinkMacSystemFont,'Segoe UI',Roboto,sans-serif;line-height:1.8;color:#2c3e50;max-width:100%}\n.dynseo-article h2{font-family:'Montserrat',sans-serif;font-size:1.8rem;color:#1a1a2e;margin:50px 0 25px;padding-bottom:12px;border-bottom:3px solid #a9e2e4;font-weight:700;transition:all .3s ease}\n.dynseo-article h2:hover{padding-left:10px;border-bottom-color:#e73469}\n.dynseo-article h3{font-family:'Montserrat',sans-serif;font-size:1.3rem;color:#5e5ed7;margin:35px 0 18px;font-weight:600;transition:all .3s ease}\n.dynseo-article h3:hover{color:#e73469}\n.dynseo-article p{margin-bottom:18px;font-size:1.05rem;text-align:justify}\n.dynseo-article img{max-width:100%;height:auto;border-radius:16px;margin:25px 0;box-shadow:0 8px 30px rgba(0,0,0,0.1);transition:all .4s ease}\n.dynseo-article img:hover{transform:scale(1.02);box-shadow:0 15px 50px rgba(0,0,0,0.15)}\n.dynseo-intro{font-size:1.15rem;color:#64748b;border-left:4px solid #a9e2e4;padding-left:25px;margin:35px 0;font-style:italic;background:linear-gradient(90deg,rgba(169,226,228,0.1),transparent);padding:20px 25px;border-radius:0 12px 12px 0;transition:all .3s ease}\n.dynseo-intro:hover{border-left-width:6px;background:linear-gradient(90deg,rgba(169,226,228,0.15),transparent)}\n.dynseo-toc{background:linear-gradient(135deg,#f8fafc 0%,#fff 100%);border-radius:20px;padding:35px;margin:40px 0;border:2px solid #e5e7eb;box-shadow:0 4px 20px rgba(0,0,0,0.05);transition:all .3s ease}\n.dynseo-toc:hover{box-shadow:0 8px 35px rgba(0,0,0,0.08);transform:translateY(-2px)}\n.dynseo-toc .toc-title{font-family:'Montserrat',sans-serif;font-size:1.4rem;margin-bottom:25px;color:#1a1a2e;font-weight:700}\n.dynseo-toc ol{list-style:none;padding:0;margin:0;display:grid;grid-template-columns:repeat(2,1fr);gap:12px}\n.dynseo-toc li{background:#fff;border-radius:12px;padding:14px 18px;border:2px solid #f1f5f9;transition:all .3s ease;border-left:4px solid #ffeca7}\n.dynseo-toc li:hover{background:linear-gradient(135deg,#f8fafc,#fff);transform:translateX(8px);box-shadow:0 6px 20px rgba(0,0,0,0.1);border-left-width:6px}\n.dynseo-toc a{color:#1a1a2e;text-decoration:none;font-size:.95rem;font-weight:500;transition:color .3s}\n.dynseo-toc a:hover{color:#5e5ed7}\n.dynseo-article .styled-list,.dynseo-article ul{margin:20px 0 30px;padding:0;list-style:none}\n.dynseo-article .styled-list li,.dynseo-article ul li{position:relative;padding-left:28px;margin-bottom:14px;line-height:1.7;transition:all .3s ease}\n.dynseo-article .styled-list li:hover,.dynseo-article ul li:hover{padding-left:32px}\n.dynseo-article .styled-list li::before,.dynseo-article ul li::before{content:\"\";position:absolute;left:0;top:8px;width:10px;height:10px;background:#e73469;border-radius:50%;box-shadow:0 2px 8px rgba(231,52,105,0.3);transition:all .3s ease}\n.dynseo-article .styled-list li:hover::before,.dynseo-article ul li:hover::before{transform:scale(1.3);box-shadow:0 4px 12px rgba(231,52,105,0.4)}\n.dynseo-article blockquote{background:linear-gradient(135deg,#fff9f0 0%,#fff5eb 100%);border-left:4px solid #ffeca7;border-radius:0 16px 16px 0;padding:28px 32px;margin:35px 0;position:relative;box-shadow:0 4px 20px rgba(255,236,167,0.3);transition:all .3s ease}\n.dynseo-article blockquote:hover{transform:translateX(5px);box-shadow:0 8px 30px rgba(255,236,167,0.4);border-left-width:6px}\n.dynseo-article blockquote::before{content:\"\u275d\";font-size:3rem;color:#ffeca7;opacity:.4;position:absolute;top:10px;left:15px}\n.dynseo-article blockquote p{font-style:italic;margin-bottom:12px;padding-left:30px}\n.dynseo-article blockquote cite{display:block;font-style:normal;font-weight:600;color:#1a1a2e;padding-left:30px}\n.section-divider{text-align:center;margin:60px 0;font-size:1.8rem;letter-spacing:18px;background:linear-gradient(135deg,#ffeca7,#e73469,#a9e2e4);-webkit-background-clip:text;-webkit-text-fill-color:transparent;background-clip:text}\n.dynseo-tip-box{background:linear-gradient(135deg,#ecfdf5 0%,#d1fae5 100%);border:2px solid #a9e2e4;border-radius:16px;padding:25px 30px;margin:35px 0;position:relative;box-shadow:0 4px 20px rgba(169,226,228,0.3);transition:all .3s ease}\n.dynseo-tip-box:hover{transform:translateY(-3px);box-shadow:0 8px 30px rgba(169,226,228,0.4)}\n.dynseo-tip-box-title{font-family:'Montserrat',sans-serif;font-size:1.15rem;font-weight:700;color:#1a1a2e;margin-bottom:12px;display:flex;align-items:center;gap:10px}\n.dynseo-tip-box-title::before{content:\"\ud83d\udca1\";font-size:1.3rem}\n.dynseo-tip-box p{margin:0;color:#2c3e50}\n.dynseo-feature-grid{display:grid;grid-template-columns:repeat(3,1fr);gap:20px;margin:35px 0}\n.dynseo-feature-card{background:#fff;border-radius:20px;padding:30px 25px;text-align:center;border:2px solid #f1f5f9;transition:all .4s ease;position:relative;overflow:hidden}\n.dynseo-feature-card::before{content:\"\";position:absolute;top:0;left:0;right:0;height:4px;background:linear-gradient(90deg,#ffeca7,#e73469);transform:scaleX(0);transition:transform .3s ease}\n.dynseo-feature-card:hover::before{transform:scaleX(1)}\n.dynseo-feature-card:nth-child(3n+1){border-color:rgba(255,236,167,0.5)}\n.dynseo-feature-card:nth-child(3n+2){border-color:rgba(231,52,105,0.3)}\n.dynseo-feature-card:nth-child(3n+3){border-color:rgba(169,226,228,0.5)}\n.dynseo-feature-card:hover{transform:translateY(-8px);box-shadow:0 20px 50px rgba(0,0,0,0.12)}\n.dynseo-feature-card h4{font-family:'Montserrat',sans-serif;color:#1a1a2e;margin-bottom:10px;font-size:1.1rem;font-weight:600}\n.dynseo-feature-card p{font-size:.95rem;color:#64748b;margin:0}\n.dynseo-highlight-box{background:linear-gradient(135deg,#fef3c7 0%,#fde68a 100%);border:2px solid #ffeca7;border-radius:16px;padding:25px 30px;margin:30px 0;transition:all .3s ease}\n.dynseo-highlight-box:hover{transform:translateY(-3px);box-shadow:0 8px 30px rgba(255,236,167,0.4)}\n.dynseo-highlight-box h4{font-family:'Montserrat',sans-serif;color:#1a1a2e;margin:0 0 12px 0;font-size:1.1rem}\n.dynseo-highlight-box p{margin:0;color:#2c3e50}\n@media(max-width:768px){.dynseo-article h2{font-size:1.5rem}.dynseo-toc ol{grid-template-columns:1fr}.dynseo-feature-grid{grid-template-columns:1fr}}\n<\/style>\n<div class=\"dynseo-article\">\n<div class=\"dynseo-intro\">A afasia \u00e9 uma condi\u00e7\u00e3o que afeta a capacidade de comunica\u00e7\u00e3o de uma pessoa, resultando em dificuldades na fala, na compreens\u00e3o, na leitura e na escrita. Quando nos deparamos com a afasia, percebemos que n\u00e3o se trata apenas de um desafio individual, mas de um impacto profundo nas rela\u00e7\u00f5es sociais e na qualidade de vida. A condi\u00e7\u00e3o pode surgir ap\u00f3s um acidente vascular cerebral (AVC), les\u00f5es cerebrais ou outras condi\u00e7\u00f5es neurol\u00f3gicas, e os seus efeitos podem variar significativamente de uma pessoa para outra.<\/p>\n<p>Para n\u00f3s, que observamos ou vivemos essa realidade, \u00e9 fundamental entender a complexidade da afasia e os desafios que ela imp\u00f5e. Os desafios da afasia v\u00e3o al\u00e9m da dificuldade em encontrar as palavras certas. Muitas vezes, as pessoas afetadas sentem frustra\u00e7\u00e3o e isolamento, uma vez que a comunica\u00e7\u00e3o \u00e9 uma parte essencial da intera\u00e7\u00e3o humana.<\/p>\n<p>A luta di\u00e1ria para expressar pensamentos e sentimentos pode levar a sentimentos de ansiedade e depress\u00e3o. Assim, \u00e9 crucial que abordemos a afasia com empatia e compreens\u00e3o, reconhecendo que cada pequeno progresso na reabilita\u00e7\u00e3o \u00e9 uma vit\u00f3ria significativa. Ao longo deste artigo, exploraremos diversas estrat\u00e9gias e exerc\u00edcios que podem ajudar na reabilita\u00e7\u00e3o da afasia, destacando a import\u00e2ncia da pr\u00e1tica di\u00e1ria e do <a href=\"https:\/\/www.dynseo.com\/pt-pt\/o-papel-da-familia-na-reabilitacao-pos-avc-apoio-e-motivacao\/\" title=\"O papel da fam\u00edlia na reabilita\u00e7\u00e3o p\u00f3s-AVC: apoio e motiva\u00e7\u00e3o\">apoio<\/a> social.<\/div>\n<nav class=\"dynseo-toc\">\n<div class=\"toc-title\">\ud83d\udccb Sommaire<\/div>\n<ol>\n<li style=\"border-left:4px solid #ffeca7\"><a href=\"#section-1\">Import\u00e2ncia dos Exerc\u00edcios Di\u00e1rios na Reabilita\u00e7\u00e3o da Afasia<\/a><\/li>\n<li style=\"border-left:4px solid #e73469\"><a href=\"#section-2\">Exerc\u00edcios de Fala e Compreens\u00e3o para Superar a Afasia<\/a><\/li>\n<li style=\"border-left:4px solid #a9e2e4\"><a href=\"#section-3\">Exerc\u00edcios de Leitura e Escrita para Melhorar a Comunica\u00e7\u00e3o<\/a><\/li>\n<li style=\"border-left:4px solid #5e5ed7\"><a href=\"#section-4\">Exerc\u00edcios de Mem\u00f3ria e Cogni\u00e7\u00e3o para Fortalecer as Habilidades Lingu\u00edsticas<\/a><\/li>\n<li style=\"border-left:4px solid #5268c9\"><a href=\"#section-5\">Exerc\u00edcios de Terapia de Grupo e Apoio Social na Reabilita\u00e7\u00e3o da Afasia<\/a><\/li>\n<li style=\"border-left:4px solid #ffeca7\"><a href=\"#section-6\">Estrat\u00e9gias para Manter a Motiva\u00e7\u00e3o e a Consist\u00eancia nos Exerc\u00edcios Di\u00e1rios<\/a><\/li>\n<li style=\"border-left:4px solid #e73469\"><a href=\"#section-7\">Conclus\u00e3o: Superando os Desafios da Afasia com Dedica\u00e7\u00e3o e Persist\u00eancia<\/a><\/li>\n<\/ol>\n<\/nav>\n<section class=\"dynseo-section\">\n<h2 id=\"section-1\">Import\u00e2ncia dos Exerc\u00edcios Di\u00e1rios na Reabilita\u00e7\u00e3o da Afasia<\/h2>\n<p>A reabilita\u00e7\u00e3o da afasia requer um compromisso cont\u00ednuo com a pr\u00e1tica di\u00e1ria. Os exerc\u00edcios regulares s\u00e3o fundamentais para refor\u00e7ar as habilidades lingu\u00edsticas e promover a recupera\u00e7\u00e3o. Quando nos dedicamos a esses exerc\u00edcios, estamos n\u00e3o apenas a trabalhar as nossas capacidades de comunica\u00e7\u00e3o, mas tamb\u00e9m a estimular o c\u00e9rebro, ajudando-o a criar novas conex\u00f5es neurais.<\/p>\n<p>Essa plasticidade cerebral \u00e9 essencial para a recupera\u00e7\u00e3o, pois permite que o c\u00e9rebro se adapte e encontre novas formas de processar a linguagem. Al\u00e9m disso, a consist\u00eancia nos exerc\u00edcios di\u00e1rios ajuda a construir confian\u00e7a. \u00c0 medida que vamos progredindo, mesmo que lentamente, come\u00e7amos a sentir uma sensa\u00e7\u00e3o de realiza\u00e7\u00e3o.<\/p>\n<p>Essa confian\u00e7a \u00e9 vital para encorajar a continuidade do esfor\u00e7o e para enfrentar os desafios que surgem ao longo do caminho. Portanto, estabelecer uma rotina de exerc\u00edcios di\u00e1rios n\u00e3o s\u00f3 melhora as habilidades lingu\u00edsticas, mas tamb\u00e9m contribui para o bem-estar emocional e psicol\u00f3gico das pessoas afetadas pela afasia.<\/section>\n<section class=\"dynseo-section\">\n<h2 id=\"section-2\">Exerc\u00edcios de Fala e Compreens\u00e3o para Superar a Afasia<\/h2>\n<p><img decoding=\"async\" id=\"3\" style=\"max-width: 100%;margin-left: auto;margin-right: auto;width: 70%\" src=\"https:\/\/www.dynseo.com\/pt-pt\/wp-content\/uploads\/2025\/01\/abcdhe-212.jpg\" \/><\/p>\n<p>Os exerc\u00edcios de fala e compreens\u00e3o s\u00e3o cruciais na reabilita\u00e7\u00e3o da afasia. Eles podem incluir atividades simples, como repetir palavras ou frases, at\u00e9 exerc\u00edcios mais complexos que envolvem conversas em grupo ou jogos de palavras. Ao praticar a fala, estamos n\u00e3o apenas a trabalhar na articula\u00e7\u00e3o das palavras, mas tamb\u00e9m a refor\u00e7ar a nossa capacidade de formular pensamentos coerentes.<\/p>\n<p>\u00c9 importante que esses exerc\u00edcios sejam adaptados ao n\u00edvel de dificuldade do indiv\u00edduo, permitindo um progresso gradual. A compreens\u00e3o tamb\u00e9m desempenha um <a href=\"https:\/\/www.dynseo.com\/pt-pt\/o-papel-vital-do-animateur-de-casa-de-repouso-promovendo-o-bem-estar-dos-idosos\/\" title=\"O Papel Vital do Animateur de Casa de Repouso: Promovendo o Bem-Estar dos Idosos\">papel vital<\/a> na comunica\u00e7\u00e3o. Exerc\u00edcios que envolvem ouvir hist\u00f3rias ou instru\u00e7\u00f5es e depois responder a perguntas sobre o conte\u00fado ajudam a melhorar essa habilidade.<\/p>\n<p>Atrav\u00e9s da pr\u00e1tica regular, podemos notar melhorias significativas na capacidade de entender e processar informa\u00e7\u00f5es verbais. Al\u00e9m disso, esses exerc\u00edcios promovem intera\u00e7\u00f5es sociais, o que \u00e9 fundamental para combater o isolamento frequentemente associado \u00e0 afasia.<\/section>\n<div class=\"section-divider\">\u25c6 \u25c6 \u25c6<\/div>\n<section class=\"dynseo-section\">\n<h2 id=\"section-3\">Exerc\u00edcios de Leitura e Escrita para Melhorar a Comunica\u00e7\u00e3o<\/h2>\n<p>A leitura e a escrita s\u00e3o componentes essenciais da comunica\u00e7\u00e3o que muitas vezes s\u00e3o afetados pela afasia. Para n\u00f3s, que enfrentamos essa condi\u00e7\u00e3o ou apoiamos algu\u00e9m que o faz, \u00e9 importante incorporar exerc\u00edcios de leitura e escrita na rotina di\u00e1ria. A leitura em voz alta pode ajudar a melhorar a flu\u00eancia verbal e a entona\u00e7\u00e3o, enquanto a escrita pode ser uma forma eficaz de expressar pensamentos que podem ser dif\u00edceis de verbalizar.<\/p>\n<p>Os exerc\u00edcios podem incluir atividades como ler livros simples ou artigos curtos e depois discutir o conte\u00fado. A escrita pode ser praticada atrav\u00e9s da reda\u00e7\u00e3o de di\u00e1rios ou cartas, permitindo que as pessoas expressem os seus sentimentos e experi\u00eancias. Esses exerc\u00edcios n\u00e3o s\u00f3 ajudam na recupera\u00e7\u00e3o das habilidades lingu\u00edsticas, mas tamb\u00e9m proporcionam uma forma de autoexpress\u00e3o que pode ser terap\u00eautica.<b><\/b><\/p>\n<p>\u00c0 medida que progredimos nessas \u00e1reas, come\u00e7amos a sentir uma maior confian\u00e7a na nossa capacidade de comunicar.<\/section>\n<section class=\"dynseo-section\">\n<h2 id=\"section-4\">Exerc\u00edcios de Mem\u00f3ria e Cogni\u00e7\u00e3o para Fortalecer as Habilidades Lingu\u00edsticas<\/h2>\n<p>A mem\u00f3ria e a cogni\u00e7\u00e3o s\u00e3o fundamentais para o desenvolvimento das habilidades lingu\u00edsticas. Quando nos dedicamos a exerc\u00edcios que estimulam essas \u00e1reas, estamos a criar uma base s\u00f3lida para melhorar a comunica\u00e7\u00e3o. Jogos de mem\u00f3ria, quebra-cabe\u00e7as e atividades que envolvem racioc\u00ednio l\u00f3gico podem ser incorporados \u00e0 rotina di\u00e1ria para fortalecer essas <a href=\"https:\/\/www.dynseo.com\/pt-pt\/como-pausas-regulares-de-movimento-melhoram-as-habilidades-cognitivas-das-criancas\/\" title=\"Como pausas regulares de movimento melhoram as habilidades cognitivas das crian\u00e7as\">habilidades cognitivas<\/a>.<b><\/b><\/p>\n<p>Al\u00e9m disso, exerc\u00edcios que envolvem recordar palavras ou frases espec\u00edficas ajudam a refor\u00e7ar as conex\u00f5es neurais associadas \u00e0 linguagem.<b> A pr\u00e1tica regular n\u00e3o s\u00f3 melhora a mem\u00f3ria verbal, mas tamb\u00e9m contribui para uma melhor organiza\u00e7\u00e3o do pensamento.<\/b> \u00c0 medida que avan\u00e7amos nesses exerc\u00edcios, notamos uma melhoria n\u00e3o apenas nas habilidades lingu\u00edsticas, mas tamb\u00e9m na nossa capacidade geral de racioc\u00ednio e resolu\u00e7\u00e3o de problemas.<\/section>\n<div class=\"section-divider\">\u25c6 \u25c6 \u25c6<\/div>\n<section class=\"dynseo-section\">\n<h2 id=\"section-5\">Exerc\u00edcios de Terapia de Grupo e Apoio Social na Reabilita\u00e7\u00e3o da Afasia<\/h2>\n<p><img decoding=\"async\" id=\"2\" style=\"max-width: 100%;margin-left: auto;margin-right: auto;width: 70%\" src=\"https:\/\/www.dynseo.com\/pt-pt\/wp-content\/uploads\/2025\/01\/image-425.jpg\" \/><\/p>\n<h3>O Ambiente Seguro<\/h3>\n<p>Participar de sess\u00f5es em grupo oferece um ambiente seguro onde podemos partilhar experi\u00eancias e desafios com outras pessoas que enfrentam situa\u00e7\u00f5es semelhantes. Essa intera\u00e7\u00e3o social \u00e9 fundamental para combater o isolamento e promover um sentido de comunidade.<\/p>\n<h3>O Apoio Social<\/h3>\n<p>Durante essas sess\u00f5es, podemos praticar habilidades de comunica\u00e7\u00e3o em um ambiente encorajador e solid\u00e1rio. O apoio social desempenha um papel crucial na motiva\u00e7\u00e3o e no progresso da reabilita\u00e7\u00e3o. Quando nos sentimos apoiados por amigos, familiares ou terapeutas, estamos mais propensos a persistir nos nossos esfor\u00e7os di\u00e1rios.<\/p>\n<h3>A Rede de Apoio<\/h3>\n<p>Al\u00e9m disso, as trocas sociais durante as sess\u00f5es em grupo podem proporcionar novas estrat\u00e9gias e perspectivas sobre como lidar com os desafios da afasia. Essa rede de apoio \u00e9 essencial para manter o \u00e2nimo e a determina\u00e7\u00e3o ao longo do processo de recupera\u00e7\u00e3o.<\/section>\n<section class=\"dynseo-section\">\n<h2 id=\"section-6\">Estrat\u00e9gias para Manter a Motiva\u00e7\u00e3o e a Consist\u00eancia nos Exerc\u00edcios Di\u00e1rios<\/h2>\n<p>Manter a motiva\u00e7\u00e3o ao longo do processo de reabilita\u00e7\u00e3o pode ser um desafio significativo. Para n\u00f3s, \u00e9 importante estabelecer metas realistas e celebrar cada pequeno progresso alcan\u00e7ado. Essas metas podem ser ajustadas conforme avan\u00e7amos, garantindo que continuemos desafiando-nos sem nos sentirmos sobrecarregados.<\/p>\n<p>Al\u00e9m disso, criar um ambiente positivo e encorajador em casa pode fazer uma grande diferen\u00e7a na nossa disposi\u00e7\u00e3o para praticar diariamente. Outra estrat\u00e9gia eficaz \u00e9 variar os tipos de exerc\u00edcios realizados. Incorporar diferentes atividades pode tornar o processo mais interessante e menos mon\u00f3tono.<\/p>\n<p>Por exemplo, alternar entre exerc\u00edcios de fala, leitura e jogos cognitivos pode manter o nosso interesse elevado. Tamb\u00e9m podemos envolver amigos ou familiares nas atividades, tornando-as mais sociais e divertidas. Ao encontrar formas criativas de manter a pr\u00e1tica di\u00e1ria envolvente, aumentamos as nossas chances de sucesso na reabilita\u00e7\u00e3o.<\/section>\n<div class=\"section-divider\">\u25c6 \u25c6 \u25c6<\/div>\n<section class=\"dynseo-section\">\n<h2 id=\"section-7\">Conclus\u00e3o: Superando os Desafios da Afasia com Dedica\u00e7\u00e3o e Persist\u00eancia<\/h2>\n<p>Superar os desafios da afasia exige dedica\u00e7\u00e3o e persist\u00eancia. Embora o caminho possa ser dif\u00edcil e repleto de obst\u00e1culos, cada passo dado em dire\u00e7\u00e3o \u00e0 recupera\u00e7\u00e3o \u00e9 uma conquista significativa. Ao incorporarmos exerc\u00edcios di\u00e1rios em nossa rotina e buscarmos apoio social, estamos n\u00e3o apenas a trabalhar nas nossas habilidades lingu\u00edsticas, mas tamb\u00e9m a fortalecer o nosso bem-estar emocional.<\/p>\n<p>\u00c9 fundamental lembrar que cada pessoa tem um ritmo \u00fanico de recupera\u00e7\u00e3o. O importante \u00e9 manter-se comprometido com o processo e celebrar cada pequena vit\u00f3ria ao longo do caminho. Com determina\u00e7\u00e3o e apoio adequado, podemos enfrentar os desafios da afasia e redescobrir o prazer da comunica\u00e7\u00e3o plena com os outros.<\/p>\n<p>A jornada pode ser longa, mas com esfor\u00e7o cont\u00ednuo e uma atitude positiva, podemos superar as barreiras impostas pela afasia e retomar as nossas vidas com confian\u00e7a renovada.<\/section>\n<\/div>\n<p>[\/et_pb_code][\/et_pb_column][\/et_pb_row][\/et_pb_section][et_pb_section fb_built=&#8221;1&#8243; _builder_version=&#8221;4.16&#8243;][et_pb_row][et_pb_column type=&#8221;4_4&#8243;][et_pb_code]<script type=\"application\/ld+json\">{\"@context\":\"https:\/\/schema.org\",\"@type\":\"FAQPage\",\"mainEntity\":[{\"@type\":\"Question\",\"name\":\"O que \u00e9 afasia e como ela afeta a comunica\u00e7\u00e3o?\",\"acceptedAnswer\":{\"@type\":\"Answer\",\"text\":\"A afasia \u00e9 uma condi\u00e7\u00e3o que afeta a capacidade de comunica\u00e7\u00e3o de uma pessoa, resultando em dificuldades na fala, na compreens\u00e3o, na leitura e na escrita. Ela pode surgir ap\u00f3s um acidente vascular cerebral (AVC), les\u00f5es cerebrais ou outras condi\u00e7\u00f5es neurol\u00f3gicas, e os seus efeitos podem variar significativamente de uma pessoa para outra.\"}},{\"@type\":\"Question\",\"name\":\"Quais s\u00e3o as principais causas da afasia?\",\"acceptedAnswer\":{\"@type\":\"Answer\",\"text\":\"A afasia pode surgir ap\u00f3s um acidente vascular cerebral (AVC), les\u00f5es cerebrais ou outras condi\u00e7\u00f5es neurol\u00f3gicas. Estas condi\u00e7\u00f5es podem danificar as \u00e1reas do c\u00e9rebro respons\u00e1veis pela linguagem e comunica\u00e7\u00e3o.\"}},{\"@type\":\"Question\",\"name\":\"Como a afasia impacta a vida social e emocional das pessoas?\",\"acceptedAnswer\":{\"@type\":\"Answer\",\"text\":\"Os desafios da afasia v\u00e3o al\u00e9m da dificuldade em encontrar as palavras certas. Muitas vezes, as pessoas afetadas sentem frustra\u00e7\u00e3o e isolamento, uma vez que a comunica\u00e7\u00e3o \u00e9 uma parte essencial da intera\u00e7\u00e3o humana. A luta di\u00e1ria para expressar pensamentos e sentimentos pode levar a sentimentos de ansiedade e depress\u00e3o.\"}},{\"@type\":\"Question\",\"name\":\"Por que os exerc\u00edcios di\u00e1rios s\u00e3o importantes na reabilita\u00e7\u00e3o da afasia?\",\"acceptedAnswer\":{\"@type\":\"Answer\",\"text\":\"A reabilita\u00e7\u00e3o da afasia requer um compromisso cont\u00ednuo com a pr\u00e1tica di\u00e1ria. Os exerc\u00edcios regulares s\u00e3o fundamentais para refor\u00e7ar as habilidades lingu\u00edsticas e promover o progresso na recupera\u00e7\u00e3o da comunica\u00e7\u00e3o.\"}},{\"@type\":\"Question\",\"name\":\"Como devemos abordar e apoiar pessoas com afasia?\",\"acceptedAnswer\":{\"@type\":\"Answer\",\"text\":\"\u00c9 crucial que abordemos a afasia com empatia e compreens\u00e3o, reconhecendo que cada pequeno progresso na reabilita\u00e7\u00e3o \u00e9 uma vit\u00f3ria significativa. O apoio social e a compreens\u00e3o s\u00e3o elementos essenciais no processo de reabilita\u00e7\u00e3o.\"}},{\"@type\":\"Question\",\"name\":\"A afasia afeta todas as pessoas da mesma forma?\",\"acceptedAnswer\":{\"@type\":\"Answer\",\"text\":\"N\u00e3o, os efeitos da afasia podem variar significativamente de uma pessoa para outra. Cada caso \u00e9 \u00fanico e requer uma abordagem personalizada na reabilita\u00e7\u00e3o, considerando as necessidades espec\u00edficas de cada indiv\u00edduo.\"}}]}<\/script><br \/>\n<script type=\"application\/ld+json\">{\"@context\":\"https:\/\/schema.org\",\"@type\":\"FAQPage\",\"mainEntity\":[{\"@type\":\"Question\",\"name\":\"O que \u00e9 afasia e como ela afeta a comunica\u00e7\u00e3o?\",\"acceptedAnswer\":{\"@type\":\"Answer\",\"text\":\"A afasia \u00e9 uma condi\u00e7\u00e3o que afeta a capacidade de comunica\u00e7\u00e3o de uma pessoa, resultando em dificuldades na fala, na compreens\u00e3o, na leitura e na escrita. Ela pode surgir ap\u00f3s um acidente vascular cerebral (AVC), les\u00f5es cerebrais ou outras condi\u00e7\u00f5es neurol\u00f3gicas, e os seus efeitos podem variar significativamente de uma pessoa para outra.\"}},{\"@type\":\"Question\",\"name\":\"Quais s\u00e3o as principais causas da afasia?\",\"acceptedAnswer\":{\"@type\":\"Answer\",\"text\":\"A afasia pode surgir ap\u00f3s um acidente vascular cerebral (AVC), les\u00f5es cerebrais ou outras condi\u00e7\u00f5es neurol\u00f3gicas. Estas condi\u00e7\u00f5es podem danificar as \u00e1reas do c\u00e9rebro respons\u00e1veis pela linguagem e comunica\u00e7\u00e3o.\"}},{\"@type\":\"Question\",\"name\":\"Como a afasia impacta a vida social e emocional das pessoas?\",\"acceptedAnswer\":{\"@type\":\"Answer\",\"text\":\"Os desafios da afasia v\u00e3o al\u00e9m da dificuldade em encontrar as palavras certas. Muitas vezes, as pessoas afetadas sentem frustra\u00e7\u00e3o e isolamento, uma vez que a comunica\u00e7\u00e3o \u00e9 uma parte essencial da intera\u00e7\u00e3o humana. A luta di\u00e1ria para expressar pensamentos e sentimentos pode levar a sentimentos de ansiedade e depress\u00e3o.\"}},{\"@type\":\"Question\",\"name\":\"Por que os exerc\u00edcios di\u00e1rios s\u00e3o importantes na reabilita\u00e7\u00e3o da afasia?\",\"acceptedAnswer\":{\"@type\":\"Answer\",\"text\":\"A reabilita\u00e7\u00e3o da afasia requer um compromisso cont\u00ednuo com a pr\u00e1tica di\u00e1ria. Os exerc\u00edcios regulares s\u00e3o fundamentais para refor\u00e7ar as habilidades lingu\u00edsticas e promover o progresso na recupera\u00e7\u00e3o da comunica\u00e7\u00e3o.\"}},{\"@type\":\"Question\",\"name\":\"Como devemos abordar e apoiar pessoas com afasia?\",\"acceptedAnswer\":{\"@type\":\"Answer\",\"text\":\"\u00c9 crucial que abordemos a afasia com empatia e compreens\u00e3o, reconhecendo que cada pequeno progresso na reabilita\u00e7\u00e3o \u00e9 uma vit\u00f3ria significativa. O apoio social e a compreens\u00e3o s\u00e3o elementos essenciais no processo de reabilita\u00e7\u00e3o.\"}},{\"@type\":\"Question\",\"name\":\"A afasia afeta todas as pessoas da mesma forma?\",\"acceptedAnswer\":{\"@type\":\"Answer\",\"text\":\"N\u00e3o, os efeitos da afasia podem variar significativamente de uma pessoa para outra. Cada caso \u00e9 \u00fanico e requer uma abordagem personalizada na reabilita\u00e7\u00e3o, considerando as necessidades espec\u00edficas de cada indiv\u00edduo.\"}}]}<\/script>[\/et_pb_code][\/et_pb_column][\/et_pb_row][\/et_pb_section]<\/p>\n","protected":false},"excerpt":{"rendered":"<div class=\"et_pb_row et_pb_row_0 et_pb_row_empty\">\n\t\t\t\t\n\t\t\t\t\n\t\t\t\t\n\t\t\t\t\n\t\t\t\t\n\t\t\t<\/div>\n","protected":false},"author":4,"featured_media":400878,"comment_status":"closed","ping_status":"closed","sticky":false,"template":"","format":"standard","meta":{"_et_pb_use_builder":"on","_et_pb_old_content":"","_et_gb_content_width":"","footnotes":""},"categories":[2984,3003],"tags":[],"class_list":["post-145107","post","type-post","status-publish","format-standard","has-post-thumbnail","hentry","category-tudo-sobre-o-avc","category-3003"],"yoast_head":"<!-- This site is optimized with the Yoast SEO plugin v27.4 - https:\/\/yoast.com\/product\/yoast-seo-wordpress\/ -->\n<title>Como superar os desafios da afasia com exerc\u00edcios di\u00e1rios - DYNSEO - Aplica\u00e7\u00f5es educativas e jogos de mem\u00f3ria<\/title>\n<meta name=\"robots\" content=\"index, follow, max-snippet:-1, max-image-preview:large, max-video-preview:-1\" \/>\n<link rel=\"canonical\" href=\"https:\/\/www.dynseo.com\/pt-pt\/como-superar-os-desafios-da-afasia-com-exercicios-diarios\/\" \/>\n<meta property=\"og:locale\" content=\"pt_PT\" \/>\n<meta property=\"og:type\" content=\"article\" \/>\n<meta property=\"og:title\" content=\"Como superar os desafios da afasia com exerc\u00edcios di\u00e1rios - DYNSEO - Aplica\u00e7\u00f5es educativas e jogos de mem\u00f3ria\" \/>\n<meta property=\"og:url\" content=\"https:\/\/www.dynseo.com\/pt-pt\/como-superar-os-desafios-da-afasia-com-exercicios-diarios\/\" \/>\n<meta property=\"og:site_name\" content=\"DYNSEO - Aplica\u00e7\u00f5es educativas e jogos de mem\u00f3ria\" \/>\n<meta property=\"article:published_time\" content=\"2025-06-03T11:36:29+00:00\" \/>\n<meta property=\"article:modified_time\" content=\"2025-12-26T14:54:14+00:00\" \/>\n<meta property=\"og:image\" content=\"https:\/\/www.dynseo.com\/wp-content\/uploads\/2025\/06\/WhatsApp-Image-2025-07-09-at-10.34.31_89a8d049.jpg\" \/>\n\t<meta property=\"og:image:width\" content=\"1600\" \/>\n\t<meta property=\"og:image:height\" content=\"1135\" \/>\n\t<meta property=\"og:image:type\" content=\"image\/jpeg\" \/>\n<meta name=\"author\" content=\"DYNSEO\" \/>\n<meta name=\"twitter:label1\" content=\"Escrito por\" \/>\n\t<meta name=\"twitter:data1\" content=\"DYNSEO\" \/>\n\t<meta name=\"twitter:label2\" content=\"Tempo estimado de leitura\" \/>\n\t<meta name=\"twitter:data2\" content=\"8 minutos\" \/>\n<script type=\"application\/ld+json\" class=\"yoast-schema-graph\">{\"@context\":\"https:\\\/\\\/schema.org\",\"@graph\":[{\"@type\":\"Article\",\"@id\":\"https:\\\/\\\/www.dynseo.com\\\/pt-pt\\\/como-superar-os-desafios-da-afasia-com-exercicios-diarios\\\/#article\",\"isPartOf\":{\"@id\":\"https:\\\/\\\/www.dynseo.com\\\/pt-pt\\\/como-superar-os-desafios-da-afasia-com-exercicios-diarios\\\/\"},\"author\":{\"name\":\"DYNSEO\",\"@id\":\"https:\\\/\\\/www.dynseo.com\\\/pt-pt\\\/#\\\/schema\\\/person\\\/78ef63df2ee64e0989bc68f8401b38d6\"},\"headline\":\"Como superar os desafios da afasia com exerc\u00edcios di\u00e1rios\",\"datePublished\":\"2025-06-03T11:36:29+00:00\",\"dateModified\":\"2025-12-26T14:54:14+00:00\",\"mainEntityOfPage\":{\"@id\":\"https:\\\/\\\/www.dynseo.com\\\/pt-pt\\\/como-superar-os-desafios-da-afasia-com-exercicios-diarios\\\/\"},\"wordCount\":1594,\"publisher\":{\"@id\":\"https:\\\/\\\/www.dynseo.com\\\/pt-pt\\\/#organization\"},\"image\":{\"@id\":\"https:\\\/\\\/www.dynseo.com\\\/pt-pt\\\/como-superar-os-desafios-da-afasia-com-exercicios-diarios\\\/#primaryimage\"},\"thumbnailUrl\":\"https:\\\/\\\/www.dynseo.com\\\/wp-content\\\/uploads\\\/2025\\\/06\\\/WhatsApp-Image-2025-07-09-at-10.34.31_89a8d049.jpg\",\"articleSection\":[\"Tudo sobre o AVC\",\"\u5173\u4e8e\u4e2d\u98ce - Stroke\"],\"inLanguage\":\"pt-PT\"},{\"@type\":\"WebPage\",\"@id\":\"https:\\\/\\\/www.dynseo.com\\\/pt-pt\\\/como-superar-os-desafios-da-afasia-com-exercicios-diarios\\\/\",\"url\":\"https:\\\/\\\/www.dynseo.com\\\/pt-pt\\\/como-superar-os-desafios-da-afasia-com-exercicios-diarios\\\/\",\"name\":\"Como superar os desafios da afasia com exerc\u00edcios di\u00e1rios - DYNSEO - Aplica\u00e7\u00f5es educativas e jogos de mem\u00f3ria\",\"isPartOf\":{\"@id\":\"https:\\\/\\\/www.dynseo.com\\\/pt-pt\\\/#website\"},\"primaryImageOfPage\":{\"@id\":\"https:\\\/\\\/www.dynseo.com\\\/pt-pt\\\/como-superar-os-desafios-da-afasia-com-exercicios-diarios\\\/#primaryimage\"},\"image\":{\"@id\":\"https:\\\/\\\/www.dynseo.com\\\/pt-pt\\\/como-superar-os-desafios-da-afasia-com-exercicios-diarios\\\/#primaryimage\"},\"thumbnailUrl\":\"https:\\\/\\\/www.dynseo.com\\\/wp-content\\\/uploads\\\/2025\\\/06\\\/WhatsApp-Image-2025-07-09-at-10.34.31_89a8d049.jpg\",\"datePublished\":\"2025-06-03T11:36:29+00:00\",\"dateModified\":\"2025-12-26T14:54:14+00:00\",\"breadcrumb\":{\"@id\":\"https:\\\/\\\/www.dynseo.com\\\/pt-pt\\\/como-superar-os-desafios-da-afasia-com-exercicios-diarios\\\/#breadcrumb\"},\"inLanguage\":\"pt-PT\",\"potentialAction\":[{\"@type\":\"ReadAction\",\"target\":[\"https:\\\/\\\/www.dynseo.com\\\/pt-pt\\\/como-superar-os-desafios-da-afasia-com-exercicios-diarios\\\/\"]}]},{\"@type\":\"ImageObject\",\"inLanguage\":\"pt-PT\",\"@id\":\"https:\\\/\\\/www.dynseo.com\\\/pt-pt\\\/como-superar-os-desafios-da-afasia-com-exercicios-diarios\\\/#primaryimage\",\"url\":\"https:\\\/\\\/www.dynseo.com\\\/wp-content\\\/uploads\\\/2025\\\/06\\\/WhatsApp-Image-2025-07-09-at-10.34.31_89a8d049.jpg\",\"contentUrl\":\"https:\\\/\\\/www.dynseo.com\\\/wp-content\\\/uploads\\\/2025\\\/06\\\/WhatsApp-Image-2025-07-09-at-10.34.31_89a8d049.jpg\",\"width\":1600,\"height\":1135,\"caption\":\"Tablet educativo: uma ferramenta poderosa para estimular a mente das crian\u00e7as\"},{\"@type\":\"BreadcrumbList\",\"@id\":\"https:\\\/\\\/www.dynseo.com\\\/pt-pt\\\/como-superar-os-desafios-da-afasia-com-exercicios-diarios\\\/#breadcrumb\",\"itemListElement\":[{\"@type\":\"ListItem\",\"position\":1,\"name\":\"Accueil\",\"item\":\"https:\\\/\\\/www.dynseo.com\\\/pt-pt\\\/\"},{\"@type\":\"ListItem\",\"position\":2,\"name\":\"Como superar os desafios da afasia com exerc\u00edcios di\u00e1rios\"}]},{\"@type\":\"WebSite\",\"@id\":\"https:\\\/\\\/www.dynseo.com\\\/pt-pt\\\/#website\",\"url\":\"https:\\\/\\\/www.dynseo.com\\\/pt-pt\\\/\",\"name\":\"Jeux de m\u00e9moire et stimulation cognitive\",\"description\":\"Entra\u00eenez votre m\u00e9moire et votre cerveau avec DYNSEO\",\"publisher\":{\"@id\":\"https:\\\/\\\/www.dynseo.com\\\/pt-pt\\\/#organization\"},\"potentialAction\":[{\"@type\":\"SearchAction\",\"target\":{\"@type\":\"EntryPoint\",\"urlTemplate\":\"https:\\\/\\\/www.dynseo.com\\\/pt-pt\\\/?s={search_term_string}\"},\"query-input\":{\"@type\":\"PropertyValueSpecification\",\"valueRequired\":true,\"valueName\":\"search_term_string\"}}],\"inLanguage\":\"pt-PT\"},{\"@type\":\"Organization\",\"@id\":\"https:\\\/\\\/www.dynseo.com\\\/pt-pt\\\/#organization\",\"name\":\"DYNSEO\",\"url\":\"https:\\\/\\\/www.dynseo.com\\\/pt-pt\\\/\",\"logo\":{\"@type\":\"ImageObject\",\"inLanguage\":\"pt-PT\",\"@id\":\"https:\\\/\\\/www.dynseo.com\\\/pt-pt\\\/#\\\/schema\\\/logo\\\/image\\\/\",\"url\":\"https:\\\/\\\/www.dynseo.com\\\/wp-content\\\/uploads\\\/2022\\\/05\\\/logo-dynseo-new.png\",\"contentUrl\":\"https:\\\/\\\/www.dynseo.com\\\/wp-content\\\/uploads\\\/2022\\\/05\\\/logo-dynseo-new.png\",\"width\":5073,\"height\":1397,\"caption\":\"DYNSEO\"},\"image\":{\"@id\":\"https:\\\/\\\/www.dynseo.com\\\/pt-pt\\\/#\\\/schema\\\/logo\\\/image\\\/\"}},{\"@type\":\"Person\",\"@id\":\"https:\\\/\\\/www.dynseo.com\\\/pt-pt\\\/#\\\/schema\\\/person\\\/78ef63df2ee64e0989bc68f8401b38d6\",\"name\":\"DYNSEO\",\"url\":\"https:\\\/\\\/www.dynseo.com\\\/pt-pt\\\/author\\\/justine\\\/\"}]}<\/script>\n<!-- \/ Yoast SEO plugin. -->","yoast_head_json":{"title":"Como superar os desafios da afasia com exerc\u00edcios di\u00e1rios - DYNSEO - Aplica\u00e7\u00f5es educativas e jogos de mem\u00f3ria","robots":{"index":"index","follow":"follow","max-snippet":"max-snippet:-1","max-image-preview":"max-image-preview:large","max-video-preview":"max-video-preview:-1"},"canonical":"https:\/\/www.dynseo.com\/pt-pt\/como-superar-os-desafios-da-afasia-com-exercicios-diarios\/","og_locale":"pt_PT","og_type":"article","og_title":"Como superar os desafios da afasia com exerc\u00edcios di\u00e1rios - DYNSEO - Aplica\u00e7\u00f5es educativas e jogos de mem\u00f3ria","og_url":"https:\/\/www.dynseo.com\/pt-pt\/como-superar-os-desafios-da-afasia-com-exercicios-diarios\/","og_site_name":"DYNSEO - Aplica\u00e7\u00f5es educativas e jogos de mem\u00f3ria","article_published_time":"2025-06-03T11:36:29+00:00","article_modified_time":"2025-12-26T14:54:14+00:00","og_image":[{"width":1600,"height":1135,"url":"https:\/\/www.dynseo.com\/wp-content\/uploads\/2025\/06\/WhatsApp-Image-2025-07-09-at-10.34.31_89a8d049.jpg","type":"image\/jpeg"}],"author":"DYNSEO","twitter_misc":{"Escrito por":"DYNSEO","Tempo estimado de leitura":"8 minutos"},"schema":{"@context":"https:\/\/schema.org","@graph":[{"@type":"Article","@id":"https:\/\/www.dynseo.com\/pt-pt\/como-superar-os-desafios-da-afasia-com-exercicios-diarios\/#article","isPartOf":{"@id":"https:\/\/www.dynseo.com\/pt-pt\/como-superar-os-desafios-da-afasia-com-exercicios-diarios\/"},"author":{"name":"DYNSEO","@id":"https:\/\/www.dynseo.com\/pt-pt\/#\/schema\/person\/78ef63df2ee64e0989bc68f8401b38d6"},"headline":"Como superar os desafios da afasia com exerc\u00edcios di\u00e1rios","datePublished":"2025-06-03T11:36:29+00:00","dateModified":"2025-12-26T14:54:14+00:00","mainEntityOfPage":{"@id":"https:\/\/www.dynseo.com\/pt-pt\/como-superar-os-desafios-da-afasia-com-exercicios-diarios\/"},"wordCount":1594,"publisher":{"@id":"https:\/\/www.dynseo.com\/pt-pt\/#organization"},"image":{"@id":"https:\/\/www.dynseo.com\/pt-pt\/como-superar-os-desafios-da-afasia-com-exercicios-diarios\/#primaryimage"},"thumbnailUrl":"https:\/\/www.dynseo.com\/wp-content\/uploads\/2025\/06\/WhatsApp-Image-2025-07-09-at-10.34.31_89a8d049.jpg","articleSection":["Tudo sobre o AVC","\u5173\u4e8e\u4e2d\u98ce - Stroke"],"inLanguage":"pt-PT"},{"@type":"WebPage","@id":"https:\/\/www.dynseo.com\/pt-pt\/como-superar-os-desafios-da-afasia-com-exercicios-diarios\/","url":"https:\/\/www.dynseo.com\/pt-pt\/como-superar-os-desafios-da-afasia-com-exercicios-diarios\/","name":"Como superar os desafios da afasia com exerc\u00edcios di\u00e1rios - DYNSEO - Aplica\u00e7\u00f5es educativas e jogos de mem\u00f3ria","isPartOf":{"@id":"https:\/\/www.dynseo.com\/pt-pt\/#website"},"primaryImageOfPage":{"@id":"https:\/\/www.dynseo.com\/pt-pt\/como-superar-os-desafios-da-afasia-com-exercicios-diarios\/#primaryimage"},"image":{"@id":"https:\/\/www.dynseo.com\/pt-pt\/como-superar-os-desafios-da-afasia-com-exercicios-diarios\/#primaryimage"},"thumbnailUrl":"https:\/\/www.dynseo.com\/wp-content\/uploads\/2025\/06\/WhatsApp-Image-2025-07-09-at-10.34.31_89a8d049.jpg","datePublished":"2025-06-03T11:36:29+00:00","dateModified":"2025-12-26T14:54:14+00:00","breadcrumb":{"@id":"https:\/\/www.dynseo.com\/pt-pt\/como-superar-os-desafios-da-afasia-com-exercicios-diarios\/#breadcrumb"},"inLanguage":"pt-PT","potentialAction":[{"@type":"ReadAction","target":["https:\/\/www.dynseo.com\/pt-pt\/como-superar-os-desafios-da-afasia-com-exercicios-diarios\/"]}]},{"@type":"ImageObject","inLanguage":"pt-PT","@id":"https:\/\/www.dynseo.com\/pt-pt\/como-superar-os-desafios-da-afasia-com-exercicios-diarios\/#primaryimage","url":"https:\/\/www.dynseo.com\/wp-content\/uploads\/2025\/06\/WhatsApp-Image-2025-07-09-at-10.34.31_89a8d049.jpg","contentUrl":"https:\/\/www.dynseo.com\/wp-content\/uploads\/2025\/06\/WhatsApp-Image-2025-07-09-at-10.34.31_89a8d049.jpg","width":1600,"height":1135,"caption":"Tablet educativo: uma ferramenta poderosa para estimular a mente das crian\u00e7as"},{"@type":"BreadcrumbList","@id":"https:\/\/www.dynseo.com\/pt-pt\/como-superar-os-desafios-da-afasia-com-exercicios-diarios\/#breadcrumb","itemListElement":[{"@type":"ListItem","position":1,"name":"Accueil","item":"https:\/\/www.dynseo.com\/pt-pt\/"},{"@type":"ListItem","position":2,"name":"Como superar os desafios da afasia com exerc\u00edcios di\u00e1rios"}]},{"@type":"WebSite","@id":"https:\/\/www.dynseo.com\/pt-pt\/#website","url":"https:\/\/www.dynseo.com\/pt-pt\/","name":"Jeux de m\u00e9moire et stimulation cognitive","description":"Entra\u00eenez votre m\u00e9moire et votre cerveau avec DYNSEO","publisher":{"@id":"https:\/\/www.dynseo.com\/pt-pt\/#organization"},"potentialAction":[{"@type":"SearchAction","target":{"@type":"EntryPoint","urlTemplate":"https:\/\/www.dynseo.com\/pt-pt\/?s={search_term_string}"},"query-input":{"@type":"PropertyValueSpecification","valueRequired":true,"valueName":"search_term_string"}}],"inLanguage":"pt-PT"},{"@type":"Organization","@id":"https:\/\/www.dynseo.com\/pt-pt\/#organization","name":"DYNSEO","url":"https:\/\/www.dynseo.com\/pt-pt\/","logo":{"@type":"ImageObject","inLanguage":"pt-PT","@id":"https:\/\/www.dynseo.com\/pt-pt\/#\/schema\/logo\/image\/","url":"https:\/\/www.dynseo.com\/wp-content\/uploads\/2022\/05\/logo-dynseo-new.png","contentUrl":"https:\/\/www.dynseo.com\/wp-content\/uploads\/2022\/05\/logo-dynseo-new.png","width":5073,"height":1397,"caption":"DYNSEO"},"image":{"@id":"https:\/\/www.dynseo.com\/pt-pt\/#\/schema\/logo\/image\/"}},{"@type":"Person","@id":"https:\/\/www.dynseo.com\/pt-pt\/#\/schema\/person\/78ef63df2ee64e0989bc68f8401b38d6","name":"DYNSEO","url":"https:\/\/www.dynseo.com\/pt-pt\/author\/justine\/"}]}},"_links":{"self":[{"href":"https:\/\/www.dynseo.com\/pt-pt\/wp-json\/wp\/v2\/posts\/145107","targetHints":{"allow":["GET"]}}],"collection":[{"href":"https:\/\/www.dynseo.com\/pt-pt\/wp-json\/wp\/v2\/posts"}],"about":[{"href":"https:\/\/www.dynseo.com\/pt-pt\/wp-json\/wp\/v2\/types\/post"}],"author":[{"embeddable":true,"href":"https:\/\/www.dynseo.com\/pt-pt\/wp-json\/wp\/v2\/users\/4"}],"replies":[{"embeddable":true,"href":"https:\/\/www.dynseo.com\/pt-pt\/wp-json\/wp\/v2\/comments?post=145107"}],"version-history":[{"count":7,"href":"https:\/\/www.dynseo.com\/pt-pt\/wp-json\/wp\/v2\/posts\/145107\/revisions"}],"predecessor-version":[{"id":457116,"href":"https:\/\/www.dynseo.com\/pt-pt\/wp-json\/wp\/v2\/posts\/145107\/revisions\/457116"}],"wp:featuredmedia":[{"embeddable":true,"href":"https:\/\/www.dynseo.com\/pt-pt\/wp-json\/wp\/v2\/media\/400878"}],"wp:attachment":[{"href":"https:\/\/www.dynseo.com\/pt-pt\/wp-json\/wp\/v2\/media?parent=145107"}],"wp:term":[{"taxonomy":"category","embeddable":true,"href":"https:\/\/www.dynseo.com\/pt-pt\/wp-json\/wp\/v2\/categories?post=145107"},{"taxonomy":"post_tag","embeddable":true,"href":"https:\/\/www.dynseo.com\/pt-pt\/wp-json\/wp\/v2\/tags?post=145107"}],"curies":[{"name":"wp","href":"https:\/\/api.w.org\/{rel}","templated":true}]}}