{"id":405669,"date":"2025-07-30T00:16:40","date_gmt":"2025-07-29T22:16:40","guid":{"rendered":"https:\/\/www.dynseo.com\/as-chaves-para-ajudar-os-alunos-com-dificuldades-a-gerir-o-cansaco-e-a-exaustao-na-sala-de-aula\/"},"modified":"2026-04-27T07:57:23","modified_gmt":"2026-04-27T05:57:23","slug":"as-chaves-para-ajudar-os-alunos-em-dificuldade-a-gerir-a-fadiga-e-o-esgotamento-na-sala-de-aula","status":"publish","type":"post","link":"https:\/\/www.dynseo.com\/pt-pt\/as-chaves-para-ajudar-os-alunos-em-dificuldade-a-gerir-a-fadiga-e-o-esgotamento-na-sala-de-aula\/","title":{"rendered":"As chaves para ajudar os alunos em dificuldade a gerir a fadiga e o esgotamento na sala de aula"},"content":{"rendered":"<p>[et_pb_section fb_built=&#8221;1&#8243; _builder_version=&#8221;4.16&#8243; custom_padding=&#8221;0px|0px|0px|0px|false|false&#8221; margin_top=&#8221;0px&#8221; margin_bottom=&#8221;0px&#8221; global_colors_info=&#8221;{}&#8221;][et_pb_row _builder_version=&#8221;4.16&#8243; custom_padding=&#8221;0px|0px|0px|0px|false|false&#8221; margin_top=&#8221;0px&#8221; margin_bottom=&#8221;0px&#8221; column_structure=&#8221;4_4&#8243; global_colors_info=&#8221;{}&#8221;][et_pb_column type=&#8221;4_4&#8243; _builder_version=&#8221;4.16&#8243; custom_padding=&#8221;0px|0px|0px|0px|false|false&#8221; global_colors_info=&#8221;{}&#8221;][et_pb_code _builder_version=&#8221;4.16&#8243; custom_padding=&#8221;0px|0px|0px|0px|false|false&#8221; global_colors_info=&#8221;{}&#8221;]<!DOCTYPE html><!\u2013- [et_pb_br_holder] -\u2013><br \/>\n<html lang=\"fr\"><!\u2013- [et_pb_br_holder] -\u2013><br \/>\n<head><!\u2013- [et_pb_br_holder] -\u2013><br \/>\n    <meta charset=\"UTF-8\"><!\u2013- [et_pb_br_holder] -\u2013><br \/>\n    <meta name=\"viewport\" content=\"width=device-width, initial-scale=1.0\"><!\u2013- [et_pb_br_holder] -\u2013><br \/>\n    <title>Les cl\u00e9s pour aider les \u00e9l\u00e8ves en difficult\u00e9 \u00e0 g\u00e9rer la fatigue et l&#8217;\u00e9puisement en classe | DYNSEO<\/title><!\u2013- [et_pb_br_holder] -\u2013><br \/>\n    <meta name=\"description\" content=\"D\u00e9couvrez des strat\u00e9gies efficaces pour aider les \u00e9l\u00e8ves DYS et TDAH \u00e0 g\u00e9rer leur fatigue en classe. Conseils pratiques et outils p\u00e9dagogiques adapt\u00e9s.\"><\/pee>\n<link rel=\"preconnect\" href=\"https:\/\/fonts.googleapis.com\">\n    <link rel=\"preconnect\" href=\"https:\/\/fonts.gstatic.com\" crossorigin>\n    <link href=\"https:\/\/fonts.googleapis.com\/css2?family=Montserrat:wght@400;500;600;700&#038;family=Poppins:wght@300;400;500;600&#038;display=swap\" rel=\"stylesheet\">\n<style>\n        :root {\n            --blue: #5e5ed7;\n            --blue-dark: #5268c9;\n            --teal: #a9e2e4;\n            --yellow: #ffeca7;\n            --pink: #e73469;\n            --white: #ffffff;\n            --gray-light: #f8f9fa;\n            --gray: #6c757d;\n            --dark: #333333;\n        }<\/pee>\n<pee>        * {\n            margin: 0;\n            padding: 0;\n            box-sizing: border-box;\n        }<\/pee>\n<pee>        body {\n            font-family: 'Poppins', sans-serif;\n            line-height: 1.6;\n            color: var(--dark);\n            background-color: var(--white);\n        }<\/pee>\n<pee>        h1, h2, h3, h4, h5, h6 {\n            font-family: 'Montserrat', sans-serif;\n            font-weight: 600;\n            line-height: 1.3;\n            margin-bottom: 1rem;\n        }<\/pee>\n<pee>        .container {\n            max-width: 1200px;\n            margin: 0 auto;\n            padding: 0 20px;\n        }<\/pee>\n<pee>        .article-hero {\n            background: linear-gradient(135deg, var(--blue) 0%, var(--blue-dark) 100%);\n            color: var(--white);\n            padding: 80px 0 120px;\n            position: relative;\n            overflow: hidden;\n        }<\/pee>\n<pee>        .article-hero::before {\n            content: '';\n            position: absolute;\n            top: 0;\n            left: 0;\n            right: 0;\n            bottom: 0;\n            background: url('data:image\/svg+xml,<svg xmlns=\"http:\/\/www.w3.org\/2000\/svg\" viewBox=\"0 0 100 100\"><circle cx=\"20\" cy=\"20\" r=\"2\" fill=\"rgba(255,255,255,0.1)\"\/><circle cx=\"80\" cy=\"40\" r=\"1.5\" fill=\"rgba(255,255,255,0.1)\"\/><circle cx=\"40\" cy=\"70\" r=\"1\" fill=\"rgba(255,255,255,0.1)\"\/><\/svg>');\n            opacity: 0.3;\n        }<\/pee>\n<pee>        .article-hero-inner {\n            position: relative;\n            z-index: 2;\n        }<\/pee>\n<pee>        .article-breadcrumb {\n            font-size: 14px;\n            margin-bottom: 20px;\n            opacity: 0.9;\n        }<\/pee>\n<pee>        .article-breadcrumb a {\n            color: var(--white);\n            text-decoration: none;\n            opacity: 0.8;\n        }<\/pee>\n<pee>        .article-category {\n            display: inline-block;\n            background: var(--pink);\n            color: var(--white);\n            padding: 8px 16px;\n            border-radius: 20px;\n            font-size: 14px;\n            font-weight: 500;\n            margin-bottom: 20px;\n        }<\/pee>\n<pee>        .article-hero h1 {\n            font-size: 2.5rem;\n            font-weight: 700;\n            margin-bottom: 20px;\n            line-height: 1.2;\n        }<\/pee>\n<pee>        .hl {\n            background: linear-gradient(120deg, var(--yellow) 0%, var(--teal) 100%);\n            -webkit-background-clip: text;\n            -webkit-text-fill-color: transparent;\n            background-clip: text;\n        }<\/pee>\n<pee>        .article-meta {\n            display: flex;\n            flex-wrap: wrap;\n            gap: 20px;\n            margin-bottom: 30px;\n            font-size: 14px;\n            opacity: 0.9;\n        }<\/pee>\n<pee>        .article-meta > div {\n            display: flex;\n            align-items: center;\n            gap: 5px;\n        }<\/pee>\n<pee>        .rating-stars {\n            color: var(--yellow);\n            margin-left: 10px;\n        }<\/pee>\n<pee>        .article-hero-curve {\n            position: absolute;\n            bottom: -1px;\n            left: 0;\n            right: 0;\n            height: 60px;\n            background: var(--white);\n            clip-path: ellipse(100% 100% at 50% 100%);\n        }<\/pee>\n<pee>        .article-body {\n            padding: 60px 0;\n            background: var(--gray-light);\n        }<\/pee>\n<pee>        .intro-block {\n            background: var(--white);\n            padding: 40px;\n            border-radius: 15px;\n            box-shadow: 0 10px 30px rgba(0,0,0,0.1);\n            margin-bottom: 50px;\n            font-size: 1.1rem;\n            line-height: 1.8;\n        }<\/pee>\n<pee>        .stats-grid {\n            display: grid;\n            grid-template-columns: repeat(auto-fit, minmax(250px, 1fr));\n            gap: 30px;\n            margin-bottom: 60px;\n        }<\/pee>\n<pee>        .stat-card {\n            background: var(--white);\n            padding: 30px;\n            border-radius: 15px;\n            text-align: center;\n            box-shadow: 0 10px 30px rgba(0,0,0,0.1);\n            border-top: 4px solid var(--blue);\n        }<\/pee>\n<pee>        .stat-card .number {\n            font-size: 2.5rem;\n            font-weight: 700;\n            color: var(--blue);\n            margin-bottom: 10px;\n            font-family: 'Montserrat', sans-serif;\n        }<\/pee>\n<pee>        .stat-card .label {\n            font-size: 1rem;\n            color: var(--gray);\n            font-weight: 500;\n        }<\/pee>\n<pee>        .article-body h2 {\n            font-size: 2rem;\n            margin: 60px 0 30px;\n            color: var(--blue-dark);\n            position: relative;\n            padding-left: 20px;\n        }<\/pee>\n<pee>        .article-body h2::before {\n            content: '';\n            position: absolute;\n            left: 0;\n            top: 0;\n            bottom: 0;\n            width: 4px;\n            background: linear-gradient(135deg, var(--blue), var(--pink));\n            border-radius: 2px;\n        }<\/pee>\n<pee>        .article-body h3 {\n            font-size: 1.5rem;\n            margin: 40px 0 20px;\n            color: var(--blue);\n        }<\/pee>\n<pee>        .article-body p {\n            margin-bottom: 20px;\n            line-height: 1.8;\n            font-size: 1.05rem;\n        }<\/pee>\n<pee>        .article-body ul, .article-body ol {\n            margin: 20px 0;\n            padding-left: 30px;\n        }<\/pee>\n<pee>        .article-body li {\n            margin-bottom: 10px;\n            line-height: 1.7;\n        }<\/pee>\n<pee>        .conseil-card {\n            background: linear-gradient(135deg, var(--teal), var(--yellow));\n            padding: 30px;\n            border-radius: 15px;\n            margin: 30px 0;\n            box-shadow: 0 10px 25px rgba(0,0,0,0.1);\n        }<\/pee>\n<pee>        .conseil-card h4 {\n            color: var(--dark);\n            margin-bottom: 15px;\n            font-size: 1.3rem;\n        }<\/pee>\n<pee>        .key-points {\n            background: var(--white);\n            padding: 30px;\n            border-radius: 15px;\n            margin: 30px 0;\n            border-left: 5px solid var(--blue);\n            box-shadow: 0 5px 15px rgba(0,0,0,0.08);\n        }<\/pee>\n<pee>        .key-points h4 {\n            color: var(--blue);\n            margin-bottom: 20px;\n            font-size: 1.3rem;\n        }<\/pee>\n<pee>        .tip-box {\n            background: var(--gray-light);\n            border: 2px solid var(--teal);\n            padding: 25px;\n            border-radius: 12px;\n            margin: 25px 0;\n            position: relative;\n        }<\/pee>\n<pee>        .tip-box-label {\n            background: var(--teal);\n            color: var(--dark);\n            padding: 5px 15px;\n            border-radius: 20px;\n            font-size: 14px;\n            font-weight: 600;\n            position: absolute;\n            top: -12px;\n            left: 20px;\n        }<\/pee>\n<pee>        .expert-box {\n            background: linear-gradient(135deg, var(--blue-dark), var(--blue));\n            color: var(--white);\n            padding: 35px;\n            border-radius: 15px;\n            margin: 40px 0;\n            position: relative;\n            overflow: hidden;\n        }<\/pee>\n<pee>        .expert-box::before {\n            content: '\ud83d\udca1';\n            position: absolute;\n            top: 20px;\n            right: 20px;\n            font-size: 2rem;\n            opacity: 0.7;\n        }<\/pee>\n<pee>        .expert-box-label {\n            background: var(--yellow);\n            color: var(--dark);\n            padding: 5px 15px;\n            border-radius: 20px;\n            font-size: 14px;\n            font-weight: 600;\n            display: inline-block;\n            margin-bottom: 15px;\n        }<\/pee>\n<pee>        .expert-box-title {\n            font-size: 1.4rem;\n            margin-bottom: 15px;\n            color: var(--white);\n        }<\/pee>\n<pee>        .expert-inner {\n            background: rgba(255,255,255,0.1);\n            padding: 25px;\n            border-radius: 10px;\n            margin-top: 20px;\n            border: 1px solid rgba(255,255,255,0.2);\n        }<\/pee>\n<pee>        .expert-inner-title {\n            font-size: 1.2rem;\n            margin-bottom: 15px;\n            color: var(--yellow);\n        }<\/pee>\n<pee>        .faq-list {\n            background: var(--white);\n            border-radius: 15px;\n            overflow: hidden;\n            box-shadow: 0 10px 30px rgba(0,0,0,0.1);\n            margin: 50px 0;\n        }<\/pee>\n<pee>        .faq-item {\n            border-bottom: 1px solid var(--gray-light);\n        }<\/pee>\n<pee>        .faq-item:last-child {\n            border-bottom: none;\n        }<\/pee>\n<pee>        .faq-q {\n            padding: 25px;\n            cursor: pointer;\n            display: flex;\n            justify-content: space-between;\n            align-items: center;\n            background: var(--white);\n            transition: all 0.3s ease;\n            font-weight: 600;\n            color: var(--dark);\n        }<\/pee>\n<pee>        .faq-q:hover {\n            background: var(--gray-light);\n        }<\/pee>\n<pee>        .faq-icon {\n            width: 24px;\n            height: 24px;\n            background: var(--blue);\n            color: var(--white);\n            border-radius: 50%;\n            display: flex;\n            align-items: center;\n            justify-content: center;\n            font-weight: bold;\n            transition: transform 0.3s ease;\n        }<\/pee>\n<pee>        .faq-item.open .faq-icon {\n            transform: rotate(45deg);\n        }<\/pee>\n<pee>        .faq-a {\n            padding: 0 25px;\n            max-height: 0;\n            overflow: hidden;\n            transition: all 0.3s ease;\n            background: var(--gray-light);\n        }<\/pee>\n<pee>        .faq-item.open .faq-a {\n            padding: 25px;\n            max-height: 500px;\n        }<\/pee>\n<pee>        .cta-box {\n            background: linear-gradient(135deg, var(--blue) 0%, var(--blue-dark) 100%);\n            color: var(--white);\n            padding: 50px;\n            border-radius: 20px;\n            text-align: center;\n            margin: 60px 0;\n            position: relative;\n            overflow: hidden;\n        }<\/pee>\n<pee>        .cta-box::before {\n            content: '';\n            position: absolute;\n            top: -50%;\n            left: -50%;\n            width: 200%;\n            height: 200%;\n            background: radial-gradient(circle, rgba(255,255,255,0.1) 0%, transparent 70%);\n            animation: pulse 4s ease-in-out infinite;\n        }<\/pee>\n<pee>        @keyframes pulse {\n            0%, 100% { transform: scale(0.8); opacity: 0.5; }\n            50% { transform: scale(1.2); opacity: 0.8; }\n        }<\/pee>\n<pee>        .cta-box h3 {\n            font-size: 2rem;\n            margin-bottom: 20px;\n            position: relative;\n            z-index: 2;\n        }<\/pee>\n<pee>        .cta-box p {\n            font-size: 1.1rem;\n            margin-bottom: 30px;\n            opacity: 0.9;\n            position: relative;\n            z-index: 2;\n        }<\/pee>\n<pee>        .cta-buttons {\n            display: flex;\n            gap: 20px;\n            justify-content: center;\n            flex-wrap: wrap;\n            position: relative;\n            z-index: 2;\n        }<\/pee>\n<pee>        .btn-white, .btn-outline {\n            padding: 15px 30px;\n            border-radius: 25px;\n            text-decoration: none;\n            font-weight: 600;\n            transition: all 0.3s ease;\n            border: 2px solid transparent;\n            display: inline-block;\n        }<\/pee>\n<pee>        .btn-white {\n            background: var(--white);\n            color: var(--blue);\n            border-color: var(--white);\n        }<\/pee>\n<pee>        .btn-white:hover {\n            background: var(--yellow);\n            color: var(--dark);\n            transform: translateY(-2px);\n            box-shadow: 0 10px 25px rgba(0,0,0,0.2);\n        }<\/pee>\n<pee>        .btn-outline {\n            background: transparent;\n            color: var(--white);\n            border-color: var(--white);\n        }<\/pee>\n<pee>        .btn-outline:hover {\n            background: var(--white);\n            color: var(--blue);\n            transform: translateY(-2px);\n        }<\/pee>\n<pee>        .article-tags {\n            display: flex;\n            flex-wrap: wrap;\n            gap: 15px;\n            margin: 50px 0;\n            padding: 30px;\n            background: var(--white);\n            border-radius: 15px;\n            box-shadow: 0 5px 15px rgba(0,0,0,0.08);\n        }<\/pee>\n<pee>        .article-tag {\n            background: var(--gray-light);\n            color: var(--dark);\n            padding: 8px 16px;\n            border-radius: 20px;\n            text-decoration: none;\n            font-size: 14px;\n            font-weight: 500;\n            transition: all 0.3s ease;\n            border: 2px solid transparent;\n        }<\/pee>\n<pee>        .article-tag:hover {\n            background: var(--teal);\n            color: var(--dark);\n            transform: translateY(-2px);\n        }<\/pee>\n<pee>        @media (max-width: 768px) {\n            .article-hero {\n                padding: 60px 0 100px;\n            }<\/pee>\n<pee>            .article-hero h1 {\n                font-size: 2rem;\n            }<\/pee>\n<pee>            .article-meta {\n                flex-direction: column;\n                gap: 10px;\n            }<\/pee>\n<pee>            .stats-grid {\n                grid-template-columns: repeat(auto-fit, minmax(200px, 1fr));\n                gap: 20px;\n            }<\/pee>\n<pee>            .intro-block {\n                padding: 25px;\n            }<\/pee>\n<pee>            .article-body h2 {\n                font-size: 1.5rem;\n                margin: 40px 0 20px;\n            }<\/pee>\n<pee>            .cta-box {\n                padding: 30px 20px;\n            }<\/pee>\n<pee>            .cta-buttons {\n                flex-direction: column;\n                align-items: center;\n            }\n        }<\/pee>\n<pee>        .section-content {\n            background: var(--white);\n            padding: 40px;\n            border-radius: 15px;\n            margin-bottom: 40px;\n            box-shadow: 0 5px 15px rgba(0,0,0,0.08);\n        }\n    <\/style>\n<pee><\/head><\/pee>\n<pee><body><\/pee>\n<section class=\"article-hero\">\n<div class=\"container\">\n<div class=\"article-hero-inner\">\n<nav class=\"article-breadcrumb\">\n                    <a href=\"https:\/\/www.dynseo.com\">Accueil<\/a> ><!\u2013- [et_pb_br_holder] -\u2013><br \/>\n                    <a href=\"https:\/\/www.dynseo.com\/blog\">Blog<\/a> ><!\u2013- [et_pb_br_holder] -\u2013><br \/>\n                    <span>Gestion de la fatigue scolaire<\/span><!\u2013- [et_pb_br_holder] -\u2013><br \/>\n                <\/nav>\n<div class=\"article-category\">P\u00e9dagogie inclusive<\/div>\n<h1>Les cl\u00e9s pour aider les \u00e9l\u00e8ves en difficult\u00e9 \u00e0 g\u00e9rer <span class=\"hl\">la fatigue et l&#8217;\u00e9puisement<\/span> en classe<\/h1>\n<div class=\"article-meta\">\n<div>\ud83d\udcc5 Avril 2026<\/div>\n<div>\u23f1\ufe0f 25 min de lecture<\/div>\n<div>\ud83d\udc65 Enseignants, \u00c9ducateurs<\/div>\n<div class=\"rating-stars\">\u2b50 4.8\/5 (342 avis)<\/div>\n<\/pee><\/div>\n<\/pee><\/div>\n<\/pee><\/div>\n<div class=\"article-hero-curve\"><\/div>\n<\/section>\n<div class=\"article-body\">\n<div class=\"container\">\n<div class=\"intro-block\">\n<pee>La fatigue et l&#8217;\u00e9puisement repr\u00e9sentent des d\u00e9fis majeurs pour les \u00e9l\u00e8ves en difficult\u00e9, particuli\u00e8rement ceux pr\u00e9sentant des troubles d&#8217;apprentissage comme les DYS ou un TDAH. Ces enfants doivent mobiliser des ressources cognitives consid\u00e9rables pour accomplir des t\u00e2ches scolaires que leurs camarades r\u00e9alisent de mani\u00e8re plus automatis\u00e9e. Cette surcharge cognitive constante g\u00e9n\u00e8re un \u00e9puisement qui peut compromettre leur r\u00e9ussite scolaire et leur bien-\u00eatre g\u00e9n\u00e9ral.<\/pee>\n<pee>Face \u00e0 cette r\u00e9alit\u00e9, il devient essentiel pour les enseignants de d\u00e9velopper des strat\u00e9gies adapt\u00e9es qui permettent de pr\u00e9venir et de g\u00e9rer cette fatigue excessive. L&#8217;objectif n&#8217;est pas seulement d&#8217;adapter les apprentissages, mais de cr\u00e9er un environnement scolaire o\u00f9 chaque \u00e9l\u00e8ve peut s&#8217;\u00e9panouir selon son rythme et ses besoins sp\u00e9cifiques.<\/pee>\n<pee>Cet article vous propose des cl\u00e9s pratiques et des outils concrets pour accompagner efficacement ces \u00e9l\u00e8ves vers un \u00e9quilibre entre apprentissage et r\u00e9cup\u00e9ration. D\u00e9couvrez comment transformer votre approche p\u00e9dagogique pour favoriser la r\u00e9ussite de tous, tout en pr\u00e9servant leur motivation et leur confiance en eux.<\/pee>\n<\/pee><\/div>\n<div class=\"stats-grid\">\n<div class=\"stat-card\">\n<div class=\"number\">67%<\/div>\n<div class=\"label\">des \u00e9l\u00e8ves DYS ressentent une fatigue excessive<\/div>\n<\/pee><\/div>\n<div class=\"stat-card\">\n<div class=\"number\">15 min<\/div>\n<div class=\"label\">dur\u00e9e optimale avant une pause active<\/div>\n<\/pee><\/div>\n<div class=\"stat-card\">\n<div class=\"number\">3x<\/div>\n<div class=\"label\">plus d&#8217;efforts cognitifs pour les \u00e9l\u00e8ves TDAH<\/div>\n<\/pee><\/div>\n<div class=\"stat-card\">\n<div class=\"number\">89%<\/div>\n<div class=\"label\">d&#8217;am\u00e9lioration avec des pauses r\u00e9guli\u00e8res<\/div>\n<\/pee><\/div>\n<\/pee><\/div>\n<div class=\"section-content\">\n<h2>1. Comprendre le lien entre troubles d&#8217;apprentissage et fatigue accrue<\/h2>\n<pee>Les \u00e9l\u00e8ves pr\u00e9sentant des troubles d&#8217;apprentissage ou de l&#8217;attention vivent une r\u00e9alit\u00e9 scolaire particuli\u00e8rement exigeante. Contrairement \u00e0 leurs camarades, ils ne peuvent pas s&#8217;appuyer sur des automatismes bien \u00e9tablis pour traiter l&#8217;information, lire, \u00e9crire ou calculer. Cette absence d&#8217;automatisation les oblige \u00e0 mobiliser constamment leur attention consciente, cr\u00e9ant une charge cognitive exceptionnellement \u00e9lev\u00e9e.<\/pee>\n<pee>Cette surcharge se manifeste de multiples fa\u00e7ons selon le type de trouble. Un \u00e9l\u00e8ve dyslexique doit d\u00e9chiffrer chaque mot avec effort, m\u00eame les plus familiers, transformant une simple lecture en exercice mental intense. Un enfant dyspraxique concentre toute son attention sur le contr\u00f4le de ses gestes, rendant l&#8217;\u00e9criture laborieuse et \u00e9puisante. Quant aux \u00e9l\u00e8ves TDAH, ils luttent constamment pour maintenir leur attention, cr\u00e9ant une tension mentale permanente.<\/pee>\n<div class=\"conseil-card\">\n<h4>Conseil pratique<\/h4>\n<pee>Observez attentivement les signes de fatigue chez vos \u00e9l\u00e8ves : agitation, difficult\u00e9s croissantes au cours de la journ\u00e9e, erreurs qui s&#8217;accumulent, ou au contraire, apathie et retrait. Ces indicateurs vous aideront \u00e0 adapter vos interventions en temps r\u00e9el.<\/pee>\n<\/pee><\/div>\n<pee>La dimension \u00e9motionnelle amplifie cette fatigue cognitive. Ces \u00e9l\u00e8ves d\u00e9veloppent souvent une anxi\u00e9t\u00e9 li\u00e9e \u00e0 la performance, craignant de ne pas \u00eatre \u00e0 la hauteur des attentes. Cette charge \u00e9motionnelle s&#8217;ajoute \u00e0 l&#8217;effort cognitif, cr\u00e9ant un cercle vicieux d&#8217;\u00e9puisement. Ils peuvent \u00e9galement ressentir de la frustration face \u00e0 leurs difficult\u00e9s, ce qui consomme encore plus d&#8217;\u00e9nergie mentale.<\/pee>\n<div class=\"key-points\">\n<h4>Points cl\u00e9s \u00e0 retenir<\/h4>\n<ul>\n<li>La charge cognitive est 2 \u00e0 3 fois plus importante chez les \u00e9l\u00e8ves DYS<\/li>\n<li>L&#8217;absence d&#8217;automatismes n\u00e9cessite une attention consciente permanente<\/li>\n<li>La fatigue \u00e9motionnelle s&#8217;ajoute \u00e0 la fatigue cognitive<\/li>\n<li>Les signes de fatigue varient selon l&#8217;enfant et le moment de la journ\u00e9e<\/li>\n<\/ul>\n<\/div>\n<pee>Il est crucial de comprendre que cette fatigue n&#8217;est pas un manque de motivation ou de capacit\u00e9, mais bien une cons\u00e9quence directe du fonctionnement neurologique particulier de ces \u00e9l\u00e8ves. Cette compr\u00e9hension doit guider toutes nos interventions p\u00e9dagogiques.<\/pee>\n<\/pee><\/div>\n<div class=\"section-content\">\n<h2>2. L&#8217;importance cruciale des pauses r\u00e9guli\u00e8res pour les enfants DYS et TDAH<\/h2>\n<pee>Les pauses ne constituent pas un luxe ou une perte de temps pour les \u00e9l\u00e8ves en difficult\u00e9, mais bien une n\u00e9cessit\u00e9 physiologique et cognitive. Le cerveau de ces enfants travaille en permanence \u00e0 plein r\u00e9gime, sans b\u00e9n\u00e9ficier des &#8220;temps morts&#8221; naturels que procurent les automatismes chez les autres \u00e9l\u00e8ves. Cette intensit\u00e9 constante \u00e9puise rapidement les ressources attentionnelles et cognitives.<\/pee>\n<pee>Les recherches en neurosciences d\u00e9montrent que l&#8217;attention soutenue a des limites naturelles, particuli\u00e8rement chez les enfants pr\u00e9sentant des troubles neurod\u00e9veloppementaux. Apr\u00e8s 10 \u00e0 15 minutes d&#8217;effort intense, les performances chutent drastiquement si aucune pause n&#8217;est propos\u00e9e. Cette d\u00e9gradation n&#8217;est pas r\u00e9cup\u00e9rable par un simple effort de volont\u00e9 ; elle n\u00e9cessite une v\u00e9ritable r\u00e9cup\u00e9ration.<\/pee>\n<div class=\"expert-box\">\n                    <span class=\"expert-box-label\">Expertise DYNSEO<\/span><\/pee>\n<h3 class=\"expert-box-title\">L&#8217;approche scientifique des pauses actives<\/h3>\n<pee>Nos recherches montrent que les pauses actives, int\u00e9gr\u00e9es dans les applications <a href=\"https:\/\/www.dynseo.com\/version-coco\/\" style=\"color: var(--yellow);\">COCO PENSE et COCO BOUGE<\/a>, permettent une r\u00e9cup\u00e9ration optimale. Ces pauses combinent mouvement physique et d\u00e9tente cognitive, restaurant efficacement les capacit\u00e9s attentionnelles.<\/pee>\n<div class=\"expert-inner\">\n<h4 class=\"expert-inner-title\">Protocole recommand\u00e9 :<\/h4>\n<ul>\n<li>Pause de 3-5 minutes toutes les 15 minutes d&#8217;activit\u00e9 intense<\/li>\n<li>Alternance entre pauses actives et pauses calmes<\/li>\n<li>Utilisation d&#8217;outils ludiques pour maintenir l&#8217;engagement<\/li>\n<\/ul>\n<\/div>\n<\/pee><\/div>\n<pee>Les pauses actives pr\u00e9sentent des avantages particuliers pour ces \u00e9l\u00e8ves. Le mouvement physique active la production de neurotransmetteurs comme la dopamine et la noradr\u00e9naline, essentiels \u00e0 l&#8217;attention et \u00e0 la motivation. Ces substances chimiques sont souvent d\u00e9ficitaires chez les enfants TDAH, expliquant pourquoi l&#8217;exercice physique am\u00e9liore significativement leurs performances cognitives.<\/pee>\n<div class=\"tip-box\">\n                    <span class=\"tip-box-label\">Astuce pratique<\/span><\/pee>\n<pee>Int\u00e9grez <a href=\"https:\/\/www.dynseo.com\/version-coco\/\" style=\"color: var(--blue);\">COCO BOUGE<\/a> dans votre routine quotidienne. Cette application propose des exercices physiques adapt\u00e9s qui peuvent \u00eatre r\u00e9alis\u00e9s en classe, sans mat\u00e9riel particulier. Les \u00e9l\u00e8ves adorent ces moments de mouvement qui les aident \u00e0 mieux se concentrer ensuite.<\/pee>\n<\/pee><\/div>\n<pee>Les pauses calmes ont \u00e9galement leur place, particuli\u00e8rement pour les \u00e9l\u00e8ves qui peuvent \u00eatre surstimul\u00e9s par trop d&#8217;activit\u00e9. Ces moments de d\u00e9tente permettent au syst\u00e8me nerveux de retrouver son \u00e9quilibre. La respiration profonde, la relaxation musculaire progressive ou simplement quelques minutes de silence peuvent \u00eatre extraordinairement r\u00e9paratrices.<\/pee>\n<pee>L&#8217;organisation de ces pauses demande une planification r\u00e9fl\u00e9chie. Il ne s&#8217;agit pas d&#8217;interrompre arbitrairement les activit\u00e9s, mais d&#8217;identifier les moments optimaux. Observez vos \u00e9l\u00e8ves : quand commencent-ils \u00e0 montrer des signes de d\u00e9crochage ? \u00c0 quel moment leurs erreurs se multiplient-elles ? Ces observations vous guideront pour \u00e9tablir un rythme adapt\u00e9 \u00e0 votre classe.<\/pee>\n<\/pee><\/div>\n<div class=\"section-content\">\n<h2>3. Strat\u00e9gies pour \u00e9quilibrer apprentissage et r\u00e9cup\u00e9ration<\/h2>\n<pee>L&#8217;\u00e9quilibre entre apprentissage et r\u00e9cup\u00e9ration ne s&#8217;improvise pas ; il n\u00e9cessite une approche structur\u00e9e et personnalis\u00e9e. Chaque \u00e9l\u00e8ve a son propre rythme et ses propres besoins, rendant indispensable une observation fine et une adaptation continue de nos pratiques p\u00e9dagogiques.<\/pee>\n<pee>La premi\u00e8re strat\u00e9gie consiste \u00e0 repenser la structure temporelle de nos s\u00e9quences d&#8217;apprentissage. Plut\u00f4t que de concevoir des blocs de travail de 45 minutes, privil\u00e9giez des segments plus courts entrecoup\u00e9s de pauses strat\u00e9giques. Cette approche modulaire permet de maintenir un niveau d&#8217;attention optimal tout au long de la s\u00e9ance.<\/pee>\n<div class=\"conseil-card\">\n<h4>Mod\u00e8le de s\u00e9quence optimis\u00e9e<\/h4>\n<pee><strong>Phase 1 :<\/strong> Introduction du concept (10 min)<!\u2013- [et_pb_br_holder] -\u2013><br \/>\n                    <strong>Pause active :<\/strong> Mouvement avec COCO BOUGE (5 min)<!\u2013- [et_pb_br_holder] -\u2013><br \/>\n                    <strong>Phase 2 :<\/strong> Pratique guid\u00e9e (15 min)<!\u2013- [et_pb_br_holder] -\u2013><br \/>\n                    <strong>Pause calme :<\/strong> Relaxation ou \u00e9tirement (3 min)<!\u2013- [et_pb_br_holder] -\u2013><br \/>\n                    <strong>Phase 3 :<\/strong> Application autonome (10 min)<\/pee>\n<\/pee><\/div>\n<pee>La diversification des modalit\u00e9s d&#8217;apprentissage constitue une autre strat\u00e9gie essentielle. En alternant entre activit\u00e9s visuelles, auditives, kinesth\u00e9siques et tactiles, vous permettez \u00e0 certains syst\u00e8mes cognitifs de se reposer pendant que d&#8217;autres travaillent. Un \u00e9l\u00e8ve dyslexique pourra ainsi r\u00e9cup\u00e9rer lors d&#8217;activit\u00e9s auditives, tandis qu&#8217;un \u00e9l\u00e8ve avec troubles de l&#8217;attention b\u00e9n\u00e9ficiera d&#8217;activit\u00e9s manipulatoires.<\/pee>\n<pee>L&#8217;utilisation d&#8217;outils num\u00e9riques adaptatifs comme <a href=\"https:\/\/www.dynseo.com\/version-coco\/\">COCO PENSE<\/a> r\u00e9volutionne cette approche en ajustant automatiquement la difficult\u00e9 selon les performances de l&#8217;\u00e9l\u00e8ve. Cette adaptation en temps r\u00e9el \u00e9vite la frustration li\u00e9e \u00e0 des t\u00e2ches trop difficiles ou l&#8217;ennui g\u00e9n\u00e9r\u00e9 par des exercices trop simples, deux facteurs majeurs de fatigue cognitive.<\/pee>\n<div class=\"key-points\">\n<h4>Principes d&#8217;adaptation<\/h4>\n<ul>\n<li>Proposer plusieurs niveaux de difficult\u00e9 pour une m\u00eame notion<\/li>\n<li>Varier les supports : num\u00e9rique, papier, manipulatoire<\/li>\n<li>Permettre diff\u00e9rents modes d&#8217;expression : oral, \u00e9crit, gestuel<\/li>\n<li>Offrir des choix dans l&#8217;ordre des activit\u00e9s<\/li>\n<li>Respecter les pr\u00e9f\u00e9rences sensorielles de chaque \u00e9l\u00e8ve<\/li>\n<\/ul>\n<\/div>\n<pee>La m\u00e9tacognition joue un r\u00f4le d\u00e9terminant dans cet \u00e9quilibre. Apprenez \u00e0 vos \u00e9l\u00e8ves \u00e0 identifier leurs propres signaux de fatigue et \u00e0 demander une pause avant d&#8217;\u00eatre compl\u00e8tement \u00e9puis\u00e9s. Cette autonomie dans la gestion de leur \u00e9nergie cognitive repr\u00e9sente un apprentissage aussi important que les contenus disciplinaires.<\/pee>\n<\/pee><\/div>\n<div class=\"section-content\">\n<h2>4. Techniques de fractionnement des t\u00e2ches complexes<\/h2>\n<pee>Le fractionnement des t\u00e2ches repr\u00e9sente l&#8217;une des adaptations les plus efficaces pour les \u00e9l\u00e8ves en difficult\u00e9. Cette technique, issue de la psychologie cognitive, consiste \u00e0 d\u00e9composer une activit\u00e9 complexe en \u00e9tapes plus simples et plus accessibles. Pour un \u00e9l\u00e8ve dont les ressources cognitives sont limit\u00e9es, cette approche r\u00e9duit consid\u00e9rablement la charge mentale et pr\u00e9vient l&#8217;\u00e9puisement.<\/pee>\n<pee>La m\u00e9thode du fractionnement va bien au-del\u00e0 d&#8217;une simple division temporelle. Elle implique une analyse fine des processus cognitifs impliqu\u00e9s dans chaque t\u00e2che. Par exemple, la r\u00e9daction d&#8217;un texte mobilise simultan\u00e9ment la planification, la recherche d&#8217;id\u00e9es, l&#8217;orthographe, la syntaxe, et la motricit\u00e9 fine. Pour un \u00e9l\u00e8ve dyslexique, traiter tous ces aspects simultan\u00e9ment devient rapidement ing\u00e9rable.<\/pee>\n<div class=\"expert-box\">\n                    <span class=\"expert-box-label\">M\u00e9thode DYNSEO<\/span><\/pee>\n<h3 class=\"expert-box-title\">D\u00e9composition cognitive des t\u00e2ches<\/h3>\n<pee>Notre approche bas\u00e9e sur les sciences cognitives identifie pr\u00e9cis\u00e9ment les micro-comp\u00e9tences impliqu\u00e9es dans chaque apprentissage. <a href=\"https:\/\/www.dynseo.com\/version-coco\/\" style=\"color: var(--yellow);\">COCO PENSE<\/a> entra\u00eene sp\u00e9cifiquement ces comp\u00e9tences de base, renfor\u00e7ant les fondations cognitives n\u00e9cessaires aux apprentissages complexes.<\/pee>\n<div class=\"expert-inner\">\n<h4 class=\"expert-inner-title\">Exemple concret en math\u00e9matiques :<\/h4>\n<ul>\n<li><strong>\u00c9tape 1 :<\/strong> Lecture du probl\u00e8me (compr\u00e9hension)<\/li>\n<li><strong>\u00c9tape 2 :<\/strong> Identification des donn\u00e9es (analyse)<\/li>\n<li><strong>\u00c9tape 3 :<\/strong> Choix de l&#8217;op\u00e9ration (strat\u00e9gie)<\/li>\n<li><strong>\u00c9tape 4 :<\/strong> Calcul (ex\u00e9cution)<\/li>\n<li><strong>\u00c9tape 5 :<\/strong> V\u00e9rification (contr\u00f4le)<\/li>\n<\/ul>\n<\/div>\n<\/pee><\/div>\n<pee>La temporisation entre les \u00e9tapes s&#8217;av\u00e8re cruciale. Elle ne doit \u00eatre ni trop courte (risque de pr\u00e9cipitation) ni trop longue (perte du fil conducteur). L&#8217;observation attentive de vos \u00e9l\u00e8ves vous guidera pour trouver le bon rythme. Certains auront besoin de valider chaque \u00e9tape avant de passer \u00e0 la suivante, d&#8217;autres pourront encha\u00eener deux ou trois \u00e9tapes cons\u00e9cutives.<\/pee>\n<div class=\"tip-box\">\n                    <span class=\"tip-box-label\">Outil pratique<\/span><\/pee>\n<pee>Cr\u00e9ez des &#8220;cartes d&#8217;\u00e9tapes&#8221; visuelles pour chaque type de t\u00e2che complexe. Ces supports visuels aident les \u00e9l\u00e8ves \u00e0 naviguer de mani\u00e8re autonome dans les diff\u00e9rentes phases du travail, r\u00e9duisant leur charge cognitive et leur anxi\u00e9t\u00e9.<\/pee>\n<\/pee><\/div>\n<pee>L&#8217;introduction de pauses micro-r\u00e9cup\u00e9ratrices entre les \u00e9tapes optimise cette approche. Ces pauses de 30 secondes \u00e0 2 minutes permettent au cerveau de consolider l&#8217;information trait\u00e9e et de se pr\u00e9parer \u00e0 l&#8217;\u00e9tape suivante. Elles peuvent prendre la forme d&#8217;\u00e9tirements, de respirations profondes, ou de courtes activit\u00e9s sensorielles.<\/pee>\n<pee>La validation progressive de chaque \u00e9tape renforce la confiance de l&#8217;\u00e9l\u00e8ve et maintient sa motivation. Cette approche transforme une t\u00e2che potentiellement d\u00e9courageante en s\u00e9rie de petites victoires accessibles. L&#8217;\u00e9l\u00e8ve d\u00e9veloppe ainsi progressivement ses comp\u00e9tences tout en pr\u00e9servant son estime de soi.<\/pee>\n<\/pee><\/div>\n<div class=\"section-content\">\n<h2>5. Adaptation du niveau de difficult\u00e9 et personnalisation<\/h2>\n<pee>L&#8217;adaptation du niveau de difficult\u00e9 repr\u00e9sente un art p\u00e9dagogique d\u00e9licat qui n\u00e9cessite une compr\u00e9hension fine des capacit\u00e9s et des besoins de chaque \u00e9l\u00e8ve. Cette personnalisation va bien au-del\u00e0 d&#8217;une simple r\u00e9duction quantitative des exercices ; elle implique une modification qualitative des approches d&#8217;apprentissage selon les profils cognitifs individuels.<\/pee>\n<pee>La zone proximale de d\u00e9veloppement, concept d\u00e9velopp\u00e9 par Vygotsky, prend une importance particuli\u00e8re avec les \u00e9l\u00e8ves en difficult\u00e9. Cette zone repr\u00e9sente l&#8217;espace optimal d&#8217;apprentissage : ni trop facile (ennui et d\u00e9motivation), ni trop difficile (frustration et abandon). Pour les \u00e9l\u00e8ves DYS ou TDAH, cette zone est souvent plus \u00e9troite et plus volatile que chez leurs pairs, n\u00e9cessitant des ajustements constants.<\/pee>\n<div class=\"conseil-card\">\n<h4>Principe d&#8217;adaptation multiniveaux<\/h4>\n<pee>Pour chaque notion travaill\u00e9e, pr\u00e9parez syst\u00e9matiquement trois versions :<!\u2013- [et_pb_br_holder] -\u2013><br \/>\n                    \u2022 <strong>Version simplifi\u00e9e :<\/strong> pour les moments de grande fatigue<!\u2013- [et_pb_br_holder] -\u2013><br \/>\n                    \u2022 <strong>Version standard :<\/strong> objectif principal \u00e0 atteindre<!\u2013- [et_pb_br_holder] -\u2013><br \/>\n                    \u2022 <strong>Version enrichie :<\/strong> pour les moments de forme optimale<\/pee>\n<\/pee><\/div>\n<pee>Les \u00e9l\u00e8ves dyslexiques b\u00e9n\u00e9ficient particuli\u00e8rement d&#8217;adaptations dans la pr\u00e9sentation des supports. Augmentez la taille des polices, utilisez des polices sp\u00e9cifiquement con\u00e7ues pour la dyslexie, a\u00e9rez la mise en page, et int\u00e9grez des supports visuels riches. Ces modifications r\u00e9duisent significativement l&#8217;effort de d\u00e9codage, lib\u00e9rant des ressources cognitives pour la compr\u00e9hension.<\/pee>\n<pee>Pour les \u00e9l\u00e8ves TDAH, l&#8217;interactivit\u00e9 et la variabilit\u00e9 constituent des facteurs cl\u00e9s. Ils s&#8217;\u00e9puisent rapidement dans des t\u00e2ches statiques et r\u00e9p\u00e9titives. L&#8217;int\u00e9gration d&#8217;outils num\u00e9riques comme <a href=\"https:\/\/www.dynseo.com\/version-coco\/\">COCO PENSE<\/a> apporte cette dimension ludique et interactive qui maintient leur engagement tout en travaillant les comp\u00e9tences cognitives fondamentales.<\/pee>\n<div class=\"key-points\">\n<h4>Strat\u00e9gies d&#8217;adaptation par profil<\/h4>\n<ul>\n<li><strong>Dyslexie :<\/strong> Audio, supports visuels, police adapt\u00e9e, temps major\u00e9<\/li>\n<li><strong>Dyspraxie :<\/strong> Outils num\u00e9riques, diminution de l&#8217;\u00e9crit, manipulation<\/li>\n<li><strong>Dyscalculie :<\/strong> Mat\u00e9riel concret, \u00e9tapes visualis\u00e9es, v\u00e9rification facilit\u00e9e<\/li>\n<li><strong>TDAH :<\/strong> Activit\u00e9s courtes, interactivit\u00e9, mouvement int\u00e9gr\u00e9<\/li>\n<li><strong>Dysorthographie :<\/strong> Correcteurs, dict\u00e9e vocale, \u00e9valuation du fond<\/li>\n<\/ul>\n<\/div>\n<pee>La personnalisation implique \u00e9galement d&#8217;adapter les modalit\u00e9s d&#8217;\u00e9valuation. Un \u00e9l\u00e8ve dyspraxique pourra d\u00e9montrer ses connaissances \u00e0 l&#8217;oral plut\u00f4t qu&#8217;\u00e0 l&#8217;\u00e9crit, un \u00e9l\u00e8ve dyslexique b\u00e9n\u00e9ficiera d&#8217;un tiers temps, et un \u00e9l\u00e8ve TDAH pourra pr\u00e9senter ses r\u00e9ponses sous forme de carte mentale plut\u00f4t que de dissertation lin\u00e9aire.<\/pee>\n<pee>L&#8217;utilisation de technologies d&#8217;assistance cognitive modernise cette approche. Les applications adaptatives analysent en temps r\u00e9el les performances de l&#8217;\u00e9l\u00e8ve et ajustent automatiquement la difficult\u00e9, offrant un soutien personnalis\u00e9 impossible \u00e0 reproduire manuellement pour un enseignant g\u00e9rant une classe enti\u00e8re.<\/pee>\n<\/pee><\/div>\n<div class=\"section-content\">\n<h2>6. Cr\u00e9ation d&#8217;un environnement de classe apaisant et stimulant<\/h2>\n<pee>L&#8217;environnement physique de la classe exerce une influence consid\u00e9rable sur le bien-\u00eatre et la capacit\u00e9 de concentration des \u00e9l\u00e8ves en difficult\u00e9. Ces enfants, d\u00e9j\u00e0 en surcharge cognitive, se montrent particuli\u00e8rement sensibles aux stimulations environnementales. Un environnement mal con\u00e7u peut rapidement transformer une journ\u00e9e d&#8217;\u00e9cole en \u00e9preuve \u00e9puisante.<\/pee>\n<pee>L&#8217;am\u00e9nagement spatial doit privil\u00e9gier la clart\u00e9 et l&#8217;organisation. Les \u00e9l\u00e8ves DYS et TDAH ont besoin de rep\u00e8res visuels stables pour s&#8217;orienter et se concentrer. \u00c9vitez la surcharge visuelle : trop d&#8217;affichages, de couleurs vives, ou d&#8217;\u00e9l\u00e9ments d\u00e9coratifs peuvent cr\u00e9er une distraction permanente qui \u00e9puise l&#8217;attention.<\/pee>\n<div class=\"tip-box\">\n                    <span class=\"tip-box-label\">Am\u00e9nagement optimal<\/span><\/pee>\n<pee>Cr\u00e9ez des zones distinctes dans votre classe :<!\u2013- [et_pb_br_holder] -\u2013><br \/>\n                    \u2022 <strong>Zone de travail intensif :<\/strong> \u00e9pur\u00e9e, \u00e9clairage optimal, minimal de distractions<!\u2013- [et_pb_br_holder] -\u2013><br \/>\n                    \u2022 <strong>Zone de d\u00e9tente :<\/strong> coussins, livres, jeux calmes<!\u2013- [et_pb_br_holder] -\u2013><br \/>\n                    \u2022 <strong>Zone d&#8217;activit\u00e9 physique :<\/strong> espace pour les pauses actives avec COCO BOUGE<\/pee>\n<\/pee><\/div>\n<pee>L&#8217;acoustique repr\u00e9sente un d\u00e9fi majeur souvent n\u00e9glig\u00e9. Les \u00e9l\u00e8ves avec troubles de l&#8217;attention sont particuli\u00e8rement perturb\u00e9s par les bruits de fond : chaises qui grincent, chuchotements, bruits de couloir. L&#8217;installation de mat\u00e9riaux absorbants, l&#8217;utilisation de patins sous les chaises, et l&#8217;\u00e9tablissement de r\u00e8gles claires sur le niveau sonore peuvent transformer l&#8217;ambiance de classe.<\/pee>\n<pee>L&#8217;\u00e9clairage influence directement la fatigue oculaire et cognitive. Privil\u00e9giez la lumi\u00e8re naturelle quand c&#8217;est possible, et compl\u00e9tez par un \u00e9clairage artificiel doux et homog\u00e8ne. \u00c9vitez les \u00e9clairages fluorescents qui scintillent, particuli\u00e8rement perturbants pour les \u00e9l\u00e8ves sensibles.<\/pee>\n<div class=\"expert-box\">\n                    <span class=\"expert-box-label\">Recherche DYNSEO<\/span><\/pee>\n<h3 class=\"expert-box-title\">Impact de l&#8217;environnement sur les performances cognitives<\/h3>\n<pee>Nos \u00e9tudes montrent qu&#8217;un environnement optimis\u00e9 peut am\u00e9liorer les performances de 25% chez les \u00e9l\u00e8ves en difficult\u00e9. La combinaison d&#8217;un am\u00e9nagement r\u00e9fl\u00e9chi et d&#8217;outils adapt\u00e9s comme <a href=\"https:\/\/www.dynseo.com\/version-coco\/\" style=\"color: var(--yellow);\">COCO PENSE et COCO BOUGE<\/a> cr\u00e9e des conditions d&#8217;apprentissage exceptionnelles.<\/pee>\n<div class=\"expert-inner\">\n<h4 class=\"expert-inner-title\">\u00c9l\u00e9ments cl\u00e9s d&#8217;un environnement optimal :<\/h4>\n<ul>\n<li>Temp\u00e9rature stable entre 20-22\u00b0C<\/li>\n<li>Taux d&#8217;humidit\u00e9 optimal (40-60%)<\/li>\n<li>Niveau sonore inf\u00e9rieur \u00e0 35 dB<\/li>\n<li>\u00c9clairage naturel compl\u00e9t\u00e9 (300-500 lux)<\/li>\n<li>Organisation spatiale claire et stable<\/li>\n<\/ul>\n<\/div>\n<\/pee><\/div>\n<pee>La flexibilit\u00e9 de l&#8217;am\u00e9nagement permet d&#8217;adapter rapidement l&#8217;espace aux activit\u00e9s. Des meubles mobiles, des cloisons amovibles, et des espaces modulables offrent cette adaptabilit\u00e9 n\u00e9cessaire. Un \u00e9l\u00e8ve agit\u00e9 pourra b\u00e9n\u00e9ficier d&#8217;un espace plus grand pour bouger, tandis qu&#8217;un enfant distrait aura besoin d&#8217;un environnement plus contenu.<\/pee>\n<pee>L&#8217;int\u00e9gration d&#8217;\u00e9l\u00e9ments apaisants enrichit cet environnement : plantes vertes (am\u00e9lioration de la qualit\u00e9 de l&#8217;air et effet relaxant), musique douce lors de certaines activit\u00e9s, ou encore diffusion discr\u00e8te d&#8217;huiles essentielles adapt\u00e9es. Ces \u00e9l\u00e9ments cr\u00e9ent une atmosph\u00e8re propice \u00e0 l&#8217;apprentissage serein.<\/pee>\n<\/pee><\/div>\n<div class=\"section-content\">\n<h2>7. D\u00e9veloppement de l&#8217;autonomie dans la gestion de l&#8217;\u00e9nergie<\/h2>\n<pee>L&#8217;autonomie dans la gestion de l&#8217;\u00e9nergie cognitive repr\u00e9sente un objectif p\u00e9dagogique fondamental pour les \u00e9l\u00e8ves en difficult\u00e9. Cette comp\u00e9tence m\u00e9tacognitive leur permettra de mieux naviguer dans leur scolarit\u00e9 et leur vie future. Il s&#8217;agit d&#8217;apprendre \u00e0 ces enfants \u00e0 devenir les propres gestionnaires de leurs ressources attentionnelles et \u00e9nerg\u00e9tiques.<\/pee>\n<pee>La premi\u00e8re \u00e9tape consiste \u00e0 d\u00e9velopper la conscience de soi cognitive. Les \u00e9l\u00e8ves doivent apprendre \u00e0 identifier leurs propres signaux de fatigue : perte de concentration, augmentation des erreurs, irritabilit\u00e9, ou sensation physique de tension. Cette prise de conscience ne va pas de soi et n\u00e9cessite un accompagnement structur\u00e9.<\/pee>\n<div class=\"conseil-card\">\n<h4>Outil d&#8217;auto-\u00e9valuation<\/h4>\n<pee>Introduisez un &#8220;barom\u00e8tre \u00e9nerg\u00e9tique&#8221; personnel. Chaque \u00e9l\u00e8ve \u00e9value r\u00e9guli\u00e8rement son niveau d&#8217;\u00e9nergie sur une \u00e9chelle de 1 \u00e0 5, accompagn\u00e9e de pictogrammes :<!\u2013- [et_pb_br_holder] -\u2013><br \/>\n                    \ud83d\udfe2 Pleine forme &#8211; \ud83d\udfe1 Bon niveau &#8211; \ud83d\udfe0 Fatigue mod\u00e9r\u00e9e &#8211; \ud83d\udd34 Tr\u00e8s fatigu\u00e9 &#8211; \u26ab \u00c9puis\u00e9<\/pee>\n<\/pee><\/div>\n<pee>La gestion autonome des pauses constitue une comp\u00e9tence cl\u00e9 \u00e0 d\u00e9velopper. Plut\u00f4t que d&#8217;imposer des pauses syst\u00e9matiques, apprenez progressivement aux \u00e9l\u00e8ves \u00e0 identifier le moment optimal pour prendre une pause et \u00e0 choisir le type de r\u00e9cup\u00e9ration dont ils ont besoin. Cette autonomisation responsabilise l&#8217;enfant et am\u00e9liore l&#8217;efficacit\u00e9 des pauses.<\/pee>\n<pee>L&#8217;utilisation d&#8217;outils de gestion du temps adapt\u00e9s aux enfants facilite cette autonomisation. Des minuteurs visuels, des plannings imag\u00e9s, ou des applications comme <a href=\"https:\/\/www.dynseo.com\/version-coco\/\">COCO PENSE<\/a> qui int\u00e8grent naturellement ces cycles de travail et de pause, offrent un cadre structurant tout en d\u00e9veloppant l&#8217;autonomie.<\/pee>\n<div class=\"key-points\">\n<h4>\u00c9tapes du d\u00e9veloppement de l&#8217;autonomie<\/h4>\n<ul>\n<li><strong>Phase 1 :<\/strong> Prise de conscience guid\u00e9e des signaux corporels<\/li>\n<li><strong>Phase 2 :<\/strong> Identification des strat\u00e9gies personnelles efficaces<\/li>\n<li><strong>Phase 3 :<\/strong> Planification autonome des p\u00e9riodes de travail<\/li>\n<li><strong>Phase 4 :<\/strong> Ajustement flexible selon les situations<\/li>\n<li><strong>Phase 5 :<\/strong> Transfert vers d&#8217;autres contextes<\/li>\n<\/ul>\n<\/div>\n<pee>Le d\u00e9veloppement de strat\u00e9gies personnalis\u00e9es repr\u00e9sente une dimension essentielle de cette autonomie. Chaque \u00e9l\u00e8ve d\u00e9couvre progressivement ce qui fonctionne le mieux pour lui : certains r\u00e9cup\u00e8rent mieux avec du mouvement, d&#8217;autres avec du calme, certains ont besoin de pauses courtes et fr\u00e9quentes, d&#8217;autres pr\u00e9f\u00e8rent des pauses plus longues mais moins nombreuses.<\/pee>\n<pee>La m\u00e9tacognition s&#8217;enrichit par la tenue d&#8217;un journal de bord des apprentissages. Les \u00e9l\u00e8ves y notent leurs strat\u00e9gies efficaces, leurs d\u00e9couvertes sur leur fonctionnement, et leurs progr\u00e8s. Cette r\u00e9flexion sur leurs propres processus d&#8217;apprentissage d\u00e9veloppe une conscience fine de leurs besoins et de leurs ressources.<\/pee>\n<\/pee><\/div>\n<div class=\"section-content\">\n<h2>8. Utilisation optimale des outils num\u00e9riques \u00e9ducatifs<\/h2>\n<pee>Les outils num\u00e9riques \u00e9ducatifs r\u00e9volutionnent l&#8217;accompagnement des \u00e9l\u00e8ves en difficult\u00e9 en offrant des possibilit\u00e9s d&#8217;adaptation et de personnalisation impossible \u00e0 atteindre avec les m\u00e9thodes traditionnelles. Ces technologies permettent une approche vraiment individualis\u00e9e, s&#8217;adaptant en temps r\u00e9el aux besoins et aux performances de chaque \u00e9l\u00e8ve.<\/pee>\n<pee>L&#8217;intelligence artificielle int\u00e9gr\u00e9e dans des applications comme <a href=\"https:\/\/www.dynseo.com\/version-coco\/\">COCO PENSE<\/a> analyse continuellement les performances de l&#8217;\u00e9l\u00e8ve pour ajuster automatiquement la difficult\u00e9, la vitesse de pr\u00e9sentation, et le type d&#8217;exercices propos\u00e9s. Cette adaptation dynamique maintient l&#8217;\u00e9l\u00e8ve dans sa zone optimale d&#8217;apprentissage, \u00e9vitant \u00e0 la fois la frustration et l&#8217;ennui.<\/pee>\n<div class=\"expert-box\">\n                    <span class=\"expert-box-label\">Innovation DYNSEO<\/span><\/pee>\n<h3 class=\"expert-box-title\">Technologie adaptative et r\u00e9cup\u00e9ration cognitive<\/h3>\n<pee>Notre plateforme <a href=\"https:\/\/www.dynseo.com\/version-coco\/\" style=\"color: var(--yellow);\">COCO PENSE et COCO BOUGE<\/a> int\u00e8gre un syst\u00e8me unique de gestion de la fatigue cognitive. L&#8217;application d\u00e9tecte automatiquement les signes de fatigue (ralentissement des r\u00e9ponses, augmentation des erreurs) et propose des pauses actives personnalis\u00e9es.<\/pee>\n<div class=\"expert-inner\">\n<h4 class=\"expert-inner-title\">Avantages de l&#8217;approche num\u00e9rique :<\/h4>\n<ul>\n<li>Adaptation en temps r\u00e9el de la difficult\u00e9<\/li>\n<li>Motivation maintenue par la gamification<\/li>\n<li>Suivi pr\u00e9cis des progr\u00e8s et des difficult\u00e9s<\/li>\n<li>Pauses actives int\u00e9gr\u00e9es automatiquement<\/li>\n<li>R\u00e9troaction imm\u00e9diate et bienveillante<\/li>\n<\/ul>\n<\/div>\n<\/pee><\/div>\n<pee>La gamification int\u00e9gr\u00e9e dans ces outils transforme l&#8217;effort cognitif en exp\u00e9rience ludique. Les \u00e9l\u00e8ves en difficult\u00e9, souvent d\u00e9courag\u00e9s par les \u00e9checs r\u00e9p\u00e9t\u00e9s, retrouvent motivation et plaisir d&#8217;apprendre. Les r\u00e9compenses virtuelles, les d\u00e9fis progressifs, et les syst\u00e8mes de progression valorisent chaque petit progr\u00e8s, restaurant l&#8217;estime de soi.<\/pee>\n<pee>L&#8217;accessibilit\u00e9 constitue un atout majeur du num\u00e9rique \u00e9ducatif. Les \u00e9l\u00e8ves dyslexiques b\u00e9n\u00e9ficient de la synth\u00e8se vocale, ceux avec troubles moteurs utilisent des interfaces tactiles adapt\u00e9es, et les enfants TDAH profitent d&#8217;interactions dynamiques qui captent leur attention. Cette multimodalit\u00e9 r\u00e9pond aux diff\u00e9rents profils d&#8217;apprentissage.<\/pee>\n<div class=\"tip-box\">\n                    <span class=\"tip-box-label\">Int\u00e9gration pratique<\/span><\/pee>\n<pee>Commencez par des sessions courtes de 10-15 minutes avec les outils num\u00e9riques, en observant attentivement les r\u00e9actions de vos \u00e9l\u00e8ves. Augmentez progressivement la dur\u00e9e en fonction de leur confort et de leurs progr\u00e8s. L&#8217;objectif est de cr\u00e9er une association positive avec l&#8217;apprentissage num\u00e9rique.<\/pee>\n<\/pee><\/div>\n<pee>Le suivi pr\u00e9cis des performances offre des donn\u00e9es objectives sur les progr\u00e8s et les difficult\u00e9s de chaque \u00e9l\u00e8ve. Ces analytics \u00e9ducatives permettent d&#8217;identifier rapidement les domaines n\u00e9cessitant une attention particuli\u00e8re et d&#8217;ajuster les interventions p\u00e9dagogiques en cons\u00e9quence.<\/pee>\n<pee>La flexibilit\u00e9 temporelle du num\u00e9rique respecte les rythmes individuels. Un \u00e9l\u00e8ve peut reprendre un exercice \u00e0 son point d&#8217;arr\u00eat, r\u00e9viser des notions \u00e0 son rythme, ou approfondir des domaines qui l&#8217;int\u00e9ressent particuli\u00e8rement. Cette personnalisation temporelle r\u00e9duit consid\u00e9rablement la pression et la fatigue li\u00e9es au rythme collectif impos\u00e9.<\/pee>\n<\/pee><\/div>\n<div class=\"section-content\">\n<h2>9. Collaboration avec les familles et sensibilisation parentale<\/h2>\n<pee>La collaboration avec les familles constitue un pilier essentiel dans l&#8217;accompagnement des \u00e9l\u00e8ves en difficult\u00e9. Les parents, premiers t\u00e9moins des efforts et de la fatigue de leur enfant, deviennent des partenaires privil\u00e9gi\u00e9s dans la mise en place de strat\u00e9gies coh\u00e9rentes entre l&#8217;\u00e9cole et la maison. Cette continuit\u00e9 \u00e9ducative optimise l&#8217;efficacit\u00e9 des interventions et r\u00e9duit le stress de l&#8217;enfant.<\/pee>\n<pee>La sensibilisation des parents aux particularit\u00e9s neurocognitives de leur enfant repr\u00e9sente une priorit\u00e9. Beaucoup de familles interpr\u00e8tent la fatigue de leur enfant comme de la paresse ou un manque de motivation. Expliquer les m\u00e9canismes neurobiologiques \u00e0 l&#8217;origine de cette fatigue aide les parents \u00e0 d\u00e9velopper empathie et strat\u00e9gies d&#8217;accompagnement adapt\u00e9es.<\/pee>\n<div class=\"conseil-card\">\n<h4>Communication efficace avec les familles<\/h4>\n<pee><strong>R\u00e9unions r\u00e9guli\u00e8res :<\/strong> Planifiez des \u00e9changes bimensuels pour partager observations et strat\u00e9gies<!\u2013- [et_pb_br_holder] -\u2013><br \/>\n                    <strong>Outils partag\u00e9s :<\/strong> Carnet de liaison num\u00e9rique pour suivre l&#8217;\u00e9tat de fatigue quotidien<!\u2013- [et_pb_br_holder] -\u2013><br \/>\n                    <strong>Formation parentale :<\/strong> Ateliers sur les troubles DYS et TDAH<!\u2013- [et_pb_br_holder] -\u2013><br \/>\n                    <strong>Ressources communes :<\/strong> Partage d&#8217;applications comme COCO pour la continuit\u00e9 \u00e9ducative<\/pee>\n<\/pee><\/div>\n<pee>L&#8217;extension des strat\u00e9gies scolaires au domicile familial maximise leur efficacit\u00e9. Les parents peuvent reproduire certaines adaptations : espaces de travail organis\u00e9s, pauses r\u00e9guli\u00e8res, utilisation d&#8217;outils num\u00e9riques \u00e9ducatifs. Cette coh\u00e9rence rassure l&#8217;enfant et renforce les apprentissages.<\/pee>\n<pee>La gestion des devoirs \u00e0 domicile n\u00e9cessite une approche particuli\u00e8rement r\u00e9fl\u00e9chie. Ces \u00e9l\u00e8ves arrivent d\u00e9j\u00e0 \u00e9puis\u00e9s de leur journ\u00e9e scolaire ; imposer des devoirs traditionnels peut cr\u00e9er une surcharge contre-productive. Privil\u00e9giez des activit\u00e9s courtes, ludiques, et qui renforcent positivement les apprentissages.<\/pee>\n<div class=\"key-points\">\n<h4>Recommandations pour les devoirs \u00e0 la maison<\/h4>\n<ul>\n<li>Dur\u00e9e limit\u00e9e : 10-15 minutes par niveau scolaire<\/li>\n<li>Fractionnement : plusieurs courtes sessions plut\u00f4t qu&#8217;une longue<\/li>\n<li>Choix d&#8217;activit\u00e9s : laisser l&#8217;enfant choisir l&#8217;ordre des t\u00e2ches<\/li>\n<li>Pauses int\u00e9gr\u00e9es : utiliser COCO BOUGE entre les exercices<\/li>\n<li>Valorisation : c\u00e9l\u00e9brer les efforts plus que les r\u00e9sultats<\/li>\n<\/ul>\n<\/div>\n<pee>La formation des parents aux signes de fatigue cognitive leur permet d&#8217;intervenir pr\u00e9ventivement. Ils apprennent \u00e0 reconna\u00eetre quand leur enfant atteint ses limites et \u00e0 proposer des strat\u00e9gies de r\u00e9cup\u00e9ration adapt\u00e9es. Cette comp\u00e9tence parentale pr\u00e9serve le bien-\u00eatre familial et optimise les apprentissages.<\/pee>\n<pee>L&#8217;utilisation partag\u00e9e d&#8217;outils comme <a href=\"https:\/\/www.dynseo.com\/version-coco\/\">COCO PENSE et COCO BOUGE<\/a> cr\u00e9e une continuit\u00e9 \u00e9ducative rassurante. L&#8217;enfant retrouve ses rep\u00e8res familiers, et les parents peuvent suivre pr\u00e9cis\u00e9ment ses progr\u00e8s, renfor\u00e7ant leur sentiment de comp\u00e9tence \u00e9ducative et leur collaboration avec l&#8217;\u00e9quipe p\u00e9dagogique.<\/pee>\n<\/pee><\/div>\n<div class=\"section-content\">\n<h2>10. \u00c9valuation et ajustement des strat\u00e9gies anti-fatigue<\/h2>\n<pee>L&#8217;\u00e9valuation continue des strat\u00e9gies anti-fatigue constitue un processus dynamique indispensable pour maintenir leur efficacit\u00e9. Les besoins des \u00e9l\u00e8ves \u00e9voluent avec leur d\u00e9veloppement, leurs apprentissages, et les exigences scolaires croissantes. Une approche fig\u00e9e perdrait rapidement son efficacit\u00e9 et pourrait m\u00eame devenir contre-productive.<\/pee>\n<pee>L&#8217;observation syst\u00e9matique forme la base de cette \u00e9valuation. D\u00e9veloppez des grilles d&#8217;observation simples mais pr\u00e9cises, notant l&#8217;\u00e9volution de la fatigue, des performances, et du bien-\u00eatre de chaque \u00e9l\u00e8ve. Ces donn\u00e9es objectives guident vos ajustements p\u00e9dagogiques et documentent les progr\u00e8s r\u00e9alis\u00e9s.<\/pee>\n<div class=\"tip-box\">\n                    <span class=\"tip-box-label\">Outil d&#8217;\u00e9valuation<\/span><\/pee>\n<pee>Cr\u00e9ez un tableau de bord hebdomadaire pour chaque \u00e9l\u00e8ve :<!\u2013- [et_pb_br_holder] -\u2013><br \/>\n                    \u2022 Niveau d&#8217;\u00e9nergie moyen (\u00e9chelle 1-5)<!\u2013- [et_pb_br_holder] -\u2013><br \/>\n                    \u2022 Nombre de pauses demand\u00e9es<!\u2013- [et_pb_br_holder] -\u2013><br \/>\n                    \u2022 Qualit\u00e9 de l&#8217;attention soutenue<!\u2013- [et_pb_br_holder] -\u2013><br \/>\n                    \u2022 R\u00e9actions aux adaptations propos\u00e9es<!\u2013- [et_pb_br_holder] -\u2013><br \/>\n                    \u2022 Progr\u00e8s dans l&#8217;autonomie<\/pee>\n<\/pee><\/div>\n<pee>Les retours des \u00e9l\u00e8ves eux-m\u00eames enrichissent cette \u00e9valuation. Leur ressenti subjectif, leurs pr\u00e9f\u00e9rences \u00e9mergentes, et leurs suggestions offrent des informations pr\u00e9cieuses que l&#8217;observation externe ne peut capter. Cette implication d\u00e9veloppe \u00e9galement leur m\u00e9tacognition et leur sentiment d&#8217;agency.<\/pee>\n<pee>L&#8217;analyse des donn\u00e9es de performance, notamment celles fournies par des outils comme <a href=\"https:\/\/www.dynseo.com\/version-coco\/\">COCO PENSE<\/a>, r\u00e9v\u00e8le des patterns invisibles \u00e0 l&#8217;\u0153il nu. Les courbes de progression, les moments de d\u00e9crochage, et les corr\u00e9lations entre fatigue et performance guident finement les ajustements n\u00e9cessaires.<\/pee>\n<div class=\"expert-box\">\n                    <span class=\"expert-box-label\">Analytics DYNSEO<\/span><\/pee>\n<h3 class=\"expert-box-title\">Donn\u00e9es pr\u00e9dictives et ajustement automatique<\/h3>\n<pee>Nos algorithmes d&#8217;apprentissage machine analysent des milliers de variables pour pr\u00e9dire les moments de fatigue optimale et ajuster proactivement les activit\u00e9s. Cette approche pr\u00e9dictive r\u00e9volutionne la personnalisation \u00e9ducative.<\/pee>\n<div class=\"expert-inner\">\n<h4 class=\"expert-inner-title\">Indicateurs cl\u00e9s surveill\u00e9s :<\/h4>\n<ul>\n<li>Temps de r\u00e9action moyen et variabilit\u00e9<\/li>\n<li>Taux d&#8217;erreurs et patterns d&#8217;erreurs<\/li>\n<li>Fr\u00e9quence et dur\u00e9e des pauses choisies<\/li>\n<li>Engagement mesur\u00e9 par l&#8217;activit\u00e9 utilisateur<\/li>\n<li>Progression des comp\u00e9tences cibl\u00e9es<\/li>\n<\/ul>\n<\/div>\n<\/pee><\/div>\n<pee>Les ajustements doivent \u00eatre graduels et test\u00e9s sur des p\u00e9riodes suffisantes pour \u00e9valuer leur impact r\u00e9el. Un changement trop radical peut d\u00e9stabiliser des \u00e9l\u00e8ves qui ont besoin de rep\u00e8res stables. Privil\u00e9giez des modifications incrementales, document\u00e9es et \u00e9valu\u00e9es r\u00e9guli\u00e8rement.<\/pee>\n<pee>La collaboration interprofessionnelle enrichit cette \u00e9valuation. Orthophonistes, psychologues scolaires, ergoth\u00e9rapeutes apportent leurs \u00e9clairages sp\u00e9cialis\u00e9s sur l&#8217;\u00e9volution des \u00e9l\u00e8ves. Cette approche multidisciplinaire affine la compr\u00e9hension des besoins et optimise les r\u00e9ponses p\u00e9dagogiques.<\/pee>\n<\/pee><\/div>\n<div class=\"faq-list\">\n<h2 style=\"text-align: center; margin-bottom: 30px;\">Questions fr\u00e9quentes sur la gestion de la fatigue scolaire<\/h2>\n<div class=\"faq-item\">\n<div class=\"faq-q\">\n                        <span>Comment reconna\u00eetre qu&#8217;un \u00e9l\u00e8ve est en surcharge cognitive ?<\/span><!\u2013- [et_pb_br_holder] -\u2013><br \/>\n                        <span class=\"faq-icon\">+<\/span>\n                    <\/div>\n<div class=\"faq-a\">\n<pee>Les signes de sur<!\u2013- [et_pb_br_holder] -\u2013><br \/>\n<script type=\"application\/ld+json\">\n[\n  {\n    \"@context\": \"https:\/\/schema.org\",\n    \"@type\": \"Article\",\n    \"headline\": \"Les cl\u00e9s pour aider les \u00e9l\u00e8ves en difficult\u00e9 \u00e0 g\u00e9rer la fatigue et l'\u00e9puisement en classe\",\n    \"description\": \"Accueil > Blog > Gestion de la fatigue scolaire. P\u00e9dagogie inclusive. Les cl\u00e9s pour aider les \u00e9l\u00e8ves en difficult\u00e9\",\n    \"url\": \"https:\/\/www.dynseo.com\/les-cles-pour-aider-les-eleves-en-difficulte-a-gerer-la-fatigue-et-lepuisement-en-classe\/\",\n    \"datePublished\": \"2026-04-07\",\n    \"author\": {\n      \"@type\": \"Organization\",\n      \"name\": \"DYNSEO\",\n      \"url\": \"https:\/\/www.dynseo.com\"\n    },\n    \"publisher\": {\n      \"@type\": \"Organization\",\n      \"name\": \"DYNSEO\",\n      \"url\": \"https:\/\/www.dynseo.com\"\n    },\n    \"image\": {\n      \"@type\": \"ImageObject\",\n      \"url\": \"https:\/\/www.dynseo.com\/wp-content\/uploads\/2024\/01\/dynseo-logo.png\"\n    },\n    \"aggregateRating\": {\n      \"@type\": \"AggregateRating\",\n      \"ratingValue\": \"4.8\",\n      \"bestRating\": \"5\",\n      \"ratingCount\": \"47\"\n    }\n  },\n  {\n    \"@context\": \"https:\/\/schema.org\",\n    \"@type\": \"WebPage\",\n    \"name\": \"Les cl\u00e9s pour aider les \u00e9l\u00e8ves en difficult\u00e9 \u00e0 g\u00e9rer la fatigue et l'\u00e9puisement en classe\",\n    \"url\": \"https:\/\/www.dynseo.com\/les-cles-pour-aider-les-eleves-en-difficulte-a-gerer-la-fatigue-et-lepuisement-en-classe\/\",\n    \"breadcrumb\": {\n      \"@type\": \"BreadcrumbList\",\n      \"itemListElement\": [\n        {\n          \"@type\": \"ListItem\",\n          \"position\": 1,\n          \"name\": \"Accueil\",\n          \"item\": \"https:\/\/www.dynseo.com\"\n        },\n        {\n          \"@type\": \"ListItem\",\n          \"position\": 2,\n          \"name\": \"Blog\",\n          \"item\": \"https:\/\/www.dynseo.com\/blog\/\"\n        },\n        {\n          \"@type\": \"ListItem\",\n          \"position\": 3,\n          \"name\": \"Les cl\u00e9s pour aider les \u00e9l\u00e8ves en difficult\u00e9 \u00e0 g\u00e9rer la fatigue et l'\u00e9puisement en classe\",\n          \"item\": \"https:\/\/www.dynseo.com\/les-cles-pour-aider-les-eleves-en-difficulte-a-gerer-la-fatigue-et-lepuisement-en-classe\/\"\n        }\n      ]\n    }\n  },\n  {\n    \"@context\": \"https:\/\/schema.org\",\n    \"@type\": \"FAQPage\",\n    \"mainEntity\": [\n      {\n        \"@type\": \"Question\",\n        \"name\": \"Comment reconna\u00eetre qu'un \u00e9l\u00e8ve est en surcharge cognitive ?\",\n        \"acceptedAnswer\": {\n          \"@type\": \"Answer\",\n          \"text\": \"Les signes de surcharge cognitive chez un \u00e9l\u00e8ve peuvent inclure une difficult\u00e9 de concentration, une fatigue excessive, des troubles du comportement, une baisse des performances scolaires, et une r\u00e9sistance aux t\u00e2ches d'apprentissage.\"\n        }\n      }\n    ]\n  }\n]\n<\/script>[\/et_pb_code][\/et_pb_column][\/et_pb_row][\/et_pb_section]<\/p>\n","protected":false},"excerpt":{"rendered":"","protected":false},"author":4,"featured_media":399746,"comment_status":"closed","ping_status":"closed","sticky":false,"template":"","format":"standard","meta":{"_et_pb_use_builder":"on","_et_pb_old_content":"[et_pb_section fb_built=\"1\" _builder_version=\"4.16\" custom_padding=\"0px|0px|0px|0px|false|false\" margin_top=\"0px\" margin_bottom=\"0px\" global_colors_info=\"{}\"][et_pb_row _builder_version=\"4.16\" custom_padding=\"0px|0px|0px|0px|false|false\" margin_top=\"0px\" margin_bottom=\"0px\" column_structure=\"4_4\" global_colors_info=\"{}\"][et_pb_column type=\"4_4\" _builder_version=\"4.16\" custom_padding=\"0px|0px|0px|0px|false|false\" global_colors_info=\"{}\"][et_pb_code _builder_version=\"4.16\" custom_padding=\"0px|0px|0px|0px|false|false\" global_colors_info=\"{}\"]<!DOCTYPE html>\n<html lang=\"fr\">\n<head>\n    <meta charset=\"UTF-8\">\n    <meta name=\"viewport\" content=\"width=device-width, initial-scale=1.0\">\n    <title>Les cl\u00e9s pour aider les \u00e9l\u00e8ves en difficult\u00e9 \u00e0 g\u00e9rer la fatigue et l'\u00e9puisement en classe | DYNSEO<\/title>\n    <meta name=\"description\" content=\"D\u00e9couvrez des strat\u00e9gies efficaces pour aider les \u00e9l\u00e8ves DYS et TDAH \u00e0 g\u00e9rer leur fatigue en classe. Conseils pratiques et outils p\u00e9dagogiques adapt\u00e9s.\">\n    \n    <link rel=\"preconnect\" href=\"https:\/\/fonts.googleapis.com\">\n    <link rel=\"preconnect\" href=\"https:\/\/fonts.gstatic.com\" crossorigin>\n    <link href=\"https:\/\/fonts.googleapis.com\/css2?family=Montserrat:wght@400;500;600;700&family=Poppins:wght@300;400;500;600&display=swap\" rel=\"stylesheet\">\n    \n    <style>\n        :root {\n            --blue: #5e5ed7;\n            --blue-dark: #5268c9;\n            --teal: #a9e2e4;\n            --yellow: #ffeca7;\n            --pink: #e73469;\n            --white: #ffffff;\n            --gray-light: #f8f9fa;\n            --gray: #6c757d;\n            --dark: #333333;\n        }\n\n        * {\n            margin: 0;\n            padding: 0;\n            box-sizing: border-box;\n        }\n\n        body {\n            font-family: 'Poppins', sans-serif;\n            line-height: 1.6;\n            color: var(--dark);\n            background-color: var(--white);\n        }\n\n        h1, h2, h3, h4, h5, h6 {\n            font-family: 'Montserrat', sans-serif;\n            font-weight: 600;\n            line-height: 1.3;\n            margin-bottom: 1rem;\n        }\n\n        .container {\n            max-width: 1200px;\n            margin: 0 auto;\n            padding: 0 20px;\n        }\n\n        .article-hero {\n            background: linear-gradient(135deg, var(--blue) 0%, var(--blue-dark) 100%);\n            color: var(--white);\n            padding: 80px 0 120px;\n            position: relative;\n            overflow: hidden;\n        }\n\n        .article-hero::before {\n            content: '';\n            position: absolute;\n            top: 0;\n            left: 0;\n            right: 0;\n            bottom: 0;\n            background: url('data:image\/svg+xml,<svg xmlns=\"http:\/\/www.w3.org\/2000\/svg\" viewBox=\"0 0 100 100\"><circle cx=\"20\" cy=\"20\" r=\"2\" fill=\"rgba(255,255,255,0.1)\"\/><circle cx=\"80\" cy=\"40\" r=\"1.5\" fill=\"rgba(255,255,255,0.1)\"\/><circle cx=\"40\" cy=\"70\" r=\"1\" fill=\"rgba(255,255,255,0.1)\"\/><\/svg>');\n            opacity: 0.3;\n        }\n\n        .article-hero-inner {\n            position: relative;\n            z-index: 2;\n        }\n\n        .article-breadcrumb {\n            font-size: 14px;\n            margin-bottom: 20px;\n            opacity: 0.9;\n        }\n\n        .article-breadcrumb a {\n            color: var(--white);\n            text-decoration: none;\n            opacity: 0.8;\n        }\n\n        .article-category {\n            display: inline-block;\n            background: var(--pink);\n            color: var(--white);\n            padding: 8px 16px;\n            border-radius: 20px;\n            font-size: 14px;\n            font-weight: 500;\n            margin-bottom: 20px;\n        }\n\n        .article-hero h1 {\n            font-size: 2.5rem;\n            font-weight: 700;\n            margin-bottom: 20px;\n            line-height: 1.2;\n        }\n\n        .hl {\n            background: linear-gradient(120deg, var(--yellow) 0%, var(--teal) 100%);\n            -webkit-background-clip: text;\n            -webkit-text-fill-color: transparent;\n            background-clip: text;\n        }\n\n        .article-meta {\n            display: flex;\n            flex-wrap: wrap;\n            gap: 20px;\n            margin-bottom: 30px;\n            font-size: 14px;\n            opacity: 0.9;\n        }\n\n        .article-meta > div {\n            display: flex;\n            align-items: center;\n            gap: 5px;\n        }\n\n        .rating-stars {\n            color: var(--yellow);\n            margin-left: 10px;\n        }\n\n        .article-hero-curve {\n            position: absolute;\n            bottom: -1px;\n            left: 0;\n            right: 0;\n            height: 60px;\n            background: var(--white);\n            clip-path: ellipse(100% 100% at 50% 100%);\n        }\n\n        .article-body {\n            padding: 60px 0;\n            background: var(--gray-light);\n        }\n\n        .intro-block {\n            background: var(--white);\n            padding: 40px;\n            border-radius: 15px;\n            box-shadow: 0 10px 30px rgba(0,0,0,0.1);\n            margin-bottom: 50px;\n            font-size: 1.1rem;\n            line-height: 1.8;\n        }\n\n        .stats-grid {\n            display: grid;\n            grid-template-columns: repeat(auto-fit, minmax(250px, 1fr));\n            gap: 30px;\n            margin-bottom: 60px;\n        }\n\n        .stat-card {\n            background: var(--white);\n            padding: 30px;\n            border-radius: 15px;\n            text-align: center;\n            box-shadow: 0 10px 30px rgba(0,0,0,0.1);\n            border-top: 4px solid var(--blue);\n        }\n\n        .stat-card .number {\n            font-size: 2.5rem;\n            font-weight: 700;\n            color: var(--blue);\n            margin-bottom: 10px;\n            font-family: 'Montserrat', sans-serif;\n        }\n\n        .stat-card .label {\n            font-size: 1rem;\n            color: var(--gray);\n            font-weight: 500;\n        }\n\n        .article-body h2 {\n            font-size: 2rem;\n            margin: 60px 0 30px;\n            color: var(--blue-dark);\n            position: relative;\n            padding-left: 20px;\n        }\n\n        .article-body h2::before {\n            content: '';\n            position: absolute;\n            left: 0;\n            top: 0;\n            bottom: 0;\n            width: 4px;\n            background: linear-gradient(135deg, var(--blue), var(--pink));\n            border-radius: 2px;\n        }\n\n        .article-body h3 {\n            font-size: 1.5rem;\n            margin: 40px 0 20px;\n            color: var(--blue);\n        }\n\n        .article-body p {\n            margin-bottom: 20px;\n            line-height: 1.8;\n            font-size: 1.05rem;\n        }\n\n        .article-body ul, .article-body ol {\n            margin: 20px 0;\n            padding-left: 30px;\n        }\n\n        .article-body li {\n            margin-bottom: 10px;\n            line-height: 1.7;\n        }\n\n        .conseil-card {\n            background: linear-gradient(135deg, var(--teal), var(--yellow));\n            padding: 30px;\n            border-radius: 15px;\n            margin: 30px 0;\n            box-shadow: 0 10px 25px rgba(0,0,0,0.1);\n        }\n\n        .conseil-card h4 {\n            color: var(--dark);\n            margin-bottom: 15px;\n            font-size: 1.3rem;\n        }\n\n        .key-points {\n            background: var(--white);\n            padding: 30px;\n            border-radius: 15px;\n            margin: 30px 0;\n            border-left: 5px solid var(--blue);\n            box-shadow: 0 5px 15px rgba(0,0,0,0.08);\n        }\n\n        .key-points h4 {\n            color: var(--blue);\n            margin-bottom: 20px;\n            font-size: 1.3rem;\n        }\n\n        .tip-box {\n            background: var(--gray-light);\n            border: 2px solid var(--teal);\n            padding: 25px;\n            border-radius: 12px;\n            margin: 25px 0;\n            position: relative;\n        }\n\n        .tip-box-label {\n            background: var(--teal);\n            color: var(--dark);\n            padding: 5px 15px;\n            border-radius: 20px;\n            font-size: 14px;\n            font-weight: 600;\n            position: absolute;\n            top: -12px;\n            left: 20px;\n        }\n\n        .expert-box {\n            background: linear-gradient(135deg, var(--blue-dark), var(--blue));\n            color: var(--white);\n            padding: 35px;\n            border-radius: 15px;\n            margin: 40px 0;\n            position: relative;\n            overflow: hidden;\n        }\n\n        .expert-box::before {\n            content: '\ud83d\udca1';\n            position: absolute;\n            top: 20px;\n            right: 20px;\n            font-size: 2rem;\n            opacity: 0.7;\n        }\n\n        .expert-box-label {\n            background: var(--yellow);\n            color: var(--dark);\n            padding: 5px 15px;\n            border-radius: 20px;\n            font-size: 14px;\n            font-weight: 600;\n            display: inline-block;\n            margin-bottom: 15px;\n        }\n\n        .expert-box-title {\n            font-size: 1.4rem;\n            margin-bottom: 15px;\n            color: var(--white);\n        }\n\n        .expert-inner {\n            background: rgba(255,255,255,0.1);\n            padding: 25px;\n            border-radius: 10px;\n            margin-top: 20px;\n            border: 1px solid rgba(255,255,255,0.2);\n        }\n\n        .expert-inner-title {\n            font-size: 1.2rem;\n            margin-bottom: 15px;\n            color: var(--yellow);\n        }\n\n        .faq-list {\n            background: var(--white);\n            border-radius: 15px;\n            overflow: hidden;\n            box-shadow: 0 10px 30px rgba(0,0,0,0.1);\n            margin: 50px 0;\n        }\n\n        .faq-item {\n            border-bottom: 1px solid var(--gray-light);\n        }\n\n        .faq-item:last-child {\n            border-bottom: none;\n        }\n\n        .faq-q {\n            padding: 25px;\n            cursor: pointer;\n            display: flex;\n            justify-content: space-between;\n            align-items: center;\n            background: var(--white);\n            transition: all 0.3s ease;\n            font-weight: 600;\n            color: var(--dark);\n        }\n\n        .faq-q:hover {\n            background: var(--gray-light);\n        }\n\n        .faq-icon {\n            width: 24px;\n            height: 24px;\n            background: var(--blue);\n            color: var(--white);\n            border-radius: 50%;\n            display: flex;\n            align-items: center;\n            justify-content: center;\n            font-weight: bold;\n            transition: transform 0.3s ease;\n        }\n\n        .faq-item.open .faq-icon {\n            transform: rotate(45deg);\n        }\n\n        .faq-a {\n            padding: 0 25px;\n            max-height: 0;\n            overflow: hidden;\n            transition: all 0.3s ease;\n            background: var(--gray-light);\n        }\n\n        .faq-item.open .faq-a {\n            padding: 25px;\n            max-height: 500px;\n        }\n\n        .cta-box {\n            background: linear-gradient(135deg, var(--blue) 0%, var(--blue-dark) 100%);\n            color: var(--white);\n            padding: 50px;\n            border-radius: 20px;\n            text-align: center;\n            margin: 60px 0;\n            position: relative;\n            overflow: hidden;\n        }\n\n        .cta-box::before {\n            content: '';\n            position: absolute;\n            top: -50%;\n            left: -50%;\n            width: 200%;\n            height: 200%;\n            background: radial-gradient(circle, rgba(255,255,255,0.1) 0%, transparent 70%);\n            animation: pulse 4s ease-in-out infinite;\n        }\n\n        @keyframes pulse {\n            0%, 100% { transform: scale(0.8); opacity: 0.5; }\n            50% { transform: scale(1.2); opacity: 0.8; }\n        }\n\n        .cta-box h3 {\n            font-size: 2rem;\n            margin-bottom: 20px;\n            position: relative;\n            z-index: 2;\n        }\n\n        .cta-box p {\n            font-size: 1.1rem;\n            margin-bottom: 30px;\n            opacity: 0.9;\n            position: relative;\n            z-index: 2;\n        }\n\n        .cta-buttons {\n            display: flex;\n            gap: 20px;\n            justify-content: center;\n            flex-wrap: wrap;\n            position: relative;\n            z-index: 2;\n        }\n\n        .btn-white, .btn-outline {\n            padding: 15px 30px;\n            border-radius: 25px;\n            text-decoration: none;\n            font-weight: 600;\n            transition: all 0.3s ease;\n            border: 2px solid transparent;\n            display: inline-block;\n        }\n\n        .btn-white {\n            background: var(--white);\n            color: var(--blue);\n            border-color: var(--white);\n        }\n\n        .btn-white:hover {\n            background: var(--yellow);\n            color: var(--dark);\n            transform: translateY(-2px);\n            box-shadow: 0 10px 25px rgba(0,0,0,0.2);\n        }\n\n        .btn-outline {\n            background: transparent;\n            color: var(--white);\n            border-color: var(--white);\n        }\n\n        .btn-outline:hover {\n            background: var(--white);\n            color: var(--blue);\n            transform: translateY(-2px);\n        }\n\n        .article-tags {\n            display: flex;\n            flex-wrap: wrap;\n            gap: 15px;\n            margin: 50px 0;\n            padding: 30px;\n            background: var(--white);\n            border-radius: 15px;\n            box-shadow: 0 5px 15px rgba(0,0,0,0.08);\n        }\n\n        .article-tag {\n            background: var(--gray-light);\n            color: var(--dark);\n            padding: 8px 16px;\n            border-radius: 20px;\n            text-decoration: none;\n            font-size: 14px;\n            font-weight: 500;\n            transition: all 0.3s ease;\n            border: 2px solid transparent;\n        }\n\n        .article-tag:hover {\n            background: var(--teal);\n            color: var(--dark);\n            transform: translateY(-2px);\n        }\n\n        @media (max-width: 768px) {\n            .article-hero {\n                padding: 60px 0 100px;\n            }\n            \n            .article-hero h1 {\n                font-size: 2rem;\n            }\n            \n            .article-meta {\n                flex-direction: column;\n                gap: 10px;\n            }\n            \n            .stats-grid {\n                grid-template-columns: repeat(auto-fit, minmax(200px, 1fr));\n                gap: 20px;\n            }\n            \n            .intro-block {\n                padding: 25px;\n            }\n            \n            .article-body h2 {\n                font-size: 1.5rem;\n                margin: 40px 0 20px;\n            }\n            \n            .cta-box {\n                padding: 30px 20px;\n            }\n            \n            .cta-buttons {\n                flex-direction: column;\n                align-items: center;\n            }\n        }\n\n        .section-content {\n            background: var(--white);\n            padding: 40px;\n            border-radius: 15px;\n            margin-bottom: 40px;\n            box-shadow: 0 5px 15px rgba(0,0,0,0.08);\n        }\n    <\/style>\n<\/head>\n\n<body><section class=\"article-hero\">\n        <div class=\"container\">\n            <div class=\"article-hero-inner\">\n                <nav class=\"article-breadcrumb\">\n                    <a href=\"https:\/\/www.dynseo.com\">In\u00edcio<\/a> > \n                    <a href=\"https:\/\/www.dynseo.com\/blog\">Blog<\/a> > \n                    <span>Gest\u00e3o da fadiga escolar<\/span>\n                <\/nav>\n                \n                <div class=\"article-category\">Pedagogia inclusiva<\/div>\n                \n                <h1>As chaves para ajudar os alunos em dificuldade a gerir <span class=\"hl\">a fadiga e o esgotamento<\/span> na sala de aula<\/h1>\n                \n                <div class=\"article-meta\">\n                    <div>\ud83d\udcc5 Abril 2026<\/div>\n                    <div>\u23f1\ufe0f 25 min de leitura<\/div>\n                    <div>\ud83d\udc65 Professores, Educadores<\/div>\n                    <div class=\"rating-stars\">\u2b50 4.8\/5 (342 avalia\u00e7\u00f5es)<\/div>\n                <\/div>\n            <\/div>\n        <\/div>\n        <div class=\"article-hero-curve\"><\/div>\n    <\/section>\n\n    <div class=\"article-body\">\n        <div class=\"container\">\n<div class=\"intro-block\">\n                <p>A fadiga e o esgotamento representam desafios importantes para os alunos em dificuldade, particularmente aqueles que apresentam dist\u00farbios de aprendizagem como os DIS ou um TDAH. Essas crian\u00e7as precisam mobilizar recursos cognitivos consider\u00e1veis para realizar tarefas escolares que seus colegas realizam de maneira mais automatizada. Essa sobrecarga cognitiva constante gera um esgotamento que pode comprometer seu sucesso escolar e seu bem-estar geral.<\/p>\n                \n                <p>Diante dessa realidade, torna-se essencial para os professores desenvolver estrat\u00e9gias adequadas que permitam prevenir e gerenciar essa fadiga excessiva. O objetivo n\u00e3o \u00e9 apenas adaptar as aprendizagens, mas criar um ambiente escolar onde cada aluno possa se desenvolver de acordo com seu ritmo e suas necessidades espec\u00edficas.<\/p>\n                \n                <p>Este artigo oferece chaves pr\u00e1ticas e ferramentas concretas para acompanhar eficazmente esses alunos em dire\u00e7\u00e3o a um equil\u00edbrio entre aprendizagem e recupera\u00e7\u00e3o. Descubra como transformar sua abordagem pedag\u00f3gica para favorecer o sucesso de todos, enquanto preserva sua motiva\u00e7\u00e3o e confian\u00e7a em si mesmos.<\/p>\n            <\/div>\n\n            <div class=\"stats-grid\">\n                <div class=\"stat-card\">\n                    <div class=\"number\">67%<\/div>\n                    <div class=\"label\">dos alunos DIS sentem uma fadiga excessiva<\/div>\n                <\/div>\n                <div class=\"stat-card\">\n                    <div class=\"number\">15 min<\/div>\n                    <div class=\"label\">dura\u00e7\u00e3o ideal antes de uma pausa ativa<\/div>\n                <\/div>\n                <div class=\"stat-card\">\n                    <div class=\"number\">3x<\/div>\n                    <div class=\"label\">mais esfor\u00e7os cognitivos para os alunos TDAH<\/div>\n                <\/div>\n                <div class=\"stat-card\">\n                    <div class=\"number\">89%<\/div>\n                    <div class=\"label\">de melhoria com pausas regulares<\/div>\n                <\/div>\n            <\/div>\n\n            <div class=\"section-content\">\n                <h2>1. Compreender a rela\u00e7\u00e3o entre dist\u00farbios de aprendizagem e fadiga aumentada<\/h2>\n                \n                <p>Os alunos que apresentam dist\u00farbios de aprendizagem ou de aten\u00e7\u00e3o vivem uma realidade escolar particularmente exigente. Ao contr\u00e1rio de seus colegas, eles n\u00e3o podem se apoiar em automatismos bem estabelecidos para processar informa\u00e7\u00f5es, ler, escrever ou calcular. Essa aus\u00eancia de automa\u00e7\u00e3o os obriga a mobilizar constantemente sua aten\u00e7\u00e3o consciente, criando uma carga cognitiva excepcionalmente alta.<\/p>\n                \n                <p>Essa sobrecarga se manifesta de m\u00faltiplas maneiras, dependendo do tipo de dist\u00farbio. Um aluno disl\u00e9xico deve decifrar cada palavra com esfor\u00e7o, mesmo as mais familiares, transformando uma simples leitura em um exerc\u00edcio mental intenso. Uma crian\u00e7a dyspraxica concentra toda a sua aten\u00e7\u00e3o no controle de seus gestos, tornando a escrita trabalhosa e exaustiva. Quanto aos alunos TDAH, eles lutam constantemente para manter sua aten\u00e7\u00e3o, criando uma tens\u00e3o mental permanente.<\/p>\n<div class=\"conseil-card\">\n                    <h4>Conselho pr\u00e1tico<\/h4>\n                    <p>Observe atentamente os sinais de fadiga em seus alunos: agita\u00e7\u00e3o, dificuldades crescentes ao longo do dia, erros que se acumulam, ou, ao contr\u00e1rio, apatia e retraimento. Esses indicadores ajudar\u00e3o voc\u00ea a adaptar suas interven\u00e7\u00f5es em tempo real.<\/p>\n                <\/div>\n                \n                <p>A dimens\u00e3o emocional amplifica essa fadiga cognitiva. Esses alunos frequentemente desenvolvem uma ansiedade relacionada ao desempenho, temendo n\u00e3o estar \u00e0 altura das expectativas. Essa carga emocional se soma ao esfor\u00e7o cognitivo, criando um ciclo vicioso de exaust\u00e3o. Eles tamb\u00e9m podem sentir frustra\u00e7\u00e3o diante de suas dificuldades, o que consome ainda mais energia mental.<\/p>\n                \n                <div class=\"key-points\">\n                    <h4>Pontos-chave a reter<\/h4>\n                    <ul>\n                        <li>A carga cognitiva \u00e9 2 a 3 vezes mais importante em alunos com dist\u00farbios DIS<\/li>\n                        <li>A aus\u00eancia de automatismos requer uma aten\u00e7\u00e3o consciente permanente<\/li>\n                        <li>A fadiga emocional se soma \u00e0 fadiga cognitiva<\/li>\n                        <li>Os sinais de fadiga variam conforme a crian\u00e7a e o momento do dia<\/li>\n                    <\/ul>\n                <\/div>\n                \n                <p>\u00c9 crucial entender que essa fadiga n\u00e3o \u00e9 uma falta de motiva\u00e7\u00e3o ou capacidade, mas sim uma consequ\u00eancia direta do funcionamento neurol\u00f3gico particular desses alunos. Essa compreens\u00e3o deve guiar todas as nossas interven\u00e7\u00f5es pedag\u00f3gicas.<\/p>\n            <\/div>\n\n            <div class=\"section-content\">\n                <h2>2. A import\u00e2ncia crucial das pausas regulares para crian\u00e7as com dist\u00farbios DIS e TDAH<\/h2>\n                \n                <p>As pausas n\u00e3o s\u00e3o um luxo ou uma perda de tempo para os alunos em dificuldade, mas sim uma necessidade fisiol\u00f3gica e cognitiva. O c\u00e9rebro dessas crian\u00e7as trabalha constantemente em plena capacidade, sem se beneficiar dos \"tempos mortos\" naturais que os automatismos proporcionam a outros alunos. Essa intensidade constante esgota rapidamente os recursos atencionais e cognitivos.<\/p>\n                \n                <p>As pesquisas em neuroci\u00eancias demonstram que a aten\u00e7\u00e3o sustentada tem limites naturais, particularmente em crian\u00e7as com dist\u00farbios do neurodesenvolvimento. Ap\u00f3s 10 a 15 minutos de esfor\u00e7o intenso, o desempenho cai drasticamente se nenhuma pausa for proposta. Essa degrada\u00e7\u00e3o n\u00e3o \u00e9 recuper\u00e1vel por um simples esfor\u00e7o de vontade; ela requer uma verdadeira recupera\u00e7\u00e3o.<\/p>\n                \n                <div class=\"expert-box\">\n                    <span class=\"expert-box-label\">Especializa\u00e7\u00e3o DYNSEO<\/span>\n                    <h3 class=\"expert-box-title\">A abordagem cient\u00edfica das pausas ativas<\/h3>\n                    <p>Nossas pesquisas mostram que as pausas ativas, integradas nas aplica\u00e7\u00f5es <a href=\"https:\/\/www.dynseo.com\/pt-pt\/coco-pensa-e-coco-se-mexe\/\" style=\"color: var(--yellow);\">COCO PENSA e COCO SE MEXE<\/a>, permitem uma recupera\u00e7\u00e3o \u00f3tima. Essas pausas combinam movimento f\u00edsico e relaxamento cognitivo, restaurando efetivamente as capacidades atencionais.<\/p>\n<div class=\"expert-inner\">\n                        <h4 class=\"expert-inner-title\">Protocolo recomendado:<\/h4>\n                        <ul>\n                            <li>Pausa de 3-5 minutos a cada 15 minutos de atividade intensa<\/li>\n                            <li>Altern\u00e2ncia entre pausas ativas e pausas calmas<\/li>\n                            <li>Utiliza\u00e7\u00e3o de ferramentas l\u00fadicas para manter o engajamento<\/li>\n                        <\/ul>\n                    <\/div>\n                <\/div>\n                \n                <p>As pausas ativas apresentam vantagens particulares para esses alunos. O movimento f\u00edsico ativa a produ\u00e7\u00e3o de neurotransmissores como a dopamina e a noradrenalina, essenciais para a aten\u00e7\u00e3o e a motiva\u00e7\u00e3o. Essas subst\u00e2ncias qu\u00edmicas s\u00e3o frequentemente deficit\u00e1rias em crian\u00e7as com TDAH, explicando por que o exerc\u00edcio f\u00edsico melhora significativamente seu desempenho cognitivo.<\/p>\n                \n                <div class=\"tip-box\">\n                    <span class=\"tip-box-label\">Dica pr\u00e1tica<\/span>\n                    <p>Integre <a href=\"https:\/\/www.dynseo.com\/pt-pt\/coco-pensa-e-coco-se-mexe\/\" style=\"color: var(--blue);\">COCO SE MEXE<\/a> na sua rotina di\u00e1ria. Este aplicativo oferece exerc\u00edcios f\u00edsicos adaptados que podem ser realizados em sala de aula, sem material espec\u00edfico. Os alunos adoram esses momentos de movimento que os ajudam a se concentrar melhor depois.<\/p>\n                <\/div>\n                \n                <p>As pausas calmas tamb\u00e9m t\u00eam seu lugar, particularmente para os alunos que podem estar superestimulados por muita atividade. Esses momentos de relaxamento permitem que o sistema nervoso recupere seu equil\u00edbrio. A respira\u00e7\u00e3o profunda, o relaxamento muscular progressivo ou simplesmente alguns minutos de sil\u00eancio podem ser extraordinariamente reparadores.<\/p>\n                \n                <p>A organiza\u00e7\u00e3o dessas pausas requer um planejamento cuidadoso. N\u00e3o se trata de interromper arbitrariamente as atividades, mas de identificar os momentos ideais. Observe seus alunos: quando eles come\u00e7am a mostrar sinais de desinteresse? Em que momento seus erros se multiplicam? Essas observa\u00e7\u00f5es o guiar\u00e3o para estabelecer um ritmo adequado para sua turma.<\/p>\n            <\/div>\n\n            <div class=\"section-content\">\n                <h2>3. Estrat\u00e9gias para equilibrar aprendizado e recupera\u00e7\u00e3o<\/h2>\n                \n                <p>O equil\u00edbrio entre aprendizado e recupera\u00e7\u00e3o n\u00e3o se improvisa; requer uma abordagem estruturada e personalizada. Cada aluno tem seu pr\u00f3prio ritmo e suas pr\u00f3prias necessidades, tornando indispens\u00e1vel uma observa\u00e7\u00e3o cuidadosa e uma adapta\u00e7\u00e3o cont\u00ednua de nossas pr\u00e1ticas pedag\u00f3gicas.<\/p>\n                \n                <p>A primeira estrat\u00e9gia consiste em repensar a estrutura temporal de nossas sequ\u00eancias de aprendizado. Em vez de conceber blocos de trabalho de 45 minutos, privilegie segmentos mais curtos intercalados com pausas estrat\u00e9gicas. Essa abordagem modular permite manter um n\u00edvel de aten\u00e7\u00e3o ideal ao longo da sess\u00e3o.<\/p>\n<div class=\"conseil-card\">\n                    <h4>Modelo de sequ\u00eancia otimizada<\/h4>\n                    <p><strong>Fase 1 :<\/strong> Introdu\u00e7\u00e3o do conceito (10 min)<br>\n                    <strong>Pausa ativa :<\/strong> Movimento com COCO SE MEXE (5 min)<br>\n                    <strong>Fase 2 :<\/strong> Pr\u00e1tica guiada (15 min)<br>\n                    <strong>Pausa calma :<\/strong> Relaxamento ou alongamento (3 min)<br>\n                    <strong>Fase 3 :<\/strong> Aplica\u00e7\u00e3o aut\u00f4noma (10 min)<\/p>\n                <\/div>\n                \n                <p>A diversifica\u00e7\u00e3o das modalidades de aprendizagem constitui uma outra estrat\u00e9gia essencial. Ao alternar entre atividades visuais, auditivas, cinest\u00e9sicas e t\u00e1teis, voc\u00ea permite que alguns sistemas cognitivos descansem enquanto outros trabalham. Um aluno com dislexia poder\u00e1 assim se recuperar durante atividades auditivas, enquanto um aluno com dist\u00farbios de aten\u00e7\u00e3o se beneficiar\u00e1 de atividades manipulativas.<\/p>\n                \n                <p>A utiliza\u00e7\u00e3o de ferramentas digitais adaptativas como <a href=\"https:\/\/www.dynseo.com\/pt-pt\/coco-pensa-e-coco-se-mexe\/\">COCO PENSA<\/a> revoluciona essa abordagem ao ajustar automaticamente a dificuldade de acordo com o desempenho do aluno. Essa adapta\u00e7\u00e3o em tempo real evita a frustra\u00e7\u00e3o relacionada a tarefas muito dif\u00edceis ou o t\u00e9dio gerado por exerc\u00edcios muito simples, dois fatores principais de fadiga cognitiva.<\/p>\n                \n                <div class=\"key-points\">\n                    <h4>Princ\u00edpios de adapta\u00e7\u00e3o<\/h4>\n                    <ul>\n                        <li>Propor v\u00e1rios n\u00edveis de dificuldade para uma mesma no\u00e7\u00e3o<\/li>\n                        <li>Variar os suportes: digital, papel, manipulativo<\/li>\n                        <li>Permitir diferentes modos de express\u00e3o: oral, escrito, gestual<\/li>\n                        <li>Oferecer escolhas na ordem das atividades<\/li>\n                        <li>Respeitar as prefer\u00eancias sensoriais de cada aluno<\/li>\n                    <\/ul>\n                <\/div>\n                \n                <p>A metacogni\u00e7\u00e3o desempenha um papel determinante nesse equil\u00edbrio. Ensine seus alunos a identificar seus pr\u00f3prios sinais de fadiga e a pedir uma pausa antes de estarem completamente exaustos. Essa autonomia na gest\u00e3o de sua energia cognitiva representa uma aprendizagem t\u00e3o importante quanto os conte\u00fados disciplinares.<\/p>\n            <\/div>\n\n            <div class=\"section-content\">\n                <h2>4. T\u00e9cnicas de fracionamento de tarefas complexas<\/h2>\n                \n                <p>O fracionamento de tarefas representa uma das adapta\u00e7\u00f5es mais eficazes para os alunos em dificuldade. Essa t\u00e9cnica, proveniente da psicologia cognitiva, consiste em decompor uma atividade complexa em etapas mais simples e mais acess\u00edveis. Para um aluno cujos recursos cognitivos s\u00e3o limitados, essa abordagem reduz consideravelmente a carga mental e previne o esgotamento.<\/p>\n                \n                <p>A metodologia do fracionamento vai muito al\u00e9m de uma simples divis\u00e3o temporal. Ela envolve uma an\u00e1lise detalhada dos processos cognitivos envolvidos em cada tarefa. Por exemplo, a reda\u00e7\u00e3o de um texto mobiliza simultaneamente o planejamento, a busca de ideias, a ortografia, a sintaxe e a motricidade fina. Para um aluno com dislexia, tratar todos esses aspectos simultaneamente torna-se rapidamente ingovern\u00e1vel.<\/p>\n<div class=\"expert-box\">\n                    <span class=\"expert-box-label\">M\u00e9todo DYNSEO<\/span>\n                    <h3 class=\"expert-box-title\">Decomposi\u00e7\u00e3o cognitiva das tarefas<\/h3>\n                    <p>Nossa abordagem baseada nas ci\u00eancias cognitivas identifica precisamente as microcompet\u00eancias envolvidas em cada aprendizado. <a href=\"https:\/\/www.dynseo.com\/pt-pt\/coco-pensa-e-coco-se-mexe\/\" style=\"color: var(--yellow);\">COCO PENSA<\/a> treina especificamente essas compet\u00eancias b\u00e1sicas, refor\u00e7ando as funda\u00e7\u00f5es cognitivas necess\u00e1rias aos aprendizados complexos.<\/p>\n                    \n                    <div class=\"expert-inner\">\n                        <h4 class=\"expert-inner-title\">Exemplo concreto em matem\u00e1tica:<\/h4>\n                        <ul>\n                            <li><strong>Etapa 1:<\/strong> Leitura do problema (compreens\u00e3o)<\/li>\n                            <li><strong>Etapa 2:<\/strong> Identifica\u00e7\u00e3o dos dados (an\u00e1lise)<\/li>\n                            <li><strong>Etapa 3:<\/strong> Escolha da opera\u00e7\u00e3o (estrat\u00e9gia)<\/li>\n                            <li><strong>Etapa 4:<\/strong> C\u00e1lculo (execu\u00e7\u00e3o)<\/li>\n                            <li><strong>Etapa 5:<\/strong> Verifica\u00e7\u00e3o (controle)<\/li>\n                        <\/ul>\n                    <\/div>\n                <\/div>\n                \n                <p>A temporiza\u00e7\u00e3o entre as etapas se mostra crucial. Ela n\u00e3o deve ser nem muito curta (risco de precipita\u00e7\u00e3o) nem muito longa (perda do fio condutor). A observa\u00e7\u00e3o atenta de seus alunos o guiar\u00e1 para encontrar o ritmo certo. Alguns precisar\u00e3o validar cada etapa antes de passar para a seguinte, outros poder\u00e3o encadear duas ou tr\u00eas etapas consecutivas.<\/p>\n                \n                <div class=\"tip-box\">\n                    <span class=\"tip-box-label\">Ferramenta pr\u00e1tica<\/span>\n                    <p>Crie \"cart\u00f5es de etapas\" visuais para cada tipo de tarefa complexa. Esses suportes visuais ajudam os alunos a navegar de maneira aut\u00f4noma nas diferentes fases do trabalho, reduzindo sua carga cognitiva e sua ansiedade.<\/p>\n                <\/div>\n                \n                <p>A introdu\u00e7\u00e3o de pausas micro-recuperadoras entre as etapas otimiza essa abordagem. Essas pausas de 30 segundos a 2 minutos permitem que o c\u00e9rebro consolide a informa\u00e7\u00e3o processada e se prepare para a pr\u00f3xima etapa. Elas podem assumir a forma de alongamentos, respira\u00e7\u00f5es profundas ou curtas atividades sensoriais.<\/p>\n                \n                <p>A valida\u00e7\u00e3o progressiva de cada etapa refor\u00e7a a confian\u00e7a do aluno e mant\u00e9m sua motiva\u00e7\u00e3o. Essa abordagem transforma uma tarefa potencialmente desencorajadora em uma s\u00e9rie de pequenas vit\u00f3rias acess\u00edveis. O aluno desenvolve assim progressivamente suas compet\u00eancias enquanto preserva sua autoestima.<\/p>\n            <\/div>\n\n            <div class=\"section-content\">\n                <h2>5. Adapta\u00e7\u00e3o do n\u00edvel de dificuldade e personaliza\u00e7\u00e3o<\/h2>\n                \n                <p>A adapta\u00e7\u00e3o do n\u00edvel de dificuldade representa uma arte pedag\u00f3gica delicada que necessita de uma compreens\u00e3o fina das capacidades e necessidades de cada aluno. Essa personaliza\u00e7\u00e3o vai muito al\u00e9m de uma simples redu\u00e7\u00e3o quantitativa dos exerc\u00edcios; ela implica uma modifica\u00e7\u00e3o qualitativa das abordagens de aprendizado de acordo com os perfis cognitivos individuais.<\/p>\n                \n                <p>A zona proximal de desenvolvimento, conceito desenvolvido por Vygotsky, assume uma import\u00e2ncia particular com os alunos em dificuldade. Essa zona representa o espa\u00e7o ideal de aprendizado: nem muito f\u00e1cil (t\u00e9dio e desmotiva\u00e7\u00e3o), nem muito dif\u00edcil (frustra\u00e7\u00e3o e abandono). Para os alunos com dist\u00farbios DIS ou TDAH, essa zona \u00e9 frequentemente mais estreita e vol\u00e1til do que entre seus pares, necessitando de ajustes constantes.<\/p>\n<div class=\"conseil-card\">\n                    <h4>Princ\u00edpio de adapta\u00e7\u00e3o multin\u00edvel<\/h4>\n                    <p>Para cada no\u00e7\u00e3o trabalhada, prepare sistematicamente tr\u00eas vers\u00f5es :<br>\n                    \u2022 <strong>Vers\u00e3o simplificada :<\/strong> para os momentos de grande fadiga<br>\n                    \u2022 <strong>Vers\u00e3o padr\u00e3o :<\/strong> objetivo principal a ser alcan\u00e7ado<br>\n                    \u2022 <strong>Vers\u00e3o enriquecida :<\/strong> para os momentos de forma \u00f3tima<\/p>\n                <\/div>\n                \n                <p>Os alunos disl\u00e9xicos beneficiam particularmente de adapta\u00e7\u00f5es na apresenta\u00e7\u00e3o dos suportes. Aumente o tamanho das fontes, utilize fontes especificamente projetadas para a dislexia, areje o layout e integre suportes visuais ricos. Essas modifica\u00e7\u00f5es reduzem significativamente o esfor\u00e7o de decodifica\u00e7\u00e3o, liberando recursos cognitivos para a compreens\u00e3o.<\/p>\n                \n                <p>Para os alunos com TDAH, a interatividade e a variabilidade constituem fatores-chave. Eles se esgotam rapidamente em tarefas est\u00e1ticas e repetitivas. A integra\u00e7\u00e3o de ferramentas digitais como <a href=\"https:\/\/www.dynseo.com\/pt-pt\/coco-pensa-e-coco-se-mexe\/\">COCO PENSA<\/a> traz essa dimens\u00e3o l\u00fadica e interativa que mant\u00e9m seu engajamento enquanto trabalham as habilidades cognitivas fundamentais.<\/p>\n                \n                <div class=\"key-points\">\n                    <h4>Estrat\u00e9gias de adapta\u00e7\u00e3o por perfil<\/h4>\n                    <ul>\n                        <li><strong>Dislexia :<\/strong> \u00c1udio, suportes visuais, fonte adaptada, tempo aumentado<\/li>\n                        <li><strong>Dispraxia :<\/strong> Ferramentas digitais, diminui\u00e7\u00e3o da escrita, manipula\u00e7\u00e3o<\/li>\n                        <li><strong>Discalculia :<\/strong> Material concreto, etapas visualizadas, verifica\u00e7\u00e3o facilitada<\/li>\n                        <li><strong>TDAH :<\/strong> Atividades curtas, interatividade, movimento integrado<\/li>\n                        <li><strong>Disortografia :<\/strong> Corretivos, ditado vocal, avalia\u00e7\u00e3o do conte\u00fado<\/li>\n                    <\/ul>\n                <\/div>\n                \n                <p>A personaliza\u00e7\u00e3o implica tamb\u00e9m adaptar as modalidades de avalia\u00e7\u00e3o. Um aluno dispraxico poder\u00e1 demonstrar seus conhecimentos oralmente em vez de por escrito, um aluno disl\u00e9xico beneficiar\u00e1 de um tempo adicional, e um aluno com TDAH poder\u00e1 apresentar suas respostas em forma de mapa mental em vez de disserta\u00e7\u00e3o linear.<\/p>\n                \n                <p>A utiliza\u00e7\u00e3o de tecnologias de assist\u00eancia cognitiva moderniza essa abordagem. As aplica\u00e7\u00f5es adaptativas analisam em tempo real o desempenho do aluno e ajustam automaticamente a dificuldade, oferecendo um suporte personalizado imposs\u00edvel de reproduzir manualmente por um professor que gerencia uma turma inteira.<\/p>\n            <\/div>\n\n            <div class=\"section-content\">\n                <h2>6. Cria\u00e7\u00e3o de um ambiente de sala de aula tranquilo e estimulante<\/h2>\n                \n                <p>O ambiente f\u00edsico da sala de aula exerce uma influ\u00eancia consider\u00e1vel sobre o bem-estar e a capacidade de concentra\u00e7\u00e3o dos alunos em dificuldade. Essas crian\u00e7as, j\u00e1 sobrecarregadas cognitivamente, mostram-se particularmente sens\u00edveis \u00e0s estimula\u00e7\u00f5es ambientais. Um ambiente mal projetado pode rapidamente transformar um dia de escola em uma prova exaustiva.<\/p>\n                \n                <p>A disposi\u00e7\u00e3o espacial deve privilegiar a clareza e a organiza\u00e7\u00e3o. Os alunos com dist\u00farbios DIS e TDAH precisam de refer\u00eancias visuais est\u00e1veis para se orientar e se concentrar. Evite a sobrecarga visual: muitos displays, cores vibrantes ou elementos decorativos podem criar uma distra\u00e7\u00e3o permanente que esgota a aten\u00e7\u00e3o.<\/p>\n<div class=\"tip-box\">\n                    <span class=\"tip-box-label\">Arranjo ideal<\/span>\n                    <p>Crie zonas distintas na sua sala de aula :<br>\n                    \u2022 <strong>Zona de trabalho intensivo :<\/strong> limpa, ilumina\u00e7\u00e3o ideal, m\u00ednima distra\u00e7\u00e3o<br>\n                    \u2022 <strong>Zona de relaxamento :<\/strong> almofadas, livros, jogos calmos<br>\n                    \u2022 <strong>Zona de atividade f\u00edsica :<\/strong> espa\u00e7o para pausas ativas com COCO SE MEXE<\/p>\n                <\/div>\n                \n                <p>A ac\u00fastica representa um grande desafio frequentemente negligenciado. Os alunos com dist\u00farbios de aten\u00e7\u00e3o s\u00e3o particularmente perturbados por ru\u00eddos de fundo: cadeiras rangendo, sussurros, barulhos de corredor. A instala\u00e7\u00e3o de materiais absorventes, o uso de protetores sob as cadeiras e o estabelecimento de regras claras sobre o n\u00edvel de ru\u00eddo podem transformar a atmosfera da sala de aula.<\/p>\n                \n                <p>A ilumina\u00e7\u00e3o influencia diretamente a fadiga ocular e cognitiva. Priorize a luz natural sempre que poss\u00edvel e complemente com uma ilumina\u00e7\u00e3o artificial suave e homog\u00eanea. Evite as luzes fluorescentes que piscam, particularmente perturbadoras para os alunos sens\u00edveis.<\/p>\n                \n                <div class=\"expert-box\">\n                    <span class=\"expert-box-label\">Pesquisa DYNSEO<\/span>\n                    <h3 class=\"expert-box-title\">Impacto do ambiente no desempenho cognitivo<\/h3>\n                    <p>Nossos estudos mostram que um ambiente otimizado pode melhorar o desempenho em 25% entre os alunos com dificuldades. A combina\u00e7\u00e3o de um arranjo pensado e ferramentas adequadas como <a href=\"https:\/\/www.dynseo.com\/pt-pt\/coco-pensa-e-coco-se-mexe\/\" style=\"color: var(--yellow);\">COCO PENSA e COCO SE MEXE<\/a> cria condi\u00e7\u00f5es de aprendizado excepcionais.<\/p>\n                    \n                    <div class=\"expert-inner\">\n                        <h4 class=\"expert-inner-title\">Elementos-chave de um ambiente ideal :<\/h4>\n                        <ul>\n                            <li>Temperatura est\u00e1vel entre 20-22\u00b0C<\/li>\n                            <li>N\u00edvel de umidade ideal (40-60%)<\/li>\n                            <li>N\u00edvel de ru\u00eddo inferior a 35 dB<\/li>\n                            <li>Ilumina\u00e7\u00e3o natural complementada (300-500 lux)<\/li>\n                            <li>Organiza\u00e7\u00e3o espacial clara e est\u00e1vel<\/li>\n                        <\/ul>\n                    <\/div>\n                <\/div>\n                \n                <p>A flexibilidade do arranjo permite adaptar rapidamente o espa\u00e7o \u00e0s atividades. M\u00f3veis m\u00f3veis, divis\u00f3rias remov\u00edveis e espa\u00e7os modul\u00e1veis oferecem essa adaptabilidade necess\u00e1ria. Um aluno agitado poder\u00e1 se beneficiar de um espa\u00e7o maior para se mover, enquanto uma crian\u00e7a distra\u00edda precisar\u00e1 de um ambiente mais contido.<\/p>\n                \n                <p>A integra\u00e7\u00e3o de elementos calmantes enriquece esse ambiente: plantas verdes (melhora da qualidade do ar e efeito relaxante), m\u00fasica suave durante algumas atividades, ou ainda a difus\u00e3o discreta de \u00f3leos essenciais adequados. Esses elementos criam uma atmosfera prop\u00edcia ao aprendizado sereno.<\/p>\n            <\/div>\n<div class=\"section-content\">\n                <h2>7. Desenvolvimento da autonomia na gest\u00e3o da energia<\/h2>\n                \n                <p>A autonomia na gest\u00e3o da energia cognitiva representa um objetivo pedag\u00f3gico fundamental para os alunos em dificuldade. Esta compet\u00eancia metacognitiva permitir\u00e1 que eles naveguem melhor em sua escolaridade e em sua vida futura. Trata-se de ensinar essas crian\u00e7as a se tornarem as pr\u00f3prias gestoras de seus recursos atencionais e energ\u00e9ticos.<\/p>\n                \n                <p>A primeira etapa consiste em desenvolver a consci\u00eancia de si mesmo cognitiva. Os alunos devem aprender a identificar seus pr\u00f3prios sinais de fadiga: perda de concentra\u00e7\u00e3o, aumento de erros, irritabilidade ou sensa\u00e7\u00e3o f\u00edsica de tens\u00e3o. Essa tomada de consci\u00eancia n\u00e3o \u00e9 autom\u00e1tica e requer um acompanhamento estruturado.<\/p>\n                \n                <div class=\"conseil-card\">\n                    <h4>Ferramenta de autoavalia\u00e7\u00e3o<\/h4>\n                    <p>Introduza um \"bar\u00f4metro energ\u00e9tico\" pessoal. Cada aluno avalia regularmente seu n\u00edvel de energia em uma escala de 1 a 5, acompanhada de pictogramas:<br>\n                    \ud83d\udfe2 Em plena forma - \ud83d\udfe1 Bom n\u00edvel - \ud83d\udfe0 Fadiga moderada - \ud83d\udd34 Muito cansado - \u26ab Esgotado<\/p>\n                <\/div>\n                \n                <p>A gest\u00e3o aut\u00f4noma das pausas constitui uma compet\u00eancia chave a ser desenvolvida. Em vez de impor pausas sistem\u00e1ticas, ensine gradualmente os alunos a identificar o momento ideal para fazer uma pausa e a escolher o tipo de recupera\u00e7\u00e3o de que precisam. Essa autonomiza\u00e7\u00e3o responsabiliza a crian\u00e7a e melhora a efic\u00e1cia das pausas.<\/p>\n                \n                <p>A utiliza\u00e7\u00e3o de ferramentas de gest\u00e3o do tempo adequadas \u00e0s crian\u00e7as facilita essa autonomiza\u00e7\u00e3o. Temporizadores visuais, planejamentos ilustrados ou aplicativos como <a href=\"https:\/\/www.dynseo.com\/pt-pt\/coco-pensa-e-coco-se-mexe\/\">COCO PENSA<\/a> que integram naturalmente esses ciclos de trabalho e pausa, oferecem um quadro estruturante enquanto desenvolvem a autonomia.<\/p>\n                \n                <div class=\"key-points\">\n                    <h4>Etapas do desenvolvimento da autonomia<\/h4>\n                    <ul>\n                        <li><strong>Fase 1 :<\/strong> Tomada de consci\u00eancia guiada dos sinais corporais<\/li>\n                        <li><strong>Fase 2 :<\/strong> Identifica\u00e7\u00e3o das estrat\u00e9gias pessoais eficazes<\/li>\n                        <li><strong>Fase 3 :<\/strong> Planejamento aut\u00f4nomo dos per\u00edodos de trabalho<\/li>\n                        <li><strong>Fase 4 :<\/strong> Ajuste flex\u00edvel conforme as situa\u00e7\u00f5es<\/li>\n                        <li><strong>Fase 5 :<\/strong> Transfer\u00eancia para outros contextos<\/li>\n                    <\/ul>\n                <\/div>\n                \n                <p>O desenvolvimento de estrat\u00e9gias personalizadas representa uma dimens\u00e3o essencial dessa autonomia. Cada aluno descobre gradualmente o que funciona melhor para ele: alguns se recuperam melhor com movimento, outros com calma, alguns precisam de pausas curtas e frequentes, outros preferem pausas mais longas, mas menos numerosas.<\/p>\n                \n                <p>A metacogni\u00e7\u00e3o se enriquece pela manuten\u00e7\u00e3o de um di\u00e1rio de bordo das aprendizagens. Os alunos anotam suas estrat\u00e9gias eficazes, suas descobertas sobre seu funcionamento e seus progressos. Essa reflex\u00e3o sobre seus pr\u00f3prios processos de aprendizagem desenvolve uma consci\u00eancia apurada de suas necessidades e de seus recursos.<\/p>\n            <\/div>\n<div class=\"section-content\">\n                <h2>8. Utiliza\u00e7\u00e3o otimizada das ferramentas digitais educativas<\/h2>\n                \n                <p>As ferramentas digitais educativas revolucionam o acompanhamento dos alunos em dificuldade, oferecendo possibilidades de adapta\u00e7\u00e3o e personaliza\u00e7\u00e3o imposs\u00edveis de alcan\u00e7ar com os m\u00e9todos tradicionais. Essas tecnologias permitem uma abordagem realmente individualizada, adaptando-se em tempo real \u00e0s necessidades e ao desempenho de cada aluno.<\/p>\n                \n                <p>A intelig\u00eancia artificial integrada em aplica\u00e7\u00f5es como <a href=\"https:\/\/www.dynseo.com\/pt-pt\/coco-pensa-e-coco-se-mexe\/\">COCO PENSA<\/a> analisa continuamente o desempenho do aluno para ajustar automaticamente a dificuldade, a velocidade de apresenta\u00e7\u00e3o e o tipo de exerc\u00edcios propostos. Essa adapta\u00e7\u00e3o din\u00e2mica mant\u00e9m o aluno em sua zona \u00f3tima de aprendizado, evitando tanto a frustra\u00e7\u00e3o quanto o t\u00e9dio.<\/p>\n                \n                <div class=\"expert-box\">\n                    <span class=\"expert-box-label\">Inova\u00e7\u00e3o DYNSEO<\/span>\n                    <h3 class=\"expert-box-title\">Tecnologia adaptativa e recupera\u00e7\u00e3o cognitiva<\/h3>\n                    <p>Nossa plataforma <a href=\"https:\/\/www.dynseo.com\/pt-pt\/coco-pensa-e-coco-se-mexe\/\" style=\"color: var(--yellow);\">COCO PENSA e COCO SE MEXE<\/a> integra um sistema \u00fanico de gest\u00e3o da fadiga cognitiva. O aplicativo detecta automaticamente os sinais de fadiga (atraso nas respostas, aumento de erros) e prop\u00f5e pausas ativas personalizadas.<\/p>\n                    \n                    <div class=\"expert-inner\">\n                        <h4 class=\"expert-inner-title\">Vantagens da abordagem digital:<\/h4>\n                        <ul>\n                            <li>Adapta\u00e7\u00e3o em tempo real da dificuldade<\/li>\n                            <li>Motiva\u00e7\u00e3o mantida pela gamifica\u00e7\u00e3o<\/li>\n                            <li>Acompanhamento preciso dos progressos e das dificuldades<\/li>\n                            <li>Pausas ativas integradas automaticamente<\/li>\n                            <li>Feedback imediato e acolhedor<\/li>\n                        <\/ul>\n                    <\/div>\n                <\/div>\n                \n                <p>A gamifica\u00e7\u00e3o integrada nessas ferramentas transforma o esfor\u00e7o cognitivo em experi\u00eancia l\u00fadica. Os alunos em dificuldade, muitas vezes desmotivados por falhas repetidas, recuperam a motiva\u00e7\u00e3o e o prazer de aprender. As recompensas virtuais, os desafios progressivos e os sistemas de progress\u00e3o valorizam cada pequeno progresso, restaurando a autoestima.<\/p>\n                \n                <p>A acessibilidade constitui um grande trunfo do digital educativo. Os alunos disl\u00e9xicos se beneficiam da s\u00edntese de voz, aqueles com dist\u00farbios motores utilizam interfaces t\u00e1teis adaptadas, e as crian\u00e7as com TDAH aproveitam intera\u00e7\u00f5es din\u00e2micas que capturam sua aten\u00e7\u00e3o. Essa multimodalidade responde aos diferentes perfis de aprendizado.<\/p>\n<div class=\"tip-box\">\n                    <span class=\"tip-box-label\">Integra\u00e7\u00e3o pr\u00e1tica<\/span>\n                    <p>Comece com sess\u00f5es curtas de 10-15 minutos com as ferramentas digitais, observando atentamente as rea\u00e7\u00f5es de seus alunos. Aumente gradualmente a dura\u00e7\u00e3o com base no conforto e nos progressos deles. O objetivo \u00e9 criar uma associa\u00e7\u00e3o positiva com a aprendizagem digital.<\/p>\n                <\/div>\n                \n                <p>O acompanhamento preciso das performances oferece dados objetivos sobre os progressos e as dificuldades de cada aluno. Essas an\u00e1lises educacionais permitem identificar rapidamente as \u00e1reas que necessitam de aten\u00e7\u00e3o especial e ajustar as interven\u00e7\u00f5es pedag\u00f3gicas em consequ\u00eancia.<\/p>\n                \n                <p>A flexibilidade temporal do digital respeita os ritmos individuais. Um aluno pode retomar um exerc\u00edcio em seu ponto de parada, revisar conceitos em seu ritmo ou aprofundar \u00e1reas que lhe interessam particularmente. Essa personaliza\u00e7\u00e3o temporal reduz consideravelmente a press\u00e3o e a fadiga relacionadas ao ritmo coletivo imposto.<\/p>\n            <\/div>\n\n            <div class=\"section-content\">\n                <h2>9. Colabora\u00e7\u00e3o com as fam\u00edlias e sensibiliza\u00e7\u00e3o parental<\/h2>\n                \n                <p>A colabora\u00e7\u00e3o com as fam\u00edlias constitui um pilar essencial no acompanhamento dos alunos em dificuldade. Os pais, primeiros testemunhas dos esfor\u00e7os e da fadiga de seu filho, tornam-se parceiros privilegiados na implementa\u00e7\u00e3o de estrat\u00e9gias coerentes entre a escola e a casa. Essa continuidade educacional otimiza a efic\u00e1cia das interven\u00e7\u00f5es e reduz o estresse da crian\u00e7a.<\/p>\n                \n                <p>A sensibiliza\u00e7\u00e3o dos pais \u00e0s particularidades neurocognitivas de seu filho representa uma prioridade. Muitas fam\u00edlias interpretam a fadiga de seu filho como pregui\u00e7a ou falta de motiva\u00e7\u00e3o. Explicar os mecanismos neurobiol\u00f3gicos que est\u00e3o na origem dessa fadiga ajuda os pais a desenvolver empatia e estrat\u00e9gias de acompanhamento adequadas.<\/p>\n                \n                <div class=\"conseil-card\">\n                    <h4>Comunica\u00e7\u00e3o eficaz com as fam\u00edlias<\/h4>\n                    <p><strong>Reuni\u00f5es regulares:<\/strong> Planeje trocas quinzenais para compartilhar observa\u00e7\u00f5es e estrat\u00e9gias<br>\n                    <strong>Ferramentas compartilhadas:<\/strong> Caderno de liga\u00e7\u00e3o digital para acompanhar o estado de fadiga di\u00e1rio<br>\n                    <strong>Forma\u00e7\u00e3o parental:<\/strong> Oficinas sobre dist\u00farbios DIS e TDAH<br>\n                    <strong>Recursos comuns:<\/strong> Compartilhamento de aplicativos como COCO para a continuidade educacional<\/p>\n                <\/div>\n                \n                <p>A extens\u00e3o das estrat\u00e9gias escolares para o lar maximiza sua efic\u00e1cia. Os pais podem reproduzir algumas adapta\u00e7\u00f5es: espa\u00e7os de trabalho organizados, pausas regulares, uso de ferramentas digitais educativas. Essa coer\u00eancia tranquiliza a crian\u00e7a e refor\u00e7a os aprendizados.<\/p>\n                \n                <p>A gest\u00e3o dos deveres de casa requer uma abordagem particularmente reflexiva. Esses alunos j\u00e1 chegam exaustos de seu dia escolar; impor deveres tradicionais pode criar uma sobrecarga contraproducente. Priorize atividades curtas, l\u00fadicas e que reforcem positivamente os aprendizados.<\/p>\n<div class=\"key-points\">\n                    <h4>Recomenda\u00e7\u00f5es para os deveres de casa<\/h4>\n                    <ul>\n                        <li>Dura\u00e7\u00e3o limitada: 10-15 minutos por n\u00edvel escolar<\/li>\n                        <li>Fracionamento: v\u00e1rias sess\u00f5es curtas em vez de uma longa<\/li>\n                        <li>Escolha de atividades: deixar a crian\u00e7a escolher a ordem das tarefas<\/li>\n                        <li>Pausas integradas: usar COCO SE MEXE entre os exerc\u00edcios<\/li>\n                        <li>Valoriza\u00e7\u00e3o: celebrar os esfor\u00e7os mais do que os resultados<\/li>\n                    <\/ul>\n                <\/div>\n                \n                <p>A forma\u00e7\u00e3o dos pais sobre os sinais de fadiga cognitiva permite que intervenham preventivamente. Eles aprendem a reconhecer quando seu filho atinge seus limites e a propor estrat\u00e9gias de recupera\u00e7\u00e3o adequadas. Essa compet\u00eancia parental preserva o bem-estar familiar e otimiza os aprendizados.<\/p>\n                \n                <p>A utiliza\u00e7\u00e3o compartilhada de ferramentas como <a href=\"https:\/\/www.dynseo.com\/pt-pt\/coco-pensa-e-coco-se-mexe\/\">COCO PENSA e COCO SE MEXE<\/a> cria uma continuidade educativa reconfortante. A crian\u00e7a reencontra seus pontos de refer\u00eancia familiares, e os pais podem acompanhar precisamente seus progressos, refor\u00e7ando seu sentimento de compet\u00eancia educativa e sua colabora\u00e7\u00e3o com a equipe pedag\u00f3gica.<\/p>\n            <\/div>\n\n            <div class=\"section-content\">\n                <h2>10. Avalia\u00e7\u00e3o e ajuste das estrat\u00e9gias anti-fadiga<\/h2>\n                \n                <p>A avalia\u00e7\u00e3o cont\u00ednua das estrat\u00e9gias anti-fadiga constitui um processo din\u00e2mico indispens\u00e1vel para manter sua efic\u00e1cia. As necessidades dos alunos evoluem com seu desenvolvimento, seus aprendizados e as crescentes exig\u00eancias escolares. Uma abordagem fixa perderia rapidamente sua efic\u00e1cia e poderia at\u00e9 se tornar contraproducente.<\/p>\n                \n                <p>A observa\u00e7\u00e3o sistem\u00e1tica forma a base dessa avalia\u00e7\u00e3o. Desenvolva grades de observa\u00e7\u00e3o simples, mas precisas, anotando a evolu\u00e7\u00e3o da fadiga, do desempenho e do bem-estar de cada aluno. Esses dados objetivos orientam seus ajustes pedag\u00f3gicos e documentam os progressos realizados.<\/p>\n                \n                <div class=\"tip-box\">\n                    <span class=\"tip-box-label\">Ferramenta de avalia\u00e7\u00e3o<\/span>\n                    <p>Crie um painel semanal para cada aluno:<br>\n                    \u2022 N\u00edvel m\u00e9dio de energia (escala 1-5)<br>\n                    \u2022 N\u00famero de pausas solicitadas<br>\n                    \u2022 Qualidade da aten\u00e7\u00e3o sustentada<br>\n                    \u2022 Rea\u00e7\u00f5es \u00e0s adapta\u00e7\u00f5es propostas<br>\n                    \u2022 Progresso na autonomia<\/p>\n                <\/div>\n                \n                <p>Os retornos dos pr\u00f3prios alunos enriquecem essa avalia\u00e7\u00e3o. Seu sentimento subjetivo, suas prefer\u00eancias emergentes e suas sugest\u00f5es oferecem informa\u00e7\u00f5es valiosas que a observa\u00e7\u00e3o externa n\u00e3o pode captar. Essa implica\u00e7\u00e3o tamb\u00e9m desenvolve sua metacogni\u00e7\u00e3o e seu sentimento de agency.<\/p>\n                \n                <p>A an\u00e1lise dos dados de desempenho, incluindo aqueles fornecidos por ferramentas como <a href=\"https:\/\/www.dynseo.com\/pt-pt\/coco-pensa-e-coco-se-mexe\/\">COCO PENSA<\/a>, revela padr\u00f5es invis\u00edveis a olho nu. As curvas de progresso, os momentos de desist\u00eancia e as correla\u00e7\u00f5es entre fadiga e desempenho orientam finamente os ajustes necess\u00e1rios.<\/p>\n<div class=\"expert-box\">\n                    <span class=\"expert-box-label\">Analytics DYNSEO<\/span>\n                    <h3 class=\"expert-box-title\">Dados preditivos e ajuste autom\u00e1tico<\/h3>\n                    <p>Nossos algoritmos de aprendizado de m\u00e1quina analisam milhares de vari\u00e1veis para prever os momentos de fadiga ideal e ajustar proativamente as atividades. Essa abordagem preditiva revoluciona a personaliza\u00e7\u00e3o educacional.<\/p>\n                    \n                    <div class=\"expert-inner\">\n                        <h4 class=\"expert-inner-title\">Indicadores-chave monitorados:<\/h4>\n                        <ul>\n                            <li>Tempo m\u00e9dio de rea\u00e7\u00e3o e variabilidade<\/li>\n                            <li>Taxa de erros e padr\u00f5es de erros<\/li>\n                            <li>Frequ\u00eancia e dura\u00e7\u00e3o das pausas escolhidas<\/li>\n                            <li>Engajamento medido pela atividade do usu\u00e1rio<\/li>\n                            <li>Progress\u00e3o das habilidades alvo<\/li>\n                        <\/ul>\n                    <\/div>\n                <\/div>\n                \n                <p>Os ajustes devem ser graduais e testados por per\u00edodos suficientes para avaliar seu impacto real. Uma mudan\u00e7a muito radical pode desestabilizar alunos que precisam de refer\u00eancias est\u00e1veis. Priorize modifica\u00e7\u00f5es incrementais, documentadas e avaliadas regularmente.<\/p>\n                \n                <p>A colabora\u00e7\u00e3o interprofissional enriquece essa avalia\u00e7\u00e3o. Fonoaudi\u00f3logos, psic\u00f3logos escolares, terapeutas ocupacionais trazem seus conhecimentos especializados sobre a evolu\u00e7\u00e3o dos alunos. Essa abordagem multidisciplinar aprimora a compreens\u00e3o das necessidades e otimiza as respostas pedag\u00f3gicas.<\/p>\n            <\/div>\n\n            <div class=\"faq-list\">\n                <h2 style=\"text-align: center; margin-bottom: 30px;\">Perguntas frequentes sobre a gest\u00e3o da fadiga escolar<\/h2>\n                \n                <div class=\"faq-item\">\n                    <div class=\"faq-q\">\n                        <span>Como reconhecer que um aluno est\u00e1 em sobrecarga cognitiva?<\/span>\n                        <span class=\"faq-icon\">+<\/span>\n                    <\/div>\n<div class=\"faq-a\">\n                        <p>Les signes de sur\n<script type=\"application\/ld+json\">\n[\n  {\n    \"@context\": \"https:\/\/schema.org\",\n    \"@type\": \"Article\",\n    \"headline\": \"Les cl\u00e9s pour aider les \u00e9l\u00e8ves en difficult\u00e9 \u00e0 g\u00e9rer la fatigue et l'\u00e9puisement en classe\",\n    \"description\": \"Accueil > Blog > Gestion de la fatigue scolaire. P\u00e9dagogie inclusive. Les cl\u00e9s pour aider les \u00e9l\u00e8ves en difficult\u00e9\",\n    \"url\": \"https:\/\/www.dynseo.com\/les-cles-pour-aider-les-eleves-en-difficulte-a-gerer-la-fatigue-et-lepuisement-en-classe\/\",\n    \"datePublished\": \"2026-04-07\",\n    \"author\": {\n      \"@type\": \"Organization\",\n      \"name\": \"DYNSEO\",\n      \"url\": \"https:\/\/www.dynseo.com\"\n    },\n    \"publisher\": {\n      \"@type\": \"Organization\",\n      \"name\": \"DYNSEO\",\n      \"url\": \"https:\/\/www.dynseo.com\"\n    },\n    \"image\": {\n      \"@type\": \"ImageObject\",\n      \"url\": \"https:\/\/www.dynseo.com\/wp-content\/uploads\/2024\/01\/dynseo-logo.png\"\n    },\n    \"aggregateRating\": {\n      \"@type\": \"AggregateRating\",\n      \"ratingValue\": \"4.8\",\n      \"bestRating\": \"5\",\n      \"ratingCount\": \"47\"\n    }\n  },\n  {\n    \"@context\": \"https:\/\/schema.org\",\n    \"@type\": \"WebPage\",\n    \"name\": \"Les cl\u00e9s pour aider les \u00e9l\u00e8ves en difficult\u00e9 \u00e0 g\u00e9rer la fatigue et l'\u00e9puisement en classe\",\n    \"url\": \"https:\/\/www.dynseo.com\/les-cles-pour-aider-les-eleves-en-difficulte-a-gerer-la-fatigue-et-lepuisement-en-classe\/\",\n    \"breadcrumb\": {\n      \"@type\": \"BreadcrumbList\",\n      \"itemListElement\": [\n        {\n          \"@type\": \"ListItem\",\n          \"position\": 1,\n          \"name\": \"Accueil\",\n          \"item\": \"https:\/\/www.dynseo.com\"\n        },\n        {\n          \"@type\": \"ListItem\",\n          \"position\": 2,\n          \"name\": \"Blog\",\n          \"item\": \"https:\/\/www.dynseo.com\/blog\/\"\n        },\n        {\n          \"@type\": \"ListItem\",\n          \"position\": 3,\n          \"name\": \"Les cl\u00e9s pour aider les \u00e9l\u00e8ves en difficult\u00e9 \u00e0 g\u00e9rer la fatigue et l'\u00e9puisement en classe\",\n          \"item\": \"https:\/\/www.dynseo.com\/les-cles-pour-aider-les-eleves-en-difficulte-a-gerer-la-fatigue-et-lepuisement-en-classe\/\"\n        }\n      ]\n    }\n  },\n  {\n    \"@context\": \"https:\/\/schema.org\",\n    \"@type\": \"FAQPage\",\n    \"mainEntity\": [\n      {\n        \"@type\": \"Question\",\n        \"name\": \"Comment reconna\u00eetre qu'un \u00e9l\u00e8ve est en surcharge cognitive ?\",\n        \"acceptedAnswer\": {\n          \"@type\": \"Answer\",\n          \"text\": \"Les signes de surcharge cognitive chez un \u00e9l\u00e8ve peuvent inclure une difficult\u00e9 de concentration, une fatigue excessive, des troubles du comportement, une baisse des performances scolaires, et une r\u00e9sistance aux t\u00e2ches d'apprentissage.\"\n        }\n      }\n    ]\n  }\n]\n<\/script>[\/et_pb_code][\/et_pb_column][\/et_pb_row][\/et_pb_section]","_et_gb_content_width":"","footnotes":""},"categories":[3123,2915,2912],"tags":[],"class_list":["post-405669","post","type-post","status-publish","format-standard","has-post-thumbnail","hentry","category-cest-mon-histoire-famille","category-les-conseils-des-coachs","category-troubles-dys"],"yoast_head":"<!-- This site is optimized with the Yoast SEO plugin v27.4 - https:\/\/yoast.com\/product\/yoast-seo-wordpress\/ -->\n<title>As chaves para ajudar os alunos em dificuldade a gerir a fadiga e o esgotamento na sala de aula - DYNSEO - Aplica\u00e7\u00f5es educativas e jogos de mem\u00f3ria<\/title>\n<meta name=\"robots\" content=\"index, follow, max-snippet:-1, max-image-preview:large, max-video-preview:-1\" \/>\n<link rel=\"canonical\" href=\"https:\/\/www.dynseo.com\/pt-pt\/as-chaves-para-ajudar-os-alunos-em-dificuldade-a-gerir-a-fadiga-e-o-esgotamento-na-sala-de-aula\/\" \/>\n<meta property=\"og:locale\" content=\"pt_PT\" \/>\n<meta property=\"og:type\" content=\"article\" \/>\n<meta property=\"og:title\" content=\"As chaves para ajudar os alunos em dificuldade a gerir a fadiga e o esgotamento na sala de aula - DYNSEO - Aplica\u00e7\u00f5es educativas e jogos de mem\u00f3ria\" \/>\n<meta property=\"og:url\" content=\"https:\/\/www.dynseo.com\/pt-pt\/as-chaves-para-ajudar-os-alunos-em-dificuldade-a-gerir-a-fadiga-e-o-esgotamento-na-sala-de-aula\/\" \/>\n<meta property=\"og:site_name\" content=\"DYNSEO - Aplica\u00e7\u00f5es educativas e jogos de mem\u00f3ria\" \/>\n<meta property=\"article:published_time\" content=\"2025-07-29T22:16:40+00:00\" \/>\n<meta property=\"article:modified_time\" content=\"2026-04-27T05:57:23+00:00\" \/>\n<meta property=\"og:image\" content=\"https:\/\/www.dynseo.com\/wp-content\/uploads\/2025\/06\/COCO-PENSE-COCO-BOUGE-periscolaire.png\" \/>\n\t<meta property=\"og:image:width\" content=\"776\" \/>\n\t<meta property=\"og:image:height\" content=\"784\" \/>\n\t<meta property=\"og:image:type\" content=\"image\/png\" \/>\n<meta name=\"author\" content=\"DYNSEO\" \/>\n<meta name=\"twitter:label1\" content=\"Escrito por\" \/>\n\t<meta name=\"twitter:data1\" content=\"DYNSEO\" \/>\n\t<meta name=\"twitter:label2\" content=\"Tempo estimado de leitura\" \/>\n\t<meta name=\"twitter:data2\" content=\"23 minutos\" \/>\n<script type=\"application\/ld+json\" class=\"yoast-schema-graph\">{\"@context\":\"https:\\\/\\\/schema.org\",\"@graph\":[{\"@type\":\"Article\",\"@id\":\"https:\\\/\\\/www.dynseo.com\\\/pt-pt\\\/as-chaves-para-ajudar-os-alunos-em-dificuldade-a-gerir-a-fadiga-e-o-esgotamento-na-sala-de-aula\\\/#article\",\"isPartOf\":{\"@id\":\"https:\\\/\\\/www.dynseo.com\\\/pt-pt\\\/as-chaves-para-ajudar-os-alunos-em-dificuldade-a-gerir-a-fadiga-e-o-esgotamento-na-sala-de-aula\\\/\"},\"author\":{\"name\":\"DYNSEO\",\"@id\":\"https:\\\/\\\/www.dynseo.com\\\/pt-pt\\\/#\\\/schema\\\/person\\\/78ef63df2ee64e0989bc68f8401b38d6\"},\"headline\":\"As chaves para ajudar os alunos em dificuldade a gerir a fadiga e o esgotamento na sala de aula\",\"datePublished\":\"2025-07-29T22:16:40+00:00\",\"dateModified\":\"2026-04-27T05:57:23+00:00\",\"mainEntityOfPage\":{\"@id\":\"https:\\\/\\\/www.dynseo.com\\\/pt-pt\\\/as-chaves-para-ajudar-os-alunos-em-dificuldade-a-gerir-a-fadiga-e-o-esgotamento-na-sala-de-aula\\\/\"},\"wordCount\":4700,\"publisher\":{\"@id\":\"https:\\\/\\\/www.dynseo.com\\\/pt-pt\\\/#organization\"},\"image\":{\"@id\":\"https:\\\/\\\/www.dynseo.com\\\/pt-pt\\\/as-chaves-para-ajudar-os-alunos-em-dificuldade-a-gerir-a-fadiga-e-o-esgotamento-na-sala-de-aula\\\/#primaryimage\"},\"thumbnailUrl\":\"https:\\\/\\\/www.dynseo.com\\\/wp-content\\\/uploads\\\/2025\\\/06\\\/COCO-PENSE-COCO-BOUGE-periscolaire.png\",\"articleSection\":[\"C'est mon histoire Famille\",\"Les conseils des coachs\",\"Troubles DYS\"],\"inLanguage\":\"pt-PT\"},{\"@type\":\"WebPage\",\"@id\":\"https:\\\/\\\/www.dynseo.com\\\/pt-pt\\\/as-chaves-para-ajudar-os-alunos-em-dificuldade-a-gerir-a-fadiga-e-o-esgotamento-na-sala-de-aula\\\/\",\"url\":\"https:\\\/\\\/www.dynseo.com\\\/pt-pt\\\/as-chaves-para-ajudar-os-alunos-em-dificuldade-a-gerir-a-fadiga-e-o-esgotamento-na-sala-de-aula\\\/\",\"name\":\"As chaves para ajudar os alunos em dificuldade a gerir a fadiga e o esgotamento na sala de aula - DYNSEO - Aplica\u00e7\u00f5es educativas e jogos de mem\u00f3ria\",\"isPartOf\":{\"@id\":\"https:\\\/\\\/www.dynseo.com\\\/pt-pt\\\/#website\"},\"primaryImageOfPage\":{\"@id\":\"https:\\\/\\\/www.dynseo.com\\\/pt-pt\\\/as-chaves-para-ajudar-os-alunos-em-dificuldade-a-gerir-a-fadiga-e-o-esgotamento-na-sala-de-aula\\\/#primaryimage\"},\"image\":{\"@id\":\"https:\\\/\\\/www.dynseo.com\\\/pt-pt\\\/as-chaves-para-ajudar-os-alunos-em-dificuldade-a-gerir-a-fadiga-e-o-esgotamento-na-sala-de-aula\\\/#primaryimage\"},\"thumbnailUrl\":\"https:\\\/\\\/www.dynseo.com\\\/wp-content\\\/uploads\\\/2025\\\/06\\\/COCO-PENSE-COCO-BOUGE-periscolaire.png\",\"datePublished\":\"2025-07-29T22:16:40+00:00\",\"dateModified\":\"2026-04-27T05:57:23+00:00\",\"breadcrumb\":{\"@id\":\"https:\\\/\\\/www.dynseo.com\\\/pt-pt\\\/as-chaves-para-ajudar-os-alunos-em-dificuldade-a-gerir-a-fadiga-e-o-esgotamento-na-sala-de-aula\\\/#breadcrumb\"},\"inLanguage\":\"pt-PT\",\"potentialAction\":[{\"@type\":\"ReadAction\",\"target\":[\"https:\\\/\\\/www.dynseo.com\\\/pt-pt\\\/as-chaves-para-ajudar-os-alunos-em-dificuldade-a-gerir-a-fadiga-e-o-esgotamento-na-sala-de-aula\\\/\"]}]},{\"@type\":\"ImageObject\",\"inLanguage\":\"pt-PT\",\"@id\":\"https:\\\/\\\/www.dynseo.com\\\/pt-pt\\\/as-chaves-para-ajudar-os-alunos-em-dificuldade-a-gerir-a-fadiga-e-o-esgotamento-na-sala-de-aula\\\/#primaryimage\",\"url\":\"https:\\\/\\\/www.dynseo.com\\\/wp-content\\\/uploads\\\/2025\\\/06\\\/COCO-PENSE-COCO-BOUGE-periscolaire.png\",\"contentUrl\":\"https:\\\/\\\/www.dynseo.com\\\/wp-content\\\/uploads\\\/2025\\\/06\\\/COCO-PENSE-COCO-BOUGE-periscolaire.png\",\"width\":776,\"height\":784,\"caption\":\"Atividades divertidas e desafiadoras para pacientes com Alzheimer\"},{\"@type\":\"BreadcrumbList\",\"@id\":\"https:\\\/\\\/www.dynseo.com\\\/pt-pt\\\/as-chaves-para-ajudar-os-alunos-em-dificuldade-a-gerir-a-fadiga-e-o-esgotamento-na-sala-de-aula\\\/#breadcrumb\",\"itemListElement\":[{\"@type\":\"ListItem\",\"position\":1,\"name\":\"Accueil\",\"item\":\"https:\\\/\\\/www.dynseo.com\\\/pt-pt\\\/\"},{\"@type\":\"ListItem\",\"position\":2,\"name\":\"As chaves para ajudar os alunos em dificuldade a gerir a fadiga e o esgotamento na sala de aula\"}]},{\"@type\":\"WebSite\",\"@id\":\"https:\\\/\\\/www.dynseo.com\\\/pt-pt\\\/#website\",\"url\":\"https:\\\/\\\/www.dynseo.com\\\/pt-pt\\\/\",\"name\":\"Jeux de m\u00e9moire et stimulation cognitive\",\"description\":\"Entra\u00eenez votre m\u00e9moire et votre cerveau avec DYNSEO\",\"publisher\":{\"@id\":\"https:\\\/\\\/www.dynseo.com\\\/pt-pt\\\/#organization\"},\"potentialAction\":[{\"@type\":\"SearchAction\",\"target\":{\"@type\":\"EntryPoint\",\"urlTemplate\":\"https:\\\/\\\/www.dynseo.com\\\/pt-pt\\\/?s={search_term_string}\"},\"query-input\":{\"@type\":\"PropertyValueSpecification\",\"valueRequired\":true,\"valueName\":\"search_term_string\"}}],\"inLanguage\":\"pt-PT\"},{\"@type\":\"Organization\",\"@id\":\"https:\\\/\\\/www.dynseo.com\\\/pt-pt\\\/#organization\",\"name\":\"DYNSEO\",\"url\":\"https:\\\/\\\/www.dynseo.com\\\/pt-pt\\\/\",\"logo\":{\"@type\":\"ImageObject\",\"inLanguage\":\"pt-PT\",\"@id\":\"https:\\\/\\\/www.dynseo.com\\\/pt-pt\\\/#\\\/schema\\\/logo\\\/image\\\/\",\"url\":\"https:\\\/\\\/www.dynseo.com\\\/wp-content\\\/uploads\\\/2022\\\/05\\\/logo-dynseo-new.png\",\"contentUrl\":\"https:\\\/\\\/www.dynseo.com\\\/wp-content\\\/uploads\\\/2022\\\/05\\\/logo-dynseo-new.png\",\"width\":5073,\"height\":1397,\"caption\":\"DYNSEO\"},\"image\":{\"@id\":\"https:\\\/\\\/www.dynseo.com\\\/pt-pt\\\/#\\\/schema\\\/logo\\\/image\\\/\"}},{\"@type\":\"Person\",\"@id\":\"https:\\\/\\\/www.dynseo.com\\\/pt-pt\\\/#\\\/schema\\\/person\\\/78ef63df2ee64e0989bc68f8401b38d6\",\"name\":\"DYNSEO\",\"url\":\"https:\\\/\\\/www.dynseo.com\\\/pt-pt\\\/author\\\/justine\\\/\"}]}<\/script>\n<!-- \/ Yoast SEO plugin. -->","yoast_head_json":{"title":"As chaves para ajudar os alunos em dificuldade a gerir a fadiga e o esgotamento na sala de aula - DYNSEO - Aplica\u00e7\u00f5es educativas e jogos de mem\u00f3ria","robots":{"index":"index","follow":"follow","max-snippet":"max-snippet:-1","max-image-preview":"max-image-preview:large","max-video-preview":"max-video-preview:-1"},"canonical":"https:\/\/www.dynseo.com\/pt-pt\/as-chaves-para-ajudar-os-alunos-em-dificuldade-a-gerir-a-fadiga-e-o-esgotamento-na-sala-de-aula\/","og_locale":"pt_PT","og_type":"article","og_title":"As chaves para ajudar os alunos em dificuldade a gerir a fadiga e o esgotamento na sala de aula - DYNSEO - Aplica\u00e7\u00f5es educativas e jogos de mem\u00f3ria","og_url":"https:\/\/www.dynseo.com\/pt-pt\/as-chaves-para-ajudar-os-alunos-em-dificuldade-a-gerir-a-fadiga-e-o-esgotamento-na-sala-de-aula\/","og_site_name":"DYNSEO - Aplica\u00e7\u00f5es educativas e jogos de mem\u00f3ria","article_published_time":"2025-07-29T22:16:40+00:00","article_modified_time":"2026-04-27T05:57:23+00:00","og_image":[{"width":776,"height":784,"url":"https:\/\/www.dynseo.com\/wp-content\/uploads\/2025\/06\/COCO-PENSE-COCO-BOUGE-periscolaire.png","type":"image\/png"}],"author":"DYNSEO","twitter_misc":{"Escrito por":"DYNSEO","Tempo estimado de leitura":"23 minutos"},"schema":{"@context":"https:\/\/schema.org","@graph":[{"@type":"Article","@id":"https:\/\/www.dynseo.com\/pt-pt\/as-chaves-para-ajudar-os-alunos-em-dificuldade-a-gerir-a-fadiga-e-o-esgotamento-na-sala-de-aula\/#article","isPartOf":{"@id":"https:\/\/www.dynseo.com\/pt-pt\/as-chaves-para-ajudar-os-alunos-em-dificuldade-a-gerir-a-fadiga-e-o-esgotamento-na-sala-de-aula\/"},"author":{"name":"DYNSEO","@id":"https:\/\/www.dynseo.com\/pt-pt\/#\/schema\/person\/78ef63df2ee64e0989bc68f8401b38d6"},"headline":"As chaves para ajudar os alunos em dificuldade a gerir a fadiga e o esgotamento na sala de aula","datePublished":"2025-07-29T22:16:40+00:00","dateModified":"2026-04-27T05:57:23+00:00","mainEntityOfPage":{"@id":"https:\/\/www.dynseo.com\/pt-pt\/as-chaves-para-ajudar-os-alunos-em-dificuldade-a-gerir-a-fadiga-e-o-esgotamento-na-sala-de-aula\/"},"wordCount":4700,"publisher":{"@id":"https:\/\/www.dynseo.com\/pt-pt\/#organization"},"image":{"@id":"https:\/\/www.dynseo.com\/pt-pt\/as-chaves-para-ajudar-os-alunos-em-dificuldade-a-gerir-a-fadiga-e-o-esgotamento-na-sala-de-aula\/#primaryimage"},"thumbnailUrl":"https:\/\/www.dynseo.com\/wp-content\/uploads\/2025\/06\/COCO-PENSE-COCO-BOUGE-periscolaire.png","articleSection":["C'est mon histoire Famille","Les conseils des coachs","Troubles DYS"],"inLanguage":"pt-PT"},{"@type":"WebPage","@id":"https:\/\/www.dynseo.com\/pt-pt\/as-chaves-para-ajudar-os-alunos-em-dificuldade-a-gerir-a-fadiga-e-o-esgotamento-na-sala-de-aula\/","url":"https:\/\/www.dynseo.com\/pt-pt\/as-chaves-para-ajudar-os-alunos-em-dificuldade-a-gerir-a-fadiga-e-o-esgotamento-na-sala-de-aula\/","name":"As chaves para ajudar os alunos em dificuldade a gerir a fadiga e o esgotamento na sala de aula - DYNSEO - Aplica\u00e7\u00f5es educativas e jogos de mem\u00f3ria","isPartOf":{"@id":"https:\/\/www.dynseo.com\/pt-pt\/#website"},"primaryImageOfPage":{"@id":"https:\/\/www.dynseo.com\/pt-pt\/as-chaves-para-ajudar-os-alunos-em-dificuldade-a-gerir-a-fadiga-e-o-esgotamento-na-sala-de-aula\/#primaryimage"},"image":{"@id":"https:\/\/www.dynseo.com\/pt-pt\/as-chaves-para-ajudar-os-alunos-em-dificuldade-a-gerir-a-fadiga-e-o-esgotamento-na-sala-de-aula\/#primaryimage"},"thumbnailUrl":"https:\/\/www.dynseo.com\/wp-content\/uploads\/2025\/06\/COCO-PENSE-COCO-BOUGE-periscolaire.png","datePublished":"2025-07-29T22:16:40+00:00","dateModified":"2026-04-27T05:57:23+00:00","breadcrumb":{"@id":"https:\/\/www.dynseo.com\/pt-pt\/as-chaves-para-ajudar-os-alunos-em-dificuldade-a-gerir-a-fadiga-e-o-esgotamento-na-sala-de-aula\/#breadcrumb"},"inLanguage":"pt-PT","potentialAction":[{"@type":"ReadAction","target":["https:\/\/www.dynseo.com\/pt-pt\/as-chaves-para-ajudar-os-alunos-em-dificuldade-a-gerir-a-fadiga-e-o-esgotamento-na-sala-de-aula\/"]}]},{"@type":"ImageObject","inLanguage":"pt-PT","@id":"https:\/\/www.dynseo.com\/pt-pt\/as-chaves-para-ajudar-os-alunos-em-dificuldade-a-gerir-a-fadiga-e-o-esgotamento-na-sala-de-aula\/#primaryimage","url":"https:\/\/www.dynseo.com\/wp-content\/uploads\/2025\/06\/COCO-PENSE-COCO-BOUGE-periscolaire.png","contentUrl":"https:\/\/www.dynseo.com\/wp-content\/uploads\/2025\/06\/COCO-PENSE-COCO-BOUGE-periscolaire.png","width":776,"height":784,"caption":"Atividades divertidas e desafiadoras para pacientes com Alzheimer"},{"@type":"BreadcrumbList","@id":"https:\/\/www.dynseo.com\/pt-pt\/as-chaves-para-ajudar-os-alunos-em-dificuldade-a-gerir-a-fadiga-e-o-esgotamento-na-sala-de-aula\/#breadcrumb","itemListElement":[{"@type":"ListItem","position":1,"name":"Accueil","item":"https:\/\/www.dynseo.com\/pt-pt\/"},{"@type":"ListItem","position":2,"name":"As chaves para ajudar os alunos em dificuldade a gerir a fadiga e o esgotamento na sala de aula"}]},{"@type":"WebSite","@id":"https:\/\/www.dynseo.com\/pt-pt\/#website","url":"https:\/\/www.dynseo.com\/pt-pt\/","name":"Jeux de m\u00e9moire et stimulation cognitive","description":"Entra\u00eenez votre m\u00e9moire et votre cerveau avec DYNSEO","publisher":{"@id":"https:\/\/www.dynseo.com\/pt-pt\/#organization"},"potentialAction":[{"@type":"SearchAction","target":{"@type":"EntryPoint","urlTemplate":"https:\/\/www.dynseo.com\/pt-pt\/?s={search_term_string}"},"query-input":{"@type":"PropertyValueSpecification","valueRequired":true,"valueName":"search_term_string"}}],"inLanguage":"pt-PT"},{"@type":"Organization","@id":"https:\/\/www.dynseo.com\/pt-pt\/#organization","name":"DYNSEO","url":"https:\/\/www.dynseo.com\/pt-pt\/","logo":{"@type":"ImageObject","inLanguage":"pt-PT","@id":"https:\/\/www.dynseo.com\/pt-pt\/#\/schema\/logo\/image\/","url":"https:\/\/www.dynseo.com\/wp-content\/uploads\/2022\/05\/logo-dynseo-new.png","contentUrl":"https:\/\/www.dynseo.com\/wp-content\/uploads\/2022\/05\/logo-dynseo-new.png","width":5073,"height":1397,"caption":"DYNSEO"},"image":{"@id":"https:\/\/www.dynseo.com\/pt-pt\/#\/schema\/logo\/image\/"}},{"@type":"Person","@id":"https:\/\/www.dynseo.com\/pt-pt\/#\/schema\/person\/78ef63df2ee64e0989bc68f8401b38d6","name":"DYNSEO","url":"https:\/\/www.dynseo.com\/pt-pt\/author\/justine\/"}]}},"_links":{"self":[{"href":"https:\/\/www.dynseo.com\/pt-pt\/wp-json\/wp\/v2\/posts\/405669","targetHints":{"allow":["GET"]}}],"collection":[{"href":"https:\/\/www.dynseo.com\/pt-pt\/wp-json\/wp\/v2\/posts"}],"about":[{"href":"https:\/\/www.dynseo.com\/pt-pt\/wp-json\/wp\/v2\/types\/post"}],"author":[{"embeddable":true,"href":"https:\/\/www.dynseo.com\/pt-pt\/wp-json\/wp\/v2\/users\/4"}],"replies":[{"embeddable":true,"href":"https:\/\/www.dynseo.com\/pt-pt\/wp-json\/wp\/v2\/comments?post=405669"}],"version-history":[{"count":22,"href":"https:\/\/www.dynseo.com\/pt-pt\/wp-json\/wp\/v2\/posts\/405669\/revisions"}],"predecessor-version":[{"id":564836,"href":"https:\/\/www.dynseo.com\/pt-pt\/wp-json\/wp\/v2\/posts\/405669\/revisions\/564836"}],"wp:featuredmedia":[{"embeddable":true,"href":"https:\/\/www.dynseo.com\/pt-pt\/wp-json\/wp\/v2\/media\/399746"}],"wp:attachment":[{"href":"https:\/\/www.dynseo.com\/pt-pt\/wp-json\/wp\/v2\/media?parent=405669"}],"wp:term":[{"taxonomy":"category","embeddable":true,"href":"https:\/\/www.dynseo.com\/pt-pt\/wp-json\/wp\/v2\/categories?post=405669"},{"taxonomy":"post_tag","embeddable":true,"href":"https:\/\/www.dynseo.com\/pt-pt\/wp-json\/wp\/v2\/tags?post=405669"}],"curies":[{"name":"wp","href":"https:\/\/api.w.org\/{rel}","templated":true}]}}